{"administration":"pref21","administration_name":"Pr\u00e9fecture de C\u00f4te-d\u2019Or","content":"PR\u00c9FET\nDE LA C\u00d4TE-D'OR\nRECUEIL DES ACTES\nADMINISTRATIFS SP\u00c9CIAL\nN\u00b021-2025-082\nPUBLI\u00c9 LE 13 JUIN 2025\nSommaire\nDirection d\u00e9partementale des territoires de la C\u00f4te-d'Or / Cellule\n\u00c9ducation routi\u00e8re\n21-2025-06-06-00003 - Arr\u00eat\u00e9 N\u00b0 806\nautorisant le renouvellement\nquinquennal de l'agr\u00e9ment permettant \u00e0 Madame TRINQUESSE\nCatherine d'exploiter un \u00e9tablissement d'enseignement, \u00e0 titre\non\u00e9reux, de  la conduite des v\u00e9hicules \u00e0 moteur et de la s\u00e9curit\u00e9\nrouti\u00e8re, \nsous le n\u00b0 E  10 021 0470 0\nd\u00e9nomm\u00e9\n\u00abSEURROISE\u00bb\nsitu\u00e9 Place du Champ de Foire \u00e0 SEURRE (3 pages) Page 4\nDirection d\u00e9partementale des territoires de la C\u00f4te-d'Or / Service de l'eau\net des risques\n21-2025-06-11-00001 - Arr\u00eat\u00e9 pr\u00e9fectoral n\u00b0 816 du 11 juin 2025\nmodifiant l'Arr\u00eat\u00e9 pr\u00e9fectoral n\u00b0 1418 du 05 septembre 2024 portant\nd\u00e9claration d'int\u00e9r\u00eat g\u00e9n\u00e9ral et r\u00e9c\u00e9piss\u00e9 de d\u00e9claration\npour des travaux relatifs \u00e0 la mise en d\u00e9fens, la restauration\nmorphologique du ruisseau des F\u00e2ches et la cr\u00e9ation d'un puits pour\nl'abreuvement du b\u00e9tail, \u00e0 AUXANT et VIC-DES-PRES. (4 pages) Page 8\nDirection d\u00e9partementale des territoires de la C\u00f4te-d'Or / Service\n\u00c9conomie Agricole et Environnement des Exploitations\n21-2025-06-11-00002 - Arr\u00eat\u00e9 pr\u00e9fectoral n\u00b0 824 relatif \u00e0 la\ncomposition de la Commission D\u00e9partementale d'Orientation de\nl'Agriculture \nde la C\u00f4te- d'Or (6 pages) Page 13\nDirection d\u00e9partementale des territoires de la C\u00f4te-d'Or / Service\nPr\u00e9servation et Am\u00e9nagement de l'Espace (SPAE)\n21-2025-06-06-00010 - Arr\u00eat\u00e9 pr\u00e9fectoral du 6 juin 2025 portant\nmodification de la composition du bureau\nde l'association fonci\u00e8re de\nremembrement\nde BEZE (2 pages) Page 20\n21-2025-06-06-00007 - Arr\u00eat\u00e9 pr\u00e9fectoral du 6 juin 2025 portant\nrenouvellement du bureau de l'association fonci\u00e8re de FAUVERNEY (2\npages) Page 23\n21-2025-06-06-00004 - Arr\u00eat\u00e9 pr\u00e9fectoral du 6 juin 2025 portant\nrenouvellement du bureau de l'association fonci\u00e8re de\nGILLY-LES-CITEAUX (2 pages) Page 26\n21-2025-06-06-00006 - Arr\u00eat\u00e9 pr\u00e9fectoral du 6 juin 2025 portant\nrenouvellement du bureau de l'association fonci\u00e8re de LAIGNES (2 pages) Page 29\n21-2025-06-06-00005 - Arr\u00eat\u00e9 pr\u00e9fectoral du 6 juin 2025 portant\nrenouvellement du bureau de l'association fonci\u00e8re de\nMONTCEAU-ET-ECHARNANT (2 pages) Page 32\n2\n21-2025-06-06-00008 - Arr\u00eat\u00e9 pr\u00e9fectoral du 6 juin 2025 portant\nrenouvellement du bureau de l'association fonci\u00e8re de SAINT-USAGE (2\npages) Page 35\n21-2025-06-06-00009 - Arr\u00eat\u00e9 pr\u00e9fectoral du 6 juin 2025 portant\nrenouvellement du bureau de l'association fonci\u00e8re de TAILLY (2 pages) Page 38\nDirection d\u00e9partementale des territoires de la C\u00f4te-d'Or / Service\nS\u00e9curit\u00e9 et Education Routi\u00e8re\n21-2025-06-06-00011 - AP 840 20250606 RAA A6 Etanch\u00e9it\u00e9 (5 pages) Page 41\nPr\u00e9fecture de la C\u00f4te-d'Or / Direction des s\u00e9curit\u00e9s\n21-2025-06-13-00001 - ARR\u00caT\u00c9 PR\u00c9FECTORAL N\u00b0 841\nportant\nautorisation de surveillance exceptionnelle sur la voie publique (2 pages) Page 47\n21-2025-06-12-00001 - Arr\u00eat\u00e9 pr\u00e9fectoral n\u00b0801 du 12 juin 2025 relatif\n\u00e0 la pr\u00e9vention des feux de for\u00eat et d'espace naturel (14 pages) Page 50\n21-2025-06-12-00003 - Arr\u00eat\u00e9 pr\u00e9fectoral n\u00b0802 portant approbation\ndes dispositions sp\u00e9cifiques de l'organisation de la r\u00e9ponse de\ns\u00e9curit\u00e9 civile (ORSEC) \u00ab\u00a0feux de for\u00eat\u00a0\u00bb de la C\u00f4te-d'Or (2\npages) Page 65\n21-2025-06-12-00004 - Arr\u00eat\u00e9 pr\u00e9fectoral N\u00b0831 autorisant la\ncaptation, l'enregistrement et la transmission d'images au moyen de\ncam\u00e9ras install\u00e9es sur des a\u00e9ronefs (2 pages) Page 68\n3\nDirection d\u00e9partementale des territoires de la\nC\u00f4te-d'Or\nCellule \u00c9ducation routi\u00e8re\n21-2025-06-06-00003\nArr\u00eat\u00e9 N\u00b0 806\nautorisant le renouvellement quinquennal de\nl'agr\u00e9ment permettant \u00e0 Madame TRINQUESSE\nCatherine d'exploiter un \u00e9tablissement\nd'enseignement, \u00e0 titre on\u00e9reux, de  la conduite\ndes v\u00e9hicules \u00e0 moteur et de la s\u00e9curit\u00e9 routi\u00e8re, \nsous le n\u00b0 E  10 021 0470 0\nd\u00e9nomm\u00e9 \u00abSEURROISE\u00bb\nsitu\u00e9 Place du Champ de Foire \u00e0 SEURRE\nDirection d\u00e9partementale des territoires de la C\u00f4te-d'Or - 21-2025-06-06-00003 - Arr\u00eat\u00e9 N\u00b0 806\nautorisant le renouvellement quinquennal de l'agr\u00e9ment permettant \u00e0 Madame TRINQUESSE Catherine d'exploiter un \u00e9tablissement\nd'enseignement, \u00e0 titre on\u00e9reux, de  la conduite des v\u00e9hicules \u00e0 moteur et de la s\u00e9curit\u00e9 routi\u00e8re, \nsous le n\u00b0 E  10 021 0470 0\nd\u00e9nomm\u00e9 \u00abSEURROISE\u00bb\nsitu\u00e9 Place du Champ de Foire \u00e0 SEURRE\n4\nExPREFETDE LACOTE-D'ORL,z'berte'Egalit\u00e9Fraternit\u00e9\nDirection d\u00e9partementale des territoires\nde la C\u00f4te-d'Or\nService de la S\u00e9curit\u00e9 et de l'\u00c9ducation Routi\u00e8re\nBureau de l'\u00c9ducation Routi\u00e8re\nT\u00e9l. : 03 80 29 42 84\nM\u00e9l : ddt-ber@cote-dor.gouv.fr     \nDijon, le 6 juin 2025\nArr\u00eat\u00e9 N\u00b0 806\nautorisant le renouvellement quinquennal de l'agr\u00e9ment permettant \u00e0 Madame\nTRINQUESSE Catherine d'exploiter un \u00e9tablissement d'enseignement, \u00e0 titre on\u00e9reux, de\nla conduite des v\u00e9hicules \u00e0 moteur et de la s\u00e9curit\u00e9 routi\u00e8re, \nsous le n\u00b0 E  10 021 0470 0\nd\u00e9nomm\u00e9 \u00abSEURROISE\u00bb\nsitu\u00e9 Place du Champ de Foire \u00e0 SEURRE\nLe pr\u00e9fet de la C\u00f4te-d'Or\nVU le code de la route, notamment ses articles L.213-1 \u00e0 R.213-9 ;\nVU l'ordonnance n\u00b0 2014-1090 du 26 septembre 2014 relative \u00e0 la mise en accessibilit\u00e9 des\n\u00e9tablissements recevant du public, des transports publics, des b\u00e2timents d'habitation et\nde la voirie pour des personnes handicap\u00e9es ;\nVU la loi n\u00b0 2015-990 du 06 ao\u00fbt 2015 pour la croissance, l'activit\u00e9 et l'\u00e9galit\u00e9 des chances\n\u00e9conomiques, et notamment son article 23 modifiant l'article L.213-1 du code de la route ;\nVU l'arr\u00eat\u00e9 du 08 janvier 2001 relatif \u00e0 l'exploitation des \u00e9tablissements d'enseignement, \u00e0\ntitre on\u00e9reux, de la conduite des v\u00e9hicules \u00e0 moteur et de la s\u00e9curit\u00e9 routi\u00e8re ;\nVU l'arr\u00eat\u00e9 du 08 janvier 2001 cr\u00e9ant un registre national de l'enseignement de la conduite\ndes v\u00e9hicules \u00e0 moteur et de la s\u00e9curit\u00e9 routi\u00e8re ;\nVU l'arr\u00eat\u00e9  pr\u00e9fectoral  n\u00b0  507  du  28  mars  2025  donnant  d\u00e9l\u00e9gation  de  signature  \u00e0\nMadame Manuelle DUPUY, Directrice D\u00e9partementale des Territoires ;\nDirection d\u00e9partementale des territoires de la C\u00f4te-d'Or\n57 rue de Mulhouse- BP 53317 - 21033 DIJON cedex\nt\u00e9l : 03 80 29 44 44 \u2013 Courriel : ddt@cote-dor.gouv.fr\nDirection d\u00e9partementale des territoires de la C\u00f4te-d'Or - 21-2025-06-06-00003 - Arr\u00eat\u00e9 N\u00b0 806\nautorisant le renouvellement quinquennal de l'agr\u00e9ment permettant \u00e0 Madame TRINQUESSE Catherine d'exploiter un \u00e9tablissement\nd'enseignement, \u00e0 titre on\u00e9reux, de  la conduite des v\u00e9hicules \u00e0 moteur et de la s\u00e9curit\u00e9 routi\u00e8re, \nsous le n\u00b0 E  10 021 0470 0\nd\u00e9nomm\u00e9 \u00abSEURROISE\u00bb\nsitu\u00e9 Place du Champ de Foire \u00e0 SEURRE\n5\n2\nVU l'arr\u00eat\u00e9 pr\u00e9fectoral  n\u00b0 512 du  7 avril 2025 portant  subd\u00e9l\u00e9gation  de  signature aux\nagents de la Direction D\u00e9partementale des Territoires de la C\u00f4te-d'Or ;\nConsid\u00e9rant la demande pr\u00e9sent\u00e9e par  Madame TRINQUESSE Catherine  en date du 19\nmai 2025 en vue du renouvellement quinquennal de son agr\u00e9ment ;\nConsid\u00e9rant que la demande remplit les conditions r\u00e9glementaires ;\nSUR proposition de la Directrice D\u00e9partementale des Territoires de la C\u00f4te-d'Or ;\nARR\u00caTE\nArticle 1er : Madame TRINQUESSE Catherine est autoris\u00e9e \u00e0 exploiter, sous le n\u00b0 E  10 021\n0470 0 un \u00e9tablissement d'enseignement, \u00e0 titre on\u00e9reux, de la conduite des v\u00e9hicules \u00e0\nmoteur et de la s\u00e9curit\u00e9 routi\u00e8re, d\u00e9nomm\u00e9 \u00ab SEURROISE\u00bb situ\u00e9 Place du Champ de Foire\n\u00e0 SEURRE .\nArticle 2  : Cet agr\u00e9ment est valable pour une dur\u00e9e de cinq ans \u00e0 compter de la date du\npr\u00e9sent  arr\u00eat\u00e9.  Sur  demande  de  l'exploitant  pr\u00e9sent\u00e9e  deux  mois  avant  la  date\nd'expiration  de  la  validit\u00e9  de  son  agr\u00e9ment,  celui-ci  sera  renouvel\u00e9  si  l'\u00e9tablissement\nremplit toutes les conditions requises.\nArticle  3 :  L'\u00e9tablissement  est  habilit\u00e9,  au  vu  des  autorisations  d'enseigner  fournies,  \u00e0\ndispenser les formations pour les cat\u00e9gories de permis suivantes : \n\u27a2 B, B1\nArticle 4 : Le pr\u00e9sent agr\u00e9ment n'est valable que pour l'exploitation d'un \u00e9tablissement, \u00e0\ntitre personnel par son titulaire, sous r\u00e9serve de l 'application des prescriptions de l'arr\u00eat\u00e9\ndu 8 janvier 2001 susvis\u00e9.\nArticle 5 : En cas de changement d'adresse ou de reprise du local par un autre exploitant,\nune  nouvelle  demande  d'agr\u00e9ment  devra  \u00eatre  pr\u00e9sent\u00e9e  deux  mois  avant  la  date  du\nchangement ou de la reprise.\nArticle 6 : Pour toute transformation du local d'activit\u00e9, tout abandon ou toute extension\nd'une  formation,  l'exploitant  est  tenu  d'adresser  une  demande  de  modification  du\npr\u00e9sent arr\u00eat\u00e9.\nArticle 7  : L'agr\u00e9ment peut \u00eatre \u00e0 tout moment suspendu ou retir\u00e9 selon les conditions\nfix\u00e9es par les articles 12 \u00e0 14 de l'arr\u00eat\u00e9 susvis\u00e9.\nDirection d\u00e9partementale des territoires de la C\u00f4te-d'Or\n57 rue de Mulhouse- BP 53317 - 21033 DIJON cedex\nt\u00e9l : 03 80 29 44 44 \u2013 Courriel : ddt@cote-dor.gouv.fr\nDirection d\u00e9partementale des territoires de la C\u00f4te-d'Or - 21-2025-06-06-00003 - Arr\u00eat\u00e9 N\u00b0 806\nautorisant le renouvellement quinquennal de l'agr\u00e9ment permettant \u00e0 Madame TRINQUESSE Catherine d'exploiter un \u00e9tablissement\nd'enseignement, \u00e0 titre on\u00e9reux, de  la conduite des v\u00e9hicules \u00e0 moteur et de la s\u00e9curit\u00e9 routi\u00e8re, \nsous le n\u00b0 E  10 021 0470 0\nd\u00e9nomm\u00e9 \u00abSEURROISE\u00bb\nsitu\u00e9 Place du Champ de Foire \u00e0 SEURRE\n6\n3\nArticle 8  : Le pr\u00e9sent agr\u00e9ment et toute d\u00e9cision affectant sa validit\u00e9 seront enregistr\u00e9s\ndans le registre national de l'enseignement de la conduite des v\u00e9hicules \u00e0 moteur et de la\ns\u00e9curit\u00e9 routi\u00e8re cr\u00e9\u00e9 par l'arr\u00eat\u00e9 du 8 janvier 2001 pr\u00e9cit\u00e9. Conform\u00e9ment \u00e0 la loi n\u00b0 78-17\ndu 6 janvier 1978 relative \u00e0 l'informatique, aux fichiers et aux libert\u00e9s, toute personne peut\nobtenir communication et, le cas \u00e9ch\u00e9ant, rectification ou suppression des informations\nla concernant, en s'adressant \u00e0 la direction d\u00e9partementale des territoires.\nArticle 9 : Si vous estimez devoir contester la pr\u00e9sente d\u00e9cision, vous pouvez former :\n\u2022 un recours gracieux aupr\u00e8s de mes services\n\u2022 un recours hi\u00e9rarchique aupr\u00e8s du ministre charg\u00e9 de la s\u00e9curit\u00e9 routi\u00e8re\n\u2022 un recours contentieux devant le tribunal administratif du lieu de votre r\u00e9sidence,\nque  vous  pouvez  saisir  au  moyen  de  l'application  informatique  t\u00e9l\u00e9recours  citoyen\naccessible par le biais du site www.telerecours.fr dans un d\u00e9lai de deux mois \u00e0 compter de\nsa notification ou de sa publication.\nLes recours administratifs doivent \u00eatre pr\u00e9sent\u00e9s dans ce m\u00eame d\u00e9lai de deux mois si vous\nsouhaitez conserver la possibilit\u00e9 de saisir ult\u00e9rieurement le juge administratif. Ces voies\nde recours n'ont pas d'effet suspensif.\nArticle 10  : La directrice d\u00e9partementale des territoires est charg\u00e9e de l'ex\u00e9cution du\npr\u00e9sent arr\u00eat\u00e9, qui sera publi\u00e9 au recueil des actes administratifs de la pr\u00e9fecture de C\u00f4te-\nd'Or, et dont copie sera adress\u00e9e \u00e0 Madame TRINQUESSE Catherine.\nFait \u00e0 Dijon, le  6 juin 2025\nLa directrice d\u00e9partementale des territoires,\nORIGINAL SIGN\u00c9\nManuelle DUPUY\nDirection d\u00e9partementale des territoires de la C\u00f4te-d'Or\n57 rue de Mulhouse- BP 53317 - 21033 DIJON cedex\nt\u00e9l : 03 80 29 44 44 \u2013 Courriel : ddt@cote-dor.gouv.fr\nDirection d\u00e9partementale des territoires de la C\u00f4te-d'Or - 21-2025-06-06-00003 - Arr\u00eat\u00e9 N\u00b0 806\nautorisant le renouvellement quinquennal de l'agr\u00e9ment permettant \u00e0 Madame TRINQUESSE Catherine d'exploiter un \u00e9tablissement\nd'enseignement, \u00e0 titre on\u00e9reux, de  la conduite des v\u00e9hicules \u00e0 moteur et de la s\u00e9curit\u00e9 routi\u00e8re, \nsous le n\u00b0 E  10 021 0470 0\nd\u00e9nomm\u00e9 \u00abSEURROISE\u00bb\nsitu\u00e9 Place du Champ de Foire \u00e0 SEURRE\n7\nDirection d\u00e9partementale des territoires de la\nC\u00f4te-d'Or\nService de l'eau et des risques\n21-2025-06-11-00001\nArr\u00eat\u00e9 pr\u00e9fectoral n\u00b0 816 du 11 juin 2025\nmodifiant l'Arr\u00eat\u00e9 pr\u00e9fectoral n\u00b0 1418 du 05\nseptembre 2024 portant d\u00e9claration d'int\u00e9r\u00eat\ng\u00e9n\u00e9ral et r\u00e9c\u00e9piss\u00e9 de d\u00e9claration pour des\ntravaux relatifs \u00e0 la mise en d\u00e9fens, la\nrestauration morphologique du ruisseau des\nF\u00e2ches et la cr\u00e9ation d'un puits pour\nl'abreuvement du b\u00e9tail, \u00e0 AUXANT et\nVIC-DES-PRES.\nDirection d\u00e9partementale des territoires de la C\u00f4te-d'Or - 21-2025-06-11-00001 - Arr\u00eat\u00e9 pr\u00e9fectoral n\u00b0 816 du 11 juin 2025 modifiant\nl'Arr\u00eat\u00e9 pr\u00e9fectoral n\u00b0 1418 du 05 septembre 2024 portant d\u00e9claration d'int\u00e9r\u00eat g\u00e9n\u00e9ral et r\u00e9c\u00e9piss\u00e9 de d\u00e9claration pour des travaux\nrelatifs \u00e0 la mise en d\u00e9fens, la restauration morphologique du ruisseau des F\u00e2ches et la cr\u00e9ation d'un puits pour l'abreuvement du\nb\u00e9tail, \u00e0 AUXANT et VIC-DES-PRES.\n8\nExPREFETDE LACOTE-D'ORL,z'bert\u00e9Egalit\u00e9Fraternit\u00e9\nDirection d\u00e9partementale des territoires\nde la C\u00f4te-d'Or\nAffaire suivie par :\nService de l'eau et des risques\nBureau police de l'eau\nT\u00e9l : 03.80.29.44.32\nm\u00e9l : ddt-ser-pe@cote-dor.gouv.fr\nArr\u00eat\u00e9 pr\u00e9fectoral \u00b0 816 du  11 juin 2025 modifiant l'arr\u00eat\u00e9 pr\u00e9fectoral n\u00b0 1418 du 05  \nseptembre 2024 portant d\u00e9claration d'int\u00e9r\u00eat g\u00e9n\u00e9ral et r\u00e9c\u00e9piss\u00e9 de d\u00e9claration pour  \ndes travaux relatifs \u00e0 la mise en d\u00e9fens, la restauration morphologique  du ruisseau des  \nF\u00e2ches et la cr\u00e9ation d'un puits pour l'abreuvement du b\u00e9tail, \u00e0 AUXANT et VIC-DES-\nPR\u00c9S \nLe pr\u00e9fet de la C\u00f4te-d'Or\nVU le code de l'environnement et notamment l'article L.151-3 ;\nVU le code rural et de la p\u00eache maritime, notamment les articles L.151-36 \u00e0 L.151-40 ;\nVU  la  loi  du  29  d\u00e9cembre  1892  relative  aux  dommages  caus\u00e9s  \u00e0  la  propri\u00e9t\u00e9  priv\u00e9e  par \nl'ex\u00e9cution des travaux publics ;\nVU le  d\u00e9cret  n\u00b0  2004-374  du  29  avril  2004  modifi\u00e9  relatif  aux  pouvoirs  des  pr\u00e9fets,  \u00e0 \nl'organisation et \u00e0 l'action des services de l'\u00c9tat dans les r\u00e9gions et d\u00e9partements ;\nVU les arr\u00eat\u00e9s pr\u00e9fectoraux du 10 octobre 1962 et du 25 septembre 1963 approuvant la liste des \ncours d'eau soumis \u00e0 la servitude de libre passage, pris en application du d\u00e9cret N\u00b0 59-96 du 7  \njanvier 1959 (bassin \"Sa\u00f4ne\" en C\u00f4te-d'Or) ;\nVU le  sch\u00e9ma  directeur  d'am\u00e9nagement  et  de  gestion  des  eaux  (SDAGE)  RH\u00d4NE  \nM\u00c9DITERRAN\u00c9E approuv\u00e9 le 21 mars 2022 ;\nVU le sch\u00e9ma d'am\u00e9nagement et de gestion des eaux (SAGE) du bassin versant de l'Ouche  \napprouv\u00e9 par arr\u00eat\u00e9 pr\u00e9fectoral du 13 d\u00e9cembre 2013 ;\nVU l'arr\u00eat\u00e9 pr\u00e9fectoral N\u00b0 507/SG du 28 mars 2025 donnant d\u00e9l\u00e9gation de signature \u00e0 Mme  \nManuelle DUPUY, directrice d\u00e9partementale des territoires de la C\u00f4te-d'Or ;\nVU l'arr\u00eat\u00e9 pr\u00e9fectoral n\u00b0 512 du 7avril 2025, portant d\u00e9l\u00e9gation de signature aux agents de la  \ndirection d\u00e9partementale des territoires de C\u00f4te-d'Or ;\nDirection d\u00e9partementale des territoires de la C\u00f4te-d'Or\n57 , rue de Mulhouse - BP 53317 - 21033 Dijon CEDEX\nT\u00e9l. : 03 80 29 44 44\nCourriel : ddt@cote-dor.gouv.fr - Site internet : \nhttp://www.cote-dor.gouv.fr\nDirection d\u00e9partementale des territoires de la C\u00f4te-d'Or - 21-2025-06-11-00001 - Arr\u00eat\u00e9 pr\u00e9fectoral n\u00b0 816 du 11 juin 2025 modifiant\nl'Arr\u00eat\u00e9 pr\u00e9fectoral n\u00b0 1418 du 05 septembre 2024 portant d\u00e9claration d'int\u00e9r\u00eat g\u00e9n\u00e9ral et r\u00e9c\u00e9piss\u00e9 de d\u00e9claration pour des travaux\nrelatifs \u00e0 la mise en d\u00e9fens, la restauration morphologique du ruisseau des F\u00e2ches et la cr\u00e9ation d'un puits pour l'abreuvement du\nb\u00e9tail, \u00e0 AUXANT et VIC-DES-PRES.\n9\nVU le dossier compl\u00e9mentaire re\u00e7u le 1 er avril 2025, pr\u00e9sent\u00e9 par le syndicat du bassin de  \nl'Ouche, relatif aux travaux de mise en d\u00e9fens au droit de la parcelle ZD 13 sur le ruisseau de  \nNavelan \u00e0 AUXANT et \u00e0 la modification de travaux sur des parcelles d\u00e9j\u00e0 identifi\u00e9es dans  \nl'arr\u00eat\u00e9 initial  ;\nVU l'envoi en phase contradictoire, au p\u00e9titionnaire, du projet d'arr\u00eat\u00e9 pr\u00e9fectoral en date du 10 \njuin 2025 et l'absence d'observations dans la r\u00e9ponse du syndicat du bassin de l'Ouche;\nCONSID\u00c9RANT que les travaux de restauration morpho-dynamique du ruisseau des F\u00e2ches et la \ncr\u00e9ation d'un puits pour l'abreuvement du b\u00e9tail \u00e0 AUXANT et  VIC-DES-PR\u00c9S, projet\u00e9s par le  \nsyndicat  du  bassin  de  l'Ouche, rentrent  dans  la  nomenclature  des  op\u00e9rations  soumises  \u00e0 \nd\u00e9claration au titre de l'article L.214-3 du code de l'environnement ;\nCONSID\u00c9RANT  que  les  travaux objets  de  la  demande  compl\u00e9mentaire  ne  modifient  pas \nsubstantiellement le projet initial et sont de nature similaire ;\nCONSID\u00c9RANT que les interventions ainsi envisag\u00e9es pr\u00e9sentent bien un caract\u00e8re d'int\u00e9r\u00eat  \ng\u00e9n\u00e9ral tant du point de vue de l'environnement que du point de vue de la protection des biens \net des personnes, visant \u00e0 contribuer au libre \u00e9coulement des eaux des cours d'eau ;\nCONSID\u00c9RANT que  les  travaux  envisag\u00e9s  n'engendreront  pas  de  risque  d'inondation  \nsuppl\u00e9mentaire ; \nCONSID\u00c9RANT que  le  pr\u00e9fet  peut  imposer  par  arr\u00eat\u00e9  toutes  prescriptions  particuli\u00e8res \nn\u00e9cessaires ; \nCONSID\u00c9RANT que les prescriptions du pr\u00e9sent arr\u00eat\u00e9 permettent de garantir une gestion  \nglobale et \u00e9quilibr\u00e9e de la ressource en eau et de pr\u00e9server les int\u00e9r\u00eats des milieux aquatiques ;\nSUR proposition de la directrice d\u00e9partementale des territoires de la C\u00f4te-d'Or ;\nARR\u00caTE\nArticle 1  er   : Objet de la demande compl\u00e9mentaire \n- nouveau secteur d'intervention     :   \nEn compl\u00e9ment des travaux de restauration sur le ruisseau des F\u00e2ches \u00e0 AUXANT et VIC-DES-\nPR\u00c9S, des travaux de mise en d\u00e9fens sur le ruisseau de Navelan affluent du ruisseau des F\u00e2ches  \nseront r\u00e9alis\u00e9s \u00e0 AUXANT sous ma\u00eetrise d'ouvrage du Syndicat du Bassin versant de l'Ouche. \nCes travaux int\u00e9ressent la parcelle ZD 13 dont le propri\u00e9taire est Mich\u00e8le Mazilly.\nPour emp\u00eacher le pi\u00e9tinement sur la source de Navelan et la petite zone humide associ\u00e9e, celle-\nci sera cl\u00f4tur\u00e9e.  Il sera donc n\u00e9cessaire d'\u00e9quiper la source d'un regard de propret\u00e9 avec une  \ncr\u00e9pine. Un tuyau alimentera une auge gravitairement.\nDirection d\u00e9partementale des territoires de la C\u00f4te-d'Or - 21-2025-06-11-00001 - Arr\u00eat\u00e9 pr\u00e9fectoral n\u00b0 816 du 11 juin 2025 modifiant\nl'Arr\u00eat\u00e9 pr\u00e9fectoral n\u00b0 1418 du 05 septembre 2024 portant d\u00e9claration d'int\u00e9r\u00eat g\u00e9n\u00e9ral et r\u00e9c\u00e9piss\u00e9 de d\u00e9claration pour des travaux\nrelatifs \u00e0 la mise en d\u00e9fens, la restauration morphologique du ruisseau des F\u00e2ches et la cr\u00e9ation d'un puits pour l'abreuvement du\nb\u00e9tail, \u00e0 AUXANT et VIC-DES-PRES.\n10\n- modifications sur les secteurs d\u00e9j\u00e0 identifi\u00e9s dans le dossier initial     :  \n A la place de l'installation d'une citerne souple aliment\u00e9e par un puits, le projet modifi\u00e9 \ncomporte la cr\u00e9ation de 2 puits \u00e9quip\u00e9s de pompes solaires et d'auges b\u00e9ton.\nLes puits seront r\u00e9alis\u00e9s sur les parcelles ZE23 et ZE24.\nUn troisi\u00e8me puits, d\u00e9j\u00e0 pr\u00e9sent sur la parcelle ZC12 ne sera qu'\u00e0 \u00e9quiper.\n- modification sur le montant des travaux     :   \nL'article 8 de l'arr\u00eat\u00e9 pr\u00e9fectoral n\u00b0 1418 du 5 septembre 2024 est modifi\u00e9 comme suit  : le  \nmontant des travaux est de 272 000 \u20ac TTC.\nLes  travaux  sont  ex\u00e9cut\u00e9s  conform\u00e9ment  au  dossier  dont  il  est  pris  acte  et  sont  d\u00e9clar\u00e9s \nd'int\u00e9r\u00eat g\u00e9n\u00e9ral en application de l'article L.211-7 du code de l'environnement.\nArticle 2 : Dur\u00e9e de validit\u00e9 de l'op\u00e9ration\nLes travaux devront \u00eatre achev\u00e9e dans un d\u00e9lai de 3 ans \u00e0 compter de la notification du pr\u00e9sent \narr\u00eat\u00e9. Pass\u00e9 ce d\u00e9lai, la pr\u00e9sente d\u00e9claration d'int\u00e9r\u00eat g\u00e9n\u00e9ral deviendra caduque.\nArticle 3     : Droits des tiers  \nLes droits des tiers sont et demeurent express\u00e9ment r\u00e9serv\u00e9s.\nArticle 4        : Publication et information des tiers  \nLe pr\u00e9sent arr\u00eat\u00e9 \u00e9num\u00e9rant notamment les motifs qui ont fond\u00e9 la d\u00e9cision ainsi que les  \nprincipales  prescriptions  auxquelles  cette  op\u00e9ration  est  soumise,  sera  affich\u00e9  pendant  une \ndur\u00e9e minimale d'un mois dans la mairie d'AUXANT.\nLe pr\u00e9sent arr\u00eat\u00e9  sera mis \u00e0 disposition du public sur le site internet des services de l'Etat en  \nC\u00f4te-d'Or http://www.cote-dor.gouv.fr pendant une dur\u00e9e d'au moins 1 mois.\nUne copie du pr\u00e9sent arr\u00eat\u00e9 sera adress\u00e9e au chef du service d\u00e9partemental de l'Office fran\u00e7ais \nde la biodiversit\u00e9, au  pr\u00e9sident de la commission locale de l'eau du bassin de l'Ouche  et au  \npr\u00e9sident de la f\u00e9d\u00e9ration d\u00e9partementale de la C\u00f4te-d'Or pour la p\u00eache et la protection du  \nmilieu aquatique.\nDirection d\u00e9partementale des territoires de la C\u00f4te-d'Or - 21-2025-06-11-00001 - Arr\u00eat\u00e9 pr\u00e9fectoral n\u00b0 816 du 11 juin 2025 modifiant\nl'Arr\u00eat\u00e9 pr\u00e9fectoral n\u00b0 1418 du 05 septembre 2024 portant d\u00e9claration d'int\u00e9r\u00eat g\u00e9n\u00e9ral et r\u00e9c\u00e9piss\u00e9 de d\u00e9claration pour des travaux\nrelatifs \u00e0 la mise en d\u00e9fens, la restauration morphologique du ruisseau des F\u00e2ches et la cr\u00e9ation d'un puits pour l'abreuvement du\nb\u00e9tail, \u00e0 AUXANT et VIC-DES-PRES.\n11\nArticle 5 : Ex\u00e9cution\nLa directrice d\u00e9partementale des territoires de C\u00f4te d'or, le pr\u00e9sident du Syndicat du bassin de  \nl'Ouche, le maire de la commune d'AUXANT, sont charg\u00e9s, chacun en ce qui le concerne, de  \nl'ex\u00e9cution du pr\u00e9sent arr\u00eat\u00e9 qui sera notifi\u00e9 au p\u00e9titionnaire et publi\u00e9 au recueil des actes  \nadministratifs de la pr\u00e9fecture de la C\u00f4te d'Or.\nUne copie de l'arr\u00eat\u00e9 sera envoy\u00e9e \u00e0 la Commission Locale de l'Eau de l'Ouche et \u00e0 l'Office  \nFran\u00e7ais de la Biodiversit\u00e9.\nFait \u00e0 DIJON, le 11 juin 2025\nLa directrice d\u00e9partementale des territoires\nPour la directrice et par d\u00e9l\u00e9gation\nLe chef du Bureau Police de l'Eau\nsign\u00e9\nSt\u00e9phane MAGNIOL\nVoies et d\u00e9lais de recours\nDans les conditions de l'article R514-3-1 du code de l'environnement, le pr\u00e9sent arr\u00eat\u00e9 est susceptible de recours  \ncontentieux  devant  le  tribunal  administratif  de  Dijon  \u2013 22,  rue  d'Assas  - BP  61616  - 21016  DIJON  CEDEX,  par  le \np\u00e9titionnaire dans un d\u00e9lai de deux mois \u00e0 compter du jour o\u00f9 la pr\u00e9sente d\u00e9cision lui a \u00e9t\u00e9 notifi\u00e9e et par les tiers dans  \nun d\u00e9lai de 2 mois \u00e0 compter de la publication ou de l'affichage de cette d\u00e9cision.\nLe tribunal administratif peut \u00eatre saisi par un recours d\u00e9pos\u00e9 via l'application T\u00e9l\u00e9recours citoyens accessible par le site  \ninternet : www.telerecours.fr\nDans  le  m\u00eame  d\u00e9lai  de  deux  mois,  le  p\u00e9titionnaire  peut  pr\u00e9senter  un  recours  gracieux.  Le  silence  gard\u00e9  par \nl'administration pendant plus deux mois sur la demande de recours gracieux emporte d\u00e9cision implicite de rejet de cette \ndemande conform\u00e9ment \u00e0 l'article R421-2 du code de justice administrative. Celui-ci prolonge le d\u00e9lai de recours  \ncontentieux qui doit \u00eatre introduit dans les deux mois suivant la r\u00e9ponse\nDirection d\u00e9partementale des territoires de la C\u00f4te-d'Or - 21-2025-06-11-00001 - Arr\u00eat\u00e9 pr\u00e9fectoral n\u00b0 816 du 11 juin 2025 modifiant\nl'Arr\u00eat\u00e9 pr\u00e9fectoral n\u00b0 1418 du 05 septembre 2024 portant d\u00e9claration d'int\u00e9r\u00eat g\u00e9n\u00e9ral et r\u00e9c\u00e9piss\u00e9 de d\u00e9claration pour des travaux\nrelatifs \u00e0 la mise en d\u00e9fens, la restauration morphologique du ruisseau des F\u00e2ches et la cr\u00e9ation d'un puits pour l'abreuvement du\nb\u00e9tail, \u00e0 AUXANT et VIC-DES-PRES.\n12\nDirection d\u00e9partementale des territoires de la\nC\u00f4te-d'Or\nService \u00c9conomie Agricole et Environnement des\nExploitations\n21-2025-06-11-00002\nArr\u00eat\u00e9 pr\u00e9fectoral n\u00b0 824 relatif \u00e0 la composition\nde la Commission D\u00e9partementale d'Orientation\nde l'Agriculture \nde la C\u00f4te- d'Or\nDirection d\u00e9partementale des territoires de la C\u00f4te-d'Or - 21-2025-06-11-00002 - Arr\u00eat\u00e9 pr\u00e9fectoral n\u00b0 824 relatif \u00e0 la composition de\nla Commission D\u00e9partementale d'Orientation de l'Agriculture \nde la C\u00f4te- d'Or\n13\nDirection d\u00e9partementale des territoires de la C\u00f4te-d'Or - 21-2025-06-11-00002 - Arr\u00eat\u00e9 pr\u00e9fectoral n\u00b0 824 relatif \u00e0 la composition de\nla Commission D\u00e9partementale d'Orientation de l'Agriculture \nde la C\u00f4te- d'Or\n14\nARRETEARTICLE 1\u00b0: La composition de la Commission D\u00e9partementale d'Orientation de l'Agriculture(CDOA), institu\u00e9e par l'article R.313-1 du Code Rural et la P\u00eache Maritime, est d\u00e9finie dans led\u00e9partement de la C\u00f4te-d'Or, suite aux propositions vis\u00e9es ci-dessus, pour une dur\u00e9e de trois ans \u00e0compter de la date de signature du pr\u00e9sent arr\u00e9t\u00e9.La CDOA est compos\u00e9e comme suit :Le Pr\u00e9fet ou son repr\u00e9sentant, pr\u00e9sident ;La pr\u00e9sidente du Conseil R\u00e9gional ou son repr\u00e9sentant;Le pr\u00e9sident du Conseil D\u00e9partemental ou son repr\u00e9sentant ;La directrice d\u00e9partementale des Territoires ou son repr\u00e9sentant ;Le directeur des Finances Publiques ou son repr\u00e9sentant ;Un pr\u00e9sident d'Etablissement Public de Coop\u00e9ration Inter-communale ou son repr\u00e9sentant :Titulaire Suppl\u00e9antsBONNET-VALLET Marie-Claire Non d\u00e9sign\u00e9s\nTrois repr\u00e9sentants de la Chambre d'Agriculture :Titulaires Suppl\u00e9antsDe LOISY Jacques COLSON BaptisteGEVREY Simon LECHENAULT ChristopheWILLERMOZ Fran\u00e7oisLOISEAU Floradont un au titre des soci\u00e9t\u00e9s coop\u00e9ratives agricoles :Titulaire Suppl\u00e9antsGUILLEMOT Jean-Pierre BORNOT M\u00e9lanieMERY BrunoLe pr\u00e9sident de la Caisse de Mutualit\u00e9 Sociale Agricole ou son repr\u00e9sentant ;Deux repr\u00e9sentants des activit\u00e9s de transformation des produits de l'agriculture,dont un repr\u00e9sentant au titre des entreprises ... agroalimentairescoop\u00e9ratives (VITAGORA) :Titulaires Suppl\u00e9antCASEAU Jean-Dominique GUEZ Pierredont un au titre des soci\u00e9t\u00e9s coop\u00e9ratives agricoles :Titulaire Suppl\u00e9antsNon d\u00e9sign\u00e9 Non d\u00e9sign\u00e9s\nddt@cote-dor.gouv.fr\nnon\n\u2022\n\u2022\n\u2022\n\u2022\u2022\u2022\u2022\u25e6\u2022\u2022\u25e6\u25e6\nDirection d\u00e9partementale des territoires de la C\u00f4te-d'Or - 21-2025-06-11-00002 - Arr\u00eat\u00e9 pr\u00e9fectoral n\u00b0 824 relatif \u00e0 la composition de\nla Commission D\u00e9partementale d'Orientation de l'Agriculture \nde la C\u00f4te- d'Or\n15\nHuit repr\u00e9sentants des organisations syndicales d'exploitants agricoles a vocation g\u00e9n\u00e9ralehabilit\u00e9es en application de l'article R.514-37 relatif \u00e0 la repr\u00e9sentation des organisations syndicalesd'exploitants agricoles au sein de certains organismes ou commissions, dont au moins unrepr\u00e9sentant de chacune d'elles :dont cinq repr\u00e9sentants de l'union la F\u00e9d\u00e9ration D\u00e9partementale des Syndicats d'ExploitantsAgricoles, Jeunes Agriculteurs et Conf\u00e9d\u00e9ration des Appellations et des Vignerons :Titulaires Suppl\u00e9antsCARRE Antoine LOIZON Jean-LucEHRET Bernard AUBRY ThibautBERTHAUT G\u00e9rard JANNIER ChristophePECHINOT Cl\u00e9ment FAUSSOT ChristopheBRET Cyril ROCHE FannyVEILLARD Aur\u00e9lienCAP J\u00e9r\u00f4meGRANSAGNES PhilippeFOUCHET AntoineBROCARD Joffreydont deux repr\u00e9sentants de la Coordination Rurale :Titulaires Suppl\u00e9antsPARISOT Bruno D'HAUTEFEUILLE R\u00e9gisGAUFFINET Simon DESFONTAINES JeanHOFFMAN Cyrildont un repr\u00e9sentant de la Conf\u00e9d\u00e9ration paysanne :Titulaire Suppl\u00e9antsFAUGEROLLE Coline GAUJARD J\u00e9r\u00f4me\nUn repr\u00e9sentant des salari\u00e9s agricoles (CFDT) :Titulaire Suppl\u00e9antsNon d\u00e9sign\u00e9 Non d\u00e9sign\u00e9s\nDeux repr\u00e9sentants de la distribution des produits agroalimentaires (CCI) :Titulaire Suppl\u00e9antREGNAULT Denis PHILIPPE Beno\u00eet\ndont un au titre du commerce ind\u00e9pendant de l'alimentation (CMA):Titulaire Suppl\u00e9antsBARD Yves Non d\u00e9sign\u00e9s\nUn repr\u00e9sentant du financement de I'agriculture (Cr\u00e9dit Agricole) :Titulaire Suppl\u00e9antsBERTRAND Philippe LEVEQUE Fran\u00e7ois-XavierSOMMANT Vincent\nddt@cote-dor.gouv.fr\n\u2022\u25e6\u25e6\u25e6\u2022\u2022\u25e6\u2022\nDirection d\u00e9partementale des territoires de la C\u00f4te-d'Or - 21-2025-06-11-00002 - Arr\u00eat\u00e9 pr\u00e9fectoral n\u00b0 824 relatif \u00e0 la composition de\nla Commission D\u00e9partementale d'Orientation de l'Agriculture \nde la C\u00f4te- d'Or\n16\nUn repr\u00e9sentant des fermiers-m\u00e9tayers :Titulaire Suppl\u00e9antsCARION Alain ROZAT PhilippePICOCHE DominiqueUn repr\u00e9sentant des propri\u00e9taires agricoles :Titulaire Suppl\u00e9antsVOISIN Andr\u00e9 BOULMIER MichelDe MAGNITOT RaoulUn repr\u00e9sentant de la propri\u00e9t\u00e9 foresti\u00e8re :Titulaire Suppl\u00e9antsNon d\u00e9sign\u00e9 Non d\u00e9sign\u00e9sDeux repr\u00e9sentants des associations agr\u00e9\u00e9es pour la protection de l'environnement :dont un au titre de la F\u00e9d\u00e9ration pour la P\u00eache et la Protection des MilieuxAquatiques :Titulaire Suppl\u00e9antsSONVICO Jean-Pierre SIBILLE BernardROGOSINSKI Andr\u00e9dont un au titre de la F\u00e9d\u00e9ration D\u00e9partementale des Chasseurs de la C\u00f4te-d'Or :Titulaire Suppl\u00e9antsSIRDEY Dominique JOBLIN Jean-LucMONNET B\u00e9atriceUn repr\u00e9sentant de l'artisanat :Titulaire Suppl\u00e9antsBARD Yves Non d\u00e9sign\u00e9s\nUn repr\u00e9sentant des consommateurs (UFC Que Choisir) :Titulaire Suppl\u00e9antsCLEMENCIN G\u00e9rard MAIREY OdetteNICOLARDOT BernardDeux personnes qualifi\u00e9es :dont un au titre de la SAFER :Titulaire Suppl\u00e9antLOIZON Jean-Luc RICHARD S\u00e9bastien\ndont un au titre de la Conf\u00e9d\u00e9ration des Appellations et des Vignerons de Bourgogne :Titulaire Suppl\u00e9antsMARTENOT Bernard KOHUT GhislainBOURGEOIS Erwan\nddt@cote-dor.gouv.fr\n\u2022\u2022\u2022\u2022\u25e6\u25e6\u2022\u2022\u2022\u25e6\u25e6\nDirection d\u00e9partementale des territoires de la C\u00f4te-d'Or - 21-2025-06-11-00002 - Arr\u00eat\u00e9 pr\u00e9fectoral n\u00b0 824 relatif \u00e0 la composition de\nla Commission D\u00e9partementale d'Orientation de l'Agriculture \nde la C\u00f4te- d'Or\n17\nun repr\u00e9sentant de l'\u00e9tablissement public du parc national situ\u00e9 pour tout ou partie dans led\u00e9partement (Parc National des For\u00eats)Titulaire Suppl\u00e9antPUYDARRIEUX Philippe LENGLET JonathanVANSTEELANT Jean-Yves\nARTICLE 2 : Sont appel\u00e9s \u00e0 participer aux travaux de la commission en qualit\u00e9 d'expert comp\u00e9tent sur lesobjets a traiter, a titre consultatif:Le directeur de la Chambre d\u00e9partementale d'agriculture de la C\u00f4te-d'Or ;Le directeur de la SAFER de la C\u00f4te-d'Or ;le pr\u00e9sident de Cerfrance \u2014 C\u00f4te-d'Or ou son repr\u00e9sentant ;le pr\u00e9sident d'AUCAP TERRAVEA ou son repr\u00e9sentant ;le pr\u00e9sident de la F\u00e9d\u00e9ration d\u00e9partementale des CUMA ou son repr\u00e9sentant;le pr\u00e9sident du GAB 21 ou son repr\u00e9sentant;Le repr\u00e9sentant de l'association nationale des soci\u00e9t\u00e9s et groupements agricoles pour I'exploitationen commun.D'autres experts pourront \u00eatre appel\u00e9s \u00e0 si\u00e9ger \u00e0 titre consultatif au besoin et en fonction des affaires \u00e0traiter.ARTICLE 3 : Une section sp\u00e9cialis\u00e9e de la commission d\u00e9partementale d'orientation de l'agriculture dite\u00ab Structures, \u00e9conomie et GAEC \u00bb est constitu\u00e9e et exerce les comp\u00e9tences d\u00e9l\u00e9gu\u00e9es par la CDOA,notamment en mati\u00e8re de d\u00e9cisions individuelles en mati\u00e8re :- les d\u00e9cisions individuelles en mati\u00e9re de structures agricoles;- les aides aux exploitants, aux exploitations, aux cultures et aux modes de production ;- les op\u00e9rations relevant de la loi de mesures d'urgence pour assurer la r\u00e9gulation du foncier au travers desstructures soci\u00e9taires ;- les dossiers relatifs au groupement agricole d'exploitation en commun (GAEC).Cette section est compos\u00e9e comme suit :Le Pr\u00e9fet ou son repr\u00e9sentant, pr\u00e9sident ;Le pr\u00e9sident du Conseil D\u00e9partemental ou son repr\u00e9sentant ;La directrice d\u00e9partementale des Territoires ou son repr\u00e9sentant ;Le directeur des Finances Publiques ou son repr\u00e9sentant ;Deux repr\u00e9sentants de la chambre d'agriculture, dont un au titre des soci\u00e9t\u00e9s coop\u00e9rativesagricoles;Le pr\u00e9sident de la caisse de mutualit\u00e9 sociale agricole ou son repr\u00e9sentant ;Huit repr\u00e9sentants des organisations syndicales d'exploitants agricoles \u00e0 vocation g\u00e9n\u00e9ralehabilit\u00e9es en application de l'article R.514-37 relatif \u00e0 la repr\u00e9sentation des organisations syndicalesd'exploitants agricoles au sein de certains organismes ou commissions, dont au moins unrepr\u00e9sentant de chacune d'elles ;Un repr\u00e9sentant du financement de l'agriculture ;Un repr\u00e9sentant des fermiers-m\u00e9tayers ;Un repr\u00e9sentant des propri\u00e9taires agricoles ;Deux personnes qualifi\u00e9es ;Le repr\u00e9sentant de l'association nationale des soci\u00e9t\u00e9s et groupements agricoles pour l'exploitationen commun ;un membre de la direction d\u00e9partementale des territoires au titre des proc\u00e9dures relatives auxGAEC.Les membres sont d\u00e9sign\u00e9s comme pr\u00e9c\u00e9demment.\nddt@cote-dor.gouv.fr\n\u2022\u2022\u2022\u2022\u2022\u2022\u2022\u2022\n\u2022\n\u2022\n\u2022\u2022\u2022\u2022\u2022\u2022\u2022\u2022\u2022\u2022\u2022\nDirection d\u00e9partementale des territoires de la C\u00f4te-d'Or - 21-2025-06-11-00002 - Arr\u00eat\u00e9 pr\u00e9fectoral n\u00b0 824 relatif \u00e0 la composition de\nla Commission D\u00e9partementale d'Orientation de l'Agriculture \nde la C\u00f4te- d'Or\n18\nARTICLE 4: Le secr\u00e9tariat de la commission d\u00e9partementale d'orientation de I'agriculture et de la sectionsp\u00e9cialis\u00e9e est assur\u00e9 par la direction d\u00e9partementale des territoires de la C\u00f4te-d'Or.ARTICLE 5 : l'arr\u00e9t\u00e9 pr\u00e9fectoral n\u00b01320 du 07 novembre 2022 relatif \u00e0 la composition de la commissiond\u00e9partementale d'orientation de l''agriculture de la C\u00f4te-d'Or modifi\u00e9 par l'arr\u00eat\u00e9 n\u00b0347 du 15 f\u00e9vrier 2024et l'arr\u00eat\u00e9 n\u00b0510 du 27 mars 2025 est abrog\u00e9.ARTICLE 6 : Le secr\u00e9taire g\u00e9n\u00e9ral de la pr\u00e9fecture de la C\u00f4te-d'Or et la directrice d\u00e9partementale desterritoires sont charg\u00e9s, chacun en ce qui le concerne, de l'ex\u00e9cution du pr\u00e9sent arr\u00eat\u00e9, qui sera publi\u00e9 aurecueil des actes administratifs de la pr\u00e9fecture de la C\u00f4te-d'Or.ARTICLE 7 : Le pr\u00e9sent arr\u00eat\u00e9 peut \u00eatre contest\u00e9 dans un d\u00e9lai de deux mois \u00e0 compter de sa publication :- Soit par un recours gracieux aupr\u00e8s de l'auteur de la d\u00e9cision ou un recours hi\u00e9rarchique aupr\u00e8s duministre charg\u00e9 de l'agriculture ;- soit par un recours contentieux devant le tribunal administratif territorialement comp\u00e9tent (Tribunaladministratif de Dijon). Les particuliers et les personnes morales de droit priv\u00e9 peuvent d\u00e9poser leurrecours aupr\u00e8s du tribunal administratif via l'application T\u00e9l\u00e9recours citoyens accessible par le site internet\nFait \u00e0 Dijon, le 11/06/2025\nLe pr\u00e9fet,\nSIGNE\nPaul MOURIER\nddt@cote-dor.gouv.fr\nwww.telerecours.fr\nDirection d\u00e9partementale des territoires de la C\u00f4te-d'Or - 21-2025-06-11-00002 - Arr\u00eat\u00e9 pr\u00e9fectoral n\u00b0 824 relatif \u00e0 la composition de\nla Commission D\u00e9partementale d'Orientation de l'Agriculture \nde la C\u00f4te- d'Or\n19\nDirection d\u00e9partementale des territoires de la\nC\u00f4te-d'Or\nService Pr\u00e9servation et Am\u00e9nagement de\nl'Espace (SPAE)\n21-2025-06-06-00010\nArr\u00eat\u00e9 pr\u00e9fectoral du 6 juin 2025 portant\nmodification de la composition du bureau\nde l'association fonci\u00e8re de remembrement\nde BEZE\nDirection d\u00e9partementale des territoires de la C\u00f4te-d'Or - 21-2025-06-06-00010 - Arr\u00eat\u00e9 pr\u00e9fectoral du 6 juin 2025 portant\nmodification de la composition du bureau\nde l'association fonci\u00e8re de remembrement\nde BEZE\n20\nExPREFETDE LACOTE-D'ORL,z'bert\u00e9Egalit\u00e9Fraternit\u00e9\nDirection d\u00e9partementale des territoires\nde la C\u00f4te-d'Or\nArr\u00eat\u00e9 pr\u00e9fectoral du 6 juin 2025\nportant modification de la composition du bureau\nde l'association fonci\u00e8re de remembrement\nde BEZE\nLe Pr\u00e9fet de la C\u00f4te-d'Or\nVU le code rural et de la p\u00eache maritime, notamment ses articles L121-1 \u00e0 L121-26 ; L123-1 \u00e0 \nL123-35 ; L131-1 et L133-1 \u00e0 L133-7 ; R131-1 et R133-1 \u00e0 R133-15 ;\nVU  l'arr\u00eat\u00e9  pr\u00e9fectoral  du  8  janvier  1973  relatif  \u00e0  la  constitution  d'une  l'association  \nfonci\u00e8re dans la commune de BEZE ;\nVU  l'arr\u00eat\u00e9 pr\u00e9fectoral du 11 f\u00e9vrier 2022 dernier en date portant renouvellement du  \nbureau de l'association fonci\u00e8re de BEZE ;\nVU l'arr\u00eat\u00e9 n\u00b0 507 / SG du 28 mars 2025 donnant d\u00e9l\u00e9gation de signature \u00e0 Mme  Manuelle \nDUPUY directrice d\u00e9partementale des territoires de la C\u00f4te-d'Or ;\nVU l'arr\u00eat\u00e9 pr\u00e9fectoral n\u00b0 512 du 7 avril 2025 portant d\u00e9l\u00e9gation de signature aux agents de \nla direction d\u00e9partementale de la C\u00f4te-d'Or ;\nVU le  courrier  du  pr\u00e9sident  de  la  chambre  d'agriculture  en  date  du  26  janvier  2022  \nproposant de d\u00e9signer M. Jean DUMONT membre du bureau de l'association fonci\u00e8re de  \nBEZE ;\nVU le courrier de d\u00e9mission de M. Jean DUMONT du 10 f\u00e9vrier 2025 ;\nVU le courrier du pr\u00e9sident de la chambre d'agriculture en date du 23 mai 2025 proposant \nde d\u00e9signer M. Alex HEMERY membre du bureau de l'association fonci\u00e8re de BEZE, en  \nremplacement de M. Jean DUMONT d\u00e9missionnaire ;\nSUR proposition de la directrice d\u00e9partementale des territoires ;\nA R R \u00ca T E\n1\nDirection d\u00e9partementale des territoires de la C\u00f4te-d'Or\n57 , rue de Mulhouse - BP 53317 - 21033 Dijon CEDEX\nT\u00e9l. : 03 80 29 44 44\nCourriel : ddt@cote-dor.gouv.fr - Site internet : \nhttp://www.cote-dor.gouv.fr\nDirection d\u00e9partementale des territoires de la C\u00f4te-d'Or - 21-2025-06-06-00010 - Arr\u00eat\u00e9 pr\u00e9fectoral du 6 juin 2025 portant\nmodification de la composition du bureau\nde l'association fonci\u00e8re de remembrement\nde BEZE\n21\nARTICLE 1  er   : \nM.  Alex  HEMERY  est  nomm\u00e9  membre  du  bureau  de  l'association  fonci\u00e8re  de  \nremembrement de BEZE en remplacement de M. Jean DUMONT pour la dur\u00e9e du mandat  \ndu bureau restant \u00e0 courir .\nARTICLE 2     :  \nCette d\u00e9cision peut \u00eatre contest\u00e9e devant le tribunal administratif de Dijon dans un d\u00e9lai  \nde 2 mois \u00e0 compter de sa publication.\nARTICLE 3 : \nLa directrice d\u00e9partementale des territoires de la C\u00f4te-d'Or, le pr\u00e9sident de l'association  \nfonci\u00e8re de BEZE et le maire de la commune de BEZE, sont charg\u00e9s, chacun en ce qui le  \nconcerne, de l'ex\u00e9cution des dispositions du pr\u00e9sent arr\u00eat\u00e9 qui sera publi\u00e9 au recueil des  \nactes  administratifs  de  la  pr\u00e9fecture,  notifi\u00e9  \u00e0  chacun  des  membres  de  l'association  \nfonci\u00e8re et affich\u00e9 dans la commune de BEZE.\nFait \u00e0 Dijon, le 6 juin 2025\nPour le pr\u00e9fet et par d\u00e9l\u00e9gation,\nPour la directrice d\u00e9partementale,\nle responsable du bureau nature, \nsites et \u00e9nergies renouvelables,\nSign\u00e9 : Laurent TISNE\n2\nDirection d\u00e9partementale des territoires de la C\u00f4te-d'Or - 21-2025-06-06-00010 - Arr\u00eat\u00e9 pr\u00e9fectoral du 6 juin 2025 portant\nmodification de la composition du bureau\nde l'association fonci\u00e8re de remembrement\nde BEZE\n22\nDirection d\u00e9partementale des territoires de la\nC\u00f4te-d'Or\nService Pr\u00e9servation et Am\u00e9nagement de\nl'Espace (SPAE)\n21-2025-06-06-00007\nArr\u00eat\u00e9 pr\u00e9fectoral du 6 juin 2025 portant\nrenouvellement du bureau de l'association\nfonci\u00e8re de FAUVERNEY\nDirection d\u00e9partementale des territoires de la C\u00f4te-d'Or - 21-2025-06-06-00007 - Arr\u00eat\u00e9 pr\u00e9fectoral du 6 juin 2025 portant\nrenouvellement du bureau de l'association fonci\u00e8re de FAUVERNEY 23\nExPREFETDE LACOTE-D'ORL,z'bert\u00e9Egalit\u00e9Fraternit\u00e9\nDirection d\u00e9partementale des territoires\nde la C\u00f4te-d'Or\nArr\u00eat\u00e9 pr\u00e9fectoral du 6 juin 2025\nportant renouvellement du bureau de l'association fonci\u00e8re \nde FAUVERNEY\nLe Pr\u00e9fet de la C\u00f4te-d'Or\nVU le code rural et de la p\u00eache maritime, notamment ses articles L121-1 \u00e0 L121-26 ; L123-1 \u00e0 \nL123-35 ; L131-1 et L133-1 \u00e0 L133-7 ; R131-1 et R133-1 \u00e0 R133-15 ;\nVU  l'arr\u00eat\u00e9 pr\u00e9fectoral du 5 novembre 1952 relatif \u00e0 la constitution d'une l'association  \nfonci\u00e8re dans la commune de FAUVERNEY ;\nVU l'arr\u00eat\u00e9 pr\u00e9fectoral du 17 avril 2018 dernier en date portant renouvellement du bureau  \nde l'association fonci\u00e8re de FAUVERNEY ;\nVU l'arr\u00eat\u00e9 n\u00b0 507 / SG du 28 mars 2025 donnant d\u00e9l\u00e9gation de signature \u00e0 Mme  Manuelle \nDUPUY directrice d\u00e9partementale des territoires de la C\u00f4te-d'Or ;\nVU l'arr\u00eat\u00e9 pr\u00e9fectoral n\u00b0 512 du 7 avril 2025 portant d\u00e9l\u00e9gation de signature aux agents de \nla direction d\u00e9partementale de la C\u00f4te-d'Or ;\nVU la d\u00e9lib\u00e9ration du conseil municipal en date du 18 f\u00e9vrier  2025 d\u00e9signant la moiti\u00e9 des \nmembres appel\u00e9s \u00e0 faire partie du nouveau bureau ;\nVU le courrier du pr\u00e9sident de la chambre d'agriculture en date du 22 avril 2025 d\u00e9signant \nl'autre moiti\u00e9 des membres ;\nSUR proposition de la directrice d\u00e9partementale des territoires ;\nA R R \u00ca T E\n1\nDirection d\u00e9partementale des territoires de la C\u00f4te-d'Or\n57 , rue de Mulhouse - BP 53317 - 21033 Dijon CEDEX\nT\u00e9l. : 03 80 29 44 44\nCourriel : ddt@cote-dor.gouv.fr - Site internet : \nhttp://www.cote-dor.gouv.fr\nDirection d\u00e9partementale des territoires de la C\u00f4te-d'Or - 21-2025-06-06-00007 - Arr\u00eat\u00e9 pr\u00e9fectoral du 6 juin 2025 portant\nrenouvellement du bureau de l'association fonci\u00e8re de FAUVERNEY 24\nARTICLE 1  er   : \nSont nomm\u00e9s membres du bureau de l'association fonci\u00e8re de FAUVERNEY pour une  \np\u00e9riode de six ans:\n* le maire de la commune ou un conseiller municipal d\u00e9sign\u00e9 par lui ;\n* les propri\u00e9taires dont les noms suivent\nd\u00e9sign\u00e9s par le conseil municipal d\u00e9sign\u00e9s par la chambre d'agriculture\nM. Benjamin BONIN M. Jean-Baptiste BERNARD\nM. Pascal CHADOEUF M. Philippe GOULU\nM. Alain PIMET M. Philippe CORNEMILLOT\nM. Beno\u00eet FRANET M. Bernard PAUTET\nM. Eric GOULU M. Fr\u00e9d\u00e9ric POULLEAU\nM. Christophe POULLEAU M. Claude QUILLARDET\n* la directrice d\u00e9partementale des territoires de la C\u00f4te-d'Or ou son repr\u00e9sentant, avec  \nvoix consultative.\nARTICLE 2     :  \nLe bureau \u00e9lira en son sein le pr\u00e9sident charg\u00e9 de l'ex\u00e9cution de ses d\u00e9lib\u00e9rations ainsi que \nle vice-pr\u00e9sident et le secr\u00e9taire.\nARTICLE 3     :\nCette d\u00e9cision peut \u00eatre contest\u00e9e devant le tribunal administratif de Dijon dans un d\u00e9lai  \nde 2 mois \u00e0 compter de sa publication.\nARTICLE 4 : \nLa directrice d\u00e9partementale des territoires de la C\u00f4te-d'Or, le pr\u00e9sident de l'association  \nfonci\u00e8re de FAUVERNEY et le maire de la commune de FAUVERNEY, sont charg\u00e9s, chacun  \nen ce qui le concerne, de l'ex\u00e9cution des dispositions du pr\u00e9sent arr\u00eat\u00e9 qui sera publi\u00e9 au  \nrecueil  des  actes  administratifs  de  la  pr\u00e9fecture,  notifi\u00e9  \u00e0  chacun  des  membres  de  \nl'association fonci\u00e8re et affich\u00e9 dans la commune de FAUVERNEY.\nFait \u00e0 Dijon, le 6 juin 2025\nPour le pr\u00e9fet et par d\u00e9l\u00e9gation,\nPour la directrice d\u00e9partementale,\nle responsable du bureau nature, \nsites et \u00e9nergies renouvelables,\nSign\u00e9 : Laurent TISNE\n2\nDirection d\u00e9partementale des territoires de la C\u00f4te-d'Or - 21-2025-06-06-00007 - Arr\u00eat\u00e9 pr\u00e9fectoral du 6 juin 2025 portant\nrenouvellement du bureau de l'association fonci\u00e8re de FAUVERNEY 25\nDirection d\u00e9partementale des territoires de la\nC\u00f4te-d'Or\nService Pr\u00e9servation et Am\u00e9nagement de\nl'Espace (SPAE)\n21-2025-06-06-00004\nArr\u00eat\u00e9 pr\u00e9fectoral du 6 juin 2025 portant\nrenouvellement du bureau de l'association\nfonci\u00e8re de GILLY-LES-CITEAUX\nDirection d\u00e9partementale des territoires de la C\u00f4te-d'Or - 21-2025-06-06-00004 - Arr\u00eat\u00e9 pr\u00e9fectoral du 6 juin 2025 portant\nrenouvellement du bureau de l'association fonci\u00e8re de GILLY-LES-CITEAUX 26\nExPREFETDE LACOTE-D'ORL,z'bert\u00e9Egalit\u00e9Fraternit\u00e9\nDirection d\u00e9partementale des territoires\nde la C\u00f4te-d'Or\nArr\u00eat\u00e9 pr\u00e9fectoral du 6 juin 2025\nportant renouvellement du bureau de l'association fonci\u00e8re \nde GILLY-LES-CITEAUX\nLe Pr\u00e9fet de la C\u00f4te-d'Or\nVU le code rural et de la p\u00eache maritime, notamment ses articles L121-1 \u00e0 L121-26 ; L123-1 \u00e0 \nL123-35 ; L131-1 et L133-1 \u00e0 L133-7 ; R131-1 et R133-1 \u00e0 R133-15 ;\nVU  l'arr\u00eat\u00e9  pr\u00e9fectoral  n\u00b0  272  DDA  du  4  juin  1974  relatif  \u00e0  la  constitution  d'une  \nl'association fonci\u00e8re dans la commune de GILLY-LES-CITEAUX ;\nVU l'arr\u00eat\u00e9 pr\u00e9fectoral du 2 septembre 2019 dernier en date portant renouvellement du  \nbureau de l'association fonci\u00e8re de GILLY-LES-CITEAUX ;\nVU l'arr\u00eat\u00e9 n\u00b0 507 / SG du 28 mars 2025 donnant d\u00e9l\u00e9gation de signature \u00e0 Mme  Manuelle \nDUPUY directrice d\u00e9partementale des territoires de la C\u00f4te-d'Or ;\nVU l'arr\u00eat\u00e9 pr\u00e9fectoral n\u00b0 512 du 7 avril 2025 portant d\u00e9l\u00e9gation de signature aux agents de \nla direction d\u00e9partementale de la C\u00f4te-d'Or ;\nVU la d\u00e9lib\u00e9ration du conseil municipal en date du 13 mars  2025 d\u00e9signant la moiti\u00e9 des  \nmembres appel\u00e9s \u00e0 faire partie du nouveau bureau ;\nVU le courrier du pr\u00e9sident de la chambre d'agriculture en date du 22 avril 2025 d\u00e9signant \nl'autre moiti\u00e9 des membres ;\nSUR proposition de la directrice d\u00e9partementale des territoires ;\nA R R \u00ca T E\n1\nDirection d\u00e9partementale des territoires de la C\u00f4te-d'Or\n57 , rue de Mulhouse - BP 53317 - 21033 Dijon CEDEX\nT\u00e9l. : 03 80 29 44 44\nCourriel : ddt@cote-dor.gouv.fr - Site internet : \nhttp://www.cote-dor.gouv.fr\nDirection d\u00e9partementale des territoires de la C\u00f4te-d'Or - 21-2025-06-06-00004 - Arr\u00eat\u00e9 pr\u00e9fectoral du 6 juin 2025 portant\nrenouvellement du bureau de l'association fonci\u00e8re de GILLY-LES-CITEAUX 27\nARTICLE 1  er   : \nSont nomm\u00e9s membres du bureau de l'association fonci\u00e8re de GILLY-LES-CITEAUX pour  \nune p\u00e9riode de six ans \u00e0 compter du 2 septembre 2025:\n* le maire de la commune ou un conseiller municipal d\u00e9sign\u00e9 par lui ;\n* les propri\u00e9taires dont les noms suivent\nd\u00e9sign\u00e9s par le conseil municipal d\u00e9sign\u00e9s par la chambre d'agriculture\nM. Pascal GUILLOT Mme C\u00e9line GIBOURG\nM. Bernard MUNIER Mme Nadia BAVARD-GIBOURG\nM. Roland THIBAULT M. Laurent SEGUIN\nM. Herv\u00e9 BIETRY M. Jean-Fran\u00e7ois COLLARDOT\n* la directrice d\u00e9partementale des territoires de la C\u00f4te-d'Or ou son repr\u00e9sentant, avec  \nvoix consultative.\nARTICLE 2     :   \nLe bureau \u00e9lira en son sein le pr\u00e9sident charg\u00e9 de l'ex\u00e9cution de ses d\u00e9lib\u00e9rations ainsi que \nle vice-pr\u00e9sident et le secr\u00e9taire.\nARTICLE 3     : \nCette d\u00e9cision peut \u00eatre contest\u00e9e devant le tribunal administratif de Dijon dans un d\u00e9lai  \nde 2 mois \u00e0 compter de sa publication.\nARTICLE 4 : \nLa directrice d\u00e9partementale des territoires de la C\u00f4te-d'Or, le pr\u00e9sident de l'association  \nfonci\u00e8re de GILLY-LES-CITEAUX et le maire de la commune de GILLY-LES-CITEAUX, sont  \ncharg\u00e9s, chacun en ce qui le concerne, de l'ex\u00e9cution des dispositions du pr\u00e9sent arr\u00eat\u00e9  \nqui sera publi\u00e9 au recueil des actes administratifs de la pr\u00e9fecture, notifi\u00e9 \u00e0 chacun des  \nmembres de l'association fonci\u00e8re et affich\u00e9 dans la commune de GILLY-LES-CITEAUX.\nFait \u00e0 Dijon, le 6 juin 2025\nPour le pr\u00e9fet et par d\u00e9l\u00e9gation,\nPour la directrice d\u00e9partementale,\nle responsable du bureau nature, \nsites et \u00e9nergies renouvelables,\nSign\u00e9 : Laurent TISNE\n2\nDirection d\u00e9partementale des territoires de la C\u00f4te-d'Or - 21-2025-06-06-00004 - Arr\u00eat\u00e9 pr\u00e9fectoral du 6 juin 2025 portant\nrenouvellement du bureau de l'association fonci\u00e8re de GILLY-LES-CITEAUX 28\nDirection d\u00e9partementale des territoires de la\nC\u00f4te-d'Or\nService Pr\u00e9servation et Am\u00e9nagement de\nl'Espace (SPAE)\n21-2025-06-06-00006\nArr\u00eat\u00e9 pr\u00e9fectoral du 6 juin 2025 portant\nrenouvellement du bureau de l'association\nfonci\u00e8re de LAIGNES\nDirection d\u00e9partementale des territoires de la C\u00f4te-d'Or - 21-2025-06-06-00006 - Arr\u00eat\u00e9 pr\u00e9fectoral du 6 juin 2025 portant\nrenouvellement du bureau de l'association fonci\u00e8re de LAIGNES 29\nExPREFETDE LACOTE-D'ORL,z'bert\u00e9Egalit\u00e9Fraternit\u00e9\nDirection d\u00e9partementale des territoires\nde la C\u00f4te-d'Or\nArr\u00eat\u00e9 pr\u00e9fectoral du 6 juin 2025\nportant renouvellement du bureau de l'association fonci\u00e8re \nde LAIGNES\nLe Pr\u00e9fet de la C\u00f4te-d'Or\nVU le code rural et de la p\u00eache maritime, notamment ses articles L121-1 \u00e0 L121-26 ; L123-1 \u00e0 \nL123-35 ; L131-1 et L133-1 \u00e0 L133-7 ; R131-1 et R133-1 \u00e0 R133-15 ;\nVU l'arr\u00eat\u00e9 pr\u00e9fectoral du 23 ao\u00fbt 1955 relatif \u00e0 la constitution d'une l'association fonci\u00e8re \ndans la commune de LAIGNES ;\nVU l'arr\u00eat\u00e9 pr\u00e9fectoral du 8 avril 2019 dernier en date portant renouvellement du bureau  \nde l'association fonci\u00e8re de LAIGNES ;\nVU l'arr\u00eat\u00e9 n\u00b0 507 / SG du 28 mars 2025 donnant d\u00e9l\u00e9gation de signature \u00e0 Mme  Manuelle \nDUPUY directrice d\u00e9partementale des territoires de la C\u00f4te-d'Or ;\nVU l'arr\u00eat\u00e9 pr\u00e9fectoral n\u00b0 512 du 7 avril 2025 portant d\u00e9l\u00e9gation de signature aux agents de \nla direction d\u00e9partementale de la C\u00f4te-d'Or ;\nVU la d\u00e9lib\u00e9ration du conseil municipal en date du 28 f\u00e9vrier  2025 d\u00e9signant la moiti\u00e9 des \nmembres appel\u00e9s \u00e0 faire partie du nouveau bureau ;\nVU le courrier du pr\u00e9sident de la chambre d'agriculture en date du 22 avril 2025 d\u00e9signant \nl'autre moiti\u00e9 des membres ;\nSUR proposition de la directrice d\u00e9partementale des territoires ;\nA R R \u00ca T E\n1\nDirection d\u00e9partementale des territoires de la C\u00f4te-d'Or\n57 , rue de Mulhouse - BP 53317 - 21033 Dijon CEDEX\nT\u00e9l. : 03 80 29 44 44\nCourriel : ddt@cote-dor.gouv.fr - Site internet : \nhttp://www.cote-dor.gouv.fr\nDirection d\u00e9partementale des territoires de la C\u00f4te-d'Or - 21-2025-06-06-00006 - Arr\u00eat\u00e9 pr\u00e9fectoral du 6 juin 2025 portant\nrenouvellement du bureau de l'association fonci\u00e8re de LAIGNES 30\nARTICLE 1  er   : \nSont nomm\u00e9s membres du bureau de l'association fonci\u00e8re de LAIGNES pour une p\u00e9riode  \nde six ans:\n* le maire de la commune ou un conseiller municipal d\u00e9sign\u00e9 par lui ;\n* les propri\u00e9taires dont les noms suivent\nd\u00e9sign\u00e9s par le conseil municipal d\u00e9sign\u00e9s par la chambre d'agriculture\nM. Denis SALOMON M. Jean-Marie PRINCEN\nM. Philippe FOSSEPREZ M. Michel PHILIPS\nM. Philippe BLANDIN M. Didier PHILIPS\nM. Patrick DUTARTRE M. Romain LIGER\n* la directrice d\u00e9partementale des territoires de la C\u00f4te-d'Or ou son repr\u00e9sentant, avec  \nvoix consultative.\nARTICLE 2     :  \nLe bureau \u00e9lira en son sein le pr\u00e9sident charg\u00e9 de l'ex\u00e9cution de ses d\u00e9lib\u00e9rations ainsi que \nle vice-pr\u00e9sident et le secr\u00e9taire.\nARTICLE 3     :\nCette d\u00e9cision peut \u00eatre contest\u00e9e devant le tribunal administratif de Dijon dans un d\u00e9lai  \nde 2 mois \u00e0 compter de sa publication.\nARTICLE 4 : \nLa directrice d\u00e9partementale des territoires de la C\u00f4te-d'Or, le pr\u00e9sident de l'association  \nfonci\u00e8re de LAIGNES et le maire de la commune de LAIGNES, sont charg\u00e9s, chacun en ce  \nqui le concerne, de l'ex\u00e9cution des dispositions du pr\u00e9sent arr\u00eat\u00e9 qui sera publi\u00e9 au recueil \ndes actes administratifs de la pr\u00e9fecture, notifi\u00e9 \u00e0 chacun des membres de l'association  \nfonci\u00e8re et affich\u00e9 dans la commune de LAIGNES.\nFait \u00e0 Dijon, le 6 juin 2025\nPour le pr\u00e9fet et par d\u00e9l\u00e9gation,\nPour la directrice d\u00e9partementale,\nle responsable du bureau nature, \nsites et \u00e9nergies renouvelables,\nSign\u00e9 : Laurent TISNE\n2\nDirection d\u00e9partementale des territoires de la C\u00f4te-d'Or - 21-2025-06-06-00006 - Arr\u00eat\u00e9 pr\u00e9fectoral du 6 juin 2025 portant\nrenouvellement du bureau de l'association fonci\u00e8re de LAIGNES 31\nDirection d\u00e9partementale des territoires de la\nC\u00f4te-d'Or\nService Pr\u00e9servation et Am\u00e9nagement de\nl'Espace (SPAE)\n21-2025-06-06-00005\nArr\u00eat\u00e9 pr\u00e9fectoral du 6 juin 2025 portant\nrenouvellement du bureau de l'association\nfonci\u00e8re de MONTCEAU-ET-ECHARNANT\nDirection d\u00e9partementale des territoires de la C\u00f4te-d'Or - 21-2025-06-06-00005 - Arr\u00eat\u00e9 pr\u00e9fectoral du 6 juin 2025 portant\nrenouvellement du bureau de l'association fonci\u00e8re de MONTCEAU-ET-ECHARNANT 32\nExPREFETDE LACOTE-D'ORL,z'bert\u00e9Egalit\u00e9Fraternit\u00e9\nDirection d\u00e9partementale des territoires\nde la C\u00f4te-d'Or\nArr\u00eat\u00e9 pr\u00e9fectoral du 6 juin 2025\nportant renouvellement du bureau de l'association fonci\u00e8re \nde MONTCEAU-ET-ECHARNANT\nLe Pr\u00e9fet de la C\u00f4te-d'Or\nVU le code rural et de la p\u00eache maritime, notamment ses articles L121-1 \u00e0 L121-26 ; L123-1 \u00e0 \nL123-35 ; L131-1 et L133-1 \u00e0 L133-7 ; R131-1 et R133-1 \u00e0 R133-15 ;\nVU  l'arr\u00eat\u00e9  pr\u00e9fectoral  n\u00b0  60  DDA  du  14  f\u00e9vrier  1985  relatif  \u00e0  la  constitution  d'une  \nl'association fonci\u00e8re dans la commune de MONTCEAU-ET-ECHARNANT ;\nVU l'arr\u00eat\u00e9 pr\u00e9fectoral du 18 septembre 2019 dernier en date portant renouvellement du  \nbureau de l'association fonci\u00e8re de MONTCEAU-ET-ECHARNANT ;\nVU l'arr\u00eat\u00e9 n\u00b0 507 / SG du 28 mars 2025 donnant d\u00e9l\u00e9gation de signature \u00e0 Mme  Manuelle \nDUPUY directrice d\u00e9partementale des territoires de la C\u00f4te-d'Or ;\nVU l'arr\u00eat\u00e9 pr\u00e9fectoral n\u00b0 512 du 7 avril 2025 portant d\u00e9l\u00e9gation de signature aux agents de \nla direction d\u00e9partementale de la C\u00f4te-d'Or ;\nVU la d\u00e9lib\u00e9ration du conseil municipal en date du 8 avril  2025 d\u00e9signant la moiti\u00e9 des  \nmembres appel\u00e9s \u00e0 faire partie du nouveau bureau ;\nVU le courrier du pr\u00e9sident de la chambre d'agriculture en date du 22 avril 2025 d\u00e9signant \nl'autre moiti\u00e9 des membres ;\nSUR proposition de la directrice d\u00e9partementale des territoires ;\nA R R \u00ca T E\n1\nDirection d\u00e9partementale des territoires de la C\u00f4te-d'Or\n57 , rue de Mulhouse - BP 53317 - 21033 Dijon CEDEX\nT\u00e9l. : 03 80 29 44 44\nCourriel : ddt@cote-dor.gouv.fr - Site internet : \nhttp://www.cote-dor.gouv.fr\nDirection d\u00e9partementale des territoires de la C\u00f4te-d'Or - 21-2025-06-06-00005 - Arr\u00eat\u00e9 pr\u00e9fectoral du 6 juin 2025 portant\nrenouvellement du bureau de l'association fonci\u00e8re de MONTCEAU-ET-ECHARNANT 33\nARTICLE 1  er   : \nSont  nomm\u00e9s  membres  du  bureau  de  l'association  fonci\u00e8re  de  MONTCEAU-ET-\nECHARNANT pour une p\u00e9riode de six ans \u00e0 compter du 18 septembre 2025:\n* le maire de la commune ou un conseiller municipal d\u00e9sign\u00e9 par lui ;\n* les propri\u00e9taires dont les noms suivent\nd\u00e9sign\u00e9s par le conseil municipal d\u00e9sign\u00e9s par la chambre d'agriculture\nM. Fr\u00e9d\u00e9ric LEPRINCE M. Yves CHATAIN\nM. Maurice MACHURET M. Julien DEVELLE\nM. Jean-Louis MARIE M. Cyril JACOTOT\nM. Fran\u00e7ois MILLE M. Bernard LAGRANGE\nM. No\u00ebl PLANSON M. Roger LARCHER\nM. Bruno PITOIZET M. Pierre LARGY\n* la directrice d\u00e9partementale des territoires de la C\u00f4te-d'Or ou son repr\u00e9sentant, avec  \nvoix consultative.\nARTICLE 2     :  \nLe bureau \u00e9lira en son sein le pr\u00e9sident charg\u00e9 de l'ex\u00e9cution de ses d\u00e9lib\u00e9rations ainsi que \nle vice-pr\u00e9sident et le secr\u00e9taire.\nARTICLE 3     :\nCette d\u00e9cision peut \u00eatre contest\u00e9e devant le tribunal administratif de Dijon dans un d\u00e9lai  \nde 2 mois \u00e0 compter de sa publication.\nARTICLE 4 : \nLa directrice d\u00e9partementale des territoires de la C\u00f4te-d'Or, le pr\u00e9sident de l'association  \nfonci\u00e8re de MONTCEAU-ET-ECHARNANT et le maire de la commune de MONTCEAU-ET-\nECHARNANT, sont charg\u00e9s, chacun en ce qui le concerne, de l'ex\u00e9cution des dispositions  \ndu pr\u00e9sent arr\u00eat\u00e9 qui sera publi\u00e9 au recueil des actes administratifs de la pr\u00e9fecture,  \nnotifi\u00e9 \u00e0 chacun des membres de l'association fonci\u00e8re et affich\u00e9 dans la commune de  \nMONTCEAU-ET-ECHARNANT.\nFait \u00e0 Dijon, le 6 juin 2025\nPour le pr\u00e9fet et par d\u00e9l\u00e9gation,\nPour la directrice d\u00e9partementale,\nle responsable du bureau nature, \nsites et \u00e9nergies renouvelables,\nSign\u00e9 : Laurent TISNE\n2\nDirection d\u00e9partementale des territoires de la C\u00f4te-d'Or - 21-2025-06-06-00005 - Arr\u00eat\u00e9 pr\u00e9fectoral du 6 juin 2025 portant\nrenouvellement du bureau de l'association fonci\u00e8re de MONTCEAU-ET-ECHARNANT 34\nDirection d\u00e9partementale des territoires de la\nC\u00f4te-d'Or\nService Pr\u00e9servation et Am\u00e9nagement de\nl'Espace (SPAE)\n21-2025-06-06-00008\nArr\u00eat\u00e9 pr\u00e9fectoral du 6 juin 2025 portant\nrenouvellement du bureau de l'association\nfonci\u00e8re de SAINT-USAGE\nDirection d\u00e9partementale des territoires de la C\u00f4te-d'Or - 21-2025-06-06-00008 - Arr\u00eat\u00e9 pr\u00e9fectoral du 6 juin 2025 portant\nrenouvellement du bureau de l'association fonci\u00e8re de SAINT-USAGE 35\nExPREFETDE LACOTE-D'ORL,z'bert\u00e9Egalit\u00e9Fraternit\u00e9\nDirection d\u00e9partementale des territoires\nde la C\u00f4te-d'Or\nArr\u00eat\u00e9 pr\u00e9fectoral du 6 juin 2025\nportant renouvellement du bureau de l'association fonci\u00e8re \nde SAINT-USAGE\nLe Pr\u00e9fet de la C\u00f4te-d'Or\nVU le code rural et de la p\u00eache maritime, notamment ses articles L121-1 \u00e0 L121-26 ; L123-1 \u00e0 \nL123-35 ; L131-1 et L133-1 \u00e0 L133-7 ; R131-1 et R133-1 \u00e0 R133-15 ;\nVU l'arr\u00eat\u00e9 pr\u00e9fectoral du 21 juin 1962 relatif \u00e0 la constitution d'une l'association fonci\u00e8re  \ndans la commune de SAINT-USAGE ;\nVU  l'arr\u00eat\u00e9 pr\u00e9fectoral du 4 d\u00e9cembre 2018 dernier en date portant renouvellement du  \nbureau de l'association fonci\u00e8re de SAINT-USAGE ;\nVU l'arr\u00eat\u00e9 n\u00b0 507 / SG du 28 mars 2025 donnant d\u00e9l\u00e9gation de signature \u00e0 Mme  Manuelle \nDUPUY directrice d\u00e9partementale des territoires de la C\u00f4te-d'Or ;\nVU l'arr\u00eat\u00e9 pr\u00e9fectoral n\u00b0 512 du 7 avril 2025 portant d\u00e9l\u00e9gation de signature aux agents de \nla direction d\u00e9partementale de la C\u00f4te-d'Or ;\nVU la d\u00e9lib\u00e9ration du conseil municipal en date du 15 mai  2025 d\u00e9signant la moiti\u00e9 des  \nmembres appel\u00e9s \u00e0 faire partie du nouveau bureau ;\nVU le courrier du pr\u00e9sident de la chambre d'agriculture en date du 23 avril 2025 d\u00e9signant \nl'autre moiti\u00e9 des membres ;\nSUR proposition de la directrice d\u00e9partementale des territoires ;\nA R R \u00ca T E\n1\nDirection d\u00e9partementale des territoires de la C\u00f4te-d'Or\n57 , rue de Mulhouse - BP 53317 - 21033 Dijon CEDEX\nT\u00e9l. : 03 80 29 44 44\nCourriel : ddt@cote-dor.gouv.fr - Site internet : \nhttp://www.cote-dor.gouv.fr\nDirection d\u00e9partementale des territoires de la C\u00f4te-d'Or - 21-2025-06-06-00008 - Arr\u00eat\u00e9 pr\u00e9fectoral du 6 juin 2025 portant\nrenouvellement du bureau de l'association fonci\u00e8re de SAINT-USAGE 36\nARTICLE 1  er   : \nSont nomm\u00e9s membres du bureau de l'association fonci\u00e8re de SAINT-USAGE pour une  \np\u00e9riode de six ans:\n* le maire de la commune ou un conseiller municipal d\u00e9sign\u00e9 par lui ;\n* les propri\u00e9taires dont les noms suivent\nd\u00e9sign\u00e9s par le conseil municipal d\u00e9sign\u00e9s par la chambre d'agriculture\nM. Bernard BOURGEON M. J\u00e9r\u00f4me BOURGEON\nM. Jean-Fran\u00e7ois GANEE M. Matthias FEVRE\nM. Jean-Louis GANEE M. Aymeric GANEE\nM. Brice JAYE M. Eric JAYE\nM. Thierry VACHET M. Fr\u00e9d\u00e9ric LIGIOT\n* la directrice d\u00e9partementale des territoires de la C\u00f4te-d'Or ou son repr\u00e9sentant, avec  \nvoix consultative.\nARTICLE 2     :  \nLe bureau \u00e9lira en son sein le pr\u00e9sident charg\u00e9 de l'ex\u00e9cution de ses d\u00e9lib\u00e9rations ainsi que \nle vice-pr\u00e9sident et le secr\u00e9taire.\nARTICLE 3     :\nCette d\u00e9cision peut \u00eatre contest\u00e9e devant le tribunal administratif de Dijon dans un d\u00e9lai  \nde 2 mois \u00e0 compter de sa publication.\nARTICLE 4 : \nLa directrice d\u00e9partementale des territoires de la C\u00f4te-d'Or, le pr\u00e9sident de l'association  \nfonci\u00e8re de SAINT-USAGE et le maire de la commune de SAINT-USAGE, sont charg\u00e9s,  \nchacun en ce qui le concerne, de l'ex\u00e9cution des dispositions du pr\u00e9sent arr\u00eat\u00e9 qui sera  \npubli\u00e9 au recueil des actes administratifs de la pr\u00e9fecture, notifi\u00e9 \u00e0 chacun des membres  \nde l'association fonci\u00e8re et affich\u00e9 dans la commune de SAINT-USAGE.\nFait \u00e0 Dijon, le 6 juin 2025\nPour le pr\u00e9fet et par d\u00e9l\u00e9gation,\nPour la directrice d\u00e9partementale,\nle responsable du bureau nature, \nsites et \u00e9nergies renouvelables,\nSign\u00e9 : Laurent TISNE\n2\nDirection d\u00e9partementale des territoires de la C\u00f4te-d'Or - 21-2025-06-06-00008 - Arr\u00eat\u00e9 pr\u00e9fectoral du 6 juin 2025 portant\nrenouvellement du bureau de l'association fonci\u00e8re de SAINT-USAGE 37\nDirection d\u00e9partementale des territoires de la\nC\u00f4te-d'Or\nService Pr\u00e9servation et Am\u00e9nagement de\nl'Espace (SPAE)\n21-2025-06-06-00009\nArr\u00eat\u00e9 pr\u00e9fectoral du 6 juin 2025 portant\nrenouvellement du bureau de l'association\nfonci\u00e8re de TAILLY\nDirection d\u00e9partementale des territoires de la C\u00f4te-d'Or - 21-2025-06-06-00009 - Arr\u00eat\u00e9 pr\u00e9fectoral du 6 juin 2025 portant\nrenouvellement du bureau de l'association fonci\u00e8re de TAILLY 38\nExPREFETDE LACOTE-D'ORL,z'bert\u00e9Egalit\u00e9Fraternit\u00e9\nDirection d\u00e9partementale des territoires\nde la C\u00f4te-d'Or\nArr\u00eat\u00e9 pr\u00e9fectoral du 6 juin 2025\nportant renouvellement du bureau de l'association fonci\u00e8re \nde TAILLY\nLe Pr\u00e9fet de la C\u00f4te-d'Or\nVU le code rural et de la p\u00eache maritime, notamment ses articles L121-1 \u00e0 L121-26 ; L123-1 \u00e0 \nL123-35 ; L131-1 et L133-1 \u00e0 L133-7 ; R131-1 et R133-1 \u00e0 R133-15 ;\nVU  l'arr\u00eat\u00e9 pr\u00e9fectoral du 2 d\u00e9cembre 1964 relatif \u00e0 la constitution d'une l'association  \nfonci\u00e8re dans la commune de TAILLY ;\nVU  l'arr\u00eat\u00e9  pr\u00e9fectoral  du  25  juillet  2018  dernier  en  date  portant  renouvellement  du \nbureau de l'association fonci\u00e8re de TAILLY ;\nVU l'arr\u00eat\u00e9 n\u00b0 507 / SG du 28 mars 2025 donnant d\u00e9l\u00e9gation de signature \u00e0 Mme  Manuelle \nDUPUY directrice d\u00e9partementale des territoires de la C\u00f4te-d'Or ;\nVU l'arr\u00eat\u00e9 pr\u00e9fectoral n\u00b0 512 du 7 avril 2025 portant d\u00e9l\u00e9gation de signature aux agents de \nla direction d\u00e9partementale de la C\u00f4te-d'Or ;\nVU la d\u00e9lib\u00e9ration du conseil municipal en date du 24 avril  2025 d\u00e9signant la moiti\u00e9 des  \nmembres appel\u00e9s \u00e0 faire partie du nouveau bureau ;\nVU le courrier du pr\u00e9sident de la chambre d'agriculture en date du 23 avril 2025 d\u00e9signant \nl'autre moiti\u00e9 des membres ;\nSUR proposition de la directrice d\u00e9partementale des territoires ;\nA R R \u00ca T E\n1\nDirection d\u00e9partementale des territoires de la C\u00f4te-d'Or\n57 , rue de Mulhouse - BP 53317 - 21033 Dijon CEDEX\nT\u00e9l. : 03 80 29 44 44\nCourriel : ddt@cote-dor.gouv.fr - Site internet : \nhttp://www.cote-dor.gouv.fr\nDirection d\u00e9partementale des territoires de la C\u00f4te-d'Or - 21-2025-06-06-00009 - Arr\u00eat\u00e9 pr\u00e9fectoral du 6 juin 2025 portant\nrenouvellement du bureau de l'association fonci\u00e8re de TAILLY 39\nARTICLE 1  er   : \nSont nomm\u00e9s membres du bureau de l'association fonci\u00e8re de TAILLY pour une p\u00e9riode  \nde six ans:\n* le maire de la commune ou un conseiller municipal d\u00e9sign\u00e9 par lui ;\n* les propri\u00e9taires dont les noms suivent\nd\u00e9sign\u00e9s par le conseil municipal d\u00e9sign\u00e9s par la chambre d'agriculture\nM. Alain EYMANN M. Nicolas DE DEMO\nM. Patrick LAPALUS M. Vincent GIRARDIN\nM. Eric SORDET M. Marie-Christine CAIRE\n* la directrice d\u00e9partementale des territoires de la C\u00f4te-d'Or ou son repr\u00e9sentant, avec  \nvoix consultative.\nARTICLE 2     :  \nLe bureau \u00e9lira en son sein le pr\u00e9sident charg\u00e9 de l'ex\u00e9cution de ses d\u00e9lib\u00e9rations ainsi que \nle vice-pr\u00e9sident et le secr\u00e9taire.\nARTICLE 3     :\nCette d\u00e9cision peut \u00eatre contest\u00e9e devant le tribunal administratif de Dijon dans un d\u00e9lai  \nde 2 mois \u00e0 compter de sa publication.\nARTICLE 4 : \nLa directrice d\u00e9partementale des territoires de la C\u00f4te-d'Or, le pr\u00e9sident de l'association  \nfonci\u00e8re de TAILLY et le maire de la commune de TAILLY, sont charg\u00e9s, chacun en ce qui le \nconcerne, de l'ex\u00e9cution des dispositions du pr\u00e9sent arr\u00eat\u00e9 qui sera publi\u00e9 au recueil des  \nactes  administratifs  de  la  pr\u00e9fecture,  notifi\u00e9  \u00e0  chacun  des  membres  de  l'association  \nfonci\u00e8re et affich\u00e9 dans la commune de TAILLY.\nFait \u00e0 Dijon, le 6 juin 2025\nPour le pr\u00e9fet et par d\u00e9l\u00e9gation,\nPour la directrice d\u00e9partementale,\nle responsable du bureau nature, \nsites et \u00e9nergies renouvelables,\nSign\u00e9 : Laurent TISNE\n2\nDirection d\u00e9partementale des territoires de la C\u00f4te-d'Or - 21-2025-06-06-00009 - Arr\u00eat\u00e9 pr\u00e9fectoral du 6 juin 2025 portant\nrenouvellement du bureau de l'association fonci\u00e8re de TAILLY 40\nDirection d\u00e9partementale des territoires de la\nC\u00f4te-d'Or\nService S\u00e9curit\u00e9 et Education Routi\u00e8re\n21-2025-06-06-00011\nAP 840 20250606 RAA A6 Etanch\u00e9it\u00e9\nDirection d\u00e9partementale des territoires de la C\u00f4te-d'Or - 21-2025-06-06-00011 - AP 840 20250606 RAA A6 Etanch\u00e9it\u00e9 41\nExPREFETDE LACOTE-D'ORL,z'berte'Egalit\u00e9Fraternit\u00e9\n Direction d\u00e9partementale des territoires\nde la C\u00f4te-d'Or\nService de la S\u00e9curit\u00e9 et de l'\u00c9ducation Routi\u00e8re\nBureau de la S\u00e9curit\u00e9 Routi\u00e8re\nDijon, le 6 juin 2025\nArr\u00eat\u00e9 N\u00b0 840\nportant r\u00e9glementation temporaire de la circulation sur l'autoroute A6 et le n\u0153ud A6/A31 \n\u00e0 l'occasion de travaux de reprise d'\u00e9tanch\u00e9it\u00e9 sur le PI du PR 303+054\ndans le sens Paris Lyon.\nLe pr\u00e9fet de la C\u00f4te-d'Or\nVU le Code de la Route, notamment ses articles R411-8 et R411-25 ;\nVU l'Arr\u00eat\u00e9  Interminist\u00e9riel  du  24  novembre  1967  modifi\u00e9  relatif  \u00e0  la  signalisation  des \nroutes et autoroutes ;\nVU l'Instruction  Interminist\u00e9rielle  sur  la  signalisation  routi\u00e8re  (Livre  1,  8\u00e8me  partie, \nsignalisation  temporaire)  approuv\u00e9e  par  l'Arr\u00eat\u00e9  Interminist\u00e9riel  du  6  novembre  1992 \nmodifi\u00e9 ;\nVU la note technique du 14 avril 2016 du Minist\u00e8re de l'Environnement de l'\u00c9nergie et de la \nMer, relative \u00e0 la coordination des chantiers sur le r\u00e9seau national ;\nVU l'arr\u00eat\u00e9 pr\u00e9fectoral n\u00b0612 du 20 ao\u00fbt 2019 portant r\u00e9glementation permanente de la  \ncirculation pour l'exploitation des chantiers courants sur les autoroutes conc\u00e9d\u00e9es \u00e0 APRR  \ndans le d\u00e9partement de la C\u00f4te-d'Or ;\nVU l'arr\u00eat\u00e9 pr\u00e9fectoral n\u00b0507 du 28 mars 2025 donnant d\u00e9l\u00e9gation de signature \u00e0 Madame \nManuelle DUPUY, Directrice D\u00e9partementale des Territoires ;\nVU l'arr\u00eat\u00e9 pr\u00e9fectoral n\u00b0512 du 7 avril 2025 portant subd\u00e9l\u00e9gation de signature aux agents \nde la Direction D\u00e9partementale des Territoires de la C\u00f4te-d'Or ;\nVU la note du 23 janvier 2025 du Minist\u00e8re de l'Am\u00e9nagement du Territoire et de la  \nD\u00e9centralisation,  Minist\u00e8re  charg\u00e9  des  Transports,  fixant  le  calendrier  des  jours  hors \nchantiers pour l'ann\u00e9e 2025 ;\nVU la demande en date du 28 mai 2025 de Monsieur le Directeur d'exploitation d'APRR ;\nDirection d\u00e9partementale des territoires de la C\u00f4te-d'Or\n57 rue de Mulhouse- BP 53317 - 21033 DIJON cedex\nt\u00e9l : 03 80 29 44 44 \u2013 Courriel : ddt@cote-dor.gouv.fr\nDirection d\u00e9partementale des territoires de la C\u00f4te-d'Or - 21-2025-06-06-00011 - AP 840 20250606 RAA A6 Etanch\u00e9it\u00e9 42\nVU l'information communiqu\u00e9e au service d\u00e9partemental d'incendie et de secours de la  \nC\u00f4te-d'Or en date du 28 mai 2025 ;\nVU l'avis favorable du Peloton Autoroutier de Gendarmerie de Beaune en date du 28 mai  \n2025 ;\nVU l'avis  favorable  de  Monsieur  le  Sous-Directeur  de  la  gestion  du  r\u00e9seau  autoroutier \nconc\u00e9d\u00e9 des Minist\u00e8res de l'Am\u00e9nagement du Territoire et de la Transition \u00c9cologique  en \ndate du 3 juin 2025 ;\nCONSID\u00c9RANT  que  le  chantier  ne  remplit  pas  l'une  ou  plusieurs  des  conditions \ncaract\u00e9ristiques des chantiers courants au sens de la note technique du 14 avril relative \u00e0 la \ncoordination  des  chantiers  sur  le  r\u00e9seau  routier  national  et  qu'il  est  donc  class\u00e9  en \n\u00ab chantier non courant \u00bb ;\nCONSID\u00c9RANT  qu'il y a lieu d'assurer la s\u00e9curit\u00e9 et la protection des usagers, des agents  \nd'APRR et des entreprises charg\u00e9es de l'ex\u00e9cution des travaux et de r\u00e9duire, autant que  \npossible, les entraves \u00e0 la circulation provoqu\u00e9es par les travaux ;\nSUR proposition de Madame la Directrice D\u00e9partementale des Territoires de la C\u00f4te-d'Or ;\nARR\u00caTE\nArticle 1  er     :  \nDu lundi 16 juin au mardi 1 er juillet 2025, APRR effectuera des travaux de r\u00e9paration des  \nb\u00e9tons sur un passage inf\u00e9rieur situ\u00e9 au PR303+054 de l'autoroute A6, dans le n\u0153ud  \nA6/A31, dans le sens de circulation Paris Lyon.\nEn cas d'al\u00e9as m\u00e9t\u00e9orologiques ou techniques le chantier pourra \u00eatre prolong\u00e9 jusqu'au  \nvendredi 4 juillet 2025.\nArticle 2     :  \nLe chantier est class\u00e9 en \u00ab  chantier non courant  \u00bb en raison de la d\u00e9rogation aux articles  \nde l'arr\u00eat\u00e9 permanent d'exploitation sous chantier n\u00b0612 du 20 ao\u00fbt 2019, \u00e0 savoir :\n\u2022 l'article 4 relatif \u00e0 la r\u00e9duction de capacit\u00e9 pendant les jours hors chantier,\n\u2022 l'article 11 relatif \u00e0 la largeur des voies,\n\u2022 l'article 12 relatif \u00e0 l'inter distance entre ce chantier et un autre chantier.\n2 / 5\nDirection d\u00e9partementale des territoires de la C\u00f4te-d'Or\n57 rue de Mulhouse- BP 53317 - 21033 DIJON cedex\nt\u00e9l : 03 80 29 44 44 \u2013 Courriel : ddt@cote-dor.gouv.fr\nDirection d\u00e9partementale des territoires de la C\u00f4te-d'Or - 21-2025-06-06-00011 - AP 840 20250606 RAA A6 Etanch\u00e9it\u00e9 43\nArticle 3     :   \nPour l'ex\u00e9cution des travaux, les mesures d'exploitation et de police suivantes seront mises \nen \u0153uvre :\nheure \nd\u00e9but heure fin\nA6 1 302+400 303+700 Neutralisation de Voie de \nGauche\nSMV sur axe voie de droite \n\u00e9troite\nB31A 1 0+500 1 Neutralisation de BAU\n25 \u00e0 27 ven 20/06\n12h00\nlun 30/06\n06h00 A6 1 302+900 303+700 Neutralisation de BDG SMV en BDG car cap\u00f4ts H2 \nnon pos\u00e9s limitation 110 km/h\nA6 1 302+400 303+700 Neutralisation de Voie de \nDroite SMV derri\u00e8re axe VD/VG\nB31A 1 0+500 1 Neutralisation de BAU\nWeek-\nend\nven 27/06\n12h00\nmar 01/07\n06h00 A6 1 302+900 303+700 Neutralisation fond de BAU\nSMV en fond de BAU car \ncap\u00f4ts H2 non pos\u00e9s limitation \n110 km/h\nlun 30/06\n06h00\nlun 30/06\n17h00 A6 1 302+400 303+700 Neutralisation de Voie de \nGauche D\u00e9pose SMV\nmar 01/07\n06h00\nmar 01/07\n17h00 A6 1 302+400 303+700 Neutralisation de Voie de \nDroite D\u00e9pose SMV27\nReport possible sur al\u00e9a jusqu'au vendredi 4 juillet \u00e0 12h00\nCommentaire Mode d'exploitation\nPR Fin de \nbalisage \n(B31)\nPR d\u00e9but \nbalisage \n(1er cone)\nSens\n25 lun 16/06\n06h00\nven 20/06\n12h00\nlun 23/06\n06-00\nven 27/06\n12h0026\nAxeN\u00b0Sem\naine\nDate phasage (jj-mm \nhh-min)\nLes Points Rep\u00e8res (PR) mentionn\u00e9s sont indicatifs, ils peuvent faire l'objet d'ajustement  \nlors de la pose sur le terrain (+ ou \u2013 1km). \nLes horaires sont susceptibles d'\u00eatre modifi\u00e9s en fonction des conditions m\u00e9t\u00e9orologiques \net/ou des probl\u00e8mes techniques de chantier. En fonction de l'avancement des travaux ou  \nen  cas  de  probl\u00e8mes  techniques  ou  de  conditions  m\u00e9t\u00e9orologiques  d\u00e9favorables,  les \nop\u00e9rations pourront \u00eatre anticip\u00e9es, report\u00e9es ou prolong\u00e9es sur les journ\u00e9es suivantes,  \nsans  \u00eatre  planifi\u00e9es  au-del\u00e0  du  4  juillet  2025.  Dans  ce  cas  une  information  sera \npr\u00e9alablement r\u00e9alis\u00e9e par tout moyen aupr\u00e8s de la DDT ainsi qu'aupr\u00e8s des services  \nconsult\u00e9s pour la prise de l'arr\u00eat\u00e9.Les dispositions du pr\u00e9sent arr\u00eat\u00e9 cessent leurs effets \u00e0  \nla fin des travaux, y compris si ces derniers sont termin\u00e9s avant la fin des p\u00e9riodes d\u00e9finies  \nci-dessus. La chauss\u00e9e est alors rendue aux usagers dans les conditions de circulation qui  \n\u00e9taient  celles  applicables  avant  les  travaux.Si  les  travaux  devaient  \u00eatre  annul\u00e9s,  les \ndispositions du pr\u00e9sent arr\u00eat\u00e9 seraient alors caduques.\nArticle 4 :\nDes mesures d'information des usagers seront prises par le canal :\n- de messages sur les Panneaux \u00e0 Messages Variables (PMV) situ\u00e9s en section courante de \nl'autoroute,\n- de messages sur PMVA situ\u00e9 en entr\u00e9e des gares de p\u00e9age,\n3 / 5\nDirection d\u00e9partementale des territoires de la C\u00f4te-d'Or\n57 rue de Mulhouse- BP 53317 - 21033 DIJON cedex\nt\u00e9l : 03 80 29 44 44 \u2013 Courriel : ddt@cote-dor.gouv.fr\nDirection d\u00e9partementale des territoires de la C\u00f4te-d'Or - 21-2025-06-06-00011 - AP 840 20250606 RAA A6 Etanch\u00e9it\u00e9 44\n- de messages sur \u00ab Autoroute Info 107 .7 \u00bb,\n- du service d'information vocale autoroutier,\n- du site internet www.aprr.fr.\nArticle 5 :\nLa Direction D\u00e9partementale des Territoires de la C\u00f4te-d'Or sera avertie de la mise en  \nplace ou du report et en temps r\u00e9el de la fin des mesures d'exploitation, ainsi qu'en cas  \nd'\u00e9v\u00e9nement entra\u00eenant une g\u00eane importante \u00e0 la circulation, particuli\u00e8rement en cas  \nd'application du Plan de Gestion de Trafic, et des mesures prises \u00e0 cet effet.\nArticle 6     :  \nLa signalisation des chantiers devra \u00eatre conforme aux prescriptions r\u00e9glementaires, en  \nparticulier \u00e0 celles de l'Instruction Interminist\u00e9rielle sur la  Signalisation Routi\u00e8re (8\u00e8me  \npartie - Signalisation Temporaire) ainsi qu'aux guides techniques du SETRA subs\u00e9quents :\n- Routes \u00e0 chauss\u00e9es s\u00e9par\u00e9es \u2013 Manuel du Chef de Chantier\n- Choix d'un mode d'exploitation.\nLa mise en place et le maintien de la signalisation temporaire de ces chantiers seront  \nassur\u00e9s sous le contr\u00f4le et la responsabilit\u00e9 des services d'APRR.\nLes forces de l'ordre seront pr\u00e9sentes pour accompagner les agents d'APRR afin de faire  \nrespecter  les  mesures  de  police  n\u00e9cessaires  \u00e0  la  mise  en  place  des  balisages  et \nsignalisations temporaires (ralentissement de la circulation, fermeture de section courante \nou de bretelles) ainsi qu'\u00e0 la r\u00e9alisation des travaux.\nToutefois,  dans  l'hypoth\u00e8se  o\u00f9,  une  fois  requises,  les  forces  de  l'ordre,  seraient  dans \nl'impossibilit\u00e9  d'\u00eatre  pr\u00e9sentes,  les  agents  d'APRR  seront  autoris\u00e9s  \u00e0  r\u00e9aliser  seuls  ces \nop\u00e9rations.\nArticle 7     :  \nLe pr\u00e9sent arr\u00eat\u00e9 peut faire l'objet d'un recours gracieux aupr\u00e8s du pr\u00e9fet et/ou d'un  \nrecours contentieux devant le tribunal administratif dans un d\u00e9lai de 2 mois \u00e0 compter de  \nsa notification.\nLe tribunal administratif peut \u00eatre saisi par un recours d\u00e9pos\u00e9 via l'application T\u00e9l\u00e9recours  \ncitoyens accessible par le site internet www.telerecours.fr \u00bb.\nArticle 8     :  \n- La Directrice de Cabinet du pr\u00e9fet de la C\u00f4te-d'Or,\n- Le  Commandant  de  la  R\u00e9gion  de  Gendarmerie  de  Bourgogne-Franche-Comt\u00e9,  du \nGroupement de la C\u00f4te-d'Or,\n- Le Directeur d'exploitation d'APRR,\nsont charg\u00e9s, chacun en ce qui le concerne, de l'ex\u00e9cution du pr\u00e9sent arr\u00eat\u00e9.\nLe pr\u00e9sent arr\u00eat\u00e9 sera publi\u00e9 au recueil des actes administratifs de la Pr\u00e9fecture de la C\u00f4te-\nd'Or.\nUne copie du pr\u00e9sent arr\u00eat\u00e9 sera adress\u00e9e pour information :\n4 / 5\nDirection d\u00e9partementale des territoires de la C\u00f4te-d'Or\n57 rue de Mulhouse- BP 53317 - 21033 DIJON cedex\nt\u00e9l : 03 80 29 44 44 \u2013 Courriel : ddt@cote-dor.gouv.fr\nDirection d\u00e9partementale des territoires de la C\u00f4te-d'Or - 21-2025-06-06-00011 - AP 840 20250606 RAA A6 Etanch\u00e9it\u00e9 45\n- au Directeur G\u00e9n\u00e9ral des Infrastructures des Transports et de la Mer des MATTE,\n- au Directeur D\u00e9partemental des Services d'Incendie et de Secours de la C\u00f4te-d'Or,\n- au SAMU de Dijon.\nFait \u00e0 Dijon, le 6 juin 2025\nLe pr\u00e9fet,\nPour le pr\u00e9fet, par d\u00e9l\u00e9gation,\nLa directrice d\u00e9partementale\ndes territoires,\nSIGN\u00c9\nManuelle DUPUY\n5 / 5\nDirection d\u00e9partementale des territoires de la C\u00f4te-d'Or\n57 rue de Mulhouse- BP 53317 - 21033 DIJON cedex\nt\u00e9l : 03 80 29 44 44 \u2013 Courriel : ddt@cote-dor.gouv.fr\nDirection d\u00e9partementale des territoires de la C\u00f4te-d'Or - 21-2025-06-06-00011 - AP 840 20250606 RAA A6 Etanch\u00e9it\u00e9 46\nPr\u00e9fecture de la C\u00f4te-d'Or\nDirection des s\u00e9curit\u00e9s\n21-2025-06-13-00001\nARR\u00caT\u00c9 PR\u00c9FECTORAL N\u00b0 841\nportant autorisation de surveillance\nexceptionnelle sur la voie publique\nPr\u00e9fecture de la C\u00f4te-d'Or - 21-2025-06-13-00001 - ARR\u00caT\u00c9 PR\u00c9FECTORAL N\u00b0 841\nportant autorisation de surveillance exceptionnelle sur la voie publique 47\nExPREFETDE LACOTE-D'ORLibert\u00e9Egalit\u00e9Fraternit\u00e9\nDIRECTION DES S\u00c9CURIT\u00c9S\nBureau D\u00e9fense et S\u00e9curit\u00e9\nARR\u00caT\u00c9 PR\u00c9FECTORAL N\u00b0 841\nportant autorisation de surveillance exceptionnelle sur la voie publique\nSIG\nLe Pr\u00e9fet de la C\u00f4te-d'Or\nVU le Code de la s\u00e9curit\u00e9 int\u00e9rieure et notamment son article L613-1 ;\nVU le d\u00e9cret n\u00b0 2004-374 du 29 avril 2004 modifi\u00e9 relatif aux pouvoirs des pr\u00e9fets, \u00e0 l'organisation\net \u00e0 l'action des services de l'\u00c9tat dans les r\u00e9gions et d\u00e9partements ;\nVU l'arr\u00eat\u00e9 pr\u00e9fectoral n\u00b0443/SG du 17 mars 2025 donnant d\u00e9l\u00e9gation de signature \u00e0 Madame\nAur\u00e9lie CONTRECIVILE, sous-pr\u00e9f\u00e8te, directrice de cabinet du pr\u00e9fet de la r\u00e9gion Bourgogne-\nFranche-Comt\u00e9, pr\u00e9fet de la C\u00f4te-d'Or ;\nVU le bon de commande \u00e9tabli le 20 mai 2025 par la mairie de Neuilly-Crimolois (21800) pour la\ns\u00e9curisation de la f\u00eate \u00e0 Neu-Neu de Neuilly-Crimolois (21800) par la soci\u00e9t\u00e9 SIG;\nVU  la  demande de Monsieur Didier RELOT, maire de Neuilly-Crimolois (21800), dat\u00e9e du 11 juin\n2025, pour une autorisation de surveillance de la voie publique, par la soci\u00e9t\u00e9 de s\u00e9curit\u00e9 priv\u00e9e\nSIG ;\nVU l'autorisation d'exercer N\u00b0AUT-021-2113-09-11-20140399104 d\u00e9livr\u00e9e le 12 septembre 2014  \u00e0 la\nsoci\u00e9t\u00e9 SIG par le Conseil National des Activit\u00e9s Priv\u00e9es de S\u00e9curit\u00e9 ;\nVU l'avis favorable de la gendarmerie de Quetigny transmis le 12 juin 2025 ;\nCONSIDERANT la pr\u00e9gnance de la menace terroriste sur le territoire national ;\nCONSIDERANT que  les  circonstances  locales  justifient  la  pr\u00e9sence  de  gardiens  sur  la  voie\npublique  pour  assurer  la  surveillance  dans  les  secteurs  et  aux  dates,  heures  et  conditions\nd\u00e9termin\u00e9s \u00e0 l'article 1er ;\nSUR proposition de la  directrice de cabinet du pr\u00e9fet de la r\u00e9gion Bourgogne-Franche-Comt\u00e9,\npr\u00e9fet de la C\u00f4te-d'Or ;\nDirection des s\u00e9curit\u00e9s - T\u00e9l. 03.80.44.64.00\nCourriel : pref-polices-administratives@cote-dor.gouv.fr\nPr\u00e9fecture de la C\u00f4te-d'Or - 21-2025-06-13-00001 - ARR\u00caT\u00c9 PR\u00c9FECTORAL N\u00b0 841\nportant autorisation de surveillance exceptionnelle sur la voie publique 48\nARR\u00caTE\nArticle 1 er : Est autoris\u00e9e la mise en place temporaire d'agents de s\u00e9curit\u00e9 priv\u00e9s de la SARL SIG,\nsur la voie publique, pour assurer  la surveillance de la f\u00eate \u00e0 Neu-Neu sur la commune de Neuilly-\nCrimolois (21800).\nCette autorisation est accord\u00e9e, \u00e0 titre exceptionnel et uniquement pour cet \u00e9v\u00e8nement, du\nvendredi 13 juin 2025 \u00e0 18h00 au dimanche 15 juin 2025 \u00e0 19h00, sur la place de Mommenheim.\nArticle 2  :  Cette surveillance sera assur\u00e9e par des agents de s\u00e9curit\u00e9 d\u00e9tenteurs de leur carte\nprofessionnelle et pour lesquels la soci\u00e9t\u00e9 SIG s'engage \u00e0 v\u00e9rifier les aptitudes et habilitations.\nArticle 3 : Les agents de s\u00e9curit\u00e9 vis\u00e9s \u00e0 l'article 2 ne pourront pas \u00eatre arm\u00e9s.\nArticle 4 : Toute modification ou changement portant aussi bien sur les horaires de surveillance,\nles lieux \u00e0 surveiller, l'entreprise de surveillance elle-m\u00eame, devra \u00eatre port\u00e9 imm\u00e9diatement \u00e0 la\nconnaissance de la pr\u00e9fecture.\nArticle 5 : La pr\u00e9sente autorisation pourra \u00eatre retir\u00e9e \u00e0 tout moment si les n\u00e9cessit\u00e9s de l'ordre\npublic le justifient ou si les conditions d\u00e9finies dans la demande et dans le pr\u00e9sent arr\u00eat\u00e9 cessent\nd'\u00eatre remplies. Elle prendra fin \u00e0 l'expiration de la mission mentionn\u00e9e \u00e0 l'article 1er.\nArticle 6 : Le pr\u00e9sent arr\u00eat\u00e9 sera publi\u00e9 au recueil des actes administratifs de la Pr\u00e9fecture de la\nC\u00f4te-d'Or  et  sera  notifi\u00e9  \u00e0  la  soci\u00e9t\u00e9  de  surveillance  et  gardiennage  SIG et  transmis  pour\ninformation \u00e0 M. le Commandant du groupement de gendarmerie de la C\u00f4te-d'Or,  et \u00e0 la mairie\nde Neuilly-Crimolois.\n                                                                          Fait \u00e0 Dijon, le 13 juin 2025\nLe pr\u00e9fet,\nPour le pr\u00e9fet et par d\u00e9l\u00e9gation,\nLa directrice de cabinet,\noriginal sign\u00e9\nAur\u00e9lie CONTRECIVILE\nD\u00c9LAIS ET VOIES DE RECOURS\nLe pr\u00e9sent arr\u00eat\u00e9 peut \u00eatre contest\u00e9 selon les voies de recours et dans les d\u00e9lais mentionn\u00e9s ci-dessous.\nDans les deux mois \u00e0 compter de la notification du pr\u00e9sent arr\u00eat\u00e9, les recours suivants peuvent \u00eatre introduits :\n- un recours gracieux adress\u00e9 \u00e0 : Pr\u00e9fecture de la C\u00f4te-d'Or - Direction des S\u00e9curit\u00e9s - Bureau de la d\u00e9fense et de la s\u00e9curit\u00e9 \u2013 Polices administratives -\n53 rue de la Pr\u00e9fecture - 21041 Dijon Cedex\n- un recours hi\u00e9rarchique adress\u00e9 \u00e0 M. le Ministre de l'Int\u00e9rieur - Secr\u00e9tariat G\u00e9n\u00e9ral - Place Beauvau -75800 Paris Cedex 08\n- un recours contentieux adress\u00e9 au Tribunal Administratif de Dijon - 22 rue d'Assas - BP 61616 - 21016 Dijon Cedex\nLe tribunal administratif peut \u00eatre saisi par un recours d\u00e9pos\u00e9 via l'application T\u00e9l\u00e9recours citoyens accessible par le site internet www.t\u00e9l\u00e9recours.fr.\nCe recours juridictionnel doit \u00eatre d\u00e9pos\u00e9 au plus tard avant l'expiration du 2e mois suivant la date de notification de la d\u00e9cision contest\u00e9e (ou bien \ndu 2e mois suivant la date du rejet du recours gracieux ou hi\u00e9rarchique).\nPr\u00e9fecture de la C\u00f4te-d'Or - 21-2025-06-13-00001 - ARR\u00caT\u00c9 PR\u00c9FECTORAL N\u00b0 841\nportant autorisation de surveillance exceptionnelle sur la voie publique 49\nPr\u00e9fecture de la C\u00f4te-d'Or\nDirection des s\u00e9curit\u00e9s\n21-2025-06-12-00001\nArr\u00eat\u00e9 pr\u00e9fectoral n\u00b0801 du 12 juin 2025 relatif \u00e0\nla pr\u00e9vention des feux de for\u00eat et d'espace\nnaturel\nPr\u00e9fecture de la C\u00f4te-d'Or - 21-2025-06-12-00001 - Arr\u00eat\u00e9 pr\u00e9fectoral n\u00b0801 du 12 juin 2025 relatif \u00e0 la pr\u00e9vention des feux de for\u00eat et\nd'espace naturel 50\nExPR\u00c9FETDE LACOTE-D'ORL'z'bert\u00e9Egalit\u00e9Fraternit\u00e9\nDIRECTION DES S\u00c9CURIT\u00c9S\nBureau de la s\u00e9curit\u00e9 civile\nDijon, le 12 juin 2025\nArr\u00eat\u00e9 pr\u00e9fectoral n\u00b0801\nrelatif \u00e0 la pr\u00e9vention des feux de for\u00eat et d'espace naturel\nLe Pr\u00e9fet de la C\u00f4te-d'Or\nVU le code forestier, en particulier les articles L.131-1 et suivants, R.131-2 et suivants, R.163-2  ;\nVU le code g\u00e9n\u00e9ral des collectivit\u00e9s territoriales, notamment ses articles L.2212-1, L.2212-2,  \nL.2215-1 et 2215-3 ;\nVU le code de l'environnement, notamment ses articles L.362-1 et L362-2 ;\nVU le code p\u00e9nal, notamment ses articles 322-5 et 322-11-1 ;\nVU le code de proc\u00e9dure p\u00e9nale, notamment son article 22 ;\nVU la loi n\u00b0 2023-580 du 10 juillet 2023 visant \u00e0 renforcer la pr\u00e9vention et la lutte contre  \nl'intensification et l'extension du risque incendie ;\nVU  le  d\u00e9cret  n\u00b0  2004-374  du  29  avril  2004  modifi\u00e9  relatif  aux  pouvoirs  des  pr\u00e9fets,  \u00e0 \nl'organisation et l'action des services de l'\u00c9tat dans les r\u00e9gions et les d\u00e9partements  ;\nVU  le  d\u00e9cret  du  10  octobre  2024  portant  nomination  du  pr\u00e9fet  de  la  r\u00e9gion  Bourgogne-\nFranche-Comt\u00e9, pr\u00e9fet de la C\u00f4te-d'Or \u2013 M. MOURIER (Paul) ;\nVU l'arr\u00eat\u00e9 du minist\u00e8re de l'\u00e9cologie, du d\u00e9veloppement durable et de l'\u00e9nergie du 1 er juillet \n2015 relatif \u00e0 la mise en \u0153uvre d'articles pyrotechniques ;\nVU l'arr\u00eat\u00e9 pr\u00e9fectoral n\u00b01170 du 27 juillet 2023  relatif \u00e0 la pr\u00e9vention des feux de for\u00eat,  \nportant  r\u00e9glementation  de  la  pratique  de  certains  feux  de  plein  air  visant  au  br\u00fblage  de \nv\u00e9g\u00e9taux ou de r\u00e9sidus de v\u00e9g\u00e9taux et r\u00e9glementant les feux festifs ;\nConsid\u00e9rant,  ind\u00e9pendamment  des  mesures  et  dispositifs  existants,  la  n\u00e9cessit\u00e9  de  \nr\u00e9glementer l'usage du feu afin de prot\u00e9ger les biens et personnes ;\nConsid\u00e9rant que la for\u00eat couvre pr\u00e8s de 40 % du territoire du d\u00e9partement de la C\u00f4te d'Or ;\n1\nPr\u00e9fecture de la C\u00f4te-d'Or - 21-2025-06-12-00001 - Arr\u00eat\u00e9 pr\u00e9fectoral n\u00b0801 du 12 juin 2025 relatif \u00e0 la pr\u00e9vention des feux de for\u00eat et\nd'espace naturel 51\nConsid\u00e9rant le ph\u00e9nom\u00e8ne de r\u00e9chauffement climatique g\u00e9n\u00e9rant une augmentation de la  \nvuln\u00e9rabilit\u00e9 du d\u00e9partement au risque d'incendie de for\u00eat ;\nConsid\u00e9rant  que  dans  l'int\u00e9r\u00eat  de  la  s\u00e9curit\u00e9  des  personnes,  des  biens,  des  activit\u00e9s \n\u00e9conomiques et sociales et des espaces prot\u00e9g\u00e9s, il convient de r\u00e9glementer l'acc\u00e8s \u00e0 certains  \nmassifs forestiers pour la protection de la for\u00eat et de la v\u00e9g\u00e9tation contre les incendies en  \nraison d'un risque \u00e9lev\u00e9 d\u00fb \u00e0 l'\u00e9tat de s\u00e9cheresse ;\nConsid\u00e9rant  que  l'activit\u00e9  humaine  est  l'une  des  principales  causes  de  d\u00e9clenchement \nd'incendies ;\nConsid\u00e9rant l'avis  de  la  sous-commission  feux  de  for\u00eat  de  la  commission  consultative \nd\u00e9partementale de s\u00e9curit\u00e9 et d'accessibilit\u00e9 en date du 14 avril 2025 ; \nSur proposition de la directrice de cabinet,\nARR\u00caTE :\nArticle 1\nL'arr\u00eat\u00e9 pr\u00e9fectoral n\u00b01170 du 27 juillet 2023 relatif \u00e0 la pr\u00e9vention des feux de for\u00eat, portant  \nr\u00e9glementation de la pratique de certains feux de plein air visant au br\u00fblage de v\u00e9g\u00e9taux ou de  \nr\u00e9sidus de v\u00e9g\u00e9taux et r\u00e9glementant les feux festifs est abrog\u00e9.\nArticle 2 : d\u00e9finitions\nFor\u00eat : La for\u00eat est un territoire occupant une superficie d'au moins 50 ares avec des arbres  \ncapables d'atteindre une hauteur sup\u00e9rieure \u00e0 cinq m\u00e8tres \u00e0 maturit\u00e9 in situ, un couvert  \narbor\u00e9 de plus de 10 % et une largeur moyenne d'au moins 20 m\u00e8tres.\nLes sites momentan\u00e9ment d\u00e9bois\u00e9s ou en r\u00e9g\u00e9n\u00e9ration sont class\u00e9s comme for\u00eat m\u00eame si  \nleur couvert est inf\u00e9rieur \u00e0 10 % au moment de l'inventaire.\nElle n'inclut pas les terrains dont l'utilisation du sol pr\u00e9dominante est agricole ou urbaine.\nN.B. : Les peupleraies (taux de couvert libre relatif des peupliers cultiv\u00e9s sup\u00e9rieur \u00e0 75  %) \nsont incluses dans la d\u00e9finition de la for\u00eat.\nAyant droit : Toute personne occupant le terrain concern\u00e9 du chef de son propri\u00e9taire. Sont  \nnotamment  ayants  droits,  les  titulaires  d'un  droit  quelconque  d'occupation  ou  \nd'exploitation ou de passage pour un usage forestier, agricole et pastoral, le mandataire, les  \nentreprises  d\u00fbment  mandat\u00e9es  par  les  propri\u00e9taires  pour  les  op\u00e9rations  foresti\u00e8res \n(sylviculture,  exploitation,  d\u00e9bardage,  transport\u2026),  les  sous-traitants  auxquels  ces  \nentreprises pourraient avoir recours pour la bonne r\u00e9alisation de ces travaux.\nCamping  sauvage :  Le  camping  sauvage  correspond  \u00e0  l'installation,  sans  autorisation  du \npropri\u00e9taire, d'une tente (ou hamac, lit de camps, abri, etc.) ou d'un v\u00e9hicule motoris\u00e9  \n(camping car, voiture, etc.) dans des endroits isol\u00e9s (parking, bord de route, champs, bois,  \netc.) afin d'y passer une ou plusieurs nuits.\nBivouac : Le bivouac s'entend comme le fait de dormir \u00e0 la belle \u00e9toile ou sous une tente l\u00e9g\u00e8re  \ndans des endroits naturels le plus souvent isol\u00e9s de toute infrastructure, une seule nuit, en  \nrespectant les horaires 19h-9h (avant la tomb\u00e9e de la nuit et jusqu'au lever du jour).\nMat\u00e9riels  pouvant  provoquer  des  d\u00e9parts  de  feux  :  il  s'agit  notamment,  mais  pas  \nexclusivement,  des  outils  potentiellement  g\u00e9n\u00e9rateurs  d'\u00e9tincelles  ou  potentiellement \n2\nPr\u00e9fecture de la C\u00f4te-d'Or - 21-2025-06-12-00001 - Arr\u00eat\u00e9 pr\u00e9fectoral n\u00b0801 du 12 juin 2025 relatif \u00e0 la pr\u00e9vention des feux de for\u00eat et\nd'espace naturel 52\nprojecteurs de particules incandescentes, tels que les outils \u00e9quip\u00e9s de moteur thermique  \nou \u00e9lectrique, les broyeurs, les abatteuses, les tron\u00e7onneuses et les d\u00e9broussailleuses.\nSection 1 \u2013 r\u00e9glementation de la pratique de certains feux de plein air visant au br\u00fblage de  \nv\u00e9g\u00e9taux ou de r\u00e9sidus de v\u00e9g\u00e9taux et r\u00e9glementant les feux festifs\nLa pr\u00e9sente section fixe les dispositions encadrant la pratique du br\u00fblage des v\u00e9g\u00e9taux ou des  \nr\u00e9sidus v\u00e9g\u00e9taux, ainsi que la pratique des feux festifs, d\u00e8s lors que celle-ci n'est pas interdite  \nau titre d'autres r\u00e9glementations.\nI \u2013 Rappels r\u00e9glementaires\nArticle 3\nInd\u00e9pendamment des mesures pr\u00e9vues par le pr\u00e9sent arr\u00eat\u00e9, il est rappel\u00e9 que  :\n\u27a2 L'article 84 du r\u00e8glement sanitaire d\u00e9partemental interdit, sauf d\u00e9rogation accord\u00e9e par le  \npr\u00e9fet, le br\u00fblage des d\u00e9chets verts produits par les m\u00e9nages et les collectivit\u00e9s. Par ailleurs,  \nl'incin\u00e9ration des d\u00e9chets professionnels par les entreprises d'espaces verts et paysagistes est  \n\u00e9galement interdite ;\n\u27a2 L'article L.131-1 du code forestier interdit \u00e0 toute personne autre que le propri\u00e9taire de  \nterrains bois\u00e9s ou non, ou autre que les occupants de ces terrains du chef de leur propri\u00e9taire,  \nde porter ou d'allumer du feu sur ces terrains et jusqu'\u00e0 une distance de 200 m\u00e8tres des bois,  \ndes for\u00eats ainsi que des terrains assimil\u00e9s soumis aux dispositions de l'article L.131-4 de ce  \nm\u00eame code.\nII \u2013 Pr\u00e9vention contre le risque de feu de for\u00eat\nArticle 4\nDans le d\u00e9partement de la C\u00f4te d'Or, l'interdiction g\u00e9n\u00e9rale de porter ou d'allumer du feu \u00e0  \nl'int\u00e9rieur  et  jusqu'\u00e0  une  distance  de  200  m\u00e8tres  des  bois,  for\u00eats,  plantations  foresti\u00e8res, \nreboisements, landes, maquis y compris sur les voies de circulation qui les traversent, est  \n\u00e9tendue, du 15 juin au 15 octobre inclus de chaque ann\u00e9e, aux propri\u00e9taires et occupants du  \nchef des propri\u00e9taires.\nL'interdiction pr\u00e9vue dans le cadre de la pr\u00e9vention du risque de feux de for\u00eat ne s'applique  \npas aux habitations, \u00e0 leurs d\u00e9pendances et aux chantiers, d\u00e8s lors que les prescriptions l\u00e9gales  \nqui leur sont applicables et les dispositions fix\u00e9es par le pr\u00e9sent arr\u00eat\u00e9 sont respect\u00e9es.\nArticle 5\nDans le d\u00e9partement de la C\u00f4te d'Or, du 15 juin au 15 octobre inclus de chaque ann\u00e9e  :\n\u27a2 Il est interdit \u00e0 toute personne de  fumer  dans les bois et les for\u00eats, et jusqu'\u00e0 une  \ndistance de 200 m\u00e8tres de ceux-ci. Cette interdiction s'applique \u00e9galement aux usagers  \ndes voies publiques traversant les bois et for\u00eats ainsi qu'aux personnes fr\u00e9quentant ou  \ntravaillant sur des chantiers et installations de toute nature, y compris entreprises ou  \nsoci\u00e9t\u00e9s commerciales, exer\u00e7ant leur activit\u00e9 dans le p\u00e9rim\u00e8tre d\u00e9fini \u00e0 l'article 4.\n3\nPr\u00e9fecture de la C\u00f4te-d'Or - 21-2025-06-12-00001 - Arr\u00eat\u00e9 pr\u00e9fectoral n\u00b0801 du 12 juin 2025 relatif \u00e0 la pr\u00e9vention des feux de for\u00eat et\nd'espace naturel 53\n\u27a2 Il  est  interdit  de  porter  du  feu  ou  toute  mati\u00e8re  incandescente  dans  les  espaces \nprot\u00e9g\u00e9s,  bois,  for\u00eats,  plantations  foresti\u00e8res,  reboisements,  landes,  maquis.  Durant \ncette p\u00e9riode, les barbecues, brasero ou m\u00e9chouis y sont interdits.\nIII \u2013 Protection des personnes et de certains biens\nArticle 6\nLe br\u00fblage des v\u00e9g\u00e9taux ou des r\u00e9sidus de v\u00e9g\u00e9taux aux fins de leur \u00e9limination est interdit \u00e0  \nune distance inf\u00e9rieure \u00e0 100 m\u00e8tres des lieux suivants :\n\u27a2 Toute habitation et tout lieu habit\u00e9 (y compris leurs annexes et d\u00e9pendances)  ;\n\u27a2 Tout lieu accueillant du public ou de rassemblement de personnes ;\n\u27a2 Tout b\u00e2timent et construction priv\u00e9 ou public, quelle que soit son affectation ou \nson usage.\nArticle 7\nLe br\u00fblage des v\u00e9g\u00e9taux ou des r\u00e9sidus de v\u00e9g\u00e9taux aux fins de leur \u00e9limination est interdit \u00e0  \nune distance inf\u00e9rieure \u00e0 100 m\u00e8tres des voies ferr\u00e9es, des autoroutes, ainsi que de tout axe  \nroutier.\nToutes les pr\u00e9cautions doivent \u00eatre prises pour \u00e9viter que les fum\u00e9es n'engendrent une g\u00eane \u00e0  \nla circulation sur les voies ferr\u00e9es et sur l'ensemble des voies ouvertes \u00e0 la circulation publique.\nIV \u2013 Dispositions particuli\u00e8res relatives aux r\u00e8gles de prudence en cas de br\u00fblage de v\u00e9g\u00e9taux  \nou de r\u00e9sidus de v\u00e9g\u00e9taux aux fins de leur \u00e9limination\nArticle 8\nHors des zones vis\u00e9es \u00e0 l'article 6, le br\u00fblage des v\u00e9g\u00e9taux coup\u00e9s ne peut avoir lieu que dans  \ndes endroits d\u00e9termin\u00e9s et \u00e9quip\u00e9s de fa\u00e7on \u00e0 \u00e9viter toute propagation du feu.\nLes  feux  ne  peuvent  \u00eatre  allum\u00e9s  que  sur  des  places  pr\u00e9par\u00e9es,  c'est-\u00e0-dire  nettoy\u00e9es  et \nd\u00e9barrass\u00e9es  de  tous  v\u00e9g\u00e9taux  ou  d\u00e9bris  de  v\u00e9g\u00e9taux  jusqu'\u00e0  une  distance  de  2  m\u00e8tres \nminimum du bord ext\u00e9rieur du foyer.\nLes feux ne peuvent \u00eatre allum\u00e9s que par vent nul ou faible, ne d\u00e9passant pas le degr\u00e9 3 de  \nl'\u00e9chelle de Beaufort (vent inf\u00e9rieur \u00e0 19 km/h).\nLes  feux  ne  peuvent  d\u00e9buter  qu'apr\u00e8s  le  lever  du  soleil  (heure  l\u00e9gale)  et  doivent  \u00eatre \ncompl\u00e8tement  \u00e9teints  avant  son  coucher  (heure  l\u00e9gale).  Ils  ne  peuvent  \u00eatre  abandonn\u00e9s \nqu'apr\u00e8s  extinction compl\u00e8te  par  rejet  de terre  sur  le foyer  qui doit  de cette  fa\u00e7on \u00eatre \ntotalement recouvert, ainsi que sa p\u00e9riph\u00e9rie.\nLes feux doivent \u00eatre constamment et attentivement surveill\u00e9s. Pendant toute la dur\u00e9e de  \ncombustion, les moyens n\u00e9cessaires et suffisants pour contr\u00f4ler le feu et enrayer tout d\u00e9but  \nd'incendie  doivent  \u00eatre  pr\u00e9sents  \u00e0  proximit\u00e9  des  foyers  de  m\u00eame  que  tout  syst\u00e8me  de \ncommunication permettant un appel rapide aux secours.\n4\nPr\u00e9fecture de la C\u00f4te-d'Or - 21-2025-06-12-00001 - Arr\u00eat\u00e9 pr\u00e9fectoral n\u00b0801 du 12 juin 2025 relatif \u00e0 la pr\u00e9vention des feux de for\u00eat et\nd'espace naturel 54\nArticle 9\nAvant de proc\u00e9der au br\u00fblage de chaumes ou de v\u00e9g\u00e9taux sur pied, la parcelle \u00e0 traiter doit  \n\u00eatre  d\u00e9limit\u00e9e  par  un  p\u00e9rim\u00e8tre  de  s\u00e9curit\u00e9  de  10  m\u00e8tres  de  large.  La  r\u00e9alisation  de  ce \np\u00e9rim\u00e8tre doit assurer l'enfouissage complet de tout d\u00e9bris v\u00e9g\u00e9taux et mettre la terre \u00e0 nu.  \nLes feux ne peuvent \u00eatre allum\u00e9s que par vent nul ou faible, ne d\u00e9passant pas le degr\u00e9 3 de  \nl'\u00e9chelle  de  Beaufort  (vent  inf\u00e9rieur  \u00e0  19 km/h).  Les  sp\u00e9cifications  pour  l'estimation  de  la \nvitesse d'un vent d'au moins 19 km/h sont les suivantes : les feuilles et les petites branches sont  \nconstamment agit\u00e9es. Le vent d\u00e9ploie les drapeaux l\u00e9gers.\nLes  feux  ne  peuvent  d\u00e9buter  qu'apr\u00e8s  le  lever  du  soleil  (heure  l\u00e9gale)  et  doivent  \u00eatre \ncompl\u00e8tement  \u00e9teints  avant  son  coucher  (heure  l\u00e9gale).  Ils  ne  peuvent  \u00eatre  abandonn\u00e9s \nqu'apr\u00e8s  extinction compl\u00e8te  par  rejet  de terre  sur  le foyer  qui doit  de cette  fa\u00e7on \u00eatre \ntotalement recouvert, ainsi que sa p\u00e9riph\u00e9rie.\nLes feux doivent \u00eatre constamment et attentivement surveill\u00e9s. Pendant toute la dur\u00e9e de  \ncombustion, les moyens n\u00e9cessaires et suffisants pour contr\u00f4ler le feu et enrayer tout d\u00e9but  \nd'incendie  doivent  \u00eatre  pr\u00e9sents  \u00e0  proximit\u00e9  des  foyers  de  m\u00eame  que  tout  syst\u00e8me  de \ncommunication permettant un appel rapide aux secours.\nV \u2013  Dispositions particuli\u00e8res relatives au br\u00fblage de v\u00e9g\u00e9taux aux fins de protection des  \nvignes contre le gel\nArticle 10\nDans les p\u00e9riodes limit\u00e9es o\u00f9 les conditions climatiques n\u00e9cessitent de prot\u00e9ger les vignes  \ncontre le gel, le br\u00fblage de v\u00e9g\u00e9taux \u00e0 cette fin, par les viticulteurs, peut-\u00eatre r\u00e9alis\u00e9 sans que  \nles dispositions de l'article 4, de l'article 6 et du 1er alin\u00e9a de l'article 7 du pr\u00e9sent arr\u00eat\u00e9 ne  \ns'appliquent.\nArticle 11\nLes  viticulteurs  concern\u00e9s  et/ou  leurs  repr\u00e9sentants  pr\u00e9viendront  l'autorit\u00e9  administrative \n(pr\u00e9fecture et service d'incendie et de secours) des jours, heures et des lieux de r\u00e9alisation de  \nces br\u00fblages.\nVI \u2013 R\u00e9glementation selon les types de feux\nArticle 12 : les feux de camp et les feux de la Saint-Jean\nCes feux sont autoris\u00e9s sous r\u00e9serve de respecter les conditions fix\u00e9es aux articles 3, 4 et 5  \nainsi qu'\u00e0 la section 2, du pr\u00e9sent arr\u00eat\u00e9.\nIls ne doivent pas entra\u00eener un danger pour le voisinage et les usagers des axes routiers et  \nferroviaires.\nLa  vitesse  du  vent  ne  doit  pas  d\u00e9passer  19 km/h  (degr\u00e9  3  sur  l'\u00e9chelle  de  Beaufort).  Les \nsp\u00e9cifications pour l'estimation de la vitesse d'un vent d'au moins 19  km/h sont les suivantes  : \n5\nPr\u00e9fecture de la C\u00f4te-d'Or - 21-2025-06-12-00001 - Arr\u00eat\u00e9 pr\u00e9fectoral n\u00b0801 du 12 juin 2025 relatif \u00e0 la pr\u00e9vention des feux de for\u00eat et\nd'espace naturel 55\nles feuilles et les petites branches sont constamment agit\u00e9es. Le vent d\u00e9ploie les drapeaux  \nl\u00e9gers.\nCes feux doivent respecter les dispositions suivantes :\n\u27a2 Ces feux sont soumis \u00e0 d\u00e9claration (\u00e0 transmettre au moins un mois avant la date de la  \nmanifestation \u00e0 la mairie de la commune concern\u00e9e). Cf annexe.\n\u27a2 Le volume \u00e0 br\u00fbler doit \u00eatre raisonnable. Une distance de s\u00e9curit\u00e9 pour le public doit  \n\u00eatre d\u00e9limit\u00e9e.\n\u27a2 Le br\u00fblage doit \u00eatre r\u00e9alis\u00e9 dans un environnement sans risque de d\u00e9part de feu, c'est-\u00e0-\ndire sur une place d\u00e9pourvue de mati\u00e8re v\u00e9g\u00e9tale ou pr\u00e9alablement d\u00e9barrass\u00e9e de  \ntout v\u00e9g\u00e9tal ou r\u00e9sidu v\u00e9g\u00e9tal.\n\u27a2 Un responsable de la s\u00e9curit\u00e9 de l'\u00e9v\u00e9nement doit \u00eatre d\u00e9sign\u00e9. Il devra s'assurer que  \ntoutes les mesures de s\u00e9curit\u00e9 sont respect\u00e9es. Il disposera \u00e0 tout moment d'un moyen  \nde communication permettant d'appeler les secours en cas de besoin et se chargera de  \nles accueillir en cas d'intervention.\n\u27a2 Le propri\u00e9taire du terrain sur lequel est pr\u00e9vu le feu festif doit donner son accord \u00e9crit  \npr\u00e9alable.\n\u27a2 Les  feux  ne  doivent  en  aucun  cas  pr\u00e9senter  le  moindre  danger  pour  la  circulation \nrouti\u00e8re, ferroviaire, fluviale ou a\u00e9rienne, en particulier en raison de la propagation de  \nfum\u00e9es ou de particules.\n\u27a2 L'emplacement des foyers doit, au pr\u00e9alable, \u00eatre d\u00e9cap\u00e9 \u00e0 sol nu, de telle mani\u00e8re que  \nle feu ne puisse pas se propager.\n\u27a2 Les feux doivent \u00eatre constamment et attentivement surveill\u00e9s.\n\u27a2 L'organisateur doit disposer \u00e0 proximit\u00e9 du feu, d'une r\u00e9serve d'eau ou d'extincteurs en  \nnombre suffisant, ainsi que d'une couverture anti-feu.\n\u27a2 Les feux ne doivent \u00eatre abandonn\u00e9s qu'apr\u00e8s avoir \u00e9t\u00e9 compl\u00e8tement \u00e9teints.\nArticle 13 : les lanternes c\u00e9lestes\nL'usage, la mise \u00e0 feu et le l\u00e2cher de lanternes c\u00e9lestes dites aussi lanternes chinoises ou  \ntha\u00eflandaises sont interdits en tout temps sur l'ensemble du territoire du d\u00e9partement.\nSection 2 \u2013 r\u00e9glementation de l'usage du feu et de la pr\u00e9vention d'incendie en p\u00e9riode de  \nrisque\nLes dispositions de cette section 2 compl\u00e8tent et, le cas \u00e9ch\u00e9ant, se substituent, aux mesures  \npr\u00e9vues en section 1.\nArticle 14 : niveaux de risque et mesures de restriction et d'interdiction\nTrois niveaux de risque \u00ab  feu de for\u00eats  \u00bb sont d\u00e9finis pour le d\u00e9partement  : risque s\u00e9v\u00e8re,  \nrisque  tr\u00e8s  s\u00e9v\u00e8re  et  risque  extr\u00eame.  Le  niveau  de  risque  est  d\u00e9termin\u00e9  par  le  pr\u00e9fet, \nnotamment sur le fondement des analyses du service d\u00e9partemental d'incendie et de secours,  \nde la direction d\u00e9partementale des territoires et de l'office nationale des for\u00eats.\nLe niveau de risque pourra \u00eatre appliqu\u00e9 \u00e0 un niveau infra-d\u00e9partemental. Le pr\u00e9sent arr\u00eat\u00e9  \ninstaure  5  zones  infra-d\u00e9partementales :  Auxois-Morvan,  C\u00f4te-arri\u00e8re  C\u00f4te,  Montagne  \nBourguignonne, Plaine de Sa\u00f4ne et Plateau Bourguignon. La liste des communes constituant  \nchacune de ces zones figurent en annexe A du pr\u00e9sent arr\u00eat\u00e9.\n6\nPr\u00e9fecture de la C\u00f4te-d'Or - 21-2025-06-12-00001 - Arr\u00eat\u00e9 pr\u00e9fectoral n\u00b0801 du 12 juin 2025 relatif \u00e0 la pr\u00e9vention des feux de for\u00eat et\nd'espace naturel 56\nCes  niveaux  de  risques  sont  \u00e0  distinguer  de  la  m\u00e9t\u00e9o  des  for\u00eats  de  M\u00e9t\u00e9o  France,  dont \nl'objectif est de diffuser des conseils de comportement \u00e0 destination de la population.  \nDes  mesures  de  restriction  et  d'interdiction  sont  associ\u00e9es  \u00e0  chaque  niveau  de  risque, \npr\u00e9cis\u00e9es dans le tableau en annexe B. Ces mesures s'appliquent en compl\u00e9ment et, le cas  \n\u00e9ch\u00e9ant, en substitution, des autres r\u00e9glementations applicables pour les activit\u00e9s vis\u00e9es.\nQuel que soit le niveau de risque, les travaux li\u00e9s \u00e0 des imp\u00e9ratifs de s\u00e9curit\u00e9 publique qui ne  \npeuvent  pas  \u00eatre  diff\u00e9r\u00e9s  sans  remettre  en  cause  la  s\u00e9curit\u00e9  publique  sont  autoris\u00e9s,  en \nprenant toutes les mesures de pr\u00e9vention et de r\u00e9duction du risque incendie possibles.\nArticle 15 : dispositions relatives \u00e0 la diffusion de l'information\nLorsque la d\u00e9cision est prise de placer une ou plusieurs zones du d\u00e9partement en niveau de  \nrisque s\u00e9v\u00e8re, tr\u00e8s s\u00e9v\u00e8re ou extr\u00eame, les services de la pr\u00e9fecture informent  les services de  \nl'\u00c9tat concern\u00e9s ainsi que les maires des communes concern\u00e9es.\nLa pr\u00e9fecture communique \u00e9galement largement \u00e0 destination du grand public.\nLa  communication est renouvel\u00e9e en cas  d'\u00e9volution du niveau de  risque  (aggravation ou  \nam\u00e9lioration).\nArticle 16 : p\u00e9rim\u00e8tre d'application\nSauf  mention  contraire,  les  dispositions  des  articles  suivants  ne  sont  pas  applicables  aux \nhabitations,  \u00e0  leurs  d\u00e9pendances,  ainsi  qu'aux  chantiers  et  installations  de  toute  nature \n(\u00e9tablissements industriels, etc.) d\u00e8s lors qu'ils respectent les prescriptions l\u00e9gales qui leur sont  \napplicables.\nArticle 17 : Dispositions relatives aux moyens d'extinctions et de s\u00e9curit\u00e9 recommand\u00e9s en cas \nd'usage de mat\u00e9riels ou engins pouvant \u00eatre \u00e0 l'origine d'un d\u00e9part de feu dans le cadre de  \nl'application du pr\u00e9sent arr\u00eat\u00e9\nChaque  usager  doit  disposer  d'un  moyen  de  communication  et  d'alerte  permettant  de \ncontacter le 18 ou le 112.\nLe dispositif d'extinction vise \u00e0 une am\u00e9lioration de la pr\u00e9vention pour l'extinction des d\u00e9parts  \nde feux d'origine accidentelle et in fine assurer la s\u00e9curit\u00e9 en permanence.\nLe choix du dispositif d'extinction sera effectu\u00e9 soit parmi les recommandations suivantes, soit  \nen fonction des travaux r\u00e9alis\u00e9s et leur contexte.\nLes dispositifs de pr\u00e9vention et d'extinction propos\u00e9s dans le tableau ci-dessous doivent tenir  \ncompte des  r\u00e9glementations  et  des  recommandations  des  constructeurs  des  mat\u00e9riels ou \nengins.\nMat\u00e9riels utilis\u00e9s Dispositifs  de  pr\u00e9vention  et  d'extinction  \nrecommand\u00e9s\nTracteur avec broyeur \u00e0 lame, \u00e0 cha\u00eenes ou  \n\u00e0 marteaux, broyeur \u00e0 cailloux, \u00e9pareuse,  \nmoissonneuse\u2026\n1 extincteur adapt\u00e9 pour les feux de mat\u00e9riel + 1  \nextincteur \u00e0 eau pour les feux de v\u00e9g\u00e9tation *\nDe plus, il est  recommand\u00e9 d'avoir sur place un  \ndispositif d'extinction type tonne \u00e0 eau remplie.\nMeuleuse,  tron\u00e7onneuse  \u00e0  b\u00e9ton,  1 extincteur adapt\u00e9 pour les feux de mat\u00e9riel + 1  \n7\nPr\u00e9fecture de la C\u00f4te-d'Or - 21-2025-06-12-00001 - Arr\u00eat\u00e9 pr\u00e9fectoral n\u00b0801 du 12 juin 2025 relatif \u00e0 la pr\u00e9vention des feux de for\u00eat et\nd'espace naturel 57\nMat\u00e9riels utilis\u00e9s Dispositifs  de  pr\u00e9vention  et  d'extinction  \nrecommand\u00e9s\ndisqueuse, poste de soudage\u2026 extincteur \u00e0 eau pour les feux de v\u00e9g\u00e9tation *\nEn outre, la protection des travaux sur mat\u00e9riaux  \ndoit \u00eatre assur\u00e9e par des paravents et plaques  \nanti-projection  et  les  travaux  sous  b\u00e2ches  \nignifug\u00e9es.\nGroupe \u00e9lectrog\u00e8ne\nLe  groupe  \u00e9lectrog\u00e8ne  doit  \u00eatre  plac\u00e9  sur  une \nzone exempte de v\u00e9g\u00e9tation.\nUne  zone  p\u00e9riph\u00e9rique  de  10  m\u00e8tres  de  rayon \nautour du groupe devra \u00eatre d\u00e9broussaill\u00e9e.\nPetit mat\u00e9riel portatif de type broyeur de  \nbranches,  moto  scieuse,  engins  \nthermiques,  tron\u00e7onneuse,  \u00e9lagueuse  ou \nd\u00e9broussailleuse\n1 extincteur \u00e0 eau pour les feux de v\u00e9g\u00e9tation *\nDispositions  sp\u00e9cifiques  pour  l'usage  du \nfeu\nTuyau d'arrosage connect\u00e9 \u00e0 une arriv\u00e9e d'eau  \nop\u00e9rationnelle  et  \u00e0  port\u00e9e  de  main  (enclos \nd'habitation) ou 1 extincteur \u00e0 eau pour les feux  \nde v\u00e9g\u00e9tation *\nDispositions  sp\u00e9cifiques  pour  les  travaux \ncourants des particuliers\nTuyau d'arrosage connect\u00e9 \u00e0 une arriv\u00e9e d'eau  \nop\u00e9rationnelle  et  \u00e0  port\u00e9e  de  main  ou  1  \nextincteur \u00e0 eau pour les feux de v\u00e9g\u00e9tation *\n*L'extincteur \u00e0 eau pour les feux de v\u00e9g\u00e9tation  : compos\u00e9 d'eau et d'additif, de 6 litres, 9 litres  \nou 12 litres, celui-ci doit \u00eatre de classe A (ou classe AB), c'est-\u00e0-dire qu'il est destin\u00e9 \u00e0 \u00e9teindre  \ndes mat\u00e9riaux solides inflammables.\nD'autres dispositifs d'aspersion (atomiseur d'eau, pulv\u00e9risateur sous pression), destin\u00e9s \u00e0 \u00eatre  \nutilis\u00e9s  sur  un  d\u00e9part  de  feu  sur  de  la  v\u00e9g\u00e9tation,  peuvent  \u00eatre  admis  sous  \nconditions cumulatives :\n\u2022 doit contenir au minimum le m\u00eame volume d'eau que l'extincteur \u00e0 eau (6 ou 9 litres) ou  \nsi le m\u00eame volume ne peut \u00eatre disponible peut \u00eatre accompagn\u00e9 d'une nourrice d'eau qui  \nne devra pas \u00eatre dissoci\u00e9e ;\n\u2022 doit \u00eatre \u00e0 disposition imm\u00e9diate (\u00e0 proximit\u00e9 et utilisable aussit\u00f4t) ; \n\u2022 doit \u00eatre efficace pour son r\u00f4le de freinage et d'extinction de d\u00e9part de feu.\nSection 3 \u2013 Pouvoirs de police, sanctions et dispositions diverses\nArticle 14\nEn  vertu  des  pouvoirs  que  lui  conf\u00e8re  l'article  L.2212-2  du  code  g\u00e9n\u00e9ral  des  collectivit\u00e9s \nterritoriales, le maire peut interdire ou interrompre la pratique et l'utilisation de feux et de  \nbr\u00fblage si les circonstances locales l'exigent.\n8\nPr\u00e9fecture de la C\u00f4te-d'Or - 21-2025-06-12-00001 - Arr\u00eat\u00e9 pr\u00e9fectoral n\u00b0801 du 12 juin 2025 relatif \u00e0 la pr\u00e9vention des feux de for\u00eat et\nd'espace naturel 58\nArticle 15 \nSanctions en cas de non-respect du pr\u00e9sent arr\u00eat\u00e9 :\n\u2022 Conform\u00e9ment  aux  dispositions  de  l'article  R.610-5  du  code  p\u00e9nal,  la  violation  des \ninterdictions ou le manquement aux obligations \u00e9dict\u00e9es par le pr\u00e9sent arr\u00eat\u00e9 sont  \npunis de l'amende pr\u00e9vue pour les contraventions de 1  classe.\u02b3\u1d49\n\u2022 En outre, les dispositions de l'article R.163-2 du code forestier pr\u00e9voient, pour toute  \ninfraction aux articles L.131-1 et suivants du m\u00eame code, une contravention de la 4 \u1d49 \nclasse.\nSanctions en cas d'incendie de bois, for\u00eats, plantations ou reboisements :\nToute infraction aux dispositions pr\u00e9cit\u00e9es sera punie des peines pr\u00e9vues par le  code forestier,  \nle code de l'environnement et le code p\u00e9nal, sans pr\u00e9judice des dommages et int\u00e9r\u00eats pouvant  \n\u00eatre demand\u00e9s. \nArticle 17\nEn cas de conditions climatiques exceptionnellement d\u00e9favorables, entra\u00eenant un risque accru  \nd'incendie, le repr\u00e9sentant de l'\u00c9tat dans le d\u00e9partement peut d\u00e9cider temporairement de  \nrenforcer la r\u00e9glementation pr\u00e9vue par le pr\u00e9sent arr\u00eat\u00e9.\nArticle 18\nLe pr\u00e9sent arr\u00eat\u00e9 peut faire l'objet dans le d\u00e9lai de deux mois \u00e0 compter de sa notification ou  \nde sa publication d'un :\n\u2013 recours gracieux aupr\u00e8s du Pr\u00e9fet de la C\u00f4te d'Or\n\u2013 recours hi\u00e9rarchique\n\u2013 recours contentieux devant le tribunal administratif de Dijon. Le tribunal administratif  \npeut \u00eatre saisi d'un recours d\u00e9pos\u00e9 via l'application T\u00e9l\u00e9recours citoyens accessible par  \nle site internet www.telerecours.fr\nArticle     19  \nLa directrice de cabinet du pr\u00e9fet de la C\u00f4te-d'Or, le pr\u00e9sident du Conseil D\u00e9partemental de  \nla C\u00f4te-d'Or, le commandant du groupement de gendarmerie de la C\u00f4te-d'Or, le directeur  \nd\u00e9partemental de la s\u00e9curit\u00e9 publique, le directeur du service d\u00e9partemental d'incendie et de  \nsecours, le directeur de l'agence territoriale de l'Office National des For\u00eats, le chef du service  \nd\u00e9partemental  de  l'Office  Fran\u00e7ais  de  la  Biodiversit\u00e9,  la  directrice  d\u00e9partementale  des \nterritoires de la C\u00f4te d'Or, les maires des communes du d\u00e9partement de la C\u00f4te-d'Or, sont  \ncharg\u00e9s, chacun en ce qui les concerne, de l'ex\u00e9cution du pr\u00e9sent arr\u00eat\u00e9 qui sera publi\u00e9 au  \nrecueil des actes administratifs de la pr\u00e9fecture.\n   Fait \u00e0 Dijon, le 12 juin 2025\n   Le pr\u00e9fet,\n  ORIGINAL SIGNE   \n \nPaul MOURIER\n9\nPr\u00e9fecture de la C\u00f4te-d'Or - 21-2025-06-12-00001 - Arr\u00eat\u00e9 pr\u00e9fectoral n\u00b0801 du 12 juin 2025 relatif \u00e0 la pr\u00e9vention des feux de for\u00eat et\nd'espace naturel 59\nANNEXE A\nCommunes de la zone Auxois-Morvan\nAISY SOUS THIL\nALLEREY\nANTIGNY LA VILLE\nARCONCEY\nARNAY LE DUC\nARNAY SOUS VITTEAUX\nATHIE\nAVOSNES\nBARD LE REGULIER\nBARD LES EPOISSES\nBELLENOT SOUS POUILLY\nBEUREY BAUGUAY\nBEURIZOT\nBLANCEY\nBLANOT\nBOUHEY\nBOUSSEY\nBRAIN\nBRAUX\nBRAZEY EN MORVAN\nBRIANNY\nCENSEREY\nCHAILLY SUR ARMANCON\nCHAMP D'OISEAU\nCHAMPEAU EN MORVAN\nCHAMPIGNOLLES\nCHARIGNY\nCHARNY\nCHATEAUNEUF\nCHATELLENOT\nCHAZILLY\nCHEVANNAY\nCIVRY EN MONTAGNE\nCLAMEREY\nCLOMOT\nCOMMARIN\nCORROMBLES\nCORSAINT\nCOURCELLES FREMOY\nCOURCELLES LES SEMUR\nCREANCEY\nCULETRE\nDAMPIERRE EN MONTAGNE\nDIANCEY\nDOMPIERRE EN MORVAN\nEGUILLY\nEPOISSES\nESSEY\nFOISSY\nFONTANGY\nFORLEANS\nGENAY\nGISSEY LE VIEL\nGROSBOIS EN MONTAGNE\nJAILLY LES MOULINS\nJEUX LES BARD\nJOUEY\nJUILLENAY\nJUILLY\nLA MOTTE TERNANT\nLA ROCHE EN BRENIL\nLACANCHE\nLACOUR D'ARCENAY\nLE FETE\nLE VAL LARREY\nLIERNAIS\nLONGECOURT LES CULETRE\nMACONGE\nMAGNIEN\nMAGNY LA VILLE\nMALIGNY\nMANLAY\nMARCELLOIS\nMARCHESEUIL\nMARCIGNY SOUS THIL\nMARCILLY ET DRACY\nMARCILLY OGNY\nMARTROIS\nMASSINGY LES SEMUR\nMASSINGY LES VITTEAUX\nMEILLY SUR ROUVRES\nMENESSAIRE\nMILLERY\nMIMEURE\nMISSERY\nMOLPHEY\nMONT SAINT JEAN\nMONTBERTHAULT\nMONTIGNY SAINT \nBARTHELEMY\nMONTIGNY SUR \nARMANCON\nMONTLAY EN AUXOIS\nMOUTIERS SAINT JEAN\nMUSIGNY\nNAN SOUS THIL\nNOIDAN\nNORMIER\nPONT ET MASSENE\nPOSANGES\nPOUILLY EN AUXOIS\nPRECY SOUS THIL\nROILLY\nROUVRAY\nROUVRES SOUS MEILLY\nSAFFRES\nSAINT ANDEUX\nSAINT DIDIER\nSAINT EUPHRONE\nSAINT GERMAIN DE \nMODEON\nSAINT MARTIN DE LA MER\nSAINT PIERRE EN VAUX\nSAINT PRIX LES ARNAY\nSAINT THIBAULT\nSAINTE COLOMBE EN \nAUXOIS\nSAINTE SABINE\nSAULIEU\nSAVILLY\nSEMAREY\nSEMUR EN AUXOIS\nSINCEY LES ROUVRAY\nSOUHEY\nSOUSSEY SUR BRIONNE\nSUSSEY\nTHOISY LA BERCHERE\nTHOISY LE DESERT\nTHOREY SOUS CHARNY\nTHOSTE\nTHURY\nTORCY ET POULIGNY\nTOUTRY\nUNCEY LE FRANC\nVANDENESSE EN AUXOIS\nVELOGNY\nVESVRES\nVIANGES\nVIC DE CHASSENAY\nVIC SOUS THIL\nVIEUX CHATEAU\nVIEVY\nVILLAINES LES PREVOTES\nVILLARGOIX\nVILLARS ET VILLENOTTE\nVILLEBERNY\nVILLEFERRY\nVILLENEUVE SOUS \nCHARIGNY\nVILLIERS EN MORVAN\nVILLY EN AUXOIS\nVISERNY\nVITTEAUX\nVOUDENAY\n10\nPr\u00e9fecture de la C\u00f4te-d'Or - 21-2025-06-12-00001 - Arr\u00eat\u00e9 pr\u00e9fectoral n\u00b0801 du 12 juin 2025 relatif \u00e0 la pr\u00e9vention des feux de for\u00eat et\nd'espace naturel 60\nCommunes de la zone C\u00f4te \u2013 Arri\u00e8re C\u00f4te\nAGENCOURT\nALOXE CORTON\nANTHEUIL\nARCENANT\nARGILLY\nAUBAINE\nAUBIGNY LA RONCE\nAUXANT\nAUXEY DURESSES\nBARGES\nBAUBIGNY\nBEAUNE\nBESSEY EN CHAUME\nBESSEY LA COUR\nBEVY\nBLIGNY LES BEAUNE\nBLIGNY SUR OUCHE\nBONCOURT LE BOIS\nBOUILLAND\nBOUZE LES BEAUNE\nBROCHON\nBROINDON\nCHAMBOEUF\nCHAMBOLLE MUSIGNY\nCHASSAGNE MONTRACHET\nCHAUDENAY LA VILLE\nCHAUDENAY LE CHATEAU\nCHAUX\nCHENOVE\nCHEVANNES\nCHEVIGNY EN VALIERE\nCHOREY LES BEAUNE\nCOLLONGES LES BEVY\nCOLOMBIER\nCOMBERTAULT\nCOMBLANCHIEN\nCORBERON\nCORCELLES LES ARTS\nCORCELLES LES MONTS\nCORGENGOUX\nCORGOLOIN\nCORMOT VAUCHIGNON\nCORPEAU\nCOUCHEY\nCRUGEY\nCURLEY\nCURTIL VERGY\nCUSSY LA COLONNE\nCUSSY LE CHATEL\nDETAIN ET BRUANT\nDIJON\nEBATY\nECHEVRONNE\nECUTIGNY\nEPERNAY SOUS GEVREY\nFIXIN\nFLAGEY ECHEZEAUX\nFLAVIGNEROT\nFUSSEY\nGERLAND\nGEVREY CHAMBERTIN\nGILLY LES CITEAUX\nL ETANG VERGY\nLA BUSSIERE SUR OUCHE\nLA ROCHEPOT\nLADOIX SERRIGNY\nLEVERNOIS\nLUSIGNY SUR OUCHE\nMAGNY LES VILLERS\nMAREY LES FUSSEY\nMARIGNY LES REULLEE\nMARSANNAY LA COTE\nMAVILLY MANDELOT\nMELOISEY\nMERCEUIL\nMESSANGES\nMEUILLEY\nMEURSANGES\nMEURSAULT\nMOLINOT\nMONTAGNY LES BEAUNE\nMONTCEAU ET ECHARNANT\nMONTHELIE\nMOREY SAINT DENIS\nNANTOUX\nNOIRON SOUS GEVREY\nNOLAY\nNUITS SAINT GEORGES\nPAINBLANC\nPERNAND VERGELESSES\nPOMMARD\nPREMEAUX PRISSEY\nPULIGNY MONTRACHET\nQUINCEY\nREULLE VERGY\nRUFFEY LES BEAUNE\nSAINT AUBIN\nSAINT BERNARD\nSAINT NICOLAS LES \nCITEAUX\nSAINT PHILIBERT\nSAINT ROMAIN\nSAINTE MARIE LA BLANCHE\nSANTENAY\nSANTOSSE\nSAULON LA CHAPELLE\nSAULON LA RUE\nSAUSSEY\nSAVIGNY LES BEAUNE\nSAVOUGES\nSEGROIS\nSEMEZANGES\nTAILLY\nTERNANT\nTHOMIREY\nTHOREY SUR OUCHE\nVAL MONT\nVALFORET\nVEILLY\nVEUVEY SUR OUCHE\nVIC DES PRES\nVIGNOLES\nVILLARS FONTAINE\nVILLEBICHOT\nVILLERS LA FAYE\nVILLY LE MOUTIER\nVOLNAY\nVOSNE ROMANEE\nVOUGEOT\nCommunes de la zone Montagne Bourguignonne\nAGEY\nAHUY\nANCEY\nARCEY\nASNIERES LES DIJON\nAUBIGNY LES SOMBERNON\nAVELANGES\nAVOT\nBARBIREY SUR OUCHE\nBARJON\nBAULME LA ROCHE\nBELLEFOND\nBENEUVRE\nBLAISY BAS\nBLAISY HAUT\nBLIGNY LE SEC\nBOUSSENOIS\nBOUX SOUS SALMAISE\n11\nPr\u00e9fecture de la C\u00f4te-d'Or - 21-2025-06-12-00001 - Arr\u00eat\u00e9 pr\u00e9fectoral n\u00b0801 du 12 juin 2025 relatif \u00e0 la pr\u00e9vention des feux de for\u00eat et\nd'espace naturel 61\nBRETIGNY\nBUSSEROTTE\nBUSSIERES\nBUSSY LA PESLE\nCHAIGNAY\nCHAMPAGNY\nCHAMPRENAULT\nCHARENCEY\nCLENAY\nCOURLON\nCOURTIVRON\nCRECEY SUR TILLE\nCURTIL SAINT SEINE\nCUSSEY LES FORGES\nDAIX\nDAROIS\nDIENAY\nDREE\nECHANNAY\nECHEVANNES\nEPAGNY\nETAULES\nFLACEY\nFLEUREY SUR OUCHE\nFONCEGRIVE\nFONTAINE LES DIJON\nFRAIGNOT ET VESVROTTE\nFRANCHEVILLE\nFRENOIS\nGEMEAUX\nGERGUEIL\nGISSEY SUR OUCHE\nGRANCEY LE CHATEAU \nNEUVELL\nGRENAND LES SOMBERNON\nHAUTEVILLE LES DIJON\nIS SUR TILLE\nLAMARGELLE\nLANTENAY\nLE MEIX\nLERY\nMALAIN\nMARCILLY SUR TILLE\nMAREY SUR TILLE\nMARSANNAY LE BOIS\nMESMONT\nMESSIGNY ET VANTOUX\nMOLOY\nMONTOILLOT\nNORGES LA VILLE\nORVILLE\nPANGES\nPASQUES\nPELLEREY\nPICHANGES\nPLOMBIERES LES DIJON\nPOISEUL LES SAULX\nPONCEY SUR L'IGNON\nPRALON\nPRENOIS\nREMILLY EN MONTAGNE\nRUFFEY LES ECHIREY\nSAINT ANTHOT\nSAINT HELIER\nSAINT JEAN DE BOEUF\nSAINT JULIEN\nSAINT MARTIN DU MONT\nSAINT MESMIN\nSAINT SEINE L'ABBAYE\nSAINT VICTOR SUR OUCHE\nSAINTE MARIE SUR OUCHE\nSALIVES\nSALMAISE\nSAULX LE DUC\nSAUSSY\nSAVIGNY LE SEC\nSAVIGNY SOUS MALAIN\nSELONGEY\nSOMBERNON\nSOURCE SEINE\nTALANT\nTARSUL\nTIL CHATEL\nTROUHAUT\nTURCEY\nURCY\nVAL SUZON\nVAUX SAULES\nVELARS SUR OUCHE\nVERNOIS LES VESVRES\nVERNOT\nVERONNES\nVERREY SOUS DREE\nVERREY SOUS SALMAISE\nVIEILMOULIN\nVILLECOMTE\nVILLEY SUR TILLE\nVILLOTTE SAINT SEINE\nCommunes de la zone Plaine de Sa\u00f4ne\nAISEREY\nARC SUR TILLE\nARCEAU\nATHEE\nAUBIGNY EN PLAINE\nAUVILLARS SUR SAONE\nAUXONNE\nBAGNOT\nBEAUMONT SUR \nVINGEANNE\nBEIRE LE CHATEL\nBEIRE LE FORT\nBELLENEUVE ARCON\nBESSEY LES CITEAUX\nBEZE\nBEZOUOTTE\nBILLEY\nBINGES\nBLAGNY SUR VINGEANNE\nBONNENCONTRE\nBOURBERAIN\nBOUSSELANGE\nBRAZEY EN PLAINE\nBRESSEY SUR TILLE\nBRETENIERE\nBROGNON\nBROIN\nCESSEY SUR TILLE\nCHAMBEIRE\nCHAMBLANC\nCHAMPAGNE SUR \nVINGEANNE\nCHAMPDOTRE\nCHARMES\nCHARREY SUR SAONE\nCHAUME ET COURCHAMP\nCHAZEUIL\nCHEUGE\nCHEVIGNY SAINT SAUVEUR\nCHIVRES\nCIREY LES PONTAILLER\nCLERY\nCOLLONGES ET PREMIERES\nCORCELLES LES CITEAUX\nCOUTERNON\nCUISEREY\nDAMPIERRE ET FLEE\nDRAMBON\nECHENON\nECHIGEY\nESBARRES\nETEVAUX\nFAUVERNEY\nFENAY\nFLAGEY LES AUXONNE\nFLAMMERANS\nFONTAINE FRANCAISE\n12\nPr\u00e9fecture de la C\u00f4te-d'Or - 21-2025-06-12-00001 - Arr\u00eat\u00e9 pr\u00e9fectoral n\u00b0801 du 12 juin 2025 relatif \u00e0 la pr\u00e9vention des feux de for\u00eat et\nd'espace naturel 62\nFONTENELLE\nFRANXAULT\nGENLIS\nGLANON\nGROSBOIS LES TICHEY\nHEUILLEY SUR SAONE\nIZEURE\nIZIER\nJALLANGES\nJANCIGNY\nLABERGEMENT FOIGNEY\nLABERGEMENT LES \nAUXONNE\nLABERGEMENT LES SEURRE\nLABRUYERE\nLAMARCHE SUR SAONE\nLANTHES\nLAPERRIERE SUR SAONE\nLECHATELET\nLES MAILLYS\nLICEY SUR VINGEANNE\nLONGCHAMP\nLONGEAULT PLUVAULT\nLONGECOURT EN PLAINE\nLONGVIC\nLOSNE\nLUX\nMAGNY LES AUBIGNY\nMAGNY MONTARLOT\nMAGNY SAINT MEDARD\nMAGNY SUR TILLE\nMARANDEUIL\nMARLIENS\nMAXILLY SUR SAONE\nMIREBEAU SUR BEZE\nMONTAGNY LES SEURRE\nMONTIGNY MORNAY \nVILLENEUVE\nMONTMAIN\nMONTMANCON\nMONTOT\nNEUILLY CRIMOLOIS\nNOIRON SUR BEZE\nOISILLY\nORAIN\nORGEUX\nOUGES\nPAGNY LA VILLE\nPAGNY LE CHATEAU\nPERRIGNY LES DIJON\nPERRIGNY SUR L'OGNON\nPLUVET\nPONCEY LES ATHEE\nPONT\nPONTAILLER SUR SAONE\nPOUILLY SUR SAONE\nPOUILLY SUR VINGEANNE\nQUETIGNY\nREMILLY SUR TILLE\nRENEVE\nROUVRES EN PLAINE\nSACQUENAY\nSAINT APOLLINAIRE\nSAINT JEAN DE LOSNE\nSAINT LEGER TRIEY\nSAINT MAURICE SUR \nVINGEANN\nSAINT SAUVEUR\nSAINT SEINE EN BACHE\nSAINT SEINE SUR \nVINGEANNE\nSAINT SYMPHORIEN SUR \nSAONE\nSAINT USAGE\nSAMEREY\nSAVOLLES\nSENNECEY LES DIJON\nSEURRE\nSOIRANS\nSOISSONS SUR NACEY\nSPOY\nTALMAY\nTANAY\nTART\nTART LE BAS\nTELLECEY\nTHOREY EN PLAINE\nTICHEY\nTILLENAY\nTRECLUN\nTROCHERES\nTROUHANS\nTRUGNY\nVARANGES\nVAROIS ET CHAIGNOT\nVIELVERGE\nVIEVIGNE\nVILLERS LES POTS\nVILLERS ROTIN\nVONGES\nCommunes de la zone Plateau Bourguignon\nAIGNAY LE DUC\nAISEY SUR SEINE\nALISE SAINTE REINE\nAMPILLY LE SEC\nAMPILLY LES BORDES\nARRANS\nASNIERES EN MONTAGNE\nAUTRICOURT\nBAIGNEUX LES JUIFS\nBALOT\nBEAULIEU\nBEAUNOTTE\nBELAN SUR OURCE\nBELLENOD SUR SEINE\nBENOISEY\nBILLY LES CHANCEAUX\nBISSEY LA COTE\nBISSEY LA PIERRE\nBOUDREVILLE\nBOUIX\nBREMUR ET VAUROIS\nBRION SUR OURCE\nBUFFON\nBUNCEY\nBURE LES TEMPLIERS\nBUSSEAUT\nBUSSY LE GRAND\nBUXEROLLES\nCERILLY\nCHAMBAIN\nCHAMESSON\nCHANCEAUX\nCHANNAY\nCHARREY SUR SEINE\nCHASSEY\nCHATILLON SUR SEINE\nCHAUGEY\nCHAUME LES BAIGNEUX\nCHAUMONT LE BOIS\nCHEMIN D'AISEY\nCORPOYER LA CHAPELLE\nCOULMIER LE SEC\nCOURBAN\nCOURCELLES LES \nMONTBARD\n13\nPr\u00e9fecture de la C\u00f4te-d'Or - 21-2025-06-12-00001 - Arr\u00eat\u00e9 pr\u00e9fectoral n\u00b0801 du 12 juin 2025 relatif \u00e0 la pr\u00e9vention des feux de for\u00eat et\nd'espace naturel 63\nCREPAND\nDARCEY\nDUESME\nECHALOT\nERINGES\nESSAROIS\nETAIS\nETALANTE\nETORMAY\nETROCHEY\nFAIN LES MONTBARD\nFAIN LES MOUTIERS\nFAVEROLLES LES LUCEY\nFLAVIGNY SUR OZERAIN\nFONTAINES EN DUESMOIS\nFONTAINES LES SECHES\nFRESNES\nFROLOIS\nGEVROLLES\nGISSEY SOUS FLAVIGNY\nGOMMEVILLE\nGRANCEY SUR OURCE\nGRESIGNY SAINTE REINE\nGRIGNON\nGRISELLES\nGURGY LA VILLE\nGURGY LE CHATEAU\nHAUTEROCHE\nJOURS LES BAIGNEUX\nLA CHAUME\nLA ROCHE VANNEAU\nLA VILLENEUVE LES \nCONVERS\nLAIGNES\nLANTILLY\nLARREY\nLES GOULLES\nLEUGLAY\nLIGNEROLLES\nLOUESME\nLUCENAY LE DUC\nLUCEY\nMAGNY LAMBERT\nMAISEY LE DUC\nMARCENAY\nMARIGNY LE CAHOUET\nMARMAGNE\nMASSINGY LES CHATILLON\nMAUVILLY\nMENESBLE\nMENETREUX LE PITOIS\nMEULSON\nMINOT\nMOITRON\nMOLESME\nMONTBARD\nMONTIGNY MONTFORT\nMONTIGNY SUR AUBE\nMONTLIOT ET COURCELLES\nMONTMOYEN\nMOSSON\nMUSSY LA FOSSE\nNESLE ET MASSOULT\nNICEY\nNOD SUR SEINE\nNOGENT LES MONTBARD\nNOIRON SUR SEINE\nOBTREE\nOIGNY\nORIGNY\nORRET\nPLANAY\nPOINCON LES LARREY\nPOISEUL LA GRANGE\nPOISEUL LA VILLE LAPERRIER\nPOTHIERES\nPOUILLENAY\nPRUSLY SUR OURCE\nPUITS\nQUEMIGNY SUR SEINE\nQUINCEROT\nQUINCY LE VICOMTE\nRECEY SUR OURCE\nRIEL LES EAUX\nROCHEFORT SUR BREVON\nROUGEMONT\nSAINT BROING LES MOINES\nSAINT GERMAIN LE \nROCHEUX\nSAINT GERMAIN LES \nSENAILLY\nSAINT MARC SUR SEINE\nSAINT REMY\nSAINTE COLOMBE SUR SEINE\nSAVOISY\nSEIGNY\nSEMOND\nSENAILLY\nTERREFONDREE\nTHENISSEY\nTHOIRES\nTOUILLON\nVANNAIRE\nVANVEY\nVENAREY LES LAUMES\nVERDONNET\nVERTAULT\nVEUXHAULLES SUR AUBE\nVILLAINES EN DUESMOIS\nVILLEDIEU\nVILLERS PATRAS\nVILLIERS LE DUC\nVILLOTTE SUR OURCE\nVIX\nVOULAINES LES TEMPLIERS\n14\nPr\u00e9fecture de la C\u00f4te-d'Or - 21-2025-06-12-00001 - Arr\u00eat\u00e9 pr\u00e9fectoral n\u00b0801 du 12 juin 2025 relatif \u00e0 la pr\u00e9vention des feux de for\u00eat et\nd'espace naturel 64\nPr\u00e9fecture de la C\u00f4te-d'Or\nDirection des s\u00e9curit\u00e9s\n21-2025-06-12-00003\nArr\u00eat\u00e9 pr\u00e9fectoral n\u00b0802 portant approbation\ndes dispositions sp\u00e9cifiques de l'organisation de\nla r\u00e9ponse de s\u00e9curit\u00e9 civile (ORSEC) \u00ab\u00a0feux de\nfor\u00eat\u00a0\u00bb de la C\u00f4te-d'Or\nPr\u00e9fecture de la C\u00f4te-d'Or - 21-2025-06-12-00003 - Arr\u00eat\u00e9 pr\u00e9fectoral n\u00b0802 portant approbation des dispositions sp\u00e9cifiques de\nl'organisation de la r\u00e9ponse de s\u00e9curit\u00e9 civile (ORSEC) \u00ab\u00a0feux de for\u00eat\u00a0\u00bb de la C\u00f4te-d'Or 65\nExPREFETDE LACOTE-D'ORLibert\u00e9Egalit\u00e9Fraternit\u00e9\nDirection des s\u00e9curit\u00e9s\n               Dijon, le 12 juin 2025   \nArr\u00eat\u00e9 pr\u00e9fectoral n\u00b0802\nPortant approbation des dispositions sp\u00e9cifiques de l'organisation de la r\u00e9ponse de s\u00e9curit\u00e9  \ncivile (ORSEC) \u00ab feux de for\u00eat \u00bb de la C\u00f4te-d'Or\nLe pr\u00e9fet de la C\u00f4te-d'Or\nVU  le code forestier, et notamment son titre III \u2013 D\u00e9fense et lutte contre les incendies de  \nfor\u00eat (articles L131-1 \u00e0 L136-1),\nVU le code de l'environnement,\nVU le code de l'urbanisme,\nVU le code g\u00e9n\u00e9ral des collectivit\u00e9s territoriales, et notamment les articles L2212-1,  L2212-2  \net L2215-1,\nVU le d\u00e9cret n\u00b0 2010-146 du 16 f\u00e9vrier 2010 modifiant le d\u00e9cret n\u00b0 2004-374 du 29 avril 2004  \nrelatif aux pouvoirs des pr\u00e9fets, \u00e0 l'organisation et \u00e0 l'action des services de l'\u00c9tat dans les  \nr\u00e9gions et d\u00e9partements,\nVU le d\u00e9cret du 10 octobre 2024 portant nomination du pr\u00e9fet de la r\u00e9gion Bourgogne-\nFranche-Comt\u00e9, pr\u00e9fet de la C\u00f4te-d'Or \u2013 M. MOURIER (Paul),\nVU l'avis de la sous-commission feux de foret en date du 14 avril 2025,\nConsid\u00e9rant que la for\u00eat couvre pr\u00e8s de 40 % du territoire du d\u00e9partement de la C\u00f4te d'Or,\nConsid\u00e9rant que le ph\u00e9nom\u00e8ne de r\u00e9chauffement climatique g\u00e9n\u00e8re une augmentation de la  \nvuln\u00e9rabilit\u00e9 du d\u00e9partement au risque d'incendie de for\u00eat ;\nConsid\u00e9rant que  dans  l'int\u00e9r\u00eat  de  la  s\u00e9curit\u00e9  des  personnes,  des  biens,  des  activit\u00e9s \n\u00e9conomiques et sociales et des espaces prot\u00e9g\u00e9s, il convient d'assurer la protection de la  \nfor\u00eat et de la v\u00e9g\u00e9tation contre les incendies en raison d'un risque \u00e9lev\u00e9 d\u00fb \u00e0 l'\u00e9tat de  \ns\u00e9cheresse ;\nConsid\u00e9rant que  l'activit\u00e9  humaine  est  une  des  principales  causes  de  d\u00e9clenchement \nd'incendies ;\nSur proposition de la directrice de cabinet,\nPr\u00e9fecture de la C\u00f4te d'Or\n53 rue de la Pr\u00e9fecture 21041 DIJON CEDEX\n03.80.44.64.00 - pref-defense-protection-civile@cote-dor.gouv.fr \nPr\u00e9fecture de la C\u00f4te-d'Or - 21-2025-06-12-00003 - Arr\u00eat\u00e9 pr\u00e9fectoral n\u00b0802 portant approbation des dispositions sp\u00e9cifiques de\nl'organisation de la r\u00e9ponse de s\u00e9curit\u00e9 civile (ORSEC) \u00ab\u00a0feux de for\u00eat\u00a0\u00bb de la C\u00f4te-d'Or 66\nARR\u00caTE\nArticle 1er  :  Les dispositions sp\u00e9cifiques ORSEC feux de for\u00eat, annex\u00e9es au pr\u00e9sent arr\u00eat\u00e9  \nsont approuv\u00e9es. Ces dispositions s'int\u00e8grent au dispositif ORSEC d\u00e9partemental.\nArticle 2  :  le pr\u00e9sent arr\u00eat\u00e9 peut faire l'objet dans le d\u00e9lai de deux mois \u00e0 compter de sa  \nnotification ou de sa publication d'un :\n\u2013 recours gracieux aupr\u00e8s du Pr\u00e9fet de la C\u00f4te d'Or\n\u2013 recours hi\u00e9rarchique\n\u2013 recours contentieux devant le tribunal administratif de Dijon qui peut \u00eatre saisi d'un  \nrecours  d\u00e9pos\u00e9 via l'application T\u00e9l\u00e9recours citoyens  accessible par  le site internet  \nwww.telerecours.fr\nArticle  3 :  Le  directeur  de  cabinet  du  pr\u00e9fet  de  la  C\u00f4te-d'Or,  le  pr\u00e9sident  du  Conseil \nD\u00e9partemental de la C\u00f4te d'Or, le commandant du groupement de gendarmerie de la C\u00f4te  \nd'Or,  le  directeur  interd\u00e9partemental  de  la  police  nationale,  le  directeur  du  service \nd\u00e9partemental  d'incendie  et  de  secours,  le  directeur  de  l'agence  territoriale  de  l'Office \nNational des For\u00eats, le chef du service d\u00e9partemental de l'Office Fran\u00e7ais de la Biodiversit\u00e9,  \nla directrice d\u00e9partementale des territoires de la C\u00f4te d'Or, les maires des communes du  \nd\u00e9partement de la C\u00f4te d'Or, sont charg\u00e9s, chacun en ce qui les concerne, de l'ex\u00e9cution du  \npr\u00e9sent arr\u00eat\u00e9 qui sera publi\u00e9 au recueil des actes administratifs de la pr\u00e9fecture.\nFait \u00e0 Dijon, le 12 juin 2025   \nLE PR\u00c9FET,\nORIGINAL SIGNE  \nPaul MOURIER\nPr\u00e9fecture de la C\u00f4te d'Or\n53 rue de la Pr\u00e9fecture 21041 DIJON CEDEX\n03.80.44.64.00 - pref-defense-protection-civile@cote-dor.gouv.fr \nPr\u00e9fecture de la C\u00f4te-d'Or - 21-2025-06-12-00003 - Arr\u00eat\u00e9 pr\u00e9fectoral n\u00b0802 portant approbation des dispositions sp\u00e9cifiques de\nl'organisation de la r\u00e9ponse de s\u00e9curit\u00e9 civile (ORSEC) \u00ab\u00a0feux de for\u00eat\u00a0\u00bb de la C\u00f4te-d'Or 67\nPr\u00e9fecture de la C\u00f4te-d'Or\nDirection des s\u00e9curit\u00e9s\n21-2025-06-12-00004\nArr\u00eat\u00e9 pr\u00e9fectoral N\u00b0831 autorisant la captation,\nl'enregistrement et la transmission d'images au\nmoyen de cam\u00e9ras install\u00e9es sur des a\u00e9ronefs\nPr\u00e9fecture de la C\u00f4te-d'Or - 21-2025-06-12-00004 - Arr\u00eat\u00e9 pr\u00e9fectoral N\u00b0831 autorisant la captation, l'enregistrement et la transmission\nd'images au moyen de cam\u00e9ras install\u00e9es sur des a\u00e9ronefs 68\nExPREFETDE LACOTE-D'ORLibert\u00e9Egalit\u00e9Fraternit\u00e9\nDirection des s\u00e9curit\u00e9s\nBureau d\u00e9fense et s\u00e9curit\u00e9\nDijon, le 12 juin 2025\nArr\u00eat\u00e9 pr\u00e9fectoral N\u00b0831\nautorisant la captation, l'enregistrement et la transmission d'images\nau moyen de cam\u00e9ras install\u00e9es sur des a\u00e9ronefs\nLe pr\u00e9fet de la C\u00f4te-d'Or\nVU le code de la s\u00e9curit\u00e9 int\u00e9rieure et notamment ses articles L. 242-1 \u00e0 L. 242-8 et R. 242-8 \u00e0 R. 242-\n14 ;\nVU le d\u00e9cret n\u00b0 2004-374 du 29 avril 2004 relatif aux pouvoirs des pr\u00e9fets, \u00e0 l'organisation et \u00e0\nl'action des services de l'\u00c9tat dans les r\u00e9gions et d\u00e9partements ;\nVU l'arr\u00eat\u00e9 du ministre de l'Int\u00e9rieur et des Outre-mer, en date du 19 avril 2023 relatif au nombre\nmaximal de cam\u00e9ras install\u00e9es sur des a\u00e9ronefs pouvant \u00eatre simultan\u00e9ment utilis\u00e9es dans chaque\nd\u00e9partement et collectivit\u00e9 d'outre-mer ;\nVU  l'arr\u00eat\u00e9 pr\u00e9fectoral n\u00b0 443/SG du 17 mars 2025 donnant d\u00e9l\u00e9gation de signature \u00e0 madame\nAur\u00e9lie  CONTRECIVILE,  sous-pr\u00e9f\u00e8te,  directrice  de  cabinet  du  pr\u00e9fet  de  la  r\u00e9gion  Bourgogne-\nFranche-Comt\u00e9, pr\u00e9fet de la C\u00f4te-d'Or ;\nVU la demande formul\u00e9e par le groupement de gendarmerie d\u00e9partementale de la C\u00f4te-d'Or,\nvisant \u00e0 obtenir l'autorisation de capter, d'enregistrer et de transmettre des images au moyen de\ndeux  cam\u00e9ras  install\u00e9es  sur  un  a\u00e9ronef  dans  le  cadre  de  la  s\u00e9curisation  des  casernes  de\ngendarmerie situ\u00e9es sur la commune de Beaune les 14 et 15 juin 2025;\nCONSID\u00c9RANT que les dispositions susvis\u00e9es et notamment le 1\u00b0 de l'article L. 242-5 du code de la\ns\u00e9curit\u00e9 int\u00e9rieure permettent aux forces de s\u00e9curit\u00e9 int\u00e9rieure, dans le cadre de la pr\u00e9vention des\natteintes \u00e0 la s\u00e9curit\u00e9 des personnes et des biens dans des lieux particuli\u00e8rement expos\u00e9s, en raison\nde leurs caract\u00e9ristiques ou des faits qui s'y sont d\u00e9j\u00e0 d\u00e9roul\u00e9s, \u00e0 des risques d'agressions, de vols ou\nde trafics d'armes, d'\u00eatres humains ou de stup\u00e9fiants, de proc\u00e9der \u00e0 la captation, \u00e0 l'enregistrement\net \u00e0 la transmission d'images au moyen de cam\u00e9ras install\u00e9es sur des a\u00e9ronefs ;\nCONSID\u00c9RANT les tirs de mortiers sur la caserne de la compagnie d\u00e9partementale de Beaune les\n1er et 8 juin 2025 ;\nCONSID\u00c9RANT le contexte de menace terroriste tr\u00e8s \u00e9lev\u00e9e ; que le plan VIGIPIRATE est maintenu\n\u00e0 son niveau sommital \u00ab urgence attentat \u00bb sur le territoire national depuis le 24 mars 2024 ;\nCONSID\u00c9RANT que la demande porte sur l'engagement de deux cam\u00e9ras a\u00e9roport\u00e9es  ; que les\nlieux surveill\u00e9s sont les casernes de la gendarmerie nationale sur Beaune dont la caserne vis\u00e9e par\ndes tirs de mortiers les 1er et 8 juin 2025 ; qu'ainsi la demande n'appara\u00eet pas disproportionn\u00e9e ;\nCONSID\u00c9RANT que,  pour  garantir  la  r\u00e9ussite  des  op\u00e9rations  pr\u00e9vues  par  le  groupement  de\ngendarmerie d\u00e9partementale de la C\u00f4te-d'Or, il convient d'en pr\u00e9server la confidentialit\u00e9  ; qu'en\ncons\u00e9quence, cette autorisation sera uniquement publi\u00e9e au recueil des actes administratifs de la\npr\u00e9fecture ;\nPr\u00e9fecture de la C\u00f4te-d'Or - 21-2025-06-12-00004 - Arr\u00eat\u00e9 pr\u00e9fectoral N\u00b0831 autorisant la captation, l'enregistrement et la transmission\nd'images au moyen de cam\u00e9ras install\u00e9es sur des a\u00e9ronefs 69\nCONSID\u00c9RANT que le recours au drone permettra aux forces de s\u00e9curit\u00e9 de disposer d'une vision\nd'ensemble, en grand angle, au regard du caract\u00e8re tr\u00e8s mobile des individus se livrant \u00e0 ce genre de\nfaits; que par cons\u00e9quent, le recours aux dispositifs de captation install\u00e9s sur des a\u00e9ronefs  est\nn\u00e9cessaire et adapt\u00e9 ; \nSUR proposition  de madame la directrice de cabinet du pr\u00e9fet de la r\u00e9gion Bourgogne-Franche-\nComt\u00e9, pr\u00e9fet de la C\u00f4te-d'Or,\nARR\u00caTE\nArticle  1er :  La  captation,  l'enregistrement  et  la  transmission  d'images  par  le  groupement  de\ngendarmerie d\u00e9partementale de la C\u00f4te-d'Or, est autoris\u00e9e au titre de la s\u00e9curisation des casernes\nde gendarmerie situ\u00e9es sur la commune de Beaune. Cette autorisation est valable du samedi 14 juin\n2025 \u00e0 21h00 au dimanche 15 juin 2025 \u00e0 07h00.\nArticle  2 :  Le  nombre  maximal  de  cam\u00e9ras  pouvant  proc\u00e9der  simultan\u00e9ment  aux  traitements\nmentionn\u00e9s  \u00e0  l'article  1 er est  fix\u00e9  \u00e0  2,  install\u00e9es  sur  des  a\u00e9ronefs  dont  les  r\u00e9f\u00e9rences  et\nimmatriculations sont list\u00e9es ci-dessous :\n-Drone Mavic 3T num\u00e9ro de s\u00e9rie 1581F5FJ723CD00AZ0KG \n-H\u00e9licopt\u00e8re EC 135 n\u00b0797 immatricul\u00e9 FMJDI.\nArticle 3  : La pr\u00e9sente autorisation est limit\u00e9e au p\u00e9rim\u00e8tre g\u00e9ographique des deux casernes de\ngendarmerie situ\u00e9es sur la commune de Beaune aux adresses suivantes :\n-Caserne et abords de la compagnie de Gendarmerie de Beaune sise 77 rue des Blanches Fleurs \u00e0\nBeaune ;\n-Caserne et abords de l'EGM44/7 de Beaune sis 2 rue Pasteur \u00e0 Beaune\nArticle 4  : Le pr\u00e9sent arr\u00eat\u00e9 est publi\u00e9 au recueil des actes administratifs de la pr\u00e9fecture et peut\nfaire l'objet d'un recours contentieux devant le tribunal administratif de Dijon dans un d\u00e9lai de\ndeux mois \u00e0 compter de sa publication.\nArticle 5  : La directrice de cabinet du pr\u00e9fet de la r\u00e9gion Bourgogne-Franche-Comt\u00e9, pr\u00e9fet de la\nC\u00f4te-d'Or, le secr\u00e9taire g\u00e9n\u00e9ral de la pr\u00e9fecture de la C\u00f4te-d'Or et le g\u00e9n\u00e9ral commandant la r\u00e9gion\nde  gendarmerie  de  Bourgogne  Franche-Comt\u00e9,  commandant  le  groupement  de  gendarmerie\nd\u00e9partementale de la C\u00f4te-d'Or sont charg\u00e9s, chacun en ce qui le concerne, de l'ex\u00e9cution du\npr\u00e9sent arr\u00eat\u00e9 qui sera adress\u00e9 pour copie \u00e0 monsieur le procureur de la R\u00e9publique pr\u00e8s le tribunal\njudiciaire de Dijon et monsieur le directeur interd\u00e9partemental de la police nationale en C\u00f4te-d'Or.\nFait \u00e0 Dijon, le 12 juin 2025\nLe pr\u00e9fet,\nPour le pr\u00e9fet et par d\u00e9l\u00e9gation,\nLa sous-pr\u00e9f\u00e8te, directrice de cabinet,\n                                                                                            ORIGINAL SIGN\u00c9\nAur\u00e9lie CONTRECIVILE\nPr\u00e9fecture de la C\u00f4te-d'Or - 21-2025-06-12-00004 - Arr\u00eat\u00e9 pr\u00e9fectoral N\u00b0831 autorisant la captation, l'enregistrement et la transmission\nd'images au moyen de cam\u00e9ras install\u00e9es sur des a\u00e9ronefs 70","date":"2025-06-13","first_seen_on":"2025-09-14T04:58:40+00:00","id":"cb6730776eae031036ac0961594147c83ad33a8cc3e98b2ae2d611304eed32c3","name":"RAA n\u00b0 082 du 13 juin 2025","pdf_creation_date":"2025-06-13T14:49:30+00:00","pdf_modification_date":null,"timezone":"Europe/Paris","url":"https://www.cote-dor.gouv.fr/contenu/telechargement/23565/179426/file/recueil-21-2025-082-recueil-des-actes-administratifs-special.pdf"}
