{"administration":"pref13","administration_name":"Pr\u00e9fecture des Bouches-du-Rh\u00f4ne","content":"BOUCHES-DU-\nRH\u00d4NE\nRECUEIL DES ACTES\nADMINISTRATIFS SP\u00c9CIAL\nN\u00b013-2025-379\nPUBLI\u00c9 LE 11 D\u00c9CEMBRE 2025\nSommaire\nDDETS 13 /\n13-2025-12-11-00006 - Arr\u00eat\u00e9 portant agr\u00e9ment d'un organisme au\ntitre d'Entreprise Solidaire d'Utilit\u00e9  Sociale (ESUS) au b\u00e9n\u00e9fice\nde Madame Sonia SUBRA Repr\u00e9sentante du conseil d'administration\nde l'Association \u00abZIMZAM\u00a0\u00bb L'Association \u00abZIMZAM\u00a0\u00bb sise,\n9 rue Vian 13006 MARSEILLE (2 pages) Page 3\n13-2025-12-10-00014 - R\u00e9c\u00e9piss\u00e9 de d\u00e9claration au titre des Services\n\u00e0 la Personne au b\u00e9n\u00e9fice de   Monsieur SGHAIER Ceifeddine en\nqualit\u00e9 d'entrepreneur individuel, situ\u00e9 134 Rue Liandier - 13008\nMARSEILLE (2 pages) Page 6\n13-2025-12-10-00013 - R\u00e9c\u00e9piss\u00e9 de d\u00e9claration au titre des Services\n\u00e0 la Personne au b\u00e9n\u00e9fice de  Monsieur BEROUAL Salem en qualit\u00e9\nd'entrepreneur individuel, situ\u00e9 7 Avenue de la Croix Rouge - 13013\nMARSEILLE (2 pages) Page 9\nPr\u00e9fecture des Bouches-du-Rhone / Direction de la Citoyennet\u00e9, de la\nL\u00e9galit\u00e9 et de l'Environnement\n13-2025-12-11-00005 - Arr\u00eat\u00e9 APG 2026 FDD Synergie renouvelable (3\npages) Page 12\n13-2025-12-11-00004 - Arr\u00eat\u00e9 APG 2026 Fonds de dotation handicap\nsolidarit\u00e9 (3 pages) Page 16\n13-2025-12-11-00003 - ARR\u00caT\u00c9 du  11 DECEMBRE 2025\nportant\nhabilitation sous le n\u00b0 25-13-0584 de l'auto-entreprise d\u00e9nomm\u00e9e\n\n\u00ab ANGELO BERNARD SERVICES FUNERAIRES \u00bb exploit\u00e9e par M.\nAngelo BERNARD\nsise \u00e0 ROGNAC (13340) dans le domaine fun\u00e9raire \n(2 pages) Page 20\n13-2025-12-09-00023 - ARR\u00caT\u00c9 du 09 DECEMBRE 2025\nportant\nhabilitation sous le n\u00b0 25-13-0009 de l'\u00e9tablissement secondaire de la\nsoci\u00e9t\u00e9\n\u00ab\u00a0OGF - SERVICES FUNERAIRES \u00bb exploit\u00e9 sous le\nnom commercial \n\u00ab POMPES FUNEBRES ET MARBRERIE PINCEDE - PFG\n\u00bb sis \u00e0\u00a0Marseille (13005) dans le domaine fun\u00e9raire et pour la gestion\net l'utilisation d'une chambre fun\u00e9raire (2 pages) Page 23\n13-2025-12-10-00015 - ARR\u00caT\u00c9 du 10 DECEMBRE 2025\nportant\nhabilitation sous le n\u00b0 25-13-0343 de l'\u00e9tablissement secondaire de la\nsoci\u00e9t\u00e9 \u00ab\u00a0FUNECAP SUD-EST\u00bb exploit\u00e9 sous l'enseigne \u00ab\nROC' ECLERC  \u00bb \nsis \u00e0 Gardanne (13120), dans le domaine\nfun\u00e9raire (2 pages) Page 26\n13-2025-12-11-00002 - ARR\u00caT\u00c9 du 11 DECEMBRE 2025\nportant\nhabilitation sous le n\u00b0 25-13-0583 de la soci\u00e9t\u00e9 d\u00e9nomm\u00e9e\n\n\u00ab\u00a0POMPES FUNEBRES LUMEA \u00bb sise \u00e0 ROGNAC (13340) dans le\ndomaine fun\u00e9raire (2 pages) Page 29\n2\nDDETS 13\n13-2025-12-11-00006\nArr\u00eat\u00e9 portant agr\u00e9ment d'un organisme au titre\nd'Entreprise Solidaire d'Utilit\u00e9  Sociale (ESUS) au\nb\u00e9n\u00e9fice de Madame Sonia SUBRA\nRepr\u00e9sentante du conseil d'administration de\nl'Association \u00abZIMZAM\u00a0\u00bb L'Association\n\u00abZIMZAM\u00a0\u00bb sise, 9 rue Vian 13006 MARSEILLE\nDDETS 13 - 13-2025-12-11-00006 - Arr\u00eat\u00e9 portant agr\u00e9ment d'un organisme au titre d'Entreprise Solidaire d'Utilit\u00e9  Sociale (ESUS) au\nb\u00e9n\u00e9fice de Madame Sonia SUBRA Repr\u00e9sentante du conseil d'administration de l'Association \u00abZIMZAM\u00a0\u00bb L'Association \u00abZIMZAM\u00a0\u00bb\nsise, 9 rue Vian 13006 MARSEILLE\n3\nE =PREFETDES BOUCHES-DU-RHONELibert\u00e9Egalit\u00e9Fraternit\u00e9\n             \n             Direction D\u00e9partementale\nde l'Emploi, du Travail\n et des Solidarit\u00e9s\ndes Bouches du Rh\u00f4ne\n             \n P\u00f4le Emploi Entreprises\n  D\u00e9partement Insertion Professionnelle\n    D\u00c9CISION D'AGR\u00c9MENT\n     \u00abEntreprise Solidaire d'Utilit\u00e9 Sociale\u00bb\nN\u00b0 \n \n        Le Pr\u00e9fet de la R\u00e9gion Provence Alpes C\u00f4te d'Azur\n                  Pr\u00e9fet de la zone de d\u00e9fense et de s\u00e9curit\u00e9 Sud\n       Pr\u00e9fet des Bouches-du-Rh\u00f4ne\nVu la loi 2014-856 du 31 juillet 2014 relative \u00e0 l'\u00e9conomie sociale et solidaire,\nVu les articles L 3332-17-1, R 3332-21-1et R 3332-21-3 du code du travail,\nVu le d\u00e9cret n\u00b0 2015-719 du 23 juin 2015 relatif aux entreprises solidaires d'utilit\u00e9 sociale  \nr\u00e9gies par l'article L 3332-17-1 du Code du Travail,\nVu  l'arr\u00eat\u00e9  du  5  ao\u00fbt  2015  fixant  la  composition  du  dossier  de  demande  d'agr\u00e9ment \n\u00abEntreprise Solidaire d'Utilit\u00e9 Sociale\u00bb, \nVu la demande d'agr\u00e9ment \u00abEntreprise Solidaire d'Utilit\u00e9 Sociale\u00bb pr\u00e9sent\u00e9e le 13 novembre  \n2025 par Madame Sonia SUBRA  Repr\u00e9sentante du conseil d'administration de l'Association  \n\u00abZIMZAM \u00bb,\nVu l'arr\u00eat\u00e9 du Premier ministre et du ministre d'\u00c9tat, ministre de l'int\u00e9rieur du 17 mars 2025  \nportant  renouvellement  de  Madame  Nathalie  DAUSSY  dans  ses  fonctions  de  directeur \nd\u00e9partemental  interminist\u00e9riel,  directrice  d\u00e9partementale  de  l'emploi,  du  travail  et  des \nsolidarit\u00e9s des Bouches-du-Rh\u00f4ne, \u00e0 compter du 1er avril 2025,\nVu l'arr\u00eat\u00e9 n\u00b0 13-2025-12-01-00011 du 1er d\u00e9cembre 2025 portant d\u00e9l\u00e9gation de signature \u00e0  \nMadame  Nathalie  DAUSSY,  directrice  d\u00e9partementale  de  l'emploi,  du  travail  et  des \nsolidarit\u00e9s des Bouches-du-Rh\u00f4ne ,\nVu  l'arr\u00eat\u00e9  du  n\u00b0  13-2025-12-01-00011  du  1er  d\u00e9cembre  2025 portant  subd\u00e9l\u00e9gation  de \nsignature \u00e0 Madame \u00c9lodie CARITEY, cheffe du \u00ab p\u00f4le emploi et entreprises \u00bb  \u00e0 la Direction  \nD\u00e9partementale de l'Emploi, du Travail et des Solidarit\u00e9s des Bouches-du-Rh\u00f4ne,\n \nDDETS 13 - 13-2025-12-11-00006 - Arr\u00eat\u00e9 portant agr\u00e9ment d'un organisme au titre d'Entreprise Solidaire d'Utilit\u00e9  Sociale (ESUS) au\nb\u00e9n\u00e9fice de Madame Sonia SUBRA Repr\u00e9sentante du conseil d'administration de l'Association \u00abZIMZAM\u00a0\u00bb L'Association \u00abZIMZAM\u00a0\u00bb\nsise, 9 rue Vian 13006 MARSEILLE\n4\nSur proposition de la Directrice D\u00e9partementale de l'Emploi, du Travail et des Solidarit\u00e9s des  \nBouches-du-Rh\u00f4ne, \nD\u00c9CIDE\nL'Association \u00abZIMZAM \u00bb sise, 9 rue Vian 13006 MARSEILLE\nN\u00b0 Siret : 489.677.559.00051\nest agr\u00e9\u00e9e en qualit\u00e9 d'Entreprise Solidaire d'Utilit\u00e9 Sociale au sens de l'article L 3332-17-1  \ndu Code du Travail\nCet agr\u00e9ment est accord\u00e9 pour une dur\u00e9e de 5 ans \u00e0 compter du 11 d\u00e9cembre 2025.\nIl peut \u00eatre retir\u00e9 d\u00e8s lors que les conditions d'attribution de cet agr\u00e9ment ne seraient plus  \nremplies.\n      Fait \u00e0 Marseille, le 11 d\u00e9cembre 2025\nPour le Pr\u00e9fet et par d\u00e9l\u00e9gation,\nPar emp\u00eachement de la Directrice \nD\u00e9partementale de l'Emploi, du Travail et \ndes Solidarit\u00e9s des Bouches-du-Rh\u00f4ne \nLa Cheffe du P\u00f4le emploi et entreprises,\nSign\u00e9\n\u00c9lodie CARITEY\nDDETS 13 - 13-2025-12-11-00006 - Arr\u00eat\u00e9 portant agr\u00e9ment d'un organisme au titre d'Entreprise Solidaire d'Utilit\u00e9  Sociale (ESUS) au\nb\u00e9n\u00e9fice de Madame Sonia SUBRA Repr\u00e9sentante du conseil d'administration de l'Association \u00abZIMZAM\u00a0\u00bb L'Association \u00abZIMZAM\u00a0\u00bb\nsise, 9 rue Vian 13006 MARSEILLE\n5\nDDETS 13\n13-2025-12-10-00014\nR\u00e9c\u00e9piss\u00e9 de d\u00e9claration au titre des Services \u00e0\nla Personne au b\u00e9n\u00e9fice de   Monsieur SGHAIER\nCeifeddine en qualit\u00e9 d'entrepreneur individuel,\nsitu\u00e9 134 Rue Liandier - 13008 MARSEILLE\nDDETS 13 - 13-2025-12-10-00014 - R\u00e9c\u00e9piss\u00e9 de d\u00e9claration au titre des Services \u00e0 la Personne au b\u00e9n\u00e9fice de   Monsieur SGHAIER\nCeifeddine en qualit\u00e9 d'entrepreneur individuel, situ\u00e9 134 Rue Liandier - 13008 MARSEILLE 6\nEnPREFETDES BOUCHES-DU-RHONELibert\u00e9Egalit\u00e9Fraternit\u00e9\n \nDirection D\u00e9partementale\nde l'Emploi, du Travail\n et des Solidarit\u00e9s\ndes Bouches du Rh\u00f4ne\nP\u00f4le \u00c9conomie Emploi Entreprises\nD\u00e9partement Insertion Professionnelle\n      R\u00e9c\u00e9piss\u00e9 de d\u00e9claration n\u00b0 \n                   d'un organisme de services \u00e0 la personne\n                      enregistr\u00e9 sous le N\u00b0 SAP788464972\nVu  le  code  du  travail  et  notamment les articles  L.7231-1  \u00e0  L.7233-2,  R.7232-16  \u00e0 \nR.7232-22, D.7231-1 et D.7233-1 \u00e0 D.7233-5,\nLe pr\u00e9fet de la R\u00e9gion Provence-Alpes-C\u00f4te d'Azur  Pr\u00e9fet de la Zone de D\u00e9fense et \nde S\u00e9curit\u00e9 Sud,  Pr\u00e9fet des Bouches-du-Rh\u00f4ne,\nCONSTATE\nQu'une d\u00e9claration d'activit\u00e9s de Services \u00e0 la Personne a \u00e9t\u00e9 d\u00e9pos\u00e9e aupr\u00e8s de la  \nDirection D\u00e9partementale de l'Emploi, du Travail et des Solidarit\u00e9s des Bouches-du-\nRh\u00f4ne  le,  3  d\u00e9cembre  2025  par  Monsieur SGHAIER  Ceifeddine  en  qualit\u00e9  \nd'entrepreneur individuel, situ\u00e9 134 Rue Liandier - 13008 MARSEILLE et enregistr\u00e9  \nsous le N\u00b0 SAP788464972 pour les activit\u00e9s suivantes en mode prestataire :\n  \u2022   Entretien de la maison et travaux m\u00e9nagers \n  \u2022   Pr\u00e9paration de repas \u00e0 domicile \n  \u2022   Livraison de repas \u00e0 domicile \n  \u2022   Collecte et livraison \u00e0 domicile de linge repass\u00e9 \n  \u2022   Livraison de courses \u00e0 domicile \n  \u2022   Maintenance, entretien et vigilance temporaires \u00e0 domicile\n  \u2022   Assistance informatique \u00e0 domicile \n  \u2022   Assistance administrative \u00e0 domicile \n  \u2022   T\u00e9l\u00e9-assistance et visio-assistance \n  \u2022   Soins d'esth\u00e9tique \u00e0 domicile pour personnes d\u00e9pendantes \n  \u2022   Conduite du v\u00e9hicule des personnes en cas d'invalidit\u00e9 temporaire \n  \u2022   Accompagnement des personnes pr\u00e9sentant une invalidit\u00e9 temporaire \n  \u2022   Assistance aux personnes ayant besoin d'une aide temporaire \u00e0 leur domicile \n \nToute  modification  concernant  les  activit\u00e9s  exerc\u00e9es  devra  faire  l'objet  d'une  \nd\u00e9claration modificative pr\u00e9alable.\nDDETS 13 - 13-2025-12-10-00014 - R\u00e9c\u00e9piss\u00e9 de d\u00e9claration au titre des Services \u00e0 la Personne au b\u00e9n\u00e9fice de   Monsieur SGHAIER\nCeifeddine en qualit\u00e9 d'entrepreneur individuel, situ\u00e9 134 Rue Liandier - 13008 MARSEILLE 7\nSous r\u00e9serve d'\u00eatre exerc\u00e9es \u00e0 titre exclusif au profit de particuliers, \u00e0 leur domicile  \n(ou sous r\u00e9serve d'une comptabilit\u00e9 s\u00e9par\u00e9e pour les personnes morales dispens\u00e9es  \nde cette condition), ces activit\u00e9s ouvrent droit au b\u00e9n\u00e9fice des dispositions des  \narticles L.7233-2 du code du travail et L.241-10 du code de la s\u00e9curit\u00e9 sociale dans les  \nconditions pr\u00e9vues par ces articles.\nLes effets de la d\u00e9claration courent \u00e0 compter du jour du d\u00e9p\u00f4t de la d\u00e9claration  \nsous r\u00e9serve des dispositions de  l'article R.7232-18 du code du travail.\nEn application  des articles L.7232-1 et R.7232-1 \u00e0 R.7232-15, les activit\u00e9s n\u00e9cessitant  \nun  agr\u00e9ment  (I  de  l'article  D.7231-1  du  code  du  travail)  n'ouvrent  droit  \u00e0  ces \ndispositions  que  si  la  structure  a  pr\u00e9alablement  obtenu  l'agr\u00e9ment  ou  le  \nrenouvellement  de  cet  agr\u00e9ment  dans  le  ou  les  d\u00e9partements  d'exercice  de  ses \nactivit\u00e9s.\nDe m\u00eame, en application de l'article D.312-6-2 du code de l'action sociale et des  \nfamilles, les activit\u00e9s n\u00e9cessitant une autorisation n'ouvrent droit \u00e0 ces dispositions  \nque si l'organisme a pr\u00e9alablement obtenu l'autorisation ou le renouvellement de  \ncette autorisation.\nLe pr\u00e9sent r\u00e9c\u00e9piss\u00e9 n'est pas limit\u00e9 dans le temps.  La d\u00e9claration a une port\u00e9e  \nnationale.\nL'enregistrement de la d\u00e9claration peut \u00eatre retir\u00e9 dans les conditions fix\u00e9es aux  \narticles R.7232-20 \u00e0 R.7232-22 du code du travail.\nLe pr\u00e9sent r\u00e9c\u00e9piss\u00e9 sera publi\u00e9 au Recueil des Actes Administratifs de la Pr\u00e9fecture  \ndes Bouches-du-Rh\u00f4ne.\n                                                                            Fait \u00e0 Marseille, le 10 d\u00e9cembre 2025\n                                                                            Pour le Pr\u00e9fet et par d\u00e9l\u00e9gation,\nPar emp\u00eachement de la Directrice D\u00e9par-\ntementale de l'Emploi, du Travail et des \nSolidarit\u00e9s des Bouches-du-Rh\u00f4ne   \nLa Responsable du P\u00f4le emploi et\nentreprises,\nSign\u00e9\nElodie CARITEY\n55 boulevard P\u00e9rier \u2013 13415 cedex 20 MARSEILLE Cedex 20 - T\u00e9l\u00e9phone : 04.91.57.96.00 \nMel : ddets-sap@bouches-du-rhone.gouv.fr\n2\nDDETS 13 - 13-2025-12-10-00014 - R\u00e9c\u00e9piss\u00e9 de d\u00e9claration au titre des Services \u00e0 la Personne au b\u00e9n\u00e9fice de   Monsieur SGHAIER\nCeifeddine en qualit\u00e9 d'entrepreneur individuel, situ\u00e9 134 Rue Liandier - 13008 MARSEILLE 8\nDDETS 13\n13-2025-12-10-00013\nR\u00e9c\u00e9piss\u00e9 de d\u00e9claration au titre des Services \u00e0\nla Personne au b\u00e9n\u00e9fice de  Monsieur BEROUAL\nSalem en qualit\u00e9 d'entrepreneur individuel, situ\u00e9\n7 Avenue de la Croix Rouge - 13013 MARSEILLE\nDDETS 13 - 13-2025-12-10-00013 - R\u00e9c\u00e9piss\u00e9 de d\u00e9claration au titre des Services \u00e0 la Personne au b\u00e9n\u00e9fice de  Monsieur BEROUAL\nSalem en qualit\u00e9 d'entrepreneur individuel, situ\u00e9 7 Avenue de la Croix Rouge - 13013 MARSEILLE 9\nEnPREFETDES BOUCHES-DU-RHONELibert\u00e9Egalit\u00e9Fraternit\u00e9\n \nDirection D\u00e9partementale\nde l'Emploi, du Travail\n et des Solidarit\u00e9s\ndes Bouches du Rh\u00f4ne\nP\u00f4le \u00c9conomie Emploi Entreprises\nD\u00e9partement Insertion Professionnelle\n      R\u00e9c\u00e9piss\u00e9 de d\u00e9claration n\u00b0  \n                   d'un organisme de services \u00e0 la personne\n                      enregistr\u00e9 sous le N\u00b0 SAP993653740\nVu  le  code  du  travail  et  notamment les articles  L.7231-1  \u00e0  L.7233-2,  R.7232-16  \u00e0 \nR.7232-22, D.7231-1 et D.7233-1 \u00e0 D.7233-5,\nLe pr\u00e9fet de la R\u00e9gion Provence-Alpes-C\u00f4te d'Azur  Pr\u00e9fet de la Zone de D\u00e9fense et \nde S\u00e9curit\u00e9 Sud,  Pr\u00e9fet des Bouches-du-Rh\u00f4ne,\nCONSTATE\nQu'une d\u00e9claration d'activit\u00e9s de Services \u00e0 la Personne a \u00e9t\u00e9 d\u00e9pos\u00e9e aupr\u00e8s de la  \nDirection D\u00e9partementale de l'Emploi, du Travail et des Solidarit\u00e9s des Bouches-du-\nRh\u00f4ne le, 2 d\u00e9cembre 2025 par Monsieur BEROUAL Salem en qualit\u00e9 d'entrepreneur \nindividuel, situ\u00e9 7 Avenue de la Croix Rouge - 13013 MARSEILLE et enregistr\u00e9 sous le  \nN\u00b0 SAP993653740 pour les activit\u00e9s suivantes en mode prestataire :\n  \u2022   Entretien de la maison et travaux m\u00e9nagers \n \nToute  modification  concernant  les  activit\u00e9s  exerc\u00e9es  devra  faire  l'objet  d'une  \nd\u00e9claration modificative pr\u00e9alable.\nSous r\u00e9serve d'\u00eatre exerc\u00e9es \u00e0 titre exclusif au profit de particuliers, \u00e0 leur domicile  \n(ou sous r\u00e9serve d'une comptabilit\u00e9 s\u00e9par\u00e9e pour les personnes morales dispens\u00e9es  \nde cette condition), ces activit\u00e9s ouvrent droit au b\u00e9n\u00e9fice des dispositions des  \narticles L.7233-2 du code du travail et L.241-10 du code de la s\u00e9curit\u00e9 sociale dans les  \nconditions pr\u00e9vues par ces articles.\nLes effets de la d\u00e9claration courent \u00e0 compter du jour du d\u00e9p\u00f4t de la d\u00e9claration  \nsous r\u00e9serve des dispositions de  l'article R.7232-18 du code du travail.\nEn application  des articles L.7232-1 et R.7232-1 \u00e0 R.7232-15, les activit\u00e9s n\u00e9cessitant  \nun  agr\u00e9ment  (I  de  l'article  D.7231-1  du  code  du  travail)  n'ouvrent  droit  \u00e0  ces \ndispositions  que  si  la  structure  a  pr\u00e9alablement  obtenu  l'agr\u00e9ment  ou  le  \nDDETS 13 - 13-2025-12-10-00013 - R\u00e9c\u00e9piss\u00e9 de d\u00e9claration au titre des Services \u00e0 la Personne au b\u00e9n\u00e9fice de  Monsieur BEROUAL\nSalem en qualit\u00e9 d'entrepreneur individuel, situ\u00e9 7 Avenue de la Croix Rouge - 13013 MARSEILLE 10\nrenouvellement  de  cet  agr\u00e9ment  dans  le  ou  les  d\u00e9partements  d'exercice  de  ses \nactivit\u00e9s.\nDe m\u00eame, en application de l'article D.312-6-2 du code de l'action sociale et des  \nfamilles, les activit\u00e9s n\u00e9cessitant une autorisation n'ouvrent droit \u00e0 ces dispositions  \nque si l'organisme a pr\u00e9alablement obtenu l'autorisation ou le renouvellement de  \ncette autorisation.\nLe pr\u00e9sent r\u00e9c\u00e9piss\u00e9 n'est pas limit\u00e9 dans le temps.  La d\u00e9claration a une port\u00e9e  \nnationale.\nL'enregistrement de la d\u00e9claration peut \u00eatre retir\u00e9 dans les conditions fix\u00e9es aux  \narticles R.7232-20 \u00e0 R.7232-22 du code du travail.\nLe pr\u00e9sent r\u00e9c\u00e9piss\u00e9 sera publi\u00e9 au Recueil des Actes Administratifs de la Pr\u00e9fecture  \ndes Bouches-du-Rh\u00f4ne.\n                                                                            Fait \u00e0 Marseille, le 10 d\u00e9cembre 2025\n                                                                            Pour le Pr\u00e9fet et par d\u00e9l\u00e9gation,\nPar emp\u00eachement de la Directrice D\u00e9par-\ntementale de l'Emploi, du Travail et des \nSolidarit\u00e9s des Bouches-du-Rh\u00f4ne   \nLa Responsable du P\u00f4le emploi et\nentreprises,\nSign\u00e9\nElodie CARITEY\n55 boulevard P\u00e9rier \u2013 13415 cedex 20 MARSEILLE Cedex 20 - T\u00e9l\u00e9phone : 04.91.57.96.00 \nMel : ddets-sap@bouches-du-rhone.gouv.fr\n2\nDDETS 13 - 13-2025-12-10-00013 - R\u00e9c\u00e9piss\u00e9 de d\u00e9claration au titre des Services \u00e0 la Personne au b\u00e9n\u00e9fice de  Monsieur BEROUAL\nSalem en qualit\u00e9 d'entrepreneur individuel, situ\u00e9 7 Avenue de la Croix Rouge - 13013 MARSEILLE 11\nPr\u00e9fecture des Bouches-du-Rhone\n13-2025-12-11-00005\nArr\u00eat\u00e9 APG 2026 FDD Synergie renouvelable\nPr\u00e9fecture des Bouches-du-Rhone - 13-2025-12-11-00005 - Arr\u00eat\u00e9 APG 2026 FDD Synergie renouvelable 12\nPREFETDES BOUCHES-DU-RHONELibert\u00e9Egalit\u00e9Fraternit\u00e9\n                            Direction de la Citoyennet\u00e9\nde la L\u00e9galit\u00e9\net de l'Environnement\nBureau des \u00e9lections et de la r\u00e9glementation\nArr\u00eat\u00e9 portant autorisation d'appel public \u00e0 la g\u00e9n\u00e9rosit\u00e9 pour le fonds de dotation\n\u00ab SYNERGIE RENOUVELABLE \u00bb \nLe pr\u00e9fet de la r\u00e9gion Provence, Alpes, C\u00f4te d'Azur\npr\u00e9fet de la zone de d\u00e9fense et de s\u00e9curit\u00e9 sud\npr\u00e9fet des Bouches-du-Rh\u00f4ne\nVu la loi n\u00b0 91-772 du 7 ao\u00fbt 1991 modifi\u00e9e, relative au cong\u00e9 de repr\u00e9sentation en faveur des\nassociations et des mutuelles et au contr\u00f4le des co mptes des organismes faisant appel \u00e0 la\ng\u00e9n\u00e9rosit\u00e9 publique ;\nVu la loi n\u00b0 2008-776 du 4 ao\u00fbt 2008 modifi\u00e9e, de m odernisation de l'\u00e9conomie, notamment\nson article 140 ;\nVu le d\u00e9cret n\u00b02004-374 du 29 avril 2004 relatif aux pouvoirs des pr\u00e9fets, \u00e0 l'organisation et \u00e0\nl'action des services de l'\u00c9tat dans les r\u00e9gions et d\u00e9partements ;\nVu le d\u00e9cret du Pr\u00e9sident de la R\u00e9publique en date du 19 novembre 2025 portant nomination\nde Monsieur Jacques WITKOWSKI en qualit\u00e9 de pr\u00e9fet de la r\u00e9gion Provence-Alpes-C\u00f4te\nd'Azur, pr\u00e9fet de la zone de d\u00e9fense et de s\u00e9curit\u00e9 Sud, pr\u00e9fet des Bouches-du-Rh\u00f4ne ;\nVu le d\u00e9cret du 31 janvier 2025 portant nomination de monsieur Fr\u00e9d\u00e9ric POISOT en qualit\u00e9\nde secr\u00e9taire g\u00e9n\u00e9ral de la pr\u00e9fecture des Bouches-du-Rh\u00f4ne, sous-pr\u00e9fet de Marseille ;  \nVu le d\u00e9cret n\u00b0 92-1011 du 17 septembre 1992 modifi \u00e9, relatif au contr\u00f4le des comptes des\norganismes faisant appel \u00e0 la g\u00e9n\u00e9rosit\u00e9 publique ;\nVu le d\u00e9cret n\u00b0 2004-374 du 29 avril 2004 modifi\u00e9, relatif aux pouv oirs des pr\u00e9fets, \u00e0\nl'organisation et \u00e0 l'action des services de l'\u00c9tat dans les r\u00e9gions et les d\u00e9partements ;\nVu le d\u00e9cret n\u00b0 2009-158 du 11 f\u00e9vrier 2009 modifi\u00e9, relatif au fonds de dotation, notamment\nles articles 11 et suivants ;\nVu le d\u00e9cret n\u00b0 2019-504 du 22 mai 2019 fixant les seuils de la d\u00e9claration pr\u00e9alable et\nd'\u00e9tablissement du compte d'emploi annuel des resso urces collect\u00e9es aupr\u00e8s du public par\nles organismes faisant appel public \u00e0 la g\u00e9n\u00e9rosit\u00e9 ;\nL'identifiant au registre national des fondations, fondations d'entreprise et fonds de dotation (dit RNF) est : 013-FDD-00093-10\nR\u00e9f\u00e9rence du fonds de dotation : n\u00b017/2010\nArr\u00eat\u00e9 pr\u00e9fectoral portant autorisation d'appel public \u00e0 la g\u00e9n\u00e9rosit\u00e9\nPr\u00e9fecture des Bouches-du-Rhone - 13-2025-12-11-00005 - Arr\u00eat\u00e9 APG 2026 FDD Synergie renouvelable 13\nVu l'arr\u00eat\u00e9 du 22 mai 2019 fixant les modalit\u00e9s de pr\u00e9sentation du compte d'emploi annuel\ndes ressources collect\u00e9es aupr\u00e8s du public par des organismes faisant appel public \u00e0 la\ng\u00e9n\u00e9rosit\u00e9 ;\nConsid\u00e9rant que la demande pr\u00e9sent\u00e9e le 3 d\u00e9cembre 2025, est conforme aux textes en\nvigueur ;\nSur proposition du secr\u00e9taire g\u00e9n\u00e9ral de la pr\u00e9fecture des Bouches-du-Rh\u00f4ne ;\nA R R \u00ca T E\nArticle 1   \ner   : Le fonds de dotation d\u00e9nomm\u00e9 \u00ab SYNERGIE RENOUVELABLE \u00bb, dont le si\u00e8ge situ\u00e9\nArte parc de Fuveau \u2013 Lieu-dit plan de fabrique b\u00e2t A \u2013 13710 Fuveau, est autoris\u00e9 \u00e0 faire appel\n\u00e0 la g\u00e9n\u00e9rosit\u00e9 publique pour la p\u00e9riode allant du 1er janvier au 31 d\u00e9cembre 2026.\nLes objectifs du pr\u00e9sent appel public \u00e0 la g\u00e9n\u00e9rosit\u00e9 sont obtenir des fonds pour :\n- en France et \u00e0 l'\u00e9tranger, r\u00e9aliser, soutenir ou rendre possible des projets ou programmes\nd'aide et de solidarit\u00e9 d'ordre : humanitaire et en vironnemental. Afin d'\u00e9largir le nombre de\nprojets humanitaires soutenus, et en compl\u00e9ment des fonds vers\u00e9s par les fondateurs.\nLes modalit\u00e9s d'appel \u00e0 la g\u00e9n\u00e9rosit\u00e9 publique sont les suivantes : \n- site internet,\n- participation et organisation d'\u00e9v\u00e8nements. \nArticle 2\n : Conform\u00e9ment \u00e0 la r\u00e9glementation en vigueur, le fonds de dotation a l'obligation\nd'int\u00e9grer dans ses comptes annuels un compte d'emp loi annuel des ressources collect\u00e9es\naupr\u00e8s du public qui pr\u00e9cise notamment l'affectation des dons par type de d\u00e9penses et qui\nmentionne les informations relatives \u00e0 son \u00e9laboration.\nLe compte d'emploi des ressources doit \u00eatre pr\u00e9sent\u00e9 suivant les modalit\u00e9s fix\u00e9es par l'arr\u00eat\u00e9\nminist\u00e9riel du 30 juillet 1993 modifi\u00e9.\nArticle 3\n : La pr\u00e9sente autorisation pourra \u00eatre retir\u00e9e ou abrog\u00e9e en cas de manquement aux\nr\u00e8gles r\u00e9gissant les fonds de dotation et/ou \u00e0 la r \u00e9glementation relative aux appels \u00e0 la\ng\u00e9n\u00e9rosit\u00e9 publique.\nArticle 4   \n   : La pr\u00e9sente d\u00e9cision peut faire l'objet, dans un d\u00e9lai de deux mois \u00e0 compter de sa\nnotification, d'un recours gracieux aupr\u00e8s de mes s ervices, d'un recours hi\u00e9rarchique aupr\u00e8s\nde monsieur le ministre de l'int\u00e9rieur, d'un recour s contentieux devant le tribunal\nadministratif de Marseille (31 rue Jean-Fran\u00e7ois LE CA, 13002 Marseille) ; la juridiction\nadministrative comp\u00e9tente peut aussi \u00eatre saisie pa r l'application T\u00e9l\u00e9recours accessible \u00e0\npartir du site www.telerecours.fr. \nArticle 5 : Le secr\u00e9taire g\u00e9n\u00e9ral de la pr\u00e9fecture des Bouch es-du-Rh\u00f4ne et le pr\u00e9sident du\nconseil d'administration du fonds de dotation sont charg\u00e9s, chacun en ce qui le concerne, de\nl'ex\u00e9cution du pr\u00e9sent arr\u00eat. \n                                                                            Fait \u00e0 Marseille, le 11 d\u00e9cembre 2025\n                                                                                               Pour le Pr\u00e9fet et par d\u00e9l\u00e9gation\n                                                                                                           L'Adjointe au Chef du Bureau\nL'identifiant au registre national des fondations, fondations d'entreprise et fonds de dotation (dit RNF) est : 013-FDD-00093-10\nR\u00e9f\u00e9rence du fonds de dotation : n\u00b017/2010\nArr\u00eat\u00e9 pr\u00e9fectoral portant autorisation d'appel public \u00e0 la g\u00e9n\u00e9rosit\u00e9\nPr\u00e9fecture des Bouches-du-Rhone - 13-2025-12-11-00005 - Arr\u00eat\u00e9 APG 2026 FDD Synergie renouvelable 14\n                                                                                                 Virginie DUPOUY-RAVETLLAT\n \nL'identifiant au registre national des fondations, fondations d'entreprise et fonds de dotation (dit RNF) est : 013-FDD-00093-10\nR\u00e9f\u00e9rence du fonds de dotation : n\u00b017/2010\nArr\u00eat\u00e9 pr\u00e9fectoral portant autorisation d'appel public \u00e0 la g\u00e9n\u00e9rosit\u00e9\nPr\u00e9fecture des Bouches-du-Rhone - 13-2025-12-11-00005 - Arr\u00eat\u00e9 APG 2026 FDD Synergie renouvelable 15\nPr\u00e9fecture des Bouches-du-Rhone\n13-2025-12-11-00004\nArr\u00eat\u00e9 APG 2026 Fonds de dotation handicap\nsolidarit\u00e9\nPr\u00e9fecture des Bouches-du-Rhone - 13-2025-12-11-00004 - Arr\u00eat\u00e9 APG 2026 Fonds de dotation handicap solidarit\u00e9 16\nPREFETDES BOUCHES-DU-RHONELibert\u00e9Egalit\u00e9Fraternit\u00e9\n                            Direction de la Citoyennet\u00e9\nde la L\u00e9galit\u00e9\net de l'Environnement\nBureau des \u00e9lections et de la r\u00e9glementation\nArr\u00eat\u00e9 portant autorisation d'appel public \u00e0 la g\u00e9n\u00e9rosit\u00e9 pour le fonds de dotation\n\u00ab FONDS DE DOTATION HANDICAP SOLIDARIT\u00c9 \u00bb \nLe pr\u00e9fet de la r\u00e9gion Provence, Alpes, C\u00f4te d'Azur\npr\u00e9fet de la zone de d\u00e9fense et de s\u00e9curit\u00e9 sud\npr\u00e9fet des Bouches-du-Rh\u00f4ne\nVu la loi n\u00b0 91-772 du 7 ao\u00fbt 1991 modifi\u00e9e, relative au cong\u00e9 de repr\u00e9sentation en faveur des\nassociations et des mutuelles et au contr\u00f4le des co mptes des organismes faisant appel \u00e0 la\ng\u00e9n\u00e9rosit\u00e9 publique ;\nVu la loi n\u00b0 2008-776 du 4 ao\u00fbt 2008 modifi\u00e9e, de m odernisation de l'\u00e9conomie, notamment\nson article 140 ;\nVu le d\u00e9cret n\u00b02004-374 du 29 avril 2004 relatif aux pouvoirs des pr\u00e9fets, \u00e0 l'organisation et \u00e0\nl'action des services de l'\u00c9tat dans les r\u00e9gions et d\u00e9partements ;\nVu le d\u00e9cret du Pr\u00e9sident de la R\u00e9publique en date du 19 novembre 2025 portant nomination\nde Monsieur Jacques WITKOWSKI en qualit\u00e9 de pr\u00e9fet de la r\u00e9gion Provence-Alpes-C\u00f4te\nd'Azur, pr\u00e9fet de la zone de d\u00e9fense et de s\u00e9curit\u00e9 Sud, pr\u00e9fet des Bouches-du-Rh\u00f4ne ;\nVu le d\u00e9cret du 31 janvier 2025 portant nomination de monsieur Fr\u00e9d\u00e9ric POISOT en qualit\u00e9\nde secr\u00e9taire g\u00e9n\u00e9ral de la pr\u00e9fecture des Bouches-du-Rh\u00f4ne, sous-pr\u00e9fet de Marseille ;  \nVu le d\u00e9cret n\u00b0 92-1011 du 17 septembre 1992 modifi \u00e9, relatif au contr\u00f4le des comptes des\norganismes faisant appel \u00e0 la g\u00e9n\u00e9rosit\u00e9 publique ;\nVu le d\u00e9cret n\u00b0 2004-374 du 29 avril 2004 modifi\u00e9, relatif aux pouv oirs des pr\u00e9fets, \u00e0\nl'organisation et \u00e0 l'action des services de l'\u00c9tat dans les r\u00e9gions et les d\u00e9partements ;\nVu le d\u00e9cret n\u00b0 2009-158 du 11 f\u00e9vrier 2009 modifi\u00e9, relatif au fonds de dotation, notamment\nles articles 11 et suivants ;\nVu le d\u00e9cret n\u00b0 2019-504 du 22 mai 2019 fixant les seuils de la d\u00e9claration pr\u00e9alable et\nd'\u00e9tablissement du compte d'emploi annuel des resso urces collect\u00e9es aupr\u00e8s du public par\nles organismes faisant appel public \u00e0 la g\u00e9n\u00e9rosit\u00e9 ;\nL'identifiant au registre national des fondations, fondations d'entreprise et fonds de dotation (dit RNF) est : 013-FDD-00118-05\nR\u00e9f\u00e9rence du fonds de dotation : n\u00b036/2011\nArr\u00eat\u00e9 pr\u00e9fectoral portant autorisation d'appel public \u00e0 la g\u00e9n\u00e9rosit\u00e9\nPr\u00e9fecture des Bouches-du-Rhone - 13-2025-12-11-00004 - Arr\u00eat\u00e9 APG 2026 Fonds de dotation handicap solidarit\u00e9 17\nae\nVu l'arr\u00eat\u00e9 du 22 mai 2019 fixant les modalit\u00e9s de pr\u00e9sentation du compte d'emploi annuel\ndes ressources collect\u00e9es aupr\u00e8s du public par des organismes faisant appel public \u00e0 la\ng\u00e9n\u00e9rosit\u00e9 ;\nConsid\u00e9rant que la demande pr\u00e9sent\u00e9e le 2 d\u00e9cembre 2025, est conforme aux textes en\nvigueur ;\nSur proposition du secr\u00e9taire g\u00e9n\u00e9ral de la pr\u00e9fecture des Bouches-du-Rh\u00f4ne ;\nA R R \u00ca T E\nArticle 1   \ner   : Le fonds de dotation d\u00e9nomm\u00e9  \u00ab FONDS DE DOTATION HANDICAP\nSOLIDARIT\u00c9 \u00bb, dont le si\u00e8ge situ\u00e9 chemin des roquilles \u2013 13680 La n\u00e7on-de-Provence, est\nautoris\u00e9 \u00e0 faire appel \u00e0 la g\u00e9n\u00e9rosit\u00e9 publique pou r la p\u00e9riode allant du 1er janvier au 31\nd\u00e9cembre 2026. \nLes objectifs du pr\u00e9sent appel public \u00e0 la g\u00e9n\u00e9rosit\u00e9 sont obtenir des fonds pour :\n- augmenter les ressources mobilisables au-del\u00e0 du rendement de la dotation initiale non\nconsomptible pour soutenir les activit\u00e9s en faveur des personnes en situation de handicap\nmental, sensoriel ou moteur ou en faveur des person nes en difficult\u00e9s sociales, objet des\nstatuts.  \nLes modalit\u00e9s d'appel \u00e0 la g\u00e9n\u00e9rosit\u00e9 publique sont les suivantes : \n- site internet ;\n- appel au m\u00e9c\u00e9nat d'entreprise. \nArticle 2\n : Conform\u00e9ment \u00e0 la r\u00e9glementation en vigueur, le fonds de dotation a l'obligation\nd'int\u00e9grer dans ses comptes annuels un compte d'emp loi annuel des ressources collect\u00e9es\naupr\u00e8s du public qui pr\u00e9cise notamment l'affectation des dons par type de d\u00e9penses et qui\nmentionne les informations relatives \u00e0 son \u00e9laboration.\nLe compte d'emploi des ressources doit \u00eatre pr\u00e9sent\u00e9 suivant les modalit\u00e9s fix\u00e9es par l'arr\u00eat\u00e9\nminist\u00e9riel du 30 juillet 1993 modifi\u00e9.\nArticle 3\n : La pr\u00e9sente autorisation pourra \u00eatre retir\u00e9e ou abrog\u00e9e en cas de manquement aux\nr\u00e8gles r\u00e9gissant les fonds de dotation et/ou \u00e0 la r \u00e9glementation relative aux appels \u00e0 la\ng\u00e9n\u00e9rosit\u00e9 publique.\nArticle 4   \n   : La pr\u00e9sente d\u00e9cision peut faire l'objet, dans un d\u00e9lai de deux mois \u00e0 compter de sa\nnotification, d'un recours gracieux aupr\u00e8s de mes s ervices, d'un recours hi\u00e9rarchique aupr\u00e8s\nde monsieur le ministre de l'int\u00e9rieur, d'un recour s contentieux devant le tribunal\nadministratif de Marseille (31 rue Jean-Fran\u00e7ois LE CA, 13002 Marseille) ; la juridiction\nadministrative comp\u00e9tente peut aussi \u00eatre saisie pa r l'application T\u00e9l\u00e9recours accessible \u00e0\npartir du site www.telerecours.fr. \nArticle 5 : Le secr\u00e9taire g\u00e9n\u00e9ral de la pr\u00e9fecture des Bouch es-du-Rh\u00f4ne et le pr\u00e9sident du\nconseil d'administration du fonds de dotation sont charg\u00e9s, chacun en ce qui le concerne, de\nl'ex\u00e9cution du pr\u00e9sent arr\u00eat. \n                                                                            Fait \u00e0 Marseille, le 11 d\u00e9cembre 2025\n  Pour le Pr\u00e9fet et par d\u00e9l\u00e9gation\n                                                                                                           L'Adjointe au Chef du Bureau\nL'identifiant au registre national des fondations, fondations d'entreprise et fonds de dotation (dit RNF) est : 013-FDD-00118-05\nR\u00e9f\u00e9rence du fonds de dotation : n\u00b036/2011\nArr\u00eat\u00e9 pr\u00e9fectoral portant autorisation d'appel public \u00e0 la g\u00e9n\u00e9rosit\u00e9\nPr\u00e9fecture des Bouches-du-Rhone - 13-2025-12-11-00004 - Arr\u00eat\u00e9 APG 2026 Fonds de dotation handicap solidarit\u00e9 18\n                                                                                                 Virginie DUPOUY-RAVETLLAT\n \nL'identifiant au registre national des fondations, fondations d'entreprise et fonds de dotation (dit RNF) est : 013-FDD-00118-05\nR\u00e9f\u00e9rence du fonds de dotation : n\u00b036/2011\nArr\u00eat\u00e9 pr\u00e9fectoral portant autorisation d'appel public \u00e0 la g\u00e9n\u00e9rosit\u00e9\nPr\u00e9fecture des Bouches-du-Rhone - 13-2025-12-11-00004 - Arr\u00eat\u00e9 APG 2026 Fonds de dotation handicap solidarit\u00e9 19\nPr\u00e9fecture des Bouches-du-Rhone\n13-2025-12-11-00003\nARR\u00caT\u00c9 du  11 DECEMBRE 2025\nportant habilitation sous le n\u00b0 25-13-0584 de\nl'auto-entreprise d\u00e9nomm\u00e9e \n\u00ab ANGELO BERNARD SERVICES FUNERAIRES \u00bb\nexploit\u00e9e par M. Angelo BERNARD\nsise \u00e0 ROGNAC (13340) dans le domaine\nfun\u00e9raire \nPr\u00e9fecture des Bouches-du-Rhone - 13-2025-12-11-00003 - ARR\u00caT\u00c9 du  11 DECEMBRE 2025\nportant habilitation sous le n\u00b0 25-13-0584 de l'auto-entreprise d\u00e9nomm\u00e9e \n\u00ab ANGELO BERNARD SERVICES FUNERAIRES \u00bb exploit\u00e9e par M. Angelo BERNARD\nsise \u00e0 ROGNAC (13340) dans le domaine fun\u00e9raire \n20\nPREFETDES BOUCHES-DU-RHONELibert\u00e9Egalit\u00e9Fraternit\u00e9\nDIRECTION DE LA CITOYENNETE\nDE LA LEGALITE ET DE L'ENVIRONNEMENT\nBureau des \u00e9lections et de la r\u00e9glementation\nDCLE/BER/FUN/BC/2025/RAA N\u00b0                            \nARR\u00caT\u00c9 du  11 DECEMBRE 2025\nportant habilitation sous le n\u00b0 25-13-0584 de l'auto-entreprise d\u00e9nomm\u00e9e \n\u00ab ANGELO BERNARD SERVICES FUNERAIRES \u00bb exploit\u00e9e par M. Angelo BERNARD\nsise \u00e0 ROGNAC (13340) dans le domaine fun\u00e9raire \nLe pr\u00e9fet de la r\u00e9gion Provence-Alpes-C\u00f4te d'Azur\n         pr\u00e9fet de la zone de d\u00e9fense et de s\u00e9curit\u00e9 Sud\n                       pr\u00e9fet des Bouches-du-Rh\u00f4ne\n  \nVu le code g\u00e9n\u00e9ral des collectivit\u00e9s territoriales (CGCT), notamment les articles L2223-19 et  L2223-\n23 ;\nVu la loi n\u00b02008-1350 du 19 d\u00e9cembre 2008 relative \u00e0 la l\u00e9gislation fun\u00e9raire ;\nVu l'ordonnance n\u00b0 2005-855 du 28 juillet 2005 relative aux op\u00e9rations fun\u00e9raires, notamment l'article \n1 - \u00a7 IV ;\nVu le d\u00e9cret n\u00b0 2004-374 du 29 avril 2004 relatif aux pouvoirs des pr\u00e9fets, \u00e0 l'organisation et \u00e0 l'action  \ndes services de l'Etat dans les r\u00e9gions et d\u00e9partements ;\nVu le d\u00e9cret du 19 novembre 2025 portant nomination de monsieur Jacques WITKOWSKI en qualit\u00e9  \nde pr\u00e9fet de la r\u00e9gion Provence-Alpes-C\u00f4te d'Azur, pr\u00e9fet de la zone de d\u00e9fense et de s\u00e9curit\u00e9 Sud,  \npr\u00e9fet des Bouches-du-Rh\u00f4ne ;\nVu le d\u00e9cret du 31 janvier 2025 portant nomination de monsieur Fr\u00e9d\u00e9ric POISOT en qualit\u00e9 de  \nsecr\u00e9taire g\u00e9n\u00e9ral de la pr\u00e9fecture des Bouches-du-Rh\u00f4ne, sous-pr\u00e9fet de Marseille ;\nVu le d\u00e9cret n\u00b02012-608 du 30 avril 2012 relatif aux dipl\u00f4mes dans le secteur fun\u00e9raire ;\nVu l'arr\u00eat\u00e9 du 30 avril 2012 portant application du d\u00e9cret susvis\u00e9 ;\nVu le d\u00e9cret n\u00b02020-917 du 28 juillet 2020 relatif \u00e0 la dur\u00e9e de l'habilitation dans le secteur fun\u00e9raire ;\nVu la demande re\u00e7ue le 28 novembre 2025 de M. Angelo BERNARD g\u00e9rant, sollicitant l'habilitation  \ndans  le  domaine  fun\u00e9raire  de  l'auto-entreprise  d\u00e9nomm\u00e9e  \u00ab  ANGELO  BERNARD  SERVICES  \nFUNERAIRES \u00bb sise 2505 route d\u00e9partementale 20 \u00e0 ROGNAC (13340) ;\nConsid\u00e9rant  que  M.  Angelo  BERNARD  g\u00e9rant,  d\u00e9clare  exercer  l'activit\u00e9  de  fossoyeur,  porteur,  \nchauffeur \u00e0 l'exclusion de toute autre activit\u00e9 relevant du service ext\u00e9rieur des pompes fun\u00e8bres,  \nl'int\u00e9ress\u00e9 est r\u00e9put\u00e9 satisfaire aux conditions d'aptitude professionnelle vis\u00e9es en l'esp\u00e8ce \u00e0 l'article  \nR2223-42 du code g\u00e9n\u00e9ral des collectivit\u00e9s territoriales ;\nConsid\u00e9rant que la demande est constitu\u00e9e conform\u00e9ment \u00e0 la l\u00e9gislation en vigueur et compl\u00e8te le  \n11 d\u00e9cembre 2025 ;\nPr\u00e9fecture des Bouches-du-Rhone - 13-2025-12-11-00003 - ARR\u00caT\u00c9 du  11 DECEMBRE 2025\nportant habilitation sous le n\u00b0 25-13-0584 de l'auto-entreprise d\u00e9nomm\u00e9e \n\u00ab ANGELO BERNARD SERVICES FUNERAIRES \u00bb exploit\u00e9e par M. Angelo BERNARD\nsise \u00e0 ROGNAC (13340) dans le domaine fun\u00e9raire \n21\nSur proposition du secr\u00e9taire g\u00e9n\u00e9ral de la pr\u00e9fecture des Bouches-du-Rh\u00f4ne ;\nARR\u00caTE\nArticle 1  er     : L'auto-entreprise d\u00e9nomm\u00e9e \u00ab  ANGELO BERNARD SERVICES FUNERAIRES  \u00bb sise 2505  \nroute d\u00e9partementale 20 \u00e0 ROGNAC (13340), exploit\u00e9e par M. Angelo Bernard g\u00e9rant, est habilit\u00e9e  \nsous  le  N\u00b0  25-13-0584 \u00e0  compter  de  la  date  du  pr\u00e9sent  arr\u00eat\u00e9,  pour  exercer  sur  l'ensemble  du \nterritoire national les activit\u00e9s fun\u00e9raires suivantes :\nJusqu'au 11 DECEMBRE 2030   :  \n\u2022 fourniture  de  personnel,  des  objets  et  prestations  n\u00e9cessaires  aux  obs\u00e8ques,  inhumations,  \nexhumations et cr\u00e9mations\nArticle 2 : L'habilitation est accord\u00e9e pour 5 ans \u00e0 compter de la date du pr\u00e9sent arr\u00eat\u00e9. La demande  \nde renouvellement devra \u00eatre adress\u00e9e deux mois avant son \u00e9ch\u00e9ance.\nArticle 3 : L'op\u00e9rateur fun\u00e9raire habilit\u00e9 peut confier \u00e0 un ou plusieurs sous-traitants la r\u00e9alisation de  \ntout ou partie des prestations relevant du service ext\u00e9rieur des pompes fun\u00e8bres. Ce dernier doit \u00eatre  \nhabilit\u00e9 pour la prestation qu'il sous-traite ; de m\u00eame que les sous-traitants doivent \u00eatre habilit\u00e9s pour \nchacune des prestations du service ext\u00e9rieur qu'ils fournissent de mani\u00e8re habituelle aux familles. A  \nd\u00e9faut du respect de ces prescriptions, leur responsabilit\u00e9 conjointe pourra \u00eatre mise en cause.\nArticle 4 : La pr\u00e9sente habilitation peut \u00eatre suspendue pour une dur\u00e9e maximum d'un an ou retir\u00e9e  \npar le pr\u00e9fet du d\u00e9partement o\u00f9 les faits auront \u00e9t\u00e9 constat\u00e9s, conform\u00e9ment aux dispositions de  \nl'article L2223-25 du code g\u00e9n\u00e9ral des collectivit\u00e9s territoriales, pour les motifs suivants :\n1\u00b0 non-respect des dispositions du code g\u00e9n\u00e9ral des collectivit\u00e9s territoriales auxquelles sont soumises \nles r\u00e9gies, entreprises ou associations habilit\u00e9es conform\u00e9ment \u00e0 l'article L 2223-23,\n2\u00b0 non-exercice ou cessation d'exercice des activit\u00e9s au titre desquelles elle a \u00e9t\u00e9 d\u00e9livr\u00e9e,\n3\u00b0 atteinte \u00e0 l'ordre public ou danger pour la salubrit\u00e9 publique.\nDans le cas d'un d\u00e9l\u00e9gataire, le retrait de l'habilitation entra\u00eene la d\u00e9ch\u00e9ance des d\u00e9l\u00e9gations.\nArticle 5  :  La pr\u00e9sente d\u00e9cision peut faire l'objet, dans un d\u00e9lai de deux mois \u00e0 compter de sa  \nnotification,  d'un  recours  gracieux  aupr\u00e8s  de  mes  services,  d'un  recours  hi\u00e9rarchique  aupr\u00e8s  de \nmonsieur  le  ministre  de  l'int\u00e9rieur,  d'un  recours  contentieux  devant  le  tribunal  administratif  de \nMarseille (31 rue Jean-Fran\u00e7ois LECA, 13002 Marseille)  ; la juridiction administrative comp\u00e9tente peut  \naussi \u00eatre saisie par l'application T\u00e9l\u00e9recours accessible \u00e0 partir du site www.telerecours.fr.\nArticle 6  : Le secr\u00e9taire g\u00e9n\u00e9ral de la pr\u00e9fecture des Bouches-du-Rh\u00f4ne, le sous-pr\u00e9fet d'Istres, le  \ncolonel commandant le groupement de gendarmerie des Bouches-du-Rh\u00f4ne sont charg\u00e9s, chacun en  \nce qui le concerne, de l'ex\u00e9cution du pr\u00e9sent arr\u00eat\u00e9 qui sera publi\u00e9 au recueil des actes administratifs.\nFait \u00e0 Marseille, le 11 DECEMBRE 2025\n            Pour le Pr\u00e9fet,\nL'adjointe au chef de bureau\n                  SIGNE\nVirginie DUPOUY-RAVETLLAT\nPr\u00e9fecture des Bouches-du-Rhone - 13-2025-12-11-00003 - ARR\u00caT\u00c9 du  11 DECEMBRE 2025\nportant habilitation sous le n\u00b0 25-13-0584 de l'auto-entreprise d\u00e9nomm\u00e9e \n\u00ab ANGELO BERNARD SERVICES FUNERAIRES \u00bb exploit\u00e9e par M. Angelo BERNARD\nsise \u00e0 ROGNAC (13340) dans le domaine fun\u00e9raire \n22\nPr\u00e9fecture des Bouches-du-Rhone\n13-2025-12-09-00023\nARR\u00caT\u00c9 du 09 DECEMBRE 2025\nportant habilitation sous le n\u00b0 25-13-0009 de\nl'\u00e9tablissement secondaire de la soci\u00e9t\u00e9\n\u00ab\u00a0OGF - SERVICES FUNERAIRES \u00bb exploit\u00e9 sous le\nnom commercial \n\u00ab POMPES FUNEBRES ET MARBRERIE PINCEDE -\nPFG \u00bb sis \u00e0\u00a0Marseille (13005) dans le domaine\nfun\u00e9raire et pour la gestion et l'utilisation d'une\nchambre fun\u00e9raire\nPr\u00e9fecture des Bouches-du-Rhone - 13-2025-12-09-00023 - ARR\u00caT\u00c9 du 09 DECEMBRE 2025\nportant habilitation sous le n\u00b0 25-13-0009 de l'\u00e9tablissement secondaire de la soci\u00e9t\u00e9\n\u00ab\u00a0OGF - SERVICES FUNERAIRES \u00bb exploit\u00e9 sous le nom commercial \n\u00ab POMPES FUNEBRES ET MARBRERIE PINCEDE - PFG \u00bb sis \u00e0\u00a0Marseille (13005) dans le domaine fun\u00e9raire et pour la gestion et l'utilisation\nd'une chambre fun\u00e9raire\n23\nPREFETDES BOUCHES-DU-RHONELibert\u00e9Egalit\u00e9Fraternit\u00e9\nDIRECTION DE LA CITOYENNETE\nDE LA LEGALITE ET DE L'ENVIRONNEMENT\nBureau des \u00e9lections et de la r\u00e9glementation\nDCLE/BER/FUN/BC/2025/RAA N\u00b0                            \nARR\u00caT\u00c9 du 09 DECEMBRE 2025\nportant habilitation sous le n\u00b0 25-13-0009 de l'\u00e9tablissement secondaire de la soci\u00e9t\u00e9\n\u00ab OGF \u2013 SERVICES FUNERAIRES \u00bb exploit\u00e9 sous le nom commercial \n\u00ab POMPES FUNEBRES ET MARBRERIE PINCEDE \u2013 PFG \u00bb sis \u00e0 Marseille (13005) dans le \ndomaine fun\u00e9raire et pour la gestion et l'utilisation d'une chambre fun\u00e9raire\nLe pr\u00e9fet de la r\u00e9gion Provence-Alpes-C\u00f4te d'Azur\n         pr\u00e9fet de la zone de d\u00e9fense et de s\u00e9curit\u00e9 Sud\n                       pr\u00e9fet des Bouches-du-Rh\u00f4ne\nVu le code g\u00e9n\u00e9ral des collectivit\u00e9s territoriales (CGCT), notamment les articles L2223-19 et  L2223-\n23 ;\nVu la loi n\u00b02008-1350 du 19 d\u00e9cembre 2008 relative \u00e0 la l\u00e9gislation fun\u00e9raire ;\nVu l'ordonnance n\u00b0 2005-855 du 28 juillet 2005 relative aux op\u00e9rations fun\u00e9raires, notamment l'article \n1 - \u00a7 IV ;\nVu le d\u00e9cret n\u00b0 2004-374 du 29 avril 2004 relatif aux pouvoirs des pr\u00e9fets, \u00e0 l'organisation et \u00e0 l'action  \ndes services de l'Etat dans les r\u00e9gions et d\u00e9partements ;\nVu le d\u00e9cret du 19 novembre 2025 portant nomination de monsieur Jacques WITKOWSKI en qualit\u00e9  \nde pr\u00e9fet de la r\u00e9gion Provence-Alpes-C\u00f4te d'Azur, pr\u00e9fet de la zone de d\u00e9fense et de s\u00e9curit\u00e9 Sud,  \npr\u00e9fet des Bouches-du-Rh\u00f4ne ;\nVu le d\u00e9cret du 31 janvier 2025 portant nomination de monsieur Fr\u00e9d\u00e9ric POISOT en qualit\u00e9 de  \nsecr\u00e9taire g\u00e9n\u00e9ral de la pr\u00e9fecture des Bouches-du-Rh\u00f4ne, sous-pr\u00e9fet de Marseille ;\nVu le d\u00e9cret n\u00b02012-608 du 30 avril 2012 relatif aux dipl\u00f4mes dans le secteur fun\u00e9raire ;\nVu l'arr\u00eat\u00e9 du 30 avril 2012 portant application du d\u00e9cret susvis\u00e9 ;\nVu le d\u00e9cret n\u00b02020-917 du 28 juillet 2020 relatif \u00e0 la dur\u00e9e de l'habilitation dans le secteur fun\u00e9raire ;\nVu l'arr\u00eat\u00e9 n\u00b0 20-13-0009 du 08 d\u00e9cembre 2020 du pr\u00e9fet des Bouches-du-Rh\u00f4ne portant habilitation \ndans le domaine fun\u00e9raire et pour la gestion et l'utilisation d'une  chambre fun\u00e9raire jusqu'au 08 \nd\u00e9cembre 2025 de l'\u00e9tablissement secondaire de la soci\u00e9t\u00e9 \u00ab OGF \u00bb exploit\u00e9 sous le nom commercial \n\u00ab POMPES FUNEBRES PINCEDE \u00bb sis 431 rue Saint-Pierre \u00e0 Marseille (13005) ;\nVu la demande re\u00e7 ue le 01 d\u00e9cembre 2025 de M. Thierry BRETEAU directeur de secteur sollicitant le  \nrenouvellement de l'habilitation susvis\u00e9e \u00e0 son \u00e9ch\u00e9ance ;\nConsid\u00e9rant que la demande est constitu\u00e9e conform\u00e9ment \u00e0 la l\u00e9gislation en vigueur et compl\u00e8te  le \n09 d\u00e9cembre 2025 ;\nPr\u00e9fecture des Bouches-du-Rhone - 13-2025-12-09-00023 - ARR\u00caT\u00c9 du 09 DECEMBRE 2025\nportant habilitation sous le n\u00b0 25-13-0009 de l'\u00e9tablissement secondaire de la soci\u00e9t\u00e9\n\u00ab\u00a0OGF - SERVICES FUNERAIRES \u00bb exploit\u00e9 sous le nom commercial \n\u00ab POMPES FUNEBRES ET MARBRERIE PINCEDE - PFG \u00bb sis \u00e0\u00a0Marseille (13005) dans le domaine fun\u00e9raire et pour la gestion et l'utilisation\nd'une chambre fun\u00e9raire\n24\nSur proposition du secr\u00e9taire g\u00e9n\u00e9ral de la pr\u00e9fecture des Bouches-du-Rh\u00f4ne ;\nARR\u00caTE\nArticle 1  er   : L'\u00e9tablissement secondaire de la soci\u00e9t\u00e9 \u00ab  OGF - SERVICES FUNERAIRES \u00bb exploit\u00e9 sous le  \nnom commercial \u00ab  POMPES FUNEBRES ET MARBRERIE PINCEDE - PFG  \u00bb sis  431 rue Saint-Pierre \u00e0  \nMarseille  (13005)  dirig\u00e9  par  M.  Thierry  BRETEAU  directeur  de  secteur,  est  habilit\u00e9  sous  le  \nN\u00b0 25-13-0009  \u00e0 compter de la date du pr\u00e9sent arr\u00eat\u00e9, pour exercer sur l'ensemble du territoire  \nnational les activit\u00e9s fun\u00e9raires suivantes :\n\u27a2 Jusqu'au 09 d\u00e9cembre   2030   :  \n\u2022 transport des corps avant et apr\u00e8s mise en bi\u00e8re\n\u2022 organisation des obs\u00e8ques\n\u2022 soins de conservation (en sous-traitance)\n\u2022 fourniture des housses, de cercueils et de leurs accessoires int\u00e9rieurs et ext\u00e9rieurs ainsi que des  \nurnes cin\u00e9raires \n\u2022 gestion et utilisation d'une chambre fun\u00e9raire\n\u2022 fourniture des corbillards et de voitures de deuil \n\u2022 fourniture  de  personnel,  des  objets  et  prestations  n\u00e9cessaires  aux  obs\u00e8ques,  inhumations,  \nexhumations et cr\u00e9mations\nArticle 2 : L'habilitation est accord\u00e9e pour 5 ans \u00e0 compter de la date du pr\u00e9sent arr\u00eat\u00e9. La demande  \nde renouvellement devra \u00eatre adress\u00e9e deux mois avant son \u00e9ch\u00e9ance.\nArticle 3  : L'op\u00e9rateur fun\u00e9raire habilit\u00e9 peut confier \u00e0 un ou plusieurs sous-traitants la r\u00e9alisation de  \ntout ou partie des prestations relevant du service ext\u00e9rieur des pompes fun\u00e8bres. Ce dernier doit \u00eatre  \nhabilit\u00e9 pour la prestation qu'il sous-traite ; de m\u00eame que les sous-traitants doivent \u00eatre habilit\u00e9s pour \nchacune des prestations du service ext\u00e9rieur qu'ils fournissent de mani\u00e8re habituelle aux familles. A  \nd\u00e9faut du respect de ces prescriptions, leur responsabilit\u00e9 conjointe pourra \u00eatre mise en cause.\nArticle 4 :  La pr\u00e9sente habilitation peut \u00eatre suspendue pour une dur\u00e9e maximum d'un an ou retir\u00e9e  \npar le pr\u00e9fet du d\u00e9partement o\u00f9 les faits auront \u00e9t\u00e9 constat\u00e9s, conform\u00e9ment aux dispositions de  \nl'article L2223-25 du code g\u00e9n\u00e9ral des collectivit\u00e9s territoriales, pour les motifs suivants :\n1\u00b0 non-respect des dispositions du code g\u00e9n\u00e9ral des collectivit\u00e9s territoriales auxquelles sont soumises \nles r\u00e9gies, entreprises ou associations habilit\u00e9es conform\u00e9ment \u00e0 l'article L 2223-23,\n2\u00b0 non-exercice ou cessation d'exercice des activit\u00e9s au titre desquelles elle a \u00e9t\u00e9 d\u00e9livr\u00e9e,\n3\u00b0 atteinte \u00e0 l'ordre public ou danger pour la salubrit\u00e9 publique.\nDans le cas d'un d\u00e9l\u00e9gataire, le retrait de l'habilitation entra\u00eene la d\u00e9ch\u00e9ance des d\u00e9l\u00e9gations.\nArticle 5  :  La pr\u00e9sente d\u00e9cision peut faire l'objet, dans un d\u00e9lai de deux mois \u00e0 compter de sa  \nnotification,  d'un  recours  gracieux  aupr\u00e8s  de  mes  services,  d'un  recours  hi\u00e9rarchique  aupr\u00e8s  de \nmonsieur  le  ministre  de  l'int\u00e9rieur,  d'un  recours  contentieux  devant  le  tribunal  administratif  de \nMarseille (31 rue Jean-Fran\u00e7ois LECA, 13002 Marseille)  ; la juridiction administrative comp\u00e9tente peut  \naussi \u00eatre saisie par l'application T\u00e9l\u00e9recours accessible \u00e0 partir du site www.telerecours.fr.\nArticle 6 : Le secr\u00e9taire g\u00e9n\u00e9ral de la pr\u00e9fecture des Bouches-du-Rh\u00f4ne, le directeur d\u00e9partemental de \nla S\u00e9curit\u00e9 publique des Bouches-du-Rh\u00f4ne sont charg\u00e9s, chacun en ce qui le concerne, de l'ex\u00e9cution \ndu pr\u00e9sent arr\u00eat\u00e9 qui sera publi\u00e9 au recueil des actes administratifs.\nFait \u00e0 Marseille, le 09 DECEMBRE 2025\n              \nPour le pr\u00e9fet,\nL'adjointe au chef de bureau\n                     SIGNE\nVirginie DUPOUY-RAVETLLAT\nPr\u00e9fecture des Bouches-du-Rhone - 13-2025-12-09-00023 - ARR\u00caT\u00c9 du 09 DECEMBRE 2025\nportant habilitation sous le n\u00b0 25-13-0009 de l'\u00e9tablissement secondaire de la soci\u00e9t\u00e9\n\u00ab\u00a0OGF - SERVICES FUNERAIRES \u00bb exploit\u00e9 sous le nom commercial \n\u00ab POMPES FUNEBRES ET MARBRERIE PINCEDE - PFG \u00bb sis \u00e0\u00a0Marseille (13005) dans le domaine fun\u00e9raire et pour la gestion et l'utilisation\nd'une chambre fun\u00e9raire\n25\nPr\u00e9fecture des Bouches-du-Rhone\n13-2025-12-10-00015\nARR\u00caT\u00c9 du 10 DECEMBRE 2025\nportant habilitation sous le n\u00b0 25-13-0343 de\nl'\u00e9tablissement secondaire de la soci\u00e9t\u00e9\n\u00ab\u00a0FUNECAP SUD-EST\u00bb exploit\u00e9 sous l'enseigne \u00ab\nROC' ECLERC  \u00bb \nsis \u00e0 Gardanne (13120), dans le domaine fun\u00e9raire\nPr\u00e9fecture des Bouches-du-Rhone - 13-2025-12-10-00015 - ARR\u00caT\u00c9 du 10 DECEMBRE 2025\nportant habilitation sous le n\u00b0 25-13-0343 de l'\u00e9tablissement secondaire de la soci\u00e9t\u00e9 \u00ab\u00a0FUNECAP SUD-EST\u00bb exploit\u00e9 sous l'enseigne \u00ab\nROC' ECLERC  \u00bb \nsis \u00e0 Gardanne (13120), dans le domaine fun\u00e9raire\n26\nPREFETDES BOUCHES-DU-RHONELibert\u00e9Egalit\u00e9Fraternit\u00e9\nDIRECTION DE LA CITOYENNETE\nDE LA LEGALITE ET DE L'ENVIRONNEMENT\nBureau des \u00e9lections et de la r\u00e9glementation\nDCLE/BER/FUN/BC/2025/RAA N\u00b0                            \nARR\u00caT\u00c9 du 10 DECEMBRE 2025\nportant habilitation sous le n\u00b0 25-13-0343 de l'\u00e9tablissement secondaire de la soci\u00e9t\u00e9 \n\u00ab FUNECAP SUD-EST\u00bb exploit\u00e9 sous l'enseigne \u00ab ROC' ECLERC  \u00bb \nsis \u00e0 Gardanne (13120), dans le domaine fun\u00e9raire\nLe pr\u00e9fet de la r\u00e9gion Provence-Alpes-C\u00f4te d'Azur\n         pr\u00e9fet de la zone de d\u00e9fense et de s\u00e9curit\u00e9 Sud\n                       pr\u00e9fet des Bouches-du-Rh\u00f4ne\n            \nVu le code g\u00e9n\u00e9ral des collectivit\u00e9s territoriales (CGCT), notamment les articles L2223-19 et  L2223-\n23 ;\nVu la loi n\u00b02008-1350 du 19 d\u00e9cembre 2008 relative \u00e0 la l\u00e9gislation fun\u00e9raire ;\nVu l'ordonnance n\u00b0 2005-855 du 28 juillet 2005 relative aux op\u00e9rations fun\u00e9raires, notamment l'article \n1 - \u00a7 IV ;\nVu le d\u00e9cret n\u00b0 2004-374 du 29 avril 2004 relatif aux pouvoirs des pr\u00e9fets, \u00e0 l'organisation et \u00e0 l'action  \ndes services de l'Etat dans les r\u00e9gions et d\u00e9partements ;\nVu le d\u00e9cret du 19 novembre 2025 portant nomination de monsieur Jacques WITKOWSKI en qualit\u00e9  \nde pr\u00e9fet de la r\u00e9gion Provence-Alpes-C\u00f4te d'Azur, pr\u00e9fet de la zone de d\u00e9fense et de s\u00e9curit\u00e9 Sud,  \npr\u00e9fet des Bouches-du-Rh\u00f4ne ;\nVu le d\u00e9cret du 31 janvier 2025 portant nomination de monsieur Fr\u00e9d\u00e9ric POISOT en qualit\u00e9 de  \nsecr\u00e9taire g\u00e9n\u00e9ral de la pr\u00e9fecture des Bouches-du-Rh\u00f4ne, sous-pr\u00e9fet de Marseille ;\nVu le d\u00e9cret n\u00b02012-608 du 30 avril 2012 relatif aux dipl\u00f4mes dans le secteur fun\u00e9raire ;\nVu l'arr\u00eat\u00e9 du 30 avril 2012 portant application du d\u00e9cret susvis\u00e9 ;\nVu le d\u00e9cret n\u00b02020-917 du 28 juillet 2020 relatif \u00e0 la dur\u00e9e de l'habilitation dans le secteur fun\u00e9raire ;\nVu l'arr\u00eat\u00e9 n\u00b0 20-13-0343 du pr\u00e9fet des Bouches-du-Rh\u00f4ne en date du 16 d\u00e9cembre 2020, portant  \nhabilitation dans  le  domaine  fun\u00e9raire  jusqu'au  16  d\u00e9cembre  2025\nde l'\u00e9tablissement secondaire de la soci\u00e9t\u00e9 FUNECAP SUD-EST d\u00e9nomm\u00e9 \u00ab ROC ECLERC  \u00bb sis 6 cours \nde la r\u00e9publique \u00e0 Gardanne (13120) ;\nVu la demande re\u00e7ue le 10 novembre 2025 de M. Gr\u00e9gory LECOUTEUX directeur ex\u00e9cutif de la SAS  \nFUNECAP SUD-EST sollicitant le renouvellement de l'habilitation susvis\u00e9e \u00e0 son \u00e9ch\u00e9ance ;\nConsid\u00e9rant que la demande est constitu\u00e9e conform\u00e9ment \u00e0 la l\u00e9gislation en vigueur et compl\u00e8te le  \n10 novembre 2025 ;\nSur proposition du secr\u00e9taire g\u00e9n\u00e9ral de la pr\u00e9fecture des Bouches-du-Rh\u00f4ne ;\nPr\u00e9fecture des Bouches-du-Rhone - 13-2025-12-10-00015 - ARR\u00caT\u00c9 du 10 DECEMBRE 2025\nportant habilitation sous le n\u00b0 25-13-0343 de l'\u00e9tablissement secondaire de la soci\u00e9t\u00e9 \u00ab\u00a0FUNECAP SUD-EST\u00bb exploit\u00e9 sous l'enseigne \u00ab\nROC' ECLERC  \u00bb \nsis \u00e0 Gardanne (13120), dans le domaine fun\u00e9raire\n27\nARR\u00caTE\nArticle 1  er     :  L'\u00e9tablissement secondaire de la soci\u00e9t\u00e9 \u00ab  FUNECAP SUD-EST \u00bb exploit\u00e9 sous l'enseigne  \n\u00ab ROC'  ECLERC  \u00bb  sis  6  cours  de  la  r\u00e9publique  \u00e0  Gardanne  (13120)  repr\u00e9sent\u00e9  par  M.  Gr\u00e9gory \nLecouteux directeur ex\u00e9cutif, est habilit\u00e9 sous le  N\u00b0 25-13-0343  \u00e0 compter de la date du pr\u00e9sent  \narr\u00eat\u00e9, pour exercer sur l'ensemble du territoire national les activit\u00e9s fun\u00e9raires suivantes :\n\u2794 Jusqu'au 10 d\u00e9cembre 2030   :  \n\u2022 transport des corps avant et apr\u00e8s mise en bi\u00e8re\n\u2022 organisation des obs\u00e8ques\n\u2022 soins de conservation (en sous-traitance)\n\u2022 fourniture des housses, de cercueils et de leurs accessoires int\u00e9rieurs et ext\u00e9rieurs ainsi que des  \nurnes cin\u00e9raires \n\u2022 fourniture des corbillards et des voitures de deuil \n\u2022 fourniture  de  personnel,  des  objets  et  prestations  n\u00e9cessaires  aux  obs\u00e8ques,  inhumations,  \nexhumations et cr\u00e9mations\nArticle 2 : L'habilitation est accord\u00e9e pour 5 ans \u00e0 compter de la date du pr\u00e9sent arr\u00eat\u00e9. La demande  \nde renouvellement devra \u00eatre adress\u00e9e deux mois avant son \u00e9ch\u00e9ance.\nArticle  3  :  L'arr\u00eat\u00e9  du  pr\u00e9fet  des  Bouches-du-Rh\u00f4ne  N\u00b0  20-13-0343  susmentionn\u00e9  est  abrog\u00e9  \u00e0  \ncompter de la date du pr\u00e9sent arr\u00eat\u00e9.\nArticle 4  : L'op\u00e9rateur fun\u00e9raire habilit\u00e9 peut confier \u00e0 un ou plusieurs sous-traitants la r\u00e9alisation de  \ntout ou partie des prestations relevant du service ext\u00e9rieur des pompes fun\u00e8bres. Ce dernier doit \u00eatre  \nhabilit\u00e9 pour la prestation qu'il sous-traite ; de m\u00eame que les sous-traitants doivent \u00eatre habilit\u00e9s pour \nchacune des prestations du service ext\u00e9rieur qu'ils fournissent de mani\u00e8re habituelle aux familles. A  \nd\u00e9faut du respect de ces prescriptions, leur responsabilit\u00e9 conjointe pourra \u00eatre mise en cause.\nArticle 5 :  La pr\u00e9sente habilitation peut \u00eatre suspendue pour une dur\u00e9e maximum d'un an ou retir\u00e9e  \npar le pr\u00e9fet du d\u00e9partement o\u00f9 les faits auront \u00e9t\u00e9 constat\u00e9s, conform\u00e9ment aux dispositions de  \nl'article L2223-25 du code g\u00e9n\u00e9ral des collectivit\u00e9s territoriales, pour les motifs suivants :\n1\u00b0 non-respect des dispositions du code g\u00e9n\u00e9ral des collectivit\u00e9s territoriales auxquelles sont soumises \nles r\u00e9gies, entreprises ou associations habilit\u00e9es conform\u00e9ment \u00e0 l'article L 2223-23,\n2\u00b0 non-exercice ou cessation d'exercice des activit\u00e9s au titre desquelles elle a \u00e9t\u00e9 d\u00e9livr\u00e9e,\n3\u00b0 atteinte \u00e0 l'ordre public ou danger pour la salubrit\u00e9 publique.\nDans le cas d'un d\u00e9l\u00e9gataire, le retrait de l'habilitation entra\u00eene la d\u00e9ch\u00e9ance des d\u00e9l\u00e9gations.\nArticle 6  :  La pr\u00e9sente d\u00e9cision peut faire l'objet, dans un d\u00e9lai de deux mois \u00e0 compter de sa  \nnotification,  d'un  recours  gracieux  aupr\u00e8s  de  mes  services,  d'un  recours  hi\u00e9rarchique  aupr\u00e8s  de \nmonsieur  le  ministre  de  l'int\u00e9rieur,  d'un  recours  contentieux  devant  le  tribunal  administratif  de \nMarseille (31 rue Jean-Fran\u00e7ois LECA, 13002 Marseille)  ; la juridiction administrative comp\u00e9tente peut  \naussi \u00eatre saisie par l'application T\u00e9l\u00e9recours accessible \u00e0 partir du site www.telerecours.fr.\nArticle  7 :  Le  secr\u00e9taire  g\u00e9n\u00e9ral  de  la  pr\u00e9fecture  des  Bouches-du-Rh\u00f4ne,  le  sous-pr\u00e9fet  d'Aix-en-\nProvence,  le  colonel  commandant  le  groupement  de  gendarmerie  des  Bouches-du-Rh\u00f4ne  sont  \ncharg\u00e9s, chacun en ce qui le concerne, de l'ex\u00e9cution du pr\u00e9sent arr\u00eat\u00e9 qui sera publi\u00e9 au recueil des  \nactes administratifs.\nFait \u00e0 Marseille, le 10 DECEMBRE 2025\n              Pour le pr\u00e9fet,\nL'adjointe au chef de bureau\n                     SIGNE\nVirginie DUPOUY-RAVETLLAT\nPr\u00e9fecture des Bouches-du-Rhone - 13-2025-12-10-00015 - ARR\u00caT\u00c9 du 10 DECEMBRE 2025\nportant habilitation sous le n\u00b0 25-13-0343 de l'\u00e9tablissement secondaire de la soci\u00e9t\u00e9 \u00ab\u00a0FUNECAP SUD-EST\u00bb exploit\u00e9 sous l'enseigne \u00ab\nROC' ECLERC  \u00bb \nsis \u00e0 Gardanne (13120), dans le domaine fun\u00e9raire\n28\nPr\u00e9fecture des Bouches-du-Rhone\n13-2025-12-11-00002\nARR\u00caT\u00c9 du 11 DECEMBRE 2025\nportant habilitation sous le n\u00b0 25-13-0583 de la\nsoci\u00e9t\u00e9 d\u00e9nomm\u00e9e \n\u00ab\u00a0POMPES FUNEBRES LUMEA \u00bb sise \u00e0 ROGNAC\n(13340) dans le domaine fun\u00e9raire\nPr\u00e9fecture des Bouches-du-Rhone - 13-2025-12-11-00002 - ARR\u00caT\u00c9 du 11 DECEMBRE 2025\nportant habilitation sous le n\u00b0 25-13-0583 de la soci\u00e9t\u00e9 d\u00e9nomm\u00e9e \n\u00ab\u00a0POMPES FUNEBRES LUMEA \u00bb sise \u00e0 ROGNAC (13340) dans le domaine fun\u00e9raire\n29\nPREFETDES BOUCHES-DU-RHONELibert\u00e9Egalit\u00e9Fraternit\u00e9\nDIRECTION DE LA CITOYENNETE\nDE LA LEGALITE ET DE L'ENVIRONNEMENT\nBureau des \u00e9lections et de la r\u00e9glementation\nDCLE/BER/FUN/BC/2025/RAA N\u00b0                            \nARR\u00caT\u00c9 du 11 DECEMBRE 2025\nportant habilitation sous le n\u00b0 25-13-0583 de la soci\u00e9t\u00e9 d\u00e9nomm\u00e9e \n\u00ab POMPES FUNEBRES LUMEA \u00bb sise \u00e0 ROGNAC (13340) dans le domaine fun\u00e9raire\nLe pr\u00e9fet de la r\u00e9gion Provence-Alpes-C\u00f4te d'Azur\n         pr\u00e9fet de la zone de d\u00e9fense et de s\u00e9curit\u00e9 Sud\n                       pr\u00e9fet des Bouches-du-Rh\u00f4ne\n              \nVu le code g\u00e9n\u00e9ral des collectivit\u00e9s territoriales (CGCT), notamment les articles L2223-19 et  L2223-\n23 ;\nVu la loi n\u00b02008-1350 du 19 d\u00e9cembre 2008 relative \u00e0 la l\u00e9gislation fun\u00e9raire ;\nVu l'ordonnance n\u00b0 2005-855 du 28 juillet 2005 relative aux op\u00e9rations fun\u00e9raires, notamment l'article \n1 - \u00a7 IV ;\nVu le d\u00e9cret n\u00b0 2004-374 du 29 avril 2004 relatif aux pouvoirs des pr\u00e9fets, \u00e0 l'organisation et \u00e0 l'action  \ndes services de l'Etat dans les r\u00e9gions et d\u00e9partements ;\nVu le d\u00e9cret du 19 novembre 2025 portant nomination de monsieur Jacques WITKOWSKI en qualit\u00e9  \nde pr\u00e9fet de la r\u00e9gion Provence-Alpes-C\u00f4te d'Azur, pr\u00e9fet de la zone de d\u00e9fense et de s\u00e9curit\u00e9 Sud,  \npr\u00e9fet des Bouches-du-Rh\u00f4ne ;\nVu le d\u00e9cret du 31 janvier 2025 portant nomination de monsieur Fr\u00e9d\u00e9ric POISOT en qualit\u00e9 de  \nsecr\u00e9taire g\u00e9n\u00e9ral de la pr\u00e9fecture des Bouches-du-Rh\u00f4ne, sous-pr\u00e9fet de Marseille ;\nVu le d\u00e9cret n\u00b02012-608 du 30 avril 2012 relatif aux dipl\u00f4mes dans le secteur fun\u00e9raire ;\nVu l'arr\u00eat\u00e9 du 30 avril 2012 portant application du d\u00e9cret susvis\u00e9 ;\nVu le d\u00e9cret n\u00b02020-917 du 28 juillet 2020 relatif \u00e0 la dur\u00e9e de l'habilitation dans le secteur fun\u00e9raire ;\nVu la demande re\u00e7ue le 27 novembre 2025 de M. S\u00e9bastien GARCIA g\u00e9rant sollicitant l'habilitation  \ndans le domaine fun\u00e9raire de la soci\u00e9t\u00e9 d\u00e9nomm\u00e9e \u00ab  POMPES FUNEBRES LUMEA \u00bb sise 115 boulevard  \nJean Jaur\u00e8s \u00e0 ROGNAC (13340) ;\nConsid\u00e9rant que la demande est constitu\u00e9e conform\u00e9ment \u00e0 la l\u00e9gislation en vigueur et compl\u00e8te le  \n10 d\u00e9cembre 2025 ;\nSur proposition du secr\u00e9taire g\u00e9n\u00e9ral de la pr\u00e9fecture des Bouches-du-Rh\u00f4ne ;\nPr\u00e9fecture des Bouches-du-Rhone - 13-2025-12-11-00002 - ARR\u00caT\u00c9 du 11 DECEMBRE 2025\nportant habilitation sous le n\u00b0 25-13-0583 de la soci\u00e9t\u00e9 d\u00e9nomm\u00e9e \n\u00ab\u00a0POMPES FUNEBRES LUMEA \u00bb sise \u00e0 ROGNAC (13340) dans le domaine fun\u00e9raire\n30\nARR\u00caTE\nArticle 1  er     : La soci\u00e9t\u00e9 d\u00e9nomm\u00e9e \u00ab  POMPES FUNEBRES LUMEA  \u00bb sise 115 boulevard Jean Jaur\u00e8s \u00e0  \nROGNAC (13340) exploit\u00e9e par M. S\u00e9bastien GARCIA pr\u00e9sident, est habilit\u00e9e sous le N\u00b0 25-13-0583 \u00e0 \ncompter de la date du pr\u00e9sent arr\u00eat\u00e9, pour exercer sur l'ensemble du territoire national les activit\u00e9s  \nfun\u00e9raires suivantes :\n\u27a2 Jusqu'au 11 d\u00e9cembre 2030   :  \n\u2022 transport des corps avant et apr\u00e8s mise en bi\u00e8re  (en sous-traitance)\n\u2022 organisation des obs\u00e8ques\n\u2022 soins de conservation (en sous-traitance)\n\u2022 fourniture des housses, de cercueils et de leurs accessoires int\u00e9rieurs et ext\u00e9rieurs ainsi que des  \nurnes cin\u00e9raires \n\u2022 fourniture des corbillards et de voitures de deuil (en sous-traitance)\n\u2022 fourniture  de  personnel,  des  objets  et  prestations  n\u00e9cessaires  aux  obs\u00e8ques,  inhumations,  \nexhumations et cr\u00e9mations\nArticle 2 : L'habilitation est accord\u00e9e pour 5 ans \u00e0 compter de la date du pr\u00e9sent arr\u00eat\u00e9. La demande  \nde renouvellement devra \u00eatre adress\u00e9e deux mois avant son \u00e9ch\u00e9ance.\nArticle 3  : L'op\u00e9rateur fun\u00e9raire habilit\u00e9 peut confier \u00e0 un ou plusieurs sous-traitants la r\u00e9alisation de  \ntout ou partie des prestations relevant du service ext\u00e9rieur des pompes fun\u00e8bres. Ce dernier doit \u00eatre  \nhabilit\u00e9 pour la prestation qu'il sous-traite ; de m\u00eame que les sous-traitants doivent \u00eatre habilit\u00e9s pour \nchacune des prestations du service ext\u00e9rieur qu'ils fournissent de mani\u00e8re habituelle aux familles. A  \nd\u00e9faut du respect de ces prescriptions, leur responsabilit\u00e9 conjointe pourra \u00eatre mise en cause.\nArticle 4 :  La pr\u00e9sente habilitation peut \u00eatre suspendue pour une dur\u00e9e maximum d'un an ou retir\u00e9e  \npar le pr\u00e9fet du d\u00e9partement o\u00f9 les faits auront \u00e9t\u00e9 constat\u00e9s, conform\u00e9ment aux dispositions de  \nl'article L2223-25 du code g\u00e9n\u00e9ral des collectivit\u00e9s territoriales, pour les motifs suivants :\n1\u00b0 non-respect des dispositions du code g\u00e9n\u00e9ral des collectivit\u00e9s territoriales auxquelles sont soumises \nles r\u00e9gies, entreprises ou associations habilit\u00e9es conform\u00e9ment \u00e0 l'article L 2223-23,\n2\u00b0 non-exercice ou cessation d'exercice des activit\u00e9s au titre desquelles elle a \u00e9t\u00e9 d\u00e9livr\u00e9e,\n3\u00b0 atteinte \u00e0 l'ordre public ou danger pour la salubrit\u00e9 publique.\nDans le cas d'un d\u00e9l\u00e9gataire, le retrait de l'habilitation entra\u00eene la d\u00e9ch\u00e9ance des d\u00e9l\u00e9gations.\nArticle 5  :  La pr\u00e9sente d\u00e9cision peut faire l'objet, dans un d\u00e9lai de deux mois \u00e0 compter de sa  \nnotification,  d'un  recours  gracieux  aupr\u00e8s  de  mes  services,  d'un  recours  hi\u00e9rarchique  aupr\u00e8s  de \nmonsieur  le  ministre  de  l'int\u00e9rieur,  d'un  recours  contentieux  devant  le  tribunal  administratif  de \nMarseille (31 rue Jean-Fran\u00e7ois LECA, 13002 Marseille)  ; la juridiction administrative comp\u00e9tente peut  \naussi \u00eatre saisie par l'application T\u00e9l\u00e9recours accessible \u00e0 partir du site www.telerecours.fr.\nArticle 6  : Le secr\u00e9taire g\u00e9n\u00e9ral de la pr\u00e9fecture des Bouches-du-Rh\u00f4ne, le sous-pr\u00e9fet d'Istres, le  \ncolonel commandant le groupement de gendarmerie des Bouches-du-Rh\u00f4ne sont charg\u00e9s, chacun en  \nce qui le concerne, de l'ex\u00e9cution du pr\u00e9sent arr\u00eat\u00e9 qui sera publi\u00e9 au recueil des actes administratifs.\n,\nFait \u00e0 Marseille, le 11 DECEMBRE 2025\n              Pour le pr\u00e9fet,\nL'adjointe au chef de bureau\n                     SIGNE\nVirginie DUPOUY-RAVETLLAT\nPr\u00e9fecture des Bouches-du-Rhone - 13-2025-12-11-00002 - ARR\u00caT\u00c9 du 11 DECEMBRE 2025\nportant habilitation sous le n\u00b0 25-13-0583 de la soci\u00e9t\u00e9 d\u00e9nomm\u00e9e \n\u00ab\u00a0POMPES FUNEBRES LUMEA \u00bb sise \u00e0 ROGNAC (13340) dans le domaine fun\u00e9raire\n31","date":"2025-12-11","first_seen_on":"2025-12-11T15:11:04+00:00","id":"cb69e179c134ac055b9bc1d89e28fe7d9d2de29a330437f61aa1f99c14e92e81","name":"recueil-13-2025-379-recueil-des-actes-administratifs-special du 11 d\u00e9cembre 2025","pdf_creation_date":"2025-12-11T14:40:08+00:00","pdf_modification_date":"2025-12-11T14:40:39+00:00","timezone":"Europe/Paris","url":"https://www.bouches-du-rhone.gouv.fr/contenu/telechargement/62297/438415/file/recueil-13-2025-379-recueil-des-actes-administratifs-special%20du%2011%20d%C3%A9cembre%202025.pdf"}
