{"administration":"pref21","administration_name":"Pr\u00e9fecture de C\u00f4te-d\u2019Or","content":"PR\u00c9FET\nDE LA C\u00d4TE-D'OR\nRECUEIL DES ACTES\nADMINISTRATIFS SP\u00c9CIAL\nN\u00b021-2026-045\nPUBLI\u00c9 LE  6 MARS 2026\nSommaire\nDirection d\u00e9partementale des territoires de la C\u00f4te-d'Or / Cellule\n\u00c9ducation routi\u00e8re\n21-2026-03-03-00001 - Arr\u00eat\u00e9 n\u00b0 457 portant cr\u00e9ation d'un\n\u00e9tablissement charg\u00e9 d'animer les stages de sensibilisation \u00e0 la\ns\u00e9curit\u00e9 routi\u00e8re \nsous le n\u00b0 R 26 021 0001 0\nd\u00e9nomm\u00e9\n\u00abACTION SENSI PERMIS\u00bb \nsitu\u00e9  950, route des Colles\n06410 BIOT\n(3 pages) Page 4\nDirection d\u00e9partementale des territoires de la C\u00f4te-d'Or / Service de l'eau\net des risques\n21-2026-03-06-00002 - Arr\u00eat\u00e9 pr\u00e9fectoral n\u00b0 482 du 06 mars 2026\nportant d\u00e9claration d'int\u00e9r\u00eat g\u00e9n\u00e9ral et r\u00e9c\u00e9piss\u00e9 de\nd\u00e9claration des travaux de remise en eau d'un ancien m\u00e9andre de la\nDheune \u00e0 EBATY. (8 pages) Page 8\nDirection d\u00e9partementale des territoires de la C\u00f4te-d'Or / Service\nPr\u00e9servation et Am\u00e9nagement de l'Espace (SPAE)\n21-2026-03-06-00001 - Arr\u00eat\u00e9 pr\u00e9fectoral du 6 mars 2026 approuvant\nla mise en conformit\u00e9 des statuts de l'association fonci\u00e8re de\nremembrement de GENLIS (2 pages) Page 17\nDirection d\u00e9partementale des territoires de la C\u00f4te-d'Or / Service\nS\u00e9curit\u00e9 et Education Routi\u00e8re\n21-2026-03-03-00002 - AP 464 20260203 RAA Arr\u00eat\u00e9Permanent\nVongesRD961-RD976 (3 pages) Page 20\n21-2026-03-05-00001 - AP 472 20260305 RAA A6 MiseEnConformit\u00e9\n16mars-5juin  (9 pages) Page 24\n21-2026-02-25-00003 - AP interpr\u00e9fectoral RAA 2026-0006 -\nDDT-USR-APRR -travaux reprise de chauss\u00e9es A6 du PR210 au PR235 (6\npages) Page 34\nMaison d'arr\u00eat de Dijon /\n21-2026-02-27-00004 - D\u00e9l\u00e9gation de signature MA DIJON (4 pages) Page 41\nPr\u00e9fecture de la C\u00f4te-d'Or /\n21-2026-03-03-00007 - Arr\u00eat\u00e9 Inter-pr\u00e9fectoral n\u00b0 2026-58-DDT\nportant prolongation de l'arr\u00eat\u00e9 inter-pr\u00e9fectoral n\u00b0 2015-1101-DDT\nautorisant les travaux \u00e0 r\u00e9aliser dans le cadre du plan de gestion\npluriannuel des op\u00e9rations de dragage d'entretien sur le canal du Centre.\n(3 pages) Page 46\n21-2026-02-23-00018 - Arr\u00eat\u00e9 pr\u00e9fectoral portant dissolution de\nl'association syndicale autoris\u00e9e de Lianne de Perrigny-sur-l'Ognon (2\npages) Page 50\n2\nPr\u00e9fecture de la C\u00f4te-d'Or / Direction des s\u00e9curit\u00e9s\n21-2026-03-03-00010 - AP portant agr\u00e9ment d'un m\u00e9decin pour\neffectuer le contr\u00f4le m\u00e9dical de l'aptitude \u00e0 la conduite DR CACHAU\n(2 pages) Page 53\n21-2026-03-03-00012 - AP portant agr\u00e9ment d'un m\u00e9decin pour\neffectuer le contr\u00f4le m\u00e9dical de l'aptitude \u00e0 la conduite DR FESQUET\nG (2 pages) Page 56\n21-2026-03-03-00011 - AP portant agr\u00e9ment d'un m\u00e9decin pour\neffectuer le contr\u00f4le m\u00e9dical de l'aptitude \u00e0 la conduite DR HUMBLOT\nJM (2 pages) Page 59\n21-2026-03-03-00009 - AP portant agr\u00e9ment d'un m\u00e9decin pour\neffectuer le contr\u00f4le m\u00e9dical de l'aptitude \u00e0 la conduite DR RAT (2\npages) Page 62\n21-2026-03-06-00003 - Arr\u00eat\u00e9 pr\u00e9fectoral N\u00b0   489\nportant\ninterdiction de rassemblements festifs \u00e0 caract\u00e8re musical et\ninterdiction de circulation\nde tout v\u00e9hicule transportant du mat\u00e9riel\nde son \u00e0 destination d'un rassemblement festif\n\u00e0 caract\u00e8re\nmusical non autoris\u00e9 (2 pages) Page 65\n21-2026-03-03-00003 - ARR\u00caT\u00c9 PR\u00c9FECTORAL N\u00b0 470\nportant\nautorisation de surveillance exceptionnelle sur la voie publique - SIG (2\npages) Page 68\n21-2026-03-06-00004 - Arr\u00eat\u00e9 pr\u00e9fectoral n\u00b0 488   \nportant\ninterdiction de rassemblements automobiles sur la voie publique dans\nle\nd\u00e9partement de la C\u00f4te-d'Or (4 pages) Page 71\n3\nDirection d\u00e9partementale des territoires de la\nC\u00f4te-d'Or\nCellule \u00c9ducation routi\u00e8re\n21-2026-03-03-00001\nArr\u00eat\u00e9 n\u00b0 457 portant cr\u00e9ation d'un\n\u00e9tablissement charg\u00e9 d'animer les stages de\nsensibilisation \u00e0 la s\u00e9curit\u00e9 routi\u00e8re \nsous le n\u00b0 R 26 021 0001 0\nd\u00e9nomm\u00e9 \u00abACTION SENSI PERMIS\u00bb \nsitu\u00e9  950, route des Colles\n06410 BIOT\nDirection d\u00e9partementale des territoires de la C\u00f4te-d'Or - 21-2026-03-03-00001 - Arr\u00eat\u00e9 n\u00b0 457 portant cr\u00e9ation d'un \u00e9tablissement\ncharg\u00e9 d'animer les stages de sensibilisation \u00e0 la s\u00e9curit\u00e9 routi\u00e8re \nsous le n\u00b0 R 26 021 0001 0\nd\u00e9nomm\u00e9 \u00abACTION SENSI PERMIS\u00bb \nsitu\u00e9  950, route des Colles\n06410 BIOT\n4\n=xPREFETDELACOTE-D'ORLibert\u00e9Egalit\u00e9Fraternit\u00e9\nDirection d\u00e9partementale des territoires\nde la C\u00f4te-d'Or\nService de la S\u00e9curit\u00e9 et de l'\u00c9ducation \nRouti\u00e8re  Bureau de l'\u00c9ducation Routi\u00e8re\nT\u00e9l. : 03 80 29 42 84\nM\u00e9l : ddt-ber@cote-dor.gouv.fr  \nDijon, le 03 mars 2026\nArr\u00eat\u00e9 N\u00b0 457\nPortant cr\u00e9ation d'un \u00e9tablissement charg\u00e9 d'animer les stages de \nSensibilisation \u00e0 la s\u00e9curit\u00e9 routi\u00e8re \nsous le n\u00b0 R 26 021 0001 0\nd\u00e9nomm\u00e9 \u00abACTION SENSI PERMIS\u00bb \nsitu\u00e9  950, route des Colles\n06410 BIOT\nLe pr\u00e9fet de la C\u00f4te-d'Or\nVU le code de la route, notamment ses articles L.212-1 \u00e0 L.212-5  ; L.213-1 \u00e0 L.213-7  ; L.223-\n6 ;   R. 212-1 \u00e0 R.213-6 ; R.223-5 \u00e0 R.223-9 ;\nVU l'ordonnance n\u00b0 2014-1090 du 26 septembre 2014 relative \u00e0 la mise en accessibilit\u00e9 des\n\u00e9tablissements recevant du public, des transports publics, des b\u00e2timents d'habitation et\nde la voirie pour des personnes handicap\u00e9es ;\nVU la loi n\u00b0 2015-990 du 06 ao\u00fbt 2015 pour la croissance, l'activit\u00e9 et l'\u00e9galit\u00e9 des chances\n\u00e9conomiques, et notamment son article 23 modifiant l'article L.213-1 du code de la route ;\nVU l'arr\u00eat\u00e9 du 26 juin 2012 fixant les conditions d'exploitation des \u00e9tablissements charg\u00e9s\nd'animer les stages de sensibilisation \u00e0 la s\u00e9curit\u00e9 routi\u00e8re ;\nVU l'arr\u00eat\u00e9 pr\u00e9fectoral n\u00b0 507/SG  du 28 mars 2025 donnant d\u00e9l\u00e9gation de signature \u00e0\nMadame Manuelle DUPUY, Directrice D\u00e9partementale des Territoires ;\nDirection d\u00e9partementale des territoires de la C\u00f4te-d'Or\n57 rue de Mulhouse- BP 53317 - 21033 DIJON cedex\nt\u00e9l : 03 80 29 44 44 \u2013 Courriel : ddt@cote-dor.gouv.fr\nDirection d\u00e9partementale des territoires de la C\u00f4te-d'Or - 21-2026-03-03-00001 - Arr\u00eat\u00e9 n\u00b0 457 portant cr\u00e9ation d'un \u00e9tablissement\ncharg\u00e9 d'animer les stages de sensibilisation \u00e0 la s\u00e9curit\u00e9 routi\u00e8re \nsous le n\u00b0 R 26 021 0001 0\nd\u00e9nomm\u00e9 \u00abACTION SENSI PERMIS\u00bb \nsitu\u00e9  950, route des Colles\n06410 BIOT\n5\n2\nCONSID\u00c9RANT  la demande pr\u00e9sent\u00e9e par  Madame Farida MAZA  en date du 19 f\u00e9vrier\n2026 en vue d'\u00eatre autoris\u00e9e \u00e0 exploiter un \u00e9tablissement charg\u00e9 d'animer les stages de\nsensibilisation \u00e0 la s\u00e9curit\u00e9 routi\u00e8re ;\nCONSID\u00c9RANT que la demande remplit les conditions r\u00e9glementaires ;\nSUR proposition de la Directrice D\u00e9partementale des Territoires de la C\u00f4te-d'Or ;\nARR\u00caTE\nArticle 1er : Madame Farida MAZA  est autoris\u00e9e \u00e0 exploiter, sous le num\u00e9ro R 26 021 000 0\nun  \u00e9tablissement  charg\u00e9  d'animer  les  stages  de  sensibilisation  \u00e0  la  s\u00e9curit\u00e9  routi\u00e8re,\nd\u00e9nomm\u00e9 \u00ab ACTION SENSI PERMIS \u00bb situ\u00e9 950, route des Colles \u2013 06410 BIOT.\nArticle 2  : Cet agr\u00e9ment est d\u00e9livr\u00e9 pour une dur\u00e9e de cinq ans \u00e0 compter de la date du\npr\u00e9sent  arr\u00eat\u00e9.  Sur  demande  de  l'exploitant  pr\u00e9sent\u00e9e  deux  mois  avant  la  date\nd'expiration  de  la  validit\u00e9  de  son  agr\u00e9ment,  celui-ci  sera  renouvel\u00e9  si  les  conditions\nrequises sont remplies.\nArticle 3 : L'\u00e9tablissement est habilit\u00e9 \u00e0 dispenser les stages de sensibilisation \u00e0 la s\u00e9curit\u00e9\nrouti\u00e8re dans les salles de formation suivantes : \n\u27a2 Maison Dioc\u00e9saine,  9 bis boulevard Voltaire \u2013 DIJON\nArticle 4 : Le pr\u00e9sent agr\u00e9ment n'est valable que pour l'exploitation d'un \u00e9tablissement, \u00e0\ntitre personnel par son titulaire, sous r\u00e9serve de l'application des prescriptions de l'arr\u00eat\u00e9\nsusvis\u00e9. \nArticle 5 : Pour tout changement d'adresse du local de formation ou toute reprise de ce\nlocal par un autre exploitant, une nouvelle demande d'agr\u00e9ment d'exploiter devra \u00eatre\npr\u00e9sent\u00e9e deux mois avant la date du changement ou de la reprise.\nArticle 6  : Pour toute transformation ou changement du local de formation, l'exploitant\nest tenu d'adresser une demande de modification du pr\u00e9sent arr\u00eat\u00e9. \nArticle 7  :  L'agr\u00e9ment peut \u00eatre \u00e0 tout moment suspendu ou retir\u00e9 selon les conditions\nfix\u00e9es par l'arr\u00eat\u00e9 du 26 juin 2012 susvis\u00e9 ; \nDirection d\u00e9partementale des territoires de la C\u00f4te-d'Or\n57 rue de Mulhouse- BP 53317 - 21033 DIJON cedex\nt\u00e9l : 03 80 29 44 44 \u2013 Courriel : ddt@cote-dor.gouv.fr\nDirection d\u00e9partementale des territoires de la C\u00f4te-d'Or - 21-2026-03-03-00001 - Arr\u00eat\u00e9 n\u00b0 457 portant cr\u00e9ation d'un \u00e9tablissement\ncharg\u00e9 d'animer les stages de sensibilisation \u00e0 la s\u00e9curit\u00e9 routi\u00e8re \nsous le n\u00b0 R 26 021 0001 0\nd\u00e9nomm\u00e9 \u00abACTION SENSI PERMIS\u00bb \nsitu\u00e9  950, route des Colles\n06410 BIOT\n6\n3\nArticle 8  :  Le pr\u00e9sent agr\u00e9ment et toute d\u00e9cision affectant sa validit\u00e9 seront enregistr\u00e9s\ndans le registre national de l'enseignement de la conduite des v\u00e9hicules \u00e0 moteur et de la\ns\u00e9curit\u00e9 routi\u00e8re cr\u00e9e par l'arr\u00eat\u00e9 du 8 janvier 2001 pr\u00e9cit\u00e9. Conform\u00e9ment \u00e0 la loi n\u00b0 78-17\ndu 6 janvier 1978 relative \u00e0 l'informatique, aux fichiers et aux libert\u00e9s, toute personne peut\nobtenir communication et, le cas \u00e9ch\u00e9ant, rectification ou suppression des informations\nla concernant, en s'adressant au service s\u00e9curit\u00e9 et \u00e9ducation routi\u00e8re du d\u00e9partement de\nla C\u00f4te-d'Or.\nArticle 9 : Si vous estimez devoir contester la pr\u00e9sente d\u00e9cision, vous pouvez former :\n\u2022 un recours gracieux aupr\u00e8s de mes services\n\u2022 un recours hi\u00e9rarchique aupr\u00e8s du ministre charg\u00e9 de la s\u00e9curit\u00e9 routi\u00e8re\n\u2022 un recours contentieux devant le tribunal administratif du lieu de votre r\u00e9sidence,\nque  vous  pouvez  saisir  au  moyen  de  l'application  informatique  t\u00e9l\u00e9recours  citoyen\naccessible par le biais du site www.telerecours.fr dans un d\u00e9lai de deux mois \u00e0 compter de\nsa notification ou de sa publication.\nLes recours administratifs doivent \u00eatre pr\u00e9sent\u00e9s dans ce m\u00eame d\u00e9lai de deux mois si vous\nsouhaitez conserver la possibilit\u00e9 de saisir ult\u00e9rieurement le juge administratif. Ces voies\nde recours n'ont pas d'effet suspensif.\nArticle 10  :  Le secr\u00e9taire g\u00e9n\u00e9ral de la pr\u00e9fecture de la C\u00f4te-d'Or et la directrice des\nterritoires sont charg\u00e9s, chacun en ce qui les concerne, de l'ex\u00e9cution du pr\u00e9sent arr\u00eat\u00e9,\nqui sera publi\u00e9 au recueil des actes administratifs de la pr\u00e9fecture de C\u00f4te-d'Or, et dont\ncopie sera adress\u00e9e \u00e0 Madame Farida MAZA .\nFait \u00e0 Dijon, le 3 mars 2026\n      \nLa directrice d\u00e9partementale des territoires,\nORIGINAL SIGN\u00c9                             \nManuelle DUPUY                           \nDirection d\u00e9partementale des territoires de la C\u00f4te-d'Or\n57 rue de Mulhouse- BP 53317 - 21033 DIJON cedex\nt\u00e9l : 03 80 29 44 44 \u2013 Courriel : ddt@cote-dor.gouv.fr\nDirection d\u00e9partementale des territoires de la C\u00f4te-d'Or - 21-2026-03-03-00001 - Arr\u00eat\u00e9 n\u00b0 457 portant cr\u00e9ation d'un \u00e9tablissement\ncharg\u00e9 d'animer les stages de sensibilisation \u00e0 la s\u00e9curit\u00e9 routi\u00e8re \nsous le n\u00b0 R 26 021 0001 0\nd\u00e9nomm\u00e9 \u00abACTION SENSI PERMIS\u00bb \nsitu\u00e9  950, route des Colles\n06410 BIOT\n7\nDirection d\u00e9partementale des territoires de la\nC\u00f4te-d'Or\nService de l'eau et des risques\n21-2026-03-06-00002\nArr\u00eat\u00e9 pr\u00e9fectoral n\u00b0 482 du 06 mars 2026\nportant d\u00e9claration d'int\u00e9r\u00eat g\u00e9n\u00e9ral et\nr\u00e9c\u00e9piss\u00e9 de d\u00e9claration des travaux de remise\nen eau d'un ancien m\u00e9andre de la Dheune \u00e0\nEBATY.\nDirection d\u00e9partementale des territoires de la C\u00f4te-d'Or - 21-2026-03-06-00002 - Arr\u00eat\u00e9 pr\u00e9fectoral n\u00b0 482 du 06 mars 2026 portant\nd\u00e9claration d'int\u00e9r\u00eat g\u00e9n\u00e9ral et r\u00e9c\u00e9piss\u00e9 de d\u00e9claration des travaux de remise en eau d'un ancien m\u00e9andre de la Dheune \u00e0 EBATY. 8\nzsPREFETDELACOTE-D'ORLibert\u00e9Egalit\u00e9Fraternit\u00e9\nDirection d\u00e9partementale des territoires\nde la C\u00f4te-d'Or\nAffaire suivie par : Christophe CHARTON\nService de l'eau et des risques\nBureau police de l'eau\nArr\u00eat\u00e9  pr\u00e9fectoral  n\u00b0  482  du  06  mars  2026  .portant  d\u00e9claration  d'int\u00e9r\u00eat  g\u00e9n\u00e9ral  et  \nr\u00e9c\u00e9piss\u00e9 de d\u00e9claration des travaux de remise en eau d'un ancien m\u00e9andre de la Dheune  \n\u00e0 EBATY.\nLe pr\u00e9fet de la C\u00f4te-d'Or\nVU la Directive Cadre Europ\u00e9enne sur l'Eau n\u00b0 2000/60/CE du 23 octobre 2000 \u00e9tablissant  \nun cadre pour une politique communautaire dans le domaine de l'eau ;\nVU le code de l'environnement ;\nVU  la loi du 29 d\u00e9cembre 1892 relative aux dommages caus\u00e9s \u00e0 la propri\u00e9t\u00e9 priv\u00e9e par  \nl'ex\u00e9cution des travaux publics ;\nVU le d\u00e9cret n\u00b02005-115 du 7 f\u00e9vrier 2005 portant application des articles L.211-7 et L.213-\n10 du code de l'environnement et de l'article L.151-37-1 du code rural, relatif aux servitudes \nde libre passage ;\nVU  le  sch\u00e9ma  directeur  d'am\u00e9nagement  et  de  gestion  des  eaux  (SDAGE)  Rh\u00f4ne-\nM\u00e9diterran\u00e9e en vigueur ;\nVU  les arr\u00eat\u00e9s pr\u00e9fectoraux du 10 octobre 1962 et du 25 septembre 1963 approuvant la  \nliste des cours d'eau soumis \u00e0 la servitude de libre passage, pris en application du d\u00e9cret  \nn\u00b059-96 du 7 janvier 1959 (bassin \u00ab Sa\u00f4ne \u00bb en C\u00f4te-d'Or) ;\nVU  le  d\u00e9cret  n\u00b0  2023-907  du  29  septembre  2023  modifiant  la  nomenclature  des  \ninstallations, ouvrages, travaux et activit\u00e9s relevant de la police de l'eau annex\u00e9e \u00e0 l'article  \nR.214-1  du code de l'environnement ;\nVU l'arr\u00eat\u00e9 pr\u00e9fectoral n\u00b0 507/SG du 28 mars 2025 portant d\u00e9l\u00e9gation de signature \u00e0 Mme  \nManuelle DUPUY, directrice d\u00e9partementale des territoires de la C\u00f4te-d'Or ;\nVU l'arr\u00eat\u00e9 pr\u00e9fectoral n\u00b0 1333 du 28 ao\u00fbt 2025 portant d\u00e9l\u00e9gation de signature aux agents \nde la direction d\u00e9partementale des territoires de la C\u00f4te-d'Or ;\n1\nDirection d\u00e9partementale des territoires de la C\u00f4te-d'Or\n57 , rue de Mulhouse - BP 53317 - 21033 Dijon CEDEX\nT\u00e9l. : 03 80 29 44 44\nCourriel : ddt@cote-dor.gouv.fr - Site internet : \nhttp://www.cote-dor.gouv.fr\nDirection d\u00e9partementale des territoires de la C\u00f4te-d'Or - 21-2026-03-06-00002 - Arr\u00eat\u00e9 pr\u00e9fectoral n\u00b0 482 du 06 mars 2026 portant\nd\u00e9claration d'int\u00e9r\u00eat g\u00e9n\u00e9ral et r\u00e9c\u00e9piss\u00e9 de d\u00e9claration des travaux de remise en eau d'un ancien m\u00e9andre de la Dheune \u00e0 EBATY. 9\nVU le dossier de d\u00e9claration n\u00e9cessitant une d\u00e9claration d'int\u00e9r\u00eat g\u00e9n\u00e9ral pr\u00e9sent\u00e9 par le  \nSyndicat mixte d'Am\u00e9nagement du Bassin Versant de la Dheune, re\u00e7u au guichet unique  \nde l'eau le 22 janvier 2026 et enregistr\u00e9 sous le n\u00b0 21-2026-00012 et relatif aux travaux de  \nremise en eau d'un ancien m\u00e9andre de la Dheune \u00e0 EBATY ;\nVU l'avis de l'office fran\u00e7ais de la biodiversit\u00e9 en date du 5 f\u00e9vrier 2026 ;\nVU le courrier en date du 16 f\u00e9vrier 2026 adress\u00e9 au p\u00e9titionnaire pour observations  \n\u00e9ventuelles sur les prescriptions ;\nVU les observations du p\u00e9titionnaire dans sa r\u00e9ponse en date du 6 mars 2026 ;\nCONSID\u00c9RANT que les installations, ouvrages, travaux et activit\u00e9s vis\u00e9s \u00e0 l'article L.214-1  \ndu  code  de  l'environnement  sont  soumis  \u00e0  autorisation  ou  \u00e0  d\u00e9claration  suivant  les  \ndangers  qu'ils  pr\u00e9sentent  et  la  gravit\u00e9  de  leurs  effets  sur  la  ressource  en  eau  et  les  \n\u00e9cosyst\u00e8mes aquatiques ;\nCONSID\u00c9RANT que les travaux de remise en eau d'un m\u00e9andre de la Dheune \u00e0 Ebaty sont \nsoumis \u00e0 d\u00e9claration loi sur l'eau ;\nCONSID\u00c9RANT  la  possibilit\u00e9,  en  application  de  l'article  L.211-7  du  code  de  \nl'environnement, pour les collectivit\u00e9s territoriales et leurs groupements de mettre en  \n\u0153uvre l'ex\u00e9cution de tous travaux pr\u00e9sentant un caract\u00e8re d'int\u00e9r\u00eat g\u00e9n\u00e9ral ou d'urgence  \net  visant  notamment  l'am\u00e9nagement  de  bassin  ou  d'une  fraction  de  bassin  \nhydrographique, l'entretien et l'am\u00e9nagement d'un cours d'eau y compris les acc\u00e8s \u00e0 ce  \ncours d'eau, la protection et la conservation des eaux superficielles et souterraines, la  \nprotection et la restauration des \u00e9cosyst\u00e8mes aquatiques ;\nCONSID\u00c9RANT la n\u00e9cessit\u00e9 de restaurer la qualit\u00e9 de la Dheune dans un objectif de  \nrestauration du bon fonctionnement hydromorphologique du cours d'eau, d'am\u00e9lioration  \nde ses capacit\u00e9s auto-\u00e9puratoires, de ralentissement des \u00e9coulements et de diversification \ndes habitats ;\nCONSID\u00c9RANT que  les  interven tions  ainsi  envisag\u00e9es  pr\u00e9sentent  bien  un  caract\u00e8re  \nd'int\u00e9r\u00eat g\u00e9n\u00e9ral tant du point de vue de l'environnement que du point de vue de la  \nprotection des biens et des personnes, visant \u00e0 contribuer au libre \u00e9coulement des eaux  \ndes cours d'eau ;\nCONSID\u00c9RANT conform\u00e9ment aux dispositions de l'article L.151-37 du code rural et de la  \np\u00eache maritime que les travaux d'entretien et de restauration des milieux aquatiques sont  \ndispens\u00e9s d'enqu\u00eate publique sous r\u00e9serve qu'ils n'entra\u00eenent aucune expropriation et que \nle  ma\u00eetre  d'ouvrage  ne  pr\u00e9voie  pas  de  demander  une  participation  financi\u00e8re  aux  \npersonnes int\u00e9ress\u00e9es ;\nCONSID\u00c9RANT  que les travaux de remise en eau d'un m\u00e9andre  projet\u00e9s par le S yndicat \nremplissent ces conditions et peuvent \u00eatre dispens\u00e9s d'enqu\u00eate publique ;\nCONSID\u00c9RANT que  les  travaux  envisag\u00e9s  n'engendreront  pas  de  risque  d'inondation  \nsuppl\u00e9mentaire ;\nCONSID\u00c9RANT  que le projet est compatible avec les dispositions du sch\u00e9ma directeur  \nd'am\u00e9nagement et de gestion des eaux (SDAGE) du bassin Rh\u00f4ne-M\u00e9diterran\u00e9e ;\n2\nDirection d\u00e9partementale des territoires de la C\u00f4te-d'Or - 21-2026-03-06-00002 - Arr\u00eat\u00e9 pr\u00e9fectoral n\u00b0 482 du 06 mars 2026 portant\nd\u00e9claration d'int\u00e9r\u00eat g\u00e9n\u00e9ral et r\u00e9c\u00e9piss\u00e9 de d\u00e9claration des travaux de remise en eau d'un ancien m\u00e9andre de la Dheune \u00e0 EBATY. 10\nCONSID\u00c9RANT que le pr\u00e9fet peut imposer par arr\u00eat\u00e9 toutes prescriptions particuli\u00e8res  \nn\u00e9cessaires ; \nCONSID\u00c9RANT que les prescriptions du pr\u00e9sent arr\u00eat\u00e9 permettent de garantir une gestion \nglobale  et  \u00e9quilibr\u00e9e  de  la  ressource  en  eau  et  de  pr\u00e9server  les  int\u00e9r\u00eats  des  milieux  \naquatiques ;\nSUR proposition de la directrice d\u00e9partementale des territoires de la C\u00f4te-d'Or ; \nARR\u00caTE\nCHAPITRE I     : OBJET DE LA   D\u00c9CLARATION  \nARTICLE 1 : objet de la d\u00e9claration - b\u00e9n\u00e9ficiaire\nLe Syndicat Mixte d'Am\u00e9nagement du Bassin Versant de la Dheune, sis 23 avenue Georges  \nPompidou \u2013 71 100 CH\u00c2LON-SUR-SA\u00d4NE, est ma\u00eetre d'ouvrage des travaux de remise en  \neau d'un m\u00e9andre de la Dheune \u00e0 EBATY.\nLes travaux seront ex\u00e9cut\u00e9s conform\u00e9ment au dossier de d\u00e9claration dont il est pris acte  \net  sont  d\u00e9clar\u00e9s  d'int\u00e9r\u00eat  g\u00e9n\u00e9ral  en  application  de  l'article  L.211-7  du  code  de  \nl'environnement.\nLe pr\u00e9sent arr\u00eat\u00e9 vaut \u00e9galement r\u00e9c\u00e9piss\u00e9 de d\u00e9claration sous la rubrique 3.3.5.0 de la  \nnomenclature annex\u00e9e \u00e0 l'article R.214-1 du code de l'environnement.\nARTICLE 2 : caract\u00e9ristiques des travaux et rubriques de la nomenclature\nL'objectif des travaux est de remettre en eau un ancien m\u00e9andre de la Dheune sur le  \nterritoire de la commune d'Ebaty.\n \nLes travaux consistent \u00e0 : \n\u2022 travaux de terrassement \u00e0 l'int\u00e9rieur du m\u00e9andre\n\u2022 comblement du m\u00e9andre actuel\n\u2022 cr\u00e9ation d'une descente am\u00e9nag\u00e9e (abreuvoir)\n\u2022 cr\u00e9ation d'un passage \u00e0 gu\u00e9 \n\u2022 v\u00e9g\u00e9tation\nLes  installations,  ouvrages,  travaux  et  am\u00e9nagements  constitutifs  de  cette  op\u00e9ration  \nrentrent dans la nomenclature des op\u00e9rations soumises \u00e0 d\u00e9claration au titre de l'article  \nL.214-3 du code de l'environnement.\nLa rubrique concern\u00e9e de l'article R.214-1 du code de l'environnement est la suivante :\nrubrique intitul\u00e9 r\u00e9gime\nArr\u00eat\u00e9 \nde  prescriptions  \ng\u00e9n\u00e9rales \ncorrespondant\n3.3.5.0\nTravaux  ayant  uniquement  pour  objet  la  \nrestauration des fonctionnalit\u00e9s naturelles des  \nmilieux  aquatiques,  y  compris  les  ouvrages  \nn\u00e9cessaires \u00e0 cet objectif \nd\u00e9claration\n3\nDirection d\u00e9partementale des territoires de la C\u00f4te-d'Or - 21-2026-03-06-00002 - Arr\u00eat\u00e9 pr\u00e9fectoral n\u00b0 482 du 06 mars 2026 portant\nd\u00e9claration d'int\u00e9r\u00eat g\u00e9n\u00e9ral et r\u00e9c\u00e9piss\u00e9 de d\u00e9claration des travaux de remise en eau d'un ancien m\u00e9andre de la Dheune \u00e0 EBATY. 11\nCHAPITRE II : PRESCRIPTIONS GENERALES\nARTICLE 3 : dur\u00e9e de validit\u00e9 de l'op\u00e9ration\nCette op\u00e9ration devra \u00eatre achev\u00e9e conform\u00e9ment au planning envisag\u00e9 dans un d\u00e9lai  \nmaximum de 3 ans \u00e0 compter de la notification du pr\u00e9sent arr\u00eat\u00e9. Pass\u00e9 ce d\u00e9lai, la  \npr\u00e9sente d\u00e9claration d'int\u00e9r\u00eat g\u00e9n\u00e9ral deviendra caduque.\nARTICLE 4 : prescriptions g\u00e9n\u00e9rales \nEn  application  de  l'article  R.214-40  du  code  de  l'environnement,  toute  modification  \napport\u00e9e aux ouvrages, installations, \u00e0 leur mode d'utilisation, \u00e0 la r\u00e9alisation des travaux  \nou \u00e0 l'am\u00e9nagement en r\u00e9sultant, \u00e0 l'exercice des activit\u00e9s ou \u00e0 leur voisinage et entra\u00eenant \nun changement notable des \u00e9l\u00e9ments du dossier doit \u00eatre port\u00e9e, avant r\u00e9alisation, \u00e0 la  \nconnaissance du pr\u00e9fet qui peut exiger une nouvelle proc\u00e9dure.\nEn  application  de  l'article  R.214-45  du  code  de  l'environnement,  le  changement  de  \nb\u00e9n\u00e9ficiaire doit \u00eatre d\u00e9clar\u00e9 au pr\u00e9fet par le nouveau b\u00e9n\u00e9ficiaire dans un d\u00e9lai de trois  \nmois, de m\u00eame, en cas de cessation d'activit\u00e9 d\u00e9finitive ou pour une p\u00e9riode sup\u00e9rieure \u00e0  \ndeux ans, l'exploitant est tenu d'en faire la d\u00e9claration au pr\u00e9fet dans un d\u00e9lai de trente  \njours.\nLe service de police de l'eau devra \u00eatre averti de la date de d\u00e9but des travaux ainsi que de  \nla date d'ach\u00e8vement des travaux. Les ouvrages, les travaux et les conditions de r\u00e9alisation \net d'exploitation doivent \u00eatre conformes au dossier d\u00e9pos\u00e9.\nL'inobservation des dispositions figurant dans le dossier d\u00e9pos\u00e9 ainsi que celles contenues  \ndans les prescriptions g\u00e9n\u00e9rales annex\u00e9es au pr\u00e9sent arr\u00eat\u00e9 pourra entra\u00eener l'application  \ndes sanctions pr\u00e9vues \u00e0 l'article R.216-12 du code de l'environnement.\nLes agents mentionn\u00e9s \u00e0 l'article L.216-3 du code de l'environnement et notamment ceux  \ncharg\u00e9s de la police de l'eau et des milieux aquatiques auront libre acc\u00e8s aux installations \u00e0 \ntout moment, dans le cadre d'une recherche d'infraction.\nLe pr\u00e9sent arr\u00eat\u00e9 ne dispense en aucun cas le p\u00e9titionnaire de faire les d\u00e9clarations ou  \nd'obtenir les autorisations requises par d'autres r\u00e9glementations.\nLe b\u00e9n\u00e9ficiaire est tenu de contacter les propri\u00e9taires concern\u00e9s avant toute intervention  \nsur leur terrain.\nARTICLE 5     :   financement des travaux\nLe co\u00fbt total des travaux est estim\u00e9 \u00e0 69 120 \u20ac TTC.\nLe montant des aides apport\u00e9es par les diff\u00e9rents partenaires financiers du syndicat ne  \nd\u00e9passera pas 80 % du montant TTC.\nLes charges financi\u00e8res, hors subvention, seront support\u00e9es directement par le syndicat  \nsans contribution directe des propri\u00e9taires riverains.\n4\nDirection d\u00e9partementale des territoires de la C\u00f4te-d'Or - 21-2026-03-06-00002 - Arr\u00eat\u00e9 pr\u00e9fectoral n\u00b0 482 du 06 mars 2026 portant\nd\u00e9claration d'int\u00e9r\u00eat g\u00e9n\u00e9ral et r\u00e9c\u00e9piss\u00e9 de d\u00e9claration des travaux de remise en eau d'un ancien m\u00e9andre de la Dheune \u00e0 EBATY. 12\nCHAPITRE III : PRESCRIPTIONS RELATIVES AUX TRAVAUX\nARTICLE 6 : emplacement des travaux\nLes travaux se situent sur la commune d'EBATY et int\u00e9ressent les parcelles appartenant \u00e0 :\nN\u00b0 parcelle propri\u00e9taire\nZC 79 Didier LEBLANC\nZC 55 Didier LEBLANC\nZC 56 Walter Constant VERBRAEKEN\nLes travaux pr\u00e9vus dans le lit mineur de la Dheune seront r\u00e9alis\u00e9s en priorit\u00e9 en p\u00e9riode  \nd'\u00e9tiage et en dehors des p\u00e9riodes de reproduction des esp\u00e8ces piscicoles. \nARTICLE 7 : acc\u00e8s aux parcelles \u2013 servitude de libre passage \u2013 occupation temporaire de  \nterrain\nConform\u00e9ment \u00e0 la loi du 29 d\u00e9cembre 1892 relative aux dommages caus\u00e9s \u00e0 la propri\u00e9t\u00e9  \npriv\u00e9e par l'ex\u00e9cution des travaux publics, l'occupation temporaire des terrains concern\u00e9s  \npar le pr\u00e9sent projet est autoris\u00e9e.\nLes  parcelles  et  les  propri\u00e9taires  riverains  concern\u00e9s  par  ces  travaux  sont  rappel\u00e9s  \u00e0  \nl'article 6 du pr\u00e9sent arr\u00eat\u00e9.\nL'emprise n\u00e9cessaire \u00e0 la r\u00e9alisation des travaux ne peut exc\u00e9der une largeur de 6 m\u00e8tres  \nd\u00e9termin\u00e9e en suivant autant que possible la rive du cours d'eau.\nSeuls les agents en charge de la r\u00e9alisation et de la surveillance des travaux, ainsi que, le  \ncas  \u00e9ch\u00e9ant,  les  engins  m\u00e9caniques  n\u00e9cessaires  \u00e0  leur  r\u00e9alisation  seront  autoris\u00e9s  \u00e0  \np\u00e9n\u00e9trer les parcelles priv\u00e9es, closes ou non closes \u00e0 l'exception des locaux d'habitation et \ndes propri\u00e9t\u00e9s attenantes aux habitations et closes par des murs ou par des cl\u00f4tures  \n\u00e9quivalentes, suivant les usages du pays.\nChacun des agents concern\u00e9s sera en possession d'une copie certifi\u00e9e conforme du dit  \narr\u00eat\u00e9 qu'il devra pr\u00e9senter \u00e0 toute r\u00e9quisition.\nLes  interventions  pr\u00e9vues  ne  pourront  avoir  lieu  que  cinq  jours  apr\u00e8s  notification  au \npropri\u00e9taire de la parcelle concern\u00e9e par les travaux.\nARTICLE   8   : reconnaissance des lieux avant travaux \u2013 d\u00e9roulement des chantiers\nUne reconnaissance des sites pourra avoir lieu en pr\u00e9sence des propri\u00e9taires. \nUn registre ad hoc sera ouvert par le syndicat pour consigner toutes les op\u00e9rations de  \nsuivi.\n5\nDirection d\u00e9partementale des territoires de la C\u00f4te-d'Or - 21-2026-03-06-00002 - Arr\u00eat\u00e9 pr\u00e9fectoral n\u00b0 482 du 06 mars 2026 portant\nd\u00e9claration d'int\u00e9r\u00eat g\u00e9n\u00e9ral et r\u00e9c\u00e9piss\u00e9 de d\u00e9claration des travaux de remise en eau d'un ancien m\u00e9andre de la Dheune \u00e0 EBATY. 13\nARTICLE 9 : prescriptions sp\u00e9cifiques\nI - Avant le d\u00e9marrage du chantier\nToutes dispositions devront \u00eatre prises par le b\u00e9n\u00e9ficiaire pour minimiser les incidences de\nl'op\u00e9ration sur l'eau et les milieux aquatiques.\nII - En phase chantier\nLe b\u00e9n\u00e9ficiaire informera le service police de l'eau de la DDT de la C\u00f4te-d'Or et le service\nd\u00e9partemental de l'office fran\u00e7ais de la biodiversit\u00e9 (OFB) de l'avancement des travaux et  \ndes difficult\u00e9s rencontr\u00e9es lors des r\u00e9unions de chantier et leur transmettra les comptes-\nrendus.\nLes travaux devront \u00eatre r\u00e9alis\u00e9s dans un ordre chronologique qui permettra de limiter au  \nmaximum le d\u00e9part des s\u00e9diments fins dans le cours d'eau  ; Un syst\u00e8me de filtration  \npourra \u00eatre mis en place pour pi\u00e9ger ces s\u00e9diments lors des p\u00e9riodes les plus critiques.\nUn cahier de suivi de chantier, permettant de retracer le d\u00e9roulement des travaux, sera  \n\u00e9tabli par le chef de chantier de l'entreprise adjudicataire et laiss\u00e9 \u00e0 la disposition du  \nservice police de l'eau de la DDT de la C\u00f4te-d'Or.\nIII \u2013 Apr\u00e8s travaux\nLa mise en d\u00e9fens du m\u00e9andre reconnect\u00e9, la r\u00e9alisation d'un abreuvoir et d'un passage \u00e0 \ngu\u00e9 permettront d'\u00e9viter une \u00e9rosion des berges qui seraient provoqu\u00e9es par les bovins \npr\u00e9sents dans les p\u00e2turages.\nLa plantation de saules, d'arbustes et d'arbres de hauts rejets vont permettre de retrouver \nune ripisylve apr\u00e8s le traitement de la v\u00e9g\u00e9tation et de l'ombrage.\nUn bouchon hydraulique en technique mixte sera mis en place pour garantir la p\u00e9rennit\u00e9 \ndu comblement une fois celui-ci r\u00e9alis\u00e9.\nARTICLE 10 : moyens d'analyses, de surveillance et de contr\u00f4le \u2013 conduite des travaux\nPendant les travaux, un suivi des niveaux d'eau sera mis en place.\nARTICLE 11 : moyens d'intervention en cas d'incident ou d'accident\nI - En cas de pollution accidentelle\nEn cas de pollution accidentelle, des op\u00e9rations de pompage et de curage seront mises en  \n\u0153uvre. Des barrages flottants et des mat\u00e9riaux absorbants seront stock\u00e9s sur le chantier  \nafin  de  permettre  au  personnel  comp\u00e9tent  d'intervenir  rapidement,  selon  le  type  de \nmilieu pollu\u00e9 (sol et eau). Les terres souill\u00e9es devront \u00eatre enlev\u00e9es imm\u00e9diatement et  \n\u00e9vacu\u00e9es vers une fili\u00e8re d'\u00e9limination appropri\u00e9e.\nLe personnel sera form\u00e9 aux mesures d'intervention.\nLe bureau police de l'eau de la DDT devra \u00eatre averti dans les meilleurs d\u00e9lais.\nII - En cas de risque de crue\nLe b\u00e9n\u00e9ficiaire proc\u00e9dera \u00e0 la mise en s\u00e9curit\u00e9 du chantier en cas d'alerte m\u00e9t\u00e9orologique  \nquant a un risque de crue. Il assurera notamment l'\u00e9vacuation du personnel et la mise hors \nchamp d'inondation du mat\u00e9riel de chantier.\n6\nDirection d\u00e9partementale des territoires de la C\u00f4te-d'Or - 21-2026-03-06-00002 - Arr\u00eat\u00e9 pr\u00e9fectoral n\u00b0 482 du 06 mars 2026 portant\nd\u00e9claration d'int\u00e9r\u00eat g\u00e9n\u00e9ral et r\u00e9c\u00e9piss\u00e9 de d\u00e9claration des travaux de remise en eau d'un ancien m\u00e9andre de la Dheune \u00e0 EBATY. 14\nARTICLE  12 : m esures  d'\u00e9vitement,  de  r\u00e9duction  et  de  compensation  et  suivi  des  \nincidences\nMesures d'\u00e9vitement et de r\u00e9duction\nAucune substance polluante ne sera stock\u00e9e sur les aires de travaux. Des pr\u00e9cautions  \nseront prises lors de l'entretien des engins et la maintenance du mat\u00e9riel. Les op\u00e9rations  \nde remplissage des r\u00e9servoirs seront s\u00e9curis\u00e9es (pistolets \u00e0 arr\u00eat automatique, contr\u00f4le de  \nl'\u00e9tat des flexibles \u2026) et r\u00e9alis\u00e9es en dehors de la zone des travaux. Les engins fixes (tels  \nque groupes \u00e9lectrog\u00e8nes, compresseurs...) seront install\u00e9s sur cuvette de r\u00e9tention.\nLa collecte et l'\u00e9vacuation des d\u00e9chets de chantier (y compris \u00e9ventuellement les terres  \nsouill\u00e9es par les hydrocarbures) seront organis\u00e9es et conformes \u00e0 la r\u00e9glementation.\nAucune mesure compensatoire n'est prescrite.\nARTICLE 13 : p\u00eache \u00e9lectrique de sauvegarde \nUne p\u00eache de sauvegarde pourrait \u00eatre n\u00e9cessaire sur la partie \u00e0 remblayer, avant les  \ntravaux de remblaiement.\nSi cette p\u00eache de sauvegarde est r\u00e9alis\u00e9e, elle sera aux frais du ma\u00eetre d'ouvrage qui devra  \navertir l'office fran\u00e7ais de la biodiversit\u00e9 au moins quinze jours avant la date pr\u00e9sum\u00e9e de  \nl'op\u00e9ration.\nARTICLE 14 : remise en \u00e9tat des lieux apr\u00e8s travaux\nUne fois les travaux termin\u00e9s, les acc\u00e8s aux diff\u00e9rents points du chantier devront \u00eatre  \nneutralis\u00e9s et si possible les berges revitalis\u00e9es.\nLe site sera d\u00e9blay\u00e9 de tous mat\u00e9riels, mat\u00e9riaux et gravats.\nA la fin des travaux, une visite des lieux sera organis\u00e9e sur l'initiative du permissionnaire,  \npour v\u00e9rifier la conformit\u00e9 des travaux avec les pr\u00e9sentes prescriptions.\nCHAPITRE IV : D\u00c9LAIS DE RECOURS ET MESURES EX\u00c9CUTOIRES\nARTICLE 15 : droits des tiers\nLes droits des tiers sont et demeurent express\u00e9ment r\u00e9serv\u00e9s.\nARTICLE 16 : publication et information des tiers\nLe pr\u00e9sent arr\u00eat\u00e9 sera affich\u00e9 pendant une dur\u00e9e minimale d'un mois dans la mairie de la  \ncommune d'EBATY.\nLe pr\u00e9sent arr\u00eat\u00e9 sera mis \u00e0 disposition du public sur le site internet des services de l'\u00c9tat  \nen C\u00f4te-d'Or (http://www.cote-dor.gouv.fr) pendant une dur\u00e9e d'au moins 6 mois.\n7\nDirection d\u00e9partementale des territoires de la C\u00f4te-d'Or - 21-2026-03-06-00002 - Arr\u00eat\u00e9 pr\u00e9fectoral n\u00b0 482 du 06 mars 2026 portant\nd\u00e9claration d'int\u00e9r\u00eat g\u00e9n\u00e9ral et r\u00e9c\u00e9piss\u00e9 de d\u00e9claration des travaux de remise en eau d'un ancien m\u00e9andre de la Dheune \u00e0 EBATY. 15\nARTICLE 17 : ex\u00e9cution et publication\nLa  directrice  d\u00e9partementale  des  territoires  de  la  C\u00f4te-d'Or,  le  chef  du  service  \nd\u00e9partemental de l'office fran\u00e7ais de la biodiversit\u00e9 de C\u00f4te-d'Or, le maire de la commune \nd'EBATY sont charg\u00e9s, chacun en ce qui le concerne, de l'ex\u00e9cution du pr\u00e9sent arr\u00eat\u00e9 qui  \nsera notifi\u00e9 au p\u00e9titionnaire et publi\u00e9 au recueil des actes administratifs de la pr\u00e9fecture  \nde la C\u00f4te d'Or.\nUne copie du pr\u00e9sent arr\u00eat\u00e9 sera \u00e9galement adress\u00e9e \u00e0 :\n\u2022 la f\u00e9d\u00e9ration de C\u00f4te d'Or pour la p\u00eache et la protection du milieu aquatique \nFait \u00e0 Dijon, le  06 mars 2026\nLe pr\u00e9fet,\nPour le pr\u00e9fet et par d\u00e9l\u00e9gation,\nLa directrice d\u00e9partementale des territoires\nPour la directrice et par d\u00e9l\u00e9gation,\nLa Cheffe du Service de l'Eau et des Risques,\nsign\u00e9\nC\u00e9line GERMAIN\nVoies et d\u00e9lais de recours     :  \nDans  les  conditions  de  l'article  R514-3-1  du  code  de  l'environnement,  la  pr\u00e9sente  d\u00e9cision  est \nsusceptible de recours contentieux devant le tribunal administratif de Dijon \u2013 22, rue d'Assas -BP  \n61616 - 21016 DIJON Cedex, par le b\u00e9n\u00e9ficiaire dans un d\u00e9lai de deux mois \u00e0 compter du jour o\u00f9 la  \npr\u00e9sente d\u00e9cision lui a \u00e9t\u00e9 notifi\u00e9e et par les tiers dans un d\u00e9lai de deux mois \u00e0 compter de la  \npublication ou de l'affichage de cette d\u00e9cision.\nDans le m\u00eame d\u00e9lai de deux mois, le b\u00e9n\u00e9ficiaire peut pr\u00e9senter un recours gracieux. Le silence  \ngard\u00e9 par l'administration pendant plus de deux mois sur la demande de recours gracieux emporte  \nd\u00e9cision implicite de rejet de cette demande conform\u00e9ment \u00e0 l'article R421-2 du code de justice  \nadministrative. Celui-ci prolonge le d\u00e9lai de recours contentieux qui doit \u00eatre introduit dans les  \ndeux mois suivant la r\u00e9ponse.\nLe tribunal administratif peut \u00eatre saisi par un recours d\u00e9pos\u00e9 via l'application T\u00e9l\u00e9recours citoyens \naccessible sur le site internet www.t\u00e9l\u00e9recours.fr .\n8\nDirection d\u00e9partementale des territoires de la C\u00f4te-d'Or - 21-2026-03-06-00002 - Arr\u00eat\u00e9 pr\u00e9fectoral n\u00b0 482 du 06 mars 2026 portant\nd\u00e9claration d'int\u00e9r\u00eat g\u00e9n\u00e9ral et r\u00e9c\u00e9piss\u00e9 de d\u00e9claration des travaux de remise en eau d'un ancien m\u00e9andre de la Dheune \u00e0 EBATY. 16\nDirection d\u00e9partementale des territoires de la\nC\u00f4te-d'Or\nService Pr\u00e9servation et Am\u00e9nagement de\nl'Espace (SPAE)\n21-2026-03-06-00001\nArr\u00eat\u00e9 pr\u00e9fectoral du 6 mars 2026 approuvant la\nmise en conformit\u00e9 des statuts de l'association\nfonci\u00e8re de remembrement de GENLIS\nDirection d\u00e9partementale des territoires de la C\u00f4te-d'Or - 21-2026-03-06-00001 - Arr\u00eat\u00e9 pr\u00e9fectoral du 6 mars 2026 approuvant la\nmise en conformit\u00e9 des statuts de l'association fonci\u00e8re de remembrement de GENLIS 17\nzsPREFETDELACOTE-D'ORLibert\u00e9Egalit\u00e9Fraternit\u00e9\nDirection d\u00e9partementale des territoires\nde la C\u00f4te-d'Or\nArr\u00eat\u00e9 pr\u00e9fectoral du 6 mars 2026\napprouvant la mise en conformit\u00e9 des statuts de l'association fonci\u00e8re\nde remembrement de GENLIS\nLe Pr\u00e9fet de la C\u00f4te-d'Or\nVU l'ordonnance n\u00b0 2004-632 du 1er juillet 2004 relative aux associations syndicales de propri\u00e9taires \net notamment son article 60 ;\nVU le  d\u00e9cret  d'application  n\u00b0  2006-504  du  3  mai  2006  portant  application  de  l'ordonnance  \nn\u00b0 2004-632 du 1er juillet 2004 et notamment ses articles 13,19,20,40 et 102 ;\nVU l'article 95 de la loi n\u00b0 2005-157 du 25 f\u00e9vrier 2005 sur le d\u00e9veloppement des territoires ruraux ;\nVU le livre I, titre II du code rural et de la p\u00eache maritime en vigueur, partie l\u00e9gislative, notamment  \nles articles L121-1 \u00e0 L121-26 et L123-1 \u00e0 L123-35 concernant l'am\u00e9nagement foncier rural ;\nVU le livre I, titre III du code rural et de la p\u00eache maritime en vigueur, partie l\u00e9gislative, notamment  \nles articles L131-1, L133-1 \u00e0 L133-7 concernant les associations fonci\u00e8res d'am\u00e9nagement foncier  \nagricole et forestier ;\nVU le  livre  I,  titre  III  du  code  rural  et  de  la  p\u00eache  maritime  en  vigueur,  partie  r\u00e9glementaire, \nnotamment  les  articles  R131-1  et  R133-1  \u00e0  R133-15  concernant  les  associations  fonci\u00e8res  \nd'am\u00e9nagement foncier agricole et forestier ;\nVU la circulaire du minist\u00e8re de l'int\u00e9rieur du 11 juillet 2007 relative aux associations syndicales de  \npropri\u00e9taires ;\nVU  l'arr\u00eat\u00e9  pr\u00e9fectoral  du  24  mars  1952  relatif  \u00e0  la  constitution  de  l'association  fonci\u00e8re  de  \nremembrement (AFR) de GENLIS ;\nVU l'arr\u00eat\u00e9 pr\u00e9fectoral du 22 novembre 2023 dernier en date portant renouvellement du bureau de \nl'association fonci\u00e8re de GENLIS ;\nVU le proc\u00e8s-verbal de l'assembl\u00e9e g\u00e9n\u00e9rale du 3 d\u00e9cembre 2025 lors de laquelle les membres de  \nl'assembl\u00e9e des propri\u00e9taires de l'association fonci\u00e8re de remembrement de GENLIS ont approuv\u00e9 \nle projet de statuts ;\n1\nDirection d\u00e9partementale des territoires de la C\u00f4te-d'Or\n57 , rue de Mulhouse - BP 53317 - 21033 Dijon CEDEX\nT\u00e9l. : 03 80 29 44 44\nCourriel : ddt@cote-dor.gouv.fr - Site internet : \nhttp://www.cote-dor.gouv.fr\nDirection d\u00e9partementale des territoires de la C\u00f4te-d'Or - 21-2026-03-06-00001 - Arr\u00eat\u00e9 pr\u00e9fectoral du 6 mars 2026 approuvant la\nmise en conformit\u00e9 des statuts de l'association fonci\u00e8re de remembrement de GENLIS 18\nVU le d\u00e9p\u00f4t du dossier des statuts, comportant la liste des parcelles et des propri\u00e9taires ainsi que le \nplan parcellaire, en date du 24 f\u00e9vrier 2026, par le pr\u00e9sident de l'association fonci\u00e8re \u00e0 la pr\u00e9fecture \nde C\u00f4te-d'Or ;\nVU les  statuts  adopt\u00e9s  lors  de  l'assembl\u00e9e  des  propri\u00e9taires  de  l'association  fonci\u00e8re  de  \nremembrement de GENLIS du 3 d\u00e9cembre 2025;\nVU l'arr\u00eat\u00e9 n\u00b0 507/SG du 28 mars 2025 donnant d\u00e9l\u00e9gation de signature \u00e0 Mme Manuelle DUPUY , \ndirectrice d\u00e9partementale des territoires de la C\u00f4te-d'Or ;\nVU l'arr\u00eat\u00e9 n\u00b0 1333 du 28 ao\u00fbt 2025 portant subd\u00e9l\u00e9gation de signature aux agents de la direction  \nd\u00e9partementale des territoires de la C\u00f4te-d'Or ;\nSUR proposition de la directrice d\u00e9partementale des territoires par int\u00e9rim ;\nA R R \u00ca T E\nARTICLE 1  er   : \nSont approuv\u00e9s les statuts de l'association fonci\u00e8re de remembrement de GENLIS tels qu'adopt\u00e9s \npar son assembl\u00e9e g\u00e9n\u00e9rale des propri\u00e9taires du 3 d\u00e9cembre 2025.\nARTICLE 2     :   \nCette d\u00e9cision peut \u00eatre contest\u00e9e devant le tribunal administratif de Dijon dans un d\u00e9lai de 2 mois \n\u00e0 compter de sa publication.\nARTICLE 3     : \nMadame la directrice d\u00e9partementale des territoires de la C\u00f4te-d'Or, le pr\u00e9sident de l'association  \nfonci\u00e8re de remembrement de GENLIS et le maire de la commune de GENLIS, sont charg\u00e9s, chacun \nen ce qui les concerne, de l'ex\u00e9cution des dispositions du pr\u00e9sent arr\u00eat\u00e9 qui sera publi\u00e9 au recueil  \ndes actes administratifs de la pr\u00e9fecture, notifi\u00e9 \u00e0 chacun des membres de l'association fonci\u00e8re et  \naffich\u00e9 dans la commune de GENLIS.\nFait \u00e0 Dijon, le 6 mars 2026\nPour le pr\u00e9fet et par d\u00e9l\u00e9gation,\npour la directrice d\u00e9partementale des territoires,\nle chef du bureau nature, sites, \u00e9nergies renouvelables,\nSign\u00e9 : Laurent TISNE\n2\nDirection d\u00e9partementale des territoires de la C\u00f4te-d'Or - 21-2026-03-06-00001 - Arr\u00eat\u00e9 pr\u00e9fectoral du 6 mars 2026 approuvant la\nmise en conformit\u00e9 des statuts de l'association fonci\u00e8re de remembrement de GENLIS 19\nDirection d\u00e9partementale des territoires de la\nC\u00f4te-d'Or\nService S\u00e9curit\u00e9 et Education Routi\u00e8re\n21-2026-03-03-00002\nAP 464 20260203 RAA Arr\u00eat\u00e9Permanent\nVongesRD961-RD976\nDirection d\u00e9partementale des territoires de la C\u00f4te-d'Or - 21-2026-03-03-00002 - AP 464 20260203 RAA Arr\u00eat\u00e9Permanent\nVongesRD961-RD976 20\n|PREFETDELACOTE-D'ORLibert\u00e9Egalit\u00e9Fraternit\u00e9\n \nDirection D\u00e9partementale des Territoires\nService de la S\u00e9curit\u00e9 et de l'\u00c9ducation Routi\u00e8re\nBureau de la S\u00e9curit\u00e9 Routi\u00e8re\nArr\u00eat\u00e9 Permanent \nportant r\u00e9glementation permanente du r\u00e9gime de priorit\u00e9 aux carrefours de la route \nd\u00e9partementale 961, class\u00e9e Route \u00e0 Grande Circulation, sur la commune de Vonges.\nLe pr\u00e9fet de la r\u00e9gion Bourgogne-Franche-\nComt\u00e9\nPr\u00e9fet de la C\u00f4te-d'Or\n      Le pr\u00e9sident du Conseil D\u00e9partemental \nde la  C\u00f4te-d'Or\nLe maire de Vonges\nVU le Code G\u00e9n\u00e9ral des Collectivit\u00e9s Territoriales et notamment l'article L.3221-4 ;\nVU le Code de la Route et notamment les articles R.415-6 \u00e0 R.415-8 ;\nVU le d\u00e9cret n\u00b0 2025-233 du 11 mars 2025 modifiant le d\u00e9cret n\u00b0 2009-615 du 03 juin 2009  \nfixant la liste des routes \u00e0 grande circulation ;\nVU l'Instruction Interminist\u00e9rielle sur la signalisation routi\u00e8re et notamment le livre 1, 3\u00e8me  \npartie, intersections et r\u00e9gimes de priorit\u00e9s ;\nN\u00b0 464\nde la Pr\u00e9fecture\nde la C\u00f4te-d'Or\nN\u00b0 26-P-0006\ndu Conseil D\u00e9partemental \nde la C\u00f4te-d'Or\nN\u00b0 2026/01/001\nde la commune\n de Vonges\nDirection d\u00e9partementale des territoires de la C\u00f4te-d'Or - 21-2026-03-03-00002 - AP 464 20260203 RAA Arr\u00eat\u00e9Permanent\nVongesRD961-RD976 21\nVU l'arr\u00eat\u00e9 pr\u00e9fectoral n\u00b0 507 du 28 mars 2025 donnant d\u00e9l\u00e9gation de signature \u00e0 Madame  \nManuelle DUPUY, directrice d\u00e9partementale des territoires de la C\u00f4te-d'Or ;\nCONSID\u00c9RANT qu'il incombe \u00e0 l'autorit\u00e9 d\u00e9tentrice du pouvoir de police de circulation de  \nveiller \u00e0 la s\u00e9curit\u00e9 des usagers de la voie publique,\nCONSID\u00c9RANT que la route d\u00e9partementale 961 est class\u00e9e route \u00e0 grande circulation,\nSUR proposition de Madame la directrice d\u00e9partementale des territoires de la C\u00f4te-d'Or ;\nSUR proposition de Monsieur le directeur g\u00e9n\u00e9ral des services du Conseil D\u00e9partemental de la \nC\u00f4te-d'Or ;\nSUR proposition de Monsieur le maire de Vonges ;\nARR\u00caTENT\nArticle 1\nLe r\u00e9gime de priorit\u00e9 de l'intersection entre  la route d\u00e9partementale 961, class\u00e9e Route \u00e0  \nGrande Circulation et la route d\u00e9partementale 976, sur la commune de Vonges est un r\u00e9gime \n\u00ab STOP \u00bb sur la route d\u00e9partementale 976.\nArticle 2  \nLe r\u00e9gime de priorit\u00e9 de l'intersection entre le chemin d'acc\u00e8s \u00e0 la salle Louis Maurel et la route \nd\u00e9partementale 961,  class\u00e9e Route \u00e0 Grande Circulation,  sur la commune de Vonges  est un \nr\u00e9gime \u00ab STOP \u00bb sur le chemin d'acc\u00e8s.\nArticle 3\nLa signalisation r\u00e9glementaire conforme aux dispositions des 3e partie - intersections et r\u00e9gime \nde priorit\u00e9 - et 7 e partie - marques sur chauss\u00e9es - de l'instruction interminist\u00e9rielle sur la  \nsignalisation routi\u00e8re sera mise en place par le Conseil D\u00e9partemental de la C\u00f4te-d'Or.\nArticle 4\nLes  dispositions  d\u00e9finies  par  l'article  1 er prendront  effet  le  jour  de  la  mise  en  place  de  \nl'ensemble de la signalisation pr\u00e9vue \u00e0 l'article 2 ci-dessus.\nArticle 5\nToutes les dispositions ant\u00e9rieures au pr\u00e9sent arr\u00eat\u00e9 et relatives \u00e0 l'intersection mentionn\u00e9e  \nci-dessus, sont rapport\u00e9es.\nArticle 6\nLe pr\u00e9sent arr\u00eat\u00e9 peut faire l'objet d'un recours gracieux aupr\u00e8s du pr\u00e9fet et du pr\u00e9sident du  \nConseil D\u00e9partemental, et/ou d'un recours contentieux devant le tribunal administratif dans  \nun d\u00e9lai de 2 mois \u00e0 compter de sa notification.\nLe tribunal administratif peut \u00eatre saisi par un recours d\u00e9pos\u00e9 via l'application T\u00e9l\u00e9recours  \ncitoyens accessible par le site internet www.telerecours.fr \u00bb.\nDirection d\u00e9partementale des territoires de la C\u00f4te-d'Or - 21-2026-03-03-00002 - AP 464 20260203 RAA Arr\u00eat\u00e9Permanent\nVongesRD961-RD976 22\nArticle 7\n- La directrice de Cabinet du pr\u00e9fet de la C\u00f4te-d'Or,\n- Le directeur g\u00e9n\u00e9ral des services du Conseil D\u00e9partemental de la C\u00f4te-d'Or,\n- Le maire de la commune de Vonges,\n- Le  Commandant  de  la  R\u00e9gion  de  Gendarmerie  de  Bourgogne-Franche  Comt\u00e9  et  du  \nGroupement de C\u00f4te-d'Or,\nsont charg\u00e9s, chacun en ce qui le concerne, de l'ex\u00e9cution du pr\u00e9sent arr\u00eat\u00e9.\n Fait \u00e0 Dijon, le 3 f\u00e9vrier 2026\nLe pr\u00e9fet,\nPour le pr\u00e9fet et par d\u00e9l\u00e9gation,\nLa Directrice D\u00e9partementale des \nTerritoires \nSIGN\u00c9\nManuelle DUPUY\n    Fait \u00e0 Dijon, le 21 janvier 2026\n  Le pr\u00e9sident du Conseil   D\u00e9partemental \nde la C\u00f4te-d'Or\n Pour le Pr\u00e9sident et par d\u00e9l\u00e9gation,\n Le Chef de Service de Coordination des \nActions  territorialis\u00e9es\nSIGN\u00c9\nJulien ROUET\nFait \u00e0 Vonges, le  20 janvier 2026\nLe maire \nde Vonges\nSIGN\u00c9\nRichard ROUSSEL\n          \n  \nDirection d\u00e9partementale des territoires de la C\u00f4te-d'Or - 21-2026-03-03-00002 - AP 464 20260203 RAA Arr\u00eat\u00e9Permanent\nVongesRD961-RD976 23\nDirection d\u00e9partementale des territoires de la\nC\u00f4te-d'Or\nService S\u00e9curit\u00e9 et Education Routi\u00e8re\n21-2026-03-05-00001\nAP 472 20260305 RAA A6 MiseEnConformit\u00e9\n16mars-5juin \nDirection d\u00e9partementale des territoires de la C\u00f4te-d'Or - 21-2026-03-05-00001 - AP 472 20260305 RAA A6 MiseEnConformit\u00e9\n16mars-5juin 24\nzsPREFETDELACOTE-D'ORLibert\u00e9Egalit\u00e9Fraternit\u00e9\n Direction d\u00e9partementale des territoires\nde la C\u00f4te-d'Or\nService de la S\u00e9curit\u00e9 et de l'\u00c9ducation Routi\u00e8re\nBureau de la S\u00e9curit\u00e9 Routi\u00e8re\nDijon, le 5 mars 2026 \nArr\u00eat\u00e9 N\u00b0 472\nportant r\u00e9glementation temporaire de la circulation sur l'autoroute A6 entre les \nPR 279 et 289 dans les deux sens de circulation \u00e0 l'occasion de travaux de mise en \nconformit\u00e9 des dispositifs de retenue b\u00e9ton et m\u00e9talliques en accotements.\nLe pr\u00e9fet de la C\u00f4te-d'Or\nVU le Code de la Route, notamment ses articles R411-8 et R411-25 ;\nVU l'Arr\u00eat\u00e9 Interminist\u00e9riel du 24 novembre 1967 modifi\u00e9 relatif \u00e0 la signalisation  \ndes routes et autoroutes ;\nVU l'Instruction Interminist\u00e9rielle sur la signalisation routi\u00e8re (Livre 1, 8\u00e8me partie,  \nsignalisation temporaire) approuv\u00e9e par l'Arr\u00eat\u00e9 Interminist\u00e9riel du 6 novembre  \n1992 modifi\u00e9 ;\nVU la note technique du 14 avril 2016 du Minist\u00e8re de l'Environnement de l'\u00c9nergie  \net de la Mer, relative \u00e0 la coordination des chantiers sur le r\u00e9seau national ;\nVU l'arr\u00eat\u00e9 pr\u00e9fectoral n\u00b0 612 du 20 ao\u00fbt 2019 portant r\u00e9glementation permanente \nde  la  circulation  pour  l'exploitation  des  chantiers  courants  sur  les  autoroutes  \nconc\u00e9d\u00e9es \u00e0 APRR dans le d\u00e9partement de la C\u00f4te-d'Or ;\nVU l'arr\u00eat\u00e9 pr\u00e9fectoral n\u00b0 507 du 28 mars 2025 donnant d\u00e9l\u00e9gation de signature \u00e0  \nMadame Manuelle DUPUY, Directrice D\u00e9partementale des Territoires ;\nVU l'arr\u00eat\u00e9 pr\u00e9fectoral n\u00b0 1333 du 28 ao\u00fbt 2025 portant d\u00e9l\u00e9gation de signature  \naux agents de la Direction D\u00e9partementale des Territoires de la C\u00f4te-d'Or ;\nVU la  note  du  29  janvier  2026  du  Minist\u00e8re  charg\u00e9  des  Transports,  fixant  le  \ncalendrier des jours hors chantiers pour l'ann\u00e9e 2026 et le mois de janvier 2027 ;\nVU la demande en date du 10 f\u00e9vrier 2026 de Monsieur le Directeur d'exploitation  \nd'APRR ;\nDirection d\u00e9partementale des territoires de la C\u00f4te-d'Or\n57 rue de Mulhouse- BP 53317 - 21033 DIJON cedex\nt\u00e9l : 03 80 29 44 44 \u2013 Courriel : ddt@cote-dor.gouv.fr\nDirection d\u00e9partementale des territoires de la C\u00f4te-d'Or - 21-2026-03-05-00001 - AP 472 20260305 RAA A6 MiseEnConformit\u00e9\n16mars-5juin 25\n2/9\nVU l'information communiqu\u00e9e au service d\u00e9partemental d'incendie et de secours  \nde la C\u00f4te-d'Or en date du 10 f\u00e9vrier 2026 ;\nVU l'avis favorable du Peloton Motoris\u00e9 de Gendarmerie de Pouilly-en-Auxois en  \ndate du 10 f\u00e9vrier 2026 ;\nVU l'avis  favorable  de  Monsieur  le  Sous-Directeur  de  la  gestion  du  r\u00e9seau  \nautoroutier  conc\u00e9d\u00e9  des  Minist\u00e8res  de  l'Am\u00e9nagement  du  Territoire  et  de  la  \nTransition \u00c9cologique en date du 13 f\u00e9vrier 2026 ;\nCONSID\u00c9RANT  que le chantier ne remplit pas l'une ou plusieurs des conditions  \ncaract\u00e9ristiques des chantiers courants au sens de la note technique du 14 avril  \nrelative \u00e0 la coordination des chantiers sur le r\u00e9seau routier national et qu'il est donc \nclass\u00e9 en \u00ab chantier non courant \u00bb ;\nCONSID\u00c9RANT qu'il y a lieu d'assurer la s\u00e9curit\u00e9 et la protection des usagers, des  \nagents d'APRR et des entreprises charg\u00e9es de l'ex\u00e9cution des travaux et de r\u00e9duire, \nautant que possible, les entraves \u00e0 la circulation provoqu\u00e9es par les travaux ;\nSUR proposition de Madame la Directrice D\u00e9partementale des Territoires de la  \nC\u00f4te-d'Or ;\nARR\u00caTE\nArticle 1  er     :  \nLes travaux concernent la mise en conformit\u00e9 des dispositifs de retenue b\u00e9ton et  \nm\u00e9talliques en accotements sur l'autoroute A6 entre les PR 279 et 289 dans les  \ndeux sens de circulation. \nLes mesures d'exploitation, de police et de gestion du trafic mises en \u0153uvre \u00e0  \nl'occasion de ces travaux s'appliqueront du lundi 16 mars au vendredi 5 juin 2026.  \nEn cas d'al\u00e9as m\u00e9t\u00e9orologiques ou techniques les phases du chantier pourront \u00eatre \nd\u00e9cal\u00e9es ou report\u00e9es sans d\u00e9passer le  vendredi 26 juin 2026.\nArticle 2     :  \nLe chantier est class\u00e9 en \u00ab  chantier non courant  \u00bb en raison de la d\u00e9rogation aux  \narticles de l'arr\u00eat\u00e9 permanent d'exploitation sous chantier n\u00b0 612 du 20 ao\u00fbt 2019,  \n\u00e0 savoir :\n\uf0b7 L'inter distance entre ce chantier et un autre chantier pourra \u00eatre  \nr\u00e9duite \u00e0 3 km,\nDirection d\u00e9partementale des territoires de la C\u00f4te-d'Or\n57 rue de Mulhouse- BP 53317 - 21033 DIJON cedex\nt\u00e9l : 03 80 29 44 44 \u2013 Courriel : ddt@cote-dor.gouv.fr\nDirection d\u00e9partementale des territoires de la C\u00f4te-d'Or - 21-2026-03-05-00001 - AP 472 20260305 RAA A6 MiseEnConformit\u00e9\n16mars-5juin 26\n3/9\n\uf0b7 Des restrictions de circulation pourront avoir lieu pendant les jours  \ndits \u00ab hors chantier \u00bb,\n\uf0b7 Le trafic par voie laiss\u00e9e libre \u00e0 la circulation pourra \u00eatre sup\u00e9rieur \u00e0  \n1200 v\u00e9h/h,\n\uf0b7 Une aire de repos pourra \u00eatre ferm\u00e9e pour une dur\u00e9e sup\u00e9rieure \u00e0  \n48 h.\nArticle 3     :   \nPour  l'ex\u00e9cution  des  travaux,  les  mesures  d'exploitation  et  de  police  suivantes \nseront mises en \u0153uvre :\nSemaines \net jours\nSen\ns\nTravaux r\u00e9alis\u00e9s \npar l'entreprise \net mouvements \nbalisage lourds\nD\u00e9but balisage 1er \nc\u00f4ne APRR PR fin balisage B31\nMode \nexploitatio\nn\nConditio\nns de \ncirculatio\nn\nS12 \u00e0 S13\nDu lundi \n16/03/26 \nau \nvendredi \n27/03/26\n1\nD\u00e9molition et \nmise en \u0153uvre \nde dispositifs de \nretenue b\u00e9ton \nGBA entre les \nPR281+340 et \nPR281+975.\nR\u00e9parations \nponctuelles \nentre les \nPR280+040 et \nPR282+045.\n279+050 282+200\nVL \nneutralis\u00e9\ne sur 3150 \nm.\nSMV du \nPR281+24\n0 au \nPR282+05\n0.\nUne voie \nde \n3,50 m \navec \nBDG de \n1,00 m \n(soit 4,50 \nm de \nlargeur \nroulable) \nVMA 90 \nkm/h\nFermetur\ne de \nl'Aire de \nla \nGarenne \ndu 16/03 \nau 17/04\nS14 \u00e0 S16\nDu lundi \n30/03/26 \nau \nvendredi \n17/04/26\n1 D\u00e9molition et \nmise en \u0153uvre \nde dispositifs de \nretenue b\u00e9ton \nGBA entre les \nPR282+800 et \n280+500 interbretelle 284+200 VL et VSVL \nneutralis\u00e9\nes sur \n3700 m.\nSMV du \nUne voie \nde \n3,50 m \navec \nBDG de \n1,00 m \nDirection d\u00e9partementale des territoires de la C\u00f4te-d'Or\n57 rue de Mulhouse- BP 53317 - 21033 DIJON cedex\nt\u00e9l : 03 80 29 44 44 \u2013 Courriel : ddt@cote-dor.gouv.fr\nDirection d\u00e9partementale des territoires de la C\u00f4te-d'Or - 21-2026-03-05-00001 - AP 472 20260305 RAA A6 MiseEnConformit\u00e9\n16mars-5juin 27\n4/9\nPR283+710.\nR\u00e9parations \nponctuelles \nentre les \nPR283+230 et \nPR284+040.\nRipage des SMV \n\u00e0 l'axe VL/VSVL \nles vendredis \n03/04/2026, \n10/04/2026.\nLe lundi \n06/04/2026 \n\u00e9tant f\u00e9ri\u00e9, le \nripage des SMV \nen VL sera \neffectu\u00e9 le \nmardi \n07/04/2026.\nD\u00e9pose des SMV \nle vendredi \n17/04/2026.\nPR282+75\n0 au \nPR284+10\n0.\n(soit 4,50 \nm de \nlargeur \nroulable) \nVMA 90 \nkm/h\nS17 \u00e0 S18\nDu lundi \n20/04/26 \nau jeudi \n30/04/26\n1\nD\u00e9molition et \nmise en \u0153uvre \nde dispositifs de \nretenue b\u00e9ton \nGBA entre les \nPR284+075 et \nPR284+940.\nRipage des SMV \nen BAU le \nvendredi \n24/04/2026 et le \njeudi \n30/04/2026 \npour 14H.\n281+600 VSVL\n283+600 RVD\nWE VSVL \nCONDAMNEE \n281+600 285+500\n285+500\nVL \nneutralis\u00e9\ne sur 1900 \nm.\nSMV du \nPR284+00\n0 au \nPR285+30\n0.\nUne voie \nde \n3,50 m \navec \nBDG de \n1,00 m \n(soit 4,50 \nm de \nlargeur \nroulable) \nVMA 90 \nkm/h\nS19\nDu lundi \n04/05/26 \n1 D\u00e9molition et \nmise en \u0153uvre \nde dispositifs de \n283+600 VSVL\n286+200 RVD\n287+200 VL \nneutralis\u00e9\ne sur 3600 \nUne voie \nde \n3,50 m \nDirection d\u00e9partementale des territoires de la C\u00f4te-d'Or\n57 rue de Mulhouse- BP 53317 - 21033 DIJON cedex\nt\u00e9l : 03 80 29 44 44 \u2013 Courriel : ddt@cote-dor.gouv.fr\nDirection d\u00e9partementale des territoires de la C\u00f4te-d'Or - 21-2026-03-05-00001 - AP 472 20260305 RAA A6 MiseEnConformit\u00e9\n16mars-5juin 28\n5/9\nau jeudi \n07/05/26\nretenue b\u00e9ton \nGBA entre les \nPR286+850 et \nPR286+990.\nD\u00e9pose des SMV \nPR284+000 au \nPR285+300. le \nmercredi \n06/05/2026.\nRipage des SMV \ndu PR286+800 \nau PR287+060. \nen BAU le jeudi \n07/05/2026 \npour 14H\nm.\nSMV du \nPR284+00\n0 au \nPR285+30\n0.\net\nSMV du \nPR286+80\n0 au \nPR287+06\n0.\navec \nBDG de \n1,00 m \n(soit 4,50 \nm de \nlargeur \nroulable) \nVMA 90 \nkm/h\nS20\nLundi \n11/05/26\n1\nD\u00e9molition et \nmise en \u0153uvre \nde dispositifs de \nretenue b\u00e9ton \nGBA entre les \nPR286+850 et \nPR286+990.\nD\u00e9pose des SMV \nle lundi \n11/05/2026.\n283+600 VSVL\n286+200 RVD 287+200\nVL \nneutralis\u00e9\ne sur 3600 \nm.\nSMV du \nPR286+80\n0 au \nPR287+06\n0.\nUne voie \nde \n3,50 m \navec \nBDG de \n1,00 m \n(soit 4,50 \nm de \nlargeur \nroulable) \nVMA 90 \nkm/h\nS21 \u00e0 S23\nDu lundi \n18/05/26 \nau \nvendredi \n05/06/26\n1 D\u00e9molition et \nmise en \u0153uvre \nde dispositifs de \nretenue b\u00e9ton \nGBA entre les \nPR287+370 et \nPR288+510.\nRipage des SMV \nen BAU les \nvendredis \n22/05/2026 et \n29/05/2026.\n283+600 VSVL\n284+000\n288+900 VL \nneutralis\u00e9\ne sur 5300 \nm.\nSMV du \nPR287+31\n0 au \nPR288+54\n5.\nUne voie \nde \n3,50 m \navec \nBDG de \n1,00 m \n(soit 4,50 \nm de \nlargeur \nroulable) \nVMA 90 \nkm/h\nDirection d\u00e9partementale des territoires de la C\u00f4te-d'Or\n57 rue de Mulhouse- BP 53317 - 21033 DIJON cedex\nt\u00e9l : 03 80 29 44 44 \u2013 Courriel : ddt@cote-dor.gouv.fr\nDirection d\u00e9partementale des territoires de la C\u00f4te-d'Or - 21-2026-03-05-00001 - AP 472 20260305 RAA A6 MiseEnConformit\u00e9\n16mars-5juin 29\n6/9\nLe lundi \n25/05/2026 \n\u00e9tant f\u00e9ri\u00e9, le \nripage des SMV \nen VL sera \neffectu\u00e9 le \nmardi \n26/05/2026.\nD\u00e9pose des SMV \nle 05/06/2026.\nS15 \u00e0 S16\nDu mardi \n07/04/26 \nau \nvendredi \n17/04/26\n2\nD\u00e9molition et mise en \u0153uvre \nde dispositifs de retenue \nb\u00e9ton GBA entre les \nPR288+370 et PR288+150.\nTravaux sur r\u00e9seau \nassainissement du \nPR288+370 au PR288+150.\nD\u00e9molition et mise en \u0153uvre \nde dispositifs de retenue \nb\u00e9ton GBA entre les \nPR286+975 et PR286+775.\nTravaux sur r\u00e9seau \nassainissement du \nPR286+975 au PR286+775.\nMaintien des SMV en place \navec neutralisation de VL le \nweek-end du 10/04/2026 au \n13/04/2026.\nRipage des SMV en BAU le \nvendredi 17/04/2026.\n289+100 286+50\n0\nVL neutralis\u00e9e \nsur 2450 m.\nSMV du \nPR288+470 au \nPR288+04 et \nSMV du \nPR287+070 au \nPR286+675.\nUne voie de \n3,50 m avec \nBDG de 1,00 m \n(soit 4,50 m de \nlargeur roulable) \nVMA 90 km/h\nS17\nDu lundi \n20/04/26 \nau \nvendredi \n2 D\u00e9molition et mise en \u0153uvre \nde dispositifs de retenue \nb\u00e9ton GBA entre les \nPR288+370 et PR288+150.\n289+100 286+50\n0\nVL neutralis\u00e9e \nsur 2450 m.\nSMV du \nUne voie de \n3,50 m avec \nBDG de 1,00 m \n(soit 4,50 m de \nlargeur roulable) \nDirection d\u00e9partementale des territoires de la C\u00f4te-d'Or\n57 rue de Mulhouse- BP 53317 - 21033 DIJON cedex\nt\u00e9l : 03 80 29 44 44 \u2013 Courriel : ddt@cote-dor.gouv.fr\nDirection d\u00e9partementale des territoires de la C\u00f4te-d'Or - 21-2026-03-05-00001 - AP 472 20260305 RAA A6 MiseEnConformit\u00e9\n16mars-5juin 30\n7/9\n24/04/26\nTravaux sur r\u00e9seau \nassainissement du \nPR288+370 au PR288+150.\nD\u00e9molition et mise en \u0153uvre \nde dispositifs de retenue \nb\u00e9ton GBA entre les \nPR286+975 et PR286+775.\nTravaux sur r\u00e9seau \nassainissement du \nPR286+975 au PR286+775.\nRipage des SMV en VL le \nlundi 20/04/2026.\nD\u00e9pose des SMV le vendredi \n24/04/2026.\nPR288+470 au \nPR288+04 et \nSMV du \nPR287+070 au \nPR286+675.\nVMA 90 km/h\nS18 \u00e0 S20\nDu lundi \n27/04/26 \nau lundi  \n11/05/26\n2\nD\u00e9molition et mise en \u0153uvre \nde dispositifs de retenue \nb\u00e9ton GBA entre les \nPR283+710 et PR283+635 \npuis entre les PR281+960 et \nPR281+890.\nTravaux sur r\u00e9seau \nassainissement du \nPR283+710 au PR283+635.\nRipage des SMV en BAU les \njeudi 30/04/2026 et \n07/05/2026 pour 14H.\nD\u00e9pose des SMV le lundi \n11/05/2026.\n285+600 281+70\n0\nVL neutralis\u00e9e \nsur 3900 m.\nSMV du \nPR283+810 au \nPR283+535.\nSMV du \nPR282+060 au \nPR281+820\nUne voie de \n3,50 m avec \nBDG de 1,00 m \n(soit 4,50 m de \nlargeur roulable) \nVMA 90 km/h\nLe  phasage  des  restrictions  est  susceptible  d'\u00eatre  modifi\u00e9  en  fonction  des  \nconditions  m\u00e9t\u00e9orologiques  et/ou  des  probl\u00e8mes  techniques  de  chantier.  Le \nconcessionnaire sera alors tenu d'en informer la direction d\u00e9partementale des  \nterritoires de la C\u00f4te-d'Or ainsi que les diff\u00e9rentes instances ayant \u00e9t\u00e9 consult\u00e9es  \npour ce dossier.\nDirection d\u00e9partementale des territoires de la C\u00f4te-d'Or\n57 rue de Mulhouse- BP 53317 - 21033 DIJON cedex\nt\u00e9l : 03 80 29 44 44 \u2013 Courriel : ddt@cote-dor.gouv.fr\nDirection d\u00e9partementale des territoires de la C\u00f4te-d'Or - 21-2026-03-05-00001 - AP 472 20260305 RAA A6 MiseEnConformit\u00e9\n16mars-5juin 31\n8/9\nArticle 4 :\nDes mesures d'information des usagers seront prises par le canal :\n- de messages sur les Panneaux \u00e0 Messages Variables (PMV) situ\u00e9s en section  \ncourante de l'autoroute,\n- de messages sur PMVA situ\u00e9 en entr\u00e9e des gares de p\u00e9age,\n- de messages sur \u00ab Autoroute Info 107 .7 \u00bb,\n- du service d'information vocale autoroutier,\n- du site internet www.aprr.fr.\nArticle 5     :  \nLa Direction D\u00e9partementale des Territoires de la C\u00f4te-d'Or sera avertie de la mise \nen place ou du report et en temps r\u00e9el de la fin des mesures d'exploitation, ainsi  \nqu'en  cas  d'\u00e9v\u00e9nement  entra\u00eenant  une  g\u00eane  importante  \u00e0  la  circulation,  \nparticuli\u00e8rement en cas d'application du Plan de Gestion de Trafic, et des mesures  \nprises \u00e0 cet effet.\nArticle 6     :  \nLa  signalisation  des  chantiers  devra  \u00eatre  conforme  aux  prescriptions  \nr\u00e9glementaires,  en  particulier  \u00e0  celles  de  l'Instruction  Interminist\u00e9rielle  sur  la  \nSignalisation Routi\u00e8re (8\u00e8me partie - Signalisation Temporaire) ainsi qu'aux guides  \ntechniques du SETRA subs\u00e9quents :\n- Routes \u00e0 chauss\u00e9es s\u00e9par\u00e9es \u2013 Manuel du Chef de Chantier\n- Choix d'un mode d'exploitation.\nLa mise en place et le maintien de la signalisation temporaire de ces chantiers  \nseront assur\u00e9s sous le contr\u00f4le et la responsabilit\u00e9 des services d'APRR.\nLes forces de l'ordre seront pr\u00e9sentes pour accompagner les agents d'APRR afin de \nfaire respecter les mesures de police n\u00e9cessaires \u00e0 la mise en place des balisages et \nsignalisations temporaires (ralentissement de la circulation, fermeture de section  \ncourante ou de bretelles) ainsi qu'\u00e0 la r\u00e9alisation des travaux.\nToutefois, dans l'hypoth\u00e8se o\u00f9, une fois requises, les forces de l'ordre, seraient dans \nl'impossibilit\u00e9 d'\u00eatre pr\u00e9sentes, les agents d'APRR seront autoris\u00e9s \u00e0 r\u00e9aliser seuls  \nces op\u00e9rations.\nArticle 7     :  \nLe pr\u00e9sent arr\u00eat\u00e9 peut faire l'objet d'un recours gracieux aupr\u00e8s du pr\u00e9fet et/ou  \nd'un recours contentieux devant le tribunal administratif dans un d\u00e9lai de 2 mois \u00e0  \ncompter de sa notification.\nLe tribunal administratif peut \u00eatre saisi par un recours d\u00e9pos\u00e9 via l'application  \nT\u00e9l\u00e9recours citoyens accessible par le site internet www.telerecours.fr \u00bb.\nDirection d\u00e9partementale des territoires de la C\u00f4te-d'Or\n57 rue de Mulhouse- BP 53317 - 21033 DIJON cedex\nt\u00e9l : 03 80 29 44 44 \u2013 Courriel : ddt@cote-dor.gouv.fr\nDirection d\u00e9partementale des territoires de la C\u00f4te-d'Or - 21-2026-03-05-00001 - AP 472 20260305 RAA A6 MiseEnConformit\u00e9\n16mars-5juin 32\n9/9\nArticle 8     :  \n- La Directrice de Cabinet du pr\u00e9fet de la C\u00f4te-d'Or,\n- Le Commandant de la R\u00e9gion de Gendarmerie de Bourgogne-Franche-Comt\u00e9, du  \nGroupement de la C\u00f4te-d'Or,\n- Le Directeur d'exploitation d'APRR,\nsont charg\u00e9s, chacun en ce qui le concerne, de l'ex\u00e9cution du pr\u00e9sent arr\u00eat\u00e9.\nLe pr\u00e9sent arr\u00eat\u00e9 sera publi\u00e9 au recueil des actes administratifs de la Pr\u00e9fecture de  \nla C\u00f4te-d'Or.\nUne copie du pr\u00e9sent arr\u00eat\u00e9 sera adress\u00e9e pour information :\n- au Directeur G\u00e9n\u00e9ral des Infrastructures des Transports et de la Mer des  \nMATTE,\n- au Directeur D\u00e9partemental des Services d'Incendie et de Secours de la  \nC\u00f4te-  d'Or,\n- au SAMU de Dijon.\nFait \u00e0 Dijon, le 5 mars 2026\nLe pr\u00e9fet,\nPour le pr\u00e9fet, par d\u00e9l\u00e9gation,\nLa directrice d\u00e9partementale \ndes territoires,\nSIGN\u00c9\nManuelle DUPUY\nDirection d\u00e9partementale des territoires de la C\u00f4te-d'Or\n57 rue de Mulhouse- BP 53317 - 21033 DIJON cedex\nt\u00e9l : 03 80 29 44 44 \u2013 Courriel : ddt@cote-dor.gouv.fr\nDirection d\u00e9partementale des territoires de la C\u00f4te-d'Or - 21-2026-03-05-00001 - AP 472 20260305 RAA A6 MiseEnConformit\u00e9\n16mars-5juin 33\nDirection d\u00e9partementale des territoires de la\nC\u00f4te-d'Or\nService S\u00e9curit\u00e9 et Education Routi\u00e8re\n21-2026-02-25-00003\nAP interpr\u00e9fectoral RAA 2026-0006 -\nDDT-USR-APRR -travaux reprise de chauss\u00e9es A6\ndu PR210 au PR235\nDirection d\u00e9partementale des territoires de la C\u00f4te-d'Or - 21-2026-02-25-00003 - AP interpr\u00e9fectoral RAA 2026-0006 - DDT-USR-APRR\n-travaux reprise de chauss\u00e9es A6 du PR210 au PR235 34\n=mPREFETDE L'YONNELibert\u00e9Egalit\u00e9Fraternit\u00e9\nDirection D\u00e9partementale\n des territoires de l'Yonne\nDirection D\u00e9partementale\n des territoires de la C\u00f4te d'Or\nAffaire suivie par Service Habitat B\u00e2timent et S\u00e9curit\u00e9  Auxerre, le 25 f\u00e9vrier 2026\nT\u00e9l : 03 86 48 41 00\nm\u00e9l : ddt-shbs-usr@yonne.gouv.fr\n                                                                    \nArr\u00eat\u00e9 interpr\u00e9fectoral n\u00b0 DDT/USR/2026/0006\nPortant r\u00e9glementation temporaire de la circulation sur l'autoroute A6 du PR 210 au PR235\nA l'occasion des travaux de reprise de chauss\u00e9es\n                                   \nLe Pr\u00e9fet de l'Yonne,                   Le Pr\u00e9fet de la C\u00f4te d'Or\nVU  le Code de la Voirie Routi\u00e8re ;\nVU  le Code de la Route et notamment ses articles R411-8 et R411-25 ;\nVU  la loi 82.213 du 02 mars 1982 modifi\u00e9e et compl\u00e9t\u00e9e par la loi 82.623 du 22 juillet 1982  \nrelative aux droits et libert\u00e9s des communes, des d\u00e9partements et des r\u00e9gions ;\nVU  le  d\u00e9cret  n\u00b02004-374  du  29  a vril  2004  modifi\u00e9,  relatif  aux  pouvoirs  des  pr\u00e9fets,  \u00e0  \nl'organisation et \u00e0 l'action des services de l'\u00c9tat dans les r\u00e9gions et les d\u00e9partements ;\nVU  le d\u00e9cret n\u00b02005-1499 du 5 d\u00e9cembre 2005 relatif \u00e0 la consistance du r\u00e9seau national  \n(rectificatif France enti\u00e8re) ;\nVU\u00a0\u00a0le d\u00e9cret n\u00b02020-756 du 19 juin 2020 modifiant le d\u00e9cret n\u00b02009-615 du 3 juin 2009 fixant \nla liste des routes \u00e0 grande circulation ;    \nVU  l'arr\u00eat\u00e9  interminist\u00e9riel  du  24  novembre  1967 ,  modifi\u00e9  et  compl\u00e9t\u00e9,  relatif  \u00e0  la  \nsignalisation des routes et autoroutes et l'ensemble des textes qui l'ont modifi\u00e9 ;\nVU  l'instruction interminist\u00e9rielle sur la signalisation routi\u00e8re du 7 juin 1977 et notamment la  \n8\u00e8me partie du livre  I relative \u00e0 la signalisation temporaire, et l'ensemble des textes qui l'ont  \nmodifi\u00e9e ;\nVU  la circulaire minist\u00e9rielle n\u00b01996-14 du 6 f\u00e9vrier 1996 relative \u00e0 l'exploitation de la route  \nsous chantier ;\n3 rue Monge \u2013 BP 79\n89011 AUXERRE Cedex\nT\u00e9l : 03 86 48 41 00\nMel : ddt@yonne.gouv.fr\n1/6\n.gouv.fr\nDirection d\u00e9partementale des territoires de la C\u00f4te-d'Or - 21-2026-02-25-00003 - AP interpr\u00e9fectoral RAA 2026-0006 - DDT-USR-APRR\n-travaux reprise de chauss\u00e9es A6 du PR210 au PR235 35\nVU  la note technique du 14 avril 2016 du Minist\u00e8re de l'Environnement de l'\u00c9nergie et de la  \nMer, relative \u00e0 la coordination des chantiers sur le r\u00e9seau national ;\nVU  la note technique du 29 janvier 2026 du Minist\u00e8re des transports, fixant le calendrier des  \njours \u00ab hors chantiers \u00bb pour l'ann\u00e9e 2026 ;\nVU  l'arr\u00eat\u00e9  pr\u00e9fectoral  permanent  d'exploitation  sous  chantier  courant  \nn\u00b0DDT/GDC/2018/0002 sur les autoroutes conc\u00e9d\u00e9es \u00e0 APRR dans le d\u00e9partement de l'Yonne \nen date du 14 f\u00e9vrier 2018 ;\nVU  l'arr\u00eat\u00e9 pr\u00e9fectoral n\u00b0 612 du 20 ao\u00fbt 2019 portant r\u00e9glementation permanente de la  \ncirculation pour l'exploitation des chantiers courants sur les autoroutes conc\u00e9d\u00e9es \u00e0 APRR  \ndans le d\u00e9partement de la C\u00f4te-d'Or ;\nVU  l'arr\u00eat\u00e9 pr\u00e9fectoral n\u00b0PREF/SAPPIE/BCAAT/0030 du 7 f\u00e9vrier 2024 donnant d\u00e9l\u00e9gation de  \nsignature \u00e0 Mme Manuella INES, directrice d\u00e9partementale des Territoires de l'Yonne ;\nVU  l'arr\u00eat\u00e9 n\u00b0DDT/DIR/2024-13 du 6 d\u00e9cembre 2024, et son annexe, donnant subd\u00e9l\u00e9gation de \nsignature \u00e0 Mme Catherine SENET, cheffe du service Habitat, B\u00e2timent et S\u00e9curit\u00e9 de la DDT de \nl'Yonne ;\nVU  l'arr\u00eat\u00e9 pr\u00e9fectoral n\u00b0 507 du 28 mars 2025 donnant d\u00e9l\u00e9gation de signature \u00e0 Madame  \nManuelle DUPUY, Directrice D\u00e9partementale des Territoires de la C\u00f4te d'Or ;\nVU l'arr\u00eat\u00e9 pr\u00e9fectoral n\u00b0 1333 du 28 ao\u00fbt 2025 portant d\u00e9l\u00e9gation de signature aux agents de \nla Direction D\u00e9partementale des Territoires de la C\u00f4te-d'Or ;\nVU la demande et le dossier d'exploitation pr\u00e9sent\u00e9s par APRR en date du 5 f\u00e9vrier 2026 ;\n \nVU l'information transmise au service d\u00e9partemental d'incendie et de secours de l'Yonne le 13 \nf\u00e9vrier 2026 ;\nVU l'information transmise au service d\u00e9partemental d'incendie et de secours de la C\u00f4te d'Or le \n5 f\u00e9vrier 2026 ;\nVU l'avis de la DGITM/DMR/FCA/FCA3 (Bureau Usagers Exploitation) en date du 10 f\u00e9vrier 2026 ;\nVU l'avis du groupement de gendarmerie d\u00e9partemental de l'Yonne en date du 12 f\u00e9vrier 2026 ;\nVU l'avis du groupement de gendarmerie d\u00e9partemental de la C\u00f4te d'Or en date du 13 f\u00e9vrier \n2026 ;\nVU l'avis du conseil d\u00e9partemental de l'Yonne en date du 5 f\u00e9vrier 2026 ;\nVU l'avis du conseil d\u00e9partemental de la C\u00f4te d'Or en date du 6 f\u00e9vrier 2026 ;\nVU l'avis des communes de Cussy -les-Forges, de Dompierre-en-Morvan du 6 f\u00e9vrier 2026 et de \nMagny du 12 f\u00e9vrier 2026 ;\n \nCONSID\u00c9RANT  que  le  chantier  ne  remplit  pas  l'une  ou  plusieurs  des  conditions  \ncaract\u00e9ristiques des chantiers courants au sens de la note technique du 14 avril 2016 relative \u00e0 \nla  coordination  des  chantiers  sur  le  r\u00e9seau  routier  national  et  qu'il  est  donc  class\u00e9  en  \n\u00ab chantier non courant \u00bb ; \n2/6 .gouv.fr\nDirection d\u00e9partementale des territoires de la C\u00f4te-d'Or - 21-2026-02-25-00003 - AP interpr\u00e9fectoral RAA 2026-0006 - DDT-USR-APRR\n-travaux reprise de chauss\u00e9es A6 du PR210 au PR235 36\nCONSID\u00c9RANT qu'il y a lieu d'assurer la s\u00e9curit\u00e9 et la protection des usagers et des riverains  \nde  la  voie  publique,  ainsi  que  celle  des  agents  d'APRR  et  des  entreprises  charg\u00e9es  de  \nl'ex\u00e9cution  des  travaux  et  de  r\u00e9duire,  autant  que  possible,  les  entraves  \u00e0  la  circulation  \nprovoqu\u00e9es par le chantier ;\n   \nSUR  proposition de Madame la directrice d\u00e9partementale des territoires de l'Yonne  et de  \nMadame la Directrice D\u00e9partementale des Territoires de la C\u00f4te-d'Or ;\nARR\u00caTE\n  \nArticle 1 :\nDu 9 mars au 5 juin 2026, APRR effectuera des travaux de reprise de chauss\u00e9es sur l'autoroute \nA6, PR 235+800 \u00e0 219+925 en sens 2 (Lyon/Paris), et du PR 220+150 \u00e0 210+100 en sens 1  \n(Paris/Lyon). \nEn cas d'al\u00e9as m\u00e9t\u00e9o ou technique le chantier pourra \u00eatre prolong\u00e9 jusqu'au vendredi 11 juin  \n2026.\nEn fonction de l'avancement des travaux ou en cas de probl\u00e8mes techniques ou de conditions \nm\u00e9t\u00e9orologiques d\u00e9favorables, le phasage d\u00e9fini pr\u00e9c\u00e9demment pourra \u00eatre modifi\u00e9 sans  \naller au-del\u00e0 du 11 juin 2026. Une information sera transmise aux DDT.\nArticle 2     :  \nLe chantier est class\u00e9 en \u00ab  chantier non courant \u00bb en raison de la d\u00e9rogation aux articles des  \narr\u00eat\u00e9s permanents d'exploitation sous chantier : \n\uf0b7 relatif \u00e0 la r\u00e9duction de capacit\u00e9 pendant les jours dits \u00ab hors chantiers \u00bb;\n\uf0b7 relatif au d\u00e9bit pr\u00e9visible par voie laiss\u00e9e libre \u00e0 la circulation ; \n\uf0b7 relatif \u00e0 l'inter distance entre ce chantier et un autre chantier ;\n\uf0b7 relatif \u00e0 la longueur de restriction ;\n\uf0b7 relatif \u00e0 la dur\u00e9e de fermeture d'une aire de repos et aire de service ;\n\uf0b7 relatif \u00e0 la mise en place de d\u00e9viation.\nArticle 3 :\nPour l'ex\u00e9cution des travaux, les mesures d'exploitation et de police suivantes seront mises en \n\u0153uvre :.\nN\u00b0\nSemaine\nSens \nChantier\nDate \nphasage - \nheure \nd\u00e9but \nbalisage - \nfin balisage\nPR Premier \nd\u00e9but \nbalisage\nITPC PR Fin de \nbalisage\nMode \nd'exploit\nation\nFermetur\ne \nDiffuseu\nr \nFermeture \nAire\nFermeture \nDiffuseur \nFermeture \nAire\n11 A\n1\n09/03/2026 \n7h00\n11/03/2026 \n10h00\n230+200\n237+470 230+830\n238+300\nBasculement \ndu sens 2 en \nsens 1 type \n1+1/0\n- -\n2 238+200 230+300\nDiffuseur \nde Bierre-\nl\u00e8s-Semur\nDu 09/03 \n12h au \n11/09 10h\nAire de \nRepos de la \nC\u00f4me du \n8/03 au \n15h00 au \n20/03 15h00\n11 B\n1 11/03/2026 \n10h00\n13/03/2026 \n15h00\n230+200\n235+050 230+830\n238+300 Basculement \ndu sens 2 en \nsens 1 type \n1+1/0\n- -\n2 238+200 230+300 -\n3/6 .gouv.fr\nDirection d\u00e9partementale des territoires de la C\u00f4te-d'Or - 21-2026-02-25-00003 - AP interpr\u00e9fectoral RAA 2026-0006 - DDT-USR-APRR\n-travaux reprise de chauss\u00e9es A6 du PR210 au PR235 37\n12 A\n1 16/03/2026 \n7h00\n18/03/2026 \n11h00\n222+700\n232+960 224+120\n233+800 Basculement \ndu sens 2 en \nsens 1 type \n1+1/0\n- -\n2 233+700 223+500 -\n12 B\n1 18/03/2026 \n11h00\n18/03/2026 \n15h00\n222+700\n230+830 224+120\n233+800 Basculement \ndu sens 2 en \nsens 1 type \n1+1/0\n  \n2 233+700 223+500   \n12 C\n1 18/03/2026 \n15h00\n20/03/2026 \n15h00\n222+700\n230+830 224+120\n232+100 Basculement \ndu sens 2 en \nsens 1 type \n1+1/0\n  \n2 232+000 223+500   \n13\n1\n23/03/2026 \n7h00\n27/03/2026 \n15h00\n218+600\n226+500 219+480\n227+300\nBasculement \ndu sens 2 en \nsens 1 type \n1+1/0\n- -\n2 227+200 218+900 -\nAire de \nRepos de \nG\u00e9netoy du \n22/03 15h00 \nau 27/03 \n15h00\n15\n1 07/04/2026 \n7h00\n10/04/2026 \n15h00 208+000\n  \n213+800 Neutralisation \nVG sens 1 et \nsens 2\n -\n2 08/04/2026 \n7h00\n10/04/2026 \n15h00 213+700 207+900 - -\n16\n1 13/04/2026 \n7h00\n17/04/2026 \n10h00\n208+000\n  \n213+800 Neutralisation \nVG sens 1 et \nsens 2\n- -\n2 213+700 207+900 - -\n18\n1 28/04/2026 \n7h00\n30/04/2026 \n17h00 208+000\n  \n211+000 Neutralisation \nVD sens 1 - -\n2      - -\n19\n1 04/05/2026 \n7h00\n06/05/2026 \n15h00 208+000\n  \n211+000 Neutralisation \nVD sens 1 - -\n2      - -\n20\n1 12/05/2026\n8h00\n12/05/2026\n16h00 231+600\n  \n233+600 Neutralisation \nVG sens 1   \n2 12/05/2026\n8h00\n12/05/2026\n16h00 234+100 232+900 Neutralisation \nVG sens 2   \n21 A\n1 18/05/2026 \n4h00\n19/05/2026 \n8h00\n208+000\n209+880 212+410\n216+000 Basculement \ndu sens 1 en \nsens 2 type \n1+1/0\n- -\n2 216+200 209+700 - -\n \nN\u00b0\nSemaine\nSens \nChantier\nDate \nphasage - \nheure \nd\u00e9but \nbalisage - \nfin balisage\nPR Premier \nd\u00e9but \nbalisage\nITPC PR Fin de \nbalisage\nMode \nd'exploit\nation\nFermetur\ne \nDiffuseu\nr \nFermeture \nAire\n21 B\n        \n1\n19/05/2026 \n8h00\n22/05/2026 \n12h00\n208+000\n209+880 215+430\n216+000\nBasculement \ndu sens 1 en \nsens 2 type \n1+1/0\n- -\n2 216+200 209+700 -\nAire de \nservice de \nla \nChaponne \ndu 19/05 \n8h30 au \n22/05 7h30\n22\n1\n26/05/2026 \n4h00 \n29/05/2026 \n15h00\n212+200\n213+350 217+740\n218+200 Basculement \ndu sens 1 en \nsens 2 type \n1+1/0\n- -\n2 218+500 212+100 - -\n23\n1\n01/06/2026 \n4h00 \n05/06/2026 \n15h00\n214+600\n215+430  220+310\n220+800 Basculement \ndu sens 1 en \nsens 2 type \n1+1/0\n- -\n2 221+000 214+500 - -\n4/6 .gouv.fr\nDirection d\u00e9partementale des territoires de la C\u00f4te-d'Or - 21-2026-02-25-00003 - AP interpr\u00e9fectoral RAA 2026-0006 - DDT-USR-APRR\n-travaux reprise de chauss\u00e9es A6 du PR210 au PR235 38\nEn fonction de l'avancement des travaux ou en cas de probl\u00e8mes techniques ou de conditions \nm\u00e9t\u00e9orologiques d\u00e9favorables, le phasage d\u00e9fini pr\u00e9c\u00e9demment pourra \u00eatre modifi\u00e9 sans  \naller au-del\u00e0 du 11 juin 2026. Une information sera transmise aux DDT.\n \nArticle 4 :\nDu lundi 9 mars 12h00 au mercredi 11 mars 10h00 les bretelles d'entr\u00e9e direction Paris et de  \nsortie en provenance de Lyon du diffuseur n\u00b023 de Bierre-l\u00e8s-Semur seront ferm\u00e9es.\nLes d\u00e9viations suivantes seront mises en place :\nSortie en provenance de Lyon     :  \nSuivre la Sortie n\u00b024 (Pouilly-en-Auxois) sur A38 et suivre la D981 puis D906, D980 en direction \nde Semur-En-Auxois\nEntr\u00e9e direction Paris     :\nSuivre D980 direction Avallon, D70, D906, D606 et D646 et emprunter A6 direction Paris au  \ndiffuseur n\u00b022 d'Avallon.\nArticle 5     :  \nDes mesures d'information des usagers seront prises par le canal :\n- de messages sur les Panneaux \u00e0 Messages Variables (PMV) situ\u00e9s en section courante de  \nl'autoroute ;\n- de messages sur Panneaux \u00e0 Message Variable sur Acc\u00e8s (PMVA) situ\u00e9 en entr\u00e9e des gares \nde p\u00e9age ;\n- de messages sur \u00ab Autoroute Info 107 .7 \u00bb ;\n- du service d'information vocale autoroutier ;\n- du site internet www.aprr.fr, et la lettre d'information \"planning+\".\n \n    \nArticle 6 :\nLes directions des Territoires de la C\u00f4te d'Or et de l'Yonne devront \u00eatre averties \u00e0 l'avance de la \nmise en place ou du report et en temps r\u00e9el de la fin des mesures d'exploitation, ainsi qu'en cas \nd'\u00e9v\u00e9nement  entra\u00eenant  une  g\u00eane  importante  \u00e0  la  circulation,  particuli\u00e8rement  en  cas  \nd'application du Plan de Gestion de Trafic, et des mesures prises \u00e0 cet effet.\nArticle 7 :\nLa signalisation des chantiers devra \u00eatre conforme aux prescriptions r\u00e9glementaires, en particulier \n\u00e0 celles de l'Instruction Interminist\u00e9rielle sur la Signalisation Routi\u00e8re (8\u00e8me partie - Signalisation \nTemporaire) ainsi qu'aux guides techniques du CEREMA subs\u00e9quents :\n- Routes \u00e0 chauss\u00e9es s\u00e9par\u00e9es \u2013 Manuel du Chef de Chantier ;\n- Choix d'un mode d'exploitation.\nLa mise en place et le maintien de la signalisation temporaire de ces chantiers seront assur\u00e9s  \nsous le contr\u00f4le et la responsabilit\u00e9 des services d'APRR.\n \nArticle 8     :  \n- La secr\u00e9taire g\u00e9n\u00e9rale de la pr\u00e9fecture de l'Yonne ;\n- La Directrice de Cabinet du pr\u00e9fet de la C\u00f4te-d'Or\n- Le  Commandant  de  la  R\u00e9gion  de  Gendarmerie  de  Bourgogne-Franche-Comt\u00e9  et  des  \nGroupements de C\u00f4te-d'Or et de l'Yonne ; \n- Le Directeur d'exploitation d'APRR ; \n5/6 .gouv.fr\nDirection d\u00e9partementale des territoires de la C\u00f4te-d'Or - 21-2026-02-25-00003 - AP interpr\u00e9fectoral RAA 2026-0006 - DDT-USR-APRR\n-travaux reprise de chauss\u00e9es A6 du PR210 au PR235 39\nSont charg\u00e9s, chacun en ce qui le concerne, de l'ex\u00e9cution du pr\u00e9sent arr\u00eat\u00e9, qui sera publi\u00e9  \nau Recueil des Actes Administratifs de la Pr\u00e9fecture de l'Yonne et de la C\u00f4te d'Or, et dont la  \ncopie sera adress\u00e9e pour information \u00e0 :\nMM.  la directrice d\u00e9partementale des territoires de l'Yonne, la directrice d\u00e9partementale des \nterritoires  de  la  C\u00f4te  d'Or,  la  directrice  interd\u00e9partementale  des  routes  Centre-Est,  le  \npr\u00e9sident du conseil d\u00e9partemental de l'Yonne, le pr\u00e9sident du conseil d\u00e9partemental de la  \nC\u00f4te d'Or, le directeur d\u00e9partemental des services d'incendie et de secours de l'Yonne et le  \ndirecteur d\u00e9partemental des services d'incendie et de secours de la C\u00f4te d'Or, le chef du  \nSAMU de l'Yonne, le directeur de la gestion du r\u00e9seau autoroutier (DGITM).\nFait \u00e0 Dijon, le 25 f\u00e9vrier 2026\n \nFait \u00e0 Auxerre, le 25 f\u00e9vrier 2026\nLe pr\u00e9fet de la C\u00f4te-d'Or, \nPour le pr\u00e9fet et par d\u00e9l\u00e9gation, \nLa directrice d\u00e9partementale des \nterritoires\nLe pr\u00e9fet de l'Yonne, \nPour le pr\u00e9fet et par d\u00e9l\u00e9gation, \nLa directrice d\u00e9partementale des \nterritoires et par subd\u00e9l\u00e9gation \nLa cheffe du SHBS\nSign\u00e9 Sign\u00e9\nManuelle DUPUY Catherine SENET\nLe\u00a0pr\u00e9sent\u00a0arr\u00eat\u00e9\u00a0peut\u00a0\u00eatre\u00a0contest\u00e9\u00a0dans\u00a0un\u00a0d\u00e9lai\u00a0de\u00a0deux\u00a0mois\u00a0\u00e0\u00a0compter\u00a0de\u00a0sa\u00a0notification\u00a0ou\u00a0de\u00a0sa \u00a0\npublication\u00a0:\n\u2013\u00a0soit\u00a0par\u00a0un\u00a0recours\u00a0gracieux\u00a0aupr\u00e8s\u00a0de\u00a0l'auteur\u00a0de\u00a0la\u00a0d\u00e9cision\u00a0et/ou\u00a0un\u00a0recours\u00a0hi\u00e9rarchique\u00a0aupr\u00e8s\u00a0du \u00a0\nministre\u00a0charg\u00e9\u00a0des\u00a0transports.\u00a0L'absence\u00a0de\u00a0r\u00e9ponse\u00a0dans\u00a0un\u00a0d\u00e9lai\u00a0de\u00a0deux\u00a0mois\u00a0fait\u00a0na\u00eetre\u00a0une \u00a0\nd\u00e9cision\u00a0implicite\u00a0de\u00a0rejet\u00a0qui\u00a0peut\u00a0elle-m\u00eame\u00a0\u00eatre\u00a0d\u00e9f\u00e9r\u00e9e\u00a0au\u00a0tribunal\u00a0administratif\u00a0territorialement \u00a0\ncomp\u00e9tent\u00a0 dans \u00a0 les \u00a0 deux \u00a0 mois \u00a0 suivant \u00a0 son \u00a0 intervention. \u00a0 Il \u00a0 en \u00a0 est \u00a0 de \u00a0 m\u00eame \u00a0 en \u00a0 cas \u00a0 de \u00a0 d\u00e9cision \u00a0\nexplicite\u00a0\u00e0\u00a0compter\u00a0de\u00a0sa\u00a0notification\n\u2013\u00a0soit \u00a0 par \u00a0 un \u00a0 recours\u00a0 contentieux\u00a0 devant \u00a0 le \u00a0 tribunal \u00a0 administratif\u00a0 territorialement\u00a0 comp\u00e9tent. \u00a0Les\u00a0\nparticuliers\u00a0et\u00a0les\u00a0personnes\u00a0morales\u00a0de\u00a0droit\u00a0priv\u00e9\u00a0peuvent\u00a0d\u00e9poser\u00a0leur\u00a0recours\u00a0aupr\u00e8s\u00a0du\u00a0tribunal \u00a0\nadministratif\u00a0via\u00a0l'application\u00a0T\u00e9l\u00e9recours\u00a0Citoyens\u00a0accessible\u00a0par\u00a0le\u00a0site\u00a0internet\u00a0\u00a0www.telerecours.fr\u00a0.\n6/6 .gouv.fr\nDirection d\u00e9partementale des territoires de la C\u00f4te-d'Or - 21-2026-02-25-00003 - AP interpr\u00e9fectoral RAA 2026-0006 - DDT-USR-APRR\n-travaux reprise de chauss\u00e9es A6 du PR210 au PR235 40\nMaison d'arr\u00eat de Dijon\n21-2026-02-27-00004\nD\u00e9l\u00e9gation de signature MA DIJON\nMaison d'arr\u00eat de Dijon - 21-2026-02-27-00004 - D\u00e9l\u00e9gation de signature MA DIJON 41\nE = DirectionMINIST\u00c8REDE LA JUSTICELibert\u00e9\u00c9galit\u00e9Fraternit\u00e9\nde l'administration p\u00e9nitentiaire\nDirection interr\u00e9gionale des services p\u00e9nitentiaires de DIJONMaison d'Arr\u00e9t de DIJON\nA DijonLe 27 f\u00e9vrier 2026Arr\u00eat\u00e9 portant d\u00e9l\u00e9gation de signature\nVu le code p\u00e9nitentiaire notamment ses articles R. 113-66 et R. 234-1;Vu le code dejustice p\u00e9nale des mineurs et notamment l'article R124-4-1 ;Vu l'arr\u00eat\u00e9 du ministre de la justice en date du 26 juin 2025 nommant Madame Ingrid DELABARRE enqualit\u00e9 de cheffe d'\u00e9tablissement de la Maison d'arr\u00e9t de DIJON.Madame Ingrid DELABARRE, cheffe d'\u00e9tablissement de la Maison d'arr\u00eat de DIJON\nARRETE :D\u00e9l\u00e9gation permanente de signature est donn\u00e9e \u00e0 Madame Myriame GRIMAUD, Capitaine \u00e0 la Maisond'Arr\u00eat de DIJON aux fins designer tout arr\u00eat\u00e9, d\u00e9cision, acte, document, correspondance serapportant \u00e0 l'exercice des attributions suivantes :- Elaborer le parcours d'ex\u00e9cution de la peine sur le fondement de l'article L. 211-5 du codep\u00e9nitentiaire- D\u00e9finir des modalit\u00e9s de prise en charge individualis\u00e9es et prendre les d\u00e9cisions de placementdans des r\u00e9gimes de d\u00e9tention diff\u00e9renci\u00e9s sur le fondement de l'article L. 211-4 et D. 211-36du code p\u00e9nitentiaire- D\u00e9signer et convoquer les membres de la CPU sur le fondement de l'article D. 211-34 du codep\u00e9nitentiaire- Prendre les mesures d'affectation des personnes d\u00e9tenues en cellule (y compris CProU) sur lefondement de l'article R. 113-66 du code p\u00e9nitentiaire- D\u00e9signer les personnes d\u00e9tenues \u00e0 placer ensemble en cellule sur le fondement de l'article D.213-1 du code p\u00e9nitentiaire- Suspendre l'encellulement individuel d'une personne d\u00e9tenue sur le fondement de l'article D.213-2 du code p\u00e9nitentiaire\n1 \n \n \n \n \n \n \n \n \n \n  \n \n \n \n \n \n \n \nMaison d'arr\u00eat de Dijon - 21-2026-02-27-00004 - D\u00e9l\u00e9gation de signature MA DIJON 42\nAffecter des personnes d\u00e9tenues malades dans des cellules situ\u00e9es \u00e0 proximit\u00e9 de l'unit\u00e9sanitaire sur le fondement de l'article D. 115-5 du code p\u00e9nitentiaireDoter une personne d\u00e9tenue d'une DPU (dotation de premi\u00e8re urgence) sur le fondement del'article R. 332-44 du code p\u00e9nitentiaireD\u00e9cider et donner audience en cas de recours gracieux requ\u00eates ou plaintes des personnesd\u00e9tenues sur le fondement de l'article R. 314-1 du code p\u00e9nitentiaireAutoriser les personnels masculins \u00e0 acc\u00e9der au quartier des femmes sur le fondement del'article D. 211-2 du code p\u00e9nitentiaireDonner tous renseignements et avis n\u00e9cessaires au chef d'escorte lorsque la personne d\u00e9tenueest consid\u00e9r\u00e9e comme dangereuse ou devant \u00eatre particuli\u00e8rement surveill\u00e9e sur lefondement de l'article D. 215-5 du code p\u00e9nitentiaireProposer des membres du personnel de surveillance assurant les escortes qui seront inscritssur une liste dress\u00e9e par le service central des transf\u00e8rements, constituer l'escorte despersonnes d\u00e9tenues faisant l'objet d'un transfert administratif en d\u00e9signant nomm\u00e9ment ceuxdes agents figurant sur la liste pr\u00e9cit\u00e9e sur le fondement de l'article D. 215-17 du codep\u00e9nitentiaireRetirer \u00e0 une personne d\u00e9tenue objets, substances, outils dangereux lui appartenant etpouvant permettre un suicide, une agression ou une \u00e9vasion sur le fondement de l'article R.113-66 et R. 221-4 du code p\u00e9nitentiaireRetirer \u00e0 Une personne d\u00e9tenue objets et v\u00eatements lui appartenant pour des raisons des\u00e9curit\u00e9 sur le fondement de l'article R. 113-66 et R. 332-44 du code p\u00e9nitentiaireD\u00e9cider que la personne d\u00e9tenue ne porte pas les v\u00eatements qu'elle poss\u00e8de pour des raisonsd'ordre, de s\u00e9curit\u00e9 ou de propret\u00e9 sur le fondement de l'article R. 332-35 du codep\u00e9nitentiaireRetirer \u00e0 une personne d\u00e9tenue mat\u00e9riels et appareillages m\u00e9dicaux pour des raisons d'ordreet de s\u00e9curit\u00e9 sur le fondement de l'article R. 113-66 et R. 322-11 du code p\u00e9nitentiaireRetenir un \u00e9quipement informatique appartenant \u00e0 une personne d\u00e9tenue sur le fondementde l'article R. 332-41 du code p\u00e9nitentiaireInterdire \u00e0 une personne d\u00e9tenue de participer aux activit\u00e9s physiques et sportives pour desraisons d'ordre et de s\u00e9curit\u00e9 sur le fondement de l'article R. 414-7 du code p\u00e9nitentiaireD\u00e9cider de proc\u00e9der \u00e0 la fouille des personnes d\u00e9tenues sur le fondement de l'article R. 113-66 et R. 225-1 du code p\u00e9nitentiaireD\u00e9cider de soumettre la personne d\u00e9tenue au port de moyens de contrainte sur le fondementde l'article R. 113-66 et R. 226-1 du code p\u00e9nitentiaireD\u00e9cider de soumettre la personne d\u00e9tenue au port de menottes ou \u00e0 des entraves \u00e0 l'occasiond'un transfert ou d'une extraction sur le fondement de l'article R. 113-66 et R. 226-1 du codep\u00e9nitentiaireElaborer le tableau de roulement des assesseurs ext\u00e9rieurs sur le fondement de l'article R. 234-8 du code p\u00e9nitentiairePlacer un d\u00e9tenu \u00e0 titre pr\u00e9ventif en cellule disciplinaire ou en confinement en celluleindividuelle ordinaire sur le fondement de l'article R. 234-19 du code p\u00e9nitentiaireSuspendre \u00e0 titre pr\u00e9ventif l'activit\u00e9 professionnelle des d\u00e9tenus sur le fondement de l'articleR. 234-23 du code p\u00e9nitentiaireEngager des poursuites disciplinaires sur le fondement de l'article R. 234-14 du codep\u00e9nitentiaire\n2 \n \n \n \n \n \n \n \n \n \n \n \n \n \n \n \n \n \n \n \n \n \n \nMaison d'arr\u00eat de Dijon - 21-2026-02-27-00004 - D\u00e9l\u00e9gation de signature MA DIJON 43\nD\u00e9signer un interpr\u00e9te-pour les personnes d\u00e9tenues qui ne comprennent pas ou ne parlentpas la langue fran\u00e7aise sur le fondement de l'article R. 234-26 du code p\u00e9nitentiaireD\u00e9signer les membres assesseurs de la commission de discipline sur le fondement de l'articleR. 234-6 du code p\u00e9nitentiairePlacer provisoirement \u00e0 l'isolement une personne d\u00e9tenue en cas d'urgence sur le fondementde l'article R. 213-22 du code p\u00e9nitentiaireD\u00e9signer un interpr\u00e8te-pour les personnes d\u00e9tenues qui ne comprennent pas ou ne parlentpas la langue fran\u00e7aise sur le fondement de l'article R. 213-21 du code p\u00e9nitentiaireR\u00e9diger un rapport motiv\u00e9 accompagnant la proposition de prolongation de la mesured'isolement sur le fondement de l'article R. 213-24, R. 213-25 et R. 213-27 du code p\u00e9nitentiaireD\u00e9terminer les jours, horaires et lieux de tenue des offices religieux sur le fondement del'article R. 352-7 du code p\u00e9nitentiaireD\u00e9signer un local permettant les entretiens avec l'aum\u00e9nier des personnes d\u00e9tenuessanctionn\u00e9es de cellule disciplinaire sur le fondement de l'article R. 352-8 du codep\u00e9nitentiaireAutoriser une personne d\u00e9tenue \u00e0 recevoir et conserver les objets de pratique religieuse et leslivres n\u00e9cessaires \u00e0 la vie spirituelle sur le fondement de l'article R. 352-9 du code p\u00e9nitentiaireAutoriser, refuser, suspendre, retirer l'acc\u00e8s aux dispositifs de t\u00e9l\u00e9phonie d'une personned\u00e9tenue condamn\u00e9e sur le fondement de l'article R. 345-14 du code p\u00e9nitentiaireDonner l'autorisation de recevoir des cours par correspondance autres que ceux organis\u00e9s parl'\u00e9ducation nationale dans le cadre de la formation professionnelle sur le fondement del'article R. 413-6 du code p\u00e9nitentiaireDonner l'autorisation de recevoir des cours par correspondance autres que ceux organis\u00e9s parl'\u00e9ducation nationale dans le cadre de l'enseignement sur le fondement de l'article R. 413-2 ducode p\u00e9nitentiaireSuspendre l'affectation de la personne d\u00e9tenue sur son poste de travail (tant au serviceg\u00e9n\u00e9ral qu'en production) sur le fondement de l'article L. 412-8 et R. 412-15 du codep\u00e9nitentiaireStatuer sur la demande de la personne d\u00e9tenue souhaitant suspendre son affectation sur sonposte de travail et d\u00e9cider, le cas \u00e9ch\u00e9ant, d'un refus de suspension (tant au service g\u00e9n\u00e9ralqu'en production) sur le fondement de l'article L. 412-8 et R. 412-14 du code p\u00e9nitentiaireMettre fin \u00e0 l'affectation de la personne d\u00e9tenue sur son poste de travail en cas de cessationde l'activit\u00e9 de production sur le fondement de l'article R. 412-17 du code p\u00e9nitentiaireSuspendre le contrat d'emploi p\u00e9nitentiaire d'une personne d\u00e9tenue lorsque le donneurd'ordre est l'administration p\u00e9nitentiaire (service g\u00e9n\u00e9ral) sur le fondement de l'article L. 412-15 et R. 412-33 du code p\u00e9nitentiaireOrganiser les mouvements pour assurer la pr\u00e9sence de la personne d\u00e9tenue au travail ainsi quela surveillance et la s\u00e9curit\u00e9 sur les lieux de travail pour les activit\u00e9s en production sur lefondement de l'article R. 412-27 du code p\u00e9nitentiairePlacer en cellule la nuit, \u00e0 titre exceptionnel, un mineur d\u00e9tenu avec un autre mineur d\u00e9tenude son \u00e2ge, soit pour motif m\u00e9dical, soit en raison de sa personnalit\u00e9 sur le fondement del'article R. 124-2 du code de la justice p\u00e9nale des mineursProposer, \u00e0 titre exceptionnel, une activit\u00e9 de travail \u00e0 un mineur d\u00e9tenu \u00e2g\u00e9 de 16 ans et plussur le fondement de l'article 9 al. 1 de l'annexe \u00e0 l'article R. 124-3 du code de la justice p\u00e9naledes mineurs\n3 \n \n \n \n \n \n \n \n \n \n \n \n \n \n \n \n \n \n \n \nMaison d'arr\u00eat de Dijon - 21-2026-02-27-00004 - D\u00e9l\u00e9gation de signature MA DIJON 44\n- Autoriser, a titre exceptionnel, la participation d'un mineur d\u00e9tenu \u00e2g\u00e9 de 16 ans et plus auxactivit\u00e9s organis\u00e9es dans l'\u00e9tablissement p\u00e9nitentiaire avec des personnes d\u00e9tenues majeures,si l'int\u00e9r\u00eat du mineur le justifie sur le fondement de l'article 9 al. 2 de l'annexe \u00e0 l'article R. 124-3 du code de la justice p\u00e9nale des mineurs- Prendre toute d\u00e9cision relative aux modalit\u00e9s de prise en charge d'un mineur, apr\u00e8sconsultation des services de la PJ] sur le fondement de l'article 10 al. 1 de l'annexe \u00e0 l'article R.124-3 du code de la justice p\u00e9nale des mineurs- D\u00e9cider de prendre, de renouveler, de refuser ou de lever une mesure de protectionindividuelle sur le fondement de l'article 13 de l'annexe \u00e0 l'article R. 124-3 du code de la justicep\u00e9nale des mineurs\nLe pr\u00e9sent arr\u00eat\u00e9 est publi\u00e9 au recueil des actes administratifs du d\u00e9partement dans lequell'\u00e9tablissement a son si\u00e8ge et affich\u00e9 au sein de l'\u00e9tablissement p\u00e9nitentiaire.\nLa cheffe d'\u00e9tablissement,Sign\u00e9Ingrid DELABARRE\n4 \n \n \n \n \nMaison d'arr\u00eat de Dijon - 21-2026-02-27-00004 - D\u00e9l\u00e9gation de signature MA DIJON 45\nPr\u00e9fecture de la C\u00f4te-d'Or\n21-2026-03-03-00007\nArr\u00eat\u00e9 Inter-pr\u00e9fectoral n\u00b0 2026-58-DDT portant\nprolongation de l'arr\u00eat\u00e9 inter-pr\u00e9fectoral n\u00b0\n2015-1101-DDT autorisant les travaux \u00e0 r\u00e9aliser\ndans le cadre du plan de gestion pluriannuel des\nop\u00e9rations de dragage d'entretien sur le canal du\nCentre.\nPr\u00e9fecture de la C\u00f4te-d'Or - 21-2026-03-03-00007 - Arr\u00eat\u00e9 Inter-pr\u00e9fectoral n\u00b0 2026-58-DDT portant prolongation de l'arr\u00eat\u00e9\ninter-pr\u00e9fectoral n\u00b0 2015-1101-DDT autorisant les travaux \u00e0 r\u00e9aliser dans le cadre du plan de gestion pluriannuel des op\u00e9rations de\ndragage d'entretien sur le canal du Centre.\n46\nPREFET PREFETDE SAONE-ET-LOIRE DE LA COTE-D'ORLibert\u00e9 Libert\u00e9Egalit\u00e9 Eoalit\u00e9Fraternit\u00e9 \"had ssFraternit\u00e9\nLe pr\u00e9fet de Sa\u00f4ne-et-Loire, Le pr\u00e9fet de la C\u00f4te-d'Or,Chevalier de la L\u00e9gion d'honneur Chevalier de la L\u00e9gion d'honneurChevalier de l'ordre national du M\u00e9rite Chevalier de l'ordre national du M\u00e9rite\nARR\u00caT\u00c9 INTER-PREFECTORAL n\u00b0 2026-58 DDT du 3 mars 2026portant prolongation de l'arr\u00eat\u00e9 inter-pr\u00e9fectoral n\u00b02015-1101-DDT autorisant les travaux \u00e0r\u00e9aliser dans le cadre du plan de gestion pluriannuel des op\u00e9rations de dragaged'entretien sur le canal du CentreVu le code de l'environnement et en particulier l'article R181-49,Vu le d\u00e9cret n\u00b0 2004 - 374 du 29 avril 2004, modifi\u00e9 par le d\u00e9cret n\u00b02010-146 du 16 f\u00e9vrier2010, relatif aux pouvoirs des pr\u00e9fets \u00e0 l'organisation et \u00e0 l'action des services de l'\u00c9tatdans les r\u00e9gions et d\u00e9partements,Vu le d\u00e9cret n\u00b0 2005 - 636 du 30 mai 2005 relatif \u00e0 l'organisation de l'administration dansle domaine de l'eau et aux missions du pr\u00e9fet coordonnateur de bassin,Vu le d\u00e9cret du 10 octobre 2024 portant nomination du pr\u00e9fet de la r\u00e9gion Bourgogne -Franche-Comt\u00e9, pr\u00e9fet de la C\u00f4te-d'Or - M. MOURIER (Paul),Vu le d\u00e9cret du 23 juillet 2025 portant nomination du pr\u00e9fet de Sa\u00f4ne-et-Loire - M.DUFOUR (Dominique),Vu l'arr\u00eat\u00e9 minist\u00e9riel du 30 mai 2008 fixant les prescriptions g\u00e9n\u00e9rales applicables auxop\u00e9rations d'entretien des cours d'eau ou canaux soumis \u00e0 autorisation ou d\u00e9claration enapplication des articles L.214-1 \u00e0 6 du code de l'environnement et relevant de la rubrique3.21.0 de la nomenclature annex\u00e9e au tableau de l'article R.214-1 du code del'environnement,Vu l'arr\u00eat\u00e9 minist\u00e9riel du 9 ao\u00fbt 2006 relatif aux niveaux a prendre en compte lors d'uneanalyse de rejets dans les eaux de surface ou de s\u00e9diments marins, estuariens ou extraitsde cours d'eau ou canaux relevant respectivement des rubriques 2.2.3.0, 4.1.3.0 et 3.21.0 dela nomenclature annex\u00e9e au d\u00e9cret n\u00b0 93-743,Vu l'arr\u00eat\u00e9 du 30 septembre 2014 fixant les prescriptions techniques g\u00e9n\u00e9rales applicablesaux installations, ouvrages, travaux et activit\u00e9s soumis \u00e0 autorisation ou \u00e0 d\u00e9claration enapplication des articles L.214-1 \u00e0 L.214-3 du code de l'environnement et relevant de larubrique 31.5.0 de la nomenclature annex\u00e9e \u00e0 l'article R.214-1 du code de l'environnement,Vu l'arr\u00eat\u00e9 du 21 mars 2022 portant approbation du sch\u00e9ma directeur d'am\u00e9nagement etde gestion des eaux (SDAGE) du bassin Rh\u00f4ne-M\u00e9diterran\u00e9e ainsi que son programmepluriannuel,Vu l'arr\u00eat\u00e9 du 18 mars 2022 portant approbation du sch\u00e9ma directeur d'am\u00e9nagement etde gestion des eaux (SDAGE) du bassin Loire-Bretagne ainsi que son programmepluriannuel,Vu l'arr\u00eat\u00e9 pr\u00e9fectoral n\u00b0 2013053-0002 du 22 f\u00e9vrier 2013 portant r\u00e9partition decomp\u00e9tences en mati\u00e8re de polices de l'eau et de la p\u00eache dans le d\u00e9partement deSa\u00f4ne-et-Loire,\n37 boulevard Henri Dunant - CS 8014071040 MACON CedexT\u00e9l : 03 85 21 28 00\nPr\u00e9fecture de la C\u00f4te-d'Or - 21-2026-03-03-00007 - Arr\u00eat\u00e9 Inter-pr\u00e9fectoral n\u00b0 2026-58-DDT portant prolongation de l'arr\u00eat\u00e9\ninter-pr\u00e9fectoral n\u00b0 2015-1101-DDT autorisant les travaux \u00e0 r\u00e9aliser dans le cadre du plan de gestion pluriannuel des op\u00e9rations de\ndragage d'entretien sur le canal du Centre.\n47\nVu l'arr\u00eat\u00e9 inter-pr\u00e9fectoral n\u00b0 2015-1101-DDT du 28 d\u00e9cembre 2015 portant autorisation autitre de l'article L.214-3 du code de l'environnement des travaux \u00e0 r\u00e9aliser dans le cadre duplan de gestion pluriannuel des op\u00e9rations de dragage d'entretien sur le canal du Centre,Vu le dossier de demande de prolongation du plan de gestion pluriannuel des op\u00e9rationsde dragage (PGPOD) du canal du centre dans les d\u00e9partements de Sa\u00f4ne-et-Loire et de laC\u00f4te-d'Or, pr\u00e9sent\u00e9 par le directeur territorial Centre Bourgogne de Voies Navigables deFrance (VNF) d\u00e9pos\u00e9 au guichet unique de la police de l'eau et enregistr\u00e9 le 18 ao\u00fbt 2025,\nConsid\u00e9rant que les op\u00e9rations de dragage sont n\u00e9cessaires pour maintenir le gabarit duchenal de navigation requis pour permettre la navigation sur le canal du centre dans desconditions satisfaisantes,Consid\u00e9rant que, conform\u00e9ment aux exigences fix\u00e9es par l'article R181-49 du code del'environnement, le dossier de demande de renouvellement susvis\u00e9 pr\u00e9sente notammentles analyses, mesures et contr\u00f4les effectu\u00e9s, les effets constat\u00e9s sur le milieu et lesincidences survenus,Consid\u00e9rant que la demande d\u00e9pos\u00e9e ne pr\u00e9voit pas de modification substantielle destravaux par rapport au dossier initial,Consid\u00e9rant que VNF (direction Centre-Bourgogne) a engag\u00e9 l'\u00e9laboration de son plan degestion pluriannuelle des op\u00e9rations de dragages (PGPOD) pour le canal du Centre, maisque cette d\u00e9marche n'est pas achev\u00e9e,Consid\u00e9rant que VNF (direction Centre-Bourgogne) n'a pas mis en \u0153uvre toutes lesop\u00e9rations de dragages pr\u00e9vues dans son PGPOD dont la mise en \u0153uvre a \u00e9t\u00e9 autoris\u00e9epar l'arr\u00eat\u00e9 inter-pr\u00e9fectoral n\u00b0 2015-1101-DDT du 28 d\u00e9cembre 2015 susvis\u00e9,Consid\u00e9rant de fait la n\u00e9cessit\u00e9 de prolonger l'arr\u00eat\u00e9 d'autorisation initial conform\u00e9ment \u00e0l'article R181-49 du code de l'environnement,Sur proposition de M. le Directeur d\u00e9partemental des territoires de Sa\u00f4ne-et-Loire et deMme la Directrice d\u00e9partementale des territoires de C\u00f4te-d'Or ;\nARR\u00caTENT\nArticle 1: prolongation de la dur\u00e9e de validit\u00e9La dur\u00e9e de validit\u00e9 de l'autorisation accord\u00e9e par l'arr\u00eat\u00e9 inter-pr\u00e9fectoral n\u00b02015-1101-DDT du 28 d\u00e9cembre 2015 portant autorisation au titre de l'article L.214-3 du code del'environnement des travaux \u00e0 r\u00e9aliser dans le cadre du plan de gestion pluriannuel desop\u00e9rations de dragage d'entretien sur le canal du Centre, initialement de 10 ans, estprolong\u00e9e pour une dur\u00e9e de 2 ans, soit jusqu'au 31 d\u00e9cembre 2027.\n2/3\nPr\u00e9fecture de la C\u00f4te-d'Or - 21-2026-03-03-00007 - Arr\u00eat\u00e9 Inter-pr\u00e9fectoral n\u00b0 2026-58-DDT portant prolongation de l'arr\u00eat\u00e9\ninter-pr\u00e9fectoral n\u00b0 2015-1101-DDT autorisant les travaux \u00e0 r\u00e9aliser dans le cadre du plan de gestion pluriannuel des op\u00e9rations de\ndragage d'entretien sur le canal du Centre.\n48\nArticle 2: publication et information des tiersEn application de l'article R181-44 du code de l'environnement :une copie de la pr\u00e9sente autorisation est d\u00e9pos\u00e9e en mairie des communes deBlanzy, Chagny, Chalon-sur-Sa\u00f4ne, Champforgueil, Chassey-le-Camp, Cheilly-les-Maranges, Ciry-le-Noble, Crissey, Dennevy, Digoin, Ecuisses, Fontaines, Fragnes-,G\u00e9nelard, Hautefond, La Loy\u00e9re, Montceau-les-Mines, Montchanin, Morey, Palinges,Paray-le-Monial, Pouilloux, Remigny, Rully, Saint-Aubin-en-Charollais, Saint-B\u00e9rain-sur-Dheune, Saint-Eus\u00e9be, Saint-Gilles, Saint-Julien-sur-Dheune, Saint-Laurent-d''Andenay, Saint-L\u00e9ger-sur-Dheune, Saint-Vallier, Vitry-en-Charollais, Volesvres (71)et Santenay (21), et peut y \u00eatre consult\u00e9e,un extrait de la pr\u00e9sente autorisation est affich\u00e9 dans les mairies des communespr\u00e9c\u00e9demment cit\u00e9es pendant une dur\u00e9e minimale d'un mois. Un proc\u00e8s verbal del'accomplissement de cette formalit\u00e9 est dress\u00e9 par les soins du maire,la pr\u00e9sente autorisation est publi\u00e9e sur le site Internet des services de l'\u00c9tat deSa\u00f4ne-et-Loire et de C\u00f4te-d'Or pendant une dur\u00e9e minimale de quatre mois.\nArticle 3: ex\u00e9cutionLe secr\u00e9taire g\u00e9n\u00e9ral de la pr\u00e9fecture de C\u00f4te-d'Or, la secr\u00e9taire g\u00e9n\u00e9rale de la pr\u00e9fecture deSa\u00f4ne-et-Loire, le directeur d\u00e9partemental des territoires de C\u00f4te-d'Or, le directeurd\u00e9partemental des territoires de Sa\u00f4ne-et-Loire, les maires des communes du p\u00e9rim\u00e8trede l'autorisation, sont charg\u00e9s, chacun en ce qui le concerne, d'assurer l'ex\u00e9cution dupr\u00e9sent arr\u00eat\u00e9.\nFait \u00e0 M\u00e2con, Fait \u00e0 Dijon,\nLe Pr\u00e9fet de Sa\u00f4ne-et-Loire Le Pr\u00e9fet de la C\u00f4te-d'OrSign\u00e9 Sign\u00e9Dominique DUFOUR Paul MOURIER\nVoies de recours : Le pr\u00e9sent arr\u00eat\u00e9 peut faire l'objet d'un recours devant le tribunal administratif deDijon dans un d\u00e9lai de deux (2) mois en ce qui concerne le p\u00e9titionnaire et de deux (2) mois pour lestiers.Dans le m\u00eame d\u00e9lai de deux mois, le p\u00e9titionnaire peut pr\u00e9senter un recours gracieux. Le silence gard\u00e9par l'administration pendant plus de deux mois sur la demande de recours gracieux emporte d\u00e9cisionimplicite de rejet de cette demande conform\u00e9ment aux dispositions de l'article R. 421-2 du code dejustice administrative.Le tribunal administratif peut \u00eatre saisi d'une requ\u00eate d\u00e9pos\u00e9e sur le site www.telerecours.fr3/3\n\u2022\n\u2022\n\u2022\nPr\u00e9fecture de la C\u00f4te-d'Or - 21-2026-03-03-00007 - Arr\u00eat\u00e9 Inter-pr\u00e9fectoral n\u00b0 2026-58-DDT portant prolongation de l'arr\u00eat\u00e9\ninter-pr\u00e9fectoral n\u00b0 2015-1101-DDT autorisant les travaux \u00e0 r\u00e9aliser dans le cadre du plan de gestion pluriannuel des op\u00e9rations de\ndragage d'entretien sur le canal du Centre.\n49\nPr\u00e9fecture de la C\u00f4te-d'Or\n21-2026-02-23-00018\nArr\u00eat\u00e9 pr\u00e9fectoral portant dissolution de\nl'association syndicale autoris\u00e9e de Lianne de\nPerrigny-sur-l'Ognon\nPr\u00e9fecture de la C\u00f4te-d'Or - 21-2026-02-23-00018 - Arr\u00eat\u00e9 pr\u00e9fectoral portant dissolution de l'association syndicale autoris\u00e9e de\nLianne de Perrigny-sur-l'Ognon 50\nExPREFETDE LACOTE-D'ORLibert\u00e9Egalit\u00e9Fraternit\u00e9\nDIRECTION DES COLLECTIVIT\u00c9S LOCALES ET DES \u00c9LECTIONS\nBUREAU DES COLLECTIVIT\u00c9S LOCALES\nP\u00f4le conseil et contr\u00f4le de l\u00e9galit\u00e9\n                \nAffaire suivie par\u00a0: Mme LAUWERIER\nT\u00e9l\u00a0: 03 80 44 66 73\nm\u00e9l\u00a0: pref-bali@cote-dor.gouv.fr\nArr\u00eat\u00e9 pr\u00e9fectoral portant dissolution de l'association syndicale autoris\u00e9e de Lianne de  \nPerrigny-sur-l'Ognon\nLe pr\u00e9fet de la r\u00e9gion Bourgogne-Franche-Comt\u00e9 \nPr\u00e9fet de la C\u00f4te-d'Or\nVU l'ordonnance n\u00b02004-632 du 1er\n juillet 2004 relative aux associations syndicales de propri\u00e9taires\u00a0;\nVU l'arr\u00eat\u00e9 pr\u00e9fectoral du 29 septembre 1955 portant conversion en association syndicale autoris\u00e9e de \nl'association syndicale libre des propri\u00e9taires de Lianne de Perrigny-sur-l'Ognon\u00a0;\nVU la d\u00e9lib\u00e9ration n\u00b09 prise le 23 janvier 2026 par l'association fonci\u00e8re de remembrement de Perrigny-\nsur-l'Ognon\u00a0;\nCONSID\u00c9RANT que l'activit\u00e9 de l' association syndicale autoris\u00e9e de Lianne de Perrigny-sur-l'Ognon a  \n\u00e9t\u00e9 reprise par l'association fonci\u00e8re de remembrement Perrigny-sur-l'Ognon\u00a0;\nCONSIDERANT que les conditions requises par les textes sont remplies.\nSUR proposition de Monsieur le secr\u00e9taire g\u00e9n\u00e9ral de la pr\u00e9fecture de la C\u00f4te-d'Or.\nARR\u00caTE\nArticle 1er  : La dissolution de l'association syndicale autoris\u00e9e de Lianne de Perrigny-sur-l'Ognon est  \nprononc\u00e9e le 1er mars 2026.\nArticle 2  : Les biens de l'association syndicale autoris\u00e9e de Lianne de Perrigny-sur-l'Ognon (chemins  \nd'exploitation, foss\u00e9s et autres propri\u00e9t\u00e9s) sont incorpor\u00e9s dans le patrimoine priv\u00e9 de l'association  \nfonci\u00e8re de remembrement Perrigny-sur-l'Ognon.\nPr\u00e9fecture de la C\u00f4te-d'Or - 53 rue de la Pr\u00e9fecture -  21041 DIJON cedex\nM\u00e8l : pref-bali@cote-dor.gouv.fr\nSite internet  http://www.cote-dor.gouv.fr\nPr\u00e9fecture de la C\u00f4te-d'Or - 21-2026-02-23-00018 - Arr\u00eat\u00e9 pr\u00e9fectoral portant dissolution de l'association syndicale autoris\u00e9e de\nLianne de Perrigny-sur-l'Ognon 51\nArticle 3\u00a0: l'actif et le passif de l'association syndicale autoris\u00e9e de Lianne de Perrigny-sur-l'Ognon sont  \n\u00e9galement repris par l'association fonci\u00e8re de remembrement Perrigny-sur-l'Ognon.\nArticle 4  : Le pr\u00e9sent arr\u00eat\u00e9 sera affich\u00e9 dans la commune de Perrigny sur l'Ognon dans un d\u00e9lai de  \nquinze jours \u00e0 compter de la date de publication de l'arr\u00eat\u00e9. \nArticle 5 : Le pr\u00e9sent arr\u00eat\u00e9 sera publi\u00e9 au recueil des actes administratifs de la pr\u00e9fecture de la C\u00f4te  \nd'Or. \nArticle 6  : Le pr\u00e9sent arr\u00eat\u00e9 peut faire l'objet d'un recours pour exc\u00e8s de pouvoir devant le tribunal  \nadministratif de Dijon, dans le d\u00e9lai de deux mois \u00e0 compter de sa publication, de sa notification ou de \nson affichage.\nArticle 7 : Monsieur le secr\u00e9taire g\u00e9n\u00e9ral de la pr\u00e9fecture de la C\u00f4te-d'Or, Monsieur le maire de Perrigny \nsur l'Ognon sont charg\u00e9s, chacun en ce qui le concerne, de l'ex\u00e9cution du pr\u00e9sent arr\u00eat\u00e9 dont une  \ncopie sera adress\u00e9e \u00e0 :\nMadame la Directrice D\u00e9partementale des Territoires de la C\u00f4te d'Or\u00a0;\nMonsieur le Directeur R\u00e9gional par int\u00e9rim des Finances Publiques de Bourgogne Franche-Comt\u00e9 et du  \nd\u00e9partement de la C\u00f4te-d'Or\u00a0; \nMonsieur le Directeur des Archives D\u00e9partementales de la C\u00f4te-d'Or\u00a0;\nMonsieur le Directeur de l'INSEE de Bourgogne Franche-Comt\u00e9.\nFait \u00e0 Dijon, le 23 f\u00e9vrier 2026\nPour le pr\u00e9fet et par d\u00e9l\u00e9gation\nLe secr\u00e9taire g\u00e9n\u00e9ral\nSIGNE\nDenis BRUEL\nPr\u00e9fecture de la C\u00f4te-d'Or - 53 rue de la Pr\u00e9fecture -  21041 DIJON cedex\nM\u00e8l : pref-bali@cote-dor.gouv.fr\nSite internet  http://www.cote-dor.gouv.fr\nPr\u00e9fecture de la C\u00f4te-d'Or - 21-2026-02-23-00018 - Arr\u00eat\u00e9 pr\u00e9fectoral portant dissolution de l'association syndicale autoris\u00e9e de\nLianne de Perrigny-sur-l'Ognon 52\nPr\u00e9fecture de la C\u00f4te-d'Or\nDirection des s\u00e9curit\u00e9s\n21-2026-03-03-00010\nAP portant agr\u00e9ment d'un m\u00e9decin pour\neffectuer le contr\u00f4le m\u00e9dical de l'aptitude \u00e0 la\nconduite DR CACHAU\nPr\u00e9fecture de la C\u00f4te-d'Or - 21-2026-03-03-00010 - AP portant agr\u00e9ment d'un m\u00e9decin pour effectuer le contr\u00f4le m\u00e9dical de\nl'aptitude \u00e0 la conduite DR CACHAU 53\nExPREFETDE LACOTE-D'ORLibert\u00e9Egalit\u00e9Fraternit\u00e9\nDIRECTION DES S\u00c9CURIT\u00c9S\nBureau D\u00e9fense et S\u00e9curit\u00e9\nARR\u00caT\u00c9 PR\u00c9FECTORAL N\u00b0 459\nportant agr\u00e9ment d'un m\u00e9decin pour effectuer le contr\u00f4le m\u00e9dical de l'aptitude\n\u00e0 la conduite en cabinet lib\u00e9ral et en commission m\u00e9dicale des permis de conduire\nVU le code de la route ;\nVU le  d\u00e9cret  n\u00b0  2004-374  du  29  avril  2004  modifi\u00e9  relatif  aux  pouvoirs  des  pr\u00e9fets,  \u00e0\nl'organisation et \u00e0 l'action des services de l'\u00c9tat dans les r\u00e9gions et d\u00e9partements ;\nVU  le  d\u00e9cret  n\u00b02012-886  du  17  juillet  2012  relatif  au  contr\u00f4le  m\u00e9dical  de  l'aptitude  \u00e0  la\nconduite ;\nVU l'arr\u00eat\u00e9 du 21 d\u00e9cembre 2005 modifi\u00e9 par l'arr\u00eat\u00e9 interminist\u00e9riel du 31 ao\u00fbt 2010 fixant la\nliste des affections incompatibles avec l'obtention ou le maintien du permis de conduire ou\npouvant donner lieu \u00e0 la d\u00e9livrance de permis de conduire de dur\u00e9e de validit\u00e9 limit\u00e9e ;\nVU l'arr\u00eat\u00e9  minist\u00e9riel  du  20  avril  2012  modifi\u00e9  fixant  les  conditions  d'\u00e9tablissement,  de\nd\u00e9livrance et de validit\u00e9 des permis de conduire ;\nVU  l'arr\u00eat\u00e9 minist\u00e9riel du 31 juillet 2012 modifi\u00e9 par les arr\u00eat\u00e9s du 30 mai 2013, du 28 mars\n2022  et  du  03  mars  2025  relatifs  \u00e0  l'organisation  du  contr\u00f4le  m\u00e9dical  de  l'aptitude  \u00e0  la\nconduite ;\nVU l'arr\u00eat\u00e9  pr\u00e9fectoral  n\u00b0944/SG  du  2  juillet  2025  donnant  d\u00e9l\u00e9gation  de  signature  \u00e0\nMme H\u00e9l\u00e8ne MANCIAUX, directrice des s\u00e9curit\u00e9s ;\nVU l'attestation de suivi de formation continue du 12 f\u00e9vrier 2026 pr\u00e9sent\u00e9e par le docteur\nFranck CACHAU ;\nSUR proposition de la sous-pr\u00e9f\u00e8te, directrice de cabinet d u pr\u00e9fet de la r\u00e9gion Bourgogne-\nFranche-Comt\u00e9, pr\u00e9fet de la C\u00f4te-d'Or ;\nPr\u00e9fecture de la C\u00f4te-d'Or - 53 rue de la pr\u00e9fecture \u2013 21041 DIJON Cedex\nTel 03 80 44 64 00 \u2013 mel : pref-polices-administratives@cote-dor.gouv.fr\nPr\u00e9fecture de la C\u00f4te-d'Or - 21-2026-03-03-00010 - AP portant agr\u00e9ment d'un m\u00e9decin pour effectuer le contr\u00f4le m\u00e9dical de\nl'aptitude \u00e0 la conduite DR CACHAU 54\nARR\u00caTE\nArticle 1er :  M. Franck CACHAU , n\u00e9 le 24 ao\u00fbt 1992 \u00e0 METZ (57) , exer\u00e7ant \u00e0 Chevigny-St-\nSauveur (21800)  est agr\u00e9\u00e9 \u00e0 compter de la date de signature du pr\u00e9sent arr\u00eat\u00e9 et jusqu'au\n12/02/2031, pour effectuer le contr\u00f4le m\u00e9dical, en cabinet lib\u00e9ral et en commission m\u00e9dicale\nprimaire du d\u00e9partement de la C\u00f4te-d'Or, de l'aptitude \u00e0 la conduite des candidats au permis\nde conduire et des conducteurs de v\u00e9hicules automobiles.\nArticle 2 : L'agr\u00e9ment est abrog\u00e9 par d\u00e9cision du pr\u00e9fet dans les cas suivants : \n- en cas de sanction ordinale\n- en cas de non respect de l'obligation de formation continue\n- pour tout autre motif\nDans ce dernier cas, le m\u00e9decin est tenu de pr\u00e9senter ses observations dans un d\u00e9lai de\nquinze  jours  suivant  r\u00e9ception  du  courrier  exposant  les  griefs  susceptibles  de  conduire  \u00e0\nl'abrogation de l'agr\u00e9ment.\nArticle 3  : Deux mois avant la fin du pr\u00e9sent agr\u00e9ment, le m\u00e9decin peut en demander le\nrenouvellement au pr\u00e9fet.\nArticle 4  :  La sous-pr\u00e9f\u00e8te, directrice de cabinet du pr\u00e9fet de la r\u00e9gion Bourgogne-Franche-\nComt\u00e9, pr\u00e9fet de la C\u00f4te-d'Or est charg\u00e9e de l'ex\u00e9cution du pr\u00e9sent arr\u00eat\u00e9 qui sera publi\u00e9 au\nrecueil  des  actes  administratifs  de  la  pr\u00e9fecture  de  la  C\u00f4te-d'Or  et  dont  une  copie  sera\nadress\u00e9e \u00e0 l'int\u00e9ress\u00e9 et au conseil d\u00e9partemental de l'ordre des m\u00e9decins.\nFait \u00e0 Dijon, le 03 mars 2026\nLe pr\u00e9fet,\nPour le pr\u00e9fet et par d\u00e9l\u00e9gation,\nLa directrice des s\u00e9curit\u00e9s\noriginal sign\u00e9\nH\u00e9l\u00e8ne MANCIAUX\nD\u00e9lais et voies de recours\nLa pr\u00e9sente d\u00e9cision peut \u00eatre contest\u00e9e selon les voies de recours et dans les d\u00e9lais mentionn\u00e9s ci-dessous.\nDans les deux mois \u00e0 compter de la date de la publication du pr\u00e9sent arr\u00eat\u00e9 les recours suivants peuvent \u00eatre introduits :\n- un recours gracieux adress\u00e9 \u00e0 Pr\u00e9fecture de la C\u00f4te d'Or \u2013 Direction des S\u00e9curit\u00e9s \u2013 Bureau de la d\u00e9fense et de la s\u00e9curit\u00e9 \u2013 53 rue\nde la Pr\u00e9fecture \u2013 21041 Dijon Cedex\n- un recours hi\u00e9rarchique adress\u00e9 \u00e0 Monsieur le Ministre de l'Int\u00e9rieur (Secr\u00e9tariat G\u00e9n\u00e9ral - Place Beauvau \u2013 75008 PARIS).\n- un recours contentieux adress\u00e9 au Tribunal Administratif de DIJON \u2013 22 rue d'Assas B.P . 61616 \u2013 21016 Dijon cedex. \nLe  tribunal  administratif  peut  \u00eatre  saisi  par  un  recours  d\u00e9pos\u00e9  via  l'application  T\u00e9l\u00e9recours  citoyens  accessible  par  le  site  internet\nwww.t\u00e9l\u00e9recours.fr. Ce recours juridictionnel doit \u00eatre d\u00e9pos\u00e9 au plus tard avant l'expiration du 2  mois suivant la date de notification de la\u1d49\nd\u00e9cision contest\u00e9e (ou du 2  mois suivant la date de rejet du recours gracieux ou hi\u00e9rarchique).\u1d49\nPr\u00e9fecture de la C\u00f4te-d'Or - 53 rue de la pr\u00e9fecture \u2013 21041 DIJON Cedex\nTel 03 80 44 64 00 \u2013 mel : pref-polices-administratives@cote-dor.gouv.fr\nPr\u00e9fecture de la C\u00f4te-d'Or - 21-2026-03-03-00010 - AP portant agr\u00e9ment d'un m\u00e9decin pour effectuer le contr\u00f4le m\u00e9dical de\nl'aptitude \u00e0 la conduite DR CACHAU 55\nPr\u00e9fecture de la C\u00f4te-d'Or\nDirection des s\u00e9curit\u00e9s\n21-2026-03-03-00012\nAP portant agr\u00e9ment d'un m\u00e9decin pour\neffectuer le contr\u00f4le m\u00e9dical de l'aptitude \u00e0 la\nconduite DR FESQUET G\nPr\u00e9fecture de la C\u00f4te-d'Or - 21-2026-03-03-00012 - AP portant agr\u00e9ment d'un m\u00e9decin pour effectuer le contr\u00f4le m\u00e9dical de\nl'aptitude \u00e0 la conduite DR FESQUET G 56\nExPREFETDE LACOTE-D'ORLibert\u00e9Egalit\u00e9Fraternit\u00e9\nDIRECTION DES S\u00c9CURIT\u00c9S\nBureau D\u00e9fense et S\u00e9curit\u00e9\nARR\u00caT\u00c9 PR\u00c9FECTORAL N\u00b0 460\nportant agr\u00e9ment d'un m\u00e9decin pour effectuer le contr\u00f4le m\u00e9dical de l'aptitude\n\u00e0 la conduite en cabinet lib\u00e9ral et en commission m\u00e9dicale des permis de conduire\nVU le code de la route ;\nVU le  d\u00e9cret  n\u00b0  2004-374  du  29  avril  2004  modifi\u00e9  relatif  aux  pouvoirs  des  pr\u00e9fets,  \u00e0\nl'organisation et \u00e0 l'action des services de l'\u00c9tat dans les r\u00e9gions et d\u00e9partements ;\nVU  le  d\u00e9cret  n\u00b02012-886  du  17  juillet  2012  relatif  au  contr\u00f4le  m\u00e9dical  de  l'aptitude  \u00e0  la\nconduite ;\nVU l'arr\u00eat\u00e9 du 21 d\u00e9cembre 2005 modifi\u00e9 par l'arr\u00eat\u00e9 interminist\u00e9riel du 31 ao\u00fbt 2010 fixant la\nliste des affections incompatibles avec l'obtention ou le maintien du permis de conduire ou\npouvant donner lieu \u00e0 la d\u00e9livrance de permis de conduire de dur\u00e9e de validit\u00e9 limit\u00e9e ;\nVU l'arr\u00eat\u00e9  minist\u00e9riel  du  20  avril  2012  modifi\u00e9  fixant  les  conditions  d'\u00e9tablissement,  de\nd\u00e9livrance et de validit\u00e9 des permis de conduire ;\nVU  l'arr\u00eat\u00e9 minist\u00e9riel du 31 juillet 2012 modifi\u00e9 par les arr\u00eat\u00e9s du 30 mai 2013, du 28 mars\n2022  et  du  03  mars  2025  relatifs  \u00e0  l'organisation  du  contr\u00f4le  m\u00e9dical  de  l'aptitude  \u00e0  la\nconduite ;\nVU l'arr\u00eat\u00e9  pr\u00e9fectoral  n\u00b0944/SG  du  2  juillet  2025  donnant  d\u00e9l\u00e9gation  de  signature  \u00e0\nMme H\u00e9l\u00e8ne MANCIAUX, directrice des s\u00e9curit\u00e9s ;\nVU l'attestation de suivi de formation continue du 21 novembre 2025 pr\u00e9sent\u00e9e par le docteur\nGuillaume FESQUET ;\nSUR proposition de la sous-pr\u00e9f\u00e8te, directrice de cabinet d u pr\u00e9fet de la r\u00e9gion Bourgogne-\nFranche-Comt\u00e9, pr\u00e9fet de la C\u00f4te-d'Or ;\nPr\u00e9fecture de la C\u00f4te-d'Or - 53 rue de la pr\u00e9fecture \u2013 21041 DIJON Cedex\nTel 03 80 44 64 00 \u2013 mel : pref-polices-administratives@cote-dor.gouv.fr\nPr\u00e9fecture de la C\u00f4te-d'Or - 21-2026-03-03-00012 - AP portant agr\u00e9ment d'un m\u00e9decin pour effectuer le contr\u00f4le m\u00e9dical de\nl'aptitude \u00e0 la conduite DR FESQUET G 57\nARR\u00caTE\nArticle 1er :  M. Guillaume FESQUET , n\u00e9 le 12 novembre 1969 \u00e0 PARIS 14 , exer\u00e7ant \u00e0 DIJON\n(21000) est agr\u00e9\u00e9 \u00e0 compter de la date de signature du pr\u00e9sent arr\u00eat\u00e9 et jusqu'au 21/11/2030,\npour effectuer le contr\u00f4le m\u00e9dical, en cabinet lib\u00e9ral et en commission m\u00e9dicale primaire du\nd\u00e9partement de la C\u00f4te-d'Or, de l'aptitude \u00e0 la conduite des candidats au permis de conduire\net des conducteurs de v\u00e9hicules automobiles.\nArticle 2 : L'agr\u00e9ment est abrog\u00e9 par d\u00e9cision du pr\u00e9fet dans les cas suivants : \n- en cas de sanction ordinale\n- en cas de non respect de l'obligation de formation continue\n- pour tout autre motif\nDans ce dernier cas, le m\u00e9decin est tenu de pr\u00e9senter ses observations dans un d\u00e9lai de\nquinze  jours  suivant  r\u00e9ception  du  courrier  exposant  les  griefs  susceptibles  de  conduire  \u00e0\nl'abrogation de l'agr\u00e9ment.\nArticle 3  : Deux mois avant la fin du pr\u00e9sent agr\u00e9ment, le m\u00e9decin peut en demander le\nrenouvellement au pr\u00e9fet.\nArticle 4  :  La sous-pr\u00e9f\u00e8te, directrice de cabinet du pr\u00e9fet de la r\u00e9gion Bourgogne-Franche-\nComt\u00e9, pr\u00e9fet de la C\u00f4te-d'Or est charg\u00e9e de l'ex\u00e9cution du pr\u00e9sent arr\u00eat\u00e9 qui sera publi\u00e9 au\nrecueil  des  actes  administratifs  de  la  pr\u00e9fecture  de  la  C\u00f4te-d'Or  et  dont  une  copie  sera\nadress\u00e9e \u00e0 l'int\u00e9ress\u00e9 et au conseil d\u00e9partemental de l'ordre des m\u00e9decins.\nFait \u00e0 Dijon, le 03 mars 2026\nLe pr\u00e9fet,\nPour le pr\u00e9fet et par d\u00e9l\u00e9gation,\nLa directrice des s\u00e9curit\u00e9s\noriginal sign\u00e9\nH\u00e9l\u00e8ne MANCIAUX\nD\u00e9lais et voies de recours\nLa pr\u00e9sente d\u00e9cision peut \u00eatre contest\u00e9e selon les voies de recours et dans les d\u00e9lais mentionn\u00e9s ci-dessous.\nDans les deux mois \u00e0 compter de la date de la publication du pr\u00e9sent arr\u00eat\u00e9 les recours suivants peuvent \u00eatre introduits :\n- un recours gracieux adress\u00e9 \u00e0 Pr\u00e9fecture de la C\u00f4te d'Or \u2013 Direction des S\u00e9curit\u00e9s \u2013 Bureau de la d\u00e9fense et de la s\u00e9curit\u00e9 \u2013 53 rue\nde la Pr\u00e9fecture \u2013 21041 Dijon Cedex\n- un recours hi\u00e9rarchique adress\u00e9 \u00e0 Monsieur le Ministre de l'Int\u00e9rieur (Secr\u00e9tariat G\u00e9n\u00e9ral - Place Beauvau \u2013 75008 PARIS).\n- un recours contentieux adress\u00e9 au Tribunal Administratif de DIJON \u2013 22 rue d'Assas B.P . 61616 \u2013 21016 Dijon cedex. \nLe  tribunal  administratif  peut  \u00eatre  saisi  par  un  recours  d\u00e9pos\u00e9  via  l'application  T\u00e9l\u00e9recours  citoyens  accessible  par  le  site  internet\nwww.t\u00e9l\u00e9recours.fr. Ce recours juridictionnel doit \u00eatre d\u00e9pos\u00e9 au plus tard avant l'expiration du 2  mois suivant la date de notification de la\u1d49\nd\u00e9cision contest\u00e9e (ou du 2  mois suivant la date de rejet du recours gracieux ou hi\u00e9rarchique).\u1d49\nPr\u00e9fecture de la C\u00f4te-d'Or - 53 rue de la pr\u00e9fecture \u2013 21041 DIJON Cedex\nTel 03 80 44 64 00 \u2013 mel : pref-polices-administratives@cote-dor.gouv.fr\nPr\u00e9fecture de la C\u00f4te-d'Or - 21-2026-03-03-00012 - AP portant agr\u00e9ment d'un m\u00e9decin pour effectuer le contr\u00f4le m\u00e9dical de\nl'aptitude \u00e0 la conduite DR FESQUET G 58\nPr\u00e9fecture de la C\u00f4te-d'Or\nDirection des s\u00e9curit\u00e9s\n21-2026-03-03-00011\nAP portant agr\u00e9ment d'un m\u00e9decin pour\neffectuer le contr\u00f4le m\u00e9dical de l'aptitude \u00e0 la\nconduite DR HUMBLOT JM\nPr\u00e9fecture de la C\u00f4te-d'Or - 21-2026-03-03-00011 - AP portant agr\u00e9ment d'un m\u00e9decin pour effectuer le contr\u00f4le m\u00e9dical de\nl'aptitude \u00e0 la conduite DR HUMBLOT JM 59\nExPREFETDE LACOTE-D'ORLibert\u00e9Egalit\u00e9Fraternit\u00e9\nDIRECTION DES S\u00c9CURIT\u00c9S\nBureau D\u00e9fense et S\u00e9curit\u00e9\nARR\u00caT\u00c9 PR\u00c9FECTORAL N\u00b0 461\nportant agr\u00e9ment d'un m\u00e9decin pour effectuer le contr\u00f4le m\u00e9dical de l'aptitude\n\u00e0 la conduite en cabinet lib\u00e9ral et en commission m\u00e9dicale des permis de conduire\nVU le code de la route ;\nVU le  d\u00e9cret  n\u00b0  2004-374  du  29  avril  2004  modifi\u00e9  relatif  aux  pouvoirs  des  pr\u00e9fets,  \u00e0\nl'organisation et \u00e0 l'action des services de l'\u00c9tat dans les r\u00e9gions et d\u00e9partements ;\nVU  le  d\u00e9cret  n\u00b02012-886  du  17  juillet  2012  relatif  au  contr\u00f4le  m\u00e9dical  de  l'aptitude  \u00e0  la\nconduite ;\nVU l'arr\u00eat\u00e9 du 21 d\u00e9cembre 2005 modifi\u00e9 par l'arr\u00eat\u00e9 interminist\u00e9riel du 31 ao\u00fbt 2010 fixant la\nliste des affections incompatibles avec l'obtention ou le maintien du permis de conduire ou\npouvant donner lieu \u00e0 la d\u00e9livrance de permis de conduire de dur\u00e9e de validit\u00e9 limit\u00e9e ;\nVU l'arr\u00eat\u00e9  minist\u00e9riel  du  20  avril  2012  modifi\u00e9  fixant  les  conditions  d'\u00e9tablissement,  de\nd\u00e9livrance et de validit\u00e9 des permis de conduire ;\nVU  l'arr\u00eat\u00e9 minist\u00e9riel du 31 juillet 2012 modifi\u00e9 par les arr\u00eat\u00e9s du 30 mai 2013, du 28 mars\n2022  et  du  03  mars  2025  relatifs  \u00e0  l'organisation  du  contr\u00f4le  m\u00e9dical  de  l'aptitude  \u00e0  la\nconduite ;\nVU l'arr\u00eat\u00e9  pr\u00e9fectoral  n\u00b0944/SG  du  2  juillet  2025  donnant  d\u00e9l\u00e9gation  de  signature  \u00e0\nMme H\u00e9l\u00e8ne MANCIAUX, directrice des s\u00e9curit\u00e9s ;\nVU l'attestation de suivi de formation continue du 07 mars 2024 pr\u00e9sent\u00e9e par le docteur\nJean-Marie HUMBLOT ;\nSUR proposition de la sous-pr\u00e9f\u00e8te, directrice de cabinet d u pr\u00e9fet de la r\u00e9gion Bourgogne-\nFranche-Comt\u00e9, pr\u00e9fet de la C\u00f4te-d'Or ;\nPr\u00e9fecture de la C\u00f4te-d'Or - 53 rue de la pr\u00e9fecture \u2013 21041 DIJON Cedex\nTel 03 80 44 64 00 \u2013 mel : pref-polices-administratives@cote-dor.gouv.fr\nPr\u00e9fecture de la C\u00f4te-d'Or - 21-2026-03-03-00011 - AP portant agr\u00e9ment d'un m\u00e9decin pour effectuer le contr\u00f4le m\u00e9dical de\nl'aptitude \u00e0 la conduite DR HUMBLOT JM 60\nARR\u00caTE\nArticle 1er :  M.  Jean-Marie HUMBLOT , n\u00e9 le 14 ao\u00fbt 1951 \u00e0 CHAUMONT (52) ,  est agr\u00e9\u00e9 \u00e0\ncompter de la date de signature du pr\u00e9sent arr\u00eat\u00e9 et jusqu'au 07/03/2029,  pour effectuer le\ncontr\u00f4le m\u00e9dical, en cabinet lib\u00e9ral et en commission m\u00e9dicale primaire du d\u00e9partement de\nla  C\u00f4te-d'Or,  de  l'aptitude  \u00e0  la  conduite  des  candidats  au  permis  de  conduire  et  des\nconducteurs de v\u00e9hicules automobiles.\nArticle 2 : L'agr\u00e9ment est abrog\u00e9 par d\u00e9cision du pr\u00e9fet dans les cas suivants : \n- en cas de sanction ordinale\n- en cas de non respect de l'obligation de formation continue\n- pour tout autre motif\nDans ce dernier cas, le m\u00e9decin est tenu de pr\u00e9senter ses observations dans un d\u00e9lai de\nquinze  jours  suivant  r\u00e9ception  du  courrier  exposant  les  griefs  susceptibles  de  conduire  \u00e0\nl'abrogation de l'agr\u00e9ment.\nArticle 3  : Deux mois avant la fin du pr\u00e9sent agr\u00e9ment, le m\u00e9decin peut en demander le\nrenouvellement au pr\u00e9fet.\nArticle 4  :  La sous-pr\u00e9f\u00e8te, directrice de cabinet du pr\u00e9fet de la r\u00e9gion Bourgogne-Franche-\nComt\u00e9, pr\u00e9fet de la C\u00f4te-d'Or est charg\u00e9e de l'ex\u00e9cution du pr\u00e9sent arr\u00eat\u00e9 qui sera publi\u00e9 au\nrecueil  des  actes  administratifs  de  la  pr\u00e9fecture  de  la  C\u00f4te-d'Or  et  dont  une  copie  sera\nadress\u00e9e \u00e0 l'int\u00e9ress\u00e9 et au conseil d\u00e9partemental de l'ordre des m\u00e9decins.\nFait \u00e0 Dijon, le 03 mars 2026\nLe pr\u00e9fet,\nPour le pr\u00e9fet et par d\u00e9l\u00e9gation,\nLa directrice des s\u00e9curit\u00e9s\noriginal sign\u00e9\nH\u00e9l\u00e8ne MANCIAUX\nD\u00e9lais et voies de recours\nLa pr\u00e9sente d\u00e9cision peut \u00eatre contest\u00e9e selon les voies de recours et dans les d\u00e9lais mentionn\u00e9s ci-dessous.\nDans les deux mois \u00e0 compter de la date de la publication du pr\u00e9sent arr\u00eat\u00e9 les recours suivants peuvent \u00eatre introduits :\n- un recours gracieux adress\u00e9 \u00e0 Pr\u00e9fecture de la C\u00f4te d'Or \u2013 Direction des S\u00e9curit\u00e9s \u2013 Bureau de la d\u00e9fense et de la s\u00e9curit\u00e9 \u2013 53 rue\nde la Pr\u00e9fecture \u2013 21041 Dijon Cedex\n- un recours hi\u00e9rarchique adress\u00e9 \u00e0 Monsieur le Ministre de l'Int\u00e9rieur (Secr\u00e9tariat G\u00e9n\u00e9ral - Place Beauvau \u2013 75008 PARIS).\n- un recours contentieux adress\u00e9 au Tribunal Administratif de DIJON \u2013 22 rue d'Assas B.P . 61616 \u2013 21016 Dijon cedex. \nLe  tribunal  administratif  peut  \u00eatre  saisi  par  un  recours  d\u00e9pos\u00e9  via  l'application  T\u00e9l\u00e9recours  citoyens  accessible  par  le  site  internet\nwww.t\u00e9l\u00e9recours.fr. Ce recours juridictionnel doit \u00eatre d\u00e9pos\u00e9 au plus tard avant l'expiration du 2  mois suivant la date de notification de la\u1d49\nd\u00e9cision contest\u00e9e (ou du 2  mois suivant la date de rejet du recours gracieux ou hi\u00e9rarchique).\u1d49\nPr\u00e9fecture de la C\u00f4te-d'Or - 53 rue de la pr\u00e9fecture \u2013 21041 DIJON Cedex\nTel 03 80 44 64 00 \u2013 mel : pref-polices-administratives@cote-dor.gouv.fr\nPr\u00e9fecture de la C\u00f4te-d'Or - 21-2026-03-03-00011 - AP portant agr\u00e9ment d'un m\u00e9decin pour effectuer le contr\u00f4le m\u00e9dical de\nl'aptitude \u00e0 la conduite DR HUMBLOT JM 61\nPr\u00e9fecture de la C\u00f4te-d'Or\nDirection des s\u00e9curit\u00e9s\n21-2026-03-03-00009\nAP portant agr\u00e9ment d'un m\u00e9decin pour\neffectuer le contr\u00f4le m\u00e9dical de l'aptitude \u00e0 la\nconduite DR RAT\nPr\u00e9fecture de la C\u00f4te-d'Or - 21-2026-03-03-00009 - AP portant agr\u00e9ment d'un m\u00e9decin pour effectuer le contr\u00f4le m\u00e9dical de\nl'aptitude \u00e0 la conduite DR RAT 62\nExPREFETDE LACOTE-D'ORLibert\u00e9Egalit\u00e9Fraternit\u00e9\nDIRECTION DES S\u00c9CURIT\u00c9S\nBureau D\u00e9fense et S\u00e9curit\u00e9\nARR\u00caT\u00c9 PR\u00c9FECTORAL N\u00b0 462\nportant agr\u00e9ment d'un m\u00e9decin pour effectuer le contr\u00f4le m\u00e9dical de l'aptitude\n\u00e0 la conduite en cabinet lib\u00e9ral et en commission m\u00e9dicale des permis de conduire\nVU le code de la route ;\nVU le  d\u00e9cret  n\u00b0  2004-374  du  29  avril  2004  modifi\u00e9  relatif  aux  pouvoirs  des  pr\u00e9fets,  \u00e0\nl'organisation et \u00e0 l'action des services de l'\u00c9tat dans les r\u00e9gions et d\u00e9partements ;\nVU  le  d\u00e9cret  n\u00b02012-886  du  17  juillet  2012  relatif  au  contr\u00f4le  m\u00e9dical  de  l'aptitude  \u00e0  la\nconduite ;\nVU l'arr\u00eat\u00e9 du 21 d\u00e9cembre 2005 modifi\u00e9 par l'arr\u00eat\u00e9 interminist\u00e9riel du 31 ao\u00fbt 2010 fixant la\nliste des affections incompatibles avec l'obtention ou le maintien du permis de conduire ou\npouvant donner lieu \u00e0 la d\u00e9livrance de permis de conduire de dur\u00e9e de validit\u00e9 limit\u00e9e ;\nVU l'arr\u00eat\u00e9  minist\u00e9riel  du  20  avril  2012  modifi\u00e9  fixant  les  conditions  d'\u00e9tablissement,  de\nd\u00e9livrance et de validit\u00e9 des permis de conduire ;\nVU  l'arr\u00eat\u00e9 minist\u00e9riel du 31 juillet 2012 modifi\u00e9 par les arr\u00eat\u00e9s du 30 mai 2013, du 28 mars\n2022  et  du  03  mars  2025  relatifs  \u00e0  l'organisation  du  contr\u00f4le  m\u00e9dical  de  l'aptitude  \u00e0  la\nconduite ;\nVU l'arr\u00eat\u00e9  pr\u00e9fectoral  n\u00b0944/SG  du  2  juillet  2025  donnant  d\u00e9l\u00e9gation  de  signature  \u00e0\nMme H\u00e9l\u00e8ne MANCIAUX, directrice des s\u00e9curit\u00e9s ;\nVU l'attestation de suivi de formation continue du 19 f\u00e9vrier 2026 pr\u00e9sent\u00e9e par le docteur\nThierry RAT ;\nSUR proposition de la sous-pr\u00e9f\u00e8te, directrice de cabinet d u pr\u00e9fet de la r\u00e9gion Bourgogne-\nFranche-Comt\u00e9, pr\u00e9fet de la C\u00f4te-d'Or ;\nPr\u00e9fecture de la C\u00f4te-d'Or - 53 rue de la pr\u00e9fecture \u2013 21041 DIJON Cedex\nTel 03 80 44 64 00 \u2013 mel : pref-polices-administratives@cote-dor.gouv.fr\nPr\u00e9fecture de la C\u00f4te-d'Or - 21-2026-03-03-00009 - AP portant agr\u00e9ment d'un m\u00e9decin pour effectuer le contr\u00f4le m\u00e9dical de\nl'aptitude \u00e0 la conduite DR RAT 63\nARR\u00caTE\nArticle 1er :  M. Thierry RAT, n\u00e9 le 20 novembre 1959 \u00e0 DOLE (39) , est agr\u00e9\u00e9 \u00e0 compter de la\ndate  de  signature  du  pr\u00e9sent  arr\u00eat\u00e9  et  jusqu'au  19/02/2031,  pour  effectuer  le  contr\u00f4le\nm\u00e9dical, en cabinet lib\u00e9ral et en commission m\u00e9dicale primaire du d\u00e9partement de la C\u00f4te-\nd'Or, de l'aptitude \u00e0 la conduite des candidats au permis de conduire et des conducteurs de\nv\u00e9hicules automobiles.\nArticle 2 : L'agr\u00e9ment est abrog\u00e9 par d\u00e9cision du pr\u00e9fet dans les cas suivants : \n- en cas de sanction ordinale\n- en cas de non respect de l'obligation de formation continue\n- pour tout autre motif\nDans ce dernier cas, le m\u00e9decin est tenu de pr\u00e9senter ses observations dans un d\u00e9lai de\nquinze  jours  suivant  r\u00e9ception  du  courrier  exposant  les  griefs  susceptibles  de  conduire  \u00e0\nl'abrogation de l'agr\u00e9ment.\nArticle 3  : Deux mois avant la fin du pr\u00e9sent agr\u00e9ment, le m\u00e9decin peut en demander le\nrenouvellement au pr\u00e9fet.\nArticle 4  :  La sous-pr\u00e9f\u00e8te, directrice de cabinet du pr\u00e9fet de la r\u00e9gion Bourgogne-Franche-\nComt\u00e9, pr\u00e9fet de la C\u00f4te-d'Or est charg\u00e9e de l'ex\u00e9cution du pr\u00e9sent arr\u00eat\u00e9 qui sera publi\u00e9 au\nrecueil  des  actes  administratifs  de  la  pr\u00e9fecture  de  la  C\u00f4te-d'Or  et  dont  une  copie  sera\nadress\u00e9e \u00e0 l'int\u00e9ress\u00e9 et au conseil d\u00e9partemental de l'ordre des m\u00e9decins.\nFait \u00e0 Dijon, le 03 mars 2026\nLe pr\u00e9fet,\nPour le pr\u00e9fet et par d\u00e9l\u00e9gation,\nLa directrice des s\u00e9curit\u00e9s\noriginal sign\u00e9\nH\u00e9l\u00e8ne MANCIAUX\nD\u00e9lais et voies de recours\nLa pr\u00e9sente d\u00e9cision peut \u00eatre contest\u00e9e selon les voies de recours et dans les d\u00e9lais mentionn\u00e9s ci-dessous.\nDans les deux mois \u00e0 compter de la date de la publication du pr\u00e9sent arr\u00eat\u00e9 les recours suivants peuvent \u00eatre introduits :\n- un recours gracieux adress\u00e9 \u00e0 Pr\u00e9fecture de la C\u00f4te d'Or \u2013 Direction des S\u00e9curit\u00e9s \u2013 Bureau de la d\u00e9fense et de la s\u00e9curit\u00e9 \u2013 53 rue\nde la Pr\u00e9fecture \u2013 21041 Dijon Cedex\n- un recours hi\u00e9rarchique adress\u00e9 \u00e0 Monsieur le Ministre de l'Int\u00e9rieur (Secr\u00e9tariat G\u00e9n\u00e9ral - Place Beauvau \u2013 75008 PARIS).\n- un recours contentieux adress\u00e9 au Tribunal Administratif de DIJON \u2013 22 rue d'Assas B.P . 61616 \u2013 21016 Dijon cedex. \nLe  tribunal  administratif  peut  \u00eatre  saisi  par  un  recours  d\u00e9pos\u00e9  via  l'application  T\u00e9l\u00e9recours  citoyens  accessible  par  le  site  internet\nwww.t\u00e9l\u00e9recours.fr. Ce recours juridictionnel doit \u00eatre d\u00e9pos\u00e9 au plus tard avant l'expiration du 2  mois suivant la date de notification de la\u1d49\nd\u00e9cision contest\u00e9e (ou du 2  mois suivant la date de rejet du recours gracieux ou hi\u00e9rarchique).\u1d49\nPr\u00e9fecture de la C\u00f4te-d'Or - 53 rue de la pr\u00e9fecture \u2013 21041 DIJON Cedex\nTel 03 80 44 64 00 \u2013 mel : pref-polices-administratives@cote-dor.gouv.fr\nPr\u00e9fecture de la C\u00f4te-d'Or - 21-2026-03-03-00009 - AP portant agr\u00e9ment d'un m\u00e9decin pour effectuer le contr\u00f4le m\u00e9dical de\nl'aptitude \u00e0 la conduite DR RAT 64\nPr\u00e9fecture de la C\u00f4te-d'Or\nDirection des s\u00e9curit\u00e9s\n21-2026-03-06-00003\nArr\u00eat\u00e9 pr\u00e9fectoral N\u00b0   489\nportant interdiction de rassemblements festifs \u00e0\ncaract\u00e8re musical et interdiction de circulation\nde tout v\u00e9hicule transportant du mat\u00e9riel de son\n\u00e0 destination d'un rassemblement festif\n\u00e0 caract\u00e8re musical non autoris\u00e9\nPr\u00e9fecture de la C\u00f4te-d'Or - 21-2026-03-06-00003 - Arr\u00eat\u00e9 pr\u00e9fectoral N\u00b0   489\nportant interdiction de rassemblements festifs \u00e0 caract\u00e8re musical et interdiction de circulation\nde tout v\u00e9hicule transportant du mat\u00e9riel de son \u00e0 destination d'un rassemblement festif\n\u00e0 caract\u00e8re musical non autoris\u00e9\n65\nExPREFETDE LACOTE-D'ORLibert\u00e9Egalit\u00e9Fraternit\u00e9\nDirection des s\u00e9curit\u00e9s\nBureau d\u00e9fense et s\u00e9curit\u00e9\nArr\u00eat\u00e9 pr\u00e9fectoral N\u00b0 489  \nportant interdiction de rassemblements festifs \u00e0 caract\u00e8re musical et interdiction de circulation\nde tout v\u00e9hicule transportant du mat\u00e9riel de son \u00e0 destination d'un rassemblement festif\n\u00e0 caract\u00e8re musical non autoris\u00e9\nLe pr\u00e9fet de la C\u00f4te-d'Or\nVU le code de la s\u00e9curit\u00e9 int\u00e9rieure, notamment ses articles L. 211-5 et suivants, R. 211-2 et suivants et  \nR. 211-27 et suivants ;\nVU le code g\u00e9n\u00e9ral des collectivit\u00e9s territoriales, notamment l'article L. 2215-1 ;\nVU le code p\u00e9nal ;\nVU le code de la route ;\nVU le code de la voirie routi\u00e8re ;\nVU le d\u00e9cret n\u00b02004-374 du 29 avril 2004 modifi\u00e9 relatif aux pouvoirs des pr\u00e9fets, \u00e0 l'organisation et \u00e0  \nl'action des services de l'\u00c9tat dans les r\u00e9gions et d\u00e9partements ;\nVU  l'arr\u00eat\u00e9  pr\u00e9fectoral  n\u00b01010/SG  du  2  juillet  2025  donnant  d\u00e9l\u00e9gation  de  signature  \u00e0  madame  \nAur\u00e9lie CONTRECIVILE, sous-pr\u00e9f\u00e8te, directrice de cabinet du pr\u00e9fet de la r\u00e9gion Bourgogne-Franche-\nComt\u00e9, pr\u00e9fet de la C\u00f4te-d'Or ;\nCONSID\u00c9RANT que  des  organisateurs  pr\u00e9voient  r\u00e9guli\u00e8rement  des  \u00ab  free-party \u00bb  pouvant  regrouper \nplusieurs centaines de participants dans le d\u00e9partement de la C\u00f4te-d'Or  ; qu'\u00e0 titre d'exemples, de tels  \nrassemblements ont eu lieu ou ont tent\u00e9 de se tenir le 28 septembre 2024 \u00e0 C\u00eeteaux, le 26 octobre 2024  \n\u00e0  Semezanges,  le  9  novembre  2024  \u00e0  Meloisey,  le  16  novembre  2024  \u00e0  Perrigny-sur-l'Ognon,  le  29  \nnovembre 2024 \u00e0 Mavilly-Mandelot, le 22 mars 2025 \u00e0 Bagnot, le 16 mai 2025 \u00e0 Aubigny-les-Sombernon  \net le 13 juin 2025 \u00e0 Broin ;\nCONSID\u00c9RANT que ,  selon  les  \u00e9l\u00e9ments  d'information  disponibles,  des  rassemblements  festifs  \u00e0  \ncaract\u00e8re musical r\u00e9pondant \u00e0 l'ensemble des caract\u00e9ristiques \u00e9nonc\u00e9s par les dispositions de l'article R.  \n211-2 du code de la s\u00e9curit\u00e9 int\u00e9rieure, pouvant regrouper plusieurs centaines de participants, sont  \nsusceptibles d'\u00eatre organis\u00e9s dans le d\u00e9partement de la C\u00f4te-d'Or le week-end du vendredi 06 mars 2026 \nau dimanche 08 mars 2026 inclus  ; qu'un appel \u00e0 rassemblement de type Free Party a \u00e9t\u00e9 d\u00e9tect\u00e9 sur les  \nr\u00e9seaux laissant craindre qu'un \u00e9v\u00e8nement d'ampleur pourrait se tenir sur le d\u00e9partement de la C\u00f4te-\nd'Or. ;\nCONSID\u00c9RANT qu'en application des dispositions de l'article L. 211-5 du code de la s\u00e9curit\u00e9 int\u00e9rieure,  \nce  type  de  rassemblement  est  soumis  \u00e0  l'obligation  de  d\u00e9claration  pr\u00e9alable  aupr\u00e8s  du  pr\u00e9fet  de  \nd\u00e9partement,  pr\u00e9cisant  le  nombre  pr\u00e9visible  de  participants  ainsi  que  les  mesures  envisag\u00e9es  par  \nl'organisateur pour garantir la s\u00e9curit\u00e9, la salubrit\u00e9, l'hygi\u00e8ne et la tranquillit\u00e9 publiques ;\nCONSID\u00c9RANT qu'aucune d\u00e9claration pr\u00e9alable n'a \u00e9t\u00e9 d\u00e9pos\u00e9e aupr\u00e8s du pr\u00e9fet de la C\u00f4te-d'Or  ; que \nl'organisateur n'est pas identifi\u00e9 e t que les terrains sur lesquels sont susceptibles de se d\u00e9rouler ces  \nrassemblements ne sont pas connus ;\nPr\u00e9fecture de la C\u00f4te-d'Or - 21-2026-03-06-00003 - Arr\u00eat\u00e9 pr\u00e9fectoral N\u00b0   489\nportant interdiction de rassemblements festifs \u00e0 caract\u00e8re musical et interdiction de circulation\nde tout v\u00e9hicule transportant du mat\u00e9riel de son \u00e0 destination d'un rassemblement festif\n\u00e0 caract\u00e8re musical non autoris\u00e9\n66\nCONSID\u00c9RANT que ce type de rassemblement regroupant un grand nombre de participants peut  \nprovoquer des troubles \u00e0 l'ordre public qu'ils soient li\u00e9s \u00e0 l'augmentation du risque de conduite sous  \nl'emprise  d'alcool  ou  de  stup\u00e9fiants  ou  encore  \u00e0  la  g\u00eane  occasionn\u00e9e  par  le  niveau  sonore  \nextr\u00eamement \u00e9lev\u00e9 de la musique diffus\u00e9e ; que les moyens appropri\u00e9s en mati\u00e8re de lutte contre  \nl'incendie et de secours aux personnes, ainsi qu'en mati\u00e8re de s\u00e9curit\u00e9 sanitaire et routi\u00e8re ne peuvent  \n\u00eatre r\u00e9unis ;\nCONSID\u00c9RANT que dans ces circonstances, ces rassemblements sont de nature \u00e0 provoquer des  \ntroubles graves \u00e0 l'ordre public ; que leur interdiction, qui est strictement n\u00e9cessaire et proportionn\u00e9e  \naux objectifs poursuivis, est seule de nature \u00e0 pr\u00e9venir efficacement ces troubles ;\nCONSID\u00c9RANT qu'en  l'absence  d'identification  du  lieu  g\u00e9ographique  susceptible  d'accueillir  les  \nrassemblements festifs \u00e0 caract\u00e8re musical envisag\u00e9s, et afin de donner un effet utile \u00e0 l'interdiction, il  \ny  a  lieu  d'interdire,  sauf  motif  l\u00e9gitime,  la  circulation  des  v\u00e9hicules  transportant  du  mat\u00e9riel  de  \nsonorisation sur l'ensemble des r\u00e9seaux routiers du d\u00e9partement de la C\u00f4te-d'Or ;\nSUR proposition de madame la directrice de cabinet du pr\u00e9fet de la r\u00e9gion Bourgogne-Franche-Comt\u00e9, \npr\u00e9fet de la C\u00f4te-d'Or,\nARR\u00caTE\nArticle  1er  :  Les  rassemblements  festifs  \u00e0  caract\u00e8re  musical  r\u00e9pondant  \u00e0  l'ensemble  des  \ncaract\u00e9ristiques  \u00e9nonc\u00e9es  \u00e0  l'article  R.  211-2  du  code  de  la  s\u00e9curit\u00e9  int\u00e9rieure,  autres  que  ceux  \nl\u00e9galement  d\u00e9clar\u00e9s ou autoris\u00e9s, sont interdits sur l'ensemble du d\u00e9partement de la C\u00f4te-d'Or du  \nvendredi 06 mars 2026 \u00e0 16h00 au lundi 09 mars 2026 \u00e0 08h00.\nArticle  2 :  La  circulation  de  tout  v\u00e9hicule  transportant  du  mat\u00e9riel  de  sonorisation  (notamment  \n\u00ab sound system \u00bb et amplificateurs) \u00e0 destination d'un rassemblement festif \u00e0 caract\u00e8re musical non  \nautoris\u00e9 est interdite sur l'ensemble des r\u00e9seaux routiers du d\u00e9partement de la C\u00f4te-d'Or du vendredi \n06 mars 2026 \u00e0 16h00 au lundi 09 mars 2026 \u00e0 08h00.\nArticle 3 : Toute infraction au pr\u00e9sent arr\u00eat\u00e9 est passible des sanctions pr\u00e9vues par l'article R. 211-27  \ndu code de la s\u00e9curit\u00e9 int\u00e9rieure et peut donner lieu \u00e0 la saisie du mat\u00e9riel en vue de sa confiscation  \npar le tribunal.\nArticle 4 : Le secr\u00e9taire g\u00e9n\u00e9ral de la pr\u00e9fecture de la C\u00f4te-d'Or, la directrice de cabinet du pr\u00e9fet de  \nla r\u00e9gion Bourgogne-Franche-Comt\u00e9, pr\u00e9fet de la C\u00f4te-d'Or, le G\u00e9n\u00e9ral, commandant la r\u00e9gion de  \ngendarmerie  de  Bourgogne-Franche-Comt\u00e9,  commandant  le  groupement  de  gendarmerie  \nd\u00e9partementale de la C\u00f4te-d'Or et le directeur interd\u00e9partemental de la police nationale de la C\u00f4te-\nd'Or sont charg\u00e9s, chacun en ce qui le concerne, de l'ex\u00e9cution du pr\u00e9sent arr\u00eat\u00e9 qui sera publi\u00e9 au  \nrecueil des actes administratifs de la pr\u00e9fecture, et adress\u00e9 pour copie \u00e0 monsieur le procureur de la  \nR\u00e9publique pr\u00e8s le tribunal judiciaire de Dijon.\nFait \u00e0 Dijon, le 06 mars 2026\nLe pr\u00e9fet,\nPour le pr\u00e9fet et par d\u00e9l\u00e9gation,\nLa sous-pr\u00e9f\u00e8te, directrice de cabinet,\noriginal sign\u00e9\nAur\u00e9lie CONTRECIVILE\nD\u00e9lais et voies de recours     :  \nLe pr\u00e9sent arr\u00eat\u00e9 peut faire l'objet, dans un d\u00e9lai de deux mois \u00e0 compter de sa publication :\n- Soit d'un recours gracieux devant le pr\u00e9fet de la C\u00f4te-d'Or ou d'un recours hi\u00e9rarchique aupr\u00e8s du Ministre de l'int\u00e9rieur.\n- Soit d'un recours contentieux devant le tribunal administratif de Dijon (22 Rue d'Assas, 21000 Dijon). La juridiction administrative  \ncomp\u00e9tente peut \u00eatre saisie par l'application T\u00e9l\u00e9recours citoyens, accessible \u00e0 partir du site www.telerecours.fr.\nDans le cas du rejet d'un recours gracieux ou hi\u00e9rarchique, le tribunal administratif peut \u00eatre saisi dans un d\u00e9lai de deux mois \u00e0 compter  \nde la date de la d\u00e9cision de rejet.\nPr\u00e9fecture de la C\u00f4te-d'Or - 21-2026-03-06-00003 - Arr\u00eat\u00e9 pr\u00e9fectoral N\u00b0   489\nportant interdiction de rassemblements festifs \u00e0 caract\u00e8re musical et interdiction de circulation\nde tout v\u00e9hicule transportant du mat\u00e9riel de son \u00e0 destination d'un rassemblement festif\n\u00e0 caract\u00e8re musical non autoris\u00e9\n67\nPr\u00e9fecture de la C\u00f4te-d'Or\nDirection des s\u00e9curit\u00e9s\n21-2026-03-03-00003\nARR\u00caT\u00c9 PR\u00c9FECTORAL N\u00b0 470\nportant autorisation de surveillance\nexceptionnelle sur la voie publique - SIG\nPr\u00e9fecture de la C\u00f4te-d'Or - 21-2026-03-03-00003 - ARR\u00caT\u00c9 PR\u00c9FECTORAL N\u00b0 470\nportant autorisation de surveillance exceptionnelle sur la voie publique - SIG 68\nExPREFETDE LACOTE-D'ORLibert\u00e9Egalit\u00e9Fraternit\u00e9\nDIRECTION DES S\u00c9CURIT\u00c9S\nBureau D\u00e9fense et S\u00e9curit\u00e9\nARR\u00caT\u00c9 PR\u00c9FECTORAL N\u00b0 470\nportant autorisation de surveillance exceptionnelle sur la voie publique\nLe Pr\u00e9fet de la C\u00f4te-d'Or\nVU le Code de la s\u00e9curit\u00e9 int\u00e9rieure et notamment son article L613-1 et R613-5  ;\nVU le  d\u00e9cret  n\u00b0  2004-374  du  29  avril  2004  modifi\u00e9  relatif  aux  pouvoirs  des  pr\u00e9fets,  \u00e0\nl'organisation et \u00e0 l'action des services de l'\u00c9tat dans les r\u00e9gions et d\u00e9partements  ;\nVU  l'arr\u00eat\u00e9  pr\u00e9fectoral  N\u00b0  1010/SG  du  2  juillet  2025  donnant  d\u00e9l\u00e9gation  de  signature  \u00e0\nMadame Aur\u00e9lie  CONTRECIVILE,  sous-pr\u00e9f\u00e8te,  directrice  de  cabinet  du  pr\u00e9fet  de  la  r\u00e9gion\nBourgogne-Franche-Comt\u00e9, pr\u00e9fet de la C\u00f4te-d'Or ;\nVU la demande pr\u00e9sent\u00e9e le 03 mars 2026, par la soci\u00e9t\u00e9 SIG, dont le si\u00e8ge social est situ\u00e9 7 rond-\npoint de la Nation \u00e0 Dijon (21000) en vue d'effectuer une mission de surveillance sur la voie\npublique afin d'assurer la s\u00e9curit\u00e9 du match de football France-Pologne au stade Gaston G\u00e9rard\nde Dijon le 07 mars 2026 ;\nVU l a  commande  \u00e9tabli e par  l a  f\u00e9d\u00e9ration  fran\u00e7aise  de  football  pour  la  s\u00e9curisation  de\nl'\u00e9v\u00e8nement par la soci\u00e9t\u00e9 SIG ;\nVU l'autorisation d'exercer N\u00b0AUT-021-2113-09-11-20140399104 d\u00e9livr\u00e9 le 12 septembre 2014  \u00e0 la\nsoci\u00e9t\u00e9 SIG par le Conseil National des Activit\u00e9s Priv\u00e9es de S\u00e9curit\u00e9 ;\nVU l'avis favorable des services de la police nationale le 03 mars 2026;\nCONSIDERANT l'organisation d'un match de football f\u00e9minin entre l'\u00e9quipe de France et l'\u00e9quipe\nde Pologne,  que  cette  manifestation  est sus ceptible de r\u00e9unir  un  nombre  tr\u00e8s important  de\nspectateurs ; que cette concentration du public est de nature \u00e0 favoriser les troubles \u00e0 l'ordre\npublic ;\nCONSIDERANT la pr\u00e9gnance de la menace terroriste sur le territoire national ;\nCONSIDERANT que  les  circonstances  locales  justifient  la  pr\u00e9sence  de  gardiens  sur  la  voie\npublique  pour  assurer  la  surveillance  dans  les  secteurs  et  aux  dates,  heures  et  conditions\nd\u00e9termin\u00e9s \u00e0 l'article 1er ;\nSUR proposition  de  la  sous-pr\u00e9f\u00e8te,  directrice  de  cabinet  du  Pr\u00e9fet  de  la  r\u00e9gion  Bourgogne\nFranche-Comt\u00e9 ;\nDirection des s\u00e9curit\u00e9s\nT\u00e9l. 03.80.44.64.00\nCourriel : pref-polices-administratives@cote-dor.gouv.fr\nPr\u00e9fecture de la C\u00f4te-d'Or - 21-2026-03-03-00003 - ARR\u00caT\u00c9 PR\u00c9FECTORAL N\u00b0 470\nportant autorisation de surveillance exceptionnelle sur la voie publique - SIG 69\nARR\u00caTE\nArticle 1er : Est autoris\u00e9e la mise en place temporaire d'agents de s\u00e9curit\u00e9 priv\u00e9s de la SIG, sur la\nvoie publique, pour assurer  la surveillance  du match France-Pologne au stade Gaston G\u00e9rard \u00e0\nDijon (21000), du samedi 07 mars 2026 \u00e0 8h00 au dimanche 8 mars 2026 \u00e0 00h15 sur les lieux\nsuivants :\n\u2013 place Gaston G\u00e9rard\n\u2013 boulevard Paul Doumer\n\u2013 rue du Stade\nArticle 2  :  Cette surveillance sera assur\u00e9e par des agents de s\u00e9curit\u00e9 d\u00e9tenteurs de leur carte\nprofessionnelle et pour lesquels la soci\u00e9t\u00e9 SIG s'engage \u00e0 v\u00e9rifier les aptitudes et habilitations.\nArticle 3 : Les agents de s\u00e9curit\u00e9 vis\u00e9s \u00e0 l'article 2 ne pourront pas \u00eatre arm\u00e9s.\nArticle 4 : Toute modification ou changement portant aussi bien sur les horaires de surveillance,\nles lieux \u00e0 surveiller, l'entreprise de surveillance elle-m\u00eame, devra \u00eatre port\u00e9 imm\u00e9diatement \u00e0 la\nconnaissance de la pr\u00e9fecture.\nArticle 5 : La pr\u00e9sente autorisation pourra \u00eatre retir\u00e9e \u00e0 tout moment si les n\u00e9cessit\u00e9s de l'ordre\npublic le justifient ou si les conditions d\u00e9finies dans la demande et dans le pr\u00e9sent arr\u00eat\u00e9 cessent\nd'\u00eatre remplies. Elle prendra fin \u00e0 l'expiration de la mission mentionn\u00e9e \u00e0 l'article 1 er.\nArticle 6 : Le pr\u00e9sent arr\u00eat\u00e9 sera publi\u00e9 au recueil des actes administratifs de la Pr\u00e9fecture de la\nC\u00f4te-d'Or, notifi\u00e9 \u00e0 la soci\u00e9t\u00e9 de surveillance  SIG  et transmis pour information \u00e0 Monsieur le\ndirecteur  interd\u00e9partemental  de  la  police  nationale,  au  procureur  de  la  R\u00e9publique  pr\u00e8s  le\ntribunal judiciaire de Dijon et \u00e0 la mairie de Dijon.\n                                                                          Fait \u00e0 Dijon, le 03 mars 2026\nLe pr\u00e9fet,\nPour le pr\u00e9fet et par d\u00e9l\u00e9gation,\nLa directrice de cabinet\noriginal sign\u00e9\nAur\u00e9lie CONTRECIVILE\nD\u00c9LAIS ET VOIES DE RECOURS\nLe pr\u00e9sent arr\u00eat\u00e9 peut \u00eatre contest\u00e9 selon les voies de recours et dans les d\u00e9lais mentionn\u00e9s ci-dessous.\nDans les deux mois \u00e0 compter de la notification du pr\u00e9sent arr\u00eat\u00e9, les recours suivants peuvent \u00eatre introduits :\n- un recours gracieux adress\u00e9 \u00e0 : Pr\u00e9fecture de la C\u00f4te-d'Or - Direction des S\u00e9curit\u00e9s - Bureau de la d\u00e9fense et de la s\u00e9curit\u00e9 \u2013 Polices \nadministratives - 53 rue de la Pr\u00e9fecture - 21041 Dijon Cedex\n- un recours hi\u00e9rarchique adress\u00e9 \u00e0 M. le Ministre de l'Int\u00e9rieur - Secr\u00e9tariat G\u00e9n\u00e9ral - Place Beauvau -75800 Paris Cedex 08\n- un recours contentieux adress\u00e9 au Tribunal Administratif de Dijon - 22 rue d'Assas - BP 61616 - 21016 Dijon Cedex\nLe tribunal administratif peut \u00eatre saisi par un recours d\u00e9pos\u00e9 via l'application T\u00e9l\u00e9recours citoyens accessible par le site internet \nwww.t\u00e9l\u00e9recours.fr. Ce recours juridictionnel doit \u00eatre d\u00e9pos\u00e9 au plus tard avant l'expiration du 2e mois suivant la date de notification de la \nd\u00e9cision contest\u00e9e (ou bien du 2e mois suivant la date du rejet du recours gracieux ou hi\u00e9rarchique).\nPr\u00e9fecture de la C\u00f4te-d'Or - 21-2026-03-03-00003 - ARR\u00caT\u00c9 PR\u00c9FECTORAL N\u00b0 470\nportant autorisation de surveillance exceptionnelle sur la voie publique - SIG 70\nPr\u00e9fecture de la C\u00f4te-d'Or\nDirection des s\u00e9curit\u00e9s\n21-2026-03-06-00004\nArr\u00eat\u00e9 pr\u00e9fectoral n\u00b0 488   \nportant interdiction de rassemblements\nautomobiles sur la voie publique dans le\nd\u00e9partement de la C\u00f4te-d'Or\nPr\u00e9fecture de la C\u00f4te-d'Or - 21-2026-03-06-00004 - Arr\u00eat\u00e9 pr\u00e9fectoral n\u00b0 488   \nportant interdiction de rassemblements automobiles sur la voie publique dans le\nd\u00e9partement de la C\u00f4te-d'Or\n71\nExPREFETDE LACOTE-D'ORLibert\u00e9Egalit\u00e9Fraternit\u00e9\nDIRECTION DES S\u00c9CURIT\u00c9S\nBureau D\u00e9fense et S\u00e9curit\u00e9\nArr\u00eat\u00e9 pr\u00e9fectoral n\u00b0 488   \nportant interdiction de rassemblements automobiles sur la voie publique dans le\nd\u00e9partement de la C\u00f4te-d'Or\nLe Pr\u00e9fet de la C\u00f4te-d'Or\nVU la Constitution, et notamment son Pr\u00e9ambule ;\nVU la Convention europ\u00e9enne de sauvegarde des droits de l'Homme et des libert\u00e9s fondamentales du  \n04 novembre 1950 ;\nVU le code p\u00e9nal, notamment ses articles 223-1, 322-3 et 431-3 et suivants ;\nVU le code de la route, notamment les articles L. 236-1 et 2 ;\nVU le code g\u00e9n\u00e9ral des collectivit\u00e9s territoriales, notamment ses articles L. 2214-4 et L. 2215-1 ;\nVU le code de la s\u00e9curit\u00e9 int\u00e9rieure notamment ses articles L.211 et suivants ;\nVU la loi du 30 juin 1881 sur la libert\u00e9 de r\u00e9union ;\nVU le d\u00e9cret n\u00b0 2004-374 du 29 avril 2004 modifi\u00e9 relatif aux pouvoirs des pr\u00e9fets, \u00e0 l'organisation et \u00e0  \nl'action des services de l'\u00c9tat dans les r\u00e9gions et d\u00e9partements ;\nVU le d\u00e9cret du 10 octobre 2024 nommant monsieur Paul MOURIER, pr\u00e9fet de la r\u00e9gion Bourgogne-\nFranche-Comt\u00e9, pr\u00e9fet de la C\u00f4te d'Or ;\nVU l'arr\u00eat\u00e9  pr\u00e9fectoral  n\u00b01010/SG  du  02  juillet  2025  donnant  d\u00e9l\u00e9gation  de  signature  \u00e0  madame  \nAur\u00e9lie CONTRECIVILE, sous-pr\u00e9f\u00e8te, directrice de cabinet du pr\u00e9fet de la r\u00e9gion Bourgogne Franche-\nComt\u00e9, pr\u00e9fet de C\u00f4te-d'Or ;\nCONSID\u00c9RANT qu'il  appartient  \u00e0  l'autorit\u00e9  administrative  d'appr\u00e9cier  la  n\u00e9cessit\u00e9  de  prendre  des  \nmesures de pr\u00e9vention au vu des risques de troubles \u00e0 l'ordre public dont elle a connaissance et de  \nveiller \u00e0 ce que ces mesures soient proportionn\u00e9es \u00e0 ces risques  ; qu'en application de l'article L.  2215-1 \ndu  code  g\u00e9n\u00e9ral  des  collectivit\u00e9s  territoriales,  le  pr\u00e9fet  est  comp\u00e9tent  pour  prendre  les  mesures  \nadapt\u00e9es et proportionn\u00e9es n\u00e9cessaires ;\nCONSID\u00c9RANT que  les  forces  de  s\u00e9curit\u00e9  int\u00e9rieure  sont  fortement  mobilis\u00e9es  sur  l'ensemble  du  \nterritoire dans le cadre du plan Vigipirate maintenu au niveau \u00ab  Urgence attentat \u00bb ; que le niveau tr\u00e8s  \n\u00e9lev\u00e9 de la menace terroriste qui continue de peser sur notre pays exige le maintien d'une extr\u00eame  \nvigilance sur la protection des rassemblements et sites o\u00f9 un public important est concentr\u00e9 ;\nDirection des s\u00e9curit\u00e9s\nCourriel : pref-direction-securites@cote-dor.gouv.fr\nPr\u00e9fecture de la C\u00f4te-d'Or - 21-2026-03-06-00004 - Arr\u00eat\u00e9 pr\u00e9fectoral n\u00b0 488   \nportant interdiction de rassemblements automobiles sur la voie publique dans le\nd\u00e9partement de la C\u00f4te-d'Or\n72\nCONSID\u00c9RANT que, des rassemblements automobiles, pouvant regrouper plusieurs centaines de  \nparticipants, sont susceptibles d'\u00eatre organis\u00e9s dans le d\u00e9partement de la C\u00f4te-d'Or le week-end  \ndu vendredi 06 mars 2026 au dimanche 08 mars 2026 inclus ;\nCONSID\u00c9RANT qu'au regard de l'article L. 211-1 du code de la s\u00e9curit\u00e9 int\u00e9rieure, sont soumis \u00e0  \nl'obligation d'une d\u00e9claration pr\u00e9alable tous cort\u00e8ges, d\u00e9fil\u00e9s et rassemblements de personnes, et,  \nd'une fa\u00e7on g\u00e9n\u00e9rale, toutes manifestations sur la voie publique; que cet \u00e9v\u00e9nement, compte tenu  \ndes  modalit\u00e9s  d'acc\u00e8s  au  public,  de  son  attrait  m\u00e9diatique,  de  son  objet  et  de  sa  publicit\u00e9,  \nconstitue une r\u00e9union publique et un rassemblement au sens de la loi ;\nCONSID\u00c9RANT qu'aucune d\u00e9claration pr\u00e9alable n'a \u00e9t\u00e9 d\u00e9pos\u00e9e aupr\u00e8s des services comp\u00e9tents ;\nCONSID\u00c9RANT que ce type de rassemblements automobiles qui r\u00e9unit habituellement plusieurs  \ncentaines  de  v\u00e9hicules  et  jusqu'\u00e0  plusieurs  milliers  de  personnes,  donne  lieu  \u00e0  des  troubles  \nimportants \u00e0 l'ordre public et \u00e0 la s\u00e9curit\u00e9 publique : \"drifts\" (d\u00e9rapages) et \"burnout\" (acc\u00e9l\u00e9ration \nsur place pour faire chauffer les pneus) dangereux pour les spectateurs, ou courses de vitesse sur  \nles axes routiers avec de grands exc\u00e8s de vitesse ;\nCONSID\u00c9RANT  que le 27 f\u00e9vrier 2024 vers 22h00, un groupe de jeunes s'est rassembl\u00e9 sur le  \nparking du centre commercial Carrefour Quetigny lorsque l'un d'entre eux a d\u00e9cid\u00e9 de monter sur  \nle toit d'un v\u00e9hicule pour faire un tour de parking  ; alors que le v\u00e9hicule roulait \u00e0 une vitesse  \nd'environ 40 km/h, le jeune a perdu l'\u00e9quilibre et a chut\u00e9 lourdement sur le bitume. Il est d\u00e9c\u00e9d\u00e9 de \nses blessures le lendemain au CHU de Dijon (21) ;\nCONSID\u00c9RANT qu'un  rassemblement  automobile  de  \"tuning\"  d'une  dizaine  de  voitures  s'est  \nd\u00e9roul\u00e9 le 2 novembre 2024 en Savoie dans la commune de Chamb\u00e9ry  ; que les forces de l'ordre  \nont d\u00fb intervenir et qu'ils ont \u00e9t\u00e9 cibl\u00e9s par des jets de projectiles et de fumig\u00e8nes ;\nCONSID\u00c9RANT qu'un  rassemblement  automobile  intitul\u00e9  \"RAssO  XMAs\"  s'est  d\u00e9roul\u00e9  le  \n8 d\u00e9cembre 2024 en Haute-Savoie dans la commune d'Annecy rassemblant 500 participants ; que  \nde nombreuses infractions routi\u00e8res mettant en danger les usagers de la route ont \u00e9t\u00e9 commises  ; \nque 363 infractions au code de la route ont \u00e9t\u00e9 relev\u00e9es ;\nCONSID\u00c9RANT qu'un  rassemblement  automobile  intitul\u00e9  \"RAssO  XMAs\"  s'est  d\u00e9roul\u00e9  le  \n14 d\u00e9cembre  2024,  dans  le  d\u00e9partement  de  l'Is\u00e8re,  occasionnant  de  graves  troubles  \u00e0  l'ordre  \npublic :  rixes,  accidents  de  la  circulation,  engorgement  des  axes  de  circulation  cr\u00e9ant  des  \nralentissements et des situations de mise en danger des usagers ; que, par ailleurs, des consignes  \navaient \u00e9t\u00e9 donn\u00e9es sur les r\u00e9seaux sociaux aux participants en vue de ralentir voire de bloquer  \nl'arriv\u00e9e des forces de l'ordre ;\nCONSID\u00c9RANT qu'un rassemblement automobile non autoris\u00e9 s'est tenu dans la nuit du 21 au  \n22 d\u00e9cembre 2024 en Savoie dans la commune de Chamb\u00e9ry, rassemblant 200 v\u00e9hicules et 500  \nspectateurs  ;  qu'il  a  \u00e9t\u00e9  fait  \u00e9tat  de  situations  dangereuses  telles  que  des  d\u00e9monstrations  de \n\"drifts\" et de \"burnout\" par certains participants; que l'arriv\u00e9e des forces de l'ordre a \u00e9t\u00e9 bloqu\u00e9e  \npar les participants; que de nombreuses contraventions ont \u00e9t\u00e9 dress\u00e9es aux v\u00e9hicules qui \u00e9taient  \nen infraction ;\nCONSID\u00c9RANT que dans la nuit du samedi 8 f\u00e9vrier 2025 au dimanche 9 f\u00e9vrier 2025, plus d'une  \ncentaine de v\u00e9hicules et pr\u00e8s de 300 personnes se sont rassembl\u00e9s dans la commune de Sainte-\nH\u00e9l\u00e8ne-du-Lac, avant de se rendre en convoi \u00e0 Chamb\u00e9ry en Savoie  ; que les forces de l'ordre ont  \nconstat\u00e9 l'utilisation de nombreux artifices  ; que dans la nuit, des courses de voitures ont \u00e9t\u00e9  \nsignal\u00e9es \u00e0 La-Motte-Servolex en Savoie ;\nCONSID\u00c9RANT que le 12 juillet 2025, 300 v\u00e9hicules se sont rassembl\u00e9s \u00e0 Saint-\u00c9tienne (42) et que  \ndes tirs de mortiers ont \u00e9t\u00e9 relev\u00e9s ;\nDirection des s\u00e9curit\u00e9s\nCourriel : pref-direction-securites@cote-dor.gouv.fr\nPr\u00e9fecture de la C\u00f4te-d'Or - 21-2026-03-06-00004 - Arr\u00eat\u00e9 pr\u00e9fectoral n\u00b0 488   \nportant interdiction de rassemblements automobiles sur la voie publique dans le\nd\u00e9partement de la C\u00f4te-d'Or\n73\nCONSID\u00c9RANT que le 13 juillet 2025, 300 v\u00e9hicules se sont rassembl\u00e9s \u00e0 Givors (69), donnant lieu \u00e0 des  \ncomportements dangereux tels que des drifts, en pr\u00e9sence de pi\u00e9tons ;\nCONSID\u00c9RANT que du 15 au 16 novembre 2025, 800 v\u00e9hicules et 3  000 personnes se sont rassembl\u00e9s  \ndans  la  r\u00e9gion  Auvergne-Rh\u00f4ne-Alpes  que  les  forces  de  l'ordre  ont  \u00e9t\u00e9  la  cible  de  mortiers  et  de \nprojectiles \u00e0 Bourg-en-Bresse (01) :\nCONSID\u00c9RANT que des rassemblements similaires se sont d\u00e9j\u00e0 tenus sur les zones commerciales du  \nd\u00e9partement  de  Sa\u00f4ne-et-Loire,  \u00e0  Varennes-les-Macon,  Vinzelles,Cr\u00e9che  sur  Sa\u00f4ne  et  Sanc\u00e9  Nord,  \nprovoquant des troubles \u00e0 l'ordre public ;\nCONSID\u00c9RANT le rassemblement automobile qui a eu lieu le samedi 24 janvier 2026 sur le parking du  \ncentre commercial Carrefour \u00e0 Chalon sur Sa\u00f4ne (71), apr\u00e8s un appel sur les r\u00e9seaux sociaux, qui a  \nrassembl\u00e9 environ 500 v\u00e9hicules et 1  000 personnes en provenance de plusieurs d\u00e9partements dont la  \nC\u00f4te-d'Or ; que lors de ce rassemblement, des tirs de mortiers et de feux d'artifice \u00e9taient observ\u00e9s  \ndans les airs ; que des conducteurs effectuaient \u00e9galement des man\u0153uvres de type \"drift\" sur le parking \ndu centre commercial ; que ces faits \u00e9taient g\u00e9n\u00e9rateurs de troubles \u00e0 l'ordre public ;\nCONSID\u00c9RANT  la  tentative  de  rassemblement  automobile  le  30  janvier  2026  sur  l'agglom\u00e9ration  \nDijonnaise ;\nCONSID\u00c9RANT les appels aux rassemblements automobiles lanc\u00e9s via les r\u00e9seaux sociaux pour les 14 et  \n21 f\u00e9vrier 2026 sur l'agglom\u00e9ration Dijonnaise ;\nCONSID\u00c9RANT que  ce  rassemblement  automobile  pourrait  \u00eatre  de  grande  ampleur,  et  donc  \nsusceptible  d'entra\u00eener  des  troubles  \u00e0  l'ordre  public  sur  son  passage  ainsi  que  sur  son  point  de  \nralliement ;\nSUR proposition de monsieur le secr\u00e9taire g\u00e9n\u00e9ral de la pr\u00e9fecture de la C\u00f4te-d'Or ;\nARR\u00caTE\nArticle 1er     :   La tenue de tout rassemblement automobile de personnes et de v\u00e9hicules autres que ceux  \nl\u00e9galement d\u00e9clar\u00e9s ou autoris\u00e9s, est interdite sur l'ensemble du territoire du d\u00e9partement de la C\u00f4te-\nd'Or, \u00e0 compter du vendredi 06 mars 2026 \u00e0 16h00 et jusqu'au lundi 09 mars 2026 \u00e0 8h00.\nArticle 2     :   Tout contrevenant \u00e0 cette interdiction est passible des sanctions p\u00e9nales pr\u00e9vues aux articles  \n431-9 et R. 610-5 du code p\u00e9nal ainsi qu'aux sanctions pr\u00e9vues par les diff\u00e9rents articles vis\u00e9s par le  \npr\u00e9sent arr\u00eat\u00e9.\nArticle 3     :   Tout rassemblement automobile sur la voie publique entrant dans le champ du pr\u00e9sent arr\u00eat\u00e9 \npourra \u00eatre dissip\u00e9 le cas \u00e9ch\u00e9ant selon les dispositions de l'article L.211-9 du code de la s\u00e9curit\u00e9  \nint\u00e9rieure.\nArticle 4     :   Le pr\u00e9sent arr\u00eat\u00e9 peut \u00eatre contest\u00e9 dans les deux mois suivants sa publication soit :\n- par recours gracieux adress\u00e9  \u00e0 : Pr\u00e9fecture de la C\u00f4te-d'Or \u2212 Direction des S\u00e9curit\u00e9s \u2212 Bureau de la  \nd\u00e9fense et de la s\u00e9curit\u00e9 \u2212 53 rue de la Pr\u00e9fecture \u221221041 Dijon Cedex\n- par recours hi\u00e9rarchique adress\u00e9 aupr\u00e8s du ministre de l'Int\u00e9rieur \u2013 Place Beauvau \u2013 75800 Paris Cedex  \n08 ;\n- par recours contentieux d\u00e9pos\u00e9 devant le tribunal administratif de Dijon. Le tribunal administratif peut \n\u00eatre  saisi  par  l'application  informatique  \u00ab  T\u00e9l\u00e9recours  citoyens  \u00bb  accessible  par  le  site  internet  \nwww.telerecours.fr.\nDirection des s\u00e9curit\u00e9s\nCourriel : pref-direction-securites@cote-dor.gouv.fr\nPr\u00e9fecture de la C\u00f4te-d'Or - 21-2026-03-06-00004 - Arr\u00eat\u00e9 pr\u00e9fectoral n\u00b0 488   \nportant interdiction de rassemblements automobiles sur la voie publique dans le\nd\u00e9partement de la C\u00f4te-d'Or\n74\nArticle 5     :   La directrice de cabinet du pr\u00e9fet de la r\u00e9gion Bourgogne-Franche-Comt\u00e9, pr\u00e9fet de la  \nC\u00f4te-d'Or,  le  directeur  interd\u00e9partemental  de  la  police  nationale  de  la  C\u00f4te-d'Or,  le  g\u00e9n\u00e9ral  \ncommandant la r\u00e9gion de gendarmerie de Bourgogne-Franche-Comt\u00e9 commandant le groupement  \nde gendarmerie d\u00e9partementale de la C\u00f4te-d'Or sont charg\u00e9s, chacun en ce qui le concerne, de  \nl'ex\u00e9cution du pr\u00e9sent arr\u00eat\u00e9 qui sera publi\u00e9 au recueil des actes administratifs de la pr\u00e9fecture de  \nla C\u00f4te-d'Or et dont copie sera adress\u00e9e au procureur de la R\u00e9publique pr\u00e8s le tribunal judiciaire  \nde Dijon.\nFait \u00e0 Dijon, 06 mars 2026\nLe pr\u00e9fet,\nPour le pr\u00e9fet et par d\u00e9l\u00e9gation,\nLa sous-pr\u00e9f\u00e8te, directrice de cabinet,\n                                            \noriginal sign\u00e9\n          Aur\u00e9lie CONTRECIVILE\nDirection des s\u00e9curit\u00e9s\nCourriel : pref-direction-securites@cote-dor.gouv.fr\nPr\u00e9fecture de la C\u00f4te-d'Or - 21-2026-03-06-00004 - Arr\u00eat\u00e9 pr\u00e9fectoral n\u00b0 488   \nportant interdiction de rassemblements automobiles sur la voie publique dans le\nd\u00e9partement de la C\u00f4te-d'Or\n75","date":"2026-03-06","first_seen_on":"2026-03-06T17:45:52+00:00","id":"cb9f678fb69a5b9edf05231fc58091875f2fd9c3eee2db2e75e012f484b5968b","name":"RAA n\u00b0 045 du 06 mars 2026","pdf_creation_date":"2026-03-06T15:05:45+00:00","pdf_modification_date":null,"timezone":"Europe/Paris","url":"https://www.cote-dor.gouv.fr/contenu/telechargement/25673/196429/file/recueil-21-2026-045-recueil-des-actes-administratifs-special.pdf"}
