{"administration":"prefidf","administration_name":"Pr\u00e9fecture de la r\u00e9gion \u00cele-de-France","content":"PREFECTURE\nREGION ILE DE\nFRANCE\nRECUEIL DES ACTES\nADMINISTRATIFS SP\u00c9CIAL\nN\u00b0IDF-049-2025-07\nPUBLI\u00c9 LE 25 JUILLET 2025\nSommaire\nChambre de commerce et d'industrie de Seine-et-Marne /\nIDF-2025-07-25-00002 - 06DSF25 - D\u00e9l\u00e9gation d'engagement de\nd\u00e9penses UTEC Emerainville (2 pages) Page 3\nDirection r\u00e9gionale et interd\u00e9partementale de l'\u00e9conomie, de l'emploi,\ndu travail et des solidarit\u00e9s d'\u00cele-de-France / secr\u00e9tariat de direction\nIDF-2025-07-25-00007 - D\u00e9cision n\u00b0 2025-129 du 25 juillet 2025 portant\nsubd\u00e9l\u00e9gation de signature de Monsieur Marc Rohfritsch, Directeur\nr\u00e9gional et interd\u00e9partemental de l'\u00c9conomie, de l'Emploi, du\nTravail et des Solidarit\u00e9s d'\u00cele-de-France\npar int\u00e9rim, aux agents\nde l'unit\u00e9 d\u00e9partementale du Val-de-Marne (6 pages) Page 6\n2\nChambre de commerce et d'industrie de\nSeine-et-Marne\nIDF-2025-07-25-00002\n06DSF25 - D\u00e9l\u00e9gation d'engagement de\nd\u00e9penses UTEC Emerainville\nChambre de commerce et d'industrie de Seine-et-Marne - IDF-2025-07-25-00002 - 06DSF25 - D\u00e9l\u00e9gation d'engagement de d\u00e9penses\nUTEC Emerainville 3\nC CCI SEINE-ET-MARNE\n06DSF25 \nDiffusion : b\u00e9n\u00e9ficiaires \u2013 site www.seineetmarne.cci.fr  \u2013 recueil des actes administratifs de la Pr\u00e9fecture  de \nr\u00e9gion Ile-de-France \nPage 1 \n \n \n \n \nDELEGATION D'ENGAGEMENT DE DEPENSES  \nCONCERNANT L'UTEC \n \n \nLe PRESIDENT de la CCI de Seine et Marne, \n \nVu les dispositions de l'article R711-68 du code de commerce  \n \nVu le R\u00e8glement Int\u00e9rieur de la C.C.I. de Seine-et-Marne, \n \nD\u00e9cide : \n \nSur proposition du Directeur G\u00e9n\u00e9ral, Monsieur Dominique CHARNEAU, \n \nDe d\u00e9l\u00e9guer sa signature en mati\u00e8re d'engagements d e d\u00e9penses et d'actes dont d\u00e9coule \nune cr\u00e9ance au profit de la CCI \u00e0 Monsieur Simon LE SIMPLE, chef de travaux UTEC, dans \nles limites pr\u00e9cis\u00e9es ci-dessous : \n \n \nPr\u00e9nom Nom Comp\u00e9tence Limite HT par \nengagement \nSimon LESIMPLE \nUTEC EMERAINVILLE \nHRT \n -Denr\u00e9es alimentaires \n-Boissons \n-Produits d'entretien et \nd'hygi\u00e8ne \n-Consommables \u00e0 usage \nunique \n-Location et entretien du linge \n \n3.000 \u20ac \n \n \nEn ce qui concerne les d\u00e9penses et les charges, le d\u00e9l\u00e9gataire doit v\u00e9rifier : \n \n- au respect des proc\u00e9dures applicables  \n- \u00e0 la r\u00e9gularit\u00e9 de l'engagement de d\u00e9pense ou de charge au regard des proc\u00e9dures \napplicables et notamment du Code de la commande pub lique et du besoin l\u00e9gitime de la \nCCI, de l'\u00e9mission d'un bon de commande s'il y a lieu, \n- dans le cas o\u00f9 les cr\u00e9dits correspondants pr\u00e9sent ent un caract\u00e8re limitatif, l'existence de \ncr\u00e9dits encore disponibles au budget, au titre du t ype de d\u00e9penses ou de charges \nconsid\u00e9r\u00e9es, \n- \u00e0 la r\u00e9alit\u00e9 du bien livr\u00e9 ou du service rendu \u00e0 la CCI donnant lieu \u00e0 la d\u00e9pense ou \u00e0 la \ncharge (\u00ab bien livr\u00e9 \u00bb ou \u00ab service fait \u00bb), \n- \u00e0 la qualit\u00e9 des pi\u00e8ces justificatives li\u00e9es au mandat soumis \u00e0 sa signature (contr\u00f4le \nfactures ou autres documents tenant lieu de demande  de paiement) et, notamment, \nl'exactitude du montant de la d\u00e9pense ou de la charge, \n- au bon ordonnancement de la d\u00e9pense ou de la charge. \nChambre de commerce et d'industrie de Seine-et-Marne - IDF-2025-07-25-00002 - 06DSF25 - D\u00e9l\u00e9gation d'engagement de d\u00e9penses\nUTEC Emerainville 4\n06DSF25 \nDiffusion : b\u00e9n\u00e9ficiaires \u2013 site www.seineetmarne.cci.fr  \u2013 recueil des actes administratifs de la Pr\u00e9fecture  de \nr\u00e9gion Ile-de-France \nPage 2 \n \n \nSont exclus de la pr\u00e9sente d\u00e9l\u00e9gation : \n \n- les op\u00e9rations aff\u00e9rentes au personnel en CDI ou en CDD ou au personnel vacataire \n(engagement, r\u00e9mun\u00e9ration, etc\u2026), \n- les engagements de d\u00e9penses et les charges d\u00e9passant le budget, qui rel\u00e8vent de \nl'appr\u00e9ciation du Directeur G\u00e9n\u00e9ral, \n- la notification d'un march\u00e9 de 30.000 \u20ac HT ou plus qui rel\u00e8ve du Pr\u00e9sident. \n \nEn ce qui concerne les recettes, le d\u00e9l\u00e9gataire doit v\u00e9rifier : \n \n- la r\u00e9gularit\u00e9 de l'acte dont d\u00e9coule la cr\u00e9ance a u profit de la CCI et notamment le respect \ndes proc\u00e9dures applicables \n- la r\u00e9alit\u00e9 du bien livr\u00e9 ou du service rendu par la CCI donnant lieu \u00e0 la recette ou au \nproduit, \n- la qualit\u00e9 des pi\u00e8ces justificatives li\u00e9es au titre de perception soumis \u00e0 sa signature et, \nnotamment, l'exactitude du montant de la recette ou du produit, \n- l'exhaustivit\u00e9 des facturations et des recettes \n \nL'attention du d\u00e9l\u00e9gataire est attir\u00e9e sur la responsabilit\u00e9 civile et p\u00e9nale attach\u00e9e \u00e0 la \nd\u00e9l\u00e9gation. \n \nLa pr\u00e9sente d\u00e9l\u00e9gation compl\u00e8te concernant Monsieur LESIMPLE la d\u00e9l\u00e9gation n\u00b0 02DSF23 \nqui lui a \u00e9t\u00e9 conf\u00e9r\u00e9e le 28 avril 2023. \n \nLa pr\u00e9sente d\u00e9l\u00e9gation prend effet \u00e0 compter du 1 \ner  septembre 2025 et ce jusqu'au terme de \nla mandature actuelle. \n \nSerris, le 27 juillet 2025 \n \nLe Pr\u00e9sident \n \nSign\u00e9  \n \n \n Jean-Charles HERRENSCHMIDT \n \n \n \n \n \n \n \n \n \n \n \n \n \nChambre de commerce et d'industrie de Seine-et-Marne - IDF-2025-07-25-00002 - 06DSF25 - D\u00e9l\u00e9gation d'engagement de d\u00e9penses\nUTEC Emerainville 5\nDirection r\u00e9gionale et interd\u00e9partementale de\nl'\u00e9conomie, de l'emploi, du travail et des\nsolidarit\u00e9s d'\u00cele-de-France\nIDF-2025-07-25-00007\nD\u00e9cision n\u00b0 2025-129 du 25 juillet 2025 portant\nsubd\u00e9l\u00e9gation de signature de Monsieur Marc\nRohfritsch, Directeur r\u00e9gional et\ninterd\u00e9partemental de l'\u00c9conomie, de l'Emploi,\ndu Travail et des Solidarit\u00e9s d'\u00cele-de-France\npar int\u00e9rim, aux agents de l'unit\u00e9\nd\u00e9partementale du Val-de-Marne\nDirection r\u00e9gionale et interd\u00e9partementale de l'\u00e9conomie, de l'emploi, du travail et des solidarit\u00e9s d'\u00cele-de-France -\nIDF-2025-07-25-00007 - D\u00e9cision n\u00b0 2025-129 du 25 juillet 2025 portant subd\u00e9l\u00e9gation de signature de Monsieur Marc Rohfritsch,\nDirecteur r\u00e9gional et interd\u00e9partemental de l'\u00c9conomie, de l'Emploi, du Travail et des Solidarit\u00e9s d'\u00cele-de-France\npar int\u00e9rim, aux agents de l'unit\u00e9 d\u00e9partementale du Val-de-Marne\n6\nPREFETDU VAL-DE-MARNELibert\u00e9Egalit\u00e9Fraternit\u00e9\n \nDRIEETS d'Ile-de-France  \n21 rue Madeleine Vionnet  \n93300 AUBERVILLIERS \nDirection r\u00e9gionale et interd\u00e9partementale \nde l'\u00e9conomie, de l'emploi, \ndu travail et des solidarit\u00e9s  \n \n             \n \n \n \n \nD\u00c9CISION n\u00b0 2025-129 du 25 juillet 2025 \n \nPortant subd\u00e9l\u00e9gation de signature de Monsieur Marc Rohfritsch, Directeur r\u00e9gional et \ninterd\u00e9partemental de l'\u00c9conomie, de l'Emploi, du Travail et des Solidarit\u00e9s d'\u00cele -de-France \npar int\u00e9rim, aux agents de l'unit\u00e9 d\u00e9partementale du Val-de-Marne \n \n \nVu le code du commerce ;  \n \nVu le code de la sant\u00e9 publique ; \n \nVu le code du tourisme ; \n \nVu le code du travail ; \n \nVu la loi n\u00b0 82-213 du 2 mars 1982 relative aux droits et libert\u00e9s des communes, des d\u00e9partements \net des r\u00e9gions, modifi\u00e9e ; \n \nVu la loi d'orientation n\u00b0 92 -125 du 6 f\u00e9vrier 1992 modifi\u00e9e relative \u00e0 l'administration territoriale \nde la R\u00e9publique, notamment ses articles 4 et 6 ;  \n \nVu le d\u00e9cret n\u00b0 97-34 du 15 janvier 1997 relatif \u00e0 la d\u00e9concentration des d\u00e9cisions administratives \nindividuelles ;  \n \nVu le d\u00e9cret n\u00b02001-387 du 3 mai 2001 relatif au contr\u00f4le des instruments de mesure ;  \n \nVu le d\u00e9cret n\u00b0 2004-374 du 29 avril 2004 modifi\u00e9 relatif aux pouvoirs des pr\u00e9fets, \u00e0 l'organisation \net \u00e0 l'action des services de l'\u00c9tat dans les r\u00e9gions et d\u00e9partements ; \n \nVu le d\u00e9cret n\u00b0 2009 -360 du 31 mars 2009 relatif aux emplois de direction de l'administration \nterritoriale de l'\u00c9tat ; \n \nVu le d\u00e9cret n\u00b0 2009 -1377 du 10 novembre 2009 relatif \u00e0 l'organisation et aux missions des \ndirections r\u00e9gionales des entreprises, de la concurrence, de la consommation, du travail et de \nl'emploi ; \n \nVu le d\u00e9cret n\u00b02010-146 du 16 f\u00e9vrier 2010 modifiant le d\u00e9cret n\u00b0 2004-374 du 29 avril 2004 relatif \naux pouvoirs des pr\u00e9fets, \u00e0 l'organisation et \u00e0 l'action des services de l' \u00c9tat dans les r\u00e9gions et \nd\u00e9partements ; \n \nVu le d\u00e9cret n\u00b0 2010-687 du 24 juin 2010 relatif \u00e0 l'organisation et \u00e0 l'action des services de l'\u00e9tat \ndans la r\u00e9gion et les d\u00e9partements d'Ile de France ; \n \nVu le d\u00e9cret n\u00b02015 -1689 du 17 d\u00e9cembre 2015 portant diverses mesures d'organisation et de \nfonctionnement dans les r\u00e9gions de l'administration territoriale de l' \u00c9tat et de commissions \nadministratives ; \n \nDirection r\u00e9gionale et interd\u00e9partementale de l'\u00e9conomie, de l'emploi, du travail et des solidarit\u00e9s d'\u00cele-de-France -\nIDF-2025-07-25-00007 - D\u00e9cision n\u00b0 2025-129 du 25 juillet 2025 portant subd\u00e9l\u00e9gation de signature de Monsieur Marc Rohfritsch,\nDirecteur r\u00e9gional et interd\u00e9partemental de l'\u00c9conomie, de l'Emploi, du Travail et des Solidarit\u00e9s d'\u00cele-de-France\npar int\u00e9rim, aux agents de l'unit\u00e9 d\u00e9partementale du Val-de-Marne\n7\n2 / 6 \nVu le d\u00e9cret du 6 novembre 2024 portant nomination de Monsieur \u00c9tienne STOSKOPF en qualit\u00e9 \nde pr\u00e9fet du Val-de-Marne ; \n \nVu l'arr\u00eat\u00e9 interminist\u00e9riel du 19 juin 2023 nommant Madame Fr\u00e9d\u00e9rique CHADEL sur l'emploi de \ndirecteur adjoint de l'unit\u00e9 d\u00e9partementale du Val-de-Marne ; \n \nVu l'arr\u00eat\u00e9 interminist\u00e9riel du 28 f\u00e9vrier 2025 reconduisant Monsieur Didier TILLET, directeur \nr\u00e9gional et interd\u00e9partemental adjoint de l'\u00e9conomie, de l'emploi, du travail et des solidarit\u00e9s \nd'\u00cele-de-France, sur l'emploi de directeur de l'unit\u00e9 d\u00e9partementale du Val de Marne ; \n \nVu l'arr\u00eat\u00e9 interminist\u00e9riel du 20 mars 2025 nommant Marc ROHFRITSCH directeur r\u00e9gional et \ninterd\u00e9partemental de l'\u00e9conomie, de l'emploi, du travail et des solidarit\u00e9s d'\u00cele -de-France par \nint\u00e9rim \u00e0 compter du 1er avril 2025, \n \nVu l'arr\u00eat\u00e9 pr\u00e9fectoral n\u00b0 2025/02658 du 18 juillet  2025 par lequel l e pr\u00e9fet du Val -de-Marne \nd\u00e9l\u00e8gue sa signature \u00e0 Monsieur Marc ROHFRITSCH, Directeur r\u00e9gional et interd\u00e9partemental de \nl'\u00c9conomie, de l'Emploi, du Travail et des Solidarit\u00e9s d'Ile-de-France (DRIEETS) par int\u00e9rim ; \n \n \nD\u00e9cide \nArticle 1er \n \nSubd\u00e9l\u00e9gation de signature est donn\u00e9e \u00e0  Monsieur Didier TILLET , directeur r\u00e9gional adjoint, \ndirecteur de l'unit\u00e9 d\u00e9partementale du Val de Marne , \u00e0 l'effet de signer, dans le cadre de ses \nattributions et comp\u00e9tences, toutes d\u00e9cisions figurant ci -dessous ainsi que celles relevant du \nchamp de la coh\u00e9sion sociale prises par la direction r\u00e9gionale et interd\u00e9partementale du \nd\u00e9partement du Val-de-Marne, \u00e0 l'exception des arr\u00eat\u00e9s r\u00e9glementaires g\u00e9n\u00e9raux et des d\u00e9cisions \nmentionn\u00e9es \u00e0 l'article 3 : \n \n1.  Salaires et conseillers des salari\u00e9s \n\u00c9tablissement du tableau des temps n\u00e9cessaires \u00e0 l'ex\u00e9cution des travaux des travailleurs \u00e0 \ndomicile - article L 7422-2 CT \nFixation du salaire horaire minimum et des frais d'atelier ou accessoires des travailleurs \u00e0 domicile \n- articles L 7422-6 et L 7422-11 CT \nFixation de la valeur des avantages et prestations en nature entrant dans le calcul de l'indemnit\u00e9 \nde cong\u00e9s pay\u00e9s - article L 3141-25 CT \nD\u00e9cisions relatives au remboursement \u00e0 l'employeur de l'allocation compl\u00e9mentaire servie aux \nsalari\u00e9s b\u00e9n\u00e9ficiant de la r\u00e9mun\u00e9ration mensuelle minimale - articles L 3232-7 R 3232-3 et 4 CT \nD\u00e9cisions relatives au paiement direct aux salari\u00e9s de l'allocation compl\u00e9mentaire servie aux \nsalari\u00e9s b\u00e9n\u00e9ficiant de la r\u00e9mun\u00e9ration mensuelle minimale - articles L 3232-7 , R 3232-6 du CT \nArr\u00eat\u00e9 fixant la liste des conseillers des salari\u00e9s - articles D 1232-4 et -5 CT \nD\u00e9cisions en mati\u00e8re de remboursement des frais de d\u00e9placement (r\u00e9els ou forfaitaires) expos\u00e9s \npar les conseillers du salari\u00e9 - articles D 1232-7 et 8 CT \nD\u00e9cisions en mati\u00e8re de remboursement aux employeurs des salaires maintenus aux conseillers du \nsalari\u00e9 pour l'exercice de leur mission - article L 1232-11 CT \nAgr\u00e9ment des contr\u00f4leurs des caisses de cong\u00e9s pay\u00e9s - Article D 3141-11 du CT \n2.  Jeunes de moins de 18 ans \nD\u00e9livrance, renouvellement, suspension, retrait de l'agr\u00e9ment des caf\u00e9s et brasseries pour \nemployer ou recevoir en stage des jeunes de 16 \u00e0 18 ans suivant une formation en alternance - \narticle L 4153-6, R 4153-8 et R 4153-12 du CT, article L 2336-4 du code de la sant\u00e9 publique \nDirection r\u00e9gionale et interd\u00e9partementale de l'\u00e9conomie, de l'emploi, du travail et des solidarit\u00e9s d'\u00cele-de-France -\nIDF-2025-07-25-00007 - D\u00e9cision n\u00b0 2025-129 du 25 juillet 2025 portant subd\u00e9l\u00e9gation de signature de Monsieur Marc Rohfritsch,\nDirecteur r\u00e9gional et interd\u00e9partemental de l'\u00c9conomie, de l'Emploi, du Travail et des Solidarit\u00e9s d'\u00cele-de-France\npar int\u00e9rim, aux agents de l'unit\u00e9 d\u00e9partementale du Val-de-Marne\n8\n3 / 6 \nD\u00e9livrance, retrait des autorisations individuelles d'emploi des enfants dans les spectacles, les \nprofessions ambulantes et comme mannequins dans la publicit\u00e9 et la mode - Article L 7124 -1 du \nCT \nD\u00e9livrance, renouvellement, retrait, suspension de l'agr\u00e9ment de l'agence de mannequins lui \npermettant d'engager des enfants - Articles L 7124-5 et R 7124-1 du CT \nFixation de la r\u00e9partition de la r\u00e9mun\u00e9ration per\u00e7ue par l'enfant, employ\u00e9 dans les spectacles, les \nprofessions ambulantes ou comme mannequin dans la publicit\u00e9 et la mode, entre ses \nrepr\u00e9sentants l\u00e9gaux et le p\u00e9cule ; autorisation de pr\u00e9l\u00e8vement - Article L 7124-9 et 10 du CT \n3.  H\u00e9bergement collectif \nAccus\u00e9 de r\u00e9ception de la d\u00e9claration par un employeur de l'affectation d'un local \u00e0 \nl'h\u00e9bergement, mises en demeures et d\u00e9cision de fermeture concernant ce local - Articles 1, 5, 6 \net 7 de la loi n\u00b0 73-548 du 27 juin 1973 sur l'h\u00e9bergement collectif \n4.  Conciliation \nProc\u00e9dure de conciliation - Articles L 2522-4 et R 2522-1 \u00e0 R 2522-21 du CT \n5.  CISSCT \nMise en place d'un CISSCT dans le p\u00e9rim\u00e8tre d'un plan de pr\u00e9vention des risques technologiques \n(d\u00e9cision de mise en place, invitation des membres) - Articles L 4524-1 et R 4524-1 \u00e0 -9 du CT \n6.  Apprentissage alternance \nD\u00e9cision d'opposition \u00e0 l'engagement d'apprentis et \u00e0 la poursuite des contrats en cours - articles \nL. 6223-1 et L. 6225-1 \u00e0 6225-3, L. 6225-4 \u00e0 L. 6225-6, R. 6223-16 et R. 6225-4 \u00e0 6225-8 CT \n7.  Aide aux salari\u00e9s plac\u00e9s en activit\u00e9 partielle \nD\u00e9cisions relatives au placement en activit\u00e9 partielle et \u00e0 son indemnisation. M\u00e9moires en d\u00e9fense \nrelatifs \u00e0 l'activit\u00e9 partielle de droit commun - Art. L.5122-1 et 2, R.5122-1 \u00e0 29 \nD\u00e9cision de validation ou de refus de validation des accords collectifs d'activit\u00e9 partielle de longue \ndur\u00e9e, d\u00e9cision d'homologation ou de refus d'homologation des documents unilat\u00e9raux d'activit\u00e9 \npartielle de longue dur\u00e9e - Loi n\u00b0 2020-734 du 17 juin 2020, notamment son article 53, article 5 du \nd\u00e9cret n\u00b0 2020-926 du 28 juillet 2020, article R. 5122-4 du code du travail \nD\u00e9cision d'autorisation de renouvellement ou de refus de renouvellement de la d\u00e9cision de \nvalidation de l'accord ou d'homologation du document d'activit\u00e9 partielle de longue dur\u00e9e - Loi n\u00b0 \n2020-734 du 17 juin 2020, notamment son article 53, article 5 du d\u00e9cret n\u00b0  2020-926 du 28 juillet \n2020 \nD\u00e9cision de retrait d'autorisation de placement en activit\u00e9 partielle de longue dur\u00e9e - Article R. \n5122-4 du code du travail \nM\u00e9moires en d\u00e9fense relatifs \u00e0 l'activit\u00e9 partielle de longue dur\u00e9e - Article R. 5122 -4 du code du \ntravail  \n \n8\u00b0 Aide aux salari\u00e9s plac\u00e9s en activit\u00e9 partielle de longue dur\u00e9e rebond (APLD -R) \n \nD\u00e9cisions d'autorisations et de renouvellements d'autorisations d'APLD -R conform\u00e9ment \u00e0 \nl'article 193 de la Loi n\u00b0 2025 -127 du 14 f\u00e9vrier 2025 de finances pour 2025 et articles 8 \u00e0 11 \ndu D\u00e9cret n\u00b0 2025 -338 du 14 avril 2025 relatif au dispositif d'activit\u00e9 partielle de longue \ndur\u00e9e rebond  \n \nDirection r\u00e9gionale et interd\u00e9partementale de l'\u00e9conomie, de l'emploi, du travail et des solidarit\u00e9s d'\u00cele-de-France -\nIDF-2025-07-25-00007 - D\u00e9cision n\u00b0 2025-129 du 25 juillet 2025 portant subd\u00e9l\u00e9gation de signature de Monsieur Marc Rohfritsch,\nDirecteur r\u00e9gional et interd\u00e9partemental de l'\u00c9conomie, de l'Emploi, du Travail et des Solidarit\u00e9s d'\u00cele-de-France\npar int\u00e9rim, aux agents de l'unit\u00e9 d\u00e9partementale du Val-de-Marne\n9\n4 / 6 \nD\u00e9cisions de refus d'APLD-R conform\u00e9ment \u00e0 l'article 193 de la Loi n\u00b0 2025-127 du 14 f\u00e9vrier \n2025 de finances pour 2025 et articles 19 \u00e0 22 du D\u00e9cret n\u00b0 2025-338 du 14 avril 2025 relatif \nau dispositif d'activit\u00e9 partielle de longue dur\u00e9e rebond  \n \nD\u00e9cisions de retrait d'APLD -R et demandes de remboursement conform\u00e9ment aux articles \nL242-1, L241-2, L242-2 du Code des relations entre le public et l'administration et R5122 -10 \ndu code du travail  \n \nM\u00e9moires en d\u00e9fense relatifs \u00e0 l'APLD-R. \n \n9.  Emploi \nConvention conclue avec des entreprises de - de 300 salari\u00e9s pour faire proc\u00e9der \u00e0 \u00e9tude de \nsituation en terme d'\u00e9galit\u00e9 professionnelle \u2013 article R 1143-1 CT \n \nConventions FNE, notamment : d'allocation temporaire d\u00e9gressive, d'allocation sp\u00e9ciale, de cong\u00e9 \nde conversion, de cellule de reclassement, de formation et d'adaptation, cessation d'activit\u00e9 de \ncertains travailleurs salari\u00e9s - articles L 5111 -1 \u00e0 3, L5123 -1 \u00e0 9, R5112 -11, R5123-3 et  R5111-1 et 2, \ncirculaires DGEFP n\u00b02011/12 du 01/05/2011, instruction DGEFP/MADE/2016/66 du 8 mars 2016 \nD\u00e9cision d'agr\u00e9ment des accords et conventions d'aide \u00e0 l'adaptation des salari\u00e9s aux \u00e9volutions \nde l'emploi - articles L5121-4 et 5 et R5121-14 \u00e0 18 \nConvention d'appui \u00e0 l'\u00e9laboration d'un plan de gestion pr\u00e9visionnelle de l'emploi et des \ncomp\u00e9tences pour pr\u00e9parer les entreprises \u00e0 la GPEC - articles L5121-3, D 5121-4 \u00e0 13 \nDispositif \u00ab Nouvel Accompagnement \u00e0 la cr\u00e9ation et \u00e0 la reprise d'entreprise \u00bb (NACRE). - Articles \nL5141-2 \u00e0 L5141-6, R5141-1 \u00e0 R5141-34 du CT, circulaire DGEFP 2008-09 du 19/06/08 \nAgr\u00e9ment de reconnaissance de la qualit\u00e9 de soci\u00e9t\u00e9 coop\u00e9rative ouvri\u00e8re et de production \n(SCOP) - loi 47 ,1775 du 19/09/47 , loi 78,763 du 19/07/78, loi 92,643 du 13/07/92, d\u00e9cret 87 ,276 du \n16/04/87 , d\u00e9cret 10/02/02, circulaire DGEFP 2002,53 du 10/12/02 et 2003,04 du 04/03/03 \nDispositifs locaux d'accompagnement - Loi n\u00b02014-856 du 31 juillet 2014 relative \u00e0 l'\u00e9conomie \nsociale et solidaire, d\u00e9cret 2015-1103 du 1er septembre 2015 \nAttribution, extension, renouvellement, retrait d'agr\u00e9ment d'une association ou d'une entreprise \nde services \u00e0 la personne - articles L7232-1 et suivants CT \nToutes d\u00e9cisions relatives aux conventions de promotion de l'emploi incluant les \naccompagnements des contrats en alternance pour les GEIQ - article D6325-24 du CT, circulaire \nDGEFP 97 .08 du 25/04/97 \nD\u00e9cisions et conventions relatives \u00e0 l'insertion par l'activit\u00e9 \u00e9conomique avec les SIAE - articles \nL 5132-2, 4 et 16, et R 5132-1 \u00e0 47  \nAttribution, extension, renouvellement et retrait des agr\u00e9ments \"ESUS\" - articles L3332-17-1 du CT \net R3332-21-3 du CT \nD\u00e9cisions d'admission, de prolongation, de suspension ou de suppression du b\u00e9n\u00e9fice du \ndispositif, relatives \u00e0 la garantie jeune \u2013 article R.5131.16 \u00e0 R.5131-18 du code du travail \nConventions pour la promotion de l'emploi - circulaire DGEFP n\u00b097-08 du 25/04/1997 \n10.  Formation professionnelle et certification \nRemboursement des r\u00e9mun\u00e9rations per\u00e7ues par les stagiaires AFPA abandonnant, sans motif \nvalable, leur stage de formation - articles R6341-45 \u00e0 6341-48 CT \nDirection r\u00e9gionale et interd\u00e9partementale de l'\u00e9conomie, de l'emploi, du travail et des solidarit\u00e9s d'\u00cele-de-France -\nIDF-2025-07-25-00007 - D\u00e9cision n\u00b0 2025-129 du 25 juillet 2025 portant subd\u00e9l\u00e9gation de signature de Monsieur Marc Rohfritsch,\nDirecteur r\u00e9gional et interd\u00e9partemental de l'\u00c9conomie, de l'Emploi, du Travail et des Solidarit\u00e9s d'\u00cele-de-France\npar int\u00e9rim, aux agents de l'unit\u00e9 d\u00e9partementale du Val-de-Marne\n10\n5 / 6 \nD\u00e9termination du montant des r\u00e9mun\u00e9rations dues aux stagiaires de la formation professionnelle \n- article R6341-37 du CT \nD\u00e9termination du montant des frais de transport \u00e0 rembourser aux stagiaires - articles R6341-49 \u00e0 \nR6341-53 du CT, article 5 du d\u00e9cret n\u00b0 88 -368 du 15/04/88 modifi\u00e9 par le d\u00e9cret n\u00b0 89 -46 du \n26/01/89, arr\u00eat\u00e9 du 10/04/89. \n11.  Obligation d'emploi des travailleurs en situation de handicap \nSanction administrative pour non-respect des obligations d'emploi - L5212-12 et R5212-31 \nAgr\u00e9ment des accords de groupe, d'entreprise ou d'\u00e9tablissement en faveur des travailleurs \nhandicap\u00e9s - articles L5212-8 et R5212-15 \n \n12.  Travailleurs en situation de handicap \nSubvention d'installation d'un travailleur handicap\u00e9 - articles R5213-52, D5213-53 \u00e0 5213-60 CT \nAides financi\u00e8res en faveur de l'insertion en milieu ordinaire de travail des travailleurs en situation \nde handicap \u2013 L. 5213-10 ; R5213.33 \u00e0 5213.38 CT \nAide aux postes des entreprises adapt\u00e9es - R 5213- 76 \n13.  Repos dominical \nD\u00e9rogations au repos dominical dans un \u00e9tablissement - article L3132-20 et suivants du CT \n \n \nArticle 2 \n \nEn cas d'absence ou d'emp\u00eachement de M. Didier TILLET, la subd\u00e9l\u00e9gation de signature sera \nexerc\u00e9e, par : \n- Fr\u00e9d\u00e9rique CHADEL, directrice adjointe de l'unit\u00e9 d\u00e9partementale, \n \nEt dans la limite de leurs attributions, par :  \n- Joseph-Marie NZADAH, responsable du p\u00f4le Politiques du Travail ; \n- Virginie RUE, responsable du p\u00f4le Entreprises, Emploi et Solidarit\u00e9s ;  \n- Karima HALLAL, responsable du d\u00e9partement Protection et Insertion des jeunes, \nint\u00e9gration ; \n- C\u00e9lia CLEMENT -DEMANGE, adjointe \u00e0 la responsable de d\u00e9partement \u00ab  protection et \ninsertion des jeunes, int\u00e9gration ; \n- Peggy TRONY, responsable du d\u00e9partement Accompagnement des Entreprises ; \n- Sandrine DUCEPT, adjointe \u00e0 la responsable du d\u00e9partement Accompagnement des \nEntreprises ; \n- Audrey VENTADOUR, responsable du d\u00e9partement protection et insertion des adultes ; \n- Marie KARSELADZE, adjointe \u00e0 la responsable du d\u00e9partement Protection et Insertion des \nAdultes ; \n- Clara SCHMID, adjointe \u00e0 la  responsable du d\u00e9partement Prot ection et Insertion des \nAdultes ;  \n- S\u00e9lina PERTAYS, responsable de la Section Centrale Travail, jusqu'au 30 avril 2025. \n \n \n \n \nDirection r\u00e9gionale et interd\u00e9partementale de l'\u00e9conomie, de l'emploi, du travail et des solidarit\u00e9s d'\u00cele-de-France -\nIDF-2025-07-25-00007 - D\u00e9cision n\u00b0 2025-129 du 25 juillet 2025 portant subd\u00e9l\u00e9gation de signature de Monsieur Marc Rohfritsch,\nDirecteur r\u00e9gional et interd\u00e9partemental de l'\u00c9conomie, de l'Emploi, du Travail et des Solidarit\u00e9s d'\u00cele-de-France\npar int\u00e9rim, aux agents de l'unit\u00e9 d\u00e9partementale du Val-de-Marne\n11\n6 / 6 \nArticle 3 \n \nSont exclus de la d\u00e9l\u00e9gation consentie \u00e0 l'article 1 du pr\u00e9sent arr\u00eat\u00e9 : \n \n- Les correspondances adress\u00e9es aux cabinets du Pr\u00e9sident de la R\u00e9publique, du Premier \nMinistre, des ministres, des ministres d\u00e9l\u00e9gu\u00e9s et secr\u00e9taires d'Etat, au pr\u00e9sident du conseil \nr\u00e9gional, au pr\u00e9sident du conseil d\u00e9partemental, aux pr\u00e9sidents d' \u00c9tablissements Publics \nTerritoriaux et aux maires ; \n- les r\u00e9ponses aux interventions des parlementaires, du pr\u00e9sident du conseil r\u00e9gional, du \npr\u00e9sident du conseil d\u00e9partemental, des pr\u00e9sidents d' \u00c9tablissements Publics Territoriaux \net des maires ; \n- les m\u00e9moires et pi\u00e8ces relatives aux proc\u00e9dures contentieuses, \u00e0 l'exception des m\u00e9moires \net des pi\u00e8ces relatives aux proc\u00e9dures contentieuses relevant du domaine de la main \nd'\u0153uvre \u00e9trang\u00e8re \n \n \nArticle 4 \n \nUne copie de cette d\u00e9cision de subd\u00e9l\u00e9gation sera adress\u00e9e \u00e0 la pr\u00e9fecture du Val-de-Marne. \n \n \nArticle 5 \n \nLa d\u00e9cision n\u00b0 2025-076 du 15 avril 2025 est abrog\u00e9e. \n \n \nArticle 6 \n \nLe Directeur r\u00e9gional et interd\u00e9partemental de l'\u00e9conomie, de l'emploi, du travail et des solidarit\u00e9s \nd'\u00cele-de-France, et les subd\u00e9l\u00e9gataires mentionn\u00e9 s ci -dessus, sont charg\u00e9s, chacun  en ce qui l e \nconcerne, de l'ex\u00e9cution de la pr\u00e9sente d\u00e9cision  qui sera publi\u00e9 e aux recueils des actes \nadministratifs de la pr\u00e9fecture de la r\u00e9gion et de la pr\u00e9fecture du Val-de-Marne. \n \n \n \nFait \u00e0 Aubervilliers, le 25 juillet 2025 \n \nPour le pr\u00e9fet et par d\u00e9l\u00e9gation, \nLe directeur r\u00e9gional et interd\u00e9partemental de \nl'\u00e9conomie, de l'emploi, du travail et des \nsolidarit\u00e9s d'\u00cele-de-France par int\u00e9rim, \n \n \nSIGN\u00c9 \n \nMarc ROHFRITSCH \n \n  \nDirection r\u00e9gionale et interd\u00e9partementale de l'\u00e9conomie, de l'emploi, du travail et des solidarit\u00e9s d'\u00cele-de-France -\nIDF-2025-07-25-00007 - D\u00e9cision n\u00b0 2025-129 du 25 juillet 2025 portant subd\u00e9l\u00e9gation de signature de Monsieur Marc Rohfritsch,\nDirecteur r\u00e9gional et interd\u00e9partemental de l'\u00c9conomie, de l'Emploi, du Travail et des Solidarit\u00e9s d'\u00cele-de-France\npar int\u00e9rim, aux agents de l'unit\u00e9 d\u00e9partementale du Val-de-Marne\n12","date":"2025-07-25","first_seen_on":"2025-07-25T17:05:51+00:00","id":"cba1012a2c6f2ca02029e98613971932da47cb25fa2214fc3f6f03fe90e7440c","name":"recueilDS-idf-049-2025-07-recueil-des-actes-administratifs-special du 25.07.2025","pdf_creation_date":"2025-07-25T15:13:19+00:00","pdf_modification_date":null,"timezone":"Europe/Paris","url":"https://www.prefectures-regions.gouv.fr/ile-de-france/irecontenu/telechargement/129834/955650/file/recueilDS-idf-049-2025-07-recueil-des-actes-administratifs-special%20du%2025.07.2025.pdf"}
