{"administration":"pref64","administration_name":"Pr\u00e9fecture des Pyr\u00e9n\u00e9es-Atlantiques","content":"PYR\u00c9N\u00c9ES-\nATLANTIQUES\nRECUEIL DES ACTES\nADMINISTRATIFS SP\u00c9CIAL\nN\u00b064-2025-211\nPUBLI\u00c9 LE 14 JUILLET 2025\nSommaire\nPr\u00e9fecture des Pyr\u00e9n\u00e9es-Atlantiques / Pr\u00e9fecture des\nPyr\u00e9n\u00e9es-Atlantiques - Direction des s\u00e9curit\u00e9s\n64-2025-07-14-00002 - Arr\u00eat\u00e9 autorisant la gendarmerie nationale \u00e0\nmettre en oeuvre une lutte anti-drone sur la ville de Pau le 14 juillet 2025 (2\npages) Page 3\n2\nPr\u00e9fecture des Pyr\u00e9n\u00e9es-Atlantiques\n64-2025-07-14-00002\nArr\u00eat\u00e9 autorisant la gendarmerie nationale \u00e0\nmettre en oeuvre une lutte anti-drone sur la ville\nde Pau le 14 juillet 2025\nPr\u00e9fecture des Pyr\u00e9n\u00e9es-Atlantiques - 64-2025-07-14-00002 - Arr\u00eat\u00e9 autorisant la gendarmerie nationale \u00e0 mettre en oeuvre une lutte\nanti-drone sur la ville de Pau le 14 juillet 2025 3\nE =PR\u00c9FETDES PYR\u00c9N\u00c9ES-ATLANTIQUESLibert\u00e9Egalit\u00e9Fraternit\u00e9\nDirection des s\u00e9curit\u00e9s\nBureau de la s\u00e9curit\u00e9 publique\net des polices administratives\nArr\u00eat\u00e9 n\u00b064-2025-07-\nautorisant les services de la gendarmerie nationale \u00e0 utiliser des dispositifs \ndestin\u00e9s \u00e0 rendre inop\u00e9rant l'\u00e9quipement radio\u00e9lectrique d'a\u00e9ronefs\ncirculant sans personne \u00e0 bord\nLE PR\u00c9FET DES PYR\u00c9N\u00c9ES-ATLANTIQUES\nChevalier de l'Ordre National du M\u00e9rite\nVU le code de la s\u00e9curit\u00e9 int\u00e9rieure et notamment ses articles R . 2 1 3 - 2  \u00e0  R . 2 1 3 - 5  e t  R . 2 4 2 - 8 \n\u00e0  R . 2 4 2 - 1 4 ;\nVU le d\u00e9cret 2004-374 du 29 avril 2004 modifi\u00e9 relatif aux pouvoirs des pr\u00e9fets, \u00e0 l'organisation et \u00e0  \nl'action des services de l'\u00c9tat dans les r\u00e9gions et d\u00e9partements ;\nVU le d\u00e9cret du 6 novembre 2024 portant nomination de M. Jean-Marie GIRIER en qualit\u00e9 de pr\u00e9fet des \nPyr\u00e9n\u00e9es-Atlantiques ;\nVU l'arr\u00eat\u00e9 du 28 juin 2023 portant application des articles R.2364-1 et suivants du code de la d\u00e9fense  \net R.213-2 et suivants du code de la s\u00e9curit\u00e9 int\u00e9rieure et relatif au brouillage des a\u00e9ronefs circulant  \nsans personne \u00e0 bord ;\nVU la  demande  en  date  du  14  juillet  2025  d\u00e9pos\u00e9e  par  la  gendarmerie  nationale  sollicitant \nl'autorisation de proc\u00e9der au brouillage de certaines fr\u00e9quences au niveau de la place Verdun et de  \nl'H\u00f4tel de ville \u00e0 Pau (64000), le lundi 14 juillet 2025, \u00e0 l'occasion de la c\u00e9r\u00e9monie de la F\u00eate nationale et \ndes festivit\u00e9s du 14 juillet 2025 sur Pau ;\nVU l'\u00e9tude d'impact sollicit\u00e9e aupr\u00e8s de l'agence nationale des fr\u00e9quences (ANFR);\nCONSID\u00c9RANT que le Premier ministre effectue un d\u00e9placement dans le d\u00e9partement des Pyr\u00e9n\u00e9es-\natlantiques, sur la commune de Pau, le lundi 14 juillet 2025  ; que le d\u00e9fil\u00e9 organis\u00e9 dans le cadre de la  \nF\u00eate nationale int\u00e8gre un survol de la place Verdun par des h\u00e9licopt\u00e8res de l'Arm\u00e9e de Terre, qu'en  \nraison  du  danger  que  pr\u00e9sentent  d'\u00e9ventuels  survols  de  drones  illicites  et  malveillants  pour  les \nparticipants \u00e0 ce d\u00e9placement et le public, il appara\u00eet n\u00e9cessaire de mettre en place un dispositif de  \nlutte anti-drones permettant d'intercepter les \u00e9quipements en cas d'intrusion sur les sites pr\u00e9cit\u00e9s  ; \nque la mise en place de ce dispositif peut n\u00e9cessiter de brouiller certaines fr\u00e9quences ;\nCONSID\u00c9RANT  que la posture Vigipirate pour la p\u00e9riode \u00e9t\u00e9-automne 2025 est \u00e9lev\u00e9e au niveau  \n\u00ab Urgence attentat \u00bb ;\nCONSID\u00c9RANT que conform\u00e9ment aux articles R.213-2 \u00e0 R.213-5 du code de la s\u00e9curit\u00e9 int\u00e9rieure, les  \nautorisations de brouillage sont d\u00e9livr\u00e9es par le pr\u00e9fet de d\u00e9partement pour les besoins de l'ordre  \npublic ; \nSUR proposition de la sous-pr\u00e9f\u00e8te, directrice de cabinet du pr\u00e9fet ;\n1/2\n2, rue du Mar\u00e9chal Joffre \u2013 64 021 PAU CEDEX\nT\u00e9l. (standard) : 05 59 98 24 24 - www.pyrenees-atlantiques.gouv.fr\nPr\u00e9fecture des Pyr\u00e9n\u00e9es-Atlantiques - 64-2025-07-14-00002 - Arr\u00eat\u00e9 autorisant la gendarmerie nationale \u00e0 mettre en oeuvre une lutte\nanti-drone sur la ville de Pau le 14 juillet 2025 4\nARR\u00caTE :\nArticle 1er : Les effectifs de la gendarmerie nationale, concourant \u00e0 la protection des hautes autorit\u00e9s et \n\u00e0 la s\u00e9curit\u00e9 du public,  sont autoris\u00e9s \u00e0 mettre en place un dispositif de brouillage des fr\u00e9quences \u00e0  \nl'aide d'un fusil anti-drone type WATSON et d'un v\u00e9hicule LAD Sniper :\n- Place Verdun \u00e0 Pau (64000) le lundi 14 juillet 2025 de 15h00 \u00e0 24h00, dans un rayon d'1 km,\n- Place Royale, \u00e0 Pau (64 000), le lundi 14 juillet 2025 de 15h00 \u00e0 24h00, dans un rayon d'1 km\nArticle 2 : Le pr\u00e9sent arr\u00eat\u00e9 peut faire l'objet d'un recours devant le tribunal administratif de Pau dans  \nun d\u00e9lai de deux mois \u00e0 compter de sa publication.\nArticle  3 :  La  sous-pr\u00e9f\u00e8te,  directrice  de  cabinet et  le  directeur  interd\u00e9partemental  de  la  police \nnationale sont charg\u00e9s, chacun en ce qui le concerne, de l'ex\u00e9cution du pr\u00e9sent arr\u00eat\u00e9 qui sera publi\u00e9  \nau recueil des actes administratifs de la pr\u00e9fecture des Pyr\u00e9n\u00e9es-Atlantiques. \nPau, le 14 juillet 2025\nPour le pr\u00e9fet et par d\u00e9l\u00e9gation,\nla sous-pr\u00e9f\u00e8te d'Oloron-Sainte-Marie\nMarion AOUSTIN-ROTH\nD\u00e9cision sign\u00e9e \u00e9lectroniquement.\nLa  version  incluant  le  certificat  de  signature  est  communicable  en  sollicitant  l'adresse  pref-securite-policesadm@pyrenees-\natlantiques.gouv.fr\n2/2\n2, rue du Mar\u00e9chal Joffre \u2013 64 021 PAU CEDEX\nT\u00e9l. (standard) : 05 59 98 24 24 - www.pyrenees-atlantiques.gouv.fr\nPr\u00e9fecture des Pyr\u00e9n\u00e9es-Atlantiques - 64-2025-07-14-00002 - Arr\u00eat\u00e9 autorisant la gendarmerie nationale \u00e0 mettre en oeuvre une lutte\nanti-drone sur la ville de Pau le 14 juillet 2025 5","date":"2025-07-14","first_seen_on":"2025-07-14T14:25:45+00:00","id":"cbc771d199f969586a1d0aa50e52fa1fd4e58386f5dbb313602a4330ea65b475","name":"Recueil sp\u00e9ciale n\u00b064-2025-211 du 14 juillet 2025","pdf_creation_date":"2025-07-14T12:58:46+00:00","pdf_modification_date":null,"timezone":"Europe/Paris","url":"https://www.pyrenees-atlantiques.gouv.fr/contenu/telechargement/58025/425508/file/recueil-64-2025-211-recueil-des-actes-administratifs-special-2.pdf"}
