{"administration":"pref01","administration_name":"Pr\u00e9fecture de l\u2019Ain","content":"AIN\nRECUEIL DES ACTES\nADMINISTRATIFS SP\u00c9CIAL\n(NOMINATIFS)\nN\u00b001-2026-111\nPUBLI\u00c9 LE  3 AVRIL 2026\nSommaire\n01_DSDEN_Direction des services d\u00e9partementaux de l'\u00e9ducation\nnationale de l'Ain /\n01-2026-03-31-00002 - Arr\u00eat\u00e9 modificatif composition CDEN 2026 (5\npages) Page 3\n2\n01_DSDEN_Direction des services\nd\u00e9partementaux de l'\u00e9ducation nationale de\nl'Ain\n01-2026-03-31-00002\nArr\u00eat\u00e9 modificatif composition CDEN 2026\n01_DSDEN_Direction des services d\u00e9partementaux de l'\u00e9ducation nationale de l'Ain - 01-2026-03-31-00002 - Arr\u00eat\u00e9 modificatif\ncomposition CDEN 2026 3\n|PREFETDE L'AINLibert\u00e9Egalit\u00e9Fraternit\u00e9\nARR\u00caT\u00c9 PORTANT MODIFICATION DU MANDAT DES MEMBRESDU CONSEIL D\u00c9PARTEMENTAL DE L'\u00c9DUCATION NATIONALE\nLe Pr\u00e9fet de l'Ain,\nVu la loi n\u00b0 82-213 du 2 mars 1982 modifi\u00e9e relative aux droits et libert\u00e9s des communes, desd\u00e9partements et des r\u00e9gions ;Vu le code de l'\u00e9ducation et notamment les articles L 235-1 et R 235-1 \u00e0 R 235-11;Vu le d\u00e9cret n\u00b0 2004-374 du 29 avril 2004 modifi\u00e9 relatif aux pouvoirs des pr\u00e9fets, \u00e0 l'organisation et\u00e0 l'action des services de l'Etat dans les r\u00e9gions et les d\u00e9partements et notamment son article 45 ;Vu l'arr\u00eat\u00e9 du 1\u00b0 juin 2023 portant renouvellement du mandat des membres du conseild\u00e9partemental de l'\u00e9ducation nationale ;Vu les propositions de modification apport\u00e9es par l'association des maires de France ;Sur proposition de la secr\u00e9taire g\u00e9n\u00e9rale de la pr\u00e9fecture ;ARR\u00caTEArticle 1\u00b0 - L'article 1 de l'arr\u00eat\u00e9 du 1* juin 2023 portant renouvellement de la composition du ConseilD\u00e9partemental de l'Education Nationale (CDEN) est modifi\u00e9 \u00e0 compter du 27 mars 2026 commesuit:\nI \u2014 PR\u00c9SIDENTSLe pr\u00e9fet de l'Ain ou en cas d'emp\u00e9chement l'inspecteur d'acad\u00e9mie, directeur acad\u00e9mique desservices de l'\u00e9ducation nationale de l'Ain,\n45, Avenue Alsace-Lorraine - Quartier Bourg Centre CS 80400 - 01012 BOURG-EN-BRESSE CEDEXT\u00e9l\u00e9phone : 04.74.32.30.00Site internet : www.ain.gouv.frHoraires d'ouverture de l'accueil g\u00e9n\u00e9ral: 8h30 - 12h30\n01_DSDEN_Direction des services d\u00e9partementaux de l'\u00e9ducation nationale de l'Ain - 01-2026-03-31-00002 - Arr\u00eat\u00e9 modificatif\ncomposition CDEN 2026 4\nLe pr\u00e9sident du conseil d\u00e9partemental de l'Ain ou en cas d'emp\u00e9chement le conseillerd\u00e9partemental d\u00e9l\u00e9gu\u00e9 \u00e0 cet effet par le pr\u00e9sident du conseil d\u00e9partemental,\nIl - REPRESENTANTS DES COLLECTIVIT\u00c9S LOCALES (10 si\u00e8ges)TITULAIRES :Repr\u00e9sentante de la r\u00e9gion (1 si\u00e8ge)\u2014 Mme Aude Etcheberry - conseill\u00e8re r\u00e9gionaleRepr\u00e9sentants du d\u00e9partement (5 si\u00e8ges)\u2014 Mme V\u00e9ronique Baude - vice-pr\u00e9sidente du conseil d\u00e9partemental d\u00e9l\u00e9gu\u00e9e \u00e0 la jeunesse, auxcoll\u00e8ges, \u00e0 l'\u00e9ducation et \u00e0 l'enseignement sup\u00e9rieur - conseill\u00e8re d\u00e9partementale du cantonde Gex\u2014 Mme Aur\u00e9lie Borel - conseill\u00e8re d\u00e9partementale du canton de Belley\u2014 Mme Clotilde Fournier - conseill\u00e8re d\u00e9partementale du canton d'Attignat\u2014 Mme Catherine Journet - conseill\u00e8re d\u00e9partementale du canton de Saint-Etienne-du-Bois\u2014 M. Guy Billoudet - conseiller d\u00e9partemental du canton de ReplongesRepr\u00e9sentants des communes (4 si\u00e8ges)\u2014 Mme Martine Tabouret - maire de Dompierre-sur-veyle\u2014 M. Jonathan Gindre - maire de Corveissiat- M. Philip Lallement - maire de Chazey-Bons\u2014 M. Bertrand Vernoux - maire de ReplongesSUPPLEANTS :Repr\u00e9sentante de la r\u00e9gion (1 si\u00e8ge)\u2014 Mme St\u00e9phanie Pernod - conseill\u00e8re r\u00e9gionaleRepr\u00e9sentants du d\u00e9partement (5 si\u00e9ges)\u2014 M. Alain Chapuis - conseiller d\u00e9partemental du canton de Saint-Etienne-du-Bois\u2014 Mme Val\u00e9rie Guyon - conseill\u00e8re d\u00e9partementale du canton de Replonges\u2014 Mme H\u00e9l\u00e9ne C\u00e9dileau - conseillere d\u00e9partementale du canton de Bourg-en-Bresse 2\u2014 Mme Annie Meuriau - conseill\u00e8re d\u00e9partementale du canton du Plateau d'Hauteville\u2014 Mme Patricia Chmara - conseill\u00e8re d\u00e9partementale du canton de Chatillon-sur-Chalaronne\nRepr\u00e9sentants des communes (4 si\u00e8ges)\u2014 Mme Christelle Berardan - maire de Vandeins- Mme V\u00e9ronique Ravet - maire de BellignatM. Serge Bal - maire de FlaxieuM. Jean-Jacques Vighetti - maire de Perrex\n|\n01_DSDEN_Direction des services d\u00e9partementaux de l'\u00e9ducation nationale de l'Ain - 01-2026-03-31-00002 - Arr\u00eat\u00e9 modificatif\ncomposition CDEN 2026 5\nIll - REPRESENTANTS DES PERSONNELS (10 si\u00e8ges)TITULAIRES :F\u00e9d\u00e9ration syndicale unitaire (5 si\u00e9ges)Mme Sandra Hyvernat - professeure des \u00e9coles - titulaire de secteur: \u00e9cole de Versailleux(circonscription de Villars-les-Dombes)M. St\u00e9phane Morand - professeur certifi\u00e9 - coll\u00e8ge Roger Poulnard \u00e0 Bag\u00e9-DommartinM. \u00c9ric P\u00e9rocheau - professeur agr\u00e9g\u00e9 - lyc\u00e9e polyvalent Saint Exup\u00e9ry \u00e0 Valserh\u00f4neMme Marie-Claire Loonis \u2014 professeure des \u00e9coles - titulaire rempla\u00e7ante (circonscription deBourg-en-Bresse)M. R\u00e9mi Jaravel - professeur agr\u00e9g\u00e9 - coll\u00e8ge les C\u00f4tes \u00e0 P\u00e9ronnasUNSA-Education (2 si\u00e8ges)Mme Karen Ansberque - professeure des \u00e9coles - \u00e9cole primaire Louis Parant \u00e0 Bourg-en-BresseMme Catherine Pietrac - adjointe gestionnaire - coll\u00e8ge de La Plaine de l'Ain \u00e0 LeymentFNEC-FP-FO (3 si\u00e8ges)M. Sa\u00efd Berrakam - professeur des \u00e9coles - \u00e9cole primaire \u00e0 MarlieuxM. Yann Laurence - professeur des \u00e9coles - titulaire rempla\u00e7ant (circonscription de B\u00e2g\u00e9)M. Ga\u00ebtan Poyet - professeur des \u00e9coles - \u00e9cole primaire \u00e0 Bohas-Meyriat-Rignat\nSUPPL\u00c9ANTS :F\u00e9d\u00e9ration syndicale unitaire (5 si\u00e8ges)M. Yoann Robert - professeur des \u00e9coles - \u00e9cole primaire Arlod \u00e0 Valserh\u00f4neMme Emilie ASSIE - professeure des \u00e9coles - titulaire de secteur \u00e0 PoncinMme Samira Mousli- professeure certifi\u00e9e - coll\u00e8ge L\u00e9on-Marie Fournet \u00e0 Jassans-RiottierM. Damien Huguet - professeur certifi\u00e9 - coll\u00e8ge Roger Vaillant a PoncinMme Pauline Poizat - professeure des \u00e9coles - titulaire de secteur \u00e0 Oyonnax rattach\u00e9e al'\u00e9cole maternelle Simone Veil.UNSA-Education (2 si\u00e8ges)M. Pierre Angelvin-Bonnetty - principal du coll\u00e8ge de l'Huppe de Montrevel-en-BresseMme St\u00e9phanie Bernardot - professeure des \u00e9coles - sp\u00e9cialis\u00e9e en segpa - coll\u00e8ge les c\u00f4tes\u00e0 P\u00e9ronnas.FNEC-FP-FO (3 si\u00e8ges)Mme Audrey Turpin, professeure des \u00e9coles - Ecole primaire Charles Robin - Bourg-en-BresseM. Didier Bonneton - professeur certifi\u00e9 - lyc\u00e9e Lalande \u00e0 Bourg-en-BresseM. Johnny Durand - professeur certifi\u00e9 - lyc\u00e9e Lalande \u00e0 Bourg-en-Bresse\n01_DSDEN_Direction des services d\u00e9partementaux de l'\u00e9ducation nationale de l'Ain - 01-2026-03-31-00002 - Arr\u00eat\u00e9 modificatif\ncomposition CDEN 2026 6\nIV - REPRESENTANTS DES USAGERS (10 si\u00e8ges)TITULAIRES :F\u00e9d\u00e9ration des conseils de parents d'\u00e9l\u00e8ves (6 si\u00e8ges)\u2014 Mme Doriane Courroy Blanchard - pr\u00e9sidente\u2014 M. Eric Lienard - tr\u00e9sorier\u2014 Mme Sophie Giraud\u2014 Mme Marion Flamin\u2014 Mme Jocelyne Meinzel - secr\u00e9taire\u2014 Mme Jo\u00eblle BozonnetAssociation des parents d'\u00e9l\u00e8ves de l'enseignement public (1 si\u00e8ge)\u2014 Mme Florence DurieuxAssociations compl\u00e9mentaires (1 si\u00e8ge)\u2014 M. Dominique Hyvernat - F\u00e9d\u00e9ration des \u0153uvres la\u00efques de l'AinPersonnalit\u00e9s comp\u00e9tentes dans le domaine \u00e9conomique, social, \u00e9ducatif et culturel (2si\u00e8ges)\u2014 M. Fran\u00e7ois Genest - directeur g\u00e9n\u00e9ral des services du D\u00e9partement de l'Ain\u2014 M. Jean-Paul Mathieu - Union d\u00e9partementale des associations familiales de l'Ain\nSUPPL\u00c9ANTS :F\u00e9d\u00e9ration des conseils de parents d'\u00e9l\u00e8ves (6 si\u00e8ges)\u2014- Mme C\u00e9line Gros\u2014 Mme Zakiya El Ke;\u2014 M. Damien Rosset\nAssociation des parents d'\u00e9l\u00e8ves de l'enseignement public (1 si\u00e8ge)\u2014 Mme Melinda Poisson\nAssociations compl\u00e9mentaires (1 si\u00e8ge)\u2014 M. Jean-Louis Billody - F\u00e9d\u00e9ration des \u0153uvres la\u00efques de l'Ain\n01_DSDEN_Direction des services d\u00e9partementaux de l'\u00e9ducation nationale de l'Ain - 01-2026-03-31-00002 - Arr\u00eat\u00e9 modificatif\ncomposition CDEN 2026 7\nPersonnalit\u00e9s comp\u00e9tentes dans le domaine \u00e9conomique, social, \u00e9ducatif et culturel (2si\u00e8ges)\u2014 Mme C\u00e9line Carrier - directrice g\u00e9n\u00e9rale adjointe du D\u00e9partement de l'Ain charg\u00e9e del'\u00e9ducation, des sports, de la jeunesse et la culture\u2014 M. Alain Mathieu - Union d\u00e9partementale des associations familiales de l'Ain\nV - D\u00c9L\u00c9GU\u00c9 D\u00c9PARTEMENTAL DE L'\u00c9DUCATION NATIONALE SI\u00c9GEANT \u00c0 TITRECONSULTATIFTITULAIRE :\u2014- M. Jean-Philippe MissillierSUPPL\u00c9ANTE :\u2014 Mme Martine Brun\nArticle 2 - La secr\u00e9taire g\u00e9n\u00e9rale de la pr\u00e9fecture de l'Ain et le directeur acad\u00e9mique des services del'\u00c9ducation nationale sont charg\u00e9s, chacun en ce qui les concerne, de l'ex\u00e9cution du pr\u00e9sent arr\u00eat\u00e9qui sera notifi\u00e9 au pr\u00e9sident du conseil d\u00e9partemental de l'Ain ainsi qu'\u00e0 chacun des membres duCDEN et publi\u00e9 au recueil des actes administratifs de la pr\u00e9fecture de l'Ain.\nBourg-en-Bresse, le 31 mars 2026\nLe pr\u00e9fet de l'Ain,\ncsLouis \u2014 Xavier THIRODE\nVOIES ET DELAIS DE RECOURSSi vous estimez devoir contester cette d\u00e9cision, vous pouvez former :- soit un recours gracieux ou hi\u00e9rarchique,- soit un recours contentieux devant la juridiction administrative comp\u00e9tente. Ce recours n'a pas d'effet suspensif.Si vous avez d'abord exerc\u00e9 un recours gracieux ou hi\u00e9rarchique dans un d\u00e9lai de 2 mois \u00e0 compter de la notification de la pr\u00e9sente d\u00e9cision, le d\u00e9lai pour former un recours contentieux est de 2 mois *:- \u00e0 compter de la notification de la d\u00e9cision explicite de rejet du recours gracieux ou hi\u00e9rarchique ;- ou \u00e0 compter de la date d'expiration du d\u00e9lai de r\u00e9ponse de 2 mois dont disposait l'administration, en cas de d\u00e9cision implicite de rejet du recours gracieux ou hi\u00e9rarchique.Dans les cas tr\u00e8s exceptionnels o\u00f9 une d\u00e9cision explicite de rejet intervient dans un d\u00e9lai de 2 mois apr\u00e8s la d\u00e9cision implicite - c'est-\u00e0-dire dans un d\u00e9lai de 4 mois \u00e0 compter de la notification de lapr\u00e9sente d\u00e9cision - vous disposez \u00e0 nouveau d'un d\u00e9lai de 2 mois* \u00e0 compter de la notification de cette d\u00e9cision explicite pour former un recours contentieux.* 4 mois pour les agents demeurant \u00e0 l'\u00e9tranger\n01_DSDEN_Direction des services d\u00e9partementaux de l'\u00e9ducation nationale de l'Ain - 01-2026-03-31-00002 - Arr\u00eat\u00e9 modificatif\ncomposition CDEN 2026 8","date":"2026-04-03","first_seen_on":"2026-04-03T16:04:43+00:00","id":"cbe2d835af2c39d48d3ae85bfdda50c615c01d056290900817ed6acb34f60260","name":"recueil-01-2026-111-recueil-des-actes-administratifs-nominatifs 03-04-2026","pdf_creation_date":"2026-04-03T14:41:42+00:00","pdf_modification_date":null,"timezone":"Europe/Paris","url":"https://www.ain.gouv.fr/contenu/telechargement/35395/247151/file/recueil-01-2026-111-recueil-des-actes-administratifs-nominatifs%2003-04-2026.pdf"}
