{"administration":"pref69","administration_name":"Pr\u00e9fecture du Rh\u00f4ne","content":"PR\u00c9F\u00c8TE\nDU RH\u00d4NE\nRECUEIL DES ACTES\nADMINISTRATIFS SP\u00c9CIAL\nN\u00b069-2025-263\nPUBLI\u00c9 LE 15 OCTOBRE 2025\nSommaire\n69_DDT_Direction d\u00e9partementale des territoires du Rh\u00f4ne /\n69-2025-10-16-00001 - DDT-SST-2025-44 AIP A46-A466 AIN RHONE (6\npages) Page 3\n69-2025-10-15-00002 - DDT-SST-2025-45 A89  (4 pages) Page 10\n69-2025-10-15-00001 - DDT_SST_47_2025 CD69 (5 pages) Page 15\n69_HCL_Hospices civils de Lyon / Direction des affaires juridiques\n69-2025-10-13-00012 - D\u00e9cision de d\u00e9l\u00e9gation de signature n\u00b025-102\ndu 13 octobre 2025 pour le groupement hospitalier Sud - Hospices civils de\nLyon (7 pages) Page 21\n69_Pr\u00e9f_Pr\u00e9fecture du Rh\u00f4ne / Direction de la s\u00e9curit\u00e9 et de la\nprotection civile\n69-2025-10-08-00010 - AP du 8 octobre 2025 portant autorisation\nexploitation syst\u00e8me vid\u00e9oprotection - Commune de BRON  (2 pages) Page 29\n69-2025-10-08-00011 - AP du 8 octobre 2025 portant autorisation\nexploitation syst\u00e8me vid\u00e9oprotection - Commune de MARENNES  (2\npages) Page 32\n69-2025-10-08-00013 - AP du 8 octobre 2025 portant autorisation\nexploitation syst\u00e8me vid\u00e9oprotection - Commune de RILLIEUX-LA-PAPE \n(2 pages) Page 35\n69-2025-10-08-00012 - AP du 8 octobre 2025 portant autorisation\nexploitation syst\u00e8me vid\u00e9oprotection - Commune de SAINT-PRIEST  (2\npages) Page 38\n69_Pr\u00e9f_Pr\u00e9fecture du Rh\u00f4ne / Pr\u00e9fet d\u00e9l\u00e9gu\u00e9 pour la\nd\u00e9fense et la s\u00e9curit\u00e9\n69-2025-10-14-00001 - ARR\u00caT\u00c9 n\u00b02025 - 10 - 14 -\n0001\nautorisant la captation, l'enregistrement et la\ntransmission\nd'images au moyen de cam\u00e9ras install\u00e9es sur un\na\u00e9ronef le mercredi 15 octobre 2025 \u00e0 Villeurbanne et Vaulx-en-Velin (3\npages) Page 41\n2\n69_DDT_Direction d\u00e9partementale des\nterritoires du Rh\u00f4ne\n69-2025-10-16-00001\nDDT-SST-2025-44 AIP A46-A466 AIN RHONE\n69_DDT_Direction d\u00e9partementale des territoires du Rh\u00f4ne - 69-2025-10-16-00001 - DDT-SST-2025-44 AIP A46-A466 AIN RHONE 3\nPREFETE DE LAIND U RH O N E Libert\u00e9Libert\u00e9 ralit\u00e9Bali \u00e9 7 oralDirections d\u00e9partementales| des territoiresARR\u00caT\u00c9 INTER-PR\u00c9FECTORALn\u00b0 69-2025-10-16-0001(Rh\u00f4ne)n\u00b0 01-69-2025-02 (Ain)portant r\u00e9glementation temporaire de la circulation sur les autoroutesA46-Nord et A466 relatif \u00e0 la campagne annuelle d'entretien\nLA PR\u00c9F\u00c8TE DE LA REGION AUVERGNE-RHONE-ALPES,PREFETE DE LA ZONE DE DEFENSE ET DE SECURITE SUD-ESTPREFETE DU RHONE,Commandeur de la L\u00e9gion d'honneurCommandeur de l'ordre national du M\u00e9riteLA PREFETE DE L'AINChevalier de la L\u00e9gion d'honneurOfficier de l'ordre national du M\u00e9rite\nVU le Code de la route;VU le Code de la voirie routi\u00e8re ;VU la loi n\u00b0 55-435 du 18 avril 1955 modifi\u00e9e portant statut des autoroutes ;VU le d\u00e9cret en conseil des ministres du 06 novembre 2024 portant nomination de M.AntoineGUERIN en qualit\u00e9 de pr\u00e9fet d\u00e9l\u00e9gu\u00e9 pour la d\u00e9fense et la s\u00e9curit\u00e9 aupr\u00e8s de la pr\u00e9f\u00e8te de la r\u00e9gionAuvergne-Rh\u00f4ne-Alpes, pr\u00e9f\u00e8te de la zone de d\u00e9fense et de s\u00e9curit\u00e9 Sud-Est, pr\u00e9f\u00e8te du Rh\u00f4ne ;VU le d\u00e9cret en conseil des ministres du 22 mars 2023 portant nomination de Mme ChantalMAUCHET, en qualit\u00e9 de pr\u00e9f\u00e8te de l'Ain ;VU le d\u00e9cret en conseil des ministres du 13 juillet 2023 portant nomination de Mme Juliette TRIGNATen qualit\u00e9 de pr\u00e9f\u00e8te d\u00e9l\u00e9gu\u00e9e pour la d\u00e9fense et la s\u00e9curit\u00e9 aupr\u00e8s de la pr\u00e9f\u00e8te de la r\u00e9gionAuvergne-Rh\u00f4ne-Alpes, pr\u00e9f\u00e8te de la zone de d\u00e9fense et de s\u00e9curit\u00e9 Sud-Est, pr\u00e9f\u00e8te du Rh\u00f4ne ;VU le d\u00e9cret n\u00b0 96-982 du 8 novembre 1996 relatif \u00e0 la police de circulation sur les autoroutes ;VU le d\u00e9cret n\u00b0 2004-374 du 29 avril 2004 modifi\u00e9 relatif aux pouvoirs des pr\u00e9fets, \u00e0 l'organisation et \u00e0l'action des services de l'\u00c9tat dans les r\u00e9gions et d\u00e9partements ;VU l'arr\u00eat\u00e9 interminist\u00e9riel du 24 novembre 1967 modifi\u00e9 relatif \u00e0 la signalisation des routes et desautoroutes ;VU l'arr\u00eat\u00e9 conjoint n\u00b0 DDT_SST_2019_01_02 (Pr\u00e9fet du Rh\u00f4ne/M\u00e9tropole de Lyon) du 2 avril 2019portant r\u00e9glementation permanente de la circulation relatif \u00e0 l'interdiction de circulation desv\u00e9hicules de transport de marchandises d'un poids total autoris\u00e9 en charge (PTAC) sup\u00e9rieur a 75tonnes;VU l'arr\u00eat\u00e9 pr\u00e9fectoral n\u00b0 69-2025-09-08-00008 du 08 septembre 2025 portant d\u00e9l\u00e9gation designature \u00e0 M. Xavier CEREZA, directeur d\u00e9partemental des territoires du Rh\u00f4ne ;VU l'arr\u00eat\u00e9 pr\u00e9fectoral du 08 septembre 2025 portant d\u00e9l\u00e9gation de signature de Vincent PATRIARCA,directeur d\u00e9partemental des territoires de l'Ain ;\n69_DDT_Direction d\u00e9partementale des territoires du Rh\u00f4ne - 69-2025-10-16-00001 - DDT-SST-2025-44 AIP A46-A466 AIN RHONE 4\nVU l'arr\u00eat\u00e9 du 29 septembre 2025 portant subd\u00e9l\u00e9gation de signature du directeur d\u00e9partemental desterritoires de l'Ain en mati\u00e8re de comp\u00e9tences g\u00e9n\u00e9rales ;VU l'instruction interminist\u00e9rielle sur la signalisation routi\u00e8re (Livre |, 8\u00e8me partie: signalisationtemporaire) approuv\u00e9e par l'arr\u00eat\u00e9 interminist\u00e9riel du 6 novembre 1992 et modifi\u00e9e par les textessubs\u00e9quents ;VU la note technique du 14 avril 2016 du minist\u00e8re de l'environnement, de l'\u00e9nergie et de la merrelative \u00e0 la coordination des chantiers sur le r\u00e9seau national;VU la note de la direction g\u00e9n\u00e9rale des infrastructures, des transports et des mobilit\u00e9s (DGTIM)direction des mobilit\u00e9s routi\u00e8res (DMR) du 23 janvier 2025 d\u00e9finissant le calendrier des jours \u00ab horschantiers \u00bb retenus pour l'ann\u00e9e 2025 et pour le mois de janvier 2026 sur le r\u00e9seau routier national(RRN) ; |VU l'arr\u00eat\u00e9 inter-pr\u00e9fectoral n\u00b0 DDT_SST_69_2023_12_31 du 24 mai 2024, portant r\u00e9glementationpermanente de la police de circulation relatif \u00e0 l'exploitation des chantiers courants sur les voiesstructurantes d'agglom\u00e9ration autour de l'agglom\u00e9ration de Lyon ;VU la d\u00e9cision n\u00b0 DDT-69-2025-09-11-00001 du 11 septembre 2025 de M. Xavier CEREZA, directeurd\u00e9partemental des territoires du Rh\u00f4ne, portant subd\u00e9l\u00e9gation de signature en mati\u00e8re d'attributionsg\u00e9n\u00e9rales \u00e0 M. Nicolas CROSSONNEAU, chef du service s\u00e9curit\u00e9 et transports ;VU la demande pr\u00e9sent\u00e9e par le groupe des Autoroutes Paris-Rhin-Rh\u00f4ne (APRR) le 08 octobre 2025 ;VU l'avis favorable de la direction g\u00e9n\u00e9rale des infrastructures, des transports et des mobilit\u00e9s(DGITM), direction des mobilit\u00e9s routi\u00e8res (DMR), sous-direction des financements innovants et ducontr\u00f4le des concessions autorouti\u00e8res (FCA) du 10 octobre 2025;VU l'avis favorable du commandant de l'escadron d\u00e9partemental de contr\u00f4le des flux de l'Ain du 15octobre 2025;VU l'avis favorable du commandant de l'escadron d\u00e9partemental de contr\u00f4le des flux du Rh\u00f4ne du 15octobre 2025 ;VU l'avis favorable de la compagnie r\u00e9publicaine de s\u00e9curit\u00e9 autorouti\u00e9re Rh\u00f4ne-Alpes-Auvergne(bureau de S\u00e9curit\u00e9 Routi\u00e8re) du 13 octobre 2025 ;VU l'avis favorable de la direction interd\u00e9partementale des routes Centre-Est, service r\u00e9gionald'exploitation de Lyon (PC-Genas) du 10 octobre 2025;VU l'information communiqu\u00e9e au service d\u00e9partemental et m\u00e9tropolitain d'incendie et de secoursen date du 08 octobre 2025;VU l'avis favorable du directeur d\u00e9partemental des services d'incendie et de secours de l'Ain du 13octobre 2025;VU l'avis favorable du conseil d\u00e9partemental du Rh\u00f4ne (Rh\u00f4ne-d\u00e9placements) du 15 octobre 2025 ;VU l'avis favorable du conseil d\u00e9partemental de l'Ain du 10 octobre 2025;VU l'avis favorable de la commune de Parcieux (Ain) du 10 octobre 2025 ;VU l'avis favorable de la commune de Massieux (Ain) du 14 octobre 2025 ;VU la demande d'avis du 10 octobre 2025 rest\u00e9e sans r\u00e9ponse de la commune de Mionnay (Ain) ;VU la demande d'avis du 10 octobre 2025 rest\u00e9e sans r\u00e9ponse de la commune de Miribel (Ain) ;VU la demande d'avis du 10 octobre 2025 rest\u00e9e sans r\u00e9ponse de la commune de Reyrieux (Ain) ;VU la demande d'avis du 10 octobre 2025 rest\u00e9e sans r\u00e9ponse de la commune de Saint-Andr\u00e9-de-Corcy(Ain);CONSID\u00c9RANT que pendant la campagne annuelle d'entretien de l'autoroute A46-Nord, il y a lieu der\u00e9glementer la circulation afin de pr\u00e9venir tout risque d'accident, de faciliter la bonne ex\u00e9cution destravaux et d'assurer un \u00e9coulement satisfaisant du trafic ;CONSID\u00c9RANT que la section concern\u00e9e est situ\u00e9e hors agglom\u00e9ration ;SUR PROPOSITION du directeur d\u00e9partemental des territoires du Rh\u00f4ne ;SUR PROPOSITION du directeur d\u00e9partemental des territoires de l'Ain;\nARR\u00caTENT\nArticle 1\u00b0Des travaux d'entretien sont pr\u00e9vus de nuit sur l'autoroute A46-Nord dans les sens 1 et 2.Pour l'ex\u00e9cution de ces travaux, les mesures d'exploitation d\u00e9crites dans le tableau de phasage ci-dessous sont prises sur les autoroutes A6, A466 et A46-Nord.2/6\n69_DDT_Direction d\u00e9partementale des territoires du Rh\u00f4ne - 69-2025-10-16-00001 - DDT-SST-2025-44 AIP A46-A466 AIN RHONE 5\n2 \u00c0 Date phasage= Mode d'exploitation 5 D\u00e9but | Fina de nuit [21h-6h]Fermeture de l'A46 Nord sens 2 entre le diffuseur LesEchets n\u00b03 et le n\u0153ud A6/A4643 | [avec fermeture de l''A466 sens 1 Est- Ouest]. 2 20/10/25 24/10/25La sortie au diffuseur 21-Mionnay reste ouverte auxautomobilistes arrivant depuis l''A432.Fermeture de la bretelle de sortie du diffuseur 2.144 | Mionnay. 2 27/10/25 28/10/25Nuit de report le 28/10.Fermeture de l'A46-Nord sens1 entre le n\u0153ud A6/A4644 | et le diffuseur Les Echets n\u00b03. 1 27/10/25 31/10/25[avec fermeture de l'A466 sens 2 Ouest-Est]Le phasage des travaux pr\u00e9sent\u00e9 ne d\u00e9crit pas les phases transitoires inh\u00e9rentes \u00e0 la pose/d\u00e9pose desfermetures.Lors de la mise en place, de la maintenance et du retrait de la signalisation de chantier, des restrictionsponctuelles compl\u00e9mentaires et des interruptions courtes de la circulation peuvent \u00eatre impos\u00e9es, demani\u00e8re \u00e0 s\u00e9curiser les op\u00e9rations.Les nuits de fermeture s'entendent de 21 heures 00 \u00e0 06 heures 00.La pose des neutralisations de voie pr\u00e9alables aux fermetures pourra \u00eatre anticip\u00e9e, d\u00e8s que le trafic lepermet.\nArticle 2Un report sur al\u00e9as techniques ou climatiques est programm\u00e9 jusqu'au 7 novembre 2025.Il rel\u00e8ve de l'obligation de la part du gestionnaire d'informer les personnes charg\u00e9es de faire appliquerl'arr\u00eat\u00e9 ainsi que les personnes ayant un int\u00e9r\u00eat \u00e0 conna\u00eetre les d\u00e9cisions prises \u00e0 l'article 10, en cas dereport de dates ou d'annulation.\nArticle 3 - Descriptif desfermetures et d\u00e9viations associ\u00e9es\u00ab En provenance A46-Marseille (sens 2), Fermeture de l'A46 Nord sens 2 entre le diffuseur Les Echetsn\u00b03 et le n\u0153ud A6/A46Cette fermeture s'accompagne des mesures d'exploitation suivantes :En provenance d'A46-Marseille (sens 2), sortie diffuseur 3 Les Echets obligatoire et fermeturede la bretelle d'acc\u00e8s \u00e0 l'A46 en direction de Clermont.Fermeture de la bretelle d'acc\u00e8s \u00e0 l''A46 en direction de Clermont depuis le diffuseur 2 deGenay.Fermeture de la bretelle d'acc\u00e8s \u00e0 l'A46 en direction de Clermont depuis le diffuseur 1 deQuincieux.Cette fermeture de section courante entra\u00eene, de fait :- La fermeture de la bretelle de Sortie n\u00b0 2 (Genay) sur A46-Nord sens 2.- Auniveau du n\u0153ud A46/A466, la fermeture de la bretelle d'A466 vers Lyon (sens 2).- La fermeture de l'acc\u00e8s \u00e0 l'aire de service de Mionnay-Chatanay (PR 15+800 sens 2).\n3/6\n69_DDT_Direction d\u00e9partementale des territoires du Rh\u00f4ne - 69-2025-10-16-00001 - DDT-SST-2025-44 AIP A46-A466 AIN RHONE 6\nD\u00e9viations :2 Trafic d\u00e9vi\u00e9 via le r\u00e9seau CORALY : transit Sud-Nord et Est-Ouest via M6.s Trafic local r\u00e9siduel :Depuis A46Nord-Marseille (sens 2), prendre la Sortie amont n\u00b03 fl\u00e9ch\u00e9e \u00ab Bourg / Villefranche/Villars-les-D. \u00bb et rejoindre les communes desservies par la Sortie n\u00b021 via la RD1083 en suivantl'itin\u00e9raire fl\u00e9ch\u00e9 S4.Depuis A432-Marseille (sens 2), prendre la Sortie n\u00b021 fl\u00e9ch\u00e9e \u00ab Bourg / Villars les D. /Montanay \u00bb et rejoindre les communes desservies par la Sortie n\u00b02 via la D38 puis 1083 ensuivant l'itin\u00e9raire fl\u00e9ch\u00e9 S6.\n\u00ab En provenance d'A6 Villefranche, Fermeture de l'A46 sens 1 entre le n\u0153ud A6/A46 (PR 0) et lediffuseur n\u00b03 (Les Echets - PR 19+800) :Cette fermeture s'accompagne des mesures d'exploitation suivantes :En provenance d'A6-Paris (sens 1), direction \u00ab Clermont/ Lyon-Centre \u00bb par A6 obligatoire.Fermeture de l'autoroute A466 sens 2 (direction \u00ab Gen\u00e8ve / Grenoble / Lyon-Est / St-Exup\u00e9ry \u00bb)depuis le n\u0153ud A6/A466 : en provenance d'A6-Lyon (sens 2), direction \u00ab Paris / Villefranche \u00bb \u00a9par A6 obligatoire.Depuis le diffuseur de Genay (n\u00b0 2), fermeture de la bretelle d'acc\u00e8s \u00e0 l'A46 direction\u00ab Gen\u00e8ve / Villars-les-D. / Lyon-Est \u00bb (sens 1).Depuis le diffuseur de Mionnay (n\u00b0 21), fermeture de la bretelle d'acc\u00e8s \u00e0 l'A46 direction\u00ab Gen\u00e8ve / Lyon / Marseille \u00bb (sens 1).Fermeture de L'aire de service de Mionnay-St-Galmier (PR16+200 sens 1) : fermeture de l'acc\u00e8s\u00e0 l'aire d\u00e8s 17 heures 00, en pr\u00e9vision de chaque nuit de fermeture et fermeture de la sortie a21 heures 00.Cette fermeture de section courante entra\u00eene, de fait :la fermeture de la bretelle de Sortie n\u00b0 1 (Amb\u00e9rieux-d'Azergue) sur A46-Nord sens 1,la fermeture de la bretelle de Sortie n\u00b0 2 (Genay) sur A46-Nord sens 1,la fermeture de la bretelle de Sortie n\u00b0 3 (Les Echets) sur A46-Nord sens 1,AU niveau du n\u0153ud A46/A432, la fermeture de la bretelle A46-Villefranche (sens1) vers A432-Marseille (sens 1), |AU niveau du n\u0153ud A466/A46, la fermeture de la bretelle A466-Lyon (sens 2) vers A46-Marseille (sens 1).D\u00e9viations :\u00a9 Trafic d\u00e9vi\u00e9 via le r\u00e9seau CORALY : transit Nord-Sud et Ouest-Est via M6.= Trafic local r\u00e9siduel :Depuis le diffuseur de Genay (n\u00b0 2) et pour la direction \u00ab Gen\u00e8ve / Villars-les-D. / Lyon-Est\u00bb,rejoindre l'autoroute A46 au niveau du diffuseur des Echets (n\u00b03) via l'itin\u00e9raire fl\u00e9ch\u00e9 S3 (parles RD 433, 933, D28, D6, D4a, D4, D1083 puis D483).Depuis le diffuseur de Mionnay (n\u00b021) et pour la direction \u00ab Gen\u00e8ve / Lyon / Marseille \u00bb,rejoindre l'autoroute A46 au niveau du diffuseur des Echets (n\u00b03) via la RD38 puis l'itin\u00e9rairefl\u00e9ch\u00e9 S6 (par les Routes D1083 puis D483). |Les \u00e9ventuelles interdictions de circulation des Poids Lourds seront lev\u00e9es par les autorit\u00e9s de policecomp\u00e9tentes, sur l'ensemble des itin\u00e9raires de d\u00e9viations d\u00e9finis ci-dessus.Article 4 - Dispositions compl\u00e9mentaires -En cas de n\u00e9cessit\u00e9 op\u00e9rationnelle, les v\u00e9hicules de secours pourront emprunter les bretelles et axesferm\u00e9s (circulation sur chauss\u00e9e avec pr\u00e9sence de personnel:\u00e0 pied), apr\u00e8s en avoir avis\u00e9 le PC APRRde Genay.L'inter-distance entre ce chantier et d'autres chantiers de r\u00e9paration et d'entretien, courants ou noncourants, sur les autoroutes A6 et A46-Nord pourra \u00eatre inf\u00e9rieure \u00e0 celle de la r\u00e9glementation envigueur, sans pour autant \u00eatre inf\u00e9rieure \u00e0 3 km.4/6\n69_DDT_Direction d\u00e9partementale des territoires du Rh\u00f4ne - 69-2025-10-16-00001 - DDT-SST-2025-44 AIP A46-A466 AIN RHONE 7\nLes dispositions du pr\u00e9sent arr\u00eat\u00e9 cessent leurs effets \u00e0 la fin des travaux, y compris si ces dernierssont termin\u00e9s avant la fin des p\u00e9riodes d\u00e9finies ci-dessus. La chauss\u00e9e est alors rendue aux usagersdans les conditions de circulation qui \u00e9taient celles applicables avant les travaux.Si les travaux devaient \u00eatre annul\u00e9s, les dispositions du pr\u00e9sent arr\u00eat\u00e9 seraient alors caduques.Les forces de l'ordre seront pr\u00e9sentes pour accompagner les agents de la soci\u00e9t\u00e9 APRR afin de fairerespecter les mesures de police n\u00e9cessaires \u00e0 la pose/d\u00e9pose des balisages et signalisationstemporaires (ralentissement de la circulation, fermeture/ouverture de section courante ou debretelles) ainsi qu'\u00e0 la r\u00e9alisation des travaux. Toutefois, dans l'hypoth\u00e8se o\u00f9, une fois requises, lesforces de l'ordre seraient dans l'impossibilit\u00e9 d'\u00eatre pr\u00e9sentes, les agents d'APRR seront autoris\u00e9s \u00e0r\u00e9aliser seuls ces op\u00e9rations, selon les consignes de l'exploitant. .Article 5La signalisation temporaire r\u00e9glementaire doit \u00eatre conforme \u00e0 l'instruction interminist\u00e9rielle (Livrel-8\u00b0\" partie) approuv\u00e9e par arr\u00eat\u00e9 interminist\u00e9riel du 6 novembre 1992 et aux manuels du chef dechantier.La mise en place, le contr\u00f4le, la maintenance et l'enl\u00e8vement de la signalisation temporaire (ousp\u00e9cifique) adapt\u00e9e sont effectu\u00e9s sous la responsabilit\u00e9 des services des Autoroutes Paris-Rhin-Rh\u00f4ne (APRR).Les entreprises charg\u00e9es des travaux doivent prendre toutes les mesures de protection utiles sous lecontr\u00f4le des services d'APRR et des forces de l'ordre.Article 6Afin de ne pas porter atteinte \u00e0 une distribution rapide et sure des secours ou d'entra\u00eener des d\u00e9laisde transit trop longs non conformes aux int\u00e9r\u00eats sup\u00e9rieurs des victimes, APRR prendra toutes lesdispositions n\u00e9cessaires afin de ne pas contraindre au-del\u00e0 du raisonnable la circulation des v\u00e9hiculesde secours, dans tous les cas de restrictions pr\u00e9vues aux articles 1 \u00e0 3 du pr\u00e9sent arr\u00eat\u00e9 et impos\u00e9esde mani\u00e8re \u00e0 s\u00e9curiser les op\u00e9rations, en permettant dans la mesure du possible l'emprunt dessections ferm\u00e9es (circulation sur chauss\u00e9e avec pr\u00e9sence de personnel \u00e0 pied) avec guidage de cetransit par les moyens d\u00e9termin\u00e9s par le PC APRR et maintenir l'accessibilit\u00e9 aux points d'eau incendieimpact\u00e9s par les travaux.D'autre part, PC APRR fait aux CODIS comp\u00e9tents, et sans d\u00e9lais, toute remont\u00e9e d'informationn\u00e9cessaire de toute difficult\u00e9 de circulation pouvant porter atteinte \u00e0 une distribution rapide et suredes secours ou entra\u00eener des d\u00e9lais de transit trop longs non conformes aux int\u00e9r\u00eats sup\u00e9rieurs desvictimes.Enfin, PC APRR pr\u00e9cisera aux CODIS comp\u00e9tents s'il s'agit d'une intervention relevant des travaux etdes chantiers ou d'une intervention relevant de la circulation du public.Article7Toute infraction au pr\u00e9sent arr\u00eat\u00e9 pourra \u00eatre constat\u00e9e par proc\u00e8s-verbal dress\u00e9 par les forces del'ordre.Article 8Lors de l'ach\u00e8vement des travaux et avant le r\u00e9tablissement normal de la circulation, la chauss\u00e9e doit\u00eatre propre et satisfaire aux normes de s\u00e9curit\u00e9 en vigueur.Article9Le gestionnaire de la voirie affichera le pr\u00e9sent arr\u00eat\u00e9 aux abords imm\u00e9diats des chantiers.Le pr\u00e9sent arr\u00eat\u00e9 sera notifi\u00e9 aux personnes concern\u00e9es et publi\u00e9 au recueil des actes administratifs(RAA) des pr\u00e9fectures du Rh\u00f4ne et de l'Ain.\n5/6\n69_DDT_Direction d\u00e9partementale des territoires du Rh\u00f4ne - 69-2025-10-16-00001 - DDT-SST-2025-44 AIP A46-A466 AIN RHONE 8\nArticle 10La secr\u00e9taire g\u00e9n\u00e9rale de la pr\u00e9fecture du Rh\u00f4ne,la secr\u00e9taire g\u00e9n\u00e9rale de la pr\u00e9fecture de l'Ain,le directeur r\u00e9gional Rh\u00f4ne de la soci\u00e9t\u00e9 des Autoroutes Paris-Rhin-Rh\u00f4ne,le commandant de la compagnie r\u00e9publicaine de s\u00e9curit\u00e9 autorouti\u00e8re Rh\u00f4ne-Alpes-Auvergne,les commandants de groupement de gendarmerie d\u00e9partementale de l'Ain et du Rh\u00f4ne,la directrice interd\u00e9partementale des routes Centre-Est,sont charg\u00e9s, chacun en ce qui le concerne, de l'ex\u00e9cution du pr\u00e9sent arr\u00eat\u00e9, qui sera ins\u00e9r\u00e9 aurecueil des actes administratifs de la pr\u00e9fecture de l'Ain et du Rh\u00f4ne et dont copie est adress\u00e9e :au pr\u00e9sident de la m\u00e9tropole de Lyon,au pr\u00e9sident du conseil d\u00e9partemental du Rh\u00f4ne,au pr\u00e9sident du conseil d\u00e9partemental de l'Ain,\u00e0 la directrice des mobilit\u00e9s routi\u00e8res (DGITM/DMR), sous-direction des financements innovantset du contr\u00f4le des concessions autorouti\u00e8res (FCA),au directeur du service d\u00e9partemental et m\u00e9tropolitain d'incendie et de secours,au directeur du service d'incendie et de secours du d\u00e9partement de l'Ain,au directeur d\u00e9partemental de la s\u00e9curit\u00e9 publique du Rh\u00f4ne,\u00e0 l'officier du minist\u00e8re public pr\u00e8s du tribunal de police de Lyon,aux communes concern\u00e9es,au directeur d\u00e9partemental des territoires du Rh\u00f4ne,au directeur d\u00e9partemental des territoires de l'Ain.\nLyon, le Bourg-en-Bresse, le 15 octobre 2025La pr\u00e9f\u00e8te, La pr\u00e9f\u00e8te,pour la pr\u00e9f\u00e8te et par d\u00e9l\u00e9gation, pour la pr\u00e9f\u00e8te et par d\u00e9l\u00e9gation,le directeur d\u00e9partemental des territoires du Rh\u00f4ne, le directeur d\u00e9partemental des territoires,pour le directeur et par subd\u00e9l\u00e9gation, pour le directeur et par subd\u00e9l\u00e9gation,le chef du service s\u00e9curit\u00e9 et transports, le chef d'unit\u00e9 gestion de crise et transports,\nEEGeorges WACRENIER\nD\u00e9lais et voies de recours :Conform\u00e9ment \u00e0 l'article R.421-1 du code de justice administrative, la pr\u00e9sente d\u00e9cision peut fairel'objet d'un recours contentieux, dans le d\u00e9lai de deux mois \u00e0 compter de sa notification, devant letribunal administratif de Lyon (184, rue Duguesclin - 69 433 Lyon Cedex 03, ou sur l'applicationwww.telerecours.fr). Elle peut \u00e9galement faire l'objet d'un recours gracieux aupr\u00e8s de Madame laPr\u00e9f\u00e8te du Rh\u00f4ne. Cette d\u00e9marche interrompt le d\u00e9lai de recours contentieux, ce dernier devant \u00eatreintroduit dans le d\u00e9lai de deux mois suivant une d\u00e9cision implicite ou explicite de l'autorit\u00e9comp\u00e9tente (le silence de l'administration pendant un d\u00e9lai de deux mois valant d\u00e9cision implicite derejet). 6/6\n69_DDT_Direction d\u00e9partementale des territoires du Rh\u00f4ne - 69-2025-10-16-00001 - DDT-SST-2025-44 AIP A46-A466 AIN RHONE 9\n69_DDT_Direction d\u00e9partementale des\nterritoires du Rh\u00f4ne\n69-2025-10-15-00002\nDDT-SST-2025-45 A89 \n69_DDT_Direction d\u00e9partementale des territoires du Rh\u00f4ne - 69-2025-10-15-00002 - DDT-SST-2025-45 A89 10\nPREFETEDU RHONELibert\u00e9Egalit\u00e9Fraternit\u00e9\nDirection d\u00e9partementale\ndes territoires\nArr\u00eat\u00e9 pr\u00e9fectoral n\u00b0 69-2025-10-15-00002\nportant r\u00e9glementation temporaire de la circulation sur l'autoroute A89\nrelatif \u00e0 des travaux de r\u00e9paration de glissi\u00e8res dans les bretelles de sortie de l'\u00e9changeur n\u00b0 38\nLa Pr\u00e9f\u00e8te de la R\u00e9gion Auvergne-Rh\u00f4ne-Alpes,\nPr\u00e9f\u00e8te de la Zone de d\u00e9fense et de s\u00e9curit\u00e9 sud-est,\nPr\u00e9f\u00e8te du Rh\u00f4ne,\nCommandeur de la L\u00e9gion d'honneur,\nCommandeur de l'ordre national du M\u00e9rite,\nVU\u00a0le code de la route ;\nVU\u00a0le code de la voirie routi\u00e8re ;\nVU\u00a0la loi n\u00b0 55-435 du 18 avril 1955 modifi\u00e9e portant statut des autoroutes ;\nVU\u00a0le d\u00e9cret  en conseil des ministres du 11 janvier  2023  portant  nomination de Mme Fabienne\nBUCCIO, en qualit\u00e9 de pr\u00e9f\u00e8te de la r\u00e9gion Auvergne-Rh\u00f4ne-Alpes, pr\u00e9f\u00e8te de la zone de d\u00e9fense et\nde s\u00e9curit\u00e9 Sud-Est, pr\u00e9f\u00e8te du Rh\u00f4ne (hors classe) ;\nVU\u00a0le d\u00e9cret en conseil des ministres du 6 novembre 2024 portant nomination de M. Antoine GUERIN,\nen qualit\u00e9 de pr\u00e9fet d\u00e9l\u00e9gu\u00e9 pour la d\u00e9fense et la s\u00e9curit\u00e9 aupr\u00e8s de la pr\u00e9f\u00e8te de la r\u00e9gion Auvergne-\nRh\u00f4ne-Alpes, pr\u00e9f\u00e8te de la zone de d\u00e9fense et de s\u00e9curit\u00e9 Sud-Est, pr\u00e9f\u00e8te du Rh\u00f4ne ;\nVU\u00a0le  d\u00e9cret  du  7  f\u00e9vrier  1992  approuvant  la  convention  pass\u00e9e  entre  l'\u00c9tat  et  la  soci\u00e9t\u00e9  des\nautoroutes  du  Sud  de  la  France  pour  la  concession  de  la  construction,  de  l'entretien  et  de\nl'exploitation d'autoroutes, et ses avenants ;\nVU\u00a0le d\u00e9cret n\u00b0 96-982 du 8 novembre 1996 relatif \u00e0 la police de circulation sur les autoroutes ;\nVU\u00a0le d\u00e9cret n\u00b0 2004-374 du 29 avril 2004 modifi\u00e9 relatif aux pouvoirs des pr\u00e9fets, \u00e0 l'organisation et \u00e0\nl'action des services de l'\u00c9tat dans les r\u00e9gions et d\u00e9partements ;\nVU\u00a0l'arr\u00eat\u00e9 interminist\u00e9riel du 24 novembre 1967 modifi\u00e9 relatif \u00e0 la signalisation des routes et des\nautoroutes ;\nVU\u00a0l'arr\u00eat\u00e9 inter-pr\u00e9fectoral n\u00b0 DT-12-878 du 16 janvier 2013 portant r\u00e9glementation de la circulation\nen exploitation sous chantier sur les autoroutes A711, A89 (section Clermont-Ferrand/Lyon) et A72\n(Nervieux/Andr\u00e9zieux) ;\nVU\u00a0l'arr\u00eat\u00e9 pr\u00e9fectoral n\u00b0 69-2025-09-08-00008 du 8 septembre 2025 portant d\u00e9l\u00e9gation de signature\n\u00e0 M. Xavier CEREZA, directeur d\u00e9partemental des territoires du Rh\u00f4ne ;\n69_DDT_Direction d\u00e9partementale des territoires du Rh\u00f4ne - 69-2025-10-15-00002 - DDT-SST-2025-45 A89 11\nVU\u00a0l'instruction  interminist\u00e9rielle  sur  la  signalisation  routi\u00e8re  (Livre  I,  8\u00e8me partie  :  signalisation\ntemporaire) approuv\u00e9e par l'arr\u00eat\u00e9 interminist\u00e9riel du 6 novembre 1992 et modifi\u00e9e par les textes\nsubs\u00e9quents ;\nVU\u00a0la note technique du 14 avril 2016 du minist\u00e8re de l'environnement, de l'\u00e9nergie et de la mer\nrelative \u00e0 la coordination des chantiers sur le r\u00e9seau national ;\nVU\u00a0la  note de la direction  g\u00e9n\u00e9rale  des  infrastructures,  des  transports  et  des  mobilit\u00e9s (DGITM)\ndirection des mobilit\u00e9s routi\u00e8res (DMR) du 23 janvier 2025 d\u00e9finissant le calendrier des jours \u00ab  hors\nchantiers \u00bb retenus pour l'ann\u00e9e 2025 et pour le mois de janvier 2026 sur le r\u00e9seau routier national\n(RRN) ;\nVU\u00a0la d\u00e9cision n\u00b0  DDT-69-2025-09-11-00001 du 11 septembre 2025 de M.  Xavier CEREZA, directeur\nd\u00e9partemental des territoires du Rh\u00f4ne portant subd\u00e9l\u00e9gation de signature en mati\u00e8re d'attributions\ng\u00e9n\u00e9rales \u00e0 M. Nicolas CROSSONNEAU, chef du service s\u00e9curit\u00e9 et transports ;\nVU\u00a0l'avis favorable de  la  direction  g\u00e9n\u00e9rale  des  infrastructures,  des  transports  et  des  mobilit\u00e9s\n(DGITM), direction des mobilit\u00e9s routi\u00e8res (DMR), sous-direction des financements innovants et du\ncontr\u00f4le des concessions autorouti\u00e8res (FCA) du 10 octobre 2025;\nVU l'avis favorable du groupement de gendarmerie d\u00e9partementale du Rh\u00f4ne (PMO-Tarare/EDCF)\ndu 07 octobre 2025 ;\nVU l'avis favorable du d\u00e9partement du Rh\u00f4ne (Service Voirie-Ouest) du 07 octobre 2025;\nVU l'avis favorable du d\u00e9partement du Rh\u00f4ne (Service Voirie-Nord) du 08 octobre 2025;\nCONSID\u00c9RANT la demande d'arr\u00eat\u00e9 pr\u00e9fectoral pr\u00e9sent\u00e9e par la soci\u00e9t\u00e9 des Autoroutes du Sud de la\nFrance  (Vinci-Autoroutes  \u2013 r\u00e9seau  ASF)  le 07  octobre 2025,  relatif  aux  travaux  de  r\u00e9paration  de\nglissi\u00e8res dans les bretelles de sortie de l'\u00e9changeur n\u00b038 (Lentilly), dans les deux sens de circulation ;\nCONSID\u00c9RANT\u00a0les avis rendus par les gestionnaires de voiries figurant ci-dessus ;\nCONSID\u00c9RANT\u00a0la  n\u00e9cessit\u00e9  de  garantir  la  s\u00e9curit\u00e9  des  usagers,  des  agents  de  la  soci\u00e9t\u00e9  des\nAutoroutes du Sud de la France et des entreprises charg\u00e9es de l'ex\u00e9cution des travaux et de r\u00e9duire\nautant que possible, les entraves \u00e0 la circulation provoqu\u00e9es par des travaux ;\nCONSID\u00c9RANT que la section concern\u00e9e est situ\u00e9e hors agglom\u00e9ration,\nSur\u00a0proposition\u00a0du directeur d\u00e9partemental des territoires du Rh\u00f4ne,\nARR\u00caTE\nArticle\u00a0 \u00a0\u00a0\u00a0\u00a01\u00a0\u00a0\nSur l'autoroute A89, dans la bretelle de sortie de l'\u00e9changeur n\u00b038 de Lentlly des travaux d'entretien\ns'effectueront :\n\u2022 du jeudi 23 octobre 2025 (22h00) au vendredi 24 octobre 2025 (03h00) ;\n- Fermetures successives des bretelles de sortie de Lentilly n\u00b038 sur A89 en direction de Lyon et\nClermont Ferrand.\nArticle\u00a0 \u00a0\u00a0\u00a0\u00a02\u00a0\u00a0\nPendant la fermeture de la bretelle de sortie de l'\u00e9changeur n\u00b0 38 sur A 89 en direction de Lyon, l es\nusagers devront emprunter la sortie n\u00b036 (l'Arbresle) puis suivre la route d\u00e9partementale n\u00b0 307\n(RD307) direction Lentilly (itin\u00e9raire S23).\nPendant  la  fermeture  de  la  bretelle  de  sortie  de  l'\u00e9changeur n\u00b0  38  sur  A  89  en  direction  de\nClermont - Ferrand,  les usagers devront emprunter  la sortie n\u00b039  (Lozanne),  puis suivre la route\nd\u00e9partementale n\u00b0 307 (RD307) direction  Lentilly (itin\u00e9raire S24-S26).\n2/4\n69_DDT_Direction d\u00e9partementale des territoires du Rh\u00f4ne - 69-2025-10-15-00002 - DDT-SST-2025-45 A89 12\nArticle\u00a0 \u00a0\u00a0\u00a0\u00a03\u00a0\u00a0\nIl rel\u00e8ve de l'obligation du gestionnaire d'informer les personnes charg\u00e9es de faire appliquer l'arr\u00eat\u00e9\nainsi que les personnes ayant un int\u00e9r\u00eat \u00e0 conna\u00eetre les d\u00e9cisions prises \u00e0 l'article 11, en cas :\n\u2022 d'annulation de la date initialement programm\u00e9e ;\n\u2022 de  modifications  des  phases  d'exploitations  ou  des  phases  d'exploitations  non  d\u00e9finies\nr\u00e9f\u00e9renc\u00e9es \u00e0 l'article premier.\nArticle\u00a0 \u00a0\u00a0\u00a0\u00a04\u00a0\u00a0\nEn cas d'incident ou d'accident, les services des Autoroutes du Sud de la France pourront prendre\ntoutes les mesures qui s'imposent afin d'assurer la s\u00e9curit\u00e9 des usagers, et seront autoris\u00e9s \u00e0 \u00e9vacuer\nimm\u00e9diatement de la zone de chantier ou des zones de balisage, par poussage ou traction, tout\nv\u00e9hicule immobilis\u00e9.\nArticle\u00a0 \u00a0\u00a0\u00a0\u00a05\u00a0\u00a0\nLa signalisation temporaire r\u00e9glementaire sera conforme \u00e0 l'instruction interminist\u00e9rielle (livre I-8 \u00e8me\npartie) approuv\u00e9e par arr\u00eat\u00e9 interminist\u00e9riel du 6 novembre 1992 aux manuels du chef de chantier.\nLes diff\u00e9rentes dispositions relatives \u00e0 l'exploitation sous chantier, \u00e0 la signalisation et \u00e0 la s\u00e9curit\u00e9\nsont contenues dans les manuels de signalisation temporaire \u00e9labor\u00e9s par la soci\u00e9t\u00e9 des autoroutes\ndu Sud de la France.\nLa mise en place, le contr\u00f4le, la maintenance et l'enl\u00e8vement de la signalisation temporaire (ou\nsp\u00e9cifique) adapt\u00e9e sont plac\u00e9s sous la responsabilit\u00e9 des services des autoroutes du Sud de la\nFrance.\nL'entreprise charg\u00e9e des travaux prendra toutes les mesures de protection utiles sous le contr\u00f4le des\nservices des autoroutes du Sud de la France et des forces de l'ordre.\nArticle\u00a0 \u00a0\u00a0\u00a0\u00a06\u00a0\u00a0\nLes  forces  de  l'ordre  seront  pr\u00e9sentes,  si  elles  sont  requises,  pour  accompagner  les  \u00e9quipes\nd'intervention des gestionnaires des routes, afin de faire respecter les mesures de police n\u00e9cessaires\n\u00e0 la r\u00e9alisation de cette op\u00e9ration et \u00e0 la mise en place de la signalisation, dans les cas de fermeture\nou de basculement.\nToutefois, dans le cas o\u00f9 les forces de l'ordre, une fois requises, seraient dans l'impossibilit\u00e9 d'\u00eatre\npr\u00e9sentes  ainsi  que  dans  le  cas  o\u00f9  les  forces  de  l'ordre  ne  seraient  pas  requises,  les  \u00e9quipes\nd'intervention des gestionnaires des routes seront autoris\u00e9es \u00e0 r\u00e9aliser seules ces op\u00e9rations de\nbalisage au moyen de dispositifs de signalisation, sous r\u00e9serve de la politique interne de chaque\nexploitant.\nArticle\u00a0 \u00a0\u00a0\u00a0\u00a07\u00a0\u00a0\nLa direction interd\u00e9partementale des routes de la zone de d\u00e9fense Sud-Est (DIR Zone) doit \u00eatre\ntenue inform\u00e9e des diff\u00e9rentes phases de chantier ainsi que des conditions de circulation, afin\nd'informer les usagers au mieux \u00e0 l'aide de ses propres moyens de communication.\nEn cons\u00e9quence les services de la soci\u00e9t\u00e9 des autoroutes du Sud de la France informent la DIR de\nzone,  par  courriel  ou  par  t\u00e9l\u00e9copie,  des  diff\u00e9rents  balisages  relatifs  \u00e0  chaque  phase,  des\nperturbations sur le trafic ainsi que leurs \u00e9volutions.\nArticle\u00a0 \u00a0\u00a0\u00a0\u00a08\u00a0\u00a0\nLors de l'ach\u00e8vement des travaux et avant le r\u00e9tablissement normal de la circulation, la chauss\u00e9e\ndoit \u00eatre propre et satisfaire aux normes de s\u00e9curit\u00e9 en vigueur.\nArticle\u00a0 \u00a0\u00a0\u00a0\u00a09\u00a0\u00a0\nToute infraction au pr\u00e9sent arr\u00eat\u00e9 sera constat\u00e9e par proc\u00e8s-verbal dress\u00e9 par les forces de l'ordre.\nArticle\u00a0 \u00a0\u00a0\u00a0\u00a010\u00a0 \u00a0\nLe gestionnaire de la voirie affichera le pr\u00e9sent arr\u00eat\u00e9 aux abords imm\u00e9diats des zones ferm\u00e9es et\ninterdites de l'autoroute A89.\n3/4\n69_DDT_Direction d\u00e9partementale des territoires du Rh\u00f4ne - 69-2025-10-15-00002 - DDT-SST-2025-45 A89 13\nArticle\u00a0 \u00a0\u00a0\u00a0\u00a011\u00a0 \u00a0\n- Le pr\u00e9fet, secr\u00e9taire g\u00e9n\u00e9ral de la pr\u00e9fecture du Rh\u00f4ne,\n- le commandant du groupement de gendarmerie d\u00e9partementale du Rh\u00f4ne,\n- le directeur r\u00e9gional des Autoroutes du Sud de la France (ASF/Vinci-autoroutes), r\u00e9gion Au -\nvergne-Rh\u00f4ne-Alpes,\n- le directeur r\u00e9gional Rh\u00f4ne de la soci\u00e9t\u00e9 des Autoroutes Paris-Rhin-Rh\u00f4ne,\nsont charg\u00e9s, chacun en ce qui le concerne, de l'ex\u00e9cution du pr\u00e9sent arr\u00eat\u00e9, dont copie est adres -\ns\u00e9e :\n- au pr\u00e9sident du conseil d\u00e9partemental du Rh\u00f4ne,\n- \u00e0 la directrice des mobilit\u00e9s routi\u00e8res (DGITM/DMR), sous-direction des financements innovants\net du contr\u00f4le des concessions autorouti\u00e8res (FCA),\n- \u00e0 la directrice interd\u00e9partementale des routes Centre-Est (PC de Genas),\n- au directeur du service d\u00e9partemental et m\u00e9tropolitain d'incendie et de secours,\n- \u00e0 l'officier du minist\u00e8re public pr\u00e8s du tribunal de police de Lyon,\n- au directeur d\u00e9partemental des territoires du Rh\u00f4ne.\nLyon, le 15 octobre 2025\nla pr\u00e9f\u00e8te,\npour la pr\u00e9f\u00e8te et par d\u00e9l\u00e9gation,\nle directeur d\u00e9partemental des territoires du Rh\u00f4ne,\nle directeur et par subd\u00e9l\u00e9gation,\nle chef de service s\u00e9curit\u00e9 et transports,\nD\u00e9lais\u00a0et\u00a0voies\u00a0de\u00a0recours\u00a0:\nConform\u00e9ment \u00e0 l'article R.421-1 du code de justice administrative, la pr\u00e9sente d\u00e9cision peut faire l'objet\nd'un recours contentieux, dans le d\u00e9lai de deux mois \u00e0 compter de sa notification, devant le tribunal\nadministratif  de  Lyon  (184,  rue  Duguesclin  \u2013  69  433  Lyon  Cedex  03,  ou  sur  l'application\nwww.telerecours.fr). Elle peut \u00e9galement faire l'objet d'un recours gracieux aupr\u00e8s de Madame la Pr\u00e9f\u00e8te\ndu Rh\u00f4ne. Cette d\u00e9marche interrompt le d\u00e9lai de recours contentieux, ce dernier devant \u00eatre introduit\ndans le d\u00e9lai de deux mois suivant une d\u00e9cision implicite ou explicite de l'autorit\u00e9 comp\u00e9tente (le silence\nde l'administration pendant un d\u00e9lai de deux mois valant d\u00e9cision implicite de rejet).\n4/4\n69_DDT_Direction d\u00e9partementale des territoires du Rh\u00f4ne - 69-2025-10-15-00002 - DDT-SST-2025-45 A89 14\n69_DDT_Direction d\u00e9partementale des\nterritoires du Rh\u00f4ne\n69-2025-10-15-00001\nDDT_SST_47_2025 CD69\n69_DDT_Direction d\u00e9partementale des territoires du Rh\u00f4ne - 69-2025-10-15-00001 - DDT_SST_47_2025 CD69 15\nPREFETE Direction d\u00e9partementaleDU RHONE des territoiresLibert\u00e9\u00c9galit\u00e9Fraternit\u00e9\nArr\u00eat\u00e9 pr\u00e9fectoral n\u00b0 69-2025-10-15-00001prescrivant d\u00e9rogation \u00e0 l'usage de pneus clout\u00e9s ou \u00e0 cramponspar le Conseil D\u00e9partemental du Rh\u00f4neLa Pr\u00e9f\u00e8te de la R\u00e9gion Auvergne-Rh\u00f4ne-Alpes,Pr\u00e9f\u00e8te de la Zone de d\u00e9fense et de s\u00e9curit\u00e9 Sud-Est,Pr\u00e9f\u00e8te du Rh\u00f4ne,Commandeur de la L\u00e9gion d'honneur,Commandeur de l'ordre national du M\u00e9rite,\nVU le Code de la route et notamment ses articles R 314-3 et R 413-7;VU le d\u00e9cret en conseil des ministres du 11 janvier 2023 portant nomination de Mme FabienneBUCCIO, en qualit\u00e9 de pr\u00e9f\u00e9te de la r\u00e9gion Auvergne-Rh\u00f4ne-Alpes, pr\u00e9f\u00e9te de la zone de d\u00e9fense etde s\u00e9curit\u00e9 Sud-Est, pr\u00e9f\u00e9te du Rh\u00f4ne ;VU le d\u00e9cret en conseil des ministres du 6 novembre 2024 portant nomination de M. AntoineGUERIN, en qualit\u00e9 de pr\u00e9fet d\u00e9l\u00e9gu\u00e9 pour la d\u00e9fense et la s\u00e9curit\u00e9 aupr\u00e8s de la pr\u00e9f\u00e8te de la r\u00e9gionAuvergne-Rh\u00f4ne-Alpes, pr\u00e9f\u00e8te de la zone de d\u00e9fense et de s\u00e9curit\u00e9 Sud-Est, pr\u00e9f\u00e9te du Rh\u00f4ne; .: VU l'arr\u00eat\u00e9 minist\u00e9riel du 18 juillet 1985 modifi\u00e9 par l'arr\u00eat\u00e9 du 10 juin 2021 fixant les conditionsd'utilisation des pneumatiques comportant des \u00e9l\u00e9ments m\u00e9talliques susceptibles de faire saillie etdes dispositifs antid\u00e9rapants ou antipatinants ;VU l'arr\u00eat\u00e9 pr\u00e9fectoral n\u00b0 69-2025-09-08-00008 du 08 septembre 2025 portant d\u00e9l\u00e9gation designature \u00e0 M. Xavier CEREZA, directeur d\u00e9partemental des territoires du Rh\u00f4ne ;VU la d\u00e9cision n\u00b0 DDT-69-2025-09-11-00001 du 11 septembre 2025 de M. Xavier CEREZA, directeurd\u00e9partemental des territoires du Rh\u00f4ne, portant subd\u00e9l\u00e9gation de signature en mati\u00e8re d'attributionsg\u00e9n\u00e9rales \u00e0 M. CROSSONNEAU Nicolas, chef du service s\u00e9curit\u00e9 et transports ;CONSID\u00c9RANT la demande de d\u00e9rogation pr\u00e9sent\u00e9e le 14 octobre 2025 par le Conseild\u00e9partemental du Rh\u00f4ne en vue d'\u00e9quiper de pneus clout\u00e9s ou \u00e0 crampons les v\u00e9hicules d'un poidstotal en charge sup\u00e9rieur \u00e0 3,5 tonnes, utilis\u00e9s pour le d\u00e9neigement, le salage et le gravillonnage de lavoirie d\u00e9partementale dans le d\u00e9partement du Rh\u00f4ne ; |CONSID\u00c9RANT la p\u00e9riode viabilit\u00e9 hivernale qui d\u00e9bute le 1\u00b0 novembre et se termine le 31 mars del'ann\u00e9e suivante ;CONSID\u00c9RANT la possibilit\u00e9 pour les pr\u00e9fets d'accorder, si les conditions atmosph\u00e9riques l'exigent,des d\u00e9rogations en faveur de v\u00e9hicules d'intervention d'urgence, de v\u00e9hicules de secours, dev\u00e9hicules assurant des transports de premi\u00e8re n\u00e9cessit\u00e9, de denr\u00e9es p\u00e9rissables ou de mati\u00e8resdangereuses et de v\u00e9hicules assurant la viabilit\u00e9 hivernale, dont le poids total autoris\u00e9 en charge estsup\u00e9rieur \u00e0 3,5 tonnes ;SUR PROPOSITION du directeur d\u00e9partemental des territoires du Rh\u00f4ne,ARR\u00caTE\n69_DDT_Direction d\u00e9partementale des territoires du Rh\u00f4ne - 69-2025-10-15-00001 - DDT_SST_47_2025 CD69 16\nArticle 1Du mercredi 15 octobre 2025 au jeudi 30 avril 2026 inclus, le Conseil D\u00e9partemental du Rh\u00f4ne estautoris\u00e9 \u00e0 utiliser des pneus clout\u00e9s ou \u00e0 crampons sur ses v\u00e9hicules de plus de 3,5 tonnes n\u00e9cessaires aud\u00e9neigement et au salage de la voirie d\u00e9partementale.Article 2Les services techniques du Conseil D\u00e9partemental du Rh\u00f4ne se doivent d'anticiper la pr\u00e9paration de lap\u00e9riode viabilit\u00e9 hivernale qui d\u00e9bute le 1\u00b0 novembre et se termine le 31 mars de l'ann\u00e9e suivante pouracheminer chaque engin aux \u00e9quipements sp\u00e9cifiques (d\u00e9neigement, salage, gravillonnage) dans lescentres d'exploitations du d\u00e9partement du Rh\u00f4ne (Cf. annexes 1 \u00e0 3).\u00c0 la fin de la p\u00e9riode de viabilit\u00e9 hivernale, un temps suppl\u00e9mentaire pour le rapatriement des enginsleur est accord\u00e9.Article 3Le pr\u00e9sent acte comporte trois annexes r\u00e9pertoriant les v\u00e9hicules du P\u00f4le routes du d\u00e9partement duRh\u00f4ne, r\u00e9partis dans le Service Voirie-Nord (SVN), le Service Voirie-Ouest (SVO) et le Service Voirie-Sud (SVS), \u00e9quip\u00e9s de dispositifs antid\u00e9rapants sur les pneumatiques.Article 4Les v\u00e9hicules \u00e9quip\u00e9s de pneus clout\u00e9s doivent porter de fa\u00e7on bien visible \u00e0 l'arri\u00e8re, sur la partieinf\u00e9rieure gauche de la carrosserie, un disque de 15cm de diam\u00e8tre conforme au mod\u00e8ler\u00e9glementaire.Article5Cette d\u00e9rogation doit \u00eatre conserv\u00e9e \u00e0 bord du v\u00e9hicule afin de pouvoir \u00eatre pr\u00e9sent\u00e9e, avec le certificatd'immatriculation du v\u00e9hicule, lors de tout contr\u00f4le.Article 6- Le secr\u00e9taire g\u00e9n\u00e9ral de la pr\u00e9fecture du Rh\u00f4ne,- le commandant de groupement de gendarmerie d\u00e9partementale du Rh\u00f4ne,- le directeur interd\u00e9partemental de la police nationale du Rh\u00f4ne,- le pr\u00e9sident du conseil d\u00e9partemental du Rh\u00f4ne,sont charg\u00e9s, chacun en ce qui le concerne, de l'ex\u00e9cution du pr\u00e9sent arr\u00eat\u00e9 qui sera ins\u00e9r\u00e9 au recueildes actes administratifs de la pr\u00e9fecture du Rh\u00f4ne et dont copie est adress\u00e9e :- \u00e0 l'officier du minist\u00e8re public pr\u00e8s du tribunal de police de Lyon, :- \u00e0 la directrice interd\u00e9partementale des routes Centre-Est (PC de Genas),- au directeur d\u00e9partemental des territoires du Rh\u00f4ne.Lyon, le 15 octobre 2025La pr\u00e9f\u00e8te,pour la pr\u00e9f\u00e8te et par d\u00e9l\u00e9gation,le directeur d\u00e9partemental des territoires du Rh\u00f4ne,pour le directeur et par d\u00e9l\u00e9gation,le chef du service s\u00e9curit\u00e9 et transports,NICOLAS1e chetqu s\u00e8me CROSSONNE\"etre AU 1459669D\u00e9lais et voies de recours : Ni\u00e9okas CROSSONNEAU 2025.10.15 09:35:30+02'00'Conform\u00e9ment \u00e0 l'article R.421-1 du code de justice administrative, la pr\u00e9sente d\u00e9cision peut faire l'objetd'un recours contentieux, dans le d\u00e9lai de deux mois \u00e0 compter de sa notification, devant le tribunaladministratif de Lyon (184, rue Duguesclin - 69 433 Lyon Cedex 03, ou sur l'application www.telerecours.fr).Elle peut \u00e9galement faire l'objet d'un recours gracieux aupr\u00e8s de Madame la Pr\u00e9f\u00e8te du Rh\u00f4ne. Cetted\u00e9marche interrompt le d\u00e9lai de recours contentieux, ce dernier devant \u00eatre introduit dans le d\u00e9lai de deuxmois suivant une d\u00e9cision implicite ou explicite de l'autorit\u00e9 comp\u00e9tente (le silence de l'administrationpendant un d\u00e9lai de deux mois valant d\u00e9cision implicite de rejet).2/2\n69_DDT_Direction d\u00e9partementale des territoires du Rh\u00f4ne - 69-2025-10-15-00001 - DDT_SST_47_2025 CD69 17\nANNEXEN\u00b01/3\u00e0l'arr\u00eat\u00e9pr\u00e9fectoraln\u00b069-2025-10-15-00001ServiceCER\u00e9f.piesSiahn|Ann\u00e9eMat\u00e9rielMarqueMod\u00e8leTitulairedelaCGSVNBeaujeuCM646CM-474-BH2012CAMION14TRENAULTMIDLUMCD69SVNBeaujeuCM662ER-904-EW2017CAMION19TMERCEDESAROCSCD69SVNBelleville-en-B.CM109AY-049-KT2004CAMION19TRENAULTKERAXCD69SVNBelleville-en-B.CM645CM-195-BH2012CAMION14T.RENAULTMIDLUMCD69SVNBelleville-en-B.CM660DA-721-MN2013CAMION19TMERCEDESAXORCD69SVNDeux-Grosnes\"CM059AY-434-KV2007CAMION19TRENAULT.KERAXCD69SVNDeux-GrosnesCM647CM-356-BH2012CAMION14TRENAULTMIDLUMCD69SVNDeux-GrosnesDAGA3GX-804-JC2024CAMION19TMERCEDESAROCSLIXXBAIL(DAGA)SVNFleurieCM668FV-091-AJ2020CAMION19TRENAULTK380CD69SVNFleurieCM655CM-365-LC2012CAMION19TMERCEDESAXORCD69SVNFleurieuxCM654CM-233-LC2012CAMION19TMERCEDESAXORCD69SVNFleurieuxCM663FL-182-MA2019CAMION19TRENAULTC320CD69SVNFleurieuxDAGA1GH-512-SF2022CAMION19TMERCEDESAROCSMercedesBenzFinancial(DAGA)SVNFleurieuxDAGA2GH-098-QS2022CAMION19TMERCEDESAROCSMercedesBenzFinancial(DAGA)SVNGleiz\u00e9CM644CM-104-BH2012CAMION14TRENAULTMIDLUMCD69SVNGleiz\u00e9CM162AY-073-KT2008CAMION19TRENAULTPREMIUNCD69SVNGleiz\u00e9CM657DB-846-AA2013CAMION19TMERCEDESAXORCD69SVNGleiz\u00e9CM667FT-528-XN2020CAMION19TRENAULTC320CD69Lyon,le15octobre2025PourlaPr\u00e9f\u00e9teetpard\u00e9l\u00e9gationNICOLASCROSSONTRS1459669NicolasCROSSONNEAU202510.1509:37:17+02'00'\n69_DDT_Direction d\u00e9partementale des territoires du Rh\u00f4ne - 69-2025-10-15-00001 - DDT_SST_47_2025 CD69 18\nNICOLAStee. 1459669\n69_DDT_Direction d\u00e9partementale des territoires du Rh\u00f4ne - 69-2025-10-15-00001 - DDT_SST_47_2025 CD69 19\nANNEXEN\u00b03/3\u00e0l'arr\u00eat\u00e9pr\u00e9fectoraln\u00b069-2025-10-15-00001ImmatriculationServiceCER\u00e9f.aPheAnn\u00e9eMat\u00e9rielMarqueMod\u00e8leTitulairedelaCG\nouN\u00b0deS\u00e9rieSVSCondrieuCM636AZ-965-FE2010CAMION19TRENAULTPREMIUNCD69SVSCondrieuDAGAT1GA-444-EA2021CAMION19TMERCEDESAROCSMercedesBenzFinancial(DAGA)SVSLarajasseDAGA12GX-409-LR2024CAMION19TMERCEDESAROCSLIXXBAIL(DAGA)SVSLarajasseCM159AY-652-JG2007CAMION14TRENAULTMIDLUMCD69SVSLarajasseCM665FA-744-ZY2018CAMION16TMERCEDESATEGOCD69SVSMeyzieuCM634AZ-289-FE2010CAMION19TRENAULTPREMIUNCD69SVSMeyzieuDAGA18GH-783-QQ2022CAMION19TMERCEDESAROCSMercedesBenzFinancial(DAGA)SVSMornantCM153AY-836-JG2005CAMION14TRENAULTMIDLUMCD69SVSMornantCM156AY-750-JG2007CAMION14TRENAULTMIDLUMCD69SVSMornantCM652CM-262-LC2012CAMION19TMERCEDESAXORCD69SVSMornantDAGA10GA-856-EA2021CAMION19TMERCEDESAROCSMercedesBenzFinancial(DAGA)SVSMornantDAGA10GX-227-LR2024CAMION19TMERCEDESAROCSLIXXBAIL(DAGA)SVSMornantDAGAT1GT-965-ZY2024CAMION19TMERCEDESAROCSLIXXBAIL(DAGA)SVSSSOCM143AY-094-KT2003ICAMIONAmplirol13T]RENAULTMIDLUMCD69SVSSSOCM639CC-634-LC2012CAMION14TRENAULTMIDLUMCD69SVSSaint-MartinCM661ER-853-EW2017CAMION19TMERCEDESAROCSCD69SVSSaint-MartinDAGA16GA-671-HS2021CAMION19TMERCEDESAROCSLIXXBAIL(DAGA)SVSVaugnerayCM154AY-777-JG2005CAMION14TRENAULTMIDLUMCD69SVSVaugnerayDAGA17GH-389-QR2022CAMION19TMERCEDESAROCSLIXXBAIL(DAGA)Lyon,le15octobre2025PourlaPr\u00e9f\u00e9teetpard\u00e9l\u00e9gationLeCnetouServiosSearneotTranspogtsNicoleCROSSONNEAU202510.15NICOLASCROSSONNEAU145966909:38:03+02'00'\n69_DDT_Direction d\u00e9partementale des territoires du Rh\u00f4ne - 69-2025-10-15-00001 - DDT_SST_47_2025 CD69 20\n69_HCL_Hospices civils de Lyon\n69-2025-10-13-00012\nD\u00e9cision de d\u00e9l\u00e9gation de signature n\u00b025-102 du\n13 octobre 2025 pour le groupement hospitalier\nSud - Hospices civils de Lyon\n69_HCL_Hospices civils de Lyon - 69-2025-10-13-00012 - D\u00e9cision de d\u00e9l\u00e9gation de signature n\u00b025-102 du 13 octobre 2025 pour le\ngroupement hospitalier Sud - Hospices civils de Lyon 21\nHCLHOSPICES CIVILSDE LYON\nDIRECTION GENERALEDirection des affaires juridiquesD\u00c9CISION N\u00b0 25-102DU 13 OCTOBRE 2025D\u00c9L\u00c9GATION DE SIGNATURELe Directeur G\u00e9n\u00e9ral, ordonnateur du budget,Vu le code de la sant\u00e9 publique,Vu le d\u00e9cret du Pr\u00e9sident de la R\u00e9publique du 29 d\u00e9cembre 2023 portant nomination deM. Raymond LE MOIGN en qualit\u00e9 de Directeur G\u00e9n\u00e9ral des Hospices civils de Lyon,Vu la note de service de la direction g\u00e9n\u00e9rale des HCL n\u00b016-12 du 29 juin 2016 nommantMme Anne DECQ-GARCIA.D\u00c9CIDEArticle 1 :D\u00e9l\u00e9gation de signature est donn\u00e9e \u00e0 Mme Anne DECQ-GARCIA, directrice du groupement hospitalierSud des Hospices Civils de Lyon, regroupant les h\u00f4pitaux Lyon Sud et Henry Gabrielle, dans la limite desattributions du groupement et dans les conditions indiqu\u00e9es aux articles 2 \u00e0 13 ci-apr\u00e8s.D\u00e9l\u00e9gation de signature est donn\u00e9e \u00e0 Mme Anne DECQ-GARCIA pour la gestion des ressourceshumaines de la plateforme HOSPIMAG dans les conditions d\u00e9finies aux articles 3 et 14 ci-apr\u00e8s.\nArticle 2 :La b\u00e9n\u00e9ficiaire de la pr\u00e9sente d\u00e9l\u00e9gation est autoris\u00e9e \u00e0 signer :|- Toutes d\u00e9cisions, correspondances, certificats et exp\u00e9ditions relatives \u00e0 l'organisation et aufonctionnement des sites pr\u00e9cit\u00e9s, y compris les conventions de rupture de s\u00e9jour nonmentionn\u00e9es aux Il, Ill, et IV du pr\u00e9sent article, ainsi que les d\u00e9p\u00f4ts de plainte aupr\u00e8s des autorit\u00e9sde police et de justice.H- Dans le domaine des ressources humainesa- Toutes les pi\u00e8ces et correspondances relatives aux affaires courantes de ce domaine ;b- Les mesures concernant la gestion du personnel relevant de la fonction publique hospitali\u00e8re :- les contrats de travail \u00e0 dur\u00e9e d\u00e9termin\u00e9e ;- les d\u00e9cisions relatives \u00e0 la disponibilit\u00e9, au d\u00e9tachement ;- les correspondances relatives aux demandes de rupture conventionnelle ;- les avis et observations sur le compte-rendu d'\u00e9valuation professionnelle des agents ;- les d\u00e9cisions en mati\u00e8re de discipline pour les titulaires de contrats de travail \u00e0 dur\u00e9ed\u00e9termin\u00e9e ;- les d\u00e9cisions d'affectation et de changement d'affectation ;- les d\u00e9cisions de reconnaissance d'accident de service, trajet et de maladieprofessionnelle sans arr\u00eat de travail ;- les tableaux de service des agents et les autorisations d'absences ;\n3, QUAI DES CELESTINS 69002 LYON \u2014 FRANCEB.P. 2251 -69229 LYON CEDEX 02 LiWWW.CHU-LYON.FR \u2014 RENSEIGNEMENTS HCL : 0 825 0 825 69 (0.15 \u20ac/MN)N\u00b0 FINESS HCL 690781810\n69_HCL_Hospices civils de Lyon - 69-2025-10-13-00012 - D\u00e9cision de d\u00e9l\u00e9gation de signature n\u00b025-102 du 13 octobre 2025 pour le\ngroupement hospitalier Sud - Hospices civils de Lyon 22\nHCLHOSPICES CIVILSOE LYON\n- les cong\u00e9s y compris := les d\u00e9cisions relatives au cong\u00e9 pour invalidit\u00e9 temporaire imputable au service (Citis),\u00ab les d\u00e9cisions d'octroi de cong\u00e9 de proche aidant,\u00ab les d\u00e9cisions d'octroi de cong\u00e9 de solidarit\u00e9 familiale,= les d\u00e9cisions relatives au cong\u00e9 parental.- les assignations pendant les p\u00e9riodes de gr\u00e8ve ;- les d\u00e9cisions relatives \u00e0 la r\u00e9mun\u00e9ration ;- Jes ordres de mission en France ou \u00e0 l'\u00e9tranger;- les conventions de stage des \u00e9l\u00e8ves et des \u00e9tudiants ;c- Les mesures concernant la gestion du personnel m\u00e9dical :- les assignations du personnel m\u00e9dical pendant les p\u00e9riodes de gr\u00e8ve ;- les d\u00e9clarations d'accident du travail ;d- Les engagements concernant les d\u00e9penses de classe 6 dans la limite des cr\u00e9dits budg\u00e9tairesouverts ;e- Les certificats administratifs ;IH - Dans le domaine \u00e9conomique, technique et logistiquea- Toutes les pi\u00e8ces et correspondances relatives aux affaires courantes de ce domaine ;b- Les engagements concernant :- les d\u00e9penses de classe 6 dans la limite des cr\u00e9dits budg\u00e9taires ouverts ;- les d\u00e9penses d'\u00e9quipements de classe 2 en fonction des cr\u00e9dits disponibles ;c- Les certificats de service fait au niveau des factures ainsi que les certificats administratifs.IV- Dans le domaine des financesa- Toutes les pi\u00e8ces et correspondances relatives aux affaires courantes de ce domaine ;b- Les engagements concernant :-__ l'int\u00e9gralit\u00e9 des d\u00e9penses de classe 6 dans la limite des cr\u00e9dits budg\u00e9taires ouverts ;- les d\u00e9penses d'\u00e9quipements de classe 2 en fonction des cr\u00e9dits disponibles ;c- Les certificats de service fait au niveau des factures ainsi que les certificats administratifs.\nArticle 3 :Sont exclus de la pr\u00e9sente d\u00e9l\u00e9gation, l'ordonnancement des d\u00e9penses et recettes, les march\u00e9s et lesconventions \u00e0 l'exception de celles mentionn\u00e9es \u00e0 l'article 2-Il, les d\u00e9cisions soumises au Conseil deSurveillance, les correspondances adress\u00e9es aux autorit\u00e9s de tutelle locales et minist\u00e9rielles.\nArticle 4 :A. En cas d'absence ou d'emp\u00e9chement de Mme Anne DECQ-GARCIA, directrice du groupement etsur sa proposition, la m\u00eame d\u00e9l\u00e9gation est donn\u00e9e \u00e0 M. Fabrice ORMANCEY, directeur adjoint.B. En cas d'absence ou d'emp\u00e9chement de M. Fabrice ORMANCEY, la m\u00eame d\u00e9l\u00e9gation de signatureest donn\u00e9e \u00e0 M. Elie PORTIER en sa qualit\u00e9 de directeur des affaires g\u00e9n\u00e9rales du groupement.\n69_HCL_Hospices civils de Lyon - 69-2025-10-13-00012 - D\u00e9cision de d\u00e9l\u00e9gation de signature n\u00b025-102 du 13 octobre 2025 pour le\ngroupement hospitalier Sud - Hospices civils de Lyon 23\nHCLHOSPICES CIVILSDE LYON\nArticle 5:Sur proposition de Mme Anne DECQ-GARCIA, directrice du groupement :A. D\u00e9l\u00e9gation est donn\u00e9e a M. Elie PORTIER, directeur des affaires g\u00e9n\u00e9rales du groupement, \u00e0 l'effetde, d\u00e9poser et signer toute d\u00e9claration ou d\u00e9p\u00f4t de plainte devant les autorit\u00e9s de police judiciaire\u00e0 l'occasion des infractions commises contre les usagers, les personnels et les biens des diff\u00e9rentssites du groupement hospitalier Sud, de signer tout proc\u00e8s-verbal relatif aux commissionsrogatoires et enqu\u00eates pr\u00e9liminaires ex\u00e9cut\u00e9es dans les \u00e9tablissements constituant cegroupement.B. En cas d'absence ou d'emp\u00eachement de M. Elie PORTIER, d\u00e9l\u00e9gation est donn\u00e9e concomitamment\u00e0 :- Mme Fleur ENRIQUEZ-SARANO, attach\u00e9e d'administration hospitali\u00e8re \u00e0 la direction dugroupement hospitalier Sud ;- M. Guillaume MARIAUD, charg\u00e9 de mission ;- M. Victor DEBAT, ing\u00e9nieur hospitalier charg\u00e9 de la s\u00e9curit\u00e9 ;- M. Fabrice SANDELION, adjoint \u00e0 l'ing\u00e9nieur en charge de la s\u00e9curit\u00e9 ;- M. Sylvain CHARRIER, adjoint \u00e0 l'ing\u00e9nieur en charge de la s\u00e9curit\u00e9 ;- M. Eric VERCHERE, adjoint \u00e0 l'ing\u00e9nieur en charge de la s\u00e9curit\u00e9 ;- M. Mohamed KHIARI, adjoint \u00e0 l'ing\u00e9nieur en charge de la s\u00e9curit\u00e9.\nArticle 6 :Sur proposition de Mme Anne DECQ-GARCIA, directrice du groupement :A. D\u00e9l\u00e9gation est donn\u00e9e \u00e0 Mme L\u00e9na\u00efck TANGUY, en sa qualit\u00e9 de directrice d\u00e9l\u00e9gu\u00e9e \u00e0 l'h\u00f4pitalHenry Gabrielle, \u00e0 l'effet de signer pour l'h\u00f4pital Henry Gabrielle tous les actes vis\u00e9s \u00e0 l'article 2.B. En cas d'absence ou d'emp\u00e9chement de Mme L\u00e9na\u00efck TANGUY, la m\u00eame d\u00e9l\u00e9gation de signaturepour l'h\u00f4pital Henry Gabrielle est donn\u00e9e \u00e0 Mme Christine LAVILLE-LANTY cadre administratif.\nArticle 7 :Sur proposition de Mme Anne DECQ-GARCIA, directrice du groupement :A. D\u00e9l\u00e9gation est donn\u00e9e \u00e0 M. Elie PORTIER, en sa qualit\u00e9 de directeur des ressources humaines, parint\u00e9rim, du groupement hospitalier Sud, \u00e0 l'effet de signer tous les actes vis\u00e9s \u00e0 l'article 2-II.B. En cas d'absence ou d'emp\u00eachement de M. Elie PORTIER, en sa qualit\u00e9 de directeur des ressourceshumaines, par int\u00e9rim, d\u00e9l\u00e9gation de signature est donn\u00e9e \u00e0 Mme Anne PAUPE, attach\u00e9ed'administration hospitali\u00e8re \u00e0 l'effet de signer les actes vis\u00e9s au \u00c0 du pr\u00e9sent article, \u00e0 l'exceptiondes ordres de mission.C. En cas d'absence ou d'emp\u00eachement de M. Elie PORTIER et de Mme Anne PAUPE, d\u00e9l\u00e9gation designature est donn\u00e9e \u00e0 Mme Maeva MOUANGUE, adjoint des cadres hospitaliers faisant fonctiond'attach\u00e9e d'administration hospitali\u00e8re \u00e0 l'effet de signer les actes vis\u00e9s au A du pr\u00e9sent article,\u00e0 l'exception des ordres de mission.D. En cas d'absence ou d'emp\u00eachement de M. Elie PORTIER, de Mme Anne PAUPE etde Mme Maeva MOUANGUE, d\u00e9l\u00e9gation de signature est donn\u00e9e \u00e0 Mme Laura MAZALLON, en saqualit\u00e9 de conseill\u00e8re formation carri\u00e8re, \u00e0 l'effet de signer les conventions de stage ne donnantpas lieu \u00e0 gratification.\n69_HCL_Hospices civils de Lyon - 69-2025-10-13-00012 - D\u00e9cision de d\u00e9l\u00e9gation de signature n\u00b025-102 du 13 octobre 2025 pour le\ngroupement hospitalier Sud - Hospices civils de Lyon 24\nHCLHOSPICES CIVILSDE LYON\nArticle 8 :Sur proposition de Mme Anne DECQ-GARCIA, directrice du groupement :A. D\u00e9l\u00e9gation est donn\u00e9e \u00e0 M. Fabrice ORMANCEY, en sa qualit\u00e9 de directeur du p\u00f4le client\u00e8le encharge du service des admissions du groupement, \u00e0 l'effet de signer, toutes pi\u00e9ces etcorrespondances relatives aux affaires courantes du p\u00f4le client\u00e8le.B. En cas d'absence ou d'emp\u00eachement de M. Fabrice ORMANCEY, d\u00e9l\u00e9gation est donn\u00e9e \u00e0Mme Patricia BOUKARI, adjointe des cadres hospitaliers faisant fonction d'attach\u00e9ed'administration hospitali\u00e8re, en charge du service des admissions du groupement, a l'effet designer :- les r\u00e9ponses aux contestations de facturation ;- les \u00e9crits et pi\u00e8ces relatifs aux successions ;- les pi\u00e8ces et correspondances courantes du service des admissions ;- les d\u00e9clarations de naissance sous X, de naissance et de d\u00e9c\u00e8s aupr\u00e8s de l'Etat Civil.C. En cas d'absence ou d'emp\u00eachement de Mme Patricia BOUKARI d\u00e9l\u00e9gation est donn\u00e9econcomitamment \u00e0 :- M. Eric BARNOUD, adjoint des cadres ;- Mme Rapha\u00eblle CHASSONNERY, adjointe des cadres ;- Mme Nouara GUEDJALI, adjointe des cadres ;\u00e0 l'effet d'effectuer les d\u00e9clarations de naissance sous X, de naissance et de d\u00e9c\u00e8s aupr\u00e8s de l'EtatCivil.Article 9 :Sur proposition de Mme Anne DECQ-GARCIA, directrice du groupement :A. D\u00e9l\u00e9gation est donn\u00e9e \u00e0 M. Fabrice ORMANCEY, en sa qualit\u00e9 de directeur des services\u00e9conomiques du groupement, \u00e0 l'effet de signer, toutes pi\u00e8ces et correspondances relatives auxaffaires courantes des services \u00e9conomiques.B. En cas d'absence ou d'emp\u00eachement de M. Fabrice ORMANCEY, d\u00e9l\u00e9gation est donn\u00e9e \u00e0 :- Mme S\u00e9verine BARTHELEMY, responsable de la gestion administrative aux services\u00e9conomiques \u00e0 l'effet de signer les actes vis\u00e9s \u00e0 l'article 2-IIl et les certifications de signaturesdemand\u00e9es par les patients ou leurs familles ;- M. Laurent St\u00e9phane VERGUIN, adjoint administratif faisant fonction d'adjoint des cadres auxservices \u00e9conomiques \u00e0 l'effet de signer les actes vis\u00e9s \u00e0 l'article 2-IIl.- Mme Christelle TASSINARI, adjoint des cadres hospitaliers aux services \u00e9conomiques dugroupement hospitalier Sud \u00e0 l'effet de signer les actes vis\u00e9s \u00e0 l'article 2-Ill.C. En cas d'absence ou d'emp\u00eachement de Mme S\u00e9verine BARTHELEMY et pour les seulescertifications de signatures demand\u00e9es par les patients ou leurs familles, d\u00e9l\u00e9gation est donn\u00e9e\u00e0 Mme Delphine VIOLET, responsable logistique.D. D\u00e9l\u00e9gation est donn\u00e9e concomitamment a:- Mme Catherine RIOUFOL, pharmacienne- Mme St\u00e9phanie PARAT, pharmacienne- Mme Amandine BAUDOUIN, pharmacienne\n69_HCL_Hospices civils de Lyon - 69-2025-10-13-00012 - D\u00e9cision de d\u00e9l\u00e9gation de signature n\u00b025-102 du 13 octobre 2025 pour le\ngroupement hospitalier Sud - Hospices civils de Lyon 25\nHCLHOSPICES CIVILSDE LYON\n- Mme Ariane CERUTTI, pharmacienne- Mme Am\u00e9lie DUBROMEL, pharmacienne- Mme Marie-Delphine GUILLEMIN, pharmacienne- M. Emmanuel ODOUARD, pharmacien- Mme Florence RANCHON, pharmacienne- Mme Anne-Ga\u00eblle RUIZ-CAFFIN, pharmacienne- Mme V\u00e9rane SCHWIERTZ, pharmacienne- M. Nicolas VANTARD, pharmacien\u00e0 Veffet de signer les engagements en mati\u00e8re des produits de sant\u00e9E. En cas d'absence ou d'emp\u00e9chement des pharmaciens list\u00e9s au point D. du pr\u00e9sent article, lam\u00eame d\u00e9l\u00e9gation est donn\u00e9e \u00e0 concomitamment \u00e0 :- M. C\u00e9dric, BESNIER, pharmacien- M. Arnaud DESCHAVANNES, pharmacien- Mme Charlotte DOUDET, pharmacienne- Mme Marie PIQUEMAL, pharmacienne- M. Nicolas POLETTO, pharmacien- Mme Marie TEISSONNIERE, pharmacienneArticle 10 :Sur proposition de Mme Anne DECQ-GARCIA, directrice du groupement, d\u00e9l\u00e9gation est donn\u00e9e\u00e0 Mme L\u00e9na\u00efck TANGUY, en sa qualit\u00e9 de directrice r\u00e9f\u00e9rente du p\u00f4le d'activit\u00e9 m\u00e9dicale \u00ab m\u00e9decine \u00bbdu groupement, \u00e0 l'effet de signer en tant que besoin les avis et observations sur le compte-rendud'\u00e9valuation professionnelle du personnel relevant de la fonction publique hospitali\u00e8re de ce p\u00f4le.\nArticle 11:Sur proposition de Mme Anne DECQ-GARCIA, directrice du groupement, d\u00e9l\u00e9gation est donn\u00e9e\u00e0 Mme L\u00e9na\u00efck TANGUY, en sa qualit\u00e9 de directrice r\u00e9f\u00e9rente du p\u00f4le d'activit\u00e9 m\u00e9dicale\u00ab r\u00e9\u00e9ducation \u00bb du groupement, \u00e0 l'effet de signer en tant que besoin les avis et observations sur lecompte-rendu d'\u00e9valuation professionnelle du personnel relevant de la fonction publique hospitali\u00e8rede ce p\u00f4le.Article 12 :Sur proposition de Mme Anne DECQ-GARCIA, directrice du groupement, d\u00e9l\u00e9gation est donn\u00e9e\u00e0 M. Jonathan MORIZOT en sa qualit\u00e9 de directeur r\u00e9f\u00e9rent des p\u00f4les d'activit\u00e9s m\u00e9dicales \u00ab chirurgie \u00bbet \u00ab urgences \u00bb du groupement \u00e0 l'effet de signer en tant que besoin les avis et observations sur lecompte-rendu d'\u00e9valuation professionnelle du personnel relevant de la fonction publique hospitali\u00e8rede ces p\u00f4les.Article 13 :Sur proposition de Mme Anne DECQ-GARCIA, directrice du groupement, d\u00e9l\u00e9gation est donn\u00e9e\u00e0 M. Elie PORTIER, en sa qualit\u00e9 de directeur r\u00e9f\u00e9rent des secteurs p\u00e9nitentiaire et de la g\u00e9riatrie du\n69_HCL_Hospices civils de Lyon - 69-2025-10-13-00012 - D\u00e9cision de d\u00e9l\u00e9gation de signature n\u00b025-102 du 13 octobre 2025 pour le\ngroupement hospitalier Sud - Hospices civils de Lyon 26\nHCLHOSPICES CIVILSDE LYON\ngroupement, \u00e0 l'effet de signer en tant que besoin les avis et observations sur le compte-rendud'\u00e9valuation professionnelle du personnel relevant de la fonction publique hospitali\u00e8re de ces secteurs.\nArticle 14:A. Au titre de la gestion des ressources humaines de la plateforme HOSPIMAG,Mme Anne DECQ-GARCIA est autoris\u00e9e \u00e0 signer :a. Toutes les pi\u00e8ces et correspondances relatives aux affaires courantes de ce domaine ;b. Les mesures concernant la gestion du personnel relevant de la fonction publique hospitali\u00e8re :- les contrats de travail \u00e0 dur\u00e9e d\u00e9termin\u00e9e ;- les d\u00e9cisions relatives \u00e0 la disponibilit\u00e9, au d\u00e9tachement ;- les correspondances relatives aux demandes de rupture conventionnelle ;-___ les avis et observations sur le compte-rendu d'\u00e9valuation professionnelle des agents ;- les d\u00e9cisions en mati\u00e8re de discipline pour les titulaires de contrats de travail \u00e0 dur\u00e9ed\u00e9termin\u00e9e ;- les d\u00e9cisions d'affectation et de changement d'affectation ;- les d\u00e9cisions de reconnaissance d'accident de service, trajet et de maladieprofessionnelle sans arr\u00eat de travail ;- les d\u00e9cisions relatives aux cong\u00e9s suivants := les d\u00e9cisions relatives au cong\u00e9 pour invalidit\u00e9 temporaire imputable au service (Citis),= les d\u00e9cisions d'octroi de cong\u00e9 de proche aidant,= jes d\u00e9cisions d'octroi de cong\u00e9 de solidarit\u00e9 familiale,= les d\u00e9cisions relatives au cong\u00e9 parental ;- les assignations pendant les p\u00e9riodes de gr\u00e8ve ;- les d\u00e9cisions relatives \u00e0 la r\u00e9mun\u00e9ration ;- les conventions de stage des \u00e9l\u00e8ves et des \u00e9tudiants ;c. Les engagements concernant les d\u00e9penses de classe 6 dans la limite des cr\u00e9dits budg\u00e9tairesouverts;d. Les certificats administratifs.B. Sur proposition de Mme Anne DECQ-GARCIA, d\u00e9l\u00e9gation est donn\u00e9e \u00e0 M. Elie PORTIER, en saqualit\u00e9 de directeur des ressources humaines du groupement, par int\u00e9rim, \u00e0 l'effet de signer tousles actes vis\u00e9s au A du pr\u00e9sent article.En cas d'absence ou d'emp\u00eachement de M. Elie PORTIER, en sa qualit\u00e9 de directeur des ressourceshumaines, par int\u00e9rim, la m\u00eame d\u00e9l\u00e9gation est donn\u00e9e \u00e0 Mme Anne PAUPE, attach\u00e9ed'administration hospitali\u00e8re.En cas d'absence ou d'emp\u00e9chement de M. Elie PORTIER et de Mme Anne PAUPE, la m\u00eamed\u00e9l\u00e9gation est donn\u00e9e \u00e0 Mme Maeva MOUANGUE, adjoint des cadres hospitaliers faisant fonctiond'attach\u00e9e d'administration hospitali\u00e8re.En cas d'absence ou d'emp\u00e9chement de M. Elie PORTIER, de Mme Anne PAUPE et deMme Maeva MOUANGUE, d\u00e9l\u00e9gation de signature est donn\u00e9e \u00e0 Mme Laura MAZALLON, en saqualit\u00e9 de conseill\u00e8re formation carri\u00e8re, \u00e0 l'effet de signer les conventions de stage ne donnantpas lieu \u00e0 gratification.\n69_HCL_Hospices civils de Lyon - 69-2025-10-13-00012 - D\u00e9cision de d\u00e9l\u00e9gation de signature n\u00b025-102 du 13 octobre 2025 pour le\ngroupement hospitalier Sud - Hospices civils de Lyon 27\nHCLHOSPICES CIVILSDE LYON\nArticle 15:La pr\u00e9sente d\u00e9cision abroge et remplace d\u00e9cision de d\u00e9l\u00e9gation de signature n\u00b025-88 du 29 aout 2025et la d\u00e9cision modificative n\u00b025-100 du 3 octobre 2025 s'y rapportant.\nArticle 16 :Cette d\u00e9cision sera publi\u00e9e au recueil des actes administratifs de la Pr\u00e9fecture du Rh\u00f4ne.Outre un recours gracieux, un recours contentieux peut \u00eatre form\u00e9 devant le tribunal administratif deLyon contre la pr\u00e9sente d\u00e9cision dans un d\u00e9lai de deux mois \u00e0 compter de sa date de publication.\nRaymond LE MOIGN\n69_HCL_Hospices civils de Lyon - 69-2025-10-13-00012 - D\u00e9cision de d\u00e9l\u00e9gation de signature n\u00b025-102 du 13 octobre 2025 pour le\ngroupement hospitalier Sud - Hospices civils de Lyon 28\n69_Pr\u00e9f_Pr\u00e9fecture du Rh\u00f4ne\n69-2025-10-08-00010\nAP du 8 octobre 2025 portant autorisation\nexploitation syst\u00e8me vid\u00e9oprotection -\nCommune de BRON \n69_Pr\u00e9f_Pr\u00e9fecture du Rh\u00f4ne - 69-2025-10-08-00010 - AP du 8 octobre 2025 portant autorisation exploitation syst\u00e8me\nvid\u00e9oprotection - Commune de BRON 29\nEPR\u00c9F\u00c8TEDU RH\u00d4NELibert\u00e9Egalit\u00e9Fraternit\u00e9\nPr\u00e9fecture\nDirection de la s\u00e9curit\u00e9 et de la protection civile\nBureau des polices administratives\nDossier 20110678\nArr\u00eat\u00e9 portant autorisation d'exploitation d'un syst\u00e8me de vid\u00e9oprotection\nLa Pr\u00e9f\u00e8te du Rh\u00f4ne\nCommandeur de la L\u00e9gion d'Honneur\nCommandeur de l'ordre national du M\u00e9rite\nVU le code de s\u00e9curit\u00e9 int\u00e9rieure et notamment ses articles L.223-1 \u00e0 L.223-9, L.251-1 \u00e0 L.255-1, ainsi que ses articles  \nR.251-7 et suivants; \nVU l'arr\u00eat\u00e9 minist\u00e9riel du 3 ao\u00fbt 2007 portant d\u00e9finition des normes techniques des syst\u00e8mes de vid\u00e9osurveillance;\nVU le d\u00e9cret en Conseil des Ministres du 11 janvier 2023 portant nomination de Madame Fabienne BUCCIO, pr\u00e9f\u00e8te de  \nla r\u00e9gion Auvergne-Rh\u00f4ne-Alpes, pr\u00e9f\u00e8te de la zone de d\u00e9fense et de s\u00e9curit\u00e9 Sud-Est, pr\u00e9f\u00e8te du Rh\u00f4ne (hors classe)  ;\nVU le d\u00e9cret du 6 novembre 2024 portant nomination de Monsieur Antoine GUERIN, pr\u00e9fet d\u00e9l\u00e9gu\u00e9 pour la d\u00e9fense et la  \ns\u00e9curit\u00e9 aupr\u00e8s de la pr\u00e9f\u00e8te de la r\u00e9gion Auvergne-Rh\u00f4ne-Alpes, pr\u00e9f\u00e8te de la zone de d\u00e9fense et de s\u00e9curit\u00e9 Sud-Est,  \npr\u00e9f\u00e8te du Rh\u00f4ne ;\nVU l'arr\u00eat\u00e9  pr\u00e9fectoral  n\u00b069-2025-09-26-00005  du  26  septembre  2025  portant  d\u00e9l\u00e9gation  de  signature  \u00e0  Monsieur \nAntoine GUERIN, pr\u00e9fet d\u00e9l\u00e9gu\u00e9 pour la d\u00e9fense et la s\u00e9curit\u00e9 aupr\u00e8s de la pr\u00e9f\u00e8te de la r\u00e9gion Auvergne-Rh\u00f4ne-Alpes,  \npr\u00e9f\u00e8te de la zone de d\u00e9fense et de s\u00e9curit\u00e9 Sud-Est, pr\u00e9f\u00e8te du Rh\u00f4ne ; \nVU la demande pr\u00e9sent\u00e9e par le Maire de la commune de BRON dont la mairie est situ\u00e9e place Weingarten 69500 en vue \nd'obtenir l'autorisation de fonctionnement d'un syst\u00e8me de vid\u00e9oprotection;\nConsid\u00e9rant l'avis favorable \u00e9mis par la Commission d\u00e9partementale de vid\u00e9oprotection le 26/09/2025;\nConsid\u00e9rant que le syst\u00e8me de vid\u00e9oprotection est conforme \u00e0 la r\u00e9glementation ;\nSur proposition de Monsieur le Directeur de la S\u00e9curit\u00e9 et de la Protection Civile.\nARR\u00caTE\nArticle 1er : Le fonctionnement du syst\u00e8me de vid\u00e9oprotection, qui fait l'objet de la demande pr\u00e9sent\u00e9e par le Maire de la  \ncommune de BRON dont la mairie est situ\u00e9e place Weingarten 69500 est autoris\u00e9 pour 27 cam\u00e9ras int\u00e9rieures, 15 cam\u00e9ras  \next\u00e9rieures et 257 cam\u00e9ras visionnant la voie publique sous r\u00e9serve des obligations suivantes : \n- le d\u00e9lai de conservation des images est limit\u00e9 \u00e0 30 jours ;\n- le traitement des images \u00e0 l'\u00e9tranger est formellement interdit ;\n- le titulaire de l'autorisation doit tenir un registre mentionnant les enregistrements r\u00e9alis\u00e9s, la date de destruction des  \nimages et le cas \u00e9ch\u00e9ant la date de leur transmission au parquet ;\n- les personnes charg\u00e9es du traitement du syst\u00e8me de vid\u00e9oprotection sont habilit\u00e9es \u00e0 le faire par le p\u00e9titionnaire ;\n- les personnes habilit\u00e9es \u00e0 acc\u00e9der aux images doivent correspondre \u00e0 celles mentionn\u00e9es dans la d\u00e9claration, elles sont  \nd\u00e9sign\u00e9es par leur identit\u00e9 et/ou leur fonction, toute modification de ces personnes doit \u00eatre faite aupr\u00e8s des services  \npr\u00e9fectoraux ;\n- les forces de s\u00e9curit\u00e9 de l'\u00c9tat sont habilit\u00e9es \u00e0 acc\u00e9der aux images en temps r\u00e9el et \u00e0 visionner les enregistrements sur le  \nlieu de traitement des images et une r\u00e9quisition \u00e9crite est n\u00e9cessaire pour toute extraction d'images ;\n   Pr\u00e9fecture du Rh\u00f4ne \u2013 \n   69419 Lyon cedex 03 \n  04 72 61 61 61\n  www.rhone.gouv.fr 1/2\nLyon, le 8 octobre 2025\n69_Pr\u00e9f_Pr\u00e9fecture du Rh\u00f4ne - 69-2025-10-08-00010 - AP du 8 octobre 2025 portant autorisation exploitation syst\u00e8me\nvid\u00e9oprotection - Commune de BRON 30\n- le responsable de la mise en \u0153uvre du syst\u00e8me doit s'assurer que des consignes tr\u00e8s pr\u00e9cises soient donn\u00e9es sur la  \nconfidentialit\u00e9 des images capt\u00e9es et/ou enregistr\u00e9es \u00e0 toutes les personnes concern\u00e9es ;\n- l'acc\u00e8s \u00e0 la salle de visionnage, d'enregistrement et de traitement des images, doit \u00eatre  strictement interdit  \u00e0 toute  \npersonne  qui  n'aura  pas  \u00e9t\u00e9  pr\u00e9alablement  habilit\u00e9e  et  autoris\u00e9e  par  l'autorit\u00e9  responsable  du  syst\u00e8me  ou  de  son \nexploitation ;\n- les cam\u00e9ras ne doivent en aucun cas visionner les zones privatives aux alentours, toutes mesures de protection comme un  \nsyst\u00e8me de masquage ou de \u00ab  floutage \u00bb (notamment pour les lieux privatifs film\u00e9s \u00e0 titre accessoire) doivent \u00eatre prises  \nafin de ne porter, en aucune mani\u00e8re, atteinte \u00e0 l'intimit\u00e9 de la vie priv\u00e9e des riverains qui peuvent se trouver dans leur  \nchamp de vision.\n- l'information du public de l'existence du syst\u00e8me de vid\u00e9oprotection dans la commune, la qualit\u00e9 et les coordonn\u00e9es du  \nresponsable de ce syst\u00e8me doivent appara\u00eetre de mani\u00e8re claire et permanente, l'affichage doit-\u00eatre suffisant et conforme  \nau mod\u00e8le joint \u00e0 la demande ;\n- le syst\u00e8me de vid\u00e9oprotection ne peut pas servir \u00e0 alimenter un fichier nominatif .\nArticle 2 : Les finalit\u00e9s du syst\u00e8me de vid\u00e9oprotection pour lequel la pr\u00e9sente autorisation est d\u00e9livr\u00e9e l'autorisation sont la  \nprotection des b\u00e2timents et installations publics et de leurs abords, la r\u00e9gulation des flux transport, la constatation des  \ninfractions aux r\u00e8gles de la circulation, la pr\u00e9vention des atteintes \u00e0 la s\u00e9curit\u00e9 des personnes et des biens dans des lieux,  \nainsi que dans des \u00e9tablissements ouverts au public, particuli\u00e8rement expos\u00e9s \u00e0 des risques d'agression et de vol ou de  \ntrafic de stup\u00e9fiant, la pr\u00e9vention et constatation des infractions relatives \u00e0 l'abandon d'ordures, de d\u00e9chets, de mat\u00e9riaux  \nou d'autres objets,  la pr\u00e9vention des atteintes \u00e0 la s\u00e9curit\u00e9 des personnes et des biens dans des lieux, ainsi que dans des  \n\u00e9tablissements ouverts au public, particuli\u00e8rement expos\u00e9s \u00e0 des risques d'agression et de vol, la pr\u00e9vention d'actes de  \nterrorisme, le secours aux personnes et la d\u00e9fense contre les incendies.\nArticle   3     : Un d\u00e9port d'images et d'acc\u00e8s aux enregistrements est mis en place vers le Centre de supervision urbain au 31 rue  \nVillard \u00e0 Bron (69500).\nArticle   4     : Le titulaire de l'autorisation est tenu d'informer pr\u00e9alablement la pr\u00e9f\u00e8te du Rh\u00f4ne de la date de mise en service du  \nsyst\u00e8me de vid\u00e9oprotection et, le cas \u00e9ch\u00e9ant, du d\u00e9placement des cam\u00e9ras.\nArticle   5   :  Les agents des forces de s\u00e9curit\u00e9 de l'\u00c9tat et du Service D\u00e9partemental M\u00e9tropolitain d'Incendie et de Secours du  \nRh\u00f4ne individuellement d\u00e9sign\u00e9s et d\u00fbment habilit\u00e9s sont destinataires des enregistrements et des images, dans les conditions  \nd\u00e9finies par les conventions de partenariat relatives \u00e0 la vid\u00e9oprotection urbaine conclues le cas \u00e9ch\u00e9ant entre la commune et  \nl'\u00c9tat ou entre la commune et le SDMIS.\nArticle   6   : Toute modification des donn\u00e9es figurant dans le dossier administratif et technique n\u00b0 20110678 de cette autorisation \ndoit faire l'objet d'une demande de modification d'autorisation aupr\u00e8s des services pr\u00e9fectoraux. La non-ex\u00e9cution de ces  \ndispositions entra\u00eene le retrait de cette autorisation, sans pr\u00e9judice des sanctions p\u00e9nales pr\u00e9vues.\nArticle    7   :  La  pr\u00e9sente  autorisation  est  valable  pour  une  dur\u00e9e  de  cinq  ans  et  devra  faire  l'objet  d'une  demande  de \nrenouvellement quatre mois avant la fin de son \u00e9ch\u00e9ance. L'arr\u00eat\u00e9 n\u00b0 dspc-bpa-v-021024-14 (69-2024-10-02-00005) du  \n2 octobre 2024 portant autorisation d'exploitation d'un syst\u00e8me de vid\u00e9oprotection au b\u00e9n\u00e9fice de la commune de Bron est  \nabrog\u00e9.\nLe droit d'acc\u00e8s aux informations enregistr\u00e9es est r\u00e9gi par les dispositions de l'article L. 253-5 et des articles R.253-3 et  \nR.253-4 du code de la s\u00e9curit\u00e9 int\u00e9rieure.\nArticle   8   : Le fait de proc\u00e9der \u00e0 des enregistrements de vid\u00e9oprotection sans autorisation, de ne pas les d\u00e9truire dans le d\u00e9lai  \npr\u00e9vu, de les falsifier, d'entraver l'action de la commission d\u00e9partementale de vid\u00e9oprotection ou de la Commission Nationale  \nInformatique et Libert\u00e9s, de faire acc\u00e9der des personnes non habilit\u00e9es aux images ou d'utiliser ces images \u00e0 d'autres fins que  \ncelles pour lesquelles elles sont autoris\u00e9es est puni de trois ans d'emprisonnement et de 45000 euros d'amende sans pr\u00e9judice  \ndes dispositions des articles 226-1 du code p\u00e9nal.\nArticle    9   :  le Directeur de la s\u00e9curit\u00e9 et de la protection civile et le Maire de la commune de BRON, chacun en ce qui le  \nconcerne, est charg\u00e9 de l'ex\u00e9cution du pr\u00e9sent arr\u00eat\u00e9 dont copie sera adress\u00e9e au maire, et qui sera publi\u00e9 au recueil des actes  \nadministratifs de la pr\u00e9fecture du Rh\u00f4ne.\nPour la Pr\u00e9f\u00e8te, et par d\u00e9l\u00e9gation,\nle directeur de la s\u00e9curit\u00e9 et de la protection civile\nErnest MOUTOUSSAMY\nSi vous entendez contester le pr\u00e9sent arr\u00eat\u00e9, vous pouvez utiliser les voies de recours suivantes :\n- un recours gracieux motiv\u00e9 peut \u00eatre adress\u00e9 aupr\u00e8s de mes services dans un d\u00e9lai de deux mois \u00e0 compter de la notification du pr\u00e9sent arr\u00eat\u00e9,\n- un recours hi\u00e9rarchique peut \u00eatre introduit aupr\u00e8s de M. le Ministre de l'Int\u00e9rieur, Direction des libert\u00e9s publiques et Affaires juridiques, Bureau des polices Administratives,\nEn l'absence de r\u00e9ponse dans un d\u00e9lai de deux mois \u00e0 compter de la r\u00e9ception de votre recours, celui-ci doit \u00eatre consid\u00e9r\u00e9 comme implicitement rejet\u00e9.\n- un recours contentieux : aupr\u00e8s du Tribunal Administratif de Lyon dans un d\u00e9lai de deux mois \u00e0 compter de la notification du pr\u00e9sent arr\u00eat\u00e9 ou \u00e0 partir de la d\u00e9cision\nImplicite ou explicite de rejet du recours gracieux ou hi\u00e9rarchique. Le tribunal administratif peut \u00eatre saisi d'une requ\u00eate d\u00e9pos\u00e9e sur le site www.telerecours.fr            2/2\n69_Pr\u00e9f_Pr\u00e9fecture du Rh\u00f4ne - 69-2025-10-08-00010 - AP du 8 octobre 2025 portant autorisation exploitation syst\u00e8me\nvid\u00e9oprotection - Commune de BRON 31\n69_Pr\u00e9f_Pr\u00e9fecture du Rh\u00f4ne\n69-2025-10-08-00011\nAP du 8 octobre 2025 portant autorisation\nexploitation syst\u00e8me vid\u00e9oprotection -\nCommune de MARENNES \n69_Pr\u00e9f_Pr\u00e9fecture du Rh\u00f4ne - 69-2025-10-08-00011 - AP du 8 octobre 2025 portant autorisation exploitation syst\u00e8me vid\u00e9oprotection\n- Commune de MARENNES 32\nEPR\u00c9F\u00c8TEDU RH\u00d4NELibert\u00e9Egalit\u00e9Fraternit\u00e9\nPr\u00e9fecture\nDirection de la s\u00e9curit\u00e9 et de la protection civile\nBureau des polices administratives\nDossier 20230182\nArr\u00eat\u00e9 portant autorisation d'exploitation d'un syst\u00e8me de vid\u00e9oprotection\nLa Pr\u00e9f\u00e8te du Rh\u00f4ne\nCommandeur de la L\u00e9gion d'Honneur\nCommandeur de l'ordre national du M\u00e9rite\nVU le code de s\u00e9curit\u00e9 int\u00e9rieure et notamment ses articles L.223-1 \u00e0 L.223-9, L.251-1 \u00e0 L.255-1, ainsi que ses articles  \nR.251-7 et suivants; \nVU l'arr\u00eat\u00e9 minist\u00e9riel du 3 ao\u00fbt 2007 portant d\u00e9finition des normes techniques des syst\u00e8mes de vid\u00e9osurveillance;\nVU le d\u00e9cret en Conseil des Ministres du 11 janvier 2023 portant nomination de Madame Fabienne BUCCIO, pr\u00e9f\u00e8te de  \nla r\u00e9gion Auvergne-Rh\u00f4ne-Alpes, pr\u00e9f\u00e8te de la zone de d\u00e9fense et de s\u00e9curit\u00e9 Sud-Est, pr\u00e9f\u00e8te du Rh\u00f4ne (hors classe)  ;\nVU le d\u00e9cret du 6 novembre 2024 portant nomination de Monsieur Antoine GUERIN, pr\u00e9fet d\u00e9l\u00e9gu\u00e9 pour la d\u00e9fense et la  \ns\u00e9curit\u00e9 aupr\u00e8s de la pr\u00e9f\u00e8te de la r\u00e9gion Auvergne-Rh\u00f4ne-Alpes, pr\u00e9f\u00e8te de la zone de d\u00e9fense et de s\u00e9curit\u00e9 Sud-Est,  \npr\u00e9f\u00e8te du Rh\u00f4ne ;\nVU l'arr\u00eat\u00e9  pr\u00e9fectoral  n\u00b069-2025-09-26-00005  du  26  septembre  2025  portant  d\u00e9l\u00e9gation  de  signature  \u00e0  Monsieur \nAntoine GUERIN, pr\u00e9fet d\u00e9l\u00e9gu\u00e9 pour la d\u00e9fense et la s\u00e9curit\u00e9 aupr\u00e8s de la pr\u00e9f\u00e8te de la r\u00e9gion Auvergne-Rh\u00f4ne-Alpes,  \npr\u00e9f\u00e8te de la zone de d\u00e9fense et de s\u00e9curit\u00e9 Sud-Est, pr\u00e9f\u00e8te du Rh\u00f4ne ; \nVU la demande pr\u00e9sent\u00e9e par le Maire de la commune de MARENNES dont la mairie est situ\u00e9e 167 rue Centrale 69970  \nen vue d'obtenir l'autorisation de fonctionnement d'un syst\u00e8me de vid\u00e9oprotection;\nConsid\u00e9rant l'avis favorable \u00e9mis par la Commission d\u00e9partementale de vid\u00e9oprotection le 26/09/2025;\nConsid\u00e9rant que le syst\u00e8me de vid\u00e9oprotection est conforme \u00e0 la r\u00e9glementation ;\nSur proposition de Monsieur le Directeur de la S\u00e9curit\u00e9 et de la Protection Civile.\nARR\u00caTE\nArticle 1er : Le fonctionnement du syst\u00e8me de vid\u00e9oprotection, qui fait l'objet de la demande pr\u00e9sent\u00e9e par le Maire de la  \ncommune de MARENNES dont la mairie est situ\u00e9e 167 rue Centrale 69970 est autoris\u00e9 pour 8 cam\u00e9ras ext\u00e9rieures et  \n22 cam\u00e9ras visionnant la voie publique sous r\u00e9serve des obligations suivantes :\n- le d\u00e9lai de conservation des images est limit\u00e9 \u00e0 30 jours ;\n- le traitement des images \u00e0 l'\u00e9tranger est formellement interdit ;\n- le titulaire de l'autorisation doit tenir un registre mentionnant les enregistrements r\u00e9alis\u00e9s, la date de destruction des  \nimages et le cas \u00e9ch\u00e9ant la date de leur transmission au parquet ;\n- les personnes charg\u00e9es du traitement du syst\u00e8me de vid\u00e9oprotection sont habilit\u00e9es \u00e0 le faire par le p\u00e9titionnaire ;\n- les personnes habilit\u00e9es \u00e0 acc\u00e9der aux images doivent correspondre \u00e0 celles mentionn\u00e9es dans la d\u00e9claration, elles sont  \nd\u00e9sign\u00e9es par leur identit\u00e9 et/ou leur fonction, toute modification de ces personnes doit \u00eatre faite aupr\u00e8s des services  \npr\u00e9fectoraux ;\n- les forces de s\u00e9curit\u00e9 de l'\u00c9tat sont habilit\u00e9es \u00e0 acc\u00e9der aux images en temps r\u00e9el et \u00e0 visionner les enregistrements sur le  \nlieu de traitement des images et une r\u00e9quisition \u00e9crite est n\u00e9cessaire pour toute extraction d'images ;\n   Pr\u00e9fecture du Rh\u00f4ne \u2013 \n   69419 Lyon cedex 03 \n  04 72 61 61 61\n  www.rhone.gouv.fr 1/2\nLyon, le 8 octobre 2025\n69_Pr\u00e9f_Pr\u00e9fecture du Rh\u00f4ne - 69-2025-10-08-00011 - AP du 8 octobre 2025 portant autorisation exploitation syst\u00e8me vid\u00e9oprotection\n- Commune de MARENNES 33\n- le responsable de la mise en \u0153uvre du syst\u00e8me doit s'assurer que des consignes tr\u00e8s pr\u00e9cises soient donn\u00e9es sur la  \nconfidentialit\u00e9 des images capt\u00e9es et/ou enregistr\u00e9es \u00e0 toutes les personnes concern\u00e9es ;\n- l'acc\u00e8s \u00e0 la salle de visionnage, d'enregistrement et de traitement des images, doit \u00eatre  strictement interdit  \u00e0 toute  \npersonne  qui  n'aura  pas  \u00e9t\u00e9  pr\u00e9alablement  habilit\u00e9e  et  autoris\u00e9e  par  l'autorit\u00e9  responsable  du  syst\u00e8me  ou  de  son \nexploitation ;\n- les cam\u00e9ras ne doivent en aucun cas visionner les zones privatives aux alentours, toutes mesures de protection comme un  \nsyst\u00e8me de masquage ou de \u00ab  floutage \u00bb (notamment pour les lieux privatifs film\u00e9s \u00e0 titre accessoire) doivent \u00eatre prises  \nafin de ne porter, en aucune mani\u00e8re, atteinte \u00e0 l'intimit\u00e9 de la vie priv\u00e9e des riverains qui peuvent se trouver dans leur  \nchamp de vision.\n- l'information du public de l'existence du syst\u00e8me de vid\u00e9oprotection dans la commune, la qualit\u00e9 et les coordonn\u00e9es du  \nresponsable de ce syst\u00e8me doivent appara\u00eetre de mani\u00e8re claire et permanente, l'affichage doit-\u00eatre suffisant et conforme  \nau mod\u00e8le joint \u00e0 la demande ;\n- le syst\u00e8me de vid\u00e9oprotection ne peut pas servir \u00e0 alimenter un fichier nominatif .\nArticle 2 : Les finalit\u00e9s du syst\u00e8me de vid\u00e9oprotection pour lequel la pr\u00e9sente autorisation est d\u00e9livr\u00e9e l'autorisation sont la  \nprotection  des  b\u00e2timents  et  installations  publics  et  de  leurs  abords,  la  constatation  des  infractions  aux  r\u00e8gles  de  la \ncirculation,  la  pr\u00e9vention  des  atteintes  \u00e0  la  s\u00e9curit\u00e9  des  personnes  et  des  biens  dans  des  lieux,  ainsi  que  dans  des \n\u00e9tablissements ouverts au public, particuli\u00e8rement expos\u00e9s \u00e0 des risques d'agression et de vol ou de trafic de stup\u00e9fiant, la  \npr\u00e9vention et constatation des infractions relatives \u00e0 l'abandon d'ordures, de d\u00e9chets, de mat\u00e9riaux ou d'autres objets,  la \npr\u00e9vention des atteintes \u00e0 la s\u00e9curit\u00e9 des personnes et des biens dans des lieux, ainsi que dans des \u00e9tablissements ouverts au \npublic, particuli\u00e8rement expos\u00e9s \u00e0 des risques d'agression et de vol, la pr\u00e9vention d'actes de terrorisme.\nArticle   3     : Un d\u00e9port d'images et d'acc\u00e8s aux enregistrements est mis en place vers la Police Municipale de Mions au 14 rue  \ndu 11 novembre \u00e0 Mions (69970) suite \u00e0 l'entente intercommunale Mions-Marennes.\nArticle   4     : Le titulaire de l'autorisation est tenu d'informer pr\u00e9alablement la pr\u00e9f\u00e8te du Rh\u00f4ne de la date de mise en service du  \nsyst\u00e8me de vid\u00e9oprotection et, le cas \u00e9ch\u00e9ant, du d\u00e9placement des cam\u00e9ras.\nArticle   5   :  Les agents des forces de s\u00e9curit\u00e9 de l'\u00c9tat et du Service D\u00e9partemental M\u00e9tropolitain d'Incendie et de Secours du  \nRh\u00f4ne individuellement d\u00e9sign\u00e9s et d\u00fbment habilit\u00e9s sont destinataires des enregistrements et des images, dans les conditions  \nd\u00e9finies par les conventions de partenariat relatives \u00e0 la vid\u00e9oprotection urbaine conclues le cas \u00e9ch\u00e9ant entre la commune et  \nl'\u00c9tat ou entre la commune et le SDMIS.\nArticle   6   : Toute modification des donn\u00e9es figurant dans le dossier administratif et technique n\u00b0 20230182 de cette autorisation \ndoit faire l'objet d'une demande de modification d'autorisation aupr\u00e8s des services pr\u00e9fectoraux. La non-ex\u00e9cution de ces  \ndispositions entra\u00eene le retrait de cette autorisation, sans pr\u00e9judice des sanctions p\u00e9nales pr\u00e9vues.\nArticle    7   :  La  pr\u00e9sente  autorisation  est  valable  pour  une  dur\u00e9e  de  cinq  ans  et  devra  faire  l'objet  d'une  demande  de \nrenouvellement quatre mois avant la fin de son \u00e9ch\u00e9ance. L'arr\u00eat\u00e9 n\u00b0 dspc-bpa-v-021024-01 (69-2024-10-02-00014) du  \n2 octobre 2024 portant autorisation d'exploitation d'un syst\u00e8me de vid\u00e9oprotection au b\u00e9n\u00e9fice de la commune de Marennes  \nest abrog\u00e9.\nLe droit d'acc\u00e8s aux informations enregistr\u00e9es est r\u00e9gi par les dispositions de l'article L. 253-5 et des articles R.253-3 et  \nR.253-4 du code de la s\u00e9curit\u00e9 int\u00e9rieure.\nArticle   8   : Le fait de proc\u00e9der \u00e0 des enregistrements de vid\u00e9oprotection sans autorisation, de ne pas les d\u00e9truire dans le d\u00e9lai  \npr\u00e9vu, de les falsifier, d'entraver l'action de la commission d\u00e9partementale de vid\u00e9oprotection ou de la Commission Nationale  \nInformatique et Libert\u00e9s, de faire acc\u00e9der des personnes non habilit\u00e9es aux images ou d'utiliser ces images \u00e0 d'autres fins que  \ncelles pour lesquelles elles sont autoris\u00e9es est puni de trois ans d'emprisonnement et de 45000 euros d'amende sans pr\u00e9judice  \ndes dispositions des articles 226-1 du code p\u00e9nal.\nArticle   9   : le Directeur de la s\u00e9curit\u00e9 et de la protection civile et le Maire de la commune de MARENNES, chacun en ce qui le  \nconcerne, est charg\u00e9 de l'ex\u00e9cution du pr\u00e9sent arr\u00eat\u00e9 dont copie sera adress\u00e9e au maire, et qui sera publi\u00e9 au recueil des actes  \nadministratifs de la pr\u00e9fecture du Rh\u00f4ne.\nPour la Pr\u00e9f\u00e8te, et par d\u00e9l\u00e9gation,\nle directeur de la s\u00e9curit\u00e9 et de la protection civile\nErnest MOUTOUSSAMY\nSi vous entendez contester le pr\u00e9sent arr\u00eat\u00e9, vous pouvez utiliser les voies de recours suivantes :\n- un recours gracieux motiv\u00e9 peut \u00eatre adress\u00e9 aupr\u00e8s de mes services dans un d\u00e9lai de deux mois \u00e0 compter de la notification du pr\u00e9sent arr\u00eat\u00e9,\n- un recours hi\u00e9rarchique peut \u00eatre introduit aupr\u00e8s de M. le Ministre de l'Int\u00e9rieur, Direction des libert\u00e9s publiques et Affaires juridiques, Bureau des polices Administratives,\nEn l'absence de r\u00e9ponse dans un d\u00e9lai de deux mois \u00e0 compter de la r\u00e9ception de votre recours, celui-ci doit \u00eatre consid\u00e9r\u00e9 comme implicitement rejet\u00e9.\n- un recours contentieux : aupr\u00e8s du Tribunal Administratif de Lyon dans un d\u00e9lai de deux mois \u00e0 compter de la notification du pr\u00e9sent arr\u00eat\u00e9 ou \u00e0 partir de la d\u00e9cision\nImplicite ou explicite de rejet du recours gracieux ou hi\u00e9rarchique. Le tribunal administratif peut \u00eatre saisi d'une requ\u00eate d\u00e9pos\u00e9e sur le site www.telerecours.fr            2/2\n69_Pr\u00e9f_Pr\u00e9fecture du Rh\u00f4ne - 69-2025-10-08-00011 - AP du 8 octobre 2025 portant autorisation exploitation syst\u00e8me vid\u00e9oprotection\n- Commune de MARENNES 34\n69_Pr\u00e9f_Pr\u00e9fecture du Rh\u00f4ne\n69-2025-10-08-00013\nAP du 8 octobre 2025 portant autorisation\nexploitation syst\u00e8me vid\u00e9oprotection -\nCommune de RILLIEUX-LA-PAPE \n69_Pr\u00e9f_Pr\u00e9fecture du Rh\u00f4ne - 69-2025-10-08-00013 - AP du 8 octobre 2025 portant autorisation exploitation syst\u00e8me\nvid\u00e9oprotection - Commune de RILLIEUX-LA-PAPE 35\nEPR\u00c9F\u00c8TEDU RH\u00d4NELibert\u00e9Egalit\u00e9Fraternit\u00e9\nPr\u00e9fecture\nDirection de la s\u00e9curit\u00e9 et de la protection civile\nBureau des polices administratives\nDossier 20081517\nArr\u00eat\u00e9 portant autorisation d'exploitation d'un syst\u00e8me de vid\u00e9oprotection\nLa Pr\u00e9f\u00e8te du Rh\u00f4ne\nCommandeur de la L\u00e9gion d'Honneur\nCommandeur de l'ordre national du M\u00e9rite\nVU le code de s\u00e9curit\u00e9 int\u00e9rieure et notamment ses articles L.223-1 \u00e0 L.223-9, L.251-1 \u00e0 L.255-1, ainsi que ses articles  \nR.251-7 et suivants; \nVU l'arr\u00eat\u00e9 minist\u00e9riel du 3 ao\u00fbt 2007 portant d\u00e9finition des normes techniques des syst\u00e8mes de vid\u00e9osurveillance;\nVU le d\u00e9cret en Conseil des Ministres du 11 janvier 2023 portant nomination de Madame Fabienne BUCCIO, pr\u00e9f\u00e8te de  \nla r\u00e9gion Auvergne-Rh\u00f4ne-Alpes, pr\u00e9f\u00e8te de la zone de d\u00e9fense et de s\u00e9curit\u00e9 Sud-Est, pr\u00e9f\u00e8te du Rh\u00f4ne (hors classe)  ;\nVU le d\u00e9cret du 6 novembre 2024 portant nomination de Monsieur Antoine GUERIN, pr\u00e9fet d\u00e9l\u00e9gu\u00e9 pour la d\u00e9fense et la  \ns\u00e9curit\u00e9 aupr\u00e8s de la pr\u00e9f\u00e8te de la r\u00e9gion Auvergne-Rh\u00f4ne-Alpes, pr\u00e9f\u00e8te de la zone de d\u00e9fense et de s\u00e9curit\u00e9 Sud-Est,  \npr\u00e9f\u00e8te du Rh\u00f4ne ;\nVU l'arr\u00eat\u00e9  pr\u00e9fectoral  n\u00b069-2025-09-26-00005  du  26  septembre  2025  portant  d\u00e9l\u00e9gation  de  signature  \u00e0  Monsieur \nAntoine GUERIN, pr\u00e9fet d\u00e9l\u00e9gu\u00e9 pour la d\u00e9fense et la s\u00e9curit\u00e9 aupr\u00e8s de la pr\u00e9f\u00e8te de la r\u00e9gion Auvergne-Rh\u00f4ne-Alpes,  \npr\u00e9f\u00e8te de la zone de d\u00e9fense et de s\u00e9curit\u00e9 Sud-Est, pr\u00e9f\u00e8te du Rh\u00f4ne ; \nVU la demande pr\u00e9sent\u00e9e par le Maire de la commune de RILLIEUX-LA-PAPE dont la mairie est situ\u00e9e 165 rue Amp\u00e8re \n69140 en vue d'obtenir l'autorisation de fonctionnement d'un syst\u00e8me de vid\u00e9oprotection;\nConsid\u00e9rant l'avis favorable \u00e9mis par la Commission d\u00e9partementale de vid\u00e9oprotection le 26/09/2025;\nConsid\u00e9rant que le syst\u00e8me de vid\u00e9oprotection est conforme \u00e0 la r\u00e9glementation ;\nSur proposition de Monsieur le Directeur de la S\u00e9curit\u00e9 et de la Protection Civile.\nARR\u00caTE\nArticle 1er : Le fonctionnement du syst\u00e8me de vid\u00e9oprotection, qui fait l'objet de la demande pr\u00e9sent\u00e9e par le Maire de la  \ncommune  de  RILLIEUX-LA-PAPE  dont  la  mairie  est  situ\u00e9e  165  rue  Amp\u00e8re  69140  est  autoris\u00e9  pour  32  cam\u00e9ras \nint\u00e9rieures, 11 cam\u00e9ras ext\u00e9rieures et 115 cam\u00e9ras visionnant la voie publique sous r\u00e9serve des obligations suivantes : \n- le d\u00e9lai de conservation des images est limit\u00e9 \u00e0 15 jours ;\n- le traitement des images \u00e0 l'\u00e9tranger est formellement interdit ;\n- le titulaire de l'autorisation doit tenir un registre mentionnant les enregistrements r\u00e9alis\u00e9s, la date de destruction des  \nimages et le cas \u00e9ch\u00e9ant la date de leur transmission au parquet ;\n- les personnes charg\u00e9es du traitement du syst\u00e8me de vid\u00e9oprotection sont habilit\u00e9es \u00e0 le faire par le p\u00e9titionnaire ;\n- les personnes habilit\u00e9es \u00e0 acc\u00e9der aux images doivent correspondre \u00e0 celles mentionn\u00e9es dans la d\u00e9claration, elles sont  \nd\u00e9sign\u00e9es par leur identit\u00e9 et/ou leur fonction, toute modification de ces personnes doit \u00eatre faite aupr\u00e8s des services  \npr\u00e9fectoraux ;\n- les forces de s\u00e9curit\u00e9 de l'\u00c9tat sont habilit\u00e9es \u00e0 acc\u00e9der aux images en temps r\u00e9el et \u00e0 visionner les enregistrements sur le  \nlieu de traitement des images et une r\u00e9quisition \u00e9crite est n\u00e9cessaire pour toute extraction d'images ;\n   Pr\u00e9fecture du Rh\u00f4ne \u2013 \n   69419 Lyon cedex 03 \n  04 72 61 61 61\n  www.rhone.gouv.fr 1/2\nLyon, le 8 octobre 2025\n69_Pr\u00e9f_Pr\u00e9fecture du Rh\u00f4ne - 69-2025-10-08-00013 - AP du 8 octobre 2025 portant autorisation exploitation syst\u00e8me\nvid\u00e9oprotection - Commune de RILLIEUX-LA-PAPE 36\n- le responsable de la mise en \u0153uvre du syst\u00e8me doit s'assurer que des consignes tr\u00e8s pr\u00e9cises soient donn\u00e9es sur la  \nconfidentialit\u00e9 des images capt\u00e9es et/ou enregistr\u00e9es \u00e0 toutes les personnes concern\u00e9es ;\n- l'acc\u00e8s \u00e0 la salle de visionnage, d'enregistrement et de traitement des images, doit \u00eatre  strictement interdit  \u00e0 toute  \npersonne  qui  n'aura  pas  \u00e9t\u00e9  pr\u00e9alablement  habilit\u00e9e  et  autoris\u00e9e  par  l'autorit\u00e9  responsable  du  syst\u00e8me  ou  de  son \nexploitation ;\n- les cam\u00e9ras ne doivent en aucun cas visionner les zones privatives aux alentours, toutes mesures de protection comme un  \nsyst\u00e8me de masquage ou de \u00ab  floutage \u00bb (notamment pour les lieux privatifs film\u00e9s \u00e0 titre accessoire) doivent \u00eatre prises  \nafin de ne porter, en aucune mani\u00e8re, atteinte \u00e0 l'intimit\u00e9 de la vie priv\u00e9e des riverains qui peuvent se trouver dans leur  \nchamp de vision.\n- l'information du public de l'existence du syst\u00e8me de vid\u00e9oprotection dans la commune, la qualit\u00e9 et les coordonn\u00e9es du  \nresponsable de ce syst\u00e8me doivent appara\u00eetre de mani\u00e8re claire et permanente, l'affichage doit-\u00eatre suffisant et conforme  \nau mod\u00e8le joint \u00e0 la demande ;\n- le syst\u00e8me de vid\u00e9oprotection ne peut pas servir \u00e0 alimenter un fichier nominatif .\nArticle 2 : Les finalit\u00e9s du syst\u00e8me de vid\u00e9oprotection pour lequel la pr\u00e9sente autorisation est d\u00e9livr\u00e9e l'autorisation sont la  \nprotection  des  b\u00e2timents  et  installations  publics  et  de  leurs  abords,  la  constatation  des  infractions  aux  r\u00e8gles  de  la \ncirculation,  la  pr\u00e9vention  des  atteintes  \u00e0  la  s\u00e9curit\u00e9  des  personnes  et  des  biens  dans  des  lieux,  ainsi  que  dans  des \n\u00e9tablissements ouverts au public, particuli\u00e8rement expos\u00e9s \u00e0 des risques d'agression et de vol ou de trafic de stup\u00e9fiant, la  \npr\u00e9vention et constatation des infractions relatives \u00e0 l'abandon d'ordures, de d\u00e9chets, de mat\u00e9riaux ou d'autres objets,  la \npr\u00e9vention des atteintes \u00e0 la s\u00e9curit\u00e9 des personnes et des biens dans des lieux, ainsi que dans des \u00e9tablissements ouverts au \npublic, particuli\u00e8rement expos\u00e9s \u00e0 des risques d'agression et de vol, la pr\u00e9vention d'actes de terrorisme.\nArticle   3     : Le titulaire de l'autorisation est tenu d'informer pr\u00e9alablement la pr\u00e9f\u00e8te du Rh\u00f4ne de la date de mise en service du  \nsyst\u00e8me de vid\u00e9oprotection et, le cas \u00e9ch\u00e9ant, du d\u00e9placement des cam\u00e9ras.\nArticle   4   :  Les agents des forces de s\u00e9curit\u00e9 de l'\u00c9tat et du Service D\u00e9partemental M\u00e9tropolitain d'Incendie et de Secours du  \nRh\u00f4ne individuellement d\u00e9sign\u00e9s et d\u00fbment habilit\u00e9s sont destinataires des enregistrements et des images, dans les conditions  \nd\u00e9finies par les conventions de partenariat relatives \u00e0 la vid\u00e9oprotection urbaine conclues le cas \u00e9ch\u00e9ant entre la commune et  \nl'\u00c9tat ou entre la commune et le SDMIS.\nArticle   5   : Toute modification des donn\u00e9es figurant dans le dossier administratif et technique n\u00b0 20081517 de cette autorisation \ndoit faire l'objet d'une demande de modification d'autorisation aupr\u00e8s des services pr\u00e9fectoraux. La non-ex\u00e9cution de ces  \ndispositions entra\u00eene le retrait de cette autorisation, sans pr\u00e9judice des sanctions p\u00e9nales pr\u00e9vues.\nArticle    6   :  La  pr\u00e9sente  autorisation  est  valable  pour  une  dur\u00e9e  de  cinq  ans  et  devra  faire  l'objet  d'une  demande  de \nrenouvellement  quatre  mois  avant  la  fin  de  son  \u00e9ch\u00e9ance.  L'arr\u00eat\u00e9  n\u00b0  dspc-bpa-v-150424-06  du  15  avril  2024  portant \nautorisation d'exploitation d'un syst\u00e8me de vid\u00e9oprotection au b\u00e9n\u00e9fice de la commune de Rillieux-la-Pape est abrog\u00e9.\nLe droit d'acc\u00e8s aux informations enregistr\u00e9es est r\u00e9gi par les dispositions de l'article L. 253-5 et des articles R.253-3 et  \nR.253-4 du code de la s\u00e9curit\u00e9 int\u00e9rieure.\nArticle   7   : Le fait de proc\u00e9der \u00e0 des enregistrements de vid\u00e9oprotection sans autorisation, de ne pas les d\u00e9truire dans le d\u00e9lai  \npr\u00e9vu, de les falsifier, d'entraver l'action de la commission d\u00e9partementale de vid\u00e9oprotection ou de la Commission Nationale  \nInformatique et Libert\u00e9s, de faire acc\u00e9der des personnes non habilit\u00e9es aux images ou d'utiliser ces images \u00e0 d'autres fins que  \ncelles pour lesquelles elles sont autoris\u00e9es est puni de trois ans d'emprisonnement et de 45000 euros d'amende sans pr\u00e9judice  \ndes dispositions des articles 226-1 du code p\u00e9nal.\nArticle   8   : le Directeur de la s\u00e9curit\u00e9 et de la protection civile et le Maire de la commune de RILLIEUX-LA-PAPE, chacun en  \nce qui le concerne, est charg\u00e9 de l'ex\u00e9cution du pr\u00e9sent arr\u00eat\u00e9 dont copie sera adress\u00e9e au maire, et qui sera publi\u00e9 au recueil  \ndes actes administratifs de la pr\u00e9fecture du Rh\u00f4ne.\nPour la Pr\u00e9f\u00e8te, et par d\u00e9l\u00e9gation,\nle chef de bureau des polices administratives,\nRichard WILPOTTE\nSi vous entendez contester le pr\u00e9sent arr\u00eat\u00e9, vous pouvez utiliser les voies de recours suivantes :\n- un recours gracieux motiv\u00e9 peut \u00eatre adress\u00e9 aupr\u00e8s de mes services dans un d\u00e9lai de deux mois \u00e0 compter de la notification du pr\u00e9sent arr\u00eat\u00e9,\n- un recours hi\u00e9rarchique peut \u00eatre introduit aupr\u00e8s de M. le Ministre de l'Int\u00e9rieur, Direction des libert\u00e9s publiques et Affaires juridiques, Bureau des polices Administratives,\nEn l'absence de r\u00e9ponse dans un d\u00e9lai de deux mois \u00e0 compter de la r\u00e9ception de votre recours, celui-ci doit \u00eatre consid\u00e9r\u00e9 comme implicitement rejet\u00e9.\n- un recours contentieux : aupr\u00e8s du Tribunal Administratif de Lyon dans un d\u00e9lai de deux mois \u00e0 compter de la notification du pr\u00e9sent arr\u00eat\u00e9 ou \u00e0 partir de la d\u00e9cision\nImplicite ou explicite de rejet du recours gracieux ou hi\u00e9rarchique. Le tribunal administratif peut \u00eatre saisi d'une requ\u00eate d\u00e9pos\u00e9e sur le site www.telerecours.fr            2/2\n69_Pr\u00e9f_Pr\u00e9fecture du Rh\u00f4ne - 69-2025-10-08-00013 - AP du 8 octobre 2025 portant autorisation exploitation syst\u00e8me\nvid\u00e9oprotection - Commune de RILLIEUX-LA-PAPE 37\n69_Pr\u00e9f_Pr\u00e9fecture du Rh\u00f4ne\n69-2025-10-08-00012\nAP du 8 octobre 2025 portant autorisation\nexploitation syst\u00e8me vid\u00e9oprotection -\nCommune de SAINT-PRIEST \n69_Pr\u00e9f_Pr\u00e9fecture du Rh\u00f4ne - 69-2025-10-08-00012 - AP du 8 octobre 2025 portant autorisation exploitation syst\u00e8me\nvid\u00e9oprotection - Commune de SAINT-PRIEST 38\nEPR\u00c9F\u00c8TEDU RH\u00d4NELibert\u00e9Egalit\u00e9Fraternit\u00e9\nPr\u00e9fecture\nDirection de la s\u00e9curit\u00e9 et de la protection civile\nBureau des polices administratives\nDossier 20101050\nArr\u00eat\u00e9 portant autorisation d'exploitation d'un syst\u00e8me de vid\u00e9oprotection\nLa Pr\u00e9f\u00e8te du Rh\u00f4ne\nCommandeur de la L\u00e9gion d'Honneur\nCommandeur de l'ordre national du M\u00e9rite\nVU le code de s\u00e9curit\u00e9 int\u00e9rieure et notamment ses articles L.223-1 \u00e0 L.223-9, L.251-1 \u00e0 L.255-1, ainsi que ses articles  \nR.251-7 et suivants; \nVU l'arr\u00eat\u00e9 minist\u00e9riel du 3 ao\u00fbt 2007 portant d\u00e9finition des normes techniques des syst\u00e8mes de vid\u00e9osurveillance;\nVU le d\u00e9cret en Conseil des Ministres du 11 janvier 2023 portant nomination de Madame Fabienne BUCCIO, pr\u00e9f\u00e8te de  \nla r\u00e9gion Auvergne-Rh\u00f4ne-Alpes, pr\u00e9f\u00e8te de la zone de d\u00e9fense et de s\u00e9curit\u00e9 Sud-Est, pr\u00e9f\u00e8te du Rh\u00f4ne (hors classe)  ;\nVU le d\u00e9cret du 6 novembre 2024 portant nomination de Monsieur Antoine GUERIN, pr\u00e9fet d\u00e9l\u00e9gu\u00e9 pour la d\u00e9fense et la  \ns\u00e9curit\u00e9 aupr\u00e8s de la pr\u00e9f\u00e8te de la r\u00e9gion Auvergne-Rh\u00f4ne-Alpes, pr\u00e9f\u00e8te de la zone de d\u00e9fense et de s\u00e9curit\u00e9 Sud-Est,  \npr\u00e9f\u00e8te du Rh\u00f4ne ;\nVU l'arr\u00eat\u00e9  pr\u00e9fectoral  n\u00b069-2025-09-26-00005  du  26  septembre  2025  portant  d\u00e9l\u00e9gation  de  signature  \u00e0  Monsieur \nAntoine GUERIN, pr\u00e9fet d\u00e9l\u00e9gu\u00e9 pour la d\u00e9fense et la s\u00e9curit\u00e9 aupr\u00e8s de la pr\u00e9f\u00e8te de la r\u00e9gion Auvergne-Rh\u00f4ne-Alpes,  \npr\u00e9f\u00e8te de la zone de d\u00e9fense et de s\u00e9curit\u00e9 Sud-Est, pr\u00e9f\u00e8te du Rh\u00f4ne ; \nVU la demande pr\u00e9sent\u00e9e par le Maire de la commune de SAINT-PRIEST dont la mairie est situ\u00e9e place Charles Ottina  \n69800 en vue d'obtenir l'autorisation de fonctionnement d'un syst\u00e8me de vid\u00e9oprotection;\nConsid\u00e9rant l'avis favorable \u00e9mis par la Commission d\u00e9partementale de vid\u00e9oprotection le 26/09/2025;\nConsid\u00e9rant que le syst\u00e8me de vid\u00e9oprotection est conforme \u00e0 la r\u00e9glementation ;\nSur proposition de Monsieur le Directeur de la S\u00e9curit\u00e9 et de la Protection Civile.\nARR\u00caTE\nArticle 1er : Le fonctionnement du syst\u00e8me de vid\u00e9oprotection, qui fait l'objet de la demande pr\u00e9sent\u00e9e par le Maire de la  \ncommune de SAINT-PRIEST dont la mairie est situ\u00e9e place Charles Ottina 69800 est autoris\u00e9 pour 53 cam\u00e9ras int\u00e9rieures, \n44 cam\u00e9ras ext\u00e9rieures et 220 cam\u00e9ras visionnant la voie publique sous r\u00e9serve des obligations suivantes : \n- le d\u00e9lai de conservation des images est limit\u00e9 \u00e0 15 jours ;\n- le traitement des images \u00e0 l'\u00e9tranger est formellement interdit ;\n- le titulaire de l'autorisation doit tenir un registre mentionnant les enregistrements r\u00e9alis\u00e9s, la date de destruction des  \nimages et le cas \u00e9ch\u00e9ant la date de leur transmission au parquet ;\n- les personnes charg\u00e9es du traitement du syst\u00e8me de vid\u00e9oprotection sont habilit\u00e9es \u00e0 le faire par le p\u00e9titionnaire ;\n- les personnes habilit\u00e9es \u00e0 acc\u00e9der aux images doivent correspondre \u00e0 celles mentionn\u00e9es dans la d\u00e9claration, elles sont  \nd\u00e9sign\u00e9es par leur identit\u00e9 et/ou leur fonction, toute modification de ces personnes doit \u00eatre faite aupr\u00e8s des services  \npr\u00e9fectoraux ;\n- les forces de s\u00e9curit\u00e9 de l'\u00c9tat sont habilit\u00e9es \u00e0 acc\u00e9der aux images en temps r\u00e9el et \u00e0 visionner les enregistrements sur le  \nlieu de traitement des images et une r\u00e9quisition \u00e9crite est n\u00e9cessaire pour toute extraction d'images ;\n   Pr\u00e9fecture du Rh\u00f4ne \u2013 \n   69419 Lyon cedex 03 \n  04 72 61 61 61\n  www.rhone.gouv.fr 1/2\nLyon, le 8 octobre 2025\n69_Pr\u00e9f_Pr\u00e9fecture du Rh\u00f4ne - 69-2025-10-08-00012 - AP du 8 octobre 2025 portant autorisation exploitation syst\u00e8me\nvid\u00e9oprotection - Commune de SAINT-PRIEST 39\n- le responsable de la mise en \u0153uvre du syst\u00e8me doit s'assurer que des consignes tr\u00e8s pr\u00e9cises soient donn\u00e9es sur la  \nconfidentialit\u00e9 des images capt\u00e9es et/ou enregistr\u00e9es \u00e0 toutes les personnes concern\u00e9es ;\n- l'acc\u00e8s \u00e0 la salle de visionnage, d'enregistrement et de traitement des images, doit \u00eatre  strictement interdit  \u00e0 toute  \npersonne  qui  n'aura  pas  \u00e9t\u00e9  pr\u00e9alablement  habilit\u00e9e  et  autoris\u00e9e  par  l'autorit\u00e9  responsable  du  syst\u00e8me  ou  de  son \nexploitation ;\n- les cam\u00e9ras ne doivent en aucun cas visionner les zones privatives aux alentours, toutes mesures de protection comme un  \nsyst\u00e8me de masquage ou de \u00ab  floutage \u00bb (notamment pour les lieux privatifs film\u00e9s \u00e0 titre accessoire) doivent \u00eatre prises  \nafin de ne porter, en aucune mani\u00e8re, atteinte \u00e0 l'intimit\u00e9 de la vie priv\u00e9e des riverains qui peuvent se trouver dans leur  \nchamp de vision.\n- l'information du public de l'existence du syst\u00e8me de vid\u00e9oprotection dans la commune, la qualit\u00e9 et les coordonn\u00e9es du  \nresponsable de ce syst\u00e8me doivent appara\u00eetre de mani\u00e8re claire et permanente, l'affichage doit-\u00eatre suffisant et conforme  \nau mod\u00e8le joint \u00e0 la demande ;\n- le syst\u00e8me de vid\u00e9oprotection ne peut pas servir \u00e0 alimenter un fichier nominatif .\nArticle 2 : Les finalit\u00e9s du syst\u00e8me de vid\u00e9oprotection pour lequel la pr\u00e9sente autorisation est d\u00e9livr\u00e9e l'autorisation sont la  \nprotection  des  b\u00e2timents  et  installations  publics  et  de  leurs  abords,  la  constatation  des  infractions  aux  r\u00e8gles  de  la \ncirculation,  la  pr\u00e9vention  des  atteintes  \u00e0  la  s\u00e9curit\u00e9  des  personnes  et  des  biens  dans  des  lieux,  ainsi  que  dans  des \n\u00e9tablissements ouverts au public, particuli\u00e8rement expos\u00e9s \u00e0 des risques d'agression et de vol ou de trafic de stup\u00e9fiant, la  \npr\u00e9vention et constatation des infractions relatives \u00e0 l'abandon d'ordures, de d\u00e9chets, de mat\u00e9riaux ou d'autres objets.\nArticle    3     : Un d\u00e9port d'images et d'acc\u00e8s aux enregistrements est mis en place par le centre superviseur urbain \u00e0 la place  \nCharles Ottina \u00e0 Saint-Priest (69800).\nArticle   4     : Le titulaire de l'autorisation est tenu d'informer pr\u00e9alablement la pr\u00e9f\u00e8te du Rh\u00f4ne de la date de mise en service du  \nsyst\u00e8me de vid\u00e9oprotection et, le cas \u00e9ch\u00e9ant, du d\u00e9placement des cam\u00e9ras.\nArticle   5   :  Les agents des forces de s\u00e9curit\u00e9 de l'\u00c9tat et du Service D\u00e9partemental M\u00e9tropolitain d'Incendie et de Secours du  \nRh\u00f4ne individuellement d\u00e9sign\u00e9s et d\u00fbment habilit\u00e9s sont destinataires des enregistrements et des images, dans les conditions  \nd\u00e9finies par les conventions de partenariat relatives \u00e0 la vid\u00e9oprotection urbaine conclues le cas \u00e9ch\u00e9ant entre la commune et  \nl'\u00c9tat ou entre la commune et le SDMIS.\nArticle   6   : Toute modification des donn\u00e9es figurant dans le dossier administratif et technique n\u00b0 20101050 de cette autorisation \ndoit faire l'objet d'une demande de modification d'autorisation aupr\u00e8s des services pr\u00e9fectoraux. La non-ex\u00e9cution de ces  \ndispositions entra\u00eene le retrait de cette autorisation, sans pr\u00e9judice des sanctions p\u00e9nales pr\u00e9vues.\nArticle    7   :  La  pr\u00e9sente  autorisation  est  valable  pour  une  dur\u00e9e  de  cinq  ans  et  devra  faire  l'objet  d'une  demande  de \nrenouvellement  quatre  mois  avant  la  fin  de  son  \u00e9ch\u00e9ance.  L'arr\u00eat\u00e9  n\u00b0  69-2025-08-12-00024  du  12  ao\u00fbt  2025  portant \nautorisation d'exploitation d'un syst\u00e8me de vid\u00e9oprotection au b\u00e9n\u00e9fice de la commune de Saint-Priest est abrog\u00e9.\nLe droit d'acc\u00e8s aux informations enregistr\u00e9es est r\u00e9gi par les dispositions de l'article L. 253-5 et des articles R.253-3 et  \nR.253-4 du code de la s\u00e9curit\u00e9 int\u00e9rieure.\nArticle   8   : Le fait de proc\u00e9der \u00e0 des enregistrements de vid\u00e9oprotection sans autorisation, de ne pas les d\u00e9truire dans le d\u00e9lai  \npr\u00e9vu, de les falsifier, d'entraver l'action de la commission d\u00e9partementale de vid\u00e9oprotection ou de la Commission Nationale  \nInformatique et Libert\u00e9s, de faire acc\u00e9der des personnes non habilit\u00e9es aux images ou d'utiliser ces images \u00e0 d'autres fins que  \ncelles pour lesquelles elles sont autoris\u00e9es est puni de trois ans d'emprisonnement et de 45000 euros d'amende sans pr\u00e9judice  \ndes dispositions des articles 226-1 du code p\u00e9nal.\nArticle   9   : le Directeur de la s\u00e9curit\u00e9 et de la protection civile et le Maire de la commune de SAINT-PRIEST, chacun en ce qui \nle concerne, est charg\u00e9 de l'ex\u00e9cution du pr\u00e9sent arr\u00eat\u00e9 dont copie sera adress\u00e9e au maire, et qui sera publi\u00e9 au recueil des  \nactes administratifs de la pr\u00e9fecture du Rh\u00f4ne.\nPour la Pr\u00e9f\u00e8te, et par d\u00e9l\u00e9gation,\nle directeur de la s\u00e9curit\u00e9 et de la protection civile\nErnest MOUTOUSSAMY\nSi vous entendez contester le pr\u00e9sent arr\u00eat\u00e9, vous pouvez utiliser les voies de recours suivantes :\n- un recours gracieux motiv\u00e9 peut \u00eatre adress\u00e9 aupr\u00e8s de mes services dans un d\u00e9lai de deux mois \u00e0 compter de la notification du pr\u00e9sent arr\u00eat\u00e9,\n- un recours hi\u00e9rarchique peut \u00eatre introduit aupr\u00e8s de M. le Ministre de l'Int\u00e9rieur, Direction des libert\u00e9s publiques et Affaires juridiques, Bureau des polices Administratives,\nEn l'absence de r\u00e9ponse dans un d\u00e9lai de deux mois \u00e0 compter de la r\u00e9ception de votre recours, celui-ci doit \u00eatre consid\u00e9r\u00e9 comme implicitement rejet\u00e9.\n- un recours contentieux : aupr\u00e8s du Tribunal Administratif de Lyon dans un d\u00e9lai de deux mois \u00e0 compter de la notification du pr\u00e9sent arr\u00eat\u00e9 ou \u00e0 partir de la d\u00e9cision\nImplicite ou explicite de rejet du recours gracieux ou hi\u00e9rarchique. Le tribunal administratif peut \u00eatre saisi d'une requ\u00eate d\u00e9pos\u00e9e sur le site www.telerecours.fr            2/2\n69_Pr\u00e9f_Pr\u00e9fecture du Rh\u00f4ne - 69-2025-10-08-00012 - AP du 8 octobre 2025 portant autorisation exploitation syst\u00e8me\nvid\u00e9oprotection - Commune de SAINT-PRIEST 40\n69_Pr\u00e9f_Pr\u00e9fecture du Rh\u00f4ne\n69-2025-10-14-00001\nARR\u00caT\u00c9 n\u00b02025 - 10 - 14 - 0001\nautorisant la captation, l'enregistrement et la\ntransmission\nd'images au moyen de cam\u00e9ras install\u00e9es sur un\na\u00e9ronef le mercredi 15 octobre 2025 \u00e0\nVilleurbanne et Vaulx-en-Velin\n69_Pr\u00e9f_Pr\u00e9fecture du Rh\u00f4ne - 69-2025-10-14-00001 - ARR\u00caT\u00c9 n\u00b02025 - 10 - 14 - 0001\nautorisant la captation, l'enregistrement et la transmission\nd'images au moyen de cam\u00e9ras install\u00e9es sur un a\u00e9ronef le mercredi 15 octobre 2025 \u00e0 Villeurbanne et Vaulx-en-Velin\n41\nPREFETEDU RHONELibert\u00e9Egalit\u00e9Fraternit\u00e9\nPr\u00e9fecture\nCabinet du Pr\u00e9fet d\u00e9l\u00e9gu\u00e9 pour \nla d\u00e9fense et la s\u00e9curit\u00e9\nBureau de l'ordre public\nARR\u00caT\u00c9 n\u00b02025 \u2013 10 \u2013 14 \u2013 0001\nautorisant la captation, l'enregistrement et la transmission\nd'images au moyen de cam\u00e9ras install\u00e9es sur un a\u00e9ronef le mercredi 15 octobre 2025 \u00e0 Villeurbanne et Vaulx-en-\nVelin\nLa Pr\u00e9f\u00e8te du Rh\u00f4ne,\nCommandeur de la L\u00e9gion d'honneur\nCommandeur de l'ordre national du M\u00e9rite\nVU le Code de la s\u00e9curit\u00e9 int\u00e9rieure et notamment ses articles L. 242-1 \u00e0 L. 242-8 et R. 242-8 \u00e0 R. 242-\n14\u00a0;\nVU la loi n\u00b078-17 du 6 janvier 1978 relative \u00e0 l'informatique, aux fichiers et aux libert\u00e9s \nVU le d\u00e9cret n\u00b0 2004-374 du 29 avril 2004 relatif aux pouvoirs des pr\u00e9fets, \u00e0 l'organisation et \u00e0  \nl'action des services de l'\u00c9tat dans les r\u00e9gions et d\u00e9partements\u00a0;\nVU le d\u00e9cret en Conseil des Ministres du 11 janvier 2023 portant nomination de Madame Fabienne  \nBUCCIO, pr\u00e9f\u00e8te de la r\u00e9gion Auvergne-Rh\u00f4ne-Alpes, pr\u00e9f\u00e8te de la zone de d\u00e9fense et de s\u00e9curit\u00e9  \nSud-Est, pr\u00e9f\u00e8te du Rh\u00f4ne (hors classe) ;\nVU  le d\u00e9cret du 6 novembre 2024 portant nomination du pr\u00e9fet d\u00e9l\u00e9gu\u00e9 pour la d\u00e9fense et la  \ns\u00e9curit\u00e9 aupr\u00e8s de la pr\u00e9f\u00e8te de la r\u00e9gion Auvergne-Rh\u00f4ne-Alpes, pr\u00e9f\u00e8te de la zone de d\u00e9fense et  \nde s\u00e9curit\u00e9 Sud-Est, pr\u00e9f\u00e8te du Rh\u00f4ne \u2013 M. Antoine GUERIN\u00a0; \nVU l'arr\u00eat\u00e9 pr\u00e9fectoral n\u00b069-2025-07-04-00005 du 4 juillet 2025 portant d\u00e9l\u00e9gation de signature \u00e0 M. \nAntoine GUERIN en qualit\u00e9 de pr\u00e9fet d\u00e9l\u00e9gu\u00e9 pour la d\u00e9fense et la s\u00e9curit\u00e9 aupr\u00e8s de la pr\u00e9f\u00e8te de  \nla r\u00e9gion Auvergne-Rh\u00f4ne-Alpes, pr\u00e9f\u00e8te de la zone de d\u00e9fense et de s\u00e9curit\u00e9 Sud-Est, pr\u00e9f\u00e8te du  \nRh\u00f4ne\u00a0;\nVU l'arr\u00eat\u00e9 du Ministre de l'Int\u00e9rieur et des outre-mer, en date du 19 avril 2023 relatif au nombre  \nmaximal de cam\u00e9ras install\u00e9es sur des a\u00e9ronefs pouvant \u00eatre simultan\u00e9ment utilis\u00e9es dans chaque  \nd\u00e9partement\u00a0et collectivit\u00e9 d'outre-mer ;\nVU l'analyse  d'impact  relative  \u00e0  la  protection  des  donn\u00e9es  (AIPD)  r\u00e9alis\u00e9e  par  le  Minist\u00e8re  de \nl'Int\u00e9rieur en date du 25 janvier 2023\u00a0; \nVU la demande du 7 octobre 2025, form\u00e9e par la Direction Interd\u00e9partementale de la Police Natio-\nnale du Rh\u00f4ne, visant \u00e0 obtenir l'autorisation de capter, d'enregistrer et de transmettre des images  \nPr\u00e9fecture du Rh\u00f4ne  \u2013 69419 Lyon cedex 03 1\nwww.rhone.gouv.fr ou t\u00e9l. : 04 72 61 61 61 (co\u00fbt d'un appel local)\n69_Pr\u00e9f_Pr\u00e9fecture du Rh\u00f4ne - 69-2025-10-14-00001 - ARR\u00caT\u00c9 n\u00b02025 - 10 - 14 - 0001\nautorisant la captation, l'enregistrement et la transmission\nd'images au moyen de cam\u00e9ras install\u00e9es sur un a\u00e9ronef le mercredi 15 octobre 2025 \u00e0 Villeurbanne et Vaulx-en-Velin\n42\nau moyen d'une cam\u00e9ra install\u00e9e sur un a\u00e9ronef t\u00e9l\u00e9-pilot\u00e9 aux fins de la pr\u00e9vention des atteintes \u00e0  \nla s\u00e9curit\u00e9 des personnes et des biens\u00a0;\nCONSID\u00c9RANT que les dispositions susvis\u00e9es permettent aux forces de s\u00e9curit\u00e9 int\u00e9rieure, dans  \nl'exercice de leurs missions de pr\u00e9vention des atteintes \u00e0 l'ordre public et de protection de la  \ns\u00e9curit\u00e9  des  personnes  et  des  biens,  de  proc\u00e9der  \u00e0  la  captation,  \u00e0  l'enregistrement  et  \u00e0  la \ntransmission d'images au moyen de cam\u00e9ras install\u00e9es sur des a\u00e9ronefs aux fins d'assurer la s\u00e9curit\u00e9 \ndes personnes et des biens et pr\u00e9venir les troubles \u00e0 l'ordre public dans le cadre des op\u00e9rations de  \nr\u00e9tablissement de l'ordre public \u00a0; que notamment, le 1\u00b0 et 4\u00b0 de l'article L. 242-5 du Code de la  \ns\u00e9curit\u00e9 int\u00e9rieure susvis\u00e9 pr\u00e9voit que ces dispositifs peuvent \u00eatre mis en \u0153uvre  au titre de la  \ns\u00e9curit\u00e9 des rassemblements de personnes sur la voie publique ou dans les lieux ouverts au public  \nainsi que de l'appui des personnels au sol, en vue de leur permettre de maintenir ou de r\u00e9tablir  \nl'ordre  public,  lorsque  ces  rassemblements  sont  susceptibles  d'entra\u00eener  des  troubles  graves  \u00e0 \nl'ordre public, et, dans le cadre de la r\u00e9gulation des flux de transport, aux seules fins du maintien de \nl'ordre et de la s\u00e9curit\u00e9 publics\u00a0;\nCONSID\u00c9RANT que le secteur demand\u00e9 a connu une recrudescence des rod\u00e9os urbains commis par \ndes  individus  circulant  sur  des  engins  motoris\u00e9s  sur  la  voie  publique  et  entre  les  immeubles \nd'habitation, mettant en danger les pi\u00e9tons, du fait des vitesses excessives et de la conduite hors  \ndes r\u00e8gles de circulation\u00a0; \nCONSID\u00c9RANT d'une part, que les \u00ab \u00a0rod\u00e9os urbains\u00a0\u00bb, qui se caract\u00e9risent par des comportements \nill\u00e9gaux sur la voie publique r\u00e9alis\u00e9s par les conducteurs de v\u00e9hicules ou de deux roues, au m\u00e9pris  \ndes r\u00e8gles de prudence et du Code de la route, compromettant la s\u00e9curit\u00e9 des usagers et des  \nriverains, rendent n\u00e9cessaire une r\u00e9gulation des flux de transports en vue de pr\u00e9venir des accidents  \ngraves dont ils cr\u00e9ent directement les conditions, au sens du 4\u00b0 du m\u00eame article \u00a0; que, d'autre part, \ncompte tenu des risques extr\u00eames qu'ils engendrent pour la s\u00e9curit\u00e9 des personnes, des nuisances  \nsonores consid\u00e9rables qu'ils causent pour le voisinage et du ph\u00e9nom\u00e8ne de privatisation agressive  \nde l'espace public qu'ils impliquent, ils g\u00e9n\u00e8rent des tensions tr\u00e8s importantes entre riverains et  \nexposent les lieux o\u00f9 ils se d\u00e9roulent \u00e0 des risques d'agression au sens des dispositions pr\u00e9cit\u00e9es du  \n1\u00b0 de l'article L. 242-5 du Code de la s\u00e9curit\u00e9 int\u00e9rieure \u00a0; qu'ainsi, compte tenu du risque s\u00e9rieux de  \ntroubles \u00e0 l'ordre public r\u00e9sultant du \u00ab\u00a0rod\u00e9o urbain\u00a0\u00bb fortement probable dans le secteur demand\u00e9 \nsur Villeurbanne et Vaulx-en-Velin, de l'ampleur de la zone \u00e0 s\u00e9curiser en raison de la nature m\u00eame  \nde cette activit\u00e9 et de la distance susceptible d'\u00eatre parcourue par les v\u00e9hicules y participant, le  \nrecours \u00e0 des dispositifs de captation install\u00e9s sur des a\u00e9ronefs pr\u00e9sente l'int\u00e9r\u00eat de permettre aux  \nforces de s\u00e9curit\u00e9 de b\u00e9n\u00e9ficier d'une vision en grand angle pour pouvoir identifier et pr\u00e9venir  \nrapidement le risque d'incident tout en limitant l'engagement des forces au sol, permettant de  \nprot\u00e9ger leur int\u00e9grit\u00e9 physique du risque d'altercation ou de refus d'obtemp\u00e9rer ; qu'il n'existe pas \nde dispositif moins intrusif permettant de parvenir aux m\u00eames fins\u00a0;\nCONSID\u00c9RANT que  les  dispositifs  de  vid\u00e9oprotection  existants  ne  permettent  pas  de  couvrir \nl'ensemble du secteur concern\u00e9\u00a0;\nCONSID\u00c9RANT que  compte  tenu  du  risque  av\u00e9r\u00e9  de  troubles  \u00e0  l'ordre  public,  des  risques  de \nperturbations des flux de transport, de l'ampleur de la zone \u00e0 s\u00e9curiser, de l'int\u00e9r\u00eat de disposer  \nd'une vision en grand angle pour permettre le maintien et le r\u00e9tablissement de l'ordre public tout  \nen limitant l'engagement des forces au sol, le recours aux dispositifs de captation install\u00e9s sur des  \na\u00e9ronefs est n\u00e9cessaire et adapt\u00e9 ; \nCONSID\u00c9RANT que la demande porte sur l'engagement d'une cam\u00e9ra a\u00e9roport\u00e9e \u00a0; que les lieux  \nsurveill\u00e9s  sont  strictement  limit\u00e9s  aux  lieux  o\u00f9  sont  susceptibles  de  survenir  les  atteintes,  que \nl'usage d'une cam\u00e9ra a\u00e9roport\u00e9e vise \u00e0 pr\u00e9venir \u00a0; que la dur\u00e9e de l'autorisation est \u00e9galement  \nstrictement  limit\u00e9e  \u00e0  la  dur\u00e9e  des  risques  de  troubles  \u00e0  l'ordre  public\u00a0;  qu'au  regard  des \ncirconstances susmentionn\u00e9es, la demande n'appara\u00eet pas disproportionn\u00e9e\u00a0; \n2\n69_Pr\u00e9f_Pr\u00e9fecture du Rh\u00f4ne - 69-2025-10-14-00001 - ARR\u00caT\u00c9 n\u00b02025 - 10 - 14 - 0001\nautorisant la captation, l'enregistrement et la transmission\nd'images au moyen de cam\u00e9ras install\u00e9es sur un a\u00e9ronef le mercredi 15 octobre 2025 \u00e0 Villeurbanne et Vaulx-en-Velin\n43\nCONSID\u00c9RANT que  par  exception  au  principe  g\u00e9n\u00e9ral  de  l'information  par  plusieurs  moyens \nadapt\u00e9s du recours \u00e0 la captation, l'enregistrement et la transmission d'images des art. L. 242-3 et R. \n242-13 du CSI, cette information entre en contradiction avec les objectifs poursuivis parmi les  \nfinalit\u00e9s de l'op\u00e9ration du 13 juin 2023 mentionn\u00e9es aux 1\u00b0, 3\u00b0 et 5\u00b0 du I de l'article R. 242-8 du CSI \u00a0; \nque l'efficacit\u00e9 de cette op\u00e9ration sensible est conditionn\u00e9e \u00e0 un imp\u00e9ratif de discr\u00e9tion \u00a0; que  \nl'information  sp\u00e9cifique  du  public  peut  alors  entrer  en  contradiction  avec  les  finalit\u00e9s  de \nl'op\u00e9ration, et mettre en p\u00e9ril son efficacit\u00e9 \u00a0; que l'information du public n'aura pas lieu \u00e0 ce titre \u00a0; \nque le pr\u00e9sent arr\u00eat\u00e9 sera publi\u00e9 au recueil des actes administratifs ; \nARR\u00caTE\nArticle  1er\n \u2013  La captation,  l'enregistrement  et  la  transmission  d'images  par  la  Direction \nInterd\u00e9partementale de la Police Nationale, est autoris\u00e9e au titre de la pr\u00e9vention des atteintes \u00e0 la \ns\u00e9curit\u00e9  des  personnes  et  des  biens,  le  mercredi  15  octobre  2025  de  14h00  \u00e0  16h00 sur  les \ncommunes de Villeurbanne et Vaulx-en-Velin dans une zone d\u00e9limit\u00e9e par\u00a0: le pont de cusset, la rue  \ndu canal, l'avenue de la rize, l'avenue Grandcl\u00e9ment, l'avenue Paul Marcellin, Pont de la sucrerie,  \nl'avenue Franklin Roosvelt, Rue Emile Zola, Boulevard des droits de l'homme, rue Alexandre Dumas,  \nrue de la poudrette, rue Nicolas Garnier, rue Yvonne Chanu, la D383, la rue du 4 ao\u00fbt 1789, jusqu'au  \nPont de Cusset.\nArticle  2  \u2013  Le  nombre  maximal  de  cam\u00e9ras  pouvant  proc\u00e9der  simultan\u00e9ment  aux  traitements \nmentionn\u00e9s \u00e0 l'article 1er\n est fix\u00e9 \u00e0 ce dispositif\u00a0: \n\u2022 DJI Mavic 3T\nArticle 3 \u00a0\u2013 Le pr\u00e9sent arr\u00eat\u00e9 est publi\u00e9 au recueil des actes administratifs de la pr\u00e9fecture et peut  \nfaire l'objet d'un recours devant le tribunal administratif de Lyon dans un d\u00e9lai de deux mois \u00e0  \ncompter de sa publication.\nArticle 4 \u2013 Le pr\u00e9fet d\u00e9l\u00e9gu\u00e9 pour la d\u00e9fense et la s\u00e9curit\u00e9, le directeur interd\u00e9partemental de la  \npolice nationale sont charg\u00e9s chacun en ce qui le concerne de l'ex\u00e9cution du pr\u00e9sent arr\u00eat\u00e9.\nFait \u00e0 Lyon, le 14 octobre 2025\n3\nORIGINAL SIGNE\nAntoine GU\u00c9RIN\n69_Pr\u00e9f_Pr\u00e9fecture du Rh\u00f4ne - 69-2025-10-14-00001 - ARR\u00caT\u00c9 n\u00b02025 - 10 - 14 - 0001\nautorisant la captation, l'enregistrement et la transmission\nd'images au moyen de cam\u00e9ras install\u00e9es sur un a\u00e9ronef le mercredi 15 octobre 2025 \u00e0 Villeurbanne et Vaulx-en-Velin\n44","date":"2025-10-15","first_seen_on":"2025-10-15T14:48:46+00:00","id":"cbecd193837dfb158714c8abafdfa413a99ac66e29b50b89c0671973033d025c","name":"RAA_69-2025-263-151025","pdf_creation_date":"2025-10-15T14:25:12+00:00","pdf_modification_date":null,"timezone":"Europe/Paris","url":"https://www.rhone.gouv.fr/contenu/telechargement/65853/443801/file/RAA_69-2025-263-151025.pdf"}
