{"administration":"pref03","administration_name":"Pr\u00e9fecture de l\u2019Allier","content":"ALLIER\nRECUEIL DES ACTES\nADMINISTRATIFS SP\u00c9CIAL\nN\u00b003-2026-033\nPUBLI\u00c9 LE 11 F\u00c9VRIER 2026\nSommaire\n03_DDETSPP_Direction D\u00e9partementale de l'Emploi, du Travail, des\nSolidarit\u00e9s et de la Protection des Populations de l'Allier /\n03-2026-02-10-00001 - arr\u00eat\u00e9 pr\u00e9fectoral n\u00b0249 bis du 10/02/2026\nabrogeant l'arr\u00eate n\u00b028ter / 2026 d\u00e9terminant une zone\nr\u00e9glement\u00e9e suite \u00e0 une d\u00e9claration d'influenza aviaire (4 pages) Page 3\n2\n03_DDETSPP_Direction D\u00e9partementale de\nl'Emploi, du Travail, des Solidarit\u00e9s et de la\nProtection des Populations de l'Allier\n03-2026-02-10-00001\narr\u00eat\u00e9 pr\u00e9fectoral n\u00b0249 bis du 10/02/2026\nabrogeant l'arr\u00eate n\u00b028ter / 2026 d\u00e9terminant\nune zone r\u00e9glement\u00e9e suite \u00e0 une d\u00e9claration\nd'influenza aviaire\n03_DDETSPP_Direction D\u00e9partementale de l'Emploi, du Travail, des Solidarit\u00e9s et de la Protection des Populations de l'Allier -\n03-2026-02-10-00001 - arr\u00eat\u00e9 pr\u00e9fectoral n\u00b0249 bis du 10/02/2026 abrogeant l'arr\u00eate n\u00b028ter / 2026 d\u00e9terminant une zone\nr\u00e9glement\u00e9e suite \u00e0 une d\u00e9claration d'influenza aviaire\n3\nPREFETDE L'ALLIERLibert\u00e9Egalit\u00e9Fraternit\u00e9\nVU le r\u00e8glement (CE) n\u00b0 853/2004 du Parlement Europ\u00e9en et du Conseil du 29 avril\n2004 fixant des r\u00e8gles sp\u00e9cifiques d'hygi\u00e8ne applicables aux denr\u00e9es alimentaires\nd'origine animale ;\nVU le r\u00e8glement (CE) n\u00b0 1069/2009 du Parlement Europ\u00e9en et du Conseil du 21 octobre\n2009  \u00e9tablissant  des  r\u00e8gles  sanitaires  applicables  aux  sous-produits  animaux  et\nproduits  d\u00e9riv\u00e9s  non  destin\u00e9s  \u00e0  la  consommation  humaine  et  abrogeant  le\nr\u00e8glement (CE) n\u00b01774/2002 (r\u00e8glement relatif aux sous-produits animaux) ;\nVU le r\u00e8glement (UE) n\u00b0 2016/429 du Parlement Europ\u00e9en et du Conseil du 9 mars 2016\nrelatif  aux  maladies  animales  transmissibles  et  modifiant  et  abrogeant  certains\nactes dans le domaine de la sant\u00e9 animale (\u00ab l\u00e9gislation sur la sant\u00e9 animale \u00bb) ;\nVU le r\u00e8glement d'ex\u00e9cution (UE) n\u00b0 2018/1882 de la Commission du 3 d\u00e9cembre 2018\nsur l'application de certaines dispositions en mati\u00e8re de pr\u00e9vention et de lutte\ncontre les maladies \u00e0 des cat\u00e9gories de maladies r\u00e9pertori\u00e9es et \u00e9tablissant une\nliste des esp\u00e8ces et des groupes d'esp\u00e8ces qui pr\u00e9sentent un risque consid\u00e9rable du\npoint de vue de la propagation de ces maladies r\u00e9pertori\u00e9es ;\nVU le r\u00e8glement d\u00e9l\u00e9gu\u00e9 (UE) n\u00b0 2020/687 de la Commission du 17 d\u00e9cembre 2019\ncompl\u00e9tant le r\u00e8glement (UE) 2016/429 du Parlement europ\u00e9en et du Conseil en ce\nqui concerne les r\u00e8gles relatives \u00e0 la pr\u00e9vention de certaines maladies r\u00e9pertori\u00e9es\net \u00e0 la lutte contre celles-ci ; \nVU le r\u00e8glement d\u00e9l\u00e9gu\u00e9 (UE) n\u00b0 2023/361 de la Commission du 28 novembre 2022\ncompl\u00e9tant le r\u00e8glement (UE) 2016/429 du Parlement europ\u00e9en et du Conseil en ce\nqui  concerne  les  r\u00e8gles  applicables  \u00e0  l'utilisation  de  certains  m\u00e9dicaments\nv\u00e9t\u00e9rinaires pour la pr\u00e9vention de certaines maladies r\u00e9pertori\u00e9es et la lutte contre\ncelles-ci ;\nVU le code rural et de la p\u00eache maritime, notamment ses articles L. 223-8 et R. 228-1 \u00e0\nR. 228-10 ;\nVU le code de la justice administrative, notamment son article R. 421-1 et suivants ;\nArr\u00eat\u00e9 abrogeant\nl'arr\u00eat\u00e9 n\u00b028ter/2026 d\u00e9terminant une zone r\u00e9glement\u00e9e suite \u00e0 une d\u00e9claration \nd'infection d'influenza aviaire hautement pathog\u00e8ne\nLe pr\u00e9fet de l'Allier\nOfficier de l'ordre national du m\u00e9rite\nN\u00b0 249 bis /2026\nDirection D\u00e9partementale de l'Emploi, \ndu Travail, des Solidarit\u00e9s et de la \nProtection des Populations\n03_DDETSPP_Direction D\u00e9partementale de l'Emploi, du Travail, des Solidarit\u00e9s et de la Protection des Populations de l'Allier -\n03-2026-02-10-00001 - arr\u00eat\u00e9 pr\u00e9fectoral n\u00b0249 bis du 10/02/2026 abrogeant l'arr\u00eate n\u00b028ter / 2026 d\u00e9terminant une zone\nr\u00e9glement\u00e9e suite \u00e0 une d\u00e9claration d'influenza aviaire\n4\nVU le d\u00e9cret n\u00b0 2004-374 du 29 avril 2004 modifi\u00e9, relatif aux pouvoirs des pr\u00e9fets, \u00e0\nl'organisation  et  \u00e0  l'action  des  services  de  l'\u00c9tat  dans  les  r\u00e9gions  et  les\nd\u00e9partements ;\nVU le d\u00e9cret n\u00b0 2009-1484 du 3 d\u00e9cembre 2009 relatif aux directions d\u00e9partementales\ninterminist\u00e9rielles ;\nVU le d\u00e9cret du 8 janvier 2025 portant nomination du Pr\u00e9fet de l'Allier \u2013  M. Christophe\nNO\u00cbL du PAYRAT ;\nVU l'arr\u00eat\u00e9 modifi\u00e9 du 5 juin 2000 relatif au registre d'\u00e9levage ;\nVU l'arr\u00eat\u00e9 du 14 octobre 2005 fixant les r\u00e8gles g\u00e9n\u00e9rales de police sanitaire relatives\naux produits d'origine animale destin\u00e9s \u00e0 la consommation humaine ;\nVU l'arr\u00eat\u00e9 modifi\u00e9 du 14 mars 2018 modifi\u00e9 relatif aux mesures de pr\u00e9vention de la\npropagation des maladies animales via le transport par v\u00e9hicules routiers d'oiseaux\nvivants ;\nVU l'arr\u00eat\u00e9  modifi\u00e9  du  29  septembre  2021  relatif  aux  mesures  de  bios\u00e9curit\u00e9\napplicables  par  les  op\u00e9rateurs  et  les  professionnels  li\u00e9s  aux  animaux  dans  les\n\u00e9tablissements d\u00e9tenant  des volailles ou des oiseaux captifs dans le cadre de la\npr\u00e9vention  des  maladies  animales  transmissibles  aux  animaux  ou  aux  \u00eatres\nhumains ;\nVU l'arr\u00eat\u00e9 du 25 septembre 2023 relatif aux mesures de surveillance, de pr\u00e9vention, de\nlutte et de vaccination contre l'influenza aviaire hautement pathog\u00e8ne (IAHP) ;\nVU l'arr\u00eat\u00e9 du 25 septembre 2023 relatif aux mesures de surveillance, de pr\u00e9vention, de\nlutte et de vaccination contre l'influenza aviaire hautement pathog\u00e8ne (IAHP) ;\nVU l'arr\u00eat\u00e9  pr\u00e9fectoral  n\u00b0  28ter/2026  du  10  janvier  2026  d\u00e9terminant  une  zone\nr\u00e9glement\u00e9e  suite  \u00e0  une  d\u00e9claration  d'infection  d'influenza  aviaire  hautement\npathog\u00e8ne ;\nCONSIDERANT que  l'abattage  des  animaux  et  la  fin  des  op\u00e9rations  pr\u00e9liminaires  de\nnettoyage et d\u00e9sinfection du dernier foyer de la zone de protection ont \u00e9t\u00e9 r\u00e9alis\u00e9s\nle 11 janvier 2026 ;\nCONSIDERANT que les op\u00e9rations de nettoyage-d\u00e9sinfection (ND1) du dernier foyer de la\nzone de protection ont \u00e9t\u00e9 achev\u00e9es le 08 f\u00e9vrier 2026 ;\nCONSIDERANT que le contr\u00f4le visuel r\u00e9alis\u00e9 le 09 f\u00e9vrier 2026 par un v\u00e9t\u00e9rinaire mandat\u00e9\npar la DDETSPP suite aux op\u00e9rations de nettoyage-d\u00e9sinfection (ND1) a conduit \u00e0\ndes conclusions favorables ;\nCONSIDERANT que les visites dans les exploitations d\u00e9tenant des volailles ou oiseaux\ncaptifs dans les zones de protection et de surveillance ont \u00e9t\u00e9 r\u00e9alis\u00e9es et ont\npermis de conclure \u00e0 une absence de suspicion ou de cas d'influenza aviaire ;\nCONSIDERANT que les analyses r\u00e9alis\u00e9es sur des pr\u00e9l\u00e8vements effectu\u00e9s dans le cadre de\nces visites ont donn\u00e9 des r\u00e9sultats favorables ;\n03_DDETSPP_Direction D\u00e9partementale de l'Emploi, du Travail, des Solidarit\u00e9s et de la Protection des Populations de l'Allier -\n03-2026-02-10-00001 - arr\u00eat\u00e9 pr\u00e9fectoral n\u00b0249 bis du 10/02/2026 abrogeant l'arr\u00eate n\u00b028ter / 2026 d\u00e9terminant une zone\nr\u00e9glement\u00e9e suite \u00e0 une d\u00e9claration d'influenza aviaire\n5\nCONSIDERANT qu'aucune nouvelle suspicion d'Influenza aviaire hautement pathog\u00e8ne\nn'a \u00e9t\u00e9 notifi\u00e9e aux services de la DDETSPP depuis le 11 janvier 2026 ;\nSUR  PROPOSITION du  directeur  d\u00e9partemental  en  charge  de  la  protection  des\npopulations,\nARR\u00caTE :\nArticle 1er\nL'arr\u00eat\u00e9 pr\u00e9fectoral n\u00b028ter/2026 du 10 janvier 2026 sus-vis\u00e9 est abrog\u00e9.\nArticle 2\nLe pr\u00e9sent arr\u00eat\u00e9 entre en application \u00e0 compter du 11 f\u00e9vrier 2026.\nArticle 3\nLe secr\u00e9taire g\u00e9n\u00e9ral de la pr\u00e9fecture de l'Allier, le directeur d\u00e9partemental de l'emploi, du\ntravail,  des  solidarit\u00e9s  et  la  protection  des  populations,  les  maires  des  communes\nconcern\u00e9es,  le  colonel  commandant  du  groupement  de  gendarmerie,  les  v\u00e9t\u00e9rinaires\nsanitaires, sont responsables, chacun en ce qui le concerne, de l'application du pr\u00e9sent\narr\u00eat\u00e9 qui sera publi\u00e9 au recueil des actes administratifs de la Pr\u00e9fecture et affich\u00e9 dans les\nmairies concern\u00e9es.\nLes professionnels concern\u00e9s sont inform\u00e9s par messagerie \u00e9lectronique par le  directeur\nd\u00e9partemental de l'emploi, du travail, des solidarit\u00e9s et la protection des populations et\ninforment leurs fournisseurs et/ou clients sans d\u00e9lai de la prise de cet arr\u00eat\u00e9.\nFait \u00e0 Moulins, le 10 f\u00e9vrier 2026\nPour le pr\u00e9fet et par d\u00e9l\u00e9gation,\nLe secr\u00e9taire g\u00e9n\u00e9ral,\nSign\u00e9\nOlivier MAUREL\nD\u00e9lais et voie de recours  : Le pr\u00e9sent arr\u00eat\u00e9 est susceptible de recours aupr\u00e8s du tribunal\nadministratif  territorialement  comp\u00e9tent  sous  un  d\u00e9lai  de  deux  mois  \u00e0  compter  de  sa\npublication, conform\u00e9ment aux dispositions des articles R.421-1 et suivants du code de justice\nadministrative.\n03_DDETSPP_Direction D\u00e9partementale de l'Emploi, du Travail, des Solidarit\u00e9s et de la Protection des Populations de l'Allier -\n03-2026-02-10-00001 - arr\u00eat\u00e9 pr\u00e9fectoral n\u00b0249 bis du 10/02/2026 abrogeant l'arr\u00eate n\u00b028ter / 2026 d\u00e9terminant une zone\nr\u00e9glement\u00e9e suite \u00e0 une d\u00e9claration d'influenza aviaire\n6\n03_DDETSPP_Direction D\u00e9partementale de l'Emploi, du Travail, des Solidarit\u00e9s et de la Protection des Populations de l'Allier -\n03-2026-02-10-00001 - arr\u00eat\u00e9 pr\u00e9fectoral n\u00b0249 bis du 10/02/2026 abrogeant l'arr\u00eate n\u00b028ter / 2026 d\u00e9terminant une zone\nr\u00e9glement\u00e9e suite \u00e0 une d\u00e9claration d'influenza aviaire\n7","date":"2026-02-11","first_seen_on":"2026-02-11T15:06:50+00:00","id":"cc2b6b33ca67c68636f11042b4abd49684ea57cda8a7f7315d1ef2d213bf4110","name":"recueil nr sp\u00e9cial - \u00e9dit\u00e9 le 11 f\u00e9vrier 2026","pdf_creation_date":"2026-02-11T14:52:01+00:00","pdf_modification_date":null,"timezone":"Europe/Paris","url":"https://www.allier.gouv.fr/contenu/telechargement/19510/133041/file/recueil-03-2026-033-recueil-des-actes-administratifs-special.pdf"}
