{"administration":"pref83","administration_name":"Pr\u00e9fecture du Var","content":"VAR\nRECUEIL DES ACTES\nADMINISTRATIFS SP\u00c9CIAL\n(NOMINATIFS)\nN\u00b083-2025-428\nPUBLI\u00c9 LE 18 D\u00c9CEMBRE 2025\nSommaire\nDirection d\u00e9partementale de l'emploi, du travail et des solidarit\u00e9s du Var\n/ Service acc\u00e8s \u00e0 l'autonomie des populations vuln\u00e9rables\n83-2025-12-18-00001 - Arr\u00eat\u00e9 fixant la liste des candidatures recevables\naux fins d'agr\u00e9ment de mandataires judiciaires \u00e0 la protection des\nmajeurs exer\u00e7ant \u00e0 titre individuel dans le d\u00e9partement du Var (3\npages) Page 3\nPr\u00e9fecture du VAR / Direction de la coordination des politiques publiques\net de l'appui territorial\n83-2025-12-17-00008 - Arr\u00eat\u00e9 pr\u00e9fectoral du 17 d\u00e9cembre 2025\nportant modification de la composition nominative du conseil\nd\u00e9partemental de l'environnement et des risques sanitaires et\ntechnologiques (4 pages) Page 7\n2\nDirection d\u00e9partementale de l'emploi, du travail\net des solidarit\u00e9s du Var\n83-2025-12-18-00001\nArr\u00eat\u00e9 fixant la liste des candidatures recevables\naux fins d'agr\u00e9ment de mandataires judiciaires \u00e0\nla protection des majeurs exer\u00e7ant \u00e0 titre\nindividuel dans le d\u00e9partement du Var\nDirection d\u00e9partementale de l'emploi, du travail et des solidarit\u00e9s du Var - 83-2025-12-18-00001 - Arr\u00eat\u00e9 fixant la liste des candidatures\nrecevables aux fins d'agr\u00e9ment de mandataires judiciaires \u00e0 la protection des majeurs exer\u00e7ant \u00e0 titre individuel dans le d\u00e9partement\ndu Var\n3\nDirection d\u00e9partementale de l'emploi, du travail et des solidarit\u00e9s du Var - 83-2025-12-18-00001 - Arr\u00eat\u00e9 fixant la liste des candidatures\nrecevables aux fins d'agr\u00e9ment de mandataires judiciaires \u00e0 la protection des majeurs exer\u00e7ant \u00e0 titre individuel dans le d\u00e9partement\ndu Var\n4\nBEECKMANS BEECKMANS B\u00e9rang\u00e9reBELET CARTON SandraBERNARD BERNARD FlorenceBERNARD CHAMARD-BOUDET Marie-FranceBERNARDI BERNARDI LaetitiaBOISSINOT BOISSINOT AlexandraBRILLAUD Jean-FrancoisBRUN BRUN KarineCARLINI CARLINI OliviaCATIN CATIN Charl\u00e9neCHAMARD S\u00e9bastienCHARLES MathieuCHRETIEN JOBIN AdelineDOARE TOSOLINI ChristineEBER EBER CindyFOUREL BONSIGNOUR Anne-SophieGAILLARD GAILLARD AlexandraGROLLEAU GROLLEAU EmmanuelleGUENNICHE GUENNICHE JustineHAMMAMI TOUIL Oc\u00e9aneHANANA HANANA ChristelJANET ANDRIEUX NathaliePENNER PENNER-CABOURG M\u00e9liaPLANCHER GARIBAL AlexaPOISSON UMLAUF FabienneROUVEURE ROUVEURE No\u00e9mieRUCAR FLEURY CorinneSCIANDRA GabinTELGHAMTI TELGHAMTI CharlotteTHIBAULT THIBAULT AudeTORRE TORRE AlexiaTRONC TRONC MagaliVAN NOO!I] MAILLOT Aim\u00e9eVEDEL BRARD Julie\nDirection d\u00e9partementale de l'emploi, du travail et des solidarit\u00e9s du Var - 83-2025-12-18-00001 - Arr\u00eat\u00e9 fixant la liste des candidatures\nrecevables aux fins d'agr\u00e9ment de mandataires judiciaires \u00e0 la protection des majeurs exer\u00e7ant \u00e0 titre individuel dans le d\u00e9partement\ndu Var\n5\nArticle 2 : La pr\u00e9sente d\u00e9cision peut faire l'objet d'un recours administratif gracieux aupr\u00e8s demonsieur le Pr\u00e9fet du Var dans les deux mois suivant sa publication. Un recours contentieuxpeut \u00eatre d\u00e9pos\u00e9 aupr\u00e8s du tribunal administratif de Toulon, situ\u00e9 au 5 rue Racine BP 4051083041 Toulon cedex 9, \u00e9galement dans un d\u00e9lai de deux mois \u00e0 compter de sa publication, oudans le d\u00e9lai de deux mois \u00e0 partir de la r\u00e9ponse de l'administration si un recoursadministratif a \u00e9t\u00e9 d\u00e9pos\u00e9, l'absence de r\u00e9ponse au terme d'un d\u00e9lai de deux mois valantrejet implicite. La juridiction administrative comp\u00e9tente peut aussi \u00eatre saisie par l'application\u00ab T\u00e9l\u00e9recours citoyens \u00bb accessible \u00e0 partir du site www.telerecours.frArticle 3 : Une copie du pr\u00e9sent arr\u00eat\u00e9 sera notifi\u00e9e au procureur de la R\u00e9publique du tribunalJudiciaire de Toulon.Article 4 : Le pr\u00e9sent arr\u00eat\u00e9 sera publi\u00e9 au recueil des actes administratifs de l'\u00c9tat dans le Var.Article 5: Le secr\u00e9taire g\u00e9n\u00e9ral de la pr\u00e9fecture du Var et la directrice d\u00e9partementale del'emploi, du travail et des solidarit\u00e9s du Var, sont charg\u00e9s, chacun en ce qui le concerne, del'ex\u00e9cution du pr\u00e9sent arr\u00eat\u00e9.Fait \u00e0 Toulon, le 18/12/2025\nle Pr\u00e9fetsign\u00e9Simon BABRE\nDirection d\u00e9partementale de l'emploi, du travail et des solidarit\u00e9s du Var - 83-2025-12-18-00001 - Arr\u00eat\u00e9 fixant la liste des candidatures\nrecevables aux fins d'agr\u00e9ment de mandataires judiciaires \u00e0 la protection des majeurs exer\u00e7ant \u00e0 titre individuel dans le d\u00e9partement\ndu Var\n6\nPr\u00e9fecture du VAR\n83-2025-12-17-00008\nArr\u00eat\u00e9 pr\u00e9fectoral du 17 d\u00e9cembre 2025 portant\nmodification de la composition nominative du\nconseil d\u00e9partemental de l'environnement et\ndes risques sanitaires et technologiques\nPr\u00e9fecture du VAR - 83-2025-12-17-00008 - Arr\u00eat\u00e9 pr\u00e9fectoral du 17 d\u00e9cembre 2025 portant modification de la composition\nnominative du conseil d\u00e9partemental de l'environnement et des risques sanitaires et technologiques 7\nExPREFETDU VARLibert\u00e9Egalit\u00e9Fraternit\u00e9\nDirection de la coordination\ndes politiques publiques et\nde l'appui territorial\nBureau de l'environnement et du d\u00e9veloppement durable\nARR\u00caT\u00c9 PR\u00c9FECTORAL du  17 d\u00e9cembre 2025                          \nportant modification de la composition nominative du conseil d\u00e9partemental\nde l'environnement et des risques sanitaires et technologiques\nLe pr\u00e9fet du Var,\nVu le code de la sant\u00e9 publique, notamment les articles L1416-1 et R1416-1 \u00e0 6 ;\nVu le code de l'environnement ;\nVu le code g\u00e9n\u00e9ral des collectivit\u00e9s territoriales ;\nVu le code des relations entre le public et l'administration, notamment les articles R133-1 \u00e0  \nR133-15 ;\nVu le d\u00e9cret n\u00b02011-833 du 12 juillet 2011 modifi\u00e9 fixant la liste des instances consultatives  \nayant vocation \u00e0 examiner les politiques d'environnement et de d\u00e9veloppement durable ;\nVu le d\u00e9cret du pr\u00e9sident de la R\u00e9publique du 15 mai 2025 nommant M. Simon BARBRE,  \npr\u00e9fet du Var ;\nVu le d\u00e9cret du pr\u00e9sident de la R\u00e9publique du 15 avril 2022 nommant M. Lucien GIUDICELLI,  \nsecr\u00e9taire g\u00e9n\u00e9ral de la pr\u00e9fecture du Var, sous-pr\u00e9fet de l'arrondissement de Toulon ;\nVu  l'arr\u00eat\u00e9  pr\u00e9fectoral  n\u00b02025/12/MCI  du  2  juin  2025  portant  d\u00e9l\u00e9gation  de  signature  \u00e0 \nM. Lucien  GIUDICELLI,  secr\u00e9taire  g\u00e9n\u00e9ral  de  la  pr\u00e9fecture  du  Var,  sous-pr\u00e9fet  de  \nl'arrondissement de Toulon ;\nVu  l'arr\u00eat\u00e9  pr\u00e9fectoral  du  27  juillet  2006  instituant  et  fixant  la  composition  du  conseil \nd\u00e9partemental de l'environnement et des risques sanitaires et technologiques du Var ;\nVu  l'arr\u00eat\u00e9  pr\u00e9fectoral  du  7  janvier  2025  portant  renouvellement  de  la  composition \nnominative  du  conseil  d\u00e9partemental  de  l'environnement  et  des  risques  sanitaires  et \ntechnologiques du Var ;\nVu le courrier du 25 novembre 2025, transmis par courriel du 26 novembre 2025, par lequel le \ndirecteur d\u00e9partemental d'incendie et de secours (SDIS), informe le pr\u00e9fet du Var de la  \nd\u00e9signation du commandant St\u00e9phane POUGET, membre suppl\u00e9ant, au sein du coll\u00e8ge des  \nrepr\u00e9sentants de professionnels, associations et experts du CODERST, en remplacement du  \ncommandant VERNET, \u00e0 compter du 1er janvier 2026 ; \nSur proposition du secr\u00e9taire g\u00e9n\u00e9ral de la pr\u00e9fecture du Var,\n1\nPr\u00e9fecture du Var - Boulevard du 112\u00e8me R.I. - CS 31 209 \u2013 83 070 TOULON CEDEX -\nStandard t\u00e9l\u00e9phonique : 04 94 18 83 83 \u2013 Horaires d'ouverture et modalit\u00e9s d'accueil sur le portail Internet : \nwww.var.gouv.fr\nPr\u00e9fecture du VAR - 83-2025-12-17-00008 - Arr\u00eat\u00e9 pr\u00e9fectoral du 17 d\u00e9cembre 2025 portant modification de la composition\nnominative du conseil d\u00e9partemental de l'environnement et des risques sanitaires et technologiques 8\nA R R \u00ca T E\nArticle 1  er   :  \nSous la pr\u00e9sidence du pr\u00e9fet du Var ou de son repr\u00e9sentant, le conseil d\u00e9partemental de  \nl'environnement et des risques sanitaires et technologiques est compos\u00e9 comme suit :\n\u00ab 1. Coll\u00e8ge des repr\u00e9sentants de l'\u00c9tat\n\u2212  le directeur des territoires et de la mer ou son repr\u00e9sentant ;\n\u2212 le  directeur  r\u00e9gional  de  l'environnement,  de  l'am\u00e9nagement  et  du  logement  ou  son \nrepr\u00e9sentant ;\n\u2212  le chef de l'unit\u00e9 d\u00e9partementale du Var de la direction r\u00e9gionale de l'environnement, de  \nl'am\u00e9nagement et du logement ou son repr\u00e9sentant ;\n\u2212   deux repr\u00e9sentants de la direction d\u00e9partementale de la protection des populations  ;\n\u2212 le  directeur de la coordination des politiques publiques et de l'appui territorial ou son  \nrepr\u00e9sentant ;\n\u2212  le directeur g\u00e9n\u00e9ral de l'agence r\u00e9gionale de sant\u00e9 ou son repr\u00e9sentant.\n2. Coll\u00e8ge des repr\u00e9sentants des collectivit\u00e9s territoriales\n\u2212 Titulaire : M. Louis REYNIER, conseiller d\u00e9partemental,\nSuppl\u00e9ant : M. Ludovic PONTONE, conseiller d\u00e9partemental ;\n\u2212 Titulaire : Mme Martine ARENAS, conseill\u00e8re d\u00e9partementale,\nSuppl\u00e9ante : Mme Christine NICCOLETTI, conseill\u00e8re d\u00e9partementale,\n\u2212 Titulaire : M. Alain BENEDETTO, maire de Grimaud,\nSuppl\u00e9ant : M. J\u00e9r\u00e9my GIULIANO, maire du Val ;\n\u2212 Titulaire : M. Richard STRAMBIO, maire de Draguignan,\nSuppl\u00e9ant : M. Jean-Jacques COULOMB, maire de Saint-Zacharie ;\n\u2212 Titulaire : M. Ren\u00e9 BOUCHARD, maire de Bagnols-en-for\u00eat,\nSuppl\u00e9ante : Mme Blandine MONIER, maire d'Evenos.\n3. Coll\u00e8ge des repr\u00e9sentants des associations, professionnels et experts\n\u2212 Titulaire : M. Fr\u00e9d\u00e9ric SOULI\u00c9,\nSuppl\u00e9ant : M. Bertrand LE GUINER,\nrepr\u00e9sentant la chambre de commerce et d'industrie du Var ;\n\u2212 Titulaire : M.Michel LOVERA,\nSuppl\u00e9ant : M. Bernard FILISETTI,\nrepr\u00e9sentant la chambre d'agriculture du Var ;\n\u2212 Titulaire : Mme Martine BERTHELOT,\nSuppl\u00e9ant : M. Thierry BION\nrepr\u00e9sentant la chambre de m\u00e9tiers et de l'artisanat, d\u00e9l\u00e9gation du Var ;\n\u2212 Titulaire : M. Robert DANCETTE,\nSuppl\u00e9ant : M. Julien PREYNAT,\nrepr\u00e9sentant la f\u00e9d\u00e9ration pour la p\u00eache et la protection du milieu aquatique du Var ;\n2\nPr\u00e9fecture du Var - Boulevard du 112\u00e8me R.I. - CS 31 209 \u2013 83 070 TOULON CEDEX -\nStandard t\u00e9l\u00e9phonique : 04 94 18 83 83 \u2013 Horaires d'ouverture et modalit\u00e9s d'accueil sur le portail Internet : \nwww.var.gouv.fr\nPr\u00e9fecture du VAR - 83-2025-12-17-00008 - Arr\u00eat\u00e9 pr\u00e9fectoral du 17 d\u00e9cembre 2025 portant modification de la composition\nnominative du conseil d\u00e9partemental de l'environnement et des risques sanitaires et technologiques 9\n\u2212 Titulaire : M. Franck CHAUVET,\nSuppl\u00e9ant : M. Patrick GUILLON,\nrepr\u00e9sentant l'association varoise pour la sauvegarde de l'agriculture, de la nature et de  \nl'environnement ;\n\u2212 Titulaire : Mme Emmanuelle MALATERRE,\nsuppl\u00e9ant : M. Jean-Paul CHAMPION,\nrepr\u00e9sentant l'association consommation logement et cadre de vie ;\n\u2212 Titulaire : M. Antoine GONZALEZ,\nSuppl\u00e9ant : M. Cyril BOLLIET,\nrepr\u00e9sentant la f\u00e9d\u00e9ration du b\u00e2timent et des travaux publics du Var ;\n\u2212 Titulaire : Mme Fr\u00e9d\u00e9rique CLAMONT, repr\u00e9sentant le service communal d'hygi\u00e8ne et  \nde sant\u00e9 de la Seyne-sur-Mer,\nSuppl\u00e9ant : M. Fr\u00e9d\u00e9ric BARCET, repr\u00e9sentant le service communal d'hygi\u00e8ne et de sant\u00e9  \nde Toulon ;\n\u2212 Titulaire : Le Lieutenant-Colonel Christian TOSI, \nSuppl\u00e9ant : Le Commandant St\u00e9phane POUGET,\nrepr\u00e9sentant le directeur d\u00e9partemental des services d'incendie et de secours du Var.\n4. Coll\u00e8ge des personnalit\u00e9s qualifi\u00e9es\n\u2212 Titulaire : M. Philippe APLINCOURT, personne qualifi\u00e9e en ressources en eau,\nSuppl\u00e9ant : M. Marc MOULIN,\nrepr\u00e9sentant le bureau de recherches g\u00e9ologiques et mini\u00e8res Provence-Alpes-C\u00f4te d'Azur ;\n\u2212 Titulaire : M. Christophe BARNABOT, \nSuppl\u00e9ant : M. Thierry PARZYS,\nrepr\u00e9sentant le laboratoire d\u00e9partemental du Var ;\n\u2212 Titulaire : Mme Vanessa VAN ROSSEM, m\u00e9decin hygi\u00e9niste de l'h\u00f4pital de Hy\u00e8res ;\n\u2212 Titulaire : M. Eric GORNISKI,\nSuppl\u00e9ant : M. Julien BONNANS,\nrepr\u00e9sentant la caisse d'assurance retraite et sant\u00e9 au travail Sud-Est. \u00bb\nLe pr\u00e9sident du Conseil r\u00e9gional Provence-Alpes-C\u00f4te d'Azur est associ\u00e9 aux travaux de cette  \ncommission pour les dossiers relatifs au traitement et au stockage des d\u00e9chets. Il est invit\u00e9  \naux s\u00e9ances et peut s'y faire repr\u00e9senter.\nLe reste sans changement.\nArticle 2     :   \nLe pr\u00e9sent arr\u00eat\u00e9 peut faire l'objet d'un recours devant le tribunal administratif de Toulon  \ndans un d\u00e9lai de deux mois \u00e0 compter du jour de sa publication.\nUn recours gracieux ou hi\u00e9rarchique est possible dans le d\u00e9lai de deux mois. Ce recours  \nadministratif prolonge de deux mois les d\u00e9lais indiqu\u00e9s ci-dessus. Dans le cas o\u00f9 un recours  \ncontentieux serait engag\u00e9 devant le tribunal administratif de Toulon, il intervient par un  \nd\u00e9p\u00f4t  de  requ\u00eate,  soit  aupr\u00e8s  de  l'accueil  de  la  juridiction,  soit  par  courrier,  soit  par \nt\u00e9l\u00e9copie ou au moyen de l'application informatique \"T\u00e9l\u00e9recours citoyen\" accessible par le  \nsite internet www.telerecours.fr\n3\nPr\u00e9fecture du Var - Boulevard du 112\u00e8me R.I. - CS 31 209 \u2013 83 070 TOULON CEDEX -\nStandard t\u00e9l\u00e9phonique : 04 94 18 83 83 \u2013 Horaires d'ouverture et modalit\u00e9s d'accueil sur le portail Internet : \nwww.var.gouv.fr\nPr\u00e9fecture du VAR - 83-2025-12-17-00008 - Arr\u00eat\u00e9 pr\u00e9fectoral du 17 d\u00e9cembre 2025 portant modification de la composition\nnominative du conseil d\u00e9partemental de l'environnement et des risques sanitaires et technologiques 10\nArticle 4     :   \nLe secr\u00e9taire g\u00e9n\u00e9ral de la pr\u00e9fecture du Var est charg\u00e9 de l'ex\u00e9cution du pr\u00e9sent arr\u00eat\u00e9, qui  \nsera publi\u00e9 au recueil des actes administratifs de la pr\u00e9fecture du Var et dont copie sera  \nadress\u00e9e aux membres du conseil d\u00e9partemental de l'environnement et des risques sanitaires  \net technologiques.\nFait \u00e0 Toulon, le 17 d\u00e9cembre 2025\nPour le pr\u00e9fet et par d\u00e9l\u00e9gation, \nle secr\u00e9taire g\u00e9n\u00e9ral\nSIGNE:Lucien GIUDICELLI\n4\nPr\u00e9fecture du Var - Boulevard du 112\u00e8me R.I. - CS 31 209 \u2013 83 070 TOULON CEDEX -\nStandard t\u00e9l\u00e9phonique : 04 94 18 83 83 \u2013 Horaires d'ouverture et modalit\u00e9s d'accueil sur le portail Internet : \nwww.var.gouv.fr\nPr\u00e9fecture du VAR - 83-2025-12-17-00008 - Arr\u00eat\u00e9 pr\u00e9fectoral du 17 d\u00e9cembre 2025 portant modification de la composition\nnominative du conseil d\u00e9partemental de l'environnement et des risques sanitaires et technologiques 11","date":"2025-12-18","first_seen_on":"2025-12-18T16:04:10+00:00","id":"cca6dadedac9070217eb9a9f75c97bad7170991beee5bbba79afd0c16dd9c65d","name":"RAA N\u00b0428 du 18 d\u00e9cembre 2025","pdf_creation_date":"2025-12-18T15:06:38+00:00","pdf_modification_date":null,"timezone":"Europe/Paris","url":"https://www.var.gouv.fr/contenu/telechargement/44048/287632/file/RAA%20N%C2%B0428%20du%2018%20d%C3%A9cembre%202025.pdf"}
