{"administration":"pref37","administration_name":"Pr\u00e9fecture d\u2019Indre-et-Loire","content":"INDRE-ET-LOIRE\nRECUEIL DES ACTES\nADMINISTRATIFS SP\u00c9CIAL\nN\u00b037-2025-12047\nPUBLI\u00c9 LE 19 D\u00c9CEMBRE 2025\nSommaire\nPr\u00e9fecture d'Indre et Loire / Service d'animation interminist\u00e9rielle des\npolitiques publiques\n37-2025-12-19-00001 - Arr\u00eat\u00e9 suppl\u00e9ance Sous Pr\u00e9fet de Loches du\n27 au 28 d\u00e9cembre 2025 (1 page) Page 3\n2\nPr\u00e9fecture d'Indre et Loire\n37-2025-12-19-00001\nArr\u00eat\u00e9 suppl\u00e9ance Sous Pr\u00e9fet de Loches du 27\nau 28 d\u00e9cembre 2025\nPr\u00e9fecture d'Indre et Loire - 37-2025-12-19-00001 - Arr\u00eat\u00e9 suppl\u00e9ance Sous Pr\u00e9fet de Loches du 27 au 28 d\u00e9cembre 2025 3\nARR\u00caT\u00c9\norganisant la suppl\u00e9ance de Monsieur le sous-pr\u00e9fet pr\u00e9fet de Loches\ndu 27 au 28 d\u00e9cembre inclus\nLe pr\u00e9fet d'Indre-et-Loire, \nChevalier de la L\u00e9gion d'honneur\nChevalier de l'ordre national du M\u00e9rite\nVu la  loi  n\u00b0  82-213  du  2  mars  1982  modifi\u00e9e  relative  aux  droits  et  libert\u00e9s  des  communes,  des \nd\u00e9partements et des r\u00e9gions\u00a0;\nVu le d\u00e9cret n\u00b0 2004-374 du 29 avril 2004 modifi\u00e9  relatif aux pouvoirs des pr\u00e9fets, \u00e0 l'organisation et \u00e0  \nl'action des services de l'\u00c9tat dans les r\u00e9gions et d\u00e9partements, notamment le I de l'article 45\u00a0; \nVu le d\u00e9cret du 6 novembre 2024 portant nomination de M. Thomas CAMPEAUX en qualit\u00e9 de pr\u00e9fet  \nd'Indre-et-Loire\u00a0;\nVu le d\u00e9cret du 10 septembre 2025  portant nomination de M. R\u00e9gis CASTRO, sous-pr\u00e9fet, en qualit\u00e9 de \ndirecteur de cabinet du pr\u00e9fet d'Indre-et-Loire\u00a0;\nVu  l'arr\u00eat\u00e9 pr\u00e9fectoral du 7 octobre 2025 portant d\u00e9l\u00e9gation de signature de M. R\u00e9gis CASTRO en  \nqualit\u00e9 de sous-pr\u00e9fet de Loches.\nConsid\u00e9rant les absences simultan\u00e9es de Monsieur le Pr\u00e9fet , de Madame la Secr\u00e9taire G\u00e9n\u00e9rale de la  \nPr\u00e9fecture d'Indre-et-Loire et de  Monsieur le Directeur de cabinet,  du samedi 27 d\u00e9cembre 2025 au  \ndimanche 28 d\u00e9cembre 2025 inclus ;\nARR\u00caTE\nArticle 1 Sans pr\u00e9judice de l'arr\u00eat\u00e9  du 7 octobre 2025  susvis\u00e9,  M.  R\u00c9GIS CASTRO,  en qualit\u00e9 de sous-\npr\u00e9fet, est charg\u00e9 d'assurer ma suppl\u00e9ance  du  samedi 27 d\u00e9cembre 2025 au dimanche 28  \nd\u00e9cembre  2025 inclus \nArticle 2 Mme la Secr\u00e9taire g\u00e9n\u00e9rale de la pr\u00e9fecture d'Indre-et-Loire et M. le Directeur de cabinet sont \ncharg\u00e9s, chacun en ce qui le concerne, de l'ex\u00e9cution du pr\u00e9sent arr\u00eat\u00e9 qui sera publi\u00e9 au  \nrecueil des actes administratifs de la pr\u00e9fecture.\nFait \u00e0 Tours, le 19 d\u00e9cembre 2025\nSign\u00e9\nThomas CAMPEAUX\n15, rue Bernard Palissy\n37925 Tours Cedex 9\nT\u00e9l.\u00a0: 02 47 64 37 37\nM\u00e9l\u00a0: prefecture@indre-et-loire.gouv.fr\nwww.indre-et-loire.gouv.fr 1/1\nPr\u00e9fecture d'Indre et Loire - 37-2025-12-19-00001 - Arr\u00eat\u00e9 suppl\u00e9ance Sous Pr\u00e9fet de Loches du 27 au 28 d\u00e9cembre 2025 4","date":"2025-12-19","first_seen_on":"2025-12-19T15:23:47+00:00","id":"ccb4cde3fa14a698ae732da58ed6448bfdf18f1c772e5efd2a2f3d06ea71232c","name":"2025-12-19  RAA sp\u00e9cial Arr\u00eat\u00e9 suppl\u00e9ance Sous Pr\u00e9fet de Loches du 27 au 28 d\u00e9cembre 2025","pdf_creation_date":"2025-12-19T13:44:44+00:00","pdf_modification_date":null,"timezone":"Europe/Paris","url":"https://www.indre-et-loire.gouv.fr/contenu/telechargement/48480/366481/file/2025-12-19%20%20RAA%20sp%C3%A9cial%20Arr%C3%AAt%C3%A9%20suppl%C3%A9ance%20Sous%20Pr%C3%A9fet%20de%20Loches%20du%2027%20au%2028%20d%C3%A9cembre%202025.pdf"}
