{"administration":"pref50","administration_name":"Pr\u00e9fecture de la Manche","content":"RECUEIL DES ACTES\nADMINISTRATIFS\nDE LA MANCHE\nDOCUMENTATION\nET\nINFORMATIONS\nJUIN 2023\nLe contenu int\u00e9gral des textes et/ou les documents et plans annex\u00e9s\npeut \u00eatre consult\u00e9 aupr\u00e8s du service sous le timbre duquel la publication\nest r\u00e9alis\u00e9e et sur le site Internet de la pr\u00e9fecture :\nhttp://www.manche.gouv.fr\nRubrique : Publications - Annonces et avis - Recueil des actes administratifs\n\nS O M M A I R E\nCABINET DU PREFET...............................................................................................................................................................................................2\nArr\u00eat\u00e9 du 29 mai 2023 portant attribution de la m\u00e9daille d'honneur des sapeurs-pompiers - Promotion du 14 juillet 2023..................................2\nArr\u00eat\u00e9 n\u00b0 23-164 du 31 mai 2023 portant nomination d'un Maire honoraire (VIRANDEVILLE).............................................................................4\nArr\u00eat\u00e9 du 19 juin 2023 portant agr\u00e9ment d'un \u00e9tablissement d'enseignement de la conduite des v\u00e9hicules \u00e0 moteur et de la s\u00e9curit\u00e9 \nrouti\u00e8re - AUTO \u00c9COLE CESR PRO (EQUEURDREVILLE - CHERBOURG-EN-COTENTIN).................................................................................4\nArr\u00eat\u00e9 n\u00b023-184 du 19 juin 2023 accordant la M\u00e9daille de bronze pour Acte de Courage et de D\u00e9vouement......................................................4\nArr\u00eat\u00e9 n\u00b023-194 du 27 juin 2023 accordant la M\u00e9daille d'argent de 2e classe pour Acte de Courage et de D\u00e9vouement................................... 4\nArr\u00eat\u00e9 n\u00b023-195 du 27 juin 2023 accordant la M\u00e9daille de bronzee pour Acte de Courage et de D\u00e9vouement....................................................4\nSOUS-PREFECTURE D'AVRANCHES.....................................................................................................................................................................4\nArr\u00eat\u00e9 n\u00b0 2023-91 du 26 juin 2023 portant cr\u00e9ation d'une commission d'\u00e9valuation des risques de la travers\u00e9e de la Baie du Mont-\nSaint-Michel.................................................................................................................................................................................................................4\nSOUS-PREFECTURE DE CHERBOURG..................................................................................................................................................................5\nArr\u00eat\u00e9 SF/ n\u00b023 -572 du 9 juin 2023 portant habilitation dans le domaine fun\u00e9raire - MAISON PLESSIS-LETELLIER (VILLEDIEU-LES-\nPO\u00caLES-ROUFFIGNY)...............................................................................................................................................................................................5\nSOUS-PREFECTURE DE COUTANCES...................................................................................................................................................................6\nArr\u00eat\u00e9 du 19 juin 2023 portant nomination des membres de la commission de contr\u00f4le charg\u00e9e de la r\u00e9gularit\u00e9 des listes \u00e9lectorales \ndans la commune de MONTCUIT (communes de moins de 1 000 habitants et assimil\u00e9es).....................................................................................6\nArr\u00eat\u00e9 du 19 juin 2023 portant nomination des membres de la commission de contr\u00f4le charg\u00e9e de la r\u00e9gularit\u00e9 des listes \u00e9lectorales \ndans la commune de LA FEUILLIE (communes de moins de 1 000 habitants et assimil\u00e9es)...................................................................................6\nSERVICE DE LA COORDINATION DES POLITIQUES PUBLIQUES ET DE L'APPUI TERRITORIAL................................................................. 6\nCommission d\u00e9partementale d'am\u00e9nagement commercial du mardi 13 juin 2023................................................................................................6\nArr\u00eat\u00e9 n\u00b0 23-096 du 19 juin 2023 portant autorisation de p\u00e9n\u00e9trer dans les propri\u00e9t\u00e9s priv\u00e9es et publiques situ\u00e9es sur le territoire des \ncommunes de Granville, Saint-Pair-Sur-Mer, Jullouville, Carolles, Champeaux, Saint-Jean-Le-Thomas, Dragey-Ronthon, Gen\u00eats, Vains \net Marcey-Les-Gr\u00e8ves pour r\u00e9aliser des lev\u00e9s topographiques, des inventaires et des investigations de terrain dans le cadre de l'\u00e9tude du\nr\u00e9seau cyclable d'int\u00e9r\u00eat d\u00e9partemental (rcid) entre Avranches et Granville.............................................................................................................6\nAGENCE REGIONALE DE SANTE DE NORMANDIE..............................................................................................................................................7\nArr\u00eat\u00e9 du 8 juin 2023 portant d\u00e9signation des personnels et des professionnels volontaires pour intervenir au sein des cellules \nd\u00e9partementales d'urgence m\u00e9dico-psychologique en r\u00e9gion Normandie.................................................................................................................7\nArr\u00eat\u00e9 du 13 juin 2023 modifiant l'arr\u00eat\u00e9 du 19 septembre 2022 fixant la liste des postes \u00e9ligibles \u00e0 la prime d'engagement de carri\u00e8re \nhospitali\u00e8re pour des sp\u00e9cialit\u00e9s dans lesquelles l'offre de soins est ou risque d'\u00eatre insuffisante.........................................................................12\nDIRECTION DEPARTEMENTALE DE L'EMPLOI, DES SOLIDARIT\u00c9S ET DU TRAVAIL...................................................................................16\nArr\u00eat\u00e9 pr\u00e9fectoral du 8 juin 2023 autorisant l'extension d'un Centre Provisoire d'H\u00e9bergement (CPH) g\u00e9r\u00e9 par l'Association France \nTerre d'Asile pour une capacit\u00e9 suppl\u00e9mentaire de 15 places \u00e0 Saint-L\u00f4................................................................................................................16\nArr\u00eat\u00e9 d'autorisation du 20 juin 2023 d'extension du Centre d'H\u00e9bergement et de R\u00e9insertion Sociale (CHRS) \u00ab Louise Michel \u00bb g\u00e9r\u00e9 \npar l'Association \u00ab Femmes \u00bb pour une capacit\u00e9 suppl\u00e9mentaire de deux places d'urgence d\u00e9di\u00e9es aux femmes victimes de violence.............17\nDIRECTION DEPARTEMENTALE DE LA PROTECTION DES POPULATIONS...................................................................................................17\nArr\u00eat\u00e9 pr\u00e9fectoral n\u00b0DDPP/2023-249 du 31 mai 2023 attribuant l'habilitation sanitaire \u00e0 Madame M\u00e9lin\u00e9e BR\u00c9GAND.................................... 17\nDIRECTION DEPARTEMENTALE DES TERRITOIRES ET DE LA MER...............................................................................................................17\nArr\u00eat\u00e9 pr\u00e9fectoral du 23 avril 2023 de prescriptions n\u00b0 2023-DDTM-SE-0053 au titre de l'article l 214-3 du code de l'environnement \nconcernant l'exp\u00e9rimentation de pompage visant a d\u00e9finir les besoins en eau du marais de Saint-Fromond, alimente par le canal Vire \u2013 \nTaute \u2013 Commune de Saint-Fromond.......................................................................................................................................................................17\nArr\u00eat\u00e9 n\u00b0 2023-DDTM-SE-0079 du 6 juin 2023 portant d\u00e9claration d'int\u00e9r\u00eat g\u00e9n\u00e9ral au titre de l'article l.211-7 du code de \nl'environnement de travaux issus du programme de restauration des cours d'eau du bassin versant du Beaucoudray, du Precorbin / du \nTorigny et de la Vire moyenne...................................................................................................................................................................................20\nArr\u00eat\u00e9 pr\u00e9fectoral de prescriptions n\u00b0 2023-DDTM-SE-0076 du 12 juin 2023 au titre de l'article l 214-3 du code de l'environnement \nconcernant la r\u00e9fection de l'aqueduc de Courcy 50200............................................................................................................................................21\nArr\u00eat\u00e9 n\u00b0 DDTM - SH-2023-023 du 22 juin 2023 portant r\u00e9siliation unilat\u00e9rale de la convention APL num\u00e9ro 50/3/03.2003/80-129/1015 \nannulant et modifiant l'arr\u00eat\u00e9 n\u00b0 2023-001................................................................................................................................................................22\nDIVERS......................................................................................................................................................................................................................22\nDDFIP - DIRECTION D\u00c9PARTEMENTALE DES FINANCES PUBLIQUES..............................................................................................................................22\nArr\u00eat\u00e9 du 9 juin 2023 relatif au r\u00e9gime de fermeture exceptionnelle au public du Centre des finances publiques de Carentan.........................22\nDRAC - DIRECTION R\u00c9GIONALE DES AFFAIRES CULTURELLES.....................................................................................................................................23\nArr\u00eat\u00e9 n\u00b0 28-2023-328 du 23 juin 2023 portant d\u00e9limitation de zonage arch\u00e9ologique sur la commune de VALOGNES (MANCHE) et \nmodifiant l'arr\u00eat\u00e9 Z-2007-02 du 17 septembre 2007.................................................................................................................................................23\nDREAL - DIRECTION R\u00c9GIONALE DE L'ENVIRONNEMENT, DE L'AM\u00c9NAGEMENT ET DU LOGEMENT..................................................................................29\nArr\u00eat\u00e9 n\u00b0 SRN/UAPP/2023-00428-011-001 du 23 juin 2023 autorisant l'enl\u00e8vement et la destruction d'animaux vivants de l'esp\u00e8ce \nBythinelle des moulins (Bythinella viridis), par le Groupe d'\u00e9tude des Invert\u00e9br\u00e9s armoricains (GRETIA), pour la r\u00e9gion Normandie.................. 29\nDSDEN - DIRECTION DES SERVICES D\u00c9PARTEMENTAUX DE L'EDUCATION NATIONALE DE LA MANCHE..........................................................................30\nArr\u00eat\u00e9 n\u00b0 SUSPENSION-SADOT/2023 du  12 juin 2023 portant suspension d'exercer quelque fonction que ce soit aupr\u00e8s de mineurs \naccueillis dans le cadre de l'article L.227-4 et suivants du code de l'action sociale et des familles........................................................................30\n\uf0bf\nCABINET DU PREFET\nArr\u00eat\u00e9 du 29 mai 2023 portant attribution de la m\u00e9daille d'honneur des sapeurs-pompiers - Promotion du 14 juillet 2023\nArt. 1 : La m\u00e9daille d'honneur est d\u00e9cern\u00e9e \u00e0 chacun des sapeurs-pompiers dont les noms suivent, en r\u00e9compense du d\u00e9vouement \nconstamment manifest\u00e9 :\n- BRONZE\nBURNEL Florence, Infirmi\u00e8re Volontaire au centre d'incendie et de secours de Saint-L\u00f4\nBURNER Nathana\u00ebl, Sergent Volontaire au centre d'incendie et de secours de Cherbourg\nCHIVET Yohann, Sergent Volontaire au centre d'incendie et de secours d'Avranches\nCOSNEFROY Julien, Sergent-chef Volontaire au centre d'incendie et de secours de Valognes\nDARTHENAY Justine, Sergente Volontaire au centre d'incendie et de secours de Sourdeval\nDECATHEAUGRUE Sylvie, Caporale-cheffe Volontaire au centre d'incendie et de secours de P\u00e9riers/Saint-Sauveur-Lendelin\nDIGNE Antoine, Sergent Volontaire au centre d'incendie et de secours de Carentan\nDOUCHIN Pauline Caporale-cheffe Volontaire au centre d'incendie et de secours de Canisy\nDUQUESNEY Th\u00e9o, Sergent-chef Volontaire au centre d'incendie et de secours de Saint-L\u00f4\nFILLERE Thomas, Sergent Volontaire au centre d'incendie et de secours de Tourlaville\nFLEURY Corentin, Sapeur 1\u00e8re classe Volontaire au centre d'incendie et de secours d'Agon\nGAUTHIER Franck, Caporal-chef Volontaire au centre d'incendie et de secours de Saint-James\nGIGOU Bastien, Caporal Professionnel au centre d'incendie et de secours\nHEDOU Anthony, Adjudant Volontaire au centre d'incendie et de secours de Sourdeval\nLAFOSSE Clovis, Sergent Volontaire au centre d'incendie et de secours de Torigny\nLAISNEY Fabien, Sergent Volontaire au centre d'incendie et de secours de Bricquebec\nLE METAYER Florian, Sergent Volontaire au centre d'incendie et de secours de Pontorson/Le Mont\nLE TOUZE J\u00e9r\u00e9my, Caporal-chef Volontaire au centre d'incendie et de secours de Canisy\nLEBOIDRE Alexandre, Sergent Volontaire au centre d'incendie et de secours de Valognes\nLEBOUTEILLER Pierre, Caporal Professionnel au centre d'incendie et de secours de Cherbourg\nLEMARIE Logan, Sergent Volontaire au centre d'incendie et de secours de Saint-Sauveur-le-Vicomte\nLEPAGE S\u00e9bastien, Sergent Volontaire au centre d'incendie et de secours de La Haye\nLEVEZIEL Thomas, Sergent Volontaire au centre d'incendie et de secours de Montebourg\nPATFOORT David, Caporal-chef Volontaire au centre d'incendie et de secours de Le Teilleul\nPIGAULT Valentin, Caporal-chef Volontaire au centre d'incendie et de secours de Valognes\nQUILBEUF-BOUSQUET Micka\u00ebl, Sergent Volontaire au centre d'incendie et de secours de Quettreville\nTEILLET Yohan, Sapeur 1\u00e8re classe Volontaire au centre d'incendie et de secours de Br\u00e9hal/C\u00e9rences\nTERRASSE Mathieu, Sergent-chef Volontaire au centre d'incendie et de secours de Tourlaville\nTHOMANN Julien, Caporal-chef Volontaire au centre d'incendie et de secours de Valognes\nTOHIER Maxime, Caporal Professionnel au centre d'incendie et de secours de Valognes\nTOSTAIN Denis, Caporal-chef Volontaire au centre d'incendie et de secours de Marigny\nVIGOT Rapha\u00ebl, M\u00e9decin de classe normale Professionnel \u00e0 l'\u00c9tat-Major\n- ARGENT\nBERTIN Olivier, Adjudant Volontaire au centre d'incendie et de secours de P\u00e9riers/Saint-Sauveur-Lendelin\nBLANCHET C\u00e9dric, Adjudant Volontaire au centre d'incendie et de secours de Percy\nCAMBERNON Eric, Sergent-chef Volontaire au centre d'incendie et de secours de Cerisy\nCATHERINE Paul, Adjudant Volontaire au centre d'incendie et de secours de Picauville\nCUQUEMELLE Lo\u00efc, Adjudant-chef Volontaire au centre d'incendie et de secours de Valognes\nDEUDON Marc, Infirmier principal Volontaire au centre d'incendie et de secours de Juvigny\nDUMAS S\u00e9bastien, Caporal Professionnel au centre d'incendie et de secours de Coutances\nFLACHAT Guillaume, Sergent-chef Professionnel au centre d'incendie et de secours de Villedieu\nHAMEL Damien, Adjudant-chef Volontaire au centre d'incendie et de secours de Bricquebec\nHEOT S\u00e9bastien, Adjudant-chef Volontaire au centre d'incendie et de secours de Br\u00e9hal/C\u00e9rences\nHERBERT Bruno, Adjudant-chef Volontaire au centre d'incendie et de secours de Gavray/Hambye\nHUE Sophie, Caporale-cheffe Volontaire au centre d'incendie et de secours de Saint Jean\nLAINE Samuel, Adjudant-chef Volontaire au centre d'incendie et de secours de Cherbourg\nLEGRAVEREND William, Adjudant-chef Volontaire au centre d'incendie et de secours de Canisy\nLELERRE Xavier, Adjudant-chef Volontaire au centre d'incendie et de secours de Saint-James\nMARQUANT Geoffrey, Sergent Volontaire au centre d'incendie et de secours de Gavray/Hambye\nMAYEUR Jean-Fran\u00e7ois, Adjudant-chef Professionnel au centre d'incendie et de secours de Les Pieux\nMENNIER Pascal, Sergent-chef Volontaire au centre d'incendie et de secours de Saint-Hilaire\nNICOL Anthony, Capitaine Professionnel au centre d'incendie et de secours de Tourlaville\nSAINT-LO Emmanuelle, Infirmi\u00e8re principale Volontaire au centre d'incendie et de secours de Lessay/Pirou\nSOLTY St\u00e9phane, M\u00e9decin commandant Volontaire au centre d'incendie et de secours de Br\u00e9cey/Saint Pois\nSPITZA Tony, Sapeur 1\u00e8re classe Volontaire au centre d'incendie et de secours de Sourdeval\n- OR\nADRIEN Lionel, Infirmier hors classe Professionnel au centre d'incendie et de secours de Valognes\nBECMONT Ludovic, Adjudant-chef Volontaire au centre d'incendie et de secours de Tourlaville\nBIHEL Fabrice, Adjudant-chef Professionnel au centre d'incendie et de secours de Coutances\nBIMONT Micha\u00ebl, Lieutenant Volontaire au centre d'incendie et de secours de Villedieu\nBOURA St\u00e9phane, Adjudant-chef Volontaire au centre d'incendie et de secours de Saint-Clair\nCOQUELIN Christophe, Lieutenant Volontaire au centre d'incendie et de secours de Villedieu\nGAHERY Vincent, Adjudant-chef Professionnel au centre d'incendie et de secours de Granville\nGASTEBOIS Didier, Sergent-chef Volontaire au centre d'incendie et de secours de Juvigny\nGAUTIER Christophe, Adjudant-chef Volontaire au centre d'incendie et de secours de Pontorson/Le Mont\nLE BIZEC Laurent, Sergent-chef Professionnel au CTA-CODIS\nMARCHAND Yannick, Adjudant-chef Volontaire au centre d'incendie et de secours de Ducey\nMOCQUET Vincent, Lieutenant Volontaire au centre d'incendie et de secours de Montebourg\nROBINE St\u00e9phane, Caporal-chef Volontaire au centre d'incendie et de secours de Saint-Pierre\nROGER J\u00e9r\u00f4me, Adjudant-chef Volontaire au centre d'incendie et de secours de Pontorson/Le Mont\nROMUALD Cyril, Adjudant-chef Professionnel au centre d'incendie et de secours d'Avranches\nTOUTAIN Cyril, Adjudant-chef Professionnel au centre d'incendie et de secours de Saint-L\u00f4\nVALOGNES Michel-Yves, Adjudant-chef Volontaire au centre d'incendie et de secours de Sainte-M\u00e8re\nVIMOND Nadine, Adjudante-cheffe Volontaire au centre d'incendie et de secours de Torigny\n-GRAND'OR\nDUHE Fabrice, Commandant Professionnel au Centre de Formation\nFAUCHON Patrick, Commandant Volontaire au centre d'incendie et de secours de Villedieu\nFORTIN Patrick, Capitaine Volontaire au centre d'incendie et de secours de Torigny\nHAMEL Alain, Caporal-chef Volontaire au centre d'incendie et de secours de Bricquebec\nMESNAGE Denis, Adjudant-chef Volontaire au centre d'incendie et de secours de Saint-Sauveur-le-Vicomte\nMOREL Francis, Caporal-chef Volontaire au centre d'incendie et de secours de Saint-Vaast\nPOULLAIN Dominique, Sergent-chef Volontaire au centre d'incendie et de secours de Le Teilleul\nSign\u00e9 : Le Pr\u00e9fet : Fr\u00e9d\u00e9ric PERISSAT\n\uf0bf\nArr\u00eat\u00e9 n\u00b0 23-164 du 31 mai 2023 portant nomination d'un Maire honoraire (VIRANDEVILLE)\nArt.1 :  Monsieur Yves HENRY, ancien Maire, est nomm\u00e9 Maire honoraire de la commune de VIRANDEVILLE.\nSign\u00e9 : Le Pr\u00e9fet : Fr\u00e9d\u00e9ric PERISSAT\n\uf0bf\nArr\u00eat\u00e9 du 19 juin 2023 portant agr\u00e9ment d'un \u00e9tablissement d'enseignement de la conduite des v\u00e9hicules \u00e0 moteur et de la s\u00e9curit\u00e9\nrouti\u00e8re - AUTO \u00c9COLE CESR PRO (EQUEURDREVILLE - CHERBOURG-EN-COTENTIN)\nArt.1 : Madame LOUIS Val\u00e9rie est autoris\u00e9e \u00e0 exploiter, sous le n\u00b0 E 23 050 0003 0 , un \u00e9tablissement d'enseignement, \u00e0 titre on\u00e9reux, de la\nconduite des v\u00e9hicules \u00e0 moteur et de la s\u00e9curit\u00e9 routi\u00e8re, d\u00e9nomm\u00e9 AUTO \u00c9COLE CESR PRO Impasse Vauban \u2013 Equeurdreville 50120\nCHERBOURG-EN-COTENTIN.\nArt.2 :Cet agr\u00e9ment est d\u00e9livr\u00e9 pour une dur\u00e9e de cinq ans \u00e0 compter de la date du pr\u00e9sent arr\u00eat\u00e9.\nSur demande  de l'exploitant  pr\u00e9sent\u00e9e  deux  mois avant  la date  d'expiration  de la validit\u00e9 de son agr\u00e9ment,  celui-ci sera renouvel\u00e9 si\nl'\u00e9tablissement remplit toutes les conditions requises.\nArt.3 :  L'\u00e9tablissement  est  habilit\u00e9,  au  vu des  autorisations  d'enseigner  fournies,  \u00e0 dispenser  les  formations  aux  cat\u00e9gories  de  permis\nsuivantes : \nAAC \u2013 B \u2013 BE \u2013 C \u2013 CE \u2013 D.\nArt.4 : Le pr\u00e9sent agr\u00e9ment n'est valable que pour l'exploitation d'un \u00e9tablissement,  \u00e0 titre personnel par son titulaire,  sous r\u00e9serve de\nl'application des prescriptions de l'arr\u00eat\u00e9 minist\u00e9riel du 8 janvier 2001 susvis\u00e9.\nArt.5 : Pour tout changement d'adresse du local d'activit\u00e9 ou toute reprise de ce local par un autre exploitant, une nouvelle demande d'agr\u00e9ment\nd'exploiter devra \u00eatre pr\u00e9sent\u00e9e deux mois avant la date du changement ou de la reprise.\nArt.6 :Pour  toute  transformation  du  local  d'activit\u00e9,  tout  changement  de  directeur  p\u00e9dagogique,  tout  abandon  ou  toute  extension  d'une\nformation, l'exploitant est tenu d'adresser une demande de modification du pr\u00e9sent arr\u00eat\u00e9 .\nArt.7 : Le nombre de personnes susceptibles d'\u00eatre admis simultan\u00e9ment dans l'\u00e9tablissement, y compris l'enseignant, est fix\u00e9 \u00e0 19 personnes.\nArt.8 : L'agr\u00e9ment peut \u00eatre \u00e0 tout moment suspendu ou retir\u00e9 selon les conditions fix\u00e9es par les articles 12 \u00e0 14 de l'arr\u00eat\u00e9 minist\u00e9riel du 8\njanvier 2001 susvis\u00e9.\nArt.9 : Le pr\u00e9sent agr\u00e9ment et toute d\u00e9cision affectant sa validit\u00e9 seront enregistr\u00e9s dans le registre national de l'enseignement de la conduite\ndes v\u00e9hicules \u00e0 moteur et de la s\u00e9curit\u00e9 routi\u00e8re cr\u00e9e par l'arr\u00eat\u00e9 du 8 janvier 2001 pr\u00e9cit\u00e9.\nConform\u00e9ment  \u00e0  la  loi  n\u00b0  78-17  du  6  janvier  1978  relative  \u00e0  l'informatique,  aux  fichiers  et  aux  libert\u00e9s,  toute  personne  peut  obtenir\ncommunication et, le cas \u00e9ch\u00e9ant, rectification ou suppression des informations la concernant, en s'adressant au service de la pr\u00e9fecture de la\nManche.\nArt.1 : Le Directeur de Cabinet de la Pr\u00e9fecture est charg\u00e9 de l'ex\u00e9cution du pr\u00e9sent arr\u00eat\u00e9 dont mention sera ins\u00e9r\u00e9e au recueil des actes\nadministratifs.\nSign\u00e9 : Pour le Pr\u00e9fet et par d\u00e9l\u00e9gation, le Directeur de Cabinet : Fran\u00e7ois FLAHAUT.\n\uf0bf\nArr\u00eat\u00e9 n\u00b023-184 du 19 juin 2023 accordant la M\u00e9daille de bronze pour Acte de Courage et de D\u00e9vouement\nArt.1 : La m\u00e9daille de bronze pour Acte de Courage et de D\u00e9vouement est d\u00e9cern\u00e9e \u00e0 :\n- Pierre MAUGER, Adjudant-chef au CIS BRICQUEBEC\n- Prima\u00ebl LELAIDIER, Sergent au CIS BRICQUEBEC\n- Ludovic LELIEPAULT, Caporal-chef au CIS BRICQUEBEC\nSign\u00e9 : Pour le Pr\u00e9fet et par d\u00e9l\u00e9gation, la Secr\u00e9taire g\u00e9n\u00e9rale : Perrine SERRE\n\uf0bf\nArr\u00eat\u00e9 n\u00b023-194 du 27 juin 2023 accordant la M\u00e9daille d'argent de 2e classe pour Acte de Courage et de D\u00e9vouement\nArt.1 : La m\u00e9daille d'argent de 2e classe pour Acte de Courage et de D\u00e9vouement est d\u00e9cern\u00e9e \u00e0  : Christopher SEKOVANIC, Gardien de la\nPaix au CSP de SAINT-L\u00d4\nSign\u00e9 : Le Pr\u00e9fet : Fr\u00e9d\u00e9ric PERISSAT\n\uf0bf\nArr\u00eat\u00e9 n\u00b023-195 du 27 juin 2023 accordant la M\u00e9daille de bronzee pour Acte de Courage et de D\u00e9vouement\nArt.1 : La m\u00e9daille de bronze pour Acte de Courage et de D\u00e9vouement est d\u00e9cern\u00e9e aux policiers en fonction au CSP de SAINT-L\u00d4 dont les\nnoms suivent :\n- Romuald BROQUET, Gardien de la Paix\n- Kevin LE BUZULLIER, Brigadier de Police\n- Michael QUOTUREL, Brigadier de Police\nSign\u00e9 : Le Pr\u00e9fet : Fr\u00e9d\u00e9ric PERISSAT\n\uf0bf\nSOUS-PREFECTURE D'AVRANCHES\nArr\u00eat\u00e9 n\u00b0 2023-91 du 26 juin 2023 portant cr\u00e9ation d'une commission d'\u00e9valuation des risques de la travers\u00e9e de la Baie du Mont-\nSaint-Michel\nConsid\u00e9rant que la Baie du Mont-Saint-Michel, qui conna\u00eet une fr\u00e9quentation touristique sans cesse grandissante et qui est affect\u00e9e par les\nop\u00e9rations  de  r\u00e9tablissement  du  caract\u00e8re  maritime  du  Mont-Saint-Michel,  constitue  une  zone  \u00e0  risques,  d\u00e9pourvue  de  r\u00e9glementation\nsp\u00e9cifique ; \nConsid\u00e9rant que des connaissances  pratiques du milieu \u00e0 risques de la Baie du Mont-Saint-Michel sont indispensables  \u00e0 la s\u00fbret\u00e9 des\ntravers\u00e9es accompagn\u00e9es de guides de la Baie du Mont-Saint-Michel ;\nConsid\u00e9rant  que l'Office Fran\u00e7ais de la Biodiversit\u00e9 est de nature \u00e0 apporter tout \u00e9l\u00e9ment de contexte, aidant \u00e0 la prise de d\u00e9cision de la\ncommission d'\u00e9valuation des risques de la travers\u00e9e de la Baie du Mont-Saint-Michel ;\nArt.1 : Il est cr\u00e9\u00e9 une commission d'\u00e9valuation des risques de la travers\u00e9e de la Baie du Mont-Saint-Michel.\nArt.2 :Cette commission a pour mission :\n1) de produire un document de r\u00e9f\u00e9rence des risques physiques que peut pr\u00e9senter la travers\u00e9e de la Baie du Mont-Saint-Michel ;\n2) d'\u00e9tablir, sur la base de ce document, la liste des comp\u00e9tences n\u00e9cessaires pour exercer l'activit\u00e9 de guide et s'en pr\u00e9valoir, dans l'int\u00e9r\u00eat de\nla s\u00e9curit\u00e9 publique ;\n3) de d\u00e9livrer une attestation aux guides r\u00e9pondant aux comp\u00e9tences n\u00e9cessaires.\nArt.3 :L'attestation de comp\u00e9tences est d\u00e9livr\u00e9e sur avis conforme d'une sous-commission technique dont la composition sera fix\u00e9e par arr\u00eat\u00e9\npr\u00e9fectoral et selon les modalit\u00e9s d\u00e9finies par arr\u00eat\u00e9 pr\u00e9fectoral.\nArt. 4: La commission d'\u00e9valuation des risques est compos\u00e9e comme suit :\nPr\u00e9sident :\n- Le Pr\u00e9fet ou son repr\u00e9sentant\nRepr\u00e9sentants des collectivit\u00e9s territoriales et \u00e9tablissements publics concern\u00e9s avec voix d\u00e9lib\u00e9rative :\n-Le Pr\u00e9sident du Conseil d\u00e9partemental ou son repr\u00e9sentant\n-Le Pr\u00e9sident de la Communaut\u00e9 d'agglom\u00e9ration Mont-Saint-Michel Normandie ou son repr\u00e9sentant\n-Le Directeur de l'Etablissement public national du Mont-Saint-Michel ou son repr\u00e9sentant\n-Le Maire de Courtils ou son repr\u00e9sentant\n-Le Maire de Gen\u00eats ou son repr\u00e9sentant\n-Le Maire du Mont-Saint-Michel ou son repr\u00e9sentant\n-Le Maire de Vains ou son repr\u00e9sentant\n-Le Pr\u00e9sident d'Attitude Manche ou son repr\u00e9sentant\nServices publics concern\u00e9s avec voix d\u00e9lib\u00e9rative :\n-Le Pr\u00e9fet maritime de la Manche et de la Mer du Nord ou son repr\u00e9sentant\n-Le Directeur r\u00e9gional de l'environnement, de l'am\u00e9nagement et du logement ou son repr\u00e9sentant\n-Le Directeur d\u00e9partemental des territoires et de la mer - d\u00e9l\u00e9gation territoriale Sud ou son repr\u00e9sentant\n-Le Directeur d\u00e9partemental des territoires et de la mer - d\u00e9l\u00e9gation \u00e0 la mer et au littoral ou son repr\u00e9sentant\n-Le Directeur du service d\u00e9partemental d'incendie et de secours ou son repr\u00e9sentant\n-Le Commandant du groupement de gendarmerie de la Manche ou son repr\u00e9sentant\n-Le Chef du service interminist\u00e9riel de d\u00e9fense et de protection civiles ou son repr\u00e9sentant\n-Le Directeur du Conservatoire du littoral ou son repr\u00e9sentant\n-Le Directeur de l'Office fran\u00e7ais de la biodiversit\u00e9 -service d\u00e9partemental de la Manche- ou son repr\u00e9sentant\nRepr\u00e9sentants des guides attest\u00e9s de la Baie du Mont-Saint-Michel avec voix consultative :\n- Le pr\u00e9sident du syndicat des guides de la Baie du Mont-Saint-Michel ou son repr\u00e9sentant\n- Le pr\u00e9sident de l'association des guides de la Baie du Mont-Saint-Michel ou son repr\u00e9sentant\nExperts avec voix consultative :\n- Les six experts constituant la sous-commission technique pr\u00e9vue \u00e0 l'article 3 du pr\u00e9sent arr\u00eat\u00e9 et repr\u00e9sentant les organismes et services\npublics suivants :\n- Sous-pr\u00e9fecture d'Avranches\n- Service d\u00e9partemental d'incendie et de secours\n- Groupement de gendarmerie de la Manche\n- Direction d\u00e9partementale des territoires et de la mer\n- Office fran\u00e7ais de la biodiversit\u00e9\n- Soci\u00e9t\u00e9 nationale de sauvetage en mer\nIls seront d\u00e9sign\u00e9s par arr\u00eat\u00e9 pr\u00e9fectoral.\nArt.5 :La commission se r\u00e9unit sur convocation de son pr\u00e9sident qui fixe l'ordre du jour et peut entendre, en tant que de besoin, toute personne\next\u00e9rieure dont l'audition est de nature \u00e0 \u00e9clairer les d\u00e9lib\u00e9rations et avis. Les personnes ainsi entendues ne participent pas au vote \u00e9ventuel.\nArt.6 : En cas de difficult\u00e9 de repr\u00e9sentation, un membre de la commission peut donner mandat \u00e0 un autre membre. Nul ne peut d\u00e9tenir plus\nd'un mandat.\nArt.7 : Le quorum est atteint lorsque la moiti\u00e9 au moins des membres composant la commission sont pr\u00e9sents, en comptabilisant les mandats.\nLorsque le quorum n'est pas atteint, la commission d\u00e9lib\u00e8re valablement, sans condition de quorum, apr\u00e8s une nouvelle convocation portant sur\nle m\u00eame ordre du jour, et sp\u00e9cifiant qu'aucun quorum ne sera exig\u00e9.\nArt.8 : En cas de vote, apr\u00e8s constat d'une \u00e9galit\u00e9 des voix des repr\u00e9sentants ayant voix d\u00e9lib\u00e9ratives, le pr\u00e9sident a voix pr\u00e9pond\u00e9rante.\nArt.9 : L'arr\u00eat\u00e9 pr\u00e9fectoral n\u00b0 15-51 en date du 25 mars 2015 est abrog\u00e9.\nSign\u00e9 : Le Pr\u00e9fet : Fr\u00e9d\u00e9ric PERISSAT\n\uf0bf\nSOUS-PREFECTURE DE CHERBOURG\nArr\u00eat\u00e9 SF/ n\u00b023 -572 du 9 juin 2023 portant habilitation dans le domaine fun\u00e9raire - MAISON PLESSIS-LETELLIER (VILLEDIEU-LES-\nPO\u00caLES-ROUFFIGNY)\nArt. 1 : \nParagraphe 1 :\nL'\u00e9tablissement principal de la SARL GD PLESSIS exer\u00e7ant sous l'appellation commerciale \u00ab  MAISON PLESSIS-LETELLIER \u00bb, situ\u00e9 48 route\nde Caen \u00e0 Villedieu-Les-Po\u00eales, commune d\u00e9l\u00e9gu\u00e9e de Villedieu-les-Po\u00eales-Rouffigny (50800), et dont le si\u00e8ge social est situ\u00e9 \u00e0 Saint-L\u00f4\n(50000),  Place Sainte-Croix, exploit\u00e9 par Monsieur  Guillaume PLESSIS,  repr\u00e9sentant  l\u00e9gal,  est habilit\u00e9 afin d'exercer sur l'ensemble du\nterritoire les activit\u00e9s fun\u00e9raires suivantes :\n- Transport de corps avant mise en bi\u00e8re,\n- Transport de corps apr\u00e8s mise en bi\u00e8re,\n- Fourniture de corbillards, sous r\u00e9serve des dispositions particuli\u00e8res applicables aux v\u00e9hicules participant aux convois fun\u00e9raire \n- Organisation des obs\u00e8ques,\n- Soins de conservation, \n- Fourniture de housses, de cercueils et de leurs accessoires int\u00e9rieurs et ext\u00e9rieurs ainsi que des urnes cin\u00e9raires,\n- Fourniture de personnel, d'objets et prestations n\u00e9cessaires aux obs\u00e8ques et  cr\u00e9mations, \n- Inhumations et exhumations en sous-traitance avec l'\u00e9tablissement principal  de  Pompes  Fun\u00e8bres  de  la  SARL  MAISON  RIOULT-\nLETELLIER, situ\u00e9 \u00e0 Coulouvray-Boisben\u00e2tre (50670) (habilitation 21-50-0005)\nParagraphe 2 :\nLe m\u00eame \u00e9tablissement est habilit\u00e9 pour l'activit\u00e9 fun\u00e9raire suivante :\n- Gestion et utilisation d'une chambre fun\u00e9raire situ\u00e9e \u00e0 Villedieu-Les-Po\u00eales Rouffigny (50800), 48 route de Caen.\nArt. 2 : La pr\u00e9sente habilitation est d\u00e9livr\u00e9e sous le num\u00e9ro 23-50-0086 pour une dur\u00e9e de 5 ans, \u00e0 compter du 11 juillet 2023. \u00c0 l'issue, une\nnouvelle habilitation pourra \u00eatre d\u00e9livr\u00e9e sous r\u00e9serve que la demande en soit pr\u00e9sent\u00e9e au moins deux mois avant la date d'\u00e9ch\u00e9ance de la\npr\u00e9sente habilitation.\nArt. 3 : La pr\u00e9sente habilitation peut \u00eatre suspendue pour une dur\u00e9e maximum d'un an ou retir\u00e9e, apr\u00e8s mise en demeure, par le repr\u00e9sentant\nde l'\u00c9tat dans le d\u00e9partement o\u00f9 les faits auront \u00e9t\u00e9 constat\u00e9s, pour les motifs suivants :\n- Non-respect des dispositions du pr\u00e9sent code auxquelles sont soumises les r\u00e9gies, entreprises ou associations habilit\u00e9es conform\u00e9ment \u00e0\nl'article L. 2223-23 ;\n- Non-exercice ou cessation d'exercice des activit\u00e9s au titre desquelles elle a \u00e9t\u00e9 d\u00e9livr\u00e9e ;\n- Atteinte \u00e0 l'ordre public ou danger pour la salubrit\u00e9 publique.\nSign\u00e9 : Pour le Pr\u00e9fet et par d\u00e9l\u00e9gation, la Sous-pr\u00e9f\u00e8te de Cherbourg :\u00c9lisabeth CASTELLOTTI\n\uf0bf\nSOUS-PREFECTURE DE COUTANCES\nArr\u00eat\u00e9 du 19 juin 2023 portant nomination des membres de la commission de contr\u00f4le charg\u00e9e de la r\u00e9gularit\u00e9 des listes \u00e9lectorales\ndans la commune de  MONTCUIT (communes de moins de 1 000 habitants et assimil\u00e9es)\nConsid\u00e9rant qu'il convient de nommer, dans chaque commune, les membres de la commission de contr\u00f4le charg\u00e9e de la r\u00e9gularit\u00e9 des listes\n\u00e9lectorales pour une dur\u00e9e de trois ans et apr\u00e8s chaque renouvellement int\u00e9gral du conseil municipal,\nArt. 1 : La commission de contr\u00f4le, institu\u00e9e dans la commune de MONTCUIT , est compos\u00e9e comme suit :\nConseiller(e) municipal(e)\ntitulaire :  SAINT-DENIS Jacqueline\nsuppl\u00e9ant(e) :  DUBOIS Laurent\nD\u00e9l\u00e9gu\u00e9(e) de l'administration\ntitulaire :  PAULHAC  Claire\nsuppl\u00e9ant(e) :  HAREL  Denis\nD\u00e9l\u00e9gu\u00e9(e) du tribunal\ntitulaire :  CAPELLE  Jacqueline\nsuppl\u00e9ant(e) :  n\u00e9ant\nArt. 2 : Les membres de la commission de contr\u00f4le charg\u00e9e de la r\u00e9gularit\u00e9 des listes \u00e9lectorales sont d\u00e9sign\u00e9s pour trois ans.\nArt. 3 : L'arr\u00eat\u00e9 en date du 17 novembre 2020, portant nomination des membres de la commission de contr\u00f4le charg\u00e9e de la r\u00e9gularit\u00e9 des\nlistes \u00e9lectorales de  MONTCUIT  est abrog\u00e9.\nArt. 4 : Le sous-pr\u00e9fet de Coutances et le maire de la commune de   MONTCUIT sont charg\u00e9s, chacun en ce qui le concerne, de l'ex\u00e9cution du\npr\u00e9sent arr\u00eat\u00e9 qui sera publi\u00e9 au recueil des actes administratifs de la pr\u00e9fecture de la Manche.\nSign\u00e9 : Le Sous-Pr\u00e9fet : Julien  MINICONI\n\uf0bf\nArr\u00eat\u00e9 du 19 juin 2023 portant nomination des membres de la commission de contr\u00f4le charg\u00e9e de la r\u00e9gularit\u00e9 des listes \u00e9lectorales\ndans la commune de  LA FEUILLIE (communes de moins de 1 000 habitants et assimil\u00e9es)\nConsid\u00e9rant qu'il convient de nommer, dans chaque commune, les membres de la commission de contr\u00f4le charg\u00e9e de la r\u00e9gularit\u00e9 des listes\n\u00e9lectorales pour une dur\u00e9e de trois ans et apr\u00e8s chaque renouvellement int\u00e9gral du conseil municipal,\nArt. 1 : La commission de contr\u00f4le, institu\u00e9e dans la commune de LA FEUILLIE , est compos\u00e9e comme suit :\nConseiller(e) municipal(e)\ntitulaire :  AVENEL Hubert\nsuppl\u00e9ant(e) :  LEROUGE Sandrine\nD\u00e9l\u00e9gu\u00e9(e) de l'administration\ntitulaire :  SOTTON Alain\nsuppl\u00e9ant(e) :  PICOT Cl\u00e9ment\nD\u00e9l\u00e9gu\u00e9(e) du tribunal\ntitulaire :  BURAIS Louis\nsuppl\u00e9ant(e) :  HERVIEU G\u00e9rard\nArt. 2 : Les membres de la commission de contr\u00f4le charg\u00e9e de la r\u00e9gularit\u00e9 des listes \u00e9lectorales sont d\u00e9sign\u00e9s pour trois ans.\nArt. 3 : L'arr\u00eat\u00e9 en date du 17 novembre 2020, portant nomination des membres de la commission de contr\u00f4le charg\u00e9e de la r\u00e9gularit\u00e9 des\nlistes \u00e9lectorales de  LA FEUILLIE  est abrog\u00e9.\nSign\u00e9 : Le Sous-Pr\u00e9fet : Julien  MINICONI\n\uf0bf\nSERVICE DE LA COORDINATION DES POLITIQUES PUBLIQUES ET DE L'APPUI TERRITORIAL\nCommission d\u00e9partementale d'am\u00e9nagement commercial du mardi 13 juin 2023 \n- demande d'extension d'un ensemble commercial d'une surface de vente existante de 1 370 m\u00b2 par l'extension de 300 m\u00b2 du magasin\nCarrefour Market situ\u00e9 113 rue du Haut Chemin \u2013 50710 Cr\u00e9ances.\nLa surface de vente totale sera de 1 670 m\u00b2 (1 571 m\u00b2 pour le magasin Carrefour Market et 99 m\u00b2 de cellules commerciales).\nAvis : Favorable\nArr\u00eat\u00e9 n\u00b0 23-096 du 19 juin 2023 portant autorisation de p\u00e9n\u00e9trer dans les propri\u00e9t\u00e9s priv\u00e9es et publiques situ\u00e9es sur le territoire des\ncommunes de Granville, Saint-Pair-Sur-Mer, Jullouville,  Carolles, Champeaux, Saint-Jean-Le-Thomas,  Dragey-Ronthon, Gen\u00eats,\nVains et Marcey-Les-Gr\u00e8ves pour r\u00e9aliser des lev\u00e9s topographiques, des inventaires et des investigations de terrain dans le cadre de\nl'\u00e9tude du r\u00e9seau cyclable d'int\u00e9r\u00eat d\u00e9partemental (rcid) entre Avranches et Granville\nArt. 1 : Les agents du conseil d\u00e9partemental ainsi que leurs prestataires et leurs pr\u00e9pos\u00e9s sont autoris\u00e9s, sous r\u00e9serve des droits des tiers, \u00e0\np\u00e9n\u00e9trer dans les propri\u00e9t\u00e9s priv\u00e9es situ\u00e9es sur le territoire des communes suivantes : \n- Granville : parcelles cadastr\u00e9es AP, AO, AR, AK, et AS ;\n- Saint-Pair-sur-Mer : parcelles cadastr\u00e9es AL, AZ, AY, AX, AW, AV, AS, AO, AR et ZA ;\n- Jullouville : parcelles cadastr\u00e9es A, AS, AO, AN, AM et AL ;\n- Carolles : parcelles cadastr\u00e9es ZA, AI, AE, AD et AH ;\n- Champeaux : parcelles cadastr\u00e9es ZD, ZH, ZI, ZK, ZL et ZA ;\n- Saint-Jean-le-Thomas : parcelles cadastr\u00e9es AH, AE, AC et AD ;\n- Dragey-Ronthon : parcelles cadastr\u00e9es ZP, ZR, ZS, ZA et ZB ;\n- Gen\u00eats : parcelles cadastr\u00e9es A, AB, C et D ;\n- Vains : parcelles cadastr\u00e9es ZE, ZH, ZI, ZK, AC et ZA ;\n- Marcey-les-Gr\u00e9ves : parcelles cadastr\u00e9es C et AE .\nArt. 2 : Les missions pr\u00e9vues \u00e0 l'article 1er ne pourront commencer que dix jours apr\u00e8s affichage du pr\u00e9sent arr\u00eat\u00e9 dans la mairie concern\u00e9e.\nEn outre, l'introduction des agents vis\u00e9s \u00e0 l'article 1er ne pourra avoir lieu dans les propri\u00e9t\u00e9s closes qu'apr\u00e8s accomplissement des formalit\u00e9s\nprescrites par l'article 1er de la loi du 29 d\u00e9cembre 1892 :\n\u00ab L'introduction des agents de l'administration ou des particuliers \u00e0 qui elle d\u00e9l\u00e8gue ses droits, ne peut \u00eatre autoris\u00e9e \u00e0 l'int\u00e9rieur des maisons\nd'habitations ; dans les autres propri\u00e9t\u00e9s closes, elle ne peut avoir lieu que cinq jours apr\u00e8s notification au propri\u00e9taire, ou, en son absence, au\ngardien de la propri\u00e9t\u00e9.\nA d\u00e9faut de gardien connu demeurant dans la commune, le d\u00e9lai ne court qu'\u00e0 partir de la notification au propri\u00e9taire faite en la mairie  ; ce d\u00e9lai\nexpir\u00e9, si personne ne se pr\u00e9sente pour permettre l'acc\u00e8s, lesdits agents ou particuliers peuvent entrer avec l'assistance du juge du tribunal\nd'instance.\nIl ne peut \u00eatre abattu d'arbres fruitiers, d'ornement ou de haute futaie, avant qu'un accord amiable ne soit \u00e9tabli sur leur valeur, ou qu'\u00e0 d\u00e9faut\nde cet accord, il ait \u00e9t\u00e9 proc\u00e9d\u00e9 \u00e0 une constatation contradictoire destin\u00e9e \u00e0 fournir les \u00e9l\u00e9ments n\u00e9cessaires pour l'\u00e9valuation des dommages.\nA la fin de l'op\u00e9ration, tout dommage caus\u00e9 par les \u00e9tudes est r\u00e9gl\u00e9 entre le propri\u00e9taire et l'administration dans les formes indiqu\u00e9es par la loi\ndu 22 juillet 1889. \u00bb\nArt. 3 : Chacune des personnes charg\u00e9es des diff\u00e9rentes missions sera munie d'une copie du pr\u00e9sent arr\u00eat\u00e9, qu'elle sera tenue de pr\u00e9senter \u00e0\ntoute r\u00e9quisition.\nArt. 4 :  D\u00e9fense est faite aux propri\u00e9taires d'apporter aux agents charg\u00e9s des travaux aucun trouble, ni emp\u00eachement et de d\u00e9placer diff\u00e9rents\nsignaux ou rep\u00e8res qui seront \u00e9tablis dans leurs propri\u00e9t\u00e9s. Les maires de Granville, Saint-Pair-sur-Mer, Jullouville, Carolles, Champeaux,\nSaint-Jean-le-Thomas,  Dragey-Ronthon, Gen\u00eats, Vains et Marcey-les-Gr\u00e8ves sont invit\u00e9s \u00e0 pr\u00eater leur concours au personnel effectuant les\n\u00e9tudes ou travaux. Ils prendraient les mesures n\u00e9cessaires pour la conservation des balises, jalons, piquets ou rep\u00e8res.\nArt. 5 : Les indemnit\u00e9s qui pourraient \u00eatre dues pour dommages caus\u00e9s aux propri\u00e9taires par le personnel charg\u00e9 des \u00e9tudes seront \u00e0 la charge\ndu conseil d\u00e9partemental. A d\u00e9faut d'entente amiable, elles seront r\u00e9gl\u00e9es par le tribunal administratif de Caen, dans les formes indiqu\u00e9es par\nles articles R. 411-1 et suivants du code de justice administrative.\nArt. 6 :  La pr\u00e9sente autorisation est d\u00e9livr\u00e9e pour une dur\u00e9e de trois ans et sera p\u00e9rim\u00e9e de plein droit si elle n'est pas suivie d'ex\u00e9cution dans\nles six mois de sa date.\nArt. 7 :  Une copie du pr\u00e9sent arr\u00eat\u00e9 sera affich\u00e9e imm\u00e9diatement et au plus tard dix jours avant le d\u00e9but des op\u00e9rations, \u00e0 la porte des\nmairies  de  Granville,  Saint-Pair-sur-Mer,  Jullouville,  Carolles,  Champeaux,  Saint-Jean-le-Thomas,  Dragey-Ronthon,  Gen\u00eats,  Vains  et\nMarcey-les-Gr\u00e8ves et aux autres endroits habituels d'affichage. Cette formalit\u00e9 sera justifi\u00e9e par un certificat des maires des communes\npr\u00e9cit\u00e9es.\nSign\u00e9 : Pour le Pr\u00e9fet, la Secr\u00e9taire G\u00e9n\u00e9rale : Perrine SERRE\n\uf0bf\nAGENCE REGIONALE DE SANTE DE NORMANDIE\nArr\u00eat\u00e9 du 8 juin 2023 portant d\u00e9signation des personnels et des professionnels volontaires pour intervenir au sein des cellules\nd\u00e9partementales d'urgence m\u00e9dico-psychologique en r\u00e9gion Normandie\nArt. 1  : la liste des personnels et des professionnels sp\u00e9cialistes  ou comp\u00e9tents  en sant\u00e9 mentale volontaires pour int\u00e9grer le dispositif\nd'urgence m\u00e9dico-psychologique est arr\u00eat\u00e9e comme suit :\nD\u00e9partement du Calvados :\n- VASSE Thierry : M\u00e9decin psychiatre r\u00e9f\u00e9rent d\u00e9partemental\net r\u00e9gional (EPSM)\n- NARAYASSAMY Jean-Michel : Infirmier r\u00e9f\u00e9rent (EPSM)\n- TAINE Margot : Psychologue r\u00e9f\u00e9rente (EPSM)\n- VAUTIER Mathilde : Psychologue r\u00e9f\u00e9rente (EPSM)\n- GANIVET Gr\u00e9gory : Infirmier r\u00e9f\u00e9rent (EPSM)\n- LEBOUCHER Nelly : Secr\u00e9taire (EPSM)\n\u00c9tablissement public de sant\u00e9 mentale de Caen (EPSM)\n- ASPORD Gwendoline, Infirmi\u00e8re \n- AVRILLON Delphine, Psychologue\n- BACON CatherinePsychologue lib\u00e9rale\n- BARRIAUT St\u00e9phanie, Infirmi\u00e8re\n- BENTOT Sophie, Infirmi\u00e8re \n- BISSON Constance, Infirmi\u00e8re\n- BOUDERROI C\u00e9cile, Infirmi\u00e8re\n- BOULAIS M\u00e9lanie , Infirmi\u00e8re \n- BOULOUIZ Nadia, Infirmi\u00e8re\n- CHAUMIER J\u00e9romine, M\u00e9decin psychiatre\n- CHAUVEL H\u00e9l\u00e8ne, M\u00e9decin psychiatre\n- CHILARD Jonathan, M\u00e9decin psychiatre\n- CRUCHON Ga\u00eblle, Infirmi\u00e8re\n- DAVID Fabienne, Secr\u00e9taire \n- DEMANGE Sophie, Cadre de sant\u00e9\n- DOUARD Fr\u00e9d\u00e9rique, Infirmi\u00e8re\n- DUPERON Chlo\u00e9, Infirmi\u00e8re\n- FAULIN-LECLERC Estelle, Infirmi\u00e8re\n- FICHET Claire, M\u00e9decin psychiatre\n- GANIVET Val\u00e9rie, Cadre de sant\u00e9\n- GERARD Pierre, M\u00e9decin psychiatre\n- GODEFROY Sol\u00e8ne , M\u00e9decin psychiatre\n- GOSSELIN C\u00e9lineInfirmi\u00e8re\n- GOULLEY Mathilde, Infirmi\u00e8re \n- GRANDROQUES Victor, Infirmier\n- HACQUIN Olivier, Infirmier \n- HAGEN Mathieu, M\u00e9decin psychiatre\n- HUARD Fr\u00e9d\u00e9rique, Infirmi\u00e8re\n- JAMET Camille, Psychologue\n- JEANNE Ana\u00eblle, Infirmi\u00e8re \n- JURET Xavier, Infirmier\n- LAMORE Jacques, Infirmier retrait\u00e9\n- LAMOTTE Fr\u00e9d\u00e9rique M\u00e9decin psychiatre \n- LECELLIER Sophie, M\u00e9decin psychiatre\n- LE CLAINCHE Morgane, Infirmi\u00e8re\n- LECLERE Charlotte, Infirmi\u00e8re\n- LEDOUIT Cathie, Infirmi\u00e8re\n- LELANDAIS Anne , Infirmi\u00e8re\n- LEMOINE St\u00e9phanie, Infirmi\u00e8re\n- LOURTIL Eline, Infirmi\u00e8re \n- MARECHAL Tiphaine, Infirmi\u00e8re\n- MECHIN L\u00e9a-Annie, Infirmi\u00e8re\n- MECHIN L\u00e9a-Eveline, Infirmi\u00e8re\n- MECHINE Salom\u00e9, Infirmi\u00e8re\n- MOUSSET Alexia, Infirmi\u00e8re \n- MOUSSIN Julie, Psychologue\n- PATARD Armelle, Cadre de sant\u00e9\n- PATTE Nadine, Infirmi\u00e8re retrait\u00e9e\n- PERROT-DENIS Mathilde, Infirmi\u00e8re \n- POILBLAN Audrey, Psychologue\n- RIDEL Am\u00e9lie, Infirmi\u00e8re\n- ROULLAND Anca-Cristina, M\u00e9decin psychiatre\n- RUEL Marine, Infirmi\u00e8re\n- SEVEC David, Infirmier\n- SURVILLE Pauline, Infirmi\u00e8re\n- THOURET Marion, Infirmi\u00e8re\nCentre hospitalier universitaire de Caen (CHU)\n- BOISBLUCHE Barbara, Infirmi\u00e8re\n- BUI Eric ,M\u00e9decin psychiatre \n- CHABOT Beno\u00eet, M\u00e9decin psychiatre\n- CHASTANG Fran\u00e7oise, M\u00e9decin psychiatre\n- CHERMAT Claire Infirmi\u00e8re\n- DROUERE Patricia, Infirmi\u00e8re\n- EGLER Pierre-Jean, M\u00e9decin psychiatre\n- FLAMBARD Camille, Psychologue\n- GAISNON Ga\u00e9tan, M\u00e9decin psychiatre \n- GESNOUIN Marie-Jos\u00e8phe, Cadre de sant\u00e9\n- JUIN Caroline, Infirmi\u00e8re \n- KATIS St\u00e9phanie, Psychologue \n- LEBAIN Pierrick, M\u00e9decin psychiatre\n- MEUNIER CUSSAC Sophie, M\u00e9decin psychiatre\n- MOUSSAOUI Edgar, M\u00e9decin psychiatre\n- PREVEL Ambre, Infirmi\u00e8re \n- STEVENOT Marion, Psychologue\n- TREHOUT Maxime, M\u00e9decin psychiatre\n- VARGAS Leila, Infirmi\u00e8re\n- VARIN Alexia, Psychologue \n- VIGNE Luc, Psychologue\n- VINCENT Perrine , Psychologue\n- VINGTROIS Vania, Infirmi\u00e8re \nCentre hospitalier d'Aunay-Bayeux\n- ANDRADE Elisa, Infirmi\u00e8re\n- HAMEL Marie, Infirmi\u00e8re \nCentre hospitalier de Vire\n- DU ROSEL DE SAINT GERMAIN Saskia, Psychologue\nD\u00e9partement de la Seine-Maritime :\n- ELIAS Sandrine, M\u00e9decin psychiatre r\u00e9f\u00e9rente d\u00e9partementale (CHR) \n- CAILLOT Eline, Cadre de sant\u00e9 r\u00e9f\u00e9rente (CHR)\n- COLLERY Marion, Psychologue r\u00e9f\u00e9rente (CHR)\n- GILLE Ang\u00e9lique, Infirmi\u00e8re r\u00e9f\u00e9rente (CHR)\n- JOUBIER Magali, Secr\u00e9taire (CHR)\nCentre hospitalier de Saint \u00c9tienne du Rouvray (CHR) \n- ALLAIS Manuella, Psychologue  \n- AMBRAISSE Aur\u00e9lie, Infirmi\u00e8re \n- BEAUVALLET Anne, Psychologue  \n- BOUGHEDADA Katia, Cadre de sant\u00e9   \n- BOUZAZOUA Salym, Infirmier\n- BREBION Micka\u00ebl, Cadre de sant\u00e9\n- BURGUIN Ga\u00eblle, Psychologue  \n- CESANO Silvia, M\u00e9decin psychiatre\n- CHADEIX Annie, Cadre de sant\u00e9  \n- CHARLIER C\u00e9line, Cadre de sant\u00e9\n- CHIATTO Eric, Psychologue \n- COTRY No\u00eblle, Infirmi\u00e8re \n- CRATERE Aur\u00e9lie, Psychologue\n- DEMIANNAY Cl\u00e9ment, Infirmier  \n- DETHAN Lucille, Infirmi\u00e8re\n- DUCOURTIL Marc Alexandre, Infirmier\n- DUMONTIER Alain, Infirmier\n- DUTERTRE Fabrice, Psychologue \n- DUTHIL Franck, Infirmier\n- GOUALLIER S\u00e9verine, Infirmi\u00e8re\n- GUILLIN Olivier, M\u00e9decin psychiatre\n- HEUREUX Lucie, Infirmi\u00e8re\n- ISAAC Fanny, Psychologue\n- KASPERCZYK Catherine, M\u00e9decin psychiatre\n- LASNEL Anne-Sophie, Infirmi\u00e8re\n- LAUNAY Chlo\u00e9, Psychologue\n- LEBEAUT C\u00e9cile, Psychologue \n- LECLERCQ Cl\u00e9mence, Infirmi\u00e8re\n- LECOINTE Cyrille, Infirmier \n- LECOQ Vanessa, Infirmi\u00e8re\n- LE MELINER Marie, Infirmi\u00e8re\n- LE NOBLIN Thomas, Infirmier\n- LEONARD Lucie, Infirmi\u00e8re\n- LEPAGE Hugo, Infirmier \n- LEPREVOST Nathalie, Infirmi\u00e8re\n- LEROUX Caty, Cadre de sant\u00e9\n- LEVASSEUR Pierre, FF cadre de sant\u00e9 \n- LHEUREUX Pascal, Infirmier \n- LOUVEL Karine, Infirmi\u00e8re \n- MARCHAND Adeline, Infirmi\u00e8re\n- MARCHAND La\u00ebtitia, Psychologue\n- MEURIE No\u00e9mie, Infirmi\u00e8re  \n- NAZE-SAILLANT Ambre, Infirmi\u00e8re\n- NZAYISABA Yves Octave, Infirmier\n- OCTAU Ga\u00eblle, Infirmi\u00e8re\n- PINAUD Audrey, M\u00e9decin psychiatre\n- PROUST Elodie, Infirmi\u00e8re\n- RENAULD Marl\u00e8ne, Infirmi\u00e8re\n- RENDU Julie , M\u00e9decin psychiatre \n- SAAB Marion , M\u00e9decin psychiatre\n- SALAUN Anthony, Infirmier\n- SALKIND Coralie, Infirmi\u00e8re\n- SIBOUT Julie, Cadre de sant\u00e9\n- TEBBAL Marilyn, Cadre de sant\u00e9\n- TRANCHARD Am\u00e9lie, Infirmi\u00e8re \n- ULLY Marie Laure, Infirmi\u00e8re \n- ZAMMIT Jessica, M\u00e9decin psychiatre\nH\u00f4pital de Lillebonne\n- ATINAULT Katia, Cadre de sant\u00e9\n- BLOT St\u00e9phanie, Psychologue\n- CONTEUR Floriane, Infirmi\u00e8re\n- LEFEVRE Isabelle, Infirmi\u00e8re\nH\u00f4pital de F\u00e9camp \n- DELAHAYE Romane, Secr\u00e9taire\n- MILLET Julia, Infirmi\u00e8re\n- OUIN Marie-Laetitia, Infirmi\u00e8re\nGroupe hospitalier du Havre (GHH)\n- BATY Manuela, Psychologue\n- CAILLET Bertrand, Psychologue coordonnateur\n- CAPITAINE Audrey, Infirmi\u00e8re\n- DANES H\u00e9l\u00e8ne, Psychologue\n- DEHIER C\u00e9cile, Infirmi\u00e8re \n- DE MASCAREL Th\u00e9odore, Psychologue \n- DESJARDINS Magali, Infirmi\u00e8re\n- DESNE Elodie, Psychologue\n- DJENADI L\u00e9a, Psychologue\n- FDIDA Brigitte, Secr\u00e9taire\n- FORTUNO Julie, Infirmi\u00e8re\n- HERDENBERGER Cyrille , M\u00e9decin psychiatre coordonnateur \n- HEURTEVENT Quentin, Infirmier\n- JOUANNE Caroline, Cadre de sant\u00e9\n- LEGAT Olivier, M\u00e9decin psychiatre\n- LEGONIDEC Yannick, Infirmier \n- LE STRAT Pierre \u2013 Antoine, Infirmier\n- MASSON Karen, Infirmi\u00e8re\n- MIAILHE Sophie, Infirmi\u00e8re\n- MICHEL Sophie, Psychologue\n- PESLIER Coralie, Infirmi\u00e8re\n- RENE C\u00e9lia, Infirmi\u00e8re\n- ROELANDT Brendan, Infirmier \n- ROGER Caroline, Infirmi\u00e8re\n- SASSIN Elise, Infirmi\u00e8re\n- SENENTE Thibault, Cadre de sant\u00e9\n- ZEGGAI Ili\u00e8s, Infirmier\nCentre hospitalier de Dieppe \n- AUGUSTO Elodie, Infirmi\u00e8re\n- BECQUET Marion, Infirmi\u00e8re\n- BEZZOUH Farid, M\u00e9decin psychiatre\n- BOUTIGNY Patrick, Infirmier\n- CARNIER Florence, Infirmi\u00e8re\n- CARON C\u00e9cile, Infirmi\u00e8re\n- CAUCHY Thomas , Infirmier\n- CHANDIOUX Jessica, Infirmi\u00e8re\n- COUELLAN Jennifer , Psychologue\n- COURTOIS V\u00e9ronique, Infirmi\u00e8re\n- CREPIN Pauline, Infirmi\u00e8re\n- DAVIERE Jeanne, M\u00e9decin psychiatre\n- DELBE Alexandre, M\u00e9decin psychiatre\n- DERSEL Pascale, Infirmi\u00e8re\n- DESSAINT Constance, Infirmi\u00e8re\n- EFIMOFF Laetitia, Psychologue coordonnateur\n- FOUQUET Gr\u00e9gory, M\u00e9decin psychiatre\n- GILOT Christelle, Infirmi\u00e8re \n- GODEMAN Marianne, Infirmi\u00e8re\n- GODEFROY Julie, Psychologue\n- GUEROULT Carole, M\u00e9decin psychiatre\n- HAMEL Laurence, Infirmi\u00e8re\n- HECQUET Isabelle, Infirmi\u00e8re\n- HEDIN Sandrine, Infirmi\u00e8re\n- KAMBA KIKHELA Freddy, M\u00e9decin psychiatre\n- LE BAILLY Julien, Infirmier\n- LE BRECH C\u00e9dric, Psychologue \n- LEGRAND Camille, Psychologue\n- LETEURTRE Audrey, Infirmi\u00e8re\n- MARTINEZ Simon, M\u00e9decin psychiatre\n- MITUNDUKIDI KIENGA Lupsain, M\u00e9decin psychiatre\n- MOHAMMED CHERIF Halimi, M\u00e9decin psychiatre\n- SONFACK Josiane, M\u00e9decin psychiatre coordonnateur\n- TERAL Annette, Psychologue\n- THALBAUT Louis, Psychologue\n- THIERRY DEFLOU Agathe, M\u00e9decin psychiatre \n- ZACHEE Christine, Infirmi\u00e8re\nD\u00e9partement de l'Eure :\n- COCAGNE Sandrine, Psychologue r\u00e9f\u00e9rente d\u00e9partementale (NHN)\nNouvel h\u00f4pital de Navarre (NHN)\n- ABEKHZER Herv\u00e9, M\u00e9decin psychiatre\n- ALSALEH Muaweah, Psychologue\n- BURGOT Ludivine, Infirmi\u00e8re\n- CAMUS Violette, Psychologue\n- CHASTAN Sylvie, M\u00e9decin psychiatre retrait\u00e9                               \n- DEMUYNCK B\u00e9atrice, Psychologue\n- DIATTA Cir\u00e9, Infirmier \n- DOS SANTOS Dominique, Infirmi\u00e8re\n- DROUARD Camille, Infirmi\u00e8re\n- DUPUIS Benjamin, Cadre de sant\u00e9 \n- EVANGELOU Christine, Infirmi\u00e8re\n- FREMAUX Pauline, Psychologue\n- GACIOCH Mariane, Cadre de sant\u00e9\n- GASQUEZ Eliane, Psychologue\n- GRENIER Christopher, Infirmier \n- HENRY Sadia, Psychologue\n- JOURDAIN Justine, Infirmi\u00e8re\n- KEDDACHE C\u00e9lia, M\u00e9decin psychiatre\n- LE DAMANY Ingrid, Cadre sup\u00e9rieur de sant\u00e9 \n- LEMERCIER GUYET C\u00e9line, Infirmi\u00e8re\n- LEMERCIER GUYET Micha\u00ebl, Infirmier\n- MAGNAN Thomas, Infirmier\n- MAGRAS Aur\u00e9lia, Infirmi\u00e8re\n- NOURRY Carine, Infirmi\u00e8re\n- PARMENTIER Corinne, Psychologue\n- PERAZIO Laura, Infirmi\u00e8re\n- PICAMOLES R\u00e9gine, Psychologue\n- PIOU Manon, Infirmi\u00e8re\n- SERON Laetitia, Infirmi\u00e8re\n- SOUHLAL Zahra, M\u00e9decin psychiatre \n- VEPIERRE Baptiste, Infirmier \nCentre hospitalier Eure-Seine\n- BISSON Jean Charles, Coordonnateur SSE \n- RADOVIC Sonia, Psychologue \nD\u00e9partement de la Manche :\n- COCHONNEAU Laurent, Psychologue r\u00e9f\u00e9rent d\u00e9partemental \nFondation Bon Sauveur de la Manche (FBS de la Manche)\n- BARBIN Anne , Psychologue\n- BAZIRE Manuella , Infirmi\u00e8re\n- BEAUDEGEL St\u00e9phanie, Infirmi\u00e8re\n- BELDICO R\u00e9my, M\u00e9decin psychiatre\n- BELHAIRE Isabelle, FF cadre de sant\u00e9\n- BENOIST Sandrine, FF cadre de sant\u00e9\n- BIBET-SAVIGNY Myriam, M\u00e9decin psychiatre coordonnateur\n- BONABE Nicolas, Cadre de sant\u00e9\n- BRUN Nicole, Psychologue\n- BUHOT Adeline, Infirmi\u00e8re\n- BUSSER Paul, M\u00e9decin psychiatre\n- CHOUCARD C\u00e9line, Infirmi\u00e8re\n- CORNIGLION Julia, Psychologue\n- CRANOIS Fanny, Infirmi\u00e8re\n- CROISE Camille, Infirmi\u00e8re\n- CROIZAT Fran\u00e7oise, Psychologue retrait\u00e9e\n- DAMOURETTE C\u00e9line, Psychologue\n- DEHAIS Magali, Infirmi\u00e8re\n- DELENTE Mickael, Infirmier\n- DUFOUR Nicolas, Cadre de sant\u00e9\n- DU SUAU DE LA CROIX Marie, Infirmi\u00e8re\n- DUVAL Karine, Infirmi\u00e8re\n- GEHAN Julien, Infirmier\n- GILLET Roxana, Infirmi\u00e8re\n- GUILLAUME Brunhilde, Cadre de sant\u00e9\n- HAMEL Alexis, Infirmier\n- HASLEY Franck, Directeur d\u00e9l\u00e9gu\u00e9 PEC sanitaires\n- IATAN Paula, M\u00e9decin psychiatre\n- INJENARI Pierre , Infirmier\n- KERMEL Florence, Infirmi\u00e8re\n- LADUNE Jean-Yves, Infirmier\n- LEDENTU Isabelle, Infirmi\u00e8re\n- LEFAIVRE Anne-Sophie, Cadre de sant\u00e9\n- LEFEUVRE Delphine, Infirmi\u00e8re\n- LEGOUIX Sabrina, Infirmi\u00e8re\n- LEGUEDOIS Anthony, Infirmier\n- LELERRE Arnaud , Infirmier\n- LELIEVRE Hubert, Infirmier\n- LELONG Nathalie, Infirmi\u00e8re\n- LEPINGARD Julien, Cadre de sant\u00e9\n- MONNIER Jean-Charles, Cadre de sant\u00e9\n- PIERSON Lynda, Infirmi\u00e8re\n- RICKEBOER Sophie, Infirmi\u00e8re\n- RISBEC Adeline, Infirmi\u00e8re\n- TARDIF Magalie, Infirmi\u00e8re\n- TEILLET Baptiste, Infirmier\n- THOEN St\u00e9phanie, Infirmi\u00e8re\nCentre hospitalier de l'Estran\n- AUBERT Z\u00e9lia, Infirmi\u00e8re\n- BERNARD Sophie, Infirmi\u00e8re\n- CHEVAL-BARBEDETTE Karine, Infirmi\u00e8re\n- DJODA ADAMA Nad\u00e8ge, M\u00e9decin psychiatre \n- DUBOIS Jean-Charles, Infirmier\n- DUCHEMIN Pierrick, Infirmier\n- GARNIER Christelle, Cadre de sant\u00e9\n- GENOUVRIER Claudie, Cadre de p\u00f4le\n- GESRET Sol\u00e8nne, Infirmi\u00e8re\n- HAROUN Le\u00efla, Cadre de sant\u00e9\n- JUGUET Sophie, Infirmi\u00e8re\n- KHABER Chiraz, M\u00e9decin Psychiatre\n- LE GUERCH H\u00e9l\u00e8ne, Infirmi\u00e8re\n- LELANDAIS Mathilde, Infirmi\u00e8re\n- NICOLLE Claire, Infirmi\u00e8re\n- ONFROY Christelle, Infirmi\u00e8re\n- ORY Maryl\u00e8ne, Infirmi\u00e8re\n- PERRIER Tatiana, Cadre de sant\u00e9\n- PLESSIX Rozenn, Infirmi\u00e8re\n- POUPINET Emeline ,Psychologue\nD\u00e9partement de l'Orne :\n- KONE Ahmed, M\u00e9decin psychiatre r\u00e9f\u00e9rent d\u00e9partemental (CPO)\nCentre psychoth\u00e9rapique de l'Orne (CPO)\n- BAILLEUL C\u00e9l\u00e9nie, Infirmi\u00e8re\n- BEN AICHA Hamida, M\u00e9decin psychiatre\n- BOE Adeline, Infirmi\u00e8re coordonnatrice \n- CHANTELOUP Sandrine, Infirmi\u00e8re\n- CHAUVOIS B\u00e9atrice, Infirmi\u00e8re\n- COHEN-SALMON Julie, Psychologue\n- DEQUAINDRY Agn\u00e8s, Infirmi\u00e8re\n- DESFRESNES J\u00e9r\u00e9my, Infirmier coordonnateur \n- DIALLO Abdoulaye, M\u00e9decin psychiatre\n- ELBHAR S\u00e9verine, Infirmi\u00e8re\n- GIRARD Fabien, Infirmier\n- GODES Richard, Infirmier\n- KABA K\u00e9l\u00e9ti, M\u00e9decin psychiatre coordonnateur \n- LANCELEVEE Anais, Psychologue\n- LAPLANTE Nathalie, Psychologue\n- LEFEVRE M\u00e9lanie, Infirmi\u00e8re\n- LEMOINE Claire, Psychologue \n- LOUIZA Saddek, Cadre de sant\u00e9\n- LOUVEAU Virginie, Infirmi\u00e8re\n- MARTIN-GARREAU St\u00e9phanie, Cadre de sant\u00e9\n- MAUGER-RATTIER Juliette, Infirmi\u00e8re\n- MAUQUET Ana\u00efs, Infirmi\u00e8re\n- MAYET Clo\u00e9, Cadre de sant\u00e9 \n- MBUMBA MBUDI Annie, M\u00e9decin psychiatre \n- MERAI Isabelle, Cadre de sant\u00e9\n- MOREAU Armande, Psychologue \n- ORIOT Morgane, Infirmi\u00e8re\n- OUF Jean-Christophe, Infirmier\n- PERRETTE Gwenaelle, Infirmi\u00e8re\n- QUENEHEN C\u00e9cile, Infirmi\u00e8re\n- RAZAIARIMANANA Lalao, M\u00e9decin psychiatre \n- ROYE Radica, Cadre de sant\u00e9\n- TACK Marie, Cadre de sant\u00e9\n- VILLEDIEU Nadia, Infirmi\u00e8re\n- WATTEZ Aurore, Cadre de sant\u00e9\nCentre hospitalier intercommunal Alen\u00e7on \u2013 Mamers (CHICAM)\n- HUNEAU H\u00e9l\u00e8ne, Psychologue  \nCentre hospitalier de Flers\n- CHOTTARD Thierry, Infirmier\n- DALAINE Aur\u00e9lien , Infirmier\n- DESMORTREUX Magali, Infirmi\u00e8re\n- GARNIER Emmanuelle, Cadre de sant\u00e9\n- GUIHAIRE Davy, Infirmier\n- HASSANI Kader, M\u00e9decin psychiatre\n- LANDAIS H\u00e9l\u00e8na, M\u00e9decin psychiatre coordonnateur \n- LAPLANTIF Julien, Infirmier\n- LEBEURRIER V\u00e9ronique, Infirmi\u00e8re\n- LEBOURGEOIS Estelle, Psychologue\n- LECORPS Coralie, Infirmi\u00e8re\n- LEFROU Julien, Infirmier coordonnateur r\u00e9f\u00e9rent SIVIC \n- LEPELTIER-FLEURY Christine, Infirmi\u00e8re\n- LEVERRIER C\u00e9line, Cadre de sant\u00e9\n- LUCERNA Caroline, Psychologue\n- LY Am\u00e9lie, Infirmi\u00e8re\n- MARTEL Sandra, FF cadre de sant\u00e9\n- PERNOIT Justine, Infirmi\u00e8re\n- QUESTE Sylvain, Infirmier\n- SEBAULT Eva, Infirmi\u00e8re\n- TIEMSANI Agn\u00e8s, Infirmi\u00e8re\n- TOUATI Romain, Infirmier \n- ZENITER Pierre, Infirmier\nArt. 2 : la liste des personnels et des professionnels volontaires est \u00e9tablie pour une dur\u00e9e d'un an. Le renouvellement ou radiation de cette\ninscription  est effectu\u00e9  chaque d\u00e9but  d'ann\u00e9e  par  une mise \u00e0 jour comme pr\u00e9cis\u00e9 dans  la convention relative au fonctionnement  et  \u00e0\nl'intervention des personnels et professionnels  des \u00e9tablissements  de sant\u00e9 ou exer\u00e7ant  \u00e0 titre lib\u00e9ral au sein de la CUMP de chaque\nd\u00e9partement.\nArt. 3 : Les personnels volontaires list\u00e9s dans l'article 1 du pr\u00e9sent arr\u00eat\u00e9 s'engagent : \n- \u00e0 int\u00e9grer le dispositif d'urgence m\u00e9dico-psychologique d\u00e9ploy\u00e9 par les autorit\u00e9s et \u00e0 y exercer sous l'autorit\u00e9 du responsable du poste\nd'urgence m\u00e9dico-psychologique ou de toute personne d\u00e9sign\u00e9e comme coordinateur de la mission et \u00e0 suivre les consignes qui seront\ndonn\u00e9es, \n- \u00e0 respecter le fonctionnement interdisciplinaire au sein du poste d'urgence m\u00e9dico-psychologique, \n- \u00e0 partager avec les membres de l'\u00e9quipe constitu\u00e9e toutes les informations utiles et pertinentes \u00e0 la prise en charge des patients et \u00e0 discuter\navec eux pour d\u00e9finir les modalit\u00e9s de prise en charge les plus appropri\u00e9es,\n- \u00e0 respecter les obligations de discr\u00e9tion et de r\u00e9serve incombant \u00e0 l'exercice de leur profession,\n- \u00e0 s'interdire, au titre du secret professionnel, toute divulgation d'informations recueillies aupr\u00e8s des patients,\n- \u00e0 agir en toute circonstance avec respect dans les relations avec les patients, les familles et les professionnels \u0153uvrant au d\u00e9cours de\nl'\u00e9v\u00e9nement, \n- \u00e0 int\u00e9grer, au cas de besoin, un dispositif d'urgence m\u00e9dico-psychologique situ\u00e9 hors d\u00e9partement ou hors r\u00e9gion.\nArt.  4 :  L'arr\u00eat\u00e9  du  19  mai  2021  portant  d\u00e9signation  des  personnels  et  professionnels  volontaires  pour  intervenir  au  sein  des  cellules\nd\u00e9partementales d'urgence m\u00e9dico-psychologique en r\u00e9gion Normandie est abrog\u00e9.\nArt. 5 : Conform\u00e9ment \u00e0 l'article R 421-1 du code de justice administrative, cet arr\u00eat\u00e9 peut faire l'objet d'un recours contentieux, dans un d\u00e9lai\nde deux mois \u00e0 compter de sa publication ou notification, aupr\u00e8s du tribunal administratif de Caen sis rue Arthur Leduc \u00e0 Caen par voie postale\nou via l'application T\u00e9l\u00e9recours citoyen accessible \u00e0 www.telerecours.fr .\nArt. 6 : Le Directeur g\u00e9n\u00e9ral adjoint de l'Agence r\u00e9gionale de sant\u00e9 de Normandie est charg\u00e9 de l'ex\u00e9cution du pr\u00e9sent arr\u00eat\u00e9 qui est notifi\u00e9 aux\nr\u00e9f\u00e9rents d\u00e9partementaux et aux \u00e9tablissements de rattachement des personnes volontaires cit\u00e9s \u00e0 l'article 1.\nSign\u00e9 : Le Directeur g\u00e9n\u00e9ral : Thomas DEROCHE\n\uf0bf\nArr\u00eat\u00e9 du 13 juin 2023 modifiant l'arr\u00eat\u00e9 du 19 septembre 2022 fixant la liste des postes \u00e9ligibles \u00e0 la prime d'engagement de carri\u00e8re\nhospitali\u00e8re pour des sp\u00e9cialit\u00e9s dans lesquelles l'offre de soins est ou risque d'\u00eatre insuffisante\nArt. 1 :  la liste des postes \u00e9ligibles \u00e0 la prime d'engagement de carri\u00e8re hospitali\u00e8re pour des sp\u00e9cialit\u00e9s dans lesquelles l'offre de soins est ou\nrisque d'\u00eatre insuffisante dans les \u00e9tablissements publics de sant\u00e9 de la r\u00e9gion Normandie fix\u00e9e \u00e0 l'article 1 de l'arr\u00eat\u00e9 du 27 f\u00e9vrier 2023\nsusvis\u00e9 est remplac\u00e9e par la liste suivante :\nN\u00b0 FINESS ETABLISSEMENT SPECIALITES\n140000100 CHU - CAEN\nAnesth\u00e9sie-r\u00e9animation\nG\u00e9riatrie\nGyn\u00e9cologie-obst\u00e9trique\nH\u00e9matologie\nM\u00e9decine g\u00e9n\u00e9rale\nM\u00e9decine d'urgence\nPsychiatrie\nRadiologie et imagerie m\u00e9dicale\n140000092 CENTRE HOSPITALIER\nAUNAY-BAYEUX\nChirurgie urologique\nG\u00e9riatrie\nGyn\u00e9cologie-obst\u00e9trique\nH\u00e9pato-gastro-ent\u00e9rologie\nM\u00e9decine g\u00e9n\u00e9rale\nM\u00e9decine et sant\u00e9 au travail\nM\u00e9decine d'urgence\nM\u00e9decine physique et r\u00e9adaptation\nPsychiatrie\n140000233 CENTRE HOSPITALIER \nFALAISE\nAnesth\u00e9sie\nChirurgie orthop\u00e9dique et traumatologie\nG\u00e9riatrie\nH\u00e9pato-gastro-ent\u00e9rologie\nM\u00e9decine g\u00e9n\u00e9rale\nM\u00e9decine d'urgence\nM\u00e9decine physique et r\u00e9adaptation\nPneumologie\nRadiologie et imagerie m\u00e9dicale\n14000035 CENTRE HOSPITALIER\nLISIEUX\nAnesth\u00e9sie-r\u00e9animation\nCardiologie et maladies vasculaires\nChirurgie orthop\u00e9dique et traumatologie\nChirurgie visc\u00e9rale et digestive\nG\u00e9riatrie\nGyn\u00e9cologie-obst\u00e9trique\nH\u00e9pato-gastro-ent\u00e9rologie\nM\u00e9decine g\u00e9n\u00e9rale\nM\u00e9decine Intensive de r\u00e9animation\nM\u00e9decine interne\nM\u00e9decine d'urgence\nNeurologie\nORL\nP\u00e9diatrie\nPneumologie\nRadiologie et imagerie m\u00e9dicale\n140026279 CENTRE HOSPITALIER\nCOTE FLEURIE\nCardiologie et maladies vasculaires\nG\u00e9riatrie\nM\u00e9decine g\u00e9n\u00e9rale\nM\u00e9decine d'urgence\n140000134 CENTRE HOSPITALIER\nPONT L'EVEQUE\nG\u00e9riatrie\nM\u00e9decine g\u00e9n\u00e9rale\n140000316 E.P.S.M. CAEN\nPsychiatrie\n610780090 CENTRE HOSPITALIER\nARGENTAN\nAnesth\u00e9sie-r\u00e9animation\nCardiologie et maladies vasculaires\nChirurgie orthop\u00e9dique et traumatologie\nEndocrinologie-diab\u00e9tologie-nutrition\nG\u00e9riatrie\nGyn\u00e9cologie-obst\u00e9trique\nM\u00e9decine g\u00e9n\u00e9rale\nM\u00e9decine d'urgence\nOdontologie\nOphtalmologie\nP\u00e9diatrie\nPneumologie\nRadiologie et imagerie m\u00e9dicale\n610780157 CENTRE HOSPITALIER\nVIMOUTIERS\nM\u00e9decine g\u00e9n\u00e9rale\nG\u00e9riatrie\n500000054 CENTRE HOSPITALIER\nAVRANCHES-GRANVILLE\nAnesth\u00e9sie-r\u00e9animation\nCardiologie et maladies vasculaires\nChirurgie visc\u00e9rale et digestive\nChirurgie orthop\u00e9dique et traumatologie\nChirurgie urologique\nG\u00e9riatrie\nH\u00e9pato-gastro-ent\u00e9rologie\nGyn\u00e9cologie-obst\u00e9trique\nMaladies infectieuses\nM\u00e9decine g\u00e9n\u00e9rale\nM\u00e9decine d'urgence\nNeurologie\nOncologie m\u00e9dicale\nP\u00e9diatrie\nPneumologie\nRadiologie et imagerie m\u00e9dicale\nRhumatologie\n500000096 CENTRE HOSPITALIER\nST HILAIRE DU HARCOUET\nM\u00e9decine g\u00e9n\u00e9rale\n500000245 CHS DE PONTORSON\nG\u00e9riatrie\nM\u00e9decine g\u00e9n\u00e9rale\nPsychiatrie\n500000013 CENTRE HOSPITALIER PUBLIC\nDU COTENTIN\nAnesth\u00e9sie-r\u00e9animation\nG\u00e9riatrie\nGyn\u00e9cologie-obst\u00e9trique\nH\u00e9pato-Gastro-ent\u00e9rologie\nM\u00e9decine g\u00e9n\u00e9rale (\u00e0 orientation urgences)\nM\u00e9decine d'urgence\nNeurologie\nOto-rhino-laryngologie\nPneumologie\nRadiologie et imagerie m\u00e9dicale\n500000112 CENTRE HOSPITALIER MEMORIAL SAINT-LO\nAnesth\u00e9sie-r\u00e9animation\nChirurgie orthop\u00e9dique et traumatologie\nChirurgie vasculaire\nChirurgie visc\u00e9rale et digestive\nG\u00e9riatrie\nGyn\u00e9cologie-obst\u00e9trique\nH\u00e9pato-gastro-ent\u00e9rologie\nM\u00e9decine g\u00e9n\u00e9rale\n M\u00e9decine Intensive-R\u00e9animation\nM\u00e9decine d'urgence\nNeurologie\nOncologie m\u00e9dicale\nOto-rhino-laryngologie\nP\u00e9diatrie\nPneumologie\nRadiologie et imagerie m\u00e9dicale\n500000393 CENTRE HOSPITALIER\nCOUTANCES\nG\u00e9riatrie\nM\u00e9decine g\u00e9n\u00e9rale\nM\u00e9decine interne\nM\u00e9decine d'urgence\n610780082 C.H.I.C\nALENCON-MAMERS\nAnesth\u00e9sie-r\u00e9animation\nCardiologie et maladies vasculaires\nDermatologie\nG\u00e9riatrie\nGyn\u00e9cologie-obst\u00e9trique\nH\u00e9pato-gastro-ent\u00e9rologie\nM\u00e9decine g\u00e9n\u00e9rale\nM\u00e9decine intensive et r\u00e9animation\nM\u00e9decine d'urgence\nM\u00e9decine physique et de r\u00e9adaptation\nNeurologie\nOphtalmologie\nP\u00e9diatrie\nPneumologie\nRadiologie et imagerie m\u00e9dicale\n610780025 C.P.O\nALENCON\nM\u00e9decine g\u00e9n\u00e9rale\nPsychiatrie\n610780124 CENTRE HOSPITALIER\nMORTAGNE-AU-PERCHE\nG\u00e9riatrie\nM\u00e9decine g\u00e9n\u00e9rale\n610790594 CHIC DES ANDAINES\nLA FERTE MACE\nM\u00e9decine g\u00e9n\u00e9rale\n610780165 CENTRE HOSPITALIER\nFLERS\nAnesth\u00e9sie-r\u00e9animation\nCardiologie et maladies vasculaires\nChirurgie visc\u00e9rale et digestive\nG\u00e9riatrie\nGyn\u00e9cologie-obst\u00e9trique\nH\u00e9pato-gastro-ent\u00e9rologie\nM\u00e9decine g\u00e9n\u00e9rale\nM\u00e9decine d'urgence\nPneumologie\nPsychiatrie\nRadiologie et imagerie m\u00e9dicale\n140000159 CENTRE HOSPITALIER\nVIRE\nG\u00e9riatrie\nM\u00e9decine g\u00e9n\u00e9rale\nM\u00e9decine d'urgence\nSant\u00e9 Publique (DIM)\n760780726 GROUPE HOSPITALIER\nLE HAVRE\nAnesth\u00e9sie-r\u00e9animation\nChirurgie urologique\nG\u00e9riatrie\nM\u00e9decine g\u00e9n\u00e9rale (addictologie)\nOncologie m\u00e9dicale\nPneumologie\nPsychiatrie\nRadiologie et imagerie m\u00e9dicale\n760780734 CENTRE HOSPITALIER\nFECAMP\nCardiologie et maladies vasculaires\nG\u00e9riatrie\nGyn\u00e9cologie-obst\u00e9trique\nM\u00e9decine g\u00e9n\u00e9rale\nM\u00e9decine d'urgence\nRadiologie et imagerie m\u00e9dicale\n760780742 C.H.I. CAUX VALLEE DE SEINE\nG\u00e9riatrie\nGyn\u00e9cologie-obst\u00e9trique\nM\u00e9decine d'urgence\nP\u00e9diatrie\n270023724 CENTRE HOSPITALIER\nEURE-SEINE\nAnesth\u00e9sie-r\u00e9animation\nCardiologie et maladies vasculaires\nChirurgie orthop\u00e9dique et traumatologie\nChirurgie urologique\nDermatologie\nG\u00e9riatrie\nGyn\u00e9cologie-obst\u00e9trique\nH\u00e9matologie\nH\u00e9pato-gastro-ent\u00e9rologie\nMaladies infectieuses et tropicales\nM\u00e9decine g\u00e9n\u00e9rale \u00e0 orientation soins palliatifs\nM\u00e9decine d'urgence\nM\u00e9decine vasculaire\nNeurologie\nOdontologie\nOncologie m\u00e9dicale\nOphtalmologie\nOto-rhino-laryngologie\nP\u00e9diatrie\nPneumologie\nRadiologie et imagerie m\u00e9dicale\nR\u00e9animation m\u00e9dicale\n270000060 CENTRE HOSPITALIER\nBERNAY\nAnesth\u00e9sie-r\u00e9animation\nG\u00e9riatrie\nM\u00e9decine d'urgence\nRadiologie et imagerie m\u00e9dicale\n270000086 CENTRE HOSPITALIER\nGISORS\nBiologie m\u00e9dicale\nG\u00e9riatrie\nM\u00e9decine d'urgence\n270000110 CENTRE HOSPITALIER\nVERNEUIL SUR AVRE\nG\u00e9riatrie\nM\u00e9decine g\u00e9n\u00e9rale\nM\u00e9decine d'urgence\n270000219 CENTRE HOSPITALIER SPECIALISE DE \nNAVARRE\nM\u00e9decine g\u00e9n\u00e9rale\nPsychiatrie\n610780074 CENTRE HOSPITALIER\nL'AIGLE\nChirurgie visc\u00e9rale et digestive\nG\u00e9riatrie\nGyn\u00e9cologie-obst\u00e9trique\nM\u00e9decine d'urgence\nP\u00e9diatrie\nRadiologie et imagerie m\u00e9dicale\n760024042 C.H.I. ELBEUF-LOUVIERS VAL DE REUIL Anesth\u00e9sie-r\u00e9animation\nCardiologie et maladies vasculaires\nChirurgie orthop\u00e9dique et traumatologie\nChirurgie urologique\nChirurgie vasculaire\nG\u00e9riatrie\nGyn\u00e9cologie-obst\u00e9trique\nH\u00e9pato-Gastro-Ent\u00e9rologie\nM\u00e9decine g\u00e9n\u00e9rale\nM\u00e9decine interne\nM\u00e9decine Physique et R\u00e9adaptation\nM\u00e9decine d'urgence\nN\u00e9phrologie\nOncologie m\u00e9dicale\nPneumologie\nRadiologie et imagerie m\u00e9dicale\n760780239 CHU - ROUEN\nAnesth\u00e9sie-r\u00e9animation\nChirurgie orale\nG\u00e9riatrie\nM\u00e9decine g\u00e9n\u00e9rale\nM\u00e9decine Physique et R\u00e9adaptation\nM\u00e9decine d'urgence\nM\u00e9decine et sant\u00e9 au travail\nPsychiatrie\nRadiologie et imagerie m\u00e9dicale\n760780064 CENTRE HOSPITALIER\nNEUFCHATEL-EN-BRAY\nG\u00e9riatrie\nM\u00e9decine g\u00e9n\u00e9rale\n760780049 CENTRE HOSPITALIER\nGOURNAY-EN-BRAY\nG\u00e9riatrie\nM\u00e9decine g\u00e9n\u00e9rale\n760780262 CENTRE HOSPITALIER BELVEDERE\nMONT-SAINT-AIGNAN\nAnesth\u00e9sie-r\u00e9animation\nGyn\u00e9cologie-obst\u00e9trique\n760782425 CENTRE HOSPITALIER\nBOIS PETIT\nG\u00e9riatrie\nM\u00e9decine g\u00e9n\u00e9rale\n760780270 CENTRE HOSPITALIER SPECIALISE DU \nROUVRAY\nM\u00e9decine g\u00e9n\u00e9rale\nPsychiatrie\n760782425 CENTRE HOSPITALIER\nEU\nG\u00e9riatrie \nM\u00e9decine g\u00e9n\u00e9rale\n760780023 CENTRE HOSPITALIER\nDIEPPE\nAnesth\u00e9sie-r\u00e9animation\nCardiologie et maladies vasculaires\nChirurgie urologique\nG\u00e9riatrie\nGyn\u00e9cologie-obst\u00e9trique\nH\u00e9pato-gastro-ent\u00e9rologie\nM\u00e9decine g\u00e9n\u00e9rale\nM\u00e9decine d'urgence\nM\u00e9decine physique et de r\u00e9adaptation\nN\u00e9phrologie\nNeurologie\nOncologie m\u00e9dicale\nP\u00e9diatrie\nPneumologie\nPsychiatrie\nRadiologie et imagerie m\u00e9dicale\nArt.2 : La pr\u00e9sente liste est arr\u00eat\u00e9e pour la dur\u00e9e de validit\u00e9 restant \u00e0 courir de la liste fix\u00e9e par l'arr\u00eat\u00e9 du 19 septembre 2022, soit jusqu'au 18\nseptembre 2025.  Elle est r\u00e9visable annuellement.\nArt.3 : Le pr\u00e9sent arr\u00eat\u00e9 annule et remplace l'arr\u00eat\u00e9 du 11 avril 2023.\nSign\u00e9 : Pour Le Directeur g\u00e9n\u00e9ral, le Directeur de l'Attractivit\u00e9 des M\u00e9tiers et de la Transformation Num\u00e9rique : Pierre TSUJI\n\uf0bf\nDIRECTION DEPARTEMENTALE DE L'EMPLOI, DES SOLIDARIT\u00c9S ET DU TRAVAIL\nArr\u00eat\u00e9 pr\u00e9fectoral du 8 juin 2023 autorisant l'extension d'un Centre Provisoire d'H\u00e9bergement (CPH) g\u00e9r\u00e9 par l'Association France\nTerre d'Asile pour une capacit\u00e9 suppl\u00e9mentaire de 15 places \u00e0 Saint-L\u00f4\nConsid\u00e9rant l'information IOMV2235111J du 15 d\u00e9cembre 2022 relative aux appels \u00e0 projets pour la cr\u00e9ation de 1 000 nouvelles places de\ncentre provisoire d'h\u00e9bergement (CPH) en 2023,\nConsid\u00e9rant l'appel \u00e0 projets publi\u00e9 au recueil des actes administratifs de la Pr\u00e9fecture de la Manche le 03 janvier 2023,\nConsid\u00e9rant le projet d\u00e9pos\u00e9 le 02 mars 2023 par l'Association France Terre d'Asile pour l'extension de 15 places du CPH de Saint-L\u00f4,\nConsid\u00e9rant le rapport \u00e9tabli par Mme H\u00e9l\u00e8ne SEMINIAKO, instructeur des projets sociaux \u00e0 la direction d\u00e9partemental de l'emploi, du travail et\ndes solidarit\u00e9s,\nConsid\u00e9rant l'avis portant classement formul\u00e9 par la commission d'information et de s\u00e9lection d'appel \u00e0 projets r\u00e9unie le 22 mars 2023,\nConsid\u00e9rant le courrier du minist\u00e8re de l'int\u00e9rieur, direction de l'asile du 3 mai 2023 validant le projet pr\u00e9sent\u00e9 par l'association FTDA. \nArt.1 : Le projet pr\u00e9sent\u00e9 par l'Association France Terre d'Asile (FTDA) pr\u00e9voyant l'extension du Centre Provisoire d'H\u00e9bergement (CPH) de\nSaint-L\u00f4 de 15 places suppl\u00e9mentaires est valid\u00e9 \u00e0 compter du 3 mai 2023.\nArt.2 : Les conditions d'autorisation du CPH de Saint-L\u00f4 sont d\u00e9sormais les suivantes :\n- capacit\u00e9 : 65 places ;\n- population accueillie : m\u00e9nages r\u00e9fugi\u00e9s statutaires ou b\u00e9n\u00e9ficiaires d'une protection subsidiaire. \nArt.3 : L'autorisation accord\u00e9e \u00e0 l'article 1er du pr\u00e9sent arr\u00eat\u00e9 ne recevra l'effet pr\u00e9vu \u00e0 l'article L.313-6 du code de l'action sociale et des\nfamilles, qu'apr\u00e8s la r\u00e9alisation de la visite de conformit\u00e9 pr\u00e9vue par l'article D.313-11.\nArt.4 : En application de l'article L.313-1 du code de l'action sociale et des familles, l'autorisation susvis\u00e9e est accord\u00e9e pour un d\u00e9lai de 15 ans\n\u00e0 compter de la notification du pr\u00e9sent arr\u00eat\u00e9. Le renouvellement, total ou partiel, de celle-ci est subordonn\u00e9 aux r\u00e9sultats de l'\u00e9valuation\nmentionn\u00e9e au premier alin\u00e9a de l'article L. 312-8 du casf.\nArt.5: Cet arr\u00eat\u00e9 peut faire l'objet :\n- d'un recours gracieux aupr\u00e8s des services de la Pr\u00e9fecture de la Manche dans un d\u00e9lai de deux mois \u00e0 compter de sa notification ;\n- d'un recours contentieux devant le tribunal administratif de Caen - 3 rue Arthur le Duc  - 14000 Caen dans un d\u00e9lai de deux mois \u00e0 compter de\nsa date de notification.\nSign\u00e9 : Le Pr\u00e9fet : Fr\u00e9d\u00e9ric PERISSAT\n\uf0bf\nArr\u00eat\u00e9 d'autorisation du 20 juin 2023 d'extension du Centre d'H\u00e9bergement et de R\u00e9insertion Sociale (CHRS) \u00ab Louise Michel \u00bb g\u00e9r\u00e9\npar l'Association \u00ab Femmes \u00bb pour une capacit\u00e9 suppl\u00e9mentaire de deux places d'urgence d\u00e9di\u00e9es aux femmes victimes de violence\nConsid\u00e9rant que ce projet r\u00e9pond aux besoins constat\u00e9s sur le territoire,\nConsid\u00e9rant les avis du Directeur d\u00e9partemental de l'emploi, du travail et des solidarit\u00e9s de la Manche, en charge de la gestion du parc\nd'h\u00e9bergement du d\u00e9partement et de la Directrice r\u00e9gionale de l'\u00e9conomie, de l'emploi, du travail et des solidarit\u00e9s en charge de la tarification\ndes CHRS,\nArt.1 : Le projet relatif \u00e0 la transformation de deux places d'urgence subventionn\u00e9es d\u00e9di\u00e9es \u00e0 l'accueil des femmes victimes de violences sous\nstatut CHRS, au profit de l'association \u00ab Femmes \u00bb, gestionnaire du CHRS \u00ab Louise Michel \u00bb, est accept\u00e9.\nArt.2 : Les conditions d'autorisation du CHRS \u00ab Louise Michel \u00bb sont d\u00e9sormais les suivantes :\nCapacit\u00e9 :  44 places dont :\n- 30 places d'insertion\n- 4 places d'urgence\n- 10 places d'urgence d\u00e9di\u00e9es \u00e0 l'accueil des FVV\nPopulation accueillie :\nFemmes avec enfants de plus de 3 ans ou sans enfants, sans h\u00e9bergement \u00e0 la suite d'une rupture de vie conjugale ou familiale, d'un manque\nde ressources, de difficult\u00e9s d'insertion, d'une sortie de prison ou en danger de prostitution.\nArt.3 : En application des articles L. 313-1, alin\u00e9a 2 et D.313-7-2 du code de l'action sociale et des familles, l'autorisation sera r\u00e9put\u00e9e caduque\nen l'absence d'ouverture au public de l'\u00e9tablissement, dans un d\u00e9lai de quatre ans, suivant la notification de la d\u00e9cision d'autorisation.\nArt.4: En application du code de l'action sociale et des familles, le d\u00e9lai d'autorisation de quinze ans court \u00e0 compter de la date du dernier arr\u00eat\u00e9\nd'autorisation \u00e0 savoir le 22 juillet 2022. L'autorisation susvis\u00e9e est donc accord\u00e9e jusqu'au 22 juillet 2037. \nArt.5 : Cet arr\u00eat\u00e9 peut faire l'objet d'un recours gracieux aupr\u00e8s des services de la Pr\u00e9fecture de la Manche dans un d\u00e9lai de deux mois \u00e0\ncompter de sa notification ; d'un recours contentieux devant le tribunal administratif de Caen \u2013 3 rue Arthur le Duc \u2013 14000 Caen dans un d\u00e9lai\nde deux mois \u00e0 compter de sa date de notification.\nSign\u00e9 : Pour le Pr\u00e9fet, la Secr\u00e9taire g\u00e9n\u00e9rale : Perrine SERRE\n\uf0bf\nDIRECTION DEPARTEMENTALE DE LA PROTECTION DES POPULATIONS\nArr\u00eat\u00e9 pr\u00e9fectoral n\u00b0DDPP/2023-249 du 31 mai 2023 attribuant l'habilitation sanitaire \u00e0 Madame M\u00e9lin\u00e9e BR\u00c9GAND \nConsid\u00e9rant  que  Madame  M\u00e9lin\u00e9e  BR\u00c9GAND  remplit  les  conditions  de  l'attribution  de  l'habilitation  sanitaire  provisoire  en  justifiant  de\nl'inscription \u00e0 une session de formation reconnue au cours des 12 mois suivants sa demande de l'habilitation sanitaire;\nArt.1 : L'habilitation sanitaire pr\u00e9vue \u00e0 l'article L. 203-1 du code rural et de la p\u00eache maritime susvis\u00e9e est attribu\u00e9e pour une dur\u00e9e de 1 an \u00e0\nMadame M\u00e9lin\u00e9e BR\u00c9GAND , docteur v\u00e9t\u00e9rinaire administrativement domicili\u00e9(e) \u00e0 1 boulevard Willy Stein \u2013 ZA la croix vincent \u2013 50240 ST\nJAMES ; \nArt.2 : Dans la mesure o\u00f9 les conditions requises auront  \u00e9t\u00e9 respect\u00e9es, cette habilitation sanitaire  sera remplac\u00e9e par une habilitation\nsanitaire pour une dur\u00e9e de 5 ans renouvelable par p\u00e9riode de 5 ann\u00e9es tacitement reconduites sous r\u00e9serve pour le v\u00e9t\u00e9rinaire sanitaire de\njustifier \u00e0 l'issue de chaque p\u00e9riode de 5 ans, aupr\u00e8s du pr\u00e9fet de la Manche, du respect de ses obligations de formation continue pr\u00e9vues \u00e0\nl'article R. 203-12\nArt.3 : Madame M\u00e9lin\u00e9e BR\u00c9GAND, s'engage \u00e0 respecter les prescriptions techniques, administratives et le cas \u00e9ch\u00e9ant financi\u00e8res de mise en\n\u0153uvre des mesures de pr\u00e9vention, de surveillance ou de lutte prescrites par l'autorit\u00e9 administrative et des op\u00e9rations de police sanitaire\nex\u00e9cut\u00e9es en application de l'article L. 203-7 du code rural et de la p\u00eache maritime.\nArt.4 : Madame M\u00e9lin\u00e9e BR\u00c9GAND pourra \u00eatre appel\u00e9(e) par le pr\u00e9fet de ses d\u00e9partements d'exercice pour la r\u00e9alisation d'op\u00e9rations de police\nsanitaire au sein des lieux de d\u00e9tention ou des \u00e9tablissements pour lesquels il a \u00e9t\u00e9 d\u00e9sign\u00e9 v\u00e9t\u00e9rinaire sanitaire. Il sera tenu de concourir \u00e0 ces\nop\u00e9rations en application des dispositions de l'article L. 203-7 du code rural et de la p\u00eache maritime\nArt 5 :Tout manquement ou faute commis dans l'exercice de la pr\u00e9sente habilitation sanitaire entra\u00eenera l'application des dispositions pr\u00e9vues\naux articles R. 203-15, R. 228-6 et suivants du code rural et de la p\u00eache maritime. \nArt 6 : La pr\u00e9sente d\u00e9cision peut faire l'objet d'un recours devant le Tribunal Administratif de CAEN(14) dans un d\u00e9lai de deux mois \u00e0 compter\nde la date de notification. Le tribunal administratif peut \u00eatre saisi par l'application informatique \"T\u00e9l\u00e9recours citoyens\" accessible par le site\ninternet www.telerecours.fr\nSign\u00e9 : Le directeur d\u00e9partemental de la protection des populations :  Rapha\u00ebl FAYAZ-POUR\n\uf0bf\nDIRECTION DEPARTEMENTALE DES TERRITOIRES ET DE LA MER\nArr\u00eat\u00e9 pr\u00e9fectoral du 23 avril 2023 de prescriptions n\u00b0 2023-DDTM-SE-0053 au titre de l'article l 214-3 du code de l'environnement\nconcernant l'exp\u00e9rimentation de pompage visant a d\u00e9finir les besoins en eau du marais de Saint-Fromond, alimente par le canal Vire\n\u2013 Taute \u2013 Commune de Saint-Fromond\nConsid\u00e9rant que tout travaux en cours d'eau ou en zone humide peut faire l'objet d'un dossier de d\u00e9claration ou d'autorisation\nConsid\u00e9rant  que le dossier d'essai de pompage pour  d\u00e9finir les besoins  en eau du marais de Saint-Fromond est soumis \u00e0 dossier de\nd\u00e9claration sous la rubrique 1.2.1.0 et enregistr\u00e9 sous le n\u00b0 0100017306.\nArt.1 : objet de la d\u00e9claration\nLe syndicat de la Vire repr\u00e9sent\u00e9 par Madame LEGENDRE St\u00e9phanie est autoris\u00e9 sous r\u00e9serve du respect des prescriptions \u00e9nonc\u00e9es aux\narticles suivants \u00e0 proc\u00e9der \u00e0 un essai de pompage depuis la Vire vers le canal Vire \u2013 Taute dans le but d'\u00e9tudier l'alimentation et les\nbesoins en eau du marais de Saint-Fromond sur la commune de Saint-Fromond dans le cadre du projet de restauration de la continuit\u00e9\n\u00e9cologique du seuil de Porribet.\nRubrique Intitul\u00e9 R\u00e9gime\nArr\u00eat\u00e9s de \nprescriptions \ng\u00e9n\u00e9rales \ncorrespondant\n1.2.1.0. \nA l'exception des pr\u00e9l\u00e8vements faisant l'objet d'une convention avec \nl'attributaire du d\u00e9bit affect\u00e9 pr\u00e9vu par l'article L. 214-9, pr\u00e9l\u00e8vements et \ninstallations et ouvrages permettant le pr\u00e9l\u00e8vement, y compris par \nd\u00e9rivation, dans un cours d'eau, dans sa nappe d'accompagnement ou \ndans un plan d'eau ou canal aliment\u00e9 par ce cours d'eau ou cette nappe :\n1\u00b0 D'une capacit\u00e9 totale maximale sup\u00e9rieure ou \u00e9gale \u00e0 1 000 m3/ heure\nou \u00e0 5 % du d\u00e9bit du cours d'eau ou, \u00e0 d\u00e9faut, du d\u00e9bit global \nd'alimentation du canal ou du plan d'eau (A) ;\n2\u00b0 D'une capacit\u00e9 totale maximale comprise entre 400 et 1 000 m3/ heure\nou entre 2 et 5 % du d\u00e9bit du cours d'eau ou, \u00e0 d\u00e9faut, du d\u00e9bit global \nd'alimentation du canal ou du plan d'eau (D).\nD\u00e9claration Arr\u00eat\u00e9 du 11 \nseptembre 2003\nIl est pr\u00e9cis\u00e9 que tous travaux ou activit\u00e9s relevant d'autres rubriques de la nomenclature que celles vis\u00e9es ci-dessus ne peuvent \u00eatre r\u00e9alis\u00e9s\nsans \u00eatre port\u00e9s pr\u00e9alablement \u00e0 la connaissance du Pr\u00e9fet et instruits dans les formes pr\u00e9vues par la r\u00e9glementation en vigueur.\nArt.2 : p\u00e9riode de l'exp\u00e9rimentation\nL'exp\u00e9rimentation est autoris\u00e9e entre le 1er avril et le 30 novembre 2023.\nArt.3 : objectif de l'exp\u00e9rimentation\nL'exp\u00e9rimentation a pour objectif de d\u00e9terminer le meilleur sc\u00e9nario \u00e0 mettre en \u0153uvre pour r\u00e9aliser la restauration de la continuit\u00e9 \u00e9cologique\nau seuil de Porribet tout en conservant une alimentation en eau suffisante \u00e0 la pr\u00e9servation de la biodiversit\u00e9 et des usages anthropiques du\nmarais de Saint-Fromond par l'interm\u00e9diaire du canal Douve \u2013 Taute.\nArt.4 : localisation de l'exp\u00e9rimentation\nL'exp\u00e9rimentation consiste \u00e0 installer une station de pompage \u00e0 l'amont au droit de la premi\u00e8re \u00e9cluse laiss\u00e9e ferm\u00e9e du canal Vire - Taute\n(Annexe 1) afin de :\n- de d\u00e9terminer les besoins en eau du marais,\n- de d\u00e9finir le d\u00e9bit d'alimentation du canal n\u00e9cessaire au bon fonctionnement du canal et du marais,\n- de justifier les d\u00e9bits d'alimentation du marais de Saint-Fromond par le biais de l'ancien canal de navigation et en vue d'une r\u00e9gularisation de\nla prise d'eau du canal actuellement non d\u00e9clar\u00e9e.\nArt.5 : moyens techniques de l'exp\u00e9rimentation\nUne  pompe  \u00e9lectrique  de  type  dilac\u00e9ratrice  au  d\u00e9bit  r\u00e9glable  avec  compteur  sera  immerg\u00e9e  \u00e0  l'amont  imm\u00e9diat  de  l'\u00e9cluse  obturant\nl'alimentation par la Vire.\nUne sonde de niveau sera install\u00e9e cot\u00e9 canal, en aval du batardeau afin de permettre l'arr\u00eat de la pompe lorsque le niveau maximal sera\natteint dans le canal afin d'\u00e9viter tout d\u00e9bordement de ce dernier.\nUne armoire de commande permettra de g\u00e9rer l'ensemble du dispositif, qui sera raccord\u00e9 au r\u00e9seau ENEDIS situ\u00e9 \u00e0 proximit\u00e9 du lieu de\npompage, au lieu-dit Hameau de Porribet par un branchement \u00e9lectrique en triphas\u00e9 de 32KVA.\nPour \u00e9viter toute intervention sur le batardeau, le tuyau de refoulement sera install\u00e9 de mani\u00e8re \u00e0 passer au-dessus du batardeau et \u00e0 se rejeter\ndans le sas de l'\u00e9cluse.\nUn d\u00e9bitm\u00e8tre sera positionn\u00e9 sur la pompe pour permettre un relev\u00e9  journalier des d\u00e9bits pr\u00e9lev\u00e9s dans le cours d'eau.\nArt.6 : phases de l'exp\u00e9rimentation\n- Phase 1  : remplissage du canal jusqu'\u00e0 l'obtention d'un niveau dans le canal optimal de 2,6  m NGF, afin de cr\u00e9er une r\u00e9serve d'eau pour\nassurer l'alimentation en eau de l'ensemble des prises d'eau.\n- Phase 2  : d\u00e9finition du d\u00e9bit pour conna\u00eetre les besoins en eau du marais. L'exp\u00e9rimentation commencera avec un d\u00e9bit de 20  l/s (70m3/h)\npuis une hausse progressive en fonction des besoins par palier de 7  l/s jusqu'\u00e0 la limite des 53 l/s. En cas de d\u00e9bit de la pompe trop important,\nune r\u00e9duction de celui-ci par palier de 5 l/s sera effectu\u00e9.\n- Phase 3 : \u00e9tude des pertes et des fuites du canal. Le canal sera isol\u00e9 et aucun pr\u00e9l\u00e8vement ne sera effectu\u00e9 dans le milieu, ceci pour d\u00e9finir\nles  pertes  en  eau.  Un  report  sera  effectu\u00e9  au  printemps  2024  en  cas  de  param\u00e8tres  perturbant  l'exp\u00e9rimentation  (pr\u00e9cipitations  trop\nabondantes, arr\u00eat\u00e9 s\u00e9cheresse , etc...).\nArt.7 : arr\u00eat de pompage\nLe p\u00e9titionnaire devra \u00eatre imm\u00e9diatement en mesure d'arr\u00eater l'essai de pompage dans les cas suivants :\n- Dans le cadre de l'arr\u00eat\u00e9 d\u00e9partemental s\u00e9cheresse, d\u00e8s le passage au niveau \u00ab crise \u00bb.\n- Lorsque le d\u00e9bit alimentant le canal devient insuffisant au maintien du fonctionnement hydraulique.\n- Lorsque le d\u00e9bit de la Vire devient inf\u00e9rieur au 1/10\u1d49 du module (1,56  m\u00b3/s), une autorisation devra \u00eatre demand\u00e9e \u00e0 la DDTM pour pouvoir\npomper jusqu'au 1/20\u1d49 du module (0,78 m\u00b3/s).\nArt.8 : moyens de surveillance et transmission des donn\u00e9es\n- Contr\u00f4le du niveau de la Vire \u00e0 l'\u00e9chelle limnim\u00e9trique de l'\u00e9cluse de Porribet (Annexe 2).\n- A la r\u00e8gle de la Couaille, maintien d'un niveau d'eau minimal \u00e0 1,70 m et maximal \u00e0 2,2 m IGN69 (Annexe 2).\n- Sous le pont de la Couaille (route menant au lieu-dit Fresbourge), maintien d'un niveau d'eau minimal \u00e0 1,40  m et maximal \u00e0 2,00  m IGN69\n(Annexe 2).\n- Un dispositif de refoulement sera install\u00e9 dans le batardeau, 50 cm au-dessus du niveau d'eau cibl\u00e9 (Cf. Art 6).\n- Une sonde de niveau sera mise en place au niveau de l'\u00e9cluse, c\u00f4t\u00e9 Vire, en amont du pompage, afin de permettre l'arr\u00eat de la pompe lorsque\nle niveau d'eau dans la Vire atteindra le d\u00e9bit r\u00e9serv\u00e9.\n- Les mesures effectu\u00e9es quotidiennement seront transmises au service environnement de la DDTM sous forme de registre num\u00e9rique (Cf.\nAnnexe 3)\nArt.9 : gestion et pr\u00e9vention des pollutions accidentelles\nLe permissionnaire met en \u0153uvre les proc\u00e9dures et moyens permettant de pr\u00e9venir et de lutter contre toute pollution accidentelle lors de\nl'am\u00e9nagement et de l'exploitation de l'ouvrage.\nTout incident est imm\u00e9diatement d\u00e9clar\u00e9 au pr\u00e9fet et aux maires concern\u00e9s, conform\u00e9ment \u00e0 l'article L.211-5 du code de l'environnement et,\nsans pr\u00e9judice des mesures que peut prescrire le pr\u00e9fet, le b\u00e9n\u00e9ficiaire prend ou fait prendre toutes les mesures possibles pour mettre fin \u00e0 la\ncause de danger ou d'atteinte au milieu aquatique et y rem\u00e9dier.\nArt.10 : voies et d\u00e9lais de recours\nLa pr\u00e9sente d\u00e9cision peut \u00eatre d\u00e9f\u00e9r\u00e9e au tribunal administratif de Caen, juridiction territorialement comp\u00e9tente :\n\u2013 par le p\u00e9titionnaire, dans un d\u00e9lai de deux mois \u00e0 compter du jour o\u00f9 la pr\u00e9sente d\u00e9cision lui a \u00e9t\u00e9 notifi\u00e9e,\n\u2013 par les tiers, personnes physiques ou morales, les communes int\u00e9ress\u00e9es ou leurs groupements, dans un d\u00e9lai d'un an \u00e0 compter de la\npublication ou de l'affichage dudit acte.\nLe tribunal administratif peut \u00eatre saisi par l'application informatique \"T\u00e9l\u00e9recours citoyens\" accessible par le site internet www.telerecours.fr.\nArt.11 : autres r\u00e9glementations\nLe pr\u00e9sent  arr\u00eat\u00e9  ne dispense  en  aucun  cas  le d\u00e9clarant  de  faire les d\u00e9clarations  ou d'obtenir  les  autorisations  requises  par  d'autres\nr\u00e9glementations, notamment en mati\u00e8re d'urbanisme.\nArt.12 : droits des tiers\nLes droits des tiers sont et demeurent express\u00e9ment r\u00e9serv\u00e9s.\nArt.13 : publication et information des tiers\nConform\u00e9ment \u00e0 l'article R.214-37 du code de l'environnement, une copie de cet arr\u00eat\u00e9 sera transmise \u00e0 la mairie de la commune de\nSAINT-FROMOND, pour affichage pendant une dur\u00e9e minimale d'un mois ainsi qu'au pr\u00e9sident de la Commission Locale de l'Eau du\nSAGE VIRE. Ces informations seront mises \u00e0 disposition du public sur le site Internet de la pr\u00e9fecture de la MANCHE pendant une dur\u00e9e\nd'au moins 6 mois.\nSign\u00e9 :Pour le Pr\u00e9fet, pour la Directrice d\u00e9partementale des Territoires et de la Mer, et par d\u00e9l\u00e9gation, le chef du Service Environnement  :\nOlivier CATTIAUX\n~ o le) 'fe _ O a Le] Le uP) oo \u00a9 nn > =) O\nANNEXE 1\n\nGrade ar\u00e9aladie \u00e0 La resteeration de la continuit\u00e9 \u00e9colagique ay grok de seul de Porribet\nex \u00abx MY 4\u00b0 4 Vall\u00e9e= ae = Sp* - ? Ge 2 \\ / FAE tr er / M SS\u00e0 -J\u00e9\u00e9n. Daye'Echelle limnim\u00e9trique del'\u00e9cluse de Porribet\nR\u00e8gle de la couaile| BA 1aLeePia Hoguetta1 Ps\nVAT LE| RL  aN\nL\u00e9gende{| cuvrages dans marais St Fromondan 4 Td \u00a9 prise eau7 [de\"-Goi|=\u2014 vire\"| canal View-Taute\u2014 cours eau DDTMSO dans marais & Fromond\u2014 foss\u00e9s statutaires marais St Fromond\u2014 limes secondairesfoss\u00e9s tertiaires2407 emprise_marais_st_fromond~~ SCAN 25 TOPO* (Metropole)\nANNEXE 2\nLieu de surveillance - phase 2 de l'essai de pompage\nANNEXE 3\n\uf0bf\nArr\u00eat\u00e9 n\u00b0 2023-DDTM-SE-0079 du 6 juin 2023 portant d\u00e9claration d'int\u00e9r\u00eat g\u00e9n\u00e9ral au titre de l'article l.211-7 du code de\nl'environnement de travaux issus du programme de restauration des cours d'eau du bassin versant du Beaucoudray, du Precorbin /\ndu Torigny et de la Vire moyenne\nConsid\u00e9rant que la restauration par des techniques douces permet de garantir l'\u00e9coulement naturel des eaux et de contribuer \u00e0 son bon \u00e9tat\n\u00e9cologique dans le respect de l'article L.211-1 du Code de l'Environnement ;\nConsid\u00e9rant que ces techniques vont permettre un retour, un maintien des habitats aquatiques et d'accro\u00eetre la qualit\u00e9 de la ressource en eau.\nConsid\u00e9rant que tout travaux sur cours d'eau relevant d'une d\u00e9claration d'int\u00e9r\u00eat g\u00e9n\u00e9ral doit se conformer aux articles L 110-1, L 120-1 et\nsuivants, L 211-1, L 211-7, L 211-7-1 et L 435-5 ;\nConsid\u00e9rant que Saint-L\u00f4 Agglo qui poss\u00e8de la comp\u00e9tence GEMAPI est en mesure de r\u00e9aliser des op\u00e9rations permettant d'accro\u00eetre et\nd'am\u00e9liorer les fonctionnalit\u00e9s des milieux aquatiques.\nSUR proposition du secr\u00e9taire g\u00e9n\u00e9ral de la pr\u00e9fecture ;\nArt.1 :  Sont d\u00e9clar\u00e9s d'int\u00e9r\u00eat g\u00e9n\u00e9ral, les travaux d'entretien du bassin versant du Beaucoudray, du Pr\u00e9corbin  , du Torigny et de la Vire\nMoyenne.\nArt.2 : Ces travaux comprennent le d\u00e9broussaillage, l'\u00e9lagage, le rec\u00e9page, l'abattage ponctuel, le bouturage, la plantation d'essences locales,\nl'enl\u00e8vement  d'emb\u00e2cles,  de d\u00e9chets  et de cl\u00f4tures  en travers du lit, l'arrachage et la destruction de plantes  invasives,  l'am\u00e9nagement\nd'abreuvoirs, de pompes de prairie et de bacs, de passages (hydrotubes, passerelles bois, passerelles mixtes bois/m\u00e9tal, passage \u00e0 gu\u00e9) pour\nanimaux et engins, la pose de cl\u00f4tures en berge, les am\u00e9nagements ponctuels de diversification des \u00e9coulements et la protection de berge par\ntechnique v\u00e9g\u00e9tale, des annexes et du lit majeur, des berges et de la ripisylve.\nDes actions sur la restauration de la continuit\u00e9 et de la ligne d'eau seront entreprises (retrait d'ouvrages mal cal\u00e9s, vestiges d'ouvrages dans le\ncours d'eau, r\u00e9int\u00e9gration du cours d'eau dans sont lit originel).\nDans le cas des ouvrages  n\u00e9cessitant  une \u00e9tude compl\u00e9mentaires  (seuil de moulin, etc.),  une proc\u00e9dure administrative (d\u00e9claration ou\nautorisation) devra \u00eatre r\u00e9alis\u00e9e pour s'assurer de la conformit\u00e9 r\u00e9glementaire des travaux.\n\nCes  travaux  sont  accompagn\u00e9s  d'actions  transversales  ou  d'accompagnement  telles  que  l'animation  du  programme,  les  actions  de\ncommunication et la production d'indicateurs de suivi.\nArt.3 : L'entretien consiste \u00e0 enlever les emb\u00e2cles sous r\u00e9serve que ceux-ci ne participent pas au maintien des berges et les d\u00e9bris flottants ou\nnon, \u00e0 maintenir l'\u00e9coulement naturel des eaux, \u00e0 \u00e9laguer et rec\u00e9per la v\u00e9g\u00e9tation arbor\u00e9e des rives afin d'assurer la tenue des berges et de\npr\u00e9server la faune et la flore dans le respect du bon fonctionnement des \u00e9cosyst\u00e8mes aquatiques.\nLes produits de coupe ne doivent en aucun cas \u00eatre abandonn\u00e9s dans le courant. Ils sont, dans l'attente de leur \u00e9vacuation ou de leur\n\u00e9limination, d\u00e9pos\u00e9s obligatoirement hors du lit majeur pour ne pas \u00eatre repris par les crues.\nArt.4 : Les acc\u00e8s au chantier sont localis\u00e9s \u00e0 proximit\u00e9 des routes d\u00e9partementales et communales, de chemins carrossables communaux ou\npriv\u00e9s. Dans ce dernier cas, ils font l'objet d'un accord pr\u00e9alable du propri\u00e9taire.\nArt.5 : Les propri\u00e9taires riverains concern\u00e9s par les travaux en cours d'eau sont recens\u00e9s dans le tableau annex\u00e9 au pr\u00e9sent arr\u00eat\u00e9.\nArt.6 : Aucune contribution financi\u00e8re n'est demand\u00e9e aux propri\u00e9taires concern\u00e9s par les travaux.\nArt.7 : Les droits des tiers sont et demeurent express\u00e9ment r\u00e9serv\u00e9s.\nArt.8 : Le permissionnaire \u00e9tablit annuellement un bilan des travaux r\u00e9alis\u00e9s. Ce bilan est transmis au service en charge de la police des eaux\nqui fait conna\u00eetre au permissionnaire la date de la visite de contr\u00f4le des travaux et lui indique les \u00e9ventuelles mesures compl\u00e9mentaires \u00e0\nprendre.\nArt.9 : \u00c0 toute \u00e9poque, le permissionnaire est tenu de donner aux agents charg\u00e9s de la police des eaux et de la p\u00eache, acc\u00e8s aux ouvrages.\nSur les r\u00e9quisitions des fonctionnaires du service de contr\u00f4le, le permissionnaire doit les mettre \u00e0 m\u00eame de proc\u00e9der \u00e0 leurs frais, \u00e0 toutes les\nmesures de v\u00e9rifications utiles pour constater l'ex\u00e9cution du pr\u00e9sent r\u00e8glement.\nArt.10 :  La pr\u00e9sente d\u00e9claration d'int\u00e9r\u00eat  g\u00e9n\u00e9ral  est d\u00e9livr\u00e9e pour  une dur\u00e9e de cinq ans  \u00e0 dater  de la notification du pr\u00e9sent  arr\u00eat\u00e9,\nrenouvelable une fois. Elle devient caduque si les travaux, actions, ouvrages ou installations n'ont pas fait l'objet d'un commencement de\nr\u00e9alisation substantiel dans un d\u00e9lai de trois ans.\nArt.11 : Le pr\u00e9sent arr\u00eat\u00e9 est publi\u00e9 aux recueils des actes administratifs de la pr\u00e9fecture. Il est \u00e9galement consultable pendant une dur\u00e9e d'un\nan sur le portail Internet des services de l'\u00c9tat dans la Manche.\nUne copie dudit arr\u00eat\u00e9 est d\u00e9pos\u00e9e en mairies de Saint-Jean-d'Elle, Saint-Amand-Villages, Torigny-les-Villes et Tessy-Bocage, Beaucoudray,\nMontabot et Cond\u00e9-sur-Vire pour mise \u00e0 disposition de toute personne int\u00e9ress\u00e9e  ; elle est affich\u00e9e dans ces communes pendant une dur\u00e9e\nminimale d'un mois.\nUn avis est ins\u00e9r\u00e9 par les soins du pr\u00e9fet et aux frais des permissionnaires dans la presse locale. \nArt.12 : Le pr\u00e9sent arr\u00eat\u00e9 peut faire l'objet d'un recours devant le tribunal administratif de Caen \u00e0 compter de sa publication au recueil des actes\nadministratifs de la pr\u00e9fecture de la Manche, par les permissionnaires dans un d\u00e9lai de deux mois et par les tiers, personnes physiques ou\nmorales dans un d\u00e9lai d'un an devant la juridiction administrative. \nLe  tribunal  administratif  peut  aussi  \u00eatre  saisi  par  l'application  informatique  \u00ab T\u00e9l\u00e9recours  Citoyens \u00bb  accessible  par  le  site  internet\nwww.telerecours.fr\nToutefois, si le d\u00e9but des travaux n'est pas intervenu six mois apr\u00e8s la publication ou l'affichage de ces d\u00e9cisions, le d\u00e9lai de recours continue \u00e0\ncourir jusqu'\u00e0 l'expiration d'une p\u00e9riode de six mois apr\u00e8s ce d\u00e9but des travaux.\nSign\u00e9 :Pour le Pr\u00e9fet, pour la Directrice d\u00e9partementale des Territoires  et  de la Mer, et  par  d\u00e9l\u00e9gation,  le chef  du Service Environnement :\nOlivier CATTIAUX\nANNEXES\n1 \u2013  Liste des propri\u00e9taires riverains et localisation des parcelles dans le cadre du programme d'entretien et de restauration*.\n2 \u2013 Atlas g\u00e9ographique*.\n*Ces \u00e9l\u00e9ments sont fournis en format d\u00e9mat\u00e9rialis\u00e9 pdf.\n\uf0bf\nArr\u00eat\u00e9 pr\u00e9fectoral de prescriptions n\u00b0 2023-DDTM-SE-0076 du 12 juin 2023 au titre de l'article l 214-3 du code de l'environnement\nconcernant la r\u00e9fection de l'aqueduc de Courcy 50200 \nConsid\u00e9rant que les travaux de r\u00e9fection d'ouvrage hydraulique entre dans le cadre de l'article R214-1 du code de l'environnement.\nConsid\u00e9rant que la soci\u00e9t\u00e9 SNCF doit proc\u00e9der \u00e0 l'entretien de l'ouvrage hydraulique au point kilom\u00e9trique 43+232 de la ligne n\u00b0 415 000 reliant\nLison \u00e0 Lamballe.\nArt.1 :SNCF R\u00e9seau repr\u00e9sent\u00e9 par Monsieur PRESENT Aur\u00e9lien est autoris\u00e9 sous r\u00e9serve du respect des prescriptions \u00e9nonc\u00e9es aux articles \nsuivants \u00e0 proc\u00e9der \u00e0 la r\u00e9fection de l'aqueduc au point kilom\u00e9trique 43+232 de la ligne n\u00b0 415 000 reliant Lison \u00e0 Lamballe.\nRubrique Intitul\u00e9 R\u00e9gime Arr\u00eat\u00e9s de prescriptions \ng\u00e9n\u00e9rales correspondant\n3.1.2.0. Installations, ouvrages, travaux ou activit\u00e9s conduisant \u00e0 modifier le profil \nen long ou le profil en travers du lit mineur d'un cours d'eau, \u00e0 l'exclusion \nde ceux vis\u00e9s \u00e0 la rubrique 3.1.4.0, ou conduisant \u00e0 la d\u00e9rivation d'un \ncours d'eau :\n1\u00b0 Sur une longueur de cours d'eau sup\u00e9rieure ou \u00e9gale \u00e0 100 m (A) ;\n2\u00b0 Sur une longueur de cours d'eau inf\u00e9rieure \u00e0 100 m (D).\nLe lit mineur d'un cours d'eau est l'espace recouvert par les eaux coulant \n\u00e0 pleins bords avant d\u00e9bordement.\nD\u00e9claration Arr\u00eat\u00e9 du 28 novembre \n2007 fixant les \nprescriptions g\u00e9n\u00e9rales \napplicables aux \ninstallations, ouvrages, \ntravaux ou activit\u00e9s \nsoumis \u00e0 d\u00e9claration en \napplication des articles L. \n214-1 \u00e0 L. 214-6 du code \nde l'environnement et \nrelevant de la rubrique \n3.1.2.0 (2\u00b0) de la \nnomenclature annex\u00e9e \nau tableau de l'article R. \n214-1 du code de \nl'environnement\nIl est pr\u00e9cis\u00e9 que tous travaux ou activit\u00e9s relevant d'autres rubriques de la nomenclature que celles vis\u00e9es ci-dessus ne peuvent \u00eatre r\u00e9alis\u00e9s\nsans \u00eatre port\u00e9s pr\u00e9alablement \u00e0 la connaissance du Pr\u00e9fet et instruits dans les formes pr\u00e9vues par la r\u00e9glementation en vigueur.\nArt.2 :La soci\u00e9t\u00e9 SNCF veillera \u00e0 supprimer toute chute d'eau r\u00e9siduelle de son ouvrage \u00e0 l'aval de celui-ci. (Cf. Annexe n\u00b01) \nArt.3 :Le permissionnaire met en \u0153uvre les proc\u00e9dures et moyens permettant de pr\u00e9venir et de lutter contre toute pollution accidentelle lors de\nl'am\u00e9nagement et de l'exploitation de l'ouvrage.\nTout incident est imm\u00e9diatement d\u00e9clar\u00e9 au pr\u00e9fet et aux maires concern\u00e9s, conform\u00e9ment \u00e0 l'article L.211-5 du code de l'environnement et,\nsans pr\u00e9judice des mesures que peut prescrire le pr\u00e9fet, le b\u00e9n\u00e9ficiaire prend ou fait prendre toutes les mesures possibles pour mettre fin \u00e0 la\ncause de danger ou d'atteinte au milieu aquatique et y rem\u00e9dier.\nArt.4 :La pr\u00e9sente d\u00e9cision peut \u00eatre d\u00e9f\u00e9r\u00e9e au tribunal administratif de Caen, juridiction territorialement comp\u00e9tente :\n\u2013 par le p\u00e9titionnaire, dans un d\u00e9lai de deux mois \u00e0 compter du jour o\u00f9 la pr\u00e9sente d\u00e9cision lui a \u00e9t\u00e9 notifi\u00e9e,\n\u2013 par les tiers, personnes physiques ou morales, les communes int\u00e9ress\u00e9es ou leurs groupements, dans un d\u00e9lai d'un an \u00e0 compter de la\npublication ou de l'affichage dudit acte.\nLe tribunal administratif peut \u00eatre saisi par l'application informatique \"T\u00e9l\u00e9recours citoyens\" accessible par le site internet www.telerecours.fr.\nArt.5 : Le pr\u00e9sent arr\u00eat\u00e9 ne dispense en aucun cas le d\u00e9clarant de faire les d\u00e9clarations ou d'obtenir les autorisations requises par d'autres\nr\u00e9glementations, notamment en mati\u00e8re d'urbanisme.\nArt.6 :Les droits des tiers sont et demeurent express\u00e9ment r\u00e9serv\u00e9s.\nArt.7 : C onform\u00e9ment \u00e0 l'article R.214-37 du code de l'environnement, une copie de cet arr\u00eat\u00e9 sera transmise \u00e0 la mairie de la commune de\nCOURCY, pour affichage pendant une dur\u00e9e minimale d'un mois.\nCes informations seront mises \u00e0 disposition du public sur le site Internet de la pr\u00e9fecture de la MANCHE pendant une dur\u00e9e d'au moins 6 mois.\nSign\u00e9 : Pour le Pr\u00e9fet et par d\u00e9l\u00e9gation, pour la Directrice D\u00e9partementale des Territoires et de la Mer, le Responsable de l'unit\u00e9 \u00ab  Eaux et\nMilieux Aquatiques \u00bb : Yann DUWELZ\nANNEXE 1 \nRadier d\u00e9sorganis\u00e9\n\uf0bf\nArr\u00eat\u00e9 n\u00b0 DDTM - SH-2023-023 du 22 juin 2023 portant r\u00e9siliation unilat\u00e9rale de la convention APL num\u00e9ro 50/3/03.2003/80-129/1015\nannulant et modifiant l'arr\u00eat\u00e9 n\u00b0 2023-001.\nConsid\u00e9rant que le logement locatif social a fait l'objet d'une vente le 17 f\u00e9vrier 2023 par le pr\u00e9c\u00e9dent propri\u00e9taire la SCI Les Dauphins, qui a\nrespect\u00e9 les engagements initiaux pendant plus de neuf ans,\nConsid\u00e9rant la r\u00e9forme de l'ANAH entr\u00e9e en vigueur le 1er octobre 2006 qui a supprim\u00e9 la reconduction triennale automatique,\nConsid\u00e9rant la demande du nouveau propri\u00e9taire de ne pas poursuivre les engagements de location, en date du 8 juin 2023,\nArt. 1 : La convention APL 50/3/03.2003/80.129/1015 est r\u00e9sili\u00e9e \u00e0 compter de la signature du pr\u00e9sent arr\u00eat\u00e9, en application de l'article L.353-\n12 du Code de la construction et de l'habitation.\nArt. 2 : Le pr\u00e9sent arr\u00eat\u00e9 est susceptible, dans un d\u00e9lai de deux mois \u00e0 compter de sa notification ou de sa publication de faire l'objet :\n- d'un recours gracieux devant le Pr\u00e9fet de la Manche ;\n- d'un recours hi\u00e9rarchique devant le Ministre de la Transition \u00c9cologique ;\n- d'un recours contentieux devant le tribunal administratif de Caen par voie postale ou par voie d\u00e9mat\u00e9rialis\u00e9e via \u00abt\u00e9l\u00e9recours citoyen\u00bb\naccessible sur le site Internet www.telerecours.fr.\nSign\u00e9 : Pour le Pr\u00e9fet et par d\u00e9l\u00e9gation, la Secr\u00e9taire G\u00e9n\u00e9rale : Perrine SERRE\n\uf0bf\nDIVERS\nDDFIP - Direction D\u00e9partementale des Finances Publiques\nArr\u00eat\u00e9 du 9 juin 2023 relatif au r\u00e9gime de fermeture exceptionnelle au public du Centre des finances publiques de Carentan\nArt. 1 : Les services du Centre des finances publiques de Carentan seront ferm\u00e9s \u00e0 titre exceptionnel :\n- le mercredi 09 ao\u00fbt 2023,\n- le mercredi 16 ao\u00fbt 2023,\n- le mercredi 23 ao\u00fbt 2023.\nArt. 2 : Le pr\u00e9sent arr\u00eat\u00e9 sera publi\u00e9 au recueil des actes administratifs de la Pr\u00e9fecture et affich\u00e9 dans les locaux des services vis\u00e9s \u00e0 l'article\n1er.\nSign\u00e9 Le directeur d\u00e9partemental des finances publiques de la Manche : Herv\u00e9 BRABANT\n\uf0bf\n\nDRAC - Direction R\u00e9gionale des Affaires Culturelles\nArr\u00eat\u00e9 n\u00b0 28-2023-328 du 23 juin 2023 portant d\u00e9limitation de zonage arch\u00e9ologique sur la commune de VALOGNES (MANCHE) et\nmodifiant l'arr\u00eat\u00e9 Z-2007-02 du 17 septembre 2007\nConsid\u00e9rant que la commune de VALOGNES offre un patrimoine arch\u00e9ologique remarquable et notamment une cit\u00e9 antique parmi les plus\nimportantes du d\u00e9partement de la Manche  ; que depuis 2011, de nouvelles recherches scientifiques ont r\u00e9v\u00e9l\u00e9 la pr\u00e9sence de nouveaux\nmonuments antiques majeurs confirmant ainsi le statut de cette agglom\u00e9ration  ; que sous la ville antique, il est d\u00e9tect\u00e9 des occupations\nprotohistoriques ; que la ville m\u00e9di\u00e9vale, dont l'histoire commence \u00e0 s'\u00e9crire gr\u00e2ce aux op\u00e9rations arch\u00e9ologiques r\u00e9centes Place du Ch\u00e2teau,\nm\u00e9rite d'\u00eatre plus amplement document\u00e9e,\nConsid\u00e9rant que tous ces \u00e9l\u00e9ments sugg\u00e8rent que des vestiges arch\u00e9ologiques nombreux et importants sont pr\u00e9sents sur les terrains inclus\ndans le p\u00e9rim\u00e8tre des zones d\u00e9finies par le pr\u00e9sent arr\u00eat\u00e9  ; qu'il est n\u00e9cessaire de prendre des mesures qui assureront leur protection ou\npermettront leur reconnaissance sur le long terme tout en accompagnant le d\u00e9veloppement de la commune  ; que ces mesures impliquent que\nles dossiers entrant dans le champ des articles R.523-4,1\u00b0 et R.523-5 du code du patrimoine soient transmis au pr\u00e9fet de r\u00e9gion en de\u00e7\u00e0 des\nseuils de saisine automatique ;\nArt. 1  : Il est institu\u00e9 sur la commune de VALOGNES (MANCHE) deux zones de pr\u00e9somption de prescription arch\u00e9ologique (ou zonage\narch\u00e9ologique) d\u00e9clinant chacune des degr\u00e9s diff\u00e9rents de sensibilit\u00e9 arch\u00e9ologique et d\u00e9nomm\u00e9es zones 1 et 2, en application de l'article\nR.523-6 du code du patrimoine. Leur p\u00e9rim\u00e8tre respectif est d\u00e9fini sur le plan annex\u00e9 au pr\u00e9sent arr\u00eat\u00e9 (annexe 1).\nLa zone 1 correspond aux sections AI, AK, AL, AM, AN, AO, AS et ZK.\nDans cette zone 1 est \u00e9galement concern\u00e9 l'ensemble de la voirie non cadastr\u00e9e.\nLa zone 2 correspond \u00e0 toutes les autres sections de la commune.\nDans cette zone 2 est \u00e9galement concern\u00e9 l'ensemble de la voirie non cadastr\u00e9e.\nArt. 2 : Toutes les demandes d'autorisation d'urbanisme entrant dans le champ de l'article R.523 -4,1\u00b0 et tous les travaux soumis \u00e0 d\u00e9claration\npr\u00e9alable entrant dans le champ du R.523-5 du Livre V du code du patrimoine doivent faire l'objet d'une saisine du pr\u00e9fet de r\u00e9gion (Direction\nr\u00e9gionale des affaires culturelles \u2013 Service r\u00e9gional de l'arch\u00e9ologie, 13 bis, rue Saint-Ouen, 14052 CAEN cedex 4) au-dessus des seuils\nd'assiette des projets et de profondeur des travaux indiqu\u00e9s aux articles 3 et 4 du pr\u00e9sent arr\u00eat\u00e9, afin que puissent \u00eatre prescrites, le cas\n\u00e9ch\u00e9ant, des mesures d'arch\u00e9ologie pr\u00e9ventive dans les conditions d\u00e9finies dans le livre V du code du patrimoine susvis\u00e9.\nArt. 3 : Les zones 1 et 2 cit\u00e9es dans l'article 1 entra\u00eenent la saisine des projets vis\u00e9s \u00e0 l'article 2, dont l'assiette est sup\u00e9rieure \u00e0 :\n- 0 m\u00b2 en zone 1\n- 500 m\u00b2 en zone 2\nArt. 4 : les seuils de profondeur mentionn\u00e9s \u00e0 l'article R.523-5 ne sont pas modifi\u00e9s.\nArt. 5 :  En application du second alin\u00e9a de l'article R.523-6, le pr\u00e9sent arr\u00eat\u00e9 sera adress\u00e9 au pr\u00e9fet du d\u00e9partement de la Manche aux fins\nde publication au recueil des actes administratifs de la pr\u00e9fecture, ainsi qu'au maire de la commune de VALOGNES et au Centre Instructeur\ndu Centre-Est Cotentin. Il fera l'objet d'un affichage en mairie pendant un mois \u00e0 compter du jour o\u00f9 il a \u00e9t\u00e9 re\u00e7u. Il sera tenu \u00e0 la disposition\ndu public en mairie. Il est demand\u00e9 au maire de joindre le zonage arch\u00e9ologique au Plan Local d'Urbanisme de la commune.\nSign\u00e9 : Pour le Pr\u00e9fet de la r\u00e9gion Normandie, et par d\u00e9l\u00e9gation, la directrice r\u00e9gionale des affaires culturelles : Fr\u00e9d\u00e9rique BOURA\nVALOGNES (Manche) - zones de pr\u00e9somption de prescription arch\u00e9ologique(art. L522-5 du code du patrimoine)Modification de l'arr\u00eat\u00e9 Z-2007-02 du 17 septembre 2007 portant d\u00e9limitation de zonage arch\u00e9ologique\nEM zone 1 pour laquelle tous les projets d'am\u00e9nagement entrant dans le champ des articles R.523-4,1\u00b0 et R.523-5du code du patrimoine doivent \u00eatre transmis au pr\u00e9fet de r\u00e9gionEM zone 2 pour laquelle les projets d'am\u00e9nagement entrant dans le champ des articles R.523-4,1\u00b0 et R.523-5du code du patrimoine et dont le terrain d'assiette est sup\u00e9rieur \u00e0 500 m? doivent \u00eatre transmis au pr\u00e9fet de r\u00e9gion\n\nVALOGNES (Manche) - zones de pr\u00e9somption de prescription arch\u00e9ologique(art. L522-5 du code du patrimoine)\n'Modification de l'arr\u00eat\u00e9 Z-2007-02 du 17 septembre 2007 portant d\u00e9limitation de zonage arch\u00e9alogique\nM  Les ents  arch\u00e9ologiques  deja d\u00e9couvertes\n\nVALOGNES (Manche) - zones de pr\u00e9somption de prescription arch\u00e9ologique(art. L522-5 du code du patrimoine)Modification de l'arr\u00eat\u00e9 Z-2007-02 du 17 septembre 2007 portant d\u00e9limitation de zonage arch\u00e9ologiqueAnnexe 2b\nzone 1 pour laquelle tous les projets d'am\u00e9nagement entrant dans le champ des articles R_523-4 1\u00b0 et R.523-5du code du patrimoine doivent \u00eatre transmis au pr\u00e9fet de r\u00e9gion3 |EU zone 2 pour laquelle les projets d'am\u00e9nagement entrant dans le champ des articles R.523-4,1\u00b0 et R.523-5du code du patrimoine et dont le terrain d'assiette est sup\u00e9rieur \u00e0 500 n\u00b0 doivent \u00eatre transmis au pr\u00e9fet de r\u00e9gion\n\nEu  Direction r\u00e9gionale des affaires culturelles\nPR\u00c9FET de Normandie\nDE LA R\u00c9GION\nNORMANDIE\nLibert\u00e9\n\u00c9t\u00e9\nFrateit\u00e9\nANNEXE 3 \u00e0 l'arr\u00eat\u00e9 28-2023-328\n(\u00e9l\u00e9ments justificatifs)\nVALOGNES (Manche) : ZONAGE  ARCH\u00c9OLOGIQUE\nAVERTISSEMENT\nLes zones de pr\u00e9somption de prescription arch\u00e9ologique \u00e9tablies par le Service R\u00e9gional de\nl'Arch\u00e9ologie, constituent un \u00e9tat des connaissances et seront mises \u00e0 jour en fonction des acquis des\ninterventions arch\u00e9ologiques ou des recherches documentaires. Le p\u00e9rim\u00e8tre inclus est volontairement\nlarge, car il tient compte des incertitudes des localisations anciennes et des secteurs potentiellement\nriches.\nNotice historique de Valognes (50)\nDepuis 2007 (date du dernier arr\u00eat\u00e9 de ZPPA), les donn\u00e9es arch\u00e9ologiques sur la ville de Valognes se\nsont consid\u00e9rablement enrichies avec les nombreuses investigations effectu\u00e9es dans le cadre de\nl'arch\u00e9ologie pr\u00e9ventive et programm\u00e9e.\nValognes est surtout connue, et cela depuis le 17\u00b0 si\u00e8cle, pour \u00eatre une cit\u00e9 antique parmi les plus\nimportantes du d\u00e9partement de la Manche. L'\u00e9difice thermal appel\u00e9 \u00ab le Baln\u00e9aire \u00bb, fouill\u00e9 en 1695\npuis beaucoup plus r\u00e9cemment de 1989 \u00e0 1991, constitue l'unique t\u00e9moignage en Normandie\noccidentale d'un ensemble monumental antique encore en \u00e9l\u00e9vation.\nDepuis 2011, l'agglom\u00e9ration antique d'Alauna a fait l'objet de nombreuses recherches scientifiques\n(prospections g\u00e9ophysiques, p\u00e9destres, fouilles programm\u00e9es, sondages..). Ces recherches ont\npermis de confirmer l'occupation longue (de la fin du l si\u00e8cle av. JC. \u00e0 la fin du IV si\u00e8cle ap. J-C.), la\nstructuration de la ville ainsi que son \u00e9volution. De nouveaux monuments majeurs sont apparus, un\ngrand sanctuaire, un forum et de riches demeures, confirmant le statut de cette agglom\u00e9ration. Par\nces travaux, le contour de la ville antique s'est au fur et \u00e0 mesure affin\u00e9. Son emplacement et son\nextension (60 ha) sont d\u00e9sormais bien connus. En outre, des quartiers p\u00e9riph\u00e9riques se structurant\nde part et d'autre de voies ont aussi \u00e9t\u00e9 identifi\u00e9s et possiblement des n\u00e9cropoles. Quant aux\nespaces ruraux alentours, ils \u00e9taient sans doute parsem\u00e9s d'\u00e9tablissements agricoles qui\nfournissaient aux habitants d'Alauna des denr\u00e9es alimentaires.\nSous l'agglom\u00e9ration antique et en p\u00e9riph\u00e9rie, des occupations protohistoriques, de l'\u00e2ge du Bronze\net de l'\u00e2ge du Fer, ont \u00e9t\u00e9 reconnues (enclos, parcellaires et artisanat), montrant que ce territoire\nconna\u00eet une importante occupation d\u00e8s ces p\u00e9riodes.\nA la fin du IV: si\u00e8cle, la ville antique d\u00e9cline et est progressivement abandonn\u00e9e. M\u00eame  si peu de\nvestiges des p\u00e9riodes m\u00e9rovingienne et carolingienne sont attest\u00e9s, l'on peut supposer qu'un bourg\nm\u00e9di\u00e9val s'implante \u00e0 l'emplacement de la ville actuelle. La documentation s'av\u00e8re plus fournie pour\nla p\u00e9riode ducale notamment avec le ch\u00e2teau occup\u00e9 \u00e0 plusieurs reprises par les ducs de\nNormandie et mentionn\u00e9 d\u00e8s le XI\u00b0 si\u00e8cle. Cette occupation ducale a \u00e9t\u00e9 confirm\u00e9e par la\nd\u00e9couverte sous la Place du Ch\u00e2teau, des ma\u00e7onneries d'une grande salle \u00e0 contreforts datant\nDirection r\u00e9gionale des affaires culturelles de Normandie  - 13 bis rue Saint-Ouen 14052 Caen Cedex  4\n(02 31 38 39 40 wuw.culture gouvif/Regions/Drac-Normandie\n1/2\n\nvraisemblablement du XII* si\u00e8cle. Cet ouvrage d\u00e9fensif a \u00e9t\u00e9 d\u00e9mantel\u00e9 en plusieurs \u00e9tapes \u00e0 partirdu XVII' si\u00e8cle.Outre le ch\u00e2teau, la ville m\u00e9di\u00e9vale demeure mal document\u00e9e et seuls sont connus des \u00e9dificesreligieux (abbaye, chapelle, couvent, H\u00f4tel Dieu). Quant \u00e0 l'artisanat, il n'est seulement illustr\u00e9 quepar un atelier de potier.La prosp\u00e9rit\u00e9 de la ville \u00e0 l'\u00e9poque moderne se manifeste par la construction de beaux h\u00f4telsparticuliers qui valent \u00e0 Valognes d'\u00eatre qualifi\u00e9e de \u00ab Versailles normand \u00bb.Enfin le patrimoine r\u00e9cent est repr\u00e9sent\u00e9 par la d\u00e9couverte sous la Place du Ch\u00e2teau d'un posteallemand enterr\u00e9 de t\u00e9l\u00e9communication tandis qu'un blockhaus ayant servi \u00e0 la fabrication etr\u00e9paration de V1 est attest\u00e9 au sud-ouest de la commune.\nDirection r\u00e9gionale des affaires culturelles de Normandie - 13 bis rue Saint-Ouen 14052 Caen Cedex 402 31 38 39 40 www.culture.gouv.fr/Regions/Drac-Normandieere\n\n\uf0bf\nDREAL - Direction R\u00e9gionale de l'Environnement, de l'Am\u00e9nagement et du Logement\nArr\u00eat\u00e9 n\u00b0 SRN/UAPP/2023-00428-011-001 du 23 juin 2023 autorisant l'enl\u00e8vement et la destruction d'animaux vivants de l'esp\u00e8ce\nBythinelle des moulins (Bythinella viridis), par le Groupe d'\u00e9tude des Invert\u00e9br\u00e9s armoricains (GRETIA), pour la r\u00e9gion Normandie\nConsid\u00e9rant que le Groupe d'\u00e9tude des invert\u00e9br\u00e9s armoricains (GRETIA) est une association cr\u00e9\u00e9e en 1996 r\u00e9gie par la loi du 1er juillet 1901\net le d\u00e9cret du 16 ao\u00fbt 1901, qui couvre la Normandie, la Bretagne et les Pays de la Loire :\nConsid\u00e9rant que les objectifs du GRETIA sont de rassembler et de former les personnes int\u00e9ress\u00e9es par les invert\u00e9br\u00e9s (amateurs comme\nprofessionnels\u2026), de promouvoir et d\u00e9velopper des \u00e9tudes sur les invert\u00e9br\u00e9s et sur leur application \u00e0 la pr\u00e9servation de la biodiversit\u00e9 et \u00e0 la\ngestion int\u00e9gr\u00e9e de l'espace et de favoriser la valorisation et la diffusion des informations sur les invert\u00e9br\u00e9s ;\nConsid\u00e9rant que le GRETIA m\u00e8ne des inventaires permanents des invert\u00e9br\u00e9s continentaux de Normandie pour am\u00e9liorer les connaissances\nsur ce groupe taxonomique ;\nConsid\u00e9rant que la DREAL Normandie a mandat\u00e9 le GRETIA pour faire le point sur la r\u00e9partition et les menaces qui p\u00e8sent en Normandie sur\nla Bythinelle des moulins (Bythinella viridis), gast\u00e9ropode aquatique, afin de d\u00e9finir un programme d'actions \u00e0 mettre en place pour pr\u00e9server\nles habitats de cette esp\u00e8ce de milieux sourceux ;\nConsid\u00e9rant que l'objectif de ce projet est aussi de pr\u00e9senter aux structures gestionnaires des cours d'eau (syndicat de rivi\u00e8re, syndicat de\nbassin versant...), concern\u00e9s par la pr\u00e9sence conjointe de ces milieux et de ce gast\u00e9ropode, les principaux types d'actions de gestion \u00e0\nentreprendre pour pr\u00e9server l'habitat de cette esp\u00e8ce, et que leurs personnels ont donc vocation \u00e0 \u00eatre acteurs de cette \u00e9tude ;\nConsid\u00e9rant que ce protocole pr\u00e9voit l'enl\u00e8vement et la destruction pour leur d\u00e9termination de 2 \u00e0 3 animaux vivants par site suivant un plan\nd'\u00e9chantillonnage et un nombre total d'individus pr\u00e9lev\u00e9s inf\u00e9rieur \u00e0 15. Ce pr\u00e9l\u00e8vement sera motiv\u00e9 par des besoins de validation de la\nd\u00e9termination (nouveau bassin versant, coquille de taille ou forme inhabituelle\u2026) ;\nConsid\u00e9rant qu'il n'existe pas d'autre solution satisfaisante que le protocole d'inventaire scientifique propos\u00e9  qui ne nuit pas au maintien dans\nun \u00e9tat de conservation favorable des populations de Bythinella viridis en Normandie ;\nConsid\u00e9rant que les scientifiques constituant l'\u00e9quipe de recherche du GRETIA sont form\u00e9s \u00e0 la capture et \u00e0 l'identification des mollusques et\nqu'ils ont les comp\u00e9tences pour la formation en ces domaines ;\nConsid\u00e9rant que pour mener ses recherches et pr\u00e9l\u00e8vements, le GRETIA s'appuiera sur les personnels des structures gestionnaires des cours\nd'eau et si possible, des agents de l'Office fran\u00e7ais de la biodiversit\u00e9, tous acteurs de la gestion et la pr\u00e9servation des milieux aquatiques ;\nConsid\u00e9rant que les donn\u00e9es d'inventaires obtenues dans le cadre de cet arr\u00eat\u00e9 sont des donn\u00e9es brutes environnementales publiques,\nConsid\u00e9rant que les r\u00e9sultats d'inventaires obtenus dans le cadre de cet arr\u00eat\u00e9 ont vocation \u00e0 \u00eatre int\u00e9gr\u00e9s dans la base de donn\u00e9es r\u00e9gionales\nde l'Observatoire de la Biodiversit\u00e9 Normandie (OBN) port\u00e9 par l'Agence Normande de la Biodiversit\u00e9 et du D\u00e9veloppement Durable (ANBDD),\nConsid\u00e9rant qu'il est donc possible, dans les conditions fix\u00e9es par cet arr\u00eat\u00e9 de d\u00e9rogation, d'autoriser le GRETIA \u00e0 l'enl\u00e8vement des individus\nvivants de l'esp\u00e8ce Bythinella viridis avec un pr\u00e9l\u00e8vement maximal de 3 animaux par site \u00e0 des fins de d\u00e9termination, d'inventaires, et de suivis\nvisant  la protection  de cette  esp\u00e8ce,  la conservation  de  ses  habitats  et  d'une  mani\u00e8re  g\u00e9n\u00e9rale,  toute  action  li\u00e9e \u00e0 la diffusion  de la\nconnaissance.\nArt. 1 : b\u00e9n\u00e9ficiaire et esp\u00e8ces concern\u00e9es\nLe Groupe d'\u00e9tude des Invert\u00e9br\u00e9s armoricains (GRETIA), dont le si\u00e8ge administratif est situ\u00e9 au Campus de Beaulieu, all\u00e9e de Becquerel,\nb\u00e2timent 25 (1er \u00e9tage), 35042 Rennes Cedex, repr\u00e9sent\u00e9 par son pr\u00e9sident, est autoris\u00e9 sur l'esp\u00e8ce suivante : \nBythinelle des moulins (Bythinella viridis), gast\u00e9ropode aquatique\n\u00e0 r\u00e9aliser l'enl\u00e8vement et la destruction de 15 (quinze) individus vivants avec un pr\u00e9l\u00e8vement maximal de 3 animaux par site, \u00e0 des fins de\nd\u00e9termination, d'inventaires et de suivis visant la protection de cette esp\u00e8ce, la conservation de ses habitats et d'une mani\u00e8re g\u00e9n\u00e9rale, toute\naction li\u00e9e \u00e0 la diffusion de sa connaissance.\nLe pr\u00e9sent arr\u00eat\u00e9 autorise le d\u00e9placement, le transport et l'envoi d'animaux morts ou vivants \u00e0 des fins de leur d\u00e9termination par s\u00e9quen\u00e7age\ng\u00e9n\u00e9tique.\nEn cas de besoin d'enl\u00e8vement et de destruction pour d\u00e9termination d'un nombre d'individus sup\u00e9rieur \u00e0 quinze, le GRETIA en informe le\nService ressources naturelles de la DREAL par mail ou courrier en justifiant cette n\u00e9cessit\u00e9. Apr\u00e8s accord de la DREAL, une ou plusieurs\ndestructions suppl\u00e9mentaires de 15 individus peuvent \u00eatre autoris\u00e9es en respectant un pr\u00e9l\u00e8vement maximal de 2 \u00e0 3 individus par site.\nArt. 2 :  champ d'application de l'arr\u00eat\u00e9\nLa d\u00e9rogation pour enl\u00e8vement et destruction d'individus de Bythinella viridis n'est accord\u00e9e au GRETIA que sur les milieux sourceux et cours\nd'eau de la Normandie o\u00f9 il est autoris\u00e9 \u00e0 y p\u00e9n\u00e9trer et \u00e0 mener ses recherches.\nArt. 3 :  dur\u00e9e de la d\u00e9rogation\nLa d\u00e9rogation prend effet \u00e0 compter de la notification du pr\u00e9sent arr\u00eat\u00e9 et prend fin le 31 d\u00e9cembre 2024.\nArt. 4 : mandataires habilit\u00e9s\nLes mandataires habilit\u00e9s sont les personnes de l'\u00e9quipe scientifique constitu\u00e9e par le GRETIA. Ils   sont form\u00e9s aux m\u00e9thodes d'inventaires, de\npr\u00e9l\u00e8vements et de destruction pour d\u00e9termination par s\u00e9quen\u00e7age g\u00e9n\u00e9tique de Bythinella viridis. Les personnels scientifiques du GRETIA\nsont les r\u00e9f\u00e9rents des op\u00e9rations de pr\u00e9l\u00e8vement et de destruction.\nL'\u00e9quipe scientifique est compos\u00e9e de :\n- Beno\u00eet Lecaplain, charg\u00e9 de mission, malacologue \u2013 antenne de Bretagne du GRETIA, r\u00e9f\u00e9rent,\n- C\u00e9dric Pouchard, malacologue ind\u00e9pendant,\n- Vincent Pri\u00e9, prestataire pour la r\u00e9alisation des analyses g\u00e9n\u00e9tiques.\nAppui technique possible lors des prospections : \n- Lo\u00efc Ch\u00e9reau : coordinateur de l'antenne normande du GRETIA, r\u00e9f\u00e9rent,\n- Antoine Racine : charg\u00e9 d'\u00e9tude de l'antenne normande du GRETIA, r\u00e9f\u00e9rent.\nLes membres de l'\u00e9quipe scientifique ont pour mission, avant les op\u00e9rations de pr\u00e9l\u00e8vement, de s'assurer d'un niveau de connaissance\nsuffisant du personnel des syndicats de bassin versant et, \u00e9ventuellement, des agents de l'Office fran\u00e7ais de la biodiversit\u00e9 y participant  :\nconnaissances li\u00e9es la d\u00e9termination des animaux, \u00e0 leur manipulation et au protocole sanitaire.\nLe GRETIA \u00e9tablit aux personnels des structures gestionnaires des cours d'eau et aux agents de l'OFB, une lettre de mission pour la p\u00e9riode\n2023-2024 les autorisant aux pr\u00e9l\u00e8vements d'individus de Bythinella viridis. Cette lettre de mission est nominative et pr\u00e9cise le bassin versant\nhydrographique, le cadre de leur mission et les techniques de pr\u00e9l\u00e8vement et de conservation des animaux \u00e0 des fins de d\u00e9termination. \nEn cas de contr\u00f4le, les r\u00e9f\u00e9rents des op\u00e9rations de destruction doivent \u00eatre porteurs de l'arr\u00eat\u00e9 de d\u00e9rogation, ou sa copie. Les personnes\nmissionn\u00e9es doivent \u00eatre porteuses de l'arr\u00eat\u00e9 de d\u00e9rogation et de leur lettre de mission, ou leurs copies.\nCette d\u00e9rogation n'est pas valable pour les activit\u00e9s personnelles des r\u00e9f\u00e9rents du GRETIA et des personnes missionn\u00e9es.\nArt. 5 : Recherche et pr\u00e9l\u00e8vement des individus de Bythinella viridis\nDans chaque bassin versant s\u00e9lectionn\u00e9 suivant une analyse bibliographique et cartographique, les mollusques sont recherch\u00e9s \u00e0 vue, au\nniveau des r\u00e9surgences pr\u00e9-identifi\u00e9es, en examinant les pierres et le substrat ainsi que la v\u00e9g\u00e9tation aquatique. Les prospections ont lieu\ndurant l'ann\u00e9e 2023 et jusqu'\u00e0 la fin de l'ann\u00e9e 2024.\nArt. 6 : Mesures d'hygi\u00e8ne g\u00e9n\u00e9rales\nA des fins de pr\u00e9caution vis-\u00e0-vis de la lign\u00e9e virulente de Batrachochytrium dendrobatidis, champignon aquatique parasite des amphibiens et\nde l'aphanomycose, maladie mycosique des \u00e9crevisses, il est proc\u00e9d\u00e9 \u00e0 minima :\n- au nettoyage \u00e0 l'eau du r\u00e9seau public de distribution du mat\u00e9riel (bottes, \u00e9puisettes etc.) et \u00e0 leur s\u00e9chage car ces champignons ne survivent\nqu'en  milieu aqueux.  Ces  mesures,  difficilement  applicables  entre  les sites  d'une  m\u00eame journ\u00e9e de prospection,  sont  syst\u00e9matiques  et\nobligatoires entre deux campagnes journali\u00e8res. Le s\u00e9chage sera r\u00e9alis\u00e9 dans un endroit ventil\u00e9, et si possible, complet.\n- dans la mesure du possible, \u00e0 des prospections journali\u00e8res men\u00e9es dans l'aire d'un m\u00eame bassin hydrog\u00e9ographique. \nArt. 7 : Rapport d'activit\u00e9s\nLe GRETIA \u00e9tablit un document de synth\u00e8se adapt\u00e9 \u00e0 chaque bassin versant. Un bilan global r\u00e9gional sera fourni \u00e0 l'Agence de l'eau Seine-\nNormandie et \u00e0 la Direction R\u00e9gionale de l'Environnement, de l'Am\u00e9nagement et du Logement afin qu'ils disposent d'une vue d'ensemble des\nprobl\u00e9matiques r\u00e9gionales concernant cette esp\u00e8ce. Le bilan est transmis \u00e0 la DREAL \u00e0 l'adresse mail  : srn.dreal-normandie@developpement-\ndurable.gouv.fr avant le 31 mars 2025.\nL'ensemble  des  donn\u00e9es  obtenues  dans  le  cadre  de  cette  d\u00e9rogation  sont  des  donn\u00e9es  publiques.  Les  donn\u00e9es  faunistiques  brutes\nenvironnementales sont transmises au format textuel (tableur) et au format cartographique SIG Lambert 93 \u00e0 la DREAL. Elles sont \u00e9galement\ncommuniqu\u00e9es \u00e0 l'Observatoire de la Biodiversit\u00e9 Normandie (OBN) port\u00e9 par l'Agence Normande de la Biodiversit\u00e9 et du D\u00e9veloppement\nDurable  (ANBDD).  Elles  sont  vers\u00e9es  dans  la  plate-forme  partag\u00e9e  des  donn\u00e9es  naturalistes  ODIN (Outil  de  Diffusion  de  l'Information\nNaturaliste de Normandie) et sont diffus\u00e9es selon les r\u00e8gles applicables aux donn\u00e9es publiques du SINP r\u00e9gional. \nLa transmission des donn\u00e9es environnementales brutes et leur diffusion sous forme de donn\u00e9es publiques n'ob\u00e8rent pas le droit d'auteur\nattach\u00e9 \u00e0 ces donn\u00e9es.\nArt. 8 : suivi et contr\u00f4les administratifs \nConform\u00e9ment aux articles L.171-1 \u00e0 4 du code de l'environnement, relatifs aux contr\u00f4les administratifs et mesures de police, les fonctionnaires\net agents charg\u00e9s des contr\u00f4les sont habilit\u00e9s \u00e0 v\u00e9rifier la bonne mise en \u0153uvre de la pr\u00e9sente autorisation. \nArt. 9 : modifications, suspensions, retrait\nConform\u00e9ment \u00e0 l'article R.411-12 du code de l'environnement, si l'une des obligations faites au GRETIA ou aux personnes missionn\u00e9es n'est\npas respect\u00e9e, l'arr\u00eat\u00e9 de d\u00e9rogation peut \u00eatre suspendu ou r\u00e9voqu\u00e9. La suspension ou la r\u00e9vocation ne fait pas obstacle \u00e0 d'\u00e9ventuelles\npoursuites, notamment au titre de l'article L.415-3 du code de l'environnement.\nEn cas de besoin, les modifications prennent la forme d'un avenant ou d'un arr\u00eat\u00e9 modificatif et sont effectives \u00e0 la notification de l'acte.\nArt. 10 : Droits des tiers\nLes droits des tiers sont et demeurent express\u00e9ment r\u00e9serv\u00e9s. Cet arr\u00eat\u00e9 n'exon\u00e8re pas son d\u00e9tenteur du respect des autres r\u00e9glementations\napplicables,  notamment  des  autorisations  n\u00e9cessaires  li\u00e9es \u00e0 la p\u00e9n\u00e9tration dans  des propri\u00e9t\u00e9s  priv\u00e9es  rurale ou foresti\u00e8re d'autrui  en\napplication des articles 1 de la Loi du 29 d\u00e9cembre 1892 et de l'article 226-4-3 du code p\u00e9nal.\nArt. 11 : Ex\u00e9cution et publicit\u00e9\nLes secr\u00e9taires g\u00e9n\u00e9raux des pr\u00e9fectures du Calvados, de l'Eure, de la Manche, de l'Orne et de la Seine-Maritime et le directeur r\u00e9gional de\nl'environnement, de l'am\u00e9nagement et du logement de Normandie sont charg\u00e9s, chacun en ce qui le concerne, de l'ex\u00e9cution du pr\u00e9sent arr\u00eat\u00e9\nqui sera publi\u00e9 au recueil des actes administratifs d\u00e9partementaux et sur le site internet de la DREAL et adress\u00e9, pour information, aux\ndirections  d\u00e9partementales  des territoires et de la mer de la Seine-Maritime, de l'Eure, du Calvados  et de la Manche et \u00e0 la direction\nd\u00e9partementale des territoires de l'Orne, aux services d\u00e9partementaux de l'Office fran\u00e7ais de la biodiversit\u00e9 ainsi qu'\u00e0 l'Observatoire de la\nbiodiversit\u00e9 Normandie \u2013 SINP.\nSign\u00e9 : Pour le pr\u00e9fet et par subd\u00e9l\u00e9gation, l'adjointe \u00e0 la cheffe du service ressources naturelles : Catherine FAUBERT\n\uf0bf\nDSDEN - Direction des Services D\u00e9partementaux de l'Education Nationale de la Manche\nArr\u00eat\u00e9 n\u00b0 SUSPENSION-SADOT/2023 du  12 juin 2023 portant suspension d'exercer quelque fonction que ce soit aupr\u00e8s de mineurs\naccueillis dans le cadre de l'article L.227-4 et suivants du code de l'action sociale et des familles\nArt. 1 : Monsieur Guillaume SADOT, n\u00e9 le 14/07/1984 \u00e0 Saint-L\u00f4, r\u00e9sidant  11 place Leduc 50000 Saint-L\u00f4, est suspendu \u00e0 partir de la date de\nnotification du pr\u00e9sent arr\u00eat\u00e9, de l'exercice de quelque fonction que ce soit aupr\u00e8s des mineurs accueillis dans le cadre des dispositions de\nl'article L.227-4 du code de l'action sociale et des familles, sous peine des sanctions pr\u00e9vues \u00e0 l'article L227-8 de ce m\u00eame code.\nArt. 2 : Cette mesure est limit\u00e9e \u00e0 six mois et pourra \u00eatre prolong\u00e9e selon les suites rendues par la juridiction comp\u00e9tente.\nSign\u00e9 : Le Pr\u00e9fet : Fr\u00e9d\u00e9ric PERISSAT\n\uf0bf\nD\u00e9partement de la Manche - Imprimerie administrative - Directeur de la publication : Mme la Secr\u00e9taire g\u00e9n\u00e9rale","date":"2023-07-10","first_seen_on":"2025-07-18T11:53:05+00:00","id":"cd02fda54ffb4a4e716957c4cce90d905e4fce4d12dc543ec1d437d5f41ecd9e","name":"RAA mensuel de Juin 2023","pdf_creation_date":"2023-07-10T11:30:45+00:00","pdf_modification_date":null,"timezone":"Europe/Paris","url":"https://www.manche.gouv.fr/contenu/telechargement/56958/442794/file/Juin.pdf"}
