{"administration":"pref69","administration_name":"Pr\u00e9fecture du Rh\u00f4ne","content":"PR\u00c9F\u00c8TE\nDU RH\u00d4NE\nRECUEIL DES ACTES\nADMINISTRATIFS SP\u00c9CIAL\nN\u00b069-2026-114\nPUBLI\u00c9 LE 16 AVRIL 2026\nSommaire\n69_Centre Hospitalier Vinatier /\n69-2026-04-13-00004 - 2026-05 d\u00e9l\u00e9gation de signature Bertrand CLERC\n(4 pages) Page 3\n69_Pr\u00e9f_Pr\u00e9fecture du Rh\u00f4ne / Direction de la s\u00e9curit\u00e9 et de la\nprotection civile\n69-2026-04-15-00002 - arret\u00e9 pr\u00e9fectoral portant cr\u00e9ation d'un\nprotocole commun de traitement des objets d\u00e9laiss\u00e9s en gare de Lyon\nPart-Dieu (3 pages) Page 8\n69_Pr\u00e9f_Pr\u00e9fecture du Rh\u00f4ne / Direction des affaires juridiques et de\nl'administration locale\n69-2026-04-02-00009 -  fermeture d'un local destin\u00e9 \u00e0\nl'h\u00e9bergement collectif de travail situ\u00e9 451 cours Emile Zola \u00e0\nVILLEURBANNE (2 pages) Page 12\n69-2026-04-16-00004 - AP du 16 avril 2026 modifiant l'arr\u00eat\u00e9\npr\u00e9fectoral n\u00b0 69-2025-04-01-00006 du 01 avril 2025 portant habilitation\ndans le domaine fun\u00e9raire la Snc L.A.O \u00ab\u00a0CENTRE FUNERAIRE\nRIVIERE\u00a0\u00bb situ\u00e9 52 avenue Franklin Roosevelt 69500 Bron (2 pages) Page 15\n69-2026-04-16-00005 - AP du 16 avril 2026 portant agr\u00e9ment pour\nl'exercice de l'activit\u00e9 de domiciliation d'entreprises de la\nsoci\u00e9t\u00e9 ACM CONSEIL situ\u00e9 35 Rue Greuze 69100 Villeurbanne (2\npages) Page 18\n69-2026-04-16-00002 - AP du 16 avril 2026 portant habilitation dans le\ndomaine fun\u00e9raire de la SARL MILLET MARBRE\n \"POMPES FUNEBRES DES\nMONTS D'OR - MILLET MARBRE\" situ\u00e9 43 avenue Gambetta 69450\nSaint-Cyr-au-Mont-d'Or (2 pages) Page 21\n69-2026-04-16-00003 - AP du 16 avril 2026 portant habilitation dans le\ndomaine fun\u00e9raire de la SARL MILLET MARBRE\n\"POMPES FUNEBRES DES\nMONTS D'OR - MILLET MARBRE\" situ\u00e9 Rue du Cimeti\u00e8re 69410\nChampagne-au-Mont-d'Or (2 pages) Page 24\n69_Pr\u00e9f_Pr\u00e9fecture du Rh\u00f4ne / Pr\u00e9fet d\u00e9l\u00e9gu\u00e9 pour la\nd\u00e9fense et la s\u00e9curit\u00e9\n69-2026-04-16-00001 - Arr\u00eat\u00e9 pr\u00e9fectoral portant interdiction de\nrassemblement automobile non d\u00e9clar\u00e9 sur la voie publique dans le\nd\u00e9partement du Rh\u00f4ne du vendredi 17 avril 2026 19h00 au dimanche 19\navril 2026 \u00e0 19h00 (4 pages) Page 27\n84_EMIZSE_Etat major interminist\u00e9riel de zone Sud-Est / Bureau\nadministration et soutien\n69-2026-04-15-00001 - ARZ 69-2026-04-15 Arrete\nr\u00e9f\u00e9rents-sp\u00e9cialit\u00e9s (6 pages) Page 32\n2\n69_Centre Hospitalier Vinatier\n69-2026-04-13-00004\n2026-05 d\u00e9l\u00e9gation de signature Bertrand CLERC\n69_Centre Hospitalier Vinatier - 69-2026-04-13-00004 - 2026-05 d\u00e9l\u00e9gation de signature Bertrand CLERC 3\n\"CENTRE HOSPITALIERLE VINATIER95, Boulevard PinelBP 300 39 LE VINATIER a69678 BRON CedexSIREN : 266.900.083SIRET : 266.900.083.000.12 DELEGATION DE SIGNATUREDirection G\u00e9n\u00e9raleT\u00e9l : 04 81 92 56 10Fax : 04 81 92 56 12 |\nDECISION N\u00b0 2026-05PORTANT DELEGATION DE SIGNATURE\nLe Directeur du Centre Hospitalier Le Vinatier,Vu l'article L.6143-7 du Code de la sant\u00e9 publique,Vu les articles D.6143-33 \u00e0 D.6143-35 du m\u00eame code,Vu l'arr\u00eat\u00e9 2017-269 du 02 ao\u00fbt 2017 du Centre National de Gestion, portant nomination du Directeur duCentre Hospitalier Le Vinatier, prolong\u00e9 par arr\u00eat\u00e9 du 8 juin 2021 puis par arr\u00eat\u00e9 du 18 septembre 2025,Vu le proc\u00e8s-verbal d'installation \u00e0 ses fonctions de Monsieur Pascal MARIOTTI, en date du 18 septembre2017,Vu l'organigramme de Direction du Centre Hospitalier Le Vinatier,Vu la convention constitutive du Groupement Hospitalier de Territoire Val Rh\u00f4ne Centre conclue le 10 f\u00e9vrier2023 et approuv\u00e9e par arr\u00eat\u00e9 du Directeur G\u00e9n\u00e9ral de l'Agence R\u00e9gionale de Sant\u00e9 Auvergne Rh\u00f4ne-Alpesn\u00b02023-17-0036-du 27 f\u00e9vrier 2023, modifi\u00e9e par avenant du 26 novembre 2025 portant int\u00e9gration duCentre Hospitalier Le Vinatier,Consid\u00e9rant qu'aux termes de l'article R.6132-16 du Code de la sant\u00e9 publique, l'\u00e9tablissement support duGHT (HCL) est charg\u00e9 de la politique, de la strat\u00e9gie d'achat et du contr\u00f4le de gestion des achats pour ce quiconcerne l'ensemble des march\u00e9s et de leurs avenants, qu'il assure la passation des march\u00e9s, leurs avenantset leur ex\u00e9cution juridique conform\u00e9ment au code de la commande publique et que l'\u00e9tablissement partieau GHT assure l'ex\u00e9cution op\u00e9rationnelle de ces march\u00e9s conform\u00e9ment aux dispositions dudit code,Consid\u00e9rant que l'\u00e9tablissement support du GHT (HCL) assure la fonction achats pour le compte des\u00e9tablissements parties au groupement, \u00e0 l'exclusion de la fonction approvisionnements qui demeure dans lechamp de comp\u00e9tence de l'\u00e9tablissement partie,\nDECIDEARTICLE 1 : DELEGATAIREUne d\u00e9l\u00e9gation de signature des actes \u00e9num\u00e9r\u00e9s aux articles 2, 3 et 4 ci-dessous est donn\u00e9e au DocteurBertrand CLERC, Praticien Hospitalier Pharmacien g\u00e9rant, responsable de la Pharmacie \u00e0 Usage Int\u00e9rieur duVinatier.\nPage 1 sur 4\n69_Centre Hospitalier Vinatier - 69-2026-04-13-00004 - 2026-05 d\u00e9l\u00e9gation de signature Bertrand CLERC 4\nARTICLE 2 : NATURE DES ACTES DELEGUES POUR L'EXECUTION DES MARCHES (APPROVISIONNEMENT)D\u00e9l\u00e9gation de signature est donn\u00e9e au Docteur Bertrand CLERC, sur les actes ci-apr\u00e8s \u00e9num\u00e9r\u00e9s :e Bons de commande et attestations de service fait, uniquement aux fins d'approvisionnement dansle cadre de l'ex\u00e9cution de march\u00e9s existants pass\u00e9s par le Vinatier (march\u00e9s en cours d'ex\u00e9cution au01/01/2026 ou march\u00e9s cr\u00e9\u00e9s en application de l'article 3.1. de la pr\u00e9sente) ou par le GHT d\u00e8s le01/01/2026 dans la limite du montant du march\u00e9,Ces actes sont \u00e9galement d\u00e9l\u00e9gu\u00e9s \u00e0 :- au Docteur Florelle BERTRAND, Pharmacien,- au Docteur Cl\u00e9ment BOIDIN, Praticien Hospitalier Pharmacien,- au Docteur Jonathan BOIRASME, Praticien Hospitalier Pharmacien,- au Docteur Bastien COLLOMB, Praticien Hospitalier Pharmacien,- au Docteur Fabienne DUCHAMP, Praticien Hospitalier Pharmacien,- au Docteur Vanessa GODARD, Praticien Hospitalier Pharmacien,- au Docteur H\u00e9l\u00e8ne MAILLOT, Pharmacien,- au Docteur Juncal PARDO DE TORRES, Praticien Hospitalier Pharmacien.ARTICLE 3 : NATURE DES ACTES DELEGUES POUR LES ACHATSArticle 3.1. Pour les achats d'un montant inf\u00e9rieur \u00e0 25 000 euros HTPour m\u00e9moire, dans le cas o\u00f9 le besoin de la PUI du Vinatier n'est pas couvert par un march\u00e9, ou que letitulaire du march\u00e9 existant ne peut pas couvrir le besoin, le pouvoir adjudicateur du GHT Val Rh\u00f4ne-Centre,par d\u00e9cision n\u00b025-123 du 22 d\u00e9cembre 2025, donne d\u00e9l\u00e9gation de signature au Docteur Bertrand CLERC \u00e0l'effet de signer, pour tous les march\u00e9s publics d'un montant inf\u00e9rieur \u00e0 25 000 euros HT:e toutes d\u00e9cisions, attestations, documents, correspondances, certificats, relatifs \u00e0 la passation desmarch\u00e9s publics r\u00e9pondant \u00e0 des besoins sp\u00e9cifiques de l'\u00e9tablissement ;e tous march\u00e9s publics r\u00e9pondant \u00e0 des besoins sp\u00e9cifiques de l'\u00e9tablissement ;e tout avenant, sous r\u00e9serve que l'engagement financier global reste d'un montant inf\u00e9rieur ou \u00e9gal \u00e025 000 euros HT.En cas d'absence ou d'emp\u00e9chement du Docteur Bertrand CLERC, il est rappel\u00e9 pour m\u00e9moire qued\u00e9l\u00e9gation de signature pour ces actes est donn\u00e9e concomitamment \u00e0, par la d\u00e9cision n\u00b025-123 pr\u00e9cit\u00e9e :- M\u00e9lie MICHEL, Directrice Achat et Ing\u00e9nierie- S\u00e9bastien BARTHELEMY, Directeur des syst\u00e8mes d'information, de la logistique et des projets,- Estelle LUCAS-PELISSON, Directrice des affaires financi\u00e8res,- Carine MAILLET, Directrice des Ressources humaines.En tant que de besoin, un march\u00e9 peut \u00e9ventuellement \u00eatre cr\u00e9\u00e9 sur la base de l'offre de prix n\u00e9goci\u00e9e parles d\u00e9l\u00e9gataires ci-dessus, pour une dur\u00e9e d'un an.Article 3.2. Pour les achats d'un montant sup\u00e9rieur \u00e0 25 000 euros HTPour information, la passation des achats et march\u00e9s aff\u00e9rents au-del\u00e0 de 25 000 \u20ac HT ainsi que tous les actescontractuels li\u00e9s aux march\u00e9s sup\u00e9rieurs \u00e0 25 000 euros HT est assur\u00e9e exclusivement par les HCL en tantqu'\u00e9tablissement support du GHT Val Rh\u00f4ne Centre.\nPage 2 sur 4\n69_Centre Hospitalier Vinatier - 69-2026-04-13-00004 - 2026-05 d\u00e9l\u00e9gation de signature Bertrand CLERC 5\nARTICLE 4 : NATURE DES ACTES DELEGUES POUR LA GESTION DE LA PHARMACIE A USAGE INTERIEURLa d\u00e9l\u00e9gation de signature porte sur le fonctionnement g\u00e9n\u00e9ral de la PUI et plus particuli\u00e8rement, sur lesactes ci-apr\u00e8s \u00e9num\u00e9r\u00e9s :Ressources humaines (pour les personnels plac\u00e9s sous son autorit\u00e9) :e Organisation du travaile Cong\u00e9s, RTT, autorisations d'absencee Organisation des astreintes pharmaceutiquesDivers :+ Ventes de produits de sant\u00e9 au publice Actes de gestion couranteEn cas d'absence ou d'emp\u00e9chement du docteur Bertrand CLERC, ces actes sont d\u00e9l\u00e9gu\u00e9s, a titre secondaire,a:- au Docteur Florelle BERTRAND, Pharmacien,- au Docteur Cl\u00e9ment BOIDIN, Praticien Hospitalier Pharmacien,- au Docteur Jonathan BOIRASME, Praticien Hospitalier Pharmacien,- au Docteur Bastien COLLOMB, Praticien Hospitalier Pharmacien,- au Docteur Fabienne DUCHAMP, Praticien Hospitalier Pharmacien,- au Docteur Vanessa GODARD, Praticien Hospitalier Pharmacien,- au Docteur H\u00e9l\u00e8ne MAILLOT, Pharmacien,- au Docteur Juncal PARDO DE TORRES, Praticien Hospitalier Pharmacien.\nARTICLE 5 : DUREE DE LA DELEGATIONLa d\u00e9l\u00e9gation de signature n\u00b02020-189 du 19 juin 2020 est abrog\u00e9e au 31 d\u00e9cembre 2025.La pr\u00e9sente d\u00e9l\u00e9gation entre en vigueur le 1\u00b0 janvier 2026.La pr\u00e9sente d\u00e9l\u00e9gation est \u00e9tablie \u00e0 titre permanent.Elle cessera de plein droit ses effets en cas de cessation ou de modification des fonctions du d\u00e9l\u00e9gant oud\u00e9l\u00e9gataire concern\u00e9, dans la limite de son p\u00e9rim\u00e8tre.\nARTICLE 6 : PUBLICITELa pr\u00e9sente d\u00e9l\u00e9gation de signature sera notifi\u00e9e aux d\u00e9l\u00e9gataires et au chef de p\u00f4le MOPHA.La pr\u00e9sente d\u00e9l\u00e9gation de signature est publi\u00e9e sur le site intranet de l'\u00e9tablissement.La pr\u00e9sente d\u00e9l\u00e9gation est communiqu\u00e9e au conseil de surveillance et transmises sans d\u00e9lai au comptablede l'\u00e9tablissement. Elle sera publi\u00e9e au recueil des actes administratifs de la pr\u00e9fecture du Rh\u00f4ne.Dans les deux mois suivant sa notification ou sa publication, la pr\u00e9sente d\u00e9cision peut faire l'objet d'unrecours gracieux devant le Directeur du Centre Hospitalier ou d'un recours contentieux devant le Tribunaladministratif de Lyon. A Bron, le 1\u00b0 janvier 2026\nPascal MARIOTTI /O/Dj 'ecteur\nPage 3sur4\n69_Centre Hospitalier Vinatier - 69-2026-04-13-00004 - 2026-05 d\u00e9l\u00e9gation de signature Bertrand CLERC 6\nSignatures des d\u00e9l\u00e9gataires valant acceptation et recueil de sp\u00e9cimen de signature\nDocteur Bertrand CLERC | Docteur Jonathan Docteur\" BOIRASME f Cl\u00e9ment BOIDINr\u00e9 cf Lu ET f\u20ac er \u00a5A _ a \\ \u00c0 7\n*\nDocteur Vanessa GODARD Docteur Juncal PARDO DocteurDE TORRES Fabienne DUCHAMPhe - ; ) = JASt [= => .NX,\nDocteur Bastien COLLOMB Docteur H\u00e9l\u00e8ne DocteurMAILLOT Florelle BERTRAND\u00e0\"\nS\u00e9bastien BARTHELEMY Melie MICHEL Carine MAILLET\nmt\nEs | >=  NS =  \u2014- a  CC\nLeEstelle LUCAS\nPage 4 sur 4\n69_Centre Hospitalier Vinatier - 69-2026-04-13-00004 - 2026-05 d\u00e9l\u00e9gation de signature Bertrand CLERC 7\n69_Pr\u00e9f_Pr\u00e9fecture du Rh\u00f4ne\n69-2026-04-15-00002\narret\u00e9 pr\u00e9fectoral portant cr\u00e9ation d'un\nprotocole commun de traitement des objets\nd\u00e9laiss\u00e9s en gare de Lyon Part-Dieu\n69_Pr\u00e9f_Pr\u00e9fecture du Rh\u00f4ne - 69-2026-04-15-00002 - arret\u00e9 pr\u00e9fectoral portant cr\u00e9ation d'un protocole commun de traitement des\nobjets d\u00e9laiss\u00e9s en gare de Lyon Part-Dieu 8\neaPREFETEDU RHONELibert\u00e9Egalit\u00e9Fraternit\u00e9\nARR\u00caT\u00c9 PR\u00c9FECTORAL n\u00b0 DSPC / SIDPC / 69 / 2026 / 00001\nportant cr\u00e9ation d'un protocole commun de traitement des objets d\u00e9laiss\u00e9s en gare de Lyon Part-Dieu\nLa Pr\u00e9f\u00e8te de la Zone de d\u00e9fense et de s\u00e9curit\u00e9 sud-est, \nPr\u00e9f\u00e8te de la R\u00e9gion Auvergne-Rh\u00f4ne-Alpes,\nPr\u00e9f\u00e8te du Rh\u00f4ne,\nCommandeur de la L\u00e9gion d'honneur,\nCommandeur de l'ordre national du M\u00e9rite\nVU le Code de la S\u00e9curit\u00e9 int\u00e9rieure, en particulier les articles L. 111-1 et R. 733-1\u00a0;\nVU le Code des transports\u00a0;\nVU le d\u00e9cret du 11 janvier 2023 portant nomination de la pr\u00e9f\u00e8te de la r\u00e9gion Auvergne-Rh\u00f4ne-Alpes,  \npr\u00e9f\u00e8te de la zone de d\u00e9fense et de s\u00e9curit\u00e9 Sud-Est, pr\u00e9f\u00e8te du Rh\u00f4ne \u2013 Mme BUCCIO\u00a0;\nVU le d\u00e9cret du 6 novembre 2024 portant nomination du pr\u00e9fet d\u00e9l\u00e9gu\u00e9 pour la d\u00e9fense et la s\u00e9curit\u00e9  \naupr\u00e8s de la pr\u00e9f\u00e8te de la r\u00e9gion Auvergne-Rh\u00f4ne-Alpes, pr\u00e9f\u00e8te de la zone de d\u00e9fense et de s\u00e9curit\u00e9  \nSud-Est, pr\u00e9f\u00e8te du Rh\u00f4ne \u2013 M. GU\u00c9RIN\u00a0;\nVU l'arr\u00eat\u00e9 du 23 ao\u00fbt 2011 portant organisation et attributions de la direction g\u00e9n\u00e9rale de la s\u00e9curit\u00e9  \ncivile et de la gestion des crises\u00a0;\nVU l'arr\u00eat\u00e9 minist\u00e9riel du 24 d\u00e9cembre 2007 portant approbation des r\u00e8gles de s\u00e9curit\u00e9 contre les  \nrisques d'incendie et de panique dans les gares\u00a0;\nVU l'arr\u00eat\u00e9 pr\u00e9fectoral n\u00b069-2024-11-15-00001 du 15 novembre 2024 portant d\u00e9l\u00e9gation de signature \u00e0  \nMonsieur Antoine  GU\u00c9RIN, pr\u00e9fet d\u00e9l\u00e9gu\u00e9 pour la d\u00e9fense et la s\u00e9curit\u00e9 aupr\u00e8s de la pr\u00e9f\u00e8te de la  \nr\u00e9gion Auvergne-Rh\u00f4ne-Alpes, pr\u00e9f\u00e8te de la zone de d\u00e9fense et de s\u00e9curit\u00e9 Sud-Est, pr\u00e9f\u00e8te du Rh\u00f4ne\u00a0;\nVU l'instruction  INT-C1720213J  du  7  juillet  2017  relative  \u00e0  l'intervention  de  la  police  nationale  \ncons\u00e9cutive \u00e0 la d\u00e9tection d'un bagage suspect, une arme d'\u00e9paule ou d'un engin explosif improvis\u00e9\u00a0;\nVU l'avis favorable du ministre de l'Int\u00e9rieur du 12 janvier 2021\u00a0;\nCONSID\u00c9RANT la n\u00e9cessit\u00e9 de garantir la s\u00e9curit\u00e9 publique\u00a0;\nCONSID\u00c9RANT  que  l'instruction  INT-C17202113J  pr\u00e9cit\u00e9e  permet  une  adaptation  en  fonction  de  \nl'environnement afin de garantir une intervention efficiente des services de l'\u00c9tat\u00a0;\nPr\u00e9fecture du Rh\u00f4ne  \u2013  69419 Lyon cedex 03 \nAccueil du public\u00a0: 18 rue de Bonnel 69003 Lyon\nwww.rhone.gouv.fr ou t\u00e9l. : 04 72 60 61 61 (co\u00fbt d'un appel local)\nDirection de la s\u00e9curit\u00e9\net de la protection civile\nService interminist\u00e9riel \nde d\u00e9fense et de \nprotection civiles\n69_Pr\u00e9f_Pr\u00e9fecture du Rh\u00f4ne - 69-2026-04-15-00002 - arret\u00e9 pr\u00e9fectoral portant cr\u00e9ation d'un protocole commun de traitement des\nobjets d\u00e9laiss\u00e9s en gare de Lyon Part-Dieu 9\nCONSID\u00c9RANT  le fait que le site de la gare de Lyon Part-Dieu est consid\u00e9r\u00e9 comme sensible, les  \ntransports pr\u00e9sentant de nombreuses vuln\u00e9rabilit\u00e9s structurelles face \u00e0 la menace terroriste et restant  \nune cible privil\u00e9gi\u00e9e notamment au moment des pics de fr\u00e9quentation\u00a0; que pour ces raisons, le niveau \nde s\u00e9curit\u00e9 des gares et des r\u00e9seaux de transport en commun doit \u00eatre renforc\u00e9\u00a0;\nCONSID\u00c9RANT  que les services de la SNCF doivent  veiller \u00e0 l'application et \u00e0 la d\u00e9clinaison des  \nconsignes issues du plan VIGIPIRATE et du risque attentat\u00a0;\nCONSID\u00c9RANT la n\u00e9cessit\u00e9 de concilier s\u00fbret\u00e9, s\u00e9curit\u00e9 et production, avec tous les risques induits, au \ntravers d'une proc\u00e9dure commune, valid\u00e9e et appliqu\u00e9e par l'ensemble des services concern\u00e9s\u00a0;\nCONSID\u00c9RANT que les travaux men\u00e9s par le groupe de travail ont abouti \u00e0 la r\u00e9daction d'un protocole \npour la gestion des objets suspects en gare de Lyon Part-Dieu, consacrant ainsi le travail entrepris entre \nles acteurs s\u00fbret\u00e9 externes et internes\u00a0;\nCONSID\u00c9RANT  que  les  travaux  men\u00e9s  par  ce  groupe  de  travail  ont  abouti  \u00e0  la  r\u00e9daction  d'un  \nprotocole instaurant un plan de sectorisation pour la gestion des objets suspects en gare de Lyon Part-\nDieu, que ce plan de sectorisation, qui pr\u00e9voit la division de la gare en huit secteurs, a pour objectif de  \nrationaliser le processus de traitement des colis suspects de fa\u00e7on \u00e0 mieux prot\u00e9ger les usagers et \u00e0  \nlimiter l'incidence de l'\u00e9v\u00e9nement sur la circulation des trains\u00a0;\nCONSID\u00c9RANT  l'avis favorable de la DIPN, de la SNCF et du centre de d\u00e9minage Auvergne-Rh\u00f4ne-\nAlpes sur le protocole instaurant un plan de sectorisation pour la gestion des objets suspects en gare  \nde Lyon Part-Dieu\u00a0;\nSur proposition du directeur de la s\u00e9curit\u00e9 et de la protection civile\u00a0;\nARR\u00caTE\nARTICLE 1  \u00a0  :   Un protocole commun de sectorisation dans le cadre du traitement des objets d\u00e9laiss\u00e9s est \nmis en \u0153uvre sur la gare de Lyon Part-Dieu.\nARTICLE 2  \u00a0  :   Ce protocole de sectorisation s'applique en gare de Lyon Part-Dieu sur deux niveaux \u00a0: sur \nl'ensemble de la plateforme du niveau +1 et sur le hall de la gare du niveau 0.\nARTICLE 3  \u00a0  :   Le protocole de sectorisation s'applique en gare de Lyon Part-Dieu et est r\u00e9alis\u00e9e \u00e0 titre  \nexp\u00e9rimental pour une dur\u00e9e de 18 \u00a0mois \u00e0 compter de la publication du pr\u00e9sent arr\u00eat\u00e9. \u00c0 l'issue de  \ncette p\u00e9riode, l'application du protocole de mani\u00e8re d\u00e9finitive devra faire l'objet d'un nouvel arr\u00eat\u00e9. \nARTICLE 4  \u00a0  :   Un comit\u00e9 de suivi, r\u00e9unissant les m\u00eames partenaires que ceux du groupe de travail est  \nr\u00e9uni tous les ans afin de faire le point sur l'application du protocole. L'organisation et l'animation du  \ncomit\u00e9 de suivi sont \u00e0 la charge conjointe de la pr\u00e9fecture du Rh\u00f4ne, de la SNCF et du centre de  \nd\u00e9minage de Lyon (GID). Le comit\u00e9 de suivi peut \u00eatre r\u00e9uni \u00e0 tout moment en cas de n\u00e9cessit\u00e9.\nARTICLE 5  \u00a0  :   Des actions de sensibilisation crois\u00e9es sont engag\u00e9es entre les services de la SNCF et les  \ndiff\u00e9rents partenaires de s\u00fbret\u00e9 afin d'am\u00e9liorer leurs connaissances respectives sur des th\u00e9matiques  \nparticuli\u00e8res  sur  demande  des  diff\u00e9rents  partenaires,  notamment  en  cas  de  rotation  de  leurs  \npersonnels. \nARTICLE 6  \u00a0  :   La modification du protocole de sectorisation intervient apr\u00e8s la r\u00e9union du comit\u00e9 de  \nsuivi et fait l'objet d'un avenant au pr\u00e9sent arr\u00eat\u00e9 pour son application. \nPr\u00e9fecture du Rh\u00f4ne  \u2013  69419 Lyon cedex 03 \nAccueil du public\u00a0: 18 rue de Bonnel 69003 Lyon\nwww.rhone.gouv.fr ou t\u00e9l. : 04 72 60 61 61 (co\u00fbt d'un appel local)\n69_Pr\u00e9f_Pr\u00e9fecture du Rh\u00f4ne - 69-2026-04-15-00002 - arret\u00e9 pr\u00e9fectoral portant cr\u00e9ation d'un protocole commun de traitement des\nobjets d\u00e9laiss\u00e9s en gare de Lyon Part-Dieu 10\nARTICLE 7  \u00a0  :   Le pr\u00e9sent arr\u00eat\u00e9 pourra faire l'objet d'une contestation, dans le d\u00e9lai de deux mois, \u00e0  \ncompter de sa date de notification ou de publication\u00a0:\n\u2022 par  l'exercice  d'un  recours  gracieux  aupr\u00e8s  de  la  pr\u00e9f\u00e8te  du  Rh\u00f4ne.  Le  silence  gard\u00e9  par  \nl'administration \u00e0 l'issue d'un d\u00e9lai de deux mois, \u00e0 compter de la r\u00e9ception de la demande,  \nvaut d\u00e9cision implicite de rejet\u00a0;\n\u2022 par l'exercice d'un recours contentieux devant le Tribunal Administratif, dans le d\u00e9lai de deux  \nmois suivant le refus de recours gracieux.\nLe Tribunal peut \u00eatre saisi d'une requ\u00eate via le site www.telerecours.fr.\nARTICLE 8  \u00a0  :  \n\u2022 Le pr\u00e9fet d\u00e9l\u00e9gu\u00e9 pour la d\u00e9fense et la s\u00e9curit\u00e9\u00a0;\n\u2022 Le directeur interd\u00e9partemental de la police nationale\u00a0;\n\u2022 La SNCF\n\u2022 Le groupement d'intervention et de d\u00e9minage\nSont charg\u00e9s, chacun en ce qui les concerne, de l'ex\u00e9cution du pr\u00e9sent arr\u00eat\u00e9 qui sera publi\u00e9 au recueil \ndes actes administratif de l'\u00c9tat dans le Rh\u00f4ne. \nPr\u00e9fecture du Rh\u00f4ne  \u2013  69419 Lyon cedex 03 \nAccueil du public\u00a0: 18 rue de Bonnel 69003 Lyon\nwww.rhone.gouv.fr ou t\u00e9l. : 04 72 60 61 61 (co\u00fbt d'un appel local)\nFait \u00e0 Lyon, le 15 avril 2026\nPour la pr\u00e9f\u00e8te, \nLe pr\u00e9fet d\u00e9l\u00e9gu\u00e9 \npour la d\u00e9fense et la s\u00e9curit\u00e9\nORIGINAL SIGNE\nAntoine  GU\u00c9RIN\n69_Pr\u00e9f_Pr\u00e9fecture du Rh\u00f4ne - 69-2026-04-15-00002 - arret\u00e9 pr\u00e9fectoral portant cr\u00e9ation d'un protocole commun de traitement des\nobjets d\u00e9laiss\u00e9s en gare de Lyon Part-Dieu 11\n69_Pr\u00e9f_Pr\u00e9fecture du Rh\u00f4ne\n69-2026-04-02-00009\n fermeture d'un local destin\u00e9 \u00e0 l'h\u00e9bergement\ncollectif de travail situ\u00e9 451 cours Emile Zola \u00e0\nVILLEURBANNE\n69_Pr\u00e9f_Pr\u00e9fecture du Rh\u00f4ne - 69-2026-04-02-00009 -  fermeture d'un local destin\u00e9 \u00e0 l'h\u00e9bergement collectif de travail situ\u00e9 451 cours\nEmile Zola \u00e0 VILLEURBANNE 12\nPREFETEDU RHONELibert\u00e9Egalit\u00e9Fraternit\u00e9\nDirection des Affaires Juridiques\net de l'Administration Locale\nBureau des r\u00e9glementations,\ndes \u00e9lections et des associations\nAffaire suivie par : Mme Virginie Dureuth-Carette\nT\u00e9l. : 04 72 61 61 48\nCourriel : pref-reglementation-generale@rhone.gouv.fr\nArr\u00eat\u00e9 pr\u00e9fectoral n\u00b0 69-2026                                         x\nrelatif \u00e0 la fermeture d'un local destin\u00e9 \u00e0 l'h\u00e9bergement collectif de travail\nsitu\u00e9 451 cours Emile Zola \u00e0 VILLEURBANNE\nLa Pr\u00e9f\u00e8te de la r\u00e9gion Auvergne-Rh\u00f4ne-Alpes,\nPr\u00e9f\u00e8te de la Zone de d\u00e9fense et de s\u00e9curit\u00e9 sud-est,\nPr\u00e9f\u00e8te du Rh\u00f4ne,\nCommandeur de la L\u00e9gion d'honneur,\nCommandeur de l'ordre national du M\u00e9rite,\nVU le code du travail, notamment  ses articles R. 4228-26, R.4228-28, R.4228-29, R.4228-31, R.4228-32  \nR.4228-33, R.4228-34, R.4228-35, L.8115-1 et L.4741-1 ;\nVU la loi n\u00b073-548 du 27 juin 1973 relative \u00e0 l'h\u00e9bergement collectif, notamment son article 5 ;\nVU le contr\u00f4le, effectu\u00e9 le mardi 28 f\u00e9vrier 2026, par Mme Am\u00e9lie VINATIER, inspectrice du travail \u00e0  \nl'Unit\u00e9 R\u00e9gionale d'Appui et de Contr\u00f4le en mati\u00e8re de Travail Ill\u00e9gal (URACTI) \u00e0 la DREETS Auvergne  \nRh\u00f4ne-Alpes, accompagn\u00e9e de Mme Myriam SADEK et M. Zachary ELHAOUSS, inspecteurs du travail de  \nla m\u00eame unit\u00e9, au sein des locaux de travail et de l'h\u00e9bergement collectif du restaurant LE SPECIAL, situ\u00e9s \n451 cours Emile Zola \u00e0 Villeurbanne (69100) ;\nVU le rapport du 9 mars 2026 \u00e9tabli par l'Unit\u00e9 R\u00e9gionale  d'Appui et de Contr\u00f4le en mati\u00e8re de Travail  \nIll\u00e9gal (URACTI) de la DREETS Auvergne Rh\u00f4ne-Alpes , proposant la fermeture administrative d'un lieu  \nd'h\u00e9bergement collectif, non d\u00e9clar\u00e9 et indigne  ;\nCONSIDERANT que les inspectrices ont constat\u00e9 l'existence d'une pi\u00e8ce garnie de diff\u00e9rents meubles et  \nfournitures faisant \u00e9tat d'une occupation des lieux \u00e0 titre d'h\u00e9bergement (1 couchage, 1 fauteuil, 1 table,  \nplusieurs objets n\u00e9cessaires \u00e0 l'hygi\u00e8ne corporelle, v\u00eatements, denr\u00e9es alimentaires) ;\nCONSIDERANT que les inspectrices ont constat\u00e9 la pr\u00e9sence de  5 personnes en situation de travail et  \nqu'\u00e0 ce stade des investigations il leur est possible de d\u00e9terminer l'identit\u00e9 et le nombre d'occupants de  \nl'h\u00e9bergement collectif, soit 1 personne h\u00e9berg\u00e9e ;\nCONSIDERANT que ces constats \u00e9tablissent l'existence d'un h\u00e9bergement collectif dans les locaux du  \nrestaurant,  en  violation  de  l'article  R.4228-26  du  code  du  travail,  dont  les  dispositions  interdisent  \nd'h\u00e9berger des travailleurs dans les locaux affect\u00e9s \u00e0 un usage industriel ou commercial ;\nCONSIDERANT que cet h\u00e9bergement n'a fait l'objet d'aucune d\u00e9claration ;\nCONSIDERANT que l'\u00e9tat du logement destin\u00e9 \u00e0 l'h\u00e9bergement collectif, situ\u00e9 au 451 cours Emile Zola  \n69100 Villeurbanne, expose la personne qui l'occupe \u00e0 un danger pour sa sant\u00e9 et sa s\u00e9curit\u00e9, notamment \naux motifs suivants :\nPr\u00e9fecture du Rh\u00f4ne\n18 Rue de Bonnel\n69 419 LYON CEDEX 03\nT\u00e9l : 04 72 61 61 61\nwww.rhone.gouv.fr\n69_Pr\u00e9f_Pr\u00e9fecture du Rh\u00f4ne - 69-2026-04-02-00009 -  fermeture d'un local destin\u00e9 \u00e0 l'h\u00e9bergement collectif de travail situ\u00e9 451 cours\nEmile Zola \u00e0 VILLEURBANNE 13\n-d\u00e9labrement et v\u00e9tust\u00e9 de la pi\u00e8ce de type \u00ab  hangar \u00bb d\u00e9pourvue de lumi\u00e8re dont certaines fen\u00eatres  \nsont d\u00e9pourvues de vitres et dont la temp\u00e9rature ambiante \u00e0 l'int\u00e9rieur est \u00e9gale \u00e0 celle de l'ext\u00e9rieur ;\n-sanitaires insalubres, cabinet d'aisance bouch\u00e9, moisissures sur les murs, les parois, les sols, traces de  \nmati\u00e8res organiques et salissures, absence de douche.\nCONSIDERANT, au regard des constats d\u00e9taill\u00e9s ci-dessus, qu'il convient de proc\u00e9der \u00e0 la fermeture  \nadministrative de l'h\u00e9bergement collectif de travail susmentionn\u00e9 ;\nSUR proposition du Pr\u00e9fet, Secr\u00e9taire G\u00e9n\u00e9ral, Pr\u00e9fet d\u00e9l\u00e9gu\u00e9 pour l'\u00e9galit\u00e9 des chances,\nARR\u00caTE :\nARTICLE 1er : Le b\u00e2timent, situ\u00e9 au n\u00b0 451 cours Emile Zola 69100 Villeurbanne, exploit\u00e9 par la soci\u00e9t\u00e9 par \nactions simplifi\u00e9es IMPALA, dirig\u00e9 par Monsieur Kamel KEDJAR n\u00e9 le 03/05/1978 \u00e0 Saint-Maurice (Val-de-  \nMarne), et destin\u00e9 \u00e0 l'h\u00e9bergement collectif d'un salari\u00e9 du restaurant, est d\u00e9clar\u00e9 insalubre et dangereux \npour la sant\u00e9 et la s\u00e9curit\u00e9 de son occupant et des personnes susceptibles de l'occuper.\nARTICLE 2 : Les locaux situ\u00e9s dans le b\u00e2timent susvis\u00e9 sont, en l'\u00e9tat, interdits \u00e0 l'habitation \u00e0 compter de \nla notification du pr\u00e9sent arr\u00eat\u00e9.\nARTICLE 3 :  Le restaurant LE SPECIAL est tenu de fournir au salari\u00e9 occupant ce logement, M. Nidhal  \nHAMOUDI  n\u00e9  le  22/11/2003  \u00e0  S\u00e9tif  (Alg\u00e9rie),  et  \u00e0  ceux  susceptibles  de  l'occuper,  \u00e0  compter  de  la  \nnotification du pr\u00e9sent arr\u00eat\u00e9, un logement d\u00e9cent conforme aux prescriptions l\u00e9gales et r\u00e9glementaires  \ndu code du travail.\nARTICLE 4 :  Les frais occasionn\u00e9s par le relogement de l'occupant pr\u00e9cit\u00e9 et de ceux susceptibles de  \nl'occuper sont pris en charge par le restaurant LE SPECIAL.\nARTICLE 5 : Le restaurant LE SPECIAL doit, dans un d\u00e9lai de quinze jours \u00e0 compter de la notification du  \npr\u00e9sent arr\u00eat\u00e9, informer la Pr\u00e9f\u00e8te du lieu du relogement fournis aux dits occupants.\nARTICLE 6 : Le pr\u00e9sent arr\u00eat\u00e9 est notifi\u00e9 par lettre recommand\u00e9e avec accus\u00e9 de r\u00e9ception au restaurant \nLE SPECIAL, locataire du b\u00e2timent.\nARTICLE 7 : Le pr\u00e9sent arr\u00eat\u00e9 peut faire l'objet, dans un d\u00e9lai de 2 mois \u00e0 compter de sa publication ou  \nde sa notification, d'un recours contentieux aupr\u00e8s du Tribunal Administratif de Lyon, 184 rue Duguesclin \n69433 Lyon Cedex 03 ou sur  le site  www.telerecours.fr ; ou d'un recours gracieux devant la pr\u00e9f\u00e8te de  \nd\u00e9partement (autorit\u00e9 signataire de cette d\u00e9cision) ou devant Mme la Ministre du Travail, Direction  \nG\u00e9n\u00e9rale du Travail, 39 quai Andr\u00e9 Citro\u00ebn, 75015 Paris.\nARTICLE 8 : Le pr\u00e9sent arr\u00eat\u00e9 sera publi\u00e9 au recueil des actes administratifs de la pr\u00e9fecture du Rh\u00f4ne. \nFait \u00e0 Lyon, le 2 avril 2026\nPour La pr\u00e9f\u00e8te\nla sous-pr\u00e9f\u00e8te\nsecr\u00e9taire g\u00e9n\u00e9rale adjointe\nJudith HUSSON\n69_Pr\u00e9f_Pr\u00e9fecture du Rh\u00f4ne - 69-2026-04-02-00009 -  fermeture d'un local destin\u00e9 \u00e0 l'h\u00e9bergement collectif de travail situ\u00e9 451 cours\nEmile Zola \u00e0 VILLEURBANNE 14\n69_Pr\u00e9f_Pr\u00e9fecture du Rh\u00f4ne\n69-2026-04-16-00004\nAP du 16 avril 2026 modifiant l'arr\u00eat\u00e9 pr\u00e9fectoral\nn\u00b0 69-2025-04-01-00006 du 01 avril 2025 portant\nhabilitation dans le domaine fun\u00e9raire la Snc\nL.A.O \u00ab\u00a0CENTRE FUNERAIRE RIVIERE\u00a0\u00bb situ\u00e9 52\navenue Franklin Roosevelt 69500 Bron\n69_Pr\u00e9f_Pr\u00e9fecture du Rh\u00f4ne - 69-2026-04-16-00004 - AP du 16 avril 2026 modifiant l'arr\u00eat\u00e9 pr\u00e9fectoral n\u00b0 69-2025-04-01-00006 du 01\navril 2025 portant habilitation dans le domaine fun\u00e9raire la Snc L.A.O \u00ab\u00a0CENTRE FUNERAIRE RIVIERE\u00a0\u00bb situ\u00e9 52 avenue Franklin\nRoosevelt 69500 Bron\n15\nPREFETEDU RHONELibert\u00e9Egalit\u00e9Fraternit\u00e9\nDirection des Affaires Juridiques\net de l'Administration Locale\nBureau des r\u00e9glementations,\ndes \u00e9lections et des associations\nAffaire suivie par : Mme Assia YAHI\nT\u00e9l. : 04 72 61 61 29\nCourriel : pref-funeraire@rhone.gouv.fr\nArr\u00eat\u00e9 pr\u00e9fectoral n\u00b0 69-2026-                                             x\nmodifiant l'arr\u00eat\u00e9 pr\u00e9fectoral n\u00b0 69-2025-04-01-00006 du 01 avril 2025\nportant habilitation dans le domaine fun\u00e9raire\nLa Pr\u00e9f\u00e8te de la R\u00e9gion Auvergne-Rh\u00f4ne-Alpes,\nPr\u00e9f\u00e8te de la Zone de d\u00e9fense et de s\u00e9curit\u00e9 sud-est,\nPr\u00e9f\u00e8te du Rh\u00f4ne,\nCommandeur de la L\u00e9gion d'honneur,\nCommandeur de l'ordre national du M\u00e9rite,\nVU  le code g\u00e9n\u00e9ral des collectivit\u00e9s territoriales, notamment ses articles L.2223-23 et R.2223-23-5 et  \nsuivants ;\nVU la loi n\u00b0 93-23 du 8 janvier 1993 modifiant le titre VI du livre III du code des communes et relative \u00e0 la  \nl\u00e9gislation dans le domaine fun\u00e9raire ;\nVu  l'arr\u00eat\u00e9  pr\u00e9fectoral  n\u00b069-2023-09-15-00008  du  15  septembre  2023  portant  habilitation  dans  le  \ndomaine fun\u00e9raire ;\nVU  le  dossier  de  demande  de  modification  d'habilitation  relative  au  changement  des  activit\u00e9s,  \nr\u00e9ceptionn\u00e9 le 28 f\u00e9vrier 2025, transmis par Monsieur Fr\u00e9d\u00e9ric FERY, g\u00e9rant de la Sarl FINANCI\u00c8RE LGR II  \nelle-m\u00eame  pr\u00e9sidente  de  la  Sas  MGA  II,  elle-m\u00eame  g\u00e9rante  de  la  Snc  L.A.O, pour  l'\u00e9tablissement \nsecondaire situ\u00e9 52 avenue Franklin Roosevelt 69500 Bron , dont l'enseigne est \u00ab  CENTRE FUNERAIRE  \nRIVIERE \u00bb ;\nVu l'arr\u00eat\u00e9 pr\u00e9fectoral n\u00b0 69-2025-04-01-00006 du 01 avril 2025 ;\nConsid\u00e9rant  l'erreur  mat\u00e9rielle  li\u00e9  au  num\u00e9ro  d'habilitation  fun\u00e9raire  attribu\u00e9  par  le  r\u00e9f\u00e9rentiel  des \nop\u00e9rateurs fun\u00e9raires dans l'arr\u00eat\u00e9 susvis\u00e9 ;\nSur proposition de Madame la Directrice des Affaires Juridiques et de l'Administration Locale ;\nARR\u00caTE\nArticle     1     :   Les dispositions de l'article 2 de l'arr\u00eat\u00e9 pr\u00e9fectoral n\u00b0 69-2026-01-20-00004 du 20 janvier 2026  \nportant habilitation dans le domaine fun\u00e9raire est modifi\u00e9 ainsi qu'il suit :\nPr\u00e9fecture du Rh\u00f4ne\n18 Rue de Bonnel\n69 419 LYON CEDEX 03\nT\u00e9l : 04 72 61 61 61\nwww.rhone.gouv.fr\n1/2\n69_Pr\u00e9f_Pr\u00e9fecture du Rh\u00f4ne - 69-2026-04-16-00004 - AP du 16 avril 2026 modifiant l'arr\u00eat\u00e9 pr\u00e9fectoral n\u00b0 69-2025-04-01-00006 du 01\navril 2025 portant habilitation dans le domaine fun\u00e9raire la Snc L.A.O \u00ab\u00a0CENTRE FUNERAIRE RIVIERE\u00a0\u00bb situ\u00e9 52 avenue Franklin\nRoosevelt 69500 Bron\n16\n\u00ab La pr\u00e9sente habilitation d\u00e9livr\u00e9e sous le n\u00b0 25-69-0232 est valable jusqu'au 15 septembre 2028. \u00bb\nArticle     2     :   Le reste est sans changement.\nArticle     3     :   Le pr\u00e9sent arr\u00eat\u00e9 peut faire l'objet, dans un d\u00e9lai de 2 mois \u00e0 compter de sa publication, d'un  \nrecours contentieux aupr\u00e8s du Tribunal Administratif de Lyon, 184 rue Duguesclin 69433 Lyon Cedex 03  \nou sur le site www.telerecours.fr.\nArticle     4     :   Le pr\u00e9sent arr\u00eat\u00e9 sera publi\u00e9 au recueil des actes administratifs de la pr\u00e9fecture du Rh\u00f4ne. \nFait \u00e0 Lyon, le 16 avril 2026\n____________\nLa Pr\u00e9f\u00e8te,\nPour la pr\u00e9f\u00e8te,\nLe chef du bureau des r\u00e9glementations, des \n\u00e9lections et des associations\nJamal BENZIK\n2/2\n69_Pr\u00e9f_Pr\u00e9fecture du Rh\u00f4ne - 69-2026-04-16-00004 - AP du 16 avril 2026 modifiant l'arr\u00eat\u00e9 pr\u00e9fectoral n\u00b0 69-2025-04-01-00006 du 01\navril 2025 portant habilitation dans le domaine fun\u00e9raire la Snc L.A.O \u00ab\u00a0CENTRE FUNERAIRE RIVIERE\u00a0\u00bb situ\u00e9 52 avenue Franklin\nRoosevelt 69500 Bron\n17\n69_Pr\u00e9f_Pr\u00e9fecture du Rh\u00f4ne\n69-2026-04-16-00005\nAP du 16 avril 2026 portant agr\u00e9ment pour\nl'exercice de l'activit\u00e9 de domiciliation\nd'entreprises de la soci\u00e9t\u00e9 ACM CONSEIL situ\u00e9\n35 Rue Greuze 69100 Villeurbanne\n69_Pr\u00e9f_Pr\u00e9fecture du Rh\u00f4ne - 69-2026-04-16-00005 - AP du 16 avril 2026 portant agr\u00e9ment pour l'exercice de l'activit\u00e9 de\ndomiciliation d'entreprises de la soci\u00e9t\u00e9 ACM CONSEIL situ\u00e9 35 Rue Greuze 69100 Villeurbanne 18\nPREFETEDU RHONELibert\u00e9Egalit\u00e9Fraternit\u00e9\nDirection des Affaires Juridiques\net de l'Administration Locale\nBureau des r\u00e9glementations,\ndes \u00e9lections et des associations\nAffaire suivie par : Mme Assia YAHI\nT\u00e9l. : 04 72 61 61 29\nCourriel : pref-reglementation-generale@rhone.gouv.fr\nArr\u00eat\u00e9 pr\u00e9fectoral n\u00b0 69-2026-                           Xx\nportant agr\u00e9ment pour l'exercice de l'activit\u00e9 de domiciliation d'entreprises      \nLa Pr\u00e9f\u00e8te de la R\u00e9gion Auvergne-Rh\u00f4ne-Alpes,\nPr\u00e9f\u00e8te de la Zone de d\u00e9fense et de s\u00e9curit\u00e9 sud-est,\nPr\u00e9f\u00e8te du Rh\u00f4ne,\nCommandeur de la L\u00e9gion d'honneur,\nCommandeur de l'ordre national du M\u00e9rite,\nVU la directive 2005/60  /CE du Parlement et du Conseil du 26 octobre 2005 relative \u00e0 la pr\u00e9vention de  \nl'utilisation du syst\u00e8me financier aux fins de blanchiment de capitaux et de financement de terrorisme ;\nVU le code de commerce, notamment ses articles L.123-10 \u00e0 L.123-11-8 et R.123-166 \u00e0 R.123-171 ;\nVU le code mon\u00e9taire et financier, notamment ses articles L.561-2 ;\nVU  l'ordonnance  n\u00b02009-104  du  30  janvier  2009  relative  \u00e0  la  pr\u00e9vention  de  l'utilisation  du  syst\u00e8me \nfinancier aux fins de blanchiment de capitaux et de financement du terrorisme, notamment ses articles 9  \net 20 ;\nVU le d\u00e9cret n\u00b02009-1535 du 10 d\u00e9cembre 2009 d\u00e9finissant les modalit\u00e9s de contr\u00f4le du respect des  \nobligations relatives \u00e0 la lutte contre le blanchiment de capitaux et le financement du terrorisme par les  \npersonnes mentionn\u00e9es aux 8\u00b0, 9\u00b0 et 15\u00b0 de l'article L.561-2 du code mon\u00e9taire et financier et relatif \u00e0 la  \nCommission nationale des sanctions (articles R.561-43 \u00e0 R.561-50 du code mon\u00e9taire et financier) ;\nVU le d\u00e9cret n\u00b02009-1695 du 30 d\u00e9cembre 2009 relatif \u00e0 l'agr\u00e9ment des domiciliataires d'entreprises  \nsoumises \u00e0 l'immatriculation au registre du commerce et des soci\u00e9t\u00e9s ou au r\u00e9pertoire des m\u00e9tiers  \n(articles R.123-166-1 \u00e0 R.123-166-5 du code de commerce) ;\nVU le dossier de demande d'agr\u00e9ment re\u00e7u le 29 d\u00e9cembre 2025 et compl\u00e9t\u00e9 en dernier lieu le 29  \nd\u00e9cembre 2025, pour la soci\u00e9t\u00e9 ACM CONSEIL,  repr\u00e9sent\u00e9e par  Madame V\u00e9ronique LAURENT , en sa  \nqualit\u00e9 de pr\u00e9sidente, en vue d'\u00eatre autoris\u00e9e \u00e0 fournir une domiciliation juridique \u00e0 des personnes  \nphysiques ou morales immatricul\u00e9es au registre du commerce et des soci\u00e9t\u00e9s ;\nCONSID\u00c9RANT que la soci\u00e9t\u00e9 ACM CONSEIL remplit les conditions requises pour \u00eatre agr\u00e9\u00e9e en qualit\u00e9  \nde domiciliataire d'entreprises ;\nSur proposition de la Directrice des Affaires Juridiques et de l'Administration Locale ;\nPr\u00e9fecture du Rh\u00f4ne\n18 Rue de Bonnel\n69 419 LYON CEDEX 03\nT\u00e9l : 04 72 61 61 61\nwww.rhone.gouv.fr\n1/2\n69_Pr\u00e9f_Pr\u00e9fecture du Rh\u00f4ne - 69-2026-04-16-00005 - AP du 16 avril 2026 portant agr\u00e9ment pour l'exercice de l'activit\u00e9 de\ndomiciliation d'entreprises de la soci\u00e9t\u00e9 ACM CONSEIL situ\u00e9 35 Rue Greuze 69100 Villeurbanne 19\nARR\u00caTE\nArticle     1     :   La soci\u00e9t\u00e9 ACM CONSEIL est agr\u00e9\u00e9e pour exercer au sein de son \u00e9tablissement principal situ\u00e9  \n35 Rue Greuze 69100 Villeurbanne, l'activit\u00e9 de domiciliation d'entreprises.\nArticle     2     :   L'agr\u00e9ment portant le num\u00e9ro 2026-02 est accord\u00e9 pour une dur\u00e9e de six ans \u00e0 compter de la  \ndate du pr\u00e9sent arr\u00eat\u00e9.\nArticle     3     :   Conform\u00e9ment \u00e0 l'article R.123-166-4 du code de commerce, toute modification substantielle\nportant sur le titulaire de l'agr\u00e9ment, les locaux et les moyens selon lesquels le titulaire dispose des  \nlocaux (bail, titre de propri\u00e9t\u00e9...), doit \u00eatre d\u00e9clar\u00e9e dans un d\u00e9lai de deux mois et les pi\u00e8ces justificatives  \nfournies \u00e0 la Pr\u00e9fecture du Rh\u00f4ne.\nArticle     4 :   Les personnes exer\u00e7ant l'activit\u00e9 de domiciliation doivent mettre en \u0153uvre les obligations  \nrelatives \u00e0 la lutte contre le blanchiment des capitaux et le financement du terrorisme d\u00e9finis au chapitre \n1er du titre VI du livre V du code mon\u00e9taire et financier.\nArticle     5     :   La demande de renouvellement du pr\u00e9sent agr\u00e9ment doit \u00eatre effectu\u00e9e au plus tard deux  \nmois avant expiration de la pr\u00e9sente autorisation.\nArticle     6     :   Le pr\u00e9sent arr\u00eat\u00e9 peut faire l'objet, dans un d\u00e9lai de 2 mois \u00e0 compter de sa publication, d'un  \nrecours contentieux aupr\u00e8s du Tribunal Administratif de Lyon, 184 rue Duguesclin 69433 Lyon Cedex 03  \nou sur le site www.telerecours.fr.\nArticle     7     :   Le  Pr\u00e9fet,  Secr\u00e9taire  g\u00e9n\u00e9ral,  Pr\u00e9fet  d\u00e9l\u00e9gu\u00e9  pour  l'\u00e9galit\u00e9  des  chances  est  charg\u00e9  de  \nl'ex\u00e9cution du pr\u00e9sent arr\u00eat\u00e9 qui sera notifi\u00e9 \u00e0 l'int\u00e9ress\u00e9 et publi\u00e9 au recueil des actes administratifs de  \nla  pr\u00e9fecture  du  Rh\u00f4ne.  Une  copie  de  l'arr\u00eat\u00e9  sera  transmise  au  greffe  du  Tribunal  de  activit\u00e9s  \n\u00e9conomiques de Lyon.\nFait \u00e0 Lyon, le 16 avril 2026\n                           x\nLa Pr\u00e9f\u00e8te,\nPour la pr\u00e9f\u00e8te,\nLe chef du bureau des r\u00e9glementations, des \n\u00e9lections et des associations\nJamal BENZIK\n2/2\n69_Pr\u00e9f_Pr\u00e9fecture du Rh\u00f4ne - 69-2026-04-16-00005 - AP du 16 avril 2026 portant agr\u00e9ment pour l'exercice de l'activit\u00e9 de\ndomiciliation d'entreprises de la soci\u00e9t\u00e9 ACM CONSEIL situ\u00e9 35 Rue Greuze 69100 Villeurbanne 20\n69_Pr\u00e9f_Pr\u00e9fecture du Rh\u00f4ne\n69-2026-04-16-00002\nAP du 16 avril 2026 portant habilitation dans le\ndomaine fun\u00e9raire de la SARL MILLET MARBRE\n \"POMPES FUNEBRES DES MONTS D'OR - MILLET\nMARBRE\" situ\u00e9 43 avenue Gambetta 69450\nSaint-Cyr-au-Mont-d'Or\n69_Pr\u00e9f_Pr\u00e9fecture du Rh\u00f4ne - 69-2026-04-16-00002 - AP du 16 avril 2026 portant habilitation dans le domaine fun\u00e9raire de la SARL\nMILLET MARBRE\n \"POMPES FUNEBRES DES MONTS D'OR - MILLET MARBRE\" situ\u00e9 43 avenue Gambetta 69450 Saint-Cyr-au-Mont-d'Or\n21\nPREFETEDU RHONELibert\u00e9Egalit\u00e9Fraternit\u00e9\nDirection des Affaires Juridiques\net de l'Administration Locale\nBureau des r\u00e9glementations,\ndes \u00e9lections et des associations\nAffaire suivie par : Mme Assia YAHI\nT\u00e9l. : 04 72 61 61 29\nCourriel : pref-funeraire@rhone.gouv.fr\nArr\u00eat\u00e9 pr\u00e9fectoral n\u00b0 69-2026-         x                        \nportant habilitation dans le domaine fun\u00e9raire\nLa Pr\u00e9f\u00e8te de la R\u00e9gion Auvergne-Rh\u00f4ne-Alpes,\nPr\u00e9f\u00e8te de la Zone de d\u00e9fense et de s\u00e9curit\u00e9 sud-est,\nPr\u00e9f\u00e8te du Rh\u00f4ne,\nCommandeur de la L\u00e9gion d'honneur,\nCommandeur de l'ordre national du M\u00e9rite,\nVU le  code g\u00e9n\u00e9ral des collectivit\u00e9s territoriales, notamment ses articles L.2223-23 et R.2223-23-5 et  \nsuivants ;\nVU la loi n\u00b0 93-23 du 8 janvier 1993 modifiant le titre VI du livre III du code des communes et relative \u00e0 la  \nl\u00e9gislation dans le domaine fun\u00e9raire ;\nVU le dossier de demande de renouvellement d'habilitation r\u00e9ceptionn\u00e9 en pr\u00e9fecture le 02 f\u00e9vrier 2026  \net compl\u00e9t\u00e9 le 26 mars 2026, pr\u00e9sent\u00e9 par Monsieur Arnaud MARTY, g\u00e9rant de la SARL MILLET MARBRE, \ndont  le  nom  commercial  est  \u00ab  POMPES  FUNEBRES  DES  MONTS  D'OR  \u2013  MILLET  MARBRE  \u00bb pour  \nl'\u00e9tablissement secondaire situ\u00e9 43 avenue Gambetta 69450 Saint-Cyr-au-Mont-d'Or ;\nSur proposition de Madame la Directrice des Affaires Juridiques et de l'Administration Locale ;\nARR\u00caTE\nArticle     1     :   L'\u00e9tablissement secondaire de la SARL MILLET MARBRE situ\u00e9 43 avenue Gambetta 69450 Saint-\nCyr-au-Mont-d'Or, dont le g\u00e9rant est Monsieur Arnaud MARTY est habilit\u00e9 pour exercer sur l'ensemble du \nterritoire national, les activit\u00e9s fun\u00e9raires ci-apr\u00e8s :\n\u2022 Transport des corps avant et apr\u00e8s mise en bi\u00e8re en sous traitance\n\u2022 Organisation des obs\u00e8ques\n\u2022 Soins de conservation en sous traitance\n\u2022 Fourniture des housses, des cercueils et de leurs accessoires int\u00e9rieurs et ext\u00e9rieurs ainsi que des urnes  \ncin\u00e9raires en sous traitance\n\u2022 Fourniture des corbillards et des voitures de deuil en sous traitance\n\u2022 Fournitures  de  personnel  et  des  objets,  et  prestations  n\u00e9cessaires  aux  obs\u00e8ques,  inhumations,  \nexhumations et \u00e0 la cr\u00e9mation en sous traitance.\nPr\u00e9fecture du Rh\u00f4ne\n18 Rue de Bonnel\n69 419 LYON CEDEX 03\nT\u00e9l : 04 72 61 61 61\nwww.rhone.gouv.fr\n1/2\n69_Pr\u00e9f_Pr\u00e9fecture du Rh\u00f4ne - 69-2026-04-16-00002 - AP du 16 avril 2026 portant habilitation dans le domaine fun\u00e9raire de la SARL\nMILLET MARBRE\n \"POMPES FUNEBRES DES MONTS D'OR - MILLET MARBRE\" situ\u00e9 43 avenue Gambetta 69450 Saint-Cyr-au-Mont-d'Or\n22\nArticle     2     :   La dur\u00e9e de la pr\u00e9sente habilitation d\u00e9livr\u00e9e sous le n\u00b026-69-0361 est fix\u00e9e \u00e0 cinq ans.\nArticle     3     :   Le pr\u00e9sent arr\u00eat\u00e9 peut faire l'objet, dans un d\u00e9lai de 2 mois \u00e0 compter de sa publication, d'un  \nrecours contentieux aupr\u00e8s du Tribunal Administratif de Lyon, 184 rue Duguesclin 69433 Lyon Cedex 03  \nou sur le site www.telerecours.fr.\nArticle     4     :   Le pr\u00e9sent arr\u00eat\u00e9 sera publi\u00e9 au recueil des actes administratifs de la pr\u00e9fecture du Rh\u00f4ne. \nFait \u00e0 Lyon, le 16 avril 2026\n__\n__________\nLa Pr\u00e9f\u00e8te,\nPour la pr\u00e9f\u00e8te,\nLe chef du bureau des r\u00e9glementations, des \n\u00e9lections et des associations\nJamal BENZIK\n2/2\n69_Pr\u00e9f_Pr\u00e9fecture du Rh\u00f4ne - 69-2026-04-16-00002 - AP du 16 avril 2026 portant habilitation dans le domaine fun\u00e9raire de la SARL\nMILLET MARBRE\n \"POMPES FUNEBRES DES MONTS D'OR - MILLET MARBRE\" situ\u00e9 43 avenue Gambetta 69450 Saint-Cyr-au-Mont-d'Or\n23\n69_Pr\u00e9f_Pr\u00e9fecture du Rh\u00f4ne\n69-2026-04-16-00003\nAP du 16 avril 2026 portant habilitation dans le\ndomaine fun\u00e9raire de la SARL MILLET MARBRE\n\"POMPES FUNEBRES DES MONTS D'OR - MILLET\nMARBRE\" situ\u00e9 Rue du Cimeti\u00e8re 69410\nChampagne-au-Mont-d'Or\n69_Pr\u00e9f_Pr\u00e9fecture du Rh\u00f4ne - 69-2026-04-16-00003 - AP du 16 avril 2026 portant habilitation dans le domaine fun\u00e9raire de la SARL\nMILLET MARBRE\n\"POMPES FUNEBRES DES MONTS D'OR - MILLET MARBRE\" situ\u00e9 Rue du Cimeti\u00e8re 69410 Champagne-au-Mont-d'Or\n24\nPREFETEDU RHONELibert\u00e9Egalit\u00e9Fraternit\u00e9\nDirection des Affaires Juridiques\net de l'Administration Locale\nBureau des r\u00e9glementations,\ndes \u00e9lections et des associations\nAffaire suivie par : Mme Assia YAHI\nT\u00e9l. : 04 72 61 61 29\nCourriel : pref-funeraire@rhone.gouv.fr\nArr\u00eat\u00e9 pr\u00e9fectoral n\u00b0 69-2026-         x                        \nportant habilitation dans le domaine fun\u00e9raire\nLa Pr\u00e9f\u00e8te de la R\u00e9gion Auvergne-Rh\u00f4ne-Alpes,\nPr\u00e9f\u00e8te de la Zone de d\u00e9fense et de s\u00e9curit\u00e9 sud-est,\nPr\u00e9f\u00e8te du Rh\u00f4ne,\nCommandeur de la L\u00e9gion d'honneur,\nCommandeur de l'ordre national du M\u00e9rite,\nVU le  code g\u00e9n\u00e9ral des collectivit\u00e9s territoriales, notamment ses articles L.2223-23 et R.2223-23-5 et  \nsuivants ;\nVU la loi n\u00b0 93-23 du 8 janvier 1993 modifiant le titre VI du livre III du code des communes et relative \u00e0 la  \nl\u00e9gislation dans le domaine fun\u00e9raire ;\nVU le dossier de demande de renouvellement d'habilitation r\u00e9ceptionn\u00e9 en pr\u00e9fecture le 02 f\u00e9vrier 2026  \net compl\u00e9t\u00e9 le 26 mars 2026, pr\u00e9sent\u00e9 par Monsieur Arnaud MARTY, g\u00e9rant de la SARL MILLET MARBRE, \ndont  le  nom  commercial  est  \u00ab  POMPES  FUNEBRES  DES  MONTS  D'OR  \u2013  MILLET  MARBRE  \u00bb pour  \nl'\u00e9tablissement principal situ\u00e9 Rue du Cimeti\u00e8re 69410 Champagne-au-Mont-d'Or ;\nSur proposition de Madame la Directrice des Affaires Juridiques et de l'Administration Locale ;\nARR\u00caTE\nArticle     1     :   L'\u00e9tablissement  principal de  la  SARL  MILLET  MARBRE  situ\u00e9  Rue  du  Cimeti\u00e8re  69410  \nChampagne-au-Mont-d'Or,  dont le g\u00e9rant est  Monsieur Arnaud MARTY  est habilit\u00e9 pour exercer sur  \nl'ensemble du territoire national, les activit\u00e9s fun\u00e9raires ci-apr\u00e8s :\n\u2022 Transport des corps avant et apr\u00e8s mise en bi\u00e8re en sous traitance\n\u2022 Organisation des obs\u00e8ques\n\u2022 Soins de conservation en sous traitance\n\u2022 Fourniture des housses, des cercueils et de leurs accessoires int\u00e9rieurs et ext\u00e9rieurs ainsi que des urnes  \ncin\u00e9raires en sous traitance\n\u2022 Fourniture des corbillards et des voitures de deuil en sous traitance\n\u2022 Fournitures  de  personnel  et  des  objets,  et  prestations  n\u00e9cessaires  aux  obs\u00e8ques,  inhumations,  \nexhumations et \u00e0 la cr\u00e9mation en sous traitance.\nPr\u00e9fecture du Rh\u00f4ne\n18 Rue de Bonnel\n69 419 LYON CEDEX 03\nT\u00e9l : 04 72 61 61 61\nwww.rhone.gouv.fr\n1/2\n69_Pr\u00e9f_Pr\u00e9fecture du Rh\u00f4ne - 69-2026-04-16-00003 - AP du 16 avril 2026 portant habilitation dans le domaine fun\u00e9raire de la SARL\nMILLET MARBRE\n\"POMPES FUNEBRES DES MONTS D'OR - MILLET MARBRE\" situ\u00e9 Rue du Cimeti\u00e8re 69410 Champagne-au-Mont-d'Or\n25\nArticle     2     :   La dur\u00e9e de la pr\u00e9sente habilitation d\u00e9livr\u00e9e sous le n\u00b026-69-0494 est fix\u00e9e \u00e0 cinq ans.\nArticle     3     :   Le pr\u00e9sent arr\u00eat\u00e9 peut faire l'objet, dans un d\u00e9lai de 2 mois \u00e0 compter de sa publication, d'un  \nrecours contentieux aupr\u00e8s du Tribunal Administratif de Lyon, 184 rue Duguesclin 69433 Lyon Cedex 03  \nou sur le site www.telerecours.fr.\nArticle     4     :   Le pr\u00e9sent arr\u00eat\u00e9 sera publi\u00e9 au recueil des actes administratifs de la pr\u00e9fecture du Rh\u00f4ne. \nFait \u00e0 Lyon, 16 avril 2026\n__\n__________\nLa Pr\u00e9f\u00e8te,\nPour la pr\u00e9f\u00e8te,\nLe chef du bureau des r\u00e9glementations, des \n\u00e9lections et des associations\nJamal BENZIK\n2/2\n69_Pr\u00e9f_Pr\u00e9fecture du Rh\u00f4ne - 69-2026-04-16-00003 - AP du 16 avril 2026 portant habilitation dans le domaine fun\u00e9raire de la SARL\nMILLET MARBRE\n\"POMPES FUNEBRES DES MONTS D'OR - MILLET MARBRE\" situ\u00e9 Rue du Cimeti\u00e8re 69410 Champagne-au-Mont-d'Or\n26\n69_Pr\u00e9f_Pr\u00e9fecture du Rh\u00f4ne\n69-2026-04-16-00001\nArr\u00eat\u00e9 pr\u00e9fectoral portant interdiction de\nrassemblement automobile non d\u00e9clar\u00e9 sur la\nvoie publique dans le d\u00e9partement du Rh\u00f4ne du\nvendredi 17 avril 2026 19h00 au dimanche 19\navril 2026 \u00e0 19h00\n69_Pr\u00e9f_Pr\u00e9fecture du Rh\u00f4ne - 69-2026-04-16-00001 - Arr\u00eat\u00e9 pr\u00e9fectoral portant interdiction de rassemblement automobile non\nd\u00e9clar\u00e9 sur la voie publique dans le d\u00e9partement du Rh\u00f4ne du vendredi 17 avril 2026 19h00 au dimanche 19 avril 2026 \u00e0 19h00 27\nPREFETEDU RHONELibert\u00e9Egalit\u00e9Fraternit\u00e9\nCabinet du Pr\u00e9fet d\u00e9l\u00e9gu\u00e9\npour la d\u00e9fense et la s\u00e9curit\u00e9\nBureau de l'Ordre Public\nARR\u00caT\u00c9 PR\u00c9FECTORAL N\u00b069-2026-04-16-001\nportant interdiction de rassemblement automobile non d\u00e9clar\u00e9 sur la voie publique dans le \nd\u00e9partement du Rh\u00f4ne du vendredi 17 avril 2026 19h00 au dimanche 19 avril 2026 \u00e0 19h00\nLa Pr\u00e9f\u00e8te du Rh\u00f4ne,\nCommandeur de la L\u00e9gion d'honneur\nCommandeur de l'ordre national du M\u00e9rite\nVU la Constitution, et notamment son Pr\u00e9ambule ;\nVU la Convention europ\u00e9enne de sauvegarde des droits de l'homme et des libert\u00e9s fondamentales  \ndu 4 novembre 1950 ;\nVU le Code p\u00e9nal, notamment ses articles 223-1, 322-3 et 431-3 et suivants ; \nVU le Code de la route, notamment ses articles L236-1 et L236-2 ; \nVU le Code g\u00e9n\u00e9ral des collectivit\u00e9s territoriales, notamment ses articles L2214-4 et L2215-1 ; \nVU le Code de la s\u00e9curit\u00e9 int\u00e9rieure, notamment ses articles L211-1 et suivants ;\nVU la loi du 30 juin 1881 sur la libert\u00e9 de r\u00e9union ;\nVU le d\u00e9cret n\u00b02004-374 du 29 avril 2004 modifi\u00e9 relatif aux pouvoirs des pr\u00e9fets, \u00e0 l'organisation et  \n\u00e0 l'action des services de l'\u00c9tat dans les r\u00e9gions et d\u00e9partements ;\nVU le d\u00e9cret en Conseil des Ministres du 11 janvier 2023 portant nomination de Madame Fabienne  \nBUCCIO, pr\u00e9f\u00e8te de la r\u00e9gion Auvergne-Rh\u00f4ne-Alpes, pr\u00e9f\u00e8te de la zone de d\u00e9fense et de s\u00e9curit\u00e9  \nSud-Est, pr\u00e9f\u00e8te du Rh\u00f4ne (hors classe) ;\nVU le d\u00e9cret du 6 novembre 2024 portant nomination du pr\u00e9fet d\u00e9l\u00e9gu\u00e9 pour la d\u00e9fense et la  \ns\u00e9curit\u00e9 aupr\u00e8s de la pr\u00e9f\u00e8te de la r\u00e9gion Auvergne-Rh\u00f4ne-Alpes, pr\u00e9f\u00e8te de la zone de d\u00e9fense et  \nde s\u00e9curit\u00e9 Sud-Est, pr\u00e9f\u00e8te du Rh\u00f4ne \u2013 M. Antoine GUERIN ; \nVU l'arr\u00eat\u00e9 pr\u00e9fectoral n\u00b069-2026-04-02-0007 du 2 avril 2026 portant d\u00e9l\u00e9gation de signature \u00e0 M.  \nAntoine GUERIN en qualit\u00e9 de pr\u00e9fet d\u00e9l\u00e9gu\u00e9 pour la d\u00e9fense et la s\u00e9curit\u00e9 aupr\u00e8s de la pr\u00e9f\u00e8te de  \nla r\u00e9gion Auvergne-Rh\u00f4ne-Alpes, pr\u00e9f\u00e8te de la zone de d\u00e9fense et de s\u00e9curit\u00e9 Sud-Est, pr\u00e9f\u00e8te du  \nRh\u00f4ne ;\nVU les informations relay\u00e9es sur les r\u00e9seaux sociaux par le compte Instagram \u00ab  la piraterie \u00bb faisant \n\u00e9tat de la tenue d'un rassemblement automobile non d\u00e9clar\u00e9 pr\u00e9vu le week-end du 17 avril 2026  \nnomm\u00e9 \u00ab Piraterie 4 On TOP The World  \u00bb, dont le lieu et l'heure exactes sont volontairement tenus  \nsecrets ;  que  cet  \u00e9v\u00e9nement  est  relay\u00e9  par  d'autres  comptes  organisateurs  de  ce  type  de  \nd\u00e9monstrations de voie publique  ; que les modalit\u00e9s ult\u00e9rieures demeurent confidentielles et sont  \nsusceptibles d'entra\u00eener une convergence d'un ou plusieurs convois sur le territoire du d\u00e9partement  \ndu Rh\u00f4ne ;\n  Pr\u00e9fecture du Rh\u00f4ne \u2013 \n  69419 Lyon cedex 03 \n  04 72 61 60 60\n  www.rhone.gouv.fr 1\n69_Pr\u00e9f_Pr\u00e9fecture du Rh\u00f4ne - 69-2026-04-16-00001 - Arr\u00eat\u00e9 pr\u00e9fectoral portant interdiction de rassemblement automobile non\nd\u00e9clar\u00e9 sur la voie publique dans le d\u00e9partement du Rh\u00f4ne du vendredi 17 avril 2026 19h00 au dimanche 19 avril 2026 \u00e0 19h00 28\nCONSID\u00c9RANT que,  m\u00eame  en  l'absence  de  circonstances  locales  particuli\u00e8res,  il  appartient  \u00e0  \nl'autorit\u00e9  investie  du  pouvoir  de  police  de  prendre  les  mesures  n\u00e9cessaires,  adapt\u00e9es  et  \nproportionn\u00e9es pour pr\u00e9venir une atteinte \u00e0 l'ordre public, dont le respect de la dignit\u00e9 de la  \npersonne humaine constitue l'une des composantes  ; qu'il appartient en outre \u00e0 la m\u00eame autorit\u00e9  \nde prendre les mesures n\u00e9cessaires, adapt\u00e9es et proportionn\u00e9es pour pr\u00e9venir la commission des  \ninfractions p\u00e9nales susceptibles de constituer un trouble \u00e0 l'ordre public sans porter d'atteinte  \nexcessive \u00e0 l'exercice par les citoyens de leurs libert\u00e9s fondamentales  ; qu'\u00e0 ce titre, la pr\u00e9f\u00e8te du  \nd\u00e9partement  peut  prendre  toute  mesure  n\u00e9cessaire  dont  le  champ  d'application  exc\u00e8de  le  \nterritoire d'une commune ;\nCONSID\u00c9RANT qu'au regard de l'article L.211-1 du Code de la s\u00e9curit\u00e9 int\u00e9rieure, sont soumis \u00e0  \nl'obligation d'une d\u00e9claration pr\u00e9alable tous cort\u00e8ges, d\u00e9fil\u00e9s et rassemblements de personnes, et,  \nd'une fa\u00e7on g\u00e9n\u00e9rale, toutes manifestations sur la voie publique  ; que ces \u00e9v\u00e9nements, compte  \ntenu  des  modalit\u00e9s  d'acc\u00e8s  au  public,  de  leurs  attraits  m\u00e9diatiques,  de  leur  objet  et  de  leur  \npublicit\u00e9, constituent des r\u00e9unions publiques et des rassemblements au sens de la loi ;\nCONSID\u00c9RANT que le rassemblement automobile du week-end du 17 avril 2026 annonc\u00e9s sur les  \nr\u00e9seaux sociaux n'a fait l'objet d'aucune d\u00e9claration pr\u00e9alable aupr\u00e8s des services comp\u00e9tents ni  \nd'aucune mesure de s\u00e9curisation de la part des organisateurs ; \nCONSID\u00c9RANT que ce type de rassemblements automobiles qui r\u00e9unit habituellement un nombre  \ncons\u00e9quent de v\u00e9hicules et de personnes, donne lieu \u00e0 des troubles importants \u00e0 l'ordre public et \u00e0 \nla s\u00e9curit\u00e9 publique : \u00ab drifts \u00bb (d\u00e9rapages) et \u00ab burnout \u00bb (acc\u00e9l\u00e9ration sur place pour faire chauffer \nles pneus) dangereux pour les spectateurs, ou courses de vitesse sur les axes routiers avec de grands \nexc\u00e8s de vitesse constat\u00e9s par des proc\u00e8s-verbaux entre autres ;\nCONSID\u00c9RANT que, depuis ao\u00fbt 2024, plusieurs rassemblements automobiles ont eu lieu dans le  \nd\u00e9partement  du  Rh\u00f4ne,  et  dans  les  d\u00e9partements  limitrophes  ;  que  le  30  ao\u00fbt  2024  sur  la  \ncommune de Saint-Priest, cinq cents voitures \u00e9taient pr\u00e9sentes et que des drifts ont \u00e9t\u00e9 constat\u00e9s ; \nque le 31 octobre 2024 sur les communes de Pusignan et Brignais un rassemblement important  \nd'automobiles a cr\u00e9e des troubles \u00e0 l'ordre public et a mis en danger les usagers de la route ;\nCONSID\u00c9RANT  qu'un  rassemblement  automobile  de  \u00ab tuning \u00bb  d'une  dizaine  de  voitures  s'est \nd\u00e9roul\u00e9 le 2 novembre 2024 en Savoie dans la commune de Chamb\u00e9ry ; que les forces de l'ordre  \nont d\u00fb intervenir et qu'ils ont \u00e9t\u00e9 cibl\u00e9s par des jets de projectiles et de fumig\u00e8nes ; \nCONSID\u00c9RANT qu'un  rassemblement  automobile  intitul\u00e9  \u00ab  RASSO  XMAS \u00bb  s'est  d\u00e9roul\u00e9  le  8  \nd\u00e9cembre 2024 en Haute-Savoie dans la commune d'Annecy rassemblant cinq cents participants  ; \nque de nombreuses infractions routi\u00e8res mettant en danger les usagers de la route ont \u00e9t\u00e9 commis ; \nque 363 infractions au Code de la route ont \u00e9t\u00e9 relev\u00e9es ; \nCONSID\u00c9RANT  qu'un  rassemblement  automobile  intitul\u00e9  \u00ab RASSO  XMAS \u00bb  s'est  d\u00e9roul\u00e9  le  14 \nd\u00e9cembre 2024, dans le d\u00e9partement de l'Is\u00e8re, occasionnant de graves troubles \u00e0 l'ordre public  : \nrixes, accidents de la circulation, engorgement des axes de circulation cr\u00e9ant des ralentissements et \ndes situations de mise en danger des usagers  ; que, par ailleurs, des consignes avaient \u00e9t\u00e9 donn\u00e9es  \nsur les r\u00e9seaux sociaux aux participants en vue de ralentir voire de bloquer l'arriv\u00e9e des forces de  \nl'ordre ;\nCONSID\u00c9RANT qu'un rassemblement automobile non autoris\u00e9 rassemblant s'est tenu dans la nuit  \ndu 21 au 22 d\u00e9cembre 2024 en Savoie dans la commune de Chamb\u00e9ry rassemblant deux cents  \nv\u00e9hicules et cinq cents spectateurs  ; qu'il a \u00e9t\u00e9 fait \u00e9tat de situations dangereuses telles que des  \nd\u00e9monstrations de \u00ab drifts \u00bb et de \u00ab burnout \u00bb par certains participants ; que l'arriv\u00e9e des forces de \nl'ordre  a \u00e9t\u00e9 bloqu\u00e9e par les participants ; que de nombreuses contraventions ont \u00e9t\u00e9 dress\u00e9es aux \nv\u00e9hicules qui \u00e9taient en infraction ;\nCONSID\u00c9RANT qu'un rassemblement automobile intitul\u00e9 \u00ab RASSO XMAS \u00bb et \u00ab 69 LA TRICK \u00bb a \u00e9t\u00e9 \ninterdit le 28 d\u00e9cembre 2024 dans le d\u00e9partement du Rh\u00f4ne par la pr\u00e9f\u00e8te du Rh\u00f4ne  ; que, malgr\u00e9 \ncette  interdiction,  le  rassemblement  s'est  bri\u00e8vement  tenu  \u00e0  Bron  puis  s'est  d\u00e9plac\u00e9  dans  le  \nd\u00e9partement de l'Ain  ; qu'il a \u00e9t\u00e9 constat\u00e9 des courses, des d\u00e9rapages dangereux, un public de  \n69_Pr\u00e9f_Pr\u00e9fecture du Rh\u00f4ne - 69-2026-04-16-00001 - Arr\u00eat\u00e9 pr\u00e9fectoral portant interdiction de rassemblement automobile non\nd\u00e9clar\u00e9 sur la voie publique dans le d\u00e9partement du Rh\u00f4ne du vendredi 17 avril 2026 19h00 au dimanche 19 avril 2026 \u00e0 19h00 29\nmasse aux abords des routes ainsi que des feux d'artifices  ; que les forces de l'ordre ont r\u00e9ussi \u00e0  \ndisperser ce rassemblement ill\u00e9gal apr\u00e8s plusieurs tentatives  ; \nCONSID\u00c9RANT que dans la nuit du samedi 8 f\u00e9vrier 2025 au dimanche 9 f\u00e9vrier 2025, plus d'une  \ncentaine de v\u00e9hicules et pr\u00e8s de trois cents personnes se sont rassembl\u00e9s dans la commune de  \nSainte-H\u00e9l\u00e8ne-du-Lac, avant de se rendre en convoi \u00e0 Chamb\u00e9ry en Savoie  ; que les forces de  \nl'ordre ont constat\u00e9 de nombreux tirs de p\u00e9tards ; que dans la nuit, des courses de voitures ont \u00e9t\u00e9  \nsignal\u00e9es \u00e0 La-Motte-Servolex en Savoie ; \nCONSID\u00c9RANT  qu'un rassemblement automobile intitul\u00e9 \u00ab  RASSO XBIMMER \u00bb a \u00e9t\u00e9 interdit le 7  \nmars 2025 dans le d\u00e9partement du Rh\u00f4ne par la pr\u00e9f\u00e8te du Rh\u00f4ne  ; que malgr\u00e9 cette interdiction, \nle rassemblement s'est bri\u00e8vement tenu \u00e0 Saint-Priest le 8 mars 2025  ; que ce rassemblement s'est  \nd\u00e9plac\u00e9 dans le d\u00e9partement de l'Is\u00e8re  \u00e0 Tignieu-Jameyzieu ; qu'il a \u00e9t\u00e9 constat\u00e9 mille v\u00e9hicules et  \ndeux mille personnes venant de toute la r\u00e9gion mais \u00e9galement de Suisse  ; qu'il a \u00e9t\u00e9 constat\u00e9 des  \ncourses, des drifts, des d\u00e9rapages contr\u00f4l\u00e9s et des comportements dangereux au volant de voitures \n\u00ab tuning \u00bb ; que les gendarmes ont relev\u00e9 sur la r\u00e9gion Auvergne-Rh\u00f4ne-Alpes deux-cents soixante-\nquinze infractions dont certaines pour \u00ab manifestation de v\u00e9hicules non autoris\u00e9e \u00bb ; \nCONSID\u00c9RANT qu'un rassemblement de \u00ab  tuning \u00bb s'est tenu dans la nuit du 14 au 15 mars 2025  \ndans le d\u00e9partement de la Seine-et-Marne  ; qu'il a \u00e9t\u00e9 constat\u00e9 une centaine de v\u00e9hicules  ; que les \nforces  de  l'ordre  ont  relev\u00e9  soixante-sept  infractions  routi\u00e8res  dont  la  participation  au  \nrassemblement tuning ; que durant l'ann\u00e9e 2024, ce type de rassemblement dans ce d\u00e9partement  \navait  caus\u00e9  la  blessure  d'un  fonctionnaire  de  police  lors  de  violents  affrontements  lors  d'un  \nrassemblement non d\u00e9clar\u00e9 ; \nCONSID\u00c9RANT qu'un  rassemblement  automobile  de  type  \u00ab  tuning \u00bb  s'est  tenu  le  samedi  20  \nseptembre 2025 sur le parking du centre commercial Val Thoiry (01)  ; que ce rassemblement ill\u00e9gal \navait pour but un rod\u00e9o urbain  ; que les gendarmes ont relev\u00e9 quarante infractions et r\u00e9alis\u00e9 une  \nmise en fourri\u00e8re ; \nCONSID\u00c9RANT qu'un  rassemblement  automobile  de  type  \u00ab  tuning \u00bb  d'environs  soixante-dix  \nv\u00e9hicules s'est tenu dans la nuit du 31 octobre 2025, lors de la c\u00e9l\u00e9bration de la f\u00eate d'Halloween  \u00e0 \nChamb\u00e9ry (73) ; qu'initialement, ce rassemblement automobile de type \u00ab  tuning \u00bb \u00e9t\u00e9 pr\u00e9vu en  \nHaute-Savoie ; que ce rassemblement ill\u00e9gal a finalement eu lieu en Savoie montrant ainsi l'\u00e9tendue \nde la mobilit\u00e9 g\u00e9ographique des participants qui n'h\u00e9sitent pas \u00e0 parcourir de grandes distances  \nafin de tromper la vigilance polici\u00e8re ; \nCONSID\u00c9RANT que le rassemblement automobile de type \u00ab  tuning \u00bb intitul\u00e9 \u00ab  LA PIRATERIE V2  \u00bb \norganis\u00e9 par le groupe \u00ab  LA PIRATERIE  \u00bb a eu lieu sur la commune de Thoiry (01) le samedi 20  \nseptembre 2025 ; que ce rassemblement automobile a attir\u00e9 pr\u00e8s de deux cent cinquante v\u00e9hicules \net trois cents personnes sur place  ; que les forces de l'ordre ainsi que leurs v\u00e9hicules ont \u00e9t\u00e9 pris \u00e0  \npartie par des jets de pierre ;\nCONSID\u00c9RANT que le rassemblement automobile du samedi 15 novembre 2025 sur la commune de \nBourg en Bresse a vir\u00e9 \u00e0 l'affrontement arm\u00e9 ; qu'un participant n'a pas h\u00e9sit\u00e9 \u00e0 aller au contact de  \nla police arm\u00e9 d'un jerrican d'essence pour en d\u00e9coudre, que des incendies ont eu lieu  ; que 800  \nv\u00e9hicules et 3000 personnes ont particip\u00e9 \u00e0 ce rassemblement ;\nCONSID\u00c9RANT que le collectif La Piraterie est \u00e0 l'origine de plusieurs rassemblements ill\u00e9gaux dans  \nle sud-est et l'est de la France au cours desquels des troubles \u00e0 l'ordre public, notamment des  \naffrontements  avec  les  forces  de  l'ordre  ont  \u00e9t\u00e9  constat\u00e9s  ;  que  le  dernier  rassemblement  \nd'ampleur de ce collectif s'est d\u00e9roul\u00e9 le 24 janvier dernier \u00e0 Chalon-sur-Sa\u00f4ne, intitul\u00e9 \u00ab  the last \nnightmare  v3  takeover  2026 \u00bb,  et a  r\u00e9uni  600 v\u00e9hicules  et  environ  2 000  personnes  ;  que  des \nmortiers  et  feux  d'artifices  ont  \u00e9t\u00e9  d\u00e9couverts  dans  les  coffres  de  plusieurs  v\u00e9hicules  et  des  \nman\u0153uvres de \u00ab drift \u00bb ont \u00e9t\u00e9 r\u00e9alis\u00e9es ;\nCONSID\u00c9RANT qu'un rassemblement intitul\u00e9 \u00ab  ASPHALTE 13 \u00bb a r\u00e9uni une centaine de personnes  \nen nord Is\u00e8re le 15 f\u00e9vrier 2026  ; qu'apr\u00e8s avoir \u00e9t\u00e9 \u00e9vinc\u00e9s de la commune de Saint-Quentin  \nFallavier (38) par les force de l'ordre, les participants, sur instruction de l'organisateur formaient un  \nconvoi et convergeaient en direction de Lyon  ; Qu'une centaine d'amateurs d'automobiles se sont  \n69_Pr\u00e9f_Pr\u00e9fecture du Rh\u00f4ne - 69-2026-04-16-00001 - Arr\u00eat\u00e9 pr\u00e9fectoral portant interdiction de rassemblement automobile non\nd\u00e9clar\u00e9 sur la voie publique dans le d\u00e9partement du Rh\u00f4ne du vendredi 17 avril 2026 19h00 au dimanche 19 avril 2026 \u00e0 19h00 30\noppos\u00e9s aux militaires de la Gendarmerie en construisant des barrages avec des poubelles ; que des \ntirs de mortier ont \u00e9t\u00e9 lanc\u00e9s dans leur direction ;\nCONSID\u00c9RANT que  le  lieu  de  rassemblement  reste  volontairement  secret  ;  que  les  modalit\u00e9s \nult\u00e9rieures demeurent confidentielles et sont susceptibles d'entra\u00eener une convergence d'un ou  \nplusieurs convois sur le territoire du d\u00e9partement du Rh\u00f4ne  ; que cet \u00e9v\u00e9nement est d\u00e9fini par  \nplusieurs  comptes  comme  un  \u00e9v\u00e9nement  europ\u00e9en  ;  que,  toutefois,  des  rassemblements  aux  \nd\u00e9parts de nombreux points du territoire sont pr\u00e9vus de Lyon, Saint-Etienne, Clermont-Ferrand,  \nToulouse, Bordeaux, Chamb\u00e9ry, Dijon, M\u00e2con, Chalon-sur-Sa\u00f4ne, Paris, Rouen, Lille, Valencienne,  \nValence,  Grenoble,  Montpellier,  Avignon,  Marseille,  Annecy  mais  \u00e9galement  la  Suisse,  l'Italie,  \nl'Allemagne, la Belgique, les Pays-Bas ou le Luxembourg sont annonc\u00e9s sur les r\u00e9seaux sociaux ;\nCONSID\u00c9RANT que cet \u00e9v\u00e9nement est organis\u00e9 par un groupe connu pour encourager \u00e0 enfreindre \nles r\u00e8gles et soutenir la d\u00e9fiance face aux forces de l'ordre ;\nCONSID\u00c9RANT qu'il r\u00e9sulte des \u00e9l\u00e9ments et circonstances locales particuli\u00e8res d\u00e9crites ci-dessus  \nun risque \u00e9lev\u00e9 de troubles graves \u00e0 l'ordre public et que l'interdiction de tout rassemblement non  \nd\u00e9clar\u00e9 appara\u00eet le moyen le plus adapt\u00e9, n\u00e9cessaire et proportionn\u00e9 afin de garantir la s\u00fbret\u00e9 et la  \ntranquillit\u00e9 publiques ;\nA R R \u00ca T E\nArticle 1er \u2013 La tenue de tout rassemblement automobile de personnes et de v\u00e9hicules autres que  \nceux l\u00e9galement d\u00e9clar\u00e9s ou autoris\u00e9s, est interdit sur l'ensemble du territoire du d\u00e9partement du  \nRh\u00f4ne, \u00e0 compter du vendredi 17 avril 2026 \u00e0 19h00 au dimanche 19 avril 2026 \u00e0 19h00.\nArticle 2 \u2013 Tout contrevenant \u00e0 cette interdiction est passible des sanctions p\u00e9nales pr\u00e9vues aux  \narticles 431-9 et R.  610-5 du Code p\u00e9nal ainsi qu'aux sanctions pr\u00e9vues par les diff\u00e9rents articles  \nvis\u00e9s par le pr\u00e9sent arr\u00eat\u00e9. \nArticle 3 \u2013 Tout rassemblement automobile sur la voie publique entrant dans le champ du pr\u00e9sent  \narr\u00eat\u00e9 pourra \u00eatre dissip\u00e9 le cas \u00e9ch\u00e9ant selon les dispositions de l'article L.211-9 du Code de la  \ns\u00e9curit\u00e9 int\u00e9rieure. \nArticle 4 \u2013 Le pr\u00e9sent arr\u00eat\u00e9 peut faire l'objet d'un recours gracieux aupr\u00e8s de la pr\u00e9f\u00e8te du Rh\u00f4ne  \net d'un recours hi\u00e9rarchique aupr\u00e8s du ministre de l'Int\u00e9rieur. Conform\u00e9ment aux dispositions des  \narticles R. 421-1 \u00e0 R. 421-5 du Code de justice administrative, le pr\u00e9sent arr\u00eat\u00e9 peut faire l'objet d'un \nrecours contentieux devant le tribunal administratif de Lyon, dans le d\u00e9lai de deux mois \u00e0 compter  \nde sa notification ou de sa publication. \nArticle 5  \u2013 Le Pr\u00e9fet d\u00e9l\u00e9gu\u00e9 pour la d\u00e9fense et la s\u00e9curit\u00e9, le commandant du groupement de  \ngendarmerie  d\u00e9partementale,  et  le  directeur  interd\u00e9partemental  de  la  police  nationale  sont  \ncharg\u00e9s, chacun en ce qui le concerne, de l'ex\u00e9cution de pr\u00e9sent arr\u00eat\u00e9, qui sera publi\u00e9 recueil des  \nactes administratifs de la Pr\u00e9fecture du Rh\u00f4ne.\nFait \u00e0 Lyon, le 16 avril 2026\nPour la pr\u00e9f\u00e8te,\nLe pr\u00e9fet, d\u00e9l\u00e9gu\u00e9 pour la d\u00e9fense et la s\u00e9curit\u00e9\nOriginal sign\u00e9\nAntoine GUERIN\n69_Pr\u00e9f_Pr\u00e9fecture du Rh\u00f4ne - 69-2026-04-16-00001 - Arr\u00eat\u00e9 pr\u00e9fectoral portant interdiction de rassemblement automobile non\nd\u00e9clar\u00e9 sur la voie publique dans le d\u00e9partement du Rh\u00f4ne du vendredi 17 avril 2026 19h00 au dimanche 19 avril 2026 \u00e0 19h00 31\n84_EMIZSE_Etat major interminist\u00e9riel de zone\nSud-Est\n69-2026-04-15-00001\nARZ 69-2026-04-15 Arrete r\u00e9f\u00e9rents-sp\u00e9cialit\u00e9s\n84_EMIZSE_Etat major interminist\u00e9riel de zone Sud-Est - 69-2026-04-15-00001 - ARZ 69-2026-04-15 Arrete r\u00e9f\u00e9rents-sp\u00e9cialit\u00e9s 32\n||PREFETEDE LA ZONEDE DEFENSE |ET DE SECURITESUD-ESTLibert\u00e9Egalit\u00e9Fraternit\u00e9\n\u00c9tat-major interminist\u00e9riel\nde zone de d\u00e9fense et de s\u00e9curit\u00e9 sud-est\nARR\u00caT\u00c9 PR\u00c9FECTORAL n\u00b0 69-2026-04-\nportant d\u00e9signation des r\u00e9f\u00e9rents zonaux de sp\u00e9cialit\u00e9s, des r\u00e9f\u00e9rents zonaux fonctionnels des SIS\net portant constitution de groupes de travail zonaux\n-----\nLA PR\u00c9F\u00c8TE DE LA ZONE DE D\u00c9FENSE ET DE S\u00c9CURIT\u00c9 SUD-EST\nPR\u00c9F\u00c8TE DE LA R\u00c9GION AUVERGNE-RH\u00d4NE-ALPES\nPR\u00c9F\u00c8TE DU RH\u00d4NE\nCommandeur de la L\u00e9gion d'honneur\nCommandeur de l'ordre national du M\u00e9rite\nVU le Code de la d\u00e9fense ;\nVU le Code de la s\u00e9curit\u00e9 int\u00e9rieure ;\nVU le Code g\u00e9n\u00e9ral des collectivit\u00e9s territoriales ;\nVU la loi n\u00b0 2004-811 du 13 ao\u00fbt 2004 relative \u00e0 la modernisation de la s\u00e9curit\u00e9 civile ;\nVU le d\u00e9cret n\u00b0 2010-224 du 4 mars 2010 relatif aux pouvoirs du pr\u00e9fet de zone ;\nVU le d\u00e9cret n\u00b0 2022-557 du 14 avril 2022 modifiant diverses dispositions relatives aux sapeurs-pompiers\nVU l'arr\u00eat\u00e9 du 15 juillet 2022 relatif \u00e0 la d\u00e9signation et aux missions des r\u00e9f\u00e9rents de sp\u00e9cialit\u00e9s ;\nVU l'arr\u00eat\u00e9 n\u00b0 69-2025-09-09-00001 du 09 septembre 2025portant d\u00e9signation des r\u00e9f\u00e9rents zonaux de sp\u00e9cialit\u00e9s,  \ndes r\u00e9f\u00e9rents zonaux fonctionnels des SIS et portant constitution de groupes de travail zonaux ;\nVU les avis des directeurs des services d'incendie et de secours concern\u00e9s ;\nCONSID\u00c9RANT les qualifications d\u00e9tenues par les int\u00e9ress\u00e9s ;\nCONSID\u00c9RANT les besoins de coordination interd\u00e9partementale ;\nSUR proposition du chef d'\u00e9tat-major interminist\u00e9riel de zone de d\u00e9fense et de s\u00e9curit\u00e9 sud-est ;\nA R R \u00ca T E\nArticle 1er : D\u00e9signation des r\u00e9f\u00e9rents zonaux de sp\u00e9cialit\u00e9s et de leurs adjoints\nLa Pr\u00e9f\u00e8te de la zone de d\u00e9fense et de s\u00e9curit\u00e9 sud-est d\u00e9signe en qualit\u00e9 de r\u00e9f\u00e9rents zonaux de sp\u00e9cialit\u00e9s et  \nr\u00e9f\u00e9rents zonaux adjoints de sp\u00e9cialit\u00e9s les r\u00e9f\u00e9rents de sp\u00e9cialit\u00e9s mentionn\u00e9s en annexe 1.\nArticle 2 : Missions des r\u00e9f\u00e9rents zonaux de sp\u00e9cialit\u00e9s\nLes r\u00e9f\u00e9rents zonaux assurent la coordination des r\u00e9f\u00e9rents des services d'incendie et de secours relevant de leur  \nsp\u00e9cialit\u00e9. Sous l'autorit\u00e9 du chef d'\u00e9tat-major interminist\u00e9riel de zone de d\u00e9fense et de s\u00e9curit\u00e9 (CEMIZ), ils sont  \nnotamment charg\u00e9s :\n\u2022 d'animer le r\u00e9seau des r\u00e9f\u00e9rents des services d'incendie et de secours, en lien avec le r\u00e9f\u00e9rent national et la  \ndirection g\u00e9n\u00e9rale de la s\u00e9curit\u00e9 civile et de la gestion de crise. Dans ce cadre, ils animent au moins une  \nr\u00e9union annuelle organis\u00e9e par le CEMIZ ;\nPr\u00e9fecture de la zone de d\u00e9fense et de s\u00e9curit\u00e9 sud-est \n69 419 Lyon cedex \n84_EMIZSE_Etat major interminist\u00e9riel de zone Sud-Est - 69-2026-04-15-00001 - ARZ 69-2026-04-15 Arrete r\u00e9f\u00e9rents-sp\u00e9cialit\u00e9s 33\n\u2022 de proposer, en lien avec les r\u00e9f\u00e9rents des services d'incendie et de secours, une r\u00e9partition des moyens  \nmat\u00e9riels et humains pour r\u00e9pondre aux objectifs du contrat territorial de r\u00e9ponses aux risques et aux effets  \nde menaces et aux enjeux du pacte capacitaire ;\n\u2022 d'accompagner les  r\u00e9f\u00e9rents des services  d'incendie et de  secours  dans  la  d\u00e9clinaison de la  doctrine  \nop\u00e9rationnelle nationale. Ils sont alors les r\u00e9f\u00e9rents du CEMIZ pour la diffusion de l'information technique  \naux services d'incendie et de secours ;\n\u2022 de participer, \u00e0 l'\u00e9chelle de la zone, \u00e0 l'organisation et \u00e0 l'encadrement de stages, et \u00e0 la pr\u00e9paration  \nd'exercices dans leur sp\u00e9cialit\u00e9 ;\n\u2022 d'\u00e9mettre un avis sur les dossiers de demandes d'agr\u00e9ment des services d'incendie et de secours pour les  \nformations relevant de leur sp\u00e9cialit\u00e9.\nIls peuvent \u00eatre amen\u00e9s \u00e0 participer \u00e0 des travaux nationaux.\n\u00c0 la demande et sous l'autorit\u00e9 du chef d'\u00e9tat-major interminist\u00e9riel de zone de d\u00e9fense et de s\u00e9curit\u00e9, les r\u00e9f\u00e9rents \nzonaux peuvent \u00eatre amen\u00e9s \u00e0 :\n\u2022 conduire un retour d'exp\u00e9rience ou un audit technique dans leur domaine d'activit\u00e9 ou de sp\u00e9cialit\u00e9 ;\n\u2022 apporter leur contribution \u00e0 la r\u00e9alisation de documents de planification relevant de la comp\u00e9tence de la  \npr\u00e9f\u00e8te de zone de d\u00e9fense et de s\u00e9curit\u00e9 ;\n\u2022 restituer annuellement, au besoin en sollicitant les  r\u00e9f\u00e9rents de sp\u00e9cialit\u00e9s des d\u00e9partements , un bilan  \nsynth\u00e9tique de l'\u00e9tat des pratiques dans leur domaine d'activit\u00e9 ou de sp\u00e9cialit\u00e9.\nEn fonction  de  situations  op\u00e9rationnelles  particuli\u00e8res,  les  r\u00e9f\u00e9rents  zonaux  pourront  \u00eatre  amen\u00e9s,  dans  leurs \ndomaines de comp\u00e9tences, \u00e0 conseiller la Pr\u00e9f\u00e8te de zone de d\u00e9fense et de s\u00e9curit\u00e9 sud-est, le chef d'\u00e9tat-major  \ninterminist\u00e9riel  de zone de d\u00e9fense et de s\u00e9curit\u00e9 et, le cas \u00e9ch\u00e9ant, tout Pr\u00e9fet de d\u00e9partement ou directeur de  \nservices d'incendie et de secours de la zone sud-est qui en ferait la demande.\nArticle 3 : Mise \u00e0 jour et diffusion de la liste des r\u00e9f\u00e9rents zonaux ainsi que de leurs adjoints\nLa liste des r\u00e9f\u00e9rents zonaux de sp\u00e9cialit\u00e9s et de leurs adjoints est \u00e9tablie chaque ann\u00e9e. Elle est mise \u00e0 jour autant  \nque de besoin en cours d'ann\u00e9e.\nElle est communiqu\u00e9e \u00e0 la direction g\u00e9n\u00e9rale de la s\u00e9curit\u00e9 civile et de la gestion des crises (DGSCGC), aux chefs  \nd'\u00e9tat-major interminist\u00e9riels des zones de d\u00e9fense et de s\u00e9curit\u00e9, aux secr\u00e9tariats g\u00e9n\u00e9raux des zones de d\u00e9fense  \nd'\u00cele-de-France et Sud, ainsi qu'aux directeurs des services d'incendie et de secours de la zone de d\u00e9fense sud-est.\nArticle 4 : Constitution de groupes de travail permanents\nDes groupes de travail permanents, traitant notamment de sujets concernant les services d'incendie et de secours,  \nsont institu\u00e9s aupr\u00e8s du  chef d'\u00e9tat-major  interminist\u00e9riel de zone de d\u00e9fense et de s\u00e9curit\u00e9 .  Celui-ci fixe les  \nobjectifs  de  ces  groupes  de  travail  et,  si  besoin,  les  modalit\u00e9s  g\u00e9n\u00e9rales  de  leur  organisation  et  de  leur  \nfonctionnement.\nCes groupes sont compos\u00e9s de repr\u00e9sentants d\u00e9sign\u00e9s par le chef d'\u00e9tat-major interminist\u00e9riel de zone de d\u00e9fense et \nde s\u00e9curit\u00e9, en accord avec les directeurs des services d'incendie et de secours de la zone sud-est.\nIls sont anim\u00e9s par un cadre de l'EMIZ et/ou un cadre d'un service d'incendie et de secours  d\u00e9sign\u00e9 par le chef \nd'\u00e9tat-major  interminist\u00e9riel  de  zone  de  d\u00e9fense  et  de  s\u00e9curit\u00e9 .  Ce  dernier  assure  la  programmation  et  la  \nconvocation des r\u00e9unions de ces groupes.\nLa liste des groupes constitu\u00e9s pour l'ann\u00e9e 2026 figure en annexe 2 du pr\u00e9sent arr\u00eat\u00e9. Elle ne fait pas obstacle \u00e0 la \nconstitution ponctuelle, et selon les besoins, de groupes de travail dans d'autres domaines.\nPr\u00e9fecture de la zone de d\u00e9fense et de s\u00e9curit\u00e9 sud-est \n69 419 Lyon cedex \n84_EMIZSE_Etat major interminist\u00e9riel de zone Sud-Est - 69-2026-04-15-00001 - ARZ 69-2026-04-15 Arrete r\u00e9f\u00e9rents-sp\u00e9cialit\u00e9s 34\nArticle 5 : D\u00e9marche \u00ab pacte capacitaire \u00bb\nAfin  d'accompagner  localement  la  d\u00e9marche  \u00ab  pacte  capacitaire  \u00bb  impuls\u00e9e  par  l'administration  centrale  \n(DGSCGC), les groupes de  travail et de sp\u00e9cialit\u00e9  pourront \u00eatre utilement accompagn\u00e9s par un directeur ou  \ndirecteur adjoint d'un service d'incendie et de secours r\u00e9f\u00e9rent, conform\u00e9ment aux annexes 1 et 2 du pr\u00e9sent arr\u00eat\u00e9.\nArticle 6 : l'arr\u00eat\u00e9 pr\u00e9fectoral n\u00b0 69-2025-09-09-00001 du 09 septembre 2025 est abrog\u00e9.\nArticle 7 : Ex\u00e9cution\nLe chef d'\u00e9tat-major interminist\u00e9riel de zone sud-est, les directeurs des services d'incendie et de secours de la zone  \nsud-est, les r\u00e9f\u00e9rents zonaux de sp\u00e9cialit\u00e9s,  ainsi que leurs adjoints, et les animateurs de groupes de travail zonaux  \nmentionn\u00e9s dans le pr\u00e9sent arr\u00eat\u00e9 sont charg\u00e9s, chacun en ce qui le concerne, de l'ex\u00e9cution du pr\u00e9sent arr\u00eat\u00e9 qui  \nsera publi\u00e9 au recueil des actes administratifs de la pr\u00e9fecture du Rh\u00f4ne.\n   Fait \u00e0 LYON, le 15 avril 2026\nPour la pr\u00e9f\u00e8te de zone de d\u00e9fense et de s\u00e9curit\u00e9 et par d\u00e9l\u00e9gation,\nle pr\u00e9fet d\u00e9l\u00e9gu\u00e9 pour la d\u00e9fense et la s\u00e9curit\u00e9\nSign\u00e9 : Antoine GUERIN\nPr\u00e9fecture de la zone de d\u00e9fense et de s\u00e9curit\u00e9 sud-est \n69 419 Lyon cedex \n84_EMIZSE_Etat major interminist\u00e9riel de zone Sud-Est - 69-2026-04-15-00001 - ARZ 69-2026-04-15 Arrete r\u00e9f\u00e9rents-sp\u00e9cialit\u00e9s 35\nANNEXE 1\n\u00e0 l'arr\u00eat\u00e9 N\u00b0 69-2026-04-\nportant d\u00e9signation des r\u00e9f\u00e9rents zonaux de sp\u00e9cialit\u00e9s, des r\u00e9f\u00e9rents zonaux fonctionnels des SIS et portant constitution de groupes de travail zonaux\n------\nListe des r\u00e9f\u00e9rents zonaux de sp\u00e9cialit\u00e9s et des r\u00e9f\u00e9rents zonaux fonctionnels des SIS, ainsi que de leurs adjoints,\npour la zone de d\u00e9fense et de s\u00e9curit\u00e9 sud-est\n------\nAnn\u00e9e 2026\nDomaines R\u00e9f\u00e9rents zonaux Adjoints - Coordinateurs zonaux Directeurs r\u00e9f\u00e9rents\nSecours en milieu p\u00e9rilleux et \nmontagne SMPM\nInterventions en milieu p\u00e9rilleux     :  \nCDT S\u00e9bastien RAVEL (SDIS 42) LTN St\u00e9phane VIALLE (SDIS 07)\nCOL Philippe BRIOLS\n(DDA 74)\nInterventions en sites souterrains     :  \nLTN St\u00e9phane VIALLE (SDIS 07)\nADC J\u00e9r\u00f4me ROBERT (SDIS 38)\nADC Fr\u00e9d\u00e9ric MIKULSKI (SDIS 73)\nSecours en montagne     :  \nAdc St\u00e9phane VISENTIN (SDIS 73)\nLTN Olivier MARTINAND (SDIS 26)\nLTN Martial SAULNIER (SDIS 74)\nSecours et s\u00e9curit\u00e9 en milieu \naquatique et hyperbare\nSAL\nSAV\nCDT C\u00e9dric HERITIER (SDIS 43)\nR\u00e9f\u00e9rent sauveteurs de surface     :  \nADJ Jo\u00ebl TREMBLY (SDMIS)\nCNE Alexandre VAUTEY (SDIS 74)\nLTN Guillaume SANGLIER (SDIS 63)\nLTN Luc DAVID (SDMIS)\nCHC Yannick TARDIEU\n(DDSIS 15)\nUnit\u00e9 de sauvetage, d'appui et \nde recherche USAR CDT Marc SCHMIDLIN (SDIS 74)\n(focal point Insarag)\nLCL J\u00e9r\u00f4me GIRON (SDIS 42)\nCDT Herv\u00e9 SCHARLY (SDMIS)\nCDT Bertrand TEPAS (SDIS 73)\nCOL R\u00e9mi POMERET\n(SDIS 73)\nCynotechnie CYN ADJ Vincent WALL (SDIS 73) LTN Christophe MOGEON (SDIS 74) COL R\u00e9mi POMERET\n(SDIS 73)\nRisques radiologiques RAD LCL Fr\u00e9d\u00e9ric LUNEL (SDMIS) CDT Laurent CHEYNIS (SDIS 38)\nCdt Sylvain SAUREL (SDIS 07)\nCGL St\u00e9phane GOUEZEC\n(DDMIS)\nRisques biologiques BIO VCL Olivier RIFFARD (SDMIS) CCH Jehanne OUDOT (SDIS 26) CGL St\u00e9phane GOUEZEC\n(DDMIS)\nRisques chimiques RCH LCL Christophe GAY (SDIS 73) LCL Nicolas RAYMOND (SDIS 63)\nLCL Herv\u00e9 HIGONET (SDIS 74)\nCGL St\u00e9phane GOUEZEC\n(DDMIS)\n84_EMIZSE_Etat major interminist\u00e9riel de zone Sud-Est - 69-2026-04-15-00001 - ARZ 69-2026-04-15 Arrete r\u00e9f\u00e9rents-sp\u00e9cialit\u00e9s 36\nDomaines R\u00e9f\u00e9rents zonaux Adjoints - Coordinateurs zonaux Directeur-r\u00e9f\u00e9rent\nSant\u00e9 SSSM M\u00e9decin r\u00e9f\u00e9rent zonal\nMCL Na\u00efma BALADI (SDMIS)\nPharmacien coordinateur zonal\nPCL B\u00e9renger BORDAS (SDMIS)\nV\u00e9t\u00e9rinaire coordinateur zonal\nVCL Olivier RIFFARD (SDMIS)\nCadre de sant\u00e9 coordinateur zonal\nCCD Val\u00e9rie DIEMOZ (SDIS 26)\nPsychologue coordinateur zonal\nPSY Guillaume CHABOUD (SDMIS)\nCGL Christophe FUCHS\n(CEMIZ)\nFeux de for\u00eats FDF LCL Alain PRADON (SDIS 26)\nLCL Pascal THOMAS (SDIS 63)\nCDT Jean-Baptiste MERLEY (SDIS 42)\nLCL Beno\u00eet ROSSOW (SDIS 01)\nCHC Vincent HONORE\n(DDSIS 07)\nSyst\u00e8mes d'information et de \ncommunication - Transmissions\nSIC\nTRS\nDSI\nCDT St\u00e9phane COLLARD (SDIS 42)\nDirecteur des syst\u00e8mes d'information     :  \nM. Baptiste DOUCET (SDMIS)\nCDT Anthony GALBOIS (SDIS 03)\nLCL Eric PENNE (SDIS 73) CGL Eric MEUNIER\n(DDSIS 42)\nEncadrement des activit\u00e9s \nphysiques et sportives EAP LTN J\u00e9r\u00f4me LABROSSE (SDMIS) LTN Florent MAGNE (SDIS 73)\nLTN Thomas SKRZYNSKI (SDIS 42)\nCGL Christophe GLASIAN\n(DDSIS 63)\nSecourisme\nSecours d'urgence aux \npersonnes\nSUAP ADC St\u00e9phanie BUSTAFFA (SDIS 73)\nADC Fr\u00e9d\u00e9ric DELMAS (SDIS 15)\nCNE M\u00e9lissa AKLI-CARDIN (SDIS 42)\nLTN Fabrice REYBARD (SDMIS)\nCHC Nicolas MARILLET\n(DDSIS 74)\nPr\u00e9vention PRV LCL Alain GIRY (SDMIS) CDT Thierry DABERT (SDIS 63) COL Guillaume OTTAVI\n(DDA 43)\nPr\u00e9vision PRS LCL David MARCHANDEAU (SDIS 38) CDT Gr\u00e9gory TOINON (SDMIS)\nM. Olivier NEWINGER (SDIS 63)\nCOL Guillaume OTTAVI\n(DDA 43)\nFormation et d\u00e9veloppement des \ncomp\u00e9tences FOR CDT Eric PEREZ (SDIS 43) LCL Beno\u00eet MAURIN (SDIS 26) COL Pierre-Marie \nGRANDCOLAS (DDA 01)\n84_EMIZSE_Etat major interminist\u00e9riel de zone Sud-Est - 69-2026-04-15-00001 - ARZ 69-2026-04-15 Arrete r\u00e9f\u00e9rents-sp\u00e9cialit\u00e9s 37\nANNEXE 2\n\u00e0 l'arr\u00eat\u00e9 N\u00b0 69-2026-04-\nportant d\u00e9signation des r\u00e9f\u00e9rents zonaux de sp\u00e9cialit\u00e9s, des r\u00e9f\u00e9rents zonaux fonctionnels des SIS et portant constitution de groupes de travail zonaux\nListe des groupes de travail zonaux\n------\nAnn\u00e9e 2026\nIntitul\u00e9 du groupe Animateurs et\ncomposition indicative Objectifs principaux Directeur-r\u00e9f\u00e9rent\nCoordination \nop\u00e9rationnelle des \nSIS\nLCL Nicolas BLEYON (EMIZ)\nLCL Fr\u00e9d\u00e9ric GAY (SDIS 42)\nResponsables Op\u00e9rations des SIS\nInformations op\u00e9rationnelles de niveau zonal et de niveau national\nConstitution et formatage des groupes \u00e0 vocation interd\u00e9partementale\nMise en commun des probl\u00e8mes avec les organismes ext\u00e9rieurs\nCadrage de l'\u00e9volution des sp\u00e9cialit\u00e9s \u00e0 vocation interd\u00e9partementale\nCGL Christophe FUCHS\n(CEMIZ)\nOrganisation et \ndoctrine \nop\u00e9rationnelles dans \nle domaine nautique\nLCL Pascal PACHE (SDMIS)\nR\u00e9f\u00e9rents SAL et SAV\nOrganisation et fonctionnement actuels et dans le cadre d'un dispositif \nzonal dans les domaines du risque fluvial et des activit\u00e9s de plong\u00e9e, de \nsauvetage en surface et de navigation en eaux int\u00e9rieures\nCHC Bertrand BARAY\n(DDA 26)\nEmploi des a\u00e9ronefs \nt\u00e9l\u00e9 pilot\u00e9s de lutte, \nappui et secours\nCDT Fran\u00e7ois VOGEL (SDIS 63)\nCNE Patrick DUCHAMP (SDMIS)\nT\u00e9l\u00e9 pilotes des SIS de la zone\nOrientations zonales en mati\u00e8re d'emploi et de mutualisation\nVeilles technologiques et r\u00e9glementaire d'emploi des drones et d'usage \ndes images\nCHC Nicolas MARILLET\n(DDSIS 74)\nPilotage par la \nperformance globale\nDirecteurs des SIS de la zone\nou cadres d\u00e9sign\u00e9s par eux\nAnalyse et mise en \u0153uvre de la d\u00e9marche EFQH - CAF - PPG\nD\u00e9clinaison au plan zonal de l'approche nationale\nCHC Philippe SANSA\n(DDSIS 03)\nSant\u00e9, s\u00e9curit\u00e9 et \nqualit\u00e9 de vie en \nservice (SSQVS)\nMme \u00c9milie BARRAT (SDIS 63)\nPr\u00e9venteurs des SIS de la zone\nR\u00e9f\u00e9rents zonaux SSQVS pour la DGSCGC - IGSCGC\nAnimation du r\u00e9seau des pr\u00e9venteurs des SIS de la zone sud-est\nCGL Christophe GLASIAN\n(DDSIS 63)\nTechnique et \nlogistique\nMme Anne-C\u00e9cile LI\u00c8VRE (SDIS 38)\nResponsables Techniques et Logistique \ndes SIS de la zone\nAnimation du r\u00e9seau des responsables techniques et logistique des SIS\nPartage des bonnes pratiques, des \u00e9volutions techniques et des alertes de \ns\u00e9curit\u00e9 sur les mat\u00e9riels et \u00e9quipements\nIdentifier les besoins communs, partager la r\u00e9daction des cahiers des  \ncharges et favoriser les achats group\u00e9s entre SIS\nCGL J\u00e9r\u00f4me \nPETITPOISSON\n(DDSIS 38)\nProtection du \npatrimoine culturel\nCDT R\u00e9mi FOREY (SDMIS)\nLTN St\u00e9phane GODEFROY (SDIS 74)\nD\u00e9finir et partager une doctrine/m\u00e9thodologie op\u00e9rationnelle zonale\nD\u00e9finir une r\u00e9ponse op\u00e9rationnelle et une couverture zonale int\u00e9grant  \nune r\u00e9partition des acquisitions de mat\u00e9riels entre SIS\nProposer des formations et exercices interd\u00e9partementaux de mise en  \n\u0153uvre\n84_EMIZSE_Etat major interminist\u00e9riel de zone Sud-Est - 69-2026-04-15-00001 - ARZ 69-2026-04-15 Arrete r\u00e9f\u00e9rents-sp\u00e9cialit\u00e9s 38","date":"2026-04-16","first_seen_on":"2026-04-16T18:27:44+00:00","id":"cd2a0abdff1f6516c673f0696299e030778104f9561c970c179055f3ecd2fb16","name":"RAA_69-2026-114-160426","pdf_creation_date":"2026-04-16T14:29:56+00:00","pdf_modification_date":"2026-04-16T15:30:19+00:00","timezone":"Europe/Paris","url":"https://www.rhone.gouv.fr/contenu/telechargement/68186/458838/file/RAA_69-2026-114-160426.pdf"}
