{"administration":"prefidf","administration_name":"Pr\u00e9fecture de la r\u00e9gion \u00cele-de-France","content":"PREFECTURE\nREGION ILE DE\nFRANCE\nRECUEIL DES ACTES\nADMINISTRATIFS SP\u00c9CIAL\nN\u00b0IDF-030-2025-12\nPUBLI\u00c9 LE 11 D\u00c9CEMBRE 2025\nSommaire\nDirection r\u00e9gionale et interd\u00e9partementale de l'alimentation, de\nl'agriculture et de la for\u00eat d'Ile de France /\nIDF-2025-12-11-00003 - Arr\u00eat\u00e9 relatif aux attributions, \u00e0 la composition\net au fonctionnement du comit\u00e9 r\u00e9gional de l'installation et de la\ntransmission en agriculture (CRIT) dans la r\u00e9gion d'\u00cele-de-France\n (6\npages) Page 3\nDirection r\u00e9gionale et interd\u00e9partementale de l'environnement, de\nl'am\u00e9nagement et des transports d'\u00cele-de-France /\nIDF-2025-12-11-00004 - Arr\u00eat\u00e9 portant d\u00e9rogation aux articles 5 et 9 du\nd\u00e9cret n\u00b02018-514 du 25 juin 2018 relatif aux subventions de l'\u00c9tat\npour des projets d'investissement concernant le projet de\nreconfiguration de la gare routi\u00e8re Massy Atlantis dans le cadre du Fonds\nvert (3 pages) Page 10\nDirection r\u00e9gionale et interd\u00e9partementale de l'environnement, de\nl'am\u00e9nagement et des transports d'\u00cele-de-France / Service de la\npolitique des transports\nIDF-2025-12-11-00002 - Arr\u00eat\u00e9 DRIEAT IdF n\u00b02025-1084 portant\napprobation des r\u00e8glements de s\u00e9curit\u00e9 de l'exploitation des\nlignes de\ntramway T12 et T13 (2 pages) Page 14\n2\nDirection r\u00e9gionale et interd\u00e9partementale de\nl'alimentation, de l'agriculture et de la for\u00eat d'Ile\nde France\nIDF-2025-12-11-00003\nArr\u00eat\u00e9 relatif aux attributions, \u00e0 la composition\net au fonctionnement du comit\u00e9 r\u00e9gional de\nl'installation et de la transmission en agriculture\n(CRIT) dans la r\u00e9gion d'\u00cele-de-France\nDirection r\u00e9gionale et interd\u00e9partementale de l'alimentation, de l'agriculture et de la for\u00eat d'Ile de France - IDF-2025-12-11-00003 -\nArr\u00eat\u00e9 relatif aux attributions, \u00e0 la composition et au fonctionnement du comit\u00e9 r\u00e9gional de l'installation et de la transmission en\nagriculture (CRIT) dans la r\u00e9gion d'\u00cele-de-France\n3\n=nPREFET |DE LA REGIOND'\u00ceLE-DE-FRANCELibert\u00e9\u00c9galit\u00e9Fraternit\u00e9\n \n \n \n \nPage 1 sur 6  \n \nDirection R\u00e9gionale et Interd\u00e9partementale \n                               de l'Alimentation, de l'Agriculture \n et de la For\u00eat  \n \n \n \n \n \nARR\u00caT\u00c9  \n \nrelatif aux attributions, \u00e0 la composition et au fonctionnement du comit\u00e9 r\u00e9gional de \nl'installation et de la transmission en agriculture (CRIT) dans la r\u00e9gion d'\u00cele-de-France \n \nLe pr\u00e9fet de la r\u00e9gion d'\u00cele-de-France, pr\u00e9fet de Paris,  \nGrand Officier de la L\u00e9gion d'honneur,  \nOfficier de l'ordre national du M\u00e9rite,  \n \nVu la loi n\u00b0 2014-1170 du 13 octobre 2014 d'avenir pour l'agriculture, l'alimentation et la for\u00eat ; \nVu le code rural et de la p\u00eache maritime, et notamment ses articles L.330-1 et D.343-20  ; \nVu le code des relations entre le public et l'admin istration, notamment ses articles R.133-1, et \nR133-3 \u00e0 R133-15  ; \nVu le d\u00e9cret n\u00b0 2004-374 du 29 avril 2004 modifi\u00e9 r elatif aux pouvoirs des pr\u00e9fets, \u00e0 \nl'organisation et \u00e0 l'action des services de l'\u00c9tat dans les r\u00e9gions et les d\u00e9partements  ; \nVu le d\u00e9cret n\u00b0 2010-429 du 29 avril 2010 relatif \u00e0 l'organisation et aux missions des directions \nr\u00e9gionales de l'alimentation, de l'agriculture et de la for\u00eat  ; \nVu le d\u00e9cret n\u00b0 2010-687 du 24 juin 2010 relatif \u00e0 l'organisation et aux missions des services de \nl'Etat dans la r\u00e9gion et les d\u00e9partements d'\u00cele-de-France  ; \nVU le d\u00e9cret du 20 juillet 2020 portant nomination de Monsieur Marc GUILLAUME en qualit\u00e9 \nde pr\u00e9fet de la r\u00e9gion d'\u00cele-de-France, pr\u00e9fet de Paris ; \nVu l'arr\u00eat\u00e9 minist\u00e9riel du 8 juillet 2024 modifi\u00e9 n ommant Madame Myl\u00e8ne TESTUT-NEVES, \ning\u00e9nieure g\u00e9n\u00e9rale des ponts, des eaux et des for\u00ea ts, directrice r\u00e9gionale et \ninterd\u00e9partementale de l'alimentation, de l'agricul ture et de la for\u00eat pour la r\u00e9gion \u00cele-de-\nFrance, \u00e0 compter du 1 \ner  septembre 2024 ; \nVu l'arr\u00eat\u00e9 du pr\u00e9fet de la r\u00e9gion d'\u00cele-de-France,  pr\u00e9fet de Paris, n\u00b0IDF-2025-05-05-00002 du \n5 mai 2025 fixant la liste des organisations syndic ales d'exploitants agricoles \u00e0 vocation \ng\u00e9n\u00e9rale habilit\u00e9es \u00e0 si\u00e9ger dans les commissions, comit\u00e9s professionnels ou organismes dans \nla r\u00e9gion d'\u00cele-de-France ; \nVu l'instruction technique DGPE/SDC/2017-190 du 02/ 03/2017 relative aux modalit\u00e9s de mise \nen \u0153uvre du Comit\u00e9 national installation-transmissi on (CNIT) et des Comit\u00e9s r\u00e9gionaux \ninstallation-transmission (CRIT) ; \nVu l'instruction technique DGPE/SDC/2017-410 du 05/ 05/2017 relative \u00e0 la modification de la \ncomposition du Comit\u00e9 national installation-transmi ssion (CNIT) et des Comit\u00e9s r\u00e9gionaux \ninstallation-transmission (CRIT) fix\u00e9e par l'instruction du 2 mars 2017 ; \nVu l'avis de la Pr\u00e9sidente du Conseil R\u00e9gional d'\u00cele-de-France du 15 novembre 2017 ; \nVu l'accord du Conseil r\u00e9gional d'\u00cele-de-France du 15 octobre 2025 ;  \nSur proposition de la directrice r\u00e9gionale et inter d\u00e9partementale de l'alimentation, de \nl'agriculture et de la for\u00eat d'\u00cele-de-France , \n \nDirection r\u00e9gionale et interd\u00e9partementale de l'alimentation, de l'agriculture et de la for\u00eat d'Ile de France - IDF-2025-12-11-00003 -\nArr\u00eat\u00e9 relatif aux attributions, \u00e0 la composition et au fonctionnement du comit\u00e9 r\u00e9gional de l'installation et de la transmission en\nagriculture (CRIT) dans la r\u00e9gion d'\u00cele-de-France\n4\n \n \n \n \nPage 2 sur 6  \n \n \nARR\u00caTE  \nArticle  1er  : objet  \n \nLe pr\u00e9sent arr\u00eat\u00e9 d\u00e9finit les attributions, la comp osition et le fonctionnement du comit\u00e9 \nr\u00e9gional de l'installation et de la transmission en agriculture (CRIT).  \n \nPlac\u00e9 sous l'autorit\u00e9 conjointe du pr\u00e9fet de r\u00e9gion  et de la pr\u00e9sidente du conseil r\u00e9gional, le \nCRIT est l'organe r\u00e9gional de concertation permetta nt la mise en \u0153uvre de la politique \npublique de soutien \u00e0 l'installation et \u00e0 la transm ission en agriculture. Il rassemble l'ensemble \ndes partenaires concern\u00e9s pour d\u00e9finir, suivre, ani mer et \u00e9valuer la strat\u00e9gie r\u00e9gionale de \ncette politique. \n \n \nArticle  2 : attributions du Comit\u00e9 R\u00e9gional de l'Installation et de la Transmission \n \n \nLe CRIT a pour mission de  : \n \n- d\u00e9finir la strat\u00e9gie r\u00e9gionale pour l'installation et la transmission en agriculture avec \nl'ensemble des partenaires concern\u00e9s  ; \n- \u00e9laborer une strat\u00e9gie d'accompagnement \u00e0 l'install ation-transmission, et notamment \nde d\u00e9finir un sch\u00e9ma de pr\u00e9paration \u00e0 l'installation en agriculture dans la r\u00e9gion  ; \n- contribuer \u00e0 veiller \u00e0 la compl\u00e9mentarit\u00e9 des aides  \u00e0 l'installation et \u00e0 la transmission \ndans le respect de la r\u00e9glementation  ; \n- assurer un suivi des activit\u00e9s des points d'accueil  installation (PAI) et des centres \nd'\u00e9laboration des plans de professionnalisation per sonnalis\u00e9 (CEPPP) de la r\u00e9gion, \u00e0 \npartir des r\u00e9sultats des indicateurs de pr\u00e9paration \u00e0 l'installation  ; \n- \u00e9tablir un bilan annuel de la mise en \u0153uvre r\u00e9giona le de la politique d'installation-\ntransmission en mati\u00e8re d'aides et de mesures d'acc ompagnement, afin d'\u00e9valuer ses \nr\u00e9sultats. \n \nLe comit\u00e9 est consult\u00e9 notamment sur  : \n \n- la labellisation des PAI et des CEPPP ; \n- l'habilitation des structures mettant en \u0153uvre les stages collectifs \u00ab  21h  \u00bb. \n \n \nArticle 3  : composition du Comit\u00e9 R\u00e9gional de l'Installation et de la Transmission \n \n \nLe CRIT est co-pr\u00e9sid\u00e9 par le pr\u00e9fet de la r\u00e9gion d '\u00cele-de-France, pr\u00e9fet de Paris, ou son \nrepr\u00e9sentant, et la pr\u00e9sidente du conseil r\u00e9gional d'\u00cele-de-France, ou son repr\u00e9sentant. \n \nIl est compos\u00e9 comme suit  : \n \n1. Au titre des administrations int\u00e9ress\u00e9es et des \u00e9tablissements et organismes sous tutelle  : \n\u2022 la directrice r\u00e9gionale de l'alimentation, de l'agr iculture et de la for\u00eat (DRIAAF)    \nd'\u00cele-de-France, ou son repr\u00e9sentant  ; \n\u2022 la directrice d\u00e9partementale des territoires (DDT) de l'Essonne, ou son repr\u00e9sentant ; \n\u2022 le directeur d\u00e9partemental des territoires (DDT) de  la Seine-et-Marne, ou son \nrepr\u00e9sentant  ; \n\u2022 le directeur d\u00e9partemental des territoires (DDT) du Val-d'Oise, ou son repr\u00e9sentant  ; \nDirection r\u00e9gionale et interd\u00e9partementale de l'alimentation, de l'agriculture et de la for\u00eat d'Ile de France - IDF-2025-12-11-00003 -\nArr\u00eat\u00e9 relatif aux attributions, \u00e0 la composition et au fonctionnement du comit\u00e9 r\u00e9gional de l'installation et de la transmission en\nagriculture (CRIT) dans la r\u00e9gion d'\u00cele-de-France\n5\n \n \n \n \nPage 3 sur 6  \n \n\u2022 la directrice d\u00e9partementale des territoires (DDT) des Yvelines, ou son repr\u00e9sentant  ; \n\u2022 la directrice interr\u00e9gionale Centre-Val de Loire \u2013 \u00cele-de-France de l'Agence de services \net de paiement (ASP), ou son repr\u00e9sentant  ; \n \n2. Au titre des collectivit\u00e9s territoriales  : \n\u2022 le pr\u00e9sident du conseil d\u00e9partement de l'Essonne, ou son repr\u00e9sentant  ; \n\u2022 le pr\u00e9sident du conseil d\u00e9partemental des Hauts-de-Seine, ou son repr\u00e9sentant  ; \n\u2022 le pr\u00e9sident du conseil d\u00e9partemental de Seine-et-Marne, ou son repr\u00e9sentant  ; \n\u2022 le pr\u00e9sident du conseil d\u00e9partemental de Seine-Saint-Denis, ou son repr\u00e9sentant  ;  \n\u2022 le pr\u00e9sident du conseil d\u00e9partemental du Val-de-Marne, ou son repr\u00e9sentant  ; \n\u2022 la pr\u00e9sidente du conseil d\u00e9partemental du Val-d'Oise, ou son repr\u00e9sentant  ; \n\u2022 le pr\u00e9sident du conseil d\u00e9partemental des Yvelines, ou son repr\u00e9sentant  ; \n\u2022 la maire de Paris, ou son repr\u00e9sentant  ; \n \n3. Au titre des chambres consulaires  : \n\u2022 le pr\u00e9sident de la chambre d'agriculture de r\u00e9gion \u00cele-de-France, ou son \nrepr\u00e9sentant  ; \n \n4. Au titre des organisations syndicales d'exploitants agricoles \u00e0 vocation g\u00e9n\u00e9rale  : \n\u2022 le pr\u00e9sident des jeunes agriculteurs (JA) de la r\u00e9g ion d'\u00cele-de-France, ou son \nrepr\u00e9sentant  ; \n\u2022 le pr\u00e9sident des jeunes agriculteurs (JA) d'\u00cele-de-France ouest, ou son repr\u00e9sentant ; \n\u2022 le pr\u00e9sident des Jeunes agriculteurs (JA) de Seine-et-Marne, ou son repr\u00e9sentant ; \n\u2022 le pr\u00e9sident de la f\u00e9d\u00e9ration r\u00e9gionale des syndica ts d'exploitants agricoles (FRSEA) \nd'\u00cele-de-France, ou son repr\u00e9sentant  ; \n\u2022 le pr\u00e9sident de la f\u00e9d\u00e9ration d\u00e9partementale des sy ndicats d'exploitants agricoles \nd'\u00cele-de-France (FDSEA \u00cele-de-France), ou son repr\u00e9sentant ; \n\u2022 le pr\u00e9sident de la f\u00e9d\u00e9ration d\u00e9partementale des syndicats d'exploitants agricoles de \nSeine-et-Marne (FDSEA 77), ou son repr\u00e9sentant ; \n\u2022 le pr\u00e9sident de la coordination rurale \u2013 union r\u00e9gi onale d'\u00cele-de-France, ou son \nrepr\u00e9sentant  ; \n\u2022 le porte-parole de la conf\u00e9d\u00e9ration paysanne d'\u00cele-de-France ; \n \n5. Au titre des fili\u00e8res agricoles  : \n\u2022 la pr\u00e9sidente de la coop\u00e9ration agricole \u00cele-de-France, ou son repr\u00e9sentant  ; \n\u2022 le pr\u00e9sident du groupement des agriculteurs biologi ques (GAB) de la r\u00e9gion \u00cele-de-\nFrance ou son repr\u00e9sentant  ; \n\u2022 un repr\u00e9sentant de la fili\u00e8re \u00e9levage d\u00e9sign\u00e9 par l e pr\u00e9sident de la chambre \nd'agriculture de r\u00e9gion \u00cele-de-France ; \n\u2022 un repr\u00e9sentant de la fili\u00e8re mara\u00eech\u00e8re, d\u00e9sign\u00e9 p ar le pr\u00e9sident de la chambre \nd'agriculture de r\u00e9gion \u00cele-de-France ; \n\u2022 un repr\u00e9sentant de la fili\u00e8re arboricole, d\u00e9sign\u00e9 p ar le pr\u00e9sident de la chambre \nd'agriculture de r\u00e9gion \u00cele-de-France ; \n\u2022 un repr\u00e9sentant de la fili\u00e8re horticole, d\u00e9sign\u00e9 pa r le pr\u00e9sident de la chambre \nd'agriculture de r\u00e9gion \u00cele-de-France ; \n\u2022 un repr\u00e9sentant de la fili\u00e8re p\u00e9pini\u00e9riste, d\u00e9sign\u00e9  par le pr\u00e9sident de la chambre \nd'agriculture de r\u00e9gion \u00cele-de-France ; \n \n \n \n \nDirection r\u00e9gionale et interd\u00e9partementale de l'alimentation, de l'agriculture et de la for\u00eat d'Ile de France - IDF-2025-12-11-00003 -\nArr\u00eat\u00e9 relatif aux attributions, \u00e0 la composition et au fonctionnement du comit\u00e9 r\u00e9gional de l'installation et de la transmission en\nagriculture (CRIT) dans la r\u00e9gion d'\u00cele-de-France\n6\n \n \n \n \nPage 4 sur 6  \n \n \n6. Au titre des organismes de formation, de service ou de conseil en agriculture  : \n\u2022 le pr\u00e9sident de Cerfrance Champagne Nord-Est \u00cele-de-France, ou son repr\u00e9sentant  ; \n\u2022 le pr\u00e9sident du centre agricole d'\u00e9conomie rurale d '\u00cele-de-France (CAERIF), ou son \nrepr\u00e9sentant  ; \n\u2022 le pr\u00e9sident de l'association Accompagnement strat\u00e9 gie 77 (AS77), ou son \nrepr\u00e9sentant  ; \n\u2022 le repr\u00e9sentant l\u00e9gal du r\u00e9seau des AMAP \u00cele-de-France, ou son repr\u00e9sentant ; \n\u2022 la pr\u00e9sidente des Champs des possibles, au titre du r\u00e9seau des espaces-tests agricoles \nen \u00cele-de-France, ou son repr\u00e9sentant  ; \n\u2022 un repr\u00e9sentant de la d\u00e9l\u00e9gation r\u00e9gional du fonds pour la formation des \nentrepreneurs du vivant (VIVEA) ; \n\u2022 un repr\u00e9sentant de l'enseignement agricole r\u00e9gional , d\u00e9sign\u00e9 par l'autorit\u00e9 \nacad\u00e9mique  ; \n\u2022 le pr\u00e9sident de la f\u00e9d\u00e9ration r\u00e9gionale des coop\u00e9ra tives d'utilisation des mat\u00e9riels \nagricoles (CUMA) d'\u00cele-de-France, ou son repr\u00e9sentant ; \n\u2022 un repr\u00e9sentant de la f\u00e9d\u00e9ration r\u00e9gionale des services de remplacement  ; \n \n7. Au titre des organismes sociaux, d'assurance et de cr\u00e9dit  : \n\u2022 le pr\u00e9sident de la caisse r\u00e9gionale de la mutualit\u00e9  sociale agricole (MSA) d'\u00cele-de-\nFrance, ou son repr\u00e9sentant  ; \n\u2022 le pr\u00e9sident de la caisse r\u00e9gionale de Groupama, ou son repr\u00e9sentant ; \n\u2022 le pr\u00e9sident de la caisse r\u00e9gionale du Cr\u00e9dit agric ole d'\u00cele-de-France, ou son \nrepr\u00e9sentant  ; \n\u2022 le pr\u00e9sident de la caisse r\u00e9gionale du Cr\u00e9dit agric ole Brie-Picardie, ou son \nrepr\u00e9sentant  ; \n\u2022 le pr\u00e9sident du Cr\u00e9dit mutuel d'\u00cele-de-France, ou son repr\u00e9sentant  ; \n \n8. Au titre des organismes comp\u00e9tents sur le foncier agricole  : \n\u2022 le pr\u00e9sident de la soci\u00e9t\u00e9 d'am\u00e9nagement foncier et  d'\u00e9quipement rural (SAFER) \nd'\u00cele-de-France, ou son repr\u00e9sentant  ; \n\u2022 le pr\u00e9sident du syndicat de la propri\u00e9t\u00e9 priv\u00e9e rurale, ou son repr\u00e9sentant  ; \n\u2022 le repr\u00e9sentant l\u00e9gal de Terre de liens en \u00cele-de-France, ou son repr\u00e9sentant  ; \n \n9. Au titre des structures ou personnalit\u00e9s qualifi\u00e9es  : \n\u2022 les charg\u00e9s de mission concern\u00e9s au sein des organismes labellis\u00e9s en tant que PAI  ; \n\u2022 les charg\u00e9s de mission concern\u00e9s au sein des organi smes labellis\u00e9s en tant que \nCEPPP  ; \n\u2022 les charg\u00e9s de mission concern\u00e9e au sein des organi smes habilit\u00e9s \u00e0 organiser les \nstages collectifs 21 heures  ; \n\u2022 la pr\u00e9sidente d'\u00cele-de-France nature, ou son repr\u00e9sentant ; \n\u2022 le pr\u00e9sident de France nature environnement (FNE) \u00ce le-de-France, ou son \nrepr\u00e9sentant ; \n\u2022 le pr\u00e9sident de l'association agri-d\u00e9veloppement \u00cele-de-France, ou son repr\u00e9sentant  ; \n\u2022 le pr\u00e9sident du groupement r\u00e9gional des centres d'\u00e9 tudes techniques agricoles \n(GRCETA) de l'\u00cele-de-France, ou son repr\u00e9sentant. \n \n \n \nDirection r\u00e9gionale et interd\u00e9partementale de l'alimentation, de l'agriculture et de la for\u00eat d'Ile de France - IDF-2025-12-11-00003 -\nArr\u00eat\u00e9 relatif aux attributions, \u00e0 la composition et au fonctionnement du comit\u00e9 r\u00e9gional de l'installation et de la transmission en\nagriculture (CRIT) dans la r\u00e9gion d'\u00cele-de-France\n7\n \n \n \n \nPage 5 sur 6  \n \nArticle 4  : fonctionnement du comit\u00e9 r\u00e9gional de l'installation et de la transmission  \n \nLes organismes et structures repr\u00e9sent\u00e9s d\u00e9signent le(s) repr\u00e9sentant(s) de leur choix pour \nassister aux r\u00e9unions du comit\u00e9.  \nDans le cas d'un vote, il sera retenu une voix par organisme repr\u00e9sent\u00e9. Les structures et \npersonnalit\u00e9s qualifi\u00e9es ne participent pas au vote. \nLe comit\u00e9 peut \u00e9galement, sur d\u00e9cision de ses pr\u00e9si dents, entendre toute personne \next\u00e9rieure dont l'audition est de nature \u00e0 \u00e9clairer  ses d\u00e9lib\u00e9rations. Les personnes ainsi \nentendues ne participent pas au vote. \n \nLe comit\u00e9 se r\u00e9unit autant que de besoin, et au min imum une fois par an. Un r\u00e8glement \nint\u00e9rieur pourra \u00eatre \u00e9tabli. Le secr\u00e9tariat est as sur\u00e9 conjointement par les services de la \nDRIAAF et du conseil r\u00e9gional. \n \n\uf0a7 Convocation des membres \nLe comit\u00e9 se r\u00e9unit sur convocation de ses pr\u00e9siden ts. Cette convocation peut \u00eatre envoy\u00e9e \npar tous moyens, y compris par courrier \u00e9lectroniqu e. Il en est de m\u00eame des pi\u00e8ces ou \ndocuments n\u00e9cessaires \u00e0 la pr\u00e9paration de la r\u00e9union ou \u00e9tablis \u00e0 l'issue de celle-ci.  \n \n\uf0a7 Suppl\u00e9ance des membres \nLes pr\u00e9sidents et les membres si\u00e9geant en raison de s fonctions qu'ils occupent peuvent se \nfaire suppl\u00e9er par un membre du service ou de l'organisme auquel ils appartiennent. \nUn membre d\u00e9sign\u00e9 en raison de son mandat \u00e9lectif n e peut se faire suppl\u00e9er que par un \u00e9lu \nde la m\u00eame assembl\u00e9e d\u00e9lib\u00e9rante. \nLes personnalit\u00e9s qualifi\u00e9es ne peuvent se faire suppl\u00e9er. \n \n\uf0a7 Remplacement d'un membre \nLe membre du comit\u00e9 qui, au cours de son mandat, d\u00e9 c\u00e8de, d\u00e9missionne ou perd la qualit\u00e9 \nau titre de laquelle il a \u00e9t\u00e9 d\u00e9sign\u00e9, est remplac\u00e9 pour la dur\u00e9e du mandat restant \u00e0 courir par \nune personne d\u00e9sign\u00e9e dans les m\u00eames conditions. \n \n\uf0a7 Mandat \nLorsqu'il n'est pas suppl\u00e9\u00e9, un membre peut donner un mandat \u00e0 un autre membre.  \n \n\uf0a7 Quorum \nLe quorum est atteint lorsque la moiti\u00e9 au moins de s membres sont pr\u00e9sents, y compris les \nmembres prenant part aux d\u00e9bats au moyen d'une conf \u00e9rence t\u00e9l\u00e9phonique ou \naudiovisuelle, ou ont donn\u00e9 mandat. Lorsque le quor um n'est pas atteint, le comit\u00e9 d\u00e9lib\u00e8re \nvalablement sans condition de quorum apr\u00e8s une nouv elle convocation portant sur le m\u00eame \nordre du jour et sp\u00e9cifiant qu'aucun quorum ne sera exig\u00e9. \n \n\uf0a7 Vote  : \nLe comit\u00e9 se prononce \u00e0 la majorit\u00e9 des voix des me mbres pr\u00e9sents ou repr\u00e9sent\u00e9s. Les \npr\u00e9sidents ont une voix pr\u00e9pond\u00e9rante en cas de partage \u00e9gal des voix. \n \n \nArticle 5  : abrogation \n \n \nL'arr\u00eat\u00e9 pr\u00e9fectoral IDF-2017-11-30-014 portant cr\u00e9 ation du Comit\u00e9 R\u00e9gional Installation \nTransmission en agriculture (CRIT) dans la r\u00e9gion \u00cele-de-France est abrog\u00e9. \n \n \nDirection r\u00e9gionale et interd\u00e9partementale de l'alimentation, de l'agriculture et de la for\u00eat d'Ile de France - IDF-2025-12-11-00003 -\nArr\u00eat\u00e9 relatif aux attributions, \u00e0 la composition et au fonctionnement du comit\u00e9 r\u00e9gional de l'installation et de la transmission en\nagriculture (CRIT) dans la r\u00e9gion d'\u00cele-de-France\n8\n \n \n \n \nPage 6 sur 6  \n \n \n \nArticle 6  : ex\u00e9cution  \n \n \nLa Pr\u00e9f\u00e8te, secr\u00e9taire g\u00e9n\u00e9rale aux politiques publiques de la pr\u00e9fecture de la r\u00e9gion d'\u00cele-de-\nFrance, pr\u00e9fecture de Paris, et la directrice r\u00e9gio nale et interd\u00e9partementale de \nl'alimentation, de l'agriculture et de la for\u00eat d'\u00ce le-de-France sont charg\u00e9es, chacune en ce qui \nles concerne, de l'ex\u00e9cution du pr\u00e9sent arr\u00eat\u00e9 qui sera publi\u00e9 au recueil des actes \nadministratifs de la pr\u00e9fecture de la r\u00e9gion d'\u00cele-de-France, pr\u00e9fecture de Paris. \n \n \n \nFait \u00e0 Paris, le 11 d\u00e9cembre 2025 \n \n \nLa Pr\u00e9f\u00e8te, Secr\u00e9taire G\u00e9n\u00e9rale aux politiques publiques, \nAssurant la suppl\u00e9ance du Pr\u00e9fet de la r\u00e9gion d'Ile-de-France \nPr\u00e9fet de Paris, \n \nSIGNE \n \nMarie GAUTIER-MELLERAY  \n \nDirection r\u00e9gionale et interd\u00e9partementale de l'alimentation, de l'agriculture et de la for\u00eat d'Ile de France - IDF-2025-12-11-00003 -\nArr\u00eat\u00e9 relatif aux attributions, \u00e0 la composition et au fonctionnement du comit\u00e9 r\u00e9gional de l'installation et de la transmission en\nagriculture (CRIT) dans la r\u00e9gion d'\u00cele-de-France\n9\nDirection r\u00e9gionale et interd\u00e9partementale de\nl'environnement, de l'am\u00e9nagement et des\ntransports d'\u00cele-de-France\nIDF-2025-12-11-00004\nArr\u00eat\u00e9 portant d\u00e9rogation aux articles 5 et 9 du\nd\u00e9cret n\u00b02018-514 du 25 juin 2018 relatif aux\nsubventions de l'\u00c9tat pour des projets\nd'investissement concernant le projet de\nreconfiguration de la gare routi\u00e8re Massy Atlantis\ndans le cadre du Fonds vert\nDirection r\u00e9gionale et interd\u00e9partementale de l'environnement, de l'am\u00e9nagement et des transports d'\u00cele-de-France -\nIDF-2025-12-11-00004 - Arr\u00eat\u00e9 portant d\u00e9rogation aux articles 5 et 9 du d\u00e9cret n\u00b02018-514 du 25 juin 2018 relatif aux subventions de\nl'\u00c9tat pour des projets d'investissement concernant le projet de reconfiguration de la gare routi\u00e8re Massy Atlantis dans le cadre du\nFonds vert\n10\nE 3PREFET |DE LA REGIOND'\u00ceLE-DE-FRANCELibert\u00e9Egalit\u00e9Fraternit\u00e9\nDirection r\u00e9gionale et interd\u00e9partementale\nde l'environnement, de l'am\u00e9nagement\net des transports d'\u00cele-de-France\nARR\u00caT\u00c9\nportant d\u00e9rogation aux articles 5 et 9 du d\u00e9cret n\u00b02018-514 du 25 juin 2018\nrelatif aux subventions de l'\u00c9tat pour des projets d'investissement concernant\nle projet de reconfiguration de la gare routi\u00e8re Massy Atlantis dans le cadre\ndu Fonds vert\nLe Pr\u00e9fet de la r\u00e9gion d'\u00cele-de-France,\nPr\u00e9fet de Paris,\nGrand officier de la L\u00e9gion d'honneur,\nOfficier de l'ordre national du M\u00e9rite\nVU le d\u00e9cret n\u00b02004-374 modifi\u00e9 du 29 avril 2004 relat if aux pouvoirs des pr\u00e9fets, \u00e0\nl'organisation, \u00e0 l'action des services de l'\u00c9tat dans les r\u00e9gions et les d\u00e9partements ;\nVU le d\u00e9cret n\u00b02015-535 du 15 mai 2015 modifiant le d\u00e9cret n\u00b0 64-805 du 29 juillet 1964 fixant\nles dispositions r\u00e9glementaires applicables aux pr\u00e9fets ;\nVU le d\u00e9cret n\u00b02018-514 du 25 juin 2018 relatif aux su bventions de l'\u00c9tat pour des projets\nd'investissement, en particulier ses articles 5 et 9 ;\nVU le d\u00e9cret n\u00b02020-412 du 8 avril 2020 relatif au droit de d\u00e9rogation reconnu au pr\u00e9fet ;\nVU la circulaire NOR : ATDB2506163 J du 28 f\u00e9vrier 20 25 relative \u00ab aux r\u00e8gles d'emploi en\n2025 des dotations de soutien \u00e0 l'investissement de s collectivit\u00e9s territoriales et du fonds\nd'acc\u00e9l\u00e9ration de la transition \u00e9cologique dans les territoires (Fonds vert) \u00bb ;\nVU le cahier d'accompagnement des porteurs de projet et des services instructeurs relatifs \u00e0\nla mesure \u00ab Accompagnement du d\u00e9ploiement de Zones \u00e0 faibles \u00e9missions mobilit\u00e9 \u00bb de\nl'axe 3 du Fonds vert ;\nVU les deux demandes de subvention au titre de la mes ure \u00ab Accompagnement du\nd\u00e9ploiement de Zones \u00e0 faibles \u00e9missions mobilit\u00e9 \u00bb  de l'axe 3 du Fonds vert intitul\u00e9es\n\u00ab Reconfiguration  de la gare routi\u00e8re Massy Atlanti s -  Besoins compl\u00e9mentaires \u00bb et\n\u00ab Reconfiguration de la gare routi\u00e8re Massy Atlantis - Nouveaux besoins compl\u00e9mentaires, qui\nont \u00e9t\u00e9 d\u00e9pos\u00e9es par Paris Sud Am\u00e9nagement sur la p lateforme \u00ab d\u00e9marches-simplifi\u00e9es \u00bb,\nrespectivement le 24 juin 2024 sous la r\u00e9f\u00e9rence N\u00b0 18593470 et le 7 novembre 2025 sous la\nr\u00e9f\u00e9rence n\u00b027431245 ;\nCONSID\u00c9RANT que le projet de gare routi\u00e8re de Massy Atlantis, inscrit au Sch\u00e9ma directeur\nde la ligne B approuv\u00e9 par \u00cele-de-France Mobilit\u00e9s en 2013, r\u00e9pond \u00e0 la forte croissance des\nflux du plateau de Saclay et \u00e0 l'augmentation des trafics pr\u00e9vue \u00e0 l'ouverture de la ligne 18 du\nGrnad Paris Express \u00e0 Massy en octobre 2026 ;\nCONSID\u00c9RANT que la phase 1 des travaux, d\u00e9but\u00e9e en mars 2022, s'est achev\u00e9e le 24\nnovembre 2023, soit trois mois apr\u00e8s la date pr\u00e9vis ionnelle, avec des surco\u00fbts dus \u00e0 la\ncomplexit\u00e9 du projet et \u00e0 la forte inflation concomitante \u00e0 sa r\u00e9alisation ;\nDirection r\u00e9gionale et interd\u00e9partementale de l'environnement, de l'am\u00e9nagement et des transports d'\u00cele-de-France -\nIDF-2025-12-11-00004 - Arr\u00eat\u00e9 portant d\u00e9rogation aux articles 5 et 9 du d\u00e9cret n\u00b02018-514 du 25 juin 2018 relatif aux subventions de\nl'\u00c9tat pour des projets d'investissement concernant le projet de reconfiguration de la gare routi\u00e8re Massy Atlantis dans le cadre du\nFonds vert\n11\nCONSID\u00c9RANT le courrier du pr\u00e9sident de Paris Sud Am\u00e9nagement au pr\u00e9fet de la r\u00e9gion\nd'\u00cele-de-France du 7 novembre 2023, demandant de pr endre en compte la totalit\u00e9 des\nsurco\u00fbts des travaux dans le calcul des aides qui pourraient \u00eatre accord\u00e9es ;\nCONSID\u00c9RANT que la phase 2 des travaux a d\u00e9marr\u00e9 en juin 2024 \u00e0 la suite de l'accord des\nfinanceurs sur la prise en charge des surco\u00fbts lors  du comit\u00e9 de pilotage du 24 avril 2024 et\nformalis\u00e9e  dans  la  convention  de  financement  n\u00b024D3 0955  relative  aux  travaux\n\u00ab Reconfiguration de la Gare Routi\u00e8re MASSY ATLANTI S Besoins compl\u00e9mentaires REA 3 \u00bb\nentre l'\u00c9tat, la r\u00e9gion \u00cele-de-France, la communaut \u00e9 d'agglom\u00e9ration Paris-Saclay, Paris Sud\nAm\u00e9nagement et \u00cele-de-France Mobilit\u00e9s ;\nCONSID\u00c9RANT que le cahier d'accompagnement de la mesure \u00ab Acco mpagnement du\nd\u00e9ploiement de Zones \u00e0 faibles \u00e9missions mobilit\u00e9 \u00bb du Fonds vert permet que l'ex\u00e9cution du\nprojet puisse commencer avant que le dossier de dem ande ne soit d\u00e9pos\u00e9 sur la plateforme\n\u00ab d\u00e9marches-simplifi\u00e9es \u00bb en cas d'urgence av\u00e9r\u00e9e ;\nCONSID\u00c9RANT qu'il est n\u00e9cessaire de  d\u00e9roger aux articles 5 et 9 du d\u00e9cret n\u00b0 2018-514\nsusvis\u00e9 pour rendre \u00e9ligibles au Fonds vert les d\u00e9p enses effectu\u00e9es avant la demande de\nsubvention du 7 novembre 2025 susvis\u00e9e afin de cont ribuer au financement de nouveaux\nbesoins compl\u00e9mentaires du projet ;\nCONSID\u00c9RANT  que cette d\u00e9rogation est justifi\u00e9e par un motif d'i nt\u00e9r\u00eat g\u00e9n\u00e9ral  \u2013 le\nd\u00e9veloppement des transports en commun \u2013 et  par l'e xistence de circonstances locales\nexplicit\u00e9es ci-avant ;\nCONSID\u00c9RANT que cette d\u00e9rogation a pour effet de favoriser l'acc\u00e8s aux aides publiques ;\nCONSID\u00c9RANT que cette d\u00e9rogation ne porte pas atteinte aux int\u00e9 r\u00eats de la d\u00e9fense ou \u00e0 la\ns\u00e9curit\u00e9  des  personnes  et  des  biens,  ni  aux  objecti fs  poursuivis  par  la  mesure\n\u00ab Accompagnement du d\u00e9ploiement de Zones \u00e0 faibles \u00e9missions mobilit\u00e9 \u00bb de l'axe 3 du\nFonds vert ;\nCONSID\u00c9RANT que cette d\u00e9rogation est compatible avec les engage ments europ\u00e9ens et\ninternationaux de la France ;\nSur proposition de la directrice r\u00e9gionale et interd\u00e9partementale de l'environnement, de\nl'am\u00e9nagement et des transports,\nARR\u00caTE :\nARTICLE 1\nPour le projet \u00ab Reconfiguration de la gare routi\u00e8r e Massy Atlantis - Nouveaux besoins\ncompl\u00e9mentaires \u00bb, il est d\u00e9rog\u00e9 au II. de l'article 5 et \u00e0 l'article 9 du d\u00e9cret n\u00b02018-514 du 25\njuin 2018 susvis\u00e9.  Ce projet peut \u00eatre subventionn\u00e9  malgr\u00e9 le commencement de son\nex\u00e9cution avant le d\u00e9p\u00f4t de la demande de subvention au titre du Fonds vert du 7 novembre\n2025 susvis\u00e9e. La d\u00e9pense subventionnable pourra ai nsi int\u00e9grer les d\u00e9penses effectu\u00e9es \u00e0\ncompter du 29 d\u00e9cembre 2023.\nARTICLE 2\nToute modification aux dispositions du pr\u00e9sent arr\u00eat\u00e9 fera l'objet d'un arr\u00eat\u00e9 modificatif.\n2/3\nDirection r\u00e9gionale et interd\u00e9partementale de l'environnement, de l'am\u00e9nagement et des transports d'\u00cele-de-France -\nIDF-2025-12-11-00004 - Arr\u00eat\u00e9 portant d\u00e9rogation aux articles 5 et 9 du d\u00e9cret n\u00b02018-514 du 25 juin 2018 relatif aux subventions de\nl'\u00c9tat pour des projets d'investissement concernant le projet de reconfiguration de la gare routi\u00e8re Massy Atlantis dans le cadre du\nFonds vert\n12\nARTICLE 3\nLa pr\u00e9f\u00e8te, secr\u00e9taire g\u00e9n\u00e9rale aux politiques publ iques du pr\u00e9fet de la r\u00e9gion \u00cele-de-France,\npr\u00e9fet de Paris, et la directrice r\u00e9gionale et inte rd\u00e9partementale de l'environnement, de\nl'am\u00e9nagement et des transports sont charg\u00e9es, pour  ce qui les concerne, de l'ex\u00e9cution du\npr\u00e9sent arr\u00eat\u00e9, qui sera publi\u00e9 au recueil des actes administratifs de la pr\u00e9fecture de la r\u00e9gion\nd'\u00cele-de-France, pr\u00e9fecture de Paris.\n\u00c0 Paris, le 11/12/2025\nLa pr\u00e9f\u00e8te, Secr\u00e9taire g\u00e9n\u00e9rale aux politiques publiques,\nAssurant la suppl\u00e9ance du Pr\u00e9fet de la r\u00e9gion Ile-de-France, pr\u00e9fet de Paris\nSIGNE\nMarie GAUTIER-MELLERAY\nVoies et d\u00e9lais de recours      :  \nLe pr\u00e9sent arr\u00eat\u00e9 peut faire l'objet d'un recours a dministratif dans un d\u00e9lai de deux mois, soit graci eux\naupr\u00e8s du pr\u00e9fet de la r\u00e9gion \u00cele-de-France, soit hi\u00e9rarchique aupr\u00e8s du ministre charg\u00e9 des transports. Il\npeut \u00e9galement faire l'objet d'un recours devant le tribunal administratif comp\u00e9tent dans les deux mois\n\u00e0 compter de sa publication en application des disp ositions des articles R. 421-1 et suivants du code de\njustice  administrative.  Le  tribunal  administratif  peut  \u00eatre  saisi  par  l'application  informatique\n\u00ab T\u00e9l\u00e9recours Citoyens \u00bb accessible par le site internet www.telerecours.fr.\n3/3\nDirection r\u00e9gionale et interd\u00e9partementale de l'environnement, de l'am\u00e9nagement et des transports d'\u00cele-de-France -\nIDF-2025-12-11-00004 - Arr\u00eat\u00e9 portant d\u00e9rogation aux articles 5 et 9 du d\u00e9cret n\u00b02018-514 du 25 juin 2018 relatif aux subventions de\nl'\u00c9tat pour des projets d'investissement concernant le projet de reconfiguration de la gare routi\u00e8re Massy Atlantis dans le cadre du\nFonds vert\n13\nDirection r\u00e9gionale et interd\u00e9partementale de\nl'environnement, de l'am\u00e9nagement et des\ntransports d'\u00cele-de-France\nIDF-2025-12-11-00002\nArr\u00eat\u00e9 DRIEAT IdF n\u00b02025-1084 portant\napprobation des r\u00e8glements de s\u00e9curit\u00e9 de\nl'exploitation des lignes de\ntramway T12 et T13\nDirection r\u00e9gionale et interd\u00e9partementale de l'environnement, de l'am\u00e9nagement et des transports d'\u00cele-de-France -\nIDF-2025-12-11-00002 - Arr\u00eat\u00e9 DRIEAT IdF n\u00b02025-1084 portant approbation des r\u00e8glements de s\u00e9curit\u00e9 de l'exploitation des lignes de\ntramway T12 et T13\n14\nPREFET .DE LA REGIOND'\u00ceLE-DE-FRANCELibert\u00e9Egalit\u00e9Fraternit\u00e9\nDirection r\u00e9gionale et interd\u00e9partementale\nde l'environnement, de l'am\u00e9nagement\net des transports d'\u00cele-de-France\nArr\u00eat\u00e9 DRIEAT IdF n\u00b02025-1084\nportant approbation des r\u00e8glements de s\u00e9curit\u00e9 de l'exploitation des lignes de\ntramway T12 et T13 \nLE PR\u00c9FET DE LA R\u00c9GION D'\u00ceLE-DE-FRANCE,\nPR\u00c9FET DE PARIS\nGRAND OFFICIER DE LA L\u00c9GION D'HONNEUR\nOFFICIER DE L'ORDRE NATIONAL DU M\u00c9RITE\nVu le Code des transports\u00a0;\nVu le d\u00e9cret n\u00b0 2017-440 du 30 mars 2017 modifi\u00e9, relatif \u00e0 la s\u00e9curit\u00e9 des transports publics guid\u00e9s \net notamment son article 23 ;\nVu l'arr\u00eat\u00e9 du 23 mai 2003 modifi\u00e9, relatif aux dossiers de s\u00e9curit\u00e9 des syst\u00e8mes de transport public\nguid\u00e9s urbains et notamment son annexe 5\u00a0; \nVu l'arr\u00eat\u00e9  IDF-2022-07-19-00005  du  19  juillet  2022  portant  d\u00e9l\u00e9gation  de  signature  \u00e0  Mme\nEmmanuelle  GAY,  directrice  r\u00e9gionale  et  interd\u00e9partementale  de  l'environnement,  de\nl'am\u00e9nagement et des transports d'\u00cele-de-France, en mati\u00e8re administrative\u00a0;\nVu le courrier d'\u00cele-de-France Mobilit\u00e9 du 10 octobre 2025 adress\u00e9 au pr\u00e9fet de la r\u00e9gion \u00cele-de-\nFrance et sollicitant l'approbation du r\u00e8glement de s\u00e9curit\u00e9 de l'exploitation (RSE) des lignes de\ntramway T12 (Massy-Palaiseau \u00e0 \u00c9pinay-sur-Orge) et T13 (Saint-Cyr \u00e0 Saint-Germain-en-Laye) pour\nles  volets  exploitant  et  gestionnaire  d'infrastructure,  et  le  courrier  compl\u00e9mentaire  du  8\nd\u00e9cembre 2025 transmettant une nouvelle version de ces RSE\u00a0;\nVu le RSE des lignes T12 et T13 du tramway d'\u00cele-de-France volet exploitant, dans sa version 1 du\n28/11/2025 \u00e9tabli par l'exploitant RATP Cap ASO, et le RSE de la ligne T13 du tramway d'\u00cele-de-\nFrance volet gestionnaire d'infrastructure, dans sa version 2 du 06/10/2025 \u00e9tabli par SNCF\nR\u00e9seau, transmis par courrier du 8 d\u00e9cembre 2025 susvis\u00e9\u00a0;\nVu l'avis du Bureau Nord-Ouest du STRMTG du 1er d\u00e9cembre 2025.\nARR\u00caTE\nArticle 1 Le r\u00e8glement de s\u00e9curit\u00e9 de l'exploitation (RSE) volet exploitant des lignes T12 et T13 du\nr\u00e9seau  de  tramway  (version  1  du  28  novembre  2025),  et  le  RSE  volet  gestionnaire\nd'infrastructure (GI) de la ligne T13 (version 2 du 06 octobre 2025) sont approuv\u00e9s.\n                                                                                                                                                                                                                               1/2\nDirection r\u00e9gionale et interd\u00e9partementale de l'environnement, de l'am\u00e9nagement et des transports d'\u00cele-de-France -\nIDF-2025-12-11-00002 - Arr\u00eat\u00e9 DRIEAT IdF n\u00b02025-1084 portant approbation des r\u00e8glements de s\u00e9curit\u00e9 de l'exploitation des lignes de\ntramway T12 et T13\n15\nArticle 2 Les RSE approuv\u00e9s par le pr\u00e9sent arr\u00eat\u00e9 seront applicables \u00e0 compter du transfert de\nl'exploitation des lignes T12 et T13 \u00e0 la soci\u00e9t\u00e9 RATP Cap ASO, le 14 d\u00e9cembre 2025, et se\nsubstituent aux documents existants \u00e0 compter de cette date.\nArticle 3 L'exploitation commerciale sera r\u00e9alis\u00e9e dans le strict respect des RSE approuv\u00e9s, du plan\nd'intervention et de s\u00e9curit\u00e9 (PIS) de RATP Cap ASO et SNCF R\u00e9seau pour le territoire de\nParis, et des dispositions pr\u00e9vues dans les dossiers de s\u00e9curit\u00e9 des lignes T12 et T13. \nArticle 4 Tout \u00e9v\u00e9nement notable li\u00e9 \u00e0 la s\u00e9curit\u00e9 survenant en exploitation sur ce r\u00e9seau devra\n\u00eatre port\u00e9 \u00e0 la connaissance des services de l'\u00c9tat, dans les conditions pr\u00e9vues par les\narticles 89 et 90 du d\u00e9cret n\u00b0 2017-440 du 30 mars 2017 modifi\u00e9 susvis\u00e9, le chapitre 10\ndes pr\u00e9sents RSE et selon les modalit\u00e9s arr\u00eat\u00e9es conjointement entre RATP CAP ASO,\nSNCF R\u00e9seau, la DRIEAT \u00cele-de-France et le bureau Nord-Ouest du STRMTG.\nArticle 5 La pr\u00e9f\u00e8te, secr\u00e9taire g\u00e9n\u00e9rale aux politiques publiques de la pr\u00e9fecture de la r\u00e9gion\nd'\u00cele-de-France et la directrice r\u00e9gionale et interd\u00e9partementale de l'environnement, de\nl'am\u00e9nagement et des transports d'\u00cele-de-France sont charg\u00e9es, chacune en ce qui la\nconcerne,  de  l'ex\u00e9cution  du  pr\u00e9sent  arr\u00eat\u00e9  qui  sera  publi\u00e9  au  recueil  des  actes\nadministratifs de la pr\u00e9fecture de la r\u00e9gion d'\u00cele-de-France.\nFait \u00e0 Paris, le 11 d\u00e9cembre 2025\nPour le pr\u00e9fet de la r\u00e9gion d'\u00cele-de-France, \npr\u00e9fet de Paris, et par d\u00e9l\u00e9gation,\nla directrice r\u00e9gionale et interd\u00e9partementale de\nl'environnement, de l'am\u00e9nagement et des transports d'\u00cele-\nde-France\nSIGN\u00c9\nEmmanuelle GAY\n                                                                                                                                                    2/2\nDirection r\u00e9gionale et interd\u00e9partementale de l'environnement, de l'am\u00e9nagement et des transports d'\u00cele-de-France -\nIDF-2025-12-11-00002 - Arr\u00eat\u00e9 DRIEAT IdF n\u00b02025-1084 portant approbation des r\u00e8glements de s\u00e9curit\u00e9 de l'exploitation des lignes de\ntramway T12 et T13\n16","date":"2025-12-11","first_seen_on":"2025-12-11T18:11:07+00:00","id":"cd846479f3a81722f1057d4c67a937041c37fc1cef893416c2b64f2edf219438","name":"recueil-idf-030-2025-12-recueil-des-actes-administratifs-special du 11.12.2025","pdf_creation_date":"2025-12-11T15:57:22+00:00","pdf_modification_date":null,"timezone":"Europe/Paris","url":"https://www.prefectures-regions.gouv.fr/ile-de-france/irecontenu/telechargement/133571/979360/file/recueil-idf-030-2025-12-recueil-des-actes-administratifs-special%20du%2011.12.2025.pdf"}
