{"administration":"pref09","administration_name":"Pr\u00e9fecture de l\u2019Ari\u00e8ge","content":"ARI\u00c8GE\nRECUEIL DES ACTES\nADMINISTRATIFS\nN\u00b009-2024-022\nPUBLI\u00c9 LE  5 MARS 2024\nSommaire\n09 \u25a1 PREFECTURE - DIRECTION DE LA COORDINATION\nINTERMINISTERIELLE ET DE L'APPUI TERRITORIAL / CELLULE\nENVIRONNEMENT\n09-2024-03-05-00001 - Arr\u00eat\u00e9 pr\u00e9fectoral portant ouverture d\u25a1 enqu\u00eate\npublique unique sur le territoire de Saint-Lary (09800) relative au captage\nde Caou Dequ\u00e9 Les Plagnous en application de l\u25a1article L.215-13 du code\nde l\u25a1environnement et de l\u25a1article L.1321-2 du code de la sant\u00e9 publique (3\npages) Page 3\n09 \u25a1 PREFECTURE DE L\u25a1ARIEGE \u25a1 DIRECTION DE LA COORDINATION\nINTERMINISTERIELLE ET DE L\u25a1APPUI TERRITORIAL / BUREAU DE LA\nCOORDINATION INTERMINISTERIELLE\n09-2024-03-01-00001 -  D\u00e9cision N\u00b08-2024, relative \u00e0 la continuit\u00e9 de la\nDirection dans le cadre des gardes de direction (2 pages) Page 6\n09-2024-03-01-00002 - D\u00e9cision N\u00b09-2024 portant d\u00e9l\u00e9gation de signature \u00e0\nM. S\u00e9bastien CHAMBOURG, Directeur Adjoint charg\u00e9 des Finances et de\nl\u25a1Investissement au Centre Hospitalier Ari\u00e8ge-Couserans. (2 pages) Page 8\n09 \u25a1 PREFECTURE \u25a1 DIRECTION DU CABINET /\n09-2024-03-01-00003 - Arr\u00eate pr\u00e9fectoral portant d\u00e9signation d'un\nfonctionnaire habilit\u00e9 \u00e0 pr\u00e9sider la commission   d'arrondissement de\nPamiers contre les risques d'incendie et de panique dans les \u00e9tablissements\nrecevant du public (1 page) Page 10\n09-DIRECTION DEPARTEMENTALE DES TERRITOIRES - SERVICE ECONOMIE\nAGRICOLE /\n09-2024-02-27-00002 - Arr\u00eat\u00e9 pr\u00e9fectoral portant autorisation de la\nr\u00e9duction du p\u00e9rim\u00e8tre de l\u25a1association fonci\u00e8re pastorale de MERENS LES\nVALS - LE SOULEILLA (2 pages) Page 11\n09-2024-03-04-00001 - Arr\u00eat\u00e9 pr\u00e9fectoral portant autorisation de\nl\u25a1extension du p\u00e9rim\u00e8tre de l\u25a1association fonci\u00e8re pastorale  d\u25a1Auzat\nSaleix (3 pages) Page 13\n2\nEx\nPR\u00c9FET  .\nDE L'ARI\u00c8GE\nLibert\u00e9\nEgalit\u00e9\nFraternit\u00e9\nPR\u00c9FECTURE\nDirection de la coordination interminist\u00e9rielle\net de l'appui territorial\nBureau de l'appui territorial\nCellule environnement\nAffaire suivie par Sylviane R\u00e9galon\nT\u00e9l : 05 61 02 10 14\nCourriel : pref-environnement@ariege.gouv.fr\nArr\u00eat\u00e9 pr\u00e9fectoral portant ouverture d' enqu\u00eate publique unique sur le territoire de Saint-Lary\n(09800) relative au captage de Caou Dequ\u00e9 Les Plagnous en application de l'article L.215-13 du code\nde l'environnement et de l'article L.1321-2 du code de la sant\u00e9 publique\nP\u00e9titionnaire : SMDEA\nLe pr\u00e9fet de l'Ari\u00e8ge\nVu le code de l'environnement, notamment les articles R214-1, L.123-1 et suivants, L.214-1 \u00e0 L.214-6,\nL.215-13 et R.123-1 et suivants  ;\nVu le code de la sant\u00e9 publique, notamment les articles L.1321-2, R1321-1 \u00e0 1321-68  ;\nVu le code de l'expropriation pour cause d'utilit\u00e9 publique  ; \nVu  le  d\u00e9cret  n\u00b02007-49  du  11  janvier  2007  relatif  \u00e0  la  s\u00e9curit\u00e9  sanitaire  des  eaux  destin\u00e9es  \u00e0  la\nconsommation humaine ;\nVu l'arr\u00eat\u00e9 du 9 septembre 2021 relatif \u00e0 l'affichage des avis d'enqu\u00eate publique, de participation du\npublic par voie \u00e9lectronique et de concertation pr\u00e9alable ainsi que des d\u00e9clarations d'intention pr\u00e9vus\npar le code de l'environnement  ;\nVu la d\u00e9lib\u00e9ration du Syndicat mixte D\u00e9partemental de l'Eau et de l'assainissement de l'Ari\u00e8ge (SMDEA)\nen date du 13 novembre 2023 demandant de lancer la proc\u00e9dure de d\u00e9claration d'utilit\u00e9 publique des\ntravaux de d\u00e9rivation des eaux de la source de Caou Dequ\u00e9 sur la commune de Saint-Lary  ;\nVu le rapport de l'hydrog\u00e9ologue agr\u00e9\u00e9 du 8 octobre 2023  ;\nVu le dossier technique \u00e9labor\u00e9 par le Syndicat mixte D\u00e9partemental de l'Eau et de l'assainissement de\nl'Ari\u00e8ge (SMDEA) en novembre 2023 ;\nVu l'avis du directeur d\u00e9partemental des territoires de l'Ari\u00e8ge du 15 d\u00e9cembre 2023  ;\nVu l'avis de l'Agence de l'Eau Adour-Garonne du 23 janvier 2024  ;\nVu l'avis de l'Agence R\u00e9gionale de Sant\u00e9 d'Occitanie du 15 f\u00e9vrier 2024  ;\nVu  la  d\u00e9cision  n\u00b0E24000024/31  du  tribunal  administratif  de  Toulouse  en  date  du  22  f\u00e9vrier  2024\nnommant Monsieur Christian LOPEZ, en qualit\u00e9 de commissaire enqu\u00eateur  ;\nApr\u00e8s avoir consult\u00e9 le commissaire enqu\u00eateur, \nSur proposition du secr\u00e9taire g\u00e9n\u00e9ral de la pr\u00e9fecture de l'Ari\u00e8ge,\nA R R \u00ca T E\nArticle 1\nIl sera  proc\u00e9d\u00e9, \u00e0 la demande de la pr\u00e9sidente  du Syndicat  mixte D\u00e9partemental  de  l'Eau  et  de\nl'assainissement de l'Ari\u00e8ge (SMDEA), \u00e0 une enqu\u00eate publique unique sur la commune de Saint-Lary :\n\u2022enqu\u00eate pr\u00e9alable concernant la demande de d\u00e9claration d'utilit\u00e9 publique des travaux de\nd\u00e9rivation des eaux du captage de \u00ab  Caou Dequ\u00e9 Les Plagnous\u00bb  au titre des articles L. 215-13 et\nL.214-1 du code de l'environnement et de mise en place des p\u00e9rim\u00e8tres de protection au titre de\nl'article L. 1321-2 du code de la sant\u00e9 publique ;\n\u2022enqu\u00eate  pr\u00e9alable  \u00e0  l'autorisation  pr\u00e9fectorale  de  distribuer  au  public  l'eau  destin\u00e9e  \u00e0  la\nconsommation humaine, en application de l'article L1321-7 du code de la sant\u00e9 publique.\nL'enqu\u00eate se d\u00e9roulera sur le territoire de la commune de Saint-Lary du mardi 2 avril 2024 \u00e0 10h au\nvendredi 3 mai 2024 \u00e0 12h . La mairie de Saint-Lary est le si\u00e8ge de l'enqu\u00eate.\n2 rue de la Pr\u00e9fecture - Pr\u00e9fet Claude - Erignac B.P . 40087 - 09007 Foix Cedex \u2013 T\u00e9l : 05 61 02 10 00\nSite internet : www.ariege.gouv.fr09 \u25a1 PREFECTURE - DIRECTION DE LA COORDINATION INTERMINISTERIELLE ET DE L'APPUI TERRITORIAL - 09-2024-03-05-00001 -\nArr\u00eat\u00e9 pr\u00e9fectoral portant ouverture d\u25a1 enqu\u00eate publique unique sur le territoire de Saint-Lary (09800) relative au captage de Caou\nDequ\u00e9 Les Plagnous en application de l\u25a1article L.215-13 du code de l\u25a1environnement et de l\u25a1article L.1321-2 du code de la sant\u00e9\npublique3\nArticle 2\nM. Christian LOPEZ, d\u00e9sign\u00e9 en qualit\u00e9 de commissaire enqu\u00eateur  par le tribunal administratif de\nToulouse, assurera des permanences \u00e0 la mairie de Saint-Lary, s i\u00e8ge de l'enqu\u00eate, afin de recevoir les\nobservations du publi c :\n\u2022le mardi 2 avril 2024 de 10h \u00e0 12h30,\n\u2022le samedi 20 avril 2024 de 10h \u00e0 12h30,\n\u2022le vendredi 3 mai 2024 de 10h  \u00e0 12h.\nArticle 3\nMise \u00e0 disposition du dossier d'enqu\u00eate\nUn dossier restera d\u00e9pos\u00e9 \u00e0 la mairie de Saint-Lary pendant toute la dur\u00e9e de l'enqu\u00eate, o\u00f9 le public\npourra en prendre connaissance aux jours et heures d'ouverture des bureaux de la mairie. Ce dossier est\n\u00e9galement disponible aux heures de pr\u00e9sence du commissaire enqu\u00eateur pr\u00e9cis\u00e9es \u00e0 l'article 2 du\npr\u00e9sent arr\u00eat\u00e9. \nPendant la dur\u00e9e de l'enqu\u00eate, le dossier de l'enqu\u00eate est mis en ligne sur le site des services de l'\u00c9tat de\nl'Ari\u00e8ge : https://www.ariege.gouv.fr/Publications/Enquetes-publiques/CAPTAGES-DUP .\nUn acc\u00e8s gratuit au dossier de l'enqu\u00eate publique est garanti par la mise \u00e0 disposition d'un poste\ninformatique \u00e0 la pr\u00e9fecture de l'Ari\u00e8ge.\nObservations du public\nLes personnes int\u00e9ress\u00e9es pourront consigner sur le registre d'enqu\u00eate ouvert \u00e0 cet effet dans la mairie\nde Saint-Lary  leurs observations relatives \u00e0  :\n\u2022l'utilit\u00e9 publique des travaux de d\u00e9rivation des eaux  du captage de \u00ab Caou Dequ\u00e9 Les Plagnous\u00bb\nau titre des articles L. 215-13 et L.214-1 du code de l'environnement et de mise en place des\np\u00e9rim\u00e8tres de protection au titre de l'article L. 1321-2 du code de la sant\u00e9 publique sur la\ncommune de Saint-Lary  ;\n\u2022\u00e0 l'autorisation pr\u00e9fectorale de distribuer au public l'eau destin\u00e9e \u00e0 la consommation humaine,\nen application de l'article L1321-7 du code de la sant\u00e9 publique.\nLes observations, propositions et contre-propositions pourront \u00eatre \u00e9galement adress\u00e9es au plus tard le\nvendredi 3 mai 2024 \u00e0 12h,  par correspondance directement \u00e0 Monsieur le commissaire enqu\u00eateur au\nsi\u00e8ge  de  l'enqu\u00eate  : Mairie  de  Saint-Lary  -   Route  de  Portet  -  09800  Saint-Lary,  o u  par  courrier\n\u00e9lectronique  sur  la  bo\u00eete  fonctionnelle  de  la  pr\u00e9fecture  \u00e0  l'adresse  suivante  :  pref-utilite-\npublique@ariege.gouv.fr .\nLes observations et propositions du public transmises par voie postale ou par courriel sont consultables\ndans la mairie de Saint-Lary. Les observations et propositions du public transmises par voie \u00e9lectronique\nsont  consultables  sur  le  site  internet  des  services  de  l'\u00c9tat  de  l'Ari\u00e8ge  :\nhttps://www.ariege.gouv.fr/Publications/Enquetes-publiques/CAPTAGES-DUP .\nArticle 4\nPublication dans la presse\nUn avis au public faisant conna\u00eetre l'ouverture de l'enqu\u00eate sera publi\u00e9 par les soins du pr\u00e9fet en\ncaract\u00e8res apparents 15 jours au moins avant le d\u00e9but de l'enqu\u00eate et rappel\u00e9 dans les 8 premiers jours\nde celle-ci dans les journaux \u00ab  La D\u00e9p\u00eache du Midi  \u00bb et \u00ab La Gazette ari\u00e9geoise  \u00bb aux dates suivantes  :\n\u2022le mardi 12 mars 2024 et le mardi 2 avril 2024 dans la D\u00e9p\u00eache du Midi,\n\u2022le vendredi 15 mars 2024 et le vendredi 5 avril 2024 dans la Gazette ari\u00e9geoise.\nUn exemplaire de chacune des parutions sera annex\u00e9 au dossier.\nAffichage en mairie\nCet avis sera par ailleurs publi\u00e9 par voie d'affiches \u00e0 la diligence du maire, et \u00e9ventuellement par tous\nautres proc\u00e9d\u00e9s en usage dans la commune 15 jours au moins avant le d\u00e9but de l'enqu\u00eate et pendant\ntoute la dur\u00e9e de celle-ci en mairie de Saint-Lary. Ces formalit\u00e9s seront justifi\u00e9es par un certificat du\nmaire, qui sera annex\u00e9 au dossier.\nAffichage sur le site du projet\nQuinze jours au moins avant le d\u00e9but de l'enqu\u00eate et pendant toute la dur\u00e9e de celle-ci, la pr\u00e9sidente\ndu syndicat mixte d\u00e9partemental de l'eau et de l'assainissement de l'Ari\u00e8ge (SMDEA) proc\u00e9dera \u00e0\nl'affichage du m\u00eame avis sur les lieux pr\u00e9vus pour la r\u00e9alisation du projet. Ces affiches doivent \u00eatre\nvisibles et lisibles des voies publiques, et \u00eatre \u00e9tablies selon les modalit\u00e9s d\u00e9finies par l'arr\u00eat\u00e9 minist\u00e9riel\ndu 9 septembre 2021 susmentionn\u00e9.\n209 \u25a1 PREFECTURE - DIRECTION DE LA COORDINATION INTERMINISTERIELLE ET DE L'APPUI TERRITORIAL - 09-2024-03-05-00001 -\nArr\u00eat\u00e9 pr\u00e9fectoral portant ouverture d\u25a1 enqu\u00eate publique unique sur le territoire de Saint-Lary (09800) relative au captage de Caou\nDequ\u00e9 Les Plagnous en application de l\u25a1article L.215-13 du code de l\u25a1environnement et de l\u25a1article L.1321-2 du code de la sant\u00e9\npublique4\nMise en ligne sur le site internet des services de l'\u00c9tat en Ari\u00e8ge\nL'avis  d'enqu\u00eate  sera  \u00e9galement  consultable  sur  le  site  des  services  de  l'\u00c9tat  de  l'Ari\u00e8ge  :\nhttps://www.ariege.gouv.fr/Publications/Enquetes-publiques/CAPTAGES-DUP .\nArticle 5\nA l'expiration du d\u00e9lai d'enqu\u00eate, le registre sera clos p ar le commissaire enqu\u00eateur.\nArticle 6\nD\u00e8s r\u00e9ception du registre et des documents annex\u00e9s, le commissaire enqu\u00eateur rencontrera dans la\nhuitaine le demandeur et lui communiquera les observations \u00e9crites et orales consign\u00e9es dans un\nproc\u00e8s-verbal de synth\u00e8se, et l'invitera \u00e0 produire, dans un d\u00e9lai de quinze jours, ses observations et\nr\u00e9ponses \u00e9ventuelles.\nArticle 7\nLe commissaire enqu\u00eateur, apr\u00e8s avoir examin\u00e9 les observations consign\u00e9es ou annex\u00e9es au registre et\navoir entendu toute personne qu'il jugera utile de consulter, transmettra son rapport dans un d\u00e9lai d'un\nmois \u00e0 compter de la date de cl\u00f4ture de l'enqu\u00eate au pr\u00e9fet de l'Ari\u00e8ge (Direction de la Coordination\nInterminist\u00e9rielle et de l'Appui Territorial) sous format papier et \u00e9lectronique.\nLe rapport sera accompagn\u00e9 des conclusions motiv\u00e9es en pr\u00e9cisant si elles sont favorables, favorables\nsous r\u00e9serves ou d\u00e9favorables \u00e0 :\n\u2022la d\u00e9claration d'utilit\u00e9 publique de l'op\u00e9ration,\n\u2022l'autorisation de d\u00e9livrer de l'eau en vue de la consommation humaine.\nArticle 8\nUne copie \u00ab papier \u00bb du rapport dans lequel le commissaire enqu\u00eateur \u00e9nonce ses conclusions sera\nd\u00e9pos\u00e9e dans la mairie de Saint-Lary, ainsi qu'\u00e0 la pr\u00e9fecture de l'Ari\u00e8ge (Direction de la Coordination\nInterminist\u00e9rielle  et  de  l'Appui  Territorial).  Toute  personne  physique  ou  morale  concern\u00e9e  pourra\ndemander communication de ces documents. Une version num\u00e9rique de ce rapport sera \u00e9galement\nmise  en  ligne  sur  le  site  internet  des  services  de  l'\u00c9tat  en  Ari\u00e8ge  \u00e0  l'adresse  suivante  :\nhttps://www.ariege.gouv.fr/Publications/Enquetes-publiques/CAPTAGES-DUP .\nArticle 9\nLe secr\u00e9taire g\u00e9n\u00e9ral de la pr\u00e9fecture de l'Ari\u00e8ge, le commissaire enqu\u00eateur, la pr\u00e9sidente du syndicat\nmixte d\u00e9partemental de l'eau de l'Ari\u00e8ge, le maire de Saint-Lary sont charg\u00e9s, chacun en ce qui le\nconcerne,  de  l'ex\u00e9cution  du  pr\u00e9sent  arr\u00eat\u00e9,  qui  sera  publi\u00e9  au  recueil  d\u00e9partemental  des  actes\nadministratifs de la pr\u00e9fecture de l'Ari\u00e8ge.\nFait \u00e0 Foix, le 5 mars 2024\nPour le Pr\u00e9fet et par d\u00e9l\u00e9gation,\nLe Secr\u00e9taire g\u00e9n\u00e9ral\nSign\u00e9\nJean-Philippe DARGENT\n309 \u25a1 PREFECTURE - DIRECTION DE LA COORDINATION INTERMINISTERIELLE ET DE L'APPUI TERRITORIAL - 09-2024-03-05-00001 -\nArr\u00eat\u00e9 pr\u00e9fectoral portant ouverture d\u25a1 enqu\u00eate publique unique sur le territoire de Saint-Lary (09800) relative au captage de Caou\nDequ\u00e9 Les Plagnous en application de l\u25a1article L.215-13 du code de l\u25a1environnement et de l\u25a1article L.1321-2 du code de la sant\u00e9\npublique5\nCentre  Hospitalier\nAri\u00e8ge-Couserans\nCENTRE  HOSPITALIER  ARIEGE-COUSERANS\nBP 60111  \u2014 09201  SAINT-GIRONS  CEDEX\nD\u00c9CISION  N\u00b08-2024\nPortant  continuit\u00e9  de la Direction  dans  le cadre  des  gardes  de direction\nLe Directeur  du Centre  Hospitalier  Ari\u00e8ge-Couserans\net de l'Etablissement  Public  M\u00e9dico-Social  \u00ab La Vergni\u00e8re  \u00bb,\nVu _ laloi\u00abH\u00f4pital  Patients  Sant\u00e9  Territoire  \u00bb du 21 juillet  2009,\nVu le d\u00e9cret  n\u00b02009-1765  du 30 d\u00e9cembre  2009  relatif  au Directeur  el aux  membres  du Directoire  des\n\u00e9tablissements  publics  de sant\u00e9,\nVu _ le Code  de la Sant\u00e9  Publique,  et plus  particuli\u00e8rement  les articles  L 6143-7,  L6145-16,  R6143-38,  R 6145-\n70, et D 6143-33  \u00e0 6143-35,\nVu _ laloin\u00b02016-41  du 26 janvier  2016  de modernisation  de notre  syst\u00e8me  de sant\u00e9,\nVu _ l'organigramme  en vigueur  au 17 janvier  2024,\nVu l'ar\u00eat\u00e9  du Centre  National  de Gestion  du 27 juillet  2023  d\u00e9tachant  Monsieur  Olivier  PONTI\u00c8S  dans\nl'emploi  fonctionnel  de Directeur  du Centre  Hospitalier  Ari\u00e8ge-Couserans  et de l'Etablissement  Public\nM\u00e9dico-Social  \u00ab La Vergni\u00e8re  \u00bb \u00e0 compter  du 16 ao\u00fbt  2023,\nVu _ le proc\u00e8s-verbal  du 16 ao\u00fbt  2023,  installant  Monsieur  Olivier  PONTI\u00c8S  dans  ses fonctions  \u00e0 la m\u00eame  date,\nDECIDE\nArticle  1\nPour  assurer  la continuit\u00e9  de la Direction  dans  le cadre  des  gardes  de direction  :\n. Monsieur  S\u00e9bastien  CHAMBOURG,\n. Madame  Sandrine  COUMAILLEAU,\n. Monsieur  Charly  DUCONGE,\n. Madame  Catherine  HARDY,\n. Monsieur  Thieny-Jacques  KIREMIDHAN,\n. Monsieur  G\u00e9rard  SCHAUMBURG,\nont  pour  mission  d'assurer  les gardes  de direction.\nDans  le cadre  de cette  mission,  les int\u00e9ress\u00e9s  ont  comp\u00e9tence  pour  prendre  les mesures  n\u00e9cessit\u00e9es  par\nI'urgence  et les mesures  strictement  n\u00e9cessaires  \u00e0 la continuit\u00e9  du fonctionnement  du Centre  Hospitalier\nAriege-Couserans  y compiris  si besoin,  les mesures  d'assignation  des  agents  au travail,  ainsi  que  les mesures\nrelatives  aux  hospitalisations  sous  contraintes.\n172\n09 \u25a1 PREFECTURE DE L\u25a1ARIEGE \u25a1 DIRECTION DE LA COORDINATION INTERMINISTERIELLE ET DE L\u25a1APPUI TERRITORIAL -\n09-2024-03-01-00001 -  D\u00e9cision N\u00b08-2024, relative \u00e0 la continuit\u00e9 de la Direction dans le cadre des gardes de direction 6\nArticle  2\nD\u00e9l\u00e9gation  de signature  est donn\u00e9e  \u00e0 cette  fin \u00e0 :\n. Monsieur  S\u00e9bastien  CHAMBOURG,\n. Madame  Sandrine  COUMAILLEAU,\n. Monsieur  Charly  DUCONGE,\n. Madame  Catherine  HARDY,\n. Monsieur  Thierry-Jacques  KIREMIDJIAN,\n. Monsieur  G\u00e9rard  SCHAUMBURG,\nafin  de signer  tous  les actes  et documents  relevant  du champ  des  attributions  d\u00e9finies  \u00e0 l'article  1\u00b0 ci-dessus.\nArticle  3\nLa pr\u00e9sente  d\u00e9cision  est publi\u00e9e  au Recueil  des  Actes  Administratifs.\nArticle  4\nLa pr\u00e9sente  d\u00e9cision  prendra  effet  \u00e0 compter  du 1c\" mars  2024.\nREMIDJIAN\nFait  \u00e0 Saint-Li\n2/?\n09 \u25a1 PREFECTURE DE L\u25a1ARIEGE \u25a1 DIRECTION DE LA COORDINATION INTERMINISTERIELLE ET DE L\u25a1APPUI TERRITORIAL -\n09-2024-03-01-00001 -  D\u00e9cision N\u00b08-2024, relative \u00e0 la continuit\u00e9 de la Direction dans le cadre des gardes de direction 7\nCENTRE  HOSPITALIER  ARIEGE-COUSERANS\nBP 60111  \u2014- 09201  SAINT-GIRONS  CEDEX\nDECISION  N\u00b0 9-2024\nPortant  d\u00e9l\u00e9gation  de signature  \u00e0 Monsieur  S\u00e9bastien  CHAMBOURG,\nDirecteur  Adjoint  charg\u00e9  des  Finances  et de l'Investissement\nLe Directeur  du Centre  Hospitalier  Ari\u00e8ge-Couserans\net de l'Etablissement  Public  M\u00e9dico-Social  \u00ab La Vergni\u00e8re  \u00bb,\nVu _ laloi  \u00ab H\u00f4pital  Patients  Sant\u00e9  Territoire  \u00bb du 21 juillet  2009,\nVu le d\u00e9cret  n\u00b02009-1765  du 30 d\u00e9cembre  2009  relalif  au Directeur  et aux  membres  du Directoire  des\n\u00e9tablissements  publics  de sant\u00e9,\nVu le Code  de la Sant\u00e9  Publique,  et plus  particuli\u00e8rement  les articles  L 6143-7,  L6145-16,  R6143-38,  R 6145-\n70, et D 6143-33  \u00e0 6143-35,\nVu \u2014 laloin\u00b02016-41  du 26 janvier  2016  de modernisation  de notre  syst\u00e8me  de sant\u00e9,\nVu l'organigramme  en vigueur  au 17 janvier  2024,\nVu l'arr\u00eat\u00e9  du Centre  National  de Gestion  du 27 juillet  2023  d\u00e9tachant  Monsieur  Olivier  PONTI\u00c8S  dans\nl'emploi  fonctionnel  de Directeur  du Centre  Hospitalier  Ariege  Couserans  et de l'Etablissement  Public\nM\u00e9dico-Social  \u00ab La Vergni\u00e8re  \u00bb \u00e0 compter  du 16 ao\u00fbt  2023,\nVu \u2014 le proc\u00e8s-verbal  du 16 ao\u00fbt  2023,  installant  Monsieur  Olivier  PONTIES  dans  ses fonctions  \u00e0 la m\u00eame  date,\nVu le contrat  de travail  \u00e0 dur\u00e9e  ind\u00e9termin\u00e9e  de Monsieur  S\u00e9bastien  CHAMBOURG  sign\u00e9\nle 13 novembre  2024  pour  une  prise  de fonctions  le 1er mars  2024.\nDECIDE\nArticle  1\nLes fonctions  de Directeur  Adjoint  charg\u00e9  des  Finances  et de l'investissement  du Centre  Hospitalier  Ari\u00e8ge-\nCouserans  et de l'EPMS  La Vergni\u00e8re  sont  attribu\u00e9es  \u00e0 Monsieur  S\u00e9bastien  CHAMBOURG.\nCes  fonctions  comprennent  celles  d'ordonnateur  d\u00e9l\u00e9gu\u00e9  selon  la d\u00e9l\u00e9gation  de signature  ci-apr\u00e8s.\n1/2\n09 \u25a1 PREFECTURE DE L\u25a1ARIEGE \u25a1 DIRECTION DE LA COORDINATION INTERMINISTERIELLE ET DE L\u25a1APPUI TERRITORIAL -\n09-2024-03-01-00002 - D\u00e9cision N\u00b09-2024 portant d\u00e9l\u00e9gation de signature \u00e0 M. S\u00e9bastien CHAMBOURG, Directeur Adjoint charg\u00e9 des\nFinances et de l\u25a1Investissement au Centre Hospitalier Ari\u00e8ge-Couserans.8\nArticle  2\nMonsieur  S\u00e9bastien  CHAMBOURG  re\u00e7oit  d\u00e9l\u00e9gation  de signature,  \u00e0 ce titre,  pour  les actes  suivants  :\n. les bordereaux  de titres  de receties,\n.les  bordereaux  de mandats  de paiement,\n.les  op\u00e9rations  de lirage  sur ligne  de tr\u00e9sorerie,\n.les  op\u00e9rations  de tirage  sur emprunt,\nles  op\u00e9rations  de remboursement  sur ligne  de tr\u00e9sorerie,\nes  liquidations  el justifications  de service  faites  sur les factures  imputables  aux  cr\u00e9dits  dont  il a la gestion,\nles  noles  d'information  relatives  \u00e0 son  secteur  d'activit\u00e9  en cas  d'emp\u00eachement  du Chef  d'\u00e9tablissement,\nles  dOcuments  relatifs  \u00e0 I'organisalion  du travail,  des  cong\u00e9s,  des  autorisations  d'absence  et les \u00e9valuations\ndes  personnels  plac\u00e9s  sous  son  autorit\u00e9,\n.les  autorisations  de poursuite,\n. tous  les couniers  relevant  de ses atiributions  sauf  ceux  adress\u00e9s  aux  autorit\u00e9s  de tutelle  et aux  autorit\u00e9s\npubliques,\n. les autorisations  de transports  de corps  sans  mise  en bi\u00e8re  et prise  en charge  \u00e0 des  fins  d'examens,\npr\u00e9levements  et autopsie  \u00e0 but  scientifique,\n. les autorisations  de transports  de corps  avant  mise  en bi\u00e8re  des  personnes  d\u00e9c\u00e9d\u00e9es  dans  l'\u00e9tablissement,\n.les  demandes  de mesures  de protection  adresses  au Juges  des  tutelles.\nArticle  3\nCette  d\u00e9l\u00e9gation  de signature  doit  \u00eatre  exerc\u00e9e  dans  le strict  respect  des  autorisations  budg\u00e9taires,  des\nd\u00e9cisions  et instructions  du Directeur,  du respect  des  lois,  r\u00e8glements  et dispositions  en vigueur.\nArticle  4\nDans  le cadre  de cette  d\u00e9l\u00e9gation,  il appartient  \u00e0 Monsieur  S\u00e9bastien  CHAMBOURG  de rendre  compte  au\nDirecteur  du suivi  de ces  affaires.\nArticle  5\nLa pr\u00e9sente  d\u00e9cision  prendra  effet  \u00e0 compter  du ler mars  2024.\nArticle  6\nLa pr\u00e9sente  d\u00e9cision  est publi\u00e9e  au Recueil  des  Actes  Administratifs,  fera  I'objet  d'une  information  du Conseil\nde Surveillance  et sera  fransmise  au Comptable  de l'\u00e9tablissement.\n2/2\n09 \u25a1 PREFECTURE DE L\u25a1ARIEGE \u25a1 DIRECTION DE LA COORDINATION INTERMINISTERIELLE ET DE L\u25a1APPUI TERRITORIAL -\n09-2024-03-01-00002 - D\u00e9cision N\u00b09-2024 portant d\u00e9l\u00e9gation de signature \u00e0 M. S\u00e9bastien CHAMBOURG, Directeur Adjoint charg\u00e9 des\nFinances et de l\u25a1Investissement au Centre Hospitalier Ari\u00e8ge-Couserans.9\nPR\u00c9  FET  Cabinet\n, = Direction  des  s\u00e9curit\u00e9sDE LARI  EGE Service  interminist\u00e9riel  de d\u00e9fense  et de protection  civile\nL'ibert\u00e9\nEgalit\u00e9  Courriel  : pref-defense-protection-civile@ariege.gouv.fr\nFraternit\u00e9\nArr\u00e9t\u00e9  pr\u00e9fectoral  portant  d\u00e9signation  d'un  fonctionnaire  habilit\u00e9  \u00e0 pr\u00e9sider  [a commission\nd'arrondissement  de Pamiers  contre  les risques  d'incendie  et de panique  dans  les \u00e9tablissements\nrecevant  du public\nLe pr\u00e9fet  de l'Ari\u00e8ge\nVu le code  g\u00e9n\u00e9ral  des  collectivit\u00e9s  territoriales  ;\nVu le code  de la construction  et de l'habitation  ;\nVu le code  de l'urbanisme  ;\nVu le d\u00e9cret  n\u00b0 95.260  du 8 mars  1995  modifi\u00e9,  relatif  \u00e0 la commission  consultative  d\u00e9partementale  de\ns\u00e9curit\u00e9  et d'accessibilit\u00e9  ;\nVu le d\u00e9cret  n\u00b0 97.645  du 31 mai  1997  modifiant  le d\u00e9cret  susvis\u00e9  ;\nVu le d\u00e9cret  n\u00b0 2004160  du 17 f\u00e9vrier  2004  modifiant  le decret  n\u00b0 95.260  du 8 mars  1995  relatif  \u00e0 la\ncommission  consultative  d\u00e9partementale  de s\u00e9curit\u00e9  et d'accessibilit\u00e9  ;\nVu le d\u00e9cret  du Pr\u00e9sident  de la R\u00e9publique  du 13 juillet  2023,  nommant  Monsieur  Simon  BERTOUX  en\nqualit\u00e9  de pr\u00e9fet  de l'Ari\u00e8ge  ;\nVu l'arr\u00eat\u00e9  pr\u00e9fectoral  du 15 juin  2023  relatif  \u00e0 la commission  consultative  d\u00e9partementale  de la s\u00e9curit\u00e9\net d'accessibilit\u00e9,  \u00e0 ses sous-commissions  sp\u00e9cialis\u00e9es  et aux  commissions  d'arrondissement  ;\nVu l'arr\u00e9t\u00e9  pr\u00e9fectoral  du 15 novembre  2023  portant  d\u00e9l\u00e9gation  de signature  \u00e0 Monsieur  Guillaume\nAFONSO,  directeur  de cabinet  du pr\u00e9fet  de l'Ari\u00e8ge  ;\nSur  proposition  du sous-pr\u00e9fet,  directeur  de cabinet  ;\nARRETE\nArticle  1 :\nEn cas  d'absence  ou d'emp\u00eachement  simultan\u00e9  de Monsieur  le sous-pr\u00e9fet  de l'arrondissement  de\nPamiers,  des  autres  membres  du corps  pr\u00e9fectoral  ainsi  que  de la secr\u00e9taire  g\u00e9n\u00e9rale  de la sous-\npr\u00e9fecture  de Pamiers,  la pr\u00e9sidence  de la commission  d'arrondissement  de Pamiers  pour  la s\u00e9curit\u00e9\ncontre  les risques  d'incendie  et de panique  dans  les ERP  est assur\u00e9e  par  l'adjoint  de la secr\u00e9taire\ng\u00e9n\u00e9rale,  Monsieur  Bastien  LHUILLIER,  secr\u00e9taire  administratif  de classe  normale,  ou par  Monsieur\nRomain  COSTIL,  charg\u00e9  de mission  au d\u00e9veloppement  territorial,  secr\u00e9taire  administratif  de classe\nnormale.\nArticle  2 :\nLe directeur  de cabinet  de la pr\u00e9fecture  de l'Ari\u00e8ge  et le sous-pr\u00e9fet  de l'arrondissement  de Pamiers\nsont  charg\u00e9s  chacun  en ce qui le concerne,  de l'ex\u00e9cution  du pr\u00e9sent  arr\u00eat\u00e9  qui sera  publi\u00e9  au recueil\ndes  actes  administratifs  de la pr\u00e9fecture.\n09 \u25a1 PREFECTURE \u25a1 DIRECTION DU CABINET - 09-2024-03-01-00003 - Arr\u00eate pr\u00e9fectoral portant d\u00e9signation d'un fonctionnaire\nhabilit\u00e9 \u00e0 pr\u00e9sider la commission   d'arrondissement de Pamiers contre les risques d'incendie et de panique dans les \u00e9tablissements\nrecevant du public10\nEx\nPR\u00c9FET  .\nDE L'ARI\u00c8GE\nL'z'berte'\nEgalit\u00e9\nFraternit\u00e9\nDIRECTION D\u00c9PARTEMENTALE DES TERRITOIRES\nService \u00e9conomie agricole\nArr\u00eat\u00e9 pr\u00e9fectoral portant autorisation de la r\u00e9duction du p\u00e9rim\u00e8tre \nde l'association fonci\u00e8re pastorale de MERENS LES VALS - LE SOULEILLA\nLe pr\u00e9fet de l'Ari\u00e8ge\nVule code rural et de la p\u00eache maritime, notamment ses articles L 131-1, L 135-1 \u00e0 L 135-12 et\nR 131-1, R 135-2 \u00e0 R 135-9 relatifs aux associations fonci\u00e8res pastorales ;\nVul'ordonnance n\u00b02004-632 du 1er juillet 2004 modifi\u00e9e relative aux associations syndicales de\npropri\u00e9taires ;\nVule d\u00e9cret n\u00b02006-504 du 3 mai 2006 modifi\u00e9 portant application de l'ordonnance susvis\u00e9e ;\nVula circulaire INTB0700081C du 11 juillet 2007 de Monsieur le Ministre de l'Int\u00e9rieur, de l'Outre-\nMer et des Collectivit\u00e9s Territoriales relative aux associations syndicales de propri\u00e9taires ;\nVu l'arr\u00eat\u00e9 pr\u00e9fectoral du  01/10/1998  autorisant l'association fonci\u00e8re pastorale  de M\u00e9rens les\nVals \u2013 le Souleilla ;\nVul'arr\u00eat\u00e9 pr\u00e9fectoral du 05/06/2009 portant autorisation de la modification des statuts de\nl'association fonci\u00e8re pastorale de M\u00e9rens les Vals \u2013 le Souleilla pour notamment leur mise\nen conformit\u00e9 ;\nVul'arr\u00eat\u00e9 pr\u00e9fectoral du 02/04/2019 portant autorisation de la modification des statuts de\nl'association fonci\u00e8re pastorale de M\u00e9rens les Vals \u2013 le Souleilla  pour  la prorogation de la\ndur\u00e9e de vie de ladite association jusqu'au 30/09/2038 ;\nVule dossier dress\u00e9 en vue de la r\u00e9duction du p\u00e9rim\u00e8tre de l'association fonci\u00e8re pastorale  de\nM\u00e9rens les Vals \u2013 le Souleilla re\u00e7u le 03/11/2023 et compl\u00e9t\u00e9 le 14/02/2024 ;\nVula  d\u00e9lib\u00e9ration  du  06/10/2023  re\u00e7ue  le  03/11/2023  du  syndicat  de  l'association  fonci\u00e8re\npastorale de  M\u00e9rens  les  Vals  \u2013  le  Souleilla,  autorisant  la  distraction  de  deux  parcelles\nrepr\u00e9sentant une surface totale de 0,0480 ha ;\nVule plan local d'urbanisme approuv\u00e9 par d\u00e9lib\u00e9ration du conseil municipal de M\u00e9rens les Vals\ndu 23 d\u00e9cembre 2016 et rendu opposable aux tiers \u00e0 compter du 06 f\u00e9vrier 2017 ;\nVul'arr\u00eat\u00e9 pr\u00e9fectoral du 21/08/2023 portant d\u00e9l\u00e9gation de signature \u00e0 monsieur St\u00e9phane\nDEFOS, directeur d\u00e9partemental des territoires de l'Ari\u00e8ge et la d\u00e9cision DDT 2023-06 du\n29/08/2023 du directeur d\u00e9partemental des territoires de l'Ari\u00e8ge donnant subd\u00e9l\u00e9gation de\nsignature \u00e0 certains agents pour l'exercice des comp\u00e9tences administratives, d'ordonnateur\nsecondaire d\u00e9l\u00e9gu\u00e9 et pour les fonctions d\u00e9volues au pouvoir adjudicateur ; \nConsid\u00e9rant  que  l es parcelles susvis\u00e9es \u00e0  distraire  du  p\u00e9rim\u00e8tre  de  l'association  fonci\u00e8re\npastorale de M\u00e9rens les Vals \u2013 le Souleilla  n'ont plus d'int\u00e9r\u00eat manifeste et direct \u00e0 l'objet de\nl'association fonci\u00e8re pastorale en raison de la perte de leur vocation pastorale et agricole\net  \u00e9tant  donn\u00e9  leur  situation  en  zone  urbaine  d\u00e9finie  dans  le  cadre  du  plan  local\nd'urbanisme susvis\u00e9  ;\nSur proposition du secr\u00e9taire g\u00e9n\u00e9ral de la pr\u00e9fecture de l'Ari\u00e8ge :\nA R R \u00ca T E\n10 rue des Salenques \u2013 BP 10102 - 09007 FOIX CEDEX\nT\u00e9l\u00e9phone : 05 61 02 47 00 / m\u00e9l : ddt@ariege.gouv.fr\nSite internet :   www.ariege.gouv.fr  \n09-DIRECTION DEPARTEMENTALE DES TERRITOIRES - SERVICE ECONOMIE AGRICOLE - 09-2024-02-27-00002 - Arr\u00eat\u00e9 pr\u00e9fectoral\nportant autorisation de la r\u00e9duction du p\u00e9rim\u00e8tre de l\u25a1association fonci\u00e8re pastorale de MERENS LES VALS - LE SOULEILLA 11\nN\\\nArticle 1     :  \nLes deux parcelles ci-apr\u00e8s  sont distraites du p\u00e9rim\u00e8tre de l'association fonci\u00e8re pastorale de\nM\u00e9rens les Vals - le Souleilla.\nNum\u00e9ro de parcelle cadastrale Surface cadastrale Lieu dit\nA1401 0,0268 ha Soulans\nA1402 0,0212 ha Soulans\nTOTAL 0,0480 ha\nLa nouvelle surface de l'association fonci\u00e8re pastorale de M\u00e9rens les Vals \u2013 le Souleilla s'\u00e9tablit \u00e0\n168,1474 ha  (sous r\u00e9serve de modifications mineures des donn\u00e9es cadastrales des parcelles\nconstitutives de son p\u00e9rim\u00e8tre) .\nArticle 2   :  \nLe pr\u00e9sent arr\u00eat\u00e9 sera affich\u00e9 dans la commune de M\u00e9rens les Vals pendant 15 jours au moins,\ndans un d\u00e9lai de 15 jours \u00e0 compter de la date de sa publication .\nLe pr\u00e9sent arr\u00eat\u00e9 sera \u00e9galement ins\u00e9r\u00e9 au recueil d\u00e9partemental des actes administratifs et\nnotifi\u00e9 aux propri\u00e9taires concern\u00e9s et en cas d'indivision, \u00e0 celui ou ceux des co-indivisaires\nmentionn\u00e9s dans la documentation cadastrale.\nArticle 3   :  \nLe pr\u00e9sent arr\u00eat\u00e9 peut faire l'objet d'un recours devant le tribunal administratif de Toulouse\ndans un d\u00e9lai de deux mois \u00e0 compter de sa publication, de son affichage ou de sa notification.\nLe  tribunal  administratif  peut  \u00eatre  saisi  par  courrier  ou  par  l'application  informatique\nT\u00e9l\u00e9recours, accessible par le lien  : https//www.telerecours.fr\nA  rticle   4 :  \nLe secr\u00e9taire g\u00e9n\u00e9ral de la pr\u00e9fecture de l'Ari\u00e8ge, le directeur d\u00e9partemental des territoires, le\npr\u00e9sident de l'association fonci\u00e8re pastorale de M\u00e9rens les Vals - le Souleilla et le maire de\nM\u00e9rens les Vals sont charg\u00e9s, chacun en ce qui le concer ne, de l'ex\u00e9cution du pr\u00e9sent arr\u00eat\u00e9. \nFait \u00e0 Foix, le  27/02/2024\nPour la pr\u00e9f\u00e8te et par d\u00e9l\u00e9gation, \npour le directeur d\u00e9partemental des Territoires\net par subd\u00e9l\u00e9gation,\nle chef de service adjoint,\nsign\u00e9\n                                                                        \nJulien Enjalbert\n2/209-DIRECTION DEPARTEMENTALE DES TERRITOIRES - SERVICE ECONOMIE AGRICOLE - 09-2024-02-27-00002 - Arr\u00eat\u00e9 pr\u00e9fectoral\nportant autorisation de la r\u00e9duction du p\u00e9rim\u00e8tre de l\u25a1association fonci\u00e8re pastorale de MERENS LES VALS - LE SOULEILLA 12\nEx\nPR\u00c9FET  .\nDE L'ARI\u00c8GE\nL'z'berte'\nEgalit\u00e9\nFraternit\u00e9\nDIRECTION D\u00c9PARTEMENTALE DES TERRITOIRES\nService Economie Agricole\nArr\u00eat\u00e9 pr\u00e9fectoral portant autorisation de l'extension du p\u00e9rim\u00e8tre \nde l'association fonci\u00e8re pastorale  d'Auzat Saleix\nLe pr\u00e9fet de l'Ari\u00e8ge\nVu  le code  rural et de la p\u00eache maritime, notamment ses articles L 131-1, L 135-1 \u00e0 L 135-12 et\nR 131-1, R135-2 \u00e0 R 135-9 relatifs aux associations fonci\u00e8res pastorales  ;\nVu  l'ordonnance n\u00b02004-632 du 1er juillet 2004 modifi\u00e9e relative aux associations syndicales\nde  propri\u00e9taires, notamment les articles  13 et 37 ;\nVu   le  d\u00e9cret  n\u00b02006-504  du  3  mai  2006  modifi\u00e9  portant  application  de  l'ordonnance\nsusvis\u00e9e, notamment les article s 8, 9, 11 et 67 \u00e0 69 ; \nVu        la circulaire INTB0700081C du 11 juillet 2007 de Monsieur le Ministre de l'Int\u00e9rieur, de\nl'Outre-Mer  et  des  Collectivit\u00e9s  Territoriales  relative  aux  associations  syndicales  de\npropri\u00e9taires ;\nVul'arr\u00eat\u00e9  pr\u00e9fectoral  du  09/10/1998  autorisant  l'association  fonci\u00e8re  pastorale  d'Auzat\nSaleix sur le territoire de la commune d'Auzat ;\nVul'arr\u00eat\u00e9 pr\u00e9fectoral du 28/03/2008 portant autorisation de la modification des statuts de\nl'association fonci\u00e8re pastorale d'Auzat Saleix pour notamment leur mise en conformit\u00e9 ;\nVul'arr\u00eat\u00e9 pr\u00e9fectoral du 28/02/2014 autorisant la modification des statuts de l'association\nfonci\u00e8re pastorale d'Auzat Saleix pour notamment la prorogation sa  dur\u00e9e de  vie ;\nVul'arr\u00eat\u00e9 pr\u00e9fectoral du 05/09/2022 autorisant la modification des statuts de l'association\nfonci\u00e8re  pastorale  d'Auzat Saleix pour notamment leur mise \u00e0 jour  par rapport  aux\n\u00e9volutions r\u00e9glementaires  ;\nVu  la  d\u00e9lib\u00e9ration  du  syndicat  de  l'association  fonci\u00e8re  pastorale  d'Auzat  Saleix du\n06/02/2023  approuvant  le  projet  d'extension  (pour  une  surface  de  86,4757  ha)  du\np\u00e9rim\u00e8tre de l'association fonci\u00e8re pastorale susvis\u00e9e ;  repr\u00e9sentant 59,30% de la surface\ndu p\u00e9rim\u00e8tre de ladite association et demandant au Pr\u00e9fet de consulter les propri\u00e9taires\ndes surfaces constitutives de l'extension projet\u00e9e  ;\nVu  l'arr\u00eat\u00e9  pr\u00e9fectoral  du  2 8/09/2023  portant  ouverture  de  la  consultation  \u00e9crite  des\npropri\u00e9taires  des  parcelles  constitutives  du  projet  d'extension  du  p\u00e9rim\u00e8tre  de\nl'association fonci\u00e8re pastorale d'Auzat Saleix  ;\nVu  le proc\u00e8s-verbal du 27/11/2023 de la consultation \u00e9crite des propri\u00e9taires des parcelles\nconstitutives  du  projet  d'extension  du  p\u00e9rim\u00e8tre  de  l'association  fonci\u00e8re  pastorale\nd'Auzat Saleix constatant que les conditions de majorit\u00e9 sont atteintes pour permettre \u00e0\nl'assembl\u00e9e  g\u00e9n\u00e9rale  de  ladite  association  de  r\u00e9unir  les  propri\u00e9taires  du  p\u00e9rim\u00e8tre\nexistant et les propri\u00e9taires de l'extension pour d\u00e9lib\u00e9rer sur ce projet d'extension   \nVus le proc\u00e8s-verbal de l'assembl\u00e9e g\u00e9n\u00e9rale l'association fonci\u00e8re pastorale d'Auzat Saleix\nr\u00e9unissant, le 18/12/2023, les propri\u00e9taires des parcelles objet de la demande d'extension\ndu p\u00e9rim\u00e8tre et les propri\u00e9taires des parcelles du p\u00e9rim\u00e8tre existant et, la d\u00e9lib\u00e9ration\ncorrespondante  en  date  du  18/12/2023 validant  le  projet  d'extension  de  ladite\nassociation ; \n10 rue des Salenques \u2013 BP 10102 - 09007 FOIX CEDEX\nT\u00e9l\u00e9phone : 05 61 02 47 00 / m\u00e9l : ddt@ariege.gouv.fr\nSite internet :   www.ariege.gouv.fr  \n09-DIRECTION DEPARTEMENTALE DES TERRITOIRES - SERVICE ECONOMIE AGRICOLE - 09-2024-03-04-00001 - Arr\u00eat\u00e9 pr\u00e9fectoral\nportant autorisation de l\u25a1extension du p\u00e9rim\u00e8tre de l\u25a1association fonci\u00e8re pastorale  d\u25a1Auzat Saleix 13\nVu  le dossier d'enqu\u00eate publique pour le projet d'extension d'une surface de 86,4757 ha du\np\u00e9rim\u00e8tre de l'association fonci\u00e8re pastorale d'Auzat Saleix initialement \u00e9tabli \u00e0 145,8177\nha ;\nVu l'arr\u00eat\u00e9 pr\u00e9fectoral du  16/01/2024  prescrivant une enqu\u00eate publique du 22/01/2024 au\n10/02/2024 et la r\u00e9ception du public par le commissaire enqu\u00eateur du 12 au 14 f\u00e9vrier\n2024 sur le projet d'extension du p\u00e9rim\u00e8tre de l'association fonci\u00e8re pastorale d'Auzat\nSaleix sur le territoire de la commune d'Auzat ;\nVul'arr\u00eat\u00e9 pr\u00e9fectoral du 21/08/2023 portant d\u00e9l\u00e9gation de signature \u00e0 monsieur St\u00e9phane\nDEFOS, directeur d\u00e9partemental des territoires de l'Ari\u00e8ge et la d\u00e9cision DDT 2023-06\ndu  29/08/2023  du  directeur  d\u00e9partemental  des  territoires  de  l'Ari\u00e8ge  donnant\nsubd\u00e9l\u00e9gation  de  signature  \u00e0  certains  agents  pour  l'exercice  des  comp\u00e9tences\nadministratives, d'ordonnateur secondaire d\u00e9l\u00e9gu\u00e9 et pour les fonctions d\u00e9volues au\npouvoir adjudicateur ;  \nVu   le rapport du commissaire enqu\u00eateur en date 17 f\u00e9vrier 2024  ;\nConsid\u00e9rant que l'engagement d'acqu\u00e9rir les biens dont les propri\u00e9taires opteraient pour le\nd\u00e9laissement a \u00e9t\u00e9 pris par la commune  d'Auzat par d\u00e9lib\u00e9ration du 22/02/2023 ;\nConsid\u00e9rant  qu'il  r\u00e9sulte  du  proc\u00e8s-verbal  du  27/11/2023  de  la  consultation  \u00e9crite  des\npropri\u00e9taires  des  parcelles  constitutives  du  projet  d'extension  du  p\u00e9rim\u00e8tre  de\nl'association  fonci\u00e8re  pastorale  d'Auzat  Saleix  que  sur  336  propri\u00e9taires  consult\u00e9s\nrepr\u00e9sentant une surface de 86,4757 ha, 311 propri\u00e9taires repr\u00e9sentant une surface de\n80,5346 ha sont consid\u00e9r\u00e9s comme ayant adh\u00e9r\u00e9 au projet d'extension  ;\nConsid\u00e9rant  qu'il  r\u00e9sulte  du  d\u00e9compte  effectu\u00e9  par  l'assembl\u00e9e  g\u00e9n\u00e9rale  de  ladite\nassociation r\u00e9unie le 18/12/2023, d\u00fbment v\u00e9rifi\u00e9, que sur 442 propri\u00e9taires int\u00e9ress\u00e9s\nrepr\u00e9sentant  une  surface  de  232,2934  ha  ( soit  145,8177  ha  plus  86,4757 ha),  409\npropri\u00e9taires repr\u00e9sentant 218,4670 ha ont adh\u00e9r\u00e9 au projet d'extension d'une surface\nde 86,4757 ha du p\u00e9rim\u00e8tre de l'association  ;\nConsid\u00e9rant que les conditions de majorit\u00e9 fix\u00e9es par l'article L 135-3 du code rural et de la\np\u00eache maritime sont ainsi remplies ;\nConsid\u00e9rant la proposition du commissaire enqu\u00eateur d'exclure du p\u00e9rim\u00e8tre de l'extension\nprojet\u00e9e la parcelle D0795 en raison d'un projet de construction  ;\nConsid\u00e9rant cependant que ce projet de construction n'a donn\u00e9 lieu \u00e0 aucune d\u00e9claration\npr\u00e9alable de travaux ou aucune demande de permis de construire et l'int\u00e9r\u00eat agricole et\npastoral de la parcelle D0795 qui permet notamment de constituer une unit\u00e9 avec les\nparcelles de l'association fonci\u00e8re pastorale existante  et d'en faciliter l'acc\u00e8s ;\nConsid\u00e9rant  l'avis  favorable  du  commissaire  enqu\u00eateur  \u00e0  l'extension  du  p\u00e9rim\u00e8tre  de\nl'association fonci\u00e8re pastorale d'Auzat Saleix   ;\nSur proposition du secr\u00e9taire g\u00e9n\u00e9ral de la pr\u00e9fecture de l'Ari\u00e8ge :\nA R R \u00ca T E\nArticle 1 :\nLa parcelle D0795 repr\u00e9sentant 0,1425 ha, au lieu-dit \u00ab Scoumellos  \u00bb est maintenue dans le\np\u00e9rim\u00e8tre de l'extension du p\u00e9rim\u00e8tre de l'association fonci\u00e8re pastorale d'Auzat Saleix.\nL'extension du p\u00e9rim\u00e8tre de l'association fonci\u00e8re pastorale d'Auzat Saleix est autoris\u00e9e, sur\nune surface de 86,4757 ha.\nLa nouvelle surface de l'association fonci\u00e8re pastorale d'Auzat Saleix s'\u00e9tablit \u00e0 232,2934 ha\n(sous r\u00e9serve de modifications mineures des donn\u00e9es cadastrales des parcelles constitutives\nde son p\u00e9rim\u00e8tre).\n2/309-DIRECTION DEPARTEMENTALE DES TERRITOIRES - SERVICE ECONOMIE AGRICOLE - 09-2024-03-04-00001 - Arr\u00eat\u00e9 pr\u00e9fectoral\nportant autorisation de l\u25a1extension du p\u00e9rim\u00e8tre de l\u25a1association fonci\u00e8re pastorale  d\u25a1Auzat Saleix 14\nArticle 2   :  \nLe pr\u00e9sent arr\u00eat\u00e9 ainsi que les statuts de l'association seront affich\u00e9s dans la commune\nd'Auzat, pendant 15 jours au moins, dans un d\u00e9lai de 15 jours \u00e0 compter de la date de\npublication du pr\u00e9sent arr\u00eat\u00e9.\nLe pr\u00e9sent arr\u00eat\u00e9 sera \u00e9galement ins\u00e9r\u00e9 au recueil d\u00e9partemental des actes administratifs et\nnotifi\u00e9 aux propri\u00e9taires concern\u00e9s et, en cas d'indivision, \u00e0 celui ou ceux des co-indivisaires\nmentionn\u00e9s dans la documentation cadastrale.\nArticle   3   :\nLe pr\u00e9sent arr\u00eat\u00e9 peut faire l'objet d'un recours devant le tribunal administratif de Toulouse\ndans un d\u00e9lai de deux mois \u00e0 compter de son affichage ou de sa notification.\nLe  tribunal  administratif  peut  \u00eatre  saisi  par  courrier  ou  par  l'application  informatique\nT\u00e9l\u00e9recours, accessible par le lien  : https//www.telerecours.fr\nArticle   4   :\nLe secr\u00e9taire g\u00e9n\u00e9ral de la pr\u00e9fecture de l'Ari\u00e8ge,  le directeur d\u00e9partemental des territoires,\nle  maire  d'Auzat et  le  Pr\u00e9sident  de  l'association  fonci\u00e8re  pastorale  d' Auzat  Saleix sont\ncharg\u00e9s, chacun en ce qui le concerne, de l'ex\u00e9cution du pr\u00e9sent arr\u00eat\u00e9.\nFait \u00e0 Foix, le   04/03/2024\nsign\u00e9\nPour le pr\u00e9fet et par d\u00e9l\u00e9gation, \nle chef de service,\n,\n                                                                                     \nJulien ENJALBERT\n3/309-DIRECTION DEPARTEMENTALE DES TERRITOIRES - SERVICE ECONOMIE AGRICOLE - 09-2024-03-04-00001 - Arr\u00eat\u00e9 pr\u00e9fectoral\nportant autorisation de l\u25a1extension du p\u00e9rim\u00e8tre de l\u25a1association fonci\u00e8re pastorale  d\u25a1Auzat Saleix 15","date":"2024-03-05","first_seen_on":"2024-08-21T18:32:02+00:00","id":"cda645a727946c1e4106f61251553e51b137f91e2b2023ffe4ad53d2ff987d7b","name":"recueil-09-2024-022-recueil-des-actes-administratifs","pdf_creation_date":"2024-03-05T07:35:37+00:00","pdf_modification_date":null,"timezone":"Europe/Paris","url":"https://www.ariege.gouv.fr/contenu/telechargement/29418/199833/file/recueil-09-2024-022-recueil-des-actes-administratifs.pdf"}
