{"administration":"prefidf","administration_name":"Pr\u00e9fecture de la r\u00e9gion \u00cele-de-France","content":"PREFECTURE\nREGION ILE DE\nFRANCE\nRECUEIL DES ACTES\nADMINISTRATIFS SP\u00c9CIAL\n(NOMINATIFS)\nN\u00b0IDF-002-2026-02\nPUBLI\u00c9 LE  2 F\u00c9VRIER 2026\nSommaire\nAgence R\u00e9gionale de Sant\u00e9 / Agence r\u00e9gionale de sant\u00e9\nd'Ile-de-France-Direction de la Veille et S\u00e9curit\u00e9 Sanitaire\nIDF-2026-02-02-00005 - Arr\u00eat\u00e9 DEMOS CCI N\u00b02026/04\nmodifiant\nl'arr\u00eat\u00e9 n\u00b007/2025 relatif \u00e0 la nomination des membres de la\ncommission de conciliation\net d'indemnisation (CCI) des accidents\nm\u00e9dicaux, des affections iatrog\u00e8nes et des infections\nnosocomiales\nd'\u00cele-de-France du 20 f\u00e9vrier 2025 - Mandature 2023-2027 (4 pages) Page 3\nIDF-2026-02-02-00002 - Arr\u00eat\u00e9 DEMOS CPP N\u00b02026/03\nArr\u00eat\u00e9\nmodifiant l'arr\u00eat\u00e9 n\u00b02025/33 du 04 septembre 2025 relatif \u00e0 la\ncomposition\ndu Comit\u00e9 de Protection des Personnes \u00ab \u00cele-de-France\nII \u00bb (3 pages) Page 8\nIDF-2026-02-02-00004 - Arr\u00eat\u00e9 DEMOS CPP N\u00b02026/05\nmodifiant\nl'arr\u00eat\u00e9 n\u00b02025/44 du 20 novembre 2025 relatif \u00e0 la composition\ndu\nComit\u00e9 de Protection des Personnes \u00ab \u00cele-de-France VII \u00bb (3\npages) Page 12\nIDF-2026-02-02-00003 - Arr\u00eat\u00e9 DEMOS CPP N\u00b02026/6\nArr\u00eat\u00e9\nmodifiant l'arr\u00eat\u00e9 n\u00b02025/41 du 20 novembre 2025 relatif \u00e0 la\ncomposition\ndu Comit\u00e9 de Protection des Personnes \u00ab \u00cele-de-France\nXI \u00bb (3 pages) Page 16\nPr\u00e9fecture de la r\u00e9gion d'Ile-de-France, pr\u00e9fecture de\nParis-Secr\u00e9tariat g\u00e9n\u00e9ral aux politiques publiques / Direction des\naffaires juridiques\nIDF-2026-02-02-00001 - Arr\u00eat\u00e9 portant publication de la liste nominative\ndes membres du Comit\u00e9 strat\u00e9gique de la Soci\u00e9t\u00e9 des grands\nprojets (SGP) (12 pages) Page 20\n2\nAgence R\u00e9gionale de Sant\u00e9\nIDF-2026-02-02-00005\nArr\u00eat\u00e9 DEMOS CCI N\u00b02026/04\nmodifiant l'arr\u00eat\u00e9 n\u00b007/2025 relatif \u00e0 la\nnomination des membres de la commission de\nconciliation\net d'indemnisation (CCI) des accidents\nm\u00e9dicaux, des affections iatrog\u00e8nes et des\ninfections\nnosocomiales d'\u00cele-de-France du 20 f\u00e9vrier 2025 -\nMandature 2023-2027\nAgence R\u00e9gionale de Sant\u00e9 - IDF-2026-02-02-00005 - Arr\u00eat\u00e9 DEMOS CCI N\u00b02026/04\nmodifiant l'arr\u00eat\u00e9 n\u00b007/2025 relatif \u00e0 la nomination des membres de la commission de conciliation\net d'indemnisation (CCI) des accidents m\u00e9dicaux, des affections iatrog\u00e8nes et des infections\nnosocomiales d'\u00cele-de-France du 20 f\u00e9vrier 2025 - Mandature 2023-2027\n3\nREPUBLIQUEFRANCAISELibert\u00e9Egalit\u00e9Fraternit\u00e9\n\u00a9 \u00bb Agence R\u00e9gionale de Sant\u00e9Ile-de-France\n \n \n \n \n \n \n \n \n \n \nAGENCE R\u00c9GIONALE DE SANT\u00c9 \u00ceLE-DE-FRANCE \n \n \nARR\u00caT\u00c9 DEMOS CCI N\u00b02026/04 \n \nmodifiant l'arr\u00eat\u00e9 n\u00b007/2025 relatif \u00e0 la nomination des membres de la commission de conciliation \net d'indemnisation (CCI) des accidents m\u00e9dicaux, des affections iatrog\u00e8nes et des infections \nnosocomiales d'\u00cele-de-France du 20 f\u00e9vrier 2025 - Mandature 2023-2027 \n \n \n \nLE DIRECTEUR GENERAL DE L'AGENCE REGIONALE DE SANTE (ARS) \n\u00ceLE-DE-FRANCE \n \n \nVU  Le code de la sant\u00e9 publique, notamment les articles L.1114 -1, L.1142-5, L.1142.6, R.1114-1 \u00e0 \nR.1114-4, et R.1142-5 \u00e0 R.1142-7 ; \nVU  Le d\u00e9cret du 10 avril 2024 portant nomination de Monsieur Denis ROBIN, Directeur g\u00e9n\u00e9ral de \nl'Agence r\u00e9gionale de sant\u00e9 \u00cele-de-France, \u00e0 compter du 29 avril 2024 ; \nVU L'arr\u00eat\u00e9 n\u00b02023/47 relatif au renouvellement des membres de la commission de conciliation et \nd'indemnisation des accidents m\u00e9dicaux, des affections iatrog\u00e8nes et des infections \nnosocomiales d'\u00cele-de-France du 4 d\u00e9cembre 2023 ; \nVU L'arr\u00eat\u00e9 modificatif n \u00b007/2025 relatif \u00e0 la nomination des membres de la commission de \nconciliation et d'indemnisation (CCI) des accidents m\u00e9dicaux, des affections iatrog\u00e8nes et des \ninfections nosocomiales d'\u00cele-de-France du 20 f\u00e9vrier 2025 ; \nVU  L'arr\u00eat\u00e9 DS n\u00b0 031/2025 du 22 janvier 2026 portant d\u00e9l\u00e9gation \u00e0 Madame Marion BOUGEARD, \nDirectrice de la d\u00e9mocratie en sant\u00e9 et de la communication de l'Agence R\u00e9gionale de Sant\u00e9 \u00cele-\nde-France ; \n \nVU La candidature retenue : \n\u2022 au titre de s personnalit\u00e9s qualifi\u00e9es (en qualit\u00e9 de suppl\u00e9ant), de Monsieur Timothy \nJAMES, ma\u00eetre de conf\u00e9rences en droit priv\u00e9 et sciences criminelles \u00e0 l'Universit\u00e9 Paris Cit\u00e9  \n \n \nARR\u00caTE \n \n \nArticle 1 : La composition de la CCI est fix\u00e9e de la mani\u00e8re figurant en annexe du pr\u00e9sent arr\u00eat\u00e9. \n \nArticle 2 :  Un recours contre le pr\u00e9sent arr\u00eat\u00e9 peut \u00eatre form\u00e9 aupr\u00e8s du Tribunal Administratif de Paris \ndans un d\u00e9lai de deux mois \u00e0 compter de la notification du pr\u00e9sent arr\u00eat\u00e9. A l'\u00e9gard des tiers, ces d\u00e9lais \nAgence R\u00e9gionale de Sant\u00e9 - IDF-2026-02-02-00005 - Arr\u00eat\u00e9 DEMOS CCI N\u00b02026/04\nmodifiant l'arr\u00eat\u00e9 n\u00b007/2025 relatif \u00e0 la nomination des membres de la commission de conciliation\net d'indemnisation (CCI) des accidents m\u00e9dicaux, des affections iatrog\u00e8nes et des infections\nnosocomiales d'\u00cele-de-France du 20 f\u00e9vrier 2025 - Mandature 2023-2027\n4\nSIGNE\n \n \ncourent \u00e0 compter de la date de publication de la d\u00e9cision au recueil des actes administratifs de la \npr\u00e9fecture de la r\u00e9gion d'\u00cele-de-France. \n \nArticle 3 : La Directrice de la D\u00e9mocratie Sanitaire et de la communication de l'ARS \u00cele-de-France est \ncharg\u00e9e de l'ex\u00e9cution du pr\u00e9sent arr\u00eat\u00e9, qui sera publi\u00e9 au Recueil des actes administratifs de la \nPr\u00e9fecture de R\u00e9gion. \n \nArticle 4 : Le pr\u00e9sent arr\u00eat\u00e9 prend effet \u00e0 compter de sa date de publication au Recueil des actes \nadministratifs de la Pr\u00e9fecture de R\u00e9gion. \n \n \nFait \u00e0 Saint-Denis, le 2 f\u00e9vrier 2026 \n \nLe Directeur g\u00e9n\u00e9ral \nde l'Agence r\u00e9gionale  \nde sant\u00e9 \u00cele-de-France \n \nDenis ROBIN \nPar d\u00e9l\u00e9gation \n \nCorentine NEPPEL  \nDirectrice adjointe en charge de la \nd\u00e9mocratie en sant\u00e9  \nDirection de la d\u00e9mocratie en sant\u00e9 \net de la communication - DESCOM  \n \n \n \n \n \n  \nAgence R\u00e9gionale de Sant\u00e9 - IDF-2026-02-02-00005 - Arr\u00eat\u00e9 DEMOS CCI N\u00b02026/04\nmodifiant l'arr\u00eat\u00e9 n\u00b007/2025 relatif \u00e0 la nomination des membres de la commission de conciliation\net d'indemnisation (CCI) des accidents m\u00e9dicaux, des affections iatrog\u00e8nes et des infections\nnosocomiales d'\u00cele-de-France du 20 f\u00e9vrier 2025 - Mandature 2023-2027\n5\n \n \n \n \n \nANNEXE \n \n \n1) Au titre des repr\u00e9sentants des usagers : \n \nTitulaires Suppl\u00e9ants \nMadame Marie -Solange JULIA, Association \nd'aide aux victimes d'accidents m\u00e9dicaux et \u00e0 \nleur famille (AVIAM) \nMadame Eliane PUECH, Association d'aide aux \nvictimes d'accidents m\u00e9dicaux et \u00e0 leur famille \n(AVIAM) \nMadame Anne-Marie LEFRANCOIS, Association \nd'aide aux victimes d'accidents m\u00e9dicaux et \u00e0 leur \nfamille (AVIAM). \nMadame Paulette MORIN (Association \nMARFANS)  \nMonsieur Andr\u00e9 SARRAZIN (APF) \nMadame B\u00e9atrice BERNARD (Association OLD \nUP) \nMadame Mariannick LAMBERT (F\u00e9d\u00e9ration des \nFamilles Rurales) \n \nMadame Mich\u00e8le DELATRE-LAFIN (Association \nLe Lien) \nMadame Anita HAREL (Association Le Lien) \n \n2) Au titre des repr\u00e9sentants des professionnels de sant\u00e9 : \n \n- Pour les repr\u00e9sentants des professionnels de sant\u00e9 exer\u00e7ant \u00e0 titre lib\u00e9ral : \n \nTitulaire Suppl\u00e9ants \nDocteur Jean -Philippe BRUGNAUX, URPS \nM\u00e9decins lib\u00e9raux \n \nDocteur Michel de TINGUY du POUET, URPS \nM\u00e9decins lib\u00e9raux \n \nDocteur Mardoche SEBBAG, URPS M\u00e9decins \nlib\u00e9raux  \n \n \n- Pour les praticiens hospitaliers :  \n \nTitulaire Suppl\u00e9ants \nDocteur Jihane LAMRANI, praticien Hospitalier: \nservice d'Anesth\u00e9sie \u2013 R\u00e9animation H\u00f4pital \nEurop\u00e9en Georges Pompidou \n \nDocteur Claire DEBES, Syndicat National des \npraticiens hospitaliers d'anesth\u00e9sie et \nr\u00e9animation (SNPHARe) \n \nDocteur Georges ESTEPHAN, Syndicat National \ndes praticiens hospitaliers d'anesth\u00e9sie et \nr\u00e9animation (SNPHARe) \n \n \n \n  \nAgence R\u00e9gionale de Sant\u00e9 - IDF-2026-02-02-00005 - Arr\u00eat\u00e9 DEMOS CCI N\u00b02026/04\nmodifiant l'arr\u00eat\u00e9 n\u00b007/2025 relatif \u00e0 la nomination des membres de la commission de conciliation\net d'indemnisation (CCI) des accidents m\u00e9dicaux, des affections iatrog\u00e8nes et des infections\nnosocomiales d'\u00cele-de-France du 20 f\u00e9vrier 2025 - Mandature 2023-2027\n6\n \n \n3) Au titre des responsables des institutions et \u00e9tablissements publics et priv\u00e9s de sant\u00e9  :  \n- Pour les responsables d'\u00e9tablissements publics de sant\u00e9 : \n \nTitulaire Suppl\u00e9ants \nMadame Eva BATTAGLIA (AP HP) \n \nMadame Pauline MARCEL (AP HP) \nMadame Maria-B\u00e9atrice FONTANINI (AP HP) \n \n      - Pour les responsables d'\u00e9tablissements de sant\u00e9 priv\u00e9s :  \n \nTitulaire Suppl\u00e9ants \nMonsieur Olivier CHALMEAU, F\u00e9d\u00e9ration de \nl'Hospitalisation Priv\u00e9e (FHP IDF) \n \nMadame Laure VERGEZ HONTA, F\u00e9d\u00e9ration \nde l'Hospitalisation Priv\u00e9e (FHP) \nMadame Laura FRIDMAN , F\u00e9d\u00e9ration de \nl'Hospitalisation Priv\u00e9e (FHP) \n \nMadame Mathilde VINCI (FEHAP IDF) \n \nMadame Marie DEROY (FEHAP IDF) \nMadame Assya BOUAZZI (FEHAP IDF) \n \n \n4) Au titre des repr\u00e9sentants des entreprises pratiquant l'assurance de responsabilit\u00e9 civile \nm\u00e9dicale : \n \nTitulaire Suppl\u00e9ants \nMonsieur Patrick FLAVIN, SHAM Monsieur Nicolas GOMBAULT, MACSF \nMadame Domitille LATHUILLIERE, AXA \n \n \n5) Au titre des personnalit\u00e9s qualifi\u00e9es : \n \n \nTitulaire Suppl\u00e9ants \nMadame Anne GUEGAN Madame Fanny FAGE  \nMonsieur Timothy JAMES, ma\u00eetre de \nconf\u00e9rences en droit priv\u00e9 et sciences \ncriminelles \u00e0 l'Universit\u00e9 Paris Cit\u00e9  \nProfesseur Salma EL BATTI \n \nDocteur Gilles MOUNAL, obst\u00e9tricien \nProfesseur Jean-Fran\u00e7ois ALEXANDRA, service \nde M\u00e9decine interne, H\u00f4pital Bichat - Claude \nBernard  \n \n \nAgence R\u00e9gionale de Sant\u00e9 - IDF-2026-02-02-00005 - Arr\u00eat\u00e9 DEMOS CCI N\u00b02026/04\nmodifiant l'arr\u00eat\u00e9 n\u00b007/2025 relatif \u00e0 la nomination des membres de la commission de conciliation\net d'indemnisation (CCI) des accidents m\u00e9dicaux, des affections iatrog\u00e8nes et des infections\nnosocomiales d'\u00cele-de-France du 20 f\u00e9vrier 2025 - Mandature 2023-2027\n7\nAgence R\u00e9gionale de Sant\u00e9\nIDF-2026-02-02-00002\nArr\u00eat\u00e9 DEMOS CPP N\u00b02026/03\nArr\u00eat\u00e9 modifiant l'arr\u00eat\u00e9 n\u00b02025/33 du 04\nseptembre 2025 relatif \u00e0 la composition\ndu Comit\u00e9 de Protection des Personnes \u00ab\n\u00cele-de-France II \u00bb\nAgence R\u00e9gionale de Sant\u00e9 - IDF-2026-02-02-00002 - Arr\u00eat\u00e9 DEMOS CPP N\u00b02026/03\nArr\u00eat\u00e9 modifiant l'arr\u00eat\u00e9 n\u00b02025/33 du 04 septembre 2025 relatif \u00e0 la composition\ndu Comit\u00e9 de Protection des Personnes \u00ab \u00cele-de-France II \u00bb\n8\nEuREPUBLIQUEFRAN\u00c7AISELibert\u00e9\u00c9galit\u00e9Fraternit\u00e9\n\u00a9 D Agence R\u00e9gionale de Sant\u00e9Ile-de-France\n \n \n \n \nAGENCE R\u00c9GIONALE DE SANT\u00c9 \u00ceLE-DE-FRANCE \nARR\u00caT\u00c9 DEMOS CPP N\u00b02026/03 \nArr\u00eat\u00e9 modifiant l'arr\u00eat\u00e9 n\u00b02025/33 du 04 septembre 2025 relatif \u00e0 la composition \ndu Comit\u00e9 de Protection des Personnes \u00ab \u00cele-de-France II \u00bb \n \n \nLE DIRECTEUR GENERAL DE L'AGENCE R\u00c9GIONALE DE SANT\u00c9 \u00ceLE-DE-FRANCE \n \nVu le code de la sant\u00e9 publique et notamment les articles L. 1123 -1 et suivants ainsi que les \narticles R. 1123-1 et suivants; \nVu le d\u00e9cret du 10 avril 2024 portant nomination de Monsieur Denis ROBIN, Directeur g\u00e9n\u00e9ral \nde l'Agence r\u00e9gionale de sant\u00e9 d'\u00cele-de-France, \u00e0 compter du 29 avril 2024 ; \nVu l'arr\u00eat\u00e9 du 25 octobre 2021 fixant le r\u00e8glement int\u00e9rieur type des comit\u00e9s de protection des \npersonnes ; \nVu l'arr\u00eat\u00e9 n\u00b02025/33 du 04 septembre 2025 relatif \u00e0 la composition du Comit\u00e9 de Protection \ndes Personnes \u00ab \u00cele-de-France II \u00bb \nVu l'arr\u00eat\u00e9 minist\u00e9riel du 22 avril 2024 portant renouvellement de l'agr\u00e9ment des comit\u00e9s de \nprotection des personnes ; \nVu l'arr\u00eat\u00e9 DS n\u00b0031/2025 du 22 janvier 2026 portant d\u00e9l\u00e9gation \u00e0 Madame Marion \nBOUGEARD, Directrice de la d\u00e9mocratie en sant\u00e9 et de la communication de l'Agence \nR\u00e9gionale de Sant\u00e9 \u00cele-de-France ; \nVu Le dossier de candidature de Madame Mariane de MONTALEMBERT au regard de sa \ncomp\u00e9tence en tant que m\u00e9decin pour le premier coll\u00e8ge  \n \nARR\u00caTE \n \nARTICLE 1 : \nSont nomm\u00e9s en tant que membre du comit\u00e9 de protection des personnes \u00ab \u00cele-de-France II \u00bb \u00e0 \ncompter de la date de publication du pr\u00e9sent arr\u00eat\u00e9 : \nAu titre des 18 membres du premier coll\u00e8ge : \n\u2022 En qualit\u00e9 de personnes ayant une qualification et une exp\u00e9rience approfondie en mati\u00e8re de \nrecherche impliquant la personne humaine : \nMme Julie BELLET \nMme M\u00e9lanie LEROY \nA d\u00e9signer \nA d\u00e9signer \n  \nAgence R\u00e9gionale de Sant\u00e9 - IDF-2026-02-02-00002 - Arr\u00eat\u00e9 DEMOS CPP N\u00b02026/03\nArr\u00eat\u00e9 modifiant l'arr\u00eat\u00e9 n\u00b02025/33 du 04 septembre 2025 relatif \u00e0 la composition\ndu Comit\u00e9 de Protection des Personnes \u00ab \u00cele-de-France II \u00bb\n9\nEuREPUBLIQUEFRAN\u00c7AISELibert\u00e9\u00c9galit\u00e9Fraternit\u00e9\nAr\u00a9 D Agence R\u00e9gionale de Sant\u00e9Ile-de-France\n \n \n \no dont au moins quatre m\u00e9decins :  \nPr Jean-Louis BRESSON \nA d\u00e9signer  \nDr. Mariane de MONTALEMBERT  \nA d\u00e9signer \no et dont au moins deux personnes qualifi\u00e9es en raison de leur comp\u00e9tence en mati\u00e8re de \nbiostatistique ou d'\u00e9pid\u00e9miologie : \nA d\u00e9signer A d\u00e9signer \n\u2022 En qualit\u00e9 de m\u00e9decins sp\u00e9cialistes de m\u00e9decine g\u00e9n\u00e9rale : \nDr Claude MARTINEAUX  A d\u00e9signer \n\u2022 En qualit\u00e9 de pharmaciens hospitaliers : \nDr Christine BROISSAND A d\u00e9signer \n\u2022 En qualit\u00e9 d'auxiliaires m\u00e9dicaux : \nMr Flavien QUIJOUX Mr Thomas THUILLIER \n \nAu titre des 18 membres du deuxi\u00e8me coll\u00e8ge : \n\u2022 En qualit\u00e9 de personnes qualifi\u00e9es en raison de leur comp\u00e9tence \u00e0 l'\u00e9gard des questions \nd'\u00e9thique : \nMr Jean-Claude DUPONT  Mme Capucine GARNIER-MULLER \n \n\u2022 En qualit\u00e9 de personnes qualifi\u00e9es en raison de leur comp\u00e9tence en sciences humaines ou \nsociales ou de leur exp\u00e9rience dans le domaine de l'action sociale : \nMr Christian BALLOUARD  \n \nA d\u00e9signer \nMme Jeannette GUEDMI  \n \nA d\u00e9signer \n \n \n\u2022 En qualit\u00e9 de personnes qualifi\u00e9es en raison de leur comp\u00e9tence en mati\u00e8re juridique  \nMme Manon DE FALLOIS  \n \nA d\u00e9signer \nMme Floriane LHUILLIER \n \nA d\u00e9signer \n \nAgence R\u00e9gionale de Sant\u00e9 - IDF-2026-02-02-00002 - Arr\u00eat\u00e9 DEMOS CPP N\u00b02026/03\nArr\u00eat\u00e9 modifiant l'arr\u00eat\u00e9 n\u00b02025/33 du 04 septembre 2025 relatif \u00e0 la composition\ndu Comit\u00e9 de Protection des Personnes \u00ab \u00cele-de-France II \u00bb\n10\nEuREPUBLIQUEFRAN\u00c7AISELibert\u00e9\u00c9galit\u00e9Fraternit\u00e9\nSIGN\u00c9\nAr\u00a9 D Agence R\u00e9gionale de Sant\u00e9Ile-de-France\n \n \n \n\u2022 En qualit\u00e9 de repr\u00e9sentants des associations agr\u00e9\u00e9es conform\u00e9ment aux dispositions de \nl'article L 1114-1 du code de la sant\u00e9 publique : \n \nMme Chantal ARDIOT  \n \nMme Laurence GUEST  \n \nA d\u00e9signer \nMme Monique SEHAN  \n \nA d\u00e9signer  \n \nA d\u00e9signer \n \n \nARTICLE 2 : Mme Manon DE FALLOIS est d\u00e9sign\u00e9e parmi ces 36 membres comme personne qualifi\u00e9e \nen mati\u00e8re de protection des donn\u00e9es conform\u00e9ment \u00e0 l'article L.1123-7. \n \n \nARTICLE 3 : Le mandat des membres est de trois ans renouvelable et prend fin au terme de l'agr\u00e9ment \ndu comit\u00e9. Conform\u00e9ment aux prescriptions de l'article R. 1123-8 du code de la sant\u00e9 publique, en cas \nde vacance d'un si\u00e8ge survenant en cours de mandat, le remplaceme nt intervient dans les m\u00eames \nconditions que la nomination pour la dur\u00e9e du mandat restant \u00e0 courir. \nARTICLE 4 : Le pr\u00e9sent arr\u00eat\u00e9 peut faire l'objet d'un recours contentieux devant le tribunal administratif \ncomp\u00e9tent dans un d\u00e9lai de deux mois \u00e0 compter de sa notification aux personnes concern\u00e9es ou de \nsa publication au recueil des actes administratifs pour les t iers. Cette juridiction peut notamment \u00eatre \nsaisie via une requ\u00eate remise ou envoy\u00e9e au greffe du tribunal administratif ou aussi par l'application \nT\u00e9l\u00e9recours citoyens accessible \u00e0 partir du site www.telerecours.fr. \nARTICLE 5 : l'arr\u00eat\u00e9 n\u00b02025/33 du 04 septembre 2025 relatif \u00e0 la composition du Comit\u00e9 de Protection \ndes Personnes \u00ab \u00cele-de-France II \u00bb est abrog\u00e9. \nARTICLE 6 : Le directeur g\u00e9n\u00e9ral de l'Agence r\u00e9gionale de sant\u00e9 est charg\u00e9 de l'ex\u00e9cution du pr\u00e9sent \narr\u00eat\u00e9 qui sera publi\u00e9 au recueil des actes administratifs de la pr\u00e9fecture de r\u00e9gion Ile-de-France. \n \nFait \u00e0 Saint-Denis, le 2 f\u00e9vrier 2026 \n \nLe Directeur g\u00e9n\u00e9ral \nde l'Agence r\u00e9gionale  \nde sant\u00e9 \u00cele-de-France \n \nDenis ROBIN \nPar d\u00e9l\u00e9gation \n \nCorentine NEPPEL  \nDirectrice adjointe en charge de la \nd\u00e9mocratie en sant\u00e9  \nDirection de la d\u00e9mocratie en \nsant\u00e9 \net de la communication - DESCOM  \nAgence R\u00e9gionale de Sant\u00e9 - IDF-2026-02-02-00002 - Arr\u00eat\u00e9 DEMOS CPP N\u00b02026/03\nArr\u00eat\u00e9 modifiant l'arr\u00eat\u00e9 n\u00b02025/33 du 04 septembre 2025 relatif \u00e0 la composition\ndu Comit\u00e9 de Protection des Personnes \u00ab \u00cele-de-France II \u00bb\n11\nAgence R\u00e9gionale de Sant\u00e9\nIDF-2026-02-02-00004\nArr\u00eat\u00e9 DEMOS CPP N\u00b02026/05\nmodifiant l'arr\u00eat\u00e9 n\u00b02025/44 du 20 novembre\n2025 relatif \u00e0 la composition du\nComit\u00e9 de Protection des Personnes \u00ab\n\u00cele-de-France VII \u00bb\nAgence R\u00e9gionale de Sant\u00e9 - IDF-2026-02-02-00004 - Arr\u00eat\u00e9 DEMOS CPP N\u00b02026/05\nmodifiant l'arr\u00eat\u00e9 n\u00b02025/44 du 20 novembre 2025 relatif \u00e0 la composition du\nComit\u00e9 de Protection des Personnes \u00ab \u00cele-de-France VII \u00bb\n12\nEuREPUBLIQUEFRAN\u00c7AISELibert\u00e9\u00c9galit\u00e9Fraternit\u00e9\n\u00a9 D Agence R\u00e9gionale de Sant\u00e9Ile-de-France\n \n \n \n \nAGENCE R\u00c9GIONALE DE SANT\u00c9 \u00ceLE-DE-FRANCE \nARR\u00caT\u00c9 DEMOS CPP N\u00b02026/05 \nmodifiant l'arr\u00eat\u00e9 n\u00b02025/44 du 20 novembre 2025 relatif \u00e0 la composition du \nComit\u00e9 de Protection des Personnes \u00ab \u00cele-de-France VII \u00bb \n \nLE DIRECTEUR GENERAL DE L'AGENCE R\u00c9GIONALE DE SANT\u00c9 \u00ceLE-DE-FRANCE \n \n \nVu le code de la sant\u00e9 publique et notamment les articles L. 1123 -1 et suivants ainsi que les \narticles R. 1123-1 et suivants; \nVu le d\u00e9cret du 10 avril 2024 portant nomination de Monsieur Denis ROBIN, Directeur g\u00e9n\u00e9ral \nde l'Agence r\u00e9gionale de sant\u00e9 d'\u00cele-de-France, \u00e0 compter du 29 avril 2024 ; \nVu l'arr\u00eat\u00e9 du 25 octobre 2021 fixant le r\u00e8glement int\u00e9rieur type des comit\u00e9s de protection des \npersonnes ; \nVu l'arr\u00eat\u00e9 minist\u00e9riel du 22 avril 2024 portant renouvellement de l'agr\u00e9ment des comit\u00e9s de \nprotection des personnes ; \nVu l'arr\u00eat\u00e9 n\u00b02025/44 du 20 novembre 2025 relatif \u00e0 la composition du Comit\u00e9 de Protection des \nPersonnes \u00ab \u00cele-de-France VII \u00bb ; \nVu l'arr\u00eat\u00e9 DS n\u00b0031/2025 du 22 janvier 2026 portant d\u00e9l\u00e9gation \u00e0 Madame Marion \nBOUGEARD, Directrice de la d\u00e9mocratie en sant\u00e9 et de la communication de l'Agence \nR\u00e9gionale de Sant\u00e9 \u00cele-de-France ; \nVu Les dossiers de candidature de : \n- Mme Charlotte CASTEL, en raison de sa comp\u00e9tence en mati\u00e8re de biostatistique ou \nd'\u00e9pid\u00e9miologie pour le premier coll\u00e8ge \n- Mme Malyviogne SYLVAIN, en qualit\u00e9 d'auxiliaire m\u00e9dicale \n \nARR\u00caT\u00c9 \nARTICLE 1 : \nSont nomm\u00e9s en tant que membre du comit\u00e9 de protection des personnes \u00ab \u00cele-de-France VII \u00bb \u00e0 \ncompter de la date de publication du pr\u00e9sent arr\u00eat\u00e9 : \nAu titre des 18 membres du premier coll\u00e8ge : \n\u2022 En qualit\u00e9 de personnes ayant une qualification et une exp\u00e9rience approfondie en mati\u00e8re de \nrecherche impliquant la personne humaine : \nM. Fran\u00e7ois HIRSCH \nA d\u00e9signer  \nA d\u00e9signer \nA d\u00e9signer \n \nAgence R\u00e9gionale de Sant\u00e9 - IDF-2026-02-02-00004 - Arr\u00eat\u00e9 DEMOS CPP N\u00b02026/05\nmodifiant l'arr\u00eat\u00e9 n\u00b02025/44 du 20 novembre 2025 relatif \u00e0 la composition du\nComit\u00e9 de Protection des Personnes \u00ab \u00cele-de-France VII \u00bb\n13\nEuREPUBLIQUEFRAN\u00c7AISELibert\u00e9\u00c9galit\u00e9Fraternit\u00e9\nAr\u00a9 D Agence R\u00e9gionale de Sant\u00e9Ile-de-France\n \n \n \no dont au moins quatre m\u00e9decins :  \nDr Michel BOTTLAENDER \nDr Renaud DE BEAUREPAIRE \nDr Gianpaolo DE FILIPPO \nDr Anne MATHIEU \no et dont au moins deux personnes qualifi\u00e9es en raison de leur comp\u00e9tence en mati\u00e8re de \nbiostatistique ou d'\u00e9pid\u00e9miologie : \nMme Catherine HILL \n \nMme Charlotte CASTEL \n\u2022 En qualit\u00e9 de m\u00e9decins sp\u00e9cialistes de m\u00e9decine g\u00e9n\u00e9rale : \nDr Agn\u00e8s GOETSCHEL Dr Agn\u00e8s SAINT-RAYMOND \n\u2022 En qualit\u00e9 de pharmaciens hospitaliers : \nDr Muriel BOCQUENTIN Dr Anne-Marie TABURET \n\u2022 En qualit\u00e9 d'auxiliaires m\u00e9dicaux : \nMme B\u00e9atrice BRUNN Mme Malyviogne SYLVAIN \n \nAu titre des 18 membres du deuxi\u00e8me coll\u00e8ge : \n\u2022 En qualit\u00e9 de personnes qualifi\u00e9es en raison de leur comp\u00e9tence \u00e0 l'\u00e9gard des questions \nd'\u00e9thique : \nM. Pascal CASAURANG A d\u00e9signer \n \n\u2022 En qualit\u00e9 de personnes qualifi\u00e9es en raison de leur comp\u00e9tence en sciences humaines ou \nsociales ou de leur exp\u00e9rience dans le domaine de l'action sociale : \nMme Mireille COSQUER \nA d\u00e9signer \nMme Catherine HENRY \nA d\u00e9signer \n \n \n\u2022 En qualit\u00e9 de personnes qualifi\u00e9es en raison de leur comp\u00e9tence en mati\u00e8re juridique  \nM. Calvin BERTRAND \nMme Claire OLIVIER \nM. Bastien PAVEC \nA d\u00e9signer \n  \nAgence R\u00e9gionale de Sant\u00e9 - IDF-2026-02-02-00004 - Arr\u00eat\u00e9 DEMOS CPP N\u00b02026/05\nmodifiant l'arr\u00eat\u00e9 n\u00b02025/44 du 20 novembre 2025 relatif \u00e0 la composition du\nComit\u00e9 de Protection des Personnes \u00ab \u00cele-de-France VII \u00bb\n14\nEuREPUBLIQUEFRAN\u00c7AISELibert\u00e9\u00c9galit\u00e9Fraternit\u00e9\nSIGN\u00c9\nAr\u00a9 D Agence R\u00e9gionale de Sant\u00e9Ile-de-France\n \n \n \n\u2022 En qualit\u00e9 de repr\u00e9sentants des associations agr\u00e9\u00e9es conform\u00e9ment aux dispositions de \nl'article L 1114-1 du code de la sant\u00e9 publique : \nM. Jean-Pierre BROYART \nM. Marc COLMAR \nM. Claude COTTET \nMme Annie LABBE \nM. Georges MARDUEL \nA d\u00e9signer \n \n \nARTICLE 2 : M. Fran\u00e7ois HIRSCH est d\u00e9sign\u00e9 parmi ces 36 membres comme personne qualifi\u00e9e en \nmati\u00e8re de protection des donn\u00e9es conform\u00e9ment \u00e0 l'article L.1123-7. \n \n \nARTICLE 3 : Le mandat des membres est de trois ans renouvelable et prend fin au terme de l'agr\u00e9ment \ndu comit\u00e9. Conform\u00e9ment aux prescriptions de l'article R. 1123-8 du code de la sant\u00e9 publique, en cas \nde vacance d'un si\u00e8ge survenant en cours de mandat, le remplaceme nt intervient dans les m\u00eames \nconditions que la nomination pour la dur\u00e9e du mandat restant \u00e0 courir. \nARTICLE 4 : Le pr\u00e9sent arr\u00eat\u00e9 peut faire l'objet d'un recours contentieux devant le tribunal administratif \ncomp\u00e9tent dans un d\u00e9lai de deux mois \u00e0 compter de sa notification aux personnes concern\u00e9es ou de \nsa publication au recueil des actes administratifs pour les t iers. Cette juridiction peut notamment \u00eatre \nsaisie via une requ\u00eate remise ou envoy\u00e9e au greffe du tribunal administratif ou aussi par l'application \nT\u00e9l\u00e9recours citoyens accessible \u00e0 partir du site www.telerecours.fr. \nARTICLE 5 : l'arr\u00eat\u00e9 de nomination n\u00b02025/44 du 20 novembre 2025 est abrog\u00e9. \nARTICLE 6 : Le directeur g\u00e9n\u00e9ral de l'Agence r\u00e9gionale de sant\u00e9 est charg\u00e9 de l'ex\u00e9cution du pr\u00e9sent \narr\u00eat\u00e9 qui sera publi\u00e9 au recueil des actes administratifs de la pr\u00e9fecture de r\u00e9gion Ile-de-France. \n \n \nFait \u00e0 Saint-Denis, le 2 f\u00e9vrier 2026 \n \nLe Directeur g\u00e9n\u00e9ral \nde l'Agence r\u00e9gionale  \nde sant\u00e9 \u00cele-de-France \n \nDenis ROBIN \nPar d\u00e9l\u00e9gation \n \nCorentine NEPPEL  \nDirectrice adjointe en charge de la \nd\u00e9mocratie en sant\u00e9  \nDirection de la d\u00e9mocratie en \nsant\u00e9 \net de la communication - DESCOM \nAgence R\u00e9gionale de Sant\u00e9 - IDF-2026-02-02-00004 - Arr\u00eat\u00e9 DEMOS CPP N\u00b02026/05\nmodifiant l'arr\u00eat\u00e9 n\u00b02025/44 du 20 novembre 2025 relatif \u00e0 la composition du\nComit\u00e9 de Protection des Personnes \u00ab \u00cele-de-France VII \u00bb\n15\nAgence R\u00e9gionale de Sant\u00e9\nIDF-2026-02-02-00003\nArr\u00eat\u00e9 DEMOS CPP N\u00b02026/6\nArr\u00eat\u00e9 modifiant l'arr\u00eat\u00e9 n\u00b02025/41 du 20\nnovembre 2025 relatif \u00e0 la composition\ndu Comit\u00e9 de Protection des Personnes \u00ab\n\u00cele-de-France XI \u00bb\nAgence R\u00e9gionale de Sant\u00e9 - IDF-2026-02-02-00003 - Arr\u00eat\u00e9 DEMOS CPP N\u00b02026/6\nArr\u00eat\u00e9 modifiant l'arr\u00eat\u00e9 n\u00b02025/41 du 20 novembre 2025 relatif \u00e0 la composition\ndu Comit\u00e9 de Protection des Personnes \u00ab \u00cele-de-France XI \u00bb\n16\nEuREPUBLIQUEFRAN\u00c7AISELibert\u00e9\u00c9galit\u00e9Fraternit\u00e9\n\u00a9 D Agence R\u00e9gionale de Sant\u00e9Ile-de-France\n \n \n \n \nAGENCE R\u00c9GIONALE DE SANT\u00c9 \u00ceLE-DE-FRANCE \nARR\u00caT\u00c9 DEMOS CPP N\u00b02026/6 \nArr\u00eat\u00e9 modifiant l'arr\u00eat\u00e9 n\u00b02025/41 du 20 novembre 2025 relatif \u00e0 la composition \ndu Comit\u00e9 de Protection des Personnes \u00ab \u00cele-de-France XI \u00bb \n \n \nLE DIRECTEUR GENERAL DE L'AGENCE R\u00c9GIONALE DE SANT\u00c9 \u00ceLE-DE-FRANCE \n \n \nVu le code de la sant\u00e9 publique et notamment les articles L. 1123 -1 et suivants ainsi que les \narticles R. 1123-1 et suivants; \nVu le d\u00e9cret du 10 avril 2024 portant nomination de Monsieur Denis ROBIN, Directeur g\u00e9n\u00e9ral \nde l'Agence r\u00e9gionale de sant\u00e9 d'\u00cele-de-France, \u00e0 compter du 29 avril 2024 ; \nVu l'arr\u00eat\u00e9 du 25 octobre 2021 fixant le r\u00e8glement int\u00e9rieur type des comit\u00e9s de protection des \npersonnes ; \nVu l'arr\u00eat\u00e9 minist\u00e9riel du 22 avril 2024 portant renouvellement de l'agr\u00e9ment des comit\u00e9s de \nprotection des personnes; \nVu l'arr\u00eat\u00e9 n\u00b02025/41 du 20 novembre 2025 relatif \u00e0 la composition du Comit\u00e9 de Protection des \nPersonnes \u00ab \u00cele-de-France XI \u00bb \nVu l'arr\u00eat\u00e9 DS n\u00b0031/2025 du 22 janvier 2026 portant d\u00e9l\u00e9gation \u00e0 Madame Marion \nBOUGEARD, Directrice de la d\u00e9mocratie en sant\u00e9 et de la communication de l'Agence \nR\u00e9gionale de Sant\u00e9 \u00cele-de-France ;  \nVu Le dossier de candidature de Madame Sophie LAVAULT, en qualit\u00e9 de repr\u00e9sentants des \nassociations agr\u00e9\u00e9es conform\u00e9ment aux dispositions de l'article L 1114-1 du code de la \nsant\u00e9 publique \n \nARR\u00caTE \nARTICLE 1 : \nSont nomm\u00e9s en tant que membre du comit\u00e9 de protection des personnes \u00ab \u00cele-de-France XI  \u00bb \u00e0 \ncompter de la date de publication du pr\u00e9sent arr\u00eat\u00e9 : \nAu titre des 18 membres du premier coll\u00e8ge : \n\u2022 En qualit\u00e9 de personnes ayant une qualification et une exp\u00e9rience approfondie en mati\u00e8re de \nrecherche impliquant la personne humaine : \nMme Sabine DE LA PORTE \nMme Manon OLLIVIER \nMr Axel LEVIER \nMme Val\u00e9rie ROBIN \no dont au moins quatre m\u00e9decins :  \nAgence R\u00e9gionale de Sant\u00e9 - IDF-2026-02-02-00003 - Arr\u00eat\u00e9 DEMOS CPP N\u00b02026/6\nArr\u00eat\u00e9 modifiant l'arr\u00eat\u00e9 n\u00b02025/41 du 20 novembre 2025 relatif \u00e0 la composition\ndu Comit\u00e9 de Protection des Personnes \u00ab \u00cele-de-France XI \u00bb\n17\nEuREPUBLIQUEFRAN\u00c7AISELibert\u00e9\u00c9galit\u00e9Fraternit\u00e9\nAr\u00a9 D Agence R\u00e9gionale de Sant\u00e9Ile-de-France\n \n \n \nDr Caty EBEL BITOUN \nDr Mich\u00e8le LHERITIER-BARRAND \nA d\u00e9signer \nA d\u00e9signer \no et dont au moins deux personnes qualifi\u00e9es en raison de leur comp\u00e9tence en mati\u00e8re de \nbiostatistique ou d'\u00e9pid\u00e9miologie : \nDr Kolia MILOJEVIC Mme Alice VINCENT \n\u2022 En qualit\u00e9 de m\u00e9decins sp\u00e9cialistes de m\u00e9decine g\u00e9n\u00e9rale : \nDr G\u00e9rard LOEB Dr Ariane QUEFFELEC \n\u2022 En qualit\u00e9 de pharmaciens hospitaliers : \nDr Fran\u00e7ois COUDORE A d\u00e9signer \n\u2022 En qualit\u00e9 d'auxiliaires m\u00e9dicaux : \nMme Anne-Ga\u00eblle GROSMAIRE Mme Sylvie KAHN \n \nAu titre des 18 membres du deuxi\u00e8me coll\u00e8ge : \n\u2022 En qualit\u00e9 de personnes qualifi\u00e9es en raison de leur comp\u00e9tence \u00e0 l'\u00e9gard des questions \nd'\u00e9thique : \nMme Elise JACQUIER-LEFAIVRE Mme C\u00e9leste ROUSSEAU \n \n\u2022 En qualit\u00e9 de personnes qualifi\u00e9es en raison de leur comp\u00e9tence en sciences humaines ou \nsociales ou de leur exp\u00e9rience dans le domaine de l'action sociale : \nA d\u00e9signer  \nA d\u00e9signer \nA d\u00e9signer \nA d\u00e9signer \n \n \n\u2022 En qualit\u00e9 de personnes qualifi\u00e9es en raison de leur comp\u00e9tence en mati\u00e8re juridique  \nMr Jean-Fran\u00e7ois LAIGNEAU  \nMr Olivier LANTRES \nMme Aline WILQUIN \nMme Marie-C\u00e9cile LAGUETTE de MECQUENEM \nMme H\u00e9l\u00e8ne LOUYS \nMme Nina MIHALIC \n  \nAgence R\u00e9gionale de Sant\u00e9 - IDF-2026-02-02-00003 - Arr\u00eat\u00e9 DEMOS CPP N\u00b02026/6\nArr\u00eat\u00e9 modifiant l'arr\u00eat\u00e9 n\u00b02025/41 du 20 novembre 2025 relatif \u00e0 la composition\ndu Comit\u00e9 de Protection des Personnes \u00ab \u00cele-de-France XI \u00bb\n18\nEuREPUBLIQUEFRAN\u00c7AISELibert\u00e9\u00c9galit\u00e9Fraternit\u00e9\nSIGN\u00c9\nAr\u00a9 D Agence R\u00e9gionale de Sant\u00e9Ile-de-France\n \n \n \n\u2022 En qualit\u00e9 de repr\u00e9sentants des associations agr\u00e9\u00e9es conform\u00e9ment aux dispositions de \nl'article L 1114-1 du code de la sant\u00e9 publique : \nMme Nicole TAVERNY \nMme Odile LACHAUD \nMadame Sophie LAVAULT \nA d\u00e9signer \nA d\u00e9signer \nA d\u00e9signer \n \n \nARTICLE 2 : Monsieur Axel LEVIER est d\u00e9sign\u00e9 parmi ces 36 membres comme personne qualifi\u00e9e \nen mati\u00e8re de protection des donn\u00e9es conform\u00e9ment \u00e0 l'article L.1123-7. \n \nARTICLE 3 : Le mandat des membres est de trois ans renouvelable et prend fin au terme de l'agr\u00e9ment \ndu comit\u00e9. Conform\u00e9ment aux prescriptions de l'article R. 1123-8 du code de la sant\u00e9 publique, en cas \nde vacance d'un si\u00e8ge survenant en cours de mandat, le remplaceme nt intervient dans les m\u00eames \nconditions que la nomination pour la dur\u00e9e du mandat restant \u00e0 courir. \nARTICLE 4 : Le pr\u00e9sent arr\u00eat\u00e9 peut faire l'objet d'un recours contentieux devant le tribunal administratif \ncomp\u00e9tent dans un d\u00e9lai de deux mois \u00e0 compter de sa notification aux personnes concern\u00e9es ou de \nsa publication au recueil des actes administratifs pour les t iers. Cette juridiction peut notamment \u00eatre \nsaisie via une requ\u00eate remise ou envoy\u00e9e au greffe du tribunal administratif ou aussi par l'application \nT\u00e9l\u00e9recours citoyens accessible \u00e0 partir du site www.telerecours.fr. \nARTICLE 5 : l'arr\u00eat\u00e9 n\u00b02025/41 du 20 novembre 2025 relatif \u00e0 la composition du Comit\u00e9 de Protection \ndes Personnes \u00ab \u00cele-de-France XI \u00bb \nARTICLE 6 : Le directeur g\u00e9n\u00e9ral de l'Agence r\u00e9gionale de sant\u00e9 est charg\u00e9 de l'ex\u00e9cution du pr\u00e9sent \narr\u00eat\u00e9 qui sera publi\u00e9 au recueil des actes administratifs de la pr\u00e9fecture de r\u00e9gion Ile-de-France. \n \n Fait \u00e0 Saint-Denis, le 2 f\u00e9vrier 2026 \n \nLe Directeur g\u00e9n\u00e9ral \nde l'Agence r\u00e9gionale  \nde sant\u00e9 \u00cele-de-France \n \nDenis ROBIN \nPar d\u00e9l\u00e9gation \n \nCorentine NEPPEL  \nDirectrice adjointe en charge de la \nd\u00e9mocratie en sant\u00e9  \nDirection de la d\u00e9mocratie en \nsant\u00e9 \net de la communication - DESCOM  \nAgence R\u00e9gionale de Sant\u00e9 - IDF-2026-02-02-00003 - Arr\u00eat\u00e9 DEMOS CPP N\u00b02026/6\nArr\u00eat\u00e9 modifiant l'arr\u00eat\u00e9 n\u00b02025/41 du 20 novembre 2025 relatif \u00e0 la composition\ndu Comit\u00e9 de Protection des Personnes \u00ab \u00cele-de-France XI \u00bb\n19\nPr\u00e9fecture de la r\u00e9gion d'Ile-de-France,\npr\u00e9fecture de Paris-Secr\u00e9tariat g\u00e9n\u00e9ral aux\npolitiques publiques\nIDF-2026-02-02-00001\nArr\u00eat\u00e9 portant publication de la liste nominative\ndes membres du Comit\u00e9 strat\u00e9gique de la\nSoci\u00e9t\u00e9 des grands projets (SGP)\nPr\u00e9fecture de la r\u00e9gion d'Ile-de-France, pr\u00e9fecture de Paris-Secr\u00e9tariat g\u00e9n\u00e9ral aux politiques publiques - IDF-2026-02-02-00001 -\nArr\u00eat\u00e9 portant publication de la liste nominative des membres du Comit\u00e9 strat\u00e9gique de la Soci\u00e9t\u00e9 des grands projets (SGP) 20\nExPR\u00c9FETDE LA R\u00c9GIOND'ILE-DE-FRANCELibert\u00e9Egalit\u00e9Fraternit\u00e9\n  \n \nSecr\u00e9tariat g\u00e9n\u00e9ral aux politiques publiques  \n  Direction des affaires juridiques  \n \n \nPr\u00e9fecture de la r\u00e9gion d'\u00cele-de-France, pr\u00e9fecture de Paris \n5, rue Leblanc 75 911 Paris Cedex 15 | \uf028 Standard : 01 82 52 40 00 \nSite internet : https://www.prefectures-regions.gouv.fr/ile-de-france  \nTwitter : https://twitter.com/Prefet75_IDF  | LindkedIn : https://www.linkedin.com/company/l-\u00e9tat-en-\u00eele-de-f rance/  \n             1 / 12  \n \n \n \nArr\u00eat\u00e9 \n \nportant publication de la liste nominative des membres du Comit\u00e9 strat\u00e9gique de la Soci\u00e9t\u00e9 \ndes grands projets (SGP)  \n \nLE PR\u00c9FET DE LA R\u00c9GION D'\u00ceLE-DE-FRANCE  \nPR\u00c9FET DE PARIS  \nGRAND OFFICIER DE LA L\u00c9GION D'HONNEUR  \nOFFICIER DE L'ORDRE NATIONAL DU M\u00c9RITE  \n \n \n \nVu  la loi  n\u00b0 2010-597 du 3 juin 2010 modifi\u00e9e relative au Grand Paris, notamment le V de son article 8 ;\n \n \nVu le d\u00e9cret n\u00b0 2004-374 du 29 avril 2004 modifi\u00e9 rela tif aux pouvoirs des pr\u00e9fets, \u00e0 l'organisation et \u00e0  l'action \ndes services de l'\u00c9tat dans les r\u00e9gions et d\u00e9partements ; \n \nVu  le d\u00e9cret n\u00b0 2010-756 du 7 juillet 2010 modifi\u00e9 re latif \u00e0 la Soci\u00e9t\u00e9 du Grand Paris (SGP), notamment son \narticle 21 ; \n \nVu  la d\u00e9lib\u00e9ration du 11 octobre 2024 de la commune d e Villiers-le-Bel d\u00e9signant une repr\u00e9sentante titul aire \npour si\u00e9ger au comit\u00e9 strat\u00e9gique de la SGP ; \n \nVu  la d\u00e9lib\u00e9ration du 12 f\u00e9vrier 2025 de la commune d e Ch\u00e2tillon d\u00e9signant une repr\u00e9sentante suppl\u00e9ante pour \nsi\u00e9ger au comit\u00e9 strat\u00e9gique de la SGP ; \n \nVu  la d\u00e9lib\u00e9ration du 12 f\u00e9vrier 2025 de la commune d u Thillay d\u00e9signant un repr\u00e9sentant titulaire et un  \nrepr\u00e9sentant suppl\u00e9ant pour si\u00e9ger au comit\u00e9 strat\u00e9gique de la SGP ; \n \nVu  la d\u00e9lib\u00e9ration du 12 mars 2025 de la commune de G oussainville d\u00e9signant un repr\u00e9sentant titulaire et  un \nrepr\u00e9sentant suppl\u00e9ant pour si\u00e9ger au comit\u00e9 strat\u00e9gique de la SGP ; \n \nVu  la d\u00e9lib\u00e9ration du 10 avril 2025 de la communaut\u00e9 d'agglom\u00e9ration de Roissy Pays de France d\u00e9signant un \nrepr\u00e9sentant titulaire et un repr\u00e9sentant suppl\u00e9ant pour si\u00e9ger au comit\u00e9 strat\u00e9gique de la SGP ; \n \nVu  la d\u00e9lib\u00e9ration du 13 mai 2025 de la commune de Saclay portant \u00e9lection du maire ;  \n \nVu  la d\u00e9lib\u00e9ration du 23 juin 2025 de la commune d'Ar nouville d\u00e9signant un repr\u00e9sentant titulaire et un \nrepr\u00e9sentant suppl\u00e9ant pour si\u00e9ger au comit\u00e9 strat\u00e9gique de la SGP ; \n \nVu  la d\u00e9lib\u00e9ration du 26 juin 2025 de la commune de W issous portant \u00e9lection du maire ;  \n \nVu  la d\u00e9lib\u00e9ration du 2 juillet 2025 de l'assembl\u00e9e g \u00e9n\u00e9rale de la chambre des m\u00e9tiers et de l'artisanat  de r\u00e9gion \n\u00cele-de-France d\u00e9signant un repr\u00e9sentant titulaire pour si\u00e9ger au comit\u00e9 strat\u00e9gique de la SGP ; \n \nVu  la d\u00e9lib\u00e9ration du 29 septembre 2025 de la commune  de Sarcelles d\u00e9signant un repr\u00e9sentant titulaire e t un \nrepr\u00e9sentant suppl\u00e9ant pour si\u00e9ger au comit\u00e9 strat\u00e9gique de la SGP ; \n \nVu  la d\u00e9lib\u00e9ration du 2 octobre 2025 de la commune d' Arcueil d\u00e9signant un repr\u00e9sentant suppl\u00e9ant pour si \u00e9ger \nau comit\u00e9 strat\u00e9gique de la SGP ; \n \nPr\u00e9fecture de la r\u00e9gion d'Ile-de-France, pr\u00e9fecture de Paris-Secr\u00e9tariat g\u00e9n\u00e9ral aux politiques publiques - IDF-2026-02-02-00001 -\nArr\u00eat\u00e9 portant publication de la liste nominative des membres du Comit\u00e9 strat\u00e9gique de la Soci\u00e9t\u00e9 des grands projets (SGP) 21\nPr\u00e9fecture de la r\u00e9gion d'\u00cele-de-France, pr\u00e9fecture de Paris \n5, rue Leblanc 75 911 Paris Cedex 15 | \uf028 Standard : 01 82 52 40 00 \nSite internet : https://www.prefectures-regions.gouv.fr/ile-de-france   \nTwitter : https://twitter.com/Prefet75_IDF | LindkedIn : https://www.linkedin.com/company/l-\u00e9tat-en-\u00eele-de-france/  \n             2 / 12 \nVu  la d\u00e9signation du 9 d\u00e9cembre 2025, par la pr\u00e9siden te de l'Assembl\u00e9e nationale, d'un d\u00e9put\u00e9 si\u00e9geant a u \ncomit\u00e9 strat\u00e9gique de la SGP ; \n \nVu  le courrier du 6 f\u00e9vrier 2025 adress\u00e9 \u00e0 monsieur l e pr\u00e9sident du directoire de la SGP par monsieur \nDominique RESTINO, pr\u00e9sident de la chambre de comme rce et d'industrie de Paris \u00cele-de-France, faisant part \nde la d\u00e9signation par la CCI Paris IDF des repr\u00e9sen tants de la CCI Paris IDF, de la CCID 75, de la CCI D 78, de \nla CCID 92, de la CCID 93, de la CCID 94 et de la CCID 95 au sein du conseil strat\u00e9gique de la SGP ; \n \n \n \nARR\u00caTE  \n \n \nArticle 1 \ner  : \n \nEn application de l'avant-dernier alin\u00e9a de l'artic le 21 du d\u00e9cret n\u00b0 2010-756 du 7 juillet 2010 susvi s\u00e9, la liste \nnominative des membres du comit\u00e9 strat\u00e9gique aupr\u00e8s  du conseil de surveillance de l'\u00e9tablissement publ ic  \nSoci\u00e9t\u00e9 des grands projets est annex\u00e9e au pr\u00e9sent arr\u00eat\u00e9. \n \nArticle 2 :\n \n \nL'arr\u00eat\u00e9 n\u00b0 IDF-2025-01-30-00002 du 30 janvier 2025  relatif \u00e0 la liste nominative des membres du Comit \u00e9 Stra- \nt\u00e9gique de la Soci\u00e9t\u00e9 des grands projets est abrog\u00e9.  \n \nArticle 3 :\n \n \nLa pr\u00e9f\u00e8te, secr\u00e9taire g\u00e9n\u00e9rale aux politiques publ iques de la pr\u00e9fecture de la r\u00e9gion \nd'\u00cele-de-France, pr\u00e9fecture de Paris, est charg\u00e9e d e l'ex\u00e9cution du pr\u00e9sent arr\u00eat\u00e9 qui sera publi\u00e9 au recueil des \nactes administratifs de la pr\u00e9fecture de \nla  r\u00e9gion d'\u00cele-de-France , pr\u00e9fecture de Paris.  \n \n \n \nFait \u00e0 Paris, le 2 f\u00e9vrier 2026 \n \n \nLe pr\u00e9fet de la r\u00e9gion d'\u00cele-de-France, \npr\u00e9fet de Paris, \n \nSign\u00e9 \n \nMarc GUILLAUME  \nPr\u00e9fecture de la r\u00e9gion d'Ile-de-France, pr\u00e9fecture de Paris-Secr\u00e9tariat g\u00e9n\u00e9ral aux politiques publiques - IDF-2026-02-02-00001 -\nArr\u00eat\u00e9 portant publication de la liste nominative des membres du Comit\u00e9 strat\u00e9gique de la Soci\u00e9t\u00e9 des grands projets (SGP) 22\nPr\u00e9fecture de la r\u00e9gion d'\u00cele-de-France, pr\u00e9fecture de Paris \n5, rue Leblanc 75 911 Paris Cedex 15 | \uf028 Standard : 01 82 52 40 00 \nSite internet : https://www.prefectures-regions.gouv.fr/ile-de-france  \nTwitter : https://twitter.com/Prefet75_IDF  | LindkedIn : https://www.linkedin.com/company/l-\u00e9tat-en-\u00eele-de-f rance/  \n             3 / 12 \nANNEXE  \n \n1. Repr\u00e9sentants des communes dont le territoire es t, pour tout ou partie, compris dans \nl'emprise des infrastructures du r\u00e9seau de transpor t public du Grand Paris d\u00e9fini par le \nsch\u00e9ma d'ensemble vis\u00e9 \u00e0 l'avant-dernier alin\u00e9a du II de l'article 2 de la loi du 3 juin 2010 \nsusvis\u00e9e \n \nTitulaires Suppl\u00e9ants \nAlfortville (94)  \nLuc CARVOUNAS, Maire \n \nN. \nAntony (92)  \nJean-Yves S\u00c9NANT, Maire \n \nN. \nAsni\u00e8res -sur -Seine (92)  \nManuel AESCHLIMANN, Maire \n \nN. \nAubervilliers (93)  \nDamien BIDAL, adjoint au Maire \n \nN. \nAulnay -sous -Bois (93)  \nBruno BESCHIZZA, Maire \n \nN. \nBagneux (92)  \nMarie-H\u00e9l\u00e8ne AMIABLE, Maire \n \nN. \nBobigny (93)  \nAbdel SADI, Maire  \n \nN. \nBois -Colombes  (92)  \nYves REVILLON, Maire \n \nN. \nBondy (93)  \nStephen HERVE, Maire \n \nOnur SAGKAN, adjoint au Maire \nBonneuil -en -France (95)  \nAbdellah BENOUARET, Maire  \n \nClaude BONNET, adjoint au Maire \nBoulogne -Billancourt (92)  \nPierre-Christophe BAGUET, Maire \n \nN. \nCachan (94)  \nH\u00e9l\u00e8ne de COMARMOND, Maire \n \nN. \nChampigny -sur -Marne (94)  \nLaurent JEANNE, Maire \n \nN. \nChamps -sur -Marne (77)  \nMaud TALLET, Maire \n \nN. \nCh\u00e2teaufort (78)  \nPatrice BERQUET, Maire \n \nN. \nCh\u00e2tillon (92)  \nNad\u00e8ge AZZAZ, Maire \n \nElodie DORFIAC, adjointe au Maire \nChelles (77)  \nBrice RABASTE, Maire \n \nN. \nChevilly -Larue (94)  \nSt\u00e9phanie DAUMIN, Maire \n \nN. \nClamart (92)  \nYves COSCAS, Maire \n \nN. \nPr\u00e9fecture de la r\u00e9gion d'Ile-de-France, pr\u00e9fecture de Paris-Secr\u00e9tariat g\u00e9n\u00e9ral aux politiques publiques - IDF-2026-02-02-00001 -\nArr\u00eat\u00e9 portant publication de la liste nominative des membres du Comit\u00e9 strat\u00e9gique de la Soci\u00e9t\u00e9 des grands projets (SGP) 23\nPr\u00e9fecture de la r\u00e9gion d'\u00cele-de-France, pr\u00e9fecture de Paris \n5, rue Leblanc 75 911 Paris Cedex 15 | \uf028 Standard : 01 82 52 40 00 \nSite internet : https://www.prefectures-regions.gouv.fr/ile-de-france   \nTwitter : https://twitter.com/Prefet75_IDF | LindkedIn : https://www.linkedin.com/company/l-\u00e9tat-en-\u00eele-de-france/  \n             4 / 12 \nClichy -la -Garenne (92)  \nR\u00e9mi MUZEAU, Maire \n \nN. \nClichy -sous -Bois (93)  \nOlivier KLEIN, Maire \n \nN. \nCourbevoie (92)  \nJacques KOSSOWSKI, Maire \n \nN. \nCr\u00e9teil (94)  \nLaurent CATHALA, Maire \n \nN. \nDrancy (93)  \nAude LAGARDE, Maire \n \nJean-Luc MILLARD, adjoint au Maire \nDugny (93)  \nDominique GAULON, adjoint au Maire \n \nMarie-Claude COLLET, conseill\u00e8re municipale \nFontenay -sous -Bois (94)  \nJean-Philippe GAUTRAIS, Maire \n \nN. \nGarches (92)  \nThierry MARI, adjoint au Maire \n \nBruno GUERRA, conseiller municipal \nGennevilliers (92)  \nPatrice LECLERC, Maire \n \nN. \nGif -sur -Yvette (91)  \nYann CAUCHETIER, Maire \n \nN. \nGonesse (95)  \nJean-Pierre BLAZY, Maire \n \nN. \nGournay -sur -Marne (93)  \n\u00c9ric SCHLEGEL, Maire \n \nN. \nGuyancourt (78)  \nFran\u00e7ois MORTON, Maire \n \nN. \nIssy -les -Moulineaux (92)  \nAndr\u00e9 SANTINI, Maire  \n \nN. \nJoinville -le -Pont (94)  \nOlivier DOSNE, Maire \n \nN. \nLa Courneuve (93)  \nGilles POUX, Maire  \n \nN. \nLe Blanc -Mesnil (93)  \nJean-Philippe RANQUET, Maire \n \nN. \nLe Bourget (93)  \nPhilippe ROBERT, adjoint au Maire \n \nN. \nLe Kremlin -Bic\u00eatre (94)  \nJean-Fran\u00e7ois DELAGE, Maire \n \nN. \nLe Mesnil -Amelot (77)  \nAlain AUBRY, Maire  \n \nN. \nLe Perreux -sur -Marne (94)  \nChristel ROYER, Maire \n \nN. \nL'Ha\u00ff -les -Roses (94)  \nCl\u00e9ment DECROUY, Maire \n \n \nN. \nPr\u00e9fecture de la r\u00e9gion d'Ile-de-France, pr\u00e9fecture de Paris-Secr\u00e9tariat g\u00e9n\u00e9ral aux politiques publiques - IDF-2026-02-02-00001 -\nArr\u00eat\u00e9 portant publication de la liste nominative des membres du Comit\u00e9 strat\u00e9gique de la Soci\u00e9t\u00e9 des grands projets (SGP) 24\nPr\u00e9fecture de la r\u00e9gion d'\u00cele-de-France, pr\u00e9fecture de Paris \n5, rue Leblanc 75 911 Paris Cedex 15 | \uf028 Standard : 01 82 52 40 00 \nSite internet : https://www.prefectures-regions.gouv.fr/ile-de-france  \nTwitter : https://twitter.com/Prefet75_IDF  | LindkedIn : https://www.linkedin.com/company/l-\u00e9tat-en-\u00eele-de-f rance/  \n             5 / 12 \nL'\u00eele -Saint -Denis (93)  \nMohamed GNABALY, Maire \n \nN. \nLivry -Gargan (93)  \nMarie Catherine HERRMANN, adjointe au \nMaire \n \nN. \nMagny -les -Hameaux (78)  \nBertrand HOUILLON, Maire \n \nN. \nMaisons -Alfort (94)  \nMarie-France PARRAIN, Maire \n \nRomain MARIA, adjoint au Maire \nMalakoff (92)  \nJacqueline BELHOMME, Maire \n \nN. \nMarnes -la -Coquette (92)  \nChristiane BARODY-WEISS, Maire \n \nN. \nMassy (91)  \nNicolas SAMSOEN, Maire \n \nN. \nMauregard (77)  \nMadeleine LATOUR, Maire \n \nN. \nMontfermeil (93)  \nXavier LEMOINE, Maire \n \nAlain SCHUMACHER, adjoint au Maire \nMontrouge (92)  \nEtienne LENGEREAU, Maire \n \nN. \nNanterre (92)  \nRapha\u00ebl ADAM, Maire \n \nN. \nNoisy -le -Grand (93)  \nBrigitte MARSIGNY, Maire \n \nN. \nNoisy -le -Sec (93)  \nOlivier SARRABEYROUSE, Maire \n \nN. \nOrly (94)  \nIm\u00e8ne SOUID, Maire \n \nRamzi HAMZA, conseiller municipal \nOrsay (91)  \nFr\u00e9d\u00e9ric HENRIOT, adjoint au Maire  \n \nR\u00e9mi DARMON, Maire \nPalaiseau (91)  \nGr\u00e9goire de LASTEYRIE, Maire \n \nN. \nPantin (93)  \nBertrand KERN, Maire \n \nN. \nParay -Vieille -Poste (91)  \nNathalie LALLIER, Maire \n \nN. \nParis (75)  \nAnne HIDALGO, Maire \n \nN. \nPuteaux (92)  \nJo\u00eblle CECCALDI-RAYNAUD, Maire \n \nN. \nRosny -sous -Bois (93)  \nJean-Paul FAUCONNET, Maire \n \nN. \nRueil -Malmaison (92)  \nPatrick OLLIER, Maire \n \nDenis GABRIEL, adjoint au Maire \nPr\u00e9fecture de la r\u00e9gion d'Ile-de-France, pr\u00e9fecture de Paris-Secr\u00e9tariat g\u00e9n\u00e9ral aux politiques publiques - IDF-2026-02-02-00001 -\nArr\u00eat\u00e9 portant publication de la liste nominative des membres du Comit\u00e9 strat\u00e9gique de la Soci\u00e9t\u00e9 des grands projets (SGP) 25\nPr\u00e9fecture de la r\u00e9gion d'\u00cele-de-France, pr\u00e9fecture de Paris \n5, rue Leblanc 75 911 Paris Cedex 15 | \uf028 Standard : 01 82 52 40 00 \nSite internet : https://www.prefectures-regions.gouv.fr/ile-de-france   \nTwitter : https://twitter.com/Prefet75_IDF | LindkedIn : https://www.linkedin.com/company/l-\u00e9tat-en-\u00eele-de-france/  \n             6 / 12 \nRungis (94)  \nBruno MARCILLAUD, Maire \n \nPatrick ATTARD, adjoint au Maire \nSaclay (91)  \nPierre BOT, Maire \n \nN.  \nSaint -Cloud (92)  \n\u00c9ric BERDOATI, Maire \n \nN. \nSaint -Denis (93)  \nMathieu HANOTIN, Maire \n \nAntoine MOKRANE, adjoint au Maire  de la \ncommune d\u00e9l\u00e9gu\u00e9e de Saint-Denis \nSaint -Maur -des -Foss\u00e9s (94)  \nPierre-Michel DELECROIX, Maire \n \nN. \nSaint -Ouen -sur -Seine  (93)  \nKarim BOUAMRANE, Maire \n \nN. \nSevran (93)  \nSt\u00e9phane BLANCHET, Maire \n \nN. \nS\u00e8vres (92)  \nGr\u00e9goire de la RONCIERE, Maire \n \nN. \nSuresnes (92)  \nGuillaume BOUDY, Maire \n \nN. \nThiais (94)  \nRichard DELL'AGNOLA, Maire \n \nN. \nTremblay -en -France (93)  \nFran\u00e7ois ASENSI, Maire \n \nLuis BARROS, conseiller municipal \nVanves (92)  \nBernard GAUDUCHEAU, Maire \n \nN. \nVaucresson (92)  \nV\u00e9ronique JACQUELINE, Maire  \n \nNicolas MOREAU, conseiller municipal \nVersailles (78)  \nFran\u00e7ois de MAZIERES, Maire \n \nN. \nVillejuif (94)  \nPierre GARZON, Maire \n \nN. \nVillepinte (93)  \nMartine VALLETON, Maire \n \nN. \nVilliers -le -B\u00e2cle (91)  \nGuillaume VALOIS, Maire \n \nN. \nVilliers -sur -Marne (94)  \nJacques Alain BENISTI, Maire \n \nN. \nVitry -sur -Seine (94)  \nPierre BELL-LLOCH, Maire \n \nN. \nWissous  (91)  \nCyrille TELMAN, Maire \n \nPierre SEGUIN, adjoint au Maire \n \n \n \n \n \nPr\u00e9fecture de la r\u00e9gion d'Ile-de-France, pr\u00e9fecture de Paris-Secr\u00e9tariat g\u00e9n\u00e9ral aux politiques publiques - IDF-2026-02-02-00001 -\nArr\u00eat\u00e9 portant publication de la liste nominative des membres du Comit\u00e9 strat\u00e9gique de la Soci\u00e9t\u00e9 des grands projets (SGP) 26\nPr\u00e9fecture de la r\u00e9gion d'\u00cele-de-France, pr\u00e9fecture de Paris \n5, rue Leblanc 75 911 Paris Cedex 15 | \uf028 Standard : 01 82 52 40 00 \nSite internet : https://www.prefectures-regions.gouv.fr/ile-de-france  \nTwitter : https://twitter.com/Prefet75_IDF  | LindkedIn : https://www.linkedin.com/company/l-\u00e9tat-en-\u00eele-de-f rance/  \n             7 / 12 \n2. Repr\u00e9sentants des \u00e9tablissements publics de coop \u00e9ration intercommunale comp\u00e9tents en \nmati\u00e8re d'am\u00e9nagement ou d'urbanisme dont l'une au moins des communes est membre au \ntitre du 1  \n \nTitulaires Suppl\u00e9ants \nM\u00e9tropole du Grand Paris  \nPatrick OLLIER, Pr\u00e9sident \n \nN. \nEPT Vall\u00e9e Sud - Grand Paris (92)  \nCarl SEGAUD, Pr\u00e9sident  \n \nN. \nEPT Grand Paris Seine Ouest (92)  \nPierre-Christophe BAGUET, Pr\u00e9sident  \n \nN. \nEPT Paris Ouest La D\u00e9fense (92)  \n\u00c9ric BERDOATI, Pr\u00e9sident  \n \nN. \nEPT Boucle Nord de Seine (92)  \nPatrice LECLERC, Pr\u00e9sident  \n \nN. \nEPT Plaine Commune (93)  \nMathieu HANOTIN, Pr\u00e9sident  \n \nN. \nEPT Paris Terres d'Envol (93)  \nBruno BESCHIZZA, Pr\u00e9sident  \n \nN. \nEPT Est Ensemble Grand Paris (93)  \nPatrice BESSAC, Pr\u00e9sident  \n \nN. \nEPT Grand Paris Grand Est (93)  \nXavier LEMOINE, Pr\u00e9sident  \n \nN. \nEPT Paris Est Marne et Bois (94)  \nOlivier CAPITANIO, Pr\u00e9sident  \n \nN. \nEPT Grand Paris Sud Est Avenir (94)  \nLaurent CATHALA, Pr\u00e9sident  \n \nN. \nEPT Grand -Orly Seine Bi\u00e8vre (94)  \nMichel LEPRETRE, Pr\u00e9sident  \n \nN. \nCommunaut\u00e9 d'agglom\u00e9ration Paris - Vall\u00e9e de \nla Marne (77)  \nGuillaume LE LAY-FELZINE, Pr\u00e9sident  \n \n \nN. \nCommunaut\u00e9 d'agglom\u00e9ration Saint -Quentin -\nen-Yvelines (78)  \nJean-Michel FOURGOUS, Pr\u00e9sident \n \n \nN. \nCommunaut\u00e9 d'agglom\u00e9ration Versailles Grand \nParc  (78)  \nFran\u00e7ois de MAZIERES, Pr\u00e9sident \n \n \nN. \nCommunaut\u00e9 d'agglom\u00e9ration Paris -Saclay (91)  \nGr\u00e9goire de LASTEYRIE, Pr\u00e9sident \n \nN. \nCommunaut\u00e9 d'agglom\u00e9ration Roissy Pays de \nFrance (95)  \nPascal DOLL, Pr\u00e9sident \n \n \nDaniel HAQUIN, vice-pr\u00e9sident \n \n \n \n \n \nPr\u00e9fecture de la r\u00e9gion d'Ile-de-France, pr\u00e9fecture de Paris-Secr\u00e9tariat g\u00e9n\u00e9ral aux politiques publiques - IDF-2026-02-02-00001 -\nArr\u00eat\u00e9 portant publication de la liste nominative des membres du Comit\u00e9 strat\u00e9gique de la Soci\u00e9t\u00e9 des grands projets (SGP) 27\nPr\u00e9fecture de la r\u00e9gion d'\u00cele-de-France, pr\u00e9fecture de Paris \n5, rue Leblanc 75 911 Paris Cedex 15 | \uf028 Standard : 01 82 52 40 00 \nSite internet : https://www.prefectures-regions.gouv.fr/ile-de-france   \nTwitter : https://twitter.com/Prefet75_IDF | LindkedIn : https://www.linkedin.com/company/l-\u00e9tat-en-\u00eele-de-france/  \n             8 / 12 \n3. Repr\u00e9sentants des communes signataires d'un cont rat de d\u00e9veloppement territorial ne \ndisposant pas d'un repr\u00e9sentant au titre du 1  \n \nTitulaires Suppl\u00e9ants \nArcueil (94)  \nChristian METAIRIE, Maire \n \nJacques GRILL, conseiller municipal \nArnouville (95)  \nPascal DOLL, Maire \n \nAdrien DA COSTA, conseiller municipal  \nBagnolet (93)  \nTony DI MARTINO, Maire \n \nN. \nBi\u00e8vres (91)  \nAnne PELLETIER -LE BARBIER, Maire \n \nPhilippe BAUD, conseiller municipal \nBois d'Arcy (78)  \nPhilippe BENASSAYA, Maire \n \nN.  \nBry -sur -Marne (94)  \nCharles ASLANGUL, Maire \n \nN. \nBures -sur -Yvette (91)  \nJean-Fran\u00e7ois VIGIER, Maire \n \nN. \nCesson (77)  \nOlivier CHAPLET, Maire \n \nN.  \nChaville (92)  \nJean-Jacques GUILLET, Maire \n \nN. \nChennevi\u00e8res -sur -Marne (94)  \nJean-Pierre BARNAUD, Maire \n \nN. \nChoisy -le -Roi (94)  \nTonino PANETTA, Maire \n \nN. \nColombes (92)  \nPatrick CHAIMOVITCH, Maire \n \nN. \nCombs -la -Ville (77)  \nGuy GEOFFROY, Maire \n \nN.  \n\u00c9lancourt (78)  \nJean-Michel FOURGOUS, Maire \n \nN.  \nEpinay -sur -Seine (93)  \nHerv\u00e9 CHEVREAU, Maire \n \nN. \nFresnes (94)  \nMarie CHAVANON, Maire \n \nN. \nGarges -l\u00e8s -Gonesse (95)  \nBenoit JIMENEZ, Maire \n \nN. \nGentilly (94)  \nFatah AGGOUNE, Maire \n \nN. \nGoussainville (95)  \nAbdelwahab ZIGHA, adjoint au Maire  \n \nMarwan CHAMAKHI, adjoint au Maire \nJouy -en -Josas (78)  \nGilles CURTI, adjoint au Maire \n \nJean-Fran\u00e7ois POURSIN, conseiller municipal \nLa Garenne -Colombes (92)  \nJean-Fran\u00e7ois DRANSART, adjoint au Maire  \n \nN. \nPr\u00e9fecture de la r\u00e9gion d'Ile-de-France, pr\u00e9fecture de Paris-Secr\u00e9tariat g\u00e9n\u00e9ral aux politiques publiques - IDF-2026-02-02-00001 -\nArr\u00eat\u00e9 portant publication de la liste nominative des membres du Comit\u00e9 strat\u00e9gique de la Soci\u00e9t\u00e9 des grands projets (SGP) 28\nPr\u00e9fecture de la r\u00e9gion d'\u00cele-de-France, pr\u00e9fecture de Paris \n5, rue Leblanc 75 911 Paris Cedex 15 | \uf028 Standard : 01 82 52 40 00 \nSite internet : https://www.prefectures-regions.gouv.fr/ile-de-france  \nTwitter : https://twitter.com/Prefet75_IDF  | LindkedIn : https://www.linkedin.com/company/l-\u00e9tat-en-\u00eele-de-f rance/  \n             9 / 12 \nLa Verri\u00e8re (78)  \nNicolas DAINVILLE, Maire  \n \nFouzi MOUSSA, adjoint au Maire \nLe Pr\u00e9 -Saint -Gervais (93)  \nLaurent BARON, Maire \n \nN. \nLe Thillay (95)  \nPatrice GEBAUER, Maire  \n \nAlain ESNEE, conseiller municipal  \nLes Lilas (93)  \nLionel BENHAROUS, Maire  \n \nN. \nLes -Loges -en -Josas (78)  \nCaroline DOUCERAIN, Maire \n \nN. \nLes Ulis (91)  \nClovis CASSAN, Maire \n \nN. \nLieusaint (77)  \nMichel BISSON, Maire \n \nN.  \nLouvres (95)  \nEddy THOREAU, Maire \n \nNordine HABIBECHE, adjoint au Maire \nMeudon (92)  \nDenis LARGHERO, Maire \n \nV\u00e9ronique VIAS , conseill\u00e8re municipale \nMoissy -Cramayel (77)  \nLine MAGNE, Maire \n \nN. \nMontigny -le -Bretonneux (78)  \nLorrain MERCKAERT, Maire \n \nJos\u00e9 CACHIN, adjoint au Maire \nMontreuil (93)  \nPatrice BESSAC, Maire \n \nN. \nNandy (77)  \nRen\u00e9 RETHOR\u00c9, Maire \n \nN. \nNeuilly -Plaisance (93)  \nChristian DEMUYNCK, Maire \n \nFran\u00e7ois MARTINACHE, adjoint au Maire \nNeuilly -sur -Marne (93)  \nZartoshte BAKHTIARI, Maire \n \nN.  \nNogent -sur -Marne (94)  \nJacques J.P. Martin, Maire \n \nN. \nPuiseux -en -France (95)  \nNicole BERGERAT, adjointe au Maire \n \nChristine MAHE, adjointe au Maire \nR\u00e9au (77)  \nAlain AUZET, Maire  \n \nN. \nRoissy -en -France (95)  \nPatrick PAMART, adjoint au Maire \n \nMich\u00e8le CALIX, Maire \nRomainville (93)  \nFran\u00e7ois DECHY, Maire \n \nN.  \nSaint -Aubin (91)  \nPierre-Alexandre MOURET, Maire \n \nN. \nSaint -Cyr -l'\u00c9cole (78)  \nSonia BRAU, Maire \n \n \nN.  \nPr\u00e9fecture de la r\u00e9gion d'Ile-de-France, pr\u00e9fecture de Paris-Secr\u00e9tariat g\u00e9n\u00e9ral aux politiques publiques - IDF-2026-02-02-00001 -\nArr\u00eat\u00e9 portant publication de la liste nominative des membres du Comit\u00e9 strat\u00e9gique de la Soci\u00e9t\u00e9 des grands projets (SGP) 29\nPr\u00e9fecture de la r\u00e9gion d'\u00cele-de-France, pr\u00e9fecture de Paris \n5, rue Leblanc 75 911 Paris Cedex 15 | \uf028 Standard : 01 82 52 40 00 \nSite internet : https://www.prefectures-regions.gouv.fr/ile-de-france   \nTwitter : https://twitter.com/Prefet75_IDF | LindkedIn : https://www.linkedin.com/company/l-\u00e9tat-en-\u00eele-de-france/  \n             10  / 12 \nSaint -Pierre -du -Perray (91)  \nMichael GANEM, conseiller municipal \n \nFranck-Olivier GNANAGO, conseiller municipal \nSarcelles (95)  \nSa\u00efd RAHMANI, adjoint au Maire \n \nJean-Jacques KRYS, adjoint au Maire \nSavigny -le -Temple (77)  \nMarie-Line PICHERY, Maire \n \nN.  \nStains (93)  \nAzz\u00e9dine TA\u00cfBI, Maire \n \nN. \nToussus -le -Noble (78)  \nVanessa AUROY, Maire  \n \nN.  \nTrappes (78)  \nAli RABEH, Maire  \n \nN. \nVaud'herland (95)  \nBruno REGAERT, Maire \n \nN.  \nV\u00e9lizy -Villacoublay (78)  \nPascal THEVENOT, Maire \n \nN.  \nVert -Saint -Denis (77)  \n\u00c9ric BAREILLE, Maire \n \nN. \nVille d'Avray (92)  \nAline de MARCILLAC, Maire  \n \nN. \nVilletaneuse (93)  \nDieunor EXCELLENT, Maire \n \nN. \nVilliers -le -Bel (95)  \nDjida DJALLALI-TECHTACH, Maire \n \nN. \nViroflay (78)  \nOlivier LEBRUN, Maire \n \nN. \nVoisins -le -Bretonneux (78)  \nAlexandre ROSETTI, Maire \n \nN.  \n \n \n4. Repr\u00e9sentants des \u00e9tablissements publics de coop \u00e9ration intercommunale comp\u00e9tents en \nmati\u00e8re d'am\u00e9nagement ou d'urbanisme dont l'une au moins des communes est membre au \ntitre du 3 ne disposant pas d'un repr\u00e9sentant au titre du 2 \n \nCommunaut\u00e9 d'agglom\u00e9ration Grand Paris Sud \nSeine Essonne S\u00e9nart (91) \nMichel BISSON, Pr\u00e9sident \n \n \nN. \n \n \n5. Deux d\u00e9put\u00e9s d\u00e9sign\u00e9s par le pr\u00e9sident de l'Assembl\u00e9e nationale  \n \nNathalie DA CONCEICAO CARVALHO \nLionel CAUSSE \n \n \n \n \n \nPr\u00e9fecture de la r\u00e9gion d'Ile-de-France, pr\u00e9fecture de Paris-Secr\u00e9tariat g\u00e9n\u00e9ral aux politiques publiques - IDF-2026-02-02-00001 -\nArr\u00eat\u00e9 portant publication de la liste nominative des membres du Comit\u00e9 strat\u00e9gique de la Soci\u00e9t\u00e9 des grands projets (SGP) 30\nPr\u00e9fecture de la r\u00e9gion d'\u00cele-de-France, pr\u00e9fecture de Paris \n5, rue Leblanc 75 911 Paris Cedex 15 | \uf028 Standard : 01 82 52 40 00 \nSite internet : https://www.prefectures-regions.gouv.fr/ile-de-france  \nTwitter : https://twitter.com/Prefet75_IDF  | LindkedIn : https://www.linkedin.com/company/l-\u00e9tat-en-\u00eele-de-f rance/  \n             11  / 12 \n6. Deux s\u00e9nateurs d\u00e9sign\u00e9s par le pr\u00e9sident du S\u00e9nat  \n \nChristine LAVARDE \nHerv\u00e9 MARSEILLE \n \n \n7. Repr\u00e9sentants des Chambres de Commerce et d'Indu strie D\u00e9partementale et de la Chambre \nde Commerce et d'Industrie R\u00e9gionale d'\u00cele-de-France  \n \nTitulaires \n Suppl\u00e9ants  \nChambre de Commerce et d'Industrie \nR\u00e9gionale d'\u00cele-de-France \nDominique RESTINO, Pr\u00e9sident \n \nChambre de Commerce et d'Industrie de \nParis (75) \nSoumia MALINBAUM, Pr\u00e9sidente \n \nChambre  de Commerce et d'Industrie de \nSeine-et-Marne (77) \nJean-Charles HERRENSCHMIDT, Pr\u00e9sident  \n \n \nDaniel NABET, membre d\u00e9l\u00e9gu\u00e9 \n \nChambre de Commerce et d'Industrie des \nYvelines (78) \nGuillaume CAIROU, Pr\u00e9sident \n \nChambre de Commerce et d'Industrie de \nl'Essonne (91) \nJos\u00e9 RAMOS, Repr\u00e9sentant \n \nChambre de Commerce et d'Industrie des \nHauts-de-Seine (92) \nPorfirio ESTEVES, Repr\u00e9sentant \n \nChambre de Commerce et d'Industrie de \nSeine-Saint-Denis (93) \nDanielle DUBRAC, Pr\u00e9sidente \n \nChambre de Commerce et d'Industrie du Val -\nde-Marne (94) \nSally BENNACER, Pr\u00e9sidente \n \nChambre de Commerce et d'Industrie du Val -\nd'Oise (95) \nPierre KUCHLY, Pr\u00e9sident \n \n \n \n8. Repr\u00e9sentant titulaire de la Chambre de M\u00e9tiers et de l'Artisanat de l'\u00cele-de-France  \n \nFrancis DUBRAC, vice-pr\u00e9sident \n \n \n9. Repr\u00e9sentants des organisations syndicales  \n \nMyriam ARMENGAUD  CGT \n  \n  \nPr\u00e9fecture de la r\u00e9gion d'Ile-de-France, pr\u00e9fecture de Paris-Secr\u00e9tariat g\u00e9n\u00e9ral aux politiques publiques - IDF-2026-02-02-00001 -\nArr\u00eat\u00e9 portant publication de la liste nominative des membres du Comit\u00e9 strat\u00e9gique de la Soci\u00e9t\u00e9 des grands projets (SGP) 31\nPr\u00e9fecture de la r\u00e9gion d'\u00cele-de-France, pr\u00e9fecture de Paris \n5, rue Leblanc 75 911 Paris Cedex 15 | \uf028 Standard : 01 82 52 40 00 \nSite internet : https://www.prefectures-regions.gouv.fr/ile-de-france   \nTwitter : https://twitter.com/Prefet75_IDF | LindkedIn : https://www.linkedin.com/company/l-\u00e9tat-en-\u00eele-de-france/  \n             12  / 12 \n \n10. Repr\u00e9sentants des organisations professionnelles  \n \nVal\u00e9rie MULLER  CCI \nJean-Michel RICHARD  SNCF \nEric GELPE  MEDEF \n \n \n \n \nPr\u00e9fecture de la r\u00e9gion d'Ile-de-France, pr\u00e9fecture de Paris-Secr\u00e9tariat g\u00e9n\u00e9ral aux politiques publiques - IDF-2026-02-02-00001 -\nArr\u00eat\u00e9 portant publication de la liste nominative des membres du Comit\u00e9 strat\u00e9gique de la Soci\u00e9t\u00e9 des grands projets (SGP) 32","date":"2026-02-02","first_seen_on":"2026-02-02T18:17:29+00:00","id":"cdbd113d4822183d9ec1b9dce7d6b829892ec2ac142c62c51779c12906c7314e","name":"recueil-idf-002-2026-02-RAA-nominatifs du 02.02.2026","pdf_creation_date":"2026-02-02T16:14:53+00:00","pdf_modification_date":null,"timezone":"Europe/Paris","url":"https://www.prefectures-regions.gouv.fr/ile-de-france/irecontenu/telechargement/135147/989418/file/recueil-idf-002-2026-02-RAA-nominatifs%20du%2002.02.2026.pdf"}
