{"administration":"prefidf","administration_name":"Pr\u00e9fecture de la r\u00e9gion \u00cele-de-France","content":"PREFECTURE\nREGION ILE DE\nFRANCE\nRECUEIL DES ACTES\nADMINISTRATIFS SP\u00c9CIAL\nN\u00b0IDF-017-2025-04\nPUBLI\u00c9 LE  7 AVRIL 2025\nSommaire\nAgence R\u00e9gionale de Sant\u00e9 - D\u00e9l\u00e9gation D\u00e9partementale du Val\nd'Oise / secr\u00e9tariat de direction\nIDF-2025-04-07-00005 - Arr\u00eat\u00e9 DS n\u00b0009/2025 portant d\u00e9l\u00e9gation\nde signature du directeur g\u00e9n\u00e9ral ARS Ile-de-France pour le directeur\nde la d\u00e9l\u00e9gation d\u00e9partementale du Val-de-Marne (4 pages) Page 3\nRectorat de l'acad\u00e9mie de Cr\u00e9teil / Affaires juridiques\nIDF-2025-04-04-00017 - Arr\u00eat\u00e9 du 4 avril 2025 portant d\u00e9l\u00e9gation \u00e0\nmadame Sandrine LANDES, cheffe de la division des affaires financi\u00e8res\ndu rectorat de Cr\u00e9teil, responsable du programme \u00ab cartes d'achat\n\u00bb pour la d\u00e9livrance des cartes d'achat pour l'ex\u00e9cution des\nd\u00e9penses sur l'action 6 (service national universel) de l'UO\nr\u00e9gionale 163 \u00ab jeunesse et vie associative \u00bb  (2 pages) Page 8\nIDF-2025-04-04-00012 - Arr\u00eat\u00e9 du 4 avril 2025 portant d\u00e9l\u00e9gation de\nsignature \u00e0 madame Anne TANGUY, cheffe de la division des personnels\nadministratifs, techniques, sociaux, de sant\u00e9 et d'encadrement (DPAE)\nau rectorat de l'acad\u00e9mie de Cr\u00e9teil  (4 pages) Page 11\nIDF-2025-04-04-00014 - Arr\u00eat\u00e9 du 4 avril 2025 portant d\u00e9l\u00e9gation de\nsignature \u00e0 madame Sandrine LAIR, directrice acad\u00e9mique des services\nde l'\u00e9ducation nationale dans le d\u00e9partement de la Seine-Saint-Denis \n(5 pages) Page 16\nIDF-2025-04-04-00016 - Arr\u00eat\u00e9 du 4 avril 2025 portant d\u00e9l\u00e9gation de\nsignature \u00e0 madame Sandrine LANDES, cheffe de la division des affaires\nfinanci\u00e8res (DAF) du rectorat de Cr\u00e9teil (5 pages) Page 22\nIDF-2025-04-04-00015 - Arr\u00eat\u00e9 du 4 avril 2025 portant d\u00e9l\u00e9gation de\nsignature \u00e0 madame Val\u00e9rie DEBUCHY directrice acad\u00e9mique des\nservices de l'\u00e9ducation nationale du d\u00e9partement de la\nSeine-et-Marne (5 pages) Page 28\nIDF-2025-04-04-00013 - Arr\u00eat\u00e9 du 4 avril 2025 portant d\u00e9l\u00e9gation de\nsignature \u00e0 monsieur Gr\u00e9gory PREMON, directeur acad\u00e9mique des\nservices de l'\u00e9ducation nationale dans le d\u00e9partement du\nVal-de-Marne (5 pages) Page 34\nIDF-2025-04-04-00011 - Arr\u00eat\u00e9 du 4 avril 2025 portant subd\u00e9l\u00e9gation\nde signature \u00e0 monsieur Mehdi CHERFI, secr\u00e9taire g\u00e9n\u00e9ral de\nl'acad\u00e9mie de Cr\u00e9teil, en mati\u00e8re d'ordonnancement\nsecondaire (5 pages) Page 40\n2\nAgence R\u00e9gionale de Sant\u00e9 - D\u00e9l\u00e9gation\nD\u00e9partementale du Val d'Oise\nIDF-2025-04-07-00005\nArr\u00eat\u00e9 DS n\u00b0009/2025 portant d\u00e9l\u00e9gation de\nsignature du directeur g\u00e9n\u00e9ral ARS Ile-de-France\npour le directeur de la d\u00e9l\u00e9gation\nd\u00e9partementale du Val-de-Marne\nAgence R\u00e9gionale de Sant\u00e9 - D\u00e9l\u00e9gation D\u00e9partementale du Val d'Oise - IDF-2025-04-07-00005 - Arr\u00eat\u00e9 DS n\u00b0009/2025 portant\nd\u00e9l\u00e9gation de signature du directeur g\u00e9n\u00e9ral ARS Ile-de-France pour le directeur de la d\u00e9l\u00e9gation d\u00e9partementale du Val-de-Marne 3\nE =R\u00c9PUBLIQUEFRAN\u00c7AISELibert\u00e9Egalit\u00e9Fraternit\u00e9\nAr\u00a9 D Agence R\u00e9gionale de Sant\u00e9\u00cele-de-France\n1/4\nAGENCE R\u00c9GIONALE DE SANT\u00c9 \u00ceLE-DE-FRANCE\nARR\u00caT\u00c9 DS N\u00b0 009/2025\nportant d\u00e9l\u00e9gation de signature\nLE DIRECTEUR G\u00c9N\u00c9RAL DE L'AGENCE R\u00c9GIONALE DE SANT\u00c9 \u00ceLE-DE-FRANCE\nVU le code de la sant\u00e9 publique et notamment le titre III du livre IV de la premi\u00e8re partie, consacr\u00e9\naux Agences r\u00e9gionales de sant\u00e9 ;\nVU le code de l'action sociale et des familles ;\nVU le code de la s\u00e9curit\u00e9 sociale ;\nVU le code du travail ;\nVU le code de la d\u00e9fense ;\nVU le code de l'environnement ;\nVU le d\u00e9cret du 10 avril 2024 portant nomination de Monsieur Denis ROBIN, Directeur g\u00e9n\u00e9ral de\nl'Agence r\u00e9gionale de sant\u00e9 \u00cele-de-France, \u00e0 compter du 29 avril 2024 ;\nCONSID\u00c9RANT les centres de responsabilit\u00e9 budg\u00e9taires (ci-apr\u00e8s d\u00e9nomm\u00e9s CRB) entre lesquels\nsont r\u00e9partis les autorisations d'engagements et cr\u00e9dits de paiements budg\u00e9taires\nallou\u00e9s \u00e0 l'Agence r\u00e9gionale de sant\u00e9 \u00cele-de-France :\n\u2192 CRB Pilotage ci-apr\u00e8s d\u00e9nomm\u00e9 CRB PILOT ;\n\u2192 CRB Frais g\u00e9n\u00e9raux ci-apr\u00e8s d\u00e9nomm\u00e9 CRB FG ;\n\u2192 CRB Immobilier ci-apr\u00e8s d\u00e9nomm\u00e9 CRB IMMO ;\n\u2192 CRB Logistique et s\u00e9curit\u00e9 ci-apr\u00e8s d\u00e9nomm\u00e9 CRB LOG ;\n\u2192 CRB Soutien juridique ci-apr\u00e8s d\u00e9nomm\u00e9 CRB JURIS ;\n\u2192 CRB Masse salariale ci-apr\u00e8s d\u00e9nomm\u00e9 CRB PAYE ;\n\u2192 CRB Recrutement et formation ci-apr\u00e8s d\u00e9nomm\u00e9 CRB FOREC ;\n\u2192 CRB Relations sociales ci-apr\u00e8s d\u00e9nomm\u00e9 CRB SOC ;\n\u2192 CRB Innovation, recherche et transformation num\u00e9rique ci-apr\u00e8s\nd\u00e9nomm\u00e9 CRB DINOV ;\n\u2192 CRB Informatique ci-apr\u00e8s d\u00e9nomm\u00e9 CRB SI ;\n\u2192 CRB Veille et s\u00e9curit\u00e9 sanitaires ci-apr\u00e8s d\u00e9nomm\u00e9 CRB DVSS ;\n\u2192 CRB Sant\u00e9 publique ci-apr\u00e8s d\u00e9nomm\u00e9 CRB DSP ;\n\u2192 CRB Offre de soins ci-apr\u00e8s d\u00e9nomm\u00e9 CRB DOS ;\n\u2192 CRB Autonomie ci-apr\u00e8s d\u00e9nomm\u00e9 CRB DA ;\n\u2192 CRB Communication ci-apr\u00e8s d\u00e9nomm\u00e9 CRB COM ;\n\u2192 CRB Documentation ci-apr\u00e8s d\u00e9nomm\u00e9 CRB DOC ;\n\u2192 CRB D\u00e9mocratie sanitaire ci-apr\u00e8s d\u00e9nomm\u00e9 CRB DEMOS ;\n\u2192 CRB D\u00e9l\u00e9gation de Paris ci-apr\u00e8s d\u00e9nomm\u00e9 CRB DD75 ;\n\u2192 CRB D\u00e9l\u00e9gation de Seine-et-Marne ci-apr\u00e8s d\u00e9nomm\u00e9 CRB DD77 ;\n\u2192 CRB D\u00e9l\u00e9gation des Yvelines ci-apr\u00e8s d\u00e9nomm\u00e9 CRB DD78 ;\n\u2192 CRB D\u00e9l\u00e9gation de l'Essonne ci-apr\u00e8s d\u00e9nomm\u00e9 CRB DD91 ;\n\u2192 CRB D\u00e9l\u00e9gation des Hauts-de-Seine ci-apr\u00e8s d\u00e9nomm\u00e9 CRB DD92 ;\n\u2192 CRB D\u00e9l\u00e9gation de Seine-Saint-Denis ci-apr\u00e8s d\u00e9nomm\u00e9 CRB DD93 ;\n\u2192 CRB D\u00e9l\u00e9gation du Val-de-Marne ci-apr\u00e8s d\u00e9nomm\u00e9 CRB DD94 ;\n\u2192 CRB D\u00e9l\u00e9gation du Val-d'Oise ci-apr\u00e8s d\u00e9nomm\u00e9 CRB DD95 ;\nAgence R\u00e9gionale de Sant\u00e9 - D\u00e9l\u00e9gation D\u00e9partementale du Val d'Oise - IDF-2025-04-07-00005 - Arr\u00eat\u00e9 DS n\u00b0009/2025 portant\nd\u00e9l\u00e9gation de signature du directeur g\u00e9n\u00e9ral ARS Ile-de-France pour le directeur de la d\u00e9l\u00e9gation d\u00e9partementale du Val-de-Marne 4\n2/4\nARRETE\nARTICLE 1er\n1.1 D\u00e9l\u00e9gation est donn\u00e9e \u00e0 Monsieur \u00c9ric VECHARD, Directeur de la d\u00e9l\u00e9gation d\u00e9partementale du\nVal-de-Marne, \u00e0 effet de signer, pour la d\u00e9l\u00e9gation d\u00e9partementale du Val-de-Marne, tout acte\nunilat\u00e9ral ou convention , concernant le d\u00e9partement du Val-de-Marne et relatifs aux domaines\nsuivants :\n- Ambulatoire et services aux professionnels de sant\u00e9\n- Etablissements et services de sant\u00e9\n- \u00c9tablissements et services m\u00e9dico-sociaux\n- Pr\u00e9vention et promotion de la sant\u00e9\n- Veille et s\u00e9curit\u00e9 sanitaires\n- D\u00e9mocratie en sant\u00e9 et inspections.\n1.2 Cette d\u00e9l\u00e9gation inclut :\na. La signature de tous les actes ou pi\u00e8ces, relatifs aux proc\u00e9dures contentieuses relevant des actes\nfaisant grief, dans les domaines vis\u00e9s ci-dessus et la d\u00e9signation des agents, plac\u00e9s sous son\nautorit\u00e9, charg\u00e9s d'assurer la repr\u00e9sentation du Directeur g\u00e9n\u00e9ral de l'Agence r\u00e9gionale de sant\u00e9\n\u00cele-de-France \u00e0 l'audience dans le cadre desdites proc\u00e9dures ;\nb. La signature de tous les actes valant engagement juridique inf\u00e9rieur ou \u00e9gal \u00e0 deux cent cinquante\nmille euros (250 000 \u20ac) dans le cadre exclusif des autorisations d'engagement notifi\u00e9es au CRB\nDD94, pour les actes relevant de l'enveloppe d'intervention du budget annexe ;\nc. La signature des ordres de payer donn\u00e9s au comptable, dans le cadre exclusif des cr\u00e9dits de\npaiement allou\u00e9s au CRB DD94.\nARTICLE 2\nDemeurent r\u00e9serv\u00e9s \u00e0 la signature du Directeur g\u00e9n\u00e9ral de l'Agence r\u00e9gionale de sant\u00e9 \u00cele-de-France :\n- Les actes de saisine du tribunal administratif et de la chambre r\u00e9gionale des comptes d'\u00cele-de-France,\n- Concernant les \u00e9tablissements et services prenant en charge les personnes \u00e2g\u00e9es et les personnes en\nsituation de handicap, les arr\u00eat\u00e9s autorisant la cr\u00e9ation d'\u00e9tablissements et services, les projets\nd'extension sup\u00e9rieure \u00e0 30% des capacit\u00e9s install\u00e9es au sens des dispositions de l'article L.313-1-1 du\nCASF, la cession d'autorisation ainsi que les actes pronon\u00e7ant la mise sous administration provisoire\nd'\u00e9tablissements,\n- Les arr\u00eat\u00e9s d'autorisation, de modification, de transfert ou de cessation d'activit\u00e9 de toutes les autres\nstructures relevant de la comp\u00e9tence de l'Agence r\u00e9gionale de sant\u00e9 \u00cele-de-France, \u00e0 l'exception de\nceux relatifs aux officines de pharmacie, aux laboratoires de biologie m\u00e9dicale et aux soci\u00e9t\u00e9s de\ntransport sanitaire,\n- Les correspondances adress\u00e9es au Pr\u00e9sident de la R\u00e9publique, aux Ministres, aux membres du\nGouvernement, aux Parlementaires et aux Pr\u00e9sidents des conseils r\u00e9gionaux et d\u00e9partementaux.\nARTICLE 3\nEn cas d'absence ou d'emp\u00eachement du Directeur de la d\u00e9l\u00e9gation d\u00e9partementale du Val-de-Marne ,\nd\u00e9l\u00e9gation de signature est donn\u00e9e \u00e0 Monsieur Matthieu BOUSSARIE, Directeur adjoint de la d\u00e9l\u00e9gation\nd\u00e9partementale du Val-de-Marne , pour les m\u00eames actes et domaines d'intervention que ceux vis\u00e9s \u00e0\nl'article 1er.\nAgence R\u00e9gionale de Sant\u00e9 - D\u00e9l\u00e9gation D\u00e9partementale du Val d'Oise - IDF-2025-04-07-00005 - Arr\u00eat\u00e9 DS n\u00b0009/2025 portant\nd\u00e9l\u00e9gation de signature du directeur g\u00e9n\u00e9ral ARS Ile-de-France pour le directeur de la d\u00e9l\u00e9gation d\u00e9partementale du Val-de-Marne 5\n3/4\nARTICLE 4\nEn cas d'absence ou d'emp\u00eachement du Directeur de la d\u00e9l\u00e9gation d\u00e9partementale du Val-de-Marne et de\nson adjoint, d\u00e9l\u00e9gation de signature est donn\u00e9e aux responsables de d\u00e9partement cit\u00e9s ci-apr\u00e8s, dans la\nlimite de la comp\u00e9tence de leur d\u00e9partement, \u00e0 l'exclusion des actes financiers (engagements et ordres de\npayer) vis\u00e9s \u00e0 l'article 1.2 b et 1.2 c :\nNom des cadres et qualit\u00e9 Mati\u00e8res et domaines concern\u00e9s\nMonsieur Cl\u00e9ment BASSI, responsable du d\u00e9partement\nsant\u00e9 environnement -d\u00e9fense s\u00e9curit\u00e9\nVeille et s\u00e9curit\u00e9 sanitaires\nMadame Chrystelle BERTHON, responsable du\nd\u00e9partement pr\u00e9vention et promotion de la sant\u00e9\nPr\u00e9vention et promotion de la sant\u00e9\nMadame Olivia BREDIN, responsable du d\u00e9partement\nautonomie\nEtablissements et services m\u00e9dico-sociaux\nMonsieur R\u00e9gis GARDIN, responsable du d\u00e9partement\noffre de soins\nAmbulatoire et services aux professionnels \nde sant\u00e9\nEtablissements et services de sant\u00e9\nARTICLE 5\nEn cas d'absence ou d'emp\u00eachement simultan\u00e9 du Directeur et du Directeur adjoint de la d\u00e9l\u00e9gation\nd\u00e9partementale du Val-de-Marne et des responsables de d\u00e9partement, d\u00e9l\u00e9gation de signature est donn\u00e9e\naux agents suivants, dans la limite de la comp\u00e9tence de leur direction et d\u00e9partement d'affectation, \u00e0\nl'exclusion des actes financiers (engagements et ordres de payer) vis\u00e9s \u00e0 l'article 1.2 b et 1.2 c :\nNom des agents Domaines concern\u00e9s\nMadame Alice PUECH-PECOT, adjointe de la\nresponsable du d\u00e9partement pr\u00e9vention et promotion de\nla sant\u00e9\nPr\u00e9vention et promotion de la sant\u00e9\nMadame Marjorie BROU, adjointe du responsable du\nd\u00e9partement sant\u00e9 environnement -d\u00e9fense s\u00e9curit\u00e9\nSant\u00e9 environnement \u2013 d\u00e9fense s\u00e9curit\u00e9\nMadame C\u00e9line TURREL, adjointe de la responsable du\nd\u00e9partement autonomie\nEtablissements et services m\u00e9dico-sociaux\nMonsieur Renaud BRAY , adjoint du responsable du\nd\u00e9partement offre de soins\nAmbulatoire et services aux professionnels \nde sant\u00e9\nEtablissements et services de sant\u00e9\nMadame Caroline CASSONNET Sant\u00e9 environnement \u2013 d\u00e9fense s\u00e9curit\u00e9\nMonsieur Emmanuel IBI Sant\u00e9 environnement \u2013 d\u00e9fense s\u00e9curit\u00e9\nMonsieur Walid TOUIL Sant\u00e9 environnement \u2013 d\u00e9fense s\u00e9curit\u00e9\nMadame Oph\u00e9lie MILERT Sant\u00e9 environnement \u2013 d\u00e9fense s\u00e9curit\u00e9\nMonsieur Mayoro Kebe MANE Sant\u00e9 environnement \u2013 d\u00e9fense s\u00e9curit\u00e9\nMadame Hinda MILLIEZ Sant\u00e9 environnement \u2013 d\u00e9fense s\u00e9curit\u00e9\nARTICLE 6\nD\u00e9l\u00e9gation de signature est donn\u00e9e \u00e0 Madame Laureen WELSCHBILLIG, Directrice de la d\u00e9l\u00e9gation\nd\u00e9partementale du Val-d'Oise, \u00e0 effet de signer, tous les actes relatifs au domaine des eaux conditionn\u00e9es,\nrelevant de la comp\u00e9tence de l'Agence r\u00e9gionale de sant\u00e9 \u00cele-de-France.\nEn cas d'absence ou d'emp\u00eachement de la Directrice de la d\u00e9l\u00e9gation d\u00e9partementale du Val-d'Oise, la\nd\u00e9l\u00e9gation qui lui est conf\u00e9r\u00e9e est donn\u00e9e, dans le domaine pr\u00e9cit\u00e9, \u00e0 Monsieur Pierre MARECHAL,\nDirecteur adjoint de la d\u00e9l\u00e9gation d\u00e9partementale du Val-d'Oise.\nEn cas d'absence ou d'emp\u00eachement de la Directrice et du Directeur adjoint de la d\u00e9l\u00e9gation\nd\u00e9partementale du Val-d'Oise, d\u00e9l\u00e9gation de signature est donn\u00e9e, dans le domaine pr\u00e9cit\u00e9, \u00e0 :\nAgence R\u00e9gionale de Sant\u00e9 - D\u00e9l\u00e9gation D\u00e9partementale du Val d'Oise - IDF-2025-04-07-00005 - Arr\u00eat\u00e9 DS n\u00b0009/2025 portant\nd\u00e9l\u00e9gation de signature du directeur g\u00e9n\u00e9ral ARS Ile-de-France pour le directeur de la d\u00e9l\u00e9gation d\u00e9partementale du Val-de-Marne 6\n4/4\n- Monsieur Judica\u00ebl LAPORTE, d\u00e9partement sant\u00e9 environnement\n- Madame Helen LE GUEN, d\u00e9partement sant\u00e9 environnement\n- Madame Astrid REVILLON, d\u00e9partement sant\u00e9 environnement.\nARTICLE 7\nL'arr\u00eat\u00e9 DS N\u00b0046/2024 du 29 avril 2024 portant d\u00e9l\u00e9gation de signature du Directeur g\u00e9n\u00e9ral de l'Agence\nr\u00e9gionale de sant\u00e9 \u00cele-de-France est abrog\u00e9.\nARTICLE 8\nLe Directeur de la d\u00e9l\u00e9gation d\u00e9partementale du Val-de-Marne est charg\u00e9 de l'ex\u00e9cution du pr\u00e9sent arr\u00eat\u00e9\nqui sera publi\u00e9 au recueil des actes administratifs de la pr\u00e9fecture de la r\u00e9gion d'\u00cele-de-France et du Val-\nde-Marne.\nLa Directrice de la d\u00e9l\u00e9gation d\u00e9partementale du Val-d'Oise est charg\u00e9e, pour ce qui la concerne, de\nl'ex\u00e9cution du pr\u00e9sent arr\u00eat\u00e9 qui sera publi\u00e9 au recueil des actes administratifs de la pr\u00e9fecture de la r\u00e9gion\nd'\u00cele-de-France et du Val-d'Oise.\nFait \u00e0 Saint-Denis, le \nLe Directeur g\u00e9n\u00e9ral\nde l'Agence r\u00e9gionale de sant\u00e9\n\u00cele-de-France\n \nAgence R\u00e9gionale de Sant\u00e9 - D\u00e9l\u00e9gation D\u00e9partementale du Val d'Oise - IDF-2025-04-07-00005 - Arr\u00eat\u00e9 DS n\u00b0009/2025 portant\nd\u00e9l\u00e9gation de signature du directeur g\u00e9n\u00e9ral ARS Ile-de-France pour le directeur de la d\u00e9l\u00e9gation d\u00e9partementale du Val-de-Marne 7\nRectorat de l'acad\u00e9mie de Cr\u00e9teil\nIDF-2025-04-04-00017\nArr\u00eat\u00e9 du 4 avril 2025 portant d\u00e9l\u00e9gation \u00e0\nmadame Sandrine LANDES, cheffe de la division\ndes affaires financi\u00e8res du rectorat de Cr\u00e9teil,\nresponsable du programme \u00ab cartes d'achat \u00bb\npour la d\u00e9livrance des cartes d'achat pour\nl'ex\u00e9cution des d\u00e9penses sur l'action 6 (service\nnational universel) de l'UO r\u00e9gionale 163 \u00ab\njeunesse et vie associative \u00bb \nRectorat de l'acad\u00e9mie de Cr\u00e9teil - IDF-2025-04-04-00017 - Arr\u00eat\u00e9 du 4 avril 2025 portant d\u00e9l\u00e9gation \u00e0 madame Sandrine LANDES,\ncheffe de la division des affaires financi\u00e8res du rectorat de Cr\u00e9teil, responsable du programme \u00ab cartes d'achat \u00bb pour la d\u00e9livrance\ndes cartes d'achat pour l'ex\u00e9cution des d\u00e9penses sur l'action 6 (service national universel) de l'UO r\u00e9gionale 163 \u00ab jeunesse et vie\nassociative \u00bb \n8\nExACADEMIEDE CRETEILLibert\u00e9Egalit\u00e9Fraternit\u00e9\n1 \n Arr\u00eat\u00e9 du 4 avril 2025 portant d\u00e9l\u00e9gation \u00e0 madame Sandrine LANDES, cheffe de la division des \naffaires financi\u00e8res du rectorat de Cr\u00e9teil, responsable du programme \u00ab cartes d'achat \u00bb pour la \nd\u00e9livrance des cartes d'achat pour l'ex\u00e9cution des d\u00e9penses sur l'action 6 (service national universel) \nde l'UO r\u00e9gionale 163 \u00ab jeunesse et vie associative \u00bb \n \n \n \n LE RECTEUR DE L'ACADEMIE DE CRETEIL \n \n \n \n \nVU la loi organique n\u00b0 2001-692 du 1er ao\u00fbt 2001 modifi\u00e9e relative aux lois de finances ; \nVU le code de l'\u00e9ducation et notamment les article R. 222-16-4, R. 222-17, R. 222-17-1 et notamment son premier \nalin\u00e9a et R. 222-20 et suivants ; \nVU  le code de la commande publique ;  \nVU le d\u00e9cret n\u00b0 2004-374 du 29 avril 2004 modifi\u00e9 relatif aux pouvoirs des pr\u00e9fets, \u00e0 l'organisation et \u00e0 l'action des \nservices de l'Etat dans les r\u00e9gions et d\u00e9partements ; \nVU le d\u00e9cret n\u00b0 2004-1085 du 14 octobre 2004 modifi\u00e9 relatif \u00e0 la d\u00e9l\u00e9gation de gestion dans les services de l'Etat ; \nVU le d\u00e9cret n\u00b0 2012-1246 du 7 novembre 2012 modifi\u00e9 relatif \u00e0 la gestion budg\u00e9taire et comptable publique ; \nVU le d\u00e9cret n\u00b0 2019-1200 du 20 novembre 2019 relatif \u00e0 l'organisation des services d\u00e9concentr\u00e9s des minist\u00e8res \ncharg\u00e9s de l'\u00e9ducation nationale, de l'enseignement sup\u00e9rieur, de la recherche et de l'innovation ; \nVU le d\u00e9cret du 12 mars 2025 nommant madame Julie BENETTI rectrice de la r\u00e9gion acad\u00e9mique Ile-de-France, \nrectrice de l'acad\u00e9mie de Paris, chanceli\u00e8re des universit\u00e9s de Paris et d'Ile-de-France ;   \nVU le d\u00e9cret du 12 mars 2025 nommant monsieur Jean-Fran\u00e7ois CHANET recteur de l'acad\u00e9mie de Cr\u00e9teil ;   \nVU l'arr\u00eat\u00e9 du 3 juillet 2009 portant r\u00e8glement de comptabilit\u00e9 pour la d\u00e9signation des ordonnateurs secondaires et \nde leurs d\u00e9l\u00e9gu\u00e9s en ce qui concerne le minist\u00e8re de l'\u00e9ducation nationale ; \nVU l'arr\u00eat\u00e9 du 22 d\u00e9cembre 2022 relatif aux r\u00e8gles de la comptabilit\u00e9 budg\u00e9taire de l'Etat pris en application de \nl'article 54 du d\u00e9cret n\u00b0 2012-1246 du 7 novembre 2012 modifi\u00e9 relatif \u00e0 la gestion budg\u00e9taire et comptable \npublique ; \nVU l'arr\u00eat\u00e9 du pr\u00e9fet de la r\u00e9gion d'Ile-de-France n\u00b0 IDF-2025-03-26-00004 du 26 mars 2025 portant d\u00e9l\u00e9gation de \nsignature \u00e0 madame Julie BENETTI, rectrice de la r\u00e9gion acad\u00e9mique d'Ile-de-France, rectrice de l'acad\u00e9mie \nde Paris, chanceli\u00e8re des universit\u00e9s de Paris et d'Ile-de-France, en mati\u00e8re d'ordonnancement secondaire ; \n \nVU l'arr\u00eat\u00e9 n\u00b0 2025-028-RRA du 27 mars 2025 de la rectrice de la r\u00e9gion acad\u00e9mique Ile-de-France, rectrice de \nl'acad\u00e9mie de Paris, chanceli\u00e8re des universit\u00e9s de Paris et d'Ile-de-France portant d\u00e9l\u00e9gation de signature \u00e0 \nfin d'attribution de cartes d'achat pour l'ex\u00e9cution des d\u00e9penses sur l'action 6 (service national universel) de \nl'UO r\u00e9gionale 163 \u00ab jeunesse et vie associative \u00bb ; \n \nVU l'arr\u00eat\u00e9 rectoral du 5 mai 2022 nommant madame Sandrine LANDES, attach\u00e9e principale d'administration, \ncheffe de la division des affaires financi\u00e8res au rectorat de l'acad\u00e9mie de Cr\u00e9teil \u00e0 compter du 1er avril 2022 ; \n \n \nRectorat de l'acad\u00e9mie de Cr\u00e9teil - IDF-2025-04-04-00017 - Arr\u00eat\u00e9 du 4 avril 2025 portant d\u00e9l\u00e9gation \u00e0 madame Sandrine LANDES,\ncheffe de la division des affaires financi\u00e8res du rectorat de Cr\u00e9teil, responsable du programme \u00ab cartes d'achat \u00bb pour la d\u00e9livrance\ndes cartes d'achat pour l'ex\u00e9cution des d\u00e9penses sur l'action 6 (service national universel) de l'UO r\u00e9gionale 163 \u00ab jeunesse et vie\nassociative \u00bb \n9\n2 \n \n \n \nARRETE \n \n \n \nARTICLE 1 :  \nD\u00e9l\u00e9gation est donn\u00e9e \u00e0 madame Sandrine LANDES, cheffe de la division des affaires financi\u00e8res, responsable du \nprogramme \u00ab cartes d'achat \u00bb, pour la d\u00e9livrance des cartes d'achat pour l'ex\u00e9cution des d\u00e9penses sur l'action 6 \n(service national universel) de l'unit\u00e9 op\u00e9rationnelle r\u00e9gionale 163 \u00ab jeunesse et vie associative \u00bb dans la limite des \nplafonds de d\u00e9penses mentionn\u00e9s dans le tableau pr\u00e9sent\u00e9 dans l'arr\u00eat\u00e9 n\u00b0 2025-028-RRA du 27 mars 2025 de la \nrectrice de la r\u00e9gion acad\u00e9mique Ile-de-France, rectrice de l'acad\u00e9mie de Paris, chanceli\u00e8re des universit\u00e9s de Paris \net d'Ile-de-France. \n \n \nARTICLE 2 :  \n \nLe pr\u00e9sent arr\u00eat\u00e9 abroge l'arr\u00eat\u00e9 du 30 mai 2024. \n \n \n \nARTICLE 3 :   \n \nLe pr\u00e9sent arr\u00eat\u00e9 sera publi\u00e9 au recueil des actes administratifs de la pr\u00e9fecture de r\u00e9gion d'Ile-de-France. \n \n \n \n \n        \n        Fait \u00e0 Cr\u00e9teil, le 4 avril 2025 \n \n \n \n \n   Le recteur de l'acad\u00e9mie de Cr\u00e9teil \n \n \n         Sign\u00e9 \n \n \n  Jean-Fran\u00e7ois CHANET  \n \nRectorat de l'acad\u00e9mie de Cr\u00e9teil - IDF-2025-04-04-00017 - Arr\u00eat\u00e9 du 4 avril 2025 portant d\u00e9l\u00e9gation \u00e0 madame Sandrine LANDES,\ncheffe de la division des affaires financi\u00e8res du rectorat de Cr\u00e9teil, responsable du programme \u00ab cartes d'achat \u00bb pour la d\u00e9livrance\ndes cartes d'achat pour l'ex\u00e9cution des d\u00e9penses sur l'action 6 (service national universel) de l'UO r\u00e9gionale 163 \u00ab jeunesse et vie\nassociative \u00bb \n10\nRectorat de l'acad\u00e9mie de Cr\u00e9teil\nIDF-2025-04-04-00012\nArr\u00eat\u00e9 du 4 avril 2025 portant d\u00e9l\u00e9gation de\nsignature \u00e0 madame Anne TANGUY, cheffe de la\ndivision des personnels administratifs,\ntechniques, sociaux, de sant\u00e9 et d'encadrement\n(DPAE) au rectorat de l'acad\u00e9mie de Cr\u00e9teil \nRectorat de l'acad\u00e9mie de Cr\u00e9teil - IDF-2025-04-04-00012 - Arr\u00eat\u00e9 du 4 avril 2025 portant d\u00e9l\u00e9gation de signature \u00e0 madame Anne\nTANGUY, cheffe de la division des personnels administratifs, techniques, sociaux, de sant\u00e9 et d'encadrement (DPAE) au rectorat de\nl'acad\u00e9mie de Cr\u00e9teil \n11\nEnACADEMIEDE CRETEILLibert\u00e9Egalit\u00e9Fraternit\u00e9\n  \n \n \n \n \n \n \n \n \n \n \nArr\u00eat\u00e9 du 4 avril 2025 portant d\u00e9l\u00e9gation de signature \u00e0 madame Anne TANGUY, cheffe de la \ndivision des personnels administratifs, techniques, sociaux, de sant\u00e9 et d'encadrement (DPAE) \nau rectorat de l'acad\u00e9mie de Cr\u00e9teil \n \n \n \nLE RECTEUR DE L'ACADEMIE DE CRETEIL \nVU le code de l'\u00e9ducation et notamment son article D. 222-20 ;  \n \nVU   le d\u00e9cret du 12 mars 2025 nommant monsieur Jean-Fran\u00e7ois CHANET recteur de l'acad\u00e9mie de Cr\u00e9teil ;  \n \nVU l'arr\u00eat\u00e9 du 7 novembre 1985 modifi\u00e9 portant d\u00e9l\u00e9gation de pouvoirs en mati\u00e8re de gestion de certains \npersonnels des services ext\u00e9rieurs du minist\u00e8re de l'\u00e9ducation nationale ;  \n \nVU  l'arr\u00eat\u00e9 du 3 juillet 2009 portant r\u00e8glement de comptabilit\u00e9 pour la d\u00e9signation des ordonnateurs \nsecondaires et de leurs d\u00e9l\u00e9gu\u00e9s en ce qui concerne le minist\u00e8re de l'\u00e9ducation nationale ; \n \nVU l'arr\u00eat\u00e9 du 26 d\u00e9cembre 2022 portant d\u00e9l\u00e9gation de pouvoirs des ministres charg\u00e9s de l'\u00e9ducation \nnationale, de la jeunesse et des sports aux recteurs d'acad\u00e9mie et aux vice-recteurs des \u00eeles Wallis et \nFutuna, de Nouvelle-Cal\u00e9donie et de Polyn\u00e9sie fran\u00e7aise en mati\u00e8re de recrutement et de gestion de \ncertains personnels stagiaires et titulaires relevant des ministres charg\u00e9s de l'\u00e9ducation nationale, de la \njeunesse et des sports ;  \n \nVU l'arr\u00eat\u00e9 du 26 d\u00e9cembre 2022 portant d\u00e9l\u00e9gation de pouvoirs du ministre charg\u00e9 de l'enseignement \nsup\u00e9rieur aux recteurs d'acad\u00e9mie et aux vice-recteurs des \u00eeles Wallis et Futuna, de Nouvelle-Cal\u00e9donie \net de Polyn\u00e9sie fran\u00e7aise en mati\u00e8re de recrutement et de gestion des ing\u00e9nieurs et des personnels \ntechniques et administratifs de recherche et de formation relevant du ministres charg\u00e9 de l'enseignement \nsup\u00e9rieur affect\u00e9s dans les services d\u00e9concentr\u00e9s du minist\u00e8re de l'\u00e9ducation nationale et au sein de \ncertains \u00e9tablissements publics et institutions relevant des ministres charg\u00e9s de l'\u00e9ducation nationale, de \nl'enseignement sup\u00e9rieur et de la jeunesse et des sports ;  \n \nVU        l'arr\u00eat\u00e9 minist\u00e9riel du 27 avril 2021 nommant madame Aliz\u00e9 MARIE-JOSEPH attach\u00e9e d'administration \nde l'\u00c9tat au rectorat de l'acad\u00e9mie de Cr\u00e9teil ; \n \nVU l'arr\u00eat\u00e9 minist\u00e9riel du 25 f\u00e9vrier 2022 affectant madame Patricia SKORUPSKI, professeure des \u00e9coles \nhors classe d\u00e9tach\u00e9e dans le corps des attach\u00e9s d'administration de l'\u00c9tat au grade d'attach\u00e9e principale \nd'administration, au rectorat de l'acad\u00e9mie de Cr\u00e9teil en qualit\u00e9 d'adjointe \u00e0 la cheffe de la division des \npersonnels ATSS et de l'encadrement (DPAE) ; \n \nVU les arr\u00eat\u00e9s du pr\u00e9fet de la r\u00e9gion d'Ile-de-France n\u00b0 2025-03-00009 du 26 mars 2025 portant d\u00e9l\u00e9gation \nde signature \u00e0 monsieur Jean-Fran\u00e7ois CHANET, recteur de l'acad\u00e9mie de Cr\u00e9teil, en mati\u00e8re de contr\u00f4le \nde l\u00e9galit\u00e9 des \u00e9tablissements publics locaux d'enseignement rattach\u00e9s \u00e0 la r\u00e9gion d'Ile-de-France dans \nle ressort de l'acad\u00e9mie de Cr\u00e9teil et n\u00b0 2025-03-00008 du 26 mars 2025 portant d\u00e9l\u00e9gation de signature \n\u00e0 monsieur Jean-Fran\u00e7ois CHANET, recteur de l'acad\u00e9mie de Cr\u00e9teil, en mati\u00e8re d'ordonnancement \nsecondaire ;  \n \nVU l'arr\u00eat\u00e9 rectoral du 5 mai 2022 nommant madame Anne TANGUY, attach\u00e9e principale d'administration \nde l'\u00c9tat, au rectorat de l'acad\u00e9mie de Cr\u00e9teil ;  \nRectorat de l'acad\u00e9mie de Cr\u00e9teil - IDF-2025-04-04-00012 - Arr\u00eat\u00e9 du 4 avril 2025 portant d\u00e9l\u00e9gation de signature \u00e0 madame Anne\nTANGUY, cheffe de la division des personnels administratifs, techniques, sociaux, de sant\u00e9 et d'encadrement (DPAE) au rectorat de\nl'acad\u00e9mie de Cr\u00e9teil \n12\n \n 2 \n \nVU l'arr\u00eat\u00e9 rectoral du 13 octobre 2023 nommant monsieur Suleiman LEITES, attach\u00e9 d'administration \nde l'\u00c9tat, au rectorat de l'acad\u00e9mie de Cr\u00e9teil ;  \n \nVU        l'arr\u00eat\u00e9 rectoral du 6 mai 2024 nommant madame Annabelle DANOUMBE, attach\u00e9e d'administration de \nl'\u00c9tat au rectorat de Cr\u00e9teil de l'acad\u00e9mie de Cr\u00e9teil ; \n \n \n \n \n \n \nARRETE \n \n \n \n \nARTICLE 1 :  \nD\u00e9l\u00e9gation de signature est donn\u00e9e \u00e0 madame Anne TANGUY, cheffe de la division des personnels \nadministratifs, techniques, sociaux, de sant\u00e9 et d'encadrement \u00e0 l'effet de signer dans la limite de ses attributions \net comp\u00e9tences les actes suivants : \n1) \u2013   les arr\u00eat\u00e9s portant recrutement et nomination des personnels titulaires et non titulaires des fili\u00e8res \nadministratives, techniques, sociales et de sant\u00e9 ; \n \n\uf02d les arr\u00eat\u00e9s portant titularisation, reclassement, prolongation ou renouvellement de stage ; \n \n\uf02d les d\u00e9cisions accordant ou refusant les cong\u00e9s de mobilit\u00e9, de formation professionnelle, les \nautorisations d'exercice des fonctions \u00e0 temps partiel et les cong\u00e9s bonifi\u00e9s ; \n \n\uf02d les d\u00e9cisions accordant ou refusant la disponibilit\u00e9, le cong\u00e9 parental, la mise en position \nd'accomplissement du service national et la mise en position normale d'activit\u00e9 ; \n \n\uf02d les autorisations portant cumul d'emplois et de r\u00e9mun\u00e9rations ; \n \n\uf02d les arr\u00eat\u00e9s pronon\u00e7ant les cong\u00e9s de maladie ; \n \n\uf02d les arr\u00eat\u00e9s pronon\u00e7ant les cong\u00e9s de maternit\u00e9 ou pour adoption et les cong\u00e9s de paternit\u00e9 ; \n \n\uf02d les arr\u00eat\u00e9s accordant ou les d\u00e9cisions refusant les cong\u00e9s de longue maladie ou les cong\u00e9s de \nlongue dur\u00e9e ; \n \n\uf02d les arr\u00eat\u00e9s accordant ou les d\u00e9cisions refusant les cong\u00e9s de grave maladie ; \n \n\uf02d les d\u00e9cisions de r\u00e9int\u00e9gration et d'affectation apr\u00e8s cong\u00e9s de longue maladie ou cong\u00e9s de longue \ndur\u00e9e ; \n \n\uf02d les d\u00e9cisions de r\u00e9int\u00e9gration et d'affectation apr\u00e8s cong\u00e9s de grave maladie ; \n \n\uf02d les d\u00e9cisions relatives aux cong\u00e9s dans le cadre d'un accident de service ou d'une maladie \nprofessionnelle ; \n \n\uf02d les d\u00e9cisions de r\u00e9int\u00e9gration et d'affectation apr\u00e8s disponibilit\u00e9, ou d\u00e9tachement ou cong\u00e9 parental ; \n \n\uf02d l'\u00e9valuation, la promotion de grade et de corps et l'avancement d'\u00e9chelon ; \n \n\uf02d les arr\u00eat\u00e9s de mouvement et d'affectation des personnels titulaires et stagiaires, les arr\u00eat\u00e9s \nconcernant des personnels touch\u00e9s par une mesure de carte scolaire ; \n \n\uf02d les arr\u00eat\u00e9s portant ouverture des droits \u00e0 la prise en charge des frais de changement de r\u00e9sidence ; \nRectorat de l'acad\u00e9mie de Cr\u00e9teil - IDF-2025-04-04-00012 - Arr\u00eat\u00e9 du 4 avril 2025 portant d\u00e9l\u00e9gation de signature \u00e0 madame Anne\nTANGUY, cheffe de la division des personnels administratifs, techniques, sociaux, de sant\u00e9 et d'encadrement (DPAE) au rectorat de\nl'acad\u00e9mie de Cr\u00e9teil \n13\n \n 3 \n \n\uf02d les d\u00e9cisions concernant le compte personnel de formation ; \n \n\uf02d les d\u00e9cisions portant, en mati\u00e8re de cessation d\u00e9finitive de fonctions, autorisation d'achever l'ann\u00e9e \nscolaire ou de recul de limite d'\u00e2ge, d'admission \u00e0 la retraite ; \n \n\uf02d la radiation des cadres apr\u00e8s acceptation de la d\u00e9mission ou int\u00e9gration dans un autre corps pour \nles corps \u00e0 gestion acad\u00e9mique ; \n \n\uf02d la constatation de l'abandon de poste ; \n \n\uf02d les contrats de recrutement de personnel non titulaire sur des emplois vacants et des fonctions de \nsuppl\u00e9ance ; \n \n\uf02d les contrats de recrutement des apprentis et les conventions financi\u00e8res avec les CFA ; \n \n\uf02d les convocations et les ordres de mission pour les personnels appel\u00e9s \u00e0 si\u00e9ger aux commissions \nadministratives paritaires acad\u00e9miques et \u00e0 participer aux groupes de travail. \n \n \n2) les documents et courriers concernant la paye.  \n \n \n3)   \u2013   les convocations des personnels aux r\u00e9unions d'organisation et de jury des concours et recrutements \nadministratifs et ITRF ; \n \n\uf02d les acceptations et les refus de candidatures ; \n \n\uf02d les convocations des candidats ; \n \n\uf02d la communication des relev\u00e9s de notes aux candidats ; \n \n\uf02d les pi\u00e8ces relatives aux frais de concours ; \n \n\uf02d la liquidation et le paiement des frais de concours. \n \n \n4) les correspondances relatives \u00e0 l'activit\u00e9 de la division et ne faisant pas grief (transmissions, lettres \nd'informations). \n \n \n \nARTICLE 2 :   \nEn cas d'absence ou d'emp\u00eachement de madame Anne TANGUY, d\u00e9l\u00e9gation de signature est donn\u00e9e, dans \nleurs domaines respectifs de comp\u00e9tence \u00e0 :  \n\uf02d    Madame Patricia SKORUPSKI, adjointe \u00e0 la cheffe de division, \n \n\uf02d Madame Annabelle DANOUMBE et monsieur Suleiman LEITES, chefs de service, \n \n\uf02d Madame Aliz\u00e9 MARIE-JOSEPH, cheffe du bureau des personnels d'inspection et de direction, \n \npour ce qui concerne les mati\u00e8res \u00e9nonc\u00e9es au 1), au 2) et au 4) de l'article 1er \u00e0 l'effet de signer dans la limite de \nleurs attributions et comp\u00e9tences, tous les actes courants du service qui ne font pas grief, dont ils ont la \nresponsabilit\u00e9. \n \n \n \n \nRectorat de l'acad\u00e9mie de Cr\u00e9teil - IDF-2025-04-04-00012 - Arr\u00eat\u00e9 du 4 avril 2025 portant d\u00e9l\u00e9gation de signature \u00e0 madame Anne\nTANGUY, cheffe de la division des personnels administratifs, techniques, sociaux, de sant\u00e9 et d'encadrement (DPAE) au rectorat de\nl'acad\u00e9mie de Cr\u00e9teil \n14\n \n 4 \n \n \nARTICLE 3 :  \n \nSont exclus du champ de la pr\u00e9sente d\u00e9l\u00e9gation les actes portant suspension de fonctions, sanction disciplinaire, \nlicenciement ou radiation des cadres. \n \n \n \nARTICLE 4 :    \n \nLe pr\u00e9sent arr\u00eat\u00e9 abroge l'arr\u00eat\u00e9 du 27 mars 2025. \n \n \n \nARTICLE 5 :   \n \nLe pr\u00e9sent arr\u00eat\u00e9 sera publi\u00e9 au recueil des actes administratifs de la pr\u00e9fecture de la r\u00e9gion d'Ile-de-France. \n \n \n \n  Fait \u00e0 Cr\u00e9teil, le 4 avril 2025 \n \n \n \n \n \n  Le recteur de l'acad\u00e9mie de Cr\u00e9teil \n \n         Sign\u00e9 \n \n  Jean-Fran\u00e7ois CHANET \n \nRectorat de l'acad\u00e9mie de Cr\u00e9teil - IDF-2025-04-04-00012 - Arr\u00eat\u00e9 du 4 avril 2025 portant d\u00e9l\u00e9gation de signature \u00e0 madame Anne\nTANGUY, cheffe de la division des personnels administratifs, techniques, sociaux, de sant\u00e9 et d'encadrement (DPAE) au rectorat de\nl'acad\u00e9mie de Cr\u00e9teil \n15\nRectorat de l'acad\u00e9mie de Cr\u00e9teil\nIDF-2025-04-04-00014\nArr\u00eat\u00e9 du 4 avril 2025 portant d\u00e9l\u00e9gation de\nsignature \u00e0 madame Sandrine LAIR, directrice\nacad\u00e9mique des services de l'\u00e9ducation\nnationale dans le d\u00e9partement de la\nSeine-Saint-Denis \nRectorat de l'acad\u00e9mie de Cr\u00e9teil - IDF-2025-04-04-00014 - Arr\u00eat\u00e9 du 4 avril 2025 portant d\u00e9l\u00e9gation de signature \u00e0 madame Sandrine\nLAIR, directrice acad\u00e9mique des services de l'\u00e9ducation nationale dans le d\u00e9partement de la Seine-Saint-Denis 16\nEnACADEMIEDE CRETEILLibert\u00e9Egalit\u00e9Fraternit\u00e9\n  \n \n \n \n \n \n \n \n \n \n \nArr\u00eat\u00e9 du 4 avril 2025 portant d\u00e9l\u00e9gation de signature  \n\u00e0 madame Sandrine LAIR, directrice acad\u00e9mique des services de l'\u00e9ducation nationale dans le \nd\u00e9partement de la Seine-Saint-Denis \n \n                                               LE RECTEUR DE L'ACADEMIE DE CRETEIL \n \n \nVU le code de l'\u00e9ducation et notamment, ses articles R. 222-17-1, R. 222-19 et suivants, R. 222-24 et suivants, \nD. 222-27 et L. 917-1 ; \nVU le code g\u00e9n\u00e9ral de la fonction publique ; \nVU le d\u00e9cret n\u00b0 2012-1246 du 7 novembre 2012 modifi\u00e9 relatif \u00e0 la gestion budg\u00e9taire et comptable \npublique ; \nVU  le d\u00e9cret du 14 d\u00e9cembre 2023 portant nomination de monsieur Florent AUCOUTURIER, directeur de \ncabinet du recteur de l'acad\u00e9mie de Versailles, en qualit\u00e9 de directeur acad\u00e9mique adjoint des services de \nl'\u00e9ducation nationale de la Seine-Saint-Denis ; \nVU  le d\u00e9cret du 14 d\u00e9cembre 2023 portant nomination de monsieur Thomas HEUZE, inspecteur d'acad\u00e9mie-\ninspecteur p\u00e9dagogique r\u00e9gional, en qualit\u00e9 de directeur acad\u00e9mique adjoint des services de l'\u00e9ducation \nnationale de la Seine-Saint-Denis ; \nVU  le d\u00e9cret du 31 ao\u00fbt 2024 portant nomination de madame Sandrine LAIR, directrice acad\u00e9mique des \nservices de l'\u00e9ducation nationale des Yvelines, en qualit\u00e9 de directrice acad\u00e9mique des services de \nl'\u00e9ducation nationale de la Seine-Saint-Denis \u00e0 compter du 30 septembre 2024 ; \nVU  le d\u00e9cret du 30 d\u00e9cembre 2024 portant nomination de monsieur Pascal FOURESTIER, conseiller de recteur \nadjoint au d\u00e9l\u00e9gu\u00e9 de la r\u00e9gion acad\u00e9mique Ile-de-France \u00e0 la formation professionnelle initiale et continue, \nen qualit\u00e9 de directeur acad\u00e9mique adjoint des services de l'\u00e9ducation nationale de la Seine-Saint-Denis ; \nVU  le d\u00e9cret du 27 janvier 2025 portant nomination de madame Florence MARON, inspectrice de l'\u00e9ducation \nnationale, en qualit\u00e9 de directrice acad\u00e9mique adjointe des services de l'\u00e9ducation nationale de la Seine-\nSaint-Denis ; \nVU le d\u00e9cret du 12 mars 2025 nommant monsieur Jean-Fran\u00e7ois CHANET recteur de l'acad\u00e9mie de Cr\u00e9teil ;  \nVU l'arr\u00eat\u00e9 du 22 d\u00e9cembre 2022 relatif aux r\u00e8gles de la comptabilit\u00e9 budg\u00e9taire de l'Etat pris en application de \nl'article 54 du d\u00e9cret n\u00b0 2012-1246 du 7 novembre 2012 modifi\u00e9 relatif \u00e0 la gestion budg\u00e9taire et comptable \npublique ; \nVU  l'arr\u00eat\u00e9 minist\u00e9riel du 17 juin 2022 portant nomination, d\u00e9tachement et classement de monsieur Alexandre \nTOBATY, inspecteur de l'\u00e9ducation nationale, dans l'emploi d'adjoint au directeur acad\u00e9mique des services \nde l'\u00e9ducation nationale de la Seine-Saint-Denis, charg\u00e9 du premier degr\u00e9 \u00e0 compter du 1er juillet 2022 ; \nVU  l'arr\u00eat\u00e9 minist\u00e9riel du 22 f\u00e9vrier 2024 portant nomination et classement de madame Paola DAOUD, attach\u00e9e \nd'administration de l'\u00c9tat hors classe, dans l'emploi de secr\u00e9taire g\u00e9n\u00e9rale de la direction des services \nd\u00e9partementaux de l'\u00e9ducation nationale de Seine-Saint-Denis \u00e0 compter du 1er mars 2024 ; \nVU les arr\u00eat\u00e9s du pr\u00e9fet de la r\u00e9gion d'Ile-de-France n\u00b0 IDF-2025-03-26-00009 du 26 mars 2025 portant \nd\u00e9l\u00e9gation de signature \u00e0 monsieur Jean-Fran\u00e7ois CHANET, recteur de l'acad\u00e9mie de Cr\u00e9teil, en mati\u00e8re \nde contr\u00f4le de l\u00e9galit\u00e9 des \u00e9tablissements publics locaux d'enseignement rattach\u00e9s \u00e0 la r\u00e9gion d'Ile-de-\nFrance dans le ressort de l'acad\u00e9mie de Cr\u00e9teil et n\u00b0 IDF-2025-03-26-00008 du 26 mars 2025 portant \nd\u00e9l\u00e9gation de signature \u00e0 monsieur Jean-Fran\u00e7ois CHANET, recteur de l'acad\u00e9mie de Cr\u00e9teil, en mati\u00e8re \nd'ordonnancement secondaire ; \n \nRectorat de l'acad\u00e9mie de Cr\u00e9teil - IDF-2025-04-04-00014 - Arr\u00eat\u00e9 du 4 avril 2025 portant d\u00e9l\u00e9gation de signature \u00e0 madame Sandrine\nLAIR, directrice acad\u00e9mique des services de l'\u00e9ducation nationale dans le d\u00e9partement de la Seine-Saint-Denis 17\n \n 2 \nVU l'arr\u00eat\u00e9 de la rectrice de la r\u00e9gion acad\u00e9mique Ile-de-France, rectrice de l'acad\u00e9mie de Paris, chanceli\u00e8re \ndes universit\u00e9s de Paris et d'Ile-de-France n\u00b0 2025-034-RRA du 27 mars 2025 portant d\u00e9l\u00e9gation de \nsignature \u00e0 caract\u00e8re administratif ; \nVU la d\u00e9cision du 11 d\u00e9cembre 2020 portant d\u00e9signation des responsables de budget op\u00e9rationnel de \nprogramme (BOP) et d'unit\u00e9s op\u00e9rationnelles (UO) pour le programme 214 \u00ab soutien de la politique de \nl'\u00e9ducation nationale \u00bb ; \nVU la d\u00e9cision du 21 d\u00e9cembre 2020 portant d\u00e9signation des responsables de budget op\u00e9rationnel de \nprogramme (BOP) et d'unit\u00e9s op\u00e9rationnelles (UO) pour le programme 150 \u00ab formations sup\u00e9rieures et \nrecherche universitaire \u00bb ; \n \n \nARRETE \n \nARTICLE 1 : \n \nMadame Sandrine LAIR, directrice acad\u00e9mique des services de l'\u00e9ducation nationale dans le d\u00e9partement de la \nSeine-Saint-Denis, dispose, \u00e0 compter du jour suivant la publication de sa nomination ou \u00e0 compter du jour o\u00f9 cet \nacte prend effet si ce jour est post\u00e9rieur, de l'ensemble des d\u00e9l\u00e9gations de signature de droit telles qu'elles \nd\u00e9coulent de l'article R. 222-19-3 du code de l'\u00e9ducation modifi\u00e9 par le d\u00e9cret n\u00b0 2012-16 du 5 janvier 2012 relatif \n\u00e0 l'organisation acad\u00e9mique (notamment inscription, d\u00e9rogation \u00e0 la sectorisation, vie scolaire, etc.) \u00e0 l'exception \ndes d\u00e9l\u00e9gations de signature pour les actes suivants :  \n- actes relatifs au contr\u00f4le administratif des lyc\u00e9es, EREA et ERPD : action \u00e9ducatrice et fonctionnement ; \n- actes relatifs au contr\u00f4le financier des EPLE ; \n- actes relatifs au suivi des EPLE : arr\u00eat\u00e9s des groupements comptables ; \n- actes relatifs aux projets des lyc\u00e9es, lyc\u00e9es professionnels et EREA ; \n- autorisations de voyages et d'accompagnement des \u00e9l\u00e8ves du second degr\u00e9 dans le cadre des \nappariements \u00e0 l'\u00e9tranger.  \n \n \n \nARTICLE 2 : \n \nEn tant que responsable d'unit\u00e9s op\u00e9rationnelles, d\u00e9l\u00e9gation de signature est donn\u00e9e \u00e0 madame Sandrine LAIR, \ndirectrice acad\u00e9mique des services de l'\u00e9ducation nationale dans le d\u00e9partement de la Seine-Saint-Denis, pour :  \n             - la gestion des cr\u00e9dits de fonctionnement et d'intervention de l'unit\u00e9 op\u00e9rationnelle pour le programme \n140 \u00ab Enseignement scolaire public du premier degr\u00e9 \u00bb ; \n             - la gestion des cr\u00e9dits de personnel en mati\u00e8re de d\u00e9penses d'accidents de service et de formation pour \nle premier degr\u00e9 et des cr\u00e9dits de fonctionnement pour les examens ; \n             - la gestion des cr\u00e9dits de personnel en mati\u00e8re de d\u00e9penses d'accidents de service et de formation des \naccompagnants des \u00e9l\u00e8ves en situation de handicap et la gestion des cr\u00e9dits de fonctionnement et \nd'intervention en mati\u00e8re de d\u00e9penses de formation des accompagnants des \u00e9l\u00e8ves en situation de \nhandicap et de d\u00e9penses relatives \u00e0 l'inclusion scolaire des \u00e9l\u00e8ves en situation de handicap dans le \ncadre de l'unit\u00e9 op\u00e9rationnelle pour le programme 230 \u00ab Vie de l'\u00e9l\u00e8ve \u00bb.  \n \n \n \nARTICLE 3 : \n \nSubd\u00e9l\u00e9gation de signature est donn\u00e9e \u00e0 madame Sandrine LAIR, directrice acad\u00e9mique des services de \nl'\u00e9ducation nationale dans le d\u00e9partement de la Seine-Saint-Denis, pour la gestion des cr\u00e9dits de fonctionnement \net d'intervention, en mati\u00e8re de fonctionnement et d'examens, dans le cadre de l'unit\u00e9 op\u00e9rationnelle pour le \nprogramme 214 \u00ab Soutien de la politique de l'\u00e9ducation nationale \u00bb. \n \n \nRectorat de l'acad\u00e9mie de Cr\u00e9teil - IDF-2025-04-04-00014 - Arr\u00eat\u00e9 du 4 avril 2025 portant d\u00e9l\u00e9gation de signature \u00e0 madame Sandrine\nLAIR, directrice acad\u00e9mique des services de l'\u00e9ducation nationale dans le d\u00e9partement de la Seine-Saint-Denis 18\n \n 3 \n \nARTICLE 4 :  \n \nEn mati\u00e8re de gestion du personnel, d\u00e9l\u00e9gation de signature est donn\u00e9e \u00e0 madame Sandrine LAIR, directrice \nacad\u00e9mique des services de l'\u00e9ducation nationale dans le d\u00e9partement de la Seine-Saint-Denis, pour :  \n \n\uf0b7 La d\u00e9signation des jurys, le d\u00e9roulement des \u00e9preuves du premier concours interne de professeur des \n\u00e9coles ; \n \n\uf0b7 La gestion des professeurs des \u00e9coles stagiaires : \n \ntoutes d\u00e9cisions \u00e9num\u00e9r\u00e9es par l'arr\u00eat\u00e9 du 23 septembre 1992 modifi\u00e9 \u00e0 l'exception de celles relatives \u00e0 \nl'organisation des concours dans les conditions pr\u00e9vues par l'arr\u00eat\u00e9 du 25 janvier 2021, \u00e0 la nomination, \n\u00e0 l'affectation dans un d\u00e9partement de l'acad\u00e9mie, \u00e0 la d\u00e9livrance du dipl\u00f4me professionnel de professeur \ndes \u00e9coles, \u00e0 l'autorisation de prolongation de stage et de renouvellement de stage, au licenciement ; \n \n\uf0b7 la gestion des professeurs des \u00e9coles et des instituteurs de l'enseignement public : \n \n             - les actes pris en application des dispositions des arr\u00eat\u00e9s modifi\u00e9s du 12 avril 1988 et du 28 ao\u00fbt 1990 ; \n             - les arr\u00eat\u00e9s pla\u00e7ant en cong\u00e9 d'office pour un mois en vertu de l'article R. 911-36 du code l'\u00e9ducation ; \n             - les sanctions disciplinaires pr\u00e9vues \u00e0 l'article L. 533-1 du code g\u00e9n\u00e9ral de la fonction publique ; \n \n\uf0b7 tous les personnels en fonction dans le d\u00e9partement, \u00e0 l'exception de ceux affect\u00e9s dans les \n\u00e9tablissements d'enseignement sup\u00e9rieur et au rectorat : \n \n             - autorisations d'absence ;  \n             - d\u00e9cisions relatives aux demandes de d\u00e9rogation \u00e0 l'obligation d'occuper un logement de fonction et \u00e0 \nl'obligation de r\u00e9sidence pour les personnels exer\u00e7ant en coll\u00e8ge ; \n             - d\u00e9cisions d'imputabilit\u00e9 au service des accidents du travail pour les personnels relevant des corps du \npremier degr\u00e9 ; \n             - d\u00e9cisions relatives au compte personnel de formation ; \n \n\uf0b7 les personnels du service d\u00e9partemental de l'\u00e9ducation nationale :  \n \n             - d\u00e9cisions d'octroi de cong\u00e9 de maladie pr\u00e9vu aux articles L. 822-1, L. 822-2 et L. 822-3 du code g\u00e9n\u00e9ral \nde la fonction publique et \u00e0 l'article 24 du d\u00e9cret n\u00b0 94-874 du 7 octobre 1994 modifi\u00e9 ; \n             - d\u00e9cisions d'octroi d'un cong\u00e9 pour maternit\u00e9 ou pour adoption ou d'un cong\u00e9 de paternit\u00e9 pr\u00e9vu \u00e0 l'article \nL. 631-1 du code g\u00e9n\u00e9ral de la fonction publique et \u00e0 l'article 22 du d\u00e9cret n\u00b0 94-874 du 7 octobre 1994 \nmodifi\u00e9 ; \n \n\uf0b7 les d\u00e9cisions relatives au recrutement, \u00e0 la gestion administrative et financi\u00e8re et \u00e0 la fin du contrat de \ncertains agents non titulaires exer\u00e7ant dans les \u00e9coles primaires et les d\u00e9cisions relatives au recrutement, \n\u00e0 la gestion et \u00e0 la fin de contrat d'intervenants dans les \u00e9coles primaires ;  \n \n\uf0b7 les d\u00e9cisions relatives au recrutement, \u00e0 la gestion administrative et financi\u00e8re et \u00e0 la fin du contrat des \naccompagnants des \u00e9l\u00e8ves en situation de handicap (AESH) (contrat \u00e0 dur\u00e9e d\u00e9termin\u00e9e ou contrat \u00e0 \ndur\u00e9e ind\u00e9termin\u00e9e) ; \n \n\uf0b7 les d\u00e9cisions relatives au recrutement, \u00e0 la gestion administrative et financi\u00e8re et \u00e0 la fin du contrat des \naccompagnants des personnels en situation de handicap (APSH) (contrat \u00e0 dur\u00e9e d\u00e9termin\u00e9e ou contrat \n\u00e0 dur\u00e9e ind\u00e9termin\u00e9e). \n \n \n \n \nRectorat de l'acad\u00e9mie de Cr\u00e9teil - IDF-2025-04-04-00014 - Arr\u00eat\u00e9 du 4 avril 2025 portant d\u00e9l\u00e9gation de signature \u00e0 madame Sandrine\nLAIR, directrice acad\u00e9mique des services de l'\u00e9ducation nationale dans le d\u00e9partement de la Seine-Saint-Denis 19\n \n 4 \n \nARTICLE 5 : \n \nEn application de l'article R. 222-17-1 du code de l'\u00e9ducation, d\u00e9l\u00e9gation de signature est donn\u00e9e madame \nSandrine LAIR, directrice acad\u00e9mique des services de l'\u00e9ducation nationale dans le d\u00e9partement de la Seine-\nSaint-Denis, pour signer au nom du recteur de l'acad\u00e9mie de Cr\u00e9teil tous actes, arr\u00eat\u00e9s, d\u00e9cisions et \ncorrespondances, dans la limite de leurs attributions, dans les domaines suivants :   \n- l'organisation du s\u00e9jour de coh\u00e9sion du service national universel (SNU), le recrutement et la gestion des \npersonnes physiques participant \u00e0 des fonctions d'animation ou de direction de ce s\u00e9jour, l'approbation \ndans le cadre de la r\u00e9serve du SNU des missions d'int\u00e9r\u00eat g\u00e9n\u00e9ral, l'inscription, l'affectation des r\u00e9servistes \net le contr\u00f4le des conditions de mise en \u0153uvre de la r\u00e9serve ; \n  \n- l'agr\u00e9ment des associations de jeunesse et d'\u00e9ducation populaire ;  \n \n- l'attribution des subventions d'appui au secteur associatif vers\u00e9es par l'interm\u00e9diaire du Fonds de \ncoop\u00e9ration de la jeunesse et d'\u00e9ducation populaire (FONJEP) ;  \n \n- la d\u00e9livrance du brevet d'aptitude aux fonctions d'animateur (BAFA). \n \n \n \nARTICLE 6 :  \n \nLa gestion des bourses du second degr\u00e9 s'effectue au sein d'un service interd\u00e9partemental situ\u00e9 dans le \nd\u00e9partement de la Seine-et-Marne.  \n \n \n \nARTICLE 7 : \n \nPour les d\u00e9cisions relevant de l'article R. 222-19-3 du code de l'\u00e9ducation (notamment inscription, d\u00e9rogation \u00e0 la \nsectorisation, vie scolaire, etc.) et pour les d\u00e9cisions \u00e9nonc\u00e9es \u00e0 l'article 5 du pr\u00e9sent arr\u00eat\u00e9, madame Sandrine \nLAIR, directrice acad\u00e9mique des services de l'\u00e9ducation nationale dans le d\u00e9partement de la Seine-Saint-Denis, \npeut accorder une subd\u00e9l\u00e9gation de signature aux personnes mentionn\u00e9es \u00e0 l'article D. 222-20 du code de \nl'\u00e9ducation : \n \n- aux directeurs acad\u00e9miques adjoints des services de l'\u00e9ducation nationale, au secr\u00e9taire g\u00e9n\u00e9ral de la \ndirection du service d\u00e9partemental de l'\u00e9ducation nationale ou au chef des services administratifs de ce \nm\u00eame service ; \n \n- aux inspecteurs de l'\u00e9ducation nationale, qui sont ses adjoints ; \n \n- au chef du service d\u00e9partemental \u00e0 la jeunesse, \u00e0 l'engagement et aux sports, lequel peut \u00e9galement \ndonner d\u00e9l\u00e9gation aux agents plac\u00e9s sous son autorit\u00e9 pour signer tous actes relatifs aux affaires pour \nlesquelles il a lui-m\u00eame re\u00e7u d\u00e9l\u00e9gation. \n \n \n \n \n \nRectorat de l'acad\u00e9mie de Cr\u00e9teil - IDF-2025-04-04-00014 - Arr\u00eat\u00e9 du 4 avril 2025 portant d\u00e9l\u00e9gation de signature \u00e0 madame Sandrine\nLAIR, directrice acad\u00e9mique des services de l'\u00e9ducation nationale dans le d\u00e9partement de la Seine-Saint-Denis 20\n \n 5 \n \nARTICLE 8 : \n \nPour les d\u00e9cisions mentionn\u00e9es aux articles 2, 3 et 4, en cas d'absence ou d'emp\u00eachement de madame Sandrine \nLAIR, directrice acad\u00e9mique des services de l'\u00e9ducation nationale dans le d\u00e9partement de la Seine-Saint-Denis, \nd\u00e9l\u00e9gation de signature est donn\u00e9e \u00e0 :  \n- Monsieur Florent AUCOUTURIER, directeur acad\u00e9mique adjoint des services de l'\u00e9ducation nationale de \nla Seine-Saint-Denis ; \n \n- Monsieur Thomas HEUZE, directeur acad\u00e9mique adjoint des services de l'\u00e9ducation nationale de la \nSeine-Saint-Denis ; \n \n- Monsieur Pascal FOURESTIER, directeur acad\u00e9mique adjoint des services de l'\u00e9ducation nationale de la \nSeine-Saint-Denis ; \n \n- Madame Florence MARON, directrice acad\u00e9mique adjointe des services de l'\u00e9ducation nationale de la \nSeine-Saint-Denis ; \n \n- Madame Paola DAOUD, secr\u00e9taire g\u00e9n\u00e9rale de la direction des services d\u00e9partementaux de l'\u00e9ducation \nnationale de la Seine-Saint-Denis ; \n \nEt en cas d'absence ou d'emp\u00eachement de ces derniers \u00e0 : \n \n- Monsieur Alexandre TOBATY, adjoint \u00e0 la directrice acad\u00e9mique des services de l'\u00e9ducation nationale de \nla Seine-Saint-Denis en charge du premier degr\u00e9. \n \n \n \nARTICLE 9 :  \n \nLe pr\u00e9sent arr\u00eat\u00e9 abroge l'arr\u00eat\u00e9 du 27 mars 2025. \n \n \n \nARTICLE 10 : \n \nLe secr\u00e9taire g\u00e9n\u00e9ral de l'acad\u00e9mie de Cr\u00e9teil et la directrice acad\u00e9mique des services de l'\u00e9ducation nationale \ndans le d\u00e9partement de la Seine-Saint-Denis, sont charg\u00e9s, chacun en ce qui le concerne, de l'ex\u00e9cution du \npr\u00e9sent arr\u00eat\u00e9, qui sera publi\u00e9 au recueil des actes administratifs de la pr\u00e9fecture de r\u00e9gion d'Ile-de-France et au \nrecueil des actes administratifs de la pr\u00e9fecture du d\u00e9partement de Seine-Saint-Denis. \n \n \n \n \n Fait \u00e0 Cr\u00e9teil, le 4 avril 2025 \n \n  \n Le recteur de l'acad\u00e9mie de Cr\u00e9teil \n \n         Sign\u00e9 \n \n          Jean-Fran\u00e7ois CHANET \n \nRectorat de l'acad\u00e9mie de Cr\u00e9teil - IDF-2025-04-04-00014 - Arr\u00eat\u00e9 du 4 avril 2025 portant d\u00e9l\u00e9gation de signature \u00e0 madame Sandrine\nLAIR, directrice acad\u00e9mique des services de l'\u00e9ducation nationale dans le d\u00e9partement de la Seine-Saint-Denis 21\nRectorat de l'acad\u00e9mie de Cr\u00e9teil\nIDF-2025-04-04-00016\nArr\u00eat\u00e9 du 4 avril 2025 portant d\u00e9l\u00e9gation de\nsignature \u00e0 madame Sandrine LANDES, cheffe\nde la division des affaires financi\u00e8res (DAF) du\nrectorat de Cr\u00e9teil\nRectorat de l'acad\u00e9mie de Cr\u00e9teil - IDF-2025-04-04-00016 - Arr\u00eat\u00e9 du 4 avril 2025 portant d\u00e9l\u00e9gation de signature \u00e0 madame Sandrine\nLANDES, cheffe de la division des affaires financi\u00e8res (DAF) du rectorat de Cr\u00e9teil 22\nExACADEMIEDE CRETEILLibert\u00e9Egalit\u00e9Fraternit\u00e9\n1 \n Arr\u00eat\u00e9 du 4 avril 2025 portant d\u00e9l\u00e9gation de signature \u00e0 madame Sandrine LANDES, cheffe de la \ndivision des affaires financi\u00e8res (DAF) du rectorat de Cr\u00e9teil \n \n \n \n \n LE RECTEUR DE L'ACADEMIE DE CRETEIL \n \n \n \n \nVU le code de l'\u00e9ducation et notamment son article D. 222-20 ; \nVU  le code de la commande publique ;  \nVU le d\u00e9cret n\u00b0 90-437 du 28 mai 1990 modifi\u00e9 fixant les conditions et les modalit\u00e9s de r\u00e8glement des frais \noccasionn\u00e9s par les changements de r\u00e9sidence des personnels civils sur le territoire m\u00e9tropolitain de la France, \nlorsqu'ils sont \u00e0 la charge des budgets de l'\u00c9tat, des \u00e9tablissements publics nationaux \u00e0 caract\u00e8re administratif \net de certains organismes subventionn\u00e9s ;  \nVU le d\u00e9cret n\u00b0 2004-374 du 29 avril 2004 modifi\u00e9 relatif aux pouvoirs des pr\u00e9fets, \u00e0 l'organisation et \u00e0 l'action des \nservices de l'Etat dans les r\u00e9gions et d\u00e9partements ; \nVU le d\u00e9cret n\u00b0 2004-1085 du 14 octobre 2004 relatif \u00e0 la d\u00e9l\u00e9gation de gestion dans les services de l'Etat ; \nVU le d\u00e9cret n\u00b0 2006-781 du 3 juillet 2006 modifi\u00e9 fixant les conditions et les modalit\u00e9s de r\u00e8glement des frais \noccasionn\u00e9s par les d\u00e9placements temporaires des personnels civils de l'\u00c9tat ; \nVU le d\u00e9cret n\u00b0 2012-1246 du 7 novembre 2012 modifi\u00e9 relatif \u00e0 la gestion budg\u00e9taire et comptable publique ;  \nVU le d\u00e9cret du 12 mars 2025 nommant monsieur Jean-Fran\u00e7ois CHANET recteur de l'acad\u00e9mie de Cr\u00e9teil ;   \nVU l'arr\u00eat\u00e9 du 3 juillet 2009 portant r\u00e8glement de comptabilit\u00e9 pour la d\u00e9signation des ordonnateurs secondaires et \nde leurs d\u00e9l\u00e9gu\u00e9s en ce qui concerne le minist\u00e8re de l'\u00e9ducation nationale ; \nVU l'arr\u00eat\u00e9 du 22 d\u00e9cembre 2022 relatif aux r\u00e8gles de la comptabilit\u00e9 budg\u00e9taire de l'Etat pris en application de \nl'article 54 du d\u00e9cret n\u00b0 2012-1246 du 7 novembre 2012 modifi\u00e9 relatif \u00e0 la gestion budg\u00e9taire et comptable \npublique ; \nVU  l'arr\u00eat\u00e9 minist\u00e9riel du 12 juin 2018 affectant monsieur Emmanuel MONTFLORE, ing\u00e9nieur d'\u00e9tudes, au rectorat \nde l'acad\u00e9mie de Cr\u00e9teil ; \nVU les arr\u00eat\u00e9s du pr\u00e9fet de la r\u00e9gion d'Ile-de-France n\u00b0 IDF-2025-03-26-00009 du 26 mars 2025 portant d\u00e9l\u00e9gation \nde signature \u00e0 monsieur Jean-Fran\u00e7ois CHANET, recteur de l'acad\u00e9mie de Cr\u00e9teil, en mati\u00e8re de contr\u00f4le de \nl\u00e9galit\u00e9 des \u00e9tablissements publics locaux d'enseignement rattach\u00e9s \u00e0 la r\u00e9gion d'Ile-de-France dans le ressort \nde l'acad\u00e9mie de Cr\u00e9teil et n\u00b0 IDF-2025-03-26-00008 du 26 mars 2025 portant d\u00e9l\u00e9gation de signature \u00e0 \nmonsieur Jean-Fran\u00e7ois CHANET, recteur de l'acad\u00e9mie de Cr\u00e9teil, en mati\u00e8re d'ordonnancement secondaire ; \nVU l'arr\u00eat\u00e9 du pr\u00e9fet de la r\u00e9gion d'Ile-de-France n\u00b0 IDF-2025-03-26-00007 du 26 mars 2025 portant d\u00e9l\u00e9gation de \nsignature \u00e0 monsieur Jean-Fran\u00e7ois CHANET, recteur de l'acad\u00e9mie de Cr\u00e9teil, en mati\u00e8re d'ordonnancement \nsecondaire sur le programme 354 \u00ab administration territoriale de l'Etat \u00bb au titre des d\u00e9penses d'occupation de \nla cit\u00e9 administrative de Melun ; \nVU l'arr\u00eat\u00e9 de la rectrice de la r\u00e9gion acad\u00e9mique d'Ile-de-France, rectrice de l'acad\u00e9mie de Paris, chanceli\u00e8re des \nuniversit\u00e9s de Paris et d'Ile-de-France n\u00b0 2025-027-RRA du 27 mars 2025 portant d\u00e9l\u00e9gation de signature en \nRectorat de l'acad\u00e9mie de Cr\u00e9teil - IDF-2025-04-04-00016 - Arr\u00eat\u00e9 du 4 avril 2025 portant d\u00e9l\u00e9gation de signature \u00e0 madame Sandrine\nLANDES, cheffe de la division des affaires financi\u00e8res (DAF) du rectorat de Cr\u00e9teil 23\n2 \nmati\u00e8re administrative au secr\u00e9taire g\u00e9n\u00e9ral de la r\u00e9gion acad\u00e9mique d'Ile-de-France et aux recteurs \nd'acad\u00e9mies ainsi que subd\u00e9l\u00e9gation de signature en mati\u00e8re d'ordonnancement secondaire au secr\u00e9taire \ng\u00e9n\u00e9ral de la r\u00e9gion acad\u00e9mique d'Ile-de-France et aux recteurs d'acad\u00e9mies ; \nVU l'arr\u00eat\u00e9 rectoral du 9 juillet 2003 nommant madame Guenolla PFLIGER, adjointe administrative de l'\u00e9ducation \nnationale et de l'enseignement sup\u00e9rieur, au rectorat de l'acad\u00e9mie de Cr\u00e9teil ; \nVU l'arr\u00eat\u00e9 rectoral du 19 juin 2009 affectant madame Fran\u00e7oise ANNE, secr\u00e9taire administrative de l'\u00e9ducation \nnationale et de l'enseignement sup\u00e9rieur, au rectorat de l'acad\u00e9mie de Cr\u00e9teil ;  \nVU l'arr\u00eat\u00e9 rectoral du 26 ao\u00fbt 2010 nommant madame Francine BIKOUMOU, adjointe administrative de l'\u00e9ducation \nnationale et de l'enseignement sup\u00e9rieur, au rectorat de l'acad\u00e9mie de Cr\u00e9teil ;  \nVU l'arr\u00eat\u00e9 rectoral du 26 juillet 2011 nommant madame Ang\u00e9lique BERENGER, adjointe administrative de \nl'\u00e9ducation nationale et de l'enseignement sup\u00e9rieur, au rectorat de l'acad\u00e9mie de Cr\u00e9teil ;  \nVU l'arr\u00eat\u00e9 rectoral du 27 juin 2012 nommant monsieur Bernard HOUSSIN, secr\u00e9taire administratif de l'\u00e9ducation \nnationale et de l'enseignement sup\u00e9rieur, au rectorat de l'acad\u00e9mie de Cr\u00e9teil ; \nVU l'arr\u00eat\u00e9 rectoral du 10 juillet 2015 nommant madame Edwige CHAUMONT, adjointe administrative de \nl'\u00e9ducation nationale et de l'enseignement sup\u00e9rieur, au rectorat de l'acad\u00e9mie de Cr\u00e9teil ; \nVU l'arr\u00eat\u00e9 rectoral du 21 avril 2016 affectant madame Nicole ZALI, secr\u00e9taire administrative de l'\u00e9ducation \nnationale et de l'enseignement sup\u00e9rieur, au rectorat de l'acad\u00e9mie de Cr\u00e9teil ; \nVU l'arr\u00eat\u00e9 rectoral du 7 juillet 2016 affectant madame Rolanette COSAQUE, adjointe administrative de l'\u00e9ducation \nnationale et de l'enseignement sup\u00e9rieur, au rectorat de l'acad\u00e9mie de Cr\u00e9teil ; \nVU l'arr\u00eat\u00e9 rectoral du 21 juillet 2021 nommant madame Amel BELAROUCI, secr\u00e9taire administrative de l'\u00e9ducation \nnationale et de l'enseignement sup\u00e9rieur, au rectorat de l'acad\u00e9mie de Cr\u00e9teil ; \nVU l'arr\u00eat\u00e9 rectoral du 30 ao\u00fbt 2021 nommant madame Dani\u00e8le MBOMBO MOKONDA, secr\u00e9taire administrative de \nl'\u00e9ducation nationale et de l'enseignement sup\u00e9rieur, au rectorat de l'acad\u00e9mie de Cr\u00e9teil ; \nVU l'arr\u00eat\u00e9 rectoral du 5 mai 2022 nommant madame Sandrine LANDES, attach\u00e9e principale d'administration, \ncheffe de la division des affaires financi\u00e8res au rectorat de l'acad\u00e9mie de Cr\u00e9teil \u00e0 compter du 1er avril 2022 ; \nVU l'arr\u00eat\u00e9 rectoral du 25 juillet 2022 nommant madame Laurence DEMERY, secr\u00e9taire administrative de \nl'\u00e9ducation nationale et de l'enseignement sup\u00e9rieur, au rectorat de l'acad\u00e9mie de Cr\u00e9teil \u00e0 compter du 1er \nseptembre 2022 ;  \nVU l'arr\u00eat\u00e9 rectoral du 25 juillet 2022 nommant madame Sandrine MARGARY, secr\u00e9taire administrative de \nl'\u00e9ducation nationale et de l'enseignement sup\u00e9rieur, au rectorat de l'acad\u00e9mie de Cr\u00e9teil \u00e0 compter du 1er \nseptembre 2022 ;  \nVU l'arr\u00eat\u00e9 rectoral du 28 juillet 2022 nommant madame Yasmine TOUATI, adjointe administrative principale de \nl'\u00e9ducation nationale et de l'enseignement sup\u00e9rieur, au rectorat de l'acad\u00e9mie de Cr\u00e9teil \u00e0 compter du 1er \nseptembre 2022 ;  \nVU l'arr\u00eat\u00e9 rectoral du 18 juillet 2023 affectant madame Danielle CHAPUT, attach\u00e9e d'administration hors classe, \nau rectorat de l'acad\u00e9mie de Cr\u00e9teil \u00e0 compter du 28 ao\u00fbt 2023 ;  \nVU l'arr\u00eat\u00e9 rectoral du 4 septembre 2023 nommant monsieur J\u00e9r\u00e9my CREAC'H, secr\u00e9taire administratif de \nl'\u00e9ducation nationale et de l'enseignement sup\u00e9rieur, au rectorat de l'acad\u00e9mie de Cr\u00e9teil \u00e0 compter du 1er \nseptembre 2023 ;  \nVU l'arr\u00eat\u00e9 rectoral du 30 ao\u00fbt 2024 nommant madame Magali SAULDUBOIS, secr\u00e9taire administrative de \nl'\u00e9ducation nationale et de l'enseignement sup\u00e9rieur, au rectorat de l'acad\u00e9mie de Cr\u00e9teil ; \nVU l'arr\u00eat\u00e9 rectoral du 13 septembre 2024 nommant madame Michelle MAVOUNZA, secr\u00e9taire administrative de \nl'\u00e9ducation nationale et de l'enseignement sup\u00e9rieur, au rectorat de l'acad\u00e9mie de Cr\u00e9teil ; \nVU l'arr\u00eat\u00e9 rectoral du 18 octobre 2024 nommant madame Soumia EL YAMANI, attach\u00e9e d'administration de l'Etat, \nau rectorat de l'acad\u00e9mie de Cr\u00e9teil ; \nRectorat de l'acad\u00e9mie de Cr\u00e9teil - IDF-2025-04-04-00016 - Arr\u00eat\u00e9 du 4 avril 2025 portant d\u00e9l\u00e9gation de signature \u00e0 madame Sandrine\nLANDES, cheffe de la division des affaires financi\u00e8res (DAF) du rectorat de Cr\u00e9teil 24\n3 \nVU l'arr\u00eat\u00e9 rectoral du 13 d\u00e9cembre 2024 affectant madame Marion DYMEL, attach\u00e9e principale d'administration, \nau rectorat de l'acad\u00e9mie de Cr\u00e9teil \u00e0 compter du 1er janvier 2025 ; \nVU l'arr\u00eat\u00e9 rectoral du 2 janvier 2025 affectant madame Nathalie VOYDIE, secr\u00e9taire administrative de classe \nsup\u00e9rieure de l'\u00e9ducation nationale et de l'enseignement sup\u00e9rieur, au rectorat de l'acad\u00e9mie de Cr\u00e9teil ; \nVU l'attestation rectorale du 18 janvier 2023 nommant monsieur Emmanuel MONTFLORE, ing\u00e9nieur d'\u00e9tudes, \nadjoint \u00e0 la cheffe de la division des affaires financi\u00e8res \u00e0 compter du 1er octobre 2022 ;  \nVU la d\u00e9cision du 11 d\u00e9cembre 2020 portant d\u00e9signation des responsables de budget op\u00e9rationnel de programme \n(BOP) et d'unit\u00e9s op\u00e9rationnelles (UO) pour le programme 214 \u00ab soutien de la politique de l'\u00e9ducation \nnationale \u00bb ; \nVU la d\u00e9cision du 21 d\u00e9cembre 2020 portant d\u00e9signation des responsables de budget op\u00e9rationnel de programme \n(BOP) et d'unit\u00e9s op\u00e9rationnelles (UO) pour le programme 150 \u00ab formations sup\u00e9rieures et recherche \nuniversitaire \u00bb ; \nVU la convention du 3 novembre 2023 de d\u00e9l\u00e9gation de gestion relative \u00e0 l'ex\u00e9cution financi\u00e8re des appels \u00e0 \nprojets pour un socle num\u00e9rique dans les \u00e9coles \u00e9l\u00e9mentaires (AAP SNEE) dans le cadre du \u00ab Plan de \nrelance \u00bb au titre de l'activit\u00e9 \u00ab continuit\u00e9 p\u00e9dagogique \u00bb conclue entre la r\u00e9gion acad\u00e9mique d'Ile-de-France et \nl'acad\u00e9mie de Cr\u00e9teil ; \n \n \nARRETE \n \n \nARTICLE 1 :  \nD\u00e9l\u00e9gation de signature est donn\u00e9e \u00e0 madame Sandrine LANDES, cheffe de la division des affaires financi\u00e8res, \u00e0 \nl'effet de signer, dans la limite de ses attributions et comp\u00e9tences, les actes suivants : \n\uf02d Ex\u00e9cution des d\u00e9cisions \u00e0 caract\u00e8re financier relevant des attributions d'ordonnateur \nsecondaire du budget du minist\u00e8re de l'\u00e9ducation nationale, d\u00e9l\u00e9gu\u00e9es au recteur de l'acad\u00e9mie de Cr\u00e9teil, \npar les arr\u00eat\u00e9s du pr\u00e9fet de la r\u00e9gion d'Ile-de-France n\u00b0 IDF-2025-03-26-00008 du 26 mars 2025 et n\u00b0 IDF-\n2025-03-26-00007 du 26 mars 2025 susvis\u00e9s ; \n\uf02d Toutes pi\u00e8ces pour proc\u00e9der \u00e0 l'ordonnancement secondaire des d\u00e9penses relatives au \nprogramme 362 \u00ab Ecologie \u00bb du Plan France Relance dans la limite de l'enveloppe accord\u00e9e \u00e0 l'acad\u00e9mie de \nCr\u00e9teil et sur le territoire de l'acad\u00e9mie dans les conditions pr\u00e9vues du d\u00e9cret n\u00b0 2004-374 du 29 avril 2004 \nmodifi\u00e9 ; \n\uf02d Toutes pi\u00e8ces pour proc\u00e9der \u00e0 l'ordonnancement secondaire des d\u00e9penses relatives \u00e0 \nl'activit\u00e9 \u00ab Continuit\u00e9 p\u00e9dagogique \u00bb de l'unit\u00e9 op\u00e9rationnelle 0363-MENJ-NUPA du programme plan de \nrelance n\u00b0 363 \u00ab Comp\u00e9titivit\u00e9 \u00bb, dans la limite des appels \u00e0 projets retenus pour un socle num\u00e9rique dans les \n\u00e9coles \u00e9l\u00e9mentaires, ayant fait l'objet d'une notification et sur le territoire de l'acad\u00e9mie dans les conditions \npr\u00e9vues du d\u00e9cret n\u00b0 2004-374 du 29 avril 2004 modifi\u00e9 ; \n\uf02d Ex\u00e9cution des d\u00e9cisions relatives au contr\u00f4le interne financier. \n \n                            Validation de tous les actes : \n- validation d'engagements juridiques, \n- validation des demandes de paiement,  \n- certification du service fait, \n- demandes de paiement, \n- recettes non fiscales, \n- r\u00e9tablissement de cr\u00e9dits. \n \n                           Signature des actes suivants : \n- pi\u00e8ces justificatives des recettes et des d\u00e9penses, \n- \u00e9tats r\u00e9capitulatifs des cr\u00e9ances, \n- bons de commande, \n- \u00e9tats de fin de gestion, \n- \u00e9tats des frais de d\u00e9placement, \nRectorat de l'acad\u00e9mie de Cr\u00e9teil - IDF-2025-04-04-00016 - Arr\u00eat\u00e9 du 4 avril 2025 portant d\u00e9l\u00e9gation de signature \u00e0 madame Sandrine\nLANDES, cheffe de la division des affaires financi\u00e8res (DAF) du rectorat de Cr\u00e9teil 25\n4 \n- \u00e9tats de r\u00e9gies d'avances et de recettes, \n- indemnit\u00e9s sp\u00e9ciales d'\u00e9loignement, \n- retraite additionnelle, \n- cong\u00e9s bonifi\u00e9s (dont les arr\u00eat\u00e9s d'ouverture de droit), \n- frais de changement de r\u00e9sidence (dont les arr\u00eat\u00e9s d'ouverture de droit), \n- actes relatifs \u00e0 la gestion financi\u00e8re des personnels. \n \n \n \nARTICLE 2 :   \n \nEn cas d'absence ou d'emp\u00eachement de madame Sandrine LANDES, d\u00e9l\u00e9gation de signature est donn\u00e9e \u00e0 :  \n \n\u2026\u2026\u2026\u2026\u2026 \u2026\u2026. .- Monsieur Emmanuel MONTFLORE, adjoint \u00e0 la cheffe de la division, \n \n                  - Mesdames Danielle CHAPUT, Soumia EL YAMANI et Marion DYMEL, cheffes de service, \u00e0 l'effet  \n                    de signer, dans la limite de leurs attributions et comp\u00e9tences, l'ensemble des actes de l'article 1. \n \n \n \nARTICLE 3 :   \n \nEn cas d'absence ou d'emp\u00eachement de mesdames Sandrine LANDES, Danielle CHAPUT, Soumia EL YAMANI et \nMarion DYMEL et de monsieur Emmanuel MONTFLORE, d\u00e9l\u00e9gation de signature est donn\u00e9e \u00e0 mesdames \nFran\u00e7oise ANNE, Amel BELAROUCI, Laurence DEMERY, Sandrine MARGARY-PHILIPPE, Michelle \nMAVOUNZA, Dani\u00e8le MBOMBO MOKONDA, Nicole ZALI et monsieur J\u00e9r\u00e9my CREAC'H gestionnaires, \u00e0 l'effet de \nsigner, dans la limite de leurs attributions et comp\u00e9tences, les actes suivants :  \n \n- validation d'engagements juridiques, \n- certification du service fait, \n- validation des demandes de paiement, \n- validation des recettes non fiscales.  \n \n \n \nARTICLE 4 :   \n \nEn cas d'absence ou d'emp\u00eachement de mesdames Sandrine LANDES, Danielle CHAPUT, Soumia EL YAMANI et \nMarion DYMEL et de monsieur Emmanuel MONTFLORE, d\u00e9l\u00e9gation de signature est donn\u00e9e pour la certification du \nservice fait aux gestionnaires suivants :  \n \n- madame Fran\u00e7oise ANNE,  \n- madame Ang\u00e9lique BERENGER, \n- madame Francine BIKOUMOU, \n- madame Edwige CHAUMONT, \n- madame Rolanette COSAQUE, \n- monsieur J\u00e9r\u00e9my CREAC'H, \n- madame Laurence DEMERY, \n- monsieur Bernard HOUSSIN, \n- madame Sandrine MARGARY-PHILIPPE, \n- madame Dani\u00e8le MBOMBO MOKONDA, \n- madame Guenolla PFLIGER DUFRENOY, \n- madame Magali SAULDUBOIS, \n- madame Yasmine TOUATI, \n- madame Nathalie VOYDIE. \n \n \n \n \nRectorat de l'acad\u00e9mie de Cr\u00e9teil - IDF-2025-04-04-00016 - Arr\u00eat\u00e9 du 4 avril 2025 portant d\u00e9l\u00e9gation de signature \u00e0 madame Sandrine\nLANDES, cheffe de la division des affaires financi\u00e8res (DAF) du rectorat de Cr\u00e9teil 26\n5 \n \nARTICLE 5 :   \n \nLe pr\u00e9sent arr\u00eat\u00e9 abroge l'arr\u00eat\u00e9 du 27 mars 2025. \n \n \n \nARTICLE 6 :   \n \nLe pr\u00e9sent arr\u00eat\u00e9 sera publi\u00e9 au recueil des actes administratifs de la pr\u00e9fecture de r\u00e9gion d'Ile-de-France. \n \n \n \n \n         \nFait \u00e0 Cr\u00e9teil, le 4 avril 2025 \n \n \n \n Le recteur de l'acad\u00e9mie de Cr\u00e9teil \n \n         Sign\u00e9 \n \n  Jean-Fran\u00e7ois CHANET \nRectorat de l'acad\u00e9mie de Cr\u00e9teil - IDF-2025-04-04-00016 - Arr\u00eat\u00e9 du 4 avril 2025 portant d\u00e9l\u00e9gation de signature \u00e0 madame Sandrine\nLANDES, cheffe de la division des affaires financi\u00e8res (DAF) du rectorat de Cr\u00e9teil 27\nRectorat de l'acad\u00e9mie de Cr\u00e9teil\nIDF-2025-04-04-00015\nArr\u00eat\u00e9 du 4 avril 2025 portant d\u00e9l\u00e9gation de\nsignature \u00e0 madame Val\u00e9rie DEBUCHY directrice\nacad\u00e9mique des services de l'\u00e9ducation\nnationale du d\u00e9partement de la Seine-et-Marne\nRectorat de l'acad\u00e9mie de Cr\u00e9teil - IDF-2025-04-04-00015 - Arr\u00eat\u00e9 du 4 avril 2025 portant d\u00e9l\u00e9gation de signature \u00e0 madame Val\u00e9rie\nDEBUCHY directrice acad\u00e9mique des services de l'\u00e9ducation nationale du d\u00e9partement de la Seine-et-Marne 28\nEnACADEMIEDE CRETEILLibert\u00e9Egalit\u00e9Fraternit\u00e9\n  \n \n \n \n \n \n \n \n \nArr\u00eat\u00e9 du 4 avril 2025 portant d\u00e9l\u00e9gation de signature \n \u00e0 madame Val\u00e9rie DEBUCHY directrice acad\u00e9mique des services de l'\u00e9ducation nationale du \nd\u00e9partement de la Seine-et-Marne \n \n \nLE RECTEUR DE L'ACADEMIE DE CRETEIL \n \n \nVU le code de l'\u00e9ducation et notamment, ses articles R. 222-17-1, R. 222-19 et suivants, R. 222-24 et suivants, \nD. 222-27 et L. 917-1 ; \nVU le code g\u00e9n\u00e9ral de la fonction publique ; \nVU le d\u00e9cret n\u00b0 2012-1246 du 7 novembre 2012 modifi\u00e9 relatif \u00e0 la gestion budg\u00e9taire et comptable publique ; \nVU le d\u00e9cret du 19 octobre 2018 nommant madame Val\u00e9rie DEBUCHY, inspectrice g\u00e9n\u00e9rale de l'\u00e9ducation \nnationale, directrice acad\u00e9mique des services de l'\u00e9ducation nationale du d\u00e9partement de la Seine-et-\nMarne ;  \nVU le d\u00e9cret du 11 mai 2023 portant nomination de monsieur Philippe PICARD, conseiller technique de recteur \npour les \u00e9tablissements et la vie scolaire, dans l'emploi de directeur acad\u00e9mique adjoint des services de \nl'\u00e9ducation nationale du d\u00e9partement de Seine-et-Marne ;  \nVU   le d\u00e9cret du 12 mars 2025 nommant monsieur Jean-Fran\u00e7ois CHANET recteur de l'acad\u00e9mie de Cr\u00e9teil;  \n \nVU l'arr\u00eat\u00e9 du 22 d\u00e9cembre 2022 relatif aux r\u00e8gles de la comptabilit\u00e9 budg\u00e9taire de l'Etat pris en application de \nl'article 54 du d\u00e9cret n\u00b0 2012-1246 du 7 novembre 2012 modifi\u00e9 relatif \u00e0 la gestion budg\u00e9taire et comptable \npublique ; \nVU         l'arr\u00eat\u00e9 minist\u00e9riel du 20 mai 2019 portant nomination de monsieur Sylvain DEMONT, attach\u00e9 principal \nd'administration de l'\u00c9tat, dans l'emploi de secr\u00e9taire g\u00e9n\u00e9ral de la direction des services d\u00e9partementaux \nde l'\u00e9ducation nationale de Seine-et-Marne \u00e0 compter du 6 mai 2019 ;  \nVU l'arr\u00eat\u00e9 minist\u00e9riel du 23 octobre 2020 portant nomination, d\u00e9tachement et classement de monsieur Gilles \nBOUSQUET, inspecteur de l'\u00e9ducation nationale hors classe, dans l'emploi d'adjoint \u00e0 la directrice \nacad\u00e9mique des services de l'\u00e9ducation nationale charg\u00e9 du premier degr\u00e9 du d\u00e9partement de Seine-et-\nMarne \u00e0 compter du 2 novembre 2020 ; \nVU les arr\u00eat\u00e9s du pr\u00e9fet de la r\u00e9gion d'Ile-de-France n\u00b0 IDF-2025-03-26-00009 du 26 mars 2025 portant \nd\u00e9l\u00e9gation de signature \u00e0 monsieur Jean-Fran\u00e7ois CHANET, recteur de l'acad\u00e9mie de Cr\u00e9teil, en mati\u00e8re \nde contr\u00f4le de l\u00e9galit\u00e9 des \u00e9tablissements publics locaux d'enseignement rattach\u00e9s \u00e0 la r\u00e9gion d'Ile-de-\nFrance dans le ressort de l'acad\u00e9mie de Cr\u00e9teil et n\u00b0 IDF-2025-03-26-00008 du 26 mars 2025 portant \nd\u00e9l\u00e9gation de signature \u00e0 monsieur Jean-Fran\u00e7ois CHANET, recteur de l'acad\u00e9mie de Cr\u00e9teil, en mati\u00e8re \nd'ordonnancement secondaire ; \nVU l'arr\u00eat\u00e9 de la rectrice de la r\u00e9gion acad\u00e9mique Ile-de-France, rectrice de l'acad\u00e9mie de Paris, chanceli\u00e8re \ndes universit\u00e9s de Paris et d'Ile-de-France n\u00b0 2025-034-RRA du 27 mars 2025 portant d\u00e9l\u00e9gation de \nsignature \u00e0 caract\u00e8re administratif ; \nVU la d\u00e9cision du 11 d\u00e9cembre 2020 portant d\u00e9signation des responsables de budget op\u00e9rationnel de \nprogramme (BOP) et d'unit\u00e9s op\u00e9rationnelles (UO) pour le programme 214 \u00ab soutien de la politique de \nl'\u00e9ducation nationale \u00bb ; \nVU la d\u00e9cision du 21 d\u00e9cembre 2020 portant d\u00e9signation des responsables de budget op\u00e9rationnel de \nprogramme (BOP) et d'unit\u00e9s op\u00e9rationnelles (UO) pour le programme 150 \u00ab formations sup\u00e9rieures et \nrecherche universitaire \u00bb ; \n \nRectorat de l'acad\u00e9mie de Cr\u00e9teil - IDF-2025-04-04-00015 - Arr\u00eat\u00e9 du 4 avril 2025 portant d\u00e9l\u00e9gation de signature \u00e0 madame Val\u00e9rie\nDEBUCHY directrice acad\u00e9mique des services de l'\u00e9ducation nationale du d\u00e9partement de la Seine-et-Marne 29\n \n 2 \nARRETE \n \n \n \nARTICLE 1 :  \nMadame Val\u00e9rie DEBUCHY, directrice acad\u00e9mique des services de l'\u00e9ducation nationale dans le d\u00e9partement de \nla Seine-et-Marne, dispose, \u00e0 compter du jour suivant la publication de sa nomination ou \u00e0 compter du jour o\u00f9 cet \nacte prend effet si ce jour est post\u00e9rieur, de l'ensemble des d\u00e9l\u00e9gations de signature de droit telles qu'elles \nd\u00e9coulent de l'article R. 222-19-3 du code de l'\u00e9ducation modifi\u00e9 par le d\u00e9cret n\u00b0 2012-16 du 5 janvier 2012 relatif \n\u00e0 l'organisation acad\u00e9mique (notamment inscription, d\u00e9rogation \u00e0 la sectorisation, vie scolaire, etc.) \u00e0 l'exception \ndes d\u00e9l\u00e9gations de signature pour les actes suivants :  \n \n- actes relatifs au contr\u00f4le administratif des lyc\u00e9es, EREA et ERPD : action \u00e9ducatrice et  \n  fonctionnement ; \n- actes relatifs au contr\u00f4le financier des EPLE ; \n- actes relatifs au suivi des EPLE : arr\u00eat\u00e9s des groupements comptables ; \n- actes relatifs aux projets des lyc\u00e9es, lyc\u00e9es professionnels et EREA ; \n- autorisations de voyages et d'accompagnement des \u00e9l\u00e8ves du second degr\u00e9 dans le cadre  \n  des appariements \u00e0 l'\u00e9tranger.  \n \n \n \nARTICLE 2 : \n \nEn tant que responsable d'unit\u00e9s op\u00e9rationnelles, d\u00e9l\u00e9gation de signature est donn\u00e9e \u00e0 madame Val\u00e9rie \nDEBUCHY, directrice acad\u00e9mique des services de l'\u00e9ducation nationale dans le d\u00e9partement de Seine-et-Marne \npour :  \n             - la gestion des cr\u00e9dits de fonctionnement et d'intervention de l'unit\u00e9 op\u00e9rationnelle pour le programme \n140 \u00ab Enseignement scolaire public du premier degr\u00e9 \u00bb ; \n             - la gestion des cr\u00e9dits de personnel en mati\u00e8re de d\u00e9penses d'accidents de service et de formation pour \nle premier degr\u00e9 et des cr\u00e9dits de fonctionnement pour les examens ; \n             - la gestion des cr\u00e9dits de personnel en mati\u00e8re de d\u00e9penses d'accidents de service et de formation des \naccompagnants des \u00e9l\u00e8ves en situation de handicap et la gestion des cr\u00e9dits de fonctionnement et \nd'intervention en mati\u00e8re de d\u00e9penses de formation des accompagnants des \u00e9l\u00e8ves en situation de \nhandicap et de d\u00e9penses relatives \u00e0 l'inclusion scolaire des \u00e9l\u00e8ves en situation de handicap dans le \ncadre de l'unit\u00e9 op\u00e9rationnelle pour le programme 230 \u00ab Vie de l'\u00e9l\u00e8ve \u00bb.  \n \n \n \nARTICLE 3 : \n \nSubd\u00e9l\u00e9gation de signature est donn\u00e9e \u00e0 madame Val\u00e9rie DEBUCHY, directrice acad\u00e9mique des services de \nl'\u00e9ducation nationale dans le d\u00e9partement de la Seine-et-Marne pour la gestion des cr\u00e9dits de fonctionnement et \nd'intervention, en mati\u00e8re de fonctionnement et d'examens, dans le cadre de l'unit\u00e9 op\u00e9rationnelle pour le \nprogramme 214 \u00ab Soutien de la politique de l'\u00e9ducation nationale \u00bb. \n \n \n \n \n \n \n \n \n \nRectorat de l'acad\u00e9mie de Cr\u00e9teil - IDF-2025-04-04-00015 - Arr\u00eat\u00e9 du 4 avril 2025 portant d\u00e9l\u00e9gation de signature \u00e0 madame Val\u00e9rie\nDEBUCHY directrice acad\u00e9mique des services de l'\u00e9ducation nationale du d\u00e9partement de la Seine-et-Marne 30\n \n 3 \n \nARTICLE 4 : \n \nEn mati\u00e8re de gestion du personnel, d\u00e9l\u00e9gation de signature est donn\u00e9e \u00e0 madame Val\u00e9rie DEBUCHY, directrice \nacad\u00e9mique des services de l'\u00e9ducation nationale du d\u00e9partement de la Seine-et-Marne pour :  \n\uf0b7 la d\u00e9signation des jurys, le d\u00e9roulement des \u00e9preuves du premier concours interne de professeur des \n\u00e9coles ; \n \n\uf0b7 la gestion des professeurs des \u00e9coles stagiaires :  \ntoutes les d\u00e9cisions \u00e9num\u00e9r\u00e9es par l'arr\u00eat\u00e9 du 23 septembre 1992 modifi\u00e9 \u00e0 l'exception de celles relatives \n\u00e0 l'organisation des concours dans les conditions pr\u00e9vues par l'arr\u00eat\u00e9 du 25 janvier 2021, \u00e0 la nomination, \n\u00e0 l'affectation dans un d\u00e9partement de l'acad\u00e9mie, \u00e0 la d\u00e9livrance du dipl\u00f4me professionnel de professeur \ndes \u00e9coles, \u00e0 l'autorisation de prolongation de stage et au renouvellement de stage, au licenciement ; \n \n\uf0b7 la gestion des professeurs des \u00e9coles et des instituteurs de l'enseignement public :  \n \n             - les actes pris en application des dispositions des arr\u00eat\u00e9s modifi\u00e9s du 12 avril 1988 et du 28 ao\u00fbt 1990 ; \n             - les arr\u00eat\u00e9s pla\u00e7ant en cong\u00e9 d'office pour un mois en vertu de l'article R. 911-36 du code l'\u00e9ducation ; \n             - les sanctions disciplinaires pr\u00e9vues \u00e0 l'article L. 533-1 du code g\u00e9n\u00e9ral de la fonction publique ; \n \n\uf0b7 tous les personnels en fonction dans le d\u00e9partement, \u00e0 l'exception de ceux affect\u00e9s dans les \n\u00e9tablissements d'enseignement sup\u00e9rieur et au rectorat :  \n \n             - autorisations d'absence ;  \n             - d\u00e9cisions relatives aux demandes de d\u00e9rogation \u00e0 l'obligation d'occuper un logement de fonction et \u00e0 \nl'obligation de r\u00e9sidence pour les personnels exer\u00e7ant en coll\u00e8ge ; \n             - d\u00e9cisions d'imputabilit\u00e9 au service des accidents du travail pour les personnels relevant des corps du \npremier degr\u00e9 ; \n             - d\u00e9cisions relatives au compte personnel de formation ; \n \n\uf0b7 les personnels du service d\u00e9partemental de l'\u00e9ducation nationale : \n \n             - d\u00e9cisions d'octroi de cong\u00e9 de maladie pr\u00e9vu aux articles L. 822-1, L. 822-2 et L. 822-3 du code g\u00e9n\u00e9ral \nde la fonction publique et \u00e0 l'article 24 du d\u00e9cret n\u00b0 94-874 du 7 octobre 1994 modifi\u00e9 ; \n             - d\u00e9cisions d'octroi d'un cong\u00e9 pour maternit\u00e9 ou pour adoption ou d'un cong\u00e9 de paternit\u00e9 pr\u00e9vu \u00e0 l'article \nL. 631-1 du code g\u00e9n\u00e9ral de la fonction publique et \u00e0 l'article 22 du d\u00e9cret n\u00b0 94-874 du 7 octobre 1994 \nmodifi\u00e9 ; \n \n\uf0b7 les d\u00e9cisions relatives au recrutement, \u00e0 la gestion et \u00e0 la fin du contrat de certains agents non titulaires \nexer\u00e7ant dans les \u00e9coles primaires et les d\u00e9cisions relatives au recrutement, \u00e0 la gestion et \u00e0 la fin de \ncontrat d'intervenants dans les \u00e9coles primaires ; \n \n\uf0b7 les d\u00e9cisions relatives au recrutement, \u00e0 la gestion administrative et financi\u00e8re et \u00e0 la fin du contrat des \naccompagnants des \u00e9l\u00e8ves en situation de handicap (AESH) (contrat \u00e0 dur\u00e9e d\u00e9termin\u00e9e ou contrat \u00e0 \ndur\u00e9e ind\u00e9termin\u00e9e) ; \n \n\uf0b7 les d\u00e9cisions relatives au recrutement, \u00e0 la gestion administrative et financi\u00e8re et \u00e0 la fin du contrat des \naccompagnants des personnels en situation de handicap (APSH) (contrat \u00e0 dur\u00e9e d\u00e9termin\u00e9e ou contrat \n\u00e0 dur\u00e9e ind\u00e9termin\u00e9e). \n \n \n \n \n \nRectorat de l'acad\u00e9mie de Cr\u00e9teil - IDF-2025-04-04-00015 - Arr\u00eat\u00e9 du 4 avril 2025 portant d\u00e9l\u00e9gation de signature \u00e0 madame Val\u00e9rie\nDEBUCHY directrice acad\u00e9mique des services de l'\u00e9ducation nationale du d\u00e9partement de la Seine-et-Marne 31\n \n 4 \nARTICLE 5 : \n \nEn application de l'article R. 222-17-1 du code de l'\u00e9ducation, d\u00e9l\u00e9gation de signature est donn\u00e9e \u00e0 madame \nVal\u00e9rie DEBUCHY, directrice acad\u00e9mique des services de l'\u00e9ducation nationale dans le d\u00e9partement de Seine-\net-Marne, pour signer au nom du recteur de l'acad\u00e9mie de Cr\u00e9teil tous actes, arr\u00eat\u00e9s, d\u00e9cisions et \ncorrespondances, dans la limite de leurs attributions, dans les domaines suivants :   \n- l'organisation du s\u00e9jour de coh\u00e9sion du service national universel (SNU), le recrutement et la \ngestion des personnes physiques participant \u00e0 des fonctions d'animation ou de direction de ce \ns\u00e9jour, l'approbation dans le cadre de la r\u00e9serve du SNU des missions d'int\u00e9r\u00eat g\u00e9n\u00e9ral, \nl'inscription, l'affectation des r\u00e9servistes et le contr\u00f4le des conditions de mise en \u0153uvre de la \nr\u00e9serve ; \n  \n- l'agr\u00e9ment des associations de jeunesse et d'\u00e9ducation populaire ;  \n \n- l'attribution des subventions d'appui au secteur associatif vers\u00e9es par l'interm\u00e9diaire du Fonds \nde coop\u00e9ration de la jeunesse et d'\u00e9ducation populaire (FONJEP) ;  \n \n- la d\u00e9livrance du brevet d'aptitude aux fonctions d'animateur (BAFA). \n \n \n \nARTICLE 6 : \n \nLa gestion des bourses du second degr\u00e9 s'effectue au sein d'un service interd\u00e9partemental situ\u00e9 dans le \nd\u00e9partement de la Seine-et-Marne.  \n \n \n \nARTICLE 7 : \n \nPour les d\u00e9cisions relevant de l'article R. 222-19-3 du code de l'\u00e9ducation (notamment inscription, d\u00e9rogation \u00e0 la \nsectorisation, vie scolaire) et pour les d\u00e9cisions \u00e9nonc\u00e9es \u00e0 l'article 5 du pr\u00e9sent arr\u00eat\u00e9, madame Val\u00e9rie \nDEBUCHY, directrice acad\u00e9mique des services de l'\u00e9ducation nationale dans le d\u00e9partement de la Seine-et-\nMarne, peut accorder une subd\u00e9l\u00e9gation de signature aux personnes mentionn\u00e9es \u00e0 l'article D. 222-20 du code \nde l'\u00e9ducation : \n \n- aux directeurs acad\u00e9miques adjoints des services de l'\u00e9ducation nationale, au secr\u00e9taire \ng\u00e9n\u00e9ral de la direction du service d\u00e9partemental de l'\u00e9ducation nationale ou au chef des \nservices administratifs de ce m\u00eame service ;  \n \n- aux inspecteurs de l'\u00e9ducation nationale, qui sont ses adjoints ; \n \n- au chef de service d\u00e9partemental \u00e0 la jeunesse, \u00e0 l'engagement et aux sports, lequel peut \n\u00e9galement donner d\u00e9l\u00e9gation aux agents plac\u00e9s sous son autorit\u00e9 pour signer tous actes relatifs \naux affaires pour lesquelles il a lui-m\u00eame re\u00e7u d\u00e9l\u00e9gation.  \n \nARTICLE 8 : \n \nPour les d\u00e9cisions mentionn\u00e9es aux articles 2, 3, et 4 en cas d'absence ou d'emp\u00eachement de madame Val\u00e9rie \nDEBUCHY, directrice acad\u00e9mique des services de l'\u00e9ducation nationale du d\u00e9partement de la Seine-et-Marne, \nd\u00e9l\u00e9gation de signature est donn\u00e9e \u00e0 : \n \n- Monsieur Philippe PICARD, directeur acad\u00e9mique adjoint des services de l'\u00e9ducation \nnationale de la Seine-et-Marne ;  \n \n \nRectorat de l'acad\u00e9mie de Cr\u00e9teil - IDF-2025-04-04-00015 - Arr\u00eat\u00e9 du 4 avril 2025 portant d\u00e9l\u00e9gation de signature \u00e0 madame Val\u00e9rie\nDEBUCHY directrice acad\u00e9mique des services de l'\u00e9ducation nationale du d\u00e9partement de la Seine-et-Marne 32\n \n 5 \n- Monsieur Sylvain DEMONT, secr\u00e9taire g\u00e9n\u00e9ral de la direction des services d\u00e9partementaux \nde l'\u00e9ducation nationale de la Seine-et-Marne directeur acad\u00e9mique adjoint des services de \nl'\u00e9ducation nationale de la Seine-et-Marne ;  \n \nEt en cas d'absence ou d'emp\u00eachement de ces derniers \u00e0 : \n \n- Monsieur Gilles BOUSQUET, adjoint de la directrice acad\u00e9mique des services de l'\u00e9ducation \nnationale de la Seine-et-Marne en charge du premier degr\u00e9.  \n \n \n \nARTICLE 9 : \n \nLe pr\u00e9sent arr\u00eat\u00e9 abroge l'arr\u00eat\u00e9 du 27 mars 2025. \n \n \n \nARTICLE 10 : \n \nLe secr\u00e9taire g\u00e9n\u00e9ral de l'acad\u00e9mie de Cr\u00e9teil et la directrice acad\u00e9mique des services de l'\u00e9ducation nationale \nde la Seine-et-Marne, sont charg\u00e9s, chacun en ce qui le concerne, de l'ex\u00e9cution du pr\u00e9sent arr\u00eat\u00e9, qui sera publi\u00e9 \nau recueil des actes administratifs de la pr\u00e9fecture de r\u00e9gion d'Ile-de-France et au recueil des actes administratifs \nde la pr\u00e9fecture du d\u00e9partement de la Seine et Marne.  \n \n \n Fait \u00e0 Cr\u00e9teil, le 4 avril 2025 \n \n \n Le recteur de l'acad\u00e9mie de Cr\u00e9teil \n \n           Sign\u00e9 \n \n  \n        Jean-Fran\u00e7ois CHANET  \nRectorat de l'acad\u00e9mie de Cr\u00e9teil - IDF-2025-04-04-00015 - Arr\u00eat\u00e9 du 4 avril 2025 portant d\u00e9l\u00e9gation de signature \u00e0 madame Val\u00e9rie\nDEBUCHY directrice acad\u00e9mique des services de l'\u00e9ducation nationale du d\u00e9partement de la Seine-et-Marne 33\nRectorat de l'acad\u00e9mie de Cr\u00e9teil\nIDF-2025-04-04-00013\nArr\u00eat\u00e9 du 4 avril 2025 portant d\u00e9l\u00e9gation de\nsignature \u00e0 monsieur Gr\u00e9gory PREMON, directeur\nacad\u00e9mique des services de l'\u00e9ducation\nnationale dans le d\u00e9partement du Val-de-Marne\nRectorat de l'acad\u00e9mie de Cr\u00e9teil - IDF-2025-04-04-00013 - Arr\u00eat\u00e9 du 4 avril 2025 portant d\u00e9l\u00e9gation de signature \u00e0 monsieur Gr\u00e9gory\nPREMON, directeur acad\u00e9mique des services de l'\u00e9ducation nationale dans le d\u00e9partement du Val-de-Marne 34\nExACADEMIEDE CRETEILLibert\u00e9Egalit\u00e9Fraternit\u00e9\n 1\n  \n   \n \nArr\u00eat\u00e9 du 4 avril 2025 portant d\u00e9l\u00e9gation de signature \n\u00e0 monsieur Gr\u00e9gory PREMON, directeur acad\u00e9mique des services de l'\u00e9ducation nationale \ndans le d\u00e9partement du Val-de-Marne \n \n         \n       LE RECTEUR DE L'ACADEMIE DE CRETEIL \n \nVU le code de l'\u00e9ducation et, notamment, ses articles R. 222-17-1, R. 222-19 et suivants, R. 222-24 et suivants,  \n           D. 222-27 et l'article L.917-1 ; \n \nVU le code g\u00e9n\u00e9ral de la fonction publique ; \n \nVU le d\u00e9cret n\u00b0 2012-1246 du 7 novembre 2012 modifi\u00e9 relatif \u00e0 la gestion budg\u00e9taire et comptable publique ; \n \nVU   le d\u00e9cret du 10 f\u00e9vrier 2020 nommant monsieur Olivier LANEZ, conseiller du recteur, d\u00e9l\u00e9gu\u00e9 acad\u00e9mique aux \nenseignants techniques de l'acad\u00e9mie de Paris, en tant que directeur acad\u00e9mique adjoint des services de \nl'\u00e9ducation nationale du Val-de-Marne ; \n \nVU le d\u00e9cret du 16 d\u00e9cembre 2024 nommant monsieur Gr\u00e9gory PREMON, directeur acad\u00e9mique des services de \nl'\u00e9ducation nationale de la Moselle, en qualit\u00e9 de directeur acad\u00e9mique des services de l'\u00e9ducation nationale \ndu Val de Marne ; \n \nVU le d\u00e9cret du 26 f\u00e9vrier 2025 nommant monsieur Franck GOUSSET, conseiller technique de recteur pour les \n\u00e9tablissements et la vie scolaire de l'acad\u00e9mie de Versailles, directeur acad\u00e9mique adjoint des services de \nl'\u00e9ducation nationale du Val de Marne ; \n \nVU le d\u00e9cret du 12 mars 2025 nommant monsieur Jean-Fran\u00e7ois CHANET recteur de l'acad\u00e9mie de Cr\u00e9teil ; \n \nVU l'arr\u00eat\u00e9 du 22 d\u00e9cembre 2022 relatif aux r\u00e8gles de la comptabilit\u00e9 budg\u00e9taire de l'Etat pris en application de \nl'article 54 du d\u00e9cret n\u00b0 2012-1246 du 7 novembre 2012 modifi\u00e9 relatif \u00e0 la gestion budg\u00e9taire et comptable \npublique ; \n \nVU l'arr\u00eat\u00e9 minist\u00e9riel du 11 ao\u00fbt 2021 portant nomination, d\u00e9tachement et classement de madame Elisabeth \nLORIN, inspectrice de l'\u00e9ducation nationale hors classe, dans l'emploi d'adjointe au directeur acad\u00e9mique des \nservices de l'\u00e9ducation nationale du d\u00e9partement de Val-de-Marne, charg\u00e9e du 1er degr\u00e9 ; \n \nVU l'arr\u00eat\u00e9 minist\u00e9riel du 15 janvier 2025 portant nomination et classement de monsieur Yohann PRUNIER, \nattach\u00e9 principal d'administration, dans l'emploi de secr\u00e9taire g\u00e9n\u00e9ral de la direction des services \nd\u00e9partementaux de l'\u00e9ducation nationale du Val-de-Marne ;  \n \nVU les arr\u00eat\u00e9s du pr\u00e9fet de la r\u00e9gion d'Ile-de-France n\u00b0 IDF-2025-03-26-00009 du 26 mars 2025 portant d\u00e9l\u00e9gation \nde signature \u00e0 monsieur Jean-Fran\u00e7ois CHANET, recteur de l'acad\u00e9mie de Cr\u00e9teil, en mati\u00e8re de contr\u00f4le de \nl\u00e9galit\u00e9 des \u00e9tablissements publics locaux d'enseignement rattach\u00e9s \u00e0 la r\u00e9gion d'Ile-de-France dans le ressort \nde l'acad\u00e9mie de Cr\u00e9teil et n\u00b0 IDF-2025-03-26-00008 du 26 mars 2025 portant d\u00e9l\u00e9gation de signature \u00e0 \nmonsieur Jean-Fran\u00e7ois CHANET, recteur de l'acad\u00e9mie de Cr\u00e9teil, en mati\u00e8re d'ordonnancement secondaire; \nRectorat de l'acad\u00e9mie de Cr\u00e9teil - IDF-2025-04-04-00013 - Arr\u00eat\u00e9 du 4 avril 2025 portant d\u00e9l\u00e9gation de signature \u00e0 monsieur Gr\u00e9gory\nPREMON, directeur acad\u00e9mique des services de l'\u00e9ducation nationale dans le d\u00e9partement du Val-de-Marne 35\n 2\n \nVU l'arr\u00eat\u00e9 de la rectrice de la r\u00e9gion acad\u00e9mique Ile-de-France, rectrice de l'acad\u00e9mie de Paris, chanceli\u00e8re des \nuniversit\u00e9s de Paris et d'Ile-de-France n\u00b0 2025-034-RRA du 27 mars 2025 portant d\u00e9l\u00e9gation de signature \u00e0 \ncaract\u00e8re administratif ; \nVU la d\u00e9cision du 11 d\u00e9cembre 2020 portant d\u00e9signation des responsables de budget op\u00e9rationnel de programme \n(BOP) et d'unit\u00e9s op\u00e9rationnelles (UO) pour le programme 214 \u00ab soutien de la politique de l'\u00e9ducation \nnationale \u00bb ; \nVU la d\u00e9cision du 21 d\u00e9cembre 2020 portant d\u00e9signation des responsables de budget op\u00e9rationnel de programme \n(BOP) et d'unit\u00e9s op\u00e9rationnelles (UO) pour le programme 150 \u00ab formations sup\u00e9rieures et recherche \nuniversitaire \u00bb ; \n \n \nARRETE \n \n \n \n  ARTICLE 1 : \n \nMonsieur Gr\u00e9gory PREMON, directeur acad\u00e9mique des services de l'\u00e9ducation nationale dans le d\u00e9partement du \nVal-de-Marne dispose, \u00e0 compter du jour suivant la publication de sa nomination ou \u00e0 compter du jour o\u00f9 cet acte \nprend effet si ce jour est post\u00e9rieur, de l'ensemble des d\u00e9l\u00e9gations de signature de droit telles qu'elles d\u00e9coulent de \nl'article R. 222-19-3 du code de l'\u00e9ducation modifi\u00e9 par le d\u00e9cret n\u00b0 2012-16 du 5 janvier 2012 relatif \u00e0 l'organisation \nacad\u00e9mique (notamment inscription, d\u00e9rogation \u00e0 la sectorisation, vie scolaire, etc.) \u00e0 l'exception des d\u00e9l\u00e9gations de \nsignature pour les actes suivants : \n  -   actes relatifs au contr\u00f4le administratif des lyc\u00e9es, EREA et ERPD : action \u00e9ducatrice et \n                                            fonctionnement ; \n  -   actes relatifs au contr\u00f4le financier des EPLE ; \n  -   acte relatif au suivi des EPLE :  arr\u00eat\u00e9s des groupements comptables ; \n  -   actes relatifs aux projets des lyc\u00e9es, lyc\u00e9es professionnels et EREA ; \n  -   autorisations de voyages et d'accompagnement des \u00e9l\u00e8ves du second degr\u00e9 dans le cadre \n                                            des appariements \u00e0 l'\u00e9tranger.  \n \n \nARTICLE 2 : \n \nEn tant que responsable d'unit\u00e9s op\u00e9rationnelles, d\u00e9l\u00e9gation de signature est donn\u00e9e \u00e0 monsieur Gr\u00e9gory PREMON, \ndirecteur acad\u00e9mique des services de l'\u00e9ducation nationale dans le d\u00e9partement du Val-de-Marne pour :  \n             - la gestion des cr\u00e9dits de fonctionnement et d'intervention de l'unit\u00e9 op\u00e9rationnelle pour le programme 140 \n\u00ab Enseignement scolaire public du premier degr\u00e9 \u00bb ; \n             - la gestion des cr\u00e9dits de personnel en mati\u00e8re de d\u00e9penses d'accidents de service et de formation pour le \npremier degr\u00e9 et des cr\u00e9dits de fonctionnement pour les examens ; \n             - la gestion des cr\u00e9dits de personnel en mati\u00e8re de d\u00e9penses d'accidents de service et de formation des \naccompagnants des \u00e9l\u00e8ves en situation de handicap et la gestion des cr\u00e9dits de fonctionnement et \nd'intervention en mati\u00e8re de d\u00e9penses de formation des accompagnants des \u00e9l\u00e8ves en situation de \nhandicap et de d\u00e9penses relatives \u00e0 l'inclusion scolaire des \u00e9l\u00e8ves en situation de handicap dans le cadre \nde l'unit\u00e9 op\u00e9rationnelle pour le programme 230 \u00ab Vie de l'\u00e9l\u00e8ve \u00bb.  \n \n \nARTICLE 3 : \n \nSubd\u00e9l\u00e9gation de signature est donn\u00e9e \u00e0 monsieur Gr\u00e9gory PREMON, directeur acad\u00e9mique des services de \nl'\u00e9ducation nationale dans le d\u00e9partement du Val-de-Marne pour la gestion des cr\u00e9dits de fonctionnement et \nd'intervention, en mati\u00e8re de fonctionnement et d'examens, dans le cadre de l'unit\u00e9 op\u00e9rationnelle pour le programme \n214 \u00ab Soutien de la politique de l'\u00e9ducation nationale \u00bb. \n \nRectorat de l'acad\u00e9mie de Cr\u00e9teil - IDF-2025-04-04-00013 - Arr\u00eat\u00e9 du 4 avril 2025 portant d\u00e9l\u00e9gation de signature \u00e0 monsieur Gr\u00e9gory\nPREMON, directeur acad\u00e9mique des services de l'\u00e9ducation nationale dans le d\u00e9partement du Val-de-Marne 36\n 3\n \nARTICLE 4 : \n \nEn mati\u00e8re de gestion du personnel, d\u00e9l\u00e9gation de signature est donn\u00e9e \u00e0 monsieur Gr\u00e9gory PREMON, directeur \nacad\u00e9mique des services de l'\u00e9ducation nationale dans le d\u00e9partement du Val-de-Marne pour :  \n \n \n\uf0b7 la d\u00e9signation des jurys, le d\u00e9roulement des \u00e9preuves du premier concours interne de professeur des  \n\u00e9coles ;  \n \n\uf0b7 la gestion des professeurs des \u00e9coles stagiaires : \n \ntoutes d\u00e9cisions \u00e9num\u00e9r\u00e9es par l'arr\u00eat\u00e9 du 23 septembre 1992 modifi\u00e9 \u00e0 l'exception de celles relatives \u00e0 \nl'organisation des concours dans les conditions pr\u00e9vues par l'arr\u00eat\u00e9 du 25 janvier 2021, \u00e0 la nomination, \u00e0 \nl'affectation dans un d\u00e9partement de l'acad\u00e9mie, \u00e0 la d\u00e9livrance du dipl\u00f4me professionnel de professeur des \n\u00e9coles, \u00e0 l'autorisation de prolongation de stage et de renouvellement de stage, au licenciement ; \n \n\uf0b7 la gestion des professeurs des \u00e9coles et des instituteurs de l'enseignement public : \n \n             - les actes pris en application des dispositions des arr\u00eat\u00e9s modifi\u00e9s du 12 avril 1988 et du 28 ao\u00fbt 1990 ; \n             - les arr\u00eat\u00e9s pla\u00e7ant en cong\u00e9 d'office pour un mois en vertu de l'article R. 911-36 du code l'\u00e9ducation ; \n             - les sanctions disciplinaires pr\u00e9vues \u00e0 l'article L. 533-1 du code g\u00e9n\u00e9ral de la fonction publique ; \n \n\uf0b7 tous les personnels en fonction dans le d\u00e9partement, \u00e0 l'exception de ceux affect\u00e9s dans les \u00e9tablissements \nd'enseignement sup\u00e9rieur et au rectorat : \n \n             - autorisations d'absence ;  \n             - d\u00e9cisions relatives aux demandes de d\u00e9rogation \u00e0 l'obligation d'occuper un logement de fonction et \u00e0 \nl'obligation de r\u00e9sidence pour les personnels exer\u00e7ant en coll\u00e8ge ; \n             - d\u00e9cisions d'imputabilit\u00e9 au service des accidents du travail pour les personnels relevant des corps du \npremier degr\u00e9 ; \n             - d\u00e9cisions relatives au compte personnel de formation ; \n \n\uf0b7 les personnels du service d\u00e9partemental de l'\u00e9ducation nationale :  \n \n             - d\u00e9cisions d'octroi de cong\u00e9 de maladie pr\u00e9vu aux articles L. 822-1, L. 822-2 et L. 822-3 du code g\u00e9n\u00e9ral de \nla fonction publique et \u00e0 l'article 24 du d\u00e9cret n\u00b0 94-874 du 7 octobre 1994 modifi\u00e9 ; \n             - d\u00e9cisions d'octroi d'un cong\u00e9 pour maternit\u00e9 ou pour adoption ou d'un cong\u00e9 de paternit\u00e9 pr\u00e9vu \u00e0 l'article L. \n631-1 du code g\u00e9n\u00e9ral de la fonction publique et \u00e0 l'article 22 du d\u00e9cret n\u00b0 94-874 du 7 octobre 1994 \nmodifi\u00e9 ; \n \n\uf0b7 les d\u00e9cisions relatives au recrutement, \u00e0 la gestion et \u00e0 la fin du contrat de certains agents non titulaires \nexer\u00e7ant dans les \u00e9coles primaires et les d\u00e9cisions relatives au recrutement, \u00e0 la gestion et \u00e0 la fin de contrat \nd'intervenants dans les \u00e9coles primaires ;  \n \n \n\uf0b7 les d\u00e9cisions relatives au recrutement, \u00e0 la gestion administrative et financi\u00e8re et \u00e0 la fin du contrat des \naccompagnants des \u00e9l\u00e8ves en situation de handicap (AESH) (contrat \u00e0 dur\u00e9e d\u00e9termin\u00e9e ou contrat \u00e0 dur\u00e9e \nind\u00e9termin\u00e9e) ; \n \n \n\uf0b7 les d\u00e9cisions relatives au recrutement, \u00e0 la gestion administrative et financi\u00e8re et \u00e0 la fin du contrat des \naccompagnants des personnels en situation de handicap (APSH) (contrat \u00e0 dur\u00e9e d\u00e9termin\u00e9e ou contrat \u00e0 \ndur\u00e9e ind\u00e9termin\u00e9e). \n \n \n \n \nRectorat de l'acad\u00e9mie de Cr\u00e9teil - IDF-2025-04-04-00013 - Arr\u00eat\u00e9 du 4 avril 2025 portant d\u00e9l\u00e9gation de signature \u00e0 monsieur Gr\u00e9gory\nPREMON, directeur acad\u00e9mique des services de l'\u00e9ducation nationale dans le d\u00e9partement du Val-de-Marne 37\n 4\nARTICLE 5 : \n \nEn application de l'article R. 222-17-1 du code de l'\u00e9ducation, d\u00e9l\u00e9gation de signature est donn\u00e9e \u00e0 monsieur \nGr\u00e9gory PREMON, directeur acad\u00e9mique des services de l'\u00e9ducation nationale dans le d\u00e9partement du Val-de-\nMarne, pour signer au nom du recteur de l'acad\u00e9mie de Cr\u00e9teil tous actes, arr\u00eat\u00e9s, d\u00e9cisions et correspondances, \ndans la limite de leurs attributions, dans les domaines suivants :   \n- l'organisation du s\u00e9jour de coh\u00e9sion du service national universel (SNU), le recrutement et la \ngestion des personnes physiques participant \u00e0 des fonctions d'animation ou de direction de ce \ns\u00e9jour, l'approbation dans le cadre de la r\u00e9serve du SNU des missions d'int\u00e9r\u00eat g\u00e9n\u00e9ral, \nl'inscription, l'affectation des r\u00e9servistes et le contr\u00f4le des conditions de mise en \u0153uvre de la \nr\u00e9serve ; \n  \n- l'agr\u00e9ment des associations de jeunesse et d'\u00e9ducation populaire ;  \n \n- l'attribution des subventions d'appui au secteur associatif vers\u00e9es par l'interm\u00e9diaire du Fonds de \ncoop\u00e9ration de la jeunesse et d'\u00e9ducation populaire (FONJEP) ;  \n \n- la d\u00e9livrance du brevet d'aptitude aux fonctions d'animateur (BAFA). \n \n \n  ARTICLE 6 : \n \nLa gestion des bourses du second degr\u00e9 s'effectue au sein d'un service interd\u00e9partemental situ\u00e9 dans le d\u00e9partement \nde la Seine-et-Marne.  \n \n \nARTICLE 7 : \n \nPour les d\u00e9cisions relevant de l'article R. 222-19-3 du code de l'\u00e9ducation (notamment inscription, d\u00e9rogation \u00e0 la \nsectorisation, vie scolaire, etc.) et pour les d\u00e9cisions \u00e9nonc\u00e9es \u00e0 l'article 5 du pr\u00e9sent arr\u00eat\u00e9, monsieur Gr\u00e9gory \nPREMON, directeur acad\u00e9mique des services de l'\u00e9ducation nationale dans le d\u00e9partement du Val-de-Marne, peut \naccorder une subd\u00e9l\u00e9gation de signature aux personnes mentionn\u00e9es \u00e0 l'article D. 222-20 du code de l'\u00e9ducation : \n \n- aux directeurs acad\u00e9miques adjoints des services de l'\u00e9ducation nationale, au secr\u00e9taire g\u00e9n\u00e9ral de la \ndirection du service d\u00e9partemental de l'\u00e9ducation nationale ou au chef des services administratifs de ce m\u00eame \nservice ; \n \n- aux inspecteurs de l'\u00e9ducation nationale, qui sont ses adjoints ; \n \n- au chef du service d\u00e9partemental \u00e0 la jeunesse, \u00e0 l'engagement et aux sports, lequel peut \u00e9galement donner \nd\u00e9l\u00e9gation aux agents plac\u00e9s sous son autorit\u00e9 pour signer tous actes relatifs aux affaires pour lesquelles il a \nlui-m\u00eame re\u00e7u d\u00e9l\u00e9gation. \n \n \nARTICLE 8 : \n \nPour les d\u00e9cisions mentionn\u00e9es aux articles 2, 3 et 4, en cas d'absence ou d'emp\u00eachement de monsieur Gr\u00e9gory \nPREMON, directeur acad\u00e9mique des services de l'\u00e9ducation nationale dans le d\u00e9partement du Val-de-Marne, \nd\u00e9l\u00e9gation de signature est donn\u00e9e \u00e0 :  \n- Monsieur Olivier LANEZ, directeur acad\u00e9mique adjoint des services de l'\u00e9ducation nationale du Val-de-Marne; \n- Monsieur Franck GOUSSET, directeur acad\u00e9mique adjoint des services de l'\u00e9ducation nationale du Val-de-\nMarne ; \n- Monsieur Yohann PRUNIER, secr\u00e9taire g\u00e9n\u00e9ral de la direction des services d\u00e9partementaux de l'\u00e9ducation \nnationale du Val-de-Marne ; \n \nEt en cas d'absence ou d'emp\u00eachement de ces derniers \u00e0 : \n \n- Madame Elisabeth LORIN, inspectrice de l'\u00e9ducation nationale adjointe au directeur acad\u00e9mique des services \nde l'\u00e9ducation nationale du Val-de-Marne, charg\u00e9e du 1er degr\u00e9. \nRectorat de l'acad\u00e9mie de Cr\u00e9teil - IDF-2025-04-04-00013 - Arr\u00eat\u00e9 du 4 avril 2025 portant d\u00e9l\u00e9gation de signature \u00e0 monsieur Gr\u00e9gory\nPREMON, directeur acad\u00e9mique des services de l'\u00e9ducation nationale dans le d\u00e9partement du Val-de-Marne 38\n 5\n \n  ARTICLE 9 : \n \nLe pr\u00e9sent arr\u00eat\u00e9 abroge l'arr\u00eat\u00e9 du 27 mars 2025. \n \n \n  ARTICLE 10 :  \n \nLe secr\u00e9taire g\u00e9n\u00e9ral de l'acad\u00e9mie de Cr\u00e9teil et le directeur acad\u00e9mique des services de l'\u00e9ducation nationale du \nVal-de-Marne, sont, chacun en ce qui le concerne, charg\u00e9s de l'ex\u00e9cution du pr\u00e9sent arr\u00eat\u00e9 qui sera publi\u00e9 au recueil \ndes actes administratifs de la pr\u00e9fecture de r\u00e9gion d'Ile-de-France et au recueil des actes administratifs de la \npr\u00e9fecture du d\u00e9partement du Val-de-Marne.  \n \n \n \n \n \n Fait \u00e0 Cr\u00e9teil, le 4 avril 2025 \n \n \n \n Le recteur de l'acad\u00e9mie de Cr\u00e9teil \n \n         Sign\u00e9 \n \n  Jean-Fran\u00e7ois CHANET \nRectorat de l'acad\u00e9mie de Cr\u00e9teil - IDF-2025-04-04-00013 - Arr\u00eat\u00e9 du 4 avril 2025 portant d\u00e9l\u00e9gation de signature \u00e0 monsieur Gr\u00e9gory\nPREMON, directeur acad\u00e9mique des services de l'\u00e9ducation nationale dans le d\u00e9partement du Val-de-Marne 39\nRectorat de l'acad\u00e9mie de Cr\u00e9teil\nIDF-2025-04-04-00011\nArr\u00eat\u00e9 du 4 avril 2025 portant subd\u00e9l\u00e9gation de\nsignature \u00e0 monsieur Mehdi CHERFI, secr\u00e9taire\ng\u00e9n\u00e9ral de l'acad\u00e9mie de Cr\u00e9teil, en mati\u00e8re\nd'ordonnancement secondaire\nRectorat de l'acad\u00e9mie de Cr\u00e9teil - IDF-2025-04-04-00011 - Arr\u00eat\u00e9 du 4 avril 2025 portant subd\u00e9l\u00e9gation de signature \u00e0 monsieur\nMehdi CHERFI, secr\u00e9taire g\u00e9n\u00e9ral de l'acad\u00e9mie de Cr\u00e9teil, en mati\u00e8re d'ordonnancement secondaire 40\nExACADEMIEDE CRETEILLibert\u00e9Egalit\u00e9Fraternit\u00e9\n1 \n Arr\u00eat\u00e9 du 4 avril 2025 portant subd\u00e9l\u00e9gation de signature  \n\u00e0 monsieur Mehdi CHERFI, secr\u00e9taire g\u00e9n\u00e9ral de l'acad\u00e9mie de Cr\u00e9teil, \nen mati\u00e8re d'ordonnancement secondaire  \n \n                 LE RECTEUR DE L'ACADEMIE DE CRETEIL \n \nVU la loi organique n\u00b0 2001-692 du 1er ao\u00fbt 2001 modifi\u00e9e relative aux lois de finances ; \n \nVU le code de la commande publique ; \n \nVU la loi n\u00b0 68-1250 du 31 d\u00e9cembre 1968 modifi\u00e9e relative \u00e0 la prescription des cr\u00e9ances sur \nl'\u00c9tat, les d\u00e9partements, les communes et les \u00e9tablissements publics ; \n \nVU la loi n\u00b0 72-619 du 5 juillet 1972 modifi\u00e9e portant cr\u00e9ation et organisation des r\u00e9gions, \nnotamment son article 21-1 ; \n \nVU la loi n\u00b0 82-213 du 2 mars 1982 modifi\u00e9e relative aux droits et libert\u00e9s des communes, des \nd\u00e9partements et des r\u00e9gions, et notamment son article 34 ; \n \nVU le d\u00e9cret n\u00b0 99-89 du 8 f\u00e9vrier 1999 pris pour l'application de l'article 3 du d\u00e9cret n\u00b0 98-81 du 11 \nf\u00e9vrier 1998 modifiant la loi n\u00b0 68-1250 du 31 d\u00e9cembre 1968 relative \u00e0 la prescription des \ncr\u00e9ances sur l'Etat, les d\u00e9partements, les communes et les \u00e9tablissements publics et relatif aux \nd\u00e9cisions prises par l'Etat en mati\u00e8re de prescription quadriennale ; \n \nVU le d\u00e9cret n\u00b0 2005-801 du 18 juillet 2005 modifiant le d\u00e9cret n\u00b0 98-81 du 11 f\u00e9vrier 1998 modifi\u00e9 \nmodifiant la loi n\u00b0 68-1250 du 31 d\u00e9cembre 1968 relative \u00e0 la prescription des cr\u00e9ances sur \nl'\u00c9tat, les d\u00e9partements, les communes et les \u00e9tablissements publics et relatif aux d\u00e9cisions \nprises par l'Etat en mati\u00e8re de prescription quadriennale ; \n \nVU le d\u00e9cret n\u00b0 2012-1246 du 7 novembre 2012 modifi\u00e9 relatif \u00e0 la gestion budg\u00e9taire et comptable \npublique ;  \n \nVU le d\u00e9cret n\u00b0 2019-1200 du 20 novembre 2019 relatif \u00e0 l'organisation des services d\u00e9concentr\u00e9s \ndes ministres charg\u00e9s de l'\u00e9ducation nationale et de l'enseignement sup\u00e9rieur, de la recherche \net de l'innovation ; \n \nVU le d\u00e9cret n\u00b0 2020-139 du 19 f\u00e9vrier 2020 modifiant certaines dispositions relatives \u00e0 la \npr\u00e9fecture de la r\u00e9gion d'Ile-de-France, pr\u00e9fecture de Paris ; \n \nVU le d\u00e9cret du 22 juillet 2020 portant nomination de monsieur Marc GUILLAUME en qualit\u00e9 de \npr\u00e9fet de la r\u00e9gion d'Ile-de-France, pr\u00e9fet de Paris ;  \n \nVU le d\u00e9cret du 12 mars 2025 nommant madame Julie BENETTI rectrice de la r\u00e9gion acad\u00e9mique \nd'Ile-de-France, rectrice de l'acad\u00e9mie de Paris, chanceli\u00e8re des universit\u00e9s de Paris et d'Ile-de-\nFrance ; \n \nVU le d\u00e9cret du 12 mars 2025 nommant monsieur Jean-Fran\u00e7ois CHANET recteur de l'acad\u00e9mie de \nCr\u00e9teil ; \n \nRectorat de l'acad\u00e9mie de Cr\u00e9teil - IDF-2025-04-04-00011 - Arr\u00eat\u00e9 du 4 avril 2025 portant subd\u00e9l\u00e9gation de signature \u00e0 monsieur\nMehdi CHERFI, secr\u00e9taire g\u00e9n\u00e9ral de l'acad\u00e9mie de Cr\u00e9teil, en mati\u00e8re d'ordonnancement secondaire 41\n2 \nVU l'arr\u00eat\u00e9 du 3 juillet 2009 portant r\u00e8glement de comptabilit\u00e9 pour la d\u00e9signation des ordonnateurs \nsecondaires et de leurs d\u00e9l\u00e9gu\u00e9s en ce qui concerne le minist\u00e8re de l'\u00e9ducation nationale ; \n \nVU l'arr\u00eat\u00e9 du 22 d\u00e9cembre 2022 relatif aux r\u00e8gles de la comptabilit\u00e9 budg\u00e9taire de l'Etat pris en \napplication de l'article 54 du d\u00e9cret n\u00b0 2012-1246 du 7 novembre 2012 modifi\u00e9 relatif \u00e0 la \ngestion budg\u00e9taire et comptable publique ;   \n \nVU l'arr\u00eat\u00e9 minist\u00e9riel du 7 mars 2022 portant nomination, d\u00e9tachement et classement de madame \nFrancette DALLE MESE, inspectrice d'acad\u00e9mie-inspectrice p\u00e9dagogique r\u00e9gionale de classe \nnormale, dans l'emploi d'adjointe au secr\u00e9taire g\u00e9n\u00e9ral d'acad\u00e9mie, en charge de l'organisation \nscolaire, de la performance et des politiques \u00e9ducatives au rectorat de l'acad\u00e9mie de Cr\u00e9teil ; \n \nVU l'arr\u00eat\u00e9 minist\u00e9riel du 30 d\u00e9cembre 2022 portant nomination et classement de monsieur Mehdi \nCHERFI dans l'emploi de secr\u00e9taire g\u00e9n\u00e9ral de l'acad\u00e9mie de Cr\u00e9teil ; \n \nVU l'arr\u00eat\u00e9 minist\u00e9riel du 21 f\u00e9vrier 2023 portant nomination et classement de monsieur David \nBERAHA, attach\u00e9 d'administration hors classe, dans l'emploi de secr\u00e9taire g\u00e9n\u00e9ral adjoint, \ndirecteur des relations et ressources humaines de l'acad\u00e9mie de Cr\u00e9teil ; \n \nVU l'arr\u00eat\u00e9 minist\u00e9riel du 12 juin 2023 portant nomination et classement de monsieur Vincent \nBENAVENT, ing\u00e9nieur de recherche du CNRS, dans l'emploi d'adjoint au secr\u00e9taire g\u00e9n\u00e9ral \nd'acad\u00e9mie, en charge de la modernisation, du num\u00e9rique et de l'immobilier au rectorat de \nl'acad\u00e9mie de Cr\u00e9teil ; \n \nVU l'arr\u00eat\u00e9 minist\u00e9riel du 14 janvier 2025 portant nomination et classement de monsieur Fr\u00e9d\u00e9ric \nMULLER, attach\u00e9 d'administration hors classe, dans l'emploi d'adjoint au secr\u00e9taire g\u00e9n\u00e9ral \nd'acad\u00e9mie en charge des affaires budg\u00e9taires, financi\u00e8res et juridiques au rectorat de \nl'acad\u00e9mie de Cr\u00e9teil ; \n \nVU l'arr\u00eat\u00e9 du pr\u00e9fet de la r\u00e9gion d'Ile-de-France n\u00b0 IDF-2025-03-26-00008 du 26 mars 2025 \nportant d\u00e9l\u00e9gation de signature \u00e0 monsieur Jean-Fran\u00e7ois CHANET, recteur de l'acad\u00e9mie de \nCr\u00e9teil, en mati\u00e8re d'ordonnancement secondaire ;  \n \nVU l'arr\u00eat\u00e9 du pr\u00e9fet de la r\u00e9gion d'Ile-de-France n\u00b0 IDF-2025-03-26-00007 du 26 mars 2025 \nportant d\u00e9l\u00e9gation de signature \u00e0 monsieur Jean-Fran\u00e7ois CHANET, recteur de l'acad\u00e9mie de \nCr\u00e9teil, en mati\u00e8re d'ordonnancement secondaire sur le programme 354 \u00ab administration \nterritoriale de l'Etat \u00bb au titre des d\u00e9penses d'occupation de la cit\u00e9 administrative de Melun ; \n \nVU l'arr\u00eat\u00e9 de la rectrice de la r\u00e9gion acad\u00e9mique d'Ile-de-France, rectrice de l'acad\u00e9mie de Paris, \nchanceli\u00e8re des universit\u00e9s de Paris et d'Ile-de-France n\u00b0 2025-027-RRA du 27 mars 2025 \nportant d\u00e9l\u00e9gation de signature en mati\u00e8re administrative au secr\u00e9taire g\u00e9n\u00e9ral de la r\u00e9gion \nacad\u00e9mique d'Ile-de-France et aux recteurs d'acad\u00e9mies ainsi que subd\u00e9l\u00e9gation de signature \nen mati\u00e8re d'ordonnancement secondaire au secr\u00e9taire g\u00e9n\u00e9ral de la r\u00e9gion acad\u00e9mique d'Ile-\nde-France et aux recteurs d'acad\u00e9mies ; \n \nVU les d\u00e9cisions du 4 d\u00e9cembre 2019 nommant le recteur de l'acad\u00e9mie de Cr\u00e9teil responsable de \nbudget op\u00e9rationnel de programme (BOP) des programmes 139 \u00ab enseignement priv\u00e9 du \npremier et du second degr\u00e9s \u00bb, 140 \u00ab enseignement scolaire public du premier degr\u00e9 \u00bb, 141 \n\u00ab enseignement scolaire public du second degr\u00e9 \u00bb et 230 \u00ab vie de l'\u00e9l\u00e8ve \u00bb ; \n \nVU la d\u00e9cision du 11 d\u00e9cembre 2020 portant d\u00e9signation des responsables de budget op\u00e9rationnel \nde programme (BOP) et d'unit\u00e9s op\u00e9rationnelles (UO) pour le programme 214 \u00ab soutien de la \npolitique de l'\u00e9ducation nationale \u00bb ; \n \nVU la d\u00e9cision du 21 d\u00e9cembre 2020 portant d\u00e9signation des responsables de budget op\u00e9rationnel \nde programme (BOP) et d'unit\u00e9s op\u00e9rationnelles (UO) pour le programme 150 \u00ab formations \nsup\u00e9rieures et recherche universitaire \u00bb ; \n \nVU la convention en date du 3 novembre 2023 de d\u00e9l\u00e9gation de gestion relative \u00e0 l'ex\u00e9cution \nfinanci\u00e8re des appels \u00e0 projets pour un socle num\u00e9rique dans les \u00e9coles \u00e9l\u00e9mentaires (AAP \nSNEE) dans le cadre du \u00ab Plan de relance \u00bb au titre de l'activit\u00e9 \u00ab continuit\u00e9 p\u00e9dagogique \u00bb \nconclue entre la r\u00e9gion acad\u00e9mique Ile-de-France et l'acad\u00e9mie de Cr\u00e9teil ; \nRectorat de l'acad\u00e9mie de Cr\u00e9teil - IDF-2025-04-04-00011 - Arr\u00eat\u00e9 du 4 avril 2025 portant subd\u00e9l\u00e9gation de signature \u00e0 monsieur\nMehdi CHERFI, secr\u00e9taire g\u00e9n\u00e9ral de l'acad\u00e9mie de Cr\u00e9teil, en mati\u00e8re d'ordonnancement secondaire 42\n3 \n \n \n \n \n \nARRETE \n \nARTICLE 1 :  \n \n \nSubd\u00e9l\u00e9gation de signature est donn\u00e9e \u00e0 monsieur Mehdi CHERFI, secr\u00e9taire g\u00e9n\u00e9ral de \nl'acad\u00e9mie de Cr\u00e9teil, \u00e0 l'effet de signer les actes mentionn\u00e9s sur n\u00b0 IDF-2025-03-26-00008 du 26 \nmars 2025 : \n \nI. En qualit\u00e9 de responsable de budget op\u00e9rationnel de programme, pour : \n \n1. Recevoir les cr\u00e9dits des programmes suivants : \n- \u00ab enseignement priv\u00e9 du premier et du second degr\u00e9s \u00bb (n\u00b0 139) ; \n- \u00ab enseignement scolaire public du premier degr\u00e9 \u00bb (n\u00b0 140) ; \n- \u00ab enseignement scolaire public du second degr\u00e9 \u00bb (n\u00b0 141) ; \n- \u00ab vie de l'\u00e9l\u00e8ve \u00bb (n\u00b0 230). \n \n2. R\u00e9partir ces cr\u00e9dits entre les services responsables d'unit\u00e9s op\u00e9rationnelles, charg\u00e9s de leur \nex\u00e9cution. \n \n3. Proc\u00e9der \u00e0 des r\u00e9allocations en cours d'exercice budg\u00e9taire entre les services responsables \nd'unit\u00e9s op\u00e9rationnelles. \n \n \n \nII. En qualit\u00e9 de responsable d'unit\u00e9s op\u00e9rationnelles, pour : \n \nTous arr\u00eat\u00e9s, d\u00e9cisions, pi\u00e8ces ou conventions, y compris ceux relatifs \u00e0 la prescription \nquadriennale, pour proc\u00e9der \u00e0 l'ordonnancement secondaire des recettes et des d\u00e9penses de \nl'\u00c9tat dans le cadre des programmes suivants : \n- \u00ab enseignement priv\u00e9 du premier et du second degr\u00e9s \u00bb (n\u00b0 139) ; \n- \u00ab enseignement scolaire public du premier degr\u00e9 \u00bb (n\u00b0 140) ; \n- \u00ab enseignement scolaire public du second degr\u00e9 \u00bb (n\u00b0 141) ; \n- \u00ab formations sup\u00e9rieures et recherche universitaire \u00bb (n\u00b0 150) ; \n- \u00ab soutien de la politique de l'\u00e9ducation nationale \u00bb (n\u00b0 214) ; \n- \u00ab vie de l'\u00e9l\u00e8ve \u00bb (n\u00b0 230) ; \n- \u00ab vie \u00e9tudiante \u00bb (n\u00b0 231) ; \n- \u00ab performance et r\u00e9silience des b\u00e2timents de l'Etat et de ses op\u00e9rateurs \u00bb (n\u00b0 \n348) \u00bb ; \n- \u00ab op\u00e9rations immobili\u00e8res et entretien des b\u00e2timents de l'Etat\u00bb (n\u00b0 723). \n \n \n \nIII.  Pour les subventions d'un montant de 30.000 euros et plus, et pour les op\u00e9rations \nd'investissement d'un montant de 30.000 euros et plus, la d\u00e9l\u00e9gation de signature consentie au \nII ne s'\u00e9tend aux d\u00e9cisions relatives \u00e0 la gestion des cr\u00e9dits des titres 5, 6 et 7 du budget du \nminist\u00e8re que lorsque les op\u00e9rations en cause auront \u00e9t\u00e9 pr\u00e9alablement arr\u00eat\u00e9es par le pr\u00e9fet \nde la r\u00e9gion d'Ile-de-France. \n \nCes dispositions ne s'appliquent pas aux subventions allou\u00e9es au titre des cr\u00e9dits d'\u00e9quipement \np\u00e9dagogique (premier \u00e9quipement) du budget du minist\u00e8re de l'\u00e9ducation nationale. \n \n \n \n \n \n \n \nRectorat de l'acad\u00e9mie de Cr\u00e9teil - IDF-2025-04-04-00011 - Arr\u00eat\u00e9 du 4 avril 2025 portant subd\u00e9l\u00e9gation de signature \u00e0 monsieur\nMehdi CHERFI, secr\u00e9taire g\u00e9n\u00e9ral de l'acad\u00e9mie de Cr\u00e9teil, en mati\u00e8re d'ordonnancement secondaire 43\n4 \n \nARTICLE 2 :  \n \n \nSubd\u00e9l\u00e9gation de signature est donn\u00e9e \u00e0 monsieur Mehdi CHERFI, secr\u00e9taire g\u00e9n\u00e9ral de \nl'acad\u00e9mie de Cr\u00e9teil, \u00e0 l'effet de signer les actes mentionn\u00e9s sur l'arr\u00eat\u00e9 pr\u00e9fectoral n\u00b0 IDF 2025-\n03-26-00007 du 26 mars 2025 : \n \nI. En qualit\u00e9 de responsable d'unit\u00e9s op\u00e9rationnelles, tous arr\u00eat\u00e9s, d\u00e9cisions, pi\u00e8ces ou \nconventions, y compris ceux relatifs \u00e0 la prescription quadriennale, du programme 354 \n\u00ab administration territoriale de l'Etat \u00bb au titre des d\u00e9penses d'occupation de la cit\u00e9 \nadministrative de Melun, \u00e0 l'exception des d\u00e9penses de nettoyage et de gardiennage. \n \n \nII. Toutes pi\u00e8ces, dans la limite de ses attributions et dans la limite des plafonds de d\u00e9penses qui \nlui auraient \u00e9t\u00e9 notifi\u00e9s par le pr\u00e9fet de la r\u00e9gion d'Ile-de-France, pour proc\u00e9der \u00e0 \nl'ordonnancement secondaire des d\u00e9penses de l'Etat dans le cadre du programme 354 \n\u00ab administration territoriale de l'Etat \u00bb au titre des d\u00e9penses d'occupation de la cit\u00e9 \nadministrative de Melun, \u00e0 l'exception des d\u00e9penses de nettoyage et de gardiennage. \n \n \n \nARTICLE 3 :  \n \n \nSubd\u00e9l\u00e9gation de signature est donn\u00e9e \u00e0 monsieur Mehdi CHERFI, secr\u00e9taire g\u00e9n\u00e9ral de \nl'acad\u00e9mie de Cr\u00e9teil, pour les march\u00e9s publics inf\u00e9rieurs \u00e0 40 000 euros HT dans les limites de \nses attributions. \n \n \n \nARTICLE 4 :  \n \n \nSubd\u00e9l\u00e9gation de signature est donn\u00e9e \u00e0 monsieur Mehdi CHERFI, secr\u00e9taire g\u00e9n\u00e9ral de \nl'acad\u00e9mie de Cr\u00e9teil, pour toutes pi\u00e8ces pour proc\u00e9der \u00e0 l'ordonnancement secondaire des \nd\u00e9penses relatives au programme 362 \u00ab Ecologie \u00bb du Plan France Relance dans la limite de \nl'enveloppe accord\u00e9e \u00e0 l'acad\u00e9mie de Cr\u00e9teil et sur le territoire de l'acad\u00e9mie dans les conditions \npr\u00e9vues du d\u00e9cret n\u00b0 2004-374 du 29 avril 2004 modifi\u00e9. \n \n \n \nARTICLE 5 :  \n \n \nSubd\u00e9l\u00e9gation de signature est donn\u00e9e \u00e0 monsieur Mehdi CHERFI, secr\u00e9taire g\u00e9n\u00e9ral de \nl'acad\u00e9mie de Cr\u00e9teil, pour toutes pi\u00e8ces pour proc\u00e9der \u00e0 l'ordonnancement secondaire des \nd\u00e9penses relatives \u00e0 l'activit\u00e9 \u00ab Continuit\u00e9 p\u00e9dagogique \u00bb de l'unit\u00e9 op\u00e9rationnelle 0363-MENJ-\nNUPA du programme plan de relance n\u00b0 363 \u00ab Comp\u00e9titivit\u00e9 \u00bb, dans la limite des appels \u00e0 projets \nretenus pour un socle num\u00e9rique dans les \u00e9coles \u00e9l\u00e9mentaires, ayant fait l'objet d'une notification \net sur le territoire de l'acad\u00e9mie dans les conditions pr\u00e9vues du d\u00e9cret n\u00b0 2004-374 du 29 avril \n2004 modifi\u00e9. \n \n \n \nARTICLE 6 :  \n \n \nSubd\u00e9l\u00e9gation de signature est \u00e9galement donn\u00e9e \u00e0 : \n \n \n- madame Francette DALLE MESE, secr\u00e9taire g\u00e9n\u00e9rale adjointe, directrice en charge de \nl'organisation scolaire, de la performance et des politiques \u00e9ducatives ; \nRectorat de l'acad\u00e9mie de Cr\u00e9teil - IDF-2025-04-04-00011 - Arr\u00eat\u00e9 du 4 avril 2025 portant subd\u00e9l\u00e9gation de signature \u00e0 monsieur\nMehdi CHERFI, secr\u00e9taire g\u00e9n\u00e9ral de l'acad\u00e9mie de Cr\u00e9teil, en mati\u00e8re d'ordonnancement secondaire 44\n5 \n \n- monsieur David BERAHA, secr\u00e9taire g\u00e9n\u00e9ral adjoint, directeur des relations et ressources \nhumaines ;  \n \n- monsieur Vincent BENAVENT, secr\u00e9taire g\u00e9n\u00e9ral adjoint, directeur en charge de la \nmodernisation, du num\u00e9rique et de l'immobilier ; \n \n- monsieur Fr\u00e9d\u00e9ric MULLER, secr\u00e9taire g\u00e9n\u00e9ral adjoint, directeur en charge des affaires \nbudg\u00e9taires, financi\u00e8res et juridiques.  \n \n \n \nARTICLE 7 :  \n \n \nSont exclus du champ de la pr\u00e9sente d\u00e9l\u00e9gation les actes suivants, qui demeurent r\u00e9serv\u00e9s \u00e0 la \nsignature du pr\u00e9fet de la r\u00e9gion d'Ile-de-France : \n- les ordres de r\u00e9quisition du comptable public ; \n- les d\u00e9cisions de passer outre l'avis d\u00e9favorable du contr\u00f4leur budg\u00e9taire r\u00e9gional ; \n- les conventions avec les collectivit\u00e9s territoriales et leurs \u00e9tablissements publics. \n \n \n \nARTICLE 8 :  \n \n \nLe pr\u00e9sent arr\u00eat\u00e9 abroge l'arr\u00eat\u00e9 rectoral du 27 mars 2025. \n \n \n \nARTICLE 9 :  \n \n \nLe pr\u00e9sent arr\u00eat\u00e9 sera publi\u00e9 au recueil des actes administratifs de la pr\u00e9fecture de r\u00e9gion d'Ile-de-\nFrance.  \n \n \n \n \n      \n Fait \u00e0 Cr\u00e9teil, le 4 avril 2025 \n   \n \n \n  Le recteur de l'acad\u00e9mie de Cr\u00e9teil \n \n         Sign\u00e9 \n \n     \n \n          Jean-Fran\u00e7ois CHANET  \nRectorat de l'acad\u00e9mie de Cr\u00e9teil - IDF-2025-04-04-00011 - Arr\u00eat\u00e9 du 4 avril 2025 portant subd\u00e9l\u00e9gation de signature \u00e0 monsieur\nMehdi CHERFI, secr\u00e9taire g\u00e9n\u00e9ral de l'acad\u00e9mie de Cr\u00e9teil, en mati\u00e8re d'ordonnancement secondaire 45","date":"2025-04-07","first_seen_on":"2025-04-07T16:15:38+00:00","id":"ce0dd5a7668304fc954e92cedc62e7d75524ecdc01db24ca8a02a278c4c586ec","name":"recueilDS-idf-017-2025-04-recueil-des-actes-administratifs-special du 07.04.2025","pdf_creation_date":"2025-04-07T14:47:05+00:00","pdf_modification_date":null,"timezone":"Europe/Paris","url":"https://www.prefectures-regions.gouv.fr/ile-de-france/irecontenu/telechargement/126841/936585/file/recueilDS-idf-017-2025-04-recueil-des-actes-administratifs-special%20du%2007.04.2025.pdf"}
