{"administration":"prefidf","administration_name":"Pr\u00e9fecture de la r\u00e9gion \u00cele-de-France","content":"PREFECTURE\nREGION ILE DE\nFRANCE\nRECUEIL DES ACTES\nADMINISTRATIFS SP\u00c9CIAL\n(NOMINATIFS)\nN\u00b0IDF-069-2025-09\nPUBLI\u00c9 LE 30 SEPTEMBRE 2025\nSommaire\nAgence R\u00e9gionale de Sant\u00e9 / Direction de l'Offre de Soins  - P\u00f4le RH\nen Sant\u00e9\nIDF-2025-09-30-00008 - Arr\u00eat\u00e9 n\u00b0 DOS - 2025/ 4000 portant\nnomination des membres de la commission r\u00e9gionale d'agr\u00e9ment des\n\u00e9tablissements de formation en psychopathologie clinique\nd'Ile-de-France.\n (2 pages) Page 3\nAgence R\u00e9gionale de Sant\u00e9  - D\u00e9l\u00e9gation D\u00e9partementale de la\nSeine Saint-Denis /  D\u00e9partement Territoires - Parcours de soins\nIDF-2025-09-30-00009 - Arr\u00eat\u00e9 n\u00b02025/013 du 30 septembre\n2025\nArr\u00eat\u00e9 modifiant l'arr\u00eat\u00e9 n\u00b02025/003 portant\ncomposition du Conseil Territorial de Sant\u00e9 de la Seine-Saint-Denis\n (7\npages) Page 6\nDirection r\u00e9gionale des affaires culturelles d'Ile-de-France  / Secr\u00e9tariat\ng\u00e9n\u00e9ral\nIDF-2025-09-29-00003 - Arr\u00eat\u00e9 n\u00b0 2025-82 portant nomination des\nmembres pour les ann\u00e9es civiles 2026-2027 de la commission\nconsultative charg\u00e9e de donner un avis sur l'attribution des aides\nd\u00e9concentr\u00e9es au spectacle vivant (4 pages) Page 14\nPr\u00e9fecture de la r\u00e9gion d'Ile-de-France, pr\u00e9fecture de\nParis-Secr\u00e9tariat g\u00e9n\u00e9ral aux politiques publiques / Direction des\naffaires juridiques\nIDF-2025-09-30-00001 - Arr\u00eat\u00e9 modifiant l'arr\u00eat\u00e9 n\u00b0\nIDF-2023-04-13-00003 du 13 avril 2023 portant renouvellement des\nrepr\u00e9sentants des professions a\u00e9ronautiques et des associations de la\nCommission consultative de l'environnement de l'a\u00e9rodrome de\nParis-Orly et modifiant l'arr\u00eat\u00e9 n\u00b0 IDF-2021-10-08-00002 du 8\noctobre 2021 portant nomination des membres \u00e0 la Commission\nconsultative de l'environnement de l'a\u00e9rodrome de Paris-Orly (7\npages) Page 19\n2\nAgence R\u00e9gionale de Sant\u00e9\nIDF-2025-09-30-00008\nArr\u00eat\u00e9 n\u00b0 DOS - 2025/ 4000 portant nomination\ndes membres de la commission r\u00e9gionale\nd'agr\u00e9ment des \u00e9tablissements de formation en\npsychopathologie clinique d'Ile-de-France.\nAgence R\u00e9gionale de Sant\u00e9 - IDF-2025-09-30-00008 - Arr\u00eat\u00e9 n\u00b0 DOS - 2025/ 4000 portant nomination des membres de la commission\nr\u00e9gionale d'agr\u00e9ment des \u00e9tablissements de formation en psychopathologie clinique d'Ile-de-France. 3\nREPUBLIQUEFRAN\u00c7AISELibert\u00e9Egalit\u00e9Fraternit\u00e9\n@ D Agence R\u00e9gionale de Sant\u00e9lle-de-France\nz 22 mme mm  \u2014\u2014  Te  2 \u2014 \u2014  mm  mn \u2014\nE =\n- A Lee  222.  ee\n2 2 2 2 aee  ee  ee  ee  Dp' \u2014 ee\n \n \n \n \n \n \n \nAGENCE R\u00c9GIONALE DE SANT\u00c9 \u00ceLE-DE-FRANCE \nArr\u00eat\u00e9 n\u00b0 DOS - 2025/ 4000 \n    \n \nPortant nomination des membres de la commission r\u00e9gionale d'agr\u00e9ment des \u00e9tablissements \nde formation en psychopathologie clinique d'Ile-de-France. \n \nLE DIRECTEUR G\u00c9N\u00c9RAL DE L'AGENCE R\u00c9GIONALE DE SANT\u00c9 D'\u00ceLE-DE-FRANCE \n \nVu le code de la sant\u00e9 publique ; \n \nVu la loi n\u00b0 2004-806 du 9 ao\u00fbt 2004 relative \u00e0 la politique de sant\u00e9 publique, modifi\u00e9e, et notamment \nson article 52 ; \n \nVu la loi n\u00b02009-879 du 21 juillet 2009 portant r\u00e9forme de l'h\u00f4pital et relative aux patients, \u00e0 la sant\u00e9 et \naux territoires, notamment son article 91 ; \n \nVu le d\u00e9cret n\u00b0 2010- 534 du 20 mai 2010 modifi\u00e9, relatif \u00e0 l'usage du titre de psychoth\u00e9rapeute, \nnotamment son article 10 ; \n \nVu le d\u00e9cret du 10 avril 2024 portant nomination de Denis ROBIN, Directeur g\u00e9n\u00e9ral de l'Agence \nr\u00e9gionale de sant\u00e9 d'\u00cele-de-France, \u00e0 compter du 29 avril 2024 ; \n \nVu l'arr\u00eat\u00e9 DS N\u00b0034/2024 portant d\u00e9l\u00e9gation de signature. \n \n \n \nARRETE  \n \nARTICLE 1 : Les membres de la commission r\u00e9gionale d'agr\u00e9ment des \u00e9tablissements de formation \nen psychopathologie clinique d'Ile de France, dont les noms sont mentionn\u00e9s ci-dessous, sont nomm\u00e9s \npour une dur\u00e9e de 3 ans \u00e0 compter de la date de publication du pr\u00e9sent arr\u00eat\u00e9 : \n \n1. En tant que titulaires : \n \n\u2022 Bernard GOLSE, Professeur d'universit\u00e9 et praticien hospitalier en psychiatrie \n\u2022 Bernard ODIER, psychiatre \n\u2022 Marie DE MONTALEMBERT, Psychologue enseignant \n\u2022 Sabrina JULIEN-SWEERTS psychologue - psychoth\u00e9rapeute \n\u2022 Christian HOFFMAN, psychanalyste \n\u2022 Pierre-Yves GAUDARD, psychanalyste - psychoth\u00e9rapeute \n \n \n2. En tant que suppl\u00e9ants : \n \n\u2022 Anne PERRET, psychiatre \n\u2022 Lola FOURCADE, psychiatre \n\u2022 Corinne DEMARCY, Psychologue enseignant \nAgence R\u00e9gionale de Sant\u00e9 - IDF-2025-09-30-00008 - Arr\u00eat\u00e9 n\u00b0 DOS - 2025/ 4000 portant nomination des membres de la commission\nr\u00e9gionale d'agr\u00e9ment des \u00e9tablissements de formation en psychopathologie clinique d'Ile-de-France. 4\n2 \n13 rue du Landy \n93200 Saint-Denis \nT\u00e9l : 01 44 02 09 00 \nwww.iledefrance.ars.sante.fr \n \n\u2022 Carole NIQUET, psychologue \n\u2022 Yorgos DIMITRIADIS, psychanalyste, psychiatre \n\u2022 St\u00e9phane THIBIERGE, psychanalyste - psychoth\u00e9rapeute \n \n \nARTICLE 2 : Monsieur Christian HOFFMAN est d\u00e9sign\u00e9 pr\u00e9sident de la commission ; \n \nARTICLE 3 : Un recours contre le pr\u00e9sent arr\u00eat\u00e9 peut \u00eatre form\u00e9 devant le tribunal administratif dans \nles deux mois suivant sa publication ; \n \nARTICLE 4 : Le Directeur g\u00e9n\u00e9ral de l'Agence r\u00e9gionale de Sant\u00e9 d' Ile-de-France est charg\u00e9 de \nl'ex\u00e9cution du pr\u00e9sent arr\u00eat\u00e9 qui sera publi\u00e9 au recueil des actes administratifs de la pr\u00e9fecture de la \nr\u00e9gion Ile-de-France. \n \n \n \n \nFait \u00e0 Saint-Denis, le 30 septembre 2025 \n \nPour le Directeur g\u00e9n\u00e9ral \nde l'Agence r\u00e9gionale de sant\u00e9 \nd'\u00cele-de-France \n \nLa Directrice du P\u00f4le Ressources \nHumaines en Sant\u00e9 \n \nSIGN\u00c9 \n \nLaure WALLON \n \nAgence R\u00e9gionale de Sant\u00e9 - IDF-2025-09-30-00008 - Arr\u00eat\u00e9 n\u00b0 DOS - 2025/ 4000 portant nomination des membres de la commission\nr\u00e9gionale d'agr\u00e9ment des \u00e9tablissements de formation en psychopathologie clinique d'Ile-de-France. 5\nAgence R\u00e9gionale de Sant\u00e9  - D\u00e9l\u00e9gation\nD\u00e9partementale de la Seine Saint-Denis\nIDF-2025-09-30-00009\nArr\u00eat\u00e9 n\u00b02025/013 du 30 septembre 2025\nArr\u00eat\u00e9 modifiant l'arr\u00eat\u00e9 n\u00b02025/003 portant\ncomposition du Conseil Territorial de Sant\u00e9 de la\nSeine-Saint-Denis\nAgence R\u00e9gionale de Sant\u00e9  - D\u00e9l\u00e9gation D\u00e9partementale de la Seine Saint-Denis - IDF-2025-09-30-00009 - Arr\u00eat\u00e9 n\u00b02025/013 du 30\nseptembre 2025\nArr\u00eat\u00e9 modifiant l'arr\u00eat\u00e9 n\u00b02025/003 portant composition du Conseil Territorial de Sant\u00e9 de la Seine-Saint-Denis\n6\nE =R\u00c9PUBLIQUEFRAN\u00c7AISELibert\u00e9\u00c9galit\u00e9Fraternit\u00e9\nAr@ D Agence R\u00e9gionale de Sant\u00e9\u00cele-de-France\n \n1 \n \n \n \nAGENCE REGIONALE DE SANTE ILE-DE-FRANCE \nARR\u00caT\u00c9 N\u00b02025/013 \nArr\u00eat\u00e9 modifiant l'arr\u00eat\u00e9 n\u00b02025/003 portant composition du Conseil Territorial \nde Sant\u00e9 de la Seine-Saint-Denis \n \nLE DIRECTEUR GENERAL DE L'AGENCE REGIONALE DE SANTE  \nD'ILE-DE-FRANCE \n \nVU le Code de la sant\u00e9 publique, notamment ses articles L. 1434-9, L. 1434-10, L. 1434-11 et \nR.1434-33 ; \nVU la loi n\u00b02009-879 du 21 juillet 2009 portant r\u00e9forme de l'h\u00f4pital et relative aux patients, \u00e0 la sant\u00e9 \net aux territoires ; \nVU la loi n\u00b02016-41 du 26 janvier 2016 de modernisation de notre syst\u00e8me de sant\u00e9, notamment \nl'article L.1434-11 de la section 3 de son article 158 ; \nVU l'article 19 de la loi n\u00b02019-774 du 24 juillet 2019 portant modification de l'article L1434-10 du \ncode de la sant\u00e9 publique \nVU le d\u00e9cret n\u00b02010-336 du 31 mars 2010 portant cr\u00e9ation des Agences r\u00e9gionales de sant\u00e9 et le \nd\u00e9cret n\u00b02010-348 du 31 mars 2010 relatif \u00e0 la conf\u00e9rence r\u00e9gionale de la sant\u00e9 et de l'autonomie ; \nVU le d\u00e9cret n\u00b02016-1024 du 26 juillet 2016 relatif aux territoires de d\u00e9mocratie sanitaire, aux zones \ndes sch\u00e9mas r\u00e9gionaux de sant\u00e9 et aux conseils territoriaux de sant\u00e9 ; \nVU le d\u00e9cret n\u00b02021-1258 du 29 septembre 2021 portant prorogation du mandat des membres de \ncertains conseils territoriaux de sant\u00e9 ; \nVU l'arr\u00eat\u00e9 du 3 ao\u00fbt 2016 relatif \u00e0 la composition du conseil territorial de sant\u00e9 ; \nVU l'arr\u00eat\u00e9 n\u00b016-1224 relatif \u00e0 la d\u00e9limitation du p\u00e9rim\u00e8tre des territoires de d\u00e9mocratie sanitaire de \nla R\u00e9gion Ile-de-France du 18 octobre 2016 ; \n \nVU le d\u00e9cret du 10 avril 2024 portant nomination de Monsieur Denis ROBIN, Directeur g\u00e9n\u00e9ral de \nl'Agence r\u00e9gionale de sant\u00e9 d'\u00cele-de-France, \u00e0 compter du 29 avril 2024 ; \nVU le courrier de la pr\u00e9sidente de l'Union R\u00e9gionale des Professionnels de Sant\u00e9 \u2013 m\u00e9decins d'Ile \nde France en date du 20 mai 2025 ;  \nVU l'arr\u00eat\u00e9 n\u00b02025/003 du 19 mai 2025 modifiant l'arr\u00eat\u00e9 n\u00b02024/018 portant composition du \nConseil Territorial de Sant\u00e9 de la Seine-Saint-Denis ;        \n  \nAgence R\u00e9gionale de Sant\u00e9  - D\u00e9l\u00e9gation D\u00e9partementale de la Seine Saint-Denis - IDF-2025-09-30-00009 - Arr\u00eat\u00e9 n\u00b02025/013 du 30\nseptembre 2025\nArr\u00eat\u00e9 modifiant l'arr\u00eat\u00e9 n\u00b02025/003 portant composition du Conseil Territorial de Sant\u00e9 de la Seine-Saint-Denis\n7\nE =R\u00c9PUBLIQUEFRAN\u00c7AISELibert\u00e9\u00c9galit\u00e9Fraternit\u00e9\nAr@ D Agence R\u00e9gionale de Sant\u00e9\u00cele-de-France\n \n2 \n \n \nARR\u00caTE \n \nARTICLE 1er : La composition du Conseil Territorial de Sant\u00e9 de la Seine-Saint-Denis est d\u00e9sormais \nfix\u00e9e comme figurant en annexe. \nARTICLE 2 : Les dispositions du pr\u00e9sent arr\u00eat\u00e9 sont applicables \u00e0 compter de la date de sa notification \nau Conseil Territorial de Sant\u00e9. \nARTICLE 3 : Un recours contentieux contre le pr\u00e9sent arr\u00eat\u00e9 peut \u00eatre form\u00e9 aupr\u00e8s du Tribunal \nadministratif comp\u00e9tent. Le d\u00e9lai de recours est de deux mois \u00e0 compter de la date de la \nnotification de l'arr\u00eat\u00e9 pour les int\u00e9ress\u00e9s ou de sa publication pour les tiers. \nARTICLE 4 : La directrice de la d\u00e9mocratie en sant\u00e9 et de la communication, et la directrice de la \nD\u00e9l\u00e9gation d\u00e9partementale de la Seine-Saint-Denis, de l'ARS Ile-de-France sont \ncharg\u00e9es de l'ex\u00e9cution du pr\u00e9sent arr\u00eat\u00e9, qui sera publi\u00e9 au Recueil des actes \nadministratifs de la pr\u00e9fecture de r\u00e9gion. \n \n Fait \u00e0 Saint-Denis, le 30 septembre 2025 \n \n Le Directeur g\u00e9n\u00e9ral \n de l'Agence r\u00e9gionale de sant\u00e9 \n \u00cele-de-France \n \n \nS\u0a11GN\u00c9 \n \n \n Denis ROBIN \n  \nAgence R\u00e9gionale de Sant\u00e9  - D\u00e9l\u00e9gation D\u00e9partementale de la Seine Saint-Denis - IDF-2025-09-30-00009 - Arr\u00eat\u00e9 n\u00b02025/013 du 30\nseptembre 2025\nArr\u00eat\u00e9 modifiant l'arr\u00eat\u00e9 n\u00b02025/003 portant composition du Conseil Territorial de Sant\u00e9 de la Seine-Saint-Denis\n8\nREPUBLIQUEFRANCAISELibert\u00e9Egalit\u00e9Fraternit\u00e9\nAr\u00a9 D Agence R\u00e9gionale de Sant\u00e9\u00cele-de-France\n \n3 \n \n \nANNEXE \nComposition du Conseil Territorial de Sant\u00e9 de la Seine-Saint-Denis \n \n1. Pour le coll\u00e8ge des professionnels et offreurs des services de sant\u00e9 : \n \n\uf0f0 a) Pour les repr\u00e9sentants des \u00e9tablissements de sant\u00e9 : \n \nAu titre des repr\u00e9sentants des personnes morales gestionnaires : \nTitulaires Suppl\u00e9ants \nMadame Corinne DELPUECH (FHP) Madame Isabelle BUNEAUX (FHP) \nMadame Pascale BAUQUIS (FHF) Madame Yolande DI NATALE (FHF) \nMadame B\u00e9n\u00e9dicte ISABEY (AP-HP) Madame Marie-C\u00e9cile PONCET (AP-HP) \n \n  Au titre des pr\u00e9sidents de commission m\u00e9dicale ou de conf\u00e9rence m\u00e9dicale d'\u00e9tablissement : \nTitulaire Suppl\u00e9ant \nDocteur Xavier BELENFANT (PCMG GHT \nGPNE) \nDocteur Pascal BOLOT (PCME CH Saint-\nDenis) \nProfesseur Emmanuel MARTINOD (AP-HP) Professeur Loic DE PONTUAL (AP-HP) \n \n\uf0f0 b) Pour les repr\u00e9sentants des personnes morales gestionnaires des services et \n\u00e9tablissements sociaux et m\u00e9dico-sociaux : \n \nTitulaires Suppl\u00e9ants \nMonsieur Eddy CHENAF (SYNERPA) Madame Sabine GOURGEON (SYNERPA) \n- - \nMadame Souheila MICHAUD (URIOPSS) Madame Eve GUILLAUME (FHF) \nMonsieur Tewfek YOUYOU (URIOPSS) Madame Judith GRATEAU (URIOPSS) \n \n\uf0f0 c) Pour les repr\u00e9sentants des organismes \u0153uvrant dans les domaines de la promotion de la \nsant\u00e9 et de la pr\u00e9vention ou en faveur de l'environnement et de la lutte contre la pr\u00e9carit\u00e9 : \n \nTitulaires Suppl\u00e9ants \nMonsieur St\u00e9phane BRIBARD (Association \nAURORE) Monsieur Lionel SAYAG (Association PROSE) \nMadame Farida BENABI (Groupe SOS \nSolidarit\u00e9) -  \nDocteure Jo\u00eblle LAUGIER (Observatoire \nAddictologie 93) -  \n \n \n \nAgence R\u00e9gionale de Sant\u00e9  - D\u00e9l\u00e9gation D\u00e9partementale de la Seine Saint-Denis - IDF-2025-09-30-00009 - Arr\u00eat\u00e9 n\u00b02025/013 du 30\nseptembre 2025\nArr\u00eat\u00e9 modifiant l'arr\u00eat\u00e9 n\u00b02025/003 portant composition du Conseil Territorial de Sant\u00e9 de la Seine-Saint-Denis\n9\nREPUBLIQUEFRANCAISELibert\u00e9Egalit\u00e9Fraternit\u00e9\nAr\u00a9 D Agence R\u00e9gionale de Sant\u00e9\u00cele-de-France\n \n4 \n \n \n\uf0f0 d) Pour les repr\u00e9sentants des professionnels de sant\u00e9 lib\u00e9raux : \n \n                       Au titre des m\u00e9decins lib\u00e9raux (URPS) : \n \nTitulaires Suppl\u00e9ants \nDocteur Kais SLAMA (URPS M\u00e9decins) Docteur R\u00e9mi ABECASSIS (URPS M\u00e9decins) \nDocteur Mardoche SEBBAG (URPS M\u00e9decins) Docteure Anne-Marie ROBERT (URPS \nM\u00e9decins) \nDocteur Tony RAHME (URPS M\u00e9decins) Docteur Beno\u00eet LABENNE (URPS M\u00e9decins) \n \nAu titre des autres professionnels de sant\u00e9 (URPS) : \nTitulaires Suppl\u00e9ants \nMadame Samia AMARA (URPS Chirurgien-\ndentiste) \nMadame Maud MINGEAU (URPS Pharmacien) \nMonsieur Abdelaali BENAMARA (URPS IDE) Monsieur Fabien POINTLOUP (URPS Masseur \nKin\u00e9sith\u00e9rapeute) \nMonsieur Nicolas BLONDEEL (URPS \nBiologiste) \nMadame Corinne FARGES (URPS \nOrthophoniste) \n \n\uf0f0 e) Pour les repr\u00e9sentants des internes en m\u00e9decine : \n \nTitulaire Suppl\u00e9ant \n- - \n \n\uf0f0 f) Pour les repr\u00e9sentants des diff\u00e9rents modes d'exercice coordonn\u00e9 et des organisations \nde coop\u00e9ration territoriale : \n \nAu titre des centres de sant\u00e9, maisons de sant\u00e9, p\u00f4les de sant\u00e9 et r\u00e9seaux de sant\u00e9 : \nAu titre des centres de sant\u00e9 : \n \nTitulaire Suppl\u00e9ant \nDocteur Fabrice GIRAUX (FNCS) - \n \n \nAu titre des maisons de sant\u00e9 : \n \nTitulaire Suppl\u00e9ant \n - \n \n \n \n \n \nAgence R\u00e9gionale de Sant\u00e9  - D\u00e9l\u00e9gation D\u00e9partementale de la Seine Saint-Denis - IDF-2025-09-30-00009 - Arr\u00eat\u00e9 n\u00b02025/013 du 30\nseptembre 2025\nArr\u00eat\u00e9 modifiant l'arr\u00eat\u00e9 n\u00b02025/003 portant composition du Conseil Territorial de Sant\u00e9 de la Seine-Saint-Denis\n10\nREPUBLIQUEFRANCAISELibert\u00e9Egalit\u00e9Fraternit\u00e9\nAr\u00a9 D Agence R\u00e9gionale de Sant\u00e9\u00cele-de-France\n \n5 \n \n \nAu titre des r\u00e9seaux de sant\u00e9 : \n \nTitulaire Suppl\u00e9ant \nMadame Bao Hoa DANG (DAC 93 Nord) Madame Lydia LEVAVASSEUR (DAC 93 Sud) \n \n \nAu titre des communaut\u00e9s professionnelles territoriales de sant\u00e9 et des \u00e9quipes de soins \nprimaires : \n \nTitulaire Suppl\u00e9ant \nDocteur Yassine HILAL - CPTS Bondy/Bobigny Docteur Philippe GRUNBERG - CPTS Gagny \n \nAu titre des communaut\u00e9s psychiatriques de territoire : \n \nTitulaire Suppl\u00e9ant \nDocteur Pascal FAVRE (EPS Ville-Evrard) -  \n \n\uf0f0 g) Pour les repr\u00e9sentants des \u00e9tablissements assurant des activit\u00e9s de soins \u00e0 domicile : \n \nTitulaire Suppl\u00e9ant \nMadame Claire BRANDY (FNEHAD) Monsieur \u00c9ric REY (FNEHAD) \n \n\uf0f0 h) Pour les repr\u00e9sentants de l'ordre des m\u00e9decins : \n \nTitulaire Suppl\u00e9ant \nDocteur Jean-Luc FONTENOY (CROM) Docteur Georges HUA (CROM) \n \n2. Pour le coll\u00e8ge des usagers et associations d'usagers : \n \na) Au titre des associations agr\u00e9\u00e9es : \n \nTitulaires Suppl\u00e9ants \nMadame Armelle GENEVOIS (Sol En SI) - \nMonsieur Lucien PETOT (UNAFAM 93) Madame Isabelle LUIZ DE OLIVEIRA (UNAFAM \n93) \nMonsieur Serge MAGNIEZ (UFC Que Choisir) -  \nMonsieur Lucien BOUIS (UDAF 93) Monsieur Mustafa OUAICHA (UDAF 93) \n \n \n \n \nAgence R\u00e9gionale de Sant\u00e9  - D\u00e9l\u00e9gation D\u00e9partementale de la Seine Saint-Denis - IDF-2025-09-30-00009 - Arr\u00eat\u00e9 n\u00b02025/013 du 30\nseptembre 2025\nArr\u00eat\u00e9 modifiant l'arr\u00eat\u00e9 n\u00b02025/003 portant composition du Conseil Territorial de Sant\u00e9 de la Seine-Saint-Denis\n11\nREPUBLIQUEFRANCAISELibert\u00e9Egalit\u00e9Fraternit\u00e9\nAr\u00a9 D Agence R\u00e9gionale de Sant\u00e9\u00cele-de-France\n \n6 \n \n \nb) Au titre des associations de personnes handicap\u00e9es : \n \nTitulaires Suppl\u00e9ant \nMonsieur Serge HULIN (CDCA) \n \nMonsieur Jean Alain STEINFELD (CDCA) Monsieur Antonio DOS SANTOS (CDCA) \n \n \nc) Au titre des associations de retrait\u00e9s et personnes \u00e2g\u00e9es : \n \nTitulaires Suppl\u00e9ants \n \nMonsieur Daniel GARNESSON (CDCA) \n \nMonsieur Andr\u00e9 FOULQUIER (CDCA) \nMonsieur Edouard PRONO (CDCA) Monsieur Joaquim MOUCHONNIERE (CDCA) \n \n3. Pour le coll\u00e8ge des repr\u00e9sentants des collectivit\u00e9s territoriales et leurs groupements : \n \n\uf0f0 a) Pour les conseillers r\u00e9gionaux : \n \nTitulaire Suppl\u00e9ant \nDocteur Ludovic TORO (Conseil r\u00e9gional IDF) Madame Murielle MARTIN (Conseil r\u00e9gional \nIDF) \n \n\uf0f0 b) Pour les repr\u00e9sentants des conseils d\u00e9partementaux : \n \nTitulaire Suppl\u00e9ant \nMadame Magalie THIBAUT (CD 93) Madame Nadia AZOUG (CD 93) \n \n\uf0f0 c) Pour les repr\u00e9sentants des services d\u00e9partementaux de protection maternelle et infantile : \n \nTitulaire Suppl\u00e9ant \n Docteure Ghyslaine MERLE (PMI 93)  Madame Marie PASTOR (PMI 93) \n \n\uf0f0 d) Pour les repr\u00e9sentants des communaut\u00e9s : \n \nTitulaire Suppl\u00e9ant \nMadame Katy BONTINCK (EPT Plaine \nCommune) - \nMadame Christine FAV\u00c9 (EPT Est Ensemble) - \n \n \n \n \nAgence R\u00e9gionale de Sant\u00e9  - D\u00e9l\u00e9gation D\u00e9partementale de la Seine Saint-Denis - IDF-2025-09-30-00009 - Arr\u00eat\u00e9 n\u00b02025/013 du 30\nseptembre 2025\nArr\u00eat\u00e9 modifiant l'arr\u00eat\u00e9 n\u00b02025/003 portant composition du Conseil Territorial de Sant\u00e9 de la Seine-Saint-Denis\n12\nREPUBLIQUEFRANCAISELibert\u00e9\u00c9galit\u00e9Fraternit\u00e9\nAr@ D Agence R\u00e9gionale de Sant\u00e9\u00cele-de-France\n \n7 \n \n \n \n\uf0f0 e) Pour les repr\u00e9sentants des communes  \n \nTitulaires Suppl\u00e9ants \nMadame A\u00efcha MEDJAOUI (AMF) Madame Oldhynn PIERRE (AMF) \n- Madame Corinne CARCREFF (AMF) \n \n4. Pour le coll\u00e8ge des repr\u00e9sentants de l'Etat et des organismes de S\u00e9curit\u00e9 Sociale : \n \n\uf0f0 a) Pour les repr\u00e9sentants de l'Etat : \n \nTitulaires Suppl\u00e9ants \nMonsieur Amaury DUMAY (PDEC 93) Monsieur Patrick GUIONNEAU (UD-DRIHL 93) \n \n\uf0f0 b) Pour les repr\u00e9sentants des organismes de S\u00e9curit\u00e9 Sociale : \n \nTitulaires Suppl\u00e9ants \nMonsieur Jean-Marc ROBICQUET (CPAM 93) Madame Magali PERCOT-PEDRONO (ELSM 93) \n-  Madame Tamou SOUARY (CNAVTS)  \n \n5. Pour le coll\u00e8ge des personnalit\u00e9s qualifi\u00e9es : \n \nTitulaires \nMonsieur Laurent GARCIA (Cadre en Etablissement d'H\u00e9bergement \npour Personnes \u00c2g\u00e9es D\u00e9pendantes) \nDocteur Jean-Marc AGOSTINUCCI (M\u00e9decin Urgentiste AP-HP et \nCroix-Rouge fran\u00e7aise) \n \nLes parlementaires du d\u00e9partement sont membres de droit du conseil territorial de sant\u00e9. \n \n \n \n \nAgence R\u00e9gionale de Sant\u00e9  - D\u00e9l\u00e9gation D\u00e9partementale de la Seine Saint-Denis - IDF-2025-09-30-00009 - Arr\u00eat\u00e9 n\u00b02025/013 du 30\nseptembre 2025\nArr\u00eat\u00e9 modifiant l'arr\u00eat\u00e9 n\u00b02025/003 portant composition du Conseil Territorial de Sant\u00e9 de la Seine-Saint-Denis\n13\nDirection r\u00e9gionale des affaires culturelles\nd'Ile-de-France \nIDF-2025-09-29-00003\nArr\u00eat\u00e9 n\u00b0 2025-82 portant nomination des\nmembres pour les ann\u00e9es civiles 2026-2027 de la\ncommission consultative charg\u00e9e de donner un\navis sur l'attribution des aides d\u00e9concentr\u00e9es au\nspectacle vivant\nDirection r\u00e9gionale des affaires culturelles d'Ile-de-France  - IDF-2025-09-29-00003 - Arr\u00eat\u00e9 n\u00b0 2025-82 portant nomination des\nmembres pour les ann\u00e9es civiles 2026-2027 de la commission consultative charg\u00e9e de donner un avis sur l'attribution des aides\nd\u00e9concentr\u00e9es au spectacle vivant\n14\nEPREFET |DE LA REGIOND'\u00ceLE-DE-FRANCELibert\u00e9Egalit\u00e9Fraternit\u00e9\n\u00e0 la libert\u00e9 de la cr\u00e9ation, \u00e0 l'architect\n                                                                                                                                                                                                                      1   \n \n \n                Direction r\u00e9gionale \n                             des affaires culturelles \n               d'\u00cele-de-France \n \n \n \n \nARR\u00caT\u00c9 N\u00b0 2025-82 \nportant nomination des membres pour les ann\u00e9es civiles 2026-2027 de la commission consultative \ncharg\u00e9e de donner un avis sur l'attribution des aides d\u00e9concentr\u00e9es au spectacle vivant. \n \nLE PR\u00c9FET DE LA R\u00c9GION D'\u00ceLE-DE-FRANCE \nPR\u00c9FET DE PARIS \nOfficier de la L\u00e9gion d'Honneur, \nOfficier de l'Ordre national du M\u00e9rite \n \nVU le r\u00e8glement (UE) n\u00b0651/2014 de la Commission du 1 7 juin 2014 d\u00e9clarant certaines cat\u00e9gories \nd'aide compatibles avec le march\u00e9 commun en application des articles 107 et 108 du Trait\u00e9  ; \nVU la loi n\u00b02000-321 du 12 avril 2000 modifi\u00e9e relative aux droits des citoyens dans leurs relations \navec les administrations, notamment son article 21 ; \nVU le d\u00e9cret n\u00b097 -34 du 15 janvier 1997 modifi\u00e9 relatif \u00e0 la d\u00e9concentration des d\u00e9cisions \nadministratives individuelles ; \nVU le d\u00e9cret n\u00b02006 -672 du 8 juin 2006 relatif \u00e0 la cr\u00e9ation, \u00e0 la composition et au \nfonctionnement de commissions administratives \u00e0 caract\u00e8re consultatif ; \nVU le d\u00e9cret n\u00b02006-781 du 3 juillet 2006 fixant les conditions et les modalit\u00e9s de r\u00e8glement des \nfrais occasionn\u00e9s par les d\u00e9placements temporaires des personnels civils de l'Etat ;  \nVU le d\u00e9cret n\u00b02009-633 du 6 juin 2009 relatif \u00e0 l'organisation et aux missions de l'administration \ncentrale du minist\u00e8re de la culture et de la communication ; \nVU le d\u00e9cret n\u00b02010 -146 du 16 f\u00e9vrier 2010 modifiant le d\u00e9cret n\u00b0 2004- 374 du 29 avril 2004 \nrelatif aux pouvoir s des pr\u00e9fets, \u00e0 l'organisation et \u00e0 l'action  des services de l'Etat dans les \nr\u00e9gions et d\u00e9partements ; \nVU le d\u00e9cret n\u00b02015 -641 du 8 juin 2015 relatif \u00e0 l'attribution des aides d\u00e9concentr\u00e9es au \nspectacle vivant modifi\u00e9 par le d\u00e9cret n\u00b02021-1608 du 8 d\u00e9cembre 2021 ; \nVU    la circulaire relative aux modalit\u00e9s d'application du d\u00e9cret n\u00b0 2021-1608 du 8 d\u00e9cembre 2021 ; \nVU     la loi n\u00b02016 -925 du 7 juillet 2016 relative \u00e0 la libert\u00e9 de la cr\u00e9ation, \u00e0 l'architect ure et au \npatrimoine ; \nVU       la d\u00e9cision minist\u00e9rielle du 7 ao\u00fbt 2025 portant int\u00e9rim des fonctions de directeur r\u00e9gional \ndes affaires culturelles d'\u00cele-de-France ; \nVU       l'arr\u00eat\u00e9 pr\u00e9fectoral du 21 ao\u00fbt 2025, IDF -2025-08-20-00005, portant d\u00e9l\u00e9gation de signature \u00e0 \nMadame Carole SPADA direc trice r\u00e9gio nale adjointe des affaires culturelles d'\u00cele- de-France, \ncharg\u00e9e d'exercer par int\u00e9rim les fonctions de directrice r\u00e9gionale des affaires culturelles \nd'Ile-de-France, en mati\u00e8re d'ordonnancement secondaire ; \nVU       l'arr\u00eat\u00e9 n\u00b0 2025- 79 du 1\ner septembre 202 5 portant subd\u00e9l\u00e9gation de signature de Madame \nCarole SPADA en mati\u00e8re d'ordonnancement secondaire \u00e0 ses collaborateurs ; \nSUR  proposition d e la Directrice r\u00e9gionale des affaires culturelles d'\u00cele- de-France par int\u00e9rim , \nMadame Carole SPADA ; \n \n \nDirection r\u00e9gionale des affaires culturelles d'Ile-de-France  - IDF-2025-09-29-00003 - Arr\u00eat\u00e9 n\u00b0 2025-82 portant nomination des\nmembres pour les ann\u00e9es civiles 2026-2027 de la commission consultative charg\u00e9e de donner un avis sur l'attribution des aides\nd\u00e9concentr\u00e9es au spectacle vivant\n15\n                                                                                                                                                                                                                      2   \nARR\u00caTE : \n \nArticle 1er: \nSont nomm\u00e9 s m embres de la comm ission consultative r\u00e9gionale charg\u00e9e de donner un avis sur \nl'attribution des aides d\u00e9concentr\u00e9es au spectacle vivant au titre des ann\u00e9es civiles 2026 et 2027 : \n \nPour le coll\u00e8ge DANSE :  \n1 . Nominations \nLaurence DE MAGALHAES, co-directrice, Th\u00e9\u00e2tre du Rond-Point, Paris (75) \nVincent DUPONT, chor\u00e9graphe, directeur artistique de l'association \u00ab J'y pense souvent \u00bb (94)  \nBenjamin DUR, administrateur, Centre Chor\u00e9graphique National de Cr\u00e9teil et du Val-de-Marne (94) \nJo\u00ebl GUNZBURGER, directeur, l'Onde \u2013 Sc\u00e8ne conventionn\u00e9e d'int\u00e9r\u00eat national art et cr\u00e9ation pour \nla danse - V\u00e9lizy-Villacoublay (78) \nAnne-C\u00e9cile HUE, coordinatrice, Collectif Sc\u00e8nes 77, p\u00f4le de coop\u00e9ration spectacle vivant et p\u00f4le \nArt & Handicap (77) \nArnaud KOSELEFF, conseiller programmation, Th\u00e9\u00e2tre Jean Vilar, Vitry-sur-Seine (94) \nJ\u00e9r\u00f4me LECARDEUR, ancien directeur du TAP \u2013 Th\u00e9\u00e2tre et Auditorium de Poitiers \u2013 Sc\u00e8ne Nationale  \nSandrina MARTINS, directrice g\u00e9n\u00e9rale, Carreau du Temple, Paris (75)  \nColin PITRA T, fondateur et pr\u00e9sident, Cromot \u2013 directeur, bureau de production \"Les \nInd\u00e9pendances\" , Paris (75) \nVanina SOPSAISANA, directrice, Th\u00e9\u00e2tre de Corbeil-Essonnes (91) \nDoriane TROUBOUL, conseill\u00e8re artistique et administratrice, P\u00f4le Cr\u00e9ation Chor\u00e9graphique - \nFondation Royaumont (95) \n \n2. Renouvellements  \nPhilippe ALMEIDA dit Physs, chor\u00e9graphe et coordinateur de la formation professionnelle Passeur \nCulturel en danses hip-hop au Centre de Formation Danse Cergy (95) \nAm\u00e9lie BLAUSTEIN NIDDAM, journaliste sp\u00e9cialiste spectacle vivant, Paris (75) \nEstelle CORBIERE, notatrice, professeur de notation du mouvement Laban au CNSMDP, Paris (75)  \nFabrice LAMBERT, chor\u00e9graphe, directeur artistique de l'Exp\u00e9rience Harmaat (94)  \nMandana NICOUKAR, directrice adjointe, sc\u00e8ne nationale Th\u00e9\u00e2tre de Saint-Quentin-en-Yvelines (78) \nCaroline OCCELLI, directrice, Th\u00e9\u00e2tre de Suresnes Jean Vilar (92) \nFranck PICARD, directeur d\u00e9l\u00e9gu\u00e9, Compagnie DCA / Philippe Decoufl\u00e9 (93) \nChristophe SUSSET, directeur ex\u00e9cutif, La M\u00e9nagerie de Verre, Paris (75 ) \nMathias TRONQUAL, directeur, sc\u00e8ne nationale de l'Essonne, Evry-Courcouronnes et Ris-Orangis (91) \nNathalie YOKEL, directrice des projets artistiques et du d\u00e9veloppement, Th\u00e9\u00e2tre Louis Aragon, \nsc\u00e8ne conventionn\u00e9e d'int\u00e9r\u00eat national art et cr\u00e9ation pour la danse, Tremblay-en-France (93) \n \nPour le coll\u00e8ge MUSIQUE  : \n1. Nominations \nFran\u00e7ois BEAUDENON, directeur et programmateur, Paul B \u2013 SMAC musiques actuelles, Massy (91) \nLou BRAULT,  directrice artistique du festival, Rosa Bonheur, Thomery (77) \nAnouchka CHARBEY, directrice, Th\u00e9\u00e2tre de Vanves - Sc\u00e8ne conventionn\u00e9e d'int\u00e9r\u00eat national \nArt et cr\u00e9ation pour la danse et les \u00e9critures contemporaines \u00e0 travers les arts, Vanves (92) \nTracy DE S\u00c0, musicienne, compositrice, S\u00e8vres (92) \nAgathe DIGNAC,  responsable des concerts \u00e9 ducatifs et participatifs, Cit\u00e9 de la musique -\nPhilharmonie de Paris (75) \nC\u00e9line GRANGEY, musicienne, ing\u00e9nieur du son, directrice artistique, Paris (75) \nGr\u00e9goire LORIEUX, compositeur et enseignant, Ircam, Paris (75) \nMatthieu MALGRANGE, directeur, Atelier du Plateau - Lieu pluridisciplinaire, Paris (75) \nFarnaz MODARRESIFAR, compositrice, musicienne, santouriste, Paris (75) \nJean-Baptiste PASQUIER, co-directeur, Th\u00e9\u00e2tre Silvia Monfort, Paris (75) \nDirection r\u00e9gionale des affaires culturelles d'Ile-de-France  - IDF-2025-09-29-00003 - Arr\u00eat\u00e9 n\u00b0 2025-82 portant nomination des\nmembres pour les ann\u00e9es civiles 2026-2027 de la commission consultative charg\u00e9e de donner un avis sur l'attribution des aides\nd\u00e9concentr\u00e9es au spectacle vivant\n16\nLA DU\n                                                                                                                                                                                                                      3   \nPaul RAMAGE, musicien-improvisateur, compositeur-enseignant, EPCC P\u00f4le sup\u00e9rieur \nd'enseignement artistique Paris - Boulogne-Billancourt (PSPBB) (92) \nEve RISSER, musicienne, compositrice, directrice artistique, Paris (75) \nGuillaume ROCHE, responsable du P\u00f4le Musiques Actuelles , l'Usine \u00e0 Chapeaux \u2013 SMAC, Rambouillet \n(78) \nBintou SIMPORE, journaliste et productrice radio, Paris (75) \nSonia STAMENKOVIC, co-g\u00e9rante et consultante culturelle, Cross-Media Culture, Paris  (75) \nEmmanuelle ZOLL, directrice de l'Action Culturelle, IRCAM, Paris (75) \n \n2. Renouvellements  \nVirginie ANN ETTA, directrice, La Barbacane  - Sc\u00e8ne conventionn\u00e9e d'int\u00e9r\u00eat national Art en \nterritoire \u2013 musique, Beynes (78)  \nS\u00e9bastien CAMPOS, directeur de projets culturels, Carri\u00e8res-sous-Poissy (78) \nLaurent CARRIER, directeur, agence Colore, production et diffusion de concerts jazz, Paris (75) \nSylvain DARRIFOURCQ, musicien, improvisateur, compositeur, Hector compagnie, Paris (75) \nSandrine DEGUILHEM, charg\u00e9e de la programmatio n musiques actuelles et cultures urbaines,  \nNanterre (92) \nNina GARCIA, musicienne, improvisatrice, compositrice, Paris (75) \nPriscille LAFITTE, productrice France Musique, Paris (75) \nJohann LE BIHAN, responsable de projets musique, Le Centquatre, Paris (75) ; programmateur \nmusique, Malakoff sc\u00e8ne nationale - Th\u00e9\u00e2tre 71, Malakoff (92) \nMarie PERSUY, charg\u00e9e de d\u00e9veloppement Jazz Migration, association Jazz\u00e9 Crois\u00e9, Paris (75) \n \nPour le coll\u00e8ge TH\u00c9ATRE, ARTS DE LA RUE ET ARTS DU CIRQUE : \n1. Nominations \nV\u00e9ronique BELLIN, directrice adjointe, Th\u00e9\u00e2tre Public de Montreuil \u2013 Centre dramatiqu e national   \n(CDN), Montreuil (93) \nVincent BERHAULT, directeur, La Maison du jonglage, Bondy (93) \nYohann CHANRION, directeur artistique du spectacle vivant, Les Passerelles, Pontault -Combault (77) \nMarie CHAPOULLIE, directrice, La Coop\u00e9rative de rue et de cirque, Paris (75) \nV\u00e9ronique FRICOTEAUX, personnalit\u00e9 qualifi\u00e9e, Rennes (35)   \nDavid GESELSON, directeur artistique, Compagnie Lieux-Dits, Paris (75) \nC\u00e9cile GIVERNET, co-directrice, metteure en sc\u00e8ne, marionnettiste, La Halle Roublot et Cie  Espace \nBlanc, Fontenay-sous-Bois (93) \nNinon LECLERE, co-directrice, Th\u00e9\u00e2tre Silvia Monfort, Paris (75) \nJessica REIGNER, administratrice, Les Tr\u00e9teaux de France \u2013 CDN, Aubervilliers (93) \nOlivier RYCKEBUSCH, directeur adjoint, Th\u00e9\u00e2tre de Vanves \u2013 Sc\u00e8ne conventionn\u00e9e d'int \u00e9r\u00eat \nnational Art et cr\u00e9ation pour la danse et les \u00e9critures contemporaines \u00e0 travers les arts, Vanves (92) \nMarie-Christine  SOMA, metteure en sc\u00e8ne et \u00e9clairagiste, Paris (75)  \nChristophe THIRY, directeur des affaires culturelles \u2013 Directeur, L'Envol\u00e9e, P \u00f4le artistique du Val \nBriard, Les Chapelles-Bourbon (77) \nBertrand TURQUETY, directeur, Th\u00e9\u00e2tre du Fil de l'eau, Pantin (93) \n \n2. Renouvellements  \nLa\u00ebtitia AJANOHUN, autrice, Paris (75) \nUlysse BARATIN , directeur, Sc\u00e8ne de Recherche, \u00c9cole normale sup\u00e9rieure Paris -Saclay, Gif -Sur-\nYvette (91) \nGuillaume BARBOT, metteur en sc\u00e8ne et auteur, Compagnie Coup de Poker, Hericy (77)  \nLucas BONNIFAIT, directeur, Th\u00e9\u00e2tre 13 et com\u00e9dien, Paris (75) \nBruno BOULZAGUET, directeur artistique, Nouveau Th\u00e9\u00e2tre de l'Atalante, Paris (18e) \nS\u00e9bastien BRIS, directeur artistique, Festival Cergy Soit, Cergy (95) \nSylvie CADENAT, cheffe de projets, Direction de la programmation de la Villette, et coordinatrice, \nEspace P\u00e9riph\u00e9rique, Paris (75) \nDirection r\u00e9gionale des affaires culturelles d'Ile-de-France  - IDF-2025-09-29-00003 - Arr\u00eat\u00e9 n\u00b0 2025-82 portant nomination des\nmembres pour les ann\u00e9es civiles 2026-2027 de la commission consultative charg\u00e9e de donner un avis sur l'attribution des aides\nd\u00e9concentr\u00e9es au spectacle vivant\n17\n                                                                                                                                                                                                                      4   \nSimon DELATTRE, metteur en sc\u00e8ne, Rod\u00e9o Th\u00e9\u00e2tre et directeur, La Nef, Pantin (93) \nNathalie DJ AOUI, directrice artistique du p\u00f4le Spectacle vivant, Direction du d\u00e9veloppement \nculturel, Mairie de Nanterre (92) \nClaire DUPONT, directrice, Th\u00e9\u00e2tre de la Bastille, Paris (75) \nFr\u00e9d\u00e9rique EHRMANN , directrice de pro jets, T2G Th\u00e9\u00e2t re de G ennevilliers (Centre  Dramatique \nNational), Gennevilliers (92) \nV\u00e9ronique FELENBOK, directrice de production, Sorci\u00e8res&Cie, Paris (75) \nV\u00e9ronique LECULLEE, personnalit\u00e9 qualifi\u00e9e, Eaubonne (95) \nRapha\u00ebl MERLLIE, directeur, Sud Est Th\u00e9\u00e2tre, Villeneuve-Saint-Georges (94) \nAlain NEDDAM, personnalit\u00e9 qualifi\u00e9e, Paris (75) \nMarie PLANTIN, journaliste, Paris (75) \nAgn\u00e8s QUINZONI, secr\u00e9taire g\u00e9n\u00e9rale, Jeune Th\u00e9\u00e2tre National, Paris (75) \nAm\u00e9lie THERESINE, enseignante en sp\u00e9cialit\u00e9 et option facultative th\u00e9\u00e2tre, Montreuil (93) \n \nArticle 2 : \nLa direction r\u00e9gionale d es affair es culturelles d '\u00cele-de-France assist e admin istrativement cette \ncommission consultative et \u00e9tablit le compte rendu des d\u00e9bats et un relev\u00e9 des avis. \n \nArticle 3 : \nConform\u00e9ment \u00e0 l'article 12  de l'arr\u00eat\u00e9 du 13 octobre 2005, les frais de d\u00e9placement et de s\u00e9jour au \nauxquels les membres de la com mission sont contraints dans le cad re de leur mandat p euvent \u00eatre \npris en charge selon les mo dalit\u00e9s du d \u00e9cret n\u00b02006-781 du 3 j uillet 2006 fi xant les c onditions et les \nmodalit\u00e9s de r\u00e8glement des frais occasionn\u00e9s par les d\u00e9placements temporaires des personnels civils \nde l'Etat. \n \nArticle 4 : \nLa d\u00e9pense est imputable sur les cr\u00e9dit du budget du minist\u00e8re de l'int\u00e9rieur, BOP 354, action 2, sous \naction 1 pour les frais de d\u00e9placement.   \n \nArticle 5 :  \nLe Pr\u00e9fet, Secr\u00e9taire g \u00e9n\u00e9ral aux polit iques p ubliques de la  Pr\u00e9fecture de la r\u00e9g ion d '\u00cele-de-France, \nPr\u00e9fecture d e Par is, et le Directeur r\u00e9gional des a ffaires cult urelles d' \u00cele-de-France, sont charg\u00e9s , \nchacun en ce qui le c oncerne, de l'ex\u00e9cution du pr\u00e9sent arr\u00eat\u00e9, qui sera pu bli\u00e9 au recueil d es actes \nadministratifs de la Pr\u00e9fecture de la r\u00e9gion d'\u00cele-de-France, Pr\u00e9fecture de Paris. \n \n \nFait \u00e0 Paris, le 29/09/2025 \n \n \nSIGNE \n \nCarole SPADA, \n \n \n La Directrice r\u00e9gionale des affaires culturelles \n par int\u00e9rim \n \n \n \n \n   \nDirection r\u00e9gionale des affaires culturelles d'Ile-de-France  - IDF-2025-09-29-00003 - Arr\u00eat\u00e9 n\u00b0 2025-82 portant nomination des\nmembres pour les ann\u00e9es civiles 2026-2027 de la commission consultative charg\u00e9e de donner un avis sur l'attribution des aides\nd\u00e9concentr\u00e9es au spectacle vivant\n18\nPr\u00e9fecture de la r\u00e9gion d'Ile-de-France,\npr\u00e9fecture de Paris-Secr\u00e9tariat g\u00e9n\u00e9ral aux\npolitiques publiques\nIDF-2025-09-30-00001\nArr\u00eat\u00e9 modifiant l'arr\u00eat\u00e9 n\u00b0\nIDF-2023-04-13-00003 du 13 avril 2023 portant\nrenouvellement des repr\u00e9sentants des\nprofessions a\u00e9ronautiques et des associations de\nla Commission consultative de l'environnement\nde l'a\u00e9rodrome de Paris-Orly et modifiant l'arr\u00eat\u00e9\nn\u00b0 IDF-2021-10-08-00002 du 8 octobre 2021\nportant nomination des membres \u00e0 la\nCommission consultative de l'environnement de\nl'a\u00e9rodrome de Paris-Orly\nPr\u00e9fecture de la r\u00e9gion d'Ile-de-France, pr\u00e9fecture de Paris-Secr\u00e9tariat g\u00e9n\u00e9ral aux politiques publiques - IDF-2025-09-30-00001 -\nArr\u00eat\u00e9 modifiant l'arr\u00eat\u00e9 n\u00b0 IDF-2023-04-13-00003 du 13 avril 2023 portant renouvellement des repr\u00e9sentants des professions\na\u00e9ronautiques et des associations de la Commission consultative de l'environnement de l'a\u00e9rodrome de Paris-Orly et modifiant\nl'arr\u00eat\u00e9 n\u00b0 IDF-2021-10-08-00002 du 8 octobre 2021 portant nomination des membres \u00e0 la Commission consultative de\nl'environnement de l'a\u00e9rodrome de Paris-Orly\n19\nE =PR\u00c9FETDE LA R\u00c9GIOND'\u00ceLE-DE-FRANCELibert\u00e9Egalit\u00e9Fratermit\u00e9\n Secr\u00e9tariat g\u00e9n\u00e9ral aux politiques publiques \nDirection des affaires juridiques \n \n \n \nPr\u00e9fecture de la r\u00e9gion d'\u00cele-de-France, pr\u00e9fecture de Paris \n5, rue Leblanc 75 911 Paris Cedex 15 |  Standard : 01 82 52 40 00 \nSite internet : \nhttps://www.prefectures-regions.gouv.fr/ile-de-france   \n \nArr\u00eat\u00e9  \n \nmodifiant l'arr\u00eat\u00e9 n\u00b0 IDF-2023-04-13-00003 du 13 avril 2023 portant renouvellement des repr\u00e9sentants des \nprofessions a\u00e9ronautiques et des associations de la Commission consultative de l'environnement de \nl'a\u00e9rodrome de Paris-Orly et modifiant l'arr\u00eat\u00e9 n\u00b0 IDF-2021-10-08-00002 du 8 octobre 2021 portant nomination \ndes membres \u00e0 la Commission consultative de l'environnement de l'a\u00e9rodrome de Paris-Orly \n \n \n \nLe pr\u00e9fet de la r\u00e9gion d'\u00cele-de-France, \npr\u00e9fet de Paris \nCommandeur de la L\u00e9gion d'Honneur, \nOfficier de l'Ordre National du M\u00e9rite \n \n \n \nVu le code de l'environnement, notamment ses articles L. 571-13 et R. 571-70 \u00e0 R. 571-80 ; \nVu le d\u00e9cret n\u00b0 2004-374 du 29 avril 2004 modifi\u00e9 r elatif aux pouvoirs des pr\u00e9fets, \u00e0 l'organisation e t \u00e0 l'action des \nservices de l'\u00c9tat dans les r\u00e9gions et d\u00e9partements ; \nVu l'arr\u00eat\u00e9 pr\u00e9fectoral n\u00b0 88-371 du 25 mars 1988 p ortant cr\u00e9ation de la commission consultative de l' environnement \nde l'a\u00e9rodrome de Paris-Orly ; \nVu l'arr\u00eat\u00e9 inter-pr\u00e9fectoral n\u00b0 2013-3820 du 30 d\u00e9 cembre 2013 portant approbation du plan de g\u00eane son ore de \nl'a\u00e9rodrome de Paris-Orly ; \nVu l'arr\u00eat\u00e9 n\u00b0 IDF-2021-10-08-00002 du 8 octobre 20 21 modifi\u00e9 portant nomination des membres \u00e0 la Comm ission \nconsultative de l'environnement de l'a\u00e9rodrome de Paris-Orly ; \nVu l'arr\u00eat\u00e9 n\u00b0 IDF-2023-04-13-00003 du 13 avril 202 3 portant renouvellement des repr\u00e9sentants des prof essions \na\u00e9ronautiques et des associations de la Commission consultative de l'environnement de l'a\u00e9rodrome de P aris-Orly et \nmodifiant l'arr\u00eat\u00e9 n\u00b0 IDF-2021-10-08-00002 du 8 oct obre 2021 portant nomination des membres \u00e0 la Commi ssion \nconsultative de l'environnement de l'a\u00e9rodrome de P aris-Orly, modifi\u00e9 par les arr\u00eat\u00e9s n\u00b0 IDF-2023-05-2 3-00002 du 23 \nmai 2023, n\u00b0 IDF-2023-05-30-00004 du 30 mai 2023, n \u00b0 IDF-2023-08-08-00013 du 8 ao\u00fbt 2023, n\u00b0 IDF-2024- 01-26-\n00001 du 26 janvier 2024 et n\u00b0 IDF-2024-12-06-00001 du 6 d\u00e9cembre 2024 ; \nVu le r\u00e8glement int\u00e9rieur de la commission consultative de l'environnement de l'a\u00e9rodrome Paris-Orly ; \nVu les d\u00e9lib\u00e9rations du conseil m\u00e9tropolitain de la  m\u00e9tropole du Grand Paris n\u00b0 CM2025/04/07/21-6 du 7  avril 2025 et \nn\u00b0 CM2025/07/11/21-6 du 11 juillet 2025 portant d\u00e9s ignation de nouveaux repr\u00e9sentants de la m\u00e9tropole du Grand \nParis aupr\u00e8s de la commission consultative de l'environnement de l'a\u00e9rodrome de Paris-Orly ; \nVu le courriel du 23 juillet 2025 de Monsieur Gr\u00e9go ry Jamet, EVP Network RMP & Alliances au sein du Gr oupe \nDubreuil A\u00e9ro, adress\u00e9 \u00e0 la d\u00e9l\u00e9gation aux relation s territoriales de l'a\u00e9rodrome Paris-Orly du groupe  A\u00e9roports de \nParis, faisant part de la d\u00e9signation d'une nouvell e repr\u00e9sentante titulaire des compagnies Air Cara\u00efb es \u2013 French Bee \nau sein de la commission consultative de l'environnement de l'a\u00e9rodrome  Paris-Orly ; \nVu le courriel du 28 juillet 2025 de Madame Laurenc e Nack, pour la d\u00e9l\u00e9gation aux relations territoria les de Paris-Orly \ndu groupe A\u00e9roports de Paris, adress\u00e9 \u00e0 la pr\u00e9fecture de la r\u00e9gion d'\u00cele-de-France, pr\u00e9fecture de Pari s, faisant part de \nla d\u00e9signation de deux nouveaux repr\u00e9sentants titul aires du groupe A\u00e9roports de Paris au sein de la co mmission \nconsultative de l'environnement pour l'a\u00e9rodrome de Paris-Orly ; \n \nARR\u00caTE \n \n \nArticle 1\ner  : Au b) du II de l'annexe \u00e0 l'arr\u00eat\u00e9 du 8 octobre 2 021 modifi\u00e9 susvis\u00e9, relatif aux repr\u00e9sentants de l a \nm\u00e9tropole du Grand Paris, le 2 \u00e8me  alin\u00e9a : \u00ab Suppl\u00e9ant : M. Philippe GAUDIN \u00bb est re mplac\u00e9 par l'alin\u00e9a suivant : \n\u00ab Suppl\u00e9ant : N. \u00bb et le 8 \u00e8me  alin\u00e9a : \u00ab Suppl\u00e9ant : N. \u00bb est remplac\u00e9 par l'ali n\u00e9a suivant : \u00ab Suppl\u00e9ante : Mme \nNathalie LALLIER \u00bb. \n \nPr\u00e9fecture de la r\u00e9gion d'Ile-de-France, pr\u00e9fecture de Paris-Secr\u00e9tariat g\u00e9n\u00e9ral aux politiques publiques - IDF-2025-09-30-00001 -\nArr\u00eat\u00e9 modifiant l'arr\u00eat\u00e9 n\u00b0 IDF-2023-04-13-00003 du 13 avril 2023 portant renouvellement des repr\u00e9sentants des professions\na\u00e9ronautiques et des associations de la Commission consultative de l'environnement de l'a\u00e9rodrome de Paris-Orly et modifiant\nl'arr\u00eat\u00e9 n\u00b0 IDF-2021-10-08-00002 du 8 octobre 2021 portant nomination des membres \u00e0 la Commission consultative de\nl'environnement de l'a\u00e9rodrome de Paris-Orly\n20\n  \n2 \nArticle 2 : Au 6\u00b0 du b) de l'article 1 er  de l'arr\u00eat\u00e9 du 13 avril 2023 modifi\u00e9 susvis\u00e9, relatif aux repr\u00e9sentants des usagers \nde l'a\u00e9rodrome s'agissant des compagnies a\u00e9riennes Air Cara\u00efbes \u2013 French Bee, l'alin\u00e9a : \u00ab Titulaire :  Mme Christine \nOURMIERES-WIDENER \u00bb est remplac\u00e9 par l'alin\u00e9a suivant : \u00ab Titulaire : Mme Murielle ASSOULINE \u00bb. \n \nArticle 3 : Au c) de l'article 1 \ner  de l'arr\u00eat\u00e9 du 13 avril 2023 modifi\u00e9 susvis\u00e9, rela tif aux deux repr\u00e9sentants de \nl'exploitant de l'a\u00e9rodrome (A\u00e9roports de Paris), l e 1 er  alin\u00e9a : \u00ab Titulaire : Mme Justine COUTARD \u00bb est r emplac\u00e9 par \nl'alin\u00e9a suivant : \u00ab Titulaire : Mme Laurence FAURE  \u00bb et le 3 \u00e8me  alin\u00e9a : \u00ab Titulaire : Mme Am\u00e9lie LUMMAUX \u00bb est \nremplac\u00e9 par l'alin\u00e9a suivant : \u00ab Titulaire : M. Yanna\u00ebl BILLARD \u00bb.  \n \nArticle 4 : La liste de l'ensemble des repr\u00e9sentants des prof essions a\u00e9ronautiques, des collectivit\u00e9s territoria les et \ndes associations de la commission consultative de l 'environnement de l'a\u00e9rodrome de Paris-Orly, telle que r\u00e9sultant \ndes modifications apport\u00e9es par le pr\u00e9sent arr\u00eat\u00e9, figure en annexe \n pour information. \n \nArticle 5  : La pr\u00e9f\u00e8te, secr\u00e9taire g\u00e9n\u00e9rale aux politiques p ubliques de la pr\u00e9fecture de la r\u00e9gion d'\u00cele-de-Fra nce, \npr\u00e9fecture de Paris, est charg\u00e9e de l'ex\u00e9cution du pr\u00e9sent arr\u00eat\u00e9 qui sera publi\u00e9 au recueil des actes  administratifs de \nla pr\u00e9fecture de la r\u00e9gion d'\u00cele-de-France, pr\u00e9fect ure de Paris (\u00e9chelon de la r\u00e9gion d'\u00cele-de-France) , accessible sur le \nsite internet de la pr\u00e9fecture \u00e0 l'adresse suivante  : \nwww.prefectures-regions.gouv.fr/ile-de-france , et dont copie sera \ntransmise au secr\u00e9tariat de la commission consultat ive de l'environnement, assur\u00e9 par A\u00e9roports de Par is, ainsi \nqu'aux membres de la commission et \u00e0 monsieur le directeur g\u00e9n\u00e9ral de l'aviation civile. \n \nFait \u00e0 Paris, le 30 septembre 2025 \n \nLe pr\u00e9fet de la r\u00e9gion d'\u00cele-de-France, \npr\u00e9fet de Paris \n \nSign\u00e9 \nMarc GUILLAUME \nPr\u00e9fecture de la r\u00e9gion d'Ile-de-France, pr\u00e9fecture de Paris-Secr\u00e9tariat g\u00e9n\u00e9ral aux politiques publiques - IDF-2025-09-30-00001 -\nArr\u00eat\u00e9 modifiant l'arr\u00eat\u00e9 n\u00b0 IDF-2023-04-13-00003 du 13 avril 2023 portant renouvellement des repr\u00e9sentants des professions\na\u00e9ronautiques et des associations de la Commission consultative de l'environnement de l'a\u00e9rodrome de Paris-Orly et modifiant\nl'arr\u00eat\u00e9 n\u00b0 IDF-2021-10-08-00002 du 8 octobre 2021 portant nomination des membres \u00e0 la Commission consultative de\nl'environnement de l'a\u00e9rodrome de Paris-Orly\n21\n  \n3 \nAnnexe informative de l'arr\u00eat\u00e9 du  30 septembre 202 5 modifiant l'arr\u00eat\u00e9 n\u00b0 IDF-2023-04-13-00003 du 13 avril \n2023 portant renouvellement des repr\u00e9sentants des p rofessions a\u00e9ronautiques et des associations de la \nCommission consultative de l'environnement de l'a\u00e9r odrome de Paris-Orly et modifiant l'arr\u00eat\u00e9 n\u00b0 IDF-2 021-\n10-08-00002 du 8 octobre 2021 portant nomination de s membres \u00e0 la Commission consultative de \nl'environnement de l'a\u00e9rodrome de Paris-Orly \n \nListe pour information des membres de la commission  consultative de l'environnement de l'a\u00e9rodrome de \nParis-Orly : \n \nLe pr\u00e9fet de la r\u00e9gion d'\u00cele-de-France, pr\u00e9fet de Paris, ou son repr\u00e9sentant, Pr\u00e9sident. \n \nI. Repr\u00e9sentants des professions a\u00e9ronautiques : \n \na) Six repr\u00e9sentants des personnels exer\u00e7ant leur activit\u00e9 sur l'a\u00e9rodrome dont : \n \n1\u00b0 C.F.D.T. Air France \n \nTitulaire : M. Charles GERME \nSuppl\u00e9ant : M. Karim AOUNALI \n \n2\u00b0 \n UNSA ADP \n \nTitulaire : M. Patrick BOYER \nSuppl\u00e9ant : M. Laurent HERTEVENT \n \n3\u00b0 CFE-CGC ADP \n \nTitulaire : Mme Murielle SCHMIT  \nSuppl\u00e9ant : M. Abderrazak BOUSSAHA  \n \n4\u00b0 C.G.T. Orly \n \nTitulaire : Mme Isabelle BIGAND-VIVIANI  \nSuppl\u00e9ante : Mme Val\u00e9rie RAPHEL \n \n5\u00b0 FO Air France \n \nTitulaire : M. Christophe MEUNIER \nSuppl\u00e9ante : Mme Sylvie BIZARRO \n \n6\u00b0 Syndicat national des pilotes de ligne (SNPL) \n \nTitulaire : M. Jean-F\u00e9lix BARRAL \nSuppl\u00e9ant : M. \u00c9ric GRENIER BOLEY  \n \nb)  Repr\u00e9sentants des usagers de l'a\u00e9rodrome dont : \n \n1\u00b0  Board of airlines representatives in France (BAR France) \n \nTitulaire : M. Jean-Pierre SAUVAGE \nSuppl\u00e9ant : N. \nTitulaire : M. Philippe BRIEU \nSuppl\u00e9ant : N. \n \n2\u00b0 F\u00e9d\u00e9ration nationale de l'aviation et de ses m\u00e9tiers (FNAM)  : \n \nTitulaire : M. Cyril BEUCHET \nSuppl\u00e9ant : M. Romain SCHULZ \nTitulaire : M. \u00c9ric TRAUTMANN \nSuppl\u00e9ante : Mme Ana\u00efs BENSA\u00cf \n \n3\u00b0 Syndicat des compagnies a\u00e9riennes autonomes (SCARA) \n \nTitulaire : M. \u00c9ric WIEWORA \nSuppl\u00e9ant : M. Jean-Pierre BES \nTitulaire : Mme Marie-Antoinette SANTONI \nSuppl\u00e9ant : M. Georges LACHENAUD \n \nPr\u00e9fecture de la r\u00e9gion d'Ile-de-France, pr\u00e9fecture de Paris-Secr\u00e9tariat g\u00e9n\u00e9ral aux politiques publiques - IDF-2025-09-30-00001 -\nArr\u00eat\u00e9 modifiant l'arr\u00eat\u00e9 n\u00b0 IDF-2023-04-13-00003 du 13 avril 2023 portant renouvellement des repr\u00e9sentants des professions\na\u00e9ronautiques et des associations de la Commission consultative de l'environnement de l'a\u00e9rodrome de Paris-Orly et modifiant\nl'arr\u00eat\u00e9 n\u00b0 IDF-2021-10-08-00002 du 8 octobre 2021 portant nomination des membres \u00e0 la Commission consultative de\nl'environnement de l'a\u00e9rodrome de Paris-Orly\n22\n  \n4 \n4\u00b0 Compagnie Air France \n \nTitulaire : M. Vincent ETCHEBEHERE \nSuppl\u00e9ant : M. Fran\u00e7ois DECARREAU \n \n5\u00b0 Compagnie Transavia  \n \nTitulaire : Mme Manuella GOYAT \nSuppl\u00e9ant :   M. Alexandre BLONDEL \n \n6\u00b0 Compagnie Air Cara\u00efbes - French Bee  \n \nTitulaire : Mme Murielle ASSOULINE \nSuppl\u00e9ant: M. Gr\u00e9gory JAMET \n \n7\u00b0 Compagnie Easy Jet :  \nTitulaire : M. Reginald OTTEN \nSuppl\u00e9ant : M. Lahcen KARAOUI \n \n8\u00b0 Compagnie CORSAIR  \nTitulaire : M. M. Enea FRACASSI \nSuppl\u00e9ante : Mme Karen LEVY \n \n \n9\u00b0 Compagnie Vueling : \nTitulaire : Mme Charlotte DUMESNIL \nSuppl\u00e9ant : M. Christophe HEMERY \n \nc) 2 repr\u00e9sentants de l'exploitant : Groupe A\u00e9roports de Paris \n \nTitulaire : Mme Laurence FAURE \nSuppl\u00e9ant : M. J\u00e9r\u00f4me LAUFERON \nTitulaire : M Yanna\u00ebl BILLARD \nSuppl\u00e9ant : M. Fran\u00e7ois VARLET \n \nII. Repr\u00e9sentants des collectivit\u00e9s territoriales :  \n \na) Repr\u00e9sentants des \u00e9tablissements publics de coop\u00e9ration intercommunale vis\u00e9s au 2\u00b0 a) de l'article R. 571-\n73 du code de l'environnement \n \n1\u00b0 Repr\u00e9sentants de la communaut\u00e9 d'agglom\u00e9ration Paris-Saclay \n \nTitulaire : M. Christian LECLERC \nSuppl\u00e9ant : M. Florian GALLANT \nTitulaire : M. St\u00e9phane BAZILE \nSuppl\u00e9ant : M. Yvon DROCHON \nTitulaire : Mme Karine GREMION \nSuppl\u00e9ant : M. Cl\u00e9ment MOISON \n \n2\u00b0 Repr\u00e9sentants de la communaut\u00e9 d'agglom\u00e9ration Val d'Yerres Val de Seine \n \nTitulaire : Mme Sylvie CARILLON \nSuppl\u00e9ante : Mme Christine COTTE \nTitulaire : M. Romain COLAS \nSuppl\u00e9ant : M. J\u00e9r\u00f4me MEUNIER \nTitulaire : M. Olivier CLODONG \nSuppl\u00e9ante : Mme Christina PEDRI \n \n \nb) Repr\u00e9sentants de la M\u00e9tropole du Grand Paris \n \nTitulaire : M. Didier GONZALES  \nSuppl\u00e9ant : N. \nTitulaire : M. Jean-Jacques GROUSSEAU  \nSuppl\u00e9ante : Mme Catherine CHEVALIER \nPr\u00e9fecture de la r\u00e9gion d'Ile-de-France, pr\u00e9fecture de Paris-Secr\u00e9tariat g\u00e9n\u00e9ral aux politiques publiques - IDF-2025-09-30-00001 -\nArr\u00eat\u00e9 modifiant l'arr\u00eat\u00e9 n\u00b0 IDF-2023-04-13-00003 du 13 avril 2023 portant renouvellement des repr\u00e9sentants des professions\na\u00e9ronautiques et des associations de la Commission consultative de l'environnement de l'a\u00e9rodrome de Paris-Orly et modifiant\nl'arr\u00eat\u00e9 n\u00b0 IDF-2021-10-08-00002 du 8 octobre 2021 portant nomination des membres \u00e0 la Commission consultative de\nl'environnement de l'a\u00e9rodrome de Paris-Orly\n23\n  \n5 \nTitulaire : M. \u00c9ric GRILLON  \nSuppl\u00e9ant : M. R\u00e9gis CHARBONNIER  \nTitulaire : Mme St\u00e9phanie DAUMIN  \nSuppl\u00e9ante : Mme Nathalie LALLIER \nTitulaire : M. Patrick FARCY  \nSuppl\u00e9ante : Mme Fran\u00e7oise LECOUFLE  \nTitulaire : M. Laurent SAUERBACH \nSuppl\u00e9ant : M. Laurent LAFON \n \nc) Repr\u00e9sentants des communes concern\u00e9es par le bru it de l'a\u00e9rodrome n'appartenant pas \u00e0 l'un des \n\u00e9tablissements publics de coop\u00e9ration intercommunal e mentionn\u00e9s ci-dessus ou ayant gard\u00e9 comp\u00e9tence \nen mati\u00e8re de lutte contre les nuisances sonores \n \nTitulaire : M. Michel PAPIN, maire de L\u00e9signy (77) \nSuppl\u00e9ant : M. Guy DESAMAISON, adjoint au maire de L\u00e9signy (77) \nTitulaire : M. Christian SCHOETTL, maire de Janvry (91) \nSuppl\u00e9ant : M. Jean-Fran\u00e7ois LECLERC, premier adjoint au maire de Janvry (91) \nTitulaire : M. Franck COUTURIER, adjoint au maire de Saint Jean de Beauregard (91) \nSuppl\u00e9ant : M. Fran\u00e7ois FRONTERA, maire de Saint Jean de Beauregard (91) \n \nd) Repr\u00e9sentants du Conseil r\u00e9gional d'\u00cele-de-France \n \nTitulaire : M. Robin REDA \nSuppl\u00e9ante : Mme Elise GONZALES \n \ne) Repr\u00e9sentants des Conseils d\u00e9partementaux \n \n1\u00b0 D\u00e9partement de la Seine-et-Marne \n \nTitulaire : Mme B\u00e9atrice RUCHETON \nSuppl\u00e9ante : Mme V\u00e9ronique VEAU \n \n2\u00b0 D\u00e9partement de l'Essonne  \n \nTitulaire : Mme Brigitte VERMILLET \nSuppl\u00e9ant : M. Nicolas MEARY \n \n3\u00b0 D\u00e9partement des Hauts-de-Seine \n \nTitulaire : Mme Nathalie LEANDRI \nSuppl\u00e9ant : M. Jean-Yves SENANT \n \n4\u00b0 D\u00e9partement du Val-de-Marne \n \nTitulaire : Mme Kristell NIASME \nSuppl\u00e9ant : M. Jean-Daniel AMSLER \nPr\u00e9fecture de la r\u00e9gion d'Ile-de-France, pr\u00e9fecture de Paris-Secr\u00e9tariat g\u00e9n\u00e9ral aux politiques publiques - IDF-2025-09-30-00001 -\nArr\u00eat\u00e9 modifiant l'arr\u00eat\u00e9 n\u00b0 IDF-2023-04-13-00003 du 13 avril 2023 portant renouvellement des repr\u00e9sentants des professions\na\u00e9ronautiques et des associations de la Commission consultative de l'environnement de l'a\u00e9rodrome de Paris-Orly et modifiant\nl'arr\u00eat\u00e9 n\u00b0 IDF-2021-10-08-00002 du 8 octobre 2021 portant nomination des membres \u00e0 la Commission consultative de\nl'environnement de l'a\u00e9rodrome de Paris-Orly\n24\n  \n6 \n \nIII. Repr\u00e9sentants des associations :  \n \na) Associations de riverains de l'a\u00e9rodrome : \n \n1\u00b0 Association pour la pr\u00e9servation du patrimoine de l'environnement de L\u00e9signy et plus (APPEL+)  \n \nTitulaire : M. Fran\u00e7ois PHILIPPE \nSuppl\u00e9ante : Mme Edith de KHOVRINE \n \n2\u00b0 Alerte nuisances a\u00e9riennes  \n \nTitulaire : M. Jacques FOURNILLON \nSuppl\u00e9ant : M. Jos\u00e9-Fran\u00e7ois FERNANDEZ \n \n3\u00b0 EOLE - Association de d\u00e9fense de Choisy-le-Roi et de Thiais contre les nuisances a\u00e9riennes  \n \nTitulaire : M. Pierre DE COCK \nSuppl\u00e9ant : M. Didier SERRE \n \n4\u00b0 PEGASE - Association de Villeneuve-le-Roi et Ablon des riverains de l'a\u00e9roport d'Orly pour la tranquil lit\u00e9 et \nla s\u00e9curit\u00e9  \n \nTitulaire : M. Jo\u00ebl JOSSO \nSuppl\u00e9ant : M. Patrice FAUQUEMBERG \n \n5\u00b0 Association de d\u00e9fense contre les nuisances a\u00e9riennes (ADVOCNAR),  \n \nTitulaire : M. Patrick RATTER \nSuppl\u00e9ante : Mme Sophie ESTRADA \n \n6\u00b0 Association OYE 349  \n \nTitulaire : M. Luc OFFENSTEIN \nSuppl\u00e9ante : Mme Anne-Micha\u00eble SULIC \n \n7\u00b0 Forum sud-francilien contre les nuisances a\u00e9riennes \n \nTitulaire : M. Bernard MEDER \nSuppl\u00e9ante : Mme Nathalie LAVAUD \n \n8\u00b0 Association de d\u00e9fense des riverains de l'A\u00e9roport de Paros Orly (DRAPO)  \n \nTitulaire : M. G\u00e9rard BOUTHIER \nSuppl\u00e9ant : M. Minh NGUYEN VAN \n \n9\u00b0 Union fran\u00e7aise contre les nuisances des a\u00e9ronefs (UFCNA)  \n \nTitulaire : M. Christophe BODY \nSuppl\u00e9ante : Mme Chantal BEER-DEMANDER \n \n10\u00b0 Collectif nuisances a\u00e9riennes de Dourdan et sa r\u00e9gion  \n \nTitulaire : M. Pierre-Yves ROUGEAUX \nSuppl\u00e9ant : M. Franck GUERIN \n \nb) Associations de protection de l'environnement concern\u00e9es par l'environnement a\u00e9roportuaire : \n \n1\u00b0 Essonne nature environnement  \n \nTitulaire : M. Denis MAZODIER \nSuppl\u00e9ant : M. Daniel JOUANNES \nTitulaire : M. Jean-Pierre MOULIN  \nSuppl\u00e9ant : M. Emmanuel DESERT \n \n \n2\u00b0 France nature environnement \u00cele-de-France  \n \nTitulaire : M. Claude CARSAC \nSuppl\u00e9ante : Mme Fran\u00e7oise BROCHOT \nPr\u00e9fecture de la r\u00e9gion d'Ile-de-France, pr\u00e9fecture de Paris-Secr\u00e9tariat g\u00e9n\u00e9ral aux politiques publiques - IDF-2025-09-30-00001 -\nArr\u00eat\u00e9 modifiant l'arr\u00eat\u00e9 n\u00b0 IDF-2023-04-13-00003 du 13 avril 2023 portant renouvellement des repr\u00e9sentants des professions\na\u00e9ronautiques et des associations de la Commission consultative de l'environnement de l'a\u00e9rodrome de Paris-Orly et modifiant\nl'arr\u00eat\u00e9 n\u00b0 IDF-2021-10-08-00002 du 8 octobre 2021 portant nomination des membres \u00e0 la Commission consultative de\nl'environnement de l'a\u00e9rodrome de Paris-Orly\n25\n  \n7 \nTitulaire : Mme Catherine GIOBELLINA \nSuppl\u00e9ant : M. Michel RIOTTOT \n \n3\u00b0 Union des associations du sud-francilien (UASF) \n \nTitulaire : M. Patrick LETERME \nSuppl\u00e9ant : M. Sa\u00efd BENTAHAR \nTitulaire : M. Jean SERRAT \nSuppl\u00e9ant : M. Pascal MICHELANGELI \n \n4\u00b0 Environnement 92  \n \nTitulaire : Mme Fran\u00e7oise BEHAR \nSuppl\u00e9ante : Mme Clotilde NORGUET \nTitulaire : Mme Agn\u00e8s BAUCHE \nSuppl\u00e9ant : N.  \n \n5\u00b0 Mouvement National de Lutte pour l'Environnement (MNLE)  \n \nTitulaire : Mme Pascale SOULARD \nSuppl\u00e9ant : M. Kevin VERCIN \nTitulaire : M. Patrice DIGUET \nSuppl\u00e9ant : M. Christian CHASSEAU \n \nPr\u00e9fecture de la r\u00e9gion d'Ile-de-France, pr\u00e9fecture de Paris-Secr\u00e9tariat g\u00e9n\u00e9ral aux politiques publiques - IDF-2025-09-30-00001 -\nArr\u00eat\u00e9 modifiant l'arr\u00eat\u00e9 n\u00b0 IDF-2023-04-13-00003 du 13 avril 2023 portant renouvellement des repr\u00e9sentants des professions\na\u00e9ronautiques et des associations de la Commission consultative de l'environnement de l'a\u00e9rodrome de Paris-Orly et modifiant\nl'arr\u00eat\u00e9 n\u00b0 IDF-2021-10-08-00002 du 8 octobre 2021 portant nomination des membres \u00e0 la Commission consultative de\nl'environnement de l'a\u00e9rodrome de Paris-Orly\n26","date":"2025-09-30","first_seen_on":"2025-09-30T17:18:05+00:00","id":"ce888ff8907b707154c24b6199d99455d4e8c7e9b566cf1b72cfdd51f5b5a2e0","name":"recueil-idf-069-2025-09-RAA-nominatifs du 30.09.2025","pdf_creation_date":"2025-09-30T15:02:47+00:00","pdf_modification_date":null,"timezone":"Europe/Paris","url":"https://www.prefectures-regions.gouv.fr/ile-de-france/irecontenu/telechargement/131427/965259/file/recueil-idf-069-2025-09-RAA-nominatifs%20du%2030.09.2025.pdf"}
