{"administration":"pref92","administration_name":"Pr\u00e9fecture des Hauts-de-Seine","content":"ExPREFETDES HAUTS-DE-SEINELibert\u00e9Egalit\u00e9Fraternit\u00e9\nAL AR SS M 24 A PREBEHERIEC =F Pm \u00c0 FEF 2\nmee ee ee OR ees D DR Du = aa = 2 \u00a9 E 2 Hu\nEN mm LL 7 a Am Se fa De a\n1\nRECUEIL\nDES\nACTES ADMINISTRATIFS\nPR\u00c9FECTURE DE POLICE\nN\u00b0 Sp\u00e9cial 12 mars 2026\nLAee  ee\nee  En 0  8  eR  ees,\nan = LA . =  r\u00e6# \u00ab . \u2014 CL . = = nm mm\nmM Mn DURE AIME\nv4nase \u2014 \u00ab \u2014 eee  ME\nAA MM  MMM\n2\nPR\u00c9FET DES HAUTS-DE-SEINE\nRECUEIL DES ACTES ADMINISTRATIFS\nN\u00b0 Sp\u00e9cial Pr\u00e9fecture de Police du 12 mars 2026\nSOMMAIRE\nArr\u00eat\u00e9 Date PR\u00c9FECTURE DE POLICE Page\nPP\nn\u00b02026-00280 11.03.2026\nArr\u00eat\u00e9 accordant d\u00e9l\u00e9gation de la signature\npr\u00e9fectorale au sein du service des affaires\njuridiques et du contentieux\n3\n*\nPREFECTURE ap Cabinet du pr\u00e9fetDE POLICE [5]\nLibert\u00e9\u00c9galit\u00e9Fraternit\u00e9\narr\u00eat\u00e9 n\u00b0 2026-00280accordant d\u00e9l\u00e9gation de la signature pr\u00e9fectoraleau sein du service des affaires juridiques et du contentieux\nLe pr\u00e9fet de police,\nVU le code g\u00e9n\u00e9ral des collectivit\u00e9s territoriales ;\nVU le code des relations entre le public et l'administration ;\nVU le d\u00e9cret n\u00b0 2003-737 du 1* ao\u00fbt 2003 portant cr\u00e9ation d'un secr\u00e9tariat g\u00e9n\u00e9ral pourl'administration \u00e0 la pr\u00e9fecture de police;\nVU le d\u00e9cret n\u00b0 2004-374 du 29 avril 2004 modifi\u00e9 relatif aux pouvoirs des pr\u00e9fets, \u00e0 l'organisation et \u00e0l'action des services de l'Etat dans les r\u00e9gions et d\u00e9partements, notamment son article 73-1 ;\nVU le d\u00e9cret n\u00b0 2014-296 du 6 mars 2014 relatif aux secr\u00e9tariats g\u00e9n\u00e9raux pour l'administration duminist\u00e8re de l'int\u00e9rieur et modifiant diverses dispositions du code de la d\u00e9fense et du code de las\u00e9curit\u00e9 int\u00e9rieure;\nVU le d\u00e9cret du 22 octobre 2025 par lequel M. Patrice FAURE, administrateur de l'Etat du troisi\u00e8megrade, directeur de cabinet du Pr\u00e9sident de la R\u00e9publique, est nomm\u00e9 pr\u00e9fet de police (groupe |), \u00e0compter du 23 octobre 2025 ;\nVU le d\u00e9cret du 22 octobre 2025 par lequel Mme \u00c9lise LAVIELLE (n\u00e9e BAS), directrice adjointe ducabinet du pr\u00e9fet de police, est nomm\u00e9e pr\u00e9f\u00e8te, secr\u00e9taire g\u00e9n\u00e9rale pour l'administration de lapr\u00e9fecture de police, \u00e0 compter du 1\u00b0 d\u00e9cembre 2025 ;\nVU l'arr\u00eat\u00e9 pr\u00e9fectoral n\u00b0 2022-00311 du 4 avril 2022 relatif aux missions et \u00e0 l'organisation du servicedes affaires juridiques et du contentieux ;\nVU l'arr\u00eat\u00e9 pr\u00e9fectoral n\u00b0 2025-01599 du 27 novembre 2025 accordant d\u00e9l\u00e9gation de la signaturepr\u00e9fectorale au pr\u00e9fet, secr\u00e9taire g\u00e9n\u00e9ral pour l'administration de la pr\u00e9fecture de police;\nVU la d\u00e9lib\u00e9ration du conseil de Paris n\u00b0 2020-PP-53 des 23 et 24juillet 2020 portant renouvellement dela d\u00e9l\u00e9gation de pouvoir accord\u00e9e au pr\u00e9fet de police par le conseil de Paris dans certaines desmati\u00e8res \u00e9num\u00e9r\u00e9es par l'article L. 2122-22 du code g\u00e9n\u00e9ral des collectivit\u00e9s territoriales;\nVU la d\u00e9cision minist\u00e9rielle du 13 juin 2025 par laquelle M. J\u00e9r\u00f4me CHARRET, administrateur de l'Etat dedeuxi\u00e8me grade, est affect\u00e9 en qualit\u00e9 de chef du service des affaires juridiques et du contentieux ausecr\u00e9tariat g\u00e9n\u00e9ral pour l'administration de la pr\u00e9fecture de police, \u00e0 compter du 1\u00b0 ao\u00fbt 2025;\nVU l'arr\u00eat\u00e9 pr\u00e9fectoral n\u00b0 2025-00024 du 7 janvier 2025 d\u00e9signant Mme Elisabeth THERBY-VALE enqualit\u00e9 de personne responsable de l'acc\u00e8s aux documents administratifs et des questions relatives \u00e0l'utilisation des informations publiques ;\nSUR proposition de la pr\u00e9f\u00e8te, secr\u00e9taire g\u00e9n\u00e9rale pour l'administration,\nARR\u00caTE\nArticle 1\u00b0\nD\u00e9l\u00e9gation est donn\u00e9e \u00e0 M. J\u00e9r\u00f4me CHARRET, administrateur de l'Etat de deuxi\u00e8me grade, chef duservice des affaires juridiques et du contentieux, directement plac\u00e9 sous l'autorit\u00e9 de la pr\u00e9f\u00e8te,\n1\n\nsecr\u00e9taire g\u00e9n\u00e9rale pour l'administration, \u00e0 l'effet de signer, au nom du pr\u00e9fet de police, tous actes,arr\u00e9t\u00e9s, d\u00e9cisions, r\u00e9ponses aux demandes d'acc\u00e9s aux donn\u00e9es et documents administratifs,transactions et m\u00e9diations dont celles engageant une d\u00e9pense inf\u00e9rieure \u00e0 80 000 euros, m\u00e9moires etrecours entrant dans le champ des missions fix\u00e9es par l'arr\u00eat\u00e9 du 4 avril 2022 susvis\u00e9. A cet effet, ilrepr\u00e9sente, de fa\u00e7on permanente, le pr\u00e9fet de police devant toute juridiction et peut habiliter toutagent \u00e0 cette m\u00eame fin.\nD\u00e9l\u00e9gation est \u00e9galement donn\u00e9e \u00e0 M. J\u00e9r\u00f4me CHARRET\u00e0 l'effet de signer les constatations de servicefait pour les prestations r\u00e9alis\u00e9es par des prestataires ext\u00e9rieurs, les d\u00e9cisions relatives aux cong\u00e9sannuels et de maladie ordinaire, au t\u00e9l\u00e9travail et \u00e0 l'\u00e9valuation des personnels relevant de son autorit\u00e9,ainsi qu'aux fins de signer tout acte visant \u00e0 indemniser les tiers ou \u00e0 engager leur responsabilit\u00e9.\nArticle2\nEn cas d'absence ou d'emp\u00e9chement de M. J\u00e9r\u00f4me CHARRET, la d\u00e9l\u00e9gation qui lui est consentie \u00e0l'article 1\u00b0 est exerc\u00e9e par Mme Elisabeth THERBY-VALE, administratrice de l'Etat, adjointe au chef duservice des affaires juridiques et du contentieux.\nArticle3\nEn cas d'absence ou d'emp\u00e9chement de M. J\u00e9r\u00f4me CHARRET et de Mme Elisabeth THERBY-VALE, lesd\u00e9l\u00e9gations qui leur sont consenties sont exerc\u00e9es, dans la limite des attributions d\u00e9finies au chapitrepremier de l'arr\u00eat\u00e9 du 4 avril 2022 susvis\u00e9 :\n- par M. Jean-Fran\u00e7ois LAVAUD, conseiller d'administration pour l'int\u00e9rieur et l'outre-mer, chef dubureau du contentieux judiciaire et de l'exc\u00e8s de pouvoir ;\n- en cas d'absence ou d'emp\u00e9chement de M. Jean-Fran\u00e7ois LAVAUD, par M. Fabien MERLEN,attach\u00e9 d'administration de l'\u00c9tat, adjoint au chef du bureau;\n- en cas d'absence ou d'emp\u00eachement de M. Jean-Fran\u00e7ois LAVAUD et de M. Fabien MERLEN :\no par Mme Olympe ROUSSEL, agente contractuelle de cat\u00e9gorie A, cheffe de bureau ducontentieux de la responsabilit\u00e9 ;\no par Mme Chlo\u00e9 DHAMBAHADOUR, agente contractuelle de cat\u00e9gorie A, adjointe \u00e0 lacheffe du bureau du contentieux de la responsabilit\u00e9;\no par Mme In\u00e9s SIDIYA, attach\u00e9e d'administration de l'\u00c9tat, cheffe de la section ducontentieux \u00e9tranger ;\no par Mme Aliz\u00e9e LABROUSSE, agente contractuelle de cat\u00e9gorie A.\n\u00c0 cet effet, ils sont habilit\u00e9s \u00e0 repr\u00e9senter le pr\u00e9fet de police devant les juridictions.\nArticle4\nEn cas d'absence ou d'emp\u00e9chement de M. J\u00e9r\u00f4me CHARRET et de Mme Elisabeth THERBY-VALE, lesd\u00e9l\u00e9gations qui leur sont consenties sont exerc\u00e9es, dans la limite des attributions d\u00e9finies au chapitre 2de l'arr\u00eat\u00e9 du 4 avril 2022 susvis\u00e9 :\n- par Mme Olympe ROUSSEL, agente contractuelle de cat\u00e9gorie A, cheffe du bureau ducontentieux des responsabilit\u00e9s, \u00e0 l'exception des actes engageant une d\u00e9pense sup\u00e9rieure \u00e010 000 euros;\n- en cas d'absence ou d'emp\u00eachement de Mme Olympe ROUSSEL, par Mme Chlo\u00e9DHAMBAHADOUR, agente contractuelle de cat\u00e9gorie A, adjointe \u00e0 la cheffe du bureau, dans lesm\u00eames conditions ;\n- en cas d'absence ou d'emp\u00eachement de Mme Olympe ROUSSEL et de Mme DHAMBAHADOUR,\npar\no M.Jean-Fran\u00e7ois LAVAUD, conseiller d'administration pour l'int\u00e9rieur et l'outre-mer, chef\nde bureau ;\n2026-00280\n\no M. Stanlet TCHOUMI ESSOMBE, chef de la section des expulsions locatives, dans la limitede ses attributions et \u00e0 l'exception des d\u00e9cisions et actes engageant les d\u00e9penses\nsup\u00e9rieures \u00e0 5 000 euros.\n\u00c0 cet effet, ils sont habilit\u00e9s \u00e0 repr\u00e9senter le pr\u00e9fet de police devant les juridictions.\nArticle 5\nEn cas d'absence ou d'emp\u00e9chement de M. J\u00e9r\u00f4me CHARRET et de Mme Elisabeth THERBY-VALE, dansle cadre des proc\u00e9dures juridictionnelles urgentes, notamment vis\u00e9es aux articles L. 521-1 et suivants ducode de justice administrative, peuvent repr\u00e9senter le pr\u00e9fet de police devant les juridictions dans lalimite des attributions d\u00e9finies au chapitre 2 et 3 de l'arr\u00eat\u00e9 du 4 avril 2022 susvis\u00e9 :\n- M. Jean-Fran\u00e7ois LAVAUD, conseiller d'administration de l'int\u00e9rieur et de l'outre-mer, chef de\nbureau ;\n- M. Fabien MERLEN, attach\u00e9 d'administration de l'\u00c9tat, adjoint au chef du bureau ;\n- Mme Olympe ROUSSEL, agente contractuelle de cat\u00e9gorie A, cheffe de bureau ;\n- Mme Chlo\u00e9 DHAMBAHADOUR, agente contractuelle de cat\u00e9gorie A, adjointe \u00e0 la cheffe debureau ;\n- Mme Sarah AMIRI, agente contractuelle de cat\u00e9gorie A, charg\u00e9e de mission ;\n- Mme In\u00e8s SIDIYA, attach\u00e9e d'administration de l'\u00c9tat, cheffe de la section du contentieux\u00e9tranger;\n- Mme Aliz\u00e9e LABROUSSE, agente contractuelle de cat\u00e9gorie A.\nArticle 6\nEn cas d'absence ou d'emp\u00e9chement de M. J\u00e9r\u00f4me CHARRET et Mme Elisabeth THERBY-VALE, lesd\u00e9l\u00e9gations qui lui sont consenties sont exerc\u00e9es, dans la limite des attributions d\u00e9finies au chapitre 3de l'arr\u00eat\u00e9 du 4 avril 2022 susvis\u00e9, par M. Laurent ECKERT, agent contractuel de cat\u00e9gorie A, chef dubureau du droit des donn\u00e9es et des documents administratifs.\nD\u00e9l\u00e9gation est \u00e9galement donn\u00e9e \u00e0 M. Laurent ECKERT, en cas d'absence ou d'emp\u00eachement deM. J\u00e9r\u00f4me CHARRET et Mme Elisabeth THERBY-VALE, aux fins de signer tout acte relatif \u00e0 l'acc\u00e8s auxdocuments administratifs, aux informations publiques et aux donn\u00e9es personnelles.\n\u00c0 cet effet, il est habilit\u00e9 \u00e0 repr\u00e9senter le pr\u00e9fet de police devant lesjuridictions.\nArticle 7\nEn cas d'absence ou d'emp\u00e9chement de M. J\u00e9r\u00f4me CHARRET et de Mme Elisabeth THERBY-VALE, lesd\u00e9l\u00e9gations qui leur sont consenties sont exerc\u00e9es, dans la limite des attributions d\u00e9finies au chapitre 4de l'arr\u00eat\u00e9 du 4 avril 2022 susvis\u00e9, par Mme Marie-Dominique GABRIELLI, attach\u00e9e d'administration del'Etat hors classe \u00e9chelon sp\u00e9cial, cheffe du bureau de la protection juridique, de l'assurance et de lar\u00e9paration.\nEn cas d'absence ou d'emp\u00e9chement de Mme Marie-Dominique GABRIELLI, la d\u00e9l\u00e9gation ainsiconsentie est exerc\u00e9e :\n\"dans le cadre de la mise en \u0153uvre de la protection juridique :\n- par Mme Laurence THIBAULT, attach\u00e9e hors classe d'administration de l'\u00c9tat, adjointe \u00e0 la cheffedu bureau de la protection juridique, de l'assurance et de la r\u00e9paration, cheffe de la section de laprotection juridique ;\n- en cas d'absence ou d'emp\u00eachement de Mme Laurence THIBAULT, par :\no M. Yves RIOU, attach\u00e9 principal d'administration de l'\u00c9tat, adjoint \u00e0 la cheffe du bureaude la protection juridique, de l'assurance et de la r\u00e9paration, chef de la section del'assurance et de la r\u00e9paration ;\n2026-00289 :\n\no Mme Isabelle COLLET, secr\u00e9taire administrative de classe exceptionnelle, cheffe du p\u00f4lede la protection juridique regroupant Paris et les d\u00e9partements des Hauts-de-Seine et dela Seine-Saint-Denis, \u00e0 l'exception des d\u00e9cisions de refus de protection fonctionnelle ;\no Mme G\u00fclgiz ERMISER, secr\u00e9taire administrative de classe sup\u00e9rieure, cheffe du p\u00f4le de laprotection juridique regroupant les d\u00e9partements de Seine-et-Marne, des Yvelines, del'Essonne, du Val-de-Marne et du Val-d'Oise, \u00e0 l'exception des d\u00e9cisions de refus deprotection fonctionnelle ;\no Mme Marina SULA, agente contractuelle de cat\u00e9gorie A, cheffe du p\u00f4le du greffe ;\n* dans le cadre du traitement des attributions en mati\u00e8re d'assurance et de r\u00e9paration :\n- par M. Yves RIOU, attach\u00e9 principal d'administration de l'\u00c9tat, adjoint \u00e0 la cheffe du bureau dela protection juridique, de l'assurance et de la r\u00e9paration, chef de la section de l'assurance et dela r\u00e9paration ;\n- en cas d'absence ou d'emp\u00e9chement de M. Yves RIOU, par Mme Laurence THIBAULT, attach\u00e9ed'administration hors classe de l'\u00c9tat, adjointe \u00e0 la cheffe du bureau de la protection juridique,de l'assurance et de la r\u00e9paration, cheffe de la section de la protection juridique ;\n- en cas d'absence ou d'emp\u00e9chement de M. Yves RIOU et de Mme Laurence THIBAULT, par MmeJulie FIRON, secr\u00e9taire administrative de classe normale, \u00e0 l'exception des d\u00e9cisions et actesengageant les d\u00e9penses.\nArticle 8\nEn cas d'absence ou d'emp\u00e9chement de M. J\u00e9r\u00f4me CHARRET et Mme Elisabeth THERBY-VALE, lesd\u00e9l\u00e9gations qui leur sont consenties sont exerc\u00e9es dans la limite des attributions d\u00e9finies au chapitre 5de l'arr\u00eat\u00e9 du 4 avril 2022 susvis\u00e9, par Mme Pauline CASADIOLORETI, attach\u00e9e principaled'administration, cheffe du bureau des ressources, du pilotage et de la modernisation, \u00e0 l'exception desd\u00e9cisions et actes engageant les d\u00e9penses sup\u00e9rieures \u00e0 1 000 euros.\nEn cas d'absence ou d'emp\u00eachement de Mme Pauline CASADIO LORETI, la d\u00e9l\u00e9gation ainsi consentieest exerc\u00e9e :\n- par Mme OLIVIA VAN HOUTTEGHEM, adjointe \u00e0 la cheffe du bureau des ressources, du pilotageet de la modernisation,\n- en cas d'absence ou d'emp\u00eachement de Mme Pauline CASADIO LORETI, et de Mme OLIVIA VANHOUTTEGHEM par M. Jean-Philippe LOUSSALA, secr\u00e9taire administratif de classe normale, chefde la section budg\u00e9taire et comptable.\nArticle 9\nD\u00e9l\u00e9gation est donn\u00e9e \u00e0 l'effet de signer dans l'application informatique financi\u00e8re de l'\u00c9tat aux fins decertification du service fait et de validation de demande d'achat, dans la limite de leurs attributionsrespectives, aux agents plac\u00e9s sous l'autorit\u00e9 du chef du bureau des ressources, du pilotage et de lamodernisation, dont les noms suivent:\n- Mme Jeanne PERRIN, adjointe administrative principale de premi\u00e8re classe des administrationsparisiennes ;\n- M. Olivier ARAGO, adjoint administratif principal de deuxi\u00e8me classe des administrationsparisiennes ;\n- Mme L\u00e9a STATTNER, agente contractuelle de cat\u00e9gorie C.\nArticle10\nEn cas d'absence ou d'emp\u00e9chement de M. J\u00e9r\u00f4me CHARRET et de Mme Elisabeth THERBY-VALE, lesd\u00e9l\u00e9gations qui leur sont consenties sont exerc\u00e9es en mati\u00e8re contentieuse, de m\u00e9diations et detransactions relatives \u00e0 la commande publique par Mme Sarah AMIRI, agente contractuelle decat\u00e9gorie A.\n2026-00280\n\n\u00c0 cet effet, elle est habilit\u00e9e \u00e0 repr\u00e9senter le pr\u00e9fet de police devant les juridictions.\nArticle 11\nLa pr\u00e9f\u00e8te, secr\u00e9taire g\u00e9n\u00e9rale pour l'administration, et le chef du service des affaires juridiques et ducontentieux sont charg\u00e9s, chacun en ce qui le concerne, de l'ex\u00e9cution du pr\u00e9sent arr\u00eat\u00e9 qui serapubli\u00e9 aux recueils des actes administratifs des pr\u00e9fectures des d\u00e9partements de la zone de d\u00e9fense etde s\u00e9curit\u00e9 de Paris.\nFait\u00e0 Paris, le 1 1 MARS 2026\n2026-00280\n\n=e ee SE eee Bm ee a SR EEE SR 2 MR SERIES em 4264 UE D SR\nLABR DR eee  D D SJ HEA 5 mm = = 7 LIRE\nmM mnt A Ame  =\n= \" \" 1 1 1 x\nrwe  EN UN  AT  me  ere\n~ ra . \" LA LA 1\nAmis  ms  a . - 4 .\n1 \" 1 . . \" oe \" aa 4  - 1 \"4 1 1\n\u2014_s \u00ab CI CI oo. an\nxat 1 MMM\nrer  nee  er  Mme\n8\nRECUEIL DES ACTES ADMINISTRATIFS\nDU\nPR\u00c9FET DES HAUTS-DE-SEINE\nISSN 0985 - 5955\nPour toute correspondance, s'adresser \u00e0 :\nPR\u00c9FET DES HAUTS-DE-SEINE\nSecr\u00e9tariat g\u00e9n\u00e9ral\nSecr\u00e9tariat g\u00e9n\u00e9ral aux affaires d\u00e9partementales\n167/177, Avenue Joliot Curie\n92013 NANTERRE CEDEX\nLe recueil des actes administratifs est consultable en ligne sur le site de la pr\u00e9fecture\nAdresse Internet : https://www.hauts-de-seine.gouv.fr/\nDirecteur de la publication :\nAlexandre BRUG\u00c8RE\nPR\u00c9FET DES HAUTS-DE-SEINE\nLADR DR D D D SU OS E D ER D _ = ~-, ER 5 == ER, el SR ee el\n9\nPR\u00c9FECTURE DES HAUTS-DE-SEINE\n167-177, avenue Joliot Curie 92013 NANTERRE Cedex\nCourriel : sgc-courrier@hauts-de-seine.gouv.fr\nStandard : 01.40.97.20.00 T\u00e9l\u00e9copie 01.40.97.25.21\nAdresse Internet : https://www.hauts-de-seine.gouv.fr/","date":"2026-03-12","first_seen_on":"2026-03-12T15:58:15+00:00","id":"cef29148be5d0a91417da72deed9162bebe5a113a4d4cf4d97ce2c707f54add5","name":"2026-03-12 RAA sp\u00e9cial Pr\u00e9fecture de Police du 12 mars 2026","pdf_creation_date":null,"pdf_modification_date":"2026-03-12T13:57:27+00:00","timezone":"Europe/Paris","url":"https://www.hauts-de-seine.gouv.fr/contenu/telechargement/28358/196153/file/2026-03-12%20RAA%20sp%C3%A9cial%20Pr%C3%A9fecture%20de%20Police%20du%2012%20mars%202026.pdf"}
