{"administration":"pref50","administration_name":"Pr\u00e9fecture de la Manche","content":"PREFETDE LA MANCHELibert\u00e9Egalit\u00e9Fraternit\u00e9\nRECUEIL DES ACTES\nADMINISTRATIFS\nDE LA MANCHE\nDOCUMENTATION\nET\nINFORMATIONS\nOctobre 2024\nNUMERO SPECIAL N\u00b0 95\n\nLe contenu int\u00e9gral des textes et/ou les documents et plans annex\u00e9s\npeut \u00eatre consult\u00e9 aupr\u00e8s du service sous le timbre duquel la publication\nest r\u00e9alis\u00e9e et sur le site Internet de la pr\u00e9fecture :\nhttp://www.manche.gouv.fr\nRubrique : Publications - Annonces et avis - Recueil des actes administratifs\nS O M M A I R E\nCABINET...................................................................................................................................................................................................... 2\nArr\u00eat\u00e9 n\u00b02024- 52 \u2013 SIDPC du 1er octobre 2024 portant prorogation des agr\u00e9ments des associations de la Manche pour les formations \naux premiers secours.................................................................................................................................................................................... 2\nArr\u00eat\u00e9 du 7 octobre 2024 autorisant les agents agr\u00e9\u00e9s du service interne de s\u00e9curit\u00e9 de la SNCF \u00e0 proc\u00e9der \u00e0 des palpations de \ns\u00e9curit\u00e9.......................................................................................................................................................................................................... 3\nArr\u00eat\u00e9 du 8 octobre 2024 portant autorisation de proc\u00e9der \u00e0 la captation, \u00e0 l'enregistrement et \u00e0 la transmission d'images au moyen de \ncam\u00e9ras install\u00e9es sur des a\u00e9ronefs............................................................................................................................................................. 3\nSOUS-PREFECTURE DE CHERBOURG..................................................................................................................................................... 4\nArr\u00eat\u00e9 modificatif N\u00b0 2024-441 du 30 septembre 2024 portant nomination des membres de la commission de contr\u00f4le charg\u00e9e de la \nr\u00e9gularit\u00e9 des listes \u00e9lectorales dans la commune de Virandeville................................................................................................................ 4\nArr\u00eat\u00e9 SF / N\u00b024 \u2013 440 du 30 septembre 2024 portant habilitation dans le domaine fun\u00e9raire.................................................................. 4\nDIRECTION DEPARTEMENTALE DE LA PROTECTION DES POPULATIONS......................................................................................... 4\nArr\u00eat\u00e9 n\u00b0DDPP/2024-370 du 23 septembre 2024 attribuant l'habilitation sanitaire \u00e0 Madame Lou Anne Marie DONARD........................ 4\nArr\u00eat\u00e9 pr\u00e9fectoral N\u00b0DDPP/2024-432 du 03 octobre 2024 attribuant l'habilitation sanitaire \u00e0 Madame Nolwenn DRONKA...................... 5\nDIRECTION DEPARTEMENTALE DES TERRITOIRES ET DE LA MER.................................................................................................... 5\nArr\u00eat\u00e9 n\u00b0DDTM CM-S-2024-005 du 3 octobre 2024 portant autorisation de prolongation d'ouverture et d'exploitation provisoire de la \np\u00eache de palourdes (Venerupis philippinarum) dans la zone 50-18-19 Bricqueville \u00e0 Coudeville................................................................. 5\nDIRECTION DEPARTEMENTALE DE L'EMPLOI, DU TRAVAIL ET DES SOLIDARITES.......................................................................... 7\nArr\u00eat\u00e9 du 3 octobre 2024 donnant subd\u00e9l\u00e9gation de signature du directeur d\u00e9partemental de l'emploi, du travail et des solidarit\u00e9s de la \nManche.......................................................................................................................................................................................................... 7\nArr\u00eat\u00e9 du 3 octobre 2024 donnant subd\u00e9l\u00e9gation de signature du directeur d\u00e9partemental de l'emploi, du travail et des solidarit\u00e9s de la \nManche en mati\u00e8re de droit du travail,........................................................................................................................................................... 9\nArr\u00eat\u00e9 du 3 octobre 2024 donnant subd\u00e9l\u00e9gation de signature du directeur d\u00e9partemental de l'emploi, du travail et des solidarit\u00e9s pour \nl'ordonnancement secondaire des recettes et des d\u00e9penses imput\u00e9es sur les programmes cit\u00e9s \u00e0 l'article 1 du pr\u00e9sent arr\u00eat\u00e9 du budget \nde l'\u00c9tat....................................................................................................................................................................................................... 10\nArr\u00eat\u00e9 n\u00b0 2024-DDETS-PSA-49 du 3 octobre 2024 portant composition du Conseil de famille des Pupilles de l'\u00c9tat du d\u00e9partement de \nla Manche.................................................................................................................................................................................................... 11\nArr\u00eat\u00e9 du 3 octobre 2024 donnant subd\u00e9l\u00e9gation de signature du directeur d\u00e9partemental de l'emploi, du travail et des solidarit\u00e9s de la \nManche en mati\u00e8re de droit du travail.......................................................................................................................................................... 11\nDIVERS....................................................................................................................................................................................................... 12\nDDFIP - DIRECTION D\u00c9PARTEMENTALE DES FINANCES PUBLIQUES............................................................................................................................ 12\nArr\u00eat\u00e9 du 7 octobre 2024 portant d\u00e9l\u00e9gation de signature en mati\u00e8re de contentieux et de gracieux fiscal............................................. 12\nDISP : DIRECTION INTERR\u00c9GIONALE DES SERVICES P\u00c9NITENTIAIRES......................................................................................................................... 13\nArr\u00eat\u00e9 du 1er octobre 2024 portant d\u00e9l\u00e9gation de signature \u00e0 Monsieur Pascal LECUYER en qualit\u00e9 de Directeur fonctionnel des \nservices p\u00e9nitentiaires d'insertion et de probation de la MANCHE.............................................................................................................. 13\nArr\u00eat\u00e9 du 1er octobre 2024 portant d\u00e9l\u00e9gation de signature \u00e0 Monsieur Lionel LE FRAN\u00c7OIS en qualit\u00e9 de chef d'\u00e9tablissement de la \nmaison d'arr\u00eat de COUTANCES................................................................................................................................................................. 13\nArr\u00eat\u00e9 du 1er octobre 2024 portant d\u00e9l\u00e9gation de signature \u00e0 Madame Marilyn BENOOT en qualit\u00e9 de cheffe d'\u00e9tablissement de la \nmaison d'arr\u00eat de CHERBOURG................................................................................................................................................................. 13\nCABINET\nArr\u00eat\u00e9 n\u00b02024- 52 \u2013 SIDPC du 1er octobre 2024 portant prorogation des agr\u00e9ments des associations de la Manche pour les formations\naux premiers secours\nCONSID\u00c9RANT qu'en application de l'article 3 du d\u00e9cret n 2024-242 du 20 mars 2024 susvis\u00e9, les associations de la Manche agr\u00e9\u00e9es pour les \nformations aux premiers secours n\u00e9cessitent la prorogation de leurs agr\u00e9ments compte tenu des mesures d'habilitation d\u00e9sormais administr\u00e9es\npar le ministre charg\u00e9 de la s\u00e9curit\u00e9 civile.\nSur proposition de la Directrice de Cabinet du Pr\u00e9fet de la Manche ;\nA R R E T E\nArticle 1 : En application de l'article 3 du d\u00e9cret n 2024-242 du 20 mars 2024 susvis\u00e9, les agr\u00e9ments des associations list\u00e9es dans le tableau ci-\ndessous sont prorog\u00e9s jusqu'au 31 mars 2026, dans le d\u00e9partement de la Manche, pour d\u00e9livrer les unit\u00e9s d'enseignements pour lesquels ils \nont \u00e9t\u00e9 initialement agr\u00e9\u00e9s.\nNom de l'association N\u00b0 de l'arr\u00eat\u00e9 pr\u00e9fectoral Fin de validit\u00e9\nADPC Association d\u00e9partementale de \nProtection civile n\u00b02022-036-SIDPC 14 octobre 2024\nSNSM Soci\u00e9t\u00e9 Nationale de Sauvetage en \nmer n\u00b02022-35-SIDPC 14 octobre 2024\nUDSP Union D\u00e9partementale des Sapeurs \nPompiers\nn\u00b02024-004-SIDPC 15 f\u00e9vrier 2026\nLa Croix Rouge N\u00b02022-23-SIDPC 17 ao\u00fbt 2024\nUGSEL  Union G\u00e9n\u00e9rale Sportive de \nl'Enseignement Libre n\u00b02023-04-SIDPC 9 f\u00e9vrier 2025\nUDOM Union d\u00e9partementale de l'Ordre de \nMalte n\u00b02024-19-SIDPC 8 mars 2026\nASE Association de Sauvetage et \nd'Education \u00e0 la S\u00e9curit\u00e9 du Cotentin n\u00b02022-28-SIDPC 14 septembre 2024\nUDPS Union D\u00e9partementale des Premiers \nSecours\nn\u00b02022-005-SIDPC 14 septembre 2024\nAssociation des Secouristes de la \nPoste/France t\u00e9l\u00e9com n\u00b02024-05-SIDPC 6 f\u00e9vrier 2024\nCentre Fran\u00e7ais de Secourisme n\u00b02022-05-SIDPC 14 septembre 2022\nArticle 2 : Pour un renouvellement d'agr\u00e9ments, la demande doit \u00eatre re\u00e7ue par le ministre charg\u00e9 de la s\u00e9curit\u00e9 civile au moins six mois \navant la date d'expiration de celle-ci.\nSign\u00e9 : pour le Pr\u00e9fet et par d\u00e9l\u00e9gation, la directrice de cabinet : Mme St\u00e9phanie PETITJEAN\nArr\u00eat\u00e9 du 7 octobre 2024 autorisant les agents agr\u00e9\u00e9s du service interne de s\u00e9curit\u00e9 de la SNCF \u00e0 proc\u00e9der \u00e0 des palpations de\ns\u00e9curit\u00e9\nCONSID\u00c9RANT qu'en application des dispositions combin\u00e9es de l'article L.613-2 du code de la s\u00e9curit\u00e9 int\u00e9rieure et de l'article R.2251-52 \n7-4 du code des transports, les agents du service interne de s\u00e9curit\u00e9 de la SNCF, agr\u00e9\u00e9s dans les conditions pr\u00e9vues par les articles \nR.2251-49 \u00e0 R.2251-52 du code des transports, peuvent, en cas de circonstances particuli\u00e8res li\u00e9es \u00e0 l'existence de menaces graves pour \nla s\u00e9curit\u00e9 publique, proc\u00e9der, avec le consentement express des personnes, \u00e0 des palpations de s\u00e9curit\u00e9 dans les gares, stations, arr\u00eats et \nv\u00e9hicules de transports ; que ces palpations ne peuvent \u00eatre r\u00e9alis\u00e9es que dans les limites de la dur\u00e9e et des lieux ou cat\u00e9gories de lieux \nd\u00e9termin\u00e9s par l'arr\u00eat\u00e9 constatant les circonstances particuli\u00e8res li\u00e9es \u00e0 l'existence de menaces graves pour la s\u00e9curit\u00e9 publique mentionn\u00e9e\n\u00e0 l'article L.613-2 du code de la s\u00e9curit\u00e9 int\u00e9rieure ;\nCONSID\u00c9RANT la persistance de la menace terroriste sur l'ensemble du territoire national et notamment sur les principaux sites touristiques\net les lieux \u00e0 forte symbolique religieuse comme le Mont-Saint-Saint-Michel, desservis pour la plupart par la SNCF ;\nCONSID\u00c9RANT que le contexte de tensions internationales et plusieurs attentats ou tentatives d'attentats r\u00e9cents, notamment celui perp\u00e9tr\u00e9\nau lyc\u00e9e Gambetta-Carnot d'Arras le 13 octobre 2023 ont encore accru le niveau de la menace terroriste et que le plan Vigipirate se situe au\nniveau s\u00e9curit\u00e9 renforc\u00e9e \u2013 risque attentat;\nCONSID\u00c9RANT la r\u00e9currence d'actes malveillants et violents constat\u00e9s dans les emprises SNCF et \u00e0 bord de ses v\u00e9hicules dans le \nd\u00e9partement de la Manche ;\nCONSID\u00c9RANT les flux de masse constants de population sur le r\u00e9seau ferroviaire normand compte tenu de l'attrait touristique de la r\u00e9gion \nNormandie, des d\u00e9placements des supporters des clubs normands de ligues 1 et 2 de football et des nombreux \u00e9v\u00e8nements organis\u00e9s en \nfin d'ann\u00e9e ; \nCONSID\u00c9RANT la n\u00e9cessit\u00e9 d'assurer dans ces conditions la s\u00fbret\u00e9 des personnes et des biens dans les transports publics de voyageurs \ntels que les trains et les cars, ainsi que dans les gares, stations et arr\u00eats, par des mesures adapt\u00e9es \u00e0 un niveau \u00e9lev\u00e9 de menace ;\nCONSID\u00c9RANT la n\u00e9cessaire coordination des forces de s\u00fbret\u00e9 pour permettre aux forces de l'ordre de maintenir leur mission de \ns\u00e9curisation g\u00e9n\u00e9rale d\u00e8s lors qu'elles sont d\u00e9j\u00e0 tr\u00e8s mobilis\u00e9es et ne sauraient assurer \u00e0 elles seules la mission sp\u00e9cifique de s\u00fbret\u00e9 dans \nles transports publics de voyageurs, qui rel\u00e8ve au premier chef de la responsabilit\u00e9 de l'exploitant ;\nSUR PROPOSITION de la directrice de cabinet ;\nARR\u00caTE\nArt. 1     :   \nLes agents du service interne de s\u00e9curit\u00e9 de la SNCF, agr\u00e9\u00e9s dans les conditions pr\u00e9vues par les articles R.2251-49 \u00e0 R.2251-52 du code \ndes transports, peuvent recourir aux mesures de palpation de s\u00e9curit\u00e9 pr\u00e9vues \u00e0 l'article L.613-2 du code de la s\u00e9curit\u00e9 int\u00e9rieure, dans les \ngares, stations et arr\u00eats de la SNCF ou conventionn\u00e9s, ainsi qu'\u00e0 bord des v\u00e9hicules de transports de la SNCF ou conventionn\u00e9s (trains et \ncars), dans le d\u00e9partement de la Manche.\nArt. 2     :   \nCette autorisation s'applique du 15 octobre 2024 au 31 janvier  2025 inclus, y compris en dehors des horaires d'ouverture des gares. Elle \npourra \u00eatre lev\u00e9e \u00e0 tout moment par le pr\u00e9fet de la Manche.\nSign\u00e9 : pour le Pr\u00e9fet et par d\u00e9l\u00e9gation, la directrice de cabinet : Mme St\u00e9phanie PETITJEAN\nArr\u00eat\u00e9 du 8 octobre 2024 portant autorisation de proc\u00e9der \u00e0 la captation, \u00e0 l'enregistrement et \u00e0 la transmission d'images au\nmoyen de cam\u00e9ras install\u00e9es sur des a\u00e9ronefs\nConsid\u00e9rant que la disparition d'une personne vuln\u00e9rable n'est pas pr\u00e9visible et qu'elle n\u00e9cessite l'engagement de tous les moyens \nop\u00e9rationnels disponibles (patrouilles au sol, \u00e9quipe cynophile, h\u00e9licopt\u00e8res, drones, \u2026) d\u00e8s les premi\u00e8res heures de sa disparition ;\nConsid\u00e9rant que pour une intervention rapide qui s'av\u00e8re primordiale dans le cadre d'une proc\u00e9dure de recherche d'une personne \nvuln\u00e9rable disparue, il est n\u00e9cessaire d'anticiper la proc\u00e9dure d'autorisation de proc\u00e9der \u00e0 la captation, \u00e0 l'enregistrement et \u00e0 la \ntransmission d'images au moyen de cam\u00e9ras install\u00e9es sur des a\u00e9ronefs ;\nSur proposition de la directrice de cabinet ;\nARRETE\nArt. 1     :   Le colonel, commandant le groupement de gendarmerie d\u00e9partementale de la Manche est autoris\u00e9 \u00e0 proc\u00e9der \u00e0 la captation, \u00e0 \nl'enregistrement et \u00e0 la transmission d'images au moyen de cam\u00e9ras install\u00e9es sur des a\u00e9ronefs pour une p\u00e9riode de trois mois \u00e0 compter \nde la publication du pr\u00e9sent arr\u00eat\u00e9, \u00e0 l'occasion des op\u00e9rations de recherche de personnes vuln\u00e9rables disparues.\nArt. 2 : Le nombre maximal de cam\u00e9ras pouvant proc\u00e9der simultan\u00e9ment aux traitements mentionn\u00e9s \u00e0 l'article 1er est fix\u00e9 \u00e0 2 :\n3\nH\u00e9licopt\u00e8res de type H135 :\n- Marque : L-3 WESCAM\n- Type : MX-15i\n- Nombre de capteurs : 3\n- Type de capteurs :\n* EOW (Electro-Optic Wide)\n* EON (Electro-Optic Narrow)\n* IR (Infrared)\nDrone:\n- Marque : DJI\n- Mod\u00e8le Mavic 2 zoom\n- Cam\u00e9ra de 48 Mpixels\nSign\u00e9 : le Pr\u00e9fet : Xavier BRUNETIERE\n\uf0bf\nSOUS-PREFECTURE DE CHERBOURG\nArr\u00eat\u00e9 modificatif N\u00b0 2024-441 du 30 septembre 2024 portant nomination des membres de la commission de contr\u00f4le charg\u00e9e de la\nr\u00e9gularit\u00e9 des listes \u00e9lectorales dans la commune de Virandeville\nCONSID\u00c9RANT qu'il convient de nommer, dans chaque commune, les membres de la commission de contr\u00f4le charg\u00e9e de la r\u00e9gularit\u00e9 des \nlistes \u00e9lectorales pour une dur\u00e9e de trois ans et apr\u00e8s chaque renouvellement int\u00e9gral du conseil municipal,\nARRETE\nArt. 1er : L'article 1er de l'arr\u00eat\u00e9 N\u00b0 2023-CRLE- 123 du 6 juillet 2023 portant d\u00e9signation des membres de la commission de contr\u00f4le \ncharg\u00e9e de la r\u00e9gularit\u00e9 des listes \u00e9lectorales dans la commune de Virandeville est modifi\u00e9 ainsi :\nArt. 1er     : La commission de contr\u00f4le, institu\u00e9e dans la commune de Virandeville est compos\u00e9e comme suit \nConseiller municipal :\n- Mme Monique DOURNEL n\u00e9e ROHART (titulaire)\n- M. St\u00e9phen GRANGENET (suppl\u00e9ant)\nD\u00e9l\u00e9gu\u00e9 de l'administration :\n- M. G\u00e9rard LEVAVASSEUR  (titulaire)\n- M. Jean-Marie MOUCHEL (suppl\u00e9ant)\nD\u00e9l\u00e9gu\u00e9 du tribunal :\n- M. Bernard GIROUX (titulaire)\n- Mme Christelle MESSENT n\u00e9e OLIVIER (suppl\u00e9ante)\nLe reste de l'arr\u00eat\u00e9 est sans changement\nArt. 2     :   Le sous-pr\u00e9fet de Cherbourg et Monsieur le maire de la commune de Virandeville  sont charg\u00e9s, chacun en ce qui le concerne, de \nl'ex\u00e9cution du pr\u00e9sent arr\u00eat\u00e9 qui sera publi\u00e9 au recueil des actes administratifs de la pr\u00e9fecture de la Manche.\nSign\u00e9 : pour le Pr\u00e9fet et par d\u00e9l\u00e9gation, le Sous-pr\u00e9fet de Cherbourg : Jean RAMPON\nArr\u00eat\u00e9 SF / N\u00b024 \u2013 440 du 30 septembre 2024 portant habilitation dans le domaine fun\u00e9raire\nArt. 1er : L'\u00e9tablissement secondaire de la SAS AMARYLLIS exer\u00e7ant sous le nom commercial \u00ab Pompes Fun\u00e8bres AMARYLLIS \u00bb situ\u00e9 95 \nrue du Val de Saire \u00e0 Cherbourg-en-Cotentin et dont le si\u00e8ge social est situ\u00e9 25 rue Charles Delauney, ZA Le Pont \u00e0 Martinvast (50 690), \nexploit\u00e9 par Madame Laurence RAVEL-THOMMEN, repr\u00e9sentante l\u00e9gale, est habilit\u00e9, afin d'exercer sur l'ensemble du territoire national les \nactivit\u00e9s fun\u00e9raires suivantes :\n- Transport de corps avant et apr\u00e8s mise en bi\u00e8re\n- Organisation des obs\u00e8ques\n- Soins de conservation en sous-traitance avec la SARL JMEMBALMER, Saint-Hilaire-du-Harcou\u00ebt (50600) (habilitation n\u00b0 23-50-0016)\n- Fourniture de housses, de cercueils et de leurs accessoires int\u00e9rieurs et ext\u00e9rieurs ainsi que des urnes cin\u00e9raires\n- Fourniture de corbillards\n- Fourniture de personnel et des objets et prestations n\u00e9cessaires aux obs\u00e8ques, inhumations, exhumations et cr\u00e9mations\nArt. 2 :La pr\u00e9sente habilitation est d\u00e9livr\u00e9e sous le num\u00e9ro 24-50-0132 pour une dur\u00e9e de 5 ans, \u00e0 compter de la date du pr\u00e9sent arr\u00eat\u00e9.\n\u00c0 l'issue, une nouvelle habilitation pourra \u00eatre d\u00e9livr\u00e9e sous r\u00e9serve que la demande en soit pr\u00e9sent\u00e9e au moins trois mois avant la date \nd'\u00e9ch\u00e9ance de la pr\u00e9sente habilitation.\nArt. 3 :La pr\u00e9sente habilitation peut \u00eatre suspendue pour une dur\u00e9e maximum d'un an ou retir\u00e9e, apr\u00e8s mise en demeure, par le \nrepr\u00e9sentant de l'Etat dans le d\u00e9partement o\u00f9 les faits auront \u00e9t\u00e9 constat\u00e9s, pour les motifs suivants :\n- non-respect des dispositions du pr\u00e9sent code auxquelles sont soumises les r\u00e9gies, entreprises ou associations habilit\u00e9es conform\u00e9ment \u00e0 \nl'article L. 2223-23 ;\n- non-exercice ou cessation d'exercice des activit\u00e9s au titre desquelles elle a \u00e9t\u00e9 d\u00e9livr\u00e9e ;\n- Atteinte \u00e0 l'ordre public ou danger pour la salubrit\u00e9 publique.\nSign\u00e9 : pour le Pr\u00e9fet et par d\u00e9l\u00e9gation, le Sous-pr\u00e9fet de Cherbourg : Jean RAMPON\n\uf0bf\nDIRECTION DEPARTEMENTALE DE LA PROTECTION DES POPULATIONS\nArr\u00eat\u00e9 n\u00b0DDPP/2024-370 du 23 septembre 2024 attribuant l'habilitation sanitaire \u00e0 Madame Lou Anne Marie DONARD\nConsid\u00e9rant que  Madame Lou Anne Marie DONARD remplit les conditions permettant l'attribution de l'habilitation sanitaire,\nArt 1     : L'habilitation sanitaire pr\u00e9vue \u00e0 l'article L. 203-1 du code rural et de la p\u00eache maritime susvis\u00e9e est attribu\u00e9e pour une dur\u00e9e de 5 ans \n\u00e0  Madame Lou Anne Marie DONARD docteur v\u00e9t\u00e9rinaire administrativement domicili\u00e9: 665 route de Tessy \u2013 50000 ST LO.\nArt 2     : Dans la mesure o\u00f9 les conditions requises ont \u00e9t\u00e9 respect\u00e9es, cette habilitation sanitaire est renouvelable par p\u00e9riode de 5 ann\u00e9es \ntacitement reconduites sous r\u00e9serve pour le v\u00e9t\u00e9rinaire sanitaire de justifier \u00e0 l'issue de chaque p\u00e9riode de 5 ans, aupr\u00e8s du pr\u00e9fet de la \nManche, du respect de ses obligations de formation continue pr\u00e9vues \u00e0 l'article R. 203-12.\nArt 3 : Madame Lou Anne Marie DONARD  s'engage \u00e0 respecter les prescriptions techniques, administratives et le cas \u00e9ch\u00e9ant financi\u00e8res \nde mise en \u0153uvre des mesures de pr\u00e9vention, de surveillance ou de lutte prescrites par l'autorit\u00e9 administrative et des op\u00e9rations de police \nsanitaire ex\u00e9cut\u00e9es en application de l'article L. 203-7 du code rural et de la p\u00eache maritime.\nArt 4     : Madame Lou Anne Marie DONARD pourra \u00eatre appel\u00e9(e) par le pr\u00e9fet de ses d\u00e9partements d'exercice pour la r\u00e9alisation d'op\u00e9rations\nde police sanitaire au sein des lieux de d\u00e9tention ou des \u00e9tablissements pour lesquels il a \u00e9t\u00e9 d\u00e9sign\u00e9 v\u00e9t\u00e9rinaire sanitaire. Il sera tenu de \nconcourir \u00e0 ces op\u00e9rations en application des dispositions de l'article L. 203-7 du code rural et de la p\u00eache maritime\nArt 5     : Tout manquement ou faute commis dans l'exercice de la pr\u00e9sente habilitation sanitaire entra\u00eenera l'application des dispositions \npr\u00e9vues aux articles R. 203-15, R. 228-6 et suivants du code rural et de la p\u00eache maritime. \n4\nArt 6 : La pr\u00e9sente d\u00e9cision peut faire l'objet d'un recours devant le Tribunal Administratif de CAEN(14) dans un d\u00e9lai de deux mois \u00e0 \ncompter de la date de notification. Le tribunal administratif peut \u00eatre saisi par l'application informatique \"T\u00e9l\u00e9recours citoyens\" accessible par \nle site internet www.telerecours.fr .\nSign\u00e9  : La cheffe du service sant\u00e9 et protection animales :  Camille LE MOINE\nArr\u00eat\u00e9 pr\u00e9fectoral N\u00b0DDPP/2024-432 du 03 octobre 2024 attribuant l'habilitation sanitaire \u00e0 Madame Nolwenn DRONKA\nConsid\u00e9rant que  Madame Nolwenn DRONKA remplit les conditions permettant l'attribution de l'habilitation sanitaire,\nArt 1     : L'habilitation sanitaire pr\u00e9vue \u00e0 l'article L. 203-1 du code rural et de la p\u00eache maritime susvis\u00e9e est attribu\u00e9e pour une dur\u00e9e de 5 ans \n\u00e0  Madame Nolwenn DRONKA docteur v\u00e9t\u00e9rinaire administrativement domicili\u00e9: 8 Parc d'Activit\u00e9 de la Pommeraie \u2013 50640 LE TEILLEUL.\nArt 2     : Dans la mesure o\u00f9 les conditions requises ont \u00e9t\u00e9 respect\u00e9es, cette habilitation sanitaire est renouvelable par p\u00e9riode de 5 ann\u00e9es \ntacitement reconduites sous r\u00e9serve pour le v\u00e9t\u00e9rinaire sanitaire de justifier \u00e0 l'issue de chaque p\u00e9riode de 5 ans, aupr\u00e8s du pr\u00e9fet de la \nManche, du respect de ses obligations de formation continue pr\u00e9vues \u00e0 l'article R. 203-12.\nArt 3     : Madame Nolwenn DRONKA  s'engage \u00e0 respecter les prescriptions techniques, administratives et le cas \u00e9ch\u00e9ant financi\u00e8res de mise \nen \u0153uvre des mesures de pr\u00e9vention, de surveillance ou de lutte prescrites par l'autorit\u00e9 administrative et des op\u00e9rations de police sanitaire \nex\u00e9cut\u00e9es en application de l'article L. 203-7 du code rural et de la p\u00eache maritime.\nArt 4     : Madame Nolwenn DRONKA pourra \u00eatre appel\u00e9(e) par le pr\u00e9fet de ses d\u00e9partements d'exercice pour la r\u00e9alisation d'op\u00e9rations de \npolice sanitaire au sein des lieux de d\u00e9tention ou des \u00e9tablissements pour lesquels il a \u00e9t\u00e9 d\u00e9sign\u00e9 v\u00e9t\u00e9rinaire sanitaire. Il sera tenu de \nconcourir \u00e0 ces op\u00e9rations en application des dispositions de l'article L. 203-7 du code rural et de la p\u00eache maritime\nArt 5     : Tout manquement ou faute commis dans l'exercice de la pr\u00e9sente habilitation sanitaire entra\u00eenera l'application des dispositions \npr\u00e9vues aux articles R. 203-15, R. 228-6 et suivants du code rural et de la p\u00eache maritime. \nArt 6     : La pr\u00e9sente d\u00e9cision peut faire l'objet d'un recours devant le Tribunal Administratif de CAEN(14) dans un d\u00e9lai de deux mois \u00e0 \ncompter de la date de notification. Le tribunal administratif peut \u00eatre saisi par l'application informatique \"T\u00e9l\u00e9recours citoyens\" accessible par \nle site internet www.telerecours.fr .\nSign\u00e9  : La cheffe du service sant\u00e9 et protection animales :  Camille LE MOINE\n\uf0bf\nDIRECTION DEPARTEMENTALE DES TERRITOIRES ET DE LA MER\nArr\u00eat\u00e9 n\u00b0DDTM CM-S-2024-005 du 3 octobre 2024 portant autorisation de prolongation d'ouverture et d'exploitation provisoire de la\np\u00eache de palourdes (Venerupis philippinarum) dans la zone 50-18-19 Bricqueville \u00e0 Coudeville.\nConsid\u00e9rant la demande du Comit\u00e9 R\u00e9gional des P\u00eaches Maritimes et des \u00c9levages Marins (CRPMEM) de Normandie le 24 septembre \n2024 pour la prolongation de l'exploitation du gisement de palourdes (Venerupis philippinarum) situ\u00e9 dans la zone 50-18-19 Bricqueville \u00e0 \nCoudeville ; \nConsid\u00e9rant les r\u00e9sultats des analyses bact\u00e9riologiques effectu\u00e9es sur des pr\u00e9l\u00e8vements de palourdes r\u00e9colt\u00e9s au point REMI n\u00b0 018-P-122 \nsitu\u00e9 dans la zone 50-18-19 Bricqueville \u00e0 Coudeville entre le 4 juin 2024 et le 16 septembre 2024 ;\nSur proposition du directeur d\u00e9partemental des territoires et de la mer de la Manche ;\nA R R \u00ca T E\nArt. 1 : En application de la r\u00e9glementation sanitaire, la r\u00e9colte des palourdes (Venerupis philippinarum)  est autoris\u00e9e dans la zone n\u00b0 50-\n18-19 Bricqueville \u00e0 Coudeville \u00e0 compter de la signature du pr\u00e9sent arr\u00eat\u00e9 jusqu'au 30 mars 2025 \u00e9ventuellement renouvelable.\nLa d\u00e9limitation du gisement autoris\u00e9 pour la p\u00eache est d\u00e9finie comme suit et pr\u00e9cis\u00e9e dans l'annexe 1 jointe au pr\u00e9sent arr\u00eat\u00e9 :\n- limite nord : 100 m au sud des bouchots de Lingreville (coordonn\u00e9es g\u00e9ographiques WGS 84 : N 48\u00b055,6510' W 001\u00b033,6640'W / N \n48\u00b056,0360' W 001\u00b034,8380'  / N 48\u00b056,0050'  W 001\u00b035,7510')\n- limite sud : prolongement de la cale de Br\u00e9ville\n(N 48\u00b052,1450' W 001\u00b034,5470' / N 48\u00b052,2140 W 001\u00b035,4860')\n- limite ouest : laisse de basse mer\n- limite est : laisse de haute mer\nArt. 2 : La qualit\u00e9 sanitaire des coquillages r\u00e9colt\u00e9s est \u00e9tablie en cat\u00e9gorie B durant la p\u00e9riode autoris\u00e9e d\u00e9finie \u00e0 l'article 1.\nLes coquillages r\u00e9colt\u00e9s sont soumis \u00e0 une purification pr\u00e9alable \u00e0 leur mise \u00e0 la consommation humaine, dans un centre de purification \nagr\u00e9\u00e9. Les lots r\u00e9colt\u00e9s sont achemin\u00e9s dans ces centres accompagn\u00e9s d'un document d'enregistrement conform\u00e9ment \u00e0 la r\u00e9glementation.\nArt. 3 : Une surveillance bact\u00e9riologique du gisement de la zone est mise en place tout au long de l'exploitation selon une fr\u00e9quence \nbimensuelle.\nTout d\u00e9passement du seuil de 4600 E.coli/100g CLI donne lieu au d\u00e9clenchement d'une alerte et \u00e0 son suivi selon les modalit\u00e9s g\u00e9n\u00e9rales \nd\u00e9crites dans le cahier des sp\u00e9cifications techniques et m\u00e9thodologiques REMI et dans la note de service DGAL/SDSSA/N2013-8166 du 15 \noctobre 2013 sur les mesures de gestion lors d'alertes bact\u00e9riologiques dans les zones de production de coquillages.\nArt. 4 : Le non-respect des dispositions d\u00e9finies \u00e0 l'article 3  peut entra\u00eener la suspension ou le retrait de la pr\u00e9sente autorisation \nd'exploitation.\nArt. 5 : La fin de l'exploitation du gisement dans la zone est signal\u00e9e imm\u00e9diatement par le CRPMEM aupr\u00e8s du p\u00f4le cultures marines de la \nDDTM afin qu'un arr\u00eat\u00e9 pr\u00e9fectoral d'arr\u00eat d'exploitation soit pris.\nArt. 6 : Le pr\u00e9sent arr\u00eat\u00e9 modifie et remplace l'arr\u00eat\u00e9 du 28 juin 2024 n\u00b0 DDTM CM-S-2024-003 portant autorisation d'ouverture et \nd 'exploitation provisoire de la p\u00eache de palourdes (Venerupis philippinarum) dans la zone 50-18-19 Bricqueville \u00e0 Coudeville.\nSign\u00e9 : le Pr\u00e9fet : Xavier BRUNETIERE\nAnnexe 1 :\n5\nlimite au | laisse de t\n6\n\n\uf0bf\nDIRECTION DEPARTEMENTALE DE L'EMPLOI, DU TRAVAIL ET DES SOLIDARITES\nArr\u00eat\u00e9 du 3 octobre 2024 donnant subd\u00e9l\u00e9gation de signature du directeur d\u00e9partemental de l'emploi, du travail et des solidarit\u00e9s\nde la Manche\nVU le code de l'action sociale et des familles ;\nVU le code de la sant\u00e9 publique ;\nVU le code g\u00e9n\u00e9ral des collectivit\u00e9s territoriales ;\nVU le code civil ;\nVU le code du commerce ;\nVU le code de la consommation\nVU  le code de l'entr\u00e9e et du s\u00e9jour des \u00e9trangers et du droit d'asile ;\nVU le code du travail ;\nVU la loi du 4 juillet 1837 modifi\u00e9e relative au syst\u00e8me m\u00e9trique et \u00e0 la v\u00e9rification des poids et mesures ;\nVU la loi du 1er juillet 1901 relative au contrat d'association ;\nVU la loi n\u00b0 68-5 du 3 janvier 1968 modifi\u00e9e relative \u00e0 la r\u00e9forme du droit des incapables majeurs ;\nVU la loi n\u00b0 82-213 du 2 mars 1982 modifi\u00e9e relative aux droits et libert\u00e9s des communes, des d\u00e9partements et des r\u00e9gions ;\nVU la loi n\u00b0 84-16 du 11 janvier 1984 modifi\u00e9e portant dispositions statutaires relatives \u00e0 la fonction publique de l'\u00c9tat ;\nVU la loi d'orientation n\u00b0 92-125 du 6 f\u00e9vrier 1992 modifi\u00e9e relative \u00e0 l'administration territoriale de la R\u00e9publique ;\nVU le d\u00e9cret n\u00b0 86-442 du 14 mars 1986 modifi\u00e9 relatif \u00e0 la d\u00e9signation des m\u00e9decins agr\u00e9\u00e9s, \u00e0 l'organisation des comit\u00e9s m\u00e9dicaux et des \ncommissions de r\u00e9forme, aux conditions d'aptitude physique pour l'admission aux emplois publics et au r\u00e9gime de cong\u00e9s de maladie des \nfonctionnaires ;\nVU le d\u00e9cret n\u00b0 97-34 du 15 janvier 1997 modifi\u00e9 relatif \u00e0 la d\u00e9concentration des d\u00e9cisions individuelles ;\nVU le d\u00e9cret n\u00b0 2004-374 du 29 avril 2004 modifi\u00e9 relatif aux pouvoirs des pr\u00e9fets, \u00e0 l'organisation et \u00e0 l'action des services de l'\u00c9tat dans \nles r\u00e9gions et d\u00e9partements et notamment ses articles 44 et 59 ; \nVU le d\u00e9cret n\u00b0 2009-1484 du 3 d\u00e9cembre 2009 modifi\u00e9 relatif aux directions d\u00e9partementales interminist\u00e9rielles ;\nVU le d\u00e9cret n\u00b0 2015-510 du 7 mai 2015 portant charte de la d\u00e9concentration ;\nVU le d\u00e9cret N\u00b0 2015-1689 du 17 d\u00e9cembre 2015 portant diverses mesures d'organisation et de fonctionnement dans les r\u00e9gions de \nl'administration territoriale de l'\u00c9tat et des commissions administratives ;\nVU le d\u00e9cret n\u00b0 2018-514 du 25 juin 2018 relatif aux subventions de l'\u00c9tat pour des projets d'investissement ;\nVU le d\u00e9cret N\u00b0 2020-1545 du 9 d\u00e9cembre 2020 relatif \u00e0 l'organisation et aux missions des directions r\u00e9gionales de l'\u00e9conomie, de l'emploi, \ndu travail et des solidarit\u00e9s, des directions d\u00e9partementales de l'emploi, du travail et des solidarit\u00e9s et des directions d\u00e9partementales de \nl'emploi, du travail, des solidarit\u00e9s et de la protection des populations ;\nVU le d\u00e9cret du 13 juillet 2023 portant nomination de M. Xavier BRUNETIERE, pr\u00e9fet de la Manche ;\nVU l'arr\u00eat\u00e9 minist\u00e9riel du 31 mars 2011 portant d\u00e9concentration des d\u00e9cisions relatives \u00e0 la situation individuelle des fonctionnaires et agents\nnon titulaires exer\u00e7ant leurs fonctions dans les directions d\u00e9partementales interminist\u00e9rielles ;\nVU l'arr\u00eat\u00e9 du ministre de l'int\u00e9rieur et des outre-mer du 1er septembre 2022 portant nomination de M. Christophe LECOMTE, inspecteur de \nclasse exceptionnelle de l'action sanitaire et sociale, en qualit\u00e9 de directeur d\u00e9partemental de l'emploi, du travail et des solidarit\u00e9s de la \nManche \u00e0 compter du 1er octobre 2022 ;\nVU l'arr\u00eat\u00e9 pr\u00e9fectoral du 29 mars 2021 portant organisation de la direction d\u00e9partementale de l'emploi, du travail et des solidarit\u00e9s ;\nVU l'arr\u00eat\u00e9 du ministre de l'int\u00e9rieur et des outre-mer du 18 juin 2024 portant nomination de M. Franck THOMAS, attach\u00e9 principal de \nl'administration de l'Etat, en qualit\u00e9 de directeur d\u00e9partemental adjoint de l'emploi, du travail et des solidarit\u00e9s de la Manche ;     \nVU l'arr\u00eat\u00e9 pr\u00e9fectoral N\u00b0 2024 - 15 du 04 juillet 2024 donnant d\u00e9l\u00e9gation de signature \u00e0 M. Christophe LECOMTE, directeur d\u00e9partemental \nde l'emploi, du travail et des solidarit\u00e9s ;\nVU l'arr\u00eat\u00e9 du ministre de l'int\u00e9rieur et des outre \u2013 mer du 2 septembre 2024 portant nomination de M. Bruno GUILLEM, directeur adjoint du \ntravail, en qualit\u00e9 de directeur d\u00e9partemental adjoint de l'emploi, du travail et des solidarit\u00e9s de la Manche ;    \nA R R E T E\nArt. 1     : Subd\u00e9l\u00e9gation de signature est donn\u00e9e \u00e0 Messieurs Franck THOMAS et Bruno GUILLEM, directeurs adjoints de la direction \nd\u00e9partementale de l'emploi, du travail et des solidarit\u00e9s de la Manche \u00e0 l'effet de signer tous actes, d\u00e9cisions, rapports, arr\u00eat\u00e9s, \ncorrespondances, documents et mesures de gestion relevant de la comp\u00e9tence de la direction d\u00e9partementale de l'emploi, du travail et des \nsolidarit\u00e9s, selon les annexes jointes, \u00e0 l'exception : \n1 - des courriers aux parlementaires, au pr\u00e9sident du conseil r\u00e9gional et au pr\u00e9sident du conseil         d\u00e9partemental ;\n2 - des r\u00e9ponses aux courriers r\u00e9serv\u00e9s du pr\u00e9fet et les d\u00e9cisions sur les dossiers faisant l'objet d'une \u00e9vocation par le pr\u00e9fet ;\n3 - des courriers adress\u00e9s aux minist\u00e8res, sauf ceux entrant dans le cadre du fonctionnement administratif courant ;\n4 - des d\u00e9cisions ou arr\u00eat\u00e9s pr\u00e9fectoraux \u00e0 port\u00e9e r\u00e9glementaire ;\n5 - des circulaires, ainsi que des courriers aux maires, pr\u00e9sidents d'\u00e9tablissements publics de coop\u00e9ration intercommunale (EPCI) et \npr\u00e9sidents des chambres consulaires faisant part de la position de l'Etat sur une question d'ordre g\u00e9n\u00e9ral ;\n6 - des arr\u00eat\u00e9s pr\u00e9fectoraux portant composition des commissions d\u00e9partementales et les arr\u00eat\u00e9s pr\u00e9fectoraux de d\u00e9signation ;\n7 -  de l'approbation des chartes, protocoles, conventions et sch\u00e9mas d\u00e9partementaux ;\n8 - des conventions, contrats ou chartes de port\u00e9e g\u00e9n\u00e9rale avec une collectivit\u00e9 territoriale ou un EPCI ;\n9 - les d\u00e9cisions ou arr\u00eat\u00e9s pr\u00e9fectoraux suivants :\n- les fermetures, les suspensions d'activit\u00e9, et les suspensions ou retraits d'agr\u00e9ment, des \u00e9tablissements \u00e0 caract\u00e8re, social et associatif ;\n- les agr\u00e9ments d'organismes en vue d'assurer la gestion locative et sociale de r\u00e9sidences sociales ;\n- les agr\u00e9ments d'associations dont l'un des objets est l'insertion ou le logement des personnes d\u00e9favoris\u00e9es ou des associations de \nd\u00e9fense des personnes en situation d'exclusion pouvant accompagner les m\u00e9nages aupr\u00e8s de la commission de \nm\u00e9diation ;\n- les d\u00e9cisions d'attribution de subventions ou dotations d'un montant \u00e9gal ou sup\u00e9rieur \u00e0 23 000 \u20ac.\n10 - les d\u00e9clinatoires de comp\u00e9tence et arr\u00eat\u00e9s de conflit r\u00e9gis par la loi du 24 mai 1872      modifi\u00e9e relative au Tribunal des conflits.\nArt. 2 : Subd\u00e9l\u00e9gation de signature est donn\u00e9e aux agents d\u00e9sign\u00e9s ci-apr\u00e8s dans la limite des r\u00e9f\u00e9rences indiqu\u00e9es ci-dessous et figurant \ndans les annexes de la d\u00e9l\u00e9gation de signature du 04 juillet 2024 conf\u00e9r\u00e9e \u00e0 M. Christophe LECOMTE, directeur d\u00e9partemental de l'emploi, \ndu travail et des solidarit\u00e9s, \u00e0 l'exception des sanctions disciplinaires du premier groupe (l'avertissement et le bl\u00e2me) qui demeurent \nsoumises \u00e0 la signature de M. Christophe LECOMTE, directeur,\n    \u2022 Pour le p\u00f4le solidarit\u00e9s actives, \u00e0 Mme Isabelle DENIS, attach\u00e9e principale de l'administration de l'\u00c9tat, cheffe de p\u00f4le et \u00e0 M. Jean \u2013 \nCharles ROUSSEAU, attach\u00e9 principal de l'administration de l'Etat, adjoint \u00e0 la cheffe de p\u00f4le, dans le domaine relevant de l'annexe 2. En \ncas d'absence ou d'emp\u00eachement de la cheffe du p\u00f4le solidarit\u00e9s actives ou de son adjoint :\n        \u25e6 les actes de gestion courante concernant le conseil de famille des pupilles de l'\u00c9tat et la tutelle, la CCAPEX et le DALO peuvent \u00eatre \nmis \u00e0 la signature de M. Arnaud VAN ROSSEN, attach\u00e9 de l'administration de l'\u00c9tat ;\n        \u25e6 les actes de gestion courante concernant l'h\u00e9bergement, l'insertion, et la veille sociale peuvent \u00eatre mis \u00e0 la signature de M. Didier \nCHOPPE, attach\u00e9 d'administration de l'Etat ;\n7\n    \u2022 Pour le p\u00f4le \u00e9galit\u00e9 des chances, entreprises et comp\u00e9tences, \u00e0 Mme Perrine BLAY, directrice adjointe du travail, cheffe de p\u00f4le dans \nles domaines relevant de l'emploi, formation professionnelle, travail et politique de la ville ; vis\u00e9s dans les annexes 3, 6. En cas d'absence ou\nd'emp\u00eachement de la cheffe du p\u00f4le \u00e9galit\u00e9 des chances, entreprises et comp\u00e9tences tous les documents, d\u00e9cisions ou correspondances \npeuvent \u00eatre mis \u00e0 la signature de :\n- M. Bruno COLLOMB, directeur adjoint du travail,\n- Mme Pamela GBETI, directrice adjointe du travail,\n- Mme V\u00e9ronique LABICHE, attach\u00e9e principale d'administration de l'\u00c9tat,\n- Mme Aude FORESTIER-GIRARD, attach\u00e9e de l'administration de l'\u00c9tat,\n- Mme Ludivine LEJUEZ, charg\u00e9e de mission d\u00e9partementale de l'insertion par l'activit\u00e9 \u00e9conomique,\n- Mme Gwladys ALLENO, charg\u00e9e de mission handicap et insertion par l'emploi,\n- Mme Fran\u00e7oise FOUQUERAY, cheffe de l'unit\u00e9 anticipation, accompagnement des mutations \u00e9conomiques, \n- Mme Martine SAVARY, inspectrice du travail,\n- Mme Aur\u00e9lie LELANDAIS, attach\u00e9e de l'administration de l'Etat, \n    \u2022 Pour l'Unit\u00e9 Section Centrale Travail (SCT), \u00e0 Mme Martine SAVARY, cheffe de service SCT / Renseignements dans les domaines vis\u00e9s\ndans l'annexe 7. En cas d'absence ou d'emp\u00eachement de la cheffe de service tous les documents, d\u00e9cisions ou correspondances peuvent \n\u00eatre mis \u00e0 la signature de :\n- M. Bruno COLLOMB, directeur adjoint du travail,\n- Mme Pamela GBETI, directrice adjointe du travail,\n- Mme Perrine BLAY, directrice adjointe du travail,\n- Mme V\u00e9ronique LABICHE, attach\u00e9e principale d'administration de l'\u00c9tat,\n- Mme Aude FORESTIER-GIRARD, attach\u00e9e de l'administration de l'\u00c9tat,\n- Mme Ludivine LEJUEZ, charg\u00e9e de mission d\u00e9partementale de l'insertion par l'activit\u00e9 \u00e9conomique,\n- Mme Gwladys ALLENO, charg\u00e9e de mission handicap et insertion par l'emploi,\n- Mme Fran\u00e7oise FOUQUERAY, cheffe de l'unit\u00e9 anticipation, accompagnement des mutations \u00e9conomiques,\n- Mme Aur\u00e9lie LELANDAIS, attach\u00e9e de l'administration de l'Etat, \nPour les d\u00e9cisions et documents relevant de la gestion du personnel vis\u00e9s \u00e0 l'annexe 8, \u00e0 l'exception, des sanctions disciplinaires de premier\ngroupe, \u00e0 :\n- Mme COLLEDANI GALPIN, directrice du secr\u00e9tariat g\u00e9n\u00e9ral commun \n- M. Fr\u00e9d\u00e9ric DUVAL, attach\u00e9 principal d'administration de l'\u00c9tat,\n- Mme Milcah BAUDEVEIX, attach\u00e9e d'administration de l'\u00c9tat.\nArt. 2 : Toute disposition ant\u00e9rieure est abrog\u00e9e.\nSign\u00e9 : Le directeur d\u00e9partemental de l'emploi, du travail et des solidarit\u00e9s : Christophe LECOMTE\nANNEXE 1 : ADMINISTRATION ET ORGANISATION GENERALE\nToutes les d\u00e9cisions et mesures de gestion des personnels titulaires et non titulaires en application de l'arr\u00eat\u00e9 minist\u00e9riel du 31 mars 2011 \nmodifi\u00e9 portant d\u00e9concentration des d\u00e9cisions relatives \u00e0 la situation individuelle des fonctionnaires et agents non titulaires exer\u00e7ant leur \nfonction dans les directions d\u00e9partementales interminist\u00e9rielles, y compris les sanctions disciplinaires du premier groupe (l'avertissement et \nle bl\u00e2me).\nSont express\u00e9ment exclus les actes relatifs \u00e0 la situation individuelle des membres des corps de l'inspection et des contr\u00f4leurs du travail qui \nrel\u00e8vent du ministre charg\u00e9 du travail et de l'emploi conform\u00e9ment aux dispositions de l'article 5 du d\u00e9cret N\u00b0 2020-1545 du 9 d\u00e9cembre \n2020 relatif \u00e0 l'organisation et aux missions des directions r\u00e9gionales de l'\u00e9conomie, de l'emploi, du travail et des solidarit\u00e9s, des directions \nd\u00e9partementales de l'emploi, du travail et des solidarit\u00e9s et des directions d\u00e9partementales de l'emploi, du travail, des solidarit\u00e9s et de la \nprotection des populations.\nAffectations \u00e0 des postes de travail des agents, \u00e0 l'exclusion des mutations qui entra\u00eenent un changement de r\u00e9sidence ou une modification \nde la situation de l'agent int\u00e9ress\u00e9 au sens de l'article 60 de la loi du 11 janvier 1984 susvis\u00e9e.\nFixation des droits acquis par les agents pouvant donner lieu \u00e0 r\u00e9mun\u00e9ration ou \u00e0 indemnisation.\nArr\u00eat\u00e9 de d\u00e9finition des fonctions ouvrant droit \u00e0 l'attribution de points de NBI et d\u00e9termination du nombre de points correspondant \u00e0 \nchacune de ces fonctions. Arr\u00eat\u00e9s individuels d'attribution de points d'indice dans le cadre de la nouvelle bonification indiciaire.\nNotation et \u00e9valuation des agents\nTous actes, d\u00e9cisions, rapports, correspondances, documents et mesures de gestion concernant :\n- le r\u00e8glement int\u00e9rieur local\n- le comit\u00e9 social d'administration (CSA) et sa formation sp\u00e9cialis\u00e9e (CSA FS)\n- les plans de continuit\u00e9 d'activit\u00e9s et autres plans de pand\u00e9mie\n- les d\u00e9placements des agents (ordres de missions uniquement)\n- la s\u00e9curit\u00e9 du b\u00e2timent sis 1 bis Rue de la Lib\u00e9ration \u00e0 Saint-L\u00f4 (en qualit\u00e9 de chef d'\u00e9tablissement uniquement)\nArr\u00eat\u00e9 pr\u00e9fectoral portant d\u00e9signation des membres du comit\u00e9 social d'administration.\nANNEXE 2 : POLITIQUES SOCIALES\nTous actes, d\u00e9cisions, rapports, correspondances, documents et mesures de gestion concernant :\n- l'h\u00e9bergement \n- les centres d'h\u00e9bergement et de r\u00e9insertion sociale (CHRS)\n- les centres d'accueil des demandeurs d'asile (CADA)\n- les centres provisoires d'h\u00e9bergement (CPH)\n- l'int\u00e9gration des b\u00e9n\u00e9ficiaires de la protection internationale et des primo-arrivants\n- le plan d\u00e9partemental d'action pour le logement et l'h\u00e9bergement des personnes d\u00e9favoris\u00e9es (PDALHPD) et son annexe le sch\u00e9ma de la \ndomiciliation\n- le diagnostic partag\u00e9 360\u00b0\n- le droit au logement opposable (DALO)\n- la commission d\u00e9partementale de coordination des actions de pr\u00e9ventions des expulsions locatives (CCAPEX)\n- le plan hivernal (ou plan saisonnier)\n- la veille sociale (115, accueil de jour, \u00e9quipes mobiles, service int\u00e9gr\u00e9 de l'accueil et de l'orientation \u2013 SIAO)\n- le logement adapt\u00e9 \u2013 r\u00e9sidences sociales, maisons relais, pensions de famille, interm\u00e9diation locative, l'accompagnement vers et dans le \nlogement (AVDL)\n- l'aide sociale\n- le plan \u00ab logement d'abord \u00bb\n- l'aide alimentaire\n- le sch\u00e9ma des services aux familles\n- le conseil de famille et le suivi des pupilles de l'\u00c9tat\n- le conseil m\u00e9dical\n- la protection juridique des majeurs\n- les points conseil budget\n- les contrats pluri-annuels d'objectifs et de moyens (C.P.O.M)\n8\n- la gestion de crises notamment sanitaires ou humanitaires\n- les missions d'inspection, \u00e9valuation et contr\u00f4le (ICE)\nANNEXE 3 : POLITIQUE DE LA VILLE\nTous actes, d\u00e9cisions, rapports, correspondances, documents et mesures de gestion concernant :\n- les subventions ANCT (Politique de la ville)\n- les adultes relais\nANNEXE 4 : DROIT DES FEMMES et EGALITE\nTous actes, d\u00e9cisions, rapports, correspondances, documents de gestion, hors des exceptions mentionn\u00e9es \u00e0 l'article 1 du pr\u00e9sent arr\u00eat\u00e9\nANNEXE 5 : GREFFE DES ASSOCIATIONS\nTous actes, d\u00e9cisions, rapports, correspondances, documents et mesures de gestion concernant :\n- d\u00e9livrance des r\u00e9c\u00e9piss\u00e9s de cr\u00e9ation, de modification, de dissolution des associations\nANNEXE  6 : EMPLOI ET FORMATION PROFESSIONNELLE\nTous actes, d\u00e9cisions, rapports, correspondances, documents et mesures de gestion concernant :\n- Fonds national de l'Emploi\n- Activit\u00e9 partielle\n- Obligation de revitalisation\n- Travailleurs priv\u00e9s d'emploi\n- Promotion de l'Emploi\n- Travailleurs handicap\u00e9s\n- S.C.O.P\n- Comit\u00e9s de bassin d'emploi\nANNEXE  7 : TRAVAIL\nTous actes, d\u00e9cisions, rapports, correspondances, documents et mesures de gestion concernant :\n- Salaires et cong\u00e9s pay\u00e9s\n- Conseillers du salari\u00e9\n- Repos hebdomadaire et d\u00e9cisions de fermeture\n- M\u00e9dailles du travail\n- Placement priv\u00e9\n- Enfants et jeunes de moins de 18 ans\n- Apprentissage alternance\n- H\u00e9bergement du personnel\nANNEXE 8 : GESTION DU PERSONNEL\nTous actes, d\u00e9cisions, documents concernant :\n- Arr\u00eat\u00e9s individuels relatifs \u00e0 la position administrative de l'agent dont la signature est d\u00e9mat\u00e9rialis\u00e9e dans Renoirh tels que : temps partiels,\ncong\u00e9s de longue maladie, cong\u00e9s de longue dur\u00e9e, temps partiel th\u00e9rapeutique, cong\u00e9 parental, cong\u00e9 de maternit\u00e9 ...\n- Contrats de recrutement des contractuels dont la signature est d\u00e9mat\u00e9rialis\u00e9e dans Renoirh\n- Tous documents li\u00e9s \u00e0 la gestion  courante du personnel tels que : \u00e9tats liquidatifs pour les jours de carence, remboursements \nabonnements de transports, mise en paiement des jours de CET \u2026.\nArr\u00eat\u00e9 du 3 octobre 2024 donnant subd\u00e9l\u00e9gation de signature du directeur d\u00e9partemental de l'emploi, du travail et des solidarit\u00e9s\nde la Manche en mati\u00e8re de droit du travail,\nVU le code du travail, notamment son article R.8122-2 ;\nVU le code rural et de la p\u00eache maritime ; \nVU le d\u00e9cret n\u00b02020 - 1545 du 9 d\u00e9cembre 202 relatif \u00e0 l'organisation et aux missions des directions r\u00e9gionales de l'\u00e9conomie, de l'emploi, \ndu travail et des solidarit\u00e9s, des directions d\u00e9partementales de l'emploi, du travail, des solidarit\u00e9s et de la protection des populations ;\nVU le d\u00e9cret n\u00b02013 - 1172 du 18 d\u00e9cembre 2013 portant d\u00e9l\u00e9gation de signature ; \nVU le d\u00e9cret n\u00b02014 \u2013 359 du 20 mars 2014 modifi\u00e9 relatif \u00e0 l'organisation du syst\u00e8me d'inspection du travail ;\nVU le d\u00e9cret n\u00b02015 \u2013 1689 du 17 d\u00e9cembre 2015 portant diverses mesures d'organisation et de fonctionnement dans les r\u00e9gions de \nl'administration territoriale de l'Etat et des commissions administratives ; \nVU l'arr\u00eat\u00e9 du minist\u00e8re de l'int\u00e9rieur et des outre \u2013 mer du 1er septembre 2022 portant nomination de M. Christophe LECOMTE, inspecteur \nde classe exceptionnelle de l'action sanitaire et sociale, en qualit\u00e9 de directeur d\u00e9partemental de l'emploi, du travail et des solidarit\u00e9s de la \nManche \u00e0 compter du 1er octobre 2022 ; \nVU la d\u00e9cision du 23 septembre 2024 de Mme Catherine PERNETTE, directrice r\u00e9gionale de l'\u00e9conomie, de l'emploi, du travail et des \nsolidarit\u00e9s de Normandie donnant d\u00e9l\u00e9gation de signature \u00e0 M. Christophe LECOMTE, directeur d\u00e9partemental de l'emploi, du travail et des \nsolidarit\u00e9s de la Manche ;\nVU l'arr\u00eat\u00e9 du minist\u00e8re de l'int\u00e9rieur et des outre \u2013 mer du 2 septembre 2024 portant nomination de M. Bruno GUILLEM, directeur adjoint du\ntravail, en qualit\u00e9 de directeur d\u00e9partemental adjoint de l'emploi, du travail et des solidarit\u00e9s de la Manche ; \nVU la d\u00e9cision en date du 4 mars 2024 portant affectation des responsables d'unit\u00e9s de contr\u00f4le et des agents de contr\u00f4le et organisation de\nleur int\u00e9rim dans les unit\u00e9s de contr\u00f4le de la direction d\u00e9partementale de l'emploi, du travail et des solidarit\u00e9s de la Manche ; \nA R R E T E\nArt.1 :  Subd\u00e9l\u00e9gation de signature est donn\u00e9e \u00e0 M. Bruno GUILLEM, directeur adjoint du travail, directeur d\u00e9partemental adjoint de l'emploi,\ndu travail et des solidarit\u00e9s de la direction d\u00e9partementale de l'emploi, du travail et des solidarit\u00e9s de la Manche, \u00e0 l'effet de signer au nom \nde la directrice r\u00e9gionale de l'\u00e9conomie, de l'emploi, du travail et des solidarit\u00e9s de Normandie, les d\u00e9cisions, actes administratifs, avis et \ncorrespondances mentionn\u00e9s dans l'annexe de la pr\u00e9sente d\u00e9cision dans les limites du ressort territorial de la direction d\u00e9partementale de \nl'emploi, du travail et des solidarit\u00e9s (DDETS) de la Manche ;    \nArt. 2 : En cas d'absence ou d'emp\u00eachement de M. Bruno GUILLEM, directeur d\u00e9partemental adjoint de la direction d\u00e9partementale de \nl'emploi, du travail et des solidarit\u00e9s de la Manche, les subd\u00e9l\u00e9gations sont successivement exerc\u00e9es en fonction des absences ou \nemp\u00eachements par les agents suivants : \n    \u2022 M. Bruno COLLOMB, directeur adjoint du travail, responsable d'unit\u00e9 de contr\u00f4le ;\n    \u2022 Mme Pamela GBETI, directrice adjointe du travail, responsable d'unit\u00e9 de contr\u00f4le ;\n    \u2022 Mme Perrine BLAY, directrice adjointe du travail, responsable du p\u00f4le \u00e9galit\u00e9 des chances, entreprises & comp\u00e9tences.\nArt. 3 : Ces dispositions sont applicables \u00e0 compter du 1er octobre 2024 et apr\u00e8s publication du pr\u00e9sent arr\u00eat\u00e9 au recueil des actes \nadministratifs.\nArt. 4     : L'arr\u00eat\u00e9 de subd\u00e9l\u00e9gation de signature du 7 juin 2024 est abrog\u00e9 \u00e0 compter de l'entr\u00e9e en vigueur du pr\u00e9sent arr\u00eat\u00e9.\nSign\u00e9: le directeur d\u00e9partemental de l'emploi, du travail et des solidarit\u00e9s de la Manche : Christophe LECOMTE\n9\nArr\u00eat\u00e9 du 3 octobre 2024 donnant subd\u00e9l\u00e9gation de signature du directeur d\u00e9partemental de l'emploi, du travail et des solidarit\u00e9s\npour l'ordonnancement secondaire des recettes et des d\u00e9penses imput\u00e9es sur les programmes cit\u00e9s \u00e0 l'article 1 du pr\u00e9sent arr\u00eat\u00e9\ndu budget de l'\u00c9tat\nVU la loi organique n\u00b0 2001-692 du 1er ao\u00fbt modifi\u00e9e relative aux lois des finances ;\nVU la loi n\u00b0 68-1250 du 31 d\u00e9cembre 1968 relative \u00e0 la prescription des cr\u00e9ances de l'\u00c9tat, les d\u00e9partements, les communes et les \n\u00e9tablissements publics modifi\u00e9es ;\nVU la loi n\u00b0 82-213 du 2 mars 1982 relative aux droits et libert\u00e9s des communes, des d\u00e9partements et des r\u00e9gions ;\nVU la loi d'orientation n\u00b0 92-125 du 6 f\u00e9vrier 1992 modifi\u00e9e relative \u00e0 l'administration territoriale de la R\u00e9publique ;\nVU le d\u00e9cret n\u00b0 2004-374 du 29 avril 2004 modifi\u00e9 relatif aux pouvoirs des pr\u00e9fets, \u00e0 l'organisation et \u00e0 l'action des services de l'\u00c9tat dans \nles r\u00e9gions et d\u00e9partements ; \nVU le d\u00e9cret n\u00b0 2009-1484 du 3 d\u00e9cembre 2009 relatif aux directions interminist\u00e9rielles modifi\u00e9es par le d\u00e9cret n\u00b0 2020-1050 du 14 ao\u00fbt \n2020 et par le d\u00e9cret n\u00b0 2020-1545 du 9 d\u00e9cembre 2020 ;\nVU le d\u00e9cret n\u00b0 2012-1246 du 7 novembre 2012 relatif \u00e0 la gestion budg\u00e9taire et comptable publique ;\nVU le d\u00e9cret n\u00b0 2020-99 du 7 f\u00e9vrier 2020 entrant en vigueur le 1er janvier 2021 relatif \u00e0 l'organisation et aux missions des secr\u00e9tariats \ng\u00e9n\u00e9raux communs d\u00e9partementaux ;\nVU le d\u00e9cret N\u00b0 2020-1545 du 9 d\u00e9cembre 2020 relatif \u00e0 l'organisation et aux missions des directions r\u00e9gionales de l'\u00e9conomie, de l'emploi, \ndu travail et des solidarit\u00e9s, des directions d\u00e9partementales de l'emploi, du travail et des solidarit\u00e9s et des directions d\u00e9partementales de \nl'emploi, du travail, des solidarit\u00e9s et de la protection des populations ;\nVU le d\u00e9cret du 13 juillet 2023 portant nomination de M. Xavier BRUNETIERE, pr\u00e9fet de la Manche ;\nVU l'arr\u00eat\u00e9 pr\u00e9fectoral du 29 mars 2021 portant organisation de la direction d\u00e9partementale de l'emploi, du travail et des solidarit\u00e9s ;\nVU l'arr\u00eat\u00e9 du ministre de l'int\u00e9rieur et des outre-mer du 1er septembre 2022 portant nomination de M, Christophe LECOMTE, inspecteur de \nclasse exceptionnelle de l'action sanitaire et sociale, en qualit\u00e9 de directeur d\u00e9partemental de l'emploi, du travail et des solidarit\u00e9s de la \nManche \u00e0 compter du 1er octobre 2022 ;\nVU l'arr\u00eat\u00e9 2023 \u2013 84 VN du 23 ao\u00fbt 2023 donnant d\u00e9l\u00e9gation de signature \u00e0 M. Christophe LECOMTE directeur d\u00e9partemental de l'emploi, \ndu travail et des solidarit\u00e9s pour l'ordonnancement secondaire des recettes et des d\u00e9penses imput\u00e9es sur les programmes cit\u00e9s \u00e0 l'article 1 \ndu pr\u00e9sent arr\u00eat\u00e9 ;\nVU l'arr\u00eat\u00e9 du minist\u00e8re de l'int\u00e9rieur et des outre-mer du 18 juin 2024 portant nomination de M. Franck THOMAS, attach\u00e9 principal de \nl'administration de l'Etat, en qualit\u00e9 de directeur d\u00e9partemental adjoint de l'emploi, du travail et des solidarit\u00e9s de la Manche ;\nVU l'arr\u00eat\u00e9 du minist\u00e8re de l'int\u00e9rieur et des outre \u2013 mer du 2 septembre 2024 portant nomination de M. Bruno GUILLEM, directeur adjoint du\ntravail, en qualit\u00e9 de directeur d\u00e9partemental adjoint de l'emploi, du travail et des solidarit\u00e9s de la Manche ;   \nA R R E T E\nArticle 1 : Subd\u00e9l\u00e9gation est donn\u00e9e \u00e0 M. Franck THOMAS, M. Bruno GUILLEM,  Mme Isabelle DENIS, Mme Perrine BLAY, M. Jean \u2013 \nCharles ROUSSEAU et M. Didier CHOPPE \u00e0 l'effet de proc\u00e9der \u00e0 l'ordonnancement secondaire des recettes et des d\u00e9penses de l'\u00c9tat \nimput\u00e9es sur titres relevant des programmes cit\u00e9s ci-apr\u00e8s dans le cadre des budgets op\u00e9rationnels de programme (BOP) suivants :\nLibell\u00e9s des programmes N\u00b0 BOP\nInt\u00e9gration et acc\u00e8s \u00e0 la nationalit\u00e9 fran\u00e7aise 104\nUrbanisme, territoires et am\u00e9lioration de l'habitat 135\nPolitique de la ville 147\nHandicap et d\u00e9pendance 157\nH\u00e9bergement, parcours vers le logement et insertion des personnes vuln\u00e9rables 177\nImmigration et asile 303\nInclusion sociale et protection des personnes 304\nSubd\u00e9l\u00e9gation est donn\u00e9e \u00e0 Mme Aude FORESTIER-GIRARD pour le BOP 147.\nCette subd\u00e9l\u00e9gation porte sur l'engagement, la liquidation, l'ordonnancement et d'en constater le service fait des d\u00e9penses et sur l'ex\u00e9cution\ndes recettes (constatation des droits et obligations, liquidations des recettes et \u00e9mission des ordres de recouvrement).\nArticle 2 : Subd\u00e9l\u00e9gation est donn\u00e9e aux utilisateurs ci-dessous \u00e0 l'effet d'engager dans CHORUS DT, les d\u00e9penses de la DDETS 50, par la \nvalidation des ordres de mission :\nM. Franck THOMAS, directeur-adjoint\nM. Bruno GUILLEM, directeur adjoint\nMme Isabelle DENIS, cheffe du p\u00f4le solidarit\u00e9s actives\nMme Perrine BLAY, cheffe du p\u00f4le \u00e9galit\u00e9 des chances, entreprises et comp\u00e9tences\nMme Martine SAVARY, responsable de la section centrale travail / service renseignements\nM. Bruno COLLOMB, responsable de l'unit\u00e9 de contr\u00f4le\nMme Pamela GBETI, responsable de l'unit\u00e9 de contr\u00f4le \nArticle 3 :  Subd\u00e9l\u00e9gation est donn\u00e9e aux utilisateurs ci-dessous \u00e0 l'effet d'engager dans CHORUS DT, les d\u00e9penses de la DDETS 50, par la\nvalidation des \u00e9tats de frais  :\nM. Franck THOMAS, directeur-adjoint\nM. Bruno GUILLEM, directeur adjoint\nMme Isabelle DENIS, cheffe de p\u00f4le solidarit\u00e9s actives\nMme Perrine BLAY, cheffe de p\u00f4le \u00e9galit\u00e9 des chances, entreprises et comp\u00e9tences\nMme Martine SAVARY, responsable de la section centrale travail / service renseignements\nM. Bruno COLLOMB, responsable de l'unit\u00e9 de contr\u00f4le\nMme Pamela GBETI, responsable de l'unit\u00e9 de contr\u00f4le\nArticle 4 : Toutes dispositions ant\u00e9rieures sont abrog\u00e9es.\nArticle 5 : Demeurent r\u00e9serv\u00e9s \u00e0 la signature du pr\u00e9fet, quel qu'en soit le montant :\n-  les ordres de r\u00e9quisition du comptable public,\n- la d\u00e9cision de passer outre aux refus de visas ou aux avis d\u00e9favorables de l'autorit\u00e9 charg\u00e9e du contr\u00f4le financier en mati\u00e8re \nd'engagement des d\u00e9penses.\nArticle 6 : Ces dispositions sont applicables un jour franc apr\u00e8s publication du pr\u00e9sent arr\u00eat\u00e9 au recueil des actes administratifs. La signature\nde l'ensemble des personnes concern\u00e9es devra \u00eatre accr\u00e9dit\u00e9e aupr\u00e8s du comptable assignataire.\nSign\u00e9 : le Directeur D\u00e9partemental de l'Emploi, du Travail et des Solidarit\u00e9s : Christophe LECOMTE\n10\nArr\u00eat\u00e9 n\u00b0 2024-DDETS-PSA-49 du 3 octobre 2024 portant composition du Conseil de famille des Pupilles de l'\u00c9tat du d\u00e9partement\nde la Manche\nArt. 1     : Le Conseil de Famille des Pupilles de l'\u00c9tat du d\u00e9partement de la Manche est compos\u00e9 de 9 membres, dont le Pr\u00e9fet-Tuteur.\nArt. 2 : Les membres du Conseil de Famille des Pupilles de l'\u00c9tat du d\u00e9partement de la Manche sont les suivants :\n- le pr\u00e9fet-tuteur, et par d\u00e9l\u00e9gation, le directeur d\u00e9partemental de l'emploi, du travail et des solidarit\u00e9s,\n- deux repr\u00e9sentants du Conseil D\u00e9partemental et deux suppl\u00e9ants d\u00e9sign\u00e9s par l'assembl\u00e9e d\u00e9partementale :\n-    Madame Jessie ORVAIN, conseill\u00e8re d\u00e9partementale, membre titulaire\n- Madame Nicole GODARD, conseill\u00e8re d\u00e9partementale, membre                                                                                                                       \nsuppl\u00e9ante et\n- Madame Hedwige COLLETTE, conseill\u00e8re d\u00e9partementale, membre titulaire\n-   Madame Isabelle BOUYER MAUPAS, conseill\u00e8re d\u00e9partementale, membre suppl\u00e9ante\n       - une personne qualifi\u00e9e titulaire et son suppl\u00e9ant pour leur comp\u00e9tence et leur exp\u00e9rience professionnelles en mati\u00e8re d'\u00e9thique et de \nlutte contre les discriminations\n- Madame Caroline RAOUL- PIGNOLET, avocate, membre titulaire\n  47 promenade des Ports - 50000 Saint-Lo\n- Madame Delphine ROBINE, avocate, membre suppl\u00e9ante\n  6 rue du 8 Mai 1945 - 50800 Villedieu les Po\u00eale-Rouffigny\n       - une personne qualifi\u00e9e titulaire et son suppl\u00e9ant pour leur exp\u00e9rience et leur comp\u00e9tence professionnelles en mati\u00e8re m\u00e9dicale, \npsychologique ou sociale\n- Madame le Docteur Justine LE VAILLANT, m\u00e9decin p\u00e9dopsychiatre, membre titulaire\n  16, rue d'Estouteville, 50260 Bricquebec en Cotentin\n- Monsieur le Docteur J\u00e9r\u00e9mie COUPEZ, m\u00e9decin p\u00e9dopsychiatre, membre suppl\u00e9ant\n  567 le Joli - 50180 Agneaux\n- une repr\u00e9sentante et sa suppl\u00e9ante de l'association d\u00e9partementale d'entraide des pupilles et anciens pupilles de l'Etat (ADEPAPE) :\n- Madame LEMARIEY V\u00e9ronique, membre titulaire\n  11 le Butel - 50160 Saint Symphorien Les Buttes\n- Madame LHOTELLIER Th\u00e9r\u00e8se , membre suppl\u00e9ant\n  6 Le Mesnil de Haut - 50180 Saint Gilles\n- une repr\u00e9sentante et sa suppl\u00e9ante de l'association enfance et famille d'adoption :\n- Madame Corinne Granger, membre titulaire\n  86 rue de la libert\u00e9 - 50300 Avranches\n- Madame Val\u00e9rie REMANDE, membre suppl\u00e9ante\n  12 Pimont - 50320 Saint Jean des Champs\n      - une repr\u00e9sentante et sa suppl\u00e9ante de l'Union des Placements Familiaux de la Manche :\n- Madame POUSSET Pierrette, membre titulaire\n  31 A route de Sainte Suzanne - 50890 Cond\u00e9 sur Vire\n- Madame Martine LECAPITAINE, membre suppl\u00e9ante\n  rue de la Bucaille - 50500 Carentan les Marais\n- une repr\u00e9sentante et sa suppl\u00e9ante de l'Union D\u00e9partementale des Associations Familiales (UDAF) :\n- Madame LADUNE Patricia, membre titulaire\n16 rue Clos des Monts \u2013 Equeurdreville-Hainneville -  50120 Cherbourg en Cotentin\n- Madame MONTHEAN Sophie, membre suppl\u00e9ante\n  1 rue du pain de seigle - 50000 Saint-L\u00f4\nArt. 3 : Le mandat des membres du conseil de famille est de six ans. Nul ne peut exercer plus de trois mandats, dont deux en tant que \ntitulaire.\nArt. 4 : Chaque membre titulaire doit se faire remplacer par son suppl\u00e9ant en cas d'emp\u00eachement.\nArt. 5 : Toutes dispositions ant\u00e9rieures sont abrog\u00e9es.\nSign\u00e9 : le Pr\u00e9fet : Xavier BRUNETIERE\nArr\u00eat\u00e9 du 3 octobre 2024 donnant subd\u00e9l\u00e9gation de signature du directeur d\u00e9partemental de l'emploi, du travail et des solidarit\u00e9s\nde la Manche en mati\u00e8re de droit du travail\nVU le code du travail, notamment son article R.8122-2 ;\nVU le code rural et de la p\u00eache maritime ; \nVU le d\u00e9cret n\u00b02020 - 1545 du 9 d\u00e9cembre 202 relatif \u00e0 l'organisation et aux missions des directions r\u00e9gionales de l'\u00e9conomie, de l'emploi, \ndu travail et des solidarit\u00e9s, des directions d\u00e9partementales de l'emploi, du travail, des solidarit\u00e9s et de la protection des populations ;\nVU le d\u00e9cret n\u00b02013 - 1172 du 18 d\u00e9cembre 2013 portant d\u00e9l\u00e9gation de signature ; \nVU le d\u00e9cret n\u00b02014 \u2013 359 du 20 mars 2014 modifi\u00e9 relatif \u00e0 l'organisation du syst\u00e8me d'inspection du travail ;\nVU le d\u00e9cret n\u00b02015 \u2013 1689 du 17 d\u00e9cembre 2015 portant diverses mesures d'organisation et de fonctionnement dans les r\u00e9gions de \nl'administration territoriale de l'Etat et des commissions administratives ; \nVU l'arr\u00eat\u00e9 du minist\u00e8re de l'int\u00e9rieur et des outre \u2013 mer du 1er septembre 2022 portant nomination de M. Christophe LECOMTE, inspecteur \nde classe exceptionnelle de l'action sanitaire et sociale, en qualit\u00e9 de directeur d\u00e9partemental de l'emploi, du travail et des solidarit\u00e9s de la \nManche \u00e0 compter du 1er octobre 2022 ; \nVU la d\u00e9cision du 23 septembre 2024 de Mme Catherine PERNETTE, directrice r\u00e9gionale de l'\u00e9conomie, de l'emploi, du travail et des \nsolidarit\u00e9s de Normandie donnant d\u00e9l\u00e9gation de signature \u00e0 M. Christophe LECOMTE, directeur d\u00e9partemental de l'emploi, du travail et des \nsolidarit\u00e9s de la Manche ;\nVU l'arr\u00eat\u00e9 du minist\u00e8re de l'int\u00e9rieur et des outre \u2013 mer du 2 septembre 2024 portant nomination de M. Bruno GUILLEM, directeur adjoint du\ntravail, en qualit\u00e9 de directeur d\u00e9partemental adjoint de l'emploi, du travail et des solidarit\u00e9s de la Manche ; \nVU la d\u00e9cision en date du 4 mars 2024 portant affectation des responsables d'unit\u00e9s de contr\u00f4le et des agents de contr\u00f4le et organisation de\nleur int\u00e9rim dans les unit\u00e9s de contr\u00f4le de la direction d\u00e9partementale de l'emploi, du travail et des solidarit\u00e9s de la Manche ; \nA R R E T E\nArt. 1 : Subd\u00e9l\u00e9gation de signature est donn\u00e9e \u00e0 M. Bruno GUILLEM, directeur adjoint du travail, directeur d\u00e9partemental adjoint de l'emploi,\ndu travail et des solidarit\u00e9s de la direction d\u00e9partementale de l'emploi, du travail et des solidarit\u00e9s de la Manche, \u00e0 l'effet de signer au nom \nde la directrice r\u00e9gionale de l'\u00e9conomie, de l'emploi, du travail et des solidarit\u00e9s de Normandie, les d\u00e9cisions, actes administratifs, avis et \ncorrespondances mentionn\u00e9s dans l'annexe de la pr\u00e9sente d\u00e9cision dans les limites du ressort territorial de la direction d\u00e9partementale de \nl'emploi, du travail et des solidarit\u00e9s (DDETS) de la Manche ;    \nArt. 2 : En cas d'absence ou d'emp\u00eachement de M. Bruno GUILLEM, directeur d\u00e9partemental adjoint de la direction d\u00e9partementale de \nl'emploi, du travail et des solidarit\u00e9s de la Manche, les subd\u00e9l\u00e9gations sont successivement exerc\u00e9es en fonction des absences ou \nemp\u00eachements par les agents suivants : \n    \u2022 M. Bruno COLLOMB, directeur adjoint du travail, responsable d'unit\u00e9 de contr\u00f4le ;\n11\n    \u2022 Mme Pamela GBETI, directrice adjointe du travail, responsable d'unit\u00e9 de contr\u00f4le ;\n    \u2022 Mme Perrine BLAY, directrice adjointe du travail, responsable du p\u00f4le \u00e9galit\u00e9 des chances, entreprises & comp\u00e9tences ;\n    \u2022 Mme Martine SAVARY, inspectrice du travail, responsable de la section centrale travail.\nArt. 3 : Ces dispositions sont applicables \u00e0 compter du 1er octobre 2024 et apr\u00e8s publication du pr\u00e9sent arr\u00eat\u00e9 au recueil des actes \nadministratifs.\nArt. 4 : L'arr\u00eat\u00e9 de subd\u00e9l\u00e9gation de signature du 7 juin 2024 est abrog\u00e9 \u00e0 compter de l'entr\u00e9e en vigueur du pr\u00e9sent arr\u00eat\u00e9.\nSign\u00e9 : le Directeur D\u00e9partemental de l'Emploi, du Travail et des Solidarit\u00e9s : Christophe LECOMTE\n\uf0bf\nDivers\nDDFIP - Direction D\u00e9partementale des Finances Publiques\nArr\u00eat\u00e9 du 7 octobre 2024 portant d\u00e9l\u00e9gation de signature en mati\u00e8re de contentieux et de gracieux fiscal\nVu le code g\u00e9n\u00e9ral des imp\u00f4ts, et notamment l'article 408 de son annexe II et les articles 212 \u00e0 217 de son annexe IV ; \nVu le livre des proc\u00e9dures fiscales, et notamment les articles L. 247 et R* 247-4 et suivants ;\nVu le d\u00e9cret n\u00b0 2008-309 du 3 avril 2008 portant diverses dispositions relatives \u00e0 la direction g\u00e9n\u00e9rale des finances publiques ; \nVu le d\u00e9cret n\u00b0 2009-707 du 16 juin 2009 relatif aux services d\u00e9concentr\u00e9s de la direction g\u00e9n\u00e9rale des finances publiques ; \nVu le d\u00e9cret n\u00b0 2012-1246 du 7 novembre 2012 relatif \u00e0 la gestion budg\u00e9taire et comptable publique, et notamment son article 16 ;\nArr\u00eate :\nArt.1 : D\u00e9l\u00e9gation de signature est donn\u00e9e \u00e0 Madame Laure BUCAILLE adjointe au responsable du service des imp\u00f4ts des entreprises de \nCHERBOURG \u00e0 l'effet de signer :\n1\u00b0) en mati\u00e8re de contentieux fiscal d'assiette, les d\u00e9cisions d'admission totale, d'admission partielle ou de rejet, de d\u00e9gr\u00e8vement ou \nrestitution d'office, dans la limite de 60 000 \u20ac ; \n2\u00b0) en mati\u00e8re de gracieux fiscal, les d\u00e9cisions portant remise, mod\u00e9ration, transaction ou rejet, dans la limite de 60 000 \u20ac ;  \n3\u00b0) les d\u00e9cisions sur les demandes de plafonnement en fonction de la valeur ajout\u00e9e de contribution \u00e9conomique territoriale, sans limite de \nmontant pour les entreprises dont tous les \u00e9tablissements sont situ\u00e9s dans le ressort du service ;\n4\u00b0) les d\u00e9cisions sur les demandes de remboursement de cr\u00e9dit de TVA, dans la limite de 100 000 \u20ac par demande ; \n5\u00b0) les documents n\u00e9cessaires \u00e0 l'ex\u00e9cution comptable des d\u00e9cisions contentieuses et gracieuses sans limitation de montant ; \n6\u00b0) les avis de mise en recouvrement et les mises en demeure de payer ;\n7\u00b0) au nom et sous la responsabilit\u00e9 du comptable soussign\u00e9, \na) les d\u00e9cisions relatives aux demandes de d\u00e9lai de paiement, le d\u00e9lai accord\u00e9 ne pouvant exc\u00e9der 6 mois et porter sur une somme \nsup\u00e9rieure \u00e0 60 000 \u20ac ;\nb) l'ensemble des actes relatifs au recouvrement, et notamment les actes de poursuites et les d\u00e9clarations \n de cr\u00e9ances ainsi que pour ester en justice ;\nc) tous actes d'administration et de gestion du service.\nArt. 2     :   D\u00e9l\u00e9gation de signature est donn\u00e9e \u00e0 l'effet de signer :\n1\u00b0) en mati\u00e8re de contentieux fiscal d'assiette, les d\u00e9cisions d'admission totale, d'admission partielle ou de rejet, de d\u00e9gr\u00e8vement ou \nrestitution d'office, dans la limite pr\u00e9cis\u00e9e dans le tableau ci-dessous ;\n2\u00b0) en mati\u00e8re de gracieux fiscal, les d\u00e9cisions portant remise, mod\u00e9ration ou rejet, dans  la limite pr\u00e9cis\u00e9e dans le tableau ci-dessous ;\n3\u00b0) les d\u00e9cisions relatives aux demandes de d\u00e9lai de paiement, dans les limites de dur\u00e9e et de montant indiqu\u00e9es dans le tableau ci-apr\u00e8s ; \n4\u00b0) les avis de mise en recouvrement et les mises en demeure de payer ;\n5\u00b0) l'ensemble des actes relatifs au recouvrement, et notamment les actes de poursuites et les d\u00e9clarations de cr\u00e9ances ;\naux agents d\u00e9sign\u00e9s ci-apr\u00e8s :\nNom et pr\u00e9nom des agents grade Limite\ndes  d\u00e9cisions\ncontentieuses\nLimite\ndes  d\u00e9cisions\ngracieuses\nDur\u00e9e  maximale\ndes  d\u00e9lais  de\npaiement\nSomme  maximale\npour laquelle un d\u00e9lai\nde paiement peut \u00eatre\naccord\u00e9\nLAMPIN Paquita Contr\u00f4leur 10 000 \u20ac 5 000 \u20ac 6 mois 10 000\u20ac\nLEBARBEY Hubert Contr\u00f4leur 10 000 \u20ac 5 000 \u20ac 6 mois 10 000\u20ac\nLE BIGOT Val\u00e9rie Contr\u00f4leur 10 000 \u20ac 5 000 \u20ac 6 mois 10 000\u20ac\nMOULIN Nathalie Contr\u00f4leur 10 000 \u20ac 5 000 \u20ac 6 mois 10 000\u20ac\nPOLIDOR Val\u00e9rie Contr\u00f4leur 10 000 \u20ac 5 000 \u20ac 6 mois 10 000\u20ac\nBUARD Thomas Contr\u00f4leur 10 000 \u20ac 5 000 \u20ac 6 mois 10 000 \u20ac\nBIDAULT Marc Contr\u00f4leur 10 000 \u20ac 5 000 \u20ac 6 mois 10 000 \u20ac\nTISON Emilie Contr\u00f4leur 10 000 \u20ac 5 000 \u20ac 6 mois 10 000 \u20ac\nLOURDEL Dimitri Contr\u00f4leur 10 000 \u20ac 5 000 \u20ac 6 mois 10 000 \u20ac\nSylvie POISSON Contr\u00f4leur\nprincipal\n10 000 \u20ac 5 000 \u20ac 6 mois 10 000 \u20ac\nLESLY COUPPE DE K MARTIN Contr\u00f4leur 10 000 \u20ac 5 000 \u20ac 6 mois 10 000 \u20ac\nLEROUX Florence Contr\u00f4leur\nprincipal\n10 000 \u20ac 5 000 \u20ac 6 mois 10 000 \u20ac\nJARDIN Antoine AAP 2 000\u20ac 1000\u20ac 3 mois 2 000\u20ac\nArt. 3     :   Ces dispositions seront applicables \u00e0 partir du 7 octobre 2024.\nSign\u00e9 : le responsable du service des imp\u00f4ts des entreprises par int\u00e9rim : No\u00eblle BENOIST\n\uf0bf\n12\nDISP     : Direction Interr\u00e9gionale des Services P\u00e9nitentiaires  \nArr\u00eat\u00e9 du 1er octobre 2024 portant d\u00e9l\u00e9gation de signature \u00e0 Monsieur Pascal LECUYER en qualit\u00e9 de Directeur fonctionnel des\nservices p\u00e9nitentiaires d'insertion et de probation de la MANCHE\nVu le code p\u00e9nitentiaire, et notamment en ses articles R.113-65 et D.211-14\nVu l'arr\u00eat\u00e9 du 29 d\u00e9cembre 2016 modifiant l'arr\u00eat\u00e9 du 27 d\u00e9cembre 2016 fixant le ressort territorial des directions interr\u00e9gionales de \nl'administration p\u00e9nitentiaire et de la mission des services p\u00e9nitentiaires de l'outre-mer ;\nVu le D\u00e9cret n\u00b0 97-3 du 7 janvier 1997 et l'arr\u00eat\u00e9 du 12 mars 2009 relatif \u00e0 la d\u00e9concentration de la gestion de certains personnels des \nservices d\u00e9concentr\u00e9s de l'Administration P\u00e9nitentiaire ;\nVu l'arr\u00eat\u00e9 du Garde des Sceaux, Ministre de la Justice en date du 5 juillet 2024 portant nomination et prise de fonction de Monsieur Pascal \nVION en qualit\u00e9 de directeur interr\u00e9gional des services p\u00e9nitentiaires de Rennes \u00e0 compter du 1er octobre 2024 ;\nVu l'arr\u00eat\u00e9 du Directeur de l'Administration P\u00e9nitentiaire du 26 septembre 2024 portant d\u00e9l\u00e9gation de signature pour la Direction \nInterr\u00e9gionale des Services P\u00e9nitentiaires de Rennes ;\nVu l'arr\u00eat\u00e9 du Garde des Sceaux, Ministre de la Justice du 1er septembre 2023 portant nomination dans le cadre d'un d\u00e9tachement de \nMonsieur Pascal LECUYER \u00e0 compter du 1er septembre 2023 en qualit\u00e9 de Directeur fonctionnel des services p\u00e9nitentiaires d'insertion et \nde probation de la Manche\nVu l'arr\u00eat\u00e9 du Garde des Sceaux, Ministre de la Justice du 21 ao\u00fbt 2024 de mutation de Monsieur Christophe PAYEN \u00e0 compter du 1er \nseptembre 2024 en qualit\u00e9 d'adjoint au Directeur fonctionnel des services p\u00e9nitentiaires d'insertion et de probation de la Manche\nVu l'arr\u00eat\u00e9 du Garde des Sceaux, Ministre de la Justice du 9 novembre 2022 portant titularisation \u00e0 compter du 28 septembre 2022 de \nMadame Ma\u00eflyss CAZER Directrice p\u00e9nitentiaire d'insertion et de probation au service p\u00e9nitentiaire d'insertion et de probation de la Manche\nVu l'arr\u00eat\u00e9 de la Ministre d'\u00c9tat, Garde des Sceaux, Ministre de la Justice du 19 ao\u00fbt 2020 portant mutation \u00e0 compter du 1 septembre 2020 \nde Madame Emilie DELAUNAY Directrice p\u00e9nitentiaire d'insertion et de probation au service p\u00e9nitentiaire d'insertion et de probation de la \nManche\nVu l'arr\u00eat\u00e9 du Garde des Sceaux, Ministre de la Justice du 7 d\u00e9cembre 2022 portant titularisation, \u00e0 compter du 28 septembre 2022, de \nMadame Amaia LABATSUZAN-BERHOUET Directrice p\u00e9nitentiaire d'insertion et de probation au service p\u00e9nitentiaire d'insertion et de \nprobation de la Manche\nArr\u00eate :\nArticle 1er : Monsieur Pascal VION, Directeur Interr\u00e9gional des Services P\u00e9nitentiaires de Rennes, donne d\u00e9l\u00e9gation de signature \u00e0 Monsieur\nPascal LECUYER, Directeur fonctionnel des services p\u00e9nitentiaires d'insertion et de probation de la Manche, pour tout acte ou d\u00e9cision \nrelatifs \u00e0 la gestion individuelle ou collective des personnes plac\u00e9es sous main de justice, des personnels et ressources humaines, \u00e0 la \ngestion \u00e9conomique et financi\u00e8re du service p\u00e9nitentiaire d'insertion et de probation de la Manche, ainsi qu'aux relations partenariales et de \ncommunication d\u00e9velopp\u00e9es au service p\u00e9nitentiaire d'insertion et de probation de la Manche, et ce dans la limite des fonctions et \nattributions confi\u00e9es au Directeur Interr\u00e9gional.\nArticle 2 : En cas d'absence ou d'emp\u00eachement de Monsieur Pascal LECUYER, d\u00e9l\u00e9gation de signature est donn\u00e9e \u00e0 Monsieur Christophe \nPAYEN adjoint au Directeur fonctionnel des services p\u00e9nitentiaires d'insertion et de probation de la Manche, \u00e0 Madame Emilie DELAUNAY \nDirectrice p\u00e9nitentiaire d'insertion et de probation au service p\u00e9nitentiaire d'insertion et de probation de la Manche, d\u00e9l\u00e9gation de signature \nest donn\u00e9e \u00e0 Madame Ma\u00eflyss CAZER Directrice p\u00e9nitentiaire d'insertion et de probation au service p\u00e9nitentiaire d'insertion et de probation \nde la Manche et \u00e0 Madame Amaia LABATSUZAN-BERHOUET Directrice p\u00e9nitentiaire d'insertion et de probation au service p\u00e9nitentiaire \nd'insertion et de probation de la Manche.\nSign\u00e9 : pour le Directeur interr\u00e9gional des services p\u00e9nitentiaires de Rennes, l'adjoint au directeur interr\u00e9gional : Luc JULY\nArr\u00eat\u00e9 du 1er octobre 2024 portant d\u00e9l\u00e9gation de signature \u00e0 Monsieur Lionel LE FRAN\u00c7OIS en qualit\u00e9 de chef d'\u00e9tablissement de\nla maison d'arr\u00eat de COUTANCES \nVu le code p\u00e9nitentiaire, et notamment en ses articles R.113-65, R.112-7 \u00e0 R.112-9, R.223-2 \u00e0 R.223-7,\nVu l'arr\u00eat\u00e9 du 29 d\u00e9cembre 2016 modifiant l'arr\u00eat\u00e9 du 27 d\u00e9cembre 2016 fixant le ressort territorial des directions interr\u00e9gionales de \nl'administration p\u00e9nitentiaire et de la mission des services p\u00e9nitentiaires de l'outre-mer,\nVu le D\u00e9cret n\u00b0 97-3 du 7 janvier 1997 et l'arr\u00eat\u00e9 du 12 mars 2009 relatif \u00e0 la d\u00e9concentration de la gestion de certains personnels des \nservices d\u00e9concentr\u00e9s de l'Administration P\u00e9nitentiaire,\nVu l'arr\u00eat\u00e9 du Garde des Sceaux, Ministre de la Justice en date du 5 juillet 2024 portant nomination et prise de fonction de Monsieur Pascal \nVION en qualit\u00e9 de directeur interr\u00e9gional des services p\u00e9nitentiaires de Rennes \u00e0 compter du 1er octobre 2024,\nVu l'arr\u00eat\u00e9 du Directeur de l'Administration P\u00e9nitentiaire du 26 septembre 2024 portant d\u00e9l\u00e9gation de signature pour la Direction \nInterr\u00e9gionale des Services P\u00e9nitentiaires de Rennes,\nVu l'arr\u00eat\u00e9 du Garde des Sceaux, Ministre de la Justice du 25 janvier 2023 portant mutation de Monsieur Lionel LE FRAN\u00c7OIS \u00e0 compter du\n1er janvier 2023 en qualit\u00e9 de chef d'\u00e9tablissement de la maison d'arr\u00eat de Coutances,\nVu l'arr\u00eat\u00e9 du Garde des Sceaux, Ministre de la Justice du 22 ao\u00fbt 2023 portant mutation de Madame Murielle MEDOC ELMA \u00e0 compter du \n1er octobre 2023 en qualit\u00e9 d'adjointe au chef d'\u00e9tablissement de la maison d'arr\u00eat de Coutances,\nVu l'arr\u00eat\u00e9 du Garde des Sceaux, Ministre de la Justice du 9 f\u00e9vrier 2022 de mutation de Monsieur Mikael BIHAN \u00e0 compter du 1er avril \n2022 en qualit\u00e9 de lieutenant et capitaine p\u00e9nitentiaire \u00e0 la maison d'arr\u00eat de Coutances.\nArr\u00eate :\nArt. 1  er     : Monsieur Pascal VION, Directeur Interr\u00e9gional des Services P\u00e9nitentiaires de Rennes, donne d\u00e9l\u00e9gation de signature \u00e0 Monsieur \nLionel LE FRAN\u00c7OIS, chef d'\u00e9tablissement de la maison d'arr\u00eat de Coutances, pour tout acte ou d\u00e9cision relatifs \u00e0 la gestion individuelle ou \ncollective des personnes plac\u00e9es sous main de justice, des personnels et ressources humaines, \u00e0 la gestion \u00e9conomique et financi\u00e8re de la \nmaison d'arr\u00eat de Coutances, ainsi qu'aux relations partenariales et de communication d\u00e9velopp\u00e9es \u00e0 la maison d'arr\u00eat de Coutances, et ce \ndans la limite des fonctions et attributions confi\u00e9es au Directeur Interr\u00e9gional.\nArt. 2 : En cas d'absence ou d'emp\u00eachement de Monsieur Lionel LE FRAN\u00c7OIS, d\u00e9l\u00e9gation de signature est donn\u00e9e \u00e0 Madame Murielle \nMEDOC ELMA, adjointe au chef d'\u00e9tablissement de la maison d'arr\u00eat de Coutances, d\u00e9l\u00e9gation de signature est donn\u00e9e \u00e0 Monsieur Mikael \nBIHAN, lieutenant et capitaine p\u00e9nitentiaire \u00e0 la maison d'arr\u00eat de Coutances.\nSign\u00e9 : pour le Directeur interr\u00e9gional des services p\u00e9nitentiaires de Rennes, l'adjoint au directeur interr\u00e9gional : Luc JULY\nArr\u00eat\u00e9 du 1er octobre 2024 portant d\u00e9l\u00e9gation de signature \u00e0 Madame Marilyn BENOOT en qualit\u00e9 de cheffe d'\u00e9tablissement de la\nmaison d'arr\u00eat de CHERBOURG\nVu le code p\u00e9nitentiaire, et notamment en ses articles R.113-65, R.112-7 \u00e0 R.112-9, R.223-2 \u00e0 R.223-7,\nVu l'arr\u00eat\u00e9 du 29 d\u00e9cembre 2016 modifiant l'arr\u00eat\u00e9 du 27 d\u00e9cembre 2016 fixant le ressort territorial des directions interr\u00e9gionales de \nl'administration p\u00e9nitentiaire et de la mission des services p\u00e9nitentiaires de l'outre-mer,\nVu le D\u00e9cret n\u00b0 97-3 du 7 janvier 1997 et l'arr\u00eat\u00e9 du 12 mars 2009 relatif \u00e0 la d\u00e9concentration de la gestion de certains personnels des \nservices d\u00e9concentr\u00e9s de l'Administration P\u00e9nitentiaire,\nVu l'arr\u00eat\u00e9 du Garde des Sceaux, Ministre de la Justice en date du 5 juillet 2024 portant nomination et prise de fonction de Monsieur Pascal \nVION en qualit\u00e9 de directeur interr\u00e9gional des services p\u00e9nitentiaires de Rennes \u00e0 compter du 1er octobre 2024,\n13\nVu l'arr\u00eat\u00e9 du Directeur de l'Administration P\u00e9nitentiaire 26 septembre 2024 portant d\u00e9l\u00e9gation de signature pour la Direction Interr\u00e9gionale \ndes Services P\u00e9nitentiaires de Rennes,\nVu l'arr\u00eat\u00e9 de la Ministre d'Etat, Garde des Sceaux, Ministre de la Justice du 28 juillet 2015 portant mutation de Madame Marilyn BENOOT \u00e0 \ncompter du 31 ao\u00fbt 2015 en qualit\u00e9 de cheffe d'\u00e9tablissement de la maison d'arr\u00eat de Cherbourg,\nVu l'arr\u00eat\u00e9 du Garde des Sceaux, Ministre de la Justice du 1er juin 2022 portant nomination de Monsieur Laurent DI NATALE \u00e0 compter du \n1er mai 2022 en qualit\u00e9 d'adjoint au chef d'\u00e9tablissement de la maison d'arr\u00eat de Cherbourg,\nVu l'arr\u00eat\u00e9 du Garde des Sceaux, Ministre de la Justice du 25 janvier 2023 portant mutation de Monsieur Philippe JARZYNKA \u00e0 compter du \n1er mars 2023 en qualit\u00e9 de chef de d\u00e9tention de la maison d'arr\u00eat de Cherbourg,\nVu l'arr\u00eat\u00e9 du Garde des Sceaux, Ministre de la Justice du 8 octobre 2021 faisant l'objet du reclassement de Monsieur J\u00e9r\u00f4me \nCHAMBRILLON \u00e0 compter du 1er janvier 2021 en qualit\u00e9 d'adjoint au chef de d\u00e9tention de la maison d'arr\u00eat de Cherbourg,\nVu l'arr\u00eat\u00e9 du Garde des Sceaux, Ministre de la Justice du 13 septembre 2024 portant mutation de Monsieur Bertrand COUPEAU \u00e0 compter \ndu 1er septembre 2024 en qualit\u00e9 d'officier de la maison d'arr\u00eat de Cherbourg, \nVu l'arr\u00eat\u00e9 du Garde des Sceaux, Ministre de la Justice du 12 juillet 2021 portant mutation de Monsieur Arnaud MALET \u00e0 compter du 1er \nseptembre 2021 \u00e0 la direction interr\u00e9gionale des services p\u00e9nitentiaires de Rennes en qualit\u00e9 de Directeur Plac\u00e9,\nVu la d\u00e9cision de la Directrice Interr\u00e9gionale des Services P\u00e9nitentiaires de Rennes (Bretagne, Normandie et Pays de la Loire) du 1er \noctobre 2024 mettant \u00e0 disposition de la maison d'arr\u00eat de Cherbourg, Monsieur Arnaud MALET, du 1er octobre au 4 novembre 2024 en \nappui de la direction de cet \u00e9tablissement,\nArr\u00eate :\nArt. 1  er     :   Monsieur Pascal VION, Directeur Interr\u00e9gional des Services P\u00e9nitentiaires de Rennes, donne d\u00e9l\u00e9gation de signature \u00e0 Madame \nMarilyn BENOOT, chef d'\u00e9tablissement de la maison d'arr\u00eat de Cherbourg, pour tout acte ou d\u00e9cision relatifs \u00e0 la gestion individuelle ou \ncollective des personnes plac\u00e9es sous main de justice, des personnels et ressources humaines, \u00e0 la gestion \u00e9conomique et financi\u00e8re de la \nmaison d'arr\u00eat de Cherbourg, ainsi qu'aux relations partenariales et de communication d\u00e9velopp\u00e9es \u00e0 la maison d'arr\u00eat de Cherbourg, et ce \ndans la limite des fonctions et attributions confi\u00e9es au Directeur Interr\u00e9gional.\nArt. 2     : En cas d'absence ou d'emp\u00eachement de Madame Marilyn BENOOT, d\u00e9l\u00e9gation de signature est donn\u00e9e \u00e0 Monsieur Laurent DI \nNATALE, Adjoint au chef d'\u00e9tablissement de la maison d'arr\u00eat de Cherbourg, d\u00e9l\u00e9gation de signature est donn\u00e9e \u00e0 Monsieur Philippe \nJARZYNKA, chef de d\u00e9tention de la maison d'arr\u00eat de Cherbourg, d\u00e9l\u00e9gation de signature est donn\u00e9e \u00e0 Monsieur J\u00e9r\u00f4me CHAMBRILLON, \nadjoint au chef de d\u00e9tention de la maison d'arr\u00eat de Cherbourg, d\u00e9l\u00e9gation de signature est donn\u00e9e \u00e0 Monsieur Bertrand COUPEAU, officier \nde la maison d'arr\u00eat de Cherbourg, d\u00e9l\u00e9gation de signature temporaire du 1er octobre au 4 novembre 2024 est donn\u00e9e \u00e0 Monsieur Arnaud \nMALET, directeur plac\u00e9 \u00e0 la direction interr\u00e9gionale des services p\u00e9nitentiaires de Rennes.\nSign\u00e9 : pour le Directeur interr\u00e9gional des services p\u00e9nitentiaires de Rennes, l'adjoint au directeur interr\u00e9gional : Luc JULY\n\uf0bf\n14","date":"2024-10-08","first_seen_on":"2025-01-01T22:45:04+00:00","id":"cf227eede2d996f6da9a86442e946ec31ba751bb01640574e8b4d12b41b8ce5c","name":"RAA sp\u00e9cial n\u00b0 95","pdf_creation_date":"2024-10-08T17:11:37+00:00","pdf_modification_date":null,"timezone":"CET","url":"https://www.manche.gouv.fr/contenu/telechargement/62508/479776/file/SP%2095.pdf"}
