{"administration":"pref80","administration_name":"Pr\u00e9fecture de la Somme","content":"PR\u00c9FECTURE\nDE LA SOMME\nRECUEIL DES ACTES\nADMINISTRATIFS SP\u00c9CIAL\nN\u00b02024-006\nPUBLI\u00c9 LE  8 JANVIER 2024\nSommaire\nDirection d\u00e9partementale des finances publiques de la Somme / Secr\u00e9tariat\nde direction\n80-2024-01-02-00008 - D\u00e9l\u00e9gation de signature du p\u00f4le de recouvrement\nsp\u00e9cialis\u00e9 de la Somme (2 pages) Page 3\nDirection D\u00e9partementale des Territoires et de la Mer / service\nenvironnement et littoral\n80-2023-12-21-00004 - Arr\u00eat\u00e9 inter-pr\u00e9fectoral portant prorogation de\nl'arr\u00eat\u00e9 du 27 janvier 2020 relatif \u00e0 l'instauration d'une r\u00e9serve temporaire\nde p\u00eache sur la Bresle au niveau du canal entre la ville du Tr\u00e9port et la ville\nd'Eu (2 pages) Page 6\nMaison d'Arr\u00eat d'Amiens /\n80-2024-01-08-00001 - Arr\u00eat\u00e9 d\u00e9l\u00e9gation de signature GREFFE pour\nd\u00e9cisions administratives individuelles (2 pages) Page 9\nPr\u00e9fecture de la R\u00e9gion Haute Normandie /\n80-2023-12-28-00008 - Arr\u00eat\u00e9 interd\u00e9partemental du 28 d\u00e9cembre 2023\nportant modification des statuts du syndicat intercommunal\nd'alimentation en eau et d'assainissement de la r\u00e9gion de\nVieux-Rouen-sur-Bresle (2 pages) Page 12\nPr\u00e9fecture de la Somme - Cabinet / Cabinet\n80-2024-01-05-00004 - AP 24/008 : Arr\u00eat\u00e9 de renouvellement autorisant la\ncaptation, l\u25a1enregistrement et la transmission\nd\u25a1images au moyen de\ncam\u00e9ras install\u00e9es sur les a\u00e9ronefs au profit des forces de s\u00e9curit\u00e9\nint\u00e9rieure du d\u00e9partement de la Somme (4 pages) Page 15\n2\nDirection d\u00e9partementale des finances\npubliques de la Somme\n80-2024-01-02-00008\nD\u00e9l\u00e9gation de signature du p\u00f4le de\nrecouvrement sp\u00e9cialis\u00e9 de la Somme\nDirection d\u00e9partementale des finances publiques de la Somme - 80-2024-01-02-00008 - D\u00e9l\u00e9gation de signature du p\u00f4le de\nrecouvrement sp\u00e9cialis\u00e9 de la Somme 3\nREPUBLIQUE\nFRANCAISE\nLibert\u00e9\nEgalit\u00e9\nFraternit\u00e9T\nFINANCES  PUBLIQUES\nDirection g\u00e9n\u00e9rale des Finances publiques\nCentre des Finances publiques d'Amiens\nP\u00f4le de recouvrement sp\u00e9cialis\u00e9 de la Somme\n1-3, rue Pierre Rollin\n80023 AMIENS CEDEX  3\nT\u00e9l\u00e9phone : 03 22 46 83 61\nM\u00e9l. : prs.somme@dgfip.finances.gouv.fr\nD\u00c9L\u00c9GATION DE SIGNATURE\nLa comptable par int\u00e9rim, responsable du p\u00f4le de recouvrement sp\u00e9cialis\u00e9 de la Somme\nVu le code g\u00e9n\u00e9ral des imp\u00f4ts, et  notamment  l'article  408  de  son annexe II  et  les articles 212 \u00e0 217 de son\nannexe IV ;\nVu le livre des proc\u00e9dures fiscales, et notamment les articles L.  247 , L. 257 A et R* 247-4 et suivants ;\nVu le d\u00e9cret n\u00b0 2008-309 du 3 avril 2008 portant diverses dispositions relatives \u00e0 la direction g\u00e9n\u00e9rale des finances\npubliques ;\nVu le d\u00e9cret n\u00b0 2009-707 du 16 juin 2009 relatif aux services d\u00e9concentr\u00e9s de la direction g\u00e9n\u00e9rale des finances\npubliques ;\nVu le d\u00e9cret n\u00b0 2012-1246 du 7 novembre 2012 relatif \u00e0 la gestion budg\u00e9taire et comptable publique, et notamment\nson article 16 ;\nArr\u00eate :\nArticle 1er\nD\u00e9l\u00e9gation de signature est donn\u00e9e \u00e0 Madame DEVISMES Anne-Sophie, inspectrice, adjointe \u00e0 la responsable du\np\u00f4le de recouvrement sp\u00e9cialis\u00e9 de la Somme, \u00e0 l'effet de signer  :\n1\u00b0)en mati\u00e8re de gracieux fiscal, les d\u00e9cisions portant remise, mod\u00e9ration, transaction ou rejet, dans la limite de\n30 000 \u20ac ;\n2\u00b0)les documents n\u00e9cessaires \u00e0 l'ex\u00e9cution comptable des d\u00e9cisions contentieuses et gracieuses sans limitation\nde montant ; \n3\u00b0)les avis de mise en recouvrement  ;\n4\u00b0)au nom et sous la responsabilit\u00e9 de la comptable soussign\u00e9e,\na)les d\u00e9cisions relatives aux demandes de d\u00e9lai de paiement, sans limitation de montant, le d\u00e9lai accord\u00e9 ne\npouvant exc\u00e9der 24 mois ;\nb)l'ensemble des actes relatifs au recouvrement, et notamment les mises en demeure de payer, les actes de\npoursuites et les d\u00e9clarations de cr\u00e9ances ainsi que pour ester en justice  ;\nc)tous actes d'administration et de gestion du service.\nArticle 2\nD\u00e9l\u00e9gation de signature est donn\u00e9e \u00e0 l'effet de signer  :\n1\u00b0)en mati\u00e8re de gracieux fiscal, les d\u00e9cisions portant remise, mod\u00e9ration ou rejet, et en mati\u00e8re de d\u00e9cisions\ncontentieuses et gracieuses, les documents n\u00e9cessaires \u00e0 leur ex\u00e9cution comptable, dans les limites pr\u00e9cis\u00e9es\ndans le tableau ci-dessous  ;\n2\u00b0)les d\u00e9cisions relatives aux demandes de d\u00e9lai de paiement, dans les limites de dur\u00e9e et de montant indiqu\u00e9es\ndans le tableau ci-apr\u00e8s  ;\nDirection d\u00e9partementale des finances publiques de la Somme - 80-2024-01-02-00008 - D\u00e9l\u00e9gation de signature du p\u00f4le de\nrecouvrement sp\u00e9cialis\u00e9 de la Somme 4\n3\u00b0)les avis de mise en recouvrement  ;\n4\u00b0)l'ensemble des actes relatifs au recouvrement, et notamment les mises en demeure de payer, les actes de\npoursuites et les d\u00e9clarations de cr\u00e9ances  ;\naux agents d\u00e9sign\u00e9s ci-apr\u00e8s  :\nNom et pr\u00e9nom\ndes agentsGradeLimite des\nd\u00e9cisions\ncontentieuses\n(ex\u00e9cution\ncomptable)Limite des\nd\u00e9cisions\ngracieusesDur\u00e9e maximale\ndes d\u00e9lais de\npaiementSomme maximale pour\nlaquelle un d\u00e9lai de\npaiement peut \u00eatre accord\u00e9\nDUQUENHEM\nCorinneContr\u00f4leur\nprincipal10 000 \u20ac10 000 \u20ac12 mois 50 000 \u20ac\nGALLAIS\nLaurenceContr\u00f4leur\nprincipal10 000 \u20ac10 000 \u20ac12 mois 50 000 \u20ac\nMARTIN OdileContr\u00f4leur\nprincipal10 000 \u20ac10 000 \u20ac12 mois 50 000 \u20ac\nRYBA YannContr\u00f4leur\nprincipal10 000 \u20ac10 000 \u20ac12 mois 50 000 \u20ac\nBOTELHO\nJulienContr\u00f4leur10 000 \u20ac10 000 \u20ac12 mois 50 000 \u20ac\nBRESOUS\nMicka\u00eblContr\u00f4leur10 000 \u20ac10 000 \u20ac12 mois 50 000 \u20ac\nCHASSAGNE\n\u00c9lodieContr\u00f4leur10 000 \u20ac10 000 \u20ac12 mois 50 000 \u20ac\nGABET\nPierrickContr\u00f4leur10 000 \u20ac10 000 \u20ac12 mois 50 000 \u20ac\nKOWALSKI\nAur\u00e9lieContr\u00f4leur10 000 \u20ac10 000 \u20ac12 mois 50 000 \u20ac\nMATTE LucieContr\u00f4leur10 000 \u20ac10 000 \u20ac12 mois 50 000 \u20ac\nFALEMPIN\nMarionAgent\nadministratif\nprincipal5 000 \u20ac5 000 \u20ac6 mois 25 000 \u20ac\nArticle 3\nLe pr\u00e9sent arr\u00eat\u00e9 sera publi\u00e9 au recueil des actes administratifs du d\u00e9partement de la Somme.\nFait \u00e0 Amiens le 02 janvier 2024\nL'inspectrice des finances publiques,\nResponsable par int\u00e9rim\ndu p\u00f4le de recouvrement sp\u00e9cialis\u00e9 de la Somme,\nLucile BODETDirection d\u00e9partementale des finances publiques de la Somme - 80-2024-01-02-00008 - D\u00e9l\u00e9gation de signature du p\u00f4le de\nrecouvrement sp\u00e9cialis\u00e9 de la Somme 5\nDirection D\u00e9partementale des Territoires et de\nla Mer\n80-2023-12-21-00004\nArr\u00eat\u00e9 inter-pr\u00e9fectoral portant prorogation de\nl'arr\u00eat\u00e9 du 27 janvier 2020 relatif \u00e0 l'instauration\nd'une r\u00e9serve temporaire de p\u00eache sur la Bresle\nau niveau du canal entre la ville du Tr\u00e9port et la\nville d'Eu\nDirection D\u00e9partementale des Territoires et de la Mer - 80-2023-12-21-00004 - Arr\u00eat\u00e9 inter-pr\u00e9fectoral portant prorogation de l'arr\u00eat\u00e9\ndu 27 janvier 2020 relatif \u00e0 l'instauration d'une r\u00e9serve temporaire de p\u00eache sur la Bresle au niveau du canal entre la ville du Tr\u00e9port et\nla ville d'Eu6\nPDI\u00c8E{AEEEINE\u2014  | | \u00cbI\u00c8\u00ca\u00ca\u00c8OMMEMARITIME  | | crLibert\u00e9  \u00c9galit\u00e9 \u00cbga]:t_\u00e9  Fratersit\u00e9\nFraternit\u00e9\nDirection  'd\u00e9partementale  des  territoires  Direction  d_\u00e9p_arte'mentale  des  territoires\net de la mer  de l\u00e0 Seine-Maritime  et de la mer  de la Somme\nAffaire  suivie  par : Bureau  de la Nature,  de la Biodiversit\u00e9  et de la Strat\u00e9gie  Fonci\u00e8re\nM\u00e9l  : ddtm-strm-bnbsf@seine-maritime.gouv.fr\nVu\nVu\nVu\nVu\nVu\nVu\nVu\nVuArr\u00eat\u00e9  inter-pr\u00e9fectoraldu  2 1 DEC,  2023  .\nportant  prorogation  de l'arr\u00eat\u00e9  du 27 janvier  2020  relatif  \u00e0 l'instauration  d''une  r\u00e9serve\ntemporaire  de p\u00eache  sur la Bresle  au niveau  du canal  entre  la ville  du Tr\u00e9port  et la ville  d'Eu.\nLe Pr\u00e9fet  de la r\u00e9gion  Normandie,  Pr\u00e9fet  de la Seine-Maritime,\n- Chevalier  de la L\u00e9gion  d'honneur\nOfficier  de l'Ordre  National  du M\u00e9rite\nLe pr\u00e9fet  de la Somme\nChevalier  de la L\u00e9gion  d'honneur\nChevalier  de I'Ordre  National  du M\u00e9rite\nles articles  R. 436-73  \u00e0 R. 436-74  du Code  de l'environnement  ;\nle d\u00e9cret  du Pr\u00e9sident  de  la R\u00e9publique  en date  du 11 janvier  2023  nommant  M. Jean-Benoit\nALBERTINI,  pr\u00e9fet  de la r\u00e9gion  Normandie,  pr\u00e9fet  de la Seine-Maritime  ;\nle d\u00e9cret  du Pr\u00e9sident  de-la  R\u00e9publique  en date  du 13 juillet  2023  nommant  M. Rollon  MOUCHEL-\nBLAISOT,  pr\u00e9fet  de la Somme  ; .\nl'avis  de I'Office  fran\u00e7ais  de la biodiversit\u00e9  ;\nI'avis  de  la f\u00e9d\u00e9ration  d\u00e9partementale  pour  la p\u00eache  et la protection  du milieu  aquatique  de la\nSeine-Maritime  ;\nl'avis  de la f\u00e9d\u00e9ration  d\u00e9partementale  pour  la p\u00eache  et la protection  du milieu  aquatique  de la\nSomme  ; '\nl'avis  de la consultation  publique  du 6 au 26 novembre  2019  ;\nla pr\u00e9sentation  effectu\u00e9e  le 28 novembre  2023  du projet  de prolongation  de l'arr\u00eat\u00e9  du 27\njanvier  2020  en r\u00e9union  du Comit\u00e9  de Gestion  des  Poissons  Migrateurs  (COGEPOMI)  et les avis\nexprim\u00e9s  par  les membres  lors  de cette  r\u00e9union  ;\nPr\u00e9fecture  de la Seine-Maritime  \u2014 7 place  de la Madeleine  - CS16036  - 76036  ROUEN  CEDEX\nStandard  : 02 32 76 50 00 - Courriel  : prefecture@seine-maritime.gouv.fr\nSite  Internet  : www.seine-maritime.gouv.fr\nDirection D\u00e9partementale des Territoires et de la Mer - 80-2023-12-21-00004 - Arr\u00eat\u00e9 inter-pr\u00e9fectoral portant prorogation de l'arr\u00eat\u00e9\ndu 27 janvier 2020 relatif \u00e0 l'instauration d'une r\u00e9serve temporaire de p\u00eache sur la Bresle au niveau du canal entre la ville du Tr\u00e9port et\nla ville d'Eu7\nConsid\u00e9rant\n- que  la rivi\u00e8re  Bresle  est une  rivi\u00e8re  INDEX  suivie  depuis  1982  par  l'agence  fran\u00e7aise  de la biodiversit\u00e9\npour  les stocks  de poissons  migrateurs  et que-celle-ci  est  \u00e9galemet  INDEX  au titre  du programme\neurop\u00e9en  de collecte  de donn\u00e9es  (r\u00e8glement  UE 199/2008)  ; :\n- que  le canal  d' Eu - Le Tr\u00e9port  se situe  en aval  de la station  de comptage  de l'agence  fran\u00e7aise  de labiodiversit\u00e9  permettant  I'acquisition  de donn\u00e9es  au titre  des  rivi\u00e8res  INDEX  1-  '\n- que  la rivi\u00e8re  Bresle  a \u00e9t\u00e9  d\u00e9sign\u00e9e  site  Natura  2000  pour  lequel  le saumon  atlantique  fait  l'objet\nd'actions  de conservation  ; '\n- que  le secteur  du canal  d'Eu  - Le Tr\u00e9port  est la zone  de transition  entre  les eaux  sal\u00e9es  et les eaux\ndouces  et qu'\u00e0  ce titre  les esp\u00e8ces  amphialines,  et en particulier  les saumons  atlantiques  et les  truites\nde mer,  qui  s'y trouvent  sont  plus  vuln\u00e9rables  aux  activit\u00e9s  de p\u00eache;  _\n- que  la mise  en r\u00e9serve  totale  t\u00e9mporaire  du canal  de Eu \u2014vLe.Tr\u00e9por't_\u00e7_':er'met  de compl\u00e9ter  les outilsr\u00e9glementaires  et de contr\u00f4le  dans  I'objectif  de pr\u00e9servation  des  esp\u00e8ces  amphialines  et de lutter\ncontre  la p\u00eache  ill\u00e9gale  ;\n- que  le contexte  n'a pas  \u00e9volu\u00e9  depuis  la prise  de l'arr\u00eat\u00e9  ;\nsur proposition  du directeur  d\u00e9partemental  des territoires  et de la mer  de la Seine-Maritime,\n\" ARR\u00caTENT\nArticle  1 - L'arr\u00eat\u00e9  pr\u00e9fectoral  du 27 janvier  2020  est prorog\u00e9  pour  une  dur\u00e9e  de 1 an jusqu'au  31d\u00e9cembre  2024  dans  les m\u00e9mes  conditions.\nArticle  2 - Cet  arr\u00eat\u00e9  sera  affich\u00e9  en mairies  d'Eu  et du Tr\u00e9port  durant  un mois  suite  \u00e0 sa signature\nArticle  3 - Un travail  \u00cfde concertation  sera  effectu\u00e9  en 2024  avec  les organismes  concern\u00e9s  pour  \u00e9valuer\nla pertinence  du maintien  de cet  arr\u00eat\u00e9  ou des  modifications  \u00e0 y apporter.\nArticle  4 - Les droits  des  tiers  sont  express\u00e9ment  r\u00e9serv\u00e9s.\nArticle  5 - Les pr\u00e9fets  de la Seine-Maritime  et de  la Somme,  les directeurs  d\u00e9partementaux  des\nterritoires  et de la mer  de la Seine-Maritime  et de la Somme  , les maires  des  communes  d'Eu,  de Mers-les-Bains.et  du Tr\u00e9port  et tous  les agents  asserment\u00e9s  -au titre  de la police  de la p\u00eache  sont  charg\u00e9s,chacun  en ce qui  le concerne,  de I'ex\u00e9cution  du pr\u00e9sent  arr\u00eat\u00e9  qui sera  publi\u00e9  au recueil  des  actes\nadministratifs.  .\nUne  copie  sera  adress\u00e9e  \u00e0 l'Office  fran\u00e7ais  de la biodiversit\u00e9,  au responsable  du groupement  de\ngendarmerie  d\u00e9partementale.  . ;\nA Amiens,  le 2 \u00ce DEC.  2023  A Rouen,  le . 2 1 DEC,  2023Le pr\u00e9fet  de la #omme  | Le pr\u00e9fet  de la r\u00e9gion  Normandie,\n' \u00e9fet:de  la Seine-Maritime\nSc\u00e9r  Benofi  ALBERTINI\nPRollon  MOUCHEL-BLAISOT\nVoies  et d\u00e9lais  de recours  - Conform\u00e9ment  aux dispositions  des  articles  R421-j  \u00e0 R421-5  du code  de justice  administrative,  le pr\u00e9sentarr\u00eat\u00e9  peut  faire  l'objet  d'un  recours  contentieux  d\u00e9vant  le tribunal  administratif  de Rouen  tans  le d\u00e9lai  de deux  mois  \u00e0 compter  desa notification  ou de sa publication.  Le tribunal  administratif  peut  \u00eatre  saisi  par  l'application  \u00ab T\u00e9l\u00e9recours  citoyens  \u00bb, \u00e4ccessible  par, Je site  www.telerecours.fr.\nPr\u00e9fecture  de la Seine-Maritime  - 7 place  de la Madeleine  - CS16036  - 76036  ROUEN  CEDEX\nStandard  : 02 32 76 50 00 - Courriel  : pr\u00e9fecture@seine-maritime.gouv.fr\nSite  Internet  : www.seine-maritime.gouv.fr\nDirection D\u00e9partementale des Territoires et de la Mer - 80-2023-12-21-00004 - Arr\u00eat\u00e9 inter-pr\u00e9fectoral portant prorogation de l'arr\u00eat\u00e9\ndu 27 janvier 2020 relatif \u00e0 l'instauration d'une r\u00e9serve temporaire de p\u00eache sur la Bresle au niveau du canal entre la ville du Tr\u00e9port et\nla ville d'Eu8\nMaison d'Arr\u00eat d'Amiens\n80-2024-01-08-00001\nArr\u00eat\u00e9 d\u00e9l\u00e9gation de signature GREFFE pour\nd\u00e9cisions administratives individuelles\nMaison d'Arr\u00eat d'Amiens - 80-2024-01-08-00001 - Arr\u00eat\u00e9 d\u00e9l\u00e9gation de signature GREFFE pour d\u00e9cisions administratives individuelles 9\nEx\nMINISTERE\nDE LA JUSTICE\nLibert\u00e9\n\u00c9galit\u00e9\nv  | Direction\nde l'administration  p\u00e9nitentiaire\nDirection  interr\u00e9gionale  des  services  p\u00e9nitentiaires  de Lille\nMaison  d'Arr\u00eat  d'Amiens\nAmiens,  le 8 janvier  2024\nArr\u00eat\u00e9  portant  d\u00e9l\u00e9gation  de signature\nVu le Code  p\u00e9nitentiaire,  notamment  ses articles  R. 113-66  et R. 234-1  ;\nVu l'article  555-1  du Code  de proc\u00e9dure  p\u00e9nale  (loi  n\u00b0 2008-644  du 1er juillet  2008)  ;\nVu l'article  D. 46-2  du Code  de procedure  p\u00e9nale  (D\u00e9cret  n\u00b0 2008-1490  du 30 d\u00e9cembre  2008  modifiant  le\ncode  de Proc\u00e9dure  P\u00e9nale)  ;\nVu l'article  D. 52-1  du Code  de procedure  penale  (Decret  n\u00b0 2008-1490  du 30 d\u00e9cembre  2008  modifiant  le\nCode  de proc\u00e9dure  p\u00e9nale)  ;\nVu L. 331-1  du Code  p\u00e9nitentiaire,  et les art1e1es  R. 311-3,  R. 311-4,  R. 331-1  et R. 331-2  introduits  par le\nd\u00e9cret  n\u00b0 2022-479  du 30 mars  2022  ;\nVu l'article  1* du d\u00e9cret  n\u00b0 2019-  1427  du 23 d\u00e9cembre  2019  ;\nVu l'arr\u00eat\u00e9  du ministre  de la justice  en date  du 1 septembre  2023  nommant  Monsieur  Keumian  Alain  YOMI,\nen qualit\u00e9  de Chef  d'\u00c9tablissement  de la Maison  d'Arr\u00eat  d'Amiens  ;\nMonsieur  Keumian  Alain  YOMI,  Chef  d'\u00c9tablissement  de la Maison  d'Arr\u00eat  d'Amiens\nARRETE\nArticle  1 :\nD\u00e9l\u00e9gation  permanente  est donn\u00e9e  \u00e0 Mme  RANDRIANARISON  Claudette,  Attach\u00e9e  d'Administration  de la\nMaison  d'Arr\u00eat  d'Amiens,  aux  fins  de signer  tout  arr\u00eat\u00e9,  d\u00e9cision,  acte,  document,  correspondance  se rapportant\n\u00e0 l'exercice  des attributions  vis\u00e9es  dans  le tableau  ci-dessous.\nArticle  2 :\nD\u00e9l\u00e9gation  permanente  est donn\u00e9e  \u00e0 Mme  FLINOIS  Sabrina,  Responsable  du Greffe  par 1nter1m  et Capitaine\nde la Maison  d'Arr\u00eat  d'Amiens,  aux  fins  de signer  au nom  du chef  d'\u00c9tablissement,  toutes  les d\u00e9cisions\nadministratives  individuelles  et de comp\u00e9tences  vis\u00e9es  dans  le tableau  ci-dessous.\nArticle  3 : |\nD\u00e9l\u00e9gation  permanente  est donn\u00e9e  \u00e0 Mme  BIEUVELET  Odile,  AdJOlnte  au responsable  du Greffe  et\nSurveillante  Brigadier  de la Maison  d'Arr\u00eat  d'Amiens,  aux  fins  de signer  au nom  du chef  d'\u00c9tablissement,\ntoutes  les d\u00e9cisions  administratives  individuelles  et de comp\u00e9tences  vis\u00e9es  dans  le tableau  ci-dessous.\nArticle  4 :\nD\u00e9l\u00e9gation  permanente  est donn\u00e9e  \u00e0 M. LEFEBVRE  Pascal,  Survelllant  Brigadier,  de la Maison  d'Arr\u00eat\nd'Amiens,  aux  fins  de signer  tout  arr\u00eat\u00e9,  d\u00e9cision,  acte,  document,  correspondance  se rapportant  \u00e0 l'exercice\ndes attributions  vis\u00e9es  dans  le tableau  ci-dessous.\nArticle  S : | |\nDelegatlon  permanente  est donn\u00e9e  \u00e0 M. MORELLE  Jean-  Ph111ppe  Surveillant  Brigadier,  de la Maison  d'Arr\u00eat\n\u00dcl'\\lIllCIlb,  dUuA  llllb  UC blgIle  tout  dIICLC,  UCblblUIl  dbLC  UULUIIIUIIL  bUITCSpUIIdaIICE  se rappol  tant  a \u00cf\u00dbX\u00c9\u00cfCIC\u00db\ndes attributions  vis\u00e9es  dans  le tableau  ci-dessous.\nMaison d'Arr\u00eat d'Amiens - 80-2024-01-08-00001 - Arr\u00eat\u00e9 d\u00e9l\u00e9gation de signature GREFFE pour d\u00e9cisions administratives individuelles 10\nArticle  6 :\nD\u00e9l\u00e9gation  permanente  est donn\u00e9e  \u00e0 Mme  PAYET  Marie-Natacha,  Surveillante,  de la Maison  d'Arr\u00e9t\nd'Amiens,  aux  fins  de signer  tout  arr\u00eat\u00e9,  d\u00e9cision,  acte,  document,  correspondance  se rapportant  \u00e0 l'exercice\ndes attributions  vis\u00e9es  dans  le tableau  ci-dessous.\nArticle  7 : |\nD\u00e9l\u00e9gation  permanente  est donn\u00e9e  \u00e0 Mme  RABOUILLE  Ga\u00e9lle,  Adjointe  Administrative,  de la Maison  d'Arr\u00eat\nd'Amiens,v  aux  fins  de signer  tout  arr\u00eat\u00e9,  d\u00e9cision,  acte,  document,  correspon'dance  se rapportant  \u00e0 l'exercice\ndes attributions  vis\u00e9es  dans  le tableau  ci-dessous.\nArticle  8 : '\nD\u00e9l\u00e9gation  permanente  est donn\u00e9e  \u00e0 M. SEEUWS  Arnaud,  Surveillant,  de la Maison  d'Arr\u00eat  d'Amiens,  aux\nfins  de signer  tout  arr\u00eat\u00e9,  d\u00e9cision,  acte,  document,  correspondance  se rapportant  \u00e0 l'exercice  des attributions\nvis\u00e9es  dans  le tableau  ci-dessous.\nLe Chef  d'\u00e9tablissement\nDonne  d\u00e9l\u00e9gation  de signature,  aux  personnes  d\u00e9sign\u00e9es  et pour  les d\u00e9cisions  ci-dessous\nD\u00e9cisions  administratives  individuelles\nNotifier  aupr\u00e8s  d'une  personne  d\u00e9tenue  et pour  valoir  signification  \u00e0 personne  par exploit  d'huissier  toute\nd\u00e9cision  (Articles  555-1  et D. 46-2  du Code  de proc\u00e9dure  p\u00e9nale)\nRecevoir  et transmettre  toutes  les demandes  d'actes  ou de mesures  utiles  \u00e0 l'instruction,  les demandes  de mise\nen libert\u00e9,  les requ\u00e9tes  en annulation,  les pourvois  ou les oppositions  pouvant  \u00e9tre  form\u00e9s  par les d\u00e9tenus  au\nmoyen  de d\u00e9clarations  aupr\u00e8s  du Chef  d'\u00c9tablissement  P\u00e9nitentiaire  | -\nCes  d\u00e9clarations,  doivent  \u00eatre  notifi\u00e9es  aux  personnes  d\u00e9tenues,  sont  dat\u00e9es  et sign\u00e9es  par  le fonctionnaire\nd\u00e9sign\u00e9  et adress\u00e9es  sans  d\u00e9lai  \u00e0 l'autorit\u00e9  judiciaire  (Articles  D. 52-1  du Code  de proc\u00e9dure  p\u00e9nale)\nOrganiser  la conservation,  la restitution  et la consultation  des documents  personnels,  des  documents\nm\u00e9ntionnant  le motif  d'\u00e9crou  des personnes  d\u00e9tenues  \u2014 R. 331-1  du Code  p\u00e9nitentiaire\nA Amiens,  le 8 janvier  2024\nLe Directeur,\neumidn-Alain  YOMI\nNs\nMaison d'Arr\u00eat d'Amiens - 80-2024-01-08-00001 - Arr\u00eat\u00e9 d\u00e9l\u00e9gation de signature GREFFE pour d\u00e9cisions administratives individuelles 11\nPr\u00e9fecture de la R\u00e9gion Haute Normandie\n80-2023-12-28-00008\nArr\u00eat\u00e9 interd\u00e9partemental du 28 d\u00e9cembre\n2023 portant modification des statuts du\nsyndicat intercommunal d'alimentation en eau\net d'assainissement de la r\u00e9gion de\nVieux-Rouen-sur-Bresle\nPr\u00e9fecture de la R\u00e9gion Haute Normandie - 80-2023-12-28-00008 - Arr\u00eat\u00e9 interd\u00e9partemental du 28 d\u00e9cembre 2023 portant\nmodification des statuts du syndicat intercommunal d'alimentation en eau et d'assainissement de la r\u00e9gion de Vieux-Rouen-sur-Bresle 12\nEx\nDE LA SEINE. DE LA SOMME MARITIME  \u0152';'  dsLibert\u00e9  Rs\u00c9galit\u00e9  . Frateritts Fraternit\u00e9\nDirection  de la cito\u00ffennet\u00e9'et  de la l\u00e9galit\u00e9\nBureau.de  l'intercommunalit\u00e9  et du contr\u00f4le  de l\u00e9galit\u00e9\nArr\u00e9t\u00e9 interd\u00e9partemental  du 28 DEC.  2023\nportant  modification  des  statuts  du syndicat  intercommunal  d'alimentation  en eau  et d'assainissement\nde la r\u00e9gion  de Vieux-Rouen-sur-Bresle\nVu\nVu\nVu\nVu\nVu\nVu\nVu\nVu\nVu\nVu-\nVuLe pr\u00e9fet  de la r\u00e9gion  Normandie,  . Le pr\u00e9fet  de la Somme\npr\u00e9fet  de la Seine-Maritime,  Chevalier  de la L\u00e9gion  d'honneur\nChevalier  de la L\u00e9gion  d'honneur  .\nOfficier  de I'Ordre  national  du M\u00e9rite\nle code  g\u00e9n\u00e9ral  des  collectivit\u00e9s  territoriales  (CGCT)  et notamment  ses -articles  L:5212-1  et\nsuivants,  L.5214-21  et L.5711-1  et suivants;\nle d\u00e9cret  n\u00b0 2004-374  du 29 avril  2004  modifi\u00e9  relatif  aux pouvoirs  des pr\u00e9fets,  \u00e0 l'organisation  et\n\u00e0 l'action  des  services  de l'\u00c9tat  dans  les r\u00e9gions  et les d\u00e9partements  ; -\ne d\u00e9cret  du Pr\u00e9sident  de la R\u00e9publique  du 11 janvier  2023  portant  nomination  de M. Jean-Benoit\nALBERTINI,  pr\u00e9fet  de l\u00e0 r\u00e9gion  Normandie,_pr\u00e9fet  de la Seine-Maritime  ;\nle d\u00e9cret  du Pr\u00e9sident  de la R\u00e9publique  du 13 juillet  2023  portant  nomination  de M. Rollon\nMOUCHEL-BLAISOT,  pr\u00e9fet  de la Somme,  \u00e0 compter  du'23  ao\u00fbt  2023  :\nl'arr\u00eat\u00e9  pr\u00e9fectoral:du  31 oc\"cobre  1961  autorisant  'la. cr\u00e9ation  du syndicat-  intercommunal\nd'alimentation  en eau  potable  de Vieux-Rouen-sur-Bresle  ; -\nl'arr\u00eat\u00e9  pr\u00e9fectoral  du 2 octobre  1972  portant  sur  l'extension  des  attributions  du syndicat\nintercommunal  d'alimentation  en eau  p\u00f4table  de Vieux-Rouen-sur-Bresle  : -\nl'arr\u00eat\u00e9  pr\u00e9fectoral  du'22  d\u00e9cembre  2016  portant  cr\u00e9ation-de'la  communaut\u00e9  de communes\nSomme  Sud-Ouest  issue  de la fusion  de la communaut\u00e9  de communes  du Contynois,  de la\ncommunaut\u00e9  de communes  de la r\u00e9gion  de Oisemont  et de la communaut\u00e9  de communes  du\nSud  Ouest  Ami\u00e9nois  \u00e0 compter  du 1% janvier  2017  ; |\nl'arr\u00eat\u00e9  pr\u00e9fectoral  n\u00b0 23-035  du 30 janvier  2023  portant  d\u00e9l\u00e9gation  de signature  \u00e0 Mme  B\u00e9atrice\nSTEFFAN,  secr\u00e9taire  g\u00e9n\u00e9rale  de la pr\u00e9fecture  de la Seine-Maritime  ;\nFarr\u00e9t\u00e9  pr\u00e9fectoral  du 7 mars  2023  portant  extension  des  comp\u00e9tences  de la communaut\u00e9  de\ncommunes  Somme  Sud-Ouest  \u00e0 l'\u00ab assainissement  collectif  \u00bb \u00e0 compter-  du 1 janvier  2024  ;\nl'arr\u00eat\u00e9  pr\u00e9fectoral  du 31 juillet  2023  portant  d\u00e9l\u00e9gation  de signature  \u00e0 M. Emmanuel  MOULARD,\nsecr\u00e9taire  g\u00e9n\u00e9ral  de la pr\u00e9fecture  de la Somme  : .\nl'arr\u00e9t\u00e9  pr\u00e9fectoral  du 8 d\u00e9cembre  2023  portant  modification  des statuts  du syndicat\nintercommunal  d'alimentation  en eau  et d'assainissement  de la r\u00e9gion  de Vieux-Rouen-sur-Bresle\nconstatant  la repr\u00e9sentation/substitution  de la communaut\u00e9  de communes  Somme  Sud-ouest\nau 1* janvier  2024  pour  la comp\u00e9tence  assainissement  collectif-\nPr\u00e9fecture  de la Seine-Maritime\n7 place  de la Madeleine  - CS 16036  - 76036  ROUEN  CEDEX\nStandard\nCourriel  :: 0232  76 50 00\nprefecture@seine-maritime.gouv.fr\nPr\u00e9fecture de la R\u00e9gion Haute Normandie - 80-2023-12-28-00008 - Arr\u00eat\u00e9 interd\u00e9partemental du 28 d\u00e9cembre 2023 portant\nmodification des statuts du syndicat intercommunal d'alimentation en eau et d'assainissement de la r\u00e9gion de Vieux-Rouen-sur-Bresle 13\nConsid\u00e9rant  que  la communaut\u00e9  de communes  Somme  Sud-Ouest  exerce  depuis  sa cr\u00e9ation  au 1\u00a2\njanvier  2017  la comp\u00e9tence  \u00ab assainissement  non  collectif  \u00bb sur l'ensemble  de son territoire  ;\nConsid\u00e9rant  que  la commune  de Saint-L\u00e9ger-sur-Bresle  est membre  de la communaut\u00e9  de communes\nSomme  Sud-Ouest  depuis  sa cr\u00e9ation  le 1\" janvier  2017  et du syndicat  intercommunal  d'alimentation  en\neau  et d'assainissement  de la r\u00e9gion  de Vieux-Rouen-sur-Bresle  au titre  de l'exercice  des  comp\u00e9tences\n\u00ab adduction  d'eau  potable  \u00bb'depuis  le 31 octobre  1961,  \u00ab assainissement  collectif  \u00bb et \u00ab assainissement\nnon  collectif  \u00bb depuis  le 2 octobre  1972  ;\nConsid\u00e9rant  la repr\u00e9sentation/substitution  de la communaut\u00e9  de communes  Somme  Sud-Ouest  au sein\ndu syndicat  sur le p\u00e9rim\u00e8tre  de la commune  de Saint-L\u00e9ger-sur-Bresle  au 1\" janvier  2024  au titre  de la\ncomp\u00e9tence  \u00ab assainissement  non  collectif  \u00bb ;\nConsid\u00e9rant  - que  la communaut\u00e9  de communes  Somme  Sud-Ouest  - aurait  d\u00fb venir  en\nrepr\u00e9sentation/substitution  de la commune  de Saint-L\u00e9ger-sur-Bresle  au sein  du syndicat  intercommunal\nd'alimentation  en eau  et d'assainissement  de la r\u00e9gion  de Vieux-Rouen-sur-Bresle  au 1\u00b0\" janvier  2017  ;\nSur proposition  des secr\u00e9taires  g\u00e9n\u00e9raux  des pr\u00e9fectures  de la Seine-Maritime  et de la Somme,\nARR\u00caTENT\nArticie  1 : La communaut\u00e9  de communes  Somme  Sud-Ouest  s\u00e8 substitue  \u00e0 la commune  de Saint-L\u00e9ger-\nsur-Bresle  pour  lacomp\u00e9tence  \u00ab assainissement  non  collectif  \u00bb au sein  du syndicat.\nArticle  2 : Les secr\u00e9taires  g\u00e9n\u00e9raux  des pr\u00e9fectures  de la Seine-Maritime  et de la Somme,  le directeur\nr\u00e9gional  des  finances  publiques  de Normandie;  le directeur  d\u00e9partemental  des  finances  publiques  de la\nSomme,  le pr\u00e9sident  du.syndicat  intercommunal  d'alimentation  en eau  et d'assainissement  de la r\u00e9gion\nde Vieux-Rouen-sur-Bresle  ainsi  que  les maires  des  communes  et pr\u00e9sident  d\u00e9 l'EPCI  membres  du\nsyndicat  sont  charg\u00e9s,  chacun  en ce qui le concerne,  de l'ex\u00e9cution-du'pr\u00e9sent  arr\u00eat\u00e9  qui  est-publi\u00e9  aux\nrecueils  des  actes  administratifs  de la pr\u00e9fecture  de la Seine-Maritime  et de la pr\u00e9fecture  de la Somme.\nPour  le pr\u00e9fet  de la Seine-Maritime\nPour  le pr\u00e9fet  st par d\u00e9l\u00e9gation,\n. m \u00a3 meutLs secrocais  g\u00e9n\u00e9raie )\nVoies  et d\u00e9lais  de recours  - Conform\u00e9ment  aux  dispositions  des  articles  R 42141  \u00e0 R 421-5  du code  de justice  administrative,  le pr\u00e9sent\narr\u00eat\u00e9  peut  faire  l'objet.d'un  recours  contentieux  devant  le tribunal  administratif  de Rouen  dans  le d\u00e9lai  de deux  mois  \u00e0 compter  de\nsa publication.  Le tribunal  administratif  peut  \u00eatre  saisi  par  l'application  T\u00e9l\u00e9recours  citoyens,  accessible  par  le site  www.telerecours.fr.\n2/2\nPr\u00e9fecture de la R\u00e9gion Haute Normandie - 80-2023-12-28-00008 - Arr\u00eat\u00e9 interd\u00e9partemental du 28 d\u00e9cembre 2023 portant\nmodification des statuts du syndicat intercommunal d'alimentation en eau et d'assainissement de la r\u00e9gion de Vieux-Rouen-sur-Bresle 14\nPr\u00e9fecture de la Somme - Cabinet\n80-2024-01-05-00004\nAP 24/008 : Arr\u00eat\u00e9 de renouvellement autorisant\nla captation, l\u25a1enregistrement et la transmission\nd\u25a1images au moyen de cam\u00e9ras install\u00e9es sur les\na\u00e9ronefs au profit des forces de s\u00e9curit\u00e9\nint\u00e9rieure du d\u00e9partement de la Somme\nPr\u00e9fecture de la Somme - Cabinet - 80-2024-01-05-00004 - AP 24/008 : Arr\u00eat\u00e9 de renouvellement autorisant la captation,\nl\u25a1enregistrement et la transmission\nd\u25a1images au moyen de cam\u00e9ras install\u00e9es sur les a\u00e9ronefs au profit des forces de s\u00e9curit\u00e9 int\u00e9rieure du d\u00e9partement de la Somme15\nE  .  Arr\u00eat\u00e9  n\u00b0 24/008\nPR\u00c9FET\nDE LA SOMME\nLibert\u00e9\n\u00c9galit\u00e9\nFraternit\u00e9\nArr\u00eat\u00e9  de renouvellement  autorisant  la captation,  I'enregistrement  et la transmission\nd'images  au moyen  de cam\u00e9ras  install\u00e9es  sur les a\u00e9ronefs\nau profit  des  forces  de s\u00e9curit\u00e9  int\u00e9rieure  du d\u00e9partement  de la Somme\nVu le r\u00e8glement  d'ex\u00e9cution  (UE)  n\u00b0923/2012  modifi\u00e9  de la commission  du 26 septembre  2012  \u00e9tablissant\nles r\u00e8gles  de l'air  communes  et des  dispositions  op\u00e9rationnelles  relatives  aux  services  et proc\u00e9dures  de\nnavigation  a\u00e9rienne  et modifiant  le r\u00e8glement  d'ex\u00e9cution  (UE)  n\u00b01035/2011,  ainsi  que  les r\u00e8glements  (CE)\nn\u00b01265/2007,  (CE)  n\u00b01794/2006,  (CE)  n\u00b0730/2006,  (CE)  n\u00b01033/2006  et (UE)  n\u00b0255/2010  ;\nVu le r\u00e8glement  (UE)  2016/679  du Parlement  europ\u00e9en  et du Conseil  du 27 avril  2016,  relatif  \u00e0 la\nprotection  des  personnes  physiques  \u00e0 l'\u00e9gard  du traitement  des  donn\u00e9es  \u00e0 caract\u00e8re  personnel  et \u00e0 la\nlibre  circulation  de ces donn\u00e9es  ;\nVu le code  de l'aviation  civile  et notamment  l'article  R 13111  ;\nVu le code  de la s\u00e9curit\u00e9  int\u00e9rieure  et notamment  ses articles  L. 242-1  \u00e0 L. 242-8  et R. 242-8  \u00e0 R. 242-14  ;\nVu la loi n\u00b0 2018-493  du 20 juin  2018  relative  \u00e0 la protection  des  donn\u00e9es  personnelles  ;\nVu le d\u00e9cret  n\u00b0 2004-374  du 29 avril  2004  modifi\u00e9,  relatif  aux  pouvoirs  des  pr\u00e9fets,  \u00e0 l'organisation  et \u00e0\nl'action  des  services  de l'Etat  dans  les r\u00e9gions  et d\u00e9partements  ;\nVu le d\u00e9cret  du 17 novembre  2021  nommant  M. Florian  STRASER  sous-pr\u00e9fet,  directeur  de cabinet  du\nPr\u00e9fet  de la Somme  ;\nVu le d\u00e9cret  du 13 juillet  2023  nommant  M. Rollon  MOUCHEL-BLAISOT,  pr\u00e9fet  de la Somme  \u00e0 compter  du\n24 juillet  2023  ;\nVu l'arr\u00e9t\u00e9  du 31 juillet  2023  portant  d\u00e9l\u00e9gation  de signature  \u00e0 M. Florian  STRASER,  sous-pr\u00e9fet,  directeur\nde cabinet  du pr\u00e9fet  de la Somme  ;\nVu l'arr\u00e9t\u00e9  du 24 mars  2023  fixant  les conditions  d'utilisation  des  a\u00e9ronefs  militaires  et des  a\u00e9ronefs\nappartenant  \u00e0 l'\u00c9tat  et utilis\u00e9s  par  les services  de douanes,  de s\u00e9curit\u00e9  publique  et de s\u00e9curit\u00e9  civile  qui\ncirculent  sans  \u00e9quipage  \u00e0 bord  ;\nVu l'arr\u00e9t\u00e9  du ministre  de l'int\u00e9rieur  et des  outres-mer,  en date  du 19 avril  2023  relatif  au nombre  maximal\nde cam\u00e9ras  install\u00e9es  sur des  a\u00e9ronefs  pouvant  \u00eatre  simultan\u00e9ment  utilis\u00e9es  dans  chaque  d\u00e9partement  et\ncollectivit\u00e9  d'outre-mer  ;\nVu l'arr\u00e9t\u00e9  interd\u00e9partemental  autorisant  la captation,  I'enregistrement  et la transmission  d'images  au\nmoyen  de cam\u00e9ras  install\u00e9es  sur des  a\u00e9ronefs  dans  le cadre  de la mission  de lutte  contre  I'immigration\nclandestine  en zone  Nord  en date  du 07 septembre  2023  ;\nVu la note-express  de la direction  g\u00e9n\u00e9rale  de la gendarmerie  nationale  relative  \u00e0 la doctrine  d'emploi\nprovisoire  \u00ab s\u00e9curit\u00e9  publique  \u00bb des  cam\u00e9ras  a\u00e9roport\u00e9es  en mati\u00e8re  de protection  des  donn\u00e9es  \u00e0\ncaract\u00e8re  personnel  en date  du 20 avril  2023  ;\nVu la note  de service  de la direction  centrale  de la s\u00e9curit\u00e9  publique  relative  \u00e0 I'emploi  des  drones  en\nmati\u00e8re  de police  administrative  par  les services  de la direction  centrale  de la s\u00e9curit\u00e9  publique  en date\ndu 28 avril  2023  ;\nPr\u00e9fecture de la Somme - Cabinet - 80-2024-01-05-00004 - AP 24/008 : Arr\u00eat\u00e9 de renouvellement autorisant la captation,\nl\u25a1enregistrement et la transmission\nd\u25a1images au moyen de cam\u00e9ras install\u00e9es sur les a\u00e9ronefs au profit des forces de s\u00e9curit\u00e9 int\u00e9rieure du d\u00e9partement de la Somme16\nConsid\u00e9rant  qu'en  application  des  dispositions  susvis\u00e9es  les forces  de s\u00e9curit\u00e9  int\u00e9rieure  peuvent  mettre\nen \u0153uvre  les dispositifs  de cam\u00e9ras  install\u00e9es  sur des  a\u00e9ronefs  ;\nSur  proposition  du sous-pr\u00e9fet,  directeur  de cabinet  du pr\u00e9fet  de la Somme  ;\nARR\u00caTE\nArticle  1\u00b0\" : La captation,  l'enregistrement  et la transmission  d'images  au moyen  de cam\u00e9ras  install\u00e9es  sur\ndes  a\u00e9ronefs  sont  autoris\u00e9s  jusqu'au  09 avril  2024,  aux  fins  d'assurer  :\n1 - la pr\u00e9vention  des  atteintes  \u00e0 la s\u00e9curit\u00e9  des  personnes  et des  biens  dans  les lieux  particuli\u00e8rement\nexpos\u00e9s,  en raison  de leurs  caract\u00e9ristiques  ou de faits  qui s'y sont  d\u00e9ja  d\u00e9roul\u00e9s,  \u00e0 des  risques\nd'agression,  de vol ou de trafic  d'armes,  d'\u00eatres  humains  ou de stup\u00e9fiants,  ainsi  que  la protection  des\nb\u00e2timents  et installations  publics  et de leurs  abords  imm\u00e9diats,  lorsqu'ils  sont  particuli\u00e8rement  expos\u00e9s  \u00e0\ndes  risques  d'intrusion  ou de d\u00e9gradation  ;\n2 \u2014 la pr\u00e9vention  d'actes  de terrorisme  ;\n3 \u2014 la r\u00e9gulation  des  flux  de transport,  aux  seules  fins  du maintien  de l'ordre  et de la s\u00e9curit\u00e9  publique  ;\n4 \u2014 le secours  aux  personnes.\nArticle  2 : Le nombre  maximal  de cam\u00e9ras  pouvant  proc\u00e9der  simultan\u00e9ment  aux  traitements  mentionn\u00e9s\n\u00e0 l'article  1*\" dans  le d\u00e9partement  de la Somme  est fix\u00e9  \u00e0 70.\nArticle  3 : Les cam\u00e9ras  peuvent  \u00eatre  install\u00e9es  sur tous  types  d'a\u00e9ronefs  (drones,  h\u00e9licopt\u00e8res,  avions,\nballons  captifs,  etc.).\nArticle  4 : Le public  doit  \u00eatre  inform\u00e9  par  le service  utilisateur  de I'emploi  de dispositifs  de cam\u00e9ras\ninstall\u00e9es  sur des  a\u00e9ronefs.  Cette  information  peut  \u00eatre  faite  par  tous  moyens  appropri\u00e9s  tels  que  :\ndiffusion  sur les r\u00e9seaux  sociaux,  transmission  sonore  sur le lieu  de |'op\u00e9ration,  dispositif  physique  autour\ndes  lieux  de l'op\u00e9ration  (rubalise,  barri\u00e8res,  affiches),  etc.\nArticle  S : L'article  R. 242-13  du code  de la s\u00e9curit\u00e9  int\u00e9rieure  pr\u00e9cise  de mani\u00e8re  exhaustive  les situations\ndans  lesquelles  il peut  \u00eatre  d\u00e9rog\u00e9  au principe  d'information  du public  :\n- les missions  urgentes  ;\n- lorsque  les conditions  de l'op\u00e9ration  l'interdisent  ;\n- si l'information  entre  en contradiction  avec  les finalit\u00e9s  list\u00e9es  \u00e0 l'article  1. Ces  finalit\u00e9s  peuvent  justifier\nune  d\u00e9rogation  sur ce fondement.\nArticle  G : Les services  utilisateurs  sont  responsables  des  traitements  de donn\u00e9es  \u00e0 caract\u00e8re  personnel\nmis  en \u0153uvre  au moyen  de cam\u00e9ras  install\u00e9es  sur des  a\u00e9ronefs.  \u00c0 ce titre,  il leur  revient  :\n- de d\u00e9signer  et habiliter,  en application  de l'article  R. 242-10  du code  de la s\u00e9curit\u00e9  int\u00e9rieure,  les agents\nqui peuvent,  pendant  la dur\u00e9e  de l'intervention  ou pour  des  besoins  d'un  signalement  \u00e0 l'autorit\u00e9\njudiciaire,  acc\u00e9der  aux  images  capt\u00e9es  ;\n- de veiller  \u00e0 l'information  des  personnes  concern\u00e9es  ;\n- de veiller  au respect  des  r\u00e8gles  d'utilisation  :\ne les dispositifs  a\u00e9roport\u00e9s  ne peuvent  ni proc\u00e9der  \u00e0 la captation  du son,  ni comporter  de\ntraitement  automatis\u00e9  de reconnaissance  faciale  ;\n< hors  le cas  o\u00f9 ils sont  utilis\u00e9s  dans  le cadre  d'une  proc\u00e9dure  judiciaire,  administrative  ou\ndisciplinaire,  les enregistrements  sont  conserv\u00e9s  pendant  une  dur\u00e9e  maximale  de sept  jours  (7 jours)\n\u00e0 compter  de la fin du d\u00e9ploiement  du dispositif  ;\n\u00b0 les dispositifs  a\u00e9roport\u00e9s  sont  employ\u00e9s  de telle  sorte  qu'ils  ne visent  pas  \u00e0 recueillir  les images  de\nIint\u00e9rieur  des  domiciles,  ni de fa\u00e7on  sp\u00e9cifique,  celles  de leurs  entr\u00e9es.  Lorsque  le dispositif  conduit\n\u00e0 visualiser  ces  lieux,  l'enregistrement  est imm\u00e9diatement  interrompu.  Toutefois,  lorsqu'une  telle\ninterruption  n'a pu avoir  lieu  compte  tenu  des  circonstances  de lintervention,  les images\nenregistr\u00e9es  sont  supprim\u00e9es  dans  un d\u00e9lai  de 48 heures  \u00e0 compter  de la fin du d\u00e9ploiement  du\ndispositif,  sauf  transmission  dans  ce d\u00e9lai  dans  le cadre  d'un  signalement  \u00e0 l'autorit\u00e9  judiciaire,  sur le\nfondement  de l'article  40 du code  de proc\u00e9dure  p\u00e9nale.\nPr\u00e9fecture de la Somme - Cabinet - 80-2024-01-05-00004 - AP 24/008 : Arr\u00eat\u00e9 de renouvellement autorisant la captation,\nl\u25a1enregistrement et la transmission\nd\u25a1images au moyen de cam\u00e9ras install\u00e9es sur les a\u00e9ronefs au profit des forces de s\u00e9curit\u00e9 int\u00e9rieure du d\u00e9partement de la Somme17\nArticle  7 : Les t\u00e9l\u00e9pilotes  sont  tenus  de se conformer  aux  prescriptions  de la note  express  et de la note  de\nservice  susvis\u00e9es.\nArticle  8 : Le service  utilisateur  doit  transmettre  chaque  semaine  au pr\u00e9fet  un registre  contenant  :\n- le d\u00e9tail  de chaque  intervention  r\u00e9alis\u00e9e  ;\n- les finalit\u00e9s  poursuivies  ;\n- la dur\u00e9e  des  enregistrements  r\u00e9alis\u00e9s  ;\n- la liste  des  personnes  ayant  eu acc\u00e8s  aux  images,  y compris,  le cas \u00e9ch\u00e9ant,  au moyen  d'un  dispositif  de\nrenvoi  en temps  r\u00e9el.\nLe registre  se tient  sous  format  de type  tableur  communiqu\u00e9  de mani\u00e8re  d\u00e9mat\u00e9rialis\u00e9e  chaque  d\u00e9but  de\nsemaine.\nArticle  9 : Les t\u00e9l\u00e9pilotes  sont  tenus  d'exploiter  les a\u00e9ronefs  sans  \u00e9quipage  \u00e0 bord  de mani\u00e8re  \u00e0 ce qu'il\nn'en  r\u00e9sulte  pas  un risque  de dommage  aux  autres  a\u00e9ronefs  et prendront  les mesures  qu'ils  jugent\nn\u00e9cessaire  en mati\u00e8re  d'att\u00e9nuation  de risques  : \u00e9coute  sur les fr\u00e9quences  VHF  d'auto-informations,\naccompagnateur  pour  observer  le ciel  pendant  les op\u00e9rations,  etc.\nLorsque  la mission  sera  situ\u00e9e  dans  la zone  critique  \u00e9tablie  en annexe  technique  jointe,  pour  les\na\u00e9rodromes  d'Amiens-Glisy,  d'Abbeville,  de P\u00e9ronne,  de Montdidier  et pour  les h\u00e9listations  du CHU\nAmiens-Picardie  et du CH  Abbeville  et les h\u00e9lisurfaces  de la clinique  Pauchet-  Europe,  du CH  Montdidier,\ndu CH  P\u00e9ronne  et du CH  Doullens,  l'organisateur  notifiera  dans  un d\u00e9lai  de pr\u00e9avis  suffisant  ses\nintentions  de survol  aux  responsables  d'exploitation  de ces  a\u00e9rodromes  ou au SAMUBO  si les plates-\nformes  h\u00e9licopt\u00e8re  \u00e9taient  concern\u00e9es.\nEn ce qui concerne  |'a\u00e9roport  international  Amiens  \u2014- Henry  Potez,  en raison  de l'existence  d'un  service  de\ncontr\u00f4le  de la circulation  a\u00e9rienne  auquel  est associ\u00e9  une  zone  de contr\u00f4le  a\u00e9rien  (CTR),  un protocole\n\u00e9tabli  avec  le Service  de la navigation  a\u00e9rienne  Nord  fixera  les conditions  d'utilisation  de drone  \u00e0\nl'int\u00e9rieur  du p\u00e9rim\u00e8tre  de cet  espace  a\u00e9rien.\nArticle  10 : Dans  le cas o\u00f9 les prescriptions  du pr\u00e9sent  arr\u00e9t\u00e9  ne seraient  pas  respect\u00e9es  cette  autorisation\ncesserait  d'\u00eatre  valable  imm\u00e9diatement.\nArticle  11 : Le pr\u00e9fet,  le commandant  du groupement  de gendarmerie  d\u00e9partementale  de la Somme,  le\ndirecteur  interd\u00e9partemental  de la police  nationale,  sont  charg\u00e9s,  chacun  en ce qui le concerne,  de\nl'ex\u00e9cution  du pr\u00e9sent  arr\u00eat\u00e9  qui sera  publi\u00e9  au recueil  des  actes  administratifs  de la pr\u00e9fecture  de la Somme.\nUne  copie  sera  adress\u00e9e  au d\u00e9l\u00e9gu\u00e9  de l'aviation  civile  des  Hauts-de-France  Sud.\nAmiens,  le = 5 JAN.  2024\nPour  le pr\u00e9fet  et par  d\u00e9l\u00e9gation,\nLe sous-pr\u00e9  i cabinet\nFlorian  STRASER\nVOIES  ET DELAIS  DE RECOURS\nLa pr\u00e9sente  d\u00e9cision  est susceptible  de faire,  dans  le d\u00e9lai  de deux  mois  suivant  la notification,  l'objet  des  voies  de recours  suivantes  :\n- Un recours  gracieux,  formul\u00e9  aupr\u00e8s  du pr\u00e9fet  de la Somme,  cabinet,  bureau  de la s\u00e9curit\u00e9  int\u00e9rieure,  51 rue  de la R\u00e9publique  80020  Amiens,\n- un recours  hi\u00e9rarchique,  aupr\u00e8s  du ministre  de l'Int\u00e9rieur,  direction  des  libert\u00e9s  publiques  et des  affaires  juridiques  \u2014 sous-direction  des  polices\nadministratives  - bureau  des  polices  administratives  \u2014 place  Beauvau  75800  Paris  cedex  08,\nCes  recours  sont  d\u00e9pourvus  de caract\u00e8re  suspensif.  En l'absence  de r\u00e9ponse  de l'administration  dans  un d\u00e9lai  de deux  mois  \u00e0 compter  de la date  de\nr\u00e9ception  de votre  recours,  celui-ci  doit  \u00eatre  consid\u00e9r\u00e9  comme  implicitement  rejet\u00e9.\n- Un recours  contentieux,  devant  le tribunal  administratif  d'Amiens  - 14 rue  Lemerchier  80000  Amiens  ou par  voie  \u00e9lectronique  par  le site\nwww.telerecours.fr.\nCe recours  juridictionnel  doit  \u00eatre  d\u00e9pos\u00e9  au plus  tard  avant  l'expiration  du deuxi\u00e8me  mois  \u00e0 compter  de la date  de notification  de la d\u00e9cision\ncontest\u00e9e,  ou dans  les deux  mois  suivant  la date  du rejet  de votre  recours  gracieux  ou hi\u00e9rarchique.\nPr\u00e9fecture de la Somme - Cabinet - 80-2024-01-05-00004 - AP 24/008 : Arr\u00eat\u00e9 de renouvellement autorisant la captation,\nl\u25a1enregistrement et la transmission\nd\u25a1images au moyen de cam\u00e9ras install\u00e9es sur les a\u00e9ronefs au profit des forces de s\u00e9curit\u00e9 int\u00e9rieure du d\u00e9partement de la Somme18\nAnnexe  technique\n- A\u00e9rodrome  d'Amiens-Glisy  :\n- Fr\u00e9quence  auto-information  : 123,405  MHz.\n- Exploitant  (Amiens-M\u00e9tropole)  : 03.22.22.59.82.\n- Zone  critique  : moins  de 5 km de tout  point  de la piste  rev\u00e9tue.\n- A\u00e9rodrome  d'Abbeville  :\n- Fr\u00e9quence  auto-information  : 120.060  MHz.\n- Exploitant  (AE2AB)  : 09.75.41.00.91  - 06.62.11.09.27.\n- Zone  critique  : moins  de 5 Km  de tout  point  de la piste  rev\u00e9tue.\n- A\u00e9rodrome  de P\u00e9ronne  :\n- Fr\u00e9quence  auto-information  : 129,805  MHz.\n- Exploitant  (communaut\u00e9  de communes  de Haute  Somme  : 03.22.84.27.51.\n- Zone  critique  : moins  de 5 km de tout  point  de la piste  rev\u00e9tue.\n- A\u00e9rodrome  de Montdidier  :\n- Fr\u00e9quence  auto-information  : 123.500  MHz.\n- Exploitant  (communaut\u00e9  de commune  du Grand  Roye)  : 03.22.37.50.50.\n- Zone  critique  : moins  de 5 km de la piste  en herbe.\n- A\u00e9roport  international  Amiens  - Henry  Potez  :\n- Fr\u00e9quence  auto-information  : 119,655  MHz.\n- Exploitant  (R\u00e9gie  de l'a\u00e9roport  d'Albert-Picardie)  : 03.22.74.38.10.\n- Tour  de contr\u00f4le  : 03.22.75.06.01.\n- Zone  critique  : utilisation  de drone  dans  la CTR  selon  protocole  \u00e9tabli  avec  le SNA/Nord.\n- Pour  les plates-formes  h\u00e9licopt\u00e8re  hospitali\u00e8res  :\n- Fr\u00e9quence  auto-  information  : NIL.\n- Num\u00e9ro  du SAMUBO  : 03.22.08.33.33.\n- Zone  critique  :\n- moins  de 500  m\u00e8tres  de la plate-forme  h\u00e9licopt\u00e8re  (DC).\nou:\n- \u00e9volution  \u00e0 une  hauteur  sup\u00e9rieure  \u00e0 celles  mentionn\u00e9es  ci-dessous  :\n- entre  1 km et 2,5 km - hauteur  50 m\u00e8tres  ;\n- entre  2,5 km et 3,5 km - hauteur  100  m\u00e8tres.\nUne  vigilance  particuli\u00e8re  sera  port\u00e9e  \u00e0 l'activit\u00e9  a\u00e9ronautique  venant  des  plateformes  ULM/avions  : le\nt\u00e9l\u00e9pilote  pourra  consulter  le site  geoportail,  avec  le filtre  \u00ab activit\u00e9  UA \u00bb, pour  identifier  ces  diff\u00e9rentes\nplateformes.\nPr\u00e9fecture de la Somme - Cabinet - 80-2024-01-05-00004 - AP 24/008 : Arr\u00eat\u00e9 de renouvellement autorisant la captation,\nl\u25a1enregistrement et la transmission\nd\u25a1images au moyen de cam\u00e9ras install\u00e9es sur les a\u00e9ronefs au profit des forces de s\u00e9curit\u00e9 int\u00e9rieure du d\u00e9partement de la Somme19","date":"2024-01-08","first_seen_on":"2024-08-24T23:08:03+00:00","id":"cf3e29ae467c69e83127d3fede4e7005faf2b73dfc4710ed630db5f811de4a32","name":"RAA n\u00b06 sp\u00e9cial du 8 janvier 2024","pdf_creation_date":"2024-01-08T14:14:54+00:00","pdf_modification_date":null,"timezone":"Europe/Paris","url":"https://www.somme.gouv.fr/contenu/telechargement/46192/310072/file/recueil-2024-006-recueil-des-actes-administratifs-special.pdf"}
