{"administration":"pref91","administration_name":"Pr\u00e9fecture de l\u2019Essonne","content":"PREFECTURE\nDE L'ESSONNE\nRECUEIL DES ACTES\nADMINISTRATIFS\nN\u00b091-2026-106\nPUBLI\u00c9 LE 17 AVRIL 2026\nSommaire\nDIRECTION DEPARTEMENTALE DES TERRITOIRES / BUREAU DE L'EAU\n91-2026-04-16-00005 - Arr\u00eat\u00e9 pr\u00e9fectoral n\u00b0 2026-DDT-SE-178 du 16\navril 2026 portant autorisation d'un concours de p\u00eache \u00e0 la truite\ndans la rivi\u00e8re Juine de 1?? cat\u00e9gorie (3 pages) Page 3\nPREFECTURE DE L'ESSONNE / DIRECTION DE LA COORDINATION DES\nPOLITIQUES PUBLIQUES ET DE L'APPUI TERRITORIAL\n91-2026-04-02-00017 - Arr\u00eat\u00e9 inter-pr\u00e9fectoral n\u00b0\n2026/02/DCSE/BPE/E du 26 mars 2026 portant ouverture d'une enqu\u00eate\npublique relative au renouvellement de l'autorisation environnementale\ndes op\u00e9rations de dragage et de gestion des s\u00e9diments du lot A de la\ndirection territoriale bassin de la Seine et Loire aval des voies navigables de\nFrance (VNF) (10 pages) Page 7\nPREFECTURE DE L'ESSONNE / DIRECTION DU CABINET DE LA SECURITE\nINTERIEURE ET DE LA PROTECTION CIVILE\n91-2026-04-17-00001 - Arr\u00eat\u00e9 n\u00b02026-PREF-DCSIPC-BOPCS-651 du 17\navril 2026 portant interdiction temporaire de rassemblements festifs non\nd\u00e9clar\u00e9s \u00e0 caract\u00e8re musical (Teknival, rave-party,\u00a0free party\u00a0,\nmultisons) dans le d\u00e9partement de l'Essonne du vendredi 17 avril 2026\nau dimanche 19 avril 2026 inclus (3 pages) Page 18\nDIRECTION DEPARTEMENTALE DES TERRITOIRES\n91-2026-04-16-00005\nArr\u00eat\u00e9 pr\u00e9fectoral n\u00b0 2026-DDT-SE-178 du 16\navril 2026 portant autorisation d'un concours de\np\u00eache \u00e0 la truite dans la rivi\u00e8re Juine de 1??\ncat\u00e9gorie\nExPREFETDE L'ESSONNELibert\u00e9Egalit\u00e9Fraternit\u00e9\nArr\u00eat\u00e9 pr\u00e9fectoral n\u00b0 2026-DDT-SE-178 du 16 avril 2026\nportant autorisation d'un concours de p\u00eache \u00e0 la truite dans la rivi\u00e8re Juine de 1  cat\u00e9gorie\u02b3\u1d49\nLA PR\u00c9F\u00c8TE DE L'ESSONNE\nChevalier de la L\u00e9gion d'Honneur\nOfficier de l'Ordre National du M\u00e9rite\nVU le code de l'environnement, livre IV, titre III  et notamment son article R. 436-22\u00a0;\nVU le d\u00e9cret n\u00b0\u00a02004-374 du 29 avril 2004 modifi\u00e9 relatif aux pouvoirs des pr\u00e9fets, \u00e0 l'organisation et \u00e0  \nl'action des services de l'\u00c9tat dans les r\u00e9gions et d\u00e9partements\u00a0;\nVU  le d\u00e9cret du 27 ao\u00fbt 2025 portant nomination de Madame Fabienne BALUSSOU, en qualit\u00e9 de  \npr\u00e9f\u00e8te de l'Essonne\u00a0;\nVU l'arr\u00eat\u00e9 pr\u00e9fectoral n\u00b0\u00a02010-DDT-SE-1120 du 13 octobre 2010 modifiant l'arr\u00eat\u00e9 pr\u00e9fectoral n\u00b0 \u00a02005-\nDDAF-SE-1193 du 21 d\u00e9cembre 2005 fixant la r\u00e9partition des comp\u00e9tences entre les services dans le  \ndomaine de la police et de la gestion des eaux superficielles, souterraines et de la p\u00eache et abrogeant  \nl'arr\u00eat\u00e9 pr\u00e9fectoral n\u00b0\u00a02008-DDAF-SE-1177 du 31 d\u00e9cembre 2008\u00a0;\nVU  l'arr\u00eat\u00e9  pr\u00e9fectoral  n\u00b0  334-2024-DDT  du  31  ao\u00fbt  2024 portant  organisation  des  services  de  la  \ndirection d\u00e9partementale des territoires \u00e0 compter du 1er\n septembre 2024 \u00a0;\nVU l'arr\u00eat\u00e9 pr\u00e9fectoral n\u00b0 2024-DDT-SE-BE-169 du 26 avril 2024 portant r\u00e9glementation permanente de \nl'exercice de la p\u00eache en eau douce dans le d\u00e9partement de l'Essonne\u00a0;\nVU  l'arr\u00eat\u00e9  pr\u00e9fectoral  n\u00b0  2025-PREF-DCPPAT-BCA-362  du  15  octobre  2025  portant  d\u00e9l\u00e9gation  de \nsignature  \u00e0  Mme  Simone  SAILLANT,  Ing\u00e9nieure  g\u00e9n\u00e9rale  des  ponts,  eaux  et  des  for\u00eats  de  classe  \nnormale, Directrice d\u00e9partementale des territoires de l'Essonne\u00a0;\nVU l'arr\u00eat\u00e9 pr\u00e9fectoral n\u00b0 388-2025-DDT-SCVDS-BAJ du 15 octobre 2025 portant subd\u00e9l\u00e9gation de  \nsignature de Madame SAILLANT Simone\u00a0;\nVU la demande de la pr\u00e9sidente de l'Association Agr\u00e9\u00e9e de P\u00eache et de Protection du Milieu Aquatique \n(AAPPMA) d'Ormoy-la-Rivi\u00e8re dat\u00e9e du 2 mars 2026\u00a0;\nVU l'avis favorable de la F\u00e9d\u00e9ration D\u00e9partementale des Associations Agr\u00e9\u00e9es pour la P\u00eache et la  \nProtection des Milieux Aquatiques du 2 mars 2026\u00a0;\nVU l'avis favorable de l'Office Fran\u00e7ais de la Biodiversit\u00e9 du 10 mars 2026\u00a0;\nCONSID\u00c9RANT que la demande est conforme aux exigences du code de l'environnement\u00a0;\nSUR proposition de la directrice d\u00e9partementale des territoires de l'Essonne ;\n1/3\nDirection d\u00e9partementale des territoires\nService environnement\nBureau de l'eau\n\nARR\u00caTE\nARTICLE 1  \u00a0  :\nL'Association Agr\u00e9\u00e9e de la P\u00eache et de la Protection du Milieu Aquatique (AAPPMA) d'Ormoy-la-Rivi\u00e8re, \nrepr\u00e9sent\u00e9e par sa pr\u00e9sidente Samantha LEVESQUE, est autoris\u00e9e \u00e0 organiser le dimanche 7 juin 2026,  \nde 8 heures 30 \u00e0 11 heures, un concours de p\u00eache \u00e0 la truite sur la rivi\u00e8re \u00ab \u00a0Juine\u00a0\u00bb \u00e0 la hauteur de la  \nR\u00e9sidence \u00ab\u00a0Les Rives de la Juine\u00a0\u00bb sur la commune d'Ormoy-la-Rivi\u00e8re.\nARTICLE 2  \u00a0  :\nCette manifestation devra se d\u00e9rouler dans le cadre de la r\u00e9glementation en vigueur, et notamment de \nl'arr\u00eat\u00e9 pr\u00e9fectoral n\u00b0 2024-DDT-SE-169 du 26 avril 2024 portant r\u00e9glementation de l'exercice de la  \np\u00eache en eau douce dans le d\u00e9partement de l'Essonne.\nLes heures d'interdiction, les modes de p\u00eache, les r\u00e9serves de p\u00eache, le nombre et la taille des captures \nseront respect\u00e9s.\nLe  nombre  maximum  de  capture  de  salmonid\u00e9s  autoris\u00e9  par  p\u00eacheur  et  par  jour  est  de  5,  \nconform\u00e9ment \u00e0 l'article 8 de l'arr\u00eat\u00e9 pr\u00e9fectoral n\u00b02024-DDT-SE-169 du 26 avril 2024 susvis\u00e9.\nLe concours de p\u00eache \u00e9tant r\u00e9alis\u00e9 dans le cadre de la journ\u00e9e annuelle de promotion de la p\u00eache fix\u00e9e \npar arr\u00eat\u00e9 du ministre charg\u00e9 de la p\u00eache en eau douce et dans le cadre des activit\u00e9s organis\u00e9es \u00e0 cette \noccasion par les f\u00e9d\u00e9rations d\u00e9partementales ou interd\u00e9partementales des associations agr\u00e9\u00e9es de  \np\u00eache et de protection du milieu aquatique, la possession d'une carte de p\u00eache pr\u00e9vue \u00e0 l'article  \nL\u00a0436-1 du code de l'environnement n'est pas obligatoire.\nL'organisateur veillera toutefois \u00e0 rappeler \u00e0 l'ensemble des participants la r\u00e9glementation relative \u00e0 la  \np\u00eache qui s'applique malgr\u00e9 tout.\nARTICLE 3  \u00a0  :\nDans le cadre de cette manifestation, un d\u00e9versement de 70 kg de truite arc-en-ciel en provenance de  \nla pisciculture agr\u00e9\u00e9e BARBEROT \u00e0 ABBEVILLE-LA-RIVIERE (91) sera r\u00e9alis\u00e9.\nConform\u00e9ment \u00e0 l'article L 436-6 du code de l'environnement aucun barrage appareil ou \u00e9tablissement \nquelconque de p\u00eacherie ayant pour objet d'emp\u00eacher enti\u00e8rement le passage du poisson ou de le  \nretenir captif ne peut \u00eatre install\u00e9.\nLes esp\u00e8ces captur\u00e9es susceptibles de cr\u00e9er des \u00a0 d\u00e9s\u00e9quilibres biologiques ne peuvent \u00eatre remises \u00e0  \nl'eau et doivent \u00eatre d\u00e9truites.\nARTICLE 4  \u00a0  : \nLa p\u00eache sera effectu\u00e9e sous contr\u00f4le de la F\u00e9d\u00e9ration de l'Essonne de p\u00eache et de protection du  \nmilieu  aquatique  et  /  ou  de  l'AAPPMA  d'Ormoy-la-Rivi\u00e8re.  En  cas  d'infractions  commises  par  les  \nparticipants, les sanctions applicables seront celles encourues par tout p\u00eacheur.\nARTICLE 5  \u00a0  :\nCe  concours  de  p\u00eache  est  plac\u00e9  sous  l'enti\u00e8re  responsabilit\u00e9  de  l'organisateur  qui  demeure  seul  \nresponsable des dommages qui pourraient \u00eatre commis pour quelque cause que ce soit.\nEn aucun cas, la responsabilit\u00e9 de l'\u00c9tat ne pourra \u00eatre recherch\u00e9e pour les accidents ou incidents qui  \npourraient survenir du fait de cette manifestation et des conditions de d\u00e9bit de la rivi\u00e8re.\n2/3\nLe  pr\u00e9sent  arr\u00eat\u00e9  ne  dispense  en  aucun  cas  l'organisateur  d'obtenir  les  autorisations  requises  par \nd'autres r\u00e9glementations.\nARTICLE 6  \u00a0  :\nLes infractions au pr\u00e9sent arr\u00eat\u00e9 seront constat\u00e9es par proc\u00e8s verbaux et r\u00e9prim\u00e9es conform\u00e9ment aux \ntextes en vigueur.\nARTICLE 7  \u00a0  :\nIl est interdit aux participants et aux membres de l'organisation de jeter, de verser ou de laisser tomber \nou s'\u00e9couler des objets, substances de nature \u00e0 porter atteinte \u00e0 la qualit\u00e9 du milieu aquatique et de  \nl'environnement.\nARTICLE 8  \u00a0  :\nLes droits des tiers sont et demeurent express\u00e9ment r\u00e9serv\u00e9s.\nARTICLE 9 \u2013 D\u00e9lais et voies de recours\u00a0:\nLe pr\u00e9sent arr\u00eat\u00e9 peut faire l'objet d'un recours gracieux ou hi\u00e9rarchique dans un d\u00e9lai de deux mois \u00e0  \ncompter de sa notification.\nIl peut faire l'objet d'un recours contentieux devant le tribunal administratif de Versailles dans un d\u00e9lai  \nde  deux  mois  \u00e0  compter  de  sa  notification,  par  voie  postale  (56,  avenue  de  Saint-Cloud,  78011  \nVersailles) ou par voie \u00e9lectronique (https://www.telerecours.fr/).\nARTICLE 10 - Publication et information des tiers\u00a0:\nLe pr\u00e9sent arr\u00eat\u00e9 est publi\u00e9 au recueil des actes administratifs de la pr\u00e9fecture de l'Essonne.\nUne copie du pr\u00e9sent arr\u00eat\u00e9 sera transmise aux maires des communes concern\u00e9es pour affichage  \ndurant toute la dur\u00e9e de validit\u00e9 de l'autorisation.\nARTICLE 11 \u2013 Ex\u00e9cution\u00a0:\nLa directrice d\u00e9partementale  des territoires de l'Essonne, l e Secr\u00e9taire G\u00e9n\u00e9ral de la Pr\u00e9fecture de  \nl'Essonne,  la  Directrice  D\u00e9partementale  des  Territoires,  le  Commandant  du  groupement  de  \ngendarmerie  de  l'Essonne,  le  directeur  d\u00e9partemental  de  la  s\u00e9curit\u00e9  publique,  le  Chef  du  service \nd\u00e9partemental  de l'Essonne  de l'Office Fran\u00e7ais de la Biodiversit\u00e9, le  Pr\u00e9sident de la F\u00e9d\u00e9ration de  \nl'Essonne des Associations Agr\u00e9\u00e9es pour la P\u00eache et la Protection du Milieu Aquatique, sont charg\u00e9s,  \nchacun en ce qui les concerne, de l'ex\u00e9cution du pr\u00e9sent arr\u00eat\u00e9.\nPour la Pr\u00e9f\u00e8te de l'Essonne et par d\u00e9l\u00e9gation,\nPour la directrice d\u00e9partementale des territoires et par subd\u00e9l\u00e9gation,\nle chef du bureau de l'eau\nSign\u00e9\nKevin THOMAS\n3/3\nPREFECTURE DE L'ESSONNE\n91-2026-04-02-00017\nArr\u00eat\u00e9 inter-pr\u00e9fectoral n\u00b0 2026/02/DCSE/BPE/E\ndu 26 mars 2026 portant ouverture d'une\nenqu\u00eate publique relative au renouvellement de\nl'autorisation environnementale des op\u00e9rations\nde dragage et de gestion des s\u00e9diments du lot A\nde la direction territoriale bassin de la Seine et\nLoire aval des voies navigables de France (VNF)\nREPUBLIQUEFRANCAISELibert\u00e9Egalit\u00e9Fratensit\u00e9e\n Direction de la Coordination\ndes Services de l'\u00c9tat\nLe pr\u00e9fet de Seine-et-Marne\nChevalier de la L\u00e9gion d'honneur\nOfficier de l'ordre national du M\u00e9rite\nLa Pr\u00e9f\u00e8te de l'Aisne Le Pr\u00e9fet de l'Aube,\nChevalier de l'Ordre National du M\u00e9rite\nLa Pr\u00e9f\u00e8te de l'Essonne\nChevalier de la L\u00e9gion d'honneur\nOfficier de l'Ordre national du m\u00e9rite\nLe Pr\u00e9fet de la Marne\nLe Pr\u00e9fet du Val-de-Marne\nLe Pr\u00e9fet de la Seine-Saint-Denis\nChevalier de la L\u00e9gion d'honneur\nChevalier de l'Ordre national du m\u00e9rite\nArr\u00eat\u00e9  inter-pr\u00e9fectoral  n\u00b02026/02/DCSE/BPE/E  du  26  mars  2026  portant  o uverture  d'une  enqu\u00eate\npublique relative au renouvellement de l'autorisation environnementale des op\u00e9rations de dragage et de\ngestion des s\u00e9diments du lot A de la direction territoriale Bassin de la Seine et Loire aval des Voies\nNavigables de France (VNF).\nVU le Code de l'environnement ;\nVu le  d\u00e9cret  du  pr\u00e9sident  de  la  R\u00e9publique  du  25  ao\u00fbt  2023  portant  nomination  de\nMonsieur S\u00e9bastien LIME, secr\u00e9taire g\u00e9n\u00e9ral de la pr\u00e9fecture de Seine-et-Marne ;\nVU le d\u00e9cret du pr\u00e9sident de la R\u00e9publique en date du 06 septembre 2023 portant nomination de\nMonsieur Pierre ORY, pr\u00e9fet de Seine-et-Marne ;\nVU le  d\u00e9cret  du  pr\u00e9sident  de  la  R\u00e9publique  du  23  octobre  2024  portant  nomination  de\nMonsieur Pascal COURTADE, pr\u00e9fet de l'Aube ;\nVU le  d\u00e9cret  du  pr\u00e9sident  de  la  R\u00e9publique  du  6  novembre  2024  portant  nomination  de\nMadame Fanny ANOR, pr\u00e9f\u00e8te de l'Aisne ;\nVU le  d\u00e9cret  du  pr\u00e9sident  de  la  R\u00e9publique  du  6  novembre  2024  portant  nomination  de\nMonsieur Etienne STOSKOPF, pr\u00e9fet du Val-de-Marne ;\nVU  le  d\u00e9cret  du  pr\u00e9sident  de  la  R\u00e9publique  du  6  novembre  2024  portant  nomination  de\nMonsieur Julien CHARLES, pr\u00e9fet de la Seine-Saint-Denis ;\nVU le  d\u00e9cret  du  pr\u00e9sident  de  la  R\u00e9publique  du  23  juillet  2025  portant  nomination  de\nMonsieur Romain ROYET, pr\u00e9fet de la Marne ;\n1\n\nVU le d\u00e9cret du pr\u00e9sident de la R\u00e9publique du 25 juillet 2025 portant nomination de Madame Isabelle\nBUREL, secr\u00e9taire g\u00e9n\u00e9ral de la pr\u00e9fecture de l'Aisne, sous-pr\u00e9f\u00e8te de l'arrondissement de Laon ;\nVU  le  d\u00e9cret  du  pr\u00e9sident  de  la  R\u00e9publique  du 31  juillet  2025  nommant  Monsieur  Franck  DORGE,\nsecr\u00e9taire g\u00e9n\u00e9ral de la pr\u00e9fecture de l'Aube, sous-pr\u00e9fet de Troyes ;\nVU le  d\u00e9cret  du  Pr\u00e9sident  de  la  R\u00e9publique  du  27  ao\u00fbt  2025  portant  nomination  de\nMadame Fabienne BALUSSOU, pr\u00e9f\u00e8te de l'Essonne ;\nVU le  d\u00e9cret  du  pr\u00e9sident  de  la  R\u00e9publique  du  21  octobre  2025  portant  nomination  de\nMonsieur Johann MOUGENOT, secr\u00e9taire g\u00e9n\u00e9ral de la pr\u00e9fecture de l'Essonne ;\nVU l'arr\u00eat\u00e9 inter-pr\u00e9fectoral n\u00b019-2014-LE du 09 mai 2014 autorisant les op\u00e9rations de dragage pour une\ndur\u00e9e de 10 ans ;\nVU  l'arr\u00eat\u00e9  pr\u00e9fectoral  n\u00b0  PCICP2025225-0003  du  13  ao\u00fbt  2025  portant  d\u00e9l\u00e9gation  de  signature  \u00e0\nMonsieur Franck DORGE, secr\u00e9taire g\u00e9n\u00e9ral de la pr\u00e9fecture de l'Aube ;\nVU  l'arr\u00eat\u00e9  pr\u00e9fectoral  n\u00b0  2025-54  du  1er  septembre  2025  portant  d\u00e9l\u00e9gation  de  signature  \u00e0\nMadame Isabel BUREL, secr\u00e9taire g\u00e9n\u00e9ral de la pr\u00e9fecture de l'Aisne ;\nVU l'arr\u00eat\u00e9  pr\u00e9fectoral  n\u00b026/BC/018  du  9  mars  2026  donnant  d\u00e9l\u00e9gation  de  signature  \u00e0\nMonsieur  S\u00e9bastien  LIME,  secr\u00e9taire  g\u00e9n\u00e9ral  de  la  pr\u00e9fecture  de  Seine-et-Marne  et  organisant  sa\nsuppl\u00e9ance;\nVU l'arr\u00eat\u00e9 pr\u00e9fectoral n\u00b02026-PREF-DCPPAT-BCA-014 du 13 janvier 2026 donnant d\u00e9l\u00e9gation de signature\n\u00e0  Monsieur  Johann  MOUGENOT,  secr\u00e9taire  g\u00e9n\u00e9ral  de  la  pr\u00e9fecture  de  l'Essonne  et  organisant  sa\nsuppl\u00e9ance ;\nVU la demande d'autorisation environnementale n\u00b0 01 00029 009 d\u00e9pos\u00e9e par Voie Navigables de France\n(VNF) le 9 ao\u00fbt 2023, puis compl\u00e9t\u00e9 le 27 f\u00e9vrier 2025 ;\nVU l'accus\u00e9 de r\u00e9ception d\u00e9livr\u00e9 le 23 ao\u00fbt 2023 par le guichet unique du service politiques et police de\nl'eau de la DRIEAT Ile de France ;\nVU la d\u00e9cision de l'Inspection g\u00e9n\u00e9rale de l'environnement et du D\u00e9veloppement Durable (IGEDD) du\n06 d\u00e9cembre 2022, de soumettre le projet \u00e0 \u00e9valuation environnementale ; \nVU l'avis de l'Autorit\u00e9 environnementale rendu le 12 juin 2025 sur le projet ;\nVU le m\u00e9moire en r\u00e9ponse du p\u00e9titionnaire \u00e0 l'avis de l'Inspection g\u00e9n\u00e9rale de l'environnement et du\nD\u00e9veloppement Durable (IGEDD) du 12 f\u00e9vrier 2026 ;\nVU le courrier du 08 d\u00e9cembre 2022 de la Direction R\u00e9gionale et Interd\u00e9partementale de l'Environnement,\nde l'Am\u00e9nagement et des Transports d'Ile-de-France proposant la d\u00e9signation du pr\u00e9fet de Seine-et-Marne\nen qualit\u00e9 de pr\u00e9fet coordinateur ;\nVU le courrier du 23 d\u00e9cembre 2022 par lequel le pr\u00e9fet de l'Essonne donne son accord au pr\u00e9fet de\nSeine-et-Marne pour qu'il coordonne l'instruction de cette demande d'autorisation environnementale ;\nVU le courrier du 06 avril 2023 par lequel le pr\u00e9fet de la Seine-Saint-Denis donne son accord au pr\u00e9fet de\nSeine-et-Marne pour qu'il coordonne l'instruction de cette demande d'autorisation environnementale ;\nVU le courrier du 13 d\u00e9cembre 2024 par lequel le pr\u00e9fet de la Marne donne son accord au pr\u00e9fet de\nSeine-et-Marne pour qu'il coordonne l'instruction de cette demande d'autorisation environnementale ;\nVU le courrier du 10 janvier 2025 par lequel le pr\u00e9fet du Val-de-Marne donne son accord au pr\u00e9fet de\nSeine-et-Marne pour qu'il coordonne l'instruction de cette demande d'autorisation environnementale ;\nVU le courrier du 15 janvier 2025 par lequel le pr\u00e9fet de l'Aube donne son accord au pr\u00e9fet de Seine-et-\nMarne pour qu'il coordonne l'instruction de cette demande d'autorisation environnementale ; \n2\nVU le  courrier  du  17  janvier  2025  par  lequel  la  pr\u00e9f\u00e8te  de  l'Aisne  donne  son  accord  au  pr\u00e9fet  de\nSeine-et-Marne pour qu'il coordonne l'instruction de cette demande d'autorisation environnementale ; \nVU les avis des services et organismes recueillis dans le cadre de l'instruction de la demande ;\nVU la d\u00e9cision n\u00b0 E2600012/77 du 26 f\u00e9vrier 2026 de la pr\u00e9sidente du tribunal administratif de Melun\nd\u00e9signant Madame Brigitte BOURDONCLE, attach\u00e9e principale d'administration de la ville de Paris, \u00e0 la\nretraite, en qualit\u00e9 de pr\u00e9sidente de la commission d'enqu\u00eate, Monsieur Christian ROLLAND, cadre de\nsant\u00e9 et Monsieur Christian HANNEZO, manager s\u00e9curit\u00e9, \u00e0 la retraite, en qualit\u00e9 de membres titulaires,\net Monsieur Bernard LUCAS, ing\u00e9nieur en chef des travaux publics de l'\u00c9tat, \u00e0 la retraite, en qualit\u00e9 de\ncommissaire  enqu\u00eateur  suppl\u00e9ant,  pour  conduire  l'enqu\u00eate  publique  environnementale  mentionn\u00e9e\npr\u00e9c\u00e9demment ;\nConsid\u00e9rant le dossier de demande de l'autorisation environnementale pr\u00e9sent\u00e9 au titre de l'article\nR.214-22 du Code de l'environnement,  par Voies Navigables de France (VNF), en vue du renouvellement\nde  l'autorisation  des  op\u00e9rations  de  dragage  et  de  gestion  des  s\u00e9diments  du  lot  A  de  la  direction\nterritoriale Bassin de la Seine et Loire aval pour une dur\u00e9e de 10 ans ;\nConsid\u00e9rant que  les  activit\u00e9s  projet\u00e9es  rel\u00e8vent  des  rubriques  3. 1.5.0  et  3.2. 1.0  (autorisation)  de  la\nnomenclature relative \u00e0 la loi sur l'eau ;\nConsid\u00e9rant que ces op\u00e9rations de dragage font l'objet de Plans de Gestion Pluriannuels des Op\u00e9rations de\nDragage (PGPOD) et concernent les unit\u00e9s hydrographiques coh\u00e9rentes (UHC) du sous-bassin A, couvrant\nles  d\u00e9partements  de  l'Aisne,  de  l'Aube,  de  l'Essonne,  de  la  Marne,  de  la  Seine-et--Marne,  de  la\nSeine-Saint-Denis, et du Val-de-Marne ;\nConsid\u00e9rant qu'il est n\u00e9cessaire dans ces secteurs de maintenir le mouillage et ainsi garantir la s\u00e9curit\u00e9 de\nla navigation sur le r\u00e9seau ;\nConsid\u00e9rant que le dossier de demande d'autorisation environnementale est complet et r\u00e9gulier et qu'il\ny  a  lieu  de  le  soumettre  \u00e0  enqu\u00eate  publique,  conform\u00e9ment  aux  dispositions  du  Code  de\nl'environnement ;\nSur proposition des secr\u00e9taires g\u00e9n\u00e9raux des pr\u00e9fectures de Seine-et-et-Marne, de l'Aisne, de l'Aube, de\nl'Essonne, de la Marne, de la Seine-Saint-Denis, et du Val-de-Marne ;\nA R R \u00ca T E N T\nArticle 1  er     : D\u00e9signation du pr\u00e9fet coordonnateur\nLe pr\u00e9fet de Seine-et-Marne est charg\u00e9 de coordonner l'organisation de l'enqu\u00eate publique et d'en\ncentraliser les r\u00e9sultats.\nArticle 2 : Objet et dur\u00e9e de l'enqu\u00eate\nIl sera proc\u00e9d\u00e9 pendant 33 jours cons\u00e9cutifs, soit du lundi 20 avril 2026 \u00e0 9h00 au vendredi 22 mai 2026,\n\u00e0  l'enqu\u00eate  publique  relative  \u00e0  la  demande  d'autorisation  environnementale  pr\u00e9sent\u00e9e  par  Voies\nNavigables  de  France  (VNF) 18-20  quai  d'Austerlitz  \u2013  75  013  PARIS,  en  vue du  renouvellement  de\nl'autorisation du lot A des op\u00e9rations de dragage et de gestion des s\u00e9diments de la direction territoriale\nBassin de la Seine et Loire aval.\nLe p\u00e9rim\u00e8tre de l'enqu\u00eate publique comprend les communes mentionn\u00e9es en annexe 1 du pr\u00e9sent\narr\u00eat\u00e9.\nLe si\u00e8ge de l'enqu\u00eate est fix\u00e9 en la mairie de Montereau-Fault-Yonne \u2013 54 rue Jean Jaur\u00e8s (77 130).\n3\nArticle 3 : Commission d'enqu\u00eate\nPar d\u00e9cision n\u00b0 E2600012/77 du 26 f\u00e9vrier 2026, le tribunal administratif de Melun a d\u00e9sign\u00e9 :\n\u2013 en  qualit\u00e9  de  pr\u00e9sidente  de  la  commission  d'enqu\u00eate  Madame  Brigitte  BOURDONCLE,  attach\u00e9e\nprincipale d'administration de la ville de Paris, \u00e0 la retraite,\n\u2013 en qualit\u00e9 de membres titulaires, Monsieur Christian ROLLAND, cadre de sant\u00e9 et Monsieur Christian\nHANNEZO, manager s\u00e9curit\u00e9, \u00e0 la retraite,\n\u2013  en qualit\u00e9 de commissaire enqu\u00eateur suppl\u00e9ant Monsieur Bernard LUCAS, ing\u00e9nieur en chef des\ntravaux publics de l'\u00c9tat, \u00e0 la retraite.\nEn cas d'emp\u00eachement de l'un des membres de la commission d'enqu\u00eate, le pr\u00e9fet de Seine-et-Marne\ntransf\u00e8re sans d\u00e9lai au commissaire suppl\u00e9ant la poursuite de l'enqu\u00eate.\nArticle 4 : Mise \u00e0 disposition du dossier d'enqu\u00eate\nPendant toute la dur\u00e9e de l'enqu\u00eate, le dossier d'enqu\u00eate publique qui comprend, notamment, l'avis de\nl'Autorit\u00e9 environnementale, le m\u00e9moire en r\u00e9ponse du p\u00e9titionnaire \u00e0 cet avis , ainsi que la demande\nd'autorisation environnementale, est tenu \u00e0 la disposition du public :\n en version papier en mairie de \u25cf Montereau-Fault-Yonne, aux jours et heures habituels d'ouverture au\npublic,\n en  version  num\u00e9rique  \u25cf en  mairies  de  Ch\u00e2lons-en-Champagne,  Ch\u00e2tillon-sur-Marne,  Reims  (51),\nCh\u00e2teau-Thierry  (02),  \u00c9vry-Courcouronnes  (91),  Melun,  Meaux,  Montereau-Fault-Yonne  (77),\nNeuilly-sur-Marne (93), Nogent-sur-Seine (10 ), sur un poste informatique d\u00e9di\u00e9,  aux jours et heures\nhabituels d'ouverture au public,\n \u25cf sur les sites internet des services de l'\u00c9tat :\n\u2013 en Seine-et-Marne, \u00e0 l'adresse suivante : www.seine-et-marne.gouv.fr/Publications/Enquetes-publiques\n\u2013 dans l'Aisne, \u00e0 l'adresse suivante : https://www.aisne.gouv.fr/Actions-de-l-Etat/Consultations-et-\nEnquetes-publiques/Enquetes-publiques/Eau\n\u2013 dans  l'Aube  \u00e0  l'adresse  suivante  :  https://www.aube.gouv.fr/Publications/Consultations-du-public-\ndeclarations-d-intention-et-commissaire-enqueteur/Consultations-du-public-organisees-par-l-Etat\n\u2013 en Essonne, \u00e0 l'adresse suivante : \nhttps://www.essonne.gouv.fr/Publications/Enquetes-publiques/Eau/Autres-autorisations\n\u2013 dans la Marne, \u00e0 l'adresse suivante : \nhttps://www.marne.gouv.fr/Actions-de-l-Etat/Environnement/Autorisation-environnementale\n\u2013 en Seine-Saint-Denis, \u00e0 l'adresse suivante :  \nhttps://www.seine-saint-denis.gouv.fr/Actions-de-l-Etat/Environnement-risques-et-nuisances/2-EAU/\nClassement-des-canaux/Renouvellement-des-operations-de-dragage-et-de-gestion-des-sediments-Lot-\nA-VNF\n\u2013 dans le Val-de-Marne, \u00e0 l'adresse su ivante :https://www.val-de-marne.gouv.fr/Publications/Enquetes-\npubliques-et-concertations-prealables \nArticle 5     : Observations du public\nPendant  toute  la  dur\u00e9e  de  l'enqu\u00eate,  le  public  pourra  consulter  et  consigner  ses  observations  et\npropositions :\n\u25cf sur les registres d'enqu\u00eate en version \u00ab papier \u00bb, c\u00f4t\u00e9s et paraph\u00e9s par un membre de la commission\nd'enqu\u00eate,  et  ouverts  en  mairies  de  Ch\u00e2lons-en-Champagne,  Ch\u00e2tillon-sur-Marne,  Reims  (51),\nCh\u00e2teau-Thierry  (02),  \u00c9vry-Courcouronnes  (91),  Melun,  Meaux,  Montereau-Fault-Yonne  (77),\n4\nNeuilly-sur-Marne (93), Nogent-sur-Seine (10), aux jours et heures habituels d'ouverture des bureaux au\npublic.\n \u25cf sur les registres d\u00e9mat\u00e9rialis\u00e9s accessibles :\n\u2013 en  mairies  de  Ch\u00e2lons-en-Champagne,  Ch\u00e2tillon-sur-Marne,  Reims  (51),  Ch\u00e2teau-Thierry  (02),\n\u00c9vry-Courcouronnes  (91),  Melun,  Meaux,  Montereau-Fault-Yonne  (77),  Neuilly-sur-Marne  (93),\nNogent-sur-Seine (10), sur un poste informatique d\u00e9di\u00e9,\n\u2013 sur  les  sites  internet  des  services  de  l'\u00c9tat  en  Seine-et-Marne,  dans  l'Aisne,  dans  l'Aube,  dans\nl'Essonne, dans la Marne, dans le Val-de-Marne et en Seine-saint-Denis, aux adresses pr\u00e9cit\u00e9es.\n\u25cf par courrier \u00e9lectronique \u00e0 l'adresse suivante :\nvnf-dragage-sediments-lotA@mail.registre-numerique.fr  \nD\u00e8s  le  d\u00e9but  de  l'enqu\u00eate  et  avant  son  terme,  toutes  les  observations  et  propositions  du  public\npourront \u00eatre \u00e9galement  adress\u00e9es par voie postale \u00e0 l'attention de la pr\u00e9sidente de la commission\nd'enqu\u00eate, au si\u00e8ge de l'enqu\u00eate fix\u00e9 \u00e0 la mairie de Montereau-Fault-Yonne \u2013 54 Rue Jean Jaur\u00e8s \u2013 77 130\nMONTEREAU-FAULT-YONNE \u2013 Objet  : EP Autorisation dragage \u2013 VNF LOT A . Toutes les observations\n\u00e9crites seront annex\u00e9es au registre d'enqu\u00eate publique ouvert au si\u00e8ge de l'enqu\u00eate ou \u00e0 d\u00e9faut, \u00e0 l'un\ndes autres registres ouverts et tenues \u00e0 la disposition du public. Pendant toute la dur\u00e9e de l'enqu\u00eate, les\nobservations du public sont communicables aux frais de la personne qui en formule la demande.\nArticle 6     : Permanences de la commission d'enqu\u00eate\nUn membre de la commission d'enqu\u00eate recevra le public aux lieux, dates et heures suivants :\n Mairie de   REIMS   \n(Place de l'H\u00f4tel de Ville - 51100) :\n\u25e6\nLe Lundi 20 avril 2026 de 14h00 \u00e0 17h00 \nMairie de EVRY-COURCOURONNES \n(Place des droits de l'Homme et du citoyen -\n91000) :\nLe Mardi 12 mai 2026 de 14h00 \u00e0 17h00\n Mairie de CHALONS-EN-CHAMPAGNE \n(Place du Mar\u00e9chal Foch - 51000) :\nLe Vendredi 24 avril 2026 de 14h00 \u00e0 17h00  \nMairie de MEAUX\n (Place de l'H\u00f4tel de Ville - 77100) :\nLe Lundi 18 mai 2026 9h30 \u00e0 12h30  \n    Mairie de MONTEREAU-FAULT-YONNE \n(54 rue Jean Jaur\u00e8s - 77130) :\nle Samedi 25 avril 2026 de 09h00 \u00e0 12h00 - \nMairie de CH\u00c2TILLON \n(4 place Urbain-II - 51700) :\nLe Mercredi 20 mai 2026 de 9h30 \u00e0 12h00 \n \n    Mairie de CH\u00c2TEAU-THIERRY \n(16 Place de l'H\u00f4tel de Ville - 02400) :\nle Mardi 5 mai 2026 9h00 \u00e0 12h00 \nMairie de MELUN \n(6 rue Paul-Doumer- 77000) :\nLe Mercredi 20 mai 2026 de 9h00 \u00e0 12h00  \n Mairie de NOGENT-SUR-SEINE \n(27 Grand'rue Saint-Laurent - 10400)\nle Jeudi 7 mai 2026 de 14h30 \u00e0 17h30  \nMairie de NEUILLY-SUR-MARNE \n(1 Place Fran\u00e7ois Mitterrand - 93330) :\nLe Vendredi 22 mai 2026 de 15h00 \u00e0 18h00\nArticle 7 : Publicit\u00e9 de l'enqu\u00eate\nUn avis portant \u00e0 la connaissance du public les modalit\u00e9s de d\u00e9roulement de l'enqu\u00eate sera publi\u00e9 par\nle pr\u00e9fet de Seine-et-Marne, aux frais de VNF , quinze jours au moins avant l'ouverture de l'enqu\u00eate, soit\nle samedi 4 avril 2026  au plus tard, dans deux journaux locaux ou r\u00e9gionaux diffus\u00e9s dans chacun des\nd\u00e9partements. Cet avis sera rappel\u00e9 dans les m\u00eames journaux, dans les huit premiers j ours de l'enqu\u00eate,\nsoit entre les lundis 20 et 27 avril 2026 inclus.\n5\nLes maires des communes qui figurent en annexe 1 du pr\u00e9sent arr\u00eat\u00e9, assureront l'affichage du m\u00eame\navis, quinze jours au moins  avant l'ouverture de l'enqu\u00eate publique, soit le samedi 4 avril 2026 au plus\ntard.\nCet affichage aura lieu dans les mairies et sera visible de l'ext\u00e9rieur ainsi qu'aux emplacements habituels\nd'affichage des communes, afin d'assurer une bonne information du public. Il sera maintenu pendant\ntoute la dur\u00e9e de l'enqu\u00eate.\nL'avis d'enqu\u00eate sera \u00e9galement publi\u00e9 par les soins :\n\u2013 du pr\u00e9fet de Seine-et-Marne sur le site Internet des Services de l'\u00c9tat en Seine-et-Marne \u00e0 l'adresse \nsuivante : www.seine-et-marne.gouv.fr/Publications/Enquetes-publiques\n\u2013 du pr\u00e9fet de l'Aisne sur le site internet des Services de l'\u00c9tat dans l'Aisne \u00e0 l'adresse \nsuivante :https://www.aisne.gouv.fr/Actions-de-l-Etat/Consultations-et-Enquetes-publiques/Enquetes-\npubliques/Eau\n\u2013 du pr\u00e9fet de l'Aube sur le site internet des Services de l'\u00c9tat dans l'Aube \u00e0 l'adresse suivante : \nhttps://www.aube.gouv.fr/Publications/Consultations-du-public-declarations-d-intention-et-commissaire-\nenqueteur/Consultations-du-public-organisees-par-l-Etat\n\u2013 du pr\u00e9fet de l'Essonne sur le site Internet des Services de l'\u00c9tat en Essonne \u00e0 l'adresse suivante :  \nhttps://www.essonne.gouv.fr/Publications/Enquetes-publiques/Eau/Autres-autorisations\n\u2013 du pr\u00e9fet de la Marne sur le site internet des Services de l'\u00c9tat dans la Marne \u00e0 l'adresse suivante : \nhttps://www.marne.gouv.fr/Actions-de-l-Etat/Environnement/Autorisation-environnementale\n\u2013 du pr\u00e9fet de la Seine-Saint-Denis, sur le site internet des Services de l'\u00c9tat en Seine-Saint-Denis, \u00e0 \nl'adresse suivante : https://www.seine-saint-denis.gouv.fr/Actions-de-l-Etat/Environnement-risques-et-\nnuisances/2-EAU/Classement-des-canaux/Renouvellement-des-operations-de-dragage-et-de-gestion-\ndes-sediments-Lot-A-VNF\n\u2013 du pr\u00e9fet du Val-de-Marne sur le site  Internet des Services de l'\u00c9tat dans le Val-de-Marne \u00e0 l'adresse\nsuivante :https://www.val-de-marne.gouv.fr/Publications/Enquetes-publiques-et-concertations-\nprealables \nArticle 8     : Information\nToute information relative au projet pourra \u00eatre obtenue aupr\u00e8s de VNF : Direction territoriale Bassin de\nla Seine et Loire aval \u2013 M. JOLY (nicolas.joly@vnf.fr).\nD\u00e8s la publication du pr\u00e9sent arr\u00eat\u00e9 et pendant toute la dur\u00e9e de l'enqu\u00eate, toute personne peut, sur sa\ndemande  et  \u00e0  ses  frais,  obtenir  communication  du  dossier  d'enqu\u00eate  aupr\u00e8s  de  la  Pr\u00e9fecture  de\nSeine-et-Marne  (Direction  de  la  coordination  des  services  de  l'\u00c9tat  \u2013  Bureau  des  proc\u00e9dures\nenvironnementales, 12, rue des Saints P\u00e8res, 77 010 Melun Cedex).\nLe dossier d'enqu\u00eate est \u00e9galement consultable et t\u00e9l\u00e9chargeable sur les sites Internet des services de\nl'\u00c9tat dans les d\u00e9partements pr\u00e9cit\u00e9s.\nArticle 9     : Cl\u00f4ture des registres d'enqu\u00eate.\n\u00c0 l'expiration du d\u00e9lai fix\u00e9 \u00e0 l'article 1er, soit le vendredi 22 mai 2026 \u00e0 17h00 :\n\u2013 les  registres  d'enqu\u00eate  en  format  \u00ab  papier \u00bb  ouverts  en  mairies  de  Ch\u00e2lons-en-Champagne,\nCh\u00e2tillon-sur-Marne,  Reims  (51),  Ch\u00e2teau-Thierry  (02),  \u00c9vry-Courcouronnes  (91),  Melun,  Meaux,\n6\nMontereau-Fault-Yonne (77), Neuilly-sur-Marne (93), Nogent-sur-Seine (10), seront mis \u00e0 la disposition de\nla pr\u00e9sidente de la commission d'enqu\u00eate et clos par ses soins.\n\u2013 les  registres  d\u00e9mat\u00e9rialis\u00e9s  seront  clos  automatiquement  et  l'adresse  courriel  ne  sera  plus\nfonctionnelle. Les observations adress\u00e9es par voie \u00e9lectronique sont vers\u00e9es automatiquement sur les\nregistres d\u00e9mat\u00e9rialis\u00e9s. Les observations recueillies sur ces deux supports num\u00e9riques seront mises \u00e0 la\ndisposition du commissaire enqu\u00eateur.\nD\u00e8s r\u00e9ception des registres et des documents \u00e9ventuellement annex\u00e9s, les membres de la commission\nd'enqu\u00eate,  rencontreront  sous  8  jours  les  responsables  de  ce  projet , et  leur  communiquera  les\nobservations \u00e9crites et orales consign\u00e9es dans un proc\u00e8s-verbal de synth\u00e8se, en les invitant \u00e0 produire\nleurs observations \u00e9ventuelles dans un d\u00e9lai maximum de quinze jours.\nArticle 10     :   Rapport et conclusions de la commission d'enqu\u00eate\nLa commission d'enqu\u00eate \u00e9tablira un  rapport qui relatera le d\u00e9roulement de l'enqu\u00eate publique et\nexaminera les observations recueillies. Ce rapport comportera le rappel de l 'objet de l'enqu\u00eate, la liste\nde l'ensemble des pi\u00e8ces figurant dans le dossier d'enqu\u00eate, une synth\u00e8se des observations du public,\nune analyse des propositions produites durant l'enqu\u00eate et, le cas \u00e9ch\u00e9ant, les commentaires du ma\u00eetre\nd'ouvrage, en r\u00e9ponse aux observations du public.\nLa  commission  d'enqu\u00eate  consignera  ses  conclusions  motiv\u00e9es  dans  une  pr\u00e9sentation  s\u00e9par\u00e9e,  en\npr\u00e9cisant si elles sont favorables, favorables sous r\u00e9serves ou d\u00e9favorables au projet.\nDans un d\u00e9lai de trente jours \u00e0 compter de la cl\u00f4ture de l'enqu\u00eate, soit le lundi 22 juin 2026 au plus tard,\nla pr\u00e9sidente de la commission d'enqu\u00eate  transmettra au pr\u00e9fet de Seine-et-Marne (Direction de la\ncoordination des services de l'\u00c9tat \u2013 Bureau des proc\u00e9dures environnementales \u2013 12, rue des Saints P\u00e8res\n\u2013 77 010 Melun Cedex) l'exemplaire du dossier d'enqu\u00eate d\u00e9pos\u00e9 au si\u00e8ge de l'enqu\u00eate, accompagn\u00e9 des\nregistres et des pi\u00e8ces annex\u00e9es ainsi que son rapport et ses conclusions motiv\u00e9es.\nElle transmettra simultan\u00e9ment une copie de son rapport et de ses conclusions \u00e0 la pr\u00e9sidente du\ntribunal administratif de Melun.\nArticle 11     : Mise \u00e0 disposition du rapport et des conclusions de la commission d'enqu\u00eate\nLe  pr\u00e9fet  de  Seine-et-Marne  adressera  une  copie  du  rapport  et  des  conclusions  motiv\u00e9es  de  la\ncommission d'enqu\u00eate \u00e0 la  directrice g\u00e9n\u00e9rale de VNF  et aux maires des communes pr\u00e9cit\u00e9es  afin d'y\n\u00eatre tenue \u00e0 la disposition du public pendant un an \u00e0 compter de la date de cl\u00f4ture de l'enqu\u00eate.\nCes documents seront consultables pendant un an \u00e0 compter de la date de cl\u00f4ture de l'enqu\u00eate en\npr\u00e9fectures ainsi que sur le  site Internet des services de l'\u00c9tat  de la  Seine-et-Marne, dans l' Aisne, de\nl'Aube, de l'Essonne, de la Marne,  de la  Seine-Saint-Denis et du Val de Marne,  aux adresses ci-dessus\nmentionn\u00e9es.\nArticle 12 : D\u00e9cision cons\u00e9cutive \u00e0 l'enqu\u00eate publique\nAu terme de l'enqu\u00eate publique, les pr\u00e9fets de Seine-et-Marne, de l'Aisne, de l'Aube, de l'Essonne, de la\nMarne, de la Seine-Saint-Denis et du Val de Marne statueront par voie d'arr\u00eat\u00e9 inter-pr\u00e9fectoral sur la\ndemande d'autorisation environnementale pr\u00e9sent\u00e9e par VNF.\nArticle 13     : Avis des collectivit\u00e9s territoriales\nEn application des dispositions de l'article R.181-38 du Code de l'environnement, les  pr\u00e9sidents des\ncollectivit\u00e9s territoriales et \u00e9tablissements publics de coop\u00e9ration intercommunale figurant en annexe 2\net les maires des communes concern\u00e9es cit\u00e9es en annexe 1 du pr\u00e9sent arr\u00eat\u00e9 sont appel\u00e9s \u00e0 formuler un\navis  sur  le  projet  d\u00e8s  le  d\u00e9but  de  la  phase  d'enqu\u00eate  publique.  Seuls  les  avis  exprim\u00e9s  jusqu 'au\nsamedi 6 juin 2026 inclus, soit au plus tard dans les quinze jours suivant la cl\u00f4ture de l'enqu\u00eate, pourront\n\u00eatre pris en consid\u00e9ration.\n7\nArticle 14     : Ex\u00e9cution de l'arr\u00eat\u00e9\nLes secr\u00e9taires g\u00e9n\u00e9raux des pr\u00e9fectures de la Seine-et-Marne, de l'Aisne, de l'Aube, de l'Essonne, de la\nMarne,  de  la  Seine-Saint-Denis  et  du  Val  de  Marne,  les  pr\u00e9sidents  des  collectivit\u00e9s  territoriales  et\n\u00e9tablissements publics de coop\u00e9ration intercommunale mentionn\u00e9s et les maires des communes des\nd\u00e9partements de Seine-et-Marne, de l' l'Aisne, de l'Aube, de l'Essonne, de la Marne, de la Seine-Saint-\nDenis et du Val de Marne, \u00e9nonc\u00e9s en annexe 2, les membres de la commission d'enqu\u00eate ainsi que la\ndirectrice g\u00e9n\u00e9rale de Voies Navigables de France, sont charg\u00e9s, chacun en ce qui le concerne, de\nl'ex\u00e9cution  du  pr\u00e9sent  arr\u00eat\u00e9  qui  sera  publi\u00e9  sur  le  site  Internet  des  services  de  l'\u00c9tat  dans  les\nd\u00e9partements de la Seine-et-Marne, de l'Essonne, du Val-de-Marne, de l'Aube, de l'Aisne, de la Marne et\nde la Seine-Saint-Denis.\nLe Pr\u00e9fet de Seine-et-Marne,\nPour le pr\u00e9fet et par d\u00e9l\u00e9gation,\nLe secr\u00e9taire g\u00e9n\u00e9ral de la pr\u00e9fecture de Seine-et-Marne\nSign\u00e9\nS\u00e9bastien LIME\nLa Pr\u00e9f\u00e8te de l'Aisne,\nPour le pr\u00e9fet et par d\u00e9l\u00e9gation,\nLa secr\u00e9taire g\u00e9n\u00e9rale de la pr\u00e9fecture de l'Aisne,\nSign\u00e9\nIsabelle BUREL\nLe Pr\u00e9fet de l'Aube,\nPour le pr\u00e9fet et par d\u00e9l\u00e9gation,\nLe secr\u00e9taire g\u00e9n\u00e9ral de la pr\u00e9fecture de l'Aube,\nSign\u00e9\nFranck DORGE\nLa Pr\u00e9f\u00e8te de l'Essonne,\nPour la pr\u00e9f\u00e8te et par d\u00e9l\u00e9gation,\nLe secr\u00e9taire g\u00e9n\u00e9ral de la pr\u00e9fecture de l'Essonne\nSign\u00e9\nJohann MOUGENOT\nLe Pr\u00e9fet de la Marne\nSign\u00e9\nRomain ROYET\nLe Pr\u00e9fet du Val-de-Marne,\nSign\u00e9\nEtienne STOSKOPF\nLe Pr\u00e9fet de Seine-Saint-Denis,\nSign\u00e9\nJulien CHARLES\nCopie pour information \u00e0 :\n- Madame la pr\u00e9sidente du Tribunal administratif de Melun ( E26000012/77 du 26 f\u00e9vrier 2026),\n- Madame la directrice r\u00e9gionale et interd\u00e9partementale de l'environnement de l'am\u00e9nagement et des \ntransports d'Ile-de-France,\n- Monsieur le sous-pr\u00e9fet de l'arrondissement de Fontainebleau,\n- Monsieur le sous-pr\u00e9fet de l'arrondissement de Meaux,\n- Monsieur le sous-pr\u00e9fet de l'arrondissement de Provins,\n- Monsieur le sous-pr\u00e9fet de l'arrondissement de Torcy.\n8\nANNEXE 1 \u2013 Liste des communes comprises dans le p\u00e9rim\u00e8tre de l'enqu\u00eate publique     \n\u2013 dans le d\u00e9partement de la Seine-et-Marne :\nAnnet-sur-Marne, Armenti\u00e8res-en-Brie, Avon, Balloy, Bazoches-l\u00e8s-Bray, Bois-le-Roi, Boissettes, Boissise-la-\nBertrand, Boissise-le-Roi, Bray-sur-Seine, Chalifert, Chamigny, Champagne-sur-Seine, Champs-sur-Marne,\nChangis-sur-Marne, Charmentray, Chartrettes, Ch\u00e2tenay-sur-Seine, Chelles, Chessy, Citry, Cond\u00e9-Sainte-\nLibiaire,  Congis-sur-Th\u00e9rouanne,  Coupvray,  Dammarie-les-Lys,  Dampmart,  Esbly,  Fontaine-le-Port,\nFresnes-sur-Marne,  Fublaines,  Germigny-l'\u00c9v\u00eaque,  Gravon,  Grisy-sur-Seine,  H\u00e9ricy,  Isles-les-Meldeuses,\nIsles-l\u00e8s-Villenoy, Jablines, Jaignes, Jaulnes, La Fert\u00e9-sous-Jouarre, La Grande-Paroisse, La Rochette, La\nTombe,  Lagny-sur-Marne,  Le  M\u00e9e-sur-Seine,  Lesches,  Livry-sur-Seine,  Luzancy,  Mareuil-l\u00e8s-Meaux,\nMarolles-sur-Seine,  Mary-sur-Marne,  Meaux,  Melun,  Melz-sur-Seine,  M\u00e9ry-sur-Marne,  Montereau-Fault-\nYonne, Mont\u00e9vrain, Moret-Loing-et-Orvanne, Mousseaux-l\u00e8s-Bray, Mouy-sur-Seine, Nandy, Nanteuil-l\u00e8s-\nMeaux, Nanteuil-sur-Marne, Noisiel, Noyen-sur-Seine, Poincy, Pomponne, Pr\u00e9cy-sur-Marne, Reuil-en-Brie,\nSa\u00e2cy-sur-Marne,  Saint-Fargeau-Ponthierry,  Saint-Germain-Laval,  Saint-Jean-les-Deux-Jumeaux,  Saint-\nMamm\u00e8s, Saint-Sauveur-l\u00e8s-Bray, Saint-Thibault-des-Vignes, Sainte-Aulde, Sammeron, Samois-sur-Seine,\nSamoreau, Seine-Port, Sept-Sorts, Tancrou, Thomery, Thorigny-sur-Marne, Torcy, Trilbardou, Trilport,\nUssy-sur-Marne,  Vaires-sur-Marne,  Varennes-sur-Seine,  Varreddes,  Vaux-le-P\u00e9nil,  Vernou-la-Celle-sur-\nSeine, Vignely, Villenauxe-la-Petite, Villenoy, Villiers-sur-Seine, Vimpelles, Vulaines-sur-Seine,\n\u2013 dans le d\u00e9partement de l'Aisne :\nAzy-sur-Marne,  Barzy-sur-Marne,  Blesmes,  Brasles,  Charly-sur-Marne,  Chart\u00e8ves,  Ch\u00e2teau-Thierry,\nCh\u00e9zy-sur-Marne,  Chierry,  Courtemont-Varennes,  Crouttes-sur-Marne,  Ess\u00f4mes-sur-Marne,  Fossoy,\nGland,  Jaulgonne,  M\u00e9zy-Moulins,  Mont-Saint-P\u00e8re,  Nogent-l'Artaud,  Passy-sur-Marne,  Pavant,  Reuilly-\nSauvigny, Romeny-sur-Marne, Saulchery, Tr\u00e9lou-sur-Marne,\n\u2013 dans le d\u00e9partement de l'Aube :\nCourceroy,  Crancey,  La  Motte-Tilly,  Le  M\u00e9riot,  Marnay-sur-Seine,  M\u00e9ry-sur-Seine,  Nogent-sur-Seine,\nPont-sur-Seine, Saint-Oulph,\n- dans le d\u00e9partement de l'Essonne :\nAthis-Mons, Corbeil-Essonnes, Draveil, \u00c9tiolles, \u00c9vry-Courcouronnes, Grigny, Juvisy-sur-Orge, Le Coudray-\nMontceaux, Morsang-sur-Seine, Ris-Orangis, Saint-Germain-l\u00e8s-Corbeil, Saint-Pierre-du-Perray, Saintry-sur-\nSeine, Soisy-sur-Seine, Vigneux-sur-Seine, Viry-Ch\u00e2tillon,\n\u2013 dans le d\u00e9partement de la Marne :\nAblancourt,  Aigny,  Aulnay-sur-Marne,  A\u00ff-Champagne,  Bagneux,  Beaumont-sur-Vesle,  Billy-le-Grand,\nBlacy,  Boursault,  Cauroy-l\u00e8s-Hermonville,  Ch\u00e2lons-en-Champagne,  Ch\u00e2tillon-sur-Marne,  Cheppes-la-\nPrairie, Chepy, Chouilly, Clesles, C\u0153ur-de-la-Vall\u00e9e, Compertrix, Cond\u00e9-sur-Marne, Conflans-sur-Seine,\nCoolus, Cormicy, Courcy, Courthi\u00e9zy, Couvrot, Cumi\u00e8res, Damery, Dizy, Dormans, Drouilly, \u00c9cury-sur-\nCoole, \u00c9pernay, Fagni\u00e8res, Hautvillers, Isse, J\u00e2lons, Juvigny, La Chauss\u00e9e-sur-Marne, Les Petites-Loges,\nLoisy-sur-Marne,  Loivre,  Magenta,  Mairy-sur-Marne,  Marcilly-sur-Seine,  Mardeuil,  Mareuil-le-Port,\nMatougues,  Moncetz-Longevas,  \u0152uilly,  Omey,  Pogny,  Pringy,  Puisieulx,  Recy,  Reims,  Saint-Brice-\nCourcelles,  Saint-Germain-la-Ville,  Saint-Gibrien,  Saint-Just-Sauvage,  Saint-L\u00e9onard,  Saint-Martin-aux-\nChamps,  Saint-Martin-sur-le-Pr\u00e9,  Saron-sur-Aube,  Sarry,  Sept-Saulx,  Sillery,  Sogny-aux-Moulins,  Songy,\nSoulanges,  Taissy,  Togny-aux-B\u0153ufs,  Tours-sur-Marne,  Troissy,  Val-de-Vesle,  Vandi\u00e8res,  Vaudemange,\nVenteuil, Verneuil, Verzenay, V\u00e9signeul-sur-Marne, Vincelles, Vitry-en-Perthois, Vitry-le-Fran\u00e7ois, Vraux,\n\u2013 dans le d\u00e9partement de la Seine-Saint-Denis :\nGournay-sur-Marne, Neuilly-Plaisance, Neuilly-sur-Marne, Noisy-le-Grand,\n\u2013 dans le d\u00e9partement du Val-de-Marne :\nAblon-sur-Seine,  Alfortville,  Bonneuil-sur-Marne,  Bry-sur-Marne,  Champigny-sur-Marne,  Charenton-le-\nPont,  Chennevi\u00e8res-sur-Marne,  Choisy-le-Roi,  Cr\u00e9teil,  Joinville-le-Pont,  Le  Perreux-sur-Marne,  Maisons-\nAlfort,  Nogent-sur-Marne,  Orly,  Saint-Maur-des-Foss\u00e9s,  Saint-Maurice,  Sucy-en-Brie,  Villeneuve-le-Roi,\nVilleneuve-Saint-Georges, Vitry-sur-Seine.\n9\nANNEXE 2 \u2013 Communaut\u00e9s d'agglom\u00e9ration, de communes   et \u00e9tablissements publics de  \ncoop\u00e9ration intercommunal saisis pour avis\nCommunaut\u00e9 d'agglom\u00e9ration Coulommiers Pays de Brie, Communaut\u00e9 d'agglom\u00e9ration de Ch\u00e2lons-\nen-Champagne,  Communaut\u00e9  d'agglom\u00e9ration  de  la  R\u00e9gion  de  Ch\u00e2teau-Thierry,  Communaut\u00e9\nd'agglom\u00e9ration  du  Pays  de  Fontainebleau,  Communaut\u00e9  d'agglom\u00e9ration  du  Pays  de  Meaux,\nCommunaut\u00e9  d'agglom\u00e9ration  \u00c9pernay,  Coteaux  et  Plaine  de  Champagne,  Communaut\u00e9\nd'agglom\u00e9ration  Grand  Paris  Sud  Seine  Essonne  S\u00e9nart,  Communaut\u00e9  d'agglom\u00e9ration  Marne  et\nGondoire, Communaut\u00e9 d'agglom\u00e9ration Melun Val de Seine, Communaut\u00e9 d'agglom\u00e9ration Paris -\nVall\u00e9e  de  la  Marne,  Communaut\u00e9  d'agglom\u00e9ration  Val  d'Europe  Agglom\u00e9ration,  Communaut\u00e9\nd'agglom\u00e9ration Val d'Yerres Val de Seine, Communaut\u00e9 de communes Bass\u00e9e-Montois, Communaut\u00e9\nde communes Brie des Rivi\u00e8res et Ch\u00e2teaux, Communaut\u00e9 de communes C\u00f4tes de Champagne et Val\nde Saulx, Communaut\u00e9 de communes de la Grande Vall\u00e9e de la Marne, Communaut\u00e9 de communes de\nla Moivre \u00e0 la Coole, Communaut\u00e9 de communes de S\u00e9zanne-Sud Ouest Marnais, Communaut\u00e9 de\ncommunes de Vitry, Champagne et Der, Communaut\u00e9 de communes des Paysages de la Champagne,\nCommunaut\u00e9 de communes des Portes de Romilly-sur-Seine, Communaut\u00e9 de communes du Canton de\nCharly-sur-Marne, Communaut\u00e9 de communes du Nogentais, Communaut\u00e9 de communes du Pays de\nl'Ourcq, Communaut\u00e9 de communes du Provinois, Communaut\u00e9 de communes Moret Seine et Loing,\nCommunaut\u00e9  de  communes  Pays  de  Montereau,  Communaut\u00e9  de  communes  Plaines  et  Monts  de\nFrance, Communaut\u00e9 de communes Seine et Aube, Communaut\u00e9 urbaine du Grand Reims, M\u00e9tropole\ndu Grand Paris.\n10\nPREFECTURE DE L'ESSONNE\n91-2026-04-17-00001\nArr\u00eat\u00e9 n\u00b02026-PREF-DCSIPC-BOPCS-651 du 17\navril 2026 portant interdiction temporaire de\nrassemblements festifs non d\u00e9clar\u00e9s \u00e0 caract\u00e8re\nmusical (Teknival, rave-party,\u00a0free party\u00a0,\nmultisons) dans le d\u00e9partement de l'Essonne du\nvendredi 17 avril 2026 au dimanche 19 avril 2026\ninclus\nExPREFETDE L'ESSONNELibert\u00e9Egalit\u00e9Fraternit\u00e9\nARR\u00caT\u00c9\nn\u00b02026-PREF-DCSIPC-BOPCS-651 du 17 avril 2026\nportant interdiction temporaire de rassemblements festifs non d\u00e9clar\u00e9s \u00e0 caract\u00e8re\nmusical (Teknival, rave-party, free party , multisons) dans le d\u00e9partement de l'Essonne\ndu vendredi 17 avril 2026 au dimanche 19 avril 2026 inclus\nLA PR\u00c9F\u00c8TE DE L'ESSONNE\nChevalier de la L\u00e9gion d'honneur\nOfficier de l'Ordre National du M\u00e9rite\nVu le code g\u00e9n\u00e9ral des collectivit\u00e9s territoriales, notamment son article L.2215-1-3\u00b0 ;\nVu le code de la s\u00e9curit\u00e9 int\u00e9rieure, notamment ses articles L. 211-5 \u00e0 L.211-8, L.211-15,\nR.211-2 \u00e0 R.211-9, et R.211-27 \u00e0 R.211-30 ;\nVu le code p\u00e9nal et notamment son article 431-9 alin\u00e9as 1 et 2 ;\nVu le d\u00e9cret n\u00b0 2025-723 du 30 juillet 2025 modifiant le d\u00e9cret n\u00b0 2004-374 du 29 avril\n2004 relatif aux pouvoirs des pr\u00e9fets, \u00e0 l'organisation et \u00e0 l'action des services de l'\u00c9tat\ndans les r\u00e9gions et d\u00e9partements ;\nVu le  d\u00e9cret  du  2  mai  2025  portant  nomination  de  Mme  B\u00e9atrice  BLONDEL,\nadministratrice de l'\u00c9tat du deuxi\u00e8me grade, Sous-Pr\u00e9f\u00e8te, en qualit\u00e9 de Directrice de\ncabinet de la Pr\u00e9f\u00e8te de l'Essonne ;\nVu le d\u00e9cret du 27 ao\u00fbt 2025 portant nomination de Mme Fabienne BALUSSOU, en\nqualit\u00e9 de Pr\u00e9f\u00e8te de l'Essonne ;\nVu l'arr\u00eat\u00e9  n\u00b02026-PREF-DCPPAT-BCA-013  du  13  janvier  2026  portant  d\u00e9l\u00e9gation  de\nsignature \u00e0 Mme B\u00e9atrice BLONDEL, Directrice de cabinet de la Pr\u00e9f\u00e8te de l'Essonne ;\nConsid\u00e9rant les  informations  recueillies  par  les  services  du  groupement  de  la\ngendarmerie  de  l'Essonne  qu'un  important  rassemblement  de  type  free-party  sur  le\nterritoire  du  d\u00e9partement  de  l'Essonne  se  d\u00e9roulerait  du  vendredi  17  avril  2026  au\ndimanche 19 avril 2026 inclus ; \nConsid\u00e9rant qu'en application des dispositions de l'article L. 211-5 du code de la s\u00e9curit\u00e9\nint\u00e9rieure, les rassemblements festifs \u00e0 caract\u00e8re musical sont soumis \u00e0 l'obligation de\nd\u00e9claration  pr\u00e9alable  aupr\u00e8s  du  Pr\u00e9fet  du  d\u00e9partement,  en  indiquant  le  nombre\npr\u00e9visible  de  participants  ainsi  que  les  mesures  envisag\u00e9es  par  l'organisateur  pour\ngarantir la s\u00e9curit\u00e9, la salubrit\u00e9, l'hygi\u00e8ne et la tranquillit\u00e9 publiques ;\nConsid\u00e9rant qu'aucune d\u00e9claration pr\u00e9alable n'a \u00e9t\u00e9 d\u00e9pos\u00e9e aupr\u00e8s de la Pr\u00e9f\u00e8te de\nl'Essonne, pr\u00e9cisant le nombre pr\u00e9visible de participants ainsi que les mesures envisag\u00e9es\npar  l'organisateur  pour  garantir  la  s\u00e9curit\u00e9,  la  salubrit\u00e9,  l'hygi\u00e8ne  et  la  tranquillit\u00e9\npubliques, alors m\u00eame qu'il en a l'obligation dans le d\u00e9lai d'un mois avant la date pr\u00e9vue\nde la manifestation ;\n1/3\nDirection du Cabinet\nBureau de l'Ordre Public et de la\nCoordination des S\u00e9curit\u00e9s\n\nConsid\u00e9rant  que  ce  type  d'\u00e9v\u00e8nements  non  d\u00e9clar\u00e9s  est  susceptible  de  rassembler\nplusieurs  centaines,  voire  milliers  de  personnes  durant  plusieurs  jours  cons\u00e9cutifs,\nmettant  en  p\u00e9ril  leur  propre  s\u00e9curit\u00e9  faute  de  mesures  pr\u00e9alablement  \u00e9tablies  et\n\u00e9valu\u00e9es, engendrant de potentielles atteintes graves \u00e0 la s\u00e9curit\u00e9, la salubrit\u00e9, l'hygi\u00e8ne\net la tranquillit\u00e9 publiques sur le lieu du rassemblement ainsi que pour le voisinage et sur\nles axes routiers de circulation alentours ;\nConsid\u00e9rant que,  dans  les  circonstances  de  l'esp\u00e8ce,  la  nature  et  les  conditions\nd'organisation de ces rassemblements sont de nature \u00e0 provoquer des troubles graves \u00e0\nl'ordre et \u00e0 la tranquillit\u00e9 publics ;\nConsid\u00e9rant l'urgence \u00e0 pr\u00e9venir les risques d'atteinte \u00e0 l'ordre et \u00e0 la tranquillit\u00e9 publics\net les pouvoirs de police administrative g\u00e9n\u00e9rale que le pr\u00e9fet tient des dispositions de\nl'article L.2215-1-3\u00b0 susvis\u00e9 du code g\u00e9n\u00e9ral des collectivit\u00e9s territoriales ;\nSur proposition du Directeur adjoint de cabinet, directeur des s\u00e9curit\u00e9s.\nARR\u00caTE\nArticle  1 er :  La  tenue  des  rassemblements  festifs  \u00e0  caract\u00e8re  musical  r\u00e9pondant  \u00e0\nl'ensemble  des  caract\u00e9ristiques  \u00e9nonc\u00e9es  \u00e0  l'article  R.  211-2  du  code  de  la  s\u00e9curit\u00e9\nint\u00e9rieure, autres que ceux l\u00e9galement d\u00e9clar\u00e9s ou autoris\u00e9s, est interdite sur l'ensemble\ndu territoire du d\u00e9partement  de l'Essonne, et cela \u00e0 compter  du vendredi 17 avril 2026\nau dimanche 19 avril 2026 inclus.\nArticle  2  : La  circulation  de  tout  v\u00e9hicule  transportant  du  mat\u00e9riel  de  sons\n(sonorisation, sound system, amplificateurs) \u00e0 destination d'un rassemblement festif \u00e0\ncaract\u00e8re  musical  de  type  teknival,  rave  ou  free-party  et  notamment  tout  groupe\n\u00e9lectrog\u00e8ne de puissance sup\u00e9rieure \u00e0 10 kilovoltamp\u00e8res et de poids sup\u00e9rieur \u00e0 100  kg,\nest interdite sur le territoire des communes du d\u00e9partement de l'Essonne, et cela \u00e0\ncompter du vendredi 17 avril 2026 au dimanche 19 avril 2026 inclus.\nArticle  3 : Toute  infraction  au  pr\u00e9sent  arr\u00eat\u00e9  est  passible  des  sanctions  pr\u00e9vues  par\nl'article R. 211-27 du code de la s\u00e9curit\u00e9 int\u00e9rieure et peut donner lieu \u00e0 la saisie du\nmat\u00e9riel en vue de sa confiscation par le tribunal.\nArticle 4 : Le pr\u00e9sent arr\u00eat\u00e9 entre en application d\u00e8s sa publication au recueil des actes\nadministratifs de la pr\u00e9fecture de l'Essonne et entre en vigueur imm\u00e9diatement. \nLe pr\u00e9sent arr\u00eat\u00e9 peut \u00eatre contest\u00e9 selon les voies de recours suivantes :\n\u2022 Un recours gracieux, dans un d\u00e9lai de deux mois, adress\u00e9 \u00e0 Mme la Pr\u00e9f\u00e8te de l'Essonne,\nBureau de l'Ordre public et de la coordination des s\u00e9curit\u00e9s \u2013 Boulevard de France \u2013\n91010 Evry-Courcouronnes Cedex.\n\u2022  Un  recours  hi\u00e9rarchique  peut  \u00eatre  introduit  aupr\u00e8s  de  Monsieur  le  ministre  de\nl'Int\u00e9rieur, Direction des libert\u00e9s publiques et des affaires juridiques, Cabinet, Bureau des\npolices administratives, Place Beauvau 75 008 Paris.\nEn l'absence de r\u00e9ponse de l'administration dans un d\u00e9lai de deux mois \u00e0 compter de la\ndate de r\u00e9ception de votre recours, celui-ci doit \u00eatre consid\u00e9r\u00e9 comme implicitement\nrejet\u00e9.\n\u2022 Un recours contentieux peut \u00eatre form\u00e9 devant le tribunal administratif de Versailles-\n56,  avenue  de  Saint-Cloud-78011  Versailles  Cedex  ou  au  moyen  de  l'application\n\u00ab T\u00e9l\u00e9recours citoyen \u00bb (https://www.telerecours.fr).\n2/3\nArticle  5  :  La Directrice  de  cabinet  de  la  Pr\u00e9f\u00e8te  de  l'Essonne,  le  Directeur\ninterd\u00e9partemental  de  la  Police  nationale  de  l'Essonne,  le  Colonel  commandant  le\ngroupement de gendarmerie d\u00e9partementale de l'Essonne, sont charg\u00e9s, chacun en ce\nqui le concerne, de l'ex\u00e9c ution du pr\u00e9sent arr\u00eat\u00e9 qui sera publi\u00e9 au recueil des actes\nadministratifs de la pr\u00e9fecture de l'Essonne et transmis au procureur de la R\u00e9publique de\nl'Essonne.\nPour la Pr\u00e9f\u00e8te,\nLa Directrice de cabinet\nSIGNE\nB\u00e9atrice BLONDEL\nVoies et d\u00e9lais de recours :  Conform\u00e9ment aux dispositions des articles R 421-1 \u00e0 R 421-5\ndu  Code  de  justice  administrative,  le  pr\u00e9sent  arr\u00eat\u00e9  peut  faire  l'objet  d'un  recours\ncontentieux devant le tribunal administratif de Versailles, dans le d\u00e9lai de deux mois \u00e0\ncompter  de  sa  publication.  Le  tribunal  administratif  peut  \u00eatre  saisi  par  l'application\ninformatique \u00ab T\u00e9l\u00e9recours citoyens \u00bb accessible par le site internet www.telerecours.fr     \n3/3","date":"2026-04-17","first_seen_on":"2026-04-17T15:31:04+00:00","id":"d0087836328d73c7ea9713f9211107e37a97511249b77ab49a1cbb465bbcbd6c","name":"RAA n\u00b0 91-2026-106 publi\u00e9 le 17 avril 2026","pdf_creation_date":"2026-04-17T15:00:17+00:00","pdf_modification_date":null,"timezone":"Europe/Paris","url":"https://www.essonne.gouv.fr/contenu/telechargement/43666/376045/file/recueil-91-2026-106-recueil-des-actes-administratifs.pdf"}
