{"administration":"pref75","administration_name":"Pr\u00e9fecture de Paris","content":"PREFECTURE\nDE PARIS\nRECUEIL DES ACTES\nADMINISTRATIFS SP\u00c9CIAL\nN\u00b075-2026-110\nPUBLI\u00c9 LE 20 F\u00c9VRIER 2026\nSommaire\nDirection r\u00e9gionale et interd\u00e9partementale de l'\u00e9conomie, de l'emploi,\ndu travail et des solidarit\u00e9s d'\u00cele-de-France / Unit\u00e9 d\u00e9partementale\nde Paris\n75-2026-02-16-00025 - D\u00e9cision relative \u00e0 l'agr\u00e9ment entreprise\nsolidaire d'utilit\u00e9 sociale (ESUS) - FNE IDF (2 pages) Page 3\n75-2026-02-18-00010 - D\u00e9cision relative \u00e0 l'agr\u00e9ment entreprise\nsolidaire d'utilit\u00e9 sociale (ESUS) ALENVI (2 pages) Page 6\n75-2026-02-16-00026 - D\u00e9cision relative \u00e0 l'agr\u00e9ment entreprise\nsolidaire d'utilit\u00e9 sociale (ESUS) EGENERATION 2025 (2 pages) Page 9\nPr\u00e9fecture de Police / Cabinet\n75-2026-02-20-00001 - Arr\u00eat\u00e9 n\u00b02026-00216 du 20 f\u00e9vrier 2026 \ncr\u00e9ant une aire pi\u00e9tonne temporaire dans certaines voies du 8\u00e8me\narrondissement de Paris \u00e0 l'occasion de la manifestation\n\u00ab\u00a0pi\u00e9tonisation des Champs-\u00c9lys\u00e9es\u00a0\u00bb le 1er mars 2026  (3\npages) Page 12\n75-2026-02-20-00002 - Arr\u00eat\u00e9 n\u00b02026-00217 modifiant provisoirement\nle stationnement dans plusieurs voies \u00e0 Paris 13\u00e8me \u00e0 l'occasion du\nd\u00e9fil\u00e9 du nouvel an lunaire le 1er mars 2026 (3 pages) Page 16\n75-2026-02-20-00003 - Arr\u00eat\u00e9 n\u00b02026-00218 modifiant l'arr\u00eat\u00e9\nn\u00b02026-00205 du 18 f\u00e9vrier 2026 modifiant provisoirement la circulation\n\u00e0 Paris 8\u00e8me et 9\u00e8me, \u00e0 l'occasion de la tenue de la 51\u00e8me\n\u00e9dition de la c\u00e9r\u00e9monie des C\u00e9sar (3 pages) Page 20\n2\nDirection r\u00e9gionale et interd\u00e9partementale de\nl'\u00e9conomie, de l'emploi, du travail et des\nsolidarit\u00e9s d'\u00cele-de-France\n75-2026-02-16-00025\nD\u00e9cision relative \u00e0 l'agr\u00e9ment entreprise\nsolidaire d'utilit\u00e9 sociale (ESUS) - FNE IDF\nDirection r\u00e9gionale et interd\u00e9partementale de l'\u00e9conomie, de l'emploi, du travail et des solidarit\u00e9s d'\u00cele-de-France -\n75-2026-02-16-00025 - D\u00e9cision relative \u00e0 l'agr\u00e9ment entreprise solidaire d'utilit\u00e9 sociale (ESUS) - FNE IDF 3\nPREFET |DE LA REGIOND'\u00ceLE-DE-FRANCELibert\u00e9Egalit\u00e9Fraternit\u00e9\n Direction r\u00e9gionale et interd\u00e9partementale \nde l'\u00e9conomie, de l'emploi, \ndu travail et des solidarit\u00e9s \n \nUnit\u00e9 d\u00e9partementale de Paris \n  \n \n \n \n \nDECISION RELATIVE A  \n \nL'AGREMENT ENTREPRISE SOLIDAIRE D'UTILITE SOCIALE (ESUS)  \n \n \nVU la loi N\u00b0 2014-856 du 31 juillet 2014 relative \u00e0 l'\u00e9conomie sociale et solidaire (articles \n1, 2 et 7) \n \nVU l'article L. 3332-17-1 du Code du Travail,  \n \nVU l'accus\u00e9 de r\u00e9ception de la demande d'agr\u00e9ment au titre d'entreprise solidaire \nd'utilit\u00e9 sociale pr\u00e9sent\u00e9e par l'association \u00ab FRANCE NATURE ENVIRONNEMENT  \nIDF \u00bb en date du 29 octobre 2025, \n \nVU les pi\u00e8ces justificatives accompagnant la demande compl\u00e8te,  \n \n \n  \n \n \n \nDECIDE \n \n \n \n \nARTICLE 1 : L'association \u00ab FRANCE NATURE ENVIRONNEMENT  IDF \u00bb sise 2, rue du \nDessous des Berges  - 75013 Paris (num\u00e9ro SIRET : 324 644 673 00067 ) est agr\u00e9\u00e9e en \nqualit\u00e9 d'entreprise solidaire d'utilit\u00e9 sociale au sens de l'article L.3332-17-1 du Code \ndu Travail. \n \n \nARTICLE 2 : Sauf modification de nature \u00e0 remettre en cause la qualit\u00e9 d'entreprise \nsolidaire en rapport avec l'article L 3332 -17-1, le pr\u00e9sent agr\u00e9ment est accord\u00e9 pour \nune dur\u00e9e de cinq ans compter de sa date de notification. \nDirection r\u00e9gionale et interd\u00e9partementale de l'\u00e9conomie, de l'emploi, du travail et des solidarit\u00e9s d'\u00cele-de-France -\n75-2026-02-16-00025 - D\u00e9cision relative \u00e0 l'agr\u00e9ment entreprise solidaire d'utilit\u00e9 sociale (ESUS) - FNE IDF 4\n \nARTICLE 3 : Le pr\u00e9fet de la r\u00e9gion Ile de France, Pr\u00e9fet de Paris  et le responsable de \nl'Unit\u00e9 d\u00e9partementale de Paris \u2013 UD 75 - de la Direction r\u00e9gionale et \ninterd\u00e9partementale de l'\u00e9conomie, de l'emploi, du travail et des solidarit\u00e9s - DRIEETS \nd'Ile-de-France, sont charg\u00e9s, chacun en ce qui le concerne, de l'ex\u00e9cution de la \npr\u00e9sente d\u00e9cision qui sera publi\u00e9e au Recueil des Actes Administratifs de la pr\u00e9fecture \nde la r\u00e9gion d'Ile de France, pr\u00e9fecture de Paris, accessible sur le site internet de la \npr\u00e9fecture de la r\u00e9gion d'Ile de France, pr\u00e9fecture de Paris : www.ile-de-france.gouv.fr \n \n \nFait \u00e0 Paris, le 16 f\u00e9vrier 2026 \n \nP/Pour le pr\u00e9fet, par d\u00e9l\u00e9gation et \npar subd\u00e9l\u00e9gation du Directeur \nr\u00e9gional et interd\u00e9partemental de \nl'\u00e9conomie, de l'emploi, du travail \net des solidarit\u00e9s d'Ile de France, \n \nLa Directrice du P\u00f4le entreprises, \nemploi et solidarit\u00e9s  \n \nSign\u00e9 \n \nMarie MARCENA \n \n \n \nVoies et d\u00e9lais de recours  : La pr\u00e9sente d\u00e9cision peut faire l'objet, dans un d\u00e9lai de deux mois \u00e0 \ncompter de sa notification, d'un recours gracieux devant le Responsable de l'Unit\u00e9 \nD\u00e9partementale de Paris (35 rue de la Gare \u2013 CS60003 \u2013 75144 Paris cedex 19), d'un recours \nhi\u00e9rarchique devant le Ministre (Minist\u00e8re du Travail, 127 rue de Grenelle 75007 PARIS 07), d'un \nrecours contentieux devant le tribunal administratif de Paris (7 rue de Jouy \u2013 75181 Paris cedex \n04). Ces recours ne sont pas suspensifs. \nDirection r\u00e9gionale et interd\u00e9partementale de l'\u00e9conomie, de l'emploi, du travail et des solidarit\u00e9s d'\u00cele-de-France -\n75-2026-02-16-00025 - D\u00e9cision relative \u00e0 l'agr\u00e9ment entreprise solidaire d'utilit\u00e9 sociale (ESUS) - FNE IDF 5\nDirection r\u00e9gionale et interd\u00e9partementale de\nl'\u00e9conomie, de l'emploi, du travail et des\nsolidarit\u00e9s d'\u00cele-de-France\n75-2026-02-18-00010\nD\u00e9cision relative \u00e0 l'agr\u00e9ment entreprise\nsolidaire d'utilit\u00e9 sociale (ESUS) ALENVI\nDirection r\u00e9gionale et interd\u00e9partementale de l'\u00e9conomie, de l'emploi, du travail et des solidarit\u00e9s d'\u00cele-de-France -\n75-2026-02-18-00010 - D\u00e9cision relative \u00e0 l'agr\u00e9ment entreprise solidaire d'utilit\u00e9 sociale (ESUS) ALENVI 6\nPREFET |DE LA REGIOND'\u00ceLE-DE-FRANCELibert\u00e9Egalit\u00e9Fraternit\u00e9\n Direction r\u00e9gionale et interd\u00e9partementale \nde l'\u00e9conomie, de l'emploi, \ndu travail et des solidarit\u00e9s \n \nUnit\u00e9 d\u00e9partementale de Paris \n  \n \n \n \n \nDECISION RELATIVE A  \n \nL'AGREMENT ENTREPRISE SOLIDAIRE D'UTILITE SOCIALE (ESUS)  \n \n \nVU la loi N\u00b0 2014-856 du 31 juillet 2014 relative \u00e0 l'\u00e9conomie sociale et solidaire (articles \n1, 2 et 7) \n \nVU l'article L. 3332-17-1 du Code du Travail,  \n \nVU l'accus\u00e9 de r\u00e9ception de la demande d'agr\u00e9ment au titre d'entreprise solidaire \nd'utilit\u00e9 sociale pr\u00e9sent\u00e9e par la soci\u00e9t\u00e9 \u00ab ALENVI \u00bb en date du 21 janvier 2026. \n \nVU les pi\u00e8ces justificatives accompagnant la demande compl\u00e8te au 11 f\u00e9vrier 2026. \n \n \n  \n \nDECIDE \n \n \n \n \nARTICLE 1 : La soci\u00e9t\u00e9 \u00ab ALENVI \u00bb sise 24, avenue Daumesnil 75012 Paris (num\u00e9ro RCS : \n834 937 781) est agr\u00e9\u00e9e en qualit\u00e9 d' entreprise solidaire d'utilit\u00e9 sociale au sens de \nl'article L.3332-17-1 du Code du Travail. \n \nARTICLE 2 : Sauf modification de nature \u00e0 remettre en cause la qualit\u00e9 d'entreprise \nsolidaire en rapport avec l'article L 3332 -17-1, le pr\u00e9sent agr\u00e9ment est accord\u00e9 pour \nune dur\u00e9e de deux ans \u00e0 compter de sa date de notification. \n \nARTICLE 3 : Le pr\u00e9fet de la r\u00e9gion Ile de France, Pr\u00e9fet de Paris  et le responsable de \nl'Unit\u00e9 d\u00e9partementale de Paris \u2013 UD 75 - de la Direction r\u00e9gionale et \ninterd\u00e9partementale de l'\u00e9conomie, de l'emploi, du travail et des solidarit\u00e9s - DRIEETS \nd'Ile-de-France, sont charg\u00e9s, chacun en ce qui le concerne, de l'ex\u00e9cution de la \nDirection r\u00e9gionale et interd\u00e9partementale de l'\u00e9conomie, de l'emploi, du travail et des solidarit\u00e9s d'\u00cele-de-France -\n75-2026-02-18-00010 - D\u00e9cision relative \u00e0 l'agr\u00e9ment entreprise solidaire d'utilit\u00e9 sociale (ESUS) ALENVI 7\npr\u00e9sente d\u00e9cision qui sera publi\u00e9e au Recueil des Actes Administratifs de la pr\u00e9fecture \nde la r\u00e9gion d'Ile de France, pr\u00e9fecture de Paris, accessible sur le site internet de la \npr\u00e9fecture de la r\u00e9gion d'Ile de France, pr\u00e9fecture de Paris : www.ile-de-france.gouv.fr \n \n \nFait \u00e0 Paris, le 18 f\u00e9vrier 2026 \n \nP/Pour le pr\u00e9fet, par d\u00e9l\u00e9gation et \npar subd\u00e9l\u00e9gation du Directeur \nr\u00e9gional et interd\u00e9partemental de \nl'\u00e9conomie, de l'emploi, du travail \net des solidarit\u00e9s d'Ile de France, \n \nLa Directrice du P\u00f4le entreprises, \nemploi et solidarit\u00e9s  \n \nSign\u00e9 \n \nMarie MARCENA \n \n \n \n \nVoies et d\u00e9lais de recours  : La pr\u00e9sente d\u00e9cision peut faire l'objet, dans un d\u00e9lai de deux mois \u00e0 \ncompter de sa notification, d'un recours gracieux devant le Responsable de l'Unit\u00e9 \nD\u00e9partementale de Paris (35 rue de la Gare \u2013 CS60003 \u2013 75144 Paris cedex 19), d'un recours \nhi\u00e9rarchique devant le Ministre (Minist\u00e8re du Travail, 127 rue de Grenelle 75007 PARIS 07), d'un \nrecours contentieux devant le tribunal administratif de Paris (7 rue de Jouy \u2013 75181 Paris cedex \n04). Ces recours ne sont pas suspensifs. \nDirection r\u00e9gionale et interd\u00e9partementale de l'\u00e9conomie, de l'emploi, du travail et des solidarit\u00e9s d'\u00cele-de-France -\n75-2026-02-18-00010 - D\u00e9cision relative \u00e0 l'agr\u00e9ment entreprise solidaire d'utilit\u00e9 sociale (ESUS) ALENVI 8\nDirection r\u00e9gionale et interd\u00e9partementale de\nl'\u00e9conomie, de l'emploi, du travail et des\nsolidarit\u00e9s d'\u00cele-de-France\n75-2026-02-16-00026\nD\u00e9cision relative \u00e0 l'agr\u00e9ment entreprise\nsolidaire d'utilit\u00e9 sociale (ESUS) EGENERATION\n2025\nDirection r\u00e9gionale et interd\u00e9partementale de l'\u00e9conomie, de l'emploi, du travail et des solidarit\u00e9s d'\u00cele-de-France -\n75-2026-02-16-00026 - D\u00e9cision relative \u00e0 l'agr\u00e9ment entreprise solidaire d'utilit\u00e9 sociale (ESUS) EGENERATION 2025 9\nPREFET |DE LA REGIOND'\u00ceLE-DE-FRANCELibert\u00e9Egalit\u00e9Fraternit\u00e9\n Direction r\u00e9gionale et interd\u00e9partementale \nde l'\u00e9conomie, de l'emploi, \ndu travail et des solidarit\u00e9s \n \nUnit\u00e9 d\u00e9partementale de Paris \n  \n \n \n \n \n \nDECISION RELATIVE A  \n \nL'AGREMENT ENTREPRISE SOLIDAIRE D'UTILITE SOCIALE (ESUS)  \n \n \nVU la loi N\u00b0 2014-856 du 31 juillet 2014 relative \u00e0 l'\u00e9conomie sociale et solidaire (articles \n1, 2 et 7) \n \nVU l'article L. 3332-17-1 du Code du Travail,  \n \nVU l'accus\u00e9 de r\u00e9ception de la demande d'agr\u00e9ment au titre d'entreprise solidaire \nd'utilit\u00e9 sociale pr\u00e9sent\u00e9e par l'association \u00ab EGENERATION \u00bb en date du 22 octobre \n2025. \n \nVU les pi\u00e8ces justificatives accompagnant la demande compl\u00e8te,  \n \n \n  \n \n \n \nDECIDE \n \n \n \n \nARTICLE 1 : L'association \u00ab EGENERATION \u00bb sise 6, rue de Budapest  - 75009 Paris \n(num\u00e9ro SIRET : 443 819 651 000 37)  est agr\u00e9\u00e9e en qualit\u00e9 d' entreprise solidaire \nd'utilit\u00e9 sociale au sens de l'article L.3332-17-1 du Code du Travail. \n \n \nARTICLE 2 : Sauf modification de nature \u00e0 remettre en cause la qualit\u00e9 d'entreprise \nsolidaire en rapport avec l'article L 3332 -17-1, le pr\u00e9sent agr\u00e9ment est accord\u00e9 pour \nune dur\u00e9e de cinq ans compter de sa date de notification. \n \nDirection r\u00e9gionale et interd\u00e9partementale de l'\u00e9conomie, de l'emploi, du travail et des solidarit\u00e9s d'\u00cele-de-France -\n75-2026-02-16-00026 - D\u00e9cision relative \u00e0 l'agr\u00e9ment entreprise solidaire d'utilit\u00e9 sociale (ESUS) EGENERATION 2025 10\n \n \nARTICLE 3 : Le pr\u00e9fet de la r\u00e9gion Ile de France, Pr\u00e9fet de Paris  et le responsable de \nl'Unit\u00e9 d\u00e9partementale de Paris \u2013 UD 75 - de la Direction r\u00e9gionale et \ninterd\u00e9partementale de l'\u00e9conomie, de l'emploi, du travail et des solidarit\u00e9s - DRIEETS \nd'Ile-de-France, sont charg\u00e9s, chacun en ce qui le concerne, de l'ex\u00e9cution de la \npr\u00e9sente d\u00e9cision qui sera publi\u00e9e au Recueil des Actes Administratifs de la pr\u00e9fecture \nde la r\u00e9gion d'Ile de France, pr\u00e9fecture de Paris, accessible sur le site internet de la \npr\u00e9fecture de la r\u00e9gion d'Ile de France, pr\u00e9fecture de Paris : www.ile-de-france.gouv.fr \n \n \nFait \u00e0 Paris, le 16 f\u00e9vrier 2026 \n \nP/Pour le pr\u00e9fet, par d\u00e9l\u00e9gation et \npar subd\u00e9l\u00e9gation du Directeur \nr\u00e9gional et interd\u00e9partemental de \nl'\u00e9conomie, de l'emploi, du travail \net des solidarit\u00e9s d'Ile de France, \n \nLa Directrice du P\u00f4le entreprises, \nemploi et solidarit\u00e9s  \n \nSign\u00e9 \n \nMarie MARCENA \n \n \n \nVoies et d\u00e9lais de recours  : La pr\u00e9sente d\u00e9cision peut faire l'objet, dans un d\u00e9lai de deux mois \u00e0 \ncompter de sa notification, d'un recours gracieux devant le Responsable de l'Unit\u00e9 \nD\u00e9partementale de Paris (35 rue de la Gare \u2013 CS60003 \u2013 75144 Paris cedex 19), d'un recours \nhi\u00e9rarchique devant le Ministre (Minist\u00e8re du Travail, 127 rue de Grenelle 75007 PARIS 07), d'un \nrecours contentieux devant le tribunal administratif de Paris (7 rue de Jouy \u2013 75181 Paris cedex \n04). Ces recours ne sont pas suspensifs. \nDirection r\u00e9gionale et interd\u00e9partementale de l'\u00e9conomie, de l'emploi, du travail et des solidarit\u00e9s d'\u00cele-de-France -\n75-2026-02-16-00026 - D\u00e9cision relative \u00e0 l'agr\u00e9ment entreprise solidaire d'utilit\u00e9 sociale (ESUS) EGENERATION 2025 11\nPr\u00e9fecture de Police\n75-2026-02-20-00001\nArr\u00eat\u00e9 n\u00b02026-00216 du 20 f\u00e9vrier 2026  cr\u00e9ant\nune aire pi\u00e9tonne temporaire dans certaines\nvoies du 8\u00e8me arrondissement de Paris \u00e0\nl'occasion de la manifestation \u00ab\u00a0pi\u00e9tonisation\ndes Champs-\u00c9lys\u00e9es\u00a0\u00bb le 1er mars 2026 \nPr\u00e9fecture de Police - 75-2026-02-20-00001 - Arr\u00eat\u00e9 n\u00b02026-00216 du 20 f\u00e9vrier 2026  cr\u00e9ant une aire pi\u00e9tonne temporaire dans\ncertaines voies du 8\u00e8me arrondissement de Paris \u00e0 l'occasion de la manifestation \u00ab\u00a0pi\u00e9tonisation des Champs-\u00c9lys\u00e9es\u00a0\u00bb le 1er mars\n2026 \n12\nPREFECTUREDE POLICELibert\u00e9Egalit\u00e9Fraternit\u00e9\nai\nCABINET DU PR\u00c9FET\nParis, le 20 FEV. 2026\nARRETE N\u00b02026-00216 \ncr\u00e9ant une aire pi\u00e9tonne temporaire dans certaines voies du 8\u00e8me arrondissement de Paris\n\u00e0 l'occasion de la manifestation \u00ab\u00a0pi\u00e9tonnisation des Champs-\u00c9lys\u00e9es\u00a0\u00bb\nle 1er mars 2026 \nLE PR\u00c9FET DE POLICE\nVu le code g\u00e9n\u00e9ral des collectivit\u00e9s territoriales, notamment ses articles L.2512-13  \net L.2512-14\u00a0;\nVu  le  code  de  la  route,  notamment  ses  articles  L.325-1  \u00e0  L.325-3,  R.411-8  et\nR.411-25\u00a0;\nVu le code des transports, notamment ses articles L. 3111-14 et L. 3121-1\u00a0;\nVu  le  v\u0153u  de  l'ex\u00e9cutif  relatif  \u00e0  l'apaisement  de  l'espace  public  et  \u00e0  la  \npi\u00e9tonnisation des rues de Paris adopt\u00e9 au Conseil de Paris des 15 et 16 f\u00e9vrier 2016\u00a0;\nVu l'avis de la Ville de Paris en date du 18 f\u00e9vrier 2026 ;\nConsid\u00e9rant que la Ville de Paris organise le 1er mars 2026 la \u00ab \u00a0pi\u00e9tonnisation des \nChamps-Elys\u00e9es\u00a0\u00bb, manifestation festive dans certaines voies de la capitale\u00a0;\nConsid\u00e9rant que la tenue de cet \u00e9v\u00e8nement implique de prendre des mesures  \nprovisoires  de  circulation  n\u00e9cessaires  \u00e0  son  bon  d\u00e9roulement  et  \u00e0  la  s\u00e9curit\u00e9  des  \nparticipants et du public\u00a0;\nSur proposition du pr\u00e9fet, directeur de cabinet :\nA R R E T E \nArticle 1  er     \nIl est cr\u00e9\u00e9 le 1er mars 2026, de 10h00 \u00e0 18h00, une aire pi\u00e9tonne temporaire \u00e0  \nl'int\u00e9rieur du p\u00e9rim\u00e8tre form\u00e9 par les voies suivantes du 8 \u00e8me\u00a0arrondissement : rue Ars\u00e8ne \nHoussaye, rue Lord Byron, rue Chateaubriand, rue Washington, rue d'Artois, rue de Berri,  \nrue de Ponthieu, avenue Franklin D. Roosevelt, rond-point des Champs Elys\u00e9es-Marcel  \nDassault (partie Ouest), avenue Montaigne, rue Fran\u00e7ois 1 er, avenue George V, rue Vernet, \navenue Marceau et rue de Presbourg.\nLa circulation des v\u00e9hicules \u00e0 moteur est interdite \u00e0 l'int\u00e9rieur de ce p\u00e9rim\u00e8tre  \npendant la dur\u00e9e de la manifestation.\nL'interdiction de circulation ne s'applique pas aux voies pr\u00e9cit\u00e9es d\u00e9limitant le  \np\u00e9rim\u00e8tre.\nPr\u00e9fecture de Police - 75-2026-02-20-00001 - Arr\u00eat\u00e9 n\u00b02026-00216 du 20 f\u00e9vrier 2026  cr\u00e9ant une aire pi\u00e9tonne temporaire dans\ncertaines voies du 8\u00e8me arrondissement de Paris \u00e0 l'occasion de la manifestation \u00ab\u00a0pi\u00e9tonisation des Champs-\u00c9lys\u00e9es\u00a0\u00bb le 1er mars\n2026 \n13\nArticle 2\nSans  pr\u00e9judice  des  sanctions  p\u00e9nales  auxquelles  s'exposent  les  personnes  en  \ninfraction avec les dispositions du pr\u00e9sent arr\u00eat\u00e9, les v\u00e9hicules ayant servi \u00e0 commettre  \nces infractions peuvent \u00eatre immobilis\u00e9s et mis en fourri\u00e8re dans les conditions pr\u00e9vues  \naux articles L.325-1 \u00e0 L.325-3 du code de la route.\nArticle 3\nDans les p\u00e9rim\u00e8tres et les voies pr\u00e9cit\u00e9s, les dispositions portant interdiction de la  \ncirculation  de  tout  v\u00e9hicule  motoris\u00e9  ne  sont  pas  applicables aux  v\u00e9hicules  d'int\u00e9r\u00eat \ng\u00e9n\u00e9ral prioritaires au sens des dispositions de l'article R.311-1 6.5 du code de la route.\nArticle 4\nLe directeur de l'ordre public et de la circulation, le directeur de la s\u00e9curit\u00e9 de  \nproximit\u00e9 de l'agglom\u00e9ration parisienne de la Pr\u00e9fecture de Police, le directeur de la  \nvoirie et des d\u00e9placements et le directeur de la police municipale et de la pr\u00e9vention de  \nla Ville de Paris sont charg\u00e9s, chacun en ce qui le concerne, de l'ex\u00e9cution du pr\u00e9sent  \narr\u00eat\u00e9 qui entrera en vigueur \u00e0 compter de son affichage aux portes de la pr\u00e9fecture de  \npolice  (1  rue  de  Lut\u00e8ce).  Il  sera  \u00e9galement  affich\u00e9  aux  portes  de  la  mairie  et  du  \ncommissariat  de  l'arrondissement  concern\u00e9  et  sera  publi\u00e9  au  recueil  des  actes  \nadministratifs de la pr\u00e9fecture de la r\u00e9gion d'\u00cele-de-France, pr\u00e9fecture de Paris et de la  \npr\u00e9fecture  de  police  et  sur  le  site  internet  de  la  pr\u00e9fecture  de  police  de  Paris \u00a0: \nwww.prefecturedepolice.interieur.gouv.fr.\nPour le pr\u00e9fet de Police,\nLe sous -pr\u00e9fet, directeur adj. \nde cabinet\nS I G N \u00c9\nCharles BARBIER\nPr\u00e9fecture de Police - 75-2026-02-20-00001 - Arr\u00eat\u00e9 n\u00b02026-00216 du 20 f\u00e9vrier 2026  cr\u00e9ant une aire pi\u00e9tonne temporaire dans\ncertaines voies du 8\u00e8me arrondissement de Paris \u00e0 l'occasion de la manifestation \u00ab\u00a0pi\u00e9tonisation des Champs-\u00c9lys\u00e9es\u00a0\u00bb le 1er mars\n2026 \n14\nANNEXE \u00c0 L'ARR\u00caT\u00c9 N\u00b0 2026-00216        DU   20 FEV. 2026\nVOIES ET D\u00c9LAIS DE RECOURS\n_______________________\nSi vous estimez devoir contester la pr\u00e9sente d\u00e9cision, il vous est possible, dans un  \nd\u00e9lai de deux mois \u00e0 compter de la date de son affichage\u00a0:\n- soit de saisir d'un RECOURS GRACIEUX\nle pr\u00e9fet de Police de Paris\n7/9, boulevard du Palais - 75195 PARIS RP\n- ou de former un RECOURS HI\u00c9RARCHIQUE\naupr\u00e8s du ministre de l'Int\u00e9rieur\nDirection des libert\u00e9s publiques et des affaires juridiques\nplace Beauvau - 75008 PARIS\n- soit de saisir d'un RECOURS CONTENTIEUX\nle tribunal administratif comp\u00e9tent\nAucune de ces voies et recours ne suspend l'application de la pr\u00e9sente d\u00e9cision.\nLes  recours  GRACIEUX  et  HI\u00c9RARCHIQUE  doivent  \u00eatre  \u00e9crits,  exposer  les  \narguments ou faits nouveaux et comprendre la copie de la d\u00e9cision contest\u00e9e.\nLe recours contentieux, qui vise \u00e0 contester la L\u00c9GALIT\u00c9 de la pr\u00e9sente d\u00e9cision,  \ndoit \u00e9galement \u00eatre \u00e9crit et exposer votre argumentation juridique.\nSi vous n'aviez pas de r\u00e9ponse \u00e0 votre recours GRACIEUX ou HI\u00c9RARCHIQUE dans  \nun d\u00e9lai de deux mois \u00e0 compter de la r\u00e9ception de votre recours par l'administration,  \nvotre demande devra \u00eatre consid\u00e9r\u00e9e comme rejet\u00e9e (d\u00e9cision implicite de rejet).\nEn  cas  de  rejet  des  RECOURS  GRACIEUX  ou  HI\u00c9RARCHIQUE,  le  tribunal  \nadministratif  peut  \u00eatre  saisi  d'un  recours  contentieux  dans  le  d\u00e9lai  de  deux  mois  \u00e0  \ncompter de la date de la d\u00e9cision de rejet.\nPr\u00e9fecture de Police - 75-2026-02-20-00001 - Arr\u00eat\u00e9 n\u00b02026-00216 du 20 f\u00e9vrier 2026  cr\u00e9ant une aire pi\u00e9tonne temporaire dans\ncertaines voies du 8\u00e8me arrondissement de Paris \u00e0 l'occasion de la manifestation \u00ab\u00a0pi\u00e9tonisation des Champs-\u00c9lys\u00e9es\u00a0\u00bb le 1er mars\n2026 \n15\nPr\u00e9fecture de Police\n75-2026-02-20-00002\nArr\u00eat\u00e9 n\u00b02026-00217 modifiant provisoirement le\nstationnement dans plusieurs voies \u00e0 Paris 13\u00e8me\n\u00e0 l'occasion du d\u00e9fil\u00e9 du nouvel an lunaire le 1er\nmars 2026\nPr\u00e9fecture de Police - 75-2026-02-20-00002 - Arr\u00eat\u00e9 n\u00b02026-00217 modifiant provisoirement le stationnement dans plusieurs voies \u00e0\nParis 13\u00e8me \u00e0 l'occasion du d\u00e9fil\u00e9 du nouvel an lunaire le 1er mars 2026 16\nPREFECTUREDE POLICELibert\u00e9Egalit\u00e9Fraternit\u00e9\nai\nCABINET DU PR\u00c9FET\nParis, le 20 FEV. 2026\nARRETE N\u00b02026-00217 \nmodifiant provisoirement le stationnement dans plusieurs \nvoies \u00e0 Paris 13\u00e8me \u00e0 l'occasion du d\u00e9fil\u00e9 du nouvel an lunaire\nle 1er mars 2026\nLE PR\u00c9FET DE POLICE\nVu le code g\u00e9n\u00e9ral des collectivit\u00e9s territoriales, notamment ses articles L.2512-13 et  \nL.2512-14\u00a0;\nVu  le  code  de  la  route,  notamment  ses  articles  L.325-1  \u00e0  L.325-3,  R.411-8  et\nR.411-25\u00a0;\nVu l'avis de la Ville de Paris en date du 18 f\u00e9vrier 2026\u00a0;\nConsid\u00e9rant l'organisation d'un d\u00e9fil\u00e9 festif \u00e0 l'occasion du nouvel an lunaire dans  \ndiverses voies \u00e0 Paris 13\u00e8me le 1er  mars 2026\u00a0;\nConsid\u00e9rant que pour garantir le bon d\u00e9roulement de cet \u00e9v\u00e8nement, il convient de  \nmodifier les r\u00e8gles de stationnement dans plusieurs voies \u00e0 Paris 13\u00e8me\u00a0;\nSur proposition du pr\u00e9fet, directeur de cabinet\u00a0:\nA R R E T E\nArticle 1  er  \nLe stationnement de tout v\u00e9hicule \u00e0 moteur est interdit du 28 f\u00e9vrier 2026 \u00e0 22h00 au  \n1er mars 2026 \u00e0 18h00, dans les voies et portions de voies suivantes de Paris 13\u00e8me\u00a0:\n- avenue d'Ivry, du boulevard Mass\u00e9na \u00e0 la rue de Tolbiac\u00a0;\n- avenue de Choisy, de la rue de Tolbiac au boulevard Mass\u00e9na\u00a0; \n- boulevard Mass\u00e9na, de l'avenue de Choisy \u00e0 l'avenue d'Ivry\u00a0;\n- rue Nationale, du n\u00b0 3 de cette voie au boulevard Mass\u00e9na\u00a0;\nPr\u00e9fecture de Police - 75-2026-02-20-00002 - Arr\u00eat\u00e9 n\u00b02026-00217 modifiant provisoirement le stationnement dans plusieurs voies \u00e0\nParis 13\u00e8me \u00e0 l'occasion du d\u00e9fil\u00e9 du nouvel an lunaire le 1er mars 2026 17\n- rue Regnault, du n\u00b0 113 de cette voie \u00e0 l'avenue d'Ivry\u00a0;\n- rue de la Pointe d'Ivry en totalit\u00e9\u00a0;\n- rue Baudricourt, du n\u00b0 70 de cette voie \u00e0 l'avenue de Choisy\u00a0;\n- rue Aumont, du n\u00b0 7 de cette voie \u00e0 l'avenue d'Ivry\u00a0;\n- rue Auguste Perret, du n\u00b0 2 de cette voie \u00e0 l'avenue de Choisy\u00a0;\n- rue de la Vistule, du n\u00b0 3 de cette voie \u00e0 l'avenue de Choisy\u00a0;\n- rue Philibert Lucot, du n\u00b0 3 de cette voie \u00e0 l'avenue de Choisy\u00a0;\n- rue des Malmaisons, du n\u00b0 3 de cette voie \u00e0 l'avenue de Choisy\u00a0;\n- rue Caillaux, du n\u00b0 1 de cette voie \u00e0 l'avenue de Choisy\u00a0;\n- rue Lachelier, du n\u00b0 9 de cette voie au boulevard Mass\u00e9na\u00a0;\n- rue Emile Levassor, du n\u00b0 3 de cette voie au boulevard Mass\u00e9na.\nArticle 2\nSans pr\u00e9judice des sanctions p\u00e9nales auxquelles s'exposent les personnes en infraction  \navec les dispositions du pr\u00e9sent arr\u00eat\u00e9, les v\u00e9hicules ayant servi \u00e0 commettre ces infractions  \npeuvent \u00eatre immobilis\u00e9s et mis en fourri\u00e8re dans les conditions pr\u00e9vues aux articles L.325-1 \u00e0  \nL.325-3\u00a0du code de la route.\nArticle 3\nLes  dispositions  du  pr\u00e9sent  arr\u00eat\u00e9  ne  sont  pas  applicables  aux  v\u00e9hicules  d'int\u00e9r\u00eat \ng\u00e9n\u00e9ral prioritaires au sens des dispositions de l'article R.311-1 6.5 du code de la route.\nArticle 4\nLe  directeur  de  l'ordre  public  et  de  la  circulation,  le  directeur  de  la  s\u00e9curit\u00e9  de  \nproximit\u00e9 de l'agglom\u00e9ration parisienne de la pr\u00e9fecture de Police, le directeur de la voirie et  \ndes d\u00e9placements et le directeur de la police municipale et de la pr\u00e9vention de la Ville de  \nParis sont charg\u00e9s, chacun en ce qui le concerne, de l'ex\u00e9cution du pr\u00e9sent arr\u00eat\u00e9 qui entrera  \nen vigueur \u00e0 compter de son affichage aux portes de la pr\u00e9fecture de Police (1 rue de Lut\u00e8ce).  \nIl sera \u00e9galement affich\u00e9 aux portes de la mairie et du commissariat des arrondissements  \nconcern\u00e9s et sera publi\u00e9 au recueil des actes administratifs de la pr\u00e9fecture de la r\u00e9gion d'\u00cele-\nde-France,  pr\u00e9fecture  de  Paris  et  de  la  pr\u00e9fecture  de  Police  et  sur  le  site  internet  de  la \npr\u00e9fecture de police de Paris : www.prefecturedepolice.interieur.gouv.fr. \nPour le pr\u00e9fet de Police,\nLe sous-pr\u00e9fet, directeur adj. \nde cabinet \nS I G N \u00c9\nCharles BARBIER\nPr\u00e9fecture de Police - 75-2026-02-20-00002 - Arr\u00eat\u00e9 n\u00b02026-00217 modifiant provisoirement le stationnement dans plusieurs voies \u00e0\nParis 13\u00e8me \u00e0 l'occasion du d\u00e9fil\u00e9 du nouvel an lunaire le 1er mars 2026 18\nANNEXE \u00c0 L'ARR\u00caT\u00c9 N\u00b0 2026-00217        DU  20 FEV. 2026\nVOIES ET D\u00c9LAIS DE RECOURS\n_______________________\nSi vous estimez devoir contester la pr\u00e9sente d\u00e9cision, il vous est possible, dans un d\u00e9lai de  \ndeux mois \u00e0 compter de la date de son affichage\u00a0:\n- soit de saisir d'un RECOURS GRACIEUX\nle pr\u00e9fet de Police\n7/9, boulevard du Palais - 75195 PARIS RP\n- ou de former un RECOURS HI\u00c9RARCHIQUE\n  aupr\u00e8s du ministre de l'Int\u00e9rieur\n  Direction des libert\u00e9s publiques et des affaires juridiques\n  place Beauvau - 75008 PARIS\n- soit de saisir d'un RECOURS CONTENTIEUX\nle tribunal administratif comp\u00e9tent\nAucune de ces voies et recours ne suspend l'application de la pr\u00e9sente d\u00e9cision.\nLes recours GRACIEUX et HI\u00c9RARCHIQUE doivent \u00eatre \u00e9crits, exposer les arguments ou faits  \nnouveaux et comprendre la copie de la d\u00e9cision contest\u00e9e.\nLe  recours  contentieux,  qui  vise  \u00e0  contester  la  L\u00c9GALIT\u00c9  de  la  pr\u00e9sente  d\u00e9cision,  doit  \n\u00e9galement \u00eatre \u00e9crit et exposer votre argumentation juridique.\nSi vous n'aviez pas de r\u00e9ponse \u00e0 votre recours GRACIEUX ou HI\u00c9RARCHIQUE dans un d\u00e9lai  \nde  deux  mois  \u00e0  compter  de  la  r\u00e9ception  de  votre  recours  par  l'administration,  votre  \ndemande devra \u00eatre consid\u00e9r\u00e9e comme rejet\u00e9e (d\u00e9cision implicite de rejet).\nEn cas de rejet des RECOURS GRACIEUX ou HI\u00c9RARCHIQUE, le tribunal administratif peut  \n\u00eatre saisi d'un recours contentieux dans le d\u00e9lai de deux mois \u00e0 compter de la date de la  \nd\u00e9cision de rejet.\nPr\u00e9fecture de Police - 75-2026-02-20-00002 - Arr\u00eat\u00e9 n\u00b02026-00217 modifiant provisoirement le stationnement dans plusieurs voies \u00e0\nParis 13\u00e8me \u00e0 l'occasion du d\u00e9fil\u00e9 du nouvel an lunaire le 1er mars 2026 19\nPr\u00e9fecture de Police\n75-2026-02-20-00003\nArr\u00eat\u00e9 n\u00b02026-00218 modifiant l'arr\u00eat\u00e9\nn\u00b02026-00205 du 18 f\u00e9vrier 2026 modifiant\nprovisoirement la circulation \u00e0 Paris 8\u00e8me et\n9\u00e8me, \u00e0 l'occasion de la tenue de la 51\u00e8me\n\u00e9dition de la c\u00e9r\u00e9monie des C\u00e9sar\nPr\u00e9fecture de Police - 75-2026-02-20-00003 - Arr\u00eat\u00e9 n\u00b02026-00218 modifiant l'arr\u00eat\u00e9 n\u00b02026-00205 du 18 f\u00e9vrier 2026 modifiant\nprovisoirement la circulation \u00e0 Paris 8\u00e8me et 9\u00e8me, \u00e0 l'occasion de la tenue de la 51\u00e8me \u00e9dition de la c\u00e9r\u00e9monie des C\u00e9sar 20\nPREFECTUREDE POLICELiibert\u00e9Egalit\u00e9Fraternit\u00e9\nAtUGi\nCABINET DU PREFET\nParis, le 20 f\u00e9vrier 2026 \nARRETE N\u00b02026-00218\nmodifiant l'arr\u00eat\u00e9 n\u00b02026-00205 du 18 f\u00e9vrier 2026 modifiant provisoirement \nla circulation \u00e0 Paris 8\u00e8me et 9\u00e8me,\n\u00e0 l'occasion de la tenue de la 51\u00e8me \u00e9dition de la c\u00e9r\u00e9monie des C\u00e9sar\nLE PREFET DE POLICE\nVu le code g\u00e9n\u00e9ral des collectivit\u00e9s territoriales, notamment ses articles L.2512-13 et  \nL.2512-14 II ;\nVu  le  code  de  la  route,  notamment  ses  articles  L.325-1  \u00e0  L.325-3,  R.411-8  et\nR.411-25\u00a0;\nVu l'arr\u00eat pr\u00e9fectoral n\u00b02026-00205 du 18 f\u00e9vrier 2026 modifiant provisoirement la  \ncirculation \u00e0 Paris 8\u00e8me et 9\u00e8me, \u00e0 l'occasion de la tenue de la 51 \u00e8me \u00e9dition de la c\u00e9r\u00e9monie des  \nC\u00e9sar ; \nVu l'avis de la Ville de Paris en date du 19 f\u00e9vrier 2026 ;\nConsid\u00e9rant l'organisation d'un d\u00eener \u00e0 l'issue de cette c\u00e9r\u00e9monie, \u00e0 Paris 8\u00e8me ;\nConsid\u00e9rant  que  ces  \u00e9v\u00e8nements  impliquent  de  prendre  des  mesures  modifiant  \nprovisoirement le stationnement et la circulation, n\u00e9cessaires \u00e0 son bon d\u00e9roulement et \u00e0 la  \ns\u00e9curit\u00e9 des participants et du public ;\nSur proposition du pr\u00e9fet, directeur de cabinet ;\nA R R E T E \nArticle 1  er  \nL'article 1er de l'arr\u00eat\u00e9 n\u00b02026-00205 du 18 f\u00e9vrier 2026 est modifi\u00e9 comme suit :\n\u00ab La circulation de tout v\u00e9hicule \u00e0 moteur est interdite boulevard des Capucines \u00e0 Paris \n9\u00e8me arrondissement, entre la rue Scribe et la rue de Caumartin, c\u00f4t\u00e9 pair, sur la voie r\u00e9serv\u00e9e  \naux autobus, aux dates et horaires suivants :\n    \u2022 du 22 f\u00e9vrier 2026 \u00e0 12h00 au 23 f\u00e9vrier 2026 \u00e0 22h00 ;\n    \u2022 le 24 f\u00e9vrier 2026 de 07h00 \u00e0 22h00 ;\n    \u2022 le 25 f\u00e9vrier 2026 de 01h00 \u00e0 20h00 ;\n    \u2022 le 27 f\u00e9vrier 2026 de 08h00 \u00e0 12h00. \u00bb\nPr\u00e9fecture de Police - 75-2026-02-20-00003 - Arr\u00eat\u00e9 n\u00b02026-00218 modifiant l'arr\u00eat\u00e9 n\u00b02026-00205 du 18 f\u00e9vrier 2026 modifiant\nprovisoirement la circulation \u00e0 Paris 8\u00e8me et 9\u00e8me, \u00e0 l'occasion de la tenue de la 51\u00e8me \u00e9dition de la c\u00e9r\u00e9monie des C\u00e9sar 21\n                             \nArticle 2\nL'article 2 de l'arr\u00eat\u00e9 n\u00b02026-00205 du 18 f\u00e9vrier 2026 est modifi\u00e9 comme suit :\n\u00ab La circulation de tout v\u00e9hicule \u00e0 moteur est interdite boulevard des C apucines \u00e0 Pa-\nris 9\u00e8me, entre la rue Scribe et la rue de Caumartin, aux dates et horaires suivants:\n- du 23 f\u00e9vrier 2026 \u00e0 22h00 au 24 f\u00e9vrier 2026 \u00e0 07h00\u00a0;\n- du 24 f\u00e9vrier 2026 \u00e0 22h00 au 25 f\u00e9vrier 2026 \u00e0 01h00\u00a0;\n- du 25 f\u00e9vrier 2026 \u00e0 20h00 au 27 f\u00e9vrier 2026 \u00e0 08h00. \u00bb\nArticle 3\nLe  directeur  de  l'ordre  public  et  de  la  circulation,  le  directeur  de  la  s\u00e9curit\u00e9  de  \nproximit\u00e9 de l'agglom\u00e9ration parisienne de la Pr\u00e9fecture de Police, le directeur de la voirie et  \ndes d\u00e9placements et le directeur de la police municipale et de la pr\u00e9vention de la Ville de  \nParis sont charg\u00e9s, chacun en ce qui le concerne, de l'ex\u00e9cution du pr\u00e9sent arr\u00eat\u00e9 qui entrera  \nen vigueur \u00e0 compter de son affichage aux portes de la pr\u00e9fecture de police (1 rue de Lut\u00e8ce). \nIl sera \u00e9galement affich\u00e9 aux portes de la mairie et du commissariat de l'arrondissement  \nconcern\u00e9 et sera publi\u00e9 au recueil des actes administratifs de la pr\u00e9fecture de la r\u00e9gion d'\u00cele-\nde-France, pr\u00e9fecture de Paris et de la pr\u00e9fecture de police et sur le site internet de la  \npr\u00e9fecture de police de Paris : www.prefecturedepolice.interieur.gouv.fr. \nPour le pr\u00e9fet de Police,\nLe sous-pr\u00e9fet\nDirecteur adjoint de cabinet\nSign\u00e9\nCharles BARBIER\n2\n2026-00218\nPr\u00e9fecture de Police - 75-2026-02-20-00003 - Arr\u00eat\u00e9 n\u00b02026-00218 modifiant l'arr\u00eat\u00e9 n\u00b02026-00205 du 18 f\u00e9vrier 2026 modifiant\nprovisoirement la circulation \u00e0 Paris 8\u00e8me et 9\u00e8me, \u00e0 l'occasion de la tenue de la 51\u00e8me \u00e9dition de la c\u00e9r\u00e9monie des C\u00e9sar 22\nANNEXE A L'ARRETE N\u00b02026-00218 du 20 f\u00e9vrier 2026             \nVOIES ET DELAIS DE RECOURS\n_______________________\nSi vous estimez devoir contester la pr\u00e9sente d\u00e9cision, il vous est possible, dans un d\u00e9lai de  \ndeux mois \u00e0 compter de la date de son affichage\u00a0:\n- soit de saisir d'un RECOURS GRACIEUX\nle pr\u00e9fet de Police de Paris\n7/9, boulevard du Palais - 75195 PARIS RP\n- ou de former un RECOURS HIERARCHIQUE\n  aupr\u00e8s du ministre de l'Int\u00e9rieur \n  Direction des libert\u00e9s publiques et des affaires juridiques\n  place Beauvau - 75008 PARIS\n- soit de saisir d'un RECOURS CONTENTIEUX\nle tribunal administratif comp\u00e9tent\nAucune de ces voies et recours ne suspend l'application de la pr\u00e9sente d\u00e9cision.\nLes recours GRACIEUX et HIERARCHIQUE doivent \u00eatre \u00e9crits, exposer les arguments ou faits  \nnouveaux et comprendre la copie de la d\u00e9cision contest\u00e9e.\nLe  recours  contentieux,  qui  vise  \u00e0  contester  la  LEGALITE  de  la  pr\u00e9sente  d\u00e9cision,  doit  \n\u00e9galement \u00eatre \u00e9crit et exposer votre argumentation juridique.\nSi vous n'aviez pas de r\u00e9ponse \u00e0 votre recours GRACIEUX ou HIERARCHIQUE dans un d\u00e9lai  \nde  deux  mois  \u00e0  compter  de  la  r\u00e9ception  de  votre  recours  par  l'administration,  votre  \ndemande devra \u00eatre consid\u00e9r\u00e9e comme rejet\u00e9e (d\u00e9cision implicite de rejet).\nEn cas de rejet des RECOURS GRACIEUX ou HIERARCHIQUE, le tribunal administratif peut  \n\u00eatre saisi d'un recours contentieux dans le d\u00e9lai de deux mois \u00e0 compter de la date de la  \nd\u00e9cision de rejet.\n3\n2026-00218\nPr\u00e9fecture de Police - 75-2026-02-20-00003 - Arr\u00eat\u00e9 n\u00b02026-00218 modifiant l'arr\u00eat\u00e9 n\u00b02026-00205 du 18 f\u00e9vrier 2026 modifiant\nprovisoirement la circulation \u00e0 Paris 8\u00e8me et 9\u00e8me, \u00e0 l'occasion de la tenue de la 51\u00e8me \u00e9dition de la c\u00e9r\u00e9monie des C\u00e9sar 23","date":"2026-02-20","first_seen_on":"2026-02-20T17:49:16+00:00","id":"d00eeb0baf56e9604c3b54bac2c629f82de022e5105834ae11fb53fed81ee07c","name":"recueil-75-2026-110-recueil-des-actes-administratifs-special du 20.02.2026","pdf_creation_date":"2026-02-20T16:00:56+00:00","pdf_modification_date":null,"timezone":"Europe/Paris","url":"https://www.prefectures-regions.gouv.fr/ile-de-france/irecontenu/telechargement/135670/993054/file/recueil-75-2026-110-recueil-des-actes-administratifs-special%20du%2020.02.2026.pdf"}
