{"administration":"prefidf","administration_name":"Pr\u00e9fecture de la r\u00e9gion \u00cele-de-France","content":"PREFECTURE\nREGION ILE DE\nFRANCE\nRECUEIL DES ACTES\nADMINISTRATIFS SP\u00c9CIAL\nN\u00b0IDF-059-2025-07\nPUBLI\u00c9 LE 31 JUILLET 2025\nSommaire\nAgence R\u00e9gionale de Sant\u00e9 /\nIDF-2025-07-24-00023 - Arr\u00eat\u00e9 n\u00b0 2025-197 portant autorisation de\nr\u00e9duction de 78 \u00e0 68 places du Service de soins infirmiers \u00e0 domicile\n(SSIAD) sis 20, rue Lafontaine \u00e0 Antony (92160) g\u00e9r\u00e9 par\nl'association OMEG'AGE GESTION (3 pages) Page 4\nIDF-2025-07-08-00009 - Arr\u00eat\u00e9 portant approbation de cession\nd'autorisation du Centre d'Accueil de jour sis 6, avenue du\nMar\u00e9chal Franchet d'Esp\u00e9rey                                                 \u00e0\nVersailles (78000), g\u00e9r\u00e9 par l'association Centre d'Accueil de jour\nLa Porte Verte au profit de l'association Centre M\u00e9dical Porte Verte (4\npages) Page 8\nAgence R\u00e9gionale de Sant\u00e9 / Agence r\u00e9gionale de sant\u00e9\nd'Ile-de-France-D\u00e9l\u00e9gation d\u00e9partementale de Paris\nIDF-2025-07-30-00009 - Arr\u00eat\u00e9 n\u00b02025-183 portant autorisation\nd'extension de capacit\u00e9 de 8 \u00e0 14 places de l'EAM Pont de Flandre\nsis 13 bis rue Curial Paris 19\u00e8me g\u00e9r\u00e9 par l'association Cap Devant\n(4 pages) Page 13\nIDF-2025-07-30-00008 - Arr\u00eat\u00e9 n\u00b02025-201 portant autorisation\nd'extension de capacit\u00e9 de 35 \u00e0 45 places du SAMSAH Pont de\nFlandre sis 249 rue de Crim\u00e9e Paris 19\u00e8me g\u00e9r\u00e9 par l'association\nCap Devant (4 pages) Page 18\nAgence R\u00e9gionale de Sant\u00e9 / Direction Veille et S\u00e9curit\u00e9 Sanitaires\nIDF-2025-07-25-00009 - D\u00e9cision n\u00b0 DVSS - QSPHARMBIO - 2025/054\nportant renouvellement de l'autorisation de la pharmacie \u00e0 usage\nint\u00e9rieur du Centre de R\u00e9adaptation et R\u00e9\u00e9ducation Fonctionnelle\n(CHRRF) la Chataigneraie (3 pages) Page 23\nIDF-2025-07-29-00018 - D\u00e9cision n\u00b0 DVSS - QSPHARMBIO - 2025/075\nportant renouvellement de l'autorisation de la pharmacie \u00e0 usage\nint\u00e9rieur de l'h\u00f4pital Sainte Marie Paris (4 pages) Page 27\nDirection r\u00e9gionale et interd\u00e9partementale de l'environnement, de\nl'am\u00e9nagement et des transports d'\u00cele-de-France / Service\nAm\u00e9nagement durable\nIDF-2025-07-24-00024 - Arr\u00eat\u00e9 n\u00b0 IDF-2025- annule et remplace\nl'arr\u00eat\u00e9  n\u00b0IDF-2025-07-24-00008 accordant \u00e0 SEGRO BOBIGNY\nl'agr\u00e9ment institu\u00e9 par l'article R.510-1 du code de l'urbanisme\n(2 pages) Page 32\nRectorat de la r\u00e9gion acad\u00e9mique d'Ile-de-France, rectorat de\nl'acad\u00e9mie de Paris /\nIDF-2025-07-30-00004 - Arr\u00eat\u00e9 n\u00b0 2025-106-RRA portant agr\u00e9ment au\ntitre de la Jeunesse et de l'\u00c9ducation Populaire pour l'association\nFLORIMONT - SDJES de Paris  (2 pages) Page 35\n2\nIDF-2025-07-30-00005 - Arr\u00eat\u00e9 n\u00b0 2025-107-RRA portant\nreconnaissance du tronc commun d'agr\u00e9ment de l'association\nFLORIMONT - SDJES de Paris (2 pages) Page 38\nIDF-2025-07-30-00006 - Arr\u00eat\u00e9 n\u00b0 2025-108-RRA portant agr\u00e9ment au\ntitre de la Jeunesse et de l'\u00c9ducation Populaire pour l'association\nARC EQUIPE D'AMITIE - ARC-EA - SDJES de Paris  (2 pages) Page 41\nIDF-2025-07-30-00007 - Arr\u00eat\u00e9 n\u00b0 2025-109-RRA portant\nreconnaissance du tronc commun d'agr\u00e9ment de l'association ARC\nEQUIPE D'AMITIE - ARC-- SDJES de Paris (2 pages) Page 44\n3\nAgence R\u00e9gionale de Sant\u00e9\nIDF-2025-07-24-00023\nArr\u00eat\u00e9 n\u00b0 2025-197 portant autorisation de\nr\u00e9duction de 78 \u00e0 68 places du Service de soins\ninfirmiers \u00e0 domicile (SSIAD) sis 20, rue\nLafontaine \u00e0 Antony (92160) g\u00e9r\u00e9 par\nl'association OMEG'AGE GESTION\nAgence R\u00e9gionale de Sant\u00e9 - IDF-2025-07-24-00023 - Arr\u00eat\u00e9 n\u00b0 2025-197 portant autorisation de r\u00e9duction de 78 \u00e0 68 places du\nService de soins infirmiers \u00e0 domicile (SSIAD) sis 20, rue Lafontaine \u00e0 Antony (92160) g\u00e9r\u00e9 par l'association OMEG'AGE GESTION 4\nREPUBLIQUEFRANCAISELibert\u00e9Egalit\u00e9Fraternit\u00e9 @ D Agence R\u00e9gionale de Sant\u00e9\u00cele-de-France\n \n                                                               \n \n \n \n \nAGENCE R\u00c9GIONALE DE SANT\u00c9 \u00ceLE-DE-FRANCE \nARR\u00caT\u00c9 N\u00b0 2025 - 197  \nportant autorisation de r\u00e9duction de 78 \u00e0 68 places du Service de soins infirmiers                      \n\u00e0 domicile (SSIAD) sis 20, rue Lafontaine \u00e0 Antony (92160) \ng\u00e9r\u00e9 par l'association OMEG'AGE GESTION \n \n \nLE DIRECTEUR G\u00c9N\u00c9RAL DE L'AGENCE R\u00c9GIONALE DE SANT\u00c9 \u00ceLE-DE-FRANCE  \n \n \nVU le code de l' action sociale et des familles et notamment les articles L312 -1, L313 -1, L314 -3 et \nsuivants ;  \n \nVU  \n \n \nVU \nle d\u00e9cret du 10 avril 2024 portant nomination de Monsieur Denis ROBIN, Directeur g\u00e9n\u00e9ral de \nl'Agence r\u00e9gionale de sant\u00e9 \u00cele-de-France \u00e0 compter du 29 avril 2024 ; \n \nl'arr\u00eat\u00e9 DS N\u00b0115/2024 du 25 septembre 2024 portant d\u00e9l\u00e9gation de signature \u00e0 Madame St\u00e9phanie \nTALBOT, Directrice de l'autonomie ; \n \nVU l'arr\u00eat\u00e9 n\u00b0 DIRNOV-2023/08 du 26 octobre 2023 de la Directrice g\u00e9n\u00e9rale de l'Agence r\u00e9gionale de \nsant\u00e9 \u00cele-de-France portant modification du cadre d'orientation strat\u00e9gique 2018 -2028 du projet \nr\u00e9gional de sant\u00e9 \u00cele-de-France ; \n \nVU l'arr\u00eat\u00e9 n\u00b0 DIRNOV-2023/09 du 26 octobre 2023 de la Directrice g\u00e9n\u00e9rale de l'Agence r\u00e9gionale de \nsant\u00e9 \u00cele-de-France portant adoption du sch\u00e9ma r\u00e9gional de sant\u00e9 2023 -2028 du projet r\u00e9gional de \nsant\u00e9 \u00cele-de-France ; \n \nVU l'arr\u00eat\u00e9 n\u00b0 2023-162 de la Directrice g\u00e9n\u00e9rale de l'Agence r\u00e9gionale de sant\u00e9 \u00cele-de-France en date \ndu 19 juin 2023 \u00e9tablissant le programme interd\u00e9partemental d'accompagnement des handicaps et \nde la perte d'autonomie (PRIAC) 2022-2026 pour la r\u00e9gion \u00cele-de-France ; \n \nVU l'arr\u00eat\u00e9 n\u00b0 2024-297 en date du 31 octobre 2024, portant autorisation d'extension de 18 places pour \npersonnes \u00e2g\u00e9es du Service de soins infirmiers \u00e0 domicile (SSIAD) sis 20, rue Lafontaine \u00e0 Antony \n(92160) g\u00e9r\u00e9 par l'association OMEG'AGE GESTION, portant la capacit\u00e9 totale du SSIAD \u00e0 78 places \n(48 places pour personnes \u00e2g\u00e9es, 20 places pour personnes handicap\u00e9es et 10 places d'\u00e9quipe \nsp\u00e9cialis\u00e9e Alzheimer) ; \n \nVU la demande de r\u00e9duction de 10 places pour personnes handicap\u00e9es du SSIAD par courrier en date \ndu 10 juin 2024 ; \n \n \nCONSID\u00c9RANT qu'il convient d'acter la r\u00e9duction de 1 0 places pour personnes handicap\u00e9es du SSIAD \ng\u00e9r\u00e9 par l'association OMEG'AGE GESTION \u00e0 compter du 1er janvier 2025 ; \n   \nCONSID\u00c9RANT que le projet satisfait aux r\u00e8gles d'organisation et de fonctionnement pr\u00e9vues par le code \nde l'action sociale et des familles ; \n \n       ARR\u00caTE  \n \nARTICLE 1er : L'autorisation visant \u00e0 la r\u00e9duction de 10 places pour personnes handicap\u00e9es du SSIAD sis \n20, rue Lafontaine \u00e0 Antony (92160), est accord\u00e9e \u00e0 l'association OMEG'AGE GESTION. \n  \n \nAgence R\u00e9gionale de Sant\u00e9 - IDF-2025-07-24-00023 - Arr\u00eat\u00e9 n\u00b0 2025-197 portant autorisation de r\u00e9duction de 78 \u00e0 68 places du\nService de soins infirmiers \u00e0 domicile (SSIAD) sis 20, rue Lafontaine \u00e0 Antony (92160) g\u00e9r\u00e9 par l'association OMEG'AGE GESTION 5\nsig\"?\nARTICLE 2e : La capacit\u00e9 totale du SSIAD est fix\u00e9e \u00e0 68 places r\u00e9parties de la mani\u00e8re suivante : \n- 48 places pour personnes \u00e2g\u00e9es \n- 10 places pour personnes handicap\u00e9es \n- 10 places pour l'\u00e9quipe sp\u00e9cialis\u00e9e Alzheimer. \n  \nARTICLE 3e : Cette structure est r\u00e9pertori\u00e9e dans le Fichier National des Etablissements Sanitaires et \nSociaux (FINESS) de la fa\u00e7on suivante : \n \nN\u00b0 FINESS \u00e9tablissement : 92 002 949 3 \nCode cat\u00e9gorie : [354] SSIAD \n \nCode discipline : [358] Soins infirmiers \u00e0 Domicile \nCode fonctionnement (type d'activit\u00e9) : [16] Prestation en milieu ordinaire  \nCode client\u00e8le : [700] Personnes Ag\u00e9es  \nCapacit\u00e9 : 48 places \n \nCode discipline : [358] Soins infirmiers \u00e0 Domicile \nCode fonctionnement (type d'activit\u00e9) : [16] Prestation en milieu ordinaire  \nCode client\u00e8le : [010] Tous Types de D\u00e9ficiences Personnes Handicap\u00e9es \nCapacit\u00e9 : 10 \n \nCode discipline : [357] Activit\u00e9 soins d'accompagnement et de r\u00e9habilitation \nCode fonctionnement (type d'activit\u00e9) : [16] Prestation en milieu ordinaire \nCode client\u00e8le : [436] Personnes Alzheimer ou maladies apparent\u00e9es \nCapacit\u00e9 : 10 \n \nN\u00b0 FINESS du gestionnaire : 92 003 991 4 \nCode statut : [61] Association Loi 1901 R.U.P. \n  \nARTICLE 4e : Le pr\u00e9sent arr\u00eat\u00e9 est sans effet concernant la dur\u00e9e d'autorisation accord\u00e9e \u00e0 \nl'\u00e9tablissement pour 15 ans \u00e0 compter de sa date de cr\u00e9ation ou de renouvellement \nd'autorisation conform\u00e9ment aux conditions pr\u00e9vues aux articles L.312-8 et L.313-5 du code \nde l'action sociale et des familles. \n  \nARTICLE 5e : Tout changement important dans l'activit\u00e9, l'installation, l'organisation, la direction ou le \nfonctionnement de l'\u00e9tablissement ou du service doit \u00eatre port\u00e9 \u00e0 la connaissance des \nautorit\u00e9s comp\u00e9tentes. \n  \nARTICLE 6e : Un recours contre le pr\u00e9sent arr\u00eat\u00e9 peut \u00eatre form\u00e9 devant le tribunal administratif \ncomp\u00e9tent dans un d\u00e9lai de deux mois \u00e0 compter de sa notification.   \n  \nARTICLE 7e : Le Directeur de la D\u00e9l\u00e9gation  d\u00e9partementale des Hauts-de-Seine de l'Agence r\u00e9gionale \nde sant\u00e9 \u00cele-de-France est charg\u00e9  de l'ex\u00e9cution du pr\u00e9sent arr\u00eat\u00e9 qui sera notifi\u00e9 au \ndemandeur, publi\u00e9 aux recueils des actes administratifs de la R\u00e9gion \u00cele-de-France et du \nD\u00e9partement des Hauts-de-Seine. \n \n            Fait \u00e0 Saint-Denis, le 24 juillet 2025 \n \n  Pour le Directeur g\u00e9n\u00e9ral \nde l'Agence r\u00e9gionale de sant\u00e9 \n\u00cele-de-France et par d\u00e9l\u00e9gation \n \nSt\u00e9phanie TALBOT \nDirectrice de l'autonomie                            \n \nAgence R\u00e9gionale de Sant\u00e9 - IDF-2025-07-24-00023 - Arr\u00eat\u00e9 n\u00b0 2025-197 portant autorisation de r\u00e9duction de 78 \u00e0 68 places du\nService de soins infirmiers \u00e0 domicile (SSIAD) sis 20, rue Lafontaine \u00e0 Antony (92160) g\u00e9r\u00e9 par l'association OMEG'AGE GESTION 6\n \n  \n \n \n \n \n \nAgence R\u00e9gionale de Sant\u00e9 - IDF-2025-07-24-00023 - Arr\u00eat\u00e9 n\u00b0 2025-197 portant autorisation de r\u00e9duction de 78 \u00e0 68 places du\nService de soins infirmiers \u00e0 domicile (SSIAD) sis 20, rue Lafontaine \u00e0 Antony (92160) g\u00e9r\u00e9 par l'association OMEG'AGE GESTION 7\nAgence R\u00e9gionale de Sant\u00e9\nIDF-2025-07-08-00009\nArr\u00eat\u00e9 portant approbation de cession\nd'autorisation du Centre d'Accueil de jour sis 6,\navenue du Mar\u00e9chal Franchet d'Esp\u00e9rey                 \n                               \u00e0 Versailles (78000), g\u00e9r\u00e9 par\nl'association Centre d'Accueil de jour La Porte\nVerte au profit de l'association Centre M\u00e9dical\nPorte Verte\nAgence R\u00e9gionale de Sant\u00e9 - IDF-2025-07-08-00009 - Arr\u00eat\u00e9 portant approbation de cession d'autorisation du Centre d'Accueil de\njour sis 6, avenue du Mar\u00e9chal Franchet d'Esp\u00e9rey                                                 \u00e0 Versailles (78000), g\u00e9r\u00e9 par l'association Centre\nd'Accueil de jour La Porte Verte au profit de l'association Centre M\u00e9dical Porte Verte\n8\nEx \u00c0 /R\u00c9PUBLIQUE \u00e0 HereFRAN\u00c7AISE @ > agence R\u00e9gionale de Sant\u00e9 e D\u00e9partemenLibert\u00e9 \u00cele-de-France\u00c9galit\u00e9Fraternit\u00e9\n                                                       \n    \n       \n \n \n \n \n \n       ARR\u00caT\u00c9 N\u00b0 2025-177              ARR\u00caT\u00c9 N\u00b0 2025-POSMS-231 \nportant approbation de cession d'autorisation \n     du Centre d'Accueil de jour sis 6, avenue du Mar\u00e9chal Franchet d'Esp\u00e9rey                                                 \n\u00e0 Versailles (78000), g\u00e9r\u00e9 par l'association Centre d'Accueil de jour                                  \nLa Porte Verte (CAJ La Porte verte) au profit de l'association Centre M\u00e9dical \nPorte Verte (CMPV) \n \nLE DIRECTEUR G\u00c9N\u00c9RAL DE L'AGENCE R\u00c9GIONALE DE SANT\u00c9 \u00ceLE-DE-FRANCE \nLE PR\u00c9SIDENT DU CONSEIL D\u00c9PARTEMENTAL DES YVELINES  \n \n \nVU le code de l'action sociale et des familles et notamment les articles L312 -1, L313 -1,                        \nL314-3 et suivants ; \n \nVU le code g\u00e9n\u00e9ral des collectivit\u00e9s territoriales ; \n \nVU  \n \n \nle d\u00e9cret du 10 avril 2024 portant nomination de Monsieur Denis ROBIN, Directeur g\u00e9n\u00e9ral \nde l'Agence r\u00e9gionale de sant\u00e9 \u00cele-de-France \u00e0 compter du 29 avril 2024 ; \n \nVU l'arr\u00eat\u00e9 N\u00b0AD 2022-305 du 12 juillet 2022 donnant d\u00e9l\u00e9gation de signature du Pr\u00e9sident du \nconseil d\u00e9partemental des Yvelines \u00e0 Monsieur Albert Fernandez le directeur g\u00e9n\u00e9ral \nd\u00e9l\u00e9gu\u00e9 aux solidarit\u00e9s ; \n \nVU l'arr\u00eat\u00e9 n\u00b0 DIRNOV -2023/08 du 26 octobre 2023 de la Directrice g\u00e9n\u00e9rale de l'Agence \nr\u00e9gionale de sant\u00e9 \u00cele-de-France portant modification du cadre d'orientation strat\u00e9gique \n2018-2028 du projet r\u00e9gional de sant\u00e9 \u00cele-de-France ; \n \nVU l'arr\u00eat\u00e9 n\u00b0DIRNOV -2023/09 du 26 octobre 2023 de la Directrice g\u00e9n\u00e9rale de l'Agence \nr\u00e9gionale de sant\u00e9 \u00cele-de-France portant adoption du sch\u00e9ma r\u00e9gional de sant\u00e9 2023-2028 \ndu projet r\u00e9gional de sant\u00e9 \u00cele-de-France ; \n \nVU l'arr\u00eat\u00e9 n\u00b0 2023-162 de la Directrice g\u00e9n\u00e9rale de l'Agence r\u00e9gionale de sant\u00e9 \u00cele-de-France \ndu 19 juin 2023 \u00e9tablissant le programme interd\u00e9partemental d'accompagnement des \nhandicaps et de la perte d'autonomie (PRIAC) 2022-2026 pour la r\u00e9gion \u00cele-de-France ; \n \nVU le d\u00e9cret n\u00b0 2011-1211 du 29 septembre 2011 relatif \u00e0 l'accueil de jour ; \n \nVU la circulaire DHOS/O2/DGS/SD5D/DGAS/SD2C/DSS/1A N\u00b02002 -222 du 16 avril 2002 \nrelative \u00e0 la mise en \u0153uvre du programme d'actions pour les personnes souffrant de la \nmaladie d'Alzheimer ou de maladies apparent\u00e9es et notamment son annexe 3 fixant le \ncahier des charges des accueils de jour ; \n \nVU \n \n \nla circulaire N\u00b0DGCS/SD3A/2011/444 du 29 novembre 2011 relative aux modalit\u00e9s \nd'organisation de l'accueil de jour et de l'h\u00e9bergement temporaire ; \n \nAgence R\u00e9gionale de Sant\u00e9 - IDF-2025-07-08-00009 - Arr\u00eat\u00e9 portant approbation de cession d'autorisation du Centre d'Accueil de\njour sis 6, avenue du Mar\u00e9chal Franchet d'Esp\u00e9rey                                                 \u00e0 Versailles (78000), g\u00e9r\u00e9 par l'association Centre\nd'Accueil de jour La Porte Verte au profit de l'association Centre M\u00e9dical Porte Verte\n9\n \nVU \n \nl'arr\u00eat\u00e9 du 20 juin 2005 autorisant l'Association de gestion \u00ab La porte verte \u00bb \u00e0 Versailles \u00e0 \ng\u00e9rer un CAJ de 12 places ; \n  \nVU  le courrier de la DDARS des Yvelines du 1er f\u00e9vrier 2018 renouvelant l'autorisation pour 15 \nans \u00e0 compter du 27 janvier 2018 du CAJ de la Porte Verte \u00e0 Versailles pour 12 places ; \n \nVU le trait\u00e9 de fusion du 24 janvier 2025 entre l'association Centre d'accueil de jour La Porte \nVerte et l'association Centre M\u00e9dical Porte Verte ;   \n \nVU la demande du 27 janvier 2025 sollicitant une cession d'autorisation du Centre d'accueil de \njour g\u00e9r\u00e9 par l'association Centre d'accueil de jour La Porte Verte au profit de l'association \nCentre M\u00e9dical Porte Verte ; \n \n \nCONSID\u00c9RANT \n \nqu'il convient d'acter la cession d'autorisation du Centre d'accueil de jour sis \n6, avenue du Mar\u00e9chal Franchet d'Esp\u00e9rey \u00e0 Versailles (78000), au profit de \nl'association Centre M\u00e9dical Porte Verte \u00e0 compter du 1er juillet 2025, r\u00e9sultant \nde la fusion absorption de l'association Centre d'Accueil de jour La Porte Verte \nau profit de  l'association Centre M\u00e9dical Porte Verte \u00e0 compter du 1 er juillet \n2025 ;  \n \nCONSID\u00c9RANT \n \n \nque le projet est compatible avec les objectifs et r\u00e9pond aux besoins sociaux \net m\u00e9dico-sociaux fix\u00e9s par le sch\u00e9ma r\u00e9gional de sant\u00e9  \u00cele de France et du \nsch\u00e9ma d\u00e9partemental des Yvelines ;  \nCONSID\u00c9RANT qu'il satisfait aux r\u00e8gles d'organisation et de fonctionnement pr\u00e9vues par le \ncode de l'action sociale et des familles ;  \n \nCONSID\u00c9RANT que cette modification s'effectue \u00e0 moyens constants et n'entra\u00eene donc aucun \nsurco\u00fbt ; \n \nARR\u00caTENT \n \n \nARTICLE 1er : La cession d'autorisation du Centre d'accueil de jour sis 6, avenue du Mar\u00e9chal \nFranchet d'Esp\u00e9rey \u00e0 Versailles (78000), d\u00e9tenue ant\u00e9rieurement par l'association \nCentre d'Accueil de jour La Porte Verte , est accord\u00e9e au profit de l'association \nCentre M\u00e9dical Porte Verte \u00e0 compter du 1er juillet 2025.  \n  \nARTICLE 2e : La capacit\u00e9 totale du Centre d'accueil de jour est fix\u00e9e \u00e0 12 places.  \n L'\u00e9tablissement comprend une Plateforme d'accompagnement et de r\u00e9pit des \naidants (PFR). \n   \nARTICLE 3e : Cette structure est r\u00e9pertori\u00e9e dans le Fichier National des Etablissements \nSanitaires et Sociaux (FINESS) de la fa\u00e7on suivante : \n \nN\u00b0 FINESS de l'\u00e9tablissement : 78 000 334 9 \nCode cat\u00e9gorie : [207] Centre de jour pour Personnes \u00e2g\u00e9es \n \nCode discipline : [657] Accueil temporaire pour Personnes \u00e2g\u00e9es \nCode fonctionnement : [21] Accueil de jour \nCode client\u00e8le : [436] Personnes Alzheimer ou maladies apparent\u00e9es \n \n \nAgence R\u00e9gionale de Sant\u00e9 - IDF-2025-07-08-00009 - Arr\u00eat\u00e9 portant approbation de cession d'autorisation du Centre d'Accueil de\njour sis 6, avenue du Mar\u00e9chal Franchet d'Esp\u00e9rey                                                 \u00e0 Versailles (78000), g\u00e9r\u00e9 par l'association Centre\nd'Accueil de jour La Porte Verte au profit de l'association Centre M\u00e9dical Porte Verte\n10\nGI sig\nCode discipline : [963] Plateforme d'accompagnement et de r\u00e9pit des aidants   \nCode fonctionnement : [21] Accueil de jour \nCode client\u00e8le : [040] Aidants/aid\u00e9s Personnes \u00e2g\u00e9es  \n \nN\u00b0 FINESS du gestionnaire : 78 080 861 4 \nCode statut : [61] Association Loi 1901 R.U.P. \n \n  \nARTICLE 4e : Le pr\u00e9sent arr\u00eat\u00e9 est sans effet concernant la dur\u00e9e d'autorisation accord\u00e9e \u00e0 \nl'\u00e9tablissement pour 15 ans \u00e0 compter du 27 janvier 2018 conform\u00e9ment aux \nconditions pr\u00e9vues aux articles L.312 -8 et L.313-5 du code de l'action sociale et \ndes familles. \n  \nARTICLE 5e : Tout changement important dans l'activit\u00e9, l'installation, l'organisation, la direction \nou le fonctionnement de l'\u00e9tablissement ou du service doit \u00eatre port\u00e9 \u00e0 la \nconnaissance des autorit\u00e9s comp\u00e9tentes. \n  \nARTICLE 6e : Un recours contre le pr\u00e9sent arr\u00eat\u00e9 peut \u00eatre form\u00e9 devant le tribunal administratif \ncomp\u00e9tent dans un d\u00e9lai de deux mois \u00e0 compter de sa notification.   \n  \nARTICLE 7e : Le Directeur de la D\u00e9l\u00e9gation d\u00e9partementale des Yvelines de l'Agence r\u00e9gionale \nde sant\u00e9 \u00cele-de-France et le Directeur G\u00e9n\u00e9ral des Services du Conseil \nD\u00e9partemental de s Yvelines sont charg\u00e9s, chacun en ce qui le concerne, de \nl'ex\u00e9cution du pr\u00e9sent arr\u00eat\u00e9 qui sera notifi\u00e9 au demandeur, publi\u00e9 aux recueils \ndes actes administratifs de la R\u00e9gion \u00cele-de-France et du D\u00e9partement de s \nYvelines. \n \n \nFait \u00e0 Versailles, le 8 juillet 2025 \n \n \nPour le Directeur g\u00e9n\u00e9ral \nde l'Agence r\u00e9gionale de sant\u00e9 \n\u00cele-de-France \nLa Directrice g\u00e9n\u00e9rale adjointe \n \n \nSophie MARTINON \n \n \n  \n \n \n \n \n  \n \n \n \n \n \n \n \n \n \n \n \n \n \n \n \n \nPour le Pr\u00e9sident du Conseil \nd\u00e9partemental \nEt par d\u00e9l\u00e9gation \nLe Directeur G\u00e9n\u00e9ral d\u00e9l\u00e9gu\u00e9 \u00e0 \nl'Autonomie \n \nDocteur Albert FERNANDEZ \nAgence R\u00e9gionale de Sant\u00e9 - IDF-2025-07-08-00009 - Arr\u00eat\u00e9 portant approbation de cession d'autorisation du Centre d'Accueil de\njour sis 6, avenue du Mar\u00e9chal Franchet d'Esp\u00e9rey                                                 \u00e0 Versailles (78000), g\u00e9r\u00e9 par l'association Centre\nd'Accueil de jour La Porte Verte au profit de l'association Centre M\u00e9dical Porte Verte\n11\n \n  \n \nAgence R\u00e9gionale de Sant\u00e9 - IDF-2025-07-08-00009 - Arr\u00eat\u00e9 portant approbation de cession d'autorisation du Centre d'Accueil de\njour sis 6, avenue du Mar\u00e9chal Franchet d'Esp\u00e9rey                                                 \u00e0 Versailles (78000), g\u00e9r\u00e9 par l'association Centre\nd'Accueil de jour La Porte Verte au profit de l'association Centre M\u00e9dical Porte Verte\n12\nAgence R\u00e9gionale de Sant\u00e9\nIDF-2025-07-30-00009\nArr\u00eat\u00e9 n\u00b02025-183 portant autorisation\nd'extension de capacit\u00e9 de 8 \u00e0 14 places de\nl'EAM Pont de Flandre sis 13 bis rue Curial Paris\n19\u00e8me g\u00e9r\u00e9 par l'association Cap Devant\nAgence R\u00e9gionale de Sant\u00e9 - IDF-2025-07-30-00009 - Arr\u00eat\u00e9 n\u00b02025-183 portant autorisation d'extension de capacit\u00e9 de 8 \u00e0 14 places\nde l'EAM Pont de Flandre sis 13 bis rue Curial Paris 19\u00e8me g\u00e9r\u00e9 par l'association Cap Devant 13\nREPUBLIQUEFRANCAISELibert\u00e9Egalit\u00e9Fraternit\u00e9\nVILLE DEPARIS\u00a9 D Agence R\u00e9gionale de Sant\u00e9lle-de-France\n \n \n  \n  \n \n \n \n \n \n \nAGENCE R\u00c9GIONALE DE SANT\u00c9 \u00ceLE-DE-FRANCE \n \nARRETE N\u00b02025- 183 \n  \nportant autorisation d'extension de capacit\u00e9 de 8 \u00e0 14 places de l'EAM Pont de Flandre sis \n13 bis rue Curial Paris 19\u00e8me \ng\u00e9r\u00e9 par l'association Cap Devant      \n \n \n \n \nLE DIRECTEUR G\u00c9N\u00c9RAL DE L'AGENCE R\u00c9GIONALE DE SANT\u00c9 \u00ceLE-DE-FRANCE \nLA MAIRE DE PARIS \n \n \nVU le code de l'action sociale et des familles et notamment les articles L312-1, L.313-1, L.314-\n3 et suivants ; \n \n   VU le code g\u00e9n\u00e9ral des collectivit\u00e9s territoriales ;  \n \nVU        le d\u00e9cret du 10 avril 2024 portant nomination de Monsieur Denis ROBIN, Directeur g\u00e9n\u00e9ral \nde l'Agence r\u00e9gionale de sant\u00e9 \u00cele-de-France \u00e0 compter du 29 avril 2024 ; \n \nVU  l'arr\u00eat\u00e9 du 17 mars 2025 portant d\u00e9l\u00e9gation de signature de la Maire de Paris ; \n \nVU l'arr\u00eat\u00e9 n\u00b0 DIRNOV-2023/08 de la Directrice g\u00e9n\u00e9rale de l'Agence r\u00e9gionale de sant\u00e9 \u00cele-\nde-France en date du 26 octobre 2023 portant adoption du cadre d'orientation strat\u00e9gique \n2018-2028 du projet r\u00e9gional de sant\u00e9 d' \u00cele-de-France, modifi\u00e9 par l'arr\u00eat\u00e9 n\u00b0DIRNOV -\n2023/09 en date du 12 janvier 2024 ; \n \nVU l'arr\u00eat\u00e9 n\u00b0 DIRNOV-2023/09 de la Directrice g\u00e9n\u00e9rale de l'Agence r\u00e9gionale de sant\u00e9 \u00cele-\nde-France en date du 26 octobre 2023 portant adoption du sch\u00e9ma r\u00e9gional de sant\u00e9 \n2023-2028 du projet r\u00e9gional de sant\u00e9 d'\u00cele-de-France ; \n \nVU l'arr\u00eat\u00e9 n\u00b0 2023-346 de la Directrice g\u00e9n\u00e9rale de l'Agence r\u00e9gionale de sant\u00e9 \u00cele-de-France \nen date du 4 d\u00e9cembre 2023 \u00e9tablissant le programme interd\u00e9partemental \nd'accompagnement des handicaps et de la perte d'autonomie (PRIAC) 2023-2027 pour la \nr\u00e9gion \u00cele-de-France ; \n \nVU  la Strat\u00e9gie parisienne \u00ab handicap et accessibilit\u00e9 universelle \u00bb 2022-2026 ; \n \nVU  l'arr\u00eat\u00e9 n\u00b0 2007-191-6 portant autorisation du FAM Pont de Flandre d'une capacit\u00e9 de 8 \nplaces d'internat ;  \n \nVU le contrat pluriannuel d'objectifs et de moyens portant sur les ann\u00e9es 2022 \u00e0 2026 sign\u00e9 \nle 22 d\u00e9cembre 2021 ; \n \nAgence R\u00e9gionale de Sant\u00e9 - IDF-2025-07-30-00009 - Arr\u00eat\u00e9 n\u00b02025-183 portant autorisation d'extension de capacit\u00e9 de 8 \u00e0 14 places\nde l'EAM Pont de Flandre sis 13 bis rue Curial Paris 19\u00e8me g\u00e9r\u00e9 par l'association Cap Devant 14\n2 \n \n \n \nVU la demande de l'association Cap Devant visant \u00e0 l'extension de l'EAM Pont de Flandre. \n \n \n \nCONSID\u00c9RANT  que l'enjeu est de d\u00e9velopper l'offre de l'EAM afin de permettre d'offrir une \npluralit\u00e9 de solutions de l'offre de service ; \n \nCONSID\u00c9RANT  que le gestionnaire avait d\u00e9pos\u00e9 le projet dans le cadre de l'AMI Plan \ninclusif ; \n \nCONSID\u00c9RANT qu'en application de l'article D .313-2 du code de l'action sociale et des \nfamilles, le Directeur g\u00e9n\u00e9ral de l'Agence r\u00e9gionale de sant\u00e9 \u00cele-de-France \net la Maire de Paris   peuvent d\u00e9roger aux seuils fix\u00e9s aux I \u00e0 IV de cet \narticle au-del\u00e0 desquels les autorisations d'extension d'\u00e9tablissements ou \nde services m\u00e9dico-sociaux doivent \u00eatre pr\u00e9c\u00e9d\u00e9es de la proc\u00e9dure d'appel \n\u00e0 projet pr\u00e9vue par l'article L. 313 -1-1 du m\u00eame code, lorsqu'un  motif \nd'int\u00e9r\u00eat g\u00e9n\u00e9ral le justifie et pour tenir compte de circonstances locales ; \n \nCONSID\u00c9RANT  que le pro jet r\u00e9pond \u00e0 un besoin de d\u00e9veloppement de l'offre m\u00e9dico -\nsociale identifi\u00e9 \u00e0 Paris pour les personnes en situation de polyhandicap ; \n \nCONSID\u00c9RANT qu'il est compatible avec les objectifs et r\u00e9pond aux besoins sociaux et \nm\u00e9dico-sociaux fix\u00e9s par le sch\u00e9ma r\u00e9gional de sant\u00e9  et la strat\u00e9gie \nparisienne \u00ab handicap et accessibilit\u00e9 universelle \u00bb 2022-2026 ;  \n \nCONSID\u00c9RANT qu'il satisfait aux r\u00e8gles d'organisation et de fonctionnement pr\u00e9vues par le \ncode de l'action sociale et des familles ;  \n \nCONSID\u00c9RANT qu'il pr\u00e9sente un co\u00fbt de fonctionnement en ann\u00e9e pleine compatible avec \nle PRIAC  \u00cele-de-France et avec le montant de l'une des dotations \nmentionn\u00e9es \u00e0 l'article L.314-3 du code de l'action sociale et des familles ; \n \nCONSID\u00c9RANT que l'Agence r\u00e9gionale de sant\u00e9 \u00cele-de-France dispose pour ce projet des \ncr\u00e9dits n\u00e9cessaires \u00e0 sa mise en \u0153uvre \u00e0 hauteur de 272 580 \u20ac au et la \nVille de Paris \u00e0 hauteur d'une enveloppe pr\u00e9visionnelle de 145 989 \u20ac. \n \n \n       \n \nARRETENT \n \nARTICLE 1er :  L'autorisation visant \u00e0 l'extension de capacit\u00e9 de 6 places de l'EAM Pont de Flandre  \nsis(e) 13 bis rue Curial Paris 19 \u00e8me destin\u00e9es \u00e0 accueillir des adultes \u00e0 partir de 20 \nans, est accord\u00e9e \u00e0 l'association Cap Devant. \n \n     En application du V de l'article D. 313-2 du code de l'action sociale et des familles, le \nseuil d'extension pr\u00e9vu par cet article est fix\u00e9, dans le cadre de la pr\u00e9sente \nautorisation, \u00e0 hauteur de 75 % de la capacit\u00e9 de l'ESMS.                       \n \n \n \n \nAgence R\u00e9gionale de Sant\u00e9 - IDF-2025-07-30-00009 - Arr\u00eat\u00e9 n\u00b02025-183 portant autorisation d'extension de capacit\u00e9 de 8 \u00e0 14 places\nde l'EAM Pont de Flandre sis 13 bis rue Curial Paris 19\u00e8me g\u00e9r\u00e9 par l'association Cap Devant 15\n3 \n \n \n \n \nARTICLE 2e : La capacit\u00e9 totale de l'EAM Pont de Flandre est dor\u00e9navant de 14 places destin\u00e9es \u00e0 \ndes personnes en situation de d\u00e9ficiences motrices ou en situation de polyhandicap \nr\u00e9parties comme suit : \n \n- 8 places destin\u00e9es \u00e0 un public en situation de d\u00e9ficience motrice \n- 6 places destin\u00e9es \u00e0 un public en situation de polyhandicap \n \nDans la limite de cette capacit\u00e9, il est en mesure d'assurer aux personnes qu'il accueille \nen fonction de leurs besoins, et dans la limite des places disponibles, les modalit\u00e9s \nd'accueil et d'accompagnement suivantes : \u00e0 titre permanent, temporaire ou selon un \nmode s\u00e9quentiel, \u00e0 temps complet ou partiel, avec ou sans h\u00e9bergement.  \n \nARTICLE 3e : Conform\u00e9ment aux termes du dernier alin\u00e9a du I de l'article D. 312 -0-3 du code de \nl'action sociale et des familles, a ucune sp\u00e9cialisation n'exclut la prise en charge de \npersonnes pr\u00e9sentant des troubles associ\u00e9s \u00e0 ceux qui font l'objet de la pr\u00e9sente \nautorisation.  \n \nARTICLE 4e : Cette structure est r\u00e9pertori\u00e9e dans le Fichier National des Etablissements Sanitaires \net Sociaux (FINESS) de la fa\u00e7on suivante : \n \nN\u00b0 FINESS de l'\u00e9tablissement : 75 003 694 9 \n \nCode cat\u00e9gorie : [448] - Etablissement d'Accueil M\u00e9dicalis\u00e9 (EAM) \nCode discipline :  [966] - Accueil et Accompagnement m\u00e9dicalis\u00e9es  \nCode fonctionnement  \n(mode d'accueil et \nd'accompagnement) :  \n[11] - H\u00e9bergement Complet 8 places \n[21] - Accueil de jour  6 places \nCode client\u00e8le : [414] - D\u00e9ficience motrice 8 places \n[500] - Polyhandicap 6 Places \n \n \nCode mode de fixation des tarifs : [09] ARS PCD mixte HAD  \n \nN\u00b0 FINESS du gestionnaire : 75 083 190 1 \n \nCode statut : [61] + association Loi 1901 Reconnue d'Utilit\u00e9 Publique \n \nARTICLE 5e :   La pr\u00e9sente autorisation est valable sous r\u00e9serve du r\u00e9sultat positif de la visite de \nconformit\u00e9 pr\u00e9vue par l'article L. 313-6 du code de l'action sociale et des familles.  \n \nARTICLE 6e :   Elle est caduque en l'absence d'ouverture au public de l'\u00e9tablissement ou du service \ndans un d\u00e9lai de quatre ans suivant la notification de la d\u00e9cision d'autorisation  \nconform\u00e9ment aux articles L. 313-1 et D. 313-7-2 du code de l'action sociale et des \nfamilles. \n \nARTICLE 7e :   Tout changement important dans l'activit\u00e9, l'installation, l'organisation, la direction ou \nle fonctionnement de l'\u00e9tablissement ou du service doit \u00eatre port\u00e9 \u00e0 la connaissance \ndes autorit\u00e9s comp\u00e9tentes. \nAgence R\u00e9gionale de Sant\u00e9 - IDF-2025-07-30-00009 - Arr\u00eat\u00e9 n\u00b02025-183 portant autorisation d'extension de capacit\u00e9 de 8 \u00e0 14 places\nde l'EAM Pont de Flandre sis 13 bis rue Curial Paris 19\u00e8me g\u00e9r\u00e9 par l'association Cap Devant 16\n4 \n \n \n \nARTICLE 8e :  Un recours contre le pr\u00e9sent arr\u00eat\u00e9 peut \u00eatre form\u00e9 devant le tribunal administratif \ncomp\u00e9tent dans un d\u00e9lai de deux mois \u00e0 compter de sa notification ou, pour les tiers, \n\u00e0 compter de sa publication.   \n \nARTICLE 9e :   Le Directeur de la D\u00e9l\u00e9gation d\u00e9partementale de Paris de l'Agence r\u00e9gionale de sant\u00e9 \nIle-de-France et la Maire de Paris sont charg\u00e9s de l'ex\u00e9cution du pr\u00e9sent arr\u00eat\u00e9 qui \nsera publi\u00e9 aux recueils des actes administratifs de la R\u00e9gion Ile -de-France et sur le \nPortail des Publications Administratives de la Ville de Paris. \n \n \n       \n Fait \u00e0 Saint-Denis, le 30 juillet 2025 \n \n \n         \nLe Directeur g\u00e9n\u00e9ral \nde l'Agence r\u00e9gionale sant\u00e9 \n\u00cele-de-France \n \n \n \n \n  \nDenis ROBIN  \n              Pour la Maire de Paris et par \nd\u00e9l\u00e9gation de signature \n \n \n  \n \n \n                \n \n \n \n \nSign\u00e9 \nAgence R\u00e9gionale de Sant\u00e9 - IDF-2025-07-30-00009 - Arr\u00eat\u00e9 n\u00b02025-183 portant autorisation d'extension de capacit\u00e9 de 8 \u00e0 14 places\nde l'EAM Pont de Flandre sis 13 bis rue Curial Paris 19\u00e8me g\u00e9r\u00e9 par l'association Cap Devant 17\nAgence R\u00e9gionale de Sant\u00e9\nIDF-2025-07-30-00008\nArr\u00eat\u00e9 n\u00b02025-201 portant autorisation\nd'extension de capacit\u00e9 de 35 \u00e0 45 places du\nSAMSAH Pont de Flandre sis 249 rue de Crim\u00e9e\nParis 19\u00e8me g\u00e9r\u00e9 par l'association Cap Devant\nAgence R\u00e9gionale de Sant\u00e9 - IDF-2025-07-30-00008 - Arr\u00eat\u00e9 n\u00b02025-201 portant autorisation d'extension de capacit\u00e9 de 35 \u00e0 45 places\ndu SAMSAH Pont de Flandre sis 249 rue de Crim\u00e9e Paris 19\u00e8me g\u00e9r\u00e9 par l'association Cap Devant 18\nEoREPUBLIQUEFRANCAISELibert\u00e9Egalit\u00e9Fraternit\u00e9 VILLE DEPARIS@ D Agence R\u00e9gionale de Sant\u00e9lle-de-France\n \n \n \n \n \n \n \n \n \n \nAGENCE R\u00c9GIONALE DE SANT\u00c9 \u00ceLE-DE-FRANCE \n \nARRETE N\u00b02025-201 \n  \nportant autorisation d'extension de capacit\u00e9 de 35 \u00e0 45 places du SAMSAH Pont de \nFlandre sis 249 rue de Crim\u00e9e Paris 19\u00e8me  \ng\u00e9r\u00e9 par l'association Cap Devant      \n \n \n \n \nLE DIRECTEUR G\u00c9N\u00c9RAL DE L'AGENCE R\u00c9GIONALE DE SANT\u00c9 \u00ceLE-DE-FRANCE \nLA MAIRE DE PARIS \n \n \nVU le code de l'action sociale et des familles et notamment les article s L.312-1, L.313 -1, \nL.314-3 et suivants ; \n \n   VU le code g\u00e9n\u00e9ral des collectivit\u00e9s territoriales ;  \n \nVU        le d\u00e9cret du 10 avril 2024 portant nomination de Monsieur Denis ROBIN, Directeur g\u00e9n\u00e9ral \nde l'Agence r\u00e9gionale de sant\u00e9 \u00cele-de-France \u00e0 compter du 29 avril 2024 ; \n \nVU  l'arr\u00eat\u00e9 du 17 mars 2025 portant d\u00e9l\u00e9gation de signature de la Maire de Paris ; \n \nVU l'arr\u00eat\u00e9 n\u00b0 DIRNOV-2023/08 de la Directrice g\u00e9n\u00e9rale de l'Agence r\u00e9gionale de sant\u00e9 \u00cele-\nde-France en date du 26 octobre 2023 portant adoption du cadre d'orientation strat\u00e9gique \n2018-2028 du projet r\u00e9gional de sant\u00e9 d' \u00cele-de-France, modifi\u00e9 par l'arr\u00eat\u00e9 n\u00b0DIRNOV -\n2023/09 en date du 12 janvier 2024 ; \n \nVU l'arr\u00eat\u00e9 n\u00b0 DIRNOV-2023/09 de la Directrice g\u00e9n\u00e9rale de l'Agence r\u00e9gionale de sant\u00e9 \u00cele-\nde-France en date du 26 octobre 2023 portant adoption du sch\u00e9ma r\u00e9gional de sant\u00e9 \n2023-2028 du projet r\u00e9gional de sant\u00e9 d'\u00cele-de-France ; \n \nVU l'arr\u00eat\u00e9 n\u00b0 2023-346 de la Directrice g\u00e9n\u00e9rale de l'Agence r\u00e9gionale de sant\u00e9 \u00cele-de-France \nen date du 4 d\u00e9cembre 2023 \u00e9tablissant le programme interd\u00e9partemental \nd'accompagnement des handicaps et de la perte d'autonomie (PRIAC) 2023-2027 pour la \nr\u00e9gion \u00cele-de-France ; \n \nVU  la Strat\u00e9gie parisienne \u00ab handicap et accessibilit\u00e9 universelle \u00bb 2022-2026 ; \n \nVU l'arr\u00eat\u00e9 n\u00b02007-191-5 du 10 juillet 2007 portant autorisation du SAMSAH Pont de Flandre \nd'une capacit\u00e9 de 35 places ;  \n \nVU le contrat pluriannuel d'objectifs et de moyens portant sur les ann\u00e9es 2022 \u00e0 2026 sign\u00e9 \nle 22 d\u00e9cembre 2021 ; \n \nAgence R\u00e9gionale de Sant\u00e9 - IDF-2025-07-30-00008 - Arr\u00eat\u00e9 n\u00b02025-201 portant autorisation d'extension de capacit\u00e9 de 35 \u00e0 45 places\ndu SAMSAH Pont de Flandre sis 249 rue de Crim\u00e9e Paris 19\u00e8me g\u00e9r\u00e9 par l'association Cap Devant 19\n2 \n \n \n \n \n \n \nVU la demande de l'association Cap Devant visant \u00e0 l'extension du SAMSAH Pont de Flandre. \n \n \n \nCONSID\u00c9RANT  que l'enjeu est le d\u00e9veloppement de l'offre de service en milieu ordinaire \npour favoriser l'inclusion ; \n \nCONSID\u00c9RANT  que le gestionnaire avait d\u00e9pos\u00e9 le projet dans le cadre de l'AMI Plan \ninclusif ; \n \nCONSID\u00c9RANT qu'en application de l'article D 313 -2 du code de l'action sociale et des \nfamilles, le Directeur g\u00e9n\u00e9ral de l'Agence r\u00e9gionale de sant\u00e9 \u00cele-de-France \net la Maire de Paris   peuvent d\u00e9roger aux seuils fix\u00e9s aux I \u00e0 IV de cet \narticle au-del\u00e0 desquels les autorisations d'extension d'\u00e9tablissements ou \nde services m\u00e9dico-sociaux doivent \u00eatre pr\u00e9c\u00e9d\u00e9es de la proc\u00e9dure d'appel \n\u00e0 projet pr\u00e9vue par l'article L. 313 -1-1 du m\u00eame code, lorsqu'un  motif \nd'int\u00e9r\u00eat g\u00e9n\u00e9ral le justifie et pour tenir compte de circonstances locales ; \n \nCONSID\u00c9RANT  que le pro jet r\u00e9pond \u00e0 un besoin de d\u00e9veloppement de l'offre m\u00e9dico -\nsociale identifi\u00e9 \u00e0 Paris pour les personnes en situation de polyhandicap ; \n \nCONSID\u00c9RANT qu'il est compatible avec les objectifs et r\u00e9pond aux besoins sociaux et \nm\u00e9dico-sociaux fix\u00e9s par le sch\u00e9ma r\u00e9gional de sant\u00e9 et la strat\u00e9gie \nparisienne \u00ab handicap et accessibilit\u00e9 universelle \u00bb 2022-2026 ; \n \nCONSID\u00c9RANT qu'il satisfait aux r\u00e8gles d'organisation et de fonctionnement pr\u00e9vues par le \ncode de l'action sociale et des familles ;  \n \nCONSID\u00c9RANT qu'il pr\u00e9sente un co\u00fbt de fonctionnement en ann\u00e9e pleine compatible avec \nle PRIAC  \u00cele-de-France et avec le montant de l'une des dotations \nmentionn\u00e9es \u00e0 l'article L.314-3 du code de l'action sociale et des familles ; \n \nCONSID\u00c9RANT que l'Agence r\u00e9gionale de sant\u00e9 \u00cele-de-France dispose pour ce projet des \ncr\u00e9dits n\u00e9cessaires \u00e0 sa mise en \u0153uvre \u00e0 hauteur de 259 612 euros et la \nVille de Paris \u00e0 hauteur d'une enveloppe pr\u00e9visionnelle de 80 993 \u20ac. \n \n \n       \n \nARRETENT \n \nARTICLE 1er :  L'autorisation visant \u00e0 l'extension de capacit\u00e9 de 10 places du SAMSAH Pont de \nFlandre sis(e) 249 rue de Crim\u00e9e Paris 19\u00e8me destin\u00e9es \u00e0 accueillir des adultes \u00e0 partir \nde 20 ans, est accord\u00e9e \u00e0 l'association Cap Devant. \n \n     En application du V de l'article D. 313-2 du code de l'action sociale et des familles, le \nseuil d'extension pr\u00e9vu par cet article est fix\u00e9, dans le cadre de la pr\u00e9sente \nautorisation, \u00e0 hauteur de 28,57 % de la capacit\u00e9 de l'ESMS.       \n \nAgence R\u00e9gionale de Sant\u00e9 - IDF-2025-07-30-00008 - Arr\u00eat\u00e9 n\u00b02025-201 portant autorisation d'extension de capacit\u00e9 de 35 \u00e0 45 places\ndu SAMSAH Pont de Flandre sis 249 rue de Crim\u00e9e Paris 19\u00e8me g\u00e9r\u00e9 par l'association Cap Devant 20\n3 \n \n \n                 \n \nARTICLE 2e :    La capacit\u00e9 totale du SAMSAH Pont de Flandre est dor\u00e9navant de 45 places destin\u00e9es \n\u00e0 des personnes en situation de d\u00e9ficiences motrices ou en situation de polyhandicap \nr\u00e9parties comme suit : \n \n- 35 places destin\u00e9es \u00e0 un public en situation de d\u00e9ficience motrice \n- 10 places destin\u00e9es \u00e0 un public en situation de polyhandicap \n \n \nDans la limite de cette capacit\u00e9, il est en mesure d'assurer aux personnes qu'il accueille \nen fonction de leurs besoins, et dans la limite des places disponibles, les modalit\u00e9s \nd'accueil et d'accompagnement suivantes : \u00e0 titre permanent, temporaire ou selon un \nmode s\u00e9quentiel, \u00e0 temps complet ou partiel, avec ou sans h\u00e9bergement. \n  \nARTICLE 3e : Conform\u00e9ment aux termes du dernier alin\u00e9a du I de l'article D. 312 -0-3 du code de \nl'action sociale et des familles, a ucune sp\u00e9cialisation n'exclut la prise en charge de \npersonnes pr\u00e9sentant des troubles associ\u00e9s \u00e0 ceux qui font l'objet de la pr\u00e9sente \nautorisation.  \n \nARTICLE 4e : Cette structure est r\u00e9pertori\u00e9e dans le Fichier National des Etablissements Sanitaires \net Sociaux (FINESS) de la fa\u00e7on suivante : \n \nN\u00b0 FINESS de l'\u00e9tablissement : 75 003 699 8 \n \n \nCode mode de fixation des tarifs : [09] ARS PCD mixte HAD  \n \nN\u00b0 FINESS du gestionnaire : 75 083 190 1 \n \nCode statut : [61] + association Loi 1901 Reconnue d'Utilit\u00e9 Publique \n \nARTICLE 5e :   La pr\u00e9sente autorisation est valable sous r\u00e9serve du r\u00e9sultat positif de la visite de \nconformit\u00e9 pr\u00e9vue par l'article L. 313-6 du code de l'action sociale et des familles.  \n \nARTICLE 6e :   Elle est caduque en l'absence d'ouverture au public de l'\u00e9tablissement ou du service  \ndans un d\u00e9lai de quatre ans suivant la notification de la d\u00e9cision d'autorisation  \nconform\u00e9ment aux articles L. 313-1 et D. 313-7-2 du code de l'action sociale et des \nfamilles. \n \nARTICLE 7e :   Tout changement important dans l'activit\u00e9, l'installation, l'organisation, la direction ou \nle fonctionnement de l'\u00e9tablissement ou du service doit \u00eatre port\u00e9 \u00e0 la connaissance \ndes autorit\u00e9s comp\u00e9tentes. \n \nCode cat\u00e9gorie : [445] - SAMSAH \nCode discipline :  [966] - Accueil et Accompagnement m\u00e9dicalis\u00e9es  \nCode fonctionnement  \n(mode d'accueil et \nd'accompagnement) :  \n[16] - Prestation en milieu ordinaire 45 places \nCode client\u00e8le : [414] - D\u00e9ficience motrice 35 places \n[500] - Polyhandicap 10 places \nAgence R\u00e9gionale de Sant\u00e9 - IDF-2025-07-30-00008 - Arr\u00eat\u00e9 n\u00b02025-201 portant autorisation d'extension de capacit\u00e9 de 35 \u00e0 45 places\ndu SAMSAH Pont de Flandre sis 249 rue de Crim\u00e9e Paris 19\u00e8me g\u00e9r\u00e9 par l'association Cap Devant 21\n4 \n \n \nARTICLE 8e :  Un recours contre le pr\u00e9sent arr\u00eat\u00e9 peut \u00eatre form\u00e9 devant le tribunal administratif \ncomp\u00e9tent dans un d\u00e9lai de deux mois \u00e0 compter de sa notification ou, pour les tiers, \n\u00e0 compter de sa publication.   \n \nARTICLE 9e :   Le Directeur de la D\u00e9l\u00e9gation d\u00e9partementale de Paris de l'Agence r\u00e9gionale de sant\u00e9 \nIle-de-France et la Maire de Paris sont charg\u00e9s de l'ex\u00e9cution du pr\u00e9sent arr\u00eat\u00e9 qui \nsera publi\u00e9 aux recueils des actes administratifs de la R\u00e9gion Ile -de-France et sur le \nPortail des Publications Administratives de la Ville de Paris. \n \n \n       \n Fait \u00e0 Saint-Denis, le 30 juillet 2025 \n \n         \nLe Directeur g\u00e9n\u00e9ral \nde l'Agence r\u00e9gionale sant\u00e9 \n\u00cele-de-France \n \n \n \n \n  \nDirectrice de l'Autonomie \nSt\u00e9phanie TALBOT  \nPour la Maire de Paris et par d\u00e9l\u00e9gation \nde signature \n \n \n \n \n \n \nDirecteur adjoint des solidarit\u00e9s \nJacques Berger \n \n \n \n \n \nSign\u00e9\n \nSign\u00e9 \nAgence R\u00e9gionale de Sant\u00e9 - IDF-2025-07-30-00008 - Arr\u00eat\u00e9 n\u00b02025-201 portant autorisation d'extension de capacit\u00e9 de 35 \u00e0 45 places\ndu SAMSAH Pont de Flandre sis 249 rue de Crim\u00e9e Paris 19\u00e8me g\u00e9r\u00e9 par l'association Cap Devant 22\nAgence R\u00e9gionale de Sant\u00e9\nIDF-2025-07-25-00009\nD\u00e9cision n\u00b0 DVSS - QSPHARMBIO - 2025/054\nportant renouvellement de l'autorisation de la\npharmacie \u00e0 usage int\u00e9rieur du Centre de\nR\u00e9adaptation et R\u00e9\u00e9ducation Fonctionnelle\n(CHRRF) la Chataigneraie\nAgence R\u00e9gionale de Sant\u00e9 - IDF-2025-07-25-00009 - D\u00e9cision n\u00b0 DVSS - QSPHARMBIO - 2025/054 portant renouvellement de\nl'autorisation de la pharmacie \u00e0 usage int\u00e9rieur du Centre de R\u00e9adaptation et R\u00e9\u00e9ducation Fonctionnelle (CHRRF) la Chataigneraie 23\nREPUBLIQUEFRANCAISELibert\u00e9Egalit\u00e9Fraternit\u00e9\n\u00a9 \u00bb Agence R\u00e9gionale de Sant\u00e9Ile-de-France\n \n \n1 / 3 \n \n \nAGENCE R\u00c9GIONALE DE SANTE \u00ceLE-DE-FRANCE \nD\u00c9CISION N\u00b0 DVSS - QSPHARMBIO - 2025/ 054 \nportant renouvellement de l'autorisation de la pharmacie \u00e0 usage int\u00e9rieur  \ndu Centre de R\u00e9adaptation et R\u00e9\u00e9ducation Fonctionnelle (CHRRF) \nla Chataigneraie \nLE DIRECTEUR G\u00c9N\u00c9RAL DE L'AGENCE R\u00c9GIONALE DE SANT\u00c9 \u00ceLE-DE-FRANCE \n \nVU le code de la  sant\u00e9  publique et notamment les articles L.5126 -1 \u00e0 L.5126 -11 ainsi que les \narticles R.5126-1 \u00e0 R.5126-62 ;  \n \nVU l'ordonnance n\u00b0 2016-1729 en date du 15 d\u00e9cembre 2016 relative aux pharmacies \u00e0 usage \nint\u00e9rieur prise en application de l'article 204 de la loi n\u00b0 2016-41 en date du 26 janvier 2016 de \nmodernisation de notre syst\u00e8me de sant\u00e9 en sa version modifi\u00e9e par l'ordonnance \nn\u00b0  2020- 1407 en date du 18 novembre 2020 relative aux missions des agences r\u00e9gionales \nde sant\u00e9 ; \n \nVU le d\u00e9cret n\u00b0 2019-489 en date du 21 mai 2019 modifi\u00e9 relatif aux pharmacies \u00e0 usage int\u00e9rieur \npris en application de l'ordonnance n\u00b02016-1729, notamment son article 4 ; \n \nVU  l'arr\u00eat\u00e9 en date du 22 juin 2001 relatif aux bonnes pratiques de pharmacie hospitali\u00e8re ; \n \nVU  la d\u00e9cision en date du 21 juillet 2023, prise en application des articles L.5121-1 et L.5121-5 du \ncode de la sant\u00e9 publique, relative aux bonnes pratiques de pr\u00e9paration ; \n \nVU  le d\u00e9cret en date du 10 avril 2024 portant nomination de  Monsieur Denis ROBIN, Direct eur \ng\u00e9n\u00e9ral de l'Agence r\u00e9gionale de sant\u00e9 \u00cele-de-France \u00e0 compter du 29 avril 2024 ;  \n \nVU  l'arr\u00eat\u00e9 pr\u00e9fectoral n\u00b0 DDASS CR 187-687 en date du 13 juillet 1987 ayant autoris\u00e9 la cr\u00e9ation \nd'une pharmacie \u00e0 usage int\u00e9rieur sous le n\u00b0 95 H 20 au sein du Centre de R\u00e9 adaptation et \nR\u00e9\u00e9ducation Fonctionnelle la Chataigneraie  situ\u00e9 rue Bernard Astruc \u00e0 Menucourt (95180) ;  \n  \nVU  la demande d\u00e9pos\u00e9e le 24 septembre 2024 et compl\u00e9t\u00e9e le 26 septembre 2024 par le directeur \nde l'\u00e9tablissement, repr\u00e9sentant l\u00e9gal de la personne morale exploitant le Centre de \nR\u00e9adaptation et R\u00e9\u00e9ducation Fonctionnelle (CHRRF) la Chataigneraie , en vue du \nrenouvellement, au titre de  l'article 4 du d\u00e9cret n\u00b0  2019-489 en date du 21 mai 2019 modifi\u00e9 \nrelatif aux pharmacies \u00e0 usage int\u00e9rieur, de l'autorisation de la pharmacie \u00e0 usage int\u00e9rieur \nconcernant les missions g\u00e9n\u00e9rales ainsi que les actions de pharmacie c linique, telles que \nd\u00e9finies \u00e0 l'article L.5126 -1 du code de la sant\u00e9 publique, afin de r\u00e9pondre aux besoins \npharmaceutiques des personnes prises en charge ;  \n \nVU la demande d\u00e9pos\u00e9e le 24 septembre 2024 et compl\u00e9t\u00e9e le 26 septembre 2024 par le directeur \nde l'\u00e9tablissement, repr\u00e9sentant l\u00e9gal de la personne morale exploitant le Centre de \nR\u00e9adaptation et R\u00e9\u00e9ducation Fonctionnelle (CHRRF) la Chataigneraie , en vue du \nrenouvellement, au titre de l'article 4 du d\u00e9cret n\u00b0  2019 -489 en date du 21 mai 2019 modifi\u00e9 \nrelatif aux pharmacies \u00e0 usage int\u00e9rieur , de l'autorisation de la pharmacie \u00e0 usage int\u00e9rieur \nconcernant l'activit\u00e9 suivante assur\u00e9e par la pharmacie \u00e0 usage int\u00e9rieur pour son propre \ncompte : \n \n- la pr\u00e9paration de doses \u00e0 administrer de m\u00e9dicaments mentionn\u00e9s \u00e0 \nl'article L. 4211-1 du code de la sant\u00e9 publique ; \nAgence R\u00e9gionale de Sant\u00e9 - IDF-2025-07-25-00009 - D\u00e9cision n\u00b0 DVSS - QSPHARMBIO - 2025/054 portant renouvellement de\nl'autorisation de la pharmacie \u00e0 usage int\u00e9rieur du Centre de R\u00e9adaptation et R\u00e9\u00e9ducation Fonctionnelle (CHRRF) la Chataigneraie 24\n \n2 / 3 \n \nVU  le rapport d'instruction en date du 26 d\u00e9cembre 2024  et la conclusion d\u00e9finitive en date du \n22  mai 2025 \u00e9tablis par le pharmacien inspecteur de sant\u00e9 publique ;  \n \nVU  l'avis favorable du Conseil central de la section H de l'Ordre des pharmaciens, en date du \n8 d\u00e9cembre 2024 ;  \n  \nCONSID\u00c9RANT  \n \n \nles r\u00e9ponses apport\u00e9es et les engagements pris par l'\u00e9tablissement suite au rapport \nd'instruction du pharmacien inspecteur de sant\u00e9 publique notamment :  \n \n- mise en place d'un processus d'habilitation du personnel de la pharmacie \u00e0 \nusage int\u00e9rieur ; \n- qualification des enceintes r\u00e9frig\u00e9r\u00e9es et \u00e9talonnage des sondes de \ntemp\u00e9rature ; \n- modalit\u00e9s d'enregistrement et de suivi des temp\u00e9ratures dans les enceintes \nr\u00e9frig\u00e9r\u00e9es ; \n- compl\u00e9tude du syst\u00e8me documentaire de la pharmacie \u00e0 usage int\u00e9rieur ; \n- mise en \u0153uvre des contr\u00f4les et de la lib\u00e9ration par le pharmacien des \nop\u00e9rations de pr\u00e9paration des doses \u00e0 administrer ; \n \nCONSIDERANT  \n \nqu'il est attendu la mise en \u0153uvre par l'\u00e9tablissement des mesures suivantes  : \n \n- mise en place d'une \u00e9tude des risques encourues par les patients dans le \ncadre de la prise en charge m\u00e9dicamenteuse ; \n- mise en place d'une proc\u00e9dure de gestion des non -conformit\u00e9s en lien avec \nles op\u00e9rations r\u00e9alis\u00e9es au sein de la pharmacie \u00e0 usage int\u00e9rieur ; \n \nCONSID\u00c9RANT que le Centre de R\u00e9adaptation et R\u00e9\u00e9ducation Fonctionnelle (CHRRF) la \nChataigneraie dispose de locaux, de moyens en personnel, de moyens en \n\u00e9quipement et d'un syst\u00e8me d'information, conform\u00e9ment aux articles R.5126 -8 et \nR.5126-14 du code de la sant\u00e9 publique , lui permettant d'assurer l'ensemble des \nmissions sollicit\u00e9es ; \n  \nDECIDE  \n \nARTICLE 1  La pharmacie \u00e0 usage int\u00e9rieur au sein du Centre de R\u00e9adaptation et R\u00e9\u00e9ducation \nFonctionnelle la Chataigneraie  (n\u00b0 FINESS EJ  : 950000760 - \nn\u00b0 FINESS ET :  950700021), si tu\u00e9 r ue Bernard Astruc \u00e0 Menucourt (95180 ) est \nautoris\u00e9e \u00e0 exercer les missions et l'activit\u00e9 cit\u00e9es aux articles suivants. \n \nARTICLE 2 La pharmacie \u00e0 usage int\u00e9rieur dessert l'\u00e9tablissement suivant : \n \n- le CHRRF la Chataigneraie  - 48 rue de la Convention \u00e0 Paris 15 \u00e8me \n(FINESS  ET : 750825184 \u2013 FINESS EJ : 950000760). \n \nARTICLE 3  La pharmacie \u00e0 usage int\u00e9rieur assurera pour son propre compte, dans la limite du \nrespect des conditions r\u00e8glementaires fix\u00e9es pour leur exercice au regard du statut de \nl'\u00e9tablissement au sein duquel elle est \u00e9tablie, les missions g\u00e9n\u00e9rales ainsi que les \nactions de pharmacie clinique, telles que d\u00e9finies \u00e0 l'article L.5126 -1 du code de la \nsant\u00e9 publique, afin de r\u00e9pondre aux besoins pharmaceutiques des personnes prises \nen charge. \n \n \n \n \nAgence R\u00e9gionale de Sant\u00e9 - IDF-2025-07-25-00009 - D\u00e9cision n\u00b0 DVSS - QSPHARMBIO - 2025/054 portant renouvellement de\nl'autorisation de la pharmacie \u00e0 usage int\u00e9rieur du Centre de R\u00e9adaptation et R\u00e9\u00e9ducation Fonctionnelle (CHRRF) la Chataigneraie 25\n \n3 / 3 \n \nARTICLE 4 La pharmacie \u00e0 usage int\u00e9rieur assurera, pour son propre compte, l'activit\u00e9 \nmentionn\u00e9e aux articles L.5126 et R. 5126-9 du code de la sant\u00e9 publique : \n \n- la pr\u00e9paration de doses \u00e0 administrer de m\u00e9dicaments mentionn\u00e9s \u00e0 \nl'article  L. 4211-1 du m\u00eame code : \n \n\u2022 proc\u00e9d\u00e9 de PDA : manuelle : m\u00e9dicaments \u00e0 usage oral (comprim\u00e9, \ng\u00e9lule) ; \n\u2022 Op\u00e9rations r\u00e9alis\u00e9es : sur\u00e9tiquetage (Eticonform), pr\u00e9paration des \npiluliers (m\u00e9dicaments \u00e0 usage oral y compris ampoules buvables, les \ncollyres unidoses et les suppositoires). \n \nARTICLE 5  La pharmacie \u00e0 usage int\u00e9rieur est install\u00e9e dans les locaux d'une superficie totale de \n81.16 m\u00b2, comprenant : \n- sas de livraison : 4.90 m\u00b2 ; \n- espace de stockage : 49.40 m\u00b2 ; \n- zone, sur\u00e9tiquetage et de pr\u00e9paration de doses \u00e0 administrer : 2 m\u00b2 ; \n- zone s\u00e9rialisation : 4 m\u00b2 ; \n- quarantaine : 1 m\u00b2 ; \n- local gaz m\u00e9dicaux (s\u00e9par\u00e9 de la pharmacie \u00e0 usage int\u00e9rieur) : 3.56 m\u00b2 ; \n- sas services : 5.20 m\u00b2 ; \n- bureau pharmacien (dont zone archives) : 11.10m\u00b2. \nARTICLE 6  \n \nLe temps de pr\u00e9sence du pharmacien charg\u00e9 de la g\u00e9rance de dix demi-journ\u00e9es par \nsemaine est en conformit\u00e9 avec les dispositions de l'article R.5126 -39 du code de la \nsant\u00e9 publique \n \n \nARTICLE 7  Un recours contentieux contre la pr\u00e9sente d\u00e9cision peut \u00eatre form\u00e9 aupr\u00e8s du Tribunal \nadministratif comp\u00e9tent. Le d\u00e9lai de recours est de deux mois \u00e0 compter de la \nnotification de la d\u00e9cision pour les int\u00e9ress\u00e9s ou de sa publication pour les tiers. Cette \njuridiction peut notamment \u00eatre saisie via une requ\u00eate remise ou envoy\u00e9e au greffe du \nTribunal administratif ou aussi par l'application \u00ab  T\u00e9l\u00e9recours \u00bb accessible \u00e0 partir du \nsite www.telerecours.fr.  \nARTICLE 8  Les Directeurs de l'Agence r\u00e9gionale de sant\u00e9 \u00cele-de-France sont charg\u00e9s, chacun en \nce qui les concerne, de l'ex\u00e9cution de la pr\u00e9sente d\u00e9cision, qui sera publi\u00e9e au recueil \ndes actes administratifs de la Pr\u00e9fecture de r\u00e9gion \u00cele-de-France. \n \nFait \u00e0 Saint-Denis, le 25 juillet 2025 \n \nLe Directeur g\u00e9n\u00e9ral \nde l'Agence r\u00e9gionale de sant\u00e9  \n\u00cele-de-France \n \nSIGNE \n \nDenis ROBIN \n \nAgence R\u00e9gionale de Sant\u00e9 - IDF-2025-07-25-00009 - D\u00e9cision n\u00b0 DVSS - QSPHARMBIO - 2025/054 portant renouvellement de\nl'autorisation de la pharmacie \u00e0 usage int\u00e9rieur du Centre de R\u00e9adaptation et R\u00e9\u00e9ducation Fonctionnelle (CHRRF) la Chataigneraie 26\nAgence R\u00e9gionale de Sant\u00e9\nIDF-2025-07-29-00018\nD\u00e9cision n\u00b0 DVSS - QSPHARMBIO - 2025/075\nportant renouvellement de l'autorisation de la\npharmacie \u00e0 usage int\u00e9rieur de l'h\u00f4pital Sainte\nMarie Paris\nAgence R\u00e9gionale de Sant\u00e9 - IDF-2025-07-29-00018 - D\u00e9cision n\u00b0 DVSS - QSPHARMBIO - 2025/075 portant renouvellement de\nl'autorisation de la pharmacie \u00e0 usage int\u00e9rieur de l'h\u00f4pital Sainte Marie Paris 27\nREPUBLIQUEFRANCAISELibert\u00e9Egalit\u00e9Fraternit\u00e9\n\u00a9 \u00bb Agence R\u00e9gionale de Sant\u00e9Ile-de-France\n \n \n1 / 4 \n \n \n \nAGENCE R\u00c9GIONALE DE SANTE \u00ceLE-DE-FRANCE \nD\u00c9CISION n\u00b0 DVSS - QSPHARMBIO - 2025 / 075 \nportant renouvellement de l'autorisation de la pharmacie \u00e0 usage int\u00e9rieur  \nde l'h\u00f4pital Sainte Marie Paris \n \nLE DIRECTEUR G\u00c9N\u00c9RAL DE L'AGENCE R\u00c9GIONALE DE SANT\u00c9 \u00ceLE-DE-FRANCE \n \nVU le code de la sant\u00e9 publique  et notamment les articles L.5126 -1 \u00e0 L.5126 -11 ainsi que les \narticles R.5126-1 \u00e0 R.5126-62 ;  \n \nVU l'ordonnance n\u00b0 2016-1729 en date du 15 d\u00e9cembre 2016 relative aux pharmacies \u00e0 usage \nint\u00e9rieur prise en application de l'article 204 de la loi n\u00b0 2016-41 en date du 26 janvier 2016 de \nmodernisation de notre syst\u00e8me de sant\u00e9 en sa version modifi\u00e9e par l'ordonnance \nn\u00b0 2020- 1407 en date du 18 novembre 2020 relative aux missions des agences r\u00e9gionales de \nsant\u00e9 ; \n \nVU le d\u00e9cret n\u00b0 2019-489 en date du 21 mai 2019 modifi\u00e9 relatif aux pharmacies \u00e0 usage int\u00e9rieur \npris en application de l'ordonnance n\u00b02016-1729, notamment son article 4 ; \n \nVU  l'arr\u00eat\u00e9 en date du 22 juin 2001 relatif aux bonnes pratiques de pharmacie hospitali\u00e8re ; \n \nVU  la d\u00e9cision en date du 21 juillet 2023, prise en application des articles L.5121-1 et L.5121-5 du \ncode de la sant\u00e9 publique, relative aux bonnes pratiques de pr\u00e9paration ; \n \nVU  le d\u00e9cret en date du 10 avril 2024 portant nomination de  Monsieur Denis ROBIN, Direct eur \ng\u00e9n\u00e9ral de l'Agence r\u00e9gionale de sant\u00e9 \u00cele-de-France \u00e0 compter du 29 avril 2024 ;  \n \nVU  l'arr\u00eat\u00e9 pr\u00e9fectoral en date du 5 novembre 1954 ayant autoris\u00e9 la cr\u00e9ation d'une pharmacie \u00e0 \nusage int\u00e9rieur sous le n\u00b0 H 67 au sein de l'h\u00f4pital Sainte Marie Paris sis 167, rue Raymond \nLosserand \u00e0 Paris (75014) ;  \nVU  la demande d\u00e9pos\u00e9e le 24 janvier 2025 par le directeur de l'\u00e9tablissement, repr\u00e9sentant l\u00e9gal \nde la personne morale exploitant l'h\u00f4pital Sainte Marie Paris, en vue du renouvellement, au \ntitre de  l'article 4 du d\u00e9cret n\u00b0  2019-489 en date du 21 mai 2019 modifi\u00e9 relatif aux pharmacies \n\u00e0 usage int\u00e9rieur, de l'autorisation de la pharmacie \u00e0 usage int\u00e9rieur concernant  les missions \ng\u00e9n\u00e9rales ainsi que les actions de pharmacie clinique, telles que d\u00e9finies \u00e0 l'article L.5126 -1 \ndu code de la sant\u00e9 publique, afin de r\u00e9pondre aux besoins pharmaceutiques des pe rsonnes \nprises en charge ;  \n \nVU  la demande d\u00e9pos\u00e9e le 24 janvier 2025 par le directeur de l'\u00e9tablissement, repr\u00e9sentant l\u00e9gal \nde la personne morale exploitant l'h\u00f4pital Sainte Marie Paris, en vue du renouvellement, au \ntitre de l'article 4 du d\u00e9cret n\u00b0 2019-489 en date du 21 mai 2019 modifi\u00e9 relatif aux pharmacies \n\u00e0 usage int\u00e9rieur, de l'autorisation de la pharmacie \u00e0 usage int\u00e9rieur concernant : \n \nl'activit\u00e9 suivante assur\u00e9e pour son propre compte :  \n \n- la pr\u00e9paration de doses \u00e0 administrer de m\u00e9dicaments mentionn\u00e9s \u00e0 \nl'article L.4211-1 du code de la sant\u00e9 publique ; \nAgence R\u00e9gionale de Sant\u00e9 - IDF-2025-07-29-00018 - D\u00e9cision n\u00b0 DVSS - QSPHARMBIO - 2025/075 portant renouvellement de\nl'autorisation de la pharmacie \u00e0 usage int\u00e9rieur de l'h\u00f4pital Sainte Marie Paris 28\n \n2 / 4 \n \nl'activit\u00e9 suivante assur\u00e9e par une autre pharmacie \u00e0 usage int\u00e9rieur pour le compte de la \npharmacie \u00e0 usage int\u00e9rieur : \n \n- approvisionnement en oxyg\u00e8ne \u00e0 usage m\u00e9dical via une ligne murale ; \n \nVU  le rapport d'instruction en date du 25 mars 2025  et la conclusion d\u00e9finitive en date du \n2 juillet 2025, \u00e9tablis par le pharmacien inspecteur de sant\u00e9 publique ;  \n \nVU  l'avis du  Conseil central de la section H de l'Ordre des pharmaciens, en date du 20 mars 2025 \nfavorable ainsi que d\u00e9favorable pour les raisons suivantes : absence de local r\u00e9ception d\u00e9di\u00e9 \n\u00e0 la pharmacie et s\u00e9curis\u00e9, approvisionnement non conforme en m\u00e9dicaments et produits de \nsant\u00e9 d'un centre de protection maternelle infantile et assurer la r\u00e9ception des gaz m\u00e9dicaux \nsous contr\u00f4le pharmaceutique ou r\u00e9aliser une d\u00e9livrance \u00e0  partir de la pharmacie \u00e0 usage \nint\u00e9rieur de l'h\u00f4pital Sainte Marie. \nCONSID\u00c9RANT  \n \n \nLes engagements pris par l'\u00e9tablissement \u00e0 la suite du rapport d' instruction du \npharmacien inspecteur de sant\u00e9 publique :  \n \n- l'arr\u00eat de l'approvisionnement du centre de Protection Maternelle et Infantile  \nGroupe VYV sise 26 boulevard Brune \u00e0 Paris (75014) en m\u00e9dicaments et en \ndispositifs m\u00e9dicaux st\u00e9riles (pr\u00e9vu pour septembre 2025) ; \n- la dispensation et la livraison des bouteilles d'oxyg\u00e8ne et de MEOPA \ndirectement depuis la pharmacie \u00e0 usage int\u00e9rieur vers l'h\u00f4pital La Boissi\u00e8re \n\u00e0 Noisy-le-Sec (93130) (pr\u00e9vu pour juin 2025) ; \n- l'affectation du local \u00ab r\u00e9ception marchandises H\u00f4pital Sainte -Marie \u00bb situ\u00e9 \nsur le quai de livraison, uniquement au stockage temporaire des produits de \nsant\u00e9 (m\u00e9dicaments et dispositifs m\u00e9dicaux st\u00e9riles) et r\u00e9serv\u00e9 au personnel \nautoris\u00e9 (\u00e0 partir du 10 juillet 2025) ; \n- la r\u00e9alisation d'une cartographie des risques sur le processus de \nmanipulation des \u00ab comprim\u00e9s et g\u00e9lules nus \u00bb et l'\u00e9tablissement de la liste \ndes m\u00e9dicaments \u00ab comprim\u00e9s et g\u00e9lules nus \u00bb ne pouvant pas faire l'objet \nd'une op\u00e9ration de d\u00e9conditionnement / reconditionnement (pr\u00e9vu pour le \n2\u00e8me semestre 2025) ; \n \nCONSID\u00c9RANT que l'h\u00f4pital Sainte Marie Paris dispose, sous r\u00e9serve du respect des engagements \npris, de locaux, de moyens en personnel, de moyens en \u00e9quipement et d'un syst\u00e8me \nd'information, conform\u00e9ment aux articles R.5126-8 et R.5126-14 du code de la sant\u00e9 \npublique, lui permettant d'assurer l'ensemble des missions et l'activit\u00e9 sollicit\u00e9e ; \n \nDECIDE  \n \nARTICLE 1 La pharmacie \u00e0 usage int\u00e9rieur implant\u00e9e au sein de l'h\u00f4pital Sainte Marie  Paris sis \n167, rue Raymond Losserand \u00e0 Paris (75014), n\u00b0 FINESS EJ : 750058844 - \nn\u00b0 FINESS ET : 750000507, est autoris\u00e9e \u00e0 exercer les missions et l'activit\u00e9 cit\u00e9es aux \narticles suivants. \n \nARTICLE2  La pharmacie \u00e0 usage int\u00e9rieur dessert l'\u00e9tablissement suivant : \n \n- H\u00f4pital la Boissi\u00e8re \u2013 Groupe VYV situ\u00e9 au 13, boulevard de la Boissi\u00e8re \u00e0 \nNoisy- le-Sec (93130) , n\u00b0 FINESS EJ : 750058844 \u2013 \nn\u00b0 FINESS ET :  930700018. \n \n \nAgence R\u00e9gionale de Sant\u00e9 - IDF-2025-07-29-00018 - D\u00e9cision n\u00b0 DVSS - QSPHARMBIO - 2025/075 portant renouvellement de\nl'autorisation de la pharmacie \u00e0 usage int\u00e9rieur de l'h\u00f4pital Sainte Marie Paris 29\n \n3 / 4 \n \nARTICLE 3  La pharmacie \u00e0 usage int\u00e9rieur assurera pour son propre compte, dans la limite du \nrespect des conditions r\u00e8glementaires fix\u00e9es pour leur exercice au regard du statut de \nl'\u00e9tablissement au sein duquel elle est \u00e9tablie, les missions g\u00e9n\u00e9rales ainsi que les \nactions de pharmacie clinique, telles que d\u00e9finies \u00e0 l'article L.5126 -1 du code de la \nsant\u00e9 publique, afin de r\u00e9pondre aux besoins pharmaceutiques des personnes prises \nen charge. \n \nARTICLE 4 La pharmacie \u00e0 usage int\u00e9rieur assurera, pour son propre compte l'activit\u00e9 mentionn\u00e9e \naux articles L.5126-4 et R.5126-9 du code de la sant\u00e9 publique :  \n- la pr\u00e9paration de doses \u00e0 administrer de m\u00e9dicaments mentionn\u00e9s \u00e0 \nl'article L. 4211-1 du m\u00eame code : \n\u2981 proc\u00e9d\u00e9 de pr\u00e9paration de doses \u00e0 administrer : manuel ; \n\u2981 type de doses pr\u00e9par\u00e9es : pilulier individuel nominatif, doses unitaires ; \n\u2981 op\u00e9rations r\u00e9alis\u00e9es : d\u00e9conditionnement, reconditionnement, \nsur\u00e9tiquetage des blisters de m\u00e9dicaments non pr\u00e9sent\u00e9s en \nconditionnement unitaire. \nARTICLE 5 La pharmacie \u00e0 usage int\u00e9rieur d u Groupe hospitalier Site Saint -Joseph, sis 185 rue \nRaymond Losserand \u00e0 Paris (75014) n\u00b0 FINESS EJ  : 750150120 \nn\u00b0 FINESS ET :  750000523, assurera pour le compte de la pharmacie \u00e0 usage \nint\u00e9rieur faisant l'objet de la pr\u00e9sente d\u00e9cision, la mission suivante :  \n- l'approvisionnement en oxyg\u00e8ne \u00e0 usage m\u00e9dical via une ligne murale. \nARTICLE 6  La pharmacie \u00e0 usage int\u00e9rieur est install\u00e9e dans des locaux d'une superficie totale de \n243.7 m\u00b2, comprenant :  \n \nau niveau -1 - rez-de-jardin : 151 m\u00b2 : \n \n- guichet d'accueil : 5 m\u00b2 ; \n- bureaux et zone de stockage des m\u00e9dicaments : 77 m\u00b2 ; \n- zone de pr\u00e9paration de doses \u00e0 administrer  de cueillette et pr\u00e9paration des \npiluliers : 28 m\u00b2 ; \n- pi\u00e8ce de pr\u00e9paration de doses \u00e0 administrer reconditionnement et \nsur\u00e9tiquetage : 15 m\u00b2 ; \n- pi\u00e8ce de stockage des dispositifs m\u00e9dicaux st\u00e9riles et des solut\u00e9s massifs : \n26 m\u00b2 ; \n \nau sous-sol : 92,70 m\u00b2 : \n \n- r\u00e9serve des dispositifs m\u00e9dicaux st\u00e9riles : 28,2 m\u00b2 ; \n- local des bouteilles de gaz m\u00e9dicinaux : 50 m\u00b2 ; \n- r\u00e9serve des solut\u00e9s massifs : 14,5 m\u00b2. \n \nARTICLE 7 \n \nLe temps de pr\u00e9sence du pharmacien charg\u00e9 de la g\u00e9rance, de dix demi-journ\u00e9es par \nsemaine est en conformit\u00e9 avec les dispositions de l'article R.5126 -39 du code de la \nsant\u00e9 publique. \n \nARTICLE 8  Un recours contentieux contre la pr\u00e9sente d\u00e9cision peut \u00eatre form\u00e9 aupr\u00e8s du Tribunal \nadministratif comp\u00e9tent. Le d\u00e9lai de recours est de deux mois \u00e0 compter de la \nnotification de la d\u00e9cision pour les int\u00e9ress\u00e9s ou de sa publication pour les tiers. Cette \njuridiction peut notamment \u00eatre saisie via une requ\u00eate remise ou envoy\u00e9e au greffe du \nTribunal administratif ou aussi par l'application \u00ab  T\u00e9l\u00e9recours \u00bb accessible \u00e0 partir du \nsite www.telerecours.fr.  \nAgence R\u00e9gionale de Sant\u00e9 - IDF-2025-07-29-00018 - D\u00e9cision n\u00b0 DVSS - QSPHARMBIO - 2025/075 portant renouvellement de\nl'autorisation de la pharmacie \u00e0 usage int\u00e9rieur de l'h\u00f4pital Sainte Marie Paris 30\n \n4 / 4 \n \nARTICLE 9  Les Directeurs de l'Agence r\u00e9gionale de sant\u00e9 \u00cele-de-France sont charg\u00e9s, chacun en \nce qui les concerne, de l'ex\u00e9cution de la pr\u00e9sente d\u00e9cision, qui sera publi\u00e9e au recueil \ndes actes administratifs de la Pr\u00e9fecture de r\u00e9gion \u00cele-de-France. \n \nFait \u00e0 Saint-Denis, le 29 juillet 2025 \n \nLe Directeur g\u00e9n\u00e9ral \nde l'Agence r\u00e9gionale de sant\u00e9  \n\u00cele-de-France \n \nSIGNE \n \nRobin DENIS \nAgence R\u00e9gionale de Sant\u00e9 - IDF-2025-07-29-00018 - D\u00e9cision n\u00b0 DVSS - QSPHARMBIO - 2025/075 portant renouvellement de\nl'autorisation de la pharmacie \u00e0 usage int\u00e9rieur de l'h\u00f4pital Sainte Marie Paris 31\nDirection r\u00e9gionale et interd\u00e9partementale de\nl'environnement, de l'am\u00e9nagement et des\ntransports d'\u00cele-de-France\nIDF-2025-07-24-00024\nArr\u00eat\u00e9 n\u00b0 IDF-2025- annule et remplace l'arr\u00eat\u00e9 \nn\u00b0IDF-2025-07-24-00008 accordant \u00e0 SEGRO\nBOBIGNY l'agr\u00e9ment institu\u00e9 par l'article R.510-1\ndu code de l'urbanisme\nDirection r\u00e9gionale et interd\u00e9partementale de l'environnement, de l'am\u00e9nagement et des transports d'\u00cele-de-France -\nIDF-2025-07-24-00024 - Arr\u00eat\u00e9 n\u00b0 IDF-2025- annule et remplace l'arr\u00eat\u00e9  n\u00b0IDF-2025-07-24-00008 accordant \u00e0 SEGRO BOBIGNY\nl'agr\u00e9ment institu\u00e9 par l'article R.510-1 du code de l'urbanisme\n32\nznPREFET _DE LA REGIOND'ILE-DE-FRANCELibert\u00e9Egalit\u00e9Fraternit\u00e9\nDirection r\u00e9gionale et interd\u00e9partementale\nde l'environnement, de l'am\u00e9nagement et\ndes transports d'\u00cele-de-France\nARR\u00caT\u00c9 N\u00b0 IDF-2025-\nAnnule et remplace  l'arr\u00eat\u00e9  N\u00b0 IDF-2025-07-24-00008\naccordant \u00e0 SEGRO BOBIGNY\nl'agr\u00e9ment institu\u00e9 par l'article R.510-1 du code de l'urbanisme\nLE PR\u00c9FET DE LA R\u00c9GION D'\u00ceLE-DE-FRANCE,\nPR\u00c9FET DE PARIS\nCOMMANDEUR DE LA L\u00c9GION D'HONNEUR\nOFFICIER DE L'ORDRE NATIONAL DU M\u00c9RITE\nVu le code de l'urbanisme, notamment ses articles L.510-1 \u00e0 L.510-4 et R.510-1 \u00e0 R.510-15 ;\nVu le  code  de  la  construction  et  de  l'habitation,  notamment  ses  articles  L.171-4,  L.174-1  et  R.174-22  \u00e0\nR.174- 32 ;\nVu la demande d'agr\u00e9ment pr\u00e9sent\u00e9e par SEGRO BOBIGNY, r\u00e9ceptionn\u00e9e le 15/04/2025 et enregistr\u00e9e sous le\nnum\u00e9ro 2025/062 ;\nVu  la d\u00e9cision d'ajournement prise par l'arr\u00eat\u00e9 N\u00b0 IDF-2025-05-26-00013 du 25/05/2025 et les compl\u00e9ments\napport\u00e9s par le demandeur en date du 26/06/2025 ;\nConsid\u00e9rant que  le  projet  est  soumis  au  respect  des  exigences  de  performance  \u00e9nerg\u00e9tique  et\nenvironnementale qui lui sont applicables ;\nConsid\u00e9rant que le projet permet de recycler un foncier urbanis\u00e9 pour y d\u00e9velopper de l'activit\u00e9 industrielle, en\ndensifiant en R+1, sans augmenter l'emprise au sol du b\u00e2ti et des voiries ;\nConsid\u00e9rant qu'il pr\u00e9voit 3 000  m\u00b2 d'espaces verts de pleine terre et 4  500 m\u00b2 de toiture v\u00e9g\u00e9talis\u00e9e, ainsi que\n672 m\u00b2 de stationnements perm\u00e9ables et 100 nouveaux arbres en compl\u00e9ment des \u00e9l\u00e9ments conserv\u00e9s ;\nConsid\u00e9rant qu'il vise les labels Breeam Excellent et Biodivercity, et qu'il recycle significativement les mat\u00e9riaux\nissus de la d\u00e9molition ;\nSur proposition de la directrice r\u00e9gionale et interd\u00e9partementale de l'environnement, de l'am\u00e9nagement et des\ntransports ;\nARR\u00caTE\nArticle  1er :  L'agr\u00e9ment  pr\u00e9vu  par  les  articles  susvis\u00e9s  du  code  de  l'urbanisme  est  accord\u00e9  \u00e0  SEGRO\nBOBIGNY, en vue de r\u00e9aliser \u00e0 BOBIGNY  (93 000), 44-74 rue Henri Gautier, une op\u00e9ration de construction d'un\nensemble immobilier \u00e0 destination principale de locaux d'activit\u00e9s industrielles, d'une surface de plancher totale\nsoumise \u00e0 l'agr\u00e9ment de 21 500 m\u00b2.\nImmeuble Le Ponant \u2013 5, rue Leblanc \u2013 75911 Paris Cedex 15\nT\u00e9l\u00e9phone : 01 82 52 40 00 \nmod\u00e8le\n1/2\nDirection r\u00e9gionale et interd\u00e9partementale de l'environnement, de l'am\u00e9nagement et des transports d'\u00cele-de-France -\nIDF-2025-07-24-00024 - Arr\u00eat\u00e9 n\u00b0 IDF-2025- annule et remplace l'arr\u00eat\u00e9  n\u00b0IDF-2025-07-24-00008 accordant \u00e0 SEGRO BOBIGNY\nl'agr\u00e9ment institu\u00e9 par l'article R.510-1 du code de l'urbanisme\n33\nArticle 2 : La surface de plancher totale agr\u00e9\u00e9e se compose comme suit : \nActivit\u00e9s industrielles :      18 000 m\u00b2 (construction)\nBureaux :        3 500 m\u00b2 (construction)\nCes surfaces constituent un maximum susceptible d'\u00eatre r\u00e9duit en application des dispositions d'urbanisme.\nArticle 3 : Les locaux devront \u00eatre utilis\u00e9s uniquement en vue de l'exercice de l'activit\u00e9 d\u00e9finie \u00e0 l'article 2.\nArticle 4 : La d\u00e9livrance des autorisations d'urbanisme \u00e9tant subordonn\u00e9e \u00e0 l'ensemble des r\u00e8gles r\u00e9gissant la\nmati\u00e8re, le pr\u00e9sent arr\u00eat\u00e9 ne pr\u00e9juge pas de cette d\u00e9livrance et il ne peut \u00eatre oppos\u00e9 aux objections \u00e9ventuelles\ntouchant notamment l'implantation, les volumes, la densit\u00e9, les nuisances, etc., qui pourraient \u00eatre faites par les\nservices charg\u00e9s d'instruire ces demandes.\nCes demandes, auxquelles sera annex\u00e9e une copie du pr\u00e9sent arr\u00eat\u00e9, devront \u00eatre d\u00e9pos\u00e9es dans le d\u00e9lai d'un\nan \u00e0 compter de la date de signature du pr\u00e9sent arr\u00eat\u00e9. Pass\u00e9 ce d\u00e9lai, le pr\u00e9sent arr\u00eat\u00e9 sera caduc.\nArticle 5     :   Le pr\u00e9sent arr\u00eat\u00e9 sera notifi\u00e9 \u00e0 :\nSEGRO BOBIGNY\n20 RUE BRUNEL\n75 017 PARIS \nArticle 6 : Le pr\u00e9fet de Seine-Saint-Denis  et la directrice r\u00e9gionale et interd\u00e9partementale de l'environnement,\nde l'am\u00e9nagement et des transports sont charg\u00e9s, pour ce qui les concerne, de l'ex\u00e9cution du pr\u00e9sent arr\u00eat\u00e9, qui\nest publi\u00e9 au recueil des actes administratifs de la pr\u00e9fecture de la r\u00e9gion.\nFait \u00e0 Paris, le 24/07/2025\n  Le Pr\u00e9fet de la R\u00e9gion d'\u00cele-de-France\n                Pr\u00e9fet de Paris\n                   SIGNE\n            Marc GUILLAUME\nVoies et d\u00e9lais de recours :\nLe pr\u00e9sent arr\u00eat\u00e9 peut faire l'objet d'un recours administratif dans un d\u00e9lai de deux mois, soit gracieux aupr\u00e8s du\npr\u00e9fet de la r\u00e9gion \u00cele-de-France, soit hi\u00e9rarchique aupr\u00e8s de la ministre charg\u00e9e du logement, plac\u00e9e aupr\u00e8s du\nministre de l'am\u00e9nagement du territoire et de la d\u00e9centralisation. Il peut \u00e9galement faire l'objet d'un recours\ndevant le tribunal administratif comp\u00e9tent dans les deux mois \u00e0 compter de sa notification en application des\ndispositions des articles R. 421-1 et suivants du code de justice administrative. Le tribunal administratif peut \u00eatre\nsaisi par l'application informatique \u00ab T\u00e9l\u00e9recours Citoyens \u00bb accessible par le site internet www.telerecours.fr.\nImmeuble Le Ponant \u2013 5, rue Leblanc \u2013 75911 Paris Cedex 15\nT\u00e9l\u00e9phone : 01 82 52 40 00 \nmod\u00e8le\n2/2\nDirection r\u00e9gionale et interd\u00e9partementale de l'environnement, de l'am\u00e9nagement et des transports d'\u00cele-de-France -\nIDF-2025-07-24-00024 - Arr\u00eat\u00e9 n\u00b0 IDF-2025- annule et remplace l'arr\u00eat\u00e9  n\u00b0IDF-2025-07-24-00008 accordant \u00e0 SEGRO BOBIGNY\nl'agr\u00e9ment institu\u00e9 par l'article R.510-1 du code de l'urbanisme\n34\nRectorat de la r\u00e9gion acad\u00e9mique\nd'Ile-de-France, rectorat de l'acad\u00e9mie de Paris\nIDF-2025-07-30-00004\nArr\u00eat\u00e9 n\u00b0 2025-106-RRA portant agr\u00e9ment au\ntitre de la Jeunesse et de l'\u00c9ducation Populaire\npour l'association FLORIMONT - SDJES de Paris \nRectorat de la r\u00e9gion acad\u00e9mique d'Ile-de-France, rectorat de l'acad\u00e9mie de Paris - IDF-2025-07-30-00004 - Arr\u00eat\u00e9 n\u00b0 2025-106-RRA\nportant agr\u00e9ment au titre de la Jeunesse et de l'\u00c9ducation Populaire pour l'association FLORIMONT - SDJES de Paris 35\nREGION ACADEMIQUE\u00ceLE-DE-FRANCELibert\u00e9\u00c9galit\u00e9Fraternit\u00e9\n  \n \nService d\u00e9partemental \u00e0 la jeunesse,  \n\u00e0 l'engagement et aux sports de Paris  \n \n \n \n \nServ ice D\u00e9partemental \u00e0 la Jeunesse, \u00e0 l'Engagement et aux Sports de Paris  \n6/8 rue Eug\u00e8ne Oudin\u00e9 \u2013 CS 81360 - 75634 PARIS CEDEX 13  \n \n \n \n \nARR\u00caT\u00c9 N\u00b02025-106-RRA  \nportant agr\u00e9ment au titre de la Jeunesse et de l'\u00c9ducation Populaire \n \nLA RECTRICE DE LA R\u00c9GION ACAD\u00c9MIQUE \u00ceLE-DE-FRANCE \nRECTRICE DE PARIS \nCHANCELIERE DES UNIVERSIT\u00c9S DE PARIS  \nET D'\u00ceLE-DE-FRANCE  \n \nVu la loi n\u00b0 2001-624 du 17 juillet 2001 portant diverses dispositions d'ordre social, \u00e9ducatif et culturel et notamment son article 8 ;  \nVu le d\u00e9cret n\u00b0 2002-571 du 22 avril 2002 pris pour l'application du premier alin\u00e9a de l'article 8 de la loi n\u00b0 2001-624 et relatif \u00e0 l'agr\u00e9ment \ndes associations de jeunesse et d'\u00e9ducation populaire ;  \nVu le d\u00e9cret n\u00b0 2019 -838 du 19 ao\u00fbt 2019 portant diverses mesures de simplification pour le minist\u00e8re de l'\u00e9ducat ion nationale et de la \njeunesse ; \nVu le d\u00e9cret du Pr\u00e9sident de la R\u00e9publique du 12 mars 2025 nommant Mme Julie BENETTI, rectrice de la r\u00e9gion acad\u00e9mique \u00cele -de-\nFrance, rectrice de l'acad\u00e9mie de Paris ;  \nVu l'arr\u00eat\u00e9 n\u00b02020 -32 du 21 d\u00e9cembre 2020 modifi\u00e9 por tant organisation de la d\u00e9l\u00e9gation r\u00e9gionale acad\u00e9mique \u00e0 la jeunesse, \u00e0 \nl'engagement et aux sports et des services d\u00e9partementaux \u00e0 la jeunesse, \u00e0 l'engagement et aux sports ; \nVu le protocole r\u00e9gional d\u00e9partemental conclu entre le pr\u00e9fet de la r\u00e9gion d'Il e-de-France, pr\u00e9fet de Paris, et le recteur de la r\u00e9gion \nacad\u00e9mique d'Ile-de-France, recteur de l'acad\u00e9mie de Paris, le 24 d\u00e9cembre 2020 ; \nVu l'arr\u00eat\u00e9 n\u00b0 75-2025-03-26-00004 du 26 mars 2025 portant d\u00e9l\u00e9gation du pr\u00e9fet de la r\u00e9gion d'Ile-de-France, pr\u00e9fet de Paris \u00e0 Mme \nJulie BENETTI, rectrice de la r\u00e9gion acad\u00e9mique Ile-de-France, rectrice de l'acad\u00e9mie de Paris, en mati\u00e8re administrative ; \n \nVu l'arr\u00eat\u00e9 minist\u00e9riel du 4 mai 2021 nommant Mme Jeanne DELACOURT dans l'emploi de conseill\u00e8re du directeur acad\u00e9mique des \nservices de l'\u00e9ducation en mati\u00e8re de jeunesse, d'engagement et de sports de Paris ; \n \nVu le d\u00e9cret du Pr\u00e9sident de la R\u00e9publique du 26 f\u00e9vrier 2025 portant nomination de M. Laurent NOE en qualit\u00e9 de directeur de \nl'acad\u00e9mie de Paris ;  \n \nVu l'arr\u00eat\u00e9 n\u00b0 2025-033-RRA du 27 mars 2025 portant subd\u00e9l\u00e9gation de signature en mati\u00e8re administrative de la rectrice de la r\u00e9gion \nacad\u00e9mique Ile-de-France, rectrice de l'acad\u00e9mie de Paris pour la mise en \u0153uvre des missions de jeunesse, d'engagement et de spo rts ;  \n \nConsid\u00e9rant la demande compl\u00e8te formul\u00e9e par l'association en date du  29/07/2025 ; \n \nConsid\u00e9rant que l'association ci-dessous d\u00e9tient un arr\u00eat\u00e9 portant tronc commun d'agr\u00e9ment en cours de validit\u00e9 au moment de l'instruction \nde la demande ; \n \nConsid\u00e9rant que l'association ci -dessous remplit les conditions r\u00e9glementaires relatives \u00e0 l'agr\u00e9ment des associations de jeunesse et \nd'\u00e9ducation populaire ; \n \nARR\u00caT\u00c9 \nArticle premier : \nL'agr\u00e9ment au titre des associations de jeunesse et d'\u00e9ducation populaire est attribu\u00e9 \u00e0 l'association : \n \nASSOCIATION FLORIMONT \nRNA : W751135315 \n \ndont le si\u00e8ge social est situ\u00e9 \u00e0 : 5 Place Marcel Paul 75014 - Paris \n \ndont l'objet statutaire est :  \nRectorat de la r\u00e9gion acad\u00e9mique d'Ile-de-France, rectorat de l'acad\u00e9mie de Paris - IDF-2025-07-30-00004 - Arr\u00eat\u00e9 n\u00b0 2025-106-RRA\nportant agr\u00e9ment au titre de la Jeunesse et de l'\u00c9ducation Populaire pour l'association FLORIMONT - SDJES de Paris 36\n \n \n2 \n \n- Soutenir la vie associative du 14\u00e8me arrondissement de Paris, en animant et g\u00e9rant des espaces mis \u00e0 disposition,  \n- Favoriser la vie sociale et culturelle, en portant notamment des projets coop\u00e9ratifs entre associations, habitant.e.s et artistes,  \n- Contribuer \u00e0 l'insertion sociale et professionnelle en mobilisant les acteurs.rice.s loca.ux.les. \n \nLe num\u00e9ro de l'agr\u00e9ment \u00e0 rappeler dans les correspondances avec l'administration est le suivant :  \n2025-JEP-75-28 \n \nArticle 2 :  \nL'association mentionn\u00e9e ci-dessus est tenue d'informer sans d\u00e9lai l'autorit\u00e9 publique comp\u00e9tente de tout chang ement relatif aux crit\u00e8res \nd'attribution du pr\u00e9sent agr\u00e9ment et notamment les changements de si\u00e8ge social, de statuts et de repr\u00e9sentant l\u00e9gal. \n \nArticle 3 : \nL'association mentionn\u00e9e ci -dessus tiendra \u00e0 disposition de l'administration, dans le cadre d'un contr\u00f4le, tout document justifiant de \nl'agr\u00e9ment et notamment les proc\u00e8s -verbaux d'assembl\u00e9e g\u00e9n\u00e9rale, les rapports financiers des exercices \u00e9coul\u00e9s et les rapports annuels \nd'activit\u00e9s. \n \nArticle 4 : \nCet agr\u00e9ment de jeunesse et d'\u00e9ducation populaire n'est v alide que si l'association mentionn\u00e9e ci -dessus d\u00e9tient un tronc commun \nd'agr\u00e9ment en cours de validit\u00e9. \n \nArticle 5 :  \nL'arr\u00eat\u00e9 entre en vigueur \u00e0 compter de la date de sa publication et pour une dur\u00e9e de cinq ans. \n \nArticle 6 : \nLa cheffe du service d\u00e9partemental \u00e0 la jeunesse, \u00e0 l'engagement et aux sports de Paris  est charg\u00e9 de l'ex\u00e9cution du pr\u00e9sent arr\u00eat\u00e9 qui sera \npubli\u00e9 au recueil des actes administratifs de la pr\u00e9fecture de r\u00e9gion d'\u00cele-de-France, pr\u00e9fecture de Paris. \n \nFait \u00e0 Paris, le 30/07/2025 \n \n \n \n \n \n \n \n \n \n \n \nPour la rectrice, et par subd\u00e9l\u00e9gation, \nla conseill\u00e8re du directeur de l'acad\u00e9mie de Paris, cheffe du \nservice d\u00e9partemental \u00e0 la jeunesse, \u00e0 l'engagement et aux sports \nde Paris \n \nSign\u00e9 \nJeanne DELACOURT  \n \n \n \n \nRectorat de la r\u00e9gion acad\u00e9mique d'Ile-de-France, rectorat de l'acad\u00e9mie de Paris - IDF-2025-07-30-00004 - Arr\u00eat\u00e9 n\u00b0 2025-106-RRA\nportant agr\u00e9ment au titre de la Jeunesse et de l'\u00c9ducation Populaire pour l'association FLORIMONT - SDJES de Paris 37\nRectorat de la r\u00e9gion acad\u00e9mique\nd'Ile-de-France, rectorat de l'acad\u00e9mie de Paris\nIDF-2025-07-30-00005\nArr\u00eat\u00e9 n\u00b0 2025-107-RRA portant reconnaissance\ndu tronc commun d'agr\u00e9ment de l'association\nFLORIMONT - SDJES de Paris\nRectorat de la r\u00e9gion acad\u00e9mique d'Ile-de-France, rectorat de l'acad\u00e9mie de Paris - IDF-2025-07-30-00005 - Arr\u00eat\u00e9 n\u00b0 2025-107-RRA\nportant reconnaissance du tronc commun d'agr\u00e9ment de l'association FLORIMONT - SDJES de Paris 38\nREGION ACADEMIQUE\u00ceLE-DE-FRANCELibert\u00e9\u00c9galit\u00e9Fraternit\u00e9\n  \n \nService d\u00e9partemental \u00e0 la jeunesse,  \n\u00e0 l'engagement et aux sports de Paris  \n \n \n \n \nServ ice D\u00e9partemental \u00e0 la Jeunesse, \u00e0 l'Engagement et aux Sports de Paris  \n6/8 rue Eug\u00e8ne Oudin\u00e9 \u2013 CS 81360 - 75634 PARIS CEDEX 13  \n \n \n \n \n              ARR\u00caT\u00c9 N\u00b02025-107-RRA \n \nportant reconnaissance du tronc commun d'agr\u00e9ment d'une association \n \nLA RECTRICE DE LA R\u00c9GION ACAD\u00c9MIQUE \u00ceLE-DE-FRANCE \nRECTRICE DE PARIS \nCHANCELIERE DES UNIVERSIT\u00c9S DE PARIS  \nET D'\u00ceLE-DE-FRANCE  \n \n \nVU  la loi n\u00b0 2000 -321 du 12 avril 2000 modifi\u00e9e relative aux droits des citoyens dans leurs relations avec les administrations et \nnotamment son article 25-1 ; \nVU le d\u00e9cret n\u00b0 2017-908 du 6 mai 2017 portant diverses dispositions relatives au r\u00e9gime juridique des associations, des fondations, \ndes fonds de dotation et des organismes faisant appel public \u00e0 la g\u00e9n\u00e9rosit\u00e9 et notamment ses articles 15 \u00e0 21 ; \nVU le d\u00e9cret du Pr\u00e9sident de la R\u00e9publique d u 12 mars 2025 nommant Mme Julie BENETTI, rectrice de la r\u00e9gion acad\u00e9mique \u00cele -\nde-France, rectrice de l'acad\u00e9mie de Paris ;  \nVU l'arr\u00eat\u00e9 n\u00b02020 -32 du 21 d\u00e9cembre 2020 modifi\u00e9 portant organisation de la d\u00e9l\u00e9gation r\u00e9gionale acad\u00e9mique \u00e0 la jeunesse, \u00e0 \nl'engagement et aux sports et des services d\u00e9partementaux \u00e0 la jeunesse, \u00e0 l'engagement et aux sports ;  \nVU le protocole r\u00e9gional d\u00e9partemental conclu entre le pr\u00e9fet de la r\u00e9gion d'Ile -de-France, pr\u00e9fet de Paris, et le recteur de la r\u00e9gion \nacad\u00e9mique d'Ile-de-France, recteur de l'acad\u00e9mie de Paris, le 24 d\u00e9cembre 2020; \n \nVU l'arr\u00eat\u00e9 n\u00b0 75-2025-03-26-00004 du 26 mars 2025 portant d\u00e9l\u00e9gation du pr\u00e9fet de la r\u00e9gion d'Ile-de-France, pr\u00e9fet de Paris \u00e0 \nMme Julie BENETTI, rectrice de la r\u00e9gion acad\u00e9mique Ile-de-France, rectrice de l'acad\u00e9mie de Paris, en mati\u00e8re administrative \n; \n \nVU  l'arr\u00eat\u00e9 minist\u00e9riel du 4 mai 2021 nommant Mme Jeanne DELACOURT dans l'emploi de conseill\u00e8re du directeur acad\u00e9mique \ndes services de l'\u00e9ducation en mati\u00e8re de jeunesse, d'engagement et de sports de Paris ;  \n \nVU  le d\u00e9cret du Pr\u00e9sident de la R\u00e9publique du 26 f\u00e9vrier 2025 portant nomination de M. Laurent NOE en qualit\u00e9 de directeur de \nl'acad\u00e9mie de Paris ;  \n \nVU l'arr\u00eat\u00e9 n\u00b0 2025-033-RRA du 27 mars 2025 portant subd\u00e9l\u00e9gation de signature en mati\u00e8re administrative de la rectrice de la \nr\u00e9gion acad\u00e9mique Ile-de-France, rectrice de l'acad\u00e9mie de Paris ; pour la mise en \u0153uvre des missions de jeunesse, \nd'engagement et de sports ;  \n \n \n \n \n  \n \nARR\u00caT\u00c9 \n \n \nArticle premier :  \nL'association suivante est r\u00e9put\u00e9e satisfaire aux conditions portant sur le tronc commun d'agr\u00e9ment : \nla libert\u00e9 de conscience de ses membres, le respect du principe de non-discrimination, un mode de fonctionnement d\u00e9mocratique, une gestion \nfinanci\u00e8re transparente, permettre l'\u00e9gal acc\u00e8s des hommes, des femmes et des jeunes aux instances dirigeantes.et respecter le contrat \nd'engagement r\u00e9publicain. \n \n \nASSOCIATION FLORIMONT \nRectorat de la r\u00e9gion acad\u00e9mique d'Ile-de-France, rectorat de l'acad\u00e9mie de Paris - IDF-2025-07-30-00005 - Arr\u00eat\u00e9 n\u00b0 2025-107-RRA\nportant reconnaissance du tronc commun d'agr\u00e9ment de l'association FLORIMONT - SDJES de Paris 39\n \n \n2 \n \nRNA: W751135315 \n \ndont le si\u00e8ge social est situ\u00e9 \u00e0 : 5 Place Marcel Paul 75014 - Paris \n \n \nArticle 2 :  \nL'arr\u00eat\u00e9 entre en vigueur \u00e0 compter de la date de sa publication et pour une dur\u00e9e de cinq ans. \n \nArticle 3 : \nL'association mentionn\u00e9e ci-dessus est tenue d'informer sans d\u00e9lai l'autorit\u00e9 publique comp\u00e9tente de tout changement relatif aux crit\u00e8res \nd'attribution de la pr\u00e9sente reconnaissance et notamment les changements de si\u00e8ge social, de statuts et de repr\u00e9sentant l\u00e9gal. \n \nArticle 4 : \nL'association mentionn\u00e9e ci -dessus tiendra \u00e0 disposition de l'administration, dans le cadre d'un contr\u00f4le, tout document justifiant de  la \nreconnaissance du tronc commun et notamment les proc\u00e8s -verbaux d'assembl\u00e9e g\u00e9n\u00e9rale, les rapports financiers des exercices \u00e9coul\u00e9s et \nles rapports annuels d'activit\u00e9s. \n \nArticle 5 : \nLa cheffe du service d\u00e9partemental \u00e0 la jeunesse, \u00e0 l'engagement et aux  sports de Paris est charg\u00e9 de l'ex\u00e9cution du pr\u00e9sent arr\u00eat\u00e9 qui sera \npubli\u00e9 au recueil des actes administratifs de la pr\u00e9fecture de r\u00e9gion d'\u00cele-de-France, pr\u00e9fecture de Paris. \n \n \nFait \u00e0 Paris, le 30/07/2025 \n \n \n \n \n \n \n \n \n \n \n \n \nPour la rectrice, et par subd\u00e9l\u00e9gation, \nla conseill\u00e8re du directeur de l'acad\u00e9mie de Paris, cheffe du \nservice d\u00e9partemental \u00e0 la jeunesse, \u00e0 l'engagement et aux sports \nde Paris \n \nSign\u00e9 \n \nJeanne DELACOURT  \n \n \n \n \n \n \nRectorat de la r\u00e9gion acad\u00e9mique d'Ile-de-France, rectorat de l'acad\u00e9mie de Paris - IDF-2025-07-30-00005 - Arr\u00eat\u00e9 n\u00b0 2025-107-RRA\nportant reconnaissance du tronc commun d'agr\u00e9ment de l'association FLORIMONT - SDJES de Paris 40\nRectorat de la r\u00e9gion acad\u00e9mique\nd'Ile-de-France, rectorat de l'acad\u00e9mie de Paris\nIDF-2025-07-30-00006\nArr\u00eat\u00e9 n\u00b0 2025-108-RRA portant agr\u00e9ment au\ntitre de la Jeunesse et de l'\u00c9ducation Populaire\npour l'association ARC EQUIPE D'AMITIE -\nARC-EA - SDJES de Paris \nRectorat de la r\u00e9gion acad\u00e9mique d'Ile-de-France, rectorat de l'acad\u00e9mie de Paris - IDF-2025-07-30-00006 - Arr\u00eat\u00e9 n\u00b0 2025-108-RRA\nportant agr\u00e9ment au titre de la Jeunesse et de l'\u00c9ducation Populaire pour l'association ARC EQUIPE D'AMITIE - ARC-EA - SDJES de Paris 41\nREGION ACADEMIQUE\u00ceLE-DE-FRANCELibert\u00e9\u00c9galit\u00e9Fraternit\u00e9\n  \n \nService d\u00e9partemental \u00e0 la jeunesse,  \n\u00e0 l'engagement et aux sports de Paris  \n \n \n \n \nServ ice D\u00e9partemental \u00e0 la Jeunesse, \u00e0 l'Engagement et aux Sports de Paris  \n6/8 rue Eug\u00e8ne Oudin\u00e9 \u2013 CS 81360 - 75634 PARIS CEDEX 13  \n \n \n \n \nARR\u00caT\u00c9 N\u00b02025-108-RRA  \nportant agr\u00e9ment au titre de la Jeunesse et de l'\u00c9ducation Populaire \n \nLA RECTRICE DE LA R\u00c9GION ACAD\u00c9MIQUE \u00ceLE-DE-FRANCE \nRECTRICE DE PARIS \nCHANCELIERE DES UNIVERSIT\u00c9S DE PARIS  \nET D'\u00ceLE-DE-FRANCE  \n \nVu la loi n\u00b0 2001-624 du 17 juillet 2001 portant diverses dispositions d'ordre social, \u00e9ducatif et culturel et notamment son article 8 ;  \nVu le d\u00e9cret n\u00b0 2002-571 du 22 avril 2002 pris pour l'application du premier alin\u00e9a de l'article 8 de la loi n\u00b0 2001-624 et relatif \u00e0 l'agr\u00e9ment \ndes associations de jeunesse et d'\u00e9ducation populaire ;  \nVu le d\u00e9cret n\u00b0 2019 -838 du 19 ao\u00fbt 2019 portant diverses mesures de simplification pour le minist\u00e8re de l'\u00e9ducat ion nationale et de la \njeunesse ; \nVu le d\u00e9cret du Pr\u00e9sident de la R\u00e9publique du 12 mars 2025 nommant Mme Julie BENETTI, rectrice de la r\u00e9gion acad\u00e9mique \u00cele -de-\nFrance, rectrice de l'acad\u00e9mie de Paris ;  \nVu l'arr\u00eat\u00e9 n\u00b02020 -32 du 21 d\u00e9cembre 2020 modifi\u00e9 por tant organisation de la d\u00e9l\u00e9gation r\u00e9gionale acad\u00e9mique \u00e0 la jeunesse, \u00e0 \nl'engagement et aux sports et des services d\u00e9partementaux \u00e0 la jeunesse, \u00e0 l'engagement et aux sports ; \nVu le protocole r\u00e9gional d\u00e9partemental conclu entre le pr\u00e9fet de la r\u00e9gion d'Il e-de-France, pr\u00e9fet de Paris, et le recteur de la r\u00e9gion \nacad\u00e9mique d'Ile-de-France, recteur de l'acad\u00e9mie de Paris, le 24 d\u00e9cembre 2020 ; \nVu l'arr\u00eat\u00e9 n\u00b0 75-2025-03-26-00004 du 26 mars 2025 portant d\u00e9l\u00e9gation du pr\u00e9fet de la r\u00e9gion d'Ile-de-France, pr\u00e9fet de Paris \u00e0 Mme \nJulie BENETTI, rectrice de la r\u00e9gion acad\u00e9mique Ile-de-France, rectrice de l'acad\u00e9mie de Paris, en mati\u00e8re administrative ; \n \nVu l'arr\u00eat\u00e9 minist\u00e9riel du 4 mai 2021 nommant Mme Jeanne DELACOURT dans l'emploi de conseill\u00e8re du directeur acad\u00e9mique des \nservices de l'\u00e9ducation en mati\u00e8re de jeunesse, d'engagement et de sports de Paris ; \n \nVu le d\u00e9cret du Pr\u00e9sident de la R\u00e9publique du 26 f\u00e9vrier 2025 portant nomination de M. Laurent NOE en qualit\u00e9 de directeur de \nl'acad\u00e9mie de Paris ;  \n \nVu l'arr\u00eat\u00e9 n\u00b0 2025-033-RRA du 27 mars 2025 portant subd\u00e9l\u00e9gation de signature en mati\u00e8re administrative de la rectrice de la r\u00e9gion \nacad\u00e9mique Ile-de-France, rectrice de l'acad\u00e9mie de Paris pour la mise en \u0153uvre des missions de jeunesse, d'engagement et de spo rts ;  \n \nConsid\u00e9rant la demande compl\u00e8te formul\u00e9e par l'association en date du  30/07/2025 ; \n \nConsid\u00e9rant que l'association ci-dessous d\u00e9tient un arr\u00eat\u00e9 portant tronc commun d'agr\u00e9ment en cours de validit\u00e9 au moment de l'instruction \nde la demande ; \n \nConsid\u00e9rant que l'association ci -dessous remplit les conditions r\u00e9glementaires relatives \u00e0 l'agr\u00e9ment des associations de jeunesse et \nd'\u00e9ducation populaire ; \n \nARR\u00caT\u00c9 \nArticle premier : \nL'agr\u00e9ment au titre des associations de jeunesse et d'\u00e9ducation populaire est attribu\u00e9 \u00e0 l'association : \n \nARC EQUIPE D'AMITIE ARC-EA \nRNA : W751018942 \n \ndont le si\u00e8ge social est situ\u00e9 \u00e0 : 8 rue Bude 75004 - Paris \n \ndont l'objet statutaire est :  \nRectorat de la r\u00e9gion acad\u00e9mique d'Ile-de-France, rectorat de l'acad\u00e9mie de Paris - IDF-2025-07-30-00006 - Arr\u00eat\u00e9 n\u00b0 2025-108-RRA\nportant agr\u00e9ment au titre de la Jeunesse et de l'\u00c9ducation Populaire pour l'association ARC EQUIPE D'AMITIE - ARC-EA - SDJES de Paris 42\n \n \n2 \n \n- La rencontre, l'accueil, l'\u00e9coute et l'accompagnement des enfants, adolescents et adultes, notamment en situation de \nvuln\u00e9rabilit\u00e9, d'exclusion et/ou de rupture scolaire, sociale, familiale, \u00e9conomique; \n- Le partage de relations de confiance et de reconnaissance, dans un esprit de solidarit\u00e9; \n- La lutte contre les discriminations en valorisant les droits des enfants, des jeunes, des adultes et des familles dans leurs \ncommunaut\u00e9s de vie dans le respect des principes de la la\u00efcit\u00e9; \n- Le d\u00e9veloppement de toutes activit\u00e9s dans les domaines \u00e9ducatifs et sociaux afin de favoriser l'autonomie sociale des personnes \nconcern\u00e9es; \n- La mise en oeuvre d'actions de recherche et de formation, en particulier en direction des professionnels (notamment personnel \n\u00e9ducatif, d'animation, administratifs et d'encadrement...) et des b\u00e9n\u00e9voles intervenant aupr\u00e8s du public d\u00e9fini au paragraphe 1 ci-\navant; \n- La contribution au d\u00e9bat public dans le champ des buts qu'elle poursuit.  \n \nLe num\u00e9ro de l'agr\u00e9ment \u00e0 rappeler dans les correspondances avec l'administration est le suivant :  \n2025-JEP-75-29 \n \nArticle 2 :  \nL'association mentionn\u00e9e ci-dessus est tenue d'informer sans d\u00e9lai l'autorit\u00e9 publique comp\u00e9tente de tout changement relatif aux crit\u00e8res \nd'attribution du pr\u00e9sent agr\u00e9ment et notamment les changements de si\u00e8ge social, de statuts et de repr\u00e9sentant l\u00e9gal. \n \nArticle 3 : \nL'association mentionn\u00e9e ci -dessus tiendra \u00e0 disposition de l'administration, dans le cadre d'un contr\u00f4le, tout document justifiant de \nl'agr\u00e9ment et notamment les proc\u00e8s -verbaux d'assembl\u00e9e g\u00e9n\u00e9rale, les rapports financiers des exercice s \u00e9coul\u00e9s et les rapports annuels \nd'activit\u00e9s. \n \nArticle 4 : \nCet agr\u00e9ment de jeunesse et d'\u00e9ducation populaire n'est valide que si l'association mentionn\u00e9e ci -dessus d\u00e9tient un tronc commun \nd'agr\u00e9ment en cours de validit\u00e9. \n \nArticle 5 :  \nL'arr\u00eat\u00e9 entre en vigueur \u00e0 compter de la date de sa publication et pour une dur\u00e9e de cinq ans. \n \nArticle 6 : \nLa cheffe du service d\u00e9partemental \u00e0 la jeunesse, \u00e0 l'engagement et aux sports de Paris  est charg\u00e9 de l'ex\u00e9cution du pr\u00e9sent arr\u00eat\u00e9 qui sera \npubli\u00e9 au recueil des actes administratifs de la pr\u00e9fecture de r\u00e9gion d'\u00cele-de-France, pr\u00e9fecture de Paris. \n \nFait \u00e0 Paris, le 30/07/2025 \n \n \n \n \n \n \n \n \n \n \n \nPour la rectrice, et par subd\u00e9l\u00e9gation, \nla conseill\u00e8re du directeur de l'acad\u00e9mie de Paris, cheffe du \nservice d\u00e9partemental \u00e0 la jeunesse, \u00e0 l'engagement et aux sports \nde Paris \n \n                                      Sign\u00e9 \nJeanne DELACOURT  \n \n \n \n \nRectorat de la r\u00e9gion acad\u00e9mique d'Ile-de-France, rectorat de l'acad\u00e9mie de Paris - IDF-2025-07-30-00006 - Arr\u00eat\u00e9 n\u00b0 2025-108-RRA\nportant agr\u00e9ment au titre de la Jeunesse et de l'\u00c9ducation Populaire pour l'association ARC EQUIPE D'AMITIE - ARC-EA - SDJES de Paris 43\nRectorat de la r\u00e9gion acad\u00e9mique\nd'Ile-de-France, rectorat de l'acad\u00e9mie de Paris\nIDF-2025-07-30-00007\nArr\u00eat\u00e9 n\u00b0 2025-109-RRA portant reconnaissance\ndu tronc commun d'agr\u00e9ment de l'association\nARC EQUIPE D'AMITIE - ARC-- SDJES de Paris\nRectorat de la r\u00e9gion acad\u00e9mique d'Ile-de-France, rectorat de l'acad\u00e9mie de Paris - IDF-2025-07-30-00007 - Arr\u00eat\u00e9 n\u00b0 2025-109-RRA\nportant reconnaissance du tronc commun d'agr\u00e9ment de l'association ARC EQUIPE D'AMITIE - ARC-- SDJES de Paris 44\nREGION ACADEMIQUE\u00ceLE-DE-FRANCELibert\u00e9\u00c9galit\u00e9Fraternit\u00e9\n  \n \nService d\u00e9partemental \u00e0 la jeunesse,  \n\u00e0 l'engagement et aux sports de Paris  \n \n \n \n \nServ ice D\u00e9partemental \u00e0 la Jeunesse, \u00e0 l'Engagement et aux Sports de Paris  \n6/8 rue Eug\u00e8ne Oudin\u00e9 \u2013 CS 81360 - 75634 PARIS CEDEX 13  \n \n \n \n \n              ARR\u00caT\u00c9 N\u00b02025-109-RRA \n \nportant reconnaissance du tronc commun d'agr\u00e9ment d'une association \n \nLA RECTRICE DE LA R\u00c9GION ACAD\u00c9MIQUE \u00ceLE-DE-FRANCE \nRECTRICE DE PARIS \nCHANCELIERE DES UNIVERSIT\u00c9S DE PARIS  \nET D'\u00ceLE-DE-FRANCE  \n \n \nVU  la loi n\u00b0 2000 -321 du 12 avril 2000 modifi\u00e9e relative aux droits des citoyens dans leurs relations avec les administrations et \nnotamment son article 25-1 ; \nVU le d\u00e9cret n\u00b0 2017-908 du 6 mai 2017 portant diverses dispositions relatives au r\u00e9gime juridique des associations, des fondations, \ndes fonds de dotation et des organismes faisant appel public \u00e0 la g\u00e9n\u00e9rosit\u00e9 et notamment ses articles 15 \u00e0 21 ; \nVU le d\u00e9cret du Pr\u00e9sident de la R\u00e9publique d u 12 mars 2025 nommant Mme Julie BENETTI, rectrice de la r\u00e9gion acad\u00e9mique \u00cele -\nde-France, rectrice de l'acad\u00e9mie de Paris ;  \nVU l'arr\u00eat\u00e9 n\u00b02020 -32 du 21 d\u00e9cembre 2020 modifi\u00e9 portant organisation de la d\u00e9l\u00e9gation r\u00e9gionale acad\u00e9mique \u00e0 la jeunesse, \u00e0 \nl'engagement et aux sports et des services d\u00e9partementaux \u00e0 la jeunesse, \u00e0 l'engagement et aux sports ;  \nVU le protocole r\u00e9gional d\u00e9partemental conclu entre le pr\u00e9fet de la r\u00e9gion d'Ile -de-France, pr\u00e9fet de Paris, et le recteur de la r\u00e9gion \nacad\u00e9mique d'Ile-de-France, recteur de l'acad\u00e9mie de Paris, le 24 d\u00e9cembre 2020; \n \nVU l'arr\u00eat\u00e9 n\u00b0 75-2025-03-26-00004 du 26 mars 2025 portant d\u00e9l\u00e9gation du pr\u00e9fet de la r\u00e9gion d'Ile-de-France, pr\u00e9fet de Paris \u00e0 \nMme Julie BENETTI, rectrice de la r\u00e9gion acad\u00e9mique Ile-de-France, rectrice de l'acad\u00e9mie de Paris, en mati\u00e8re administrative \n; \n \nVU  l'arr\u00eat\u00e9 minist\u00e9riel du 4 mai 2021 nommant Mme Jeanne DELACOURT dans l'emploi de conseill\u00e8re du directeur acad\u00e9mique \ndes services de l'\u00e9ducation en mati\u00e8re de jeunesse, d'engagement et de sports de Paris ;  \n \nVU  le d\u00e9cret du Pr\u00e9sident de la R\u00e9publique du 26 f\u00e9vrier 2025 portant nomination de M. Laurent NOE en qualit\u00e9 de directeur de \nl'acad\u00e9mie de Paris ;  \n \nVU l'arr\u00eat\u00e9 n\u00b0 2025-033-RRA du 27 mars 2025 portant subd\u00e9l\u00e9gation de signature en mati\u00e8re administrative de la rectrice de la \nr\u00e9gion acad\u00e9mique Ile-de-France, rectrice de l'acad\u00e9mie de Paris ; pour la mise en \u0153uvre des missions de jeunesse, \nd'engagement et de sports ;  \n \n \n \n \n  \n \nARR\u00caT\u00c9 \n \n \nArticle premier :  \nL'association suivante est r\u00e9put\u00e9e satisfaire aux conditions portant sur le tronc commun d'agr\u00e9ment : \nla libert\u00e9 de conscience de ses membres, le respect du principe de non-discrimination, un mode de fonctionnement d\u00e9mocratique, une gestion \nfinanci\u00e8re transparente, permettre l'\u00e9gal acc\u00e8s des hommes, des femmes et des jeunes aux instances dirigeantes.et respecter le contrat \nd'engagement r\u00e9publicain. \n \n \nARC EQUIPE D'AMITIE ARC-EA \nRectorat de la r\u00e9gion acad\u00e9mique d'Ile-de-France, rectorat de l'acad\u00e9mie de Paris - IDF-2025-07-30-00007 - Arr\u00eat\u00e9 n\u00b0 2025-109-RRA\nportant reconnaissance du tronc commun d'agr\u00e9ment de l'association ARC EQUIPE D'AMITIE - ARC-- SDJES de Paris 45\n \n \n2 \n \nRNA: W751018942 \n \ndont le si\u00e8ge social est situ\u00e9 \u00e0 : 8 rue Bude 75004 - Paris \n \n \nArticle 2 :  \nL'arr\u00eat\u00e9 entre en vigueur \u00e0 compter de la date de sa publication et pour une dur\u00e9e de cinq ans. \n \nArticle 3 : \nL'association mentionn\u00e9e ci-dessus est tenue d'informer sans d\u00e9lai l'autorit\u00e9 publique comp\u00e9tente de tout changement relatif aux crit\u00e8res \nd'attribution de la pr\u00e9sente reconnaissance et notamment les changements de si\u00e8ge social, de statuts et de repr\u00e9sentant l\u00e9gal. \n \nArticle 4 : \nL'association mentionn\u00e9e ci -dessus tiendra \u00e0 disposition de l'administration, dans le cadre d'un contr\u00f4le, tout document justifiant de la \nreconnaissance du tronc commun et notamment les proc\u00e8s -verbaux d'assembl\u00e9e g\u00e9n\u00e9rale, les rapports financiers des exercices \u00e9coul\u00e9s et \nles rapports annuels d'activit\u00e9s. \n \nArticle 5 : \nLa cheffe du service d\u00e9partemental \u00e0 la jeunesse, \u00e0 l'engagement et aux sports de Paris est charg\u00e9 de l'ex\u00e9cution du pr\u00e9sent arr\u00eat\u00e9 qui sera \npubli\u00e9 au recueil des actes administratifs de la pr\u00e9fecture de r\u00e9gion d'\u00cele-de-France, pr\u00e9fecture de Paris. \n \n \nFait \u00e0 Paris, le 30/07/2025 \n \n \n \n \n \n \n \n \n \n \n \n \nPour la rectrice, et par subd\u00e9l\u00e9gation, \nla conseill\u00e8re du directeur de l'acad\u00e9mie de Paris, cheffe du \nservice d\u00e9partemental \u00e0 la jeunesse, \u00e0 l'engagement et aux sports \nde Paris \n \nSign\u00e9 \n \nJeanne DELACOURT  \n \n \n \n \n \n \nRectorat de la r\u00e9gion acad\u00e9mique d'Ile-de-France, rectorat de l'acad\u00e9mie de Paris - IDF-2025-07-30-00007 - Arr\u00eat\u00e9 n\u00b0 2025-109-RRA\nportant reconnaissance du tronc commun d'agr\u00e9ment de l'association ARC EQUIPE D'AMITIE - ARC-- SDJES de Paris 46","date":"2025-07-31","first_seen_on":"2025-07-31T16:53:38+00:00","id":"d0305704b75f0e8c3ce34e9b1047498e30a593ed421b2f532dd2221dda54d0ed","name":"recueil-idf-059-2025-07-recueil-des-actes-administratifs-special du 31.07.2025","pdf_creation_date":"2025-07-31T15:32:20+00:00","pdf_modification_date":null,"timezone":"Europe/Paris","url":"https://www.prefectures-regions.gouv.fr/ile-de-france/irecontenu/telechargement/129971/956540/file/recueil-idf-059-2025-07-recueil-des-actes-administratifs-special%20du%2031.07.2025.pdf"}
