{"administration":"pref30","administration_name":"Pr\u00e9fecture du Gard","content":"PR\u00c9FET\nDU GARD\nRECUEIL DES ACTES\nADMINISTRATIFS SP\u00c9CIAL\n(NOMINATIFS)\nN\u00b030-2025-011\nPUBLI\u00c9 LE 17 JANVIER 2025\nSommaire\nDirection d\u00e9partementale de l'\u00e9conomie, de l'emploi, du travail et des\nsolidarit\u00e9s  /\n30-2025-12-13-00001 - R\u00e9c\u00e9piss\u00e9 de d\u00e9claration service \u00e0 la\npersonne CLASS PLUS par SERRE Claude le 13 d\u00e9cembre 2024 \u00e0\nOrsan.pdf (2 pages) Page 3\n30-2025-01-16-00006 - r\u00e9c\u00e9piss\u00e9 d\u00e9claration service \u00e0 la personne\nCOURVOISIER Victoria 933995789 le20 d\u00e9cembre 2024 \u00e0 N\u00eemes.pdf\n(2 pages) Page 6\n30-2025-01-03-00005 - R\u00e9c\u00e9piss\u00e9 d\u00e9claration service \u00e0 la\npersonne HOLIV tous services par Olivier HUGUET le 03 d\u00e9cembre 2024\n\u00e0 St Quentin la poterie.pdf (2 pages) Page 9\n30-2025-01-16-00007 - R\u00e9c\u00e9piss\u00e9 d\u00e9claration servie \u00e0 la personne\nDIETRICH Erika 938605094 le 16 d\u00e9cembre 2024 \u00e0 Vauvert.pdf (2 pages) Page 12\n30-2024-12-16-00005 - R\u00e9c\u00e9piss\u00e9 nettoyage courant drs b\u00e2timents\npar Antonia BATOR 932673221 \u00e0 Saint Gilles (2 pages) Page 15\nDirection des Services D\u00e9partementaux de l'Education Nationale du Gard /\n30-2025-01-16-00003 - ARRETE PORTANT NOMINATION DE LA DELEGUEE\nDEPARTEMENTALE A LA VIE ASSOCIATIVE DU GARD (2 pages) Page 18\nPrefecture du Gard / Cabinet du pr\u00e9fet\n30-2025-01-16-00004 - Arr\u00eat\u00e9 N\u00b030-2025-016-01 portant autorisation de\ndispositifs sp\u00e9ciaux de signalisation pour le transport de produits\nsanguins accord\u00e9e \u00e0 la soci\u00e9t\u00e9 Acheminements Sud Express (2\npages) Page 21\n2\nDirection d\u00e9partementale de l'\u00e9conomie, de\nl'emploi, du travail et des solidarit\u00e9s \n30-2025-12-13-00001\nR\u00e9c\u00e9piss\u00e9 de d\u00e9claration service \u00e0 la personne\nCLASS PLUS par SERRE Claude le 13 d\u00e9cembre\n2024 \u00e0 Orsan.pdf\nDirection d\u00e9partementale de l'\u00e9conomie, de l'emploi, du travail et des solidarit\u00e9s  - 30-2025-12-13-00001 - R\u00e9c\u00e9piss\u00e9 de d\u00e9claration\nservice \u00e0 la personne CLASS PLUS par SERRE Claude le 13 d\u00e9cembre 2024 \u00e0 Orsan.pdf 3\nal a | Direction D\u00e9partementale\nPRE  FET  de l'Emploi,  du Travail  et des Solidarit\u00e9s\nDU GARD\nLibert\u00e9\nEgalit\u00e9\nFraternit\u00e9\nR\u00e9c\u00e9piss\u00e9  de d\u00e9claration  n\u00b0 30-2025-01-15-\nd'un  organisme  de services  \u00e0 la personne\nenregistr\u00e9  sous  le n\u00b0 SAP  917768616\nLe pr\u00e9fet  du Gard\nChevalier  de la L\u00e9gion  d'Honneur\nChevalier  de l'Ordre  National  du M\u00e9rite\nVu le code du travail  et notamment  les articles  L.7231-1  \u00e0 L.7233-2,  R.7232-18  \u00e0 R.7232-24,\nD.7231-1  et D.7233-1  a D.7233-5  ;\nVu l'arr\u00eat\u00e9  du ministre  de l'int\u00e9rieur  et des  outre-mer  du 30 janvier  2024  nommant  Mme  Sophie\nBOUDOT,  attach\u00e9e  d'administration  hors  classe  de l'\u00e9tat,  directrice  d\u00e9partementale,  de l'emploi,\ndu travail  et des  solidarit\u00e9s  du Gard  ;\nVu l'arr\u00eat\u00e9  du 19 f\u00e9vrier  2024  donnant  d\u00e9l\u00e9gation  de signature  \u00e0 Madame  Sophie  BOUDOT,\ndirectrice  d\u00e9partementale  de l'emploi,  du travail  et des  solidarit\u00e9s  du Gard,  \u00e0 compter  du 19\nf\u00e9vrier  ; |\nVu l'arr\u00eat\u00e9  du 21 f\u00e9vrier  2024  portant  subd\u00e9l\u00e9gation  aux  agents  de la direction  d\u00e9partementale  de\nl'emploi,  du travail  et des  solidarit\u00e9s  ;\nVu la circulaire  DGE  du 11 avril  2019  relative  aux  activit\u00e9s  de services  \u00e0 la personne  : d\u00e9claration\net agr\u00e9ment  des  organismes  de services  \u00e0 la personne  ;\nConstate  :\nQu'une  d\u00e9claration  d'activit\u00e9s  de services  \u00e0 la personne  a \u00e9t\u00e9 d\u00e9pos\u00e9e  aupr\u00e8s  de la direction\nd\u00e9partementale  de l'emploi,  du travail  et des  solidarit\u00e9s,  le 13 d\u00e9cembre  2025,  par Monsieur\nSERRE  Claude  en qualit\u00e9  de responsable,  pour l'organisme  CLASS  PLUS  Siret 980743504\n00014  dont  l'\u00e9tablissement  principal  est situ\u00e9  au 268  CHEMIN  CHEMIN  DES  RIEUX  30200\nORSAN  et enregistr\u00e9e  sous  le n\u00b0 SAP  917768616  00018  pour  les activit\u00e9s  suivantes  :\nActivit\u00e9s  relevant  uniquement  de la d\u00e9claration  en mode  prestataire  :\ne Soutien  scolaire  ou cours  \u00e0 domicile\nToute  modification  concernant  les activit\u00e9s  exerc\u00e9es  devra  faire  l'objet  d'une  d\u00e9claration\nmodificative  pr\u00e9alable.\nSous  r\u00e9serve  d'\u00eatre  exerc\u00e9es  \u00e0 titre  exclusif  (ou sous  r\u00e9serve  d'une  comptabilit\u00e9  s\u00e9par\u00e9e  pour\nles personnes  morales  dispens\u00e9es  de cette  condition),  ces  activit\u00e9s  ouvrent  droit  au b\u00e9n\u00e9fice  des\ndispositions  des  articles  L. 7233-2  du code  du travail  et L. 241-10  du code  de la s\u00e9curit\u00e9  sociale\ndans  les conditions  pr\u00e9vues  par  ces  articles.\nMas  de l'Agriculture  \u2014 1120 route  de Saint  Gilles  \u2014 BP 39081  \u2014 30972  NIMES  CEDEX  9\nT\u00e9l : 04 30 08 61 20 \u2014 Fax  : 04 30 08 61 21 \u2014 www.gard.gouv.fr\nDirection d\u00e9partementale de l'\u00e9conomie, de l'emploi, du travail et des solidarit\u00e9s  - 30-2025-12-13-00001 - R\u00e9c\u00e9piss\u00e9 de d\u00e9claration\nservice \u00e0 la personne CLASS PLUS par SERRE Claude le 13 d\u00e9cembre 2024 \u00e0 Orsan.pdf 4\nLes effets  de la d\u00e9claration  courent  \u00e0 compter  du jour du d\u00e9p\u00f4t  de la d\u00e9claration  sous  r\u00e9serve  des\ndispositions  de l'article  R.7232-18  du code  du travail.\nLe pr\u00e9sent  r\u00e9c\u00e9piss\u00e9  est \u00e0 port\u00e9e  nationale  et n'est  pas  limit\u00e9  dans  le temps,  \u00e0 l'exception  des\nactivit\u00e9s  relevant  de l'agr\u00e9ment  dont  les effets  sont  limit\u00e9s  \u00e0 5 ans.\nL'enregistrement  de la d\u00e9claration  peut  \u00eatre  retir\u00e9  dans  les conditions  fix\u00e9es  aux  articles  R.7232-20\n\u00e0 R.7232-22  du code  du travail.\nLe pr\u00e9sent  r\u00e9c\u00e9piss\u00e9  sera publi\u00e9  au recueil  des actes  administratifs  de la pr\u00e9fecture  du\nGard.\nFait  a Nimes,  le 15 janvier  2025.\nentale  de l'emploi,\nand et par d\u00e9l\u00e9gationPour  la directrice  d\u00e9parte\ndu travail  et des  solidarit\u00e9s  du G\nP/La  dir\u00e9ctrige  & d\u00e9partementale\nde l'em  igi, du travail\nRenaud  MORIN.\nVoies  de recours  :\nLa pr\u00e9sente  d\u00e9cision  peut,  \u00e0 compter  de sa publication,  faire  l'objet  d'un  recours  gracieux  aupr\u00e8s\nde la Direction  D\u00e9partementale  de l'Emploi,  du Travail  et des  Solidarit\u00e9s-  Mas  de l'Agriculture  \u2014\n1120  route  de Saint  Gilles  \u2014 BP 39081  \u2014 30972  NIMES  CEDEX  9 ou d'un  recours  hi\u00e9rarchique\nadress\u00e9  au ministre  charg\u00e9  de l'\u00e9conomie  - Direction  g\u00e9n\u00e9rale  des  entreprises  - sous-direction  des\nservices  marchands,  6, rue Louise  Weiss,  75703  Paris  cedex13.\nElle peut \u00e9galement  faire l'objet  d'un recours  contentieux  dans un d\u00e9lai de deux mois \u00e0 compter  de\nsa publication  aupr\u00e8s  du Tribunal  administratif  de N\u00eemes  - 16 avenue  Feuch\u00e8res  - 30000  N\u00eemes.\nLe tribunal  administratif  peut  \u00eatre  saisi  par l'application  informatique  \u00abT\u00e9l\u00e9recours  citoyen\u00bb\naccessible  sur le site  internet  www.telerecours.fr.\nEn cas  de rejet  du recours  gracieux  ou hi\u00e9rarchique  ou en l'absence  de r\u00e9ponse  \u00e0 ce recours  (rejet\nimplicite),  un recours  contentieux  devant  le tribunal  administratif  peut  \u00e9galement  \u00eatre  form\u00e9  contre\nla d\u00e9cision  initiale  dans  un d\u00e9lai  de deux  mois  \u00e0 compter  de ce rejet.\nDirection d\u00e9partementale de l'\u00e9conomie, de l'emploi, du travail et des solidarit\u00e9s  - 30-2025-12-13-00001 - R\u00e9c\u00e9piss\u00e9 de d\u00e9claration\nservice \u00e0 la personne CLASS PLUS par SERRE Claude le 13 d\u00e9cembre 2024 \u00e0 Orsan.pdf 5\nDirection d\u00e9partementale de l'\u00e9conomie, de\nl'emploi, du travail et des solidarit\u00e9s \n30-2025-01-16-00006\nr\u00e9c\u00e9piss\u00e9 d\u00e9claration service \u00e0 la personne\nCOURVOISIER Victoria 933995789 le20\nd\u00e9cembre 2024 \u00e0 N\u00eemes.pdf\nDirection d\u00e9partementale de l'\u00e9conomie, de l'emploi, du travail et des solidarit\u00e9s  - 30-2025-01-16-00006 - r\u00e9c\u00e9piss\u00e9 d\u00e9claration\nservice \u00e0 la personne COURVOISIER Victoria 933995789 le20 d\u00e9cembre 2024 \u00e0 N\u00eemes.pdf 6\nPREFET  Direction  D\u00e9partementale\nDU GARD  de l'Emploi,  du Travail  et des  Solidarit\u00e9s\nLibert\u00e9\n\u00c9galit\u00e9\nFraternit\u00e9\nR\u00e9c\u00e9piss\u00e9  de d\u00e9claration  n\u00b0 30-2025-01-16-\nd'un  organisme  de services  \u00e0 la personne\nenregistr\u00e9  sous  le n\u00b0 SAP  933995789\nLe pr\u00e9fet  du Gard\nChevalier  de la L\u00e9gion  d'Honneur\nChevalier  de l'Ordre  National  du M\u00e9rite\nVu le code  du travail  et notamment  les articles  L.7231-1  \u00e0 L.7233-2,  R.7232-18  \u00e0 R.7232-24,  D.7231-\n1 et D.7233-1  \u00e0 D.7233-5  ;\nVu l'arr\u00eat\u00e9  du ministre  de l'Int\u00e9rieur  et des  outre-mer  du 30 janvier  2024  nommant  Mme  Sophie\nBOUDOT,  attach\u00e9e  d'administration  hors  classe  de l'\u00e9tat,  directrice  d\u00e9partementale,  de l'emploi,  du\ntravail  et des  solidarit\u00e9s  du Gard  ;\nVu l'arr\u00eat\u00e9  du 19 f\u00e9vrier  2024  donnant  d\u00e9l\u00e9gation  de signature  \u00e0 Madame  Sophie  BOUDOT,  directrice\nd\u00e9partementale  de l'emploi,  du travail  et des  solidarit\u00e9s  du Gard  ;\nVu l'arr\u00eat\u00e9  du 21 f\u00e9vrier  2024  portant  subd\u00e9l\u00e9gation  aux agents  de la direction  d\u00e9partementale  de\nl'emploi,  du travail  et des  solidarit\u00e9s  '\nVu la circulaire  DGE  du 11 avril  2019  relative  aux  activites  de services  a la personne  : declaration  et\nagr\u00e9ment  des  organismes  de services  \u00e0 la personne  ;\nConstate  :\nQu'une  d\u00e9claration  d'activit\u00e9s  de services  \u00e0 la personne  a \u00e9t\u00e9 d\u00e9pos\u00e9e  aupr\u00e8s  de la direction\nd\u00e9partementale  de l'emploi,  du travail  et des  solidarit\u00e9s,  le 20 d\u00e9cembre  2024,  par Victoria\nCOURVOISIER  en qualit\u00e9  de responsable,  pour  l'organisme  Victoria  COURVOISIER  Siret\nN\u00b0933995789  00015  dont  l'\u00e9tablissement  principal  est situ\u00e9  au 132  All\u00e9e  des  pins  30000  Nimes  et\nenregistr\u00e9e  sous  le n\u00b0 SAP  933995789  pour  les activit\u00e9s  suivantes  :\nActivit\u00e9s  relevant  uniquement  de la d\u00e9claration  en mode  prestataire  :\n+ Entretien  de la maison  et travaux  m\u00e9nagers\n\u00b0 Garde  d'enfants  de plus  de 3 ans  \u00e0 domicile\nToute  modification  concernant  les activit\u00e9s  exerc\u00e9es  devra  faire  l'objet  d'une  d\u00e9claration  modificative\npr\u00e9alable.\nSous  r\u00e9serve  d'\u00eatre  exerc\u00e9es  \u00e0 titre  exclusif  (ou sous  r\u00e9serve  d'une  comptabilit\u00e9  s\u00e9par\u00e9e  pour  les\npersonnes  morales  dispens\u00e9es  de cette  condition),  ces  activit\u00e9s  ouvrent  droit  au b\u00e9n\u00e9fice  des\ndispositions  des  articles  L. 7233-2  du code  du travail  et L. 241-10  du code  de la s\u00e9curit\u00e9  sociale  dans\nles conditions  pr\u00e9vues  par ces articles.\nLes effets  de la d\u00e9claration  courent  \u00e0 compter  du jour  du d\u00e9p\u00f4t  de la d\u00e9claration  sous  r\u00e9serve  des\ndispositions  de l'article  R.7232-18  du code  du travail.  |\nMas  de l'Agriculture  - 1120  route  de Saint  Gilles  - BP 39081  - 30972  NIMES  CEDEX  9\nT\u00e9l : 04 30 08 61 20 Fax : 04 30 08 61 21 www.gard.gouv.fr\nDirection d\u00e9partementale de l'\u00e9conomie, de l'emploi, du travail et des solidarit\u00e9s  - 30-2025-01-16-00006 - r\u00e9c\u00e9piss\u00e9 d\u00e9claration\nservice \u00e0 la personne COURVOISIER Victoria 933995789 le20 d\u00e9cembre 2024 \u00e0 N\u00eemes.pdf 7\nLe pr\u00e9sent  r\u00e9c\u00e9piss\u00e9  est a port\u00e9e  nationale  et n'est  pas  limit\u00e9  dans  le temps,  \u00e0 l'exception  des\nactivit\u00e9s  relevant  de l'agr\u00e9ment  dont  les effets  sont  limit\u00e9s  \u00e0 5 ans.\nL'enregistrement  de la d\u00e9claration  peut  \u00eatre  retir\u00e9  dans  les conditions  fix\u00e9es  aux  articles  R.7232-20  \u00e0\nR.7232-22  du code  du travail.\nLe pr\u00e9sent  r\u00e9c\u00e9piss\u00e9  sera  publi\u00e9  au recueil  des  actes  administratifs  de la pr\u00e9fecture  du Gard.  _\nFait  \u00e0 N\u00eemes,  le 16 janvier  2025\nPour  la directrice  d\u00e9partementale  de l'emploi,\ndu travail  et des  solidarit\u00e9s  du Gard  et par  d\u00e9l\u00e9gation\nle directeur  d\u00e9partemental  adjoint\nLe directeur  d\u00e9partemental  adjoint\nRenaud  MORIN\nVoies  de recours  :\nLa pr\u00e9sente  d\u00e9cision  peut,  \u00e0 compter  de sa publication,  faire  l'objet  d'un  recours  gracieux  aupr\u00e8s  de la\nDirection  D\u00e9partementale  de l'Emploi,  du Travail  et des  Solidarit\u00e9s-  Mas  de l'Agriculture  \u2014 1120  route\nde Saint  Gilles  \u2014 BP 39081  \u2014 30972  NIMES  CEDEX  9 ou d'un  recours  hi\u00e9rarchique  adress\u00e9  au\nministre  charg\u00e9  de l'\u00e9conomie  - Direction  g\u00e9n\u00e9rale  des  entreprises  - sous-direction  des  services\nmarchands,  6, rue Louise  Weiss,  75703  Paris  cedex13.\nElle  peut  \u00e9galement  faire  l'objet  d'un  recours  contentieux  dans  un d\u00e9lai  de deux  mois  \u00e0 compter  de sa\npublication  aupr\u00e8s  du Tribunal  administratif  de Nimes  - 16 avenue  Feuch\u00e8res  - 30000  Nimes.\nLe tribunal  administratif  peut  \u00eatre  saisi  par l'application  informatique  \u00abT\u00e9l\u00e9recours  citoyen\u00bb  accessible\nsur le site  internet  www.telerecours.  fr.\nEn  cas de rejet  du recours  gracieux  ou hi\u00e9rarchique  ou en l'absence  de r\u00e9ponse  a ce recours  (rejet\nimplicite),  un recours  contentieux  devant  le tribunal  administratif  peut  \u00e9galement  \u00eatre  form\u00e9  contre  la\nd\u00e9cision.initiale  dans  un d\u00e9lai  de deux  mois  \u00e0 compter  de ce rejet.\nDirection d\u00e9partementale de l'\u00e9conomie, de l'emploi, du travail et des solidarit\u00e9s  - 30-2025-01-16-00006 - r\u00e9c\u00e9piss\u00e9 d\u00e9claration\nservice \u00e0 la personne COURVOISIER Victoria 933995789 le20 d\u00e9cembre 2024 \u00e0 N\u00eemes.pdf 8\nDirection d\u00e9partementale de l'\u00e9conomie, de\nl'emploi, du travail et des solidarit\u00e9s \n30-2025-01-03-00005\nR\u00e9c\u00e9piss\u00e9 d\u00e9claration service \u00e0 la personne\nHOLIV tous services par Olivier HUGUET le 03\nd\u00e9cembre 2024 \u00e0 St Quentin la poterie.pdf\nDirection d\u00e9partementale de l'\u00e9conomie, de l'emploi, du travail et des solidarit\u00e9s  - 30-2025-01-03-00005 - R\u00e9c\u00e9piss\u00e9 d\u00e9claration\nservice \u00e0 la personne HOLIV tous services par Olivier HUGUET le 03 d\u00e9cembre 2024 \u00e0 St Quentin la poterie.pdf 9\nEn\nPREFET  Direction  D\u00e9partementale\nDU GARD  de l'Emploi,  du Travail  et des  Solidarit\u00e9s\nLibert\u00e9\nEgalit\u00e9\nFraternit\u00e9\nR\u00e9c\u00e9piss\u00e9  de d\u00e9claration  n\u00b0 30-2025-01-03-\nd'un  organisme  de services  \u00e0 la personne\nenregistr\u00e9  sous  le n\u00b0 SAP  938286259\nLe pr\u00e9fet  du Gard\nChevalier  de la L\u00e9gion  d'Honneur\nChevalier  de l'Ordre  National  du M\u00e9rite\nVu le code  du travail  et notamment  les articles  L.7231-1  \u00e0 L.7233-2,  R.7232-18  \u00e0 R.7232-24,  D.7231-\n1 et D.7233-1  \u00e0 D.7233-5  ;\nVu l'arr\u00eat\u00e9  du ministre  de l'Int\u00e9rieur  et des  outre-mer  du 30 janvier  2024  nommant  Mme  Sophie\nBOUDOT,  attach\u00e9e  d'administration  hors  classe  de l'\u00e9tat,  directrice  d\u00e9partementale,  de l'emploi,  du\ntravail  et des  solidarit\u00e9s  du Gard,  \u00e0 compter  du 19 f\u00e9vrier  2024  ;\nVu l'arr\u00eat\u00e9  du 19 f\u00e9vrier  2024  donnant  d\u00e9l\u00e9gation  de signature  \u00e0 Madame  Sophie  BOUDOT,  directrice\nd\u00e9partementale  de l'emploi,  du travail  et des  solidarit\u00e9s  du Gard  ;\nVu l'arr\u00eat\u00e9  du 21 f\u00e9vrier  2024  portant  subd\u00e9l\u00e9gation  aux agents  de la direction  d\u00e9partementale  de\nl'emploi,  du travail  et des  solidarit\u00e9s  ;\nVu la circulaire  DGE  du 11 avril  2019  relative  aux  activit\u00e9s  de services  \u00e0 la personne  : d\u00e9claration  et\nagr\u00e9ment  des  organismes  de services  \u00e0 la personne  ;\nConstate  :\nQu'une  d\u00e9claration  d'activit\u00e9s  de services  \u00e0 la personne  a \u00e9t\u00e9 d\u00e9pos\u00e9e  aupr\u00e8s  de la direction\nd\u00e9partementale  de l'emploi,  du travail  et des  solidarit\u00e9s,  le 03 d\u00e9cembre  2024,  par Olivier  HUGUET  en\nqualit\u00e9  de responsable,  pour  l'organisme  HOliv'tous  services  Siret  N\u00b0938286259  00016  dont\nl'\u00e9tablissement  principal  est situ\u00e9  au 670  chemin  de l'ancien  stade  30700  St Quentin  la Poterie  et\nenregistr\u00e9e  sous  le n\u00b0 SAP  938286259  pour  les activit\u00e9s  suivantes  :\nActivit\u00e9s  relevant  uniquement  de la d\u00e9claration  en mode  prestataire  :\n\u00a2 Petits  travaux  de jardinage\ne Travaux  de petit  bricolage\ne Entretien  de la maison  et travaux  m\u00e9nagers\nToute  modification  concernant  les activit\u00e9s  exerc\u00e9es  devra  faire  l'objet  d'une  d\u00e9claration  modificative\npr\u00e9alable.\nSous  r\u00e9serve  d'\u00eatre  exerc\u00e9es  \u00e0 titre  exclusif  (ou sous  r\u00e9serve  d'une  comptabilit\u00e9  s\u00e9par\u00e9e  pour  les\npersonnes  morales  dispens\u00e9es  de cette  condition),  ces  activit\u00e9s  ouvrent  droit  au b\u00e9n\u00e9fice  des\ndispositions  des  articles  L. 7233-2  du code  du travail  et L. 241-10  du code  de la s\u00e9curit\u00e9  sociale  dans\nles conditions  pr\u00e9vues  par ces  articles.\nMas  de l'Agriculture  - 1120  route  de Saint  Gilles  \u2014- BP 39081  - 30972  NIMES  CEDEX  9\nT\u00e9l : 04 30 08 61 20 Fax : 04 30 08 61 21 www.gard.gouv.fr\nDirection d\u00e9partementale de l'\u00e9conomie, de l'emploi, du travail et des solidarit\u00e9s  - 30-2025-01-03-00005 - R\u00e9c\u00e9piss\u00e9 d\u00e9claration\nservice \u00e0 la personne HOLIV tous services par Olivier HUGUET le 03 d\u00e9cembre 2024 \u00e0 St Quentin la poterie.pdf 10\nLes  effets  de la d\u00e9claration  courent  \u00e0 compter  du jour  du d\u00e9p\u00f4t  de la d\u00e9claration  sous  r\u00e9serve  des\ndispositions  de l'article  R.7232-18  du code  du travail.  |\nLe pr\u00e9sent  r\u00e9c\u00e9piss\u00e9  est \u00e0 port\u00e9e  nationale  et n'est  pas  limit\u00e9  dans  le temps,  \u00e0 l'exception  des\nactivit\u00e9s  relevant  de l'agr\u00e9ment  dont  les effets  sont  limit\u00e9s  \u00e0 5 ans.\nL'enregistrement  de la d\u00e9claration  peut  \u00eatre  retir\u00e9  dans  les conditions  fix\u00e9es  aux  articles  R.7232-20  \u00e0\nR.7232-22  du code  du travail.\nLe pr\u00e9sent  r\u00e9c\u00e9piss\u00e9  sera  publi\u00e9  au recueil  des  actes  administratifs  de la pr\u00e9fecture  du Gard.\nFait  \u00e0 N\u00eemes,  le 03 janvier  2025\nPour  la directrice.  d\u00e9partementale  de l'emploi,\ndu travail  et des solidarit\u00e9s  du Gard  et/par  d\u00e9l\u00e9gation\nai\n|\n_ @t par  d\u00e9l\u00e9gation\nLe directeur  d\u00e9partemental  adjoint\nVoies de recours  : Renaud  MORIN\nLa pr\u00e9sente  d\u00e9cision  peut,  \u00e0 compter  de sa publication,  faire  l'objet  d'un  recours  gracieux  aupr\u00e8s  de la\nDirection  D\u00e9partementale  de l'Emploi,  du Travail  et des  Solidarit\u00e9s-  Mas  de l'Agriculture  \u2014 1120  route\nde Saint  Gilles  \u2014 BP 39081  \u2014 30972  NIMES  CEDEX  9 ou d'un  recours  hi\u00e9rarchique  adress\u00e9  au\nministre  charg\u00e9  de l'\u00e9conomie  - Direction  g\u00e9n\u00e9rale  des  entreprises  - sous-direction  des  services\nmarchands,  6, rue Louise  Weiss,  75703  Paris  cedex13.\nElle peut \u00e9galement  faire l'objet  d'un recours  contentieux  dans un d\u00e9lai de deux mois \u00e0 compter  de sa\npublication  aupr\u00e8s  du Tribunal  administratif  de N\u00eemes  - 16 avenue  Feuch\u00e8res  - 30000  N\u00eemes.\nLe tribunal  administratif  peut  \u00eatre  saisi  par l'application  informatique  \u00abT\u00e9l\u00e9recours  citoyen\u00bb  accessible\nsur le site  internet  www.telerecours.fr.\nEn cas de rejet  du recours  gracieux  ou hi\u00e9rarchique  ou en l'absence  de r\u00e9ponse  \u00e0 ce recours  (rejet\nimplicite),  un recours  contentieux  devant  le tribunal  administratif  peut  \u00e9galement  \u00eatre  form\u00e9  contre  la\nd\u00e9cision  initiale  dans  un d\u00e9lai  de deux  mois  \u00e0 compter  de ce rejet.\nDirection d\u00e9partementale de l'\u00e9conomie, de l'emploi, du travail et des solidarit\u00e9s  - 30-2025-01-03-00005 - R\u00e9c\u00e9piss\u00e9 d\u00e9claration\nservice \u00e0 la personne HOLIV tous services par Olivier HUGUET le 03 d\u00e9cembre 2024 \u00e0 St Quentin la poterie.pdf 11\nDirection d\u00e9partementale de l'\u00e9conomie, de\nl'emploi, du travail et des solidarit\u00e9s \n30-2025-01-16-00007\nR\u00e9c\u00e9piss\u00e9 d\u00e9claration servie \u00e0 la personne\nDIETRICH Erika 938605094 le 16 d\u00e9cembre 2024\n\u00e0 Vauvert.pdf\nDirection d\u00e9partementale de l'\u00e9conomie, de l'emploi, du travail et des solidarit\u00e9s  - 30-2025-01-16-00007 - R\u00e9c\u00e9piss\u00e9 d\u00e9claration servie\n\u00e0 la personne DIETRICH Erika 938605094 le 16 d\u00e9cembre 2024 \u00e0 Vauvert.pdf 12\n|\nPREFET  Direction  D\u00e9partementale\nDU GARD  de l'Emploi,  du Travail  et des  Solidarit\u00e9s\nLibert\u00e9\nEgalit\u00e9\nFraternit\u00e9\nR\u00e9c\u00e9piss\u00e9  de d\u00e9claration  n\u00b0 30-2025-01-16-\nd'un  organisme  de services  \u00e0 la personne\nenregistr\u00e9  sous  le n\u00b0 SAP  938605094\nLe pr\u00e9fet  du Gard\nChevalier  de la L\u00e9gion  d'Honneur\nChevalier  de l'Ordre  National  du M\u00e9rite\nVu le code  du travail  et notamment  les articles  L.7231-1  \u00e0 L.7233-2,  R.7232-18  \u00e0 R.7232-24,  D.7231-\n1 et D.7233-1  \u00e0 D.7233-5  ;\nVu l'arr\u00eat\u00e9  du ministre  de l'Int\u00e9rieur  et des  outre-mer  du 30 janvier  2024  nommant  Mme  Sophie\nBOUDOT,  attach\u00e9e  d'administration  hors  classe  de l'\u00e9tat,  directrice  d\u00e9partementale,  de l'emploi,  du\ntravail  et des  solidarit\u00e9s  du Gard  ;\nVu l'arr\u00eat\u00e9  du 19 f\u00e9vrier  2024  donnant  d\u00e9l\u00e9gation  de signature  \u00e0 Madame  Sophie  BOUDOT,  directrice\nd\u00e9partementale  de l'emploi,  du travail  et des  solidarit\u00e9s  du Gard  ;\nVu l'arr\u00eat\u00e9  du 21 f\u00e9vrier  2024  portant  subd\u00e9l\u00e9gation  aux agents  de la direction  d\u00e9partementale  de\nl'emploi,  du travail  et des  solidarit\u00e9s  ;\nVu la circulaire  DGE  du 11 avril  2019  relative  aux  activit\u00e9s  de services  \u00e0 la personne  : d\u00e9claration  et\nagr\u00e9ment  des  organismes  de services  \u00e0 la personne  ;\nConstate  :\nQu'une  d\u00e9claration  d'activit\u00e9s  de services  \u00e0 la personne  a \u00e9t\u00e9 d\u00e9pos\u00e9e  aupr\u00e8s  de la direction\nd\u00e9partementale  de l'emploi,  du travail  et des  solidarit\u00e9s,  le 16 d\u00e9cembre  2024,  par Dietrich  Erika  en\nqualit\u00e9  de responsable,  pour  l'organisme  Dietrich  Erika  Siret  N\u00b0934922741  00012gpnt  l'\u00e9tablissement\nprincipal  est situ\u00e9  au 45 RUE  DES  JUIFS  30600  Vauvert  et enregistr\u00e9e  sous  le n\u00b0 SAP  938605094\npour  les activit\u00e9s  suivantes  :\nActivit\u00e9s  relevant  uniquement  de la d\u00e9claration  en mode  prestataire  :\nLivraison  de courses  \u00e0 domicile\nEntretien  de la maison  et travaux  m\u00e9nagers\nAssistance  informatique  \u00e0 domicile\nAssistance  administrative  \u00e0 domicile\nConduite  du v\u00e9hicule  des  personnes  en cas d'invalidit\u00e9  temporaire\nToute  modification  concernant  les activit\u00e9s  exerc\u00e9es  devra  faire  l'objet  d'une  d\u00e9claration  modificative\npr\u00e9alable.\nSous  r\u00e9serve  d'\u00eatre  exerc\u00e9es  \u00e0 titre  exclusif  (ou sous  r\u00e9serve  d'une  comptabilit\u00e9  s\u00e9par\u00e9e  pour  les\npersonnes  morales  dispens\u00e9es  de cette  condition),  ces activit\u00e9s  ouvrent  droit  au b\u00e9n\u00e9fice  des\ndispositions  des  articles  L. 7233-2  du code  du travail  et L. 241-10  du code  de la s\u00e9curit\u00e9  sociale  dans\nles conditions  pr\u00e9vues  par ces articles.  : |\nMas  de l'Agriculture  - 1120  route  de Saint  Gilles  \u2014 BP 39081  \u2014 30972  NIMES  CEDEX  9\nT\u00e9l : 04 30 08 61 20 Fax : 04 30 08 61 21 www.gard.gouv.fr\nDirection d\u00e9partementale de l'\u00e9conomie, de l'emploi, du travail et des solidarit\u00e9s  - 30-2025-01-16-00007 - R\u00e9c\u00e9piss\u00e9 d\u00e9claration servie\n\u00e0 la personne DIETRICH Erika 938605094 le 16 d\u00e9cembre 2024 \u00e0 Vauvert.pdf 13\nLes  effets  de la d\u00e9claration  courent  \u00e0 compter  du jour  du d\u00e9p\u00f4t  de la d\u00e9claration  sous  r\u00e9serve  des\ndispositions  de l'article  R.7232-18  du code  du travail.\nLe pr\u00e9sent  r\u00e9c\u00e9piss\u00e9  est \u00e0 port\u00e9e  nationale  et n'est  pas  limit\u00e9  dans  le temps,  \u00e0 l'exception  des\nactivit\u00e9s  relevant  de l'agr\u00e9ment  dont  les effets  sont  limit\u00e9s  \u00e0 5 ans.\nL'enregistrement  de la d\u00e9claration  peut  \u00eatre  retir\u00e9  dans  les conditions  fix\u00e9es  aux  articles  R.7232-20  \u00e0\nR.7232-22  du code  du travail.\nLe pr\u00e9sent  r\u00e9c\u00e9piss\u00e9  sera publi\u00e9  au recueil  des actes  administratifs  de la pr\u00e9fecture  du Gard.\nFait  \u00e0 N\u00eemes,  le 16 janvier  2025\nPour  la directrice  d\u00e9partementale  de l'emploi,\ndu travail  et des  solida\u00f1it\u00e9s  du Gard  et par d\u00e9l\u00e9gation\nle directeur  d\u00e9partemental  adjoint\nfe (A = gr\u00e9  an . ddanoctamerigle\nane fee or ue Soe >\npus et ees\nQE RINLe directeur  spams at adjoint\nRenaud  MORIN\nVoies  de recours  :\nLa pr\u00e9sente  d\u00e9cision  peut,  \u00e0 compter  de sa publication,  faire  l'objet  d'un  recours  gracieux  aupr\u00e8s  de la\nDirection  D\u00e9partementale  de l'Emploi,  du Travail  et des  Solidarit\u00e9s-  Mas  de l'Agriculture  \u2014 1120  route\nde Saint  Gilles  \u2014 BP 39081  \u2014 30972  NIMES  CEDEX  9 ou d'un recours  hi\u00e9rarchique  adress\u00e9  au\nministre  charg\u00e9  de l'\u00e9conomie  - Direction  g\u00e9n\u00e9rale  des  entreprises  - sous-direction  des  services\nmarchands,  6, rue Louise  Weiss,  75703  Paris  cedex13.\nElle  peut  \u00e9galement  faire  l'objet  d'un  recours  contentieux  dans  un d\u00e9lai  de deux  mois  \u00e0 compter  de sa\npublication  aupr\u00e8s  du Tribunal  administratif  de N\u00eemes  - 16 avenue  Feuch\u00e8res  - 30000  N\u00eemes.\nLe tribunal  administratif  peut  \u00eatre  saisi  par l'application  informatique  \u00abT\u00e9l\u00e9recours  citoyen\u00bb  accessible\nsur le site  internet  www.telerecours.  fr.\nEn cas  de rejet  du recours  gracieux  ou hi\u00e9rarchique  ou en l'absence  de r\u00e9ponse  \u00e0 ce recours  (rejet\nimplicite),  un recours  contentieux  devant  le tribunal  administratif  peut  \u00e9galement  \u00eatre  form\u00e9  contre  la\nd\u00e9cision  initiale  dans  un d\u00e9lai  de deux  mois  \u00e0 compter  de ce rejet.\nDirection d\u00e9partementale de l'\u00e9conomie, de l'emploi, du travail et des solidarit\u00e9s  - 30-2025-01-16-00007 - R\u00e9c\u00e9piss\u00e9 d\u00e9claration servie\n\u00e0 la personne DIETRICH Erika 938605094 le 16 d\u00e9cembre 2024 \u00e0 Vauvert.pdf 14\nDirection d\u00e9partementale de l'\u00e9conomie, de\nl'emploi, du travail et des solidarit\u00e9s \n30-2024-12-16-00005\nR\u00e9c\u00e9piss\u00e9 nettoyage courant drs b\u00e2timents par\nAntonia BATOR 932673221 \u00e0 Saint Gilles\nDirection d\u00e9partementale de l'\u00e9conomie, de l'emploi, du travail et des solidarit\u00e9s  - 30-2024-12-16-00005 - R\u00e9c\u00e9piss\u00e9 nettoyage\ncourant drs b\u00e2timents par Antonia BATOR 932673221 \u00e0 Saint Gilles 15\nPREFET  Direction  D\u00e9partementale\nDU GARD  de l'Emploi,  du Travail  et des  Solidarit\u00e9s\nLibert\u00e9  :\nEgalit\u00e9\nFraternit\u00e9\nR\u00e9c\u00e9piss\u00e9  de d\u00e9claration  n\u00b0 30-2024-12-16-\nd'un  organisme  de services  a la personne\nenregistr\u00e9  sous  le n\u00b0 SAP  932673221\nLe pr\u00e9fet  du Gard\nChevalier  de la L\u00e9gion  d'Honneur\nChevalier  de l'Ordre  National  du M\u00e9rite\nVu le code  du travail  et notamment  les articles  L.7231-1  \u00e0 L.7233-2,  R.7232-18  \u00e0 R.7232-24,  D.7231-\n1 et D.7233-1  \u00e0 D.7233-5  ;\nVu l'arr\u00eat\u00e9  du ministre  de l'Int\u00e9rieur  et des  outre-mer  du 30 janvier  2024  nommant  Mme  Sophie\nBOUDOT,  attach\u00e9e  d'administration  hors  classe  de l'\u00e9tat,  directrice  d\u00e9partementale,  de l'emploi,  du\ntravail  et des  solidarit\u00e9s  du Gard  ;\nVu l'arr\u00eat\u00e9  du 19 f\u00e9vrier  2024  donnant  d\u00e9l\u00e9gation  de signature  \u00e0 Madame  Sophie  BOUDOT,  directrice\nd\u00e9partementale  de l'emploi,  du travail  et des  solidarit\u00e9s  du Gard  ;\nVu l'arr\u00eat\u00e9  du 21 f\u00e9vrier  2024  portant  subd\u00e9l\u00e9gation  aux  agents  de la direction  d\u00e9partementale  de\nl'emploi,  du travail  et des  solidarit\u00e9s  ;\nVu la circulaire  DGE  du 11 avril 2019  relative  aux activit\u00e9s  de services  \u00e0 la personne  : d\u00e9claration  et\nagr\u00e9ment  des  organismes  de services  \u00e0 la personne  ;\nConstate  :\nQu'une  d\u00e9claration  d'activit\u00e9s  de services  \u00e0 la personne  a \u00e9t\u00e9 d\u00e9pos\u00e9e  aupr\u00e8s  de la direction\nd\u00e9partementale  de l'emploi,  du travail  et des  solidarit\u00e9s  par  Antonia  BATOR  en qualit\u00e9  de\nresponsable,  pour  l'organisme  Nettoyage  courant  des  b\u00e2timents  Siret  N\u00b0932673221  30800  dont\nl'\u00e9tablissement  principal  est situ\u00e9  au 9 Impasse  Bibette  30800  St gilles  et om  ace  sous  le n\u00b0 SAP\n932673221  pour  les activit\u00e9s  suivantes  :\nActivit\u00e9s  relevant  uniquement  de la d\u00e9claration  en mode  prestataire  :\ne Entretien  de la maison  et travaux  m\u00e9nagers\n+ Maintenance,  entretien  et vigilance  temporaires  a domicile\nToute  modification  concernant  les activit\u00e9s  exerc\u00e9es  devra  faire  l'objet  d'une  d\u00e9claration  modificative\npr\u00e9alable.\nSous  r\u00e9serve  d'\u00eatre  exerc\u00e9es  \u00e0 titre  exclusif  (ou sous  r\u00e9serve  d'une  comptabilit\u00e9  s\u00e9par\u00e9e  pour  les\npersonnes  morales  dispens\u00e9es  de cette  condition),  ces  activit\u00e9s  ouvrent  droit  au b\u00e9n\u00e9fice  des\ndispositions  des  articles  L. 7233-2  du code  du travail  et L. 241-10  du code  de la s\u00e9curit\u00e9  sociale  dans\nles conditions  pr\u00e9vues  par ces  articles.\nLes  effets  de la d\u00e9claration  courent  \u00e0 compter  du jour  du d\u00e9p\u00f4t  de la d\u00e9claration  sous  r\u00e9serve  des\ndispositions  de l'article  R.7232-18  du code  du travail.\nLe pr\u00e9sent  r\u00e9c\u00e9piss\u00e9  est \u00e0 port\u00e9e  nationale  et n'est  pas  limit\u00e9  dans  le temps,  \u00e0 l'exception  des\nMas de l'Agriculture  - 1120  route  de Saint  Gilles  \u2014 BP 39081  - 30972  NIMES  CEDEX  9\nT\u00e9l : 04 30 08 61 20 Fax : 04 30 08 61 21 www.gard.gouv.fr\nDirection d\u00e9partementale de l'\u00e9conomie, de l'emploi, du travail et des solidarit\u00e9s  - 30-2024-12-16-00005 - R\u00e9c\u00e9piss\u00e9 nettoyage\ncourant drs b\u00e2timents par Antonia BATOR 932673221 \u00e0 Saint Gilles 16\nactivit\u00e9s  relevant  de l'agr\u00e9ment  dont  les effets  sont  limit\u00e9s  a 5 ans.\nL'enregistrement  de la d\u00e9claration  peut  \u00e9tre  retir\u00e9  dans  les conditions  fix\u00e9es  aux  articles  R.7232-20  a\nR.7232-22  du code  du travail.\nLe pr\u00e9sent  r\u00e9c\u00e9piss\u00e9  sera  publi\u00e9  au recueil  des actes  administratifs  de la pr\u00e9fecture  du Gard.\nFait  a Nimes,  le 16 janvier  2025\nPour  la directrice  d\u00e9p\ndu travail  et des  solidarit\u00e9s  duementale  de l'emploi,\nard et par d\u00e9l\u00e9gation\nRenaud  MORIN\nVoies  de recours  :\nLa pr\u00e9sente  d\u00e9cision  peut,  \u00e0 compter  de sa publication,  faire  l'objet  d'un  recours  gracieux  aupr\u00e8s  de la\nDirection  D\u00e9partementale  de l'Emploi,  du Travail  et des  Solidarit\u00e9s-  Mas  de l'Agriculture  \u2014 1120  route\nde Saint  Gilles  \u2014 BP 39081  \u2014 30972  NIMES  CEDEX  9 ou d'un  recours  hi\u00e9rarchique  adress\u00e9  au\nministre  charg\u00e9  de l'\u00e9conomie  - Direction  g\u00e9n\u00e9rale  des  entreprises  - sous-direction  des  services\nmarchands,  6, rue Louise  Weiss,  75703  Paris  cedex13.\nElle peut \u00e9galement  faire l'objet  d'un recours  contentieux  dans un d\u00e9lai de deux mois \u00e0 compter  de sa\npublication  aupr\u00e8s  du Tribunal  administratif  de N\u00eemes  - 16 avenue  Feuch\u00e8res  - 30000  N\u00eemes.\nLe tribunal  administratif  peut \u00eatre saisi par l'application  informatique  \u00abT\u00e9l\u00e9recours  aiayens  accessible\nsur le site  internet  www.telerecours.fr.\nEn cas de rejet  du recours  gracieux  ou hi\u00e9rarchique  ou en l'absence  de r\u00e9ponse  \u00e0 ce recours  (rejet\nimplicite),  un recours  contentieux  devant  le tribunal  administratif  peut  \u00e9galement  \u00eatre  form\u00e9  contre  la\nd\u00e9cision  initiale  dans  un d\u00e9lai  de deux  mois  \u00e0 compter  de ce rejet.\nDirection d\u00e9partementale de l'\u00e9conomie, de l'emploi, du travail et des solidarit\u00e9s  - 30-2024-12-16-00005 - R\u00e9c\u00e9piss\u00e9 nettoyage\ncourant drs b\u00e2timents par Antonia BATOR 932673221 \u00e0 Saint Gilles 17\nDirection des Services D\u00e9partementaux de\nl'Education Nationale du Gard\n30-2025-01-16-00003\nARRETE PORTANT NOMINATION DE LA\nDELEGUEE DEPARTEMENTALE A LA VIE\nASSOCIATIVE DU GARD\nDirection des Services D\u00e9partementaux de l'Education Nationale du Gard - 30-2025-01-16-00003 - ARRETE PORTANT NOMINATION\nDE LA DELEGUEE DEPARTEMENTALE A LA VIE ASSOCIATIVE DU GARD 18\n| = | Service  d\u00e9partemental  \u00e0 la jeunesse,  \u00e0\nPR\u00c9FET  l'engagement  et aux sports\nDU GARD  |\nLibert\u00e9\nEgalit\u00e9\nFraternit\u00e9\nArr\u00eat\u00e9  n\u00b0\nau 16 JAN. 2025\nportant  nomination  de la d\u00e9l\u00e9gu\u00e9e  d\u00e9partementale  \u00e0 la vie associative  pour  le Gard\n%\nLe pr\u00e9fet  du Gard\nChevalier  de l'ordre  de la L\u00e9gion  d'honneur\nChevalier  de l'ordre  national  du M\u00e9rite\nVu le d\u00e9cret  n\u00b0 2010-146  du 16 f\u00e9vrier  2010  modifiant  le d\u00e9cret  n\u00b0 2004-374  du 29 avril  2004  relatif\naux  pouvoirs  des  pr\u00e9fets,  \u00e0 l'organisation  et \u00e0 l'action  des services  de l'Etat  dans  les r\u00e9gions  et\nd\u00e9partements  ;\nVu le d\u00e9cret  du 13 juillet  2023  portant  nomination  du pr\u00e9fet  du Gard  - M. BONET  (J\u00e9r\u00f4me)\nVu le d\u00e9cret  du 28 ao\u00fbt  2023  portant  nomination  du directeur  acad\u00e9mique  des  services  de\nl'Education  nationale  du Gard  - M. Mauny  (Christophe);\nVu le d\u00e9cret  n\u00b0 2020-1542  du 9 d\u00e9cembre  2020  relatif  aux  comp\u00e9tences  des autorit\u00e9s  acad\u00e9miques\ndans  le domaine  des  politiques  de la jeunesse,  de l'\u00e9ducation  populaire,  de la vie associative,  de\nl'engagement  civique  et des  sports  et \u00e0 l'organisation  des  services  charg\u00e9s  de leur  mise  en \u0153uvre\nVu l'arr\u00eat\u00e9  du 18 d\u00e9cembre  2020  portant  organisation  de la direction  de r\u00e9gion  acad\u00e9mique  \u00e0 la\njeunesse,  \u00e0 l'engagement  et aux  sports  d'Occitanie  et des  services  d\u00e9partementaux  de la jeunesse,\nde l'engagement  et des  sports  de la r\u00e9gion  acad\u00e9mique  Occitanie  ;\nVu la circulaire  du Premier  ministre  n\u00b0 4257/SG  du 28 juillet  1995  instituant  la cr\u00e9ation  d'un  d\u00e9l\u00e9gu\u00e9\nd\u00e9partemental  \u00e0 la vie associative  ;\nVu la circulaire  du Premier  ministre  n\u00b0 5811/SG  du 29 septembre  2015  relative  aux  nouvelles  relations\nentre  les pouvoirs  publics  et les associations  et \u00e0 la d\u00e9clinaison  de la charte  des  engagements\nr\u00e9ciproques  et soutien  public  aux  associations,  notamment  son  annexe  5 pr\u00e9cisant  les missions  des\nd\u00e9l\u00e9gu\u00e9s  \u00e0 la vie associative  ;\nConsid\u00e9rant  qu'il  convient  de renouveler  la d\u00e9signation  d'un  d\u00e9l\u00e9gu\u00e9  \u00e0 la vie associative  dans  le\nd\u00e9partement  du Gard;\nDirection des Services D\u00e9partementaux de l'Education Nationale du Gard - 30-2025-01-16-00003 - ARRETE PORTANT NOMINATION\nDE LA DELEGUEE DEPARTEMENTALE A LA VIE ASSOCIATIVE DU GARD 19\nSur  proposition  du chef  du service  d\u00e9partemental  \u00e0 la jeunesse,  \u00e0 l'engagement  et aux  sports  du\nGard;\nARRETE\nArticle  1: |\nMadame  Sabine  Pierredon,  conseill\u00e8re  d'\u00e9ducation  populaire  et de jeunesse  au sein  du service\nd\u00e9partemental  \u00e0 la jeunesse,  \u00e0 l'engagement  et aux  sports  de la direction  des  services\nd\u00e9partementaux  de l'Education  nationale  du Gard,  est nomm\u00e9e  d\u00e9l\u00e9gu\u00e9e  d\u00e9partementale  \u00e0 la vie\nassociative  dans  le d\u00e9partement  du Gard.\nArticle  2 :\nLes missions  du d\u00e9l\u00e9gu\u00e9  d\u00e9partemental  \u00e0 la vie associative  dans  le d\u00e9partement  portent\nnotamment  sur le soutien  et le suivi  du r\u00e9seau  d'accompagnement  \u00e0 la vie associative  locale,  la\ncontribution  au d\u00e9veloppement  de la vie associative  locale,  en facilitant  l'engagement  b\u00e9n\u00e9vole  et\nla prise  de responsabilit\u00e9,  ainsi  que  la professionnalisation  et le d\u00e9veloppement  des  comp\u00e9tences\nassociatives.  |\nArticle  3 :\nL'arr\u00eat\u00e9  pr\u00e9fectoral  n\u00b0 30-2022-12-02-0002  du 2 d\u00e9cembre  2022  portant  nomination  du d\u00e9l\u00e9gu\u00e9\nd\u00e9partemental  \u00e0 la vie associative  est abrog\u00e9.\nArticle  4 :\nLe pr\u00e9sent  arr\u00eat\u00e9  est  susceptible,  dans  un d\u00e9lai  de deux  mois  \u00e0 compter  de sa notification,  de\nfaire  l'objet  :\n- soit  d'un  recours  gracieux  devant  l'auteur  de la d\u00e9cision,\n- soit  d'un  recours  hi\u00e9rarchique,\n- soit  d'un  recours  contentieux  devant  le tribunal  administratif  de N\u00eemes.  Le tribunal  administratif\npeut  aussi  \u00eatre  saisi  par l'application  informatique  \u00ab T\u00e9l\u00e9recours  Citoyens  \u00bb accessible  sur le site\nwww.telerecours.fr.\nEn cas de rejet  implicite  ou explicite  du recours  gracieux  ou hi\u00e9rarchique,  selon  les dispositions  de\nl'article  R. 421-1  du code  de justice  administrative,  un recours  contentieux  peut  \u00eatre  exerc\u00e9  dans  un\nd\u00e9lai  de deux  mois  a compter  de ce rejet.\nArticle  5:\nLe secr\u00e9taire  g\u00e9n\u00e9ral  de la pr\u00e9fecture  et le directeur  acad\u00e9mique  des  services  d\u00e9partementaux  de\nl'\u00e9ducation  nationale  du Gard  sont  charg\u00e9s,  chacun  en ce qui le concerne,  de l'ex\u00e9cution  du pr\u00e9sent\narr\u00eat\u00e9  qui sera  publi\u00e9  au recueil  des  actes  administratifs  de la pr\u00e9fecture  et notifi\u00e9  a l'int\u00e9ress\u00e9e.\nLe pr\u00e9fet\nTT  J\u00e9r\u00f4me BONET\nDirection des Services D\u00e9partementaux de l'Education Nationale du Gard - 30-2025-01-16-00003 - ARRETE PORTANT NOMINATION\nDE LA DELEGUEE DEPARTEMENTALE A LA VIE ASSOCIATIVE DU GARD 20\nPrefecture du Gard\n30-2025-01-16-00004\nArr\u00eat\u00e9 N\u00b030-2025-016-01 portant autorisation de\ndispositifs sp\u00e9ciaux de signalisation pour le\ntransport de produits sanguins accord\u00e9e \u00e0 la\nsoci\u00e9t\u00e9 Acheminements Sud Express\nPrefecture du Gard - 30-2025-01-16-00004 - Arr\u00eat\u00e9 N\u00b030-2025-016-01 portant autorisation de dispositifs sp\u00e9ciaux de signalisation pour\nle transport de produits sanguins accord\u00e9e \u00e0 la soci\u00e9t\u00e9 Acheminements Sud Express 21\nEE  a  Cabinet  du pr\u00e9fet\n> Cellule  s\u00e9curit\u00e9  routi\u00e8re\nPR\u00c9FET  |\nDU GARD\nLibert\u00e9\n\u00c9galit\u00e9\nFraternit\u00e9\nARR\u00caT\u00c9  N\u00b0 30-2025-  01\u20ac -\u00a91\nportant  autorisation  de dispositifs  sp\u00e9ciaux  de signalisation  pour  le transport  de produits  sanguins\naccord\u00e9e  \u00e0 la soci\u00e9t\u00e9  Acheminements  Sud  Express\nLe pr\u00e9fet  du Gard\nChevalier  de la L\u00e9gion  d'Honneur,\nChevalier  de l'Ordre  National  du M\u00e9rite\nVu le Code  de la route  et notamment  les articles  R.311-1,  R.313-27  et R.313-34  ;\nVu l'arr\u00eat\u00e9  du 3 juillet  1974  modifi\u00e9  relatif  aux avertisseurs  sonores  sp\u00e9ciaux  des v\u00e9hicules  \u00e9quip\u00e9s  des\nfeux  sp\u00e9ciaux  de cat\u00e9gorie  B pr\u00e9vus  \u00e0 l'article  R.313-27  du code  de la route  ;\nVu l'arr\u00eat\u00e9  du 30 octobre  1987  modifi\u00e9  relatif  aux dispositifs  sp\u00e9ciaux  de signalisation  des v\u00e9hicules\nd'intervention  urgente  ;\nVu l'arr\u00eat\u00e9  du 24 avril 2002  portant  homologation  du r\u00e8glement  relatif  aux bonnes  pratiques  de transport\ndes  pr\u00e9l\u00e8vements,  produits  et \u00e9chantillons  issus  du sang  humain  ;\nVu le d\u00e9cret  N\u00b0 2004-374  du 29 avril  2004,  relatif  au pouvoir  des  pr\u00e9fets,  \u00e0 l'organisation  et \u00e0 l'action  des\nservices  de l'\u00c9tat  dans  les r\u00e9gions  et d\u00e9partements  ;\nVu le d\u00e9cret  du 13 juillet  2023  nommant  M. J\u00e9r\u00f4me  BONET  pr\u00e9fet  du Gard;\nVu l'arr\u00eat\u00e9  n\u00b030-2024-10-18-00009  du 18 octobre  2024  donnant  d\u00e9l\u00e9gation  de signature  \u00e0 Mme  Marie-\nCharlotte  EUVRARD,  sous-pr\u00e9f\u00e8te,  directrice  de cabinet  du pr\u00e9fet  du Gard  ;\nVu la demande  en date  du 5 f\u00e9vrier  2024  de la soci\u00e9t\u00e9  Acheminements  Sud  Express  (ASE),  N\u00b0 de SIRET\n413 064  411 00023,  sise  5B rue Traversi\u00e8re  30900  N\u00ceMES,  repr\u00e9sent\u00e9e  par M. Laurent  DESPR\u00c9S,  sollicitant\nla possibilit\u00e9  d'utiliser  des  dispositifs  sp\u00e9ciaux  de signalisation  pour  leurs  v\u00e9hicules  transportant  des  :\nproduits  sanguins  labiles  ;\nVu l'avis  favorable  du directeur  g\u00e9n\u00e9ral  de l'agence  r\u00e9gionale  de sant\u00e9  Occitanie  en date  du 9 d\u00e9cembre\n2024  ;\nConsid\u00e9rant  qu'il  est n\u00e9cessaire,  au regard  de certaines  situations  d'urgence  et des  contraintes  li\u00e9es  au\ntemps  d'acheminement,  que  les v\u00e9hicules  transportant  des  produits  sanguins  labiles  puissent  se signaler\npour  b\u00e9n\u00e9ficier  de facilit\u00e9s  de passage  ;\nH\u00f4tel  de la Pr\u00e9fecture\n10 avenue  Feuch\u00e9res  - 30 045  NIMES  CEDEX  9\nT\u00e9l :04 66 36 43 90\nFax : 04.66.36.00.87  - www.gard.gouv.fr\n1/2\nPrefecture du Gard - 30-2025-01-16-00004 - Arr\u00eat\u00e9 N\u00b030-2025-016-01 portant autorisation de dispositifs sp\u00e9ciaux de signalisation pour\nle transport de produits sanguins accord\u00e9e \u00e0 la soci\u00e9t\u00e9 Acheminements Sud Express 22\nSur  proposition  de la directrice  de cabinet  du pr\u00e9fet  du Gard:\nARR\u00caTE\nARTICLE  1:\nLes v\u00e9hicules  de la soci\u00e9t\u00e9  Acheminements  Sud  Express  identifi\u00e9s  ci-dessous  :\n- Marque  Peugeot,  mod\u00e8le  Expert,  immatricul\u00e9  GK-330-ME,\n- Marque  Peugeot,  mod\u00e8le  208,  immatricul\u00e9  GN-408-ZE,\nutilis\u00e9s  pour  le transport  de produits  sanguins  labiles  sont  consid\u00e9r\u00e9s,  conform\u00e9ment  \u00e0 l'article  R.311-1  du\ncode  de la route,  comme  des  v\u00e9hicules  d'int\u00e9r\u00eat  g\u00e9n\u00e9ral  b\u00e9n\u00e9ficiant  de facilit\u00e9  de passage.\n_ Ces  v\u00e9hicules  sont  autoris\u00e9s  \u00e0 \u00eatre  \u00e9quip\u00e9s  de dispositifs  lumineux  de cat\u00e9gorie  B \u00e9mettant  une  lumi\u00e8re\nbleue  \u00e0 faisceaux  stationnaires  clignotants,  plac\u00e9s  dans  la partie  sup\u00e9rieure  du v\u00e9hicule,  ainsi  que\nd'avertisseurs  sonores  sp\u00e9ciaux  dont  les caract\u00e9ristiques  sont  conformes  au cahier  des  charges  figurant\ndans  l'arr\u00eat\u00e9  du 3 juillet  1974  susvis\u00e9.\nARTICLE  2:\nCes  v\u00e9hicules  ne peuvent  faire  usage  de ces dispositifs  lumineux  ainsi  que  des  avertisseurs  sp\u00e9ciaux  qu'\u00e0\nl'occasion  d'interventions  dans  des  situations  d'urgence  vitale.\nARTICLE  3 :\nLe b\u00e9n\u00e9ficiaire  s'engage,  en cas de contr\u00f4le  des  services  comp\u00e9tents,  \u00e0 pr\u00e9senter  un exemplaire  de la\npr\u00e9sente  d\u00e9cision.\nARTICLE  4:\nLe pr\u00e9sent  arr\u00eat\u00e9  peut  faire  l'objet  d'un  recours  administratif  aupr\u00e8s  du pr\u00e9fet  du Gard  (pr\u00e9fecture  du Gard\n30045  Nimes  Cedex  9), d'un  recours  hi\u00e9rarchique  adress\u00e9  a Monsieur  le ministre  de l'Int\u00e9rieur  - place  Beauvau\n75 800  Paris)  ou d'un  recours  contentieux  devant  le tribunal  administratif  de Nimes,  dans  un d\u00e9lai  de deux  mois\nsuivant  sa publication.  Le tribunal  administratif  peut  aussi  \u00eatre  saisi  par l'application  informatique  \"T\u00e9l\u00e9recours\nCitoyens\"  accessible  par  le site  internet  www.telerecours.fr\nARTICLE  5:\nLa directrice  de cabinet  du pr\u00e9fet  du Gard  est charg\u00e9e  de l'ex\u00e9cution  du pr\u00e9sent  arr\u00eat\u00e9  qui sera  publi\u00e9  au\nrecueil  des  actes  administratifs  de la pr\u00e9fecture  du Gard.\nN\u00eemes,  le \u00ce 6 JAN. 2925\nMarie-Charlotte  EUVRARD\n2/2\nPrefecture du Gard - 30-2025-01-16-00004 - Arr\u00eat\u00e9 N\u00b030-2025-016-01 portant autorisation de dispositifs sp\u00e9ciaux de signalisation pour\nle transport de produits sanguins accord\u00e9e \u00e0 la soci\u00e9t\u00e9 Acheminements Sud Express 23","date":"2025-01-17","first_seen_on":"2025-01-17T15:07:51+00:00","id":"d0401c4931e396ede4b41a0b435e6ae5142258dcbfd35aa7481e4051c1c83e9a","name":"recueil-30-2025-011-nominatifs du 17 01 2025","pdf_creation_date":"2025-01-17T14:57:50+00:00","pdf_modification_date":null,"timezone":"CET","url":"https://www.gard.gouv.fr/contenu/telechargement/61666/457501/file/recueil-30-2025-011-nominatifs%20du%2017%2001%202025.pdf"}
