{"administration":"pref37","administration_name":"Pr\u00e9fecture d\u2019Indre-et-Loire","content":"INDRE-ET-LOIRE\nRECUEIL DES ACTES\nADMINISTRATIFS SP\u00c9CIAL\n(NOMINATIFS)\nN\u00b037-2025-12004\nPUBLI\u00c9 LE  2 D\u00c9CEMBRE 2025\nSommaire\nDirection d\u00e9partementale de l'emploi, du travail et des solidarit\u00e9s / P\u00f4le\ninsertion emploi, et protection des plus vuln\u00e9rables\n37-2025-12-02-00002 - Auchan ARS - Arr\u00eat\u00e9 d\u00e9rogation repos\ndominical le 21 d\u00e9cembre 2025 (2 pages) Page 3\n2\nDirection d\u00e9partementale de l'emploi, du travail\net des solidarit\u00e9s\n37-2025-12-02-00002\nAuchan ARS - Arr\u00eat\u00e9 d\u00e9rogation repos dominical\nle 21 d\u00e9cembre 2025\nDirection d\u00e9partementale de l'emploi, du travail et des solidarit\u00e9s - 37-2025-12-02-00002 - Auchan ARS - Arr\u00eat\u00e9 d\u00e9rogation repos\ndominical le 21 d\u00e9cembre 2025 3\nDirection d\u00e9partementalede l'emploi, du travail et des solidarit\u00e9s\nARRETEPortant d\u00e9rogation a la regle du repos dominicalLe pr\u00e9fet d'Indre-et-LoireChevalier de la L\u00e9gion d'honneurChevalier de l'Ordre National du M\u00e9riteVu les articles L. 3132-20, L. 3132-21, L. 3132-25-3 et L. 3132-25-4 du Code du Travail ;Vu le d\u00e9cret du 6 novembre 2024 portant nomination de M. Thomas CAMPEAUX en qualit\u00e9 de pr\u00e9fetd'Indre-et-Loire;Vu l'arr\u00eat\u00e9 du ministre de l'int\u00e9rieur du 9 juin 2023 portant nomination de Mme Guillemette RABIN dansses fonctions de directrice d\u00e9partementale de l'emploi, du travail et des solidarit\u00e9s d'Indre-et-Loire pourune dur\u00e9e de quatre ans \u00e0 compter du 3 juillet 2023;Vu l'arr\u00eat\u00e9 du pr\u00e9fet d'Indre-et-Loire en date du 24 mars 2025 donnant d\u00e9l\u00e9gation de signature \u00e0 MmeGuillemette RABIN, directrice d\u00e9partementale de l'emploi, du travail et des solidarit\u00e9s d'Indre-et-Loire;Vu la d\u00e9cision du 06 octobre 2025 donnant d\u00e9l\u00e9gation de signature aux agents de la directiond\u00e9partementale de l'emploi, du travail et des solidarit\u00e9s;Vu la demande pr\u00e9sent\u00e9e le 09 octobre 2024 par la soci\u00e9t\u00e9 AUCHAN RETAIL SERVICES pour son\u00e9tablissement situ\u00e9 \u00e0 Chanceaux sur Choisille afin d'employer les salari\u00e9s le dimanche 21 d\u00e9cembre 2025;Vu l'avis du CSE du 20 mars 2025;Apres consultation de la Chambre de Commerce et d'industrie d'Indre et Loire, des UnionsD\u00e9partementales ou Locales des Syndicats C.F.D.T, C.FT.C, FO, C.F.E/C.G.C et UNSA, du MEDEF et de laCPME 37;Consid\u00e9rant le volontariat des personnels ;Sur avis de la Directrice d\u00e9partementale de la DDETS d'Indre-et-Loire;Sur proposition de M. le Secr\u00e9taire g\u00e9n\u00e9ral de la Pr\u00e9fecture d'Indre-et-Loire :\n \n \n \n \n \n \n \n \n \n \n \n  \n \n \n \n \n \n \n \n \n \n \nDirection d\u00e9partementale de l'emploi, du travail et des solidarit\u00e9s - 37-2025-12-02-00002 - Auchan ARS - Arr\u00eat\u00e9 d\u00e9rogation repos\ndominical le 21 d\u00e9cembre 2025 4\nARRETEArticle 1: La demande de d\u00e9rogation \u00e0 l'interdiction d'occuper le personnel salari\u00e9 le dimanche 22d\u00e9cembre 2024, pr\u00e9sent\u00e9e par la soci\u00e9t\u00e9 AUCHAN RETAIL SERVICES pour son \u00e9tablissement situ\u00e9 aChanceaux sur Choisille, est accord\u00e9e.Article 2 : Les heures de travail effectu\u00e9es seront indemnis\u00e9es et r\u00e9cup\u00e9r\u00e9es selon les modalit\u00e9s annex\u00e9es\u00e0 la demande.Article 3 : Le pr\u00e9sent arr\u00eat\u00e9 est susceptible, dans un d\u00e9lai de deux mois \u00e0 compter de sa notification oude sa publication de faire l'objet :d'un recours gracieux devant le pr\u00e9fet d'Indre-et-Loire ;d'un recours hi\u00e9rarchique devant la Ministre du Travail, de la Sant\u00e9 et des Solidarit\u00e9s ;d'un recours contentieux devant le tribunal administratif d'Orl\u00e9ans \u2014 28, rue de la Bretonnerie \u201445057 Orl\u00e9ans Cedex 1 par voie postale ou par voie d\u00e9mat\u00e9rialis\u00e9e via \u00ab t\u00e9l\u00e9recours citoyen \u00bbaccessible sur le site Internet www.telerecours.fr.Article 4: M. le Secr\u00e9taire G\u00e9n\u00e9ral de la Pr\u00e9fecture, Mme la Directrice D\u00e9partementale de l'Emploi, duTravail et des Solidarit\u00e9s d'Indre et Loire, Mme la Directrice D\u00e9partementale de la S\u00e9curit\u00e9 Publique ettous les autres agents la Force Publique sont charg\u00e9s, chacun en ce qui le concerne, de l'ex\u00e9cution dupr\u00e9sent arr\u00eat\u00e9 qui sera publi\u00e9 au Recueil des Actes Administratifs de la Pr\u00e9fecture.Fait \u00e0 Tours, le 2 d\u00e9cembre 2025Pour le pr\u00e9fet et par d\u00e9l\u00e9gation, la directrice d\u00e9partementale de l'emploi, du travail et des solidarit\u00e9s,Sign\u00e9Guillemette RABIN\n \n \n,\n  \n\u2022 \n  \n\u2022 \n\u2022 \n \n  \n \n \n         \n \nDirection d\u00e9partementale de l'emploi, du travail et des solidarit\u00e9s - 37-2025-12-02-00002 - Auchan ARS - Arr\u00eat\u00e9 d\u00e9rogation repos\ndominical le 21 d\u00e9cembre 2025 5","date":"2025-12-02","first_seen_on":"2025-12-02T15:16:44+00:00","id":"d07e98f6294a6ce19a8fe4136f0e48da0956cfe1d11c23a105198f3c790d99b8","name":"2025-12-02 RAA sp\u00e9cial nominatif Auchan ARS - Arr\u00eat\u00e9 d\u00e9rogation repos dominical le 21 d\u00e9cembre 2025.pdf","pdf_creation_date":"2025-12-02T14:49:31+00:00","pdf_modification_date":null,"timezone":"Europe/Paris","url":"https://www.indre-et-loire.gouv.fr/contenu/telechargement/48219/332190/file/2025-12-02%20RAA%20sp%C3%A9cial%20nominatif%20Auchan%20ARS%20-%20Arr%C3%AAt%C3%A9%20d%C3%A9rogation%20repos%20dominical%20le%2021%20d%C3%A9cembre%202025.pdf"}
