{"administration":"pref83","administration_name":"Pr\u00e9fecture du Var","content":"VAR\nRECUEIL DES ACTES\nADMINISTRATIFS SP\u00c9CIAL\n(NOMINATIFS)\nN\u00b083-2025-132\nPUBLI\u00c9 LE 17 AVRIL 2025\nSommaire\nCentre p\u00e9nitentiaire Toulon La Farl\u00e8de  / Direction du centre\np\u00e9nitentiaire Toulon La Farl\u00e8de\n83-2025-04-03-00012 - Arr\u00eat\u00e9 d\u00e9signation OS CSA 03.04.2025 (2\npages) Page 3\n83-2025-04-03-00013 - Arr\u00eat\u00e9 d\u00e9signation OS CSA FS 03.04.2025 (2\npages) Page 6\nDirection d\u00e9partementale de l'emploi, du travail et des solidarit\u00e9s du Var\n/ Direction de la DDETS\n83-2025-04-16-00005 - 261-2025-DecisionRenonciation D1827540 YO\nNETTOYAGE du 160425 (1 page) Page 9\n83-2025-04-16-00006 - 262-2025-recepisse declaration modificative\nBERNARD CHARLES du 16042025 (2 pages) Page 11\n83-2025-04-16-00007 - 265-2025-recepisse d\u00e9claration MICHEL\nTORDJMAN du 160425 (2 pages) Page 14\n83-2025-04-16-00008 - 266-2025-recepisse declaration SAS FAUCONNIER\nDIANE du 16042025 (1 page) Page 17\n2\nCentre p\u00e9nitentiaire Toulon La Farl\u00e8de \n83-2025-04-03-00012\nArr\u00eat\u00e9 d\u00e9signation OS CSA 03.04.2025\nCentre p\u00e9nitentiaire Toulon La Farl\u00e8de  - 83-2025-04-03-00012 - Arr\u00eat\u00e9 d\u00e9signation OS CSA 03.04.2025 3\nMINISTEREDE LA JUSTICELibert\u00e9Egalit\u00e9Fraternit\u00e9\n \n \nDirection de \nl'administration p\u00e9nitentiaire \n \n \n  \n  \n \nArr\u00eat\u00e9 du 03 avril 2025  \nfixant la liste des repr\u00e9sentants des organisations syndicales aptes \u00e0 si\u00e9ger en comit\u00e9 social \nd'administration pour le centre p\u00e9nitentiaire de Toulon \u2013 La Farl\u00e8de \nAnnule et remplace l'arr\u00eat\u00e9 du 17.01.2025 \nLe Chef d'\u00e9tablissement du Centre P\u00e9nitentiaire de Toulon \u2013 La Farl\u00e8de, \nVu le code g\u00e9n\u00e9ral de la fonction publique ; \nVu le d\u00e9cret n\u00b0 2020 -1427 du 20 novembre 2020 modifi\u00e9 relatif aux comit\u00e9s sociaux \nd'administration dans les administrations et les \u00e9tablissements publics de l'Etat ;  \nVu l'arr\u00eat\u00e9 du 25 avril 2022 modifi\u00e9 portant cr\u00e9ation des comit\u00e9s sociaux d'administration \nrelevant du minist\u00e8re de la justice ; \nVu les proc\u00e8s-verbaux de d\u00e9pouillement des scrutins \u00e9tablis le 8 d\u00e9cembre 2022  ; \nVu l'arr\u00eat\u00e9 du 16 d\u00e9cembre 2022 fixant la liste des organisations syndicales habilit\u00e9es \u00e0 d\u00e9signer \ndes repr\u00e9sentants du personnel au sein des comit\u00e9s sociaux d'administration institu\u00e9s dans les \n\u00e9tablissements et services du ressort de la direction interr\u00e9gionale des services p\u00e9nitentiaires \nde Marseille et le nombre de si\u00e8ges attribu\u00e9 \u00e0 chacune d'elles ; \n \nVu les d\u00e9signations effectu\u00e9es par les organisations syndicales. \nArr\u00eate : \nArticle 1er \nLa liste des organisations syndicales et de leurs repr\u00e9sentants si\u00e9geant au sein du comit\u00e9 social \nd'administration du Centre P\u00e9nitenti aire de Toulon \u2013 La Farl\u00e8de  et le nombre de si\u00e8ges de \ntitulaires et de suppl\u00e9ants attribu\u00e9s \u00e0 chacune d'elles sont fix\u00e9s comme suit  : \n \nOrganisation \nsyndicale \nNombre de \nsi\u00e8ge Titulaires Suppl\u00e9ants \nUFAP           2 - M. David MANTION \n- M. Alain DAMETTE \n- M. Eric BRECQUEVILLE \n- Mme Farrah BELOUFA \nFO 1 - Mme C\u00e9line SEMIC  - M. Ludovic BAREZ \nSPS 1 - Mme Hayatte NEHAD - Mme Anissa BENAKLI \nCentre p\u00e9nitentiaire Toulon La Farl\u00e8de  - 83-2025-04-03-00012 - Arr\u00eat\u00e9 d\u00e9signation OS CSA 03.04.2025 4\nMINISTEREDE LA JUSTICELibert\u00e9Egalit\u00e9Fraternit\u00e9\n \n \nDirection de \nl'administration p\u00e9nitentiaire \n \n \n \n \nArticle 2 \nLes dispositions de l'article 1er annulent et remplacent toutes dispositions ant\u00e9rieures. \nArticle 3 \nLe Chef d'\u00e9tablissement du Centre P\u00e9nitentiaire de Toulon \u2013 La Farl\u00e8de  est charg\u00e9 (e) de \nl'application de la pr\u00e9sente d\u00e9cision, qui sera publi\u00e9e au recueil des actes administratifs de la \npr\u00e9fecture du Var. \nFait \u00e0 La Farl\u00e8de      \nLe 03/04/2025    \n  \nPour le Pr\u00e9fet et par d\u00e9l\u00e9gation, \nLe Chef d'\u00e9tablissement, \nSign\u00e9 \nJean-Pierre CHARPENTIER-TITY \nCentre p\u00e9nitentiaire Toulon La Farl\u00e8de  - 83-2025-04-03-00012 - Arr\u00eat\u00e9 d\u00e9signation OS CSA 03.04.2025 5\nCentre p\u00e9nitentiaire Toulon La Farl\u00e8de \n83-2025-04-03-00013\nArr\u00eat\u00e9 d\u00e9signation OS CSA FS 03.04.2025\nCentre p\u00e9nitentiaire Toulon La Farl\u00e8de  - 83-2025-04-03-00013 - Arr\u00eat\u00e9 d\u00e9signation OS CSA FS 03.04.2025 6\nMINISTEREDE LA JUSTICELibert\u00e9Egalit\u00e9Fraternit\u00e9\n Direction de \nl'administration p\u00e9nitentiaire \n \nArr\u00eat\u00e9 du 03 avril 2025 \nfixant la liste des repr\u00e9sentants si\u00e9geant au sein de la formation sp\u00e9cialis\u00e9e du comit\u00e9 social \nd'administration du centre p\u00e9nitentiaire de Toulon La Farl\u00e8de \n \n \n \nLe Chef d'\u00e9tablissement du Centre P\u00e9nitentiaire de Toulon-La Farl\u00e8de, \nVu le code g\u00e9n\u00e9ral de la fonction publique ;  \nVu le d\u00e9cret n\u00b0 2020 -1427 du 20 novembre 2020 modifi\u00e9 relatif aux comit\u00e9s sociaux \nd'administration dans les administrations et les \u00e9tablissements publics de l'Etat ;  \nVu l'arr\u00eat\u00e9 du 25 avril 2022 modifi\u00e9 portant cr\u00e9ation des comit\u00e9s sociaux d'administration \nrelevant du minist\u00e8re de la justice ; \nVu l'arr\u00eat\u00e9 du  16 d\u00e9cembre 2022 fixant la liste des organisations syndicales et de leurs \nrepr\u00e9sentants aptes \u00e0 si\u00e9ger au sein du comit\u00e9 soci al d'administration de la direction \ninterr\u00e9gionale des services p\u00e9nitentiaires de Marseille ;  \nVu les d\u00e9signations de repr\u00e9sentants titulaires et suppl\u00e9ants au sein de la formation sp\u00e9cialis\u00e9e-\ndu comit\u00e9 social d'administration du centre p\u00e9nitentiaire de Toulon-La Farl\u00e8de auxquelles ont \nproc\u00e9d\u00e9 les organisations syndicales si\u00e9geant au sein de ce comit\u00e9, conform\u00e9ment aux \ndispositions de l'article 24 du d\u00e9cret n\u00b0 2020-1427 du 20 novembre 2020 susvis\u00e9, \nArr\u00eate : \nArticle 1 \nLa liste des repr\u00e9sentants titulaires et suppl\u00e9ants si\u00e9geant au sein de la formation sp\u00e9cialis\u00e9e \ndu comit\u00e9 social d'administration du centre p\u00e9nitentiaire de Toulon -La Farl\u00e8de est fix\u00e9e \ncomme suit : \nOrganisation \nsyndicale \nNombre de \nsi\u00e8ge Titulaires Suppl\u00e9ants \nUFAP           2 - M. Alain DAMETTE \n- M. Eric BRECQUEVILLE \n- Mme Karine BORGETTO \n- Mme Elodie SIRAGUSA \nFO 1 - Mme C\u00e9line SEMIC  - M. David LUPI \nSPS 1 - Mme Hayatte NEHAD - Mme Anissa BENAKLI \n \n \n \n \nCentre p\u00e9nitentiaire Toulon La Farl\u00e8de  - 83-2025-04-03-00013 - Arr\u00eat\u00e9 d\u00e9signation OS CSA FS 03.04.2025 7\nMINISTEREDE LA JUSTICELibert\u00e9Egalit\u00e9Fraternit\u00e9\n Direction de \nl'administration p\u00e9nitentiaire \n \n \n \nArticle 2 \nLes dispositions de l'article 1er annulent et remplacent toutes dispositions ant\u00e9rieures. \nArticle 3 \nLe chef d'\u00e9tablissement de Toulon-La Farl\u00e8de est charg\u00e9 de l'ex\u00e9cution du pr\u00e9sent arr\u00eat\u00e9, qui \nsera publi\u00e9 au bulletin officiel du minist\u00e8re de la justice. \n \nFait \u00e0 la Farl\u00e8de \nLe 03/04/2025 \n \nPour le Pr\u00e9fet et par d\u00e9l\u00e9gation, \nLe Chef d'\u00e9tablissement, \nSign\u00e9 \nJean-Pierre CHARPENTIER-TITY \n \nCentre p\u00e9nitentiaire Toulon La Farl\u00e8de  - 83-2025-04-03-00013 - Arr\u00eat\u00e9 d\u00e9signation OS CSA FS 03.04.2025 8\nDirection d\u00e9partementale de l'emploi, du travail\net des solidarit\u00e9s du Var\n83-2025-04-16-00005\n261-2025-DecisionRenonciation D1827540 YO\nNETTOYAGE du 160425\nDirection d\u00e9partementale de l'emploi, du travail et des solidarit\u00e9s du Var - 83-2025-04-16-00005 - 261-2025-DecisionRenonciation\nD1827540 YO NETTOYAGE du 160425 9\neTaLibert\u00e9 + Egalit\u00e9 * Fraternit\u00e9REPUBLIQUE FRANCAISE\nSERVICE INSTRUCTEUR\nR\u00e9f : Renonciation de d\u00e9claration: YO NETTOYAGE -M. HAMMA YOHAN\nDemande N\u00b0 117160  du 15/04/2025\nAffaire suivie par : Anne MAGGIO\nMel : ddets-sap@var.gouv.fr\nMonsieur,\nVous  m'avez  inform\u00e9  de  votre  d\u00e9cision  de  cesser  les  activit\u00e9s  de  votre  organisme \nenregistr\u00e9 dans mes services sous le N\u00b0 SAP935277566.\nJe vous confirme que l'enregistrement de la d\u00e9claration de votre organisme est abrog\u00e9 \u00e0  \ncompter de la r\u00e9ception de ce courrier et que votre dossier est d\u00e9sormais clos.\nJe  vous  rappelle  que  les  avantages  fiscaux  et  sociaux  associ\u00e9s  \u00e0  votre  d\u00e9claration \nd'activit\u00e9s sont supprim\u00e9s et je vous demande d'en avertir, pour le cas o\u00f9 vous ne l'auriez  \npas encore fait, les b\u00e9n\u00e9ficiaires de vos prestations.\nJe reste \u00e0 votre enti\u00e8re disposition pour vous apporter toute information compl\u00e9mentaire.\nJe vous prie d'agr\u00e9er, Monsieur, l'expression de mes salutations distingu\u00e9es.\nPour le Pr\u00e9fet et par d\u00e9l\u00e9gation\nPour le Directeur d\u00e9partemental \nde l'emploi, du travail et des solidarit\u00e9s du Var \nLa cheffe du service accompagnement \ndes entreprises et d\u00e9veloppement des \nterritoires\nSign\u00e9 : S\u00e9verine LARDERET\nFait \u00e0 CS 31209 - 83070 TOULON Cedex, le \n16/04/2025\nDDETS du Var\nM. HAMMA YOHAN\n201 Chemin De Vaulongue\n83340 LE LUC\nDirection d\u00e9partementale de l'emploi, du travail et des solidarit\u00e9s du Var - 83-2025-04-16-00005 - 261-2025-DecisionRenonciation\nD1827540 YO NETTOYAGE du 160425 10\nDirection d\u00e9partementale de l'emploi, du travail\net des solidarit\u00e9s du Var\n83-2025-04-16-00006\n262-2025-recepisse declaration modificative\nBERNARD CHARLES du 16042025\nDirection d\u00e9partementale de l'emploi, du travail et des solidarit\u00e9s du Var - 83-2025-04-16-00006 - 262-2025-recepisse declaration\nmodificative BERNARD CHARLES du 16042025 11\nPF4Libert\u00e9 + \u00c9galit\u00e9 + Fraternit\u00e9R\u00c9PUBLIQUE FRAN\u00c7AISE\nR\u00e9c\u00e9piss\u00e9 de d\u00e9claration\nd'un organisme de services \u00e0 la personne\nenregistr\u00e9 sous le N\u00b0 SAP800767949\nVu le code du travail et notamment les articles L.7231-1 \u00e0 L.7233-2, R.7232-16 \u00e0 R.7232-22, D.7231-1 et \nD.7233-1 \u00e0 D.7233-5 ; \nVu la demande de d\u00e9claration modificative d\u00e9pos\u00e9e par l'organisme , 268 chemin des lauriers 83260 \nLa Crau, le 16/04/25 ;\nLe pr\u00e9fet du Var\nConstate : \nQu'une d\u00e9claration d'activit\u00e9s modificative de services \u00e0 la personne a \u00e9t\u00e9 d\u00e9pos\u00e9e aupr\u00e8s du service \ninstructeur du Var, le 16/04/25 par M. BERNARD Charles en qualit\u00e9 de dirigeant(e), pour l'organisme  \ndont  l'\u00e9tablissement  principal  est  situ\u00e9  d\u00e9sormais  268  chemin  des  lauriers  83260  La  Crau  et \nenregistr\u00e9 sous le N\u00b0 SAP800767949 pour les activit\u00e9s suivantes :\n  \u2022   Soutien scolaire ou cours \u00e0 domicile (mode d'intervention Prestataire)\nToute  modification  concernant  les  activit\u00e9s  exerc\u00e9es  devra  faire  l'objet  d'une  d\u00e9claration  \nmodificative pr\u00e9alable.\nSous r\u00e9serve d'\u00eatre exerc\u00e9es \u00e0 titre exclusif (ou sous r\u00e9serve d'une comptabilit\u00e9 s\u00e9par\u00e9e pour les  \npersonnes  morales  dispens\u00e9es  de  cette  condition),  ces  activit\u00e9s  ouvrent  droit  au  b\u00e9n\u00e9fice  des \ndispositions des articles L. 7233-2 du code du travail et L.241-10 du code de la s\u00e9curit\u00e9 sociale dans  \nles conditions pr\u00e9vues par ces articles.\nLes effets de la d\u00e9claration courent \u00e0 compter du jour du d\u00e9p\u00f4t de la d\u00e9claration sous r\u00e9serve des  \ndispositions de l'article R.7232-18 du code du travail. Le pr\u00e9sent r\u00e9c\u00e9piss\u00e9 n'est pas limit\u00e9 dans le  \ntemps. La d\u00e9claration a une port\u00e9e nationale.\nL'enregistrement de la d\u00e9claration peut \u00eatre retir\u00e9 dans les conditions fix\u00e9es aux articles R.7232-\n20  \u00e0  R.7232-22  du  code  du  travail.  Le  pr\u00e9sent  r\u00e9c\u00e9piss\u00e9  sera  publi\u00e9  au  recueil  des  actes \nadministratifs de la pr\u00e9fecture.\nLe pr\u00e9sent r\u00e9c\u00e9piss\u00e9 peut, \u00e0 compter de sa notification, faire l'objet d'un recours gracieux aupr\u00e8s  \nservice instructeur du Var ou d'un recours hi\u00e9rarchique adress\u00e9 au ministre charg\u00e9 de l'\u00e9conomie -  \nDirection g\u00e9n\u00e9rale des entreprises \u2013 sous-direction des services marchands, 61 Boulevard Vincent  \nAuriol, 75703 PARIS CEDEX 13.\nIl peut \u00e9galement faire l'objet d'un recours contentieux dans un d\u00e9lai de deux mois \u00e0 compter de sa  \nnotification aupr\u00e8s du tribunal administratif de Toulon.\nLe tribunal administratif peut aussi \u00eatre saisi par l'application informatique \u00ab T\u00e9l\u00e9recours citoyen \u00bb  \naccessible sur le site internet  http://www.telerecours.fr/\nEn cas de rejet du recours gracieux ou hi\u00e9rarchique ou en l'absence de r\u00e9ponse \u00e0 ce recours (rejet  \nimplicite), un recours contentieux devant le tribunal administratif de Toulon peut \u00e9galement \u00eatre  \nform\u00e9 contre la d\u00e9cision initiale dans un d\u00e9lai de deux mois \u00e0 compter de ce rejet. \nPour le Pr\u00e9fet et par d\u00e9l\u00e9gation\nPour le Directeur d\u00e9partemental \nde l'emploi, du travail et des solidarit\u00e9s du Var \nLa cheffe du service accompagnement \ndes entreprises et d\u00e9veloppement des territoires\nSign\u00e9 : S\u00e9verine LARDERET\nFait \u00e0 CS 31209 - 83070 TOULON Cedex, le 16/04/2025\nDDETS du Var\nDirection d\u00e9partementale de l'emploi, du travail et des solidarit\u00e9s du Var - 83-2025-04-16-00006 - 262-2025-recepisse declaration\nmodificative BERNARD CHARLES du 16042025 12\n \nDirection d\u00e9partementale de l'emploi, du travail et des solidarit\u00e9s du Var - 83-2025-04-16-00006 - 262-2025-recepisse declaration\nmodificative BERNARD CHARLES du 16042025 13\nDirection d\u00e9partementale de l'emploi, du travail\net des solidarit\u00e9s du Var\n83-2025-04-16-00007\n265-2025-recepisse d\u00e9claration MICHEL\nTORDJMAN du 160425\nDirection d\u00e9partementale de l'emploi, du travail et des solidarit\u00e9s du Var - 83-2025-04-16-00007 - 265-2025-recepisse d\u00e9claration\nMICHEL TORDJMAN du 160425 14\nPF4Libert\u00e9 + \u00c9galit\u00e9 + Fraternit\u00e9R\u00c9PUBLIQUE FRAN\u00c7AISE\nR\u00e9c\u00e9piss\u00e9 de d\u00e9claration\nd'un organisme de services \u00e0 la personne\nenregistr\u00e9 sous le N\u00b0 SAP800324691\nVu le code du travail et notamment les articles L.7231-1 \u00e0 L.7233-2, R.7232-16 \u00e0 R.7232-22, D.7231-1 et \nD.7233-1 \u00e0 D.7233-5 ; \nVu la demande de d\u00e9claration d\u00e9pos\u00e9e par l'organisme SUNNYVITRES, 208 avenue G\u00e9rard Philippe \n83500 LA SEYNE SUR MER, le 15/04/25 ;\nLe pr\u00e9fet du Var\nConstate : \nQu'une d\u00e9claration d'activit\u00e9s de services \u00e0 la personne a \u00e9t\u00e9 d\u00e9pos\u00e9e aupr\u00e8s du service instructeur  \ndu  Var,  le  15/04/25  par  M.  TORDJMAN  Michel  en  qualit\u00e9  de  dirigeant(e),  pour  l'organisme \nSUNNYVITRES dont l'\u00e9tablissement principal est situ\u00e9 208 avenue G\u00e9rard Philippe 83500 LA SEYNE  \nSUR MER et enregistr\u00e9 sous le N\u00b0 SAP800324691 pour les activit\u00e9s suivantes :\n  \u2022   Entretien de la maison et travaux m\u00e9nagers (mode d'intervention Prestataire)\nToute  modification  concernant  les  activit\u00e9s  exerc\u00e9es  devra  faire  l'objet  d'une  d\u00e9claration \nmodificative pr\u00e9alable.\nSous r\u00e9serve d'\u00eatre exerc\u00e9es \u00e0 titre exclusif (ou sous r\u00e9serve d'une comptabilit\u00e9 s\u00e9par\u00e9e pour les  \npersonnes  morales  dispens\u00e9es  de  cette  condition),  ces  activit\u00e9s  ouvrent  droit  au  b\u00e9n\u00e9fice  des \ndispositions des articles L. 7233-2 du code du travail et L.241-10 du code de la s\u00e9curit\u00e9 sociale dans  \nles conditions pr\u00e9vues par ces articles.\nLes effets de la d\u00e9claration courent \u00e0 compter du jour du d\u00e9p\u00f4t de la d\u00e9claration sous r\u00e9serve des  \ndispositions de l'article R.7232-18 du code du travail. Le pr\u00e9sent r\u00e9c\u00e9piss\u00e9 n'est pas limit\u00e9 dans le  \ntemps. La d\u00e9claration a une port\u00e9e nationale.\nL'enregistrement de la d\u00e9claration peut \u00eatre retir\u00e9 dans les conditions fix\u00e9es aux articles R.7232-\n20  \u00e0  R.7232-22  du  code  du  travail.  Le  pr\u00e9sent  r\u00e9c\u00e9piss\u00e9  sera  publi\u00e9  au  recueil  des  actes \nadministratifs de la pr\u00e9fecture.\nLe pr\u00e9sent r\u00e9c\u00e9piss\u00e9 peut, \u00e0 compter de sa notification, faire l'objet d'un recours gracieux aupr\u00e8s  \nservice instructeur du Var ou d'un recours hi\u00e9rarchique adress\u00e9 au ministre charg\u00e9 de l'\u00e9conomie -  \nDirection g\u00e9n\u00e9rale des entreprises \u2013 sous-direction des services marchands, 61 Boulevard Vincent  \nAuriol, 75703 PARIS CEDEX 13.\nIl peut \u00e9galement faire l'objet d'un recours contentieux dans un d\u00e9lai de deux mois \u00e0 compter de sa  \nnotification aupr\u00e8s du tribunal administratif de Toulon.\nLe tribunal administratif peut aussi \u00eatre saisi par l'application informatique \u00ab T\u00e9l\u00e9recours citoyen \u00bb  \naccessible sur le site internet  http://www.telerecours.fr/\nEn cas de rejet du recours gracieux ou hi\u00e9rarchique ou en l'absence de r\u00e9ponse \u00e0 ce recours (rejet  \nimplicite), un recours contentieux devant le tribunal administratif de Toulon peut \u00e9galement \u00eatre  \nform\u00e9 contre la d\u00e9cision initiale dans un d\u00e9lai de deux mois \u00e0 compter de ce rejet. \nPour le Pr\u00e9fet et par d\u00e9l\u00e9gation\nPour le Directeur d\u00e9partemental \nde l'emploi, du travail et des solidarit\u00e9s du Var \nLa cheffe du service accompagnement \ndes entreprises et d\u00e9veloppement des territoires\nSign\u00e9 : S\u00e9verine LARDERET\nFait \u00e0 CS 31209 - 83070 TOULON Cedex, le 16/04/2025\nDDETS du Var\nDirection d\u00e9partementale de l'emploi, du travail et des solidarit\u00e9s du Var - 83-2025-04-16-00007 - 265-2025-recepisse d\u00e9claration\nMICHEL TORDJMAN du 160425 15\nDirection d\u00e9partementale de l'emploi, du travail et des solidarit\u00e9s du Var - 83-2025-04-16-00007 - 265-2025-recepisse d\u00e9claration\nMICHEL TORDJMAN du 160425 16\nDirection d\u00e9partementale de l'emploi, du travail\net des solidarit\u00e9s du Var\n83-2025-04-16-00008\n266-2025-recepisse declaration SAS\nFAUCONNIER DIANE du 16042025\nDirection d\u00e9partementale de l'emploi, du travail et des solidarit\u00e9s du Var - 83-2025-04-16-00008 - 266-2025-recepisse declaration SAS\nFAUCONNIER DIANE du 16042025 17\nPF4Libert\u00e9 + \u00c9galit\u00e9 + Fraternit\u00e9R\u00c9PUBLIQUE FRAN\u00c7AISE\nR\u00e9c\u00e9piss\u00e9 de d\u00e9claration\nd'un organisme de services \u00e0 la personne\nenregistr\u00e9 sous le N\u00b0 SAP939808283\nVu le code du travail et notamment les articles L.7231-1 \u00e0 L.7233-2, R.7232-16 \u00e0 R.7232-22, D.7231-1 et \nD.7233-1 \u00e0 D.7233-5 ; \nLe pr\u00e9fet du Var\nConstate : \nQu'une d\u00e9claration d'activit\u00e9s de services \u00e0 la personne a \u00e9t\u00e9 d\u00e9pos\u00e9e aupr\u00e8s du service instructeur  \ndu Var, le 14/04/25 par Mme. FAUCONNIER Diane en qualit\u00e9 de dirigeant(e), pour l'organisme  dont  \nl'\u00e9tablissement principal est situ\u00e9 20 CHEMIN DES VIRGILES 83120 SAINTE-MAXIME et enregistr\u00e9  \nsous le N\u00b0 SAP939808283 pour les activit\u00e9s suivantes :\n  \u2022   Entretien de la maison et travaux m\u00e9nagers (mode d'intervention Prestataire)\n  \u2022   Petits travaux de jardinage (mode d'intervention Prestataire)\n  \u2022   Travaux de petit bricolage (mode d'intervention Prestataire)\n  \u2022   Collecte et livraison \u00e0 domicile de linge repass\u00e9 (mode d'intervention Prestataire)\nToute  modification  concernant  les  activit\u00e9s  exerc\u00e9es  devra  faire  l'objet  d'une  d\u00e9claration  \nmodificative pr\u00e9alable.\nSous r\u00e9serve d'\u00eatre exerc\u00e9es \u00e0 titre exclusif (ou sous r\u00e9serve d'une comptabilit\u00e9 s\u00e9par\u00e9e pour les  \npersonnes  morales  dispens\u00e9es  de  cette  condition),  ces  activit\u00e9s  ouvrent  droit  au  b\u00e9n\u00e9fice  des  \ndispositions des articles L. 7233-2 du code du travail et L.241-10 du code de la s\u00e9curit\u00e9 sociale dans  \nles conditions pr\u00e9vues par ces articles.\nLes effets de la d\u00e9claration courent \u00e0 compter du jour du d\u00e9p\u00f4t de la d\u00e9claration sous r\u00e9serve des  \ndispositions de l'article R.7232-18 du code du travail. Le pr\u00e9sent r\u00e9c\u00e9piss\u00e9 n'est pas limit\u00e9 dans le  \ntemps. La d\u00e9claration a une port\u00e9e nationale.\nL'enregistrement de la d\u00e9claration peut \u00eatre retir\u00e9 dans les conditions fix\u00e9es aux articles R.7232-\n20  \u00e0  R.7232-22  du  code  du  travail.  Le  pr\u00e9sent  r\u00e9c\u00e9piss\u00e9  sera  publi\u00e9  au  recueil  des  actes  \nadministratifs de la pr\u00e9fecture.\nLe pr\u00e9sent r\u00e9c\u00e9piss\u00e9 peut, \u00e0 compter de sa notification, faire l'objet d'un recours gracieux aupr\u00e8s  \nservice instructeur du Var ou d'un recours hi\u00e9rarchique adress\u00e9 au ministre charg\u00e9 de l'\u00e9conomie -  \nDirection g\u00e9n\u00e9rale des entreprises \u2013 sous-direction des services marchands, 61 Boulevard Vincent  \nAuriol, 75703 PARIS CEDEX 13. Il peut \u00e9galement faire l'objet d'un recours contentieux dans un d\u00e9lai  \nde deux mois \u00e0 compter de sa notification aupr\u00e8s du tribunal administratif de Toulon.\nLe tribunal administratif peut aussi \u00eatre saisi par l'application informatique \u00ab T\u00e9l\u00e9recours citoyen \u00bb  \naccessible sur le site internet  http://www.telerecours.fr/\nEn cas de rejet du recours gracieux ou hi\u00e9rarchique ou en l'absence de r\u00e9ponse \u00e0 ce recours (rejet  \nimplicite), un recours contentieux devant le tribunal administratif de Toulon peut \u00e9galement \u00eatre  \nform\u00e9 contre la d\u00e9cision initiale dans un d\u00e9lai de deux mois \u00e0 compter de ce rejet. \nPour le Pr\u00e9fet et par d\u00e9l\u00e9gation\nPour le Directeur d\u00e9partemental \nde l'emploi, du travail et des solidarit\u00e9s du Var \nLa cheffe du service accompagnement \ndes entreprises et d\u00e9veloppement des territoires\nSign\u00e9 : S\u00e9verine LARDERET\nFait \u00e0 CS 31209 - 83070 TOULON Cedex, le 16/04/2025\nDDETS du Var\nDirection d\u00e9partementale de l'emploi, du travail et des solidarit\u00e9s du Var - 83-2025-04-16-00008 - 266-2025-recepisse declaration SAS\nFAUCONNIER DIANE du 16042025 18","date":"2025-04-17","first_seen_on":"2025-04-17T14:36:18+00:00","id":"d0a02c694e4cbbd98a4856644959f13f5a83ea4b23003bc89d1322aef4f0a8b4","name":"RAA N\u00b0132 du 17 avril 2025","pdf_creation_date":"2025-04-17T14:14:16+00:00","pdf_modification_date":null,"timezone":"Europe/Paris","url":"https://www.var.gouv.fr/contenu/telechargement/40512/265372/file/RAA%20N%C2%B0132%20du%2017%20avril%202025%20%28Nominatifs%29.pdf"}
