{"administration":"pref30","administration_name":"Pr\u00e9fecture du Gard","content":"PR\u00c9FET\nDU GARD\nRECUEIL DES ACTES\nADMINISTRATIFS SP\u00c9CIAL\nN\u00b030-2024-165\nPUBLI\u00c9 LE 18 OCTOBRE 2024\nSommaire\nPrefecture du Gard /\n30-2024-10-18-00004 - arr\u00eate d\u00e9rogatoire pour reprise des  transports\nscolaires pour les internes (4 pages) Page 3\n2\nPrefecture du Gard\n30-2024-10-18-00004\narr\u00eate d\u00e9rogatoire pour reprise des  transports\nscolaires pour les internes\nPrefecture du Gard - 30-2024-10-18-00004 - arr\u00eate d\u00e9rogatoire pour reprise des  transports scolaires pour les internes 3\nEx - Cabinet du Pr\u00e9fetPD\u00cfJE\u00ca-I-I\u00cfRD Direction des S\u00e9curit\u00e9sSIDPCLibert\u00e9Egalit\u00e9Fraternit\u00e9\nArr\u00eat\u00e9 pr\u00e9fectoral n\u00b0 2024-10-18-191 du 18 octobre 2024portant d\u00e9rogation \u00e0 l'arr\u00eat\u00e9 n\u00b0 30-2024-10-18-0001 du 17 octobre 2024 de suspension destransports scolaires collectifs routiers pour la journ\u00e9e du vendredi 18 octobre 2024 pourles secteurs Aigoual, Viganais, Pi\u00e9mont, secteur Al\u00e9sien, C\u00e8ze-C\u00e9vennes Nord,Gardonenque, Uz\u00e9ge et C\u00e9vennes sud, secteur Gard Rhodanien afin de r\u00e9acheminer \u00e0 leurdomicile les \u00e9l\u00e8ves pr\u00e9sents dans les internatsLe pr\u00e9fet du GardChevalier de la L\u00e9gion d'Honneur,Chevalier de l''Ordre National du M\u00e9riteVu le code g\u00e9n\u00e9r\u00e0l des collectivit\u00e9s territoriales et notamment son article L.2215-1 ;Vu le code de la route, notamment son article R.411-18 ;Vu la loi de modernisation de la s\u00e9curit\u00e9 civile du 13 ao\u00fbt 2004 ;Vu le plan de l'organisation des transports et des \u00e9tablissements scolaires lorsd'\u00e9v\u00e9nements climatiques (plan POTES) approuv\u00e9 par arr\u00e9t\u00e9 pr\u00e9fectoral n\u00b0 2023-02-0013SIDPC du 3 f\u00e9vrier 2023 ;Vu l'avis du directeur acad\u00e9mique des services de I'\u00e9ducation nationale dans le Gard ;Vu les avis des gestionnaires des infrastructures routi\u00e8res du d\u00e9partement ;Vu l'avis des autorit\u00e9s organisatrices de mobilit\u00e9 ;Vu, le d\u00e9cret du 13 juillet 2023 portant nomination de J\u00e9r\u00f4me BONET du Pr\u00e9fet du Gard,Vu, le d\u00e9cret du 25 octobre 2023 portant nomination de Mathias NIEPS, sous pr\u00e9fet charg\u00e9 demission aupr\u00e8s du pr\u00e9fet du Gard, secr\u00e9taire g\u00e9n\u00e9ral adjoint de la pr\u00e9fecture du GardConsid\u00e9rant la fin des pr\u00e9cipitations et la d\u00e9crue des principaux cours d'eau dud\u00e9partement ; 'Consid\u00e9rant que les consid\u00e9rations de circulation sur le r\u00e9seau sont \u00e9galement en netteam\u00e9lioration ; -Consid\u00e9rant la n\u00e9cessit\u00e9 de r\u00e9acheminer les \u00e9l\u00e8ves \u00e0 leur domicile \u00e0 la veille des vacancesscolaires ; .Sur proposition du sous-pr\u00e9fet, secr\u00e9taire g\u00e9n\u00e9ral adjoint du Pr\u00e9fet du Gard ;ARR\u00caTEArticle 1 : Les transports scolaires collectifs routiers pour les \u00e9l\u00e8ves encore pr\u00e9sents dans lesinternats sur les secteurs 1, 2, 3, 9, 10, 12, 13, 14 et 15 du plan POTES (carte en annexe) sontautoris\u00e9s \u00e0 circuler pour r\u00e9acheminer \u00e0 leur domicile les \u00e9l\u00e8ves encore pr\u00e9sents dans lesinternats. 'Article 2 : Le pr\u00e9sent arr\u00e9t\u00e9 sera publi\u00e9 au recueil des actes administratifs de la pr\u00e9fecturedu d\u00e9partement du Gard.Article 3 : Le pr\u00e9sent arr\u00e9t\u00e9 peut faire l'objet d'un recours administratif aupr\u00e8s de Monsieurle pr\u00e9fet du Gard (pr\u00e9fecture du Gard 30045 NIMES cedex 9), d'un recours hi\u00e9rarchiqueadress\u00e9 \u00e0 Monsieur le ministre de l'Int\u00e9rieur \u2014 place Beauvau 75800 PARIS - ou d'un recourscontentieux devant le tribunal administratif de N\u00eemes, dans un d\u00e9lai de deux mois suivantla publication du pr\u00e9sent arr\u00e9t\u00e9. Le tribunal administratif peut \u00eatre saisi par l'applicationinformatique \u00ab T\u00e9l\u00e9recours Citoyens \u00bb accessible par le site internet www.telerecours.fr\nPrefecture du Gard - 30-2024-10-18-00004 - arr\u00eate d\u00e9rogatoire pour reprise des  transports scolaires pour les internes 4\nArticle 4 : Le secr\u00e9taire g\u00e9n\u00e9ral de la pr\u00e9fecture, le sous-pr\u00e9fet secr\u00e9taire g\u00e9n\u00e9ral adjoint, lasous-pr\u00e9f\u00e8te du Vigan, le sous-pr\u00e9fet d'Ales, les maires des communes concern\u00e9es dud\u00e9partement, le commandant du groupement de gendarmerie d\u00e9partementale du Gard, ledirecteur interd\u00e9partemental de la police nationale du Gard, la pr\u00e9sidente du ConseilR\u00e9gional Occitanie, le pr\u00e9sident d'Al\u00e9s Agglom\u00e9ration, le pr\u00e9sident du Gard Rhodanien, lepr\u00e9sident de Nimes M\u00e9tropole, sont charg\u00e9s, chacun en ce qui le concerne, de l'ex\u00e9cutiondu pr\u00e9sent arr\u00eat\u00e9. Fait \u00e0 N\u00eemes, le 18 octobre 2024Le pr\u00e9fet,\n/J Fr\u00f4me BONET\ne\nPrefecture du Gard - 30-2024-10-18-00004 - arr\u00eate d\u00e9rogatoire pour reprise des  transports scolaires pour les internes 5\nMOJ> SsoId<3 upupy -(ETOT/TO! pIRS) NP asnp@/a1J -! Ssauuop sep ajep = soinossoudonun syusuaedag [ ]p\u00e6c np j\u0153uwsyedag \u00dcseunuueoz ;: se AJERSIUILUPE SSN[SBUNWWOD #Z 1ans SZENN3A32 - SI(seunutuos G )INONGNNOQUYS - +1- (ssunwiwo pz)MJISZTy #N3L93S -\u20ac1; (SSUMUULUOS $#b 1JHON SINNSA3Z23 3230 -Zi(ssunuwtuos | | !NONDIAY ONYHD - LI(SeUNWWOI pp )N3IMYAOHY QuvS -OI| SBUNWILWIOD G !3093ZN->6iseunuwtuos \u20ac| !QHON ZH1SIA-2(seunwwos T}3NOHY - \u00a3(BUNWIWGS | !S=3HIN-9ISSUNLULUOO #}ANDHWIVI -S(seunuwutos ge 1FOVNANWA -+| SSUNMUMIOI HE !LNOMIId - \u20ac{S2UNWLWO2 52 !SIYNYOIA - T(Ssunuies g)Tvnootv-1 TR: sIneyres sep UolJesuNUap|i =itNOILVSIHOL23SSILOd NVdc \u2014 ouvonaOEVD NC HIN V1 301 13 SEHIOINEZAZ 3132344820 JT\u00c9LNANZ IHV AT NOLLIZERTL\nPrefecture du Gard - 30-2024-10-18-00004 - arr\u00eate d\u00e9rogatoire pour reprise des  transports scolaires pour les internes 6\nPrefecture du Gard - 30-2024-10-18-00004 - arr\u00eate d\u00e9rogatoire pour reprise des  transports scolaires pour les internes 7","date":"2024-10-18","first_seen_on":"2025-01-08T18:21:20+00:00","id":"d1587edddbfb7cf31cec762bbcf1f88d2390707e4b25d900e3e4f86c95e95980","name":"recueil-30-2024-165-special du 18 10 2024","pdf_creation_date":"2024-10-18T09:00:20+00:00","pdf_modification_date":null,"timezone":"CET","url":"https://www.gard.gouv.fr/contenu/telechargement/60512/449836/file/recueil-30-2024-165-special%20du%2018%2010%202024.pdf"}
