{"administration":"prefidf","administration_name":"Pr\u00e9fecture de la r\u00e9gion \u00cele-de-France","content":"PREFECTURE\nREGION ILE DE\nFRANCE\nRECUEIL DES ACTES\nADMINISTRATIFS SP\u00c9CIAL\nN\u00b0IDF-020-2025-07\nPUBLI\u00c9 LE 10 JUILLET 2025\nSommaire\nDirection r\u00e9gionale et interd\u00e9partementale de l'\u00e9conomie, de l'emploi,\ndu travail et des solidarit\u00e9s d'\u00cele-de-France / MJPM\nIDF-2025-07-10-00001 - Arr\u00eat\u00e9 n\u00b02025-10 portant agr\u00e9ment pour\nl'activit\u00e9 de s\u00e9jours de \"Vacances adapt\u00e9es organis\u00e9es\" (2 pages) Page 3\nDirection r\u00e9gionale et interd\u00e9partementale de l'environnement, de\nl'am\u00e9nagement et des transports d'\u00cele-de-France / S\u00e9curit\u00e9 des\ntransports et des v\u00e9hicules\nIDF-2025-07-07-00015 - D\u00e9cision DRIEAT-IdF n\u00b02025-0589 (3 pages) Page 6\nIDF-2025-07-07-00016 - D\u00e9cision DRIEAT-IdF n\u00b02025-0590 (3 pages) Page 10\n2\nDirection r\u00e9gionale et interd\u00e9partementale de\nl'\u00e9conomie, de l'emploi, du travail et des\nsolidarit\u00e9s d'\u00cele-de-France\nIDF-2025-07-10-00001\nArr\u00eat\u00e9 n\u00b02025-10 portant agr\u00e9ment pour\nl'activit\u00e9 de s\u00e9jours de \"Vacances adapt\u00e9es\norganis\u00e9es\"\nDirection r\u00e9gionale et interd\u00e9partementale de l'\u00e9conomie, de l'emploi, du travail et des solidarit\u00e9s d'\u00cele-de-France -\nIDF-2025-07-10-00001 - Arr\u00eat\u00e9 n\u00b02025-10 portant agr\u00e9ment pour l'activit\u00e9 de s\u00e9jours de \"Vacances adapt\u00e9es organis\u00e9es\" 3\nPREFET |DE LA REGIOND'\u00ceLE-DE-FRANCELibert\u00e9Egalit\u00e9Fraternit\u00e9\nDirection r\u00e9gionale et interd\u00e9partementale \nde l'\u00e9conomie, de l'emploi,  \ndu travail et des solidarit\u00e9s \n \n \n \n \nARRET\u00c9 2025-10 \n \nPortant agr\u00e9ment pour l'activit\u00e9 de s\u00e9jours de \n\u00ab Vacances adapt\u00e9es organis\u00e9es \u00bb \n \nLE PREFET DE LA REGION D'ILE DE FRANCE, \nPREFET DE PARIS, \nCOMMANDEUR DE LA LEGION D'HONNEUR, \nOFFICIER DE L'ORDRE NATIONAL DU MERITE \n \nVU  le code de l'action sociale et des familles, notamment son article L. 114 ; \n \nVU  le code du tourisme, notamment ses articles L. 211-1, L. 211-2, L. 412-2 et R 412-8 \u00e0 R 412 ; \n \nVU le d\u00e9cret n\u00b0 2020-1545 du 9 d\u00e9cembre 2020 relatif \u00e0 l'organisation et aux missions des directions \nr\u00e9gionales de l'\u00e9conomie, de l'emploi, du travail et des solidarit\u00e9s, des directions \nd\u00e9partementales de l'emploi, du travail et des solidarit\u00e9s et des directions d\u00e9partementales de \nl'emploi, du travail, des solidarit\u00e9s et de la protection des populations ; \n \nVU le d\u00e9cret du 22 juillet 2020 portant nomination de monsieur Marc GUILLAUME en qualit\u00e9 de \npr\u00e9fet de la r\u00e9gion d'\u00cele-de-France, pr\u00e9fet de Paris ; \n \nVU l'arr\u00eat\u00e9 pr\u00e9fectoral du 30 mars 2021 portant organisation de la direction r\u00e9gionale et \ninterd\u00e9partementale de l'\u00e9conomie, de l'emploi, du travail et des solidarit\u00e9s d'Ile-de-France ; \n \nVU l'arr\u00eat\u00e9 interminist\u00e9riel du 20 mars 2025 confiant l'int\u00e9rim \u00e0 monsieur Marc ROHFRITSCH de \nl'emploi de directeur r\u00e9gional et interd\u00e9partemental de l'\u00e9conomie, de l'emploi, du travail et \ndes solidarit\u00e9s d'Ile-de-France, \u00e0 compter du 1er avril 2025 ; \n \nVU l'arr\u00eat\u00e9 pr\u00e9fectoral 202 5-04-04-00007 du 4 avril  2025 portant d\u00e9l\u00e9gation de signature \u00e0 \nmonsieur Marc ROHFRITSCH, responsable du p\u00f4le \u00ab entreprises, emploi et solidarit\u00e9s \u00bb de la \ndirection r\u00e9gional et interd\u00e9partemental de l'\u00e9conomie, de l'emploi, du travail et des \nsolidarit\u00e9s d'\u00cele-de-France, en mati\u00e8re administrative ; \n \nVU la d\u00e9cision n\u00b0 2025-056 du 9 avril 2025 portant subd\u00e9l\u00e9gation de signature de Monsieur Marc \nROHFRITSCH, Directeur r\u00e9gional et interd\u00e9partemental de l'\u00c9conomie, de l'Emploi, du Travail \net des Solidarit\u00e9s d'\u00cele-de-France par int\u00e9rim, aux agents de l'unit\u00e9 r\u00e9gionale ; \n \nVU  le dossier de demande d'agr\u00e9ment \u00ab Vacances adapt\u00e9es organis\u00e9es \u00bb produit ; \n \n \n \n \n \nDirection r\u00e9gionale et interd\u00e9partementale de l'\u00e9conomie, de l'emploi, du travail et des solidarit\u00e9s d'\u00cele-de-France -\nIDF-2025-07-10-00001 - Arr\u00eat\u00e9 n\u00b02025-10 portant agr\u00e9ment pour l'activit\u00e9 de s\u00e9jours de \"Vacances adapt\u00e9es organis\u00e9es\"4\n2/2 \nARR\u00caT\u00c9 : \n \nArticle 1er : L'agr\u00e9ment \u00ab vacances adapt\u00e9es organis\u00e9es \u00bb pr\u00e9vu par l'article R 412-12 du code du tourisme \nest d\u00e9livr\u00e9 \u00e0 l'association : \n \nAssociation Tous les Jeunes en Vacances \n12 chemin du Moulin Basset \n93200 Saint-Denis \n \nArticle 2 : L'agr\u00e9ment est accord\u00e9 pour une dur\u00e9e de cinq ans \u00e0 compter de la date du pr\u00e9sent arr\u00eat\u00e9. \n \nArticle 3 : L'agr\u00e9ment est d\u00e9livr\u00e9 pour l'organisation de s\u00e9jours en France et \u00e0 l'\u00e9tranger. \n \nArticle 4 : En r\u00e9f\u00e9rence \u00e0 l'article R 412-13, l'association \u00ab Tous les Jeunes en Vacances \u00bb transmettra au \npr\u00e9fet de r\u00e9gion d'Ile-de-France, un bilan circonstanci\u00e9 quantitatif, qualitatif et financier des \nactivit\u00e9s de vacances adapt\u00e9es organis\u00e9es mises en \u0153uvre dans le courant de l'ann\u00e9e \u00e9coul\u00e9e. \nLe bilan pr\u00e9cise les moyens mis en \u0153uvre pour rem\u00e9dier aux dysfonctionnements \n\u00e9ventuellement constat\u00e9s lors des contr\u00f4les. \n \nArticle 5 : En r\u00e9f\u00e9rence \u00e0 l'article R 412-13-1, l'association \u00ab Tous les Jeunes en Vacances \u00bb informera le \npr\u00e9fet de r\u00e9gion dans un d\u00e9lai de deux mois de tout changement substantiel affectant les \n\u00e9l\u00e9ments mat\u00e9riels au vu desquels l'agr\u00e9ment a \u00e9t\u00e9 d\u00e9livr\u00e9. \n \nArticle 6 : L'agr\u00e9ment pourra \u00eatre retir\u00e9 dans les conditions pr\u00e9vues par l'article R412 -17 du code du \ntourisme. \n \nArticle 7 : Le directeur r\u00e9gional et interd\u00e9partemental de l'\u00e9conomie, de l'emploi, du travail et des \nsolidarit\u00e9s d'\u00cele-de-France, est charg\u00e9 de l'ex\u00e9cution du pr\u00e9sent arr\u00eat\u00e9, qui sera publi\u00e9 au \nrecueil des actes administratifs de la Pr\u00e9fecture et notifi\u00e9 \u00e0 l'association \u00ab Tous les Jeunes en \nVacances \u00bb. \n \n \nFait \u00e0 Aubervilliers, le 10 juillet 2025 \n \n        \nPour le pr\u00e9fet de la r\u00e9gion d'\u00cele-de-France,  \nPr\u00e9fet de Paris et par d\u00e9l\u00e9gation, \nLe directeur r\u00e9gional et interd\u00e9partemental de \nl'\u00e9conomie, de l'emploi, du travail et des \nsolidarit\u00e9s d'\u00cele-de-France \n \n \nSIGN\u00c9 \nJean MENJON \n \n \n                 \n              \n     \n \n                                                                                                 \n \nDirection r\u00e9gionale et interd\u00e9partementale de l'\u00e9conomie, de l'emploi, du travail et des solidarit\u00e9s d'\u00cele-de-France -\nIDF-2025-07-10-00001 - Arr\u00eat\u00e9 n\u00b02025-10 portant agr\u00e9ment pour l'activit\u00e9 de s\u00e9jours de \"Vacances adapt\u00e9es organis\u00e9es\"5\nDirection r\u00e9gionale et interd\u00e9partementale de\nl'environnement, de l'am\u00e9nagement et des\ntransports d'\u00cele-de-France\nIDF-2025-07-07-00015\nD\u00e9cision DRIEAT-IdF n\u00b02025-0589\nDirection r\u00e9gionale et interd\u00e9partementale de l'environnement, de l'am\u00e9nagement et des transports d'\u00cele-de-France -\nIDF-2025-07-07-00015 - D\u00e9cision DRIEAT-IdF n\u00b02025-0589 6\nDirection r\u00e9gionale et interd\u00e9partementale\nde l'environnement, de l'am\u00e9nagement\net des transports d'\u00cele-de-France\nD\u00c9CISION DRIEAT-IdF n\u00b0 2025- 0589\nLE PR\u00c9FET DE LA R\u00c9GION D'\u00ceLE-DE-FRANCE,\nPR\u00c9FET DE PARIS\nVu la Directive du Parlement europ\u00e9en et du Conseil du 15 juillet 2003 relative \u00e0 la qualification ini tiale et\n\u00e0  la  formation  continue  des  conducteurs  de  certains v\u00e9hicules  routiers  affect\u00e9s  aux  transports  de\nmarchandises et de voyageurs ;\nVu le code des transports\u00a0;\nVu l'arr\u00eat\u00e9  du 03 janvier  2008 modifi\u00e9 relatif  \u00e0 l'agr\u00e9ment  des centres de formation  professionnelle\nhabilit\u00e9s  \u00e0  dispenser  la  formation  professionnelle  initiale  et  continue  des  conducteurs  du  transport\nroutier de marchandises et de voyageurs ;\nVu l'arr\u00eat\u00e9 du 12 juin 2025 modifiant l'arr\u00eat\u00e9 du 03 janvier 2008 relatif au programme et aux modalit\u00e9 s de\nmise en \u0153uvre de la formation professionnelle initi ale et continue des conducteurs du transport routie r\nde marchandises et de voyageurs\u00a0;\nVu l'arr\u00eat\u00e9 IdF-2022-07-19-00005 du 19 juillet 2022 portant d\u00e9l\u00e9gation de signature \u00e0 Madame Emmanuelle\nGAY,  directrice  r\u00e9gionale  et  interd\u00e9partementale  de l'environnement,  de  l'am\u00e9nagement  et  des\ntransports d'\u00cele-de-France en mati\u00e8re administrative\u00a0;\nVu  la  d\u00e9cision  DRIEAT- IdF-2025-07-03-00009  du  3  juillet  2025  de  la  directrice  r\u00e9gionale  et\ninterd\u00e9partementale de l'environnement, de l'am\u00e9nag ement et des transports  d'\u00cele-de-France portant\nsubd\u00e9l\u00e9gation de signature en mati\u00e8re administrativ e pour le compte du Pr\u00e9fet de la r\u00e9gion d'\u00cele-de-\nFrance\u00a0; \nVu  la  demande  d'agr\u00e9ment  pr\u00e9sent\u00e9e  par  le  centre  de formation  ALL  FORMATIONS  en  date  du  15\nd\u00e9cembre 2024.\nVu le contr\u00f4le sur site effectu\u00e9 par les agents habilit\u00e9s de la direction r\u00e9gionale et interd\u00e9partemen tale\nde l'environnement, de l'am\u00e9nagement et des transpo rts d'\u00cele-de-France en date du mercredi 11 juin\n2025.\n      \nSSTV/DRTR/DG/UE \n21/23 rue Miollis\u2013 75015 Paris\nStandard\u00a0:  01 40 61 80 80\nwww.drieat.ile-de-france.developpement-durable.gouv.fr\n1/3\nDirection r\u00e9gionale et interd\u00e9partementale de l'environnement, de l'am\u00e9nagement et des transports d'\u00cele-de-France -\nIDF-2025-07-07-00015 - D\u00e9cision DRIEAT-IdF n\u00b02025-0589 7\nD\u00c9CIDE\nArticle 1\nL'agr\u00e9ment pr\u00e9vu par l'arr\u00eat\u00e9 du 03 janvier 2008 mo difi\u00e9 sus-cit\u00e9 est accord\u00e9 au centre de formation\nALL FORMATIONS sis 4 rue de la Sabli\u00e8re 92230 GENNE VILLIERS, immatricul\u00e9 au RCS sous le num\u00e9ro\nSIRET 910 549 146 00017 pour assurer les formations  obligatoires d\u00e9finies par les textes sus-cit\u00e9s, au x\nconducteurs du transport routier de marchandises FI MO-FCO et compl\u00e9mentaires dites passerelles\npour une p\u00e9riode probatoire de six mois.\nArticle 2\n \nLe responsable du centre de formation s'engage \u00e0 re specter les programmes et les modalit\u00e9s de mise\nen \u0153uvre de la formation, fix\u00e9s par l'arr\u00eat\u00e9 du 12 juin 2025 modifiant l'arr\u00eat\u00e9 du 03 janvier 2008.\nLe centre agr\u00e9\u00e9 s'engage \u00e0 r\u00e9aliser au cours de cet te p\u00e9riode de six mois, au minimum une session\nde\u00a0formation initiale minimale obligatoire (FIMO) e t six sessions compl\u00e8tes de formation continue\nobligatoire (FCO) ou de formation compl\u00e9mentaire d\u00e9 nomm\u00e9e I\u00a0passerelle\u00a0J, mentionn\u00e9e dans le\nCode des transports sus-vis\u00e9, dans le secteur du tr ansport de marchandises. Chacune de ces sessions\ndevra comporter au moins huit stagiaires. Si le cen tre de formation ne souhaite r\u00e9aliser que des\nsessions  de  FCO, le  nombre  minimum  de  sessions  de  formation  est  fix\u00e9  \u00e0  huit.  Si  le  centre  de\nformation  ne  souhaite  r\u00e9aliser  que  des  sessions  de  FIMO,  le  nombre  minimum  de  sessions  de\nformation est fix\u00e9 \u00e0 trois.\nArticle   \n3   \nLe centre agr\u00e9\u00e9 s'engage \u00e0 mettre en place une orga nisation mat\u00e9rielle et p\u00e9dagogique adapt\u00e9e aux\nformations  dispens\u00e9es  et  d'informer,  dans  les  plus  brefs  d\u00e9lais,  la  Direction  r\u00e9gionale  et\nInterd\u00e9partementale  de  l'environnement, de  l'am\u00e9nagement  et  des  transports  d'\u00cele-de-France  de\ntoutes modifications affectant ses moyens humains et mat\u00e9riels.\nArticle    4   \nLe responsable du centre agr\u00e9\u00e9 par la pr\u00e9sente d\u00e9ci sion s'engage \u00e0 pr\u00e9senter au Pr\u00e9fet de r\u00e9gion\u2013\nDirection r\u00e9gionale et Interd\u00e9partementale de l'env ironnement, de l'am\u00e9nagement et des transports\nd'\u00cele-de-France- les pr\u00e9visions trimestrielles ains i que les bilans trimestriels et annuels des format ions\nr\u00e9alis\u00e9es.\nArticle   \n5   \nLe responsable du centre agr\u00e9\u00e9 s'engage \u00e0 faire sui vre aux formateurs et aux moniteurs d'entreprise,\ns'il y a lieu, les formations leur permettant de ma intenir et d'actualiser leurs connaissances dans le s\ndomaines dans lesquels ils assurent les formations professionnelles des conducteurs du transport\nroutier de marchandises.\n2/3\nDirection r\u00e9gionale et interd\u00e9partementale de l'environnement, de l'am\u00e9nagement et des transports d'\u00cele-de-France -\nIDF-2025-07-07-00015 - D\u00e9cision DRIEAT-IdF n\u00b02025-0589 8\nArticle    6   \nLe responsable du centre agr\u00e9\u00e9 s'engage \u00e0 s'assurer  que les organismes de formation agr\u00e9\u00e9s auxquels\nil  a  confi\u00e9  par  contrat  ou  convention  la  r\u00e9alisation  d'une  partie  des  formations  obligatoires  de\nconducteur routier respectent les dispositions du c ahier des charges ainsi que le programme des\nformations obligatoires de conducteur routier et \u00e0 communiquer chaque ann\u00e9e au Pr\u00e9fet de r\u00e9gion\n(Direction r\u00e9gionale et Interd\u00e9partementale de l'environnement, de l'am\u00e9nagement et des transports\nd'\u00cele-de-France), les nouveaux contrats ou conventi ons conclus dans l'ann\u00e9e \u00e9coul\u00e9e ainsi que les\nmodifications intervenues dans les contrats pr\u00e9c\u00e9dents durant cette m\u00eame p\u00e9riode.\nArticle   7   \nLe centre de formation agr\u00e9\u00e9 s'engage \u00e0 r\u00e9aliser lu i-m\u00eame dans tous les cas, y compris lorsqu'une\npartie des formations obligatoires a \u00e9t\u00e9 confi\u00e9e \u00e0 un autre organisme de formation agr\u00e9\u00e9, l'accueil\ndes stagiaires en formation, la v\u00e9rification de per mis de conduire, titres ou attestations requises et  \u00e0\nassurer l'\u00e9valuation finale de ces formations.\nArticle   \n8   \nTout manquement au respect des exigences du cahier des charges est susceptible d'entra\u00eener la \nsuspension, voire le retrait de l'agr\u00e9ment.\nL'agr\u00e9ment peut \u00eatre retir\u00e9 au centre de formation par d\u00e9cision du Pr\u00e9fet de r\u00e9gion.\nArticle   \n 9   \nLa port\u00e9e g\u00e9ographique de l'agr\u00e9ment est r\u00e9gionale.\nArticle   \n10   \nLa  directrice  r\u00e9gionale  et  interd\u00e9partementale  de  l'environnement,  de  l'am\u00e9nagement  et  des\ntransports d'\u00cele-de-France, est charg\u00e9e de l'ex\u00e9cution de la pr\u00e9sente d\u00e9cision.\n\u00c0 Paris, le 07/07/2025\nPour le Pr\u00e9fet et par subd\u00e9l\u00e9gation,\nL'Adjoint au Chef du D\u00e9partement R\u00e9gulation des Transports Routiers\n     \n                                     Ronan MEAR\n3/3\nDirection r\u00e9gionale et interd\u00e9partementale de l'environnement, de l'am\u00e9nagement et des transports d'\u00cele-de-France -\nIDF-2025-07-07-00015 - D\u00e9cision DRIEAT-IdF n\u00b02025-0589 9\nDirection r\u00e9gionale et interd\u00e9partementale de\nl'environnement, de l'am\u00e9nagement et des\ntransports d'\u00cele-de-France\nIDF-2025-07-07-00016\nD\u00e9cision DRIEAT-IdF n\u00b02025-0590\nDirection r\u00e9gionale et interd\u00e9partementale de l'environnement, de l'am\u00e9nagement et des transports d'\u00cele-de-France -\nIDF-2025-07-07-00016 - D\u00e9cision DRIEAT-IdF n\u00b02025-0590 10\nDirection r\u00e9gionale et interd\u00e9partementale\nde l'environnement, de l'am\u00e9nagement\net des transports d'\u00cele-de-France\nD\u00c9CISION DRIEAT-IdF n\u00b0 2025-0590\nLE PR\u00c9FET DE LA R\u00c9GION D'\u00ceLE-DE-FRANCE,\nPR\u00c9FET DE PARIS\nVu la Directive du Parlement europ\u00e9en et du Conseil du 15 juillet 2003 relative \u00e0 la qualification ini tiale et\n\u00e0  la  formation  continue  des  conducteurs  de  certains v\u00e9hicules  routiers  affect\u00e9s  aux  transports  de\nmarchandises et de voyageurs ;\nVu le code des transports\u00a0;\nVu l'arr\u00eat\u00e9  du 03 janvier 2008 modifi\u00e9 relatif \u00e0 l'agr\u00e9ment des centres de formation  professionnelle\nhabilit\u00e9s  \u00e0  dispenser  la  formation  professionnelle  initiale  et  continue  des  conducteurs  du  transport\nroutier de marchandises et de voyageurs ;\nVu l'arr\u00eat\u00e9 du 12 juin 2025 modifiant l'arr\u00eat\u00e9 du 03 janvier 2008 relatif au programme et aux modalit\u00e9 s de\nmise en \u0153uvre de la formation professionnelle initi ale et continue des conducteurs du transport routie r\nde marchandises et de voyageurs\u00a0;\nVu  l'arr\u00eat\u00e9  IDF-2022-07-19-00005  du  19  juillet  2022 portant  d\u00e9l\u00e9gation  de  signature  \u00e0  Madame\nEmmanuelle GAY, directrice r\u00e9gionale et interd\u00e9part ementale de l'environnement, de l'am\u00e9nagement et\ndes transports d'\u00cele-de-France en mati\u00e8re administrative\u00a0;\nVu  la  d\u00e9cision  DRIEAT-IdF  n\u00b02025-07-03-00009  du  3  juillet  2025 de  la  directrice  r\u00e9gionale  et\ninterd\u00e9partementale de l'environnement, de l'am\u00e9nag ement et des transports  d'\u00cele-de-France portant\nsubd\u00e9l\u00e9gation de signature en mati\u00e8re administrativ e pour le compte du Pr\u00e9fet de la r\u00e9gion d'\u00cele-de-\nFrance\u00a0; \nVu  la demande  d'agr\u00e9ment  pr\u00e9sent\u00e9e  par  le  centre  de formation  ALL  FORMATIONS  en  date  du  15\nd\u00e9cembre 2024.\nVu le contr\u00f4le sur site effectu\u00e9 par les agents habilit\u00e9s de la direction r\u00e9gionale et interd\u00e9partemen tale\nde l'environnement, de l'am\u00e9nagement et des transpo rts d'\u00cele-de-France en date du mercredi 11 juin\n2025.\n      \n      \n      \nSSTV/DRTR/DG/UE \n21/23 rue Miollis\u2013 75015 Paris\nStandard\u00a0:  01 40 61 80 80\nwww.drieat.ile-de-france.developpement-durable.gouv.fr\n1/3\nDirection r\u00e9gionale et interd\u00e9partementale de l'environnement, de l'am\u00e9nagement et des transports d'\u00cele-de-France -\nIDF-2025-07-07-00016 - D\u00e9cision DRIEAT-IdF n\u00b02025-0590 11\nD\u00c9CIDE\nArticle 1\nL'agr\u00e9ment pr\u00e9vu par l'arr\u00eat\u00e9 du 03 janvier 2008 mo difi\u00e9 sus-cit\u00e9 est accord\u00e9 au centre de formation\nALL FORMATIONS sis 4 rue de la Sabli\u00e8re 92230 GENNE VILLIERS, immatricul\u00e9 au RCS sous le num\u00e9ro\nSIRET 910 549 146 00017 pour assurer les formations  obligatoires d\u00e9finies par les textes sus-cit\u00e9s, au x\nconducteurs du transport routier de voyageurs FIMO- FCO et compl\u00e9mentaires dites passerelles pour\nune p\u00e9riode probatoire de six mois.\nArticle 2\n \nLe responsable du centre de formation s'engage \u00e0 re specter les programmes et les modalit\u00e9s de mise\nen \u0153uvre de la formation, fix\u00e9s par l'arr\u00eat\u00e9 du 12 juin 2025 modifiant l'arr\u00eat\u00e9 du 03 janvier 2008.\nLe centre agr\u00e9\u00e9 s'engage \u00e0 r\u00e9aliser au cours de cet te p\u00e9riode de six mois, au minimum une session\nde\u00a0formation initiale minimale obligatoire (FIMO) e t six sessions compl\u00e8tes de formation continue\nobligatoire (FCO) ou de formation compl\u00e9mentaire d\u00e9 nomm\u00e9e J\u00a0passerelle\u00a0K, mentionn\u00e9e dans le\nCode des transports sus-vis\u00e9, dans le secteur du tr ansport de marchandises. Chacune de ces sessions\ndevra comporter au moins huit stagiaires. Si le cen tre de formation ne souhaite r\u00e9aliser que des\nsessions  de  FCO,  le  nombre  minimum  de  sessions  de  formation  est  fix\u00e9  \u00e0  huit.  Si  le  centre  de\nformation  ne  souhaite  r\u00e9aliser  que  des  sessions  de  FIMO,  le  nombre  minimum  de  sessions  de\nformation est fix\u00e9 \u00e0 trois.\nArticle   \n3   \nLe centre agr\u00e9\u00e9 s'engage \u00e0 mettre en place une orga nisation mat\u00e9rielle et p\u00e9dagogique adapt\u00e9e aux\nformations  dispens\u00e9es  et  d'informer,  dans  les  plus  brefs  d\u00e9lais,  la  Direction  r\u00e9gionale  et\nInterd\u00e9partementale  de  l'environnement,  de  l'am\u00e9nagement  et  des  transports  d'\u00cele-de-France  de\ntoutes modifications affectant ses moyens humains et mat\u00e9riels.\nArticle    4   \nLe responsable du centre agr\u00e9\u00e9 par la pr\u00e9sente d\u00e9ci sion s'engage \u00e0 pr\u00e9senter au Pr\u00e9fet de r\u00e9gion\u2013\nDirection r\u00e9gionale et Interd\u00e9partementale de l'env ironnement, de l'am\u00e9nagement et des transports\nd'\u00cele-de-France- les pr\u00e9visions trimestrielles ains i que les bilans trimestriels et annuels des format ions\nr\u00e9alis\u00e9es.\nArticle   \n5   \nLe responsable du centre agr\u00e9\u00e9 s'engage \u00e0 faire sui vre aux formateurs et aux moniteurs d'entreprise,\ns'il y a lieu, les formations leur permettant de ma intenir et d'actualiser leurs connaissances dans le s\ndomaines dans lesquels ils assurent les formations professionnelles des conducteurs du transport\nroutier de voyageurs.\n2/3\nDirection r\u00e9gionale et interd\u00e9partementale de l'environnement, de l'am\u00e9nagement et des transports d'\u00cele-de-France -\nIDF-2025-07-07-00016 - D\u00e9cision DRIEAT-IdF n\u00b02025-0590 12\nsig\"\nArticle    6   \nLe responsable du centre agr\u00e9\u00e9 s'engage \u00e0 s'assurer  que les organismes de formation agr\u00e9\u00e9s auxquels\nil  a  confi\u00e9  par  contrat  ou  convention  la  r\u00e9alisation  d'une  partie  des  formations  obligatoires  de\nconducteur routier respectent les dispositions du c ahier des charges ainsi que le programme des\nformations obligatoires de conducteur routier et \u00e0 communiquer chaque ann\u00e9e au Pr\u00e9fet de r\u00e9gion\n(Direction r\u00e9gionale et Interd\u00e9partementale de l'environnement, de l'am\u00e9nagement et des transports\nd'\u00cele-de-France), les nouveaux contrats ou conventi ons conclus dans l'ann\u00e9e \u00e9coul\u00e9e ainsi que les\nmodifications intervenues dans les contrats pr\u00e9c\u00e9dents durant cette m\u00eame p\u00e9riode.\nArticle   7   \nLe centre de formation agr\u00e9\u00e9 s'engage \u00e0 r\u00e9aliser lu i-m\u00eame dans tous les cas, y compris lorsqu'une\npartie des formations obligatoires a \u00e9t\u00e9 confi\u00e9e \u00e0 un autre organisme de formation agr\u00e9\u00e9, l'accueil\ndes stagiaires en formation, la v\u00e9rification de per mis de conduire, titres ou attestations requises et  \u00e0\nassurer l'\u00e9valuation finale de ces formations.\nArticle   \n8   \nTout manquement au respect des exigences du cahier des charges est susceptible d'entra\u00eener la \nsuspension, voire le retrait de l'agr\u00e9ment.\nL'agr\u00e9ment peut \u00eatre retir\u00e9 au centre de formation par d\u00e9cision du Pr\u00e9fet de r\u00e9gion.\nArticle   \n 9   \nLa port\u00e9e g\u00e9ographique de l'agr\u00e9ment est r\u00e9gionale.\nArticle   \n10   \nLa  directrice  r\u00e9gionale  et  interd\u00e9partementale  de  l'environnement,  de  l'am\u00e9nagement  et  des\ntransports d'\u00cele-de-France, est charg\u00e9e de l'ex\u00e9cution de la pr\u00e9sente d\u00e9cision.\n\u00c0 Paris, le 07/07/2025\nPour le Pr\u00e9fet et par subd\u00e9l\u00e9gation,\nl'Adjoint au Chef du D\u00e9partement R\u00e9gulation des Transports Routiers\n   Ronan MEAR\n3/3\nDirection r\u00e9gionale et interd\u00e9partementale de l'environnement, de l'am\u00e9nagement et des transports d'\u00cele-de-France -\nIDF-2025-07-07-00016 - D\u00e9cision DRIEAT-IdF n\u00b02025-0590 13","date":"2025-07-10","first_seen_on":"2025-07-10T16:55:28+00:00","id":"d1e505cffab0627d7adc68be1f11460e3d94ac94c840e944bff857f1c5122650","name":"recueil-idf-020-2025-07-recueil-des-actes-administratifs-special du 10.07.2025","pdf_creation_date":"2025-07-10T15:12:03+00:00","pdf_modification_date":null,"timezone":"Europe/Paris","url":"https://www.prefectures-regions.gouv.fr/ile-de-france/irecontenu/telechargement/129429/953121/file/recueil-idf-020-2025-07-recueil-des-actes-administratifs-special%20du%2010.07.2025.pdf"}
