{"administration":"pref50","administration_name":"Pr\u00e9fecture de la Manche","content":"RECUEIL DES ACTES\nADMINISTRATIFS\nDE LA MANCHE\nDOCUMENTATION\nET\nINFORMATIONS\nOCTOBRE 2023\nNUMERO SPECIAL N\u00b0 92\nLe contenu int\u00e9gral des textes et/ou les documents et plans annex\u00e9s\npeut \u00eatre consult\u00e9 aupr\u00e8s du service sous le timbre duquel la publication\nest r\u00e9alis\u00e9e et sur le site Internet de la pr\u00e9fecture :\nhttp://www.manche.gouv.fr\nRubrique : Publications - Annonces et avis - Recueil des actes administratifs\n\nS O M M A I R E\nDIRECTION DEPARTEMENTALE DE L'EMPLOI, DU TRAVAIL ET DES SOLIDARITES.......................................................................................2\nArr\u00eat\u00e9 du 20 octobre 2023 portant composition du conseil m\u00e9dical relatif aux agents des collectivit\u00e9s territoriales.............................................2\n\uf0bf\nDIRECTION DEPARTEMENTALE DE L'EMPLOI, DU TRAVAIL ET DES SOLIDARITES\nArr\u00eat\u00e9 du 20 octobre 2023 portant composition du conseil m\u00e9dical relatif aux agents des collectivit\u00e9s territoriales\nConsid\u00e9rant le courrier du conseil d\u00e9partemental de la Manche en date du 25 janvier 2023 d\u00e9signant les repr\u00e9sentants du personnel ;\nConsid\u00e9rant le courrier du Centre de Gestion de la fonction publique de la Manche en date du 13 janvier 2023 d\u00e9signant les repr\u00e9sentants du\npersonnel ;\nConsid\u00e9rant le courrier de la ville de Cherbourg en Cotentin en date du 6 f\u00e9vrier 2023 d\u00e9signant les repr\u00e9sentants du personnel ;\nConsid\u00e9rant le courrier de la communaut\u00e9 d'agglom\u00e9ration du Cotentin en date du 25 janvier 2023 d\u00e9signant les repr\u00e9sentants du personnel ;\nConsid\u00e9rant l'arr\u00eat\u00e9 du 19 janvier 2023 de la r\u00e9gion Normandie d\u00e9signant les repr\u00e9sentants du personnel ;\nConsid\u00e9rant le courrier du 5 octobre 2023 du service d\u00e9partemental d'incendie et de secours de la Manche d\u00e9signant les repr\u00e9sentants des\nsapeurs pompiers volontaires\nArt. 1 : Le conseil m\u00e9dical d\u00e9partemental en formation pl\u00e9ni\u00e8re si\u00e9geant pour les agents des collectivit\u00e9s territoriales est fix\u00e9 ainsi qu'il suit :\nTrois m\u00e9decins\nDeux repr\u00e9sentants de l'administration\nDeux repr\u00e9sentants du personnel\nCOLLECTIVITES AFFILIEES AU CENTRE DE GESTION\nRepr\u00e9sentants de l'administration\nTitulaire :     M. Jacques GROMELLON\nSuppl\u00e9ants : M. Alain SEVEQUE\nMme Christine LESOUEF\nTitulaire :     M. Alain LECLERE\nSuppl\u00e9ants : M. Francis D'HULST\nM. Lo\u00efc RENIMEL\nRepr\u00e9sentants du personnel\nCATEGORIE A\nTitulaire :   M. Louis GUILLOTTE (SNDGCT)\nSuppl\u00e9ants :  M. Bruno LOUIDET \nM. Dominique LOYANT \nTitulaire :     Mme Emmanuelle LEFRANCAIS (FA-FPT)\nSuppl\u00e9ants :  Mme Emmanuelle SIOT\nMme Julie MALBEC\nCATEGORIE B\nTitulaire :     Mme Liliane LORANT-LEBAHY (FA-FPT)\nSuppl\u00e9ants :  Mme Val\u00e9rie BERNARD \nM. Bertrand FAUDEMER \nTitulaire :     M. Yves-Marie TARDIF (CGT)\nSuppl\u00e9ants :  M. Dominique CHARONDIERE \nM. Johann HELAINE \nCATEGORIE C\nTitulaire :     M. Thierry BOTELLA (CFDT)\nSuppl\u00e9ants :  M. Guy DELACOTTE \nMme Val\u00e9rie POIGNANT \nTitulaire :      M. David MIGNOT (CGT)\nSuppl\u00e9ants :  Mme Josette PERRON \nMme V\u00e9ronique LEPOTIER \nCOMMUNAUTE D'AGGLOMERATION DU COTENTIN\n Repr\u00e9sentants de l'administration\n Titulaire :     Mme Christ\u00e8le CASTELEIN\nSuppl\u00e9ants : M. Jean-Fran\u00e7ois LAMOTTE\nMme Agn\u00e8s TAVARD\nTitulaire :      M. Fran\u00e7ois ROUSSEAU\nSuppl\u00e9ants : Mme V\u00e9ronique MARTIN MORVAN\nM. Yves ASSELINE\nRepr\u00e9sentants du personnel\nCATEGORIE A\nTitulaire :      M. Jean-Louis LEGOUIX (FA-FPT)\nSuppl\u00e9ants :  M. Bertrand BACHELET\nM. Eric NOEL\nTitulaire :     M. Patrick CEUNINCK (FA-FPT)\nSuppl\u00e9ants :  Mme Elodie MANDART\nMme Morgane JESTIN-SANSON\nCATEGORIE B\nTitulaire :       M. Yves TENDREL (FA-FPT)\nSuppl\u00e9ants :  M. Jean-Fran\u00e7ois GUYOT\nM. Philippe SAUTHOFF\nTitulaire :       Mme Delphine QUIEDEVILLE (FA-FPT)\nSuppl\u00e9ants :  Mme Carole DERVAUX\nMme Sandrine AUVRAY\nCATEGORIE C\nTitulaire :      Mme Isabelle DUPIN (CGT)\nSuppl\u00e9ants :  Mme Lise LEMAGNEN\nM. Ludovic LANGLOIS\n Titulaire :     M. Jean-Luc FAUDEMER (FA-FPT)\nSuppl\u00e9ants :  M. Patrice LODDE\nM. David RIGOBERT\nVILLE de CHERBOURG EN COTENTIN\n Repr\u00e9sentants de l'administration\nTitulaire :      Mme Agn\u00e8s TAVARD \nSuppl\u00e9ants : Mme Lydie LE POITTEVIN\nMme Martine GRUNEWALD\nTitulaire :      M. Gilbert LEPOITTEVIN\nSuppl\u00e9ants : M. Noureddine BOUSSELMANE\nMme Sylvie LAINE\n Repr\u00e9sentants du personnel\n CATEGORIE A\nTitulaire :     Mme Adeline TEXIER (FO)\nSuppl\u00e9ant :  Mme Corinne DUCREUX \nSi\u00e8ge FO \u00e0 pourvoir\nTitulaire :     Mme Catherine RIAHI (CGT)\nSuppl\u00e9ant :   M. Simon LOUISET\nSi\u00e8ge CGT \u00e0 pourvoir\nCATEGORIE B\nTitulaire :     M. Franck LAMOTTE (FO)\nSuppl\u00e9ant :   Mme Gwena\u00eblle PERROTTE\nSi\u00e8ge FO \u00e0 pourvoir \nTitulaire :     Mme Elise BUHOT (CGT)\nSuppl\u00e9ants : Mme Corine LEDOUX\nM. Maxime DEBOUT\nCATEGORIE C\nTitulaire :      M. Paul SZAFIRKO (CGT)\nSuppl\u00e9ants : Mme Elodie LEMPERIERE\nMme Marylise GERVAUX \nTitulaire :      M. Fr\u00e9d\u00e9ric LECROSNIER (FO)\nSuppl\u00e9ants : M. Laurent CARRE\nSi\u00e8ge FO \u00e0 pourvoir\nREGION NORMANDIE\nRepr\u00e9sentants de l'administration\nTitulaire :     Madame Val\u00e9rie LAISNEY\nSuppl\u00e9ants : M. Olivier PJANIC\nM. Guillaume HEDOUIN\nTitulaire :     Mme St\u00e9phanie MAUB\u00c9\nSuppl\u00e9ants : Mme Florence MAZIER\nMme Claire ROUSSEAU\nRepr\u00e9sentant du personnel\nCATEGORIE A\nTitulaire :     M. Samuel LESART (CFDT)\nSuppl\u00e9ants : Mme Nad\u00e8ge DORNER\nM. Maxime LEPAILLEUR\nTitulaire :     M. Eric BIARD (CFDT)\nSuppl\u00e9ants : M. Vincent AUBIN\nM. Benjamin BOULAY \nCATEGORIE B\nTitulaire :     M. Pascal CLEMENCE (CGT)\nSuppl\u00e9ants : M. Fabien LUCAS \nM. Benjamin LEPRETTRE \nTitulaire :     Mme Mathilde ANGER (CFDT)\nSuppl\u00e9ants : Mme H\u00e9l\u00e8ne THIBERGE\nMme Peggy MESSIER\nCATEGORIE C\nTitulaire :     Mme Sylvie LECLAIRE (CGT)\nSuppl\u00e9ants : Mme Maryse ZUIANI\nM. Sylvain CARME\nTitulaire :     Mme Val\u00e9rie LAROQUE (CFDT)    \nSuppl\u00e9ants : M. Alain ANGOT \nM. Michel LEMOUSSU\nCONSEIL DEPARTEMENTAL\nRepr\u00e9sentants de l'administration\nTitulaire :    Mme Carine GRASSET-MAHIEU\nSuppl\u00e9ants : M. Jean-Claude BRAUD\nM. Jacques COQUELIN\nTitulaire :     Mme Odile LEFAIX-VERON\n Suppl\u00e9ants : M. Herv\u00e9  DESSEROUER\nMme Emmanuelle BELLEE\nRepr\u00e9sentants du personnel\nCATEGORIE A\nTitulaire :     M. Serge JARDIN (CGT)\nSuppl\u00e9ants : M. Thierry MARI\u00c9\nMme V\u00e9ronique NOUET\nTitulaire :     Mme Christine FICHOU (CFDT)\nSuppl\u00e9ants : Mme Katy ALMIN\nMme Isabelle LEVOY \nCATEGORIE B\nTitulaire :     Mme Catherine LEGRAIN (FA-FPT)\nSuppl\u00e9ants : M. Arnaud LEHALLAIS\nMme Coralie LAFR\u00c9CHOUX\nTitulaire :     M. Christophe SUEUR (CFDT)\nSuppl\u00e9ants : Mme Peggy B\u00c9ZARD \nM. S\u00e9bastien GIRARD\nCATEGORIE C\nTitulaire :     M. Romain DUVAL (FO)\nSuppl\u00e9ants : M. Sylvain HELEINE \nM. Franck LECONTE \nTitulaire :     M. St\u00e9phane LEMESLE (CGT)\nSuppl\u00e9ants : Mme Marina LEFRANC\nM. Fabrice SURBLED\nSERVICE DEPARTEMENTAL D'INCENDIE ET DE SECOURS\nSAPEURS POMPIERS PROFESSIONNELS\nRepr\u00e9sentants de l'administration\nTitulaire :     M. Franck ESNOUF\nSuppl\u00e9ants : M. Michel RICHOMME\nM. Gille LELONG\nTitulaire :     Mme Carine GRASSET-MAHIEU\nSuppl\u00e9ants : Mme Marine DEFOY\nM. Philippe GOSSELIN\n Repr\u00e9sentants du personnel des sapeurs pompiers professionnels\nCATEGORIE A\nGroupe de base\nTitulaire :   Infirmi\u00e8re Pauline EURY (SPASDIS)\nSuppl\u00e9ants : Infirmi\u00e8re Aude DOUSSIN\nCommandant Jean-Yves FOUQUET (AVENIR SECOURS)\nTitulaire :   Lieutenant Colonel Franck MAILLARD\nSuppl\u00e9ants : Lieutenant-colonel St\u00e9phane POULAIN (AVENIR SECOURS)\nCapitaine Robinson PICHANCOURT\nGroupe sup\u00e9rieur\nTitulaire :   Colonel hors classe Patrick SORIEUL (ANDSIS)\nSuppl\u00e9ant : Si\u00e8ge \u00e0 pourvoir\nTitulaire :   M\u00e9decin Norbert BERGINAT\nSuppl\u00e9ant : Si\u00e8ge \u00e0 pourvoir\nCATEGORIE B\nGroupe de base\nTitulaire :   Lieutenant Damien CATTEAU (SPASDIS)\nSuppl\u00e9ant : Lieutenant Jean-Fran\u00e7ois LEROUX\nTitulaire :   Lieutenant Christophe PASSAYS\nSuppl\u00e9ant : Lieutenant Philippe LECLERRE (AVENIR SECOURS)\nGroupe sup\u00e9rieur\nTitulaire :   Lieutenant Jordan CAILLAUD (AVENIR SECOURS)\nSuppl\u00e9ants : Lieutenant Maxime BAUDIN\nLieutenant Chlo\u00e9 BERTIN (AVENIR SECOURS)\nTitulaire :  Lieutenant Florent PIZZALA\nSuppl\u00e9ants: Lieutenant Fabien VAUDELET (SPASDIS)\nLieutenant Yvan VRAC (AVENIR SECOURS)\nCATEGORIE C\nTitulaire :   Sergent Cyrille LEFRANC (SPASDIS CFTC)\nSuppl\u00e9ants : Adjudant-chef Ghislain GERARD (SPASDIS CFTC)\nAdjudant Jean-Fran\u00e7ois MAYEUR (SPASDIS CFTC)\nTitulaire :   Adjudant Nicolas MANCEAU (CGT)\nSuppl\u00e9ants : Adjudant-chef Guillaume LE MOING (CGT)\nAdjudant-chef Vanessa LAIR (SPASDIS CFTC)\nSAPEURS POMPIERS VOLONTAIRES\nRepr\u00e9sentants de l'administration\nTitulaire :    M. Franck ESNOUF\nSuppl\u00e9ant :   Mme Carine GRASSET\nRepr\u00e9sentants du personnel\n Officiers professionnels, chefs de centre :\nTitulaire :   Lieutenant Sandrine ASSELIN\nSuppl\u00e9ant :   Lieutenant Christophe CHRETIEN \nCommandants\nTitulaire :   M. Fr\u00e9d\u00e9ric DUCHEMIN \nSuppl\u00e9ant : M. Herv\u00e9 FLEURY\nCapitaines\nTitulaire :   M. Sylvain COLLEU \nSuppl\u00e9ant :   M. Ludovic MIGNOT\nLieutenants\nTitulaire :   Mme Christelle CHAUVIN \nSuppl\u00e9ant :   M. Anthony DALLAIN\nAdjudants - Adjudants-Chefs\nTitulaire :   Mme Julie TELLIER \n Suppl\u00e9ant :  M. St\u00e9phane LAUNEY\nSergents - Sergents-Chefs\nTitulaire :    M. Cl\u00e9ment LETERRIER\nSuppl\u00e9ant :   Mme Emilie PHILIPPE\nCaporaux - Caporaux-Chefs\nTitulaire :   M. Maxime GOUTAL \nSuppl\u00e9ant :  M. Pierre-Luc DELAUNAY\nSapeurs \nTitulaire : M. Justine DELAHAYE\nSuppl\u00e9ant : M. Pierre LEMONNIER\nArt. 2  : Les membres du conseil m\u00e9dical sont nomm\u00e9s pour la dur\u00e9e du mandat de la commission administrative paritaire. Ce mandat est\nprolong\u00e9 jusqu'\u00e0 ce qu'il soit proc\u00e9d\u00e9 \u00e0 une nouvelle d\u00e9signation.\nArt. 3 : Toutes dispositions ant\u00e9rieures au pr\u00e9sent arr\u00eat\u00e9 sont abrog\u00e9es.\nArt. 4 : Le pr\u00e9sent arr\u00eat\u00e9 sera publi\u00e9 au recueil des actes administratifs de la pr\u00e9fecture de la Manche.\nArt. 5 : Cet arr\u00eat\u00e9 peut faire l'objet d'un recours administratif  dans un d\u00e9lai de deux mois \u00e0 compter de sa publication : Soit un recours gracieux\naupr\u00e8s de mes services soit un recours hi\u00e9rarchique aupr\u00e8s du ministre des solidarit\u00e9s, de l'autonomie et des personnes handicap\u00e9es\nS'il n'est pas r\u00e9pondu dans un d\u00e9lai de deux mois \u00e0 compter de la date de r\u00e9ception du recours par mes services, celui-ci doit \u00eatre consid\u00e9r\u00e9\ncomme implicitement rejet\u00e9. Cette d\u00e9cision ouvre alors la possibilit\u00e9 de saisir la juridiction administrative dans un d\u00e9lai de deux mois. \nUn recours contentieux peut \u00eatre introduit devant le tribunal administratif de Caen dans un d\u00e9lai de deux mois \u00e0 compter la notification de la\npr\u00e9sente d\u00e9cision (ou de la date du rejet du recours gracieux ou hi\u00e9rarchique) ou de sa publication pour les tiers. Le tribunal administratif peut-\n\u00eatre saisi par l'application informatique \u00ab t\u00e9l\u00e9recours citoyens \u00bb accessible par le site internet www.telerecours.fr\nSign\u00e9 : Pour le pr\u00e9fet, la secr\u00e9taire g\u00e9n\u00e9rale : Perrine SERRE\n\uf0bf\nD\u00e9partement de la Manche - Imprimerie administrative - Directeur de la publication : Mme la Secr\u00e9taire g\u00e9n\u00e9rale","date":"2023-10-27","first_seen_on":"2025-07-18T12:17:48+00:00","id":"d2b48e529679fad325c72b8151390016475eb0b7e36aa5ba0d9b99b29b39f3d2","name":"RAA SP n\u00b092","pdf_creation_date":"2023-10-27T13:54:22+00:00","pdf_modification_date":null,"timezone":"Europe/Paris","url":"https://www.manche.gouv.fr/contenu/telechargement/58421/452582/file/SP%2092%20-%20NON%20INDEXE.pdf"}
