{"administration":"pref30","administration_name":"Pr\u00e9fecture du Gard","content":"PR\u00c9FET\nDU GARD\nRECUEIL DES ACTES\nADMINISTRATIFS SP\u00c9CIAL\nN\u00b030-2024-078\nPUBLI\u00c9 LE 17 MAI 2024\nSommaire\nAgence R\u00e9gionale de la Sant\u00e9- d\u00e9l\u00e9gation d\u00e9partementale du Gard /\n30-2024-05-17-00004 - Arr\u00eat\u00e9 portant  r\u00e9quisition pharmacie  Guichard \u00e0 St\nGilles  (2 pages) Page 3\n30-2024-05-17-00003 - ART  portant  r\u00e9quisition de la pharmacie  des Sablas\n\u00e0  Montaren  (2 pages) Page 6\n30-2024-05-17-00002 - ART r\u00e9quisition pharmacie Robiac  (2 pages) Page 9\nDirection d\u00e9partementale de l'\u00e9conomie, de l'emploi, du travail et des\nsolidarit\u00e9s  /\n30-2024-05-15-00002 - SDDETS-ET1-24051517130 (4 pages) Page 12\nDirection D\u00e9partementale des Tetrritoires et de la Mer du Gard /\n30-2024-05-17-00001 - Arr\u00eat\u00e9 d\u00e9signant les organismes agr\u00e9\u00e9s pour\neffectuer les missions d\u25a1audits global de l\u25a1exploitation agricole (3 pages) Page 17\nPrefecture du Gard /\n30-2024-05-16-00004 - arr\u00eat\u00e9 autorisant la captation, l'enregistrement et la\ntransmission d'images au moyen de cam\u00e9ras install\u00e9es sur des a\u00e9ronefs (3\npages) Page 21\nSous Pr\u00e9fecture d'Al\u00e8s /\n30-2024-05-13-00007 - Arr\u00eat\u00e9 autorisation appel g\u00e9n\u00e9rosit\u00e9 publique\nn\u00b024-05-13 du 13 mai 2024 Monast\u00e8re de Solan (3 pages) Page 25\n30-2024-05-13-00008 - arr\u00eat\u00e9 de renouvellement n\u00b024-05-05 du 13-05-2024\npour 5 ans Assistances Transports Fun\u00e9raires - ATF (2 pages) Page 29\n2\nAgence R\u00e9gionale de la Sant\u00e9- d\u00e9l\u00e9gation\nd\u00e9partementale du Gard\n30-2024-05-17-00004\nArr\u00eat\u00e9 portant  r\u00e9quisition pharmacie  Guichard\n\u00e0 St Gilles \nAgence R\u00e9gionale de la Sant\u00e9- d\u00e9l\u00e9gation d\u00e9partementale du Gard - 30-2024-05-17-00004 - Arr\u00eat\u00e9 portant  r\u00e9quisition pharmacie \nGuichard \u00e0 St Gilles 3\n= arPREFETDU GARD @ Agerce R\u00e9gonae de Sant\u00e9g OccitanieLibert\u00e9\u00c9galit\u00e9 .Praternit\u00e9 D\u00e9l\u00e9gation d\u00e9partementale du GardLe Pr\u00e9fet du Gard\n_ ARRETEPortant r\u00e9quisition d'une officine de pharmacieLe Pr\u00e9fet du GardChevalier de la L\u00e9gion d'honneurChevalier de l'ordre national du M\u00e9rite\nVU le code de la sant\u00e9 publiqu\u00e7fi et notamment les articles L.5125-17 et R.4235-49 ;VU le code g\u00e9n\u00e9ral des collectivit\u00e9s territoriales et notamment les articles L.2212-2 etL.2215-1,VU le d\u00e9cret n\u00b0 2004-374 du 29 avril 2004 modifi\u00e9 relatif aux pouvoirs des pr\u00e9fets,VU le d\u00e9cret n\u00b02010-336 du 31 mars 2010 portant cr\u00e9ation des agences r\u00e9gionales desant\u00e9 ;VU l'arr\u00e9t\u00e9 ARS-OC/2024-2929 en date du 16 mai 2024 fixant le service de garde etd'urgence des officines de pharmacie dans le Gard ;VU le courrier en date du 16 mai 2024 de Monsieur le Directeur G\u00e9n\u00e9ral de l'AgenceR\u00e9gionale de Sant\u00e9 Occitanie ;VU l'appel \u00e0 la gr\u00e8ve des services de garde et d'urgence d\u00e9pos\u00e9 par l'union syndicaledes pharmaciens d''officine pour la p\u00e9riode du 18 au 20 Mai 2024 ;VU le courriel du 15 mai 2024 de la pharmacie Guichard situ\u00e9e au 13 bis avenueMarcellin Berthelot \u00e0 Saint-Gilles informant l'Agence R\u00e9gionale de Sant\u00e9 Occitaniede sa d\u00e9cision de ne pas participer aux services de garde et d'urgence.Consid\u00e9rant le risque de difficult\u00e9 d'approvisionnement en m\u00e9dicaments de lapopulation en cas de fermeture d'une d'officine de pharmacie et par voie decons\u00e9quence le risque sanitaire pour les patients :Sur proposition de Monsieur le Directeur G\u00e9n\u00e9ral de l'Agence R\u00e9gionale de Sant\u00e9Occitanie ; ARRETEArticle 1 : La pharmacie Guichard situ\u00e9e au 13 bis avenue Marcellin Berthelot \u00e0 Saint-Gilles est r\u00e9quisitionn\u00e9e pour assurer le service pharmaceutique de garde et d'urgencedu dimanche 19 mai 2024 de 8 heures \u00e0 20 heures.\nAgence R\u00e9gionale de la Sant\u00e9- d\u00e9l\u00e9gation d\u00e9partementale du Gard - 30-2024-05-17-00004 - Arr\u00eat\u00e9 portant  r\u00e9quisition pharmacie \nGuichard \u00e0 St Gilles 4\nArticle 2 : Le ou les pharmaciens titulaires de l'officine sont charg\u00e9s de l'organisationde la continuit\u00e9 du fonctionnement de leur officine pendant la p\u00e9riode de r\u00e9quisition.Article 3 : Le pr\u00e9sent arr\u00eat\u00e9 est notifi\u00e9 au(x) titulaire(s) de l'officine.Article 4 : Le recours \u00e9ventuel contre le pr\u00e9sent arr\u00eat\u00e9 doit parvenir au TribunalAdministratif territorialement comp\u00e9tent dans un d\u00e9lai de deux mois \u00e0 compter de sanotification pour les personnes auxquelles il a \u00e9t\u00e9 notifi\u00e9. Le Tribunal Administratif peut\u00eatre saisi par l'application informatique \u00ab T\u00e9l\u00e9recours citoyens \u00bb accessible par le siteinternet www.telerecours.frArticle 5: Monsieur le Secr\u00e9taire G\u00e9n\u00e9ral de la Pr\u00e9fecture du Gard, Monsieur leDirecteur D\u00e9partemental du Gard de I'Agence R\u00e9gionale.de Sant\u00e9 sont charg\u00e9s,chacun en ce qui le concerne, de l'ex\u00e9cution du pr\u00e9sent arr\u00eat\u00e9.Faita \" le\nLe pr\u00e9fet du Gard\n0 J\u00e9r\u00f4me BONET\nNimes\n17/05/2024\nAgence R\u00e9gionale de la Sant\u00e9- d\u00e9l\u00e9gation d\u00e9partementale du Gard - 30-2024-05-17-00004 - Arr\u00eat\u00e9 portant  r\u00e9quisition pharmacie \nGuichard \u00e0 St Gilles 5\nAgence R\u00e9gionale de la Sant\u00e9- d\u00e9l\u00e9gation\nd\u00e9partementale du Gard\n30-2024-05-17-00003\nART  portant  r\u00e9quisition de la pharmacie  des\nSablas \u00e0  Montaren \nAgence R\u00e9gionale de la Sant\u00e9- d\u00e9l\u00e9gation d\u00e9partementale du Gard - 30-2024-05-17-00003 - ART  portant  r\u00e9quisition de la pharmacie \ndes Sablas \u00e0  Montaren 6\nPrin AlPREFETDU GARD @ ) Agence R\u00e9gionale de Sant\u00e9; OccitanieLibert\u00e9- \u00c9galit\u00e9Fraternit\u00e9 . D\u00e9l\u00e9gation d\u00e9partementale du GardLe Pr\u00e9fet du Gard\nARRETEPortant r\u00e9quisition d'une officine de pharmacie\nLe Pr\u00e9fet du GardChevalier de la L\u00e9gion d'honneurChevalier de l'ordre national du M\u00e9rite\nVU le code de la sant\u00e9 publique et notamment les articles L.5125-17 et R.4235-49 ;VU le code g\u00e9n\u00e9ral des collectivit\u00e9s territoriales et notamment les articles L.2212-2 etL.2215-1,VU le d\u00e9cret n\u00b0 2004-374 du 29 avril 2004 modifi\u00e9 relatif aux pouvoirs des pr\u00e9fets,VU le d\u00e9cret n\u00b02010-336 du 31 mars 2010 portant cr\u00e9ation des agences r\u00e9gionales desant\u00e9 ;VU l'arr\u00eat\u00e9 ARS-OC/2024-2929 en date du 16 mai 2024 fixant le service de garde etd'urgence des officines de pharmacie dans le Gard ;VU le courrier en date du 16 mai 2024 de Monsieur le Directeur G\u00e9n\u00e9ral de l'AgenceR\u00e9gionale de Sant\u00e9 Occitanie ;VU l'appel \u00e0 la gr\u00e9ve des services de garde et d'urgence d\u00e9pos\u00e9 par l'union syndicaledes pharmaciens d'officine pour la p\u00e9riode du 18 au 20 Mai 2024 ;VU le courriel du 7 mai 2024 de la pharmacie des Sablas situ\u00e9e \u00e0 Montaren informantl''Agence R\u00e9gionale de Sant\u00e9 Occitanie de sa d\u00e9cision de ne pas participer auxservices de garde et d'urgenceConsid\u00e9rant le risque de difficult\u00e9 d'approvisionnement en m\u00e9dicaments de lapopulation en cas de fermeture d'une d'officine de pharmacie et par voie decons\u00e9quence le risque sanitaire pour les patients :Sur proposition de Monsieur le Directeur G\u00e9n\u00e9ral de l'Agence R\u00e9gionale de Sant\u00e9Occitanie ; ARRETEArticle 1 : La pharmacie des Sablas situ\u00e9e \u00e0 Montaren est r\u00e9quisitionn\u00e9e pour assurerle service pharmaceutique de garde et d'urgence du lundi 20 mai 2024 de 8 heures \u00e020 heures.\nAgence R\u00e9gionale de la Sant\u00e9- d\u00e9l\u00e9gation d\u00e9partementale du Gard - 30-2024-05-17-00003 - ART  portant  r\u00e9quisition de la pharmacie \ndes Sablas \u00e0  Montaren 7\nArticle 2 : Le ou les pharmaciens titulaires de l'officine sont charg\u00e9s de l'organisationde la continuit\u00e9 du fonctionnement de leur officine pendant la p\u00e9riode de r\u00e9quisition.Article 3 : Le pr\u00e9sent arr\u00e9t\u00e9 est notifi\u00e9 au(x) titulaire(s) de I'officine.Article 4 : Le recours \u00e9ventuel contre le pr\u00e9sent arr\u00eat\u00e9 doit parvenir au TribunalAdministratif territorialement comp\u00e9tent dans un d\u00e9lai de deux mois \u00e0 compter de sanotification pour les personnes auxquelles il a \u00e9t\u00e9 notifi\u00e9. Le Tribunal Administratif peut\u00eatre saisi par l'application informatique \u00ab T\u00e9l\u00e9recours citoyens \u00bb accessible par le siteinternet www.telerecours.fr ' 'Article 5: Monsieur le Secr\u00e9taire G\u00e9n\u00e9ral de la Pr\u00e9fecture du Gard, Monsieur leDirecteur D\u00e9partemental du Gard de I'Agence R\u00e9gionale de Sant\u00e9 sont charg\u00e9s,chacun en ce qui le concerne, de l'ex\u00e9cution du pr\u00e9sent arr\u00eat\u00e9.Fait\u00e0 Je\nLe pr\u00e9fet du Gard\nJ\u00e9r\u00f4me BONET\n2/2\nNimes\n17/05/2024\nAgence R\u00e9gionale de la Sant\u00e9- d\u00e9l\u00e9gation d\u00e9partementale du Gard - 30-2024-05-17-00003 - ART  portant  r\u00e9quisition de la pharmacie \ndes Sablas \u00e0  Montaren 8\nAgence R\u00e9gionale de la Sant\u00e9- d\u00e9l\u00e9gation\nd\u00e9partementale du Gard\n30-2024-05-17-00002\nART r\u00e9quisition pharmacie Robiac \nAgence R\u00e9gionale de la Sant\u00e9- d\u00e9l\u00e9gation d\u00e9partementale du Gard - 30-2024-05-17-00002 - ART r\u00e9quisition pharmacie Robiac 9\nPR AlPREFET |DU GARD @ > Agence R\u00e9gionale de Sant\u00e9= OccitanieLibert\u00e9 -\u00c9galit\u00e9Fraternit\u00e9_ D\u00e9l\u00e9gation d\u00e9partementale du GardLe Pr\u00e9fet du Gard\n- ARR\u00caT\u00c9 |Portant r\u00e9quisition d'une officine de pharmacieLe Pr\u00e9fet du GardChevalier de la L\u00e9gion d'honneurChevalier de l'ordre national du M\u00e9rite\nVU le code de la sant\u00e9 publique et notamment les articles L.5125-17 et R.4235-49 ;VU le code g\u00e9n\u00e9ral des collectivit\u00e9s territoriales et notamment les articles L.2212-2 etL.2215-1,VU le d\u00e9cret n\u00b0 2004-374 du 29 avril 2004 modifi\u00e9 relatif aux pouvoirs des pr\u00e9fets,VU le d\u00e9cret n\u00b02010-336 du 31 mars 2010 portant cr\u00e9ation des agences r\u00e9gionales desant\u00e9 ;VU l'arr\u00eat\u00e9 ARS-OC/2024-2929 en date du 16 mai 2024 fixant le service de garde etd'urgence des officines de pharmacie dans le Gard ;VU le courrier en date du 16 mai 2024 de Monsieur le Directeur G\u00e9n\u00e9ral de l'AgenceR\u00e9gionale de Sant\u00e9 Occitanie ;VU l'appel \u00e0 la gr\u00e8ve des services de garde et d'urgence d\u00e9pos\u00e9 par l'union syndicaledes pharmaciens d'officine pour la p\u00e9riode du 18 au 20 Mai 2024 ;VU le courriel du 15 mai 2024 de la pharmacie R\u00e9aux situ\u00e9e au 146 le Buis \u00e0 RobiacRochessadoule informant l''Agence R\u00e9gionale de Sant\u00e9 Occitanie de sa d\u00e9cisionde ne pas participer aux services de garde et d'urgenceConsid\u00e9rant le risque de difficult\u00e9 d'approvisionnement en m\u00e9dicaments de lapopulation en 'cas de fermeture d'une d'officine de pharmacie et par voie decons\u00e9quence le risque sanitaire pour les patients :Sur proposition de Monsieur le Directeur. G\u00e9n\u00e9ral de l'Agence R\u00e9gionale de Sant\u00e9Occitanie ; ARRETE -Article 1 : La pharmacie R\u00e9aux situ\u00e9e au 146 le Buis \u00e0 Robiac Rochessadoule estr\u00e9quisitionn\u00e9e pour assurer le service pharmaceutique de garde et d'urgence dusamedi 18 mai 2024 \u00e0 20 heures au mardi 21 mai \u00e0 8 heures.\nAgence R\u00e9gionale de la Sant\u00e9- d\u00e9l\u00e9gation d\u00e9partementale du Gard - 30-2024-05-17-00002 - ART r\u00e9quisition pharmacie Robiac 10\nArticle 2 : Le oules pharmaciens titulaires de l'officine sont charg\u00e9s de I'organisationde la continuit\u00e9 du fonctionnement de leur officine pendant la p\u00e9riode de r\u00e9quisition.Article 3 : Le pr\u00e9sent arr\u00eat\u00e9 est notifi\u00e9 au(x) titulaire(s) de l'officine.Article 4: Le recours \u00e9ventuel contre le pr\u00e9sent arr\u00eat\u00e9 doit parvenir au TribunalAdministratif territorialement comp\u00e9tent dans un d\u00e9lai de deux mois \u00e0 compter de sanotification pour les personnes auxquelles il a \u00e9t\u00e9 notifi\u00e9. Le Tribunal Administratif peut\u00eatre saisi par l'application informatique \u00ab T\u00e9l\u00e9recours citoyens \u00bb accessible par le siteinternet www.telerecours.frArticle 5: Monsieur le Secr\u00e9taire G\u00e9n\u00e9ral de la Pr\u00e9fecture du Gard, Monsieur leDirecteur D\u00e9partemental du Gard de I'Agence R\u00e9gionale de Sant\u00e9 sont charg\u00e9s,chacun en ce qui ie concerne, de l'ex\u00e9cution du pr\u00e9sent arr\u00eat\u00e9.Fait \u00e0 \u2014 e 777\n/\u00eele\\pr\u00e9fethG%// J\u00e9r\u00f4me BONETA\n2/2\nNimes\n17/05/2024\nAgence R\u00e9gionale de la Sant\u00e9- d\u00e9l\u00e9gation d\u00e9partementale du Gard - 30-2024-05-17-00002 - ART r\u00e9quisition pharmacie Robiac 11\nDirection d\u00e9partementale de l'\u00e9conomie, de\nl'emploi, du travail et des solidarit\u00e9s \n30-2024-05-15-00002\nSDDETS-ET1-24051517130\nDirection d\u00e9partementale de l'\u00e9conomie, de l'emploi, du travail et des solidarit\u00e9s  - 30-2024-05-15-00002 - SDDETS-ET1-24051517130 12\nEN Direction d\u00e9partementalePREFET de l'emploi, du travail et des solidarit\u00e9sDU GARDLibert\u00e9\u00c9galit\u00e9Fraternit\u00e9| Arr\u00eat\u00e9 N\u00b030-2024-Portant modification de l'arr\u00eat\u00e9 de renouvellement de la commission desurendettement des particuliersdu d\u00e9partement du Gard\nLe pr\u00e9fet du GardChevalier de l'ordre de la L\u00e9gion d'honneurChevalier de l'ordre national du M\u00e9rite\nVu le Code de la Consommation et notamment ses articles L.712-1 et suivants et R.712-1 etsuivants ;Vu la loi n\u00b0 89.1010 du 31 d\u00e9cembre 1989 relative \u00e0 la pr\u00e9vention et au r\u00e8glement desdifficult\u00e9s li\u00e9es au surendettement des particuliers et familles ;Vu la loi n\u00b0 98-657 du 29 juillet 1998 relative \u00e0 la lutte contre les exclusions ;Vu la loi n\u00b0 2003-710 du 1er ao\u00fbt 2003 d'orientation et de programmation pour la ville et lar\u00e9novation urbaine ;Vu le d\u00e9cret n\u00b0 90-175 du 21 f\u00e9vrier 1990 relatif \u00e0 l'application du titre 1 de la loi n\u00b0 891010 du31 d\u00e9cembre 1989Vu le d\u00e9cret n\u00b0 99-65 du 1\u00b0\" f\u00e9vrier 1999 relatif \u00e0 la proc\u00e9dure de traitement des situations desurendettement des particuliers ;Vu le d\u00e9cret n\u00b0 2004-180 du 24 f\u00e9vrier 2004 relatif \u00e0 la proc\u00e9dure de traitement des situationsde surendettement des particuliers et modlflant le titre IH du livre IIl du Code de laConsommation ;Vu le d\u00e9cret n\u00b0 2004-374 du 29 avril 2004 relatif aux pouvoirs des pr\u00e9fets, \u00e0 l'organisation et \u00e0l'action des services de l'Etat dans les r\u00e9gions et les d\u00e9partements ;Vu le d\u00e9cret du Pr\u00e9sident de la R\u00e9publique du 13 juillet 2023 portant nomination deM.J\u00e9r\u00f4me BONET en qualit\u00e9 de pr\u00e9fet de d\u00e9partement du Gard \u00e0 compter du 21 ao\u00fbt 2023 ;Vu l'arr\u00eat\u00e9 du ministre de l'Int\u00e9rieur et des outre-mer du 30 janvier 2024 nommant MmeSophie BOUDOT, attach\u00e9e d'administration hors classe de I'Etat, directrice d\u00e9partementalede l'emploi, du travail et des solidarit\u00e9s du Gard \u00e0 compter du 19 f\u00e9vrier 2024 ;Vu l'arr\u00eat\u00e9 pr\u00e9fectoral du 02 avril 2024 portant renouvellement de la composition de lacommission de traitement de surendettement des particuliers du Gard,Sur proposition de la directrice d\u00e9partementale de l'emploi, du travail et des solidarit\u00e9s,\nARRETE\nDirection d\u00e9partementale de l'\u00e9conomie, de l'emploi, du travail et des solidarit\u00e9s  - 30-2024-05-15-00002 - SDDETS-ET1-24051517130 13\nArticle 1: La commission de surendettement des particuliers du Gard est compos\u00e9e commesuit et d\u00e9taill\u00e9 dans le tableau en P):a- le pr\u00e9fet, pr\u00e9sident, ou sa d\u00e9l\u00e9gu\u00e9e, ou les deux suppl\u00e9ants de la d\u00e9l\u00e9gu\u00e9e;b- le directeur d\u00e9partemental des finances publiques ou son d\u00e9l\u00e9gu\u00e9, ou les deux suppl\u00e9antsdu d\u00e9l\u00e9gu\u00e9 ;c- la directrice d\u00e9partementale de la Banque de France du d\u00e9partement du Gard ou sarepr\u00e9sentante ;d- Repr\u00e9sentants de l'Association Fran\u00e7aise des \u00c9tablissements de Cr\u00e9dits et des Entreprisesd'Investissement : 'Mme C\u00e9cile LHUIRE directrice g\u00e9n\u00e9rale du Cr\u00e9dit Municipal, en qualit\u00e9 de membre titulaire ;Mme Audrey PINQUIER, directrice adjointe du Cr\u00e9dit Municipal, en qualit\u00e9 de membresuppl\u00e9ante.e- Personnalit\u00e9 justifiant d'une exp\u00e9rience dans le domaine de l'\u00e9conomie sociale etfamiliale :Mme Florence CERVERA, CESF, de l'Agence d\u00e9partementale de I'habitat et du logement duConseil d\u00e9partemental du Gard, en qualit\u00e9 de membre titulaire. \u2014Mme Louisa THIRION, CESF, de I'Union d\u00e9partementale des associations familiales du Gard(UDAF) , en qualit\u00e9 de membre suppl\u00e9ante.f- Repr\u00e9sentant des associations familiales ou de consommateurs au sein du comit\u00e9d\u00e9partemental de la consommation :Mme Aurore MORDELET de I'UFC Que Choisir N\u00eemes, en qualit\u00e9 de membre titulaire.g- Personnalit\u00e9 justifiant d'une exp\u00e9rience dans le domaine juridique :M. Fabien ASSI\u00c9, juriste et coordonnateur du Conseil d\u00e9partemental de l'acc\u00e8s au droit(CDAD), en qualit\u00e9 de membre titulaire\nArticle 2 : En cas d'absence ou d'emp\u00e9chement du pr\u00e9fet, la directrice d\u00e9partementale del'emploi, du travail et des solidarit\u00e9s est d\u00e9sign\u00e9e en tant que d\u00e9l\u00e9gu\u00e9e pour le repr\u00e9senter.En l'absence de la d\u00e9l\u00e9gu\u00e9e du pr\u00e9fet, le directeur d\u00e9partemental des finances publiques ouson d\u00e9l\u00e9gu\u00e9 pr\u00e9side la commission.\nDirection d\u00e9partementale de l'\u00e9conomie, de l'emploi, du travail et des solidarit\u00e9s  - 30-2024-05-15-00002 - SDDETS-ET1-24051517130 14\nArticle 3 : Le si\u00e8ge de la commission est fix\u00e9 \u00e0 la Banque de France du Gard, 2 square du 11novembre \u00e0 N\u00eemes 30000.Article 4 : Le secr\u00e9taire g\u00e9n\u00e9ral de la Pr\u00e9fecture, le directeur d\u00e9partemental des financespubliques et la directrice d\u00e9partementale de l'emploi, du travail et des solidarit\u00e9s du Gardsont charg\u00e9s, chacun en ce qui le concerne, de l'ex\u00e9cution du pr\u00e9sent arr\u00e9t\u00e9 qui sera publi\u00e9au Recueil des Actes Administratifs de la Pr\u00e9fecture. -\nFait \u00e0 N\u00eemes, ]fier\u00e2 MAI 2024le pr\u00e9fet /\n0 J\u00e9rbme BONETe\nDirection d\u00e9partementale de l'\u00e9conomie, de l'emploi, du travail et des solidarit\u00e9s  - 30-2024-05-15-00002 - SDDETS-ET1-24051517130 15\nDirection d\u00e9partementale de l'\u00e9conomie, de l'emploi, du travail et des solidarit\u00e9s  - 30-2024-05-15-00002 - SDDETS-ET1-24051517130 16\nDirection D\u00e9partementale des Tetrritoires et de\nla Mer du Gard\n30-2024-05-17-00001\nArr\u00eat\u00e9 d\u00e9signant les organismes agr\u00e9\u00e9s pour\neffectuer les missions d\u25a1audits global de\nl\u25a1exploitation agricole\nDirection D\u00e9partementale des Tetrritoires et de la Mer du Gard - 30-2024-05-17-00001 - Arr\u00eat\u00e9 d\u00e9signant les organismes agr\u00e9\u00e9s pour\neffectuer les missions d\u25a1audits global de l\u25a1exploitation agricole 17\n! :. ; Direction d\u00e9partementale_BRE FET_ | des.territoires et de la merDU GARDLibert\u00e9\u00c9galit\u00e9Fraternit\u00e9Service \u00e9conomie agricoleAffaire suivie par : G\u00e9rard CHEVALIERT\u00e9l. : 04 66 62 66 00gerard.chevalier@gard.gouv.fr\n| ARR\u00caT\u00c9 N\u00b0 DISTC) - SEA - 7024 - OO\u00c9d\u00e9signant les organismes agr\u00e9\u00e9s pour effectuer les missions d'audit global de l'exploitation agricoleLe pr\u00e9fet du GardChevalier de la L\u00e9gion d'honneur,Chevalier de l'ordre national du M\u00e9rite\nVU les articles D 354-1 \u00e0 D 354-15 du Code rural et de la p\u00eache maritimeVU l'arr\u00eat\u00e9 du 5 ao\u00fbt 2022 fixant le montant et certaines modalit\u00e9s de mise en \u0153uvre des aides pour lesexploitations agricoles en difficult\u00e9VU l'instruction DGPE/SCPE/SDC/2022-797 du 25 octobre 2022 pr\u00e9sentant les modalit\u00e9s de mise en\u0153uvre du dispositif d'aide \u00e0 l'audit de l'exploitation agricoleVU l'arr\u00eat\u00e9 n\u00b0 30-2024-03-21-00007 du 21 mars 2024 portant d\u00e9l\u00e9gation de signature en mati\u00e8red'administration g\u00e9n\u00e9raleVU la d\u00e9cision du 25 avril 2024 portant subd\u00e9l\u00e9gation de signature en mati\u00e8re d'administration g\u00e9n\u00e9raleVU l'arr\u00e9t\u00e9 n\u00b0 DDTM-SEA-2024-005 du 16 mai 2024 d\u00e9signant les organismes agr\u00e9\u00e9s pour effectuer lesmissions d'audit global de l'exploitation agricole '\nSUR PROPOSITION de la DDTM du Gard\nARR\u00caTE\nARTICLE 1 :l'arr\u00eat\u00e9 n\u00b0 DDTM-SEA-2024-005 du 16 mai 2024 d\u00e9signant les organismes agr\u00e9\u00e9s pour effectuer lesmissions d'audit global de l'exploitation agricole est abrog\u00e9\n89, rue Weber - 30907 NIMES CEDEX 2T\u00e9l : 04 66 62 62 00 - Fax : 04 66 23 28 79 - www.gard.gouv.fr\nDirection D\u00e9partementale des Tetrritoires et de la Mer du Gard - 30-2024-05-17-00001 - Arr\u00eat\u00e9 d\u00e9signant les organismes agr\u00e9\u00e9s pour\neffectuer les missions d\u25a1audits global de l\u25a1exploitation agricole 18\nARTICLE 2:Les organismes agr\u00e9\u00e9s pour effectuer les missions d'audit portant sur l'analyse globale de l'exploitationagricole dans le d\u00e9partement du Gard, telles que d\u00e9crites dans l'instruction techniqueDGPE/SCPE/SDC/2022-797 du 25 octobre 2022, sont les suivants :o CHAMBRE D'AGRICULTURE du GardMas de l'agriculture - 1120 route de St-Gilles \u2014 CS 38283 - 30942 N\u00eemes cedex 9o AGC Midi M\u00e9diterran\u00e9eDomaine de Maurin, CS 40050, 34970 Latteso SOLIDARITE PAYSANS 306 bis rue des Gardons, 30350 Maruejols-les-Gardonso COMIDERImmeuble Humanis, 348 rue Puech Villa BP 7209 - 34183 Montpellier cedex 4Ces organismes peuvent exercer les missions correspondantes apr\u00e8s signature d'une conventiond'expertise avec les services de la Pr\u00e9fecture.Le nom des experts habilit\u00e9s a effectuer un audit figurent en annexe du pr\u00e9sent arr\u00e9t\u00e9.\nARTICLE 3:Le Secr\u00e9taire G\u00e9n\u00e9ral de la Pr\u00e9fecture du d\u00e9partement du Gard et le Directeur D\u00e9partemental desTerritoires et de la Mer sont charg\u00e9s, chacun en ce qui le concerne, de l'application du pr\u00e9sent arr\u00e9t\u00e9 quisera publi\u00e9 au Recueil des Actes Administratifs de la Pr\u00e9fecture du Gard.\nNimes,le 17 MAI 2024\nPour le Pr\u00e9fet et par d\u00e9i\u00e9gationLe Directeur D\u00e9partementaldes Territoires et de la MerLe chef de service de |'\u00e9conomieagricole /.\"../\n89, rue Weber \u2014 30907 NIMES CEDEX 2T\u00e9l : 04 66 62 62 00 - Fax : 04 66 23 28 79 - www.gard.gouv.fr\nDirection D\u00e9partementale des Tetrritoires et de la Mer du Gard - 30-2024-05-17-00001 - Arr\u00eat\u00e9 d\u00e9signant les organismes agr\u00e9\u00e9s pour\neffectuer les missions d\u25a1audits global de l\u25a1exploitation agricole 19\nAnnexe\nListe des expertes habilit\u00e9s \u00e0 effectuer un audi global de I'exploitation agricole\nNom - Pr\u00e9nom Organisme\"POUJOL Roger CHAMBRE D'AGRICULTURE du GardFAGES QuentinROBBY Catherine\nGERONIMI ElisaGRANIER Laura AGC Midi M\u00e9diterran\u00e9eTAULET Aurelie\nVIGNEAU AstridEGRET MarieMASSE BertilleSOLIDARITE PAYSANSGOULETQUER Am\u00e9lie\nBOURDIER DanielCOMIDERDUCROS Jean-Christophe\n89, rue Weber - 30907 NIMES CEDEX 2T\u00e9l : 04 66 62 62 00 - Fax : 04 66 23 28 79 - www.gard.gouv.fr\nDirection D\u00e9partementale des Tetrritoires et de la Mer du Gard - 30-2024-05-17-00001 - Arr\u00eat\u00e9 d\u00e9signant les organismes agr\u00e9\u00e9s pour\neffectuer les missions d\u25a1audits global de l\u25a1exploitation agricole 20\nPrefecture du Gard\n30-2024-05-16-00004\narr\u00eat\u00e9 autorisant la captation, l'enregistrement\net la transmission d'images au moyen de\ncam\u00e9ras install\u00e9es sur des a\u00e9ronefs\nPrefecture du Gard - 30-2024-05-16-00004 - arr\u00eat\u00e9 autorisant la captation, l'enregistrement et la transmission d'images au moyen de\ncam\u00e9ras install\u00e9es sur des a\u00e9ronefs 21\nE. CABINETPREFET DIRECTION DES SECURITESDU GARD Service d'animation des politiquesLibert\u00e9 de s\u00e9curit\u00e9 int\u00e9rieure\u00c9galit\u00e9 Bureau des polices administrativesFraternit\u00e9\nNimes, le 16 mai 2024ARR\u00caT\u00c9 N\u00b030-2024-16-05autorisant la captation, I'enregistrement et la transmission d'imagesau moyen de cam\u00e9ras install\u00e9es sur des a\u00e9ronefsLe Pr\u00e9fet du GardChevalier de la L\u00e9gion d'HonneurChevalier de l'Ordre National du M\u00e9riteVu le code de la s\u00e9curit\u00e9 int\u00e9rieure et notamment ses articles L. 242-1 \u00e0 L. 242-8 et R. 242-8 \u00e0 R. 24214 ;Vu le d\u00e9cret n\u00b0 2004-374 du 29 avril 2004 relatif aux pouvoirs des pr\u00e9fets, \u00e0 I'organisation et \u00e0 l'actiondes services de l'\u00c9tat dans les r\u00e9gions et d\u00e9partements ;Vu le d\u00e9cret du 13 juillet 2023 nommant M. J\u00e9r\u00f4me BONET, pr\u00e9fet du Gard :Vu l'arr\u00eat\u00e9 pr\u00e9fectoral du 6 mai 2024 donnant d\u00e9l\u00e9gation de signature \u00e0 M. Yann GERARD, secr\u00e9taireg\u00e9n\u00e9ral de la pr\u00e9fecture du Gard, sous-pr\u00e9fet de N\u00eemes ;Vu l'arr\u00eat\u00e9 pr\u00e9fectoral n\u00b0 .30-2023-08-21-00006 du 21 ao\u00fbt 2023 donnant d\u00e9l\u00e9gation de signature \u00e0 M.Gr\u00e9goire PIERRE-DESSAUX, sous-pr\u00e9fet, directeur de cabinet du pr\u00e9fet du Gard :Vu l'arr\u00eat\u00e9 pr\u00e9fectoral n\u00b0 30-2024-03-26-00003 du 26 mars 2024 donnant d\u00e9l\u00e9gation de signature \u00e0 M. FranckLACOSTE, directeur des s\u00e9curit\u00e9s, directeur de cabinet adjoint du pr\u00e9fet du Gard :Vu l'activation du plan Vigipirate au niveau s\u00e9curit\u00e9 renforc\u00e9e risque attentats :Vu l'arr\u00eat\u00e9 du ministre de l'int\u00e9rieur et des outre-mer, en date du 19 avril 2023, relatif au nombre maximalde cam\u00e9ras install\u00e9es-sur des a\u00e9ronefs pouvant \u00eatre simultan\u00e9ment utilis\u00e9es dans chaque d\u00e9partement etcollectivit\u00e9 d'outre-mer ;Vu l'arr\u00eat\u00e9 pr\u00e9fectoral du 13 mai 2024 portant interdiction de rassemblement ou de manifestation \u00e0caract\u00e8re revendicatif sur la voie publique et le domaine public routier, valable du jeudi 16 mai 2024 aulundi 20 mai 2024 \u00e0 N\u00eemes, au sein des p\u00e9rim\u00e8tres figurant en annexe dudit arr\u00eat\u00e9 :Vu la demande en date du 22 avril 2024, form\u00e9e par le directeur d\u00e9partemental de la s\u00e9curit\u00e9 publique du Gard,visant \u00e0 obtenir l'autorisation de capter, d'enregistrer et de transmettre des images au moyen d'une cam\u00e9rainstall\u00e9e sur un drone aux fins de pr\u00e9venir tout risque d'atteinte \u00e0 l'ordre public le samedi 18 mai 2024 ;Vu le programme de la f\u00e9ria de Pentec\u00f4te 2024, notamment en ce qui concerne les manifestations taurines dusamedi 18 mai 2024 ;Vu l'annonce faite sur les r\u00e9seaux sociaux le 10 septembre 2023 par le mouvement anti-corrida, pr\u00f4nant lad\u00e9sob\u00e9issance civile dans le cadre d'une manifestation non d\u00e9clar\u00e9e afin de perturber le bon d\u00e9roulement de lacorrida programm\u00e9e le samedi 18 mai 2023 \u00e0 18h00 ;Consid\u00e9rant que les dispositions susvis\u00e9es permettent aux forces de s\u00e9curit\u00e9 int\u00e9rieure, dans l'exercice deleurs missions de pr\u00e9vention des atteintes \u00e0 l'ordre public et de protection de la s\u00e9curit\u00e9 des personnes et desbiens, de proc\u00e9der \u00e0 la captation, \u00e0 l'enregistrement et \u00e0 la transmission d'images au moyen de cam\u00e9rasinstall\u00e9es sur des a\u00e9ronefs aux fins d'assurer la s\u00e9curit\u00e9 des personnes et des biens et pr\u00e9venir les troubles \u00e0l'ordre public dans le cadre des op\u00e9rations de r\u00e9tablissement de l'ordre public ; que notamment, le 2\u00b0 de l'articleL. 242-5 susvis\u00e9 pr\u00e9voit que ces dispositifs peuvent \u00eatre mis en \u0153uvre au titre de la s\u00e9curit\u00e9 desrassemblements de personnes sur la voie publique ou dans les lieux ouverts au public ainsi que de l'appui des\nH\u00f4tel de la Pr\u00e9fecture 10 avenue Feuch\u00e8res \u2014 30045 NIMES CEDEX 9T\u00e9l : 04.66.36.43.90- Fax : 04.66.36.00.87 \u2014 www.gard.gouv.fr\nPrefecture du Gard - 30-2024-05-16-00004 - arr\u00eat\u00e9 autorisant la captation, l'enregistrement et la transmission d'images au moyen de\ncam\u00e9ras install\u00e9es sur des a\u00e9ronefs 22\npersonnels au sol, en vue de leur permetire de maintenir ou de r\u00e9tablir l'ordre public, lorsque cesrassemblements sont susceptibles d'entra\u00eener des troubles graves \u00e0 l'ordr\u00e9 public :Consid\u00e9rant que la f\u00e9ria de Pentec\u00f4te est une grande f\u00eate populaire qui attire un large public fran\u00e7ais et\u00e9tranger, \u00e9valu\u00e9 \u00e0 pr\u00e8s d'un million de personnes sur l'ensemble de l'\u00e9v\u00e8nement, avec une forte concentrationdu public dans l'hyper centre-ville et notamment aux abords des ar\u00e8nes : que ce large public n'assiste pasforc\u00e9ment aux spectacles tauromachiques dans les ar\u00e8nes (courses camarguaises et corridas) mais vientprofiter des animations (abrivados, march\u00e9 artisanal, casitas, p\u00e9nas et bandas, espace taurin, spectacle\u00e9questre, concerts, etc) ; : 'Consid\u00e9rant la cr\u00e9ation en date du 20 avril 2024 d'un \u00e9v\u00e8nement Facebook, \u00e9manant d'un faux profilannon\u00e7ant l'organisation d'un rassemblement anti-corrida le samedi 18 mai 2024, \u00e0 compter de 17h30 sur leparvis des ar\u00e8nes, \u00e0 l'occasion de la corrida se d\u00e9roulant dans les ar\u00e8nes \u00e0 18h00 :Consid\u00e9rant les actions revendicatives susvis\u00e9es, d\u00e9clar\u00e9es ou non, leur proximit\u00e9 avec les ar\u00e8nes, lesactivit\u00e9s et animations organis\u00e9es et les espaces am\u00e9nag\u00e9s \u00e0 proximit\u00e9 des ar\u00e8nes dans le contexte dela f\u00e9ria de Pentec\u00f4te 2024, avec une affluence concentr\u00e9e notamment sur les journ\u00e9es du samedi,dimanche et lundi ;Consid\u00e9rant notamment les actions violentes et r\u00e9currentes entreprises par le mouvement anti-corridalors de pr\u00e9c\u00e9dentes \u00e9ditions de la f\u00e9ria de Pentec\u00f4te ou des Vendanges (dans le cadre de manifestationsnon d\u00e9clar\u00e9es le 23 mai 2015, le 3 juin 2017 et le 19 mai 2018, et d'une manifestation d\u00e9clar\u00e9e le 18septembre 2021) notamment \u00e0 l'encontre des personnes d\u00e9tentrices de l'autorit\u00e9 publique ;Consid\u00e9rant le contexte tendu de la f\u00e9ria de 2023 sur le volet revendicatif.avec le samedi 27 mai 2023 \u00e017h30, le rassemblement de 100 \u00e0 150 manifestants anti-corrida \u00e0 proximit\u00e9 imm\u00e9diate des ar\u00e8nes pourune action coup de poing afin de perturber le fonctionnement de la corrida et le placement en garde \u00e0 vuede 12 des manifestants en 2022 ;Consid\u00e9rant que la manifestation projet\u00e9e par le mouvement anti-corrida pour la f\u00e9ria de Pentec\u00f4te 2024n'a fait l'objet d'aucune d\u00e9claration aupr\u00e8s des autorit\u00e9s administratives, selon les termes des articles L211-1 et suivants du code de la s\u00e9curit\u00e9 int\u00e9rieure ;Consid\u00e9rant la volont\u00e9 du mouvement anti-corrida de dissimuler la mise en place de son action et d'agirpar surprise le samedi 18 mai 2023 ; -Consid\u00e9rant qu'en cas d'absence d'organisateur d\u00e9clar\u00e9 la pr\u00e9fecture ne peut s'assurer de la mise en\u0153uvre de conditions de s\u00e9curit\u00e9 suffisantes et internes \u00e0 la manifestation ;Consid\u00e9rant que par leur violence, leur caract\u00e8re radical et r\u00e9p\u00e9titif, les agissements ill\u00e9gaux et violentssurvenus dans le cadre du mouvement anti-corrida ou \u00e0 l'occasion de celui-ci, exc\u00e8dent le cadre de lalibert\u00e9 de manifestation et les d\u00e9sagr\u00e9ments qu'un mouvement revendicatif peut entrainer, de mani\u00e9reg\u00e9n\u00e9rale, \u00e0 I'\u00e9gard du public et de touristes pr\u00e9sents aux abords des lieux \u00e0 forte fr\u00e9quentation du centre-ville de Nimes et notamment des ar\u00e8nes :Consid\u00e9rant qu'en raison de- la simultan\u00e9it\u00e9 des manifestations r\u00e9cr\u00e9atives ou festives et desmanifestations revendicatives, \u00e0 quelques dizaines de m\u00e9tres les unes des autres et \u00e0 proximit\u00e9 des ar\u00e9nesde Nimes, de la v\u00e9h\u00e9mence des d\u00e9fenseurs des traditions taurines, d'une part, et des anti-corridas,d'autre part, il existe un risque av\u00e9r\u00e9 de troubles graves \u00e0 l'ordre public susceptibles d'\u00eatre accentu\u00e9s parla consommation d'alcool lors d'\u00e9v\u00e8nements festifs : 'Consid\u00e9rant notamment que des troubles \u00e0 l'ordre public se sont d\u00e9ja manifest\u00e9s le 19 mai 2018 \u00e018h00 par des heurts entre pro et anti-corridas ayant n\u00e9cessit\u00e9 l'intervention des forces de l'ordre etl'usage de gaz lacrymog\u00e8ne ; que certains manifestants profitaient de la confusion pour tenter de p\u00e9n\u00e9trerdans les ar\u00e8nes, contraignant les agents de s\u00e9curit\u00e9 \u00e0 fermer les grilles ; que l'intervention des forces dePordre a \u00e9t\u00e9 n\u00e9cessaire pour faire face aux diverses tentatives de d\u00e9stabilisation ; que cette manifestationsous tension a n\u00e9cessit\u00e9 l'intervention de forces mobiles qui, \u00e0 l'issue des sommations d'usage et face \u00e0l'inertie de manifestants tr\u00e8s d\u00e9termin\u00e9s, ont refoul\u00e9 les manifestants engendrant la dislocation de lamanifestation et le d\u00e9part de ses \u00e9l\u00e9ments les plus radicaux vers 20h30 : que les violences \u00e0 personned\u00e9tentrice de l'autorit\u00e9 publique, les d\u00e9gradations volontaires et la participation \u00e0 un attroupement malgr\u00e9sommations avec un visage dissimul\u00e9 ont conduit \u00e0 six interpellations le jour-m\u00eame et fait six bless\u00e9sparmi les forces de l'ordre ;Consid\u00e9rant que, compte tenu du risque de troubles graves \u00e0 l'ordre public durant cette manifestation,de la zone \u00e0 s\u00e9curiser et de la topographie urbaine des lieux qui rend n\u00e9cessaire le recours \u00e0 une vision\nPrefecture du Gard - 30-2024-05-16-00004 - arr\u00eat\u00e9 autorisant la captation, l'enregistrement et la transmission d'images au moyen de\ncam\u00e9ras install\u00e9es sur des a\u00e9ronefs 23\nen grand angle pour permettre le maintien et le r\u00e9tablissement de l'ordre public et le suivi de toutmouvement de foule cons\u00e9cutif \u00e0 des heurts \u00e9ventuels entre militants pro et anti-corridas, en appui desforces au sol, le recours au dispositif de captation install\u00e9 sur un drone est n\u00e9cessaire et adapt\u00e9 :Consid\u00e9rant qu'il n'existe pas de dispositif moins intrusif permettant de parvenir aux m\u00eames fins :Consid\u00e9rant que la demande porte sur l''engagement d'une cam\u00e9ra a\u00e9roport\u00e9e pendant la seule dur\u00e9ede l'action projet\u00e9e du mouvement anti-corrida, soit de l'arriv\u00e9e des flux'de spectateurs sur le parvis desar\u00e8nes pour assister au spectacle taurin et jusqu'\u00e0 leur sortie des ar\u00e8nes ; que les lieux surveill\u00e9s sontstrictement limit\u00e9s au p\u00e9rim\u00e8tre d'interdiction des manifestations revendicatives et \u00e0 ses abords dans lalimite de 100 m d'\u00e9loignement dudit p\u00e9rim\u00e8tre, o\u00f9 sont susceptibles de se commettre les atteintes quel'uUsage des cam\u00e9ras a\u00e9roport\u00e9es vise \u00e0 pr\u00e9venir; que la dur\u00e9e de l'autorisation est \u00e9galementstrictement limit\u00e9e \u00e0 la seule dur\u00e9e de I'action projet\u00e9e du mouvement anti-corrida ; quau regard descirconstances susmentionn\u00e9es, la demande n'appara\u00eet pas disproportionn\u00e9e ;Consid\u00e9rant que le recours \u00e0 la captation, l'enregistrement et la transmission d'images fera l'objet d'uneinformation adapt\u00e9e au regard de l'urgence soit une publication du pr\u00e9sent arr\u00eat\u00e9 au recueil des actesadministratifs de la pr\u00e9fecture du Gard :Sur proposition du directeur de cabinet du pr\u00e9fet du Gard :\nArr\u00eateArticle 1\u00b0 : La captation, I'enregistrement et la transmission d'images par la direction interd\u00e9partementalede la police nationale du Gard, est autoris\u00e9e au titre de la pr\u00e9vention des risques de troubles graves \u00e0l'ordre public et du maintien de l'ordre de la manifestation non d\u00e9clar\u00e9e projet\u00e9e par le mouvement anti-corrida \u00e0 NIMES, et de l'appui des personnels- au sol, en vue de leur permettre de maintenir ou de r\u00e9tablirl'ordre public. |Article 2 : Le nombre maximal de cam\u00e9ras pouvant proc\u00e9der simultan\u00e9ment aux traitements mentionn\u00e9s\u00e0 l'article 1* est fix\u00e9 \u00e0 1.Article 3 : La pr\u00e9sente autorisation est limit\u00e9e au p\u00e9rim\u00e8tre g\u00e9ographique d'interdiction de manifester et \u00e0ses abords (dans la limite de 100 m d'\u00e9loignement dudit p\u00e9rim\u00e8tre).Article 4 : La pr\u00e9sente autorisation est d\u00e9livr\u00e9e pour le samedi 18 mai 2024 de 16h00 \u00e0 21h30.Article 5 : L'information du public est assur\u00e9e comme suit : '- publication du pr\u00e9sent arr\u00eat\u00e9 pr\u00e9fectoral au recueil des actes administratifs de la pr\u00e9fecture du Gard.Article 6 : Le registre mentionn\u00e9 \u00e0 l'article L. 242-4 du code de la s\u00e9curit\u00e9 int\u00e9rieure est transmis au re-pr\u00e9sentant de I'Etat dans le d\u00e9partement \u00e0 l'issue de la manifestation.Article 7 : Le pr\u00e9sent arr\u00eat\u00e9 est publi\u00e9 au recueil des actes administratifs de la pr\u00e9fecture et peut \u00eatrecontest\u00e9 dans les deux mois suivant sa notification :- soit par voie de recours gracieux form\u00e9 aupr\u00e8s de M. le Pr\u00e9fet du Gard ;- soit par voie de recours hi\u00e9rarchique form\u00e9 aupr\u00e8s de M. le Ministre de l'Int\u00e9rieur ;- Soit par voie de recours contentieux d\u00e9pos\u00e9 devant le tribunal Administratif de N\u00eemes.Le tribunal administratif peut aussi \u00eatre saisi par l'application informatique 'Telerecours Citoyens',accessible par le site internet www.telerecours.fr.Article 8 ! le directeur de cabinet du pr\u00e9fet du Gard, le directeur interd\u00e9partemental de la police nationale,sont charg\u00e9s, chacun en ce qui le concerne, de l'ex\u00e9cution du pr\u00e9sent arr\u00eat\u00e9.Le pr\u00e9fet,\nPrefecture du Gard - 30-2024-05-16-00004 - arr\u00eat\u00e9 autorisant la captation, l'enregistrement et la transmission d'images au moyen de\ncam\u00e9ras install\u00e9es sur des a\u00e9ronefs 24\nSous Pr\u00e9fecture d'Al\u00e8s\n30-2024-05-13-00007\nArr\u00eat\u00e9 autorisation appel g\u00e9n\u00e9rosit\u00e9 publique\nn\u00b024-05-13 du 13 mai 2024 Monast\u00e8re de Solan\nSous Pr\u00e9fecture d'Al\u00e8s - 30-2024-05-13-00007 - Arr\u00eat\u00e9 autorisation appel g\u00e9n\u00e9rosit\u00e9 publique n\u00b024-05-13 du 13 mai 2024 Monast\u00e8re de\nSolan 25\nxn  Sous-pr\u00e9fecture d'Al\u00e8sBureau de la r\u00e9glementation fun\u00e9raire et des associationsPR\u00c9FET Greffe d\u00e9partemental des associationsDU GARD\u00c9galit\u00e9 Al\u00e8s, le 13 mai 2024Fraternit\u00e9\nArr\u00eat\u00e9 n\u00b0 24-05-13portant autorisation d'appel \u00e0 la g\u00e9n\u00e9rosit\u00e9 publiquepour le fonds de dotation du Monast\u00e8re de Solansur la commune de La Bastide-d'Engras\nLe pr\u00e9fet du Gard,Chevalier de la L\u00e9gion d'honneur, Chevalier de I'ordre national du M\u00e9rite,\nVu la loi n\u00b0 91-772 du 7 ao\u00fbt 1991 relative au cong\u00e9 de repr\u00e9sentation en faveur desassociations et des mutuelles et au contr\u00f4le des comptes des organismes faisant appel \u00e0la g\u00e9n\u00e9rosit\u00e9 publique ;Vu la loi n\u00b0 2008-776 du 4 ao\u00fbt 2008 de modernisation de l'\u00e9conomie, notamment sonarticle 140 ;Vu le d\u00e9cret n\u00b0 92-1011 du 17 septembre 1992 relatif au contr\u00f4le des comptes desorganismes faisant appel \u00e0 la g\u00e9n\u00e9rosit\u00e9 publique ;Vu le d\u00e9cret n\u00b0 2009-158 du 11 f\u00e9vrier 2009 relatif aux fonds de dotation et notammentlesarticle 11 et suivants ;Vu le d\u00e9cret 2019-504 du 22 mai 2019 fixant les seuils de la d\u00e9claration pr\u00e9alable etd'\u00e9tablissement du compte d'emploi annuel des ressources collect\u00e9es aupr\u00e8s du publicpar des organismes faisant appel public \u00e0 la g\u00e9n\u00e9rosit\u00e9 ;Vu l'arr\u00eat\u00e9 minist\u00e9riel du 22 mai 2019 fixant les modalit\u00e9s de pr\u00e9sentation du compted'emploi annuel des ressources collect\u00e9es aupr\u00e8s du public par des organismes faisantappel public \u00e0 la g\u00e9n\u00e9rosit\u00e9 :Vu l'arr\u00eat\u00e9 pr\u00e9fectoral n\u00b0 30-2024-05-06-00003 du 06 mai 2024 donnant d\u00e9l\u00e9gation designature \u00e0 Monsieur \u00c9mile SOUMBO, sous-pr\u00e9fet de l'arrondissement d'Al\u00e8s ;Vu la demande d'autorisation d'appel \u00e0 la g\u00e9n\u00e9rosit\u00e9 publique, en date du 22 avril 2024,re\u00e7ue en sous-pr\u00e9fectured'Al\u00e8s le 26 avril 2024, pr\u00e9sent\u00e9e par M\u00e8re Hypandia, NicholetteHADJILAMBROU, pr\u00e9sidente du Fonds de dotation d\u00e9nomm\u00e9 \u00ab Fonds de dotation duMonast\u00e8re de Solan \u00bb dont le si\u00e8ge est situ\u00e9 1942 route de Cavillargues (30330) \u00e0La Bastide-d'EngrasConsid\u00e9rant que la demande pr\u00e9sent\u00e9e par le fonds de dotation est conforme aux textesen vigueur ;\nCS 20905~ 3, boulevard Louis Blanc-30107 ALES CEDEX - T\u00e9l. 04 66 56 39 39 - www gand gouy fr\n1/3\nSous Pr\u00e9fecture d'Al\u00e8s - 30-2024-05-13-00007 - Arr\u00eat\u00e9 autorisation appel g\u00e9n\u00e9rosit\u00e9 publique n\u00b024-05-13 du 13 mai 2024 Monast\u00e8re de\nSolan 26\nsur proposition du sous-pr\u00e9fet d'Al\u00e8s,Arr\u00eateArticle 1* : Le fonds de dotation d\u00e9nomm\u00e9 \u00ab Fonds de dotation du Monast\u00e8re de Solan \u00bbest autoris\u00e9 \u00e0 faire appel \u00e0 la g\u00e9n\u00e9rosit\u00e9 publique pour la p\u00e9riode allant de la date dupr\u00e9sent arr\u00eat\u00e9 pour une dur\u00e9e de un an.L'objectif de la campagne d'appel \u00e0 la g\u00e9n\u00e9rosit\u00e9 publique est de r\u00e9colter des fonds afinde financer les projets d'int\u00e9r\u00eat g\u00e9n\u00e9ral, plus sp\u00e9cifiquement les actions culturelles,artistiques et anthropologiques en relation avec la voix humaine.En particulier :- Porter les actions d'int\u00e9r\u00e9t g\u00e9n\u00e9ral initi\u00e9es ou soutenues par son fondateur : \u00e0 ce titre ilre\u00e7oit et g\u00e8re en les capitalisant, les liens et droits de toute nature qui lui sontapport\u00e9es \u00e0 titre gratuit et irr\u00e9vocable, en vue d'en redistribuer les revenus \u00e0 toutepersonne morale \u00e0 but non lucratif dans l'accomplissement de ses \u0153uvres et de sesmissions d'int\u00e9r\u00eat g\u00e9n\u00e9ral.- Convaincu de la dignit\u00e9 de chaque personne et anim\u00e9 par des valeurs chr\u00e9tiennes desolidarit\u00e9, d'accueil inconditionnel, et d'option pr\u00e9f\u00e9rentielle pour les plus fragiles, lefonds de dotation est ouvert \u00e0 tous publics, sans discrimination d'origine, de race, deculture, ni de religion.- Dans ce cadre, le fonds de dotation du Monast\u00e8re de Solan a pour objet de soutenir lacr\u00e9ation de lieux o\u00f9 habiteront des personnes en situation de fragilit\u00e9 en raison de leurhandicap ou de perte d'autonomie, des familles ou personnes seules, autonomes, etengag\u00e9es dans une relation de solidarit\u00e9 et d'entre-aide interg\u00e9n\u00e9rationnelle.- Dans le cadre de sa mission d'int\u00e9r\u00eat g\u00e9n\u00e9ral, le fonds de dotation d\u00e9veloppe \u00e0 titreprincipal toute activit\u00e9 \u00e0 caract\u00e8re social et familial, dans le domaine de l'aide auxpersonnes vuln\u00e9rables (personnes avec handicap, personnes \u00e2g\u00e9es, personnespr\u00e9caris\u00e9es) notamment dans le domaine du logement.- le fonds de dotation porte \u00e9galement \u00e0 titre op\u00e9rateur ou redistributeur, une activit\u00e9environnementale, centr\u00e9e en particulier autour de la pr\u00e9servation de la biodiversit\u00e9,des sites naturels ou ruraux, de la faune et de la flore, ainsi que toute activit\u00e9 culturelles'inscrivant sur son territoire d'action.- A cette fin, le fonds :- d\u00e9veloppera ses propres actions- ou participera au financement de personnes morales \u00e0 but non lucratif, dont lar\u00e9alisation servira sa mission d'int\u00e9r\u00eat g\u00e9n\u00e9ral.Les modalit\u00e9s d'appel \u00e0 la g\u00e9n\u00e9rosit\u00e9 publique sont les suivantes :M\u00e9dias :Des articles dans la presse seront r\u00e9alis\u00e9s par le biais des diff\u00e9rents m\u00e9dias (journaux,tracts, plaquettes, revues, radio sites internet et autres moyens),\nCS 20905- 3, boalevard Louis Hlanc-30107 ALES CEDEX - T\u00e9l 04 66 56 39 39 \u2014 www gaecl gouy fr 2/3\nSous Pr\u00e9fecture d'Al\u00e8s - 30-2024-05-13-00007 - Arr\u00eat\u00e9 autorisation appel g\u00e9n\u00e9rosit\u00e9 publique n\u00b024-05-13 du 13 mai 2024 Monast\u00e8re de\nSolan 27\nArticle 2 : Conform\u00e9ment \u00e0 la r\u00e9glementation en vigueur, le fonds de dotation \u00e0l'obligation d'int\u00e9grer dans ses comptes annuels un compte d'emploi annuel desressources collect\u00e9es aupr\u00e8s du public qui pr\u00e9cise notamment l'affectation des dons partype de d\u00e9penses et qui mentionne les informations relatives \u00e0 son \u00e9laboration, \u00e0compter d''un montant de 153 000 \u20ac, conform\u00e9ment aux d\u00e9cret et arr\u00eat\u00e9 du 22 mai 2009.Le compte d'emploi des ressources doit \u00eatre pr\u00e9sent\u00e9 suivant les modalit\u00e9s fix\u00e9es parI'arr\u00e9t\u00e9 minist\u00e9riel du 22 mai 2019.\nArticle 3 : la pr\u00e9sente autorisation pourra \u00eatre retir\u00e9e ou abrog\u00e9e en cas de manquementaux r\u00e8gles r\u00e9gissant les fonds de dotation et/ou \u00e0 la r\u00e9glementation relative aux appels \u00e0 lag\u00e9n\u00e9rosit\u00e9 publique.\nArticle 4 : Le sous-pr\u00e9fet d'Al\u00e8s est charg\u00e9 de I'ex\u00e9cution du pr\u00e9sent arr\u00eat\u00e9 qui sera publi\u00e9au recueil des actes administratif de la pr\u00e9fecture du Gard (RAA) et notifi\u00e9 au demandeur.\nNum\u00e9ro d'insertion au RAA :\nConform\u00e9ment aux dispositions du code de justice administrative, la pr\u00e9sente d\u00e9cision est susceptible de faire l'objet d'unrecours devant le tribunal administratif de Nimes dans le d\u00e9lai de deux mois \u00e0 compter de sa publication pour les tiers et \u00e0compter de sa notification pour le demandeur.\nCS 20905- 3, boulevard Louis Blanc-30107 ALES CEDEX - T\u00e9l, D4 66 56 39 39 \u2014 www  gard gouv F 3/3\nSous Pr\u00e9fecture d'Al\u00e8s - 30-2024-05-13-00007 - Arr\u00eat\u00e9 autorisation appel g\u00e9n\u00e9rosit\u00e9 publique n\u00b024-05-13 du 13 mai 2024 Monast\u00e8re de\nSolan 28\nSous Pr\u00e9fecture d'Al\u00e8s\n30-2024-05-13-00008\narr\u00eat\u00e9 de renouvellement n\u00b024-05-05 du\n13-05-2024 pour 5 ans Assistances Transports\nFun\u00e9raires - ATF\nSous Pr\u00e9fecture d'Al\u00e8s - 30-2024-05-13-00008 - arr\u00eat\u00e9 de renouvellement n\u00b024-05-05 du 13-05-2024 pour 5 ans Assistances Transports\nFun\u00e9raires - ATF 29\nPREFET Sous-pr\u00e9fecture d'Al\u00e8sDU GARD Bureau de la r\u00e9glementation Fun\u00e9raire et des associationsLibert\u00e9 Service d\u00e9partemental du fun\u00e9raire\u00c9galit\u00e9Fraternit\u00e9\nArr\u00eat\u00e9 n\u00b0 24-05-05portant renouvellement d'habilitation dans le domaine fun\u00e9raire pour une dur\u00e9e de 5 ansLe pr\u00e9fet du Gard,Chevalier de la l\u00e9gion d'honneur, Chevalier de l'ordre national du M\u00e9rite,\nVu le code g\u00e9n\u00e9ral des collectivit\u00e9s territoriales, notamment les articles L. 2223-19 etsuivants;Vu l'arr\u00eat\u00e9 pr\u00e9fectoral n\u00b0 30-2024-05-06-00003 du 06 mai 2024 donnant d\u00e9l\u00e9gationde signature \u00e0 Monsieur Emile SOUMBO, sous-pr\u00e9fet de I'arrondissement d'Al\u00e8s ;Vu l'arr\u00eat\u00e9 pr\u00e9fectoral en date du 12 avril 2018 portant renouvellement d'habilitation dans ledomaine fun\u00e9raire pour une dur\u00e9e de 6 ans sous le n\u00b0 03-30-331, \u00e0 la Sarl AssistancesTransports Fun\u00e9raires, pour son \u00e9tablissement principal \u00e0 l'enseigne \u00ab ATF \u00bb , situ\u00e9 182 rueEtienne Lenoir \u00e0 N\u00eemes (30900), num\u00e9ro SIRET : 451 087 654 00013 dirig\u00e9e par Madame LinaCOICADIN ;Vu la demande de renouvellement d'habilitation dans le domaine fun\u00e9raire formul\u00e9e parMadame Lina COICADIN, g\u00e9rante de la Sarl Sarl Assistances Transports Fun\u00e9raires \u00ab ATF \u00bb ;Vu l'extrait Kbis de la soci\u00e9t\u00e9, \u00e0 jour en date du 15 avril 2024;Consid\u00e9rant que l'habilitation n\u00b0 03-30-331 arrive \u00e0 \u00e9ch\u00e9ance \u00e0 la date du 12 avril 2024 ;Consid\u00e9rant que la demande de renouvellement d'habilitation est constitu\u00e9e conform\u00e9-ment \u00e0 la r\u00e9glementation en vigueur ;Sur proposition du sous-pr\u00e9fet d'Al\u00e8s ;ARR\u00caTE\nArticle 1\"\" : Sarl Assistances Transports Fun\u00e9raires, pour son \u00e9tablissement principal \u00e0l'enseigne \u00ab ATF \u00bb , situ\u00e9 182 rue Etienne Lenoir \u00e0 Nimes (30900), num\u00e9ro SIRET :451 087 654 00013, dirig\u00e9e par Madame Lina CO\u00cfCADIN, est habilit\u00e9 pourexercer sur l'ensemble du territoire national, les activit\u00e9s fun\u00e9raires suivantes :- transport de corps avant et apr\u00e8s mise en bi\u00e8re,- Organisation des obs\u00e8ques,- fourniture des housses, des cercueils et de leurs accessoires int\u00e9rieurs etext\u00e9rieurs ainsi que des urnes cin\u00e9raires,- fourniture de corbillards et de voitures de deuils,\nUS 10063 - 3 boulesard Loauts Blang \u2014 30107 ALES CEDEX - TELEPHONE 0466 863039 \u2014 wyvw senrd gouv fr\nSous Pr\u00e9fecture d'Al\u00e8s - 30-2024-05-13-00008 - arr\u00eat\u00e9 de renouvellement n\u00b024-05-05 du 13-05-2024 pour 5 ans Assistances Transports\nFun\u00e9raires - ATF 30\nArticle 2\nArticle 3Article 4\nArticle 5\nArticle 6\n: Les prestations de transport de corps avant et apr\u00e8s mise en bi\u00e8re se font aumoyen du v\u00e9hicule immatricul\u00e9- EA-422-FK:: Le num\u00e9ro d'habilitation est: 24-30-0005.: La dur\u00e9e de la pr\u00e9sente habilitation est fix\u00e9e pour une dur\u00e9e de 5 ans, soitjusqu'au: 13/04/2029.: La pr\u00e9sente habilitation peut \u00eatre retir\u00e9e ou suspendue pour une ou plusieursactivit\u00e9s pour I'un des motifs pr\u00e9vus par l'article L.2223-25 du code g\u00e9n\u00e9ral descollectivit\u00e9s territoriales.: Le sous-pr\u00e9fet d'Al\u00e8s est charg\u00e9 de l'ex\u00e9cution du pr\u00e9sent arr\u00e9t\u00e9 dont unexemplaire est notifi\u00e9 \u00e0 I'int\u00e9ress\u00e9 et ins\u00e9r\u00e9 au recueil des actes administratifs(RAA) de la pr\u00e9fecture du Gard.Al\u00e8s le 13 mai 2024\nLe sous-pr\u00e9fet\n\u00c9mile SOUMBO\nN\" d'insertion au RAA :\nVoies et d\u00e9lais de recours :La pr\u00e9sente d\u00e9cision peut faire l'objet d'un recours administratif aupr\u00e8s de l'autorit\u00e9 qui l'a d\u00e9livr\u00e9e ou aupr\u00e8s dutribunal administratif de Nimes, dans un d\u00e9lai de deux mois \u00e0 compter de sa notification pour l'int\u00e9ress\u00e9 et de sapublication pour les tiers.\nCS 200653 - 3 boulevand Lours Blane - 30107 ALES CEDEN - TELEPHONE (M 66 $6 39 39 - www aurd soux fr\nSous Pr\u00e9fecture d'Al\u00e8s - 30-2024-05-13-00008 - arr\u00eat\u00e9 de renouvellement n\u00b024-05-05 du 13-05-2024 pour 5 ans Assistances Transports\nFun\u00e9raires - ATF 31","date":"2024-05-17","first_seen_on":"2025-01-08T20:46:35+00:00","id":"d2f89f8ca61d69e085e2ff1da5744a7fea82259969b6d5b0d4a9c10200695c9e","name":"recueil-30-2024-078-special du 17 05 2024","pdf_creation_date":"2024-05-17T14:35:54+00:00","pdf_modification_date":null,"timezone":"CET","url":"https://www.gard.gouv.fr/contenu/telechargement/57739/432356/file/recueil-30-2024-078-special%20du%2017%2005%202024.pdf"}
