{"administration":"pref92","administration_name":"Pr\u00e9fecture des Hauts-de-Seine","content":"EPR\u00c9FETDES HAUTS-DE-SEINELibert\u00e9Egalit\u00e9Fraternit\u00e9\n2 AR D D SR 2 DR DE HER FE 2 OMR LL UE M Se\nmeat ee D SR EE 2 D EE ER D SR EE wm DR EE BUCO = Be pe\nSR Pa Pe Me\n1\nRECUEIL\nDES\nACTES ADMINISTRATIFS\nDIRECTION R\u00c9GIONALE ET\nINTERD\u00c9PARTEMENTALE DE L'\u00c9CONOMIE,\nDE L'EMPLOI, DU TRAVAIL ET DES\nSOLIDARIT\u00c9S\nUnit\u00e9 d\u00e9partementale des Hauts-de-Seine\nN\u00b0 Sp\u00e9cial 21 janvier 2026\nLADR DR D D DEEE DRD 2\nee En =z LA RER Y\nee  M el\nA Pee wR eee,  ese MR\nan = LA . eee  ee eee . mae . nm mm\nmM Mn DURE AIME\nv4we  ee  eee\n= 7 a . a\n\u2014  \u00ab\n= 7 , . , 1 , 1 a CL dan nur 1\nrN  FAA MA Am el  am\n= 7 , . , 1 , 1 oo \"1 an nur 1\nES  im Am mn MA Am MR  ae\n= 7 , . , 1 , 1 a CL dan nur 1\nrN  FAA ma  Fe  ol  4 \u2014\n= 7 , . , 1 , 1 a CL dan nur 1\nrN  FAA ma  Fe  ol  Am\n= 7 LA . , DRM MMM 1 17 1 a CL\nrN  FAA ma  Fe  ol  ma\n= 7 , . , 1 , 1 a CL dan nur 1\nrN  FAA ma  Fe  ol\n2\nPR\u00c9FET DES HAUTS-DE-SEINE\nRECUEIL DES ACTES ADMINISTRATIFS\nN\u00b0 Sp\u00e9cial DRIEETS-UD92 du 21 janvier 2026\nSOMMAIRE\nR\u00e9c\u00e9piss\u00e9s,\narr\u00eat\u00e9s Dates\nDIRECTION R\u00c9GIONALE ET\nINTERD\u00c9PARTEMENTALE DE L'\u00c9CONOMIE,\nDE L'EMPLOI, DU TRAVAIL ET DES\nSOLIDARIT\u00c9S\nPages\nDRIEETS-UD92\nn\u00b02025-658 01.12.2025\nR\u00e9c\u00e9piss\u00e9 de d\u00e9claration d'activit\u00e9s de services\n\u00e0 la personne enregistr\u00e9e sous le n\u00b0\nSAP994047801 au nom de la micro-entreprise\nSCHOPS L\u00e9opold Claude Eric sise 5 Rue Saint-\nDenis \u00e0 COLOMBES (92700)\n13\nDRIEETS-UD92\nn\u00b02025-659 01.12.2025\nR\u00e9c\u00e9piss\u00e9 de d\u00e9claration d'activit\u00e9s de services\n\u00e0 la personne enregistr\u00e9e sous le n\u00b0\nSAP945378370 au nom de la micro-entreprise\nLAAJI HIND sise 23 Rue Henri Chapron \u00e0\nASNIERES-SUR-SEINE (92600)\n15\nDRIEETS-UD92\nn\u00b02025-660 01.12.2025\nR\u00e9c\u00e9piss\u00e9 de d\u00e9claration d'activit\u00e9s de services\n\u00e0 la personne enregistr\u00e9e sous le n\u00b0\nSAP994127694 au nom de la micro-entreprise\nLE RICHE Math\u00e9o Raphael G\u00e9rard sise 11\nBoulevard De Verdun \u00e0 COURBEVOIE (92400)\n17\nDRIEETS-UD92\nn\u00b02025-661 01.12.2025\nR\u00e9c\u00e9piss\u00e9 de d\u00e9claration d'activit\u00e9s de services\n\u00e0 la personne enregistr\u00e9e sous le n\u00b0\nSAP993963719 au nom de la micro-entreprise\nMAILLOT XAVIER sise 145 Boulevard Charles\nde Gaulle \u00e0 COLOMBES (92700)\n19\nDRIEETS-UD92\nn\u00b02025-662 01.12.2025\nR\u00e9c\u00e9piss\u00e9 n\u00b02025-662 de d\u00e9claration d'activit\u00e9s\nde services \u00e0 la personne enregistr\u00e9e sous le n\u00b0\nSAP994175529 au nom de la micro-entreprise\nBLANCHARD Flora Virginie G\u00e9raldine sise 7 Rue\nPaul Bert \u00e0 COLOMBES (92700)\n21\nDRIEETS-UD92\nn\u00b02025-663 01.12.2025\nR\u00e9c\u00e9piss\u00e9 de d\u00e9claration d'activit\u00e9s de services\n\u00e0 la personne enregistr\u00e9e sous le n\u00b0\nSAP993763127 au nom de la micro-entreprise\nBERALUS MARCKELOT sise 22 All\u00e9e Henri\nSellier \u00e0 PUTEAUX (92800)\n23\nreese a mA AIR MM =\nnn  mn mA AIR MM =\nnn  mn mA mm AIR MM =\nnn  mn mA mm AIR MM =\nnn  mn mA mm AIR MM =\n= mime ae mn\" mm AIR MM =\nnn  mn mA mm AIR MM =\nnn  mn mA\nLIN IR PR RS\nnn  mn mA\nLIN IR PR RS\n= mime ae mn\"\nLIN IR PR RS\n3\nDRIEETS-UD92\nn\u00b02025-664 01.12.2025\nR\u00e9c\u00e9piss\u00e9 de d\u00e9claration d'activit\u00e9s de services\n\u00e0 la personne enregistr\u00e9e sous le n\u00b0\nSAP994205300 au nom de la micro-entreprise\nCISSE FATOUMATA sise 13 Boulevard De\nVerdun \u00e0 COURBEVOIE (92400)\n25\nDRIEETS-UD92\nn\u00b02025-665 01.12.2025\nR\u00e9c\u00e9piss\u00e9 de d\u00e9claration d'activit\u00e9s de services\n\u00e0 la personne enregistr\u00e9e sous le n\u00b0\nSAP994228765 au nom de la micro-entreprise\nDANEL L\u00e9a Edwige sise 15 Rue de l'Aigle \u00e0 LA\nGARENNE-COLOMBES (92250)\n27\nDRIEETS-UD92\nn\u00b02025-666 02.12.2025\nR\u00e9c\u00e9piss\u00e9 de d\u00e9claration d'activit\u00e9s de services\n\u00e0 la personne enregistr\u00e9e sous le n\u00b0\nSAP994230092 au nom de la micro-entreprise\nRABIA SABRI sise 10 Rue des Champarons \u00e0\nCOLOMBES (92700)\n29\nDRIEETS-UD92\nn\u00b02025-667 02.12.2025\nR\u00e9c\u00e9piss\u00e9 de d\u00e9claration d'activit\u00e9s de services\n\u00e0 la personne enregistr\u00e9e sous le n\u00b0\nSAP991071192 au nom de la micro-entreprise\nPIPEREL Aurelie sise 15 Rue Joseph Terneau \u00e0\nNANTERRE (92000)\n31\nDRIEETS-UD92\nn\u00b02025-668 02.12.2025\nR\u00e9c\u00e9piss\u00e9 de d\u00e9claration d'activit\u00e9s de services\n\u00e0 la personne enregistr\u00e9e sous le n\u00b0\nSAP919684431 au nom de la micro-entreprise\nROSNARHO BENJAMIN sise 148 Rue Aristide\nBriand \u00e0 LEVALLOIS-PERRET (92300)\n33\nDRIEETS-UD92\nn\u00b02025-669 02.12.2025\nR\u00e9c\u00e9piss\u00e9 de d\u00e9claration d'activit\u00e9s de services\n\u00e0 la personne enregistr\u00e9e sous le n\u00b0\nSAP993586080 au nom de la micro-entreprise\nGADGIL REVA sise 166 Rue D'aguesseau \u00e0\nBOULOGNE-BILLANCOURT (92100)\n35\nDRIEETS-UD92\nn\u00b02025-670 02.12.2025\nR\u00e9c\u00e9piss\u00e9 de d\u00e9claration d'activit\u00e9s de services\n\u00e0 la personne enregistr\u00e9e sous le n\u00b0\nSAP990761728 au nom de la micro-entreprise\nKLIM ANNA sise 7 Rue des Acacias \u00e0 MEUDON\n(92360)\n37\nDRIEETS-UD92\nn\u00b02025-671 02.12.2025 Arr\u00eat\u00e9 reconnaissant la qualit\u00e9 de Soci\u00e9t\u00e9\nCoop\u00e9rative Ouvri\u00e8re de Production (SCOP) 39\nDRIEETS-UD92\nn\u00b02025-672 02.12.2025 Arr\u00eat\u00e9 reconnaissant la qualit\u00e9 de Soci\u00e9t\u00e9\nCoop\u00e9rative Ouvri\u00e8re de Production (SCOP) 41\nDRIEETS-UD92\nn\u00b02025-673 02.12.2025 Arr\u00eat\u00e9 reconnaissant la qualit\u00e9 de Soci\u00e9t\u00e9\nCoop\u00e9rative Ouvri\u00e8re de Production (SCOP) 43\nreese a mA mm AIR MM =\n= mime ae mn\" mm AIR MM =\n= mime ae mn\" mm AIR MM =\n= mime ae mn\" mm AIR MM =\nnn  mn mA mm AIR MM =\n= mime ae mn\" mm AIR MM =\n= mime ae mn\" mm AIR MM =\n= mime ae mn\" mm AIR MM =\nnn  mn mA Am  mm  mE=\nue\n4\nDRIEETS-UD92\nn\u00b02025-674 03.12.2025\nR\u00e9c\u00e9piss\u00e9 de d\u00e9claration d'activit\u00e9s de services\n\u00e0 la personne enregistr\u00e9e sous le n\u00b0\nSAP994242113 au nom de la micro-entreprise\nALIOUI HAKIM sise 9 Rue des Champarons \u00e0\nCOLOMBES (92700)\n45\nDRIEETS-UD92\nn\u00b02025-675 03.12.2025\nR\u00e9c\u00e9piss\u00e9 de d\u00e9claration d'activit\u00e9s de services\n\u00e0 la personne enregistr\u00e9e sous le n\u00b0\nSAP994495620 au nom de la micro-entreprise\nMOLONGO BITA ROSE sise 50 Avenue de la\nR\u00e9publique \u00e0 NANTERRE (92000)\n47\nDRIEETS-UD92\nn\u00b02025-677 08.12.2025\nR\u00e9c\u00e9piss\u00e9 de d\u00e9claration d'activit\u00e9s de services\n\u00e0 la personne enregistr\u00e9e sous le n\u00b0\nSAP994386043 au nom de la micro-entreprise\nLAHIHI SAMY sise 51 Rue Roque de Fillol \u00e0\nPUTEAUX (92800)\n49\nDRIEETS-UD92\nn\u00b02025-678 08.12.2025\nR\u00e9c\u00e9piss\u00e9 de d\u00e9claration d'activit\u00e9s de services\n\u00e0 la personne enregistr\u00e9e sous le n\u00b0\nSAP994383107 au nom de la micro-entreprise\nRASMUSSEN VICTORIA sise 48 Rue de\nSablonville \u00e0 NEUILLY-SUR-SEINE (92200)\n51\nDRIEETS-UD92\nn\u00b02025-679 08.12.2025\nR\u00e9c\u00e9piss\u00e9 de d\u00e9claration d'activit\u00e9s de services\n\u00e0 la personne enregistr\u00e9e sous le n\u00b0\nSAP943374694 au nom de la micro-entreprise\nJulia MASIVI sise 418 Rue Gabriel Peri \u00e0\nCOLOMBES (92700)\n53\nDRIEETS-UD92\nn\u00b02025-680 08.12.2025\nR\u00e9c\u00e9piss\u00e9 de d\u00e9claration d'activit\u00e9s de services\n\u00e0 la personne enregistr\u00e9e sous le n\u00b0\nSAP912842291 au nom de la micro-entreprise\nHanay JOUD sise 8 Rue De La Tour \u00e0\nMALAKOFF (92240)\n55\nDRIEETS-UD92\nn\u00b02025-681 08.12.2025\nR\u00e9c\u00e9piss\u00e9 de d\u00e9claration d'activit\u00e9s de services\n\u00e0 la personne enregistr\u00e9e sous le n\u00b0\nSAP990051484 au nom de la micro-entreprise\nMarie HOUZOT sise 101 Avenue Victor Hugo \u00e0\nBOULOGNE-BILLANCOURT (92100)\n57\nDRIEETS-UD92\nn\u00b02025-682 08.12.2025\nR\u00e9c\u00e9piss\u00e9 de d\u00e9claration d'activit\u00e9s de services\n\u00e0 la personne enregistr\u00e9e sous le n\u00b0\nSAP993106020 au nom de la micro-entreprise\nBERNARD DE COURVILLE Nicolas sise 63 Rue\nde Billancourt \u00e0 BOULOGNE-BILLANCOURT\n(92100)\n59\nDRIEETS-UD92\nn\u00b02025-683 08.12.2025\nR\u00e9c\u00e9piss\u00e9 de d\u00e9claration modificative d'activit\u00e9s\nde services \u00e0 la personne enregistr\u00e9e sous le n\u00b0\nSAP\u202f844871798 nom de la SARL BERILLUS\nPARIS sise 100Bis Route de la Reine \u00e0 Boulogne\nBillancourt (92100)\n61\nreese a mA Am  mm  mE=\nue\nnn  mn mA mm AIR MM =\nue\n= mime ae mn\" mm AIR MM =\nnn  mn mA aan Fe  ol\nreese a mA mm AIR MM =\nnn  mn mA aan Fe  ol\n= mime ae mn\" mm AIR MM =\nnn  mn mA Am  mm  mE=\n= mime ae mn\" Am AIR MM =\n5\nDRIEETS-UD92\nn\u00b02025-684 08.12.2025\nR\u00e9c\u00e9piss\u00e9 de d\u00e9claration modificative d'activit\u00e9s\nde services \u00e0 la personne enregistr\u00e9e sous le n\u00b0\nSAP\u202f932066442 nom de la micro-entreprise\nDERHAN Antoine sise 2 Rue de la Concorde \u00e0\nAsni\u00e8res-sur-Seine (92600)\n64\nDRIEETS-UD92\nn\u00b02025-685 08.12.2025\nR\u00e9c\u00e9piss\u00e9 de d\u00e9claration modificative d'activit\u00e9s\nde services \u00e0 la personne enregistr\u00e9e sous le n\u00b0\nSAP824625933 nom de la SARL SARZEDELA\nsise 45 Avenue du G\u00e9n\u00e9ral de Gaulle \u00e0 la\nGarenne-Colombes (92250)\n67\nDRIEETS-UD92\nn\u00b02025-687 08.12.2025\nR\u00e9c\u00e9piss\u00e9 de d\u00e9claration d'activit\u00e9s de services\n\u00e0 la personne enregistr\u00e9e sous le n\u00b0\nSAP993572825 au nom de la SASU FRENCH\nCARE sise 32 Rue de Paris \u00e0 BOULOGNE-\nBILLANCOURT (92100)\n70\nDRIEETS-UD92\nn\u00b02025-688 09.12.2025\nR\u00e9c\u00e9piss\u00e9 de d\u00e9claration d'activit\u00e9s de services\n\u00e0 la personne enregistr\u00e9e sous le n\u00b0\nSAP994331403 au nom de la micro-entreprise\nLE GALL Arthur Yves Roger sise 18 Avenue\nMarceau \u00e0 COURBEVOIE (92400)\n73\nDRIEETS-UD92\nn\u00b02025-689 09.12.2025\nR\u00e9c\u00e9piss\u00e9 de d\u00e9claration d'activit\u00e9s de services\n\u00e0 la personne enregistr\u00e9e sous le n\u00b0\nSAP994434421 au nom de la micro-entreprise\nBOUKI SYRINE sise 6 Boulevard Jean - Jacques\nRousseau \u00e0 GENNEVILLIERS (92230)\n75\nDRIEETS-UD92\nn\u00b02025-690 09.12.2025\nR\u00e9c\u00e9piss\u00e9 de d\u00e9claration d'activit\u00e9s de services\n\u00e0 la personne enregistr\u00e9e sous le n\u00b0\nSAP994557890 au nom de la micro-entreprise\nLACROIX Rene Remi sise 10 Rue Paul Bert \u00e0\nCOURBEVOIE (92400)\n77\nDRIEETS-UD92\nn\u00b02025-691 09.12.2025\nR\u00e9c\u00e9piss\u00e9 de d\u00e9claration d'activit\u00e9s de services\n\u00e0 la personne enregistr\u00e9e sous le n\u00b0\nSAP994556322 au nom de la micro-entreprise\nGORY YOUSSOUF sise 65 Rue Fernand Forest\n\u00e0 SURESNES (92150)\n79\nDRIEETS-UD92\nn\u00b02025-692 10.12.2025\nR\u00e9c\u00e9piss\u00e9 de d\u00e9claration d'activit\u00e9s de services\n\u00e0 la personne enregistr\u00e9e sous le n\u00b0\nSAP934923319 au nom de la micro-entreprise\nBASTOS DA SILVA Dany sise 19 Rue des Hauts\nFresnays \u00e0 RUEIL-MALMAISON (92500)\n81\nDRIEETS-UD92\nn\u00b02025-694 10.12.2025\nR\u00e9c\u00e9piss\u00e9 de d\u00e9claration d'activit\u00e9s de services\n\u00e0 la personne enregistr\u00e9e sous le n\u00b0\nSAP994592327 au nom de la micro-entreprise\nPIERRON Alex Martin Albert sise 10 Rue\nMagenta \u00e0 ASNIERES-SUR-SEINE (92600)\n83\nreese a mA Am AIR MM =\nnn  mn mA Am AIR MM =\nnn  mn mA Am AIR MM =\nnn  mn mA Am AIR MM =\nnn  mn mA ae AIR MM =\nnn  mn mA Am  mm  mE=\nnn  mn mA ae AIR MM =\nnn  mn mA ae AIR MM =\n= mime ae mn\" ae AIR MM =\n6\nDRIEETS-UD92\nn\u00b02025-695 10.12.2025\nR\u00e9c\u00e9piss\u00e9 de d\u00e9claration d'activit\u00e9s de services\n\u00e0 la personne enregistr\u00e9e sous le n\u00b0\nSAP994124626 au nom de la micro-entreprise\nJBALI YOUSSRA sise 112 Rue Saint-Denis \u00e0\nCOLOMBES (92700)\n85\nDRIEETS-UD92\nn\u00b02025-696 10.12.2025\nR\u00e9c\u00e9piss\u00e9 de d\u00e9claration d'activit\u00e9s de services\n\u00e0 la personne enregistr\u00e9e sous le n\u00b0\nSAP994417343 au nom de la micro-entreprise\nET TERBAOUI SELHAM sise 2 Avenue de la\nLib\u00e9ration \u00e0 GENNEVILLIERS (92230)\n87\nDRIEETS-UD92\nn\u00b02025-697 10.12.2025\nR\u00e9c\u00e9piss\u00e9 de d\u00e9claration d'activit\u00e9s de services\n\u00e0 la personne enregistr\u00e9e sous le n\u00b0\nSAP993711944 au nom de la micro-entreprise\nDJELLOUT LOUNES sise 2 Rue de Legnano\nChez Mme REKEB \u00e0 COLOMBES (92700)\n89\nDRIEETS-UD92\nn\u00b02025-698 10.12.2025\nR\u00e9c\u00e9piss\u00e9 de d\u00e9claration d'activit\u00e9s de services\n\u00e0 la personne enregistr\u00e9e sous le n\u00b0\nSAP994559862 au nom de la micro-entreprise\nBOUKEU TCHINDA JOMKOUO sise 4 RUE des\nJardins \u00e0 ASNIERES-SUR-SEINE (92600)\n91\nDRIEETS-UD92\nn\u00b02025-699 15.12.2025\nR\u00e9c\u00e9piss\u00e9 de d\u00e9claration d'activit\u00e9s de services\n\u00e0 la personne enregistr\u00e9e sous le n\u00b0\nSAP994584647 au nom de la micro-entreprise\nDEILLER EMMANUELLA sise 116 Rue Jean\nJaur\u00e8s \u00e0 NANTERRE (92000)\n94\nDRIEETS-UD92\nn\u00b02025-700 15.12.2025\nR\u00e9c\u00e9piss\u00e9 de d\u00e9claration d'activit\u00e9s de services\n\u00e0 la personne enregistr\u00e9e sous le n\u00b0\nSAP994426856 au nom de la micro-entreprise\nLADISLAS GWENAEL sise 28 Boulevard de\nStalingrad \u00e0 MALAKOFF (92240)\n96\nDRIEETS-UD92\nn\u00b02025-701 15.12.2025\nR\u00e9c\u00e9piss\u00e9 de d\u00e9claration d'activit\u00e9s de services\n\u00e0 la personne enregistr\u00e9e sous le n\u00b0\nSAP994420339 au nom de la micro-entreprise\nBAUDE GERALD sise 7 Avenue Gabriel \u00e0\nCOLOMBES (92700)\n98\nDRIEETS-UD92\nn\u00b02025-702 15.12.2025\nR\u00e9c\u00e9piss\u00e9 de d\u00e9claration d'activit\u00e9s de services\n\u00e0 la personne enregistr\u00e9e sous le n\u00b0\nSAP488218926 au nom de la micro-entreprise\nCLAIRE DAUCHY sise 27 all\u00e9e de Tr\u00e9vise \u00e0\nSCEAUX (92330)\n100\nDRIEETS-UD92\nn\u00b02025-703 15.12.2025\nR\u00e9c\u00e9piss\u00e9 de d\u00e9claration d'activit\u00e9s de services\n\u00e0 la personne enregistr\u00e9e sous le n\u00b0\nSAP994411502 au nom de la micro-entreprise\nBEN REKHISSA DONIA sise 24 Rue Sadi Carnot\n\u00e0 NANTERRE (92000)\n102\nreese a mA ae AIR MM =\nnn  mn mA ae AIR MM =\nnn  mn mA ae AIR MM =\nnn  mn mA ae AIR MM =\nnn  mn mA ae AIR MM =\nnn  mn mA ae AIR MM =\n= mime ae mn\" ae AIR MM =\nnn  mn mA ae AIR MM =\nnn  mn mA Am  mm  mE=\n7\nDRIEETS-UD92\nn\u00b02025-704 15.12.2025\nR\u00e9c\u00e9piss\u00e9 de d\u00e9claration d'activit\u00e9s de services\n\u00e0 la personne enregistr\u00e9e sous le n\u00b0\nSAP993024728 au nom de la micro-entreprise\nPUJOL NOLAN sise 27 Boulevard de Stalingrad\n\u00e0 MALAKOFF (92240)\n104\nDRIEETS-UD92\nn\u00b02025-705 15.12.2025\nR\u00e9c\u00e9piss\u00e9 de d\u00e9claration d'activit\u00e9s de services\n\u00e0 la personne enregistr\u00e9e sous le n\u00b0\nSAP994313161 au nom de la micro-entreprise\nBEN JOMAA Ecaterina sise 1 Avenue des\nFoss\u00e9s \u00e0 MEUDON (92190)\n106\nDRIEETS-UD92\nn\u00b02025-706 15.12.2025\nR\u00e9c\u00e9piss\u00e9 de d\u00e9claration d'activit\u00e9s de services\n\u00e0 la personne enregistr\u00e9e sous le n\u00b0\nSAP919211425 au nom de la micro-entreprise\nLOSEMBE MUNDELE sise 18 Avenue Chausson\n\u00e0 GENNEVILLIERS (92230)\n109\nDRIEETS-UD92\nn\u00b02025-707 15.12.2025\nR\u00e9c\u00e9piss\u00e9 de d\u00e9claration d'activit\u00e9s de services\n\u00e0 la personne enregistr\u00e9e sous le n\u00b0\nSAP994706984 au nom de la micro-entreprise\nERMENEK OZGE sise 11 Rue Volant \u00e0\nNANTERRE (92000)\n111\nDRIEETS-UD92\nn\u00b02025-708 15.12.2025\nR\u00e9c\u00e9piss\u00e9 de d\u00e9claration d'activit\u00e9s de services\n\u00e0 la personne enregistr\u00e9e sous le n\u00b0\nSAP992036707 au nom de la micro-entreprise\nPREIRA Ilona sise 7 Boulevard Victor Hugo \u00e0\nCLICHY (92110)\n113\nDRIEETS-UD92\nn\u00b02025-709 15.12.2025\nR\u00e9c\u00e9piss\u00e9 de d\u00e9claration d'activit\u00e9s de services\n\u00e0 la personne enregistr\u00e9e sous le n\u00b0\nSAP838360238 au nom de la micro-entreprise\nMAINTIGNEUX Basile sise 13 Rue Alfred\nFournier \u00e0 CHAVILLE (92370)\n115\nDRIEETS-UD92\nn\u00b02025-710 15.12.2025\nR\u00e9c\u00e9piss\u00e9 de d\u00e9claration d'activit\u00e9s de services\n\u00e0 la personne enregistr\u00e9e sous le n\u00b0\nSAP994756427 au nom de la micro-entreprise\nHEROUALI MEHDI ABDLKADER CLAUDE sise\n15 Avenue de la R\u00e9publique \u00e0 CHATILLON\n(92320)\n117\nDRIEETS-UD92\nn\u00b02025-711 15.12.2025\nR\u00e9c\u00e9piss\u00e9 de d\u00e9claration d'activit\u00e9s de services\n\u00e0 la personne enregistr\u00e9e sous le n\u00b0\nSAP994784429 au nom de la micro-entreprise\nROGER MA\u00cbLINE sise 3 Rue des Deux Gares \u00e0\nRUEIL-MALMAISON (92500)\n119\nDRIEETS-UD92\nn\u00b02025-712 15.12.2025\nR\u00e9c\u00e9piss\u00e9 de d\u00e9claration d'activit\u00e9s de services\n\u00e0 la personne enregistr\u00e9e sous le n\u00b0\nSAP994782480 au nom de la micro-entreprise\nMOITRY OSTIANE MARIE sise 5 Rue de Paris \u00e0\nBOULOGNE-BILLANCOURT (92100)\n121\nreese a mA ae AIR MM =\nnn  mn mA ae AIR MM =\nue Fo te ea oe ne ee\nnn  mn mA ae AIR MM =\noe a CL\n= mime ae mn\" ae AIR MM =\nnn  mn mA ae AIR MM =\noe a CL\nnn  mn mA ae AIR MM =\n= mime ae mn\" ae AIR MM =\nnn  mn mA Am  mm  mE=\n= mime ae mn\" Am AIR MM =\n8\nDRIEETS-UD92\nn\u00b02025-714 15.12.2025\nR\u00e9c\u00e9piss\u00e9 de d\u00e9claration d'activit\u00e9s de services\n\u00e0 la personne enregistr\u00e9e sous le n\u00b0\nSAP994829968 au nom de la micro-entreprise\nJACQUIN LUCIE sise 8 Rue Camille Claude \u00e0\nGENNEVILLIERS (92230)\n123\nDRIEETS-UD92\nn\u00b02025-715 15.12.2025\nArr\u00eat\u00e9 modifiant l'agr\u00e9ment SAP538095290 de la\nSARL ADHEO SERVICES HAUTS-DE-SEINE\nSUD sise 87-89 Rue du Gouverneur G\u00e9n\u00e9ral\nF\u00e9lix Ebou\u00e9 \u00e0 Issy-les-Moulineaux (92130)\n125\nDRIEETS-UD92\nn\u00b02025-716 15.12.2025\nR\u00e9c\u00e9piss\u00e9 de d\u00e9claration modificative d'activit\u00e9s\nde services \u00e0 la personne enregistr\u00e9e sous le n\u00b0\nSAP538095290 nom de la SARL ADHEO\nSERVICES HAUTS-DE-SEINE SUD sise au 87-\n89 Rue du Gouverneur G\u00e9n\u00e9ral F\u00e9lix Ebou\u00e9 \u00e0\nIssy-les-Moulineaux (92130)\n127\nDRIEETS-UD92\nn\u00b02025-717 15.12.2025\nArr\u00eat\u00e9 portant renouvellement de l'agr\u00e9ment\nSAP812244168 \u00e0 la SARL NID'ANGES ET\nSUCRE D'ORGE sise 24 Rue du Gouverneur\nG\u00e9n\u00e9ral Ebou\u00e9 \u00e0 Issy-les-Moulineaux (92130)\n131\nDRIEETS-UD92\nn\u00b02025-718 15.12.2025\nR\u00e9c\u00e9piss\u00e9 de d\u00e9claration modificative d'activit\u00e9s\nde services \u00e0 la personne enregistr\u00e9e sous le n\u00b0\nSAP812244168 au nom de la SARL NID'ANGES\nET SUCRE D'ORGE sise 24 Rue du Gouverneur\nG\u00e9n\u00e9ral Ebou\u00e9 \u00e0 Issy-les-Moulineaux (92130)\n135\nDRIEETS-UD92\nn\u00b02025-719 15.12.2025\nR\u00e9c\u00e9piss\u00e9 de d\u00e9claration d'activit\u00e9s de services\n\u00e0 la personne enregistr\u00e9e sous le n\u00b0\nSAP991710526 au nom de la SASU AZLA\nSERVICES sise 23 Rue de Ch\u00e2teaubriand \u00e0\nCHATENAY-MALABRY (92290)\n138\nDRIEETS-UD92\nn\u00b02025-720 15.12.2025\nR\u00e9c\u00e9piss\u00e9 de d\u00e9claration d'activit\u00e9s de services\n\u00e0 la personne enregistr\u00e9e sous le n\u00b0\nSAP994926806 au nom de la micro-entreprise\nFLEURAT GABIN CLAUDE BERNARD sise 13\nRue Emile Zola \u00e0 92600 ASNIERES-SUR-SEINE\n(92000)\n140\nDRIEETS-UD92\nn\u00b02025-721 15.12.2025\nR\u00e9c\u00e9piss\u00e9 de d\u00e9claration d'activit\u00e9s de services\n\u00e0 la personne enregistr\u00e9e sous le n\u00b0\nSAP928903855 au nom de la micro-entreprise\nGeoffrey LEGRAIN sise 22 Rue Adam Ledoux \u00e0\nCOURBEVOIE (92400)\n142\nDRIEETS-UD92\nn\u00b02025-722 16.12.2025\nR\u00e9c\u00e9piss\u00e9 de d\u00e9claration d'activit\u00e9s de services\n\u00e0 la personne enregistr\u00e9e sous le n\u00b0\nSAP994092500 au nom de la micro-entreprise\nCelia KHIRAT sise 28 Boulevard de Stalingrad \u00e0\nMALAKOFF (92240)\n144\nreese a mA Am  mm  mE=\nnn  mn mA Am  mm  mE=\nnn  mn mA Am  mm  mE=\n= mime ae mn\" Am AIR MM =\n= mime ae mn\" Am AIR MM =\n= mime ae mn\" AIR MM =\nnn  mn mA Am AIR MM =\n= mime ae mn\" Am AIR MM =\nnn  mn mA Am  mm  mE=\n9\nDRIEETS-UD92\nn\u00b02025-723 16.12.2025\nR\u00e9c\u00e9piss\u00e9 de d\u00e9claration d'activit\u00e9s de services\n\u00e0 la personne enregistr\u00e9e sous le n\u00b0\nSAP994898567 au nom de la micro-entreprise\nMOREAU NICOLAS CHRISTOPHE sise 60 Rue\nRaspail \u00e0 BOIS-COLOMBES (92270)\n146\nDRIEETS-UD92\nn\u00b02025-724 16.12.2025\nR\u00e9c\u00e9piss\u00e9 de d\u00e9claration d'activit\u00e9s de services\n\u00e0 la personne enregistr\u00e9e sous le n\u00b0\nSAP994880284 au nom de la micro-entreprise\nYOUSEF NANCY sise 20 Rue Parmentier \u00e0\nCOURBEVOIE (92400)\n148\nDRIEETS-UD92\nn\u00b02025-725 16.12.2025\nR\u00e9c\u00e9piss\u00e9 de d\u00e9claration d'activit\u00e9s de services\n\u00e0 la personne enregistr\u00e9e sous le n\u00b0\nSAP994826501 au nom de la micro-entreprise\nBOURCIER COLAS VIRGILE sise 5 Cit\u00e9 Barat \u00e0\nASNIERES-SUR-SEINE (92600)\n150\nDRIEETS-UD92\nn\u00b02025-726 16.12.2025\nR\u00e9c\u00e9piss\u00e9 de d\u00e9claration d'activit\u00e9s de services\n\u00e0 la personne enregistr\u00e9e sous le n\u00b0\nSAP994829034 au nom de la micro-entreprise\nBAHMED KENZI sise 60 Rue du Tertre \u00e0\nSURESNES (92150)\n152\nDRIEETS-UD92\nn\u00b02025-727 16.12.2025\nR\u00e9c\u00e9piss\u00e9 de d\u00e9claration d'activit\u00e9s de services\n\u00e0 la personne enregistr\u00e9e sous le n\u00b0\nSAP994538718 au nom de la micro-entreprise\nKALONDA Djor A\u00efcha sise 113 Route De la reine\n\u00e0 BOULOGNE-BILLANCOURT (92100)\n154\nDRIEETS-UD92\nn\u00b02025-728 .12.2025\nR\u00e9c\u00e9piss\u00e9 de d\u00e9claration d'activit\u00e9s de services\n\u00e0 la personne enregistr\u00e9e sous le n\u00b0\nSAP994984276 au nom de la micro-entreprise\nDOUBENKO JANETTA sise 92 Rue Diderot \u00e0\nRUEIL-MALMAISON (92500)\n156\nDRIEETS-UD92\nn\u00b02025-729 16.12.2025\nR\u00e9c\u00e9piss\u00e9 de d\u00e9claration d'activit\u00e9s de services\n\u00e0 la personne enregistr\u00e9e sous le n\u00b0\nSAP994847333 au nom de la micro-entreprise\nTerry DEGRAS sise 1 Parvis du Breuil \u00e0 RUEIL-\nMALMAISON (92500)\n158\nDRIEETS-UD92\nn\u00b02025-730 18.12.2025\nR\u00e9c\u00e9piss\u00e9 de d\u00e9claration d'activit\u00e9s de services\n\u00e0 la personne enregistr\u00e9e sous le n\u00b0\nSAP995006020 au nom de la micro-entreprise\nLea GUILLEVIC sise 28 Boulevard de Stalingrad\n\u00e0 MALAKOFF (92240)\n160\nDRIEETS-UD92\nn\u00b02025-731 18.12.2025\nR\u00e9c\u00e9piss\u00e9 de d\u00e9claration d'activit\u00e9s de services\n\u00e0 la personne enregistr\u00e9e sous le n\u00b0\nSAP994960078 au nom de la micro-entreprise\nKAMWE PANGOP STEPHANE sise 53\nBoulevard du Mar\u00e9chal Joffre \u00e0 BOURG-LA-\nREINE (92340)\n162\nreese a mA Am AIR MM =\nnn  mn mA Am AIR MM =\n= mime ae mn\" Am AIR MM =\nue\nnn  mn mA Am AIR MM =\n= mime ae mn\" mm AIR MM =\n= mime ae mn\" mm AIR MM =\nnn  mn mA nn mn Am  mm  mE=\nnn  mn mA mm AIR MM =\nnn  mn mA mm AIR MM =\n10\nDRIEETS-UD92\nn\u00b02025-732 18.12.2025\nR\u00e9c\u00e9piss\u00e9 de d\u00e9claration d'activit\u00e9s de services\n\u00e0 la personne enregistr\u00e9e sous le n\u00b0\nSAP993103332 au nom de la micro-entreprise\nTAKHCHI AMINE sise 27 Boulevard de\nStalingrad \u00e0 MALAKOFF (92240)\n164\nDRIEETS-UD92\nn\u00b02025-733 18.12.2025\nR\u00e9c\u00e9piss\u00e9 de d\u00e9claration d'activit\u00e9s de services\n\u00e0 la personne enregistr\u00e9e sous le n\u00b0\nSAP920699170 au nom de la micro-entreprise\nTIERCELIN Alice sise 7 Rue Ma\u00eetre Jacques \u00e0\nBOULOGNE-BILLANCOURT (92100)\n166\nDRIEETS-UD92\nn\u00b02025-734 18.12.2025\nR\u00e9c\u00e9piss\u00e9 de d\u00e9claration modificative d'activit\u00e9s\nde services \u00e0 la personne enregistr\u00e9e sous le n\u00b0\nSAP898408356 au nom de la micro-entreprise\nBELARBI BELARBI KATHIA sise 158 Grande\nRue \u00e0 SURESNES (92150)\n168\nDRIEETS-UD92\nn\u00b02025-735 18.12.2025\nR\u00e9c\u00e9piss\u00e9 de d\u00e9claration d'activit\u00e9s de services\n\u00e0 la personne enregistr\u00e9e sous le n\u00b0\nSAP992372748 au nom de la micro-entreprise\nFLEURY CHRISTEL sise 1 Rue de Watford \u00e0\nNANTERRE (92000)\n171\nDRIEETS-UD92\nn\u00b02025-736 22.12.2025\nR\u00e9c\u00e9piss\u00e9 de d\u00e9claration d'activit\u00e9s de services\n\u00e0 la personne enregistr\u00e9e sous le n\u00b0\nSAP993249085 au nom de la micro-entreprise\nMOTT HANAN sise 2 Rue Marcel Sembat \u00e0\nISSY-LES-MOULINEAUX (92130)\n174\nDRIEETS-UD92\nn\u00b02025-737 22.12.2025\nR\u00e9c\u00e9piss\u00e9 de d\u00e9claration d'activit\u00e9s de services\n\u00e0 la personne enregistr\u00e9e sous le n\u00b0\nSAP879734903 au nom de la micro-entreprise\nTOURE ALFOUSSENI sise 13 Place Charles de\nGaulle \u00e0 SAINT-CLOUD (92210)\n176\nDRIEETS-UD92\nn\u00b02025-738 22.12.2025\nR\u00e9c\u00e9piss\u00e9 de d\u00e9claration d'activit\u00e9s de services\n\u00e0 la personne enregistr\u00e9e sous le n\u00b0\nSAP995346251 au nom de la micro-entreprise\nDE GUILHEM DE LATAILLADE VIOLETTE\nMARIE sise 50 Avenue du G\u00e9n\u00e9ral Leclerc \u00e0\nBOULOGNE-BILLANCOURT (92100)\n178\nDRIEETS-UD92\nn\u00b02025-739 22.12.2025\nR\u00e9c\u00e9piss\u00e9 de d\u00e9claration d'activit\u00e9s de services\n\u00e0 la personne enregistr\u00e9e sous le n\u00b0\nSAP938099447 au nom de la micro-entreprise\nREMBLIERE Noah sise 28 Rue du Mont Val\u00e9rien\n\u00e0 SAINT-CLOUD (92210)\n180\nDRIEETS-UD92\nn\u00b02025-740 22.12.2025\nR\u00e9c\u00e9piss\u00e9 de d\u00e9claration d'activit\u00e9s de services\n\u00e0 la personne enregistr\u00e9e sous le n\u00b0\nSAP877792358 au nom de la micro-entreprise\nNiki TOSSOU sise 6 RUE de Barnet \u00e0 CHAVILLE\n(92370)\n182\nreese a mA mm AIR MM =\nnn  mn mA mm AIR MM =\nnn  mn mA mm AIR MM =\n= mime ae mn\" mm AIR MM =\nnn  mn mA mm AIR MM =\nnn  mn mA mm AIR MM =\nnn  mn mA Am  mm  mE=\nnn  mn mA Am  mm  mE=\nnn  mn mA Am  mm  mE=\noe\n11\nDRIEETS-UD92\nn\u00b02025-741 22.12.2025\nR\u00e9c\u00e9piss\u00e9 de d\u00e9claration d'activit\u00e9s de services\n\u00e0 la personne enregistr\u00e9e sous le n\u00b0\nSAP995280534 au nom de la micro-entreprise\nAdam BOUSSAID sise 68 Avenue du Bois de\nVerri\u00e8res \u00e0 ANTONY (92160)\n184\nDRIEETS-UD92\nn\u00b02025-742 22.12.2025\nR\u00e9c\u00e9piss\u00e9 de d\u00e9claration d'activit\u00e9s de services\n\u00e0 la personne enregistr\u00e9e sous le n\u00b0\nSAP938570207 au nom de la micro-entreprise\nMANGO KILIAN sise 269 Rue du M\u00e9nil 92600 \u00e0\nASNIERES-SUR-SEINE (92600)\n186\nDRIEETS-UD92\nn\u00b02025-743 30.12.2025\nR\u00e9c\u00e9piss\u00e9 de d\u00e9claration d'activit\u00e9s de services\n\u00e0 la personne enregistr\u00e9e sous le n\u00b0\nSAP518034749 au nom de la micro-entreprise\nHAMBLOT NORBERT sise 9 Rue de Flandre \u00e0\nClamart (92140)\n188\nDRIEETS-UD92\nn\u00b02025-744 30.12.2025\nR\u00e9c\u00e9piss\u00e9 de d\u00e9claration d'activit\u00e9s de services\n\u00e0 la personne enregistr\u00e9e sous le n\u00b0 SAP\n995129582 au nom de la micro-entreprise\nCHICOYNEAU DE LAVALETTE SACHA sise 69\nRue de la Saussi\u00e8re \u00e0 Boulogne-Billancourt\n(92100)\n190\nDRIEETS-UD92\nn\u00b02025-745 30.12.2025\nR\u00e9c\u00e9piss\u00e9 de d\u00e9claration d'activit\u00e9s de services\n\u00e0 la personne enregistr\u00e9e sous le n\u00b0 SAP\n995296548 au nom de la SASU PROGRESSER\nsise 12 All\u00e9e des Fauvettes \u00e0 Chatenay-Malabry\n(92290)\n192\nDRIEETS-UD92\nn\u00b02025-746 30.12.2025\nR\u00e9c\u00e9piss\u00e9 de d\u00e9claration d'activit\u00e9s de services\n\u00e0 la personne enregistr\u00e9e sous le n\u00b0 SAP\n995009636 au nom de la micro-entreprise BON\nCHARLOTTE sise 28 Boulevard Stalingrad \u00e0\nMalakoff (92240)\n194\nDRIEETS-UD92\nn\u00b02025-747 30.12.2025\nR\u00e9c\u00e9piss\u00e9 de d\u00e9claration d'activit\u00e9s de services\n\u00e0 la personne enregistr\u00e9e sous le n\u00b0 SAP\n441960069 au nom de la micro-entreprise\nCOCHARD CHRISTOPHE sise 63 Rue Gabriel\nP\u00e9ri \u00e0 Montrouge (92120)\n196\nDRIEETS-UD92\nn\u00b02025-748 30.12.2025\nR\u00e9c\u00e9piss\u00e9 de d\u00e9claration d'activit\u00e9s de services\n\u00e0 la personne enregistr\u00e9e sous le n\u00b0 SAP\n832741946 au nom de la micro-entreprise\nRGOUD ABDELOUAHAB sise 10 Jardins de la\nVall\u00e9e \u00e0 Chatenay-Malabry (92290)\n198\nDRIEETS-UD92\nn\u00b02025-749 30.12.2025\nR\u00e9c\u00e9piss\u00e9 de d\u00e9claration modificative d'activit\u00e9s\nde services \u00e0 la personne enregistr\u00e9e sous le n\u00b0\nSAP 934328154 au nom de la SASU DOMELI\nsise 6 Rue Beffroy \u00e0 Neuilly-sur-Seine (92200)\n200\nreese a mA mm AIR MM =\nnn  mn mA mm AIR MM =\n= mime ae mn\" mm AIR MM =\n12\nDRIEETS-UD92\nn\u00b02025-750 30.12.2025\nR\u00e9c\u00e9piss\u00e9 de d\u00e9claration d'activit\u00e9s de services\n\u00e0 la personne enregistr\u00e9e sous le n\u00b0 SAP\n999015480 au nom de la micro-entreprise\nSOUMARE CISSE sise 4 Avenue Paul de Rutte\n\u00e0 Chatenay-Malabry (92290)\n203\nDRIEETS-UD92\nn\u00b02025-751 30.12.2025\nR\u00e9c\u00e9piss\u00e9 de d\u00e9claration d'activit\u00e9s de services\n\u00e0 la personne enregistr\u00e9e sous le n\u00b0 SAP\n995228210 au nom de la micro-entreprise\nMADELAIN CLARA sise 45 Avenue Charles de\nGaulle \u00e0 Neuilly-sur-Seine (92200)\n205\nDRIEETS-UD92\nn\u00b02025-752 30.12.2025\nR\u00e9c\u00e9piss\u00e9 de d\u00e9claration d'activit\u00e9s de services\n\u00e0 la personne enregistr\u00e9e sous le n\u00b0 SAP\n924121023 au nom de la micro-entreprise\nTEIXEIRA LOURENCO sise 42 Boulevard\nd'Inkermann \u00e0 Neuilly-sur-Seine (92200)\n207\nEs  Direction r\u00e9gionale et interd\u00e9partementale\nMINIST\u00c8RE  de l'\u00e9conomie, de l'emploi,\nDU  TRAVAIL,  DE  LA SANT\u00c9,  du travail et des solidarit\u00e9s\nDES  SOLIDARIT\u00c9S\nET  DES  FAMILLES\npay\nR\u00e9c\u00e9piss\u00e9  n\u00b02025-658  de  d\u00e9claration  d'activit\u00e9s de services \u00e0 la personne\nenregistr\u00e9e  sous  le n\u00b0 SAP994047801  au  nom  de  la micro-entreprise  SCHOPS\nL\u00e9opold  Claude  Eric sise  5 Rue  Saint-Denis  \u00e0 COLOMBES  (92700)\nLE  PREFET  DES  HAUTS-DE-SEINE\nVu  la loi n\u00b0 2010-853  du  23 jullet 2010  relative aux  r\u00e9seaux  consulaires,  au  commerce  et \u00e0\nl'artisanat  et  aux  services  (article 31);\n'Vu la loi n\u00b02015-1778  du  28  d\u00e9combre  2015  relative \u00e0\nViellissement ;\nfaptaton de  la soci\u00e9t\u00e9  ou\n'Vu l'aricie 07231-1  du  Code  du  travail;\nVu  les d\u00e9crets  n\u00b0 2011-1132  et n\u00b0 2011-1133  du  20  septembre  2011  modifiant  certains\ndispostions  du  Code  du  travail, relatives au  ch\u00e8que  emplot-service  universel et aux\nservices \u00e0 la personne  ;\n'Vu le d\u00e9cret  n\u00b02016750  du 6 juin 2016 relatif \u00e0 la liste des activit\u00e9s de services la  personne\nsoumises  \u00e0 agr\u00e9ment  ou \u00e0 autorisationdans le cadre du r\u00e9gime commun  dela d\u00e9claration\nVu  le d\u00e9cret du 31 octobre 2024  portant nomination  de Monsieur  Alexandre  BRUGERE,  en\nqualit\u00e9 de  Pr\u00e9fet des  Hauts-de-Seine\nVu  l'\u00e9t\u00e9  interminist\u00e9ril  du  12  ao\u00fbt  2025  nommant  Monsieur  Fabrice  MASI,  Directeur\nr\u00e9gional et interd\u00e9partemental  de  l'\u00e9conomie,  de  l'emploi, du  travail et des  solidarit\u00e9s dle\nde-France  \u00e0 compter  du  25  ao\u00fbt  2025\nVu  l'arr\u00eat\u00e9 pr\u00e9fectoral n\u00b02026-33  du 22 ao\u00fbt 2025  par lequel le Pr\u00e9fet des  Hauts-de-Seine\nd\u00e9l\u00e8gue  sa signature \u00e0 Monsieur  Fabrice MASI,  Directeur r\u00e9gional et nterd\u00e9partemental\nde l'\u00e9conomie, de l'emploi, du traval et des solidarit\u00e9s 'le-de-France ;\nVu  la d\u00e9cision  n\u00b0 2025-157  du  25  ao\u00fbt  2025  portant subd\u00e9l\u00e9gation  de  signature  de  Monsieur\nFabrice  MASI,  Directeur  r\u00e9gional et interd\u00e9partemental  de  \u00e9conomie,  de  l'emploi. du\ntravailet des solidarit\u00e9s d'\u00cele-de-France, aux  agents de [Unit\u00e9 d\u00e9partementale  des Hauts-\nde-Seine ;\nVu  la d\u00e9claration activit\u00e9s de services \u00e0 la personne  d\u00e9pos\u00e9es  le 19 novembre  2025  au  nom\nde  la micro-entreprise  SCHOPS  L\u00e9opold  Claude  Eric sise 5  Rue  Saint-Denis  \u00e0\nCOLOMBES  (82700)  ;\n\n'Apr\u00e8s examen  du  dossier, cette demande  \u00e9tant conforme  aux  dispostions de  l'article L. 7232-1-\n1 du code du traval, le pr\u00e9sent r\u00e9c\u00e9piss\u00e9 de d\u00e9claration d'activit\u00e9s de services \u00e0 la personne  a\n\u00e9t\u00e9 enregistr\u00e9 au nom  de la micro-entreprise SCHOPS  L\u00e9opold  Claude  Eric sous  le num\u00e9ro\nSAP  994047801\nLes  actvit\u00e9s  d\u00e9clar\u00e9es  sont  les suivantes,  \u00e0 l'exclusion de  toute  autre\n= Entretien la maison  et travaux  m\u00e9nagers  ;\nPrestations relevant du b\u00e9n\u00e9fice dela  r\u00e9duction imp\u00f4t  pr\u00e9vue \u00e0 Taticle 199 sexdecies du Code\nG\u00e9n\u00e9ral  des  Imp\u00f4ts.\nLa structure exerce  ces  activit\u00e9s selon  le mode  suivant  : PRESTATAIRE\nSous  r\u00e9serve  d'\u00eatre exerc\u00e9es  \u00e0  tre  exclus  par  le d\u00e9clarant  (ou  sous  r\u00e9serve  d'une  comptabilit\u00e9\n's\u00e9par\u00e9e pour  es  personnes  morales dispens\u00e9es  de la condition 'actvt\u00e9  exclusive) ces activit\u00e9s\n'ouvrent drot au  b\u00e9n\u00e9fice des  dispostions des  artcies L. 7233-2  du code  du  travall et L. 241-10\ndu  code  de  la s\u00e9curt\u00e9  sociale.\nConform\u00e9ment  aux dispositionsde l'article R7232-19  du code  du travail, l'organisme d\u00e9clar\u00e9 doit\nproduire  au  moins  chaque  tmestre  un  \u00e9tat d'activit\u00e9 et chaque  ann\u00e9e  un  bilan quanttat  et\nquaitatf de active  exerc\u00e9e  au  tre  de  l'ann\u00e9e \u00e9coul\u00e9e  ainsi qu'un tableau statistique annuel.\nSi l'organisme d\u00e9clar\u00e9 comporte  plusieurs \u00e9tablissements, les \u00e9tats statistiqueset le bilan annuel\ndistinguent  l'acti\u00e9  exerc\u00e9e  par  chaque  \u00e9tablissement.\nLe  pr\u00e9sent  r\u00e9c\u00e9piss\u00e9  prend  effet le 19 novembre  2028.\nL'enrogistrement de la d\u00e9claration pourra \u00eatre retir\u00e9 si l'organisme  d\u00e9clar\u00e9 cosse de remplir\nles conditions  ou  de  respecter  les obligations mentionn\u00e9es  aux  4\u00b0,5\u00b0 et 6\u00b0 de  l'article\n72327 ou  qui m\u00e9connalt les obligations d\u00e9finies \u00e0 l'article R7232-19  du code du travail.\npaie  de  reat dela  d\u00e9claration, fare  l'objet dune  d\u00e9claration  modticalve  aupr\u00e9s  de  Unit\u00e9\nd\u00e9partementale  des  Hauts-de-Seine.\nLe pr\u00e9sent  r\u00e9c\u00e9piss\u00e9  sera publi\u00e9  au recueil des  actes administratifs de la pr\u00e9fecture des  Hauts-\nde-Seine.\nFait \u00e0 Nanterre,  le 1\" d\u00e9cembre  2025,\nPour le Pr\u00e9fet\nPar  d\u00e9l\u00e9gation  et subd\u00e9l\u00e9gation\nLa  Responsable  du  service\nD\u00e9veloppement  de  l'emploi  et des\n'comp\u00e9tences\nVG  ute\nMarlama CONDE\n\nEx  Direction r\u00e9gionale et interd\u00e9partementale\nMINIST\u00c8RE  de l'\u00e9conomie, de l'emploi,\nDU  TRAVAIL,  DE  LA  SANT\u00c9,  du travail et des solidarit\u00e9s\nDES  SOLIDARIT\u00c9S\nET  DES  FAMILLES\n=.\nR\u00e9c\u00e9piss\u00e9  n\u00b02025-659  de  d\u00e9claration  d'activit\u00e9s  de  services  a la personne\nenregistr\u00e9e  sous  le n\u00b0  SAP945378370  au  nom  de  la micro-entreprise  LAAII  HIND\nsise  23  Rue  Henri  Chapron  \u00e0  ASNIERES-SUR-SEINE  (82600)\nLE  PREFET  DES  HAUTS-DE-SEINE\nVu  la loi n\u00b0 2010-853  du  23  jullet 2010  relative aux  r\u00e9seaux  consulaires,  au  commerce  et \u00e0\nl'artisanat  et aux  services  (article 31)  ;\nVu  la loi n\u00b02015-1776  du  28  d\u00e9cembre  2015  relative \u00e0 l'adaptation de  la soci\u00e9t\u00e9  au\nviellissement\nVu  l'aricie  D7231-1  du  Code  du  travail;\nVu  les d\u00e9crets  n\u00b0 2011-1132  et n\u00b0 2011-1133  du  20  septembre  2011  modifiant  certaines\ndispostions  du  Code  du  travail, relatives  au  ch\u00e8que  emplo-service  universel  et  aux\n'services \u00e0 la personne  ;\nVu  le  d\u00e9cret  n'2016-750 du  6 juin  2016  relatif\u00e0 la liste des  activit\u00e9s de  services  \u00e0 la personne\nsoumises \u00e0  agr\u00e9ment  ou  \u00e0  autorisation  dans  le cadre  du  r\u00e9gime  commun  de  la d\u00e9claration  ;\nVu  le d\u00e9cret  du  31  octobre  2024  portant  nomination  de  Monsieur  Alexandre  BRUGERE,  en\nqualit\u00e9 de  Pr\u00e9fet des  Hauts-de-Seine  ;\nVu  l'ar\u00e8t\u00e9  interminist\u00e9riel  du  12  ao\u00fbt  2025  nommant  Monsieur  Fabrice  MASI,  Directeur\nr\u00e9gional et interd\u00e9partemental de l'\u00e9conomie, de l'emplo, du  travail et des solidart\u00e9s dll\nde-France \u00e0 compter  du  25  ao\u00fbt  2025 ;\nVu  l'ar\u00e8t\u00e9  pr\u00e9fectoral  n\u00b02025-33  du  22  ao\u00fbt  2025  par  lequel  le Pr\u00e9fet  des  Hauts-de-Seine\nd\u00e9l\u00e8gue  sa  signature  \u00e0 Monsieur  Fabrice  MASI,  Directeur  r\u00e9gional et interd\u00e9partemental\nde  l'\u00e9conomie, de l'emploi, du travailet des solidart\u00e9s d'le-de-France\nVu  la d\u00e9cision  n\u00b0  2025-157  du  25  ao\u00fbt  2025  portant  subd\u00e9l\u00e9gation  de  signature  de  Monsieur\nFabrice  MASI,  Directeur  r\u00e9gional  et iterd\u00e9partemental  de  l'\u00e9conomie,  de  l'emploi, du\ntravail et des  soldant\u00e9s  d'ile-de-France,  aux  agents  de  [Unit\u00e9  d\u00e9partementale  des  Hauts-\nde-Seine  ;\n'Vu  la d\u00e9claration  d'activit\u00e9s  de  services \u00e0 la personne  d\u00e9pos\u00e9es  le 19  novembre  2025  au  nom\nde  la micro-entreprise  LAAJI  HIND  sise  23  Rue  Henri  Chapron  \u00e0  ASNIERES-SUR-SEINE\n(82600) :\n\n'Apr\u00e8s examen  du dossier, cette demande  \u00e9tant conforme aux dispositionsde Fartcle L. 7232-1-\n1 du  code  du  travail le pr\u00e9sent  r\u00e9c\u00e9piss\u00e9  de  d\u00e9claration  d'activit\u00e9s de  services  \u00e0  la personne  a\n\u00e9t\u00e9  enregistr\u00e9 au nom  de la micro-entreprise LAALI  HIND  sous le num\u00e9ro  SAP  945378370.\nLes  activit\u00e9s d\u00e9clar\u00e9es  sont  les suivantes,  \u00e0 exclusion  de  toute autre\nEntretien  de  la maison  ot travaux  m\u00e9nagers  ;\nPrestations  relevant du  b\u00e9n\u00e9fice  dela  r\u00e9duction  dimp\u00f4t  pr\u00e9vue  \u00e0 Taticle  199  sexdecies  du  Code\nG\u00e9n\u00e9ral  des  Imp\u00f4ts.\nLa  structure  exerce  ces  activit\u00e9s  selon  le mode  sulvant :  PRESTATAIRE\n'Sous r\u00e9serve d'\u00eatre exerc\u00e9es \u00e0 tire exclusif parle d\u00e9clarant (ou sous r\u00e9serve dune  comptabiit\u00e9\ns\u00e9par\u00e9e  pour les personnes morales dispens\u00e9es de la condition d activit\u00e9 exclusive), ces activit\u00e9s\n'ouvrent droit au b\u00e9n\u00e9fice des dispositionsdes articles L. 7233-2  du code du traval et L. 241-10\ndu code  de la s\u00e9curt\u00e9  sociale\nConform\u00e9ment  aux dispositionsde article R7232-19 du code  du  travail l'organisme d\u00e9clar\u00e9 doit\nproduire au moins  chaque  timestre un \u00e9tat d'activit\u00e9 et chaque  ann\u00e9e  un bilan quantitatif et\nualtalf  de  activit\u00e9 exerc\u00e9e  au tire de l'ann\u00e9e \u00e9coul\u00e9e  ainsi qu'un tableau statistique annuel.\nSi l'organisme  d\u00e9clar\u00e9  comporte  plusieurs  \u00e9tablissements,  les \u00e9tats statistiques ete  ban  annuel\ndistinguent  l'activit\u00e9 exerc\u00e9e  par  chaque  \u00e9tablissement,\nLe  pr\u00e9sent  r\u00e9c\u00e9piss\u00e9  prend  effet le 19  novembre  2025.\nL'enregistrement  de  la d\u00e9claration  pourra \u00eatre retir\u00e9 si 'organisme  d\u00e9clar\u00e9 cosse de remplir\nles conditions  ou  de  respecter  les obligations mentionn\u00e9es  aux  4\u00b0,6\" et 6\u00b0 de  l'article\n723217  ou  qui m\u00e9connalt  les obligations d\u00e9finies \u00e0 l'article R7232-19 du  code  du  travail.\npeine'de retrait oo la'declaration, faire l'objet'dune d\u00e9clarationmoditeatve aupr\u00e8s de l'Unit\u00e9\nG\u00e9partementae  des  Hauts-de-Seine\nLo pr\u00e9sent r\u00e9c\u00e9piss\u00e9 sera publi\u00e9 au  recuel des  actes administratifsde La pr\u00e9fecture des Hauts-\nde-Sane.\nFait \u00e0 Nanterre,  le 1\"  d\u00e9cembre  2025,\nPour  le  Pr\u00e9fet\nPar  d\u00e9l\u00e9gation  ot subd\u00e9l\u00e9gation\nLa  Responsable  du  service\nD\u00e9veloppement  de  l'emploi  et des\ncomp\u00e9tences\nMariama  CONDE\n\n=n  Direction  r\u00e9gionale  et interd\u00e9partementale\n'de l'\u00e9conomie,  de  l'emploi,\nRER  DELA SANTE, du travailet des solidarit\u00e9s\nDES  SOLIDARIT\u00c9S\nET  DES  FAMILLES\nA\nR\u00e9c\u00e9piss\u00e9  n\u00b02025660  de  d\u00e9claration  d'activit\u00e9s  de services  \u00e0  la personne\nenregistr\u00e9e  sous  le n\u00b0 SAP994127694  au  nom  de  la micro-entreprise  LE  RICHE\nMath\u00e9o  Raphael  G\u00e9rard  sise  11 Boulevard  De  Verdun  \u00e0 COURBEVOIE  (92400)\nLE  PREFET  DES  HAUTS-DE-SEINE\nVu  la loi n\u00b0  2010-853  du  23  jullet  2010  relative  aux  r\u00e9seaux  consulaires,  au  commerce  et \u00e0\nl'artisanat et aux  services  (article 31);\nVu  la loi n\u00b0201-1776  du  28  d\u00e9cembre  2015  relative  \u00e0  l'adaptation  de  la soci\u00e9t\u00e9  au\nviilissement ;\nVu  l'aticle 07231-1  du  Code  du  travail;\nVu  les d\u00e9crets  n\u00b0 2011-1132  et n\u00b0 2011-1133  du  20  septembre  2011  modifiant  certaines:\ndispositions  du  Code  du  travail, relatives au  ch\u00e8que  emploi-service  universel et aux\n'services \u00e0 la personne  ;\nVu  le d\u00e9cret  n\u00b02016-750  du  6 juin 2016  relatif \u00e0 la liste des  activites de  services  \u00e0  la personne\nsoumises \u00e0 agr\u00e9ment  ou \u00e0 autorisation dans le cadre du r\u00e9gime  commun  de la d\u00e9ciaration  ;\nVu  le d\u00e9cret  du  31 octobre  2024  portant nomination  de  Monsieur  Alexandre  BRUGERE,  en\nquait\u00e9 de Pr\u00e9fet des Hauts-de-Seine ;\nVu  l'\u00e9t\u00e9  interminist\u00e9riel du  12  ao\u00fbt  2025  nommant  Monsieur  Fabrice  MASI,  Directeur\nr\u00e9gional et imterd\u00e9partementlde l'\u00e9conomie, de l'emploi, du travailet des soldartes dll\n'de-France \u00e0  compter du  25  ao\u00fbt  2025\nVu  l'arr\u00eat\u00e9 pr\u00e9fectoral  n\u00b02026-33  du 22 ao\u00fbt  2025  par  lequel le Pr\u00e9fet  des  Hauts-de-Seine\nd\u00e9l\u00e8gue  sa signature  \u00e0 Monsieur  Fabrice  MASI,  Directeur  r\u00e9gional et iterd\u00e9partemental\nde l'\u00e9conomie, de l'emploi, du travail et des  solidant\u00e9s d'le-de-France\nVu  la d\u00e9cision  n\u00b0 2025-157  du  25  ao\u00fbt  2025  portant subd\u00e9l\u00e9gation  de  signature  de  Monsieur\nFabrice  MASI,  Directeur  r\u00e9gional et interd\u00e9partemental  de  l'\u00e9conomie,  de  l'emploi, du\ntravail et des  solidarit\u00e9s  dlle-de-France, aux  agents  de  Unit\u00e9  d\u00e9partementale  des  Hauts-\nde-Seine  :\nVu  la  d\u00e9claration  d'activit\u00e9s  de  services  \u00e0 la personne  d\u00e9pos\u00e9es  le 20  novembre  2025  au  nom\ndela  micro-entreprise  LE  RICHE  Math\u00e9o  Raphael  G\u00e9rard  sise 11 Boulevard  De  Verdun  \u00e0\n'COURBEVOIE  (82400)\n\n'Apr\u00e8s examen  du dossier, cette demande  \u00e9tant conforme aux dispositions de article L. 7232-1-\n1 du code  du traval  le pr\u00e9sent  r\u00e9c\u00e9piss\u00e9  de d\u00e9claration d activit\u00e9s de services \u00e0 la personne  a\n\u00e9t\u00e9  enregistr\u00e9 au nom  de la micro-entreprise  LE  RICHE  Math\u00e9o  Raphael  G\u00e9rard  sous  le num\u00e9ro\nSAP  994127694,\nLes  activit\u00e9s  d\u00e9ciar\u00e9es  sont  les  suivantes,  & l'exclusion  de  toute  autre\nEntretien  de  la maison  et travaux  m\u00e9nagers  ;\nPrestations relevant  du b\u00e9n\u00e9fice  de a  r\u00e9duction  dimpot pr\u00e9vue  \u00e0 article 199 sexdecies  du Code\nGeneral  des  Imp\u00f4ts.\nLa  structure  exerce  ces  activit\u00e9s  selon  le mode  suivant  : PRESTATAIRE\nSous  r\u00e9serve  d'\u00eatre exerc\u00e9es  \u00e0 ttre exclus  par  le d\u00e9clarant  (ou  sous  r\u00e9serve  d'une  comptabilit\u00e9\ns\u00e9par\u00e9e  pour  les personnes  morales  dispens\u00e9es  de  la condition  d'actvi\u00e9  exclusive), ces  activit\u00e9s\nouvrent  drot  au b\u00e9n\u00e9fice  des  dispositions des  articles L. 7233-2  du code du traval et L 241-10\ndu  code  de  la s\u00e9curit\u00e9 sociale.\n'Conform\u00e9ment  aux  dispositions  de l'article R7232-19  du  code  du  travail, l'organisme  d\u00e9ciar\u00e9  doit\nproduire  au  moins  chaque  trimestre  un  \u00e9tat d'activit\u00e9 et chaque  ann\u00e9e  un  bilan quantitatif et\n'qualtaif de Factivi\u00e9 exerc\u00e9e au tie  de l'ann\u00e9e \u00e9coul\u00e9e ainsi qu'un tableau statistique annuel.\nSi organisme  d\u00e9clar\u00e9  comport  plusieurs  \u00e9tablissements,  les \u00e9tats statistiques et le bilan annuel\ndistinguent  Factivi\u00e9 exerc\u00e9e par  chaque  \u00e9tablissement\nLe  pr\u00e9sent  r\u00e9c\u00e9piss\u00e9  prend  effet le 20 novembre  2025.\nL'enregistrement  de la d\u00e9claration  pourra  \u00eatre retir\u00e9 si l'organisme  d\u00e9clar\u00e9  cosse  de  remplir\nles conditions  ou  de  respecter  les obligations  mentionn\u00e9es  aux  4\u00b0 8\u00b0 ot 6\u00b0 do  l'article\n7232417  ou  qui  m\u00e9connalt  les obligations  d\u00e9finies  \u00e0 l'article R7232-19  du  code  du  travail.\neine de retraitde a d\u00e9claration, faire l'objet d'une d\u00e9ciaration'modiicatveaupr\u00e9s de\n\u00e9pariomentale  des  Haute  de-Seine\nLe  pr\u00e9sent  r\u00e9c\u00e9piss\u00e9  sera  publi\u00e9 au recueil des  actes  administratifs de  la pr\u00e9fecture  des  Hauts-\nde-Seine.\nFait \u00e0 Nanterre,  le 1\"  d\u00e9cembre  2025.\nPour  le  Pr\u00e9fet\nPar  d\u00e9l\u00e9gation  ot subd\u00e9l\u00e9gation\nLa  Responsable  du  service\nD\u00e9veloppement  de  l'emploi  et des\n\"comp\u00e9tences\nMariama CONDE\n\nEE  Direction  r\u00e9gionale  et  interd\u00e9partementale\nde  l'\u00e9conomie, de  l'emploi,\nBUYTRRUMIL, DE LA SANT\u00c9, du travall et des solar\nDES  SOLIDARIT\u00c9S\nET  DES  FAMILLES\nau\nR\u00e9c\u00e9piss\u00e9  n\u00b02025.661  de  d\u00e9claration  d'activit\u00e9s de  services  \u00e0 la personne\nenregistr\u00e9e  sous  le n\u00b0  SAP993963719  au nom  de  la micro-entreprise  MAILLOT\nXAVIER  sise  145  Boulevard  Charles  de  Gaulle  \u00e0 COLOMBES  (92700)\nLE  PREFET  DES  HAUTS-DE-SEINE\nVu  la loi n\u00b0 2010-863 du  23  jullet 2010  relative aux  r\u00e9seaux  consulaires,  au  commerce et \u00e0\nl'fisanat et aux  services (article 31)\nVu  la ki n\u00b020151776  du  28  d\u00e9cembre  2015  relative \u00e0  l'adaptation de  la soci\u00e9t\u00e9  au\nviilissement\nVu  l'article D7231-1  du  Code du travail;\nVu  les d\u00e9crets  n\u00b0 2011-1132  et n\u00b0 2011-1133  du  20  septembre  2011  modifiant  certaines:\ndispositions du  Code  du  aval,  relatives au  ch\u00e8que  emploi-service  universel et aux\nservices  \u00e0  la personne  ;\nVu  le d\u00e9cret  n\u00b02016-750  du  6  juin 2016  relatif \u00e0 la liste des  activit\u00e9s de  services  \u00e0 Ia personne\nsoumises  \u00e0  agr\u00e9ment ou  autorisation  dans le cadre  du  r\u00e9gime  commun  dela  d\u00e9claration\nVu  le  d\u00e9cret  du  31  octobre  2024  portant  nomination  de  Monsieur  Alexandre  BRUGERE,  en\nqualit\u00e9  de  Pr\u00e9fet  des  Hauts-de-Seine  ;\nVu  l'ar\u00e8t\u00e9  interminist\u00e9riel du  12  ao\u00fbt  2025  nommant  Monsieur  Fabrice  MASI,  Directeur\nr\u00e9gionalet interd\u00e9partemental de  l'\u00e9conomie, de l'emploi, du travailet des solidart\u00e9s dil\nde-France  \u00e0 compter  du  25  ao\u00fbt  2025  ;\nVu  l'ar\u00e8t\u00e9  pr\u00e9fectoral  n\u00b02025-33  du  22  ao\u00fbt  2025  par  lequel  le Pr\u00e9fet  des  Hauts-de-Seine\nd\u00e9l\u00e8gue  sa  signature  \u00e0 Monsieur  Fabrice  MASI,  Directeur  r\u00e9gional et interd\u00e9partemental\nde  l'\u00e9conomie, de l'emploi, du travail et des  solidart\u00e9s d'le-de-France  ;\nVu  la d\u00e9cision  n\u00b0 2025-187  du  25  ao\u00fbt  2025  portant  subd\u00e9l\u00e9gation  de  signature  de  Monsieur\nFabrice  MASI,  Directeur  r\u00e9gional  et  interd\u00e9partemental  de  l'\u00e9conomie,  de  l'emploi,  du\ntravail  et des  solidarit\u00e9s  d'\u00cele-de-France,  aux  agents  de  l'Unit\u00e9  d\u00e9partementale des  Hauts-\nde-Seine  ;\nVu  la d\u00e9ciaration  d'activit\u00e9s  de  services  \u00e0 la personne  d\u00e9pos\u00e9es  le 20  novembre  2025  au  nom\nde  la micro-entreprise  MAILLOT  XAVIER  sise  145  Boulevard  Charles  de  Gaulle  \u00e0\nCOLOMBES  (92700)  ;\n\nApr\u00e8s  examen  du dossier, cette demande  \u00e9tant conforme  aux  dispositions de  l'article L. 7232-1-\n1 du  code  du  travail, le pr\u00e9sent  r\u00e9c\u00e9piss\u00e9  de  d\u00e9claration  d'activit\u00e9s  de  services  \u00e0  la personne  \u00e0\n\u00eat\u00e9 enregistr\u00e9  au  nom  de  la micro-entreprise  MAILLOT  XAVIER  sous  le num\u00e9ro  SAP\n993963719,\nLes  activit\u00e9s  d\u00e9clar\u00e9es  sont  les  suivantes,  \u00e0  l'exclusion  de  toute  autre\nEntretien  de  la maison  et travaux  m\u00e9nagers  ;\nPrestations  relevant du  b\u00e9n\u00e9fice  de  la r\u00e9duction  d'imp\u00f4t  pr\u00e9vue  \u00e0 Varticle 199  sexdecies  du  Code\nG\u00e9n\u00e9ral  des  Imp\u00f4ts,\nLa  structure  exerce  ces  activit\u00e9s  selon  le mode  suivant  : PRESTATAIRE\nSous  r\u00e9serve  d'\u00eatre exerc\u00e9es  \u00e0 tte  exclusif par  le d\u00e9clarant  (ou sous  r\u00e9serve  d'une  comptablit\u00e9\ns\u00e9par\u00e9e  pour  les personnes  morales  dispens\u00e9es  de  la condition  d'actvi\u00e9  exclusive), ces  activit\u00e9s.\nouvrent  droit au  b\u00e9n\u00e9fice des  dispositions des  articles L. 7233-2  du  code  du  travail et L. 241-10\ndu  code  de  la s\u00e9curit\u00e9 sociale\n(Conform\u00e9ment  aux  dispositions de  l'article R7232-19  du  code  du  travail l'organisme  d\u00e9clar\u00e9  doit\nproduire au moins chaque timestre un \u00e9tat d'activit\u00e9 et chaque  ann\u00e9e  un bian quanttatf et\nquaitatf de  l'activit\u00e9 exerc\u00e9e  au tire de  l'ann\u00e9e \u00e9coul\u00e9e  ainsi qu'un tableau statistique annuel.\nSi l'organisme  d\u00e9clar\u00e9  comporte  plusieurs  \u00e9tablissements  les \u00e9tats statistiques et le bilan annuel\ndistinguent  Factivit\u00e9 exerc\u00e9e  par  chaque  \u00e9tablissement.\nLe  pr\u00e9sent  r\u00e9c\u00e9piss\u00e9  prend  effet le 20  novembre  2025.\nL'enregistrement  de  la d\u00e9claration  pourra  \u00eatre retir\u00e9 si l'organisme  d\u00e9clar\u00e9  cosse de remplir\nles conditions  ou  de  respecter  les  obligations  mentionn\u00e9es  aux  4\u00b0,8\u00b0  et 6\u00b0 de  l'article\nR7232-17  ou  qui  m\u00e9connalt  les obligations  d\u00e9finies  \u00e0 l'article R7232-19 du code  du  travail.\noute m nce tructure d\u00e9clar\u00e9e ou les activit\u00e9s fos devra, sous\npeine de  retrait de  la d\u00e9claration, faire l'objet dune  d\u00e9ctaration modiicative aupr\u00e9s  de l'Unit\u00e9\nd\u00e9partementale  des  Hauts-de-Seine.\nLe pr\u00e9sent r\u00e9c\u00e9piss\u00e9 sera publi\u00e9 au recueil des  actes administratifs de la pr\u00e9fecture des  Hauts-\nde-Seine.\nFait \u00e0 Nanterre,  le 1\" d\u00e9cembre  2025,\nPour  le Pr\u00e9fet\nPar d\u00e9l\u00e9gation  et subd\u00e9l\u00e9gation\nLa  Responsable  du  service\nD\u00e9veloppement  de  l'emploi  et des\ncomp\u00e9tences\nYa\nMariama COND\u00c9\n\nEx  Direction  r\u00e9gionale  et  interd\u00e9partementale\nMINIST\u00c8RE  de l'\u00e9conomie, de\nDU  TRAVAIL,  DE  LA  SANT\u00c9,  du travail et\nDES  SOLIDARIT\u00c9S\nET  DES  FAMILLES\nR\u00e9c\u00e9piss\u00e9  n\u00b02028-662 de  d\u00e9claration  d'activit\u00e9s  de  services  \u00e0  la personne\nenregistr\u00e9e  sous  le n\u00b0 SAP994175529  au  nom  de  la micro-entreprise BLANCHARD\nFlora  Virginie  G\u00e9raldine  sise  7  Rue  Paul  Bert  \u00e0  COLOMBES  (92700)\nLE  PREFET  DES  HAUTS-DE-SEINE\nVu  la loi n\u00b0  2010-859  du  23jullet  2010  relative  aux  r\u00e9seaux  consulaires,  au  commerce et  \u00e0\nl'artisanat et aux  services  (article 31)\nVu  la loi n\u00b02018-1778  du  28  d\u00e9cembre  2015  relative  \u00e0  l'adaptation  de  la soci\u00e9t\u00e9  au\nvellissement ;\nVu  l'aricie D7231:1  du  Code  du  travai\nVu  les  d\u00e9crets  n\u00b0  2011-1132  et  n\u00b0  2011-1133  du  20  septembre  2011  modifiant  certaines\ndispostions  du  Code  du  travail, relatives  au  ch\u00e8que  emploi-service  universel  et aux\n'services \u00e0 a personne ;\nVu  le d\u00e9cret  n\u00b02016:750 du 6 juin 2016 relat \u00e0 la iste des  activit\u00e9s de services \u00e0 la personne\nsoumises \u00e0 agr\u00e9ment  ou \u00e0 autorisation dans  le cadre  du  r\u00e9gime  commun  dela d\u00e9claration ;\n'Vu le d\u00e9cret  du  31 octobre  2024  portant  nomination  de  Monsieur  Alexandre  BRUGERE,  en\nqualt\u00e9 de Pr\u00e9fet des Hauts-de-Seine ;\nVu  l'ar\u00e9t\u00e9 interminist\u00e9riel du  12 ao\u00fbt  2025  nommant  Monsieur  Fabrice  MASI,  Directeur\nr\u00e9gional et interd\u00e9partementalde l'\u00e9conomie, de l'emplo, du travail et des solidarit\u00e9sd'le-\nde-France \u00e0 compter  du  25  ao\u00fbt  2025  ;\nVu  l'arr\u00eat\u00e9 pr\u00e9fectoral n\u00b02026-33  du  22  ao\u00fbt  2025  par  lequel le Pr\u00e9fet des  Hauts-de-Seine\nd\u00e9l\u00e8gue  sa  signature  \u00e0  Monsieur  Fabrice  MASI,  Directeur  r\u00e9gional  et  nterd\u00e9partemental\nde  l'\u00e9conomie, de l'emploi, du travail et des  solidarit\u00e9s d'le-de-France ;\n'Vu  la  d\u00e9cision  n\u00b0  2025-187  du  25  ao\u00fbt  2025  portant  subd\u00e9l\u00e9gation  de  signature  de  Monsieur\nFabrice  MASI,  Directeur  r\u00e9gional et interd\u00e9partemental  de  l'\u00e9conomie,  de  l'emploi, du\ntravail et des  solidarit\u00e9s dile-de-France,  aux  agents  de  l'Unit\u00e9 d\u00e9partementale  des  Hauts-\nde-Seine\nVu  la d\u00e9claration  d'activit\u00e9s  de  services  \u00e0 la personne  d\u00e9pos\u00e9es  le 21  novembre 2025  au  nom\nla micro-entreprise  BLANCHARD  Flora  Virginie G\u00e9raldine  sise 7  Rue  Paul  Bert \u00e0\nCOLOMBES  (92700)\n\nApr\u00e8s  examen  du  dossier, cette demande  \u00e9tant conforme  aux  dispositions de  l'article L. 7232-1-\n1 du  code du traval, le pr\u00e9sent  r\u00e9c\u00e9piss\u00e9  de d\u00e9claration d'activit\u00e9s de services \u00e0 la personne  a\n\u00e9t\u00e9  enregistr\u00e9  au  nom  de  la micro-entreprise  BLANCHARD  Flora Virginie G\u00e9raldine  sous  le\nnum\u00e9ro  SAP  994175529,\nLes  activit\u00e9s d\u00e9clar\u00e9es  sont les suivantes, \u00e0 l'exclusion de toute  autre\n= Entrotien  de  la  maison  et  travaux  m\u00e9nage\nPrestations  relevant  du  b\u00e9n\u00e9fice  de  la r\u00e9duction  d'imp\u00f4t  pr\u00e9vue  \u00e0 article 199  sexdecies  du  Code\nG\u00e9n\u00e9ral  des  impos.\nLa  structure exerce  ces  activit\u00e9s selon  le mode  suivant : PRESTATAIRE\nSous r\u00e9serve  d'\u00eatre exerc\u00e9es  \u00e0 ttre exclusif par  le d\u00e9clarant  (ou sous  r\u00e9serve  d'une  comptablit\u00e9\ns\u00e9par\u00e9e pour les personnes morales dispens\u00e9es de la condition d activit\u00e9 exclusive) ces activit\u00e9s.\nouvrent  drot  au  b\u00e9n\u00e9fice  des  dispositions  des  articles L. 7233-2  du code du  traval et L  241-10,\ndu  code  de  a  s\u00e9curit\u00e9  sociale\nConform\u00e9ment  aux  dispositions de  l'article R7232-19  du  code  du travail, l'organisme d\u00e9clar\u00e9 doit\nproduire au moins chaque  trimestre un \u00e9tat dactivit\u00e9 et chaque  ann\u00e9e  un bilan quanttatf et\nquaitatf de Factivite exerc\u00e9e  au tire de  l'ann\u00e9e \u00e9coul\u00e9e  ainsi qu'un tableau statistique annuel.\nSi organisme  d\u00e9clar\u00e9 comport  plusieurs  \u00e9tablissements,  les \u00e9tats statistiques et le bilan annuel\ndistinguent  l'activit\u00e9 exerc\u00e9e  par  chaque  \u00e9tablissement\nLe  pr\u00e9sent  r\u00e9c\u00e9piss\u00e9  prend  effet le 21 novembre  2026,\nL'enregistrement de la d\u00e9claration pourra  \u00eatre rotir\u00e9si l'organisme  d\u00e9clar\u00e9 cesse de remplir\nles conditions  ou  de  respecter  les obligations mentionn\u00e9es  aux  4\u00b0,5* ot 6\u00b0 de  l'article\nR723217  ou  qui m\u00e9connalt  les obligations d\u00e9finies \u00e0 l'article R7232-19  du  code  du  travail.\n\" devra,  sous\npone  de  retrait de  la d\u00e9claration,  fare  l'objet d'une  d\u00e9claration  modiicalve  aupr\u00e9s  de  TUNt\u00ae\nd\u00e9partementale  des  Hauts-de-Seine\nLe pr\u00e9sent r\u00e9c\u00e9piss\u00e9 sera publi\u00e9 au recueil des actes administratifs de  la pr\u00e9fecture des  Hauts-\nde-Seine.\nFait \u00e0 Nanterre,  le 1* d\u00e9cembre  2025.\nPour  le Pr\u00e9ot\nPar  dbl\u00e9gation  et subd\u00e9i\u00e9gation\nLa  Responsable  du  service\nD\u00e9veloppement  de  l'emploi  et des\ncomp\u00e9tences\nede\nMariama  CONDE\n\nEx  Direction  r\u00e9gionale  et interd\u00e9partementale\nMINIST\u00c8RE del'emploi,\nDU  TRAVAIL,  DE  LA  SANT\u00c9,  du travail et des solidarit\u00e9s\nDES  SOLIDARIT\u00c9S\nET  DES  FAMILLES\nA\nR\u00e9c\u00e9piss\u00e9  n*2025-663  de  d\u00e9claration  d'activit\u00e9s  de  services  \u00e0  la personne\nenregistr\u00e9e  sous le n\u00b0 SAP993763127  au  nom  de  la micro-entreprise  BERALUS\nMARCKELOT  sise  22  All\u00e9e  Henri  Sellier \u00e0 PUTEAUX  (92800)\nLE  PREFET  DES  HAUTS-DE-SEINE\nVu  la loi n\u00b0 2010-853  du  23 jullot 2010  relative aux  r\u00e9seaux  consulaires,  au  commerce et \u00e0\nl'artisanat et aux  services  (article 31)\nVu  la loi n\u00b02015-1776  du  28  d\u00e9cembre  2015  relative \u00e0 l'adaptation de  la soci\u00e9t\u00e9  au\nvieilissement ;\nVu  l'aricie D7231-1  du  Code du travail;\nVu  les d\u00e9crets  n\u00b0 2011-1132  et n\u00b0 2011-1133  du  20  septembre  2011  modifiant  certaines\ndispositions du  Code  du  travail, relatives au  ch\u00e8que  emploi-senvice  universel et aux\nservices  \u00e0 la personne  ;\nVu  le d\u00e9cretn'2016-750  du 6 juin 2016  relat \u00e0 la liste des  activitesde services \u00e0 la personne\nsoumises \u00e0 agr\u00e9ment  ou \u00e0 autorisation dans le cadre du r\u00e9gime commun  de la d\u00e9ciaration ;\nVu  le  d\u00e9cret du 31 octobre 2024  portant nomination de  Monsieur  Alexandre  BRUGERE,  en\n'qualit\u00e9 de Pr\u00e9fet des Hauts-de-Seine ;\nVu  l'\u00e9t\u00e9  interminist\u00e9riel du 12 ao\u00fbt 2025  nommant  Monsieur  Fabrice MASI,  Directeur\nr\u00e9gional et interd\u00e9partemental de  l'\u00e9conomie, de  l'emploi, du  travail et des  solidarit\u00e9s d'le-\nde-France \u00e0 compter  du  25  ao\u00fbt  2025 ;\nVu  Tarr\u00e9t\u00e9  pr\u00e9fectoral n'2025-33  du  22  ao\u00fbt  2025  par  lequel le Pr\u00e9fet des  Hauts-de-Seine\nd\u00e9l\u00e8gue  sa signature  \u00e0 Monsieur  Fabrice  MASI,  Directeur  r\u00e9gional et interd\u00e9partemental\nde F\u00e9conomie, de l'emploi, du travailet des solidarit\u00e9s dle-de-France ;\nVu  la d\u00e9cision n\u00b0 2026-187  du 25  ao\u00fbt 2025  portant subd\u00e9l\u00e9gation de  signature de Monsieur\nFabrice  MASI,  Directeur  r\u00e9gional et interd\u00e9partemental  de  l'\u00e9conomie,  de  l'emploi, du\ntravail et des  soldart\u00e9s  d'le-de-France, aux  agents  de  Unit\u00e9  d\u00e9partementale  des  Hauts-\nde-Seine  ;\nVu  la d\u00e9ctaration  d'actvit\u00e9s de services  \u00e0 la personne  d\u00e9pos\u00e9es  le 21 novembre 2025 au nom\nde la micro-entreprise BERALUS  MARCKELOT  sise 22 All\u00e9e Henri Seller \u00e0 PUTEAUX\n82800) ;\n\nApr\u00e8s  examen  du dossier, cette demande  \u00e9tant conforme  aux dispositionsde article L. 7232-1-\n1 du  code  du travail, le pr\u00e9sent  r\u00e9c\u00e9piss\u00e9  de d\u00e9claration d'activit\u00e9s de services \u00e0 la personne  a\n\u00e9t\u00e9  enregistr\u00e9  au  nom  de  la micro-entreprise  BERALUS  MARCKELOT  sous  le num\u00e9ro  SAP\n993763127.\nLes  activit\u00e9s d\u00e9clar\u00e9es  sont  les suivantes, \u00e0  l'exclusion de  toute  autre\n= Entrotien  de  la  maison et  travaux  m\u00e9nagers\nPetits travaux  de jardinage,  y compris les travaux de d\u00e9broussalllage  ;\n'Travaux de petit bricolage  dits \u00ab homme  toutes  main\n= Garde  d'enfants  de  plus de trois ans \u00e0 domicile;\n~ Pr\u00e9paration  de  repas \u00e0 domicile,  y  compris  le temps  pass\u00e9  aux  courses  ;\nLivraison  de  courses \u00e0  domicile  :\n= Maintenance,  entretien  et  vigilance  temporaires,  \u00e0  domicile,  de  la r\u00e9sidence\nprincipaleet secondaire\n= Accompagnement  des  enfants  de  plus  de  trois  ans  dans  leurs  d\u00e9placements  en\n'dehors de leur domicile  (promenades,  transports, actes de la vie courant)  ;\nPrestations  relevant du  b\u00e9n\u00e9fice  dela  r\u00e9duction  d'imp\u00f4t  pr\u00e9vue  \u00e0 l'article 199  sexdecies  du  Code\nG\u00e9n\u00e9ral  des  Imp\u00f4ts.\nLa  structure  exerce  ces  activit\u00e9s  selon  le mode  suivant :  PRESTATAIRE\nSous  r\u00e9serve d'\u00e9tre exerc\u00e9es  \u00e0 tire exclusif par le d\u00e9clarant (ou sous  r\u00e9serve d'une comptabilit\u00e9\ns\u00e9par\u00e9e  pour les personnes  morales  dispens\u00e9es  de la condition d'actvi\u00e9 exclusive), ces activit\u00e9s\n'ouvrent  droit au b\u00e9n\u00e9fice  des  dispositions des  articles L. 7233-2  du  code  du travall et L. 241-10\ndu  code  de  la s\u00e9curit\u00e9  sociale.\nConform\u00e9ment  aux  dispositions de article R7232-19 du code du traval l'organisme  d\u00e9clar\u00e9  doit\nproduire  au  moins  chaque  timestre  un  \u00e9tat d'activit\u00e9 ot chaque  ann\u00e9e  un  bilan quanitatf  et\nqualtatf de l'activt\u00e9 exerc\u00e9e  au  tire de l'ann\u00e9e \u00e9coul\u00e9e  ainsi qu'un tableau statistique annuel.\nSi l'organisme d\u00e9clar\u00e9  comporte  plusieurs  \u00e9tablissements,  les \u00e9tats statistiques et le bilan annuel\ndistinguent  l'activit\u00e9 exerc\u00e9e  par  chaque  \u00e9tablissement.\nLe  pr\u00e9sent  r\u00e9c\u00e9pis:\nL'enregistrement de la d\u00e9claration  pourra \u00eatre retir\u00e9 si l'organisme  d\u00e9clar\u00e9  cesse  de  remplir\nles conditions  ou  de  respecter  les obligations montionn\u00e9es  aux  4\u00b0,5\u00b0 et 6\u00b0 de  l'article\nR7232-17  ou  qui  m\u00e9connait  les obligations  d\u00e9finies  \u00e0 l'article R7232-19  du  code  du  travail.\nprend  effot le 21 novembre  2025.\n'Toute modification concernant la structure d\u00e9clar\u00e9e ou les activit\u00e9s exerc\u00e9es devra, sous\npeine de  retra\u00ef de  la d\u00e9claration, faire l'objet dune  d\u00e9claration modifcative aupr\u00e8s  de [Unit\u00e9\nd\u00e9partementale  des  Hauts-de-Seine\nLe  pr\u00e9sent  r\u00e9c\u00e9piss\u00e9  sera  publ\u00e9  au  recueil des  actes  administratfs de la pr\u00e9fecture des  Hauts-\nde-Seine.\nFait \u00e0  Nanterre,  le 1* d\u00e9cembre  2025,\nPour  le Pr\u00e9fet\nPar  d\u00e9l\u00e9gation  ot subd\u00e9l\u00e9gation\nLa  Responsable  du  service\nD\u00e9veloppement  de  l'emploi  et des\ncomp\u00e9tences\nMariama  CONDE\n\nEu  Direction  r\u00e9gionale et interd\u00e9partementale\n'de l'\u00e9conomie,  de  l'emplo,\nBUYTRAUMIL, DE LA SANT\u00c9, du travall ot des solidartes\nDES  SOLIDARIT\u00c9S\nET  DES  FAMILLES\nA\nR\u00e9c\u00e9piss\u00e9  n\u00b02025664  de  d\u00e9claration  d'activit\u00e9s de  services \u00e0 la personne\nenregistr\u00e9e  sous  le n\u00b0 SAP994205300  au  nom  de  la micro-entreprise  CISSE\nFATOUMATA  sise  13  Boulevard  De  Verdun  \u00e0 COURBEVOIE  (92400)\nLE  PREFET  DES  HAUTS-DE-SEINE\nVu  la loi n\u00b0  2010-853  du  23  jullet  2010  relative  aux  r\u00e9seaux  consulaires,  au  commerce  et  \u00e0\nl'artisanat ot aux  services  (article 31);\nVu  la loi n\u00b020151776  du  28  d\u00e9cembre  2015  relative  \u00e0  adaptation  de  la soci\u00e9t\u00e9  au\nviilissement ;\nVu  l'aticie 072311  du  Code  du  travail;\nVu  les d\u00e9crets  n\u00b0 2011-1132  et n\u00b0 2011-1133  du  20  septembre  2011  modifiant  certaines:\ndispostions  du  Code  du  travail, relatives au  ch\u00e8que  emploiservice  universel et aux\n'services \u00e0 la  personne  ;\nVu  le d\u00e9cret  n\u00b02016-750  du  6 juin 2016  relatif \u00e0 la liste des  activit\u00e9s de  services  \u00e0  la personne\nsoumises \u00e0 agr\u00e9ment  ou \u00e0 autorisation dans  le cadre  du  r\u00e9gime  commun  dela d\u00e9claration\nVu  le d\u00e9cret  du  31 octobre  2024  portant  nomination  de  Monsieur  Alexandre  BRUGERE,  en\nquait\u00e9 de Pr\u00e9fet des Hauts-de-Seine ;\nVu  l'ar\u00e9t\u00e9 interminist\u00e9riel du  12  ao\u00fbt  2025  nommant  Monsieur  Fabrice  MASI,  Directeur\nr\u00e9gional tinterd\u00e9partementalde l'\u00e9conomie, de l'emploi, du travail et des solidart\u00e9sd'le-\nde-France  \u00e0  compter  du  25  ao\u00fbt  2025\nVu  l'ar\u00e8t\u00e9 pr\u00e9fectoral n\u00b02025-33  du  22  ao\u00fbt  2025  par  lequel le Pr\u00e9fet des  Hauts-de-Seine\nd\u00e9l\u00e8gue  sa  signature  \u00e0  Monsieur  Fabrice  MASI,  Directeur  r\u00e9gional  et Interd\u00e9partemental\nde  l'\u00e9conomie, de Templo,  du traval et des solidarit\u00e9s dile-de-France\nVu  la d\u00e9cision  n\u00b0 2025-157  du  25  ao\u00fbt  2025  portant  subd\u00e9l\u00e9gation  de  signature  de  Monsieur\nFabrice  MASI,  Directeur  r\u00e9gional et interd\u00e9partemental  de  l'\u00e9conomie,  de  l'emploi, du\ntravail et  des  solidarit\u00e9s  dille-de-France,  aux  agents  de  Unite  d\u00e9partementale  des  Hauts-\nde-Seine  ;\nVu  la d\u00e9claration  d'activit\u00e9s de services  \u00e0 la personne  d\u00e9pos\u00e9es  le 22 novembre  2025 au nom\nde  la micro-entreprise  CISSE  FATOUMATA  sise 13 Boulevard  De  Verdun  \u00e0\nCOURBEVOIE  (92400)\n\n'Apres examen  du  dossier, cette demande  \u00e9tant conforme  aux  dispositions de  article L  7232-1-\n1 du code du travail, le pr\u00e9sent  r\u00e9c\u00e9piss\u00e9  de d\u00e9claration d'activit\u00e9s de services \u00e0 la personne  a\n\u00e9t\u00e9  enregistr\u00e9  au  nom  de la micro-entreprise  CISSE  FATOUMATA sous  le num\u00e9ro  SAP.\n1994205300.\nLes  activit\u00e9s d\u00e9clar\u00e9es  sont  les suivantes,  \u00e0 exclusion  de  toute autre\n= Entrotion  de la maison  ot travaux  m\u00e9nagers  ;\nPrestations relevant du b\u00e9n\u00e9fice dela  r\u00e9duction imp\u00f4t  pr\u00e9vue \u00e0 article 199 sexdecies du  Code\nG\u00e9n\u00e9ral  des  Imp\u00f4ts.\nLa  structure  exerce  ces  activit\u00e9s  selon  le mode  suivant :  PRESTATAIRE\nSous r\u00e9serve d'\u00e9tre exerc\u00e9es  \u00e0 tire exclus  par le d\u00e9clarant (ou sous  r\u00e9serve d'une comptabilit\u00e9\ns\u00e9par\u00e9e  pour les personnes  morales  dispens\u00e9es  dela condition d'activit\u00e9 exclusive), ces activites\n'ouvrent droit au  b\u00e9n\u00e9fice  des  dispositions des  articles L. 7233-2  du  code  du  travail et L. 241-10\ndu  code  de  a  s\u00e9curt\u00e9  sociale.\nConform\u00e9ment  aux  dispositions  de  article  R7232-19  du  code  du  travail l'organisme  d\u00e9clar\u00e9  dott\nProduire au moins  chaque  timestre un \u00e9tat d'activi\u00e9 et chaque  ann\u00e9e  un bilan quantitatif et\nualtatf  de active  exerc\u00e9e  au  tire de l'ann\u00e9e \u00e9coul\u00e9e  ainsi qu'un tableau statistique annuel.\nSi l'organisme  d\u00e9clar\u00e9  comporte  plusieurs  \u00e9tablissements,  les \u00e9tats statistiques ete  bilan annuel\ndistinguent  l'activit\u00e9 exerc\u00e9e  par  chaque  \u00e9tablissement.\nLe  pr\u00e9sent  r\u00e9c\u00e9piss\u00e9  prend  effet ie 22  novembre  2025.\nL'enregistrement  de la d\u00e9claration  pourra \u00eatre retir\u00e9 si l'organisme  d\u00e9clar\u00e9 cosso  de remplir\nles conditions  ou  de respecter  les  obligations  montionn\u00e9es  aux  4\u00b0,8* et 6\u00b0 de  l'article\n723217  ou  qui m\u00e9connait  les obligations d\u00e9finies \u00e0 article R7232-19  du  code  du  travail.\nToute  modification concernant a structure d\u00e9clar\u00e9e ou les activit\u00e9s exerc\u00e9es devra, sous\npeine de retrait de Ta d\u00e9ctaration, are  l'objet dune  d\u00e9claration modifcatve aupr\u00e9s de Unit\u00e9\nd\u00e9partementale  des  Hauts-de-Seine\nLe pr\u00e9sent r\u00e9c\u00e9piss\u00e9 sera publi\u00e9 au recuel des  actes administratifsde la pr\u00e9fecture des Hauts-\nde  Seine\nFait \u00e0  Nanterre, le 1\" d\u00e9cembre  2025,\nPour  le Pr\u00e9fet\nPar  d\u00e9l\u00e9gation  ot subd\u00e9l\u00e9gation\nLa  Responsable  du  service\nD\u00e9veloppement  de  l'emploi et des\ncomp\u00e9tences\nMariama  CONDE\n\n=a  Direction r\u00e9gionale et interd\u00e9partementale\nMINIST\u00c8RE de l'\u00e9conomie, de l'emploi,\nDU  TRAVAIL,  DE  LA SANT\u00c9,  du travail et des solidarit\u00e9s\nDES  SOLIDARIT\u00c9S\nET  DES  FAMILLES\nEM\nR\u00e9c\u00e9piss\u00e9  n\u00b02025-665  de  d\u00e9claration  d'activit\u00e9s de  services  \u00e0 la personne\nenregistr\u00e9e  sous  le n\u00b0 SAP994228765  au  nom  de  la micro-entreprise  DANEL  L\u00e9a\nEdwige  sise  15 Rue  de  l'Aigle \u00e0 LA  GARENNE-COLOMBES  (92250)\nLE  PREFET  DES  HAUTS-DE-SEINE\nVu  la loi n\u00b0 2010-863 du  23  jullet 2010  relative aux  r\u00e9seaux  consulaires, au  commerce  et \u00e0\nVartisanat et aux  services  (article 31);\nVu  Ia lo n\u00b02015-1776  du  28  d\u00e9cembre  2015  relative \u00e0  adaptation  de  la soci\u00e9t\u00e9  au\nviilissement ;\nVu  Farticle D7231:1  du  Code  du travail;\nVu  les d\u00e9crets  n\u00b0 2011-1132  et n\u00b0 2011-1133  du  20  septembre  2011  modifiant  certaines:\ndispositions du  Code  du  travail, relatives au  ch\u00e8que  emploi-service  universel et aux\nservices  \u00e0 la personne\n'Vu le d\u00e9cret  n\u00b02016-750  du  6 jun  2016  relatif \u00e0 la ist  des  activit\u00e9s de  services  \u00e0 la personne\nsoumises \u00e0 agr\u00e9ment  ou \u00e0 autorisation dans  le cadre  du  r\u00e9gime  commun  de la d\u00e9claration  ;\nVu  le d\u00e9cret  du  31 octobre 2024  portant  nomination  de  Monsieur  Alexandre  BRUGERE,  en\nqualit\u00e9 de  Pr\u00e9fet des  Hauts-de-Seine  ;\nVu  l'arr\u00eat\u00e9 interminist\u00e9riel du  12 ao\u00fbt  2025  nommant  Monsieur  Fabrice  MASI,  Directeur\nr\u00e9gional et intord\u00e9partementalde l'\u00e9conomie, de l'emplo, du travailet des solidarit\u00e9s dile-\nde-France \u00e0 compter  du  25  ao\u00fbt  2025\nVu  l'a\u00e8t\u00e9  pr\u00e9fectoral n\u00b02025-33  du  22  ao\u00fbt  2025  par  lequel le Pr\u00e9fet des  Hauts-de-Seine\nd\u00e9l\u00e8gue  sa  signature  \u00e0 Monsieur  Fabrice  MASI,  Directeur  r\u00e9gional et interd\u00e9partemental\nde  \u00e9conomie,  de l'emploi, du travailet des solidarit\u00e9s dile-de-France ;\nVu  la d\u00e9cision  n\u00b0 2025-187  du  25  ao\u00fbt  2025  portant  subd\u00e9l\u00e9gation  de  signature  de  Monsieur\nFabrice  MASI,  Directeur  r\u00e9gional  et interd\u00e9partemental  de  l'\u00e9conomie,  de  Femplol,  du\ntravail ot des  soldari\u00e9s  d'le-de-France,  aux  agents  de  l'Unit\u00e9 d\u00e9partemental  des  Hauts-\nde-Seine\n'Vu la d\u00e9claration \u00a2 activit\u00e9s de services  \u00e0 la personne  d\u00e9pos\u00e9es  le 23 novembre  2025 au nom\nde  la micro-entreprise  DANEL  L\u00e9a  Edwige  sise 15  Rue  de  lAlgle \u00e0  LA  GARENNE-\nCOLOMBES  (92250)\n\n'Apr\u00e8s examen  du  dossier, cette demande  \u00e9tant conforme  aux  dispositions de  rartcle L. 7232-1-\n1 du code du travail le pr\u00e9sent r\u00e9c\u00e9piss\u00e9 de d\u00e9claration activit\u00e9s de services \u00e0 la personne  a\n\u00e9t\u00e9 enregistr\u00e9 au  nom  de la micro-entreprise DANEL  L\u00e9a  Edwige  sous  le num\u00e9ro  SAP\n1994228765,\nLes  activit\u00e9s d\u00e9clar\u00e9es  sont  les  suivantes,  \u00e0 l'exclusion de  toute  autre\n= Entrotion  de  la maison  et  travaux  m\u00e9nagers  ;\nPrestations relevant du b\u00e9n\u00e9fice de la r\u00e9ductiond'imp\u00f4t pr\u00e9vue \u00e0 article 199 sexdecies du Code\nG\u00e9n\u00e9ral  des  Imp\u00f4ts.\nLa structure exerce  ces activit\u00e9s selon  le mode  suivant : PRESTATAIRE\n'Sous  r\u00e9serve  d'\u00eatre exerc\u00e9es  \u00e0 titre exclusif par  le d\u00e9clarant  (ou sous r\u00e9serve  d'une  comptabilit\u00e9\n's\u00e9par\u00e9e pour les personnes morales dispens\u00e9es de la condition d activit\u00e9 exclusive) ces activit\u00e9s.\n'ouvrent droit au b\u00e9n\u00e9fice des  dispositionsdes  articles L. 7233-2  du  code  du travail et L. 241-10,\ndu  code  de  la  s\u00e9curt\u00e9  sociale.\n(Conform\u00e9ment  aux dispositionsde Farticle R7232-19  du code  du  travail, l'organisme d\u00e9clar\u00e9 dott\nproduire au moins  chaque  timestre un \u00e9tat d'activit\u00e9 et chaque  ann\u00e9e  un  bilan quantitatif et\nquaitatf de l'activit\u00e9 exerc\u00e9e au tie  de l'ann\u00e9e \u00e9coul\u00e9e ainsi qu'un tableau statistique annuel\nSi l'organisme d\u00e9clar\u00e9 comporte  plusieurs \u00e9tablissements, les\u00e9tats statistiques etl  bilan annuel\ndistinguent  l'activit\u00e9 exerc\u00e9e  par  chaque  \u00e9tablissement\nLo  pr\u00e9sent  r\u00e9c\u00e9piss\u00e9  prend  effet le 23  novembre  2028.\nL'enrogistrement de la d\u00e9claration  pourra \u00eatre retir\u00e9 si l'organisme  d\u00e9clar\u00e9 cesse  de remplir\nles conditions  ou  de respecter  les obligations mentionn\u00e9es  aux  4\u00b0,5\u00b0 et 6\u00b0 de  l'article\n723217  ou  qui m\u00e9connait  les obligations d\u00e9finies \u00e0 l'article R7232-19  du  code  du  travail.\nToute  modification concernant la structure d\u00e9clar\u00e9e ou los activit\u00e9s exerc\u00e9es devra sous\npeine de  retrait de  a  d\u00e9claration, ar  Tobjet dune  d\u00e9claration modiicatwe  aupr\u00e9s  de  l'Unit\u00e9\nG\u00e9parementae  des  Hauts-de-Seine\nLe pr\u00e9sent  r\u00e9c\u00e9piss\u00e9  sera publi\u00e9  au recueil des  actes  administratits de Ia pr\u00e9fecture  des  Hauts-\ndeSeine.\nFait \u00e0  Nanterre,  le 1*  d\u00e9cembre  2025,\nPour  le Pr\u00e9fet\nPar d\u00e9l\u00e9gation  et subd\u00e9l\u00e9gation\nLa  Responsable  du  service\nD\u00e9veloppement  de  l'emploi  et des\ncomp\u00e9tences\nYade\nMariama  CONDE\n\n=a  Direction  r\u00e9gionale  et  interd\u00e9partementale\nMINISTERE  de l'\u00e9conomie, de l'emploi,\nDU  TRAVAIL,  DE  LA  SANT\u00c9,  du  travailet des solidarit\u00e9s\nDES  SOLIDARIT\u00c9S\nET  DES  FAMILLES\nsn\nR\u00e9c\u00e9piss\u00e9  n\u00b02025-666  de  d\u00e9claration  d'activit\u00e9s de  services  \u00e0 la personne\nenregistr\u00e9e  sous  le n\u00b0 SAP994230092  au  nom  de  la micro-entreprise  RABIA  SABRI\nsise  10  Rue  des  Champarons  \u00e0 COLOMBES  (92700)\nLE  PREFET  DES  HAUTS-DE-SEINE\nVu  la loi n\u00b0  2010-863  du  23  jullet 2010  relative  aux  r\u00e9seaux  consulaires,  au  commerce et  \u00e0\nl'artisanat ot aux  services  (article  31) ;\nloi n\u00b02015-1776  du  28  d\u00e9cembre  2015  relative \u00e0  l'adaptation de  la soci\u00e9t\u00e9  au\nvieilissement ;\nVu  l'aricie 07231-1  du  Code  du travail;\nVu  les d\u00e9crets  n\u00b0 2011-1132  et n\u00b0 2011-1133  du  20  septembre  2011  modifiant  coraines\ndispositions  du  Code  du  traval, relatives au  ch\u00e8que  emplo-service  universel et aux\nservices \u00e0 la  personne\n'Vu le d\u00e9cretn\u00b02016-750  du  6 juin 2016  relatif \u00e0 la liste des  activit\u00e9s de  services  \u00e0 a  personne\nsoumises  \u00e0  agr\u00e9ment  ou  \u00e0 autorisation  dans  le cadre  du  r\u00e9gime  commun  dela d\u00e9claration\nVu  le d\u00e9cret  du  31 octobre  2024  portant  nomination  de  Monsieur  Alexandre  BRUGERE,  en\n'qualit\u00e9 de  Pr\u00e9fet des  Hauts-de-Seine\nVu  l'\u00e9t\u00e9  interminist\u00e9riel du  12  ao\u00fbt  2025  nommant  Monsieur  Fabrice  MASI,  Directeur\nr\u00e9gionalet interd\u00e9partementa  del'\u00e9conomie, de l'emploi, du  travail et des solaris d'le-\nde-France  \u00e0  compter  du  25  ao\u00fbt  2025\nVu  l'arr\u00eat\u00e9 pr\u00e9fectoral n\u00b02026-33  du  22  ao\u00fbt  2025  par  lequel le Pr\u00e9fet des  Hauts-de-Seine\nd\u00e9l\u00e8gue  sa  signature  \u00e0  Monsieur  Fabrice  MASI,  Directeur  r\u00e9gional  etinterd\u00e9partemental\nde l'\u00e9conomie, de l'emplo, du traval et des solidart\u00e9s d'le-de-France\nVu  la d\u00e9cision  n\u00b0 2025-157  du  25  ao\u00fbt  2025  portant subd\u00e9l\u00e9gation  de  signature  de  Monsieur\nFabrice  MASI,  Directeur  r\u00e9gional et interd\u00e9partemental  de  l'\u00e9conomie,  de  l'emploi, du\ntravail  et  des  solidarit\u00e9s  d'Ile-de-France,  aux  agents  de  l'Unit\u00e9  d\u00e9partementale  des  Hauts-\nde-Seine  ;\n'Vu la d\u00e9claration  d'activit\u00e9s de services \u00e0 la personne  d\u00e9pos\u00e9es  le 23 novembre  2025  au nom\nde  la miero-entreprse  RABIA  SABRI  sise 10 Rue  des  Champarons  \u00e0 COLOMBES\n(62700)\n\n'Apr\u00e8s examen  du  dossier, cette demande  \u00e9tant conforme  aux dispositions de  article L. 7232-1-\n1 du code  du traval, le pr\u00e9sent  r\u00e9c\u00e9piss\u00e9  de d\u00e9claration d activit\u00e9s de services \u00e0  la person\n\u00e9t\u00e9  enregistr\u00e9  au  nom  de  la micro-entreprise  RABIA  SABRI  sous  le num\u00e9ro  SAP  994230092.\nLes  activit\u00e9s d\u00e9clar\u00e9es  sont les suivantes,  \u00e0 l'exclusion de toute autre\n= Entrotien  de la maison  et  travaux  m\u00e9nagers ;\nPrestations  relevant du  b\u00e9n\u00e9fice  dela  r\u00e9duction  d'imp\u00f4t  pr\u00e9vue  \u00e0 article 199  sexdecies  du  Code\nG\u00e9n\u00e9ral  des  Imp\u00f4ts.\nLa  structure  exerce  ces  activit\u00e9s  selon  le mode  suivant  :  PRESTATAIRE\n'Sous r\u00e9serve d'\u00eatre exerc\u00e9es  \u00e0 tire exclusif parle d\u00e9clarant (ou sous  r\u00e9serve d'une comptabilt\u00e9\n's\u00e9par\u00e9e  pour  les personnes  morales  dispens\u00e9es de la condtion  d'activit\u00e9 exclusive)  ces  activit\u00e9s\n'ouvrent droit au b\u00e9n\u00e9fice des  dispositions des  articles L. 7233-2  du  code du travalet L. 241-10\ndu  code  de  la s\u00e9curt\u00e9  sociale.\nConform\u00e9ment  aux  dispositions  de  l'article R7232-19  du  code  du  travail organisme  d\u00e9clar\u00e9  doit\nproduire au moins chaque timestre un \u00e9tat d'activit\u00e9 et chaque ann\u00e9e  un blan quantitatf et\nqualtatf  de  l'activit\u00e9 exerc\u00e9e  au  tire de  l'ann\u00e9e  \u00e9coul\u00e9e  ainsi qu'un  tableau  statistique annuel.\nSi l'organisme  d\u00e9clar\u00e9  comporte  plusieurs  \u00e9tablissements,  les \u00e9tats statistiques et le ban  annuel\nistinguent  Factivite exerc\u00e9e  par  chaque  \u00e9tablissement,\nLe  pr\u00e9sent  r\u00e9c\u00e9piss\u00e9  prend  affot le 23 novembre  2028.\nL'enregistrement  de la d\u00e9claration  pourra \u00eatre retir\u00e9 si l'organisme  d\u00e9clar\u00e9 cesse de remplir\nles conditions  ou  de  respecter  les  obligations  mentionn\u00e9es  aux  4\u00b0,5\u00b0 et 6\u00b0 de  article\n7232-17  ou  qui  m\u00e9connait  les obligations  d\u00e9finies  \u00e0 l'article R7232-19 du  code  du  travail.\ndevra,  sous.\npeine  de  retrait de  la d\u00e9claration, faire l'objet dune  G\u00e9claration  modificative  aupr\u00e8s  de  l'Unit\u00e9\nd\u00e9partementale des Hauts-de-Seine.\nLe pr\u00e9sent r\u00e9c\u00e9piss\u00e9 sera publi\u00e9 au recueil des actes adminstratitsde la pr\u00e9fecture des Hauts.\nde-Soine.\nFait \u00e0  Nanterre,  le 02  d\u00e9cembre  2025,\nPour  le Pr\u00e9fet\nPar  d\u00e9l\u00e9gation  et subd\u00e9l\u00e9gation\nLa  Responsable  du  service\nD\u00e9veloppement  de l'emploi  et des\ncomp\u00e9tences\nMariana  CONDE\n\nEs  Direction r\u00e9gionale et interd\u00e9partementale\nMINISTERE de l'\u00e9conomie, de l'emploi,\nDU  TRAVAIL,  DE  LA  SANT\u00c9,  du travail et des solidarit\u00e9s\nDES  SOLIDARIT\u00c9S\nET  DES  FAMILLES\nEMA\nR\u00e9c\u00e9piss\u00e9  n\u00b02025.667  de  d\u00e9claration  d'activit\u00e9s  de  services  \u00e0  la personne\nenregistr\u00e9e  sous  le n\u00b0 SAP991071192  au  nom  de  la micro-entreprise  PIPEREL\nAurelie  sise  15  Rue  Joseph  Terneau  \u00e0 NANTERRE  (92000)\nLE  PREFET  DES  HAUTS-DE-SEINE\nVu  la loi n\u00b0  2010-853  du  23  jullet  2010  relative  aux  r\u00e9seaux  consulaires,  au  commerce  et \u00e0\nl'artisanat et aux  services  (article 31);\nVu  la loi n\u00b02015-1776  du  28  d\u00e9cembre  2015  relative  \u00e0  I\nViellissement ;\nVu  l'article 07231-1  du  Code du travail;\nVu  les  d\u00e9crets  n\u00b0  2011-1132  et n\u00b0  2011-1133  du  20  septembre  2011  modiiant  certaines\ndispositions du  Code  du  travail, relatives au  ch\u00e8que  emploi-service  universel  et aux\nservices  \u00e0  a  personne  ;\nVu  le d\u00e9crt  n\u00b02016-750  du  6juin  2016  relatif \u00e0 a  liste des  activit\u00e9s de  services  \u00e0  la personne\nsoumises  \u00e0  agr\u00e9ment ou  \u00e0  autorisation  dans  le cadre  du  r\u00e9gime  commun  de  la d\u00e9claration\nVu  le d\u00e9cret  du  31 octobre  2024  portant  nomination  de  Monsieur  Alexandre  BRUGERE,  en\nquait\u00e9 de Pr\u00e9fet des  Hauts-de-Seine\nlaptation de  la soci\u00e9t\u00e9  au\nVu  l'arr\u00eat\u00e9 interminist\u00e9riel du  12 ao\u00fbt  2025  nommant  Monsieur  Fabrice  MASI,  Directeur\nr\u00e9gional et interd\u00e9partementa de l'\u00e9conomie, de l'emploi,du travailet des solidarit\u00e9s dle\nde-France  \u00e0  compter du  25  ao\u00fbt  2025\nVu  l'ar\u00eat\u00e9  pr\u00e9fectoral n'2025-33  du  22  ao\u00fbt  2025  par  lequel le Pr\u00e9fet des  Hauts-de-Seine\nd\u00e9l\u00e8gue  sa  signature  \u00e0  Monsieur  Fabrice  MASI,  Directeur  r\u00e9gional  et  interd\u00e9partemental\nde  l'\u00e9conomie, de l'emploi du travailet des solidarit\u00e9s d'\u00cele-de-France ;\nVu  la d\u00e9cision  n\u00b0 2025-157  du  25  ao\u00fbt  2025  portant  subd\u00e9l\u00e9gation  de  signature  de  Monsieur\nFabrice  MASI,  Directeur  r\u00e9gional et interd\u00e9partemental  de  l'\u00e9conomie, de  l'emplo,  du\ntravail  et  des  soldarit\u00e9s  d'le-de-France,  aux  agents  de  Unit\u00e9  d\u00e9partementale  des  Hauts-\nde-Seine  ;\nVu  la d\u00e9claration  d'activit\u00e9s de services  \u00e0 la personne  d\u00e9pos\u00e9es le 21 octobre  2025  au  nom\nde  la micro-entreprise  PIPEREL  Aurelie  sise 15 Rue  Joseph  Temeau  \u00e0 NANTERRE\n(82000)\n\n'Apr\u00e8s examen  du  dossier, cette demande  \u00e9tant  conforme  aux  dispositions  de  l'article L. 7232-1-\n1 du code  du traval, le pr\u00e9sent  r\u00e9c\u00e9piss\u00e9  de d\u00e9claration d'activit\u00e9s de services \u00e0 la personne  \u00e0\n\u00e9t\u00e9 enregistr\u00e9 au nom  de la micro-entreprise PIPEREL  Aurelie sous  le num\u00e9ro  SAP  991071  192.\nLes  activites d\u00e9clar\u00e9es  sont  les suivantes,  \u00e0 l'exclusion de  toute  autre\n= Soutien  scolaire  ou  cours  \u00e0  domicile  ;\nPrestations  relevant du  b\u00e9n\u00e9fice  de  Ia r\u00e9duction  d'imp\u00f4t  pr\u00e9vue  \u00e0 l'article 199  sexdecies  du  Code\nG\u00e9n\u00e9ral  des  Imp\u00f4ts.\nLa  structure  exerce  ces  activit\u00e9s  solon  le mode  suivant:  PRESTATAIRE\n'Sous  r\u00e9serve  d'\u00eatre exerc\u00e9es  \u00e0 tire exclusif par  le  d\u00e9clarant  (ou sous r\u00e9serve  dune  comptabilt\u00e9\n's\u00e9par\u00e9e pour  les  personnes  morales  dispens\u00e9es de la condition d'activit\u00e9 exclusive), ces  activit\u00e9s\nouvrent  droit au b\u00e9n\u00e9fice  des  dispositions des  articies L. 7233-2  du  code  du travall et L. 241-10\ndu code  de la s\u00e9curt\u00e9  sociale.\n{Conform\u00e9ment  aux dispositionsde l'aticie R7232-19 du code  du travail, organisme  d\u00e9ciar\u00e9 doit\nproduire  au  moins  chaque  trimestre un \u00e9tat dactivt\u00e9  et chaque  ann\u00e9e  un  bilan quantitatif et\nQualtaif de l'actit\u00e9 exerc\u00e9e  au  tire de l'ann\u00e9e \u00e9coui\u00e9e  ainsi qu'un tableau statistique annuel.\nSi l'organisme  d\u00e9clar\u00e9  comporte  plusieurs  \u00e9tablissements,  les \u00e9tats statistiques et le bilan annuel\ndistinguent  l'activit\u00e9 exerc\u00e9e  par  chaque  \u00e9tablissement.\nLe  pr\u00e9sent  r\u00e9c\u00e9piss\u00e9  prend  effet le 21 octobre  2025.\nL'enrogistremont de la d\u00e9claration  pourra \u00eatre retir\u00e9 si l'organisme d\u00e9clar\u00e9  cesse  de remplir\nles conditions  ou  de  respecter  les obligations  mentionn\u00e9es  aux  4\u00b0,5\u00b0 et 6\u00b0 de  l'article\n723217  ou  qui m\u00e9connait  los obligations d\u00e9finies \u00e0 l'article R7232-19 du  code  du  travail.\n'Toute modification concemant  la structure d\u00e9clar\u00e9e ou es  activit\u00e9s exerc\u00e9es devra, sous\npeine  de  rtrat  de  la G\u00e9caration,  are  Tobjet une  G\u00e9caration  modiicave  aupr\u00e9s  de  TUnte\nS\u00e9parmentale  des  Hauts-de-Seine\nLe  pr\u00e9sent  r\u00e9c\u00e9piss\u00e9  sera publi\u00e9 au recueil  des  actes  administrtfs  de la pr\u00e9fecture des  Hauts-\nde-Seine,\nFait \u00e0  Nanterre,  le 02 d\u00e9cembre  2025,\nPour  le Pr\u00e9fet\nPar  d\u00e9l\u00e9gation  ot  subd\u00e9l\u00e9gation\nLa  Responsable  du  service\nD\u00e9veloppement  de  l'emploi  et des\ncomp\u00e9tences\n\nEx  Direction  r\u00e9gionale  etinterd\u00e9partementale\nMINIST\u00c8RE  de l'\u00e9conomie, de l'emploi,\nDU  TRAVAIL,  DE  LA  SANT\u00c9,  du travail ot des solidarit\u00e9s\nDES  SOLIDARIT\u00c9S\nET  DES  FAMILLES\nEM\nR\u00e9c\u00e9piss\u00e9  n\u00b02028-668  de  d\u00e9claration  d'activit\u00e9s de services  \u00e0 la personne\nenregistr\u00e9e  sous  le n\u00b0 SAP919684431  au  nom  de  la micro-entreprise  ROSNARHO\nBENJAMIN  sise  148  Rue  Aristide  Briand  \u00e0 LEVALLOIS-PERRET  (92300)\nLE  PREFET  DES  HAUTS-DE-SEINE\nVu  la loi n\u00b0 2010-863  du  23  juilet 2010  relative aux  r\u00e9seaux  consulaires,  au  commerce  et \u00e0\nl'artisanat  et  aux  services  (article 31)\nVu  la li n\u00b02015-1776  du  28  d\u00e9cembre  2015  relative \u00e0 l'adaptation de  la soci\u00e9t\u00e9  au\nveilissement ;\nVu  l'aricie D7231-1  du  Code  du  travail;\nVu  les d\u00e9crets  n\u00b0 2011-1132  et n\u00b0 2011-1133  du  20  septembre  2011  modiiant  certaines\ndispositions du  Code  du  travail, relatives au  ch\u00e8que  emploi-service  universel  et aux\nservices  \u00e0  a  personne\nVu  le d\u00e9cret  n\u00b02018-750  du  6  juin 2016  relatif \u00e0 a  liste des  activit\u00e9s de  services  \u00e0 la personne\nsoumises  \u00e0  agr\u00e9ment ou  \u00e0 autorisation  dans  le cadre  du  r\u00e9gime  commun  dela d\u00e9claration\nVu  le d\u00e9cret  du  31 octobre  2024  portant  nomination  de  Monsieur  Alexandre  BRUGERE,  en\nquait\u00e9 de Pr\u00e9fet des  Hauts-de-Seine  ;\nVu  l'arr\u00e9t\u00e9 interminist\u00e9riel du  12  ao\u00fbt  2025  nommant  Monsieur  Fabrice  MASI,  Directeur\nr\u00e9gional  et interd\u00e9partemental  de l'\u00e9conomie,  de  l'emploi,  du  travail t  des  solidarit\u00e9s  d'le-\nde-France  \u00e0 compter  du  25  ao\u00fbt  2025  ;\nVu  l'arr\u00eat\u00e9 pr\u00e9fectoral  n\u00b02025-33  du  22  ao\u00fbt  2025  par  lequel  le Pr\u00e9fet  des  Hauts-de-Seine\nd\u00e9l\u00e8gue  sa  signature \u00e0  Monsieur  Fabrice  MASI,  Directeur  r\u00e9gional et interd\u00e9partemental\nde  l'\u00e9conomie, de l'emploi, du  travail et des  solidarit\u00e9s d'\u00cele-de-France ;\nVu  la d\u00e9cision  n\u00b0  2025-187  du  25  ao\u00fbt  2025  portant  subd\u00e9l\u00e9gation  de  signature  de  Monsieur\nFabrice  MASI,  Directeur  r\u00e9gional  et  interd\u00e9partemental  de  l'\u00e9conomie,  de  l'emploi, du\ntravail et des  solidart\u00e9s  d'\u00cele-de-France,  aux  agents  de  l'Unit\u00e9 d\u00e9partementale  des  Hauts-\nde-Seine  ;\nVu  la  d\u00e9claration  d'actvit\u00e9s  de  services  \u00e0  la personne  d\u00e9pos\u00e9es  le 13  octobre  2025  au  nom\nde  la micro-entreprise  ROSNARHO  BENJAMIN  sise  148  Rue  Aristide  Briand  \u00e0\nLEVALLOIS-PERRET  (82300)  ;\n\nApr\u00e8s  examen  du  dossier, cette demande  \u00e9tant  conforme  aux  dispositions de  article L 7232-1\n1 du  code  du  travall, le pr\u00e9sent  r\u00e9c\u00e9piss\u00e9  de  d\u00e9ciaration  d'activit\u00e9s  de  services  \u00e0  la personne  a\n\u00e9t\u00e9  enregistr\u00e9  au  nom  de  la micro-entreprise  ROSNARHO  BENJAMIN  sous  le num\u00e9ro  SAP\n919684431\nLes  activit\u00e9s d\u00e9ctar\u00e9es  sont  les  suivantes,  \u00e0  l'exclusion  de toute  autre\nEntretien  de  la maison  et travaux  m\u00e9nagers  ;\nMaintenance,  entretien  et vigilance  temporaires,  \u00e0 domicile,  de  la r\u00e9sidence\nprincipaleet secondaire ;\nPrestations relevant du b\u00e9n\u00e9fice de  la r\u00e9duction d'imp\u00f4t pr\u00e9vue  \u00e0 l'article 199 sexdecies  du Code\nG\u00e9n\u00e9ral  des  Imp\u00f4ts.\nLa  structure  exerce  ces  activit\u00e9s  solon  le mode  suivant  : PRESTATAIRE\nSous  r\u00e9serve  d'\u00eatre exerc\u00e9es  a tire exclusif parle  d\u00e9clarant  (ou sous  r\u00e9serve  d'une  comptabiit\u00e9\ns\u00e9par\u00e9e  pour  les personnes  morales  dispens\u00e9es  de  a  condition  d'actvi\u00e9  exclusive)  ces  activites,\nouvrent  drot  au  b\u00e9n\u00e9fice  des  dispositions  des  articles L. 7233-2  du  code  du  travail et L. 241-10,\n'du code  de  la s\u00e9curit\u00e9 sociale.\nConform\u00e9ment  aux  dispositions de  article R7232-19  du  code  du  traval, l'organisme d\u00e9clar\u00e9 doit\nproduire  au  moins  chaque  trimestre  un  \u00e9tat d'activit\u00e9 et chaque  ann\u00e9e  un  bilan quantitatif et\nqualtatf de ractivite exerc\u00e9e au tire de l'ann\u00e9e \u00e9coul\u00e9e ainsi qu'un tableau statistique annuel.\nSi 'organisme  d\u00e9clar\u00e9  comport  plusieurs  \u00e9tablissements,  les \u00e9tats statistiques etl  bilan annuel\ndistinguent  Factvit\u00e9 exerc\u00e9e  par  chaque  \u00e9tablissement\nLe pr\u00e9sent  r\u00e9c\u00e9piss\u00e9  prend  effet le 13 octobre  2028.\nL'enregistrement  de  la d\u00e9claration  pourra  \u00eatre retir\u00e9 si l'organisme  d\u00e9clar\u00e9 cosse de  remplir\nles  conditions  ou  de  respecter  les obligations  mentionn\u00e9es  aux  4\u00b0,5\u00b0 et 6\u00b0 de  l'article\nR723247  ou  qui m\u00e9connalt  les obligations d\u00e9finies \u00e0 l'article R7232-19  du  code  du  travail\npeinede retrait de a \"d\u00e9claration. 'aire 'objet runed\u00e9ciarration modificative aupr\u00e8s de l'Unit\u00e9\nS\u00e9partementale  des  Hauts-de-Seine\nLepr\u00e9sent  \u00e9tat  sara  pub  au  ecu  ds  ate  admits  dela pr\u00e9fecture des  Hats\nde-Seine.\nFait \u00e0 Nanterre,  le 02  d\u00e9cembre  2025.\nPour  le Pr\u00e9tot\nPar  d\u00e9l\u00e9gation  ot  subd\u00e9l\u00e9gation\nLa  Responsable  du  service\nD\u00e9veloppement  de  l'emploi  et  des\ncomp\u00e9tences  |\nWA\nMariama  CONDE\n\nEs  Direction r\u00e9gionale et interd\u00e9partementale\nde  l'\u00e9conomie,  de  l'emploi,\nBUTRAVAIL, DE LA SANT\u00c9, du travallet des soidartes\nDES  SOLIDARITES\nET  DES  FAMILLES\npoo\nR\u00e9c\u00e9piss\u00e9  n\u00b02025-669  de  d\u00e9claration  d'activit\u00e9s de  services \u00e0 la personne\n'enregistr\u00e9e  sous  le n\u00b0 SAP993586080  au  nom  de  la micro-entreprise  GADGIL\nREVA  sise 166  Rue  D'aguesseau  \u00e0  BOULOGNE-BILLANCOURT  (92100)\nLE  PREFET  DES  HAUTS-DE-SEINE\nVu  la loi n\u00b0 2010-853  du  23  juillet 2010  relative aux  r\u00e9seaux  consular,  au  commerce  et \u00e0\nFartisanat et aux  services  (article 31)\nVu  la loi n\u00b02015-1778  du  28  d\u00e9cembre  2015  relative \u00e0  l'adaptation de  la soci\u00e9t\u00e9  au\nvillissement |\nVu  l'aticle 7231-1  du Code du travai\nVu  les d\u00e9crets  n\u00b0 2011-1132  et n\u00b0 2011-1133  du  20  septembre  2011  modifiant  certaines\ndispostions  du  Code  du  travail, relatives au  ch\u00e8que  emploi-service  universel  et aux\nservices  \u00e0 la personne\n'Vu le d\u00e9cretn\u00b02016-750 du 6 juin 2016  reat  la ste  des activites de  services  \u00e0 la personne\nsoumises \u00e0 agr\u00e9ment  ou  \u00e0 autorisation dans le cadre  du  r\u00e9gime  commun  de la d\u00e9claration\nVu  le d\u00e9cret  du  31 octobre  2024  portant  nomination  de  Monsieur  Alexandre  BRUGERE,  en\nqualt\u00e9  de  Pr\u00e9fet  des  Hauts-de-Seine ;\nVu  l'\u00e9t\u00e9  interminist\u00e9riel du  12 ao\u00fbt  2025  nommant  Monsieur  Fabrice  MASI,  Directeur\nr\u00e9gional et interd\u00e9partemental de l'\u00e9conomie, de l'emploi. du travail et des solidarit\u00e9s dlle-\nde-France  \u00e0  compter du  25  ao\u00fbt  2025  ;\nVu  l'arr\u00eat\u00e9 pr\u00e9fectoral n\u00b02025-33  du  22  ao\u00fbt  2025  par  lequel le Pr\u00e9fet des  Hauts-de-Seine\nd\u00e9l\u00e8gue  sa  signature  \u00e0 Monsieur  Fabrice  MASI,  Directeur  r\u00e9gional et interd\u00e9partemental\nde l'\u00e9conomie, de l'emploi du travail et des solidartes d'\u00cele-de-France\nVu  la d\u00e9cision  n\u00b0 2025-187  du  25  ao\u00fbt  2025  portant  subd\u00e9l\u00e9gation  de  signature  de  Monsieur\nFabrice  MASI,  Directeur  r\u00e9gional et interd\u00e9partemental  de  l'\u00e9conomie,  de  l'emploi, du\ntravail et des  solitart\u00e9s  d'l-de-France,  aux  agents de l'Unit\u00e9 d\u00e9partementale  des  Hauts-\nde-Seine  ;\nVu  la d\u00e9claration  activit\u00e9s de services  \u00e0 la personne  d\u00e9pos\u00e9es  le 06 novembre  2025  au nom\nde  la micro-entreprise  GADGIL  REVA  sise 166  Rue  D'aguesseau  \u00e0  BOULOGNE-\nBILLANCOURT  (82100)  ;\n\nApr\u00e8s  examen  du  dossier, cette demande  \u00e9tant conforme  aux dispositions de  l'article L  7232-1-\n1 du code  du traval, le pr\u00e9sent  r\u00e9c\u00e9piss\u00e9  de d\u00e9claration d activit\u00e9s de services \u00e0 la personne  a\n\u00e9t\u00e9 enregistr\u00e9 au nom  de la micro-entreprise GADGIL  REVA  sous  le num\u00e9ro  SAP  993586080.\nLes  activit\u00e9s d\u00e9clar\u00e9es  sont  es  suivantes,  \u00e0 l'exclusion de  toute  autre\n= Soutien  scolaire ou  cours \u00e0 domicile ;\nPrestations  relevant  du b\u00e9n\u00e9fice  de la r\u00e9duction  d'imp\u00f4t  pr\u00e9vue  \u00e0 article 199 sexdecies du Code\nG\u00e9n\u00e9ral  des  Imp\u00f4ts.\nLa  structure  exerce  ces  activit\u00e9s  solon  le mode  suivant : PRESTATAIRE\nSous  r\u00e9serve  d'\u00eatre exerc\u00e9es  \u00e0 titre exclusif par  le d\u00e9clarant  (ou  sous  r\u00e9serve  d'une  comptabilt\u00e9\ns\u00e9par\u00e9e  pour  es  personnes  morales  dispens\u00e9es de a  condition  activit\u00e9  exclusive), ces  activites\nouvrent  droit au b\u00e9n\u00e9fice  des  dispositions des  articles L. 7233-2  du  code  du travail et L. 241-10\ndu  code  de  la s\u00e9curt\u00e9  social.\nConform\u00e9ment  aux dispositionsde l'article R7232-19  du  code  du travail organisme  d\u00e9ciar\u00e9 doit\nproduire au moins chaque trimestre un \u00e9tat d'activit\u00e9 et chaque  ann\u00e9e  un bilan quantitatif et\nqualtatf de l'activit\u00e9 exerc\u00e9e  au tire de l'ann\u00e9e \u00e9coul\u00e9e  ainsi qu'un tableau statistique annuel.\nSi l'organisme  d\u00e9clar\u00e9  comporte  plusieurs  \u00e9tablissements,  les \u00e9tats statistiques et le bilan annuel\ndistinguent  l'activit\u00e9 exerc\u00e9e  par  chaque  \u00e9tablissement.\nLe  pr\u00e9sent  r\u00e9c\u00e9piss\u00e9  prend  effet  le 06 novembre  2025.\nL'enrogistrement  de  la d\u00e9claration  pourra  \u00eatre retir\u00e9si l'organisme  d\u00e9clar\u00e9  cesse  de  remplir\nles conditions  ou  de  respecter  les  obligations  mentionn\u00e9es  aux  4\u00b0,5\u00b0 et 6\u00b0 de  l'article\nR7232-17 ou  qui m\u00e9connalt  les obligations d\u00e9finies \u00e0 l'article R7232-19  du  code  du  travail.\ns. devra,  sous\njane  de Teva  dela  decaraton, fare Tebjet dune  dedaralon  modfeaive  aupr\u00e9s de FUI\nd\u00e9partementale  des  Hauts-de-Seine.\nLe  pr\u00e9sent  r\u00e9c\u00e9piss\u00e9 sera publi\u00e9 au recuel des  actes administratifsde la pr\u00e9fecture des  Hauts-\nde-Seine.\nFait \u00e0 Nanterre, le 02  d\u00e9cembre  2025.\nPour  le Pr\u00e9fet\nPar d\u00e9l\u00e9gation  et subd\u00e9t\u00e9gation\nLa  Responsable  du  service\nD\u00e9veloppement  de  l'emploi  et des\ncomp\u00e9tences\naa\nMariana CONDE\n\n=a  Direction r\u00e9gional ot interd\u00e9partementale\nMINISTERE 'de l'\u00e9conomie, de l'emploi,\nDU  TRAVAIL,  DE  LA  SANT\u00c9,  du travailet des solidarit\u00e9s\nDES  SOLIDARIT\u00c9S\nET  DES  FAMILLES\nLe\nR\u00e9c\u00e9piss\u00e9  n\u00b02025-670  de  d\u00e9claration  d'activit\u00e9s de  services \u00e0 la personne\nenrogistr\u00e9e  sous  le n\u00b0 SAP990761728  au  nom  de la micro-entreprise KLIM  ANNA\nsise  7 Rue  des  Acacias  \u00e0 MEUDON  (92360)\nLE  PREFET  DES  HAUTS-DE-SEINE\nVu  la loi n\u00b0 2010-853  du  23 juilet 2010  relative aux  r\u00e9seaux  consulaires, au commerce  et \u00e0\nl'artisanat et aux  services  (article 31) ;\nVu  la loi n\u00b02015-1776  du 28  d\u00e9combre  2015  relative \u00e0 l'adaptation de la soci\u00e9t\u00e9 au\nVieillssement\nVu  l'aricie D7231-1  du  Code  du  travail;\nVu  les d\u00e9crets n\u00b0 2011-1132  et n\u00b0 2011-1133  du  20 septembre  2011  modifiant certaines\ndispostions du Code  du travail, relatives au ch\u00e8que  emplo-service universel et aux\nservices  \u00e0 la personne ;\nVu  le d\u00e9cret n\u00b02016-750  du 6 jun 2016 relatif \u00e0 a liste des activites de services \u00e0 la personne\nsoumises  \u00e0 agr\u00e9ment ou \u00e0 autorisation dans  le cadre du r\u00e9gime  commun  dela d\u00e9claration\nVu  le d\u00e9cret du 31 octobre 2024  portant nomination de  Monsieur  Alexandre  BRUGERE,  en\nquait\u00e9 de Pr\u00e9fet des Hauts-de-Seine ;\narr\u00eat\u00e9 interminist\u00e9riel du 12 ao\u00fbt 2025 nommant  Monsieur Fabrice MASI, Directeur\nr\u00e9gional et interd\u00e9partemental  de  l'\u00e9conomie,  de l'emploi, du  travail et des  soldarites dll\nde-France  \u00e0 compter  du  25  ao\u00fbt  2025  ;\nVu  l'arr\u00eat\u00e9 pr\u00e9fectoral n\u00b0202533  du  22 ao\u00fbt 2025  par lequel le Pr\u00e9fet des  Hauts-de-Seine\nd\u00e9l\u00e8gue sa signature \u00e0 Monsieur  Fabrice MASI, Directeur r\u00e9gional et interd\u00e9partemental\nde l'\u00e9conomie, de l'emploi, du travailet des solidarit\u00e9s d'\u00cele-de-France;\nVu  la d\u00e9cision n\u00b0 2025-187  du  25  ao\u00fbt 2025  portant subd\u00e9l\u00e9gation de signature de  Monsieur\nFabrice MASI,  Directeur r\u00e9gional et interd\u00e9partemental de  l'\u00e9conomie, de  l'emplo, du\ntravail et des  soldarit\u00e9s d'Ile-de-France, aux  agents  de Unit\u00e9 d\u00e9partementale  des  Hauts-\nde-Seine  :\nVu  la d\u00e9claration d'actvit\u00e9s de  services \u00e0 la personne  d\u00e9pos\u00e9es  le 06  octobre 2025  au nom\nde  la micro-entreprise KLIM  ANNA  sise 7 Rue  des  Acacias  \u00e0 MEUDON  (92360)\n\n'Apr\u00e8s examen  du  dossier, cette demande  \u00e9tant conforme  aux dispositions de  l'article L_ 7292-1-\n1 du code du traval le pr\u00e9sent r\u00e9c\u00e9piss\u00e9 de d\u00e9claration d activites de services \u00e0 la personne  a\n\u00e9t\u00e9 enregistr\u00e9 au nom  de  la micro-entreprise  KLIM  ANNA  sous  le num\u00e9ro  SAP  990761728.\nLes  activites d\u00e9clar\u00e9es  sont les suivantes, a l'exclusion de toute autre\n= Soutien  scolaire  ou  cours  \u00e0  domicil\nPrestations relevant du  b\u00e9n\u00e9fice de  la r\u00e9duction d'imp\u00f4t pr\u00e9vue  \u00e0 l'article 199 sexdecies  du  Code\nG\u00e9n\u00e9ral  des  Imp\u00f4ts.\nLa  structure exerce  ces  activit\u00e9s selon  le mode  suivant  : PRESTATAIRE\nSous  r\u00e9serve d'\u00eatre exerc\u00e9es  \u00e0 tire exclusif parle d\u00e9clarant (ou sous  r\u00e9serve d'une comptabilit\u00e9\nS\u00e9par\u00e9e  pour les personnes  morales dispens\u00e9es  de  la condition d activit\u00e9 exclusive), ces activit\u00e9s\n'ouvrent  drolt au  b\u00e9n\u00e9fice  des  dispositions des  articles L. 7233-2  du  code  du  travail et L. 241-10,\ndu  code  de  la s\u00e9curit\u00e9 sociale.\nConform\u00e9ment  aux  dispositions de  article R7232-19  du  code  du  traval, organisme  d\u00e9clar\u00e9  dot\nproduire au  moins  chaque  trimestre un \u00e9tat d'activt\u00e9 et chaque  ann\u00e9e  un  bilan quantitatif et\nqualtatf de Factvite exerc\u00e9e au tre  de  l'ann\u00e9e \u00e9coul\u00e9e  ainsi qu'un tableau statistique annuel.\nSi l'organisme d\u00e9clar\u00e9 comporte  plusieurs \u00e9tablissements, les \u00e9tats statistiques et le bilan annuel\ndistinguent  activit\u00e9  exerc\u00e9e  par  chaque  \u00e9tablissement.\nLe  pr\u00e9sent  r\u00e9c\u00e9piss\u00e9  prend  effet le 08 octobre  2025.\nL'enregistrement de la d\u00e9claration pourra  \u00eatre retir\u00e9 a  l'organisme  d\u00e9clar\u00e9 cesse de remplir\nles conditions  ou  do  respecter  les obligations  mentionn\u00e9es  aux  4\u00b0,5\u00b0 et 6\u00b0 de  l'article\n7232-17  ou  qui m\u00e9connalt  les obligations  d\u00e9finies \u00e0 l'article R7232-19 du  code  du travail.\nmodif  n s devra,  sous\npeine  de  retrait de  fa d\u00e9claration, faire Fobjet d'une  d\u00e9claration  modifiative  aupr\u00e8s  de  FUnit\u00e9\nd\u00e9partementale  des  Hauts-de-Seine\nLe pr\u00e9sent r\u00e9c\u00e9piss\u00e9 sera publi\u00e9 au recuell des  actes administratifsde la pr\u00e9fecture des Hauts-\nde-Seine\nFait \u00e0 Nanterre,  le 02  d\u00e9cembre  2025.\nPour  le Pr\u00e9fet\nPar d\u00e9l\u00e9gation  ot subd\u00e9l\u00e9gation\nLa  Responsable  du  service\nD\u00e9veloppement  de  l'emploi  et des\ncomp\u00e9tences\nse\nMariama CONDE\n\nvu\nvu\nvu\nvu\nvu\nvu\nvu\nvu\nvu\nvu\nvu\nPREFECTURE  DES  HAUTS-DE-SEINE\nLE  PREFET  DES  HAUTS-DE-SEINE\nArr\u00eat\u00e9  N\u00b0  2025-671\nReconnaissant  la qualit\u00e9 de  Soci\u00e9t\u00e9  Coop\u00e9rative\nOuvri\u00e8re  de  Production  (SCOP)\nLe d\u00e9cret n\u00b0 82-389 du 10  mai  1982  relatifaux pouvoirs  des  pr\u00e9fets ;\nLa loin'  47-1775  du  10  septembre  1947  portant  statut de la coop\u00e9ration  ;\nla loi n\u00b0 78-763  du  19  juillet 1978  portant  statut des  Soci\u00e9t\u00e9s  Coop\u00e9ratives  Ouvri\u00e8res  de\nProduction,  et notamment  son  article 54  ;\nla loi n\u00b0 92-643  du  13  juillet 1992  relative \u00e0 la modernisation  des  entreprises  coop\u00e9ratives\nle  code  des  march\u00e9s  publics, ot notamment  les articles 53 et 91 dudit code ;\nle d\u00e9cret n\u00b0 87-276  du  18 avril 1987  portant modification du  d\u00e9cret n\u00b0 79-376  du 10 mai\n1978  fixant les conditions  d'\u00e9tablissement de la iste des  Soci\u00e9t\u00e9s  Coop\u00e9ratives  Ouvri\u00e8res\n'de Production  ;\nle d\u00e9cret  n\u00b0 97-34  du  15 janvier  1997  relatif \u00e0  la d\u00e9concentration  des  d\u00e9cisions\nadministratives  individuelles ;\nle  d\u00e9cret  n\u00b0 93-485 du 23 mars  1993  relatif \u00e0 La sortie du  statut coop\u00e9ratif\nle d\u00e9cret  n\u00b0  83-1231  du  10  novembre  1993  relatif \u00e0  la reconnaissance  de  la qualt\u00e9  de\nSoci\u00e9t\u00e9  Coop\u00e9rative  Ouvri\u00e8re  de  Production  ;\nle d\u00e9cret  du  31 octobre  2024  portant  nomination  de  Monsieur  Alexandre  BRUGERE,  en\n'qualit\u00e9 de  Pr\u00e9fet des  Hauts-de-Seine  ;\nl'arr\u00eat\u00e9  interminist\u00e9riel  12  ao\u00fbt  2025  nommant  Monsieur  Fabrice  MASI,  Directeur,\nr\u00e9gional et interd\u00e9partementalde l'\u00e9conomie, de l'emploi dutravail et des  solidarit\u00e9s\nd'le-de-France \u00e0  compter  du 25 ao\u00fbt  2025  ;\nl'arr\u00eat\u00e9 pr\u00e9fectoral  n\u00b02025-33  du  22  ao\u00fbt  2025  par  lequel le Pr\u00e9fet des  Hauts-de-Seine\nd\u00e9l\u00e8gue  sa  signature  \u00e0  Fabrice  MASI,  Directeur  r\u00e9gional  et interd\u00e9partemental  de\nl'\u00e9conomie, de  l'emploi, du  travail et des solidarit\u00e9s d'le-de-France  ;\n\nVu  a  d\u00e9cision  n\u00b0 2025-157  du  25  ao\u00fbt  2025  portant  subd\u00e9l\u00e9gation  de  signature  de  Monsieur\nFabrice  MASI,  Directeur  r\u00e9gional et interd\u00e9partemental de  l'\u00e9conomie,  de  l'emploi, du,\ntraval  et des  solidarit\u00e9s d'le-de-France,  aux  agents  de  l'Unit\u00e9 d\u00e9partementale  des  Hauts-\nde-Seine  ;\n'Vu l'avis de la Conf\u00e9d\u00e9ration  G\u00e9n\u00e9rale  des  Soci\u00e9t\u00e9s  Coop\u00e9ratives  Ouvri\u00e8res de Production  en\ndate  du  24  novembre  2025.\nARRETE\nArticle4\" : La soci\u00e9t\u00e9 DESTRAND  ~ 44 avenue Baizac ~ 92410VILLE-D'AVRAY,  est habiit\u00e9e\u00e0\nprendre  Fappellation de  Soci\u00e9t\u00e9 Coop\u00e9ratve  Ouvi\u00e9re  de  Production ou  de Soci\u00e9t\u00e9 Coop\u00e9raive\nde  Travaileurs  ou  \u00e0 user  cette appellation  ou  les intiales \u00ab S.C.O.P.  \u00bb ainsi qu'\u00e0  pr\u00e9tendre  au\nb\u00e9n\u00e9fice des  ispostions  pr\u00e9vues  par es  textes l\u00e9gislatifs ou r\u00e9glementaires  relat  aux  Soci\u00e9t\u00e9s\nCoop\u00e9ratives  Ouvri\u00e9res  de  Production.\nArticle 2 : Cette m\u00eame  soci\u00e9t\u00e9 pourra pr\u00e9tendre au b\u00e9n\u00e9fice des avantages  pr\u00e9vus aux articles 53\nft  91 du code  des  march\u00e9s  publics,\n{Article3: L'habltation accord\u00e9e  en vertu du pr\u00e9sent ar\u00eat\u00e9, \u00e0 a  soci\u00e9t\u00e9 vis\u00e9e \u00e0 l'article 1*, est\nvalable, sous  r\u00e9serve des  cisposiions des  articles 2 et 4 du  d\u00e9cret n\u00b0 83-1231  du  10 novembre\n1993  relatif \u00e0 la reconnaissance  de  la qualt\u00e9  de  Soci\u00e9t\u00e9  Coop\u00e9rative  Ouvri\u00e8re  de  Product\ncompter  de  a  date dinscrption  en tant que  de  Soci\u00e9t\u00e9 Coop\u00e9rative  Ouui\u00e8re  de  Production au\nregistre du commerce,  et jusqu'\u00e0 radiation prononc\u00e9e  dans  les conditions pr\u00e9vues  par les arcs\net  7 du  m\u00eame  texte\nFait \u00e0 Nanterre,  le 02  d\u00e9cembre  2025\nPour  le Pr\u00e9fet\nPar  d\u00e9l\u00e9gation  ot subd\u00e9l\u00e9gation\nResponsable  du  service\nD\u00e9veloppement  de  l'emploi  et  des\ncomp\u00e9tences,\nMariama  CONDE\n\nvu\nvu\nvu\nvu\nvu\nvu\nvu\nvu\nPt\nPREFECTURE  DES  HAUTS-DE-SEINE\nLE  PREFET  DES  HAUTS-DE-SEINE\nArr\u00f4t\u00e9  N\u00b0  2025-672\nReconnaissant  la qualit\u00e9 de  Soci\u00e9t\u00e9 Coop\u00e9rative\nOuvri\u00e8re  de  Production  (SCOP)\nle d\u00e9cretn\u00b0 82-389 du 10 mai 1982 relatif aux pouvoirs des pr\u00e9fets ;\nla loin' 47-1775 du 10 septembre  1947 portant statut de la coop\u00e9ration;\nla loi n\u00b0 78-763 du 19 juilet 1978 portant statut des Soci\u00e9t\u00e9s Coop\u00e9ratives Ouvri\u00e9res de\nProduction, et notamment  son  article 54 ;\nla oi n\u00b0 92-643 du 13 jullet 1992 relative \u00e0 la modernisation des entreprises coop\u00e9ratives\nLe code des march\u00e9s  publics, et notamment  les articles 53 et 91 ducht code ;\nle d\u00e9cret n\u00b0 87-276 du 16 avril 1987 portant modification du d\u00e9cret n\u00b0 78-376 du 10 mai\n1978 fixant les conditions d'\u00e9tablissement de la iste des Soci\u00e9t\u00e9s Coop\u00e9ratives Ouvri\u00e8res\n'de Production\nle d\u00e9cret n\u00b0 97-34 du 15 janvier 1997 relatif \u00e0 la d\u00e9concentration des d\u00e9cisions\naciministraties  individuelles ;\nJe d\u00e9cret n\u00b0 93-455du 23 mars 1993 relatif \u00e0 la sortie du statut coop\u00e9ratif;\nle d\u00e9cret n\u00b0 93-1231 du 10 novembre 1993 relatif\u00e0 la reconnaissance de la qualit\u00e9 de\nSoci\u00e9t\u00e9 Coop\u00e9rative  Ouvri\u00e8re de  Production  ;\nJe d\u00e9cret du 31 octobre 2024 portant nomination de Monsieur Alexandre BRUGERE,  en\nqualit\u00e9 de  Pr\u00e9fet des  Hauts-de-Seine  ;\nl'arr\u00eat\u00e9 interminist\u00e9riel 12 ao\u00fbt 2025  nommant  Monsieur Fabrice MASI, Directeur.\nr\u00e9gionalet interd\u00e9partemental de l'\u00e9conomie, de l'emploi, du travail et des solidarit\u00e9s\ndile-de-France  \u00e0 compter  du 25  ao\u00fbt 2025\nvr\u00eat\u00e9 pr\u00e9fectoral n\u00b02025-33 du 22 ao\u00fbt 2025 par lequel le Pr\u00e9fet des Hauts-de-Seine\nd\u00e9lague sa signature \u00e0 Fabrice MASI, Directeur r\u00e9gional et interd\u00e9partemental de\nl'\u00e9conomie, de l'emploi, du travail et des solidart\u00e9s d'le-de-France ;\n\nVu  la d\u00e9cision  n\u00b0 2025-157  du  25  ao\u00fbt  2025  portant  subd\u00e9l\u00e9gation  de  signature  de  Monsieur\nFabrice  MASI,  Directeur  r\u00e9gional  et interd\u00e9partemental  de  l'\u00e9conomie,  de  l'emploi, du,\ntravail et des  solidant\u00e9s  d'Ile-de-France,  aux  agents  de  l'Unit\u00e9 d\u00e9partementale des  Hauts-\nde-Seine  ;\nVu  l'avis de  la Conf\u00e9d\u00e9ration  G\u00e9n\u00e9rale  des  Soci\u00e9t\u00e9s Coop\u00e9ratives  Ouvri\u00e8res  de  Production  en\ndate  du  24  novembre  2025.\nARR\u00caTE\nArticle  1\"  ; La  soci\u00e9t\u00e9  RADIKO  -  3  rue  Jean  Charles  Persil \u2014  92160  ANTONY,  est habilit\u00e9e \u00e0\nPrendre l'appellation de Soci\u00e9t\u00e9 Coop\u00e9rative Ouvri\u00e8re de Production ou de Soci\u00e9t\u00e9 Coop\u00e9rative\nde  Travalleurs ou  \u00e0 utiliser cette appellation ou  les itiales \u00ab S.C.O.P. \u00bb ainsi qu'\u00e0 pr\u00e9tendre au\nb\u00e9n\u00e9fice  des  dispositions  pr\u00e9vues  par  les textes  l\u00e9gislatifs ou  r\u00e9glementaires  relatifs aux  Soci\u00e9t\u00e9s\nCoop\u00e9ratives  Ouvri\u00e8res  de  Production\nCette m\u00eame  soci\u00e9t\u00e9 pourra pr\u00e9tendre au  b\u00e9n\u00e9fice des  avantages  pr\u00e9vus  aux  articles 53\net 91 du  code  des  march\u00e9s  publics.\n{tie 3;  L'habltaton  accord\u00e9e  en  vertu  du  pr\u00e9sent  arte,  \u00e0  a  soci\u00e9t\u00e9  vis\u00e9e  \u00e0  Farle  1\u00b0, est\nvalable, sous  r\u00e9serve  des  dispostions  des  articles 2 et 4 du  d\u00e9cret  n\u00b0 93-1231  du  10  novembre\n1993  relat  \u00e0 la reconnaissance  de la qualt\u00e9  de  Soci\u00e9t\u00e9 Coop\u00e9rative  Ouvri\u00e8re  de  Production, \u00e0\ncompter  dela  date  dinscription  en  tant que  de  Soci\u00e9t\u00e9  Coop\u00e9rative  Ouvri\u00e8re  de  Production\nregistre du commerce,  et jusqu'\u00e0 radiation prononc\u00e9e  dans  les conditions pr\u00e9vues par les ares\n6  et7  du  m\u00eame  texte\nFait\u00e0 Nanterre, le 02 d\u00e9cembre  2025\nPour  le Pr\u00e9fet\nir d\u00e9l\u00e9gation  et subd\u00e9l\u00e9gation\nLa  Responsable  du  service\nD\u00e9veloppement  de  l'emploi at des\ncomp\u00e9tences\nMariama  CONDE\n\nvu\nvu\nvu\nvu\nvu\nvu\nen  A\nmir  ruse\nPREFECTURE  DES  HAUTS-DE-SEINE\nLE  PREFET  DES  HAUTS-DE-SEINE\nArr\u00f4t\u00e9  N\u00b0  2025-873\nReconnaissant  la qualit\u00e9 de  Soci\u00e9t\u00e9  Coop\u00e9rative\nOuvri\u00e8re  de  Production  (SCOP)\nle d\u00e9cret  n\u00b0 82-389 du 10  mai  1982  relatif aux pouvoirs  des  pr\u00e9fets ;\nla lo n\u00b0 47-1775  du  10  septembre  1947  portant  statut de  la coop\u00e9ration\nla li  n\u00b0  78-763  du  19  jullt  1978  portant  statut  des  Soci\u00e9t\u00e9s  Coop\u00e9ratives  Ouvri\u00e8res  de\nProduction,  et notamment  son  article 54\nla oi n\u00b0 92-643 du 13 jullet 1992 relative \u00e0 la modernisation des  entreprises  coop\u00e9ratives ;\nLe code  des  march\u00e9s  publics, et notamment  esarticles  53 et 91 dudit code ;\nle d\u00e9cret  n\u00b0 87-276  du  16  avril 1987  portant  modification  du  d\u00e9cret  n\u00b0 79-376  du  10  mai\n{978  ant  condone  d'\u00e9tablissement  dela  ist  des  Socks  Coop\u00e9raives  Ouvries\nde  Production  ;\nle d\u00e9cret  n\u00b0 97.34  du  15 janvier  1997  relatif \u00e0  la d\u00e9concentration  des  d\u00e9cisions\nadministratives  individuelles  ;\nle  d\u00e9cret  n\u00b0 93-485  du  23 mars  1993  relatif \u00e0 la sortie du statut coop\u00e9ratif;\nLe d\u00e9cret  n\u00b0 93-1231  du  10  novembre  1993  relai  \u00e0 la reconnaissance  de  la quait\u00e9  de\n'Soci\u00e9t\u00e9  Coop\u00e9rative  Ouvri\u00e8re de Production  ;\nJe d\u00e9cret  du  31 octobre  2024  portant  nomination  de  Monsieur  Alexandre  BRUGERE,  en\nquait\u00e9 de Pr\u00e9fet des Hauts-de-Seine ;\nl'arr\u00eat\u00e9 interminist\u00e9riel 12 ao\u00fbt  2025  nommant  Monsieur  Fabrice  MASI,  Directeur,\nr\u00e9gional et interd\u00e9partemental de l'\u00e9conomie, de l'emploi, du travail et des  solidart\u00e9s\ndile-de-France \u00e0  compter  du  25  ao\u00fbt  2025  ;\nl'ar\u00eat\u00e9  pr\u00e9fectoral  n\u00b02025-33  du  22  ao\u00fbt  2025  par  lequel  le Pr\u00e9fet  des  Hauts-de-Seine\nd\u00e9l\u00e8gue  sa  signature  \u00e0  Fabrice  MASI,  Directeur  r\u00e9gional  et interd\u00e9partemental  de\nl'\u00e9conomie, de  l'emploi du  travail et des  solidarit\u00e9s d'le-de-France\n\n'Vu la d\u00e9cision n\u00b0 2025-157  du  25 ao\u00fbt 2025  portant subd\u00e9l\u00e9gation  de signature de  Monsieur\nFabrice  MASI,  Directeur  r\u00e9gional  et interd\u00e9partemental  de  l'\u00e9conomie,  de  l'emploi, du,\ntravail et des  solidarit\u00e9s d'le-de-France,  aux  agents  de  l'Unit\u00e9 d\u00e9partementale  des  Hauts-\nde-Seine\nVu  | l'avis de  la Conf\u00e9d\u00e9ration  G\u00e9n\u00e9rale  des  Soci\u00e9t\u00e9s  Coop\u00e9ratives  Ouvritres  de  Production  en\n'date du  26  novembre  2025.\nARR\u00caTE\nI\": La  soci\u00e9t\u00e9  CHAPEAU  ROUGE  STUDIO  ~  4  Rue  Marie  Laure  \u2014  92270  BOIS-\nCOLOMBES,  est habit\u00e9e  \u00e0 prendre  l'appellation de  Soci\u00e9t\u00e9 Coop\u00e9rative  Ouvri\u00e8re de  Production\nou de  Soci\u00e9t\u00e9  Coop\u00e9rative  de Travailleurs ou \u00e0 utliser cette appellation ou les initales \u00ab S.C.O.P.  \u00bb\nainsi qu'\u00e0  pr\u00e9tendre  au  b\u00e9n\u00e9fice  des  dispositions  pr\u00e9vues  par  les textes  l\u00e9gislatifs ou\nr\u00e9glementaires relatifs aux Soci\u00e9t\u00e9s Coop\u00e9ratives Ouvr\u00e8res de Production.\nCette  m\u00eame  soci\u00e9t\u00e9  pourra  pr\u00e9tendre  au  b\u00e9n\u00e9fice  des  avantages  pr\u00e9vus  aux  articles 53\net 91 du  code  des  march\u00e9s  publics.\nArticle 3;  L'hablitation  accord\u00e9e  en  vertu du  pr\u00e9sent  ar\u00e8t\u00e9,  \u00e0 la soci\u00e9t\u00e9  vis\u00e9e  \u00e0 l'article 1%, est\nvalable, sous  r\u00e9serve  des  dispositions des  articles 2 et 4 du d\u00e9cret n\u00b0 93-1231  du 10 novembre\n1983  relatif la reconnaissance  de  la qualit\u00e9 de  Soci\u00e9t\u00e9  Coop\u00e9rative  Ouvri\u00e8re  de  Production,  \u00e0\ncompter  de  la date d'inscription en  tant que  de  Soci\u00e9t\u00e9 Coop\u00e9rative  Ouvri\u00e8re  de Production  au\nregistre du  commerce,  et jusqu'\u00e0 radiation prononc\u00e9e  dans  les conditions pr\u00e9vues  par les articles\net  7 du  m\u00eame  texte\nFait \u00e0  Nanterre,  le 02  d\u00e9cembre  2025\nPour  le Pr\u00e9fot\nPar  d\u00e9l\u00e9gation  ot subd\u00e9l\u00e9gation\nLa  Responsable  du  service\nD\u00e9veloppement de l'emploi et des.\ncomp\u00e9tences\n\nEx  Direction r\u00e9gionale et interd\u00e9partementale\nMINIST\u00c8RE de l'\u00e9conomie, de l'emploi,\nDU  TRAVAIL,  DE  LA SANT\u00c9,  du travail et des solidarit\u00e9s\nDES  SOLIDARIT\u00c9S\nET  DES  FAMILLES\nLe\nR\u00e9c\u00e9piss\u00e9  n\u00b02028-674  de  d\u00e9claration  d'activit\u00e9s de  services  \u00e0 la personne\nenregistr\u00e9e  sous  le n\u00b0 SAP994242113  au nom  de  la micro-entreprise ALIOUI\nHAKIM  sise  9 Rue  des  Champarons \u00e0  COLOMBES  (92700)\nLE  PREFET  DES  HAUTS-DE-SEINE\nVu  la loi n\u00b0 2010-853  du 23 jullet 2010  relative aux  r\u00e9seaux  consulaires, au  commerce et \u00e0\nl'atisanat  et  aux  services  (article 31)  ;\n'Vu la loi n\u00b02015-1778  du  28  d\u00e9cembre  2015  relate  \u00e0 l'adaptation de la soci\u00e9t\u00e9 au\nvellissement\nVu  l'article 07231-1  du  Code  du  traval\nVu  les d\u00e9crets n\u00b0 2011-1132  et n\u00b0 2011-1133  du 20 septembre  2011 modifiant certaines\ndispositions du Code  du  travail, relatives au  ch\u00e8que  emploi-service universel et aux\n'services \u00e0 la personne\nVu  le d\u00e9cret n\u00b02016-750  du 6 jun 2016  relatif \u00e0 la liste des  activit\u00e9s de services \u00e0 la personne\nsoumises  & agr\u00e9ment ou \u00e0 autorisation dans le cadre du r\u00e9gime  commun  dela d\u00e9claration ;\nVu  le d\u00e9cret du 31 octobre 2024  portant nomination de  Monsieur  Alexandre  BRUGERE,  en\nqualt\u00e9 de Pr\u00e9fet des  Hauts-de-Seine  ;\nVu  Tatr\u00e9te interminist\u00e9riel du 12 ao\u00fbt 2025 nommant  Monsieur Fabrice MASI, Directeur\nr\u00e9gionalet interd\u00e9partementalde \u00e9conomie, de l'emploi. du travailet des solidarit\u00e9s dle\nde-France  \u00e0 compter  du  25  ao\u00fbt  2025  ;\nVu  l'ar\u00eat\u00e9 pr\u00e9fectoral n\u00b02026-33  du  22  ao\u00fbt 2025  par lequel le Pr\u00e9fet des  Hauts-de-Seine\nd\u00e9l\u00e8gue  sa signature \u00e0 Monsieur  Fabrice MASI, Directeur r\u00e9gional et interd\u00e9partemental\nde F\u00e9conomie, de l'emploi du travailet des solidantes d'\u00cele-de-France\nVu  la d\u00e9cision n\u00b0 2025-187  du  25  ao\u00fbt 2025  portant subd\u00e9l\u00e9gation de  signature de  Monsieur\nFabrice MASI,  Directeur r\u00e9gional et interd\u00e9partemental de l'\u00e9conomie, de  l'emploi, du\ntravail et des  soldart\u00e9s  d'\u00cele-de-France, aux agents de l'Unit\u00e9 d\u00e9partementale  des  Hauts-\nde-Seine  ;\nVu  la d\u00e9claration activites de services \u00e0 la personne d\u00e9pos\u00e9es  le 25 novembre  2025 au nom\nde la micro-entreprise ALIOUI  HAKIM  sise 9 Rue  des  Champarons  \u00e0 COLOMBES:\n(82700):\n\n'Apr\u00e8s examen  du  dossier, cette demande  \u00e9tant conforme  aux dispositions de article L. 7232-1-\n1 du code  du traval, le pr\u00e9sent  r\u00e9c\u00e9piss\u00e9  de d\u00e9ciaration d'activit\u00e9s de services la  personne  a\n\u00e9t\u00e9  enregistr\u00e9  au nom  de la micro-entreprise  ALIOUI  HAKIM  sous le num\u00e9ro  SAP  994242113,\nLes  activit\u00e9s d\u00e9clar\u00e9es  sont  les suivantes,  \u00e0 l'exclusion de  toute autre\nEntretien  de  la  maison  et  travaux  m\u00e9nagers  ;\nPrestations  relevant du  b\u00e9n\u00e9fice  de  la r\u00e9duction  d'imp\u00f4t  pr\u00e9vue  \u00e0 l'aricie 198  sexdecies  du  Code\nG\u00e9n\u00e9ral  des  Imp\u00f4ts.\nLa  structure  exerce  ces  activit\u00e9s  selon  le mode  suivant :  PRESTATAIRE\nSous  r\u00e9serve  d'\u00eatre exerc\u00e9es  \u00e0 ttre exclusif parle  d\u00e9clarant  (ou sous r\u00e9serve  d'une  comptabilt\u00e9\ns\u00e9par\u00e9e pour  les personnes  morales  dispens\u00e9es de la concition d activit\u00e9 exclusive). ces  activit\u00e9s\nouvrent  drot  au  b\u00e9n\u00e9fice  des  dispositions des  articles L. 7233-2  du  code  du  travail et L. 241-10\ndu  code  de la s\u00e9curit\u00e9  social.\nConform\u00e9ment  aux  dispositions  de  l'article R7232-19  du  code  du  travail, l'organisme  d\u00e9clar\u00e9  doit\nproduire au moins chaque  trimestre un \u00e9tat d'activit\u00e9 et chaque ann\u00e9e  un bilan quantitate\nqualtatf de activit\u00e9  exerc\u00e9e  au  titre de  l'ann\u00e9e  \u00e9coul\u00e9e  ainsi qu'un  tableau  statistique annuel.\nSi organisme  d\u00e9clar\u00e9  comporte  plusieurs  \u00e9tablissements,  les \u00e9tats statistiques etl  bilan annuel\ndistinguent  l'activit\u00e9 exerc\u00e9e  par  chaque  \u00e9tablissement\nLe  pr\u00e9sent  r\u00e9c\u00e9piss\u00e9  prend  effet lo 25  novembre  2025.\nL'enrogistrement de la d\u00e9claration  pourra \u00eatre retir\u00e9 si l'organisme  d\u00e9clar\u00e9 cesse  de remplir\nles conditions  ou  de  respecter  les obligations  mentionn\u00e9es  aux  4\u00b0,5\u00b0 et 6\u00b0 de  l'article\nR7232-17  ou  qui  m\u00e9connait  les obligations  d\u00e9finies  \u00e0 'articie R7232-19  du  code  du  travail.\n'Toute  modification concernant la structure d\u00e9clar\u00e9e ou les activit\u00e9s exerc\u00e9es devra, sous\npoine  de  retrait de  la d\u00e9claration, faire objet  d'une  d\u00e9ciaration  modificatve  aupr\u00e8s  de  l'Unit\u00e9\nd\u00e9partementale  des  Hauts-de-Seine\nLe  pr\u00e9sent  r\u00e9c\u00e9piss\u00e9 sera publi\u00e9 au recuel des  actes administratifsde la pr\u00e9fecture des  Hauts-\nde-Seine.\nFait \u00e0  Nanterre,  le 03  d\u00e9cembre  2025.\nPour  le Pr\u00e9fet\nPar d\u00e9l\u00e9gation  ot subd\u00e9l\u00e9gation\nLa  Responsable  du  service\nD\u00e9veloppement  de  l'emploi  et des\ncomp\u00e9tences\nVa As\nMariama  CONDE\n\nEs  Direction r\u00e9gionale et interd\u00e9partementale\nMINIST\u00c8RE de l'\u00e9conomie, de l'emploi,\nDU  TRAVAIL, DE LA SANT\u00c9, du travail et des solidarit\u00e9s\nDES  SOLIDARIT\u00c9S\nET  DES  FAMILLES\nies\nR\u00e9c\u00e9piss6  n\u00b02025-875  de  d\u00e9claration d'activit\u00e9s de  services  \u00e0 la personne\nenregistr\u00e9e sous le n\u00b0 SAP994495620  au nom  de la micro-entreprise MOLONGO\nBITA  ROSE  sise 60 Avenue de la R\u00e9publique \u00e0  NANTERRE  (92000)\nLE  PREFET  DES  HAUTS-DE-SEINE\nVu  la loi n\u00b0 2010-853  du 23  jullet 2010  relative aux  r\u00e9seaux  consulaire\nFartisanat et aux  services (article 31);\nVu  la loi n*2018-1778  du  28  d\u00e9cembre  2015  relative \u00e0 l'adaptation de la soci\u00e9t\u00e9 au\nviilissement\nau  commerce et \u00e0\nVu  l'aticie 07231-1  du Code du travail;\nVu  les d\u00e9crots n\u00b0 2011-1132  et n\u00b0 2011-1133  du  20 septembre  2011 modifiant certaines\ndispositions du Code  du  travail, relatives au  ch\u00e8que  emploi-service universel et aux\n'services \u00e0 la personne\nVu  le d\u00e9eretn*2016-750 du 6 juin 2016 relatif \u00e0 la liste des actvit\u00e9s de services \u00e0 a  personne\nsoumises \u00e0 agr\u00e9ment ou \u00e0 autorisation dans le cadre du r\u00e9gime commun  de a  d\u00e9claration\nVu  le d\u00e9cret du 31 octobre 2024  portant nomination de Monsieur Alexandre BRUGERE,  en\nqualit\u00e9 de Pr\u00e9fet des  Hauts-de-Seine  ;\nVu  l'ar\u00e9t\u00e9 interminist\u00e9riel du  12 ao\u00fbt 2025  nommant  Monsieur  Fabrice MASI,  Directeur\nr\u00e9gional et interd\u00e9partemental de l'\u00e9conomie, de l'emploi, du travail et des sobdarites d'le-\nde-France  \u00e0 compter  du  25  ao\u00fbt  2025  ;\nVu  l'arr\u00eat\u00e9 pr\u00e9fectoral n\u00b02028-33 du 22 ao\u00fbt 2025  par lequel le Pr\u00e9fet des Hauts-de-Seine\nd\u00e9l\u00e8gue  sa signature \u00e0 Monsieur  Fabrice MASI,  Directeur r\u00e9gional et interd\u00e9partemental\nde l'\u00e9conomie, de l'emploi du travailet des solidarit\u00e9s d'\u00cele-de-France ;\nVu  la d\u00e9cision n\u00b0 2025-187 du 25 ao\u00fbt 2025 portant subd\u00e9l\u00e9gation de signature de Monsieur\nFabrice MASI, Directeur r\u00e9gional et interd\u00e9partemental de l'\u00e9conomie, de l'emploi, du\ntravail et des  solidarit\u00e9s d'\u00cele-de-France, aux  agents  de Unit\u00e9 d\u00e9partementale  des Hauts-\nde-Seir\nVu  la d\u00e9claration d activites de services \u00e0 la personne  d\u00e9pos\u00e9es  le 02 d\u00e9cembre  2025  au nom\nde  la micro-entreprise MOLONGO  BITA  ROSE  sise 50 Avenue  de  la R\u00e9publique  \u00e0\nNANTERRE  (92000) ;\n\nApr\u00e8s  examen  du dossier, cette demande  \u00e9tant conforme  aux dispositions de l'article L. 7232-1-\n1 du  code  du travail, le pr\u00e9sent  r\u00e9c\u00e9piss\u00e9  de  d\u00e9claration  d'activit\u00e9s de  services  \u00e0 la personne  a\n\u00e9t\u00e9  enregistr\u00e9  au  nom  de la micro-entreprise  MOLONGO  BITA  ROSE  sous le num\u00e9ro  SAP\n994495620,\nLes  activit\u00e9s  d\u00e9clar\u00e9es  sont  les  suivantes,  \u00e0  l'exclusion  de  toute  autre\nEntretien  de  Ia maison  et  travaux  m\u00e9nagers\n= Garde  d'enfantsde  plus  de  trois  ans  \u00e0 domicil\n= Accompagnement  des  enfants  de  plus  de  trois ans  dans  leurs  d\u00e9placements  en\ndehors  de  leur domicile  (promenades,  transports,  actes  de la vie courante)  ;\nPrestations  relevant  du  b\u00e9n\u00e9fice  de  la r\u00e9duction  d'imp\u00f4t  pr\u00e9vue  \u00e0 l'aricie 199  sexdecies  du  Code\nG\u00e9n\u00e9ral  des  impots.\nLa  structure  exerce  ces  activit\u00e9s  selon  le mode  suivant  : PRESTATAIRE\nSous  r\u00e9serve  d'\u00e9tre exerc\u00e9es  \u00e0 ttre exclusf  parle  d\u00e9ciarant  (ou  sous  r\u00e9serve  d'une  comptabilt\u00e9\ns\u00e9par\u00e9e pour les personnes morales dispens\u00e9es de la condition d'activit\u00e9 exclusive) ces activit\u00e9s\n'ouvrent droit au  b\u00e9n\u00e9fice  des  dispositions  des  aricles  L. 7233-2  du  code  du  travail et L. 241-10\ndu  code  de  la s\u00e9curit\u00e9 sociale\nConform\u00e9ment  aux  dispositions de  l'article R7232-19 du  code  du  travail, organisme  d\u00e9clar\u00e9  dot\nproduire au moins  chaque  trimestre un \u00e9tat d'activit\u00e9 et chaque  ann\u00e9e  un bilan quanttatf et\nqualtatf de l'activit\u00e9 exerc\u00e9e au tire de l'ann\u00e9e \u00e9coul\u00e9e ainsi qu'un tableau statistique annuel.\nSi l'organisme  d\u00e9clar\u00e9  comporte  plusieurs  \u00e9tablissements,  les \u00e9tats statistiques et le bilan annuel\ndistinguent  activit\u00e9 exerc\u00e9e  par  chaque  \u00e9tablissement\nLe  pr\u00e9sent  r\u00e9c\u00e9piss\u00e9  prend  offet le 02 d\u00e9cembre  2028.\nL'enregistrement  de  la d\u00e9claration  pourra  \u00eatre retir\u00e9 si l'organisme  d\u00e9clar\u00e9 cesse de  remplir\nles conditions  ou  de  respecter  les obligations  mentionn\u00e9es  aux  4\u00b0,5\u00b0 et 6\u00b0 de  l'article\n7232.17  ou  qui  m\u00e9connalt  les obligations  d\u00e9finies  \u00e0 l'article R7232-19  du  code  du  travail,\n7 ctr t es devra, sous\npeine de retrait de la d\u00e9claration,faire l'objet dune d\u00e9ciaration modincative aupr\u00e8s  de  Unit\u00e9\nd\u00e9partementale  des  Hauts-de-Seine.\nLe  pr\u00e9sent  r\u00e9c\u00e9piss\u00e9  sera  publi\u00e9 au  recueil des  actes  administratifs de  |\nde-Seine,\nFait \u00e0  Nanterre,  le 03  d\u00e9cembre  2025.\nPour  le Pr\u00e9fet\nar d\u00e9l\u00e9gation  ot subd\u00e9l\u00e9gation\nLa  Responsable  du  service\nD\u00e9veloppement  de  l'emploi  et des\ncomp\u00e9tences\nlai\nMariama  COND\u00c9\n\nEu  Direction  r\u00e9gionale et  interd\u00e9partementale\nMINIST\u00c8RE  de l'\u00e9conomie, de l'emploi,\nDU  TRAVAIL,  DE  LA  SANT\u00c9,  du travail et des solidarit\u00e9s\nDES  SOLIDARIT\u00c9S\nET  DES  FAMILLES\nA\nR\u00e9c\u00e9piss\u00e9  n\u00b02025-877  de  d\u00e9claration  d'activit\u00e9s  de  services  \u00e0 la personne\nenregistr\u00e9e  sous  le n\u00b0  SAP994386043  au  nom  de  la micro-entreprise  LAHIHI  SAMY\ne  51  Rue  Roque  de  Fillol \u00e0  PUTEAUX  (92800)\nLE  PREFET  DES  HAUTS-DE-SEINE\nVu  la loi n\u00b0  2010-853 du  23  juillet 2010  relative  aux  r\u00e9seaux  consulaires,  au  commerce  et \u00e0\nartisanat et aux  services (article 31);\nVu  la loi n\u00b020151776  du  28  d\u00e9cembre  2015  relative  \u00e0  l'adaptation  de  la soci\u00e9t\u00e9  au\nvellissement ;\nVu  l'aricle D7231-1  du  Code  du  travai\nVu  les  d\u00e9crets  n\u00b0  2011-1132  et n\u00b0  2011-1133  du  20  septembre  2011  modifiant  certaines\ndispostions du  Code  du  travail, relatives  au  ch\u00e8que  emploi-service  universel  et  aux\n'services \u00e0 la personne\nVu  le  d\u00e9cret  n\u00b02016:750 du  6 juin  2016  relatif ala  liste des  activit\u00e9s  de  services  \u00e0 la personne\nsoumises \u00e0  agr\u00e9ment  ou  \u00e0  autorisation  dans  le cadre  du  r\u00e9gime  commun de la d\u00e9claration\nVu  le d\u00e9cret  du  31 octobre  2024  portant  nomination  de  Monsieur  Alexandre  BRUGERE,  en\nqualit\u00e9 de Pr\u00e9fet des Hauts-de-Saine\nVu  l'arr\u00eat\u00e9 interminist\u00e9riel du  12 ao\u00fbt  2025  nommant  Monsieur  Fabrice  MASI,  Directeur\nr\u00e9gional et interd\u00e9partemental de l'\u00e9conomie, de l'emploi du travail et des solidarit\u00e9s d'le-\nde-France  \u00e0  compter  du  25  ao\u00fbt  2025 ;\nr\u00eat\u00e9  pr\u00e9fectoral n\u00b02025-33  du  22  ao\u00fbt  2025  par  lequel le Pr\u00e9fet des  Hauts-de-Seine\nd\u00e9l\u00e8gue  sa  signature  \u00e0  Monsieur  Fabrice  MASI,  Directeur  r\u00e9gional  et  interd\u00e9partemental\nde  l'\u00e9conomie, de l'emploi du travail et des  solidarit\u00e9s d'\u00cele-de-France ;\nVu  la d\u00e9cision  n\u00b0  2025-157  du  25  ao\u00fbt  2025  portant  subd\u00e9l\u00e9gation  de  signature  de  Monsieur\nFabrice  MASI,  Directeur  r\u00e9gional  et interd\u00e9partemental  de  l'\u00e9conomie,  de  l'emplo,  du\n{travail et des  solidarit\u00e9s  d'le-de-France,  aux  agents  de  l'Unit\u00e9  d\u00e9partementale  des  Hauts-\nde-Seine\nVu  la d\u00e9claration  d'activit\u00e9s de  services  \u00e0  la personne  d\u00e9pos\u00e9es  le 26  novembre  2025  aunom\nde  la micro-entreprise  LAHIHI  SAMY  sise 51 Rue  Roque  de  Fillol \u00e0  PUTEAUX  (82800)  ;\n\nApr\u00e8s  examen  du  dossier, cette demande  \u00e9tant conforme  aux dispositions de  l'article L. 7232-1\n1 du code du travail, le pr\u00e9sent r\u00e9c\u00e9piss\u00e9 de d\u00e9claration d activit\u00e9s de services \u00e0 la personne  a\n\u00e9t\u00e9 enregistr\u00e9 au nom  de  la micro-entreprise LAHIHI  SAMY  sous  le num\u00e9ro  SAP  994386043,\nLes  activit\u00e9s d\u00e9clar\u00e9es  sont les suivantes, \u00e0 l'exclusion de  toute  autre\n= Soutien  scolaire  ou  cours  \u00e0  domici\nPrestations relevant du b\u00e9n\u00e9fice dela  r\u00e9duction d'imp\u00f4t pr\u00e9vue  \u00e0 article 199 sexdecies  du Code\nG\u00e9n\u00e9ral  des  imps.\nLa  structure  exerce  ces  activit\u00e9s  selon  le mode  suivant  :  PRESTATAIRE\nSous  r\u00e9serve d'\u00eatre exerc\u00e9es  \u00e0 tire exclus  par le d\u00e9clarant (ou sous  r\u00e9serve d'une comptabiit\u00e9\ns\u00e9par\u00e9e  pour  les personnes  morales  dispens\u00e9es  de  la condition  d'actvi\u00e9  exclusive), ces  activit\u00e9s\nouvrent drot au b\u00e9n\u00e9fice des  dispositions des articles L. 7233-2  du  code  du travail et L. 241-10\ndu  code  de  la s\u00e9curit\u00e9 sociale.\nConform\u00e9ment  aux  dispositions de  l'article R7232-19  du  code  du  travail, l'organisme d\u00e9clar\u00e9 dott\nproduire au moins chaque  trimestre un \u00e9tat d'activit\u00e9 et chaque  ann\u00e9e  un bilan quantitatif et\nqualtatf de l'activit\u00e9 exerc\u00e9e au tite de l'ann\u00e9e \u00e9coul\u00e9e ainsi qu'un tableau statistique annuel.\nSi organisme  d\u00e9clar\u00e9  comporte  plusieurs  \u00e9tablissements,  les \u00e9tats statstiques  ete  bin  annuel\ndistinguent  l'activit\u00e9 exerc\u00e9e  par  chaque  \u00e9tablissement\nLo  pr\u00e9sent  r\u00e9c\u00e9piss\u00e9  prend offet le 26 novembre  2025.\nL'enregistrement de la d\u00e9claration pourra tre  retir\u00e9 si l'organisme  d\u00e9clar\u00e9 cesse  de remplir\nles conditions  ou  de  respecter  les obligations mentionn\u00e9es  aux  4\u00b0,5\u00b0 et 6\u00b0 de  l'article\nR7232-17  ou  qui m\u00e9connait  les obligations d\u00e9finies a l'articie R7232-19  du  code  du  travail.\npeine  de  retrat de  la d\u00e9claration, faire Fobjet dune  d\u00e9claration  modificative  aupr\u00e9s  de  [Unit\u00e9\n'd\u00e9partementale  des  Hauts-de-Seine\nLe pr\u00e9sent r\u00e9c\u00e9piss\u00e9 sera publi\u00e9 au recueil des actes administratifsde Ia pr\u00e9fecture des Hauts-\nde-Seine.\nFait Nanterre,  le 08  d\u00e9cembre  2026,\nPour  le Pr\u00e9fet\nPar d\u00e9l\u00e9gation  ot subd\u00e9l\u00e9gation\nLa  Responsable  du  service\nD\u00e9veloppement  de l'emplo et des\ncomp\u00e9tences\nf f\n[\nMariarha CONDE\n\nEu  Direction  r\u00e9gionale et interd\u00e9partementale\nMINISTERE de l'\u00e9conomie, de l'emploi,\nDU  TRAVAIL,  DE  LA  SANT\u00c9,  du travailet des solidarit\u00e9s\nDES  SOLIDARIT\u00c9S\nET  DES  FAMILLES\nEM\nR\u00e9c\u00e9piss\u00e9  n\u00b02025-678  de  d\u00e9claration  d'activit\u00e9s  de  services  \u00e0 la personne\nenregistr\u00e9e  sous  le n\u00b0  SAP994383107  au  nom  de  la micro-entreprise  RASMUSSEN\nVICTORIA  sise 48  Rue  de  Sablonville \u00e0 NEUILLY-SUR-SEINE  (92200)\nLE  PREFET  DES  HAUTS-DE-SEINE\nVu  la loi n\u00b0 2010-853  du  23  jullet 2010  relative aux  r\u00e9seaux  consulaires, au commerce  et \u00e0\nrisanat  et aux  services  (article 31)\nVu  la loi n\u00b02015-1778  du  28  d\u00e9cembre  2015  relative \u00e0  l'adaptation de  la soci\u00e9t\u00e9  au\nvillissement\nVu  l'aricle  07231-1  du  Code du  travail\nVu  les d\u00e9crets  n\u00b0 2011-1132  et n\u00b0 2011-1133  du  20  septembre  2011  modifiant  cortaines\ndispostions  du  Code  du  travail, relatives au  ch\u00e8que  emploi-service  universel et aux\n'services  \u00e0 la personne  ;\nVu  le d\u00e9cret  n*2016-750  du  6 jun  2016  relat  \u00e0 la liste des activit\u00e9s de  services  \u00e0 la personne\nsoumises \u00e0 agr\u00e9ment  ou.  autorisation dans le cadre  du  r\u00e9gime  commun de a  d\u00e9claration\nVu  le d\u00e9cret  du  31 octobre  2024  portant  nomination  de  Monsieur  Alexandre  BRUGERE,  en\nquait\u00e9 de  Pr\u00e9fet des  Hauts-de-Seine  ;\nVu  Farr\u00e9te  interminist\u00e9riel  du  12  ao\u00fbt  2025  nommant  Monsieur  Fabrice  MASI,  Directeur\nr\u00e9gional  et  interd\u00e9partemental  de l'\u00e9conomie,  de l'emploi, dutraval  et des  solidarit\u00e9s  d'le-\n'de-France \u00e0 compter  du 25 ao\u00fbt  2025 ;\nVu  l'ar\u00e8t\u00e9  pr\u00e9fectoral  n'2025-33  du  22  ao\u00fbt  2025  par  lequel  le Pr\u00e9fet  des  Hauts-de-Seine\nd\u00e9l\u00e8gue  sa  signature  \u00e0  Monsieur  Fabrice  MASI,  Directeur  r\u00e9gional et interd\u00e9partemental\nde  l'\u00e9conami,  de  l'emploi  du  travail et des  solidarit\u00e9s d'\u00cele-de-France  ;\nVu  la d\u00e9cision  n\u00b0  2025-157  du  25  ao\u00fbt  2025  portant  subd\u00e9l\u00e9gation  de  signature  de  Monsieur\nFabrice  MASI,  Directeur  r\u00e9gional  et  interd\u00e9partemental  de  l'\u00e9conomie,  de  l'emploi, du\ntravail et des  soldari\u00e9s  dle-de-France,  aux agents  de  l'Unit\u00e9 d\u00e9partementale  des  Hauts-\nde-Seine\nVu  la d\u00e9claration  activit\u00e9s  de  services  \u00e0  la  personne  d\u00e9pos\u00e9es  le 28  novembre  2025  au  nom\nde  la micro-entreprise  RASMUSSEN  VICTORIA  sise  48  Rue  de  Sablorville \u00e0  NEUILLY-\nSUR-SEINE  (92200  ;\n\nApr\u00e8s examen  du dossier, cette demande  \u00e9tant conforme aux dispositions de l'article L. 7232-1-\n1 du code du travail, le pr\u00e9sent r\u00e9c\u00e9piss\u00e9 de d\u00e9claration d'activit\u00e9s de services \u00e0 la personne  \u00e0\n\u00e9t\u00e9 enregistr\u00e9 au nom  de la micro-entreprise RASMUSSEN  VICTORIA  sous le num\u00e9ro  SAP\n994383107,\nLes  activit\u00e9s d\u00e9ciar\u00e9es sont es suivantes, \u00e0 l'exclusionde toute autre |\n'Soutien  scolaire  ou  cours  \u00e0  domicile;\nGarde  d'enfants  de plus de trois ans  \u00e0 domicile;\n'Accompagnement  des  enfants de plus de trois ans  dans  leurs d\u00e9placements  en\n'dehors de leur domicile (promenades,  transports, actes de la vie courante) ;\nPrestations relevant du b\u00e9n\u00e9fice dela r\u00e9duction d'imp\u00f4t pr\u00e9vue \u00e0 l'aricie 199 sexdecies du Code\nGeneral  des  Imp\u00f4ts.\nLa structure exerce ces activit\u00e9s solon le mode  suivant : PRESTATAIRE\nSous r\u00e9serve d'\u00eatre exerc\u00e9es \u00e0 tire exclus par le d\u00e9clarant (ou sous r\u00e9serve d'une comptabilit\u00e9\ns\u00e9par\u00e9e pour les personnes morales dispens\u00e9es de la condition d'actvi\u00e9 exclusive), ces activit\u00e9s\n'ouvrent droit au b\u00e9n\u00e9fice des dispositionsdes articles L. 72332  du code du travail et L. 241-10\n'du code  de  la s\u00e9curit\u00e9 sociale.\n{Conform\u00e9ment aux dispositions de Faricle R7232-19  du code du travail, organisme d\u00e9clar\u00e9 doit\nproduire au moins chaque trimestre un \u00e9tat d'activit\u00e9 et chaque ann\u00e9e un bilan quanttatif et\n'Qualtatfde l'activit\u00e9 exerc\u00e9e au tire de l'ann\u00e9e \u00e9coul\u00e9e ainsi qu'un tableau statistique annuel.\nSi rorganisme d\u00e9clar\u00e9 comporte plusieurs \u00e9tablissements, les \u00e9tats statistiques ete  bilan annuel\ndistinguent l'activit\u00e9 exerc\u00e9e  par chaque  \u00e9tablissement.\nLe  pr\u00e9sent  r\u00e9c\u00e9piss\u00e9  prend  effet lo 28 novembre  2028.\nL'enrogistrement de la d\u00e9claration pourra \u00eatre retir\u00e9 si l'organisme d\u00e9clar\u00e9 cesse de remplir\nles conditions ou de respecter les obligations mentionn\u00e9es  aux  4\u00b0,5\u00b0 et 6\u00b0 de l'articio\n7232.17  ou qui m\u00e9connalt  les obligations d\u00e9finies \u00e0 l'article R7232-19  du code  du travail.\n'd\u00e9partementale  des  Hauts-de-Seine.\nLe pr\u00e9sent r\u00e9c\u00e9piss\u00e9 sera publi\u00e9 au recueil des actes administratifs de la pr\u00e9fecture des Hauts-\nde-Seine.\nFait  \u00e0 Nanterre, le 08 d\u00e9cembre 2025.\nPour  le Pr\u00e9fet\nPar  d\u00e9l\u00e9gation  ot subd\u00e9l\u00e9gation\nLa  Responsable  du  service\nD\u00e9veloppement  de  l'emploi et des\ncomp\u00e9tences\nnai CONDE\n\nEx  Direction r\u00e9gionale  et interd\u00e9partementale\nMINIST\u00c8RE fe l'\u00e9conomie, de l'emploi,\nDU  TRAVAIL, DE LA SANT\u00c9, du travail et des solidarit\u00e9s\nDES  SOLIDARIT\u00c9S\nET  DES  FAMILLES\nA\nR\u00e9c\u00e9piss6  n\u00b02025-679  de  d\u00e9claration  d'activit\u00e9s  de  services  \u00e0 la personne\nenregistr\u00e9e  sous  le n\u00b0 SAP943374694  au  nom  de  la micro-entreprise  Julia MASIVI\n'sise 418  Rue  Gabriel  Peri \u00e0 COLOMBES  (92700)\nLE  PREFET  DES  HAUTS-DE-SEINE\nVu  la loi n\u00b0 2010-883  du 23 jullet 2010  relatve aux  r\u00e9seaux  consulaires, au commerce  et \u00e0\nl'artisanat et aux  services  (article 31) ;\nVu  la loi n\u00b02015-1776  du  28  d\u00e9cembre  2015  relative \u00e0 Fadaptation de  la soci\u00e9t\u00e9 au\nviellissement ;\n'Vu l'article 07231-1  du  Code  du  traval;\nVu  les d\u00e9crets n\u00b0 2011-1132  et n\u00b0 2011-1133  du  20 septembre  2011  modifiant certaines\ndispositions du Code  du  traval, relatives au  ch\u00e8que  emploi-service universel et aux\nservices  \u00e0 a  personne ;\nVu  le d\u00e9cret n\u00b02016.750  du 6 juin 2016  relat \u00e0 a  liste des  activit\u00e9s de  services \u00e0 la personne\n'soumises  \u00e0 agr\u00e9ment ou \u00e0 autorisation dans le cadre du r\u00e9gime  commun  de ia d\u00e9claration\nVu  le d\u00e9cret du 31 octobre 2024  portant nomination de Monsieur  Alexandre  BRUGERE,  en\nqualit\u00e9 de Pr\u00e9fet des Hauts-de-Seine\nVu  l'ar\u00eat\u00e9 interminist\u00e9riel du 12 ao\u00fbt 2025  nommant  Monsieur  Fabrice MASI,  Directeur\nr\u00e9gional et interd\u00e9partemental de l'\u00e9conomie,  de l'emploi, du  travailet des  solidant\u00e9s  dlle-\nde-France \u00e0 compter  du  25  ao\u00fbt  2025  ;\nVu  l'ar\u00eat\u00e9 pr\u00e9fectoral n'2025-33  du  22 ao\u00fbt 2025  par lequel le Pr\u00e9fet des  Hauts-de-Seine\nd\u00e9l\u00e9gue  sa signature \u00e0 Monsieur  Fabrice MASI,  Directeur r\u00e9gional et interd\u00e9partemental\nde l'\u00e9conomie, de l'emploi du travailet des solidarit\u00e9s d'\u00cele-de-France ;\nVu  la d\u00e9cision n\u00b0 2025-157  du  25 ao\u00fbt 2025  portant subd\u00e9l\u00e9gation de  signature de Monsieur\nFabrice  MASI,  Directeur  r\u00e9gional  et interd\u00e9partemental  de  l'\u00e9conomie,  de  l'emploi, du\ntravail et des  solidartes  d'le-de-France,  aux  agents  de  l'Unit\u00e9 d\u00e9partementale  des  Hauts-\nde-Seine  ;\nVu  la d\u00e9claration activit\u00e9s de services \u00e0 la personne  d\u00e9pos\u00e9es  le 28 novembre  2025  au nom\nde  la micro-entreprise  Julia MASIVI  sise 418  Rue  Gabriel  Peri \u00e0  COLOMBES  (92700)  ;\n\n'Apr\u00e8s  examen  du  dossier, cette demande  \u00e9tant conforme  aux dispostions de l'article L. 7232-1-\n1 du code du travail, le pr\u00e9sent  r\u00e9c\u00e9piss\u00e9  de d\u00e9claration d'activit\u00e9s de services \u00e0 la personne a\n\u00e9t\u00e9 enregistr\u00e9  au  nom  de  la micro-entreprise  Julia MASIVI  sous  le num\u00e9ro  SAP  943374694,\nLes  activit\u00e9s d\u00e9ciar\u00e9es  sont  les suivantes, a l'exclusion de toute  autre\n= Entrotien  de  la  maison  et  travaux  m\u00e9nagers  ;\n= Garde  d'enfants  de  plus  de  trois ans  \u00e0  domicile  ;\n+ Pr\u00e9paration  de  repas  \u00e0  domicile,  y  compris  le  temps  pass\u00e9  aux  courses\nPrestations relevant du b\u00e9n\u00e9fice de la r\u00e9duction d'imp\u00f4t pr\u00e9vue \u00e0'aricle  199 sexdecies du Code\nG\u00e9n\u00e9ral  des  Imp\u00f4ts.\nLa structure exerce  ces  activit\u00e9s selon  le mode  suivant  :PRESTATAIRE\nSous  r\u00e9serve  d'tre  exerc\u00e9es  \u00e0 tre  exclus  par  le d\u00e9clarant  (ou  sous  r\u00e9serve  d'une  comptabilit\u00e9\ns\u00e9par\u00e9e  pour  les personnes  morales  dispens\u00e9es  de  la condition  d activit\u00e9 exclusive), ces  activit\u00e9s\n'ouvrent droit au  b\u00e9n\u00e9fice  des  dispositions  des  articles L. 7233-2  du  code  du  travail et L. 241-10\ndu  code  de  la s\u00e9curit\u00e9  sociale\nConform\u00e9ment  aux  dispositions de  article R7232-19  du  code  du  traval, l'organisme  d\u00e9clar\u00e9  doit\nproduire  au  moins  chaque  trmestre  un  \u00e9tat d'activit\u00e9 et chaque  ann\u00e9e  un  bilan quantitatif et\nqualtatf de Factvite exerc\u00e9e au tire de l'ann\u00e9e \u00e9coul\u00e9e ainsi qu'un tableau statistique annuel.\nSi l'organisme  d\u00e9clar\u00e9  comporte  plusieurs  \u00e9tablissements  les \u00e9tats statistiques et l  bilan annuel\ndistinguent  Factivit\u00e9 exerc\u00e9e  par  chaque  \u00e9tablissement.\nLe  pr\u00e9sent  r\u00e9c\u00e9piss\u00e9  prend  effet le 28  novembre  2025.\nL'enregistrement de la d\u00e9claration  pourra  \u00eatre retir\u00e9 si l'organisme  d\u00e9clar\u00e9  cesse  de remplir\nles conditions  ou  de  respocter  les obligations mentionn\u00e9es  aux  4\u00b0,5\u00b0 et 8\u00b0 de  l'article\n7232.17  ou  qui m\u00e9connalt  les obligations d\u00e9finies \u00e0 l'article R7232-19  du  code  du  travail.\npaie  de  retrait dela  d\u00e9claration, fare l'objet d'une d\u00e9claration modticalve  aupr\u00e9s  de TUNt\u00ae\nd\u00e9partementale  des  Hauts-de-Seine.\nLe pr\u00e9sent  r\u00e9c\u00e9piss\u00e9  sera publi\u00e9  au recueil des  actes  administratifs de ia pr\u00e9fecture des  Hauts-\nde-Seine.\nFait \u00e0  Nanterre, le 08  d\u00e9cembre  2025,\nPour  lo Pr\u00e9fet\nd\u00e9l\u00e9gation  et subd\u00e9i\u00e9gation\nLa  Responsable  du  service\nD\u00e9veloppement de  l'emploi et des\ncomp\u00e9tences  |\n(G.25\nme  CONDE\n\nEE  Direction r\u00e9gionale et interd\u00e9partementale\nMINISTERE\nDU  TRAVAIL, DE LA SANT\u00c9, du travail et des solidarit\u00e9s\nDES  SOLIDARIT\u00c9S\nET  DES  FAMILLES\nEM\nR\u00e9c\u00e9piss\u00e9  n*2025-680  de  d\u00e9claration d'activit\u00e9s de  services  \u00e0 la personne\nenregistr\u00e9e  sous  le n\u00b0 SAP912842291  au  nom  de  la micro-entreprise  Hanay  JOUD\nsise  8 Rue  De  La  Tour  \u00e0 MALAKOFF  (92240)\nLE  PREFET  DES  HAUTS-DE-SEINE\nVu  la loi n\u00b0 2010-853 du 23 jullet 2010 relative aux r\u00e9seaux consulaires, au commerce  et \u00e0\nl'aisanat  et aux  services  (article 31)\nVu  la loi n\u00b02015-1776  du 28 d\u00e9cembre  2015  relative \u00e0 l'adaptation de  la soci\u00e9t\u00e9 au\nvieilissement ;\nVu  l'article D7231-1  du  Code du travail\nVu  les d\u00e9crets n\u00b0 2011-1132 et n\u00b0 2011-1133 du 20 septembre 2011 modifiant certaines\ndispostions du Code  du  travail, relatives au ch\u00e8que  emploi-service universel et aux\nservices \u00e0 la personne  ;\nVu  le d\u00e9cretn\u00b02016-750 du 6 juin 2016 relat \u00e0 la iste des activites de services \u00e0 la personne\nVu  le d\u00e9cret du 31 octobre 2024  portant nomination  de Monsieur  Alexandre  BRUGERE,  en\nquait\u00e9 de Pr\u00e9fet des Hauts-de-Seine;\nVu  Farr\u00e9te interminist\u00e9riel du  12 ao\u00fbt 2025  nommant  Monsieur  Fabrice MASI, Directeur\nr\u00e9gionalet interd\u00e9partemental de l'\u00e9conomie, de l'emploi, du travail et des solidarit\u00e9s d'le-\n'de-France \u00e0 compter  du 25 ao\u00fbt  2025 ;\nVu  Farr\u00e9te pr\u00e9fectoral n\u00b02025-33  du 22 ao\u00fbt 2025  par lequel le Pr\u00e9fet des  Hauts-de-Seine\nd\u00e9l\u00e8gue sa signature \u00e0 Monsieur  Fabrice MASI, Directeur r\u00e9gional et nterd\u00e9partemental\n'de l'\u00e9conomie, de l'emploi, du travail et des solidarit\u00e9s d'\u00cele-de-France ;\nVu  la d\u00e9cision n\u00b0 2025-187  du  25 ao\u00fbt 2025  portant subd\u00e9l\u00e9gation de  signature de  Monsieur\nFabrice MASI,  Directeur r\u00e9gional et interd\u00e9partemental de  l'\u00e9conomie, de  l'emploi, du\ntravail et des  solidarit\u00e9s d'\u00cele-de-France, aux  agents de  l'Unit\u00e9 d\u00e9partementale  des  Hauts-\nde-Seine\nVu  la d\u00e9claration d'activit\u00e9sde services \u00e0 la personne  d\u00e9pos\u00e9es  le 27  novembre  2025  au nom\nde  la micro-entreprise Hanay  JOUD  sise8 Rue  De  La Tour \u00e0 MALAKOFF  (82240)\n\nApr\u00e8s examen  du dossier, cette demande  \u00e9tant conforme aux dispositions de Farticle L. 7232-1-\n1 du  code  du  travail, le pr\u00e9sent  r\u00e9c\u00e9piss\u00e9  de  d\u00e9claration  d'activit\u00e9s de  services  \u00e0  la personne  \u00e0\n\u00e9t\u00e9  enregistr\u00e9  au  nom  de  la micro-entreprise  Hanay  JOUD  sous  le num\u00e9ro  SAP  912842291.\nLes  activit\u00e9s d\u00e9clar\u00e9es  sont es suivantes, \u00e0 exclusion de toute  autre :\n= Soutien  scolaire  ou  cours  \u00e0  domicile\nPrestations  relevant  du  b\u00e9n\u00e9fice  de  la r\u00e9duction  d'imp\u00f4t  pr\u00e9vue  \u00e0 Varticie 199  sexdecies  du  Code\nG\u00e9n\u00e9ral  des  Imp\u00eats.\nLa  structure exerce  cos  activit\u00e9s selon  le mode  suivant  : PRESTATAIRE\nSous  r\u00e9serve d'\u00eatre exerc\u00e9es  titre exclusif parle d\u00e9clarant (ou sous  r\u00e9serve d'une comptablit\u00e9\ns\u00e9par\u00e9e  pour les personnes  morales  dispens\u00e9es  de  la condition d'activit\u00e9 exclusive), ces activites\nouvrent  droit au b\u00e9n\u00e9fice des dispositions des  articlesL. 7233-2  du  code du travailet L. 241-10,\ndu  code  de  a s\u00e9curit\u00e9 sociale.\n{Conform\u00e9ment  aux  dispositions  de  l'article R7232-19  du  code  du  travail l'organisme  d\u00e9clar\u00e9  doit\nproduire au moins  chaque  trimestre un \u00e9tat d'activit\u00e9 et chaque  ann\u00e9e  un bilan quanitaif et\nqualtatfde activit\u00e9 exerc\u00e9e au tire de l'ann\u00e9e \u00e9coul\u00e9e ainsi qu'un tableau statistique annuel\nSi l'organisme  d\u00e9clar\u00e9  comporte  plusieurs  \u00e9tablissements,  les \u00e9tats statistiques et le bilan annuel\ndistinguent  l'activit\u00e9 exerc\u00e9e  par chaque  \u00e9tablissement\nLe  pr\u00e9sent  r\u00e9c\u00e9piss\u00e9  prend  effet le 27  novembre  2028.\nL'enregistrement de la d\u00e9claration pourra \u00eatre retir\u00e9 si l'organisme  d\u00e9clar\u00e9 cesse  de remplir\nles conditions  ou  de  respecter  les obligations mentionn\u00e9es  aux  4\u00b0,5* et 8\u00b0 de  l'article\n7232.17  ou  qui  m\u00e9connalt  les obligations  d\u00e9finies  \u00e0 l'article R7232-19 du  code  du  travail.\n'Toute modification concernant la structure d\u00e9clar\u00e9e ou les activit\u00e9s exerc\u00e9es devra, sous\npoine de  retrait de  la d\u00e9claration, faire l'objet dune  d\u00e9claration modificative aupr\u00e8s  de l'Unit\u00e9\n'd\u00e9partementale des  Hauts-de-Seine\nLe pr\u00e9sent r\u00e9c\u00e9piss\u00e9 sera publi\u00e9 au recuell des  actes adminstratitsde a  pr\u00e9fecture des Hauts.\nde-Seine.\nFait \u00e0  Nanterre,  le 08  d\u00e9cembre  2025,\nPour  le  Pr\u00e9fet\nPar d\u00e9l\u00e9gation  ot  subd\u00e9l\u00e9gation\nLa  Responsable  du  service\nD\u00e9veloppement  de  l'emploi  et des\ncomp\u00e9tences.\nae\nMariana  CONDE\n\nEx  Direction  r\u00e9gionale et interd\u00e9partementale\nMINIST\u00c8RE  de  l'\u00e9conomie,  de  l'emploi,\nDU  TRAVAIL,  DE  LA  SANT\u00c9,  du travail et des solidarit\u00e9s\nDES  SOLIDARIT\u00c9S\nET  DES  FAMILLES\nA\nR\u00e9c\u00e9piss\u00e9  n\u00b02025-681  de  d\u00e9claration  d'activit\u00e9s  de  services  \u00e0  la personne\n'enregistr\u00e9e  sous  le n\u00b0 SAP990051484  au  nom  de  la micro-entreprise  Marie\nHOUZOT  sise  101  Avenue  Victor  Hugo  \u00e0 BOULOGNE-BILLANCOURT  (92100)\nLE  PREFET  DES  HAUTS-DE-SEINE\nVu  la loi n\u00b0  2010-859  du  23jullet  2010  relative  aux  r\u00e9seaux  consulaires,  au  commerce et  \u00e0\nl'artisanat  et  aux  services  (article 31):\nVu  la loi n\u00b02015-1776  du  28  d\u00e9cembre  2015  relative  \u00e0  l'adaptation  de  la soci\u00e9t\u00e9  au\nviellissement\nVu  l'aricie  07231-1  du  Code  du  travail;\nVu  les  d\u00e9crets  n\u00b0  2011-1132  et  n\u00b0  2011-1133  du  20  septembre  2011  modiiant  certaines\ndispositions  du  Code  du  travail, relatives  au  ch\u00e8que  emplol-service  universel  et aux\n'services \u00e0 a  personne  ;\nVu  le d\u00e9cret  n\u00b02016-750 du  6 juin  2016  relatif \u00e0 la ste  des  activit\u00e9s de  services  \u00e0 la personne\nsoumises \u00e0 agr\u00e9ment  ou  \u00e0 autorisation dans  lecadre  du  r\u00e9gime  commun  dela d\u00e9claration  ;\n'Vu le d\u00e9cret  du  31 octobre  2024  portant  nomination  de  Monsieur  Alexandre  BRUGERE,  en\nquait\u00e9 de Pr\u00e9fet des Hauts-de-Seine\nVu  l'\u00e9t\u00e9  interminist\u00e9riel  du  12  ao\u00fbt  2025  nommant  Monsieur  Fabrice  MASI,  Directeur\nr\u00e9gional et interd\u00e9partemental de l'\u00e9conomie, de l'emploi, du travail et des solidarit\u00e9sle-\nde-France  \u00e0 compter  du  25  ao\u00fb  2025  ;\n'arr\u00e8t\u00e9 pr\u00e9fectoral n\u00b02025-33  du  22  ao\u00fbt  2025  par  lequel le Pr\u00e9fet des  Hauts-de-Seine\nd\u00e9l\u00e8gue  sa signature  \u00e0 Monsieur  Fabrice  MASI,  Directeur  r\u00e9gional et interd\u00e9partemental\nde  l'\u00e9conomie, de l'emploi, du traval et des  soldart\u00e9s  d'le-de-France\nVu  la  d\u00e9cision  n\u00b0  2025-187  du  25  ao\u00fbt  2025  portant  subd\u00e9l\u00e9gation  de  signature  de  Monsieur\nFabrice  MASI,  Directeur  r\u00e9gional  et  interd\u00e9partemental  de  \u00e9conomie,  de  l'emploi,  du\ntravail et des solidarit\u00e9s d'le-de-France,  aux  agents  de  Unite  d\u00e9partementale  des  Hauts-\nde-Seine  ;\nVu  la d\u00e9claration d'activit\u00e9s  de  services  \u00e0 la personne  d\u00e9pos\u00e9es  le 28  novembre  2025  au  nom\nde  la micro-entreprise  Marie  HOUZOT  sise  101  Avenue  Victor  Hugo  \u00e0  BOULOGNE-\nBILLANCOURT  (82100)  ;\n\n'Apr\u00e8s examen  du  dossier, cette demande  \u00e9tant  conforme  aux  dispositions  de  article L. 7232-1-\n1 du  code  du traval, le pr\u00e9sent r\u00e9c\u00e9piss\u00e9 de  d\u00e9ciaration activit\u00e9s  de services \u00e0 la personn\n\u00e9t\u00e9 enregistr\u00e9 au  nom  de la micro-entreprise Marie HOUZOT  sous  le num\u00e9ro  SAP  990051484,\nLes  activites d\u00e9clar\u00e9es  sont  les  suivantes,  \u00e0 l'exclusion de  toute  autre  :\nEntretien  de  la maison  et  travaux  m\u00e9nagers ;\n\u00a9 Petits  travaux  de  jardinage,  y compris  les travaux  de  d\u00e9broussallage ;\n= Travaux  de  poti  bricolage  dits  \u00ab  homme  toutes  mains  \u00bb ;\n\u00a9 Pr\u00e9paration  de  ropas  \u00e0 domicile,  y  compris  le temps  pass\u00e9  aux  courses\n= Livraison  de  repas  \u00e0  domicile\nCollecte  et livraison  \u00e0 domicile  de  linge  repass\u00e9\n= Assistance  informatique  \u00e0  domicile  ;\nMaintenance,  entretien  et vigllance  temporaires,  \u00e0 domicile,  de la r\u00e9sidence\nprincipale  et  secondaire  ;\nPrestations  relevant  du b\u00e9n\u00e9fice  de  la r\u00e9duction  d'imp\u00f4t pr\u00e9vue  \u00e0 Varticie 199 sexdecies  du Code\nG\u00e9n\u00e9ral des  Imp\u00f4ts.\nLa  structure  exorce  ces  activit\u00e9s  selon  le mode  suivant  : PRESTATAIRE\nSous  r\u00e9serve  d'\u00eatre exerc\u00e9es  \u00e0 titre exclusif parle  d\u00e9clarant  (ou  sous  r\u00e9serve  d'une  comptabiit\u00e9\ns\u00e9par\u00e9e  pour les personnes  morales  dispens\u00e9es  de la condition d'activit\u00e9 exclusive) ces  activites\niu travail ot  L. 241-10\n19 du code du travail, l'organisme  d\u00e9clar\u00e9  dot\nproduire  au  moins  chaque  trimestre un  \u00e9tat dactivte  et chaque  ann\u00e9e  un  bilan quantitatf et\nqualtatf de  Tactivite exerc\u00e9e  au tire de l'ann\u00e9e \u00e9coul\u00e9e  ainsi qu'un tableau statistique annuel.\nSi l'organisme d\u00e9clar\u00e9 comporte  plusieurs \u00e9tablissements, les \u00e9tats statistiques et le bilan annuel\ndistinguent  l'activit\u00e9 exerc\u00e9e  par  chaque  \u00e9tablissement.\nLe  pr\u00e9sent  r\u00e9c\u00e9piss\u00e9  prend  effet lo 28  novembre  2026.\nL'enregistrement de la d\u00e9claration  pourra \u00eatre retir\u00e9 l'organisme  d\u00e9clar\u00e9  cesse  de  remplir\nles conditions  ou  de  respecter  les obligations mentionn\u00e9es  aux  4\u00b0,5\u00b0 et 6\u00b0 do  l'article\nR7232-17  ou  qui m\u00e9connait  les obligations d\u00e9finies \u00e0 l'article R7232-19  du  code  du  travail.\npeine de retrat de a  d\u00e9claration, fare objet  dune  d\u00e9claration modieatve  aupr\u00e9s  de TUnie\nd\u00e9partementale  des  Hauts-de-Seine.\nLe  pr\u00e9sent  r\u00e9c\u00e9piss\u00e9  sera  publi\u00e9 au  recueil des  actes  administratifs de la pr\u00e9fecture  des  Hauts-\nde-Seine.\nFait \u00e0  Nanterre, le 08 d\u00e9cembre  2025.\nPour  lo Pr\u00e9fet\nPar  d\u00e9l\u00e9gation  ot  subd\u00e9l\u00e9gation\nLa  Responsable  du  service\nD\u00e9veloppement  de  l'emploi  et des\ncomp\u00e9tences\nloud\nMariama  CONDE\n\nEx  Direction  r\u00e9glonale  etinterd\u00e9partementale\nMINISTERE de l'\u00e9conomie, de l'emploi,\nDU  TRAVAIL,  DE  LA SANT\u00c9,  du travail et des solidarit\u00e9s\nDES  SOLIDARITES\nET  DES  FAMILLES\nem\nR\u00e9c\u00e9piss6  n\u00b02025-882  de  d\u00e9claration  d'activit\u00e9s de  services  \u00e0 la personne\nenregistr\u00e9e  sous  le n\u00b0 SAP993106020  au  nom  de  la micro-entreprise  BERNARD\nDE  COURVILLE  Nicolas  sise  63  Rue  de  Billancourt  \u00e0 BOULOGNE-BILLANCOURT\n(92100)\nLE  PREFET  DES  HAUTS-DE-SEINE\nVu  la loi n\u00b0 2010-863 du 23 jullet 2010  relative aux r\u00e9seaux  consulaires, au commerce et \u00e0\nl'aisanat et aux  services  (article 31)\nVu  la loi n\u00b02015-1776  du 28 d\u00e9cembre  2015  relative \u00e0 l'adaptation de  la soci\u00e9t\u00e9 au\nviilissement ;\nVu  l'aticie 07231-1  du  Code  du travail;\nVu  les d\u00e9crets n\u00b0 2011-1132  et n\u00b0 2011-1133  du  20  septembre  2011  modifiant certaines\ndispositions du  Code  du travail, relatives au ch\u00e8que  emploi-service universel et aux\nservices  \u00e0 la  personne\nVu  le d\u00e9cret n\u00b02016-780 du 6 juin 2016 relat \u00e0 la liste des activites de services \u00e0 la personne\nsoumises  \u00e0 agr\u00e9ment  ou  \u00e0 autorisation dans le cadre  du  r\u00e9gime  commun  de a d\u00e9claration\nVu  le d\u00e9cret du 31 octobre 2024  portant nomination  de Monsieur  Alexandre  BRUGERE,  en\nqualt\u00e9 de Pr\u00e9fet des Hauts-de-Seine ;\nVu  l'arr\u00e9t\u00e9 interminist\u00e9riel du  12 ao\u00fbt 2025  nommant  Monsieur  Fabrice MASI,  Directeur\nr\u00e9gional et interd\u00e9partementalde l'\u00e9conomie, de l'emploi, du travailet des solidarit\u00e9s d'le-\nde-France \u00e0 compter  du 25  ao\u00fbt  2025\nVu  l'\u00e9t\u00e9  pr\u00e9fectoral n\u00b02025-33  du  22  ao\u00fbt  2025  par  lequel le Pr\u00e9fet des  Hauts-de-Seine\n'd\u00e9l\u00e8gue  sa  signature  \u00e0  Monsieur  Fabrice  MASI,  Directeur  r\u00e9gional et interd\u00e9partemental\nde l'\u00e9conomie, de l'emploi du travail et des solidarit\u00e9s d'\u00cele-de-France ;\nVu  la d\u00e9cision n\u00b0 2025-187 du 25 ao\u00fbt 2025  portant subd\u00e9l\u00e9gation de signature de Monsieur\nFabrice  MASI,  Directeur  r\u00e9gional  et Iterd\u00e9partemental  de  l'\u00e9conomie,  de  l'emploi, du\ntravail ot des  soidarites  d'Ile-de-France,  aux  agents  de  l'Unit\u00e9 d\u00e9partementale  des  Hauts-\nde-Seine  ;\nVu  la d\u00e9claration d'activit\u00e9s de services \u00e0 la personne d\u00e9pos\u00e9es  le 29 novembre  2025 au nom\nde  la micro-entreprise  BERNARD  DE  COURVILLE  Nicolas  sise 63  Rue  de  Billancourt \u00e0\nBOULOGNE-BILLANCOURT  (82100)\n\n{Apr\u00e8s examen  du dossier, cette demande  \u00e9tant conforme aux disposons  de l'article L. 7232-1-\n1 du code du travail le pr\u00e9sent r\u00e9c\u00e9piss\u00e9 de d\u00e9claration d'activit\u00e9s de services \u00e0 la personne a\n\u00e9t\u00e9 enregistr\u00e9 au nom  de  la micro-entreprise BERNARD  DE  COURVILLE  Nicolas sous  le\nnum\u00e9ro  SAP  993106020,\nLes  activit\u00e9s d\u00e9clar\u00e9es sont les suivantes, & l'exclusion de toute autre\nEntretien  de  la maison  et travaux  m\u00e9nagers  ;\nPrestations relevant du b\u00e9n\u00e9fice de la r\u00e9duction d'imp\u00f4t pr\u00e9vue \u00e0 Varticle 199 sexdecies du Code\nG\u00e9n\u00e9ral  des  Imp\u00f4ts.\nLa structure exerce ces activit\u00e9s solon le mode  suivant : PRESTATAIRE\nSous  r\u00e9serve d'\u00eatre exerc\u00e9es \u00e0 tire exclusif parle d\u00e9clarant (ou sous r\u00e9serve d'une comptabiit\u00e9\ns\u00e9par\u00e9e  pour les personnes morales dispens\u00e9es de la condition d'activit\u00e9 exclusive) ces activit\u00e9s\n'ouvrent droit au b\u00e9n\u00e9fice des dispositions des articles L. 7233-2 du code du travail et L. 241-10\ndu code  de  la s\u00e9curit\u00e9 sociale,\nConform\u00e9ment  aux dispositions de article R7232-19  du code du travail l'organisme d\u00e9ciar\u00e9 doit\nproduire au moins chaque timestre un \u00e9tat d'activit\u00e9 et chaque  ann\u00e9e  un bilan quantitatif et\nqualitatif de l'activit\u00e9 exerc\u00e9e au tre de l'ann\u00e9e \u00e9coul\u00e9e ainsi qu'un tableau statistique annuel.\nSi l'organisme d\u00e9clar\u00e9 comporte plusieurs \u00e9tablissements les \u00e9tats statistiques et le bilan annuel\ndistinguent  l'activit\u00e9 exerc\u00e9e par  chaque  \u00e9tablissement,\nLe  pr\u00e9sent  r\u00e9c\u00e9piss\u00e9  prend  effet le 29 novembr  2024\nL'enregistremont de la d\u00e9claration pourra \u00eatre retir\u00e9 si l'organisme d\u00e9clar\u00e9 cesse de remplir\nles conditions ou de respecter les obligations mentionn\u00e9es  aux  4,5\" et 6\u00b0 de l'article\n'R7232-17 ou qui m\u00e9connalt  les obligations d\u00e9finies \u00e0 l'article R7232-19 du code  du travail.\noute mo nan cture d\u00e9clar\u00e9s ou les activit\u00e9s exerc\u00e9es dovra, sous\neine  de retrait de la d\u00e9claration, faire Fobjet dune  d\u00e9claration modifcatwe aupr\u00e8s de l'Unit\u00e9\nd\u00e9partementale  des  Hauts-de-Seine,\nLe pr\u00e9sent r\u00e9c\u00e9piss\u00e9 sera publi\u00e9 au recuell des actes administratifs de la pr\u00e9fecturedes Hauts-\nde-Seine.\nFait \u00e0 Nanterre, le 08  d\u00e9cembre  2025.\nPour  le Pr\u00e9fot\nPar  d\u00e9l\u00e9gation  ot subd\u00e9l\u00e9gation\nLa  Responsable  du  service\nD\u00e9veloppement  de  l'emploi  et des\ncomp\u00e9tences\n\u00c0\nMariama  CONDE\n\n=n  Direction  r\u00e9gionale et interd\u00e9partementale\nde  l'\u00e9conomie,  de  l'emploi,\nDU TRAVAIL, DE LA SANT\u00c9, du taval et des sliartes\nDES  SOLIDARIT\u00c9S\nET  DES  FAMILLES\nfee\nR\u00e9c\u00e9piss\u00e9  n\u00b02025-683  de  d\u00e9claration  modificative  d'activit\u00e9s de  services  \u00e0 la\npersonne  enregistr\u00e9e  sous  le n\u00b0 SAP  844871798  nom  de  la SARL  BERILLUS  PARIS\nsise  100Bis  Route de  la Reine  \u00e0 Boulogne  Billancourt  (92100)\nLE  PREFET  DES  HAUTS-DE-SEINE\nVu  la loi n\u00b0  2010-853  du  23  jullet 2010  relative  aux  r\u00e9seaux  consulaires,  au  commerce et  \u00e0\nl'artisanat et aux  services  (article 31)  ;\nVu  la loi n\u00b02015-1776  du  28  d\u00e9cembre  2015  relative \u00e0 l'adaptation de  la soci\u00e9t\u00e9  au\nveilissement ;\nVu  l'aricie  07231-1  du  Code  du  travall;\nVu  les  d\u00e9crets  n\u00b0  2011-1132  et n\u00b0  2011-1133  du  20  septembre  2011  modifiant  certaines\ndispostions  du  Code  du  travail, relatives au  ch\u00e8que  emplo-service  universel  et aux\nservices  \u00e0 la personne ;\nVu  le d\u00e9cret  n\u00b02018750 du 6jun  2016  rela  \u00e0 a  ist  des  activit\u00e9s de  services  \u00e0  la personne\nsoumises  \u00e0 agr\u00e9ment  ou  \u00e0 autorisation dans le cadre du r\u00e9gime  commun  dela d\u00e9claration;\nVu  le d\u00e9cret  du  31 octobre  2024  portant  nomination  de  Monsieur  Alexandre  BRUGERE,  en\nquait\u00e9 de Pr\u00e9fet des Hauts-de-Seine ;\nVu  l'ar\u00e9t\u00e9 interminist\u00e9riel du  12 ao\u00fbt  2025  nommant  Monsieur  Fabrice  MASI,  Directeur\nr\u00e9gional tinterd\u00e9partementa de l'\u00e9conomie, de l'emploi, du travail et des solidarit\u00e9sdil\n'de-France  \u00e0  compter du  25  ao\u00fbt  2025\nVu  l'arr\u00eat\u00e9 pr\u00e9fectoral n\u00b02025-33  du  22  ao\u00fbt  2025  par  lequel le Pr\u00e9fet des  Hauts-de-Seine\nd\u00e9l\u00e8gue  sa  signature  \u00e0  Monsieur  Fabrice  MASI,  Directeur  r\u00e9gional  et  interd\u00e9partemental\nde  l'\u00e9conomie, de l'emploi, du travail et des  solidarit\u00e9s dile-de-France\n'Vu la d\u00e9cision  n\u00b0 2025-157 du 25 ao\u00fbt 2025 portant subd\u00e9l\u00e9gation de signature  de  Monsieur\nFabrice  MASI,  Directeur  r\u00e9gional  et interd\u00e9partemental  de  l'\u00e9conomie, de  l'emploi, du\ntravail et des  soldari\u00e9s  dle-de-France,  aux  agents  de  l'Unit\u00e9 d\u00e9partementale  des  Hauts.\nde-Seine  ;\n\nVu  le r\u00e9c\u00e9piss\u00e9 de  d\u00e9claration de services \u00e0 la personne  enregistr\u00e9 du 05  jullet 2023\nenregistr\u00e9 sous le num\u00e9ro  SAP  844871798  au nom  de la SARL  BERILLUS  NANTES et\nd\u00e9ivr\u00e9e  par l'Unit\u00e9 d\u00e9partementale  de la Loire-Atlantique (44)\nVu  la demande  de modification de la d\u00e9nomination  sociale et de  l'adresse de l'\u00e9tablissement\nprincipal d\u00e9pos\u00e9e  aupr\u00e8s  de l'Unit\u00e9 d\u00e9partementale  des  Hauts-de-Seine  de  la DRIEETS\nle 31 octobre 2024 par la SARL  anciennement d\u00e9nomm\u00e9e  BERILLUS  NANTES  et\ndomicli\u00e9e au  2 Rue  Paul PAINLEVE  \u00e0 Nantes  (44000) ;\nConsid\u00e9rant  que  Ia pr\u00e9sente modification vise \u00e0 metre  \u00e0 jour la d\u00e9nomination  ainsi que\nl'adresse de  l'\u00e9tablissement principal et du  si\u00e8ge social de la SARL\nBERILLUS  NANTES  et que  le dossier de  demande  est conforme  aux\ndispositionsde article L. 7232-1-1 du code du travail\nLe r\u00e9c\u00e9piss\u00e9 de d\u00e9claration d'activit\u00e9s de services \u00e0 Ia personne du 05 juillet 2023 enregistr\u00e9e\nsous le num\u00e9ro  SAP84487  1798 nom  de la SARL  BERILLUS  NANTES  est ainsi modifi\u00e9e\nLa SARL  BERILLUS  NANTES  est d\u00e9sormais  d\u00e9nomm\u00e9e  la SARL  BERILLUS  PARIS.\nLe si\u00e8ge social et l'\u00e9tablissement principal de la SARL  BERILLUS  PARIS  sont d\u00e9sormais\ndomicili\u00e9s au $00Bis Route de Ia Reine \u00e0 Boulogne-Bilancourt (92)\nLes  activit\u00e9s d\u00e9clar\u00e9es  sont les suivantes, \u00e0 l'exclusion de  toute autre\n= Garde  d'enfants  de  plus de  3 ans  \u00e0 domicile\nEntretien  de la maison  et travaux m\u00e9nagers  ;\n= Pr\u00e9paration de  repas  \u00e0  domicile;\nPrestations relevant du b\u00e9n\u00e9fice de la r\u00e9duction d'imp\u00f4t pr\u00e9vue \u00e0 l'article 199 sexdecies du Code\n(G\u00e9n\u00e9ral  des  Imp\u00f4ts\n'Sous r\u00e9serve d'\u00eatre exerc\u00e9es \u00e0 tire exclusif par le d\u00e9clarant (ou sous r\u00e9serve d'une comptabilt\u00e9\ns\u00e9par\u00e9e pour les personnes morales dispens\u00e9es de ia condition activit\u00e9 exclusive). cesactivites\n'ouvrent droit au b\u00e9n\u00e9fice des dispositions des articles L. 7233-2 du code du travail et L. 241-10\ndu  code  de  la s\u00e9curit\u00e9 sociale.\n(Conform\u00e9ment aux dispositions de article R7232-19  du code du travail, organisme d\u00e9clar\u00e9 doit\nproduire au moins chaque trimestre un \u00e9tat d'activit\u00e9 et chaque  ann\u00e9e  un bilan quanttatit et\nquaitatf de Tactvite exerc\u00e9e  au  tire de  l'ann\u00e9e \u00e9coul\u00e9e  ainsi qu'un tableau statistique annuel.\nSi l'organisme d\u00e9clar\u00e9 comporte plusieurs \u00e9tablissements les \u00e9tats statistiques et le bilan annuel\ndistinguent  l'activit\u00e9 exerc\u00e9e  par  chaque  \u00e9tablissement\nL'enregistrement de la d\u00e9claration pourra \u00eatro retir\u00e9 si l'organisme d\u00e9clar\u00e9 cesse de remplir\nles conditions ou de respecter les obligations mentionn\u00e9es  aux  4\u00b0,6\u00b0 et 6\u00b0 de  l'article\n72327  ou  qui m\u00e9connalt  les obligations d\u00e9finies \u00e0 l'article R7232-19  du  code  du  travail.\n\nLe pr\u00e9sent r\u00e9c\u00e9piss\u00e9 sera publi\u00e9 au recuell des actes admiistratfs de  la pr\u00e9fecture des Hauts-\nde-Seine.\nFait \u00e0  Nanterre,  le 08  d\u00e9cembre  2025\nPour  le Pr\u00e9fet\nar d\u00e9l\u00e9gation  et subd\u00e9l\u00e9gation\nLa  Responsable  du  service\nD\u00e9veloppement  de  l'emplol  et des\ncomp\u00e9tences\nMariama  CONDE\n\nes  Direction  r\u00e9gionale  et interd\u00e9partementale\nMINISTERE de l'\u00e9conomie, de l'emploi,\nDU  TRAVAIL,  DE  LA  SANT\u00c9,  du travail et des solidarit\u00e9s.\nDES  SOLIDARIT\u00c9S\nET  DES  FAMILLES\npl\nR\u00e9c\u00e9piss\u00e9  n\u00b02025-884  de  d\u00e9claration  modificative  d'activit\u00e9s  de  services  \u00e0 la\npersonne  enregistr\u00e9e  sous  le n\u00b0 SAP  932066442  nom  de  la micro-entreprise\nDERHAN  Antoine  sise  2 Rue  de  la Concorde  \u00e0 Asni\u00e9res-sur-Seine  (92600)\nLE  PREFET  DES  HAUTS-DE-SEINE\nVu  la loi n\u00b0 2010-853  du  23  jullet 2010  relative aux  r\u00e9seaux  consulaires,  au  commerce  et \u00e0\nl'artisanat et aux  services  (article 31);\nVu  la loi n\u00b02015-1778  du  28  d\u00e9cembre  2015  relative \u00e0\nvelissement\nplaton de  la soci\u00e9t\u00e9 au\n\u00e9 article  07231-1  du  Code  du  travail;\nVu  les d\u00e9crets  n\u00b0 2011-1132  et n\u00b0 2011-1133  du  20  septembre  2011  modifiant  certaines\ndispostions  du  Code  du  travail, relatives au  ch\u00e8que  emploi-service  universel  et aux\nservices  \u00e0 la personne ;\nVu  le d\u00e9cretn\u00b02016:750  du 6 juin 2016 relatif \u00e0 la liste des activit\u00e9s de services \u00e0 la personne\nsoumises \u00e0 agr\u00e9ment  ou  \u00e0 autorisation dans  le cadre du  r\u00e9gime  commun  dela d\u00e9claration  ;\n'Vu le d\u00e9cret  du  31 octobre  2024  portant  nomination  de  Monsieur  Alexandre  BRUGERE,  en\nqualt\u00e9  de  Pr\u00e9fet des  Hauts-de-Seine ;\nVu  Farr\u00e9t\u00e9 interminist\u00e9riel du  12 ao\u00fbt  2025  nommant  Monsieur  Fabrice  MASI,  Directeur\nr\u00e9gional et interd\u00e9partemental de l'\u00e9conomie, de l'emplo, du travail et des solidarit\u00e9s d'le-\n'de-France \u00e0  compter  du 25  ao\u00fbt  2025  ;\nVu  l'arr\u00e9t\u00e9 pr\u00e9fectoral n\u00b02025-33  du  22  ao\u00fbt  2025  par  lequel le Pr\u00e9fet des  Hauts-de-Seine\n'd\u00e9l\u00e8gue  sa  signature  \u00e0 Monsieur  Fabrice  MASI,  Directeur  r\u00e9gional  et interd\u00e9partemental\nde l'\u00e9conomie, de l'emploi du travailet des solidarit\u00e9s d'le-de-France;\nVu  la d\u00e9cision  n\u00b0 2025-187  du  25  ao\u00fbt  2025  portant  subd\u00e9l\u00e9gation  de  signature  de  Monsieur\nFabrice  MASI,  Directeur  r\u00e9gional  et  interd\u00e9partemental  de  l'\u00e9conomie,  de  l'emploi,  du\ntravail et des  solidarit\u00e9s dile-de-France,  aux  agents  de  I Unit\u00e9  d\u00e9partementale  des  Hauts-\nde-Seine  ;\n\nVu  le  r\u00e9c\u00e9piss\u00e9 de  d\u00e9claration de services \u00e0 la personne  enregistr\u00e9 du 16 octobre 2024\nenregistr\u00e9 sous  le num\u00e9ro  SAPS32086442  au  nom  de  la micro-entreprise DERHAN\nAntoine  et \u00e9mis  par  Unit\u00e9  d\u00e9partementale  de  Paris (75) :\n'Vu la demande de modification  de  l'adresse  de l'\u00e9tablissement  principal d\u00e9pos\u00e9e  aupr\u00e8s  de\nUnit\u00e9  d\u00e9partementale  des  Hauts-de-Seine  de la DRIEETS  par la micro-entreprise\nDERHAN  Antoine le 02 juin 2025 anciennement domicil\u00e9e au 10 Rue  Duperr\u00e9 \u00e0 Paris 9%\n(75008)  ;\nConsid\u00e9rant que  la pr\u00e9sente modification vise \u00e0 mettre \u00e0 jour l'adresse de l'\u00e9tablissement\nprincipal et du si\u00e8ge social de la micro-entreprise DERHAN  Antoine et que\nle dossier de  demande  est conforme aux dispositions de  l'aricle L. 7232-1-\n1 du  code  du travail,\nLe  r\u00e9c\u00e9piss\u00e9  de d\u00e9claration d'actiit\u00e9s de services  \u00e0 la personne  du 16 octobre  2024 enregistr\u00e9e\nsous  le num\u00e9ro  SAP832088442  nom  de  la micro-entreprise DERHAN  Antoine est ainsi modifi\u00e9e\nLe si\u00e8ge social et l'\u00e9tablissement principal de la micro-entreprise DERHAN  Antoine sont\nd\u00e9sormais  domicil\u00e9s  au 2 Rue de la Concorde  \u00e0Asni\u00e8res-sur-Soine (92600),\nLes  activites d\u00e9clar\u00e9es sont les suivantes, \u00e0 l'exclusion de  toute autre\n= Soutien  scolaire  ou  cours  \u00e0  domicile\nPrestations relevant du b\u00e9n\u00e9fice de la r\u00e9duction d'imp\u00f4t pr\u00e9vue \u00e0 l'aricie 199 sexdecies  du Code\nG\u00e9n\u00e9ral  des  Imp\u00f4ts\nSous  r\u00e9serve d'\u00eatre exerc\u00e9es  \u00e0 ttre exclusif parle d\u00e9clarant (ou sous  r\u00e9serve d'une comptabiit\u00e9\ns\u00e9par\u00e9e  pour  les personnes  morales  dispens\u00e9es de la condition  d'actvi\u00e9  exclusive) ces  activites\nouvrent droit au b\u00e9n\u00e9fice des  disposons  des  articles L. 7233-2  du  code  du travail et L. 241-10\ndu  code  de  la s\u00e9curit\u00e9 sociale.\nConform\u00e9ment  aux  dispositions  de  article  R7232-19  du  code  du  travail, l'organisme  d\u00e9ciar\u00e9  doit\nproduire au moins  chaque  trimestre un \u00e9tat d'activit\u00e9 et chaque  ann\u00e9e  un bilan quanitatf et\n'qualtaf de l'activit\u00e9 exerc\u00e9e  au tre  de l'ann\u00e9e \u00e9coul\u00e9e  ainsi qu'un tableau statistique annuel.\nSi organisme  d\u00e9clar\u00e9  comporte  plusieurs  \u00e9tablissements,  les \u00e9tat  statistiques ee  bilan annuel\ndistinguent  l'actit\u00e9 exerc\u00e9e  par  chaque  \u00e9tablissement.\nL'enregistrement de la d\u00e9claration  pourra  \u00eatre retir\u00e9 si l'organisme  d\u00e9clar\u00e9  cosse  de remplir\nles conditions  ou  de  respecter  les obligations montionn\u00e9es  aux  4\u00b0,5\u00b0 et 6\u00b0 de  l'article\nR7232-17  ou  qui m\u00e9connait  les obligations  d\u00e9finies \u00e0 l'article R7232-19  du  code  du  travail\n$s devra, sous\npeine de retrait de  fa d\u00e9ciaraion, fake objet  dune d\u00e9claration modifcative aupr\u00e9s  de | Uni\nd\u00e9partementale  des  Hauts-de-Seine.\nLe  pr\u00e9sent r\u00e9c\u00e9piss\u00e9 sera publi\u00e9 au recuel des actes administratifs de\nde-Seine.\npr\u00e9fecture des  Hauts.\n\nFait  \u00e0  Nanterre,  le 08  d\u00e9cembre  2025\nPour  le Pr\u00e9fet\nPar  d\u00e9l\u00e9gation  ot subd\u00e9l\u00e9gation\nLa  Responsable  du  service\nD\u00e9veloppement  de  l'emploi  et  des\ncomp\u00e9tences.\nGAS\nMariama  CONDE\n\n=n  et interd\u00e9partemontale\nMINISTERE l'\u00e9conomie, de l'emploi,\nDU  TRAVAIL,  DE  LA SANT\u00c9,  du travail et des solidarit\u00e9s\nDES  SOLIDARIT\u00c9S\nET  DES  FAMILLES\nee\nR\u00e9c\u00e9piss\u00e9  n\u00b02025-685  de  d\u00e9claration  modificative  d'activit\u00e9s de  services\npersonne  enregistr\u00e9e  sous  le n\u00b0 SAP824625933  nom  de  la SARL  SARZEDE!\n45  Avenue  du  G\u00e9n\u00e9ral  de  Gaulle  \u00e0 la Garenne-Colombes  (92250)\nLE  PREFET  DES  HAUTS-DE-SEINE\nVu  la loi n\u00b0 2010-853  du 23  juilet 2010  relative aux r\u00e9seaux  consulaires, au commerce  et \u00e0\nl'artisanat et aux  services  (article 31);\nVu  la loi n*2018-1778  du  28 d\u00e9cembre  2015  relative \u00e0 adaptation  de  la soci\u00e9t\u00e9 au\nviilissement\nVu  l'aticie 07231-1  du  Code  du  travail;\nVu  les d\u00e9crets n\u00b0 2011-1132  et n\u00b0 2011-1133  du 20 septembre  2011  modifiant certaines\ndispostions  du  Code  du  travail, relatives au  ch\u00e8que  emploi-service  universel  et aux\n'services \u00e0 la personne ;\nVu  le d\u00e9cret  n\u00b02016:750 du 6 juin 2016 relatif \u00e0 la liste des activites de services \u00e0 la personne\nsoumises  & agr\u00e9ment ou \u00e0 autorisationdans le cadre du r\u00e9gime commun  de la d\u00e9claration\nVu  le d\u00e9cret du 31 octobre 2024 portant nomination de Monsieur Alexandre BRUGERE,  en\nQualit\u00e9 de  Pr\u00e9fet des  Hauts-de-Seine\nVu  l'ar\u00e9t\u00e9 interminist\u00e9riel du 12 ao\u00fbt 2025  nommant  Monsieur  Fabrice MASI,  Directeur\nr\u00e9gional et interd\u00e9partemental  de  l'\u00e9conomie, de l'emploi, du  travailet des  solidarit\u00e9s dle\nde-France \u00e0 compter  du  25  ao\u00fbt  2025\nVu  l'arr\u00e8t\u00e9 pr\u00e9fectoral n\u00b0202533  du 22 ao\u00fbt 2025  par lequel le Pr\u00e9fet des  Hauts-de-Seine\nd\u00e9l\u00e8gue  sa signature \u00e0 Monsieur  Fabrice MASI,  Directeur r\u00e9gional et interd\u00e9partemental\nde F\u00e9conomie, de l'emploi, du traval et des solidarit\u00e9s d'\u00eele-de-France ;\n'Vu la d\u00e9cision  n\u00b0 2025-157  du  25  ao\u00fbt  2025  portant subd\u00e9l\u00e9gation  de signature  de  Monsieur\nFabrice  MASI,  Directeur  r\u00e9gional et interd\u00e9partemental  de  l'\u00e9conomie,  de  l'emploi, du\ntravail et des  soldari\u00e9s  d'le-de-France, aux agents de  l'Unit\u00e9 d\u00e9partementale  des Hauts.\nde-Seine  ;\n\nVu  le r\u00e9c\u00e9piss\u00e9 de d\u00e9claration de services \u00e0 la personne  enregistr\u00e9du 23 mai  2022  enregistr\u00e9\nsous  le num\u00e9ro  SAP824625933  au nom  de  la SARL  SARZEDELA et d\u00e9livr\u00e9e par l'Unit\u00e9\nd\u00e9partementale  de  l'Oise (60) ;\n'Vu la demande  de  modification  de la d\u00e9nomination  sociale et de  l'adresse  de  r\u00e9tablissement\nprincipal d\u00e9pos\u00e9e  aupr\u00e8s  de  l'Unit\u00e9 d\u00e9partementale  des  Hauts-de-Seine  de  la DRIEETS\nLe 20juin  2025  par la SARL  SARZEDELA  anciennement  domicli\u00e9e  au 9 Rue  des  Otages\nChantiy  (60800)\nConsid\u00e9rant  que  a  pr\u00e9sente  modification  vise \u00e0 metre  \u00e0 jour la d\u00e9nomination  ainsi que\nl'adresse  de  l\u00e9tabissement  principal et du  si\u00e8ge  social de  la SARL\nSARZEDELA  et que  le dossier  de  demande  est conforme  aux  dispositions\nde  ParticleL. 7232-1-1 du code  du travail.\nLe  r\u00e9c\u00e9piss\u00e9  de  d\u00e9claration  d'activit\u00e9s de  services  a la personne du 23  mai 2022 enregistr\u00e9e  sous\nle num\u00e9ro  SAPE24625933  au nom  de  la SARL  SARZEDELA  est ainsi modifi\u00e9e\nLe  si\u00e8ge  social et l'\u00e9tablissement  principal de la SARL  SARZEDELA  sont d\u00e9sormais  domicil\u00e9s\nau 45 Avenue  du G\u00e9n\u00e9ral de Gaule  \u00e0 La Garenne  Colombes  (92250).\nLes activit\u00e9s d\u00e9ciar\u00e9es  sont les suivantes,  l'exclusion de toute  autre\nEntretien  de  la maison et travaux  m\u00e9nagers ;\nPrestations relevant du b\u00e9n\u00e9fice dela  r\u00e9duction d'imp\u00f4t pr\u00e9vue \u00e0 article 199 sexdecies du Code\n(G\u00e9n\u00e9ral des  Imp\u00f4ts\nSous  r\u00e9serve  d'tre  exerc\u00e9es  \u00e0  tre  exclus  par  le d\u00e9clarant  (ou  sous  r\u00e9serve  d'une  comptablit\u00e9\n's\u00e9par\u00e9e pour les personnes  morales  dispens\u00e9es  de  la condition activit\u00e9 exclusive). ces activit\u00e9s\n'ouvrent droit au  b\u00e9n\u00e9fice  des  dispositions  des  articles L. 7233-2  du  code  du  travail et L  241-10\ndu  code  de  la s\u00e9curit\u00e9  sociale.\nConform\u00e9ment  aux  dispositions de article R7232-19  du  code  du  traval l'organisme  d\u00e9clar\u00e9  doit\nproduire  au  moins  chaque  trimestre un  \u00e9tat d'actvi\u00e9  et chaque  ann\u00e9e  un  bilan quanttatt  et\nqualtatf  de  l'activit\u00e9 exerc\u00e9e  au  tire de  l'ann\u00e9e  \u00e9coul\u00e9e  ainsi qu'un  tableau  statistique annuel.\nSi l'organisme  d\u00e9clar\u00e9  comporte  plusieurs  \u00e9tablissements  les \u00e9tats statistiques et le bilan annuel\ndistinguent  l'activit\u00e9 exerc\u00e9e  par  chaque  \u00e9tablissement\nL'enregistrement  de  la d\u00e9claration  pourra  \u00eatre retir\u00e9 si l'organisme d\u00e9clar\u00e9 cesse de remplir\nles conditions  ou  de  respecter  les  obligations  mentionn\u00e9es  aux  4\u00b0,6\" et 6\u00b0 de  l'article\nR7232-17  ou  qui  m\u00e9connalt  les obligations  d\u00e9finies  \u00e0 l'article R7232-19  du  code  du  travail.\n'Toute modification concernant la structure d\u00e9clar\u00e9e ou les activit\u00e9s exerc\u00e9es devra. sous\npeine de  retrait de  la d\u00e9claration, faire l'objet dune  d\u00e9ciaration modificative aupr\u00e9s  de\n'd\u00e9partementale  des  Hauts-de-Seine\nLe  pr\u00e9sent  r\u00e9c\u00e9piss\u00e9  sera  publi\u00e9 au  recuell des  actes  administratifs de a  pr\u00e9fecture  des  Hauts-\nde-Seine.\n\nFait \u00e0 Nanterre, le 08 d\u00e9cembre  2025\nPour le Pr\u00e9fet\nPar d\u00e9l\u00e9gation  et subd\u00e9l\u00e9gation\nLa  Responsable  du  service\nD\u00e9veloppement  de  l'emploi  et des\ncomp\u00e9tences.\nAA\nMariama CONDE\n\nEE  Direction r\u00e9gionale et interd\u00e9partementale\nMINISTERE de l'\u00e9conomie, de l'emploi,\nDU  TRAVAIL, DE LA SANT\u00c9, du travail et des solidarit\u00e9s.\nDES  SOLIDARIT\u00c9S\nET  DES  FAMILLES\nA\nR\u00e9c\u00e9piss\u00e9  n\u00b02025-687  de  d\u00e9claration d'activit\u00e9s de  services  \u00e0 la personne\nenregistr\u00e9e  sous  le n\u00b0 SAP993572825  au  nom  de la SASU  FRENCH  CARE  sise 32\nRue  de  Paris  \u00e0 BOULOGNE-BILLANCOURT  (82100)\nLE  PREFET  DES  HAUTS-DE-SEINE\nVu  la loi n\u00b0 2010-83  du 23 juilet 2010 relative aux r\u00e9seaux consulaires, au commerce  et \u00e0\nl'artisanatet aux services (article 31)\nVu  la loi n\u00b02015-1776 du 28 d\u00e9cembre  2015  relative \u00e0 l'adaptation de la soci\u00e9t\u00e9 au\nvieilissement\nVu  l'aricie D7231-1  du  Code  du  travail\nVu  les d\u00e9crets n\u00b0 2011-1132 et n\u00b0 2011-1133  du 20 septembre 2011 modifiant certaines\ndispositions du Code  du travail, relatives au ch\u00e8que  emploi-service universel et aux\nservices  \u00e0 la personne\nVu  le d\u00e9cret n\u00b02018750 du 8juin  2016  relatif\u00e0 la liste des activites de services \u00e0 la personne\nsoumises \u00e0 agr\u00e9ment  ou \u00e0 autorisationdans le cadre du r\u00e9gime commun  dela  d\u00e9claration ;\nVu  le d\u00e9cret du 31 octobre 2024 portant nomination de Monsieur Alexandre BRUGERE,  en\nquait\u00e9 de Pr\u00e9fet des Hauts-de-Seine ;\nVu  l'arr\u00e9t\u00e9 interminist\u00e9riel du 12 ao\u00fbt 2025  nommant  Monsieur  Fabrice MASI,  Directeur\nr\u00e9gionalet interd\u00e9partemental de l'\u00e9conomie,de l'emploi, du  travailet des solidarit\u00e9sdll\nde-France  \u00e0 compter  du 25  ao\u00fbt 2025 ;\nVu  l'arr\u00eat\u00e9 pr\u00e9fectoral n\u00b0202533  du 22 ao\u00fbt 2025  par lequel le Pr\u00e9fet des  Hauts-de-Seine\nd\u00e9l\u00e8gue sa signature \u00e0 Monsieur  Fabrice MASI, Directeur r\u00e9gional et interd\u00e9partemental\nde l'\u00e9conomie, de l'emploi, du travailet des solidarit\u00e9s d'\u00cele-de-France;\nVu  la d\u00e9cision n\u00b0 2025-187 du 25 ao\u00fbt 2025 portant subd\u00e9legation de signature de Monsieur\nFabrice MASI, Directeur r\u00e9gional et interd\u00e9partemental de l'\u00e9conomie, de  l'emploi, du\naval  et des  solidarit\u00e9s d'l-de-France,  aux  agents de l'Unit\u00e9 d\u00e9partementale  des  Hauts-\ndeSeine  ;\nVu  la d\u00e9claration activites de services \u00e0 la personne  d\u00e9pos\u00e9es  le 10 novembre  2025  au nom\nde la SASU  FRENCH  CARE  sise 32 Rue  de Paris \u00e0 BOULOGNE-BILLANCOURT\n82100):\n\n'Apr\u00e8s examen  du  dossier, cette demande  \u00e9tant conforme  aux  dispostions  de  l'article L. 7232-1-\n1 du  code  du  traval  le pr\u00e9sent  r\u00e9c\u00e9piss\u00e9  de  d\u00e9claration  d activites de  services  \u00e0 la personne\n\u00e9t\u00e9  enregistr\u00e9  au  nom  de  la SASU  FRENCH  CARE  sous  le num\u00e9ro  SAP  993572825,\nLes  activit\u00e9s  d\u00e9clar\u00e9es  sont  les  suivantes,  \u00e0  l'exclusion  de  toute  autre\nEntretion  de la maison  et travaux  m\u00e9nagers  ;\nPetits travaux de jardinage, y compris  les  travaux  de d\u00e9broussallage ;\n'Travaux  de petit bricolage  dits \u00ab homme  toutes  mains  \u00bb ;\nGarde  d'enfants de  plus  de trols  ans  \u00e0 domicl\nSoutien  scolaire  ou  cours  \u00e0  domicile\nSoins  desth\u00e9tiques  \u00e0 domicile  pour  les personnes  d\u00e9pendantes  ;\nPr\u00e9paration  de  repas  \u00e0  domicile,  y  compris  le temps  pass\u00e9  aux  courses  ;\nLivraison  de  repas \u00e0  domicile\nCollect et ivraison  \u00e0  domicile  de  linge repass\u00e9  ;\nLivraison de  courses \u00e0 domicile;\nAssistance  Informatique \u00e0 domicile;\nSoins ot promenades  d'animaux do compagnie,  \u00e0 l'exception  des  soins  v\u00e9t\u00e9rinaires\net du  tollettage, pour  les  personnes  d\u00e9pendantes  ;\nMaintonance,  entretien  et vigilance  temporaires,  \u00e0 domicile,  de  la r\u00e9sidence\nprincipaleet secondaire\nAasistance  administrative  \u00e0 domici\n'Aceompagnement  des  enfants  de  plus de  trols ans  dans  leurs  d\u00e9placements  on\ndehors  de  eur  domicile  (promenades, transports,  acts  de  la vie  courante);\n= T\u00e9l\u00e9assistance et  visio-assistance  ;\nInterpreten  langue  des  signes,  technicien  de  l'\u00e9crit et  codeur en  langage  parl\u00e9  et\ncompl\u00e9t\u00e9;\n= Prestation  de  conduite  du  v\u00e9hicule  personnel  des  personnes  temporairement\nd\u00e9pendantes  autres  quo  personnes  \u00e2g\u00e9es,  handicap\u00e9es  ou  ateints de pathologies\n\u00e9hroniques,  du  domicile  au  traval,  sur le leu  de  vacances,  pour  les d\u00e9marches\nadministratives ;\n= Accompagnement  des  personnes  tomporairement  d\u00e9pendantes  autres  que\npersonnes  \u00e2g\u00e9es, handicap\u00e9es  ou  atteintes de pathologies chroniques, dans  leurs\nd\u00e9placements en dehors de leur domicile (promenades, aide \u00e0 la mobilit\u00e9 et au\ntransport, actes dela ve  courante)\nAssistance  aux  personnes  autres  que  personnes  \u00e2g\u00e9es,  handicap\u00e9es  ou  atteintes\n'de pathologies  chroniques  qui  ont  besoin  temporairement  d'une  aide personnelle \u00e0\nleur domicile,  \u00e0  exclusion  des  soins  relevant  d'actes  m\u00e9dicaux  ;\nCoordination  ot d\u00e9livrance des  services  \u00e0 la personne  ;\nPrestations relevant du  b\u00e9n\u00e9fice de  la r\u00e9duction d'imp\u00f4t pr\u00e9vue  \u00e0 Vartcle 199  sexdecies  du Code\nG\u00e9n\u00e9ral  des  Imp\u00f4ts.\nLa  structure  exerce  ces  activit\u00e9s  solon  le mode  suivant  : Prestataire  et Mandataire  ot Miso\n\u00e0  disposition\nSous  r\u00e9serve  d'\u00eatre exerc\u00e9es  \u00e0  tire exclusif par  le d\u00e9clarant  (ou  sous  r\u00e9serve  d'une  comptabilit\u00e9\ns\u00e9par\u00e9e  pour les personnes  morales  dispens\u00e9es  de  la condition activit\u00e9 exclusive), ces activit\u00e9s\nouvrent  droit au  b\u00e9n\u00e9fice  des  dispositions  des  articles L. 7233-2  du  code  du  travail et L. 241-10\ndu  code  de  la  s\u00e9curt\u00e9  sociale.\n'Conform\u00e9ment  aux  dispositions de l'article R7232-19  du  code  du  travail, forganisme  d\u00e9ciar\u00e9  doit\nproduire  au  moins  chaque  trimestre un  \u00e9tat d'actvi\u00e9  et chaque  ann\u00e9e  un  bilan quanttatf  et\n'qualtaif de  l'activit\u00e9 exerc\u00e9e  au tire de l'ann\u00e9e \u00e9coul\u00e9e  ainsi qu'un tableau statistique annuel\nSi l'organisme  d\u00e9clar\u00e9  comporte  plusieurs  \u00e9tablissements,  les \u00e9tats statistiques et le bilan annuel\ndistinguent  l'activit\u00e9 exerc\u00e9e  par  chaque  \u00e9tablissement\n\nLe  pr\u00e9sent  r\u00e9c\u00e9piss\u00e9  prend  effet le 10  novembre  2025.\nL'enregistrement de  la d\u00e9claration  pourra \u00eatre  rotir\u00e9 si l'organisme d\u00e9clar\u00e9  cosso  de  remplir\nles  conditions  ou  de  respecter  les  obligations  mentionn\u00e9es  aux  4\u00b0,5\u00b0  et  6\u00b0  de  l'article\nR7232-17  ou  qui  m\u00e9connalt les  obligations  d\u00e9finies \u00e0 l'article R7232-19  du  code  du  travail.\n'Toute  modification concernant la structure d\u00e9clar\u00e9e ou les activit\u00e9s exerc\u00e9es devra, sous\npeine  de  revait  de  fa d\u00e9claration,  fare  objet  d'une  declaration  mocieatve  aupr\u00e9s  de  FUN\n\u00e9parementale  des  Hauts-de-Seine\nLe  pr\u00e9sent  r\u00e9c\u00e9piss\u00e9  sera  publi\u00e9 au  recuel  des  actes  administratifs de la pr\u00e9fecture  des  Hauts-\nde-Seine.\nFait \u00e0 Nanterre,  le 08  d\u00e9cembre  2025.\nPour  le  Pr\u00e9fet\n\"ar d\u00e9l\u00e9gation  et subd\u00e9l\u00e9gation\nLa  Responsable  du  service\nD\u00e9veloppement  de  l'emploi  et des\ncomp\u00e9tences\nMarlama CONDE\n\nEs  Direction r\u00e9gionale et interd\u00e9partementale\nMINISTERE de l'\u00e9conomie, de l'emploi,\nDU  TRAVAIL, DE LA SANT\u00c9, du travail et des solidarit\u00e9s.\nDES  SOLIDARIT\u00c9S\nET  DES  FAMILLES\nA\nR\u00e9c\u00e9piss\u00e9  n*2025-688 de d\u00e9claration d'activit\u00e9s de  services \u00e0 la personne\n'enregistr\u00e9e sous  le n\u00b0 SAP994331403  au nom  de la micro-entreprise LE GALL\nArthur  Yves  Roger  sise 18 Avenue  Marceau  \u00e0 COURBEVOIE  (92400)\nLE  PREFET  DES  HAUTS-DE-SEINE\nVu  la loi n\u00b0 2010-863  du 23  jullet 2010  relative aux r\u00e9seaux  consulaires, au commerce  et \u00e0\nl'artisanat et aux  services  (article 31)  ;\nVu  la loi n\u00b02018-1776  du  28  d\u00e9cembre  2015  relative \u00e0 l'adaptation de  la soci\u00e9t\u00e9 au\nviilissement ;\nVu  l'article 07231-1  du Code  du travai\nVu  les d\u00e9crets n\u00b0 2011-1132  et n\u00b0 2011-1133  du 20 septembre  2011  modifiant certaines\nVu  le d\u00e9cret n\u00b02016.750  du 6 juin 2016  relatif\u00e0 la liste des  activit\u00e9s de services \u00e0 la personne\nsoumises \u00e0 agr\u00e9ment ou \u00e0 autorisation dans le cadre du r\u00e9gime commun  dela d\u00e9claration ;\nVu  le d\u00e9cret du 31 octobre 2024 portant nomination de Monsieur Alexandre BRUGERE,  en\nqualit\u00e9 de Pr\u00e9fet des Hauts-de-Seine ;\nVu  l'ar\u00e9t\u00e9 imerminist\u00e9rel du 12 ao\u00fbt 2025 nommant  Monsieur Fabrice MASI, Directeur\nr\u00e9gionalet interd\u00e9partementalde l'\u00e9conomie, de l'emploi, du travail et des solidarit\u00e9sd'le-\nde-France  \u00e0 compler  du  25  ao\u00fbt  2025  ;\nvu arr\u00eat\u00e9 pr\u00e9fectoral n\u00b0202533  du 22 ao\u00fbt 2025  par lequel le Pr\u00e9fet des Hauts-de-Seine\nd\u00e9l\u00e8gue sa signature \u00e0 Monsieur Fabrice MASI, Directeur r\u00e9gional et interd\u00e9partemental\nde  F\u00e9conomie, de l'emploi, du travailet des solidarit\u00e9s d'\u00cele-de-France\nVu  la d\u00e9cision n\u00b0 2025-157  du  25  ao\u00fbt 2025  portant subd\u00e9l\u00e9gation de signature de  Monsieur\nFabrice MASI, Directeur r\u00e9gional et interd\u00e9partemental de l'\u00e9conomie, de l'emplol, du\ntravail et des solidartes d'le-de-France, aux agents de l'Unit\u00e9 d\u00e9partementale des Hauts-\nde-Seine\nVu  la d\u00e9ctaration d'activit\u00e9s de services \u00e0 la personne d\u00e9pos\u00e9es le 29 novembre 2025 au nom\nde la micro-entreprise LE GALL  Arthur Yves  Roger sise 18 Avenue  Marceau  \u00e0\nCOURBEVOIE  (92400)  ;\n\n'Apr\u00e8s examen  du dossier, cette demande  \u00e9tant conforme aux dispositions de l'article L. 7232.\n1 du  code  du  travail le pr\u00e9sent  r\u00e9c\u00e9piss\u00e9  de  d\u00e9claration  d'activit\u00e9s de  services  \u00e0 la personne  a\n\u00e9t\u00e9 enregistr\u00e9 au nom  de  la micro-entreprise LE  GALL  Arthur Yves  Roger  sous  le num\u00e9ro  SAP\n1994331403.\nLes  activit\u00e9s  d\u00e9clar\u00e9es  sont  les suivantes,  \u00e0  exclusion de  toute  autre\n= Entrotion  de  la maison  et travaux  m\u00e9nagers  ;\nPrestations relevant du b\u00e9n\u00e9fice dela r\u00e9duction imp\u00f4t  pr\u00e9vue  \u00e0 Faticle 199  sexdecies  du Code\n(G\u00e9n\u00e9ral  des  Imp\u00f4ts.\nLa  structure  exerce  ces  activit\u00e9s  selon  le mode  suivant : PRESTATAIRE\n'Sous  r\u00e9serve  d'\u00eatre exerc\u00e9es  \u00e0 tire exclusif  par  le d\u00e9clarant  (ou  sous r\u00e9serve  d'une  comptabilit\u00e9\ns\u00e9par\u00e9e  pour les personnes  morales  dispens\u00e9es  de la condition d'actit\u00e9 exclusive), ces activites\n'ouvrent droit au b\u00e9n\u00e9fice des dispositionsdes articles L. 7233-2  du code du travail et L. 241-10\ndu  code  de  la s\u00e9curit\u00e9 sociale\n(Conform\u00e9ment  aux  disposons  de l'aticie R7232-19  du code  du traval, Forganisme  d\u00e9clar\u00e9 doit\nproduire au  moins  chaque  trimestre un \u00e9tat d'activit\u00e9et chaque ann\u00e9e  un blan  quanttatf et\nquaitaif de activit\u00e9 exerc\u00e9e au tre  de l'ann\u00e9e \u00e9coul\u00e9e ainsi qu'un tableau statistique annuel.\nSi l'organisme d\u00e9clar\u00e9 comporte  plusieurs \u00e9tablissements, les \u00e9tats statistiques et le bilan annuel\ndistinguent  Factivit\u00e9 exerc\u00e9e  par  chaque  \u00e9tablissement.\nLe  pr\u00e9sent  r\u00e9c\u00e9piss\u00e9  prend  effetle 29  novembre  2025.\nL'enregistrement dela  d\u00e9claration pourra  \u00eatre retir\u00e9 si l'organisme d\u00e9clar\u00e9 cesse de remplir\nles conditions  ou  de  respecter  les obligations mentionn\u00e9es  aux 4,5\"  et 6\u00b0 de  l'article\n723247 ou qui m\u00e9connalt les obligations d\u00e9finies \u00e0 l'article R7232-19 du code  du  travail.\nane  de rer  dela declaration, faire objet Gune d\u00e9araton  modfcave  aupr\u00e9s de TUnte\nd\u00e9partementale  des  Hauts-de-Seine.\nLe  pr\u00e9sent  r\u00e9c\u00e9piss\u00e9  sera  publi\u00e9 au recueil des  actes  administratfs  de\nde-Seine.\npr\u00e9fecture des  Hauts-\nFait a Nanterre,  le 09 d\u00e9cembre 2025.\nPour  le Pr\u00e9fet\nPar  d\u00e9l\u00e9gation  et subd\u00e9l\u00e9gation\nLa  Responsable  du  service\nD\u00e9veloppement  de  l'emploi  et des\ncomp\u00e9tences\nai\nMariama  CONDE\n\nEs  Direction  r\u00e9gionale et interd\u00e9partementale\nMINIST\u00c8RE de l'\u00e9conomie, de l'emploi,\nDU  TRAVAIL,  DE  LA SANT\u00c9,  du travail et des solidarit\u00e9s\nDES  SOLIDARIT\u00c9S\nET  DES  FAMILLES\nA\nR\u00e9c\u00e9piss\u00e9  n\u00b02028-689  de  d\u00e9claration d'activit\u00e9s de  services \u00e0 la personne\nenregistr\u00e9e  sous  le n\u00b0 SAP994434421  au  nom  de  la micro-entreprise  BOUKI\nSYRINE  sise 6 Boulevard  Jean  - Jacques  Rousseau  \u00e0 GENNEVILLIERS  (92230)\nLE  PREFET  DES  HAUTS-DE-SEINE\nVu  la loi n\u00b0 2010-853  du 23 jullet 2010  relative aux r\u00e9seaux  consulaires, au commerce  et \u00e0\nFartisanat et aux  services (article 31);\nVu  la loi n\u00b02015-1778  du  28  d\u00e9cembre  2015  relative \u00e0 l'adaptation de  la soci\u00e9t\u00e9 au\nViellissement ;\nVu  l'article D7231-1  du  Code du  travai\nVu  les d\u00e9crets n\u00b0 2011-1132  et n\u00b0 2011-1133  du 20 septembre  2011  modifiant certaines\ndispositions  du  Code  du  travail, relatives au  ch\u00e8que  emplo-service  universel  et aux\nservices  \u00e0 la personne\nVu  le d\u00e9cret  n*2016-750  du 6 juin 2016 relatif \u00e0 la liste des activit\u00e9s de services \u00e0 la personne\n'soumises  \u00e0 agr\u00e9ment  ou \u00e0 autorisation dans le cadre du r\u00e9gime commun de la d\u00e9claration;\nVu  le d\u00e9cret du 31 octobre 2024 portant nomination de Monsieur Alexandre BRUGERE,  en\nqualit\u00e9 de  Pr\u00e9fet des  Hauts-de-Seine\nVu  l'ar\u00e9t\u00e9 interminist\u00e9riel du 12 ao\u00fbt 2025  nommant  Monsieur  Fabrice MASI,  Directeur\nr\u00e9gional et interd\u00e9partemental de l'\u00e9conomie,  de l'emploi, du travail et des  solidarit\u00e9s dle-\nde-France  \u00e0 compter  du  25  ao\u00fbt  2025\nVu  arr\u00e9t\u00e9  pr\u00e9fectoral n\u00b02025-33  du 22 ao\u00fbt 2025  par lequel le Pr\u00e9fet des  Hauts-de-Seine\nd\u00e9l\u00e8gue sa signature \u00e0 Monsieur  Fabrice MASI,  Directeur r\u00e9gional et iterd\u00e9partemental\nde l'\u00e9conomie, de l'emploi, du traval et des solidarit\u00e9s d'\u00eele-de-France  ;\nVu  la d\u00e9cision n\u00b0 2025-187  du  25 ao\u00fbt 2025  portant subd\u00e9l\u00e9gation de  signature de Monsieur\nFabrice MASI,  Directeur r\u00e9gional et interd\u00e9partemental de l'\u00e9conomie, de l'emploi, du\ntravail et des  soldart\u00e9s  dle-de-France,  aux agents de  l'Unit\u00e9 d\u00e9partementale  des  Hauts-\nde-Seine\nVu  la d\u00e9claration  d'actvit\u00e9s de services  \u00e0 la personne  d\u00e9pos\u00e9es  le 1 d\u00e9cembre  2025 au  nom\nde  la miero-entreprise BOUKI  SYRINE  sise 6 Boulevard  Jean  - Jacques  Rousseau  \u00e0\nGENNEVILLIERS  (82230)  ;\n\n{Apr\u00e8s examen  du  dossier, cette demande  \u00e9tant  conforme  aux dispositions  de  l'article L. 7232-1-\n1 du code  du traval  le pr\u00e9sent  r\u00e9c\u00e9piss\u00e9  de d\u00e9claration activit\u00e9s de services \u00e0 la personne  a\n\u00e9t\u00e9  enregistr\u00e9  au  nom  de  la micro-entreprise  BOUKI  SYRINE  sous  le num\u00e9ro  SAP  994434421,\nLes  activit\u00e9s  d\u00e9clar\u00e9es  sont  les  suivantes,  \u00e0  exclusion  de  toute  autre\nEntretien  de  la maison  et travaux  m\u00e9nagers\n= Garde  d'enfants de  plus  de trois  ans  \u00e0  domicile\n= Accompagnement  des  enfants  de  plus  de  trois ans  dans  leurs  d\u00e9placements  en\n'dehors  de  leur domicile  (promenades,  transports,  actes de la vie  courante)  ;\nPrestations  relevant  du  b\u00e9n\u00e9fice  de  la r\u00e9duction  d'imp\u00f4t  pr\u00e9vue  \u00e0 l'article 199  sexdecies  du  Code\n(G\u00e9n\u00e9ral  des  Imp\u00f4ts.\nLa  structure exerce  ces  activit\u00e9s selon  le mode  suivant : PRESTATAIRE\nSous  r\u00e9serve  d'\u00eatre exerc\u00e9es  \u00e0 tire exclusif parle  d\u00e9clarant  (ou  sous  r\u00e9serve  dune  comptabilit\u00e9\ns\u00e9par\u00e9e  pour  les personnes  morales  dispens\u00e9es de la condition  d'activit\u00e9 exclusive) ces  activit\u00e9s\nouvrent  dro  au b\u00e9n\u00e9fice  des  dispositions des  artcies  L. 7233-2  du  code du travall et L. 241-10\ndu  code  de  a  s\u00e9curt\u00e9  sociale.\n'Conform\u00e9ment  aux  dispositions de article R7232-19  du  code  du  travail l'organisme  d\u00e9ciar\u00e9  doit\nproduire au moins  chaque trimestre un \u00e9tat d'activit\u00e9 et chaque  ann\u00e9e  un bilan quantitatif et\nquaitatf de l'activit\u00e9 exerc\u00e9e au ire de l'ann\u00e9e \u00e9coul\u00e9e ainsi qu'un tableau statistique annuel.\nSi l'organisme d\u00e9clar\u00e9  comporte  plusieurs  \u00e9tablissements  les \u00e9tats statistiques et le bilan annuel\n'distinguent l'activit\u00e9 exerc\u00e9e  par  chaque  \u00e9tablissement.\nLe  pr\u00e9sent  r\u00e9c\u00e9piss\u00e9  prend  effet lo 1*  d\u00e9cembre  2028.\nL'enregistrement de la d\u00e9claration  pourra  \u00eatre retir\u00e9 si l'organisme  d\u00e9clar\u00e9  cesse  de  remplir\nles conditions  ou  de  respecter  les obligations  mentionn\u00e9es  aux  4,5\"  et 6\u00b0 do  l'article\nR7232-17  ou  qui  m\u00e9connalt  les obligations  d\u00e9finies  \u00e0 l'article R7232-19  du  code  du  travail.\n'Toute modification concemant  la structure d\u00e9clar\u00e9e ou es  activit\u00e9s exerc\u00e9es devra sous\npeine  de  retrait de  Ta d\u00e9claration, fare  objet  dune  d\u00e9claration  modiicatve  aupr\u00e9s  de  [Unie\n'Sopartementale  des  Hauts-de-Seine\nLe  pr\u00e9sent  r\u00e9c\u00e9piss\u00e9  sera  publ\u00e9  au  recueil des  actes  administratifs de la pr\u00e9fecture des  Hauts.\nde-Seine.\nFait \u00e0 Nanterre,  le 09  d\u00e9cembre  2025.\nPour  le Pr\u00e9fet\nPar  d\u00e9l\u00e9gation et  subd\u00e9l\u00e9gation\nLa  Responsable  du service\nD\u00e9veloppement  de  l'emploi et des\ncomp\u00e9tences\nVs\nMariama  CONDE\n\nEx  Direction  r\u00e9gionale  et interd\u00e9partementale\nMINIST\u00c8RE  de l'\u00e9conomiede l'emploi,\nDU  TRAVAIL,  DE  LA  SANT\u00c9,  du travail et des solidarit\u00e9s\nDES  SOLIDARIT\u00c9S\nET  DES  FAMILLES\nA\nR\u00e9c\u00e9piss\u00e9  n\u00b02025-690  de  d\u00e9claration  d'activit\u00e9s de  services \u00e0 la personne\n\"enregistr\u00e9e  sous  le n\u00b0 SAP994557890  au  nom  de  la micro-entreprise  LACROIX\nRene  Remi  siso  10  Rue  Paul  Bert \u00e0  COURBEVOIE  (92400)\nLE  PREFET  DES  HAUTS-DE-SEINE\nla oi n\u00b0 2010-853  du  23  jllt  2010  relative aux  r\u00e9seaux  consulaires, au  commerce  et \u00e0\nl'aisanat  et aux  services  (article 31)\nvu\nVu  la loi 1\u00b02018-1778  du  28  d\u00e9cembre  2015  relative \u00e0 l'adaptation de  la soci\u00e9t\u00e9  au\nviilissement ;\nVu  l'article D7231:1  du  Code  du  travail;\nVu  les d\u00e9crets  n\u00b0 2011-1132  et n\u00b0 2011-1133  du  20  septembre  2011  modiiant  certaines\ndispositions du  Code  du  traval, relatives au  ch\u00e8que  emploi-service  universel  et aux\nservices \u00e0 la personne  ;\nVu  le d\u00e9cret \"2016-750 du 6 juin 2016  relatif \u00e0 la iste des activit\u00e9s de services \u00e0 la personne\nsoumises \u00e0 agr\u00e9ment  ou \u00e0 autorisation dans  lecadre du r\u00e9gime commun  de la d\u00e9claration ;\n'Vu le  d\u00e9cret du 31 octobre 2024  portant nomination  de Monsieur  Alexandre  BRUGERE,  en\n'qualit\u00e9 de Pr\u00e9fet des Hauts-de-Seine ;\nVu  l'\u00e9t\u00e9  interminist\u00e9riel du  12 ao\u00fbt 2025  nommant  Monsieur  Fabrice MASI, Directeur\nr\u00e9gional et interd\u00e9partemental  de  l'\u00e9conomie,  de  l'emploi, du  travail et des  solidarit\u00e9s d'le-\nde-France \u00e0 compter  du  25 ao\u00fbt  2025  ;\nVu  l'arr\u00eat\u00e9 pr\u00e9fectoral n\u00b02025-33  du  22  ao\u00fbt 2025  par lequel le Pr\u00e9fet des  Hauts-de-Seine\nd\u00e9lgue  sa signature  \u00e0  Monsieur  Fabrice  MASI,  Directeur  r\u00e9gional et interd\u00e9partomental\nde  l'\u00e9conomie, de l'emploi du travailet des solidarit\u00e9s d'\u00cele-de-France ;\nVu  la d\u00e9cision n\u00b0 2025-157  du  25  ao\u00fbt 2025  portant subd\u00e9l\u00e9gation de signature de  Monsieur\nFabrice  MASI,  Directeur  r\u00e9gional  et interd\u00e9partemental  de l'\u00e9conomie,  de  l'emploi, du\ntravail et des  soldari\u00e9s  d'le-de-France,  aux  agents  de  l'Unit\u00e9 d\u00e9partementale  des  Hauts\nde-Seine  ;\nVu  la d\u00e9claration d'acthit\u00e9s de services \u00e0 la personne  d\u00e9pos\u00e9es le 02 d\u00e9cembre  2025  au nom\nde  la micro-entreprise LACROIX  Rene  Remi  sise 10 Rue  Paul Bert \u00e0 COURBEVOIE\n(82400)\n\n'Apr\u00e8s examen  du dossier, cette demande  \u00e9tant conforme aux dispositions de article L. 7232-1-\n1 du  code  du  traval, le pr\u00e9sent  r\u00e9c\u00e9piss\u00e9  de  d\u00e9ciaration  activit\u00e9s de  services  \u00e0 la personne  a\n\u00e9t\u00e9 enregistr\u00e9 au nom  de  la micro-entreprise LACROIX  Rene  Remi  sous  le num\u00e9ro  SAP\n1994557890.\nLes  actvit\u00e9s  d\u00e9clar\u00e9es sont  les  suivantes,  \u00e0 exclusion de  toute  autre\n= Entrotion  de  la maison  ot travaux  m\u00e9nagers  ;\nPrestations relevant du b\u00e9n\u00e9fice dela  r\u00e9duction d'imp\u00f4t pr\u00e9vue  \u00e0 l'article 199  sexdecies  du Code\nG\u00e9n\u00e9ral  des  Imp\u00f4ts.\nLa  structure  exerce ces activit\u00e9s selon  le mode  suivant : PRESTATAIRE\nSous  r\u00e9serve  d'\u00e9tre exerc\u00e9es  \u00e0 tre  exclus  par  le d\u00e9clarant (ou sous  r\u00e9serve  d'une  comptabilit\u00e9\nS\u00e9par\u00e9e  pour  les personnes  morales  dispens\u00e9es de la condition  d'activit\u00e9 exclusive) ces  activit\u00e9s\n'ouvrent droit au  b\u00e9n\u00e9fice des dispositionsdes articles L. 7233-2  du code du traval et L. 241-10\ndu  code  de  la s\u00e9curt\u00e9  sociale.\nConform\u00e9ment  aux  dispositionsde l'article R7232-19 du code  du travail l'organisme d\u00e9clar\u00e9 doit\nproduire au moins  chaque  timestre un \u00e9tat d'activit\u00e9 et chaque ann\u00e9e  un bilan quantitatif et\nqualitatif de l'activit\u00e9 exerc\u00e9e au titre de l'ann\u00e9e \u00e9coul\u00e9e ainsi qu'un tableau statistique annuel.\nSi l'organisme d\u00e9clar\u00e9 comporte  plusieurs \u00e9tablissements, ls  \u00e9tats statistiques et le bilan annuel\ndistinguent  l'activit\u00e9 exerc\u00e9e  par  chaque  \u00e9tablissement.\nLo  pr\u00e9sent  r\u00e9c\u00e9piss\u00e9 prend effet le 02 d\u00e9cembre  2025.\nL'enrogistrement de la d\u00e9claration pourra \u00eatre retir\u00e9 si l'organisme d\u00e9clar\u00e9 cosse de remplir\nles conditions  ou  de  rospacter  les  obligations  mentionn\u00e9es  aux  4\u00b0,5\u00b0 et 6\u00b0 de  l'article\n723217  ou  qui m\u00e9connalt  les obligations d\u00e9finies \u00e0 l'article R7232-19  du code du travail.\nmt $s exerc\u00e9es devra, sous\npeine de  retrait de  la d\u00e9claration, faire l'objet dune  d\u00e9ciaration modificative aupr\u00e9s  de [Unite\nd\u00e9partementale des Hauts-de-Seine.\nLe pr\u00e9sent r\u00e9\u00e9pisut  sara pub  au recul  ds  acts  adnate de La pr\u00e9fet  des  Hauts.\nde-Seine.\nFait \u00e0  Nanterre,  le 09  d\u00e9cembre  2025.\nPour  le Pr\u00e9fet\nPar  d\u00e9l\u00e9gation  ot subd\u00e9l\u00e9gation\nLa  Responsable  du  service\nD\u00e9veloppement  de  l'emploi  et des\ncomp\u00e9tences\n[ard\n'Marlama CONDE\n\n=n  Direction  r\u00e9gionale  et interd\u00e9partementale\nMINISTERE  de l'\u00e9conomie, de l'emploi,\nDU  TRAVAIL,  DE  LA  SANT\u00c9,  du travail et des solidarit\u00e9s\nDES  SOLIDARIT\u00c9S\nET  DES  FAMILLES\nog\nR\u00e9c\u00e9piss\u00e9  n*2025-691  de  d\u00e9claration  d'activit\u00e9s  de services \u00e0 la personne\n\"enregistr\u00e9e sous  le n\u00b0 SAP994556322  au  nom  de  la micro-entreprise GORY\nYOUSSOUF  sise  65  Rue  Fernand  Forest  \u00e0 SURESNES  (92150)\nLE  PREFET  DES  HAUTS-DE-SEINE\nVu  la lo n\u00b0 2010-853  du  23  jullet 2010  relatve  aux  r\u00e9seaux  consulaires, au  commerce et \u00e0\nl'artisanat  et aux  services  (article 31)  ;\nVu  la loi n\u00b02018-1776  du  28  d\u00e9cembre  2015  relative \u00e0  l'adaptation de  la soci\u00e9t\u00e9  au\nViellissement\nvu article  D7231-1  du  Code  du  travail\nVu  les d\u00e9crets  n\u00b0 2011-1132  et n\u00b0 2011-1133  du  20  septembre  2011  modifiant  certaines\ndispostions  du  Code  du  travail, relatives au  ch\u00e8que  emploi-service  universel et aux\nservices  \u00e0 la personne\nVu  le d\u00e9cret  n\u00b02016-750  du  6  juin 2016  relatif \u00e0 la liste des  activit\u00e9s de  services  \u00e0 la personne\nsoumises  \u00e0 agr\u00e9ment ou \u00e0 autorisation dans le cadre du r\u00e9gime  commun  dela d\u00e9claration\nVu  le d\u00e9cret du 31 octobre 2024  portant nomination de  Monsieur  Alexandre  BRUGERE,  en\nquait\u00e9 de Pr\u00e9fet des Hauts-de-Seine\nVu  l'arr\u00eat\u00e9 imerminist\u00e9riel du  12  ao\u00fbt  2025  nommant  Monsieur  Fabrice  MASI,  Directeur\nr\u00e9gionalet interd\u00e9partemental de  l'\u00e9conomie, de l'emploi, du travail et des solidarit\u00e9sd'le-\nde-France  \u00e0 compter  du  25  ao\u00fbt  2025  ;\nVu  l'ar\u00eat\u00e9 pr\u00e9fectoral n\u00b02026-33  du 22 ao\u00fbt 2025  par lequel le Pr\u00e9fet des  Hauts-de-Seine\nd\u00e9l\u00e8gue  sa signature  \u00e0 Monsieur  Fabrice  MASI,  Directeur  r\u00e9gional et Iterd\u00e9partemental\nde l'\u00e9conomie, de l'emploi, du travailet des solidarit\u00e9s d'le-de-France;\nVu  la d\u00e9cision  n\u00b0 2025-187  du  25  ao\u00fbt  2026  portant  subd\u00e9l\u00e9gation  de  signature  de  Monsieur\nFabrice  MASI,  Directeur  r\u00e9gional et interd\u00e9partemental  de  l'\u00e9conomie,  de  l'emploi, du\ntravail et des  solidarit\u00e9s d'l-de-France,  aux  agents  de  l'Unit\u00e9 d\u00e9partementale  des  Hauts-\nde-Seine\nVu  la d\u00e9claration  d'activit\u00e9sde services  \u00e0 la personne  d\u00e9pos\u00e9es le 03 d\u00e9cembre  2025  au  nom\nde  la micro-entreprise GORY  YOUSSOUF  sise 65 Rue  Fernand  Forest \u00e0 SURESNES\n(82150);\n\nApr\u00e8s  examen  du dossier, cette demande  \u00e9tant conforme  aux  dispositions de  article L. 7232-1-\n1 du  code  du  traval,  le pr\u00e9sent  r\u00e9c\u00e9piss\u00e9  de  d\u00e9ciaration  d'activit\u00e9s  de  services  \u00e0  la personne  a\n\u00e9t\u00e9  enregistr\u00e9  au  nom  de  la micro-entreprise  GORY  YOUSSOUF  sous  le num\u00e9ro  SAP.\n1994556322.\nLes  activit\u00e9s  d\u00e9ciar\u00e9es sont  les  suivantes,  \u00e0  l'exclusion de toute autre\nEntretien  de  la  maison  et  travaux  m\u00e9nagers  ;\nPrestations relevant du  b\u00e9n\u00e9fice  de  la r\u00e9duction  d'imp\u00f4t  pr\u00e9vue  \u00e0 article 199  sexdecies  du  Code\nG\u00e9n\u00e9ral  des  Imp\u00f4ts,\nLa  structure  exerce  ces  activit\u00e9s  selon  le mode  suivant  : PRESTATAIRE\nSous  r\u00e9serve  d \u00e9tre exerc\u00e9es  \u00e0 ttre exclusif parle  d\u00e9clarant  (ou  sous  r\u00e9serve  d'une  comptablit\u00e9\ns\u00e9par\u00e9e  pour les personnes  morales dispens\u00e9es  de la condition dactivit\u00e9 exclusive), ces activit\u00e9s\n'ouvrent droit au b\u00e9n\u00e9fice  des  dispositions  des  articles L. 7233-2  du  code  du  travall et L. 241-10\n'du code  de  la s\u00e9curit\u00e9  sociale\nCConform\u00e9ment  aux  dispositions de  article R7232-19  du  code  du  traval  organisme  d\u00e9ciar\u00e9  doit\nproduire au moins chaque  timestre un \u00e9tat d'activit\u00e9 et chaque  ann\u00e9e  un blan quantita  et\nqualtatf de  Factvite  exerc\u00e9e  au  tire  de  l'ann\u00e9e  \u00e9coul\u00e9e  ainsi  qu'un  tableau  statistique  annuel.\nSi l'organisme d\u00e9clar\u00e9  comporte  plusieurs  \u00e9tablissements  les \u00e9tats  statistiques et le bilan annuel\n'distinguent activit\u00e9 exerc\u00e9e  par chaque  \u00e9tablissement,\nLe  pr\u00e9sent  r\u00e9c\u00e9piss\u00e9  prend  effet le 03 d\u00e9cembre  2026.\nL'enregistrement  de  la d\u00e9claration  pourra \u00eatre retir\u00e9 si l'organisme d\u00e9clar\u00e9  cesse  de remplir\nles conditions  ou  de  rospacter  les obligations  mentionn\u00e9es  aux  4\u00b0,5\u00b0 et 6\u00b0 de  l'aticlo\nR7232-17 ou  qui  m\u00e9connalt  les obligations  d\u00e9finies  \u00e0 l'article R7232-19  du  code  du  travail.\n'Toute  modification concernant la structure d\u00e9clar\u00e9e ou les activit\u00e9s. exerc\u00e9es. devra, sous\npeine  de  retrait de  la d\u00e9claration, faire l'objet dune  d\u00e9claration  modticative  aupr\u00e8s  de  l'Unit\u00e9\nd\u00e9partementale  des  Hauts-de-Seine\nLe  pr\u00e9sent  r\u00e9c\u00e9piss\u00e9  sera  publi\u00e9 au  recueil des  actes  administratifs de la pr\u00e9fecture  des  Hauts-\nde-Seine.\nFait \u00e0 Nanterre,  le 09  d\u00e9cembre  2025.\nPour le Pr\u00e9fet\nPar  d\u00e9l\u00e9gation  et subd\u00e9l\u00e9gation\nLa  Responsable  du  service\nD\u00e9veloppement  de  l'emploi  ot des\ncomp\u00e9tences\n'Mariama CONDE\n\nEx  Direction r\u00e9gionale  et interd\u00e9partementale\nMINIST\u00c8RE de l'\u00e9conomie, de l'emploi,\nDU  TRAVAIL,  DE  LA  SANT\u00c9,  du travail et des solidarit\u00e9s\nDES  SOLIDARIT\u00c9S\nET  DES  FAMILLES\nA\nR\u00e9c\u00e9piss\u00e9  n\u00b02025-692  de  d\u00e9claration  d'activit\u00e9s  de  services  \u00e0 la personne\nenrogistr\u00e9e  sous  le n\u00b0 SAP934923319  au  nom  de  la micro-entreprise  BASTOS  DA\nSILVA  Dany  sise  19  Rue  des  Hauts  Fresnays  \u00e0 RUEIL-MALMAISON  (92500)\nLE  PREFET  DES  HAUTS-DE-SEINE\nVu  la loi n\u00b0 2010-863  du 23  jullet 2010  relative aux r\u00e9seaux  consulaires, au commerce  et \u00e0\nFartisanatet aux services (article 31);\nVu  la loi n\u00b02015-1776  du  28  d\u00e9cembre  2015  relative \u00e0 l'adaptation de  la soci\u00e9t\u00e9 au\nviellissement ;\nVu  l'article 07231-1  du  Code  du  travai\nVu  les d\u00e9crets n\u00b0 2011-1132  et n\u00b0 2011-1133  du 20  septembre  2011  modifiant cartaines\ndisposiions du Code  du  travail, relatives au ch\u00e8que  emploi-service universel et aux\nservices  \u00e0 la personne ;\nVu  le d\u00e9cret n\u00b02016750 du 6 juin 2016 rolai \u00e0 la liste des activit\u00e9sde services \u00e0 la personne\nsoumises  \u00e0 agr\u00e9ment  ou \u00e0 autorisation dans  le cadre du r\u00e9gime commun  dela d\u00e9claration\nVu  le d\u00e9cret du 31 octobre 2024  portant nomination de  Monsieur  Alexandre  BRUGERE,  en\n'qualit\u00e9 de Pr\u00e9fet des Hauts-de-Seine\narr\u00e9t\u00e9 interminist\u00e9riel du  12 ao\u00fbt 2025  nommant  Monsieur  Fabrice MASI, Directeur\nr\u00e9gionalet interd\u00e9partementalde l'\u00e9conomie, de l'emploi, du travail et des solidarit\u00e9s dll\nde-France  \u00e0 compter  du  25  ao\u00fbt  2025  ;\nVu  l'arr\u00eat\u00e9 pr\u00e9fectoral n\u00b02026-33  du  22  ao\u00fbt 2025  par lequel le Pr\u00e9fet des  Hauts-de-Seine\nd\u00e9l\u00e8gue  sa signature \u00e0 Monsieur  Fabrice MASI,  Directeur r\u00e9gional et interd\u00e9partemental\nde l'\u00e9conomie, de l'emploi du travailet des solidarit\u00e9s dile-de-France ;\nvu\nVu  la d\u00e9cision n\u00b0 2025-187  du  25  ao\u00fbt 2025  portant subd\u00e9l\u00e9gation de  signature de  Monsieur\nFabrice MASI, Directeur r\u00e9gional et interd\u00e9partemental de  l'\u00e9conomie, de  l'emploi, du\ntravail et des  solidart\u00e9s d'\u00cele-de-France, aux  agents de  I Unit\u00e9 d\u00e9partementale  des  Hauts-\nde-Seine  ;\nVu  la d\u00e9claration d'activit\u00e9s de services \u00e0 la personne  d\u00e9pos\u00e9es  le 19 novembre  2025 au nom\nde la micro-entreprise BASTOS  DA  SILVA  Dany  sise 19 Rue  des  Hauts  Fresnays  \u00e0\nRUEIL-MALMAISON  (82500)  ;\n\n'Apr\u00e8s examen  du  dossier, cette demande  \u00e9tant conforme  aux  dispositions de  l'article L. 7232-1-\n1 du code  du traval  le pr\u00e9sent  r\u00e9c\u00e9piss\u00e9  de d\u00e9ciaration d'activit\u00e9s de services \u00e0 la personne  a\n\u00e9t\u00e9  enregistr\u00e9  au  nom  de  la micro-entreprise  BASTOS  DA  SILVA  Dany  sous  le num\u00e9ro  SAP.\n1934923319,\nLes  activit\u00e9s d\u00e9clar\u00e9es  sont  les suivantes,  a exclusion  de  toute autre\nSoutien  scolaire  ou  cours  \u00e0  domici\nPrestations relevant du b\u00e9n\u00e9fice de a r\u00e9duction d'imp\u00f4t pr\u00e9vue \u00e0 l'aricie 199 sexdecies du Code\nGeneral  des  Imp\u00f4ts.\nLa  structure  exorce  ces  activit\u00e9s  selon  le mode  suivant  : PRESTATAIRE\nSous  r\u00e9serve  d'\u00eatre exerc\u00e9es  ttre  exclusif parle d\u00e9clarant  (ou  sous r\u00e9serve  dune  comptabiit\u00e9\ns\u00e9par\u00e9e  pour  les personnes  morales  dispens\u00e9es  de la condition d activit\u00e9 exclusive), ces  activit\u00e9s.\n'ouvrent droit au  b\u00e9n\u00e9fice des dispositions des  articles L. 7233-2  du  code  du travail et L. 241-10,\ndu  code  de la s\u00e9curt\u00e9  sociale.\n'Conform\u00e9ment  aux  dispositions de  l'article R7232-19  du  code  du  travail, l'organisme d\u00e9clar\u00e9 dott\nproduire au moins  chaque  timestre un \u00e9tat dactivt\u00e9 et chaque  ann\u00e9e  un bilan quantitatif et\nualtatif de activit\u00e9 exerc\u00e9e  au tire de  l'ann\u00e9e \u00e9coul\u00e9e  ainsi qu'un tableau statistique annuel\nSi l'organisme d\u00e9clar\u00e9 comporte  plusieurs \u00e9tablissements, les \u00e9tats statistiqueset le bilan annuel\ndistinguent  l'activit\u00e9 exerc\u00e9e  par  chaque  \u00e9tablissement.\nLe  pr\u00e9sent  r\u00e9c\u00e9piss\u00e9  prend  effet le 19 novembre  2028.\nL'enregistrement de la d\u00e9claration  pourra  \u00eatre rotir\u00e9si l'organisme  d\u00e9clar\u00e9  cesse  de remplir\nles conditions  ou  de respecter  les obligations montionn\u00e9es  aux  4\u00b0.5\u00b0 ot 6\u00b0 de  l'article\nR7232-17  ou  qui m\u00e9connait  les obligations d\u00e9finies \u00e0 article R7232-19 du  code  du  travall.\nTo nan cturs ctivi\u00e9s devra, sous\npane  de  retrait de  la d\u00e9caraton,  faire Tobjet une  d\u00e9claration mediicave  aupr\u00e9s de  fUnte\nd\u00e9partementale  des  Hauts-de-Seine.\nLe  pr\u00e9sent  r\u00e9c\u00e9piss\u00e9  sera  publ\u00e9  au  recuell des  actes  administratifs de la pr\u00e9fecture des  Hauts-\nde-Soine.\nFait \u00e0 Nanterre, 10  d\u00e9cembre  2025,\nPour  le Pr\u00e9fet\nPar  d\u00e9l\u00e9gation  et  subd\u00e9l\u00e9gation\nLa  Responsable  du  service\nD\u00e9veloppement  de  l'emploi  et des\ncomp\u00e9tences\n(aud\nMariama CONDE\n\n=z  Direction  r\u00e9gionale et interd\u00e9partementale\nde  l'\u00e9conomie,  de  l'emploi,\nDUTRAVAIL, DE LA SANT\u00c9, avai  et des soars\nDES  SOLIDARIT\u00c9S\nET  DES  FAMILLES\nEM\nR\u00e9c\u00e9piss\u00e9  n\u00b02028-694  de  d\u00e9claration  d'activit\u00e9s  de  services \u00e0 la personne\n\"enregistr\u00e9e  sous  le n\u00b0 SAP994592327  au  nom  de  la micro-entreprise PIERRON\n'Alex  Martin  Albert  sise  10  Rue  Magenta  \u00e0  ASNIERES-SUR-SEINE  (92600)\nLE  PREFET  DES  HAUTS-DE-SEINE\nVu  la loi n\u00b0  2010-853  du  23  jullet 2010  relative  aux  r\u00e9seaux  consulaires,  au  commerce  et  \u00e0\nl'artisanat et aux  services  (article 31);\nVu  la li  n\u00b02015-1776  du  28  d\u00e9cembre  2015  relative  \u00e0  l'adaptation  de  la soci\u00e9t\u00e9  au\nveilissement ;\nVu  l'article D7231-1  du  Code  du  travail;\nVu  les  d\u00e9crets  n\u00b0  2011-1132  et n\u00b0  2011-1133  du  20  septembre  2011  modifiant  certaines:\ndispositions  du  Code  du  travail, relatives  au  ch\u00e8que  emploi-service  universel  et  aux\nservices  \u00e0 la personne  ;\n'Vu le d\u00e9cretn'2016-750  du  6 juin 2016  relatif \u00e0 la liste des  activit\u00e9s de  services  \u00e0 la personne\nsoumises  \u00e0 agr\u00e9ment ou \u00e0 autorisation dans le cadre  du  r\u00e9gime  commun  de la d\u00e9claration  ;\nVu  le  d\u00e9cret  du  31 octobre  2024  portant nomination  de  Monsieur  Alexandre  BRUGERE,\nquait\u00e9 de Pr\u00e9fet des Hauts-de-Seine\nVu  l'ar\u00eat\u00e9 interminist\u00e9riel du  12  ao\u00fbt  2025  nommant  Monsieur  Fabrice  MASI,  Directeur\nr\u00e9gionalet interd\u00e9partemental de l'\u00e9conomie, de l'emploi, du travail et des solidarit\u00e9s dle\nde-France  \u00e0  compter  du  25  ao\u00fbt  2025  ;\nVu  l'ar\u00eat\u00e9 pr\u00e9fectoral n\u00b02025-33  du  22  ao\u00fbt  2025  par  lequel le Pr\u00e9fet des  Hauts-de-Seine\nd\u00e9l\u00e8gue  sa  signature  \u00e0  Monsieur  Fabrice  MASI,  Directeur  r\u00e9gional  et interd\u00e9partemental\nde l'\u00e9conomie, de  l'emploi, du travailet des solidart\u00e9s d'le-de-France\n'Vu la d\u00e9cision  n\u00b0 2025-187  du  25  ao\u00fbt  2025  portant subd\u00e9l\u00e9gation  de  signature  de  Monsieur\nFabrice  MASI,  Directeur  r\u00e9gional et interd\u00e9partemental  de  \u00e9conomie,  de  l'emploi, du\ntravail  et des  solidarit\u00e9s  d'Ile-de-France,  aux  agents  de  I Unit\u00e9  d\u00e9partementale  des  Hauts-\nde-Seine\nVu  la d\u00e9claration  d'activit\u00e9sde  services  \u00e0 la personne  d\u00e9pos\u00e9es  le 03  d\u00e9cembre  2025  au  nom\nde  la micro-entreprise  PIERRON  Alex  Martin  Albert sise 10 Rue  Magenta  \u00e0  ASNIERES-\nSUR-SEINE  (92600);\n\n'Apr\u00e8s examen  du  dossier, cette demande  \u00e9tant conforme  aux  dispositions de  fartcleL. 7232-1-\n1 du  code  du traval, le pr\u00e9sent  r\u00e9c\u00e9piss\u00e9  de d\u00e9claration \u00a2actvt\u00e9s  de services  \u00e0 a\n\u00e9t\u00e9  enregistr\u00e9  au  nom  de  la micro-entreprise  PIERRON  Alex  Marin  Albert sous  le num\u00e9ro  SAP\n1994592327,\nLes  activites d\u00e9clar\u00e9es  sont  les suivantes, \u00e0  l'exclusion de  toute autre\n= Entretien  de  la maison  et  travaux  m\u00e9nagers  ;\nPrestations  relevant  du  b\u00e9n\u00e9fice  dela  r\u00e9duction\nG\u00e9n\u00e9ral  des  Imp\u00f4ts.\nLa  structure  exorce  ces  activit\u00e9s  solon  le mode  suivant  :PRESTATAIRE\nimp\u00f4t  pr\u00e9vue  \u00e0  article  199  sexdecies  du  Code\nSous  r\u00e9serve d'\u00eatre exerc\u00e9es  a ttre exclusif par le d\u00e9clarant (ou sous  r\u00e9serve d'une comptablit\u00e9\ns\u00e9par\u00e9e  pour les personnes  morales dispens\u00e9es de la condition d'actvi\u00e9 exclusive). ces activit\u00e9s\nouvrent  arot  au b\u00e9n\u00e9fice  des  dispositions des  articles L. 7283-2  du code du traval  et L. 241-10,\ndu  code  de la s\u00e9curit\u00e9 sociale.\n'Conform\u00e9ment  aux  dispositions  de l'article R7232-19  du  code  du  travail, l'organisme  d\u00e9clar\u00e9  dott\nproduire au moins chaque  trimestre un \u00e9tat dactivit\u00e9 et chaque  ann\u00e9e  un bilan quanttatf et\nqualtatf de Tactvite exerc\u00e9e au tie  de l'ann\u00e9e \u00e9coul\u00e9e ainsi qu'un tableau statistique annuel.\nSi organisme  d\u00e9clar\u00e9  comporte  plusieurs  \u00e9tablissements,  les \u00e9tats statistiques et le bilan annuel\ndistinguent  activit\u00e9  exerc\u00e9e  par  chaque  \u00e9tablissement.\nLe  pr\u00e9sent  r\u00e9c\u00e9piss\u00e9  prend  effet le 03 d\u00e9cembre  2025.\nL'enregistrement de la d\u00e9claration pourra tre rtir\u00e9 si l'organisme  d\u00e9clar\u00e9 cesse de remplir\nles conditions  ou  de  respecter  les obligations mentionn\u00e9es  aux  4\u00b0,5* et 6\u00b0 de l'article\nR7232-17  ou  qui  m\u00e9connait  les  obligations  d\u00e9finies  \u00e0  article  R7232-19  du  code  du  travail.\npeine de reat de Ta declaration,fare objet dune d\u00e9claration modiicatwe aupr\u00e9s de FUnit\u00e9\n'Sopartomentale des  Hauts-de-Seine\nLe  pr\u00e9sent  r\u00e9c\u00e9piss\u00e9 sera pubi\u00e9  au recueil des actes administratifs de la pr\u00e9fecture des  Hauts-\nde-Seine\nFait \u00e0 Nanterre, le 10 d\u00e9cembre 2025.\nPour  le Pr\u00e9fet\nPar  d\u00e9l\u00e9gation  ot subd\u00e9l\u00e9gation\nLa  Responsable  du  sorvice\nD\u00e9veloppement  de  l'emploi  et des\ncomp\u00e9tences\nfra\nMariama  CONDE\n\nEx  Direction  r\u00e9gionale  etinterd\u00e9partementale\nMINIST\u00c8RE de l'\u00e9conomie, de l'emploi,\nDU  TRAVAIL,  DE  LA  SANT\u00c9,  du travail et des solidarit\u00e9s\nDES  SOLIDARIT\u00c9S\nET  DES  FAMILLES\n=\nR\u00e9c\u00e9piss\u00e9  n\u00b02025-695  de  d\u00e9claration  d'activit\u00e9s  de  services  \u00e0  la personne\nenregistr\u00e9e  sous  le n\u00b0 SAP994124626 au  nom  de la micro-entreprise  JBALI\nYOUSSRA  sise  112  Rue  Saint-Denis  \u00e0  COLOMBES  (92700)\nLE  PREFET  DES  HAUTS-DE-SEINE\nVu  la loi n\u00b0  2010-853 du  23  jullet  2010  relative  aux  r\u00e9seaux  consulaires,  au  commerce et \u00e0\nl'artisanat et aux  services  (article 31)  ;\nVu  la loi 1\u00b02015-1776  du  28  d\u00e9cembre  2015  relative \u00e0 l'adaptation de  la soci\u00e9t\u00e9  au\nviellissement ;\nVu  l'article 07231-1  du  Code  du  traval\nVu  les d\u00e9crets  n\u00b0 2011-1132  et n\u00b0 2011-1133  du  20  septembre  2011  modifiant  certaines\ndispositions du  Code  du  travail, relatives au  ch\u00e8que  emploiservice  universel et aux\nservices  \u00e0  la personne\nVu  le d\u00e9cret  n\u00b02018750  du  6 juin 2016  relatif \u00e0 la liste des  activit\u00e9s de  services  \u00e0 la personne\nsoumises  \u00e0 agr\u00e9ment  ou  \u00e0  autorisation dans le cadre  du  r\u00e9gime  commun  de la d\u00e9claration  ;\nVu  le d\u00e9cret  du  31 octobre  2024  portant  nomination  de  Monsieur  Alexandre  BRUGERE,  en\nquait\u00e9 de Pr\u00e9fet des Hauts-de-Seine ;\nVu  l'ar\u00eat\u00e9 interminist\u00e9riel du  12  ao\u00fbt 2025  nommant  Monsieur  Fabrice  MASI,  Directeur\nr\u00e9gional et interd\u00e9partemental del'\u00e9conomie, de l'emploi, du travailet des solidarit\u00e9s d'le-\nde-France \u00e0  compter  du  25  ao\u00fbt  2025\nVu  l'\u00e9t\u00e9  pr\u00e9fectoral n\u00b02025-33  du  22  ao\u00fbt  2025  par  lequel le Pr\u00e9fet des  Hauts-de-Seine\nd\u00e9l\u00e8gue  sa  signature \u00e0 Monsieur  Fabrice  MASI,  Directeur  r\u00e9gional et interd\u00e9partemental\ne  l'\u00e9conomie, de l'emploi, du travail et des solidarit\u00e9s d'\u00cele-de-France\n'Vu la d\u00e9cision  n\u00b0 2025-187  du  25  ao\u00fbt  2025  portant  subd\u00e9l\u00e9gation  de  signature  de  Monsieur\nFabrice  MASI,  Directeur  r\u00e9gional et interd\u00e9partemental  de  \u00e9conomie,  de  l'emploi, du\ntraval  et des  solidarit\u00e9s  dle-de-France,  aux  agents  de  I Unit\u00e9  d\u00e9partementale  des  Hauts\ndeSeine\nVu  la d\u00e9claration d'activit\u00e9s de services \u00e0 la personne  d\u00e9pos\u00e9es  le 1\" d\u00e9cembre  2025 au nom\nde  la micro-entreprise  JBALI  YOUSSRA  sise 112  Rue  Saint-Denis  \u00e0 COLOMBES\n(82700):\n\n'Apres examen  du dossier, cette demande  \u00e9tant conforme aux disposons  de l'article L. 7232-1-\n1 du code du traval le pr\u00e9sent r\u00e9c\u00e9piss\u00e9 de d\u00e9claration d'activit\u00e9s de services \u00e0 Ia personne a\nt\u00e9  enregitr\u00e9 au nom  de  la micro-entreprise JBALI  YOUSSRA  sous  le num\u00e9ro  SAP  994124626,\nLes  activit\u00e9s d\u00e9clar\u00e9es  sont  les suivantes,  \u00e0  exclusion  de  toute autre\nEntretien  de  la maison  et travaux  m\u00e9nagers  ;\nGarde  d'enfants de  plus  de  trois ans  \u00e0  domi\nSoins  d'esth\u00e9tiques  \u00e0  domicile  pour  les personnes  d\u00e9pendantes  ;\nPr\u00e9paration  de  repas  \u00e0 domicile, y compris  le tomps pass\u00e9  aux  courses\nLivraison  de  repas  \u00e0  domicil\nCCollecte  et livraison  \u00e0  domici de  linge  repass\u00e9  ;\nPrestations  relevant du  b\u00e9n\u00e9fice  de  la r\u00e9duction  d'imp\u00f4t  pr\u00e9vue  \u00e0 article  199  sexdecies  du  Code\nG\u00e9n\u00e9ral  des  Imp\u00f4ts.\nLa structure exerce  ces  activit\u00e9s selon  le mode  suivant  : PRESTATAIRE\nSous  r\u00e9serve d'\u00e9tre exerc\u00e9es  \u00e0 tte  exclus  parle d\u00e9clarant (ou sous  r\u00e9serve d'une comptabilit\u00e9\n's\u00e9par\u00e9e pour les personnes  morales dispens\u00e9es de la condition \u00a2 activit\u00e9 exclusive) ces activites\n'ouvrent droit au  b\u00e9n\u00e9fice  des  dispositions  des  articles L. 7233-2  du  code  du  travail et L. 241-10\n'du code  de  la s\u00e9curt\u00e9  sociale.\nConform\u00e9ment  aux  depositions  de  article R7232-19  du  code  du  traval, l'organisme  d\u00e9clar\u00e9  doit\nproduire au moins chaque trmestre un \u00e9tat d'activit\u00e9 et chaque ann\u00e9e un blan quantitatt et\nQualtatf  de  l'activit\u00e9 exerc\u00e9e  au  tre  de  l'ann\u00e9e  \u00e9coul\u00e9e  ainsi qu'un  tableau  statistique annuel.\nSi l'organisme  d\u00e9clar\u00e9  comporte  plusieurs  \u00e9tablissements  les \u00e9tats statistiques etl  bilan annuel\ndistinguent  l'actit\u00e9 exerc\u00e9e  par  chaque  \u00e9tablissement\nLe  pr\u00e9sent  r\u00e9c\u00e9piss\u00e9  prend  effet le 1%  d\u00e9cembre  2025.\nL'enrogistromont  de  la d\u00e9claration pourra  \u00eatre retir\u00e9si l'organisme  d\u00e9clar\u00e9 cesse  de remplir\nles conditions  ou  de  rospector  les obligations mentionn\u00e9es  aux  4',5\u00b0 ot 6\u00b0 de  l'article\n7232.17  ou  qui  m\u00e9connalt  les  obligations  d\u00e9finies  \u00e0 l'article R7232-19  du code  du  travail.\nd\u00e9partementale  des  Hauts-de-Seine.\nLe pr\u00e9sent r\u00e9c\u00e9piss\u00e9 sera publi\u00e9 au recueil des  actes administratifs de\nde-Seine.\nFait \u00e0  Nanterre, le 10 d\u00e9cembre  2025.\nPour  le Pr\u00e9fet\nPar  d\u00e9l\u00e9gation  et subd\u00e9l\u00e9gation\nLa  Responsable  du  service\nD\u00e9veloppement  de  l'emploi  et  des\ncomp\u00e9tences\n\u00c0\n'Mariama CONDE\n\nEx  Direction r\u00e9gionale et interd\u00e9partementale\nMINIST\u00c8RE de l'\u00e9conomie, de l'emploi,\nDU  TRAVAIL,  DE  LA  SANT\u00c9,  du travail et des solidarit\u00e9s\nDES  SOLIDARIT\u00c9S\nET  DES  FAMILLES\nay\nR\u00e9c\u00e9piss\u00e9  n*2025-696 de d\u00e9claration  d'activit\u00e9s de  services  \u00e0 la personne\nenregistr\u00e9e  sous  le n\u00b0 SAP994417343  au  nom  de la micro-entreprise  ET\nTERBAOUI  SELHAM  sise 2 Avenue de la Lib\u00e9ration \u00e0 GENNEVILLIERS  (92230)\nLE  PREFET  DES  HAUTS-DE-SEINE\nVu  la loi n\u00b0 2010-863  du 23  jullet 2010  relative aux r\u00e9seaux  consulaires, au commerce  et \u00e0\nartisanat et aux  services  (article 31);\nVu  la loi n\u00b02015-1776  du  28 d\u00e9cembre  2015  relative \u00e0 l'adaptation de  la soci\u00e9t\u00e9 au\nviilissement\nVu  l'article 07231-1  du  Code  du  travail;\nVu  les d\u00e9crets n\u00b0 2011-1132  et n\u00b0 2011-1133  du 20  septembre  2011  modifiant certaines\ndispositions  du  Code  du  travail, relatives au  ch\u00e8que  emploi-service  universel  et aux\nservices  \u00e0 la personne\nVu  le d\u00e9cret  n\u00b02016750  du 6 jun  2016 relatif \u00e0 la liste des activit\u00e9s de services \u00e0 la personne\nsoumises  \u00e0 agr\u00e9ment  ou \u00e0 autorisation dans le cadre du r\u00e9gime commun  dela d\u00e9claration\nVu  le d\u00e9cret du  31 octobre 2024  portant nomination de  Monsieur  Alexandre  BRUGERE,  en\nqualit\u00e9 de  Pr\u00e9fet des Hauts-de-Seine  ;\nVu  l'arr\u00ebt\u00e9 interminist\u00e9riel du  12  ao\u00fbt  2025  nommant  Monsieur  Fabrice  MASI,  Directeur\nr\u00e9gional tinterd\u00e9partementa  de  l'\u00e9conomie,  de  l'emploi, du travail et des  solidarit\u00e9s dle-\nde-France  \u00e0 compter  du  25  ao\u00fbt  2025  ;\nVu  l'arr\u00eat\u00e9 pr\u00e9fectoral n\u00b0202533  du 22 ao\u00fbt 2025  par lequel le Pr\u00e9fet des  Hauts-de-Soine\nd\u00e9l\u00e8gue  sa signature \u00e0 Monsieur  Fabrice MASI,  Directeur r\u00e9gional et interd\u00e9partemental\nde l'\u00e9conomie, de l'emploi, du traval et des solidarit\u00e9s d'le-de-France ;\nVu  la d\u00e9cision  n\u00b0 2025-157  du  25  ao\u00fbt  2025  portant subd\u00e9l\u00e9gation  de  signature  de  Monsieur\nFabrice  MASI,  Directeur  r\u00e9gional et interd\u00e9partemental  de  l'\u00e9conomie,  de  l'emploi, du\ntravail et des  soldari\u00e9s dlle-de-France, aux agents de  l'Unit\u00e9 d\u00e9partementale  des  Hauts-\nde-Seine\nVu  la d\u00e9claration d'activit\u00e9s de services \u00e0 la personne  d\u00e9pos\u00e9es  le 4 d\u00e9cembre  2025 au nom\nde la micro-entreprise ET  TERBAOUI  SELHAM  sise 2 Avenue  de  la Lib\u00e9ration \u00e0\nGENNEVILLIERS  (92230)  ;\n\n'Apr\u00e8s examen  du dossier, cette demande  \u00e9tant conforme  aux  dispositions de article L. 7232-1-\n1 du  code  du traval, le pr\u00e9sent r\u00e9c\u00e9piss\u00e9 de  d\u00e9claration d'activit\u00e9s de services \u00e0 la personne  a\n\u00e9t\u00e9 enregistr\u00e9 au nom  de la micro-entreprise ET  TERBAOUI  SELHAM  sous le num\u00e9ro  SAP\n994417343,\nLes  activites d\u00e9clar\u00e9es  sont les suivantes, \u00e0 l'exclusion de toute  autre\nEntretien  de la maison  et travaux  m\u00e9nagers  ;\nGarde  d'enfants  de plus de trois  ans  \u00e0 domicile  ;\nPrestations relevantdu b\u00e9n\u00e9fice de la r\u00e9duction d'imp\u00f4t pr\u00e9vue \u00e0 l'aile  199 sexdecies du Code\nGeneral  des  Imp\u00f4ts.\nLa  structure  exerce  ces  activit\u00e9s selon  le mode  suivant : PRESTATAIRE\nSous  r\u00e9serve d'\u00eatre exerc\u00e9es \u00e0 tire exclusifpar le d\u00e9clarant (ou sous  r\u00e9serve d'une comptabiit\u00e9\ns\u00e9par\u00e9e pour les personnes morales  dispens\u00e9es de la condition d'actuit\u00e9 exclusive) ces activit\u00e9s\n'ouvrent dro  au  b\u00e9n\u00e9fice des disposons  des  articles L. 7233-2  du code du travail et L. 241-10\ndu  code  de  la  s\u00e9curit\u00e9  sociale.\nConform\u00e9ment  aux dispositions de  l'aticie R7232-19  du code  du  travail l'organisme d\u00e9clar\u00e9 doit\nproduire au moins chaque timestre un \u00e9tat d'activit\u00e9 et chaque ann\u00e9e un bilan quantal  et\nqualitatif de l'activit\u00e9 exerc\u00e9e  au  tire de l'ann\u00e9e \u00e9coul\u00e9e  ainsi qu'un tableau statistique annuel.\nSi l'organisme d\u00e9clar\u00e9 comporte  plusieurs \u00e9tablissements, les \u00e9tats statistiques et le bilan annuel\ndistinguent  l'activit\u00e9 exerc\u00e9e  par  chaque  \u00e9tablissement,\nLe  pr\u00e9sent  r\u00e9c\u00e9piss\u00e9  prend  effet le 4 d\u00e9cembre  2025.\nL'enregistrement de la d\u00e9claration  pourra \u00eatre retir\u00e9 si l'organisme  d\u00e9clar\u00e9 cesse de remplir\nles conditions ou de respacter les obligations mentionn\u00e9es  aux  4\u00b0,6\u00b0 et 6\u00b0 de l'article\n723217  ou  qui m\u00e9connalt  les obligations d\u00e9finies \u00e0 l'article R7232-19  du  code  du  travail.\n'Toute modification concernant la structure d\u00e9clar\u00e9e ou les activit\u00e9s exerc\u00e9es devra, sous\npeine de retrait de la d\u00e9claration, faire l'objet d'une d\u00e9ciaration modiicative aupr\u00e8s de [Unit\u00e9\n'd\u00e9partementale  des  Hauts-de-Seine.\nLe pr\u00e9sent r\u00e9c\u00e9piss\u00e9 sera publi\u00e9 au recuell des  actes administratifs de la pr\u00e9fecture des Hauts.\nde-Seine.\nFait \u00e0  Nanterre,  le 10 d\u00e9cembre  2025,\nPour  le Pr\u00e9fet\nd\u00e9l\u00e9gation  et subd\u00e9l\u00e9gation\nLa  Responsable  du  sorvice\nD\u00e9veloppement  de  l'emploi  ot des\ncomp\u00e9tences\n2:\nMariana  CONDE\n\n=x  Direction  r\u00e9gionale  et interd\u00e9partementale\nMINISTERE de l'\u00e9conomie, de l'emploi,\nDU  TRAVAIL,  DE  LA  SANT\u00c9,  du travail et des solidarit\u00e9s\nDES  SOLIDARIT\u00c9S\nET  DES  FAMILLES\nA\nR\u00e9c\u00e9piss\u00e9  n*2025-697  de  d\u00e9claration  d'activit\u00e9s de  services  \u00e0 la personne\n'enregistr\u00e9e  sous  le n\u00b0  SAP993711944 au  nom  de  la micro-entreprise  DJELLOUT\nLOUNES  sise  2 Rue  de  Legnano  Chez  Mme  REKEB  \u00e0 COLOMBES  (92700)\nLE  PREFET  DES  HAUTS-DE-SEINE\nVu  la loi n\u00b0 2010-859  du  23  jullet 2010  relative aux  r\u00e9seaux  consulaires,  au  commerce et \u00e0\nl'artisanat  et aux  services  (article 31)\n'Vu la loi n\u00b02015-1778  du  28  d\u00e9cembre  2015  relative \u00e0 l'adaptation de  la soci\u00e9t\u00e9  au\nveilissement\nVu  l'aricie  07231-1  du  Code  du  travail\nVu  les d\u00e9crets  n\u00b0 2011-1132  et n\u00b0 2011-1133  du  20  septembre  2011  modifiant  certaines\ndispositions du  Code  du  aval,  relatives au  ch\u00e8que  emplo-service  universel et aux\nservices  \u00e0 la personne\nVu  le d\u00e9cret  n\u00b02018-750  du  6 juin 2016  relatif\u00e0 la liste des  activites de  services  \u00e0 la personne\nsoumises  \u00e0 agr\u00e9ment  ou  \u00e0 autorisation dans le cadre  du  r\u00e9gime  commun  de la d\u00e9ciaration\nVu  le d\u00e9cret  du  31  octobre  2024  portant  nomination  de  Monsieur  Alexandre  BRUGERE,  en\nqualit\u00e9 de Pr\u00e9fet des Hauts-de-Seine ;\narr\u00e9t\u00e9 interminist\u00e9riel du  12  ao\u00fbt  2025  nommant  Monsieur  Fabrice  MASI,  Directeur\nr\u00e9gional et interd\u00e9partemental  del'\u00e9conomie,  de l'emploi, du  travail et des  solidarit\u00e9s dle\nde-France  \u00e0 compter  du  25  ao\u00fbt  2025  ;\nVu  l'arr\u00eat\u00e9 pr\u00e9fectoral n\u00b02025-33  du  22  ao\u00fbt  2025  par  lequel le Pr\u00e9fet des  Hauts-de-Seine\nd\u00e9l\u00e8gue  sa signature  \u00e0 Monsieur  Fabrice  MASI,  Directeur  r\u00e9gional et interd\u00e9partemental\nde  l'\u00e9conomie, de l'emploi, du travail et des  solidarit\u00e9s d'le-de-France ;\nvu\nVu  la d\u00e9cision  n\u00b0  2025-187  du  25  ao\u00fbt  2025  portant  subd\u00e9l\u00e9gation  de  signature  de  Monsieur\nFabrice  MASI,  Directeur  r\u00e9gional et interd\u00e9partemental  de  l'\u00e9conomie,  de  l'emploi, du\ntravail et des  solidarit\u00e9s d'ile-de-France, aux  agents  de  [Unit\u00e9  d\u00e9partementale  des  Hauts-\nde-Seine\nVu  la  d\u00e9claration  d'actvi\u00e9s  de  services  \u00e0 la personne  d\u00e9pos\u00e9es  le 29  novembre  2025  au  nom\nde  la micro-entreprise  DJELLOUT  LOUNES  sise 2 Rue  de  Legnano  Chez  Mme  REKEB  \u00e0\n'COLOMBES  (82700)\n\n'Apr\u00e8s examen  du  dossier, cette demande  \u00e9tant conforme  aux  dispostions  de  l'article L. 7232-1-\n1 du code  du traval, le pr\u00e9sent  r\u00e9c\u00e9piss\u00e9  de d\u00e9ctaration d'activit\u00e9s de services \u00e0 la personne  a\n\u00e9t\u00e9 enregistr\u00e9 au nom  de  la micro-entreprise DJELLOUT  LOUNES  sous  le num\u00e9ro  SAP\n'993711944\nLes  activit\u00e9s d\u00e9clar\u00e9es  sont  les suivantes, \u00e0 l'exclusion de  toute  autre\nEntrotion  de  la maison  et  travaux  m\u00e9nagers\nGarde  d'enfants  de  plus  de  trois ans  \u00e0  domicile;\nSoutien  scolaire  ou  cours  \u00e0  domicl\nLivraison  de  repas  \u00e0 domicile\n'Assistance  informatique \u00e0  domicile;\n'Assistance  administrative  \u00e0 domicile;\n'Accompagnement  des  enfants  de  plus de  trois ans  dans  leurs d\u00e9placements  en\n'dehors de  leur domicile  (promenades,  transports, actes  de  la vie courante)  ;\nPrestations relevant du  b\u00e9n\u00e9fice dela  r\u00e9duction d'imp\u00f4t pr\u00e9vue  \u00e0 article 199  sexdecies  du Code\n(G\u00e9n\u00e9ral  des  Imp\u00f4ts.\nLa  structure  exerce  ces activit\u00e9s  selon  le mode  sulvant :  PRESTATAIRE\nSous  r\u00e9serve d'\u00eatre exerc\u00e9es  \u00e0 tire exclusif par le d\u00e9clarant (ou sous  r\u00e9serve d'une comptabiit\u00e9\ns\u00e9par\u00e9e  pour les personnes  morales  dispens\u00e9es de la condition d'activt\u00e9 exclusive), ces activites\nouvrent droit au  b\u00e9n\u00e9fice des  dispositions des  articles L. 7233-2  du code  du  travail et L. 241-10\ndu  code  de  la s\u00e9curt\u00e9  sociale.\nConform\u00e9ment  aux dispositionsde l'article R7232-19 du code  du traval, Forganisme  d\u00e9clar\u00e9 doit\nproduire au moins chaque timestre un \u00e9tat d'activit\u00e9 et chaque  ann\u00e9e  un bilan quanttatf et\nqualitatif de active  exerc\u00e9e  au  tre  de l'ann\u00e9e \u00e9coul\u00e9e  ainsi qu'un tableau statistique annuel.\nSi l'organisme d\u00e9clar\u00e9 comporte  plusieurs \u00e9tablissements, les \u00e9tats statistiques etl  bilan annuel\ndistinguent  l'activit\u00e9 exerc\u00e9e  par  chaque  \u00e9tablissement.\nLo  pr\u00e9sent  r\u00e9c\u00e9piss\u00e9  prend  effet le 29 novembre  2025.\nL'enrogistrement  de la d\u00e9claration  pourra  \u00eatre retir\u00e9 si l'organisme d\u00e9clar\u00e9 cesse de remplir\nles conditions  ou  de  respecter  les  obligations  mantionn\u00e9es  aux  4\u00b0,5\u00b0 et 6\u00b0 de  l'articio\n7232.17 ou  qui m\u00e9connalt  les obligations d\u00e9finies \u00e0 l'article R7232-19  du code du travail.\n'Toute modification concernant la structure d\u00e9clar\u00e9e ou les activit\u00e9s exerc\u00e9es. devra, sous\npeine de retrait de la d\u00e9claration, faire l'objet dune  d\u00e9claration modficative aupr\u00e8s de {Unit\u00e9\nd\u00e9partementale des Hauts-de-Seine.\nLe  pr\u00e9sent  r\u00e9c\u00e9piss\u00e9  sera  publi\u00e9 au  recueil des  actes  administratifs de  la pr\u00e9fecture  des  Hauts-\nde-Seine,\nFait \u00e0  Nanterre, le 10 d\u00e9cembre  2025,\nPour  le Pr\u00e9fet\nPar d\u00e9l\u00e9gation  ot subd\u00e9l\u00e9gation\nLa  Responsable  du  service\nD\u00e9veloppement  de  l'emploi  et des\ncomp\u00e9tences\nMariama CONDE\n\nEx  Direction  r\u00e9gionale  et interd\u00e9partementale\nMINIST\u00c8RE de l'\u00e9conomie, de l'emploi,\nDU  TRAVAIL, DE LA SANT\u00c9, du travail et des solidarit\u00e9s\nDES  SOLIDARIT\u00c9S\nET  DES  FAMILLES\nA\nR\u00e9c\u00e9piss\u00e9  n*2025-698  de  d\u00e9claration d'activit\u00e9s de  services  \u00e0 la personne\nenregistr\u00e9e  sous  le n\u00b0 SAP994559862  au  nom  de  la micro-entreprise  BOUKEU\nTCHINDA  JOMKOUO  sise 4 Rue  des  Jardins  \u00e0 ASNIERES-SUR-SEINE  (92600)\nLE  PREFET  DES  HAUTS-DE-SEINE\nVu  Ia loi n\u00b0 2010-853 du 23 jullet 2010  relative aux r\u00e9seaux  consulaires, au commerce  et \u00e0\nl'artisanatet aux  services  (article 31)\nVu  la loi n\u00b02018-1778  du 28 d\u00e9cembre  2015  relative \u00e0 l'adaptation de  la soci\u00e9t\u00e9 au\nVellissement ;\nVu  Faticle D7231:1  du  Code  du  travail;\nVu  les d\u00e9crets n\u00b0 2011-1132  et n\u00b0 2011-1133  du 20  septembre  2011  modifiant certaines\ndispositions du  Code  du travail, relatives au ch\u00e8que  emploi-service universel et aux\n'services \u00e0 la personne\nVu  le d\u00e9crot n\u00b02016:750 du 6 juin 2016 relatif \u00e0 la iste des activit\u00e9s de services \u00e0 la personne\n'soumises  \u00e0 agr\u00e9ment  ou  \u00e0 autorisation dans le cadre  dur\u00e9gime  commun  dela  d\u00e9claration  ;\nVu  le d\u00e9cret du  31 octobre 2024  portant nomination de Monsieur  Alexandre  BRUGERE,  en\nqualit\u00e9 de Pr\u00e9fet  des  Hauts-de-Seine  ;\nVu  Farrbt\u00e9 interminist\u00e9riel du 12 ao\u00fbt 2025  nommant  Monsieur  Fabrice MASI,  Directeur\nr\u00e9gional et interd\u00e9partemental  de l'\u00e9conomie, de l'emploi, du travail et des  solidarit\u00e9s d\u00eele-\nde-France  \u00e0 compter  du  25  ao\u00fbt  2025  ;\nVu  l'arr\u00eat\u00e9 pr\u00e9fectoral n\u00b02025-33  du 22 ao\u00fbt 2025  par lequel le Pr\u00e9fet des  Hauts-de-Seine\nd\u00e9l\u00e8gue  sa signature \u00e0  Monsieur  Fabrice  MASI,  Directeur  r\u00e9gional  et interd\u00e9partemental\nde l'\u00e9conomie, de l'emploi, du travail et des solidarit\u00e9s d'le-de-France ;\nVu  la d\u00e9cision n\u00b0 2025-157  du 25 ao\u00fbt 2025  portant subd\u00e9l\u00e9gation de  signature de  Monsieur\nFabrice MASI,  Directeur r\u00e9gional et interd\u00e9partemental de  l'\u00e9conomie, de  l'emploi, du\ntravail et des  solidart\u00e9s  d'le-de-France, aux  agents  de  l'Unit\u00e9 d\u00e9partementale  des  Hauts-\nde-Seine\nVu  la d\u00e9claration activit\u00e9s de services \u00e0 la personne  d\u00e9pos\u00e9es  le 02 d\u00e9cembre  2025  au nom\nde la micro-entreprise BOUKEU  TCHINDA  JOMKOUO  sise 4 Rue  des  Jardins \u00e0\nASNIERES-SUR-SEINE  (92600)\n\n'Apr\u00e8s examen  du  dossier, cette demande  \u00e9tant conforme  aux dispostions de  l'article L. 7232-1-\n1 du code  du traval  le pr\u00e9sent  r\u00e9c\u00e9piss\u00e9  de d\u00e9ciaration activit\u00e9s de services \u00e0 la personne  a\n\u00e9t\u00e9  enregistr\u00e9  au  nom  de  la micro-entreprise  BOUKEU  TCHINDA  JOMKOUO  sous  le num\u00e9ro\nSAP  994559862.\nLes  activit\u00e9s d\u00e9clar\u00e9es  sont  les suivantes,  \u00e0  l'exclusion de  toute  autre\nEntretion  de  la maison  et travaux  m\u00e9nagers\nGarde  d'enfants  de  plus  de  trois ans  \u00e0  domicile  ;\nSoutien  scolaire  ou  cours  \u00e0 domicile\nPr\u00e9paration  de  ropas  \u00e0 domicile, y compris  le temps  pass\u00e9  aux  courses  ;\nLivraison  de  repas  \u00e0 domicile;\nLivraison  de  courses  \u00e0  domicile  ;\nAccompagnement  des  enfants  de  plus de  trois ans  dans  leurs d\u00e9placements  on\n'dehors  de  leur domicile  (promenades,  transports,  actes  de  la vie  courants)  ;\n= Prestation  de  conduite  du  v\u00e9hicule  personnel  des  personnes  tomporairement\n'd\u00e9pendantes  autres que  personnes  \u00e2g\u00e9es,  handicap\u00e9es  ou  atteintes de  pathologies\nchroniques,  du domicile  au travall, sur le lieu de  vacances,  pour  les d\u00e9marches.\nadministratives  ;\nAccompagnement  des  personnes  temporairement  d\u00e9pendantes  autres que\npersonnes  \u00e2g\u00e9es, handicap\u00e9es  ou atteintes de pathologies chroniques, dans  leurs\nd\u00e9placoments  en  dehors  de  leur domicile  (promenades,  aide \u00e0 la mobilit\u00e9 ot au\ntransport,  actes  de  la vie  courante)  ;\nAssistance  aux  personnes  autres quo  personnes  \u00e2g\u00e9es,  handicap\u00e9es  ou  attointes.\nde  pathologies chroniques  qui  ont  besoin  temporairement  d'une  aide personnelle  \u00e0\nleur domicile, \u00e0 l'exclusion des soins relevant d'actes m\u00e9dicaux  ;\nPrestations  relevant  du  b\u00e9n\u00e9fice  de  la r\u00e9duction  d'imp\u00f4t  pr\u00e9vue  \u00e0 l'article 199  sexdecies  du  Code\nG\u00e9n\u00e9ral  des  impots.\nLa  structure exorce ces  activit\u00e9s selon  le mode  suivant : PRESTATAIRE\nSous  r\u00e9serve d'\u00eatre exerc\u00e9es  \u00e0 tire exclusif par le d\u00e9clarant (ou sous  r\u00e9serve d'une comptablit\u00e9\ns\u00e9par\u00e9e  pour les personnes  morales  dispens\u00e9es de la condition d'actiit\u00e9 exclusive), ces activit\u00e9s\nouvrent droit au b\u00e9n\u00e9fice des  dispositions des  articles L. 7233-2  du code  du  travail et L. 241-10,\ndu  code  de  a  s\u00e9curit\u00e9 sociale.\n'Conform\u00e9ment  aux  dispositions de  article R7232-19  du code  du  travail, l'organisme d\u00e9clar\u00e9 doit\nproduire  au  moins  chaque  trimestre un  \u00e9tat d'activit\u00e9 et chaque  ann\u00e9e un  bilan quantitatif et\nqualitatif de Tactvie exerc\u00e9e au tire de l'ann\u00e9e \u00e9coul\u00e9e ainsi qu'un tableau statistique annuel\nSi organisme  d\u00e9clar\u00e9 comporte  plusieurs \u00e9tablissements les \u00e9tats statistiques et le bilan annuel\nistnguent  l'activit\u00e9 exerc\u00e9e  par  chaque  \u00e9tablissement.\nLe  pr\u00e9sent  r\u00e9c\u00e9piss\u00e9  prond  effet le 02  d\u00e9cembre  2028.\nL'enregistrement de la d\u00e9claration pourra \u00eatre retir\u00e9 si l'organisme  d\u00e9clar\u00e9 cesse  de remplir\nles conditions  ou  de  respecter  les obligations mentionn\u00e9es  aux  4\u00b0,5\u00b0 et 6\u00b0 de  l'article\nR7232-17  ou  qui m\u00e9connait  les obligations d\u00e9finies \u00e0 l'article R7232-19  du  code  du  travail.\n\n'Toute modification concernant la structure d\u00e9clar\u00e9e ou les activit\u00e9s exerc\u00e9es devra, sous\npeine de  retrait de  la d\u00e9claration, faire l'objet dune  d\u00e9claration modificative aupr\u00e9s  de [Unit\u00e9\nd\u00e9partementale  des  Hauts-de-Seine.\nLe pr\u00e9sent r\u00e9c\u00e9piss\u00e9 sera publi\u00e9 au recueil des actes administratifs de la pr\u00e9fecture des  Hauts-\n'de-Seine.\nFait \u00e0 Nanterre,  le 10 d\u00e9cembre  2025,\nPour  le Pr\u00e9fet\nPar  d\u00e9l\u00e9gation  et subd\u00e9l\u00e9gation\nLa  Responsable  du  service\nD\u00e9veloppement  de  l'emploi et des\ncomp\u00e9tences\nMarlama  CONDE\n\nEa  Direction r\u00e9gionale et interd\u00e9partementale\nde  l'\u00e9conomie, de l'emploi,MINIST\u00c8RE\nDU  TRAVAIL,  DE  LA  SANT\u00c9,\nDES  SOLIDARIT\u00c9S\nET  DES  FAMILLES\nSee\nR\u00e9c\u00e9piss\u00e9  n*2025-699  de  d\u00e9claration  d'activit\u00e9s de  services  \u00e0 la personne\nenregistr\u00e9e  sous  le n\u00b0 SAP994584647  au  nom  de  la micro-entreprise  DEILLER\nEMMANUELLA  sise 116  Rue  Jean  Jaur\u00e8s  \u00e0 NANTERRE  (92000)\nLE  PREFET  DES  HAUTS-DE-SEINE\nVu  la loi n\u00b0 2010-863  du  23  jullet 2010  relative aux r\u00e9seaux  consulaires, au commerce  et \u00e0\nl'artisanatet aux services (article 31);\n'Vu la loi n\u00b02015-1778  du  28 d\u00e9cembre  2015  relative \u00e0 l'adaptation de  la soci\u00e9t\u00e9 au\nvellissement\nVu  l'aricie D7231-1  du  Code  du  tra\nVu  les d\u00e9crets n\u00b0 2011-1132  et n\u00b0 2011-1133  du 20 septembre  2011  modifiant certaines\ndispositions du Code  du travail, relatives au ch\u00e8que  emploi-service universel et aux\nservices \u00e0 la personne ;\nVu  le d\u00e9cret n\u00b02016:750 du 8juin  206  relatif \u00e0 la liste des activit\u00e9s de services \u00e0 la personne\nsoumises  \u00e0 agr\u00e9ment ou \u00e0 autorisation dans le cadre du r\u00e9gime  commun  de a  d\u00e9claration ;\nVu  le d\u00e9cret du 31 octobre 2024 portant nomination de Monsieur Alexandre BRUGERE,  en\n'qualit\u00e9 de  Pr\u00e9fet des  Hauts-de-Seine\nVu  l'ar\u00e9t\u00e9 interminist\u00e9riel du 12 ao\u00fbt 2025  nommant  Monsieur Fabrice MASI, Directeur\nr\u00e9gional et iterd\u00e9partemental  de  l'\u00e9conomie, de  l'emploi, du  travailet des  solidant\u00e9s dll\nde-France  \u00e0 compter  du  25  ao\u00fbt  2025\nVu  l'arr\u00e8t\u00e9 pr\u00e9fectoral n\u00b02025-33 du 22 ao\u00fbt 2025 par lequel le Pr\u00e9fet des Hauts-de-Seine\nd\u00e9l\u00e8gue  sa signature \u00e0 Monsieur  Fabrice MASI, Directeur r\u00e9gional et interd\u00e9partemental\nde l'\u00e9conomie, de l'emploi du travailet des solidarit\u00e9s d'\u00cele-de-France ;\nVu  la d\u00e9cision n\u00b0 2025-187  du  25  ao\u00fbt 2025  portant subd\u00e9l\u00e9gation de  signature de  Monsieur\nFabrice  MASI,  Directeur  r\u00e9gional  et interd\u00e9partemental  de  l'\u00e9conomie,  de  l'emploi, du\ntravail et des  solidart\u00e9s d'lle-de-France, aux  agents de l'Unit\u00e9 d\u00e9partementale  des  Hauts.\nde-Seine  ;\nVu  la d\u00e9claration d activites de  services \u00e0 la personne d\u00e9pos\u00e9es  le 02  d\u00e9cembre  2025  au nom\nde  la micro-entreprise DEILLER  EMMANUELLA  sise 116 Rue  Jean  Jaur\u00e8s \u00e0 NANTERRE\n(82000);\n\n'Apr\u00e8s examen  du  dossier, cette demande  \u00e9tant conforme  aux dispositions de  l'article L. 7232-1-\n1 du code du traval, le pr\u00e9sent r\u00e9c\u00e9piss\u00e9 de d\u00e9ciaration activit\u00e9s de services \u00e0 la personne a\nt\u00e9  enregistr\u00e9 au nom  de  la micro-entreprise DEILLER  EMMANUELLA  sous  le num\u00e9ro  SAP\n994584647\nLes  activit\u00e9s d\u00e9clar\u00e9es  sont les suivantes, \u00e0 l'exclusion de toute  autre\n= Entrotien  de  la maison  et  travaux  m\u00e9nagers\n\u00a9 Garde  d'enfants  de  plus  de  trois ans  \u00e0  domicile\nPrestations relevant du  b\u00e9n\u00e9fice de  la r\u00e9duction d'imp\u00f4t pr\u00e9vus  \u00e0 article 199  sexdecies  du Code\nG\u00e9n\u00e9ral  des  Imp\u00f4ts.\nLa  structure  exerce  ces  activit\u00e9s  selon  le mode  suivant  : PRESTATAIRE\nSous  r\u00e9serve d'\u00eatre exerc\u00e9es  \u00e0 tire exclus  par le d\u00e9clarant (ou sous  r\u00e9serve d'une comptabilit\u00e9\ns\u00e9par\u00e9e pour les personnes morales dispens\u00e9es de la condition d'actvi\u00e9 exclusive), ces activites\n'ouvrent droit au b\u00e9n\u00e9fice des  dispositions des  articles L. 7233-2  du code  du  travall et L. 241-10\n'du code  de  ia s\u00e9curt\u00e9  sociale.\nConform\u00e9ment  aux  dispositions de  article R7232-19  du  code  du  traval, l'organisme  d\u00e9ciar\u00e9  doit\nproduire au  moins  chaque  trimestre un \u00e9tat d'activit\u00e9 et chaque  ann\u00e9e  un bilan quanttat  et\n'qualtaif de  Factvi\u00e9  exerc\u00e9e au  tire de  l'ann\u00e9e  \u00e9coul\u00e9e  ainsi qu'un  tableau  statistique annuel.\nSiTorganisme  d\u00e9ciar\u00e9  comporte  plusieurs  \u00e9tablissements,  les \u00e9tats statistiques et le bilan annuel\ndistinguent  activit\u00e9 exerc\u00e9e  par  chaque  \u00e9tablissement.\nLe  pr\u00e9sent r\u00e9c\u00e9piss\u00e9  prend  affet le 02 d\u00e9cembre 2026.\nL'enregistrement de la d\u00e9claration pourra  \u00eatre retir\u00e9si l'organisme d\u00e9clar\u00e9 cesse de remplir\nles conditions  ou  de  respecter les obligations mentionn\u00e9es  aux  4\u00b0,5\u00b0 et 8\u00b0 de  l'article\n723247  ou  qui  m\u00e9connalt les  obligations  d\u00e9finies  \u00e0 l'article R7232-19  du  code  du  travail.\npane  de  reat  del\u00e0  d\u00e9claration, fare  Tobjet dune  d\u00e9claration  modticalve  aupr\u00e9s  de  Unit\u00e9\nd\u00e9partementale  des  Hauts-de-Seine.\nLe  pr\u00e9sent r\u00e9c\u00e9piss\u00e9 sera publi\u00e9 au recuell des actes administratifs de la pr\u00e9fecture des  Hauts-\nde-Seine.\nFait  \u00e0 Nanterre, le  15 d\u00e9cembre  2025.\nPour  le Pr\u00e9fet\nPar  d\u00e9l\u00e9gation  et subd\u00e9l\u00e9gation\nLa  Responsable  du  servic\nD\u00e9veloppement  de  l'emploi  et  des\ncomp\u00e9tences\nMariama  CONDE\n\n=n  Direction r\u00e9gionale  et interd\u00e9partementale\nMINIST\u00c8RE de l'\u00e9conomie, d\nDU  TRAVAIL,  DE  LA SANT\u00c9,  du travail et des\nDES  SOLIDARIT\u00c9S\nET  DES  FAMILLES\n'fei\nR\u00e9c\u00e9piss\u00e9  n\u00b02025-700  de  d\u00e9claration d'activit\u00e9s de  services \u00e0 la personne\nenregistr\u00e9e  sous  le n\u00b0 SAP994426856  au  nom  de  la micro-entreprise  LADISLAS\nGWENAEL  sise 28  Boulevard  de  Stalingrad \u00e0 MALAKOFF  (92240)\nLE  PREFET  DES  HAUTS-DE-SEINE\nVu  la oi n\u00b0 2010-853  du 23 juilet 2010  relative aux  r\u00e9seaux  consulaires, au  commerce  et \u00e0\nl'artisanat et aux  services  (article 31);\nVu  la loi n\u00b02015-1778  du 28  d\u00e9cembre  2015  relative \u00e0 l'adaptation de la soci\u00e9t\u00e9 au\nveilissement\nVu  article 07231-1  du Code  du traval\nVu  les d\u00e9crets n\u00b0 2011-1132  et n\u00b0 2011-1133  du  20 septembre  2011  modifiant certaines\ndisposiions du Code  du  travail, relatives au ch\u00e8que  emploi-service universel et aux\nservices \u00e0 la  personne\nVu  le d\u00e9erotn\u00b02016-750 du 6 juin 2016 relatif \u00e0 la iste  des activit\u00e9s de services  \u00e0 la personne\nsoumises  \u00e0 agr\u00e9ment ou \u00e0 autorisation dans le cadre du r\u00e9gime commun  dela d\u00e9ciaration ;\nVu  le d\u00e9cret du 31 octobre 2024 portant nomination de Monsieur Alexandre BRUGERE,  en\nQualit\u00e9 de Pr\u00e9fet des Hauts-de-Seine ;\nVu  l'arrdt\u00e9 interminist\u00e9riel du  12 ao\u00fbt 2025  nommant  Monsieur  Fabrice MASI,  Directeur\nr\u00e9gional et interd\u00e9partemental de l'\u00e9conomie, de l'emploi, du travail et des solidarit\u00e9sd'le-\nde-France  \u00e0 compter  du  25  ao\u00fbt  2025\nVu  l'arr\u00eat\u00e9 pr\u00e9fectoral n\u00b02025-33 du 22 ao\u00fbt 2025 par lequel le Pr\u00e9fet des Hauts-de-Seine\nd\u00e9\u00e8gue  sa signature \u00e0 Monsieur  Fabrice MASI,  Directeur r\u00e9gional et interd\u00e9partemental\nde l'\u00e9conomie, de l'emploi, du travail et des solidant\u00e9s dlle-de-France\n'Vu la d\u00e9cision n\u00b0 2025-187  du 25 ao\u00fbt 2025  portant subd\u00e9l\u00e9gation de signature de Monsieur\nFabrice MASI, Directeur r\u00e9gional et interd\u00e9partemental de  l'\u00e9conomie, de l'emploi, du\ntravail et des  solidant\u00e9s d'le-de-France, aux agents de  Unit\u00e9  d\u00e9partementale  des  Hauts-\nde-Seine  ;\nVu  la d\u00e9ctaration d'activit\u00e9s de services \u00e0 la personne d\u00e9pos\u00e9es  le 04 d\u00e9cembre  2025 au  nom\nde  la micro-entreprise LADISLAS  GWENAEL  sise 28 Boulevard  de Stalingrad \u00e0\nMALAKOFF  (92240) ;\n\n'Apr\u00e8s examen  du  dossier, cette demande  \u00e9tant  conforme  aux  dispositions de  l'article L. 7232-1-\n1 du  code  du  traval, le pr\u00e9sent  r\u00e9c\u00e9piss\u00e9 de  d\u00e9ciaration  \u00a2 activit\u00e9s  de  services  \u00e0  la personne  \u00e0\n\u00eat\u00e9 enregistr\u00e9 au  nom  de la micro-entreprise LADISLAS  GWENAEL  sous le num\u00e9ro  SAP\n9004426866\nLes  activit\u00e9s  d\u00e9ciar\u00e9es  sont  les  suivantes,  \u00e0  l'exclusion  de  toute  autre\nEntretien  de  la maison  et  travaux  m\u00e9nagers  ;\nPrestations  relevant  du  b\u00e9n\u00e9fice  de  la r\u00e9duction  d'imp\u00f4t  pr\u00e9vue  \u00e0 Varticle 199  sexdecies  du  Code\nGeneral  des  Imp\u00f4ts.\nLa  structure  exerce  ces  activit\u00e9s  selon  le mode  suivant  : PRESTATAIRE\nSous  r\u00e9serve  d'\u00eatre exerc\u00e9es  \u00e0 ttre exclusif parle  d\u00e9clarant  (ou sous r\u00e9serve  d'une  comptabilt\u00e9\ns\u00e9par\u00e9e  pour  les  personnes  morales  dispens\u00e9es  de  a  condition  d  activit\u00e9 exclusive),  ces  activit\u00e9s\nouvrent  droit au  b\u00e9n\u00e9fice  des  dispositions  des  articles L. 7233-2  du code du  traval et L. 241-10,\ndu  code  de  la s\u00e9curit\u00e9 sociale.\n'Conform\u00e9ment  aux  dispositions de  l'article R7232-19  du  code  du  travail, l'organisme  d\u00e9clar\u00e9  dit\nproduire au moins chaque trimestre un \u00e9tat d'activit\u00e9 et chaque  ann\u00e9e  un bilan quanttatf et\n'qualtaif de l'activit\u00e9 exerc\u00e9e au tire de l'ann\u00e9e \u00e9coul\u00e9e ainsi qu'un tableau statistique annuel.\nSi l'organisme  d\u00e9clar\u00e9 comport  plusieurs  \u00e9tablissements,  les \u00e9tats statistiques et le bilan annuel\ndistinguent  l'actit\u00e9  exerc\u00e9e  par  chaque  \u00e9tablissement.\nLe  pr\u00e9sent  r\u00e9c\u00e9piss\u00e9  prend  effet le 04 d\u00e9cembre  2025.\nL'enregistrement de la d\u00e9claration  pourra  tre  retir\u00e9si l'organisme  d\u00e9clar\u00e9  cesse  de  remplir\nles conditions  ou  de  respecter  les obligations  mentionn\u00e9es  aux  4\u00b0,5* ot 6\u00b0 de  l'article\n723247  ou  qui  m\u00e9connalt  les obligations  d\u00e9finies  \u00e0 l'article R7232-19 du  code  du  travail.\ndevra,  sous\npr\u00e9s de  FUnitepeine de retrait de la d\u00e9claration, fare Fobjet dune d\u00e9claration modficatve au\nd\u00e9partementale  des  Hauts-de-Seine.\nLe  pr\u00e9sent  r\u00e9c\u00e9piss\u00e9  sera  publi\u00e9 au  recuel  des  actes  administratifs de  la pr\u00e9fecture  des  Hauts-\nde-Soine\nFait \u00e0  Nanterre,  le 15 d\u00e9cembre  2025.\nPour  le  Pr\u00e9fet\nPar  d\u00e9l\u00e9gation  ot  subd\u00e9l\u00e9gation\nLa  Responsable  du  service\nD\u00e9veloppement  de  l'emploi  et\ncomp\u00e9tences.\nbk\nMariama  CONDE\n\nEs  Direction  r\u00e9gionale et interd\u00e9partementale\nMINIST\u00c8RE de l'\u00e9conomie, de l'emploi,\nDU  TRAVAIL,  DE  LA  SANT\u00c9,  <u travallet des solidarit\u00e9s\nDES  SOLIDARITES\nET  DES  FAMILLES\n=.\nR\u00e9c\u00e9piss\u00e9  n\u00b02025-701  de  d\u00e9claration  d'activit\u00e9s  de  services  \u00e0 la personne\n\"enregistr\u00e9e  sous  le n\u00b0 SAP994420339  au  nom  de la micro-entreprise  BAUDE\nGERALD  sise  7 Avenue  Gabriel \u00e0 COLOMBES  (92700)\nLE  PREFET  DES  HAUTS-DE-SEINE\nVu  la loi n\u00b0 2010-853  du 23 jullet 2010  relative aux  r\u00e9seaux  consulaires, au  commerce  et \u00e0\nartisanat et aux  services  (article 31) ;\nVu  la loi n\u00b02015-1776  du 28  d\u00e9cembre  2015  relative \u00e0 l'adaptation de  la soci\u00e9t\u00e9 au\nviellissement ;\nVu  l'aricle 07231-1  du  Code  du  travail;\nVu  les d\u00e9crets n\u00b0 2011-1132  et n\u00b0 2011-1133  du 20 septembre  2011  modifiant certaines\ndispositions du  Code  du  travail relatives au  ch\u00e8que  emplo-service  universel  et aux\nservices  \u00e0  la personne  ;\nVu  le d\u00e9cret  n\u00b02016.750 du 6 juin 2016 relatif \u00e0 la liste des activit\u00e9s de services \u00e0 la personne\nsoumises  \u00e0 agr\u00e9ment ou \u00e0 autorisation dans  le cadre  du  r\u00e9gime  commun  dela  d\u00e9ciaraion  ;\nVu  le d\u00e9cret du 31 octobre 2024  portant nomination de  Monsieur  Alexandre  BRUGERE,  en\nqualit\u00e9 de Pr\u00e9fet des  Hauts-de-Seine ;\nVu  l'ar\u00e9t\u00e9 interminist\u00e9riel du 12 ao\u00fbt 2025  nommant  Monsieur  Fabrice MASI,  Directeur\nr\u00e9gional et interd\u00e9partementalde l'\u00e9conomie,de l'emploi, du travail et des solidarit\u00e9sdle-\nde-France \u00e0 compter  du  25  ao\u00fbt  2025 ;\nVu  l'arr\u00eat\u00e9 pr\u00e9fectoral n\u00b02026-33  du  22  ao\u00fbt  2025  par  lequel le Pr\u00e9fet des  Hauts-de-Seine\nd\u00e9l\u00e8gue  sa signature  \u00e0 Monsieur  Fabrice  MASI,  Directeur  r\u00e9gional et interd\u00e9partemental\nde  l'\u00e9conamie, de l'emploi, du travail et des  solidarit\u00e9s d'le-de-France ;\nVu  la d\u00e9cision n\u00b0 2026-187  du  25  ao\u00fbt 2025  portant subd\u00e9l\u00e9gation de  signature de  Monsieur\nFabrice  MASI,  Directeur  r\u00e9gional et interd\u00e9partemental  de  l'\u00e9conomie,  de  l'emploi, du\ntravail et des  soldart\u00e9s  d'le-de-France,  aux  agents  de  l'Unit\u00e9 d\u00e9partementale  des  Hauts-\nde-Seine  ;\nVu  la d\u00e9claration activit\u00e9s de services \u00e0 la personne  d\u00e9pos\u00e9es  le 05 d\u00e9cembre  2025 au  nom\n'de la micro-entreprise BAUDE  GERALD  sise 7 Avenue  Gabriel \u00e0 COLOMBES  (82700) ;\n\n{Apr\u00e8s examen  du  dossier, cette demande  \u00e9tant conforme  aux dispositions de  l'article L. 7232-1-\n1 du  code du travail, le pr\u00e9sent  r\u00e9c\u00e9piss\u00e9  de d\u00e9claration d'activit\u00e9s de services  \u00e0 la personne  a\n\u00eat\u00e9 enregistr\u00e9  au  nom  de  la micro-entreprise  BAUDE  GERALD  sous  le num\u00e9ro  SAP  994420339.\nLes  activit\u00e9s d\u00e9clar\u00e9es  sont  les suivantes, \u00e0  l'exclusion de  toute  autre\n= Entrotien  de la maison  et  travaux  m\u00e9nager\nPrestations relevant du  b\u00e9n\u00e9fice dela  r\u00e9duction d'imp\u00f4t pr\u00e9vue  \u00e0 article 199 sexdecies  du Code\nG\u00e9n\u00e9ral  des  impots.\nLa structure exerce  ces  activit\u00e9s selon  le mode  suivant  : PRESTATAIRE\nSous  r\u00e9serve d'\u00eatre exerc\u00e9es  \u00e0 tte  exclusif par le d\u00e9clarant (ou sous  r\u00e9serve d'une comptablit\u00e9\ns\u00e9par\u00e9e  pour les personnes  morales dispens\u00e9es  de la condition d'actvit\u00e9 exclusive), ces activit\u00e9s.\nouvrent drot au b\u00e9n\u00e9fice des  dispositions des articles L. 7233-2  du code  du travail et L. 241-10\n'du code  de  la s\u00e9curit\u00e9  sociale.\nConform\u00e9ment  aux  dispositions de  l'article R7232-19  du  code  du travail, l'organisme d\u00e9clar\u00e9 doit\nproduire au  moins  chaque  res  un eat  activ  et chaque  annde  un lan  quanta  et\n'quaitatfde l'activit\u00e9 exerc\u00e9e  au tire de  l'ann\u00e9e \u00e9coul\u00e9e  ainsi qu'un tableau statistique\nSorganene  seca  sompone  pears  dablasemen  ls  das  sabetues  ee  Blan annuel\ndistinguent  activit\u00e9  exerc\u00e9e  par  chaque  \u00e9tablissement\nLe  pr\u00e9sent  r\u00e9c\u00e9piss\u00e9  prend  effet le 0  d\u00e9cembre  2025.\nL'enregistrement de Ia d\u00e9claration pourra  \u00eatre retir\u00e9 si l'organisme d\u00e9clar\u00e9 cesse  de remplir\nles conditions  ou  de  respecter  les obligations mentionn\u00e9es  aux  4\u00b0,5\u00b0 et 6\u00b0 de  l'article\nR7232-17  ou  qui m\u00e9connait les obligations d\u00e9finies \u00e0 article R7232-19  du  code  du  travall.\ndevra, sous\npoire de retrat de Ta d\u00e9claration, are  l'objet dune  declaration modieatve  aupr\u00e9s de  F\u00dcnit\u00e9\nd\u00e9partementale  des  Hauts-de-Seine\nLe  pr\u00e9sent r\u00e9c\u00e9piss\u00e9 sera publi\u00e9 au recuel des actes administratifs de  la pr\u00e9fecture des  Hauts-\nde-Seine.\nFait \u00e0  Nanterre,  le 15 d\u00e9cembre  2025.\nPour  le Pr\u00e9fet\nPar  d\u00e9l\u00e9gation  et subd\u00e9l\u00e9gation\nLa  Responsable  du  service\nD\u00e9veloppement  de  l'emploi  et des\ncomp\u00e9tences\nua  CONDE\n\nEE  Direction r\u00e9gionale et interd\u00e9partementale\nMINISTERE de l'\u00e9conomie, de\nDU  TRAVAIL,  DE  LA SANT\u00c9,  du travail et des\nDES  SOLIDARIT\u00c9S\nET  DES  FAMILLES\nfo\nR\u00e9c\u00e9piss\u00e9  n*2025-702 de d\u00e9claration d'activit\u00e9s de  services \u00e0 la personne\nenregistr\u00e9e  sous  le n\u00b0 SAP488218926  au nom  de  la micro-entreprise  CLAIRE\nDAUCHY  sise 27  all\u00e9e de  Tr\u00e9vise  \u00e0 SCEAUX  (92330)\nLE  PREFET  DES  HAUTS-DE-SEINE\nVu  la loi n\u00b0 2010-863  du 23  jullet 2010  relative aux  r\u00e9seaux  consulaires, au commerce  et \u00e0\nl'artisanatet aux  services (article 31)\nVu  la loi n\u00b02015-1778  du  28 d\u00e9cembre  2015  relative \u00e0\nViilissement ;\nfaptation de  la soci\u00e9t\u00e9  au\n= l'article 07231-1  du Code  du  travail\nVu  les d\u00e9crets n\u00b0 2011-1132  et n\u00b0 2011-1133  du 20 septembre  2011  modifiant certaines\ndispositions du Code  du  travail, relatives au  ch\u00e8que  emploi-service universel et aux\nservices  \u00e0 la personne ;\nVu  le d\u00e9cret n\u00b02016750  du 6 juin 2016 relatif \u00e0 la liste des activit\u00e9sde services \u00e0 a  personne\nsoumises  \u00e0 agr\u00e9ment ou \u00e0 autorisation dans le cadre du r\u00e9gime commun  de a  d\u00e9claration\nVu  le d\u00e9cret du 31 octobre 2024  portant nomination de  Monsieur  Alexandre  BRUGERE,  en\nqualt\u00e9  de  Pr\u00e9fet des  Hauts-de-Seine  ;\nVu  l'ar\u00e9t\u00e9 interminist\u00e9riel du 12 ao\u00fbt 2025  nommant  Monsieur  Fabrice MASI, Directeur\nr\u00e9gional ot interd\u00e9partemental de l'\u00e9conomie, de l'emploi, du travail et des solidarit\u00e9sdle\nde-France \u00e0 compter  du 25  ao\u00fbt 2025  ;\nVu  l'ar\u00f4t\u00e9 pr\u00e9fectoral n\u00b02026-33  du 22 ao\u00fbt 2025  par lequel le Pr\u00e9fet des  Hauts-de-Seine\nd\u00e9l\u00e8gue  sa signature \u00e0 Monsieur  Fabrice MASI, Directeur r\u00e9gional et interd\u00e9partemental\nde l'\u00e9conomie, de l'emploi, du travailet des solidarit\u00e9s d'\u00cele-de-France;\nVu  la d\u00e9cision n\u00b0 2025-187  du  25  ao\u00fbt 2025  portant subd\u00e9l\u00e9gation de  signature de  Monsieur\nFabrice MASI,  Directeur r\u00e9gional et interd\u00e9partemental de l'\u00e9conomie, de  l'emploi. du\ntravail et des  soldart\u00e9s  dile-de-France,  aux  agents  de  l'Unit\u00e9 d\u00e9partementale  des  Hauts\nde-Seine\nVu  la d\u00e9claration dactvit\u00e9s de services \u00e0 la personne  d\u00e9pos\u00e9es  le 24 novembre  2025  aunom\nde la micro-entreprise CLAIRE  DAUCHY  sise 27 all\u00e9e de  Tr\u00e9vise \u00e0 SCEAUX  (82330) ;\n\n'Apr\u00e8s examen  du dossier, cette demande  \u00e9tant conforme aux dispositions de article L. 7232-1-\n1 du  code  du  traval  le pr\u00e9sent  r\u00e9c\u00e9piss\u00e9 de  d\u00e9claration  activit\u00e9s  de  services  \u00e0  la personne\n\u00e9t\u00e9  enregistr\u00e9  au  nom  de  la micro-entreprise  CLAIRE  DAUCHY  sous  le num\u00e9ro  SAP.\n488218928\nLes  activites d\u00e9clar\u00e9es  sont  les suivantes, \u00e0 l'exclusion de  toute autre\n= Soutien  scolaire  ou  cours  \u00e0  domici\nPrestations  relevant  du  b\u00e9n\u00e9fice  de  a  r\u00e9duction  d'imp\u00f4t  pr\u00e9vue  \u00e0 article  199  sexdecies  du  Code\nGeneral  des  Imp\u00f4ts.\nLa  structure  exerce  ces  activit\u00e9s  selon  le mode  suivant  : PRESTATAIRE\nSous  r\u00e9serve  d'\u00eatre exerc\u00e9es  a ttre exclusi  parle  d\u00e9ciarant  (ou  sous  r\u00e9serve  d'une  comptabiit\u00e9\ns\u00e9par\u00e9e  pour  les personnes  morales  dispens\u00e9es de a  condition  d activit\u00e9 exclusive), ces  activit\u00e9s\nouvrent  droit au  b\u00e9n\u00e9fice  des  dispositions  des  articles L. 7283-2  du code du  traval et L. 241-10,\ndu  code  de  la  s\u00e9curt\u00e9  sociale.\nConform\u00e9ment  aux  dispositions  de l'article R7232-19  du  code  du  travail, l'organisme d\u00e9clar\u00e9  doit\nproduire au moins chaque  trimestre un \u00e9tat d'activit\u00e9 et chaque  ann\u00e9e  un bilan quantitatif et\nqualtatf de activit\u00e9  exerc\u00e9e  au  tive de  l'ann\u00e9e  \u00e9coul\u00e9e  ainsi qu'un  tableau  statistique annuel\nSi organisme  d\u00e9clar\u00e9  comporte  plusieurs  \u00e9tablissements,  les \u00e9tats statistiques et le bilan annuel\ndistinguent  activit\u00e9  exerc\u00e9e  par  chaque  \u00e9tablissement\nLe  pr\u00e9sent  r\u00e9c\u00e9piss\u00e9  prend  effet le 24  novembre  2026.\nL'enregistrement de la d\u00e9claration  pourra  \u00eatre rtir\u00e9si  l'organisme  d\u00e9clar\u00e9  cesse  de remplir\nles conditions  ou  de  respecter  les obligations  mentionn\u00e9es  aux  4\u00b0.\"  at 6\u00b0 de  l'article\n'R7232-17  ou  qui  m\u00e9connalt les  obligations  d\u00e9finies  \u00e0 l'article R7232-19  du  code  du  travail.\npeine ce retratde fa d\u00e9ciaralion, faire Fobjet dune d\u00e9claration modifcatve aupr\u00e9s de Unite\nd\u00e9partementale  des  Hauts-de-Seine\nLe pr\u00e9sent  r\u00e9c\u00e9piss\u00e9  sera  publi\u00e9 au recueil  des  actes  administratifs de  la pr\u00e9fecture  des  Hauts-\nde-Seine.\nFait  \u00e0  Nanterre, 15  d\u00e9cembre  2025,\nPour  le  Pr\u00e9fot\nar d\u00e9l\u00e9gation  ot subd\u00e9l\u00e9gation\nLa  Responsable  du  service\nD\u00e9veloppement  de  l'emploi  et des\ncomp\u00e9tences,\nMariama  CONDE\n\nEs  Direction  r\u00e9gionale et interd\u00e9partementale\nMINIST\u00c8RE  de l'\u00e9conomie, de l'emploi,\nDU  TRAVAIL,  DE  LA SANT\u00c9,  du travailet des solidarit\u00e9s\nDES  SOLIDARIT\u00c9S\nET  DES  FAMILLES\nA\nR\u00e9c\u00e9piss\u00e9  n\u00b02025-703  de  d\u00e9claration  d'activit\u00e9s de services  \u00e0  la personne\nenregistr\u00e9e  sous  le n\u00b0 SAP994411502  au  nom  de  la micro-entreprise  BEN\nREKHISSA  DONIA  sise  24  Rue  Sadi  Carnot \u00e0  NANTERRE  (92000)\nLE  PREFET  DES  HAUTS-DE-SEINE\nVu  la loi n\u00b0  2010-853 du  23  jullet  2010  relative  aux  r\u00e9seaux  consulaires,  au  commerce  et \u00e0\nl'artisanat  et aux  services  (article 31);\nVu  la loi 1\u00b02015-1776  du  28  d\u00e9cembre  2015  relative  \u00e0  adaptation  de  la soci\u00e9t\u00e9  au\nvellissement ;\nVu  l'aricie 07231-1  du  Code  du  travail\nVu  les d\u00e9crets  n\u00b0 2011-1132  et n\u00b0 2011-1133  du  20  septembre  2011  modifiant  coraines\ndispositions  du  Code  du  travail, relatives  au  ch\u00e8que  emploi-service  universel  et aux\n'services \u00e0  la personne\nVu  le d\u00e9cret  n\u00b02018750 du  6 jun  2016  relatif \u00e0 la liste des  activit\u00e9s de  services  \u00e0 la personne\nsoumises  \u00e0 agr\u00e9ment ou  \u00e0 autorisation dans le cadre du  r\u00e9gime  commun  dela  d\u00e9claration ;\nVu  le d\u00e9cret  du  31 octobre  2024  portant  nomination  de  Monsieur  Alexandre  BRUGERE,  en\nquait\u00e9 de Pr\u00e9fet des Hauts-de-Seine ;\nVu  l'ar\u00e9t\u00e9 interminist\u00e9riel du  12 ao\u00fbt  2025  nommant  Monsieur  Fabrice  MASI,  Directeur\nr\u00e9gional tinterd\u00e9partementa de l'\u00e9conomie, de l'emploi, du travail et des soidart\u00e9s dil\nde-France  \u00e0 compter  du  25  ao\u00fbt  2025  ;\nVu  l'ar\u00eat\u00e9 pr\u00e9fectoral n\u00b02025-33  du  22  ao\u00fbt  2025  par  lequel le Pr\u00e9fet des  Hauts-de-Seine\nd\u00e9l\u00e8gue  sa  signature  \u00e0  Monsieur  Fabrice  MASI,  Directeur  r\u00e9gional et interd\u00e9partemental\nde  l'\u00e9conomie, de  l'emploi, du travail et des  solidarit\u00e9s d'\u00cele-de-France;\nVu  la d\u00e9cision  n\u00b0  2025-187  du  25  ao\u00fbt  2025  portant  subd\u00e9l\u00e9gation  de  signature  de  Monsieur\nFabrice  MASI,  Directeur  r\u00e9gional  et  interd\u00e9partemental  de  l'\u00e9conomie,  de  l'emploi,  du\ntravail et des  soldari\u00e9s  d'le-de-France,  aux  agents  de  l'Unit\u00e9 d\u00e9partementale  des  Hauts.\nde-Seine  ;\nVu  la  d\u00e9claration  d'acthit\u00e9s  de services  \u00e0 la personne  d\u00e9pos\u00e9es  le 27  novembre  2025  au  nom\nde  la micro-entreprise  BEN  REKHISSA  DONIA  sise  24  Rue  Sadi  Carnot  \u00e0  NANTERRE\n(82000 ;\n\n'Apr\u00e8s examen  du dossier, cette demande  \u00e9tant conforme aux dispositions de FartcleL. 7232-1-\n1 du  code  du  traval, le pr\u00e9sent  r\u00e9c\u00e9piss\u00e9  de  d\u00e9claration  d activit\u00e9s de  services  \u00e0 la personne  a\n\u00e9t\u00e9 enregistr\u00e9 au  nom  de la micro-entreprise BEN  REKHISSA  DONIA  sous  le num\u00e9ro  SAP\n1994611502\nLes  activites d\u00e9clar\u00e9es  sont  les suivantes, \u00e0 l'exclusion de  toute autre\nEntretien  de  la maison  et travaux  m\u00e9nagers  ;\n= Accompagnement  des  enfants  de  plus  de  trois  ans  dans  leurs  d\u00e9placements  on\nddohors  de leur domicile  (promenades,  transports,  actes  de  la vie  courante)  ;\nPrestations  relevant  du  b\u00e9n\u00e9fice  de  la r\u00e9duction  d'imp\u00f4t  pr\u00e9vue  \u00e0 Varicle 199  sexdecies  du  Code\nG\u00e9n\u00e9ral  des  Imp\u00eats.\nLa  structure  exerce  ces  activit\u00e9s  solon  le mode  suivant  : PRESTATAIRE\nSous  r\u00e9serve  d'\u00eatre exerc\u00e9es  \u00e0 tte  exclusi  par  le d\u00e9clarant  (ou  sous  r\u00e9serve  d'une  comptabilt\u00e9\ns\u00e9par\u00e9e  pour  les personnes  morales  dispens\u00e9es  de  la condition  d'actvi\u00e9  exclusive), ces  activit\u00e9s\nouvrent  drot  au  b\u00e9n\u00e9fice  des  dispositions  des  articles L. 7233-2  du code du travail et L 241-10,\ndu  code  de  la s\u00e9curit\u00e9 sociale\nConform\u00e9ment  aux  dispositions de l'article R7232-19  du  code  du  travail organisme  d\u00e9clar\u00e9  doit\nproduire au moins  chaque  trmeste  un \u00e9at  atv  a  chaque  annde  un lan  quanta!  et\nqualtatf  de Factvte  exerc\u00e9e  au  tire de  l'ann\u00e9e  \u00e9coul\u00e9e  ainsi qu'un  tableau  statistique\norgnione  Gta  conpore  peurs  subtests  das  statiques  ee  Dan envol\ndistinguent  Factivite exerc\u00e9e  par  chaque  \u00e9tablissement\nLe  pr\u00e9sent  r\u00e9c\u00e9piss\u00e9  prend  offet le 27  novembre  2025.\nL'enregistrement  de  la d\u00e9claration pourra  \u00eatre rtir\u00e9si  l'organisme  d\u00e9clar\u00e9 cesse de remplir\nles  conditions  ou  de  respecter  les  obligations  mentionn\u00e9es  aux  4\u00b0,6\u00b0 et 6\u00b0 do l'article\n7232.17  ou  qui  m\u00e9connalt  les obligations d\u00e9finies  \u00e0 l'article R7232-19 du  code  du  travail.\njos devra,  sous\npeine de ferai dela  d\u00e9claration, fare Tobjet dune  d\u00e9claration modiicalwe aupr\u00e9s de Unit\u00e9\nd\u00e9partementale  des  Hauts-de-Seine.\nLe  pr\u00e9sent  r\u00e9c\u00e9piss\u00e9  sera publi\u00e9 au  recueil des  actes  administratifs de  la pr\u00e9fecture  des  Hauts.\nde-Seine.\nFait  \u00e0 Nanterre, le 15 d\u00e9cembre 2025.\nPour  le Pr\u00e9fot\nPar  d\u00e9l\u00e9gation  ot subd\u00e9l\u00e9gation\nLa  Responsable  du  service\nD\u00e9veloppement  de  l'emploi  et des\ncomp\u00e9tences\n|\nMariama  CONDE\n\nEx  Direction  r\u00e9gionale  et  interd\u00e9partementale\nMINIST\u00c8RE de l'\u00e9conomie, de l'emploi,\nDU  TRAVAIL, DE  LA SANT\u00c9,  du travail et des solidarit\u00e9s\nDES  SOLIDARITES\nET  DES  FAMILLES\niy\nR\u00e9c\u00e9piss\u00e9  n*2025-704  de  d\u00e9claration  d'activit\u00e9s de  services \u00e0 la personne\nenregistr\u00e9e  sous  le n\u00b0 SAP993024728  au  nom  de  la micro-entreprise  PUJOL\nNOLAN  sise  27  Boulevard  de Stalingrad  \u00e0 MALAKOFF  (92240)\nLE  PREFET  DES  HAUTS-DE-SEINE\nVu  la loi n\u00b0 2010-853 du 23 juilet 2010  relative aux  r\u00e9seaux  consulaires, au commerce et \u00e0\nl'artisanat et aux  services  (article 31) ;\nVu  la loi n\u00b02015-1778  du 28  d\u00e9cembre  2015  relative \u00e0 l'adaptation de  la soci\u00e9t\u00e9 au\neitissement :\nVu  l'aricle 07231-1  du  Code  du  travail;\nVu  les d\u00e9crets n\u00b0 2011-1132  et n\u00b0 2011-1133  du  20 septembre  2011  modifiant certaines\ndispositions du Code  du  aval,  relatives au ch\u00e8que  emplo-service  universel et aux\nservices  \u00e0  la personne\nVu  le d\u00e9cret n\u00b02018.750  du 6 juin 2016 relatif \u00e0 la liste des activit\u00e9s de services \u00e0 Ia personne\nsoumises  \u00e0 agr\u00e9ment  ou \u00e0 autorisation dans le cadre  du  r\u00e9gime  commun  de la d\u00e9ctaration\nVu  le  d\u00e9cret  du  31 octobre  2024  portant nomination  de  Monsieur  Alexandre  BRUGERE,  en\nqualt\u00e9  de  Pr\u00e9fet des  Hauts-de-Seine  ;\nVu  l'\u00e9t\u00e9  interminist\u00e9riel du 12 ao\u00fbt 2025  nommant  Monsieur  Fabrice MASI, Directeur\nr\u00e9gional  et interd\u00e9partemental de l'\u00e9conomie,  de l'emplo,  du  travail et des  soldart\u00e9s dile-\nde-France  \u00e0 compter  du  25  ao\u00fbt  2025  ;\nVu  l'ar\u00e9t\u00e9 pr\u00e9fectoral n\u00b02026-33  du 22 ao\u00fbt 2025  par lequel le Pr\u00e9fet des  Hauts-de-Seine\nd\u00e9l\u00e8gue  sa signature  \u00e0 Monsieur  Fabrice  MASI,  Directeur  r\u00e9gional et Interd\u00e9partemental\nde F\u00e9conomie, de l'emploi du travailet des solidarit\u00e9s d'le-de-France ;\nVu  la d\u00e9cision n\u00b0 2025-187  du  25  ao\u00fbt 2025  portant subd\u00e9l\u00e9gation de  signature de  Monsieur\nFabrice  MASI,  Directeur  r\u00e9gional et interd\u00e9partemental  de  l'\u00e9conomie, de  l'emploi, du\ntravail et des  soldarit\u00e9s  d'le-de-France,  aux  agents de  l'Unit\u00e9 d\u00e9partementale  des  Hauts.\nde-Seine  ;\nVu  la d\u00e9claration  d activit\u00e9s de services  \u00e0 la personne  d\u00e9pos\u00e9es  le 1\" d\u00e9cembre  2025 au nom\nde  la micro-entreprise  PUJOL  NOLAN  sise 27  Boulevard  de  Stalingrad  \u00e0 MALAKOFF\n(82240):\n\n'Apr\u00e8s examen  du dossier, cette demande  \u00e9tant conforme aux dispositions de l'article L. 7232-1-\n1 du  code du  traval, le pr\u00e9sent  r\u00e9c\u00e9piss\u00e9  de  d\u00e9claration  d'activit\u00e9s  de  services  \u00e0  la personne  a\n\u00e9t\u00e9  enregistr\u00e9  au  nom  de  la micro-entreprise  PUJOL  NOLAN  sous  le num\u00e9ro  SAP  983024728.\nLes  activit\u00e9s  d\u00e9ciar\u00e9es  sont  les  suivantes,  \u00e0  l'exclusion  de  toute  autre\nEntretien  de  la maison  et travaux  m\u00e9nagers  ;\nPrestations  relevant  du  b\u00e9n\u00e9fice  de  a  r\u00e9duction  d'imp\u00f4t  pr\u00e9vue  \u00e0 article 199  sexdecies  du  Code\nG\u00e9n\u00e9ral  des  Imp\u00f4ts.\nLa  structure  exerce  ces  activit\u00e9s  selon  le mode  suivant  :  PRESTATAIRE\nSous  r\u00e9serve  d'\u00eatre exerc\u00e9es  \u00e0 tte  exclusif par  le d\u00e9clarant  (ou  sous  r\u00e9serve  d'une  comptabilt\u00e9\ns\u00e9par\u00e9e  pour  les personnes  morales  dispens\u00e9es  de  la condition  d'actvi\u00e9  exclusive), ces  activit\u00e9s\nouvrent  drot  au b\u00e9n\u00e9fice  des dispositions  des  artiies  L. 7233-2  du  code du travail et L. 241-10\ndu  code  de  la s\u00e9curit\u00e9 sociale\n'Conform\u00e9ment  aux  dispositions de  l'aricie R7232-19  du  code  du  travail, l'organisme  d\u00e9clar\u00e9  doit\nproduire  au  moins  chaque  trimestre  un  \u00e9tat d'activit\u00e9 et chaque  ann\u00e9e  un  bilan quanttatf  et\n'qualtaif deactivit\u00e9  exerc\u00e9e au tire de l'ann\u00e9e \u00e9coul\u00e9e ainsi qu'un tableau statistique annuel.\nSi l'organisme  d\u00e9clar\u00e9 comport  plusieurs \u00e9tablissements,  les \u00e9tats statistiques et e  bilan annuel\ndistinguent  l'actit\u00e9 exerc\u00e9e  par  chaque  \u00e9tablissement.\nLe  pr\u00e9sent  r\u00e9c\u00e9piss\u00e9  prend  effet le 1\"  d\u00e9cembre  2026,\nL'enregistrement de la d\u00e9claration  pourra  \u00eatre retir\u00e9si l'organisme  d\u00e9clar\u00e9  cesse de remplir\nles conditions  ou  de  respecter  les obligations mentionn\u00e9es  aux  4\u00b0,5\u00b0 et 8\u00b0 de  l'article\nR723247  ou  qui  m\u00e9connalt  les obligations  d\u00e9finies \u00e0 l'article R7232-19  du  code  du  travail.\nane  de  rer  dela  claraton,  fare  Tobjet dune  G\u00e9caraten  modieatve  aupros  de  l'Unit\u00e9\nd\u00e9partementale  des  Hauts-de-Seine.\nLe  pr\u00e9sent  r\u00e9c\u00e9piss\u00e9  sera  publi\u00e9 au  recueil des  actes  adminstratits de la pr\u00e9fecture  des  Hauts-\nde-Seine.\nFait \u00e0  Nanterre,  le 15 d\u00e9cembre  2025.\nPour  le Pr\u00e9fet\nPar  d\u00e9l\u00e9gation  ot subd\u00e9l\u00e9gation\nLa  Responsable  du  service\nD\u00e9veloppement  de  l'emploi  et des\ncomp\u00e9tences.\n|\nMariama  CONDE\n\nEs  Direction  r\u00e9gionale  et interd\u00e9partementale\nMINISTERE  de l'\u00e9conomie, de l'emploi,\nDU  TRAVAIL,  DE  LA  SANT\u00c9,  du travailet des solidarit\u00e9s\nDES  SOLIDARIT\u00c9S\nET  DES  FAMILLES\nies\nR\u00e9c\u00e9piss\u00e9  n*2025-705  de  d\u00e9claration  d'activit\u00e9s  de  services  \u00e0  la personne\n'enregistr\u00e9e  sous  le n\u00b0 SAP994313161  au  nom  de  la micro-entreprise  BEN  JOMAA\nEcaterina  sise  1 Avenue  des  Foss\u00e9s \u00e0  MEUDON  (92190)\nLE  PREFET  DES  HAUTS-DE-SEINE\nVu  la loi n\u00b0 2010-853 du  23  jullet 2010  relative aux  r\u00e9seaux  consulaires,  au  commerce et \u00e0\nl'artisanat et aux  services  (article 31) ;\n'Vu la loi n\u00b02015-1778  du  28  d\u00e9cembre  2015  relative adaptation  de  la soci\u00e9t\u00e9  au\nviellissement ;\nVu  l'aricie D7231-1  du  Code  du  traval\nVu  les d\u00e9crets  n\u00b0 2011-1132  et n\u00b0 2011-1133  du  20  septembre  2011  modifiant  certaines\ndispositions  du  Code  du  travail, relatives au  ch\u00e8que  emplot-service  universel  et aux\nservices  \u00e0 la personne ;\nVu  le d\u00e9cret  n\u00b02018-750  du  6juin  2016  relatif \u00e0 la liste des  activit\u00e9s de  services  \u00e0 la personne\nsoumises  \u00e0 agr\u00e9ment  ou  \u00e0 autorisation dans le cadre  du  r\u00e9gime  commun  de la d\u00e9claration\nVu  le d\u00e9cret du 31 octobre 2024  portant nomination de  Monsieur  Alexandre  BRUGERE,  en\nquait\u00e9 de Pr\u00e9fet des Hauts-de-Seine ;\nVu  l'ar\u00f4t\u00e9 interminist\u00e9riel du 12 ao\u00fbt 2025  nommant  Monsieur  Fabrice MASI,  Directeur\nr\u00e9gional et interd\u00e9partemental de l'\u00e9conomie, de l'emploi, du  travail et des  solidarit\u00e9s d'le-\nde-France  \u00e0 compter  du  25  ao\u00fbt  2025  ;\nVu  Farr\u00e9te pr\u00e9fectoral n\u00b02025-33  du  22  ao\u00fbt  2025  par  lequel le Pr\u00e9fet des  Hauts-de-Seine\nd\u00e9l\u00e8gue  sa signature  \u00e0 Monsieur  Fabrice  MASI,  Directeur  r\u00e9gional et interd\u00e9partemental\nde  l'\u00e9conomie, de l'emploi, du travail et des  solidarit\u00e9s d'\u00cele-de-France ;\nVu  la d\u00e9cision n\u00b0 2025-187  du  25 ao\u00fbt 2025  portant subd\u00e9l\u00e9gation de signature de Monsieur\nFabrice  MASI,  Directeur  r\u00e9gional  et interd\u00e9partemental  de  l'\u00e9conomie,  de  l'emploi,  du\ntravail et des  solidarit\u00e9s d'le-de-France,  aux  agents  de  l'Unit\u00e9 d\u00e9partementale  des  Hauts-\nde-Seine\nVu  la d\u00e9claration  d'actvit\u00e9s de  services \u00e0 la personne  d\u00e9pos\u00e9es le 05 d\u00e9cembre  2025  au  nom\nde  la micro-entreprise  BEN  JOMAA  Ecaterina  sise 1 Avenue  des  Foss\u00e9s  \u00e0  MEUDON\n(62190)\n\nApr\u00e8s  examen  du  dossier, cette demande  \u00e9tant conforme  aux  dispositions  de  l'article L. 7232-1-\n1 du  code du  traval  le pr\u00e9sent  r\u00e9c\u00e9piss\u00e9 de  d\u00e9claration  d  activit\u00e9s de  services  \u00e0  la personn\n\u00e9t\u00e9 enregistr\u00e9 au nom  de la micro-entreprise  BEN  JOMAA  Ecaterina  sous le num\u00e9ro  SAP\n994313161,\nLes  activit\u00e9s d\u00e9ciar\u00e9es  sont les suivantes, \u00e0 l'exclusion de toute  autre\nEntrotion  de la maison  et travaux  m\u00e9nagers  ;\nLivraison  de  ropas  \u00e0 domici\nCollecte  et livraison  \u00e0  domicile  de  linge repass\u00e9 ;\nLivraison  de  courses  \u00e0 domicl\nMaintenance,  entretien et vigilance temporaires,  \u00e0 domicile, de  la r\u00e9sidence\nprincipale et secondaire;\n- Assistance  administrative  \u00e0  domicile;\n= Prestation  de  conduite  du  v\u00e9hicule  personnel  des  personnes  temporairement\n'd\u00e9pendantes  autres  que  personnes  \u00e2g\u00e9es,  handicap\u00e9es  ou  atteintes  de  pathologies\nchroniques,  du  domicile  au travail, sur le leu  de  vacances,  pour  les d\u00e9marches\nadministratives ;\nAccompagnement  des  personnes  temporairement  d\u00e9pendantes  autres  que\npersonnes  \u00e2g\u00e9es, handicap\u00e9es ou attointos de pathologies chroniques, dans leurs\nd\u00e9placements  en  dehors  de  leur domicile  (promenades,  aide \u00e0 la mobllt\u00e9  et au\ntransport, actes de la vie courante);\nAssistance  aux  personnes  autres  que  personnes  \u00e2g\u00e9es,  handicap\u00e9es  ou  atteintes\n{de pathologies  chroniques  qui  ont  besoin  tomporalrement  d'une  aide personnelle\nleur  domicile,  \u00e0 l'excluslon  des  soins  relevant  d'actes  m\u00e9dicaux\nPrestations relevant du b\u00e9n\u00e9fice de a  r\u00e9duction d'imp\u00f4t pr\u00e9vue \u00e0 l'aricle 199 sexdecies du Code\nG\u00e9n\u00e9ral  des  Imp\u00f4ts.\nLa  structure  exorce  cos  activit\u00e9s  selon  le mode  suivant : PRESTATAIRE\nSous  r\u00e9serve  d'\u00eatre exerc\u00e9es a ttre exclusi  parle d\u00e9clarant  (ou sous  r\u00e9serve  dune  comptabiit\u00e9\ns\u00e9par\u00e9e  pour  les personnes  morales  dispens\u00e9es  de  la condition d'activit\u00e9 exclusive). ces  activit\u00e9s\nouvrent  droit au  b\u00e9n\u00e9fice  des  dispositions  des articles L. 7283-2  du  code  du  travail et L. 241-10,\n'du code  de la s\u00e9curit\u00e9 sociale,\nConform\u00e9ment  aux  dispositions de  l'article R7232-19  du  code  du  traval, l'organisme  d\u00e9clar\u00e9  doit\nproduire au moins chaque  trimestre un \u00e9tat d'activi\u00e9 et chaque  ann\u00e9e  un bilan quanttatf et\nqualtatf de l'actvit\u00e9 exerc\u00e9e  au  tire de  l'ann\u00e9e  \u00e9coul\u00e9e  ainsi qu'un  tableau  statistique annuel.\nSi organisme  d\u00e9clar\u00e9  comporte  plusieurs  \u00e9tablissements,  les \u00e9tats statstiques  et le bilan annuel\ndistinguent  activit\u00e9 exerc\u00e9e  par  chaque  \u00e9tablissement.\nLe  pr\u00e9sent  r\u00e9c\u00e9piss\u00e9  prend  fete  05  d\u00e9combre  2025.\nL'enregistrement de la d\u00e9claration  pourra  \u00eatre retir\u00e9 si l'organisme  d\u00e9clar\u00e9  cesse de  remplir\nles conditions  ou  de  respecter  les  obligations  mentionn\u00e9es  aux  4\u00b0,5\" et 6\u00b0 de  l'article\n7232-17  ou  qui  m\u00e9connalt  les obligations  d\u00e9finies  \u00e0 l'article R7232-19 du  code  du  travail.\n\n'Toute modification concernant la structure d\u00e9clar\u00e9e ou les activit\u00e9s exerc\u00e9es devra, sous\npeine de retrat de la d\u00e9claration, faire l'objet dune  d\u00e9claration modifcative aupr\u00e9s de [Unit\u00e9\nd\u00e9partementale  des  Hauts-de-Seine.\nLe pr\u00e9sent r\u00e9c\u00e9piss\u00e9 sera publi\u00e9au recueil des  actes administratifs de Ia pr\u00e9fecture des  Hauts-\nde-Seine.\nFait  \u00e0  Nanterre, le 15  d\u00e9cembre  2025.\nPour  le Pr\u00e9fet\nPar d\u00e9l\u00e9gation  et subd\u00e9l\u00e9gation\nLa  Responsable  du  service\nD\u00e9veloppement  de  l'emploi et des\ncomp\u00e9tences\nMariama COND\u00c9\n\nEs  Direction r\u00e9gionale et interd\u00e9partementale\nMINIST\u00c8RE de l'\u00e9conomie, de l'emploi,\nDU  TRAVAIL,  DE  LA  SANT\u00c9,  du travail et des solidarit\u00e9s.\nDES  SOLIDARIT\u00c9S\nET  DES  FAMILLES\nEM\nR\u00e9c\u00e9piss\u00e9  n*2025-706 de  d\u00e9claration  d'activit\u00e9s de  services  \u00e0  la personne\nenregistr\u00e9e  sous  le n\u00b0 SAP919211425  au nom  de  la micro-entreprise  LOSEMBE\nMUNDELE  sise  18  Avenue  Chausson  \u00e0  GENNEVILLIERS  (92230)\nLE  PREFET  DES  HAUTS-DE-SEINE\n'Vu la loi n\u00b0 2010-853 du 23  juilet 2010  relative aux  r\u00e9seaux  consulaires, au  commerce et \u00e0\nl'isanat  et  aux  services  (article 31)\nVu  la loi n\u00b02015-1778  du  28  d\u00e9cembre  2015  relative \u00e0 l'adaptation de  la soci\u00e9t\u00e9  au\nViellissement ;\nVu  l'article D7231-1  du  Code  du  travail\nVu  les d\u00e9crets  n\u00b0 2011-1132  et n\u00b0 2011-1133  du  20  septembre  2011  modifiant  certaines\ndispositions  du  Code  du  travail, relatives  au  ch\u00e8que  emploi-service  universel  et  aux\nservices  \u00e0 la personne  ;\nVu  le d\u00e9cret  n\u00b02016-750  du  6  juin 2016  relatif \u00e0  la liste des  activit\u00e9s  de  services  \u00e0 la personne\nsoumises \u00e0 agr\u00e9ment  u  \u00e0 autorisation dans  le cadre  du  r\u00e9gime  commun de la d\u00e9claration  ;\nVu  le  d\u00e9cret  du  31  octobre  2024  portant  nomination  de  Monsieur  Alexandre  BRUGERE,  en\n'qualit\u00e9 de Pr\u00e9fet des Hauts-de-Seine ;\nVu  l'ar\u00e9t\u00e9  interminist\u00e9riel  du  12  ao\u00fbt  2025  nommant  Monsieur  Fabrice  MASI,  Directeur\nr\u00e9gional et  interd\u00e9partemental  de l'\u00e9conomie,  de  l'emploi,  du travail et des  solidarit\u00e9s  d'le-\nde-France  \u00e0 compter du 25  ao\u00fbt 2025 ;\nVu  l'arr\u00eat\u00e9 pr\u00e9fectoral  n\u00b0202533  du  22  ao\u00fbt  2025  par  lequel  le Pr\u00e9fet  des  Hauts-de-Seine\nd\u00e9l\u00e8gue sa signature  \u00e0 Monsieur  Fabrice  MASI,  Directeur  r\u00e9gional et interd\u00e9partemental\nde l'\u00e9conomie, de l'emploi, du travail et des  solidart\u00e9s d'le-de-France\nVu  la d\u00e9cision  n\u00b0  2025-187  du  25  ao\u00fbt  2025  portant  subd\u00e9l\u00e9gation  de  signature  de  Monsieur\nFabrice  MASI,  Directeur  r\u00e9gional  et  interd\u00e9partemental  de  l'\u00e9conomie,  de  l'emploi, du\ntravail et des  solidarit\u00e9s d'\u00cele-de-France,  aux  agents  de  l'Unit\u00e9 d\u00e9partemental  des  Hauts-\nde-Seine\nVu  la  d\u00e9claration  d'activit\u00e9s  de  services  \u00e0 la personne  d\u00e9pos\u00e9es  le 20  novembre  2025  au  nom\nde  la micro-entreprise  LOSEMBE  MUNDELE  sise  18  Avenue  Chausson  \u00e0\nGENNEVILLIERS  (92230)  ;\n\nApr\u00e8s  examen  du  dossier, cette demande  \u00e9tant conforme  aux  dispositions de  Farce  L. 7232-1-\n1 du code du travall, le pr\u00e9sent r\u00e9c\u00e9piss\u00e9 de d\u00e9claration d activit\u00e9s de services \u00e0 la personne  a\n\u00e9t\u00e9 enregistr\u00e9 au  nom  de  la micro-entreprise LOSEMBE  MUNDELE  sous  le num\u00e9ro  SAP\n919211425,\nLes  activit\u00e9s d\u00e9ciar\u00e9es  sont les suivantes, & l'exclusion de toute  autre\nEntretien  de  la  maison  et  travaux  m\u00e9nagers  ;\nPrestations  relevant du  b\u00e9n\u00e9fice  de  La r\u00e9duction  d'imp\u00f4t  pr\u00e9vue  \u00e0 aticle  199  sexdecies  du  Code\nG\u00e9n\u00e9ral  des  impots.\nLa  structure exerce  ces  activit\u00e9s selon  le mode  suivant  : PRESTATAIRE\nSous  r\u00e9serve  d'\u00eatre exerc\u00e9es  \u00e0  tre  exclusf  parle  d\u00e9clarant  (ou  sous  r\u00e9serve  d'une  comptabilit\u00e9\ns\u00e9par\u00e9e  pour les personnes  morales dispens\u00e9es  de  la condition d'activit\u00e9 exclusive), ces activit\u00e9s\nouvrent  arot  au b\u00e9n\u00e9fice des dispositions  des  articlesL. 7233-2  du  code du traval et L. 241-10,\n'du code  de  la s\u00e9curit\u00e9 sociale.\nConform\u00e9ment  aux  dispositions de l'article R7232-19  du  code  du  travail, l'organisme  d\u00e9clar\u00e9  doit\nquaitatf  de  Tactivite exerc\u00e9e  au  tire de  l'ann\u00e9e  \u00e9coul\u00e9e  ainsi qu'un  tableau  statistique annuel.\nSi l'organisme  d\u00e9clar\u00e9  comporte  plusieurs \u00e9tablissements,  es  \u00e9tats statistiques et le bilan annuel\ndistinguent  Factivite exerc\u00e9  par  chaque  \u00e9tablissement\nLe  pr\u00e9sent  r\u00e9c\u00e9piss\u00e9  prend  effet le 20  novembre  2026,\nL'enregistrement de la d\u00e9claration  pourra  \u00eatre retir\u00e9si l'organisme d\u00e9clar\u00e9  cosse  de remplir\nles conditions  ou  de  respocter  les obligations mentionn\u00e9es  aux  4\u00b0,5\u00b0 et 6\u00b0 de l'article\n7232.17 ou  qui  m\u00e9connalt les  obligations  d\u00e9finies  \u00e0 l'article R7232-19  du code du  travail.\npeine de rerat  dela d\u00e9claration, fare objet  dune  d\u00e9claration modticate  aupr\u00e9s  de FUnit\u00e9\nd\u00e9partementale  des  Hauts-de-Seine.\nLe pr\u00e9sent r\u00e9c\u00e9piss\u00e9 sera publi\u00e9 au recueil des  actes administratifs de la pr\u00e9fecture des  Hauts-\nde-Seine.\nFait \u00e0 Nanterre, le 15 d\u00e9cembre 2025.\nPour  le Pr\u00e9fet\nPar  d\u00e9l\u00e9gation  ot subd\u00e9l\u00e9gation\nLa  Responsable  du  service\nD\u00e9veloppement  de  l'emploi  et des\ncomp\u00e9tences.\n(Er\nMariama  CONDE\n\nEE  Direction  r\u00e9gionale et interd\u00e9partementale\nMINISTERE  de l'\u00e9conomie, de l'emploi,\nDU  TRAVAIL,  DE  LA  SANT\u00c9,  du travail et des solidarit\u00e9s\nDES  SOLIDARIT\u00c9S\nET  DES  FAMILLES\n=\nR\u00e9c\u00e9piss\u00e9  n\u00b02025-707  de  d\u00e9claration  d'activit\u00e9s de  services  \u00e0 la personne\n'enregistr\u00e9e  sous  le n\u00b0 SAP994706984  au  nom  de  la micro-entreprise  ERMENEK\nOZGE  sise  11 Rue  Volant  \u00e0 NANTERRE  (92000)\nLE  PREFET  DES  HAUTS-DE-SEINE\nVu  la loi n\u00b0 2010-853  du  23 jullet 2010  relative aux  r\u00e9seaux  consulaires, au  commerce  et \u00e0\nl'artisanat  et  aux  services  (article 31)\nVu  la loi n\u00b02015-1776  du  28  d\u00e9cembre  2015  relative \u00e0 l'adaptation de  la soci\u00e9t\u00e9  au\nviellissement ;\nVu  l'article D7231-1  du  Code  du  travail;\nVu  les d\u00e9crets  n\u00b0 2011-1132  et n\u00b0 2011-1133  du  20  septembre  2011  modifiant  certaines.\ndispositions du  Code  du  travail, relatives au  ch\u00e8que  emploi-service  universel et aux\nservices  \u00e0 la personne  ;\nVu  le d\u00e9cretn\u00b02016-750  du  6 juin 2016  relatif \u00e0 la liste des  activit\u00e9s de  services  \u00e0 la personne\nsoumises \u00e0 agr\u00e9ment  ou  \u00e0 autorisation dans  le cadre  dur\u00e9gime  commun  de  la d\u00e9ctaration\nVu  le d\u00e9cret du 31 octobre 2024  portant nomination de  Monsieur  Alexandre  BRUGERE,  en\n'qualit\u00e9 de Pr\u00e9fet des Hauts-de-Seine ;\nVu  l'\u00e9t\u00e9  interminist\u00e9riel du  12 ao\u00fbt  2025  nommant  Monsieur  Fabrice  MASI,  Directeur\nr\u00e9gional  et interd\u00e9partemental de l'\u00e9conomie,  de l'emploi, du  travail et des  solidarit\u00e9s d'le-\nde-France \u00e0 compter  du  25 ao\u00fbt  2025  ;\nVu  l'arr\u00eat\u00e9 pr\u00e9fectoral n\u00b02025-33  du  22  ao\u00fbt  2025  par  lequel le Pr\u00e9fet des  Hauts-de-Seine\nd\u00e9l\u00e8gue  sa signature  \u00e0  Monsieur  Fabrice  MASI,  Directeur  r\u00e9gional et interd\u00e9partemental\nde  l'\u00e9conomie, de  l'emploi du travail et des  solidarit\u00e9s d'\u00cele-de-France ;\nVu  la d\u00e9cision  n\u00b0 2025-187  du  25  ao\u00fbt  2025  portant  subd\u00e9l\u00e9gation  de  signature  de  Monsieur\nFabrice  MASI,  Directeur  r\u00e9gional et interd\u00e9partemental  de  \u00e9conomie,  de  l'emploi, du\ntravail et des  soldart\u00e9s  d'le-de-France,  aux  agents  de  l'Unit\u00e9 d\u00e9partementale  des  Hauts-\nde-Seine  ;\nVu  la d\u00e9claration d'activit\u00e9s de services \u00e0 la personne  d\u00e9pos\u00e9es  le 5 d\u00e9cembre  2025  au nom\n'de la micro-entreprise  ERMENEK  OZGE  sise 11 Rue  Volant  \u00e0 NANTERRE  (82000)\n\n'Apr\u00e8s examen  du  dossier, cette demande  \u00e9tant conforme  aux dispositions de article L. 7232-1-\n1 du code  du traval, le pr\u00e9sent  r\u00e9c\u00e9piss\u00e9  de d\u00e9claration d activit\u00e9s de services \u00e0 la personne  a\n\u00e9t\u00e9  enregistr\u00e9  au  nom  de la micro-entreprise  ERMENEK  OZGE  sous le num\u00e9ro  SAP\n'994706984,\nLes  activit\u00e9s d\u00e9clar\u00e9es  sont  les suivantes, \u00e0 exclusion  de  toute  autre\nEntretien  de la  maison  et  travaux  m\u00e9nagers  ;\nPrestations  relevant du b\u00e9n\u00e9fice  de a  r\u00e9duction  d'imp\u00f4t  pr\u00e9vue  \u00e0 l'aile  199 sexdecies du Code\nG\u00e9n\u00e9ral  des  Imp\u00f4ts.\nLa  structure  exorce  ces  activit\u00e9s  selon  le mode  suivant : PRESTATAIRE\nSous  r\u00e9serve  d'\u00eatre  exerc\u00e9es  \u00e0  tire  exclusif  par  le d\u00e9clarant  (ou  sous  r\u00e9serve  dune  comptabilit\u00e9\ns\u00e9par\u00e9e  pour  les personnes  morales  dispens\u00e9es de la condition  d'activit\u00e9 exclusive) ces  activit\u00e9s\nouvrent  drot  au  b\u00e9n\u00e9fice  des  dispositions des  articles L. 7233-2  du  code  du  travail et L. 241-10\ndu  code  de  la s\u00e9curit\u00e9  sociale.\nConform\u00e9ment  aux  dispositions de l'article R7232-19 du code  du  travail, l'organisme  d\u00e9clar\u00e9  doit\nproduire au moins  chaque  trimestre un \u00e9tat d'activit\u00e9 et chaque  ann\u00e9e  un bilan quantitatif et\nqualtatf de l'actit\u00e9 exerc\u00e9e  au tire de  l'ann\u00e9e \u00e9coul\u00e9e  ainsi qu'un tableau statistique annuel.\nSi organisme d\u00e9clar\u00e9  comporte  plusieurs  \u00e9tablissements,  les \u00e9tats statistiques et le bilan annuel\ndistinguent  l'activit\u00e9 exerc\u00e9e  par  chaque  \u00e9tablissement,\nLo  pr\u00e9sent  r\u00e9c\u00e9piss\u00e9 prend  offet le 5 d\u00e9cembre  2025.\nL'enregistrement de la d\u00e9claration  pourra  \u00eatre retir\u00e9 si l'organisme  d\u00e9clar\u00e9  cesse  de remplir\nles conditions  ou  de  respecter  les obligations  mentionn\u00e9es  aux  4\",6\" et 6\u00b0 de  l'article\nR7232-17  ou  qui  m\u00e9connait  les obligations  d\u00e9finies  \u00e0 l'article R7232-19  du  code  du  travail.\nnt la structure d\u00e9clar\u00e9e ct devra, sous\npine  de retrait de Ia d\u00e9claration, faire l'objet d'une d\u00e9claration modincative aupr\u00e9s de l'Unit\u00e9\nd\u00e9partementale  des  Hauts-de-Seine.\nLe  pr\u00e9sent  r\u00e9c\u00e9piss\u00e9  sera publi\u00e9 au recueil des  actes  administratifs de  a  pr\u00e9fecture des  Hauts-\nde-Seine.\nFait  \u00e0  Nanterre,  le 15  d\u00e9cembre 2025.\nPour  le Pr\u00e9fet\nar d\u00e9l\u00e9gation  ot subd\u00e9l\u00e9gation\nLa  Responsable  du  service\nD\u00e9veloppement  de  l'emploi  ot des\ncomp\u00e9tences\n|\n'Mariama CONDE\n\nEE  Direction  r\u00e9gionale et interd\u00e9partementale\nBUTRAVAIL, DE LA SANT\u00c9, du aval et des soldats\nDES  SOLIDARIT\u00c9S\nET  DES  FAMILLES\ntose\nR\u00e9c\u00e9piss\u00e9  n*2025-708  de  d\u00e9claration  d'activit\u00e9s  de  services  \u00e0  la personne\nenregistr\u00e9e  sous le n\u00b0 SAP992036707  au  nom  de  la micro-entreprise  PREIRA  llona\nsise 7 Boulevard  Victor  Hugo  \u00e0  CLICHY  (92110)\nLE  PREFET  DES  HAUTS-DE-SEINE\nVu  la loi n\u00b0  2010-853  du  23  juilet  2010  relative  aux  r\u00e9seaux  consulaires,  au  commerce  et  \u00e0\nl'artisanat et aux  services  (article 31)\nVu  la loi n\u00b02018-1778  du  28  d\u00e9cembre  2015  relative \u00e0 l'adaptation de  la soci\u00e9t\u00e9  au\nvieilissement ;\nVu  l'article 07231-1  du  Code  du  travail\nVu  les d\u00e9crets  n\u00b0 2011-1132  et n\u00b0 2011-1133  du  20  septembre  2011  modifiant  certaines\ndispositions  du  Code  du  travail, relatives  au  ch\u00e8que  emploi-service  universel  et  aux\nservices  \u00e0 la personne ;\nVu  le d\u00e9cret  n\u00b02016:750 du 6 jun  2016 relatif \u00e0 la liste des activit\u00e9s de services \u00e0 la personne\nsoumises  \u00e0 agr\u00e9ment  ou \u00e0 autorisation dans  le cadre  du  r\u00e9gime  commun  de a  d\u00e9claration\nVu  le d\u00e9cret du 31 octobre  2024  portant  nomination de  Monsieur  Alexandre  BRUGERE,  en\nquait\u00e9 de Pr\u00e9fet des Hauts-de-Seine;\nVu  l'ar\u00e8t\u00e9 interminist\u00e9riel du  12 ao\u00fbt 2025  nommant  Monsieur  Fabrice MASI,  Directeur\nr\u00e9gional et interd\u00e9partemental  de  l'\u00e9conomie,  de  l'emploi, du  travail et des  solidartes  dil\nde-France \u00e0  compter  du  25  ao\u00fbt  2025  ;\nVu  l'arr\u00eat\u00e9 pr\u00e9fectoral n\u00b02025-33  du  22  ao\u00fbt  2025  par  lequel le Pr\u00e9fet des  Hauts-de-Seine\nd\u00e9l\u00e8gue  sa  signature  \u00e0  Monsieur  Fabrice  MASI,  Directeur  r\u00e9gional et interd\u00e9partemental\nde  l'\u00e9conomie, de  l'emploi, du  travail et des  solidart\u00e9s d'\u00cele-de-France\nVu  la d\u00e9cision  n\u00b0 2025-157  du  25  ao\u00fbt  2025  portant  subd\u00e9l\u00e9gation  de  signature  de  Monsieur\nFabrice  MASI,  Directeur  r\u00e9gional et interd\u00e9partemental  de  l'\u00e9conomie,  de  l'emplo,  du\ntravail et des  solidarit\u00e9s d'le-de-France,  aux agents  de  I Unit\u00e9  d\u00e9partementale  des  Hauts-\nde-Seine  :\n'Vu  la d\u00e9ctaration  dactvit\u00e9s  de  services  \u00e0  a  personne  d\u00e9pos\u00e9es  le 06  d\u00e9cembre  2025  au  nom\n'de la micro-entreprise  PREIRA  lona  sise 7 Boulevard  Victor Hugo  \u00e0 CLICHY  (92110);\n\n'Apr\u00e8s examen  du  dossier, cette demande  \u00e9tant conforme  aux  dispositions  de  l'article L. 7232-1-\n1 du  code  du  travail, le pr\u00e9sent  r\u00e9c\u00e9piss\u00e9  de  d\u00e9claration  d activit\u00e9s de  services  \u00e0 la personne  a\n\u00e9t\u00e9  enregitr\u00e9  au  nom  de  la micro-entreprise  PREIRA  llona sous  le num\u00e9ro  SAP  892036707.\nLes  activit\u00e9s d\u00e9ciar\u00e9es  sont  les  suivantes,  \u00e0  l'exclusion  de  toute  autre\nEntretien  de  la maison  et  travaux  m\u00e9nagers  ;\n| Garde  d'enfants deplus  de trois ans \u00e0 domicile;\n= Accompagnement  des  enfants  de  plus  de  trois ans  dans  leurs  d\u00e9placements  en\n'dehors  de  leur domicile  (promenades,  transports,  actes de la vie courante)  ;\nPrestations  relevant du  b\u00e9n\u00e9fice  dela r\u00e9duction  d'imp\u00f4t  pr\u00e9vue  a l'article 199  sexdecies  du  Code\nG\u00e9n\u00e9ral  des  Imp\u00f4ts.\nLa structure  exerce ces  activit\u00e9s selon  le mode  suivant :  PRESTATAIRE\n'Sous  r\u00e9serve  d'\u00eatre exerc\u00e9es  \u00e0  tire exclusif par  le d\u00e9clarant  (ou  sous  r\u00e9serve  dune  comptabilit\u00e9\ns\u00e9par\u00e9e pour les personnes morales dispens\u00e9es de la condition d'activit\u00e9 exclusive), ces activites\n'ouvrent droit au  b\u00e9n\u00e9fice  des  dispositions  des  articles L. 7233-2  du  code  du  travail et L. 241-10\ndu  code  de  la s\u00e9curit\u00e9  sociale.\nCConform\u00e9ment  aux  ispostions de l'article R7232-19 du code  du  aval  organisme  d\u00e9clar\u00e9 dot\nproduire au moins chaque tmeste  un \u00e9tat d'activit\u00e9 et chaque  ann\u00e9e un blan quanttatt et\n{altatf  de activit\u00e9 exerc\u00e9e au tive de l'ann\u00e9e \u00e9coul\u00e9e ainsi qu'un tableau statistique annuel.\nSiTorganisme  d\u00e9clar\u00e9  comport  plusieurs  \u00e9tablissements,  les \u00e9tats statistiques ee  ban  annuel\ndistinguent  l'activit\u00e9 exerc\u00e9e  par  chaque  \u00e9tablissement.\nLe  pr\u00e9sent  r\u00e9c\u00e9piss\u00e9 prend  effet le 06  d\u00e9cembre  2028.\nL'enregistrement de la d\u00e9claration  pourra \u00eatre retir\u00e9 si l'organisme  d\u00e9clar\u00e9 cesse  de remplir\nles conditions  ou  de  respecter  les obligations mentionn\u00e9es  aux  4\u00b0,5\u00b0 et 6\u00b0 de  l'article\nR7232-17  ou  qui  m\u00e9connalt  les obligations  d\u00e9finies  \u00e0 l'article R7232-19  du  code  du  travail.\n'Toute modification concernant la structure d\u00e9clar\u00e9e ou les activit\u00e9s exerc\u00e9es devra, sous\npoine de  retrait de  la d\u00e9claration, faire l'objet dune  d\u00e9claration modificative aupr\u00e8s  de l'Unit\u00e9\nd\u00e9partementale  des  Hauts-de-Seine\nLe  pr\u00e9sent  r\u00e9c\u00e9piss\u00e9  sera  publi\u00e9 au  recueil des  actes  administratifs de la pr\u00e9fecture  des Hauts-\nde-Seine.\nFait \u00e0  Nanterre,  le 15 d\u00e9cembre  2025.\nPour  le Pr\u00e9fet\nar  d\u00e9l\u00e9gation  ot  subd\u00e9l\u00e9gation\nResponsable  du  service\nD\u00e9veloppement  de  l'emploi  et des\ncomp\u00e9tences\nete\nMarlama  CONDE\n\nEx  Direction  r\u00e9gionale  et  interd\u00e9partementale\nde  l'\u00e9conomie, de  l'emploi,\nDUR AVAL, DE LA SANT\u00c9, A traval et des soldats\nDES  SOLIDARIT\u00c9S\nET  DES  FAMILLES\neu\nR\u00e9c\u00e9piss\u00e9  n\u00b02025-709  de  d\u00e9claration  d'activit\u00e9s  de  services  \u00e0 la personne\nenregistr\u00e9e  sous  le n\u00b0 SAP838360238  au  nom  de  la micro-entreprise\nMAINTIGNEUX  Basile  sise  13  Rue  Alfred  Fournier  \u00e0  CHAVILLE  (92370)\nLE  PREFET  DES  HAUTS-DE-SEINE\nVu  la loi n\u00b0 2010-869  du  23 jullet 2010  relative aux  r\u00e9seaux  consulaires,  au  commerce  et \u00e0\nl'artisanat et aux  services (article  31)\nVu  la loi n\u00b02015-1778  du  28  d\u00e9cembre  2015  relative  \u00e0  adaptation  de  la soci\u00e9t\u00e9  au\nviilissement ;\nVu  l'aricie D7231-1  du  Code  du travail;\nVu  les d\u00e9crets  n\u00b0 2011-1132  et n\u00b0 2011-1133  du  20  septembre  2011  modflant  certaines\ndispositions  du  Code  du  traval, relatives  au  ch\u00e8que  emploi-service  universel  et  aux\nservices \u00e0 la personne\nVu  le  d\u00e9cret  n\u00b02016-750  du  6 juin 2016  relatif \u00e0 la liste des  activit\u00e9s de  services  \u00e0 la personne\nsoumises  \u00e0 agr\u00e9ment  ou \u00e0 autorisation dans le cadre  du  r\u00e9gime  commun  dela  d\u00e9claration\nVu  le  d\u00e9cret  du  31  octobre  2024  portant  nomination  de  Monsieur  Alexandre  BRUGERE,  en\nqualit\u00e9 de Pr\u00e9fet des Hauts-de-Seine ;\nVu  l'ar\u00e9t\u00e9  interminist\u00e9riel du  12  ao\u00fbt  2025  nommant  Monsieur  Fabrice  MASI,  Directeur\nr\u00e9gional et  interd\u00e9partemental  de  l'\u00e9conomie,  de  l'emploi,  du  travail et des  solidarit\u00e9s  dle\nde-France  \u00e0 compter  du  25  ao\u00fbt  2025  ;\nVu  l'ar\u00eat\u00e9 pr\u00e9fectoral n\u00b02025-33  du  22  ao\u00fbt  2025  par  lequel le Pr\u00e9fet des  Hauts-de-Seine\nd\u00e9l\u00e8gue  sa signature  \u00e0 Monsieur  Fabrice  MASI,  Directeur  r\u00e9gional et interd\u00e9partemental\nde l'\u00e9conomie, de l'emploi, du traval et des  solidarit\u00e9s d'le-de-France ;\nVu  la d\u00e9cision  n\u00b0  2025-157  du  25  ao\u00fbt  2025  portant  subd\u00e9l\u00e9gation  de  signature  de  Monsieur\nFabrice  MASI,  Directeur  r\u00e9gional  et  interd\u00e9partemental  de  l'\u00e9conomie,  de  l'emploi,  du\ntravail et des  solidarit\u00e9s dlle-de-France,  aux  agents  de  Unite  d\u00e9partementale  des  Hauts-\nde-Seine  ;\nVu  la d\u00e9claration  d'activit\u00e9s de  services  \u00e0 la personne  d\u00e9pos\u00e9es  le 03  d\u00e9cembre  2025  au  nom\nde  la micro-entreprise  MAINTIGNEUX  Basile  sise  13  Rue  Alfred  Fournier  \u00e0  CHAVILLE\n(82370):\n\n'Apres  examen du dossier, cette demande  \u00e9tant conforme  aux dispositions de l'article L 7232-1\n1 du code  du traval  le pr\u00e9sent  r\u00e9c\u00e9piss\u00e9  de d\u00e9ctaration d'activit\u00e9s de services \u00e0 la personne a\n\u00e9t\u00e9  enregistr\u00e9  au  nom  de  la micro-entreprise  MAINTIGNEUX  Basile sous  le num\u00e9ro  SAP\n1838360238\nLes  activit\u00e9s d\u00e9clar\u00e9es  sont  les suivantes,  a exclusion  de  toute  autre\nPetits  travaux  de  jardinage,  y  compris  les travaux  de  d\u00e9broussaillage  ;\n'Travaux  de petit bricolage  dits \u00ab homme  toutes  mains\nPrestations relevant du  b\u00e9n\u00e9fice de la r\u00e9duction d'imp\u00f4t pr\u00e9vue  \u00e0 article 199 sexdecies du Code\nG\u00e9n\u00e9ral  des  Imp\u00f4ts.\nLa  structure exerce  ces activit\u00e9s  selon  le mode  suivant :  PRESTATAIRE\n'Sous  r\u00e9serve  d'\u00eatre exerc\u00e9es  \u00e0 tre  exclusif par  le d\u00e9clarant  (ou  sous  r\u00e9serve  d'une  comptablit\u00e9\ns\u00e9par\u00e9e  pour les personnes  morales dispens\u00e9es de la condition d'activit\u00e9 exclusive) ces activit\u00e9s\n'ouvrent droit au  b\u00e9n\u00e9fice des dispositions des  articles L. 7233-2  du  code  du travall et L. 241-10,\ndu  code  de  la s\u00e9curt\u00e9  sociale.\nConform\u00e9ment  aux  dispositionsde article R7232-19 du code  du travail, l'organisme d\u00e9clar\u00e9 doit\nproduire au moins  chaque  trimestre un  \u00e9tat d'activit\u00e9 et chaque  ann\u00e9e  un  bilan quantitatif et\nquaitatf  de  activit\u00e9 exerc\u00e9e  au  tire de  l'ann\u00e9e  \u00e9coul\u00e9e  ainsi qu'un  tableau  statistique annuel\nSi l'organisme  d\u00e9clar\u00e9  comporte  plusieurs  \u00e9tablissements,  les \u00e9tats statistiques ete  bilan annuel\ndistinguent  l'actit\u00e9 exerc\u00e9e  par  chaque  \u00e9tablissement.\nLe  pr\u00e9sent  r\u00e9c\u00e9piss\u00e9  prend effet le 03 d\u00e9combre  2025.\nL'enrogistremont  de  la d\u00e9claration pourra \u00eatre retir\u00e9 si l'organisme  d\u00e9clar\u00e9 cosse  de remplir\nles conditions  ou  de  respecter  les  obligations  mentionn\u00e9es  aux  4\u00b0,5* ot 6\u00b0 de  l'article\nR7232-17  ou  qui m\u00e9connait  les obligations d\u00e9finies \u00e0 l'article R7232-19 du  code  du travail.\ndevra,  sous\npr\u00e8s de Unite\n'd\u00e9partementale des  Hauts-de-Seine\nLe pr\u00e9sent r\u00e9c\u00e9piss\u00e9 sera publi\u00e9 au recueil des  actes administratifs de  la pr\u00e9fecture des Hauts-\nde-Seine,\nFait a  Nanterre, le 15 d\u00e9cembre  2025,\nPour  le Pr\u00e9fet\nPar  d\u00e9l\u00e9gation  ot subd\u00e9l\u00e9gation\nLa  Responsable  du  service\nMariama  CONDE\n\nEE  Direction  r\u00e9gionale et interd\u00e9partementale\nMINIST\u00c8RE de l'\u00e9conomie, de l'emploi,\nDU  TRAVAIL,  DE  LA  SANT\u00c9,  du travail et des solidarit\u00e9s\nDES  SOLIDARIT\u00c9S\nET  DES  FAMILLES\nEMA\nR\u00e9c\u00e9piss\u00e9  n\u00b02028-710  de  d\u00e9claration  d'activit\u00e9s  de  services  \u00e0 la personne\nenrogistr\u00e9e  sous  le n\u00b0 SAP994756427  au  nom  de  la micro-entreprise  HEROUALI\nMEHDI  ABDLKADER  CLAUDE  sise  15 Avenue  de  la R\u00e9publique  \u00e0 CHATILLON\n(92320)\nLE  PREFET  DES  HAUTS-DE-SEINE\nVu  la loi n\u00b0 2010-853 du  23  juillet 2010  relative aux  r\u00e9seaux  consulaires,  au  commerce  et \u00e0\nl'artisanat  et aux  services  (article 31);\nVu  la loi n\u00b02015-1778  du  28  d\u00e9cembre  2015  relate  \u00e0 l'adaptation de  la soci\u00e9t\u00e9  au\nviellissement\nVu  l'aricie 07231-1  du  Code  du  travail\nVu  les d\u00e9crots  n\u00b0 2011-1132  et n\u00b0 2011-1133  du  20  septembre  2011  modifiant  certaines\ndispostions  du  Code  du  travail, relatives au  ch\u00e8que  emploi-service  universel  et aux\nservices  \u00e0 la personne\nVu  le d\u00e9cret  n\u00b02016:750  du 8 juin 2016 relatif \u00e0 la liste des activit\u00e9s do services  \u00e0 la personne\n'soumises  \u00e0 agr\u00e9ment ou \u00e0  autorisation dans  le cadre  du  r\u00e9gime  commun  de  la d\u00e9claration  ;\n'Vu le d\u00e9cret du 31 octobre 2024  portant nomination de  Monsieur  Alexandre  BRUGERE,  en\nqualit\u00e9 de Pr\u00e9fet des  Hauts-de-Seine  ;\nVu  l'ar\u00eat\u00e9 interminist\u00e9riel du  12  ao\u00fbt  2025  nommant  Monsieur  Fabrice  MASI,  Directeur\nr\u00e9gional  et  interd\u00e9partemental  de  l'\u00e9conomie,  de  l'emploi  du  travail et  des  solidarit\u00e9s  d'le-\nde-France  \u00e0 compter  du  25  ao\u00fbt  2025  ;\nVu  l'ar\u00eat\u00e9 pr\u00e9fectoral n\u00b02026-33  du  22  ao\u00fbt  2025  par  lequel le Pr\u00e9fet des  Hauts-de-Seine\nd\u00e9l\u00e8gue  sa  signature  \u00e0 Monsieur  Fabrice  MASI,  Directeur  r\u00e9gional et interd\u00e9partemental\n'de l'\u00e9conomie, de l'emploi, du travail et des solidarit\u00e9s d'\u00cele-de-France\nVu  la d\u00e9cision  n\u00b0 2025-157  du  25  ao\u00fbt  2025  portant  subd\u00e9l\u00e9gation  de  signature  de  Monsieur\nFabrice  MASI,  Directeur  r\u00e9gional  et  interd\u00e9partemental  de  l'\u00e9conomie,  de  l'emploi,  du\ntravail et des  solidart\u00e9s  d'le-de-France,  aux  agents  de  Unite  d\u00e9partementale  des  Hauts-\nde-Seine  ;\nVu  la d\u00e9claration d'activit\u00e9s de services \u00e0 la personne  d\u00e9pos\u00e9es  le 06 d\u00e9cembre  2025 au nom\nde  la micro-entreprise  HEROUALI  MEHDI  ABDLKADER  CLAUDE  sise 15 Avenue  de  la\nR\u00e9publique  \u00e0  CHATILLON  (92320);\n\n'Apr\u00e8s examen  du dossier, cette demande  \u00e9tant conforme aux dispostions de l'article L. 7232-1\n1 du code  du traval  le pr\u00e9sent  r\u00e9c\u00e9piss\u00e9  de d\u00e9claration d'activit\u00e9s de services \u00e0 la personne a\nee  eregsr\u00e9  au nom  de  a  micro  entreprise HEROUALI  MEHDI  ABDLKADER  CLAUDE\nsous  le num\u00e9ro  SAP  994756427.\nLes  acthit\u00e9s d\u00e9clar\u00e9es  sont les suivantes,  \u00e0 exclusion de toute autre\n= _Entrotion de  la maison  ot travaux  m\u00e9nagers  ;\nPrestations  relevant  du  b\u00e9n\u00e9fice  dela  r\u00e9duction  d'imp\u00f4t  pr\u00e9vue  \u00e0 article 199  sexdecies  du  Code\n'G\u00e9n\u00e9ral  des  Imp\u00f4ts.\nLa  structure  exerce  ces  activit\u00e9s  selon  le mode  suivant  :  PRESTATAIRE\nSous  r\u00e9serve  d'\u00eatre exerc\u00e9es  \u00e0  tire exclus  par  le d\u00e9clarant  (ou  sous  r\u00e9serve  d'une  comptabilit\u00e9\n's\u00e9par\u00e9e  pour  les personnes  morales  dispens\u00e9es  de  la condition  d'activit\u00e9 exclusive), ces  activit\u00e9s\n'ouvrent  droit au  b\u00e9n\u00e9fice  des  dispositions des  articles L. 7233-2  du  code du travail et L. 241-10\ndu  code  de  la s\u00e9curit\u00e9 sociale.\nConform\u00e9ment  aux  dispositions de  l'article R7232-19  du  code  du  traval  organisme  d\u00e9ciar\u00e9  doit\nproduire au  moins  chaque  trimestre un \u00e9tat d'activit\u00e9 et chaque  ann\u00e9e  un bilan quantitatif et\nqualtaif  de  l'activit\u00e9 exerc\u00e9e  au  tre  de  l'ann\u00e9e  \u00e9coul\u00e9e  ainsi qu'un  tableau  statistique annuel.\nSi l'organisme  d\u00e9clar\u00e9  comporte  plusieurs  \u00e9tablissements,  es  \u00e9tats statistiques ete  bilan annuel\ndistinguent  activit\u00e9  exerc\u00e9e  par  chaque  \u00e9tablissement,\nLe  pr\u00e9sent  r\u00e9c\u00e9piss\u00e9  prend  effet le 06 d\u00e9combre  2025.\nL'enregistrement  de  la d\u00e9claration pourra \u00eatre retir\u00e9si l'organisme  d\u00e9clar\u00e9 cosse de  remplir\nles conditions  ou  de  respecter  les obligations mentionn\u00e9es  aux  4\u00b0,6* et 6\u00b0 de  l'article\n723247  ou  qui  m\u00e9connalt les  obligations  d\u00e9finies  \u00e0 l'article R7232-19  du  code  du  travail.\ndovra,  sous\nper fae Tobjet dune d\u00e9clraton modeste aupr\u00e9sde TUnte\neparementate  des  Haute-de  Sone.\nLe pr\u00e9sent r\u00e9c\u00e9piss\u00e9 sera publi\u00e9 au recuell des  actes administratifsde a  pr\u00e9fecture des Hauts.\ndeSeine.\nFait \u00e0  Nanterre, le 15 d\u00e9cembre  2025.\nPour  le Pr\u00e9fet\nPar d\u00e9l\u00e9gation  ot subd\u00e9l\u00e9gation\nLa  Responsable  du  service\nD\u00e9veloppement  de  l'emploi  et des\ncomp\u00e9tences\nMariama  CONDE\n\nEE  Direction  r\u00e9gionale  et interd\u00e9partementale\nMINISTERE de l'\u00e9conomie, de l'emploi,\nDU  TRAVAIL,  DE LA SANTE,  du travail et des solidarit\u00e9s\nDES  SOLIDARIT\u00c9S\nET  DES  FAMILLES\nby\nR\u00e9c\u00e9piss\u00e9  n\u00b02025-711  de  d\u00e9claration d'activit\u00e9s de  services \u00e0 la personne\nenregistr\u00e9e  sous  le n\u00b0 SAP994784429  au  nom  de  la micro-entreprise  ROGER\nMA\u00cbLINE  sise 3 Rue  des Deux  Gares  \u00e0 RUEIL-MALMAISON  (92500)\nLE  PREFET  DES  HAUTS-DE-SEINE\nVu  la loi n\u00b0 2010-859  du 23 jullet 2010  relative aux  r\u00e9seaux  consulaires, au commerce  et \u00e0\nFartisanat et aux  services  (article 31):\nVu  la loi n\u00b02015-1776  du 28  d\u00e9cembre  2015  relative \u00e0 l'adaptation de  la soci\u00e9t\u00e9 au\nViellissement ;\nVu  l'article D7231-1  du  Code  du  travail;\nVu  les d\u00e9crets n\u00b0 2011-1132  et n\u00b0 2011-1133  du 20 septembre  2011  modifiant certaines\ndispositions du Code  du  travail, relatives au  ch\u00e8que  emploi-service universel et aux\nservices  \u00e0  la personne  ;\nVu  le d\u00e9cret n\u00b02016-750  du 6 juin 2016  relatif\u00e0 la liste des  activit\u00e9s de services \u00e0 la personne\nsoumises  \u00e0 agr\u00e9ment ou \u00e0 autorisation dans le cadre  du  r\u00e9gime  commun  de la d\u00e9claration  ;\n'Vu le d\u00e9cret du 31 octobre 2024  portant nomination de  Monsieur  Alexandre  BRUGERE,\n'qualit\u00e9 de Pr\u00e9fet des Hauts-de-Seine ;\nVu  l'ar\u00f4t\u00e9 interminist\u00e9riel du  12 ao\u00fbt 2025  nommant  Monsieur  Fabrice MASI,  Directeur\nr\u00e9gional  et interd\u00e9partemental de l'\u00e9conomie,  de l'emploi, du travalet des  solidarit\u00e9s dle\nde-France  \u00e0 compter  du  25  ao\u00fbt  2025  ;\nVu  l'arr\u00eat\u00e9 pr\u00e9fectoral n\u00b02025-33  du  22  ao\u00fbt  2025  par  lequel le Pr\u00e9fet des  Hauts-de-Seine\nd\u00e9l\u00e8gue  sa signature  \u00e0 Monsieur  Fabrice  MASI,  Directeur  r\u00e9gional et interd\u00e9partemental\nde l'\u00e9conomie, de l'emploi du travail et des solidarit\u00e9s d'\u00cele-de-France;\nVu  la d\u00e9cision n\u00b0 2025-157  du  25  ao\u00fbt 2025  portant subd\u00e9l\u00e9gation de  signature de  Monsieur\nFabrice  MASI,  Directeur  r\u00e9gional  et interd\u00e9partemental  de  l'\u00e9conomie, de  l'emploi, du\ntravail et des  solidarit\u00e9s d'le-de-France,  aux  agents  de  I Unit\u00e9  d\u00e9partementale  des  Hauts\nde-Seine  ;\n'Vu la d\u00e9claration d'activit\u00e9s de services la personne  d\u00e9pos\u00e9es  le 09 d\u00e9cembre  2025 au nom\nde la micro-entreprise ROGER  MAELINE  sise 3 Rue  des  Deux  Gares  \u00e0 RUEIL.\nMALMAISON  (82500)  ;\n\nApr\u00e8s  examen du dossier, cette  demande  \u00e9tant conforme  aux dispositions deface  L.7232-1-\n1 Gu code  du  avai,  le pr\u00e9sent  r\u00e9c\u00e9piss\u00e9  de  d\u00e9claration dactvtes  de  services  \u00e0 la personne  a\n\u00e9t\u00e9 enregistr\u00e9 au nom  de  la micro-entreprise ROGER  MAELINE  sous  le num\u00e9ro  SAP\n994784428.\nLes  acti\u00e9s  d\u00e9clar\u00e9es  sont  les  suivantes  \u00e0  exclusion  de  toute  autre\nEntretien  de la maison  et  travaux  m\u00e9nagers  ;\nPrestations relevant  du  b\u00e9n\u00e9fice  de  la r\u00e9duction  d'imp\u00f4t  pr\u00e9vue  \u00e0 l'article 199  sexdecies du  Code\nG\u00e9n\u00e9ral  des  Imp\u00f4ts.\nLa  structure  exerce  ces  activit\u00e9s  selon  le mode  suivant : PRESTATAIRE\nSous  r\u00e9serve  d'\u00eatre exerc\u00e9es  \u00e0  tire exclusif par  le d\u00e9clarant  (ou  sous r\u00e9serve  d'une  comptabiit\u00e9\ns\u00e9par\u00e9e  pour  les personnes  morales  dispens\u00e9es de la condtion  d'activit\u00e9 exclusive), ces  activites\nouvrent dro  au  b\u00e9n\u00e9fice des  dispositions  des  articles  L. 7233-2  du  code  du  travail et  L. 241-10\ndu  code  de  la s\u00e9curt\u00e9  sociale\n'Conform\u00e9ment  aux  dispositions de  l'articie R7232-19 du code  du  travail, organisme  d\u00e9clar\u00e9  doit\nProduire au moins  chaque  timestre un \u00e9tat d'activit\u00e9 et chaque  ann\u00e9e  un bilan quantitatif et\nualitatf de l'actit\u00e9 exerc\u00e9e au tire de l'ann\u00e9e \u00e9couide ainsi qu'un tableau statistique annuel.\nSi  l'organisme  d\u00e9clar\u00e9  comporte  plusieurs  \u00e9tablissements,  les  \u00e9tats  statistiques  et le ban  annuel\ndistinguent  l'activit\u00e9 exerc\u00e9e  par  chaque  \u00e9tablissement.\nLe  pr\u00e9sent  r\u00e9c\u00e9piss\u00e9  prend  effet le 09  d\u00e9cembre  2026,\nL'enregistrement  de Ia d\u00e9claration  pourra  \u00eatre retir\u00e9 si l'organisme  d\u00e9clar\u00e9  cesse  de  remplir\nles conditions  ou  de respecter  les obligations  mentionn\u00e9es  aux  4\u00b0,5\u00b0 et 6\u00b0 de  l'article\nR7232-17 ou  qui  m\u00e9connait les  obligations  d\u00e9finies \u00e0 l'article R7232-19  du  code  du  travail.\n'Toute modification concernant la structure d\u00e9clar\u00e9e ou les activit\u00e9s exerc\u00e9es devra, sous\npeine de retrait de la d\u00e9claration, faire objet d'une d\u00e9ciaration modificatve aupr\u00e8s de l'Unit\u00e9\nd\u00e9partementale  des  Hauts-de-Seine\nLe  pr\u00e9sent  r\u00e9c\u00e9piss\u00e9  sera  publi\u00e9 au  recueil des  actes  administratifs de  a  pr\u00e9fecture  des  Hauts-\nde-Seine,\nFait  \u00e0  Nanterre,  le 15  d\u00e9cembre 2025.\nPour  le Pr\u00e9fet\nPar  d\u00e9l\u00e9gation  et subd\u00e9l\u00e9gation\nLa  Responsable  du  service\nD\u00e9veloppement  de  l'emploi  et des\ncomp\u00e9tences\nMariama  CONDE\n\nEx\nMINIST\u00c8RE\nDU  TRAVAIL,  DE  LA  SANT\u00c9,\nDES  SOLIDARIT\u00c9S\nET  DES  FAMILLES\nFu\nde  l'\u00e9conomie,  de  l'emploi,\ndu  travail  et des  solidarit\u00e9s\nR\u00e9c\u00e9piss\u00e9  n\u00b02028-712  de  d\u00e9claration  d'activit\u00e9s  de  services  \u00e0  la personne\nenregistr\u00e9e  sous  le n\u00b0 SAP994782480  au  nom  de  la micro-entreprise  MOITRY\nOSTIANE  MARIE  sis  5 Rue  de  Paris \u00e0  BOULOGNE-BILLANCOURT  (92100)\nLE  PREFET  DES  HAUTS-DE-SEINE\n'Vu  la loi n\u00b0  2010-863  du  23  jullet 2010relative aux  r\u00e9seaux  consulaires,  au  commerce et  \u00e0\nl'artisanat et aux  services  (article 31)\nVu  la loi n\u00b02015-1776  du  28  d\u00e9cembre  2016  relative  \u00e0  l'adaptation  de  la soci\u00e9t\u00e9  au\nviellissement\nVu  l'article D7231-1  du  Code  du travail;\nVu  les d\u00e9crets  n\u00b0 2011-1132  et n\u00b0 2011-1133  du  20  septembre  2011  modifiant  certaines\ndispositions  du  Code  du  travail, relatives  au  ch\u00e8que  emploi-service  universel  et aux\nservices \u00e0 a personne  ;\n'Vu le d\u00e9cretn\u00b02016-750  du  6  juin 2016  relatif \u00e0 la liste des  activit\u00e9s de  services  \u00e0 la personne\nsoumises  \u00e0 agr\u00e9ment ou  autorisation dans le cadre  du  r\u00e9gime  commun  de la d\u00e9claration  ;\n'Vu le d\u00e9cret  du  31 octobre 2024  portant nomination  de  Monsieur  Alexandre  BRUGERE,  en\nquait\u00e9 de Pr\u00e9fet des Hauts-de-Seine ;\nVu  l'\u00e9t\u00e9  interminist\u00e9riel du  12 ao\u00fbt  2025  nommant  Monsieur  Fabrice  MASI,  Directeur\nr\u00e9gional et interd\u00e9partemental de l'\u00e9conomie, de l'emploi, du travail et des saidat\u00e9s  dle-\nde-France  \u00e0 compter  du  25  ao\u00fbt  2025\nVu  l'arr\u00eat\u00e9 pr\u00e9fectoral n\u00b02025-33  du  22  ao\u00fbt  2025  par  lequel le Pr\u00e9fet des  Hauts-de-Seine\nd\u00e9l\u00e8gue  sa  signature  \u00e0 Monsieur  Fabrice  MASI,  Directeur  r\u00e9gional et interd\u00e9partemental\nde l'\u00e9conomie, de l'emploi, du travail et des  soldartes  d'le-de-France ;\nVu  la d\u00e9cision  n\u00b0 2025-187  du  25  ao\u00fbt  2025  portant  subd\u00e9l\u00e9gation  de  signature  de  Monsieur\nFabrice  MASI,  Directeur  r\u00e9gional et interd\u00e9partemertal  de  l'\u00e9conomie,  de  l'emploi, du\ntravail et des solidarit\u00e9s  d'le-de-France, aux  agents  de  l'Unit\u00e9 d\u00e9partemental  des  Hauts\nde-Seine\nVu  la d\u00e9claration  d'actvit\u00e9s de  services  \u00e0 la personne  d\u00e9pos\u00e9es  le 09  d\u00e9cembre  2025  au  nom\nde  la micro-entreprise  MOITRY  OSTIANE  MARIE  sise 5  Rue  de  Paris \u00e0 BOULOGNE\nBILLANCOURT  (82100)  ;\n\n'Apr\u00e8s examen  du dossier, cette demande  \u00e9tant conforme aux dispositions de article L. 7232-1-\n1 du  code  du travail le pr\u00e9sent  r\u00e9c\u00e9piss\u00e9  de  d\u00e9ciaration  d'activit\u00e9s de  services  \u00e0  la personne  a\n\u00e9t\u00e9 enregistr\u00e9 au nom  de  la micro-entreprise MOITRY  OSTIANE  MARIE  sous  le num\u00e9ro  SAP\n994782480,\nLes  activit\u00e9s d\u00e9clar\u00e9es  sont les suivantes, \u00e0 exclusion  de  toute  autre\n- _Entretien  de  la  maison  et  travaux  m\u00e9nagers  ;\nPrestations relevant du b\u00e9n\u00e9fice dela  r\u00e9duction imp\u00f4t  pr\u00e9vue  \u00e0 Tarticle 199 sexdecies du  Code\n(G\u00e9n\u00e9ral  des  Imp\u00f4ts.\nLa  structure  exerce  ces  activit\u00e9s  selon  le mode  suivant :  PRESTATAIRE\nSous  r\u00e9serve  d'\u00eatre exerc\u00e9es  \u00e0  tre  exclus  par  le d\u00e9clarant  (ou  sous  r\u00e9serve  d'une  comptabilit\u00e9\n's\u00e9par\u00e9e pour les personnes morales dispens\u00e9es de la condition d'activit\u00e9 exclusive) ces activites,\n'ouvrent droit au b\u00e9n\u00e9fice des dispositions des  articles L. 7233-2  du code du travail et L. 241-10\ndu  code  de  la s\u00e9curit\u00e9 sociale.\nConform\u00e9ment  aux dispositions de  l'article R7232-19  du code  du  travail, l'organisme d\u00e9clar\u00e9 doit\nproduire  au  moins  chaque  timestre  un  \u00e9tat d'activit\u00e9 et chaque  ann\u00e9e  un  bilan quantitatif et\nualtatf  de l'activit\u00e9 exerc\u00e9e au tire de l'ann\u00e9e \u00e9coul\u00e9e ainsi qu'un tableau statistique annuel.\nSi l'organisme  d\u00e9clar\u00e9  comporte  plusieurs  \u00e9tablissements,  les \u00e9tats statistiques etl  bilan annuel\ndistinguent  Factivit\u00e9 exerc\u00e9e  par  chaque  \u00e9tablissement.\nLe pr\u00e9sent  r\u00e9c\u00e9piss\u00e9  prend oft  le 09 d\u00e9cembre  2028.\nL'enregistrement de la d\u00e9claration  pourra \u00eatre rotir\u00e9 si l'organisme  d\u00e9clar\u00e9 cesse  de  remplir\nles conditions  ou  de  respecter  les obligations mentionn\u00e9es  aux  4\u00b0,5\u00b0 et 6\u00b0 de  l'article\n7232.47  ou  qui m\u00e9connalt  les obligations d\u00e9finies \u00e0 l'article R7232-19 du  code  du  travail.\npane  de  retrait de a  d\u00e9claration, fare Tobjet Gune  declaration modiicalve  aupr\u00e9s  de  (Ute\nd\u00e9partementale des  Hauts-de-Seine.\nLe pr\u00e9sent  r\u00e9c\u00e9piss\u00e9  sera publi\u00e9  au recueil  des  actes  administratifs de La pr\u00e9fecture  des  Hauts\ndeSeine.\nFait a Nanterre,  le 15  d\u00e9cembre  2025,\nPour  le Pr\u00e9fet\nd\u00e9l\u00e9gation  et  subd\u00e9l\u00e9gation\nLa  Responsable  du service\nD\u00e9veloppement  de  l'emploi et des\ncomp\u00e9tences\nJEsote\nMariama  CONDE\n\nE  Direction r\u00e9glonale  et interd\u00e9partementale\nMINIST\u00c8RE  de l'\u00e9conomie, de l'emploi,\nDU  TRAVAIL,  DE LA SANT\u00c9,  du travail et des solidarit\u00e9s\nDES  SOLIDARIT\u00c9S\nET  DES  FAMILLES\nieshe\nR\u00e9c\u00e9piss\u00e9  n\u00b02025-714  de  d\u00e9claration d'activit\u00e9s de  services  \u00e0 la personne\nenregistr\u00e9e  sous  le n\u00b0 SAP994829968  au  nom  de  la micro-entreprise  JACQUIN\nLUCIE  sise 8 Rue  Camille  Claude  \u00e0 GENNEVILLIERS  (92230)\nLE  PREFET  DES  HAUTS-DE-SEINE\nVu  la loi n\u00b0 2010-853 du  23 jullet 2010  relative aux r\u00e9seaux  consulaires, au commerce  et \u00e0\nl'artisanat et aux  services  (article 31)  ;\nVu  la loi n\u00b02015-1776 du 28 d\u00e9cembre  2015  relative \u00e0 l'adaptation de la soci\u00e9t\u00e9 au\nvellissement\nVu  l'article D7231-1  du  Code  du  travail;\nVu  les d\u00e9crets n\u00b0 2011-1132  et n\u00b0 2011-1133  du  20  septembre  2011  modifiant certaines\ndispositions du  Code  du travail, relatives au ch\u00e8que  emploi-service universel et aux\nservices \u00e0 la personne  ;\nVu  le d\u00e9cret n\u00b02016750 du 6jun  2016 relatif \u00e0 la iste des activit\u00e9s de services \u00e0 la personne\nsoumises & agr\u00e9ment  ou \u00e0 autorisation dans  le cadre  du r\u00e9gime commun  de  la d\u00e9claration ;\nVu  le d\u00e9cret du 31 octobre 2024 portant nomination de Monsieur Alexandre BRUGERE,  en\nquait\u00e9 de  Pr\u00e9fet des  Hauts-de-Seine\nVu  l'arr\u00eat\u00e9 interminist\u00e9riel du 12 ao\u00fbt 2025  nommant  Monsieur Fabrice MASI, Directeur\nr\u00e9gionalet interd\u00e9partemental de l'\u00e9conomie, de l'emploi, du  travail et des solidarit\u00e9sdle-\nde-France  \u00e0 compter  du  25  ao\u00fbt  2025\nVu  l'arr\u00eat\u00e9 pr\u00e9fectoral n\u00b0202833  du 22 ao\u00fbt 2025  par lequel le Pr\u00e9fet des Hauts-de-Seine\nd\u00e9l\u00e8gue  sa signature \u00e0 Monsieur  Fabrice MASI,  Directeur r\u00e9gional et interd\u00e9partemental\nde l'\u00e9conomie, de l'emploi, du travail et des solidarit\u00e9s d'\u00cele-de-France;\nVu  Ia d\u00e9cision n\u00b0 2025-187 du 25 ao\u00fbt 2025 portant subd\u00e9l\u00e9gation de signature de Monsieur\nFabrice MASI, Directeur r\u00e9gional et interd\u00e9partemental de l'\u00e9conomie, de  l'emploi, du\ntravail et des  soldart\u00e9s  d'\u00cele-de-France, aux agents de  l'Unit\u00e9 d\u00e9partementale  des  Hauts.\nde-Seine\nVu  la d\u00e9ctaration activites  de services \u00e0 la personne  d\u00e9pos\u00e9es  le 09 d\u00e9cembre  2025  au nom\nde la micro-entreprise JACQUIN  LUCIE  sise 8 Rue  Camille Claude \u00e0 GENNEVILLIERS\n(82230)\n\nApr\u00e8s  examen  du  dossier, cette demande  \u00e9tant conforme  aux  dispositions de  l'article L. 7232-1-\n1 du  code du travail, le pr\u00e9sent  r\u00e9c\u00e9piss\u00e9  de d\u00e9claration d'activit\u00e9s de services \u00e0 la personne  a\n\u00e9t\u00e9  enregistr\u00e9  au  nom  de  la micro-entreprise  JACQUIN  LUCIE  sous  le num\u00e9ro  SAP  894820968,\nLes  activit\u00e9s  d\u00e9clar\u00e9es  sont  les  suivantes,  \u00e0  exclusion  de  toute  autre\nEntretien  de  la maison  et  travaux  m\u00e9nagers  ;\nPrestations  relevant du  b\u00e9n\u00e9fice  de  La r\u00e9duction  d'imp\u00f4t  pr\u00e9vue  \u00e0 l'aricie 198  sexdecies  du  Code\nG\u00e9n\u00e9ral  des  Imp\u00f4ts.\nLa  structure  exerce  ces  activit\u00e9s  selon  le  mode  suivant  : PRESTATAIRE\n'Sous  r\u00e9serve  d'\u00eatre exerc\u00e9es  \u00e0 tire exclusif parle  d\u00e9clarant  (ou  sous  r\u00e9serve  d'une  comptabilit\u00e9\n's\u00e9par\u00e9e pour les personnes morales dispens\u00e9es de la condition d'activit\u00e9 exclusive) ces activit\u00e9s\n'ouvrent droit au  b\u00e9n\u00e9fice des  dispositions des  articles L. 7233-2  du  code du travall et L. 241-10\ndu  code  de  la s\u00e9curt\u00e9  sociale.\n'Conform\u00e9ment  aux  dispositions de article R7232-19 du code  du  travail l'organisme d\u00e9clar\u00e9  doit\nproduire au moins chaque timestre un \u00e9tat d'activit\u00e9 et chaque  ann\u00e9e  un bilan quanttatf et\nquaitatf del'activit\u00e9 exerc\u00e9e  au  titre de l'ann\u00e9e \u00e9coul\u00e9e  ainsi qu'un tableau statistique annuel.\nSi l'organisme  d\u00e9clar\u00e9  comporte  plusieurs  \u00e9tablissements,  les \u00e9tats statistiques et le bilan annuel\ndistinguent  Factivit\u00e9 exerc\u00e9e  par  chaque  \u00e9tablissement,\nLe  pr\u00e9sent  r\u00e9c\u00e9piss\u00e9  prend  effet le 09 d\u00e9cembre  2028.\nL'enrogistroment  de  la d\u00e9claration  pourra \u00eatre retir\u00e9 si l'organisme  d\u00e9clar\u00e9  cesse  de remplir\nles conditions  ou  de  respecter  les  obligations  mentionn\u00e9es  aux  4\u00b0,6\" et 6\u00b0 de  l'article\n723217 ou  qui  m\u00e9connalt les  obligations  d\u00e9finies  \u00e0 l'article R7232-19  du  code du  travail.\ndevra,  sous'Toute modification concernant la structure d\u00e9clar\u00e9e ou les activit\u00e9s exerc\u00e9es \u00a2\npeine  de  retrait de  la d\u00e9claration, faire Fobjet dune  d\u00e9ciaration  modificative  aupr\u00e8s  de  [Unit\u00e9\nd\u00e9partementale  des  Hauts-de-Seine\nLe  pr\u00e9sent  r\u00e9c\u00e9piss\u00e9  sera  publi\u00e9 au  recuell des  actes administratfs de la pr\u00e9fecture  des  Hauts-\nde-Seine.\nFait \u00e0  Nanterre,  le 15 d\u00e9cembre  2025,\nPour  le Pr\u00e9fet\nPar  d\u00e9l\u00e9gation  et subd\u00e9l\u00e9gation\nLa  Responsable  du  service\nD\u00e9veloppement  de  l'emploi  et  des\n\"comp\u00e9tences\nMariama  CONDE\n\nEs  Direction r\u00e9gionale et interd\u00e9partementale\nMINISTERE  de l'\u00e9conomie, de l'emploi,\nDU  TRAVAIL,  DE  LA  SANT\u00c9,  du travail et des solidarit\u00e9s.\nDES  SOLIDARIT\u00c9S\nET  DES  FAMILLES\npe\nfo\nArr\u00eat\u00e9  ORIEETS-UD92  n\u00b02025-716  du  15  d\u00e9cembre  2025  modifiant  l'agr\u00e9ment\nSAP38095290  de  la SARL  ADHEO  SERVICES  HAUTS-DE-SEINE  SUD  sise  87-89\nRue  du  Gouverneur  G\u00e9n\u00e9ral  F\u00e9lix Ebou\u00e9  \u00e0 Issy-les-Moulineaux  (92130)\nLE  PREFET  DES  HAUTS-DE-SEINE\nVu  la loi n\u00b0 2010-863  du  23  juilet 2010  relative aux  r\u00e9seaux  consulaires, au  commerce  et \u00e0\nl'artisanat et aux  services  (article 31)  ;\nVu  la loi 1\u00b02015-1776  du  28  d\u00e9cembre  2015  relative \u00e0  l'adaptation de  la soci\u00e9t\u00e9  au\nveilissement ;\nVu  l'article D7231-1  du  Code  du  travail;\nVu  les d\u00e9crets  n\u00b0 2011-1132  et n\u00b0 2011-1133  du  20  septembre  2011  modifiant  certaines:\ndispositions  du  Code  du  travail, relatives au  ch\u00e8que  emploi-service  universel et aux\nservices  \u00e0  la personne\nVu  le d\u00e9cret  n\u00b02016-750  du  6  juin 2016  relat  \u00e0 a  liste des  activit\u00e9s de  services  \u00e0 la personne\nsoumises  \u00e0 agr\u00e9ment ou \u00e0 autorisation dans le cadre  du  r\u00e9gime  commun  dela  d\u00e9claration\nVu  le d\u00e9cret  du  31 octobre 2024  portant  nomination  de  Monsieur  Alexandre  BRUGERE,  en\nualt\u00e9  de Pr\u00e9fet des  Hauts-de-Seine\nVu  l'arr\u00eat\u00e9 DRIEETS-UD82  n\u00b02026-825  du  18 d\u00e9cembre  2023  renouvelant  l'agr\u00e9ment  num\u00e9ro\nSAPS38095200  au  nom  de  la SARL  ADHEO  SERVICES  HAUTS-DE-SEINE  SUD  ;\nVu  l'ar\u00eat\u00e9  interminist\u00e9riel du  12 ao\u00fbt  2025  nommant  Monsieur  Fabrice  MASI,  Directeur\nr\u00e9gional et interd\u00e9partemental  del'\u00e9conomie,  de l'emploi, du travail et des  solidart\u00e9s dle\nde-France  \u00e0  compter  du  25  ao\u00fbt  2025  ;\nVu  l'am\u00e8t\u00e9 pr\u00e9fectoral n\u00b0202533  du  22  ao\u00fbt  2025  par  lequel le Pr\u00e9fet des  Hauts-de-Seine\nd\u00e9l\u00e8gue  sa  signature  \u00e0 Monsieur  Fabrice  MASI,  Directeur  r\u00e9gional et interd\u00e9partemental\nde l'\u00e9conomie,de l'emploi, du travail et des solidarit\u00e9s d'\u00cele-de-France\nVu  la d\u00e9cision  n\u00b0 2025-187  du  25  ao\u00fbt  2025  portant  subd\u00e9l\u00e9gation  de  signature  de  Monsieur\nFabrice  MASI,  Directeur  r\u00e9gional et interd\u00e9partemental  de  l'\u00e9conomie,  de  l'emploi, du\ntravail et des  sobdarit\u00e9s  \u00a2'le-de-France,  aux  agents  de  l'Unit\u00e9 d\u00e9partementale  des  Hauts-\nde-Seine\n\nVu  la demande  de  changement  d'adresse  du  si\u00e8ge  social et de  l'\u00e9tablissement  principal de\nSARL  ADHEO  SERVICES  HAUTS-DE-SEINE  SUD  d\u00e9pos\u00e9e  en  date  du  04  d\u00e9cembre\n2025  sur  extranet  NOVA  ;\nConsid\u00e9rant  que  l'agr\u00e9ment  num\u00e9ro  SAP538095290  d\u00e9livr\u00e9  \u00e0  la SARL  ADHEO  SERVICES\nHAUTS-DE-SEINE  SUD  est  renouvel\u00e9  depuis  le 02  janvier  2024  pour\nexercer  les actvit\u00e9s de services  \u00e0 la personne  aupr\u00e8s  des enfants de moins\nde  trois ans  et/enfants  de  moins  de  dix-hult ans  en  situation de  handicap\nsur  le d\u00e9partement des  Hauts-de-Seine  (92)  ;\nConsid\u00e9rant que  la SARL  ADHEO  SERVICES  HAUTS-DE-SEINE  SUD  a d\u00e9ciar\u00e9  un\nchangement  d'adresse  de son  si\u00e8ge  social et de son  \u00e9tablissement  principal\nfen date  du  04  d\u00e9cembre  2025  anciennement  domicii\u00e9s  au  35  Rue  de\n'Sevres  \u00e0  Boulogne-Bilancourt  (82100)  ;\n{Consid\u00e9rant  que  ... le dossier  de  demande  est  conforme  au  cahier  des  charges  pr\u00e9vu  \u00e0 article\nR7232-8  du  Code  du  travail;\nARRETE\nARTICLE 1\nLe  si\u00e8ge social et l'\u00e9tablissement principal de la SARL  ADHEO  SERVICES  HAUTS-DE-SEINE\nSUD  sont  d\u00e9sormais  domicib\u00e9s  au  87-89  Rue  du Gouverneur  G\u00e9n\u00e9ral  F\u00e9lix Ebou  \u00e0 Issy-los-\nMoulineaux  (92130)\nARTICLE 2\nToutes  les autres  dispositions de l'arr\u00eat\u00e9 DRIEETS-UD92  n\u00b02023.925  du  18  d\u00e9cembre  2023  \u00e9mis\npar  l'Unit\u00e9 d\u00e9partementale  des  Hauts-de-Seine  (92) et remouvelant  l'agr\u00e9ment  num\u00e9ro\nSAPS38086290  \u00e0 la SARL  ADHEO  SERVICES  HAUTS-DE-SEINE  SUD  ainsi que  du  r\u00e9c\u00e9piss\u00e9\nde  d\u00e9claration  aff\u00e9rent demeurent  applicables  dans  la mesure  o\u00f9  elles ne  sont  pas  contraires au\npr\u00e9sent  arr\u00e9te\nARTICLE 3\nLa  Directrice de  l'Unit\u00e9 d\u00e9partementale  des  Hauts-de-Seine  de  la DRIEETS  lle-de-France, est\ncharg\u00e9e  de l'applicationdu pr\u00e9sent  arr\u00e9t\u00e9 qui sera  publi\u00e9 au  recueil des  Actes  Administratfs de\nla Pr\u00e9fecture  des  Hauts-de-Seine.\nFait \u00e0  Nanterre,  le 15  d\u00e9cembre  2025,\nPour  le Pr\u00e9fet\nPar d\u00e9l\u00e9gation  et subd\u00e9l\u00e9gation\nLa  Responsable  du  service\nD\u00e9veloppement  de  l'emploi  et des\ncomp\u00e9tences\nMarlama  CONDE\n\nDirection  r\u00e9gionale  et interd\u00e9partementale\nde  l'\u00e9conomie,  de l'emploi,\nDU  TRAVAIL,  DE  LA  SANT\u00c9,  du travail et des solidarit\u00e9s\nDES  SOLIDARIT\u00c9S\nET  DES  FAMILLES\n=\nR\u00e9c\u00e9piss\u00e9  n\u00b02025-716  de  d\u00e9claration  modificative  d'activit\u00e9s de services \u00e0 la\npersonne  enregistr\u00e9e  sous  le n\u00b0 SAPS38095290  nom  de  la SARL  ADHEO\nSERVICES  HAUTS-DE-SEINE  SUD  sise  au  87-89  Rue  du  Gouverneur  G\u00e9n\u00e9ral  F\u00e9lix\nEbou\u00e9  \u00e0  Issy-les-Moulineaux  (92130)\nLE  PREFET  DES  HAUTS-DE-SEINE\nVu  la loi n\u00b0 2010-853  du  23  jullet 2010  relative aux  r\u00e9seaux  consulaires,  au  commerce  et \u00e0\nl'artisanat  et aux  services  (article 31)\nVu  la loi n\u00b02015-1776  du  28  d\u00e9cembre  2015  relative \u00e0  l'adaptation de  la soci\u00e9t\u00e9  au\nViellissement\nVu  l'aricie 07231-1  du  Code  du  travail\nVu  les d\u00e9crets  n\u00b0 2011-1132  et n\u00b0 2011-1133  du  20  septembre  2011  modifiant  certaines\ndisposiions  du  Code  du  travail, relatives au  ch\u00e8que  emploi-service  universel et aux\nservices  \u00e0 la personne\nVu  le d\u00e9cret  n\u00b02016750 du 6 juin 2016  relatif\u00e0 la liste des  activit\u00e9s de  services  \u00e0 la personne\nsoumises \u00e0 agr\u00e9ment  ou  \u00e0  autorisation dans  le cadre du  r\u00e9gime  commun  de a  d\u00e9claration  ;\nVu  le d\u00e9cret  du  31  octobre  2024  portant  nomination  de  Monsieur  Alexandre  BRUGERE,\nqualit\u00e9 de  Pr\u00e9fet des Hauts-de-Seine  ;\nVu  Farr\u00e9te  DRIBETS-UDS2  n\u00b02024-18  du  13  janvier  2014  accordant  l'agr\u00e9ment  num\u00e9ro  SAP\n'598095290  au  nom  de  la SARL  anciennement  d\u00e9nomm\u00e9e  ADHEO  SERVICES/SOUS\nMON  TOIT\nVu  l'arr\u00eat\u00e9 interminist\u00e9riel  du  12  ao\u00fbt  2025  nommant  Monsieur  Fabrice  MASI,  Directeur\nr\u00e9gional  et  interd\u00e9partemental  de  l'\u00e9conomie,  de  l'emploi, du  travail et des  solidarit\u00e9s  dll\nde-France  \u00e0  compter  du  25  ao\u00fbt  2025  ;\nvu \u00e9t\u00e9 pr\u00e9fectoral n\u00b02025-33  du  22  ao\u00fbt  2025  par  lequel le Pr\u00e9fet des  Hauts-de-Seine\nd\u00e9l\u00e8gue  sa signature  \u00e0 Monsieur  Fabrice  MASI,  Directeur  r\u00e9gional et interd\u00e9partemental\nde l'\u00e9conomie, de l'emploi, du travailet des solidarit\u00e9s dile-de-France ;\n\nVu  l'ar\u00eat\u00e9 DRIEETS-UD92  n\u00b02025-715 du 15 d\u00e9cembre  2025  modfiant  l'agr\u00e9ment  num\u00e9ro\nSAP  536095290  au  nom  de  la SARL  ADHEO  SERVICES  HAUTS-DE-SEINE  SUD  ;\n'Vu la d\u00e9cision  n\u00b0 2025-187  du  25  ao\u00fbt  2025  portant subd\u00e9l\u00e9gation  de  signature  de  Monsieur\nFabrice  MASI,  Directeur  r\u00e9gional et interd\u00e9partemental  de  l'\u00e9conomie,  de  l'emploi, du\ntravail et des  solidarit\u00e9s d'le-de-France,  aux  agents  de  Unit\u00e9  d\u00e9partementale  des  Hauts-\nde-Seine\nVu  le r\u00e9c\u00e9piss\u00e9  n\u00b02023-626  de  d\u00e9claration  modificative  d'activi\u00e9 de services  \u00e0  la personne\ndu  18  d\u00e9cembre  2023  enregistr\u00e9  sous  le num\u00e9ro  SAPS38095290  au  nom  de  la SARL\nADHEO  SERVICES  HAUTS-DE-SEINE  SUD  ;\nVu  la demande  de  changement  d'adresse  de  \u00e9tablissement  principal d\u00e9pos\u00e9e  le 04\nd\u00e9cembre  2025  par la SARL  ADHEO  SERVICES  HAUTS-DE-SEINE  SUD  et 35  Rue  de\n'Seve  \u00e0 Boulogne-Bilancour  (92100)  ;\nConsid\u00e9rant  que  ... selon les dispositions de  la loi n\u00b02015-1778  du  28 d\u00e9cembre  2015  relate\n\u00e0  l'Adaptation de  la Soci\u00e9t\u00e9  au  Vieilissement  (ASV)  entr\u00e9e en vigueur  le 1\nJanvier 2016, la SARL  ADHEO  SERVICES  HAUTS-DE-SEINE  SUD  et est\nr\u00e9put\u00e9e d\u00e9tenir une  autorisation visant \u00e0 assurer sur le d\u00e9partement  des\nHauts-de-Seine,  des  activit\u00e9s de services d'aides et de soins \u00e0 la personne\nau  domicile. Cette  autorisation est valable  pour  une  dur\u00e9e de 15 ans  \u00e0\ncompter  de la date  \u00e0 laquelle l'agr\u00e9ment  a \u00e9t\u00e9  accord\u00e9,  soi le 03 janvier\n2014;\nConsid\u00e9rant  que  a  pr\u00e9sente  modification  vise \u00e0 mette  \u00e0 jour l'adresse  de  l'\u00e9tablissement\nprincipal et du si\u00e8ge social de la SARL  ADHEO  SERVICES  HAUTS-DE-\nSEINE  SUD  et que  le dossier  de  demande  est conforme  aux  dispositions\nde  l'article L. 7232-1-1  du  code du  travail;\nLe r\u00e9c\u00e9piss\u00e9 n\u00b02023-828  de d\u00e9claration d'activit\u00e9s de services \u00e0 la personne  du 22 octobre 2024\nenregistr\u00e9e sous  le num\u00e9ro  SAPS38095290  au nom  de  la SARL  ADHEO  SERVICES  HAUTS-DE-\nSEINE  SUD  est ainsi modifi\u00e9e\nLe si\u00e8ge social et l'\u00e9tablissement principal de la SARL  ADHEO  SERVICES  HAUTS-DE-SEINE\nSUD  sont  d\u00e9sormais  domicii\u00e9s  au  87-89  Rue  du  Gouverneur  G\u00e9n\u00e9ral  F\u00e9lix  Ebou  \u00e0 Issy-les-\nMoulineaux  (92130),\nLes  activit\u00e9s  d\u00e9ciar\u00e9es  sont  es  suivantes,  \u00e0 l'exclusion  de  toute  autre  :\nGarde  d'enfants de plus de 3 ans  \u00e0 domicile ;\nAccompagnement  des  enfants  de  plus de  3 ans  dans  leurs d\u00e9placements  ;\nEntretien  de ia maison  et travaux  m\u00e9nagers.\nPr\u00e9paration  de  repas  \u00e0  domicile;\nMaintenance,  entretien et vigilance temporaires  \u00e0 domicile;\n'Assistance  administrative  \u00e0  domicile  ;\nConduite  du  v\u00e9hicule  des  personnes  en  cas  d'invaiidt\u00e9 temporaire;\n\n= Accompagnement  des  personnes  pr\u00e9sentant  une  invalidit\u00e9 temporaire:\n= Assistance  aux  personnes  ayant  besoin  d'une  aide  temporaire  \u00e0  leur domicile\n= Accompagnement  des  personnes  \u00e2g\u00e9es.  des  personnes  handicap\u00e9es  ou  atteintes  de\npathologies  chroniques,  dans  leurs  d\u00e9placements  en  dehors  de  leur  domicile\n(promenades,  aide \u00e0 la mobi  et au transport, actes  de la vie courante) quand  cet\naccompagnement  est r\u00e9alis\u00e9 dans  les conditions  pr\u00e9vues  aux  1\u00b0 et 2\u00b0 de  l'art. 7282-6  du\ncode  du  travail;\n= Assistance  dans  les  actes  quotidiens  de  la vie ou  aide  \u00e0 l'insertion  sociale aux  personnes\n\u00e2g\u00e9es  et aux  personnes  handicap\u00e9es  ou  atteintes de  pathologies  chroniques  qui ont\nbesoin  de tels  prestations \u00e0 domicile, quand  ces  prestations  sont r\u00e9alis\u00e9es dans  les\n'conditions pr\u00e9vues  aux  1\u00b0 et 2\u00b0 de l'art. 7232-6  du code  du travail, l'exclusion  d'actes de\nsoins relevant d'actes m\u00e9dicaux  \u00e0 moins  quils ne soient ex\u00e9cut\u00e9s  dans  les conditions.\npr\u00e9vues \u00e0 Fartcle L1111-6-1 du code de la sant\u00e9 publique et du d\u00e9cret n\u00b099-426 du 27\n'mai 1989  habiltant  certaines cat\u00e9gories  de  personnes  \u00e0  effectuer des  aspirations  endo-\ntrach\u00e9ales ;\n= Prestation  de  condue  du  v\u00e9hicule  personnel  des  personnes  \u00e2g\u00e9es,  des  personnes\nhandicap\u00e9es  ou  atteintes  de  pathologies  chroniques  du  domicile  au  travail, sur le heu  de\nvacances,  pour  les d\u00e9marches  administratives  quand  cette prestation est r\u00e9alis\u00e9e dans\nLes conditions pr\u00e9vues  aux  1\u00b0 et 2\u00b0 de Fart 7232-6 du code du traval\n+ Garde  d'enfants  de moins de 3 ans et de  moins de 18 ans  handicap\u00e9s \u00e0 domicile;\n| Accompagnement  des  enfants  de  moins  de 3  ans  ou de  moins de 18 ans  handicap\u00e9s  ;\nPrestations relevant du b\u00e9n\u00e9fice  de a r\u00e9duction  d'imp\u00f4t pr\u00e9vue  \u00e0 l'article 199 sexdecies du Code\n(G\u00e9n\u00e9ral  des  Imp\u00f4ts\nSous  r\u00e9serve  d'\u00eatre exerc\u00e9es  \u00e0 ttre exclusif parle  d\u00e9clarant  (ou  sous  r\u00e9serve  d'une comptabiit\u00e9\n's\u00e9par\u00e9e  pour  les personnes  morales  dispens\u00e9es de la condition d'activit\u00e9 exclusive). ces  activites\n'ouvrent droit au b\u00e9n\u00e9fice des dispositions des  articles L. 7233-2  du code  du  travail et L. 241-10\ndu  code  de  la s\u00e9curit\u00e9 sociale.\n'Conform\u00e9ment  aux  dispositions de  l'article R7232-19 du code  du travail, l'organisme  d\u00e9ciar\u00e9 doit\nproduire au moins chaque trimestre un \u00e9tat d'activit\u00e9 et chaque ann\u00e9e  un bilan quanttati et\nquaitatf de Factivite exerc\u00e9e au tre  de l'ann\u00e9e \u00e9coul\u00e9e ainsi qu'un tableau statistique annuel.\nSi l'organisme  d\u00e9clar\u00e9  comporte  plusieurs  \u00e9tablissements,  les \u00e9tats statistiques et le bilan annuel\ndistinguent  l'activit\u00e9 exerc\u00e9e  par  chaque  \u00e9tablissement.\nL'enregistrement  de la d\u00e9claration  pourra  \u00eatre retir\u00e9 si l'organisme  d\u00e9clar\u00e9  cesse  de  remplir\nles conditions  ou  de  respecter  les obligations  mentionn\u00e9es  aux  4\u00b0,5\u00b0 et 6\u00b0 de  l'article\nR7232-17  ou  qui  m\u00e9connalt  les  obligations  d\u00e9finies  \u00e0 l'article R7232-19  du  code  du  travail.\nrelat  de  la declaration, fare  Tobjet dune  declaration  modcaiwe  aupr\u00e9s  de  TUnte\nd\u00e9partementale  des  Hauts-de-Seine.\n\nLe pr\u00e9sent r\u00e9c\u00e9piss\u00e9 sera publi\u00e9 au recueil des actes administatifs de la pr\u00e9fecture des  Hauts-\nde-Seine.\nFait \u00e0  Nanterre,  le 15  d\u00e9cembre  2025,\nPour  le Pr\u00e9fet\nPar  d\u00e9l\u00e9gation  et  subd\u00e9l\u00e9gation\nLa  Responsable  du  service\nD\u00e9veloppement  de  l'emploi  et des\ncomp\u00e9tences\nMariama  CONDE\n\nEx  Direction r\u00e9gionale et interd\u00e9partementale\nMINIST\u00c8RE  de l'\u00e9conomie, de l'emploi,\nDU  TRAVAIL,  DE  LA  SANT\u00c9,  du travail et des solidarit\u00e9s\nDES  SOLIDARIT\u00c9S\nET  DES  FAMILLES\nro\noie\nArr\u00eat\u00e9 DRIEETS-UD92  n\u00b02025-717  du  15  d\u00e9cembre  2025  portant renouvellement\n'de l'agr\u00e9ment  SAP812244168  \u00e0 la SARL  NID'ANGES  ET  SUCRE  D'ORGE  sise 24\nRue  du  Gouverneur  G\u00e9n\u00e9ral  Ebou\u00e9  \u00e0 lssy-les-Moulineaux  (92130)\nLE  PREFET  DES  HAUTS-DE-SEINE\nVu  la loi n\u00b0 2010-863  du 23  jullet 2010  relative aux r\u00e9seaux  consulaires, au commerce  et \u00e0\nl'aisanat et aux  services (article 31);\nVu  la loi n\u00b02018-1776  du  28 d\u00e9cembre  2015  relative \u00e0 l'adaptation de  la soci\u00e9t\u00e9 au\nviilissement\nVu  l'aticle 07231-1  du Code  du travall;\nVu  les d\u00e9crets n\u00b0 2011-1132  et n\u00b0 2011-1133  du 20 septembre  2011  modifiant certaines\ndispositions  du  Code  du  travail, relatives au  ch\u00e8que  emploi-service  universel  et aux\nservices  \u00e0 la personne ;\nVu  le d\u00e9cret n*2016-750  du  6jun  2016  relatif\u00e0 la liste des activites de services \u00e0 la personne\nsoumises  \u00e0 agr\u00e9ment  ou  \u00e0 autorisation dans  le cadre  du  r\u00e9gime  commun  dela d\u00e9claration  ;\nVu  le d\u00e9cret du 31 octobre 2024 portant nomination de Monsieur Alexandre BRUGERE,  en\nqualit\u00e9 de  Pr\u00e9fet des  Hauts-de-Seine  ;\nVu  Farr\u00e9te DIRECCTE-UD92  n\u00b02020-194  du 19 juin 2020  renouvelant l'agr\u00e9ment SAP\n812244168 \u00e0 la NID'ANGES  ET  SUCRE  DORGE\nVu  Tarr\u00e9t\u00e9 interministriel du 12 ao\u00fbt 2025  nommant  Monsieur  Fabrice MASI,  Directeur\nr\u00e9gionalet interd\u00e9partemental de  l'\u00e9conomie, de l'emploi, du travail et des solidarit\u00e9s dle-\nde-France \u00e0 compter du  25 ao\u00fbt  2025  ;\nVu  l'ar\u00eat\u00e9 pr\u00e9fectoral n\u00b02025-33  du 22 ao\u00fbt 2025  par lequel le Pr\u00e9fet des  Hauts-de-Seine\nd\u00e9l\u00e8gue  sa  signature  \u00e0 Monsieur  Fabrice  MAS,  Directeur  r\u00e9gional et interd\u00e9partemental\nde l'\u00e9conomie, de l'emploi, du travailet des solidant\u00e9s d'le-de-France;\nVu  la d\u00e9cision n\u00b0 2025-157  du  25  ao\u00fbt 2025  portant subd\u00e9l\u00e9gation de  signature de  Monsieur\nFabrice  MASI,  Directeur  r\u00e9gional et interd\u00e9partemental  de  l'\u00e9conomie,  de  l'emploi, du\ntravail et des  solidant\u00e9s  dle-de-France,  aux  agents  de  l'Unit\u00e9 d\u00e9partementale  des  Hauts.\nde-Seine\n\nVu  le certificat n'FRO86196-3  du  15  mars  2024  \u00e9mis  l'organisme  certficateur Bureau  Veritas\nCertification couvrant  les activit\u00e9s de services \u00e0 la personnes  agr\u00e9\u00e9es  et valable jusqu'au\n14  mars  2029 ;\nVu  la demande  de  renouvellement  d'agr\u00e9ment  d\u00e9pos\u00e9e  le 08  octobre  2025  sur  l'extranet\nNOVA  parla  SARL  NID'ANGES  ET  SUCRE  D'ORGE  sise  24  Rue  du  Gouverneur  G\u00e9n\u00e9ral\nEbou\u00e9  \u00e0  Issy-les-Moulineaux  (82130)\nVu  les demandes  compl\u00e9mentaires  adress\u00e9es  par  le service  instucteur  \u00e0 la SARL\nNID'ANGES  ET  SUCRE  DORGE  par  mails  du  07  novembre et  du 11  d\u00e9cembre  2025 ;\nVu  les pi\u00e8ces  justificatives accompagnant  la demande  ainsi que  les r\u00e9ponses\ncompl\u00e9mentaires  transmises  par  la SARL  NID'ANGES  ET  SUCRE  D'ORGE  au  service\ninstructeur par  mal  des  11 et 12 d\u00e9cembre  2025 ;\nConsid\u00e9rant  que  la SARL  NID'ANGES  ET  SUCRE  D'ORGE  dont  le si\u00e8ge  social  est  situ\u00e9 au\n24  Rue  du  Gouvemeur  G\u00e9n\u00e9ral  Ebou\u00e9  \u00e0 Issy-les-Mouineaux\n(62130) dispose d'un agr\u00e9ment enregistr\u00e9 sous num\u00e9ro  SAP812244168\npour  exercer aupr\u00e8s des enfants de moins de trois ans et/ou enfants de\nmoins  de  dochut  ans  en  situation de  handicap  sur  le d\u00e9partement  des\nHauts-de-Seine  (92) en  mode  prestataire et avant  \u00e0 \u00e9ch\u00e9ance  le 03\njanvier 2025\nConsid\u00e9rant que  les pi\u00e8ces  justificatives et les r\u00e9ponses  compl\u00e9mentaires  transmises  par la\nSARL  NID'ANGES  ET  SUCRE  D'ORGE  ont  \u00e9t\u00e9 d\u00e9clar\u00e9es  conformes  au\ncahier  des  charges  pr\u00e9vu  \u00e0  l'article R.7232-8  du  Code  du  travail par  le\nservice  instructeur le 12 d\u00e9cembre 2025\nARRETE\nARTICLE 1\nL'agr\u00e9ment  num\u00e9ro  SAP812244168  de la SARL  NID'ANGES  ET  SUCRE  D'ORGE  sise 24  Rue\n'du Gouvemeur  G\u00e9n\u00e9ral  Ebou\u00e9  \u00e0 Issy-les-Moulineaux (82130)  est  renouvel\u00e9  conform\u00e9ment  aux\ndispositions  de  article  R7232-8  du  Code  du  travall pour  la fouriture  de  services  aux  personnes.\nARTICLE 2\nLe  pr\u00e9sent  agr\u00e9ment  est  renouvel\u00e9  pour  une  dur\u00e9e  de  5 ans,  \u00e0  compter  du 04  janvier  2026  pour\nle d\u00e9partement  des  Hauts-de-Seine  (82)\n\nConform\u00e9ment  aux  dispositions de  l'aricle R7232-9  du  code  du  travail, l'organisme  agr\u00e9\u00e9  doit\nproduire  au  moins  chaque  trimestre un  \u00e9tat dactivt\u00e9  et chaque  ann\u00e9e  un  bilan quantitatif et\nqualtatf de activit\u00e9 exerc\u00e9e  ainsi qu'un tableau  statistique.\nSi l'organisme  comporte  plusieurs  \u00e9tablissements,  les \u00e9tats statistiques et le bilan annuel\ndistinguent  l'activit\u00e9 exerc\u00e9e  par  chaque  \u00e9tablissement.\nL'agr\u00e9ment peut \u00eatre renouvel\u00e9 tactement.  La demande  de renouvellement doi \u00eatre d\u00e9pos\u00e9e  au\nlus  tard trois mois avant  le terme  de la p\u00e9riode  d'agr\u00e9ment\nARTICLE 3\nLa SARL  NID'ANGES  ET  SUCRE  D'ORGE  est agr\u00e9\u00e9e  pour la fourniture des  services suivants\nEn  mode  PRESTATAIRE\n= Garde  d'enfants  de  moins  de  trois ans  ou  de  moins  de  dxchuit  ans  en  situation de\nhandicap  \u00e0  domicile  ;\n= Accompagnement des enfants  de  moins  de  trois ans  ou  de  moins  de  dichuit ans  en\n'uation  de  handicap  dans  leurs d\u00e9placements  en dehors  de  leur domicile (promenades,\ntransport, actes de la vie courante\nPrestations relevant du b\u00e9n\u00e9fice de a r\u00e9duction d'imp\u00f4t pr\u00e9vue \u00e0 Varticle 199 sexdecies du Code\nG\u00e9n\u00e9ral des  Imp\u00f4ts.\nARTICLE 4\n'Siorganisme  envisage  de  fournir des services autres que  ceux pour  lesquels  est  gr\u00e9,  devra\nsolicer  une  modification  de  son  agr\u00e9ment.  La  demande  devra  pr\u00e9ciser  les modifications\nenvisag\u00e9es  et les moyens  nouveaux  correspondants\n'Toute cr\u00e9ation d'activit\u00e9 hors du ou des  d\u00e9partements  pour lesquels l'organisme est agr\u00e9\u00e9  devra\nfaire l'objet d'une demande  d'extension aupr\u00e8s  du Pr\u00e9fet des  Hauts-de-Seine. Ele  donnera  lieu \u00e0\nune  modification  du  pr\u00e9sent  arr\u00eat\u00e9.\nARTICLE \u00a7\nConform\u00e9ment  aux  dispositions de  l'article R7232-12  du  code  du  travail le pr\u00e9sent agr\u00e9ment\npourra \u00eatre retire si l'organisme agr\u00e9\u00e9\n'+ Cesse de remplir les conditions ou de  respecterles obligations mentionn\u00e9es  aux articles\nR  73324  \u00e0 R  7232-9  du code  de travail,\n+ Ne  respecte  pas les dispositions l\u00e9gales relatives \u00e0  la sant\u00e9  et \u00e0 la s\u00e9curit\u00e9 au travail\n+ Exerce  des  activit\u00e9s autres que  celles d\u00e9clar\u00e9es  dans  la demande  d'agr\u00e9ment.\n'= Ne transmet  pas  au Pr\u00e9fet comp\u00e9tent, avant la fn du premier semestre de l'ann\u00e9e, le bilan\nqualtatfet quanttatide l'activit\u00e9 exerc\u00e9e au tire de l'ann\u00e9e \u00e9coul\u00e9e.\n\naRTici\nLa  Directrice de  l'Unit\u00e9 d\u00e9partementale  des  Hauts-de-Seine  de  la DRIEETS  llede-France,  est\ncharg\u00e9e  de  application du  pr\u00e9sent  arr\u00eat\u00e9 qui sera  publi\u00e9 au  recueil des  Actes  Administratifs de\nla Pr\u00e9fecture  des  Hauts-de-Seine\nFait \u00e0 Nanterre,  le 15 d\u00e9cembre  2025,\nPour  le Pr\u00e9fet\nPar  d\u00e9l\u00e9gation  et subd\u00e9l\u00e9gation\nLa  Responsable  du service\nD\u00e9veloppement  de  l'emploi  ot des\ncomp\u00e9tences\nMarlama CONDE\n\n=n  Direction r\u00e9gionale et interd\u00e9partementale\n'de l'\u00e9conomie,  de  l'emploi,\nRL  DELA SANT\u00c9. du travail et des solidarit\u00e9s\nDES  SOLIDARIT\u00c9S\nET  DES  FAMILLES\nA\nR\u00e9c\u00e9piss\u00e9  n\u00b02028-718  de  d\u00e9claration modificative d'activit\u00e9s de  services \u00e0 la\npersonne  enregistr\u00e9e  sous  le n\u00b0 SAP812244168  au  nom  de  la SARL  NID'ANGES\nET  SUCRE  D'ORGE  sise 24 Rue  du  Gouverneur  G\u00e9n\u00e9ral  Ebou\u00e9  \u00e0 Issy-les-\nMoulineaux  (92130)\nLE  PREFET  DES  HAUTS-DE-SEINE\nVu  la loi n\u00b0 2010-863  du 23  juilet 2010  relative aux r\u00e9seaux  consulaires, au commerce  et \u00e0\nartisanatet aux services (article 31) :\nVu  la loi 1\u00b02018-1778  du  28  d\u00e9cembre  2015  relative \u00e0 I\nviilissement ;\naptation de  la soci\u00e9t\u00e9 au\nVu  l'article 7231-1  du Code  du travail;\nVu  les d\u00e9crets n\u00b0 2011-1132  ot n\u00b0 2011-1133  du 20  septembre  2011  modifiant certaines\ndispostions du  Code  du  travail, relatives au ch\u00e8que  emploi-service universel et aux\nservices \u00e0 la personne ;\nVu  le d\u00e9cret n*2016-750  du 6 juin 2016  relat a\nsoumises \u00e0 agr\u00e9ment  ou  \u00e0  autorisation da\nliste des activit\u00e9s de services \u00e0 Ia personne\nLe  cadre  du  r\u00e9gime  commun  de  la d\u00e9claration  :\nVu  le d\u00e9cret du 31 octobre 2024 portant nomination de Monsieur Alexandre BRUGERE,  en\nQualit\u00e9 de  Pr\u00e9fet des  Hauts-de-Seine\nvu arr\u00eat\u00e9 interminist\u00e9riel du 12 ao\u00fbt 2025  nommant  Monsieur Fabrice MASI, Directeur\nr\u00e9gionalet interd\u00e9partemental de  l'\u00e9conomie, de l'emploi, du  travailet des solidarit\u00e9s d'le-\nde-France  \u00e0 compter  du  25  ao\u00fbt  2025\nVu  l'arr\u00eat\u00e9 pr\u00e9fectoral n\u00b0202833  du 22 ao\u00fbt 2025  par lequel le Pr\u00e9fet des  Hauts-de-Seine\nd\u00e9l\u00e8gue sa signature \u00e0 Monsieur  Fabrice MASI, Directeur r\u00e9gional et imterd\u00e9partemental\nde l'\u00e9conomie, de l'emploi, du travalet des solidarit\u00e9s dile-de-France;\narr\u00e9t\u00e9 DRIEETS-UDS2  n\u00b02025:717  du  15 d\u00e9cembre  2025  renouvelant  l'agr\u00e9ment num\u00e9ro\nSAP812244168  au  nom  de  la SARL  NID'ANGES  ET  SUCRE  D'ORGE  ;\nvu\n'Vu la d\u00e9cision n\u00b0 2025-157 du 25 ao\u00fbt 2025 portant subd\u00e9l\u00e9gation de signature de Monsieur\nFabrice MASI,  Directeur r\u00e9gional et interd\u00e9partemental de l'\u00e9conomie, de  l'emploi, du\n\ntravail et des  solidart\u00e9s  d'lle-de-France, aux  agents  de  l'Unit\u00e9 d\u00e9partementale  des  Hauts-\nde-Seine  ;\nVu  le r\u00e9c\u00e9piss\u00e9  de  d\u00e9claration  n\u00b02020-185  de  services  \u00e0  la personne  du  19  juin 2020\nenregistr\u00e9  sous  le num\u00e9ro  SAP812244168  au  nom  de  la SARL  NID'ANGES  ET  SUCRE\nDORGE\nConsid\u00e9rant  que la pr\u00e9sente  modification  est  due  au  renouvellement  de  l'agr\u00e9ment\nSAP812244168  de  la SARL  NIDANGES  ET  SUCRE  DORGE  et que  le\ndossier  est conforme  aux  dispositions de  l'aricie L.7232-1-1  du  Code  du\ntravail\nLes  activit\u00e9s d\u00e9clar\u00e9es  par  la SARL  NID'ANGES  ET  SUCRE  D'ORGE  sont les suivantes  \u00e0\nexclusion  de  toute  autre\n= Garde  d'enfants  de  plus  de trois ans  \u00e0  domicile\n= Accompagnement des  enfants  de  plus  detrois  ans  dans  leurs  d\u00e9placements  en  dehors  de\nleur domicile  (promenades,  transports, actes  de  la vie courante)\n= Garde  d'enfants  de moins  de  trois ans ou  de  moins  de  dix-huit ans  en  situation de  handicap\n\u00e0  domicie  ;\n= Accompagnement  des  enfants  de  moins  de  rois  ans ou  de  moins  de  dbchui  ans en\nSituation de  handicap  dans  leurs d\u00e9placements  en  dehors  de  leur domicile  (promenades,\ntransport, actes  de  la vie courante ;\nPrestations  relevant  du  b\u00e9n\u00e9fice  de  a  r\u00e9duction  d'imp\u00f4t  pr\u00e9vue  \u00e0  article 199  sexdecies  du  Code\nG\u00e9n\u00e9ral  des  Imp\u00f4ts\nSous  r\u00e9serve  d'\u00eatre exerc\u00e9es  ttre exclusif par  le d\u00e9clarant  (ou  sous  r\u00e9serve  d'une  comptabiit\u00e9\ns\u00e9par\u00e9e  pour  les  personnes  morales  dispens\u00e9es de  la condition  d'activit\u00e9  exclusive).  ces  activit\u00e9s,\nouvrent  drot au  b\u00e9n\u00e9fice  des  dispostions  des  artcies  L. 7233-2  du  code  du traval et L. 241-10\ndu  code  de  la s\u00e9curit\u00e9  sociale.\n(Conform\u00e9ment  aux  dispositions  deFarticle  R7232-19  du  code  du  traval,Forganisme  d\u00e9clar\u00e9  doit\nproduire au moins chaque  trimestre un \u00e9tat d'activit\u00e9 et chaque  ann\u00e9e  un bilan quanttatf et\nqualtatf de Factivite exerc\u00e9e  au tte  de l'ann\u00e9e \u00e9coul\u00e9e  ainsi qu'un tableau statistique annuel.\ndistinguent  l'activit\u00e9 exerc\u00e9e  par  chaque  \u00e9tablissement\nL'enregistrement de la d\u00e9claration  pourra  \u00eatre  retir\u00e9  si l'organisme  d\u00e9clar\u00e9  cesse  de  remplir\nles conditions  ou  de  respecter  les obligations  mentionn\u00e9es  aux  4\u00b0,6\u00b0 et 6\u00b0 de  l'article\n7232.17  ou  qui  m\u00e9connalt les  obligations  d\u00e9finies \u00e0 l'article R7232-19  du  code  du  travail.\n\nToute  modification  concernant  la structure  d\u00e9clar\u00e9e  ou  les  activit\u00e9s  exerc\u00e9es  devra,  sous\npeine de retrait de fa d\u00e9claration, jet dune  d\u00e9claration modificative aupr\u00e8s de l'Unit\u00e9\nd\u00e9partementale  des  Hauts-de-Seine,\nLe  pr\u00e9sent  r\u00e9c\u00e9piss\u00e9  sera  publi\u00e9  au  recuel  des  actes  administratifs de a  pr\u00e9fecture  des  Hauts-\nde-Seine.\nFait  a Nanterre  le 15  d\u00e9cembre  2025,\nPour  le  Pr\u00e9fet\nPar  d\u00e9l\u00e9gation  et  subd\u00e9l\u00e9gation\nLa  Responsable  du  service\nD\u00e9veloppement  de  l'emploi  et des\ncomp\u00e9tences\n|\nMariama  CONDE\n\nEE  Direction r\u00e9gionale  et interd\u00e9partementale\nMINISTERE de l'\u00e9conomie, de l'emploi,\nDU  TRAVAIL,  DE  LA SANT\u00c9,  du travail et des solidarit\u00e9s\nDES  SOLIDARIT\u00c9S\nET  DES  FAMILLES\n\u00c9  A\nR\u00e9c\u00e9piss\u00e9  n\u00b02025-719  de  d\u00e9claration  d'activit\u00e9s de  services  \u00e0 la personne\nenregistr\u00e9e  sous  le n\u00b0 SAP991710526  au  nom  de  la SASU  AZLA  SERVICES  sise 23\nRue  de Chateaubriand  \u00e0 CHATENAY-MALABRY  (92290)\nLE  PREFET  DES  HAUTS-DE-SEINE\nVu  la loi n\u00b0 2010-863  du  23  jullet 2010  relative aux  r\u00e9seaux  consulaires, au  commerce  et \u00e0\nl'artisanat et aux  services  (article 31)\nVu  la li n\u00b02018-1778  du  28  d\u00e9cembre  2015  relative \u00e0 adaptation  de  la soci\u00e9t\u00e9  au\nviilissement ;\nw  or cle  D7231-1  du  Code  du  travail;\nVu  les d\u00e9crets n\u00b0 2011-1132  et n\u00b0 2011-1133  du  20  septembre  2011  modifiant certaines:\ndispositions  du  Code  du  travail, relatives au  ch\u00e8que  empoi-service  universel et aux\nservices  \u00e0 la personne\nVu  le d\u00e9cretn\u00b02016-750 du 6 juin 2016  relatif \u00e0 a liste des activit\u00e9s de services  \u00e0 a personne\nsoumises \u00e0 agr\u00e9ment  ou \u00e0 autorisation dans  le cadre  du  r\u00e9gime  commun  de la d\u00e9claration ;\nVu  le d\u00e9cret  du  31 octobre  2024  portant  nomination  de  Monsieur  Alexandre  BRUGERE,  en\nqualt\u00e9 de  Pr\u00e9fet des  Hauts-de-Seine\nVu  l'\u00e9t\u00e9  interminist\u00e9riel du  12 ao\u00fbt  2025  nommant  Monsieur  Fabrice  MASI,  Directeur\nr\u00e9gional et interd\u00e9partementalde l'\u00e9conomie, de l'emploi, du travailet des soldart\u00e9s d'il\n'de-France \u00e0 compter  du 25 ao\u00fbt  2025 ;\nVu  l'ar\u00eat\u00e9 pr\u00e9fectoral n\u00b02025-33  du  22  ao\u00fbt  2025  par  lequel le Pr\u00e9fet des  Hauts-de-Seine\nd\u00e9l\u00e8gue  sa  signature  \u00e0  Monsieur  Fabrice  MASI,  Directeur  r\u00e9gional et interd\u00e9partemental\nde l'\u00e9conomie, de l'emploi, du travail et des solidart\u00e9s d'\u00cele-de-France;\nVu  la d\u00e9cision  n\u00b0 2025-157  du  25  ao\u00fbt  2025  portant  subd\u00e9l\u00e9gation  de  signature  de  Monsieur\nFabrice  MASI,  Directeur  r\u00e9gional  et interd\u00e9partemental  de  l'\u00e9conomie,  de  l'emploi, du\ntravail et des  solidarit\u00e9s d'Ile-de-France, aux  agents  de l'Unit\u00e9 d\u00e9partementale  des Hauts\nde-Seine  ;\nVu  la d\u00e9claration  d'actvit\u00e9sde services  \u00e0 la personne  d\u00e9pos\u00e9es  le 09 d\u00e9cembre  2025 au nom\nde  la SASU  AZLA  SERVICES  sise 23  Rue  de  Chateaubriand  \u00e0 CHATENAY-MALABRY\n(82290):\n\n'Apr\u00e8s examen  du  dossier, cette demande  \u00e9tant  conforme  aux  dispositions  de  article L. 7232-1-\n1 du  code  du  traval, le pr\u00e9sent  r\u00e9c\u00e9piss\u00e9  de  d\u00e9claration  d'activit\u00e9s de  services  \u00e0  la personne  a\n\u00e9t\u00e9  enregistr\u00e9  au  nom  de la SASU  AZLA  SERVICES  sous  le num\u00e9ro  SAP  991710526,\nLes  activit\u00e9s d\u00e9clar\u00e9es  sont  les suivantes, \u00e0 exclusion  de  toute autre\n= Entrotion  de  la maison  et travaux  m\u00e9nagers  ;\nPetits travaux  de  jardinage,  y  compris  les travaux  de  d\u00e9broussallage\n'Travaux  de  petit bricolage  dits \u00ab homme  toutes  mains  \u00bb ;\nGarde  d'enfants  de  plus  de  trois ans \u00e0 domicile  ;\nSoutien  scolaire  ou  cours  \u00e0  domi\nPr\u00e9paration de repas  \u00e0 domicile,  y compris  le temps  pass\u00e9  aux  courses  ;\nAccompagnement  des  enfants  de plus de  trois ans  dans leurs d\u00e9placements  on\n'dehors  de  lour domicile  (promenades,  transports,  actes  de  la vie courante)  ;\nPrestations relevant du b\u00e9n\u00e9fice de a  r\u00e9duction d'imp\u00f4t pr\u00e9vue  \u00e0 Varticle 199 sexdecies  du Code\nG\u00e9n\u00e9ral  des  Imp\u00f4ts.\nLa  structure  exerce  ces  activit\u00e9s  selon  le mode  suivant  :  PRESTATAIRE\n'Sous  r\u00e9serve  d'\u00eatre exerc\u00e9es  \u00e0 ttre exclusif par  le d\u00e9clarant  (ou  sous  r\u00e9serve  d'une  comptabilit\u00e9\ns\u00e9par\u00e9e  pour les personnes  morales  dispens\u00e9es  de  la condition d activit\u00e9 exclusive), ces activit\u00e9s\nouvrent drot au b\u00e9n\u00e9fice des  dispositions des  articles L. 7233-2  du  code  du travail et L. 241-10,\ndu  code  de la s\u00e9curit\u00e9 sociale.\n'Conform\u00e9ment  aux  dispositions de  Fartcle R7232-19  du code  du  travail, l'organisme d\u00e9clar\u00e9 dit\nproduire au moins  chaque  trimestre un \u00e9tat d'activit\u00e9 et chaque  ann\u00e9e  un bilan quantita! et\nqualtatf de l'activit\u00e9 exerc\u00e9e  au tire de  ann\u00e9e  \u00e9coul\u00e9e  ainsi qu'un tableau statistique annul\nSi organisme  d\u00e9clar\u00e9 comporte  plusieurs \u00e9tablissements, les \u00e9tats statistiques ete  bilan annuel\ndlistinguent l'activit\u00e9 exerc\u00e9e  par chaque  \u00e9tablissement.\nLe  pr\u00e9sent  r\u00e9c\u00e9piss\u00e9  prend  effet le 09 d\u00e9cembre  2025.\nL'enrogistromont de la d\u00e9claration  pourra  \u00eatre retir\u00e9 si l'organisme  d\u00e9clar\u00e9 cosse  do remplir\nles conditions  ou  de  respecter  les obligations  mentionn\u00e9es  aux  4,5\"  et 6\u00b0 de l'article\nR7232-17  ou  qui m\u00e9conna\u00eet les obligations d\u00e9finies\u00e0 article  R7232-19  du  code  du  travail,\nctivit\u00e9s exerc\u00e9es  devra,  sous\nmodificative aupr\u00e9s de FUniteationpeine de retrait de fa\nd\u00e9partementale  des  Hauts-de-Seine\nLe  pr\u00e9sent dtp  sera publ  au reeual ds  ates  administrate  de  la pr\u00e9fecture des  Hauts.\nde-Seine.\nFait \u00e0 Nanterre,  le 15 d\u00e9cembre 2025.\nour  le Pr\u00e9fet\nPar  d\u00e9l\u00e9gation  et subd\u00e9l\u00e9gation\nLa  Responsable  du  service\nD\u00e9veloppement  de  l'emploi  et des\ncomp\u00e9tences\nren\nMarlama  CONDE\n\nEx  Direction r\u00e9gionale et interd\u00e9partementale\nMINIST\u00c8RE de l'\u00e9conomie, de l'emploi,\nDU  TRAVAIL, DE LA SANT\u00c9, du travail et des solidarit\u00e9s\nDES  SOLIDARIT\u00c9S\nET  DES  FAMILLES\nA\nR\u00e9c\u00e9piss\u00e9  n\u00b02025.720  de  d\u00e9claration d'activit\u00e9s de  services  \u00e0 la personne\nenregistr\u00e9e  sous  le n\u00b0 SAP994926806  au  nom  de  la micro-entreprise  FLEURAT\nGABIN  CLAUDE  BERNARD  sise 13 Rue  Emile  Zola \u00e0 92600  ASNIERES-SUR-SEINE\n(92000)\nLE  PREFET  DES  HAUTS-DE-SEINE\nvu ia lol n\u00b0 2010-853  du 23 jullet 2010  relative aux  r\u00e9seaux  consulaires, au commerce et \u00e0\nl'artisanat et aux  services (article 31) ;\nVu  Ia loi n\u00b02018-1776  du 28  d\u00e9cembre  2016  relative \u00e0 l'adaptation de la soci\u00e9t\u00e9 au\nveilissement\n'Vu l'article 07231-1  du  Code  du  travail;\nVu  les d\u00e9crets n\u00b0 2011-1132  et n\u00b0 2011-1133  du  20 septembre  2011  modifiant certaines\ndispositions du  Code  du  travail relatives au  ch\u00e8que  emplo-service  universel et aux\nservices  \u00e0 la personne\n'Vu le d\u00e9cret n\u00b02016-750 du 6 juin 2016 relatif \u00e0 la liste des activit\u00e9s de services \u00e0 Ia personne\nsoumises \u00e0 agr\u00e9ment  ou  autorisation dans  lecadre  du r\u00e9gime  commun  dela d\u00e9ciaration ;\n'Vu le d\u00e9cret du 31 octobre 2024 portant nomination de Monsieur Alexandre BRUGERE,  en\nqualt\u00e9 de  Pr\u00e9fet des  Hauts-de-Seine  ;\nVu  l'\u00e9t\u00e9  interminist\u00e9riel du 12 ao\u00fbt 2025 nommant  Monsieur Fabrice MASI, Directeur\nr\u00e9gional  et interd\u00e9partemental de l'\u00e9conomie, de l'emplo, du  travailet des solidarit\u00e9s d'le-\nde-France \u00e0 compter  du 25 ao\u00fbt  2025 ;\nVu  l'arr\u00eat\u00e9 pr\u00e9fectoral n\u00b02025-33  du  22  ao\u00fbt 2025  par lequel le Pr\u00e9fet des  Hauts-de-Soine\n'd\u00e9l\u00e8gue sa signature \u00e0 Monsieur  Fabrice MASI, Directeur r\u00e9gional et iterd\u00e9partemental\n'de l'\u00e9conomie, de l'emploi, du travailet des salari\u00e9s  d'\u00cele-de-France;\nVu  la d\u00e9cision n\u00b0 2025-187  du  25 ao\u00fbt 2025  portant subd\u00e9l\u00e9gation de  signature de  Monsieur\nFabrice MASI,  Directeur r\u00e9gional et interd\u00e9partemental de l'\u00e9conomie. de  l'emploi, du\ntraval et des solidarit\u00e9s d'Ile-de-France, aux  agents  de l'Unit\u00e9 d\u00e9partementale  des Hauts-\nde-Seine\nVu  la d\u00e9claration d'activit\u00e9s de services \u00e0 la personne d\u00e9pos\u00e9es le 10 d\u00e9cembre 2025 au nom\nde  la micro-entreprise FLEURAT  GABIN  CLAUDE  BERNARD  sise 13 Rue  Emile Zola \u00e0\n92600  ASNIERES-SUR-SEINE  (82000)\n\nApr\u00e8s  examen du dossier, cette demande  \u00e9tant conforme aux dispositionsde l'article L. 7232-1-\n1 du  code  du  travall, le pr\u00e9sent  r\u00e9c\u00e9piss\u00e9  de  d\u00e9claration  d'activit\u00e9s de  services  \u00e0 la personne  a\n\u00e9t\u00e9  enregistr\u00e9  au  nom  de  la micro-entreprise  FLEURAT  GABIN  CLAUDE  BERNARD  sous  le\nnum\u00e9ro  SAP  994926806,\nLes  activit\u00e9s d\u00e9clar\u00e9es  sont  es  suivantes,  & l'exclusion de  toute autre\nEntrotion  do la maison et travaux  m\u00e9nagers ;\nPrestations  relevant  du  b\u00e9n\u00e9fice  de  a  r\u00e9duction  d'imp\u00f4t  pr\u00e9vue  \u00e0 'ricie  199  sexdecies  du  Code\nG\u00e9n\u00e9ral  des  Implts.\nLa  structure  exerce  ces  activit\u00e9s  selon  le mode  suivant  : PRESTATAIRE\nSous r\u00e9serve  d'\u00eatre exerc\u00e9es  \u00e0  titre exclus  par  le d\u00e9clarant  (ou  sous  r\u00e9serve  d'une  comptabilt\u00e9\ns\u00e9par\u00e9e pour es  personnes morales dispens\u00e9es de la condition d activit\u00e9 exclusive), ces activit\u00e9s\n'ouvrent  droit au b\u00e9n\u00e9fice  des  dispositions des  articles L. 7233-2  du code  du travall et L. 241-10,\n'du code  de  la s\u00e9curit\u00e9 sociale\nConform\u00e9ment  aux  dispositions de  article R7232-19  du  code  du  traval, l'organisme  d\u00e9ciar\u00e9  doit\nproduire au  moins  chaque  trimestre un \u00e9tat dactvit\u00e9 et chaque  ann\u00e9e un bilan quantitatif et\nqualtatf  de  Factvi\u00e9  exerc\u00e9e au  tire de  l'ann\u00e9e  \u00e9coul\u00e9e  ainsi qu'un  tableau  statistique annuel.\nSi l'organisme  d\u00e9clar\u00e9 comporte  plusieurs  \u00e9tablissements,  es  \u00e9tats statistiques et le bilan annuel\ndistinguent  l'actiit\u00e9 exerc\u00e9e  par  chaque  \u00e9tablissement,\nLe  pr\u00e9sent  r\u00e9c\u00e9piss\u00e9  prend  effet le 10  d\u00e9cembre  2025.\nL'enrogistremont  de  la d\u00e9claration  pourra  \u00eatre retir\u00e9 si l'organisme d\u00e9clar\u00e9  cesse  de remplir\nles conditions  ou  de  respocter  les  obligations  mentionn\u00e9es  aux  4,5\"  et 6\u00b0 de  article\n723217  ou  qui  m\u00e9connalt  les obligations  d\u00e9finies  \u00e0 l'rticie R7232-19 du  code  du  travail.\npare  de retrait dela  d\u00e9caraton, fare l'objet dune  d\u00e9lraion  modfeatve  aupr\u00e9s de Unis\nd\u00e9partementale  des  Hauts-de-Seine.\nLe pr\u00e9sent r\u00e9c\u00e9piss\u00e9 sera publi\u00e9 au recueil des actes administratifs de Ia pr\u00e9fecture des Hauts-\nde-Seine.\nFait \u00e0  Nanterre,  le 15 d\u00e9cembre  2025,\nPour  le Pr\u00e9ft\nPar d\u00e9l\u00e9gation ot subd\u00e9l\u00e9gation\nLa  Responsable  du  service\nD\u00e9veloppement  de  l'emploi  et des.\ncomp\u00e9tences\n\\G\nMariama  CONDE\n\n=a  Direction  r\u00e9gionale  et  interd\u00e9partementale\nMINISTERE  de l'\u00e9conomie, de l'emploi,\nDU  TRAVAIL,  DE  LA  SANT\u00c9,  du travail et des solidarit\u00e9s\nDES  SOLIDARIT\u00c9S\nET  DES  FAMILLES\nLA\nR\u00e9c\u00e9piss\u00e9  n\u00b02025-721  de  d\u00e9claration  d'activit\u00e9s  de  services  \u00e0  la personne\nenregistr\u00e9e  sous  le n\u00b0  SAP928903855  au  nom  de  la micro-entreprise  Geoffroy\nLEGRAIN  sise  22  Rue  Adam  Ledoux  \u00e0 COURBEVOIE  (92400)\nLE  PREFET  DES  HAUTS-DE-SEINE\nVu  la loi n\u00b0  2010-853  du  23 jullet  2010  relative  aux  r\u00e9seaux  consulaires,  au  commerce et \u00e0\nl'artisanatet aux  services (article 31) ;\nVu  la li 1\u00b02015-1776  du  28  d\u00e9cembre  2015  relative \u00e0 adaptation  de  la soci\u00e9t\u00e9  au\nveilissement ;\nwf\nVu  les  d\u00e9crets  n\u00b0  2011-1132  et n\u00b0  2011-1133  du  20  septembre  2011  modifiant  certaines\ndispositions du  Code  du  travail, relatives au  ch\u00e8que  emplo-service  universel  et aux\nservices \u00e0 la personne  ;\nVu  le d\u00e9cret  n\u00b02016750 du 6jun  2016  relatif \u00e0 la liste des  activit\u00e9s de services  \u00e0 la personne\n'soumises  \u00e0  agr\u00e9ment  ou  \u00e0  autorisation  dans le cadre  du  r\u00e9gime  commun  de la d\u00e9claration\ncle D7231-1  du  Code  du  travail;\nVu  le d\u00e9cret  du  31 octobre  2024  portant  nomination  de  Monsieur  Alexandre  BRUGERE,  en\nquait\u00e9 de Pr\u00e9fet des Hauts-de-Seine\nVu  l'arr\u00eat\u00e9 interminist\u00e9riel du  12 ao\u00fbt  2025  nommant  Monsieur  Fabrice  MASI,  Directeur\nr\u00e9gional et interd\u00e9partementalde l'\u00e9conomie, de l'emploi, du travailet des solidarit\u00e9s d'le-\nde-France \u00e0  compter  du  25  ao\u00fbt  2025  ;\nVu  l'ar\u00e8t\u00e9 pr\u00e9fectoral n\u00b02025-33  du  22  ao\u00fbt  2025  par  lequel le Pr\u00e9fet des  Hauts-de-Seine\n'd\u00e9l\u00e8gue  sa  signature  \u00e0  Monsieur  Fabrice  MASI,  Directeur  r\u00e9gional  et interd\u00e9partemental\nde  l'\u00e9conomie, de  l'emploi du travailet des solidarit\u00e9s d'\u00cele-de-France;\nVu  la d\u00e9cision  n\u00b0 2025-157  du  25  ao\u00fbt  2025  portant  subd\u00e9l\u00e9gation  de  signature  de  Monsieur\nFabrice  MASI,  Directeur  r\u00e9gional et interd\u00e9partemental  de  l'\u00e9conomie,  de  l'emploi, du\ntravail et des  soldari\u00e9s  d'le-de-France,  aux  agents  de  I Unit\u00e9  d\u00e9partementale  des  Hauts\nde-Seine  ;\nVu  la  d\u00e9claration d activit\u00e9s de  services  \u00e0 la personne  d\u00e9pos\u00e9es  le 8 d\u00e9cembre  2025 au  nom\nde  la micro-entreprise  Geoffrey  LEGRAIN  sise 22  Rue  Adam  Ledoux  \u00e0  COURBEVOIE\n(82400)\n\nApr\u00e8s  examen  du dossier, cette demande  \u00e9tant conforme  aux  dispositionsde article L. 7232-1-\n1 du code  du traval, le pr\u00e9sent  r\u00e9c\u00e9piss\u00e9  de d\u00e9claration d'activit\u00e9s de services \u00e0 la personne  a\n\u00e9t\u00e9  enregistr\u00e9  au  nom  de  la micro-entreprise  Geoffrey  LEGRAIN  sous  le num\u00e9ro  SAP\n928903855,\nLes  activit\u00e9s  d\u00e9ctar\u00e9es  sont  les  suivantes, exclusion  de  toute  autre\nSoutien  scolaire  ou  cours  \u00e0 domicil\nPrestations relevant du b\u00e9n\u00e9fice de  a  r\u00e9duction d'imp\u00f4t pr\u00e9vue  \u00e0 article 199  sexdecies  du Code\nG\u00e9n\u00e9ral  des  imp\u00e9ts.\nLa  structure  exerce  ces  activit\u00e9s  selon  le mode  suivant  : PRESTATAIRE\nSous  r\u00e9serve  d'\u00eatre exerc\u00e9es  \u00e0 ttre exclusi  parle  d\u00e9clarant  (ou  sous  r\u00e9serve  d'une  comptabilit\u00e9\ns\u00e9par\u00e9e  pour  les personnes  morales  dispens\u00e9es  de  la condition  d'actvi\u00e9  exclusive), ces  activites\nouvrent drot au b\u00e9n\u00e9fice des dispositions des articles L. 7233-2  du code du travail et L. 241-10\n'du code  de  la s\u00e9curit\u00e9 sociale.\n(Conform\u00e9ment  aux  dispositions de article R7232-19  du  code  du  travail, l'organisme  d\u00e9ciar\u00e9  dott\nproduire  au moins  chaque  trimestre  un  \u00e9tat d'activit\u00e9 et chaque  ann\u00e9e  un  bilan quantitatif et\n'qualtaif de  Facthvite exerc\u00e9e au tire de  l'ann\u00e9e \u00e9coul\u00e9e  ainsi qu'un tableau statistique annuel\nSi organisme  d\u00e9ciar\u00e9  compore  plusieurs  \u00e9tablissements,  les \u00e9tats statistiques et le bilan annuel\ndistinguent  Factivit\u00e9 exerc\u00e9e  par  chaque  \u00e9tablissement,\nLe pr\u00e9sent  r\u00e9c\u00e9piss\u00e9  prend  effet le 08 d\u00e9cembre  2025.\nL'enregistrement de la d\u00e9claration  pourra \u00eatre retir\u00e9 si l'organisme d\u00e9clar\u00e9  cesse  de remplir\nles conditions  ou  de  respecter  les obligations  mentionn\u00e9es  aux  4,5\" et 6\u00b0 de  l'article\n7232.17  ou  qui  m\u00e9connait  les obligations  d\u00e9finies  \u00e0 l'article R7232-19 du  code  du  travall.\nm n r\u00e9o ou les  activit\u00e9s oxorc\u00e9es devra, sous\npeine de retrait de la d\u00e9claration, faire l'objet dune  d\u00e9ciaration modificative aupr\u00e8s de l'Unit\u00e9\n'd\u00e9partementale des  Hauts-de-Seine.\nLe  pr\u00e9sent  r\u00e9c\u00e9piss\u00e9  sera  publi\u00e9 au  recuell des  actes  administratifs de La pr\u00e9fecture  des  Hauts-\nde-Seine.\nFait a  Nanterre,  le 15 d\u00e9cembre  2025.\nPour  le  Pr\u00e9fet\nar  d\u00e9l\u00e9gation  et  subd\u00e9l\u00e9gation\nLa  Responsable  du  service\nD\u00e9veloppement  de  l'emplo  et des.\ncomp\u00e9tences\nMariama CONDE\n\n=z  Direction r\u00e9gionaleet interd\u00e9partementale\nMINIST\u00c8RE de l'\u00e9conomie,de l'emploi,\nDU  TRAVAIL, DE LA SANT\u00c9, du travail et des solidarit\u00e9s.\nDES  SOLIDARIT\u00c9S\nET  DES  FAMILLES\nR\u00e9c\u00e9piss\u00e9  n\u00b02025-722  de  d\u00e9claration d'activit\u00e9s de  services  \u00e0 la personne\nenregistr\u00e9e sous  le n\u00b0 SAP994092500  au nom  de la micro-entreprise Celia KHIRAT\nsise 28 Boulevard  de  Stalingrad \u00e0 MALAKOFF  (92240)\nLE  PREFET  DES  HAUTS-DE-SEINE\n'Vu la oi n\u00b0 2010-853 du 23 juillet 2010 relative aux r\u00e9seaux consulaires, au commerce  et \u00e0\nFartsanat  et aux  services  (article 31) ;\nVu  Ia loi n\u00b02015-1776 du 28 d\u00e9cembre  2015  relative \u00e0 l'adaptation de la soci\u00e9t\u00e9 au\nvieilissement ;\nVu  l'article D7231-1  du Code  du travail;\nVu les d\u00e9crets n\u00b0 2011-1132 et n\u00b0 2011-1133 du 20 septembre 2011 modifiant certaines\ndispositions du Code  du travail, relatives au ch\u00e8que  emploi-service universel et aux\n'services \u00e0 la personne ;\nVu  le d\u00e9cret n\u00b02016750 du 6 jun 2016 relatif\u00e0 la liste des actives de services \u00e0 la personne\nsoumises \u00e0 agr\u00e9ment ou \u00e0 autorisationdans le cadre du r\u00e9gime commun  de a  d\u00e9claration\nVu  le d\u00e9cret du 31 octobre 2024 portant nomination de Monsieur Alexandre BRUGERE,\nqualit\u00e9 de Pr\u00e9fet des Hauts-de-Seine\nVu  l'ar\u00e9t\u00e9 interminist\u00e9riel du 12 ao\u00fbt 2025 nommant  Monsieur Fabrice MASI, Directeur\nr\u00e9gionalet interd\u00e9partemental de l'\u00e9conomie,de l'emploi, du travail et des solidarit\u00e9sdle\ndde-France \u00e0 compter du  25  ao\u00fbt  2025  ;\nVu  l'arr\u00eat\u00e9 pr\u00e9fectoral n\u00b02025-33 du 22 ao\u00fbt 2025  par lequel le Pr\u00e9fet des Hauts-de-Seine\nd\u00e9l\u00e8gue sa signature \u00e0 Monsieur Fabrice MASI, Directeur r\u00e9gional et iterd\u00e9partementai\nde l'\u00e9conomie, de l'emploi, du travail et des solidartes d'\u00cele-de-France\nVu  la d\u00e9cision n\u00b0 2025-157  du  25  ao\u00fbt 2025  portant subd\u00e9l\u00e9gation de signature de Monsieur\nFabrice MASI, Directeur r\u00e9gional et interd\u00e9partemental de \u00e9conomie,  de l'emploi, du\ntravail et des  solidarit\u00e9s d'le-de-France, aux agents de l'Unit\u00e9 d\u00e9partementale des Hauts-\nde-Seine  ;\nVu  la d\u00e9claration d'activit\u00e9s de services \u00e0 la personne d\u00e9pos\u00e9es  le 02 d\u00e9cembre  2025 au nom\nde  la micro-entreprise Celia KHIRAT  sise 28 Boulevard  de  Stalingrad \u00e0 MALAKOFF\n(82240):\n\n'Apr\u00e8s examen  du  dossier, cette demande  \u00e9tant conforme  aux  dispositions  de  l'article L. 7232-1-\n1 du code  du travail, le pr\u00e9sent  r\u00e9c\u00e9piss\u00e9  de d\u00e9claration d'activit\u00e9s de services \u00e0 la personne  a\n\u00e9t\u00e9  enregistr\u00e9  au  nom  de  la micro-entreprise  Celia  KHIRAT  sous  le num\u00e9ro  SAP  994092500.\nLes  activit\u00e9s d\u00e9clar\u00e9es  sont les suivantes, a l'exclusion de toute autre\nEntretien  de  la maison  et  travaux  m\u00e9nagers  ;\nPrestations  relevant du  b\u00e9n\u00e9fice  de  a  r\u00e9duction  d'imp\u00f4t  pr\u00e9vue  \u00e0 Varticle 199  sexdecies du Code\nGeneral  des  Imp\u00f4ts.\nLa  structure  exerce  ces  activit\u00e9s  solon  le mode  suivant :PRESTATAIRE\nSous  r\u00e9serve  d'\u00eatre exerc\u00e9es  \u00e0 tire exclusif par  le  d\u00e9clarant  (ou  sous r\u00e9serve  d une  comptabilit\u00e9\ns\u00e9par\u00e9e  pour les personnes morales dispens\u00e9es de la condition d'actvit\u00e9 exclusive)ces activit\u00e9s\nouvrent  droit au b\u00e9n\u00e9fice  des  dispositions des  articles L. 7233-2  du  code  du travall et L. 241-10,\ndu  code  de  la  s\u00e9curt\u00e9  sociale.\nConform\u00e9ment  aux  dispositions  de  l'article R7232-19  du  code  du  travail organisme  d\u00e9clar\u00e9  doit\nproduire au moins chaque  trimestre un \u00e9tat d'activit\u00e9 et chaque ann\u00e9e  un bilan quantitatif et\nqualtatf  de l'activt\u00e9 exerc\u00e9e  au  tire de  l'ann\u00e9e  \u00e9coul\u00e9e  ainsi qu'un  tableau  statistique annuel.\nSi l'organisme  d\u00e9clar\u00e9  comporte  plusieurs  \u00e9tablissements  les \u00e9tats statistiques etl  bilan annuel\ndistinguent  l'activit\u00e9 exerc\u00e9e  par  chaque  \u00e9tablissement.\nLe  pr\u00e9sent  r\u00e9c\u00e9piss\u00e9  prend  effet le 02  d\u00e9cembre  2025.\nL'enregistrement de la d\u00e9claration  pourra \u00eatre retir\u00e9 si l'organisme  d\u00e9clar\u00e9  cesse  de remplir\nles conditions  ou  de  respecter  les obligations  mentionn\u00e9es  aux  4\u00b0,6* ot 6\u00b0 de  l'article\n7232-17 ou  qui m\u00e9connalt  les obligations  d\u00e9finies  \u00e0 l'article R7232-19 du  code  du traval.\n'Toute modification concemant  la structure d\u00e9clar\u00e9e ou es activit\u00e9s exerc\u00e9es devra sous\npeine  de  revat  de  la d\u00e9claration, fare  Tobjet dune  d\u00e9claration  modiicatwe  aupr\u00e9s  de  l'Unit\u00e9\n'Separtemenale  des  Hauts-de-Seine\nLe  pr\u00e9sent r\u00e9c\u00e9piss\u00e9 sera publi\u00e9 au recueil des actes adminstratifs de la pr\u00e9fecture des Hauts.\nde-Seine.\nFait \u00e0 Nanterre, le 16 d\u00e9cembre  2025,\nPour  le Pr\u00e9fet\nPar  d\u00e9l\u00e9gation  ot subd\u00e9l\u00e9gation\nLa  Responsable  du  service\nD\u00e9veloppement  de  l'emploi  et des\ncomp\u00e9tences\n|e\nMariama CONDE\n\nEs  Direction r\u00e9gionale et interd\u00e9partementale\nMINISTERE de l'\u00e9conomie, de l'emploi,\nDU  TRAVAIL, DE  LA SANT\u00c9,  du travail et des solidarit\u00e9s\nDES  SOLIDARIT\u00c9S\nET  DES  FAMILLES\nA\nR\u00e9c\u00e9piss\u00e9  n\u00b02025-723  de  d\u00e9claration  d'activit\u00e9s de  services  \u00e0 la personne\nenregistr\u00e9e  sous  le n\u00b0 SAP994898567  au  nom  de  la micro-entreprise  MOREAU\nNICOLAS  CHRISTOPHE  sise  60  Rue  Raspall  \u00e0 BOIS-COLOMBES  (92270)\nLE  PREFET  DES  HAUTS-DE-SEINE\nVu  la loi n\u00b0 2010-863  du  23  juilet 2010  relative aux  r\u00e9seaux  consulaires, au  commerce  et \u00e0\nl'afisanat et aux  services (article 31);\nVu  la loi n\u00b02015-1776  du  28  d\u00e9cembre  2015  relative \u00e0 l'adaptation de  la soci\u00e9t\u00e9  au\nvieilissement ;\nVu  l'article D7231:1  du  Code  du  travail;\nVu  les d\u00e9crets n\u00b0 2011-1132  et n\u00b0 2011-1133  du  20  septembre  2011  modifiant certaines\ndispositions  du  Code  du  travail, relatives au  ch\u00e8que  emploi-service  universel  et aux\nservices  \u00e0 la personne\nVu  le d\u00e9cret  n\u00b02016-750 du 6 juin 2016  relat \u00e0  la ste  des activit\u00e9s de services  \u00e0 la personne\nsoumises  \u00e0 agr\u00e9ment  ou \u00e0 autorisation dans  le cadre  du  r\u00e9gime  commun  de la d\u00e9claration ;\nVu  le d\u00e9cret  du  31 octobre  2024  portant  nomination  de  Monsieur  Alexandre  BRUGERE,  en\n'qualit\u00e9 de  Pr\u00e9fet  des  Hauts-de-Seine  ;\nVu  l'arr\u00eat\u00e9 interminist\u00e9riel du  12 ao\u00fbt  2025  nommant  Monsieur  Fabrice  MASI,  Directeur\nr\u00e9gional et interd\u00e9partementalde l'\u00e9conomie, de l'emploi, du travailet des solidarit\u00e9s d'le-\nde-France \u00e0 compter  du  25  ao\u00fbt  2025  ;\nVu  l'arr\u00e8t\u00e9 pr\u00e9fectoral n\u00b02025-33  du  22  ao\u00fbt  2025  par  lequel le Pr\u00e9fet des  Hauts-de-Seine\nd\u00e9l\u00e8gue  sa  signature  \u00e0  Monsieur  Fabrice  MASI,  Directeur  r\u00e9gional et interd\u00e9partemental\nde l'\u00e9conomie, de l'emploi, du travail et des solidarit\u00e9s d'\u00cele-de-France;\nVu  la d\u00e9cision  n\u00b0 2025-187  du  25  ao\u00fbt  2025  portant  subd\u00e9l\u00e9gation  de  signature  de  Monsieur\nFabrice  MASI,  Directeur  r\u00e9gional  et interd\u00e9partemental  de  \u00e9conomie,  de  l'emploi, du\ntravail et des  soldari\u00e9s  d'\u00cele-de-France, aux  agents  de  l'Unit\u00e9 d\u00e9partementale  des  Hauts\nde-Seine  ;\nVu  la d\u00e9claration d'activit\u00e9s de services \u00e0 la personne  d\u00e9pos\u00e9es  le 10 d\u00e9cembre  2025  aunom\nde  la micro-entreprise  MOREAU  NICOLAS  CHRISTOPHE  sise 60  Rue  Raspail  \u00e0 BOIS-\nCOLOMBES  (92270)\n\nApr\u00e8s examen  du dossier, cette demande  \u00e9tant conforme aux dispositions de l'article L. 7232-1-\n1 du code  du travail, le pr\u00e9sent  r\u00e9c\u00e9piss\u00e9  de d\u00e9ciaration d'activt\u00e9s de services \u00e0 la personne  a\n\u00e9t\u00e9 enregistr\u00e9 au  nom  de  la micro-entreprise MOREAU  NICOLAS  CHRISTOPHE  sous  le\nnum\u00e9ro  SAP  994898567,\nLes  activit\u00e9s d\u00e9clar\u00e9es  sont  les  suivantes,  \u00e0  l'exclusion de  toute  autre\nEntretien  de  la  maison et  travaux  m\u00e9nagers ;\nPrestations  relevant  du  b\u00e9n\u00e9fice  de  a  r\u00e9duction  d'imp\u00f4t  pr\u00e9vue  \u00e0 article 199  sexdecies  du  Code\nG\u00e9n\u00e9ral  des  Imp\u00f4ts,\nLa  structure  exerce  ces  activit\u00e9s  selon  le mode  suivant  :PRESTATAIRE\nSous  r\u00e9serve  d'\u00eatre exerc\u00e9es  \u00e0 tte  exclusf  parle  d\u00e9clarant  (ou  sous  r\u00e9serve  d'une  comptabiit\u00e9\ns\u00e9par\u00e9e  pour  les personnes  morales  dispens\u00e9es  de  la condition  d activit\u00e9 exclusive), ces  activit\u00e9s\nouvrent  drot  au  b\u00e9n\u00e9fice  des  dispositions des  articles |. 7233-2  du  code  du  traval et L. 241-10,\ndu  code  de  la s\u00e9curit\u00e9  sociale\n'Conform\u00e9ment  aux  dispositions de  l'article R7232-19  du  code  du  travail l'organisme  d\u00e9clar\u00e9  doit\nproduire  au  moins  chaque  trimestre un  \u00e9tat d'activit\u00e9 et chaque  ann\u00e9e  un  bilan quantitatif et\nquaitatf de Factivite exerc\u00e9e au tire de  l'ann\u00e9e \u00e9coul\u00e9e  ainsi qu'un tableau statistique annuel.\nSi l'organisme  d\u00e9clar\u00e9  comporte  plusieurs  \u00e9tablissements,  les \u00e9tats statistiques ete  bilan annuel\ndistinguent  l'actt\u00e9  exerc\u00e9e  par  chaque  \u00e9tablissement.\nLe  pr\u00e9sent  r\u00e9c\u00e9piss\u00e9  prend  offet le 10  d\u00e9combre  2025.\nL'enregistrement de la d\u00e9claration  pourra  \u00eatre rois  organisme  d\u00e9clar\u00e9  cesse de  remplir\nles conditions  ou  de  respecter  les obligations mentionn\u00e9es  aux 4',5 et 6\u00b0 de  l'article\n7252-17  ou  qui  m\u00e9connat  les obligations  d\u00e9finies  \u00e0 article R7232-18 du  code du  travail.\nDeine  de  reri  dela  d\u00e9claration, fare  l'objet dune  d\u00e9claration  modiicale  aupr\u00e9s  de  TUNt\u00ae\nd\u00e9partementale  des  Hauts-de-Seine.\nLe  pr\u00e9sent  r\u00e9c\u00e9piss\u00e9 sera publi\u00e9  au recueil  des  actes  administratifs de la pr\u00e9fecture des  Hauts-\nde-Seine.\nFait  a Nanterre,  le 16 d\u00e9cembre  2025.\nPour  le  Pr\u00e9fot\nPar  d\u00e9l\u00e9gation  ot subd\u00e9l\u00e9gation\nLa  Responsable  du  service\nD\u00e9veloppement  de  l'emploi  ot des\ncomp\u00e9tences.\n1G-A\nMariama  CONDE\n\nEs  Direction r\u00e9gionale et interd\u00e9partementale\nMINIST\u00c8RE  de l'\u00e9conomie, de l'emploi,\nDU  TRAVAIL,  DE  LA  SANT\u00c9,  du travail et des solidarit\u00e9s\nDES  SOLIDARIT\u00c9S\nET  DES  FAMILLES\nEM\nR\u00e9c\u00e9piss\u00e9  n\u00b02025-724  de  d\u00e9claration  d'activit\u00e9s de  services \u00e0 la personne\nenregistr\u00e9e  sous  le n\u00b0 SAP994880284  au nom  de  la micro-entreprise  YOUSEF\nNANCY  sise  20  Rue  Parmentier  \u00e0 COURBEVOIE  (92400)\nLE  PREFET  DES  HAUTS-DE-SEINE\nVu  la loi n\u00b0 2010-853  du  23  jullet 2010  relative aux  r\u00e9seaux  consulaires,  au  commerce et \u00e0\nFartisanat et aux  services (article 31)\nVu  la loi n*2018-1778  du  28  d\u00e9cembre  2015  relative \u00e0 l'adaptation de  la soci\u00e9t\u00e9  au\nWellissement ;\nVu  l'aticie D7231-1  du  Code  du  traval\nVu  les d\u00e9crets n\u00b0 2011-1132  et n\u00b0 2011-1133  du 20 septembre  2011  modifiant certaines\ndispositions  du  Code  du  travail, relatives au  ch\u00e8que  emploi-service  universel  et aux\nservices  \u00e0la  personne ;\nVu  le d\u00e9cret  n\u00b02016750 du 6 jun  2016 relatif \u00e0 la liste des activit\u00e9s de services \u00e0 la personne\nsoumises  \u00e0 agr\u00e9ment  ou  \u00e0 autorisation dans  le cadre du  r\u00e9gime  commun  de la d\u00e9claration  ;\nVu  le d\u00e9cret  du  31 octobre  2024  portant  nomination  de  Monsieur  Alexandre  BRUGERE,  en\nqualit\u00e9de Pr\u00e9fet des  Hauts-de-Seine\nVu  l'ar\u00eat\u00e9 imterminist\u00e9rel du  12 ao\u00fbt  2025  nommant  Monsieur  Fabrice  MASI,  Directeur\nr\u00e9gional tinterd\u00e9partemental  de  l'\u00e9conomie,  de  l'emploi du  travail et des  solidarit\u00e9s d'le-\nde-France  \u00e0  compter  du  25  ao\u00fbt  2025 ;\nVu  l'arr\u00eat\u00e9 pr\u00e9fectoral n\u00b02025-33  du  22  ao\u00fbt  2025  par lequel le Pr\u00e9fet des  Hauts-de-Seine\nd\u00e9l\u00e8gue  sa signature \u00e0 Monsieur  Fabrice MASI, Directeur r\u00e9gional et interd\u00e9partemental\n'de l'\u00e9conomie,de l'emploi, du travail et des  solidarit\u00e9s d'\u00cele-de-France;\n'Vu la d\u00e9cision  n\u00b0 2025-187  du  25  ao\u00fbt  2025  portant  subd\u00e9l\u00e9gation  de  signature de  Monsiour\nFabrice  MASI,  Directeur  r\u00e9gional  et interd\u00e9partemental  de  l'\u00e9conomie,  de  l'emploi, du\ntravail et des  solidart\u00e9s  d'\u00cele-de-France,  aux  agents  de  l'Unit\u00e9 d\u00e9partementale  des  Hauts-\nde-Seine  ;\nVu  la d\u00e9claration  d'activit\u00e9s de services \u00e0 la personne  d\u00e9pos\u00e9es  le 10 d\u00e9cembre  2025 au nom\nde  la micro-entreprise  YOUSEF  NANCY  sise 20  Rue  Parmentier  \u00e0 COURBEVOIE\n(82400):\n\nApr\u00e8s  examen  du dossier, cette demande \u00e9tant conforme  aux dispositionsde l'articleL. 7232-1\n1 du  code  du  traval, le pr\u00e9sent  r\u00e9c\u00e9piss\u00e9  de  d\u00e9ciaration  d activit\u00e9s de  services  \u00e0  la personne  a\n\u00e9t\u00e9  enregistr\u00e9  au  nom  de  la micro-entreprise  YOUSEF  NANCY  sous  le num\u00e9ro  SAP\n994880284,\nLes  activit\u00e9s d\u00e9ctar\u00e9es  sont  les suivantes,  \u00e0 l'exclusion de  toute autre\nEntretien  de  la  maison  et  travaux  m\u00e9nagers  ;\nPrestations  relevant  du  b\u00e9n\u00e9fice  de  la r\u00e9duction  d'imp\u00f4t  pr\u00e9vue  \u00e0 'ricle  199  sexdecies  du  Code\nG\u00e9n\u00e9ral  des  Impts.\nLa  structure  exerce  ces  activit\u00e9s  solon  le mode  suivant  :  PRESTATAIRE\nSous  r\u00e9serve  d'\u00eatre exerc\u00e9es  \u00e0 tire exclusi  par  le d\u00e9clarant  (ou sous  r\u00e9serve  d'une  comptabilit\u00e9\ns\u00e9par\u00e9e  pour  les personnes  morales  dispens\u00e9es  de  la condition  d'actvit\u00e9 exclusive), ces  activit\u00e9s\nouvrent drot au b\u00e9n\u00e9fice des dispositions des articles L. 7233-2  du code  du traval et L. 241-10\ndu  code  de  la s\u00e9curit\u00e9 sociale\nConform\u00e9ment  aux  dispositions de  article  R7232-19  du  code  du  travail l'organisme  d\u00e9clar\u00e9  dot\nproduire au moins  chaque  trimestre un \u00e9tat dactivit\u00e9 et chaque  ann\u00e9e  un bilan quanttat  et\n'qualtatf de  l'activit\u00e9 exerc\u00e9e  au tire de  l'ann\u00e9e \u00e9coul\u00e9e  ainsi qu'un tableau statistique annuel.\nSi l'organisme  d\u00e9clar\u00e9  comporte  plusieurs  \u00e9tablissements,  les \u00e9tats sta  siques  et le ban  annuel\ndistinguent  l'actiit\u00e9 exerc\u00e9e  par  chaque  \u00e9tablissement.\nLe  pr\u00e9sent  r\u00e9c\u00e9piss\u00e9  prond  offet le 10  d\u00e9cembre  2025.\nL'enregistrement de la d\u00e9claration  pourra  \u00eatre rotir\u00e9si l'organisme  d\u00e9clar\u00e9  cesse  de remplir\nles conditions  ou  de  respecter  les obligations  mentionn\u00e9es  aux  4\u00b0\" et 6\u00b0 de  l'article\nR7232-17  ou  qui m\u00e9connait  les obligations d\u00e9finies \u00e0 article  R7232-19  du  code du travail,\nane  de rerat de la declaration, fare objet d'une d\u00e9araton  modieatve  aupr\u00e9s de l'Unit\u00e9\nd\u00e9partementale  des  Hauts-de-Seine.\nLe  pr\u00e9sent  r\u00e9c\u00e9piss\u00e9  sera publi\u00e9 au  recuell des  actes  administratifs de  la pr\u00e9fecture  des  Hauts-\nde-Seine.\nFait  \u00e0 Nanterre, le 18 d\u00e9cembre 2025.\nPour  le Pr\u00e9fet\nPar d\u00e9l\u00e9gation  ot subd\u00e9l\u00e9gation\nLa  Responsable  du  service\nD\u00e9veloppement  de  l'emploi  et des\ncomp\u00e9tences\nqe\nMariama  CONDE\n\nEE  Direction  r\u00e9gionale et  interd\u00e9partementale\nMINISTERE  de l'\u00e9conomie, de l'emploi,\nDU  TRAVAIL,  DE  LA  SANT\u00c9,  du travail et des solidarit\u00e9s\nDES  SOLIDARIT\u00c9S\nET  DES  FAMILLES\nEy\nR\u00e9c\u00e9piss6  n\u00b02025-725  de  d\u00e9claration  d'activit\u00e9s de  services \u00e0 la personne\nenregistr\u00e9e  sous  le n\u00b0 SAP994826501  au  nom  de  la micro-entreprise  BOURCIER\nCOLAS  VIRGILE  sise  5 Cit\u00e9  Barat \u00e0 ASNIERES-SUR-SEINE  (92600)\nLE  PREFET  DES  HAUTS-DE-SEINE\nVu  la loi n\u00b0 2010-869  du  23  jullet 2010  relative aux  r\u00e9seaux  consulaires, au commerce  et \u00e0\nl'artisanatet aux  services (article 31)\nVu  la loi 1\u00b02015-1776  du  28  d\u00e9cembre  2015  relative \u00e0 l'adaptation de  la soci\u00e9t\u00e9  au\nvieilissement\nVu  l'aricie 07231-1  du  Code  du  travail\nVu  les d\u00e9crets  n\u00b0 2011-1132  et n\u00b0 2011-1133  du  20  septembre  2011  modifiant  coraines\ndispositions du  Code  du  travail, relatives au  ch\u00e8que  emplo-service  universel  et aux\nservices  \u00e0  la personne\nVu  le d\u00e9cret  n\u00b02018-750  du  6  juin 2018  relatif\u00e0 la liste des activit\u00e9s de  services  \u00e0 la personne\nsoumises  \u00e0  agr\u00e9ment  ou\u00e0 autorisation dans  le cadre  du  r\u00e9gime  commun  dela  d\u00e9claration  ;\nVu  le d\u00e9cret  du  31 octobre  2024  portant  nomination  de  Monsieur  Alexandre  BRUGERE,  en\nqualit\u00e9 de  Pr\u00e9fet des  Hauts-de-Seine  ;\nVu  Farr\u00e9te interminist\u00e9riel du  12 ao\u00fbt  2025  nommant  Monsieur  Fabrice  MASI,  Directeur\nr\u00e9gional  et  interd\u00e9partemental de l'\u00e9conomie,  de l'emploi, du  travail  et  des  solidarit\u00e9s d'le-\n'de-France  \u00e0  compter du  25  ao\u00fbt  2025  ;\nVu  l'ar\u00e8t\u00e9  pr\u00e9fectoral  n\u00b02025-33  du  22  ao\u00fbt  2025  par  lequel  le Pr\u00e9fet  des  Hauts-de-Seine\nd\u00e9l\u00e8gue  sa  signature  \u00e0 Monsieur  Fabrice  MASI,  Directeur  r\u00e9gional et iterd\u00e9partemental\nde l'\u00e9conomie, de l'emploi du travailet des solidarit\u00e9s d'\u00cele-de-France\n'Vu la d\u00e9cision  n\u00b0 2025-157  du  25  ao\u00fbt  2025  portant  subd\u00e9l\u00e9gation  de  signature  de  Monsieur\nFabrice  MASI,  Directeur  r\u00e9gional  et interd\u00e9partemental  de  l'\u00e9conomie,  de  l'empli,  du\ntravail et  des  soldari\u00e9s  d'le-de-France,  aux  agents  de  l'Unit\u00e9  d\u00e9partementale  des  Hauts.\nde-Seine  ;\nVu  la d\u00e9ctaration  d'actvit\u00e9s de  services  \u00e0  la personne  d\u00e9pos\u00e9es le 10  d\u00e9cembre  2025  au  nom\nde  la micro-entreprise  BOURCIER  COLAS  VIRGILE  sise  \u00a7  Cite  Barat  \u00e0  ASNIERES-SUR-\nSEINE  (92600)  ;\n\n'Apres examen  du dossier, cette demande  \u00e9tant conforme aux dispositions de l'article L. 7232-1\n1 du code  du traval, le pr\u00e9sent  r\u00e9c\u00e9piss\u00e9  de d\u00e9ctaration d  activit\u00e9s de services \u00e0 la personne  a\n\u00e9t\u00e9  enregistr\u00e9  au  nom  de  la micro-entreprise  BOURCIER  COLAS  VIRGILE  sous  le num\u00e9ro  SAP\n1994828501\nLes  activites d\u00e9clar\u00e9es  sont  les suivantes,  \u00e0 l'exclusion de  toute autre :\n= Entrotion  de  la maison  ot travaux  m\u00e9nagers  ;\nPrestations  relevant  du b\u00e9n\u00e9fice  de la r\u00e9duction  d'imp\u00f4t pr\u00e9vue  \u00e0 Varicle  199 sexdecies du Code\nG\u00e9n\u00e9ral  des  Imp\u00f4ts.\nLa  structure  exerce  ces  activit\u00e9s  selon  le mode  suivant  : PRESTATAIRE\nSous  r\u00e9serve d'\u00eatre exerc\u00e9es  \u00e0 tire exclusif parle d\u00e9clarant (ou sous  r\u00e9serve d'une comptablit\u00e9\ns\u00e9par\u00e9e pour  les  personnes  morales  dispens\u00e9es de a  condition d'actvi\u00e9  exclusive), ces  activit\u00e9s\nouvrent droit au  b\u00e9n\u00e9fice des  dispositions des  articles L. 7233-2  du code du travail et L. 241-10,\ndu  code  de  la s\u00e9curt\u00e9  sociale.\n'Conform\u00e9ment  aux  dispositions  de  Faticle  R7232-19  du  code  du  travail, l'organisme  d\u00e9clar\u00e9  doit\nproduire au moins chaque  trimestre un \u00e9tat d'activit\u00e9 et chaque ann\u00e9e  un bilan quantitatif et\nqualtatf de l'activit\u00e9 exerc\u00e9e  au  tite de l'ann\u00e9e \u00e9coul\u00e9e  ainsi qu'un tableau statistique annuel\nSi l'organisme  d\u00e9clar\u00e9  comporte  plusieurs  \u00e9tablissements,  les \u00e9tats statistiques et le bilan annuel\ndistinguent  activit\u00e9 exerc\u00e9e  par  chaque  \u00e9tablissement\nLe  pr\u00e9sent  r\u00e9c\u00e9piss\u00e9  prend  effet le 10  d\u00e9combre  2025.\nL'enregistrement de la d\u00e9claration  pourra tre  retir\u00e9 si l'organisme d\u00e9clar\u00e9  cess\nles conditions  ou  de  respecter  les  obligations  mentionn\u00e9es  aux  4\nR7232-17  ou  qui  m\u00e9connait  les obligations  d\u00e9finies  \u00e0 l'article R7232- du  code  du  travail.\n'Toute modification concemant  la structure d\u00e9clar\u00e9e ou les activit\u00e9s exerc\u00e9es devra, sous\npeine  de  retrait de  la d\u00e9claration, faire l'objet dune  d\u00e9claration  modificative  aupr\u00e8s  de  {Unit\u00e9\nd\u00e9partementale  des  Hauts-de-Seine\nbe  pr\u00e9sent  r\u00e9\u00e9pian  sara  publ  au  reuel  des  cs  intra  de  a  prfectre des  Hauts.\nde-Seine,\nFait \u00e0  Nanterre, le 16 d\u00e9cembre  2025.\nPour  lo Pritt\nPar  d\u00e9l\u00e9gation  et subd\u00e9l\u00e9gation\nLa  Responsable  du service\nD\u00e9veloppement  de  empla  et des\ncomp\u00e9tences\nee\nMariama CONDE\n\nEx  Direction  r\u00e9gionale et interd\u00e9partementale\nMINIST\u00c8RE de l'\u00e9conomie, de l'emploi,\nDU  TRAVAIL, DE LA SANT\u00c9, du travailet des solidarit\u00e9s\nDES  SOLIDARIT\u00c9S\nET  DES  FAMILLES\nR\u00e9c\u00e9piss\u00e9  n*2025-726  de  d\u00e9claration d'activit\u00e9s de  services  \u00e0 la personne\nenregistr\u00e9e  sous  le n\u00b0 SAP994829034  au  nom  de  la micro-entreprise  BAHMED\nKENZI  sise 60  Rue  du  Tertre \u00e0 SURESNES  (92150)\nLE  PREFET  DES  HAUTS-DE-SEINE\nVu  la loi n\u00b0 2010-863  du  23 jullet 2010  relative aux r\u00e9seaux  consulaires, au commerce  et \u00e0\nl'artisanat et aux services  (article 31);\nVu  la loi 1\u00b02018-1776  du 28 d\u00e9cembre  2015  relative \u00e0 l'adaptation de la soci\u00e9t\u00e9 au\nvieilissement ;\nVu  l'aricie D7231-1  du Code  du travail;\nVu  les d\u00e9crets n\u00b0 2011-1132  et n\u00b0 2011-1133  du 20  septembre  2011  modifiant certaines\ndispositions du  Code  du travail, relatives au ch\u00e8que  emploi-service universel et aux\nservices  \u00e0 la personne  ;\n'Vu le d\u00e9crot  \"2016-750  du 6 juin 2016 relat \u00e0 la  iste des activit\u00e9s de services \u00e0 la personne\nsoumises & agr\u00e9ment  ou \u00e0 autorisationdans le cadre du r\u00e9gime  commun  dela d\u00e9caration ;\nVu  le d\u00e9cret du  31 octobre 2024  portant nomination  de Monsieur  Alexandre  BRUGERE,  en\nqualt\u00e9 de  Pr\u00e9fet des  Hauts-de-Seine  ;\nVu  l'arr\u00e9t\u00e9 interministerie! du  12 ao\u00fbt 2025  nommant  Monsieur  Fabrice MASI,  Directeur\nr\u00e9gionalet interd\u00e9partemental de l'\u00e9conomie, de  l'emploi, du travailet des solidarit\u00e9s d'le-\n'de-France  \u00e0 compter  du  25  ao\u00fbt  2025 ;\nVu  l'arr\u00eat\u00e9 pr\u00e9fectoral n\u00b0202533  du 22 ao\u00fbt 2025  par lequel le Pr\u00e9fet des  Hauts-de-Seine\nd\u00e9l\u00e8gue  sa signature \u00e0 Monsieur  Fabrice MASI, Directeur r\u00e9gional et interd\u00e9partemental\nde l'\u00e9conomie, de l'emploi, du travail et des solidarit\u00e9s d'\u00cele-de-France ;\nVu  la d\u00e9cision n\u00b0 2025-157  du 25 ao\u00fbt 2025  portant subd\u00e9l\u00e9gation de signature de Monsieur\nFabrice MASI,  Directeur r\u00e9gional et interd\u00e9partemental de  l'\u00e9conomie, de l'emploi, du\ntraval et des  soidarit\u00e9s d le-de-France,  aux  agents  de  l'Unit\u00e9 d\u00e9partementale  des  Hauts-\nde-Seine  ;\nVu  la d\u00e9claration  d'activit\u00e9sde services \u00e0 la personne  d\u00e9pos\u00e9es  le 10 d\u00e9cembre  2025  au  nom\nde  la micro-entreprise BAHMED  KENZI  sise 60  Rue  du  Tertre \u00e0 SURESNES  (82150) ;\n\n'Apr\u00e8s examen  du  dossier, cette demande  \u00e9tant conforme  aux  dispositions  de  article L. 7232-1-\n1 du code  du traval  le pr\u00e9sent  r\u00e9c\u00e9piss\u00e9  de d\u00e9claration d  activit\u00e9s de services la  personne  a\n\u00e9t\u00e9 enregistr\u00e9 au nom  de  la micro-entreprise BAHMED  KENZI  sous  le num\u00e9ro  SAP  994829034.\nLes  actvi\u00e9s  d\u00e9clar\u00e9es  sont les suivantes,  \u00e0  l'exclusion de  toute  autre\n= Entretien  de la  maison  et  travaux  m\u00e9nagers ;\nPrestations  relevant du  b\u00e9n\u00e9fice  dela  r\u00e9duction  d'imp\u00f4t  pr\u00e9vue  \u00e0 l'article 199  sexdecies  du  Code\n(G\u00e9n\u00e9ral  des  Imp\u00f4ts.\nLa  structure  exerce  ces  activit\u00e9s  selon  le mode  suivant  : PRESTATAIRE\n'Sous  r\u00e9serve  d'\u00eatre exerc\u00e9es  \u00e0 tire exclusif par  le d\u00e9clarant  (ou  sous r\u00e9serve  d'une  comptabilit\u00e9\ns\u00e9par\u00e9e  pour  les personnes  morales  dispens\u00e9es  de  ia condition  activit\u00e9 exclusive)  ces  activites\n'ouvrent droit au b\u00e9n\u00e9fice des dispositionsdes articles L. 7233-2  du code du travail et L. 241-10,\ndu  code  de  la s\u00e9curit\u00e9 sociale.\nConform\u00e9ment  aux  dispositions de  l'article R7232-19  du code  du  travail, l'organisme d\u00e9clar\u00e9 doit\nproduire  au  moins  chaque  timestre  un  \u00e9tat d'activit\u00e9 et chaque  ann\u00e9e  un  bilan quanttatt  et\nualtaf  de  Factvi\u00e9  exerc\u00e9e  au  tre  de l'ann\u00e9e \u00e9coul\u00e9e  ainsi qu'un tableau statistique annuel.\nSi l'organisme d\u00e9clar\u00e9 comporte  plusieurs \u00e9tablissements, les \u00e9tats statistiques et le bilan annuel\ndistinguent  l'actit\u00e9 exerc\u00e9e  par  chaque  \u00e9tablissement.\nLe  pr\u00e9sent  r\u00e9c\u00e9piss\u00e9  prend  effet le 10 d\u00e9cembre  2025.\nL'enregistrement  de  la d\u00e9claration  pourra  \u00eatre retir\u00e9 si l'organisme  d\u00e9clar\u00e9  cesse  de remplir\nles conditions  ou  de  respecter  les  obligations  mentionn\u00e9es  aux  4\u00b0,5\u00b0 et 6\u00b0 do  l'article\n723217 ou  qui m\u00e9connalt les obligations d\u00e9finies \u00e0 l'article R7232-19  du  code  du  travail.\npeine de  retrat dela  d\u00e9claration, fare objet  dune  decaraion  modticalve  aupr\u00e9s  de l'Unit\u00e9\nd\u00e9partementale  des  Hauts-de-Seine.\nLe  pr\u00e9sent  r\u00e9c\u00e9piss\u00e9  sera  publi\u00e9 au  recueil des  actes  administratifs de la pr\u00e9fecture  des Hauts-\nde-Seine,\nFait \u00e0  Nanterre, le 18 d\u00e9cembre  2025,\nPour lo Pr\u00e9fet\nPar d\u00e9l\u00e9gation et subd\u00e9l\u00e9gation\nLa  Responsable du service\nD\u00e9veloppement  de  l'emploi  et des\ncomp\u00e9tences.\nen\nMarlama  CONDE\n\nEx  Direction r\u00e9gionale et interd\u00e9partementale\nMINIST\u00c8RE  de l'\u00e9conomie, de l'emploi,\nDU  TRAVAIL, DE LA SANT\u00c9, du travail et des solidarit\u00e9s\nDES  SOLIDARIT\u00c9S\nET  DES  FAMILLES\nA\nR\u00e9c\u00e9piss\u00e9  n\u00b02025-727  de  d\u00e9claration d'activit\u00e9s de  services  \u00e0 la personne\nenregistr\u00e9e  sous  le n\u00b0 SAP994538718  au  nom  de  la micro-entreprise  KALONDA\njor  Aicha  sise 113  Route  De  la reine \u00e0 BOULOGNE-BILLANCOURT  (92100)\nLE  PREFET  DES  HAUTS-DE-SEINE\nVu  la loi n\u00b0 2010-853 du 23 jullet 2010  relative aux  r\u00e9seaux  consulaires, au commerce et &\nl'artisanat et aux  services  (article 31);\n'Vu la loi n\u00b02015-1776  du 28  d\u00e9cembre  2015  relative \u00e0 l'adaptation de la soci\u00e9t\u00e9 au\nvellissement :\nVu  l'aricle 07231-1  du  Code  du  traval\nVu  les d\u00e9crets n\u00b0 2011-1132  et n\u00b0 2011-1133  du  20  septembre  2011  modifiant certaines\ndispositions du Code  du  traval, relatives au ch\u00e8que  emploi-service universel et aux\nservices \u00e0 la personne  ;\nVu  le d\u00e9cret n\u00b02016-750  du 6 juin 2016 relatif \u00e0 a  iste des  activit\u00e9s de  services \u00e0 a  personne\nsoumises \u00e0 agr\u00e9ment  ou \u00e0 autorisation dans  lecadre  du r\u00e9gime  commun  dela d\u00e9claration ;\n'Vu le d\u00e9cret du  31 octobre 2024  portant nomination de Monsieur  Alexandre  BRUGERE,\n'qualit\u00e9 de Pr\u00e9fet des Hauts-de-Seine ;\nVu  l'ar\u00eat\u00e9 interminist\u00e9riel du  12 ao\u00fbt 2025  nommant  Monsieur  Fabrice MASI, Directeur\nr\u00e9gional et interd\u00e9partementalde l'\u00e9conomie, de l'emploi, du travailet des solidarit\u00e9s d'le-\n'de-France \u00e0 compler  du 25 ao\u00fb  2025 ;\nVu  l'arr\u00eat\u00e9 pr\u00e9fectoral n\u00b02025-33  du  22  ao\u00fbt 2025  par lequel le Pr\u00e9fet des  Hauts-de-Seine\nd\u00e9l\u00e8gue  sa signature \u00e0 Monsieur  Fabrice MASI, Directeur r\u00e9gional et interd\u00e9partemental\n'de l'\u00e9conomie, de l'emploi, du travail et des solidarit\u00e9s d'\u00cele-de-France\nVu  la d\u00e9cision n\u00b0 2025-157  du 25 ao\u00fbt 2025  portant subd\u00e9l\u00e9gation de signature de  Monsieur\nFabrice MASI, Directeur r\u00e9gional et interd\u00e9partemental de  \u00e9conomie,  de l'emploi, du\ntraval  et des  soidarit\u00e9s  d'lle-de-France, aux  agents  de  l'Unit\u00e9 d\u00e9partementale  des  Hauts-\nde-Seine  ;\nVu  la d\u00e9claration d'activit\u00e9sde services \u00e0 la personne  d\u00e9pos\u00e9es le 11 d\u00e9cembre  2025  au nom\nde  la micro-entreprise KALONDA  Djor Alcha  sise 113 Route  De  la reine \u00e0 BOULOGNE-\nBILLANCOURT  (82100)  ;\n\n'Apr\u00e8s examen  du  dossier, cette demande  \u00e9tant  conforme  aux  dispositions de  Fartcle L. 7232-1-\n1 du  code  du traval  le pr\u00e9sent  r\u00e9c\u00e9piss\u00e9  de d\u00e9ciaration \u00a2 activit\u00e9s de services \u00e0 la person\n\u00e9t\u00e9  enregistr\u00e9  au  nom  de  la micro-entreprise  KALONDA  Djor Alcha  sous  le num\u00e9ro  SAP\n994538718,\nLes  activites d\u00e9clar\u00e9es  sont  les suivantes,  \u00e0 l'exclusion de  toute autre\nEntretien  de  la maison  et travaux  m\u00e9nagers  ;\nGarde  d'enfants de plus de trois  ans  \u00e0 domicile;\nPrestations  relevant  du  b\u00e9n\u00e9fice  de  la r\u00e9duction  d'imp\u00f4t  pr\u00e9vue  \u00e0 l'ricie  199  sexdecies du Code\nG\u00e9n\u00e9ral  des  Imp\u00f4ts.\nLa  structure  exerce  ces  activit\u00e9s  selon  le  mode  suivant  : PRESTATAIRE\nSous  r\u00e9serve  d'\u00eatre exerc\u00e9es  \u00e0 tire exclusif par le d\u00e9clarant  (ou sous r\u00e9serve  d'une  comptablit\u00e9\ns\u00e9par\u00e9e  pour  les personnes  morales  dispens\u00e9es  de  la condition  d activit\u00e9 exclusive)  ces  activites\nouvrent  droit au  b\u00e9n\u00e9fice  des  dispositions des  articles L. 7233-2  du  code  du  travail et L. 241-10\n'du code  de  la s\u00e9curit\u00e9  sociale.\nConform\u00e9ment  aux  dispositions de  l'article R7232-19  du  code  du  travail l'organisme  d\u00e9clar\u00e9  doit\nproduire au moins chaque  trimestre un \u00e9tat d'activit\u00e9 et chaque  ann\u00e9e  un bilan quanttatf et\n'qualtaif de  l'activit\u00e9 exerc\u00e9e  au te  de  l'ann\u00e9e \u00e9coul\u00e9e  ainsi qu'un tableau statistique annuel.\nSi organisme  d\u00e9clar\u00e9  comporte  plusieurs  \u00e9tablissements,  les \u00e9tats statistiques et le bilan annuel\ndistinguent  Factivite exerc\u00e9e  par  chaque  \u00e9tablissement.\nLe  pr\u00e9sent  r\u00e9c\u00e9piss\u00e9  prond  offet le 11 d\u00e9cembre  2025.\nL'enregistrement de la d\u00e9claration  pourra  \u00eatre retir\u00e9 ai l'organisme  d\u00e9clar\u00e9  cosse  de remplir\nles  conditions  ou  de  respocter  les  obligations  mentionn\u00e9es  aux  4\u00b0,5\" et 6\u00b0 de  l'article\nR723217 ou qui  m\u00e9connalt  les obligations  d\u00e9finies  \u00e0 l'article R7232-19  du code du travail,\n'Toute modification concernant la structure d\u00e9clar\u00e9e ou les activit\u00e9s exerc\u00e9es devra, sous\nDeine  de  retrait de  fa d\u00e9claration, faire Fobjet dune  d\u00e9claration  modiicative  aupr\u00e9s  de  l'Unit\u00e9\nd\u00e9partementale  des  Hauts-de-Seine.\nLe  pr\u00e9sent  r\u00e9c\u00e9piss\u00e9  sera publi\u00e9 au  recuell  des  actes  administratifs de  la pr\u00e9fecture  des  Hauts.\nde-Seine.\nFait \u00e0 Nanterre,  le 16 d\u00e9cembre 2025,\nPour  le Pr\u00e9fot\nPar  d\u00e9l\u00e9gation  ot subd\u00e9l\u00e9gation\nLa  Responsable  du  service\nD\u00e9veloppement  de  l'emploi  et  des.\ncomp\u00e9tences\nMariama  CONDE\n\nEs  Direction  r\u00e9gionale et interd\u00e9partementale\nMINIST\u00c8RE  de l'\u00e9conomie, de l'emploi,\nDU  TRAVAIL,  DE  LA  SANT\u00c9,  du travail et des solidarit\u00e9s\nDES  SOLIDARIT\u00c9S\nET  DES  FAMILLES\nA\nR\u00e9c\u00e9piss\u00e9  n\u00b02025-728  de  d\u00e9claration  d'activit\u00e9s  de  services \u00e0 la personne\nenregistr\u00e9e  sous  le n\u00b0 SAP994984276  au nom  de  la micro-entreprise  DOUBENKO\nJANETTA  sise  92  Rue  Diderot  \u00e0  RUEIL-MALMAISON  (82500)\nLE  PREFET  DES  HAUTS-DE-SEINE\nVu  la loi n\u00b0  2010-853  du  23  Jullet 2010  relative  aux  r\u00e9seaux  consulaires,  au  commerce  et  \u00e0\nl'artisanat et aux  services  (article 31)\nVu  Ia li  n\u00b02015-1776  du  28  d\u00e9cembre  2015  relative  \u00e0  l'adaptation  de  la soci\u00e9t\u00e9  au\nvieilissement\nile  D7231-1 du Code  du travail;\nVu  les d\u00e9crets n\u00b0 2011-1132  et n\u00b0 2011-1133  du  20  septembre  2011  modifiant certaines\ndispositions du  Code  du  avai,  relatives au  ch\u00e8que  emploi-service  universel et aux\nservices  \u00e0 la personne  ;\nVu  le d\u00e9cret \"2016-750  du  6 juin 2016 relatif \u00e0 la iste des activit\u00e9sde services  \u00e0 a  personne\nsoumises \u00e0 agr\u00e9ment  ou  \u00e0 autorisation dans  lecadre  du  r\u00e9gime  commun  de  la d\u00e9claration\nVu  le d\u00e9cret  du  31 octobre  2024  portant  nomination  de  Monsieur  Alexandre  BRUGERE,  en\nquait\u00e9 de Pr\u00e9fet des Hauts-de-Seine ;\nVu  l'arr\u00eat\u00e9 interminist\u00e9riel du  12 ao\u00fbt 2025  nommant  Monsieur  Fabrice MASI, Directeur\nr\u00e9gional et interd\u00e9partementalde l'\u00e9conomie, de l'emploi, du travailet des solidarit\u00e9s d'le-\nde-France \u00e0  compter  du  25  ao\u00fbt  2025 ;\nVu  Tarr\u00e9te  pr\u00e9fectoral n'2025-39  du  22  ao\u00fbt  2025  par  lequel ie Pr\u00e9fet des  Hauts-de-Seine\nd\u00e9l\u00e8gue  sa  signature  \u00e0 Monsieur  Fabrice  MASI,  Directeur  r\u00e9gional et iterd\u00e9partemental\nde l'\u00e9conomie, de  l'emploi du travail et des  solidarit\u00e9s d'\u00cele-de-France;\nVu  la d\u00e9cision  n\u00b0 2025-187  du  25  ao\u00fbt  2025  portant  subd\u00e9l\u00e9gation  de  signature  de  Monsieur\nFabrice  MASI,  Directeur  r\u00e9gional  et interd\u00e9partemental  de  l'\u00e9conomie, de  l'emploi, du\ntravail et des  solidarit\u00e9s d'le-de-France,  aux agents de  l'Unit\u00e9 d\u00e9partementale  des  Hauts-\ndeSeine  ;\nVu  la d\u00e9claration  activit\u00e9s de services  \u00e0 la personne  d\u00e9pas\u00e9es  le 11 d\u00e9cembre 2025 au nom\nde  la micro-entreprise  DOUBENKO  JANETTA  sise 82  Rue  Diderot  \u00e0  RUEIL-MALMAISON\n(82500)\n\n'Apr\u00e8s examen  du dossier, cette demande  \u00e9tant conforme  aux  dispostions de  l'article L. 7232-1-\n1 du  code  du  traval, le pr\u00e9sent  r\u00e9c\u00e9piss\u00e9  de  d\u00e9ciaration  d activites de  services  \u00e0  la personne\n\u00e9t\u00e9 enregistr\u00e9  au  nom  de  la micro-entreprise  DOUBENKO  JANETTA  sous  le num\u00e9ro  SAP\n994984276,\nLes  activit\u00e9s d\u00e9clar\u00e9es  sont les suivantes,  & l'exclusion de toute autre\nEntretien  de  la maison  ot travaux  m\u00e9nagers  ;\nPrestations relevant du b\u00e9n\u00e9fice  dela  r\u00e9duction d'imp\u00f4t  pr\u00e9vue  \u00e0 'aricle 199 sexdecies du Code\nG\u00e9n\u00e9ral  des  Imp\u00f4ts.\nLa  structure  exerce  ces  activit\u00e9s  solon  le mode  suivant  : PRESTATAIRE\nSous  r\u00e9serve  d'\u00eatre exerc\u00e9es  \u00e0  ttre exclusf  par  le d\u00e9clarant  (ou  sous  r\u00e9serve  d'une  comptablit\u00e9\n's\u00e9par\u00e9e  pour  les personnes  morales  dispens\u00e9es  de  ia condition  activit\u00e9  exclusive). ces  activit\u00e9s\n'ouvrent droit au  b\u00e9n\u00e9fice des  dispositions des  articles L. 7233-2  du  code  du  travail et L. 241-10\ndu  code  de  la s\u00e9curit\u00e9 sociale\nConform\u00e9ment  aux  disposons  de  article R7232-19  du  code  du  traval, organisme  d\u00e9clar\u00e9  doit\nproduire  au moins  chaque  trimestre un \u00e9tat d'activit\u00e9 et chaque  ann\u00e9e  un bilan  quantiatet\nqualtatf de Factwite exerc\u00e9e  au tire de l'ann\u00e9e \u00e9coul\u00e9e  ainsi qu'un  tableau  statistique annuel.\nSi l'organisme  d\u00e9clar\u00e9  comporte  plusieurs  \u00e9tablissements,  les \u00e9tats statistiques et le bilan annuel\ndistinguent  l'actit\u00e9  exerc\u00e9e  par  chaque  \u00e9tablissement\nLo  pr\u00e9sent  r\u00e9c\u00e9piss\u00e9  prend  effet le 11 d\u00e9combre  2028.\nL'enregistrement de la d\u00e9claration  pourra  \u00eatre retir\u00e9 l'organisme  d\u00e9clar\u00e9  cesse  de remplir\nles conditions  ou  de  respecter les  obligations  mentionn\u00e9es  aux  4',5\u00b0 et 6\u00b0 de  l'article\n7232-47  ou  qui  m\u00e9connalt  les obligations  d\u00e9finies  \u00e0 l'aricie R7232-19  du  code  du  travail.\nevra,  sous\npane  de rer  dela  declaration, fore Tobjet dune  d\u00e9coration modicave  aupr\u00e9s de TUnke\nd\u00e9partementale  des  Hauts-de-Seine.\nLe  pr\u00e9sent  r\u00e9c\u00e9piss\u00e9  sera publi\u00e9  au recuell  des  actes  administratifs de la pr\u00e9fecture des  Hauts\nde-Seine,\nFait \u00e0  Nanterre,  le 18 d\u00e9cembre  2025,\nPour  le Pr\u00e9fet\nPar  d\u00e9l\u00e9gation  ot subd\u00e9l\u00e9gation\nLa  Responsable  du  service\nD\u00e9veloppement  de  l'emploi  et des.\ncomp\u00e9tences\nEds\n'Mariama CONDE\n\n=a  Direction r\u00e9gionale ot interd\u00e9partementale\nNIST\u00c8RE  de l'\u00e9conomie, de l'emploi,\nBU VRANAL, DE LA SANT\u00c9, du travalat des soldats\nDES  SOLIDARIT\u00c9S\nET  DES  FAMILLES\nfee\nR\u00e9c\u00e9piss\u00e9  n\u00b02025-729  de  d\u00e9claration  d'activit\u00e9s de services \u00e0 la personne\nenregistr\u00e9e  sous  le n\u00b0 SAP994847333  au  nom  de la micro-entreprise  Terry\nDEGRAS  sise  1 Parvis  du  Breuil  \u00e0 RUEIL-MALMAISON  (92500)\nLE  PREFET  DES  HAUTS-DE-SEINE\nVu  la loi n\u00b0 2010-853  du  23 jullet 2010  relative aux  r\u00e9seaux  consulaires,  au  commerce  et \u00e0\nl'artisanat et aux  services  (article 31)\nVu  la loi n\u00b02018-1776  du  28  d\u00e9cembre  2015  relative \u00e0 l'adaptation de  la soci\u00e9t\u00e9  au\nviilissement ;\nVu  l'aticle 7231-1  du  Code  du  travai\nVu  les d\u00e9crets n\u00b0 2011-1132  et n\u00b0 2011-1133  du 20  septembre  2011  modifiant certaines\ndispositions du  Code  du  travail, relatives au  ch\u00e8que  emploi-service  universel  et aux\nservices  \u00e0 la personne  ;\nVu  le d\u00e9cret  n\u00b02016:750 du 6 juin 2016  relatif\u00e0 la liste des activites de services \u00e0 la personne\nsoumises  & agr\u00e9ment  ou \u00e0 autorisation dans le cadre  du  r\u00e9gime  commun  dela  d\u00e9claration ;\nVu  le d\u00e9cret  du  31 octobre  2024  portant  nomination  de  Monsieur  Alexandre  BRUGERE,  en\nqualit\u00e9 de Pr\u00e9fet des Hauts-de-Seine;\nVu  l'\u00e9t\u00e9  interminist\u00e9riel du  12 ao\u00fbt  2025  nommant  Monsieur  Fabrice  MASI,  Directeur\nr\u00e9gional et interd\u00e9partementalde l'\u00e9conomie, de l'emploi du travalet des solidarit\u00e9s d'le-\nde-France \u00e0 compter  du  25  ao\u00fbt  2025  ;\narr\u00e9t\u00e9 pr\u00e9fectoral n\u00b02025-33  du  22  ao\u00fbt  2025  par  leque  le Pr\u00e9fet des  Hauts-de-Seine\nd\u00e9t\u00e8que  sa  signature  \u00e0 Monsieur  Fabrice  MASI,  Directeur  r\u00e9gional et imterd\u00e9partemental\nde l'\u00e9conomie, de l'emploi, du travail et es  soldart\u00e9s 'le-de-France;\nvu\nVu  la d\u00e9cision  n\u00b0 2025-187  du  25  ao\u00fbt  2025  portant  subd\u00e9l\u00e9gation  de  signature  de  Monsieur\nFabrice  MASI,  Directeur  r\u00e9gional  et interd\u00e9partemental  de  l'\u00e9conomie,  de  l'emploi. du\ntravail et des  solidart\u00e9s  d'\u00cele-de-France, aux  agents  de  I Unit\u00e9  d\u00e9partementale  des  Hauts\nde-Seine\nVu  la d\u00e9ctaratin  d'activit\u00e9s de services  \u00e0 la personne  d\u00e9pos\u00e9es  le 11 d\u00e9cembre  2025 au nom\nde  la micro-entreprise  Tery  DEGRAS  sise 1 Parvis  du  Breull \u00e0 RUEIL-MALMAISON\n(82500);\n\nApr\u00e8s  examen  du  dossier, cette demande  \u00e9tant conforme  aux  dispositions de article L. 7232-1-\n1 du  code  du  traval, le pr\u00e9sent  r\u00e9c\u00e9piss\u00e9  de  d\u00e9ciaration  activit\u00e9s  de  services  la personne  a\n\u00e9t\u00e9  enregistr\u00e9 au nom  de  la micro-entreprise Terry DEGRAS  sous  le num\u00e9ro  SAP  994847333,\nLes  activit\u00e9s d\u00e9clar\u00e9es  sont les suivantes,  \u00e0  l'exclusion de  toute autre\nEntretien de la maison  et travaux  m\u00e9nagers  ;\nPrestations  relevant  du  b\u00e9n\u00e9fice  de  la r\u00e9duction  d'imp\u00f4t  pr\u00e8vue  \u00e0 'ricie 199  sexdecies  du  Code\nG\u00e9n\u00e9ral  des  Impts.\nLa  structure  exerce  ces  activit\u00e9s  solon  le mode  suivant  : PRESTATAIRE\nSous  r\u00e9serve d'\u00eatre exerc\u00e9es  \u00e0 ttre exclusif par le d\u00e9clarant (ou sous  r\u00e9serve d'une comptabiit\u00e9\ns\u00e9par\u00e9e  pour  les personnes  morales  dispens\u00e9es  de  la condition  d activit\u00e9 exclusive), ces  activit\u00e9s.\n'ouvrent droit au b\u00e9n\u00e9fice  des  dispositions  des  articles L. 7233-2  du code  du  travail et L. 241-10\n'du code  de  la s\u00e9curit\u00e9 sociale.\n(Conform\u00e9ment  aux  dispositions  de  article R7232-19  du  code  du  taval,  l'organisme  d\u00e9clar\u00e9  doit\nproduire au moins  chaque  trimestre un \u00e9tat dactivit\u00e9 et chaque  ann\u00e9e  un  bilan quantitatif et\nqualtatf  de  tactvit\u00e9  exerc\u00e9e  au  tire de  l'ann\u00e9e  \u00e9coul\u00e9e  ainsi qu'un  tableau  statistique annuel.\nSi l'organisme  d\u00e9clar\u00e9  comporte  plusieurs \u00e9tablissements,  les \u00e9tats statistiques et le bilan annuel\ndistinguent  activit\u00e9  exerc\u00e9e  par  chaque  \u00e9tablissement.\nLe  pr\u00e9sent  r\u00e9c\u00e9piss\u00e9  prend  effet le 11 d\u00e9cembre  2028.\nL'enregistrement de la d\u00e9claration  pourra \u00eatre retir\u00e9 si l'organisme  d\u00e9clar\u00e9  cesse  de remplir\nles conditions  ou  de  respecter  les obligations  mentionn\u00e9es  aux  4\u00b0,6\u00b0 et 6\u00b0 de  l'article\nR7232417  ou  qui m\u00e9connalt les obligations d\u00e9finies \u00e0 l'article R7232-19  du  code du travail.\ndevra,  sous\npaie de reai  de To d\u00e9claration, fare objet dune d\u00e9claration modeste aupr\u00e9s de FUnit\u00e9\n'd\u00e9partementale  des  Hauts-de-Seine.\nLe pr\u00e9sent r\u00e9c\u00e9piss\u00e9 sera publi\u00e9 au recuell des actes administratifs de a  pr\u00e9fecture des  Hauts-\nde-Seine.\nFait  \u00e0 Nanterre,  le 16 d\u00e9cembre 2025.\nPour  le Pr\u00e9fet\nPar  d\u00e9l\u00e9gation  ot subd\u00e9l\u00e9gation\nLa  Responsable  du  sorvice\nD\u00e9veloppement  de  l'emploi  ot des\ncomp\u00e9tences\narlma CONDE\n\n=n  Direction r\u00e9gionale  et interd\u00e9partementale\nMINISTERE  'de l'\u00e9conomie, de remo},\nDU  TRAVAIL,  DE  LA  SANT\u00c9,  du traval et des solidarit\u00e9s\nDES  SOLIDARIT\u00c9S\nET  DES  FAMILLES\n=.\nR\u00e9c\u00e9piss\u00e9  n\u00b02025-730  de  d\u00e9claration  d'activit\u00e9s de  services  \u00e0 la personne\nenregistr\u00e9e  sous  le n\u00b0 SAP995006020  au  nom  de  la micro-entreprise  Lea\nGUILLEVIC  sise 28 Boulevard  de  Stalingrad \u00e0 MALAKOFF  (92240)\nLE  PREFET  DES  HAUTS-DE-SEINE\nVu  la loi n\u00b0 2010-853  du 23  jullet 2010  relative aux  r\u00e9seaux  consulaires, au commerce  et \u00e0\nl'artisanat et aux  services  (article 31) ;\n'Vu la loi n\u00b02015-1778  du  28  d\u00e9cembre  2015  relative \u00e0 l'adaptation de  la soci\u00e9t\u00e9 au\nviellissement ;\n'Vu article  07231-1  du  Code  du  travail;\nVu  les d\u00e9crets n\u00b0 2011-1132  et n\u00b0 2011-1133  du  20 septembre  2011  modifiant certaines\ndispostions du Code  du  travail, relatives au  ch\u00e8que  emplo-service  universel et aux\nservices  \u00e0 la personne\nVu  le d\u00e9cret n\u00b02016-750  du 6 jun 2016  relatif \u00e0 la liste des  activit\u00e9s de services \u00e0 la personne\nsoumises  \u00e0 agr\u00e9ment ou \u00e0 autorisation dans le cadre  du  r\u00e9gime  commun  dela d\u00e9claration  ;\nVu  le d\u00e9cret du 31 octobre 2024  portant nomination de  Monsieur  Alexandre  BRUGERE,  en\nqualit\u00e9 de Pr\u00e9fet des Hauts-de-Seine ;\nVu  l'ar\u00e9t\u00e9 interminist\u00e9riel du 12 ao\u00fbt 2025  nommant  Monsieur  Fabrice MASI,  Directeur\nr\u00e9gional  ot interd\u00e9partemental  de  l'\u00e9conomie,  de  l'emploi, du  travail et des  solidarit\u00e9s dle\nde-France  \u00e0 compter  du  25  ao\u00fbt  2025\nvu arr\u00e9t\u00e9 pr\u00e9fectoral n\u00b0202533  du  22  ao\u00fbt  2025  par  lequel le Pr\u00e9fet des  Hauts-de-Seine\nd\u00e9l\u00e8gue  sa  signature  \u00e0 Monsieur  Fabrice  MASI,  Directeur  r\u00e9gional et interd\u00e9partemental\nde l'\u00e9conomie, de l'emploi, du traval et des solidarit\u00e9s d'\u00cele-de-France ;\nVu  la d\u00e9cision n\u00b0 2025-157  du  25  ao\u00fbt 2025  portant subd\u00e9l\u00e9gation de  signature de  Monsieur\nFabrice  MASI,  Directeur  r\u00e9gional et interd\u00e9partemental  de  l'\u00e9conomie,  de  l'emploi. du\ntravail ot des  soldari\u00e9s  d'le-de-France,  aux  agents  de  l'Unit\u00e9 d\u00e9partementale  des  Hauts.\nde-Seine\nVu  la d\u00e9claration d activit\u00e9s de services \u00e0 la personne  d\u00e9pos\u00e9es  le 12 d\u00e9cembre  2025  au nom\nde la micro-entreprise Lea  GUILLEVIC  sise 28  Boulevard  de  Stalingrad \u00e0 MALAKOFF\n(82240):\n\n'Apr\u00e8s examen  du dossier, cette demande  \u00e9tant conforme aux dispositions de l'article L, 7232-1-\n1 du  code  du  traval le pr\u00e9sent r\u00e9c\u00e9piss\u00e9 de d\u00e9claration d'activit\u00e9s de  services ala personne  a\n\u00e9t\u00e9 enregistr\u00e9 au nom  de la micro-entreprise Lea  GUILLEVIC  sous  le num\u00e9ro  SAP  995006020.\nLes  activites d\u00e9clar\u00e9es sont les suvantes,  a l'exclusion de toute autre\n~ _Entrotion de la maison  et travaux  m\u00e9nagers  ;\nPrestations relevant du  b\u00e9n\u00e9fice de  la r\u00e9duction d'imp\u00f4t pr\u00e9vue  \u00e0 l'aile  199  sexdecies  du Code\nG\u00e9n\u00e9ral  des  Imp\u00f4ts.\nLa  structure exerce  ces  activit\u00e9s selon  le mode  suivant  : PRESTATAIRE\n'Sous r\u00e9serve d'\u00eatre exerc\u00e9es \u00e0 tire exclusif par le d\u00e9clarant (ou sous r\u00e9serve d'une comptabilt\u00e9\ns\u00e9par\u00e9e pour les personnes morales dispens\u00e9es de la condition activit\u00e9 exclusive), ces activit\u00e9s\n'ouvrent droit au b\u00e9n\u00e9fice des dispositionsdes articles L. 7233-2  du code  du travail et L. 241-10\ndu  code  de  la s\u00e9curit\u00e9 social.\nConform\u00e9ment  aux  dispositions de  l'article R7232-19  du  code  du traval. l'organisme d\u00e9clar\u00e9 doit\nproduire au  moins  chaque  timestre  un \u00e9tat d'activt\u00e9 et chaque  ann\u00e9e  un bian  quanttatt et\nqualtatf de l'activit\u00e9 exerc\u00e9e au tire de l'ann\u00e9e \u00e9coul\u00e9e ainsi qu'un tableau statistique annuel.\nSi l'organisme d\u00e9clar\u00e9 comporte  plusieurs \u00e9tablissements, ls  \u00e9tats statistiqueset le bilan annuel\ndistinguent Factivt\u00e9 exerc\u00e9e  par chaque  \u00e9tablissement\nLe pr\u00e9sent  r\u00e9c\u00e9piss\u00e9 prend effet le 12 d\u00e9cembre  2025.\nL'enregistrement de la d\u00e9claration pourra \u00eatre rotir\u00e9 si l'organisme d\u00e9clar\u00e9 cos\nles conditions  ou  de  respecter  les obligations  mentionn\u00e9es  aux  4',5\u00b0 ot 6\u00b0\n7232.17  ou  qui m\u00e9conna  les obligations  d\u00e9finies \u00e0 article  R7232-19  du  code  du  travalL\nd\u00e9partementale  des  Hauts-de-Seine\nLe pr\u00e9sent r\u00e9c\u00e9piss\u00e9 sera publi\u00e9 au recuell des actes administratifsde la pr\u00e9fecture des Hauts-\nde-Seine\nFait \u00e0  Nanterre, le 18 d\u00e9cembre  2025.\nPour  le Pr\u00e9ft\nPar d\u00e9l\u00e9gation  et subd\u00e9l\u00e9gation\nLa  Responsable  du service\nD\u00e9veloppement  de l'emploi  et des\ncomp\u00e9tences\na\nMariama CONDE\n\nMINISTERE =\nDU  TRAVAIL,  DE LA  SANTE,\nDirection  r\u00e9gionale  et interd\u00e9partementale\nsonomie,  de  I\nDES  SOLIDARIT\u00c9S\nET  DES  FAMILLES\nA\nR\u00e9c\u00e9piss\u00e9  n\u00b02025-731  de  d\u00e9claration  d'activit\u00e9s de  services  \u00e0 la personne\nenregistr\u00e9e  sous  le n\u00b0 SAP994960078  au  nom  de  la micro-entreprise  KAMWE\nPANGOP  STEPHANE  sise 53  Boulevard  du  Mar\u00e9chal  Joffre \u00e0 BOURG-LA-REINE\n(92340)\nLE  PREFET  DES  HAUTS-DE-SEINE\nVu  la loi n\u00b0 2010-853  du  23  juilet 2010  relative aux  r\u00e9seaux  consulaires,  au  commerce  et \u00e0\nl'artisanat et aux  services  (article 31);\nVu  la loi n\u00b02015-1778  du  28  d\u00e9cembre  2015  relative \u00e0 I\nviellissement ;\naptation de  la soci\u00e9t\u00e9  au\nVu  l'aricie 07231-1  du  Code  du  travail\nVu  les d\u00e9crets  n\u00b0 2011-1132  et n\u00b0 2011-1133  du  20  septembre  2011  modifiant  certaines\ndispositions  du  Code  du  travail, relatives au  ch\u00e8que  emploi-service  universel  et aux\nservices  \u00e0 la personne ;\nVu  le d\u00e9cret n\u00b02016-760  du 6 juin 2016 relat  \u00e0 la liste des activit\u00e9s de services \u00e0 la personne\nsoumises  \u00e0 agr\u00e9ment ou \u00e0 autorisation dans le cadre  du r\u00e9gime commun  dela d\u00e9claration\nVu  le d\u00e9cret du 31 octobre 2024  portant nomination de  Monsieur  Alexandre  BRUGERE,  en\nqualit\u00e9 de Pr\u00e9fet des  Hauts-de-Seine\nVu  l'arr\u00eat\u00e9 interminist\u00e9riel du  12  ao\u00fbt  2025  nommant  Monsieur  Fabrice  MASI,  Directeur\nr\u00e9gionalet interd\u00e9partemental de l'\u00e9conomie,de l'emploi, du travail et des solidarit\u00e9s de\nde-France  \u00e0 compter  du  25  ao\u00fbt  2025  ;\nVu  l'arr\u00eat\u00e9 pr\u00e9fectoral n\u00b02026-33  du 22 ao\u00fbt 2025  par lequel le Pr\u00e9fet des  Hauts-de-Seine\nd\u00e9l\u00e8gue  sa signature \u00e0 Monsieur  Fabrice MASI, Directeur r\u00e9gional et nterd\u00e9partemental\nde l'\u00e9conomie, de l'emploi du travailet des solidarit\u00e9s d'le-de-France ;\nVu  la d\u00e9cision  n\u00b0 2025-187  du  25  ao\u00fbt  2025  portant  subd\u00e9l\u00e9gation  de  signature  de  Monsieur\nFabrice MASI,  Directeur r\u00e9gional et interd\u00e9partemental de  l'\u00e9conomie, de  l'emploi. du\ntravail et des  soldari\u00e9s  d'\u00cele-de-France, aux  agents de  l'Unit\u00e9 d\u00e9partementale  des  Hauts\nde-Seine\nVu  la d\u00e9claration  activit\u00e9s de services \u00e0 la personne  d\u00e9pos\u00e9es le 12 d\u00e9cembre  2025  au nom\nde la micro-entreprise KAMWE  PANGOP  STEPHANE  sise 53 Boulevard  du Mar\u00e9chal\noffre  \u00e0 BOURG-LA-REINE  (82340)  ;\ndu  travail  et des  solidarit\u00e9s\n\n'Apr\u00e8s examen  du  dossier, cette demande  \u00e9tant conforme  aux  dispositionsde article L 7232-1-\n1 du code du travail le pr\u00e9sent r\u00e9c\u00e9piss\u00e9 de d\u00e9claration activit\u00e9s de services \u00e0 la personne a\n\u00e9t\u00e9 enregistr\u00e9 au nom  de la micro-entreprise KAMWE  PANGOP  STEPHANE  sous  le num\u00e9ro\n'SAP  994960078.\nLes  activites d\u00e9clar\u00e9es sont es  suivantes, \u00e0 l'exclusion de  toute autre\nEntretien  de  la maison  et  travaux  m\u00e9nagers  ;\nPrestations relevant du  b\u00e9n\u00e9fice de  a  r\u00e9duction d'imp\u00f4t pr\u00e9vue  \u00e0 l'aricie 199 sexdecies  du Code\n'G\u00e9n\u00e9ral  des  Imp\u00f4ts.\nLa structure exerce  cos  activit\u00e9s selon  le mode suivant: PRESTATAIRE\nSous  r\u00e9serve d'\u00eatre exerc\u00e9es \u00e0 tre exclusf par le d\u00e9clarant (ou sous r\u00e9serve d'une comptabilit\u00e9\n's\u00e9par\u00e9e pour les personnes morales dispens\u00e9es de la condition d'activit\u00e9 exclusive) ces activites\n'ouvrent droit au b\u00e9n\u00e9fice des  dispositions des  articles L. 7233-2  du code  du  travall et L. 241-10\ndu  code  de  la s\u00e9curit\u00e9 sociale.\nConform\u00e9ment  aux  dispositions de  l'article R7232-19  du  code  du travail. l'organisme d\u00e9ciar\u00e9 doit\nproduire au moins chaque timestre un \u00e9tat d'actvi\u00e9 et chaque  ann\u00e9e  un bian quanttat  et\nualtaf  de l'activit\u00e9 exerc\u00e9e au tire de l'ann\u00e9e \u00e9coul\u00e9e ainsi qu'un tableau statstique annuel.\nSi l'organisme d\u00e9clar\u00e9 compore  plusieurs \u00e9tablissements, les \u00e9tats statistiques et le bilan annuel\ndistinguent  activit\u00e9 exerc\u00e9e  par  chaque  \u00e9tablissement.\nLe  pr\u00e9sent  r\u00e9c\u00e9piss\u00e9  prend effet le 12 d\u00e9cembre  2025.\nL'enregistrement de la d\u00e9claration pourra \u00eatre retir\u00e9 si l'organisme d\u00e9clar\u00e9 cesse de remplir\nes  conditions ou  de respecter les obligations mentionn\u00e9es  aux 4\u00b0,6\u00b0 et 6\u00b0 de l'article\nR7232-17 ou  qui m\u00e9connait les obligations d\u00e9finies \u00e0 Varticle R7232-\npaire de rer  de  d\u00e9claration, fare Tobjet dune  d\u00e9claration modticalve  aupr\u00e9s  de  F\u00dcnit\u00e9\nd\u00e9partementale  des  Hauts-de-Seine\nLe pr\u00e9sent r\u00e9c\u00e9piss\u00e9 sera publi\u00e9 au recuell des actes administratifs de la pr\u00e9fecturedes Hauts-\nde-Seine.\nFait \u00e0 Nanterre,  le 18 d\u00e9cembre  2025,\nPour  le Pr\u00e9fet\nPar d\u00e9l\u00e9gation  ot subd\u00e9l\u00e9gation\nLa  Responsable  du service\nD\u00e9veloppement de l'emploi et des:\ncomp\u00e9tences.\nandy\nmdr cone\n\nEn  Direction r\u00e9gionale et interd\u00e9partementale\nMINIST\u00c8RE  de l'\u00e9conomie, de l'emploi,\nDU  TRAVAIL,  DE LA SANT\u00c9,  du travail et des solidarit\u00e9s\nDES  SOLIDARIT\u00c9S\nET  DES  FAMILLES\nA\nR\u00e9c\u00e9piss\u00e9  n\u00b02025-732  de  d\u00e9claration  d'activit\u00e9s de  services  \u00e0 la personne\n'enregistr\u00e9e sous  le n\u00b0 SAP993103332  au  nom  de  la micro-entreprise  TAKHCHI\n'AMINE  sise  27  Boulevard  de  Stalingrad  \u00e0 MALAKOFF  (92240)\nLE  PREFET  DES  HAUTS-DE-SEINE\nVu  la loi n\u00b0 2010-863  du 23 jullet 2010 relative aux  r\u00e9seaux  consulaires, au commerce et \u00e0\nl'artisanatet aux services (article 31) ;\nVu  Ia loi n\u00b02015-1776  du 28 d\u00e9cembre  2015  relative \u00e0 l'adaptation de  la soci\u00e9t\u00e9 au\nvellissement\nVu  l'article D7231-1  du  Code  du  travail;\nVu  les d\u00e9crets n\u00b0 2011-1132  et n\u00b0 2011-1133  du  20 septembre  2011 modifiant certaines\ndispositions du  Code  du  traval, relatives au  ch\u00e8que  emploi-service  universel et aux\nservices  \u00e0 la personne\n'Vu le d\u00e9cret  n\u00b02016-750  du  6 juin 2016  relat  \u00e0 la ist  des  activit\u00e9s de  services  \u00e0 la personne\nsoumises \u00e0 agr\u00e9ment  ou \u00e0 autorisation dans  le cadre du r\u00e9gime  commun de la d\u00e9ciaration ;\nVu  le d\u00e9cret du 31 octobre 2024 portant nomination de Monsieur Alexandre BRUGERE,  en\nqualit\u00e9 de  Pr\u00e9fet des Hauts-de-Seine  ;\nVu  l'arr\u00e9t\u00e9 interminist\u00e9riel du  12 ao\u00fbt 2025  nommant  Monsieur  Fabrice MASI, Directeur\nr\u00e9gionalet interd\u00e9partemental de l'\u00e9conomie, de l'emploi, du travailet des solidarit\u00e9s dle-\n'de-France  \u00e0  compter  du  25  ao\u00fbt  2025  ;\nVu  l'ar\u00eat\u00e9 pr\u00e9fectoral n\u00b02025-39  du 22 ao\u00fbt 2025  par lequel le Pr\u00e9fet des  Hauts-de-Seine\n'd\u00e9l\u00e8gue sa signature \u00e0 Monsieur  Fabrice MASI, Directeur r\u00e9gional et interd\u00e9partemental\nde l'\u00e9conomie, de l'emplai, du travail et des  solidarit\u00e9s d'\u00cele-de-France ;\nVu  la d\u00e9cision  n\u00b0 2025-187  du  25  ao\u00fbt  2025  portant subd\u00e9l\u00e9gation  de  signature  de  Monsieur\nFabrice  MASI,  Directeur  r\u00e9gional et interd\u00e9partemental  de  l'\u00e9conomie,  de  l'emploi, du\ntravail et des  solidart\u00e9s d'le-de-France, aux  agents  de  \"Unit\u00e9 d\u00e9partementale  des Hauts-\ndeSeine  ;\nVu  la d\u00e9claration  d'activit\u00e9sde services  \u00e0 a  personne  d\u00e9pos\u00e9es  le 12 d\u00e9cembre  2025  au  nom\nde  la micro-entreprise  TAKHCHI  AMINE  sise 27  Boulevard  de  Stalingrad  \u00e0  MALAKOFF\n(92240);\n\n'Apres examen  du dossier, cette demande  \u00e9tant conforme aux dispositions de l'aricie L. 7232-1-\n1 du  code  du  traval, le pr\u00e9sent r\u00e9c\u00e9piss\u00e9 de  d\u00e9claration activit\u00e9s de  services \u00e0 la personne  a\n\u00e9t\u00e9 enregistr\u00e9 au nom de la micro-entreprise TAKHCHI  AMINE  sous le num\u00e9ro SAP  993103332\nLes activit\u00e9s d\u00e9clar\u00e9es sont es suivantes, \u00e0 l'exclusionde toute autre\nEntretien  de  la maison  ot travaux  m\u00e9nagers  ;\nPrestations relevant du b\u00e9n\u00e9fice de la r\u00e9duction d'imp\u00f4t pr\u00e9vue \u00e0 l'articie 199 sexdecies du Code\nG\u00e9n\u00e9ral  des  Imp\u00f4ts.\nLa structure exerce ces activit\u00e9s selon le mode  sulvant : PRESTATAIRE\nSous r\u00e9serve d'\u00eatre exerc\u00e9es \u00e0 tre  exclus  par le d\u00e9clarant (ou sous r\u00e9serve d'une comptabilit\u00e9\n's\u00e9par\u00e9e pour les personnes morales dispens\u00e9es de la condtion d'activit\u00e9 exclusive), ces activit\u00e9s\n\"ouvrent droit au b\u00e9n\u00e9fice des dispositionsdes articles L. 7233-2 du code du travail et L. 241-10\ndu  code  de  la s\u00e9curit\u00e9 sociale.\nConform\u00e9ment  aux dispositions de article R7232-19  du code du travail Forganisme d\u00e9ciar\u00e9 doit\nproduire au moins chaque trimestre un \u00e9tat d'activit\u00e9 et chaque  ann\u00e9e  un bilan quantita  et\n'qualtatfde l'activit\u00e9 exerc\u00e9e au tre de l'ann\u00e9e \u00e9coul\u00e9e ainsi qu'un tableau statistique annuel.\nSi l'organisme d\u00e9clar\u00e9 comport  plusieurs \u00e9tablissements, les \u00e9tats statistiques et le bilan annuel\ndistinguent  activit\u00e9  exerc\u00e9e  par  chaque  \u00e9tablissement\nLe  pr\u00e9sent  r\u00e9c\u00e9piss\u00e9  prend  effet le 12 d\u00e9cembre  2025.\nL'enrogistrementde la d\u00e9claration pourra tre rotir\u00e9 si l'organisme d\u00e9clar\u00e9 cesse  de remplir\nles conditions ou de respecter les obligations mentionn\u00e9es  aux  4\u00b0,5* ot 6\u00b0 de l'article\n7232-17 ou  qui m\u00e9connait  les obligations d\u00e9finies\u00e0 l'article R7232-19 du code  du  travall.\nod  ncernan cture d\u00e9clar\u00e9e ou les 9s devra, sous\npeine de retrait de la d\u00e9claration, faire l'objet dune  declaration modificative aupr\u00e9s de {Unit\u00e9\nd\u00e9partementale  des  Hauts-de-Seine\nLe pr\u00e9sent r\u00e9c\u00e9piss\u00e9 sera publi\u00e9 au recueil des actes administratfsde a  pr\u00e9fecturedes Hauts.\n'de-Seine.\nFait \u00e0  Nanterre,  le 18 d\u00e9cembre  2025,\nPour  le Pr\u00e9fet\nPar  d\u00e9l\u00e9gation  et subd\u00e9l\u00e9gation\nLa  Responsable  du  service\nD\u00e9veloppement de l'emploi et des\ncomp\u00e9tences\nade\nMariama CONDE\n\nEx  Direction r\u00e9gionale et interd\u00e9partementale\nde  l'emploi,\nBUT RAVAIL, DE LA SANT\u00c9, du avalat des soldartes\nDES  SOLIDARIT\u00c9S\nET  DES  FAMILLES\nPog\nR\u00e9c\u00e9piss\u00e9  n*2025-733  de  d\u00e9claration d'activit\u00e9s de  services  \u00e0 la personne\nenregistr\u00e9e  sous  le n\u00b0 SAP920699170  au  nom  de  la micro-entreprise  TIERCELIN\nAlice sise 7 Rue  Ma\u00eetre Jacques  \u00e0 BOULOGNE-BILLANCOURT  (92100)\nLE  PREFET  DES  HAUTS-DE-SEINE\nVu  la loi n\u00b0 2010-863  du 23 jullet 2010  relative aux r\u00e9seaux consulaires, au commerce et \u00e0\nl'artisanat et aux  services  (article 31)\nVu  Ia li n\u00b02015-1776  du  28 d\u00e9cembre  2015  relative \u00e0 l'adaptation de  la soci\u00e9t\u00e9 au\nvieilissement ;\nVu  l'article 7231-1  du  Code  du  travail;\nVu  les d\u00e9crets n\u00b0 2011-1132  et n\u00b0 2011-1133  du  20  septembre  2011  modifiant certaines\ndispositions du  Code  du traval, relatives au ch\u00e8que  emplo-service  universel et aux\nservices \u00e0 la personne  ;\nVu  le d\u00e9cret n\u00b02016:750 du 8 jun  2016 relatif\u00e0 la liste des  activit\u00e9sde services \u00e0 Ia personne\nsoumises  \u00e0 agr\u00e9ment  ou \u00e0 autorisation dans le cadre  du  r\u00e9gime  commun  de la d\u00e9claration\nVu  le d\u00e9cret du  31 octobre 2024  portant nomination  de  Monsieur  Alexandre  BRUGERE,  en\nquait\u00e9 de Pr\u00e9fet des Hauts-de-Seine;\nVu  l'ar\u00eat\u00e9 interminist\u00e9riel du 12 ao\u00fbt 2025  nommant  Monsieur  Fabrice MASI,  Directeur\nr\u00e9gional et interd\u00e9partementalde l'\u00e9conomie, de l'emploi du travail et des solidarit\u00e9sd'le-\nde-France \u00e0  compter  du  25  ao\u00fbt  2025  ;\nVu  l'ar\u00eat\u00e9 pr\u00e9fectoral n\u00b02026-33  du 22 ao\u00fbt 2025  par lequel le Pr\u00e9fet des  Hauts-de-Seine\nd\u00e9l\u00e8gue  sa  signature  \u00e0 Monsieur  Fabrice  MASI,  Directeur  r\u00e9gional et interd\u00e9partemental\nde l'\u00e9conomie, de l'emploi, du travail et des solidarit\u00e9s d'\u00cele-de-France\n'Vu la d\u00e9cision n\u00b0 2025-187  du  25 ao\u00fbt 2025  portant subd\u00e9l\u00e9gation de  signature de Monsieur\nFabrice MASI, Directeur r\u00e9gional et interd\u00e9partemental de  l'\u00e9conomie, de l'emploi, du\ntraval  et des solidarit\u00e9s d'l-de-France,  aux  agents  de  l'Unit\u00e9 d\u00e9partementale  des  Hauts-\nde-Seine\nVu  la d\u00e9claration d'actvit\u00e9s de services \u00e0 la personne d\u00e9pos\u00e9es  le 05 d\u00e9cembre  2025 au nom\nde  la micro-entreprise TIERCELIN  Alice sise 7 Rue  Maitre Jacques  \u00e0 BOULOGNE-\nBILLANCOURT  (92100)\n\n'Apr\u00e8s examen  du dossier, cette demande  \u00e9tant conforme aux dispositions de l'aricie L. 7232-1-\ndu code du traval le pr\u00e9sent r\u00e9c\u00e9piss\u00e9 de d\u00e9claration d'activit\u00e9s de  services \u00e0 la personne  a\n\u00e9t\u00e9 enregistr\u00e9 au nom  de la micro-entreprise TIERCELIN  Alice sous le num\u00e9ro  SAP  920699170.\nLes  activites d\u00e9clar\u00e9es sont les suivantes, a l'exclusion de toute autre\n= Soutien  scolaire  ou  cours  \u00e0  domicile  ;\nPrestations relevant du b\u00e9n\u00e9fice dela r\u00e9duction d'imp\u00f4t pr\u00e9vue \u00e0 article 199 sexdecies du Code\nG\u00e9n\u00e9ral  des  Imp\u00f4ts.\nLa structure exerce ces activit\u00e9s selon le mode  suivant : PRESTATAIRE\nSous r\u00e9serve d'\u00eatre exerc\u00e9es \u00e0 tre exclusif par le d\u00e9clarant (ou sous r\u00e9serve d'une comptabilit\u00e9\ns\u00e9par\u00e9e pour les personnes morales dispens\u00e9es de la condition d'actvi\u00e9 exclusive), ces activites\nouvrent drot au b\u00e9n\u00e9fice des disposons  des artcies L. 7233-2 du code du traval et L. 241-10\n'du code  de  la s\u00e9curi\u00e9  sociale.\nConform\u00e9ment  aux dispositions de l'article R7232-19  du code du travail, organisme  d\u00e9clar\u00e9 doit\nproduire au moins chaque timestre un \u00e9tat dactivt\u00e9 et chaque ann\u00e9e un bilan quantitatif et\nqualitatif de Tactivte exerc\u00e9e au tire de l'ann\u00e9e \u00e9coul\u00e9e ainsi qu'un tableau statistique annuel.\nSi l'organisme d\u00e9clar\u00e9 comporte plusieurs \u00e9tablissements, les \u00e9tats statistiques ete  bilan annuel\ndistinguent l'activit\u00e9 exerc\u00e9e  par chaque  \u00e9tablissement,\nLe  pr\u00e9sent r\u00e9c\u00e9piss\u00e9  prend offet le 05 d\u00e9cembre  2025.\nL'enregistrement de la d\u00e9claration pourra \u00eatre retir\u00e9 si l'organisme d\u00e9clar\u00e9 cesse de remplir\nles conditions ou de respacter les obligations mentionn\u00e9es  aux  4\u00b0,6\u00b0 et 6\u00b0 do l'article\n7232-17  ou qui m\u00e9connalt  les obligations d\u00e9finies \u00e0 l'article R7232-19  du code  du travail.\nmodicatve  aupr\u00e8s  de  FUnit\u00e9peine de retrait de la d\u00e9claration, faire l'objet d'une d\u00e9claration\nd\u00e9partementale des  Hauts-de-Seine.\nLe pr\u00e9sent r\u00e9c\u00e9piss\u00e9 sera publi\u00e9 au recuell des actes administratifs de a pr\u00e9fecturedes Hauts-\nde-Seine.\nFait \u00e0 Nanterre, le 18 d\u00e9cembre 2025.\nPour  le Pr\u00e9fet\nPar d\u00e9l\u00e9gation  ot subd\u00e9l\u00e9gation\nLa  Responsable  du  service\nD\u00e9veloppement  de  l'emploi et des\ncomp\u00e9tence\nYad\nyma  CONDE\n\nEx  Direction  r\u00e9gionale et interd\u00e9partementale\nMINIST\u00c8RE  de l'\u00e9conomie, de l'emploi,\nDU  TRAVAIL,  DE  LA  SANT\u00c9,  du travail et des solidarit\u00e9s\nDES  SOLIDARIT\u00c9S\nET  DES  FAMILLES\nfe\nR\u00e9c\u00e9piss\u00e9  n\u00b02025-734  de  d\u00e9claration  modificative  d'activit\u00e9s  de services  \u00e0 la\npersonne  enregistr\u00e9e  sous  le n\u00b0 SAP898408356  au  nom  de  la micro-entreprise\nBELARBI  BELARBI  KATHIA  sise  158  Grande  Ruo  \u00e0  SURESNES  (92150)\nLE  PREFET  DES  HAUTS-DE-SEINE\nla oi  n\u00b0  2010-853  du  23  juillet 2010  relative aux  r\u00e9seaux  consulaires,  au  commerce et \u00e0\nl'risanat  et aux  services  (article 31);\nvu\nVu  la loi n\u00b02015-1778  du  28  d\u00e9cembre  2015  relative \u00e0  l'adaptation de  la soci\u00e9t\u00e9  au\nvellissement\nVu  l'article 07231-1  du  Code  du travail\nVu  les d\u00e9crets  n\u00b0 2011-1132  et n\u00b0 2011-1133  du  20  septembre  2011  modifiant  certaines\ndispositions  du  Code  du  travail, relatives au  ch\u00e8que  emploi-service  universel et aux\n'services \u00e0 la personne  ;\nVu  le d\u00e9cret  n\u00b02016750  du  6 jun  2016  relatif\u00e0 la liste des  activit\u00e9s de  services  \u00e0 Ia personne\nsoumises \u00e0 agr\u00e9ment ou \u00e0 autorisation dans le cadre  du  r\u00e9gime  commun de la d\u00e9claration\nVu  le d\u00e9cret  du  31 octobre  2024  portant  nomination  de  Monsieur  Alexandre  BRUGERE,\nquait\u00e9 de Pr\u00e9fet des Hauts-de-Seine ;\nVu  l'\u00e9t\u00e9  interminist\u00e9riel du 12 ao\u00fbt 2025  nommant  Monsieur  Fabrice MASI, Directeur\nr\u00e9gional et interd\u00e9partemental  de l'\u00e9conomie, de l'emploi, du  travailet des  solidart\u00e9s d'le-\nde-France \u00e0  compter  du  25  ao\u00fbt  2025\nVu  l'ar\u00e8t\u00e9 pr\u00e9fectoral n\u00b0202533  du  22  ao\u00fbt  2025  par lequel le Pr\u00e9fet des  Hauts-de-Seine\nd\u00e9l\u00e8gue  sa  signature  \u00e0 Monsieur  Fabrice  MASI,  Directeur  r\u00e9gional  et interd\u00e9partemental\nde  l'\u00e9conomie, de  l'emploi, du travail et des  solidarit\u00e9s d'\u00cele-de-France ;\nVu  la d\u00e9cision  n\u00b0 2025-187  du  25  ao\u00fbt  2025  portant  subd\u00e9l\u00e9gation  de  signature  de  Monsieur\nFabrice  MASI,  Directeur  r\u00e9gional et interd\u00e9partemental  de  l'\u00e9conomie,  de  l'emploi, du\ntravail et des  solidarit\u00e9s d'll-de-France,  aux  agents  de  l'Unit\u00e9 d\u00e9partementale  des  Hauts-\nde-Seine ;\n\nVu  le r\u00e9c\u00e9piss\u00e9 de d\u00e9claration activit\u00e9 de services \u00e0 la personne n\u00b02022-196 du 17 juin 2022\nenregistr\u00e9 sous le num\u00e9ro  SAP898408366  au nom  de la micro-entreprise BELARBI\nBELARBI  KATHIA;\nVu  la demande de modification de la d\u00e9claration d'activit\u00e9s de services \u00e0 la personne d\u00e9pos\u00e9e\naupr\u00e8s de l'Unit\u00e9 d\u00e9partementale des Hauts-de-Seine de la DRIEETS,  le 07 octobre 2025\npar la micro-entreprise BELARBI  BELARB!  KATHIA  sise au 158 Grande  Rue  \u00e0\nSURESNES;\nConsid\u00e9rant que  a  pr\u00e9sente modification vise \u00e0 ajouter des activit\u00e9s de services \u00e0 la\npersonne  non  soumise \u00e0 agr\u00e9ment  ou autorisation ; le dossier de demande\ntest conforme aux ispostions de l'article L. 7232-1-1 du code du travail\nLe r\u00e9c\u00e9piss\u00e9 de d\u00e9claration activit\u00e9s de services \u00e0 la personne n\u00b02022- 196 en date du 17 juin\n2022  de la micro-entreprise BELARBI  BELARBI  KATHIA  est ainsi modifi\u00e9\ni prend  effet le 07  octobre  2025\nLes  activit\u00e9s d\u00e9clar\u00e9es  sont  les suivantes  \u00e0 l'exclusion de  toute aut\nEntretien  de  la maison  et travaux  m\u00e9nagers  ;\n\u00a9 Garde  d'enfants de plus de trois ans \u00e0 domicile ;\nSoutien  scolaire  ou  cours  \u00e0 domicile ;\n\u00a9 Pr\u00e9paration  de  ropas  \u00e0 domicile, y compris  le temps  pass\u00e9  aux  courses  ;\nLivraison de  repas  \u00e0  domicile;\n= Collecto et livraison \u00e0 domicile  de linge repass\u00e9  ;\nLivraison  de courses  \u00e0 domicile  ;\n'Assistance  informatique  \u00e0 domicile\n= Assistance  administrative  \u00e0 domicile\n* Accompagnement  des  enfants  de  plus de  trois ans dans  lours d\u00e9placements  en\ndehors  de leur domicile (promenades,  transports, actes de la vie courante) ;\nAccompagnement  des  personnes  'tomporairement d\u00e9pendantes  autres que\ninnos \u00e2g\u00e9es, handicap\u00e9es ou atteintes do pathologies chroniques, dans  leurs\nd\u00e9placements  en  dehors  de  leur domicile  (promenades,  aide \u00e0 la mobilit\u00e9 et au\ntransport,  actes  dela  vie  courante)  ;\n= Assistance aux  personnes  autres que  personnes  \u00e2g\u00e9es, handicap\u00e9es  ou atteintes\nde pathologies chroniques  qui ont besoin temporairement  d'une aide personnelle \u00e0\nleur domicile, \u00e0 l'exclusion des soins relevant d'actes m\u00e9dicaux  ;\nPrestations relevant du b\u00e9n\u00e9fice de la r\u00e9duction d'imp\u00f4t pr\u00e9vue \u00e0 l'aile 199 sexdecies du Code\nG\u00e9n\u00e9ral  des  Imp\u00f4ts.\nLa  structure exerce ces  activit\u00e9s selonle mode  suivant : PRESTATAIRE\nSous  r\u00e9serve d'\u00eatre exerc\u00e9es \u00e0 tire exclusif par le d\u00e9clarant (ou sous r\u00e9serve d'une comptabilt\u00e9\ns\u00e9par\u00e9e  pour les personnes  morales  dispens\u00e9es  de la condition d'actt\u00e9  exclusive), ces activites\nouvrent drot au b\u00e9n\u00e9fice des dispositions des articles L. 7233-2 du code du travail et L. 241-10\ndu  code  de  la s\u00e9curt\u00e9  sociale\nConform\u00e9ment  aux dispositions de article R7232-19  du code du traval,'organisme d\u00e9clar\u00e9 doit\nproduire au moins  chaque trimestre un \u00e9tat d'activit\u00e9 et chaque  ann\u00e9e  un bilan quanttatt et\n'qualtaf de activit\u00e9 exerc\u00e9e  au  tire de  l'ann\u00e9e \u00e9coui\u00e9e  ainsi qu'un tableau statistique annuel\nSi rorganisme  d\u00e9clar\u00e9 comporte  plusieurs \u00e9tablissements les \u00e9tats statistiques et le bilan annuel\ndistinguent  l'activit\u00e9 exerc\u00e9e  par  chaque  \u00e9tablissement\n\nL'enregistrement de la d\u00e9claration  pourra  \u00eatre retir\u00e9 si l'organisme  d\u00e9clar\u00e9  cesse  de remplir\nles conditions  ou  de  respecter  les obligations  mentionn\u00e9es  aux  4\u00b0,5\u00b0 et 6\u00b0 de  l'article\n7232-17  ou  qui  m\u00e9connait  les obligations  d\u00e9finies  \u00e0 l'article R7232-19  du  code  du  travail.\nToute  modification concemant  la structure d\u00e9clar\u00e9e ou les activit\u00e9s exorc\u00e9es devra sous\npeine  de  rai  de  fa d\u00e9caraion,  fare  Tobjet dune  d\u00e9ciaration  modiieave  aupr\u00e9s  de  lUnt\u00e9\nG\u00e9parementai  des  Hauts-de-Seine\nLe  pr\u00e9sent  r\u00e9c\u00e9piss\u00e9  sera  publi  au  recuel  des  actes  administratifs de la pr\u00e9fecture des  Hauts-\nde-Seine\nFait  \u00e0  Nanterre,  le 18  d\u00e9cembre  2025.\nPour  le Pr\u00e9fet\nPar  d\u00e9l\u00e9gation  et subd\u00e9l\u00e9gation\nLa  Responsable  du  service\nD\u00e9veloppement  de  l'emploi  et des\ncomp\u00e9tences\nond\nMariama  CONDE\n\nEn  Direction r\u00e9gionale et interd\u00e9partementale\nMINIST\u00c8RE  de l'\u00e9conomie, de l'emploi,\nDU  TRAVAIL,  DE LA SANT\u00c9,  du travail et des solidarit\u00e9s\nDES  SOLIDARIT\u00c9S\nET  DES  FAMILLES\nA\nR\u00e9c\u00e9piss\u00e9  n\u00b02025-735  de  d\u00e9claration  d'activit\u00e9s de  services  \u00e0 la personne\nenregistr\u00e9e  sous  le n\u00b0 SAP992372748  au  nom  de  la micro-entreprise  FLEURY\n'CHRISTEL  sise  1 Rue  de  Watford  \u00e0 NANTERRE  (92000)\nLE  PREFET  DES  HAUTS-DE-SEINE\nVu  la loi n\u00b0 2010-853  du  23 jullet 2010  relative aux  r\u00e9seaux  consulaires, au  commerce  et \u00e0\nl'artisanat et aux  services  (article 31)  ;\nVu  la loi n\u00b02018-1776  du  28  d\u00e9cembre  2015  relative \u00e0 l'adaptation de  la soci\u00e9t\u00e9  au\nvieilissement ;\nVu  l'article D7231-1  du  Code  du  travail;\nVu  les d\u00e9crets  n\u00b0 2011-1132  et n\u00b0 2011-1133  du  20  septembre  2011  modifiant  certaines\ndispositions du  Code  du  travail, relatives au  ch\u00e8que  emploi-service  universel  et aux\nservices \u00e0 la personne  ;\nVu  le d\u00e9cret \"2016-750  du 6 juin 2016 reat \u00e0 la iste des activit\u00e9s de services \u00e0 la personne\nsoumises \u00e0 agr\u00e9ment  ou \u00e0 autorisation dans le cadre du r\u00e9gime commun  de la d\u00e9claration;\nVu  le d\u00e9cret du 31 octobre 2024  portant nomination  de  Monsieur  Alexandre  BRUGERE,  en\nqualt\u00e9 de Pr\u00e9fet des Hauts-de-Seine ;\nVu  l'ar\u00e9t\u00e9 interminist\u00e9riel du  12 ao\u00fbt 2025  nommant  Monsieur  Fabrice MASI, Directeur\nr\u00e9gionalet interd\u00e9partementa de l'\u00e9conomie, de l'emploi, du travail et des solidarit\u00e9s d'\u00cele-\n'de-France \u00e0 compter  du  25  ao\u00fbt  2025 ;\nVu  l'ar\u00eat\u00e9 pr\u00e9fectoral n'2025-33  du 22 ao\u00fbt 2025  par lequel le Pr\u00e9fet des  Hauts-de-Seine\nd\u00e9l\u00e8gue  sa  signature  \u00e0  Monsieur  Fabrice  MASI,  Directeur  r\u00e9gional  et interd\u00e9partemental\nde l'\u00e9conomie, de l'emploi, du travail et des solidarit\u00e9s d'\u00cele-de-France ;\nVu  la d\u00e9cision n\u00b0 2025-187  du 25 ao\u00fbt 2026  portant subd\u00e9l\u00e9gation de  signature de Monsieur\nFabrice MASI,  Directeur r\u00e9gional et interd\u00e9partemental de  l'\u00e9conomie, de  l'emploi. du\ntravail et des  solidarit\u00e9s d'Ile-de-France, aux  agents de  l'Unit\u00e9 d\u00e9partementale  des  Hauts-\nde-Seine\n\nVu  le r\u00e9c\u00e9piss\u00e9 de d\u00e9claration d'activit\u00e9de services \u00e0 la personne  n\u00b02025-549  du 20 octobre\n2025  enregistr\u00e9 sous  le num\u00e9ro  SAP992372748  au nom  de la micro-entreprise FLEURY\nCHRISTELL:\nVu  la demande de modification de la d\u00e9claration d'activit\u00e9s de services \u00e0 la personne  d\u00e9pos\u00e9e\naupr\u00e8s  de l'Unit\u00e9 d\u00e9partementale  des Hauts-de-Seine  de la DRIEETS,  le 03 novembre\n2025  par la micro-entreprise FLEURY  CHRISTEL  sise au  1 Rue  de Watford  \u00e0 NANTERRE\n(82000)\nConsid\u00e9rant  que  la pr\u00e9sente  modification vse  \u00e0 ajouter une activit\u00e9 de services \u00e0 la personne\nnon  soumise  \u00e0 agr\u00e9ment  ou  autorisation; le dossier de  demande  est\nconforme aux dispositions de Fartcle L. 7232-1-1 du code  du  travail;\nLe r\u00e9c\u00e9piss\u00e9 de  d\u00e9claration 'activit\u00e9s de services a la personne n\u00b02025-549  en date du 20\noctobre 2025  de la micro-entreprise FLEURY  CHRISTEL  est ainsi modifi\u00e9\nI prend  effet le 03 novembre 2026.\nLes  activit\u00e9s  d\u00e9clar\u00e9es  sont  los suivantes  \u00e0  l'exclusion  de  toute  autre  :\n= Entrotion de la maison  et travaux m\u00e9nagers  ;\n\u00a9 Garde  d'enfants de plus de trois ans \u00e0 domicile ;\nPrestations relevant du b\u00e9n\u00e9fice de la r\u00e9duction d'imp\u00f4t pr\u00e9vue \u00e0 Varticle 199 sexdecies du Code\n(G\u00e9n\u00e9ral des  Imp\u00f4ts\nLa structure exerce  ces  activit\u00e9s selon  le mode  suivant  : PRESTATAIRE\n'Sous r\u00e9serve d'\u00eatre exerc\u00e9es  \u00e0 tire exclusif par le d\u00e9clarant (ou sous  r\u00e9serve d'une comptabilit\u00e9\ns\u00e9par\u00e9e  pour les personnes  morales dispens\u00e9es de  la condition d'activit\u00e9 exclusive). ces activites\n'ouvrent droit au  b\u00e9n\u00e9fice des  dispositions des  articles L. 7233-2  du  code  du traval et L. 241-10\ndu  code  de  la s\u00e9curit\u00e9 sociale.\n'Conform\u00e9ment  aux  dispositions de  article R7232-19  du code du traval organisme d\u00e9clar\u00e9 doit\nproduire au moins  chaque  trimestre un \u00e9tat d'activit\u00e9 et chaque ann\u00e9e  un bilan quanttatt et\nqualitatif de  l'activit\u00e9 exerc\u00e9e  au  tie  de  l'ann\u00e9e \u00e9coul\u00e9e  ainsi qu'un  tableau  statistique annuel.\nSi l'organisme d\u00e9clar\u00e9 comporte  plusieurs \u00e9tablissements, les \u00e9tats statistiques et le bilan annuel\ndistinguent  activit\u00e9 exerc\u00e9e  par chaque  \u00e9tablissement.\nL'enregistrement de la d\u00e9claration pourra \u00eatro retir\u00e9 si l'organisme d\u00e9clar\u00e9 cosse de remplir\nles conditions  ou  de  respecter  les obligations  mentionn\u00e9es  aux  4\u00b0,5\u00b0 et 6\u00b0 de  l'article\n7232.17  ou  qui m\u00e9connalt  les obligations d\u00e9finies \u00e0 l'article R7232-19  du  code  du  travail,\n\n'Toute modification concernant la structure d\u00e9clar\u00e9e ou es activit\u00e9s exerc\u00e9es devra, sous\npeine de  real  de  a  d\u00e9claration. fare l'objet d'une d\u00e9claration modifealve  aupr\u00e9s  de TUnts\n'epartementale  des  Hauts-de-Seine\nLe  pr\u00e9sent r\u00e9c\u00e9piss\u00e9 sera publi\u00e9 au recueil des  actes administratifsde la pr\u00e9fecture des Hauts-\nde-Seine.\nFat  \u00e0 Nanterre,  le 18 d\u00e9cembre  2025.\nour  le Pr\u00e9fet\nar d\u00e9l\u00e9gation  et subd\u00e9l\u00e9gation\nLa  Responsable  du  service\nD\u00e9veloppement  de  l'emploi  ot des\ncomp\u00e9tences\ntebe conc\n\nEx  interd\u00e9partementale\nMINIST\u00c8RE de l'emploi,\nDU  TRAVAIL,  DE  LA  SANT\u00c9,  du travail et des solidarit\u00e9s.\nDES  SOLIDARIT\u00c9S\nET  DES  FAMILLES\n'ioe\nR\u00e9c\u00e9piss6  n*2025-736  de  d\u00e9claration d'activit\u00e9s de  services  \u00e0 la personne\nenregistr\u00e9e  sous le n\u00b0 SAP993249085  au nom  de  la micro-entreprise  MOTT\nHANAN  sise 2 Rue  Marcel  Sembat \u00e0 ISSY-LES-MOULINEAUX  (92130)\nLE  PREFET  DES  HAUTS-DE-SEINE\n'Vu la loi n\u00b0 2010-853  du 23 jullet 2010  relative aux r\u00e9seaux  consulaires, au commerce et \u00e0\nl'artisanat et aux  services  (article 31):\n'Vu la loi n\u00b02018-1778  du  28  d\u00e9cembre  2015  relative \u00e0 l'adaptation de  la soci\u00e9t\u00e9 au\nviellissement\n'Vu l'aricie 07231-1  du  Code  du  travai\nVu  les d\u00e9crets n\u00b0 2011-1132  et n\u00b0 2011-1133  du 20 septembre  2011  modifiant certaines\ndispositions du Code  du  traval, relatives au  ch\u00e8que  emplo-service  universel et aux\nservices \u00e0 la personne\n'Vu le d\u00e9cret n\u00b02016.750  du 6 jun 2016  relatif \u00e0 la liste des  activites de services \u00e0 la personne\nsoumises \u00e0 agr\u00e9ment ou \u00e0 autorisation dans le cadre du r\u00e9gime commun  de a  d\u00e9claration ;\nVu  le d\u00e9cret du 31 octobre 2024 portant nomination de Monsieur Alexandre BRUGERE,  en\nqualt\u00e9 de  Pr\u00e9fet des  Hauts-de-Seine  ;\nVu  l'\u00e9t\u00e9  interminist\u00e9riel du  12 ao\u00fbt 2025  nommant  Monsieur  Fabrice MASI,  Directeur\nr\u00e9gional et interd\u00e9partemental de l'\u00e9conomie, de l'emplo, du travailet des soldart\u00e9s dll\nde-France \u00e0 compter  du 25 ao\u00fbt  2025  ;\nVu  l'arr\u00eat\u00e9 pr\u00e9fectoral n\u00b02025-33 du 22 ao\u00fbt 2025 par lequel le Pr\u00e9fet des Hauts-de-Seine\n'd\u00e9l\u00e8gue sa signature \u00e0 Monsieur  Fabrice MASI,  Directeur r\u00e9gional et interd\u00e9partemental\n'de l'\u00e9conomie, de l'emploi, du travail et des solidartes d'\u00cele-de-France\n'Vu la d\u00e9cision n\u00b0 2025-187  du 25 ao\u00fbt 2025  portant subd\u00e9l\u00e9gation de signature de  Monsieur\nFabrice  MASI,  Directeur  r\u00e9gional et interd\u00e9partemertal  de  l'\u00e9conomie,  de  l'emploi, du\ntravail et des  solidarit\u00e9s d'le-de-France, aux  agents  de l'Unit\u00e9 d\u00e9partementale  des Hauts-\nde-Seine  ;\nVu  la d\u00e9claration 'activit\u00e9s de services \u00e0 a personne d\u00e9pos\u00e9es  le 19 d\u00e9cembre  2025 au nom\nde  la micro-entreprise MOTT  HANAN  sise 2 Rue  Marcel Sembat  \u00e0 ISSY-LES-\nMOULINEAUX  (82130)\n\n'Apr\u00e8s examen  du dossier, cette demande  \u00e9tant conforme aux dispositions de rartcle L. 7232\n1 du  code  du  traval,  le pr\u00e9sent  r\u00e9c\u00e9piss\u00e9  de  d\u00e9claration  \u00a2 activit\u00e9s de services  \u00e0  la personne  a\n\u00e9t\u00e9  enregistr\u00e9  au  nom  de  la micro-entreprise  MOTT  HANAN  sous  le num\u00e9ro  SAP  993249088,\nLes  activit\u00e9s  d\u00e9ctar\u00e9es  sont  les  suivantes,  \u00e0  l'exclusion  de  toute  autre\nEntretien  de  la maison  et  travaux  m\u00e9nagers  ;\nGarde  d'enfants  de  plus  de  trois ans \u00e0  domicile  ;\nPrestations  relevant  du  b\u00e9n\u00e9fice  de  Ia r\u00e9duction  d'imp\u00f4t  pr\u00e9vue  \u00e0 Varticle 199  sexdecies  du  Code\nG\u00e9n\u00e9ral  des  Imp\u00f4ts.\nLa  structure  exerce  ces  activit\u00e9s  selon  le mode  suivant  : PRESTATAIRE\nSous  r\u00e9serve  d'\u00eatre exerc\u00e9es  \u00e0 tire exclusif par  le d\u00e9clarant  (ou sous  r\u00e9serve  d'une  comptabilt\u00e9\ns\u00e9par\u00e9e  pour  les personnes  morales  dispens\u00e9es  de  la condition  d'actvi\u00e9 exclusive), ces  activit\u00e9s\nouvrent  drot  au  b\u00e9n\u00e9fice  des  dispositions des  articles L. 7233-2  du  code du traval et L. 241-10\ndu  code  de  la s\u00e9curit\u00e9  sociale,\n'Conform\u00e9ment  aux  dispositions de  l'article R7232-19 du code du travail, l'organisme  d\u00e9clar\u00e9  dot\nproduire au moins chaque  trimestre un \u00e9tat dactvit  et chaque  ann\u00e9e  un bilan quantitatif et\n'qualtatf de  Factvt\u00e9  exerc\u00e9e  au  tire de  l'ann\u00e9e  \u00e9coul\u00e9e  ainsi qu'un  tableau  statistique annuel.\nSi l'organisme  d\u00e9clar\u00e9  comporte  plusieurs \u00e9tablissements,  les \u00e9tats statistiques et le bilan annuel\ndistinguent  Factivit\u00e9 exerc\u00e9e  par  chaque  \u00e9tablissement.\nLo pr\u00e9sent  r\u00e9c\u00e9piss\u00e9  prond  offot le 19  d\u00e9cembre  2025.\nL'enregistrement  de  a  d\u00e9claration  pourra  \u00eatre rtr\u00e9  si l'organisme d\u00e9clar\u00e9  cesse  de remplir\nles conditions  ou  de  respecter  les obligations mentionn\u00e9es  aux  4\u00b0,5\u00b0 et 6\u00b0 de  l'article\nR723217 ou qui  m\u00e9connalt  les obligations  d\u00e9finies  \u00e0 l'articie R7232-19  du code du travail.\npeine de retrat de la d\u00e9claration. fare l'objet d'une deck\n'd\u00e9partementale  des  Hauts-de-Seine.\nLe  pr\u00e9sent  r\u00e9c\u00e9piss\u00e9  sera  publ\u00e9  au  recuel  des  actes  administratifs de a  pr\u00e9fecture  des  Hauts-\ndeSoine\nFait \u00e0  Nanterre, le 22  d\u00e9cembre  2025,\nPour  le  Pr\u00e9fet\nPar  d\u00e9l\u00e9gation  et subd\u00e9l\u00e9gation\nLa  Responsable  du  service\nD\u00e9veloppement  de l'emplol  et des\ncomp\u00e9tences\nUr)\nMariana CONDE\n\nEE  Direction r\u00e9gionaleet interd\u00e9partementale\nMINISTERE  de l'\u00e9conomie, de l'emploi,\nDU  TRAVAIL, DE LA SANT\u00c9, du travail et des solidarit\u00e9s.\nDES  SOLIDARITES\nET  DES  FAMILLES\nA\nR\u00e9c\u00e9piss\u00e9  n\u00b02028-737  de d\u00e9claration d'activit\u00e9s de  services  \u00e0 la personne\nenregistr\u00e9e  sous  le n\u00b0 SAP878734803  au  nom  de  la micro-entreprise  TOURE\nALFOUSSENI  sise 13 Place  Charles  de Gaulle  \u00e0 SAINT-CLOUD  (92210)\nLE  PREFET  DES  HAUTS-DE-SEINE\nVu  la loin\u00b0 2010-859 du 23 jullet 2010  relative aux r\u00e9seaux  consulaires, au commerce et \u00e0\nl'arisanat et aux  services (article 31)\nVu  Ia loi n\u00b02015-1776  du 28 d\u00e9cembre  2015  relative \u00e0 adaptation  de la soci\u00e9t\u00e9 au\nvellissement\nVu  l'article D7231-1  du  Code  du travail;\nVu  les d\u00e9crets n\u00b0 2011-1132  et n\u00b0 2011-1133  du 20 septembre  2011 modifiant certaines\ndispositions du Code  du  travail, relatives au ch\u00e8que  emploi-service universel et aux\nservices  \u00e0  la personne  ;\nVu  le d\u00e9cretn\u00b02016-750  du 6 juin 2016  relat \u00e0 la iste des  activit\u00e9s de  services \u00e0 a  personne\nsoumises  \u00e0 agr\u00e9ment  ou \u00e0 autorisationdans le cadre  du r\u00e9gime  commun  de la d\u00e9claration\nVu  le d\u00e9cret du 31 octobre 2024  portant nomination de  Monsieur  Alexandre  BRUGERE,  en\nquait\u00e9 de  Pr\u00e9fet des  Hauts-de-Seine\nVu  l'\u00e9t\u00e9  interminist\u00e9riel du  12 ao\u00fbt 2025  nommant  Monsieur  Fabrice MASI,  Directeur\nr\u00e9gional et interd\u00e9partemental de  l'\u00e9conomie, de l'emploi, du travail et des  solidarit\u00e9s d'il\ne-France \u00e0 compter  du 25 ao\u00fbt  2025 ;\nVu  l'arr\u00eat\u00e9 pr\u00e9fectoral n\u00b02026-33  du  22 ao\u00fbt 2025  par lequel le Pr\u00e9fet des  Hauts-de-Seine\n'd\u00e9l\u00e8gue sa signature \u00e0 Monsieur Fabrice MASI, Directeur r\u00e9gional et interd\u00e9partemental\n'de l'\u00e9conomie, de l'emploi,du travail et des solidarit\u00e9s d'\u00cele-de-France ;\nVu  la d\u00e9cision n\u00b0 2025-187  du  25 ao\u00fbt 2025  portant subd\u00e9l\u00e9gation de signature de Monsieur\nFabrice MASI, Directeur r\u00e9gional et interd\u00e9partemental de  \u00e9conomie,  de l'emploi, du\ntraval et des  solidarit\u00e9s d'Ile-de-France, aux  agents  de l'Unit\u00e9 d\u00e9partementale  des  Hauts-\nde-Seine\nVu  la d\u00e9claration d'activit\u00e9s de services \u00e0 la personne  d\u00e9pos\u00e9es  le 19 d\u00e9cembre 2025 au nom\nde  la micro-entreprise TOURE  ALFOUSSEN  sise 13 Place Charles de  Gaulle \u00e0 SAINT-\n'CLOUD  (92210)\n\n'Apr\u00e8s examen  du dossier, cette demande  \u00e9tant conforme aux dispositions de article L. 7232-1-\n1 du  code  du  traval, le pr\u00e9sent  r\u00e9c\u00e9piss\u00e9  de  d\u00e9ciaration  activit\u00e9s  de  services  \u00e0 la personn\n\u00e9t\u00e9  enregistr\u00e9  au  nom  de  la micro-entreprise  TOURE  ALFOUSSENI  sous  le num\u00e9ro  SAP\n879734903,\nLes  activites d\u00e9clar\u00e9es  sont  les suivantes,  \u00e0 l'exclusion de  toute  autre\nEntretien  de  la maison  et travaux  m\u00e9nagers  ;\nPrestations  relevant du  b\u00e9n\u00e9fice  de  a  r\u00e9duction  d'imp\u00f4t  pr\u00e9vue  \u00e0 l'aile  199  sexdecies  du  Code\nG\u00e9n\u00e9ral  des  Imp\u00f4ts.\nLa  structure  exerce  ces  activit\u00e9s  solon  le mode  suivant  : PRESTATAIRE\nSous  r\u00e9serve d'\u00eatre exerc\u00e9es \u00e0 tire exclusif par le d\u00e9clarant (ou sous r\u00e9serve d une comptabilit\u00e9\ns\u00e9par\u00e9e pour  les personnes  morales  dispens\u00e9es de a  condition d activit\u00e9 exclusive)  ces activites\nouvrent  droit au b\u00e9n\u00e9fice  des  dispositions des  articles L. 7233-2  du  code  du travail et L. 241-10\ndu  code  de la s\u00e9curit\u00e9 sociale.\nConform\u00e9ment  aux  dispositions  de  article R7232-19  du  code  du  traval l'organisme  d\u00e9clar\u00e9  doit\nproduire au moins chaque timestre un \u00e9tat d'activit\u00e9 et chaque  ann\u00e9e  un blan quantitatif et\nqualtatf  de  l'activit\u00e9 exerc\u00e9e  au  tire de  l'ann\u00e9e  \u00e9coul\u00e9e  ainsi qu'un  tableau  statistique annuel.\nSi l'organisme d\u00e9clar\u00e9  comporte  plusieurs  \u00e9tablissements,  les \u00e9tats statistiques et le blan  annuel\ndistinguent  l'activit\u00e9 exerc\u00e9e  par  chaque  \u00e9tablissement,\nLe  pr\u00e9sent  r\u00e9c\u00e9piss\u00e9  prend  oft  lo 19 d\u00e9combre  2026.\nL'enregistrement  de la d\u00e9claration  pourra \u00eatre retir\u00e9 si l'organisme  d\u00e9clar\u00e9 cesse de remplir\nles conditions  ou  de  respecter  les  obligations  mentionn\u00e9es  aux  4\u00b0,6\u00b0 et 6\u00b0 de  l'article\n7232-17  ou  qui  m\u00e9connalt  les obligations  d\u00e9finies  \u00e0 l'article R7232-19  du  code  du  travail.\n'Toute modification concemant  la structure d\u00e9clar\u00e9e ou ls  activit\u00e9s exerc\u00e9es devra sous\npeine  de  rerai  dela  declaration, fare  Tobjet dune  d\u00e9claration  modticatve  aupr\u00e9s  de  (Unt\u00e9\nG\u00e9partementale  des Hauts-de-Seine\nLa  pren  cies  vera  pu  au  recu  des acte aint  de  Le pr\u00e9fecture des Haut\neine,\nFait \u00e0  Nanterre,  le 22  d\u00e9cembre  2025.\nPour  le Pr\u00e9fot\nPar  d\u00e9l\u00e9gation  et subd\u00e9l\u00e9gation\nLa  Responsable  du  service\nD\u00e9veloppement  de  l'emploi  et des\ncomp\u00e9tences\nex\n|\nMariama  CONDE\n\nEE  Direction  r\u00e9gionale  etinterd\u00e9partementale\nMINISTERE de l'\u00e9conomie, de l'emploi,\nDU  TRAVAIL,  DE  LA  SANT\u00c9,  du travail et des solidarit\u00e9s\nDES  SOLIDARIT\u00c9S\nET  DES  FAMILLES\nR\u00e9c\u00e9piss\u00e9  n\u00b02025-738  de  d\u00e9claration  d'activit\u00e9s de  services  \u00e0 la personne\nenregistr\u00e9e  sous  le n\u00b0 SAP995346251  au  nom  de  la  micro-entreprise  DE  GUILHEM\nDE  LATAILLADE  VIOLETTE  MARIE  sise  50 Avenue  du  G\u00e9n\u00e9ral  Leclerc  \u00e0\nBOULOGNE-BILLANCOURT  (82100)\nLE  PREFET  DES  HAUTS-DE-SEINE\nVu  la loi n\u00b0 2010-853  du  23 jullet 2010 relatve  aux  r\u00e9seaux  consulaires, au  commerce et \u00e0\nl'artisanat et aux  services  (article 31)\nVu  la loi n\u00b02015-1778  du  28  d\u00e9cembre  2015  relative \u00e0 l'adaptation de  la soci\u00e9t\u00e9  au\nviellissement ;\nVu  l'aricie 07231-1  du  Code  du  traval\nVu  les d\u00e9crets  n\u00b0 2011-1132  et n\u00b0 2011-1133  du  20  septembre  2011  modifiant  certaines\ndispostions  du  Code  du  travail, relatives au  ch\u00e8que  emplo-service  universel et aux\n'services  \u00e0la  personne\nVu  le d\u00e9cret  n\u00b02018750  du 6 juin 2016 relatif \u00e0 la liste des activit\u00e9s de services \u00e0 Ia personne\nsoumises \u00e0 agr\u00e9ment  ou \u00e0 autorisation dans  le cadre  du  r\u00e9gime  commun de la d\u00e9claration ;\nVu  le d\u00e9cret du 31 octobre  2024  portant  nomination  de  Monsieur  Alexandre  BRUGERE,  en\nqualt\u00e9 de Pr\u00e9fet des Hauts-de-Seine  ;\nVu  Farr\u00e9t\u00e9 interminist\u00e9riel du  12 ao\u00fbt  2025  nommant  Monsieur  Fabrice  MASI,  Directeur\nr\u00e9gionalet interd\u00e9partemental de l'\u00e9conomie, de l'emploi, du travail et des solidarit\u00e9sd'le-\nde-France  \u00e0 compter du 25 ao\u00fbt  2025\nVu  l'ar\u00e8t\u00e9 pr\u00e9fectoral n\u00b02025-33  du  22  ao\u00fbt  2025  par  lequel le Pr\u00e9fet des  Hauts-de-Seine\nd\u00e9l\u00e8gue  sa  signature  \u00e0  Monsieur  Fabrice  MASI,  Directeur  r\u00e9gional et interd\u00e9partemental\nde l'\u00e9conomie, de l'emploi, du travail et des solidarit\u00e9s d'\u00cele-de-France ;\nVu  la d\u00e9cision  n\u00b0 2025-157  du  25  ao\u00fbt  2025  portant  subd\u00e9l\u00e9gation  de  signature  de  Monsieur\nFabrice  MASI,  Directeur  r\u00e9gional  et interd\u00e9partemental  de  l'\u00e9conomie, de  l'emploi, du\ntravail et des  soldari\u00e9s  d'\u00cele-de-France,  aux  agents  de  l'Unit\u00e9 d\u00e9partementale  des  Hauts\nde-Seine  ;\n'Vu la d\u00e9claration activites de services  \u00e0 la personne  d\u00e9pos\u00e9es  le 18 d\u00e9cembre  2025  au nom\nde la micro-entreprise DE  GUILHEM  DE LATAILLADE  VIOLETTE  MARIE  sise 50 Avenue\ndu  G\u00e9n\u00e9ral  Leclerc  BOULOGNE-BILLANCOURT  (82100)  ;\n\nApr\u00e8s  examen  du  dossier, cette demande  \u00e9tant conforme  aux  dispositions de article L. 7232-1-\n1 du  code  du  travail, le pr\u00e9sent  r\u00e9c\u00e9piss\u00e9  de  d\u00e9ciaration  d'activit\u00e9s de  services  \u00e0  la personne  a\n\u00e9t\u00e9  enregistr\u00e9  au  nom  de  la micro-entreprise  DE  GUILHEM  DE  LATAILLADE  VIOLETTE  MARIE\nsous  le num\u00e9ro  SAP  995346251.\nLes  activit\u00e9s d\u00e9clar\u00e9es  sont  es  suivantes, & l'exclusion de  toute autre\nEntretien  de  la maison  et travaux  m\u00e9nagers  ;\nPrestations  relevant  du  b\u00e9n\u00e9fice  de  la r\u00e9duction  d'imp\u00f4t  pr\u00e9vue\nG\u00e9n\u00e9ral  des  Impts.\nLa  structure  exerce  ces  activit\u00e9s  solon  le mode  suivant  : PRESTATAIRE\ncle  199  sexdecies du Code\nSous  r\u00e9serve d'\u00eatre exerc\u00e9es  \u00e0 ttre exclusif par le d\u00e9clarant (ou sous  r\u00e9serve d'une comptabiit\u00e9\ns\u00e9par\u00e9e  pour  les personnes  morales  dispens\u00e9es de la condition  d activit\u00e9 exclusive). ces  activit\u00e9s\nouvrent  drot  au b\u00e9n\u00e9fice  des  dispositions des  articles L. 7233-2  du  code  du travail et L. 241-10,\ndu  code  de  a  s\u00e9curt\u00e9  sociale.\nConform\u00e9ment  aux  dispositions  de  l'article R7232-19  du  code  du  travail l'organisme  d\u00e9clar\u00e9  doit\nproduire au moins  chaque  trimestre un \u00e9tat d'activit\u00e9 et chaque  ann\u00e9e un bilan quantitatif et\nqualtatf de activit\u00e9 exerc\u00e9e  au  tire de  l'ann\u00e9e \u00e9coul\u00e9e  ainsi qu'un tableau statistique annuel\nSi l'organisme  d\u00e9clar\u00e9  comporte  plusieurs  \u00e9tablissements,  les \u00e9tats statistiques et le bilan annuel\ndistinguent  l'actit\u00e9  exerc\u00e9e  par  chaque  \u00e9tablissement.\nLe  pr\u00e9sent  r\u00e9c\u00e9piss\u00e9  prend  effet le 18  d\u00e9cembre  2025.\nL'enrogistrement  de la d\u00e9claration pourra \u00eatre retir\u00e9 si l'organisme  d\u00e9clar\u00e9 cesse  de remplir\nles conditions  ou  de  respecter  les obligations  mentionn\u00e9es  aux  4\u00b0,6* et 6\u00b0 de  l'article\nR7232-17  ou  qui  m\u00e9connait  les obligations  d\u00e9finies  \u00e0 l'article R7232-19  du  code  du  traval\n'Toute modification concemant  la structure d\u00e9clar\u00e9e ou es  activit\u00e9s exerc\u00e9es devra, sous\npine  de reat  de la d\u00e9claration, fave Tobjet d'une G\u00e9caration modiicave  aupr\u00e9s de Ute\nd\u00e9partementale  des  Hauts-de-Seine\nLe  pr\u00e9sent r\u00e9\u00e9pian  sere publ  au recul  des cts  cintre  de La pr\u00e9fecture des Has.\nde-Seine.\nFait \u00e0 Nanterre,  le 22  d\u00e9cembre  2025.\nPour  le Pr\u00e9fet\nPar d\u00e9l\u00e9gation  ot subd\u00e9l\u00e9gation\nLa  Responsable  du  service\nD\u00e9veloppement  de  l'emploi  et des.\ncomp\u00e9tences\nke\nMariama CONDE\n\nEx  Direction r\u00e9gionale et interd\u00e9partementale\nMINIST\u00c8RE de l'\u00e9conomie,de l'emploi,\nDU  TRAVAIL,  DE  LA  SANT\u00c9,  du travail et des solidarit\u00e9s.\nDES  SOLIDARIT\u00c9S\nET  DES  FAMILLES\n=\nR\u00e9c\u00e9plss\u00e9  n\u00b02028.739  de  d\u00e9claration  d'activit\u00e9s de  services  \u00e0 la personne\nenregistr\u00e9e  sous  le n\u00b0 SAP938099447  au  nom  de  la micro-entreprise  REMBLIERE\nNoah  sise  28  Rue  du  Mont  Val\u00e9rien  \u00e0 SAINT-CLOUD  (92210)\nLE  PREFET  DES  HAUTS-DE-SEINE\nVu  la loi n\u00b0 2010-853  du  23  juilet 2010  relative aux  r\u00e9seaux  consulaires,  au  commerce  et \u00e0\nl'artisanat et aux  services  (article 31);\n'Vu la loi n\u00b02018-1778  du  28  d\u00e9cembre  2015  relative \u00e0\nviellissement;\nfaptation de  la soci\u00e9t\u00e9  au\nVu  l'aricie D7231-1  du  Code  du  travail;\nVu  les d\u00e9crets  n\u00b0 2011-1132  et n\u00b0 2011-1133  du  20  septembre  2011  modifiant  certaines\ndisposiions  du  Code  du  travail, relatives au  ch\u00e8que  emploi-service  universel  et aux\nservices  \u00e0 la personne ;\nVu  le d\u00e9cret  n\u00b02016750 du 6 jun  2016 relatif \u00e0 la liste des activites de services \u00e0 la personne\nsoumises  \u00e0 agr\u00e9ment  ou \u00e0 autorisation dans le cadre  du  r\u00e9gime  commun  dela  d\u00e9claration ;\nVu  le d\u00e9cret  du  31 octobre  2024  portant  nomination  de  Monsieur  Alexandre  BRUGERE,  en\nqualit\u00e9 de  Pr\u00e9fet des  Hauts-de-Seine\nVu  Farr\u00e9t\u00e9 imomminist\u00e9riel du  12  ao\u00fbt 2025  nommant  Monsieur  Fabrice  MASI,  Directeur\nr\u00e9gional  tinterd\u00e9partemental  de  l'\u00e9conomie, de l'emploi, du  travailet des  solidarit\u00e9s  d'le-\nde-France \u00e0 compter  du  25  ao\u00fbt  2025 ;\nVu  Farr\u00e9te pr\u00e9fectoral n\u00b02025-33  du 22 ao\u00fbt 2025  par lequel le Pr\u00e9fet des  Hauts-de-Seine\nd\u00e9l\u00e9gue  sa  signature  \u00e0  Monsieur  Fabrice  MASI,  Directeur  r\u00e9gional et interd\u00e9partomental\n'de l'\u00e9conomie, de l'emploi, du travail et des  solidarit\u00e9s d'\u00cele-de-France\n'Vu la d\u00e9cision  n\u00b0 2025-187  du  25  ao\u00fbt  2025  portant  subd\u00e9l\u00e9gation  de  signature  de  Monsieur\nFabrice  MASI,  Directeur  r\u00e9gional  et interd\u00e9partemental  de  l'\u00e9conomie,  de  l'emploi, du\ntravail et des  solidarit\u00e9s d'Ile-de-France,  aux  agents  de  l'Unit\u00e9 d\u00e9partementale  des  Hauts-\nde-Seine  ;\n'Vu la d\u00e9claration activit\u00e9s de services \u00e0 la personne  d\u00e9pos\u00e9es  le 18 d\u00e9cembre  2025  au nom\nde  la micro-entreprise REMBLIERE  Noah  sise 28 Rue  du Mont  Val\u00e9rien \u00e0 SAINT-CLOUD\n(82210):\n\n'Apr\u00e8s examen  du dossier, cette demande  \u00e9tant conforme aux dispositions de l'article L, 7282-1-\n1 du code  du traval, le pr\u00e9sent  r\u00e9c\u00e9piss\u00e9  de d\u00e9claration d'activit\u00e9s de services \u00e0 la personne a\n\u00e9t\u00e9  enregistr\u00e9  au  nom  de  la micro-entreprise  REMBLIERE  Noah  sous  le num\u00e9ro  SAP\n1938099447,\nLes  activit\u00e9s d\u00e9ctar\u00e9es  sont les suivantes,  \u00e0  l'exclusion de  toute  autre\n= Soutien  scolaire  ou  cours  \u00e0 domicil\n= Garde  d'enfants  de  plus  de  trois ans \u00e0  domicile\n= Accompagnement  des  enfants  de  plus  de  trois  ans dans  leurs  d\u00e9placements  en\ndehors  de  leur domicile  (promenades,  transports,  actes  de  la vie  courante)  ;\nPrestations  relevant du  b\u00e9n\u00e9fice  de  a  r\u00e9duction  d'imp\u00f4t pr\u00e9vue  \u00e0 article 199  sexdecies  du  Code\nG\u00e9n\u00e9ral  des  Imp\u00f4ts.\nLa  structure  exerce  ces  activit\u00e9s  selon  le mode  suivant  : PRESTATAIRE\nSous  r\u00e9serve d'\u00eatre exerc\u00e9es  \u00e0 tte  exclus  par le d\u00e9clarant (ou sous  r\u00e9serve d'une comptabilit\u00e9\ns\u00e9par\u00e9e  pour  es  personnes  morales  dispens\u00e9es  de  la condition  d'activit\u00e9 exclusive), ces activites\nouvrent  drot au b\u00e9n\u00e9fice  des  dispositions des  articles L. 7233-2 du code du traval  et L. 241-10\ndu  code  de  la s\u00e9curit\u00e9 sociale\nConform\u00e9ment  aux  dispositions de  l'article R7232-19  du  code  du  travail, l'organisme  d\u00e9clar\u00e9  doit\nproduire au moins  chaque  trimestre un \u00e9tat d'activit\u00e9 et chaque  ann\u00e9e un bilan quantitati et\n'qualtatf de  l'activit\u00e9 exerc\u00e9e  au tire de  l'ann\u00e9e \u00e9coul\u00e9e  ainsi qu'un tableau statistique annuel.\nSi organisme  d\u00e9clar\u00e9  compore  plusieurs  \u00e9tablissements,  le  \u00e9tats statistiques et le blan  annuel\ndistinguent  Factivit\u00e9 exerc\u00e9e  par  chaque  \u00e9tablissement,\nLo  pr\u00e9sent  r\u00e9c\u00e9piss\u00e9  prend  effet le 18 d\u00e9cembre  2024\nL'enregistrement  de  la d\u00e9claration pourra  \u00eatre retir\u00e9 si l'organisme d\u00e9clar\u00e9 cesse  de remplir\nles conditions  ou  de  respecter  les obligations  mentionn\u00e9es  aux  4,6\"  ot 6\u00b0 de  l'article\nR7232-17  ou  qui m\u00e9connait  les obligations d\u00e9finies & l'article R7232-19  du  code  du  travail\ncoi r\u00e9e bs ox devra, sous\npeine de retrait de  fa d\u00e9claration, faire l'objet dune  d\u00e9claration modtficative aupr\u00e8s  de [Unit\u00e9\nd\u00e9partementale  des  Hauts-de-Seine.\nLe pron  r\u00e9ctpind  sara  publi  au reel  ds  cts  cine de La pr\u00e9fecture de  Has\nde-Seine.\nFait \u00e0 Nanterre,  le 22  d\u00e9cembre  2025.\nPour  le Pr\u00e9fet\nPar  d\u00e9l\u00e9gation  ot subd\u00e9l\u00e9gation\nLa  Responsable  du  service\nD\u00e9veloppement  de  l'emplol  et des\ncomp\u00e9tences\n\nEu  Direction  r\u00e9gionale et interd\u00e9partementale\nMINIST\u00c8RE de l'\u00e9conomie,de l'emploi,\nDU  TRAVAIL,  DE  LA  SANT\u00c9,  du  travail et des solidarit\u00e9s\nDES  SOLIDARIT\u00c9S\nET  DES  FAMILLES\nFay\nR\u00e9c\u00e9piss\u00e9  n*2025-740  do  d\u00e9claration  d'activit\u00e9s de  services \u00e0 la personne\nenregistr\u00e9e  sous  le n\u00b0 SAP877792368 au  nom  de  la micro-entreprise  Niki TOSSOU\nsise 6 RUE  de  Barnet \u00e0  CHAVILLE  (92370)\nLE  PREFET  DES  HAUTS-DE-SEINE\nVu  la loi n\u00b0 2010-853 du  23  jullet 2010  relative aux  r\u00e9seaux  consulaires,  au  commerce  et \u00e0\nl'artisanat  et aux  services  (article 31)\nVu  la loi n\u00b02015-1776  du  28  d\u00e9cembre  2015  relative \u00e0 l'adaptation de  la soci\u00e9t\u00e9  au\nveilissement\n'Vu article  D7231-1  du  Code  du  travail;\nVu  les d\u00e9crets  n\u00b0 2011-1132  et n\u00b0 2011-1133  du  20  septembre  2011  modifiant  certaines\ndispositions du  Code  du  aval,  relatives au ch\u00e8que  emploi-service universel et aux\nservices  \u00e0 la personne  ;\nVu  le d\u00e9cret  n\u00b02016-750 du 6 juin 2016 relatif \u00e0 a  ist  des activit\u00e9s de services \u00e0 a personne\nsoumises  \u00e0 agr\u00e9ment  ou \u00e0 autorisation dans  le cadre  du  r\u00e9gime  commun  dela  d\u00e9ciaration ;\nVu  le  d\u00e9cret du 31 octobre 2024  portant nomination de  Monsieur  Alexandre  BRUGERE,  en\n'qualit\u00e9 de Pr\u00e9fet des Hauts-de-Seine ;\nVu  l'ar\u00f4t\u00e9 interminist\u00e9riel du  12 ao\u00fbt 2025  nommant  Monsieur  Fabrice MASI,  Directeur\nr\u00e9gional  et interd\u00e9partemental de \u00e9conomie,  de l'emplol, du  travail et des  solidarit\u00e9sdle-\nde-France  \u00e0 compter  du  25  ao\u00fbt  2025  ;\nVu  l'arr\u00eat\u00e9 pr\u00e9fectoral n'2025-33  du  22  ao\u00fbt  2025  par  lequel le Pr\u00e9fet des  Hauts-de-Seine\nd\u00e9l\u00e8gue  sa  signature  \u00e0 Monsieur  Fabrice  MASI,  Directeur  r\u00e9gional et Iterd\u00e9partemental\nde l'\u00e9conomie, de l'emploi, du travail et des solidarit\u00e9s d'le-de-France ;\nVu  la d\u00e9cision n\u00b0 2025-157  du  25  ao\u00fbt 2025  portant subd\u00e9l\u00e9gation de  signature de  Monsieur\nFabrice  MASI,  Directeur  r\u00e9gional  et interd\u00e9partemental  de l'\u00e9conomie, de  l'emploi, du\ntravail et des  soldari\u00e9s  d'\u00cele-de-France,  aux  agents  de  l'Unit\u00e9 d\u00e9partementale  des  Hauts-\nde-Seine  ;\nVu  la d\u00e9claration d'actvit\u00e9s de  services \u00e0 la personne  d\u00e9pos\u00e9es  le 12 octobre 2025  au nom\nde  la micro-entreprise  Niki TOSSOU  sise 6 RUE  de  Barnet  \u00e0 CHAVILLE  (92370)\n\nApr\u00e8s  examen  du  dossier,  cette  demande  \u00e9tant  conforme  aux dispositions  de  l'article L. 7232-1-\n1 du code du travail, le pr\u00e9sent  r\u00e9c\u00e9piss\u00e9  de d\u00e9claration d'activit\u00e9s de services \u00e0 la personne  a\n\u00e9t\u00e9 enregistr\u00e9 au nom  de la micro-entreprise Niki TOSSOU  sous le num\u00e9ro  SAP  877792358.\nLes  activit\u00e9s d\u00e9clar\u00e9es  sont les suivantes,  \u00e0  l'exclusion de  toute  autre\n= Soutien  scolaire  ou  cours \u00e0 domicil\n= Assistance  informatique  \u00e0 domicile\n= Assistance  administrative \u00e0 domicile;\nPrestations  relevant du  b\u00e9n\u00e9fice  dela  r\u00e9duction  d'imp\u00f4t  pr\u00e9vue  \u00e0 article 199  sexdecies  du  Code\nG\u00e9n\u00e9ral  des  Impbts.\nLa  structure  exerce  ces  activit\u00e9s  selon  le mode  suivant  : PRESTATAIRE\nSous  r\u00e9serve d'\u00eatre exerc\u00e9es  \u00e0 ttre exclusif par le d\u00e9clarant (ou sous  r\u00e9serve d'une comptabilit\u00e9\ns\u00e9par\u00e9e  pour les personnes  morales dispens\u00e9es  de la condition d'actvi\u00e9 exclusive), ces activites\n'ouvrent droit au  b\u00e9n\u00e9fice des  dispositions des  articles L. 7233-2  du  code  du travailet L. 241-10,\n'du code  de  la s\u00e9curit\u00e9 sociale.\n(Conform\u00e9ment  aux  dispositions de article  R7232-19  du  code  du  traval, organisme  d\u00e9ciar\u00e9  doit\nproduire au moins chaque timestre un \u00e9tat d'activit\u00e9 et chaque  ann\u00e9e  un blan quantitatif et\nQualtatf  de l'activit\u00e9 exerc\u00e9e  au  tire de  l'ann\u00e9e  \u00e9coul\u00e9e  ainsi qu'un  tableau  statistique annuel.\nSi l'organisme  d\u00e9clar\u00e9  comporte  plusieurs  \u00e9tablissements  les \u00e9tats statistiques et fe bla  annuel\ndistinguent  Factvit\u00e9 exerc\u00e9e  par  chaque  \u00e9tablissement,\nLe  pr\u00e9sent  r\u00e9c\u00e9piss\u00e9  prond  affot le 12  octobre  2026.\nL'enregistrement de la d\u00e9claration  pourra \u00eatre retir\u00e9 si l'organisme  d\u00e9clar\u00e9 cesse  de remplir\nles conditions  ou  de  respecter  les  obligations  mentionn\u00e9es  aux  4\u00b0,5\" et 6\u00b0 de  l'article\n7232-17  ou  qui  m\u00e9connalt  les obligations  d\u00e9finies  \u00e0 l'article R7232-19  du  code  du  travail.\n'Toute modification concernant la structure d\u00e9clar\u00e9e ou les activit\u00e9s exerc\u00e9es devra, sous\npeine  de  retrait de  la d\u00e9claration, faire l'objet dune  d\u00e9ciaration  modifcative  aupr\u00e8s  de  {Unit\u00e9\nd\u00e9partementale des Hauts-de-Seine.\nLe pr\u00e9sent r\u00e9c\u00e9piss\u00e9 sera publi\u00e9 au recueil des  actes administratfsde la pr\u00e9fecture des Hauts.\ndeSeine.\nFait \u00e0  Nanterre,  le 22  d\u00e9cembre  2025.\nPour  le  Pr\u00e9fet\nPar  d\u00e9l\u00e9gation  ot subd\u00e9l\u00e9gation\nLa  Responsable  du  service\nD\u00e9veloppement  de  l'emploi  et des\ncomp\u00e9tences\nMariama  CONDE\n\nEu  Direction  r\u00e9gionale et interd\u00e9partementale\nMINIST\u00c8RE de l'\u00e9conomie, de l'emploi,\nDU  TRAVAIL,  DE  LA  SANT\u00c9,  du travail et des solidarit\u00e9s\nDES  SOLIDARITES\nET  DES  FAMILLES\n\u00c9-A\nR\u00e9c\u00e9piss\u00e9  n\u00b02025-741  de  d\u00e9claration  d'activit\u00e9s de  services \u00e0 la personne\nenregistr\u00e9e  sous  le n\u00b0 SAP995280534  au  nom  de  la micro-entreprise  Adam\nBOUSSAID  sise  68  Avenue  du  Bois  de  Verri\u00e8res  \u00e0 ANTONY  (92160)\nLE  PREFET  DES  HAUTS-DE-SEINE\nla oi n\u00b0 2010-853  du  23  jullet 2010  relative aux  r\u00e9seaux  consulaires,  au  commerce et \u00e0\nl'artisanat  et  aux  services  (article 31)\nVu  la loi n\u00b02015-1776  du  28  d\u00e9cembre  2015  relative \u00e0 l'adaptation de  la soci\u00e9t\u00e9  au\nveilissement ;\n'Vu article  D7231-1  du  Code  du  traval;\nVu  les d\u00e9crets  n\u00b0 2011-1132  et n\u00b0 2011-1133  du  20  septembre  2011  modifiant  certaines.\ndispositions  du  Code  du  travail, relatives  au  ch\u00e8que  emploi-service  universel  et aux\nservices \u00e0 la personne  ;\n'Vu le d\u00e9cret  \"2016-750 du 6 juin 2016  relat \u00e0  la iste des activit\u00e9s de services \u00e0 la personne\nsoumises \u00e0 agr\u00e9ment  ou  autorisation dans le cadre du  r\u00e9gime  commun  de a d\u00e9claration\nVu  le  d\u00e9cret du 31 octobre 2024  portant nomination  de Monsieur  Alexandre  BRUGERE,  en\n'qualit\u00e9 de Pr\u00e9fet des Hauts-de-Seine;\nVu  l'\u00e9t\u00e9  interminist\u00e9riel du  12 ao\u00fbt  2025  nommant  Monsieur  Fabrice  MASI,  Directeur\nr\u00e9gional  et interd\u00e9partemental de l'\u00e9conomie,  de l'emploi, du  travailet des soldart\u00e9s  d'le-\nde-France  \u00e0 compter  du  25  ao\u00fbt  2025  ;\nVu  l'arr\u00eat\u00e9 pr\u00e9fectoral n\u00b02025-33  du  22  ao\u00fbt  2025  par  lequel le Pr\u00e9fet des  Hauts-de-Seine\nd\u00e9l\u00e8gue  sa  signature  \u00e0 Monsieur  Fabrice  MASI,  Directeur  r\u00e9gional et interd\u00e9partemental\nde  l'\u00e9conomie, de  l'emploi, du travailet des solidarit\u00e9s d'\u00cele-de-France  ;\nVu  la d\u00e9cision n\u00b0 2025-187  du  25 ao\u00fbt 2025  portant subd\u00e9l\u00e9gation de signature de Monsieur\nFabrice  MASI,  Directeur  r\u00e9gional  et interd\u00e9partemental  de  l'\u00e9conomie,  de  l'emploi, du\ntravail et des solidarit\u00e9s d'l-de-France,  aux  agents de l'Unit\u00e9 d\u00e9partementale  des  Hauts-\nde-Seine  ;\nVu  la d\u00e9claration d activit\u00e9s de  services  \u00e0  la  personne  d\u00e9pos\u00e9es  le 20  d\u00e9cembre  2025  au  nom\nde  la micro-entreprise  Adam  BOUSSAID  sise 68  Avenue  du  Bois  de  Veri\u00e8res  \u00e0 ANTONY\n(82160)\n\nApr\u00e8s examen  du dossier, cette demande  \u00e9tant conforme aux dispositions de l'article L. 7232-1-\n1 du  code  du  travail, le pr\u00e9sent  r\u00e9c\u00e9piss\u00e9  de  d\u00e9claration  d'activit\u00e9s  de  services  \u00e0  la personne  a\n\u00e9t\u00e9 enregistr\u00e9  au  nom  de  la micro-entreprise  Adam  BOUSSAID  sous  le num\u00e9ro  SAP\n995280534,\nLes  activit\u00e9s d\u00e9clar\u00e9es  sont les suivantes,  \u00e0  l'exclusion de  toute  autre\n+ Entrotion la maison  ot  travaux  m\u00e9nagers  ;\nPrestations  relevant du  b\u00e9n\u00e9fice  dela  r\u00e9duction  d'imp\u00f4t  pr\u00e9vue  \u00e0 article  199  sexdecies  du  Code\nG\u00e9n\u00e9ral  des  Imp\u00f4ts.\nLa  structure  exerce  ces  activit\u00e9s  selon  le mode  suivant : PRESTATAIRE\nSous  r\u00e9serve  d'\u00eatre exerc\u00e9es  \u00e0 tire exclusif par  le d\u00e9clarant  (ou  sous  r\u00e9serve  d'une  comptabilit\u00e9\n's\u00e9par\u00e9e pour les personnes  morales dispens\u00e9es de la condition d'activt\u00e9 exclusive), ces activit\u00e9s,\nouvrent  droit au  b\u00e9n\u00e9fice des  dispositions des  articles L. 7233-2  du  code  du travall et L. 241-10\ndu  code  de  la s\u00e9curte  sociale,\nConform\u00e9ment  aux  dispositions de l'article R7232-19 du code  du  traval, l'organisme  d\u00e9clar\u00e9  doit\nproduire au moins chaque timesire un \u00e9tat d'activit\u00e9 et chaque  ann\u00e9e un bilan quantitatif et\nqualtatf de l'activit\u00e9 exerc\u00e9e  au  tre  de  l'ann\u00e9e \u00e9coul\u00e9e  ainsi qu'un tableau statistique annuel\nSi 'organisme  d\u00e9clar\u00e9  comporte  plusieurs  \u00e9tablissements,  les \u00e9tats statistiques et le bilan annuel\ndistinguent  l'activit\u00e9 exerc\u00e9e  par  chaque  \u00e9tablissement.\nLe  pr\u00e9sent  r\u00e9c\u00e9piss\u00e9  prend  affot le 20  d\u00e9combre  2025.\nL'enregistrement de la d\u00e9claration  pourra  \u00eatre retir\u00e9 si l'organisme  d\u00e9clar\u00e9  cesse  de  remplir\nles conditions  ou  de  respecter  les obligations  montionn\u00e9os  aux  4\u00b0,5\u00b0 et 6\u00b0 de  l'article\nR7232-17  ou  qui  m\u00e9conna\u00eet  les obligations  d\u00e9finies  \u00e0 l'article R7232-19  du  code  du  travail.\nn ctu s ctivit\u00e9s exerc\u00e9es devra, sous\neine  de  retrait de fa d\u00e9claration, faire objet  d'une d\u00e9claration modificatwe aupr\u00e9s  de  l'Unit\u00e9\nd\u00e9partementale  des  Hauts-de-Seine\nLe  pr\u00e9sent  r\u00e9c\u00e9piss\u00e9  sera  publi\u00e9 au  recuel  des  actes  administratifs de  la pr\u00e9fecture des  Hauts-\nde-Seine.\nFait \u00e0  Nanterre,  le 22  d\u00e9cembre  2025.\nPour  le Pr\u00e9fot\nPar  d\u00e9l\u00e9gation  ot subd\u00e9l\u00e9gation\nLa  Responsable  du  sorvice\nD\u00e9veloppement  de  l'emploi  ot des\ncomp\u00e9tences\nMariama CONDE\n\n=z  Direction  r\u00e9gionale ot  interd\u00e9partementale\nMINISTERE  de l'\u00e9conomie, de l'emploi,\nDU  TRAVAIL,  DE  LA  SANT\u00c9,  du travail et des solidarit\u00e9s\nDES  SOLIDARIT\u00c9S\nET  DES  FAMILLES\nA\nR\u00e9c\u00e9piss\u00e9  n\u00b02025-742  de  d\u00e9claration  d'activit\u00e9s de  services  \u00e0 la personne\nenregistr\u00e9e  sous  le n\u00b0  SAP938570207  au  nom  de  la micro-entreprise MANGO\nKILIAN  sise 269  Rue  du  M\u00e9nil  $2600  \u00e0 ASNIERES-SUR-SEINE  (92600)\nLE  PREFET  DES  HAUTS-DE-SEINE\nVu  la loi n\u00b0 2010-853  du  23 juilet 2010  relative aux  r\u00e9seaux  consulaires,  au  commerce  et \u00e0\nl'artisanat  et  aux  services  (article 31)\nVu  la loi n\u00b02015-1778  du  28  d\u00e9cembre  2015  relative \u00e0  l'adaptation de  la soci\u00e9t\u00e9  au\nviilissement\nVu  l'article 07231-1  du  Code  du  travail;\nVu  les d\u00e9crets  n\u00b0 2011-1132  et n\u00b0 2011-1133  du  20  septembre  2011  modifiant  certaines\ndispostions  du  Code  du  travail, relatives au  ch\u00e8que  emploi-service  universel et aux\n'services \u00e0la  personne\nVu  le d\u00e9cret  n\u00b02016750  du  6juin  2016  relatif\u00e0 la liste des  activit\u00e9s de  services  \u00e0 Ia personne\nsoumises  \u00e0  agr\u00e9ment  ou  \u00e0  autorisation  dans  le cadre  du  r\u00e9gime  commun  de  a  d\u00e9claration  ;\nVu  le d\u00e9cret  du  31  octobre  2024  portant  nomination  de  Monsieur  Alexandre  BRUGERE,\nquait\u00e9 de Pr\u00e9fet des  Hauts-de-Seine  ;\nVu  Farr\u00e9t\u00e9 interminist\u00e9riel du  12 ao\u00fbt  2025  nommant  Monsieur  Fabrice  MASI,  Directeur\nr\u00e9gional et interd\u00e9partemental  de l'\u00e9conomie, de l'emploi, du  travailet des  solidarit\u00e9s dle\n'de-France \u00e0 compter  du 25 ao\u00fbt  2025 ;\nVu  l'arr\u00eat\u00e9 pr\u00e9fectoral  n\u00b02025-33  du  22  ao\u00fbt  2025  par  lequel  le Pr\u00e9fet  des  Hauts-de-Seine\nd\u00e9l\u00e8gue  sa  signature  \u00e0  Monsieur  Fabrice  MASI,  Directeur  r\u00e9gional et interd\u00e9partemental\nde  l'\u00e9conomie, de l'emploi, du travail et des  solidarit\u00e9s d'\u00cele-de-France ;\nVu  la d\u00e9cision  n\u00b0 2025-157 du  25  ao\u00fbt  2025  portant  subd\u00e9l\u00e9gation  de  signature  de  Monsieur\nFabrice  MASI,  Directeur  r\u00e9gional  et  interd\u00e9partemental  de  l'\u00e9conomie,  de  l'emploi, du\ntravail et des  solidarit\u00e9s d'\u00cele-de-France,  aux  agents  de  I Unit\u00e9  d\u00e9partementale  des  Hauts-\nde-Seine ;\nVu  la  d\u00e9claration  d'actvit\u00e9s  de services  \u00e0  la personne  d\u00e9pos\u00e9es  le 20  d\u00e9cembre  2025  au  nom\nde  la micro-entreprise  MANGO  KILIAN  sise  268  Rue  du  M\u00e9nil  $2600  \u00e0  ASNIERES-SUR-\nSEINE  (82600)  ;\n\n'Apr\u00e8s examen  du dossier, cette demande  \u00e9tant conforme aux dispositions de l'article L. 7232-1\n1 du code  du travail, le pr\u00e9sent  r\u00e9c\u00e9piss\u00e9  de d\u00e9claration d'activit\u00e9s de services \u00e0 la personne a\n\u00e9t\u00e9  enregistr\u00e9  au  nom  de  la micro-entreprise  MANGO  KILIAN  sous  le num\u00e9ro  SAP  938570207.\nLes  activit\u00e9s  d\u00e9ctar\u00e9es  sont  les  suivantes,  \u00e0  l'exclusion  de  toute  autre\n= Soutien  scolaire  ou  cours  \u00e0  domicile;\nPrestations  relevant  du  b\u00e9n\u00e9fice  de  a  r\u00e9duction  d'imp\u00f4t  pr\u00e9vue  \u00e0  Varticle 199  sexdecies du Code\nG\u00e9n\u00e9ral  des  Imp\u00f4ts,\nLa  structure  exerce  ces  activit\u00e9s  selon  le mode  suivant  : PRESTATAIRE\nSous  r\u00e9serve  d'\u00eatre exerc\u00e9es  \u00e0 tite exclusif par  le d\u00e9clarant  (ou sous  r\u00e9serve d'une  comptabilit\u00e9\ns\u00e9par\u00e9e  pour  les  personnes morales  dispens\u00e9es  de la condition d'actvit\u00e9 exclusive), ces  activit\u00e9s\nouvrent drot au b\u00e9n\u00e9fice des dispositions des articles L. 7233-2  du  code du travail et L. 241-10,\ndu code  de la s\u00e9curit\u00e9 sociale\n'Conform\u00e9ment  aux  dispositions de  l'article R7232-19  du  code  du  travail, l'organisme  d\u00e9clar\u00e9  doit\nproduire  au  moins  chaque  trimestre  un  \u00e9tat d'activit\u00e9 et chaque  ann\u00e9e  un  bilan quantitatif et\n'Qualtatfde Factivite exerc\u00e9e au tire de l'ann\u00e9e \u00e9coul\u00e9e ainsi qu'un tableau statistique annuel.\nSi lrganisme  d\u00e9clar\u00e9 comport  plusieurs \u00e9tablissements, les \u00e9tats statistiques et le blan annuel\ndistinguent  l'actit\u00e9 exerc\u00e9e  par  chaque  \u00e9tablissement\nLe  pr\u00e9sent  r\u00e9c\u00e9piss\u00e9  prend  effet le 20 d\u00e9cembre  2025.\nL'enrogistrement  de  la d\u00e9claration  pourra  \u00eatre rotir\u00e9si l'organisme  d\u00e9clar\u00e9  cesse  de remplir\nles conditions  ou  de  respacter  les obligations  mentionn\u00e9es  aux  4\u00b0,5\u00b0 et 8\u00b0 de  l'article\nR723247  ou  qui  m\u00e9connalt  les  obligations  d\u00e9finies  \u00e0\npone  de retrat de la d\u00e9ck\nd\u00e9partementale  des  Hauts-de-Seine.\nLe  pr\u00e9sent  r\u00e9c\u00e9piss\u00e9  sera  publi\u00e9  au  recueil des  actes  administratifs de  a  pr\u00e9fecture  des  Hauts-\nde-Seine.\nFait \u00e0 Nanterre, le 22  d\u00e9cembre  2025.\nPour  le Pr\u00e9fet\nPar  d\u00e9l\u00e9gation  ot subd\u00e9l\u00e9gation\nLa  Responsable  du  service\nD\u00e9veloppement  de  l'emploi  et des\ncomp\u00e9tences\nMaridma CONDE\n\n=x  Direction  r\u00e9gionale  et interd\u00e9partementale\nMINISTERE  de l'\u00e9conomie, de l'emploi,\nDU  TRAVAIL,  DE  LA  SANT\u00c9,  du travail et des solidarit\u00e9s\nDES  SOLIDARIT\u00c9S\nET  DES  FAMILLES\nn\u00b02025743  de  d\u00e9claration  d'activit\u00e9s de  services  \u00e0 la personne\nenregistr\u00e9e  sous  le n\u00b0 SAPS18034749  au  nom  de  la micro-entreprise  HAMBLOT\nNORBERT  sise  9  Rue  de  Flandre  \u00e0  Clamart  (92140)\nLE  PREFET  DES  HAUTS-DE-SEINE\nVu  la loi n\u00b0  2010-853  du  23  jullet  2010  relative  aux  r\u00e9seaux  consulaires,  au  commerce et  \u00e0\nFartisanat et aux  services  (article 31);\nVu  la loi n\u00b02018-1778  du  28  d\u00e9cembre  2015  relative  \u00e0  l'adaptation  de  la soci\u00e9t\u00e9  au\nvieilissement\nVu  l'aricie 07231-1  du  Code du travail\nles d\u00e9crets  n\u00b0 2011-1132  et n\u00b0 2011-1133  du  20  septembre  2011  modifiant  certaines:\ndispostions  du  Code  du  travail, relatives au  ch\u00e8que  emploi-service  universel  et aux\n'services  \u00e0 la personne ;\nVu  le d\u00e9cret  n\u00b02016750 du 6 juin 2016 relatif \u00e0 la liste des activit\u00e9s de services \u00e0 la personne\nsoumises  \u00e0 agr\u00e9ment  ou \u00e0 autorisation dans le cadre  du  r\u00e9gime  commun  de la d\u00e9claration ;\n=\nVu  le d\u00e9cret  du  31 octobre  2024  portant  nomination  de  Monsieur  Alexandre  BRUGERE,  en\nquait\u00e9 de Pr\u00e9fet des Hauts-de-Seine;\nVu  l'arr\u00eat\u00e9 interminist\u00e9riel du  12 ao\u00fbt  2025  nommant  Monsieur  Fabrice  MASI,  Directeur\nr\u00e9gional et interd\u00e9partemental de l'\u00e9conomie, de l'emploi, du travail et des solidarit\u00e9s d'le-\n'de-France  \u00e0  compter du 25  ao\u00fbt  2025  ;\nVu  l'\u00e9t\u00e9  pr\u00e9fectoral n\u00b02025-33  du  22  ao\u00fbt  2025  par  lequel le Pr\u00e9fet des  Hauts-de-Seine\nd\u00e9l\u00e8gue  sa  signature  \u00e0  Monsieur  Fabrice  MASI,  Directeur  r\u00e9gional  et  interd\u00e9partemental\nde l'\u00e9conomie, de l'emploi du travail et des solidarit\u00e9s d'\u00cele-de-France\nVu  la d\u00e9cision  n\u00b0 2025-157  du  25  ao\u00fbt  2025  portant  subd\u00e9l\u00e9gation  de  signature  de  Monsieur\nrice MASI,  Directeur  r\u00e9gional  et interd\u00e9partemental  de  l'\u00e9conomie, de  l'emploi. du\ntravail et des  soidari\u00e9s  dile-de-France,  aux  agents  de  l'Unit\u00e9 d\u00e9partementale  des  Hauts-\nde-Seine\nVu  la d\u00e9claration  d'activit\u00e9s de  services  \u00e0 la personne  d\u00e9pos\u00e9e  le 28  d\u00e9cembre  2025  au  nom\n'dela  micro-entreprise  HAMBLOT  NORBERT  sise 9  Rue  de  Flandre  \u00e0 Clamart  (92140)  ;\n\n'Apres examen  du  dossier, cette demande  \u00e9tant conforme  aux dispositions de  l'article L. 7232-1-\n1 du  code  du  travail, le pr\u00e9sent  r\u00e9c\u00e9piss\u00e9  de  d\u00e9claration  d'activit\u00e9s  de  services  \u00e0  la personne  \u00e0\n\u00e9t\u00e9 enregistr\u00e9  au  nom  de  la micro-entreprise  HAMBLOT  NORBERT  sous  le num\u00e9ro  SAP\n518034749,\nLes  activit\u00e9s d\u00e9clar\u00e9es  sont  les suivantes,  \u00e0  exclusion  de  toute  autre\n= Soutien  scolaire ou  cours  \u00e0  domicile ;\nPrestations  relevant du  b\u00e9n\u00e9fice  de  Ia r\u00e9duction  d'imp\u00f4t  pr\u00e9vue  \u00e0 article 199  sexdecies  du  Code\n(G\u00e9n\u00e9ral  des  Imp\u00f4ts.\nLa  structure  exerce  ces  activit\u00e9s  selon  le mode  suivant :  PRESTATAIRE\n'Sous  r\u00e9serve  d'\u00eatre exerc\u00e9es  \u00e0 tire exclusif par  le d\u00e9clarant  (ou  sous  r\u00e9serve  d'une  comptabiit\u00e9\ns\u00e9par\u00e9e  pour  les personnes  morales  dispens\u00e9es de la condition  d'activit\u00e9 exclusive), ces activit\u00e9s.\n'ouvrent droit au b\u00e9n\u00e9fice des  dispositions des  articles L. 7233-2  du  code  du travail et L. 241-10\ndu  code  de  la s\u00e9curt\u00e9  sociale.\nConform\u00e9ment  aux  dispositions de l'article R7232-19 du code du travail l'organisme  d\u00e9clar\u00e9  doit\nproduire  au  moins  chaque  trimestre un  \u00e9tat d'activit\u00e9 et chaque  ann\u00e9e  un  bilan quantitatif et\nQualtat  de l'ctit\u00e9  exerc\u00e9e  au tire de l'ann\u00e9e \u00e9coul\u00e9e  ainsi qu'un tableau statistique annuel.\nSi l'organisme d\u00e9clar\u00e9 comporte  plusieurs \u00e9tablissements, les \u00e9tats statistiques et le blan annuel\ndistinguent  l'activit\u00e9 exerc\u00e9e  par chaque  \u00e9tablissement.\nLe  pr\u00e9sent  r\u00e9c\u00e9piss\u00e9  prend  effet lo 28  d\u00e9combre  2025.\nL'enrogistrement de la d\u00e9claration  pourra  \u00eatre retir\u00e9 si l'organisme  d\u00e9clar\u00e9  cesse  de remplir\nles conditions  ou  de  respecter  les obligations  mentionn\u00e9es  aux  4\u00b0,5\u00b0 et 6\u00b0 de  l'article\nR7232-17  ou  qui m\u00e9connait  les obligations d\u00e9finies \u00e0 l'article R7232-19  du  code  du  travail.\nLe  pr\u00e9sent  r\u00e9c\u00e9piss\u00e9  sera  publi\u00e9 au  recueil des  actes  administratifs de la pr\u00e9fecture  des  Hauts-\ndo-Seine.\nFait \u00e0 Nanterre,  le 30  d\u00e9cembre  2025.\nPour  le Pr\u00e9fet\nPar d\u00e9l\u00e9gation  et subd\u00e9t\u00e9gation\nLa  Responsable  du  service\nD\u00e9veloppement  de  l'emploi  et des\ncomp\u00e9tences\ndy\nMarlama  CONDE\n\nEx  Direction  r\u00e9gionale  et  interd\u00e9parter\nMINIST\u00c8RE de l'\u00e9conomi\nDU  TRAVAIL,  DE LA  SANT\u00c9,  du travailot des solidarit\u00e9s\nDES  SOLIDARIT\u00c9S\nET  DES  FAMILLES\nLA\nR\u00e9c\u00e9piss\u00e9  n\u00b02028-744  de  d\u00e9claration  d'activit\u00e9s de services  \u00e0 la personne\nenregistr\u00e9e  sous  le n\u00b0 SAP  995129582  au  nom  de la micro-entreprise\nCHICOYNEAU  DE  LAVALETTE  SACHA  sise  69 Rue  de  la Saussi\u00e8re \u00e0 Boulogne-\nBillancourt  (92100)\nLE  PREFET  DES  HAUTS-DE-SEINE\nVu  la oi n\u00b0 2010-853  du  23  jullet 2010  relative aux  r\u00e9seaux  consulaires,  au commerce  et \u00e0\narisanat  et aux  services  (article 31)\nVu  la loi n\u00b02015-1776  du  28  d\u00e9cembre  2015  relative  \u00e0  adaptation  de  la soci\u00e9t\u00e9  au\nVieltissoment ;\nVu  l'aricie 07231-1  du  Code  du traval;\nVu  les d\u00e9crets  n\u00b0 2011-1132  et n\u00b0 2011-1133  du  20  septembre  2011  modifiant  certaines\ndispostions  du  Code  du  travail, relatives  au  ch\u00e8que  emplo-service  universel  et  aux\nservices  \u00e0  la personne  ;\nVu  le d\u00e9cret  n\u00b02016-750  du  6 jun  2016  relat  \u00e0 la ist  des  activit\u00e9s de  services  ala  personne\nsoumises  \u00e0 agr\u00e9ment ou \u00e0 autorisation dans  le cadre  du  r\u00e9gime  commun  de a  d\u00e9claration  ;\nVu  le d\u00e9cret  du  31 octobre  2024  portant  nomination  de  Monsieur  Alexandre  BRUGERE,  en\nquait\u00e9 de Pr\u00e9fet des Hauts-de-Seine\nVu  l'ar\u00e9t\u00e9  interminist\u00e9riel du  12  ao\u00fbt  2025  nommant  Monsieur  Fabrice  MASI,  Directeur\nr\u00e9gional et interd\u00e9partementade l'\u00e9conomie, de l'emploi,du travail et des solidarit\u00e9sdle\nde-France  \u00e0  compter  du  28  ao\u00fbt  2025\nVu  l'arr\u00e9t\u00e9 pr\u00e9fectoral n\u00b02025-33  du  22  ao\u00fbt  2025  par  lequel le Pr\u00e9fet des  Hauts-de-Seine\nd\u00e9l\u00e8gue  sa  signature  \u00e0  Monsieur  Fabrice  MASI,  Directeur  r\u00e9gional  et  interd\u00e9partemental\nde l'\u00e9conomie, de l'emploi, du travail et des solidarit\u00e9s d'\u00cele-de-France\nVu  la d\u00e9cision  n\u00b0 2025-187  du  25  ao\u00fbt  2025  portant subd\u00e9l\u00e9gation  de  signature  de  Monsieur\nbrice MASI,  Directeur  r\u00e9gional et interd\u00e9partemental  de  l'\u00e9conomie.  de  l'emploi, du\ntravail et des  solidarit\u00e9s d'lle-de-France,  aux  agents  de  l'Unit\u00e9 d\u00e9partementale  des  Hauts-\nde-Seine\n'Vu la d\u00e9claration d'activit\u00e9s de services  \u00e0 la personne  d\u00e9pos\u00e9e  le 22 d\u00e9cembre  2025 au nom\nde  la micro-entreprise  CHICOYNEAU  DE  LAVALETTE  SACHA  sise 69  Rue  de  la\n'Saussi\u00e9re  \u00e0  Boulogne-Billancourt  (92100)\n\n'Apr\u00e8s examen  du  dossier, cette demande  \u00e9tant  conforme  aux dispostions  de  l'article L. 7232-1-\n1 du code  du aval,  le pr\u00e9sent r\u00e9c\u00e9piss\u00e9 de d\u00e9claration \u00a2 activit\u00e9s de services \u00e0 la personne  a\n\u00e9t\u00e9  enregistr\u00e9  au  nom  de  la micro-entreprise  CHICOYNEAU  DE  LAVALETTE  SACHA  sous  le\nnum\u00e9ro  SAP  995129582\nLes  activites d\u00e9clar\u00e9es  sont  les suivantes,  \u00e0 l'exclusion de  toute autre\nEntretien  de  la maison  et travaux  m\u00e9nagers  ;\nPrestations  relevant  du  b\u00e9n\u00e9fice  de  a  r\u00e9duction  d'imp\u00f4t  pr\u00e9vue \u00e0 article 199 sexdecies du Code\nG\u00e9n\u00e9ral  des  Imp\u00f4ts.\nLa  structure  exorce  ces  activit\u00e9s  selon  le mode  suivant  : PRESTATAIRE\nSous  r\u00e9serve d'\u00eatre exerc\u00e9es  \u00e0 ttre exclusifpar le d\u00e9clarant (ou sous  r\u00e9serve d'une comptabiit\u00e9\ns\u00e9par\u00e9e  pour  les personnes  morales  dispens\u00e9es de la condition  d activit\u00e9 exclusive)  ces  activites,\nouvrent  droit au b\u00e9n\u00e9fice  des  dispositions des  articles L. 7233-2  du  code  du traval et L. 241-10\ndu  code  de  la s\u00e9curit\u00e9 sociale.\nConform\u00e9ment  aux dispositionsde article R7232-19  du code  du  travail l'organisme d\u00e9ciar\u00e9 doit\nproduire au moins  chaque  trimestre un \u00e9tat d'activit\u00e9 et chaque  ann\u00e9e  un bilan quantitatf et\nqualtatf de l'activit\u00e9 exerc\u00e9e  au  tire de l'ann\u00e9e \u00e9coul\u00e9e  ainsi qu'un  tableau  statistique annuel\nSi l'organisme  d\u00e9clar\u00e9  comporte  plusieurs  \u00e9tablissements,  les \u00e9tats statistiques et le ban  annuel\ndistinguent  l'activit\u00e9 exerc\u00e9e  par chaque  \u00e9tablissement.\nLe  pr\u00e9sent  r\u00e9c\u00e9piss\u00e9  prend  effet le 22  d\u00e9combre  2025.\nL'enregistrement de la d\u00e9claration pourra \u00eatre retir\u00e9 si l'organisme  d\u00e9clar\u00e9 cesse de remplir\nles conditions  ou  de  respecter  les  obligations  montionn\u00e9es  aux  4\u00b0,5\u00b0 et 6\u00b0 de  l'article\nR7232-17  ou  qui  m\u00e9connait  les obligations  d\u00e9finies  \u00e0 l'article R7232-19  du  code  du  travail.\n'Toute modification concemant  la structure d\u00e9clar\u00e9e ou es activit\u00e9s exerc\u00e9es devra sous\nDeine de  retrait de  Ta d\u00e9claration, fae  Tobjet d'une d\u00e9claration modifeaive  aupr\u00e8s  de F\u00dcnit\u00e9\nd\u00e9partementale  dos  Hauts-de-Seine\nLo pr\u00e9sent r\u00e9c\u00e9piss\u00e9 sera publ\u00e9  au recueil des  actes administratifsde Ia pr\u00e9fecture des Hauts-\nde-Seino.\nFait \u00e0  Nanterre, le 30 d\u00e9cembre  2025.\nPour  le Pr\u00e9fet\nPard\u00e9l\u00e9gation  ot subd\u00e9l\u00e9gation\nLa  Responsable  du  service\nD\u00e9veloppement  de  l'emplol  et des\ncomp\u00e9tences\n\nEn  Direction  r\u00e9gionale  etinterd\u00e9partementale\nMINISTERE de l'\u00e9conomie, de l'emploi,\nDU  TRAVAIL,  DE LA  SANT\u00c9,  du travail et des solidarit\u00e9s\nDES  SOLIDARIT\u00c9S\nET  DES  FAMILLES\nea\nR\u00e9c\u00e9piss\u00e9  n\u00b02025-745  de  d\u00e9claration  d'activit\u00e9s de  services  \u00e0 la personne\nenregistr\u00e9e  sous  le n\u00b0 SAP  995296548  au  nom  de  la SASU  PROGRESSER  sise  12\nAll\u00e9e des  Fauvettes  \u00e0 Chatenay-Malabry  (92290)\nLE  PREFET  DES  HAUTS-DE-SEINE\n'Vu la loi n\u00b0 2010-853  du 23 juilet 2010 relative aux r\u00e9seaux consulaires, au commerce et \u00e0\nl'artisanatet aux services (article 31)\nVu  la loi n\u00b02015-1776  du 28  d\u00e9cembre  2015  relative \u00e0 l'adaptation de  la soci\u00e9t\u00e9 au\nviellissement ;\nVu  l'aricie 07231-1  du  Code  du  trava\nVu  les d\u00e9crets n\u00b0 2011-1132  et n\u00b0 2011-1133  du  20 septembre  2011  modifiant certaines\ndispostions du Code  du  travail, relatives au ch\u00e8que  emplot-service universel et aux\nservices  \u00e0  la personne  ;\nVu  le d\u00e9cret n\u00b02018-750  du 6 juin 2016  relatif \u00e0 la ist  des  activites de services \u00e0 la personne\nsoumises \u00e0 agr\u00e9ment  ou  \u00e0 autorisation dans  le cadre  du  r\u00e9gime  commun  de la d\u00e9ciaration  ;\nVu  le d\u00e9cret du 31 octobre 2024  portant nomination de  Monsieur  Alexandre  BRUGERE,  en\nqualit\u00e9 de  Pr\u00e9fet des  Hauts-de-Seine  ;\nVu  l'\u00e9t\u00e9  interminist\u00e9riel du  12 ao\u00fbt 2025  nommant  Monsieur  Fabrice MASI, Directeur\n'gional  et nterd\u00e9partemental de l'\u00e9conomie, de l'emploi, du travail et des sokdaritesd'le-\nde-France \u00e0 compter  du 25 ao\u00fbt  2025\nVu  l'ar\u00e9t\u00e9 pr\u00e9fectoral n\u00b02025-33  du  22  ao\u00fbt 2025  par lequel le Pr\u00e9fet des  Hauts-de-Seine\nd\u00e9l\u00e8gue  sa signature \u00e0 Monsieur  Fabrice MASI,  Directeur r\u00e9gional et interd\u00e9partemental\nde l'\u00e9conomie, de l'emploi du travailet des solidarit\u00e9s d'\u00cele-de-France ;\nVu  la d\u00e9cision n\u00b0 2025-157  du  25 ao\u00fbt 2025  portant subd\u00e9l\u00e9gation de  signature de  Monsieur\nFabrice  MASI,  Directeur  r\u00e9gional  et interd\u00e9partemental  de  l'\u00e9conomie, de l'emploi, du\ntravail et des  soldart\u00e9s  d'le-de-France, aux  agents  de l'Unit\u00e9 d\u00e9partementale  des Hauts-\nde-Seine  ;\n'Vu la d\u00e9claration d'activit\u00e9s de  services \u00e0 la personne  d\u00e9pos\u00e9e  le 22 d\u00e9cembre  2025  au nom\nde  la SASU  PROGRESSER  sise 12 Allee des  Fauvettes \u00e0 Chatenay-Malabry  (82280),\n\nApr\u00e8s  examen  du dossier, cette demande  \u00e9tant conforme  aux  dispositions de l'article L. 7232-1-\n1 du  code  du  travail, le pr\u00e9sent  r\u00e9c\u00e9piss\u00e9  de  d\u00e9claration  d'activit\u00e9s de  services  \u00e0 la personne  a\n\u00e9t\u00e9  enregistr\u00e9  au  nom  de  la SASU  PROGRESSER  sous  le num\u00e9ro  SAP  995296548,\nLes  activites d\u00e9ctar\u00e9es  sont les suivantes,  \u00e0 l'exclusion de  toute autre\n= Soutien  scolaire  ou  cours  \u00e0  domicile  ;\nPrestations  relevant du  b\u00e9n\u00e9fice  de la r\u00e9duction  d'imp\u00f4t  pr\u00e9vue  \u00e0 Varticle 199  sexdecies du Code\nG\u00e9n\u00e9ral  des  Imp\u00f4ts,\nLa  structure  exerce  ces  activit\u00e9s  selon  les modes  suivant  :PRESTATAIRE,  MANDATAIRE\nET  MISE  A  DISPOSITION\nSous  r\u00e9serve  d'\u00eatre exerc\u00e9es  \u00e0  tte  exclusi  parle  d\u00e9clarant  (ou sous  r\u00e9serve  d'une  comptabiit\u00e9\n's\u00e9par\u00e9e  pour  les personnes  morales  dispens\u00e9es  de  la condition  activit\u00e9 exclusive). ces activites\n'ouvrent droit au  b\u00e9n\u00e9fice  des  dispositions  des  articles L. 72332  du  code  du  travail et L. 241-10\ndu  code  de  la s\u00e9curit\u00e9 sociale.\nConform\u00e9ment  aux  depositions  de  article R7232-19 du code  du  traval, l'organisme  d\u00e9clar\u00e9  doit\nproduire  au  moins  chaque tmestre  un  \u00e9tat d'activit\u00e9 et chaque  ann\u00e9e  un  blan  quanttatf  et\nqualtatf de l'activit\u00e9 exerc\u00e9e au tire de l'ann\u00e9e \u00e9coul\u00e9e ainsi qu'un tableau statistique annuel.\nSi  l'organisme  d\u00e9clar\u00e9  comporte  plusieurs  \u00e9tablissements,  les  \u00e9tats  statistiques  et le bilan  annuel\ndistinguent  l'activit\u00e9 exerc\u00e9e  par  chaque  \u00e9tablissement\nLo  pr\u00e9sent  r\u00e9c\u00e9piss\u00e9  prend  effet le 22  d\u00e9cembre  2028.\nL'enregistrement  de la d\u00e9claration  pourra  \u00eatre rotr\u00e9 si l'organisme  d\u00e9clar\u00e9  cesse  de remplir\nles conditions  ou  de  respecter  les  obligations  mentionn\u00e9es  aux  4\u00b0,5\u00b0 ot 6\u00b0 de  l'article\nR7232-17  ou  qui  m\u00e9connalt  les obligations  d\u00e9finies  \u00e0 l'article R7232-19  du  code  du  travail.\n'Toute  modification concernant la structure d\u00e9clar\u00e9e ou les activit\u00e9s exerc\u00e9es devra, sous\npeine de retrait de la d\u00e9claration, faire l'objet dune  d\u00e9ciaration modificative aupr\u00e8s de l'Unit\u00e9\nd\u00e9partementale  des Hauts-de-Seine\nLe  proven  r\u00e9\u00e9pias  sea  publ  au  recul  ds  acts  adnate  de  La pr\u00e9fecture  des Has\nde-Seine.\nFait \u00e0 Nanterre, le 30  d\u00e9cembre  2025.\nPour le Pr\u00e9fet\nar  d\u00e9l\u00e9gation  et subd\u00e9l\u00e9gation\nLa  Responsable  du  service\nD\u00e9veloppement  de  l'emploi  et des\ncomp\u00e9tences\n\nEs\nDUTRAVAIL, DE LA SANT\u00c9, du ral et des soliantes\nDES  SOLIDARIT\u00c9S\nET  DES  FAMILLES\nA\nR\u00e9c\u00e9piss\u00e9 n\u00b02025-746 de d\u00e9claration d'activit\u00e9s de services \u00e0 la personne\nenregistr\u00e9e  sous  le n\u00b0 SAP  995009636  au nom  de  la micro-entreprise  BON\nCHARLOTTE  sise  28  Boulevard  Stalingrad  \u00e0 Malakoff  (92240)\nLE  PREFET  DES  HAUTS-DE-SEINE\nVu  la loi n\u00b0 2010-853  du  23  jullet 2010  relate  aux  r\u00e9seaux  consulaires,  au  commerce  et \u00e0\nl'artisanat  et aux  services  (article 31)  ;\nVu  la loi n\u00b02015-1778  du  28  d\u00e9cembre  2015  relative \u00e0 l'adaptation de  la soci\u00e9t\u00e9  au\nviilissement\nVu  l'article 07231-1  du  Code  du  travail\nVu  les d\u00e9crets  n\u00b0 2011-1132  et n\u00b0 2011-1133  du  20  septembre  2011  modifiant  certaines\ndisposiions  du  Code  du  travail, relatives au  ch\u00e8que  emploi-service  universel  et aux\nservices  \u00e0 la personne ;\nVu  le d\u00e9cret  n\u00b02018750 du 6 jun  2016  relatif\u00e0 la liste des activit\u00e9s de services \u00e0 Ia personne\nsoumises  \u00e0 agr\u00e9ment  ou  \u00e0 autorisation dans le cadre du  r\u00e9gime  commun  de la d\u00e9claration\nVu  le d\u00e9cret  du  31 octobre  2024  portant  nomination  de  Monsieur  Alexandre  BRUGERE,  en\nqualt\u00e9 de  Pr\u00e9fet des  Hauts-de-Seine\nVu  l'ar\u00e8t\u00e9 interminist\u00e9riel du  12 ao\u00fbt  2025  nommant  Monsieur  Fabrice  MASI,  Directeur\nr\u00e9gional  et  interd\u00e9partemental de l'\u00e9conomie,  de l'emploi  du  travail et  des  solldant\u00e9s  dle-\n'de-France \u00e0 compler  du 25 ao\u00fbt  2025  ;\nvr\u00e8t\u00e9 pr\u00e9fectoral n\u00b02025-33  du  22  ao\u00fbt  2025  par  lequel le Pr\u00e9fet des  Hauts-de-Seine\nd\u00e9l\u00e8gue  sa  signature  \u00e0  Monsieur  Fabrice  MASI,  Directeur  r\u00e9gional et interd\u00e9partemental\nde  l'\u00e9conomie, de l'emploi du travailet des solidarit\u00e9s d'\u00cele-de-France;\nvu\nVu  la d\u00e9cision  n\u00b0 2025-187  du  25  ao\u00fbt  2025  portant  subd\u00e9l\u00e9gation  de  signature  de  Monsieur\nFabrice  MASI,  Directeur  r\u00e9gional  et  interd\u00e9partemental  de  l'\u00e9conomie,  de  l'emploi,  du\ntravail et des  solidarit\u00e9s dle-de-France,  aux  agents  de  l'Unit\u00e9 d\u00e9partementale  des  Hauts-\nde-Seine  ;\nVu  la d\u00e9claration d'actwt\u00e9s  de services \u00e0 la personne  d\u00e9pos\u00e9e  le 19 d\u00e9cembre  2025  au  nom\nde  la micro-entreprise  BON  CHARLOTTE  sise  28  Boulevard  de  Stalingrad  \u00e0  Malakoff\n(82240)\n\nApr\u00e8s examen  du dossier, cette demande  \u00e9tant conforme aux dispositions de l'articleL. 7232-1-\n1 du  code  du  travail, le pr\u00e9sent  r\u00e9c\u00e9piss\u00e9  de  d\u00e9ciaration  d'activit\u00e9s de  services  \u00e0  la personne  a\n\u00e9t\u00e9 enregistr\u00e9  au  nom  de  la micro-entreprise  BON  CHARLOTTE  sous  le num\u00e9ro  SAP  995008636,\nLes  activit\u00e9s d\u00e9ciar\u00e9es  sont  les  suivantes,  & l'exclusionde toute  autre\nEntretien  de  la maison  et  travaux  m\u00e9nagers\nPrestations  relevant du  b\u00e9n\u00e9fice  dela  r\u00e9duction  d'mp\u00f4t  pr\u00e9vue  \u00e0 Faricle 199  sexdecies  du  Code\nG\u00e9n\u00e9ral  des  Imp\u00f4ts,\nLa  structure  exerce  ces  activit\u00e9s  selon  les modes  suivant  : PRESTATAIRE\nSous  r\u00e9serve  d'\u00eatre exerc\u00e9es  \u00e0  tire exclusif par  le d\u00e9clarant  (ou  sous  r\u00e9serve  d'une  comptablit\u00e9\ns\u00e9par\u00e9e  pour  les  personnes  morales  dispens\u00e9es  de  la condition  activit\u00e9  exclusive),  ces  activit\u00e9s,\n'ouvrent droit au  b\u00e9n\u00e9fice des  dispositions des  articles L. 7233-2  du  code  du traval et L  241-10\ndu  code  de  la s\u00e9curit\u00e9  sociale.\nConform\u00e9ment  aux  dispositions de  article R7232-19  du  code  du  traval, l'organisme  d\u00e9ctar\u00e9  doit\nproduire au moins chaque timestre un \u00e9tat d'activi\u00e9 et chaque  ann\u00e9e  un bilan quantitatif et\nqualtatf de  Factivte exerc\u00e9e  au  ire  de  l'ann\u00e9e \u00e9coul\u00e9e  ainsi qu'un tableau statistique annuel.\nSi 'organisme  d\u00e9clar\u00e9  comporte  plusieurs  \u00e9tablissements,  es  \u00e9tats statistiques et le bilan annuel\ndistinguent  l'activit\u00e9 exerc\u00e9e  par  chaque  \u00e9tablissement.\nLe  pr\u00e9sent  r\u00e9c\u00e9piss\u00e9 prend  affet le 19  d\u00e9cembre  2028.\nL'enregistrement  de la d\u00e9claration  pourra \u00eatre retir\u00e9 si l'organisme  d\u00e9clar\u00e9  cesse  de remplir\nles conditions  ou  de  respecter  les obligations  mentionn\u00e9es  aux  4\u00b0,6\u00b0 et 6\u00b0 de l'article\nR7232-17  ou  qui  m\u00e9connalt  les obligations  d\u00e9finies  \u00e0 l'article R7232-19  du  code  du  travail.\ndevra,  sous\npeine de  retrait de  la d\u00e9claration, faire l'objet dune  d\u00e9claration modificative aupr\u00e8s  de [Unite\n'd\u00e9partementale  des  Hauts-de-Seine\nLe  pr\u00e9sent  r\u00e9c\u00e9piss\u00e9  sera  publi\u00e9 au  recueil des  actes  administratifs de  Ia pr\u00e9fecture des  Hauts.\nde-Seine.\nFat  \u00e0  Nanterre,  le 30  d\u00e9cembre  2025.\nPour  le Pr\u00e9fet\nPar  d\u00e9l\u00e9gation  et subd\u00e9l\u00e9gation\nLa  Responsable  du  service\nD\u00e9veloppement  de  l'emploi  ot des\ncomp\u00e9tences\nMariarha CONDE\n\n=n  Direction r\u00e9gionale et interd\u00e9partementale\nMINISTERE  de l'\u00e9conomie, de l'emploi,\nDU  TRAVAIL,  DE  LA  SANT\u00c9,  du travailet des solidarit\u00e9s\nDES  SOLIDARIT\u00c9S\nET  DES  FAMILLES\npo\nR\u00e9c\u00e9piss\u00e9  n\u00b02025:747  de  d\u00e9claration  d'activit\u00e9s  de  services  \u00e0 la personne\nenregistr\u00e9e  sous  le n\u00b0 SAP  441960069  au  nom  de  la micro-entreprise  COCHARD\nCHRISTOPHE  sise  63  Rue  Gabriel  P\u00e9ri  a Montrouge  (82120)\nLE  PREFET  DES  HAUTS-DE-SEINE\n'Vu  la loi n\u00b0  2010-853  du  23  jullet  2010  relative aux  r\u00e9seaux  consulaires,  au  commerce et  \u00e0\nl'artisanat et aux  services  (article 31);\nVu  la loi n\u00b02015-1778  du  28  d\u00e9cembre  2015  relative  \u00e0  l'adaptation  de  la soci\u00e9t\u00e9  au\nvellissement ;\nVu  l'article 07231-1  du  Code  du  travail;\nVu  les d\u00e9crets  n\u00b0 2011-1132  et n\u00b0 2011-1133  du  20  septembre  2011  modifiant  certaines\ndispostions  du  Code  du  travail, relatives au  ch\u00e8que  emplo-service  universel  et aux\n'services \u00e0 la personne ;\nVu  le d\u00e9cret  n\u00b02018750 du 6jun  2016  relatif\u00e0 la liste des  activit\u00e9s de services  \u00e0 la personne\nsoumises  \u00e0 agr\u00e9ment  ou  \u00e0 autorisation dans le cadre  du  r\u00e9gime  commun  de la d\u00e9claration  ;\nVu  le d\u00e9cret  du  31 octobre  2024  portant  nomination  de  Monsieur  Alexandre  BRUGERE,  en\nquait\u00e9 de Pr\u00e9fet des Hauts-de-Seine\narr\u00e9t\u00e9 interminist\u00e9riel du  12 ao\u00fbt  2025  nommant  Monsieur  Fabrice  MASI,  Directeur\nr\u00e9gionalet interd\u00e9partemental de l'\u00e9conomie, de l'emploi, du travailet des solidarit\u00e9s d'le-\nde-France \u00e0  compler  du  25  ao\u00fbt  2025  ;\nVu  l'ar\u00e8t\u00e9 pr\u00e9fectoral n\u00b02025-33  du  22  ao\u00fbt  2025  par  lequel le Pr\u00e9fet des  Hauts-de-Seine\nd\u00e9l\u00e8gue  sa  signature  \u00e0  Monsieur  Fabrice  MASI,  Directeur  r\u00e9gional et interd\u00e9partemental\nde  l'\u00e9conomie, de Temple,  du travailet des solidart\u00e9s d'\u00cele-de-France;\nvu\n'Vu la d\u00e9cision  n\u00b0 2025-157  du  25  ao\u00fbt  2025  portant  subd\u00e9l\u00e9gation  de  signature  de  Monsieur\nFabrice  MASI,  Directeur  r\u00e9gional  et interd\u00e9partemental  de  l'\u00e9conomie,  de  l'emploi. du\ntravail et des  solidarit\u00e9s d'Ile-de-France, aux  agents  de  l'Unit\u00e9 d\u00e9partementale  des  Hauts-\nde-Seine\nVu  la d\u00e9claration  d'activit\u00e9s de  services  \u00e0 la personne  d\u00e9pos\u00e9e  le 15  d\u00e9cembre  2025  au  nom\nde  la micro-entreprise  COCHARD  CHRISTOPHE  sise 63  Rue  Gabriel  P\u00e9ri \u00e0  Montrouge\n(82120)\n\n'Apr\u00e8s examen  du  dossier, cette demande \u00e9tant  conforme  aux  dispositions de l'article L. 7232-1-\n1 du code  du  traval, le pr\u00e9sent  r\u00e9c\u00e9piss\u00e9  de d\u00e9claration d'activit\u00e9s de services  \u00e0 la personne  a\n\u00e9t\u00e9  enregistr\u00e9  au  nom  de  la micro-entreprise  COCHARD  CHRISTOPHE  sous  le num\u00e9ro  SAP\n1441960069,\nLes  activites d\u00e9clar\u00e9es  sont  les suivantes,  \u00e0 l'exclusion de  toute  autre\n= Entrotion  de la maison  ot travaux  m\u00e9nagers  ;\n= Petits travaux  de  jardinage,  y compris  les  travaux  de  d\u00e9broussalllage  ;\n+ Travaux  de petit Bricolage  dits \u00ab homme  toutes  mains  \u00bb ;\nPrestations  relevant  du b\u00e9n\u00e9fice  de la r\u00e9duction  d'imp\u00f4t  pr\u00e9vue  \u00e0 article 199 sexdecies du Code\nG\u00e9n\u00e9ral  des  Imp\u00f4ts.\nLa  structure  exerce  ces  activit\u00e9s  selon  les modes  suivant PRESTATAIRE\nSous  r\u00e9serve  d'\u00eatre exerc\u00e9es  \u00e0 ttre exclusif par  le d\u00e9clarant  (ou sous  r\u00e9serve  d'une  comptabiit\u00e9\ns\u00e9par\u00e9e pour les personnes morales dispens\u00e9es de la condition d'activit\u00e9 exclusive) ces activit\u00e9s\nouvrent  drot  au b\u00e9n\u00e9fice  des  dispositions  des  articles L. 7233-2  du  code  du  travail et L. 241-10,\n'du code  de  la s\u00e9curit\u00e9 sociale,\nConform\u00e9ment  aux  dispositions de  article R7232-19  du  code  du  traval, l'organisme d\u00e9clar\u00e9  doit\nProduire au  moins  chaque  trimestre un \u00e9tat d'activit\u00e9 et chaque  ann\u00e9e  un bilan quanttatt et\nqualtatf de  l'activit\u00e9 exerc\u00e9e  au tite de  l'ann\u00e9e \u00e9coul\u00e9e  ainsi qu'un tableau statistique annuel.\nSi l'organisme  d\u00e9clar\u00e9  comporte  plusieurs  \u00e9tablissements,  le  \u00e9tats statistiques et le bilan annuel\ndistinguent  activit\u00e9 exerc\u00e9e  par  chaque  \u00e9tablissement.\nLe  pr\u00e9sont  r\u00e9c\u00e9piss\u00e9 prond  efft  le 15 d\u00e9cembre  2025.\nL'enregistrement de la d\u00e9claration pourra  \u00eatre retir\u00e9 a  organism\nles conditions  ou  de  respecter  les obligations  mentionn\u00e9es  aux  4\u00b0,5\u00b0 ot\n7232417  ou  qui  m\u00e9connait  les  obligations  d\u00e9finies  \u00e0 article  R7232-19  du  code  du  travail.\nd\u00e9partementale  des  Hauts-de-Seine.\nLe  pr\u00e9sent  r\u00e9c\u00e9piss\u00e9  sera  publi\u00e9  au recuell des  actes  administratifs de  a  pr\u00e9fecture des  Hauts-\nde-Soine.\nFait \u00e0  Nanterre,  le 30  d\u00e9cembre  2025.\nPour  le Pr\u00e9fet\nPar  d\u00e9l\u00e9gation  ot  subd\u00e9l\u00e9gation\nLa  Responsable  du  service\nD\u00e9veloppement  de  l'emploi  et des\ncomp\u00e9tences\noa\nMariam  CONDE\n\nEu  Direction  r\u00e9gionale  etinterd\u00e9partementale\nMINIST\u00c8RE  de l'\u00e9conomie, de l'emploi,\nDU  TRAVAIL,  DE  LA  SANT\u00c9,  du travail et des solidarit\u00e9s\nDES  SOLIDARIT\u00c9S\nET  DES  FAMILLES\nSe\nR\u00e9c\u00e9piss\u00e9  n\u00b02025-748  de  d\u00e9claration  d'activit\u00e9s  de  services  \u00e0 la personne\nenregistr\u00e9e  sous  le n\u00b0 SAP  832741946  au  nom  de  la micro-entreprise  RGOUD\nABDELOUAHAB  sise  10  Jardins  de  la Vall\u00e9e  \u00e0 Chatenay-Malabry  (92290)\nLE  PREFET  DES  HAUTS-DE-SEINE\nVu  la loi n\u00b0 2010-853  du  23  jullet 2010  relative aux  r\u00e9seaux  consulaires,  au  commerce  et \u00e0\nl'aisanat et aux  services  (article 31);\nVu  la loi n\u00b02018-1778  du  28  d\u00e9cembre  2015  relative \u00e0 l\nveilissement ;\nVu  l'aricie 07231-1  du  Code  du  travail;\nVu  les d\u00e9crets  n\u00b0 2011-1132  et n\u00b0 2011-1133  du  20  septembre  2011  modifiant  certaines\ndispositions  du  Code  du  travail, relatives au  ch\u00e8que  emploi-service  universel  et aux\nservices  \u00e0  la personne  ;\nfaptation  de  la soci\u00e9t\u00e9  au\nVu  le d\u00e9cret  2016-750  du  6  juin 2016  relatif \u00e0 a  iste des  activit\u00e9s de  services  \u00e0 la personne\nsoumises  \u00e0  agr\u00e9ment ou \u00e0  autorisation  dans  le cadre  du  r\u00e9gime  commun  dela  d\u00e9claration  ;\nVu  le d\u00e9cret  du  31  octobre  2024  portant  nomination  de  Monsieur  Alexandre  BRUGERE,\nqualit\u00e9 de Pr\u00e9fet des  Hauts-de-Seine\nVu  l'arr\u00e9t\u00e9 interminist\u00e9riel  du  12  ao\u00fbt  2025  nommant  Monsieur  Fabrice  MASI,  Directeur\nr\u00e9gional et  interd\u00e9partementa  de \u00e9conomie,  de l'emploi, du travail et des  solidarit\u00e9s dle\nde-France  \u00e0 compter  du  25  ao\u00fbt  2025  ;\nVu  l'arr\u00e8t\u00e9 pr\u00e9fectoral  n\u00b02025-33  du  22  ao\u00fbt  2025  par  lequel  le Pr\u00e9fet  des  Hauts-de-Seine\nd\u00e9l\u00e8gue  sa signature \u00e0  Monsieur  Fabrice  MASI, Directeur  r\u00e9gional et interd\u00e9partemental\nde  l'\u00e9conomie, de l'emploi, du travail et des solidarit\u00e9s d'\u00cele-de-France\nd\u00e9cision  n\u00b0  2025-187  du  25  ao\u00fbt  2025  portant  subd\u00e9l\u00e9gation  de  signature  de  Monsieur\nFabrice  MASI,  Directeur  r\u00e9gional  et  interd\u00e9partemental  de  l'\u00e9conomie,  de  l'emplo,  du\ntravail ot des  solidart\u00e9s  d'\u00cele-de-France,  aux  agents  de  Unit\u00e9  d\u00e9partementale  des  Hauts-\nde-Seine  ;\nVu  la d\u00e9claration  d'activit\u00e9s  de  services  \u00e0 la personne  d\u00e9pos\u00e9e  le 09  d\u00e9cembre  2025  au  nom\nmicro-entreprise  RGOUD  ABDELOUAHAB  sise  10  Jardins  de  la Vale  \u00e0  Chatenay-\nMalabry  (92290)\n\n'Apres examen  du  dossier, cette demande  \u00e9tant  conforme  aux dispositions  de  article L. 7232-1-\n1 du code  du traval, le pr\u00e9sent  r\u00e9c\u00e9piss\u00e9  de d\u00e9claration d'actvt\u00e9s  de services \u00e0 la personne  a\nmicro-entreprise  RGOUD  ABDELOUAHAB  sous  le num\u00e9ro  SAP\nLes  activites d\u00e9clar\u00e9es  sont  les suivantes,  \u00e0 l'exclusion de  toute  autre\n= Soutien  scolaire  ou  cours  \u00e0 domicile ;\nPrestations  relevant du  b\u00e9n\u00e9fice  de  la r\u00e9duction  d'imp\u00f4t  pr\u00e9vue  \u00e0 l'aricie 199  sexdecies  du  Code\nG\u00e9n\u00e9ral  des  Imp\u00f4ts.\nLa  structure  exerce  ces  activit\u00e9s  selon  les modes  suivant  : PRESTATAIRE\nSous  r\u00e9serve  d'\u00eatre exerc\u00e9es  \u00e0 titre exclusif parle  d\u00e9clarant  (ou  sous  r\u00e9serve  d'une  comptabilt\u00e9\ns\u00e9par\u00e9e pour les personnes morales dispens\u00e9es de la condition d activit\u00e9 exclusive) ces activit\u00e9s\nouvrent droit au b\u00e9n\u00e9fice des  dispositions des  articles L. 7233-2  du  code  du travall et L. 241-10\ndu  code  de  la s\u00e9curt\u00e9  sociale.\nConform\u00e9ment  aux  dispositions de  l'article R7232-19  du code  du  travail, l'organisme d\u00e9clar\u00e9 doit\nproduire  au  moins  chaque  trimestre un  \u00e9tat d'activit\u00e9 et chaque  ann\u00e9e  un  bilan quantitatif et\nqualtatfde l'activit\u00e9 exerc\u00e9e au tre de l'ann\u00e9e \u00e9coul\u00e9e ainsi qu'un tableau statistique annuel.\nSi l'organisme d\u00e9clar\u00e9 comport  plusieurs \u00e9tablissements, les \u00e9tats statistiques et le bilan annuel\ndistinguent  l'actit\u00e9  exerc\u00e9e  par  chaque  \u00e9tablissement\nLe  pr\u00e9sent  r\u00e9c\u00e9piss\u00e9  prend  effet le 09  d\u00e9cembre  2025.\nL'enrogistroment de la d\u00e9claration  pourra  \u00eatre retir\u00e9 si l'organisme  d\u00e9clar\u00e9 cesse de  remplir\nles conditions  ou  de  respecter  les obligations  mentionn\u00e9es  aux  4\u00b0,5\u00b0 ot 6\u00b0 de  l'article\nR723217  ou  qui m\u00e9connait  les obligations d\u00e9finies \u00e0 l'article R7232-19 du code  du  travail.\na4 devra, sous\npeine de retrait de fe d\u00e9claration, fare l'objet dune  d\u00e9claration modifcatve  aupr\u00e9s  de  TUNte\nd\u00e9partementae  des  Hauts-de-Seine.\nLe  pr\u00e9sent  r\u00e9c\u00e9piss\u00e9  sera publi\u00e9 au recueil des  actes  administratifs de  la pr\u00e9fecture des  Hauts-\nde-Seine.\nFait \u00e0  Nanterre,  le 30 d\u00e9cembre  2025.\nPour  le Pr\u00e9fet\nPar  d\u00e9l\u00e9gation  et subd\u00e9l\u00e9gation\nLa  Responsable  du  service\nD\u00e9veloppement  de  l'emploi  ot  des\ncomp\u00e9tences\n|Guso\n'Mariama CONDE\n\nEu  Direction  r\u00e9gionale  et  interd\u00e9partomentale\nMINISTERE  'de \u00e9conomie, de l'emploi,\nDU  TRAVAIL,  DE  LA  SANT\u00c9,  du travail et des solidarit\u00e9s\nDES  SOLIDARIT\u00c9S\nET  DES  FAMILLES\nioe\nR\u00e9c\u00e9piss\u00e9  n\u00b02025-749  de  d\u00e9claration  modificative  d'activit\u00e9s de  services  \u00e0 la\npersonne  enregistr\u00e9e  sous  le n\u00b0 SAP  934326154  au nom  de  la SASU  DOMELI  sise\n6 Rue  Beffroy  \u00e0 Neuilly-sur-Seine  (92200)\nLE  PREFET  DES  HAUTS-DE-SEINE\n'Vu  la oi  n\u00b0  2010-853  du  23  juilet  2010  relative  aux  r\u00e9seaux  consulaires,  au  commerce  et  \u00e0\nl'artisanat et aux  services  (article 31)\n'Vu la loi n\u00b02015-1776  du  28  d\u00e9cembre  2015  relative \u00e0  l'adaptation de  la soci\u00e9t\u00e9  au\nviellissement ;\nVu  l'aricie 07231-1  du  Code  du  travall;\nVu  les d\u00e9crets  n\u00b0 2011-1132  et n\u00b0 2011-1133  du  20  septembre  2011  modifiant  certaines\ndisposiions  du  Code  du  travail relatives au  ch\u00e8que  emploi-service  universel  et aux\n'srvices \u00e0  la personne\nVu  le d\u00e9cret  n\u00b02018:750  du  6 juin 2016  relatif \u00e0 la liste des  activit\u00e9s de  services  \u00e0 la personne\nsoumises  \u00e0  agr\u00e9ment ou  \u00e0  autorisation  dans  le cadre  du  r\u00e9gime  commun  de a  d\u00e9claration;\nVu  le d\u00e9cret  du  31 octobre  2024  portant  nomination  de  Monsieur  Alexandre  BRUGERE,  en\nquait\u00e9 de  Pr\u00e9fet  des Hauts-de-Seine\nVu  l'arr\u00eat\u00e9 interminist\u00e9riel du  12 ao\u00fbt  2025  nommant  Monsieur  Fabrice  MASI,  Directeur\nr\u00e9gional et interd\u00e9partemental de l'\u00e9conomie, de l'emploi, du travail et des salidart\u00e9s  d'le-\nde-France \u00e0 compter  du 25 ao\u00fbt  2025 ;\nVu  l'\u00e9t\u00e9  pr\u00e9fectoral n\u00b02025-33  du  22  ao\u00fbt  2025  par  lequel le Pr\u00e9fet des  Hauts-de-Seine\nd\u00e9l\u00e8gue  sa  signature  \u00e0  Monsieur  Fabrice  MASI,  Directeur  r\u00e9gional  et  interd\u00e9partemertal\nde \u00e9conomie,  de l'emploi, du travail et des solidarit\u00e9s d'\u00cele-de-France ;\nVu  la d\u00e9cision n\u00b0 2025-157 du 25 ao\u00fbt 2025 portant  subd\u00e9l\u00e9gation  de  signature de Monsieur\nFabrice  MASI,  Directeur  r\u00e9gional  et  interd\u00e9partemental  de  \u00e9conomie,  de  l'emploi,  du\ntravail ot des  solidarit\u00e9s  d'\u00cele-de-France,  aux  agents  de  I Unit\u00e9  d\u00e9partementale  des  Hauts-\nde-Seine\nVu  le r\u00e9c\u00e9piss\u00e9  n\u00b02024-567  du  12 novembre  2024  de  d\u00e9claration  d'actvit\u00e9s  de  services \u00e0 la\npersonne enregistr\u00e9 au nom  de la SASU  DOMELI  sous le num\u00e9ro  SAPS34328154  ;\n\nVu  la demande  de  modification  de  ia d\u00e9claration  d'activit\u00e9s de services \u00e0 a  personne  d\u00e9pos\u00e9e\nle 03  octobre  2025  au  nom  de  la SASU  DOMELI  sise 6 Rue  Beftroy  \u00e0  Neully-sur-Seine\n(82200)\nConsid\u00e9rant que cette modification vise \u00e0 ajouter des activit\u00e9s de la d\u00e9claration et que\ncette  demande  \u00e9tant  conforme  aux  dispositions de  Fartcie  L. 7232-1-1  du\ncode  du  travail;\nLe  r\u00e9c\u00e9piss\u00e9  n\u00b02024-567  du  12 novembre  2024  enregistr\u00e9e  au  nom  de  la SASU  DOMEL!  est\nainsi  modifi\u00e9\nLes  activites d\u00e9clar\u00e9es  sont  les suivantes,  \u00e0 l'exclusion de  toute  autre\nEntretien  de  la maison  et travaux  m\u00e9nagers\nGarde  d'enfants  de  plus  de  3 ans  \u00e0 domicile  ;\n'Accompagnement  des  enfants  de  plus  de  3 ans  dans  leurs  d\u00e9placements  ;\nPetits  travaux  de  jardinage\n'Travaux  de  petit bricolage ;\nPr\u00e9paration  de  repas  \u00e0  domicile  ;\nLivraison  de  repas  \u00e0  domicile  ;\nGollecte  et livraison  \u00e0  domicile  de  linge  ropass\u00e9  ;\nLivraison  de  courses  \u00e0 domicile  ;\nMaintenance,  entretien et vigilance  temporaires  \u00e0 domicile  ;\nAssistance  informatique  \u00e0 domicile;\nAssistance  administrative  \u00e0 domicile\nT\u00e9l\u00e9-assistance  et visio-assistance  ;\nPrestations relevant  du b\u00e9n\u00e9fice  dela  r\u00e9duction  d'imp\u00f4t pr\u00e9vue  \u00e0 'ricie  199 sexdecies du Code\nG\u00e9n\u00e9ral des  Imp\u00f4ts.\nLa structure exerce  ces  activit\u00e9s  solon  les modes  suivant  : PRESTATAIRE\nSous  r\u00e9serve  d'\u00eatre exerc\u00e9es  \u00e0 tire exclusif par  le d\u00e9clarant  (ou  sous r\u00e9serve  d'une  comptablit\u00e9\ns\u00e9par\u00e9e pour es personnes morales dispens\u00e9es de la condition activit\u00e9 exclusive), ces activites.\nouvrent  droit au  b\u00e9n\u00e9fice des  dispositions  des  articles L. 7233-2  du  code  du  travail et  L. 241-10\ndu  code  de la s\u00e9curit\u00e9 sociale.\nConform\u00e9ment  aux  dispositions  de  l'article R7232-19  du  code  du  travail Forganisme  d\u00e9clar\u00e9  doit\nproduire au moins  chaque  trimestre un \u00e9tat d'activit\u00e9 et chaque  ann\u00e9e  un bilan quanttatf et\n'qualtatfde l'activit\u00e9 exerc\u00e9e  au  tte  de  l'ann\u00e9e \u00e9coul\u00e9e  ainsi qu'un tableau statistique annuel.\nSi organisme  d\u00e9clar\u00e9  comporte  plusieurs  \u00e9tablissements,  les \u00e9tats statistiques et le bilan annuel\ndistinguent  l'actit\u00e9  exerc\u00e9e  par  chaque  \u00e9tablissement\nLe  pr\u00e9sent  r\u00e9c\u00e9piss\u00e9  prend  effet le 03  octobre  2026,\nL'enregistrement de la d\u00e9claration  pourra \u00eatre  retir\u00e9 si l'organisme  d\u00e9clar\u00e9  cesse  de  remplir\nles  conditions  ou  de  respecter  les obligations  mentionn\u00e9es  aux  4\u00b0,6\u00b0 et 6\u00b0 de l'article\n723217  ou  qui  m\u00e9connalt  les obligations  d\u00e9finies  \u00e0 l'article R7232-19  du  code  du  travail.\n\n'Toute modification concemant  la structure d\u00e9clar\u00e9e ou es activit\u00e9s exerc\u00e9es devra, sous\npeine  de  rerat  de  a  d\u00e9claration, fae  objet  dune  d\u00e9claration  modifcatve  aupr\u00e9s  de  (Unit\u00e9\n'\u00e9partementale  des  Hauts-de-Seine\nLe  pr\u00e9sent  r\u00e9c\u00e9piss\u00e9  sera  publi\u00e9 au  recueil des  actes  administratifs de  la pr\u00e9fecture  des  Hauts-\nde-Seine,\nFait \u00e0 Nanterre,  le 30  d\u00e9cembre  2025.\nPour le Pr\u00e9fet\nd\u00e9l\u00e9gation et subd\u00e9l\u00e9gation\nLa  Responsable  du service\nD\u00e9veloppement\ncomp\u00e9tences\nJena\nMariamia CONDE\nl'emploi et  des\n\nEu  Direction  r\u00e9gionale  et  interd\u00e9partementale\nMINIST\u00c8RE  de l'\u00e9conomie, de l'emploi,\nDU  TRAVAIL,  DE  LA  SANT\u00c9,  du travail et des solidarit\u00e9s\nDES  SOLIDARIT\u00c9S\nET  DES  FAMILLES\nEM\nR\u00e9c\u00e9piss\u00e9  n\u00b02025-750  de  d\u00e9claration  d'activit\u00e9s de  services \u00e0 la personne\nenregistr\u00e9e  sous  le n\u00b0  SAP  999015480  au  nom  de  la micro-entreprise  SOUMARE\nCISSE  sise  4 Avenue  Paul  de  Rutte  \u00e0 Chatenay-Malabry  (92290)\nLE  PREFET  DES  HAUTS-DE-SEINE\nVu  la loi n\u00b0 2010-853  du  23  juil  2010  relative aux  r\u00e9seaux  consulaires, au commerce  et \u00e0\nisanat  et  aux  services  (article 31);\nVu  la loi 1\u00b02016-1778  du  28  d\u00e9cembre  2015  relative \u00e0 l'adaptation de  la soci\u00e9t\u00e9  au\nviilissement ;\nVu  l'article  D7231-1  du  Code  du travail\nVu  les d\u00e9crets  n\u00b0 2011-1132  et n\u00b0 2011-1133  du  20  septembre  2011  modifiant  certaines.\ndispositions du  Code  du  travail, relatives au  ch\u00e8que  emploi-service  universel et aux\nservices \u00e0 la personne  ;\n'Vu le d\u00e9cret  n\u00b02016-750  du 6 juin 2016  relatif \u00e0 a  liste des  activit\u00e9s de  services  \u00e0 a  personne\nsoumises  \u00e0  agr\u00e9ment  ou \u00e0 autorisation  dans  le cadre  du  r\u00e9gime  commun  dela  d\u00e9ciaration  ;\nVu  le d\u00e9cret  du  31 octobre  2024  portant  nomination  de  Monsieur  Alexandre  BRUGERE,  en\nqualit\u00e9 de Pr\u00e9fet des  Hauts-de-Seine\nVu  l'ar\u00eat\u00e9  interminist\u00e9riel du  12 ao\u00fbt  2025  nommant  Monsieur  Fabrice  MASI,  Directeur\nr\u00e9gional  et interd\u00e9partemental  de  l'\u00e9conomie,  de  l'emploi,  du  travail et des  solidarit\u00e9s  d'\u00cele-\nde-France  \u00e0 compter  du  25  ao\u00fbt  2025  ;\nVu  l'ar\u00eat\u00e9 pr\u00e9fectoral n\u00b02025-33  du  22  ao\u00fbt  2025  par  lequel le Pr\u00e9fet des  Hauts-de-Seine\nd\u00e9l\u00e8gue  sa signature  \u00e0 Monsieur  Fabrice  MASI,  Directeur  r\u00e9gional et interd\u00e9partemental\nde \u00e9conomie,  de l'emploi, du travail et des solidarit\u00e9s d'\u00cele-de-France ;\nVu  la d\u00e9cision  n\u00b0 2025-157  du  25  ao\u00fbt  2025  portant subd\u00e9l\u00e9gation  de  signature  de  Monsieur\nFabrice  MASI,  Directeur  r\u00e9gional  et interd\u00e9partemental  de  l'\u00e9conomie,  de  l'emploi, du\ntraval  et des  solidarit\u00e9s  d'l-de-France,  aux  agents  de  l'Unit\u00e9  d\u00e9partementale  des  Hauts-\nde-Seine  ;\nVu  la d\u00e9claration  d'activit\u00e9s de services  \u00e0 ta personne  d\u00e9pos\u00e9e  le 25  d\u00e9cembre  2025  au  nom\nde  la micro-entreprise  SOUMARE  CISSE  sise 4  Avenue  Paul  de  Rutte  \u00e0 Chatenay-\nMelabry  (82290).\n\nApr\u00e8s examen  du dossier, cette demande  \u00e9tant conforme aux dispositions de l'article L. 7232-1-\n1 du code du travail, le pr\u00e9sent r\u00e9c\u00e9piss\u00e9 de d\u00e9claration d activit\u00e9s de services \u00e0 Ia personne a\n\u00e9t\u00e9  enregistr\u00e9  au  nom  de  la micro-entreprise  SOUMARE  CISSE  sous  le num\u00e9ro  SAP  9990  15480,\nLes  activit\u00e9s d\u00e9clar\u00e9es  sont  les suivantes,  \u00e0 l'exclusion de  toute  autre\n= Entretien de  la maison  et  travaux  m\u00e9nagers  ;\n+ Garde  d'enfants  de plus de 3 ans  \u00e0 domicile\nPrestations  relevant du  b\u00e9n\u00e9fice  dela  r\u00e9duction  d'imp\u00f4t  pr\u00e9vue  \u00e0 l'article 199  sexdecies  du  Code\nG\u00e9n\u00e9ral  des  Imp\u00f4ts.\nLa  structure  exerce  ces  activit\u00e9s  selon  les modes  suivant  : PRESTATAIRE\nSous  r\u00e9serve d'\u00eatre exerc\u00e9es  \u00e0 ttre exclusif par le d\u00e9clarant (ou sous  r\u00e9serve d'une comptabiit\u00e9\ns\u00e9par\u00e9e  pour  les personnes  morales  dispens\u00e9es de la condition  activit\u00e9  exclusive) ces  activit\u00e9s\nouvrent  droit au  b\u00e9n\u00e9fice  des  dispositions des  articles L. 7233-2  du  code  du  travail et L. 241-10\ndu  code  de  la s\u00e9curt\u00e9  sociale\nConform\u00e9ment  aux  depositions de l'article R7232-19 du code  du travail l'organisme d\u00e9clar\u00e9 doit\nproduire au moins  chaque  trimestre un  \u00e9tat d'activit\u00e9 et chaque  ann\u00e9e  un bilan quantitatif et\nqualtatf de l'activit\u00e9 exerc\u00e9e  au  tire de  l'ann\u00e9e \u00e9coul\u00e9e  ainsi qu'un  tableau statistique annuel.\nSi l'organisme  d\u00e9clar\u00e9  comporte  plusieurs  \u00e9tablissements  les \u00e9tats statistiques et le bilan annuel\ndistinguent  l'activit\u00e9 exerc\u00e9e  par  chaque  \u00e9tablissement,\nLe  pr\u00e9sent  r\u00e9c\u00e9piss\u00e9  prend  effet le 25  d\u00e9cembre  2028.\nL'enrogistrement  de la d\u00e9claration pourra \u00eatre retir\u00e9 si l'organisme  d\u00e9clar\u00e9 cesse  de  remplir\nles conditions  ou  de  respecter  les obligations  mentionn\u00e9es  aux  4\u00b0,6* et 6\u00b0 de  l'article\nR7232-17  ou  qui  m\u00e9connalt  les obligations  d\u00e9finies  \u00e0 l'article R7232-19  du  code  du  travail.\nToute  modification concemant  la structure d\u00e9clar\u00e9e ou les activit\u00e9s exerc\u00e9es devra, sous\npeine de  retrait de  la d\u00e9claration, faire l'objet d'une d\u00e9claration modificative aupr\u00e8s  de l'Unit\u00e9\n'\u00e9parementale  des  Hauts-de-Seine\nLe  pr\u00e9sent r\u00e9c\u00e9piss\u00e9 sera publi\u00e9 au recul  des  actes administratifs de la pr\u00e9fecure des Hauts-\nde-Seine\nPour  le Pr\u00e9fet\nar d\u00e9l\u00e9gation et subd\u00e9l\u00e9gation\nLa  Responsable  du  service\nD\u00e9veloppement  de  l'emploi  et des\ncomp\u00e9tences\narama\n\nEs  Direction  r\u00e9gionale  et interd\u00e9partementale\nMINIST\u00c8RE de l'\u00e9conomie, de l'emploi,\nDU  TRAVAIL,  DE  LA  SANT\u00c9,  du travail et des solidarit\u00e9s\nDES  SOLIDARIT\u00c9S\nET  DES  FAMILLES\npa\nR\u00e9c\u00e9piss\u00e9  n\u00b02025-751  de  d\u00e9claration  d'activit\u00e9s de  services \u00e0 la personne\nenregistr\u00e9e  sous  le n\u00b0 SAP  995228210  au  nom  de  la micro-entreprise  MADELAIN\n'CLARA  sise 45 Avenue  Charles  de  Gaulle  \u00e0 Neuilly-sur-Seine (92200)\nLE  PREFET  DES  HAUTS-DE-SEINE\nVu  la loi n\u00b0 2010-863  du  23  jullet 2010 relative aux  r\u00e9seaux  consulaires, au commerce et \u00e0\nl'artisanat et aux  services  (article 31)\nVu  la li 1\u00b02015-1778  du  28 d\u00e9cembre  2015  relative \u00e0 l'adaptation de  la soci\u00e9t\u00e9 au\nveilissement ;\nVu  l'article D7231:1  du  Code  du  travail;\nVu  les d\u00e9crets n\u00b0 2011-1132  et n\u00b0 2011-1133  du  20 septembre  2011  modifiant certaines\ndispositions du  Code  du  travail, relatives au  ch\u00e8que  emplo-service  universel et aux\nservices  \u00e0 la personne\nVu  le d\u00e9cretn\u00b02016-750  du  6 juin 2016  relatif \u00e0 la liste des  activit\u00e9s de  services  \u00e0 a  personne\nsoumises  \u00e0 agr\u00e9ment  ou  \u00e0 autorisation dans  le cadre  du  r\u00e9gime  commun  de  la d\u00e9claration  ;\nVu  le d\u00e9cret du 31 octobre 2024  portant nomination de  Monsieur  Alexandre  BRUGERE,  en\n'qualit\u00e9 de Pr\u00e9fet des Hauts-de-Seine ;\nVu  l'arr\u00eat\u00e9 interminist\u00e9riel du  12 ao\u00fbt 2025  nommant  Monsieur  Fabrice MASI,  Directeur\nr\u00e9gional  et nterd\u00e9partemental de l'\u00e9conomie,  de l'emploi, du  travail et des  soldarites d'Ile.\nde-France  \u00e0 compter  du  25  ao\u00fbt  2025\nVu  l'arr\u00eat\u00e9 pr\u00e9fectoral n\u00b02025-33  du  22  ao\u00fbt  2025  par  lequel le Pr\u00e9fet des  Hauts-de-Seine\nd\u00e9l\u00e8gue  sa  signature  \u00e0  Monsieur  Fabrice  MASI,  Directeur  r\u00e9gional et interd\u00e9partemental\nde \u00e9conomie, de l'emploi du travail et des solidarit\u00e9s d'\u00cele-de-France;\nVu  la d\u00e9cision  n\u00b0 2025-187  du  25  ao\u00fbt  2025  portant  subd\u00e9l\u00e9gation  de  signature  de  Monsieur\nFabrice  MASI,  Directeur  r\u00e9gional  et interd\u00e9partemental  de  l'\u00e9conomie, de  l'emploi, du\ntravail et des  solidart\u00e9s  d'lede-France,  aux  agents  de  l'Unit\u00e9 d\u00e9partementale  des  Hauts-\nde-Seine  ;\n'Vu la d\u00e9claration  d'activit\u00e9s de  services  \u00e0 la personne  d\u00e9pos\u00e9e  le 29  d\u00e9cembre  2025  au  nom\nde  la micro-entreprise  MADELAIN  CLARA  sise 45  Avenue  Charles  de  Gaulle  \u00e0  Neuily-\nsur-Seine  (82200).\n\nApr\u00e8s  examen  du  dossier, cette demande  \u00e9tant conforme  aux dispositions de  l'article L. 7232-\n1 du code  du  travail le pr\u00e9sent  r\u00e9c\u00e9piss\u00e9  de declaration d activites de services  \u00e0 la personne  a\n\u00e9t\u00e9  enregistr\u00e9 au nom  de la micro-entreprise  MADELAIN  CLARA  sous  le num\u00e9ro SAP  995228210,\nLes  activites d\u00e9clar\u00e9es  sont  es  suivantes,  \u00e0 l'exclusion de  toute  autre\n= Entrotien  de la maison  et travaux  m\u00e9nagers  ;\nPrestations  relevant du  b\u00e9n\u00e9fice de a  r\u00e9duction  d'imp\u00f4t  pr\u00e9vue \u00e0article  199  sexdecies du Code\nG\u00e9n\u00e9ral  des  Imp\u00f4ts.\nLa  structure  exerce  ces  activit\u00e9s  selon  les modes  suivant  : PRESTATAIRE\nSous  r\u00e9serve  d'\u00eatre exerc\u00e9es  \u00e0 tte  exclusf  par  le d\u00e9clarant  (ou  sous  r\u00e9serve  d'une  comptabilit\u00e9\ns\u00e9par\u00e9e  pour  les personnes  morales  dispens\u00e9es  de  la condition  d'activit\u00e9 exclusive), ces  activit\u00e9s\n'auvrent droit au  b\u00e9n\u00e9fice  des  dispositions des  articles L. 7233-2  du  code  du  travail et L. 241-10\n'du code de la s\u00e9curit\u00e9 sociale.\nConform\u00e9ment  aux  dispositions  de  l'article R7232-19  du  code  du  traval, l'organisme d\u00e9clar\u00e9  doit\nProduire au moins chaque  timestre un \u00e9tat d'activit\u00e9 et chaque  ann\u00e9e  un bilan quanttatf et\nqualtatf de  l'activit\u00e9 exerc\u00e9e  au tre  de  l'ann\u00e9e \u00e9coul\u00e9e  ainsi qu'un tableau statistique annuel.\nSi l'organisme  d\u00e9clar\u00e9  comporte  plusieurs  \u00e9tablissements,  les \u00e9tats statistiques et le bilan annuel\ndistinguent  activit\u00e9 exerc\u00e9e  par  chaque  \u00e9tablissement\nLe  pr\u00e9sent  r\u00e9c\u00e9piss\u00e9  prend  effet le 29 d\u00e9cembre  2025.\nL'enregistrement de la d\u00e9claration  pourra  \u00eatre retir\u00e9 si l'organisme  d\u00e9clar\u00e9  cesse  deremplir\nles conditions  ou  de  respecter  les obligations  mentionn\u00e9es  aux  4\u00b0,5\u00b0 et 6\u00b0 de l'article\n7232417 ou qui m\u00e9connalt les obligations d\u00e9finies \u00e0 l'article R7232-19 du code du travail.\n'Toute modification concernant Ia structure d\u00e9clar\u00e9e ou los activit\u00e9s exerc\u00e9es devra so\npeine  de  retrat de  l\u00e0 d\u00e9claration, fare  l'objet dune  declaration  modiicatwe  aupr\u00e9s  de  FUnit\u00e9\nG\u00e9partementae  des Hauts-de-Seine\nLe  pr\u00e9sent  r\u00e9c\u00e9piss\u00e9  sera publi\u00e9 au recueil des  actes  administratifs de  la pr\u00e9fecture  des  Hauts-\nde-Seine.\nFait \u00e0  Nanterre,  le 30  d\u00e9cembre  2025.\nPour  le Pr\u00e9fet\nPar  d\u00e9l\u00e9gation  ot  subd\u00e9l\u00e9gation\nLa  Responsable  du  service\nD\u00e9veloppement  de  l'emploi  et des\ncomp\u00e9tences\n(As\nMariama CONDE\n\n=n  Direction r\u00e9gionale et interd\u00e9partementale\n'de l'\u00e9conomie,  de  l'emploi,\nTENE  pe LA SANT\u00c9, du travall et des solidarit\u00e9s.\nDES  SOLIDARITES\nET  DES  FAMILLES\nEMA\nR\u00e9c\u00e9piss\u00e9  n\u00b02025-752  de  d\u00e9claration  d'activit\u00e9s de  services  \u00e0 la personne\nenregistr\u00e9e  sous  le n\u00b0 SAP  924121023  au  nom  de  la micro-entreprise  TEIXEIRA\nLOURENCO  sise  42  Boulevard  d'inkermann  \u00e0 Neuilly-sur-Seine  (92200)\nLE  PREFET  DES  HAUTS-DE-SEINE\nVu  la loi n\u00b0 2010-853  du 23 juilet 2010  relative aux  r\u00e9seaux  consulaires, au commerce et \u00e0\nl'artisanat et aux  services (article 31)\nVu  la loi n\u00b02015-1778  du 28  d\u00e9cembre  2015  relative \u00e0 l'adaptation de  la soci\u00e9t\u00e9 au\nviilissement\nVu  l'aricie 07231-1  du  Code  du  travail\nVu  les d\u00e9crets n\u00b0 2011-1132 et n\u00b0 2011-1133  du 20 septembre 2011 modifiant certaines\ndispositions du Code  du  travail, relatives au  ch\u00e8que  emplo-service  universel et aux\n'services \u00e0 la personne\nVu  le d\u00e9cret n\u00b02016:750 du 6 jun  2016 relatif \u00e0 la liste des activit\u00e9sde services \u00e0 la personne\nsoumises  \u00e0 agr\u00e9mentou \u00e0 autorisation dans le cadre du r\u00e9gime  commun de a d\u00e9claration;\nVu  le d\u00e9cret du 31 octobre 2024  portant nomination de  Monsieur  Alexandre  BRUGERE,  er\nqualit\u00e9 de Pr\u00e9fet des  Hauts-de-Seine\nrecteur\ndl\nVu  l'ar\u00e9t\u00e9 imerminist\u00e9rel du 12 ao\u00fbt 2025  nommant  Monsieur  Fabrice MAS!\nr\u00e9gional et interd\u00e9partementa  de  l'\u00e9conomie, de  l'emploi, du  travail et des  solar\nde-France  \u00e0 compter  du  25  ao\u00fb  2025  ;\nVu  l'ar\u00eat\u00e9 pr\u00e9fectoral n\u00b02026-33  du  22 ao\u00fbt 2025  par lequel le Pr\u00e9fet des  Hauts-de-Seine\nd\u00e9l\u00e8gue  sa signature \u00e0 Monsieur  Fabrice MASI, Directeur r\u00e9gional et interd\u00e9partemental\nde l'\u00e9conomie, de l'emploi, du travailet des solidartes d'\u00cele-de-France\nVu  la d\u00e9cision n\u00b0 2025-187  du  25 ao\u00fbt 2025  portant subd\u00e9l\u00e9gation de  signature de  Monsieur\nFabrice MASI,  Directeur r\u00e9gional et interd\u00e9partemental de l'\u00e9conomie, de  l'emploi, du\ntravail et des  solidarit\u00e9s d'Ile-de-France, aux  agents  de I Unit\u00e9 d\u00e9partementale  des  Hauts-\nde-Seine\nVu  la d\u00e9claration d'activit\u00e9s de  services \u00e0 la personne  d\u00e9pos\u00e9e  le 29  d\u00e9cembre  2025  au nom\nde la micro-entreprise TEIXEIRA  LOURENCO  sise  42 Boulevard  d'inkermann  \u00e0 Neuily-\nsur-Seine  (82200),\n\n'Apres examen  du  dossier, cette demande  \u00e9tant  conforme  aux  dispositions de  l'article L. 7282-1-\n1 du  code  dutravail,  le pr\u00e9sent  r\u00e9c\u00e9piss\u00e9  de  d\u00e9claration  d'activit\u00e9s  de  services  \u00e0  la personne  \u00e0\n\u00e9t\u00e9 enregistr\u00e9  au  nom  de  la micro-entreprise  TEIXEIRA  LOURENCO  sous  le num\u00e9ro  SAP\n924121023,\nLes  activites  d\u00e9clar\u00e9es  sont  les  suivantes,  \u00e0  l'exclusion  de  toute  autre\n= Soutien  scolaire  ou  cours  \u00e0 domicile  ;\nPrestations  relevant  du  b\u00e9n\u00e9fice  de  la r\u00e9duction  dimp\u00f4t  pr\u00e9vue  \u00e0 Faticle 198  sexdecies  du  Code\nG\u00e9n\u00e9ral  des  Imp\u00f4ts,\nLa  structure  exerce  ces  activit\u00e9s  selon  les  modes  suivant  :  PRESTATAIRE\nSous  r\u00e9serve  d'\u00e9tre exerc\u00e9es  \u00e0 tre  exclus  par  le d\u00e9clarant  (ou  sous  r\u00e9serve  d'une  comptabilit\u00e9\n's\u00e9par\u00e9e pour les personnes morales dispens\u00e9es de la condition d'activit\u00e9 exclusive) ces activit\u00e9s\n'ouvrent droit au  b\u00e9n\u00e9fice  des  dispositions  des  articies L. 7233-2  du  code  du  travail et L. 241-10\ndu  code  de  la s\u00e9curit\u00e9 sociale.\n(Conform\u00e9ment  aux  dispositions de article R7232-19 du code  du  travail, l'organisme  d\u00e9clar\u00e9  doit\nproduire au moins chaque timestre un \u00e9tat d'activit\u00e9 et chaque  ann\u00e9e  un bilan quantitatif et\nquaitatf de l'activit\u00e9 exerc\u00e9e  au ire  de l'ann\u00e9e \u00e9coul\u00e9e  ainsi qu'un tableau statistique annuel.\nSi l'organisme  d\u00e9clar\u00e9  comporte  plusieurs  \u00e9tablissements,  les \u00e9tats statistiques et le bilan annuel\ndistinguent  l'activit\u00e9 exerc\u00e9e  par  chaque  \u00e9tablissement.\nLo  pr\u00e9sent  r\u00e9c\u00e9piss\u00e9  prond  affot lo 29  d\u00e9combre  2025.\nL'enrogistrement  de la d\u00e9claration  pourra \u00eatre retir\u00e9 si l'organisme  d\u00e9clar\u00e9 cesse de remplir\nles conditions  ou  de  respecter  les obligations montionn\u00e9es  aux  4\u00b0,5* et 6\u00b0 de  l'article\nR7232-17  ou  qui  m\u00e9connait  les obligations  d\u00e9finies  \u00e0 Farticle R7232-19  du  code  du  travail.\n'Toute modification concemant  la structure d\u00e9clar\u00e9e ou es activit\u00e9s axorc\u00e9es devra sous\npeine  de  etat  de  la d\u00e9claration, fae  Tobjet dune  d\u00e9claration  modiicaive  aupr\u00e9s  de  (Unit\u00e9\n'Sopartementaie  des  Haus-de-Sei\nLe  pr\u00e9sent  r\u00e9c\u00e9piss\u00e9  sera  publi\u00e9 au  recueil des  actes  administratifs de la pr\u00e9fecture des  Hauts-\nde-  Seine\nFait  \u00e0  Nanterre,  le 30  d\u00e9cembre  2025.\nLa  Responsable  du  sorvice\nD\u00e9veloppement  de  l'emploi  et des\ncomp\u00e9tences\nOud\n'Mariama CONDE\n\n=e ee SE eee Bm ee a SR EEE SR 2 MR SERIES em 4264 UE D SR\nLAee DRE D DE OS DDD SR\nIMmMRI AA M  =\n= \" \" 1 1 1 x\nrer  nee  er  Mme\n~ , . \u00ab , , 1\nAR IA == a . \" CS  .\n1 \" 1 . . \" oe \" 1. 4  - 1 \"4 1 1\n\u2014_s \u00ab CI oo. an\nxat 1 rr  ATs rT\nzwe  EN UN  ke  me  ere\n209\nRECUEIL DES ACTES ADMINISTRATIFS\nDU\nPR\u00c9FET DES HAUTS-DE-SEINE\nISSN 0985 - 5955\nPour toute correspondance, s'adresser \u00e0 :\nPR\u00c9FET DES HAUTS-DE-SEINE\nSecr\u00e9tariat g\u00e9n\u00e9ral\nSecr\u00e9tariat g\u00e9n\u00e9ral aux affaires d\u00e9partementales\n167/177, Avenue Joliot Curie\n92013 NANTERRE CEDEX\nLe recueil des actes administratifs est consultable en ligne sur le site de la pr\u00e9fecture\nAdresse Internet : https://www.hauts-de-seine.gouv.fr/\nDirecteur de la publication :\nAlexandre BRUG\u00c8RE\nPR\u00c9FET DES HAUTS-DE-SEINE\nLADR DR D D D SU OS E D ER D _ = ~-, ER 5 == ER, el SR ee el\n210\nPR\u00c9FECTURE DES HAUTS-DE-SEINE\n167-177, avenue Joliot Curie 92013 NANTERRE Cedex\nCourriel : sgc-courrier@hauts-de-seine.gouv.fr\nStandard : 01.40.97.20.00 T\u00e9l\u00e9copie 01.40.97.25.21\nAdresse Internet : https://www.hauts-de-seine.gouv.fr/","date":"2026-01-21","first_seen_on":"2026-01-21T18:19:29+00:00","id":"d2fef99dc7f4ce920e16ba539226c81fa477bb9b51236c29bcc9c3314ab0a8a8","name":"2026-01-21 RAA sp\u00e9cial DRIEETS-UD92 du 21 janvier 2026","pdf_creation_date":null,"pdf_modification_date":null,"timezone":"Europe/Paris","url":"https://www.hauts-de-seine.gouv.fr/contenu/telechargement/28035/194101/file/2026-01-21%20RAA%20sp%C3%A9cial%20DRIEETS-UD92%20du%2021%20janvier%202026.pdf"}
