{"administration":"pref21","administration_name":"Pr\u00e9fecture de C\u00f4te-d\u2019Or","content":"PR\u00c9FET\nDE LA C\u00d4TE-D'OR\nRECUEIL DES ACTES\nADMINISTRATIFS SP\u00c9CIAL\nN\u00b021-2025-141\nPUBLI\u00c9 LE 17 OCTOBRE 2025\nSommaire\nCHU Dijon Bourgogne /\n21-2025-09-08-00013 - 17 - Engag  comm liquid factures - 01 07 2025 (5\npages) Page 5\n21-2025-09-01-00015 - 18 D\u00e9l\u00e9gation Signature Registre refus  - 1\nseptembre  2025 (10 pages) Page 11\n21-2025-09-08-00014 - 19 D\u00e9l\u00e9gation Signature Pharmacie march\u00e9s\ndes commandes - xx xx 2025 (5 pages) Page 22\nDirection d\u00e9partementale de l'emploi, du travail et des solidarit\u00e9s de\nC\u00f4te-d'Or /\n21-2025-10-09-00003 - Agr\u00e9ment ESUS Centre social La Passerelle SIRET\n778 246 025 00028   (2 pages) Page 28\n21-2025-10-15-00001 - RAA  Tout net SAPn\u00b02706740 (2 pages) Page 31\n21-2025-10-13-00001 - RAA R\u00e9c\u00e9piss\u00e9 d\u00e9claration SAP n\u00b02739861 -\nBouvet Tom (2 pages) Page 34\nDirection d\u00e9partementale de la protection des populations de la\nC\u00f4te-d'Or / Service Sant\u00e9 et Protections animales, Protection de\nl'Environnement\n21-2025-10-08-00001 - Arr\u00eat\u00e9 pr\u00e9fectoral N\u00b0 1458/2025 du 8 octobre\n2025 portant d\u00e9claration d'infection de la faune sauvage par la\ntuberculose bovine, \nd\u00e9finissant une zone \u00e0 risque et portant\ndiff\u00e9rentes mesures de surveillance, de lutte et de pr\u00e9vention dans la\nfaune sauvage (22 pages) Page 37\nDirection d\u00e9partementale des territoires de la C\u00f4te-d'Or / Cellule\n\u00c9ducation routi\u00e8re\n21-2025-10-10-00003 - Arr\u00eat\u00e9 N\u00b0 1492\n\nportant agr\u00e9ment\nquinquennal d'un \u00e9tablissement d'enseignement de la conduite,\n\u00e0 titre on\u00e9reux, des v\u00e9hicules \u00e0 moteur et de la s\u00e9curit\u00e9\nrouti\u00e8re, d\u00e9nomm\u00e9 ABSKILL I (3 pages) Page 60\nDirection d\u00e9partementale des territoires de la C\u00f4te-d'Or / Service de l'eau\net des risques\n21-2025-10-14-00002 - Arr\u00eat\u00e9 pr\u00e9fectoral n\u00b0 1499 du 14 octobre 2025\nfixant les prescriptions particuli\u00e8res pour les travaux en vue de la\nr\u00e9gularisation et du d\u00e9classement au titre des ouvrages hydrauliques de\nl'\u00e9tang de la jette situ\u00e9 sur la commune de Thoisy-La-Berch\u00e8re. (7\npages) Page 64\n21-2025-10-13-00004 - Arr\u00eat\u00e9 pr\u00e9fectoral n\u00b0 1500 du 13 octobre\n2025\nportant mise en demeure \u00e0 l'encontre du syndicat\nintercommunal\nd'adduction d'eau et d'assainissement de\nMAGNY-SAINT-MEDARD\n(Syst\u00e8me d'assainissement collectif de\nBELLENEUVE) (3 pages) Page 72\n2\n21-2025-10-14-00001 - Arr\u00eat\u00e9 pr\u00e9fectoral n\u00b01497 du 14 octobre\n2025\nportant abrogation de l'arr\u00eat\u00e9 pr\u00e9fectoral n\u00b0 1407 du 12\nseptembre 2025 portant constat de franchissement du seuil de vigilance\ndes usages de l'eau sur l'ensemble du territoire du d\u00e9partement de\nla C\u00f4te-d'Or (2 pages) Page 76\nDirection d\u00e9partementale des territoires de la C\u00f4te-d'Or / Service\n\u00c9conomie Agricole et Environnement des Exploitations\n21-2025-10-03-00002 - AP 13 autorisation simple SCEA DU POIRIER signe (2\npages) Page 79\nDirection d\u00e9partementale des territoires de la C\u00f4te-d'Or / Service Habitat\nMobilit\u00e9\n21-2025-10-14-00003 - AP 1524 du 14102025 r\u00e9siliation convention APL\nDIJON  (2 pages) Page 82\nDirection d\u00e9partementale des territoires de la C\u00f4te-d'Or / Service\nPr\u00e9servation et Am\u00e9nagement de l'Espace (SPAE)\n21-2025-10-10-00008 - Arr\u00eat\u00e9 portant d\u00e9rogation \u00e0 l'urbanisation\nlimit\u00e9e dans le cadre de l'\u00e9laboration de la carte communale sur le\nterritoire de la commune de MALIGNY (3 pages) Page 85\n21-2025-10-10-00007 - Arr\u00eat\u00e9 portant d\u00e9rogation \u00e0 l'urbanisation\nlimit\u00e9e dans le cadre de l'\u00e9laboration du Plan Local d'Urbanisme sur le\nterritoire de la commune de MAGNIEN (3 pages) Page 89\n21-2025-10-09-00004 - Arr\u00eat\u00e9 portant d\u00e9rogation \u00e0 l'urbanisation\nlimit\u00e9e dans le cadre du R\u00e8glement National d'Urbanisme sur le\nterritoire de COURBAN (2 pages) Page 93\n21-2025-10-10-00002 - Arr\u00eat\u00e9 pr\u00e9fectoral du 10 octobre\n2025\nportant renouvellement du bureau de l'association fonci\u00e8re de\nPRUSLY-SUR-OURCE (2 pages) Page 96\nDirection d\u00e9partementale des territoires de la C\u00f4te-d'Or / Service\nS\u00e9curit\u00e9 et Education Routi\u00e8re\n21-2025-10-13-00003 - A36 1502 20251013 RAA Modif AP\nInterpr\u00e9fectoral21-39Grenaillage (4 pages) Page 99\nPr\u00e9fecture de la C\u00f4te-d'Or / Cabinet\n21-2025-10-16-00003 - AP accordant une d\u00e9rogation \u00e0 la SNCF pour\nl'utilisation d'a\u00e9ronefs t\u00e9l\u00e9pilot\u00e9s sans \u00e9quipage \u00e0 bord pour\ndes missions op\u00e9rationnelles non programmables (2 pages) Page 104\nPr\u00e9fecture de la C\u00f4te-d'Or / Direction des Collectivit\u00e9s locales et des\nElections\n21-2025-10-13-00002 - Arr\u00eat\u00e9 inter-pr\u00e9fectoral\nn\u00b0PREF/DCL/B3CL/2025/01040 portant modification des statuts du\nSyndicat des Eaux du Tonnerrois (10 pages) Page 107\n3\nPr\u00e9fecture de la C\u00f4te-d'Or / Direction des s\u00e9curit\u00e9s\n21-2025-10-16-00004 - Arr\u00eat\u00e9 pr\u00e9fectoral N\u00b01551 portant interdiction\nde rassemblements festifs \u00e0 caract\u00e8re musical et interdiction de\ncirculation\nde tout v\u00e9hicule transportant du mat\u00e9riel de son \u00e0\ndestination d'un rassemblement festif\n\u00e0 caract\u00e8re musical non\nautoris\u00e9 (2 pages) Page 118\n21-2025-10-16-00002 - Liste des syst\u00e8mes de vid\u00e9oprotection autoris\u00e9s\n\u00e0 la suite de la commission d\u00e9partementale du 3 octobre 2025 (6 pages) Page 121\nPr\u00e9fecture de la C\u00f4te-d'Or / P\u00f4le juridique inter-services\n21-2025-10-17-00002 - Arr\u00eat\u00e9 pr\u00e9fectoral n\u00b0  1549/SG du 17 octobre\n2025 donnant d\u00e9l\u00e9gation de signature \u00e0 Madame C\u00e9line MANELLI,\ndirectrice par int\u00e9rim de l'immigration et de la nationalit\u00e9 (DIN) (8\npages) Page 128\n21-2025-10-17-00001 - Arr\u00eat\u00e9 pr\u00e9fectoral N\u00b0 1549  du 17-10-25\ndonnant d\u00e9l\u00e9gation de signature \u00e0 Mme MANELLI C\u00e9line directrice\npar Int\u00e9rim de l'immigration et de la nationalit\u00e9 (DIN) (8 pages) Page 137\nPr\u00e9fecture de la C\u00f4te-d'Or / SGCD de C\u00f4te-d'Or\n21-2025-10-16-00001 - Arr\u00eat\u00e9 n\u00b01537 du 16 octobre 2025 portant\nnomination de la correspondante d\u00e9ontologue,  r\u00e9f\u00e9rente alerte de\nla pr\u00e9fecture de la C\u00f4te-dOr (1 page) Page 146\nSous-pr\u00e9fecture de Montbard /\n21-2025-10-10-00006 - AP d\u00e9signation commission contr\u00f4le listes\n\u00e9lectorales Lantilly raa (2 pages) Page 148\n4\nCHU Dijon Bourgogne\n21-2025-09-08-00013\n17 - Engag  comm liquid factures - 01 07 2025\nCHU Dijon Bourgogne - 21-2025-09-08-00013 - 17 - Engag  comm liquid factures - 01 07 2025 5\nCHU Dijon Bourgogne - 21-2025-09-08-00013 - 17 - Engag  comm liquid factures - 01 07 2025 6\nCHU Dijon Bourgogne - 21-2025-09-08-00013 - 17 - Engag  comm liquid factures - 01 07 2025 7\nCHU Dijon Bourgogne - 21-2025-09-08-00013 - 17 - Engag  comm liquid factures - 01 07 2025 8\nCHU Dijon Bourgogne - 21-2025-09-08-00013 - 17 - Engag  comm liquid factures - 01 07 2025 9\nCHU Dijon Bourgogne - 21-2025-09-08-00013 - 17 - Engag  comm liquid factures - 01 07 2025 10\nCHU Dijon Bourgogne\n21-2025-09-01-00015\n18 D\u00e9l\u00e9gation Signature Registre refus  - 1\nseptembre  2025\nCHU Dijon Bourgogne - 21-2025-09-01-00015 - 18 D\u00e9l\u00e9gation Signature Registre refus  - 1 septembre  2025 11\nCHU Dijon Bourgogne - 21-2025-09-01-00015 - 18 D\u00e9l\u00e9gation Signature Registre refus  - 1 septembre  2025 12\nCHU Dijon Bourgogne - 21-2025-09-01-00015 - 18 D\u00e9l\u00e9gation Signature Registre refus  - 1 septembre  2025 13\nCHU Dijon Bourgogne - 21-2025-09-01-00015 - 18 D\u00e9l\u00e9gation Signature Registre refus  - 1 septembre  2025 14\nCHU Dijon Bourgogne - 21-2025-09-01-00015 - 18 D\u00e9l\u00e9gation Signature Registre refus  - 1 septembre  2025 15\nCHU Dijon Bourgogne - 21-2025-09-01-00015 - 18 D\u00e9l\u00e9gation Signature Registre refus  - 1 septembre  2025 16\nCHU Dijon Bourgogne - 21-2025-09-01-00015 - 18 D\u00e9l\u00e9gation Signature Registre refus  - 1 septembre  2025 17\nCHU Dijon Bourgogne - 21-2025-09-01-00015 - 18 D\u00e9l\u00e9gation Signature Registre refus  - 1 septembre  2025 18\nCHU Dijon Bourgogne - 21-2025-09-01-00015 - 18 D\u00e9l\u00e9gation Signature Registre refus  - 1 septembre  2025 19\nCHU Dijon Bourgogne - 21-2025-09-01-00015 - 18 D\u00e9l\u00e9gation Signature Registre refus  - 1 septembre  2025 20\nCHU Dijon Bourgogne - 21-2025-09-01-00015 - 18 D\u00e9l\u00e9gation Signature Registre refus  - 1 septembre  2025 21\nCHU Dijon Bourgogne\n21-2025-09-08-00014\n19 D\u00e9l\u00e9gation Signature Pharmacie march\u00e9s des\ncommandes - xx xx 2025\nCHU Dijon Bourgogne - 21-2025-09-08-00014 - 19 D\u00e9l\u00e9gation Signature Pharmacie march\u00e9s des commandes - xx xx 2025 22\nCHU Dijon Bourgogne - 21-2025-09-08-00014 - 19 D\u00e9l\u00e9gation Signature Pharmacie march\u00e9s des commandes - xx xx 2025 23\nCHU Dijon Bourgogne - 21-2025-09-08-00014 - 19 D\u00e9l\u00e9gation Signature Pharmacie march\u00e9s des commandes - xx xx 2025 24\nCHU Dijon Bourgogne - 21-2025-09-08-00014 - 19 D\u00e9l\u00e9gation Signature Pharmacie march\u00e9s des commandes - xx xx 2025 25\nCHU Dijon Bourgogne - 21-2025-09-08-00014 - 19 D\u00e9l\u00e9gation Signature Pharmacie march\u00e9s des commandes - xx xx 2025 26\nCHU Dijon Bourgogne - 21-2025-09-08-00014 - 19 D\u00e9l\u00e9gation Signature Pharmacie march\u00e9s des commandes - xx xx 2025 27\nDirection d\u00e9partementale de l'emploi, du travail\net des solidarit\u00e9s de C\u00f4te-d'Or\n21-2025-10-09-00003\nAgr\u00e9ment ESUS Centre social La Passerelle SIRET\n778 246 025 00028  \nDirection d\u00e9partementale de l'emploi, du travail et des solidarit\u00e9s de C\u00f4te-d'Or - 21-2025-10-09-00003 - Agr\u00e9ment ESUS Centre social\nLa Passerelle SIRET 778 246 025 00028  28\nDirection D\u00e9partementale \nde l'Emploi, du Travail et des Solidarit\u00e9s \nDDETS  \n \nDDETS 21, Cit\u00e9 administrative Dampierre 6 rue Chancelier de l'Hospital, CS 15381 Dijon Cedex \nT\u00e9l. : 03-80-68-30-00(Accueil) \nwww.cote-dor.gouv.fr \nAffaire suivie par Ma\u00eblle THIEBAUT \nCharg\u00e9e de mission \u2013 P\u00f4le Emploi Coh\u00e9sion Territoriale \nT\u00e9l : 03 80 68 39 41 // 06 75 40 79 13 \nCourriel : maelle.thiebaut@cote-dor.gouv.fr \nDijon, le 9 octobre 2025 \n \n \n \nAssociation Centre social la Passerelle \nMonsieur le Directeur \n3 All\u00e9e des jardins \n21800 QUETIGNY \n \nDDETS de la C\u00f4te d'Or \nARR\u00caT\u00c9 PORTANT AGR\u00c9MENT  \nd'Entreprise Solidaire d'Utilit\u00e9 Sociale (ESUS)  \n  \nVu - La loi n\u00b02014-856 du 31 juillet 2014 relative \u00e0 l'Economie Sociale et Solidaire (ESS) ; \n \nVu - La loi n\u00b02019-486 du 22 mai 2019 relative \u00e0 la croissance et la transformation des entreprises \nmodifiant la loi ci-dessus du 31 juillet 2014 ;  \n  \nVu - Le d\u00e9cret n\u00b02015-719 du 23 juin 2015 relatif \u00e0 l'agr\u00e9ment \u00ab Entreprise Solidaire d'Utilit\u00e9 Sociale \n(ESUS) \u00bb ; \n  \nVu - Le d\u00e9cret n\u00b02015-760 du 24 juin 2015 relatif \u00e0 l'agr\u00e9ment \u00ab Entreprise Solidaire d'Utilit\u00e9 Sociale \n(ESUS) \u00bb ; \n  \nVu - L'arr\u00eat\u00e9 du 3 ao\u00fbt 2015 fixant la fraction des b\u00e9n\u00e9fices affect\u00e9e au report b\u00e9n\u00e9ficiaire et aux \nr\u00e9serves obligatoires, art 1 loi n\u00b0 2014-856 du 31 juillet 2014 relative \u00e0 l'Economie Sociale et Solidaire \n(ESS) ;  \n  \nVu - L'arr\u00eat\u00e9 du 5 ao\u00fbt 2015 fixant la composition du dossier de demande d'agr\u00e9ment \u00ab Entreprise \nSolidaire d'Utilit\u00e9 Sociale (ESUS) \u00bb ; \n \nVu - L'arr\u00eat\u00e9 pr\u00e9fectoral n\u00b0 1204 du 17 octobre 2022 portant d\u00e9l\u00e9gation de signature \u00e0 Mr Nicolas \nNIBOUREL, Directeur D\u00e9partemental de la DDETS de C\u00f4te d'Or ; \n \nVu - L'arr\u00eat\u00e9 n\u00b0004 - DDETS du 6 novembre 2024 portant subd\u00e9l\u00e9gation de signature aux agents de \nla direction d\u00e9partementale de l'emploi, du travail et des solidarit\u00e9s de la C\u00f4te-d'Or ; \n \nVu - Le code du travail, notamment ses articles L 3332-17-1 et R 3332-21-1 \u00e0 R 3332-21-5 ; \n  \nVu -La demande d'agr\u00e9ment Entreprise Solidaire d'Utilit\u00e9 Sociale (ESUS) pr\u00e9sent\u00e9e par courriel du 15 \nseptembre 2025 par l'association \u00ab Centre social la Passerelle \u00bb ; \nVu - La date de cr\u00e9ation de l'association \u00ab Centre social la Passerelle \u00bb, le 10 septembre 1966; \nVu - Les d\u00e9clarations de la demande d'agr\u00e9ment du dossier B1; \nVu - La situation au r\u00e9pertoire SIRENE de l'INSEE; \nDirection d\u00e9partementale de l'emploi, du travail et des solidarit\u00e9s de C\u00f4te-d'Or - 21-2025-10-09-00003 - Agr\u00e9ment ESUS Centre social\nLa Passerelle SIRET 778 246 025 00028  29\n  \n \nDDETS 21, Cit\u00e9 administrative Dampierre 6 rue Chancelier de l'Hospital, CS 15381 Dijon Cedex \nT\u00e9l. : 03-80-68-30-00(Accueil) \nwww.cote-dor.gouv.fr \nVu - la compl\u00e9tude du dossier le 25 septembre 2025. \n\u2026\u2026\u2026\u2026. \n \nConsid\u00e9rant, que l'Economie Sociale et Solidaire (ESS) est \u00ab un mode d'entreprendre et de \nd\u00e9veloppement \u00e9conomique, adapt\u00e9 \u00e0 tous les domaines de l'activit\u00e9 humaine remplissant les \nconditions cumulatives, de recherche d'une utilit\u00e9 sociale et non du seul profit, d'une gouvernance \nd\u00e9mocratique, d'une affectation des b\u00e9n\u00e9fices majoritairement consacr\u00e9s au maintien ou au \nd\u00e9veloppement de l'entreprise ainsi qu'\u00e0 des r\u00e9serves impartageables et non distribuables (principes \nde bonne gestion) \u00bb ; \n \nConsid\u00e9rant, la situation au r\u00e9pertoire SIRENE de l'INSEE de \u00ab Centre social la Passerelle \u00bb \nindiquant l'appartenance \u00e0 l'Economie Sociale et Solidaire (ESS); \n \nConsid\u00e9rant, que le statut d'association vaut pr\u00e9somption des principes de bonne gestion (affectation \ndes b\u00e9n\u00e9fices au maintien de l'emploi ou de l'activit\u00e9, r\u00e9serves obligatoires impartageables et non \ndistribuables) ainsi que d'une gouvernance d\u00e9mocratique;  \n \nConsid\u00e9rant, que l'objet de l'association \u00ab Centre social la Passerelle \u00bb r\u00e9pond aux crit\u00e8res de l'utilit\u00e9 \nsociale notamment \u00e0 celui de d\u00e9veloppement du lien social, du renforcement de la coh\u00e9sion territoriale \net au soutien \u00e0 des personnes en situation de fragilit\u00e9 ; \n \nConsid\u00e9rant, l'attestation sur l'honneur d'absence de titres en capital sur les march\u00e9s financiers; \n \nConsid\u00e9rant, les statuts de l'association \u00ab Centre social la Passerelle \u00bb ainsi que les d\u00e9clarations \nsign\u00e9es du dossier B1 de demande d'agr\u00e9ment ESUS; \n \nConsid\u00e9rant, notamment le respect des principes de la politique de r\u00e9mun\u00e9ration; \n \nConsid\u00e9rant, l'affectation des charges d'exploitation participant \u00e0 la recherche d'une utilit\u00e9 sociale, \nrepr\u00e9sentant au moins 66 % des charges d'exploitation totales; \n \nConsid\u00e9rant, qu'au vu des \u00e9l\u00e9ments pr\u00e9sent\u00e9s ci-dessus, l'association \u00ab Centre social la Passerelle \n\u00bb, remplit les conditions requises pour b\u00e9n\u00e9ficier de l'agr\u00e9ment d'Entreprise Solidaire d'Utilit\u00e9 Sociale \n(ESUS); \n \nARR\u00caTE \n  \nArticle 1 : L'association \u00ab Centre social la Passerelle \u00bb dont le si\u00e8ge social se situe 3 All\u00e9e des jardins \n21800 Qu\u00e9tigny, r\u00e9f\u00e9renc\u00e9e par le num\u00e9ro SIRET 778 246 025 00028 se voit accorder l'agr\u00e9ment \nd'Entreprise Solidaire d'Utilit\u00e9 Sociale (ESUS) pour 5 ans, \u00e0 compter du 9 octobre 2025 et jusqu'au 8 \noctobre 2030 selon les crit\u00e8res issus de l'article L3332-17-1 du code du travail en vigueur \u00e0 la date de \nla pr\u00e9sente d\u00e9cision. \n  \nArticle 2 : Le pr\u00e9sent arr\u00eat\u00e9 sera publi\u00e9 au recueil des actes administratifs de la Pr\u00e9fecture de la C\u00f4te \nd'Or.  \n \nPour le Pr\u00e9fet de D\u00e9partement, \nEt par d\u00e9l\u00e9gation de la Directrice D\u00e9partementale emp\u00each\u00e9e, \nLa Cheffe du P\u00f4le Emploi et Coh\u00e9sion Territoriale, \n \nFabienne BAILLY \nSIGNE \nDirection d\u00e9partementale de l'emploi, du travail et des solidarit\u00e9s de C\u00f4te-d'Or - 21-2025-10-09-00003 - Agr\u00e9ment ESUS Centre social\nLa Passerelle SIRET 778 246 025 00028  30\nDirection d\u00e9partementale de l'emploi, du travail\net des solidarit\u00e9s de C\u00f4te-d'Or\n21-2025-10-15-00001\nRAA  Tout net SAPn\u00b02706740\nDirection d\u00e9partementale de l'emploi, du travail et des solidarit\u00e9s de C\u00f4te-d'Or - 21-2025-10-15-00001 - RAA  Tout net SAPn\u00b02706740 31\nDirection D\u00e9partementale de l'Emploi, \ndu Travail et des Solidarit\u00e9s - DDETS \nDDETS 21, 6 Rue Chancelier de l'Hospital - 21000 DIJON  \nT\u00e9l. : 03 80 68 30 00 (Accueil) \nwww.cote-dor.gouv.fr \nAffaire suivie par Marie B\u00e9grand                          Dijon, le 15/10/2025     \nUnit\u00e9 Formation Emploi Insertion, \nT\u00e9l : 03 80 68 39 04 // 07 63 24 34 60 \nCourriel : marie.begrand@cote-dor.gouv.fr                     \n \nDirection d\u00e9partementale de l'emploi, du travail et des solidarit\u00e9s de C\u00f4te-d'Or - 21-2025-10-15-00001 - RAA  Tout net SAPn\u00b02706740 32\nDDETS 21, 6 Rue Chancelier de l'Hospital - 21000 DIJON  \nT\u00e9l. : 03 80 68 30 00 (Accueil) \nwww.cote-dor.gouv.fr \n \n \nPour le Pr\u00e9fet de C\u00f4te d'Or \nEt par subd\u00e9l\u00e9gation de \nla Directrice D\u00e9partementale emp\u00each\u00e9e, \n   \nLa Responsable de l'Unit\u00e9, Formation, Emploi et Insertion, \nSign\u00e9  \nMarie BEGRAND \nDirection d\u00e9partementale de l'emploi, du travail et des solidarit\u00e9s de C\u00f4te-d'Or - 21-2025-10-15-00001 - RAA  Tout net SAPn\u00b02706740 33\nDirection d\u00e9partementale de l'emploi, du travail\net des solidarit\u00e9s de C\u00f4te-d'Or\n21-2025-10-13-00001\nRAA R\u00e9c\u00e9piss\u00e9 d\u00e9claration SAP n\u00b02739861 -\nBouvet Tom\nDirection d\u00e9partementale de l'emploi, du travail et des solidarit\u00e9s de C\u00f4te-d'Or - 21-2025-10-13-00001 - RAA R\u00e9c\u00e9piss\u00e9 d\u00e9claration\nSAP n\u00b02739861 - Bouvet Tom 34\nDirection D\u00e9partementale de l'Emploi, \ndu Travail et des Solidarit\u00e9s - DDETS \nDDETS 21, 6 rue Chancelier de l'Hospital - 21000 DIJON  \nT\u00e9l. : 03 80 68 30 00 (Accueil) \nwww.cote-dor.gouv.fr \nAffaire suivie par Marie B\u00e9grand                          Dijon, le 13/10/2025     \nP\u00f4le Emploi-Coh\u00e9sion Territoriale, Unit\u00e9 Formation Emploi, Insertion \nT\u00e9l : 03 80 68 39 04 - Mobile : 07 63 24 34 60 \nCourriel : marie.begrand@cote-dor.gouv.fr \n \n \n \n \n \n \n \nDirection d\u00e9partementale de l'emploi, du travail et des solidarit\u00e9s de C\u00f4te-d'Or - 21-2025-10-13-00001 - RAA R\u00e9c\u00e9piss\u00e9 d\u00e9claration\nSAP n\u00b02739861 - Bouvet Tom 35\nDDETS 21, 6 rue Chancelier de l'Hospital - 21000 DIJON  \nT\u00e9l. : 03 80 68 30 00 (Accueil) \nwww.cote-dor.gouv.fr \n \n \n \n \n \nPour le Pr\u00e9fet de C\u00f4te d'Or \nEt par subd\u00e9l\u00e9gation de \nla Directrice D\u00e9partementale emp\u00each\u00e9e, \n   \nLa Responsable de l'Unit\u00e9 Formation, Emploi, Insertion \nSign\u00e9   \nMarie BEGRAND \nDirection d\u00e9partementale de l'emploi, du travail et des solidarit\u00e9s de C\u00f4te-d'Or - 21-2025-10-13-00001 - RAA R\u00e9c\u00e9piss\u00e9 d\u00e9claration\nSAP n\u00b02739861 - Bouvet Tom 36\nDirection d\u00e9partementale de la protection des\npopulations de la C\u00f4te-d'Or\nService Sant\u00e9 et Protections animales, Protection\nde l'Environnement\n21-2025-10-08-00001\nArr\u00eat\u00e9 pr\u00e9fectoral N\u00b0 1458/2025 du 8 octobre\n2025 portant d\u00e9claration d'infection de la faune\nsauvage par la tuberculose bovine, \nd\u00e9finissant une zone \u00e0 risque et portant\ndiff\u00e9rentes mesures de surveillance, de lutte et\nde pr\u00e9vention dans la faune sauvage\nDirection d\u00e9partementale de la protection des populations de la C\u00f4te-d'Or - 21-2025-10-08-00001 - Arr\u00eat\u00e9 pr\u00e9fectoral N\u00b0 1458/2025\ndu 8 octobre 2025 portant d\u00e9claration d'infection de la faune sauvage par la tuberculose bovine, \nd\u00e9finissant une zone \u00e0 risque et portant diff\u00e9rentes mesures de surveillance, de lutte et de pr\u00e9vention dans la faune sauvage\n37\nDirection D\u00e9partementale de\nla Protection des Populations\nArr\u00eat\u00e9 pr\u00e9fectoral N\u00b0 1458/2025 du 8 octobre 2025 \nportant d\u00e9claration d'infection de la faune sauvage par la tuberculose bovine, \nd\u00e9finissant une zone \u00e0 risque et portant diff\u00e9rentes mesures \nde surveillance, de lutte et de pr\u00e9vention dans la faune sauvage\nLe pr\u00e9fet de la C\u00f4te-d'Or\nVU le r\u00e8glement (UE) 2016/429 du 9 mars 2016 relatif aux maladies animales transmissibles  \net modifiant et abrogeant certains actes dans le domaine de la sant\u00e9 animale (\u00ab l\u00e9gisla -\ntion sur la sant\u00e9 animale \u00bb) ;\nVU le Code de l'environnement, notamment ses articles L.421-5, L.422-10, L.424-3, L.424-11, \nL.425-1, 2 et 5, L.425-6 \u00e0 L.425-13, L.427-6 et R.413-24 \u00e0 R.413-47, R.425-1-1 \u00e0 R.425-13,  \nL.427-1 et R.427-6 ;\nVU le  Code  rural  et  de  la  p\u00eache  maritime,  notamment  le  livre  II  (partie  l\u00e9gislative  et \nr\u00e9glementaire) ;\nVU le d\u00e9cret N\u00b0 2004-374 du 29 avril 2004 modifi\u00e9, relatif aux pouvoirs des pr\u00e9fets, \u00e0  \nl'organisation et \u00e0 l'action des services de l'\u00c9tat dans les r\u00e9gions et d\u00e9partements ;\nVU le d\u00e9cret du 10 octobre 2024 portant nomination du pr\u00e9fet de la r\u00e9gion Bourgogne-\nFranche-Comt\u00e9, pr\u00e9fet de la C\u00f4te-d'Or \u2013 M. Paul MOURIER\u00a0;\nVU l'arr\u00eat\u00e9 du 8 octobre 2021 fixant les mesures techniques et administratives relatives \u00e0  \nla pr\u00e9vention, la surveillance et la police sanitaire de l'infection par le complexe Myco-\nbacterium tuberculosis des animaux des esp\u00e8ces bovines, caprines et porcines ainsi que \ndes \u00e9levages de cam\u00e9lid\u00e9s et de cervid\u00e9s\u00a0;\nVU l'arr\u00eat\u00e9 du 7 d\u00e9cembre 2016 relatif \u00e0 certaines mesures de surveillance et de lutte  \ncontre la tuberculose lors de la mise en \u00e9vidence de cette maladie dans la faune sau -\nvage\u00a0;\nVU le relev\u00e9 de d\u00e9cisions du comit\u00e9 de pilotage SYLVATUB du 23 juin 2025 ;\nVU la consultation \u00e9lectronique du 22 septembre 2025 des pr\u00e9sidents de la f\u00e9d\u00e9ration d\u00e9 -\npartementale des chasseurs, des lieutenants de louveterie, du groupement de d\u00e9fense  \nsanitaire, de l'association des pi\u00e9geurs et de la chambre d\u00e9partementale d'agriculture,  \nmembres du comit\u00e9 de pilotage SYLVATUB\u00a0;\nVU l'avis de la cellule d'animation nationale du r\u00e9seau SYLVATUB du 30 septembre 2025 ;\nDirection d\u00e9partementale de la protection des populations\n57 rue de Mulhouse CS 53317 21033 DIJON Cedex\n03 80 29 44 44 - courriel : ddpp@cote-dor.gouv.fr page 1\nDirection d\u00e9partementale de la protection des populations de la C\u00f4te-d'Or - 21-2025-10-08-00001 - Arr\u00eat\u00e9 pr\u00e9fectoral N\u00b0 1458/2025\ndu 8 octobre 2025 portant d\u00e9claration d'infection de la faune sauvage par la tuberculose bovine, \nd\u00e9finissant une zone \u00e0 risque et portant diff\u00e9rentes mesures de surveillance, de lutte et de pr\u00e9vention dans la faune sauvage\n38\nCONSID\u00c9RANT que les mesures prescrites par l'arr\u00eat\u00e9 pr\u00e9fectoral n\u00b058 /2024 du 09 janvier  \n2024 modifi\u00e9 doivent \u00eatre adapt\u00e9es au regard des \u00e9volutions sanitaires constat\u00e9es\u00a0;\nCONSID\u00c9RANT que l'arr\u00eat\u00e9 du 7 d\u00e9cembre 2016 relatif \u00e0 certaines mesures de surveillance  \net de lutte contre la tuberculose lors de la mise en \u00e9vidence de cette maladie dans la faune  \nsauvage d\u00e9finit  les  zones  \u00e0  risque  concern\u00e9es  par  des  mesures  sp\u00e9cifiques  en  cas  de \nd\u00e9tection de tuberculose dans la faune sauvage\u00a0;  \nCONSID\u00c9RANT  les  foyers  de  tuberculose  bovine  d\u00e9tect\u00e9s  chez  les  bovins  dans  le \nd\u00e9partement de la C\u00f4te-d'Or depuis juin 2020 ;\nCONSID\u00c9RANT les cerfs, sangliers, blaireaux et renards d\u00e9tect\u00e9s infect\u00e9s de tuberculose  \nbovine dans le d\u00e9partement de la C\u00f4te-d'Or depuis janvier 2021 ;\nCONSID\u00c9RANT qu'il est n\u00e9cessaire de red\u00e9finir le zonage de la zone \u00e0 risque et de la zone  \ninfect\u00e9e pour prendre en compte la situation \u00e9pid\u00e9miologique actuelle ;\nCONSID\u00c9RANT qu'il convient, pour r\u00e9duire la circulation de la tuberculose bovine au sein  \ndes animaux de la faune sauvage dans les zones infect\u00e9es, de ma\u00eetriser les populations de  \nsangliers, de cervid\u00e9s et de blaireaux sur ces secteurs\u00a0;\nSUR proposition du secr\u00e9taire g\u00e9n\u00e9ral de la pr\u00e9fecture de la C\u00f4te-d'Or ;\nARR\u00caTE\nArticle 1  er  \u00a0: Objet\nLes animaux de l'esp\u00e8ce sanglier ( Sus scrofa), de l'esp\u00e8ce blaireau ( Meles meles), de l'esp\u00e8ce \nrenard (Vulpes vulpes), de la famille des cervid\u00e9s (Cervidae) pour lesquels des rapports d'ana-\nlyse r\u00e9v\u00e8lent la pr\u00e9sence de Mycobacterium bovis, caprae ou tuberculosis sur un ou plusieurs \norganes pr\u00e9lev\u00e9s sont d\u00e9clar\u00e9s \"infect\u00e9s de tuberculose bovine\".\nChapitre I  er  \u00a0  : D  \u00e9  finition de la \u00ab  \u00a0  zone   \u00e0   risque  \u00a0  \u00bb  \nArticle 2\u00a0: Constitution du zonage\nLe pr\u00e9sent arr\u00eat\u00e9 a pour objet de surveiller et de pr \u00e9venir une \u00e9ventuelle transmission de la  \ntuberculose bovine au sein de la faune sauvage dans la \u00ab\u00a0zone \u00e0 risque\u00a0\u00bb telle que d\u00e9finie ci-\ndessous.\nLe p\u00e9rim\u00e8tre de la \u00ab \u00a0zone \u00e0 risque\u00a0\u00bb de tuberculose bovine est d\u00e9fini en fonction des carac -\nt\u00e9ristiques \u00e9pid\u00e9miologiques et \u00e9cologiques observ\u00e9es. Elle comprend toutes les communes \ndont tout ou partie du territoire se trouve dans un rayon de 10 km autour\u00a0:\n\u27a2 des p\u00e2tures et des b\u00e2timents dans lesquels ont s\u00e9journ\u00e9 les bovins d'un troupeau d\u00e9 -\nclar\u00e9 infect\u00e9 au cours des 5 derni\u00e8res ann\u00e9es\u00a0;\n\u27a2 du lieu de pr\u00e9l\u00e8vement d'un blaireau infect\u00e9 au cours des 5 derni\u00e8res ann\u00e9es.\nAu sein de la \u00ab\u00a0zone \u00e0 risque\u00a0\u00bb, sont d\u00e9finies :\n\u27a2 une \u00ab\u00a0zone infect\u00e9e\u00a0\u00bb, qui est constitu\u00e9e des communes dont tout ou partie du territoire  \nse trouve\u00a0dans un rayon de 2\u00a0km autour\u00a0:\nDirection d\u00e9partementale de la protection des populations\n57 rue de Mulhouse CS 53317 21033 DIJON Cedex\n03 80 29 44 44 - courriel : ddpp@cote-dor.gouv.fr page 2\nDirection d\u00e9partementale de la protection des populations de la C\u00f4te-d'Or - 21-2025-10-08-00001 - Arr\u00eat\u00e9 pr\u00e9fectoral N\u00b0 1458/2025\ndu 8 octobre 2025 portant d\u00e9claration d'infection de la faune sauvage par la tuberculose bovine, \nd\u00e9finissant une zone \u00e0 risque et portant diff\u00e9rentes mesures de surveillance, de lutte et de pr\u00e9vention dans la faune sauvage\n39\n\u2022 des p\u00e2tures et des b\u00e2timents dans lesquels ont s \u00e9journ\u00e9 les bovins d'un troupeau d\u00e9-\nclar\u00e9 infect\u00e9 au cours des 5 derni\u00e8res ann\u00e9es ;\n\u2022 du lieu de pr\u00e9l\u00e8vement d'un blaireau infect\u00e9 au cours des 5 derni\u00e8res ann\u00e9es.\n\u27a2 une \u00ab zone tampon \u00bb, qui correspond \u00e0 la zone p\u00e9riph\u00e9rique de cette \u00ab zone infect\u00e9e \u00bb.\nLes contours de ces zones peuvent cependant \u00eatre adapt\u00e9s pour tenir compte de la taille  \ndes communes, des contours des bassins cyn\u00e9g\u00e9tiques et de contextes \u00e9pid\u00e9miologiques  \nparticuliers (cas d\u00e9tect\u00e9s dans d'autres esp\u00e8ces d'animaux d'\u00e9levage ou de la faune sau -\nvage).\nLa \u00ab\u00a0zone \u00e0 risque\u00a0\u00bb est plac \u00e9e sous la surveillance sanitaire de la direction d \u00e9partementale \nde la protection des populations (DDPP) de la C\u00f4te-d'Or.\nEn cas de d\u00e9couverte de foyer isol\u00e9 en \u00e9levage bovin, et en l'absence de cas associ\u00e9 dans la  \nfaune sauvage, une zone \u00e0 risque potentiel de tuberculose bovine dans la faune sauvage ap-\npel\u00e9e \u00ab \u00a0zone de prospection \u00a0\u00bb est mise en place . Elle est constitu\u00e9e par toutes les com -\nmunes situ\u00e9es dans un rayon de 2 km autour des p\u00e2tures et b\u00e2timents dans lesquels ont s\u00e9-\njourn\u00e9 les bovins du troupeau d\u00e9clar\u00e9 infect\u00e9.\nLes listes des communes concern\u00e9es figurent en annexes du pr\u00e9sent arr\u00eat\u00e9\u00a0:\n\uf0b7 L'annexe 1 liste les communes o\u00f9 ont \u00e9t\u00e9 d\u00e9clar\u00e9s les cas de faune sauvage depuis le \n1er janvier 2020 ;\n\uf0b7 L'annexe 2 liste les communes de la \u00ab\u00a0zone \u00e0 risque\u00a0\u00bb, comprenant la \u00ab\u00a0zone infect\u00e9e\u00a0\u00bb \net la \u00ab\u00a0zone tampon\u00a0\u00bb ;\n\uf0b7 L'annexe 3 liste les communes situ\u00e9es en \u00ab\u00a0zone de prospection\u00a0\u00bb ;\n\uf0b7 L'annexe 4 pr\u00e9sente la carte illustrant les diff\u00e9rentes zones.\nDirection d\u00e9partementale de la protection des populations\n57 rue de Mulhouse CS 53317 21033 DIJON Cedex\n03 80 29 44 44 - courriel : ddpp@cote-dor.gouv.fr page 3\nDirection d\u00e9partementale de la protection des populations de la C\u00f4te-d'Or - 21-2025-10-08-00001 - Arr\u00eat\u00e9 pr\u00e9fectoral N\u00b0 1458/2025\ndu 8 octobre 2025 portant d\u00e9claration d'infection de la faune sauvage par la tuberculose bovine, \nd\u00e9finissant une zone \u00e0 risque et portant diff\u00e9rentes mesures de surveillance, de lutte et de pr\u00e9vention dans la faune sauvage\n40\nChapitre II  \u00a0  : Mesures de surveillance dans les diff\u00e9rentes zones  \net pour les \u00e9levages en lien \u00e9pid\u00e9miologique\nArticle 3 : Surveillance \u00e9v\u00e9nementielle \nAu sein de la \u00ab\u00a0zone \u00e0 risque\u00a0\u00bb et de la \u00ab zone de prospection \u00bb, sont soumises \u00e0 d\u00e9claration \nobligatoire\u00a0:\n\uf0b7 la d\u00e9tection de toute l\u00e9sion suspecte de tuberculose chez un sanglier, blaireau ou  \ncervid\u00e9 aupr\u00e8s d'un r\u00e9f\u00e9rent SYLVATUB de la f\u00e9d\u00e9ration d\u00e9partementale des chas -\nseurs (FDC) ou de l'office fran\u00e7ais de la biodiversit\u00e9 (OFB) ;\n\uf0b7 la d\u00e9couverte de tout cadavre animal de ces m\u00eames esp\u00e8ces qui n'a pas \u00e9t\u00e9 tu\u00e9 en  \naction de chasse,\u00a0soit aupr\u00e8s du r\u00e9seau SAGIR (FDC, OFB), soit, en ce qui concerne le  \nblaireau, aupr\u00e8s du lieutenant de louveterie comp\u00e9tent pour le secteur o\u00f9 le cadavre  \na \u00e9t\u00e9 d\u00e9couvert.\nTout sanglier, tout cervid\u00e9, tout blaireau trouv\u00e9 mort dans ces zones, y compris suite \u00e0 une  \ncollision routi\u00e8re, fera, dans la mesure o \u00f9 l'\u00e9tat de conservation du cadavre le permet, l'ob -\njet de pr\u00e9l\u00e8vements en vue d'analyse de recherche de tuberculose bovine. Si l'\u00e9tat du ca -\ndavre ne le permet pas, le maire de la commune, sur le territoire de laquelle il a \u00e9t\u00e9 d\u00e9cou -\nvert, en avise le titulaire du march\u00e9 public d'\u00e9quarrissage charg\u00e9 de la collecte des cadavres  \net l'invite \u00e0 proc\u00e9der \u00e0 son enl\u00e8vement dans un d\u00e9lai de deux jours francs.\nArticle 4\u00a0: Surveillance programm\u00e9e\nLa surveillance programm\u00e9e consiste \u00e0 r\u00e9aliser des pr\u00e9l\u00e8vements \u00e0 des fins d'analyses sur  \ndes sangliers, des blaireaux et \u00e9ventuellement des cervid\u00e9s ou des renards. Les objectifs de  \nr\u00e9alisation sont d\u00e9finis par la DDPP,  chaque ann\u00e9e, en collaboration avec le comit\u00e9 de pilo -\ntage national du r\u00e9seau de surveillance de la faune sauvage (SYLVATUB) selon les modalit\u00e9s  \ndes notes de service relatives \u00e0 ce dispositif.\nLa surveillance programm\u00e9e sur les sangliers et, le cas \u00e9ch\u00e9ant, sur les cervid\u00e9s, est r\u00e9alis\u00e9e  \nau sein de la \u00ab zone \u00e0 risque \u00bb pendant la p\u00e9riode d'ouverture g\u00e9n\u00e9rale de la chasse \u00e0 tir. Ces \nmesures s'appliquent \u00e0 la fois aux populations des milieux ouverts et aux populations pr \u00e9-\nsentes dans les \u00e9levages de grand gibier, parcs et enclos de chasse. \nLa surveillance programm\u00e9e sur les blaireaux est r\u00e9alis\u00e9e :\n\u2022 au sein de la \u00ab \u00a0zone infect\u00e9e \u00bb, du 1er mars jusqu'\u00e0, au plus tard, la veille de la date de  \nl'ouverture g\u00e9n\u00e9rale de la prochaine saison de chasse.\n\u2022 les parcs zoologiques d\u00e9tenant des esp\u00e8ces non domestiques sensibles \u00e0 la tubercu -\nlose font r\u00e9aliser, en plus de la prophylaxie obligatoire des bovin\u00e9s, un pi\u00e9geage des  \nblaireaux sur la bande de 500 m\u00e8tres de largeur en p\u00e9riph\u00e9rie du parc, \u00e0 des fins  \nd'analyse de laboratoire.\n\u2022 au sein de la \u00ab \u00a0zone de prospection \u00a0\u00bb, du 1 er juin jusqu'\u00e0 , au plus tard, l a veille de la  \ndate de l'ouverture g\u00e9n\u00e9rale de la prochaine saison de chasse, des pr\u00e9l\u00e8vements sont  \neffectu\u00e9s \u00e0 hauteur de 2 blaireaux adultes maximum par terrier recens\u00e9 et par cam -\npagne de pi\u00e9geage.\nDirection d\u00e9partementale de la protection des populations\n57 rue de Mulhouse CS 53317 21033 DIJON Cedex\n03 80 29 44 44 - courriel : ddpp@cote-dor.gouv.fr page 4\nDirection d\u00e9partementale de la protection des populations de la C\u00f4te-d'Or - 21-2025-10-08-00001 - Arr\u00eat\u00e9 pr\u00e9fectoral N\u00b0 1458/2025\ndu 8 octobre 2025 portant d\u00e9claration d'infection de la faune sauvage par la tuberculose bovine, \nd\u00e9finissant une zone \u00e0 risque et portant diff\u00e9rentes mesures de surveillance, de lutte et de pr\u00e9vention dans la faune sauvage\n41\nArticle 5\u00a0: Mesures sp\u00e9cifiques aux blaireaux\n5.1. Op\u00e9rations de pr\u00e9l\u00e8vement\nDes chasses particuli\u00e8res sont organis\u00e9es en \u00ab zone infect\u00e9e \u00bb et en \u00ab zone de prospection \u00bb, \n\u00e0 des fins de surveillance de la tuberculose bovine sur le blaireau.\nCes op\u00e9rations sont plac\u00e9es sous la responsabilit\u00e9 des lieutenants de louveterie du d\u00e9parte -\nment de la C\u00f4te-d'Or qui en organisent la mise en \u0153uvre. Ils coordonnent, en fonction de la  \ncirconscription sur laquelle ils sont nomm\u00e9s, les actions techniques des pi\u00e9geurs agr\u00e9\u00e9s pla -\nc\u00e9s sous leur autorit\u00e9. Chaque lieutenant de louveterie concern\u00e9 peut d\u00e9l\u00e9guer l'encadre -\nment de ces op\u00e9rations \u00e0 l'un de ses suppl\u00e9ants.\nLes moyens de pr\u00e9l\u00e8vement autoris\u00e9s sont :\n\uf0b7 Le pi\u00e9geage, en \u00ab zone infect\u00e9e \u00bb et en \u00ab zone de prospection \u00bb : l'utilisation de cages-\npi\u00e8ges ainsi que de collets \u00e0 arr\u00eatoir, y compris en entr\u00e9e de terrier, \u00e0 ras de terre si  \nbesoin, est autoris \u00e9e. En d \u00e9rogation \u00e0 l'arr\u00eat\u00e9 minist\u00e9riel modifi\u00e9 du 29 janvier 2007  \nrelatif au pi\u00e9geage\u00a0:\n\u2013\u00a0les collets devront \u00eatre visit\u00e9s au plus tard dans les quatre heures qui suivent  \nle lever du soleil.\n\u2013\u00a0la d\u00e9claration en mairie est r\u00e9alis\u00e9e par un courrier d'information de la DDPP  \ndestin\u00e9s aux maires des communes o\u00f9 sont pratiqu\u00e9es les activit\u00e9s de pi\u00e9geage. Le  \nmaire fait publier le courrier \u00e0 l'emplacement r\u00e9serv\u00e9 aux affichages officiels.\nHormis ces exceptions, la r\u00e9glementation relative au pi\u00e9geage devra \u00eatre respect\u00e9e.\nLa r\u00e9partition des pi\u00e8ges doit \u00eatre \u00e9tablie pr\u00e9cis\u00e9ment en relation avec les \u00e9l\u00e9ments  \nde connaissance du terrain, tenant compte de la disposition des b\u00e2timents d'\u00e9levage  \net des p\u00e2turages, de la topographie des zones concern\u00e9es et des indices de pr\u00e9sence  \ndes blaireaux. Pour ce mode op\u00e9ratoire, les lieutenants de louveterie sont aid\u00e9s par  \ndes pi\u00e9geurs agr\u00e9\u00e9s choisis par leurs soins et titulaires d'une assurance pour leur acti -\nvit\u00e9 de pi\u00e9geur.\nLe pi\u00e9geage est renforc\u00e9 sur les terriers situ\u00e9s \u00e0 proximit\u00e9 imm\u00e9diate des b\u00e2timents  \net parcelles exploit\u00e9s par les \u00e9levages bovins d\u00e9clar\u00e9s infect\u00e9s de tuberculose bovine, \nainsi que les sites o\u00f9 un blaireau est r\u00e9v\u00e9l\u00e9 infect\u00e9.\nLes pi\u00e9geurs devront r\u00e9guli\u00e8rement informer le lieutenant de louveterie qui organise  \nl'\u00e9limination des blaireaux pi\u00e9g\u00e9s.\nLes moyens de pr\u00e9l\u00e8vement compl\u00e9mentaires suivants peuvent \u00eatre mis en \u0153uvre :\n\uf0b7 Le tir de jour , en \u00ab  zone infect\u00e9e \u00bb uniquement\u00a0: les chasseurs titulaires d'un permis  \nde chasser valid\u00e9 sont autoris\u00e9s \u00e0 tirer \u00e0 l'aff\u00fbt les blaireaux, \u00e0 partir du 1 er juin jusqu'\u00e0 \nla veille de l'ouverture g\u00e9n\u00e9rale de la chasse. Le jour s'entend du temps qui com -\nmence une heure avant le lever du soleil au chef-lieu du d\u00e9partement et finit une  \nheure apr\u00e8s son coucher. Les chasseurs souhaitant intervenir dans ce cadre devront  \nimp\u00e9rativement, au pr\u00e9alable, se faire conna\u00eetre des lieutenants de louveterie territo -\nDirection d\u00e9partementale de la protection des populations\n57 rue de Mulhouse CS 53317 21033 DIJON Cedex\n03 80 29 44 44 - courriel : ddpp@cote-dor.gouv.fr page 5\nDirection d\u00e9partementale de la protection des populations de la C\u00f4te-d'Or - 21-2025-10-08-00001 - Arr\u00eat\u00e9 pr\u00e9fectoral N\u00b0 1458/2025\ndu 8 octobre 2025 portant d\u00e9claration d'infection de la faune sauvage par la tuberculose bovine, \nd\u00e9finissant une zone \u00e0 risque et portant diff\u00e9rentes mesures de surveillance, de lutte et de pr\u00e9vention dans la faune sauvage\n42\nrialement comp\u00e9tents. Par ailleurs, les lieutenants de louveterie devront \u00eatre r\u00e9guli\u00e8 -\nrement tenus inform\u00e9s des sorties effectu\u00e9es par ces chasseurs et, sans tarder, \u00eatre  \nrendus destinataires de tous les individus pr\u00e9lev\u00e9s. \n\uf0b7 Le tir de nuit , en \u00ab  zone infect\u00e9e \u00bb et en \u00ab  zone de prospection  \u00bb, avec utilisation de  \nsources lumineuses par les lieutenants de louveterie. Ces derniers peuvent faire appel  \n\u00e0 des tiers pour les aider dans la mise en \u0153uvre de ce type d'intervention, \u00e0 l'exclu -\nsion des tirs qui ne peuvent \u00eatre effectu\u00e9s que par eux-m\u00eames. Lorsque des tirs de  \nnuit sont envisag\u00e9s, les lieutenants de louveterie pr\u00e9viennent le maire de la commune  \nconcern\u00e9e, la brigade de gendarmerie du secteur, la direction d\u00e9partementale des  \nterritoires, ainsi que l'office fran\u00e7ais de la biodiversit\u00e9.\n5.2. Conditionnement et destination des cadavres de blaireaux\nLors de la manipulation des animaux et du mat\u00e9riel, le port de gants \u00e0 usage unique est obli -\ngatoire.\nLes animaux pr\u00e9lev\u00e9s sont plac\u00e9s en sacs plastiques \u00e9tanches \u00e9tiquet\u00e9s et identifi\u00e9s d\u00e8s la  \ncapture par un num\u00e9ro unique, ce num\u00e9ro devant \u00eatre report\u00e9 sur la fiche de pr\u00e9l\u00e8vement.\nLes animaux ainsi identifi\u00e9s seront achemin\u00e9s directement ou apr\u00e8s stockage interm\u00e9diaire  \ndans des installations frigorifiques\u00a0:\n\uf0b7 soit  au  laboratoire  d\u00e9partemental  de  la  C\u00f4te-d'Or,  pour  analyse,  en  fonction  de \nl'\u00e9chantillonnage d\u00e9fini par la DDPP ;\n\uf0b7 soit vers l'\u00e9quarrissage pour destruction. Pour cela, ils devront \u00eatre d\u00e9pos\u00e9s dans des  \nbacs d\u00e9di\u00e9s \u00e0 cet usage et dont l'enl\u00e8vement est r\u00e9guli\u00e8rement effectu\u00e9 par la soci\u00e9 -\nt\u00e9 d'\u00e9quarrissage.\nLes lieutenants de louveterie, ainsi que les pi\u00e9geurs agr\u00e9\u00e9s plac\u00e9s sous leur autorit\u00e9, charg\u00e9s  \ndes op\u00e9rations du pr\u00e9sent article, sont autoris\u00e9s \u00e0 transporter les cadavres des blaireaux  \npr\u00e9lev\u00e9s jusqu'aux points de collecte mis en place \u00e0 cet effet ou directement jusqu'au labo -\nratoire d\u00e9partemental d'analyse. Les dates et les quantit\u00e9s de cadavres de blaireaux doivent  \n\u00eatre valid\u00e9es pr\u00e9alablement par le laboratoire. \nLes modalit\u00e9s de mise en \u0153uvre de ce protocole de surveillance sont d\u00e9crites dans une  \nconvention pass\u00e9e entre le directeur d\u00e9partemental de la protection des populations, le  \npr\u00e9sident de l'association d\u00e9partementale des lieutenants de louveterie et le pr\u00e9sident de  \nl'association d\u00e9partementale des pi\u00e9geurs agr\u00e9\u00e9s.\n5.3. D\u00e9couverte d'un blaireau ou d'un \u00e9levage bovin infect\u00e9\nLors de la d\u00e9couverte d'un blaireau ou d'un \u00e9levage bovin infect\u00e9 de tuberculose bovine, les  \nmesures suivantes s'appliquent sous la coordination de la DDPP :\n\uf0b7 recensement et g\u00e9olocalisation des terriers de blaireaux dans un rayon de deux kilo -\nm\u00e8tres autour du lieu de d\u00e9couverte ou de capture du blaireau infect\u00e9 ;\n\uf0b7 dans le cas d'une d\u00e9couverte de tuberculose dans un \u00e9levage de bovins, recensement \net g\u00e9olocalisation des terriers de blaireaux sur le parcellaire de p\u00e2turage de l'exploita -\nDirection d\u00e9partementale de la protection des populations\n57 rue de Mulhouse CS 53317 21033 DIJON Cedex\n03 80 29 44 44 - courriel : ddpp@cote-dor.gouv.fr page 6\nDirection d\u00e9partementale de la protection des populations de la C\u00f4te-d'Or - 21-2025-10-08-00001 - Arr\u00eat\u00e9 pr\u00e9fectoral N\u00b0 1458/2025\ndu 8 octobre 2025 portant d\u00e9claration d'infection de la faune sauvage par la tuberculose bovine, \nd\u00e9finissant une zone \u00e0 risque et portant diff\u00e9rentes mesures de surveillance, de lutte et de pr\u00e9vention dans la faune sauvage\n43\ntion concern\u00e9e et dans une zone p\u00e9riph\u00e9rique autour de ce parcellaire, \u00a0d\u00e9finie selon \nla densit\u00e9 de terriers d\u00e9tect\u00e9s.\n5.4. Pilotage\nLa DDPP est charg\u00e9e de l'organisation et de la coordination des op\u00e9rations pr\u00e9vues par le  \npr\u00e9sent article.\nUn bilan de ces pr\u00e9l\u00e8vements sera pr\u00e9sent\u00e9 annuellement aux lieutenants de louveterie et  \naux pi\u00e9geurs agr\u00e9\u00e9s.\nArticle 6\u00a0: Mesures sp\u00e9cifiques aux grands gibiers\nChaque ann\u00e9e, le directeur d\u00e9partemental de la protection des populations d\u00e9signe les so -\nci\u00e9t\u00e9s de chasse concern\u00e9es par la mise en \u0153uvre de cette surveillance, ainsi que le nombre  \nde pr\u00e9l\u00e8vements attendus. Les d\u00e9tenteurs des plans de chasse concern\u00e9s doivent r\u00e9aliser les \npr\u00e9l\u00e8vements  selon  les  modalit\u00e9s  transmises  aux  soci\u00e9t\u00e9s  de  chasse  par  la  DDPP  avant \nchaque campagne. Ils sont responsables de l'envoi des pr\u00e9l\u00e8vements au laboratoire.\nSi le suivi r\u00e9gulier du plan d'\u00e9chantillonnage par la DDPP laisse pr\u00e9sumer que les objectifs de  \nla surveillance ne seront pas atteints en fin de campagne par un d\u00e9tenteur de plan de  \nchasse, la DDPP en alertera la f\u00e9d\u00e9ration d\u00e9partementale des chasseurs qui sensibilisera la  \nsoci\u00e9t\u00e9 de chasse \u00e0 la n\u00e9cessit\u00e9 d'assurer les pr\u00e9l\u00e8vements attendus. En dernier recours, la  \nDDPP pourra proc\u00e9der \u00e0 des pr\u00e9l\u00e8vements d'office dans les soci\u00e9t\u00e9s concern\u00e9es.\nArticle 7\u00a0: \u00c9levages de sangliers et de cervid\u00e9s\nLes \u00e9levages de sangliers et de cervid\u00e9s situ\u00e9s en \u00ab \u00a0zone \u00e0 risque\u00a0\u00bb et en \u00ab  zone de prospec-\ntion \u00bb sont soumis aux mesures de surveillance suivantes\u00a0:\n\uf0b7 tous les animaux abattus ou trouv\u00e9s morts dans l'\u00e9levage seront soumis \u00e0 une inspec -\ntion post-mortem renforc\u00e9e (ou autopsie) en vue de la recherche de l\u00e9sion de tuber -\nculose bovine, par une personne qualifi\u00e9e. En cas de l\u00e9sion suspecte, la DDPP en est  \ninform\u00e9e sans d\u00e9lai afin d'entreprendre le diagnostic de confirmation de la maladie,  \ndont les frais sont pris en charge par la DDPP\u00a0;\n\uf0b7 un plan de pr\u00e9l\u00e8vements syst\u00e9matiques ou par \u00e9chantillonnage (selon les effectifs d\u00e9-\ntenus), doit \u00eatre conduit dans les \u00e9levages pour d\u00e9terminer leur statut sanitaire au re -\ngard de la tuberculose bovine. Un test de diagnostic ante mortem valid\u00e9 par le labo -\nratoire national de r\u00e9f\u00e9rence pour l'esp\u00e8ce consid\u00e9r\u00e9e doit \u00eatre mis en \u0153uvre. Le  \nplan de pr\u00e9l\u00e8vements doit \u00eatre valid\u00e9 en amont par la DDPP. En cas de besoin, la  \nDDPP sollicitera l'avis du comit\u00e9 de pilotage national du r\u00e9seau de surveillance de la  \nfaune sauvage (SYLVATUB). Les frais inh\u00e9rents \u00e0 cette mesure de surveillance sont \u00e0 la \ncharge de l'exploitant\u00a0;\n\uf0b7 tout mouvement d'animaux depuis un \u00e9levage situ\u00e9 en \u00ab \u00a0zone tampon\u00a0\u00bb vers un \u00e9ta-\nblissement d'\u00e9levage ou en vue de leur introduction dans le milieu naturel, est condi -\ntionn\u00e9 par l 'obtention de r \u00e9sultats favorables au plan de surveillance vis \u00e9 \u00e0 l 'alin\u00e9a \npr\u00e9c\u00e9dent et \u00e0 l'obtention d'un r\u00e9sultat favorable \u00e0 un test de d\u00e9pistage approuv\u00e9  \nDirection d\u00e9partementale de la protection des populations\n57 rue de Mulhouse CS 53317 21033 DIJON Cedex\n03 80 29 44 44 - courriel : ddpp@cote-dor.gouv.fr page 7\nDirection d\u00e9partementale de la protection des populations de la C\u00f4te-d'Or - 21-2025-10-08-00001 - Arr\u00eat\u00e9 pr\u00e9fectoral N\u00b0 1458/2025\ndu 8 octobre 2025 portant d\u00e9claration d'infection de la faune sauvage par la tuberculose bovine, \nd\u00e9finissant une zone \u00e0 risque et portant diff\u00e9rentes mesures de surveillance, de lutte et de pr\u00e9vention dans la faune sauvage\n44\npar le laboratoire national de r\u00e9f\u00e9rence pour l'esp\u00e8ce consid\u00e9r\u00e9e, dans les 30 jours  \npr\u00e9c\u00e9dant le mouvement\u00a0;\n\uf0b7 tout mouvement d'animaux depuis un \u00e9levage situ\u00e9 en \u00ab\u00a0zone infect\u00e9e \u00bb \u00e0 destination \nd'un \u00e9tablissement d'\u00e9levage ou en vue de leur introduction dans le milieu naturel est  \ninterdit ;\nDans le cas o\u00f9 l'enqu\u00eate \u00e9pid\u00e9miologique conduite apr\u00e8s la d\u00e9couverte d'un animal infect\u00e9  \na permis d'identifier des mouvements d'animaux avec des \u00e9levages de cervid\u00e9s et de san -\ngliers ou des territoires de chasse \u00e0 l'ext\u00e9rieur de la \u00ab \u00a0zone \u00e0 risque\u00a0\u00bb d\u00e9finie, la DDPP en in -\nforme la DGAL.\nChapitre III  \u00a0  : Mesures de pr\u00e9vention et de lutte  \nArticle 8\u00a0: Mesures applicables aux blaireaux\nEn \u00ab\u00a0zone infect\u00e9e\u00a0\u00bb, autour des lieux d'infection connus (blaireaux positifs, p\u00e2t ures et b\u00e2ti -\nments dans lesquels ont s\u00e9journ\u00e9 des bovins de cheptels infect\u00e9s), les mesures de r\u00e9gulation  \ndes populations de blaireaux consistent dans le pr\u00e9l\u00e8vement d'autant de blaireaux que pos -\nsible.\nLors de d\u00e9couverte d'un nouveau blaireau infect\u00e9, une r\u00e9gulation intensive est mise en  \nplace\u00a0: le pi \u00e9geage du terrier correspondant doit \u00eatre poursuivi jusqu '\u00e0 \u00e9limination de tous  \nles blaireaux l 'occupant\u00a0; les terriers ainsi assainis doivent faire l 'objet d'une surveillance au  \nmoins annuelle afin de v \u00e9rifier l'absence de recolonisation, et faire lorsque cela est possible  \nl'objet d'une neutralisation, sur autorisation pr\u00e9alable de la DDPP.\nA  rticle 9  \u00a0: V\u00e9nerie sous terre\nLa pratique de la v\u00e9nerie sous terre au blaireau est interdite dans la \u00ab \u00a0zone infect\u00e9e\u00a0\u00bb, en rai-\nson du risque de contamination pour les chiens de ces \u00e9quipages.\nArticle 10\u00a0: Mesures de bios\u00e9curit\u00e9\nConform\u00e9ment  \u00e0 l 'article 8 de l 'arr\u00eat\u00e9 minist \u00e9riel du 7 d \u00e9cembre 2016 susvis\u00e9,  un  pro -\ngramme de mesures techniques de bios\u00e9curit\u00e9 a \u00e9t\u00e9 pr\u00e9sent\u00e9 au Pr\u00e9fet le 21 avril 2020,  \nconjointement par le groupement de d\u00e9fense sanitaire (GDS) et par la f \u00e9d\u00e9ration d\u00e9parte-\nmentale des chasseurs (FDC) et des mesures de bios\u00e9curit\u00e9 sont mises en \u0153uvre dans la  \n\u00ab\u00a0zone \u00e0 risque\u00a0\u00bb.\nArticle 11\u00a0: Mesures de pr\u00e9vention et de lutte applicables aux pratiques de chasse du grand \ngibier\na)  \u00a0   Droit de chasse et inspection du gibier tu\u00e9  \nLes personnes qui exercent le droit de chasse ou qui en organisent l'exercice doivent, dans  \nla \u00ab\u00a0zone \u00e0 risque\u00a0\u00bb\u00a0:\n\uf0b7 soumettre tous les animaux abattus, quel que soit l'usage pr\u00e9vu de la carcasse, y com-\npris pour le partage de la venaison entre chasseurs, \u00e0 un examen initial de la venaison, \ntel que d\u00e9fini par l'arr\u00eat\u00e9 du 18 d\u00e9cembre 2009 susvis\u00e9\u00a0;\nDirection d\u00e9partementale de la protection des populations\n57 rue de Mulhouse CS 53317 21033 DIJON Cedex\n03 80 29 44 44 - courriel : ddpp@cote-dor.gouv.fr page 8\nDirection d\u00e9partementale de la protection des populations de la C\u00f4te-d'Or - 21-2025-10-08-00001 - Arr\u00eat\u00e9 pr\u00e9fectoral N\u00b0 1458/2025\ndu 8 octobre 2025 portant d\u00e9claration d'infection de la faune sauvage par la tuberculose bovine, \nd\u00e9finissant une zone \u00e0 risque et portant diff\u00e9rentes mesures de surveillance, de lutte et de pr\u00e9vention dans la faune sauvage\n45\n\uf0b7 notifier tout examen initial r\u00e9alis\u00e9 sur la fiche autocopiante du registre \u00ab \u00a0fiche d'ac-\ncompagnement  du  gibier\u00a0\u00bb \u00e9labor\u00e9 par  la  f\u00e9d\u00e9ration  nationale  des  chasseurs.  Un \nexemplaire devra \u00eatre conserv\u00e9 au moins trois ans par le d\u00e9tenteur du droit de chasse \ndu territoire sur lequel a \u00e9t\u00e9 pr\u00e9lev\u00e9 le gibier\u00a0;\n\uf0b7 tenir un registre des animaux des esp\u00e8ces vis\u00e9es \u00e0 l'article 1, transport\u00e9s, tu\u00e9s lors de  \nla chasse ou trouv\u00e9s morts, comportant le nombre et le sexe. Cet enregistrement  \npeut reposer sur les outils de gestion existant (plan de chasse, carnets de battue\u2026).\nAu moins une personne dans chaque soci\u00e9t\u00e9 de chasse doit \u00eatre form\u00e9e \u00e0 l'examen initial de \nla venaison. La liste \u00e0 jour de ces personnes sera transmise par la FDC \u00e0 la DDPP chaque an -\nn\u00e9e avant la saison de chasse. La FDC veille \u00e0 ce que chaque soci\u00e9t\u00e9 de chasse soit en me -\nsure de r\u00e9aliser cette surveillance des carcasses et des visc\u00e8res, en dispensant les formations  \nn\u00e9cessaires \u00e0 l'examen initial de la venaison.\nDans des circonstances particuli\u00e8res, une supervision v\u00e9t\u00e9rinaire pourra \u00eatre mise en place  \npar la DDPP aupr\u00e8s d'un \u00e9chantillon de soci\u00e9t\u00e9s de chasse de la \u00ab\u00a0zone \u00e0 risque\u00a0\u00bb.\nSi une l\u00e9sion est observ\u00e9e\u00a0:\n\uf0b7 sur un animal destin\u00e9 directement au consommateur, la FDC organise, en lien avec la  \nDDPP, l'acheminement des organes signal\u00e9s avec l\u00e9sion jusqu'au laboratoire d\u00e9parte -\nmental de la C\u00f4te-d'Or ;\n\uf0b7 sur un animal destin\u00e9 \u00e0 un atelier de traitement de gibier, la carcasse doit faire l'objet  \nd'une inspection post-mortem approfondie par le v\u00e9t\u00e9rinaire officiel de l'atelier de  \ntraitement. Dans ce cas, la carcasse doit \u00eatre accompagn\u00e9e de la t\u00eate comprenant a  \nminima la langue, la trach\u00e9e et les n\u0153uds lymphatiques associ\u00e9s, du c\u0153ur, des pou -\nmons ainsi que du foie. Lorsque les conditions de transport le permettent, la masse  \nm\u00e9sent\u00e9rique est \u00e9galement achemin\u00e9e. \nb) Gestion des cadavres et visc\u00e8res  \u00a0  li  \u00e9  s aux actions de chasse  \nLes cadavres des animaux pr\u00e9sentant des l\u00e9sions doivent \u00eatre \u00e9limin\u00e9s en totalit\u00e9 par une  \nsoci\u00e9t\u00e9 d'\u00e9quarrissage, apr\u00e8s avoir faire l'objet de pr\u00e9l\u00e8vements pour analyse. Une d\u00e9roga -\ntion \u00e0 cette \u00e9limination peut \u00eatre accord\u00e9e par la DDPP pour les troph\u00e9es d'animaux sus -\npects de tuberculose dans l'attente de la confirmation de l'infection.\nIl est interdit de distribuer les abats et visc\u00e8res \u00e0 l'\u00e9tat cru aux carnivores domestiques.\nEn compl\u00e9ment de ces mesures, au sein de la \u00ab \u00a0zone infect \u00e9e\u00a0\u00bb, les soci \u00e9t\u00e9s de chasse  \nconcern\u00e9es et la FDC organisent le ramassage et l '\u00e9limination des visc \u00e8res thoraciques, ab -\ndominaux, t\u00eates et cadavres de tous les animaux tu\u00e9s par action de chasse ou trouv\u00e9s morts.\u00a0\nDes containers ou des cong\u00e9lateurs sont mis \u00e0 disposition des chasseurs en nombre suffisant \npour permettre la r\u00e9colte de ces d\u00e9chets par l'\u00e9quarrissage. Si aucune l\u00e9sion n'est observ\u00e9e, \nles troph\u00e9es peuvent \u00eatre conserv\u00e9s.\nc) Mouvements d'animaux\nLe l\u00e2cher et la capture des sangliers et cervid\u00e9s sont interdits au sein de la \u00ab\u00a0zone \u00e0 risque\u00a0\u00bb.\nToute sortie de la \u00ab\u00a0zone \u00e0 risque\u00a0\u00bb des animaux vivants de ces m\u00eames esp\u00e8ces est interdite.\nDirection d\u00e9partementale de la protection des populations\n57 rue de Mulhouse CS 53317 21033 DIJON Cedex\n03 80 29 44 44 - courriel : ddpp@cote-dor.gouv.fr page 9\nDirection d\u00e9partementale de la protection des populations de la C\u00f4te-d'Or - 21-2025-10-08-00001 - Arr\u00eat\u00e9 pr\u00e9fectoral N\u00b0 1458/2025\ndu 8 octobre 2025 portant d\u00e9claration d'infection de la faune sauvage par la tuberculose bovine, \nd\u00e9finissant une zone \u00e0 risque et portant diff\u00e9rentes mesures de surveillance, de lutte et de pr\u00e9vention dans la faune sauvage\n46\nd) Agrainage\nDans les communes de la zone infect\u00e9e, d\u00e9finies par une analyse de risque et list\u00e9es en  \nannexe 5, l'agrainage, l'affouragement et toute autre forme de nourrissage \u00e0 l'intention de la \nfaune sauvage, ainsi que les dispositifs d'attraction chimique, sont interdits, \u00e0 l'exception  \ndes pierres de sel.\nDans  les  autres  communes,  et  conform\u00e9ment  au  sch\u00e9ma  d\u00e9partemental  de  gestion \ncyn\u00e9g\u00e9tique,  seules  les  soci\u00e9t\u00e9s  de  chasse  ayant  souscrit,  aupr\u00e8s  de  la  f\u00e9d\u00e9ration \nd\u00e9partementale  des  chasseurs  (FDC),  un  contrat  cyn\u00e9g\u00e9tique  r\u00e9pondant  aux  conditions \nd\u00e9crites ci-dessous, auront la possibilit\u00e9 d'agrainer.\nIl s'agit uniquement d'un agrainage de dissuasion, pour les sangliers, raisonn\u00e9, ma\u00eetris\u00e9 et  \nencadr\u00e9 par le contrat pass\u00e9 par la soci\u00e9t\u00e9 de chasse avec la FDC. Notamment, l'agrainage  \nn'interviendra que sur les circuits identifi\u00e9s, \u00e0 200 m au minimum des lisi\u00e8res et des voies  \nouvertes  \u00e0  la  circulation  relevant  du  domaine  public.  Il  est  interdit  d'agrainer  dans  les \np\u00e9rim\u00e8tres de protection imm\u00e9diats de points de captage en eau potable, \u00e0 moins de 100 m  \ndes milieux aquatiques remarquables (cours d'eau class\u00e9s en 1  cat\u00e9gorie piscicole, cours\u02b3\u1d49  \nd'eau des sites Natura 2000, des arr\u00eat\u00e9s pr\u00e9fectoraux de protection de biotope, des r\u00e9serves \nnaturelles nationales et r\u00e9gionales, et des zones humides recens\u00e9es par la DREAL).\nL'agrainage ne pourra \u00eatre autoris\u00e9 qu'en for\u00eat ou sous couvert bois\u00e9 ou ligneux, dans la  \nlimite de deux passages hebdomadaires. Les quantit\u00e9s maximales autoris\u00e9es ne pourront  \nexc\u00e9der la limite maximale de 50 kg hebdomadaires aux 100  ha bois\u00e9s. L'agrainage \u00e0 point \nfixe  est  interdit.  Il  est  n\u00e9cessaire  de  pratiquer  une  dispersion  homog\u00e8ne  des  produits \n\u00e9pandus.\nTout  contrat  cyn\u00e9g\u00e9tique  sign\u00e9  avant  l'entr\u00e9e  d'une  ou  plusieurs  communes  en  zone \nd'interdiction d'agrainage selon l'analyse de risque sera caduque.\nLa  liste  des  contrats  cyn\u00e9g\u00e9tiques  sign\u00e9s,  en  zone  infect\u00e9e,  sera  transmise  \u00e0  la  DDPP \nannuellement.\nLes dispositifs d'agrainage destin\u00e9s aux petits gibiers, et plus particuli\u00e8rement \u00e0 la faune  \naviaire, sont autoris\u00e9s selon les conditions suivantes\u00a0:\n\uf0b7 les dispositifs d'agrainage devront \u00eatre install\u00e9s sur des territoires de plaine, \u00e0 au  \nmoins 200 m des lisi\u00e8res foresti\u00e8res. Sous r\u00e9serve du respect de cette distance, ils  \npourront \u00eatre plac\u00e9s dans des petits bois d'une surface maximale d'un seul tenant de  \n3 ha\u00a0;\n\uf0b7 les aliments devront \u00eatre distribu\u00e9s dans des seaux \u2013 agrainoirs ou autres r\u00e9cipients, \u00e0  \nraison d'une quantit\u00e9 limit\u00e9e \u00e0 10\u00a0kg.\ne) D\u00e9couverte d'un grand gibier infect\u00e9\nLors de la d\u00e9couverte d'un animal infect\u00e9 hors \u00ab\u00a0zone infect\u00e9e\u00a0\u00bb, ou lors de la d\u00e9couverte de \nplusieurs animaux infect\u00e9s dans un m\u00eame secteur\u00a0:\n\u2022 Les acteurs locaux se r\u00e9unissent pour d\u00e9terminer le niveau de r\u00e9gulation attendu des  \npopulations des esp\u00e8ces sensibles, apr\u00e8s analyse des donn\u00e9es \u00e9pid\u00e9miologiques. Si  \nles donn\u00e9es \u00e9pid\u00e9miologiques sont insuffisantes ou d\u00e9favorables, le pr\u00e9sident de la  \nFDC peut proc\u00e9der \u00e0 une attribution de bracelets \u00ab\u00a0sanitaires\u00a0\u00bb en vue d'analyse syst\u00e9-\nmatique des animaux pr\u00e9lev\u00e9s.\nDirection d\u00e9partementale de la protection des populations\n57 rue de Mulhouse CS 53317 21033 DIJON Cedex\n03 80 29 44 44 - courriel : ddpp@cote-dor.gouv.fr page 10\nDirection d\u00e9partementale de la protection des populations de la C\u00f4te-d'Or - 21-2025-10-08-00001 - Arr\u00eat\u00e9 pr\u00e9fectoral N\u00b0 1458/2025\ndu 8 octobre 2025 portant d\u00e9claration d'infection de la faune sauvage par la tuberculose bovine, \nd\u00e9finissant une zone \u00e0 risque et portant diff\u00e9rentes mesures de surveillance, de lutte et de pr\u00e9vention dans la faune sauvage\n47\n\u2022 Les plans de chasse des cervid\u00e9s et des sangliers peuvent \u00eatre augment\u00e9s et des  \ncontraintes sur les d\u00e9lais de leur r\u00e9alisation peuvent \u00eatre fix\u00e9es. Les taux de r\u00e9alisa -\ntion de ces plans sur cette \u00ab \u00a0zone \u00e0 risque\u00a0\u00bb font l'objet d'un suivi r\u00e9gulier de mani\u00e8re  \n\u00e0 permettre leur r\u00e9adaptation avant la cl\u00f4ture de la p\u00e9riode de chasse.\n\u2022 Lorsque les plans de chasse n'ont pas permis d'aboutir au r\u00e9sultat souhait\u00e9 dans la  \n\u00ab\u00a0zone infect\u00e9e\u00a0\u00bb, en application de l'article L.427-6 du code de l'environnement, des  \ninterventions administratives telles des chasses particuli\u00e8res ou des battues adminis -\ntratives peuvent \u00eatre organis\u00e9es.\n\u2022 Les animaux tu\u00e9s \u00e0 ces occasions font l'objet d'un plan d'\u00e9chantillonnage en vue de  \npr\u00e9l\u00e8vements pour la recherche de tuberculose bovine par m\u00e9thode analytique ap -\nprouv\u00e9e.\nChapitre IV  \u00a0  : Mesures administratives  \nArticle 12\u00a0: Instances de pilotage\nLe comit\u00e9 de pilotage SYLVATUB  est le comit\u00e9 qui r\u00e9unit l'ensemble des acteurs de ce plan  \nde lutte. Il se r\u00e9unit autant que de besoin et a minima deux fois par an, afin de\u00a0: \n\uf0b7 dresser un \u00e9tat des lieux de la situation \u00e9pid\u00e9miologique,\n\uf0b7 pr\u00e9senter un bilan de la campagne de surveillance annuelle du grand gibier,\n\uf0b7 dresser un bilan du plan de surveillance des blaireaux,\n\uf0b7 pr\u00e9senter les actions de pr\u00e9vention conduites par les divers acteurs,\n\uf0b7 pr\u00e9parer la campagne suivante, le cas \u00e9ch\u00e9ant en adaptant les prescriptions du pr\u00e9 -\nsent arr\u00eat\u00e9.\nLe comit\u00e9 de pilotage est pr\u00e9sid\u00e9 par le pr\u00e9fet ou son repr\u00e9sentant.\nLa cellule technique SYLVATUB\u00a0: elle se r\u00e9unit autant que de besoin \u00e0 la demande du comit\u00e9 \nde pilotage, afin de faire un \u00e9tat des lieux des actions mises en place et, le cas \u00e9ch\u00e9ant, les  \nadapter. \nLes listes des membres du comit\u00e9 de pilotage et de la cellule technique figurent en annexe 6.\nLes \u00ab\u00a0zone \u00e0 risque\u00a0\u00bb, \u00ab\u00a0zone infect\u00e9e\u00a0\u00bb et \u00ab\u00a0zone de prospection\u00a0\u00bb sont mises \u00e0 jour au moins \nune fois par an pour tenir compte de l'\u00e9volution de la situation \u00e9pid\u00e9miologique.\nLes mesures prescrites dans le pr\u00e9sent arr\u00eat\u00e9 sont p\u00e9riodiquement \u00e9valu\u00e9es pour permettre  \nd'adapter les dispositions r\u00e9glementaires ainsi mises en \u0153uvre aux \u00e9volutions constat\u00e9es.\nArticle 13\u00a0: Dur\u00e9e des op\u00e9rations\nLes op\u00e9rations prescrites par le pr\u00e9sent arr\u00eat\u00e9 sont mises en \u0153uvre \u00e0 compter du lendemain \nde la date de sa publication.\nDirection d\u00e9partementale de la protection des populations\n57 rue de Mulhouse CS 53317 21033 DIJON Cedex\n03 80 29 44 44 - courriel : ddpp@cote-dor.gouv.fr page 11\nDirection d\u00e9partementale de la protection des populations de la C\u00f4te-d'Or - 21-2025-10-08-00001 - Arr\u00eat\u00e9 pr\u00e9fectoral N\u00b0 1458/2025\ndu 8 octobre 2025 portant d\u00e9claration d'infection de la faune sauvage par la tuberculose bovine, \nd\u00e9finissant une zone \u00e0 risque et portant diff\u00e9rentes mesures de surveillance, de lutte et de pr\u00e9vention dans la faune sauvage\n48\nLe pr\u00e9sent arr\u00eat\u00e9 sera lev\u00e9 \u00e0 l'issue de cinq ans  apr\u00e8s la d\u00e9tection du dernier cas infect\u00e9, et  \napr\u00e8s consultation du comit\u00e9 r\u00e9gional d'orientation des politiques sanitaires animales et v\u00e9 -\ng\u00e9tales (CROPSAV) et de la commission d\u00e9partementale de la chasse et de la faune sauvage  \n(CDCFS).\nArticle 14\u00a0: D\u00e9lai et voie de recours\nLe pr\u00e9sent arr\u00eat\u00e9 peut faire l'objet, dans les deux mois suivant sa publication, d'un recours  \ncontentieux devant le tribunal administratif de Dijon, soit par courrier, soit par l'application  \ninformatique T\u00e9l\u00e9recours accessible sur le site www.telerecours.fr.\nCe recours ne suspend pas l'application du pr\u00e9sent arr\u00eat\u00e9.\nArticle 15\u00a0: Abrogation\nL'arr\u00eat\u00e9 pr\u00e9fectoral n\u00b058/2024 du 09 janvier 2024 modifi\u00e9 portant d\u00e9claration d'infection de \nla  faune  sauvage  par  la  tuberculose  bovine,  d\u00e9finissant  une  zone  \u00e0  risque  et  portant \ndiff\u00e9rentes mesures de surveillance, de lutte et de pr\u00e9vention dans la faune sauvage est  \nabrog\u00e9.\nArticle 16\u00a0: Ex\u00e9cution\nLe secr\u00e9taire g\u00e9n\u00e9ral de la pr\u00e9fecture de la C\u00f4te-d'Or, le directeur d\u00e9partemental de la  \nprotection des populations, la directrice d\u00e9partementale des territoires, le chef du service  \nd\u00e9partemental de l'office fran\u00e7ais de la biodiversit\u00e9, le directeur de l'office national des  \nfor\u00eats,  le  commandant  du  groupement  de  gendarmerie,  les  maires  des  communes \nconcern\u00e9es, les lieutenants de louveterie, le pr\u00e9sident de la f\u00e9d\u00e9ration d\u00e9partementale des  \nchasseurs sont charg\u00e9s, chacun en ce qui les concerne, de l'ex\u00e9cution du pr\u00e9sent arr\u00eat\u00e9 qui  \nsera publi\u00e9 au recueil des actes administratifs de la pr\u00e9fecture de la C\u00f4te-d'Or.\nFait \u00e0 DIJON,\nLe pr\u00e9fet,\n   SIGNE\n        Paul MOURIER\nDirection d\u00e9partementale de la protection des populations\n57 rue de Mulhouse CS 53317 21033 DIJON Cedex\n03 80 29 44 44 - courriel : ddpp@cote-dor.gouv.fr page 12\nDirection d\u00e9partementale de la protection des populations de la C\u00f4te-d'Or - 21-2025-10-08-00001 - Arr\u00eat\u00e9 pr\u00e9fectoral N\u00b0 1458/2025\ndu 8 octobre 2025 portant d\u00e9claration d'infection de la faune sauvage par la tuberculose bovine, \nd\u00e9finissant une zone \u00e0 risque et portant diff\u00e9rentes mesures de surveillance, de lutte et de pr\u00e9vention dans la faune sauvage\n49\nAnnexe 1     : liste des communes o\u00f9 ont \u00e9t\u00e9 d\u00e9clar\u00e9s au moins un cas de faune sauvage depuis   \nle 1  er   janvier 2021  \nCOMMUNE Esp\u00e8ce\nALISE-SAINTE-REINE Blaireau\nANTHEUIL Blaireau\nAVOSNES Blaireau\nBARBIREY-SUR-OUCHE Blaireau et renard\nBOUILLAND Blaireau\nBROCHON Sanglier\nBUSSY-LA-PESLE Blaireau\nCHARENCEY Blaireau\nCHASSEY Blaireau\nCOLLONGES-LES-BEVY Blaireau\nCORCELLES-LES-MONTS Blaireau\nCOUCHEY Blaireau\nDREE Blaireau\nFIXIN Blaireau\nFLAVIGNY-SUR-OZERAIN Blaireau\nGISSEY-SUR-OUCHE Blaireau et sanglier\nGRIGNON Blaireau\nHAUTEROCHE Blaireau\nJAILLY-LES-MOULINS Blaireau\nLANTILLY Blaireau\nMASSINGY-LES-SEMUR Blaireau\nMESSANGES Blaireau\nSAINT-JEAN-DE-BOEUF Blaireau\nSAINT-MESMIN Blaireau\nSAINT-VICTOR-SUR-OUCHE Cerf et blaireau\nSAVIGNY-SOUS-MALAIN Blaireau\nSEMEZANGES Blaireau\nTERNANT Blaireau\nTHOREY-SUR-OUCHE Blaireau\nVENAREY-LES-LAUMES Blaireau\nVEUVEY-SUR-OUCHE Blaireau\nDirection d\u00e9partementale de la protection des populations\n57 rue de Mulhouse CS 53317 21033 DIJON Cedex\n03 80 29 44 44 - courriel : ddpp@cote-dor.gouv.fr page 13\nDirection d\u00e9partementale de la protection des populations de la C\u00f4te-d'Or - 21-2025-10-08-00001 - Arr\u00eat\u00e9 pr\u00e9fectoral N\u00b0 1458/2025\ndu 8 octobre 2025 portant d\u00e9claration d'infection de la faune sauvage par la tuberculose bovine, \nd\u00e9finissant une zone \u00e0 risque et portant diff\u00e9rentes mesures de surveillance, de lutte et de pr\u00e9vention dans la faune sauvage\n50\nAnnexe 2     : liste des 300 communes de la \u00ab     zone \u00e0 risque     \u00bb,   \ncomprenant la \u00ab  \u00a0  zone infect\u00e9e  \u00a0  \u00bb   et la \u00ab  \u00a0  zone tampon  \u00a0  \u00bb   \nINSEE COMMUNE Zone\n21002 AGEY Zone infect\u00e9e\n21008 ALISE-SAINTE-REINE Zone infect\u00e9e\n21013 ANCEY Zone infect\u00e9e\n21014 ANTHEUIL Zone infect\u00e9e\n21017 ARCENANT Zone infect\u00e9e\n21018 ARCEY Zone infect\u00e9e\n21024 ARNAY-SOUS-VITTEAUX Zone infect\u00e9e\n21030 AUBAINE Zone infect\u00e9e\n21033 AUBIGNY-LES-SOMBERNON Zone infect\u00e9e\n21040 AVOSNES Zone infect\u00e9e\n21045 BARBIREY-SUR-OUCHE Zone infect\u00e9e\n21051 BAULME-LA-ROCHE Zone infect\u00e9e\n21064 BENOISEY Zone infect\u00e9e\n21065 BESSEY-EN-CHAUME Zone infect\u00e9e\n21069 BEURIZOT Zone infect\u00e9e\n21070 BEVY Zone infect\u00e9e\n21080 BLAISY-BAS Zone infect\u00e9e\n21081 BLAISY-HAUT Zone infect\u00e9e\n21087 BLIGNY-SUR-OUCHE Zone infect\u00e9e\n21091 BOUHEY Zone infect\u00e9e\n21092 BOUILLAND Zone infect\u00e9e\n21097 BOUSSEY Zone infect\u00e9e\n21098 BOUX-SOUS-SALMAISE Zone infect\u00e9e\n21100 BRAIN Zone infect\u00e9e\n21110 BROCHON Zone infect\u00e9e\n21120 LA BUSSIERE-SUR-OUCHE Zone infect\u00e9e\n21121 BUSSY-LA-PESLE Zone infect\u00e9e\n21132 CHAMBOEUF Zone infect\u00e9e\n21137 CHAMP-D'OISEAU Zone infect\u00e9e\n21141 CHAMPRENAULT Zone infect\u00e9e\n21144 CHARENCEY Zone infect\u00e9e\n21151 CHASSEY Zone infect\u00e9e\n21152 CHATEAUNEUF Zone infect\u00e9e\n21155 CHAUDENAY-LA-VILLE Zone infect\u00e9e\n21156 CHAUDENAY-LE-CHATEAU Zone infect\u00e9e\n21166 CHENOVE Zone infect\u00e9e\n21168 CHEVANNAY Zone infect\u00e9e\n21169 CHEVANNES Zone infect\u00e9e\n21176 CIVRY-EN-MONTAGNE Zone infect\u00e9e\n21177 CLAMEREY Zone infect\u00e9e\n21182 COLLONGES-LES-BEVY Zone infect\u00e9e\n21184 COLOMBIER Zone infect\u00e9e\n21187 COMMARIN Zone infect\u00e9e\n21192 CORCELLES-LES-MONTS Zone infect\u00e9e\n21200 COUCHEY Zone infect\u00e9e\n21204 COURCELLES-LES-MONTBARD Zone infect\u00e9e\n21212 CREPAND Zone infect\u00e9e\n21214 CRUGEY Zone infect\u00e9e\n21219 CURTIL-VERGY Zone infect\u00e9e\nDirection d\u00e9partementale de la protection des populations\n57 rue de Mulhouse CS 53317 21033 DIJON Cedex\n03 80 29 44 44 - courriel : ddpp@cote-dor.gouv.fr page 14\nDirection d\u00e9partementale de la protection des populations de la C\u00f4te-d'Or - 21-2025-10-08-00001 - Arr\u00eat\u00e9 pr\u00e9fectoral N\u00b0 1458/2025\ndu 8 octobre 2025 portant d\u00e9claration d'infection de la faune sauvage par la tuberculose bovine, \nd\u00e9finissant une zone \u00e0 risque et portant diff\u00e9rentes mesures de surveillance, de lutte et de pr\u00e9vention dans la faune sauvage\n51\n21223 DAIX Zone infect\u00e9e\n21224 DAMPIERRE-EN-MONTAGNE Zone infect\u00e9e\n21227 DAROIS Zone infect\u00e9e\n21228 DETAIN-ET-BRUANT Zone infect\u00e9e\n21234 DREE Zone infect\u00e9e\n21238 ECHANNAY Zone infect\u00e9e\n21243 ECUTIGNY Zone infect\u00e9e\n21254 L'ETANG-VERGY Zone infect\u00e9e\n21255 ETAULES Zone infect\u00e9e\n21265 FIXIN Zone infect\u00e9e\n21270 FLAVIGNEROT Zone infect\u00e9e\n21271 FLAVIGNY-SUR-OZERAIN Zone infect\u00e9e\n21273 FLEUREY-SUR-OUCHE Zone infect\u00e9e\n21289 FUSSEY Zone infect\u00e9e\n21293 GERGUEIL Zone infect\u00e9e\n21299 GISSEY-SOUS-FLAVIGNY Zone infect\u00e9e\n21300 GISSEY-SUR-OUCHE Zone infect\u00e9e\n21306 GRENANT-LES-SOMBERNON Zone infect\u00e9e\n21307 GRESIGNY-SAINTE-REINE Zone infect\u00e9e\n21308 GRIGNON Zone infect\u00e9e\n21310 GROSBOIS-EN-MONTAGNE Zone infect\u00e9e\n21314 HAUTEROCHE Zone infect\u00e9e\n21321 JAILLY-LES-MOULINS Zone infect\u00e9e\n21329 JUILLY Zone infect\u00e9e\n21339 LANTENAY Zone infect\u00e9e\n21341 LANTILLY Zone infect\u00e9e\n21360 LUSIGNY-SUR-OUCHE Zone infect\u00e9e\n21365 MAGNY-LA-VILLE Zone infect\u00e9e\n21373 MALAIN Zone infect\u00e9e\n21377 MARCELLOIS Zone infect\u00e9e\n21381 MARCILLY-ET-DRACY Zone infect\u00e9e\n21386 MARIGNY-LE-CAHOUET Zone infect\u00e9e\n21390 MARSANNAY-LA-COTE Zone infect\u00e9e\n21394 MASSINGY-LES-SEMUR Zone infect\u00e9e\n21395 MASSINGY-LES-VITTEAUX Zone infect\u00e9e\n21406 MESMONT Zone infect\u00e9e\n21407 MESSANGES Zone infect\u00e9e\n21408 MESSIGNY-ET-VANTOUX Zone infect\u00e9e\n21409 MEUILLEY Zone infect\u00e9e\n21413 MILLERY Zone infect\u00e9e\n21427 MONTCEAU-ET-ECHARNANT Zone infect\u00e9e\n21429 MONTIGNY-MONTFORT Zone infect\u00e9e\n21439 MONTOILLOT Zone infect\u00e9e\n21448 MUSSY-LA-FOSSE Zone infect\u00e9e\n21456 NOGENT-LES-MONTBARD Zone infect\u00e9e\n21477 PANGES Zone infect\u00e9e\n21478 PASQUES Zone infect\u00e9e\n21485 PLOMBIERES-LES-DIJON Zone infect\u00e9e\n21497 PONT-ET-MASSENE Zone infect\u00e9e\n21498 POSANGES Zone infect\u00e9e\n21500 POUILLENAY Zone infect\u00e9e\n21504 PRALON Zone infect\u00e9e\n21508 PRENOIS Zone infect\u00e9e\nDirection d\u00e9partementale de la protection des populations\n57 rue de Mulhouse CS 53317 21033 DIJON Cedex\n03 80 29 44 44 - courriel : ddpp@cote-dor.gouv.fr page 15\nDirection d\u00e9partementale de la protection des populations de la C\u00f4te-d'Or - 21-2025-10-08-00001 - Arr\u00eat\u00e9 pr\u00e9fectoral N\u00b0 1458/2025\ndu 8 octobre 2025 portant d\u00e9claration d'infection de la faune sauvage par la tuberculose bovine, \nd\u00e9finissant une zone \u00e0 risque et portant diff\u00e9rentes mesures de surveillance, de lutte et de pr\u00e9vention dans la faune sauvage\n52\n21520 REMILLY-EN-MONTAGNE Zone infect\u00e9e\n21523 REULLE-VERGY Zone infect\u00e9e\n21528 LA ROCHE-VANNEAU Zone infect\u00e9e\n21537 SAFFRES Zone infect\u00e9e\n21539 SAINT-ANTHOT Zone infect\u00e9e\n21544 SAINTE-COLOMBE-EN-AUXOIS Zone infect\u00e9e\n21547 SAINT-EUPHRONE Zone infect\u00e9e\n21550 SAINT-GERMAIN-LES-SENAILLY Zone infect\u00e9e\n21552 SAINT-HELIER Zone infect\u00e9e\n21553 SAINT-JEAN-DE-BOEUF Zone infect\u00e9e\n21559 SAINTE-MARIE-SUR-OUCHE Zone infect\u00e9e\n21561 SAINT-MARTIN-DU-MONT Zone infect\u00e9e\n21563 SAINT-MESMIN Zone infect\u00e9e\n21570 SAINTE-SABINE Zone infect\u00e9e\n21576 SAINT-THIBAULT Zone infect\u00e9e\n21578 SAINT-VICTOR-SUR-OUCHE Zone infect\u00e9e\n21580 SALMAISE Zone infect\u00e9e\n21590 SAVIGNY-LES-BEAUNE Zone infect\u00e9e\n21592 SAVIGNY-SOUS-MALAIN Zone infect\u00e9e\n21597 SEGROIS Zone infect\u00e9e\n21600 SEMAREY Zone infect\u00e9e\n21601 SEMEZANGES Zone infect\u00e9e\n21603 SEMUR-EN-AUXOIS Zone infect\u00e9e\n21604 SENAILLY Zone infect\u00e9e\n21611 SOMBERNON Zone infect\u00e9e\n21612 SOUHEY Zone infect\u00e9e\n21625 TERNANT Zone infect\u00e9e\n21627 THENISSEY Zone infect\u00e9e\n21634 THOREY-SUR-OUCHE Zone infect\u00e9e\n21646 TROUHAUT Zone infect\u00e9e\n21648 TURCEY Zone infect\u00e9e\n21649 UNCEY-LE-FRANC Zone infect\u00e9e\n21650 URCY Zone infect\u00e9e\n21651 VAL-SUZON Zone infect\u00e9e\n21178 VALFORET Zone infect\u00e9e\n21661 VELARS-SUR-OUCHE Zone infect\u00e9e\n21662 VELOGNY Zone infect\u00e9e\n21663 VENAREY-LES-LAUMES Zone infect\u00e9e\n21669 VERREY-SOUS-DREE Zone infect\u00e9e\n21670 VERREY-SOUS-SALMAISE Zone infect\u00e9e\n21672 VESVRES Zone infect\u00e9e\n21673 VEUVEY-SUR-OUCHE Zone infect\u00e9e\n21677 VIC-DES-PRES Zone infect\u00e9e\n21679 VIEILMOULIN Zone infect\u00e9e\n21686 VILLAINES-LES-PREVOTES Zone infect\u00e9e\n21688 VILLARS-FONTAINE Zone infect\u00e9e\n21689 VILLARS-ET-VILLENOTTE Zone infect\u00e9e\n21690 VILLEBERNY Zone infect\u00e9e\n21694 VILLEFERRY Zone infect\u00e9e\n21705 VILLOTTE-SAINT-SEINE Zone infect\u00e9e\n21707 VILLY-EN-AUXOIS Zone infect\u00e9e\n21709 VISERNY Zone infect\u00e9e\n21710 VITTEAUX Zone infect\u00e9e\nDirection d\u00e9partementale de la protection des populations\n57 rue de Mulhouse CS 53317 21033 DIJON Cedex\n03 80 29 44 44 - courriel : ddpp@cote-dor.gouv.fr page 16\nDirection d\u00e9partementale de la protection des populations de la C\u00f4te-d'Or - 21-2025-10-08-00001 - Arr\u00eat\u00e9 pr\u00e9fectoral N\u00b0 1458/2025\ndu 8 octobre 2025 portant d\u00e9claration d'infection de la faune sauvage par la tuberculose bovine, \nd\u00e9finissant une zone \u00e0 risque et portant diff\u00e9rentes mesures de surveillance, de lutte et de pr\u00e9vention dans la faune sauvage\n53\n21003 AHUY Zone tampon\n21010 ALOXE-CORTON Zone tampon\n21015 ANTIGNY-LA-VILLE Zone tampon\n21025 ARRANS Zone tampon\n21027 ASNIERES-LES-DIJON Zone tampon\n21029 ATHIE Zone tampon\n21036 AUXANT Zone tampon\n21037 AUXEY-DURESSES Zone tampon\n21047 BARD-LES-EPOISSES Zone tampon\n21054 BEAUNE Zone tampon\n21059 BELLEFOND Zone tampon\n21062 BELLENOT-SOUS-POUILLY Zone tampon\n21066 BESSEY-LA-COUR Zone tampon\n21075 BILLY-LES-CHANCEAUX Zone tampon\n21084 SOURCE-SEINE Zone tampon\n21085 BLIGNY-LE-SEC Zone tampon\n21086 BLIGNY-LES-BEAUNE Zone tampon\n21088 BONCOURT-LE-BOIS Zone tampon\n21099 BOUZE-LES-BEAUNE Zone tampon\n21101 BRAUX Zone tampon\n21108 BRIANNY Zone tampon\n21114 BUFFON Zone tampon\n21122 BUSSY-LE-GRAND Zone tampon\n21127 CHAIGNAY Zone tampon\n21128 CHAILLY-SUR-ARMANCON Zone tampon\n21133 CHAMBOLLE-MUSIGNY Zone tampon\n21136 CHAMPAGNY Zone tampon\n21140 CHAMPIGNOLLES Zone tampon\n21142 CHANCEAUX Zone tampon\n21145 CHARIGNY Zone tampon\n21162 CHAUX Zone tampon\n21164 CHAZILLY Zone tampon\n21173 CHOREY-LES-BEAUNE Zone tampon\n21186 COMBLANCHIEN Zone tampon\n21194 CORGOLOIN Zone tampon\n21197 CORPOYER-LA-CHAPELLE Zone tampon\n21198 CORROMBLES Zone tampon\n21199 CORSAINT Zone tampon\n21205 COURCELLES-LES-SEMUR Zone tampon\n21208 COURTIVRON Zone tampon\n21210 CREANCEY Zone tampon\n21216 CULETRE Zone tampon\n21217 CURLEY Zone tampon\n21218 CURTIL-SAINT-SEINE Zone tampon\n21221 CUSSY-LA-COLONNE Zone tampon\n21222 CUSSY-LE-CHATEL Zone tampon\n21226 DARCEY Zone tampon\n21231 DIJON Zone tampon\n21241 ECHEVRONNE Zone tampon\n21244 EGUILLY Zone tampon\n21245 EPAGNY Zone tampon\n21247 EPOISSES Zone tampon\nDirection d\u00e9partementale de la protection des populations\n57 rue de Mulhouse CS 53317 21033 DIJON Cedex\n03 80 29 44 44 - courriel : ddpp@cote-dor.gouv.fr page 17\nDirection d\u00e9partementale de la protection des populations de la C\u00f4te-d'Or - 21-2025-10-08-00001 - Arr\u00eat\u00e9 pr\u00e9fectoral N\u00b0 1458/2025\ndu 8 octobre 2025 portant d\u00e9claration d'infection de la faune sauvage par la tuberculose bovine, \nd\u00e9finissant une zone \u00e0 risque et portant diff\u00e9rentes mesures de surveillance, de lutte et de pr\u00e9vention dans la faune sauvage\n54\n21248 ERINGES Zone tampon\n21257 ETORMAY Zone tampon\n21259 FAIN-LES-MONTBARD Zone tampon\n21260 FAIN-LES-MOUTIERS Zone tampon\n21267 FLAGEY-ECHEZEAUX Zone tampon\n21274 FOISSY Zone tampon\n21278 FONTAINE-LES-DIJON Zone tampon\n21282 FORLEANS Zone tampon\n21284 FRANCHEVILLE Zone tampon\n21286 FRENOIS Zone tampon\n21287 FRESNES Zone tampon\n21288 FROLOIS Zone tampon\n21291 GENAY Zone tampon\n21295 GEVREY-CHAMBERTIN Zone tampon\n21297 GILLY-LES-CITEAUX Zone tampon\n21298 GISSEY-LE-VIEIL Zone tampon\n21315 HAUTEVILLE-LES-DIJON Zone tampon\n21324 JEUX-LES-BARD Zone tampon\n21334 LACANCHE Zone tampon\n21338 LAMARGELLE Zone tampon\n21354 LONGECOURT-LES-CULETRE Zone tampon\n21355 LONGVIC Zone tampon\n21358 LUCENAY-LE-DUC Zone tampon\n21362 MACONGE Zone tampon\n21368 MAGNY-LES-VILLERS Zone tampon\n21380 MARCIGNY-SOUS-THIL Zone tampon\n21384 MAREY-LES-FUSSEY Zone tampon\n21389 MARMAGNE Zone tampon\n21391 MARSANNAY-LE-BOIS Zone tampon\n21392 MARTROIS Zone tampon\n21397 MAVILLY-MANDELOT Zone tampon\n21399 MEILLY-SUR-ROUVRES Zone tampon\n21401 MELOISEY Zone tampon\n21404 MENETREUX-LE-PITOIS Zone tampon\n21421 MOLOY Zone tampon\n21423 MONTAGNY-LES-BEAUNE Zone tampon\n21425 MONTBARD Zone tampon\n21428 MONTHELIE Zone tampon\n21431 MONTIGNY-SUR-ARMANCON Zone tampon\n21442 MOREY-SAINT-DENIS Zone tampon\n21446 MOUTIERS-SAINT-JEAN Zone tampon\n21449 NAN-SOUS-THIL Zone tampon\n21450 NANTOUX Zone tampon\n21462 NORGES-LA-VILLE Zone tampon\n21463 NORMIER Zone tampon\n21464 NUITS-SAINT-GEORGES Zone tampon\n21476 PAINBLANC Zone tampon\n21479 PELLEREY Zone tampon\n21480 PERNAND-VERGELESSES Zone tampon\n21481 PERRIGNY-LES-DIJON Zone tampon\n21490 POISEUL-LA-VILLE-ET-LAPERRIERE Zone tampon\n21492 POMMARD Zone tampon\n21494 PONCEY-SUR-L'IGNON Zone tampon\nDirection d\u00e9partementale de la protection des populations\n57 rue de Mulhouse CS 53317 21033 DIJON Cedex\n03 80 29 44 44 - courriel : ddpp@cote-dor.gouv.fr page 18\nDirection d\u00e9partementale de la protection des populations de la C\u00f4te-d'Or - 21-2025-10-08-00001 - Arr\u00eat\u00e9 pr\u00e9fectoral N\u00b0 1458/2025\ndu 8 octobre 2025 portant d\u00e9claration d'infection de la faune sauvage par la tuberculose bovine, \nd\u00e9finissant une zone \u00e0 risque et portant diff\u00e9rentes mesures de surveillance, de lutte et de pr\u00e9vention dans la faune sauvage\n55\n21501 POUILLY-EN-AUXOIS Zone tampon\n21506 PREMEAUX-PRISSEY Zone tampon\n21516 QUINCEROT Zone tampon\n21517 QUINCEY Zone tampon\n21518 QUINCY-LE-VICOMTE Zone tampon\n21529 ROILLY Zone tampon\n21530 ROUGEMONT Zone tampon\n21533 ROUVRES-SOUS-MEILLY Zone tampon\n21535 RUFFEY-LES-ECHIREY Zone tampon\n21568 SAINT-REMY Zone tampon\n21569 SAINT-ROMAIN Zone tampon\n21573 SAINT-SEINE-L'ABBAYE Zone tampon\n21588 SAUSSEY Zone tampon\n21589 SAUSSY Zone tampon\n21591 SAVIGNY-LE-SEC Zone tampon\n21598 SEIGNY Zone tampon\n21606 LADOIX-SERRIGNY Zone tampon\n21613 SOUSSEY-SUR-BRIONNE Zone tampon\n21617 TALANT Zone tampon\n21620 TARSUL Zone tampon\n21630 THOISY-LE-DESERT Zone tampon\n21631 THOMIREY Zone tampon\n21633 THOREY-SOUS-CHARNY Zone tampon\n21640 TORCY-ET-POULIGNY Zone tampon\n21641 TOUILLON Zone tampon\n21272 LE VAL-LARREY Zone tampon\n21327 VAL-MONT Zone tampon\n21652 VANDENESSE-EN-AUXOIS Zone tampon\n21659 VAUX-SAULES Zone tampon\n21660 VEILLY Zone tampon\n21666 VERNOT Zone tampon\n21676 VIC-DE-CHASSENAY Zone tampon\n21684 VIGNOLES Zone tampon\n21692 VILLECOMTE Zone tampon\n21695 LA VILLENEUVE-LES-CONVERS Zone tampon\n21696 VILLENEUVE-SOUS-CHARIGNY Zone tampon\n21698 VILLERS-LA-FAYE Zone tampon\n21712 VOLNAY Zone tampon\n21714 VOSNE-ROMANEE Zone tampon\n21716 VOUGEOT Zone tampon\nAnnexe 3  \u00a0  : liste des 6 communes de la   \u00ab  \u00a0  zone de prospection  \u00a0  \u00bb  \nINSEE COMMUNE\n21164 CHAZILLY\n21222 CUSSY-LE-CHATEL\n21354 LONGECOURT-LES-CULETRE\n21399 MEILLY-SUR-ROUVRES\n21476 PAINBLANC\n21533 ROUVRES-SOUS-MEILLY\nDirection d\u00e9partementale de la protection des populations\n57 rue de Mulhouse CS 53317 21033 DIJON Cedex\n03 80 29 44 44 - courriel : ddpp@cote-dor.gouv.fr page 19\nDirection d\u00e9partementale de la protection des populations de la C\u00f4te-d'Or - 21-2025-10-08-00001 - Arr\u00eat\u00e9 pr\u00e9fectoral N\u00b0 1458/2025\ndu 8 octobre 2025 portant d\u00e9claration d'infection de la faune sauvage par la tuberculose bovine, \nd\u00e9finissant une zone \u00e0 risque et portant diff\u00e9rentes mesures de surveillance, de lutte et de pr\u00e9vention dans la faune sauvage\n56\nAnnexe 4     : carte des diff\u00e9rentes zones  \nDirection d\u00e9partementale de la protection des populations\n57 rue de Mulhouse CS 53317 21033 DIJON Cedex\n03 80 29 44 44 - courriel : ddpp@cote-dor.gouv.fr page 20\nDirection d\u00e9partementale de la protection des populations de la C\u00f4te-d'Or - 21-2025-10-08-00001 - Arr\u00eat\u00e9 pr\u00e9fectoral N\u00b0 1458/2025\ndu 8 octobre 2025 portant d\u00e9claration d'infection de la faune sauvage par la tuberculose bovine, \nd\u00e9finissant une zone \u00e0 risque et portant diff\u00e9rentes mesures de surveillance, de lutte et de pr\u00e9vention dans la faune sauvage\n57\nAnnexe 5  \u00a0  : liste des 47 communes de la \u00ab     zone infect\u00e9e     \u00bb en interdiction d'agrainage  \nINSEE COMMUNE\n21014 ANTHEUIL\n21030 AUBAINE\n21040 AVOSNES\n21045 BARBIREY-SUR-OUCHE\n21051 BAULME-LA-ROCHE\n21080 BLAISY-BAS\n21081 BLAISY-HAUT\n21098 BOUX-SOUS-SALMAISE\n21120 LA BUSSIERE-SUR-OUCHE\n21121 BUSSY-LA-PESLE\n21141 CHAMPRENAULT\n21144 CHARENCEY\n21168 CHEVANNAY\n21184 COLOMBIER\n21214 CRUGEY\n21234 DREE\n21271 FLAVIGNY-SUR-OZERAIN\n21293 GERGUEIL\n21300 GISSEY-SUR-OUCHE\n21310 GROSBOIS-EN-MONTAGNE\n21321 JAILLY-LES-MOULINS\n21373 MALAIN\n21377 MARCELLOIS\n21394 MASSINGY-LES-SEMUR\n21395 MASSINGY-LES-VITTEAUX\n21406 MESMONT\n21500 POUILLENAY\n21504 PRALON\n21539 SAINT-ANTHOT\n21552 SAINT-HELIER\n21553 SAINT-JEAN-DE-BOEUF\n21563 SAINT-MESMIN\n21578 SAINT-VICTOR-SUR-OUCHE\n21592 SAVIGNY-SOUS-MALAIN\n21601 SEMEZANGES\n21611 SOMBERNON\n21625 TERNANT\n21634 THOREY-SUR-OUCHE\n21648 TURCEY\n21669 VERREY-SOUS-DREE\n21670 VERREY-SOUS-SALMAISE\n21673 VEUVEY-SUR-OUCHE\n21679 VIEILMOULIN\n21689 VILLARS-ET-VILLENOTTE\n21690 VILLEBERNY\n21705 VILLOTTE-SAINT-SEINE\n21707 VILLY-EN-AUXOIS\nDirection d\u00e9partementale de la protection des populations\n57 rue de Mulhouse CS 53317 21033 DIJON Cedex\n03 80 29 44 44 - courriel : ddpp@cote-dor.gouv.fr page 21\nDirection d\u00e9partementale de la protection des populations de la C\u00f4te-d'Or - 21-2025-10-08-00001 - Arr\u00eat\u00e9 pr\u00e9fectoral N\u00b0 1458/2025\ndu 8 octobre 2025 portant d\u00e9claration d'infection de la faune sauvage par la tuberculose bovine, \nd\u00e9finissant une zone \u00e0 risque et portant diff\u00e9rentes mesures de surveillance, de lutte et de pr\u00e9vention dans la faune sauvage\n58\nAnnexe 6     : instances de pilotage  \nListe des membres du comit\u00e9 de pilotage   SYLVATUB  \u00a0  :  \n\uf0b7 M. le Pr\u00e9fet ou son repr\u00e9sentant,\n\uf0b7 le directeur d\u00e9partemental de la protection des populations de la C\u00f4te-d'Or ou son  \nrepr\u00e9sentant,\n\uf0b7 la directrice r\u00e9gionale de l'agriculture, de l'alimentation et de la for\u00eat Bourgogne  \nFranche-Comt\u00e9 ou son repr\u00e9sentant,\n\uf0b7 la directrice d\u00e9partementale des territoires ou son repr\u00e9sentant,\n\uf0b7 le pr\u00e9sident de la section de la C\u00f4te-d'Or du Groupement technique v\u00e9t\u00e9rinaire ou  \nson repr\u00e9sentant,\n\uf0b7 le pr\u00e9sident du Groupement de d\u00e9fense sanitaire de la C\u00f4te-d'Or ou son repr\u00e9sen -\ntant,\n\uf0b7 le pr\u00e9sident de la F\u00e9d\u00e9ration d\u00e9partementale des chasseurs de la C\u00f4te-d'Or ou son  \nrepr\u00e9sentant,\n\uf0b7 le chef du service d\u00e9partemental de l'Office fran\u00e7ais de la biodiversit\u00e9 de la C\u00f4te-\nd'Or ou son repr\u00e9sentant,\n\uf0b7 le pr\u00e9sident de l'association d\u00e9partementale des lieutenants de louveterie ou son re -\npr\u00e9sentant,\n\uf0b7 le pr\u00e9sident de l'association d\u00e9partementale de pi\u00e9geurs agr\u00e9\u00e9s ou son repr\u00e9sentant,\n\uf0b7 le directeur de l'agence Bourgogne-Est de l'Office national des for\u00eats ou son repr\u00e9 -\nsentant,\n\uf0b7 le pr\u00e9sident de la chambre d\u00e9partementale d'agriculture de la C\u00f4te-d'Or ou son re -\npr\u00e9sentant.\nListe des structures membres de la cellule technique SYLVATUB  \u00a0  :  \n\uf0b7 un repr\u00e9sentant de la Direction d\u00e9partementale de la protection des populations,\n\uf0b7 un repr\u00e9sentant de la Direction d\u00e9partementale des territoires,\n\uf0b7 un repr\u00e9sentant de la F\u00e9d\u00e9ration d\u00e9partementale des chasseurs,\n\uf0b7 un repr\u00e9sentant des lieutenants de louveterie,\n\uf0b7 un repr\u00e9sentant de l'association d\u00e9partementale de pi\u00e9geurs agr\u00e9\u00e9s (ADPCO),\u00a0\n\uf0b7 un repr\u00e9sentant du service d\u00e9partemental de l'Office fran\u00e7ais de la biodiversit\u00e9 ,\n\uf0b7 un repr\u00e9sentant du Laboratoire d\u00e9partemental de la C\u00f4te-d'Or (LDCO),\n\uf0b7 un repr\u00e9sentant du Groupement de d\u00e9fense sanitaire,\n\uf0b7 un repr\u00e9sentant du Groupement technique v\u00e9t\u00e9rinaire,\n\uf0b7 un repr\u00e9sentant de la Direction r\u00e9gionale de l'agriculture, de l'alimentation et de la  \nfor\u00eat/Service r\u00e9gional de l'alimentation,\n\uf0b7 un repr\u00e9sentant de l'Office national des for\u00eats, Agence Bourgogne-Est,\n\uf0b7 un repr\u00e9sentant de la chambre d\u00e9partementale d'agriculture,\n\uf0b7 Dr St\u00e9phane BARBIER et Edwige BORNOT, v\u00e9t\u00e9rinaires experts de la faune sauvage.\nDirection d\u00e9partementale de la protection des populations\n57 rue de Mulhouse CS 53317 21033 DIJON Cedex\n03 80 29 44 44 - courriel : ddpp@cote-dor.gouv.fr page 22\nDirection d\u00e9partementale de la protection des populations de la C\u00f4te-d'Or - 21-2025-10-08-00001 - Arr\u00eat\u00e9 pr\u00e9fectoral N\u00b0 1458/2025\ndu 8 octobre 2025 portant d\u00e9claration d'infection de la faune sauvage par la tuberculose bovine, \nd\u00e9finissant une zone \u00e0 risque et portant diff\u00e9rentes mesures de surveillance, de lutte et de pr\u00e9vention dans la faune sauvage\n59\nDirection d\u00e9partementale des territoires de la\nC\u00f4te-d'Or\nCellule \u00c9ducation routi\u00e8re\n21-2025-10-10-00003\nArr\u00eat\u00e9 N\u00b0 1492\nportant agr\u00e9ment quinquennal d'un\n\u00e9tablissement d'enseignement de la conduite, \u00e0\ntitre on\u00e9reux, des v\u00e9hicules \u00e0 moteur et de la\ns\u00e9curit\u00e9 routi\u00e8re, d\u00e9nomm\u00e9 ABSKILL I\nDirection d\u00e9partementale des territoires de la C\u00f4te-d'Or - 21-2025-10-10-00003 - Arr\u00eat\u00e9 N\u00b0 1492\nportant agr\u00e9ment quinquennal d'un \u00e9tablissement d'enseignement de la conduite, \u00e0 titre on\u00e9reux, des v\u00e9hicules \u00e0 moteur et de la\ns\u00e9curit\u00e9 routi\u00e8re, d\u00e9nomm\u00e9 ABSKILL I\n60\nDirection d\u00e9partementale des territoires\nde la C\u00f4te-d'Or\nService de la S\u00e9curit\u00e9 et de l'\u00c9ducation\nBureau de l'\u00c9ducation Routi\u00e8re\nT\u00e9l : 03 80 29 42 84\nm\u00e9l : ddt-ber@cote-dor.gouv.fr     \nDijon, le 10 octobre 2025\nArr\u00eat\u00e9 N\u00b0 1492\nportant agr\u00e9ment quinquennal d'un \u00e9tablissement d'enseignement de la conduite, \u00e0 titre\non\u00e9reux, des v\u00e9hicules \u00e0 moteur et de la s\u00e9curit\u00e9 routi\u00e8re,\nd\u00e9nomm\u00e9 ABSKILL I\nLe pr\u00e9fet de la C\u00f4te-d'Or\nVU le code de la route, notamment ses articles R.213-1 \u00e0 R.213-9 ;\nVU l'ordonnance n\u00b0 2014-1090 du 26 septembre 2014 relative \u00e0 la mise en accessibilit\u00e9 des\n\u00e9tablissements recevant du public, des transports publics, des b\u00e2timents d'habitation et\nde la voirie pour des personnes handicap\u00e9es  ;\nVU la loi n\u00b0 2015-990 du 06 ao\u00fbt 2015 pour la croissance, l'activit\u00e9 et l'\u00e9galit\u00e9 des chances\n\u00e9conomiques, et notamment son article 23 modifiant l'article L213-1 du code de la route ;\nVU l'arr\u00eat\u00e9 du 08 janvier 2001 relatif \u00e0 l'exploitation des \u00e9tablissements d'enseignement, \u00e0\ntitre on\u00e9reux, de la conduite des v\u00e9hicules \u00e0 moteur et de la s\u00e9curit\u00e9 routi\u00e8re ;\nVU l'arr\u00eat\u00e9 du 08 janvier 2001 cr\u00e9ant un registre national de l'enseignement de la conduite\ndes v\u00e9hicules \u00e0 moteur et de la s\u00e9curit\u00e9 routi\u00e8re ;\nVU  l'arr\u00eat\u00e9 pr\u00e9fectoral n\u00b0  507/SG du  28 mars 2025  donnant d\u00e9l\u00e9gation de signature \u00e0\nMadame Manuelle DUPUY, directrice d\u00e9partementale des territoires de C\u00f4te-d'Or ;\nVU  l'arr\u00eat\u00e9 pr\u00e9fectoral n\u00b0 1333 du 28 ao\u00fbt 2025 portant subd\u00e9l\u00e9gation de signature aux\nagents de la direction d\u00e9partementale des territoires de la C\u00f4te-d'Or ;\nDirection d\u00e9partementale des territoires de la C\u00f4te-d'Or\n57 rue de Mulhouse- BP 53317 - 21033 DIJON cedex\nt\u00e9l : 03 80 29 44 44 \u2013 Courriel : ddt@cote-dor.gouv.fr\nDirection d\u00e9partementale des territoires de la C\u00f4te-d'Or - 21-2025-10-10-00003 - Arr\u00eat\u00e9 N\u00b0 1492\nportant agr\u00e9ment quinquennal d'un \u00e9tablissement d'enseignement de la conduite, \u00e0 titre on\u00e9reux, des v\u00e9hicules \u00e0 moteur et de la\ns\u00e9curit\u00e9 routi\u00e8re, d\u00e9nomm\u00e9 ABSKILL I\n61\n2\nVU  l'arr\u00eat\u00e9 pr\u00e9fectoral  n\u00b0 995 du 9 juillet 2025 autorisant Julien ZUCARELLI  \u00e0 exploiter\nl'\u00e9tablissement d'enseignement, \u00e0 titre on\u00e9reux, de la conduite des v\u00e9hicules \u00e0 moteur et\nla s\u00e9curit\u00e9 routi\u00e8re, d\u00e9nomm\u00e9 \u00abABSKILL I\u00bb situ\u00e9 18, rue du Golf \u2013 21800 QU\u00c9TIGNY ;\nVU l e dossier de demande d'agr\u00e9ment de  Monsieur Ludovic LEPROHON en date du 24\nseptembre 2025 ;\nSUR proposition  de  la  directrice  d\u00e9partementale  des  territoires  de  la  C\u00f4te-d'Or  par\nint\u00e9rim ;\nARR\u00caTE\nArticle 1er : L'arr\u00eat\u00e9 pr\u00e9fectoral n\u00b0 995 du 9 juillet 2025 susvis\u00e9 est abrog\u00e9 ; \nArticle 2  : Monsieur Ludovic LEPROHON est autoris\u00e9 \u00e0 exploiter, sous le num\u00e9ro E 25 021\n0002 0 un \u00e9tablissement d'enseignement, \u00e0 titre on\u00e9reux, de la conduite des v\u00e9hicules \u00e0\nmoteur et de la s\u00e9curit\u00e9 routi\u00e8re, d\u00e9nomm\u00e9 \u00ab  ABSKILL I  \u00bb situ\u00e9 18, rue du Golf \u2013 21800\nQU\u00c9TIGNY.\nArticle  3 :  L'\u00e9tablissement  est  habilit\u00e9,  au  vu  des  autorisations  d'enseigner  fournies,  \u00e0\ndispenser les formations pour les cat\u00e9gories de permis suivantes : \n\u27a2 C, CE\n\u27a2 D, BE\nArticle 4 : Les autres articles de l'arr\u00eat\u00e9 pr\u00e9fectoral susvis\u00e9 restent inchang\u00e9s.\nArticle  5 : La modification r\u00e9sultant du pr\u00e9sent arr\u00eat\u00e9 sera enregistr\u00e9e dans le registre\nnational de l'enseignement de la conduite des v\u00e9hicules \u00e0 moteur et de la s\u00e9curit\u00e9 routi\u00e8re\ncr\u00e9e par l'arr\u00eat\u00e9 du 08 janvier 2001 pr\u00e9cit\u00e9.\nConform\u00e9ment \u00e0 la loi n\u00b0 78-17 du 06 janvier 1978 relative \u00e0 l'informatique, aux fichiers et\naux libert\u00e9s, toute personne peut obtenir communication et, le cas \u00e9ch\u00e9ant, rectification\nou suppression des informations la concernant, en s'adressant au service \u00ab  nom du service\nconcern\u00e9 \u00bb.\nArticle  6 :  Le  secr\u00e9taire  g\u00e9n\u00e9ral  de  la  pr\u00e9fecture  de  la  C\u00f4te-d'Or  et  la  directrice\nd\u00e9partementale des territoires sont charg\u00e9s, chacun en ce qui les concerne, de l'ex\u00e9cution\ndu pr\u00e9sent arr\u00eat\u00e9, qui sera publi\u00e9 au recueil des actes administratifs de la pr\u00e9fecture de\nC\u00f4te-d'Or, et dont copie sera adress\u00e9e \u00e0 Monsieur Ludovic LEPROHON.\nFait \u00e0 Dijon, le 10 octobre 2025\nLa directrice d\u00e9partementale des territoires,\nOriginal sign\u00e9\nManuelle DUPUY\nDirection d\u00e9partementale des territoires de la C\u00f4te-d'Or\n57 rue de Mulhouse- BP 53317 - 21033 DIJON cedex\nt\u00e9l : 03 80 29 44 44 \u2013 Courriel : ddt@cote-dor.gouv.fr\nDirection d\u00e9partementale des territoires de la C\u00f4te-d'Or - 21-2025-10-10-00003 - Arr\u00eat\u00e9 N\u00b0 1492\nportant agr\u00e9ment quinquennal d'un \u00e9tablissement d'enseignement de la conduite, \u00e0 titre on\u00e9reux, des v\u00e9hicules \u00e0 moteur et de la\ns\u00e9curit\u00e9 routi\u00e8re, d\u00e9nomm\u00e9 ABSKILL I\n62\n3\nDirection d\u00e9partementale des territoires de la C\u00f4te-d'Or\n57 rue de Mulhouse- BP 53317 - 21033 DIJON cedex\nt\u00e9l : 03 80 29 44 44 \u2013 Courriel : ddt@cote-dor.gouv.fr\nDirection d\u00e9partementale des territoires de la C\u00f4te-d'Or - 21-2025-10-10-00003 - Arr\u00eat\u00e9 N\u00b0 1492\nportant agr\u00e9ment quinquennal d'un \u00e9tablissement d'enseignement de la conduite, \u00e0 titre on\u00e9reux, des v\u00e9hicules \u00e0 moteur et de la\ns\u00e9curit\u00e9 routi\u00e8re, d\u00e9nomm\u00e9 ABSKILL I\n63\nDirection d\u00e9partementale des territoires de la\nC\u00f4te-d'Or\nService de l'eau et des risques\n21-2025-10-14-00002\nArr\u00eat\u00e9 pr\u00e9fectoral n\u00b0 1499 du 14 octobre 2025\nfixant les prescriptions particuli\u00e8res pour les\ntravaux en vue de la r\u00e9gularisation et du\nd\u00e9classement au titre des ouvrages hydrauliques\nde l'\u00e9tang de la jette situ\u00e9 sur la commune de\nThoisy-La-Berch\u00e8re.\nDirection d\u00e9partementale des territoires de la C\u00f4te-d'Or - 21-2025-10-14-00002 - Arr\u00eat\u00e9 pr\u00e9fectoral n\u00b0 1499 du 14 octobre 2025 fixant\nles prescriptions particuli\u00e8res pour les travaux en vue de la r\u00e9gularisation et du d\u00e9classement au titre des ouvrages hydrauliques de\nl'\u00e9tang de la jette situ\u00e9 sur la commune de Thoisy-La-Berch\u00e8re.\n64\n1/7\nDirection d\u00e9partementale des territoires\nde la C\u00f4te-d'Or\nAffaire suivie par : \nService de l'eau et des risques\nBureau police de l'eau\nm\u00e9l : ddt-ser-pe@cote-dor.gouv.fr\nArr\u00eat\u00e9 pr\u00e9fectoral  n\u00b0 1499du 14 octobre 2025\nfixant les prescriptions particuli\u00e8res pour les travaux en vue de la r\u00e9gularisation et du \nd\u00e9classement au titre des ouvrages hydrauliques de l'\u00e9tang  de la Jette situ\u00e9 sur la \ncommune de THOISY-LA-BERCHERE\n \nLe pr\u00e9fet de la C\u00f4te-d'Or\nVU la Directive Cadre Europ\u00e9enne sur l'Eau n\u00b0 2000/60/CE du 23 octobre 2000 \u00e9tablissant  \nun cadre pour une politique communautaire dans le domaine de l'eau ;\nVU le code de l'environnement  et notamment ses articles L.181-14, L.215-7-1, L.211-1, L.214-1 \n\u00e0 11, L.214-17 , L.214-18, L.431-6 \u00e0 8, L.432-2, L.432-10 \u00e0 12, R.181-45, R.214-1 et R.214-109 ;\nVU le d\u00e9cret n\u00b0 2020-828 du 30 juin 2020 modifiant la nomenclature et la proc\u00e9dure en  \nmati\u00e8re de police de l'eau ;\nVU le sch\u00e9ma directeur d'am\u00e9nagement et de gestion des eaux (SDAGE) Seine Normandie \nen vigueur ;\nVU l'arr\u00eat\u00e9 du 9 juin 2021 fixant les prescriptions techniques g\u00e9n\u00e9rales applicables aux  \nplans d'eau relevant de la rubrique 3.2.3.0 de la nomenclature annex\u00e9e au tableau de  \nl'article R. 214-1 du code de l'environnement ;\nVU le code rural et de la p\u00eache maritime et notamment les articles L.151-36 \u00e0 L.151-40 ;\nVU l'article R432-5 du code de l'environnement fixant la liste des esp\u00e8ces de poissons, de  \ncrustac\u00e9s et de grenouilles susceptibles de provoquer des d\u00e9s\u00e9quilibres biologiques et  \ndont l'introduction dans ces eaux est, de ce fait, interdite ;\nVU l'arr\u00eat\u00e9 pr\u00e9fectoral n\u00b0595 du 31 ao\u00fbt 2017 portant classement des cours d'eau, canaux  \net plans d'eau en cat\u00e9gories piscicoles pour le d\u00e9partement de la C\u00f4te d'Or\nVU l'arr\u00eat\u00e9 pr\u00e9fectoral n\u00b0507 du 20 juillet 2017 portant classement de l'\u00e9tang de la Jette  \nsur la commune de Thoisy-la-Berch\u00e8re au titre des ouvrages hydrauliques et de la rubrique \n3.2.5.0 ;\nDirection d\u00e9partementale des territoires de la C\u00f4te-d'Or\n57 , rue de Mulhouse - BP 53317 - 21033 Dijon CEDEX\nT\u00e9l. : 03 80 29 44 44\nCourriel : ddt@cote-dor.gouv.fr - Site internet : http://www.cote-dor.gouv.fr\nDirection d\u00e9partementale des territoires de la C\u00f4te-d'Or - 21-2025-10-14-00002 - Arr\u00eat\u00e9 pr\u00e9fectoral n\u00b0 1499 du 14 octobre 2025 fixant\nles prescriptions particuli\u00e8res pour les travaux en vue de la r\u00e9gularisation et du d\u00e9classement au titre des ouvrages hydrauliques de\nl'\u00e9tang de la jette situ\u00e9 sur la commune de Thoisy-La-Berch\u00e8re.\n65\n2/7\nVU l'arr\u00eat\u00e9 pr\u00e9fectoral n\u00b0 507/SG du 25 mars 2025 portant d\u00e9l\u00e9gation de signature \u00e0 Mme  \nManuelle DUPUY, directrice d\u00e9partementale des territoires de la C\u00f4te-d'Or ;\nVU l'arr\u00eat\u00e9 pr\u00e9fectoral n\u00b0 1333 du 28 ao\u00fbt 2025 portant d\u00e9l\u00e9gation de signature aux agents \nde la direction d\u00e9partementale des territoires de la C\u00f4te-d'Or ;\nVU le  dossier  de  d\u00e9claration  demandant  d'une  part  le  d\u00e9classement  de  l'ouvrage  \nhydraulique  de  l'\u00e9tang  de  la  Jette au  titre  de  la  rubrique  3.2.5.0  et,  d'autre  part,  la \nr\u00e9gularisation de l'\u00e9tang de la Jette avec une demande de reconnaissance de pisciculture  \npermanente au titre du L431-7 du code de l'environnement, r\u00e9alis\u00e9e par le bureau d'\u00e9tudes \nCFBL  Gestion  Priv\u00e9e  repr\u00e9sentant  les  diff\u00e9rents  propri\u00e9taires de  l'\u00e9tang  de  la  Jette, \nenregistr\u00e9 le 5 novembre 2024 au guichet unique de l'eau ;\nVU la demande de compl\u00e9ments sur le dossier de d\u00e9claration du 30 d\u00e9cembre 2024 ;\nVU les compl\u00e9ments re\u00e7us le 25 mars 2025, enregistr\u00e9s au guichet unique de l'eau ;\nVU  les  avis  sur  le  dossier  et  ses  compl\u00e9ments  du  p\u00f4le  Ouvrages  Hydrauliques  de  la \nDirection r\u00e9gionale de l'environnement, de l'am\u00e9nagement et du logement (DREAL) en  \ndate du 30 d\u00e9cembre 2024 et du 30 juillet 2025 ;\nVU  l'avis sur le dossier  \u00e9mis par l'Office Fran\u00e7ais de la biodiversit\u00e9  en date  du  7 juillet  \n2025 ;\nVU  le courrier du  31 mars 2003  de la direction d\u00e9partementale de l'agriculture et de la  \nfor\u00eat (DDAF)  reconnaissant le statut de pisciculture permanente  conform\u00e9ment \u00e0 la loi  \nn\u00b084-512 du 29 juin 1984 applicable \u00e0 l'\u00e9poque, sous r\u00e9serve de l'installation d'un moine de \nvidange et de grilles pour intercepter la libre circulation du poisson ;\nVU le courrier du 23 juillet 2008  de la DDAF rappelant les travaux n\u00e9cessaires \u00e0 effectuer  \nen lien avec le statut de pisciculture permanente et la s\u00e9curit\u00e9 de l'ouvrage hydraulique ;\nVU  le courrier du  5 d\u00e9cembre 2016  de la direction d\u00e9partementale des  territoires ne \npermettant pas la remise en eau de l'\u00e9tang tant que les travaux de mise en s\u00e9curit\u00e9 du  \nbarrage-digue ne sont pas r\u00e9alis\u00e9s ;\nVU l'absence d'observations de la part du p\u00e9titionnaire et des diff\u00e9rents propri\u00e9taires, en \ndate du 7 octobre 2025, sur le projet d'arr\u00eat\u00e9 pr\u00e9fectoral qui leur a \u00e9t\u00e9 soumis le 6 octobre \n2025, au titre de la phase contradictoire ;\nCONSID\u00c9RANT que le plan d'eau d\u00e9nomm\u00e9 \u00ab  \u00c9tang de la Jette  \u00bb situ\u00e9 au lieu dit \u00ab  Sur le \nPr\u00e9 de la Jette  \u00bb, parcelle cadastrale B27 sur la commune de Thoisy-la-Berch\u00e8re est en  \nbarrage du ruisseau \u00ab le Brazon \u00bb ;\nCONSID\u00c9RANT que les travaux permettront d'assurer la qualit\u00e9 de l'eau restitu\u00e9e au cours \nd'eau par la pose d'un moine hydraulique, la s\u00e9curit\u00e9 du plan d'eau et de la digue, le  \nmaintien d'un d\u00e9bit r\u00e9serv\u00e9 et emp\u00eacheront au poisson introduit dans le plan d'eau de  \ns'\u00e9chapper dans le cours d'eau \u00ab le Brazon \u00bb par la pose de grilles ;\nCONSID\u00c9RANT que les travaux r\u00e9pondent aux exigences mentionn\u00e9es dans le courrier de  \nla DDAF du 23 juillet 2008 conditionnant la validation des droits \u00e0 enclos piscicoles \u00e0 la  \npose d'un moine hydraulique et de grilles pour intercepter la libre circulation du poisson ;\nDirection d\u00e9partementale des territoires de la C\u00f4te-d'Or - 21-2025-10-14-00002 - Arr\u00eat\u00e9 pr\u00e9fectoral n\u00b0 1499 du 14 octobre 2025 fixant\nles prescriptions particuli\u00e8res pour les travaux en vue de la r\u00e9gularisation et du d\u00e9classement au titre des ouvrages hydrauliques de\nl'\u00e9tang de la jette situ\u00e9 sur la commune de Thoisy-La-Berch\u00e8re.\n66\n3/7\nCONSID\u00c9RANT  que le plan d'eau existait avant l'application du d\u00e9cret n\u00b093-742 du 29  \nmars 1993, mais n'ayant pas d'acte administratif associ\u00e9 il doit \u00eatre r\u00e9gularis\u00e9 par une  \nproc\u00e9dure simplifi\u00e9e pr\u00e9cis\u00e9e au R214-53 du code de l'environnement ;\nCONSID\u00c9RANT que le dossier de d\u00e9claration simplifi\u00e9 d\u00e9pos\u00e9 par le bureau d'\u00e9tude  CFBL \nGestion Priv\u00e9e repr\u00e9sentant les propri\u00e9taires de l'\u00e9tang de la Jette permet de r\u00e9gulariser le \nplan d'eau au titre du R214-53 du code de l'environnement et de reconna\u00eetre le statut de  \npisciculture au titre du L431-7 du code de l'environnement \nCONSID\u00c9RANT que le niveau l\u00e9gal de l'\u00e9tang de la Jette, fond\u00e9 en titre, va \u00eatre diminu\u00e9 ;\nCONSID\u00c9RANT que les propri\u00e9taires de l'\u00e9tang de la Jette demandent le d\u00e9classement de  \nl'ouvrage suite \u00e0 l'abaissement du niveau l\u00e9gal du plan d'eau ;\nCONSID\u00c9RANT que cet abaissement du niveau l\u00e9gal permet de r\u00e9duire le volume du plan  \nd'eau en dessous de 50 000 m\u00b3 ;\nSUR proposition de Madame la directrice des territoires de la C\u00f4te-d'Or ;\nARR\u00caTE\nArticle 1er : Objet de l'arr\u00eat\u00e9 \nLes  propri\u00e9taires  de  l'ouvrage  hydraulique  Barrage  de  l'\u00c9tang  de  la  Jette,  situ\u00e9  sur  la \ncommune de THOISY-LA-BERCHERE, parcelle cadastr\u00e9e B27 , cit\u00e9s ci-dessous :\n\u2013 Madame GEY Christine \u2013 34 Quai Gambetta \u00e0 CHALON-SUR-SAONE (71100)\n\u2013 Madame LOICHOT Fran\u00e7oise \u2013 22 route de Maison Neuve \u00e0 PRECY-SOUS-THIL (21390)\n\u2013 Madame PERREAU-NIEL Lucette \u2013 42 rue de l'\u00c9glise \u00e0 PRECY-SOUS-THIL (21390)\n\u2013 Monsieur PICHENOT Jean-Fran\u00e7ois \u2013 Hameau de Sonnotte \u00e0 MONT-SAINT-JEAN (21320)\n\u2013 Monsieur PICHENOT Jean-Louis \u2013 Ferme de Champeaux \u00e0 FONTANGY (21390)\n\u2013 Madame  PICHENOT  Marie-Claude  \u2013 20  route  de  Maison  Neuve  \u00e0  PRECY-SOUS-THIL \n(21390)\n\u2013 Madame SORDEL Martine \u2013 7 rue de l'Abb\u00e9 Gr\u00e9goire \u00e0 ISSY-LES-MOULINEAUX (92130)\n\u2013 Madame SORDEL Isabelle \u2013 112T avenue de Suffren \u00e0 PARIS (75015)\ndoivent assurer une gestion visant au respect des int\u00e9r\u00eats mentionn\u00e9s \u00e0 l'article L.211-1 du  \ncode de l'environnement. Cette gestion implique notamment le cadrage de l'activit\u00e9 de  \nvidange, des op\u00e9rations associ\u00e9es (curage, remise en eau, entretien de la digue\u2026) ainsi que  \nle maintien d'un d\u00e9bit minimal dans le cours d'eau et les activit\u00e9s li\u00e9es \u00e0 la pisciculture.\nPour assurer cette gestion, des travaux sont n\u00e9cessaires avant la remise en eau de l'\u00e9tang. \nEn parall\u00e8le, une proc\u00e9dure de d\u00e9classement de l'ouvrage est men\u00e9e, afin d'atteindre, un  \nouvrage qui une fois remis en eau, aura les caract\u00e9ristiques d\u00e9finis dans l'article 2. \nDirection d\u00e9partementale des territoires de la C\u00f4te-d'Or - 21-2025-10-14-00002 - Arr\u00eat\u00e9 pr\u00e9fectoral n\u00b0 1499 du 14 octobre 2025 fixant\nles prescriptions particuli\u00e8res pour les travaux en vue de la r\u00e9gularisation et du d\u00e9classement au titre des ouvrages hydrauliques de\nl'\u00e9tang de la jette situ\u00e9 sur la commune de Thoisy-La-Berch\u00e8re.\n67\n4/7\nRubrique de la nomenclature de l'article R214-1 du code de l'environnement concern\u00e9e     :  \nRubrique Intitul\u00e9 R\u00e9gime\n3.2.3.0\nPlan d'eau permanents ou non\nDont  la  superficie  est  sup\u00e9rieure  \u00e0  3ha  : \nAutorisation\nDont la superficie est sup\u00e9rieure \u00e0 0, 1 ha mais \ninf\u00e9rieur \u00e0 3 ha \nD\u00e9claration\nD\u00e9claration \nau titre de l'ouvrage futur qui \naura une surface en eau de 2,5 \nha maximum\nArticle 2 : Caract\u00e9ristiques du site\nConstitue la pisciculture le plan d'eau (\u00e9tang  de la Jette ) et ses ouvrages, y compris la  \np\u00eacherie.\nLe plan d'eau se situe en barrage du cours d'eau non domanial d\u00e9nomm\u00e9 \u00ab Le Brazon \u00bb.\nLa surface du plan d'eau \u00e0 sa cote normale d'exploitation sera de 25 000 m\u00b2.\nLe  volume  du  plan  d'eau  est  estim\u00e9  \u00e0  36 750 m\u00b3  et  sera  confirm\u00e9  par  les  plans  \ntopographiques.\nLa hauteur de la digue d\u00e9finie comme la plus grande diff\u00e9rence de cote entre le sommet  \nde la cr\u00eate de la digue et le terrain naturel au niveau du pied de la digue  sera, apr\u00e8s  \ntravaux, de 5,60 m. Cette digue \u00e0 une largeur d'environ 5 m.\nCe plan d'eau  sera \u00e9quip\u00e9 d'un d\u00e9versoir de crue en rive  droite. Le d\u00e9versoir permettra  \nd'\u00e9vacuer un d\u00e9bit estim\u00e9 \u00e0 6,8 m\u00b3/s sachant qu'une crue d'une p\u00e9riode de retour 100  ans \nest \u00e9valu\u00e9e \u00e0 un d\u00e9bit de 4,7  m\u00b3/s. Le seuil du d\u00e9versoir de crue aura un niveau de 110 cm \nen dessous du niveau de la chauss\u00e9e et le niveau l\u00e9gal de la retenue sera 210  cm sous la  \nchauss\u00e9e. Un rep\u00e8re fixe et invariable  sera mat\u00e9rialis\u00e9 selon les modalit\u00e9s pr\u00e9cis\u00e9es \u00e0  \nl'article 12.\nCe plan d'eau, apr\u00e8s travaux, sera \u00e9quip\u00e9 d'un moine hydraulique dont la derni\u00e8re planche \nsera rehauss\u00e9e par une grille de barreaux espac\u00e9s de 10 par (X) 10  mm. Il sera implant\u00e9 de  \ntelle sorte que le niveau d'eau dans le syst\u00e8me moine soit 3  cm en dessous du niveau l\u00e9gal \nde la retenue s'appr\u00e9ciant au droit du seuil du d\u00e9versoir de crue (c'est-\u00e0-dire \u00e0 une hauteur \nde \u2013 (moins) 110 cm par rapport au niveau de la chauss\u00e9e de la digue au droit du d\u00e9versoir  \nde crue).\nLa canalisation de sortie au niveau du moine hydraulique sera en diam\u00e8tre 500  mm . Il  \npermet de faire transiter le d\u00e9bit moyen. En p\u00e9riode de crues le d\u00e9versoir sera \u00e9galement  \nsollicit\u00e9.\nIl existe un bassin de d\u00e9cantation \u00e0 l'aval imm\u00e9diat du barrage. Un bypass sera am\u00e9nag\u00e9 en \ndirection du bassin de d\u00e9cantation pour faire passer les eaux de vidange. Le volume du  \nbassin aura une capacit\u00e9 de 250 m\u00b3 .\nLa p\u00eacherie se trouve directement derri\u00e8re la digue. Elle est rectangulaire de dimension  \n3 m par (X) 1,2 m de largeur. La profondeur maximale est de 50 cm. Elle est \u00e9quip\u00e9e d'une  \ngrille permanente de barreaux espac\u00e9s de 10 mm par (X) 10 mm.\nDirection d\u00e9partementale des territoires de la C\u00f4te-d'Or - 21-2025-10-14-00002 - Arr\u00eat\u00e9 pr\u00e9fectoral n\u00b0 1499 du 14 octobre 2025 fixant\nles prescriptions particuli\u00e8res pour les travaux en vue de la r\u00e9gularisation et du d\u00e9classement au titre des ouvrages hydrauliques de\nl'\u00e9tang de la jette situ\u00e9 sur la commune de Thoisy-La-Berch\u00e8re.\n68\n5/7\nArticle  3 :  Dispositions  sp\u00e9cifiques  pour  les  travaux  pr\u00e9alables  \u00e0  l'exploitation  de  la \npisciculture\nLes travaux consistent :\n\u2013 \u00e0 d\u00e9boiser la zone de l'\u00e9tang qui sera remise en eau ;\n\u2013 \u00e0 \u00e9tablir un relev\u00e9 topographique, en Lambert 93, et syst\u00e8me NGF du secteur concern\u00e9 ;\n\u2013 \u00e0 installer un moine hydraulique\n\u2013 \u00e0 am\u00e9nager un syst\u00e8me de bypass en b\u00e9ton pour faire passer les eaux de vidange vers le  \nbassin de d\u00e9cantation avant rejet dans le ruisseau Le Brazon ;\n\u2013 \u00e0 \u00e9quiper le d\u00e9versoir de crue d'une grille de 15 cm;\n\u2013 \u00e0 installer un dispositif de maintien du d\u00e9bit r\u00e9serv\u00e9 ;\n\u2013 \u00e0 installer une grille en amont de l'\u00e9tang\n\u2013 \u00e0 r\u00e9parer la digue et retirer les arbres sur celle-ci ;\n\u2013 \u00e0 installer des grilles fixes pour l'exploitation de la p\u00eacherie ;\n\u2013 \u00e0 installer un rep\u00e8re fixe pour maintenir le niveau l\u00e9gal du plan d'eau.\nLe stockage des hydrocarbures n\u00e9cessaires au chantier est effectu\u00e9 en dehors du lit majeur \ndu cours d'eau et les risques de pollution des eaux doivent \u00eatre pr\u00e9venus.\nLes pleins de carburant et de tous types de fluides des v\u00e9hicules doivent \u00eatre r\u00e9alis\u00e9s sur  \nune zone \u00e9tanche adapt\u00e9e. Des kits de d\u00e9pollution doivent \u00eatre pr\u00e9sents dans chaque  \nv\u00e9hicule.  Les  engins  de  chantier  doivent  \u00eatre  exempts  de  toute  fuite  d'huile,  \nd'hydrocarbures et autres substances nocives et \u00eatre approvisionn\u00e9s loin du lit. Ces engins \nseront nettoy\u00e9s avant le d\u00e9but des travaux pour \u00e9viter la colonisation d'esp\u00e8ces exotiques \nenvahissantes ind\u00e9sirables (renou\u00e9e du Japon notamment).\nLe b\u00e9n\u00e9ficiaire (ou l'entreprise) est tenu de d\u00e9clarer, d\u00e8s qu'il en a connaissance, au pr\u00e9fet  \nles accidents ou incident sur l'ensemble du site qui sont de nature \u00e0 porter atteinte aux  \nint\u00e9r\u00eats mentionn\u00e9s \u00e0 l'article L.211-1 du Code de l'environnement.\nLe b\u00e9n\u00e9ficiaire de la d\u00e9claration devra informer au moins 15  jours \u00e0 l'avance la direction  \nd\u00e9partementale des territoires de la C\u00f4te d'Or (service en charge de la police de l'eau) du  \nd\u00e9but des travaux\nCotes de la cr\u00eate du d\u00e9versoir (niveau l\u00e9gal) et du niveau d'eau au d\u00e9part du moine hydraulique \nappr\u00e9ci\u00e9s par rapport au niveau de la chauss\u00e9e sur la digue au droit du d\u00e9versoir\nDirection d\u00e9partementale des territoires de la C\u00f4te-d'Or - 21-2025-10-14-00002 - Arr\u00eat\u00e9 pr\u00e9fectoral n\u00b0 1499 du 14 octobre 2025 fixant\nles prescriptions particuli\u00e8res pour les travaux en vue de la r\u00e9gularisation et du d\u00e9classement au titre des ouvrages hydrauliques de\nl'\u00e9tang de la jette situ\u00e9 sur la commune de Thoisy-La-Berch\u00e8re.\n69\n6/7\nUn rapport des travaux accompagn\u00e9 des plans de r\u00e9colement sera transmis au service en  \ncharge de la police de l'eau de la DDT dans un d\u00e9lai de 3 (trois) mois apr\u00e8s la fin des  \ntravaux. Ce rapport devra \u00eatre illustr\u00e9 par des photos des ouvrages.\nUne fois les travaux d\u00fbment termin\u00e9s et sous r\u00e9serve qu'ils soient conformes \u00e0 l'arr\u00eat\u00e9  \npr\u00e9fectoral et aux plans de r\u00e9colement, la remise en eau et l'exploitation de la pisciculture  \npourront s'op\u00e9rer et faire l'objet d'un second arr\u00eat\u00e9 pr\u00e9fectoral. En parall\u00e8le, un arr\u00eat\u00e9  \npr\u00e9fectoral de d\u00e9classement de l'ouvrage sera pris.\nArticle 4 : Dur\u00e9e des travaux\nLes travaux pr\u00e9alables \u00e0 l'exploitation de la pisciculture devront \u00eatre achev\u00e9s dans un d\u00e9lai \nde 3 ans \u00e0 compter de la notification du pr\u00e9sent arr\u00eat\u00e9.\nLa remise en eau ne pourra \u00eatre r\u00e9alis\u00e9e qu'apr\u00e8s la finalisation des travaux et proc\u00e8s-\nverbaux de recollement.\nArticle 5 : Conformit\u00e9 et modifications de l'installation, changement du b\u00e9n\u00e9ficiaire\nToute modification apport\u00e9e aux ouvrages, installations, \u00e0 leur mode d'utilisation, \u00e0 la  \nr\u00e9alisation des travaux ou \u00e0 l'am\u00e9nagement en r\u00e9sultant, \u00e0 l'exercice des activit\u00e9s ou \u00e0 leur \nvoisinage et entra\u00eenant un changement notable des \u00e9l\u00e9ments du dossier de d\u00e9claration  \ninitiale doit \u00eatre port\u00e9, avant sa r\u00e9alisation \u00e0 la connaissance du pr\u00e9fet, conform\u00e9ment aux \ndispositions de l'article R 214-40 du code de l'environnement.\nArticle 6 : D\u00e9claration des incidents ou accidents\nLe b\u00e9n\u00e9ficiaire est tenu de d\u00e9clarer, d\u00e8s qu'il en a connaissance, au pr\u00e9fet les accidents ou \nincidents  sur  l'ensemble  du  site  qui  sont  de  nature  \u00e0  porter  atteinte  aux  int\u00e9r\u00eats  \nmentionn\u00e9s \u00e0 l'article L.211-1 du Code de l'environnement.\nSans pr\u00e9judice des mesures que pourra prescrire le pr\u00e9fet, le b\u00e9n\u00e9ficiaire devra prendre ou \nfaire  prendre  les  dispositions  n\u00e9cessaires  pour  mettre  fin  aux  causes  de  l'incident  ou \naccident, pour \u00e9valuer ses cons\u00e9quences et y rem\u00e9dier.\nLe  permissionnaire  demeure  responsable  des  accidents  ou  dommages  qui  seraient  la \ncons\u00e9quence de l'activit\u00e9 ou de l'ex\u00e9cution des travaux et de l'am\u00e9nagement.\nArticle 7 : Contr\u00f4les\nLes agents habilit\u00e9s au titre des polices de l'eau, de la p\u00eache et des ouvrages hydrauliques  \nsont autoris\u00e9s \u00e0 acc\u00e9der au plan d'eau afin d'y exercer des contr\u00f4les visant \u00e0 v\u00e9rifier la  \nbonne application du pr\u00e9sent arr\u00eat\u00e9.\nDirection d\u00e9partementale des territoires de la C\u00f4te-d'Or - 21-2025-10-14-00002 - Arr\u00eat\u00e9 pr\u00e9fectoral n\u00b0 1499 du 14 octobre 2025 fixant\nles prescriptions particuli\u00e8res pour les travaux en vue de la r\u00e9gularisation et du d\u00e9classement au titre des ouvrages hydrauliques de\nl'\u00e9tang de la jette situ\u00e9 sur la commune de Thoisy-La-Berch\u00e8re.\n70\n7/7\nArticle 8 : Ex\u00e9cution et publication\nMonsieur le sous-pr\u00e9fet de Montbard, Madame la directrice d\u00e9partementale des territoires \nde la C\u00f4te-d'Or, Monsieur le maire de la commune de  Thoisy-la-Berch\u00e8re,  sont charg\u00e9s, \nchacun  en  ce  qui  le  concerne,  de  l'ex\u00e9cution  du  pr\u00e9sent  arr\u00eat\u00e9  qui  sera  notifi\u00e9  au \nb\u00e9n\u00e9ficiaire et publi\u00e9 au recueil des actes administratifs de la pr\u00e9fecture de la C\u00f4te d'Or.\nUne  copie  du  pr\u00e9sent  arr\u00eat\u00e9  sera  adress\u00e9e  \u00e0  la  commune,  au  chef  du  service  \nd\u00e9partemental de l'Office Fran\u00e7ais de la Biodiversit\u00e9.\nArticle 9 : Publication et information des tiers\nLe  pr\u00e9sent  arr\u00eat\u00e9  sera  affiche  pendant  une  dur\u00e9e  minimale  d'un  mois  \u00e0  la  mairie  de \nThoisy-la-Berch\u00e8re.\nIl  sera  mis  \u00e0  disposition  du  public  sur  le  site  internet  des  services  de  l'\u00c9tat  \n(https://www.cote-dor.gouv.fr/) pendant une dur\u00e9e de 6 mois \u00e0 minima.\nFait \u00e0 Dijon, le 14 octobre 2025\nLe Pr\u00e9fet,\npar d\u00e9l\u00e9gation,\nla directrice d\u00e9partementale des territoires\npar subd\u00e9l\u00e9gation\nLe chef de bureau police de l'eau\nsign\u00e9\nSt\u00e9phane MAGNIOL\nVoies et d\u00e9lais de recours\nLa pr\u00e9sente d\u00e9cision est susceptible de recours contentieux devant le tribunal administratif  \nde Dijon \u2013 22, rue d'Assas \u2013 BP 61616 - 21016 DIJON Cedex, par le b\u00e9n\u00e9ficiaire dans un d\u00e9lai  \nde deux mois \u00e0 compter du jour o\u00f9 la pr\u00e9sente d\u00e9cision lui a \u00e9t\u00e9 notifi\u00e9e et par les tiers dans  \nun d\u00e9lai de deux mois \u00e0 compter de la publication ou de l'affichage de cette d\u00e9cision.\nDans le m\u00eame d\u00e9lai de deux mois, le b\u00e9n\u00e9ficiaire peut pr\u00e9senter un recours gracieux. Le  \nsilence gard\u00e9 par l'administration pendant plus de deux mois sur la demande de recours  \ngracieux emporte d\u00e9cision implicite de rejet de cette demande conform\u00e9ment \u00e0 l'article  \nR421-2 du code de justice administrative. Celui-ci prolonge le d\u00e9lai de recours contentieux  \nqui doit \u00eatre introduit dans les deux mois suivant la r\u00e9ponse.\nLe tribunal administratif peut \u00eatre saisi par un recours d\u00e9pos\u00e9 via l'application T\u00e9l\u00e9recours  \ncitoyens accessible sur le site internet www.t\u00e9l\u00e9recours.fr.\nDirection d\u00e9partementale des territoires de la C\u00f4te-d'Or - 21-2025-10-14-00002 - Arr\u00eat\u00e9 pr\u00e9fectoral n\u00b0 1499 du 14 octobre 2025 fixant\nles prescriptions particuli\u00e8res pour les travaux en vue de la r\u00e9gularisation et du d\u00e9classement au titre des ouvrages hydrauliques de\nl'\u00e9tang de la jette situ\u00e9 sur la commune de Thoisy-La-Berch\u00e8re.\n71\nDirection d\u00e9partementale des territoires de la\nC\u00f4te-d'Or\nService de l'eau et des risques\n21-2025-10-13-00004\nArr\u00eat\u00e9 pr\u00e9fectoral n\u00b0 1500 du 13 octobre 2025\nportant mise en demeure \u00e0 l'encontre du\nsyndicat intercommunal\nd'adduction d'eau et d'assainissement de\nMAGNY-SAINT-MEDARD\n(Syst\u00e8me d'assainissement collectif de\nBELLENEUVE)\nDirection d\u00e9partementale des territoires de la C\u00f4te-d'Or - 21-2025-10-13-00004 - Arr\u00eat\u00e9 pr\u00e9fectoral n\u00b0 1500 du 13 octobre 2025\nportant mise en demeure \u00e0 l'encontre du syndicat intercommunal\nd'adduction d'eau et d'assainissement de MAGNY-SAINT-MEDARD\n(Syst\u00e8me d'assainissement collectif de BELLENEUVE)\n72\nDirection d\u00e9partementale des territoires\nde la C\u00f4te-d'Or\nService de l'eau et des risques\nBureau pr\u00e9servation de la qualit\u00e9 de l'eau et des \nmilieux aquatiques\nT\u00e9l : 03.80.29.42.39\nm\u00e9l : ddt-ser-ope@cote-dor.gouv.fr\nArr\u00eat\u00e9 pr\u00e9fectoral n\u00b0 1500 du 13 octobre 2025\nportant mise en demeure \u00e0 l'encontre du syndicat intercommunal\nd'adduction d'eau et d'assainissement de MAGNY-SAINT-MEDARD\n(Syst\u00e8me d'assainissement collectif de BELLENEUVE).\nLe pr\u00e9fet de la C\u00f4te-d'Or\nVU la directive CEE 91/271 du 21 mai 1991, relative au traitement des eaux r\u00e9siduaires urbaines ; \nVU le Code de l'environnement, notamment les articles, L 171-1 \u00e0 L 171-12, L.211-1, L.214-1 et suivants,\nR.214-1, R.211-22 et suivants,  R.171-1 et R.214-49 ;\nVU le Code g\u00e9n\u00e9ral des collectivit\u00e9s territoriales, et notamment ses articles L.2224-7 \u00e0 L.2224-12 ;\nVU l'arr\u00eat\u00e9 minist\u00e9riel du 21 juillet 2015 modifi\u00e9 relatif aux syst\u00e8mes d'assainissement collectif et aux\ninstallations  d'assainissement  non  collectif,  \u00e0  l'exception  des  installations  d'assainissement  non\ncollectif recevant une charge brute de pollution organique inf\u00e9rieure ou \u00e9gale \u00e0 1,2 kg/j de DB05 ;\nVU l'arr\u00eat\u00e9  pr\u00e9fectoral  portant  modification  de  l'autorisation  de  la  station  d'\u00e9puration  de\nBELLENEUVE et du rejet correspondant en date du 30 mars 1998 ;\nVU le sch\u00e9ma directeur d'am\u00e9nagement et de gestion des eaux (SDAGE) RHONE-MEDITERANNEE\napprouv\u00e9 le 21 mars 2022 ;\nVU  l'arr\u00eat\u00e9  pr\u00e9fectoral  n\u00b0  507  /  SG  du  28  mars  2025  donnant  d\u00e9l\u00e9gation  de  signature  \u00e0\nMme Manuelle DUPUY, directrice d\u00e9partementale des territoires de la C\u00f4te-d'Or ;\nVU le rapport de manquement administratif de l'agent de contr\u00f4le, en date du 19 septembre 2025,\ntransmis  au syndicat intercommunal d'adduction d'eau potable et d'assainissement (SIAEPA) de\nMAGNY-SAINT-MEDARD par lettre recommand\u00e9e conform\u00e9ment \u00e0 l'article L. 171-6, et r\u00e9ceptionn\u00e9\nle 29 septembre 2025 ;\nVU les observations du SIAEPA de MAGNY-SAINT-MEDARD en date du 03 octobre 2025 ;\nVU la visite du site de la station d'\u00e9puration de BELLENEUVE en date du 06 octobre 2025 ;\n1/3\nDirection d\u00e9partementale des territoires de la C\u00f4te-d'Or\n57 , rue de Mulhouse - BP 53317 - 21033 Dijon CEDEX\nT\u00e9l. : 03 80 29 44 44\nC/ourriel : ddt@cote-dor.gouv.fr - Site internet : \nhttp://www.cote-dor.gouv.fr\nDirection d\u00e9partementale des territoires de la C\u00f4te-d'Or - 21-2025-10-13-00004 - Arr\u00eat\u00e9 pr\u00e9fectoral n\u00b0 1500 du 13 octobre 2025\nportant mise en demeure \u00e0 l'encontre du syndicat intercommunal\nd'adduction d'eau et d'assainissement de MAGNY-SAINT-MEDARD\n(Syst\u00e8me d'assainissement collectif de BELLENEUVE)\n73\nCONSID\u00c9RANT le  principe  de  protection  des  eaux  contre  toute  pollution  par  d\u00e9versements,\n\u00e9coulements, rejets, d\u00e9p\u00f4ts directs ou indirects de mati\u00e8res de toute nature et plus g\u00e9n\u00e9ralement\npar tout fait susceptible de provoquer ou d'accro\u00eetre la d\u00e9gradation des eaux en modifiant leurs\ncaract\u00e9ristiques  physiques,  chimiques,  biologiques  ou  bact\u00e9riologiques,  qu'il  s'agisse  des  eaux\nsuperficielles, souterraines ou des eaux de la mer dans la limite des eaux territoriales ;\nCONSID\u00c9RANT  que le  syndicat  intercommunal  d'adduction  d'eau  potable  et  d'assainissement\n(SIAEPA) de MAGNY-SAINT-MEDARD assure la comp\u00e9tence assainissement collectif sur  le syst\u00e8me\nd'assainissement collectif de BELLENEUVE ;\nCONSID\u00c9RANT que l'arr\u00eat\u00e9 minist\u00e9riel du 21 juillet 2015 modifi\u00e9 prescrit dans son article 11 que les\nsyst\u00e8mes de collecte et les stations de traitement des eaux us\u00e9es sont exploit\u00e9s et entretenus de\nmani\u00e8re \u00e0 minimiser la quantit\u00e9 totale de mati\u00e8res polluantes d\u00e9vers\u00e9es au milieu r\u00e9cepteur, dans\ntoutes les conditions de fonctionnement et toutes dispositions sont prises pour que les pannes\nn'entra\u00eenent pas de risques pour les personnes ayant acc\u00e8s aux ouvrages et affectent le moins\npossible la qualit\u00e9 du traitement des eaux ;\nCONSID\u00c9RANT que l'arr\u00eat\u00e9 minist\u00e9riel du 21 juillet 2015 modifi\u00e9 prescrit dans son article  16 que le\nsite de la station de traitement  des  eaux  us\u00e9es  est  maintenu en permanence en bon \u00e9tat  de\npropret\u00e9 et que les ouvrages sont r\u00e9guli\u00e8rement entretenus de mani\u00e8re \u00e0 garantir le fonctionnement\ndes dispositifs de traitement et de surveillance ;\nCONSID\u00c9RANT que la d\u00e9pose des deux turbines d'a\u00e9ration et la mise en place d'a\u00e9rateurs de\nsecours ne permet pas une a\u00e9ration efficiente du bassin d'a\u00e9ration qui pr\u00e9sente par cons\u00e9quent une\ncouche de boues \u00e9paissies sur l'ensemble de sa surface occasionnant  un d\u00e9part  de ces boues\nsuperficielles vers le clarificateur ;\nCONSIDERANT que la pr\u00e9sence de boues sur l'ensemble de la surface du clarificateur  et entre la\ncloison sipho\u00efde et le d\u00e9versoir crant\u00e9 du clarificateur fait courir un risque de d\u00e9part de boues au\nmilieu r\u00e9cepteur (L'Albane) via la goulotte du clarificateur puis le canal de sortie ;\nCONSID\u00c9RANT que le raclage de la surface du clarificateur est inop\u00e9rant du fait de la saturation du\nposte d\u00e9gazage et recirculation en boues colmat\u00e9es ;\nCONSID\u00c9RANT que le poste d\u00e9gazage et recirculation est \u00e0 saturation de boues colmat\u00e9es ;\nCONSID\u00c9RANT que la canalisation d'\u00e9vacuation de boues du poste d\u00e9gazeur et recirculation vers\nles lits de s\u00e9chage est cass\u00e9e et que des boues se sont r\u00e9pandues sur le sol ;\nCONSID\u00c9RANT que ce s constats, effectu\u00e9s le 18 septembre 2025,  constituent des manquements\naux dispositions des articles 11 et 16 de l'arr\u00eat\u00e9 minist\u00e9riel susvis\u00e9 ;\nCONSID\u00c9RANT que la visite du site de la station d'\u00e9puration de BELLENEUVE en date du 06 octobre\n2025 a permis de constater que  le poste d\u00e9gazage et recirculation a \u00e9t\u00e9 vid\u00e9 semaine 39, que la\ncanalisation d'\u00e9vacuation de boues du poste d\u00e9gazeur et recirculation vers les lits de s\u00e9chage a \u00e9t\u00e9\nr\u00e9par\u00e9e, que le clarificateur a un aspect moins charg\u00e9 et que le raclage est \u00e0 nouveau op\u00e9rant ;\nCONSID\u00c9RANT que le pr\u00e9fet peut faire application de l'article L.171-8 du Code de l'environnement\net notamment arr\u00eater une ou plusieurs sanction(s) administrative(s) ;\nCONSID\u00c9RANT que  malgr\u00e9 les am\u00e9liorations constat\u00e9es, les a\u00e9rateurs de secours ne permettent\npas  une  a\u00e9ration  optimum  du  bassin  d'a\u00e9ration  et  occasionnent  une  perturbation  du\nfonctionnement syst\u00e8me de traitement , et qu'il convient par cons\u00e9quent de faire application des\ndispositions de l'article L. 171-8 du code de l'environnement en mettant en demeure le SIAEPA de\nMAGNY-SAINT-MEDARD de respecter les dispositions de l'arr\u00eat\u00e9 susvis\u00e9, afin d'assurer la protection\ndes int\u00e9r\u00eats d\u00e9finis par la directive CEE 91/271 du 21 mai 1991 et par les articles L.211-1 pour la loi sur\nl'eau du code de l'environnement ;\nSUR proposition de Madame la directrice d\u00e9partementale des territoires de la C\u00f4te-d'Or ;\n2/3\nDirection d\u00e9partementale des territoires de la C\u00f4te-d'Or - 21-2025-10-13-00004 - Arr\u00eat\u00e9 pr\u00e9fectoral n\u00b0 1500 du 13 octobre 2025\nportant mise en demeure \u00e0 l'encontre du syndicat intercommunal\nd'adduction d'eau et d'assainissement de MAGNY-SAINT-MEDARD\n(Syst\u00e8me d'assainissement collectif de BELLENEUVE)\n74\nARR\u00caTE\nArticle 1er : Objets de la mise en demeure\nLe SIAEPA de MAGNY-SAINT-MEDARD, ma\u00eetre d'ouvrage du syst\u00e8me de traitement des eaux us\u00e9es\nsitu\u00e9 sur la commune de BELLENEUVE,  est mis en demeure de respecter les dispositions de l'arr\u00eat\u00e9\nminist\u00e9riel modifi\u00e9 du 21 juillet 2015 en :\n-  mettant en service  un dispositif d'a\u00e9ration efficient du bassin d'a\u00e9ration  avant le 15 d\u00e9cembre\n2025 ;\n- maintenant le fonctionnement de la station d'\u00e9puration et de ces diff\u00e9rents organes en bon \u00e9tat\nde marche de sorte \u00e0 \u00e9viter de mani\u00e8re p\u00e9renne la d\u00e9gradation des eaux rejet\u00e9es.\nArticle 2 : Sanctions financi\u00e8res\nLe non-respect des prescriptions dans les d\u00e9lais fix\u00e9s \u00e0 l'article 1er du pr\u00e9sent arr\u00eat\u00e9 est assujetti \u00e0\nune astreinte journali\u00e8re de cent (100) euros par jour de retard.\nArticle 3 : Information des tiers\nEn vue de l'information des tiers, le pr\u00e9sent arr\u00eat\u00e9 est publi\u00e9 sur le site internet des services de l'\u00c9tat\ndans le d\u00e9partement pendant une dur\u00e9e minimale de deux mois et publi\u00e9 au recueil des actes\nadministratifs de la pr\u00e9fecture.\nArticle 4 : Voies et d\u00e9lais de recours.\nLe pr\u00e9sent arr\u00eat\u00e9 peut faire l'objet d'un recours contentieux devant le tribunal administratif de\nDijon dans un d\u00e9lai maximum de 2 mois \u00e0 compter de sa notification. Le tribunal administratif peut\n\u00eatre saisi par un recours d\u00e9pos\u00e9 via l'application T\u00e9l\u00e9recours citoyens accessible par le site internet\nwww.telerecours.fr \nArticle 5 : Ex\u00e9cution et publication.\nLa directrice d\u00e9partementale des territoires de la C\u00f4te-d'Or,  le chef du service d\u00e9partemental de\nl'Office  fran\u00e7ais  pour  la  biodiversit\u00e9  (OFB),  sont  charg\u00e9s,  chacun  en  ce  qui  le  concerne,  de\nl'ex\u00e9cution du pr\u00e9sent arr\u00eat\u00e9.\nFait \u00e0 DIJON, le 13 octobre 2025\nPour le pr\u00e9fet et par d\u00e9l\u00e9gation,\nLa directrice d\u00e9partementale des territoires,\nSign\u00e9\nManuelle DUPUY\n3/3\nDirection d\u00e9partementale des territoires de la C\u00f4te-d'Or - 21-2025-10-13-00004 - Arr\u00eat\u00e9 pr\u00e9fectoral n\u00b0 1500 du 13 octobre 2025\nportant mise en demeure \u00e0 l'encontre du syndicat intercommunal\nd'adduction d'eau et d'assainissement de MAGNY-SAINT-MEDARD\n(Syst\u00e8me d'assainissement collectif de BELLENEUVE)\n75\nDirection d\u00e9partementale des territoires de la\nC\u00f4te-d'Or\nService de l'eau et des risques\n21-2025-10-14-00001\nArr\u00eat\u00e9 pr\u00e9fectoral n\u00b01497 du 14 octobre 2025\nportant abrogation de l'arr\u00eat\u00e9 pr\u00e9fectoral n\u00b0\n1407 du 12 septembre 2025 portant constat de\nfranchissement du seuil de vigilance des usages\nde l'eau sur l'ensemble du territoire du\nd\u00e9partement de la C\u00f4te-d'Or\nDirection d\u00e9partementale des territoires de la C\u00f4te-d'Or - 21-2025-10-14-00001 - Arr\u00eat\u00e9 pr\u00e9fectoral n\u00b01497 du 14 octobre 2025\nportant abrogation de l'arr\u00eat\u00e9 pr\u00e9fectoral n\u00b0 1407 du 12 septembre 2025 portant constat de franchissement du seuil de vigilance des\nusages de l'eau sur l'ensemble du territoire du d\u00e9partement de la C\u00f4te-d'Or\n76\nDirection d\u00e9partementale des territoires\nde la C\u00f4te-d'Or\nAffaire suivie par :\nService de l'eau et des risques\nBureau police de l'eau\nT\u00e9l : 03.80.29.43.57\nm\u00e9l : ddt-ser-pe@cote-dor.gouv.fr\nArr\u00eat\u00e9 pr\u00e9fectoral n\u00b01497 du 14 octobre 2025\nportant abrogation de l'arr\u00eat\u00e9 pr\u00e9fectoral n\u00b0 1407 du 12 septembre 2025 \nportant constat de franchissement du seuil de vigilance des usages de l'eau\nsur l'ensemble du territoire du d\u00e9partement de la C\u00f4te-d'Or\nLe pr\u00e9fet de la C\u00f4te-d'Or\nVU le code de l'environnement et notamment l'article L.211-3 ;\nVU le code de la sant\u00e9 publique et notamment son titre II ;\nVU le code g\u00e9n\u00e9ral des collectivit\u00e9s territoriales et en particulier l'article L.2212-2-5 ;\nVU l'arr\u00eat\u00e9 pr\u00e9fectoral cadre n\u00b0 1180 du 15 juillet 2024 relatif \u00e0 la gestion de la ressource en\neau en p\u00e9riode d'\u00e9tiage sur le d\u00e9partement de la C\u00f4te-d'Or ;\nVU l'arr\u00eat\u00e9 cadre interd\u00e9partemental n\u00b01179 du 15 juillet 2024 relatif \u00e0 la gestion de la\nressource en eau en p\u00e9riode d'\u00e9tiage sur l'axe Sa\u00f4ne ;\nVU l'arr\u00eat\u00e9 pr\u00e9fectoral n\u00b0 1407 du 12 septembre 2025 portant constat de franchissement\ndu seuil de vigilance des usages de l'eau sur l'ensemble du territoire du d\u00e9partement de la\nC\u00f4te-d'Or ;\nCONSID\u00c9RANT le principe d'une gestion \u00e9quilibr\u00e9e et durable de la ressource en eau ;\nCONSID\u00c9RANT  que la gestion \u00e9quilibr\u00e9e de la ressource doit permettre en priorit\u00e9 de\nsatisfaire les exigences de la sant\u00e9, de la salubrit\u00e9 publique, de la s\u00e9curit\u00e9 civile et de\nl'alimentation  en  eau  potable  de  la  population  ;  elle  doit  \u00e9galement  permettre  de\nsatisfaire  ou  concilier,  lors  des  diff\u00e9rents  usages,  activit\u00e9s  ou  travaux,  notamment  les\nexigences  de l'agriculture, de la p\u00eache en eau douce,  de l'industrie,  de la production\nd'\u00e9nergie, en particulier pour assurer la s\u00e9curit\u00e9 du syst\u00e8me \u00e9lectrique, des transports, du\ntourisme, de la protection des sites, des loisirs et des sports nautiques ainsi que de toutes\nautres activit\u00e9s humaines l\u00e9galement exerc\u00e9es ;\nDirection d\u00e9partementale des territoires de la C\u00f4te-d'Or\n57 , rue de Mulhouse - BP 53317 - 21033 Dijon CEDEX\nT\u00e9l. : 03 80 29 44 44\nCourriel : ddt@cote-dor.gouv.fr - Site internet : http://www.cote-dor.gouv.fr\nDirection d\u00e9partementale des territoires de la C\u00f4te-d'Or - 21-2025-10-14-00001 - Arr\u00eat\u00e9 pr\u00e9fectoral n\u00b01497 du 14 octobre 2025\nportant abrogation de l'arr\u00eat\u00e9 pr\u00e9fectoral n\u00b0 1407 du 12 septembre 2025 portant constat de franchissement du seuil de vigilance des\nusages de l'eau sur l'ensemble du territoire du d\u00e9partement de la C\u00f4te-d'Or\n77\nCONSID\u00c9RANT  que le pr\u00e9fet peut prendre des mesures de limitation ou de suspension\nprovisoire  des  usages  de  l'eau,  pour  faire  face  \u00e0  une  menace  ou  aux  cons\u00e9quences\nd'accidents, de s\u00e9cheresse, d'inondations ou \u00e0 un risque de p\u00e9nurie ;\nCONSID\u00c9RANT la situation hydrologique actuelle, et notamment l'augmentation notable\ndes d\u00e9bits des cours d'eau constat\u00e9e par les relev\u00e9s \u00e9tablis par la direction r\u00e9gionale de\nl'environnement,  de  l'am\u00e9nagement  et  du  logement  Bourgogne-Franche-Comt\u00e9 et  par\nl'examen  des  d\u00e9bits  instantan\u00e9s  au  regard  de s  pluies  significatives  intervenues  ces\nderni\u00e8res semaines ;\nCONSID\u00c9RANT  que l'usage habituel de l'eau peut \u00e0 nouveau \u00eatre r\u00e9tabli sans pr\u00e9judice\npour le milieu naturel ;\nCONSID\u00c9RANT que, par cons\u00e9quent, le maintien des dispositions de vigilance des usages\nde l'eau ne se justifie plus ;\nSUR proposition du secr\u00e9taire g\u00e9n\u00e9ral de la pr\u00e9fecture de la C\u00f4te-d'Or ;\nA R R \u00ca T E\nARTICLE 1  er   : \nL'arr\u00eat\u00e9 pr\u00e9fectoral n\u00b0 1407 du 12 septembre 2025 portant constat de franchissement du\nseuil de vigilance des usages de l'eau sur l'ensemble du territoire du d\u00e9partement de la\nC\u00f4te-d'Or est abrog\u00e9.\nARTICLE   2     :   Publication\nLe pr\u00e9sent arr\u00eat\u00e9 sera publi\u00e9 au recueil des actes administratifs de la pr\u00e9fecture de la\nC\u00f4te-d'Or  ainsi  que  sur  le  site  internet  des  services  de  l'\u00c9tat en  C\u00f4te-d'Or  -\nhttp://www.cote-dor.gouv.fr\nIl sera transmis aux maires du d\u00e9partement aux fins d'affichage.\nARTICLE   3     :   Ex\u00e9cution\nLe secr\u00e9taire g\u00e9n\u00e9ral de la pr\u00e9fecture de la C\u00f4te-d'Or, le sous-pr\u00e9fet de Beaune, le sous-\npr\u00e9fet  de  Montbard,  la  directrice  d\u00e9partementale  des  territoires  de  la  C\u00f4te-d'Or,  le\ndirecteur  r\u00e9gional  de  l'environnement,  de  l'am\u00e9nagement  et  du  logement  Bourgogne\nFranche-Comt\u00e9, le directeur g\u00e9n\u00e9ral de l'agence r\u00e9gionale de sant\u00e9 de Bourgogne Franche-\nComt\u00e9,  le  directeur  r\u00e9gional  de  l'environnement,  de  l'am\u00e9nagement  et  du  logement\nAuvergne  Rh\u00f4ne-Alpes,  le  chef  du  service  d\u00e9partemental  de  l'office  fran\u00e7ais  de  la\nbiodiversit\u00e9, le commandant du groupement de gendarmerie, le directeur d\u00e9partemental\nde  la  s\u00e9curit\u00e9  publique,  les  maires,  les  pr\u00e9sidents  des  \u00e9tablissements  publics  de\ncoop\u00e9ration  intercommunale  ayant  comp\u00e9tence  en  mati\u00e8re  d'alimentation  en  eau\npotable, sont charg\u00e9s, chacun en ce qui le concerne, d'assurer l'ex\u00e9cution du pr\u00e9sent\narr\u00eat\u00e9.\nFait \u00e0 Dijon, le 14 octobre 2025\nLe pr\u00e9fet\nPour le pr\u00e9fet et par d\u00e9l\u00e9gation\nLe secr\u00e9taire g\u00e9n\u00e9ral\nsign\u00e9\nDenis BRUEL\nDirection d\u00e9partementale des territoires de la C\u00f4te-d'Or - 21-2025-10-14-00001 - Arr\u00eat\u00e9 pr\u00e9fectoral n\u00b01497 du 14 octobre 2025\nportant abrogation de l'arr\u00eat\u00e9 pr\u00e9fectoral n\u00b0 1407 du 12 septembre 2025 portant constat de franchissement du seuil de vigilance des\nusages de l'eau sur l'ensemble du territoire du d\u00e9partement de la C\u00f4te-d'Or\n78\nDirection d\u00e9partementale des territoires de la\nC\u00f4te-d'Or\nService \u00c9conomie Agricole et Environnement des\nExploitations\n21-2025-10-03-00002\nAP 13 autorisation simple SCEA DU POIRIER signe\nDirection d\u00e9partementale des territoires de la C\u00f4te-d'Or - 21-2025-10-03-00002 - AP 13 autorisation simple SCEA DU POIRIER signe 79\nDirection d\u00e9partementale des territoires\nde la C\u00f4te-d'Or\nService \u00e9conomie agricole\net environnement des exploitations\nAffaire suivie par : Bureau Foncier, exploitants et contr\u00f4les\nT\u00e9l :  03 80 29 43 52\nm\u00e9l : operations-societaires-foncier@cote-dor.gouv.fr\nArr\u00eat\u00e9 pr\u00e9fectoral n\u00b0 2025-1544\nportant autorisation au titre de l'article L. 333-3 du Code rural et de la p\u00eache maritime de prise de\ncontr\u00f4le de la soci\u00e9t\u00e9 SCEA DU POIRIER ROUGE\nLe pr\u00e9fet de la C\u00f4te-d'Or\nVu le code rural et de la p\u00eache maritime, notamment ses articles L. 333-1 et suivants et R. 333-1 et\nsuivants ;\nVu le D\u00e9cret du 10 octobre 2024 nommant Monsieur Paul MOURIER, pr\u00e9fet de la r\u00e9gion Bourgogne-\nFranche-Comt\u00e9, pr\u00e9fet de la C\u00f4te-d'Or ;\nVu l'arr\u00eat\u00e9 pr\u00e9fectoral n\u00b0 507/SG du  28 mars 2025  donnant  d\u00e9l\u00e9gation de signature \u00e0 Madame\nManuelle DUPUY, directrice d\u00e9partementale des territoires de la C\u00f4te-d'Or ; \nVu l'arr\u00eat\u00e9 pr\u00e9fectoral n\u00b0 DRAAF/SREA-2023-05 fixant le seuil d'agrandissement significatif ;\nVu  la demande d'autorisation au titre de l'article L. 333-3 du code rural et de la p\u00eache maritime\npr\u00e9sent\u00e9e par  Maitre Lucie DELAIRE,  avocate au sein du Cabinet LEGI CONSEILS BOURGOGNE,\nsusvis\u00e9 et d\u00fbment habilit\u00e9e \u00e0 cet effet ;\nVu l'avis favorable de la soci\u00e9t\u00e9 d'am\u00e9nagement foncier et d'\u00e9tablissement rural de C\u00f4te d'Or re\u00e7u\nle 12/08/2025.\nConsid\u00e9rant que la demande d'autorisation concerne une op\u00e9ration qui consiste en :\n- une op\u00e9ration de cession d'une partie des parts sociales par Monsieur Fabrice CHARDON\nqu'il  d\u00e9tient  actuellement  dans  le  capital  de  la  soci\u00e9t\u00e9  SCEA  DU  POIRIER  ROUGE,  soit\n45,99 % au b\u00e9n\u00e9fice d'une soci\u00e9t\u00e9 holding d\u00e9nomm\u00e9e SAS CHARDON THOMAS contr\u00f4l\u00e9e\nen totalit\u00e9 par son fils, Monsieur Thomas CHARDON, la soci\u00e9t\u00e9 .\nConsid\u00e9rant que cette op\u00e9ration a pour cons\u00e9quence un renforcement de la prise de contr\u00f4le, au\nsens du IV de l'article L.333-2, directe par la SAS CHARDON THOMAS (soci\u00e9t\u00e9 holding) et indirecte\nde Monsieur Thomas CHARDON dans le capital social de la soci\u00e9t\u00e9 SCEA DU POIRIER ROUGE. \nConsid\u00e9rant que la surface exploit\u00e9e par la SAS CHARDON THOMAS sera de 954 hectares 11 ares\n91  centiares et d\u00e9passera le seuil d'agrandissement significatif fix\u00e9 \u00e0 282 hectares ;\nDirection d\u00e9partementale des territoires de la C\u00f4te-d'Or\n57 , rue de Mulhouse \u2013 BP 53317 \u2013 21033 DIJON Cedex\nCourriel : ddt@cote-dor.gouv.fr \n1/2\nDirection d\u00e9partementale des territoires de la C\u00f4te-d'Or - 21-2025-10-03-00002 - AP 13 autorisation simple SCEA DU POIRIER signe 80\nConsid\u00e9rant que la contribution apport\u00e9e par l'op\u00e9ration envisag\u00e9e au d\u00e9veloppement du territoire\nou \u00e0 la diversit\u00e9 de ses syst\u00e8mes de production l'emporte sur les atteintes aux objectifs d\u00e9finis \u00e0\nl'article L. 333-1, pour les motifs suivants :\n\u2022 l'op\u00e9ration consiste en une restructuration soci\u00e9taire afin d'anticiper la transmission future\nde  l'exploitation  familiale  au  profit  du  b\u00e9n\u00e9ficiaire  SAS  CHARDON  THOMAS.  Cette\nop\u00e9ration  ne  modifie pas  le  p\u00e9rim\u00e8tre  foncier  agricole  d\u00e9j\u00e0  exploit\u00e9  par  la  SCEA  DU\nPOIRIER ROUGE.\n\u2022 l'exploitation se situe dans une petite r\u00e9gion naturelle agricole des plateaux de Bourgogne\npr\u00e9sentant une pression fonci\u00e8re en faveur de l'agrandissement et/ou de la confortation\ndes  exploitations  existantes  sur  ce secteur  \u00e0  forte dominante c\u00e9r\u00e9ali\u00e8re sp\u00e9cialis\u00e9e et\ngrandes cultures.\n\u2022 cette op\u00e9ration se r\u00e9alise \u00e0 p\u00e9rim\u00e8tre constant et ne proc\u00e8de pas d'un ph\u00e9nom\u00e8ne de\nconcentration excessive des terres et de leur accaparement ;\n\u2022 l'op\u00e9ration  n'est  pas  susceptible  de  porter  atteinte  aux  objectifs  poursuivis  par  les\ndispositions des articles L.333-1 et suivants du Code rural et de la p\u00eache maritime ; \nARR\u00caTE\nArticle 1er : L'autorisation n\u00b0 OS-013-2025 au titre de l'article L. 333-3 du Code rural et de la p\u00eache\nmaritime est accord\u00e9e  \u00e0 Monsieur Thomas CHARDON pour la prise de contr\u00f4le de la SCEA DU\nPOIRIER ROUGE.\nArticle 2 : Le pr\u00e9sent arr\u00eat\u00e9 sera publi\u00e9 au recueil des actes administratifs de la pr\u00e9fecture. \nArticle 3  : Le Secr\u00e9taire g\u00e9n\u00e9ral de la pr\u00e9fecture et l a dire ctrice  d\u00e9partementale des territoires,\nchacun en ce qui les concerne, sont charg\u00e9s de l'ex\u00e9cution du pr\u00e9sent arr\u00eat\u00e9.\nDijon, le 03/10/2025\nLa Directrice D\u00e9partementale des Territoires\nSIGNE\nMANUELLE DUPUY\nDirection d\u00e9partementale des territoires de la C\u00f4te-d'Or\n57 , rue de Mulhouse \u2013 BP 53317 \u2013 21033 DIJON Cedex\nCourriel : ddt@cote-dor.gouv.fr \n2/2\nDirection d\u00e9partementale des territoires de la C\u00f4te-d'Or - 21-2025-10-03-00002 - AP 13 autorisation simple SCEA DU POIRIER signe 81\nDirection d\u00e9partementale des territoires de la\nC\u00f4te-d'Or\nService Habitat Mobilit\u00e9\n21-2025-10-14-00003\nAP 1524 du 14102025 r\u00e9siliation convention APL\nDIJON \nDirection d\u00e9partementale des territoires de la C\u00f4te-d'Or - 21-2025-10-14-00003 - AP 1524 du 14102025 r\u00e9siliation convention APL\nDIJON 82\nDirection d\u00e9partementale des territoires\nde la C\u00f4te-d'Or\nService habitat et construction  Dijon, le 14 octobre 2025\nP\u00f6le Logement social \nArr\u00eat\u00e9 pr\u00e9fectoral N\u00b0 mille cinq cent vingt-quatre\nportant r\u00e9siliation unilat\u00e9rale de la convention\nd'aide personnalis\u00e9e au logement n\u00b0 21N411305410089 du 14 octobre 2013\nrelative \u00e0 un logement social sis Impasse Jean d'Ingres \u00e0 Dijon\nLe pr\u00e9fet de la r\u00e9gion Bourgogne-Franche-Comt\u00e9\nPr\u00e9fet de la C\u00f4te-d'Or\nVu le code de la construction et de l'habitation et notamment ses articles L.351-2 et suivants\net D.353-89 \u00e0 D. 353-103 fixant les conditions de conventionnement \u00e0 l'aide personnalis\u00e9e au\nlogement (APL) et les conditions de r\u00e9siliation ;\nVu l'arr\u00eat\u00e9 pr\u00e9fectoral n\u00b0 507/SG du 28 mars 2025  portant d\u00e9l\u00e9gation de signature \u00e0 Mme\nManuel DUPUY, directrice d\u00e9partementale des territoires de la C\u00f4te-d'Or pour toutes les\nd\u00e9cisions et tous les documents relevant de l'ensemble de ses attributions ;\nVu la convention  APL  n\u00b0  21N411305410089  du  14 octobre 2013 expirant le 30 juin 2033,\nconclue entre le pr\u00e9fet de la r\u00e9gion de Bourgogne, pr\u00e9fet de la C\u00f4te-d'Or, agissant au nom de\nl'\u00c9tat,  et  les  Epoux  C\u00e9cile  et  Christophe  Gentil,  publi\u00e9e  et  enregistr\u00e9e  au  bureau  des\nhypoth\u00e8ques de Dijon le 25 octobre 2013 ;\nCONSIDERANT les conditions de financement de l'op\u00e9ration d'acquisition \u00e0 un TVA \u00e0 taux\nr\u00e9duit,  avec  en  contrepartie  la  passation  d'une  convention  APL  avec  l'Etat  r\u00e9gissant  les\nmodalit\u00e9s d'utilisation du bien pendant une dur\u00e9e d\u00e9termin\u00e9e,\nCONSIDERANT que depuis le 04 septembre 2023, le bailleur contrevient aux engagements\ncontractuels de la convention APL sus-vis\u00e9e, en arr\u00eatant l'usage locatif du logement ;\nSur proposition de madame la directrice d\u00e9partementale des territoires,\nDirection d\u00e9partementale des territoires de la C\u00f4te-d'Or\n57 , rue de Mulhouse - BP 53317 - 21033 Dijon CEDEX\nT\u00e9l. : 03 80 29 44 44\nCourriel : ddt@cote-dor.gouv.fr - Site internet : \nhttp://www.cote-dor.gouv.fr\nDirection d\u00e9partementale des territoires de la C\u00f4te-d'Or - 21-2025-10-14-00003 - AP 1524 du 14102025 r\u00e9siliation convention APL\nDIJON 83\nA R R E T E\nArticle  1er : La  convention  n\u00b0  21N411305410089  sign\u00e9e  le  14  octobre  2013  est  r\u00e9sili\u00e9e\nunilat\u00e9ralement par l'\u00c9tat pour non respect des engagements contractuels de la convention\nAPL sus-vis\u00e9e. Elle porte sur : \nD\u00e9signation de l'immeuble\n1 Logement situ\u00e9 \u00e0 DIJON (C\u00f4te-d'Or) \u2013 Impasse Jean d'Ingres\nCadastr\u00e9 section EL n\u00b0403 de 81 ares 36 ca - chemin de la fontaine d'Ouche\nSurface habitable totale : 64,56 m\u00b2\nSurface utile : 69,06 m\u00b2 dont 5 m\u00b2 de surfaces annexes\nOrigine de propri\u00e9t\u00e9\nActe  de  vente  du  10  d\u00e9cembre  2010  entre  la  SCCV  CAP  Natureo  et  madame  C\u00e9cile  \nRanoux  \u00e9pouse  Gentil  et  monsieur  Christophe  Gentil,  publi\u00e9  et  enregistr\u00e9  \u00e0  la  \nconservation des hypoth\u00e8ques de Dijon \u2013 1er bureau vol 2011 D n\u00b02658.\nArticle  2 :  Il  appartiendra  au  propri\u00e9taire-bailleur  de  s'assurer  de  la  r\u00e9gularisation  de  la\nsituation hypoth\u00e9caire du bien aupr\u00e8s des services de la publicit\u00e9 fonci\u00e8re de Dijon par la\npublication du pr\u00e9sent arr\u00eat\u00e9 au fichier immobilier  et dont les frais  seront \u00e0 la charge du\npropri\u00e9taire-bailleur.\nArticle 3 :  Le pr\u00e9sent arr\u00eat\u00e9 sera publi\u00e9 au recueil des actes administratifs de la C\u00f4te d'Or, et\nsera  annex\u00e9,  apr\u00e8s  sa  publication  au  fichier  immobilier,  \u00e0  l'acte  de  vente  du  logement\nconcern\u00e9.\nArticle  4 : Le pr\u00e9sent arr\u00eat\u00e9 sera notifi\u00e9 pour information  aux organismes liquidateurs de\nl'aide personnalis\u00e9e au logement et pour attribution aux services fiscaux. \nArticle 5 : Le Secr\u00e9taire G\u00e9n\u00e9ral de la Pr\u00e9fecture de C\u00f4te d'Or et la directrice d \u00e9partementale\ndes Territoires de C\u00f4te d'Or sont charg\u00e9s, chacun(e) en ce qui le (la) concerne, de l'ex\u00e9cution du\npr\u00e9sent arr\u00eat\u00e9 publi\u00e9 au recueil des actes administratifs et qui sera notifi\u00e9 au propri\u00e9taire bailleur.\nArticle 6 : Conform\u00e9ment aux articles R.421-1 et R. 421-5 du code de justice administrative,\ndans un d\u00e9lai de deux mois \u00e0 compter de la notification du pr\u00e9sent arr\u00eat\u00e9, le b\u00e9n\u00e9ficiaire\npeut adresser un recours gracieux \u00e0 monsieur le Pr\u00e9fet de la C\u00f4te-d'Or.\nEn cas de rejet du recours gracieux, qui intervient de mani\u00e8re implicite en cas d'absence de\nr\u00e9ponse de l'administration dans un d\u00e9lai de deux mois, un recours contentieux devant le\ntribunal administratif de Dijon peut \u00eatre form\u00e9 dans les deux mois suivant la date du rejet. \nPour le pr\u00e9fet et par d\u00e9l\u00e9gation,\nLa directrice d\u00e9partementale des territoires,\nSign\u00e9\nManuelle DUPUY\nDirection d\u00e9partementale des territoires de la C\u00f4te-d'Or\n57 , rue de Mulhouse - BP 53317 - 21033 Dijon CEDEX\nT\u00e9l. : 03 80 29 44 44\nCourriel : ddt@cote-dor.gouv.fr - Site internet : \nhttp://www.cote-dor.gouv.fr\nDirection d\u00e9partementale des territoires de la C\u00f4te-d'Or - 21-2025-10-14-00003 - AP 1524 du 14102025 r\u00e9siliation convention APL\nDIJON 84\nDirection d\u00e9partementale des territoires de la\nC\u00f4te-d'Or\nService Pr\u00e9servation et Am\u00e9nagement de\nl'Espace (SPAE)\n21-2025-10-10-00008\nArr\u00eat\u00e9 portant d\u00e9rogation \u00e0 l'urbanisation\nlimit\u00e9e dans le cadre de l'\u00e9laboration de la carte\ncommunale sur le territoire de la commune de\nMALIGNY\nDirection d\u00e9partementale des territoires de la C\u00f4te-d'Or - 21-2025-10-10-00008 - Arr\u00eat\u00e9 portant d\u00e9rogation \u00e0 l'urbanisation limit\u00e9e\ndans le cadre de l'\u00e9laboration de la carte communale sur le territoire de la commune de MALIGNY 85\nDirection d\u00e9partementale des territoires\nde la C\u00f4te-d'Or\nAffaire suivie par : Jean-Michel MARS\nService pr\u00e9servation et am\u00e9nagement de \nl'espace\nBureau planification et pr\u00e9vention des \nrisques technologiques\nT\u00e9l. : 03 80 92 55 14\nM\u00e9l : jean-michel.mars@cote-dor.gouv.fr\nDijon, le 10 octobre 2025\nArr\u00eat\u00e9 N\u00b0 1496\nportant d\u00e9rogation \u00e0 l'urbanisation limit\u00e9e dans le cadre de l'\u00e9laboration de Carte\nCommunale, sur le territoire de la commune de MALIGNY\nLe pr\u00e9fet de la C\u00f4te-d'Or\nVU le code de l'urbanisme, notamment les articles L.142-4, L.142-5, R.142-2 et R.142-3 ;\nVU  le d\u00e9cret du 10 octobre 2024 nommant M. Paul Mourier en qualit\u00e9 de pr\u00e9fet de la\nr\u00e9gion Bourgogne-Franche-Comt\u00e9, pr\u00e9fet de la C\u00f4te d'Or ;\nVU l'arr\u00eat\u00e9 pr\u00e9fectoral n\u00b0 813 / SG du 13 juin 2025 donnant d\u00e9l\u00e9gation de signature \u00e0\nMonsieur Denis BRUEL, secr\u00e9taire g\u00e9n\u00e9ral de la pr\u00e9fecture de la C\u00f4te-d'Or ;\nVU la demande de d\u00e9rogation du 18 juillet 2025 pour l'ouverture \u00e0 l'urbanisation de zones\nconstructibles dans le cadre de l'\u00e9laboration de Carte Communale de Maligny ;\nVU l'avis favorable \u00e9mis sur la demande de d\u00e9rogation par la Commission D\u00e9partementale\nde Pr\u00e9servation des Espaces Naturels, Agricoles et Forestiers le 18 septembre 2025 ;\nConsid\u00e9rant que la commune de Maligny n'est pas couverte par un sch\u00e9ma de coh\u00e9rence\nterritorial (SCoT) applicable ;\nConsid\u00e9rant d\u00e8s lors que les zones \u00e0 urbaniser d\u00e9limit\u00e9es apr\u00e8s le 1 er juillet 2002 ainsi que\nles  zones  naturelles,  agricoles  ou  foresti\u00e8res  \u00e0  l'occasion  de  l'\u00e9laboration  ou  d'une\nDirection d\u00e9partementale des territoires de la C\u00f4te-d'Or\n57 rue de Mulhouse- BP 53317 - 21033 DIJON cedex\nt\u00e9l : 03 80 29 44 44 \u2013 Courriel : ddt@cote-dor.gouv.fr\nDirection d\u00e9partementale des territoires de la C\u00f4te-d'Or - 21-2025-10-10-00008 - Arr\u00eat\u00e9 portant d\u00e9rogation \u00e0 l'urbanisation limit\u00e9e\ndans le cadre de l'\u00e9laboration de la carte communale sur le territoire de la commune de MALIGNY 86\n2\nproc\u00e9dure  d'\u00e9volution  d'un  document  d'urbanisme  n\u00e9cessitent  l'accord  du  pr\u00e9fet\nconform\u00e9ment \u00e0 l'article L.142-5 du code de l'urbanisme ;\nConsid\u00e9rant que la d\u00e9rogation pr\u00e9vue \u00e0 l'article susvis\u00e9 ne peut \u00eatre accord\u00e9e que si\nl'urbanisation  envisag\u00e9e  ne nuit  pas  \u00e0  la  protection  des  espaces  naturels,  agricoles  et\nforestiers ou \u00e0 la pr\u00e9servation et \u00e0 la remise en bon \u00e9tat des continuit\u00e9s \u00e9cologiques, ne\nconduit pas \u00e0 une consommation excessive de l'espace, ne g\u00e9n\u00e8re pas d'impact excessif\nsur  les  flux de d\u00e9placement et ne nuit pas \u00e0 une r\u00e9partition \u00e9quilibr\u00e9e entre emploi,\nhabitat, commerces et services ;\nSur proposition de Madame la directrice d\u00e9partementale des territoires de C\u00f4te-d'Or\nARR\u00caTE\nArticle 1er  : la d\u00e9rogation pr\u00e9vue \u00e0 l'article L.142-5 du Code de l'urbanisme est accord\u00e9e\npour l'urbanisation des parcelles list\u00e9es ci-dessous pour une surface totale de 0,44 ha sur la\ncommune  de  Maligny,  actuellement  class\u00e9es  en  zone  non  constructible  du  r\u00e8glement\nnational  d'urbanisme,  pour  permettre  l'accueil,  le  maintien  et  le  confortement  des\nhabitations,  le  d\u00e9veloppement  des  activit\u00e9s  \u00e9conomiques  et  le  d\u00e9veloppement  des\n\u00e9quipements  publics  dans  un  souci  de  r\u00e9duction  de  la  consommation  d'espaces  et\nd'optimisation du foncier.\nCes secteurs repr\u00e9sentent une ouverture \u00e0 l'urbanisation de 0,44 ha de zones urbaines\nmixtes.\nSecteur Surface\nglobale Parcelle Surface\nparcelle\nSurface\nconcern\u00e9e\nZonage\nant\u00e9rieur\nZonage\n\u00e9labor\u00e9 Projet\n1 1 590 m\u00b2 AC 137 3 979 m\u00b2 1 590 m\u00b2 RNU ZC\nPermettre la\nconstruction de\nlogements\n2 1 650 m\u00b2 AB 229 3 367 m\u00b2 1 650 m\u00b2 RNU ZC\nPermettre la\nconstruction de\nlogements \n3 1 165 m\u00b2 A 172 1 165m\u00b2 1 165 m\u00b2 RNU ZC\nPermettre la\nconstruction de\nlogements\nArticle 2  : le pr\u00e9sent arr\u00eat\u00e9 fera l'objet, d'une part, d'un affichage \u00e0 la mairie, et d'autre\npart, d'une publication au recueil des actes administratifs de la pr\u00e9fecture de C\u00f4te-d'Or.\nDirection d\u00e9partementale des territoires de la C\u00f4te-d'Or\n57 rue de Mulhouse- BP 53317 - 21033 DIJON cedex\nt\u00e9l : 03 80 29 44 44 \u2013 Courriel : ddt@cote-dor.gouv.fr\nDirection d\u00e9partementale des territoires de la C\u00f4te-d'Or - 21-2025-10-10-00008 - Arr\u00eat\u00e9 portant d\u00e9rogation \u00e0 l'urbanisation limit\u00e9e\ndans le cadre de l'\u00e9laboration de la carte communale sur le territoire de la commune de MALIGNY 87\n3\nArticle 3 : en cas de contestation de la pr\u00e9sente d\u00e9cision, un recours gracieux doit d'abord\n\u00eatre adress\u00e9 \u00e0 son auteur dans un d\u00e9lai de deux mois \u00e0 compter de sa notification , \u00e0 peine\nd'irrecevabilit\u00e9 du recours contentieux qui pourrait \u00eatre intent\u00e9 ult\u00e9rieurement.  L'absence\nde r\u00e9ponse dans un d\u00e9lai de deux mois vaut d\u00e9cision tacite de rejet du recours gracieux.\nEn cas de rejet tacite ou expr\u00e8s, un recours contentieux peut ensuite \u00eatre form\u00e9 devant le\ntribunal administratif de Dijon (22 rue d'Assas 21000 Dijon) dans un d\u00e9lai de deux mois. Le\ntribunal peut \u00eatre saisi par un recours d\u00e9pos\u00e9 sur la plateforme T\u00e9l\u00e9recours accessible sur\nle site internet www.telerecours.fr.\nArticle 4 : le Secr\u00e9taire g\u00e9n\u00e9ral de la pr\u00e9fecture de C\u00f4te-d'Or, la directrice d\u00e9partementale\ndes territoires et le Maire de la commune de Maligny  sont charg\u00e9s, chacun en ce qui le\nconcerne, de l'ex\u00e9cution du pr\u00e9sent arr\u00eat\u00e9.\nFait \u00e0 Dijon, le 10 octobre 2025\nPour le pr\u00e9fet et par d\u00e9l\u00e9gation\nLe secr\u00e9taire g\u00e9n\u00e9ral\nSIGN\u00c9\nDenis BRUEL\nDirection d\u00e9partementale des territoires de la C\u00f4te-d'Or\n57 rue de Mulhouse- BP 53317 - 21033 DIJON cedex\nt\u00e9l : 03 80 29 44 44 \u2013 Courriel : ddt@cote-dor.gouv.fr\nDirection d\u00e9partementale des territoires de la C\u00f4te-d'Or - 21-2025-10-10-00008 - Arr\u00eat\u00e9 portant d\u00e9rogation \u00e0 l'urbanisation limit\u00e9e\ndans le cadre de l'\u00e9laboration de la carte communale sur le territoire de la commune de MALIGNY 88\nDirection d\u00e9partementale des territoires de la\nC\u00f4te-d'Or\nService Pr\u00e9servation et Am\u00e9nagement de\nl'Espace (SPAE)\n21-2025-10-10-00007\nArr\u00eat\u00e9 portant d\u00e9rogation \u00e0 l'urbanisation\nlimit\u00e9e dans le cadre de l'\u00e9laboration du Plan\nLocal d'Urbanisme sur le territoire de la\ncommune de MAGNIEN\nDirection d\u00e9partementale des territoires de la C\u00f4te-d'Or - 21-2025-10-10-00007 - Arr\u00eat\u00e9 portant d\u00e9rogation \u00e0 l'urbanisation limit\u00e9e\ndans le cadre de l'\u00e9laboration du Plan Local d'Urbanisme sur le territoire de la commune de MAGNIEN 89\nDirection d\u00e9partementale des territoires\nde la C\u00f4te-d'Or\nAffaire suivie par : Jean-Michel MARS\nService pr\u00e9servation et am\u00e9nagement de \nl'espace\nBureau planification et pr\u00e9vention des \nrisques technologiques\nT\u00e9l. : 03 80 92 55 14\nM\u00e9l : jean-michel.mars@cote-dor.gouv.fr\nDijon, le 10 octobre 2025\nArr\u00eat\u00e9 N\u00b0 1495\nportant d\u00e9rogation \u00e0 l'urbanisation limit\u00e9e dans le cadre de l'\u00e9laboration du Plan Local\nd'Urbanisme, sur le territoire de la commune de MAGNIEN\nLe pr\u00e9fet de la C\u00f4te-d'Or\nVU le code de l'urbanisme, notamment les articles L.142-4, L.142-5, R.142-2 et R.142-3 ;\nVU  le d\u00e9cret du 10 octobre 2024 nommant M. Paul Mourier en qualit\u00e9 de pr\u00e9fet de la\nr\u00e9gion Bourgogne-Franche-Comt\u00e9, pr\u00e9fet de la C\u00f4te d'Or ;\nVU l'arr\u00eat\u00e9 pr\u00e9fectoral n\u00b0 813 / SG du 13 juin 2025 donnant d\u00e9l\u00e9gation de signature \u00e0\nMonsieur Denis BRUEL, secr\u00e9taire g\u00e9n\u00e9ral de la pr\u00e9fecture de la C\u00f4te-d'Or ;\nVU la demande de d\u00e9rogation du 18 juillet 2025 pour l'ouverture \u00e0 l'urbanisation de zones\nconstructibles dans le cadre de l'\u00e9laboration du plan local d'urbanisme de Magnien ;\nVU l'avis favorable \u00e9mis sur la demande de d\u00e9rogation par la Commission D\u00e9partementale\nde Pr\u00e9servation des Espaces Naturels, Agricoles et Forestiers le 18 septembre 2025 ;\nConsid\u00e9rant que la commune de Magnien n'est pas couverte par un sch\u00e9ma de coh\u00e9rence\nterritorial (SCoT) applicable ;\nConsid\u00e9rant d\u00e8s lors que les zones \u00e0 urbaniser d\u00e9limit\u00e9es apr\u00e8s le 1 er juillet 2002 ainsi que\nles  zones  naturelles,  agricoles  ou  foresti\u00e8res  \u00e0  l'occasion  de  l'\u00e9laboration  ou  d'une\nDirection d\u00e9partementale des territoires de la C\u00f4te-d'Or\n57 rue de Mulhouse- BP 53317 - 21033 DIJON cedex\nt\u00e9l : 03 80 29 44 44 \u2013 Courriel : ddt@cote-dor.gouv.fr\nDirection d\u00e9partementale des territoires de la C\u00f4te-d'Or - 21-2025-10-10-00007 - Arr\u00eat\u00e9 portant d\u00e9rogation \u00e0 l'urbanisation limit\u00e9e\ndans le cadre de l'\u00e9laboration du Plan Local d'Urbanisme sur le territoire de la commune de MAGNIEN 90\n2\nproc\u00e9dure  d'\u00e9volution  d'un  document  d'urbanisme  n\u00e9cessitent  l'accord  du  pr\u00e9fet\nconform\u00e9ment \u00e0 l'article L.142-5 du code de l'urbanisme ;\nConsid\u00e9rant que la d\u00e9rogation pr\u00e9vue \u00e0 l'article susvis\u00e9 ne peut \u00eatre accord\u00e9e que si\nl'urbanisation  envisag\u00e9e  ne nuit  pas  \u00e0  la  protection  des  espaces  naturels,  agricoles  et\nforestiers ou \u00e0 la pr\u00e9servation et \u00e0 la remise en bon \u00e9tat des continuit\u00e9s \u00e9cologiques, ne\nconduit pas \u00e0 une consommation excessive de l'espace, ne g\u00e9n\u00e8re pas d'impact excessif\nsur  les  flux de d\u00e9placement et ne nuit pas \u00e0 une r\u00e9partition \u00e9quilibr\u00e9e entre emploi,\nhabitat, commerces et services ;\nSur proposition de Madame la directrice d\u00e9partementale des territoires de C\u00f4te-d'Or\nARR\u00caTE\nArticle 1er  : la d\u00e9rogation pr\u00e9vue \u00e0 l'article L.142-5 du Code de l'urbanisme est accord\u00e9e\npour l'urbanisation des parcelles list\u00e9es ci-dessous pour une surface totale de 0,75 ha sur la\ncommune de Magnien, actuellement class\u00e9es au sein du r\u00e8glement national d'urbanisme,\npour  permettre  l'accueil,  le  maintien  et  le  confortement  des  habitations,  le\nd\u00e9veloppement des activit\u00e9s \u00e9conomiques et le d\u00e9veloppement des \u00e9quipements publics\ndans un souci de r\u00e9duction de la consommation d'espaces et d'optimisation du foncier.\nCes secteurs repr\u00e9sentent une ouverture \u00e0 l'urbanisation de 0,75 ha de zones urbaines\nmixtes.\nSecteur Surface\nglobale Parcelle Surface\nparcelle\nSurface\nconcern\u00e9e\nZonage\nant\u00e9rieur\nZonage\n\u00e9labor\u00e9 Projet\n1 1 986 m\u00b2 AH 59 11 117 m\u00b2 1 986 m\u00b2 RNU UA\nPermettre la\nconstruction de\nlogements \n2 1 015 m\u00b2 G 294 86 883 m\u00b2 1 015 m\u00b2 RNU UA\nPermettre la\nconstruction de\nlogements \n3 544 m\u00b2\nG 294\nG 309\nG 310\nG 311\nG 312\n86 883 m\u00b2\n727 m\u00b2\n13 148 m\u00b2\n69 m\u00b2\n87 m\u00b2\n240 m\u00b2\n49 m\u00b2\n107 m\u00b2\n69 m\u00b2\n79 m\u00b2\nRNU UA\nPermettre la\nconstruction de\nlogements\n5 880 m\u00b2 D 45 20 216 m\u00b2 880 m\u00b2 RNU UA\nPermettre la\nconstruction de\nlogements\nDirection d\u00e9partementale des territoires de la C\u00f4te-d'Or\n57 rue de Mulhouse- BP 53317 - 21033 DIJON cedex\nt\u00e9l : 03 80 29 44 44 \u2013 Courriel : ddt@cote-dor.gouv.fr\nDirection d\u00e9partementale des territoires de la C\u00f4te-d'Or - 21-2025-10-10-00007 - Arr\u00eat\u00e9 portant d\u00e9rogation \u00e0 l'urbanisation limit\u00e9e\ndans le cadre de l'\u00e9laboration du Plan Local d'Urbanisme sur le territoire de la commune de MAGNIEN 91\n3\n6 997 m\u00b2 D 214 12 274 m\u00b2 997 m\u00b2 RNU UA\nPermettre la\nconstruction de\nlogements\n7 2 097 m\u00b2 D 42 9 328 m\u00b2 2 097 m\u00b2 RNU UA\nPermettre la\nconstruction de\nlogements\nArticle 2  : le pr\u00e9sent arr\u00eat\u00e9 fera l'objet, d'une part, d'un affichage \u00e0 la mairie, et d'autre\npart, d'une publication au recueil des actes administratifs de la pr\u00e9fecture de C\u00f4te-d'Or.\nArticle 3 : en cas de contestation de la pr\u00e9sente d\u00e9cision, un recours gracieux doit d'abord\n\u00eatre adress\u00e9 \u00e0 son auteur dans un d\u00e9lai de deux mois \u00e0 compter de sa notification , \u00e0 peine\nd'irrecevabilit\u00e9 du recours contentieux qui pourrait \u00eatre intent\u00e9 ult\u00e9rieurement.  L'absence\nde r\u00e9ponse dans un d\u00e9lai de deux mois vaut d\u00e9cision tacite de rejet du recours gracieux.\nEn cas de rejet tacite ou expr\u00e8s, un recours contentieux peut ensuite \u00eatre form\u00e9 devant le\ntribunal administratif de Dijon (22 rue d'Assas 21000 Dijon) dans un d\u00e9lai de deux mois. Le\ntribunal peut \u00eatre saisi par un recours d\u00e9pos\u00e9 sur la plateforme T\u00e9l\u00e9recours accessible sur\nle site internet www.telerecours.fr.\nArticle 4 : le Secr\u00e9taire g\u00e9n\u00e9ral de la pr\u00e9fecture de C\u00f4te-d'Or, la directrice d\u00e9partementale\ndes territoires et le Maire de la commune de Magnien sont charg\u00e9s, chacun en ce qui le\nconcerne, de l'ex\u00e9cution du pr\u00e9sent arr\u00eat\u00e9.\nFait \u00e0 Dijon, le 10 octobre 2025\nPour le pr\u00e9fet et par d\u00e9l\u00e9gation\nLe secr\u00e9taire g\u00e9n\u00e9ral\nSIGN\u00c9\nDenis BRUEL\nDirection d\u00e9partementale des territoires de la C\u00f4te-d'Or\n57 rue de Mulhouse- BP 53317 - 21033 DIJON cedex\nt\u00e9l : 03 80 29 44 44 \u2013 Courriel : ddt@cote-dor.gouv.fr\nDirection d\u00e9partementale des territoires de la C\u00f4te-d'Or - 21-2025-10-10-00007 - Arr\u00eat\u00e9 portant d\u00e9rogation \u00e0 l'urbanisation limit\u00e9e\ndans le cadre de l'\u00e9laboration du Plan Local d'Urbanisme sur le territoire de la commune de MAGNIEN 92\nDirection d\u00e9partementale des territoires de la\nC\u00f4te-d'Or\nService Pr\u00e9servation et Am\u00e9nagement de\nl'Espace (SPAE)\n21-2025-10-09-00004\nArr\u00eat\u00e9 portant d\u00e9rogation \u00e0 l'urbanisation\nlimit\u00e9e dans le cadre du R\u00e8glement National\nd'Urbanisme sur le territoire de COURBAN\nDirection d\u00e9partementale des territoires de la C\u00f4te-d'Or - 21-2025-10-09-00004 - Arr\u00eat\u00e9 portant d\u00e9rogation \u00e0 l'urbanisation limit\u00e9e\ndans le cadre du R\u00e8glement National d'Urbanisme sur le territoire de COURBAN 93\nDirection d\u00e9partementale des territoires\nde la C\u00f4te-d'Or\nAffaire suivie par : Estelle MONNOT\nService pr\u00e9servation et am\u00e9nagement de \nl'espace\nBureau planification et pr\u00e9vention des \nrisques technologiques\nT\u00e9l. : 03 80 29 42 06\nM\u00e9l : ddt-cdpenaf@cote-dor.gouv.fr\nDijon, le 9 octobre 2025\nArr\u00eat\u00e9 N\u00b0 1509\nportant d\u00e9rogation \u00e0 l'urbanisation limit\u00e9e dans le cadre du R\u00e8glement National\nd'Urbanisme, sur le territoire de la commune de Courban\nLe pr\u00e9fet de la C\u00f4te-d'Or\nVU le code de l'urbanisme, notamment les articles L142-4, L142-5, R142-2 et R142-3 ;\nVU la d\u00e9lib\u00e9ration du conseil municipal de la commune de Courban le 26 mai 2025 pour\nl'installation d'un h\u00e9bergement insolite de type roulotte sur la parcelle ZR 34,  en dehors\ndes parties urbanis\u00e9es de la commune non couverte par un document d'urbanisme  ;\nVU l'avis favorable \u00e9mis par la Commission D\u00e9partementale de Pr\u00e9servation des Espaces\nNaturels, Agricoles et Forestiers le 17 juillet 2025 sur la d\u00e9lib\u00e9ration motiv\u00e9e du conseil\nmunicipal de la commune de Courban ;\nVU l'avis favorable \u00e9mis par la Commission D\u00e9partementale de Pr\u00e9servation des Espaces\nNaturels, Agricoles et Forestiers le 18 septembre 2025 sur le permis d'am\u00e9nager pr\u00e9sent\u00e9\npar le p\u00e9titionnaire ;\nConsid\u00e9rant que la commune de Courban n'est pas couverte par un sch\u00e9ma de coh\u00e9rence\nterritorial (SCoT) applicable ;\nConsid\u00e9rant d\u00e8s  lors  que  l'urbanisation  des  parcelles  situ\u00e9es  en  dehors  des  parties\nurbanis\u00e9es  de  la  commune  non  couvertes  par  un  document  d'urbanisme  n\u00e9cessite\nl'accord du pr\u00e9fet conform\u00e9ment \u00e0 l'article L142-5 du code de l'urbanisme ;\nConsid\u00e9rant que la d\u00e9rogation pr\u00e9vue \u00e0 l'article susvis\u00e9 ne peut \u00eatre accord\u00e9e que si\nl'urbanisation envisag\u00e9e ne nuit pas  \u00e0 la protection des  espaces  naturels,  agricoles  et\nDirection d\u00e9partementale des territoires de la C\u00f4te-d'Or\n57 rue de Mulhouse- BP 53317 - 21033 DIJON cedex\nt\u00e9l : 03 80 29 44 44 \u2013 Courriel : ddt@cote-dor.gouv.fr\nDirection d\u00e9partementale des territoires de la C\u00f4te-d'Or - 21-2025-10-09-00004 - Arr\u00eat\u00e9 portant d\u00e9rogation \u00e0 l'urbanisation limit\u00e9e\ndans le cadre du R\u00e8glement National d'Urbanisme sur le territoire de COURBAN 94\n2\nforestiers ou \u00e0 la pr\u00e9servation et \u00e0 la remise en bon \u00e9tat des continuit\u00e9s \u00e9cologiques, ne\nconduit pas \u00e0 une consommation excessive de l'espace, ne g\u00e9n\u00e8re pas d'impact excessif\nsur les flux de d\u00e9placements et ne nuit pas \u00e0 une r\u00e9partition \u00e9quilibr\u00e9e entre emploi,\nhabitat, commerces et services ;\nConsid\u00e9rant que  la  d\u00e9rogation  demand\u00e9e  porte  sur  la parcelle  ZR  34 au  sein  de  la\ncommune de Courban ;\nSur proposition de Madame la directrice d\u00e9partementale des territoires de C\u00f4te-d'Or\nARR\u00caTE\nArticle 1er  : la d\u00e9rogation pr\u00e9vue \u00e0 l'article L142-5 du code de l'urbanisme est accord\u00e9e\npour l'urbanisation de la parcelle ZR 34, sur la commune de Courban.\nArticle 2  : le pr\u00e9sent arr\u00eat\u00e9 fera l'objet, d'une part, d'un affichage \u00e0 la mairie, et d'autre\npart, d'une publication au recueil des actes administratifs de la pr\u00e9fecture de C\u00f4te-d'Or.\nArticle  3 : en  cas  de  contestation  de  la  pr\u00e9sente  d\u00e9cision,  un  recours  gracieux  doit\nd'abord  \u00eatre  adress\u00e9  \u00e0  son  auteur  dans  un  d\u00e9lai  de  deux  mois  \u00e0  compter  de  sa\nnotification,  \u00e0  peine  d'irrecevabilit\u00e9  du  recours  contentieux  qui  pourrait  \u00eatre  intent\u00e9\nult\u00e9rieurement. L'absence de r\u00e9ponse dans un d\u00e9lai de deux mois vaut d\u00e9cision tacite de\nrejet du recours gracieux.\nEn cas de rejet tacite ou expr\u00e8s, un recours contentieux peut ensuite \u00eatre form\u00e9 devant le\ntribunal administratif de Dijon (22 rue d'Assas 21000 Dijon) dans un d\u00e9lai de deux mois. Le\ntribunal peut \u00eatre saisi par un recours d\u00e9pos\u00e9 sur la plateforme T\u00e9l\u00e9recours accessible sur\nle site internet www.telerecours.fr.\nArticle 4 : le Secr\u00e9taire g\u00e9n\u00e9ral de la pr\u00e9fecture de C\u00f4te-d'Or, la directrice d\u00e9partementale\ndes territoires et le Maire de la commune de Courban sont charg\u00e9s, chacun en ce qui le\nconcerne, de l'ex\u00e9cution du pr\u00e9sent arr\u00eat\u00e9.\nPour le pr\u00e9fet et par d\u00e9l\u00e9gation\nLe secr\u00e9taire g\u00e9n\u00e9ral\nSIGN\u00c9\nDenis BRUEL\nDirection d\u00e9partementale des territoires de la C\u00f4te-d'Or\n57 rue de Mulhouse- BP 53317 - 21033 DIJON cedex\nt\u00e9l : 03 80 29 44 44 \u2013 Courriel : ddt@cote-dor.gouv.fr\nDirection d\u00e9partementale des territoires de la C\u00f4te-d'Or - 21-2025-10-09-00004 - Arr\u00eat\u00e9 portant d\u00e9rogation \u00e0 l'urbanisation limit\u00e9e\ndans le cadre du R\u00e8glement National d'Urbanisme sur le territoire de COURBAN 95\nDirection d\u00e9partementale des territoires de la\nC\u00f4te-d'Or\nService Pr\u00e9servation et Am\u00e9nagement de\nl'Espace (SPAE)\n21-2025-10-10-00002\nArr\u00eat\u00e9 pr\u00e9fectoral du 10 octobre 2025\nportant renouvellement du bureau de\nl'association fonci\u00e8re de PRUSLY-SUR-OURCE\nDirection d\u00e9partementale des territoires de la C\u00f4te-d'Or - 21-2025-10-10-00002 - Arr\u00eat\u00e9 pr\u00e9fectoral du 10 octobre 2025\nportant renouvellement du bureau de l'association fonci\u00e8re de PRUSLY-SUR-OURCE 96\nDirection d\u00e9partementale des territoires\nde la C\u00f4te-d'Or\nArr\u00eat\u00e9 pr\u00e9fectoral du 10 octobre 2025\nportant renouvellement du bureau de l'association fonci\u00e8re \nde PRUSLY-SUR-OURCE\nLe Pr\u00e9fet de la C\u00f4te-d'Or\nVU le code rural et de la p\u00eache maritime, notamment ses articles L121-1 \u00e0 L121-26 ; L123-1 \u00e0 L123-35 ; \nL131-1 et L133-1 \u00e0 L133-7 ; R131-1 et R133-1 \u00e0 R133-15 ;\nVU l'arr\u00eat\u00e9 pr\u00e9fectoral du 20 janvier 1965 relatif \u00e0 la constitution d'une association fonci\u00e8re dans la  \ncommune de PRUSLY-SUR-OURCE ;\nVU l'arr\u00eat\u00e9 pr\u00e9fectoral en date du 18 f\u00e9vrier 2013 relatif \u00e0 la constitution de l'association fonci\u00e8re  \nd'am\u00e9nagement foncier agricole et forestier (AFAFAF)de PRUSLY-SUR-OURCE ;\nVU  l'arr\u00eat\u00e9 pr\u00e9fectoral en date du 30 avril 2013 relatif \u00e0 la fusion de l'association fonci\u00e8re de  \nremembrement (AFR) de PRUSLY-SUR-OURCE et de l'association fonci\u00e8re  d'am\u00e9nagement foncier \nagricole et forestier (AFAFAF) de PRUSLY-SUR-OURCE ;\nVU l'arr\u00eat\u00e9 pr\u00e9fectoral en date du 11 avril 2019 portant modification des statuts de l'association  \nfonci\u00e8re de PRUSLY-SUR-OURCE ;\nVU  l'arr\u00eat\u00e9 pr\u00e9fectoral du 24 avril 2019 dernier en date portant renouvellement du bureau de  \nl'association fonci\u00e8re de PRUSLY-SUR-OURCE ;\nVU l'arr\u00eat\u00e9  pr\u00e9fectoral  n\u00b0 507  /  SG  du  28  mars  2025  donnant  d\u00e9l\u00e9gation  de  signature  \u00e0  \nMme Manuelle DUPUY, directrice d\u00e9partementale des territoires de la C\u00f4te-d'Or ;\nVU l'arr\u00eat\u00e9 pr\u00e9fectoral n\u00b0 1333 du 28 ao\u00fbt 2025 portant d\u00e9l\u00e9gation de signature aux agents de la  \ndirection d\u00e9partementale des territoires de la C\u00f4te-d'Or ;\nVU la d\u00e9lib\u00e9ration du conseil municipal de PRUSLY-SUR-OURCE du 11 mars 2025 d\u00e9signant la moiti\u00e9 \ndes membres appel\u00e9s \u00e0 faire partie du nouveau bureau de l'association fonci\u00e8re  de PRUSLY-SUR-\nOURCE ;\nVU le courrier du pr\u00e9sident de la chambre d'agriculture du 2 octobre 2025 d\u00e9signant l'autre moiti\u00e9  \ndes membres ;\nSUR proposition de la directrice d\u00e9partementale des territoires ;\n1\nDirection d\u00e9partementale des territoires de la C\u00f4te-d'Or\n57 , rue de Mulhouse - BP 53317 - 21033 Dijon CEDEX\nT\u00e9l. : 03 80 29 44 44\nCourriel : ddt@cote-dor.gouv.fr - Site internet : \nhttp://www.cote-dor.gouv.fr\nDirection d\u00e9partementale des territoires de la C\u00f4te-d'Or - 21-2025-10-10-00002 - Arr\u00eat\u00e9 pr\u00e9fectoral du 10 octobre 2025\nportant renouvellement du bureau de l'association fonci\u00e8re de PRUSLY-SUR-OURCE 97\nA R R \u00ca T E\nARTICLE 1  er   : \nSont  nomm\u00e9s  membres  du  bureau  de  l'association  fonci\u00e8re   de  PRUSLY-SUR-OURCE  pour  une \np\u00e9riode de six ans :\n* le maire de la commune ou un conseiller municipal d\u00e9sign\u00e9 par lui ;\n* les propri\u00e9taires dont les noms suivent\nd\u00e9sign\u00e9s par le conseil municipal d\u00e9sign\u00e9s par la chambre d'agriculture\nM. Philippe CHAINEY M. Romuald LASSOLE\nM. Victor MATRAT M. Pierre CHAINEY\nM. Vincent FERRY M. Charles MATRAT\n* la  directrice  d\u00e9partementale  des  territoires  de  la  C\u00f4te-d'Or  ou  son  repr\u00e9sentant,  avec  voix  \nconsultative.\nARTICLE 2     :   \nLe bureau \u00e9lira en son sein le pr\u00e9sident charg\u00e9 de l'ex\u00e9cution de ses d\u00e9lib\u00e9rations ainsi que le vice-\npr\u00e9sident et le secr\u00e9taire.\nARTICLE 3     : \nCette d\u00e9cision peut \u00eatre contest\u00e9e devant le tribunal administratif de Dijon dans un d\u00e9lai de 2 mois \n\u00e0 compter de sa publication.\nARTICLE 4 : \nLa directrice d\u00e9partementale des territoires de la C\u00f4te-d'Or, le pr\u00e9sident de l'association fonci\u00e8re  \nde PRUSLY-SUR-OURCE et le maire de la commune de PRUSLY-SUR-OURCE, sont charg\u00e9s, chacun en \nce qui le concerne, de l'ex\u00e9cution des dispositions du pr\u00e9sent arr\u00eat\u00e9 qui sera publi\u00e9 au recueil des  \nactes administratifs de la pr\u00e9fecture, notifi\u00e9 \u00e0 chacun des membres de l'association fonci\u00e8re   et \naffich\u00e9 dans la commune de PRUSLY-SUR-OURCE.\nFait \u00e0 Dijon, le 10 octobre 2025\nPour le pr\u00e9fet et par d\u00e9l\u00e9gation,\nPour la directrice d\u00e9partementale,\nle chef du bureau nature, sites, \n\u00e9nergies renouvelables\nSign\u00e9 : Laurent TISNE\n2\nDirection d\u00e9partementale des territoires de la C\u00f4te-d'Or - 21-2025-10-10-00002 - Arr\u00eat\u00e9 pr\u00e9fectoral du 10 octobre 2025\nportant renouvellement du bureau de l'association fonci\u00e8re de PRUSLY-SUR-OURCE 98\nDirection d\u00e9partementale des territoires de la\nC\u00f4te-d'Or\nService S\u00e9curit\u00e9 et Education Routi\u00e8re\n21-2025-10-13-00003\nA36 1502 20251013 RAA Modif AP\nInterpr\u00e9fectoral21-39Grenaillage\nDirection d\u00e9partementale des territoires de la C\u00f4te-d'Or - 21-2025-10-13-00003 - A36 1502 20251013 RAA Modif AP\nInterpr\u00e9fectoral21-39Grenaillage 99\nDirection d\u00e9partementale des territoires\nde la C\u00f4te-d'Or\nDirection d\u00e9partementale des territoires\ndu Jura\nService de la S\u00e9curit\u00e9 et de l'\u00c9ducation Routi\u00e8re\nBureau de la S\u00e9curit\u00e9 Routi\u00e8re\nT\u00e9l. : 03 80 29 44 75\nDijon, le 13 octobre 2025      \nArr\u00eat\u00e9 Interpr\u00e9fectoral N\u00b0 1502\nportant modification de l'arr\u00eat\u00e9 n\u00b01472 du 3 octobre 2025 portant r\u00e9glementation \ntemporaire de la circulation\n\u00e0 l'occasion de travaux de grenaillage au niveau de l'\u00e9changeur A36/A39 et du diffuseur de \nDole sur l'autoroute A36\nLe pr\u00e9fet de la C\u00f4te-d'Or              Le pr\u00e9fet du Jura\nVU le Code de la Voirie Routi\u00e8re ;\nVU le Code de la Route, notamment ses articles R411-8 et R411-25 ;\nVU\u00a0 la loi 82-213 du 02 mars 1982 modifi\u00e9e et compl\u00e9t\u00e9e par la loi 82-623 du 22 juillet 1982  \nrelative aux droits et libert\u00e9s des communes, des d\u00e9partements et des r\u00e9gions ;\nVU  le d\u00e9cret n\u00b02004-374 du 29 avril 2004 modifi\u00e9, relatif aux pouvoirs des pr\u00e9fets, \u00e0  \nl'organisation et \u00e0 l'action des services de l'\u00c9tat dans les r\u00e9gions et les d\u00e9partements ;\nVU  le d\u00e9cret n\u00b02005-1499 du 5 d\u00e9cembre 2005 relatif \u00e0 la consistance du r\u00e9seau routier  \nnational (rectificatif France enti\u00e8re) ;\nVU le d\u00e9cret du 10 octobre 2024 nommant Paul MOURIER, pr\u00e9fet de la r\u00e9gion Bourgogne-\nFranche-Comt\u00e9, pr\u00e9fet de la C\u00f4te-d'Or ;\nVU le d\u00e9cret du 12 mars 2025 portant nomination de M. Pierre-Edouard COLLIEX, pr\u00e9fet  \ndu Jura ;\nVU l'Arr\u00eat\u00e9  Interminist\u00e9riel  du  24  novembre  1967  modifi\u00e9  relatif  \u00e0  la  signalisation  des \nroutes et autoroutes ;\nDirection d\u00e9partementale des territoires de la C\u00f4te-d'Or\n57 rue de Mulhouse- BP 53317 - 21033 DIJON cedex\nt\u00e9l : 03 80 29 44 44 \u2013 Courriel : ddt@cote-dor.gouv.fr\nDirection d\u00e9partementale des territoires de la C\u00f4te-d'Or - 21-2025-10-13-00003 - A36 1502 20251013 RAA Modif AP\nInterpr\u00e9fectoral21-39Grenaillage 100\n2\nVU l'arr\u00eat\u00e9 pr\u00e9fectoral n\u00b0 612 du 20 ao\u00fbt 2019 portant r\u00e9glementation permanente de la  \ncirculation pour l'exploitation des chantiers courants sur les autoroutes conc\u00e9d\u00e9es \u00e0 APRR  \ndans le d\u00e9partement de la C\u00f4te-d'Or ;\nVU l'arr\u00eat\u00e9 permanent n\u00b0 2019-04-17-001 du 17 avril 2019 portant r\u00e9glementation de la  \ncirculation au droit des chantiers courants sur les sections des autoroutes situ\u00e9es dans le  \nd\u00e9partement du Jura ;\nVU l'arr\u00eat\u00e9 pr\u00e9fectoral n\u00b0 507 du 28 mars 2025 donnant d\u00e9l\u00e9gation de signature \u00e0 Madame \nManuelle DUPUY, Directrice D\u00e9partementale des Territoires ;\nVU l'arr\u00eat\u00e9 pr\u00e9fectoral n\u00b0 1333 du 28 ao\u00fbt 2025 portant subd\u00e9l\u00e9gation de signature aux  \nagents de la Direction D\u00e9partementale des Territoires de la C\u00f4te-d'Or ;\nVU l'arr\u00eat\u00e9 pr\u00e9fectoral n\u00b0 2025-03-31-001 du 31 mars 2025 portant d\u00e9l\u00e9gation de signature  \n\u00e0 Monsieur Nicolas FOURRIER, directeur d\u00e9partemental des territoires du Jura ;\nVU la note technique du 14 avril 2016 du Minist\u00e8re de l'Environnement de l'\u00c9nergie et de la \nMer, relative \u00e0 la coordination des chantiers sur le r\u00e9seau national ;\nVU la note du 23 janvier 2025 du Minist\u00e8re de l'Am\u00e9nagement du Territoire et de la  \nD\u00e9centralisation,  Minist\u00e8re  charg\u00e9  des  Transports,  fixant  le  calendrier  des  jours  hors \nchantiers pour l'ann\u00e9e 2025 ;\nVU  la  demande  en  date  du  3  octobre  2025  de  Monsieur  le  Directeur  d'exploitation \nd'APRR ;\nVU l'arr\u00eat\u00e9 n\u00b0 1472 du 3 octobre 2025 portant r\u00e9glementation temporaire de la circulation\n\u00e0 l'occasion de travaux de grenaillage au niveau de l'\u00e9changeur A36/A39 et du diffuseur de \nDole sur l'autoroute A36 ;\nCONSID\u00c9RANT que  le  chantier  ne  remplit  pas  l'une  ou  plusieurs  des  conditions \ncaract\u00e9ristiques des chantiers courants au sens de la note technique du 14 avril 2016  \nrelative \u00e0 la coordination des chantiers sur le r\u00e9seau routier national et qu'il est donc class\u00e9 \nen \u00ab chantier non courant \u00bb ;\nCONSID\u00c9RANT  qu'il y a lieu d'assurer la s\u00e9curit\u00e9 et la protection des usagers, des agents  \nd'APRR et des entreprises charg\u00e9es de l'ex\u00e9cution des travaux et de r\u00e9duire, autant que  \npossible, les entraves \u00e0 la circulation provoqu\u00e9es par les travaux ;\nSUR proposition de Madame la Directrice D\u00e9partementale des Territoires de la C\u00f4te-d'Or  \net de Monsieur le Directeur D\u00e9partemental des Territoires du Jura ;\nARR\u00caTENT\nArticle 1  er     : Objet  \nL'article n\u00b0 2 de l'arr\u00eat\u00e9 n\u00b0 1472 du 3 octobre 2025 portant r\u00e9glementation temporaire de  \nla circulation \u00e0 l'occasion de travaux de grenaillage au niveau de l'\u00e9changeur A36/A39 et du \ndiffuseur de Dole sur l'autoroute A36 est modifi\u00e9 comme suit :\nDirection d\u00e9partementale des territoires de la C\u00f4te-d'Or\n57 rue de Mulhouse- BP 53317 - 21033 DIJON cedex\nt\u00e9l : 03 80 29 44 44 \u2013 Courriel : ddt@cote-dor.gouv.fr\nDirection d\u00e9partementale des territoires de la C\u00f4te-d'Or - 21-2025-10-13-00003 - A36 1502 20251013 RAA Modif AP\nInterpr\u00e9fectoral21-39Grenaillage 101\n3\nLe chantier est class\u00e9 en \u00ab chantier non courant \u00bb en raison de :\n\u2022 la d\u00e9rogation \u00e0 l'article 6 de l'arr\u00eat\u00e9 permanent relatif aux d\u00e9viations sur le r\u00e9seau  \nsecondaire,\n\u2022 la d\u00e9rogation \u00e0 l'article 9 de l'arr\u00eat\u00e9 permanent relatif au d\u00e9bit pr\u00e9visible par voie  \nlaiss\u00e9e libre \u00e0 la circulation,\n\u2022 la d\u00e9rogation \u00e0 l'article 12 de l'arr\u00eat\u00e9 permanent relatif  \u00e0 l'inter distance entre ce  \nchantier et un autre chantier  :  afin de permettre la r\u00e9alisation concomitante des  \ntravaux, objet du pr\u00e9sent arr\u00eat\u00e9 et d'autres chantiers de r\u00e9paration et d'entretien,  \ncourant ou non courant, ne laissant libre que deux ou une voie de circulation,  \nl'inter-distance  peut  \u00eatre  inf\u00e9rieure  \u00e0  la  r\u00e9glementation  en  vigueur,  sans  pour \nautant \u00eatre inf\u00e9rieure \u00e0 3 kilom\u00e8tres.\nArticle 2     : Mesures d'information des usagers  \nDes mesures d'information des usagers seront prises par le canal :\n- de messages sur les Panneaux \u00e0 Messages Variables (PMV) situ\u00e9s en section courante de \nl'autoroute,\n- de messages sur Panneaux \u00e0 Messages Variables Avanc\u00e9s (PMVA) situ\u00e9s en entr\u00e9e des  \ngares de p\u00e9age,\n- de messages sur \u00ab Autoroute Info 107 .7 \u00bb,\n- du service d'information vocale autoroutier,\n- du site internet www.aprr.fr, et la lettre d'information \"planning+\".\nArticle 3     : Mesures d'information des services de l'Etat  \nLes Directions D\u00e9partementales des Territoires de la C\u00f4te-d'Or et du Jura devront \u00eatre  \naverties \u00e0 l'avance de la mise en place ou du report et en temps r\u00e9el de la fin des mesures  \nd'exploitation,  ainsi  qu'en  cas  d'\u00e9v\u00e9nement  entra\u00eenant  une  g\u00eane  importante  \u00e0  la \ncirculation, particuli\u00e8rement en cas d'application du Plan de Gestion de Trafic, et des  \nmesures prises \u00e0 cet effet.\nArticle 4 : Signalisation temporaire\nLa  signalisation  des  dispositifs  de  contr\u00f4le  mis  en  place  devra  \u00eatre  conforme  aux \nprescriptions r\u00e9glementaires, en particulier \u00e0 celles de l'Instruction Interminist\u00e9rielle sur la  \nSignalisation  Routi\u00e8re  (8\u00e8me  partie  Signalisation  Temporaire)  ainsi  qu'aux  guides \ntechniques du SETRA subs\u00e9quents :\n- Routes \u00e0 chauss\u00e9es s\u00e9par\u00e9es \u2013 Manuel du Chef de Chantier\n- Choix d'un mode d'exploitation.\nLes forces de l'ordre seront pr\u00e9sentes pour accompagner les agents d'APRR afin de faire  \nrespecter les mesures de police n\u00e9cessaires \u00e0 la mise en place des balisages et signalisa -\ntions temporaires.\nToutefois,  dans  l'hypoth\u00e8se  o\u00f9,  une  fois  requises,  les  forces  de  l'ordre,  seraient  dans \nl'impossibilit\u00e9 d'\u00eatre pr\u00e9sentes, les agents d'APRR seront autoris\u00e9s \u00e0 r\u00e9aliser seuls ces  \nop\u00e9rations.\nDirection d\u00e9partementale des territoires de la C\u00f4te-d'Or\n57 rue de Mulhouse- BP 53317 - 21033 DIJON cedex\nt\u00e9l : 03 80 29 44 44 \u2013 Courriel : ddt@cote-dor.gouv.fr\nDirection d\u00e9partementale des territoires de la C\u00f4te-d'Or - 21-2025-10-13-00003 - A36 1502 20251013 RAA Modif AP\nInterpr\u00e9fectoral21-39Grenaillage 102\n4\nArticle 5     : Recours  \nLe pr\u00e9sent arr\u00eat\u00e9 peut faire l'objet d'un recours gracieux aupr\u00e8s du pr\u00e9fet et/ou d'un  \nrecours contentieux devant le tribunal administratif dans un d\u00e9lai de 2 mois \u00e0 compter de  \nsa notification.\nLe tribunal administratif peut \u00eatre saisi par un recours d\u00e9pos\u00e9 via l'application T\u00e9l\u00e9recours  \ncitoyens accessible par le site internet www.telerecours.fr \u00bb.\nArticle 6     : Ex\u00e9cution  \n-  La Directrice de Cabinet du pr\u00e9fet de la C\u00f4te-d'Or,\n-  Le Directeur de Cabinet du pr\u00e9fet du Jura,\n- Le Commandant de la R\u00e9gion de Gendarmerie de Bourgogne-Franche-Comt\u00e9 et des  \nGroupements de la C\u00f4te-d'Or et du Jura,\n-  Le Directeur d'exploitation d'APRR,\nsont charg\u00e9s, chacun en ce qui le concerne, de l'ex\u00e9cution du pr\u00e9sent arr\u00eat\u00e9.\nLe pr\u00e9sent arr\u00eat\u00e9 sera publi\u00e9 au recueil des actes administratifs de la Pr\u00e9fecture de C\u00f4te-\nd'Or et du Jura.\nUne copie du pr\u00e9sent arr\u00eat\u00e9 sera adress\u00e9e pour information :\n- au Directeur G\u00e9n\u00e9ral des Infrastructures des Transports et de la Mer des MATTE,\n- au Directeur D\u00e9partemental des Services d'Incendie et de Secours de la C\u00f4te-d'Or et du  \nJura,\n- aux Conseils D\u00e9partementaux de la C\u00f4te-d'Or et du Jura,\n- aux communes de Choisey, Authume, Foucherans et Dole.\nFait \u00e0 Dijon, le 13 octobre 2025\nLe pr\u00e9fet de la C\u00f4te-d'Or,\nPour le pr\u00e9fet et par d\u00e9l\u00e9gation,\nLa directrice d\u00e9partementale\n des territoires,\nSIGN\u00c9\nManuelle DUPUY\nFait \u00e0 Lons le Saunier, le 13 octobre 2025\nLe Pr\u00e9fet du Jura,\nPour le pr\u00e9fet et par d\u00e9l\u00e9gation,\nLe directeur d\u00e9partemental des territoires \ndu Jura,\nSIGN\u00c9\nNicolas FOURRIER\nDirection d\u00e9partementale des territoires de la C\u00f4te-d'Or\n57 rue de Mulhouse- BP 53317 - 21033 DIJON cedex\nt\u00e9l : 03 80 29 44 44 \u2013 Courriel : ddt@cote-dor.gouv.fr\nDirection d\u00e9partementale des territoires de la C\u00f4te-d'Or - 21-2025-10-13-00003 - A36 1502 20251013 RAA Modif AP\nInterpr\u00e9fectoral21-39Grenaillage 103\nPr\u00e9fecture de la C\u00f4te-d'Or\nCabinet\n21-2025-10-16-00003\nAP accordant une d\u00e9rogation \u00e0 la SNCF pour\nl'utilisation d'a\u00e9ronefs t\u00e9l\u00e9pilot\u00e9s sans \u00e9quipage\n\u00e0 bord pour des missions op\u00e9rationnelles non\nprogrammables\nPr\u00e9fecture de la C\u00f4te-d'Or - 21-2025-10-16-00003 - AP accordant une d\u00e9rogation \u00e0 la SNCF pour l'utilisation d'a\u00e9ronefs t\u00e9l\u00e9pilot\u00e9s sans\n\u00e9quipage \u00e0 bord pour des missions op\u00e9rationnelles non programmables 104\n     \nDIRECTION DES S\u00c9CURIT\u00c9S\nBureau D\u00e9fense et S\u00e9curit\u00e9\nArr\u00eat\u00e9 pr\u00e9fectoral N\u00b0 1550\naccordant une d\u00e9rogation \u00e0 la SNCF pour l'utilisation d'a\u00e9ronefs t\u00e9l\u00e9pilot\u00e9s sans \u00e9quipage \u00e0 bord pour\ndes missions op\u00e9rationnelles non-programmables\nLe Pr\u00e9fet de la C\u00f4te-d'Or\nVU l'annexe IX du r\u00e8glement (UE) 2018/1139 et ses r\u00e8gles d'application ;\nVU le code de l'aviation civile ;\nVU le d\u00e9cret n\u00b02004-374 du 29 avril 2004 modifi\u00e9 relatif aux pouvoirs des pr\u00e9fets, \u00e0 l'organisation et \u00e0\nl'action des services de l'\u00c9tat dans les r\u00e9gions et  d\u00e9partements ;\nVU l'arr\u00eat\u00e9 du 18 mai 2018 relatif aux exigences applicables aux t\u00e9l\u00e9pilotes qui utilisent des a\u00e9ronefs civils\ncirculant sans personne \u00e0 bord \u00e0 des fins autres que le loisir ;\nVU l'arr\u00eat\u00e9 du 03 d\u00e9cembre 2020 relatif \u00e0 la d\u00e9finition des sc\u00e9narios standards nationaux et fixant les\nconditions  applicables  aux  missions  d'a\u00e9ronefs  civils  sans  \u00e9quipage  \u00e0  bord  exclues  du  champ\nd'application du r\u00e8glement (UE) 2018/1139;\nVU l'arr\u00eat\u00e9 du 03 d\u00e9cembre 2020 relatif \u00e0 l'utilisation de l'espace a\u00e9rien par les a\u00e9ronefs sans \u00e9quipage \u00e0\nbord, notamment son article 9 ;\nVU l'arr\u00eat\u00e9 pr\u00e9fectoral N\u00b01010/SG du 02 juillet 2025 donnant d\u00e9l\u00e9gation de signature \u00e0 Madame Aur\u00e9lie\nCONTRECIVILE, sous-pr\u00e9f\u00e8te, directrice de cabinet du pr\u00e9fet de la r\u00e9gion Bourgogne-Franche-Comt\u00e9,\npr\u00e9fet de la C\u00f4te d'Or ;\nVU la demande de d\u00e9rogation \u00e0 l'obligation de d\u00e9claration pr\u00e9alable de vol en zone peupl\u00e9e et \u00e0\nl'interdiction de voler de nuit pr\u00e9sent\u00e9e le 24 septembre 2025 par l'Experte Nationale S\u00fbret\u00e9 Drones et\nLutte anti-drones pour le compte de la SNCF, Direction de la S\u00fbret\u00e9, afin d'assurer ses missions de\npr\u00e9vention de la S\u00fbret\u00e9 Ferroviaire, de jour comme de nuit, \u00e0 une hauteur de vol de 49 m\u00e8tres, dans le\nD\u00e9partement de la C\u00f4te d'Or ;\nVU l'autorisation d'exploitation  n\u00b0 FRA-OAT-2025SNCF001/001  d\u00e9livr\u00e9e \u00e0 la SNCF par la Direction\ng\u00e9n\u00e9rale de l'aviation civile le 17 septembre 2025  ;\nVU l'avis technique favorable de la DSAC, en date du 09 octobre 2024, valable pour toute demande de\nd\u00e9rogation pr\u00e9fectorale pour la r\u00e9alisation de vols de nuit par la SNCF ;\nCONSIDERANT la n\u00e9cessit\u00e9 de mener des missions de surveillance et de lev\u00e9es de doute pour assurer la\ns\u00e9curit\u00e9 des voyageurs sur le r\u00e9seau ferr\u00e9 national ;\nARR\u00caTE\nArticle 1 : -La Direction de la s\u00fbret\u00e9 de la SNCF est autoris\u00e9e \u00e0 d\u00e9roger \u00e0 la r\u00e9glementation concernant\nl'utilisation d'a\u00e9ronefs t\u00e9l\u00e9pilot\u00e9s sans \u00e9quipage \u00e0 bord, pour des prises de vue de jour comme de nuit\ndans  le  d\u00e9partement  de  la  C\u00f4te  d'Or,  exclusivement  dans  le  cadre  de  missions  op\u00e9rationnelles\nd'urgence non programmable, \u00e0 une hauteur de 49 m\u00e8tres maximum , afin d'identifier les dommages\nde ses r\u00e9seaux dus \u00e0 des \u00e9v\u00e8nements climatiques, \u00e0 des d\u00e9gradations ou vols de mat\u00e9riels afin de\npouvoir r\u00e9tablir au plus vite ses services.\nPr\u00e9fecture de la C\u00f4te-d'Or \u2013 Direction des S\u00e9curit\u00e9s - 53, rue de la Pr\u00e9fecture  - 21041 D IJON Cedex\nMel : pref-drone@cote-dor.gouv.fr\nPr\u00e9fecture de la C\u00f4te-d'Or - 21-2025-10-16-00003 - AP accordant une d\u00e9rogation \u00e0 la SNCF pour l'utilisation d'a\u00e9ronefs t\u00e9l\u00e9pilot\u00e9s sans\n\u00e9quipage \u00e0 bord pour des missions op\u00e9rationnelles non programmables 105\nArticle 2 : La pr\u00e9sente d\u00e9rogation prend effet \u00e0 compter de la date du pr\u00e9sent arr\u00eat\u00e9 pour   une dur\u00e9e  \nd'un an.\nArticle 3 : Cette d\u00e9rogation est accord\u00e9e sous r\u00e9serve du strict respect des dispositions des textes\nsusvis\u00e9s et des conditions techniques particuli\u00e8res d\u00e9crites dans l'autorisation d'exploitation n\u00b0 FRA-\nOAT-2025SNCF001/001 mentionn\u00e9e en annexe jointe au pr\u00e9sent arr\u00eat\u00e9.\nLa SNCF doit au pr\u00e9alable obtenir et tenir \u00e0 jour les accords de mise en \u0153uvre avec l'ensemble des\ngestionnaires d'infrastructure a\u00e9ronautiques ou des espaces a\u00e9riens pr\u00e9sents dans la zone de ses\ninterventions, en collaboration le cas \u00e9ch\u00e9ant avec le service de la navigation a\u00e9rienne et l'organisme\ngestionnaire des Arm\u00e9es locaux.\nArticle 4 : Le pr\u00e9avis de cinq jours, pr\u00e9alable \u00e0 tout vol en zone peupl\u00e9e, ne sera pas exig\u00e9 pour ces\nmissions non-programmables. Par ailleurs, il ne sera pas exig\u00e9 d'avertir les mairies puisque l'espace\npublic ne sera pas survol\u00e9.\nArticle 5 : La pr\u00e9sente autorisation est r\u00e9vocable \u00e0 tout moment, en cas de n\u00e9cessit\u00e9 ou de risques\nimpr\u00e9vus pour la s\u00e9curit\u00e9 des personnes ou d'inobservation des r\u00e8gles de s\u00e9curit\u00e9.\nArticle  6 :  La directrice de cabinet du pr\u00e9fet de la r\u00e9gion Bourgogne-Franche-Comt\u00e9, pr\u00e9fet de la\nC\u00f4te-d'Or est charg\u00e9e de l'ex\u00e9cution du pr\u00e9sent arr\u00eat\u00e9 qui sera notifi\u00e9 \u00e0 la direction de la s\u00fbret\u00e9\nferroviaire de la SNCF et dont copie sera adress\u00e9e \u00e0 la direction de la s\u00e9curit\u00e9 de l'aviation civile de\nla zone Est, au directeur interd\u00e9partemental de la police nationale de la C\u00f4te d'Or et au G\u00e9n\u00e9ral\ncommandant la r\u00e9gion de gendarmerie de Bourgogne-Franche-Comt\u00e9 commandant le groupement\nde gendarmerie d\u00e9partementale de la C\u00f4te d'Or.\nFait \u00e0 Dijon, le 16 octobre 2025\nLe pr\u00e9fet,\nPour le pr\u00e9fet et par d\u00e9l\u00e9gation,\nLa sous-pr\u00e9f\u00e8te, directrice de cabinet,\noriginal sign\u00e9\nAur\u00e9lie CONTRECIVILE\n \nD\u00c9LAIS ET VOIES DE RECOURS\nLe pr\u00e9sent arr\u00eat\u00e9 peut \u00eatre contest\u00e9 selon les voies de recours et dans les d\u00e9lais mentionn\u00e9s ci-dessous.\nDans les deux mois \u00e0 compter de la notification de la pr\u00e9sente d\u00e9cision les recours suivants peuvent \u00eatre introduits :\n\uf0b7 un recours gracieux, adress\u00e9 \u00e0 la Pr\u00e9fecture de la C\u00f4te d' Or - Direction des S\u00e9curit\u00e9s - Bureau de la d\u00e9fense et de la s\u00e9curit\u00e9 \u2013 \n53 rue de la pr\u00e9fecture - 21041 Dijon Cedex.\n\uf0b7 un recours hi\u00e9rarchique, adress\u00e9 \u00e0 M. le Ministre de l' Int\u00e9rieur \u2013 Secr\u00e9tariat G\u00e9n\u00e9ral \u2013 Service Central des armes  \u2013 place \nBeauvau 75800 Paris cedex 08\n\uf0b7 un recours contentieux, adress\u00e9 au Tribunal Administratif de Dijon, 22 rue d'Assas BP 61616 - 21016 Dijon Cedex. Le tribunal \nadministratif peut \u00eatre saisi par un recours d\u00e9pos\u00e9 via l'application T\u00e9l\u00e9recours citoyens accessible par le site internet \nwww.t\u00e9l\u00e9recours.fr. Ce recours juridictionnel doit \u00eatre d\u00e9pos\u00e9 au plus tard avant l'expiration du 2e mois suivant la date de \nnotification de la d\u00e9cision contest\u00e9e (ou bien du 2e mois suivant la date du rejet du recours gracieux ou hi\u00e9rarchique).\nPr\u00e9fecture de la C\u00f4te-d'Or - 21-2025-10-16-00003 - AP accordant une d\u00e9rogation \u00e0 la SNCF pour l'utilisation d'a\u00e9ronefs t\u00e9l\u00e9pilot\u00e9s sans\n\u00e9quipage \u00e0 bord pour des missions op\u00e9rationnelles non programmables 106\nPr\u00e9fecture de la C\u00f4te-d'Or\nDirection des Collectivit\u00e9s locales et des\nElections \n21-2025-10-13-00002\nArr\u00eat\u00e9 inter-pr\u00e9fectoral\nn\u00b0PREF/DCL/B3CL/2025/01040 portant\nmodification des statuts du Syndicat des Eaux du\nTonnerrois\nPr\u00e9fecture de la C\u00f4te-d'Or - 21-2025-10-13-00002 - Arr\u00eat\u00e9 inter-pr\u00e9fectoral n\u00b0PREF/DCL/B3CL/2025/01040 portant modification des\nstatuts du Syndicat des Eaux du Tonnerrois 107\nDirection de la Citoyennet\u00e9 et de la L\u00e9galit\u00e9\nBureau du Contr\u00f4le et du Conseil\naux Collectivit\u00e9s Locales\nARR\u00caT\u00c9 INTER-PR\u00c9FECTORAL N\u00b0PREF/DCL/B3CL/2025/01040\nportant modification des statuts du Syndicat des Eaux du Tonnerrois \nLe Pr\u00e9fet de l'Yonne, Le Pr\u00e9fet de la r\u00e9gion Bourgogne-Franche-Comt\u00e9,\nPr\u00e9fet de la C\u00f4te-d'Or\nOfficier de l'ordre national de la L\u00e9gion d'honneur\nChevalier de l'Ordre National du M\u00e9rite\nVU le code g\u00e9n\u00e9ral des collectivit\u00e9s territoriales (CGCT), et notamment ses articles L. 5711-1, L. 5211-20,  \nL. 5212-16 ;\nVU le d\u00e9cret du 16 mars 2022 portant nomination du pr\u00e9fet de l'Yonne, Monsieur Pascal JAN ;\nVU le d\u00e9cret du 10 octobre 2024 portant nomination du pr\u00e9fet de la r\u00e9gion Bourgogne-Franche-\nComt\u00e9, pr\u00e9fet de la C\u00f4te-d'Or, Monsieur Paul MOURIER ;\nVU l'arr\u00eat\u00e9 pr\u00e9fectoral du 15 mai 1990 portant cr\u00e9ation du Syndicat Intercommunal du Tonnerrois ;\nVU l'arr\u00eat\u00e9  pr\u00e9fectoral  n\u00b0PREF/DCPP/SRCL/2013/0465  du  25  novembre  2013  modifi\u00e9,  portant  \ntransformation du Syndicat intercommunal du Tonnerrois en syndicat mixte ferm\u00e9 par adh\u00e9sion du  \nsyndicat intercommunal d'adduction d'eau potable Dy\u00e9-Bernouil et modifications statutaires ;\nVU l'arr\u00eat\u00e9 inter-pr\u00e9fectoral n\u00b0 PREF/DCL/BCL/2020/1256 du 23 d\u00e9cembre 2020 portant transfert au  \nSyndicat des Eaux du Tonnerrois de la mission relative \u00e0 la protection du point de pr\u00e9l\u00e8vement de  \nl'eau de la comp\u00e9tence \u00ab eau \u00bb ;\nVU la d\u00e9lib\u00e9ration n\u00b0 26-2025 du 10 juin 2025 du comit\u00e9 syndical du Syndicat des Eaux du Tonnerrois  \napprouvant les modifications statutaires telles que propos\u00e9es ;\nVU les d\u00e9lib\u00e9rations des conseils municipaux et communautaires des communes et communaut\u00e9s de  \ncommunes membres du Syndicat des Eaux du Tonnerrois ;\nCONSID\u00c9RANT que, par d\u00e9lib\u00e9ration du  10 juin 2025 , le comit\u00e9 syndical du Syndicat des Eaux du  \nTonnerrois a approuv\u00e9 la modification des statuts propos\u00e9e ;\nCONSID\u00c9RANT que cette d\u00e9lib\u00e9ration a \u00e9t\u00e9 notifi\u00e9e \u00e0 l'ensemble des membres du Syndicat des Eaux  \ndu Tonnerrois qui disposaient d'un d\u00e9lai de trois mois pour se prononcer \u00e0 leur tour sur ce transfert de  \ncomp\u00e9tence ;\nCONSID\u00c9RANT qu'\u00e0 d\u00e9faut de d\u00e9lib\u00e9ration dans ce d\u00e9lai, la d\u00e9cision du conseil municipal est r\u00e9put\u00e9e  \nfavorable ;\n1/2\nPr\u00e9fecture de la C\u00f4te-d'Or - 21-2025-10-13-00002 - Arr\u00eat\u00e9 inter-pr\u00e9fectoral n\u00b0PREF/DCL/B3CL/2025/01040 portant modification des\nstatuts du Syndicat des Eaux du Tonnerrois 108\nCONSID\u00c9RANT que la majorit\u00e9 requise par l'article L. 5211-20 du CGCT n\u00e9cessite l'accord des deux  \ntiers au moins des organes d\u00e9lib\u00e9rants des membres du syndicat repr\u00e9sentant plus de la moiti\u00e9 de la  \npopulation  totale,  ou  la  moiti\u00e9  au  moins  des  organes  d\u00e9lib\u00e9rants  des  membres  du  syndicat \nrepr\u00e9sentant les deux tiers de la population totale et doit n\u00e9cessairement comprendre les organes  \nd\u00e9lib\u00e9rants  des  communes  ou  des  communaut\u00e9s  de  communes  dont  la  population  est  la  plus \nnombreuse, lorsque celle-ci est sup\u00e9rieure au quart de la population totale concern\u00e9e, ce qui, en  \nl'esp\u00e8ce, est le cas de la Communaut\u00e9 de Communes Le Tonnerrois en Bourgogne ;\nCONSID\u00c9RANT que les conditions de majorit\u00e9 qualifi\u00e9e requise par l'article L.5211-20 du CGCT sont  \natteintes ;\nSUR proposition des secr\u00e9taires g\u00e9n\u00e9raux des pr\u00e9fectures de l'Yonne et de la C\u00f4te-d'Or,\nARR  \u00ca  TENT  \nArticle 1  er   :  Les statuts du Syndicat des Eaux du Tonnerrois figurant en annexe du pr\u00e9sent arr\u00eat\u00e9 se  \nsubstituent \u00e0 ceux ant\u00e9rieurement en vigueur.\nArticle 2 : Le pr\u00e9sent arr\u00eat\u00e9 est susceptible de faire l'objet, dans un d\u00e9lai de deux mois \u00e0 compter de sa \npublication :\n\uf0b7 soit d'un recours gracieux ou hi\u00e9rarchique. L'absence de r\u00e9ponse dans un d\u00e9lai de deux mois  \nfait  na\u00eetre  une  d\u00e9cision  implicite  de  rejet  qui  peut  elle-m\u00eame  \u00eatre  d\u00e9f\u00e9r\u00e9e  au  tribunal \nadministratif dans les deux mois suivants sa notification. Il en est de m\u00eame en cas de d\u00e9cision  \nexplicite de rejet  ;\n\uf0b7 soit d'un recours contentieux devant le tribunal administratif (22 rue d'Assas, 21000 Dijon). Le \ntribunal  administratif  peut  \u00e9galement  \u00eatre  saisi  par  l'application  informatique  T\u00e9l\u00e9recours \naccessible par le site internet www.telerecours.fr.\nArticle 5 : Les secr\u00e9taires g\u00e9n\u00e9raux des pr\u00e9fectures de l'Yonne et de la C\u00f4te-d'Or, les sous-pr\u00e9fets des  \narrondissements  d'Avallon  et  de  Montbard,  la  directrice  r\u00e9gionale  des  finances  publiques  de \nBourgogne-Franche-Comt\u00e9  et  du  d\u00e9partement  de  la  C\u00f4te-d'Or,  la  directrice  d\u00e9partementale  des \nfinances publiques de l'Yonne, les directeurs d\u00e9partementaux des territoires de l'Yonne et de la C\u00f4te  \nd'Or, le pr\u00e9sident du Syndicat des Eaux du Tonnerrois, les maires des communes et les pr\u00e9sidents des  \n\u00e9tablissements publics de coop\u00e9ration intercommunale membres  sont charg\u00e9s, chacun en ce qui le  \nconcerne, de l'ex\u00e9cution du pr\u00e9sent arr\u00eat\u00e9 dont copie leur sera adress\u00e9e, et qui sera publi\u00e9 au recueil  \ndes actes administratifs de l'\u00c9tat dans les d\u00e9partements de l'Yonne et de la C\u00f4te-d'Or.\nFait \u00e0 Auxerre, le 13 octobre 2025\nLe Pr\u00e9fet de l'Yonne,\nOriginal sign\u00e9\nPascal JAN\nLe Pr\u00e9fet de la r\u00e9gion Bourgogne-Franche-Comt\u00e9,,\nPr\u00e9fet de la C\u00f4te d'Or,\nOriginal sign\u00e9\nPaul MOURIER\n2/2\nPr\u00e9fecture de la C\u00f4te-d'Or - 21-2025-10-13-00002 - Arr\u00eat\u00e9 inter-pr\u00e9fectoral n\u00b0PREF/DCL/B3CL/2025/01040 portant modification des\nstatuts du Syndicat des Eaux du Tonnerrois 109\nPr\u00e9fecture de la C\u00f4te-d'Or - 21-2025-10-13-00002 - Arr\u00eat\u00e9 inter-pr\u00e9fectoral n\u00b0PREF/DCL/B3CL/2025/01040 portant modification des\nstatuts du Syndicat des Eaux du Tonnerrois 110\nPr\u00e9fecture de la C\u00f4te-d'Or - 21-2025-10-13-00002 - Arr\u00eat\u00e9 inter-pr\u00e9fectoral n\u00b0PREF/DCL/B3CL/2025/01040 portant modification des\nstatuts du Syndicat des Eaux du Tonnerrois 111\nPr\u00e9fecture de la C\u00f4te-d'Or - 21-2025-10-13-00002 - Arr\u00eat\u00e9 inter-pr\u00e9fectoral n\u00b0PREF/DCL/B3CL/2025/01040 portant modification des\nstatuts du Syndicat des Eaux du Tonnerrois 112\nPr\u00e9fecture de la C\u00f4te-d'Or - 21-2025-10-13-00002 - Arr\u00eat\u00e9 inter-pr\u00e9fectoral n\u00b0PREF/DCL/B3CL/2025/01040 portant modification des\nstatuts du Syndicat des Eaux du Tonnerrois 113\nPr\u00e9fecture de la C\u00f4te-d'Or - 21-2025-10-13-00002 - Arr\u00eat\u00e9 inter-pr\u00e9fectoral n\u00b0PREF/DCL/B3CL/2025/01040 portant modification des\nstatuts du Syndicat des Eaux du Tonnerrois 114\nPr\u00e9fecture de la C\u00f4te-d'Or - 21-2025-10-13-00002 - Arr\u00eat\u00e9 inter-pr\u00e9fectoral n\u00b0PREF/DCL/B3CL/2025/01040 portant modification des\nstatuts du Syndicat des Eaux du Tonnerrois 115\nPr\u00e9fecture de la C\u00f4te-d'Or - 21-2025-10-13-00002 - Arr\u00eat\u00e9 inter-pr\u00e9fectoral n\u00b0PREF/DCL/B3CL/2025/01040 portant modification des\nstatuts du Syndicat des Eaux du Tonnerrois 116\nPr\u00e9fecture de la C\u00f4te-d'Or - 21-2025-10-13-00002 - Arr\u00eat\u00e9 inter-pr\u00e9fectoral n\u00b0PREF/DCL/B3CL/2025/01040 portant modification des\nstatuts du Syndicat des Eaux du Tonnerrois 117\nPr\u00e9fecture de la C\u00f4te-d'Or\nDirection des s\u00e9curit\u00e9s\n21-2025-10-16-00004\nArr\u00eat\u00e9 pr\u00e9fectoral N\u00b01551 portant interdiction\nde rassemblements festifs \u00e0 caract\u00e8re musical et\ninterdiction de circulation\nde tout v\u00e9hicule transportant du mat\u00e9riel de son\n\u00e0 destination d'un rassemblement festif\n\u00e0 caract\u00e8re musical non autoris\u00e9\nPr\u00e9fecture de la C\u00f4te-d'Or - 21-2025-10-16-00004 - Arr\u00eat\u00e9 pr\u00e9fectoral N\u00b01551 portant interdiction de rassemblements festifs \u00e0\ncaract\u00e8re musical et interdiction de circulation\nde tout v\u00e9hicule transportant du mat\u00e9riel de son \u00e0 destination d'un rassemblement festif\n\u00e0 caract\u00e8re musical non autoris\u00e9\n118\nDirection des s\u00e9curit\u00e9s\nBureau d\u00e9fense et s\u00e9curit\u00e9\nArr\u00eat\u00e9 pr\u00e9fectoral N\u00b01551\nportant interdiction de rassemblements festifs \u00e0 caract\u00e8re musical et interdiction de circulation\nde tout v\u00e9hicule transportant du mat\u00e9riel de son \u00e0 destination d'un rassemblement festif\n\u00e0 caract\u00e8re musical non autoris\u00e9\nLe pr\u00e9fet de la C\u00f4te-d'Or\nVU le code de la s\u00e9curit\u00e9 int\u00e9rieure, notamment ses articles L. 211-5 et suivants, R. 211-2 et suivants et  \nR. 211-27 et suivants ;\nVU le code g\u00e9n\u00e9ral des collectivit\u00e9s territoriales, notamment l'article L. 2215-1 ;\nVU le code p\u00e9nal ;\nVU le code de la route ;\nVU le code de la voirie routi\u00e8re ;\nVU le d\u00e9cret n\u00b02004-374 du 29 avril 2004 modifi\u00e9 relatif aux pouvoirs des pr\u00e9fets, \u00e0 l'organisation et \u00e0  \nl'action des services de l'\u00c9tat dans les r\u00e9gions et d\u00e9partements ;\nVU l'arr\u00eat\u00e9 pr\u00e9fectoral n\u00b01010/SG du 2 juillet 2025 donnant d\u00e9l\u00e9gation de signature \u00e0 madame Aur\u00e9lie  \nCONTRECIVILE, sous-pr\u00e9f\u00e8te, directrice de cabinet du pr\u00e9fet de la r\u00e9gion Bourgogne-Franche-Comt\u00e9,  \npr\u00e9fet de la C\u00f4te-d'Or ;\nCONSID\u00c9RANT que  des  organisateurs  pr\u00e9voient  r\u00e9guli\u00e8rement  des  \u00ab  free-party \u00bb  pouvant  regrouper \nplusieurs centaines de participants dans le d\u00e9partement de la C\u00f4te-d'Or  ; qu'\u00e0 titre d'exemples, de tels  \nrassemblements ont eu lieu ou ont tent\u00e9 de se tenir le 28 septembre 2024 \u00e0 C\u00eeteaux, le 26 octobre 2024  \n\u00e0  Semezanges,  le  9  novembre  2024  \u00e0  Meloisey,  le  16  novembre  2024  \u00e0  Perrigny-sur-l'Ognon,  le  29  \nnovembre 2024 \u00e0 Mavilly-Mandelot, le 22 mars 2025 \u00e0 Bagnot, le 16 mai 2025 \u00e0 Aubigny-les-Sombernon  \net le 13 juin 2025 \u00e0 Broin ;\nCONSID\u00c9RANT que,  selon  les  \u00e9l\u00e9ments  d'information  disponibles,  des  rassemblements  festifs  \u00e0  \ncaract\u00e8re musical r\u00e9pondant \u00e0 l'ensemble des caract\u00e9ristiques \u00e9nonc\u00e9es par les dispositions de l'article  \nR. 211-2 du code de la s\u00e9curit\u00e9 int\u00e9rieure, pouvant regrouper plusieurs centaines de participant s, sont  \nsusceptibles d'\u00eatre organis\u00e9s dans le d\u00e9partement de la C\u00f4te-d'Or le week-end du vendredi 17 octobre  \nau dimanche 19 octobre 2025 inclus  ; qu'un appel \u00e0 rassemblement de type F ree Party a \u00e9t\u00e9 d\u00e9tect\u00e9 sur  \nles r\u00e9seaux laissant craindre qu'un \u00e9v\u00e9nement d'ampleur pourrait se tenir sur le d\u00e9partement de la C\u00f4te-\nd'Or ;\nCONSID\u00c9RANT qu'en application des dispositions de l'article L. 211-5 du code de la s\u00e9curit\u00e9 int\u00e9rieure,  \nce  type  de  rassemblement  est  soumis  \u00e0  l'obligation  de  d\u00e9claration  pr\u00e9alable  aupr\u00e8s  du  pr\u00e9fet  de  \nd\u00e9partement,  pr\u00e9cisant  le  nombre  pr\u00e9visible  de  participants  ainsi  que  les  mesures  envisag\u00e9es  par  \nl'organisateur pour garantir la s\u00e9curit\u00e9, la salubrit\u00e9, l'hygi\u00e8ne et la tranquillit\u00e9 publiques ;\nCONSID\u00c9RANT qu'aucune d\u00e9claration pr\u00e9alable n'a \u00e9t\u00e9 d\u00e9pos\u00e9e aupr\u00e8s du pr\u00e9fet de la C\u00f4te-d'Or  ; que \nl'organisateur n'est pas identifi\u00e9 e t que les terrains sur lesquels sont susceptibles de se d\u00e9rouler ces  \nrassemblements ne sont pas connus ;\nPr\u00e9fecture de la C\u00f4te-d'Or - 21-2025-10-16-00004 - Arr\u00eat\u00e9 pr\u00e9fectoral N\u00b01551 portant interdiction de rassemblements festifs \u00e0\ncaract\u00e8re musical et interdiction de circulation\nde tout v\u00e9hicule transportant du mat\u00e9riel de son \u00e0 destination d'un rassemblement festif\n\u00e0 caract\u00e8re musical non autoris\u00e9\n119\nCONSID\u00c9RANT que ce type de rassemblement regroupant un grand nombre de participants peut  \nprovoquer des troubles \u00e0 l'ordre public qu'ils soient li\u00e9s \u00e0 l'augmentation du risque de conduite sous  \nl'emprise  d'alcool  ou  de  stup\u00e9fiants  ou  encore  \u00e0  la  g\u00eane  occasionn\u00e9e  par  le  niveau  sonore  \nextr\u00eamement \u00e9lev\u00e9 de la musique diffus\u00e9e ; que les moyens appropri\u00e9s en mati\u00e8re de lutte contre  \nl'incendie et de secours aux personnes, ainsi qu'en mati\u00e8re de s\u00e9curit\u00e9 sanitaire et routi\u00e8re ne peuvent  \n\u00eatre r\u00e9unis ;\nCONSID\u00c9RANT que dans ces circonstances, ces rassemblements sont de nature \u00e0 provoquer des  \ntroubles graves \u00e0 l'ordre public  ; que leur interdiction, qui est strictement n\u00e9cessaire et proportionn\u00e9e  \naux objectifs poursuivis, est seule de nature \u00e0 pr\u00e9venir efficacement ces troubles ;\nCONSID\u00c9RANT qu'en  l'absence  d'identification  du  lieu  g\u00e9ographique  susceptible  d'accueillir  les  \nrassemblements festifs \u00e0 caract\u00e8re musical envisag\u00e9s, et afin de donner un effet utile \u00e0 l'interdiction, il  \ny  a  lieu  d'interdire,  sauf  motif  l\u00e9gitime,  la  circulation  des  v\u00e9hicules  transportant  du  mat\u00e9riel  de  \nsonorisation sur l'ensemble des r\u00e9seaux routiers du d\u00e9partement de la C\u00f4te-d'Or ;\nSUR proposition de madame la directrice de cabinet du pr\u00e9fet de la r\u00e9gion Bourgogne-Franche-Comt\u00e9, \npr\u00e9fet de la C\u00f4te-d'Or,\nARR\u00caTE\nArticle  1er :  Les  rassemblements  festifs  \u00e0  caract\u00e8re  musical  r\u00e9pondant  \u00e0  l'ensemble  des  \ncaract\u00e9ristiques  \u00e9nonc\u00e9es  \u00e0  l'article  R.  211-2  du  code  de  la  s\u00e9curit\u00e9  int\u00e9rieure,  autres  que  ceux  \nl\u00e9galement  d\u00e9clar\u00e9s ou autoris\u00e9s, sont interdits sur l'ensemble du d\u00e9partement de la C\u00f4te-d'Or du  \nvendredi 17 octobre 2025 \u00e0 16h00 au lundi 20 octobre 2025 \u00e0 08h00.\nArticle  2 :  La  circulation  de  tout  v\u00e9hicule  transportant  du  mat\u00e9riel  de  sonorisation  (notamment  \n\u00ab sound system  \u00bb et amplificateurs) \u00e0 destination d'un rassemblement festif \u00e0 caract\u00e8re musical non  \nautoris\u00e9 est interdite sur l'ensemble des r\u00e9seaux routiers du d\u00e9partement de la C\u00f4te-d'Or du vendredi \n17 octobre 2025 \u00e0 16h00 au lundi 20 octobre 2025 \u00e0 08h00.\nArticle 3 : Toute infraction au pr\u00e9sent arr\u00eat\u00e9 est passible des sanctions pr\u00e9vues par l'article R. 211-27  \ndu code de la s\u00e9curit\u00e9 int\u00e9rieure et peut donner lieu \u00e0 la saisie du mat\u00e9riel en vue de sa confiscation  \npar le tribunal.\nArticle 4 : Le secr\u00e9taire g\u00e9n\u00e9ral de la pr\u00e9fecture de la C\u00f4te-d'Or, la directrice de cabinet du pr\u00e9fet de  \nla r\u00e9gion Bourgogne-Franche-Comt\u00e9, pr\u00e9fet de la C\u00f4te-d'Or, le G\u00e9n\u00e9ral, commandant la r\u00e9gion de  \ngendarmerie  de  Bourgogne-Franche-Comt\u00e9,  commandant  le  groupement  de  gendarmerie  \nd\u00e9partementale de la C\u00f4te-d'Or et le directeur interd\u00e9partemental de la police nationale de la C\u00f4te-\nd'Or sont charg\u00e9s, chacun en ce qui le concerne, de l'ex\u00e9cution du pr\u00e9sent arr\u00eat\u00e9 qui sera publi\u00e9 au  \nrecueil des actes administratifs de la pr\u00e9fecture, et adress\u00e9 pour copie \u00e0 monsieur le procureur de la  \nR\u00e9publique pr\u00e8s le tribunal judiciaire de Dijon.\nFait \u00e0 Dijon, le 16 octobre 2025\nLe pr\u00e9fet,\nPour le pr\u00e9fet et par d\u00e9l\u00e9gation,\nLa sous-pr\u00e9f\u00e8te, directrice de cabinet,\noriginal sign\u00e9\nAur\u00e9lie CONTRECIVILE\nD\u00e9lais et voies de recours     :  \nLe pr\u00e9sent arr\u00eat\u00e9 peut faire l'objet, dans un d\u00e9lai de deux mois \u00e0 compter de sa publication :\n- Soit d'un recours gracieux devant le pr\u00e9fet de la C\u00f4te-d'Or ou d'un recours hi\u00e9rarchique aupr\u00e8s du Ministre de l'int\u00e9rieur.\n- Soit d'un recours contentieux devant le tribunal administratif de Dijon (22 Rue d'Assas, 21000 Dijon). La juridiction administrative  \ncomp\u00e9tente peut \u00eatre saisie par l'application T\u00e9l\u00e9recours citoyens, accessible \u00e0 partir du site www.telerecours.fr.\nDans le cas du rejet d'un recours gracieux ou hi\u00e9rarchique, le tribunal administratif peut \u00eatre saisi dans un d\u00e9lai de deux mois \u00e0 compter  \nde la date de la d\u00e9cision de rejet.\nPr\u00e9fecture de la C\u00f4te-d'Or - 21-2025-10-16-00004 - Arr\u00eat\u00e9 pr\u00e9fectoral N\u00b01551 portant interdiction de rassemblements festifs \u00e0\ncaract\u00e8re musical et interdiction de circulation\nde tout v\u00e9hicule transportant du mat\u00e9riel de son \u00e0 destination d'un rassemblement festif\n\u00e0 caract\u00e8re musical non autoris\u00e9\n120\nPr\u00e9fecture de la C\u00f4te-d'Or\nDirection des s\u00e9curit\u00e9s\n21-2025-10-16-00002\nListe des syst\u00e8mes de vid\u00e9oprotection autoris\u00e9s\n\u00e0 la suite de la commission d\u00e9partementale du 3\noctobre 2025\nPr\u00e9fecture de la C\u00f4te-d'Or - 21-2025-10-16-00002 - Liste des syst\u00e8mes de vid\u00e9oprotection autoris\u00e9s \u00e0 la suite de la commission\nd\u00e9partementale du 3 octobre 2025 121\nPr\u00e9fecture de la C\u00f4te-d'Or - 21-2025-10-16-00002 - Liste des syst\u00e8mes de vid\u00e9oprotection autoris\u00e9s \u00e0 la suite de la commission\nd\u00e9partementale du 3 octobre 2025 122\nPr\u00e9fecture de la C\u00f4te-d'Or - 21-2025-10-16-00002 - Liste des syst\u00e8mes de vid\u00e9oprotection autoris\u00e9s \u00e0 la suite de la commission\nd\u00e9partementale du 3 octobre 2025 123\nPr\u00e9fecture de la C\u00f4te-d'Or - 21-2025-10-16-00002 - Liste des syst\u00e8mes de vid\u00e9oprotection autoris\u00e9s \u00e0 la suite de la commission\nd\u00e9partementale du 3 octobre 2025 124\nPr\u00e9fecture de la C\u00f4te-d'Or - 21-2025-10-16-00002 - Liste des syst\u00e8mes de vid\u00e9oprotection autoris\u00e9s \u00e0 la suite de la commission\nd\u00e9partementale du 3 octobre 2025 125\nPr\u00e9fecture de la C\u00f4te-d'Or - 21-2025-10-16-00002 - Liste des syst\u00e8mes de vid\u00e9oprotection autoris\u00e9s \u00e0 la suite de la commission\nd\u00e9partementale du 3 octobre 2025 126\nPr\u00e9fecture de la C\u00f4te-d'Or - 21-2025-10-16-00002 - Liste des syst\u00e8mes de vid\u00e9oprotection autoris\u00e9s \u00e0 la suite de la commission\nd\u00e9partementale du 3 octobre 2025 127\nPr\u00e9fecture de la C\u00f4te-d'Or\nP\u00f4le juridique inter-services\n21-2025-10-17-00002\nArr\u00eat\u00e9 pr\u00e9fectoral n\u00b0  1549/SG du 17 octobre\n2025 donnant d\u00e9l\u00e9gation de signature \u00e0 Madame\nC\u00e9line MANELLI, directrice par int\u00e9rim de\nl'immigration et de la nationalit\u00e9 (DIN)\nPr\u00e9fecture de la C\u00f4te-d'Or - 21-2025-10-17-00002 - Arr\u00eat\u00e9 pr\u00e9fectoral n\u00b0  1549/SG du 17 octobre 2025 donnant d\u00e9l\u00e9gation de signature\n\u00e0 Madame C\u00e9line MANELLI, directrice par int\u00e9rim de l'immigration et de la nationalit\u00e9 (DIN) 128\nSECR\u00c9TARIAT G\u00c9N\u00c9RAL\nDirection de la coordination des politiques publiques\net de l'appui territorial\nArr\u00eat\u00e9 pr\u00e9fectoral n\u00b0  1549/SG du 17 octobre 2025\ndonnant d\u00e9l\u00e9gation de signature \u00e0 Madame C\u00e9line MANELLI,\ndirectrice par int\u00e9rim de l'immigration et de la nationalit\u00e9 (DIN)\nLe pr\u00e9fet de la C\u00f4te-d'Or\nVu la loi n\u00b0 82-213 du 2 mars 1982 modifi\u00e9e relative aux droits et libert\u00e9s des communes, des  \nd\u00e9partements et des r\u00e9gions ;\nVu le d\u00e9cret n\u00b0 2004-374 du 29 avril 2004 relatif aux pouvoirs des pr\u00e9fets, \u00e0 l'organisation et \u00e0  \nl'action des services de l'\u00c9tat dans les r\u00e9gions et d\u00e9partements, modifi\u00e9 par le d\u00e9cret n\u00b0 2010-146  \ndu 16 f\u00e9vrier 2010 et par le d\u00e9cret n\u00b0 2010-687 du 24 juin 2010 ;\nVu le d\u00e9cret n\u00b0 2008-158 du 22 f\u00e9vrier 2008 relatif \u00e0 la suppl\u00e9ance des pr\u00e9fets de r\u00e9gion et \u00e0 la  \nd\u00e9l\u00e9gation de signature des pr\u00e9fets et hauts-commissaires de la R\u00e9publique en Polyn\u00e9sie fran\u00e7aise \net en Nouvelle-Cal\u00e9donie ;\nVu le d\u00e9cret n\u00b0 2009-176 du 16 f\u00e9vrier 2009 modifiant le d\u00e9cret n\u00b0 64-805 du 29  juillet 1964 fixant \nles dispositions r\u00e9glementaires applicables aux pr\u00e9fets et le d\u00e9cret n\u00b0  2004-374 du 29 avril 2004  \nrelatif aux pouvoirs des pr\u00e9fets, \u00e0 l'organisation et \u00e0 l'action des services de l'\u00c9tat dans les r\u00e9gions  \net d\u00e9partements ;\nVu le  d\u00e9cret  du  10  octobre  2024  nommant  Monsieur  Paul  MOURIER,  pr\u00e9fet  de  la  r\u00e9gion \nBourgogne-Franche-Comt\u00e9, pr\u00e9fet de la C\u00f4te d'Or ;\nVu l'arr\u00eat\u00e9 pr\u00e9fectoral du 1251/SG du 18 d\u00e9cembre 2020 portant organisation des services de la  \npr\u00e9fecture de la r\u00e9gion Bourgogne-Franche-Comt\u00e9, pr\u00e9fecture du d\u00e9partement de la C\u00f4te d'Or ;\nVu la lettre de mission du 15 octobre 2025 par laquelle Monsieur Denis BRUEL, secr\u00e9taire g\u00e9n\u00e9ral  \nde la pr\u00e9fecture de C\u00f4te d'Or, confie \u00e0 Madame C\u00e9line MANELLI, attach\u00e9e et cheffe du service de  \nl'immigration et de l'int\u00e9gration, la fonction de directrice de l'immigration et de la nationalit\u00e9 par  \nint\u00e9rim \u00e0 compter du 20 octobre 2025     ;\nSur proposition de Monsieur le secr\u00e9taire g\u00e9n\u00e9ral de la pr\u00e9fecture de la C\u00f4te-d'Or ;\n1/8\nPr\u00e9fecture de la C\u00f4te-d'Or - 21-2025-10-17-00002 - Arr\u00eat\u00e9 pr\u00e9fectoral n\u00b0  1549/SG du 17 octobre 2025 donnant d\u00e9l\u00e9gation de signature\n\u00e0 Madame C\u00e9line MANELLI, directrice par int\u00e9rim de l'immigration et de la nationalit\u00e9 (DIN) 129\nARR\u00caTE\nArticle  1 : A compter  du  20  octobre  2025,  d\u00e9l\u00e9gation  de  signature  est  donn\u00e9e  \u00e0  Madame \nC\u00e9line MANELLI , attach\u00e9e , directrice de l'immigration de la nationalit\u00e9 par int\u00e9rim et cheffe du  \nservice de l'immigration et de l'int\u00e9gration, en ce qui concerne :\nI - SERVICE D'IMMIGRATION ET D'INT\u00c9GRATION :\n\u2022 toutes  d\u00e9cisions  relatives  aux  diverses  proc\u00e9dures  d'autorisation  de  s\u00e9jour  en  France,  y \ncompris les refus de s\u00e9jour, et les refus de s\u00e9jour assortis d'une obligation de quitter le  \nterritoire fran\u00e7ais ;\n\u2022 la signature des demandes de laissez-passer consulaires ;\n\u2022 la signature des courriers de saisine adress\u00e9s \u00e0 l'OFPRA (Office fran\u00e7ais de protection des  \nr\u00e9fugi\u00e9s et apatrides) dans le cadre des demandes d'asile pr\u00e9sent\u00e9es par des \u00e9trangers  \nplac\u00e9s en centre de r\u00e9tention administrative ;\n\u2022 les demandes d'escortes pour transf\u00e9rer les \u00e9trangers en situation irr\u00e9guli\u00e8re dans un centre  \nde r\u00e9tention administrative ;\n\u2022 la d\u00e9livrance et le refus de d\u00e9livrance des documents suivants :\n\u2013 cartes de s\u00e9jour  : cartes de s\u00e9jour temporaire, cartes de s\u00e9jour pluriannuelles, cartes de  \nr\u00e9sident, cartes de s\u00e9jour de ressortissant d'un \u00c9tat membre de l'Union europ\u00e9enne ou de  \nl'espace \u00e9conomique europ\u00e9en, certificat de r\u00e9sidence pour les Alg\u00e9riens,\n\u2013 r\u00e9c\u00e9piss\u00e9s de demande de titre de s\u00e9jour\n\u2013 attestations de demandes d'asile ;\n\u2013 autorisations provisoires de s\u00e9jour ;\n\u2013 titres d'identit\u00e9 et de voyage ;\n\u2013 sauf-conduits ;\n\u2013 documents de voyage collectif pour \u00e9trangers mineurs dans le cadre de voyages scolaires ;\n\u2013 documents de circulation pour les mineurs \u00e9trangers \u00e9tablis en France ;\n\u2013 visas de toute nature sur les passeports \u00e9trangers ;\n\u2013 les lettres d'information dans le cadre d'une proc\u00e9dure de r\u00e9admission DUBLIN ainsi que les  \nconvocations DUBLIN et les laissez-passer dans le cadre d'une proc\u00e9dure de r\u00e9admission  \nDUBLIN.\n\u2022 les  saisines  du  juge  des  libert\u00e9s  pour  les  demandes  de prolongation  en  r\u00e9tention \nadministrative ;\n\u2022 les saisines du juge des libert\u00e9s pour les demandes d'autorisation \u00e0 requ\u00e9rir les services de  \npolice  ou  les  unit\u00e9s  de  gendarmerie  pour  qu'ils  visitent  le  domicile  de  l'\u00e9tranger  afin  de \ns'assurer de sa pr\u00e9sence et de le reconduire \u00e0 la fronti\u00e8re sur le fondement de l'article L 561-2  \nII du CESEDA (Code de l'entr\u00e9e et du s\u00e9jour des \u00e9trangers et du droit d'asile) ;\n\u2022 les saisines du juge des libert\u00e9s pour les demandes d'autorisation \u00e0 requ\u00e9rir les services de  \npolice  ou  les  unit\u00e9s  de  gendarmerie  pour  qu'ils  visitent  le  domicile  de  l'\u00e9tranger  afin  de \ns'assurer de sa pr\u00e9sence et de le conduire aupr\u00e8s des autorit\u00e9s consulaires sur le fondement  \nde l'article L 513-5 du CESEDA ;\n\u2022 les mandats sp\u00e9ciaux destin\u00e9s aux repr\u00e9sentants charg\u00e9s de d\u00e9fendre le pr\u00e9fet de C\u00f4te d'Or  \nlors de l'examen, par le juge des libert\u00e9s et de la d\u00e9tention, des demandes de premi\u00e8re , \ndeuxi\u00e8me, troisi\u00e8me et quatri\u00e8me prolongation de la r\u00e9tention administrative ;\n\u2022 les arr\u00eat\u00e9s de mandatement des condamnations p\u00e9cuniaires dues par l'\u00c9tat dans le cadre du  \ncontentieux des \u00e9trangers ;\n\u2022 les observations \u00e9crites adress\u00e9es \u00e0 une juridiction administrative dans le cadre de recours  \ncontentieux trait\u00e9s en proc\u00e9dure orale ;\n\u2022 les observations \u00e9crites adress\u00e9es \u00e0 une juridiction administrative dans le cadre de recours  \ncontentieux trait\u00e9s en proc\u00e9dure \u00e9crite ;\n2/8\nPr\u00e9fecture de la C\u00f4te-d'Or - 21-2025-10-17-00002 - Arr\u00eat\u00e9 pr\u00e9fectoral n\u00b0  1549/SG du 17 octobre 2025 donnant d\u00e9l\u00e9gation de signature\n\u00e0 Madame C\u00e9line MANELLI, directrice par int\u00e9rim de l'immigration et de la nationalit\u00e9 (DIN) 130\n\u2022 les arr\u00eat\u00e9s pr\u00e9fectoraux d'assignation \u00e0 r\u00e9sidence ;\n\u2022 les arr\u00eat\u00e9s pr\u00e9fectoraux portant refus de s\u00e9jour et obligation de quitter le territoire fran\u00e7ais au  \ntitre de l'asile assortie ou non d'un d\u00e9lai de d\u00e9part volontaire et d'une interdiction de retour.\n\u2022\nEn cas d'absence de tout membre du corps pr\u00e9fectoral :\n\u2013 les arr\u00eat\u00e9s de reconduite \u00e0 la fronti\u00e8re, les arr\u00eat\u00e9s de remise d'office,  les Obligations de  \nQuitter  le  Territoire  Fran\u00e7ais  sans  d\u00e9lai  de  d\u00e9part  volontaire,  \u00e9ventuellement  assortis \nd'interdiction de retour, les arr\u00eat\u00e9s portant interdiction de retour seule ou les prolongations  \nd'interdiction de retour, et les arr\u00eat\u00e9s portant maintien en r\u00e9tention administrative ;\n\u2013 les d\u00e9cisions et arr\u00eat\u00e9s fixant le choix du pays de destination des \u00e9trangers faisant l'objet  \nd'une mesure d'\u00e9loignement du territoire fran\u00e7ais.\nII -  PLATEFORME INTERD  \u00c9  PARTEMENTALE DE LA NATURALISATION   :\n-les d\u00e9cisions de classement sans suite en mati\u00e8re de naturalisation et les actes relevant de la \nplateforme interd\u00e9partementale de la naturalisation.\nArticle 2 : En cas d'absence ou d'emp\u00eachement de Madame C\u00e9line MANELLI, la d\u00e9l\u00e9gation qui lui  \nest conf\u00e9r\u00e9e par l'article 1 sera exerc\u00e9e par Madame Anne DELVALLE, attach\u00e9e d'administration de  \nl'\u00c9tat, adjointe \u00e0 la cheffe du service de l'immigration et de l'int\u00e9gration et cheffe du p\u00f4le contentieux.\nEn cas d'absence concomitante de  Madame C\u00e9line MANELLI  et de  Madame Anne DELVALLE , la  \nd\u00e9l\u00e9gation est conf\u00e9r\u00e9e \u00e0 Monsieur Jean-Christophe THUILLIER,  attach\u00e9 d'administration de l'\u00c9tat,  \nresponsable de la plateforme interd\u00e9partementale de la naturalisation.\nEn cas d'absence concomitante de Madame C\u00e9line MANELLI, de Madame Anne DELVALLE et de  \nMonsieur Jean-Christophe THUILLIER, la d\u00e9l\u00e9gation est conf\u00e9r\u00e9e \u00e0 Madame Cateline ZARIC, agent  \ncontractuel  en  contrat  \u00e0  dur\u00e9e  ind\u00e9termin\u00e9e,  adjointe  au  responsable de  la  plateforme  \ninterd\u00e9partementale de la naturalisation.\nArticle 3     :   D\u00e9l\u00e9gation est donn\u00e9e \u00e0 Monsieur Jean-Christophe THUILLIER, attach\u00e9 d'administration \nde l'\u00c9tat, responsable de la plateforme interd\u00e9partementale de la naturalisation pour :\n- les d\u00e9cisions de classement sans suite en mati\u00e8re de naturalisation et les actes relevant de la  \nplateforme interd\u00e9partementale de la naturalisation.\nEn  cas  d'absence  ou  d'emp\u00eachement  de  Monsieur  Jean-Christophe  THUILLIER,  la  d\u00e9l\u00e9gation \nconf\u00e9r\u00e9e au pr\u00e9sent article sera exerc\u00e9e Madame Cateline ZARIC, agent contractuel en contrat \u00e0  \ndur\u00e9e  ind\u00e9termin\u00e9e,  adjointe  au  responsable de  la  plateforme  interd\u00e9partementale  de  la \nnaturalisation.\nEn  cas  d'absence  ou  d'emp\u00eachement  de  Monsieur  Jean-Christophe  THUILLIER  et  de  Madame \nCateline  ZARIC,  la  d\u00e9l\u00e9gation  conf\u00e9r\u00e9e  au  pr\u00e9sent  article  sera  exerc\u00e9e  par  Madame  S\u00e9verine \nGROSSEL, secr\u00e9taire administratif de classe normale.\n3/8\nPr\u00e9fecture de la C\u00f4te-d'Or - 21-2025-10-17-00002 - Arr\u00eat\u00e9 pr\u00e9fectoral n\u00b0  1549/SG du 17 octobre 2025 donnant d\u00e9l\u00e9gation de signature\n\u00e0 Madame C\u00e9line MANELLI, directrice par int\u00e9rim de l'immigration et de la nationalit\u00e9 (DIN) 131\n* D\u00e9l\u00e9gation est donn\u00e9e \u00e0     :  \n\u27a2  Madame Tatiana BOYON, secr\u00e9taire administratif de classe sup\u00e9rieure, Mesdames  \nMa\u00eflis  GAUDILLAT,  Sahar  HASSANI,  secr\u00e9taires  administratifs  de  classe  normale, \nMesdames  Camille  DUPUY  et  Lin  SANDAFI,  Messieurs  Victor  BROSSARD,  N\u00e9o \nMAILLOT  et  Antoine  PORRO,  contractuels  de  longue  dur\u00e9e,  et  Madame  Coline \nSCHLEGEL, agent contractuelle, pour :\n\u2022 les convocations des postulants et des d\u00e9clarants, \n\u2022 les attestations de d\u00e9p\u00f4t et les accus\u00e9s de r\u00e9ception,\n\u2022 les demandes d'enqu\u00eate,\n\u2022 les saisines des TJ et TGI, \n\u2022 les r\u00e9c\u00e9piss\u00e9s, \n\u2022 la conduite d'entretien et les compte-rendus des entretiens d'assimilation de la nationalit\u00e9  \nfran\u00e7aise, \n\u2022 les retours de dossiers incomplets,\n\u2022 les correspondances courantes n'emportant pas de d\u00e9cision.\nArticle 4 : D\u00e9l\u00e9gation de signature est donn\u00e9e \u00e0  Madame C\u00e9line MANELLI , attach\u00e9e, directrice de  \nl'immigration de la nationalit\u00e9 par int\u00e9rim et cheffe du service de l'immigration et de l'int\u00e9gration, en ce  \nqui concerne :\n\u2022 toutes d\u00e9cisions relatives aux diverses proc\u00e9dures d'autorisation de s\u00e9jour et de refus de  \ns\u00e9jour en France ;\n\u2022 la d\u00e9livrance et le refus de d\u00e9livrance des documents suivants :\n\u2013 cartes de s\u00e9jour  : cartes de s\u00e9jour temporaire, cartes de s\u00e9jour pluriannuelles, cartes de  \nr\u00e9sident, cartes de s\u00e9jour de ressortissant d'un \u00c9tat membre de la communaut\u00e9 europ\u00e9enne  \nou de l'Espace \u00c9conomique Europ\u00e9en, certificat de r\u00e9sidence pour les Alg\u00e9riens, carte de  \ns\u00e9jour \u00ab retrait\u00e9 \u00bb ;\n\u2013 r\u00e9c\u00e9piss\u00e9s  de  demande  de  titre  de  s\u00e9jour  et  r\u00e9c\u00e9piss\u00e9s  d\u00e9livr\u00e9s  dans  le  cadre  d'une \ndemande d'asile ;\n\u2013 attestations de demandes d'asile ;\n\u2013 autorisations provisoires de s\u00e9jour ;\n\u2013 titres d'identit\u00e9 et de voyage ;\n\u2013 sauf-conduits ;\n\u2013 documents de voyage collectif pour \u00e9trangers mineurs dans le cadre de voyages scolaires ;\n\u2013 documents de circulation pour les mineurs \u00e9trangers \u00e9tablis en France ;\n\u2013 visas de toute nature sur les passeports \u00e9trangers ;\n\u2013 les lettres d'information dans le cadre d'une proc\u00e9dure de r\u00e9admission DUBLIN ainsi que les  \nconvocations  DUBLIN,  les  lettres  d'information  des  demandeurs  d'asile  maintenus \nprovisoirement au s\u00e9jour ainsi que les laissez-passer dans le cadre d'une proc\u00e9dure de  \nr\u00e9admission DUBLIN.\n\u2022 les refus de prolongation de visa ;\n\u2022 les convocations aux entretiens dans le cadre du contr\u00f4le des cartes de s\u00e9jour pluriannuelles\n\u2022 la signature des demandes de laissez-passer consulaires ;\n\u2022 la signature des courriers de saisine adress\u00e9s \u00e0 l'OFPRA (office fran\u00e7ais de protection des  \nr\u00e9fugi\u00e9s et apatrides) dans le cadre des demandes d'asile pr\u00e9sent\u00e9es par des \u00e9trangers  \nplac\u00e9s en centre de r\u00e9tention administrative ;\n\u2022 les demandes d'escortes pour transf\u00e9rer les \u00e9trangers en situation irr\u00e9guli\u00e8re dans un centre  \nde r\u00e9tention administrative ;\n\u2022 les observations \u00e9crites adress\u00e9es \u00e0 une juridiction administrative dans le cadre de recours  \ncontentieux trait\u00e9s en proc\u00e9dure orale ;\n4/8\nPr\u00e9fecture de la C\u00f4te-d'Or - 21-2025-10-17-00002 - Arr\u00eat\u00e9 pr\u00e9fectoral n\u00b0  1549/SG du 17 octobre 2025 donnant d\u00e9l\u00e9gation de signature\n\u00e0 Madame C\u00e9line MANELLI, directrice par int\u00e9rim de l'immigration et de la nationalit\u00e9 (DIN) 132\n\u2022 les observations \u00e9crites adress\u00e9es \u00e0 une juridiction administrative dans le cadre de recours  \ncontentieux trait\u00e9s en proc\u00e9dure \u00e9crite ;\n\u2022 les saisines du juge des libert\u00e9s et de la d\u00e9tention pour les demandes  de prolongation en  \nr\u00e9tention administrative ;\n\u2022 les saisines du juge des libert\u00e9s et de la d\u00e9tention pour les demandes d'autorisation \u00e0 requ\u00e9rir  \nles services de police ou les unit\u00e9s de gendarmerie pour qu'ils visitent le domicile de l'\u00e9tranger  \nafin de s'assurer de sa pr\u00e9sence et de le reconduire \u00e0 la fronti\u00e8re sur le fondement de l'article  \nL561-2 II du CESEDA ;\n\u2022 les saisines du juge des libert\u00e9s et de la d\u00e9tention pour les demandes d'autorisation \u00e0 requ\u00e9rir  \nles services de police ou les unit\u00e9s de gendarmerie pour qu'ils visitent le domicile de l'\u00e9tranger  \nafin de s'assurer de sa pr\u00e9sence et de le conduire aupr\u00e8s des autorit\u00e9s consulaires sur le  \nfondement de l'article L513-5 du CESEDA ;\n\u2022 les mandats sp\u00e9ciaux destin\u00e9s aux repr\u00e9sentants charg\u00e9s de d\u00e9fendre le pr\u00e9fet de C\u00f4te d'Or  \nlors de l'examen, par le juge des libert\u00e9s et de la d\u00e9tention, des demandes  de premi\u00e8re,  \ndeuxi\u00e8me, troisi\u00e8me et quatri\u00e8me prolongation de la r\u00e9tention administrative ;\n\u2022 les arr\u00eat\u00e9s de mandatement des condamnations p\u00e9cuniaires dues par l'\u00c9tat dans le cadre du  \ncontentieux des \u00e9trangers ;\nEn cas d'absence ou d'emp\u00eachement de Madame C\u00e9line MANELLI, la d\u00e9l\u00e9gation est conf\u00e9r\u00e9e \u00e0  \nMadame Anne DELVALLE , attach\u00e9e, adjointe \u00e0 la cheffe du service immigration et cheffe du p\u00f4le  \ncontentieux.\nEn cas d'absence ou d'emp\u00eachement de Madame C\u00e9line MANELLI et de Madame Anne DELVALLE,  \nla d\u00e9l\u00e9gation est conf\u00e9r\u00e9e \u00e0 Madame Lola PINSONNEAUX, contractuelle longue dur\u00e9e, adjointe \u00e0 la  \ncheffe de p\u00f4le asile \u00e9loignement.\nEn cas d'absence ou d'emp\u00eachement de Madame C\u00e9line MANELLI, de Madame Anne DELVALLE et \nde Mme Lola PINSONNEAUX, la d\u00e9l\u00e9gation est conf\u00e9r\u00e9e \u00e0 Madame Catherine VALENTIN, attach\u00e9e,  \ncheffe du p\u00f4le s\u00e9jour.\nEn cas d'absence ou d'emp\u00eachement de Madame C\u00e9line MANELLI, de Madame Anne DELVALLE, de \nMadame Lola PINSONNEAUX et de Madame Catherine VALENTIN, la d\u00e9l\u00e9gation est conf\u00e9r\u00e9e \u00e0  \nMonsieur Jean-Claude WEBER, attach\u00e9, adjoint au chef du p\u00f4le s\u00e9jour.\n*   Pour le p\u00f4le contentieux des \u00e9trangers, d\u00e9l\u00e9gation est donn\u00e9e \u00e0     :  \nMadame Anne DELVALLE, attach\u00e9e, adjointe \u00e0 la cheffe du service immigration et int\u00e9gration et  \ncheffe du p\u00f4le contentieux des \u00e9trangers, et Monsieur Manuel DA ROCHA, attach\u00e9, pour :\n\u2022 les observations \u00e9crites adress\u00e9es \u00e0 une juridiction administrative dans le cadre de recours  \ncontentieux trait\u00e9s en proc\u00e9dure orale ;\n\u2022 les observations \u00e9crites adress\u00e9es \u00e0 une juridiction administrative dans le cadre de recours  \ncontentieux trait\u00e9s en proc\u00e9dure \u00e9crite ;\n\u2022 les accus\u00e9s de r\u00e9ception des requ\u00eates devant les juridictions administratives\n\u2022 les correspondances courantes n'emportant pas de d\u00e9cision, les lettre-types, les bordereaux  \nd'envoi et t\u00e9l\u00e9copies dans les domaines de l'\u00e9loignement, des r\u00e9admissions et du contentieux.\n* Pour le P\u00f4le S\u00e9jour, d\u00e9l\u00e9gation est donn\u00e9e \u00e0     :  \n\u27a2 Madame  Catherine  VALENTIN,  attach\u00e9e,  Cheffe  du  P\u00f4le  S\u00e9jour,  Monsieur  Jean-\nClaude  WEBER,  attach\u00e9,  adjoint  \u00e0  la  Cheffe  du  p\u00f4le  s\u00e9jour,  et  Mme  Justine \nMICHELET, secr\u00e9taire administrative de classe normale, pour :\n\u2022 les bordereaux d'envoi ;\n\u2022 les correspondances courantes et les lettres-types n'emportant pas d\u00e9cision ;\n\u2022 les titres de voyage ;\n\u2022 les visas de toute nature sur les passeports \u00e9trangers ;\n\u2022 les r\u00e9c\u00e9piss\u00e9s de demandes de titre de s\u00e9jour, les autorisations provisoires de s\u00e9jour \n5/8\nPr\u00e9fecture de la C\u00f4te-d'Or - 21-2025-10-17-00002 - Arr\u00eat\u00e9 pr\u00e9fectoral n\u00b0  1549/SG du 17 octobre 2025 donnant d\u00e9l\u00e9gation de signature\n\u00e0 Madame C\u00e9line MANELLI, directrice par int\u00e9rim de l'immigration et de la nationalit\u00e9 (DIN) 133\n\u2022 la d\u00e9livrance des documents de circulation pour les \u00e9trangers mineurs\n\u2022 la d\u00e9livrance de documents de voyage collectif pour \u00e9trangers mineurs dans le cadre de \nvoyages scolaires ;\n\u2022 les refus de prolongation de visa ;\n\u2022 les premi\u00e8res demandes et les renouvellements de titres de s\u00e9jour ;\n\u2022 les demandes de duplicatas, de changements d'adresse et de modifications de cartes de  \ns\u00e9jour temporaires\n\u2022 les attestations sur l'honneur de communaut\u00e9 de vie (d\u00e9claration par mariage),\n\u2022 les demandes d'enqu\u00eates ;\n\u27a2 Marine BOUDET et A\u00e9lia HERY, secr\u00e9taires administratives, Chlo\u00e9 TALLANDIER et  \nC\u00e9lia MOSA, contractuelles longue dur\u00e9e, pour :\n\u2022 les bordereaux d'envoi\n\u2022 les correspondances courantes et les lettres-types n'emportant pas d\u00e9cision ;\n\u2022 les r\u00e9c\u00e9piss\u00e9s de demande de titre de s\u00e9jour et le renouvellement des r\u00e9c\u00e9piss\u00e9s ;\n\u2022 les demandes d'enqu\u00eates ;\n\u27a2 Marie-Christine DAUDET, adjoint administratif principal 1\u00e8re classe, Emilie LORET-\nMASSON, adjoint administratif, G\u00e9raldine ROLLING, Mathias KASMI-MARTIN, Mil\u00e8ne  \nMARONNAT et Marie GOICHOT, adjoints administratifs principaux 2\u00e8me classe, et  \nSibel  OCZELIK,  Nathalie  FONTANEAU,  Corinne  GREY,  Caroline  NICOLAS,  Ikram \nOULDEI, Robin CAETANO et Elodie MONICHON, agents contractuels :\nles bordereaux d'envoi\nles correspondances courantes et les lettres-types n'emportant pas d\u00e9cision ;\nles attestations sur l'honneur de communaut\u00e9 de vie (d\u00e9claration par mariage),\nles r\u00e9c\u00e9piss\u00e9s de titre de s\u00e9jour ainsi que le renouvellement des r\u00e9c\u00e9piss\u00e9s ;\nles demandes de duplicatas, de changements d'adresse et de modifications de cartes de  \ns\u00e9jour\nles premi\u00e8res demandes et renouvellements de titres de s\u00e9jour pour les cat\u00e9gories de titres  \nrelevant d'un d\u00e9p\u00f4t d\u00e9mat\u00e9rialis\u00e9 dans l'ANEF\n* Pour le P\u00f4le Asile-\u00e9loignement, d\u00e9l\u00e9gation est donn\u00e9e \u00e0     :   \n\u27a2 Madame Lola PINSONNEAUX, contractuelle longue dur\u00e9e, adjointe \u00e0 la cheffe de p\u00f4le  \nasile-\u00e9loignement pour :\n\u27a2 les convocations DUBLIN ;\n\u27a2 les laissez-passer dans le cadre d'une proc\u00e9dure de r\u00e9admission DUBLIN.\n\u27a2 les r\u00e9c\u00e9piss\u00e9s et attestations de demandes d'asile ;\n\u27a2 les bordereaux d'envoi, t\u00e9l\u00e9copies, correspondances courantes et demandes d'avis li\u00e9s \u00e0  \nl'asile,  aux  proc\u00e9dures  de  r\u00e9admission  et  \u00e0  la  reconduite  \u00e0  la  fronti\u00e8re  des  demandeurs \nd'asile ;\n\u27a2 les autorisations provisoires de s\u00e9jour ;\n\u27a2 les demandes de r\u00e9admission d'un \u00e9tranger dans un autre \u00c9tat ;\n\u27a2 les fiches d'information transmises \u00e0 l'OFPRA ;\n\u27a2 les lettres d'information du demandeur d'asile  ;\n\u27a2 les accus\u00e9s de r\u00e9ception des requ\u00eates devant les juridictions administratives ;\n\u27a2 les correspondances courantes n'emportant pas de d\u00e9cision, les lettre-types, les bordereaux  \nd'envoi et t\u00e9l\u00e9copies dans les domaines de l'\u00e9loignement, des r\u00e9admissions et du contentieux ;\n6/8\nPr\u00e9fecture de la C\u00f4te-d'Or - 21-2025-10-17-00002 - Arr\u00eat\u00e9 pr\u00e9fectoral n\u00b0  1549/SG du 17 octobre 2025 donnant d\u00e9l\u00e9gation de signature\n\u00e0 Madame C\u00e9line MANELLI, directrice par int\u00e9rim de l'immigration et de la nationalit\u00e9 (DIN) 134\n\u27a2 la signature des demandes de laissez-passer consulaires ;\n\u27a2 la signature des courriers de saisine adress\u00e9s \u00e0 l'OFPRA (office fran\u00e7ais de protection des  \nr\u00e9fugi\u00e9s et apatrides) dans le cadre des demandes d'asile pr\u00e9sent\u00e9es par des \u00e9trangers  \nplac\u00e9s en centre de r\u00e9tention administrative ;\n\u27a2 les lettres d'information dans le cadre d'une proc\u00e9dure de r\u00e9admission DUBLIN ainsi que les  \nconvocations  DUBLIN,  les  lettres  d'information  des  demandeurs  d'asile  maintenus \nprovisoirement  au  s\u00e9jour  ainsi  que  les  laissez-passer  dans  le  cadre  d'une  proc\u00e9dure  de \nr\u00e9admission DUBLIN.\n\u27a2 les demandes d'escortes pour transf\u00e9rer les \u00e9trangers en situation irr\u00e9guli\u00e8re dans un centre  \nde r\u00e9tention administrative ;\n\u27a2 les saisines du juge des libert\u00e9s et de la d\u00e9tention pour les demandes  de prolongation en  \nr\u00e9tention administrative ;\n\u27a2 les saisines du juge des libert\u00e9s et de la d\u00e9tention pour les demandes d'autorisation \u00e0 requ\u00e9rir  \nles services de police ou les unit\u00e9s de gendarmerie pour qu'ils visitent le domicile de l'\u00e9tranger  \nafin de s'assurer de sa pr\u00e9sence et de le reconduire \u00e0 la fronti\u00e8re sur le fondement de l'article  \nL561-2 II du CESEDA ;\n\u27a2 les saisines du juge des libert\u00e9s et de la d\u00e9tention pour les demandes d'autorisation \u00e0 requ\u00e9rir  \nles services de police ou les unit\u00e9s de gendarmerie pour qu'ils visitent le domicile de l'\u00e9tranger  \nafin de s'assurer de sa pr\u00e9sence et de le conduire aupr\u00e8s des autorit\u00e9s consulaires sur le  \nfondement de l'article L513-5 du CESEDA ;\n\u27a2 les mandats sp\u00e9ciaux destin\u00e9s aux repr\u00e9sentants charg\u00e9s de d\u00e9fendre le pr\u00e9fet de C\u00f4te d'Or  \nlors de l'examen, par le juge des libert\u00e9s et de la d\u00e9tention, des demandes de premi\u00e8re,  \ndeuxi\u00e8me, troisi\u00e8me et quatri\u00e8me prolongation de la r\u00e9tention administrative ;\n\u27a2 les titres internationaux de voyage, les titres de voyage pour r\u00e9fugi\u00e9s et sauf-conduits pour les  \n\u00e9trangers ;\n\u27a2 Mesdames  Corinne  MERCUZOT-TURELLO,  secr\u00e9taire  administrative,  Rachida \nBOUTCHACHA,  secr\u00e9taire  administrative,  et  Marie-Christine  BOUILLOT,  secr\u00e9taire \nadministrative pour :\n\u2022 les convocations DUBLIN ;\n\u2022 les r\u00e9c\u00e9piss\u00e9s et les attestations de demandes d'asile ;\n\u2022 les bordereaux d'envoi, t\u00e9l\u00e9copies, correspondances courantes et demandes d'avis li\u00e9s \u00e0  \nl'asile,  aux  proc\u00e9dures  de  r\u00e9admission  et  \u00e0  la  reconduite  \u00e0  la  fronti\u00e8re  des  demandeurs \nd'asile ;\n\u2022 les demandes de r\u00e9admission d'un \u00e9tranger dans un autre \u00c9tat ;\n\u2022 les fiches d'information transmises \u00e0 l'OFPRA ;\n\u2022 les lettres d'information du demandeur d'asile ;\n\u27a2 Mesdames  Louison  AMBROSIONI,  contractuelle  longue  dur\u00e9e,  Marl\u00e8ne  ALDAYA, \nsecr\u00e9taire  administrative,  Guilaine  SAIZONOU,  secr\u00e9taire  administrative,  Justine \nKAROTSCH, contractuelle longue dur\u00e9e, C\u00e9line THOMAS,  secr\u00e9taire administrative,  \nLyna  AIT  EL  FASSY,  secr\u00e9taire  administrative,  Elleana  SANTANA,  secr\u00e9taire \nadministrative, pour :\n\u2022 les correspondances courantes n'emportant pas de d\u00e9cision, les lettre-types, les bordereaux  \nd'envoi et t\u00e9l\u00e9copies dans les domaines de l'\u00e9loignement et des r\u00e9admissions.\n7/8\nPr\u00e9fecture de la C\u00f4te-d'Or - 21-2025-10-17-00002 - Arr\u00eat\u00e9 pr\u00e9fectoral n\u00b0  1549/SG du 17 octobre 2025 donnant d\u00e9l\u00e9gation de signature\n\u00e0 Madame C\u00e9line MANELLI, directrice par int\u00e9rim de l'immigration et de la nationalit\u00e9 (DIN) 135\nArticle 5 : Le secr\u00e9taire g\u00e9n\u00e9ral de la pr\u00e9fecture de la C\u00f4te d'Or, et les agents b\u00e9n\u00e9ficiaires de la  \nd\u00e9l\u00e9gation de signature, sont charg\u00e9s, chacun pour ce qui le concerne, de l'ex\u00e9cution du pr\u00e9sent  \narr\u00eat\u00e9 qui sera publi\u00e9 au recueil des actes administratifs de la pr\u00e9fecture de la C\u00f4te-d'Or.\nFait \u00e0 Dijon, le 17 octobre 2025\nLe pr\u00e9fet,\nSIGNE\nPaul MOURIER\n8/8\nPr\u00e9fecture de la C\u00f4te-d'Or - 21-2025-10-17-00002 - Arr\u00eat\u00e9 pr\u00e9fectoral n\u00b0  1549/SG du 17 octobre 2025 donnant d\u00e9l\u00e9gation de signature\n\u00e0 Madame C\u00e9line MANELLI, directrice par int\u00e9rim de l'immigration et de la nationalit\u00e9 (DIN) 136\nPr\u00e9fecture de la C\u00f4te-d'Or\nP\u00f4le juridique inter-services\n21-2025-10-17-00001\nArr\u00eat\u00e9 pr\u00e9fectoral N\u00b0 1549  du 17-10-25 donnant\nd\u00e9l\u00e9gation de signature \u00e0 Mme MANELLI C\u00e9line\ndirectrice par Int\u00e9rim de l'immigration et de la\nnationalit\u00e9 (DIN)\nPr\u00e9fecture de la C\u00f4te-d'Or - 21-2025-10-17-00001 - Arr\u00eat\u00e9 pr\u00e9fectoral N\u00b0 1549  du 17-10-25 donnant d\u00e9l\u00e9gation de signature \u00e0 Mme\nMANELLI C\u00e9line directrice par Int\u00e9rim de l'immigration et de la nationalit\u00e9 (DIN) 137\nSECR\u00c9TARIAT G\u00c9N\u00c9RAL\nDirection de la coordination des politiques publiques\net de l'appui territorial\nArr\u00eat\u00e9 pr\u00e9fectoral n\u00b0  1549/SG du 17 octobre 2025\ndonnant d\u00e9l\u00e9gation de signature \u00e0 Madame C\u00e9line MANELLI,\ndirectrice par int\u00e9rim de l'immigration et de la nationalit\u00e9 (DIN)\nLe pr\u00e9fet de la C\u00f4te-d'Or\nVu la loi n\u00b0 82-213 du 2 mars 1982 modifi\u00e9e relative aux droits et libert\u00e9s des communes, des  \nd\u00e9partements et des r\u00e9gions ;\nVu le d\u00e9cret n\u00b0 2004-374 du 29 avril 2004 relatif aux pouvoirs des pr\u00e9fets, \u00e0 l'organisation et \u00e0  \nl'action des services de l'\u00c9tat dans les r\u00e9gions et d\u00e9partements, modifi\u00e9 par le d\u00e9cret n\u00b0 2010-146  \ndu 16 f\u00e9vrier 2010 et par le d\u00e9cret n\u00b0 2010-687 du 24 juin 2010 ;\nVu le d\u00e9cret n\u00b0 2008-158 du 22 f\u00e9vrier 2008 relatif \u00e0 la suppl\u00e9ance des pr\u00e9fets de r\u00e9gion et \u00e0 la  \nd\u00e9l\u00e9gation de signature des pr\u00e9fets et hauts-commissaires de la R\u00e9publique en Polyn\u00e9sie fran\u00e7aise \net en Nouvelle-Cal\u00e9donie ;\nVu le d\u00e9cret n\u00b0 2009-176 du 16 f\u00e9vrier 2009 modifiant le d\u00e9cret n\u00b0 64-805 du 29  juillet 1964 fixant \nles dispositions r\u00e9glementaires applicables aux pr\u00e9fets et le d\u00e9cret n\u00b0  2004-374 du 29 avril 2004  \nrelatif aux pouvoirs des pr\u00e9fets, \u00e0 l'organisation et \u00e0 l'action des services de l'\u00c9tat dans les r\u00e9gions  \net d\u00e9partements ;\nVu le  d\u00e9cret  du  10  octobre  2024  nommant  Monsieur  Paul  MOURIER,  pr\u00e9fet  de  la  r\u00e9gion \nBourgogne-Franche-Comt\u00e9, pr\u00e9fet de la C\u00f4te d'Or ;\nVu l'arr\u00eat\u00e9 pr\u00e9fectoral du 1251/SG du 18 d\u00e9cembre 2020 portant organisation des services de la  \npr\u00e9fecture de la r\u00e9gion Bourgogne-Franche-Comt\u00e9, pr\u00e9fecture du d\u00e9partement de la C\u00f4te d'Or ;\nVu la lettre de mission du 15 octobre 2025 par laquelle Monsieur Denis BRUEL, secr\u00e9taire g\u00e9n\u00e9ral  \nde la pr\u00e9fecture de C\u00f4te d'Or, confie \u00e0 Madame C\u00e9line MANELLI, attach\u00e9e et cheffe du service de  \nl'immigration et de l'int\u00e9gration, la fonction de directrice de l'immigration et de la nationalit\u00e9 par  \nint\u00e9rim \u00e0 compter du 20 octobre 2025     ;\nSur proposition de Monsieur le secr\u00e9taire g\u00e9n\u00e9ral de la pr\u00e9fecture de la C\u00f4te-d'Or ;\n1/8\nPr\u00e9fecture de la C\u00f4te-d'Or - 21-2025-10-17-00001 - Arr\u00eat\u00e9 pr\u00e9fectoral N\u00b0 1549  du 17-10-25 donnant d\u00e9l\u00e9gation de signature \u00e0 Mme\nMANELLI C\u00e9line directrice par Int\u00e9rim de l'immigration et de la nationalit\u00e9 (DIN) 138\nARR\u00caTE\nArticle  1 : A compter  du  20  octobre  2025,  d\u00e9l\u00e9gation  de  signature  est  donn\u00e9e  \u00e0  Madame \nC\u00e9line MANELLI , attach\u00e9e , directrice de l'immigration de la nationalit\u00e9 par int\u00e9rim et cheffe du  \nservice de l'immigration et de l'int\u00e9gration, en ce qui concerne :\nI - SERVICE D'IMMIGRATION ET D'INT\u00c9GRATION :\n\u2022 toutes  d\u00e9cisions  relatives  aux  diverses  proc\u00e9dures  d'autorisation  de  s\u00e9jour  en  France,  y \ncompris les refus de s\u00e9jour, et les refus de s\u00e9jour assortis d'une obligation de quitter le  \nterritoire fran\u00e7ais ;\n\u2022 la signature des demandes de laissez-passer consulaires ;\n\u2022 la signature des courriers de saisine adress\u00e9s \u00e0 l'OFPRA (Office fran\u00e7ais de protection des  \nr\u00e9fugi\u00e9s et apatrides) dans le cadre des demandes d'asile pr\u00e9sent\u00e9es par des \u00e9trangers  \nplac\u00e9s en centre de r\u00e9tention administrative ;\n\u2022 les demandes d'escortes pour transf\u00e9rer les \u00e9trangers en situation irr\u00e9guli\u00e8re dans un centre  \nde r\u00e9tention administrative ;\n\u2022 la d\u00e9livrance et le refus de d\u00e9livrance des documents suivants :\n\u2013 cartes de s\u00e9jour  : cartes de s\u00e9jour temporaire, cartes de s\u00e9jour pluriannuelles, cartes de  \nr\u00e9sident, cartes de s\u00e9jour de ressortissant d'un \u00c9tat membre de l'Union europ\u00e9enne ou de  \nl'espace \u00e9conomique europ\u00e9en, certificat de r\u00e9sidence pour les Alg\u00e9riens,\n\u2013 r\u00e9c\u00e9piss\u00e9s de demande de titre de s\u00e9jour\n\u2013 attestations de demandes d'asile ;\n\u2013 autorisations provisoires de s\u00e9jour ;\n\u2013 titres d'identit\u00e9 et de voyage ;\n\u2013 sauf-conduits ;\n\u2013 documents de voyage collectif pour \u00e9trangers mineurs dans le cadre de voyages scolaires ;\n\u2013 documents de circulation pour les mineurs \u00e9trangers \u00e9tablis en France ;\n\u2013 visas de toute nature sur les passeports \u00e9trangers ;\n\u2013 les lettres d'information dans le cadre d'une proc\u00e9dure de r\u00e9admission DUBLIN ainsi que les  \nconvocations DUBLIN et les laissez-passer dans le cadre d'une proc\u00e9dure de r\u00e9admission  \nDUBLIN.\n\u2022 les  saisines  du  juge  des  libert\u00e9s  pour  les  demandes  de prolongation  en  r\u00e9tention \nadministrative ;\n\u2022 les saisines du juge des libert\u00e9s pour les demandes d'autorisation \u00e0 requ\u00e9rir les services de  \npolice  ou  les  unit\u00e9s  de  gendarmerie  pour  qu'ils  visitent  le  domicile  de  l'\u00e9tranger  afin  de \ns'assurer de sa pr\u00e9sence et de le reconduire \u00e0 la fronti\u00e8re sur le fondement de l'article L 561-2  \nII du CESEDA (Code de l'entr\u00e9e et du s\u00e9jour des \u00e9trangers et du droit d'asile) ;\n\u2022 les saisines du juge des libert\u00e9s pour les demandes d'autorisation \u00e0 requ\u00e9rir les services de  \npolice  ou  les  unit\u00e9s  de  gendarmerie  pour  qu'ils  visitent  le  domicile  de  l'\u00e9tranger  afin  de \ns'assurer de sa pr\u00e9sence et de le conduire aupr\u00e8s des autorit\u00e9s consulaires sur le fondement  \nde l'article L 513-5 du CESEDA ;\n\u2022 les mandats sp\u00e9ciaux destin\u00e9s aux repr\u00e9sentants charg\u00e9s de d\u00e9fendre le pr\u00e9fet de C\u00f4te d'Or  \nlors de l'examen, par le juge des libert\u00e9s et de la d\u00e9tention, des demandes de premi\u00e8re , \ndeuxi\u00e8me, troisi\u00e8me et quatri\u00e8me prolongation de la r\u00e9tention administrative ;\n\u2022 les arr\u00eat\u00e9s de mandatement des condamnations p\u00e9cuniaires dues par l'\u00c9tat dans le cadre du  \ncontentieux des \u00e9trangers ;\n\u2022 les observations \u00e9crites adress\u00e9es \u00e0 une juridiction administrative dans le cadre de recours  \ncontentieux trait\u00e9s en proc\u00e9dure orale ;\n\u2022 les observations \u00e9crites adress\u00e9es \u00e0 une juridiction administrative dans le cadre de recours  \ncontentieux trait\u00e9s en proc\u00e9dure \u00e9crite ;\n2/8\nPr\u00e9fecture de la C\u00f4te-d'Or - 21-2025-10-17-00001 - Arr\u00eat\u00e9 pr\u00e9fectoral N\u00b0 1549  du 17-10-25 donnant d\u00e9l\u00e9gation de signature \u00e0 Mme\nMANELLI C\u00e9line directrice par Int\u00e9rim de l'immigration et de la nationalit\u00e9 (DIN) 139\n\u2022 les arr\u00eat\u00e9s pr\u00e9fectoraux d'assignation \u00e0 r\u00e9sidence ;\n\u2022 les arr\u00eat\u00e9s pr\u00e9fectoraux portant refus de s\u00e9jour et obligation de quitter le territoire fran\u00e7ais au  \ntitre de l'asile assortie ou non d'un d\u00e9lai de d\u00e9part volontaire et d'une interdiction de retour.\n\u2022\nEn cas d'absence de tout membre du corps pr\u00e9fectoral :\n\u2013 les arr\u00eat\u00e9s de reconduite \u00e0 la fronti\u00e8re, les arr\u00eat\u00e9s de remise d'office,  les Obligations de  \nQuitter  le  Territoire  Fran\u00e7ais  sans  d\u00e9lai  de  d\u00e9part  volontaire,  \u00e9ventuellement  assortis \nd'interdiction de retour, les arr\u00eat\u00e9s portant interdiction de retour seule ou les prolongations  \nd'interdiction de retour, et les arr\u00eat\u00e9s portant maintien en r\u00e9tention administrative ;\n\u2013 les d\u00e9cisions et arr\u00eat\u00e9s fixant le choix du pays de destination des \u00e9trangers faisant l'objet  \nd'une mesure d'\u00e9loignement du territoire fran\u00e7ais.\nII -  PLATEFORME INTERD  \u00c9  PARTEMENTALE DE LA NATURALISATION   :\n-les d\u00e9cisions de classement sans suite en mati\u00e8re de naturalisation et les actes relevant de la \nplateforme interd\u00e9partementale de la naturalisation.\nArticle 2 : En cas d'absence ou d'emp\u00eachement de Madame C\u00e9line MANELLI, la d\u00e9l\u00e9gation qui lui  \nest conf\u00e9r\u00e9e par l'article 1 sera exerc\u00e9e par Madame Anne DELVALLE, attach\u00e9e d'administration de  \nl'\u00c9tat, adjointe \u00e0 la cheffe du service de l'immigration et de l'int\u00e9gration et cheffe du p\u00f4le contentieux.\nEn cas d'absence concomitante de  Madame C\u00e9line MANELLI  et de  Madame Anne DELVALLE , la  \nd\u00e9l\u00e9gation est conf\u00e9r\u00e9e \u00e0 Monsieur Jean-Christophe THUILLIER,  attach\u00e9 d'administration de l'\u00c9tat,  \nresponsable de la plateforme interd\u00e9partementale de la naturalisation.\nEn cas d'absence concomitante de Madame C\u00e9line MANELLI, de Madame Anne DELVALLE et de  \nMonsieur Jean-Christophe THUILLIER, la d\u00e9l\u00e9gation est conf\u00e9r\u00e9e \u00e0 Madame Cateline ZARIC, agent  \ncontractuel  en  contrat  \u00e0  dur\u00e9e  ind\u00e9termin\u00e9e,  adjointe  au  responsable de  la  plateforme  \ninterd\u00e9partementale de la naturalisation.\nArticle 3     :   D\u00e9l\u00e9gation est donn\u00e9e \u00e0 Monsieur Jean-Christophe THUILLIER, attach\u00e9 d'administration \nde l'\u00c9tat, responsable de la plateforme interd\u00e9partementale de la naturalisation pour :\n- les d\u00e9cisions de classement sans suite en mati\u00e8re de naturalisation et les actes relevant de la  \nplateforme interd\u00e9partementale de la naturalisation.\nEn  cas  d'absence  ou  d'emp\u00eachement  de  Monsieur  Jean-Christophe  THUILLIER,  la  d\u00e9l\u00e9gation \nconf\u00e9r\u00e9e au pr\u00e9sent article sera exerc\u00e9e Madame Cateline ZARIC, agent contractuel en contrat \u00e0  \ndur\u00e9e  ind\u00e9termin\u00e9e,  adjointe  au  responsable de  la  plateforme  interd\u00e9partementale  de  la \nnaturalisation.\nEn  cas  d'absence  ou  d'emp\u00eachement  de  Monsieur  Jean-Christophe  THUILLIER  et  de  Madame \nCateline  ZARIC,  la  d\u00e9l\u00e9gation  conf\u00e9r\u00e9e  au  pr\u00e9sent  article  sera  exerc\u00e9e  par  Madame  S\u00e9verine \nGROSSEL, secr\u00e9taire administratif de classe normale.\n3/8\nPr\u00e9fecture de la C\u00f4te-d'Or - 21-2025-10-17-00001 - Arr\u00eat\u00e9 pr\u00e9fectoral N\u00b0 1549  du 17-10-25 donnant d\u00e9l\u00e9gation de signature \u00e0 Mme\nMANELLI C\u00e9line directrice par Int\u00e9rim de l'immigration et de la nationalit\u00e9 (DIN) 140\n* D\u00e9l\u00e9gation est donn\u00e9e \u00e0     :  \n\u27a2  Madame Tatiana BOYON, secr\u00e9taire administratif de classe sup\u00e9rieure, Mesdames  \nMa\u00eflis  GAUDILLAT,  Sahar  HASSANI,  secr\u00e9taires  administratifs  de  classe  normale, \nMesdames  Camille  DUPUY  et  Lin  SANDAFI,  Messieurs  Victor  BROSSARD,  N\u00e9o \nMAILLOT  et  Antoine  PORRO,  contractuels  de  longue  dur\u00e9e,  et  Madame  Coline \nSCHLEGEL, agent contractuelle, pour :\n\u2022 les convocations des postulants et des d\u00e9clarants, \n\u2022 les attestations de d\u00e9p\u00f4t et les accus\u00e9s de r\u00e9ception,\n\u2022 les demandes d'enqu\u00eate,\n\u2022 les saisines des TJ et TGI, \n\u2022 les r\u00e9c\u00e9piss\u00e9s, \n\u2022 la conduite d'entretien et les compte-rendus des entretiens d'assimilation de la nationalit\u00e9  \nfran\u00e7aise, \n\u2022 les retours de dossiers incomplets,\n\u2022 les correspondances courantes n'emportant pas de d\u00e9cision.\nArticle 4 : D\u00e9l\u00e9gation de signature est donn\u00e9e \u00e0  Madame C\u00e9line MANELLI , attach\u00e9e, directrice de  \nl'immigration de la nationalit\u00e9 par int\u00e9rim et cheffe du service de l'immigration et de l'int\u00e9gration, en ce  \nqui concerne :\n\u2022 toutes d\u00e9cisions relatives aux diverses proc\u00e9dures d'autorisation de s\u00e9jour et de refus de  \ns\u00e9jour en France ;\n\u2022 la d\u00e9livrance et le refus de d\u00e9livrance des documents suivants :\n\u2013 cartes de s\u00e9jour  : cartes de s\u00e9jour temporaire, cartes de s\u00e9jour pluriannuelles, cartes de  \nr\u00e9sident, cartes de s\u00e9jour de ressortissant d'un \u00c9tat membre de la communaut\u00e9 europ\u00e9enne  \nou de l'Espace \u00c9conomique Europ\u00e9en, certificat de r\u00e9sidence pour les Alg\u00e9riens, carte de  \ns\u00e9jour \u00ab retrait\u00e9 \u00bb ;\n\u2013 r\u00e9c\u00e9piss\u00e9s  de  demande  de  titre  de  s\u00e9jour  et  r\u00e9c\u00e9piss\u00e9s  d\u00e9livr\u00e9s  dans  le  cadre  d'une \ndemande d'asile ;\n\u2013 attestations de demandes d'asile ;\n\u2013 autorisations provisoires de s\u00e9jour ;\n\u2013 titres d'identit\u00e9 et de voyage ;\n\u2013 sauf-conduits ;\n\u2013 documents de voyage collectif pour \u00e9trangers mineurs dans le cadre de voyages scolaires ;\n\u2013 documents de circulation pour les mineurs \u00e9trangers \u00e9tablis en France ;\n\u2013 visas de toute nature sur les passeports \u00e9trangers ;\n\u2013 les lettres d'information dans le cadre d'une proc\u00e9dure de r\u00e9admission DUBLIN ainsi que les  \nconvocations  DUBLIN,  les  lettres  d'information  des  demandeurs  d'asile  maintenus \nprovisoirement au s\u00e9jour ainsi que les laissez-passer dans le cadre d'une proc\u00e9dure de  \nr\u00e9admission DUBLIN.\n\u2022 les refus de prolongation de visa ;\n\u2022 les convocations aux entretiens dans le cadre du contr\u00f4le des cartes de s\u00e9jour pluriannuelles\n\u2022 la signature des demandes de laissez-passer consulaires ;\n\u2022 la signature des courriers de saisine adress\u00e9s \u00e0 l'OFPRA (office fran\u00e7ais de protection des  \nr\u00e9fugi\u00e9s et apatrides) dans le cadre des demandes d'asile pr\u00e9sent\u00e9es par des \u00e9trangers  \nplac\u00e9s en centre de r\u00e9tention administrative ;\n\u2022 les demandes d'escortes pour transf\u00e9rer les \u00e9trangers en situation irr\u00e9guli\u00e8re dans un centre  \nde r\u00e9tention administrative ;\n\u2022 les observations \u00e9crites adress\u00e9es \u00e0 une juridiction administrative dans le cadre de recours  \ncontentieux trait\u00e9s en proc\u00e9dure orale ;\n4/8\nPr\u00e9fecture de la C\u00f4te-d'Or - 21-2025-10-17-00001 - Arr\u00eat\u00e9 pr\u00e9fectoral N\u00b0 1549  du 17-10-25 donnant d\u00e9l\u00e9gation de signature \u00e0 Mme\nMANELLI C\u00e9line directrice par Int\u00e9rim de l'immigration et de la nationalit\u00e9 (DIN) 141\n\u2022 les observations \u00e9crites adress\u00e9es \u00e0 une juridiction administrative dans le cadre de recours  \ncontentieux trait\u00e9s en proc\u00e9dure \u00e9crite ;\n\u2022 les saisines du juge des libert\u00e9s et de la d\u00e9tention pour les demandes  de prolongation en  \nr\u00e9tention administrative ;\n\u2022 les saisines du juge des libert\u00e9s et de la d\u00e9tention pour les demandes d'autorisation \u00e0 requ\u00e9rir  \nles services de police ou les unit\u00e9s de gendarmerie pour qu'ils visitent le domicile de l'\u00e9tranger  \nafin de s'assurer de sa pr\u00e9sence et de le reconduire \u00e0 la fronti\u00e8re sur le fondement de l'article  \nL561-2 II du CESEDA ;\n\u2022 les saisines du juge des libert\u00e9s et de la d\u00e9tention pour les demandes d'autorisation \u00e0 requ\u00e9rir  \nles services de police ou les unit\u00e9s de gendarmerie pour qu'ils visitent le domicile de l'\u00e9tranger  \nafin de s'assurer de sa pr\u00e9sence et de le conduire aupr\u00e8s des autorit\u00e9s consulaires sur le  \nfondement de l'article L513-5 du CESEDA ;\n\u2022 les mandats sp\u00e9ciaux destin\u00e9s aux repr\u00e9sentants charg\u00e9s de d\u00e9fendre le pr\u00e9fet de C\u00f4te d'Or  \nlors de l'examen, par le juge des libert\u00e9s et de la d\u00e9tention, des demandes  de premi\u00e8re,  \ndeuxi\u00e8me, troisi\u00e8me et quatri\u00e8me prolongation de la r\u00e9tention administrative ;\n\u2022 les arr\u00eat\u00e9s de mandatement des condamnations p\u00e9cuniaires dues par l'\u00c9tat dans le cadre du  \ncontentieux des \u00e9trangers ;\nEn cas d'absence ou d'emp\u00eachement de Madame C\u00e9line MANELLI, la d\u00e9l\u00e9gation est conf\u00e9r\u00e9e \u00e0  \nMadame Anne DELVALLE , attach\u00e9e, adjointe \u00e0 la cheffe du service immigration et cheffe du p\u00f4le  \ncontentieux.\nEn cas d'absence ou d'emp\u00eachement de Madame C\u00e9line MANELLI et de Madame Anne DELVALLE,  \nla d\u00e9l\u00e9gation est conf\u00e9r\u00e9e \u00e0 Madame Lola PINSONNEAUX, contractuelle longue dur\u00e9e, adjointe \u00e0 la  \ncheffe de p\u00f4le asile \u00e9loignement.\nEn cas d'absence ou d'emp\u00eachement de Madame C\u00e9line MANELLI, de Madame Anne DELVALLE et \nde Mme Lola PINSONNEAUX, la d\u00e9l\u00e9gation est conf\u00e9r\u00e9e \u00e0 Madame Catherine VALENTIN, attach\u00e9e,  \ncheffe du p\u00f4le s\u00e9jour.\nEn cas d'absence ou d'emp\u00eachement de Madame C\u00e9line MANELLI, de Madame Anne DELVALLE, de \nMadame Lola PINSONNEAUX et de Madame Catherine VALENTIN, la d\u00e9l\u00e9gation est conf\u00e9r\u00e9e \u00e0  \nMonsieur Jean-Claude WEBER, attach\u00e9, adjoint au chef du p\u00f4le s\u00e9jour.\n*   Pour le p\u00f4le contentieux des \u00e9trangers, d\u00e9l\u00e9gation est donn\u00e9e \u00e0     :  \nMadame Anne DELVALLE, attach\u00e9e, adjointe \u00e0 la cheffe du service immigration et int\u00e9gration et  \ncheffe du p\u00f4le contentieux des \u00e9trangers, et Monsieur Manuel DA ROCHA, attach\u00e9, pour :\n\u2022 les observations \u00e9crites adress\u00e9es \u00e0 une juridiction administrative dans le cadre de recours  \ncontentieux trait\u00e9s en proc\u00e9dure orale ;\n\u2022 les observations \u00e9crites adress\u00e9es \u00e0 une juridiction administrative dans le cadre de recours  \ncontentieux trait\u00e9s en proc\u00e9dure \u00e9crite ;\n\u2022 les accus\u00e9s de r\u00e9ception des requ\u00eates devant les juridictions administratives\n\u2022 les correspondances courantes n'emportant pas de d\u00e9cision, les lettre-types, les bordereaux  \nd'envoi et t\u00e9l\u00e9copies dans les domaines de l'\u00e9loignement, des r\u00e9admissions et du contentieux.\n* Pour le P\u00f4le S\u00e9jour, d\u00e9l\u00e9gation est donn\u00e9e \u00e0     :  \n\u27a2 Madame  Catherine  VALENTIN,  attach\u00e9e,  Cheffe  du  P\u00f4le  S\u00e9jour,  Monsieur  Jean-\nClaude  WEBER,  attach\u00e9,  adjoint  \u00e0  la  Cheffe  du  p\u00f4le  s\u00e9jour,  et  Mme  Justine \nMICHELET, secr\u00e9taire administrative de classe normale, pour :\n\u2022 les bordereaux d'envoi ;\n\u2022 les correspondances courantes et les lettres-types n'emportant pas d\u00e9cision ;\n\u2022 les titres de voyage ;\n\u2022 les visas de toute nature sur les passeports \u00e9trangers ;\n\u2022 les r\u00e9c\u00e9piss\u00e9s de demandes de titre de s\u00e9jour, les autorisations provisoires de s\u00e9jour \n5/8\nPr\u00e9fecture de la C\u00f4te-d'Or - 21-2025-10-17-00001 - Arr\u00eat\u00e9 pr\u00e9fectoral N\u00b0 1549  du 17-10-25 donnant d\u00e9l\u00e9gation de signature \u00e0 Mme\nMANELLI C\u00e9line directrice par Int\u00e9rim de l'immigration et de la nationalit\u00e9 (DIN) 142\n\u2022 la d\u00e9livrance des documents de circulation pour les \u00e9trangers mineurs\n\u2022 la d\u00e9livrance de documents de voyage collectif pour \u00e9trangers mineurs dans le cadre de \nvoyages scolaires ;\n\u2022 les refus de prolongation de visa ;\n\u2022 les premi\u00e8res demandes et les renouvellements de titres de s\u00e9jour ;\n\u2022 les demandes de duplicatas, de changements d'adresse et de modifications de cartes de  \ns\u00e9jour temporaires\n\u2022 les attestations sur l'honneur de communaut\u00e9 de vie (d\u00e9claration par mariage),\n\u2022 les demandes d'enqu\u00eates ;\n\u27a2 Marine BOUDET et A\u00e9lia HERY, secr\u00e9taires administratives, Chlo\u00e9 TALLANDIER et  \nC\u00e9lia MOSA, contractuelles longue dur\u00e9e, pour :\n\u2022 les bordereaux d'envoi\n\u2022 les correspondances courantes et les lettres-types n'emportant pas d\u00e9cision ;\n\u2022 les r\u00e9c\u00e9piss\u00e9s de demande de titre de s\u00e9jour et le renouvellement des r\u00e9c\u00e9piss\u00e9s ;\n\u2022 les demandes d'enqu\u00eates ;\n\u27a2 Marie-Christine DAUDET, adjoint administratif principal 1\u00e8re classe, Emilie LORET-\nMASSON, adjoint administratif, G\u00e9raldine ROLLING, Mathias KASMI-MARTIN, Mil\u00e8ne  \nMARONNAT et Marie GOICHOT, adjoints administratifs principaux 2\u00e8me classe, et  \nSibel  OCZELIK,  Nathalie  FONTANEAU,  Corinne  GREY,  Caroline  NICOLAS,  Ikram \nOULDEI, Robin CAETANO et Elodie MONICHON, agents contractuels :\nles bordereaux d'envoi\nles correspondances courantes et les lettres-types n'emportant pas d\u00e9cision ;\nles attestations sur l'honneur de communaut\u00e9 de vie (d\u00e9claration par mariage),\nles r\u00e9c\u00e9piss\u00e9s de titre de s\u00e9jour ainsi que le renouvellement des r\u00e9c\u00e9piss\u00e9s ;\nles demandes de duplicatas, de changements d'adresse et de modifications de cartes de  \ns\u00e9jour\nles premi\u00e8res demandes et renouvellements de titres de s\u00e9jour pour les cat\u00e9gories de titres  \nrelevant d'un d\u00e9p\u00f4t d\u00e9mat\u00e9rialis\u00e9 dans l'ANEF\n* Pour le P\u00f4le Asile-\u00e9loignement, d\u00e9l\u00e9gation est donn\u00e9e \u00e0     :   \n\u27a2 Madame Lola PINSONNEAUX, contractuelle longue dur\u00e9e, adjointe \u00e0 la cheffe de p\u00f4le  \nasile-\u00e9loignement pour :\n\u27a2 les convocations DUBLIN ;\n\u27a2 les laissez-passer dans le cadre d'une proc\u00e9dure de r\u00e9admission DUBLIN.\n\u27a2 les r\u00e9c\u00e9piss\u00e9s et attestations de demandes d'asile ;\n\u27a2 les bordereaux d'envoi, t\u00e9l\u00e9copies, correspondances courantes et demandes d'avis li\u00e9s \u00e0  \nl'asile,  aux  proc\u00e9dures  de  r\u00e9admission  et  \u00e0  la  reconduite  \u00e0  la  fronti\u00e8re  des  demandeurs \nd'asile ;\n\u27a2 les autorisations provisoires de s\u00e9jour ;\n\u27a2 les demandes de r\u00e9admission d'un \u00e9tranger dans un autre \u00c9tat ;\n\u27a2 les fiches d'information transmises \u00e0 l'OFPRA ;\n\u27a2 les lettres d'information du demandeur d'asile  ;\n\u27a2 les accus\u00e9s de r\u00e9ception des requ\u00eates devant les juridictions administratives ;\n\u27a2 les correspondances courantes n'emportant pas de d\u00e9cision, les lettre-types, les bordereaux  \nd'envoi et t\u00e9l\u00e9copies dans les domaines de l'\u00e9loignement, des r\u00e9admissions et du contentieux ;\n6/8\nPr\u00e9fecture de la C\u00f4te-d'Or - 21-2025-10-17-00001 - Arr\u00eat\u00e9 pr\u00e9fectoral N\u00b0 1549  du 17-10-25 donnant d\u00e9l\u00e9gation de signature \u00e0 Mme\nMANELLI C\u00e9line directrice par Int\u00e9rim de l'immigration et de la nationalit\u00e9 (DIN) 143\n\u27a2 la signature des demandes de laissez-passer consulaires ;\n\u27a2 la signature des courriers de saisine adress\u00e9s \u00e0 l'OFPRA (office fran\u00e7ais de protection des  \nr\u00e9fugi\u00e9s et apatrides) dans le cadre des demandes d'asile pr\u00e9sent\u00e9es par des \u00e9trangers  \nplac\u00e9s en centre de r\u00e9tention administrative ;\n\u27a2 les lettres d'information dans le cadre d'une proc\u00e9dure de r\u00e9admission DUBLIN ainsi que les  \nconvocations  DUBLIN,  les  lettres  d'information  des  demandeurs  d'asile  maintenus \nprovisoirement  au  s\u00e9jour  ainsi  que  les  laissez-passer  dans  le  cadre  d'une  proc\u00e9dure  de \nr\u00e9admission DUBLIN.\n\u27a2 les demandes d'escortes pour transf\u00e9rer les \u00e9trangers en situation irr\u00e9guli\u00e8re dans un centre  \nde r\u00e9tention administrative ;\n\u27a2 les saisines du juge des libert\u00e9s et de la d\u00e9tention pour les demandes  de prolongation en  \nr\u00e9tention administrative ;\n\u27a2 les saisines du juge des libert\u00e9s et de la d\u00e9tention pour les demandes d'autorisation \u00e0 requ\u00e9rir  \nles services de police ou les unit\u00e9s de gendarmerie pour qu'ils visitent le domicile de l'\u00e9tranger  \nafin de s'assurer de sa pr\u00e9sence et de le reconduire \u00e0 la fronti\u00e8re sur le fondement de l'article  \nL561-2 II du CESEDA ;\n\u27a2 les saisines du juge des libert\u00e9s et de la d\u00e9tention pour les demandes d'autorisation \u00e0 requ\u00e9rir  \nles services de police ou les unit\u00e9s de gendarmerie pour qu'ils visitent le domicile de l'\u00e9tranger  \nafin de s'assurer de sa pr\u00e9sence et de le conduire aupr\u00e8s des autorit\u00e9s consulaires sur le  \nfondement de l'article L513-5 du CESEDA ;\n\u27a2 les mandats sp\u00e9ciaux destin\u00e9s aux repr\u00e9sentants charg\u00e9s de d\u00e9fendre le pr\u00e9fet de C\u00f4te d'Or  \nlors de l'examen, par le juge des libert\u00e9s et de la d\u00e9tention, des demandes de premi\u00e8re,  \ndeuxi\u00e8me, troisi\u00e8me et quatri\u00e8me prolongation de la r\u00e9tention administrative ;\n\u27a2 les titres internationaux de voyage, les titres de voyage pour r\u00e9fugi\u00e9s et sauf-conduits pour les  \n\u00e9trangers ;\n\u27a2 Mesdames  Corinne  MERCUZOT-TURELLO,  secr\u00e9taire  administrative,  Rachida \nBOUTCHACHA,  secr\u00e9taire  administrative,  et  Marie-Christine  BOUILLOT,  secr\u00e9taire \nadministrative pour :\n\u2022 les convocations DUBLIN ;\n\u2022 les r\u00e9c\u00e9piss\u00e9s et les attestations de demandes d'asile ;\n\u2022 les bordereaux d'envoi, t\u00e9l\u00e9copies, correspondances courantes et demandes d'avis li\u00e9s \u00e0  \nl'asile,  aux  proc\u00e9dures  de  r\u00e9admission  et  \u00e0  la  reconduite  \u00e0  la  fronti\u00e8re  des  demandeurs \nd'asile ;\n\u2022 les demandes de r\u00e9admission d'un \u00e9tranger dans un autre \u00c9tat ;\n\u2022 les fiches d'information transmises \u00e0 l'OFPRA ;\n\u2022 les lettres d'information du demandeur d'asile ;\n\u27a2 Mesdames  Louison  AMBROSIONI,  contractuelle  longue  dur\u00e9e,  Marl\u00e8ne  ALDAYA, \nsecr\u00e9taire  administrative,  Guilaine  SAIZONOU,  secr\u00e9taire  administrative,  Justine \nKAROTSCH, contractuelle longue dur\u00e9e, C\u00e9line THOMAS,  secr\u00e9taire administrative,  \nLyna  AIT  EL  FASSY,  secr\u00e9taire  administrative,  Elleana  SANTANA,  secr\u00e9taire \nadministrative, pour :\n\u2022 les correspondances courantes n'emportant pas de d\u00e9cision, les lettre-types, les bordereaux  \nd'envoi et t\u00e9l\u00e9copies dans les domaines de l'\u00e9loignement et des r\u00e9admissions.\n7/8\nPr\u00e9fecture de la C\u00f4te-d'Or - 21-2025-10-17-00001 - Arr\u00eat\u00e9 pr\u00e9fectoral N\u00b0 1549  du 17-10-25 donnant d\u00e9l\u00e9gation de signature \u00e0 Mme\nMANELLI C\u00e9line directrice par Int\u00e9rim de l'immigration et de la nationalit\u00e9 (DIN) 144\nArticle 5 : Le secr\u00e9taire g\u00e9n\u00e9ral de la pr\u00e9fecture de la C\u00f4te d'Or, et les agents b\u00e9n\u00e9ficiaires de la  \nd\u00e9l\u00e9gation de signature, sont charg\u00e9s, chacun pour ce qui le concerne, de l'ex\u00e9cution du pr\u00e9sent  \narr\u00eat\u00e9 qui sera publi\u00e9 au recueil des actes administratifs de la pr\u00e9fecture de la C\u00f4te-d'Or.\nFait \u00e0 Dijon, le 17 octobre 2025\nLe pr\u00e9fet,\nSIGNE\nPaul MOURIER\n8/8\nPr\u00e9fecture de la C\u00f4te-d'Or - 21-2025-10-17-00001 - Arr\u00eat\u00e9 pr\u00e9fectoral N\u00b0 1549  du 17-10-25 donnant d\u00e9l\u00e9gation de signature \u00e0 Mme\nMANELLI C\u00e9line directrice par Int\u00e9rim de l'immigration et de la nationalit\u00e9 (DIN) 145\nPr\u00e9fecture de la C\u00f4te-d'Or\nSGCD de C\u00f4te-d'Or\n21-2025-10-16-00001\nArr\u00eat\u00e9 n\u00b01537 du 16 octobre 2025 portant\nnomination de la correspondante d\u00e9ontologue, \nr\u00e9f\u00e9rente alerte de la pr\u00e9fecture de la C\u00f4te-dOr\nPr\u00e9fecture de la C\u00f4te-d'Or - 21-2025-10-16-00001 - Arr\u00eat\u00e9 n\u00b01537 du 16 octobre 2025 portant nomination de la correspondante\nd\u00e9ontologue,  r\u00e9f\u00e9rente alerte de la pr\u00e9fecture de la C\u00f4te-dOr 146\n                                                Secr\u00e9tariat G\u00e9n\u00e9ral commun d\u00e9partemental de la C\u00f4te-d'Or\n                                                                                                      Service des ressources humaines\n          \nArr\u00eat\u00e9 n\u00b01537 du 16 octobre 2025\nportant nomination de la correspondante d\u00e9ontologue, r\u00e9f\u00e9rente alerte de la pr\u00e9fecture\nde la C\u00f4te-d'Or\nLe pr\u00e9fet de la r\u00e9gion Bourgogne-Franche-Comt\u00e9\n- vu le code g\u00e9n\u00e9ral de la fonction publique, notamment le titre Il du livre l,\n- vu la loi n\u00b02016-1691 du 9 d\u00e9cembre 2016 relative \u00e0 la transparence, \u00e0 la lutte contre la corruption et la \nmodernisation de la vie \u00e9conomique,\n- vu le d\u00e9cret n\u00b02017-519 du 10 avril 2017 modifi\u00e9 relatif au r\u00e9f\u00e9rent d\u00e9ontologue dans la fonction-  \npublique,\n- vu le d\u00e9cret n\u00b0 2022-1284 du 3 octobre 2022 relatif aux proc\u00e9dures de recueil et de traitement des  \nsignalements \u00e9mis par les lanceurs d'alerte et fixant la liste des autorit\u00e9s externes institu\u00e9es par la loi n\u00b0 \n2022-401 du 21 mars 2022 visant \u00e0 am\u00e9liorer la protection des lanceurs d'alerte,\n- vu l'arr\u00eat\u00e9 du 16 novembre 2018 relatif \u00e0 la fonction de r\u00e9f\u00e9rent d\u00e9ontologue au sein du minist\u00e8re de  \nl'Int\u00e9rieur et du minist\u00e8re charg\u00e9 de l'outre-mer,\n- vu la circulaire minist\u00e9rielle du 18 mars 2019 relative \u00e0 l'organisation du r\u00e9seau d\u00e9ontologique au sein  \ndu minist\u00e8re de l'Int\u00e9rieur et des outre-mer,\nARRETE\nArticle 1 :   Mme Elisa Di Ciccio, attach\u00e9e principale, cheffe du p\u00f4le d'appui juridique de la police admi -\nnistrative positionn\u00e9 au sein de la pr\u00e9fecture de C\u00f4te-d'Or, est nomm\u00e9e correspondante  \nd\u00e9ontologue, r\u00e9f\u00e9rente alerte, pour le p\u00e9rim\u00e8tre des pr\u00e9fectures de la r\u00e9gion Bourgogne-\nFranche-Comt\u00e9, en sus de ses fonctions actuelles.\nArticle 2 :   Le secr\u00e9taire g\u00e9n\u00e9ral est charg\u00e9 de l'ex\u00e9cution de la pr\u00e9sente d\u00e9cision qui sera diffus\u00e9e \u00e0  \nl'ensemble  des  personnels  des  pr\u00e9fectures  de  la  r\u00e9gion  Bourgogne-Franche-Comt\u00e9  et \npubli\u00e9e au recueil des actes administratifs de la pr\u00e9fecture de C\u00f4te-d'Or\n                                                  Le pr\u00e9fet,\n                                               Sign\u00e9 \n                                                           Paul MOURIER\nPr\u00e9fecture de la C\u00f4te-d'Or - 21-2025-10-16-00001 - Arr\u00eat\u00e9 n\u00b01537 du 16 octobre 2025 portant nomination de la correspondante\nd\u00e9ontologue,  r\u00e9f\u00e9rente alerte de la pr\u00e9fecture de la C\u00f4te-dOr 147\nSous-pr\u00e9fecture de Montbard\n21-2025-10-10-00006\nAP d\u00e9signation commission contr\u00f4le listes\n\u00e9lectorales Lantilly raa\nSous-pr\u00e9fecture de Montbard - 21-2025-10-10-00006 - AP d\u00e9signation commission contr\u00f4le listes \u00e9lectorales Lantilly raa 148\nSous-Pr\u00e9fecture de Montbard\nP\u00f4le collectivit\u00e9s locales et d\u00e9veloppement territorial                             Montbard, le  10 octobre 2025\nAffaire suivie par : Am\u00e9lie MILLOT-VIDET\nT\u00e9l :03.45.43.80.63\nm\u00e9l :amelie.millot-videt@cote-dor.gouv.fr\nArr\u00eat\u00e9\nPortant d\u00e9signation d'un d\u00e9l\u00e9gu\u00e9 suppl\u00e9ant de l'administration au sein de la commission de\ncontr\u00f4le des listes \u00e9lectorales de Lantilly\nLe sous-pr\u00e9fet de l'arrondissement de Montbard\nVU le code \u00e9lectoral et notamment son article L19 ;\nVU  l'instruction NOR/INTA 18301205 du 21 novembre 2018,  notamment le paragraphe 3\nalin\u00e9a b relatif \u00e0 la suppl\u00e9ance des membres de la commission de contr\u00f4le de la liste\n\u00e9lectorale ;\nVU le d\u00e9cret du 17 novembre 2023 portant nomination de Monsieur S\u00e9bastien LANOYE,\nsous-pr\u00e9fet de Montbard ;\nVU l'arr\u00eat\u00e9  pr\u00e9fectoral  du  7  mai  2024  portant  renouvellement  des  commissions  de\ncontr\u00f4le des listes \u00e9lectorales des communes du d\u00e9partement de la C\u00f4te d'Or ;\nVU  l'arr\u00eat\u00e9  pr\u00e9fectoral  n\u00b0817/SG  du  13  juin  2025  donnant  d\u00e9l\u00e9gation  de  signature  \u00e0\nMonsieur S\u00e9bastien LANOYE, sous-pr\u00e9fet de Montbard ;\nVU la  demande  de  la  commune  de  Lantilly  de  nommer  un  d\u00e9l\u00e9gu\u00e9  suppl\u00e9ant  de\nl'administration  au  sein  de  sa  commission  de  contr\u00f4le  des  listes  \u00e9lectorales,  et  ses\npropositions de personnes susceptibles de remplir ses fonctions ;\nSOUS-PR\u00c9FECTURE DE MONTBARD \u2013 25 rue Champfleury -  21500 Montbard\nt\u00e9l : 03.45.43.80.50 - m\u00e8l : sp-montbard@cote-dor.gouv.fr\nSite internet : http://www.cote-dor.gouv.fr\nSous-pr\u00e9fecture de Montbard - 21-2025-10-10-00006 - AP d\u00e9signation commission contr\u00f4le listes \u00e9lectorales Lantilly raa 149\nARRETE\nArticle  1er :  Est  nomm\u00e9e,  d\u00e9l\u00e9gu\u00e9e  suppl\u00e9ante  de  l'administration  \u00e0  la  commission  de\ncontr\u00f4le des listes \u00e9lectorales de la commune de Lantilly, Madame Fr\u00e9d\u00e9rique COURTAT n\u00e9e\nle 30 juin 1952 \u00e0 Pouilly-en-Auxois.\nArticle 2 : Monsieur le sous-pr\u00e9fet de Montbard et Madame le Maire de Lantilly sont charg\u00e9s,\nchacun en ce qui le concerne, de l'ex\u00e9cution du pr\u00e9sent arr\u00eat\u00e9 qui sera publi\u00e9 au recueil des\nactes administratifs de la pr\u00e9fecture de la C\u00f4te d'Or, affich\u00e9 aux emplacements officiels de la\ncommune et notifi\u00e9 \u00e0 l'int\u00e9ress\u00e9.\nFait \u00e0 Montbard, le 10 octobre 2025\nLe sous-pr\u00e9fet,\nsign\u00e9\nS\u00e9bastien LANOYE\nSOUS-PR\u00c9FECTURE DE MONTBARD \u2013 25 rue Champfleury -  21500 Montbard\nt\u00e9l : 03.45.43.80.50 - m\u00e8l : sp-montbard@cote-dor.gouv.fr\nSite internet : http://www.cote-dor.gouv.fr\nSous-pr\u00e9fecture de Montbard - 21-2025-10-10-00006 - AP d\u00e9signation commission contr\u00f4le listes \u00e9lectorales Lantilly raa 150","date":"2025-10-17","first_seen_on":"2025-10-17T16:17:25+00:00","id":"d3a5eca0b93f8f845ebf8b3cef166249666dfe84e12e88bb1db1868f11c1fbe2","name":"RAA n\u00b0 141 du 17 octobre 2025","pdf_creation_date":"2025-10-17T14:22:01+00:00","pdf_modification_date":null,"timezone":"Europe/Paris","url":"https://www.cote-dor.gouv.fr/contenu/telechargement/24429/185889/file/recueil-21-2025-141-recueil-des-actes-administratifs-special.pdf"}
