{"administration":"pref21","administration_name":"Pr\u00e9fecture de C\u00f4te-d\u2019Or","content":"PR\u00c9FET\nDE LA C\u00d4TE-D'OR\nRECUEIL DES ACTES\nADMINISTRATIFS SP\u00c9CIAL\nN\u00b021-2025-132\nPUBLI\u00c9 LE 26 SEPTEMBRE 2025\nSommaire\nDirection d\u00e9partementale de l'emploi, du travail et des solidarit\u00e9s de\nC\u00f4te-d'Or /\n21-2025-09-22-00004 - Arr\u00eat\u00e9 de renouvellement agr\u00e9ment ESUS/Le\nChamp des sourires SIREN 911841112 (2 pages) Page 4\nDirection d\u00e9partementale des territoires de la C\u00f4te-d'Or / Service\nPr\u00e9servation et Am\u00e9nagement de l'Espace (SPAE)\n21-2025-09-23-00001 - BAR\u00c8MES FOIN SEIGLE FOURRAGER 2025 (1 page) Page 7\nDirection d\u00e9partementale des territoires de la C\u00f4te-d'Or / Service\nS\u00e9curit\u00e9 et Education Routi\u00e8re\n21-2025-09-19-00003 - AP 1437 20250919 RAA A38\nTravauxR\u00e9fectionCoucheRoulement (4 pages) Page 9\n21-2025-09-19-00004 - AP 1438 20250919 RAA M274\nCampagneEntretienS40 (6 pages) Page 14\n21-2025-09-25-00001 - AP M274 Report\nCampagneRenouvellementSignalisationHorizontaleS39 RAA  (4 pages) Page 21\nDRFiP Bourgogne Franche-Comt\u00e9 /\n21-2025-10-01-00003 - DRFIP 21 - Subd\u00e9l\u00e9gation de signature en\nmati\u00e8re du pouvoir adjudicateur-01.10.2025 (2 pages) Page 26\n21-2025-10-01-00001 - DRFIP21 -Subd\u00e9l\u00e9gation en mati\u00e8re\nd'ordonnancement secondaire au 01.10.2025 (2 pages) Page 29\n21-2025-10-01-00002 - DRFIP21-D\u00e9l\u00e9gations sp\u00e9ciales de signature - \nPPR-01.10.2025 (3 pages) Page 32\nPr\u00e9fecture de la C\u00f4te-d'Or / Direction des Collectivit\u00e9s locales et des\nElections\n21-2025-09-18-00001 - Arr\u00eat\u00e9 pr\u00e9fectoral n\u00b0 1432 portant\nmodification de la commission de contr\u00f4le des listes \u00e9lectorales de la\ncommune de GENLIS (1 page) Page 36\n21-2025-09-23-00002 - Arr\u00eat\u00e9 pr\u00e9fectoral n\u00b0 1440 portant\nmodification de la commission de contr\u00f4le des listes \u00e9lectorales de la\ncommune de BROGNON (1 page) Page 38\nPr\u00e9fecture de la C\u00f4te-d'Or / Direction des s\u00e9curit\u00e9s\n21-2025-09-25-00002 - Arr\u00eat\u00e9 pr\u00e9fectoral N\u00b0 1442 portant\ninterdiction de rassemblements festifs \u00e0 caract\u00e8re musical et\ninterdiction de circulation de tout v\u00e9hicule transportant du mat\u00e9riel de\nson \u00e0 destination d'un rassemblement festif \u00e0 caract\u00e8re musical\nnon autoris\u00e9 (2 pages) Page 40\nSNCF /\n21-2025-07-22-00008 - D\u00e9cision du domaine public ferroviaire - BLIGNY\nLES BEAUNE (2 pages) Page 43\n2\nSous-pr\u00e9fecture de Beaune /\n21-2025-09-22-00005 - Arr\u00eat\u00e9 pr\u00e9fectoral n\u00b0 1426 portant\nautorisation de la manifestation avec participation de v\u00e9hicules terrestres\n\u00e0 moteur d\u00e9nomm\u00e9e \"Troph\u00e9e Est\" organis\u00e9e le 28 septembre\n2025 (7 pages) Page 46\n3\nDirection d\u00e9partementale de l'emploi, du travail\net des solidarit\u00e9s de C\u00f4te-d'Or\n21-2025-09-22-00004\nArr\u00eat\u00e9 de renouvellement agr\u00e9ment ESUS/Le\nChamp des sourires SIREN 911841112\nDirection d\u00e9partementale de l'emploi, du travail et des solidarit\u00e9s de C\u00f4te-d'Or - 21-2025-09-22-00004 - Arr\u00eat\u00e9 de renouvellement\nagr\u00e9ment ESUS/Le Champ des sourires SIREN 911841112 4\n  \nDirection D\u00e9partementale de l'Emploi,  \ndu Travail et des Solidarit\u00e9s \nDDETS  \nDDETS 21, Cit\u00e9 administrative Dampierre, 6 rue Chancelier de l'Hospital, CS 15381, 21053 Dijon Cedex \nT\u00e9l. : 03 80 68 39 41(Accueil) \nwww.cote-dor.gouv.fr \n \n \n \n \n \n \nAffaire suivie par Ma\u00eblle THIEBAUT \nCharg\u00e9e de mission \u2013 P\u00f4le Emploi Coh\u00e9sion Territoriale \nT\u00e9l : 03 80 68 39 41 // 06 75 40 79 13 \nCourriel : maelle.thiebaut@cote-dor.gouv.fr \nDijon, le 22 septembre 2025 \n \n \n \n \nAssociation Le Champ des Sourires \nMadame la Pr\u00e9sidente \n37 rue de Talant \n21000 DIJON \n \n \n \nDDETS de la C\u00f4te d'Or  \nARR\u00caT\u00c9 PORTANT RENOUVELLEMENT AGR\u00c9MENT \nd'Entreprise Solidaire d'Utilit\u00e9 Sociale (ESUS)  \n \n  \nVu - La loi n\u00b02014-856 du 31 juillet 2014 relative \u00e0 l'Economie Sociale et Solidaire (ESS) ; \n  \nVu - La loi n\u00b02019-486 du 22 mai 2019 relative \u00e0 la croissance et la transformation des entreprises \nmodifiant la loi ci-dessus du 31 juillet 2014 ; \n  \nVu - Le d\u00e9cret n\u00b02015-719 du 23 juin 2015 relatif \u00e0 l'agr\u00e9ment \u00ab Entreprise Solidaire d'Utilit\u00e9 Sociale \n(ESUS) \u00bb ; \n  \nVu - Le d\u00e9cret n\u00b02015-760 du 24 juin 2015 relatif \u00e0 l'agr\u00e9ment \u00ab Entreprise Solidaire d'Utilit\u00e9 Sociale \n(ESUS) \u00bb ; \n  \nVu - L'arr\u00eat\u00e9 du 3 ao\u00fbt 2015 fixant la fraction des b\u00e9n\u00e9fices affect\u00e9e au report b\u00e9n\u00e9ficiaire et aux r\u00e9serves \nobligatoires, art 1 loi n\u00b0 2014-856 du 31 juillet 2014 relative \u00e0 l'Economie Sociale et Solidaire (ESS) ; \n  \nVu - L'arr\u00eat\u00e9 du 5 ao\u00fbt 2015 fixant la composition du dossier de demande d'agr\u00e9ment \u00ab Entreprise Solidaire \nd'Utilit\u00e9 Sociale (ESUS) \u00bb ; \n \nVu - L'arr\u00eat\u00e9 pr\u00e9fectoral n\u00b0 1657 du 28 octobre 2024 portant d\u00e9l\u00e9gation de signature \u00e0 Madame Armelle \nLEO, Directrice D\u00e9partementale de la DDETS de C\u00f4te d'Or ; \n \nVu - L'arr\u00eat\u00e9 n\u00b0004 - DDETS du 6 novembre 2024 portant subd\u00e9l\u00e9gation de signature aux agents de la \ndirection d\u00e9partementale de l'emploi, du travail et des solidarit\u00e9s de la C\u00f4te-d'Or ; \n  \nVu - Le code du travail, notamment ses articles L 3332-17-1 et R 3332-21-1 \u00e0 R 3332-21-5 ; \n  \nVu - La demande de renouvellement de l'agr\u00e9ment d'Entreprise Solidaire d'Utilit\u00e9 Sociale (ESUS) re\u00e7ue par \ncourriel du 19 septembre 2025 et pr\u00e9sent\u00e9e par la Directrice de l'association \u00ab Champ des sourires \u00bb, \nSIREN 911 841 112 ; \n \nDirection d\u00e9partementale de l'emploi, du travail et des solidarit\u00e9s de C\u00f4te-d'Or - 21-2025-09-22-00004 - Arr\u00eat\u00e9 de renouvellement\nagr\u00e9ment ESUS/Le Champ des sourires SIREN 911841112 5\n \nDDETS 21, Cit\u00e9 administrative Dampierre, 6 rue Chancelier de l'Hospital, CS 15381, 21053 Dijon Cedex T\u00e9l. : 03 80 68 39 41 (Accueil) \nwww.cote-dor.gouv.fr \n \nVu - L'arr\u00eat\u00e9 portant agr\u00e9ment ESUS du 7 novembre 2022 d\u00e9j\u00e0 accord\u00e9 au Champ des sourires pour une \ndur\u00e9e de cinq ans; \n \nVu - la convention d'application annuelle pour 2025 de la convention cadre pluriannuelle n\u00b0 021 011023 ACI \n00013 03 du 8 juillet 2025 portant sur l'insertion par l'activit\u00e9 \u00e9conomique; \n \nVu - L'article L 3332-17-1, II, 4\u00b0 du Code du Travail, visant les ateliers et chantiers d'insertion (ACI);  \n \nVu - La compl\u00e9tude du dossier en date du 19 septembre 2025. \n \n\u2026\u2026\u2026\u2026. \n \nConsid\u00e9rant, que l'Economie Sociale et Solidaire (ESS) est \u00ab un mode d'entreprendre et de \nd\u00e9veloppement \u00e9conomique, adapt\u00e9 \u00e0 tous les domaines de l'activit\u00e9 humaine remplissant les conditions \ncumulatives, de recherche d'une utilit\u00e9 sociale et non du seul profit, d'une gouvernance d\u00e9mocratique, \nd'une affectation des b\u00e9n\u00e9fices majoritairement consacr\u00e9s au maintien ou au d\u00e9veloppement de l'entreprise \nainsi qu'\u00e0 des r\u00e9serves impartageables et non distribuables (principes de bonne gestion) \u00bb ; \n \nConsid\u00e9rant, que l'association Le Champ des Sourires, SIREN 911 841 112, est reconnue Atelier et \nChantier d'Insertion ;  \n \nConsid\u00e9rant, que cette reconnaissance lui permet de b\u00e9n\u00e9ficier de plein droit de l'agr\u00e9ment ESUS ; \n \nConsid\u00e9rant, l'attestation sur l'honneur d'absence de titres en capital sur les march\u00e9s financiers de \nl'association Le Champ des Sourires;   \n \nConsid\u00e9rant, notamment le respect des principes de la politique de r\u00e9mun\u00e9ration; \n \nConsid\u00e9rant, qu'au vu des \u00e9l\u00e9ments pr\u00e9sent\u00e9s ci-dessus, l'association Le Champ des Sourires, remplit les \nconditions requises pour b\u00e9n\u00e9ficier de l'agr\u00e9ment d'Entreprise Solidaire et d'Utilit\u00e9 Sociale (ESUS) de plein \ndroit. \n \nARR\u00caTE \n \nArticle 1 : L'association Le Champ des Sourires dont le si\u00e8ge social se situe 37 rue de Talant, 2100 DIJON, \nr\u00e9f\u00e9renc\u00e9e par le num\u00e9ro SIRET 911 841 112 00012 se voit accorder l'agr\u00e9ment d'Entreprise Solidaire \nd'Utilit\u00e9 Sociale (ESUS) pour 5 ans, \u00e0 compter du 22 septembre 2025 et jusqu'au 21 septembre 2030 selon \nles crit\u00e8res issus de l'article L3332-17-1 du code du travail en vigueur \u00e0 la date de la pr\u00e9sente d\u00e9cision ; \n \nArticle 2 : Le pr\u00e9sent arr\u00eat\u00e9 sera publi\u00e9 au recueil des actes administratifs de la Pr\u00e9fecture de la C\u00f4te d'Or. \n  \n \n \n \nPour le Pr\u00e9fet de D\u00e9partement, \nEt par d\u00e9l\u00e9gation de la Directrice D\u00e9partementale emp\u00each\u00e9e, \nLa Cheffe du P\u00f4le Emploi et Coh\u00e9sion Territoriale, \n \nSIGNE \n \nFabienne BAILLY \nDirection d\u00e9partementale de l'emploi, du travail et des solidarit\u00e9s de C\u00f4te-d'Or - 21-2025-09-22-00004 - Arr\u00eat\u00e9 de renouvellement\nagr\u00e9ment ESUS/Le Champ des sourires SIREN 911841112 6\nDirection d\u00e9partementale des territoires de la\nC\u00f4te-d'Or\nService Pr\u00e9servation et Am\u00e9nagement de\nl'Espace (SPAE)\n21-2025-09-23-00001\nBAR\u00c8MES FOIN SEIGLE FOURRAGER 2025\nDirection d\u00e9partementale des territoires de la C\u00f4te-d'Or - 21-2025-09-23-00001 - BAR\u00c8MES FOIN SEIGLE FOURRAGER 2025 7\nDirection d\u00e9partementale des territoires de la C\u00f4te-d'Or - 21-2025-09-23-00001 - BAR\u00c8MES FOIN SEIGLE FOURRAGER 2025 8\nDirection d\u00e9partementale des territoires de la\nC\u00f4te-d'Or\nService S\u00e9curit\u00e9 et Education Routi\u00e8re\n21-2025-09-19-00003\nAP 1437 20250919 RAA A38\nTravauxR\u00e9fectionCoucheRoulement\nDirection d\u00e9partementale des territoires de la C\u00f4te-d'Or - 21-2025-09-19-00003 - AP 1437 20250919 RAA A38\nTravauxR\u00e9fectionCoucheRoulement 9\nzsPREFETDELACOTE-D'ORLibert\u00e9Egalit\u00e9Fraternit\u00e9\nDirection d\u00e9partementale des territoires\nde la C\u00f4te-d'Or\nService de la S\u00e9curit\u00e9 et de l'\u00c9ducation Routi\u00e8re\nBureau de la S\u00e9curit\u00e9 Routi\u00e8re\nDijon, le 19 septembre 2025\nArr\u00eat\u00e9 N\u00b0 1437\nportant r\u00e9glementation temporaire de la circulation sur l'autoroute A38 dans les 2 sens \u00e0 \nl'occasion de travaux de r\u00e9fection de la couche de roulement du PR 13+700 au PR 11+570 \nsur le territoire de la commune de Remilly en Montagne\nLe pr\u00e9fet de la C\u00f4te-d'Or\nVU le code de la route, notamment les articles R.411-21-1-et R.130-5,\nVU le code de la voirie routi\u00e8re,\nVU le code g\u00e9n\u00e9ral des collectivit\u00e9s territoriales,\nVU la loi n\u00b02022-217 du 21 f\u00e9vrier 2022 relative \u00e0 la diff\u00e9renciation, la d\u00e9centralisation, la  \nd\u00e9concentration et portant diverses mesures de simplification de l'action publique locale,\nVU le d\u00e9cret n\u00b02022-459 du 30 mars 2022 fixant la liste des voies non conc\u00e9d\u00e9es du  \ndomaine  public  routier  national  qui  peuvent  \u00eatre  transf\u00e9r\u00e9es  aux  d\u00e9partements  et \nm\u00e9tropoles ou mises \u00e0 disposition des r\u00e9gions dans les conditions pr\u00e9vues aux articles 38  \net 40 de la loi n\u00b02022-217 du 21 f\u00e9vrier 2022,\nVU le d\u00e9cret du 10 octobre 2024 nommant Paul MOURIER, pr\u00e9fet de la r\u00e9gion Bourgogne-\nFranche-Comt\u00e9, pr\u00e9fet de la C\u00f4te-d'Or,\nVU  l'arr\u00eat\u00e9 interminist\u00e9riel du 24 novembre 1967 modifi\u00e9, relatif \u00e0 la signalisation des  \nroutes et autoroutes,\nVU l'arr\u00eat\u00e9 du 6 novembre 1992 modifi\u00e9 approuvant les nouvelles dispositions du livre I de \nl'instruction  interminist\u00e9rielle  sur  la  signalisation  routi\u00e8re,  (8 e partie  :  signalisation \ntemporaire),\nVU  l'arr\u00eat\u00e9  pr\u00e9fectoral  n\u00b021-2023-05-02-00001  du  2  mai  2023  relatif  au  transfert  au \nd\u00e9partement de C\u00f4te-d'Or de sections de routes et autoroutes class\u00e9es dans le domaine  \npublic routier national,\nDirection d\u00e9partementale des territoires de la C\u00f4te-d'Or\n57 rue de Mulhouse- BP 53317 - 21033 DIJON cedex\nt\u00e9l : 03 80 29 44 44 \u2013 Courriel : ddt@cote-dor.gouv.fr\nDirection d\u00e9partementale des territoires de la C\u00f4te-d'Or - 21-2025-09-19-00003 - AP 1437 20250919 RAA A38\nTravauxR\u00e9fectionCoucheRoulement 10\n2/4\nVU  l'arr\u00eat\u00e9 pr\u00e9fectoral n\u00b0 1010 /SG du 02 juillet 2025 donnant d\u00e9l\u00e9gation de signature \u00e0  \nMadame Aur\u00e9lie CONTRECIVILE, directrice de cabinet du pr\u00e9fet de la C\u00f4te-d'Or,\nVU la note du 23 janvier 2025 du Minist\u00e8re de l'Am\u00e9nagement du Territoire et de la  \nD\u00e9centralisation,  Minist\u00e8re  charg\u00e9  des  Transports,  fixant  le  calendrier  des  jours  hors \nchantiers pour l'ann\u00e9e 2025,\nVU  la demande en date du 24 mars 2025 du Pr\u00e9sident du Conseil D\u00e9partemental de la  \nC\u00f4te-d'Or,\nVU l'avis favorable de l'escadron d\u00e9partemental de s\u00e9curit\u00e9 routi\u00e8re de la C\u00f4te-d'Or en  \ndate du 10 septembre 2025,\nCONSID\u00c9RANT que pendant les travaux de r\u00e9fection de la couche de roulement, il y a lieu \nde pr\u00e9ciser les conditions de circulation afin de pr\u00e9venir tout risque d'accident, de faciliter \nla bonne ex\u00e9cution des travaux et d'assurer un \u00e9coulement satisfaisant du trafic,\nCONSID\u00c9RANT que la section concern\u00e9e par les travaux est situ\u00e9e hors agglom\u00e9ration,\nSUR proposition de Madame la Directrice D\u00e9partementale des Territoires de la C\u00f4te-d'Or,\nARR\u00caTE\nArticle 1  er     :  \nLes dispositions du pr\u00e9sent arr\u00eat\u00e9 s'appliqueront du lundi 29 septembre 8 h au vendredi 31 \noctobre 16 h pour les 2 phases\nArticle     2     :  \nPendant  l'ex\u00e9cution  des  travaux  ci-dessus  d\u00e9sign\u00e9s,  la  circulation  s'effectuera  dans  les \nconditions suivantes :\nPhase 1:\nNeutralisation de la voie v\u00e9hicule lent et de la voie lente sens Dijon-Pouilly :\n- le flux sera bascul\u00e9 sur la voie rapide du PR 14+000 \u00e0 11+000.\nPhase 2: \nBasculement de la circulation du sens Dijon-Pouilly sur la chauss\u00e9e sens Pouilly-Dijon :\n- le flux sera bascul\u00e9 sur la chauss\u00e9e oppos\u00e9e entre les ITPC des PR 15+530 et 11+170.\nNeutralisation de la voie r\u00e9serv\u00e9e aux v\u00e9hicules lents :\n- du PR 18+900 au PR15+520 dans le sens Dijon-Pouilly.\nFermeture de bretelle :\n- la bretelle 3 (Dijon \u2013 Mesmont)  de l'\u00e9changeur n\u00b029 de Mesmont sera ferm\u00e9e.\nUne d\u00e9viation sera mise en place par la RD905 du PR64+900 au PR 70+600, depuis la sortie  \nde Pont de Pany (bretelle n\u00b04).\nDirection d\u00e9partementale des territoires de la C\u00f4te-d'Or\n57 rue de Mulhouse- BP 53317 - 21033 DIJON cedex\nt\u00e9l : 03 80 29 44 44 \u2013 Courriel : ddt@cote-dor.gouv.fr\nDirection d\u00e9partementale des territoires de la C\u00f4te-d'Or - 21-2025-09-19-00003 - AP 1437 20250919 RAA A38\nTravauxR\u00e9fectionCoucheRoulement 11\n3/4\nArticle 3     :  \nCertaines  phases  pr\u00e9paratoires  ou  de  mise  en  place  de  la  signalisation  du  chantier \npourront  n\u00e9cessiter  des  r\u00e9ductions  momentan\u00e9es  de  chauss\u00e9e  ou  des  interruptions \ncourtes de circulation.\nArticle 4 :\nSur le parcours des sections soumises \u00e0 ces restrictions provisoires, les conducteurs des  \nv\u00e9hicules devront le cas \u00e9ch\u00e9ant, se conformer aux indications des services de police et  \ndes agents du Conseil d\u00e9partemental, tant en ce qui concerne le trajet \u00e0 suivre que l'arr\u00eat  \ns'il leur est prescrit.\nArticle 5     :  \nPassage des convois exceptionnels : sans objet.\nArticle 6     :  \nLa  signalisation  r\u00e9glementaire,  conforme  \u00e0  l'instruction  interminist\u00e9rielle  (Livre I  \u2013 8\u00e8me \npartie) approuv\u00e9e par arr\u00eat\u00e9  interminist\u00e9riel le 6 novembre 1992 et aux manuels du chef  \nde chantier, sera fournie, mise en place et maintenue par le CEI de l'autoroute A38.\nArticle 7     :  \nLes infractions au pr\u00e9sent arr\u00eat\u00e9 seront constat\u00e9es par proc\u00e8s-verbaux dress\u00e9s par les  \nforces de l'ordre.\nArticle 8     :  \nLors de l'ach\u00e8vement des travaux et avant le r\u00e9tablissement normal de la circulation, la  \nchauss\u00e9e devra \u00eatre propre et satisfaire aux conditions normales de s\u00e9curit\u00e9.\nArticle 9     :  \nLe pr\u00e9sent arr\u00eat\u00e9 sera affich\u00e9 aux abords imm\u00e9diats du chantier.\nArticle 10     :  \nLe pr\u00e9sent arr\u00eat\u00e9 peut faire l'objet d'un recours gracieux aupr\u00e8s du pr\u00e9fet et/ou d'un  \nrecours contentieux devant le tribunal administratif dans un d\u00e9lai de 2 mois \u00e0 compter de  \nsa notification.\nLe tribunal administratif peut \u00eatre saisi par un recours d\u00e9pos\u00e9 via l'application T\u00e9l\u00e9recours  \ncitoyens accessible par le site internet www.telerecours.fr \u00bb.\nArticle 11:\n- La Directrice de Cabinet du pr\u00e9fet de la C\u00f4te-d'Or,\n- Le Pr\u00e9sident du Conseil D\u00e9partemental de la C\u00f4te-d'Or,\n- Le  Commandant  de  la  R\u00e9gion  de  Gendarmerie  de  Bourgogne-Franche-Comt\u00e9  et  du \nGroupement d\u00e9partemental de la C\u00f4te-d'Or,\nsont charg\u00e9s, chacun en ce qui le concerne, de l'ex\u00e9cution du pr\u00e9sent arr\u00eat\u00e9.\nLe pr\u00e9sent arr\u00eat\u00e9 sera publi\u00e9 au recueil des actes administratifs de la Pr\u00e9fecture de la C\u00f4te-\nd'Or.\nDirection d\u00e9partementale des territoires de la C\u00f4te-d'Or\n57 rue de Mulhouse- BP 53317 - 21033 DIJON cedex\nt\u00e9l : 03 80 29 44 44 \u2013 Courriel : ddt@cote-dor.gouv.fr\nDirection d\u00e9partementale des territoires de la C\u00f4te-d'Or - 21-2025-09-19-00003 - AP 1437 20250919 RAA A38\nTravauxR\u00e9fectionCoucheRoulement 12\n4/4\nUne copie du pr\u00e9sent arr\u00eat\u00e9 sera adress\u00e9e pour information :\n\u2022 \u00e0 la Direction Interd\u00e9partementale de la Police Nationale\n\u2022 au service d\u00e9partemental d'incendie et de secours de la C\u00f4te-d'Or,\n\u2022 au SAMU de Dijon,\n\u2022 aux communes de Sainte-Marie-sur-Ouche, Pralon, Agey, Mesmont\nFait \u00e0 Dijon, le  19 septembre 2025\nLe pr\u00e9fet,\nPour le pr\u00e9fet, par d\u00e9l\u00e9gation,\nLa directrice de cabinet,\nSIGN\u00c9\nAur\u00e9lie CONTRECIVILE\nDirection d\u00e9partementale des territoires de la C\u00f4te-d'Or\n57 rue de Mulhouse- BP 53317 - 21033 DIJON cedex\nt\u00e9l : 03 80 29 44 44 \u2013 Courriel : ddt@cote-dor.gouv.fr\nDirection d\u00e9partementale des territoires de la C\u00f4te-d'Or - 21-2025-09-19-00003 - AP 1437 20250919 RAA A38\nTravauxR\u00e9fectionCoucheRoulement 13\nDirection d\u00e9partementale des territoires de la\nC\u00f4te-d'Or\nService S\u00e9curit\u00e9 et Education Routi\u00e8re\n21-2025-09-19-00004\nAP 1438 20250919 RAA M274\nCampagneEntretienS40\nDirection d\u00e9partementale des territoires de la C\u00f4te-d'Or - 21-2025-09-19-00004 - AP 1438 20250919 RAA M274\nCampagneEntretienS40 14\nzsPREFETDELACOTE-D'ORLibert\u00e9Egalit\u00e9Fraternit\u00e9\nDirection d\u00e9partementale des territoires\nde la C\u00f4te-d'Or\nService de la S\u00e9curit\u00e9 et de l'\u00c9ducation Routi\u00e8re\nBureau de la S\u00e9curit\u00e9 Routi\u00e8re\n Dijon, le 19 septembre 2025\nArr\u00eat\u00e9 N\u00b0 1438\nportant r\u00e9glementation temporaire de la circulation pour la r\u00e9alisation de travaux \nd'entretien sur la M274 dans les 2 sens de circulation du PR 13+200 au PR 18+300 sur les \ncommunes de Longvic, Dijon, Ruffey-les-Echirey, Ahuy, Fontaine-les-Dijon, Daix, Talant, \nPlombi\u00e8res-les-Dijon et Saint-Apollinaire.\nLe pr\u00e9fet de la C\u00f4te-d'Or\nVU le Code de la Route ;\nVU le Code de la Voirie Routi\u00e8re ;\nVU la loi n\u00b02022-217 du 21 f\u00e9vrier 2022 relative \u00e0 la diff\u00e9renciation, la d\u00e9centralisation, la  \nd\u00e9concentration et portant diverses mesures de simplification de l'action publique locale ;\nVU le d\u00e9cret en Conseil d'\u00c9tat du 6 f\u00e9vrier 1980 d\u00e9clarant d'utilit\u00e9 publique la construction \nde la rocade Est de Dijon et lui conf\u00e9rant le statut de route express ;\nVU le d\u00e9cret 2009- 615 du 3 juin 2009 modifi\u00e9, fixant la liste des routes class\u00e9es \u00e0 grande  \ncirculation ;\nVU le d\u00e9cret n\u00b02022-459 du 30 mars 2022 fixant la liste des voies non conc\u00e9d\u00e9es du  \ndomaine  public  routier  national  qui  peuvent  \u00eatre  transf\u00e9r\u00e9es  aux  d\u00e9partements  et \nm\u00e9tropoles ou mises \u00e0 disposition des r\u00e9gions dans les conditions pr\u00e9vues aux articles 38  \net 40 de la loi n\u00b02022-217 du 21 f\u00e9vrier 2022 ;\nVU le d\u00e9cret du 10 octobre 2024 nommant Paul MOURIER, pr\u00e9fet de la r\u00e9gion Bourgogne-\nFranche-Comt\u00e9, pr\u00e9fet de la C\u00f4te-d'Or ;\nDirection d\u00e9partementale des territoires de la C\u00f4te-d'Or\n57 rue de Mulhouse- BP 53317 - 21033 DIJON cedex\nt\u00e9l : 03 80 29 44 44 \u2013 Courriel : ddt@cote-dor.gouv.fr\nDirection d\u00e9partementale des territoires de la C\u00f4te-d'Or - 21-2025-09-19-00004 - AP 1438 20250919 RAA M274\nCampagneEntretienS40 15\n2/6\nVU  l'arr\u00eat\u00e9 interminist\u00e9riel du 24 novembre 1967 modifi\u00e9, relatif \u00e0 la signalisation des  \nroutes et autoroutes ;\nVU  l'arr\u00eat\u00e9 interminist\u00e9riel du 6 novembre 1992 modifi\u00e9, approuvant les dispositions de  \nl'instruction interminist\u00e9rielle sur la signalisation routi\u00e8re ;\nVU  l'arr\u00eat\u00e9  pr\u00e9fectoral  n\u00b021-2023-05-02-00002  du  2  mai  2023  relatif  au  transfert  \u00e0  la \nM\u00e9tropole de Dijon de sections de routes et autoroutes class\u00e9es dans le domaine public  \nroutier national ;\nVU  l'arr\u00eat\u00e9 pr\u00e9fectoral n\u00b0 1010 /SG du 02 juillet 2025 donnant d\u00e9l\u00e9gation de signature \u00e0  \nMadame Aur\u00e9lie CONTRECIVILE, directrice de cabinet du pr\u00e9fet de la C\u00f4te-d'Or ;\nVU la note du 23 janvier 2025 du Minist\u00e8re de l'Am\u00e9nagement du Territoire et de la  \nD\u00e9centralisation,  Minist\u00e8re  charg\u00e9  des  Transports,  fixant  le  calendrier  des  jours  hors \nchantiers pour l'ann\u00e9e 2025 ;\nVU la demande pr\u00e9sent\u00e9e par la M\u00e9tropole de Dijon - CEI de Dijon le 15 septembre 2025 ;\nVU l'avis favorable de la Direction Interd\u00e9partementale de la Police Nationale en date du  \n16 septembre 2025 ;\nVU l'avis favorable de l'Escadron D\u00e9partemental de S\u00e9curit\u00e9 Routi\u00e8re de Gendarmerie en  \ndate du 17 septembre 2025 ;\nCONSID\u00c9RANT que  pendant  les  travaux  d'entretien  sur  la  M274  (maintenance  des \nautomates du tunnel, balayage de chauss\u00e9e, nettoyage du r\u00e9seau d'eaux pluviales)  il y a  \nlieu de pr\u00e9ciser les conditions de circulation afin de pr\u00e9venir tout risque d'accident, de  \nfaciliter la bonne ex\u00e9cution des travaux et d'assurer un \u00e9coulement satisfaisant du trafic ;\nCONSID\u00c9RANT que la section concern\u00e9e par les travaux est situ\u00e9e hors agglom\u00e9ration ;\nSUR proposition de Madame la Directrice D\u00e9partementale des Territoires de la C\u00f4te-d'Or ;\nARR\u00caTE\nArticle 1 :\nLes travaux  d'entretien concernent la M274 dans  les 2 sens  de circulation (Paris-Lyon et  \nLyon-Paris), du PR 13+200 au PR 18+300.\nLes  dispositions  du  pr\u00e9sent  arr\u00eat\u00e9  s'appliqueront  les  nuits  de  21 h  \u00e0  6 h  du  lundi  29 \nseptembre au vendredi 3 octobre 2025.\nDirection d\u00e9partementale des territoires de la C\u00f4te-d'Or\n57 rue de Mulhouse- BP 53317 - 21033 DIJON cedex\nt\u00e9l : 03 80 29 44 44 \u2013 Courriel : ddt@cote-dor.gouv.fr\nDirection d\u00e9partementale des territoires de la C\u00f4te-d'Or - 21-2025-09-19-00004 - AP 1438 20250919 RAA M274\nCampagneEntretienS40 16\n3/6\nArticle 2 :\nPendant l'ex\u00e9cution des travaux ci-dessus d\u00e9sign\u00e9s sur la M274, la circulation s'effectuera  \ndans les conditions suivantes :\n\u2013 Phase 1 : 1 nuit du lundi 22 au mardi 23 septembre 2025\nCoupure d'axe et fermeture de bretelles\nLa M274 sera ferm\u00e9e \u00e0 la circulation de l'\u00e9changeur n\u00b037 Ahuy (PR 13+050) \u00e0 l'\u00e9changeur  \nn\u00b034 Plombi\u00e8res les Dijon (PR 18+262) dans les 2 sens de circulation :\n\ue00c Fermetures :\n\u2022 \u00c9changeur n\u00b034 Plombi\u00e8res les Dijon, fermeture de la section courante au PR  \n18+275 sens Paris\u2192Lyon,\n\u2022 \u00c9changeur n\u00b035 de Talant, fermeture de la section courante au PR 16+250 sens  \nLyon->Paris et PR 16+225 sens Paris\u2192Lyon,\n\u2022 \u00c9changeur n\u00b036 Daix, fermeture de la bretelle d'entr\u00e9e n\u00b02,\n\u2022 \u00c9changeur n\u00b037 Ahuy, fermeture de la section courante au PR 13+200 sens Lyon-\n>Paris et de la bretelle d'entr\u00e9e n\u00b02.\nDes d\u00e9viations seront mises en place \u00e0 l'attention des usagers.\n- En direction de Lyon :\n\ue00c depuis l'\u00e9changeur n\u00b0 34 Plombi\u00e8res (PR18+262) :\n\u2022 M905,\n\u2022 Bd de l'Ouest,\n\u2022 Bd de Ch\u00e8vre Morte,\n\u2022 Bd des Clomiers,\n\u2022 Bd Fran\u00e7ois Pompon,\n\u2022 Bd des Aiguillottes,\n\u2022 Bd des Allobroges,\n\u2022 Bd Mar\u00e9chal Gallieni,\n\u2022 Bd Pascal,\n\u2022 Place Saint-Exup\u00e9ry,\n\u2022 Bd Joffre,\n\u2022 M974 (av de Langres),\n\u2022 retour sur M274 via l'\u00e9changeur n\u00b038 Pompidou (PR12+070).\n\ue00c depuis l'\u00e9changeur n\u00b0 35 Talant (PR16+400) :\n\u2022 M971 (Bd de Troyes),\n\u2022 Bd Fran\u00e7ois Pompon,\n\u2022 Bd des Aiguillottes,\n\u2022 Bd des Allobroges,\n\u2022 Bd Mar\u00e9chal Gallieni,\n\u2022 Bd Pascal,\n\u2022 Place Saint-Exup\u00e9ry,\n\u2022 Bd Joffre,\n\u2022 M974 (av de Langres),\nDirection d\u00e9partementale des territoires de la C\u00f4te-d'Or\n57 rue de Mulhouse- BP 53317 - 21033 DIJON cedex\nt\u00e9l : 03 80 29 44 44 \u2013 Courriel : ddt@cote-dor.gouv.fr\nDirection d\u00e9partementale des territoires de la C\u00f4te-d'Or - 21-2025-09-19-00004 - AP 1438 20250919 RAA M274\nCampagneEntretienS40 17\n4/6\n\u2022 retour sur M274 via l'\u00e9changeur n\u00b038 Pompidou (PR12+070).\n\ue00c depuis l'\u00e9changeur n\u00b0 36 Daix (PR15+600) :\n\u2022 Rue d'Hauteville,\n\u2022 Route de Dijon,\n\u2022 M107 (rue d'Hauteville, rue de Dijon),\n\u2022 Bd des Allobroges,\n\u2022 Bd Mar\u00e9chal Gallieni,\n\u2022 Bd Pascal,\n\u2022 Place Saint-Exup\u00e9ry,\n\u2022 Bd Joffre,\n\u2022 M974 (av de Langres),\n\u2022 retour sur M274 via l'\u00e9changeur n\u00b038 Pompidou (PR12+070).\nEn direction de Paris :\n\ue00c depuis l'\u00e9changeur n\u00b0 37 Ahuy (PR13+050) :\n\u2022 M274,\n\u2022 \u00c9changeur n\u00b038 Pompidou bretelle n\u00b03,\n\u2022 M974 (av de Langres/ av du Drapeau),\n\u2022 Bd Mar\u00e9chal Gallieni,\n\u2022 Bd des Allobroges,\n\u2022 Bd des Aiguillottes,\n\u2022 Bd Fran\u00e7ois Pompon,\n\u2022 Bd des Clomiers,\n\u2022 Bd de Ch\u00e8vre Morte,\n\u2022 Bd de l'Ouest,\n\u2022 M905,\n\u2022 retour sur M274 via l'\u00e9changeur n\u00b034 Plombi\u00e8res (PR18+262).\n\ue00c depuis l'\u00e9changeur n\u00b035 Talant (PR16+400) :\n\u2022 M971 (Bd de Troyes),\n\u2022 Bd des Clomiers,\n\u2022 Bd de Ch\u00e8vre Morte,\n\u2022 Bd de l'Ouest,\n\u2022 M905,\n\u2022 retour sur M274 via l'\u00e9changeur n\u00b034 Plombi\u00e8res (PR18+262).\nArticle 3 :\nCertaines  phases  pr\u00e9paratoires  ou  de  mise  en  place  de  la  signalisation  du  chantier \npourront  n\u00e9cessiter  des  r\u00e9ductions  momentan\u00e9es  de  chauss\u00e9e  ou  des  interruptions \ncourtes de circulation.\nArticle 4 :\nSur le parcours des sections soumises \u00e0 ces restrictions provisoires, les conducteurs des  \nv\u00e9hicules devront le cas \u00e9ch\u00e9ant, se conformer aux indications des services de police, des \nDirection d\u00e9partementale des territoires de la C\u00f4te-d'Or\n57 rue de Mulhouse- BP 53317 - 21033 DIJON cedex\nt\u00e9l : 03 80 29 44 44 \u2013 Courriel : ddt@cote-dor.gouv.fr\nDirection d\u00e9partementale des territoires de la C\u00f4te-d'Or - 21-2025-09-19-00004 - AP 1438 20250919 RAA M274\nCampagneEntretienS40 18\n5/6\nservices de secours ou des agents du CEI de Dijon M\u00e9tropole , tant en ce qui concerne le  \ntrajet \u00e0 suivre que l'arr\u00eat s'il leur est prescrit.\nArticle 5 :\nLe passage des convois exceptionnels sera interdit sur l'itin\u00e9raire de d\u00e9viation.\nArticle 6 :\nLa signalisation r\u00e9glementaire, conforme \u00e0 l'instruction interminist\u00e9rielle (Livre I \u2013 8e partie) \napprouv\u00e9e par arr\u00eat\u00e9 interminist\u00e9riel le 6 novembre 1992 et aux manuels du chef de  \nchantier, sera fournie, mise en place et maintenue par le CEI de Dijon.\nArticle 7 :\nLes infractions au pr\u00e9sent arr\u00eat\u00e9 seront constat\u00e9es par proc\u00e8s-verbaux dress\u00e9s par les  \nforces de l'ordre.\nArticle 8 :\nLors de l'ach\u00e8vement des travaux et avant le r\u00e9tablissement normal de la circulation, la  \nchauss\u00e9e devra \u00eatre propre et satisfaire aux conditions normales de s\u00e9curit\u00e9.\nArticle 9 :\nLe pr\u00e9sent arr\u00eat\u00e9 sera affich\u00e9 aux abords imm\u00e9diats du chantier.\nArticle 10 :\nLe pr\u00e9sent arr\u00eat\u00e9 peut faire l'objet d'un recours gracieux aupr\u00e8s du pr\u00e9fet et/ou d'un  \nrecours contentieux devant le tribunal administratif dans un d\u00e9lai de 2 mois \u00e0 compter de  \nsa notification.\nLe tribunal administratif peut \u00eatre saisi par un recours d\u00e9pos\u00e9 via l'application T\u00e9l\u00e9recours  \ncitoyens accessible par le site internet www.telerecours.fr \u00bb.\nArticle 11 :\n- La Directrice de Cabinet du pr\u00e9fet de la C\u00f4te-d'Or,\n- Le Pr\u00e9sident de Dijon M\u00e9tropole,\n- Le Directeur Interd\u00e9partemental de la Police Nationale,\nsont charg\u00e9s, chacun en ce qui le concerne, de l'ex\u00e9cution du pr\u00e9sent arr\u00eat\u00e9.\nLe pr\u00e9sent arr\u00eat\u00e9 sera publi\u00e9 au recueil des actes administratifs de la Pr\u00e9fecture de la C\u00f4te-\nd'Or.\nUne copie du pr\u00e9sent arr\u00eat\u00e9 sera adress\u00e9e pour information :\n- au  Commandant  de  la  R\u00e9gion  de  Gendarmerie  de  Bourgogne-Franche-Comt\u00e9,  \ncommandant du groupement de la C\u00f4te-d'Or,\n-  \u00e0 la Direction Interd\u00e9partementale de la Police Nationale,\nDirection d\u00e9partementale des territoires de la C\u00f4te-d'Or\n57 rue de Mulhouse- BP 53317 - 21033 DIJON cedex\nt\u00e9l : 03 80 29 44 44 \u2013 Courriel : ddt@cote-dor.gouv.fr\nDirection d\u00e9partementale des territoires de la C\u00f4te-d'Or - 21-2025-09-19-00004 - AP 1438 20250919 RAA M274\nCampagneEntretienS40 19\n6/6\n- au Service D\u00e9partemental d'Incendie et de Secours de la C\u00f4te-d'Or,\n- \u00e0 la direction du SAMU de Dijon,\n- au CEI de Dijon M\u00e9tropole,\n- \u00e0 la direction de l'exploitation de Dijon M\u00e9tropole,\n- \u00e0 la direction d\u00e9partementale des territoires de la Sa\u00f4ne-et-Loire, service des transports  \nexceptionnels,\n- aux  communes  de  Longvic,  Dijon,  Ruffey-les-Echirey,  Ahuy,  Fontaine-les-Dijon,  Daix, \nTalant, Plombi\u00e8res-les-Dijon et Saint-Apollinaire.\nFait \u00e0 Dijon, le 19 septembre 2025\nLe pr\u00e9fet,\nPour le pr\u00e9fet et par d\u00e9l\u00e9gation ,\nLa directrice de cabinet,\nSIGN\u00c9\nAur\u00e9lie CONTRECIVILE\nDirection d\u00e9partementale des territoires de la C\u00f4te-d'Or\n57 rue de Mulhouse- BP 53317 - 21033 DIJON cedex\nt\u00e9l : 03 80 29 44 44 \u2013 Courriel : ddt@cote-dor.gouv.fr\nDirection d\u00e9partementale des territoires de la C\u00f4te-d'Or - 21-2025-09-19-00004 - AP 1438 20250919 RAA M274\nCampagneEntretienS40 20\nDirection d\u00e9partementale des territoires de la\nC\u00f4te-d'Or\nService S\u00e9curit\u00e9 et Education Routi\u00e8re\n21-2025-09-25-00001\nAP M274 Report\nCampagneRenouvellementSignalisationHorizont\naleS39 RAA \nDirection d\u00e9partementale des territoires de la C\u00f4te-d'Or - 21-2025-09-25-00001 - AP M274 Report\nCampagneRenouvellementSignalisationHorizontaleS39 RAA 21\nzsPREFETDELACOTE-D'ORLibert\u00e9Egalit\u00e9Fraternit\u00e9\nDirection d\u00e9partementale des territoires\nde la C\u00f4te-d'Or\nService de la S\u00e9curit\u00e9 et de l'\u00c9ducation Routi\u00e8re\nBureau de la S\u00e9curit\u00e9 Routi\u00e8re\n Dijon, le 25 septembre 2025\nArr\u00eat\u00e9 N\u00b0 1435\nportant modification de l'arr\u00eat\u00e9 pr\u00e9fectoral n\u00b01423 du 15 septembre 2025 portant \nr\u00e9glementation temporaire de la circulation pour la r\u00e9alisation de travaux de \nrenouvellement de signalisation horizontale sur la M274 dans les 2 sens de circulation du \nPR0+000 au PR 12+000 sur les communes de Longvic, Dijon, Ruffey-les-Echirey, Ahuy, \nFontaine-les-Dijon, Daix, Talant, Plombi\u00e8res-les-Dijon et Saint-Apollinaire.\nLe pr\u00e9fet de la C\u00f4te-d'Or\nVU le Code de la Route ;\nVU le Code de la Voirie Routi\u00e8re ;\nVU la loi n\u00b02022-217 du 21 f\u00e9vrier 2022 relative \u00e0 la diff\u00e9renciation, la d\u00e9centralisation, la  \nd\u00e9concentration et portant diverses mesures de simplification de l'action publique locale ;\nVU le d\u00e9cret en Conseil d'\u00c9tat du 6 f\u00e9vrier 1980 d\u00e9clarant d'utilit\u00e9 publique la construction \nde la rocade Est de Dijon et lui conf\u00e9rant le statut de route express ;\nVU le d\u00e9cret 2009- 615 du 3 juin 2009 modifi\u00e9, fixant la liste des routes class\u00e9es \u00e0 grande  \ncirculation ;\nVU le d\u00e9cret n\u00b02022-459 du 30 mars 2022 fixant la liste des voies non conc\u00e9d\u00e9es du  \ndomaine  public  routier  national  qui  peuvent  \u00eatre  transf\u00e9r\u00e9es  aux  d\u00e9partements  et \nm\u00e9tropoles ou mises \u00e0 disposition des r\u00e9gions dans les conditions pr\u00e9vues aux articles 38  \net 40 de la loi n\u00b02022-217 du 21 f\u00e9vrier 2022 ;\nVU le d\u00e9cret du 10 octobre 2024 nommant Paul MOURIER, pr\u00e9fet de la r\u00e9gion Bourgogne-\nFranche-Comt\u00e9, pr\u00e9fet de la C\u00f4te-d'Or ;\nDirection d\u00e9partementale des territoires de la C\u00f4te-d'Or\n57 rue de Mulhouse- BP 53317 - 21033 DIJON cedex\nt\u00e9l : 03 80 29 44 44 \u2013 Courriel : ddt@cote-dor.gouv.fr\nDirection d\u00e9partementale des territoires de la C\u00f4te-d'Or - 21-2025-09-25-00001 - AP M274 Report\nCampagneRenouvellementSignalisationHorizontaleS39 RAA 22\n2/4\nVU  l'arr\u00eat\u00e9 interminist\u00e9riel du 24 novembre 1967 modifi\u00e9, relatif \u00e0 la signalisation des  \nroutes et autoroutes ;\nVU  l'arr\u00eat\u00e9 interminist\u00e9riel du 6 novembre 1992 modifi\u00e9, approuvant les dispositions de  \nl'instruction interminist\u00e9rielle sur la signalisation routi\u00e8re ;\nVU  l'arr\u00eat\u00e9  pr\u00e9fectoral  n\u00b021-2023-05-02-00002  du  2  mai  2023  relatif  au  transfert  \u00e0  la \nM\u00e9tropole de Dijon de sections de routes et autoroutes class\u00e9es dans le domaine public  \nroutier national ;\nVU  l'arr\u00eat\u00e9 pr\u00e9fectoral n\u00b0 1010 /SG du 02 juillet 2025 donnant d\u00e9l\u00e9gation de signature \u00e0  \nMadame Aur\u00e9lie CONTRECIVILE, directrice de cabinet du pr\u00e9fet de la C\u00f4te-d'Or ;\nVU la note du 23 janvier 2025 du Minist\u00e8re de l'Am\u00e9nagement du Territoire et de la  \nD\u00e9centralisation,  Minist\u00e8re  charg\u00e9  des  Transports,  fixant  le  calendrier  des  jours  hors \nchantiers pour l'ann\u00e9e 2025 ;\nVU la demande pr\u00e9sent\u00e9e par la M\u00e9tropole de Dijon - CEI de Dijon le 24 septembre 2025 ;\nVU l'arr\u00eat\u00e9 pr\u00e9fectoral n\u00b01423 du 15 septembre 2025 portant r\u00e9glementation temporaire  \nde  la  circulation  pour  la  r\u00e9alisation  de  travaux  de  renouvellement  de  signalisation \nhorizontale sur la M274 dans les 2 sens de circulation du PR0+000 au PR 12+000 sur les  \ncommunes  de  Longvic,  Dijon,  Ruffey-les-Echirey,  Ahuy,  Fontaine-les-Dijon,  Daix,  Talant, \nPlombi\u00e8res-les-Dijon et Saint-Apollinaire,\nCONSID\u00c9RANT que les conditions m\u00e9t\u00e9orologiques ont entrav\u00e9 la bonne ex\u00e9cution des  \ntravaux pr\u00e9vus initialement du lundi 22 septembre au vendredi 26 septembre 2025 ;\nCONSID\u00c9RANT que pendant les travaux de  renouvellement de signalisation horizontale  \nr\u00e9alis\u00e9s sur le r\u00e9seau de la M274 il y a lieu de pr\u00e9ciser les conditions de circulation afin de  \npr\u00e9venir tout risque d'accident, de faciliter la bonne ex\u00e9cution des travaux et d'assurer un  \n\u00e9coulement satisfaisant du trafic ;\nCONSID\u00c9RANT que la section concern\u00e9e par les travaux est situ\u00e9e hors agglom\u00e9ration ;\nSUR proposition de Madame la Directrice D\u00e9partementale des Territoires de la C\u00f4te-d'Or ;\nARR\u00caTE\nArticle 1 :\nL'article 1 de l'arr\u00eat\u00e9  pr\u00e9fectoral n\u00b01423 du 15 septembre 2025 portant r\u00e9glementation  \ntemporaire  de  la  circulation  pour  la  r\u00e9alisation  de  travaux  de  renouvellement  de \nsignalisation horizontale sur la M274 dans les 2 sens de circulation du PR0+000 au PR  \nDirection d\u00e9partementale des territoires de la C\u00f4te-d'Or\n57 rue de Mulhouse- BP 53317 - 21033 DIJON cedex\nt\u00e9l : 03 80 29 44 44 \u2013 Courriel : ddt@cote-dor.gouv.fr\nDirection d\u00e9partementale des territoires de la C\u00f4te-d'Or - 21-2025-09-25-00001 - AP M274 Report\nCampagneRenouvellementSignalisationHorizontaleS39 RAA 23\n3/4\n12+000 sur les communes de Longvic, Dijon, Ruffey-les-Echirey, Ahuy, Fontaine-les-Dijon,  \nDaix, Talant, Plombi\u00e8res-les-Dijon et Saint-Apollinaire est modifi\u00e9 comme suit :\n- Les travaux  s'appliqueront les nuits de 21h \u00e0 6h  du lundi 29 septembre au vendredi 3  \noctobre 2025.\nArticle 2 :\nCertaines  phases  pr\u00e9paratoires  ou  de  mise  en  place  de  la  signalisation  du  chantier \npourront  n\u00e9cessiter  des  r\u00e9ductions  momentan\u00e9es  de  chauss\u00e9e  ou  des  interruptions \ncourtes de circulation.\nArticle 3 :\nSur le parcours des sections soumises \u00e0 ces restrictions provisoires, les conducteurs des  \nv\u00e9hicules devront le cas \u00e9ch\u00e9ant, se conformer aux indications des services de police, des \nservices de secours ou des agents du CEI de Dijon M\u00e9tropole , tant en ce qui concerne le  \ntrajet \u00e0 suivre que l'arr\u00eat s'il leur est prescrit.\nArticle 4 :\nLe passage des convois exceptionnels sera interdit sur l'itin\u00e9raire de d\u00e9viation.\nArticle 5 :\nLa signalisation r\u00e9glementaire, conforme \u00e0 l'instruction interminist\u00e9rielle (Livre I \u2013 8e partie) \napprouv\u00e9e par arr\u00eat\u00e9 interminist\u00e9riel le 6 novembre 1992 et aux manuels du chef de  \nchantier, sera fournie, mise en place et maintenue par le CEI de Dijon.\nArticle 6 :\nLes infractions au pr\u00e9sent arr\u00eat\u00e9 seront constat\u00e9es par proc\u00e8s-verbaux dress\u00e9s par les  \nforces de l'ordre.\nArticle 7 :\nLors de l'ach\u00e8vement des travaux et avant le r\u00e9tablissement normal de la circulation, la  \nchauss\u00e9e devra \u00eatre propre et satisfaire aux conditions normales de s\u00e9curit\u00e9.\nArticle 8 :\nLe pr\u00e9sent arr\u00eat\u00e9 sera affich\u00e9 aux abords imm\u00e9diats du chantier.\nArticle 9 :\nLe pr\u00e9sent arr\u00eat\u00e9 peut faire l'objet d'un recours gracieux aupr\u00e8s du pr\u00e9fet et/ou d'un  \nrecours contentieux devant le tribunal administratif dans un d\u00e9lai de 2 mois \u00e0 compter de  \nsa notification.\nLe tribunal administratif peut \u00eatre saisi par un recours d\u00e9pos\u00e9 via l'application T\u00e9l\u00e9recours  \ncitoyens accessible par le site internet www.telerecours.fr \u00bb.\nDirection d\u00e9partementale des territoires de la C\u00f4te-d'Or\n57 rue de Mulhouse- BP 53317 - 21033 DIJON cedex\nt\u00e9l : 03 80 29 44 44 \u2013 Courriel : ddt@cote-dor.gouv.fr\nDirection d\u00e9partementale des territoires de la C\u00f4te-d'Or - 21-2025-09-25-00001 - AP M274 Report\nCampagneRenouvellementSignalisationHorizontaleS39 RAA 24\n4/4\nArticle 10 :\n- La Directrice de Cabinet du pr\u00e9fet de la C\u00f4te-d'Or,\n- Le Pr\u00e9sident de Dijon M\u00e9tropole,\n- Le Directeur Interd\u00e9partemental de la Police Nationale,\nsont charg\u00e9s, chacun en ce qui le concerne, de l'ex\u00e9cution du pr\u00e9sent arr\u00eat\u00e9.\nLe pr\u00e9sent arr\u00eat\u00e9 sera publi\u00e9 au recueil des actes administratifs de la Pr\u00e9fecture de la C\u00f4te-\nd'Or.\nUne copie du pr\u00e9sent arr\u00eat\u00e9 sera adress\u00e9e pour information :\n- au  Commandant  de  la  R\u00e9gion  de  Gendarmerie  de  Bourgogne-Franche-Comt\u00e9,  \ncommandant du groupement de la C\u00f4te-d'Or,\n- au Service D\u00e9partemental d'Incendie et de Secours de la C\u00f4te-d'Or,\n - \u00e0 la direction du SAMU de Dijon,\n- au CEI de Dijon M\u00e9tropole,\n- \u00e0 la direction de l'exploitation de Dijon M\u00e9tropole,\n- \u00e0 la direction d\u00e9partementale des territoires de la Sa\u00f4ne-et-Loire, service des transports  \nexceptionnels,\n- aux  communes  de  Longvic,  Dijon,  Ruffey-les-Echirey,  Ahuy,  Fontaine-les-Dijon,  Daix, \nTalant, Plombi\u00e8res-les-Dijon et Saint-Apollinaire.\nFait \u00e0 Dijon, le 25 septembre 2025\nLe pr\u00e9fet,\nPour le pr\u00e9fet et par d\u00e9l\u00e9gation ,\nLa directrice de cabinet,\nSIGN\u00c9\nAur\u00e9lie CONTRECIVILE\nDirection d\u00e9partementale des territoires de la C\u00f4te-d'Or\n57 rue de Mulhouse- BP 53317 - 21033 DIJON cedex\nt\u00e9l : 03 80 29 44 44 \u2013 Courriel : ddt@cote-dor.gouv.fr\nDirection d\u00e9partementale des territoires de la C\u00f4te-d'Or - 21-2025-09-25-00001 - AP M274 Report\nCampagneRenouvellementSignalisationHorizontaleS39 RAA 25\nDRFiP Bourgogne Franche-Comt\u00e9\n21-2025-10-01-00003\nDRFIP 21 - Subd\u00e9l\u00e9gation de signature en mati\u00e8re\ndu pouvoir adjudicateur-01.10.2025\nDRFiP Bourgogne Franche-Comt\u00e9 - 21-2025-10-01-00003 - DRFIP 21 - Subd\u00e9l\u00e9gation de signature en mati\u00e8re du pouvoir\nadjudicateur-01.10.2025 26\nREPUBLIQUEFRANCAISELibert\u00e9Egalit\u00e9Fraternit\u00e9\nTvFINANCES PUBLIQUES\nDIRECTION GENERALE DES FINANCES PUBLIQUES \nDIRECTION REGIONALE DES FINANCES PUBLIQUES DE BOURGOGNE-\nFRANCHE-COMT\u00c9 ET DU DEPARTEMENT DE LA COTE D'OR\nD\u00e9cision de subd\u00e9l\u00e9gation de signature en mati\u00e8re du pouvoir adjudicateur\nL'administratrice de l'Etat,\ndirectrice r\u00e9gionale des finances publiques de Bourgogne-Franche-\nComt\u00e9 et du d\u00e9partement de la C\u00f4te-d'Or\nVU le  d\u00e9cret  n\u00b0  2004-374  du  29  avril  2004  relatif  au  pouvoir  des  pr\u00e9fets,  \u00e0\nl'organisation et \u00e0 l'action des services de l'\u00c9tat dans les r\u00e9gions et les d\u00e9partements, modifi\u00e9\npar le d\u00e9cret n\u00b02010-146 du 16 f\u00e9vrier 2010 et par le d\u00e9cret n\u00b0210-687 du 24 juin 2010 ;\nVU le d\u00e9cret n\u00b02021-1150 du 1 er d\u00e9cembre 2021 portant statut particulier du corps\ndes administrateurs de l'\u00c9tat ;\nVU le d\u00e9cret n\u00b02009-707 du 16 juin 2009 modifi\u00e9 relatif aux services d\u00e9concentr\u00e9s\nde la direction g\u00e9n\u00e9rale des finances publiques ;\nVU le d\u00e9cret n\u00b02012-1246 du 7 novembre 2012 relatif \u00e0 la gestion budg\u00e9taire et\ncomptable publique ;\nVU le d\u00e9cret du 10 octobre 2024 nommant M. Paul MOURIER, pr\u00e9fet de la r\u00e9gion\nBourgogne-Franche-Comt\u00e9, pr\u00e9fet de la C\u00f4te-d'Or, \u00e0 compter du 28 octobre 2024 ;\nVU le d\u00e9cret du 5 d\u00e9cembre 2022 de la direction g\u00e9n\u00e9rale des finances publiques\npar  lequel  Mme  H\u00e9l\u00e8ne  CROCQUEVIEILLE,  administratrice  de  l'Etat,  est  nomm\u00e9e\ndirectrice r\u00e9gionale des finances publiques de Bourgogne-Franche-Comt\u00e9 et du d\u00e9partement\nde la C\u00f4te-d'Or, \u00e0 compter du 20 d\u00e9cembre 2022 ;\nVU  l'arr\u00eat\u00e9  pr\u00e9fectoral  N\u00b0 573 /  SG  du 14 avril  2025, donnant  d\u00e9l\u00e9gation  de\nsignature  pour  les  actes  relevant  du  pouvoir  adjudicateur  \u00e0  Mme  H\u00e9l\u00e8ne\nCROCQUEVIEILLE, Administratrice de l'Etat; \nDRFiP Bourgogne Franche-Comt\u00e9 - 21-2025-10-01-00003 - DRFIP 21 - Subd\u00e9l\u00e9gation de signature en mati\u00e8re du pouvoir\nadjudicateur-01.10.2025 27\nsign\u00e9\nD E C I D E  :\nEn cas d'absence ou d'emp\u00eachement de Mme CROCQUEVIEILLE, les d\u00e9l\u00e9gations qui lui\nsont conf\u00e9r\u00e9es par arr\u00eat\u00e9 du pr\u00e9fet de la Bourgogne-Franche-Comt\u00e9 et du d\u00e9partement de la\nC\u00f4te-d'Or, seront exerc\u00e9es par :\nM. Patrick SALLES, Administrateur de l'\u00c9tat,\nM.  Patrice  MARMOT,  attach\u00e9  principal  d'administration  de  l'\u00c9tat,  chef  de  service\nadministratif,\nM. Philippe VILLIER, inspecteur divisionnaire hors classe,\nMme Christine GAMEL, inspectrice divisionnaire.\nFait \u00e0 Dijon, le 1er octobre 2025\nH\u00e9l\u00e8ne CROCQUEVIEILLE\nDRFiP Bourgogne Franche-Comt\u00e9 - 21-2025-10-01-00003 - DRFIP 21 - Subd\u00e9l\u00e9gation de signature en mati\u00e8re du pouvoir\nadjudicateur-01.10.2025 28\nDRFiP Bourgogne Franche-Comt\u00e9\n21-2025-10-01-00001\nDRFIP21 -Subd\u00e9l\u00e9gation en mati\u00e8re\nd'ordonnancement secondaire au 01.10.2025\nDRFiP Bourgogne Franche-Comt\u00e9 - 21-2025-10-01-00001 - DRFIP21 -Subd\u00e9l\u00e9gation en mati\u00e8re d'ordonnancement secondaire au\n01.10.2025 29\nREPUBLIQUEFRANCAISELibert\u00e9\u00c9galit\u00e9Fraternit\u00e9\nTvFINANCES PUBLIQUES\nDIRECTION GENERALE DES FINANCES PUBLIQUES \nDIRECTION REGIONALE DES FINANCES PUBLIQUES DE BOURGOGNE-\nFRANCHE-COMT\u00c9 ET DU DEPARTEMENT DE LA COTE D'OR\nD\u00e9cision de subd\u00e9l\u00e9gation de signature en mati\u00e8re d'ordonnancement secondaire\nLe directeur par int\u00e9rim du p\u00f4le pilotage et ressources de la direction r\u00e9gionale des finances\npubliques de  Bourgogne-Franche-Comt\u00e9 et du d\u00e9partement de la C\u00f4te-d'Or\nVU le  d\u00e9cret  n\u00b0  2004-374  du  29  avril  2004  relatif  au  pouvoir  des  pr\u00e9fets,  \u00e0\nl'organisation et \u00e0 l'action des services de l'\u00c9tat dans les r\u00e9gions et les d\u00e9partements, modifi\u00e9\npar le d\u00e9cret n\u00b02010-146 du 16 f\u00e9vrier 2010 et par le d\u00e9cret  n\u00b0210-687 du 24 juin 2010 ;\nVU le d\u00e9cret n\u00b02009-707 du 16 juin 2009 modifi\u00e9 relatif aux services d\u00e9concentr\u00e9s\nde la direction g\u00e9n\u00e9rale des finances publiques ;\nVU le d\u00e9cret n\u00b02012-1246 du 7 novembre 2012 relatif \u00e0 la gestion budg\u00e9taire et\ncomptable publique ;\nVU le d\u00e9cret du 10 octobre 2024 nommant M. Paul MOURIER, pr\u00e9fet de la r\u00e9gion\nBourgogne-Franche-Comt\u00e9, pr\u00e9fet de la C\u00f4te-d'Or, \u00e0 compter du 28 octobre 2024 ;\nVU l 'arr\u00eat\u00e9  du  Ministre  de  l'\u00e9conomie  et  des  finances  du  4  juin  2025  portant\naffectation de M. Patrick SALLES, Directeur du p\u00f4le pilotage et ressources \u00e0 la direction\nr\u00e9gionale des finances publiques de la Bourgogne et du d\u00e9partement de la C\u00f4te-d'Or\nVU l'arr\u00eat\u00e9  pr\u00e9fectoral  N\u00b0  935 donnant  d\u00e9l\u00e9gation  de  signature  en  mati\u00e8re\nd'ordonnancement secondaire \u00e0 M. Patrick SALLES, Administrateur de l'Etat.\nD E C I D E  :\nArticle 1 : En cas d'absence ou d'emp\u00eachement de  M. Patrick SALLES , la d\u00e9l\u00e9gation qui\nlui  est  conf\u00e9r\u00e9e  par  arr\u00eat\u00e9  du  pr\u00e9fet  de  la  r\u00e9gion  Bourgogne-Franche-Comt\u00e9  et  du\nd\u00e9partement de la C\u00f4te d'Or en date du 14 avril 2025, sera exerc\u00e9e par : \nM.  Patrice  MARMOT,  attach\u00e9  principal  d'administration  de  l'\u00c9tat,  chef  de  service\nadministratif,\nM. Philippe VILLIER, inspecteur divisionnaire hors classe,\nMme Christine GAMEL,  inspectrice divisionnaire.\nDRFiP Bourgogne Franche-Comt\u00e9 - 21-2025-10-01-00001 - DRFIP21 -Subd\u00e9l\u00e9gation en mati\u00e8re d'ordonnancement secondaire au\n01.10.2025 30\nsign\u00e9\nArticle  2 :  La  subd\u00e9l\u00e9gation  de  signature  est  donn\u00e9e  dans  la  limite  des  conditions\nmentionn\u00e9es dans l'arr\u00eat\u00e9 pr\u00e9fectoral susvis\u00e9, pour les fonctions de mise \u00e0 disposition des\ncr\u00e9dits dans Chorus et de validation des actes initi\u00e9s dans Chorus Formulaires, \u00e0:\nM. Emmanuel GUEDJ, inspecteur des finances publiques,\nMme Christelle LAFAYE, contr\u00f4leuse des finances publiques,\nMme  St\u00e9phanie  FIX,  contr\u00f4leuse  principale  des  finances  publiques,  uniquement  pour  la\nvalidation des actes initi\u00e9s dans Chorus formulaire,\nM. Thierry INGRAIN, agent administratif principal des finances publiques, uniquement pour\nla validation des actes initi\u00e9s dans Chorus formulaire,\nMme Sylvie SUCHET, contr\u00f4leuse principale des finances publiques, uniquement pour la\nvalidation des actes initi\u00e9s dans Chorus formulaire,\nM.  S\u00e9bastien  COURTILLAT,  agent  administratif  principal  des  finances  publiques,\nuniquement pour la validation des actes initi\u00e9s dans Chorus formulaire.\nMme Elise DAVID, agente de constatation principale de 1\u00e8re classe de la Direction G\u00e9n\u00e9rale\ndes Douanes et Droits Indirects, uniquement pour la validation des actes initi\u00e9s dans Chorus\nformulaire.\nM. Christophe PONCIN-LEONARD secr\u00e9taire administratif de classe exceptionnelle, \nuniquement pour la validation des actes initi\u00e9s dans Chorus formulaire,\nM . Boris EJUPOVIC, contr\u00f4leur des finances publiques, uniquement pour la validation des\nactes initi\u00e9s dans Chorus formulaire,\nArticle  3 :  La  subd\u00e9l\u00e9gation  de  signature  est  donn\u00e9e,  dans  la  limite  des  conditions\nmentionn\u00e9es dans l'arr\u00eat\u00e9 pr\u00e9fectoral susvis\u00e9, pour les fonctions de validation des frais de\nd\u00e9placement dans chorus DT \u00e0 :\nM. Emmanuel GUEDJ, inspecteur des finances publiques, ;\nM. S\u00e9bastien COURTILLAT, agent administratif principal des finances publiques ;\nMme Elise DAVID, agente de constatation principale de 1\u00e8re classe de la Direction G\u00e9n\u00e9rale\ndes Douanes et Droits Indirects.\nArticle 4     :   Le pr\u00e9sent arr\u00eat\u00e9 sera publi\u00e9 au recueil des actes administratifs du d\u00e9partement du\nd\u00e9partement de C\u00f4te d'Or.\nFait \u00e0 Dijon, le 1er Octobre 2025\nl'Administrateur de l'Etat\nPatrick SALLES\nDRFiP Bourgogne Franche-Comt\u00e9 - 21-2025-10-01-00001 - DRFIP21 -Subd\u00e9l\u00e9gation en mati\u00e8re d'ordonnancement secondaire au\n01.10.2025 31\nDRFiP Bourgogne Franche-Comt\u00e9\n21-2025-10-01-00002\nDRFIP21-D\u00e9l\u00e9gations sp\u00e9ciales de signature - \nPPR-01.10.2025\nDRFiP Bourgogne Franche-Comt\u00e9 - 21-2025-10-01-00002 - DRFIP21-D\u00e9l\u00e9gations sp\u00e9ciales de signature -  PPR-01.10.2025 32\nREPUBLIQUEFRANCAISELibert\u00e9Egalit\u00e9Fraternit\u00e9\nTvFINANCES PUBLIQUES\nDIRECTION G\u00c9N\u00c9RALE DES FINANCES PUBLIQUES \nDIRECTION R\u00c9GIONALE DES FINANCES PUBLIQUES DE BOURGOGNE-\nFRANCHE-COMT\u00c9 ET DU D\u00c9PARTEMENT DE LA C\u00d4TE-D'OR\nD\u00e9cision de d\u00e9l\u00e9gations sp\u00e9ciales de signature pour le p\u00f4le pilotage et ressources\nL'administratrice g\u00e9n\u00e9rale des finances publiques, directrice r\u00e9gionale des finances\npubliques de Bourgogne-Franche-Comt\u00e9 et du d\u00e9partement de la C\u00f4te-d'Or\nVU le d\u00e9cret n\u00b0 2008-309 du 3 avril 2008 portant dispositions transitoires relatives\n\u00e0 la direction g\u00e9n\u00e9rale des finances publiques ;\nVU le d\u00e9cret n\u00b02008-310 du 3 avril 2008 relatif \u00e0 la direction g\u00e9n\u00e9rale des finances\npubliques ;\nVU le  d\u00e9cret  n\u00b02009-208  du  20  f\u00e9vrier  2009  relatif  au  statut  particulier  des\nadministrateurs des finances publiques ;\nVU le d\u00e9cret n\u00b02009-707 du 16 juin 2009 relatif aux services d\u00e9concentr\u00e9s de la\nDirection g\u00e9n\u00e9rale des Finances publiques ;\nVU le d\u00e9cret n\u00b02012-1246 du 7 novembre 2012 relatif \u00e0 la gestion budg\u00e9taire et \u00e0\nla comptabilit\u00e9 publique ;\nVU l'arr\u00eat\u00e9 du 18 juin 2009, portant cr\u00e9ation de la direction r\u00e9gionale des finances\npubliques de la r\u00e9gion Bourgogne et du d\u00e9partement de la C\u00f4te-d'Or ;\nVU le  d\u00e9cret  du  5  d\u00e9cembre  2022  portant  nomination  de  M me  H\u00e9l\u00e8ne\nCROCQUEVIEILLE, administratrice g\u00e9n\u00e9rale des finances publiques, en qualit\u00e9 de directrice\nr\u00e9gionale des finances publiques de Bourgogne-Franche-Comt\u00e9 et du d\u00e9partement de la C\u00f4te-\nd'Or ;\nVU la d\u00e9cision du directeur g\u00e9n\u00e9ral des finances publiques en date du 5 d\u00e9cembre\n2022 fixant au 20 d\u00e9cembre 2022 la date d'installation de Mme H\u00e9l\u00e8ne CROCQUEVIEILLE\ndans les fonctions  de directrice r\u00e9gionale  des finances publiques  de Bourgogne-Franche-\nComt\u00e9 et du d\u00e9partement de la C\u00f4te-d'Or ;\nD\u00c9CIDE :\nArticle 1 : D\u00e9l\u00e9gation sp\u00e9ciale de signature pour signer les pi\u00e8ces ou documents relatifs aux\nattributions du p\u00f4le pilotage ressources, avec facult\u00e9 pour chacun d'eux d'agir s\u00e9par\u00e9ment et\nsur sa seule signature en cas d'emp\u00eachement ou d'absence de M. Patrick SALLES , et sans\nque le non emp\u00eachement soit opposable aux tiers ou puisse \u00eatre revendiqu\u00e9 par eux, est\ndonn\u00e9e \u00e0 : \nDRFiP Bourgogne Franche-Comt\u00e9 - 21-2025-10-01-00002 - DRFIP21-D\u00e9l\u00e9gations sp\u00e9ciales de signature -  PPR-01.10.2025 33\nM.  Patrice  MARMOT,  attach\u00e9  principal  d'administration  de  l'\u00c9tat,  chef  de  service\nadministratif, responsable de la division strat\u00e9gie, budget, logistique, immobilier et conditions\nde vie au travail, \nM.  Philippe  VILLIER,  inspecteur  divisionnaire  hors  classe, responsable  de  la  division\nressources humaines et de la formation professionnelle.\nMme Christine GAMEL,  inspectrice divisionnaire, adjointe au responsable e la division\nstrat\u00e9gie, budget, logistique, immobilier et conditions de vie au travail.\nArticle 2 : \n1. Pour le service Ressources humaines : \nMme C\u00e9cile RUINET et Mme Isabelle GARCIN  inspectrices des finances publiques,\nre\u00e7oivent d\u00e9l\u00e9gation sp\u00e9ciale de signature pour signer les pi\u00e8ces ou documents relatifs aux\nattributions de son service,  en cas d'emp\u00eachement ou d'absence de M. VILLIER.\nMme  Agn\u00e8s  FIDEL contr\u00f4leuse  principale  des  finances  publiques,  M .Christophe\nPONCIN-LEONARD, secr\u00e9taire administratif de classe exceptionnelle  Mme Dani\u00e8le\nCOQUILLOT,  agente  principale  des  finances  publiques en  cas  d'emp\u00eachement  ou\nd'absence de Mme RUINET ou de Mme GARCIN re\u00e7oivent d\u00e9l\u00e9gation pour signer tous\naccus\u00e9s de r\u00e9ception, transmissions de documents, attestations et d\u00e9clarations relatifs au\nservice des ressources humaines\n2. Pour le service Formation professionnelle :\nMme  Isabelle  GARCIN,  inspectrice  des finances  publiques,  M.  Boris  EJUPOVIC,\ncontr\u00f4leur des finances publiques  re\u00e7oivent  d\u00e9l\u00e9gation  pour pr\u00e9sider les commissions\nd'examens et concours.\nMme Isabelle GARCIN,  inspectrice  des finances publiques,  M. Boris EJUPOVIC ,\ncontr\u00f4leur  des  finances  publiques  et  Mme  Corinne  BARBE, agente  principale  des\nfinances  publiques,  affect\u00e9s au  service  de  la  formation  professionnelle,  re\u00e7oivent\nd\u00e9l\u00e9gation  pour  signer  tous  accus\u00e9s  de  r\u00e9ception,  transmissions  de  documents,\nattestations et d\u00e9clarations relatifs au secteur de la formation professionnelle ainsi que\npour signer les convocations aux sessions de formation ainsi que les ordres de mission\nqui leur sont attach\u00e9s ainsi que tous actes relatifs \u00e0 l'organisation des concours.\n3. Pour la Division Strat\u00e9gie, Budget, Logistique, Immobilier et Conditions de Vie au\nTravail:\nPour les services budget, logistique et immobilier : \nMme Sandrine  BAROUDEL,  inspectrice  des  finances  publiques,  et  M. Emmanuel\nGUEDJ,  inspecteur des finances publiques  re\u00e7oivent  d\u00e9l\u00e9gation sp\u00e9ciale de signature\npour signer  les pi\u00e8ces  ou documents  relatifs  aux attributions  de leur  service,  en cas\nd'emp\u00eachement ou d'absence de M. Patrice MARMOT.\nMme Sandrine BAROUDEL  et M. Patrice MARMOT  sont d\u00e9sign\u00e9s mandataires de\ncertification pour l'acquisition des certificats de signature \u00e9lectronique.\nDRFiP Bourgogne Franche-Comt\u00e9 - 21-2025-10-01-00002 - DRFIP21-D\u00e9l\u00e9gations sp\u00e9ciales de signature -  PPR-01.10.2025 34\nsign\u00e9\nMme Christelle LAFAYE,  con tr\u00f4leuse des finances publiques, re\u00e7oit d\u00e9l\u00e9gation pour\nsigner tous accus\u00e9s de r\u00e9ception, transmissions de documents, attestations et d\u00e9clarations\nrelatifs au service Budget et Logistique en cas d'emp\u00eachement ou d'absence de M. Patrice\nMARMOT ou M. Emmanuel GUEDJ.\nLes actes relatifs \u00e0 l'ordonnancement secondaire ne sont pas vis\u00e9s par la pr\u00e9sente\nd\u00e9l\u00e9gation. \nPour les services   strat\u00e9gie et pilotage     :  \nMmes Muriel ANTONIAZZI et  Caroline CLERC-LETURGEON  ,  inspectrices des\nfinances publiques,  re\u00e7oivent  d\u00e9l\u00e9gation sp\u00e9ciale de signature pour signer les pi\u00e8ces ou\ndocuments relatifs aux attributions de leur service, en cas d'emp\u00eachement ou d'absence de\nM. Patrice MARMOT.\nAssistant de pr\u00e9ven  tion     :  \nMme Caroline ALVAREZ,  contr\u00f4leuse des finances publiques, re\u00e7oit d\u00e9l\u00e9gation pour\nsigner tous accus\u00e9s de r\u00e9ception, transmissions de documents, attestations et d\u00e9clarations\ndans le cadre de ses attributions d'assistante de pr\u00e9vention. \nArticle  3 :  La  pr\u00e9sente  d\u00e9cision  sera  publi\u00e9e  au  recueil  des  actes  administratifs  du\nd\u00e9partement de la C\u00f4te-d'Or.\nFait \u00e0 Dijon, le 1er octobre 2025\n H\u00e9l\u00e8ne CROCQUEVIEILLE\nDRFiP Bourgogne Franche-Comt\u00e9 - 21-2025-10-01-00002 - DRFIP21-D\u00e9l\u00e9gations sp\u00e9ciales de signature -  PPR-01.10.2025 35\nPr\u00e9fecture de la C\u00f4te-d'Or\nDirection des Collectivit\u00e9s locales et des\nElections \n21-2025-09-18-00001\nArr\u00eat\u00e9 pr\u00e9fectoral n\u00b0 1432 portant modification\nde la commission de contr\u00f4le des listes\n\u00e9lectorales de la commune de GENLIS\nPr\u00e9fecture de la C\u00f4te-d'Or - 21-2025-09-18-00001 - Arr\u00eat\u00e9 pr\u00e9fectoral n\u00b0 1432 portant modification de la commission de contr\u00f4le des\nlistes \u00e9lectorales de la commune de GENLIS 36\nExPREFETDE LACOTE-D'ORLibert\u00e9Egalit\u00e9Fraternit\u00e9\nSECR\u00c9TARIAT G\u00c9N\u00c9RAL\nDirection des collectivit\u00e9s locales et des \u00e9lections\nBureau des \u00e9lections et de la r\u00e9glementation\nAffaire suivie par : Delphine CHERDON\nT\u00e9l : 03 80 44 65 42\nm\u00e9l : delphine.cherdon@cote-dor.gouv.fr\nARRETE PREFECTORAL n\u00b0 1432 du 18 septembre 2025\nportant modification de la commission de contr\u00f4le des listes \u00e9lectorales de la commune \nDe GENLIS\nLe Pr\u00e9fet de la r\u00e9gion Bourgogne-Franche-Comt\u00e9\nPr\u00e9fet de la C\u00f4te-d'Or\nVU le code \u00e9lectoral, notamment, ses articles L. 19 et R7 \u00e0 R11 ;\nVU l'arr\u00eat\u00e9 pr\u00e9fectoral n\u00b0 107 du 25 f\u00e9vrier 2019 modifi\u00e9 par l'arr\u00eat\u00e9 du 21 mars 2019 portant nomination des\nmembres de la commission de contr\u00f4le des listes \u00e9lectorales dans les communes du d\u00e9partement de la C\u00f4te\nd'Or ;\nVU l'arr\u00eat\u00e9 pr\u00e9fectoral n\u00b0 29 du 4 janvier 2024  portant renouvellement des commissions de contr\u00f4le des listes\n\u00e9lectorales des communes de l'arrondissement de DIJON ;\nVU l'arr\u00eat\u00e9 pr\u00e9fectoral n\u00b0 813 / SG du 13 juin 2025 donnant d\u00e9l\u00e9gation de signature \u00e0 Monsieur Denis BRUEL\nsecr\u00e9taire g\u00e9n\u00e9ral de la pr\u00e9fecture de la C\u00f4te-d'Or ;\nVU la demande de Monsieur le Maire de GENLIS de d\u00e9signer un nouveau membre \u00e0 la commission de contr\u00f4le\ndes listes \u00e9lectorales de sa commune en remplacement de Madame Marie-No\u00eblle FAUTRE, d\u00e9missionnaire ;\nSUR proposition du Secr\u00e9taire G\u00e9n\u00e9ral de la pr\u00e9fecture de la C\u00f4te d'Or ;\nA R R E T E\nArticle 1er  \u2013  Monsieur Emmanuel BOUDRIOT n\u00e9 le 23 ao\u00fbt 1980 \u00e0 DIJON (C\u00f4te-d'Or), conseiller municipal, est\nnomm\u00e9 membre \u00e0 la commission de contr\u00f4le des listes \u00e9lectorales de la commune de GENLIS conform\u00e9ment \u00e0 la\np\u00e9riode de validit\u00e9 de l'arr\u00eat\u00e9 pr\u00e9fectoral n\u00b029 du 4 janvier 2024 mentionn\u00e9 ci-dessus.\nArticle 2 \u2013  Le Secr\u00e9taire G\u00e9n\u00e9ral de la Pr\u00e9fecture de la C\u00f4te d'Or et le maire de GENLIS sont charg\u00e9s, chacun en ce\nqui le concerne, de l'ex\u00e9cution du pr\u00e9sent arr\u00eat\u00e9 qui sera publi\u00e9 au recueil des actes administratifs de la pr\u00e9fecture\nde la C\u00f4te d'Or.\nFait \u00e0 Dijon, le 18 septembre 2025\nLe Pr\u00e9fet,\nPour le Pr\u00e9fet et par d\u00e9l\u00e9gation,\nLe secr\u00e9taire g\u00e9n\u00e9ral\n                                                          Sign\u00e9                         Denis BRUEL\n Voies et d\u00e9lais de recours : le pr\u00e9sent arr\u00eat\u00e9 peut faire l'objet, dans un d\u00e9lai de deux mois suivant sa publication, d'un recours\ngracieux aupr\u00e8s du pr\u00e9fet de la C\u00f4te d'Or, d'un recours hi\u00e9rarchique aupr\u00e8s du ministre de l'int\u00e9rieur - Direction de la\nmodernisation et de l'action territoriale \u2013 Place Beauvau \u2013 75008 Paris, ou d'un recours contentieux aupr\u00e8s du tribunal\nadministratif de DIJON \u2013 22, rue d'Assas BP61616 Dijon CEDEX\nPr\u00e9fecture de la C\u00f4te-d'Or \n53 rue de la Pr\u00e9fecture - 21041 DIJON cedex\nt\u00e9l : 03 80 44 64 00 \nSite internet : http://www.cote-dor.gouv.fr\nPr\u00e9fecture de la C\u00f4te-d'Or - 21-2025-09-18-00001 - Arr\u00eat\u00e9 pr\u00e9fectoral n\u00b0 1432 portant modification de la commission de contr\u00f4le des\nlistes \u00e9lectorales de la commune de GENLIS 37\nPr\u00e9fecture de la C\u00f4te-d'Or\nDirection des Collectivit\u00e9s locales et des\nElections \n21-2025-09-23-00002\nArr\u00eat\u00e9 pr\u00e9fectoral n\u00b0 1440 portant modification\nde la commission de contr\u00f4le des listes\n\u00e9lectorales de la commune de BROGNON\nPr\u00e9fecture de la C\u00f4te-d'Or - 21-2025-09-23-00002 - Arr\u00eat\u00e9 pr\u00e9fectoral n\u00b0 1440 portant modification de la commission de contr\u00f4le des\nlistes \u00e9lectorales de la commune de BROGNON 38\nExPREFETDE LACOTE-D'ORLibert\u00e9Egalit\u00e9Fraternit\u00e9\nSECR\u00c9TARIAT G\u00c9N\u00c9RAL\nDirection des collectivit\u00e9s locales et des \u00e9lections\nBureau des \u00e9lections et de la r\u00e9glementation\nAffaire suivie par : Delphine CHERDON\nT\u00e9l : 03 80 44 65 42\nm\u00e9l : delphine.cherdon@cote-dor.gouv.fr\nARRETE PREFECTORAL n\u00b0 1440 du 23 septembre 2025\nportant modification de la commission de contr\u00f4le des listes \u00e9lectorales de la commune \nDe BROGNON\nLe Pr\u00e9fet de la r\u00e9gion Bourgogne-Franche-Comt\u00e9\nPr\u00e9fet de la C\u00f4te-d'Or\nVU le code \u00e9lectoral, notamment, ses articles L. 19 et R7 \u00e0 R11 ;\nVU l'arr\u00eat\u00e9 pr\u00e9fectoral n\u00b0 107 du 25 f\u00e9vrier 2019 modifi\u00e9 par l'arr\u00eat\u00e9 du 21 mars 2019 portant nomination des\nmembres de la commission de contr\u00f4le des listes \u00e9lectorales dans les communes du d\u00e9partement de la C\u00f4te\nd'Or ;\nVU l'arr\u00eat\u00e9 pr\u00e9fectoral n\u00b0 29 du 4 janvier 2024  portant renouvellement des commissions de contr\u00f4le des listes\n\u00e9lectorales des communes de l'arrondissement de DIJON ;\nVU l'arr\u00eat\u00e9 pr\u00e9fectoral n\u00b0 813 / SG du 13 juin 2025 donnant d\u00e9l\u00e9gation de signature \u00e0 Monsieur Denis BRUEL\nsecr\u00e9taire g\u00e9n\u00e9ral de la pr\u00e9fecture de la C\u00f4te-d'Or ;\nVU la demande de Monsieur le Maire de BROGNON de d\u00e9signer un nouveau membre \u00e0 la commission de\ncontr\u00f4le des listes \u00e9lectorales de sa commune en remplacement de Monsieur Gilbert RENEVIER, d\u00e9c\u00e9d\u00e9 ;\nSUR proposition du Secr\u00e9taire G\u00e9n\u00e9ral de la pr\u00e9fecture de la C\u00f4te d'Or ;\nA R R E T E\nArticle 1er \u2013  Madame V\u00e9ronique GOULAS n\u00e9e AUBRY le 28 avril 1958 \u00e0 NANCY (Meurthe-et-Moselle), conseill\u00e8re\nmunicipale, est nomm\u00e9e membre \u00e0 la commission de contr\u00f4le des listes \u00e9lectorales de la commune de BROGNON\nconform\u00e9ment \u00e0 la p\u00e9riode de validit\u00e9 de l'arr\u00eat\u00e9 pr\u00e9fectoral n\u00b0 29 du 4 janvier 2024 mentionn\u00e9 ci-dessus.\nArticle 2 \u2013  Le Secr\u00e9taire G\u00e9n\u00e9ral de la Pr\u00e9fecture de la C\u00f4te d'Or et le maire de BROGNON sont charg\u00e9s, chacun\nen ce qui le concerne, de l'ex\u00e9cution du pr\u00e9sent arr\u00eat\u00e9 qui sera publi\u00e9 au recueil des actes administratifs de la\npr\u00e9fecture de la C\u00f4te d'Or.\nFait \u00e0 Dijon, le 23 septembre 2025\nLe Pr\u00e9fet,\nPour le Pr\u00e9fet et par d\u00e9l\u00e9gation,\nLe secr\u00e9taire g\u00e9n\u00e9ral\n                                                             Sign\u00e9                      Denis BRUEL\n Voies et d\u00e9lais de recours : le pr\u00e9sent arr\u00eat\u00e9 peut faire l'objet, dans un d\u00e9lai de deux mois suivant sa publication, d'un recours\ngracieux aupr\u00e8s du pr\u00e9fet de la C\u00f4te-d'Or, d'un recours hi\u00e9rarchique aupr\u00e8s du ministre de l'int\u00e9rieur - Direction de la\nmodernisation et de l'action territoriale \u2013 Place Beauvau \u2013 75008 Paris, ou d'un recours contentieux aupr\u00e8s du Tribunal\nAdministratif de DIJON \u2013 22, rue d'Assas BP 61616 \u2013 21016 DIJON Cedex\nPr\u00e9fecture de la C\u00f4te-d'Or \n53 rue de la Pr\u00e9fecture - 21041 DIJON cedex\nt\u00e9l : 03 80 44 64 00 \nSite internet : http://www.cote-dor.gouv.fr\nPr\u00e9fecture de la C\u00f4te-d'Or - 21-2025-09-23-00002 - Arr\u00eat\u00e9 pr\u00e9fectoral n\u00b0 1440 portant modification de la commission de contr\u00f4le des\nlistes \u00e9lectorales de la commune de BROGNON 39\nPr\u00e9fecture de la C\u00f4te-d'Or\nDirection des s\u00e9curit\u00e9s\n21-2025-09-25-00002\nArr\u00eat\u00e9 pr\u00e9fectoral N\u00b0 1442 portant interdiction\nde rassemblements festifs \u00e0 caract\u00e8re musical et\ninterdiction de circulation de tout v\u00e9hicule\ntransportant du mat\u00e9riel de son \u00e0 destination\nd'un rassemblement festif \u00e0 caract\u00e8re musical\nnon autoris\u00e9\nPr\u00e9fecture de la C\u00f4te-d'Or - 21-2025-09-25-00002 - Arr\u00eat\u00e9 pr\u00e9fectoral N\u00b0 1442 portant interdiction de rassemblements festifs \u00e0\ncaract\u00e8re musical et interdiction de circulation de tout v\u00e9hicule transportant du mat\u00e9riel de son \u00e0 destination d'un rassemblement\nfestif \u00e0 caract\u00e8re musical non autoris\u00e9\n40\nEnPREFETDE LACOTE-D'ORLibert\u00e9Egalit\u00e9Fraternit\u00e9\nDirection des s\u00e9curit\u00e9s\nBureau d\u00e9fense et s\u00e9curit\u00e9\nArr\u00eat\u00e9 pr\u00e9fectoral N\u00b01442 \nportant interdiction de rassemblements festifs \u00e0 caract\u00e8re musical et interdiction de circulation\nde tout v\u00e9hicule transportant du mat\u00e9riel de son \u00e0 destination d'un rassemblement festif\n\u00e0 caract\u00e8re musical non autoris\u00e9\nLe pr\u00e9fet de la C\u00f4te-d'Or\nVU le code de la s\u00e9curit\u00e9 int\u00e9rieure, notamment ses articles L. 211-5 et suivants, R. 211-2 et suivants et\nR. 211-27 et suivants ;\nVU le code g\u00e9n\u00e9ral des collectivit\u00e9s territoriales, notamment l'article L. 2215-1 ;\nVU le code p\u00e9nal ;\nVU le code de la route ;\nVU le code de la voirie routi\u00e8re ;\nVU le d\u00e9cret n\u00b02004-374 du 29 avril 2004 modifi\u00e9 relatif aux pouvoirs des pr\u00e9fets, \u00e0 l'organisation et \u00e0\nl'action des services de l'\u00c9tat dans les r\u00e9gions et d\u00e9partements ;\nVU  l'arr\u00eat\u00e9 pr\u00e9fectoral n\u00b01010/SG du 2 juillet 2025 donnant d\u00e9l\u00e9gation de signature \u00e0 Madame Aur\u00e9lie\nCONTRECIVILE, sous-pr\u00e9f\u00e8te, directrice de cabinet du pr\u00e9fet de la r\u00e9gion Bourgogne-Franche-Comt\u00e9,\npr\u00e9fet de la C\u00f4te-d'Or ;\nCONSID\u00c9RANT que  des  organisateurs  pr\u00e9voient  r\u00e9guli\u00e8rement  des  \u00ab  free-party \u00bb  pouvant  regrouper\nplusieurs centaines de participants dans le d\u00e9partement de la C\u00f4te-d'Or  ; qu'\u00e0 titre d'exemples, de tels\nrassemblements ont eu lieu ou ont tent\u00e9 de se tenir le 28 septembre 2024 \u00e0 C\u00eeteaux, le 26 octobre 2024\n\u00e0  Semezanges,  le  9  novembre  2024  \u00e0  Meloisey,  le  16  novembre  2024  \u00e0  Perrigny-sur-l'Ognon,  le  29\nnovembre 2024 \u00e0 Mavilly-Mandelot, le 22 mars 2025 \u00e0 Bagnot, le 16 mai 2025 \u00e0 Aubigny-les-Sombernon\net le 13 juin 2025 \u00e0 Broin ;\nCONSID\u00c9RANT que,  selon  les  \u00e9l\u00e9ments  d'information  disponibles,  des  rassemblements  festifs  \u00e0\ncaract\u00e8re musical r\u00e9pondant \u00e0 l'ensemble des caract\u00e9ristiques \u00e9nonc\u00e9es par les dispositions de l'article\nR. 211-2 du code de la s\u00e9curit\u00e9 int\u00e9rieure, pouvant regrouper plusieurs centaines de participant s, sont\nsusceptibles  d'\u00eatre  organis\u00e9s  dans  le  d\u00e9partement  de  la  C\u00f4te-d'Or  le  week-end  du  vendredi  26\nseptembre au dimanche 28 septembre 2025 inclus  ; qu'un appel \u00e0 rassemblement de type F ree Party a\n\u00e9t\u00e9  d\u00e9tect\u00e9  sur  les  r\u00e9seaux  laissant  craindre  qu'un  \u00e9v\u00e9nement  d'ampleur  pourrait  se  tenir  sur  le\nd\u00e9partement de la C\u00f4te-d'Or ;\nCONSID\u00c9RANT qu'en application des dispositions de l'article L. 211-5 du code de la s\u00e9curit\u00e9 int\u00e9rieure,\nce  type  de  rassemblement  est  soumis  \u00e0  l'obligation  de  d\u00e9claration  pr\u00e9alable  aupr\u00e8s  du  pr\u00e9fet  de\nd\u00e9partement,  pr\u00e9cisant  le  nombre  pr\u00e9visible  de  participants  ainsi  que  les  mesures  envisag\u00e9es  par\nl'organisateur pour garantir la s\u00e9curit\u00e9, la salubrit\u00e9, l'hygi\u00e8ne et la tranquillit\u00e9 publiques ;\nCONSID\u00c9RANT qu'aucune d\u00e9claration pr\u00e9alable n'a \u00e9t\u00e9 d\u00e9pos\u00e9e aupr\u00e8s du pr\u00e9fet de la C\u00f4te-d'Or  ; que\nl'organisateur n'est pas identifi\u00e9 e t que les terrains sur lesquels sont susceptibles de se d\u00e9rouler ces\nrassemblements ne sont pas connus ;\nPr\u00e9fecture de la C\u00f4te-d'Or - 21-2025-09-25-00002 - Arr\u00eat\u00e9 pr\u00e9fectoral N\u00b0 1442 portant interdiction de rassemblements festifs \u00e0\ncaract\u00e8re musical et interdiction de circulation de tout v\u00e9hicule transportant du mat\u00e9riel de son \u00e0 destination d'un rassemblement\nfestif \u00e0 caract\u00e8re musical non autoris\u00e9\n41\nCONSID\u00c9RANT que ce type de rassemblement regroupant un grand nombre de participants peut\nprovoquer des troubles \u00e0 l'ordre public qu'ils soient li\u00e9s \u00e0 l'augmentation du risque de conduite sous\nl'emprise  d'alcool  ou  de  stup\u00e9fiants  ou  encore  \u00e0  la  g\u00eane  occasionn\u00e9e  par  le  niveau  sonore\nextr\u00eamement \u00e9lev\u00e9 de la musique diffus\u00e9e ; que les moyens appropri\u00e9s en mati\u00e8re de lutte contre\nl'incendie et de secours aux personnes, ainsi qu'en mati\u00e8re de s\u00e9curit\u00e9 sanitaire et routi\u00e8re ne peuvent\n\u00eatre r\u00e9unis ;\nCONSID\u00c9RANT que dans ces circonstances, ces rassemblements sont de nature \u00e0 provoquer des\ntroubles graves \u00e0 l'ordre public  ; que leur interdiction, qui est strictement n\u00e9cessaire et proportionn\u00e9e\naux objectifs poursuivis, est seule de nature \u00e0 pr\u00e9venir efficacement ces troubles ;\nCONSID\u00c9RANT qu'en  l'absence  d'identification  du  lieu  g\u00e9ographique  susceptible  d'accueillir  les\nrassemblements festifs \u00e0 caract\u00e8re musical envisag\u00e9s, et afin de donner un effet utile \u00e0 l'interdiction, il\ny  a  lieu  d'interdire,  sauf  motif  l\u00e9gitime,  la  circulation  des  v\u00e9hicules  transportant  du  mat\u00e9riel  de\nsonorisation sur l'ensemble des r\u00e9seaux routiers du d\u00e9partement de la C\u00f4te-d'Or ;\nSUR proposition de madame la directrice de cabinet du pr\u00e9fet de la r\u00e9gion Bourgogne-Franche-Comt\u00e9,\npr\u00e9fet de la C\u00f4te-d'Or,\nARR\u00caTE\nArticle  1er :  Les  rassemblements  festifs  \u00e0  caract\u00e8re  musical  r\u00e9pondant  \u00e0  l'ensemble  des\ncaract\u00e9ristiques  \u00e9nonc\u00e9es  \u00e0  l'article  R.  211-2  du  code  de  la  s\u00e9curit\u00e9  int\u00e9rieure,  autres  que  ceux\nl\u00e9galement  d\u00e9clar\u00e9s ou autoris\u00e9s, sont interdits sur l'ensemble du d\u00e9partement de la C\u00f4te-d'Or du\nvendredi 26 septembre \u00e0 16h00 au lundi 29 septembre 2025 \u00e0 08h00.\nArticle  2 :  La  circulation  de  tout  v\u00e9hicule  transportant  du  mat\u00e9riel  de  sonorisation  (notamment\n\u00ab sound system  \u00bb et amplificateurs) \u00e0 destination d'un rassemblement festif \u00e0 caract\u00e8re musical non\nautoris\u00e9 est interdite sur l'ensemble des r\u00e9seaux routiers du d\u00e9partement de la C\u00f4te-d'Or du vendredi\n26 septembre \u00e0 16h00 au lundi 29 septembre 2025 \u00e0 08h00.\nArticle 3 : Toute infraction au pr\u00e9sent arr\u00eat\u00e9 est passible des sanctions pr\u00e9vues par l'article R. 211-27\ndu code de la s\u00e9curit\u00e9 int\u00e9rieure et peut donner lieu \u00e0 la saisie du mat\u00e9riel en vue de sa confiscation\npar le tribunal.\nArticle 4 : Le secr\u00e9taire g\u00e9n\u00e9ral de la pr\u00e9fecture de la C\u00f4te-d'Or, la directrice de cabinet du pr\u00e9fet de\nla r\u00e9gion Bourgogne-Franche-Comt\u00e9, pr\u00e9fet de la C\u00f4te-d'Or, le G\u00e9n\u00e9ral, commandant la r\u00e9gion de\ngendarmerie  de  Bourgogne-Franche-Comt\u00e9,  commandant  le  groupement  de  gendarmerie\nd\u00e9partementale de la C\u00f4te-d'Or et le directeur interd\u00e9partemental de la police nationale de la C\u00f4te-\nd'Or sont charg\u00e9s, chacun en ce qui le concerne, de l'ex\u00e9cution du pr\u00e9sent arr\u00eat\u00e9 qui sera publi\u00e9 au\nrecueil des actes administratifs de la pr\u00e9fecture, et adress\u00e9 pour copie \u00e0 monsieur le procureur de la\nR\u00e9publique pr\u00e8s le tribunal judiciaire de Dijon.\nFait \u00e0 Dijon, le 25 septembre 2025\nLe pr\u00e9fet,\nPour le pr\u00e9fet et par d\u00e9l\u00e9gation,\nLa sous-pr\u00e9f\u00e8te, directrice de cabinet,\nORIGNAL SIGN\u00c9\nAur\u00e9lie CONTRECIVILE\nD\u00e9lais et voies de recours     :  \nLe pr\u00e9sent arr\u00eat\u00e9 peut faire l'objet, dans un d\u00e9lai de deux mois \u00e0 compter de sa publication :\n- Soit d'un recours gracieux devant le pr\u00e9fet de la C\u00f4te-d'Or ou d'un recours hi\u00e9rarchique aupr\u00e8s du Ministre de l'int\u00e9rieur.\n- Soit d'un recours contentieux devant le tribunal administratif de Dijon (22 Rue d'Assas, 21000 Dijon). La juridiction administrative\ncomp\u00e9tente peut \u00eatre saisie par l'application T\u00e9l\u00e9recours citoyens, accessible \u00e0 partir du site www.telerecours.fr.\nDans le cas du rejet d'un recours gracieux ou hi\u00e9rarchique, le tribunal administratif peut \u00eatre saisi dans un d\u00e9lai de deux mois \u00e0 compter\nde la date de la d\u00e9cision de rejet.\nPr\u00e9fecture de la C\u00f4te-d'Or - 21-2025-09-25-00002 - Arr\u00eat\u00e9 pr\u00e9fectoral N\u00b0 1442 portant interdiction de rassemblements festifs \u00e0\ncaract\u00e8re musical et interdiction de circulation de tout v\u00e9hicule transportant du mat\u00e9riel de son \u00e0 destination d'un rassemblement\nfestif \u00e0 caract\u00e8re musical non autoris\u00e9\n42\nSNCF\n21-2025-07-22-00008\nD\u00e9cision du domaine public ferroviaire - BLIGNY\nLES BEAUNE\nSNCF - 21-2025-07-22-00008 - D\u00e9cision du domaine public ferroviaire - BLIGNY LES BEAUNE 43\n \nESSET - 17 place des Reflets 92400 Courbevoie - T\u00e9l. 01 82 30 52 00 - SAS au capital de 43.416.652 \u20acuros \u2013 RCS NANTERRE 484 882 642 - N\u00b0 TVA Intracommunautaire FR \n48 484 882 642 - Code NAF 6832 A - Garantie par GALIAN Assurances : 89 Rue de la Bo\u00e9tie 75008 PARIS - Carte professionnelle \u00ab Transaction sur immeubles et fonds de \ncommerce - Gest\u0131on Immobili\u00e8re - Syndic de copropri\u00e9t\u00e9 \u00bb  n\u00b0CPI 9301 2015 000 002 728 d\u00e9livr\u00e9e par la Chambre de Commerce et d'Industrie de Paris-Ile de France. \n \nDECISION DE DECLASSEMENT DU DOMAINE PUBLIC \n \n \n \n \nR\u00e9f. SPA :  \n \n \n \nSNCF R\u00e9seau \n \n \n \nVu le code des transports, notamment son article L. 2111-21;  \n \nVu le code g\u00e9n\u00e9ral de la propri\u00e9t\u00e9 des personnes publiques, et notamment son article \nL. 2141-1 \n \nVu l'ordonnance n\u00b0 2019 -552 du 3 juin 2019 portant diverses dispositions relatives au \ngroupe SNCF notamment son article 18 ; \n \nVu le d\u00e9cret n\u00b0 2019 -1516 du 30 d\u00e9cembre 2019 relatif aux r\u00e8gles de gestion \ndomaniale applicables \u00e0 la soci\u00e9t\u00e9 SNCF R\u00e9seau et sa filiale mentionn\u00e9e au 5\u00b0 de \nl'article L. 2111-9 du Code des transports (SNCF Gares & Connexions), notamment son \narticle 3, \n \nVu l'Arr\u00eat\u00e9 du Ministre de l'\u00e9cologie, du d\u00e9veloppement durable et de l'\u00e9nergie du 25 \njuin 2015 fixant les obligations d'information de l'Autorit\u00e9 de r\u00e9gulation des activit\u00e9s \nferroviaires et routi\u00e8res (ARAFER) des projets de d\u00e9classement de la SNCF, SNCF \nR\u00e9seau et SNCF Mobilit\u00e9s, \n \nVu la d\u00e9lib\u00e9ration du conseil d'administration de SNCF R\u00e9seau en date du 22 juillet \n2015 portant d\u00e9l\u00e9gation de pouvoirs \u00e0 son pr\u00e9sident et fixant les conditions g\u00e9n\u00e9rales \ndes d\u00e9l\u00e9gations au sein de SNCF R\u00e9seau, \n \nVu la d\u00e9cision du 12 juillet 2018 portant d\u00e9l\u00e9gation de pouvoirs du pr\u00e9sident au \ndirecteur g\u00e9n\u00e9ral adjoint clients et services \n \nVu la d\u00e9cision du 12 juillet 2018 portant d\u00e9l\u00e9gation de pouvoirs du directeur g\u00e9n\u00e9ral \nclients et services au directeur territorial Bourgogne Franche Comt\u00e9. \n \nVu l'avis du Conseil R\u00e9gional de Bourgogne Franche Comt\u00e9 en date du 8 janvier 2024, \n \nVu l'autorisation de l'Etat en date du 4 juillet 2025, \n \nConsid\u00e9rant que le bien n'est plus affect\u00e9 aux missions de la SA SNCF R\u00e9seau \n \n \n \n \nSNCF - 21-2025-07-22-00008 - D\u00e9cision du domaine public ferroviaire - BLIGNY LES BEAUNE 44\nESSET - 17 place des Reflets 92400 Courbevoie - T\u00e9l. 01 82 30 52 00 - SAS au capital de 43.416.652 \u20acuros \u2013 RCS NANTERRE 484 882 642 - N\u00b0 TVA Intracommunautaire FR \n48 484 882 642 - Code NAF 6832 A - Garantie par GALIAN Assurances : 89 Rue de la Bo\u00e9tie 75008 PARIS - Carte professionnelle \u00ab Transaction sur immeubles et fonds de \ncommerce - Gest\u0131on Immobili\u00e8re - Syndic de copropri\u00e9t\u00e9 \u00bb  n\u00b0CPI 9301 2015 000 002 728 d\u00e9livr\u00e9e par la Chambre de Commerce et d'Industrie de Paris-Ile de France. \nDECIDE : \n \n \n \nARTICLE 1 \n \nLe terrain non b\u00e2ti sis \u00e0 BLIGNY-LES-BEAUNE tel qu'il appara\u00eet dans le tableau ci-\ndessous et sur le plan joint \u00e0 la pr\u00e9sente d\u00e9cision sous teinte verte, est d\u00e9class\u00e9 du \ndomaine public ferroviaire. \n \nCode INSEE \nCommune Lieu-dit \nR\u00e9f\u00e9rences \ncadastrales Surface (m\u00b2) Sectio\nn Num\u00e9ro \n21086 \nBLIGNY-LES-BEAUNE LES MEIX D 224 \n1 468 \n3 864 \n6 971 \n   TOTAL 10 835 \n \nARTICLE 2 \n \nCopie de la pr\u00e9sente d\u00e9cision sera communiqu\u00e9e au Pr\u00e9fet de D\u00e9partement de \nC\u00d4TE-D'OR. \n \nLa pr\u00e9sente d\u00e9cision de d\u00e9classement sera publi\u00e9e au recueil des actes administratifs \nde la Pr\u00e9fecture du d\u00e9partement de C\u00d4TE-D'OR. \n \nLa pr\u00e9sente d\u00e9cision sera publi\u00e9e au Bulletin Officiel de SNCF R\u00e9seau, \n \n \nFait \u00e0 Dijon, \nLe 22/07/2025 \n \n \n \nLe Directeur Territorial SNCF R\u00e9seau \nSign\u00e9 \nMaxime Chatard \nSNCF - 21-2025-07-22-00008 - D\u00e9cision du domaine public ferroviaire - BLIGNY LES BEAUNE 45\nSous-pr\u00e9fecture de Beaune\n21-2025-09-22-00005\nArr\u00eat\u00e9 pr\u00e9fectoral n\u00b0 1426 portant autorisation\nde la manifestation avec participation de\nv\u00e9hicules terrestres \u00e0 moteur d\u00e9nomm\u00e9e\n\"Troph\u00e9e Est\" organis\u00e9e le 28 septembre 2025\nSous-pr\u00e9fecture de Beaune - 21-2025-09-22-00005 - Arr\u00eat\u00e9 pr\u00e9fectoral n\u00b0 1426 portant autorisation de la manifestation avec\nparticipation de v\u00e9hicules terrestres \u00e0 moteur d\u00e9nomm\u00e9e \"Troph\u00e9e Est\" organis\u00e9e le 28 septembre 2025 46\n| = SOUS-PREFECTUREPREFET | DE BEAUNEDE LACOTE-D'ORLibert\u00e9Egalit\u00e9Fraternit\u00e9\nAffaire suivie par C\u00e9cile RAVRY Beaune, le 22 septembre 2025T\u00e9l : 03 45 43 80 11m\u00e9l : cecile.ravry@cote-dor.gouv.fr\nArr\u00eat\u00e9 pr\u00e9fectoral n\u00b0 1426portant autorisation de la manifestationavec participation de v\u00e9hicules terrestres \u00e0 moteurd\u00e9nomm\u00e9e \u00ab Troph\u00e9e Est \u00bborganis\u00e9 le 28 septembre 2025 \u00e0 Premeaux-Prissey et Quincey\nLe sous-pr\u00e9fet de Beaune\nVU le code de la route, notamment ses articles R. 411-5 et R. 411-10 ;VU le code du sport, notamment ses articles L. 331-1 \u00e0 L. 331-12, L. 332-1 \u00e0 L. 332-21, R. 331-18 \u00e0 R. 331-45-1, A. 331-16 aA. 331-23 et A. 331-32 ;VU le code de l'environnement, notamment ses articles R. 414-19 aR. 414-26;VU le d\u00e9cret n\u00b0 2010-365 du 9 avril 2010 relatif \u00e0 l'\u00e9valuation des incidences Natura 2000 ;VU le d\u00e9cret du 6 juillet 2023 du Pr\u00e9sident de la R\u00e9publique portant nomination de M. Benoit BYRSKI enqualit\u00e9 de sous-pr\u00e9fet de Beaune; .VU l'arr\u00eat\u00e9 pr\u00e9fectoral n\u00b0 815/SG du 13 juin 2025 donnant d\u00e9l\u00e9gation de signature \u00e0 M. Beno\u00eet BYRSKI,sous-pr\u00e9fet de Beaune;VU l'arr\u00eat\u00e9 pr\u00e9fectoral n\u00b0 829 du 23 mai 2023 portant renouvellementde l'homologation du circuit de kart-cross et de poursuite sur terre situ\u00e9 \u00e0 Premeaux-Prissey et Quincey ;VU les r\u00e8gles techniques et de s\u00e9curit\u00e9 \u00e9dict\u00e9es par la f\u00e9d\u00e9ration fran\u00e7aise de sport automobile(FFSA);VU la demande d\u00e9pos\u00e9e le 17 juillet 2025 sur la plateforme SIMS par Monsieur Jean-Michel BODOIGNET ,pr\u00e9sident du Cross Car Club du Saule Guillaume aux fins d'obtenir l'autorisation d'organiser unemanifestation comportant la pr\u00e9sence de v\u00e9hicules terrestres \u00e0 moteur d\u00e9nomm\u00e9e \u00abTroph\u00e9e Est \u00bb ledimanche 28 septembre 2025 sur le circuit de kart-cross et de poursuite sur terre de Premeaux-Prissey etQuincey, dont le trac\u00e9 a \u00e9t\u00e9 modifi\u00e9 depuis sa derni\u00e8re homologation du 23 mai 2023 ;VU l'avis favorable \u00e9mis le 9 juillet 2025 par la FFSA pour le r\u00e8glement particulierde cette manifestation ;VU l'attestation de police d'assurance d\u00e9livr\u00e9e le 3 juillet 2025 par GIE AXA France garantissant laresponsabilit\u00e9 civile de l'organisateur pour la manifestation sus-vis\u00e9e;\nSous-pr\u00e9fecture de Beaune - 21-2025-09-22-00005 - Arr\u00eat\u00e9 pr\u00e9fectoral n\u00b0 1426 portant autorisation de la manifestation avec\nparticipation de v\u00e9hicules terrestres \u00e0 moteur d\u00e9nomm\u00e9e \"Troph\u00e9e Est\" organis\u00e9e le 28 septembre 2025 47\n2VU la visite sur site r\u00e9alis\u00e9e le 16 juillet 2025 2025 par la commission d\u00e9partementale de s\u00e9curit\u00e9 routi\u00e9re -section sp\u00e9cialis\u00e9e \"\u00e9preuves et comp\u00e9titions sportives\" ;VU l'arr\u00eat\u00e9 temporaire n\u00b025-T-00437 portant r\u00e9glementation de la circulation sur les RD 109G pris par M. lePr\u00e9sident du conseil d\u00e9partemental de C\u00f4te d'Or le 16 septembre 2025 ;CONSID\u00c9RANT que le dossier est complet :CONSID\u00c9RANT l'avis des maires des communes de Quincey et de Premeaux-Prissey;CONSID\u00c9RANT que la commission d\u00e9partementale de la s\u00e9curit\u00e9 routi\u00e8re - section sp\u00e9cialis\u00e9e \"\u00e9preuves etcomp\u00e9titions sportives\"- a \u00e9mis un avis favorable lors de sa r\u00e9union en salle du 29 juillet 2025 ;\nARRETE :\nArticle 1er: Monsieur Jean-Michel BODOIGNET, pr\u00e9sident du Cross Car Club du Saule Guillaume estautoris\u00e9 \u00e0 organiser une manifestation avec participation de v\u00e9hicules terrestres \u00e0 moteur d\u00e9nomm\u00e9e\"Troph\u00e9e Est \u00bb le dimanche 28 septembre 2025 sur le circuit de kart-cross et de poursuite sur terre dePremeaux-Prissey et Quincey conform\u00e9ment au trac\u00e9 annex\u00e9 au pr\u00e9sent arr\u00eat\u00e9 et aux modalit\u00e9s expos\u00e9esdans la demande et le r\u00e8glement.Article 2: En application de l'article R 331-37 du code du sport, la pr\u00e9sente autorisation vaut homologationdu circuit non permanent sur laquelle se d\u00e9roule la manifestation pr\u00e9cit\u00e9e et pour la seule dur\u00e9e de celle-ci.Article 3 : Vu la longueur de la piste de 1010 m de la piste, le nombre de v\u00e9hicules autoris\u00e9s simultan\u00e9mentsur le circuit est de 15.Article 4 : L'organisateur est tenu de respecter les dispositions des articles R.1336.4 \u00e0 R1336.11 du code dela sant\u00e9 publique relatif \u00e0 la lutte contre res bruits de voisinage.Article 5 : La pr\u00e9sente autorisation est accord\u00e9e sous r\u00e9serve que l'organisateur prenne a sa charge les fraisn\u00e9cessit\u00e9s par la mise en place des dispositifs destin\u00e9s au maintien de la s\u00e9curit\u00e9 a l'occasion du.d\u00e9roulement de la manifestation et assure la r\u00e9paration des dommages, d\u00e9gradations, modifications detoutes sortes de la voie publique ou de ses d\u00e9pendances, imputables aux concurrents, aux organisateurs ou\u00e0 leurs pr\u00e9pos\u00e9s.Article 6 : En aucun cas la responsabilit\u00e9 de l'Etat et des communes ne pourra \u00eatre engag\u00e9e et aucunrecours ne pourra \u00e9ventuellement \u00eatre exerc\u00e9 contre eux.Article 7 : La pr\u00e9sente autorisation peut \u00eatre suspendue ou rapport\u00e9e \u00e0 tout moment s'il appara\u00eet que lesconditions de s\u00e9curit\u00e9 ne se trouvent plus r\u00e9unies ou que l'organisateur, malgr\u00e9 la mise en demeure qui lui enest faite par l'autorit\u00e9 administrative, ne respecte plus ou ne fait plus respecter par les participants lesdispositions pr\u00e9vues par le r\u00e8glement de la manifestation en vue d'assurer leur protection.Article 8: L'organisateur doit assurer et garantir l'acc\u00e8s et une circulation ais\u00e9e pour les engins de secours etde lutte contre l'incendie.En cas d'accident entra\u00eenant le sauvetage ou l'\u00e9vacuation de personnes, l'organisateur doit pr\u00e9venir lessapeurs-pompiers qui interviennent par appel au 18 ou au 112.Article 9 : Avant la manifestation, les organisateurs doivent interroger M\u00e9t\u00e9o France (notamment par le biaisdu r\u00e9pondeur t\u00e9l\u00e9phonique : 08.99.71.02.21 ou par internet : www.meteofrance.com) afin de conna\u00eetre lacouleur de la carte de vigilance m\u00e9t\u00e9o et prendre toute mesure adapt\u00e9e. Dans l'hypoth\u00e8se d'une carteorange ou rouge, il leur appartient de prendre les dispositions qui s'imposent (voire d'annuler lamanifestation) et d'informer l'autorit\u00e9 municipale.\nSous-pr\u00e9fecture de Beaune - 21-2025-09-22-00005 - Arr\u00eat\u00e9 pr\u00e9fectoral n\u00b0 1426 portant autorisation de la manifestation avec\nparticipation de v\u00e9hicules terrestres \u00e0 moteur d\u00e9nomm\u00e9e \"Troph\u00e9e Est\" organis\u00e9e le 28 septembre 2025 48\n3Article 10 : L'organisateur technique d\u00e9sign\u00e9 doit attester (attestation jointe) que l'ensemble des mesuressont prises conform\u00e9ment aux prescriptions contenues dans l'arr\u00eat\u00e9 pr\u00e9fectoral d'autorisation de l'\u00e9preuve.L'organisateur technique est charg\u00e9 de v\u00e9rifier et d'exiger, avant le commencement de la manifestation, quel'ensemble des conditions mises \u00e0 l'octroi de la pr\u00e9sente autorisation est effectivement di es et d'interdirela manifestation si ces conditions ne sont pas remplies.L'attestation ci-jointe devra \u00eatre transmise imm\u00e9diatement \u00e0 la sous-pr\u00e9fecture de Beaune par courriel a sp-beaune@cote-dor. gouv.frArticle 11 : Le sous-pr\u00e9fet de l'arrondissement de Beaune, le pr\u00e9sident du conseil d\u00e9partemental de la C\u00f4te-d'Or, les maires de Premeaux-Prissey et de Quincey, le directeur d\u00e9partemental des services d'incendie et desecours, le directeur des services d\u00e9partementaux de l'\u00e9ducation nationale, la directrice d\u00e9partementale desterritoires, le chef d'escadron commandant la compagnie de gendarmerie de Beaune, sont charg\u00e9s, chacunen ce qui le concerne, de l'ex\u00e9cution du pr\u00e9sent arr\u00eat\u00e9 dont copie sera adress\u00e9e aux repr\u00e9sentantsd\u00e9partementaux de la f\u00e9d\u00e9ration fran\u00e7aise de sport automobile et \u00e0 l'organisateur.Le pr\u00e9sent arr\u00eat\u00e9 sera publi\u00e9 au recueil des actes administratifs de la pr\u00e9fecture de la C\u00f4te-d'Or.\nLe sous-pr\u00e9fet de Beaune,\nsign\u00e9\nBeno\u00eet BYRSKI\nANNEXES :- plan de la piste- arr\u00eat\u00e9 temporaire du pr\u00e9sident du conseil d\u00e9partemental de la C\u00f4te-d'Or portant r\u00e9glementation : de lacirculation sur la RD 109 G, sur les communes de Quincey et PRRRRRRDE FRERE:- attestation \u00e0 compl\u00e9ter\nSous-pr\u00e9fecture de Beaune - 21-2025-09-22-00005 - Arr\u00eat\u00e9 pr\u00e9fectoral n\u00b0 1426 portant autorisation de la manifestation avec\nparticipation de v\u00e9hicules terrestres \u00e0 moteur d\u00e9nomm\u00e9e \"Troph\u00e9e Est\" organis\u00e9e le 28 septembre 2025 49\nSANG'ASUS_28314309)>Evaff(#1IC\n26o0uu0d9\u00a2214306-ot|INPULx7-\u00aeLIENS9Wa1y9@,Phipesises>PP250,d_|a-pandshhSsx\n960rFCa\u00e0\nUyoFor245)-an9nbuo-MOO0Z\u00a31GAAININO\n=.\nge\nsedsaanFIUYMGway-FuMavas-=SaMiDjians|\nweLe\n{|baa)igDID\ney\nSous-pr\u00e9fecture de Beaune - 21-2025-09-22-00005 - Arr\u00eat\u00e9 pr\u00e9fectoral n\u00b0 1426 portant autorisation de la manifestation avec\nparticipation de v\u00e9hicules terrestres \u00e0 moteur d\u00e9nomm\u00e9e \"Troph\u00e9e Est\" organis\u00e9e le 28 septembre 2025 50\nCotd'OrLE DEPARTEME\n(DAG5Arr\u00e9t\u00e9 temporaire n\u00b0 25-T-00437Portant r\u00e9glementation de la circulation. sur les RD 109 G, communes de Quincey et Premeaux-PrisseyLe Pr\u00e9sident du Conseil D\u00e9partemental\nVu le Code g\u00e9n\u00e9ral des collectivit\u00e9s territoriales et notamment l'article L. 3221-4Vu le Code de la route et notamment les articles R. 411-8, R. 411-25, R. 413-1 et R. 417-9Vu l'Instruction interminist\u00e9rielle sur la signalisation routi\u00e8re et notamment le livre 1, 4\u00e8mepartie, signalisation de prescription et le livre 1, 8\u00e8me partie, signalisation temporaireConsid\u00e9rant qu'il y a lieu, pour des raisons de s\u00e9curit\u00e9 publique, de r\u00e9glementer lacirculation des RD 109 G. \u00e0 l'occasion de l'organisation du Troph\u00e9e Est et Rh\u00f4ne Alpes deCross Car, sur le territoire des communes de Quincey et Premeaux-Prissey.ARRETE\nArticle 1A compter du 27/09/2025 et jusqu'au 28/09/2025 de 07h30 \u00e0 20h00, la vitesse maximaleautoris\u00e9e de tous les v\u00e9hicules est fix\u00e9e \u00e0 70 km/h sur la RD 109 G du PR 6+0250 au PR6+0350 dans le sens croissant (Quincey) situ\u00e9s hors agglom\u00e9ration.Article 2\u00c0 compter du 27/09/2025 et jusqu'au 28/09/2025, les prescriptions suivantes s'appliquent dansles deux sens de circulation de 07h30 \u00e0 20h00 \u00e0 tous les v\u00e9hicules sur la RD 109 G du PR6+0350 au PR 6+0750 (Quincey et Premeaux-Prissey) situ\u00e9s hors agglom\u00e9ration.Le stationnement et le d\u00e9passement des v\u00e9hicules sont interdits.Tout stationnement d'un v\u00e9hicule en infraction avec cette interdiction sera consid\u00e9r\u00e9 commedangereux au sens de l'article R. 417-9 du code de la route.\nPage 1 sur 2\nSous-pr\u00e9fecture de Beaune - 21-2025-09-22-00005 - Arr\u00eat\u00e9 pr\u00e9fectoral n\u00b0 1426 portant autorisation de la manifestation avec\nparticipation de v\u00e9hicules terrestres \u00e0 moteur d\u00e9nomm\u00e9e \"Troph\u00e9e Est\" organis\u00e9e le 28 septembre 2025 51\nLa vitesse maximale autoris\u00e9e est fix\u00e9e \u00e0 50 km/h.Article 3\u00c0 compter du 27/09/2025 et jusqu'au 28/09/2025 de 07h30 \u00e0 20h00, la vitesse maximaleautoris\u00e9e de tous les v\u00e9hicules est fix\u00e9e \u00e0 70 km/h sur la RD 109 G du PR 6+0750 au PR6+0850 dans le sens d\u00e9croissant (Premeaux-Prissey) situ\u00e9s hors agglom\u00e9ration.Article 4La signalisation r\u00e9glementaire conforme aux dispositions de l'Instruction Interminist\u00e9rielle surla signalisation routi\u00e8re sera mise en place par l'organisateur de l'\u00e9v\u00e9nement, sous le contr\u00f4lede l'autorit\u00e9 comp\u00e9tente.M. le Directeur G\u00e9n\u00e9ral des Services D\u00e9partementaux de la C\u00f4te-d'Or, M. le Commandant deGendarmerie de la R\u00e9gion Bourgogne et le Groupement D\u00e9partemental de la C\u00f4te d'Or sontcharg\u00e9s, chacun en ce qui les concerne, de l'ex\u00e9cution du pr\u00e9sent arr\u00eat\u00e9.\nLe pr\u00e9sent arr\u00eat\u00e9 fera l'objet d'une publication sous forme \u00e9lectronique sur le site internet duConseil D\u00e9partemental de la C\u00f4te-d'Or.\nFait \u00e0 Dijon, le 4p yyLe Pr\u00e9sident du Conseil D\u00e9partemental\nPour le Pre \u00e9l\u00e9gation,L'Ajointedu Service \u00a2des Actions territorialis\u00e9es\nLine ALZON\nPage 2 sur 2\nSous-pr\u00e9fecture de Beaune - 21-2025-09-22-00005 - Arr\u00eat\u00e9 pr\u00e9fectoral n\u00b0 1426 portant autorisation de la manifestation avec\nparticipation de v\u00e9hicules terrestres \u00e0 moteur d\u00e9nomm\u00e9e \"Troph\u00e9e Est\" organis\u00e9e le 28 septembre 2025 52\nSSSOA'S]IpJeju]uawuessedap18jee'juaweuuone]s'06/+9UdNeOSE+9UdNP960!AYAAaSSINd-XNVAWSed\n|Y/UDOZRS9UUI]essayAOS8+9Hdne0S2+9YdNP1206\u00c8+9UdNe0SZ+9HdNPO60kayner|\n\"H/NOS&SSSe}1Aepuone]lu'sypieju!juewuessedepjejUeWeuuoreSOSZ+9UdNEOSE+9HdNP9601GYASONING/AASSINd-XNVAWSYdSCOZ/60/8238LTSOI123SS01)SpSadiyauOUyYJe153oouydoil\nSous-pr\u00e9fecture de Beaune - 21-2025-09-22-00005 - Arr\u00eat\u00e9 pr\u00e9fectoral n\u00b0 1426 portant autorisation de la manifestation avec\nparticipation de v\u00e9hicules terrestres \u00e0 moteur d\u00e9nomm\u00e9e \"Troph\u00e9e Est\" organis\u00e9e le 28 septembre 2025 53","date":"2025-09-26","first_seen_on":"2025-09-26T16:15:34+00:00","id":"d4653bd487d2dbbf3e617172d31557662b78554c40a1a57b48d6fe1f6b445cfe","name":"RAA n\u00b0 132 du 26 septembre 2025","pdf_creation_date":"2025-09-26T14:12:23+00:00","pdf_modification_date":null,"timezone":"Europe/Paris","url":"https://www.cote-dor.gouv.fr/contenu/telechargement/24345/185257/file/recueil-21-2025-132-recueil-des-actes-administratifs-special.pdf"}
