{"administration":"pref83","administration_name":"Pr\u00e9fecture du Var","content":"VAR\nRECUEIL DES ACTES\nADMINISTRATIFS SP\u00c9CIAL\n(NOMINATIFS)\nN\u00b083-2024-287\nPUBLI\u00c9 LE 14 OCTOBRE 2024\nSommaire\nSecr\u00e9tariat g\u00e9n\u00e9ral commun d\u00e9partemental / Direction du SGCD\n83-2024-09-25-00005 - Avenant n\u00b01 \u00e0 la convention d'utilisation\nN\u00b0083-2022-0017 (6 pages) Page 3\n2\nSecr\u00e9tariat g\u00e9n\u00e9ral commun d\u00e9partemental\n83-2024-09-25-00005\nAvenant n\u00b01 \u00e0 la convention d'utilisation\nN\u00b0083-2022-0017\nSecr\u00e9tariat g\u00e9n\u00e9ral commun d\u00e9partemental - 83-2024-09-25-00005 - Avenant n\u00b01 \u00e0 la convention d'utilisation N\u00b0083-2022-00173\nR\u00c9PUBLIQUE FRAN\u00c7AISE\nPR\u00c9FECTURE DU VAR\nA VENANT N\u00b01 \u00c0 LA CONVENTION D'UTILISATION\nN\u00b0083-2022-0017\nToulon, le 25 septembre 2024\nLes soussign\u00e9s :\n1\u00b0- L'administration charg\u00e9e des domaines, repr\u00e9sent\u00e9e par M.  Jean-Michel BLANCHARD ,\nDirecteur d\u00e9partemental des finances publiques du Var, dont les bureaux sont \u00e0 Toulon (83056),\nCentre Mayol, Place Besagne CS 91409, stipulant en vertu de la d\u00e9l\u00e9gation de signature du\npr\u00e9fet qui lui a \u00e9t\u00e9 consentie par arr\u00eat\u00e9 n\u00b02023/58/MCI du 21 ao\u00fbt 2023 , ci-apr\u00e8s d\u00e9nomm\u00e9e le\npropri\u00e9taire,\nD'une part,\n2\u00b0- La Direction d\u00e9partementale des territoires et de la Mer du Var, repr\u00e9sent\u00e9e par M. Laurent\nBOULET, Directeur, dont les bureaux sont \u00e0 Toulon, 244 avenue de l'Infanterie de Marine,  ci-\napr\u00e8s d\u00e9nomm\u00e9e l'utilisateur,\nD'autre part,\nse  sont  pr\u00e9sent\u00e9s  devant  nous,  pr\u00e9fet  du  d\u00e9partement  du  Var ,  et  sont  convenus  du  dispositif\nsuivant :\nEXPOSE\n \nL'utilisateur a inform\u00e9 le service local du Domaine du Var que certains espaces de bureaux sis au\nsein  du  b\u00e2timent  occup\u00e9  par  la  DDTM  \u00e0  Saint-Tropez  (83990),  36  bis  avenue  du  G\u00e9n\u00e9ral\nLeclerc,  avaient  \u00e9t\u00e9  transform\u00e9s  en  logements  (3  chambres  destin\u00e9es  \u00e0  h\u00e9berger  les  agents\nnomades de la DDTM en d\u00e9placement sur l'est du d\u00e9partement).\n1Secr\u00e9tariat g\u00e9n\u00e9ral commun d\u00e9partemental - 83-2024-09-25-00005 - Avenant n\u00b01 \u00e0 la convention d'utilisation N\u00b0083-2022-00174\nConform\u00e9ment aux dispositions pr\u00e9vues dans l'article 2 de la convention d'utilisation n\u00b0083-\n2022-0017, le pr\u00e9sent avenant vise \u00e0 mettre \u00e0 jour les donn\u00e9es de Chorus Re-Fx et du R\u00e9f\u00e9rentiel\nTechnique (RT), en modifiant la surface utile brute de bureaux prise en compte pour le calcul du\nnouveau ratio d'optimisation immobili\u00e8re.\nCette demande est mise en \u0153uvre dans les conditions fix\u00e9es par le pr\u00e9sent avenant et par les\ncirculaires du Premier ministre relatives \u00e0 la politique immobili\u00e8re de l'\u00c9tat.\nA VENANT A LA CONVENTION\nArticle 1\nL'article 5 \u00ab Ratio d'occupation  \u00bb est modifi\u00e9 comme suit  :\nLes surfaces de l'immeuble d\u00e9sign\u00e9 \u00e0 l'article 2 sont les suivantes  :\n- Surface de plancher (SDP)  : 311 m\u00b2\n- Surface utile brute (SUB)  : 256,5 m\u00b2 (dont 47,26 m\u00b2 de logement)\n- Surface utile brute de bureaux (SUB)  : 209,24 m\u00b2\n- Surface utile nette (SUN)  : 195,92 m\u00b2\nAu 1er janvier 2024, 7 r\u00e9sidents sont recens\u00e9s dans l'immeuble.\nCes  \u00e9l\u00e9ments  permettent  de  d\u00e9terminer  le  ratio  d'optimisation  immobili\u00e8re,  nouveau  ratio\nd'occupation de r\u00e9f\u00e9rence de la politique immobili\u00e8re de l'\u00c9tat, exprim\u00e9 en m\u00b2 SUB par r\u00e9sident.\nLe ratio d'optimisation immobili\u00e8re de l'immeuble d\u00e9sign\u00e9 \u00e0 l'article 2 s'\u00e9tablit \u00e0 30 m\u00e8tres\ncarr\u00e9s de SUB par r\u00e9sident. \nArticle 2\nL'ensemble  des  autres  clauses  et  conditions  qui  ne  sont  pas  modifi\u00e9es  par  les  pr\u00e9sentes\ndemeurent applicables.\nUn exemplaire du pr\u00e9sent acte est conserv\u00e9 par chacun des signataires de la pr\u00e9sente convention.\n  \n2Secr\u00e9tariat g\u00e9n\u00e9ral commun d\u00e9partemental - 83-2024-09-25-00005 - Avenant n\u00b01 \u00e0 la convention d'utilisation N\u00b0083-2022-00175\nAnnexe 1 \u2013 Plan du b\u00e2timent\nLe repr\u00e9sentant du service utilisateur,\nLe Directeur D\u00e9partemental\ndes Territoires et de la Mer\n                               Sign\u00e9  \nLaurent BOULETLe repr\u00e9sentant de l'administration charg\u00e9e du\ndomaine,\nLe DDFIP du Var\npar d\u00e9l\u00e9gation\n                                Sign\u00e9\nClaudie CARION\nLe Pr\u00e9fet,\nPour le Pr\u00e9fet,\net par d\u00e9l\u00e9gation\nle secr\u00e9taire g\u00e9n\u00e9ral\n                                                                      Sign\u00e9\nLucien GIUDICELLI\n3Secr\u00e9tariat g\u00e9n\u00e9ral commun d\u00e9partemental - 83-2024-09-25-00005 - Avenant n\u00b01 \u00e0 la convention d'utilisation N\u00b0083-2022-00176\naleinemanhesed  user  se!\n\"ahi  \u00e9t sb twzetefneT  ser\nTIJUOS  tnatus.i\nof\n'\n.\n*\n4\n*\n\u00ab+\nst\n-\n.\n.\n\u00ab\n\u00e0\n\"\n\"\n$\n'\n*\n+\n\u00ab\n.\n$\n.\n+\n\"\n\u00ca\n'\n+\n\"# \u00a9\n. >\n*\n*\n.\nSecr\u00e9tariat g\u00e9n\u00e9ral commun d\u00e9partemental - 83-2024-09-25-00005 - Avenant n\u00b01 \u00e0 la convention d'utilisation N\u00b0083-2022-00177\n\"+\nERa  one ee\nrsbd 1dr\u2014\n\u00e9 \u00c0\nSE\nA. ONE\nDedE  ES\nnm)\n'+Dem.\nf_fC 3prranncmmananens 1 \u00e9lan ie\nSecr\u00e9tariat g\u00e9n\u00e9ral commun d\u00e9partemental - 83-2024-09-25-00005 - Avenant n\u00b01 \u00e0 la convention d'utilisation N\u00b0083-2022-00178\nSecr\u00e9tariat g\u00e9n\u00e9ral commun d\u00e9partemental - 83-2024-09-25-00005 - Avenant n\u00b01 \u00e0 la convention d'utilisation N\u00b0083-2022-00179","date":"2024-10-14","first_seen_on":"2024-10-14T15:18:14+00:00","id":"d49d412166324e3d45db0f88f2bdc63d9ec5938b7b8a70fd9d563e990ab7501f","name":"RAA N\u00b0287 du 14 octobre 2024","pdf_creation_date":"2024-10-14T14:25:35+00:00","pdf_modification_date":null,"timezone":"Europe/Paris","url":"https://www.var.gouv.fr/contenu/telechargement/36587/242370/file/RAA%20N%C2%B0287%20du%2014%20octobre%202024%20%28actes%20nominatifs%29.pdf"}
