{"administration":"pref21","administration_name":"Pr\u00e9fecture de C\u00f4te-d\u2019Or","content":"PR\u00c9FET\nDE LA C\u00d4TE-D'OR\nRECUEIL DES ACTES\nADMINISTRATIFS SP\u00c9CIAL\nN\u00b021-2026-027\nPUBLI\u00c9 LE  4 F\u00c9VRIER 2026\nSommaire\nDirection d\u00e9partementale de l'emploi, du travail et des solidarit\u00e9s de\nC\u00f4te-d'Or / Unit\u00e9 Protection des personnes vuln\u00e9rables\n21-2026-02-02-00005 - Arr\u00eat\u00e9 pr\u00e9fectoral 250 modifiant la liste des\nespaces de rencontre agr\u00e9\u00e9s en C\u00f4te-d'Or (2 pages) Page 5\n21-2026-02-02-00006 - Arr\u00eat\u00e9 pr\u00e9fectoral 251 portant agr\u00e9ment de\nl'espace de rencontre g\u00e9r\u00e9 par l'association EHCO Beaune (2 pages) Page 8\nDirection d\u00e9partementale de la protection des populations de la\nC\u00f4te-d'Or / Service Sant\u00e9 et Protections animales, Protection de\nl'Environnement\n21-2026-01-29-00004 - Arr\u00eat\u00e9 pr\u00e9fectoral N\u00b0219/2026 en date du 29\njanvier 2026 attribuant l habilitation sanitaire \u00e0 Thibaut DELIE\n (2 pages) Page 11\n21-2026-02-02-00010 - Arr\u00eat\u00e9 pr\u00e9fectoral N\u00b0243/2026 en date du 2\nf\u00e9vrier 2026 attribuant l habilitation sanitaire \u00e0 Mathis BLAGOJEVIC (2\npages) Page 14\nDirection d\u00e9partementale des territoires de la C\u00f4te-d'Or / Service\nPr\u00e9servation et Am\u00e9nagement de l'Espace (SPAE)\n21-2026-01-28-00004 - Arr\u00eat\u00e9 N\u00b0241 portant renouvellement de\nl'habilitation de l'association Ligue\npour la protection des oiseaux\nBourgogne-France-Comt\u00e9 \u00e0 \u00eatre d\u00e9sign\u00e9e pour prendre part au\nd\u00e9bat sur l'environnement se d\u00e9roulant dans le cadre des instances\nconsultatives r\u00e9gionales (2 pages) Page 17\n21-2026-02-02-00011 - Arr\u00eat\u00e9 pr\u00e9fectoral du 2 f\u00e9vrier 2026 portant\nmodification de l'arr\u00eat\u00e9 pr\u00e9fectoral du 12 d\u00e9cembre 2025 portant\nrenouvellement du bureau de l'association fonci\u00e8re de VILLY-LE-MOUTIER\n(2 pages) Page 20\n21-2026-02-02-00008 - Arr\u00eat\u00e9 pr\u00e9fectoral du 2 f\u00e9vrier 2026 portant\nrenouvellement du bureau de l'association fonci\u00e8re de\nMARSANNAY-LE-BOIS (2 pages) Page 23\n21-2026-02-02-00007 - Arr\u00eat\u00e9 pr\u00e9fectoral du 2 f\u00e9vrier 2026 portant\nrenouvellement du bureau de l'association fonci\u00e8re de MERCEUIL (2\npages) Page 26\n21-2026-02-04-00006 - Arr\u00eat\u00e9 pr\u00e9fectoral du 4 f\u00e9vrier 2026\nd\u00e9limitant, pour l'ann\u00e9e 2026, les communes du d\u00e9partement de\nla C\u00f4te-d'Or dans lesquelles le dispositif d'aide \u00e0 la protection des\ntroupeaux\ncontre la pr\u00e9dation (loup) peut \u00eatre mis en oeuvre (6 pages) Page 29\nDRFiP Bourgogne Franche-Comt\u00e9 /\n21-2026-02-04-00008 - DRFIP 21 - DELEGATION du  RESPONSABLE SPFE\nDIJON au 04 02 2026 (2 pages) Page 36\n2\nPr\u00e9fecture de la C\u00f4te-d'Or /\n21-2026-01-29-00006 - Arr\u00eat\u00e9 pr\u00e9fectoral n\u00b0 248 du 29 janvier 2026\nd\u00e9limitant les zones de protection des aires d'alimentation des sources\nRente Samson et Grosses Sources situ\u00e9es sur la commune de\nBellenot-Sous-Pouilly. (3 pages) Page 39\nPr\u00e9fecture de la C\u00f4te-d'Or / P\u00f4le juridique inter-services\n21-2026-02-04-00004 - ARR\u00eaT\u00e9 PR\u00e9FECTORAL n\u00b0   262 /SG du   4\nf\u00e9vrier 2026  donnant d\u00e9l\u00e9gation de signature \u00e0 \nMr Etienne\nLEPAGE, Administrateur de l'\u00c9tat, du 2\u00e8me grade, charg\u00e9 de\nl'int\u00e9rim de la direction r\u00e9gionale des finances publiques de\nBourgogne-Franche-Comt\u00e9 et du d\u00e9partement de la C\u00f4te-d'Or, en\nmati\u00e8re de r\u00e9gime d'ouverture au public des services\nd\u00e9concentr\u00e9s de la direction r\u00e9gionale des finances publiques de\nBourgogne-Franche-Comt\u00e9 et du d\u00e9partement de la C\u00f4te-d'Or. (2\npages) Page 43\n21-2026-02-04-00005 - ARRETE PREFECTORAL n\u00b0   263 / SG du   4 f\u00e9vrier\n2026 donnant d\u00e9l\u00e9gation de signature \u00e0 Mr Etienne LEPAGE,\nadministrateur de l'\u00c9tat, du 2\u00e8me grade, charg\u00e9 de l'int\u00e9rim\nde la direction  r\u00e9gionale des finances publiques de\nBourgogne-Franche-Comt\u00e9 et du d\u00e9partement de la C\u00f4te-d'Or pour\nla communication des \u00e9tats pr\u00e9vus au code g\u00e9n\u00e9ral des\ncollectivit\u00e9s territoriales\n (2 pages) Page 46\n21-2026-02-04-00001 - ARR\u00eaT\u00e9 PR\u00e9FECTORAL n\u00b0  259 / SG du   4\nf\u00e9vrier 2026 donnant d\u00e9l\u00e9gation de signature \u00e0\n Mr Etienne\nLEPAGE, administrateur de l'\u00c9tat, du 2\u00e8me grade, charg\u00e9 de\nl'int\u00e9rim de la direction r\u00e9gionale des finances publiques de\nBourgogne-Franche-Comt\u00e9 et du d\u00e9partement de la C\u00f4te-d'Or, pour\nles actes relevant du pouvoir adjudicateur. (2 pages) Page 49\n21-2026-02-04-00003 - ARR\u00eaT\u00e9 PR\u00e9FECTORAL N\u00b0  261  / SG  du 4\nf\u00e9vrier 2026 donnant d\u00e9l\u00e9gation de signature en mati\u00e8re\nd'ouverture et de fermeture des services d\u00e9concentr\u00e9s \u00e0 Mr\nEtienne LEPAGE, administrateur de l'\u00c9tat, du 2\u00e8me grade, charg\u00e9\nde l'int\u00e9rim de la direction r\u00e9gionale des finances publiques de\nBourgogne-Franche-Comt\u00e9 et du d\u00e9partement de la C\u00f4te-d'Or. (2\npages) Page 52\n21-2026-02-04-00007 - Arr\u00eat\u00e9 pr\u00e9fectoral n\u00b0  268 du 4 f\u00e9vrier\n2026\ndonnant d\u00e9l\u00e9gation de signature \u00e0 Madame Nathalie\nFERNANDEZ, attach\u00e9e hors classe,\ndirectrice de l'immigration et de\nla nationalit\u00e9 (DIN) (8 pages) Page 55\n21-2026-02-04-00002 - ARRETE PREFECTORAL n\u00b0 260  /SG   du  4 f\u00e9vrier\n2026 portant d\u00e9l\u00e9gation de signature \u00e0 \nMr Etienne LEPAGE,\nadministrateur de l'\u00c9tat, du 2\u00e8me grade, charg\u00e9 de l'int\u00e9rim\nde la direction r\u00e9gionale des finances publiques de\nBourgogne-Franche-Comt\u00e9 et du d\u00e9partement de la C\u00f4te-d'Or, au\ntitre des attributions et comp\u00e9tences d\u00e9partementales. (4 pages) Page 64\n3\nSous-pr\u00e9fecture de Beaune /\n21-2026-01-23-00005 - Arr\u00eat\u00e9 N\u00b0 180 portant renouvellement de\nl'habilitation dans le domaine fun\u00e9raire \n de la soci\u00e9t\u00e9 Pompes\nFun\u00e8bres G\u00e9n\u00e9rales \u00e0 Nuits-Saint-Georges (2 pages) Page 69\n21-2026-01-22-00007 - Arr\u00eat\u00e9 N\u00b0161 portant renouvellement de\nl'habilitation dans le domaine fun\u00e9raire \n de la soci\u00e9t\u00e9 Pompes\nFun\u00e8bres MAGNO \u00e0 Brazey-en-Plaine\n (2 pages) Page 72\n21-2026-01-23-00004 - Arr\u00eat\u00e9 N\u00b0179 portant renouvellement de\nl'habilitation dans le domaine fun\u00e9raire \n de la soci\u00e9t\u00e9 Pompes\nFun\u00e8bres G\u00e9n\u00e9rales \u00e0 Beaune\n (2 pages) Page 75\nSous-pr\u00e9fecture de Montbard / P\u00f4le collectivit\u00e9s locales et\nd\u00e9veloppement territorial\n21-2026-02-02-00001 - AP renouvellement de l'habilitation fun\u00e9raire de\nl'enseigne SAS Marbrerie BRENOT (4 pages) Page 78\n4\nDirection d\u00e9partementale de l'emploi, du travail\net des solidarit\u00e9s de C\u00f4te-d'Or\nUnit\u00e9 Protection des personnes vuln\u00e9rables\n21-2026-02-02-00005\nArr\u00eat\u00e9 pr\u00e9fectoral 250 modifiant la liste des\nespaces de rencontre agr\u00e9\u00e9s en C\u00f4te-d'Or\nDirection d\u00e9partementale de l'emploi, du travail et des solidarit\u00e9s de C\u00f4te-d'Or - 21-2026-02-02-00005 - Arr\u00eat\u00e9 pr\u00e9fectoral 250\nmodifiant la liste des espaces de rencontre agr\u00e9\u00e9s en C\u00f4te-d'Or 5\nDirection d\u00e9partementale| de l'emploi, du travail et des solidarit\u00e9sa !COTE-D'ORLibert\u00e9Egalit\u00e9Fraternit\u00e9Affaire suivie par Anne-H\u00e9l\u00e8ne HUETP\u00f4le Solidarit\u00e9s, Responsable de l'Unit\u00e9 Protection des Personnes Vuln\u00e9rables03.80.68.3113anne-helene.huet@cote-dor.gouv.frARRETE PREFECTORAL N\u00b0 250modifiant la liste des espaces de rencontre agr\u00e9\u00e9s dans le d\u00e9partement de la Cote-d'OrLe pr\u00e9fet de la r\u00e9gion Bourgogne-Franche-Comt\u00e9,pr\u00e9fet de la C\u00f4te-d'Or,Vu le code civil, notamment ses articles 373-2-1, 373-2-9 et 375-7 ;Vu le code de l'action sociale et des familles, notamment ses articles D. 216-1 \u00e0 D. 216-7 ;Vu le d\u00e9cret n\u00b0 2012-1153 du 15 octobre 2012 relatif aux espaces de rencontre destin\u00e9s au maintien desliens entre un enfant et ses parents ou un tiers, notamment son article 2 ;Vu l'arr\u00eat\u00e9 minist\u00e9riel du 28 juin 2013 relatif aux modalit\u00e9s de fonctionnement et d'organisation desespaces de rencontre;Vu l'arr\u00eat\u00e9 pr\u00e9fectoral n\u00b0530/2013 du 20 aout 2013 fixant la liste des espaces de rencontre agr\u00e9\u00e9s dans led\u00e9partement de la C\u00f4te-d'Or;Sur proposition de la directrice d\u00e9partementale de l'emploi, du travail et des solidarit\u00e9s :ARR\u00caTEArticle 1\u00b0\" :L'article 1\u00b0 de l'arr\u00eat\u00e9 pr\u00e9fectoral du 20 aout 2013 fixant la liste des espaces de rencontre agr\u00e9\u00e9s dans led\u00e9partement de la C\u00f4te-d'Or est modifi\u00e9 comme suit:La liste des Espaces de rencontre habilit\u00e9s pour \u00eatre d\u00e9sign\u00e9s par une autorit\u00e9 judiciaire est, pour led\u00e9partement de la C\u00f4te-d'Or, \u00e9tablie comme suit :- l'espace de rencontre LARPE (Lieu Accueil Rencontre Parents Enfants) situ\u00e9 28 rue Jean-JeanCornu 21000 Dijon, g\u00e9r\u00e9 par l'association ADEFO dont le si\u00e8ge est situ\u00e9 6 rue Ez Penottes 21000Dijon;- l'espace de rencontre situ\u00e9 2 rue Diderot 21500 Montbard, g\u00e9r\u00e9 par l'association 1, 2, 3 Famille...s,dont le si\u00e8ge est \u00e0 la m\u00eame adresse;- l'espace de rencontre situ\u00e9 dans les locaux de l'Espace Beaune Saint-Jacques, 13 rue GastonRoupnel 21200 Beaune, g\u00e9r\u00e9 par l'association Enfance et Handicap en C\u00f4te-d'Or (EHCO) dont lesi\u00e8ge est situ\u00e9 8 D rue Jacques Germain 21420 Savigny-les-Beaune.\n \n \n \n \n \n \n \n \n \n \n \nDirection d\u00e9partementale de l'emploi, du travail et des solidarit\u00e9s de C\u00f4te-d'Or - 21-2026-02-02-00005 - Arr\u00eat\u00e9 pr\u00e9fectoral 250\nmodifiant la liste des espaces de rencontre agr\u00e9\u00e9s en C\u00f4te-d'Or 6\nArticle 2:Cet arr\u00eat\u00e9 annule et remplace l'arr\u00eat\u00e9 n\u00b0 530/2013 du 20 aout 2013.Article 3:Dans les deux mois de sa publication ou de sa notification, le pr\u00e9sent arr\u00eat\u00e9 peut faire l'objet d'unrecours devant le tribunal administratif de Dijon.Article 4:Cet arr\u00eat\u00e9 sera publi\u00e9 au Recueil des Actes Administratifs de la pr\u00e9fecture de la C\u00f4te-d'Or et une copiesera notifi\u00e9:- aux gestionnaires des espaces de rencontre ;- au procureur de la R\u00e9publique pr\u00e8s le tribunal judiciaire de Dijon;- \u00e0 la pr\u00e9sidente du tribunal judiciaire de Dijon.Article 5:Le secr\u00e9taire g\u00e9n\u00e9ral de la pr\u00e9fecture et la directrice d\u00e9partementale de l'emploi, du travail et dessolidarit\u00e9s de la C\u00f4te-d'Or sont charg\u00e9s, chacun en ce qui le concerne, de l'ex\u00e9cution du pr\u00e9sent arr\u00eat\u00e9.\nFait \u00e0 Dijon, le O2 f\u00e9vrier 2026Le pr\u00e9fet,Pour le pr\u00e9fet et par d\u00e9l\u00e9gation,La secr\u00e9taire g\u00e9n\u00e9rale adjointeSIGNEMagalie MALERBA\n \n \n \n \n \n   \n \n  \n \n \n \nDirection d\u00e9partementale de l'emploi, du travail et des solidarit\u00e9s de C\u00f4te-d'Or - 21-2026-02-02-00005 - Arr\u00eat\u00e9 pr\u00e9fectoral 250\nmodifiant la liste des espaces de rencontre agr\u00e9\u00e9s en C\u00f4te-d'Or 7\nDirection d\u00e9partementale de l'emploi, du travail\net des solidarit\u00e9s de C\u00f4te-d'Or\nUnit\u00e9 Protection des personnes vuln\u00e9rables\n21-2026-02-02-00006\nArr\u00eat\u00e9 pr\u00e9fectoral 251 portant agr\u00e9ment de\nl'espace de rencontre g\u00e9r\u00e9 par l'association\nEHCO Beaune\nDirection d\u00e9partementale de l'emploi, du travail et des solidarit\u00e9s de C\u00f4te-d'Or - 21-2026-02-02-00006 - Arr\u00eat\u00e9 pr\u00e9fectoral 251\nportant agr\u00e9ment de l'espace de rencontre g\u00e9r\u00e9 par l'association EHCO Beaune 8\nDirection d\u00e9partementale| de l'emploi, du travail et des solidarit\u00e9sPREFETDE LACOTE-D'ORLibert\u00e9Egalit\u00e9Fraternit\u00e9Affaire suivie par Anne-H\u00e9l\u00e8ne HUETP\u00f4le Solidarit\u00e9s, Responsable de l'Unit\u00e9 Protection des Personnes Vuln\u00e9rables03.80.68.3113anne-helene.huet@cote-dor.gouv.fr\nARR\u00caT\u00c9 PREFECTORAL N\u00b0 251portant agr\u00e9ment de l'espace de rencontre g\u00e9r\u00e9 par l'association EHCOLe pr\u00e9fet de la r\u00e9gion Bourgogne-Franche-Comt\u00e9,pr\u00e9fet de la C\u00f4te-d'Or,Vu le code civil, notamment ses articles 373-2-1, 373-2-9 et 375-7 ;Vu le code de l'action sociale et des familles, notamment ses articles D. 216-1 \u00e0 D. 216-7 ;Vu le d\u00e9cret n\u00b0 2012-1153 du 15 octobre 2012 relatif aux espaces de rencontre destin\u00e9s au maintien desliens entre un enfant et ses parents ou Un tiers, notamment son article 2 ;Vu la demande re\u00e7ue le 22 janvier 2026, pr\u00e9sent\u00e9e par l'association Enfance et Handicap en C\u00f4te-d'Or(EHCO) dont le si\u00e8ge social est situ\u00e9 8 D rue Jacques Germain \u00e0 Savigny-les-Beaune, en vue d'obtenirl'agr\u00e9ment de l'espace de rencontre dont elle est gestionnaire ;Sur proposition de la directrice d\u00e9partementale de l'emploi, du travail et des solidarit\u00e9s :ARR\u00caTEArticle 1\u00b0\":L'espace de rencontre de l'association Enfance et Handicap en C\u00f4te-d'Or (EHCO), destin\u00e9 au maintiendes liens entre enfants et parents, situ\u00e9 dans les locaux de l'Espace Beaune Saint-Jacques, 13 rue GastonRoupnel \u00e0 Beaune, est agr\u00e9\u00e9 \u00e0 compter de la date de publication du pr\u00e9sent arr\u00eat\u00e9.Il est inscrit sur la liste des espaces de rencontre pouvant \u00eatre d\u00e9sign\u00e9s par une autorit\u00e9 judiciaire.Article 2 :L'agr\u00e9ment peut \u00eatre retir\u00e9 si les conditions pr\u00e9vues \u00e0 l'article D. 216-4 du code de l'action sociale et desfamilles ne sont plus r\u00e9unies. La personne gestionnaire de l'espace de rencontre qui ne remplit plus lesconditions de l'agr\u00e9ment en est inform\u00e9e par lettre recommand\u00e9e avec avis de r\u00e9ception ou par toutmoyen permettant d'\u00e9tablir une date certaine. Elle dispose d'un d\u00e9lai d'un mois pour faire valoir sesobservations.\n \n \n \nDirection d\u00e9partementale de l'emploi, du travail et des solidarit\u00e9s de C\u00f4te-d'Or - 21-2026-02-02-00006 - Arr\u00eat\u00e9 pr\u00e9fectoral 251\nportant agr\u00e9ment de l'espace de rencontre g\u00e9r\u00e9 par l'association EHCO Beaune 9\nArticle 3:Dans les deux mois de sa publication ou de sa notification, le pr\u00e9sent arr\u00eat\u00e9 peut faire l'objet d'unrecours devant le tribunal administratif de Dijon.Article 4:Cet arr\u00eat\u00e9 sera publi\u00e9 au Recueil des Actes Administratifs de la pr\u00e9fecture de la C\u00f4te-d'Or et une copiesera notifi\u00e9:- au gestionnaire de l'espace de rencontre;- \u00e0 la pr\u00e9sidente du tribunal judiciaire de Dijon.Article 5:Le secr\u00e9taire g\u00e9n\u00e9ral de la pr\u00e9fecture et la directrice d\u00e9partementale de l'emploi, du travail et dessolidarit\u00e9s de la C\u00f4te-d'Or sont charg\u00e9s, chacun en ce qui le concerne, de l'ex\u00e9cution du pr\u00e9sent arr\u00eat\u00e9.\nFait \u00e0 Dijon, le O2 f\u00e9vrier 2026Le pr\u00e9fet,Pour le pr\u00e9fet et par d\u00e9l\u00e9gation,La secr\u00e9taire g\u00e9n\u00e9rale adjointeSIGNEMagalie MALERBA\n \n \n \n \n  \n \n \n \nDirection d\u00e9partementale de l'emploi, du travail et des solidarit\u00e9s de C\u00f4te-d'Or - 21-2026-02-02-00006 - Arr\u00eat\u00e9 pr\u00e9fectoral 251\nportant agr\u00e9ment de l'espace de rencontre g\u00e9r\u00e9 par l'association EHCO Beaune 10\nDirection d\u00e9partementale de la protection des\npopulations de la C\u00f4te-d'Or\nService Sant\u00e9 et Protections animales, Protection\nde l'Environnement\n21-2026-01-29-00004\nArr\u00eat\u00e9 pr\u00e9fectoral N\u00b0219/2026 en date du 29\njanvier 2026 attribuant l habilitation sanitaire \u00e0\nThibaut DELIE\nDirection d\u00e9partementale de la protection des populations de la C\u00f4te-d'Or - 21-2026-01-29-00004 - Arr\u00eat\u00e9 pr\u00e9fectoral N\u00b0219/2026 en\ndate du 29 janvier 2026 attribuant l habilitation sanitaire \u00e0 Thibaut DELIE 11\nE =PREFETDE LACOTE-D'ORLibert\u00e9Egalit\u00e9Fraternit\u00e9\nDirection D\u00e9partementale\nde la Protection des Populations\nService Sant\u00e9 et Protection Animales\nProtection de l'Environnement\nAffaire suivie par : Val\u00e9rie LABUSSIERE\nT\u00e9l. : 03 80 29 44 53\nM\u00e9l : ddpp-spa@cote-dor.gouv.fr\nArr\u00eat\u00e9 pr\u00e9fectoral N\u00b0219/2026 en date du 29 janvier 2026\nAttribuant l'habilitation sanitaire \u00e0 Thibaut DELIE\nPr\u00e9fet de la C\u00f4te-d'Or\nVu  le Code Rural et de la p\u00eache maritime et notamment ses articles L.203-1 \u00e0 L.203-7, L.223-\n6, R.203-1 \u00e0 R.203-15 et R.242-33.\nVu  le d\u00e9cret n\u00b080-516 du 4 juillet 1980, modifi\u00e9 par le d\u00e9cret n\u00b090-1033 du 19 novembre  \n1990 et par le d\u00e9cret 2003-768 du 1 er ao\u00fbt 2003, relatif \u00e0 l'ex\u00e9cution des mesures de  \nprophylaxie collective des maladies des animaux ;\nVu  le  d\u00e9cret  n\u00b02004-374  du  29  avril  2004  modifi\u00e9,  relatif  aux  pouvoirs  des  pr\u00e9fets,  \u00e0  \nl'organisation  et  \u00e0  l'action  des  services  de  l'\u00c9tat  dans  les  r\u00e9gions  et  d\u00e9partements  \nnotamment son article 43 ;\nVu  le d\u00e9cret du 10 octobre 2024 nommant M. Paul MOURIER, pr\u00e9fet de la C\u00f4te-d'Or ;\nVu l'arr\u00eat\u00e9  pr\u00e9fectoral  n\u00b0  1658/SG  du  28/10/2024,  donnant  d\u00e9l\u00e9gation  de  signature  \u00e0  \nMonsieur Didier ROOSE ;\nVu l'arr\u00eat\u00e9 pr\u00e9fectoral n\u00b0781 DDPP du 05/06/2025, donnant subd\u00e9l\u00e9gation de signature ;\nConsid\u00e9rant  que le Docteur V\u00e9t\u00e9rinaire  Thibaut DELIE  remplit les conditions permettant  \nl'attribution de l'habilitation sanitaire ;\nSur proposition de Monsieur le directeur d\u00e9partemental de la protection des populations de  \nla C\u00f4te-d'Or ;\nDirection D\u00e9partementale de la Protection des Populations - 57 rue de Mulhouse  -  21 033 DIJON Cedex\nt\u00e9l : 03 80 29 43 53... - Fax : 03 80 29 43 53..... - m\u00e8l : ddpp@cote-dor.gouv.fr\nSite internet : http://www.cote-dor.gouv.fr\npage 1\nDirection d\u00e9partementale de la protection des populations de la C\u00f4te-d'Or - 21-2026-01-29-00004 - Arr\u00eat\u00e9 pr\u00e9fectoral N\u00b0219/2026 en\ndate du 29 janvier 2026 attribuant l habilitation sanitaire \u00e0 Thibaut DELIE 12\nA R R E T E\nArticle 1er :\nL'habilitation sanitaire pr\u00e9vue \u00e0 l'article L.203-1 du code rural et de la p\u00eache maritime susvis\u00e9  \nest attribu\u00e9e pour une dur\u00e9e de 5 ans, \u00e0 compter de la date de signature du pr\u00e9sent arr\u00eat\u00e9,  \u00e0 \nThibaut  DELIE,  Docteur  V\u00e9t\u00e9rinaire,  inscrit  au  Tableau  de  l'Ordre  des  V\u00e9t\u00e9rinaires  de  la \nr\u00e9gion Bourgogne-Franche-Comt\u00e9, sous le n\u00b036498, administrativement domicili\u00e9 \u00e0 SELARL  \ndes v\u00e9t\u00e9rinaires d'ALESIA Rue du Lusiau 21150 VENAREY LES LAUMES\nArticle 2 :\nDans la mesure o\u00f9 les conditions requises ont \u00e9t\u00e9 respect\u00e9es, cette habilitation sanitaire est  \nrenouvelable  par  p\u00e9riode  de  cinq  ann\u00e9es  tacitement  reconduites  sous  r\u00e9serve  pour  le  \nv\u00e9t\u00e9rinaire sanitaire de justifier \u00e0 l'issue de chaque p\u00e9riode de cinq ans, aupr\u00e8s du pr\u00e9fet de  \nla C\u00f4te-d'Or du respect de ses obligations de formation continue pr\u00e9vues \u00e0 l'article R.203-12.\nArticle 3 :\nThibaut DELIE  s'engage \u00e0 respecter les prescriptions techniques, administratives et le cas  \n\u00e9ch\u00e9ant financi\u00e8res de mise en \u0153uvre des mesures de pr\u00e9vention, de surveillance ou de lutte  \nprescrites par l'autorit\u00e9 administrative et des op\u00e9rations de police sanitaire ex\u00e9cut\u00e9es en  \napplication de l'article L.203-7 du code rural et de la p\u00eache maritime.\nArticle 4 :\nThibaut  DELIE pourra  \u00eatre  appel\u00e9  par  le  pr\u00e9fet  de  ses  d\u00e9partements  d'exercice  pour  la  \nr\u00e9alisation  d'op\u00e9rations  de  police  sanitaire  au  sein  des  lieux  de  d\u00e9tention  ou  des  \n\u00e9tablissements pour lesquels il a \u00e9t\u00e9 d\u00e9sign\u00e9 v\u00e9t\u00e9rinaire sanitaire. Il sera tenu de concourir \u00e0  \nces op\u00e9rations en application des dispositions de l'article L.203-7 du code rural et de la  \np\u00eache maritime.\nArticle 5 :\nTout  manquement  ou  faute  commis  dans  l'exercice  de  la  pr\u00e9sente  habilitation  sanitaire \nentra\u00eenera l'application des dispositions pr\u00e9vues aux articles R.203-15, R.228-6 et suivants du  \ncode rural et de la p\u00eache maritime.\nArticle 6 :\nLa pr\u00e9sente d\u00e9cision peut faire l'objet d'un recours devant le Tribunal Administratif de Dijon  \ndans un d\u00e9lai de deux mois \u00e0 compter de la date de notification, soit par courrier, soit par  \nl'application informatique T\u00e9l\u00e9recours accessible sur le site www.telerecours.fr\nArticle 7 :\nMonsieur le directeur d\u00e9partemental de la protection des populations de la C\u00f4te-d'Or est  \ncharg\u00e9 de l'ex\u00e9cution du pr\u00e9sent arr\u00eat\u00e9 qui sera publi\u00e9 au recueil des actes administratifs de  \nla pr\u00e9fecture de la C\u00f4te-d'Or.\nLa cheffe de service\nSIGNE\nFlora AL-HAKKAK\nDirection D\u00e9partementale de la Protection des Populations - 57 rue de Mulhouse  -  21 033 DIJON Cedex\nt\u00e9l : 03 80 29 43 53... - Fax : 03 80 29 43 53..... - m\u00e8l : ddpp@cote-dor.gouv.fr\nSite internet : http://www.cote-dor.gouv.fr\npage 2\nDirection d\u00e9partementale de la protection des populations de la C\u00f4te-d'Or - 21-2026-01-29-00004 - Arr\u00eat\u00e9 pr\u00e9fectoral N\u00b0219/2026 en\ndate du 29 janvier 2026 attribuant l habilitation sanitaire \u00e0 Thibaut DELIE 13\nDirection d\u00e9partementale de la protection des\npopulations de la C\u00f4te-d'Or\nService Sant\u00e9 et Protections animales, Protection\nde l'Environnement\n21-2026-02-02-00010\nArr\u00eat\u00e9 pr\u00e9fectoral N\u00b0243/2026 en date du 2\nf\u00e9vrier 2026 attribuant l habilitation sanitaire \u00e0\nMathis BLAGOJEVIC\nDirection d\u00e9partementale de la protection des populations de la C\u00f4te-d'Or - 21-2026-02-02-00010 - Arr\u00eat\u00e9 pr\u00e9fectoral N\u00b0243/2026 en\ndate du 2 f\u00e9vrier 2026 attribuant l habilitation sanitaire \u00e0 Mathis BLAGOJEVIC 14\nE =PREFETDE LACOTE-D'ORLibert\u00e9Egalit\u00e9Fraternit\u00e9\nDirection D\u00e9partementale\nde la Protection des Populations\nAffaire suivie par Val\u00e9rie LABUSSIERE                    \nService sant\u00e9 et protection animales,\nprotection de l'environnement\nT\u00e9l : 03 80 29 44 53\nm\u00e9l : ddpp-spa@cote-dor.gouv.fr\nArr\u00eat\u00e9 pr\u00e9fectoral N\u00b0243/2026 en date du 2 f\u00e9vrier 2026\nAttribuant l'habilitation sanitaire \u00e0 Mathis BLAGOJEVIC\nPr\u00e9fet de la C\u00f4te-d'Or\nVu le Code Rural et de la p\u00eache maritime et notamment ses articles L.203-1 \u00e0 L.203-7 , L.223-\n6, R.203-1 \u00e0 R.203-15 et R.242-33.\nVu le d\u00e9cret n\u00b080-516 du 4 juillet 1980, modifi\u00e9 par le d\u00e9cret n\u00b090-1033 du 19 novembre 1990 \net  par  le  d\u00e9cret  2003-768  du  1er ao\u00fbt  2003,  relatif  \u00e0  l'ex\u00e9cution  des  mesures  de \nprophylaxie collective des maladies des animaux ;\nVu le  d\u00e9cret  n\u00b02004-374  du  29  avril  2004  modifi\u00e9,  relatif  aux  pouvoirs  des  pr\u00e9fets,  \u00e0 \nl'organisation  et  \u00e0  l'action  des  services  de  l'\u00c9tat  dans  les  r\u00e9gions  et  d\u00e9partements \nnotamment son article 43 ;\nVu  le d\u00e9cret du 10 octobre 2024 nommant M. Paul MOURIER, pr\u00e9fet de la C\u00f4te-d' Or ;\nVu l'arr\u00eat\u00e9  pr\u00e9fectoral  n\u00b0  1658/SG  du  28/10/2024,  donnant  d\u00e9l\u00e9gation  de  signature  \u00e0 \nMonsieur Didier ROOSE ;\nVu l'arr\u00eat\u00e9 pr\u00e9fectoral n\u00b0 n\u00b0781 DDPP du 05/06/2025, donnant subd\u00e9l\u00e9gation de signature ;\nConsid\u00e9rant que  le  Docteur  V\u00e9t\u00e9rinaire  Mathis  BLAGOJEVIC  remplit  les  conditions \npermettant l'attribution de l'habilitation sanitaire ;\nSur proposition de Monsieur le directeur d\u00e9partemental de la protection des populations de  \nla C\u00f4te-d'Or ;\nDirection D\u00e9partementale de la Protection des Populations - 57 rue de Mulhouse  -  21 033 DIJON Cedex\nt\u00e9l : 03 80 29 43 53... - m\u00e8l : ddpp-spa@cote-dor.gouv.fr\nSite internet : http://www.cote-dor.gouv.fr\npage 1\nDirection d\u00e9partementale de la protection des populations de la C\u00f4te-d'Or - 21-2026-02-02-00010 - Arr\u00eat\u00e9 pr\u00e9fectoral N\u00b0243/2026 en\ndate du 2 f\u00e9vrier 2026 attribuant l habilitation sanitaire \u00e0 Mathis BLAGOJEVIC 15\nA R R E T E\nArticle 1er :\nL'habilitation sanitaire pr\u00e9vue \u00e0 l'article L.203-1 du code rural et de la p\u00eache maritime susvis\u00e9  \nest attribu\u00e9e pour une dur\u00e9e de 5 ans \u00e0 compter de la date de signature du pr\u00e9sent arr\u00eat\u00e9, \u00e0 \nMathis BLAGOJEVIC  Docteur V\u00e9t\u00e9rinaire inscrit au Tableau de l'Ordre des V\u00e9t\u00e9rinaires de la \nr\u00e9gion Bourgogne-Franche-Comt\u00e9, sous le n\u00b036463, administrativement domicili\u00e9 au 52 rue de \nchenove 21000 Dijon\nArticle 2 :\nMathis BLAGOJEVIC  s'engage \u00e0 respecter les prescriptions techniques, administratives et le  \ncas \u00e9ch\u00e9ant financi\u00e8res de mise en \u0153uvre des mesures de pr\u00e9vention, de surveillance ou de  \nlutte prescrites par l'autorit\u00e9 administrative et des op\u00e9rations de police sanitaire ex\u00e9cut\u00e9es  \nen application de l'article L.203-7 du code rural et de la p\u00eache maritime.\nArticle 3 :\nMathis BLAGOJEVIC  pourra \u00eatre appel\u00e9 par le pr\u00e9fet de ses d\u00e9partements d'exercice pour la  \nr\u00e9alisation  d'op\u00e9rations  de  police  sanitaire  au  sein  des  lieux  de  d\u00e9tention  ou  des \n\u00e9tablissements pour lesquels il a \u00e9t\u00e9 d\u00e9sign\u00e9 v\u00e9t\u00e9rinaire sanitaire. Il sera tenu de concourir \u00e0  \nces op\u00e9rations en application des dispositions de l'article L.203-7 du code rural et de la p\u00eache \nmaritime.\nArticle 4 :\nTout  manquement  ou  faute  commis  dans  l'exercice  de  la  pr\u00e9sente  habilitation  sanitaire \nentra\u00eenera l'application des dispositions pr\u00e9vues aux articles R.203-15, R.228-6 et suivants du  \ncode rural et de la p\u00eache maritime.\nArticle 5 :\nLa pr\u00e9sente d\u00e9cision peut faire l'objet d'un recours devant le Tribunal Administratif de Dijon  \ndans un d\u00e9lai de deux mois \u00e0 compter de la date de notification, soit par courrier, soit par  \nl'application informatique T\u00e9l\u00e9recours accessible sur le site www.telerecours.fr\nArticle 6 :\nMonsieur le directeur d\u00e9partemental de la protection des populations de la C\u00f4te-d'Or est  \ncharg\u00e9 de l'ex\u00e9cution du pr\u00e9sent arr\u00eat\u00e9 qui sera publi\u00e9 au recueil des actes administratifs de  \nla pr\u00e9fecture de la C\u00f4te-d'Or.\nLa cheffe de service\nSIGNE\nFlora AL-HAKKAK\nDirection D\u00e9partementale de la Protection des Populations - 57 rue de Mulhouse  -  21 033 DIJON Cedex\nt\u00e9l : 03 80 29 43 53... - m\u00e8l : ddpp-spa@cote-dor.gouv.fr\nSite internet : http://www.cote-dor.gouv.fr\npage 2\nDirection d\u00e9partementale de la protection des populations de la C\u00f4te-d'Or - 21-2026-02-02-00010 - Arr\u00eat\u00e9 pr\u00e9fectoral N\u00b0243/2026 en\ndate du 2 f\u00e9vrier 2026 attribuant l habilitation sanitaire \u00e0 Mathis BLAGOJEVIC 16\nDirection d\u00e9partementale des territoires de la\nC\u00f4te-d'Or\nService Pr\u00e9servation et Am\u00e9nagement de\nl'Espace (SPAE)\n21-2026-01-28-00004\nArr\u00eat\u00e9 N\u00b0241 portant renouvellement de\nl'habilitation de l'association Ligue\npour la protection des oiseaux\nBourgogne-France-Comt\u00e9 \u00e0 \u00eatre d\u00e9sign\u00e9e pour\nprendre part au d\u00e9bat sur l'environnement se\nd\u00e9roulant dans le cadre des instances\nconsultatives r\u00e9gionales\nDirection d\u00e9partementale des territoires de la C\u00f4te-d'Or - 21-2026-01-28-00004 - Arr\u00eat\u00e9 N\u00b0241 portant renouvellement de\nl'habilitation de l'association Ligue\npour la protection des oiseaux Bourgogne-France-Comt\u00e9 \u00e0 \u00eatre d\u00e9sign\u00e9e pour prendre part au d\u00e9bat sur l'environnement se\nd\u00e9roulant dans le cadre des instances consultatives r\u00e9gionales\n17\nPREFET |DE LA REGIONBOURGOGNE- .FRANCHE-COMTELibert\u00e9Egalit\u00e9Fraternit\u00e9\nArr\u00eat\u00e9 N\u00b0241 portant renouvellement de l'habilitation de l'association Ligue  \npour la protection des oiseaux Bourgogne-France-Comt\u00e9 \u00e0 \u00eatre d\u00e9sign\u00e9e pour  \nprendre  part  au  d\u00e9bat  sur  l'environnement  se  d\u00e9roulant  dans  le  cadre  des \ninstances consultatives r\u00e9gionales\n_____________________\nLe pr\u00e9fet de la r\u00e9gion Bourgogne-Franche-Comt\u00e9\nPr\u00e9fet de la C\u00f4te-d'Or\nVU le code de l'environnement, notamment ses articles L. 141-3, R. 141-21, R. 141-22 et suivants ;\nVU l'arr\u00eat\u00e9 du 12 juillet 2011 fixant la composition du dossier de demande de participation au d\u00e9bat sur  \nl'environnement dans le cadre d'instances consultatives ;\nVU l'arr\u00eat\u00e9 pr\u00e9fectoral n\u00b019-123 BAG du 5 juin 2019 fixant les modalit\u00e9s d'application au niveau r\u00e9gional  \nde la condition pr\u00e9vue au 1\u00b0de l'article R 141-21 du code de l'environnement concernant les associations  \nsouhaitant participer au d\u00e9bat sur l'environnement dans le cadre de certaines instances consultatives ;\nVU l'arr\u00eat\u00e9 pr\u00e9fectoral n\u00b021-54 BAG du 3 mars 2021 portant habilitation de l'association  Ligue pour la  \nprotection  des  oiseaux  Bourgogne-France-Comt\u00e9  \u00e0  \u00eatre  d\u00e9sign\u00e9e  pour  prendre  part  au  d\u00e9bat  sur  \nl'environnement se d\u00e9roulant dans le cadre des instances consultatives r\u00e9gionales ;\nVU  l'arr\u00eat\u00e9  pr\u00e9fectoral  n\u00b022-86  BAG  du  14  avril  2022  portant  modification  de  l'habilitation  de  \nl'association Ligue pour la protection des oiseaux Bourgogne-France-Comt\u00e9 \u00e0 \u00eatre d\u00e9sign\u00e9e pour prendre  \npart au d\u00e9bat sur l'environnement se d\u00e9roulant dans le cadre des instances consultatives r\u00e9gionales ;\nVU l'agr\u00e9ment tacite relatif \u00e0 la protection de l'environnement notifi\u00e9 par courrier du pr\u00e9fet de la C\u00f4te-\nd'Or du 19 juin 2023 au pr\u00e9sident de la \u00ab  Ligue pour la protection des oiseaux Bourgogne-Franche-\nComt\u00e9 \u00bb \u00e0 compter du 26 avril 2023 pour une dur\u00e9e de cinq ann\u00e9es ;\nVU la demande du 6 octobre 2025, d\u00e9pos\u00e9e le 3 novembre 2025 et d\u00e9clar\u00e9e compl\u00e8te le 3 novembre  \n2025,  par  la  \u00ab Ligue  pour  la  protection  des  oiseaux  Bourgogne-Franche-Comt\u00e9  \u00bb,  en  vue  d'obtenir \nl'habilitation \u00e0 \u00eatre d\u00e9sign\u00e9e pour prendre part au d\u00e9bat sur l'environnement se d\u00e9roulant dans le cadre  \ndes instances consultatives de la r\u00e9gion Bourgogne-Franche-Comt\u00e9 ;\nVU l'avis favorable de la directrice d\u00e9partementale des territoires de la C\u00f4te-d'Or du 15 janvier 2026 ;\nCONSID\u00c9RANT  que l'association oeuvre dans au moins quatre d\u00e9partements de la r\u00e9gion Bourgogne-\nFranche-Comt\u00e9 ;\n1/2\nSecr\u00e9tariat G\u00e9n\u00e9ral\npour les Affaires R\u00e9gionales\nPr\u00e9fecture de la r\u00e9gion Bourgogne-Franche-Comt\u00e9\n53 rue de la Pr\u00e9fecture - 21041 DIJON cedex\nt\u00e9l : 03 80 44 64 00   mail : sgar-courrier@bfc.gouv.fr\nhttp://www.prefectures-regions.gouv.fr/bourgogne-franche-comte\nDirection d\u00e9partementale des territoires de la C\u00f4te-d'Or - 21-2026-01-28-00004 - Arr\u00eat\u00e9 N\u00b0241 portant renouvellement de\nl'habilitation de l'association Ligue\npour la protection des oiseaux Bourgogne-France-Comt\u00e9 \u00e0 \u00eatre d\u00e9sign\u00e9e pour prendre part au d\u00e9bat sur l'environnement se\nd\u00e9roulant dans le cadre des instances consultatives r\u00e9gionales\n18\n2/2\nCONSID\u00c9RANT qu'elle justifie d'une exp\u00e9rience et de savoirs reconnus dans plusieurs domaines relevant  \nde l'article L. 141-1, tels que, notamment, la protection de la nature, la pr\u00e9servation de la biodiversit\u00e9 et la \ngestion de la faune ;\nCONSID\u00c9RANT que les statuts de l'association, les activit\u00e9s professionnelles et \u00e9lectives des membres de \nson  conseil  d'administration,  ses  ressources  financi\u00e8res,  ses  modalit\u00e9s  d'organisation  et  de  \nfonctionnement n'apparaissent pas de nature \u00e0 limiter son ind\u00e9pendance ;\nARR\u00caTE\nArticle 1 - La \u00ab Ligue pour la protection des oiseaux Bourgogne-Franche-Comt\u00e9 \u00bb peut \u00eatre d\u00e9sign\u00e9e pour  \nprendre  part  au  d\u00e9bat  sur  l'environnement  se  d\u00e9roulant  dans  le  cadre  des  instances  consultatives \nr\u00e9gionales  ayant  vocation  \u00e0  examiner  les  politiques  d'environnement  et  de  d\u00e9veloppement  durable \nvis\u00e9es \u00e0 l'article L. 141-3 du code de l'environnement, \u00e0 compter du 3 mars 2026 pour une dur\u00e9e de cinq  \nann\u00e9es, soit jusqu'au 3 mars 2031 exclu ;\nArticle 2 - La Secr\u00e9taire g\u00e9n\u00e9rale pour les affaires r\u00e9gionales est charg\u00e9e de l'ex\u00e9cution du pr\u00e9sent arr\u00eat\u00e9  \nqui sera publi\u00e9 au recueil des actes administratifs de la pr\u00e9fecture de r\u00e9gion.\nFait \u00e0 Dijon, le 28 janvier 2026\nLe pr\u00e9fet\nSign\u00e9 : Paul MOURIER\n2/2\nDirection d\u00e9partementale des territoires de la C\u00f4te-d'Or - 21-2026-01-28-00004 - Arr\u00eat\u00e9 N\u00b0241 portant renouvellement de\nl'habilitation de l'association Ligue\npour la protection des oiseaux Bourgogne-France-Comt\u00e9 \u00e0 \u00eatre d\u00e9sign\u00e9e pour prendre part au d\u00e9bat sur l'environnement se\nd\u00e9roulant dans le cadre des instances consultatives r\u00e9gionales\n19\nDirection d\u00e9partementale des territoires de la\nC\u00f4te-d'Or\nService Pr\u00e9servation et Am\u00e9nagement de\nl'Espace (SPAE)\n21-2026-02-02-00011\nArr\u00eat\u00e9 pr\u00e9fectoral du 2 f\u00e9vrier 2026 portant\nmodification de l'arr\u00eat\u00e9 pr\u00e9fectoral du 12\nd\u00e9cembre 2025 portant renouvellement du\nbureau de l'association fonci\u00e8re de\nVILLY-LE-MOUTIER\nDirection d\u00e9partementale des territoires de la C\u00f4te-d'Or - 21-2026-02-02-00011 - Arr\u00eat\u00e9 pr\u00e9fectoral du 2 f\u00e9vrier 2026 portant\nmodification de l'arr\u00eat\u00e9 pr\u00e9fectoral du 12 d\u00e9cembre 2025 portant renouvellement du bureau de l'association fonci\u00e8re de\nVILLY-LE-MOUTIER\n20\nzsPREFETDELACOTE-D'ORLibert\u00e9Egalit\u00e9Fraternit\u00e9\nDirection d\u00e9partementale des territoires\nde la C\u00f4te-d'Or\nArr\u00eat\u00e9 pr\u00e9fectoral du 2 f\u00e9vrier 2026\nportant modification de l'arr\u00eat\u00e9 pr\u00e9fectoral du 12 d\u00e9cembre 2025 \nportant renouvellement du bureau de l'association fonci\u00e8re de VILLY-LE-MOUTIER\nLe Pr\u00e9fet de la C\u00f4te-d'Or\nVU le code rural et de la p\u00eache maritime, notamment ses articles L121-1 \u00e0 L121-26 ; L123-1 \u00e0 \nL123-35 ; L131-1 et L133-1 \u00e0 L133-7 ; R131-1 et R133-1 \u00e0 R133-15 ;\nVU  l'arr\u00eat\u00e9 pr\u00e9fectoral du 19 mai 1964  portant constitution de l'association fonci\u00e8re de  \nVILLY-LE-MOUTIER ;\nVU l'arr\u00eat\u00e9 pr\u00e9fectoral du 12 d\u00e9cembre 2025 dernier en date portant renouvellement du  \nbureau de l'association fonci\u00e8re de VILLY-LE-MOUTIER ;\nVU l'arr\u00eat\u00e9 pr\u00e9fectoral n \u00b0 507 / SG du 28 mars 2025 donnant d\u00e9l\u00e9gation de signature \u00e0  \nMme Manuelle DUPUY, directrice d\u00e9partementale des territoires de la C\u00f4te-d'Or ;\nVU l'arr\u00eat\u00e9 pr\u00e9fectoral n\u00b0 1333 du 28 ao\u00fbt 2025 portant d\u00e9l\u00e9gation de signature aux agents \nde la direction d\u00e9partementale de la C\u00f4te-d'Or ;\nVU le courrier de la chambre d'agriculture du 11 d\u00e9cembre 2025 ;\nVU  le  courrier  \u00e9lectronique  de  la  commune  de VILLY-LE-MOUTIER  du  13  janvier  2026 \nrelevant une erreur mat\u00e9rielle dans le courrier de la chambre d'agriculture du 11 d\u00e9cembre \n2025 en ce que figure le nom de M. Bernard BIETRY, d\u00e9c\u00e9d\u00e9, au lieu de M. Matthieu  \nBIETRY ;\nVU le courrier de la chambre d'agriculture du 27 janvier 2026 proposant M. Matthieu  \nBIETRY en qualit\u00e9 de membre du bureau de l'association fonci\u00e8re de VILLY-LE-MOUTIER ;\nSUR proposition de la directrice d\u00e9partementale des territoires ;\nCONSIDERANT que  l'article  1er de  l'arr\u00eat\u00e9  pr\u00e9fectoral  du  12  d\u00e9cembre  2025  portant \nrenouvellement du bureau de l'association fonci\u00e8re de VILLY-LE-MOUTIER comporte une  \nerreur mat\u00e9rielle en ce qu'il mentionne le nom de M. Bernard BIETRY, d\u00e9c\u00e9d\u00e9, au lieu de  \nM.  Matthieu BIETRY ; \nDirection d\u00e9partementale des territoires de la C\u00f4te-d'Or\n57 , rue de Mulhouse - BP 53317 - 21033 Dijon CEDEX\nT\u00e9l. : 03 80 29 44 44\nCourriel : ddt@cote-dor.gouv.fr - Site internet : \nhttp://www.cote-dor.gouv.fr\nDirection d\u00e9partementale des territoires de la C\u00f4te-d'Or - 21-2026-02-02-00011 - Arr\u00eat\u00e9 pr\u00e9fectoral du 2 f\u00e9vrier 2026 portant\nmodification de l'arr\u00eat\u00e9 pr\u00e9fectoral du 12 d\u00e9cembre 2025 portant renouvellement du bureau de l'association fonci\u00e8re de\nVILLY-LE-MOUTIER\n21\nA R R \u00ca T E\nARTICLE 1  er   : \nL'article 1 er de l'a rr\u00eat\u00e9 pr\u00e9fectoral du 12 d\u00e9cembre 2025  portant renouvellement du bureau de  \nl'association fonci\u00e8re de VILLY-LE-MOUTIER est modifi\u00e9 comme suit :\nSont nomm\u00e9s membres du bureau de l'association fonci\u00e8re de VILLY-LE-MOUTIER pour une p\u00e9riode de \nsix ans :\n* le maire de la commune ou un conseiller municipal d\u00e9sign\u00e9 par lui ;\n* les propri\u00e9taires dont les noms suivent\nd\u00e9sign\u00e9s par le conseil municipal d\u00e9sign\u00e9s par la chambre d'agriculture\nM. Pierre JOIGNEAULT M. Matthieu BIETRY\nM. Pierre DOREY M. Beno\u00eet COTETIDOT\nM. Damien BOUDROT M. Jean-Fran\u00e7ois FAIVRE\nM. Julien THIBAULT M. Beno\u00eet VIAL\n* la  directrice  d\u00e9partementale  des  territoires  de  la  C\u00f4te-d'Or  ou  son  repr\u00e9sentant,  avec  voix \nconsultative.\nLe reste est sans changement.\nARTICLE 2     :   \nCette d\u00e9cision peut \u00eatre contest\u00e9e devant le tribunal administratif de Dijon dans un d\u00e9lai  \nde 2 mois \u00e0 compter de sa publication.\nARTICLE 3 :\nLa directrice d\u00e9partementale des territoires de la C\u00f4te-d'Or, le pr\u00e9sident de l'association  \nfonci\u00e8re de VILLY-LE-MOUTIER et le maire de la commune de VILLY-LE-MOUTIER, sont  \ncharg\u00e9s, chacun en ce qui le concerne, de l'ex\u00e9cution des dispositions du pr\u00e9sent arr\u00eat\u00e9  \nqui sera publi\u00e9 au recueil des actes administratifs de la pr\u00e9fecture, notifi\u00e9 \u00e0 chacun des  \nmembres de l'association fonci\u00e8re et affich\u00e9 dans la commune de VILLY-LE-MOUTIER.\nFait \u00e0 Dijon, le 2 f\u00e9vrier 2026\nPour le pr\u00e9fet et par d\u00e9l\u00e9gation,\nPour la directrice d\u00e9partementale,\nle responsable du bureau nature, \nsites et \u00e9nergies renouvelables,\nSign\u00e9 : Laurent TISNE\nDirection d\u00e9partementale des territoires de la C\u00f4te-d'Or - 21-2026-02-02-00011 - Arr\u00eat\u00e9 pr\u00e9fectoral du 2 f\u00e9vrier 2026 portant\nmodification de l'arr\u00eat\u00e9 pr\u00e9fectoral du 12 d\u00e9cembre 2025 portant renouvellement du bureau de l'association fonci\u00e8re de\nVILLY-LE-MOUTIER\n22\nDirection d\u00e9partementale des territoires de la\nC\u00f4te-d'Or\nService Pr\u00e9servation et Am\u00e9nagement de\nl'Espace (SPAE)\n21-2026-02-02-00008\nArr\u00eat\u00e9 pr\u00e9fectoral du 2 f\u00e9vrier 2026 portant\nrenouvellement du bureau de l'association\nfonci\u00e8re de MARSANNAY-LE-BOIS\nDirection d\u00e9partementale des territoires de la C\u00f4te-d'Or - 21-2026-02-02-00008 - Arr\u00eat\u00e9 pr\u00e9fectoral du 2 f\u00e9vrier 2026 portant\nrenouvellement du bureau de l'association fonci\u00e8re de MARSANNAY-LE-BOIS 23\nzsPREFETDELACOTE-D'ORLibert\u00e9Egalit\u00e9Fraternit\u00e9\nDirection d\u00e9partementale des territoires\nde la C\u00f4te-d'Or\nArr\u00eat\u00e9 pr\u00e9fectoral du 2 f\u00e9vrier 2026\nportant renouvellement du bureau de l'association fonci\u00e8re de MARSANNAY-LE-BOIS\nLe Pr\u00e9fet de la C\u00f4te-d'Or\nVU le code rural et de la p\u00eache maritime, notamment ses articles L121-1 \u00e0 L121-26 ; L123-1 \u00e0 L123-35 ; \nL131-1 et L133-1 \u00e0 L133-7 ; R131-1 et R133-1 \u00e0 R133-15 ;\nVU l'arr\u00eat\u00e9 pr\u00e9fectoral du 31 janvier 1955 relatif \u00e0 la constitution d'une association fonci\u00e8re dans la  \ncommune de MARSANNAY-LE-BOIS ;\nVU  l'arr\u00eat\u00e9 pr\u00e9fectoral du 3 octobre 2018 dernier en date portant renouvellement du bureau de  \nl'association fonci\u00e8re de MARSANNAY-LE-BOIS ;\nVU l'arr\u00eat\u00e9  pr\u00e9fectoral  n\u00b0 507  /  SG  du  28  mars  2025  donnant  d\u00e9l\u00e9gation  de  signature  \u00e0  \nMme Manuelle DUPUY, directrice d\u00e9partementale des territoires de la C\u00f4te-d'Or ;\nVU l'arr\u00eat\u00e9 pr\u00e9fectoral n\u00b0 1333 du 28 ao\u00fbt 2025 portant d\u00e9l\u00e9gation de signature aux agents de la  \ndirection d\u00e9partementale des territoires de la C\u00f4te-d'Or ;\nVU la d\u00e9lib\u00e9ration du conseil municipal de  MARSANNAY-LE-BOIS  du 9 juillet 2025  d\u00e9signant la  \nmoiti\u00e9  des  membres  appel\u00e9s  \u00e0  faire  partie  du  nouveau  bureau  de  l'association  fonci\u00e8re  de  \nMARSANNAY-LE-BOIS ;\nVU le courrier du pr\u00e9sident de la chambre d'agriculture du 27 janvier 2026 d\u00e9signant l'autre moiti\u00e9  \ndes membres ;\nSUR proposition de la directrice d\u00e9partementale des territoires ;\nA R R \u00ca T E\n1\nDirection d\u00e9partementale des territoires de la C\u00f4te-d'Or\n57 , rue de Mulhouse - BP 53317 - 21033 Dijon CEDEX\nT\u00e9l. : 03 80 29 44 44\nCourriel : ddt@cote-dor.gouv.fr - Site internet : \nhttp://www.cote-dor.gouv.fr\nDirection d\u00e9partementale des territoires de la C\u00f4te-d'Or - 21-2026-02-02-00008 - Arr\u00eat\u00e9 pr\u00e9fectoral du 2 f\u00e9vrier 2026 portant\nrenouvellement du bureau de l'association fonci\u00e8re de MARSANNAY-LE-BOIS 24\nARTICLE 1  er   : \nSont nomm\u00e9s membres du bureau de l'association fonci\u00e8re de MARSANNAY-LE-BOIS pour une  \np\u00e9riode de six ans :\n* le maire de la commune ou un conseiller municipal d\u00e9sign\u00e9 par lui ;\n* les propri\u00e9taires dont les noms suivent\nd\u00e9sign\u00e9s par le conseil municipal d\u00e9sign\u00e9s par la chambre d'agriculture\nM. Jean POITOUT M. Dominique CHAPUIS\nM. Jean RUELLE M. Philippe AUCORDONNIER\nM. Martial AUCORDONNIER M. Olivier DAMONGEOT\nM. Jean-Fran\u00e7ois DAMONGEOT M. Roland BORNET\nM. Valentin QUIROT M. Thierry PARIS\nM. Sylvain LAMBERT M. Mathieu JOVIGNOT\n* la  directrice  d\u00e9partementale  des  territoires  de  la  C\u00f4te-d'Or  ou  son  repr\u00e9sentant,  avec  voix  \nconsultative.\nARTICLE 2     :   \nLe bureau \u00e9lira en son sein le pr\u00e9sident charg\u00e9 de l'ex\u00e9cution de ses d\u00e9lib\u00e9rations ainsi que le vice-\npr\u00e9sident et le secr\u00e9taire.\nARTICLE 3     : \nCette d\u00e9cision peut \u00eatre contest\u00e9e devant le tribunal administratif de Dijon dans un d\u00e9lai de 2 mois \n\u00e0 compter de sa publication.\nARTICLE 4 : \nLa directrice d\u00e9partementale des territoires de la C\u00f4te-d'Or, le pr\u00e9sident de l'association fonci\u00e8re  \nde MARSANNAY-LE-BOIS et le maire de la commune de MARSANNAY-LE-BOIS, sont charg\u00e9s, chacun \nen ce qui le concerne, de l'ex\u00e9cution des dispositions du pr\u00e9sent arr\u00eat\u00e9 qui sera publi\u00e9 au recueil  \ndes actes administratifs de la pr\u00e9fecture, notifi\u00e9 \u00e0 chacun des membres de l'association fonci\u00e8re et  \naffich\u00e9 dans la commune de MARSANNAY-LE-BOIS.\nFait \u00e0 Dijon, le 2 f\u00e9vrier 2026\nPour le pr\u00e9fet et par d\u00e9l\u00e9gation,\nPour la directrice d\u00e9partementale des territoires,\nle chef du bureau nature, sites, \u00e9nergies renouvelables\nSign\u00e9 : Laurent TISNE\n2\nDirection d\u00e9partementale des territoires de la C\u00f4te-d'Or - 21-2026-02-02-00008 - Arr\u00eat\u00e9 pr\u00e9fectoral du 2 f\u00e9vrier 2026 portant\nrenouvellement du bureau de l'association fonci\u00e8re de MARSANNAY-LE-BOIS 25\nDirection d\u00e9partementale des territoires de la\nC\u00f4te-d'Or\nService Pr\u00e9servation et Am\u00e9nagement de\nl'Espace (SPAE)\n21-2026-02-02-00007\nArr\u00eat\u00e9 pr\u00e9fectoral du 2 f\u00e9vrier 2026 portant\nrenouvellement du bureau de l'association\nfonci\u00e8re de MERCEUIL\nDirection d\u00e9partementale des territoires de la C\u00f4te-d'Or - 21-2026-02-02-00007 - Arr\u00eat\u00e9 pr\u00e9fectoral du 2 f\u00e9vrier 2026 portant\nrenouvellement du bureau de l'association fonci\u00e8re de MERCEUIL 26\nzsPREFETDELACOTE-D'ORLibert\u00e9Egalit\u00e9Fraternit\u00e9\nDirection d\u00e9partementale des territoires\nde la C\u00f4te-d'Or\nArr\u00eat\u00e9 pr\u00e9fectoral du 2 f\u00e9vrier 2026\nportant renouvellement du bureau de l'association fonci\u00e8re de MERCEUIL\nLe Pr\u00e9fet de la C\u00f4te-d'Or\nVU le code rural et de la p\u00eache maritime, notamment ses articles L121-1 \u00e0 L121-26 ; L123-1 \u00e0 L123-35 ; \nL131-1 et L133-1 \u00e0 L133-7 ; R131-1 et R133-1 \u00e0 R133-15 ;\nVU  l'arr\u00eat\u00e9  pr\u00e9fectoral  n\u00b012  DDA  du  8  janvier  1973  relatif  \u00e0  la  constitution  d'une  association \nfonci\u00e8re dans la commune de MERCEUIL ;\nVU l'arr\u00eat\u00e9 pr\u00e9fectoral du 24 octobre 2019 dernier en date portant renouvellement du bureau de  \nl'association fonci\u00e8re de MERCEUIL ;\nVU l'arr\u00eat\u00e9  pr\u00e9fectoral  n\u00b0 507  /  SG  du  28  mars  2025  donnant  d\u00e9l\u00e9gation  de  signature  \u00e0  \nMme Manuelle DUPUY, directrice d\u00e9partementale des territoires de la C\u00f4te-d'Or ;\nVU l'arr\u00eat\u00e9 pr\u00e9fectoral n\u00b0 1333 du 28 ao\u00fbt 2025 portant d\u00e9l\u00e9gation de signature aux agents de la  \ndirection d\u00e9partementale des territoires de la C\u00f4te-d'Or ;\nVU la d\u00e9lib\u00e9ration du conseil municipal de MERCEUIL du 3 novembre 2025 d\u00e9signant la moiti\u00e9 des  \nmembres appel\u00e9s \u00e0 faire partie du nouveau bureau de l'association fonci\u00e8re de MERCEUIL ;\nVU le courrier du pr\u00e9sident de la chambre d'agriculture du 28 janvier 2026 d\u00e9signant l'autre moiti\u00e9  \ndes membres ;\nSUR proposition de la directrice d\u00e9partementale des territoires ;\nA R R \u00ca T E\n1\nDirection d\u00e9partementale des territoires de la C\u00f4te-d'Or\n57 , rue de Mulhouse - BP 53317 - 21033 Dijon CEDEX\nT\u00e9l. : 03 80 29 44 44\nCourriel : ddt@cote-dor.gouv.fr - Site internet : \nhttp://www.cote-dor.gouv.fr\nDirection d\u00e9partementale des territoires de la C\u00f4te-d'Or - 21-2026-02-02-00007 - Arr\u00eat\u00e9 pr\u00e9fectoral du 2 f\u00e9vrier 2026 portant\nrenouvellement du bureau de l'association fonci\u00e8re de MERCEUIL 27\nARTICLE 1  er   : \nSont nomm\u00e9s membres du bureau de l'association fonci\u00e8re de MERCEUIL pour une p\u00e9riode de six  \nans :\n* le maire de la commune ou un conseiller municipal d\u00e9sign\u00e9 par lui ;\n* les propri\u00e9taires dont les noms suivent\nd\u00e9sign\u00e9s par le conseil municipal d\u00e9sign\u00e9s par la chambre d'agriculture\nM. Baptiste BAILLARD M. C\u00e9dric DURY\nM. Pascal BOUTEILLEY M. Maxence FOURNIER\nM. J\u00e9r\u00f4me BON M. Christian CHARRY\nM. Benjamin PIDET M. Fran\u00e7ois GENTIL\nM. G\u00e9rard PONSARD M. Nicolas DE DEMO\n* la  directrice  d\u00e9partementale  des  territoires  de  la  C\u00f4te-d'Or  ou  son  repr\u00e9sentant,  avec  voix  \nconsultative.\nARTICLE 2     :   \nLe bureau \u00e9lira en son sein le pr\u00e9sident charg\u00e9 de l'ex\u00e9cution de ses d\u00e9lib\u00e9rations ainsi que le vice-\npr\u00e9sident et le secr\u00e9taire.\nARTICLE 3     : \nCette d\u00e9cision peut \u00eatre contest\u00e9e devant le tribunal administratif de Dijon dans un d\u00e9lai de 2 mois \n\u00e0 compter de sa publication.\nARTICLE 4 : \nLa directrice d\u00e9partementale des territoires de la C\u00f4te-d'Or, le pr\u00e9sident de l'association fonci\u00e8re  \nde MERCEUIL et le maire de la commune de MERCEUIL, sont charg\u00e9s, chacun en ce qui le concerne,  \nde l'ex\u00e9cution des dispositions du pr\u00e9sent arr\u00eat\u00e9 qui sera publi\u00e9 au recueil des actes administratifs  \nde  la  pr\u00e9fecture,  notifi\u00e9  \u00e0  chacun  des  membres  de  l'association  fonci\u00e8re  et  affich\u00e9  dans  la  \ncommune de MERCEUIL.\nFait \u00e0 Dijon, le 2 f\u00e9vrier 2026\nPour le pr\u00e9fet et par d\u00e9l\u00e9gation,\nPour la directrice d\u00e9partementale,\nle chef du bureau nature, sites, \n\u00e9nergies renouvelables\nSign\u00e9 : Laurent TISNE\n2\nDirection d\u00e9partementale des territoires de la C\u00f4te-d'Or - 21-2026-02-02-00007 - Arr\u00eat\u00e9 pr\u00e9fectoral du 2 f\u00e9vrier 2026 portant\nrenouvellement du bureau de l'association fonci\u00e8re de MERCEUIL 28\nDirection d\u00e9partementale des territoires de la\nC\u00f4te-d'Or\nService Pr\u00e9servation et Am\u00e9nagement de\nl'Espace (SPAE)\n21-2026-02-04-00006\nArr\u00eat\u00e9 pr\u00e9fectoral du 4 f\u00e9vrier 2026 d\u00e9limitant,\npour l'ann\u00e9e 2026, les communes du\nd\u00e9partement de la C\u00f4te-d'Or dans lesquelles le\ndispositif d'aide \u00e0 la protection des troupeaux\ncontre la pr\u00e9dation (loup) peut \u00eatre mis en\noeuvre\nDirection d\u00e9partementale des territoires de la C\u00f4te-d'Or - 21-2026-02-04-00006 - Arr\u00eat\u00e9 pr\u00e9fectoral du 4 f\u00e9vrier 2026 d\u00e9limitant, pour\nl'ann\u00e9e 2026, les communes du d\u00e9partement de la C\u00f4te-d'Or dans lesquelles le dispositif d'aide \u00e0 la protection des troupeaux\ncontre la pr\u00e9dation (loup) peut \u00eatre mis en oeuvre\n29\nzsPREFETDELACOTE-D'ORLibert\u00e9Egalit\u00e9Fraternit\u00e9\nDirection d\u00e9partementale des territoires\nde la C\u00f4te-d'Or\nArr\u00eat\u00e9 pr\u00e9fectoral du 4 f\u00e9vrier 2026\nd\u00e9limitant, pour l'ann\u00e9e 2026, les communes du d\u00e9partement de la C\u00f4te-d'Or\ndans lesquelles le dispositif d'aide \u00e0 la protection des troupeaux\ncontre la pr\u00e9dation (loup) peut \u00eatre mis en \u0153uvre\nLe Pr\u00e9fet de la C\u00f4te-d'Or\nVU le code rural et de la p\u00eache maritime, notamment ses articles D.114-11 \u00e0 D.114-13 ;\nVU l'arr\u00eat\u00e9 minist\u00e9riel du  30 d\u00e9cembre 2022 modifi\u00e9 relatif \u00e0 l'aide \u00e0 la protection des  \nexploitations et des troupeaux contre la pr\u00e9dation du loup et de l'ours ;\nVU l'avis du comit\u00e9 \u00ab Grands pr\u00e9dateurs \u00bb r\u00e9uni le 12 d\u00e9cembre 2025 ;\nVU l'avis du 23 janvier 2026 de la pr\u00e9f\u00e8te coordinatrice du plan national d'actions \u00ab  loup et \nactivit\u00e9s d'\u00e9levage \u00bb ;\nSUR proposition de Madame la directrice d\u00e9partementale des territoires de la C\u00f4te-d'Or ;\nA R R \u00ca T E\nARTICLE 1  er  \nAucune commune n'est class\u00e9e en cercle 1.\nSont class\u00e9s en cercle 2 les territoires des  424 communes figurant au tableau en annexe 1  \ndu pr\u00e9sent arr\u00eat\u00e9.\nEst  class\u00e9  en  cercle  3  l'ensemble  des  territoires  de  toutes  les  autres  communes  du \nd\u00e9partement conform\u00e9ment \u00e0 l'arr\u00eat\u00e9 minist\u00e9riel vis\u00e9 ci-dessus.\nLa carte figure en annexe 2.\n1\nDirection d\u00e9partementale des territoires de la C\u00f4te-d'Or - 21-2026-02-04-00006 - Arr\u00eat\u00e9 pr\u00e9fectoral du 4 f\u00e9vrier 2026 d\u00e9limitant, pour\nl'ann\u00e9e 2026, les communes du d\u00e9partement de la C\u00f4te-d'Or dans lesquelles le dispositif d'aide \u00e0 la protection des troupeaux\ncontre la pr\u00e9dation (loup) peut \u00eatre mis en oeuvre\n30\nARTICLE   2  \nLe pr\u00e9sent arr\u00eat\u00e9 cesse de produire ses effets le 31 d\u00e9cembre 2026 \u00e0 minuit.\nARTICLE   3  \nLa pr\u00e9sente d\u00e9cision est publi\u00e9e au recueil des actes administratifs de la pr\u00e9fecture.\nARTICLE   4  \nLe pr\u00e9sent arr\u00eat\u00e9 peut faire l'objet d'un recours devant le tribunal administratif de Dijon dans un  \nd\u00e9lai de deux mois \u00e0 compter de sa publication.\nLe  tribunal  administratif  peut  \u00eatre  saisi  par  un  recours  d\u00e9pos\u00e9  via  l'application  \u00ab T\u00e9l\u00e9recours \ncitoyens \u00bb accessible par le site internet \u00ab www.telerecours.fr \u00bb.\nARTICLE   5  \nLe secr\u00e9taire g\u00e9n\u00e9ral de la pr\u00e9fecture de C\u00f4te-d'Or et la directrice d\u00e9partementale des  \nterritoires de C\u00f4te-d'Or, sont charg\u00e9s, chacun en ce qui les concerne, de l'ex\u00e9cution du  \npr\u00e9sent arr\u00eat\u00e9.\nFait \u00e0 Dijon, le 4 f\u00e9vrier 2026\nLe pr\u00e9fet,\nSign\u00e9 : Paul MOURIER\n2\nDirection d\u00e9partementale des territoires de la C\u00f4te-d'Or - 21-2026-02-04-00006 - Arr\u00eat\u00e9 pr\u00e9fectoral du 4 f\u00e9vrier 2026 d\u00e9limitant, pour\nl'ann\u00e9e 2026, les communes du d\u00e9partement de la C\u00f4te-d'Or dans lesquelles le dispositif d'aide \u00e0 la protection des troupeaux\ncontre la pr\u00e9dation (loup) peut \u00eatre mis en oeuvre\n31\nPREFETDELACOTE-D'ORLibert\u00e9Egalit\u00e9Fraternit\u00e9\nDirection d\u00e9partementale des territoires\nde la C\u00f4te-d'Or\nListe des communes plac\u00e9es en cercle 2\nAgencourt B\u00e9vy Ch\u00e2teauneuf\nAgey Billy-l\u00e8s-Chanceaux Ch\u00e2tellenot\nAignay-le-Duc Bissey-la-C\u00f4te Ch\u00e2tillon-sur-Seine\nAisey-sur-Seine Bissey-la-Pierre Chaudenay-la-Ville\nAisy-sous-Thil Blancey Chaudenay-le-Ch\u00e2teau\nAlise-Sainte-Reine Blanot Chaugey\nAllerey Bligny-sur-Ouche Chaume-l\u00e8s-Baigneux\nAmpilly-le-Sec Boncourt-le-Bois Chaumont-le-Bois\nAmpilly-les-Bordes Boudreville Chaux\nAntheuil Bouhey Chazilly\nAntigny-la-Ville Bouilland Chemin-d'Aisey\nArcenant Bouix Chevannay\nArcey Boussey Chevannes\nArconcey Boux-sous-Salmaise Civry-en-Montagne\nArgilly Bouze-l\u00e8s-Beaune Clamerey\nArnay-le-Duc Brain Clomot\nArnay-sous-Vitteaux Braux Collonges-l\u00e8s-B\u00e9vy\nArrans Brazey-en-Morvan Colombier\nAsni\u00e8res-en-Montagne Br\u00e9mur-et-Vaurois Comblanchien\nAthie Brianny Commarin\nAubaine Brion-sur-Ource Cormot-Vauchignon\nAubigny-la-Ronce Brochon Corpoyer-la-Chapelle\nAubigny-l\u00e8s-Sombernon Broindon Corrombles\nAuxant Buffon Corsaint\nAuxey-Duresses Buncey Couchey\nAvosnes Bure-les-Templiers Coulmier-le-Sec\nAvot Busseaut Courban\nBaigneux-les-Juifs Busserotte-et-Montenaille Courcelles-Fr\u00e9moy\nBalot Bussi\u00e8res Courcelles-l\u00e8s-Montbard\nBarbirey-sur-Ouche Bussy-le-Grand Courcelles-l\u00e8s-Semur\nBard-le-R\u00e9gulier Buxerolles Courlon\nBard-l\u00e8s-\u00c9poisses Censerey Cr\u00e9ancey\nBarges C\u00e9rilly Cr\u00e9pand\nBarjon Chailly-sur-Arman\u00e7on Crugey\nBaubigny Chambain Cul\u00e8tre\nBeaulieu Chamb\u0153uf Curley\nBeaunotte Chambolle-Musigny Curtil-Vergy\nBelan-sur-Ource Chamesson Cussey-les-Forges\nBellenod-sur-Seine Champ-d'Oiseau Cussy-la-Colonne\nBellenot-sous-Pouilly Champeau-en-Morvan Cussy-le-Ch\u00e2tel\nBeneuvre Champignolles Dampierre-en-Montagne\nBenoisey Channay Darcey\nBessey-en-Chaume Charigny D\u00e9tain-et-Bruant\nBessey-la-Cour Charny Diancey\nBeurey-Bauguay Charrey-sur-Seine Dompierre-en-Morvan\nBeurizot Chassey Duesme\nAnnexe 1 \u00e0 l'arr\u00eat\u00e9 pr\u00e9fectoral du 4 f\u00e9vrier 2026\nd\u00e9limitant, pour l'ann\u00e9e 2026, les communes du d\u00e9partement de la C\u00f4te-d'Or\ndans lesquelles le dispositif d'aide \u00e0 la protection des troupeaux\ncontre la pr\u00e9dation (loup) peut \u00eatre mis en \u0153uvre\nDirection d\u00e9partementale des territoires de la C\u00f4te-d'Or - 21-2026-02-04-00006 - Arr\u00eat\u00e9 pr\u00e9fectoral du 4 f\u00e9vrier 2026 d\u00e9limitant, pour\nl'ann\u00e9e 2026, les communes du d\u00e9partement de la C\u00f4te-d'Or dans lesquelles le dispositif d'aide \u00e0 la protection des troupeaux\ncontre la pr\u00e9dation (loup) peut \u00eatre mis en oeuvre\n32\n\u00c9chalot Lacanche Montigny-Saint-Barth\u00e9lemy\n\u00c9channay Lacour-d'Arcenay Montigny-sur-Arman\u00e7on\n\u00c9chevronne Laignes Montigny-sur-Aube\n\u00c9cutigny Lantilly Montlay-en-Auxois\n\u00c9guilly Larrey Montliot-et-Courcelles\n\u00c9pernay-sous-Gevrey Le F\u00eate Montmoyen\n\u00c9poisses Le Meix Montoillot\n\u00c9ringes Le Val-Larrey Morey-Saint-Denis\nEssarois Les Goulles Mosson\nEssey Leuglay Moutiers-Saint-Jean\n\u00c9tais Liernais Musigny\n\u00c9talante Lignerolles Mussy-la-Fosse\n\u00c9tormay Longecourt-l\u00e8s-Cul\u00eatre Nan-sous-Thil\n\u00c9trochey Louesme Nantoux\nFain-l\u00e8s-Montbard Lucenay-le-Duc Nesle-et-Massoult\nFain-l\u00e8s-Moutiers Lucey Nicey\nFaverolles-l\u00e8s-Lucey Lusigny-sur-Ouche Nod-sur-Seine\nF\u00e9nay Maconge Nogent-l\u00e8s-Montbard\nFixin Magnien Noidan\nFlagey-Ech\u00e9zeaux Magny-la-Ville Noiron-sur-Seine\nFlavigny-sur-Ozerain Magny-Lambert Nolay\nFoissy Magny-l\u00e8s-Villers Normier\nFontaines-en-Duesmois Maisey-le-Duc Nuits-Saint-Georges\nFontaines-les-S\u00e8ches Maligny Obtr\u00e9e\nFontangy Manlay Oigny\nForl\u00e9ans Marcellois Origny\nFraignot-et-Vesvrotte Marcenay Orret\nFresnes Marcheseuil Painblanc\nFr\u00f4lois Marcigny-sous-Thil Perrigny-l\u00e8s-Dijon\nFussey Marcilly-et-Dracy Planay\nGenay Marcilly-Ogny Poin\u00e7on-l\u00e8s-Larrey\nGergueil Marey-l\u00e8s-Fussey Poiseul-la-Grange\nGerland Marigny-le-Cahou\u00ebt Poiseul-la-Ville-et-Laperri\u00e8re\nGevrey-Chambertin Marmagne Pont-et-Mass\u00e8ne\nGevrolles Martrois Posanges\nGilly-l\u00e8s-C\u00eeteaux Massingy Pothi\u00e8res\nGissey-le-Vieil Massingy-l\u00e8s-Semur Pouillenay\nGissey-sous-Flavigny Massingy-l\u00e8s-Vitteaux Pouilly-en-Auxois\nGissey-sur-Ouche Mauvilly Pr\u00e2lon\nGrancey-le-Ch\u00e2teau-Neuvelle Mavilly-Mandelot Pr\u00e9cy-sous-Thil\nGrenant-l\u00e8s-Sombernon Meilly-sur-Rouvres Premeaux-Prissey\nGr\u00e9signy-Sainte-Reine Meloisey Prusly-sur-Ource\nGrignon Menesble Puits\nGriselles M\u00e9nessaire Quemigny-sur-Seine\nGrosbois-en-Montagne M\u00e9n\u00e9treux-le-Pitois Quincerot\nGurgy-la-Ville Mesmont Quincey\nGurgy-le-Ch\u00e2teau Messanges Quincy-le-Vicomte\nHauteroche Meuilley Recey-sur-Ource\nJailly-les-Moulins Meulson Remilly-en-Montagne\nJeux-l\u00e8s-Bard Millery Reulle-Vergy\nJouey Mimeure Riel-les-Eaux\nJours-l\u00e8s-Baigneux Minot Rochefort-sur-Br\u00e9von\nJuillenay Missery Roilly\nJuilly Moitron Rougemont\nL'\u00c9tang-Vergy Molinot Rouvray\nLa Bussi\u00e8re-sur-Ouche Molphey Rouvres-sous-Meilly\nLa Chaume Mont-Saint-Jean Saffres\nLa Motte-Ternant Montbard Saint-Andeux\nLa Roche-en-Brenil Montberthault Saint-Anthot\nLa Roche-Vanneau Montceau-et-\u00c9charnant Saint-Bernard\nLa Rochepot Monthelie Saint-Broing-les-Moines\nLa Villeneuve-les-Convers Montigny-Montfort Saint-Didier\nDirection d\u00e9partementale des territoires de la C\u00f4te-d'Or - 21-2026-02-04-00006 - Arr\u00eat\u00e9 pr\u00e9fectoral du 4 f\u00e9vrier 2026 d\u00e9limitant, pour\nl'ann\u00e9e 2026, les communes du d\u00e9partement de la C\u00f4te-d'Or dans lesquelles le dispositif d'aide \u00e0 la protection des troupeaux\ncontre la pr\u00e9dation (loup) peut \u00eatre mis en oeuvre\n33\nSaint-Euphr\u00f4ne Thury\nSaint-Germain-de-Mod\u00e9on Torcy-et-Pouligny\nSaint-Germain-le-Rocheux Touillon\nSaint-Germain-l\u00e8s-Senailly Toutry\nSaint-Jean-de-B\u0153uf Uncey-le-Franc\nSaint-Marc-sur-Seine Urcy\nSaint-Martin-de-la-Mer Val-Mont\nSaint-Mesmin Valfor\u00eat\nSaint-Philibert Vandenesse-en-Auxois\nSaint-Pierre-en-Vaux Vannaire\nSaint-Prix-l\u00e8s-Arnay Vanvey\nSaint-R\u00e9my Veilly\nSaint-Romain Velogny\nSaint-Thibault Venarey-les-Laumes\nSaint-Victor-sur-Ouche Verdonnet\nSainte-Colombe-en-Auxois Vertault\nSainte-Colombe-sur-Seine Vesvres\nSainte-Marie-sur-Ouche Veuvey-sur-Ouche\nSainte-Sabine Veuxhaulles-sur-Aube\nSalives Vianges\nSantenay Vic-de-Chassenay\nSantosse Vic-des-Pr\u00e9s\nSaulieu Vic-sous-Thil\nSaulon-la-Rue Vieilmoulin\nSaussey Vieux-Ch\u00e2teau\nSavigny-l\u00e8s-Beaune Vi\u00e9vy\nSavilly Villaines-en-Duesmois\nSavoisy Villaines-les-Pr\u00e9v\u00f4tes\nSegrois Villargoix\nSeigny Villars-et-Villenotte\nSemarey Villars-Fontaine\nSemezanges Villeberny\nSemond Villebichot\nSemur-en-Auxois Villedieu\nSenailly Villeferry\nSincey-l\u00e8s-Rouvray Villeneuve-sous-Charigny\nSombernon Villers-la-Faye\nSouhey Villers-Patras\nSoussey-sur-Brionne Villiers-en-Morvan\nSussey Villiers-le-Duc\nTernant Villotte-sur-Ource\nTerrefondr\u00e9e Villy-en-Auxois\nThenissey Viserny\nThoires Vitteaux\nThoisy-la-Berch\u00e8re Vix\nThoisy-le-D\u00e9sert Volnay\nThomirey Vosne-Roman\u00e9e\nThorey-sous-Charny Voudenay\nThorey-sur-Ouche Vougeot\nThoste Voulaines-les-Templiers\nFait \u00e0 Dijon, le 4 f\u00e9vrier 2026\nLe pr\u00e9fet,\nSign\u00e9 : Paul MOURIER\nDirection d\u00e9partementale des territoires de la C\u00f4te-d'Or - 21-2026-02-04-00006 - Arr\u00eat\u00e9 pr\u00e9fectoral du 4 f\u00e9vrier 2026 d\u00e9limitant, pour\nl'ann\u00e9e 2026, les communes du d\u00e9partement de la C\u00f4te-d'Or dans lesquelles le dispositif d'aide \u00e0 la protection des troupeaux\ncontre la pr\u00e9dation (loup) peut \u00eatre mis en oeuvre\n34\nDirection d\u00e9partementale des territoires de la C\u00f4te-d'Or - 21-2026-02-04-00006 - Arr\u00eat\u00e9 pr\u00e9fectoral du 4 f\u00e9vrier 2026 d\u00e9limitant, pour\nl'ann\u00e9e 2026, les communes du d\u00e9partement de la C\u00f4te-d'Or dans lesquelles le dispositif d'aide \u00e0 la protection des troupeaux\ncontre la pr\u00e9dation (loup) peut \u00eatre mis en oeuvre\n35\nDRFiP Bourgogne Franche-Comt\u00e9\n21-2026-02-04-00008\nDRFIP 21 - DELEGATION du  RESPONSABLE SPFE\nDIJON au 04 02 2026\nDRFiP Bourgogne Franche-Comt\u00e9 - 21-2026-02-04-00008 - DRFIP 21 - DELEGATION du  RESPONSABLE SPFE DIJON au 04 02 2026 36\nD\u00c9L\u00c9GATION DE SIGNATURE\nLe comptable, responsable du service de la publicit\u00e9 fonci\u00e8re et de l'enregistrement de DIJON \nVu le code g\u00e9n\u00e9ral des imp\u00f4ts, et notamment les articles 408 et 410 de son annexe II et les articles 212 \u00e0 217\nde son annexe IV ; \nVu le livre des proc\u00e9dures fiscales, et notamment les articles L. 247 et R* 247-4 et suivants ;\nVu le d\u00e9cret n\u00b0 2009-707 du 16 juin 2009 relatif aux services d\u00e9concentr\u00e9s de la direction g\u00e9n\u00e9rale des\nfinances publiques ; \nVu le d\u00e9cret n\u00b0 2012-1246 du 7 novembre 2012 relatif \u00e0 la gestion budg\u00e9taire et comptable publique, et\nnotamment son article 16 ;\nArr\u00eate :\nArticle 1er  - d\u00e9l\u00e9gation accord\u00e9e \u00e0 l'adjoint (e) au responsable du service\nD\u00e9l\u00e9gation de signature est donn\u00e9e \u00e0 l'effet de signer :\n1\u00b0) en mati\u00e8re de contentieux fiscal d'assiette, les d\u00e9cisions d'admission totale, d'admission partielle ou de\nrejet, de d\u00e9gr\u00e8vement ou restitution d'office, dans la limite de 100 000 \u20ac ; \n2\u00b0)  les  documents  n\u00e9cessaires  \u00e0  l'ex\u00e9cution  comptable  des  d\u00e9cisions  contentieuses  et  gracieuses,  sans\nlimitation de montant ; \n3\u00b0) au nom et sous la responsabilit\u00e9 du comptable soussign\u00e9, les actes relatifs \u00e0 la publicit\u00e9 fonci\u00e8re, \u00e0\nl'enregistrement et, plus g\u00e9n\u00e9ralement, tous actes d'administration et de gestion du service.\naux deux i nspecteurs des finances publiques,  adjoints au responsable du service de publicit\u00e9 fonci\u00e8re et de\nl'enregistrement de DIJON d\u00e9sign\u00e9s ci-apr\u00e8s :\nJean-Christophe HUGUENOT\nVanessa RIGOUBY\nArticle 2\nD\u00e9l\u00e9gation  de  signature  est  donn\u00e9e  \u00e0  l'effet  de  signer,  en  mati\u00e8re  de  contentieux fiscal  d'assiette,  les\nd\u00e9cisions d'admission totale, d'admission partielle ou de rejet, de d\u00e9gr\u00e8vement ou restitution d'office et, en\nmati\u00e8re de gracieux fiscal, les d\u00e9cisions portant remise, mod\u00e9ration ou rejet, dans la limite de 60 000 \u20ac, aux\ninspecteurs des finances publiques d\u00e9sign\u00e9s ci-apr\u00e8s :\nDelphine SANCHEZ\nDRFiP Bourgogne Franche-Comt\u00e9 - 21-2026-02-04-00008 - DRFIP 21 - DELEGATION du  RESPONSABLE SPFE DIJON au 04 02 2026 37\nsign\nArticle 3\nLe pr\u00e9sent arr\u00eat\u00e9 sera publi\u00e9 au recueil des actes administratif d\u00e9partement de la C\u00f4te d'Or.\nA Dijon, le 04 f\u00e9vrier 2026.\nLe comptable, responsable du service de la publicit\u00e9 \nfonci\u00e8re et de l'enregistrement de DIJON \nNordine OUESLATI\nDRFiP Bourgogne Franche-Comt\u00e9 - 21-2026-02-04-00008 - DRFIP 21 - DELEGATION du  RESPONSABLE SPFE DIJON au 04 02 2026 38\nPr\u00e9fecture de la C\u00f4te-d'Or\n21-2026-01-29-00006\nArr\u00eat\u00e9 pr\u00e9fectoral n\u00b0 248 du 29 janvier 2026\nd\u00e9limitant les zones de protection des aires\nd'alimentation des sources Rente Samson et\nGrosses Sources situ\u00e9es sur la commune de\nBellenot-Sous-Pouilly.\nPr\u00e9fecture de la C\u00f4te-d'Or - 21-2026-01-29-00006 - Arr\u00eat\u00e9 pr\u00e9fectoral n\u00b0 248 du 29 janvier 2026 d\u00e9limitant les zones de protection des\naires d'alimentation des sources Rente Samson et Grosses Sources situ\u00e9es sur la commune de Bellenot-Sous-Pouilly. 39\nzsPREFETDELACOTE-D'ORLibert\u00e9Egalit\u00e9Fraternit\u00e9\nDirection d\u00e9partementale des territoires\nde la C\u00f4te-d'Or\nAffaire suivie par :\nService de l'eau et des risques\nBureau  pr\u00e9servation de la qualit\u00e9 de l'eau \net des milieux aquatiques\nT\u00e9l : 03.80. 29 42 22\nm\u00e9l : ddt-ser-ope@cote-dor.gouv.fr\nDijon, le 29 janvier 2026\nArr\u00eat\u00e9 pr\u00e9fectoral n\u00b0 248 du  29 janvier 2026\n d\u00e9limitant les zones de protection des aires d'alimentation des sources Rente Samson et \nGrosses Sources situ\u00e9es sur la commune de Bellenot-Sous-Pouilly\nLe Pr\u00e9fet de la C\u00f4te-d'Or\nVU la directive 2000/60/CE du parlement europ\u00e9en et du conseil du 23 octobre 2000 \u00e9tablissant \nun cadre pour une politique communautaire dans le domaine de l'eau et notamment les articles  \n6 et 7 ;\nVU la directive 2006/118/CE du parlement europ\u00e9en et du conseil  du 12 d\u00e9cembre 2006 sur la  \nprotection des eaux souterraines contre la pollution et la d\u00e9t\u00e9rioration ;\nVU le code de l'environnement et notamment les articles L 120-1, L 211-1 \u00e0 L211-3, L211-7 et L212-1 ;\nVU le code rural et de la p\u00eache maritime et notamment les articles R114-1 \u00e0 R114-10 ;\nVU   l'arr\u00eat\u00e9 du 23 mars 2022 portant approbation du sch\u00e9ma directeur d'am\u00e9nagement et de  \ngestion des eaux (SDAGE) du bassin Seine-Normandie et arr\u00eatant le programme pluriannuel de  \nmesures ;\nVU l'arr\u00eat\u00e9 pr\u00e9fectoral du 11 juin 1992 portant d\u00e9claration d'utilit\u00e9 publique de la d\u00e9rivation des  \neaux et de la cr\u00e9ation des p\u00e9rim\u00e8tres de protection des captages de la Rente Samson et des  \nGrosses Sources ;\nVU l'arr\u00eat\u00e9 pr\u00e9fectoral en date du 9 ao\u00fbt 2024 \u00e9tablissant le programme d'action r\u00e9gional en vue \nde la protection des eaux contre la pollution par les nitrates d'origine agricole pour la r\u00e9gion  \nBourgogne Franche-Comt\u00e9 ;\n1\nDirection d\u00e9partementale des territoires de la C\u00f4te-d'Or\n57 , rue de Mulhouse - BP 53317 - 21033 Dijon CEDEX\nT\u00e9l. : 03 80 29 44 44\nCourriel : ddt@cote-dor.gouv.fr - Site internet : \nhttp://www.cote-dor.gouv.fr\nPr\u00e9fecture de la C\u00f4te-d'Or - 21-2026-01-29-00006 - Arr\u00eat\u00e9 pr\u00e9fectoral n\u00b0 248 du 29 janvier 2026 d\u00e9limitant les zones de protection des\naires d'alimentation des sources Rente Samson et Grosses Sources situ\u00e9es sur la commune de Bellenot-Sous-Pouilly. 40\nVU  l'arr\u00eat\u00e9 pr\u00e9fectoral portant adh\u00e9sion de la commune de Bellenot-Sous-pouilly au syndicat  \nintercommunal d'adduction d'eau potable et d'assainissement de Thoisy-le-D\u00e9sert ;\nVU l'avis de la chambre d'agriculture de C\u00f4te-d'Or du 27 novembre 2025;\nVU l'avis de l'agence r\u00e9gionale de sant\u00e9 de Bourgogne-Franche-Comt\u00e9 du 14 novembre 2025;\nVU l'avis de la commission locale de l'eau de l'Arman\u00e7on  du 4 d\u00e9cembre 2025;\nVU la synth\u00e8se des observations du public d\u00e9pos\u00e9e lors de la consultation r\u00e9alis\u00e9e du 12 \nd\u00e9cembre 2025 au 5 janvier 2026 ;\nVU l'avis  du  comit\u00e9  d\u00e9partemental  de  l'environnement  et  des  risques  sanitaires  et \ntechnologiques (CODERST) du 9 d\u00e9cembre 2025 ;\nCONSIDERANT que l'autorit\u00e9 administrative peut d\u00e9limiter, afin d'y \u00e9tablir un programme \nd'actions, des zones o\u00f9 il est n\u00e9cessaire d'assurer la protection quantitative et qualitative  \nde la ressource en eau potable, en raison de l'importance particuli\u00e8re qu'elle rev\u00eat pour  \nl'approvisionnement actuel ou futur;\nCONSIDERANT qu e  la  d\u00e9gradation  de  la  qualit\u00e9  de  l'eau  par  des  concentrations  en \nnitrates oscillant entre 24 mg/L et 75 mg/L pour Grosses Sources et entre 44 mg/L et 92  \nmg/L pour Rente Samson a conduit \u00e0 l'identification de la source de Rente Samson comme \ncaptage prioritaire dans le SDAGE Seine-Normandie ;\nCONSIDERANT que les sources Rente Samson et Grosses Sources sont concern\u00e9es par une \nproc\u00e9dure pr\u00e9-contentieuse engag\u00e9e par la commission europ\u00e9enne contre la France ;\nCONSIDERANT que  les  \u00e9tudes  hydrog\u00e9ologiques,  r\u00e9alis\u00e9es  en  2  temps,  sous  ma\u00eetrise \nd'ouvrage de la commune de Bellenot-Sous-Pouilly, par le bureau d'\u00e9tudes ICEA de 2018 \u00e0  \n2021  puis  par  le  bureau  d'\u00e9tudes  Sciences  Environnement,  finalis\u00e9es  en  2024  et  le \ndiagnostic  agricole,  r\u00e9alis\u00e9  par  la  chambre  d'agriculture,  transmis  en  2025  ont  permis \nd'identifier une zone d'action pertinente pour l'application du programme d'action ;\nCONSIDERANT qu'il convient de d\u00e9limiter l'aire d'alimentation des sources de la Rente  \nSamson et de Grosses Sources et leurs zones de protection ;\nSUR proposition du secr\u00e9taire g\u00e9n\u00e9ral de la pr\u00e9fecture de la C\u00f4te-d'Or ;\nA R R \u00ca T E\nARTICLE 1er : Aire d'alimentation de captage\nL' aire d' alimentation du captage (A.A.C.) de la source Rente Samson a une superficie de  \n243 ha et l'AAC de Grosses Sources a une superficie de 292 ha dont 162 ha en commun.\nCes  aires  d'alimentation  de  captages  s'\u00e9tendent  sur  Bellenot-Sous-Pouilly,  Martrois  et \nCivry-en-Montagne.\n2\nDirection d\u00e9partementale des territoires de la C\u00f4te-d'Or\n57 , rue de Mulhouse - BP 53317 - 21033 Dijon CEDEX\nT\u00e9l. : 03 80 29 44 44\nCourriel : ddt@cote-dor.gouv.fr - Site internet : \nhttp://www.cote-dor.gouv.fr\nPr\u00e9fecture de la C\u00f4te-d'Or - 21-2026-01-29-00006 - Arr\u00eat\u00e9 pr\u00e9fectoral n\u00b0 248 du 29 janvier 2026 d\u00e9limitant les zones de protection des\naires d'alimentation des sources Rente Samson et Grosses Sources situ\u00e9es sur la commune de Bellenot-Sous-Pouilly. 41\nARTICLE 2 : Zone protection de l'aire d'alimentation de captage\nLes zones de protection des aires d'alimentation des captages (ZPAAC) de la source de  \nRente Samson et de Grosses Sources, situ\u00e9es sur la commune de Bellenot-Sous-Pouilly, sont \nd\u00e9limit\u00e9es conform\u00e9ment au document graphique joint en annexe au pr\u00e9sent arr\u00eat\u00e9. Elles  \ncorrespondent int\u00e9gralement aux aires d'alimentation des sources de Rente Samson et  \nGrosses Sources.\nCes  zones  de  protection  des  aires  d'alimentation  de  captage  feront  l'objet  d'un \nprogramme d'action agricole pour la protection des eaux destin\u00e9es \u00e0 la consommation  \nhumaine, conform\u00e9ment aux articles R114-6 \u00e0 R114-10 du code rural.\nARTICLE 3 : Publication et information des tiers\nLe pr\u00e9sent arr\u00eat\u00e9 sera notifi\u00e9 \u00e0 la commune de Bellenot-Sous-Pouilly, ma\u00eetre d'ouvrage. En  \ntant  que  ma\u00eetre  d'ouvrage,  la  commune  de  Bellenot-Sous-Pouilly  aura  la  charge,  de \ntransmettre le pr\u00e9sent arr\u00eat\u00e9 au SIAEP de Thoisy-le-D\u00e9sert qui prendra la comp\u00e9tence eau  \n\u00e0 partir du 01 janvier 2026, conform\u00e9mement \u00e0 l'arr\u00eat\u00e9 pr\u00e9fectoral  du 27 ao\u00fbt 2025  \nportant adh\u00e9sion de la commune au SIAEA de Thoisy-le-D\u00e9sert.\nIl sera en outre affich\u00e9 dans les mairies de Bellenot-Sous-Pouilly, Martrois et Civry-en-\nMontagne pour une dur\u00e9e minimale d'un mois, publi\u00e9 au recueil des actes administratifs  \nde la pr\u00e9fecture de la C\u00f4te-d'Or et mis \u00e0 la disposition du public sur le portail des services  \nde l'\u00c9tat en C\u00f4te-d'Or pendant une dur\u00e9e minimale d'un an.\nIl est applicable \u00e0 compter du jour de sa publication au recueil des actes administratifs de  \nla pr\u00e9fecture de la C\u00f4te-d'Or. Il continuera de produire ses effets jusqu'\u00e0 publication d'un  \narr\u00eat\u00e9 modificatif.\nARTICLE 4 : Ex\u00e9cution\nLe secr\u00e9taire g\u00e9n\u00e9ral de la pr\u00e9fecture de la C\u00f4te-d'Or, la directrice d\u00e9partementale des  \nterritoires  de  la  C\u00f4te-d'Or,  les  maires  de  Bellenot-Sous-Pouilly,  Martrois  et  Civry-en-\nMontagne sont charg\u00e9s, chacun en ce qui le concerne, de l'ex\u00e9cution du pr\u00e9sent arr\u00eat\u00e9 . \nARTICLE 5:  Voies et d\u00e9lais de recours\nLe  pr\u00e9sent  arr\u00eat\u00e9  peut  faire  l'objet  d'un  recours  contentieux  devant  le  tribunal \nadministratif de Dijon dans un d\u00e9lai de deux mois \u00e0 compter de sa publication au recueil  \ndes actes administratifs de la pr\u00e9fecture de la C\u00f4te-d'Or.\nLe tribunal administratif peut \u00eatre saisi par un recours d\u00e9pos\u00e9 via l'application T\u00e9l\u00e9recours  \ncitoyens accessible par le site internet www.telerecours.fr.\nFait \u00e0 Dijon, le 29 janvier 2026\nLe Pr\u00e9fet \nsign\u00e9\nPaul MOURIER\n3\nPr\u00e9fecture de la C\u00f4te-d'Or - 21-2026-01-29-00006 - Arr\u00eat\u00e9 pr\u00e9fectoral n\u00b0 248 du 29 janvier 2026 d\u00e9limitant les zones de protection des\naires d'alimentation des sources Rente Samson et Grosses Sources situ\u00e9es sur la commune de Bellenot-Sous-Pouilly. 42\nPr\u00e9fecture de la C\u00f4te-d'Or\nP\u00f4le juridique inter-services\n21-2026-02-04-00004\nARR\u00eaT\u00e9 PR\u00e9FECTORAL n\u00b0   262 /SG du   4 f\u00e9vrier\n2026  donnant d\u00e9l\u00e9gation de signature \u00e0 \nMr Etienne LEPAGE, Administrateur de l'\u00c9tat, du\n2\u00e8me grade, charg\u00e9 de l'int\u00e9rim de la direction\nr\u00e9gionale des finances publiques de\nBourgogne-Franche-Comt\u00e9 et du d\u00e9partement\nde la C\u00f4te-d'Or, en mati\u00e8re de r\u00e9gime\nd'ouverture au public des services d\u00e9concentr\u00e9s\nde la direction r\u00e9gionale des finances publiques\nde Bourgogne-Franche-Comt\u00e9 et du\nd\u00e9partement de la C\u00f4te-d'Or.\nPr\u00e9fecture de la C\u00f4te-d'Or - 21-2026-02-04-00004 - ARR\u00eaT\u00e9 PR\u00e9FECTORAL n\u00b0   262 /SG du   4 f\u00e9vrier 2026  donnant d\u00e9l\u00e9gation de\nsignature \u00e0 \nMr Etienne LEPAGE, Administrateur de l'\u00c9tat, du 2\u00e8me grade, charg\u00e9 de l'int\u00e9rim de la direction r\u00e9gionale des finances publiques de\nBourgogne-Franche-Comt\u00e9 et du d\u00e9partement de la C\u00f4te-d'Or, en mati\u00e8re de r\u00e9gime d'ouverture au public des services d\u00e9concentr\u00e9s\nde la direction r\u00e9gionale des finances publiques de Bourgogne-Franche-Comt\u00e9 et du d\u00e9partement de la C\u00f4te-d'Or.\n43\nEePREFETDELACOTE-D'ORLibert\u00e9Egalit\u00e9Fraternit\u00e9Arr\u00eat\u00e9 pr\u00e9fectoral n\u00b0 262 /SG du 4 f\u00e9vrier 2026donnant d\u00e9l\u00e9gation de signature \u00e0 Mr Etienne LEPAGE, Administrateur de l'\u00c9tat, du 2\u00e8megrade; charg\u00e9 de l'int\u00e9rim de la direction r\u00e9gionale des finances publiques de Bourgogne-Franche-Comt\u00e9 et du d\u00e9partement de la C\u00f4te-d'Or, en mati\u00e8re de r\u00e9gime d'ouverture aupublic des services d\u00e9concentr\u00e9s de la direction r\u00e9gionale des finances publiques deBourgogne-Franche-Comt\u00e9 et du d\u00e9partement de la C\u00f4te-d'Or.\nLe pr\u00e9fet de la C\u00f4te-d'Or\nVU le d\u00e9cret n\u00b071-69 du 26 janvier 1971 relatif au r\u00e9gime d'ouverture au public desservices ext\u00e9rieurs de l'\u00c9tat :VU le d\u00e9cret n\u00b0 2004-374 du 29 avril 2004 modifi\u00e9 relatif au pouvoir des pr\u00e9fets, \u00e0l'organisation et \u00e0 l'action des services de l'\u00c9tat dans les r\u00e9gions et les d\u00e9partements,notamment ses articles 26 et 43:VU le d\u00e9cret n\u00b02008-310 du 3 avril 2008 relatif \u00e0 la direction g\u00e9n\u00e9rale des financespubliques;VU le d\u00e9cret n\u00b02009-208 du 20 f\u00e9vrier 2009 modifi\u00e9 relatif au statut particulier desadministrateurs des finances publiques ;VU le d\u00e9cret n\u00b02009-707 du 16 juin 2009 modifi\u00e9 relatif aux services d\u00e9concentr\u00e9s dela direction g\u00e9n\u00e9rale des finances publiques ;VU le d\u00e9cret du 10 octobre 2024 nommant Mr Paul MOURIER, pr\u00e9fet de la r\u00e9gionBourgogne-Franche-Comt\u00e9, pr\u00e9fet de la C\u00f4te-d'Or.VU le d\u00e9cret du 5 d\u00e9cembre 2022 de la direction g\u00e9n\u00e9rale des finances publiquespar lequel Mme H\u00e9l\u00e8ne CROCQUEVIEILLE, administratrice g\u00e9n\u00e9rale des financespubliques, est nomm\u00e9e directrice r\u00e9gionale des finances publiques de Bourgogne-Franche-Comt\u00e9 et du d\u00e9partement de la C\u00f4te-d'Or, \u00e0 compter du 20 d\u00e9cembre2022;VU l'arr\u00eat\u00e9 de la direction g\u00e9n\u00e9rale des finances publiques en date du 21 janvier2026, chargeant Mr Etienne LEPAGE, Administrateur de l'\u00c9tat du 2\u00e8me grade, del'int\u00e9rim de la direction r\u00e9gionale des finances publiques de Bourgogne-Franche-Comt\u00e9 et du d\u00e9partement de la C\u00f4te-d'Or, \u00e0 compter du 1\u00b0 f\u00e9vrier 2026 ;VU l'arr\u00eat\u00e9 pr\u00e9fectoral n\u00b01676 /SG du 28 octobre 2024 donnant d\u00e9l\u00e9gation de.signature \u00e0 Mme H\u00e9l\u00e8ne CROCQUEVIEILLE, Administratrice de l'\u00c9tat, directricer\u00e9gionale des finances publiques de la r\u00e9gion Bourgogne-Franche-Comt\u00e9 et du\nPr\u00e9fecture de la C\u00f4te-d'Or - 21-2026-02-04-00004 - ARR\u00eaT\u00e9 PR\u00e9FECTORAL n\u00b0   262 /SG du   4 f\u00e9vrier 2026  donnant d\u00e9l\u00e9gation de\nsignature \u00e0 \nMr Etienne LEPAGE, Administrateur de l'\u00c9tat, du 2\u00e8me grade, charg\u00e9 de l'int\u00e9rim de la direction r\u00e9gionale des finances publiques de\nBourgogne-Franche-Comt\u00e9 et du d\u00e9partement de la C\u00f4te-d'Or, en mati\u00e8re de r\u00e9gime d'ouverture au public des services d\u00e9concentr\u00e9s\nde la direction r\u00e9gionale des finances publiques de Bourgogne-Franche-Comt\u00e9 et du d\u00e9partement de la C\u00f4te-d'Or.\n44\n5in\nd\u00e9partement de la C\u00f4te-d'Or, en mati\u00e8re de r\u00e9gime d'ouverture au public desservices d\u00e9concentr\u00e9s de la direction r\u00e9gionale des finances publiques deBourgogne-Franche-Comt\u00e9 et du d\u00e9partement de la C\u00f4te-d'Or;\nARR\u00caTEArticle 1\u00b0': L'arr\u00eat\u00e9 pr\u00e9fectoral n\u00b01676 /SG du 28 octobre 2024 donnant d\u00e9l\u00e9gationde signature \u00e0 Mme H\u00e9l\u00e8ne CROCQUEVIEILLE, directrice r\u00e9gionale des financespubliques de la r\u00e9gion Bourgogne-Franche-Comt\u00e9 et du d\u00e9partement de la C\u00f4te-d'Or, en mati\u00e8re de r\u00e9gime d'ouverture au public des services d\u00e9concentr\u00e9s de ladirection r\u00e9gionale des finances publiques de Bourgogne-Franche-Comt\u00e9 et dud\u00e9partement de la C\u00f4te-d'Or, et toutes dispositions ant\u00e9rieures contraires aupr\u00e9sent arr\u00eat\u00e9 sont abrog\u00e9s.Article 2 : D\u00e9l\u00e9gation de signature est donn\u00e9e \u00e0 Mr Etienne LEPAGE, Administrateurde l'\u00c9tat du 2\u00e8me grade, charg\u00e9 de l'int\u00e9rim de la direction r\u00e9gionale des financespubliques de Bourgogne-Franche-Comt\u00e9 et du d\u00e9partement de la C\u00f4te-d'Or, \u00e0 l'effetde signer, dans la limite de ses attributions et comp\u00e9tences, les arr\u00eat\u00e9s relatifs aux. jours et horaires d'ouverture au public des services de la direction r\u00e9gionale desfinances publiques de Bourgogne-Franche-Comt\u00e9et du d\u00e9partement de la C\u00f4ted'Or.Article 3 : Le pr\u00e9sent arr\u00eat\u00e9 prendra effet le 1\u00b0' f\u00e9vrier 2026.Article 4 : Le secr\u00e9taire g\u00e9n\u00e9ral de la pr\u00e9fecture de la C\u00f4te-d'Or, et l'administrateurde l'\u00c9tat du 2\u00e8me grade, en charge de l'int\u00e9rim de la direction des finances publiquesde Bourgogne-Franche-Comt\u00e9 et du d\u00e9partement de la C\u00f4te-d'Or, sont charg\u00e9s,chacun en ce qui le concerne, de l'ex\u00e9cution du pr\u00e9sent arr\u00eat\u00e9 qui sera publi\u00e9 aurecueil des actes administratifs de la pr\u00e9fecture de la C\u00f4te d'Or.\nFait \u00e0 Dijon, le 4/02/26Le pr\u00e9fetSIGNE\nPaul MOURIER\nPr\u00e9fecture de la C\u00f4te-d'Or - 21-2026-02-04-00004 - ARR\u00eaT\u00e9 PR\u00e9FECTORAL n\u00b0   262 /SG du   4 f\u00e9vrier 2026  donnant d\u00e9l\u00e9gation de\nsignature \u00e0 \nMr Etienne LEPAGE, Administrateur de l'\u00c9tat, du 2\u00e8me grade, charg\u00e9 de l'int\u00e9rim de la direction r\u00e9gionale des finances publiques de\nBourgogne-Franche-Comt\u00e9 et du d\u00e9partement de la C\u00f4te-d'Or, en mati\u00e8re de r\u00e9gime d'ouverture au public des services d\u00e9concentr\u00e9s\nde la direction r\u00e9gionale des finances publiques de Bourgogne-Franche-Comt\u00e9 et du d\u00e9partement de la C\u00f4te-d'Or.\n45\nPr\u00e9fecture de la C\u00f4te-d'Or\nP\u00f4le juridique inter-services\n21-2026-02-04-00005\nARRETE PREFECTORAL n\u00b0   263 / SG du   4 f\u00e9vrier\n2026 donnant d\u00e9l\u00e9gation de signature \u00e0 Mr\nEtienne LEPAGE, administrateur de l'\u00c9tat, du\n2\u00e8me grade, charg\u00e9 de l'int\u00e9rim de la direction \nr\u00e9gionale des finances publiques de\nBourgogne-Franche-Comt\u00e9 et du d\u00e9partement\nde la C\u00f4te-d'Or pour la communication des \u00e9tats\npr\u00e9vus au code g\u00e9n\u00e9ral des collectivit\u00e9s\nterritoriales\nPr\u00e9fecture de la C\u00f4te-d'Or - 21-2026-02-04-00005 - ARRETE PREFECTORAL n\u00b0   263 / SG du   4 f\u00e9vrier 2026 donnant d\u00e9l\u00e9gation de\nsignature \u00e0 Mr Etienne LEPAGE, administrateur de l'\u00c9tat, du 2\u00e8me grade, charg\u00e9 de l'int\u00e9rim de la direction  r\u00e9gionale des finances\npubliques de Bourgogne-Franche-Comt\u00e9 et du d\u00e9partement de la C\u00f4te-d'Or pour la communication des \u00e9tats pr\u00e9vus au code g\u00e9n\u00e9ral\ndes collectivit\u00e9s territoriales\n46\nPREFETDELACOTE-D'ORLibert\u00e9Egalit\u00e9Fraternit\u00e9\nARRETE PREFECTORAL n\u00b0 263 / SG du 4 f\u00e9vrier 2026donnant d\u00e9l\u00e9gation de signature \u00e0 Mr Etienne LEPAGE, administrateur de l'\u00c9tat, du2\u00e8me grade, charg\u00e9 de l'int\u00e9rim de la direction r\u00e9gionale des finances publiques deBourgogne-Franche-Comt\u00e9 et du d\u00e9partement de la C\u00f4te-d'Or pour la communicationdes \u00e9tats pr\u00e9vus au code g\u00e9n\u00e9ral des collectivit\u00e9s territoriales\nLe pr\u00e9fet de la C\u00f4te-d'Or\nVU les articles D1612-1 \u00e0 D1612-5 du code g\u00e9n\u00e9ral des collectivit\u00e9s territoriales ;VU le d\u00e9cret n\u00b0 2004-374 du 29 avril 2004 relatif aux pouvoirs des pr\u00e9fets, \u00e0l'organisation et \u00e0 l'action des services de l'\u00c9tat dans les r\u00e9gions et d\u00e9partements,modifi\u00e9 par le d\u00e9cret n\u00b0 2010-146 du 16 f\u00e9vrier 2010 et par le d\u00e9cret n\u00b0 2010-687 du 24juin 2010 ;VU le d\u00e9cret n\u00b0 2009-176 du 16 f\u00e9vrier 2009 modifiant le d\u00e9cret n\u00b0 64-805 du 29juillet1964 fixant les dispositions r\u00e9glementaires applicables aux pr\u00e9fets et le d\u00e9cretn\u00b0 2004-374 du 29 avril 2004 relatif aux pouvoirs des pr\u00e9fets, \u00e0 l'organisation et \u00e0l'action des services de l'\u00c9tat dans les r\u00e9gions et d\u00e9partements ;VU le d\u00e9cret du 10 octobre 2024 nommant Mr Paul MOURIER, pr\u00e9fet de la r\u00e9gionBourgogne-Franche-Comt\u00e9, pr\u00e9fet de la C\u00f4te-d'Or.VU l'arr\u00eat\u00e9 de la direction g\u00e9n\u00e9rale des finances publiques en date du 21 janvier2026, chargeant Mr Etienne Lepage, administrateur de l'\u00c9tat du 2\u00e8me grade, del'int\u00e9rim de la direction r\u00e9gionale des finances publiquesde Bourgogne-Franche-Comt\u00e9 et du d\u00e9partement de la C\u00f4te-d'Or, \u00e0 compter du 1\u00b0 f\u00e9vrier 2026 :VU l'arr\u00eat\u00e9 pr\u00e9fectoral n\u00b01673 / SG du 28 octobre 2024 donnant d\u00e9l\u00e9gation designature \u00e0 Mme H\u00e9l\u00e8ne CROCQUEVIEILLE, administratrice de l'\u00c9tat, directricer\u00e9gionale des finances publiques de la r\u00e9gion Bourgogne-Franche-Comt\u00e9, et dud\u00e9partement de la C\u00f4te-d'Or, pour la communication des \u00e9tats pr\u00e9vus au codeg\u00e9n\u00e9ral des collectivit\u00e9s territoriales\nPr\u00e9fecture de la C\u00f4te-d'Or - 21-2026-02-04-00005 - ARRETE PREFECTORAL n\u00b0   263 / SG du   4 f\u00e9vrier 2026 donnant d\u00e9l\u00e9gation de\nsignature \u00e0 Mr Etienne LEPAGE, administrateur de l'\u00c9tat, du 2\u00e8me grade, charg\u00e9 de l'int\u00e9rim de la direction  r\u00e9gionale des finances\npubliques de Bourgogne-Franche-Comt\u00e9 et du d\u00e9partement de la C\u00f4te-d'Or pour la communication des \u00e9tats pr\u00e9vus au code g\u00e9n\u00e9ral\ndes collectivit\u00e9s territoriales\n47\nARRETEArticle 1er: l'arr\u00eat\u00e9 pr\u00e9fectoral n\u00b0 1673 / SG du 28 octobre 2024 donnant d\u00e9l\u00e9gationde signature \u00e0 Mme H\u00e9l\u00e8ne CROCQUEVIEILLE, directrice r\u00e9gionale des financespubliques de la r\u00e9gion Bourgogne-Franche-Comt\u00e9, et du d\u00e9partement de la C\u00f4te-d'Or, pour la communication des \u00e9tats pr\u00e9vus au code g\u00e9n\u00e9ral des collectivit\u00e9sterritoriales, et toutes dispositions ant\u00e9rieures contraires au pr\u00e9sent arr\u00eat\u00e9 sontabrog\u00e9s.Article 2: D\u00e9l\u00e9gation est donn\u00e9e \u00e0 Mr Etienne LEPAGE, Administrateur de l'\u00c9tat du2\u00e8me grade, en charge de l'int\u00e9rim de la direction r\u00e9gionale des finances publiquesde Bourgogne-Franche-Comt\u00e9 et du d\u00e9partement de la C\u00f4te-d'Or , \u00e0 l'effet decommuniquer chaque ann\u00e9e aux collectivit\u00e9s territoriales et \u00e9tablissements publicsde coop\u00e9ration intercommunale \u00e0 fiscalit\u00e9 propre du d\u00e9partement les diff\u00e9rents\u00e9tats indiquant, notamment, conform\u00e9ment aux articles D1612-1 \u00e0 D1612-5 du codeg\u00e9n\u00e9ral des collectivit\u00e9s territoriales, le montant pr\u00e9visionnel des bases nettesimposables, les taux nets d'imposition adopt\u00e9s l'ann\u00e9e pr\u00e9c\u00e9dente et les autresinformations n\u00e9cessaires au vote du produit fiscal.Article 3 : Le pr\u00e9sent arr\u00eat\u00e9 prendra effet le 1\u00b0 f\u00e9vrier 2026.Article 4: Le secr\u00e9taire g\u00e9n\u00e9ral de la pr\u00e9fecture de la C\u00f4te-d'Or et l'administrateurde l'\u00c9tat du 2\u00e8me grade, en charge de l'int\u00e9rim de la direction r\u00e9gionale des financespubliques de Bourgogne-Franche-Comt\u00e9 et du d\u00e9partement de la C\u00f4te-d'Or, sontcharg\u00e9s, chacun pour ce qui le concerne, de l'ex\u00e9cution du pr\u00e9sent arr\u00eat\u00e9 qui serapubli\u00e9 au recueil des actes administratifs de la pr\u00e9fecture de la C\u00f4te-d'Or.\nFait \u00e0 Dijon, le 4/02/26Le pr\u00e9fet,SIGNE\nPaul MOURIER\nPr\u00e9fecture de la C\u00f4te-d'Or - 21-2026-02-04-00005 - ARRETE PREFECTORAL n\u00b0   263 / SG du   4 f\u00e9vrier 2026 donnant d\u00e9l\u00e9gation de\nsignature \u00e0 Mr Etienne LEPAGE, administrateur de l'\u00c9tat, du 2\u00e8me grade, charg\u00e9 de l'int\u00e9rim de la direction  r\u00e9gionale des finances\npubliques de Bourgogne-Franche-Comt\u00e9 et du d\u00e9partement de la C\u00f4te-d'Or pour la communication des \u00e9tats pr\u00e9vus au code g\u00e9n\u00e9ral\ndes collectivit\u00e9s territoriales\n48\nPr\u00e9fecture de la C\u00f4te-d'Or\nP\u00f4le juridique inter-services\n21-2026-02-04-00001\nARR\u00eaT\u00e9 PR\u00e9FECTORAL n\u00b0  259 / SG du   4 f\u00e9vrier\n2026 donnant d\u00e9l\u00e9gation de signature \u00e0\n Mr Etienne LEPAGE, administrateur de l'\u00c9tat, du\n2\u00e8me grade, charg\u00e9 de l'int\u00e9rim de la direction\nr\u00e9gionale des finances publiques de\nBourgogne-Franche-Comt\u00e9 et du d\u00e9partement\nde la C\u00f4te-d'Or, pour les actes relevant du\npouvoir adjudicateur.\nPr\u00e9fecture de la C\u00f4te-d'Or - 21-2026-02-04-00001 - ARR\u00eaT\u00e9 PR\u00e9FECTORAL n\u00b0  259 / SG du   4 f\u00e9vrier 2026 donnant d\u00e9l\u00e9gation de\nsignature \u00e0\n Mr Etienne LEPAGE, administrateur de l'\u00c9tat, du 2\u00e8me grade, charg\u00e9 de l'int\u00e9rim de la direction r\u00e9gionale des finances publiques de\nBourgogne-Franche-Comt\u00e9 et du d\u00e9partement de la C\u00f4te-d'Or, pour les actes relevant du pouvoir adjudicateur.\n49\nPREFETDELACOTE-D'ORLibert\u00e9Fraternit\u00e9\nArr\u00eat\u00e9 pr\u00e9fectoral n\u00b0 259 / SG du 4 f\u00e9vrier 2026-donnant d\u00e9l\u00e9gation de signature \u00e0 Mr Etienne LEPAGE, administrateur de l'\u00c9tat, du 2\u00e8megrade; charg\u00e9 de l'int\u00e9rim de la direction r\u00e9gionale des finances publiques de Bourgogne-Franche-Comt\u00e9 et du d\u00e9partement de la C\u00f4te-d'Or, pour les actes relevant du pouvoiradjudicateur.\nLe pr\u00e9fet de la C\u00f4te-d'OrVU la loi n\u00b082-213 du 2 mars 1982 relative aux droits et libert\u00e9s communes, desd\u00e9partements et des r\u00e9gions ;VU la loi d'orientation n\u00b092-125 du 6 f\u00e9vrier 1992 relative \u00e0 l'administration territorialede la R\u00e9publique;VU le code des march\u00e9s publics ;VU le d\u00e9cret n\u00b092-604 du 1\u00b0 juillet 1992 modifi\u00e9 portant charte de d\u00e9concentration ;VU le d\u00e9cret n\u00b02004-374 du 29 avril 2004 relatif au pouvoir des pr\u00e9fets, \u00e0 l'organisationet \u00e0 l'action des services de l'\u00c9tat dans les r\u00e9gions et les d\u00e9partements, modifi\u00e9 par led\u00e9cret n\u00b02010-146 du 16 f\u00e9vrier 2010 et par le d\u00e9cret n\u00b02010-687 du 24juin 2010 ;VU le d\u00e9cret n\u00b02009-208 du 20 f\u00e9vrier 2009 relatif au statut particulier desadministrateurs des finances publiques ;VU le d\u00e9cret n\u00b02009-707 du 16 juin 2009 modifi\u00e9 relatif aux services d\u00e9concentr\u00e9s de ladirection g\u00e9n\u00e9rale des finances publiques ;VU le d\u00e9cret n\u00b0 2012-1246 du 7 novembre 2012 relatif \u00e0 la gestion budg\u00e9taire etcomptable publique ; |VU le d\u00e9cret du 10 octobre 2024, nommant M. Paul MOURIER pr\u00e9fet de la r\u00e9gionBourgogne-Franche-Comt\u00e9, pr\u00e9fet de la C\u00f4te-d'Or;VU le d\u00e9cret du 5 d\u00e9cembre 2022 de la direction g\u00e9n\u00e9rale des finances publiques parlequel Mme H\u00e9l\u00e8ne CROCQUEVIEILLE, administratrice g\u00e9n\u00e9rale des finances publiques,est nomm\u00e9e directrice r\u00e9gionale des finances publiques de Bourgogne-Franche-Comt\u00e9et du d\u00e9partement de la C\u00f4te-d'Or, \u00e0 compter du 20 d\u00e9cembre 2022 ;\nPr\u00e9fecture de la C\u00f4te-d'Or - 21-2026-02-04-00001 - ARR\u00eaT\u00e9 PR\u00e9FECTORAL n\u00b0  259 / SG du   4 f\u00e9vrier 2026 donnant d\u00e9l\u00e9gation de\nsignature \u00e0\n Mr Etienne LEPAGE, administrateur de l'\u00c9tat, du 2\u00e8me grade, charg\u00e9 de l'int\u00e9rim de la direction r\u00e9gionale des finances publiques de\nBourgogne-Franche-Comt\u00e9 et du d\u00e9partement de la C\u00f4te-d'Or, pour les actes relevant du pouvoir adjudicateur.\n50\n9>\nVU l'arr\u00eat\u00e9 de la direction g\u00e9n\u00e9rale des finances publiques en date du 21 janvier2026, chargeant M. Etienne LEPAGE, administrateur de l'\u00c9tat du 2\u00e8me grade, del'int\u00e9rim de la direction r\u00e9gionale des finances publiques de Bourgogne-Franche-Comt\u00e9 et du d\u00e9partement de la C\u00f4te-d'Or, \u00e0 compter du 1\u00b0 f\u00e9vrier 2026 ;VU l'arr\u00eat\u00e9 pr\u00e9fectoral n\u00b0 573 / SG du 14 avril 2025 , donnant d\u00e9l\u00e9gation de signature \u00e0Mme H\u00e9l\u00e8ne CROCQUEVIEILLE, directrice r\u00e9gionale des finances publiques deBourgogne-Franche-Comt\u00e9 et du d\u00e9partement de la C\u00f4te-d'Or, pour les actes relevantdu pouvoir adjudicateur.ARRETEArticle 1: L'arr\u00eat\u00e9 pr\u00e9fectoral n\u00b0 573 / SG du 14 avril 2025 donnant d\u00e9l\u00e9gation designature \u00e0 Mme H\u00e9l\u00e8ne CROCQUEVIEILLE, directrice r\u00e9gionale des finances publiquesde Bourgogne-Franche-Comt\u00e9 et du d\u00e9partement de la C\u00f4te-d'Or, pour les.actesrelevant du pouvoir adjudicateur, et toutes dispositions ant\u00e9rieures contraires aupr\u00e9sent arr\u00eat\u00e9 sont abrog\u00e9s.Article 2 : D\u00e9l\u00e9gation de signature est donn\u00e9e \u00e0 M. Etienne LEPAGE, Administrateur del'\u00c9tat du 2\u00e8me grade, en charge de l'int\u00e9rim de la direction r\u00e9gionale des financespubliques de Bourgogne-Franche-Comt\u00e9 et du d\u00e9partement de la C\u00f4te-d'Or, \u00e0 l'effetde signer, dans la mesure o\u00f9 ils rel\u00e8vent de ses attributions, les actes relevant dupouvoir adjudicateur, \u00e0 l'exception de ceux portant engagement, liquidation etordonnancement au sens du d\u00e9cret n\u00b0 2012-1246 du 7 novembre 2012.Article 3: M. Etienne LEPAGE, Administrateur de l'\u00c9tat du 2\u00e8me grade, en charge del'int\u00e9rim de la direction r\u00e9gionale des finances publiques de Bourgogne-Franche-Comt\u00e9et du d\u00e9partement de la C\u00f4te-d'Or, peut, en tant que de besoin et sous saresponsabilit\u00e9, donner d\u00e9l\u00e9gation de signature aux agents plac\u00e9s sous son autorit\u00e9 dansles conditions pr\u00e9vues par l'article 44 du d\u00e9cret n\u00b02004-374 du 29 avril 2004 modifi\u00e9.Article 5: Le pr\u00e9sent arr\u00eat\u00e9 prendra effet le 1\u00b0 f\u00e9vrier 2026.Article 6: Le secr\u00e9taire g\u00e9n\u00e9ral de la pr\u00e9fecture de la C\u00f4te-d'Or et l'administrateur del'\u00c9tat du 2\u00e8me grade, en charge de l'int\u00e9rim de la direction r\u00e9gionale des financespubliques de Bourgogne-Franche-Comt\u00e9 et du d\u00e9partement de la C\u00f4te-d'Or sontcharg\u00e9s, chacun en ce qui le concerne, de l'ex\u00e9cution du pr\u00e9sent arr\u00eat\u00e9 qui sera publi\u00e9au recueil des actes administratifs de la pr\u00e9fecture de la C\u00f4te-d'Or.\nFait \u00e0 Dijon, le 4/02/26Le pr\u00e9fet,SIGNE\nPaul MOURIER\nPr\u00e9fecture de la C\u00f4te-d'Or - 21-2026-02-04-00001 - ARR\u00eaT\u00e9 PR\u00e9FECTORAL n\u00b0  259 / SG du   4 f\u00e9vrier 2026 donnant d\u00e9l\u00e9gation de\nsignature \u00e0\n Mr Etienne LEPAGE, administrateur de l'\u00c9tat, du 2\u00e8me grade, charg\u00e9 de l'int\u00e9rim de la direction r\u00e9gionale des finances publiques de\nBourgogne-Franche-Comt\u00e9 et du d\u00e9partement de la C\u00f4te-d'Or, pour les actes relevant du pouvoir adjudicateur.\n51\nPr\u00e9fecture de la C\u00f4te-d'Or\nP\u00f4le juridique inter-services\n21-2026-02-04-00003\nARR\u00eaT\u00e9 PR\u00e9FECTORAL N\u00b0  261  / SG  du 4 f\u00e9vrier\n2026 donnant d\u00e9l\u00e9gation de signature en\nmati\u00e8re d'ouverture et de fermeture des services\nd\u00e9concentr\u00e9s \u00e0 Mr Etienne LEPAGE,\nadministrateur de l'\u00c9tat, du 2\u00e8me grade, charg\u00e9\nde l'int\u00e9rim de la direction r\u00e9gionale des finances\npubliques de Bourgogne-Franche-Comt\u00e9 et du\nd\u00e9partement de la C\u00f4te-d'Or.\nPr\u00e9fecture de la C\u00f4te-d'Or - 21-2026-02-04-00003 - ARR\u00eaT\u00e9 PR\u00e9FECTORAL N\u00b0  261  / SG  du 4 f\u00e9vrier 2026 donnant d\u00e9l\u00e9gation de\nsignature en mati\u00e8re d'ouverture et de fermeture des services d\u00e9concentr\u00e9s \u00e0 Mr Etienne LEPAGE, administrateur de l'\u00c9tat, du 2\u00e8me\ngrade, charg\u00e9 de l'int\u00e9rim de la direction r\u00e9gionale des finances publiques de Bourgogne-Franche-Comt\u00e9 et du d\u00e9partement de la\nC\u00f4te-d'Or.\n52\nExPREFETDE LACOTE-D'ORLibert\u00e9Eg(14f,iteFraternit\u00e9Arr\u00eat\u00e9 pr\u00e9fectoral N\u00b0 261 / SG du 4 f\u00e9vrier 2026donnant d\u00e9l\u00e9gation de signatureen mati\u00e8re d'ouverture et de fermeture des servicesd\u00e9concentr\u00e9s\u00e0 Mr Etienne LEPAGE, administrateur de l'\u00c9tat, du 2\u00e8me grade; charg\u00e9 del'int\u00e9rim de la direction r\u00e9gionale des finances publiques de Bourgogne-Franche-Comt\u00e9 etdu d\u00e9partement de la C\u00f4te-d'Or.\nLe pr\u00e9fet de la C\u00f4te-d'OrVU le d\u00e9cret n\u00b071-69 du 26 janvier 1971 relatif au r\u00e9gime d'ouverture au public desservices ext\u00e9rieurs de l'\u00c9tat;VU le d\u00e9cret n\u00b0 2004-374 du 29 avril 2004 modifi\u00e9 relatif au pouvoir des pr\u00e9fets, \u00e0l'organisation et \u00e0 l'action des services de l'\u00c9tat dans les r\u00e9gions et les d\u00e9partements,notamment ses articles 26 et 43;VU le d\u00e9cret n\u00b02008-310 du 3 avril 2008 relatif \u00e0 la direction g\u00e9n\u00e9rale des financespubliques ; |VU le d\u00e9cret n\u00b02009-208 du 20 f\u00e9vrier 2009 modifi\u00e9 relatif au statut particulier desadministrateurs des finances publiques;VU le d\u00e9cret n\u00b02009-707 du 16 juin 2009 modifi\u00e9 relatif aux services d\u00e9concentr\u00e9s dela direction g\u00e9n\u00e9rale des finances publiques;VU le d\u00e9cret du 10 octobre 2024 nommant Monsieur Paul MOURIER pr\u00e9fet de lar\u00e9gion Bourgogne-Franche-Comt\u00e9, pr\u00e9fet de la C\u00f4te-d'Or: |VU le d\u00e9cret du 5 d\u00e9cembre 2022 de la direction g\u00e9n\u00e9rale des finances publiques parlequel Mme H\u00e9l\u00e8ne CROCQUEVIEILLE, administratrice g\u00e9n\u00e9rale des financespubliques, est nomm\u00e9e directrice r\u00e9gionale des finances publiques de Bourgogne-Franche-Comt\u00e9 et du d\u00e9partement de la C\u00f4te-d'Or, \u00e0 compter du 20 d\u00e9cembre 2022\n./\nVU l'arr\u00eat\u00e9 de la direction g\u00e9n\u00e9rale des finances publiques en date du 21 janvier2026, chargeant M. Etienne LEPAGE, administrateur de l'\u00c9tat du 2\u00e8me grade, del'int\u00e9rim de la direction r\u00e9gionale des finances publiques de Bourgogne--Franche-Comt\u00e9 et du d\u00e9partement de la C\u00f4te-d'Or, \u00e0 compter du 1\u00b0 f\u00e9vrier 2026;VU l'arr\u00eat\u00e9 pr\u00e9fectoral n\u00b01675 / SG du 28 octobre 2024 donnant d\u00e9l\u00e9gation designature en mati\u00e8re d'ouverture et de fermeture des services d\u00e9concentr\u00e9s \u00e0 MmeH\u00e9l\u00e8ne CROCQUEVIEILLE, directrice r\u00e9gionale des finances ARR de Bourgogne-Franche-Comt\u00e9 et du d\u00e9partement de la C\u00f4te -d'Or;\nPr\u00e9fecture de la C\u00f4te-d'Or - 21-2026-02-04-00003 - ARR\u00eaT\u00e9 PR\u00e9FECTORAL N\u00b0  261  / SG  du 4 f\u00e9vrier 2026 donnant d\u00e9l\u00e9gation de\nsignature en mati\u00e8re d'ouverture et de fermeture des services d\u00e9concentr\u00e9s \u00e0 Mr Etienne LEPAGE, administrateur de l'\u00c9tat, du 2\u00e8me\ngrade, charg\u00e9 de l'int\u00e9rim de la direction r\u00e9gionale des finances publiques de Bourgogne-Franche-Comt\u00e9 et du d\u00e9partement de la\nC\u00f4te-d'Or.\n53\nARRETEArticle 1: l'arr\u00eat\u00e9 pr\u00e9fectoral n\u00b01675 / SG du 28 octobre 2024 donnant d\u00e9l\u00e9gation designature en mati\u00e8re d'ouverture et de fermeture des services d\u00e9concentr\u00e9s \u00e0 MmeH\u00e9l\u00e8ne CROCQUEVIEILLE, directrice r\u00e9gionale des finances publiques de Bourgogne-Franche-Comt\u00e9 et du d\u00e9partement de la C\u00f4te -d'Or et toutes dispositionsant\u00e9rieures contraires au pr\u00e9sent arr\u00eat\u00e9 sont abrog\u00e9s.Article 2 : D\u00e9l\u00e9gation de signature est donn\u00e9e \u00e0 M. Etienne LEPAGE, Administrateur del'\u00c9tat du 2\u00e8me grade, en charge de l'int\u00e9rim de la direction r\u00e9gionale des financespubliques de Bourgogne-Franche-Comt\u00e9 et du d\u00e9partement de la C\u00f4te-d'Or, \u00e0 l'effet designer, dans la limite de ses attributions et comp\u00e9tences, les arr\u00eat\u00e9s relatifs \u00e0 lafermeture exceptionnelle des services de la direction r\u00e9gionale des finances publiquesde Bourgogne-Franche-Comt\u00e9 et du d\u00e9partement de la C\u00f4te-d'Or.Article 3: M. Etienne LEPAGE, Administrateur de l'\u00c9tat du 2\u00e8me grade, en charge del'int\u00e9rim de la direction r\u00e9gionale des finances publiques de Bourgogne-Franche-Comt\u00e9et du d\u00e9partement de la C\u00f4te-d'Or, peut donner sa d\u00e9l\u00e9gation aux agents plac\u00e9s sousson autorit\u00e9, pour signer les arr\u00eat\u00e9s relatifs \u00e0 la fermeture exceptionnelle des services dela direction r\u00e9gionale des finances publiques de Bourgogne-Franche-Comt\u00e9 et dud\u00e9partement de la C\u00f4te-d'Or pour lesquels elle a elle-m\u00eame re\u00e7u d\u00e9l\u00e9gation.Article 4 : Le pr\u00e9sent arr\u00eat\u00e9 prendra effet le 1\u00b0 f\u00e9vrier 2026.Article 5: Le secr\u00e9taire g\u00e9n\u00e9ral de la pr\u00e9fecture de la C\u00f4te-d'Or, et l'administrateurde l'\u00c9tat du 2\u00e8me grade, en charge de l'int\u00e9rim de la direction r\u00e9gionale des financespubliques de Bourgogne-Franche-Comt\u00e9 et du d\u00e9partement de la C\u00f4te-d'Or, sontcharg\u00e9s, chacun pour ce qui le concerne, de l'ex\u00e9cution du pr\u00e9sent arr\u00eat\u00e9 qui serapubli\u00e9 au recueil des actes administratifs de la pr\u00e9fecture de la C\u00f4te-d'Or.\nFait \u00e0 Dijon, le 4/02/26Le pr\u00e9fet,SIGNEPaul MOURIER\nPr\u00e9fecture de la C\u00f4te-d'Or - 21-2026-02-04-00003 - ARR\u00eaT\u00e9 PR\u00e9FECTORAL N\u00b0  261  / SG  du 4 f\u00e9vrier 2026 donnant d\u00e9l\u00e9gation de\nsignature en mati\u00e8re d'ouverture et de fermeture des services d\u00e9concentr\u00e9s \u00e0 Mr Etienne LEPAGE, administrateur de l'\u00c9tat, du 2\u00e8me\ngrade, charg\u00e9 de l'int\u00e9rim de la direction r\u00e9gionale des finances publiques de Bourgogne-Franche-Comt\u00e9 et du d\u00e9partement de la\nC\u00f4te-d'Or.\n54\nPr\u00e9fecture de la C\u00f4te-d'Or\nP\u00f4le juridique inter-services\n21-2026-02-04-00007\nArr\u00eat\u00e9 pr\u00e9fectoral n\u00b0  268 du 4 f\u00e9vrier 2026\ndonnant d\u00e9l\u00e9gation de signature \u00e0 Madame\nNathalie FERNANDEZ, attach\u00e9e hors classe,\ndirectrice de l'immigration et de la nationalit\u00e9\n(DIN)\nPr\u00e9fecture de la C\u00f4te-d'Or - 21-2026-02-04-00007 - Arr\u00eat\u00e9 pr\u00e9fectoral n\u00b0  268 du 4 f\u00e9vrier 2026\ndonnant d\u00e9l\u00e9gation de signature \u00e0 Madame Nathalie FERNANDEZ, attach\u00e9e hors classe,\ndirectrice de l'immigration et de la nationalit\u00e9 (DIN)\n55\nPREFETDELA | _COTE-D'OR SECR\u00c9TARIAT GENERALLibert\u00e9 Direction de la coordination des politiques publiques\u00c9galit\u00e9 et de l'appui territorialFraternit\u00e9 *.\nArr\u00eat\u00e9 pr\u00e9fectoral n\u00b0 268 du 4 f\u00e9vrier 2026donnant d\u00e9l\u00e9gation de signature \u00e0 Madame Nathalie FERNANDEZ, attach\u00e9e hors classe,directrice de l'immigration et de la nationalit\u00e9 (DIN)\nLe pr\u00e9fet de la C\u00f4te-d'Or\nVu la loi n\u00b0 82-213 du 2 mars 1982 modifi\u00e9e relative aux droits et libert\u00e9s des communes,des d\u00e9partements et des r\u00e9gions ;Vu le d\u00e9cret n\u00b0 2004-374 du 29 avril 2004 relatif aux pouvoirs des pr\u00e9fets, \u00e0 l'organisation eta l'action des services de l'\u00c9tat dans les r\u00e9gions et d\u00e9partements, modifi\u00e9 par le d\u00e9cret n\u00b02010-146 du 16 f\u00e9vrier 2010 et par le d\u00e9cret n\u00b0 2010-687 du 24 juin 2010 ;Vu le d\u00e9cret n\u00b0 2008-158 du 22 f\u00e9vrier 2008 relatif \u00e0 la suppl\u00e9ance des pr\u00e9fets de r\u00e9gion eta la d\u00e9l\u00e9gation de signature des pr\u00e9fets et hauts-commissaires de la R\u00e9publique enPolyn\u00e9sie fran\u00e7aise et en Nouvelle-Cal\u00e9donie :Vu le d\u00e9cret n\u00b0 2009-176 du 16 f\u00e9vrier 2009 modifiant le d\u00e9cret n\u00b0 64-805 du 29juillet 1964fixant les dispositions r\u00e9glementaires applicables aux pr\u00e9fets et le d\u00e9cret n\u00b0 2004-374 du 29avril 2004 relatif aux pouvoirs des pr\u00e9fets, \u00e0 l'organisation et \u00e0 l'action des services de l'\u00c9tatdans les r\u00e9gions et d\u00e9partements ;Vu le d\u00e9cret du 10 octobre 2024 nommant Monsieur Paul MOURIER, pr\u00e9fet de la r\u00e9gionBourgogne-Franche-Comt\u00e9, pr\u00e9fet de la C\u00f4te d'Or;Vu l'arr\u00eat\u00e9 pr\u00e9fectoral du 1251/SG du 18 d\u00e9cembre 2020 portant organisation des servicesde la pr\u00e9fecture de la r\u00e9gion Bourgogne-Franche-Comt\u00e9, pr\u00e9fecture du d\u00e9partement de laC\u00f4te d'Or;Vu l'arr\u00eat\u00e9 minist\u00e9riel du 8 janvier 2026 portant nomination de Madame NathalieFERNANDEZ, attach\u00e9e principal d'administration de l'Etat, directrice de l'immigration etde la nationalit\u00e9 \u00e0 compter du 1\u00b0 f\u00e9vrier 2026 ;Sur proposition de Monsieur le secr\u00e9taire g\u00e9n\u00e9ral de la pr\u00e9fecture de la C\u00f4te-d'Or:\nARR\u00caTE\n1/8\nPr\u00e9fecture de la C\u00f4te-d'Or - 21-2026-02-04-00007 - Arr\u00eat\u00e9 pr\u00e9fectoral n\u00b0  268 du 4 f\u00e9vrier 2026\ndonnant d\u00e9l\u00e9gation de signature \u00e0 Madame Nathalie FERNANDEZ, attach\u00e9e hors classe,\ndirectrice de l'immigration et de la nationalit\u00e9 (DIN)\n56\nArticle 1\u00b0: L'arr\u00e9t\u00e9 pr\u00e9fectoral n\u00b0 1549/SG du 17 octobre 2025 donnant d\u00e9l\u00e9gation designature \u00e0 Madame C\u00e9line MANELLI, attach\u00e9e, directrice de l'immigration et de lanationalit\u00e9 (DIN) par int\u00e9rim, ainsi que toutes dispositions ant\u00e9rieures et contraires aupr\u00e9sent arr\u00eat\u00e9 sont abrog\u00e9s\u00e0 compter de l'entr\u00e9e en vigueur du pr\u00e9sent arr\u00eat\u00e9.Article 2: D\u00e9l\u00e9gation de signature est donn\u00e9e \u00e0 Madame Nathalie FERNANDEZ, attach\u00e9ehors classe, directrice de l'immigration de la nationalit\u00e9 en ce qui concerne:| - SERVICE D'IMMIGRATION ET D'INT\u00c9GRATION :. toutes d\u00e9cisions relatives aux diverses proc\u00e9dures d'autorisation de s\u00e9jour en France, ycompris les refus de s\u00e9jour, et les refus de s\u00e9jour assortis d'une obligation de quitter leterritoire fran\u00e7ais; :- la signature des demandes de laissez-passer consulaires;- la signature des courriers de saisine adress\u00e9s \u00e0 l'OFPRA (Office fran\u00e7ais de protectiondes r\u00e9fugi\u00e9s et apatrides) dans le cadre des demandes d'asile pr\u00e9sent\u00e9es par des\u00e9trangers plac\u00e9s en centre de r\u00e9tention administrative;. les demandes d'escortes pour transf\u00e9rer les \u00e9trangers en situation irr\u00e9guli\u00e8re dans uncentre de r\u00e9tention administrative;+ la d\u00e9livrance et le refus de d\u00e9livrance des documents suivants :\u2014 cartes de s\u00e9jour: cartes de s\u00e9jour temporaire, cartes de s\u00e9jour pluriannuelles, cartesde r\u00e9sident, cartes de s\u00e9jour de ressortissant d'un Etat membre de l'Unioneurop\u00e9enne ou de l'espace \u00e9conomique europ\u00e9en, certificat de r\u00e9sidence pour lesAlg\u00e9riens, carte de s\u00e9jour \u00ab retrait\u00e9 \u00bb ;\u2014 r\u00e9c\u00e9piss\u00e9s de demande de titre de s\u00e9jour ;\u2014 attestations de demandes d'asile ;- autorisations provisoires de s\u00e9jour ;- titres d'identit\u00e9 et de voyage ;- sauf-conduits;- documents de voyage collectif pour \u00e9trangers mineurs dans le cadre de voyagesscolaires;- documents de circulation pour les mineurs \u00e9trangers \u00e9tablis en France ;_ visas de toute nature sur les passeports \u00e9trangers ;_ les lettres d'information dans le cadre d'une proc\u00e9dure de r\u00e9admission DUBLIN ainsique les convocations DUBLIN et les laissez-passer dans le cadre d'une proc\u00e9dure der\u00e9admission DUBLIN.- les saisines du juge des libert\u00e9s pour les demandes de prolongation en r\u00e9tentionadministrative ;- les saisines du juge des libert\u00e9s pour les demandes d'autorisation \u00e0 requ\u00e9rir les servicesde police ou les unit\u00e9s de gendarmerie pour qu'ils visitent le domicile de l'\u00e9tranger afinde s'assurer de sa pr\u00e9sence et de le reconduire \u00e0 la fronti\u00e8re sur le fondement del'article L 561-2 Il du CESEDA (Code de l'entr\u00e9e et du s\u00e9jour des \u00e9trangers et du droitd'asile);- les saisines dujuge des libert\u00e9s pour les demandes d'autorisation \u00e0 requ\u00e9rir les :servicesde police ou les unit\u00e9s de gendarmerie pour qu'ils visitent le domicile de l'\u00e9tranger afinde s'assurer de sa pr\u00e9sence et de le conduire aupr\u00e8s des autorit\u00e9s consulaires sur lefondement de l'article L 513-5 du CESEDA;+ les mandats sp\u00e9ciaux destin\u00e9s aux repr\u00e9sentants charg\u00e9s de d\u00e9fendre le pr\u00e9fet deC\u00f4te d'Or lors de l'examen, par le juge des libert\u00e9s et de la d\u00e9tention, des demandesde prolongation de la r\u00e9tention administrative ;\n218\nPr\u00e9fecture de la C\u00f4te-d'Or - 21-2026-02-04-00007 - Arr\u00eat\u00e9 pr\u00e9fectoral n\u00b0  268 du 4 f\u00e9vrier 2026\ndonnant d\u00e9l\u00e9gation de signature \u00e0 Madame Nathalie FERNANDEZ, attach\u00e9e hors classe,\ndirectrice de l'immigration et de la nationalit\u00e9 (DIN)\n57\nles arr\u00eat\u00e9s de mandatement des condamnations p\u00e9cuniaires dues par l'\u00c9tat dans lecadre du contentieux des \u00e9trangers ;les observations \u00e9crites adress\u00e9es \u00e0 une juridiction administrative dans le cadre derecours contentieux trait\u00e9s en proc\u00e9dure orale ;- les observations \u00e9crites adress\u00e9es a une juridiction administrative dans le cadre derecours contentieux trait\u00e9s en proc\u00e9dure \u00e9crite ;+ les arr\u00eat\u00e9s pr\u00e9fectoraux d'assignation \u00e0 r\u00e9sidence ;- les arr\u00eat\u00e9s pr\u00e9fectoraux portant refus de s\u00e9jour et obligation de quitter le territoirefran\u00e7ais au titre de l'asile assortie ou non d'un' d\u00e9lai de d\u00e9part volontaire et d'uneinterdiction de retour.En cas d'absence de tout membre du corps pr\u00e9fectoral :- les arr\u00eat\u00e9s de reconduite \u00e0 la fronti\u00e8re, les arr\u00eat\u00e9s de remise d'office, les Obligationsde Quitter le Territoire Fran\u00e7ais sans d\u00e9lai de d\u00e9part volontaire, \u00e9ventuellementassortis d'interdiction de retour, les arr\u00eat\u00e9s portant interdiction de retour seule ou lesprolongations d'interdiction de retour, et les arr\u00eat\u00e9s portant maintien en r\u00e9tentionadministrative ;- les d\u00e9cisions et arr\u00eat\u00e9s fixant le choix du pays de destination des \u00e9trangers faisantl'objet d'une mesure d'\u00e9loignement du territoire fran\u00e7ais.ll- PLATEFORME INTERDEPARTEMENTALEDE LA NATURALISATION :les d\u00e9cisions de classement sans suite en mati\u00e8re de naturalisation et les actes relevantde la plateforme interd\u00e9partementale de la naturalisation.\nArticle 3: En cas d'absence ou d'emp\u00e9chement de Madame Nathalie FERNANDEZ, lad\u00e9l\u00e9gation qui lui est conf\u00e9r\u00e9e par l'article 2 sera exerc\u00e9e par Madame C\u00e9line MANELLI,attach\u00e9e d'administration de l'\u00c9tat, adjointe \u00e0 la directrice de l'immigration et de lanationalit\u00e9 et cheffe du service de l'immigration et de l'int\u00e9gration.En cas d'absence concomitante de Madame Nathalie FERNANDEZ et de Madame C\u00e9lineMANELLI, la d\u00e9l\u00e9gation est conf\u00e9r\u00e9e \u00e0 Madame Anne DELVALLE, attach\u00e9e d'administration del'\u00c9tat, cheffe-adjointe du service immigration et int\u00e9gration et cheffe du p\u00f4le contentieux des\u00e9trangers. |En cas d'absence concomitante de Madame Nathalie FERNANDEZ, de Madame C\u00e9lineMANELLI, et de Madame Anne DELVALLE, la d\u00e9l\u00e9gation est conf\u00e9r\u00e9e \u00e0 Monsieur Jean-Christophe THUILLIER, attach\u00e9 d'administration de l'\u00c9tat, chef de la plateformeinterd\u00e9partementale de la naturalisation.En cas d'absence concomitante de Madame Nathalie FERNANDEZ, de Madame C\u00e9lineMANELLI, de Madame Anne DELVALLE et de Monsieur Jean-Christophe THUILLIER, lad\u00e9l\u00e9gation est conf\u00e9r\u00e9e \u00e0 Madame Cateline ZARIC, agent contractuel en contrat \u00e0 dur\u00e9eind\u00e9termin\u00e9e, adjointe au chef de la plateforme interd\u00e9partementale de la naturalisation.\nArticle 4: D\u00e9l\u00e9gation est donn\u00e9e \u00e0 Monsieur Jean-Christophe THUILLIER, attach\u00e9d'administration de l'\u00c9tat, chef de la plateforme interd\u00e9partementale de la naturalisationpour:\n3/8\nPr\u00e9fecture de la C\u00f4te-d'Or - 21-2026-02-04-00007 - Arr\u00eat\u00e9 pr\u00e9fectoral n\u00b0  268 du 4 f\u00e9vrier 2026\ndonnant d\u00e9l\u00e9gation de signature \u00e0 Madame Nathalie FERNANDEZ, attach\u00e9e hors classe,\ndirectrice de l'immigration et de la nationalit\u00e9 (DIN)\n58\n- les d\u00e9cisions de classement sans suite en mati\u00e9re de naturalisation et les actes relevantde la plateforme interd\u00e9partementale de la naturalisation.En cas d'absence ou d'emp\u00eachement de Monsieur Jean-Christophe THUILLIER, la d\u00e9l\u00e9gationconf\u00e9r\u00e9e au pr\u00e9sent article sera exerc\u00e9e par Madame Cateline ZARIC, agent contractuel encontrat a dur\u00e9e ind\u00e9termin\u00e9e, adjointe au chef de la plateforme interd\u00e9partementale de lanaturalisation. :En cas d'absence ou d'emp\u00e9chement de Monsieur Jean-Christophe THUILLIER et de MadameCateline ZARIC, la d\u00e9l\u00e9gation conf\u00e9r\u00e9e au pr\u00e9sent article sera exerc\u00e9e par Madame S\u00e9verineGROSSEL, secr\u00e9taire administratif de classe normale.\n* D\u00e9l\u00e9gation est donn\u00e9e a:> Madame Tatiana BOYON, secr\u00e9taire administratif de classe sup\u00e9rieure,Mesdames S\u00e9verine GROSSEL, Mailis GAUDILLAT, Sahar HASSANI et AudreyDUVAQUIER, secr\u00e9taires administratifs de classe normale, Madame Lin SANDAFIet Monsieur Victor BROSSARD, agents contractuels de longue dur\u00e9e, etMessieurs Antoine PORRO et N\u00e9o MAILLOT, agents contractuels, pour :- les convocations des postulants et des d\u00e9clarants,+ les attestations de d\u00e9p\u00f4t et les accus\u00e9s de r\u00e9ception,+ les demandes d'enqu\u00eate,+ les saisines des TJ et TGI,- les r\u00e9c\u00e9piss\u00e9s,+ la conduite d'entretien et les compte-rendus des entretiens d'assimilation de lanationalit\u00e9 fran\u00e7aise,- les retours de dossiers incomplets,- les correspondances courantes n'emportant pas de d\u00e9cision.\nArticle 5 : D\u00e9l\u00e9gation est donn\u00e9e \u00e0 Madame C\u00e9line MANELLI, adjointe au directeur et cheffedu service de l'immigration et de l'int\u00e9gration, attach\u00e9e d'administration de l'\u00c9tat pour :+ toutes d\u00e9cisions relatives aux diverses proc\u00e9dures d'autorisation de s\u00e9jour et de refusde s\u00e9jour en France ;- la d\u00e9livrance et le refus de d\u00e9livrance des documents suivants :- cartes de s\u00e9jour : cartes de s\u00e9jour temporaire, cartes de s\u00e9jour pluriannuelles, cartesde r\u00e9sident, cartes de s\u00e9jour de ressortissant d'un \u00c9tat membre de la communaut\u00e9europ\u00e9enne ou de l'Espace Economique Europ\u00e9en, certificat de r\u00e9sidence pour lesAlg\u00e9riens, carte de s\u00e9jour \u00ab retrait\u00e9 \u00bb ;- r\u00e9c\u00e9piss\u00e9s de demande de titre de s\u00e9jour et r\u00e9c\u00e9piss\u00e9s d\u00e9livr\u00e9s dans le cadre d'unedemande d'asile ;- attestations de demandes d'asile ;- autorisations provisoires de s\u00e9jour ;- titres d'identit\u00e9 et de voyage ;- sauf-conduits;- documents de voyage collectif pour \u00e9trangers mineurs dans le cadre de voyagesscolaires:- documents de circulation pour les mineurs \u00e9trangers \u00e9tablis en France ;- visas de toute nature sur les passeports \u00e9trangers ;\n4/8\nPr\u00e9fecture de la C\u00f4te-d'Or - 21-2026-02-04-00007 - Arr\u00eat\u00e9 pr\u00e9fectoral n\u00b0  268 du 4 f\u00e9vrier 2026\ndonnant d\u00e9l\u00e9gation de signature \u00e0 Madame Nathalie FERNANDEZ, attach\u00e9e hors classe,\ndirectrice de l'immigration et de la nationalit\u00e9 (DIN)\n59\n- les lettres d'information dans le cadre d'une proc\u00e9dure de r\u00e9admission DUBLIN ainsique les convocations DUBLIN, les lettres d'information des demandeurs d'asilemaintenus provisoirement au s\u00e9jour ainsi que les laissez-passer dans le cadre d'uneproc\u00e9dure de r\u00e9admission DUBLIN.- les refus de prolongation de visa ;+ les convocations aux entretiens dans le cadre du contr\u00f4le des cartes de s\u00e9jourpluriannuelles- la signature des demandes de laissez--passer consulaires;- la signature des courriers de saisine adress\u00e9s \u00e0 l'OFPRA (office fran\u00e7ais de protectiondes r\u00e9fugi\u00e9s et apatrides) dans le cadre des demandes d'asile pr\u00e9sent\u00e9es par des\u00e9trangers plac\u00e9s en centre de r\u00e9tention administrative ;- les demandes d'escortes pour transf\u00e9rer les \u00e9trangers en situation irr\u00e9guli\u00e8re dans uncentre de r\u00e9tention administrative:- les observations \u00e9crites adress\u00e9es \u00e0 une juridiction administrative dans le cadre derecours contentieux trait\u00e9s en proc\u00e9dure orale ;- les observations \u00e9crites adress\u00e9es \u00e0 une juridiction administrative dans le cadre derecours contentieux trait\u00e9s en proc\u00e9dure \u00e9crite ;- les saisines du juge des libert\u00e9s et de la d\u00e9tention pour les demandes de prolongationen r\u00e9tention administrative:- les saisines du juge des libert\u00e9s et de la d\u00e9tention pour les demandes d'autorisation \u00e0requ\u00e9rir les services de police ou les unit\u00e9s de gendarmerie pour qu'ils visitent ledomicile de l'\u00e9tranger afin de s'assurer de sa pr\u00e9sence et de le reconduire \u00e0 la fronti\u00e8resur le fondement de l'article L561-2 Il du CESEDA:- les saisines du juge des libert\u00e9s et de la d\u00e9tention pour les demandes d'autorisation \u00e0requ\u00e9rir les services de police ou les unit\u00e9s de gendarmerie pour qu'ils visitent ledomicile de l'\u00e9tranger afin de s'assurer de sa pr\u00e9sence et de le conduire aupr\u00e8s desautorit\u00e9s consulaires sur le fondement de l'article L513-5 du CESEDA ;- les mandats sp\u00e9ciaux destin\u00e9s aux repr\u00e9sentants charg\u00e9s de d\u00e9fendre le pr\u00e9fet deC\u00f4te d'Or lors de l'examen, par le juge des libert\u00e9s et de la d\u00e9tention, des demandesde prolongation de la r\u00e9tention administrative;- les arr\u00eat\u00e9s de mandatement des condamnations p\u00e9cuniaires dues par l'\u00c9tat dans lecadre du contentieux des \u00e9trangers;En cas d'absence ou d'emp\u00e9chement de Madame C\u00e9line MANELLI, la d\u00e9l\u00e9gation est conf\u00e9r\u00e9ea Madame Anne DELVALLE, attach\u00e9e, chef-adjoint du service immigration et int\u00e9gration etchef du p\u00f4le contentieux des \u00e9trangers.En cas d'absence ou d'emp\u00e9chement de Madame C\u00e9line MANELLI et de Madame AnneDELVALLE, la d\u00e9l\u00e9gation est conf\u00e9r\u00e9e a Madame Diestine GIRAUD, attach\u00e9e, chef du pdleasile-\u00e9loignement du service d'immigration et d'int\u00e9gration.En cas d'absence ou d'emp\u00e9chement de Madame C\u00e9line MANELLI, de Madame AnneDELVALLE et de Madame Diestine GIRAUD, la d\u00e9l\u00e9gation est conf\u00e9r\u00e9e a Madame LolaPINSONNEAUX, contractuelle longue dur\u00e9e, chef-adjoint du p\u00f4le asile-\u00e9loignement.En cas d'absence ou d'emp\u00e9chement de Madame C\u00e9line MANELLI, de Madame AnneDELVALLE, de Madame Diestine GIRAUD et de Madame Lola PINSONNEAUX, la d\u00e9l\u00e9gationest conf\u00e9r\u00e9e \u00e0 Madame Catherine VALENTIN, attach\u00e9e, chef du p\u00f4le s\u00e9jour du Serviced'immigration et d'int\u00e9gration.En cas d'absence ou d'emp\u00e9chement de Madame C\u00e9line MANELLI, de Madame AnneDELVALLE, de Madame Diestine GIRAUD, de Madame Lola PINSONNEAUX et de MadameCatherine VALENTIN, la d\u00e9l\u00e9gation est conf\u00e9r\u00e9e \u00e0 Monsieur Jean-Claude WEBER, attach\u00e9,chef-adjoint du p\u00eale s\u00e9jour du Service d'immigration et d'int\u00e9gration.\n5/8\nPr\u00e9fecture de la C\u00f4te-d'Or - 21-2026-02-04-00007 - Arr\u00eat\u00e9 pr\u00e9fectoral n\u00b0  268 du 4 f\u00e9vrier 2026\ndonnant d\u00e9l\u00e9gation de signature \u00e0 Madame Nathalie FERNANDEZ, attach\u00e9e hors classe,\ndirectrice de l'immigration et de la nationalit\u00e9 (DIN)\n60\n* Pour le p\u00f4le contentieux des \u00e9trangers, d\u00e9l\u00e9gation est donn\u00e9e a:Madame Anne DELVALLE, attach\u00e9e, chef-adjoint du service immigration et int\u00e9gration et chefdu p\u00f4le contentieux des \u00e9trangers Monsieur Manuel DA ROCHA, attach\u00e9, et Mme IsabelleDURAND-ROUX, attach\u00e9e, pour :les observations \u00e9crites adress\u00e9es a une juridiction administrative dans le cadre derecours contentieux trait\u00e9s en proc\u00e9dure orale;les observations \u00e9crites adress\u00e9es \u00e0 une juridiction administrative dans le cadre derecours contentieux trait\u00e9s en proc\u00e9dure \u00e9crite ;les accus\u00e9s de r\u00e9ception des requ\u00eates devant les juridictions administrativesles correspondances courantes n'emportant pas de d\u00e9cision, les lettre-types, lesbordereaux d'envoi et t\u00e9l\u00e9copies dans les domaines de l'\u00e9loignement, des r\u00e9admissionset du contentieux.\na* Pour le P\u00f4le S\u00e9jour, d\u00e9l\u00e9gation est donn\u00e9e a:> Madame Catherine VALENTIN, attach\u00e9e, Cheffe du P\u00f4le S\u00e9jour, Monsieur Jean-Claude WEBER, attach\u00e9, adjoint \u00e0 la Cheffe du p\u00f4le s\u00e9jour, et Mme JustineMICHELET, secr\u00e9taire administrative de classe normale, pour :les bordereaux d'envoi ;les correspondances courantes et les lettres-types n'emportant pas d\u00e9cision ;les titres de voyage et sauf-conduits pour les \u00e9trangers ;les visas de toute nature sur les passeports \u00e9trangers;les r\u00e9c\u00e9piss\u00e9s de demandes de titre de s\u00e9jour, les autorisations provisoires de s\u00e9jourla d\u00e9livrance des documents de circulation pour les \u00e9trangers mineursla d\u00e9livrance de documents de voyage collectif pour \u00e9trangers mineurs dans le cadrede voyages scolaires ;les refus de prolongation de visa ;les premi\u00e8res demandes et les renouvellements de titres de s\u00e9jour ;les demandes de duplicatas, de changements d'adresse et de modifications de cartesde s\u00e9jour temporairesles attestations sur l'honneur de communaut\u00e9 de vie (d\u00e9claration par mariage),les demandes d'enqu\u00eates.> Marine BOUDET, A\u00e9lia HERY, secr\u00e9taires administratives, Chlo\u00e9 TALLANDIER etC\u00e9lia MOSA, contractuelles longue dur\u00e9e, pour:les bordereaux d'envoi;les correspondances courantes et les lettres-types n'emportant pas d\u00e9cision ;les r\u00e9c\u00e9piss\u00e9s de demande de titre de s\u00e9jour et le renouvellement des r\u00e9c\u00e9piss\u00e9s ;les demandes d'enqu\u00eates ;> Mesdames Marie-Christine DAUDET, adjoint administratif principal 1\u00e8re classe,Emilie LORET-MASSON, adjoint administratif, Mesdames G\u00e9raldine ROLLING,Mathias KASMI-MARTIN, Mil\u00e8ne MARONNAT et Marie GOICHOT, adjointsadministratifs principaux 2\u00e8me classe, et Mesdames Sibel OCZELIK, CorinneGREY, Caroline NICOLAS et Ikram OULDEI, agents contractuels :\n6/8\nPr\u00e9fecture de la C\u00f4te-d'Or - 21-2026-02-04-00007 - Arr\u00eat\u00e9 pr\u00e9fectoral n\u00b0  268 du 4 f\u00e9vrier 2026\ndonnant d\u00e9l\u00e9gation de signature \u00e0 Madame Nathalie FERNANDEZ, attach\u00e9e hors classe,\ndirectrice de l'immigration et de la nationalit\u00e9 (DIN)\n61\nles bordereaux d'envoi ;les correspondances courantes et les lettres-types n'emportant pas d\u00e9cision ;les attestations sur l'honneur de communaut\u00e9 de vie (d\u00e9claration par mariage),les r\u00e9c\u00e9piss\u00e9s de titre de s\u00e9jour ainsi que le renouvellement des r\u00e9c\u00e9piss\u00e9s ;les demandes de duplicatas, de changements d'adresse et de modifications de cartesde s\u00e9jour ;les premi\u00e8res demandes et renouvellements de titres de s\u00e9jour pour les cat\u00e9gories detitres relevant d'un d\u00e9p\u00f4t d\u00e9mat\u00e9rialis\u00e9 dans l'ANEF.\nx* Pour le P\u00f4le Asile-\u00e9loignement, d\u00e9l\u00e9gation est donn\u00e9e a:\nVV VVVV VVV WV\n> Madame Diestine GIRAUD, attach\u00e9e, cheffe de p\u00f4le asile-\u00e9loignement etMadame Lola PINSONNEAUX, contractuelle longue dur\u00e9e, adjointe \u00e0 la cheffede p\u00f4le asile-\u00e9loignement pour :les convocations DUBLIN ;les laissez-passer dans le cadre d'une proc\u00e9dure de r\u00e9admission DUBLIN.les r\u00e9c\u00e9piss\u00e9s et attestations de demandes d'asile 'les bordereaux d'envoi, correspondances courantes et demandes d'avis li\u00e9s \u00e0 l'asile, auxproc\u00e9dures de r\u00e9admission et \u00e0 la reconduite \u00e0 la fronti\u00e8re des demandeurs d'asile ;les autorisations provisoires de s\u00e9jour ;les demandes de r\u00e9admission d'un \u00e9tranger dans un autre \u00c9tat:les fiches d'information transmises \u00e0 l'OFPRA ;les lettres d'information du demandeur d'asile ; |les accus\u00e9s de r\u00e9ception des requ\u00eates devant les juridictions administratives :les correspondances courantes n'emportant pas de d\u00e9cision, les lettre-types, lesbordereaux d'envoi dans les domaines de l'\u00e9loignement, des r\u00e9admissions et ducontentieux :la signature des demandes de laissez-passer consulaires ;la signature des courriers de saisine adress\u00e9s \u00e0 l'OFPRA (office fran\u00e7ais de protectiondes r\u00e9fugi\u00e9s et apatrides) dans le cadre des demandes d'asile pr\u00e9sent\u00e9es par des\u00e9trangers plac\u00e9s en centre de r\u00e9tention administrative:les lettres d'information dans le cadre d'une proc\u00e9dure de r\u00e9admission DUBLIN ainsique les convocations DUBLIN, les lettres d'information des demandeurs d'asilemaintenus provisoirement au s\u00e9jour ainsi que les laissez-passer dans le cadre d'uneproc\u00e9dure de r\u00e9admission DUBLIN :les demandes d'escortes pour transf\u00e9rer les \u00e9trangers en situation irr\u00e9guli\u00e8re dans uncentre de r\u00e9tention administrative;les saisines du juge des libert\u00e9s et de la d\u00e9tention pour les demandes de prolongationen r\u00e9tention administrative;les saisines du juge des libert\u00e9s et de la d\u00e9tention pour les demandes d'autorisation \u00e0requ\u00e9rir les services de police ou les unit\u00e9s de gendarmerie pour qu'ils visitent ledomicile de l'\u00e9tranger afin de s'assurer de sa pr\u00e9sence et de le reconduire \u00e0 la fronti\u00e8resur le fondement de l'article L561-2 Il du CESEDA:les saisines du juge des libert\u00e9s et de la d\u00e9tention pour les demandes d'autorisation \u00e0requ\u00e9rir les services de police ou les unit\u00e9s de gendarmerie pour qu'ils visitent ledomicile de l'\u00e9tranger afin de s'assurer de sa pr\u00e9sence et de le conduire aupr\u00e8s desautorit\u00e9s consulaires sur le fondement de l'article L513-5 du CESEDA ;les mandats sp\u00e9ciaux destin\u00e9s aux repr\u00e9sentants charg\u00e9s de d\u00e9fendre le pr\u00e9fet deC\u00f4te d'Or lors de l'examen, par le juge des libert\u00e9s et de la d\u00e9tention, des demandesde prolongation de la r\u00e9tention administrative:\n718\nPr\u00e9fecture de la C\u00f4te-d'Or - 21-2026-02-04-00007 - Arr\u00eat\u00e9 pr\u00e9fectoral n\u00b0  268 du 4 f\u00e9vrier 2026\ndonnant d\u00e9l\u00e9gation de signature \u00e0 Madame Nathalie FERNANDEZ, attach\u00e9e hors classe,\ndirectrice de l'immigration et de la nationalit\u00e9 (DIN)\n62\nles titres internationaux de voyage, les titres de voyage pour r\u00e9fugi\u00e9s et sauf-conduits|pour les \u00e9trangers.> Mesdames Corinne MERCUZOT-TURELLO, secr\u00e9taire administrative, RachidaBOUTCHACHA, secr\u00e9taire administrative, et Marie-Christine BOUILLOT,secr\u00e9taire administrative pour :les convocations DUBLIN ;les r\u00e9c\u00e9piss\u00e9s et les attestations de demandes d'asile ;les bordereaux d'envoi, correspondances courantes et demandes d'avis li\u00e9s a l'asile,aux proc\u00e9dures de r\u00e9admission et \u00e0 la reconduite \u00e0 la fronti\u00e8re des demandeursd'asile;les demandes de r\u00e9admission d'un \u00e9tranger dans un autre Etat;les fiches d'information transmises \u00e0 l'OFPRA ;les lettres d'information du demandeur d'asile ;> Mesdames Laurianne POTEL, contractuelle longue dur\u00e9e, Justine KAROTSCH,contractuelle longue dur\u00e9e, C\u00e9line THOMAS, secr\u00e9taire administrative, Lyna AITEL FASSY, secr\u00e9taire administrative, Guilaine SAIZONOU, secr\u00e9taireadministrative et Elleana SANTANA, secr\u00e9taire administrative pour :les correspondances courantes n'emportant pas de d\u00e9cision, les lettre-types, lesbordereaux d'envoi et t\u00e9l\u00e9copies dans les domaines de l'\u00e9loignement et desr\u00e9admissions.Article 6 : Le secr\u00e9taire g\u00e9n\u00e9ral de la pr\u00e9fecture de la C\u00f4te d'Or, et les agents b\u00e9n\u00e9ficiaires dela d\u00e9l\u00e9gation de signature, sont charg\u00e9s, chacun pour ce qui le concerne, de l'ex\u00e9cution dupr\u00e9sent arr\u00eat\u00e9 qui sera publi\u00e9 au recueil des actes administratifs de la pr\u00e9fecture de la C\u00f4te-\nFait \u00e0 Dijon, le 4/02/26Le pr\u00e9fet,SIGNEPaul MOURIER\n8/8\nPr\u00e9fecture de la C\u00f4te-d'Or - 21-2026-02-04-00007 - Arr\u00eat\u00e9 pr\u00e9fectoral n\u00b0  268 du 4 f\u00e9vrier 2026\ndonnant d\u00e9l\u00e9gation de signature \u00e0 Madame Nathalie FERNANDEZ, attach\u00e9e hors classe,\ndirectrice de l'immigration et de la nationalit\u00e9 (DIN)\n63\nPr\u00e9fecture de la C\u00f4te-d'Or\nP\u00f4le juridique inter-services\n21-2026-02-04-00002\nARRETE PREFECTORAL n\u00b0 260  /SG   du  4 f\u00e9vrier\n2026 portant d\u00e9l\u00e9gation de signature \u00e0 \nMr Etienne LEPAGE, administrateur de l'\u00c9tat, du\n2\u00e8me grade, charg\u00e9 de l'int\u00e9rim de la direction\nr\u00e9gionale des finances publiques de\nBourgogne-Franche-Comt\u00e9 et du d\u00e9partement\nde la C\u00f4te-d'Or, au titre des attributions et\ncomp\u00e9tences d\u00e9partementales.\nPr\u00e9fecture de la C\u00f4te-d'Or - 21-2026-02-04-00002 - ARRETE PREFECTORAL n\u00b0 260  /SG   du  4 f\u00e9vrier 2026 portant d\u00e9l\u00e9gation de\nsignature \u00e0 \nMr Etienne LEPAGE, administrateur de l'\u00c9tat, du 2\u00e8me grade, charg\u00e9 de l'int\u00e9rim de la direction r\u00e9gionale des finances publiques de\nBourgogne-Franche-Comt\u00e9 et du d\u00e9partement de la C\u00f4te-d'Or, au titre des attributions et comp\u00e9tences d\u00e9partementales.\n64\nPREFETDELACOTE-D'ORLibert\u00e9Egalit\u00e9Fraternit\u00e9\nARRETE PREFECTORAL n\u00b0 260 /SG du 4 f\u00e9vrier 2026portant d\u00e9l\u00e9gation de signature \u00e0 Mr Etienne LEPAGE, administrateur de l'\u00c9tat, du 2\u00e8megrade; charg\u00e9 de l'int\u00e9rim de la direction r\u00e9gionale des finances publiques de Bourgogne-Franche-Comt\u00e9 et du d\u00e9partement de la C\u00f4te-d'Or,au titre des attributions et comp\u00e9tences d\u00e9partementales.\nVU le code g\u00e9n\u00e9ral de la propri\u00e9t\u00e9 des personnes publiques;VU le code du domaine de l'\u00c9tat;VU le code de l'environnement;VU l'ordonnance n\u00b0 2006-460 du 21 avril 2006 relative \u00e0 la partie l\u00e9gislative du codeg\u00e9n\u00e9ral de la propri\u00e9t\u00e9 des personnes publiques ;VU le d\u00e9cret n\u00b0 2004-374 du 29 avril 2004 relatif aux pouvoirs des pr\u00e9fets, \u00e0l'organisation et \u00e0 l'action des services de l'\u00c9tat dans les r\u00e9gions et d\u00e9partements ;VU le d\u00e9cret n\u00b0 2009-707 du 16 juin 2009 modifi\u00e9 relatif aux services d\u00e9concentr\u00e9s dela direction g\u00e9n\u00e9rale des finances publiques;VU le d\u00e9cret n\u00b0 2011-1612 du 22 novembre 2011 relatif aux premi\u00e8re, deuxi\u00e8me,troisi\u00e8me et quatri\u00e8me parties r\u00e9glementaires du code g\u00e9n\u00e9ral de la propri\u00e9t\u00e9 despersonnes publiques;VU le d\u00e9cret du 10 octobre 2024, nommant M. Paul MOURIER pr\u00e9fet de la r\u00e9gionBourgogne-Franche-Comt\u00e9, pr\u00e9fet de la C\u00f4te-d'Or;VU le d\u00e9cret du 5 d\u00e9cembre 2022 par lequel Mme H\u00e9l\u00e8ne CROCQUEVIEILLE,administratrice g\u00e9n\u00e9rale des finances publiques, est nomm\u00e9e directrice r\u00e9gionale desfinances publiques de Bourgogne-Franche-Comt\u00e9 et du d\u00e9partement de la C\u00f4ted'Or;VU l'arr\u00eat\u00e9 de la direction g\u00e9n\u00e9rale des finances publiques en date du 21 janvier2026, chargeant Mr Etienne LEPAGE, administrateur de l'\u00c9tat du 2\u00e8me grade, del'int\u00e9rim de la direction r\u00e9gionale des finances publiques de Bourgogne-Franche-Comt\u00e9 et du d\u00e9partement de la C\u00f4te-d'Or, \u00e0 compter du 1\u00b0 f\u00e9vrier 2026 ;VU l'arr\u00eat\u00e9 pr\u00e9fectoral n\u00b01677 du 28 octobre 2024 donnant d\u00e9l\u00e9gation de signature \u00e0-Mme H\u00e9l\u00e8ne CROCQUEVIEILLE, directrice r\u00e9gionale des finances publiques deBourgogne-Franche-Comt\u00e9 et du d\u00e9partement de la C\u00f4te d'Or, au titre desattributions et comp\u00e9tences d\u00e9partementales ;\nPr\u00e9fecture de la C\u00f4te-d'Or - 21-2026-02-04-00002 - ARRETE PREFECTORAL n\u00b0 260  /SG   du  4 f\u00e9vrier 2026 portant d\u00e9l\u00e9gation de\nsignature \u00e0 \nMr Etienne LEPAGE, administrateur de l'\u00c9tat, du 2\u00e8me grade, charg\u00e9 de l'int\u00e9rim de la direction r\u00e9gionale des finances publiques de\nBourgogne-Franche-Comt\u00e9 et du d\u00e9partement de la C\u00f4te-d'Or, au titre des attributions et comp\u00e9tences d\u00e9partementales.\n65\nARRETEArticle ter: L'arr\u00eat\u00e9 pr\u00e9fectoral n\u00b01677 du 28 octobre 2024 donnant d\u00e9l\u00e9gation designature \u00e0 Mme H\u00e9l\u00e8ne CROCQUEVIEILLE, directrice r\u00e9gionale des financespubliques de Bourgogne-Franche-Comt\u00e9 et du d\u00e9partement de la C\u00f4te d'Or, au titredes attributions et comp\u00e9tences d\u00e9partementales, et toutes dispositions ant\u00e9rieurescontraires au pr\u00e9sent arr\u00eat\u00e9 sont abrog\u00e9s.Article 2 : D\u00e9l\u00e9gation de signature est donn\u00e9e \u00e0 Mr Etienne LEPAGE, Administrateur del'\u00c9tat du 2\u00e8me grade, en charge de l'int\u00e9rim de la direction r\u00e9gionale des financespubliques de Bourgogne-Franche-Comt\u00e9 et du d\u00e9partement de la C\u00f4te-d'Or \u00e0 l'effet designer, dans la limite de ses attributions et comp\u00e9tences, les d\u00e9cisions, contrats,conclusions, m\u00e9moires et, d'une fa\u00e7on plus g\u00e9n\u00e9rale, tous les actes, y compris les actesde proc\u00e9dure, se rapportant aux questions, affaires ou mati\u00e8res suivantes : |Num\u00e9r Nature des attributions R\u00e9f\u00e9rencesO1 Toutes op\u00e9rations se rapportant \u00e0 lal|Art. L. 3212-2, R. 1111-2, R. 2122-4, R.passation et \u00e0 la signature au nom de| 2123-2, R. 2123-8, R. 2222-1, R. 2222-l'\u00c9tat des actes de gestion, d'utilisation|6, R. 2222-9, R. 2222-15, R. 2222-24,et de cession des biens domaniaux. R. 3211-1 aR. 3211-8, R. 3211-25, R.3211-26, R. 3211-39, R. 3211-41, R.3211-44 R. 3212-1 du code g\u00e9n\u00e9ral dela propri\u00e9t\u00e9 des personnespubliques, art. A. 116 du code dudomaine de l'\u00c9tat, art. R. 322-8-1 ducode de l'environnement.2 Passation au nom de l'\u00c9tat des actes|Art. R. 1212-1 et R. 4111-8 du coded'acquisition, de prise en location|g\u00e9n\u00e9ral de la propri\u00e9t\u00e9 desd'immeubles et de droits immobiliers ou | personnes publiques.de fonds de commerce int\u00e9ressant lesservices publics civils ou militaires del'\u00c9tat.3 Autorisation d'incorporation au domaine | Art. R. 2111-1 du code g\u00e9n\u00e9ral de lapublic des biens du domaine priv\u00e9 de| propri\u00e9t\u00e9 des personnes publiques.l'\u00c9tat.4 Toutes op\u00e9rations se rapportant \u00e0 la|Art. R. 2313-3 et R. 4121-2 du codepassation et \u00e0 la signature des|g\u00e9n\u00e9ral de la propri\u00e9t\u00e9 desconventions d'utilisation avec le service | personnes publiques.ou l'\u00e9tablissement utilisateur.\n5 Attribution des concessions de |Art.R. 2124-64 aR. 2124-76, R. 2222-logements et passation des conventionsd'occupation pr\u00e9caire avec astreinte.18, R. 2222-19, R. 4121-3 et 4121-3-1du code g\u00e9n\u00e9ral de la propri\u00e9t\u00e9 despersonnes publiques.\nPr\u00e9fecture de la C\u00f4te-d'Or - 21-2026-02-04-00002 - ARRETE PREFECTORAL n\u00b0 260  /SG   du  4 f\u00e9vrier 2026 portant d\u00e9l\u00e9gation de\nsignature \u00e0 \nMr Etienne LEPAGE, administrateur de l'\u00c9tat, du 2\u00e8me grade, charg\u00e9 de l'int\u00e9rim de la direction r\u00e9gionale des finances publiques de\nBourgogne-Franche-Comt\u00e9 et du d\u00e9partement de la C\u00f4te-d'Or, au titre des attributions et comp\u00e9tences d\u00e9partementales.\n66\n=\nInstances domaniales de toute natureautres que celles qui se rapportent \u00e0l'assiette et au recouvrement des droits,redevances et produits domaniaux.\nArt. R. 2331-1-1\u00b0 et 2\u00b0, R. 2331-2,R.2331-3, R. 2331-4, R. 2331-5, R. 2331-6, R. 3231-1, R. 3231-2 et R. 4111-11 ducode g\u00e9n\u00e9ral de la propri\u00e9t\u00e9 despersonnes publiques.Op\u00e9rations relatives aux biensd\u00e9pendant de patrimoines priv\u00e9s dontl'administration ou la liquidation ont \u00e9t\u00e9confi\u00e9es \u00e0 l'administration charg\u00e9e desdomaines.\nArt. 809 \u00e0 811-3 du code civil.Loi valid\u00e9e du 5 octobre 1940.Loi valid\u00e9e du 20 novembre 1940.Ordonnance du 5 octobre 1944.Dans les d\u00e9partements en \u00abservicefoncier \u00bb : tous actes de proc\u00e9dures ettoutes formalit\u00e9s relatifs auxacquisitions d'immeubles, de droitsimmobiliers ou de fonds de commercepoursuivies, soit \u00e0 l'amiable, soit parvoie d'expropriation, \u00e0 l'exclusion deceux vis\u00e9s aux articles R. 1212-12 et R.1212-13 du code g\u00e9n\u00e9ral de la propri\u00e9t\u00e9des personnes publiques et aux articles4 et 5 du d\u00e9cret n\u00b0 67-568 du 12 juillet1967 relatif = a la r\u00e9alisationd'acquisitions fonci\u00e9res pour le comptedes collectivit\u00e9s publiques danscertains d\u00e9partements.Dans les cas d'op\u00e9rations poursuiviespour le compte des d\u00e9partements, decommunes ou d'\u00e9tablissements publicsd\u00e9pendant de ces collectivit\u00e9s,signature de la convention conclue avecces collectivit\u00e9s ou \u00e9tablissements envue de l'accomplissement de cesop\u00e9rations par les services de ladirection g\u00e9n\u00e9rale des financespubliques.\nArt. R. 1212-9 \u00e0 R. 1212-11, R. 1212-14et R. 1212-23,du code g\u00e9n\u00e9ral de lapropri\u00e9t\u00e9 des personnes publiques.Art. 4 du d\u00e9cret n\u00b02011-1612 du 22novembre 2011 relatif aux premi\u00e8re,deuxi\u00e8me, troisi\u00e8me et quatri\u00e8meparties r\u00e9glementaires du codeg\u00e9n\u00e9ral de la propri\u00e9t\u00e9 despersonnes publiques.D\u00e9cret n\u00b0 67-568 du 12juillet 1967.Art. 59 du d\u00e9cret n\u00b0 2004-374 du 29avril 2004.\nArticle 3: Mr Etienne LEPAGE, Administrateur de l'\u00c9tat du 2\u00e8me grade, en charge del'int\u00e9rim de la direction r\u00e9gionale des finances publiques de Bourgogne-Franche-Comt\u00e9et du d\u00e9partement de la C\u00f4te-d'Or, peut donner sa d\u00e9l\u00e9gation aux agents plac\u00e9s sousson autorit\u00e9, pour signer les actes relatifs aux affaires pour lesquelles il a lui-m\u00eame, re\u00e7ud\u00e9l\u00e9gation. Cette d\u00e9l\u00e9gation de signature sera prise au nom du pr\u00e9fet de la r\u00e9gionBourgogne-Franche Comt\u00e9, pr\u00e9fet de la C\u00f4te-d'Or (hors classe), par arr\u00eat\u00e9 de d\u00e9l\u00e9gationqui devra lui \u00eatre transmis aux fins de publication au recueil des actes administratifs dela pr\u00e9fecture.\nPr\u00e9fecture de la C\u00f4te-d'Or - 21-2026-02-04-00002 - ARRETE PREFECTORAL n\u00b0 260  /SG   du  4 f\u00e9vrier 2026 portant d\u00e9l\u00e9gation de\nsignature \u00e0 \nMr Etienne LEPAGE, administrateur de l'\u00c9tat, du 2\u00e8me grade, charg\u00e9 de l'int\u00e9rim de la direction r\u00e9gionale des finances publiques de\nBourgogne-Franche-Comt\u00e9 et du d\u00e9partement de la C\u00f4te-d'Or, au titre des attributions et comp\u00e9tences d\u00e9partementales.\n67\n-4-\nArticle 4: Le secr\u00e9taire g\u00e9n\u00e9ral de la pr\u00e9fecture et l'administrateur de l'\u00c9tat du 2\u00e8megrade, en charge de l'int\u00e9rim de la direction r\u00e9gionale des finances publiques deBourgogne-Franche-Comt\u00e9 et du d\u00e9partement de la C\u00f4te-d'Or, sont charg\u00e9s, chacun ence qui le concerne, de l'ex\u00e9cution du pr\u00e9sent arr\u00eat\u00e9, qui sera publi\u00e9 au recueil des actesadministratifs de la pr\u00e9fecture de la C\u00f4te-d'Or.\nFait \u00e0 Dijon, le 4/02/26\nLe pr\u00e9fet,SIGNEPaul MOURIER\nPr\u00e9fecture de la C\u00f4te-d'Or - 21-2026-02-04-00002 - ARRETE PREFECTORAL n\u00b0 260  /SG   du  4 f\u00e9vrier 2026 portant d\u00e9l\u00e9gation de\nsignature \u00e0 \nMr Etienne LEPAGE, administrateur de l'\u00c9tat, du 2\u00e8me grade, charg\u00e9 de l'int\u00e9rim de la direction r\u00e9gionale des finances publiques de\nBourgogne-Franche-Comt\u00e9 et du d\u00e9partement de la C\u00f4te-d'Or, au titre des attributions et comp\u00e9tences d\u00e9partementales.\n68\nSous-pr\u00e9fecture de Beaune\n21-2026-01-23-00005\nArr\u00eat\u00e9 N\u00b0 180 portant renouvellement de\nl'habilitation dans le domaine fun\u00e9raire \n de la soci\u00e9t\u00e9 Pompes Fun\u00e8bres G\u00e9n\u00e9rales \u00e0\nNuits-Saint-Georges\nSous-pr\u00e9fecture de Beaune - 21-2026-01-23-00005 - Arr\u00eat\u00e9 N\u00b0 180 portant renouvellement de l'habilitation dans le domaine fun\u00e9raire \n de la soci\u00e9t\u00e9 Pompes Fun\u00e8bres G\u00e9n\u00e9rales \u00e0 Nuits-Saint-Georges 69\newPREFET SOUS-PREFECTURE DE BEAUNEDE LACOTE-D'ORLibert\u00e9_ \u00c9galit\u00e9Fraternit\u00e9\nP\u00f4le s\u00e9curit\u00e9 et r\u00e9glementationAffaire suivie par C\u00e9cile RAVRYT\u00e9l :03 45 43 80 11m\u00e9l : cecile.ravry@cote-dor.gouv.fr\nArr\u00eat\u00e9 N\u00b0 180portant renouvellement de I'habilitation dans le domaine fun\u00e9rairede la soci\u00e9t\u00e9 Pompes Fun\u00e8bres G\u00e9n\u00e9rales \u00e0 Nuits-Saint-Georges\nVU le Code G\u00e9n\u00e9ral des Collectivit\u00e9s Territoriales et notamment les dispositions des articlesL 2223-19 \u00e0 L 2223-30, R 2223-40 \u00e0 R 2223-65 et D 2223-34 \u00e0 D 2223-39 relatifs \u00e0 I'habilitation fun\u00e9raire ;VU le d\u00e9cret n\u00b02020-917 du 28 juillet 2020 relatif \u00e0 la dur\u00e9e de I'habilitation dans le secteur fun\u00e9raire et \u00e0la housse mortuaire ;VU l'arr\u00eat\u00e9 pr\u00e9fectoral n\u00b0 815/SG du 13 juin 2025 donnant d\u00e9l\u00e9gation \u00a2de signature \u00e0 Monsieur Beno\u00eetBYRSKI, sous-pr\u00e9fet de Beaune; |VU l'arr\u00eat\u00e9 pr\u00e9fectoral n\u00b0 1236 du 18 d\u00e9cembre 2020 portant renouvellementde I'habilitation dans ledomaine fun\u00e9raire de la soci\u00e9t\u00e9 Pompes Fun\u00e8bres G\u00e9n\u00e9rales sise 20 grande rue \u00e0 Nuits-Saint-Georges ;VU la demande et les documents pr\u00e9sent\u00e9s par M. Mathieu MONGIN, responsable de l'\u00e9tablissement envue de demander le renouvellement de l'habilitation dans le domaine fun\u00e9raire de la soci\u00e9t\u00e9 PompesFun\u00e8bres G\u00e9n\u00e9rales ;CONSIDERANT que cet \u00e9tablissement remplit les conditions pour obtenir le renouvellement de sonhabilitation dans le domaine fun\u00e9raire ;\nARRETE\nArticle 1er: La soci\u00e9t\u00e9 Pompes Fun\u00e8bres G\u00e9n\u00e9rales sise 20 grande rue \u00e0 Nuits-Saint-Georges g\u00e9r\u00e9e parM. Mathieu MONGIN, est habilit\u00e9e pour exercer les activit\u00e9s suivantes:- organisation des obs\u00e8ques,- fourniture des cercueils aux familles (et de leurs accessoires int\u00e9rieurs et ext\u00e9rieurs), des housseset des urnes cin\u00e9raires,- fourniture de corbillards et de voitures de deuil,- transport de corps avant et apr\u00e8s mise en bi\u00e8re,\nSous-pr\u00e9fecture de Beaune - 10 rue Edouard Fraisse - 21200 BEAUNE\nSous-pr\u00e9fecture de Beaune - 21-2026-01-23-00005 - Arr\u00eat\u00e9 N\u00b0 180 portant renouvellement de l'habilitation dans le domaine fun\u00e9raire \n de la soci\u00e9t\u00e9 Pompes Fun\u00e8bres G\u00e9n\u00e9rales \u00e0 Nuits-Saint-Georges 70\n- fourniture des personnels et des objets et prestations n\u00e9cessaires aux obs\u00e8ques, inhumations,exhumations et cremations- soins de conservation (en sous-traitance)- gestion et utilisation de la chambre fun\u00e9raire sise 20 rue Caumont Br\u00e9on a Nuits-Saint-GeorgesArticle 2 : Le num\u00e9ro de l'habilitation est 26-21-0059.Article 3 : La pr\u00e9sente habilitation est accord\u00e9e pour une dur\u00e9e de 5 ans soit jusqu'au 23 janvier 2031.Article 4 : Pour b\u00e9n\u00e9ficier de la pr\u00e9sente habilitation jusqu'\u00e0 son terme, M. Mathieu MONGIN doit d\u00e9clarertout changement dans les informations contenues dans la demande d'habilitation dans un d\u00e9lai de deuxmois, notamment en ce qui concerne les attestations de conformit\u00e9 des v\u00e9hicules fun\u00e9raires ;Article 5: La pr\u00e9sente habilitation peut \u00eatre suspendue pour une dur\u00e9e maximum d'un an ou retir\u00e9e,apr\u00e8s mise en demeure, par le repr\u00e9sentant de l'Etat dans le d\u00e9partement o\u00f9 les faits auront \u00e9t\u00e9constat\u00e9s, pour les motifs suivants :- non-respect des dispositions du pr\u00e9sent code auxquelles sont soumises les r\u00e9gies, entreprises ouassociations habilit\u00e9es conform\u00e9ment \u00e0 l'article L 2223-23 du code g\u00e9n\u00e9ral des collectivit\u00e9sterritoriales- non-exercice ou cessation d'exercice des activit\u00e9s au titre desquelles elle a \u00e9t\u00e9 d\u00e9livr\u00e9es,- atteinte \u00e0 l'ordre public ou danger pour la salubrit\u00e9 publique.Article 6 : Dans un d\u00e9lai de deux mois \u00e0 compter de sa notification ou de la publication au recueil desactes administratifs de la pr\u00e9fecture, la pr\u00e9sente d\u00e9cision peut faire l'objet d'un recours conform\u00e9ment auxdispositions de l'article R 421-1 et suivants du code de justice administrative:- Un recours gracieux adress\u00e9 \u00e0 M. le Pr\u00e9fet du d\u00e9partement de la C\u00f4te d'Or (53 rue de la Pr\u00e9fecture\u2014 21041 DIJON CEDEX),- un recours hi\u00e9rarchique adress\u00e9 au ministre comp\u00e9tent dans le domaine consid\u00e9r\u00e9,- un recours contentieux en saisissant le tribunal administratif de Dijon (22 rue d'Assas \u2014 21000DIJON).Article 7 : Le sous-pr\u00e9fet de Beaune est charg\u00e9 de l'ex\u00e9cution du pr\u00e9sent arr\u00eat\u00e9 qui sera publi\u00e9 au recueildes actes administratifs de la Pr\u00e9fecture de la C\u00f4te d'Or dont copie sera remise \u00e0 :- M. Mathieu MONGIN, g\u00e9rant de la soci\u00e9t\u00e9 Pompes Fun\u00e8bres G\u00e9n\u00e9rales de Nuits-Saint-Georges,- M. le maire de Nuits-Saint-Georges,- Mme le chef d'escadron, commandant la compagnie de gendarmerie de Beaune,- Mme la directrice g\u00e9n\u00e9rale de l'Agence R\u00e9gionale de Sant\u00e9 de Bourgogne-Franche-Comt\u00e9\nFait \u00e0 Beaune, le 23 janvier 2026Le sous-pr\u00e9fet de Beaune,\nsign\u00e9\nBeno\u00eet BYRSKI\nSous-pr\u00e9fecture de Beaune - 10 rue Edouard Fraisse - 21200 BEAUNE\nSous-pr\u00e9fecture de Beaune - 21-2026-01-23-00005 - Arr\u00eat\u00e9 N\u00b0 180 portant renouvellement de l'habilitation dans le domaine fun\u00e9raire \n de la soci\u00e9t\u00e9 Pompes Fun\u00e8bres G\u00e9n\u00e9rales \u00e0 Nuits-Saint-Georges 71\nSous-pr\u00e9fecture de Beaune\n21-2026-01-22-00007\nArr\u00eat\u00e9 N\u00b0161 portant renouvellement de\nl'habilitation dans le domaine fun\u00e9raire \n de la soci\u00e9t\u00e9 Pompes Fun\u00e8bres MAGNO \u00e0\nBrazey-en-Plaine\nSous-pr\u00e9fecture de Beaune - 21-2026-01-22-00007 - Arr\u00eat\u00e9 N\u00b0161 portant renouvellement de l'habilitation dans le domaine fun\u00e9raire \n de la soci\u00e9t\u00e9 Pompes Fun\u00e8bres MAGNO \u00e0 Brazey-en-Plaine 72\nE . |PR\u00c9FET SOUS-PREFECTURE DE BEAUNEDE LACOTE-D'ORLibert\u00e9\u00c9galit\u00e9Fraternit\u00e9\nP\u00f4le s\u00e9curit\u00e9 et r\u00e9glementationAffaire suivie par C\u00e9cile RAVRYT\u00e9l :03 45 43 80 11m\u00e9l : cecile.ravry@cote-dor.gouv.fr\nArr\u00eat\u00e9 N\u00b0161portant renouvellement de l'habilitation dans le domaine fun\u00e9rairede la soci\u00e9t\u00e9 Pompes Fun\u00e8bres MAGNO \u00e0 Brazey-en-Plaine\nVU le Code G\u00e9n\u00e9ral des Collectivit\u00e9s Territoriales et notamment les dispositions des articlesL 2223-19 \u00e0 L 2223-30, R 2223-40 \u00e0 R 2223-65 et D 2223-34 \u00e0 D 2223-39 relatifs \u00e0 l'habilitation fun\u00e9raire ;VU le d\u00e9cret n\u00b02020-917 du 28 juillet 2020 relatif \u00e0 la dur\u00e9e de l'habilitation dans le secteur fun\u00e9raire et \u00e0la housse mortuaire ;VU l'arr\u00eat\u00e9 pr\u00e9fectoral n\u00b0 815/SG du 13 juin 2025 donnant d\u00e9l\u00e9gation de signature \u00e0 Monsieur BenoitBYRSKI, sous-pr\u00e9fet de Beaune ;VU l'arr\u00eat\u00e9 pr\u00e9fectoral n\u00b01248 du 21 d\u00e9cembre 2020 portant renouvellement de l'habilitation dans ledomaine fun\u00e9raire de la soci\u00e9t\u00e9 Pompes Fun\u00e8bres MAGNO sise 5, place de l'h\u00f4tel de ville \u00e0 Brazey-en-Plaine ;VU l'arr\u00eat\u00e9 pr\u00e9fectoral n\u00b0 11022 du 11 octobre 2021 modifiant l'habilitation (nouvelle adresse : 38, route deDijon \u00e0 Brazey-en-Paine) ;VU la demande et les documents pr\u00e9sent\u00e9s par M. J\u00e9r\u00e9mie MAGNO, g\u00e9rant de l'\u00e9tablissement en vue dedemander le renouvellement de l'habilitation dans le domaine fun\u00e9raire de la soci\u00e9t\u00e9 Pompes Fun\u00e8bresMAGNO ;CONSIDERANT que cet \u00e9tablissement remplit les conditions pour obtenir le renouvellement de sonhabilitation dans le domaine fun\u00e9raire ;\nARRETE\nArticle 1er : La soci\u00e9t\u00e9 Pompes Fun\u00e8bres MAGNO sise 38, route de Dijon \u00e0 Brazey-en-Plaine, g\u00e9r\u00e9e parM. J\u00e9r\u00e9mie MAGNO, est habilit\u00e9e pour exercer les activit\u00e9s suivantes :\nSous-pr\u00e9fecture de Beaune - 10 rue Edouard Fraisse - 21200 BEAUNE\nSous-pr\u00e9fecture de Beaune - 21-2026-01-22-00007 - Arr\u00eat\u00e9 N\u00b0161 portant renouvellement de l'habilitation dans le domaine fun\u00e9raire \n de la soci\u00e9t\u00e9 Pompes Fun\u00e8bres MAGNO \u00e0 Brazey-en-Plaine 73\n- organisation des obs\u00e8ques,- fourniture des cercueils aux familles (et de leurs accessoires int\u00e9rieurs et ext\u00e9rieurs), des housseset des urnes cin\u00e9raires,- fourniture de corbillards et de voitures de deuil,- transport de corps avant et apr\u00e8s mise en bi\u00e8re,- fourniture des personnels et des objets et prestations n\u00e9cessaires aux obs\u00e8ques, inhumations,exhumations et cr\u00e9mations,- Soins de conservation (en sous-traitance),- gestion et utilisation de la chambre fun\u00e9raire sise 38, route de Dijon \u00e0 Brazey-en-Plaine.Article 2 : Le num\u00e9ro de l'habilitation est 26-21-0062.Article 3 : La pr\u00e9sente habilitation est accord\u00e9e pour une dur\u00e9e de'5 ans soit jusqu'au 22 janvier 2031.Article 4 : Pour b\u00e9n\u00e9ficier de la pr\u00e9sente habilitation jusqu'\u00e0 son terme, M. J\u00e9r\u00e9mie MAGNO doit d\u00e9clarertout changement dans les informations contenues dans la demande d'habilitation dans un d\u00e9lai de deuxmois, notamment en ce qui concerne les attestations de conformit\u00e9 des v\u00e9hicules fun\u00e9raires ;Article 5 : La pr\u00e9sente habilitation peut \u00eatre suspendue pour une dur\u00e9e maximum d'un an ou retir\u00e9e,apr\u00e8s mise en demeure, par le repr\u00e9sentant de l'Etat dans le d\u00e9partement o\u00f9 les faits auront \u00e9t\u00e9constat\u00e9s, pour les motifs suivants :- non-respect des dispositions du pr\u00e9sent code auxquelles sont soumises les r\u00e9gies, entreprises ouassociations habilit\u00e9es conform\u00e9ment \u00e0 l'article L 2223-23 du code g\u00e9n\u00e9ral des collectivit\u00e9sterritoriales- non-exercice ou cessation d'exercice des activit\u00e9s au titre desquelles elle a \u00e9t\u00e9 d\u00e9livr\u00e9es,- atteinte \u00e0 l'ordre public ou danger pour la salubrit\u00e9 publique.Article 6 : Dans un d\u00e9lai de deux mois \u00e0 compter de sa notification ou de la publication au recueil desactes administratifs de la pr\u00e9fecture, la pr\u00e9sente d\u00e9cision peut faire l'objet d'un recours conform\u00e9ment auxdispositions de l'article R 421-1 et suivants du code de justice administrative:- un recours gracieux adress\u00e9 a M. le Pr\u00e9fet du d\u00e9partement de la C\u00f4te d'Or (53 rue de la Pr\u00e9fecture\u2014 21041 DIJON CEDEX),- un recours hi\u00e9rarchique adress\u00e9 au ministre comp\u00e9tent dans le domaine consid\u00e9r\u00e9,- un recours contentieux en saisissant le tribunal administratif de Dijon (22 rue d'Assas \u2014 21000DIJON).Article 7 : Le sous-pr\u00e9fet de Beaune est charg\u00e9e de l'ex\u00e9cution du pr\u00e9sent arr\u00eat\u00e9 qui sera publi\u00e9 aurecueil des actes administratifs de la Pr\u00e9fecture de la C\u00f4te d'Or dont copie sera remise \u00e0 :- M. J\u00e9r\u00e9mie MAGNO, g\u00e9rant de la soci\u00e9t\u00e9 Pompes Fun\u00e8bres MAGNO de Brazey-en-Plaine,- M. le maire de Brazey-en-Plaine- Mme le chef d'escadron, commandant la compagnie de gendarmerie de Beaune,- Mme la directrice g\u00e9n\u00e9rale de l'Agence R\u00e9gionale de Sant\u00e9 de Bourgogne-Franche-Comt\u00e9\nFait \u00e0 Beaune, le 22 janvier 2026Le sous-pr\u00e9fet de Beaune,\nsign\u00e9Beno\u00eet BYRSKI\nSous-pr\u00e9fecture de Beaune - 10 rue Edouard Fraisse - 21200 BEAUNE\nSous-pr\u00e9fecture de Beaune - 21-2026-01-22-00007 - Arr\u00eat\u00e9 N\u00b0161 portant renouvellement de l'habilitation dans le domaine fun\u00e9raire \n de la soci\u00e9t\u00e9 Pompes Fun\u00e8bres MAGNO \u00e0 Brazey-en-Plaine 74\nSous-pr\u00e9fecture de Beaune\n21-2026-01-23-00004\nArr\u00eat\u00e9 N\u00b0179 portant renouvellement de\nl'habilitation dans le domaine fun\u00e9raire \n de la soci\u00e9t\u00e9 Pompes Fun\u00e8bres G\u00e9n\u00e9rales \u00e0\nBeaune\nSous-pr\u00e9fecture de Beaune - 21-2026-01-23-00004 - Arr\u00eat\u00e9 N\u00b0179 portant renouvellement de l'habilitation dans le domaine fun\u00e9raire \n de la soci\u00e9t\u00e9 Pompes Fun\u00e8bres G\u00e9n\u00e9rales \u00e0 Beaune 75\n| |PREFETDELACOTE-D'ORLibert\u00e9Egalit\u00e9Fraternit\u00e9\nSOUS-PREFECTURE DE BEAUNE\nP\u00f4le s\u00e9curit\u00e9 et r\u00e9glementationAffaire suivie par C\u00e9cile RAVRYT\u00e9l :03 45 43 80 11m\u00e9l : cecile.ravry@cote-dor.gouv.fr\nArr\u00e9t\u00e9 N\u00b0179portant renouvellement de I'habilitation dans le domaine fun\u00e9rairede la soci\u00e9t\u00e9 Pompes Fun\u00e8bres G\u00e9n\u00e9rales \u00e0 Beaune\nVU le Code G\u00e9n\u00e9ral des Collectivit\u00e9s Territoriales et notamment les dispositions des articlesL 2223-19 \u00e0 L 2223-30, R 2223-40 \u00e0 R 2223-65 et D 2223-34 \u00e0 D 2223-39 relatifs \u00e0 l'habilitation fun\u00e9raire ;VU le d\u00e9cret n\u00b02020-917 du 28 juillet 2020 relatif \u00e0 la dur\u00e9e de I'habilitation dans le secteur fun\u00e9raire et \u00e0la housse mortuaire ;VU l'arr\u00eat\u00e9 pr\u00e9fectoral n\u00b0 815/SG du 13 juin 2025 donnant d\u00e9l\u00e9gation de signature \u00e0 Monsieur BenoitBYRSKI, sous-pr\u00e9fet de Beaune ;VU l'arr\u00eat\u00e9 pr\u00e9fectoral n\u00b0 1235 du 18 d\u00e9cembre 2020 portant renouvellement de l'habilitation dans ledomaine fun\u00e9raire de la soci\u00e9t\u00e9 Pompes Fun\u00e8bres G\u00e9n\u00e9rales sise 13 avenue des stades \u00e0 Beaune ;VU la demande et les documents pr\u00e9sent\u00e9s par M. Mathieu MONGIN, responsable de l'\u00e9tablissement envue de demander le renouvellement de l'habilitation dans le domaine fun\u00e9raire de la soci\u00e9t\u00e9 PompesFun\u00e8bres G\u00e9n\u00e9rales ;CONSIDERANT que cet \u00e9tablissement remplit les conditions pour obtenir le renouvellement de sonhabilitation dans le domaine fun\u00e9raire ;\nARRETE\nArticle 1er : La soci\u00e9t\u00e9 Pompes Fun\u00e8bres G\u00e9n\u00e9rales sise 13 avenue des stades \u00e0 Beaune, g\u00e9r\u00e9e par M.Mathieu MONGIN, est habilit\u00e9e pour exercer les activit\u00e9s suivantes :. - organisation des obs\u00e8ques,- fourniture des cercueils aux familles (et de leurs accessoires int\u00e9rieurs et ext\u00e9rieurs), des housseset des urnes cin\u00e9raires,- fourniture de corbillards ,- transport de corps avant et apr\u00e8s mise en bi\u00e8re,\nSous-pr\u00e9fecture de Beaune - 10 rue Edouard Fraisse - 21200 BEAUNE\nSous-pr\u00e9fecture de Beaune - 21-2026-01-23-00004 - Arr\u00eat\u00e9 N\u00b0179 portant renouvellement de l'habilitation dans le domaine fun\u00e9raire \n de la soci\u00e9t\u00e9 Pompes Fun\u00e8bres G\u00e9n\u00e9rales \u00e0 Beaune 76\n- fourniture des personnels et des objets et prestations n\u00e9cessaires aux obs\u00e8ques, inhumations,exhumations et cr\u00e9mations- soins de conservation (en sous-traitance) |- gestion et utilisation de la chambre fun\u00e9raire sise 71 rue des blanches fleurs \u00e0 BeauneArticle 2 : Le num\u00e9ro de l'habilitation est 26-21-0058.Article 3 : La pr\u00e9sente habilitation est accord\u00e9e pour une dur\u00e9e de 5 ans soit jusqu'au 23 janvier 2031.Article 4 : Pour b\u00e9n\u00e9ficier de la pr\u00e9sente habilitation jusqu'\u00e0 son terme, M. Mathieu MONGIN doit d\u00e9clarertout changement dans les informations contenues dans la demande d'habilitation dans un d\u00e9lai de deuxmois, notamment en ce qui concerne les attestations de conformit\u00e9 des v\u00e9hicules fun\u00e9raires.Article 5 : La pr\u00e9sente habilitation peut \u00eatre suspendue pour une dur\u00e9e maximum d'un an ou retir\u00e9e,apr\u00e8s mise en demeure, par le repr\u00e9sentant de l'Etat dans le d\u00e9partement o\u00f9 les faits auront \u00e9t\u00e9constat\u00e9s, pour les motifs suivants :- non-respect des dispositions du pr\u00e9sent code auxquelles sont soumises les r\u00e9gies, entreprises ouassociations habilit\u00e9es conform\u00e9ment \u00e0 l'article L 2223-23 du code g\u00e9n\u00e9ral des collectivit\u00e9sterritoriales- non-exercice ou cessation d'exercice des activit\u00e9s au titre desquelles elle a \u00e9t\u00e9 d\u00e9livr\u00e9es,- atteinte \u00e0 l'ordre public ou danger pour la salubrit\u00e9 publique.Article 6 : Dans un d\u00e9lai de deux mois \u00e0 compter de sa notification ou de la publication au recueil desactes administratifs de la pr\u00e9fecture, la pr\u00e9sente d\u00e9cision peut faire l'objet d'un recours conform\u00e9ment auxdispositions de l'article R 421-1 et suivants du code de justice administrative:- un recours gracieux adress\u00e9 \u00e0 M. le pr\u00e9fet du d\u00e9partement de la C\u00f4te d'Or (53 rue de la Pr\u00e9fecture\u2014 21041 DIJON CEDEX),- Un recours hi\u00e9rarchique adress\u00e9 au ministre comp\u00e9tent dans le domaine consid\u00e9r\u00e9,- un recours contentieux en saisissant le tribunal administratif de Dijon (22 rue d'Assas \u2014 21000DIJON).Article 7 : Le sous-pr\u00e9fet de Beaune est charg\u00e9 de l'ex\u00e9cution du pr\u00e9sent arr\u00eat\u00e9 qui sera publi\u00e9 au recueildes actes administratifs de la Pr\u00e9fecture de la C\u00f4te d'Or dont copie sera remise a:- M.Mathieu MONGIN, g\u00e9rant de la soci\u00e9t\u00e9 Pompes Fun\u00e8bres G\u00e9n\u00e9rales de Beaune,- M. le maire de Beaune,- Mme le chef d'escadron, commandant la compagnie de gendarmerie de Beaune,- Mme la directrice g\u00e9n\u00e9rale de l'Agence R\u00e9gionale de Sant\u00e9 de Bourgogne-Franche-Comt\u00e9\nFait \u00e0 Beaune, le 23 janvier 2026Le sous-pr\u00e9fet de Beaune,\nsign\u00e9\nBeno\u00eet BYRSKI\nSous-pr\u00e9fecture de Beaune - 10 rue Edouard Fraisse - 21200 BEAUNE\nSous-pr\u00e9fecture de Beaune - 21-2026-01-23-00004 - Arr\u00eat\u00e9 N\u00b0179 portant renouvellement de l'habilitation dans le domaine fun\u00e9raire \n de la soci\u00e9t\u00e9 Pompes Fun\u00e8bres G\u00e9n\u00e9rales \u00e0 Beaune 77\nSous-pr\u00e9fecture de Montbard\nP\u00f4le collectivit\u00e9s locales et d\u00e9veloppement\nterritorial\n21-2026-02-02-00001\nAP renouvellement de l'habilitation fun\u00e9raire de\nl'enseigne SAS Marbrerie BRENOT\nSous-pr\u00e9fecture de Montbard - 21-2026-02-02-00001 - AP renouvellement de l'habilitation fun\u00e9raire de l'enseigne SAS Marbrerie\nBRENOT 78\nPREFETDELACOTE-D'ORLibert\u00e9Egalit\u00e9Fraternit\u00e9\nSOUS-PR\u00c9FECTURE DE MONTBARD \nSecr\u00e9tariat G\u00e9n\u00e9ral\nBureau de la r\u00e9glementation g\u00e9n\u00e9rale\nArr\u00eat\u00e9 pr\u00e9fectoral n\u00b0 220 du 02 f\u00e9vrier 2026 portant renouvellement\nde l'habilitation fun\u00e9raire de l'enseigne SAS Marbrerie BRENOT\nLe sous-Pr\u00e9fet de Montbard,\nVU  le  Code  G\u00e9n\u00e9ral  des  Collectivit\u00e9s  Territoriales  et  notamment  les  dispositions  des\narticles L 2223-19 \u00e0 L 2223-30,  R 2223-40 \u00e0 R  2223-65 et D 2223-34 \u00e0 D 2223-39 relatifs \u00e0\nl'habilitation fun\u00e9raire ;\nVU le Code de la Construction et de l'Habitation, notamment son article L. 112-2 ;\nVU le Code du Travail et notamment sa quatri\u00e8me partie ;\nVU la loi n\u00b0 2008-1350 du 19 d\u00e9cembre 2008 relative \u00e0 la l\u00e9gislation fun\u00e9raire ;\nVU l'avis du Conseil national des op\u00e9rations fun\u00e9raires en date du 10 juin 2022 ;\nVU le d\u00e9cret n\u00b0 98.447 du 2 juin 1998 modifiant le d\u00e9cret n\u00b0 95.653 du 9 mai 1995 relatif\nau r\u00e8glement national des pompes fun\u00e8bres ;\nVU le  d\u00e9cret  n\u00b0  2021-145  du  10  f\u00e9vrier  2021  relatif  \u00e0  la  d\u00e9concentration  et  \u00e0  la\nsimplification des proc\u00e9dures dans le domaine des services fun\u00e9raires ;\nVU  l'arr\u00eat\u00e9 n\u00b0  446/SG du 17 mars 2025  de Monsieur le Pr\u00e9fet de la R\u00e9gion Bourgogne-\nFranche-Comt\u00e9,  Pr\u00e9fet  de  la  C\u00f4te  d'Or,  donnant  d\u00e9l\u00e9gation  de  signature  \u00e0  Monsieur\nS\u00e9bastien LANOYE, Sous-Pr\u00e9fet de Montbard ;\nVU l'arr\u00eat\u00e9 pr\u00e9fectoral du 14 f\u00e9vrier 2020 portant renouvellement de l'habilitation dans le\ndomaine fun\u00e9raire de l a \u00ab  SAS Marbrerie BRENOT  \u00bb sise 5 rue Andr\u00e9 BRENOT 21530 La\nRoche en Br\u00e9nil dont le si\u00e8ge est 5 rue Andr\u00e9 BRENOT 21530 La Roche en Br\u00e9nil ;\nVU la demande de renouvellement pr\u00e9sent\u00e9e par Mr. Jean-Luc BRENOT ;\nCONSID\u00c9RANT que la demande est constitu\u00e9e conform\u00e9ment \u00e0 la l\u00e9gislation en vigueur ;\nCONSIDERANT que la sas Marbrerie BRENOT remplit l'ensemble des conditions d\u00e9finies\npar les dispositions susvis\u00e9es ;\nAccueil du public du lundi au jeudi de 09h30 \u00e0 11h30 et  de 14h30 \u00e0 16h30 \u2013 le vendredi de 08h45 \u00e0 13h30\nADRESSE POSTALE : 54 RUE CHAMPFLEURY - CS 60 - 21 502 MONTBARD CEDEX \u2013 T\u00c9L\u00c9PHONE 03.45 43 80 50  \u2013 http://www.cote-dor.gouv.fr\nSous-pr\u00e9fecture de Montbard - 21-2026-02-02-00001 - AP renouvellement de l'habilitation fun\u00e9raire de l'enseigne SAS Marbrerie\nBRENOT 79\nARR\u00caTE\nARTICLE 1er  : La  sas Marbrerie BRENOT  exploit\u00e9e par  M. Jean-Luc BRENOT  est habilit\u00e9e\nd\u00e8s le 15 f\u00e9vrier 2026 pour exercer les activit\u00e9s suivantes :\n- fourniture des housses, des cercueils et de leurs accessoires int\u00e9rieurs et ext\u00e9rieurs ainsi\nque des urnes cin\u00e9raires,\n-  la  fourniture  du  personnel  et  des  objets  et  prestations  n\u00e9cessaires  aux  obs\u00e8ques,\ninhumations, exhumations et cr\u00e9mations, \u00e0 l'exception des plaques fun\u00e9raires, embl\u00e8mes\nreligieux, fleurs, travaux divers d'imprimerie et de marbrerie fun\u00e9raire.\nARTICLE 2 :  Le num\u00e9ro de l'habilitation est : 20-21-0093\nARTICLE 3 :  La dur\u00e9e de la pr\u00e9sente habilitation est fix\u00e9e \u00e0  5 ans, soit jusqu'au 14 f\u00e9vrier\n2031.\nARTICLE 4     :  Pour b\u00e9n\u00e9ficier de la pr\u00e9sente habilitation jusqu'\u00e0 son terme, Mr.  Jean-Luc\nBRENOT devra  d\u00e9clarer  tout  changement  dans  les  informations  contenues  dans  la\ndemande d'habilitation  dans  un  d\u00e9lai de 2 mois,  notamment en  ce qui concerne  les\nattestations de conformit\u00e9 des v\u00e9hicules fun\u00e9raires et de la chambre fun\u00e9raire.\nARTICLE 5 : La pr\u00e9sente habilitation peut \u00eatre suspendue pour une dur\u00e9e maximale d'un\nan ou retir\u00e9e, apr\u00e8s mise en demeure par le repr\u00e9sentant de l'\u00c9tat dans le d\u00e9partement o\u00f9\nles faits auront \u00e9t\u00e9 constat\u00e9s pour les motifs suivants :\n-  non-respect  des  dispositions  du  pr\u00e9sent  code  auxquelles  sont  soumises  les  r\u00e9gies,\nentreprises ou associations habilit\u00e9es conform\u00e9ment \u00e0 l'article L 2223-23,\n- non exercice ou cessation d'exercice des activit\u00e9s au titre desquelles elle a \u00e9t\u00e9 d\u00e9livr\u00e9e ;\n- atteinte \u00e0 l'ordre public ou danger pour la salubrit\u00e9 publique.\nARTICLE 6 : Dans un d\u00e9lai de 2 mois \u00e0 compter de sa notification ou de la publication au\nrecueil des actes administratifs de la pr\u00e9fecture, la pr\u00e9sente d\u00e9cision peut faire l'objet\nd'un recours conform\u00e9ment aux dispositions de l'article R 421-1 et suivants du Code de\njustice administrative :\n- le recours gracieux adress\u00e9 \u00e0 M. le pr\u00e9fet du d\u00e9partement de la C\u00f4te-d'Or,\n- le recours hi\u00e9rarchique adress\u00e9 au ministre comp\u00e9tent dans le domaine consid\u00e9r\u00e9,\nSous-pr\u00e9fecture de Montbard - 21-2026-02-02-00001 - AP renouvellement de l'habilitation fun\u00e9raire de l'enseigne SAS Marbrerie\nBRENOT 80\n- le recours contentieux en saisissant le Tribunal Administratif (22, rue d'Assas \u2013 21000\nDIJON)\nARTICLE 7 : Le Sous-Pr\u00e9fet de Montbard est charg\u00e9 de l'ex\u00e9cution du pr\u00e9sent arr\u00eat\u00e9, qui\nsera  notifi\u00e9 \u00e0  Mr.  Jean-Luc  BRENOT  publi\u00e9  au  Recueil  des  Actes  Administratifs  de  la\npr\u00e9fecture de la C\u00f4te d'Or et dont copie sera transmise \u00e0 Monsieur le Maire de La Roche\nen  Br\u00e9nil,  Madame  la  commandante  la  Compagnie  de  gendarmerie  de  Montbard  et\nMadame la Directrice de l'Agence R\u00e9gionale de Sant\u00e9.\nFait \u00e0 Montbard, le 02 f\u00e9vrier 2026\nPour le Sous-Pr\u00e9fet et par d\u00e9l\u00e9gation,\nLa Secr\u00e9taire G\u00e9n\u00e9rale\nORIGINAL SIGN\u00c9\nMarguerite MOINDROT\n \nSous-pr\u00e9fecture de Montbard - 21-2026-02-02-00001 - AP renouvellement de l'habilitation fun\u00e9raire de l'enseigne SAS Marbrerie\nBRENOT 81\nPREFETDELACOTE-D'ORLibert\u00e9Egalit\u00e9Fraternit\u00e9\nSOUS-PR\u00c9FECTURE DE MONTBARD \nSecr\u00e9tariat G\u00e9n\u00e9ral\nBureau de la r\u00e9glementation g\u00e9n\u00e9rale\nLe sous-Pr\u00e9fet de Montbard,\nATTESTE\nque la sas Marbrerie BRENOT, dont le si\u00e8ge est sis 05 rue Andr\u00e9 BRENOT - 21530 LA\nROCHE EN BRENIL et exploit\u00e9e par M. Jean-Luc BRENOT, est habilit\u00e9e pour exercer d\u00e8s le\nd\u00e8s le 15f\u00e9vrier 2026 les activit\u00e9s suivantes :\n- fourniture des housses, des cercueils et de leurs accessoires int\u00e9rieurs et ext\u00e9rieurs ainsi\nque des urnes cin\u00e9raires,\n-  la  fourniture  du  personnel  et  des  objets  et  prestations  n\u00e9cessaires  aux  obs\u00e8ques,\ninhumations, exhumations et cr\u00e9mations, \u00e0 l'exception des plaques fun\u00e9raires, embl\u00e8mes\nreligieux, fleurs, travaux divers d'imprimerie et de marbrerie fun\u00e9raire.\nLa pr\u00e9sente habilitation n\u00b020-21-0093 expirera dans le d\u00e9lai de 5 ans \u00e0 compter de sa date\nde d\u00e9livrance, soit le 14 f\u00e9vrier 2031.\nFait \u00e0 Montbard, le 15 f\u00e9vrier 2026\nPour la Sous-Pr\u00e9f\u00e8te et par d\u00e9l\u00e9gation,\nLa Secr\u00e9taire G\u00e9n\u00e9rale\nMarguerite MOINDROT\n Accueil du public du lundi au jeudi de 09h30 \u00e0 11h30 et  de 14h30 \u00e0 16h30 \u2013 le vendredi de 08h45 \u00e0 13h30\nADRESSE POSTALE : 54 RUE CHAMPFLEURY - CS 60 - 21 502 MONTBARD CEDEX \u2013 T\u00c9L\u00c9PHONE 03.45 43 80 50  \u2013 http://www.cote-dor.gouv.fr\nSous-pr\u00e9fecture de Montbard - 21-2026-02-02-00001 - AP renouvellement de l'habilitation fun\u00e9raire de l'enseigne SAS Marbrerie\nBRENOT 82","date":"2026-02-04","first_seen_on":"2026-02-04T17:15:03+00:00","id":"d50171c133b4f3b8842666b70ee5c9afa2d90bc867d12a7a3ab8b0ece5797c82","name":"RAA n\u00b0 027 du 04 f\u00e9vrier 2026","pdf_creation_date":"2026-02-04T15:24:56+00:00","pdf_modification_date":"2026-02-04T15:25:55+00:00","timezone":"Europe/Paris","url":"https://www.cote-dor.gouv.fr/contenu/telechargement/25534/195380/file/recueil-21-2026-027-recueil-des-actes-administratifs-special.pdf"}
