{"administration":"pref21","administration_name":"Pr\u00e9fecture de C\u00f4te-d\u2019Or","content":"PR\u00c9FET\nDE LA C\u00d4TE-D'OR\nRECUEIL DES ACTES\nADMINISTRATIFS SP\u00c9CIAL\nN\u00b021-2025-182\nPUBLI\u00c9 LE 17 D\u00c9CEMBRE 2025\nSommaire\nDirection d\u00e9partementale de l'emploi, du travail et des solidarit\u00e9s de\nC\u00f4te-d'Or /\n21-2025-12-15-00004 - D\u00e9cision de renouvellement d'agr\u00e9ment ESUS TB\nDEVELOPPEMENT DURABLE SINEO (2 pages) Page 4\nDirection d\u00e9partementale de la protection des populations de la\nC\u00f4te-d'Or / Service Sant\u00e9 et Protections animales, Protection de\nl'Environnement\n21-2025-12-11-00007 - Arr\u00eat\u00e9 pr\u00e9fectoral N\u00b01793/2025 en date du 11\nd\u00e9cembre 2025 attribuant l habilitation sanitaire \u00e0 Eug\u00e9nie\nLANGINIEUX (2 pages) Page 7\n21-2025-12-11-00006 - Arr\u00eat\u00e9 pr\u00e9fectoral N\u00b01796/2025 en date du 11\nd\u00e9cembre 2025 attribuant l habilitation sanitaire \u00e0 Clarisse DECLUME\n(2 pages) Page 10\n21-2025-12-11-00005 - Arr\u00eat\u00e9 pr\u00e9fectoral N\u00b01797/2025 en date du 11\nd\u00e9cembre 2025 attribuant l habilitation sanitaire \u00e0 Coralie GANDELIN\n(2 pages) Page 13\nDirection d\u00e9partementale des territoires de la C\u00f4te-d'Or / Service\nPr\u00e9servation et Am\u00e9nagement de l'Espace (SPAE)\n21-2025-12-12-00004 - Arr\u00eat\u00e9 pr\u00e9fectoral du 12 d\u00e9cembre\n2025\nportant renouvellement du bureau de l'association fonci\u00e8re de\nLOSNE (2 pages) Page 16\n21-2025-12-12-00003 - Arr\u00eat\u00e9 pr\u00e9fectoral du 12 d\u00e9cembre\n2025\nportant renouvellement du bureau de l'association fonci\u00e8re de\nLUX (2 pages) Page 19\n21-2025-12-12-00002 - Arr\u00eat\u00e9 pr\u00e9fectoral du 12 d\u00e9cembre\n2025\nportant renouvellement du bureau de l'association fonci\u00e8re de\nVILLY-LE-MOUTIER (2 pages) Page 22\nDRFiP Bourgogne Franche-Comt\u00e9 /\n21-2025-12-15-00006 - DRFIP 21 - Mise \u00e0 jour des param\u00e8tres\nd\u00e9partementaux d'\u00e9valuation des  locaux professionnels  pour les\nimpositions 2026 (3 pages) Page 25\nPr\u00e9fecture de la C\u00f4te-d'Or / Cabinet\n21-2025-11-04-00005 - Arr\u00eat\u00e9 portant attribution de la m\u00e9daille\nd'honneur des sapeurs-pompiers - promotion du 04 d\u00e9cembre 2025 (3\npages) Page 29\nPr\u00e9fecture de la C\u00f4te-d'Or / Direction des Collectivit\u00e9s locales et des\nElections\n21-2025-12-15-00005 - Arr\u00eat\u00e9 pr\u00e9fectoral portant extension du\np\u00e9rim\u00e8tre du Syndicat Intercommunal des Eaux et de l'Assainissement\nde la Vall\u00e9e du Suzon (8 pages) Page 33\n2\nPr\u00e9fecture de la C\u00f4te-d'Or / Direction des s\u00e9curit\u00e9s\n21-2025-12-05-00002 - Arr\u00eat\u00e9 pr\u00e9fectoral dressant la liste des\nsyst\u00e8mes de vid\u00e9oprotection autoris\u00e9s \u00e0 la suite de la commission\nd\u00e9partementale de vid\u00e9oprotection du 5 d\u00e9cembre 2025 (5 pages) Page 42\nPr\u00e9fecture de la C\u00f4te-d'Or / P\u00f4le juridique inter-services\n21-2025-12-16-00015 - Arr\u00eat\u00e9 pr\u00e9fectoral n\u00b0 1830 / SG du 16\nd\u00e9cembre 2025\n donnant d\u00e9l\u00e9gation de signature au g\u00e9n\u00e9ral\nde division Christophe HUSSON,\ncommandant de la r\u00e9gion de\ngendarmerie Bourgogne-Franche-Comt\u00e9,\ncommandant le groupement\nde gendarmerie d\u00e9partementale de la C\u00f4te-d'Or.\n (2 pages) Page 48\n3\nDirection d\u00e9partementale de l'emploi, du travail\net des solidarit\u00e9s de C\u00f4te-d'Or\n21-2025-12-15-00004\nD\u00e9cision de renouvellement d'agr\u00e9ment ESUS TB\nDEVELOPPEMENT DURABLE SINEO\nDirection d\u00e9partementale de l'emploi, du travail et des solidarit\u00e9s de C\u00f4te-d'Or - 21-2025-12-15-00004 - D\u00e9cision de renouvellement\nd'agr\u00e9ment ESUS TB DEVELOPPEMENT DURABLE SINEO 4\n  \nDirection D\u00e9partementale de l'Emploi,  \ndu Travail et des Solidarit\u00e9s \nDDETS  \nDirection D\u00e9partementale de l'emploi, du travail et des solidarit\u00e9s de la C\u00f4te-d'Or \nCit\u00e9 administrative Dampierre \u2013 6 rue Chancelier de l'Hospital, CS 15 381, 21053 Dijon Cedex \nStandard : 03 80 68 39 41 \n \n \n \n \n \n \nAffaire suivie par Ma\u00eblle THIEBAUT \nCharg\u00e9e de mission \u2013 P\u00f4le Emploi Coh\u00e9sion Territoriale \nT\u00e9l : 03 80 68 39 41 // 06 75 40 79 13 \nCourriel : maelle.thiebaut@cote-dor.gouv.fr \nDijon, le 15 d\u00e9cembre 2025 \n \n \n \n \nTB DEVELOPPEMENT DURABLE -\nSINEO \n4 rue au Bouchet \n21000 DIJON \n \n \n \nDDETS de la C\u00f4te d'Or  \nARR\u00caT\u00c9 PORTANT RENOUVELLEMENT AGR\u00c9MENT \nd'Entreprise Solidaire d'Utilit\u00e9 Sociale (ESUS)  \n \n  \nVu - La loi n\u00b02014-856 du 31 juillet 2014 relative \u00e0 l'Economie Sociale et Solidaire (ESS) ; \n  \nVu - La loi n\u00b02019-486 du 22 mai 2019 relative \u00e0 la croissance et la transformation des entreprises \nmodifiant la loi ci-dessus du 31 juillet 2014 ; \n  \nVu - Le d\u00e9cret n\u00b02015-719 du 23 juin 2015 relatif \u00e0 l'agr\u00e9ment \u00ab Entreprise Solidaire d'Utilit\u00e9 Sociale \n(ESUS) \u00bb ; \n  \nVu - Le d\u00e9cret n\u00b02015-760 du 24 juin 2015 relatif \u00e0 l'agr\u00e9ment \u00ab Entreprise Solidaire d'Utilit\u00e9 Sociale \n(ESUS) \u00bb ; \n  \nVu - L'arr\u00eat\u00e9 du 3 ao\u00fbt 2015 fixant la fraction des b\u00e9n\u00e9fices affect\u00e9e au report b\u00e9n\u00e9ficiaire et aux r\u00e9serves \nobligatoires, art 1 loi n\u00b0 2014-856 du 31 juillet 2014 relative \u00e0 l'Economie Sociale et Solidaire (ESS) ; \n  \nVu - L'arr\u00eat\u00e9 du 5 ao\u00fbt 2015 fixant la composition du dossier de demande d'agr\u00e9ment \u00ab Entreprise Solidaire \nd'Utilit\u00e9 Sociale (ESUS) \u00bb ; \n \nVu - L'arr\u00eat\u00e9 pr\u00e9fectoral n\u00b01657 du 28 octobre 2024 portant d\u00e9l\u00e9gation de signature \u00e0 Madame Armelle \nLEON, Directrice D\u00e9partementale de la DDETS de C\u00f4te d'Or ; \n \nVu - L'arr\u00eat\u00e9 n\u00b0004 - DDETS du 6 novembre 2024 portant subd\u00e9l\u00e9gation de signature aux agents de la \ndirection d\u00e9partementale de l'emploi, du travail et des solidarit\u00e9s de la C\u00f4te-d'Or ; \n  \nVu - Le code du travail, notamment ses articles L 3332-17-1 et R 3332-21-1 \u00e0 R 3332-21-5 ; \n  \nVu - La demande de renouvellement de l'agr\u00e9ment d'Entreprise Solidaire d'Utilit\u00e9 Sociale (ESUS) de la \nSAS \u00ab TB DEVELOPPEMENT DURABLE \u00bb, \u00e9galement connue sous le Sigle \u00ab SINEO \u00bb, re\u00e7ue le 24 \nnovembre 2025 ; \n \nVu - La date de cr\u00e9ation de la SAS SINEO le 23 janvier 2008 ; \nDirection d\u00e9partementale de l'emploi, du travail et des solidarit\u00e9s de C\u00f4te-d'Or - 21-2025-12-15-00004 - D\u00e9cision de renouvellement\nd'agr\u00e9ment ESUS TB DEVELOPPEMENT DURABLE SINEO 5\n \nDirection D\u00e9partementale de l'emploi, du travail et des solidarit\u00e9s de la C\u00f4te-d'Or \nCit\u00e9 administrative Dampierre \u2013 6 rue Chancelier de l'Hospital, CS 15 381, 21053 Dijon Cedex \nStandard : 03 80 68 39 41 \n \n \nVu - L'arr\u00eat\u00e9 portant agr\u00e9ment ESUS du 20 ao\u00fbt 2020 d\u00e9j\u00e0 accord\u00e9 \u00e0 la SAS SINEO pour une dur\u00e9e de \ncinq ans; \n \nVu - La convention cadre pluriannuelle 2025-2027 n\u00b0 EI 021 25 0001 04 03 du 8 juillet 2025 portant sur \nl'insertion par l'activit\u00e9 \u00e9conomique; \n \nVu - L'article L 3332-17-1, II, 1\u00b0 du Code du Travail, visant les entreprises d'insertion;  \n \nVu - La compl\u00e9tude du dossier en date du 9 d\u00e9cembre 2024. \n \n\u2026\u2026\u2026\u2026. \n \nConsid\u00e9rant, que l'Economie Sociale et Solidaire (ESS) est \u00ab un mode d'entreprendre et de \nd\u00e9veloppement \u00e9conomique, adapt\u00e9 \u00e0 tous les domaines de l'activit\u00e9 humaine remplissant les conditions \ncumulatives, de recherche d'une utilit\u00e9 sociale et non du seul profit, d'une gouvernance d\u00e9mocratique, \nd'une affectation des b\u00e9n\u00e9fices majoritairement consacr\u00e9s au maintien ou au d\u00e9veloppement de l'entreprise \nainsi qu'\u00e0 des r\u00e9serves impartageables et non distribuables (principes de bonne gestion) \u00bb ; \n \nConsid\u00e9rant, que la SAS SINEO est reconnue Entreprise d'insertion;  \n \nConsid\u00e9rant, que cette reconnaissance lui permet de b\u00e9n\u00e9ficier de plein droit de l'agr\u00e9ment ESUS ; \n \nConsid\u00e9rant, l'attestation sur l'honneur d'absence de titres en capital sur les march\u00e9s financiers de la SAS \nSINEO;   \n \nConsid\u00e9rant, notamment le respect des principes de la politique de r\u00e9mun\u00e9ration; \n \nConsid\u00e9rant, qu'au vu des \u00e9l\u00e9ments pr\u00e9sent\u00e9s ci-dessus, la SAS SINEO, remplit les conditions requises \npour b\u00e9n\u00e9ficier de l'agr\u00e9ment d'Entreprise Solidaire et d'Utilit\u00e9 Sociale (ESUS) de plein droit. \n \nARR\u00caTE \n \nArticle 1 : La SAS TB DEVELOPPEMENT DURABLE (SINEO), dont le si\u00e8ge social se situe 4 rue au \nBouchet 21000 Dijon, r\u00e9f\u00e9renc\u00e9e par le num\u00e9ro SIRET 502 068 448 00021, se voit accorder l'agr\u00e9ment \nd'Entreprise Solidaire d'Utilit\u00e9 Sociale (ESUS) pour 5 ans, \u00e0 compter du 15 d\u00e9cembre 2025 et jusqu'au 14 \nd\u00e9cembre 2030 selon les crit\u00e8res issus de l'article L3332-17-1 du code du travail en vigueur \u00e0 la date de la \npr\u00e9sente d\u00e9cision ; \n \nArticle 2 : Le pr\u00e9sent arr\u00eat\u00e9 sera publi\u00e9 au recueil des actes administratifs de la Pr\u00e9fecture de la C\u00f4te d'Or. \n  \n \n \n \n Pour le Pr\u00e9fet de D\u00e9partement, \nEt par d\u00e9l\u00e9gation de la Directrice D\u00e9partementale emp\u00each\u00e9e, \nLa Responsable de l'Unit\u00e9 Formation, Emploi et Insertion, \n \nMarie BEGRAND \n \nSIGNE \nDirection d\u00e9partementale de l'emploi, du travail et des solidarit\u00e9s de C\u00f4te-d'Or - 21-2025-12-15-00004 - D\u00e9cision de renouvellement\nd'agr\u00e9ment ESUS TB DEVELOPPEMENT DURABLE SINEO 6\nDirection d\u00e9partementale de la protection des\npopulations de la C\u00f4te-d'Or\nService Sant\u00e9 et Protections animales, Protection\nde l'Environnement\n21-2025-12-11-00007\nArr\u00eat\u00e9 pr\u00e9fectoral N\u00b01793/2025 en date du 11\nd\u00e9cembre 2025 attribuant l habilitation sanitaire\n\u00e0 Eug\u00e9nie LANGINIEUX\nDirection d\u00e9partementale de la protection des populations de la C\u00f4te-d'Or - 21-2025-12-11-00007 - Arr\u00eat\u00e9 pr\u00e9fectoral N\u00b01793/2025 en\ndate du 11 d\u00e9cembre 2025 attribuant l habilitation sanitaire \u00e0 Eug\u00e9nie LANGINIEUX 7\nDirection D\u00e9partementale\nde la Protection des Populations\nAffaire suivie par Val\u00e9rie LABUSSIERE                    \nService sant\u00e9 et protection animales,\nprotection de l'environnement\nT\u00e9l : 03 80 29 44 53\nm\u00e9l : ddpp-spa@cote-dor.gouv.fr\nArr\u00eat\u00e9 pr\u00e9fectoral N\u00b01793/2025 en date du 11 d\u00e9cembre 2025\nAttribuant l'habilitation sanitaire \u00e0 Eug\u00e9nie LANGINIEUX\nPr\u00e9fet de la C\u00f4te-d'Or\nVu le Code Rural et de la p\u00eache maritime et notamment ses articles L.203-1 \u00e0 L.203-7 , L.223-\n6, R.203-1 \u00e0 R.203-15 et R.242-33.\nVu le d\u00e9cret n\u00b080-516 du 4 juillet 1980, modifi\u00e9 par le d\u00e9cret n\u00b090-1033 du 19 novembre 1990 \net  par  le  d\u00e9cret  2003-768  du  1er ao\u00fbt  2003,  relatif  \u00e0  l'ex\u00e9cution  des  mesures  de \nprophylaxie collective des maladies des animaux ;\nVu le  d\u00e9cret  n\u00b02004-374  du  29  avril  2004  modifi\u00e9,  relatif  aux  pouvoirs  des  pr\u00e9fets,  \u00e0 \nl'organisation  et  \u00e0  l'action  des  services  de  l'\u00c9tat  dans  les  r\u00e9gions  et  d\u00e9partements \nnotamment son article 43 ;\nVu  le d\u00e9cret du 10 octobre 2024 nommant M. Paul MOURIER, pr\u00e9fet de la C\u00f4te-d' Or ;\nVu l'arr\u00eat\u00e9  pr\u00e9fectoral  n\u00b0  1658/SG  du  28/10/2024,  donnant  d\u00e9l\u00e9gation  de  signature  \u00e0 \nMonsieur Didier ROOSE ;\nVu l'arr\u00eat\u00e9 pr\u00e9fectoral n\u00b0 n\u00b0781 DDPP du 05/06/2025, donnant subd\u00e9l\u00e9gation de signature ;\nConsid\u00e9rant que  le  Docteur  V\u00e9t\u00e9rinaire  Eug\u00e9nie  LANGINIEUX remplit  les  conditions  \npermettant l'attribution de l'habilitation sanitaire ;\nSur proposition de Monsieur le directeur d\u00e9partemental de la protection des populations de  \nla C\u00f4te-d'Or ;\nDirection D\u00e9partementale de la Protection des Populations - 57 rue de Mulhouse  -  21 033 DIJON Cedex\nt\u00e9l : 03 80 29 43 53... - m\u00e8l : ddpp-spa@cote-dor.gouv.fr\nSite internet : http://www.cote-dor.gouv.fr\npage 1\nDirection d\u00e9partementale de la protection des populations de la C\u00f4te-d'Or - 21-2025-12-11-00007 - Arr\u00eat\u00e9 pr\u00e9fectoral N\u00b01793/2025 en\ndate du 11 d\u00e9cembre 2025 attribuant l habilitation sanitaire \u00e0 Eug\u00e9nie LANGINIEUX 8\nA R R E T E\nArticle 1er :\nL'habilitation sanitaire pr\u00e9vue \u00e0 l'article L.203-1 du code rural et de la p\u00eache maritime susvis\u00e9  \nest attribu\u00e9e pour une dur\u00e9e de 5 ans \u00e0 compter de la date de signature du pr\u00e9sent arr\u00eat\u00e9, \u00e0 \nEug\u00e9nie LANGINIEUX Docteur V\u00e9t\u00e9rinaire inscrite au Tableau de l'Ordre des V\u00e9t\u00e9rinaires de la \nr\u00e9gion Bourgogne-Franche-Comt\u00e9, sous le n\u00b041530, administrativement domicili\u00e9e \u00e0 25 rue \nEdouard Laguesse 21000 DIJON\nArticle 2 :\nEug\u00e9nie LANGINIEUX s'engage \u00e0 respecter les prescriptions techniques, administratives et le  \ncas \u00e9ch\u00e9ant financi\u00e8res de mise en \u0153uvre des mesures de pr\u00e9vention, de surveillance ou de  \nlutte prescrites par l'autorit\u00e9 administrative et des op\u00e9rations de police sanitaire ex\u00e9cut\u00e9es  \nen application de l'article L.203-7 du code rural et de la p\u00eache maritime.\nArticle 3 :\nEug\u00e9nie LANGINIEUX  pourra \u00eatre appel\u00e9e par le pr\u00e9fet de ses d\u00e9partements d'exercice pour  \nla  r\u00e9alisation  d'op\u00e9rations  de  police  sanitaire  au  sein  des  lieux  de  d\u00e9tention  ou  des \n\u00e9tablissements  pour  lesquels  elle  a  \u00e9t\u00e9  d\u00e9sign\u00e9e v\u00e9t\u00e9rinaire  sanitaire.  Elle  sera  tenue  de \nconcourir \u00e0 ces op\u00e9rations en application des dispositions de l'article L.203-7 du code rural et \nde la p\u00eache maritime.\nArticle 4 :\nTout  manquement  ou  faute  commis  dans  l'exercice  de  la  pr\u00e9sente  habilitation  sanitaire \nentra\u00eenera l'application des dispositions pr\u00e9vues aux articles R.203-15, R.228-6 et suivants du  \ncode rural et de la p\u00eache maritime.\nArticle 5 :\nLa pr\u00e9sente d\u00e9cision peut faire l'objet d'un recours devant le Tribunal Administratif de Dijon  \ndans un d\u00e9lai de deux mois \u00e0 compter de la date de notification, soit par courrier, soit par  \nl'application informatique T\u00e9l\u00e9recours accessible sur le site www.telerecours.fr\nArticle 6 :\nMonsieur le directeur d\u00e9partemental de la protection des populations de la C\u00f4te-d'Or est  \ncharg\u00e9 de l'ex\u00e9cution du pr\u00e9sent arr\u00eat\u00e9 qui sera publi\u00e9 au recueil des actes administratifs de  \nla pr\u00e9fecture de la C\u00f4te-d'Or.\nLa cheffe de service\nSIGNE\nFlora AL-HAKKAK\nDirection D\u00e9partementale de la Protection des Populations - 57 rue de Mulhouse  -  21 033 DIJON Cedex\nt\u00e9l : 03 80 29 43 53... - m\u00e8l : ddpp-spa@cote-dor.gouv.fr\nSite internet : http://www.cote-dor.gouv.fr\npage 2\nDirection d\u00e9partementale de la protection des populations de la C\u00f4te-d'Or - 21-2025-12-11-00007 - Arr\u00eat\u00e9 pr\u00e9fectoral N\u00b01793/2025 en\ndate du 11 d\u00e9cembre 2025 attribuant l habilitation sanitaire \u00e0 Eug\u00e9nie LANGINIEUX 9\nDirection d\u00e9partementale de la protection des\npopulations de la C\u00f4te-d'Or\nService Sant\u00e9 et Protections animales, Protection\nde l'Environnement\n21-2025-12-11-00006\nArr\u00eat\u00e9 pr\u00e9fectoral N\u00b01796/2025 en date du 11\nd\u00e9cembre 2025 attribuant l habilitation sanitaire\n\u00e0 Clarisse DECLUME\nDirection d\u00e9partementale de la protection des populations de la C\u00f4te-d'Or - 21-2025-12-11-00006 - Arr\u00eat\u00e9 pr\u00e9fectoral N\u00b01796/2025 en\ndate du 11 d\u00e9cembre 2025 attribuant l habilitation sanitaire \u00e0 Clarisse DECLUME 10\nDirection D\u00e9partementale\nde la Protection des Populations\nService Sant\u00e9 et Protection Animales\nProtection de l'Environnement\nAffaire suivie par : Val\u00e9rie LABUSSIERE\nT\u00e9l. : 03 80 29 44 53\nM\u00e9l : ddpp-spa@cote-dor.gouv.fr\nArr\u00eat\u00e9 pr\u00e9fectoral N\u00b01796/2025 en date du 11 d\u00e9cembre 2025\nAttribuant l'habilitation sanitaire \u00e0 Clarisse DECLUME\nPr\u00e9fet de la C\u00f4te-d'Or\nVu  le Code Rural et de la p\u00eache maritime et notamment ses articles L.203-1 \u00e0 L.203-7, L.223-\n6, R.203-1 \u00e0 R.203-15 et R.242-33.\nVu  le d\u00e9cret n\u00b080-516 du 4 juillet 1980, modifi\u00e9 par le d\u00e9cret n\u00b090-1033 du 19 novembre  \n1990 et par le d\u00e9cret 2003-768 du 1 er ao\u00fbt 2003, relatif \u00e0 l'ex\u00e9cution des mesures de  \nprophylaxie collective des maladies des animaux ;\nVu  le  d\u00e9cret  n\u00b02004-374  du  29  avril  2004  modifi\u00e9,  relatif  aux  pouvoirs  des  pr\u00e9fets,  \u00e0  \nl'organisation  et  \u00e0  l'action  des  services  de  l'\u00c9tat  dans  les  r\u00e9gions  et  d\u00e9partements  \nnotamment son article 43 ;\nVu  le d\u00e9cret du 10 octobre 2024 nommant M. Paul MOURIER, pr\u00e9fet de la C\u00f4te-d'Or ;\nVu l'arr\u00eat\u00e9  pr\u00e9fectoral  n\u00b0  1658/SG  du  28/10/2024,  donnant  d\u00e9l\u00e9gation  de  signature  \u00e0  \nMonsieur Didier ROOSE ;\nVu l'arr\u00eat\u00e9 pr\u00e9fectoral n\u00b0781 DDPP du 05/06/2025, donnant subd\u00e9l\u00e9gation de signature ;\nConsid\u00e9rant que le Docteur V\u00e9t\u00e9rinaire Clarisse DECLUME remplit les conditions permettant  \nl'attribution de l'habilitation sanitaire ;\nSur proposition de Monsieur le directeur d\u00e9partemental de la protection des populations de  \nla C\u00f4te-d'Or ;\nDirection D\u00e9partementale de la Protection des Populations - 57 rue de Mulhouse  -  21 033 DIJON Cedex\nt\u00e9l : 03 80 29 43 53... - Fax : 03 80 29 43 53..... - m\u00e8l : ddpp@cote-dor.gouv.fr\nSite internet : http://www.cote-dor.gouv.fr\npage 1\nDirection d\u00e9partementale de la protection des populations de la C\u00f4te-d'Or - 21-2025-12-11-00006 - Arr\u00eat\u00e9 pr\u00e9fectoral N\u00b01796/2025 en\ndate du 11 d\u00e9cembre 2025 attribuant l habilitation sanitaire \u00e0 Clarisse DECLUME 11\nA R R E T E\nArticle 1er :\nL'habilitation sanitaire pr\u00e9vue \u00e0 l'article L.203-1 du code rural et de la p\u00eache maritime susvis\u00e9  \nest attribu\u00e9e pour une dur\u00e9e de 5 ans, \u00e0 compter de la date de signature du pr\u00e9sent arr\u00eat\u00e9,  \u00e0 \nClarisse DECLUME, Docteur V\u00e9t\u00e9rinaire, inscrite au Tableau de l'Ordre des V\u00e9t\u00e9rinaires de la  \nr\u00e9gion Bourgogne-Franche-Comt\u00e9, sous le n\u00b034774, administrativement domicili\u00e9e \u00e0 Clinique  \nv\u00e9t\u00e9rinaire Auxois-Morvan ZA Terreau Brenot 21210 SAULIEU\nArticle 2 :\nDans la mesure o\u00f9 les conditions requises ont \u00e9t\u00e9 respect\u00e9es, cette habilitation sanitaire est  \nrenouvelable  par  p\u00e9riode  de  cinq  ann\u00e9es  tacitement  reconduites  sous  r\u00e9serve  pour  le  \nv\u00e9t\u00e9rinaire sanitaire de justifier \u00e0 l'issue de chaque p\u00e9riode de cinq ans, aupr\u00e8s du pr\u00e9fet de  \nla C\u00f4te-d'Or du respect de ses obligations de formation continue pr\u00e9vues \u00e0 l'article R.203-12.\nArticle 3 :\nClarisse DECLUME s'engage \u00e0 respecter les prescriptions techniques, administratives et le cas  \n\u00e9ch\u00e9ant financi\u00e8res de mise en \u0153uvre des mesures de pr\u00e9vention, de surveillance ou de lutte  \nprescrites par l'autorit\u00e9 administrative et des op\u00e9rations de police sanitaire ex\u00e9cut\u00e9es en  \napplication de l'article L.203-7 du code rural et de la p\u00eache maritime.\nArticle 4 :\nClarisse DECLUME pourra \u00eatre appel\u00e9e par le pr\u00e9fet de ses d\u00e9partements d'exercice pour la  \nr\u00e9alisation  d'op\u00e9rations  de  police  sanitaire  au  sein  des  lieux  de  d\u00e9tention  ou  des  \n\u00e9tablissements  pour  lesquels  elle  a  \u00e9t\u00e9  d\u00e9sign\u00e9e  v\u00e9t\u00e9rinaire  sanitaire.  Elle  sera  tenue  de \nconcourir \u00e0 ces op\u00e9rations en application des dispositions de l'article L.203-7 du code rural et \nde la p\u00eache maritime.\nArticle 5 :\nTout  manquement  ou  faute  commis  dans  l'exercice  de  la  pr\u00e9sente  habilitation  sanitaire \nentra\u00eenera l'application des dispositions pr\u00e9vues aux articles R.203-15, R.228-6 et suivants du  \ncode rural et de la p\u00eache maritime.\nArticle 6 :\nLa pr\u00e9sente d\u00e9cision peut faire l'objet d'un recours devant le Tribunal Administratif de Dijon  \ndans un d\u00e9lai de deux mois \u00e0 compter de la date de notification, soit par courrier, soit par  \nl'application informatique T\u00e9l\u00e9recours accessible sur le site www.telerecours.fr\nArticle 7 :\nMonsieur le directeur d\u00e9partemental de la protection des populations de la C\u00f4te-d'Or est  \ncharg\u00e9 de l'ex\u00e9cution du pr\u00e9sent arr\u00eat\u00e9 qui sera publi\u00e9 au recueil des actes administratifs de  \nla pr\u00e9fecture de la C\u00f4te-d'Or.\nLa cheffe de service\nSIGNE\nFlora AL-HAKKAK\nDirection D\u00e9partementale de la Protection des Populations - 57 rue de Mulhouse  -  21 033 DIJON Cedex\nt\u00e9l : 03 80 29 43 53... - Fax : 03 80 29 43 53..... - m\u00e8l : ddpp@cote-dor.gouv.fr\nSite internet : http://www.cote-dor.gouv.fr\npage 2\nDirection d\u00e9partementale de la protection des populations de la C\u00f4te-d'Or - 21-2025-12-11-00006 - Arr\u00eat\u00e9 pr\u00e9fectoral N\u00b01796/2025 en\ndate du 11 d\u00e9cembre 2025 attribuant l habilitation sanitaire \u00e0 Clarisse DECLUME 12\nDirection d\u00e9partementale de la protection des\npopulations de la C\u00f4te-d'Or\nService Sant\u00e9 et Protections animales, Protection\nde l'Environnement\n21-2025-12-11-00005\nArr\u00eat\u00e9 pr\u00e9fectoral N\u00b01797/2025 en date du 11\nd\u00e9cembre 2025 attribuant l habilitation sanitaire\n\u00e0 Coralie GANDELIN\nDirection d\u00e9partementale de la protection des populations de la C\u00f4te-d'Or - 21-2025-12-11-00005 - Arr\u00eat\u00e9 pr\u00e9fectoral N\u00b01797/2025 en\ndate du 11 d\u00e9cembre 2025 attribuant l habilitation sanitaire \u00e0 Coralie GANDELIN 13\nDirection D\u00e9partementale\nde la Protection des Populations\nService Sant\u00e9 et Protection Animales\nProtection de l'Environnement\nAffaire suivie par : Val\u00e9rie LABUSSIERE\nT\u00e9l. : 03 80 29 44 53\nM\u00e9l : ddpp-spa@cote-dor.gouv.fr\nArr\u00eat\u00e9 pr\u00e9fectoral N\u00b01797/2025 en date du 11 d\u00e9cembre 2025\nAttribuant l'habilitation sanitaire \u00e0 Coralie GANDELIN\nPr\u00e9fet de la C\u00f4te-d'Or\nVu  le Code Rural et de la p\u00eache maritime et notamment ses articles L.203-1 \u00e0 L.203-7, L.223-\n6, R.203-1 \u00e0 R.203-15 et R.242-33.\nVu  le d\u00e9cret n\u00b080-516 du 4 juillet 1980, modifi\u00e9 par le d\u00e9cret n\u00b090-1033 du 19 novembre  \n1990 et par le d\u00e9cret 2003-768 du 1 er ao\u00fbt 2003, relatif \u00e0 l'ex\u00e9cution des mesures de  \nprophylaxie collective des maladies des animaux ;\nVu  le  d\u00e9cret  n\u00b02004-374  du  29  avril  2004  modifi\u00e9,  relatif  aux  pouvoirs  des  pr\u00e9fets,  \u00e0  \nl'organisation  et  \u00e0  l'action  des  services  de  l'\u00c9tat  dans  les  r\u00e9gions  et  d\u00e9partements  \nnotamment son article 43 ;\nVu  le d\u00e9cret du 10 octobre 2024 nommant M. Paul MOURIER, pr\u00e9fet de la C\u00f4te-d'Or ;\nVu l'arr\u00eat\u00e9  pr\u00e9fectoral  n\u00b0  1658/SG  du  28/10/2024,  donnant  d\u00e9l\u00e9gation  de  signature  \u00e0  \nMonsieur Didier ROOSE ;\nVu l'arr\u00eat\u00e9 pr\u00e9fectoral n\u00b0781 DDPP du 05/06/2025, donnant subd\u00e9l\u00e9gation de signature ;\nConsid\u00e9rant que le Docteur V\u00e9t\u00e9rinaire Coralie GANDELIN remplit les conditions permettant \nl'attribution de l'habilitation sanitaire ;\nSur proposition de Monsieur le directeur d\u00e9partemental de la protection des populations de  \nla C\u00f4te-d'Or ;\nDirection D\u00e9partementale de la Protection des Populations - 57 rue de Mulhouse  -  21 033 DIJON Cedex\nt\u00e9l : 03 80 29 43 53... - Fax : 03 80 29 43 53..... - m\u00e8l : ddpp@cote-dor.gouv.fr\nSite internet : http://www.cote-dor.gouv.fr\npage 1\nDirection d\u00e9partementale de la protection des populations de la C\u00f4te-d'Or - 21-2025-12-11-00005 - Arr\u00eat\u00e9 pr\u00e9fectoral N\u00b01797/2025 en\ndate du 11 d\u00e9cembre 2025 attribuant l habilitation sanitaire \u00e0 Coralie GANDELIN 14\nA R R E T E\nArticle 1er :\nL'habilitation sanitaire pr\u00e9vue \u00e0 l'article L.203-1 du code rural et de la p\u00eache maritime susvis\u00e9  \nest attribu\u00e9e pour une dur\u00e9e de 5 ans, \u00e0 compter de la date de signature du pr\u00e9sent arr\u00eat\u00e9,  \u00e0 \nCoralie GANDELIN, Docteur V\u00e9t\u00e9rinaire, inscrite au Tableau de l'Ordre des V\u00e9t\u00e9rinaires de la  \nr\u00e9gion Bourgogne-Franche-Comt\u00e9, sous le n\u00b037693, administrativement domicili\u00e9e \u00e0 Clinique  \nLes 3 sources des l'Auxois 4 rue Pierre Bordereau 21320 POUILLY EN AUXOIS\nArticle 2 :\nDans la mesure o\u00f9 les conditions requises ont \u00e9t\u00e9 respect\u00e9es, cette habilitation sanitaire est  \nrenouvelable  par  p\u00e9riode  de  cinq  ann\u00e9es  tacitement  reconduites  sous  r\u00e9serve  pour  le  \nv\u00e9t\u00e9rinaire sanitaire de justifier \u00e0 l'issue de chaque p\u00e9riode de cinq ans, aupr\u00e8s du pr\u00e9fet de  \nla C\u00f4te-d'Or du respect de ses obligations de formation continue pr\u00e9vues \u00e0 l'article R.203-12.\nArticle 3 :\nCoralie GANDELIN s'engage \u00e0 respecter les prescriptions techniques, administratives et le cas \n\u00e9ch\u00e9ant financi\u00e8res de mise en \u0153uvre des mesures de pr\u00e9vention, de surveillance ou de lutte  \nprescrites par l'autorit\u00e9 administrative et des op\u00e9rations de police sanitaire ex\u00e9cut\u00e9es en  \napplication de l'article L.203-7 du code rural et de la p\u00eache maritime.\nArticle 4 :\nCoralie GANDELIN pourra \u00eatre appel\u00e9e par le pr\u00e9fet de ses d\u00e9partements d'exercice pour la  \nr\u00e9alisation  d'op\u00e9rations  de  police  sanitaire  au  sein  des  lieux  de  d\u00e9tention  ou  des  \n\u00e9tablissements  pour  lesquels  elle  a  \u00e9t\u00e9  d\u00e9sign\u00e9e  v\u00e9t\u00e9rinaire  sanitaire.  Elle  sera  tenue  de \nconcourir \u00e0 ces op\u00e9rations en application des dispositions de l'article L.203-7 du code rural et \nde la p\u00eache maritime.\nArticle 5 :\nTout  manquement  ou  faute  commis  dans  l'exercice  de  la  pr\u00e9sente  habilitation  sanitaire \nentra\u00eenera l'application des dispositions pr\u00e9vues aux articles R.203-15, R.228-6 et suivants du  \ncode rural et de la p\u00eache maritime.\nArticle 6 :\nLa pr\u00e9sente d\u00e9cision peut faire l'objet d'un recours devant le Tribunal Administratif de Dijon  \ndans un d\u00e9lai de deux mois \u00e0 compter de la date de notification, soit par courrier, soit par  \nl'application informatique T\u00e9l\u00e9recours accessible sur le site www.telerecours.fr\nArticle 7 :\nMonsieur le directeur d\u00e9partemental de la protection des populations de la C\u00f4te-d'Or est  \ncharg\u00e9 de l'ex\u00e9cution du pr\u00e9sent arr\u00eat\u00e9 qui sera publi\u00e9 au recueil des actes administratifs de  \nla pr\u00e9fecture de la C\u00f4te-d'Or.\nLa cheffe de service\nSIGNE\nFlora AL-HAKKAK\nDirection D\u00e9partementale de la Protection des Populations - 57 rue de Mulhouse  -  21 033 DIJON Cedex\nt\u00e9l : 03 80 29 43 53... - Fax : 03 80 29 43 53..... - m\u00e8l : ddpp@cote-dor.gouv.fr\nSite internet : http://www.cote-dor.gouv.fr\npage 2\nDirection d\u00e9partementale de la protection des populations de la C\u00f4te-d'Or - 21-2025-12-11-00005 - Arr\u00eat\u00e9 pr\u00e9fectoral N\u00b01797/2025 en\ndate du 11 d\u00e9cembre 2025 attribuant l habilitation sanitaire \u00e0 Coralie GANDELIN 15\nDirection d\u00e9partementale des territoires de la\nC\u00f4te-d'Or\nService Pr\u00e9servation et Am\u00e9nagement de\nl'Espace (SPAE)\n21-2025-12-12-00004\nArr\u00eat\u00e9 pr\u00e9fectoral du 12 d\u00e9cembre 2025\nportant renouvellement du bureau de\nl'association fonci\u00e8re de LOSNE\nDirection d\u00e9partementale des territoires de la C\u00f4te-d'Or - 21-2025-12-12-00004 - Arr\u00eat\u00e9 pr\u00e9fectoral du 12 d\u00e9cembre 2025\nportant renouvellement du bureau de l'association fonci\u00e8re de LOSNE 16\nDirection d\u00e9partementale des territoires\nde la C\u00f4te-d'Or\nArr\u00eat\u00e9 pr\u00e9fectoral du 12 d\u00e9cembre 2025\nportant renouvellement du bureau de l'association fonci\u00e8re de LOSNE\nLe Pr\u00e9fet de la C\u00f4te-d'Or\nVU le code rural et de la p\u00eache maritime, notamment ses articles L121-1 \u00e0 L121-26 ; L123-1 \u00e0 L123-35 ; \nL131-1 et L133-1 \u00e0 L133-7 ; R131-1 et R133-1 \u00e0 R133-15 ;\nVU  l'arr\u00eat\u00e9  pr\u00e9fectoral  n\u00b0142  DDA  du  25  avril  1966  relatif  \u00e0  la  constitution  d'une  association \nfonci\u00e8re dans la commune de LOSNE ;\nVU  l'arr\u00eat\u00e9  pr\u00e9fectoral  du  11  f\u00e9vrier  2013  approuvant  la  mise  en  conformit\u00e9  des  statuts  de  \nl'association fonci\u00e8re de LOSNE ;\nVU l'arr\u00eat\u00e9 pr\u00e9fectoral du 4 d\u00e9cembre 2019 dernier en date portant renouvellement du bureau de  \nl'association fonci\u00e8re de LOSNE ;\nVU l'arr\u00eat\u00e9  pr\u00e9fectoral  n\u00b0 507  /  SG  du  28  mars  2025  donnant  d\u00e9l\u00e9gation  de  signature  \u00e0  \nMme Manuelle DUPUY, directrice d\u00e9partementale des territoires de la C\u00f4te-d'Or ;\nVU l'arr\u00eat\u00e9 pr\u00e9fectoral n\u00b0 1333 du 28 ao\u00fbt 2025 portant d\u00e9l\u00e9gation de signature aux agents de la  \ndirection d\u00e9partementale des territoires de la C\u00f4te-d'Or ;\nVU la d\u00e9lib\u00e9ration du conseil municipal de  LOSNE  du 27 novembre 2025  d\u00e9signant la moiti\u00e9 des  \nmembres appel\u00e9s \u00e0 faire partie du nouveau bureau de l'association fonci\u00e8re de LOSNE ;\nVU le courrier du pr\u00e9sident de la chambre d'agriculture du 11 d\u00e9cembre 2025 d\u00e9signant l'autre  \nmoiti\u00e9 des membres ;\nSUR proposition de la directrice d\u00e9partementale des territoires ;\nA R R \u00ca T E\n1\nDirection d\u00e9partementale des territoires de la C\u00f4te-d'Or\n57 , rue de Mulhouse - BP 53317 - 21033 Dijon CEDEX\nT\u00e9l. : 03 80 29 44 44\nCourriel : ddt@cote-dor.gouv.fr - Site internet : \nhttp://www.cote-dor.gouv.fr\nDirection d\u00e9partementale des territoires de la C\u00f4te-d'Or - 21-2025-12-12-00004 - Arr\u00eat\u00e9 pr\u00e9fectoral du 12 d\u00e9cembre 2025\nportant renouvellement du bureau de l'association fonci\u00e8re de LOSNE 17\nARTICLE 1  er   : \nSont nomm\u00e9s membres du bureau de l'association fonci\u00e8re de LOSNE pour une p\u00e9riode de six ans :\n* le maire de la commune ou un conseiller municipal d\u00e9sign\u00e9 par lui ;\n* les propri\u00e9taires dont les noms suivent\nd\u00e9sign\u00e9s par le conseil municipal d\u00e9sign\u00e9s par la chambre d'agriculture\nM. Jean-Philippe DUBIEF M. Philippe DUBIEF\nM. Patrick GUERITTEE M. Jean-Claude ROBIN\nM. Richard LEVEQUE Mme Perrine ROBIN\nM. Fr\u00e9d\u00e9ric DUBIEF M. Henri BONNEFOY\nM. Pierre-Etienne CONTESSE M. Patrick CATINOT\n* la  directrice  d\u00e9partementale  des  territoires  de  la  C\u00f4te-d'Or  ou  son  repr\u00e9sentant,  avec  voix  \nconsultative.\nARTICLE 2     :   \nLe bureau \u00e9lira en son sein le pr\u00e9sident charg\u00e9 de l'ex\u00e9cution de ses d\u00e9lib\u00e9rations ainsi que le vice-\npr\u00e9sident et le secr\u00e9taire.\nARTICLE 3     : \nCette d\u00e9cision peut \u00eatre contest\u00e9e devant le tribunal administratif de Dijon dans un d\u00e9lai de 2 mois \n\u00e0 compter de sa publication.\nARTICLE 4 : \nLa directrice d\u00e9partementale des territoires de la C\u00f4te-d'Or, le pr\u00e9sident de l'association fonci\u00e8re  \nde LOSNE et le maire de la commune de LOSNE, sont charg\u00e9s, chacun en ce qui le concerne, de  \nl'ex\u00e9cution des dispositions du pr\u00e9sent arr\u00eat\u00e9 qui sera publi\u00e9 au recueil des actes administratifs de  \nla pr\u00e9fecture, notifi\u00e9 \u00e0 chacun des membres de l'association fonci\u00e8re et affich\u00e9 dans la commune  \nde LOSNE.\nFait \u00e0 Dijon, le 12 d\u00e9cembre 2025\nPour le pr\u00e9fet et par d\u00e9l\u00e9gation,\nPour la directrice d\u00e9partementale,\nle chef du bureau nature, sites, \n\u00e9nergies renouvelables\nSign\u00e9 : Laurent TISNE\n2\nDirection d\u00e9partementale des territoires de la C\u00f4te-d'Or - 21-2025-12-12-00004 - Arr\u00eat\u00e9 pr\u00e9fectoral du 12 d\u00e9cembre 2025\nportant renouvellement du bureau de l'association fonci\u00e8re de LOSNE 18\nDirection d\u00e9partementale des territoires de la\nC\u00f4te-d'Or\nService Pr\u00e9servation et Am\u00e9nagement de\nl'Espace (SPAE)\n21-2025-12-12-00003\nArr\u00eat\u00e9 pr\u00e9fectoral du 12 d\u00e9cembre 2025\nportant renouvellement du bureau de\nl'association fonci\u00e8re de LUX\nDirection d\u00e9partementale des territoires de la C\u00f4te-d'Or - 21-2025-12-12-00003 - Arr\u00eat\u00e9 pr\u00e9fectoral du 12 d\u00e9cembre 2025\nportant renouvellement du bureau de l'association fonci\u00e8re de LUX 19\nDirection d\u00e9partementale des territoires\nde la C\u00f4te-d'Or\nArr\u00eat\u00e9 pr\u00e9fectoral du 12 d\u00e9cembre 2025\nportant renouvellement du bureau de l'association fonci\u00e8re de LUX\nLe Pr\u00e9fet de la C\u00f4te-d'Or\nVU le code rural et de la p\u00eache maritime, notamment ses articles L121-1 \u00e0 L121-26 ; L123-1 \u00e0 L123-35 ; \nL131-1 et L133-1 \u00e0 L133-7 ; R131-1 et R133-1 \u00e0 R133-15 ;\nVU  l'arr\u00eat\u00e9  pr\u00e9fectoral  n\u00b042  DDA  du  4  f\u00e9vrier  1966  relatif  \u00e0  la  constitution  d'une  association \nfonci\u00e8re dans la commune de LUX ;\nVU  l'arr\u00eat\u00e9 pr\u00e9fectoral du 21 d\u00e9cembre 2011 approuvant la mise en conformit\u00e9 des statuts de  \nl'association fonci\u00e8re de LUX ;\nVU  l'arr\u00eat\u00e9 pr\u00e9fectoral du 11 fevrier 2019 dernier en date portant renouvellement du bureau de  \nl'association fonci\u00e8re de LUX ;\nVU l'arr\u00eat\u00e9  pr\u00e9fectoral  n\u00b0 507  /  SG  du  28  mars  2025  donnant  d\u00e9l\u00e9gation  de  signature  \u00e0  \nMme Manuelle DUPUY, directrice d\u00e9partementale des territoires de la C\u00f4te-d'Or ;\nVU l'arr\u00eat\u00e9 pr\u00e9fectoral n\u00b0 1333 du 28 ao\u00fbt 2025 portant d\u00e9l\u00e9gation de signature aux agents de la  \ndirection d\u00e9partementale des territoires de la C\u00f4te-d'Or ;\nVU la  d\u00e9lib\u00e9ration  du  conseil  municipal  de  LUX  du  27  octobre  2025 d\u00e9signant  la  moiti\u00e9  des \nmembres appel\u00e9s \u00e0 faire partie du nouveau bureau de l'association fonci\u00e8re de LUX ;\nVU le courrier du pr\u00e9sident de la chambre d'agriculture du 11 d\u00e9cembre 2025 d\u00e9signant l'autre  \nmoiti\u00e9 des membres ;\nSUR proposition de la directrice d\u00e9partementale des territoires ;\nA R R \u00ca T E\n1\nDirection d\u00e9partementale des territoires de la C\u00f4te-d'Or\n57 , rue de Mulhouse - BP 53317 - 21033 Dijon CEDEX\nT\u00e9l. : 03 80 29 44 44\nCourriel : ddt@cote-dor.gouv.fr - Site internet : \nhttp://www.cote-dor.gouv.fr\nDirection d\u00e9partementale des territoires de la C\u00f4te-d'Or - 21-2025-12-12-00003 - Arr\u00eat\u00e9 pr\u00e9fectoral du 12 d\u00e9cembre 2025\nportant renouvellement du bureau de l'association fonci\u00e8re de LUX 20\nARTICLE 1  er   : \nSont nomm\u00e9s membres du bureau de l'association fonci\u00e8re de LUX pour une p\u00e9riode de six ans :\n* le maire de la commune ou un conseiller municipal d\u00e9sign\u00e9 par lui ;\n* les propri\u00e9taires dont les noms suivent\nd\u00e9sign\u00e9s par le conseil municipal d\u00e9sign\u00e9s par la chambre d'agriculture\nM. Christian BAILLET M. Laurent BACHELARD\nM. Michel CARTAUT M. Nicolas BACHOTET\nM. Vincent LECURET M. Guillaume BECOURT\nM. Patrick PEUREUX M. Fabrice CARTAUT\nM. Jean-Marc SEGUIN M. Guillaume LECURET\n* la  directrice  d\u00e9partementale  des  territoires  de  la  C\u00f4te-d'Or  ou  son  repr\u00e9sentant,  avec  voix  \nconsultative.\nARTICLE 2     :   \nLe bureau \u00e9lira en son sein le pr\u00e9sident charg\u00e9 de l'ex\u00e9cution de ses d\u00e9lib\u00e9rations ainsi que le vice-\npr\u00e9sident et le secr\u00e9taire.\nARTICLE 3     : \nCette d\u00e9cision peut \u00eatre contest\u00e9e devant le tribunal administratif de Dijon dans un d\u00e9lai de 2 mois \n\u00e0 compter de sa publication.\nARTICLE 4 : \nLa directrice d\u00e9partementale des territoires de la C\u00f4te-d'Or, le pr\u00e9sident de l'association fonci\u00e8re  \nde  LUX  et  le  maire  de  la  commune  de  LUX,  sont  charg\u00e9s,  chacun  en  ce  qui  le  concerne,  de \nl'ex\u00e9cution des dispositions du pr\u00e9sent arr\u00eat\u00e9 qui sera publi\u00e9 au recueil des actes administratifs de  \nla pr\u00e9fecture, notifi\u00e9 \u00e0 chacun des membres de l'association fonci\u00e8re et affich\u00e9 dans la commune  \nde LUX.\nFait \u00e0 Dijon, le 12 d\u00e9cembre 2025\nPour le pr\u00e9fet et par d\u00e9l\u00e9gation,\nPour la directrice d\u00e9partementale,\nle chef du bureau nature, sites, \n\u00e9nergies renouvelables\nSign\u00e9 : Laurent TISNE\n2\nDirection d\u00e9partementale des territoires de la C\u00f4te-d'Or - 21-2025-12-12-00003 - Arr\u00eat\u00e9 pr\u00e9fectoral du 12 d\u00e9cembre 2025\nportant renouvellement du bureau de l'association fonci\u00e8re de LUX 21\nDirection d\u00e9partementale des territoires de la\nC\u00f4te-d'Or\nService Pr\u00e9servation et Am\u00e9nagement de\nl'Espace (SPAE)\n21-2025-12-12-00002\nArr\u00eat\u00e9 pr\u00e9fectoral du 12 d\u00e9cembre 2025\nportant renouvellement du bureau de\nl'association fonci\u00e8re de VILLY-LE-MOUTIER\nDirection d\u00e9partementale des territoires de la C\u00f4te-d'Or - 21-2025-12-12-00002 - Arr\u00eat\u00e9 pr\u00e9fectoral du 12 d\u00e9cembre 2025\nportant renouvellement du bureau de l'association fonci\u00e8re de VILLY-LE-MOUTIER 22\nDirection d\u00e9partementale des territoires\nde la C\u00f4te-d'Or\nArr\u00eat\u00e9 pr\u00e9fectoral du 12 d\u00e9cembre 2025\nportant renouvellement du bureau de l'association fonci\u00e8re de VILLY-LE-MOUTIER\nLe Pr\u00e9fet de la C\u00f4te-d'Or\nVU le code rural et de la p\u00eache maritime, notamment ses articles L121-1 \u00e0 L121-26 ; L123-1 \u00e0 L123-35 ; \nL131-1 et L133-1 \u00e0 L133-7 ; R131-1 et R133-1 \u00e0 R133-15 ;\nVU  l'arr\u00eat\u00e9 pr\u00e9fectoral du 19 mai 1964 relatif \u00e0 la constitution d'une association fonci\u00e8re dans la  \ncommune de VILLY-LE-MOUTIER ;\nVU  l'arr\u00eat\u00e9  pr\u00e9fectoral  du  21  janvier  2013  approuvant  la  mise  en  conformit\u00e9  des  statuts  de  \nl'association fonci\u00e8re de VILLY-LE-MOUTIER ;\nVU l'arr\u00eat\u00e9 pr\u00e9fectoral du 2 septembre 2019 dernier en date portant renouvellement du bureau de  \nl'association fonci\u00e8re de VILLY-LE-MOUTIER ;\nVU l'arr\u00eat\u00e9  pr\u00e9fectoral  n\u00b0 507  /  SG  du  28  mars  2025  donnant  d\u00e9l\u00e9gation  de  signature  \u00e0  \nMme Manuelle DUPUY, directrice d\u00e9partementale des territoires de la C\u00f4te-d'Or ;\nVU l'arr\u00eat\u00e9 pr\u00e9fectoral n\u00b0 1333 du 28 ao\u00fbt 2025 portant d\u00e9l\u00e9gation de signature aux agents de la  \ndirection d\u00e9partementale des territoires de la C\u00f4te-d'Or ;\nVU la d\u00e9lib\u00e9ration du conseil municipal de VILLY-LE-MOUTIER du 30 septembre 2025  d\u00e9signant la \nmoiti\u00e9 des membres appel\u00e9s \u00e0 faire partie du nouveau bureau de l'association fonci\u00e8re de VILLY-LE-\nMOUTIER ;\nVU le courrier du pr\u00e9sident de la chambre d'agriculture du 11 d\u00e9cembre 2025 d\u00e9signant l'autre  \nmoiti\u00e9 des membres ;\nSUR proposition de la directrice d\u00e9partementale des territoires ;\nA R R \u00ca T E\n1\nDirection d\u00e9partementale des territoires de la C\u00f4te-d'Or\n57 , rue de Mulhouse - BP 53317 - 21033 Dijon CEDEX\nT\u00e9l. : 03 80 29 44 44\nCourriel : ddt@cote-dor.gouv.fr - Site internet : \nhttp://www.cote-dor.gouv.fr\nDirection d\u00e9partementale des territoires de la C\u00f4te-d'Or - 21-2025-12-12-00002 - Arr\u00eat\u00e9 pr\u00e9fectoral du 12 d\u00e9cembre 2025\nportant renouvellement du bureau de l'association fonci\u00e8re de VILLY-LE-MOUTIER 23\nARTICLE 1  er   : \nSont nomm\u00e9s membres du bureau de l'association fonci\u00e8re de VILLY-LE-MOUTIER pour une p\u00e9riode \nde six ans :\n* le maire de la commune ou un conseiller municipal d\u00e9sign\u00e9 par lui ;\n* les propri\u00e9taires dont les noms suivent\nd\u00e9sign\u00e9s par le conseil municipal d\u00e9sign\u00e9s par la chambre d'agriculture\nM. Pierre JOIGNEAULT M. Bernard BIETRY\nM. Pierre DOREY M. Beno\u00eet COTETIDOT\nM. Damien BOUDROT M. Jean-Fran\u00e7ois FAIVRE\nM. Julien THIBAULT M. Beno\u00eet VIAL\n* la  directrice  d\u00e9partementale  des  territoires  de  la  C\u00f4te-d'Or  ou  son  repr\u00e9sentant,  avec  voix  \nconsultative.\nARTICLE 2     :   \nLe bureau \u00e9lira en son sein le pr\u00e9sident charg\u00e9 de l'ex\u00e9cution de ses d\u00e9lib\u00e9rations ainsi que le vice-\npr\u00e9sident et le secr\u00e9taire.\nARTICLE 3     : \nCette d\u00e9cision peut \u00eatre contest\u00e9e devant le tribunal administratif de Dijon dans un d\u00e9lai de 2 mois \n\u00e0 compter de sa publication.\nARTICLE 4 : \nLa directrice d\u00e9partementale des territoires de la C\u00f4te-d'Or, le pr\u00e9sident de l'association fonci\u00e8re  \nde VILLY-LE-MOUTIER et le maire de la commune de VILLY-LE-MOUTIER, sont charg\u00e9s, chacun en ce \nqui le concerne, de l'ex\u00e9cution des dispositions du pr\u00e9sent arr\u00eat\u00e9 qui sera publi\u00e9 au recueil des  \nactes administratifs de la pr\u00e9fecture, notifi\u00e9 \u00e0 chacun des membres de l'association fonci\u00e8re et  \naffich\u00e9 dans la commune de VILLY-LE-MOUTIER.\nFait \u00e0 Dijon, le 12 d\u00e9cembre 2025\nPour le pr\u00e9fet et par d\u00e9l\u00e9gation,\nPour la directrice d\u00e9partementale,\nle chef du bureau nature, sites, \n\u00e9nergies renouvelables\nSign\u00e9 : Laurent TISNE\n2\nDirection d\u00e9partementale des territoires de la C\u00f4te-d'Or - 21-2025-12-12-00002 - Arr\u00eat\u00e9 pr\u00e9fectoral du 12 d\u00e9cembre 2025\nportant renouvellement du bureau de l'association fonci\u00e8re de VILLY-LE-MOUTIER 24\nDRFiP Bourgogne Franche-Comt\u00e9\n21-2025-12-15-00006\nDRFIP 21 - Mise \u00e0 jour des param\u00e8tres\nd\u00e9partementaux d'\u00e9valuation des  locaux\nprofessionnels  pour les impositions 2026\nDRFiP Bourgogne Franche-Comt\u00e9 - 21-2025-12-15-00006 - DRFIP 21 - Mise \u00e0 jour des param\u00e8tres d\u00e9partementaux d'\u00e9valuation des \nlocaux professionnels  pour les impositions 2026 25\nDIRECTION R\u00c9GIONALE DES FINANCES PUBLIQUES DE\nBOURGOGNE-FRANCHE-COMT\u00c9 ET DU D\u00c9PARTEMENT DE\nLA C\u00d4TE-D'OR \nMISE \u00c0 JOUR \nDES PARAM\u00c8TRES D\u00c9PARTEMENTAUX D'\u00c9VALUATION \nDES LOCAUX PROFESSIONNELS POUR LES IMPOSITIONS 2026\nInformations g\u00e9n\u00e9rales\nLe  dispositif  de  mise  \u00e0  jour  des  param\u00e8tres  d\u00e9partementa ux  d'\u00e9valuation  des\nlocaux professionnels d\u00e9crit \u00e0 l'article   1518 ter    du code g\u00e9n\u00e9ral des imp\u00f4ts (CGI) pr\u00e9voit que :\n- les tarifs sont mis \u00e0 jour annuellement par l'administration fiscale ;\n- les coefficients de localisation  peuvent \u00eatre mis \u00e0 jour les troisi\u00e8me et cinqui\u00e8me ann\u00e9e s\nsuivant le renouvellement g\u00e9n\u00e9ral des conseils  municipaux. Aussi, en 2026, la commission\nd\u00e9partementale des valeurs locatives (CDVL) a pu modifier  l'application des coefficients de\nlocalisation apr\u00e8s avis des commissions  communales et intercommunales des imp\u00f4ts  directs\npr\u00e9vues aux articles 1650 et 1650 A du CGI.\nSituation du d\u00e9partement de    La C\u00f4te-d'Or   \nConform\u00e9ment aux dispositions de l' article 334      A    de l'annexe II du CGI, les derniers tarifs\npubli\u00e9s au recueil des actes administratifs par n\u00b0 21-2024-167 en date du 29/11/2024 ont \u00e9t\u00e9 mis\n\u00e0 jour des \u00e9volutions de loyer constat\u00e9es.\nLors de sa r\u00e9union du 03/11/2025 , la CDVL a\n :\n- reconduit les coefficients de localisation appliqu\u00e9s au x parcelles n'ayant pas fait l'objet de\nmodification.\nPublication des param\u00e8tres d\u00e9partementaux d'\u00e9valuation\nConform\u00e9ment aux dispositions de l'article 371 ter S de l'annexe II au CGI, sont publi\u00e9s :\n- les tarifs tels qu'\u00e9tablis par l'administration fisca le pour chaque cat\u00e9gorie de locaux\nprofessionnels dans chaque secteur au niveau du d\u00e9partement  (annexe 1) ;\nVoie et d\u00e9lai de recours\nLes d\u00e9cisions figurant dans le document pourront faire  l'objet d'un recours pour exc\u00e8s de\npouvoir devant le tribunal administratif de Dijon da ns le d\u00e9lai de deux mois suivant leur\npublication.\n*       *\n*\nDRFiP Bourgogne Franche-Comt\u00e9 - 21-2025-12-15-00006 - DRFIP 21 - Mise \u00e0 jour des param\u00e8tres d\u00e9partementaux d'\u00e9valuation des \nlocaux professionnels  pour les impositions 2026 26\nLa directrice  r\u00e9gionale des finances publiques de BOUR GOGNE-FRANCHE-COMT\u00c9 et du\nd\u00e9partement de la C\u00d4TE-D'OR ;\nVu le code g\u00e9n\u00e9ral des imp\u00f4ts, et notamment l'\narticle 1518 ter  et les articles   371    ter S de\nl'annexe II et 3   3   4   A    de l'annexe II au m\u00eame code ;\nVu la d\u00e9cision de la commission d\u00e9partementale des val eurs locatives arr\u00eatant la liste des\nparcelles affect\u00e9es d'une modification des coefficients de localisation en date du 03/11/2025\nD\u00e9cide\nArticle 1er\n- l'application des tarifs \u00e0 retenir pour la d\u00e9termination  des valeurs locatives des locaux\nprofessionnels servant de base aux impositions \u00e9tablies en 2026.\nArticle 2\n- l'application des coefficients de localisation \u00e0 retenir  pour la d\u00e9termination des valeurs\nlocatives des locaux professionnels servant de base au x impositions \u00e9tablies en 2026 tels\nqu'arr\u00eat\u00e9s par la commission d\u00e9partementale des valeurs  locatives dans sa r\u00e9union du\n03/11/2025.\nArticle 3\n- la publication de la pr\u00e9sente d\u00e9cision au recueil des actes administratifs du d\u00e9partement.\nDijon, le 15 d\u00e9cembre 2025\nLa directrice  r\u00e9gionale des finances publiques de BOUR GOGNE-FRANCHE-COMT\u00c9 et du\nd\u00e9partement de la C\u00d4TE-D'OR \nH\u00e9l\u00e8ne Crocquevieille\nDRFiP Bourgogne Franche-Comt\u00e9 - 21-2025-12-15-00006 - DRFIP 21 - Mise \u00e0 jour des param\u00e8tres d\u00e9partementaux d'\u00e9valuation des \nlocaux professionnels  pour les impositions 2026 27\nD\u00e9partement : C\u00f4te-d'Or\nMise \u00e0 jour des tarifs et des valeurs locatives des locaux professionnels\npris pour l'application du I de l'article 1518 ter du code g\u00e9n\u00e9ral des imp\u00f4ts\npour les impositions 2026\nCat\u00e9gories\nTarifs 2026 (\u20ac/m\u00b2)\nsecteur 1 secteur 2 secteur 3 secteur 4 secteur 5 secteur 6\nATE1 42.4 56.7 66.7 79.4 75.2 164.9\nATE2 39.0 51.8 62.0 70.8 106.7 103.7\nATE3 21.5 21.5 21.5 21.5 21.5 21.5\nBUR1 106.3 124.4 143.3 158.8 157.8 179.8\nBUR2 112.1 118.9 145.2 170.2 175.9 193.0\nBUR3 112.8 113.7 155.1 155.5 188.4 195.4\nCLI1 155.3 155.3 155.3 161.8 155.3 155.3\nCLI2 102.8 99.1 98.8 117.0 117.0 117.0\nCLI3 104.4 110.6 129.3 117.7 119.9 119.9\nCLI4 99.1 99.1 99.1 99.1 99.1 99.1\nDEP1 12.2 21.1 21.8 21.7 34.7 52.2\nDEP2 40.6 48.9 59.0 64.1 101.0 151.5\nDEP3 7.0 28.1 46.7 47.3 53.3 59.5\nDEP4 18.4 34.1 41.1 47.4 50.0 83.2\nDEP5 50.8 64.1 65.1 66.9 87.6 87.6\nENS1 17.6 17.6 63.5 63.5 63.5 63.5\nENS2 34.2 34.2 119.7 123.7 150.5 178.9\nHOT1 120.5 132.8 130.9 132.8 133.8 185.6\nHOT2 52.7 54.7 71.7 92.2 98.3 133.1\nHOT3 39.0 43.5 82.4 82.6 84.9 91.2\nHOT4 55.6 68.1 78.2 90.7 90.7 90.7\nHOT5 67.0 122.8 122.8 126.8 133.4 238.4\nIND1 26.2 42.5 42.5 46.8 55.0 55.0\nIND2 0.3 0.3 0.3 0.3 0.3 0.3\nMAG1 66.5 106.8 143.7 178.6 215.3 281.4\nMAG2 74.9 112.3 113.5 165.0 190.0 214.2\nMAG3 80.4 176.9 255.0 360.4 613.4 914.0\nMAG4 61.4 63.9 87.8 100.5 143.6 251.1\nMAG5 72.0 74.4 73.6 72.3 121.1 148.4\nMAG6 40.4 55.2 74.8 74.6 73.4 74.1\nMAG7 58.8 58.8 58.8 58.8 58.8 59.6\nSPE1 23.9 41.6 59.7 97.3 97.3 97.3\nSPE2 20.2 28.9 50.6 81.5 84.6 101.6\nSPE3 55.0 63.4 67.8 90.2 90.2 232.9\nSPE4 1.6 1.6 1.6 1.6 1.6 1.6\nSPE5 0.9 0.9 0.9 0.9 0.9 0.9\nSPE6 86.3 86.3 137.3 137.3 137.3 146.2\nSPE7 28.1 28.1 28.1 28.1 28.1 28.1\nDRFiP Bourgogne Franche-Comt\u00e9 - 21-2025-12-15-00006 - DRFIP 21 - Mise \u00e0 jour des param\u00e8tres d\u00e9partementaux d'\u00e9valuation des \nlocaux professionnels  pour les impositions 2026 28\nPr\u00e9fecture de la C\u00f4te-d'Or\nCabinet\n21-2025-11-04-00005\nArr\u00eat\u00e9 portant attribution de la m\u00e9daille\nd'honneur des sapeurs-pompiers - promotion du\n04 d\u00e9cembre 2025\nPr\u00e9fecture de la C\u00f4te-d'Or - 21-2025-11-04-00005 - Arr\u00eat\u00e9 portant attribution de la m\u00e9daille d'honneur des sapeurs-pompiers -\npromotion du 04 d\u00e9cembre 2025 29\nArr\u00eat\u00e9 portant attribution\nde la m\u00e9daille d'honneur des sapeurs-pompiers\n- promotion du 04 d\u00e9cembre 2025 -\nLe Pr\u00e9fet de la r\u00e9gion Bourgogne-Franche-Comt\u00e9,\nPr\u00e9fet de la C\u00f4te-d'Or,\nVU le code de la s\u00e9curit\u00e9 int\u00e9rieure, notamment ses articles R. 723-1 et suivants ;\nVU le d\u00e9cret n\u00b090-850 du 25 septembre 1990 modifi\u00e9 relatif aux dispositions communes \u00e0 l'ensemble  \ndes sapeurs-pompiers professionnels ; \nVU le d\u00e9cret n\u00b02017-1155 du 10 juillet 2017 relatif \u00e0 la m\u00e9daille d'honneur des sapeurs-pompiers ;\nVU l'avis du Directeur d\u00e9partemental des services d'incendie et de secours de la C\u00f4te-d'Or ;\nSUR proposition de Monsieur le Pr\u00e9fet ;\nA R R E T E :\nArticle 1er  : La m\u00e9daille d'honneur des sapeurs-pompiers est d\u00e9cern\u00e9e aux personnes dont les noms  \nsuivent, qui ont constamment fait preuve de d\u00e9vouement :\nM\u00c9DAILLE D'OR\nCommandant Micka\u00ebl REGAZZONI sapeur-pompier professionnel Groupement coordination des structures mixtes\nAdjudant Laurent RICHARD sapeur-pompier professionnel CTA - CODIS\nLieutenant de 1\u00e8re classe Julien VANDENSKRICK sapeur-pompier professionnel Groupement de la mise en \u0153uvre op\u00e9rationnelle\nAdjudante-cheffe Aur\u00e9lie MENELOT sapeur-pompier volontaire CIS de Saint-Seine-l'Abbaye\nLieutenant Pierre-Laurent FOURNIER sapeur-pompier volontaire CIS de Val d'Ouche\nSergent-chef Vicente GARCIA sapeur-pompier volontaire CIS de Laignes\nAdjudant-chef Claude PAYEBIN sapeur-pompier volontaire CIS de Toutry\nAdjudant-chef Fr\u00e9d\u00e9ric BOS sapeur-pompier volontaire CIS de Saint-Jean-de-Losne\nPr\u00e9fecture de la C\u00f4te-d'Or - 21-2025-11-04-00005 - Arr\u00eat\u00e9 portant attribution de la m\u00e9daille d'honneur des sapeurs-pompiers -\npromotion du 04 d\u00e9cembre 2025 30\nCaporal-chef Jean-Philippe VAUTHIER sapeur-pompier volontaire CIS de Saint-Jean-de-Losne\nM\u00c9DAILLE D'ARGENT\nSergent-chef Anthony HERMAIZE sapeur-pompier professionnel CIS Dijon Transvaal\nSergent-chef Antoine LEGROS sapeur-pompier professionnel CTA - CODIS\nSergent-chef Ga\u00ebtan REMOND sapeur-pompier professionnel CIS Dijon Transvaal\nCapitaine Thomas RENAUD sapeur-pompier professionnel CIS Dijon Nord\nInfirmier Julien VANNIER sapeur-pompier professionnel Sous-direction Sant\u00e9\nCaporal-chef Pierre BOUCHOT sapeur-pompier volontaire CIS Dijon Est\nSergent-chef K\u00e9vin MICHEL sapeur-pompier volontaire CIS de Sombernon\nCaporal-chef J\u00e9r\u00e9my TOLLIS sapeur-pompier volontaire CIS de Sombernon\nAdjudant-chef Franck CURE sapeur-pompier volontaire CIS de Genlis\nSergent-chef Ludovic MUTIN sapeur-pompier volontaire CIS de Genlis\nSergente-cheffe Isabelle GALLIMARDET sapeur-pompier volontaire CIS de Aignay-le-Duc\nSergent-chef Emmanuel MIGNOT sapeur-pompier volontaire CIS de Semur-en-Auxois\nCaporal-chef Micha\u00ebl CAPPELAERE sapeur-pompier volontaire CIS de Beaune\nLieutenant Cyrill CONTET sapeur-pompier volontaire CIS de Beaune\nSergent-chef Pierre BECOUZE sapeur-pompier volontaire CIS de Nolay\nAdjudant Laurent GDULA sapeur-pompier volontaire CIS de Nuits-Saint-Georges\nCaporal-chef Arnaud HENRIOT sapeur-pompier volontaire CIS de Nuits-Saint-Georges\nAdjudant Pierre FOURNIER sapeur-pompier volontaire CIS des Deux C\u00f4tes\nAdjudant-chef Laurent PETRIGNET sapeur-pompier volontaire CIS de Gevrey-Chambertin\nAdjudant Mathieu LAUPRETRE sapeur-pompier volontaire CIS de Saint-Jean-de-Losne\nCaporal-chef Fabien LEMOINE sapeur-pompier volontaire CIS de Saint-Jean-de-Losne\nM\u00c9DAILLE DE BRONZE\nSergent Anthony BERTHET BONDET sapeur-pompier professionnel CIS Dijon Transvaal\nLieutenant de 2\u00e8me classe Gabin HANNETON sapeur-pompier professionnel CTA - CODIS\nCaporal Olivier JACQUET sapeur-pompier volontaire CIS Dijon Nord\nSapeur de 1\u00e8re classe S\u00e9bastien MANTEZ sapeur-pompier volontaire CIS Dijon Nord\nCaporal Nabil SI-BOUAZZA sapeur-pompier volontaire CIS Dijon Nord\nSapeure de 1\u00e8re classe M\u00e9lody HOF sapeur-pompier volontaire CIS de Fontaine-Fran\u00e7aise\nSergente Lucie BOULEY sapeur-pompier volontaire CIS d'Aisey-sur-Seine\nInfirmier Cyril AMBROISE sapeur-pompier volontaire CIS de Baigneux-les-Juifs\nSergent Yannick GASLONDE sapeur-pompier volontaire CIS de Laignes\nSapeure de 1\u00e8re classe St\u00e9phanie MONSAT sapeur-pompier volontaire CIS de Semur-en-Auxois\nCaporal Emeric THINEY sapeur-pompier volontaire CIS de Toutry\nSapeure de 1\u00e8re classe Laura CAVELIER sapeur-pompier volontaire CIS de Vitteaux\nPr\u00e9fecture de la C\u00f4te-d'Or - 21-2025-11-04-00005 - Arr\u00eat\u00e9 portant attribution de la m\u00e9daille d'honneur des sapeurs-pompiers -\npromotion du 04 d\u00e9cembre 2025 31\nCaporale-cheffe Elodie CLAVIER sapeur-pompier volontaire CIS de Beaune\nCaporal-chef Fabien LAURENT sapeur-pompier volontaire CIS de Beaune\nCaporal-chef Antoine PATIN sapeur-pompier volontaire CIS de Beaune\nCaporal-chef J\u00e9r\u00e9my CHAINARD sapeur-pompier volontaire CIS de Saint-Jean-de-Losne\nSapeur de 1\u00e8re classe Damien MIOCH sapeur-pompier volontaire CPI de Merceuil\nSergente Fabienne DE LA CHARLERIE sapeur-pompier volontaire CIS de Pontailler-sur-Sa\u00f4ne\nArticle 2 : La Sous-Pr\u00e9f\u00e8te, Directrice de cabinet, est charg\u00e9e de l'ex\u00e9cution du pr\u00e9sent arr\u00eat\u00e9 qui sera  \npubli\u00e9 au recueil des actes administratifs de la pr\u00e9fecture.\nFait \u00e0 Dijon, le 04 novembre 2025\nLe Pr\u00e9fet\nSIGNE\nPaul MOURIER\nPr\u00e9fecture de la C\u00f4te-d'Or - 21-2025-11-04-00005 - Arr\u00eat\u00e9 portant attribution de la m\u00e9daille d'honneur des sapeurs-pompiers -\npromotion du 04 d\u00e9cembre 2025 32\nPr\u00e9fecture de la C\u00f4te-d'Or\nDirection des Collectivit\u00e9s locales et des\nElections \n21-2025-12-15-00005\nArr\u00eat\u00e9 pr\u00e9fectoral portant extension du\np\u00e9rim\u00e8tre du Syndicat Intercommunal des Eaux\net de l'Assainissement de la Vall\u00e9e du Suzon\nPr\u00e9fecture de la C\u00f4te-d'Or - 21-2025-12-15-00005 - Arr\u00eat\u00e9 pr\u00e9fectoral portant extension du p\u00e9rim\u00e8tre du Syndicat Intercommunal des\nEaux et de l'Assainissement de la Vall\u00e9e du Suzon 33\nPr\u00e9fecture de la C\u00f4te-d'Or - 21-2025-12-15-00005 - Arr\u00eat\u00e9 pr\u00e9fectoral portant extension du p\u00e9rim\u00e8tre du Syndicat Intercommunal des\nEaux et de l'Assainissement de la Vall\u00e9e du Suzon 34\nPr\u00e9fecture de la C\u00f4te-d'Or - 21-2025-12-15-00005 - Arr\u00eat\u00e9 pr\u00e9fectoral portant extension du p\u00e9rim\u00e8tre du Syndicat Intercommunal des\nEaux et de l'Assainissement de la Vall\u00e9e du Suzon 35\nPr\u00e9fecture de la C\u00f4te-d'Or - 21-2025-12-15-00005 - Arr\u00eat\u00e9 pr\u00e9fectoral portant extension du p\u00e9rim\u00e8tre du Syndicat Intercommunal des\nEaux et de l'Assainissement de la Vall\u00e9e du Suzon 36\nPr\u00e9fecture de la C\u00f4te-d'Or - 21-2025-12-15-00005 - Arr\u00eat\u00e9 pr\u00e9fectoral portant extension du p\u00e9rim\u00e8tre du Syndicat Intercommunal des\nEaux et de l'Assainissement de la Vall\u00e9e du Suzon 37\nPr\u00e9fecture de la C\u00f4te-d'Or - 21-2025-12-15-00005 - Arr\u00eat\u00e9 pr\u00e9fectoral portant extension du p\u00e9rim\u00e8tre du Syndicat Intercommunal des\nEaux et de l'Assainissement de la Vall\u00e9e du Suzon 38\nPr\u00e9fecture de la C\u00f4te-d'Or - 21-2025-12-15-00005 - Arr\u00eat\u00e9 pr\u00e9fectoral portant extension du p\u00e9rim\u00e8tre du Syndicat Intercommunal des\nEaux et de l'Assainissement de la Vall\u00e9e du Suzon 39\nPr\u00e9fecture de la C\u00f4te-d'Or - 21-2025-12-15-00005 - Arr\u00eat\u00e9 pr\u00e9fectoral portant extension du p\u00e9rim\u00e8tre du Syndicat Intercommunal des\nEaux et de l'Assainissement de la Vall\u00e9e du Suzon 40\nPr\u00e9fecture de la C\u00f4te-d'Or - 21-2025-12-15-00005 - Arr\u00eat\u00e9 pr\u00e9fectoral portant extension du p\u00e9rim\u00e8tre du Syndicat Intercommunal des\nEaux et de l'Assainissement de la Vall\u00e9e du Suzon 41\nPr\u00e9fecture de la C\u00f4te-d'Or\nDirection des s\u00e9curit\u00e9s\n21-2025-12-05-00002\nArr\u00eat\u00e9 pr\u00e9fectoral dressant la liste des syst\u00e8mes\nde vid\u00e9oprotection autoris\u00e9s \u00e0 la suite de la\ncommission d\u00e9partementale de vid\u00e9oprotection\ndu 5 d\u00e9cembre 2025\nPr\u00e9fecture de la C\u00f4te-d'Or - 21-2025-12-05-00002 - Arr\u00eat\u00e9 pr\u00e9fectoral dressant la liste des syst\u00e8mes de vid\u00e9oprotection autoris\u00e9s \u00e0 la\nsuite de la commission d\u00e9partementale de vid\u00e9oprotection du 5 d\u00e9cembre 2025 42\nPr\u00e9fecture de la C\u00f4te-d'Or - 21-2025-12-05-00002 - Arr\u00eat\u00e9 pr\u00e9fectoral dressant la liste des syst\u00e8mes de vid\u00e9oprotection autoris\u00e9s \u00e0 la\nsuite de la commission d\u00e9partementale de vid\u00e9oprotection du 5 d\u00e9cembre 2025 43\nPr\u00e9fecture de la C\u00f4te-d'Or - 21-2025-12-05-00002 - Arr\u00eat\u00e9 pr\u00e9fectoral dressant la liste des syst\u00e8mes de vid\u00e9oprotection autoris\u00e9s \u00e0 la\nsuite de la commission d\u00e9partementale de vid\u00e9oprotection du 5 d\u00e9cembre 2025 44\nPr\u00e9fecture de la C\u00f4te-d'Or - 21-2025-12-05-00002 - Arr\u00eat\u00e9 pr\u00e9fectoral dressant la liste des syst\u00e8mes de vid\u00e9oprotection autoris\u00e9s \u00e0 la\nsuite de la commission d\u00e9partementale de vid\u00e9oprotection du 5 d\u00e9cembre 2025 45\nPr\u00e9fecture de la C\u00f4te-d'Or - 21-2025-12-05-00002 - Arr\u00eat\u00e9 pr\u00e9fectoral dressant la liste des syst\u00e8mes de vid\u00e9oprotection autoris\u00e9s \u00e0 la\nsuite de la commission d\u00e9partementale de vid\u00e9oprotection du 5 d\u00e9cembre 2025 46\nPr\u00e9fecture de la C\u00f4te-d'Or - 21-2025-12-05-00002 - Arr\u00eat\u00e9 pr\u00e9fectoral dressant la liste des syst\u00e8mes de vid\u00e9oprotection autoris\u00e9s \u00e0 la\nsuite de la commission d\u00e9partementale de vid\u00e9oprotection du 5 d\u00e9cembre 2025 47\nPr\u00e9fecture de la C\u00f4te-d'Or\nP\u00f4le juridique inter-services\n21-2025-12-16-00015\nArr\u00eat\u00e9 pr\u00e9fectoral n\u00b0 1830 / SG du 16 d\u00e9cembre\n2025\n donnant d\u00e9l\u00e9gation de signature au g\u00e9n\u00e9ral de\ndivision Christophe HUSSON,\ncommandant de la r\u00e9gion de gendarmerie\nBourgogne-Franche-Comt\u00e9,\ncommandant le groupement de gendarmerie\nd\u00e9partementale de la C\u00f4te-d'Or.\nPr\u00e9fecture de la C\u00f4te-d'Or - 21-2025-12-16-00015 - Arr\u00eat\u00e9 pr\u00e9fectoral n\u00b0 1830 / SG du 16 d\u00e9cembre 2025\n donnant d\u00e9l\u00e9gation de signature au g\u00e9n\u00e9ral de division Christophe HUSSON,\ncommandant de la r\u00e9gion de gendarmerie Bourgogne-Franche-Comt\u00e9,\ncommandant le groupement de gendarmerie d\u00e9partementale de la C\u00f4te-d'Or.\n48\nArr\u00eat\u00e9 pr\u00e9fectoral n\u00b0 1830 / SG du 16 d\u00e9cembre 2025\n donnant d\u00e9l\u00e9gation de signature au g\u00e9n\u00e9ral de division Christophe HUSSON,\ncommandant de la r\u00e9gion de gendarmerie Bourgogne-Franche-Comt\u00e9,\ncommandant le groupement de gendarmerie d\u00e9partementale de la C\u00f4te-d'Or.\nLe pr\u00e9fet de la C\u00f4te-d'Or.\nVu la loi organique n\u00b0 2001-692 du 1er ao\u00fbt 2001 modifi\u00e9e relative aux lois de finances ;\nVu le d\u00e9cret n\u00b0 62-1587 du 29 d\u00e9cembre 1962 portant r\u00e8glement g\u00e9n\u00e9ral sur la comptabilit\u00e9  \npublique, notamment les articles 96 et suivants ;\nVu le d\u00e9cret n\u00b0 97-199 du 5 mars 1997 modifi\u00e9 par le d\u00e9cret n\u00b0 2010-1295 du 28  octobre 2010 \nrelatif au remboursement de certaines d\u00e9penses support\u00e9es par les forces de police et de  \ngendarmerie ;\nVu le d\u00e9cret n\u00b0 2004-374 du 29 avril 2004 relatif aux pouvoirs des pr\u00e9fets, \u00e0 l'organisation et \u00e0  \nl'action des services de l'\u00c9tat dans les r\u00e9gions et d\u00e9partements, modifi\u00e9 par  le d\u00e9cret n\u00b0 2009-\n176 du 16 f\u00e9vrier 2009, le d\u00e9cret n\u00b0 2010-146 du 16 f\u00e9vrier 2010 et par le d\u00e9cret n\u00b0 2010-687 du  \n24 juin 2010 ;\nVu le  d\u00e9cret  n\u00b0  2005-54  du  27  janvier  2005  relatif  au  contr\u00f4le  financier  au  sein  des \nadministrations de l'\u00c9tat ;\nVu le d\u00e9cret n\u00b0 2008-158 du 22 f\u00e9vrier 2008 relatif \u00e0 la suppl\u00e9ance des pr\u00e9fets de r\u00e9gion et \u00e0 la  \nd\u00e9l\u00e9gation de signature des pr\u00e9fets et hauts commissaires de la R\u00e9publique en Polyn\u00e9sie  \nfran\u00e7aise et en Nouvelle-Cal\u00e9donie ;\nVu le d\u00e9cret n\u00b0 2009-176 du 16 f\u00e9vrier 2009 modifiant le d\u00e9cret n\u00b0 64-805 du 29  juillet 1964  \nfixant les dispositions r\u00e9glementaires applicables aux pr\u00e9fets ;\nVu le d\u00e9cret  du  10 octobre 2024 nommant Monsieur Paul  MOURIER, pr\u00e9fet  de  la r\u00e9gion\nBourgogne-Franche-Comt\u00e9, pr\u00e9fet de la C\u00f4te d'Or;\nVu le d\u00e9cret du 30 juillet 2025 portant affectation d'officiers g\u00e9n\u00e9raux, par lequel M. Rudy  \nGASPARD  est  nomm\u00e9  commandant  en  second  de  la  r\u00e9gion  de  gendarmerie  Bourgogne-\nFranche-Comt\u00e9, commandant en second du groupement de gendarmerie d\u00e9partementale de la  \nC\u00f4te d'Or \u00e0 compter du 1er ao\u00fbt 2025 ;\nVu le d\u00e9cret du 10 d\u00e9cembre 2025 portant affectation d'officiers g\u00e9n\u00e9raux, par lequel  Monsieur \nle g\u00e9n\u00e9ral de division Christphe HUSSON est nomm\u00e9 commandant de la r\u00e9gion de gendarmerie  \nBourgogne-Franche-Comt\u00e9, commandant du groupement de gendarmerie d\u00e9partementale de la  \nC\u00f4te-d'Or \u00e0 compter du 1er janvier 2026 ;\nVu l'arr\u00eat\u00e9 minist\u00e9riel du 28 octobre 2010 fixant le montant des remboursements de certaines  \nd\u00e9penses support\u00e9es par les forces de police et de gendarmerie ;\nVu l'arr\u00eat\u00e9 pr\u00e9fectoral n\u00b0 1346/SG du 2 septembre 2025 donnant d\u00e9l\u00e9gation de signature au  \ng\u00e9n\u00e9ral Sylvain DANIEL, commandant de la r\u00e9gion de gendarmerie Bourgogne-Franche-Comt\u00e9,  \ncommandant le groupement de gendarmerie d\u00e9partementale de la C\u00f4te-d'Or ;\nPr\u00e9fecture de la C\u00f4te-d'Or - 21-2025-12-16-00015 - Arr\u00eat\u00e9 pr\u00e9fectoral n\u00b0 1830 / SG du 16 d\u00e9cembre 2025\n donnant d\u00e9l\u00e9gation de signature au g\u00e9n\u00e9ral de division Christophe HUSSON,\ncommandant de la r\u00e9gion de gendarmerie Bourgogne-Franche-Comt\u00e9,\ncommandant le groupement de gendarmerie d\u00e9partementale de la C\u00f4te-d'Or.\n49\nARR\u00caTE\nArticle  1er     :   L' arr\u00eat\u00e9  pr\u00e9fectoral  n\u00b0  1346/SG  du  2  septembre  2025  donnant  d\u00e9l\u00e9gation  de \nsignature au g\u00e9n\u00e9ral Sylvain LANIEL, commandant de la r\u00e9gion de gendarmerie Bourgogne-\nFranche-Comt\u00e9, commandant le groupement de gendarmerie d\u00e9partementale de la C\u00f4te-d'Or et \ntoutes dispositions ant\u00e9rieures et contraires au pr\u00e9sent arr\u00eat\u00e9 sont abrog\u00e9s.\nArticle 2     :   D\u00e9l\u00e9gation de signature est donn\u00e9e au g\u00e9n\u00e9ral de division Christophe HUSSON , \ncommandant  la  r\u00e9gion  de  gendarmerie  de  Bourgogne-Franche-Comt\u00e9,  commandant  le  \ngroupement  de  gendarmerie  d\u00e9partementale  de  la  C\u00f4te-d'Or,  \u00e0  l'effet  de  signer  les  actes \nd\u00e9sign\u00e9s ci-apr\u00e8s :\n\u2022 les conventions de prestations ex\u00e9cut\u00e9es par les forces de gendarmerie dans le cadre  \nd\u00e9fini par le d\u00e9cret n\u00b0 97-199 du 5 mars 1997 modifi\u00e9 par le d\u00e9cret n\u00b0 2010-1295 du  \n28 octobre 2010, dans la mesure o\u00f9 le service d'ordre s'\u00e9tend sur la seule zone de  \ngendarmerie ;\n\u2022 les \u00e9tats liquidatifs se rapportant \u00e0 ces conventions ;\n\u2022 la certification des factures et l'\u00e9tablissement de certificats administratifs n\u00e9cessaires aux \nmandatements (se rapportant \u00e0 ces conventions).\n\u2022 les arr\u00eat\u00e9s portant immobilisation et/ou mise en fourri\u00e8re \u00e0 titre provisoire d'un v\u00e9hicule  \nainsi que les autorisations d\u00e9finitives de sortie de mise en fourri\u00e8re concernant la zone  \ngendarmerie.\nArticle 3     :   En cas d'absence ou d'emp\u00eachement du g\u00e9n\u00e9ral de division Christophe HUSSON, la  \nd\u00e9l\u00e9gation qui lui est accord\u00e9e est exerc\u00e9e par le g\u00e9n\u00e9ral Rudy GASPARD, commandant en  \nsecond  de  la  r\u00e9gion  de  gendarmerie  de  Bourgogne-Franche-Comt\u00e9  et  du  groupement  de \ngendarmerie d\u00e9partementale de la C\u00f4te-d'Or.\nLes  d\u00e9cisions  de  subd\u00e9l\u00e9gation,  qui  me  seront  adress\u00e9es  ainsi  qu'\u00e0  Madame  la  directrice \nr\u00e9gionale des finances publiques de la r\u00e9gion Bourgogne-Franche-Comt\u00e9 et du d\u00e9partement de  \nla C\u00f4te d'Or, viseront nominativement les agents int\u00e9ress\u00e9s et leur seront notifi\u00e9es. Elles feront  \nl'objet d'une publication au recueil des actes administratifs de la pr\u00e9fecture de la C\u00f4te d'Or.\nArticle 4  : Le secr\u00e9taire g\u00e9n\u00e9ral de la pr\u00e9fecture de la C\u00f4te-d'Or, la directrice de cabinet du  \npr\u00e9fet, le g\u00e9n\u00e9ral  de division Christophe HUSSON, commandant la r\u00e9gion de gendarmerie  \nBourgogne-Franche-Comt\u00e9 et commandant le groupement de gendarmerie d\u00e9partementale de  \nla C\u00f4te-d'Or, ainsi que le g\u00e9n\u00e9ral Rudy GASPARD, commandant en second de la r\u00e9gion de  \ngendarmerie de Bourgogne-Franche-Comt\u00e9 et le groupement de gendarmerie d\u00e9partementale  \nde la C\u00f4te-d'Or, sont charg\u00e9s, chacun pour ce qui le concerne, de l'ex\u00e9cution du pr\u00e9sent arr\u00eat\u00e9  \nqui sera publi\u00e9 au recueil des actes administratifs de la pr\u00e9fecture de la C\u00f4te-d'Or.\nFait \u00e0 Dijon, le 16/12/25\nLe pr\u00e9fet,\nSIGNE\nPaul MOURIER\nPr\u00e9fecture de la C\u00f4te-d'Or - 21-2025-12-16-00015 - Arr\u00eat\u00e9 pr\u00e9fectoral n\u00b0 1830 / SG du 16 d\u00e9cembre 2025\n donnant d\u00e9l\u00e9gation de signature au g\u00e9n\u00e9ral de division Christophe HUSSON,\ncommandant de la r\u00e9gion de gendarmerie Bourgogne-Franche-Comt\u00e9,\ncommandant le groupement de gendarmerie d\u00e9partementale de la C\u00f4te-d'Or.\n50","date":"2025-12-17","first_seen_on":"2025-12-17T17:16:25+00:00","id":"d52d0777ca8a1221194d87827c6507a8856ba344efa6ec31d6e7d899830e7d6c","name":"RAA n\u00b0 182 du 17 d\u00e9cembre 2025","pdf_creation_date":"2025-12-17T15:26:23+00:00","pdf_modification_date":null,"timezone":"Europe/Paris","url":"https://www.cote-dor.gouv.fr/contenu/telechargement/25227/193088/file/recueil-21-2025-182-recueil-des-actes-administratifs-special.pdf"}
