{"administration":"ppparis","administration_name":"Pr\u00e9fecture de police de Paris","content":"PREFECTUREDE POLICELibert\u00e9Egalit\u00e9Fraternit\u00e9\nL0GE\nCABINET DU PREFET\nArr\u00eat\u00e9 n\u00b0 2025-01716\nportant interdiction des regroupements de consommateurs de coca\u00efne base dans certains \nsecteurs de Paris et de Seine-Saint-Denis du 1er janvier 2026 au 31 mars 2026 inclus\nLe pr\u00e9fet de police,\nVu  le  code  g\u00e9n\u00e9ral  des  collectivit\u00e9s  territoriales,  notamment  ses  articles  L. 2215-1  et  L. \n2512-13 ;\nVu le code p\u00e9nal, notamment son article R. 644-5-1\u00a0;\nVu le code de proc\u00e9dure p\u00e9nale, notamment ses articles 16 \u00e0 21-2\u00a0;\nVu le code des relations entre le public et l'administration, notamment son article L.\u00a0121-2\u00a0;\nVu le code de la sant\u00e9 publique, notamment ses articles L. 3411-1 \u00e0 L. 3425-2 ;\nVu le code de la s\u00e9curit\u00e9 int\u00e9rieure, notamment ses articles L. 122-1 et L.122-2\u00a0;\nVu  le  d\u00e9cret  n\u00b0  2004-374  du  29  avril  2004  modifi\u00e9  relatif  aux  pouvoirs  des  pr\u00e9fets,  \u00e0 \nl'organisation et \u00e0 l'action des services de l'Etat dans les r\u00e9gions et d\u00e9partements, notamment  \nses articles 70, 72 et 73\u00a0;\nVu le d\u00e9cret du 22 octobre 2025 par lequel M. Patrice FAURE, administrateur de l'\u00c9tat du  \ntroisi\u00e8me grade, directeur de cabinet du Pr\u00e9sident de la R\u00e9publique, est nomm\u00e9 pr\u00e9fet de  \npolice (groupe I), \u00e0 compter du 23 octobre 2025 ;\nVu le bilan \u00e9tabli par la direction de la s\u00e9curit\u00e9 de proximit\u00e9 de l'agglom\u00e9ration parisienne en  \ndate du 26 d\u00e9cembre 2025\u00a0;\nConsid\u00e9rant  que,  en  application  des  articles  L.  122-1  et  L.122-2  du  code  de  la  s\u00e9curit\u00e9 \nint\u00e9rieure et 72 et 73 du d\u00e9cret du 29 avril 2004 susvis\u00e9, le pr\u00e9fet de police a la charge, \u00e0 Paris  \net dans le d\u00e9partement de la Seine-Saint-Denis, de l'ordre public, notamment la pr\u00e9vention  \ndes atteintes \u00e0 la s\u00e9curit\u00e9 des personnes et des biens ainsi que la salubrit\u00e9 publique\u00a0; \nConsid\u00e9rant que, en application de l'article R. 644-5-1 susvis\u00e9, sont punis de l'amende pr\u00e9vue  \npour les contraventions de la 4e classe la violation des interdictions et le manquement aux  \nobligations \u00e9dict\u00e9es par des d\u00e9crets et arr\u00eat\u00e9s pris sur le fondement des pouvoirs de police  \ng\u00e9n\u00e9rale des autorit\u00e9s comp\u00e9tentes qui, \u00e0 la suite de troubles, r\u00e9glementent la pr\u00e9sence et la  \ncirculation des personnes en certains lieux et \u00e0 certaines heures afin de pr\u00e9venir la r\u00e9it\u00e9ration  \nd'atteintes graves \u00e0 la s\u00e9curit\u00e9 publique\u00a0;\n2\nConsid\u00e9rant que l'\u00e9vacuation d\u00e9finitive du campement du square Forceval le 5 octobre 2022  \nreste  de  nature  \u00e0  g\u00e9n\u00e9rer  la  reconstitution  de  points  de  fixation  de  consommateurs  de \nproduits stup\u00e9fiants dans certains secteurs de Paris et de Seine-Saint-Denis\u00a0;\nConsid\u00e9rant que ces regroupements de consommateurs sont susceptibles de provoquer des  \naffrontements  et  incidents  entre  consommateurs  de  produits  stup\u00e9fiants  et  passants  ou \nriverains\u00a0; qu'ils g\u00e9n\u00e8rent en outre une recrudescence d'actes d\u00e9lictueux et des atteintes aux  \npersonnes, aux biens et des troubles \u00e0 la tranquillit\u00e9 publique\u00a0; \nConsid\u00e9rant  que  la  r\u00e9union  en  nombre  des  consommateurs  de  produits  stup\u00e9fiants  est \nsusceptible de g\u00e9n\u00e9rer des heurts, notamment entre ces derniers et les forces de s\u00e9curit\u00e9  \nint\u00e9rieure\u00a0;\nConsid\u00e9rant qu'une mesure temporaire d'interdiction de regroupement des consommateurs  \nde produits stup\u00e9fiants ou se comportant comme tels dans des secteurs d\u00e9termin\u00e9s  est de  \nnature \u00e0 pr\u00e9venir les atteintes \u00e0 la s\u00e9curit\u00e9 des personnes et des biens, des troubles \u00e0 l'ordre  \npublic et \u00e0 \u00e9viter de cr\u00e9er de nouveaux points de fixation ;\nConsid\u00e9rant  que  selon  les  bilans  \u00e9tablis  par  la  direction  de  la  s\u00e9curit\u00e9  de  proximit\u00e9  de \nl'agglom\u00e9ration parisienne, notamment celui en date 26 d\u00e9cembre 2025, 7  389 contr\u00f4les et  \n585 interpellations ont \u00e9t\u00e9 r\u00e9alis\u00e9s entre les mois de janvier et de novembre 2025  ; que ces  \nchiffres d\u00e9montrent la n\u00e9cessit\u00e9 de prolonger les mesures visant \u00e0 interdire les regroupements \nde consommateurs de produits de coca\u00efne base dans certains secteurs de Paris et de la  \nSeine-Saint-Denis\u00a0; \nConsid\u00e9rant la n\u00e9cessit\u00e9 de poursuivre la mobilisation des forces de s\u00e9curit\u00e9 int\u00e9rieure afin  \nd'\u00e9viter la reconstitution du campement sur le square Forceval et dans d'autres secteurs \u00e0  \nrisque, notamment dans le nord-est de Paris et en Seine-Saint-Denis \u00a0; que ces interdictions  \np\u00e9rim\u00e9triques sont de nature \u00e0 leur permettre de pr\u00e9venir efficacement ce risque dans les  \nsecteurs identifi\u00e9s comme sensibles \u00e0 ce titre \u00a0; que des mesures particuli\u00e8res doivent \u00eatre  \nprises pour lutter contre ces regroupements\u00a0;\nConsid\u00e9rant  qu'il  appartient  \u00e0  l'autorit\u00e9  de  police  comp\u00e9tente  de  prendre  les  mesures \nadapt\u00e9es, n\u00e9cessaires et proportionn\u00e9es visant \u00e0 garantir la s\u00e9curit\u00e9 des personnes et des  \nbiens\u00a0; que depuis l'\u00e9vacuation du square Forceval, les interdictions inscrites au pr\u00e9sent arr\u00eat\u00e9  \ndissuadent efficacement la r\u00e9installation de campements sauvages et le regroupement de  \nconsommateurs  de  coca\u00efne  base  notamment  en  effectuant  des  contr\u00f4les  de  police \ncirconstanci\u00e9s\u00a0; que les mesures pr\u00e9vues par le pr\u00e9sent arr\u00eat\u00e9 r\u00e9pondent \u00e0 ces objectifs ;\nARRETE :\nArticle 1er\u00a0\u2013 Du 1 er janvier 2026 au 31 mars 2026 inclus, les regroupements de personnes sous  \nl'emprise de coca\u00efne base dit \u00ab \u00a0crack\u00a0\u00bb ou en manque de ce produit stup\u00e9fiant sont interdits  \ndans les secteurs suivants\u00a0:\nA Paris  \u00a0  :  \n\uf02d rue de l'Aqueduc\u00a0;\n\uf02d boulevard de Denain\u00a0;\n\uf02d rue de Compi\u00e8gne\u00a0;\n2025-01716\n3\n\uf02d rue Saint-Vincent de Paul\u00a0;\n\uf02d boulevard de Bonne-Nouvelle\u00a0;\n\uf02d porte de la Chapelle\u00a0;\n\uf02d avenue de la Porte de la Chapelle\u00a0;\n\uf02d all\u00e9e Valentin Abeille ;\n\uf02d rue Charles Hermite ;\n\uf02d boulevard Ney dans le prolongement du boulevard Mac Donald et jusqu'\u00e0 la rue des  \nPoissonniers ;\n\uf02d rue d'Aubervilliers\u00a0;\n\uf02d porte d'Aubervilliers ;\n\uf02d rue de la Gare (dans sa partie comprise entre le minist\u00e8re de la Justice et la for\u00eat lin\u00e9aire  \nnord)\u00a0; \n\uf02d rue Emile Bollart ;\n\uf02d boulevard MacDonald ;\n\uf02d rue C\u00e9saria Evora ;\n\uf02d aux abords de la station Rosa Parks ;\n\uf02d rue Tristan Tzara ;\n\uf02d rue Moussorgski ;\n\uf02d rue Riquet\u00a0;\n\uf02d les jardins d'Eole ;\n\uf02d quai de la Seine\u00a0;\n\uf02d quai de l'Oise ;\n\uf02d rue de Tanger\u00a0;\n\uf02d rue Gaston Rebuffat\u00a0; \n\uf02d place de la bataille de Stalingrad\u00a0;\n\uf02d quai de la Loire\u00a0;\n\uf02d quai de la Marne ;\n\uf02d porte de la Villette ;\n\uf02d bretelle d'acc\u00e8s du p\u00e9riph\u00e9rique int\u00e9rieur de la porte de la Villette\u00a0;\n\uf02d bretelle d'acc\u00e8s du p\u00e9riph\u00e9rique ext\u00e9rieur de la porte de la Villette\u00a0;\n\uf02d avenue Corentin Cariou \u00a0 (dans la partie comprise entre l'avenue de Flandre et la place  \nAuguste Baron) ;\n\uf02d avenue de la porte de la Villette\u00a0(dans la partie comprise entre l'avenue Corentin Cariou\u00a0et \nla place Auguste Baron)\u00a0;\n\uf02d place Auguste Baron\u00a0;\n\uf02d boulevard de la Villette (dans la partie comprise entre le boulevard de la Chapelle et la  \nplace du Colonel Fabien)\u00a0;\n2025-01716\n4\n\uf02d place du Colonel Fabien\u00a0;\n\uf02d entre le n\u00b0151 et n\u00b0205 du quai de Valmy\u00a0;\n\uf02d entre le n\u00b0148 et le n\u00b0212 du quai de Jemmapes\u00a0; \n\uf02d rue du Faubourg Saint-Martin (entre la rue du 8 mai 1945 et la place de la bataille de  \nStalingrad)\u00a0;\n\uf02d rue de Maubeuge\u00a0;\n\uf02d rue Guy Patin\u00a0;\n\uf02d rue Ambroise Par\u00e9\u00a0;\n\uf02d rue de Dunkerque\u00a0;\n\uf02d rue de Mazagran\u00a0;\n\uf02d rue Chaudron\u00a0;\n\uf02d rue Ch\u00e2teau-Landon\u00a0;\n\uf02d rue Lafayette dans sa partie comprise entre les stations de m\u00e9tro Louis Blanc et Jaur\u00e8s\u00a0;\n\uf02d rue des Cheminots\u00a0;\n\uf02d rue Pierre Mauroy\u00a0;\n\uf02d rue Eva Kotchever\u00a0;\n\uf02d voie Sente \u00e0 Bigot\u00a0;\n\uf02d impasse Bonne Nouvelle\u00a0;\n\uf02d quai du Lot\u00a0;\n\uf02d quai de l'Allier\u00a0; \n\uf02d quai de la Gironde\u00a0; \n\uf02d quai de la Charente\u00a0; \n\uf02d rue Marie-H\u00e9l\u00e8ne Lefaucheux\u00a0;\n\uf02d rue Chana Orloff\u00a0;\n\uf02d rue Loun\u00e8s Matoub\u00a0; \n\uf02d for\u00eat lin\u00e9aire Nord\u00a0;\n\uf02d for\u00eat lin\u00e9aire Sud\u00a0;\n\uf02d passage Susan Sontag\u00a0;\n\uf02d rue Jacques Duchesne\u00a0;\n\uf02d passage Goix\u00a0;\n\uf02d rue du d\u00e9partement\u00a0; \n\uf02d rue de Rouen\u00a0;\n\uf02d rue de l'\u00e9chiquier\u00a0;\n\uf02d rue du Faubourg Saint-Denis, entre le boulevard Saint-Denis et la rue d'Enghien\u00a0;\n\uf02d boulevard Saint-Denis\u00a0;\n2025-01716\n5\n\uf02d rue Saint Denis\u00a0;\n\uf02d rue du Caire\u00a0;\n\uf02d rue d'Aboukir\u00a0;\n\uf02d rue Poissonni\u00e8re\u00a0;\n\uf02d rue des Je\u00fbneurs\u00a0;\n\uf02d rue Montmartre\u00a0;\n\uf02d boulevard Montmartre\u00a0;\n\uf02d boulevard Poissonni\u00e8re\u00a0;\n\uf02d boulevard Bonne Nouvelle\u00a0;\n\uf02d rue de Turbigo\u00a0;\n\uf02d rue Mond\u00e9tour\u00a0;\n\uf02d rue Rambuteau\u00a0; \n\uf02d rue de la Lune\u00a0;\n\uf02d rue Notre Dame de Bonne Nouvelle\u00a0; \n\uf02d rue Thorel\u00a0;\n\uf02d rue de la Ville-Neuve\u00a0;\n\uf02d rue Notre Dame de Recouvrance\u00a0;\n\uf02d voies souterraines des Halles\u00a0;\n\uf02d avenue Jean Jaur\u00e8s\u00a0;\n\uf02d boulevard de Magenta\u00a0;\n\uf02d rue de Cl\u00e9ry ;\n\uf02d rue Ordener ; \n\uf02d rue des Poissonniers ; \n\uf02d aux abords de la station de m\u00e9tro Marcadet-Poissonniers ;\n\uf02d aux abords de la station de tramaway Colette Besson.\nDans le p\u00e9rim\u00e8tre d\u00e9limit\u00e9 par les voies suivantes :\n\uf02d boulevard Vincent Auriol, entre la rue du Chevaleret et le quai de la Gare ;\n\uf02d quai de la Gare, entre le boulevard Vincent Auriol et le quai Fran\u00e7ois Mauriac ;\n\uf02d quai Fran\u00e7ois Mauriac ; \n\uf02d quai Panhard et Levassor, entre le quai Fran\u00e7ois Mauriac et la rue Alice Domon et L\u00e9onie  \nDuquet ;\n\uf02d rue Alice Domon et L\u00e9onie Duquet ; \n\uf02d rue Julie Daubi\u00e9 ; \n\uf02d rue Watt, entre la rue Julie Daubi\u00e9 et la rue Eug\u00e8ne Oudin\u00e9 ;\n\uf02d rue Eug\u00e8ne Oudin\u00e9, entre la rue Watt et la rue du dessous des Berges ;\n2025-01716\n6\n\uf02d rue du dessous des Berges, entre la rue Eug\u00e8ne Oudin\u00e9 et la rue de Domremy ; \n\uf02d rue de Domremy, entre la rue du dessous des Berges et la rue du Chevaleret ; \n\uf02d rue du Chevaleret, entre la rue de Domr\u00e9my et le boulevard Vincent Auriol. \nA Paris et en Seine-Saint-Denis  \u00a0  :  \nSecteur Porte de la Chapelle le p\u00e9rim\u00e8tre est d\u00e9limit\u00e9 par les voies suivantes qui y sont incluses  \net situ\u00e9es sur le territoire de la Ville de Paris et des communes de Saint-Denis et Aubervilliers :\n\uf02d impasse Marteau (au sud) \u2013 Paris\u00a0;\n\uf02d avenue des Magasins G\u00e9n\u00e9raux\u00a0;\n\uf02d rue Proudhon \u2013 Saint Denis\u00a0;\n\uf02d avenue du Pr\u00e9sident Wilson (RD 931) \u00e0 l'ouest \u2013 Saint Denis\u00a0;\n\uf02d avenue de la M\u00e9tallurgie (au nord) \u2013 Saint Denis\u00a0;\n\uf02d rue des Fillettes (\u00e0 l'est) \u2013 Aubervilliers\u00a0;\n\uf02d la station de m\u00e9tro Front Populaire \u2013 Saint Denis / Aubervilliers.\nSecteur  Puces  de  Clignancourt,  le  p\u00e9rim\u00e8tre  est  d\u00e9limit\u00e9  par  les  voies  suivantes  qui  y  sont \nincluses et situ\u00e9es sur le territoire de la Ville de Paris et de la commune de Saint-Ouen\u00a0:\n\uf02d rue Jean Henri Fabre\u00a0;\n\uf02d rue Charles Schmitt dans sa partie comprise entre la rue Jean Henri Fabre et la rue Kleber\u00a0;\n\uf02d rue Kleber dans sa partie comprise entre la rue Charles Schmitt et rue L\u00e9cuyer\u00a0;\n\uf02d rue L\u00e9cuyer\u00a0;\n\uf02d rue de la Ga\u00eet\u00e9\u00a0;\n\uf02d rue Charles Garnier\u00a0;\n\uf02d rue Etienne Dolet dans sa partie comprise entre la rue Charles Garnier et la rue Blanqui ;\n\uf02d rue Blanqui\u00a0;\n\uf02d avenue Michelet dans sa partie comprise entre la rue Blanqui et la rue Jean Henri Fabre\u00a0;\n\uf02d rue du Plaisir\u00a0;\n\uf02d rue Louis Dain\u00a0;\n\uf02d rue Jules Vall\u00e8s\u00a0;\n\uf02d rue Paul Bert\u00a0;\n\uf02d rue des Bons Enfants\u00a0;\n\uf02d rue du Docteur Babinsky\u00a0;\n\uf02d rue Marceau\u00a0;\n\uf02d passage Marceau\u00a0;\n\uf02d rue Neuve Pierre Curie.\n2025-01716\n7\nSecteur Porte d'Aubervilliers, le p\u00e9rim\u00e8tre est d\u00e9limit\u00e9 par les voies suivantes qui y sont incluses  \net situ\u00e9es sur le territoire de la commune d'Aubervilliers\u00a0: \n\uf02d quai Gambetta\u00a0;\n\uf02d quai Josette\u00a0;\n\uf02d all\u00e9e Guy Debord\u00a0;\n\uf02d rue Louis Girard\u00a0;\n\uf02d rue Alain Raillard\u00a0;\n\uf02d rue de la Gare\u00a0;\n\uf02d avenue Victor Hugo\u00a0;\n\uf02d rue Anne-Marie Fettier\u00a0;\n\uf02d rue du Docteur Troncin\u00a0;\n\uf02d avenue Victor Hugo\u00a0;\n\uf02d boulevard Felix Faure\u00a0;\n\uf02d passage Haubertois\u00a0;\n\uf02d rue Emile Reynaud\u00a0;\n\uf02d rue Pierre Larousse\u00a0;\n\uf02d rue Sadi Carnot\u00a0;\n\uf02d rue de la Commune de Paris\u00a0;\n\uf02d rue du Goulet\u00a0;\n\uf02d quai Adrien Agn\u00e8s\u00a0;\n\uf02d quai Lucien Lefranc\u00a0;\n\uf02d quai Josette et Maurice Audin\u00a0;\n\uf02d quai Fran\u00e7ois Mitterrand\u00a0;\n\uf02d quai Gambetta\u00a0;\n\uf02d quai Marie Tjibaou\u00a0;\n\uf02d rue du Landy\u00a0;\n\uf02d rue de la Haie Coq\u00a0;\n\uf02d passerelle Haie Coq\u00a0;\n\uf02d rue Heurtault\u00a0;\n\uf02d rue de Saint Gobain\u00a0;\n\uf02d rue du Pilier\u00a0;\n\uf02d rue des Gardinoux\u00a0;\n\uf02d rue Madeleine Vionnet\u00a0;\n\uf02d rue Alain Raillard\u00a0;\n\uf02d rue Louis Girard\u00a0;\n2025-01716\n8\n\uf02d passage Moglia\u00a0;\n\uf02d rue Firmin G\u00e9mier\u00a0;\n\uf02d rue des Ecoles\u00a0;\n\uf02d rue Chouveroux.\nArticle 2 \u2013 Le pr\u00e9fet de Seine-Saint-Denis, le pr\u00e9fet, directeur du cabinet du pr\u00e9fet de police,  \nle directeur de l'ordre public et de la circulation et le directeur de la s\u00e9curit\u00e9 de proximit\u00e9 de  \nl'agglom\u00e9ration parisienne sont charg\u00e9s, chacun en ce qui le concerne, de l'ex\u00e9cution du  \npr\u00e9sent arr\u00eat\u00e9 qui entrera en vigueur d\u00e8s son affichage aux portes de la pr\u00e9fecture de police,  \nsera publi\u00e9 aux recueils des actes administratifs du d\u00e9partement de Paris et de la pr\u00e9fecture  \nde  Seine-Saint-Denis,  consultable  sur  le  site  internet  de  la  pr\u00e9fecture  de  police  \n(https  ://www.prefecturedepolice.interieur.gouv.fr  )  et  transmis  aux  procureurs  de  la  \nR\u00e9publique pr\u00e8s le tribunal judiciaire de Paris et celui de Bobigny. \nFait \u00e0 Paris, le 30 d\u00e9cembre 2025\nSIGN\u00c9\nPour le pr\u00e9fet de police\nLe pr\u00e9fet, directeur du cabinet, \nBaptiste ROLLAND\n2025-01716\n9\nAnnexe de l'arr\u00eat\u00e9 n\u00b0 2025-01716 du 30 d\u00e9cembre 2025 \nVOIES ET DELAIS DE RECOURS\n_______________________\nSi vous estimez devoir contester le pr\u00e9sent arr\u00eat\u00e9, il vous est possible, dans un d\u00e9lai  \nde deux mois \u00e0 compter de la date de son affichage ou de sa publication au recueil des actes  \nadministratifs du d\u00e9partement de Paris\u00a0: \n- soit de saisir d'un RECOURS GRACIEUX\nle Pr\u00e9fet de Police\n7/9, boulevard du Palais - 75195 PARIS RP\n- ou de former un RECOURS HIERARCHIQUE\n  aupr\u00e8s du Ministre de l'int\u00e9rieur\n  Direction des libert\u00e9s publiques et des affaires juridiques\n  place Beauvau - 75008 PARIS\n- soit de saisir d'un RECOURS CONTENTIEUX\nle Tribunal administratif comp\u00e9tent\nAucune de ces voies et recours ne suspend l'application de la pr\u00e9sente d\u00e9cision.\nLes  recours  GRACIEUX  et  HIERARCHIQUE  doivent  \u00eatre  \u00e9crits,  exposer  les \narguments ou faits nouveaux et comprendre la copie de l'arr\u00eat\u00e9 contest\u00e9.\nLe recours CONTENTIEUX, qui vise \u00e0 contester la LEGALITE de la pr\u00e9sente d\u00e9cision,  \ndoit \u00e9galement \u00eatre \u00e9crit et exposer votre argumentation juridique.\nSi vous n'aviez pas de r\u00e9ponse \u00e0 votre recours GRACIEUX ou HIERARCHIQUE dans  \nun d\u00e9lai de deux mois \u00e0 compter de la r\u00e9ception de votre recours par l'administration, votre  \ndemande devra \u00eatre consid\u00e9r\u00e9e comme rejet\u00e9e (d\u00e9cision implicite de rejet).\nEn cas de rejet des recours GRACIEUX ou HIERARCHIQUE, le Tribunal administratif  \npeut \u00eatre saisi d'un recours contentieux dans le d\u00e9lai de deux mois \u00e0 compter de la date de la  \nd\u00e9cision de rejet.\n2025-01716","date":"2025-12-30","first_seen_on":"2025-12-30T15:04:35+00:00","id":"d536d63fff76c6f586af270e6badbf749aa5a02e61700e39d2eb438188177ab7","name":"Arr\u00eat\u00e9 n\u00b02025-01716 portant interdiction des regroupements de consommateurs de coca\u00efne base dans certains secteurs de Paris et de Seine-Saint-Denis du 1er janvier 2026 au 31 mars 2026 inclus ","pdf_creation_date":"2025-12-30T13:16:54+00:00","pdf_modification_date":null,"timezone":"Europe/Paris","url":"https://www.prefecturedepolice.interieur.gouv.fr/sites/default/files/Documents/2025_01716_30122025.pdf"}
