{"administration":"pref30","administration_name":"Pr\u00e9fecture du Gard","content":"PR\u00c9FET\nDU GARD\nRECUEIL DES ACTES\nADMINISTRATIFS SP\u00c9CIAL\nN\u00b030-2024-104\nPUBLI\u00c9 LE  9 JUILLET 2024\nSommaire\nPrefecture du Gard /\n30-2024-07-09-00001 - Arr\u00eat\u00e9 donnant d\u00e9l\u00e9gation de signature \u00e0 M.\nGr\u00e9goire PIERRE-DESSAUX, sous-pr\u00e9fet, directeur de cabinet du pr\u00e9fet du\nGard, relative aux dispositions de l'article L.325-1-2 du code de la route (3\npages) Page 3\n30-2024-07-09-00002 - Arr\u00eat\u00e9 donnant d\u00e9l\u00e9gation de signature \u00e0 M. le\ncolonel Emmanuel CASSO, commandant le groupement de gendarmerie\ndu Gard pour la signature des conventions entre l'Etat et les b\u00e9n\u00e9ficiaires\nde prestations de service d'ordre. (3 pages) Page 7\n30-2024-07-05-00006 - Arr\u00eat\u00e9 pr\u00e9fectoral fixant les conditions de passage\ndans le d\u00e9partement de la 16\u00e8me \u00e9tape du 111\u00e8me tour de France cycliste\n(6 pages) Page 11\n2\nPrefecture du Gard\n30-2024-07-09-00001\nArr\u00eat\u00e9 donnant d\u00e9l\u00e9gation de signature \u00e0 M.\nGr\u00e9goire PIERRE-DESSAUX, sous-pr\u00e9fet, directeur\nde cabinet du pr\u00e9fet du Gard, relative aux\ndispositions de l'article L.325-1-2 du code de la\nroute\nPrefecture du Gard - 30-2024-07-09-00001 - Arr\u00eat\u00e9 donnant d\u00e9l\u00e9gation de signature \u00e0 M. Gr\u00e9goire PIERRE-DESSAUX, sous-pr\u00e9fet,\ndirecteur de cabinet du pr\u00e9fet du Gard, relative aux dispositions de l'article L.325-1-2 du code de la route 3\n=PREFETDU GARDLibert\u00e9\u00c9galit\u00e9Fraternit\u00e9\nPr\u00e9fecture- Direction de la citoyennet\u00e9, \nde la l\u00e9galit\u00e9 et de la coordination\nService de la coordination des politiques publiques \net de l'appui territorial\nArr\u00eat\u00e9\ndonnant d\u00e9l\u00e9gation de signature \u00e0 M. Gr\u00e9goire PIERRE-DESSAUX, , \nsous-pr\u00e9fet, directeur de cabinet du pr\u00e9fet du Gard,\nrelative aux dispositions de l'article L. 325-1-2 du code de la route\nLe pr\u00e9fet du Gard\nChevalier de la L\u00e9gion d'honneur,\nChevalier de l'ordre national du M\u00e9rite \nVu le code de la d\u00e9fense,\nVu le code de la route et notamment son article L.325-1-2,\nVu le code de la s\u00e9curit\u00e9 int\u00e9rieure ;\nVu la loi n\u00b0 82-213 du 2 mars 1982 relative aux droits et libert\u00e9s des communes, des d\u00e9partements\net des r\u00e9gions, notamment son article 34 ;\nVu la loi du 9 juillet 1966 portant organisation de la police nationale ;\nVu la loi n\u00b0 2009-971 du 3 ao\u00fbt 2009 relative \u00e0 la gendarmerie nationale ; \nVu la loi n\u00b02011-267 du 14 mars 2011 d'orientation et de programmation pour la performance de\nla s\u00e9curit\u00e9 int\u00e9rieure et notamment son article 84 ;\nVu la loi n\u00b02016-1547 du 18 novembre 2016 de modernisation de la justice du XXI\u00e8 si\u00e8cle  ;\nVu le d\u00e9cret  n\u00b0 97-34  du 15  janvier  1997  modifi\u00e9  relatif \u00e0 la d\u00e9concentration  des  d\u00e9cisions\nadministratives individuelles ;\nVu  le  d\u00e9cret  n\u00b0  2004-374  du  29  avril  2004  modifi\u00e9  relatif  aux  pouvoirs  des  pr\u00e9fets,  \u00e0\nl'organisation et \u00e0 l'action des services de l'Etat dans les r\u00e9gions et d\u00e9partements  ;\nVu le d\u00e9cret n\u00b0 2008-158 du 22 f\u00e9vrier  2008 relatif \u00e0 la suppl\u00e9ance des pr\u00e9fets de r\u00e9gion et \u00e0 la\nd\u00e9l\u00e9gation de signature des pr\u00e9fets et des hauts commissaires de la R\u00e9publique en Polyn\u00e9sie\nfran\u00e7aise et en Nouvelle-Cal\u00e9donie ;\nVu  le d\u00e9cret n\u00b0 2008-633 du 27 juin 2008 relatif \u00e0 l'organisation d\u00e9concentr\u00e9e de la direction\ncentrale de la s\u00e9curit\u00e9 publique ;\nVu le d\u00e9cret n\u00b0 2009-176 du 16 f\u00e9vrier 2009 modifiant le d\u00e9cret n\u00b0 64-805 du 29 juillet 1964 fixant\nles dispositions r\u00e9glementaires applicables aux pr\u00e9fets et le d\u00e9cret n\u00b0 2004-374 du 29 avril 2004\nrelatif aux pouvoirs des pr\u00e9fets, \u00e0 l'organisation et \u00e0 l'action des services de l'Etat dans les r\u00e9gions\net d\u00e9partements ;\nVu le d\u00e9cret n\u00b02012-732 du 9 mai 2012 portant diverses dispositions relatives \u00e0 la s\u00e9curit\u00e9 publique ;\nVu le d\u00e9cret n\u00b0 2015-510 du 7 mai 2015 portant charte de d\u00e9concentration  ;  \nVu le d\u00e9cret du 13 juillet 2023 nommant M. J\u00e9r\u00f4me BONET, pr\u00e9fet du Gard ;\nVu le d\u00e9cret du 21 juin 2022, nommant M. Gr\u00e9goire PIERRE-DESSAUX,  conseiller d'administration\nde l'int\u00e9rieur et de l'outre-mer d\u00e9tach\u00e9 en qualit\u00e9 de sous-pr\u00e9fet, directeur de cabinet de la\npr\u00e9f\u00e8te du Gard ; \nPrefecture du Gard - 30-2024-07-09-00001 - Arr\u00eat\u00e9 donnant d\u00e9l\u00e9gation de signature \u00e0 M. Gr\u00e9goire PIERRE-DESSAUX, sous-pr\u00e9fet,\ndirecteur de cabinet du pr\u00e9fet du Gard, relative aux dispositions de l'article L.325-1-2 du code de la route 4\nVu l'ordre de mutation n\u00b0 004943/GEND/DRHGN/SDBPO en date du 2 f\u00e9vrier 2024 du minist\u00e8re\nde  l'int\u00e9rieur,  nommant  M.  le  colonel  Emmanuel  CASSO, Commandant  du  groupement  de\ngendarmerie d\u00e9partementale du Gard \u00e0 N\u00eemes \u00e0 compter du 1 er ao\u00fbt 2024 ;\nVu  l'arr\u00eat\u00e9 du ministre de l'int\u00e9rieur de l'outre-mer et des collectivit\u00e9s territoriales du  14 avril\n2022  nommant  M.  Emmanuel  DESJARS  de  KERANROUE,  commissaire  g\u00e9n\u00e9ral  de  police,\ndirecteur d\u00e9partemental et commissaire central \u00e0 Avignon, \u00e0 compter du 2 mai 2022 ; \nVu l'arr\u00eat\u00e9 du Ministre de l'Int\u00e9rieur et des Outre-mer du 21 d\u00e9cembre 2023 nommant M. Jean-\nPhilippe  NAHON,  contr\u00f4leur g\u00e9n\u00e9ral  des  services  actifs  de  la  police  nationale,   directeur\ninterd\u00e9partemental de la police nationale \u00e0 N\u00eemes (30), \u00e0 compter du 1er janvier 2024 ;\nVu  l'arr\u00eat\u00e9 du ministre de l'int\u00e9rieur du 21 juin 2023   nommant  M. C\u00e9dric ESSON , inspecteur\ng\u00e9n\u00e9ral des services actifs de la police nationale, directeur zonal de la s\u00e9curit\u00e9 publique Sud \u00e0\nMarseille (13), inspecteur g\u00e9n\u00e9ral des services actifs de la police nationale, directeur d\u00e9partemen -\ntal de la s\u00e9curit\u00e9 publique, commissaire central de Marseille (13), \u00e0 compter du 26 juin 2023 ; \nSur proposition du secr\u00e9taire g\u00e9n\u00e9ral de la pr\u00e9fecture du Gard ;\nArr\u00eate :\nArticle     1   :  D\u00e9l\u00e9gation de signature est donn\u00e9e \u00e0  M. Gr\u00e9goire PIERRE-DESSAUX,   sous-pr\u00e9fet,\ndirecteur de cabinet du pr\u00e9fet du Gard, \u00e0 l'effet de signer  :\n- les arr\u00eat\u00e9s d'immobilisation et/ou de mise en fourri\u00e8re \u00e0 titre provisoire des v\u00e9hicules  en appli -\ncation des dispositions de l'article L. 325-1-2 du code de la route et de l'article 34 de la loi n\u00b02016-\n1547 du 18 novembre 2016 de modernisation de la justice du XXI\u00e8 si\u00e8cle. \n- les autorisations d\u00e9finitives de sortie d'un v\u00e9hicule mis en fourri\u00e8re sur d\u00e9cision du pr\u00e9fet.\nArticle     2   :  En cas d'absence ou d'emp\u00eachement de M. Gr\u00e9goire PIERRE-DESSAUX , directeur de\ncabinet du pr\u00e9fet du Gard, la d\u00e9l\u00e9gation de signature qui lui est conf\u00e9r\u00e9e par l'article 1 du pr\u00e9sent\narr\u00eat\u00e9 est donn\u00e9e \u00e0 M. Philippe NAHON , directeur interd\u00e9partemental de la police nationale \u00e0\nN\u00eemes.\nArticle  3  :  En  cas  d'absence  ou  d'emp\u00eachement  de M.  Philippe  NAHON , directeur\ninterd\u00e9partemental  de  la  police  nationale  \u00e0  N\u00eemes. celui-ci  peut  sous  sa  responsabilit\u00e9,\nsubd\u00e9l\u00e9guer sa signature \u00e0 ses collaborateurs, \u00e0 l'effe t de signer les d\u00e9cisions pour lesquelles il\nre\u00e7oit la d\u00e9l\u00e9gation consentie \u00e0 l'article 2.\nIl d\u00e9finira, \u00e0 cet effet, par arr\u00eat\u00e9, pris en son nom, la liste de ses collaborateurs habilit\u00e9s \u00e0 signer\nles actes, \u00e0 sa place.\nCette  d\u00e9cision  sera  publi\u00e9e  au  recueil  des  actes  administratifs  de  la  pr\u00e9fecture  et  visera  le\npr\u00e9sent arr\u00eat\u00e9.\nArticle     4   :  En cas d'absence ou d'emp\u00eachement de M. Gr\u00e9goire PIERRE-DESSAUX , directeur de\ncabinet du pr\u00e9fet du Gard, la d\u00e9l\u00e9gation de signature qui lui est conf\u00e9r\u00e9e par l'article 1 du pr\u00e9sent\narr\u00eat\u00e9 est  donn\u00e9e  \u00e0  M.  Emmanuel  DESJARS  de  KERANROUE, directeur  d\u00e9partemental de la\ns\u00e9curit\u00e9 publique du Vaucluse et commissaire central \u00e0 Avignon, pour sa zone territoriale de\ncomp\u00e9tence situ\u00e9e dans le Gard.\nArticle  5 :  En  cas d'absence  ou d'emp\u00eachement de M.  Emmanuel  DESJARS  de  KERANROUE\ndirecteur d\u00e9partemental de la s\u00e9curit\u00e9 publique du Vaucluse, celui-ci peut sous sa responsabilit\u00e9,\nsubd\u00e9l\u00e9guer sa signature \u00e0 ses collaborateurs, \u00e0 l'effet de signer les d\u00e9cisions pour lesquelles il\nre\u00e7oit la d\u00e9l\u00e9gation consentie \u00e0 l'article 4.\nIl d\u00e9finira, \u00e0 cet effet, par arr\u00eat\u00e9, pris en mon nom, la liste de ses collaborateurs habilit\u00e9s \u00e0 signer\nles actes, \u00e0 sa place.\nCette d\u00e9cision sera publi\u00e9e au recueil des actes administratifs de la pr\u00e9fecture du Gard et visera\nle pr\u00e9sent arr\u00eat\u00e9.\nPrefecture du Gard - 30-2024-07-09-00001 - Arr\u00eat\u00e9 donnant d\u00e9l\u00e9gation de signature \u00e0 M. Gr\u00e9goire PIERRE-DESSAUX, sous-pr\u00e9fet,\ndirecteur de cabinet du pr\u00e9fet du Gard, relative aux dispositions de l'article L.325-1-2 du code de la route 5\nArticle     6   :  En cas d'absence ou d'emp\u00eachement de M. Gr\u00e9goire PIERRE-DESSAUX , directeur de\ncabinet du pr\u00e9fet du Gard, la d\u00e9l\u00e9gation de signature qui lui est conf\u00e9r\u00e9e par l'article 1 du pr\u00e9sent\narr\u00eat\u00e9 est donn\u00e9e \u00e0 M. C\u00e9dric ESSON, directeur zonal de la s\u00e9curit\u00e9 publique Sud \u00e0 Marseille (13),\ninspecteur g\u00e9n\u00e9ral des services actifs de la police nationale, directeur d\u00e9partemental de la s\u00e9cu -\nrit\u00e9 publique, commissaire central de Marseille (13),  pour sa zone territoriale de comp\u00e9tence\nsitu\u00e9e dans le Gard.\nArticle  7 :  En  cas d'absence  ou d'emp\u00eachement de M.  C\u00e9dric ESSON,  directeur  zonal de  la\ns\u00e9curit\u00e9 publique Sud \u00e0 Marseille (13), inspecteur g\u00e9n\u00e9ral des services actifs de la police nationale,\ndirecteur d\u00e9partemental de la s\u00e9curit\u00e9 publique, commissaire central de Marseille (13) , celui-ci\npeut sous sa responsabilit\u00e9, subd\u00e9l\u00e9guer sa signature \u00e0 ses collaborateurs, \u00e0 l'effet de signer les\nd\u00e9cisions pour lesquelles il re\u00e7oit la d\u00e9l\u00e9gation consentie \u00e0 l'article 6.\nIl d\u00e9finira, \u00e0 cet effet, par arr\u00eat\u00e9, pris en son nom, la liste de ses collaborateurs habilit\u00e9s \u00e0 signer\nles actes, \u00e0 sa place. Cette d\u00e9cision sera publi\u00e9e au recueil des actes administratifs de la pr\u00e9fec -\nture du Gard et visera le pr\u00e9sent arr\u00eat\u00e9.\nArticle 8     :    En cas d'absence ou d'emp\u00eachement de  M. Gr\u00e9goire PIERRE-DESSAUX , directeur de\ncabinet du pr\u00e9fet du Gard, la d\u00e9l\u00e9gation de signature qui lui est conf\u00e9r\u00e9e par l'article 1 est donn\u00e9e\n\u00e0 M. le colonel  Emmanuel CASSO , commandant le groupement de gendarmerie  d\u00e9partementale\ndu Gard, sur sa zone territoriale de comp\u00e9tence.\nArticle   9     :    En cas d'absence ou d'emp\u00eachement de M. le colonel Emmanuel CASSO, commandant\nle groupement de gendarmerie d\u00e9partementale du Gard , celui-ci peut sous sa  responsabilit\u00e9,\nsubd\u00e9l\u00e9guer sa signature \u00e0 ses collaborateurs, \u00e0 l'effet de signer les d\u00e9cisions pour lesquelles il\nre\u00e7oit la d\u00e9l\u00e9gation consentie \u00e0 l'article 8.\nIl d\u00e9finira, \u00e0 cet effet, par arr\u00eat\u00e9, pris en son nom, la liste de ses collaborateurs habilit\u00e9s \u00e0 signer\nles actes, \u00e0 sa place.\nCette  d\u00e9cision  sera  publi\u00e9e  au  recueil  des  actes  administratifs  de  la  pr\u00e9fecture  et  visera  le\npr\u00e9sent arr\u00eat\u00e9.\nArticle  10 :   La  signature  des  d\u00e9l\u00e9gataires  et  subd\u00e9l\u00e9gataires  et  leur  qualit\u00e9  devront  \u00eatre\npr\u00e9c\u00e9d\u00e9es de la mention suivante : \u00ab pour le pr\u00e9fet et par d\u00e9l\u00e9gation \u00bb.\nArticle 11 : L'arr\u00eat\u00e9 n\u00b0 30-2024-02-15-00003 du 15 f\u00e9vrier 2024 donnant d\u00e9l\u00e9gation de signature \u00e0\nM.  Gr\u00e9goire  PIERRE-DESSAUX, sous-pr\u00e9fet,  directeur  de  cabinet  du  pr\u00e9fet  du  Gard,  relative  aux\ndispositions de l'article L. 325-1-2 du code de la route est abrog\u00e9.\nArticle 12     :  Le pr\u00e9sent arr\u00eat\u00e9 prend effet \u00e0 compter du 1er ao\u00fbt 2024.\nArticle     13   : Le secr\u00e9taire g\u00e9n\u00e9ral de la pr\u00e9fecture, le directeur de cabinet du pr\u00e9fet , le directeur\ninterd\u00e9partemental de la police nationale du Gard, le directeur d\u00e9partemental de la s\u00e9curit\u00e9\npublique  du  Vaucluse,  le  directeur  zonal  de  la  s\u00e9curit\u00e9  publique  Sud  \u00e0  Marseille  et  le\ncommandant du groupement de gendarmerie  d\u00e9partementale du Gard sont charg\u00e9s, chacun en\nce  qui  le  concerne,  de  l'ex\u00e9cution  du  pr\u00e9sent  arr\u00eat\u00e9,  qui  sera  publi\u00e9  au  recueil  des  actes\nadministratifs de la pr\u00e9fecture du Gard.\nN\u00eemes, le 9 juillet 2024\n       Le pr\u00e9fet,\n                sign\u00e9\nJ\u00e9r\u00f4me BONET\nPrefecture du Gard - 30-2024-07-09-00001 - Arr\u00eat\u00e9 donnant d\u00e9l\u00e9gation de signature \u00e0 M. Gr\u00e9goire PIERRE-DESSAUX, sous-pr\u00e9fet,\ndirecteur de cabinet du pr\u00e9fet du Gard, relative aux dispositions de l'article L.325-1-2 du code de la route 6\nPrefecture du Gard\n30-2024-07-09-00002\nArr\u00eat\u00e9 donnant d\u00e9l\u00e9gation de signature \u00e0 M. le\ncolonel Emmanuel CASSO, commandant le\ngroupement de gendarmerie du Gard pour la\nsignature des conventions entre l'Etat et les\nb\u00e9n\u00e9ficiaires de prestations de service d'ordre.\nPrefecture du Gard - 30-2024-07-09-00002 - Arr\u00eat\u00e9 donnant d\u00e9l\u00e9gation de signature \u00e0 M. le colonel Emmanuel CASSO, commandant\nle groupement de gendarmerie du Gard pour la signature des conventions entre l'Etat et les b\u00e9n\u00e9ficiaires de prestations de service\nd'ordre.\n7\n=PREFETDU GARDLibert\u00e9\u00c9galit\u00e9Fraternit\u00e9\nPr\u00e9fecture- Direction de la citoyennet\u00e9, \nde la l\u00e9galit\u00e9 et de la coordination\nService de la coordination des politiques publiques \net de l'appui territoriall\nArr\u00eat\u00e9\ndonnant d\u00e9l\u00e9gation de signature \u00e0 M. le colonel Emmanuel CASSO, commandant le\ngroupement de gendarmerie du Gard pour la signature des conventions entre l'Etat et les\nb\u00e9n\u00e9ficiaires de prestations de service d'ordre\nLe pr\u00e9fet du Gard\nChevalier de la L\u00e9gion d'honneur,\nChevalier de l'ordre national du M\u00e9rite \nVu le code de la d\u00e9fense, notamment son article R. 133-17 ;\nVu le code de la route, notamment son article R. 433-5 ;\nVu le code de la s\u00e9curit\u00e9 int\u00e9rieure ;\nVu la loi organique n \u00b0 2001-692 du  1 er ao\u00fbt 2001 modifi\u00e9e relative aux lois de finances\nnotamment ses articles 4 et 17 ;\nVu la loi n \u00b0 82-213 du 2 mars 1982 modifi\u00e9e relative aux droits et libert\u00e9s des communes des\nd\u00e9partements des r\u00e9gions, notamment son article 34 ;\nVu la loi n\u00b0 95-73 du 21 janvier 1995 modifi\u00e9e d'orientation de programmation relative \u00e0 la\ns\u00e9curit\u00e9, notamment son article 23 ;\nVu la loi n\u00b0 2009-971 du 3 ao\u00fbt 2009 relative \u00e0 la gendarmerie nationale ; \nVu le  d\u00e9cret  n\u00b0  97-199  du  5  mars  1997  modifi\u00e9  relatif  au  remboursement  de  certaines\nd\u00e9penses support\u00e9es par les forces de police et de gendarmerie ;\nVu le  d\u00e9cret  n\u00b0  2004-374  du  29  avril  2004  modifi\u00e9  relatif  au  pouvoir  des  pr\u00e9fets,  \u00e0\nl'organisation et \u00e0 l'action des services de l'Etat dans les r\u00e9gions et les d\u00e9partements ;\nVu le d\u00e9cret n\u00b0 2008-252 du 12 mars 2008 modifi\u00e9, relatif \u00e0 la r\u00e9mun\u00e9ration de certains\nservices rendus par le minist\u00e8re de l'int\u00e9rieur, de l'Outre-mer et des collectivit\u00e9s territoriales ; \nVu le d\u00e9cret n\u00b0 2010-1298 du 28 octobre 2010 portant attribution de produits au budget du\nminist\u00e8re de l'int\u00e9rieur  de l'outre-mer  et  des  collectivit\u00e9s  territoriales,  en  application  du\nd\u00e9cret n\u00b0 97-199 du 5 mars 1997 modifi\u00e9 relatif au remboursement de certaines d\u00e9penses\nsupport\u00e9es par les forces de police et de gendarmerie et du d\u00e9cret n \u00b0 2008-252 du 12 mars\n2008  modifi\u00e9,  relatif  \u00e0  la  r\u00e9mun\u00e9ration  de  certains  services  rendus  par  le  minist\u00e8re  de\nl'int\u00e9rieur de l'Outre-mer et des collectivit\u00e9s territoriales ;\nVu le d\u00e9cret du 13 juillet 2023 nommant M. J\u00e9r\u00f4me BONET, pr\u00e9fet du Gard ;\nVu l'arr\u00eat\u00e9 du Minist\u00e8re de l'int\u00e9rieur,  de l'Outre-mer et des collectivit\u00e9s territoriales  du  \n28 octobre 2010 portant application de l'article 2 du  d\u00e9cret  n \u00b0  97-199 du  5 mars 1997\nmodifi\u00e9 relatif au remboursement de certaines d\u00e9penses support\u00e9es par les forces de police\net de gendarmerie et de l'article 1 er du d\u00e9cret n\u00b0 2008-252 du 12 mars 2008 modifi\u00e9, relatif \u00e0\nla r\u00e9mun\u00e9ration de certains services rendus par le Minist\u00e8re de l'int\u00e9rieur de l'Outre-mer et\ndes collectivit\u00e9s territoriales ;\nVu l'arr\u00eat\u00e9 conjoint du Minist\u00e8re de l'int\u00e9rieur, de l'Outre-mer et des collectivit\u00e9s territoriales\net du minist\u00e8re du budget, des comptes publics et de la r\u00e9forme de l'Etat du 28 octobre 2010\nfixant le montant des remboursements de certaines d\u00e9penses support\u00e9es par les forces de\npolice et gendarmerie ;\nPrefecture du Gard - 30-2024-07-09-00002 - Arr\u00eat\u00e9 donnant d\u00e9l\u00e9gation de signature \u00e0 M. le colonel Emmanuel CASSO, commandant\nle groupement de gendarmerie du Gard pour la signature des conventions entre l'Etat et les b\u00e9n\u00e9ficiaires de prestations de service\nd'ordre.\n8\nVu l'arr\u00eat\u00e9 du Minist\u00e8re de l'int\u00e9rieur du 24 d\u00e9cembre 2014 modifiant l'arr\u00eat\u00e9 du 28 octobre\n2010 fixant le montant des remboursements de certaines d\u00e9penses support\u00e9es par les forces\nde police et de gendarmerie ;\nVu la circulaire du Minist\u00e8re de l'int\u00e9rieur, de l'Outre-mer et des collectivit\u00e9s territoriales du \n8 novembre 2010 relative \u00e0 la facturation de certains services d'ordre ; \nVu la circulaire du Minist\u00e8re de l'int\u00e9rieur du 15 mai 2018 relative \u00e0 l'indemnisation des ser -\nvices d'ordre ;\nVu l'instruction interminist\u00e9rielle du 13 mars 2018 portant simplification r\u00e9glementaire de\nl'organisation  des  \u00e9preuves  sportives  et  clarification  des  conditions  d'indemnisation  des\nservices d'ordre ;\nVu l'ordre de mutation n\u00b0  012607/GEND/DPMGN/DPO en date du 7 mars 2023 d u minist\u00e8re\nde l'int\u00e9rieur, nommant M. le lieutenant-colonel Eric PAINSET , Commandant de groupement\nen second du groupement de gendarmerie d\u00e9partementale du Gard \u00e0 compter du 1 er ao\u00fbt\n2019 ;\nVu  l'ordre  de  mutation  n\u00b0  004943/GEND/DRHGN/SDBPO  en  date  du  2  f\u00e9vrier  2024  du\nminist\u00e8re  de  l'int\u00e9rieur,  nommant  M.  le  colonel  Emmanuel  CASSO, Commandant  du\ngroupement de gendarmerie d\u00e9partementale du Gard \u00e0 N\u00eemes compter du 1 er ao\u00fbt 2024 ;\nSur proposition du secr\u00e9taire g\u00e9n\u00e9ral de la pr\u00e9fecture du Gard ;\nARR\u00caTE \nArticle 1 : Dans le cadre des prestations ne pouvant \u00eatre rattach\u00e9es aux obligations normales\nincombant \u00e0 la puissance publique en mati\u00e8re de s\u00e9curit\u00e9 et d'ordre publics, d\u00e9l\u00e9gation de\nsignature  est donn\u00e9e \u00e0  M. le colonel Emmanuel CASSO , commandant le groupement de\ngendarmerie d\u00e9partementale  du  Gard,  \u00e0  l'effet  de  signer,  les  conventions  relatives  \u00e0\nl'ex\u00e9cution des prestations de  services d'ordre au b\u00e9n\u00e9fice de tiers effectu\u00e9es par les forces\nde gendarmerie nationale.\nCes prestations dont les co\u00fbts reviendront aux b\u00e9n\u00e9ficiaires de celles-ci peuvent prendre les\nformes suivantes :\n\uf0b7 l'affectation et la mise \u00e0 disposition d'agents,\n-   le  d\u00e9placement,  l'emploi  et  la  mise  \u00e0  disposition  de  v\u00e9hicules,  de  mat\u00e9riels  ou\nd'\u00e9quipements,\n\uf0b7 les prestations d'escortes. \nArticle  2 :  En  cas  d'absence  ou  d'emp\u00eachement  de  M.  le  colonel  Emmanuel  CASSO,\ncommandant  le groupement  de  gendarmerie  d\u00e9partementale  du  Gard,  la  d\u00e9l\u00e9gation  de\nsignature qui lui est consentie par l'article 1 du pr\u00e9sent arr\u00eat\u00e9 est conf\u00e9r\u00e9e \u00e0 M. le Lieutenant-\ncolonel  Eric  PAINSET ,  commandant  en  second  du  groupement  de  gendarmerie\nd\u00e9partementale du Gard.\nArticle  3 :  Une  copie  des  conventions  sign\u00e9es  au  titre  de  l'article  1  sera  adress\u00e9e  pour\ninformation au Pr\u00e9fet du Gard.\nArticle 4 :  L'arr\u00eat\u00e9 pr\u00e9fectoral n \u00b0 30-2023-09-11-00003 du 11 septembre 2023 donnant d\u00e9l\u00e9-\ngation de signature \u00e0 M.le g\u00e9n\u00e9ral de brigade  Eric CHUBERRE , commandant le groupement\nPrefecture du Gard - 30-2024-07-09-00002 - Arr\u00eat\u00e9 donnant d\u00e9l\u00e9gation de signature \u00e0 M. le colonel Emmanuel CASSO, commandant\nle groupement de gendarmerie du Gard pour la signature des conventions entre l'Etat et les b\u00e9n\u00e9ficiaires de prestations de service\nd'ordre.\n9\nde gendarmerie du Gard pour la signature des conventions entre l'Etat et les b\u00e9n\u00e9ficiaires de\nprestations de service d'ordre est abrog\u00e9.\nArticle 5 : Le pr\u00e9sent arr\u00eat\u00e9 prend effet \u00e0 compter du 1er ao\u00fbt 2024.\nArticle 6 : Le secr\u00e9taire g\u00e9n\u00e9ral de la pr\u00e9fecture du  Gard, le sous-pr\u00e9fet, directeur de cabinet\net le g\u00e9n\u00e9ral de brigade, commandant le groupement de gendarmerie du Gard sont charg\u00e9s,\nchacun en ce qui le concerne, de l'ex\u00e9cuti on du pr\u00e9sent arr\u00eat\u00e9 qui sera publi\u00e9 au recueil des\nactes administratifs de la pr\u00e9fecture du Gard.\nN\u00eemes, le  9 juillet 2024\nLe pr\u00e9fet,\nSign\u00e9\n  J\u00e9r\u00f4me BONET\nPrefecture du Gard - 30-2024-07-09-00002 - Arr\u00eat\u00e9 donnant d\u00e9l\u00e9gation de signature \u00e0 M. le colonel Emmanuel CASSO, commandant\nle groupement de gendarmerie du Gard pour la signature des conventions entre l'Etat et les b\u00e9n\u00e9ficiaires de prestations de service\nd'ordre.\n10\nPrefecture du Gard\n30-2024-07-05-00006\nArr\u00eat\u00e9 pr\u00e9fectoral fixant les conditions de\npassage dans le d\u00e9partement de la 16\u00e8me \u00e9tape\ndu 111\u00e8me tour de France cycliste\nPrefecture du Gard - 30-2024-07-05-00006 - Arr\u00eat\u00e9 pr\u00e9fectoral fixant les conditions de passage dans le d\u00e9partement de la 16\u00e8me\n\u00e9tape du 111\u00e8me tour de France cycliste 11\nEx Sous-pr\u00e9fecture d'Al\u00e9sPR\u00c9FET | e .DU GARD Bureau qe I environnementLibert\u00e9 et des polices administrativesp ok Service des manifestations sportives et nautiquesNimes, le 5 juillet 2024ARRETE PREFECTORAL N\u00b02024-07-05-0143 DU 5 JUILLET 2024FIXANT LES CONDITIONS DE PASSAGE DANS LE DEPARTEMENT DU GARDDE LA 16\" ETAPEDU 111\" TOUR DE FRANCE 2024'Le Pr\u00e9fet du Gard,Chevalier de la L\u00e9gion d'honneur,Chevalier de l'ordre national du M\u00e9rite,\nVu le code de l'aviation civile ;Vu le code g\u00e9n\u00e9ral des collectivit\u00e9s territoriales, notamment ses articles L. 2212-1 etsuivant, L. 2215-1, L. 3221-4 et L. 3221-5 :Vu le code de la route ;Vu le code du sport, notamment ses articles L. 331-5 \u00e0 L. 331-7, L. 331-9, D. 331-5, R. 331-4,R. 331-6 \u00e0 R. 331-17 et A. 331-2 \u00e0 A. 331-7 ;Vu le code de l'environnement, notamment ses articles L. 414-4 et R. 414-19 ;Vu le d\u00e9cret n\u00b0 2004-374 du 29 avril 2004 modifi\u00e9 relatif aux pouvoirs des pr\u00e9fets, \u00e0l'organisation et \u00e0 l'action des services de l'\u00c9tat dans les r\u00e9gions et les d\u00e9partements ;Vu le d\u00e9cret du 13 juillet 2023 nommant J\u00e9r\u00f4me BONET, pr\u00e9fet'du Gard ;Vu le d\u00e9cret n\u00b0 97-199 du 5 mars 1997 modifi\u00e9 par le d\u00e9cret n\u00b0 2010-1295 du 28 octobre2010, relatif au remboursement de certaines d\u00e9penses support\u00e9es par les forces de policeet de gendarmerie ;Vu le d\u00e9cret n\u00b0 2017-1279 du 9 ao\u00fbt 2017 portant simplification de la police desmanifestations sportives ;Vu l'arr\u00eat\u00e9 interminist\u00e9riel du 10 octobre 1957 relatif au survol des agglom\u00e9rations et desrassemblements de personnes ou d'animaux ;Vu l'arr\u00eat\u00e9 du 17 novembre 1958 relatif \u00e0 la r\u00e9glementation de la circulation a\u00e9rienne desh\u00e9licopt\u00e8res ;Vu l'arr\u00eat\u00e9 du 3 mars 2006 relatif aux r\u00e8gles de l'air et aux services de la circulationa\u00e9rienne modifi\u00e9, notamment son annexe 1, \u00a73.1.2 niveau minimal et 84.6 r\u00e8gles de vol \u00e0vue;Vu l'arr\u00eat\u00e9 interminist\u00e9riel du 28 octobre 2010, modifi\u00e9 par l'arr\u00eat\u00e9 du 24 d\u00e9cembre 2014,fixant le montant des remboursements de certaines d\u00e9penses support\u00e9es par les forces depolice et de gendarmerie ;\nPrefecture du Gard - 30-2024-07-05-00006 - Arr\u00eat\u00e9 pr\u00e9fectoral fixant les conditions de passage dans le d\u00e9partement de la 16\u00e8me\n\u00e9tape du 111\u00e8me tour de France cycliste 12\nVu l'arr\u00e9t\u00e9 interminist\u00e9riel du 20 d\u00e9cembre 2010 portant interdiction de certaines routesaux concentrations et manifestations sportives ;Vu l'arr\u00eat\u00e9 interminist\u00e9riel du 2 mars 2015 relatif \u00e0 l'interdiction de circulation desv\u00e9hicules de transport de marchandises \u00e0 certaines p\u00e9riodes ;Vu l'arr\u00eat\u00e9 interminist\u00e9riel du 18 avril 2024 modifi\u00e9 portant interdiction des concentrationsou manifestations sportives sur les routes \u00e0 grande circulation \u00e0 certaines p\u00e9riodes del''ann\u00e9e 2024 ;Vu l'arr\u00eat\u00e9 interminist\u00e9riel du 3 avril 2024 relatif aux interdictions. compl\u00e9mentaires decirculation des v\u00e9hicules de transport de marchandises pour l'ann\u00e9e 2024 ;Vu l'instruction du 4 octobre 2006 relative aux conditions techniques de d\u00e9livrance desd\u00e9rogations aux hauteurs minimales de vol ;Vu la note minist\u00e9rielle d'information du 15 novembre 2023 relative aux conditions depassage du 111*TM tour de France ;Vu la note d''information du 10 juin 2024 du d\u00e9l\u00e9gu\u00e9 \u00e0 la s\u00e9curit\u00e9 routi\u00e8re relative auxconditions de passage du 111\u00b0TM tour de France Cycliste 2024 ;Vu les arr\u00eat\u00e9s municipaux r\u00e9glementant la circulation et le stationnement sur les voiescommunales emprunt\u00e9es par l'itin\u00e9raire de course ;Vu -l'arr\u00eat\u00e9 du 21 juin 2024 de la pr\u00e9sidente du conseil d\u00e9partemental du Gard pourr\u00e9glementer la circulation et le stationnement sur les routes d\u00e9partementales emprunt\u00e9espar la course ;Vu l'arr\u00eat\u00e9 pr\u00e9fectoral n\u00b0 30-2024-05-07 du 5 juillet 2024 autorisant la captation,l'enregistrement et la transmission d'images au moyen de cam\u00e9ras install\u00e9es sur desa\u00e9ronefs ; :Vu l'arr\u00e9t\u00e9 pr\u00e9fectoral n\u00b0 2024/18 du 3 juillet 2024 portant fermeture temporaire dessorties de l'\u00e9changeur n\u00b01 N\u00eemes centre sur l'autoroute A54, le mardi 16 juillet 2024 ;Vu les avis re\u00e7us des maires des communes travers\u00e9es par la 16\u00b0TM \u00e9tape du Tour de Francecycliste 2024 ;Vu l'avis de la commission d\u00e9partementale de s\u00e9curit\u00e9 routi\u00e8re consult\u00e9e du 7 au 15 mars2024 ;Vu le r\u00e9c\u00e9piss\u00e9 de d\u00e9claration d\u00e9livr\u00e9 le 6 juin 2024 par le sous-pr\u00e9fet d'Al\u00e9s au titre ducode du sport ;Vu les comptes rendus des r\u00e9unions de s\u00e9curit\u00e9 organis\u00e9es les 14 f\u00e9vrier, 19 avril, 24 mai, 28juin 2024 ;Vu l'arr\u00e9t\u00e9 pr\u00e9fectoral du 28 mai 2024 portant autorisation de survol par les h\u00e9licopt\u00e8resdu tour de France dans le d\u00e9partement du Gard ;Consid\u00e9rant l'avis du pr\u00e9fet du Gard du 18 mars 2024 adress\u00e9 au minist\u00e8re de l'int\u00e9rieur ;Consid\u00e9rant la liste des points de cisaillement \u00e9tablie sur l'ensemble du parcours par leservice d\u00e9partemental d'incendie.et de secours du Gard ;\nPrefecture du Gard - 30-2024-07-05-00006 - Arr\u00eat\u00e9 pr\u00e9fectoral fixant les conditions de passage dans le d\u00e9partement de la 16\u00e8me\n\u00e9tape du 111\u00e8me tour de France cycliste 13\nSur proposition du sous-pr\u00e9fet d'Al\u00e8s,ARR\u00caTEArticle 1L'\u00e9preuve sportive d\u00e9nomm\u00e9e \u00ab 111*TM Tour de France cycliste 2024 \u00bb empruntera dans led\u00e9partement du Gard, le mardi 16 juillet 2024, (16*TM \u00e9tape : Gruissan-N\u00eemes) les routesd\u00e9partementales et communales, selon les itin\u00e9raires et les horaires fournis par la soci\u00e9t\u00e9Amaury Sport Organisation (ASO) figurant en annexe 1.La circulation sur les voies emprunt\u00e9es par le Tour de France cycliste 2024 est interdite \u00e0tous les v\u00e9hicules, autres que ceux munis de I'insigne officiel de l'organisation, selon ledispositif de fermeture pr\u00e9vu par l'arr\u00eat\u00e9 de la pr\u00e9sidente du conseil d\u00e9partemental duGard du 21 juin 2024. Nonobstant les dispositions qui pr\u00e9c\u00e8dent, le franchissement desvoies pourra \u00eatre autoris\u00e9, durant la p\u00e9riode d'interdiction, apr\u00e8s demande et validationpar le sous-pr\u00e9fet pr\u00e9sent au Centre de Coordination du Tour De France, par les agents desservices de secours et ceux charg\u00e9s de la surveillance de la circulation et effectu\u00e9 sous leurcontr\u00f4le.Les v\u00e9hicules dont les conducteurs justifieront d'une urgence particuli\u00e8re (activit\u00e9m\u00e9dicale, services publics, et notamment les v\u00e9hicules de lutte contre l'incendie,transports de denr\u00e9es p\u00e9rissables) pourront \u00eatre autoris\u00e9s \u00e0 emprunter les voies interdites,sous r\u00e9serve d'\u00eatre accompagn\u00e9s d'une escorte motoris\u00e9e de la police ou de l\u00e0gendarmerie.Le stationnement des v\u00e9hicules est strictement interdit sur I'ensemble du parcours del'\u00e9tape. 'Le stationnement du public est interdit dans les virages \u00e0 angle droit ou en \u00e9pingle \u00e0cheveux et faisant suite \u00e0 une longue ligne droite ou \u00e0 une descente rapide, sur les ponts,dans les passages souterrains, dans les tunnels et le long des lignes de chemins de fer, ainsique dans les voies particuli\u00e8rement \u00e9troites.Article 2Les usagers de la route seront inform\u00e9s par une signalisation temporaire mise en place parles services du conseil d\u00e9partemental du Gard et du directeur interd\u00e9partemental desroutes M\u00e9diterran\u00e9e.Aucune d\u00e9viation ne sera mise en place par les diff\u00e9rents gestionnaires routiers. Seules lesforces de s\u00e9curit\u00e9 int\u00e9rieure pr\u00e9sentes durant l'\u00e9preuve cycliste ont le pouvoir de police decirculation pour la mise en place d'une \u00e9ventuelle d\u00e9viation.Article 3L'apposition d'une marque distinctive sur les v\u00e9hicules \u00e0 deux ou quatre roues portant lamention \u00ab Tour de France cycliste 2024 \u00bb n'est autoris\u00e9e que sur les v\u00e9hicules ayant re\u00e7udes organisateurs l'autorisation de participer ou de suivre, en totalit\u00e9 ou en partie, cettecomp\u00e9tition. Cette autorisation sera exigible \u00e0 toutes r\u00e9quisitions des agents de la forcepublique.Article 4Sauf dans les cas pr\u00e9vus \u00e0 l'article 1, aucun v\u00e9hicule non porteur de ces marquesdistinctives ne peut s'int\u00e9grer dans la caravane accompagnant cette comp\u00e9tition.\nPrefecture du Gard - 30-2024-07-05-00006 - Arr\u00eat\u00e9 pr\u00e9fectoral fixant les conditions de passage dans le d\u00e9partement de la 16\u00e8me\n\u00e9tape du 111\u00e8me tour de France cycliste 14\nArticle 5Sur les voies emprunt\u00e9es par le Tour de France 2024 les journaux ne peuvent \u00eatreannonc\u00e9s, en vue de leur vente, que par leur titre, leur prix et les noms de leurs r\u00e9dacteurs.Article 6Toute vente ambulante de produits, denr\u00e9es, articles et objets quelconques sur la voiepublique, est interdite \u00e0 I'ext\u00e9rieur des agglom\u00e9rations, sur les voies emprunt\u00e9es par leTour de France, le jour de son passage dans le d\u00e9partement.Sur les m\u00eames voies, \u00e0 l'int\u00e9rieur des agglom\u00e9rations, la vente ambulante de tous produits,denr\u00e9es, articles et objets quelconques ne pourra \u00eatre effectu\u00e9e qu'\u00e0 des heures et en deslieux autoris\u00e9s par l'autorit\u00e9 municipale apr\u00e8s avis des services pr\u00e9fectoraux.Nonobstant toutes dispositions contraires, est interdit, 4 heures avant le passage du Tourde France, le stationnement en vue d'effectuer des op\u00e9rations de vente sur les trottoirs,all\u00e9es, contre-all\u00e9es, places, etc. situ\u00e9s en agglom\u00e9rations et bordant imm\u00e9diatement lesvoies emprunt\u00e9es par les concurrents.Les qu\u00eates sur la voie publique sont interdites.Article 7A titre exceptionnel, les passagers des voitures officielles et des v\u00e9hicules de la caravanepublicitaire du Tour de France peuvent, sous r\u00e9serve des restrictions \u00e9ventuelles \u00e9dict\u00e9espar l'autorit\u00e9 municipale, utiliser sur la voie publique des haut-parleurs mobiles.Cette autorisation ne concerne que les \u00e9missions ayant pour but de diffuser desinformations sportives, des consignes de s\u00e9curit\u00e9 pour le public ou les coureurs, desannonces de publicit\u00e9 commerciale, \u00e0 l'exclusion de tout autre forme de communication.Article 8Toute publicit\u00e9 par haut-parleurs effectu\u00e9s par avion, h\u00e9licopt\u00e8re ou a\u00e9rostat est interdite.Article 9Aucun a\u00e9ronef ou a\u00e9rostat ne pourra survoler le Tour de France, \u00e0 une hauteur inf\u00e9rieure \u00e0500 m\u00e8tres, sous r\u00e9serve des prescriptions plus s\u00e9v\u00e8res impos\u00e9es par l'arr\u00eat\u00e9interminist\u00e9riel du 10 octobre 1957 susvis\u00e9, en ce qui concerne les planchers impos\u00e9s pourle survol des agglom\u00e9rations urbaines et des rassemblements importants.Les pilotes sont tenus de respecter l''ensemble des textes r\u00e9glementant la circulationa\u00e9rienne ; sont en particulier interdits les.vols en piqu\u00e9, les rase-mottes et, d'une mani\u00e8reg\u00e9n\u00e9rale, tout vol acrobatique.Une d\u00e9rogation pr\u00e9fectorale a \u00e9t\u00e9 accord\u00e9e dans les conditions strictement fix\u00e9es parl'article 5 de l'arr\u00eat\u00e9 du 10 octobre 1957 susvis\u00e9, notamment aux appareils affr\u00e9t\u00e9s par lessoci\u00e9t\u00e9s de t\u00e9l\u00e9vision nationales, mais en aucun cas pour des raisons publicitaires ou pourdes bapt\u00eames de l'air.Cette interdiction de survol ne s'applique pas aux aires de d\u00e9gagement des a\u00e9rodromes, niaux appareils appartenant \u00e0 I'Etat ou affr\u00e9t\u00e9s par les services publics.Toute utilisation de drone est interdite aux abords de l'itin\u00e9raire \u00e0 l'exception de celui de lapolice nationale sur le site arriv\u00e9e.\nPrefecture du Gard - 30-2024-07-05-00006 - Arr\u00eat\u00e9 pr\u00e9fectoral fixant les conditions de passage dans le d\u00e9partement de la 16\u00e8me\n\u00e9tape du 111\u00e8me tour de France cycliste 15\nArticle 10Sont interdits dans un espace de cent m\u00e8tres de chaque c\u00f4t\u00e9 des voies emprunt\u00e9es par leTour de France, le jour de son passage dans le d\u00e9partement, le port, le transport etl'utilisation des artifices de divertissement et d'engins pyrotechniques des cat\u00e9gories F1, F2,F3, T1, T2, P1, P2. 'Article 11Une vigilance particuli\u00e8re doit \u00eatre apport\u00e9e pour pr\u00e9venir les incendies. Il est totalementinterdit d'allumer tout type de feu le long du parcours. Des consignes de vigilance et deprudence seront donn\u00e9es dans ce sens au public pr\u00e9sent le long du parcours. |Un dispositif pr\u00e9visionnel de protection de la for\u00eat contre I'incendie est pr\u00e9vu par le SDIS30 et 'ONF H\u00e9rault-Gard.Article 12Les dispositifs pr\u00e9vus par les arr\u00e9t\u00e9s r\u00e9glementant la circulation et le stationnement, et lesprescriptions \u00e9mises par les services consult\u00e9s devront \u00eatre int\u00e9gralement respect\u00e9es.Article 13Toute infraction aux prescriptions du pr\u00e9sent arr\u00eat\u00e9 sera constat\u00e9e et poursuivie,conform\u00e9ment aux dispositions de l'article R. 610-5 du code p\u00e9nal, sans pr\u00e9judice desp\u00e9nalit\u00e9s plus graves pr\u00e9vues, le cas \u00e9ch\u00e9ant, par les lois et r\u00e8glements en vigueur.Article 14Le secr\u00e9taire g\u00e9n\u00e9ral de la pr\u00e9fecture du Gard, le directeur de cabinet du pr\u00e9fet du Gard,le sous-pr\u00e9fet d'Al\u00e8s, le commandant du groupement de gendarmerie du Gard, le directeurinterd\u00e9partemental de la police nationale du Gard, le directeur interd\u00e9partemental desroutes M\u00e9diterran\u00e9e, le directeur du service d\u00e9partemental d'incendie et de secours duGard, la pr\u00e9sidente du conseil d\u00e9partemental du Gard, les maires des communesconcern\u00e9es sont charg\u00e9s, chacun en ce qui le concerne, de l'ex\u00e9cution du pr\u00e9sent arr\u00eat\u00e9qui sera transmis au ministre de l'int\u00e9rieur.\nLe pr\u00e9fet,\nJ\u00e9r\u00f4me BONET\nPrefecture du Gard - 30-2024-07-05-00006 - Arr\u00eat\u00e9 pr\u00e9fectoral fixant les conditions de passage dans le d\u00e9partement de la 16\u00e8me\n\u00e9tape du 111\u00e8me tour de France cycliste 16\nPrefecture du Gard - 30-2024-07-05-00006 - Arr\u00eat\u00e9 pr\u00e9fectoral fixant les conditions de passage dans le d\u00e9partement de la 16\u00e8me\n\u00e9tape du 111\u00e8me tour de France cycliste 17","date":"2024-07-09","first_seen_on":"2025-01-08T19:40:55+00:00","id":"d536e7b31e1495a5880c08c5c38c694d12ecf951354ca47a53cfc1b4736b37b3","name":"recueil-30-2024-104-special du 09 07 2024","pdf_creation_date":"2024-07-09T15:12:08+00:00","pdf_modification_date":null,"timezone":"CET","url":"https://www.gard.gouv.fr/contenu/telechargement/58357/436604/file/recueil-30-2024-104-special%20du%2009%2007%202024.pdf"}
