{"administration":"pref09","administration_name":"Pr\u00e9fecture de l\u2019Ari\u00e8ge","content":"ARI\u00c8GE\nRECUEIL DES ACTES\nADMINISTRATIFS\nN\u00b009-2024-007\nPUBLI\u00c9 LE 19 JANVIER 2024\nSommaire\n09 - DIRECTION DEPARTEMENTALE DES TERRITOIRES - SERVICE\nENVIRONNEMENT-RISQUES / SERVICE ENVIRONNEMENT-RISQUES\n09-2024-01-15-00002 - Arr\u00eat\u00e9 pr\u00e9fectoral portant application du r\u00e9gime\nforestier sur les terrains des propri\u00e9t\u00e9s foresti\u00e8res de Bonnac. (2 pages) Page 4\n09 \u25a1 PREFECTURE - DIRECTION DE LA COORDINATION\nINTERMINISTERIELLE ET DE L'APPUI TERRITORIAL / CELLULE\nENVIRONNEMENT\n09-2024-01-19-00001 - AP portant enregistrement l\u25a1installation de stockage\nde d\u00e9chets inertes (ISDI) exploit\u00e9e par la Communaut\u00e9 de Communes\nCouserans-Pyr\u00e9n\u00e9es situ\u00e9e \u00e0 Audressein (6 pages) Page 7\n09-2024-01-17-00001 - Arr\u00eat\u00e9 pr\u00e9fectoral du 17/01/2024 portant mise en\ndemeure _ Communaut\u00e9 de communes Pays de Mirepoix _ d\u00e9ch\u00e8terie sur\nla commune de MIREPOIX (3 pages) Page 14\n09 \u25a1 PREFECTURE DE L\u25a1ARIEGE \u25a1 DIRECTION DE LA COORDINATION\nINTERMINISTERIELLE ET DE L\u25a1APPUI TERRITORIAL / BUREAU DE LA\nCOORDINATION INTERMINISTERIELLE\n09-2024-01-10-00001 - Arr\u00eat\u00e9 pr\u00e9fectoral portant classement de l\u25a1office de\ntourisme\ndes Pyr\u00e9n\u00e9es Cathares en cat\u00e9gorie I (1 page) Page 18\n09-2024-01-11-00002 - Arr\u00eat\u00e9 pr\u00e9fectoral portant renouvellement du\nclassement de la commune de Mirepoix comme\nstation de tourisme (2\npages) Page 20\n09-2024-01-11-00001 - Arr\u00eat\u00e9 pr\u00e9fectoral portant renouvellement du\nclassement de l\u25a1office de tourisme des vall\u00e9es de l\u25a1Arize\net de la L\u00e8ze en\ncat\u00e9gorie II (1 page) Page 23\n09-2024-01-18-00001 - Arr\u00eat\u00e9 rectificatif de l'arr\u00eat\u00e9 conjoint du 26/12/2023\nportant tarification du prix de journ\u00e9e 2023 de la MECS PYRENE (4 pages) Page 25\n09 \u25a1 PREFECTURE \u25a1 DIRECTION DE LA CITOYENNETE ET DE LA LEGALITE /\nBUREAU DU CONTROLE BUDGETAIRE ET DE L\u25a1INTERCOMMUNALITE\n09-2024-01-16-00001 - Arr\u00eat\u00e9 pr\u00e9fectoral portant modification des statuts\nde la communaut\u00e9 de communes du Pays d'Olmes (8 pages) Page 30\n09 \u25a1 SERVICE DEPARTEMENTAL D\u25a1INCENDIE ET DE SECOURS DE L\u25a1ARIEGE\n- SERVICE AFFAIRES GENERALES, JURIDIQUES ET MARCHES PUBLIC /\nSERVICE AFFAIRES GENERALES, JURIDIQUES ET MARCHES PUBLIC\n09-2023-12-20-00004 - Convention de mise en oeuvre du programme des\ncadets de la s\u00e9curit\u00e9 civile au sein du coll\u00e8ge Lakanal de Foix (9 pages) Page 39\n09-2023-12-20-00005 - Convention de mise en \u25a1uvre du programme des\ncadets de la s\u00e9curit\u00e9 civile au sein du coll\u00e8ge Victor Hugo de Lavelanet (10\npages) Page 49\n2\n31\u25a1 DIRECTION REGIONALE DE L\u25a1ENVIRONNEMENT DE L\u25a1AMENAGEMENT\nET DU LOGEMENT \u25a1 DIRECTION /\n09-2024-01-15-00003 - arr\u00eat\u00e9 du 15 janvier 2024, portant subd\u00e9l\u00e9gation de\nsignature du directeur r\u00e9gional de l'environnement, de l'am\u00e9nagement et\ndu logement (DREAL) Occitanie aux agents de sa direction concernant\nvotre d\u00e9partement (4 pages) Page 60\nDIRECTION DEPARTEMENTALE DE L' EMPLOI, DU TRAVAIL, DES\nSOLIDARITES ET DE LA PROTECTION DES POPULATIONS-DIRECTION /\nDIRECTION DEPARTEMENTALE DE L' EMPLOI, DU TRAVAIL, DES\nSOLIDARITES ET DE LA PROTECTION DES POPULATIONS - DIRECTION\n09-2023-12-22-00004 - Arr\u00eat\u00e9 pr\u00e9fectoral portant programmation des\n\u00e9valuations de la qualit\u00e9 des \u00e9tablissements et services sociaux et\nm\u00e9dico-sociaux relevant du c) de l\u25a1article L. 313-3 du code de l\u25a1action\nsociale et des familles pour les ann\u00e9es 2024 \u00e0 2027, conform\u00e9ment aux\narticles L. 312-8 et D. 312-204 du m\u00eame code (4 pages) Page 65\n3\n09 - DIRECTION DEPARTEMENTALE DES\nTERRITOIRES - SERVICE\nENVIRONNEMENT-RISQUES\n09-2024-01-15-00002\nArr\u00eat\u00e9 pr\u00e9fectoral portant application du r\u00e9gime\nforestier sur les terrains des propri\u00e9t\u00e9s\nforesti\u00e8res de Bonnac.\n09 - DIRECTION DEPARTEMENTALE DES TERRITOIRES - SERVICE ENVIRONNEMENT-RISQUES - 09-2024-01-15-00002 - Arr\u00eat\u00e9\npr\u00e9fectoral portant application du r\u00e9gime forestier sur les terrains des propri\u00e9t\u00e9s foresti\u00e8res de Bonnac. 4\nPREFET  _\nDE L'ARI\u00c8GE\nLibert\u00e9\nl:gdl  \u00eet\u00e9\nFraternit\u00e9\nDIRECTION D\u00c9PARTEMENTALE DES TERRITOIRES\nService environnement-risques\nArr\u00eat\u00e9 pr\u00e9fectoral\nportant application du r\u00e9gime forestier\nsur les terrains des propri\u00e9t\u00e9s foresti\u00e8res de Bonnac\nLe pr\u00e9fet de l'Ari\u00e8ge\nVule code forestier, notamment les articles L. 211-1, L. 214-3, R. 214-1 et suivants  ;\nVule proc\u00e8s verbal de reconnaissance des parcelles cadastrales propri\u00e9t\u00e9s de la commune\nde Bonnac \u00e9tabli par l'office national des for\u00eats le 10 novembre 2023  ;\nVula d\u00e9lib\u00e9ration du conseil municipal de la commune de Bonnac du 20 d\u00e9cembre 2023\nd\u00e9pos\u00e9e en pr\u00e9fecture de Foix le 22 d\u00e9cembre 2023, demandant l'application du r\u00e9gime\nforestier aux parcelles concern\u00e9es  ;\nConsid\u00e9rant que les parcelles concern\u00e9es sont susceptibles d'am\u00e9nagement et d'exploitation\nr\u00e9guli\u00e8re au sens de l'article L.  211-1 du code forestier  ;\nSurproposition du directeur d\u00e9partemental des territoires de l'Ari\u00e8ge  ;\nA R R \u00ca T E\nArticle 1\nRel\u00e8vent du r\u00e9gime forestier les parcelles appartenant \u00e0 la commune de Bonnac et sises sur\nle territoire communal de Bonnac, d\u00e9sign\u00e9es ci-apr\u00e8s  :\nParcelle cadastrale concern\u00e9e Surface totale\nde la parcelle\n(ha)Surface relevant\ndu R\u00e9gime Forestier\n(ha) SectionsNum\u00e9ros Lieu-dit\nC544Le bois de Bonnac 0.52 40   0.52 40   \nC545Le bois de Bonnac 32.53 00   32.53 00   \nArticle 2\nLa  surface  de  la  for\u00eat  communale  de  Bonnac  relevant  du  r\u00e9gime  forestier  est  arr\u00eat\u00e9e  \u00e0  :\n33 ha 05 a 40 ca.\nArticle 3\nLe pr\u00e9sent arr\u00eat\u00e9 peut faire l'objet  :\n- d'un recours contentieux devant le tribunal administratif de Toulouse dans un d\u00e9lai de deux\nmois  \u00e0 compter  de la  date de sa  notification. Le tribunal  peut  \u00eatre saisi  par  l'application\ninformatique \u00ab T\u00e9l\u00e9recours citoyens  \u00bb accessible depuis le site Internet www.telerecours.fr ;\n10 rue des Salenques \u2013 BP 10102 - 09007 FOIX CEDEX\nT\u00e9l\u00e9phone : 05 61 02 47 00 / m\u00e9l : ddt@ariege.gouv.fr\nSite internet :   www.ariege.gouv.fr  \n09 - DIRECTION DEPARTEMENTALE DES TERRITOIRES - SERVICE ENVIRONNEMENT-RISQUES - 09-2024-01-15-00002 - Arr\u00eat\u00e9\npr\u00e9fectoral portant application du r\u00e9gime forestier sur les terrains des propri\u00e9t\u00e9s foresti\u00e8res de Bonnac. 5\n- d'un recours gracieux aupr\u00e8s de Monsieur le pr\u00e9fet de l'Ari\u00e8ge ainsi que hi\u00e9rarchique aupr\u00e8s\ndu ministre comp\u00e9tent dans le m\u00eame d\u00e9lai ; l'absence de r\u00e9ponse dans un d\u00e9lai de deux mois \u00e0\ncompter  de  sa  r\u00e9ception  par  l'autorit\u00e9  administrative  vaut  d\u00e9cision  implicite  de  rejet  ;\nla d\u00e9cision  implicite  ou  explicite  rejetant  ce  recours  peut  alors  faire  l'objet  d'un  recours\ncontentieux aupr\u00e8s du tribunal administratif de Toulouse, selon les modalit\u00e9s cit\u00e9es ci-avant,\ndans un d\u00e9lai de deux mois \u00e0 compter de la r\u00e9ception de la d\u00e9cision explicite ou de la date \u00e0\nlaquelle na\u00eet une d\u00e9cision implicite.\nArticle 4\nLe secr\u00e9taire g\u00e9n\u00e9ral de la pr\u00e9fecture de l'Ari\u00e8ge, le directeur d\u00e9partemental des territoires de\nl'Ari\u00e8ge, le directeur de l'agence territoriale de l'Ari\u00e8ge, de l'Aude et des Pyr\u00e9n\u00e9es-Orientales de\nl'Office national des for\u00eats et Monsieur le Maire de la commune de Bonnac sont charg\u00e9s, chacun\nen ce qui le concerne, de l'ex\u00e9cution du pr\u00e9sent arr\u00eat\u00e9, qui sera publi\u00e9 au recueil d\u00e9partemental\ndes actes administratifs de la pr\u00e9fecture de l'Ari\u00e8ge et affich\u00e9 en mairie de Bonnac.\nFoix, le 15 janvier 2024\nLe pr\u00e9fet\nP/La pr\u00e9fet et par d\u00e9l\u00e9gation\nLe secr\u00e9taire g\u00e9n\u00e9ral\nSign\u00e9\nJean-Philippe DARGENT\n2 / 209 - DIRECTION DEPARTEMENTALE DES TERRITOIRES - SERVICE ENVIRONNEMENT-RISQUES - 09-2024-01-15-00002 - Arr\u00eat\u00e9\npr\u00e9fectoral portant application du r\u00e9gime forestier sur les terrains des propri\u00e9t\u00e9s foresti\u00e8res de Bonnac. 6\n09 \u25a1 PREFECTURE - DIRECTION DE LA\nCOORDINATION INTERMINISTERIELLE ET DE\nL'APPUI TERRITORIAL\n09-2024-01-19-00001\nAP portant enregistrement l\u25a1installation de\nstockage de d\u00e9chets inertes (ISDI) exploit\u00e9e par\nla Communaut\u00e9 de Communes\nCouserans-Pyr\u00e9n\u00e9es situ\u00e9e \u00e0 Audressein\n09 \u25a1 PREFECTURE - DIRECTION DE LA COORDINATION INTERMINISTERIELLE ET DE L'APPUI TERRITORIAL - 09-2024-01-19-00001 - AP\nportant enregistrement l\u25a1installation de stockage de d\u00e9chets inertes (ISDI) exploit\u00e9e par la Communaut\u00e9 de Communes\nCouserans-Pyr\u00e9n\u00e9es situ\u00e9e \u00e0 Audressein7\nEx\nPR\u00c9FET  _\nDE L'ARI\u00c8GE\nijerte'\nEgalit\u00e9\nFraternit\u00e9\nPR\u00c9FECTURE\nDirection de la coordination interminist\u00e9rielle\net de l'appui territorial\nBureau de l'appui territorial\nCellule environnement\nArr\u00eat\u00e9 pr\u00e9fectoral portant enregistrement l'installation de stockage de d\u00e9chets inertes exploit\u00e9e par la\nCommunaut\u00e9 de Communes Couserans-Pyr\u00e9n\u00e9es, situ\u00e9e rue des Carreches \u00e0 Au dressein (09800)\nLe pr\u00e9fet de l'Ari\u00e8ge\nVu l'annexe III de la directive n\u00b02011/92/UE du 13 d\u00e9cembre 2011 concernant l'\u00e9valuation des\nincidences de certains projets publics et priv\u00e9s sur l'environnement  ;\nVu le code de l'environnement, en particulier ses articles L.  512-7 \u00e0 L. 512-7-7 , R. 512-46-1 \u00e0\nR. 512-46-30 ;\nVu la loi n\u00b0 2000-321 du 12 avril 2000 modifi\u00e9e relative aux droits des citoyens dans leurs\nrelations avec les administrations  ;\nVu  le  Sch\u00e9ma  Directeur  d'Am\u00e9nagement  et  de  Gestion  des  Eaux  (SDAGE)  Adour-Garonne\napprouv\u00e9 le 10 mars 2022 ;\nVu  le  Plan  R\u00e9gional  de  Pr\u00e9vention  et  de  Gestion  des  D\u00e9chets  d'Occitanie  approuv\u00e9  le\n14 novembre 2019 ;\nVu l'arr\u00eat\u00e9 minist\u00e9riel du 12 d\u00e9cembre 2014 relatif aux prescriptions g\u00e9n\u00e9rales applicables aux\ninstallations  du  r\u00e9gime  de  l'enregistrement  relevant  de  la  rubrique  n\u00b0  2760  de  la\nnomenclature des installations class\u00e9es pour la protection de l'environnement  ;\nVu l'arr\u00eat\u00e9  minist\u00e9riel du 12 d\u00e9cembre 2014 relatif aux conditions d'admission des d\u00e9chets\ninertes dans les installations relevant des rubriques 2515, 2516, 2517 et dans les installations\nde  stockage  de  d\u00e9chets  inertes  relevant  de  la  rubrique  2760  de  la  nomenclature  des\ninstallations class\u00e9es  ;\nVu  la demande d'enregistrement  d\u00e9pos\u00e9e  le 9 janvier 2023, et compl\u00e9t\u00e9e les  28 juillet et\n4 septembre  2023 par  la  Communaut\u00e9  de  Communes  Couserans-Pyr\u00e9n\u00e9es  pour  la\nr\u00e9gularisation administrative de l'installation de stockage de d\u00e9chets inertes (ISDI), situ\u00e9e\nrue des Carreches sur le territoire de la commune d'Audressein  ;\nVu le dossier technique annex\u00e9 \u00e0 la demande  ;\nVu  l'arr\u00eat\u00e9  pr\u00e9fectoral  du  15  septemb re  2023  fixant  les  jours  et  heures  o\u00f9  le  dossier\nd'enregistrement a pu \u00eatre consult\u00e9 par le public  ;\nVu l'absence d'observations du public recueillies entre le 9 octobre  et le 6 novembre 20 23 sur\nle registre de la consultation et sur le site internet de la pr\u00e9fecture  ;\nVu l'absence d'avis \u00e9mis par la Direction D\u00e9partementale des Territoires de l'Ari\u00e8ge  ;\nVu l'avis de l'Unit\u00e9 D\u00e9partementale de l'Architecture et du Patrimoine  du 7 d\u00e9cembre 2023  ;\nVu l'avis favorable \u00e9mis par le conseil municipal d' Audressein le 16 octobre 2023 ;\nVu l'avis favorable \u00e9mis par le conseil municipal d'Ar rout le 8 novembre 2023  ;\nVu l'absence d'avis \u00e9mis par les conseils municipaux de Cescau et C astillon-en-Couserans  ;\nVu l'avis favorable du maire de la commune d'Audressein sur la proposition d'usage futur du\nsite ;\nVu le rapport du 9 janvier 2024 de l'inspection des installations class\u00e9es  ;\n2 rue de la Pr\u00e9fecture - Pr\u00e9fet Claude Erignac B.P . 40087 - 09007 Foix Cedex \u2013 T\u00e9l : 05 61 02 10 00\nSite internet : www.ariege.gouv.fr09 \u25a1 PREFECTURE - DIRECTION DE LA COORDINATION INTERMINISTERIELLE ET DE L'APPUI TERRITORIAL - 09-2024-01-19-00001 - AP\nportant enregistrement l\u25a1installation de stockage de d\u00e9chets inertes (ISDI) exploit\u00e9e par la Communaut\u00e9 de Communes\nCouserans-Pyr\u00e9n\u00e9es situ\u00e9e \u00e0 Audressein8\nVu  l'absence  d'observation  dans  le  cadre  de  la  proc\u00e9dure  de  contradictoire  de  la\nCommunaut\u00e9 de Communes Couserans-Pyr\u00e9n\u00e9es sur le projet d'arr\u00eat\u00e9 pr\u00e9fectoral  ;\nConsid\u00e9rant que la demande d'enregistrement justifie du respect des prescriptions g\u00e9n\u00e9rales\ndes arr\u00eat\u00e9s minist\u00e9riels susvis\u00e9s et que le respect de celles-ci suffit \u00e0 garantir la protection\ndes int\u00e9r\u00eats mentionn\u00e9s \u00e0 l'article L.  511-1 du code de l'environnement  ;\nConsid\u00e9rant que le site sera, en cas d'arr\u00eat d\u00e9finitif de l'installation, r\u00e9affect\u00e9 \u00e0 un usage de\nzone naturelle v\u00e9g\u00e9talis\u00e9e;\nConsid\u00e9rant que l'examen des  caract\u00e9ristiques du  projet  eu  \u00e9gard aux  crit\u00e8res d\u00e9finis \u00e0\nl'annexe III de la directive 2011/92/UE du 13 d\u00e9cembre 2011, notamment par rapport \u00e0 la\nlocalisation  du  projet  et  \u00e0  la  sensibilit\u00e9  environnementale  des  zones  g\u00e9ographiques\nsusceptibles d'\u00eatre affect\u00e9es et au cumul des incidences du projet avec celles d'autres\nprojets d'installations, ouvrages ou travaux, ne conduit pas \u00e0 conclure \u00e0 la n\u00e9cessit\u00e9 de\nsoumettre le projet \u00e0 \u00e9valuation environnementale  ;\nConsid\u00e9rant en particulier  :\n\u2022le caract\u00e8re peu significatif des effets cumul\u00e9s du projet avec ceux d'autres projets\nd'activit\u00e9s, ouvrages, travaux et installations existants et/ou approuv\u00e9s dans cette zone  ;\n\u2022la localisation du projet au sein d'une zone d\u00e9j\u00e0 am\u00e9nag\u00e9e et d\u00e9di\u00e9e \u00e0 l'accueil des\nd\u00e9chets inertes ;\nConsid\u00e9rant en cons\u00e9quence, qu'il n'y a pas lieu d'instruire la demande selon les r\u00e8gles de\nproc\u00e9dure de l'autorisation environnementale  ;\nConsid\u00e9rant qu'il convient, en application des dispositions de l'article R.  512-46-21 du code\nde l'environnement, de fixer la dur\u00e9e limite de l'installation, son volume maximal de\nd\u00e9chets stock\u00e9s, la quantit\u00e9 de d\u00e9chets inertes maximale annuelle admissible et le type\nde d\u00e9chets inertes admissibles sur site  ;\nConsid\u00e9rant  la  communication  au  p\u00e9titionnaire  du  rapport  et  des  propositions  de\nl'inspection  des  installations  class\u00e9es  susvis\u00e9,  par  courriel  du  11  janvier  2024,\nconform\u00e9ment aux dispositions de l'article R.  512-46-17 du code de l'environnement  ;\nConsid\u00e9rant l'absence d'observation formul\u00e9e par le p\u00e9titionnaire sur ce projet dans le d\u00e9lai\nimparti ;\nSur proposition du secr\u00e9taire g\u00e9n\u00e9ral de la pr\u00e9fecture de l'Ari\u00e8ge  :\nA R R \u00ca T E\nArticle 1 \u2013 Exploitant, dur\u00e9e, d\u00e9chets admissibles, p\u00e9remption\nLes  installations  de  la  Communaut\u00e9  de  Communes  Couserans-Pyr\u00e9n\u00e9es\n(n\u00b0 SIRET 20006794000011), dont le si\u00e8ge social est situ\u00e9  1 rue H\u00f4tel Dieu 09  190 SAINT LIZIER,\nfaisant l'objet de la demande susvis\u00e9e, sont enregistr\u00e9es.\nCes installations sont localis\u00e9es sur le territoire de la commune d 'Audressein, sur une partie des\nparcelles n\u00b0 850, 1907 , 1910, 2145 de  la section A du cadastre. Les installations sont d\u00e9taill\u00e9es au\ntableau de l'article 2 du pr\u00e9sent arr\u00eat\u00e9.\nLes installations de stockage de d\u00e9chets inertes sont exploit\u00e9es selon les modalit\u00e9s suivantes  :\n\u2022la dur\u00e9e de stockage des d\u00e9chets inertes est limit\u00e9e \u00e0 12 ans \u00e0 compter de la notification\ndu pr\u00e9sent arr\u00eat\u00e9 ;\n\u2022durant la p\u00e9riode de 12  ans, le tonnage maximal de d\u00e9chets stock\u00e9s est de 23  765 m\u00b3 ;\n\u2022l'apport maximal annuel de d\u00e9chets est de 2  000 m\u00b3.\n209 \u25a1 PREFECTURE - DIRECTION DE LA COORDINATION INTERMINISTERIELLE ET DE L'APPUI TERRITORIAL - 09-2024-01-19-00001 - AP\nportant enregistrement l\u25a1installation de stockage de d\u00e9chets inertes (ISDI) exploit\u00e9e par la Communaut\u00e9 de Communes\nCouserans-Pyr\u00e9n\u00e9es situ\u00e9e \u00e0 Audressein9\nLes  d\u00e9chets  inertes  admissibles  sur  le  site  sont  ceux  fix\u00e9s  par  l'arr\u00eat\u00e9  minist\u00e9riel  du\n12 d\u00e9cembre 2014 relatif aux conditions d'admission des d\u00e9chets inertes dans les installations\nrelevant des rubriques 2515, 2516, 2517 et dans les installations de stockage de d\u00e9chets inertes\nrelevant de la rubrique 2760 de la nomenclature des installations class\u00e9es\nL'arr\u00eat\u00e9 d'enregistrement cesse de produire effet lorsque, sauf cas de force  majeure ou de\ndemande justifi\u00e9e et accept\u00e9e de prorogation de d\u00e9lai, l'installation n'a pas \u00e9t\u00e9 mise en service\ndans le d\u00e9lai de trois ans, conform\u00e9ment aux dispositions fix\u00e9es par l'article R.  512-74 du code\nde l'environnement.\nArticle 2 \u2013 Liste des installations concern\u00e9es par une rubrique de la nomenclature des\ninstallations class\u00e9es pour la protection de l'environnement\nLes installations projet\u00e9es rel\u00e8vent du r\u00e9gime de l'enregistrement pr\u00e9vu \u00e0 l'article L.  512-7 du\ncode de l'environnement au titre des rubriques list\u00e9es dans le tableau ci-dessous  :\nN\u00b0 rubriqueD\u00e9signation des activit\u00e9s Caract\u00e9ristiques des installationsR\u00e9gime\n(*)\n2760-3Installation  de  stockage  de\nd\u00e9chets,  \u00e0  l'exclusion  des\ninstallations  vis\u00e9es  \u00e0  la  rubrique\n2720 :\n3.  Installations  de  stockage  de\nd\u00e9chetsEnceinte cl\u00f4tur\u00e9e : 23 108 m\u00b2\n Dur\u00e9e totale de stockage  : 12 ans \u00e0\npartir de la notification du pr\u00e9sent\narr\u00eat\u00e9\nCapacit\u00e9  maximale  annuelle  de\nd\u00e9chets stock\u00e9s : 2 000 m\u00b3\nVolume  maximum  de  d\u00e9chets\nstock\u00e9s sur 12 ans : 23 765 m\u00b3E\n* : Enregistrement\nArticle 3 \u2013 Conformit\u00e9 au dossier d'enregistrement\nLes  installations  et  leurs  annexes,  objet  du  pr\u00e9sent  arr\u00eat\u00e9,  sont  dispos\u00e9es,  am\u00e9nag\u00e9es  et\nexploit\u00e9es conform\u00e9ment aux plans et donn\u00e9es techniques contenus dans les dossiers d\u00e9pos\u00e9s\npar l'exploitant, accompagnant sa demande du  9 janvier 2023, et compl\u00e9t\u00e9e les  28 juillet et\n4 septembre 2023.\nElles respectent les dispositions des arr\u00eat\u00e9s minist\u00e9riels de prescriptions g\u00e9n\u00e9rales applicables.\nArticle 4 \u2013 R\u00e9colement\nUn r\u00e9colement sur le respect du pr\u00e9sent arr\u00eat\u00e9 est effectu\u00e9 par l'exploitant ou un organisme\ncomp\u00e9tent. Ce contr\u00f4le, \u00e0 la charge de l'exploitant et sous sa responsabilit\u00e9, est r\u00e9alis\u00e9 dans un\nd\u00e9lai de 6 mois \u00e0 compter de la mise en service de l'installation . Le rapport de ce contr\u00f4le est\ncommuniqu\u00e9 \u00e0 l'inspection des installations class\u00e9es dans ce m\u00eame d\u00e9lai. Ce contr\u00f4le peut\n\u00eatre renouvel\u00e9 \u00e0 la demande de l'inspection des installations class\u00e9es.\n309 \u25a1 PREFECTURE - DIRECTION DE LA COORDINATION INTERMINISTERIELLE ET DE L'APPUI TERRITORIAL - 09-2024-01-19-00001 - AP\nportant enregistrement l\u25a1installation de stockage de d\u00e9chets inertes (ISDI) exploit\u00e9e par la Communaut\u00e9 de Communes\nCouserans-Pyr\u00e9n\u00e9es situ\u00e9e \u00e0 Audressein10\nArticle 5 \u2013 Modification du champ de l'enregistrement\nTout transfert d'une installation soumise \u00e0 enregistrement sur un autre emplacement n\u00e9cessite\nun nouvel enregistrement, conform\u00e9ment aux dispositions fix\u00e9es par l'article R.  512-46-23 du\ncode de l'environnement.\nToute modification apport\u00e9e par le demandeur \u00e0 l'installation, \u00e0 son mode d'exploitation ou \u00e0\nson voisinage, et de nature \u00e0 entra\u00eener un changement notable des \u00e9l\u00e9ments du dossier de\ndemande d'enregistrement doit \u00eatre port\u00e9e avant sa r\u00e9alisation \u00e0 la connaissance d u pr\u00e9fet\navec  tous  les  \u00e9l\u00e9ments  d'appr\u00e9ciation,  conform\u00e9ment  aux  dispositions  fix\u00e9es  par  l'article\nR. 512-46-23 du code de l'environnement.\nDans le cas o\u00f9 l'\u00e9tablissement change d'exploitant, le nouvel exploitant en fait la d\u00e9claration\nau pr\u00e9fet dans le mois qui suit la prise en charge de l'exploitant. Cette d\u00e9claration mentionne,\ns'il s'agit d'une personne physique, les noms, pr\u00e9noms et domicile du nouvel exploitant et, s'il\ns'agit  d'une  personne  morale,  sa  d\u00e9nomination  ou  sa  raison  sociale,  sa  forme  juridique,\nl'adresse de son si\u00e8ge social ainsi que la qualit\u00e9 du signataire de la d\u00e9claration.\nArticle 6 \u2013 Mise \u00e0 l'arr\u00eat d\u00e9finitif\nConform\u00e9ment  aux  dispositions  des  articles  R.  512-46-25  \u00e0  R. 512-46-28  du  code  de\nl'environnement, lorsqu'une installation class\u00e9e est mise \u00e0 l'arr\u00eat d\u00e9finitif, l'exploitant notifie au\npr\u00e9fet la date de cet arr\u00eat trois mois au moins avant celui-ci.\nLa notification pr\u00e9vue ci-dessus indique les mesures prises ou pr\u00e9vues pour assurer, d\u00e8s l'arr\u00eat\nde l'exploitation, la mise en s\u00e9curit\u00e9 du site, telle que d\u00e9finie \u00e0 l'article R.  512-75-1 du code de\nl'environnement. Ces mesures comportent, notamment  :\n\u2022l'\u00e9vacuation ou l'\u00e9limination des produits dangereux et des d\u00e9chets pr\u00e9sents sur le site  ;\n\u2022des interdictions ou limitations d'acc\u00e8s au site  ;\n\u2022la suppression des risques d'incendie et d'explosion  ;\n\u2022la surveillance des effets de l'installation sur son environnement.\nEn outre, l'exploitant doit placer le site de l'installation dans un \u00e9tat tel qu'il ne puisse porter\natteinte aux int\u00e9r\u00eats mentionn\u00e9s \u00e0 l'article L.  511-1 et qu'il permette un usage futur du site\nindustriel.\nArticle 7 \u2013 Arr\u00eat\u00e9s minist\u00e9riels de prescriptions g\u00e9n\u00e9rales applicables\nS'appliquent \u00e0 l'\u00e9tablissement  :\n\u2022l'arr\u00eat\u00e9 minist\u00e9riel du 12 d\u00e9cembre 2014 relatif aux prescriptions g\u00e9n\u00e9rales applicables\naux installations du r\u00e9gime de l'enregistrement relevant de la rubrique n\u00b0  2760 de la\nnomenclature des installations class\u00e9es pour la protection de l'environnement.\n\u2022l'arr\u00eat\u00e9 minist\u00e9riel du 12 d\u00e9cembre 2014 relatif aux conditions d'admission des d\u00e9chets\ninertes  dans  les  installations  relevant  des  rubriques  2515,  2516,  2517  et  dans  les\ninstallations  de  stockage  de  d\u00e9chets  inertes  relevant  de  la  rubrique  2760  de  la\nnomenclature des installations class\u00e9es\nArticle 8 \u2013 R\u00e9alisation d'une \u00e9tude paysag\u00e8re\nL'exploitant r\u00e9alise une \u00e9tude paysag\u00e8re, tout le long du site depuis le flanc Est et parall\u00e8le \u00e0\nla route d\u00e9partementale D618, de fa\u00e7on \u00e0 limiter l'impact visuel du  site. Les \u00e9ventuelles\nplantations  mises  en  place  apr\u00e8s  r\u00e9alisation  de  cette  \u00e9tude  devront  \u00eatre  constitu\u00e9es\nd'essences locales persistantes et bocag\u00e8res.\n409 \u25a1 PREFECTURE - DIRECTION DE LA COORDINATION INTERMINISTERIELLE ET DE L'APPUI TERRITORIAL - 09-2024-01-19-00001 - AP\nportant enregistrement l\u25a1installation de stockage de d\u00e9chets inertes (ISDI) exploit\u00e9e par la Communaut\u00e9 de Communes\nCouserans-Pyr\u00e9n\u00e9es situ\u00e9e \u00e0 Audressein11\nArticle 9 \u2013 Respect des autres l\u00e9gislations et r\u00e9glementations\nLes dispositions de cet arr\u00eat\u00e9 pr\u00e9fectoral sont prises sans pr\u00e9judice des autres l\u00e9gislations\net r\u00e9glementations applicables, et notamment le code minier, le code civil, le code de\nl'urbanisme, le code du travail et le code g\u00e9n\u00e9ral des collectivit\u00e9s territoriales, ainsi que la\nr\u00e9glementation sur les \u00e9quipements sous pression. Les droits des tiers sont et demeurent\nexpress\u00e9ment r\u00e9serv\u00e9s. Le pr\u00e9sent arr\u00eat\u00e9 ne vaut pas permis de construire.\nArticle 10 \u2013 Sanctions\nLes  infractions  ou  l'inobservation  des  conditions  l\u00e9gales  fix\u00e9es  par  le  pr\u00e9sent  arr\u00eat\u00e9\nentra\u00eenent l'application des sanctions administratives et p\u00e9nales pr\u00e9vues par le titre VII du\nlivre Ier du code de l'environnement.\nArticle 11 \u2013 Frais\nTous les frais inh\u00e9rents \u00e0 l'application des prescriptions du pr\u00e9sent arr\u00eat\u00e9 sont \u00e0 la charge\nde l'exploitant.\nArticle 12 \u2013 D\u00e9lais et voies de recours\nEn application de l'article L.  514-6 du code de l'environnement le pr\u00e9sent arr\u00eat\u00e9 est soumis\n\u00e0 un contentieux de pleine juridiction.\nIl  peut  \u00eatre  d\u00e9f\u00e9r\u00e9  aupr\u00e8s  du  tribunal  administratif  de  Toulouse  par  courrier  ou  par\nl'application  informatique  T\u00e9l\u00e9recours,  accessible  par  le  lien  internet\nhttp://www.telerecours.fr , par :\n1\u00b0  les  tiers,  personnes  physiques  ou  morales,  les  communes  int\u00e9ress\u00e9es  ou  leurs\ngroupements,  en  raison  des  inconv\u00e9nients  ou  des  dangers  que  le  fonctionnement  de\nl'installation pr\u00e9sente pour les int\u00e9r\u00eats mentionn\u00e9s aux articles L. 211-1 et L. 511-1 du code de\nl'environnement, dans un d\u00e9lai de quatre mois \u00e0 compter de la publication ou de l'affichage\ndu pr\u00e9sent arr\u00eat\u00e9 ;\n2\u00b0 les demandeurs ou exploitants, dans un d\u00e9lai de deux mois qui commence \u00e0 courir du\njour o\u00f9 l'arr\u00eat\u00e9 leur a \u00e9t\u00e9 notifi\u00e9.\nLes tiers qui n'ont acquis ou pris \u00e0 bail des immeubles ou n'ont \u00e9lev\u00e9 des constructions dans\nle voisinage d'une installation class\u00e9e que post\u00e9rieurement \u00e0 l'affichage ou \u00e0 la publication\nde  l'arr\u00eat\u00e9  portant  enregistrement  de  cette  installation  ou  att\u00e9nuant  les  prescriptions\nprimitives ne sont pas recevables \u00e0 d\u00e9f\u00e9rer ledit arr\u00eat\u00e9 \u00e0 la juridiction administrative.\nTout recours administratif ou contentieux doit \u00eatre notifi\u00e9 \u00e0 l'auteur et au b\u00e9n\u00e9ficiaire de la\nd\u00e9cision,  \u00e0  peine,  selon  le  cas,  de  non  prorogation  du  d\u00e9lai  de  recours  contentieux  ou\nd'irrecevabilit\u00e9. Cette notification doit \u00eatre adress\u00e9e par lettre recommand\u00e9e avec accus\u00e9 de\nr\u00e9ception  dans  un  d\u00e9lai  de  quinze  jours  francs  \u00e0  compter  de  la  date  d'envoi  du  recours\nadministratif  ou  du  d\u00e9p\u00f4t  du  recours  contentieux  (article  R.  181-51  du  code  de\nl'environnement).\nArticle 13 \u2013 Information aux tiers\nConform\u00e9ment aux dispositions de l'article R.  512-46-24 du code de l'environnement, en\nvue de l'information des tiers  :\n1\u00b0 Une copie de l'arr\u00eat\u00e9 d'enregistrement est d\u00e9pos\u00e9e \u00e0 la mairie d'Audressein pour y \u00eatre\nconsult\u00e9e ;\n2\u00b0 Un extrait de cet arr\u00eat\u00e9 est affich\u00e9 \u00e0 la mairie d'Audressein pendant une dur\u00e9e minimum\nd'un mois ; proc\u00e8s-verbal de l'accomplissement de cette formalit\u00e9 est dress\u00e9 par les soins\ndu maire ;\n509 \u25a1 PREFECTURE - DIRECTION DE LA COORDINATION INTERMINISTERIELLE ET DE L'APPUI TERRITORIAL - 09-2024-01-19-00001 - AP\nportant enregistrement l\u25a1installation de stockage de d\u00e9chets inertes (ISDI) exploit\u00e9e par la Communaut\u00e9 de Communes\nCouserans-Pyr\u00e9n\u00e9es situ\u00e9e \u00e0 Audressein12\n3\u00b0 L'arr\u00eat\u00e9 est adress\u00e9 \u00e0 chaque conseil municipal et aux autres autorit\u00e9s locales ayant \u00e9t\u00e9\nconsult\u00e9es en application de l'article R.  512-46-11 du code de l'environnement, \u00e0 savoir les\nconseils municipaux d'Audressein , d'Arrout, de Cescau et de Castillon-en Couserans  ;\n4\u00b0 L'arr\u00eat\u00e9 est publi\u00e9 sur le site internet des services de l'\u00c9tat de l'Ari\u00e8ge pendant une dur\u00e9e\nminimale de quatre mois.\nL'information des tiers s'effectue dans le respect du secret de la d\u00e9fense nationale, du\nsecret industriel et de tout secret prot\u00e9g\u00e9 par la loi.\nArticle 14 \u2013 Ex\u00e9cution\nLe secr\u00e9taire g\u00e9n\u00e9ral de la pr\u00e9fecture de l'Ari\u00e8ge et le directeur  r\u00e9gional de l'environnement,\nde l'am\u00e9nagement et du logement Occitanie et le maire de la commune d'Audressein sont\ncharg\u00e9s, chacun en ce qui le concerne, de l'ex\u00e9cution du pr\u00e9sent arr\u00eat\u00e9, qui sera publi\u00e9 au\nrecueil d\u00e9partemental des actes administratifs et notifi\u00e9 \u00e0 la Communaut\u00e9 de Communes\nCouserans-Pyr\u00e9n\u00e9es .\nFait \u00e0 Foix, le 19 janvier 2024\nPour le pr\u00e9fet et par d\u00e9l\u00e9gation, \nLe secr\u00e9taire g\u00e9n\u00e9ral\nSign\u00e9\nJean-Philippe DARGENT\n609 \u25a1 PREFECTURE - DIRECTION DE LA COORDINATION INTERMINISTERIELLE ET DE L'APPUI TERRITORIAL - 09-2024-01-19-00001 - AP\nportant enregistrement l\u25a1installation de stockage de d\u00e9chets inertes (ISDI) exploit\u00e9e par la Communaut\u00e9 de Communes\nCouserans-Pyr\u00e9n\u00e9es situ\u00e9e \u00e0 Audressein13\n09 \u25a1 PREFECTURE - DIRECTION DE LA\nCOORDINATION INTERMINISTERIELLE ET DE\nL'APPUI TERRITORIAL\n09-2024-01-17-00001\nArr\u00eat\u00e9 pr\u00e9fectoral du 17/01/2024 portant mise en\ndemeure _ Communaut\u00e9 de communes Pays de\nMirepoix _ d\u00e9ch\u00e8terie sur la commune de\nMIREPOIX\n09 \u25a1 PREFECTURE - DIRECTION DE LA COORDINATION INTERMINISTERIELLE ET DE L'APPUI TERRITORIAL - 09-2024-01-17-00001 -\nArr\u00eat\u00e9 pr\u00e9fectoral du 17/01/2024 portant mise en demeure _ Communaut\u00e9 de communes Pays de Mirepoix _ d\u00e9ch\u00e8terie sur la\ncommune de MIREPOIX14\nEx\nPR\u00c9FET  _\nDE L'ARI\u00c8GE\nijerte'\nEgalit\u00e9\nFraternit\u00e9\nPR\u00c9FECTURE\nDirection de la coordination interminist\u00e9rielle\net de l'appui territorial\nBureau de l'appui territorial\nCellule environnement\nArr\u00eat\u00e9 pr\u00e9fectoral portant mise en demeure \u00e0 l'encontre de la Communaut\u00e9 de communes Pays de\nMirepoix exploitant une d\u00e9ch\u00e8terie implant\u00e9e au lieu-dit \u00ab  les Commusaux de Terride  \u00bb sur la commune\nde MIREPOIX (09500)\nLe pr\u00e9fet de l'Ari\u00e8ge\nVu le Code de l'environnement et notamment ses articles L.  171-6, L. 171-7 , L. 172-1, L. 511-1, L. 511-2,\nL. 514-5 ;\nVu le rapport de l'inspection des  installations class\u00e9es transmis \u00e0 l 'exploitant par courrier en\nrecommand\u00e9  avec  accus\u00e9  de  r\u00e9ception  le  7  novembre  2023,  conform\u00e9ment  aux  articles\nL. 171-6 et L. 514-5 du code de l'environnement  :\nVu  les  observations  de  l 'exploitant  formul\u00e9es  par  courriels  des  15  novembre  2023  et\n13 d\u00e9cembre 2023 ;\nConsid\u00e9rant  que, lors de la visite du 28 f\u00e9vrier 2023,  l'inspection des  installations class\u00e9es a\nconstat\u00e9 que le volume de d\u00e9chets non dangereux pr\u00e9sents s ur le site est sup\u00e9rieur \u00e0\n300 m\u00b3.\nConsid\u00e9rant  la  nomenclature  des  installations  class\u00e9es  et  notamment  la  rubrique  2710-2,\ninstallations de collecte de d\u00e9chets non dangereux apport\u00e9s par leur producteur initial  \u00e0\nl'exclusion des installations vis\u00e9es \u00e0 la rubrique 2719, qui rel\u00e8ve du r\u00e9gime de l'enregistrement\nd\u00e8s lors que le volume de d\u00e9chets susceptibles d'\u00eatre pr\u00e9sents est sup\u00e9rieur ou \u00e9gale \u00e0 300  m\u00b3 ;\nConsid\u00e9rant  que, lors de la visite du  28 f\u00e9vrier 2023, l'inspection des  installations class\u00e9es a\nconstat\u00e9 que la quantit\u00e9 de d\u00e9chets verts broy\u00e9s est sup\u00e9rieure \u00e0 30  t/j ;\nConsid\u00e9rant la nomenclature des installations class\u00e9es et notamment la rubrique 2794, Installation\nde broyage de d\u00e9chets v\u00e9g\u00e9taux non dangereux , qui rel\u00e8ve du r\u00e9gime de l'enregistrement d\u00e8s\nlors que la quantit\u00e9 de d\u00e9chets trait\u00e9s est sup\u00e9rieure ou \u00e9gale \u00e0 30  t/j ;\nConsid\u00e9rant  que  l'installation  dont  les  activit\u00e9s  ont  \u00e9t\u00e9  constat\u00e9es  lors  de  la  visite  du\n28 f\u00e9vrier 2023, qui rel\u00e8vent du r\u00e9gime de l'enregistrement pour les rubriques 2710-2 et 2794\nde la nomenclature des installations class\u00e9es, est exploit\u00e9e sans les enregistrements n\u00e9cessaires\nen application de l'article L.  512-7 du code de l'environnement  ;\nConsid\u00e9rant que le fonctionnement de l'installation sans les enregistrements mentionn\u00e9s ci-dessus\nest susceptible de pr\u00e9senter des dangers et inconv\u00e9nients pour les int\u00e9r\u00eats mentionn\u00e9s \u00e0\nl'article L. 511-1 du code de l'environnement  ;\nConsid\u00e9rant que face \u00e0 ce manquement, il convient de faire application des dispositions de l'article\nL. 171-7 du code de l'environnement en mettant en demeure  la Communaut\u00e9 de communes\nPays de Mirepoix de r\u00e9gulariser sa situation administrative  ;\nSur proposition du secr\u00e9taire g\u00e9n\u00e9ral de la pr\u00e9fecture de l'Ari\u00e8ge  :\n2 rue de la Pr\u00e9fecture - Pr\u00e9fet Claude - Erignac B.P . 40087 - 09007 Foix Cedex \u2013 T\u00e9l : 05 61 02 10 00\nSite internet : www.ariege.gouv.fr09 \u25a1 PREFECTURE - DIRECTION DE LA COORDINATION INTERMINISTERIELLE ET DE L'APPUI TERRITORIAL - 09-2024-01-17-00001 -\nArr\u00eat\u00e9 pr\u00e9fectoral du 17/01/2024 portant mise en demeure _ Communaut\u00e9 de communes Pays de Mirepoix _ d\u00e9ch\u00e8terie sur la\ncommune de MIREPOIX15\nA R R \u00ca T E\nArticle 1     :   Titulaire  \nLa communaut\u00e9 de communes du pays de Mirepoix  (siret n\u00b0 20004446900019) dont le si\u00e8ge social\nest situ\u00e9 1 chemin de la Mestrise - 09500 Mirepoix, est mise en demeure de r\u00e9gulariser la situation\nadministrative de la d\u00e9ch\u00e8terie qu'elle exploite  au lieu-dit \u00ab les Commusaux de Terride  \u00bb sur la\ncommune de MIREPOIX  :\n-  soit  en  d\u00e9posant  en  pr\u00e9fecture  ( ou  sur  internet  via  https://entreprendre.service-\npublic.fr/vosdroits/R62282 )  un  dossier  de  demande  d'enregistrement,  pour  les\nrubriques 2710-2 et 2794 de la nomenclature des installations class\u00e9es, complet et\nrecevable conform\u00e9ment aux dispositions des articles R.  512-46-1 et suivants du code de\nl'environnement ;\n- soit en diminuant les volumes associ\u00e9s aux rubriques 2710-2 et 2794 de la nomenclature\ndes installations afin de relever du  r\u00e9gime de la d\u00e9claration pour ces activit\u00e9s.\nLes d\u00e9lais pour respecter cette mise en demeure sont les suivants  :\n- dans un d\u00e9lai d'un mois, l'exploitant fera conna\u00eetre laquelle des deux options il retient\npour satisfaire \u00e0 la mise en demeure  ;\n- dans le cas o\u00f9 il opte pour le d\u00e9p\u00f4t d'un dossier de demande d'enregistrement, ce\ndernier doit \u00eatre d\u00e9pos\u00e9 dans un d\u00e9lai de cinq mois  ;\n- dans le cas o\u00f9 il opte pour la r\u00e9duction des volumes associ\u00e9s aux rubriques 2710-2 et\n2794, cette r\u00e9duction est effective dans un d\u00e9lai d'un mois.\nCes d\u00e9lais courent \u00e0 compter de la notification du pr\u00e9sent arr\u00eat\u00e9 \u00e0 l'exploitant.\nArticle 2     :     Sanctions      \nEn cas de non-respect des obligations pr\u00e9vues \u00e0 l'article 1 du pr\u00e9sent arr\u00eat\u00e9 dans le d\u00e9lai pr\u00e9vu au\nm\u00eame article, la fermeture ou la suppression des installations sera ordonn\u00e9e ind\u00e9pendamment des\npoursuites p\u00e9nales qui pourraient \u00eatre exerc\u00e9es \u00e0 l'encontre de l'exploitant, conform\u00e9ment au II de\nl'article L. 171-7  du code de l'environnement.\nArticle 3     :   Prise en charge      \nTous les frais occasionn\u00e9s par l'application du pr\u00e9sent arr\u00eat\u00e9 sont \u00e0 la charge de la Communaut\u00e9 de\ncommunes Pays de Mirepoix .\nArticle   4   : D\u00e9lais et voies de recours\nLe pr\u00e9sent arr\u00eat\u00e9 peut faire l'objet d'un recours de plein contentieux devant le tribunal administratif\nde Toulouse, dans un d\u00e9lai de deux mois \u00e0 compter de sa notification, soit par courrier, soit par\nl'application informatique t\u00e9l\u00e9recours accessible sur le site  https://www.telerecours.fr .\nTout recours administratif ou contentieux doit \u00eatre notifi\u00e9 \u00e0 l'auteur et au b\u00e9n\u00e9ficiaire de la\nd\u00e9cision,  \u00e0  peine,  selon  le  cas,  de  non  prorogation  du  d\u00e9lai  de  recours  contentieux  ou\nd'irrecevabilit\u00e9. Cette notification doit \u00eatre adress\u00e9e par lettre recommand\u00e9e avec accus\u00e9 de\nr\u00e9ception dans un d\u00e9lai de quinze jours francs \u00e0 compter de la date d'envoi du recours administratif\nou du d\u00e9p\u00f4t du recours contentieux (article R.  181-51 du code de l'environnement).\nArticle 5     : Publicit\u00e9  \nConform\u00e9ment \u00e0 l'article R.  171-1 du Code de l'environnement en vue de l'information des\ntiers, le pr\u00e9sent arr\u00eat\u00e9 est publi\u00e9 sur le site internet des services de l'\u00c9tat en Ari\u00e8ge pendant\nune dur\u00e9e minimale de deux mois.\n209 \u25a1 PREFECTURE - DIRECTION DE LA COORDINATION INTERMINISTERIELLE ET DE L'APPUI TERRITORIAL - 09-2024-01-17-00001 -\nArr\u00eat\u00e9 pr\u00e9fectoral du 17/01/2024 portant mise en demeure _ Communaut\u00e9 de communes Pays de Mirepoix _ d\u00e9ch\u00e8terie sur la\ncommune de MIREPOIX16\nArticle 6     : Ex\u00e9cution  \nLe secr\u00e9taire g\u00e9n\u00e9ral de la pr\u00e9fecture de l'Ari\u00e8ge,  le directeur r\u00e9gional de l'environnement, de\nl'am\u00e9nagement et du logement de la r\u00e9gion Occitanie et le maire de Mirepoix sont charg\u00e9s\nchacun  en  ce  qui  le  concerne,  de  l'ex\u00e9cution  du  pr\u00e9sent  arr\u00eat\u00e9  qui  sera  notifi\u00e9  \u00e0  la\nCommunaut\u00e9 de communes du Pays de Mirepoix .\nFait \u00e0 Foix, le 17 janvier 2024\nPour le pr\u00e9fet et par d\u00e9l\u00e9gation, \nLe secr\u00e9taire g\u00e9n\u00e9ral\nSign\u00e9\nJean-Philippe DARGENT\n309 \u25a1 PREFECTURE - DIRECTION DE LA COORDINATION INTERMINISTERIELLE ET DE L'APPUI TERRITORIAL - 09-2024-01-17-00001 -\nArr\u00eat\u00e9 pr\u00e9fectoral du 17/01/2024 portant mise en demeure _ Communaut\u00e9 de communes Pays de Mirepoix _ d\u00e9ch\u00e8terie sur la\ncommune de MIREPOIX17\n09 \u25a1 PREFECTURE DE L\u25a1ARIEGE \u25a1 DIRECTION DE\nLA COORDINATION INTERMINISTERIELLE ET DE\nL\u25a1APPUI TERRITORIAL\n09-2024-01-10-00001\nArr\u00eat\u00e9 pr\u00e9fectoral portant classement de\nl\u25a1office de tourisme\ndes Pyr\u00e9n\u00e9es Cathares en cat\u00e9gorie I\n09 \u25a1 PREFECTURE DE L\u25a1ARIEGE \u25a1 DIRECTION DE LA COORDINATION INTERMINISTERIELLE ET DE L\u25a1APPUI TERRITORIAL -\n09-2024-01-10-00001 - Arr\u00eat\u00e9 pr\u00e9fectoral portant classement de l\u25a1office de tourisme\ndes Pyr\u00e9n\u00e9es Cathares en cat\u00e9gorie I18\nEx\nPR\u00c9FET  _\nDE L'ARI\u00c8GE\nL,z'berte'\nEgalit\u00e9\nFraternit\u00e9\nPR\u00c9FECTURE\nDirection de la citoyennet\u00e9 et de la l\u00e9galit\u00e9\nBureau des \u00e9lections et de la r\u00e9glementation\nAffaire suivie par Pascale RIBAT\nT\u00e9l : 05 61 02 10 41\nCourriel : pref-reglementation@ariege.gouv.fr\nFoix, le 10 janvier 2024\nArr\u00eat\u00e9 pr\u00e9fectoral portant classement de l'office de tourisme \ndes Pyr\u00e9n\u00e9es Cathares en cat\u00e9gorie I\nLe pr\u00e9fet de l'Ari\u00e8ge\nVu  le code du tourisme, notamment ses articles L.133-10-1 et D.133-20 et suivants  ;\nVu  l'arr\u00eat\u00e9 minist\u00e9riel du 16 avril 2019 fixant les crit\u00e8res de classement des offices du\ntourisme ;\nVu  la d\u00e9lib\u00e9ration n\u00b0 158 / 2023 \u2013 de la Communaut\u00e9 de Communes du Pays d'Olmes\ndemandant le classement, en date du 13 d\u00e9cembre 2023  ;\nVu la d\u00e9lib\u00e9ration n\u00b0 2023 \u2013 145 de la Communaut\u00e9 de Communes du Pays de Mirepoix\ndemandant le classement de l'Office de Tourisme des Pyr\u00e9n\u00e9es Cathares , en date du\n19 d\u00e9cembre 2023  ;\nVu le courrier de l'Office de Tourisme des Pyr\u00e9n\u00e9es Cathares, en date du 9 janvier 2024\ndemandant la modification du niveau de classement  ;\nConsid\u00e9rant la compl\u00e9tude du dossier d\u00e9pos\u00e9  ;\nSur proposition du secr\u00e9taire g\u00e9n\u00e9ral de la pr\u00e9fecture de l'Ari\u00e8ge  :\nA R R \u00ca T E\nArticle 1 :\nL'office de tourisme des Pyr\u00e9n\u00e9es Cathares  est class\u00e9 en cat\u00e9gorie I .\nArticle 2 :\nLe classement est accord\u00e9 pour une dur\u00e9e de cinq ans \u00e0 compter de la date du pr\u00e9sent\narr\u00eat\u00e9.\nArticle 3 :\nLe  pr\u00e9sent  arr\u00eat\u00e9  peut  faire  l'objet  d'un  recours  devant  le  tribunal  administratif  de\nToulouse dans un d\u00e9lai de deux mois \u00e0 compter de la date de sa notification.\nArticle 4 :\nLe secr\u00e9taire g\u00e9n\u00e9ral de la pr\u00e9fecture de l'Ari\u00e8ge est charg\u00e9 de l'ex\u00e9cution du pr\u00e9sent\narr\u00eat\u00e9 qui sera publi\u00e9 au recueil des actes administratifs et dont une copie sera adress\u00e9e\naux demandeurs ainsi qu'\u00e0 la Direction G\u00e9n\u00e9rale des Entreprises.\nPour le pr\u00e9fet et par d\u00e9l\u00e9gation,\nLe secr\u00e9taire g\u00e9n\u00e9ral, \n                                          Sign\u00e9\nJean-Philippe DARGENT\n2 rue de la Pr\u00e9fecture - Pr\u00e9fet Claude - Erignac B.P . 40087 - 09007 Foix Cedex \u2013 T\u00e9l : 05 61 02 10 00\nSite internet : www.ariege.gouv.fr09 \u25a1 PREFECTURE DE L\u25a1ARIEGE \u25a1 DIRECTION DE LA COORDINATION INTERMINISTERIELLE ET DE L\u25a1APPUI TERRITORIAL -\n09-2024-01-10-00001 - Arr\u00eat\u00e9 pr\u00e9fectoral portant classement de l\u25a1office de tourisme\ndes Pyr\u00e9n\u00e9es Cathares en cat\u00e9gorie I19\n09 \u25a1 PREFECTURE DE L\u25a1ARIEGE \u25a1 DIRECTION DE\nLA COORDINATION INTERMINISTERIELLE ET DE\nL\u25a1APPUI TERRITORIAL\n09-2024-01-11-00002\nArr\u00eat\u00e9 pr\u00e9fectoral portant renouvellement du\nclassement de la commune de Mirepoix comme\nstation de tourisme\n09 \u25a1 PREFECTURE DE L\u25a1ARIEGE \u25a1 DIRECTION DE LA COORDINATION INTERMINISTERIELLE ET DE L\u25a1APPUI TERRITORIAL -\n09-2024-01-11-00002 - Arr\u00eat\u00e9 pr\u00e9fectoral portant renouvellement du classement de la commune de Mirepoix comme\nstation de tourisme20\nEx\nPR\u00c9FET  _\nDE L'ARI\u00c8GE\nL,z'berte'\nEgalit\u00e9\nFraternit\u00e9\nPR\u00c9FECTURE\nDirection de la citoyennet\u00e9 et de la l\u00e9galit\u00e9\nBureau des \u00e9lections et de la r\u00e9glementation\nAffaire suivie par Guillaume DEGEILH\nT\u00e9l : 05.61.02.10.39\nCourriel : guillaume.degeilh@ariege.gouv.fr\nArr\u00eat\u00e9 pr\u00e9fectoral portant renouvellement du classement de la commune de Mirepoix comme\nstation de tourisme\nLe pr\u00e9fet de l'Ari\u00e8ge\nVu le code du tourisme et notamment les articles L. 133-13 \u00e0 L. 133-16  ;\nVu le code g\u00e9n\u00e9ral des collectivit\u00e9s territoriales  ;\nVu l'arr\u00eat\u00e9 du 16 avril 2019 modifiant l'arr\u00eat\u00e9 du 2 septembre 2008 relatif aux communes \ntouristiques et aux stations class\u00e9es de tourisme  ;\nVu l'arr\u00eat\u00e9 du 16 juin 2023 modifiant l'article 3 et l'annexe II de l'arr\u00eat\u00e9 du 2 septembre \n2008 relatif aux communes touristiques et aux stations class\u00e9es de tourisme  ;\nVu le d\u00e9cret du 24 janvier 2012 portant classement de la commune de Mirepoix (Ari\u00e8ge) \ncomme station de tourisme  ;\nVu l'arr\u00eat\u00e9 pr\u00e9fectoral du 10 janvier 2024 portant classement de l'office de tourisme des\nPyr\u00e9n\u00e9es Cathares en cat\u00e9gorie I  ;\nVu l'arr\u00eat\u00e9 de d\u00e9lib\u00e9ration du conseil municipal de la commune de Mirepoix en date du 13 \nnovembre 2023 ;\nVu le dossier de demande de classement comme station de tourisme en date du 24\nnovembre 2023 pr\u00e9sent\u00e9 par la commune de Mirepoix  ;\n      Sur proposition du secr\u00e9taire g\u00e9n\u00e9ral de la pr\u00e9fecture de l'Ari\u00e8ge  :\nA R R \u00ca T E\nArticle 1     :  \nLa commune de Mirepoix est class\u00e9e en tant que station de tourisme pour une dur\u00e9e de 12     ans  .\nArticle 2     :  \nAu  terme  de  la  dur\u00e9e  de  validit\u00e9  de  ces  dispositions,  la  commune  pourra  demander  le\nrenouvellement de son classement comme station de tourisme dans les m\u00eames formes.\nArticle 3     :  \nLe pr\u00e9sent arr\u00eat\u00e9 peut faire l'objet d'un recours devant le tribunal administratif de Toulouse dans\nun  d\u00e9lai  de  deux  mois  \u00e0  compter  de  sa  publication  au  recueil  d\u00e9partemental  des  actes\nadministratifs.\n2 rue de la Pr\u00e9fecture - Pr\u00e9fet Claude - Erignac B.P . 40087 - 09007 Foix Cedex \u2013 T\u00e9l : 05 61 02 10 00\nSite internet : www.ariege.gouv.fr09 \u25a1 PREFECTURE DE L\u25a1ARIEGE \u25a1 DIRECTION DE LA COORDINATION INTERMINISTERIELLE ET DE L\u25a1APPUI TERRITORIAL -\n09-2024-01-11-00002 - Arr\u00eat\u00e9 pr\u00e9fectoral portant renouvellement du classement de la commune de Mirepoix comme\nstation de tourisme21\nArticle 4     :  \nLe secr\u00e9taire g\u00e9n\u00e9ral de la pr\u00e9fecture de l'Ari\u00e8ge est charg\u00e9 de l'ex\u00e9cution du pr\u00e9sent arr\u00eat\u00e9 qui\nsera publi\u00e9 au recueil des actes administratifs et dont une copie sera adress\u00e9e aux demandeurs\nainsi qu'\u00e0 la Direction G\u00e9n\u00e9rale des Entreprises.\nFait \u00e0 Foix, le 11 janvier 2024\nPour le pr\u00e9fet et par d\u00e9l\u00e9gation,\nLe secr\u00e9taire g\u00e9n\u00e9ral,\nSign\u00e9\nJean-Philippe DARGENT\n209 \u25a1 PREFECTURE DE L\u25a1ARIEGE \u25a1 DIRECTION DE LA COORDINATION INTERMINISTERIELLE ET DE L\u25a1APPUI TERRITORIAL -\n09-2024-01-11-00002 - Arr\u00eat\u00e9 pr\u00e9fectoral portant renouvellement du classement de la commune de Mirepoix comme\nstation de tourisme22\n09 \u25a1 PREFECTURE DE L\u25a1ARIEGE \u25a1 DIRECTION DE\nLA COORDINATION INTERMINISTERIELLE ET DE\nL\u25a1APPUI TERRITORIAL\n09-2024-01-11-00001\nArr\u00eat\u00e9 pr\u00e9fectoral portant renouvellement du\nclassement de l\u25a1office de tourisme des vall\u00e9es\nde l\u25a1Arize\net de la L\u00e8ze en cat\u00e9gorie II\n09 \u25a1 PREFECTURE DE L\u25a1ARIEGE \u25a1 DIRECTION DE LA COORDINATION INTERMINISTERIELLE ET DE L\u25a1APPUI TERRITORIAL -\n09-2024-01-11-00001 - Arr\u00eat\u00e9 pr\u00e9fectoral portant renouvellement du classement de l\u25a1office de tourisme des vall\u00e9es de l\u25a1Arize\net de la L\u00e8ze en cat\u00e9gorie II23\nEx\nPR\u00c9FET  _\nDE L'ARI\u00c8GE\nL,z'berte'\nEgalit\u00e9\nFraternit\u00e9\nPR\u00c9FECTURE\nDirection de la citoyennet\u00e9 et de la l\u00e9galit\u00e9\nBureau des \u00e9lections et de la r\u00e9glementation\nAffaire suivie par Pascale RIBAT\nT\u00e9l : 05 61 02 10 41\nCourriel : pref-reglementation@  ariege.gouv.fr  \nFoix, le 11 janvier 2024\nArr\u00eat\u00e9 pr\u00e9fectoral portant renouvellement du classement de l'office de tourisme des vall\u00e9es de l'Arize\net de la L\u00e8ze en cat\u00e9gorie II\nLe pr\u00e9fet de l'Ari\u00e8ge\nVu   le code du tourisme, notamment ses articles L.133-10-1 et D.133-20 et suivants  ;\nVu   l'arr\u00eat\u00e9 minist\u00e9riel du 16 avril 2019 fixant les crit\u00e8res de classement des offices du tourisme  ;\nVul'arr\u00eat\u00e9 pr\u00e9fectoral du 6 d\u00e9cembre 2017 portant d\u00e9cision de classement d'un office de\ntourisme n\u00b0 OT 09-17-001  ;\nVu  la d\u00e9lib\u00e9ration n\u00b0 2023-94-1 de la Communaut\u00e9 de Communes Arize/L\u00e8ze demandant le\nrenouvellement du classement de l'Office de Tourisme des Vall\u00e9es de l'Arize et de la L\u00e8ze en\ncat\u00e9gorie II, en date du 16 novembre 2023  ;\nConsid\u00e9rant la compl\u00e9tude du dossier d\u00e9pos\u00e9  ;\nSur proposition du secr\u00e9taire g\u00e9n\u00e9ral de la pr\u00e9fecture de l'Ari\u00e8ge  :\nA R R \u00ca T E\nArticle 1 :\nL'office de tourisme des Vall\u00e9es de l'Arize et de la L\u00e8ze est class\u00e9 en cat\u00e9gorie II .\nArticle 2 :\nLe classement est accord\u00e9 pour une nouvelle dur\u00e9e de cinq ans \u00e0 compter de la date du pr\u00e9sent\narr\u00eat\u00e9.\nArticle 3 :\nLe pr\u00e9sent arr\u00eat\u00e9 peut faire l'objet d'un recours devant le tribunal administratif de Toulouse\ndans un d\u00e9lai de deux mois \u00e0 compter de la date de sa notification.\nArticle 4 :\nLe secr\u00e9taire g\u00e9n\u00e9ral de la pr\u00e9fecture de l'Ari\u00e8ge est charg\u00e9 de l'ex\u00e9cution du pr\u00e9sent arr\u00eat\u00e9 qui\nsera publi\u00e9 au recueil des actes administratifs et dont une copie sera adress\u00e9e aux demandeurs\nainsi qu'\u00e0 la Direction G\u00e9n\u00e9rale des Entreprises.\nPour le pr\u00e9fet et par d\u00e9l\u00e9gation,\nLe secr\u00e9taire g\u00e9n\u00e9ral, \n               Sign\u00e9\n       Jean-Philippe DARGENT\n2 rue de la Pr\u00e9fecture - Pr\u00e9fet Claude - Erignac B.P . 40087 - 09007 Foix Cedex \u2013 T\u00e9l : 05 61 02 10 00\nSite internet : www.ariege.gouv.fr09 \u25a1 PREFECTURE DE L\u25a1ARIEGE \u25a1 DIRECTION DE LA COORDINATION INTERMINISTERIELLE ET DE L\u25a1APPUI TERRITORIAL -\n09-2024-01-11-00001 - Arr\u00eat\u00e9 pr\u00e9fectoral portant renouvellement du classement de l\u25a1office de tourisme des vall\u00e9es de l\u25a1Arize\net de la L\u00e8ze en cat\u00e9gorie II24\n09 \u25a1 PREFECTURE DE L\u25a1ARIEGE \u25a1 DIRECTION DE\nLA COORDINATION INTERMINISTERIELLE ET DE\nL\u25a1APPUI TERRITORIAL\n09-2024-01-18-00001\nArr\u00eat\u00e9 rectificatif de l'arr\u00eat\u00e9 conjoint du\n26/12/2023 portant tarification du prix de\njourn\u00e9e 2023 de la MECS PYRENE\n09 \u25a1 PREFECTURE DE L\u25a1ARIEGE \u25a1 DIRECTION DE LA COORDINATION INTERMINISTERIELLE ET DE L\u25a1APPUI TERRITORIAL -\n09-2024-01-18-00001 - Arr\u00eat\u00e9 rectificatif de l'arr\u00eat\u00e9 conjoint du 26/12/2023 portant tarification du prix de journ\u00e9e 2023 de la MECS\nPYRENE25\nE\nrle  PREFET\nDE L'ARI\u00c8GE\nLibert\u00e9\n\u00c9galit\u00e9\nFraternit\u00e9\nCONSEIL  D\u00c9PARTEMENTAL  DE L'ARI\u00c8GE  PR\u00c9FECTURE  DE L'ARI\u00c8GE\nArr\u00eat\u00e9  rectificatif  de l'arr\u00eat\u00e9  conjoint  du 26/12/2023\nportant  tarification  du prix  de journ\u00e9e  2023\nde la MECS  PYRENE\nLa pr\u00e9sidente  du conseil  d\u00e9partemental  Le pr\u00e9fet  de I'Ariege\nde l'Ari\u00e8ge  Chevalier  de la l\u00e9gion  d'honneur\nOfficier  de l'ordre  national  du m\u00e9rite\nVu le code  de l'action  sociale  et des  familles,  et plus  particuli\u00e8rement  les articles  L 331-1  et\nsuivants  concernant  la protection  de I'enfance,  et les articles  R.314-4  et suivants  relatifs  \u00e0 la\ngestion  budg\u00e9taire,  comptable  et financi\u00e8re,  et aux  modalit\u00e9s  de financement  et de tarification  des\n\u00e9tablissements  et services  sociaux  et m\u00e9dico-sociaux  mentionn\u00e9s  au | de l'article  L.312-1  du code\nde l'action  sociale  et des  familles,  et des  \u00e9tablissements  mentionn\u00e9s  au-ll  de l'article  L.6111-2  du\nCode  de la Sant\u00e9  Publique  ;\nVu les articles  375  \u00e0 375-8  du code  civil  relatifs  \u00e0 l'assistance  \u00e9ducative  ;\nVu la loi N\u00b083/663  du 22 juillet  1983  compl\u00e9tant  la loi N\u00b083-8  du 7 janvier  1983  relative  \u00e0 la\nr\u00e9partition  de comp\u00e9tences  entre  les communes,  les d\u00e9partements,  les r\u00e9gions  et l'Etat,\nnotamment  l'article  45-IIl  ; :\nVu l'ordonnance  N\u00b0 45-174  du 2 f\u00e9vrier  1945  relative  \u00e0 l'enfance  d\u00e9linquante,  notamment  l'article\n39 ;\nVu l'ordonnance  N\u00b0 45-1845  du 18 ao\u00fbt  1945  relative  aux  remboursements  aux  institutions  priv\u00e9es\ndes  frais  d'entretien  et d'\u00e9ducation  des  mineurs  d\u00e9linquants  ;\nVu le code  g\u00e9n\u00e9ral  des  collectivit\u00e9s  territoriales  ;\nVu le d\u00e9cret  n\u00b02022-1736  du 30 d\u00e9cembre  2022  portant  r\u00e9partition  des  cr\u00e9dits  et d\u00e9couverts\nautoris\u00e9s  par la loi n\u00b02022-1726  du 30 d\u00e9cembre  2022  de finances  pour  2023  ;\nVu le rapport  de madame  la directrice  interr\u00e9gionale  de la protection  judiciaire  de la jeunesse  et de\nmadame  la directrice  de la DSD  du d\u00e9partement  de l'Ari\u00e8ge  ;\nVu l'arr\u00eat\u00e9  conjoint  en date  du 28 mai  2019  portant  renouvellement  de 'autorisation  de la MECS\nPYRENE,  g\u00e9r\u00e9e  par l'ADES  EUROPE  ;\nVu l'arr\u00eat\u00e9  pr\u00e9fectoral  du 27 avril  2020,  portant  renouvellement  de l'habilitation  justice  de\nl'\u00e9tablissement  ;\n09 \u25a1 PREFECTURE DE L\u25a1ARIEGE \u25a1 DIRECTION DE LA COORDINATION INTERMINISTERIELLE ET DE L\u25a1APPUI TERRITORIAL -\n09-2024-01-18-00001 - Arr\u00eat\u00e9 rectificatif de l'arr\u00eat\u00e9 conjoint du 26/12/2023 portant tarification du prix de journ\u00e9e 2023 de la MECS\nPYRENE26\nSur  proposition  du secr\u00e9taire  g\u00e9n\u00e9ral  de la pr\u00e9fecture  de l'Ari\u00e8ge  et de la directrice  de la DSD  dud\u00e9partement  de I'Ari\u00e9ge  :\nARRETENT\nArticle  1\nPour  l'exercice  budg\u00e9taire  2023,  les recettes  et les d\u00e9penses  de la MECS  PYRENE  situ\u00e9  RN 117Le Pitarlet  & Prat-Bonrepaux  (09160),  g\u00e9r\u00e9  par  ADES  EUROPE,  sont  autoris\u00e9es  comme  suit  :\nGroupe  1 - d\u00e9penses\naff\u00e9rentes  \u00e0 l'exploitation  287  747,00\ncourante\nCHARG\u00ce\u00ceZ\u00ceRUTES  Groupe  2 - d\u00e9penses  176394600  | 2611867,90\naff\u00e9rentes  au personnel  '\nGroupe  3 - d\u00e9penses\naff\u00e9rentes  \u00e0 la structure  560 174,80\nREPRISE  DE -y\nRESULTAT  2021 _ |P\u00e9ficit  .8 e\nGroupe  1 - produit  de la\ntarification  et assimil\u00e9s  2 478 240,23\nRECETTES  2023  Groupe  2 et 3 - produits  2 576  361,03\nautres  que  ceux  de la 98 120,80\ntarification\nREPRISE  DE ; _R\u00c9SULTAT  2021  Exc\u00e9dent  35 506,87  \u20ac 35 506,87  \u20ac\nD\u00e9penses  refus\u00e9es  par  l'autorit\u00e9  de tarification\n(art R314-52)  0,00  9,00\nArticle  2\nLe prix  de journ\u00e9e,  applicable  \u00e0 compter  du 1\u00b0 d\u00e9cembre  2023,  s'\u00e9l\u00e8vera  \u00e0 :\n[ 334.34  \u20ac |\nArticle  3\nTout  recours  \u00e9ventuel  contre  le pr\u00e9sent  arr\u00eat\u00e9  devra  parvenir  au secr\u00e9tariat  du tribunalinterr\u00e9gional  de la tarification  sanitaire  et sociale  de Bordeaux  - Cour  administrative  d'appel  deBordeaux  - 17 cours  de Verdun  - 33 074  Bordeaux  cedex  dans  le d\u00e9lai  franc  d'un  mois  \u00e0 compterde sa publication  ou \u00e0 l'\u00e9gard  des  personnes  et organismes  auxquels  il est notifi\u00e9,  \u00e0 compter  de sanotification.\nArticle  4\nUne  ampliation  du pr\u00e9sent  arr\u00eat\u00e9  sera  notifi\u00e9e  \u00e0 l''organisme  gestionnaire.\nArticle  5\nEn application  des  dispositions  du !l de l'article  R. 314-36  du code  de l'action  sociale  et desfamilles,  le pr\u00e9sent  arr\u00eat\u00e9  sera  publi\u00e9  au recueil  des  actes  administratifs  du d\u00e9partement.\nArticle  6\nMadame  la directrice  interr\u00e9gionale  de la protection  judiciaire  de la jeunesse  Sud,  Madame  laDirectrice  de la DSD  du Conseil  d\u00e9partemental  de l'Ari\u00e8ge,  Madame  le Payeur  d\u00e9partemental  de\n09 \u25a1 PREFECTURE DE L\u25a1ARIEGE \u25a1 DIRECTION DE LA COORDINATION INTERMINISTERIELLE ET DE L\u25a1APPUI TERRITORIAL -\n09-2024-01-18-00001 - Arr\u00eat\u00e9 rectificatif de l'arr\u00eat\u00e9 conjoint du 26/12/2023 portant tarification du prix de journ\u00e9e 2023 de la MECS\nPYRENE27\nI'Ariege  et le Directeur  de l'\u00e9tablissemen t sont  charg\u00e9s,  chacun  en ce qui le concerne,  del'ex\u00e9cution  du pr\u00e9sent  arr\u00eat\u00e9.\nFait  \u00e0 Foix,  le 18  JAN,  2024\nLa pr\u00e9sidente  du conseil  d\u00e9partemental  Le pr\u00e9fet\n\u00e9\nSimon  BERTOUXChristine  TEQUI\n09 \u25a1 PREFECTURE DE L\u25a1ARIEGE \u25a1 DIRECTION DE LA COORDINATION INTERMINISTERIELLE ET DE L\u25a1APPUI TERRITORIAL -\n09-2024-01-18-00001 - Arr\u00eat\u00e9 rectificatif de l'arr\u00eat\u00e9 conjoint du 26/12/2023 portant tarification du prix de journ\u00e9e 2023 de la MECS\nPYRENE28\n09 \u25a1 PREFECTURE DE L\u25a1ARIEGE \u25a1 DIRECTION DE LA COORDINATION INTERMINISTERIELLE ET DE L\u25a1APPUI TERRITORIAL -\n09-2024-01-18-00001 - Arr\u00eat\u00e9 rectificatif de l'arr\u00eat\u00e9 conjoint du 26/12/2023 portant tarification du prix de journ\u00e9e 2023 de la MECS\nPYRENE29\n09 \u25a1 PREFECTURE \u25a1 DIRECTION DE LA\nCITOYENNETE ET DE LA LEGALITE\n09-2024-01-16-00001\nArr\u00eat\u00e9 pr\u00e9fectoral portant modification des\nstatuts de la communaut\u00e9 de communes du Pays\nd'Olmes\n09 \u25a1 PREFECTURE \u25a1 DIRECTION DE LA CITOYENNETE ET DE LA LEGALITE - 09-2024-01-16-00001 - Arr\u00eat\u00e9 pr\u00e9fectoral portant\nmodification des statuts de la communaut\u00e9 de communes du Pays d'Olmes 30\n| =1 | PR\u00c9FECTURE\nPR\u00c9FET  Direction  de la citoyennet\u00e9  et de la l\u00e9galit\u00e9\nDE  L'ARI\u00c8GE  Bureau  des collectivit\u00e9s  territoriales\nLibert\u00e9  ML\n\u00c9galit\u00e9\nFraternit\u00e9\nArr\u00eat\u00e9  pr\u00e9fectoral  portant  modification  des  statuts\nde la communaut\u00e9  de communes  du Pays  d'Olmes\nLe pr\u00e9fet  de l'Ari\u00e8ge\nVu le code  g\u00e9n\u00e9ral  des  collectivit\u00e9s  territoriales  (CGCT)  et notamment  l'article  L. 521117  ;\nVu l'arr\u00eat\u00e9  pr\u00e9fectoral  en date  du 26 d\u00e9cembre  1995  portant  cr\u00e9ation  de la communaut\u00e9  de communes\ndu Pays  d'Olmes  (CCPO)  modifi\u00e9  ; '\nVu la d\u00e9lib\u00e9ration  du conseil  communautaire  en date  du 27 septembre  2023  approuvant  l'extension  de\ncomp\u00e9tence  par le transfert  de la comp\u00e9tence  \u00ab animation  de la vie sociale  \u00bb et la modification  des\nstatuts  induite  ;\nVu les d\u00e9lib\u00e9rations  des communes  de L'Aiguillon,  B\u00e9lesta,  B\u00e9naix,  Carla-de-Roquefort,  Dreuilhe,\nLavelanet,  Lesparrou,  Lieurac,  Montferrier,  Nalzen,  Roquefort-les-Cascades,  Saint-Jean-d'Aigues-Vives,  Le\nSautel  et Villeneuve  d'Olmes  approuvant  l'extension  de comp\u00e9tence  ;\nVu l'absence  de d\u00e9lib\u00e9ration  des  communes  de Fougax-et-Barrineuf,  Freychenet,  Ilhat,  Laroque  d''Olmes,\nLeychert,  Monts\u00e9gur,  P\u00e9reille,  Raissac,  Roquefixade  et Tabre,  valant  avis  favorable  ;\nConsid\u00e9rant  que  les dispositions  de l'article  L 5211-17  du CGCT  relatif  au transfert  de comp\u00e9tence  pour\nles \u00e9tablissements  publics  de coop\u00e9ration  intercommunale  ont \u00e9t\u00e9 respect\u00e9es  et que  les conditions  de\nd\u00e9lais  et de majorit\u00e9  requises  sont  atteintes  ;\nSur proposition  du secr\u00e9taire  g\u00e9n\u00e9ral  de la pr\u00e9fecture  de l'Ari\u00e8ge  ;\nARR\u00caTE:\nArticle  1 :\nLes statuts  de la communaut\u00e9  de communes  du Pays  d'Olmes,  dans  leur  version  actualis\u00e9e,  sont  joints\nau pr\u00e9sent  arr\u00eat\u00e9.\nArticle  2 :\nLe pr\u00e9sent  arr\u00eat\u00e9  peut  faire  l'objet  d'un  recours  devant  le Tribunal  administratif  de Toulouse  dans  un\nd\u00e9lai  de deux  mois  \u00e0 compter  de sa publication  au recueil  des actes  administratifs  de la pr\u00e9fecture  de\nI'Ariege.\nArticle  3 :\nLe secr\u00e9taire  g\u00e9n\u00e9ral  de la pr\u00e9fecture  de l'Ari\u00e8ge,  le sous-pr\u00e9fet  de Pamiers,  le directeur  d\u00e9partemental\ndes finances  publiques,  le directeur  d\u00e9partemental  des territoires,  le pr\u00e9sident  de la CCPO,  les maires\ndes communes  membres  sont  charg\u00e9s,  chacun  en ce qui le concerne,  de l'ex\u00e9cution  du pr\u00e9sent  arr\u00eat\u00e9\nqui sera  affich\u00e9  au si\u00e8ge  de la CCPO  et dans  les collectivit\u00e9s  membres.\nFait  \u00e0 Foix,  le 16 janvier  2024\nPour  le pr\u00e9fet  et par  d\u00e9l\u00e9gation,\nLe secr\u00e9taire  g\u00e9n\u00e9ral,\nSign\u00e9  : Jean-Philippe  DARGENT\n2 rue de la Pr\u00e9fecture  - Pr\u00e9fet  Claude  - Erignac  B.P. 40087  - 09007  Foix  Cedex  \u2014 T\u00e9l : 05 61 02 10 00\nSite  internet  : www.ariege.gouv.fr\n09 \u25a1 PREFECTURE \u25a1 DIRECTION DE LA CITOYENNETE ET DE LA LEGALITE - 09-2024-01-16-00001 - Arr\u00eat\u00e9 pr\u00e9fectoral portant\nmodification des statuts de la communaut\u00e9 de communes du Pays d'Olmes 31\n09 \u25a1 PREFECTURE \u25a1 DIRECTION DE LA CITOYENNETE ET DE LA LEGALITE - 09-2024-01-16-00001 - Arr\u00eat\u00e9 pr\u00e9fectoral portant\nmodification des statuts de la communaut\u00e9 de communes du Pays d'Olmes 32\nCOMMUNAUT\u00c9  DE\nCOMMUNES\nCOMMUNAUTE  DE COMMUNES  DU  PAYS  D'OLMES\nSTATUTS\nArticle  1\u00b0  : Cr\u00e9ation\nIl est cr\u00e9\u00e9  une  communaut\u00e9  de communes  compos\u00e9e  de 24 communes  :\nL'Aiguillon,  B\u00e9lesta,  B\u00e9naix,  Le Carla  de Roquefort,  Dreuilhe,  Fougax  et Barrineuf,\nFreychenet,  |\nIhat,  Laroque  d'Olmes,  Lavelanet,  Lesparrou,  Leychert,  Lieurac,  Montferrier,  Monts\u00e9gur,\nNalzen,  P\u00e9reille,  Raissac,  Roquefort  les Cascades,  Roquefixade,  Saint  -Jean  d'Aigues  \u2014Vives,\nLe Sautel,  Tabre,  Villeneuve  d'Olmes.\nCette  communaut\u00e9  de communes  prend  le nom  de \u00ab Communaut\u00e9  de Communes  du Pays\nd'Olmes  \u00bb\nArticle  2 : Dur\u00e9e\nLa communaut\u00e9  de communes  est cr\u00e9\u00e9e  pour  une  dur\u00e9e  illimit\u00e9e.\nArticle  3 : Si\u00e8ge  social\nLe si\u00e8ge  de la communaut\u00e9  de communes  est fix\u00e9  : 1 chemin  de la Coume  -09300\nLAVELANET  '\nArticle  4 : Comp\u00e9tences\nLa communaut\u00e9  de communes  exerce  de plein  droit  sur son territoire  l'int\u00e9gralit\u00e9  des\ncomp\u00e9tences  telles  qu'indiqu\u00e9es  ci-apr\u00e8s  :\n4-1 Comp\u00e9tences  obligatoires\n> Am\u00e9nagement  de l'espace\n1- Am\u00e9nagement  de l'espace  pour  la conduite  d'actions  d'int\u00e9r\u00eat  communautaire\n2- Sch\u00e9ma  de coh\u00e9rence  territoriale  (SCOT)  et sch\u00e9ma  de secteur\n3- Plan  local  d'urbanisme,  document  d'urbanisme  en tenant  lieu  et carte  communale\n> Actions  de d\u00e9veloppement  \u00e9conomique\n1 - Actions  de d\u00e9veloppement  \u00e9conomique  dans  les conditions  pr\u00e9vues  \u00e0 l'article\nL4251-17\n09 \u25a1 PREFECTURE \u25a1 DIRECTION DE LA CITOYENNETE ET DE LA LEGALITE - 09-2024-01-16-00001 - Arr\u00eat\u00e9 pr\u00e9fectoral portant\nmodification des statuts de la communaut\u00e9 de communes du Pays d'Olmes 33\n2 - Cr\u00e9ation,  am\u00e9nagement,  entretien  et gestion  des zones  d'activit\u00e9  industrielle,\ncommerciale,  tertiaire,  artisanale,  touristique,  portuaire,  ou a\u00e9roportuaire\n3 - Politique  locale  et soutien  aux activit\u00e9s  commerciales  d'int\u00e9r\u00eat  communautaire\n4 - Promotion  du tourisme,  dont  la cr\u00e9ation  d'offices  de tourisme\n> Gestion  des milieux  aquatiques  et de pr\u00e9vention  des inondations  conform\u00e9ment  a\nl'article  L 211-7  du code  de l'environnement  :\n\u00ab J'am\u00e9nagement  d'un  bassin  ou d'une  fraction  de \u2014 bassin\nhydrographique  ;\n\u00ab L'entretien  et l'am\u00e9nagement  d'un  cours  d'eau,  canal,  lac ou plan d'eau,\ny compris  les acc\u00e8s  \u00e0 ce cours  d'eau,  \u00e0 ce canal,  \u00e0 ce lac ou \u00e0 ce plan\nd'eau  ;\n= La d\u00e9fense  contre  les inondations  et contre  la mer,\n\u00ab La protection  et la restauration  des sites,  des \u00e9cosyst\u00e8mes  aquatiques  et\ndes zones  humides  ainsi  que  bois\u00e9es  riveraines.\n> Cr\u00e9ation,  am\u00e9nagement,  entretien  et gestion  des aires  d'accueil  des gens  du\nvoyage  et des terrains  familiaux  locatifs  d\u00e9finis  aux  1\u00b0 \u00e0 3\u00b0 du II de l'article  ler\nde la loi n\u00b02000-614  du 5 juillet  2000  relative  \u00e0 l'accueil  et \u00e0 l'habitat  des gens  du\nvoyage  |\nLa communaut\u00e9  de communes  d\u00e9l\u00e8gue  dans  son int\u00e9gralit\u00e9  l'exercice  de la\ncomp\u00e9tence  sociale  et la gestion  de l'aire  d'accueil  des gens  du voyage  au Centre\nIntercommunal  d'Action  Sociale  (CIAS)\n> Collecte  et traitement  des d\u00e9chets  m\u00e9nagers  et assimil\u00e9s\n4-2 Comp\u00e9tences  optionnelles  pour  la conduite  d'actions  d'int\u00e9r\u00eats\ncommunautaires  .\n> Politique  du logement  et cadre  de vie\n1- Mise  en place  d'une  Op\u00e9ration  Programm\u00e9e  d'Am\u00e9lioration  de l'Habitat\n(OPAH)  sur l'ensemble  du territoire  communautaire\n2- Elaboration  et suivi  du Programme  Local  de l'Habitat  (PLH)\n> Politique  de la ville\n1- Elaboration  du diagnostic  du territoire  et d\u00e9finition  des orientations  du\ncontrat  de ville\n2- Animation  et coordination  des dispositifs  contractuels  de d\u00e9veloppement\nurbain,  de d\u00e9veloppement  local  et d'insertion  \u00e9conomique  et sociale  ainsi\nque des dispositifs  locaux  de pr\u00e9vention  de la d\u00e9linquance\n3- Programmes  d'actions  d\u00e9finis  dans  le contrat  de ville\n> Action  sociale  d'int\u00e9r\u00eat  communautaire  exerc\u00e9e  par  le Centre  Intercommunal\nd'action  sociale  (CIAS)\n1- Logement  :\n\u00ab L'accompagnement  li\u00e9 \u00e0 la recherche  de logement  et maintien  dans  les lieux\nsur le territoire  intercommunal,\n09 \u25a1 PREFECTURE \u25a1 DIRECTION DE LA CITOYENNETE ET DE LA LEGALITE - 09-2024-01-16-00001 - Arr\u00eat\u00e9 pr\u00e9fectoral portant\nmodification des statuts de la communaut\u00e9 de communes du Pays d'Olmes 34\n= Participation  (conventionnement  DDCSPP)  au dispositif  \u00ab lutte contre\nl'habitat  indigne  \u00bb,\n= Observatoire  du logement,  destin\u00e9  au recensement  de l'offre  et de la\ndemande  de logements  pour  une meilleure  ad\u00e9quation  de l'une  et de l'autre,\ncette  action  doit  permettre  d'\u00e9tablir  un \u00e9tat  des lieux  du parc  locatif  sur\nl'ensemble  du territoire  communautaire  et d'am\u00e9liorer  la connaissance  de la\nvacance  et des offres  disponibles.\n2 -Aides  dans  les d\u00e9marches  administratives.\n3 - Soutien  \u00e0 la lutte  contre  l'illettrisme  : participation  au financement  d'un\natelier  linguistique  dispens\u00e9  sur le territoire  communautaire\n4 - Insertion  par l'activit\u00e9  \u00e9conomique  :\n\" Cr\u00e9ation  et gestion  de chantiers  d'insertion\n= Instruction  des dossiers  de demande  de revenu  de solidarit\u00e9  active  (RSA)\n5 - Lutte  contre  les discriminations\n- Mise  en place  par le CIAS  d'une  manifestation  relative  a la lutte  contre  les\ndiscriminations  ;\n. Accueil  et int\u00e9gration  des populations  \u00e9trang\u00e8res  sur le territoire  intercommunal\n6 - H\u00e9bergement  d'urgence  : gestion  par le CIAS  d'un  accueil  de nuit  \u00e0\nLavelanet.\n7- Accueil  des enfants  de moins  de 6 ans :\n\u00a9 Accueil  sur une  structure  collective  : Maison  de La Petite-Enfance  \u00e0 Lavelanet,\nG Accueil  au domicile  des assistantes  maternelles  de l'accueil  familial  du CIAS,\n- Accompagnement  des familles  par la responsable  du RAM  \u00e0 l'embauche  d'une\nassistante  maternelle.\n8- Cr\u00e9ation  d'un  service  \u00ab Accueil  Jeunesse/Famille  \u00bb\n9- Animation  de la vie sociale\n> Cr\u00e9ation  et gestion  de maisons  de services  au public  et d\u00e9finition  des obligations\nde service  public  y aff\u00e9rentes  en application  de l'article  27-2  de la loi n\u00b0 2000-321\ndu 12 avril  2000  relative  aux  droits  des citoyens  dans  leurs  relations  avec  les\nadministrations  |\n4-3 Comp\u00e9tences  suppl\u00e9mentaires\n> Politique  associative  et culturelle\n= Soutien  mat\u00e9riel  et/ou  financier  aux  associations\n09 \u25a1 PREFECTURE \u25a1 DIRECTION DE LA CITOYENNETE ET DE LA LEGALITE - 09-2024-01-16-00001 - Arr\u00eat\u00e9 pr\u00e9fectoral portant\nmodification des statuts de la communaut\u00e9 de communes du Pays d'Olmes 35\nLes activit\u00e9s  ou manifestations  organis\u00e9es  par les associations  doivent  valoriser  la notori\u00e9t\u00e9  et\nl'identit\u00e9  communautaire  selon  crit\u00e8res  cumulatifs  suivants  :\nv Associations  sportives  et/ou  culturelles  avec  si\u00e8ge  social  sur le territoire\ncommunautaire\nv Organisant  des manifestations  sur le territoire  communautaire  ou \u00e0\nl'ext\u00e9rieur  dont  la notori\u00e9t\u00e9  est r\u00e9gionale  ou nationale\nv Se d\u00e9roulant  au moins  sur 2 jours  cons\u00e9cutifs  en mobilisant  un budget\nimportant.\n= Site  de Monts\u00e9gur\nv Ma\u00eetrise  d'ouvrage  pour  l'\u00e9tude,  la r\u00e9alisation  et l'am\u00e9nagement  de\ndivers  \u00e9quipements  touristiques  et culturels\nv Gestion  de nouveaux  \u00e9quipements  touristiques  et culturels,\nd'\u00e9quipements  et am\u00e9nagements  associ\u00e9s\n\u00ab Fontestorbes  |\nv R\u00e9alisation  et gestion  d'\u00e9quipements  touristiques  et culturels\n\u00ab Mus\u00e9e  du textile  et du peigne  en corne\nv Etude,  entretien  et gestion\n= R\u00e9seau  de lecture  publique\nv Etude  sur la mise  en place  d'un  r\u00e9seau  de lecture  publique  et son\nd\u00e9veloppement\n> Politique  sportive  et de loisirs\n= Chemins  de randonn\u00e9es\n\" Ouverture,  entretien  et balisage  des itin\u00e9raires  de randonn\u00e9e  inscrits\nau PDR  et identifi\u00e9s  GR GRP\n= Activit\u00e9s  de pleine  nature\nv R\u00e9alisation  et gestion  d'\u00e9quipements  touristiques  et de loisirs  li\u00e9s\naux  activit\u00e9s  d\u00e9sign\u00e9es  ci-apres  :\n-Randonn\u00e9e  p\u00e9destre\n-Randonn\u00e9e  \u00e9questre\n-Le  VTT\n-La  pratique  de l'escalade\n= Gestion  de la station  de skis  des Monts  d'Olmes\nv Etude  de faisabilit\u00e9  pour la cr\u00e9ation  de la piscine  intercommunale  |\nv Cr\u00e9ation  et gestion  d'une  piscine  intercommunale  |\n> Aides  aux  communes\n= Pr\u00eats  et montage  de chapiteaux  dans  les communes\n= Mise  en \u0153uvre  du sch\u00e9ma  de mutualisation\n09 \u25a1 PREFECTURE \u25a1 DIRECTION DE LA CITOYENNETE ET DE LA LEGALITE - 09-2024-01-16-00001 - Arr\u00eat\u00e9 pr\u00e9fectoral portant\nmodification des statuts de la communaut\u00e9 de communes du Pays d'Olmes 36\npar d\u00e9lib\u00e9ration  des communes  adh\u00e9rentes  a intervenir  pour  leur\ncompte  dans  le cadre  de convention  de mandat  r\u00e9gies  par les\ndispositions  de la Loi n\u00b085-704  du 12 juillet  1985  relative  \u00e0 la\nma\u00eetrise  d'ouvrage  publique.\nvService  commun\nvGroupement  commande\n\u00bb Protection  et mise  en valeur  de l'environnement\n= Pr\u00e9servation  de la qualit\u00e9  des eaux  dans  le cadre  d'un  SOCLE  que  la communaut\u00e9\nde communes  aura  approuv\u00e9,  \u00e0 compter  du ler janvier  2018  pour  son p\u00e9rim\u00e8tre\ncompris  dans  le bassin  versant  de la rivi\u00e8re  Ari\u00e8ge  et dans  le bassin  versant  de\nl'Hers  vif\n> Autres  ;\n\u00ab La gestion  des animaux  en divagation  qui comprend  la capture,  le transport,  la\nfourri\u00e8re  et le devenir.  |\nArticle  5: Ex\u00e9cution  des  comp\u00e9tences\n> Les  comp\u00e9tences  intercommunales  pourront  \u00eatre  exerc\u00e9es  de diff\u00e9rentes  mani\u00e8res  :\nGestion  directe\nConcession  ou d\u00e9l\u00e9gation  \u00e0 des partenaires  publics  (syndicats...)  ou priv\u00e9s\nConventions  ou contrats  avec  des partenaires  publics  ou priv\u00e9s\nToute  autre  forme  qui permettrait  de sauvegarder  au mieux  les int\u00e9r\u00eats  de la\ncommunaut\u00e9  de communes\nArticle  6 : Fonctionnement  interne\nLe fonctionnement  du conseil  communautaire  ainsi  que  des assembl\u00e9es  de la collectivit\u00e9  sont\npr\u00e9cis\u00e9es  dans  les dispositions  du r\u00e8glement  int\u00e9rieur  du conseil  communautaire  adopt\u00e9  par\nl'assembl\u00e9e  d\u00e9lib\u00e9rante  dans  les 6 mois  suivants  son installation.\nArticle  7 : Ressources  de la communaut\u00e9  de communes\nLes  ressources  de la communaut\u00e9  de communes  du Pays  d'Olmes  comprennent  :\n** Les  ressources  fiscales  mentionn\u00e9es  \u00e0 l'article  1609  nonies  C du Code  g\u00e9n\u00e9ral  des\nimp\u00f4ts\ne0.0Le revenu  des biens  meubles  ou immeubles  qui constituent  son patrimoine,\nLes  dotations  de fonctionnement,e'0\u00ae\nC)()Les  contributions  correspondantes  \u00e0 des services  assur\u00e9s  par elle, \u00ae\nCLes  subventions  d\u00e9 l'Etat,  des collectivit\u00e9s  r\u00e9gionales,  d\u00e9partementales,  de la\ncommunaut\u00e9  europ\u00e9enne  et toutes  aides  publiques,\n* Le produit  des dons  et legs,\u00a9.O\n** Le produit  des taxes,  redevances  et contributions  instaur\u00e9es  en \u00e9change  de services\nrendus,\n* Le produit  des emprunts,\n09 \u25a1 PREFECTURE \u25a1 DIRECTION DE LA CITOYENNETE ET DE LA LEGALITE - 09-2024-01-16-00001 - Arr\u00eat\u00e9 pr\u00e9fectoral portant\nmodification des statuts de la communaut\u00e9 de communes du Pays d'Olmes 37\n* Le produit  de participations  aux d\u00e9penses  d'\u00e9quipements  publics,  * Le fonds  de\ncompensation  de TVA.\nArticle  8 : Comp\u00e9tence  tr\u00e9sorerie\nLes fonctions  de comptable  de la communaut\u00e9  de communes  sont  assur\u00e9es  par le\ntr\u00e9sorier  de Lavelanet.\nVu pour  \u00eatre  annex\u00e9  \u00e0 mon  arr\u00eat\u00e9  en date  de ce jour,\nFoix,  le 16 janvier  2024\nPour  le pr\u00e9fet  et par d\u00e9l\u00e9gation,\nle secr\u00e9taire  g\u00e9n\u00e9ral,\nSign\u00e9  : Jean-Philippe  DARGENT\n09 \u25a1 PREFECTURE \u25a1 DIRECTION DE LA CITOYENNETE ET DE LA LEGALITE - 09-2024-01-16-00001 - Arr\u00eat\u00e9 pr\u00e9fectoral portant\nmodification des statuts de la communaut\u00e9 de communes du Pays d'Olmes 38\n09 \u25a1 SERVICE DEPARTEMENTAL D\u25a1INCENDIE ET\nDE SECOURS DE L\u25a1ARIEGE - SERVICE AFFAIRES\nGENERALES, JURIDIQUES ET MARCHES PUBLIC\n09-2023-12-20-00004\nConvention de mise en oeuvre du programme\ndes cadets de la s\u00e9curit\u00e9 civile au sein du coll\u00e8ge\nLakanal de Foix\n09 \u25a1 SERVICE DEPARTEMENTAL D\u25a1INCENDIE ET DE SECOURS DE L\u25a1ARIEGE - SERVICE AFFAIRES GENERALES, JURIDIQUES ET\nMARCHES PUBLIC - 09-2023-12-20-00004 - Convention de mise en oeuvre du programme des cadets de la s\u00e9curit\u00e9 civile au sein du\ncoll\u00e8ge Lakanal de Foix39\nE  N\nPREFET  .\nDE L'ARIEGE\nL,z'berte'\nEgalit\u00e9\nFraternit\u00e9Es\nIibcrll  * \u00c9galit\u00e9  \u00ab Fraternit\u00e9\nR\u00c9PUBLIQUE  FRAN\u00c7AISE\ncolle\nLaHa\nAri\u00ebge\ngcademie\ntoulouse\n1 \nFait en 4 exemplaires  \n \n \n \n \n \n \n   \n \n \n \n \n \n \n \n \n \nCONVENTION DE MISE EN \u0152UVRE DU \nPROGRAMME DES CADETS DE LA SECURITE \nCIVILE AU SEIN DU COLLEGE LAKANAL DE FOIX \n \n \n  \n09 \u25a1 SERVICE DEPARTEMENTAL D\u25a1INCENDIE ET DE SECOURS DE L\u25a1ARIEGE - SERVICE AFFAIRES GENERALES, JURIDIQUES ET\nMARCHES PUBLIC - 09-2023-12-20-00004 - Convention de mise en oeuvre du programme des cadets de la s\u00e9curit\u00e9 civile au sein du\ncoll\u00e8ge Lakanal de Foix40\n2 \nFait en 4 exemplaires Entre les soussign\u00e9s \n \n \nMonsieur J\u00e9r\u00f4me BLASQUEZ, Pr\u00e9sident du Conseil d'Ad ministration du service \nd\u00e9partemental des services d'incendie et de secours  de l'Ari\u00e8ge, d'une part, \n \nEt \n \nMonsieur Bruno OLLIVIER, Principal du Coll\u00e8ge Lakan al de Foix, d'autre part. \n \n \nSous le Haut patronage de \n \nMonsieur Simon BERTOUX, Pr\u00e9fet de l'Ari\u00e8ge, \n \nEt \n \nMonsieur Laurent FICHET, Inspecteur d'acad\u00e9mie, Dir ecteur des services \nd\u00e9partementaux de l'Education nationale de l'Ari\u00e8ge . \n \nVu Code de la S\u00e9curit\u00e9 Int\u00e9rieur, article L721-1 ; \nVu Code de l'\u00c9ducation, article L312-13-1 ; \nVu Code G\u00e9n\u00e9ral des Collectivit\u00e9s Territoriales, ar ticle L1424-2 ; \nVu Circulaire n\u00b02002-119 du 29 mai 2002 \u00ab Plan part iculier de mise en s\u00fbret\u00e9 face aux \nrisques majeurs. \u00bb ; \nVu Circulaire n\u00b02006-085 du 24 mai 2006 \u00ab \u00c9ducation  \u00e0 la responsabilit\u00e9 en milieu \nscolaire \u00bb ; \nVu la convention cadre de partenariat entre le Mini st\u00e8re de l'\u00c9ducation nationale, de \nl'enseignement sup\u00e9rieur et de la recherche et le M inist\u00e8re de l'Int\u00e9rieur du 18 juin \n2015 ; \nVu Circulaire n\u00b0 2016-017 du 8-12-2015 (BOEN n\u00b09 du  3 mars 2016) Mise en \u0153uvre \ndes programmes de Cadets (tes) de la S\u00e9curit\u00e9 Civil e au sein des \u00e9tablissements \nscolaires ; \nVu Lettre du Ministre de l'Int\u00e9rieur du 27 juin 201 6 portant g\u00e9n\u00e9ralisation de \nl'exp\u00e9rimentation \u00ab cadets de la s\u00e9curit\u00e9 civile \u00bb.  \n \n \nAnnexe : \n\u2022 Programme Cadets (tes) de la s\u00e9curit\u00e9 civile au Co ll\u00e8ge Lakanal \n\u2022 Charte d'engagement du cadet de la s\u00e9curit\u00e9 civile  \n\u2022 Autorisation parentale \n\u2022 Attestation de formation \n \nIl est convenu ce qui suit : \n 09 \u25a1 SERVICE DEPARTEMENTAL D\u25a1INCENDIE ET DE SECOURS DE L\u25a1ARIEGE - SERVICE AFFAIRES GENERALES, JURIDIQUES ET\nMARCHES PUBLIC - 09-2023-12-20-00004 - Convention de mise en oeuvre du programme des cadets de la s\u00e9curit\u00e9 civile au sein du\ncoll\u00e8ge Lakanal de Foix41\n3 \nFait en 4 exemplaires Pr\u00e9ambule \n \n \nFace \u00e0 une soci\u00e9t\u00e9 en \u00e9volution permanente et l'\u00e9me rgence accrue des risques et des \nmenaces, (accidents de la vie courante, du travail,  actes d'incivilit\u00e9, risques naturels et \ntechnologiques), le l\u00e9gislateur a voulu replacer le  citoyen au c\u0153ur du dispositif de \ns\u00e9curit\u00e9 en en faisant le premier acteur. \n \nCet objectif n\u00e9cessite non seulement la mobilisatio n de la sph\u00e8re \u00e9ducative au contact \ndes plus jeunes de nos concitoyens, porteurs de not re avenir, de nos valeurs et \nprescripteurs des comp\u00e9tences acquises vers le mond e des adultes, mais aussi des \nprofessionnels de la s\u00e9curit\u00e9 civile au premier ran g desquels figurent les sapeurs-\npompiers. \n \nC'est pourquoi, la pr\u00e9sente convention s'inscrit da ns la volont\u00e9 du Gouvernement : \n\u2022 de promouvoir d'une part l'appropriation des valeu rs de la R\u00e9publique et d'autre \npart des d\u00e9marches citoyennes ; \n\u2022 d'engager des actions communes visant \u00e0 am\u00e9liorer la s\u00e9curit\u00e9 des personnes ; \n\u2022 de sensibiliser \u00e0 la pr\u00e9vention des risques et aux  missions des services de \nsecours, ainsi que de d\u00e9velopper l'apprentissage de s gestes \u00e9l\u00e9mentaires de \npremier secours ; \n\u2022 de favoriser l'enseignement des r\u00e8gles g\u00e9n\u00e9rales d e s\u00e9curit\u00e9 et de principes \nsimples pour porter secours ; \n\u2022 de d\u00e9velopper le volontariat au sein des sapeurs-p ompiers ; \n\u2022 de favoriser l'investissement des jeunes dans la s ph\u00e8re publique \n \nDans le d\u00e9partement de l'Ari\u00e8ge, ce projet de cr\u00e9at ion d'un dispositif de \u00ab cadets de la \ns\u00e9curit\u00e9 civile \u00bb est port\u00e9 par : Monsieur le Pr\u00e9fe t de l'Ari\u00e8ge, Monsieur l'Inspecteur \nd'acad\u00e9mie, Monsieur le Pr\u00e9sident du Conseil d'admi nistration du SDIS et Monsieur \nle Principal du coll\u00e8ge Lakanal de Foix. \n \n \n1. OBJET DE LA CONVENTION  : \n \nIl s'agit de cr\u00e9er, \u00e0 titre exp\u00e9rimental, une class e de Cadets (tes) de la s\u00e9curit\u00e9 civile \nau sein du Coll\u00e8ge Lakanal de Foix avec l'appui du centre d'incendie et de secours de \nFoix \u00e0 compter de la signature de la pr\u00e9sente conve ntion. Cette convention a pour \nobjet d'en fixer les modalit\u00e9s de fonctionnement fo nd\u00e9es sur le principe de la gratuit\u00e9 \net un engagement institutionnel \u00e0 parit\u00e9 entre le c oll\u00e8ge et le SDIS. \n \n \nCette classe permettra de : \n\u2022 Favoriser une culture de la S\u00e9curit\u00e9 Civile ; \n\u2022 Sensibiliser aux comportements de pr\u00e9vention ; \n\u2022 D\u00e9velopper un sens civique chez les jeunes \u00e9l\u00e8ves ; 09 \u25a1 SERVICE DEPARTEMENTAL D\u25a1INCENDIE ET DE SECOURS DE L\u25a1ARIEGE - SERVICE AFFAIRES GENERALES, JURIDIQUES ET\nMARCHES PUBLIC - 09-2023-12-20-00004 - Convention de mise en oeuvre du programme des cadets de la s\u00e9curit\u00e9 civile au sein du\ncoll\u00e8ge Lakanal de Foix42\n4 \nFait en 4 exemplaires \u2022 Reconna\u00eetre les cadet-te-s comme assistants de s\u00e9c urit\u00e9 (Asse) lors des \nexercices d'\u00e9vacuation ou de confinement dans le ca dre du PPMS ; \n\u2022 Favoriser l'engagement ult\u00e9rieur des \u00e9l\u00e8ves au sei n de la s\u00e9curit\u00e9 civile en \nprolongeant leur engagement dans les sections de je unes sapeurs-pompiers puis \nde sapeurs-pompiers volontaires, professionnels ou militaires. \n \n \n2. L'INTERET DE L'ENGAGEMENT \n \n\u2022 D\u00e9couvrir l'univers des sapeurs-pompiers et acqu\u00e9r ir des comp\u00e9tences relatives \n\u00e0 la S\u00e9curit\u00e9 Civile \u00e0 travers cette formation.  \n\u2022 Int\u00e9grer les valeurs citoyennes partag\u00e9es par les sapeurs-pompiers, notamment \nla tol\u00e9rance, la loyaut\u00e9, le vivre-ensemble et le g o\u00fbt de l'effort. \n\u2022 Aider les \u00e9l\u00e8ves dans leurs scolarit\u00e9s en les moti vant et en leur permettant de \nvivre des exp\u00e9riences enrichissantes. \n\u2022 Acqu\u00e9rir des r\u00e9flexes citoyens en mati\u00e8re de s\u00e9cur it\u00e9 et l'\u00e9veil de vocations dans \nce domaine. \n \n3. LA FORMATION \n \nLe nombre de cadets cadettes sera limit\u00e9 \u00e0 dix-huit  (18) pour des raisons \nd'encadrement et de logistique. \n \nLe programme de la classe exp\u00e9rimentale est joint e n annexe de la pr\u00e9sente \nconvention. Il est \u00e9tabli conjointement entre l'\u00e9qu ipe p\u00e9dagogique du coll\u00e8ge Lakanal \nde Foix et l'encadrement du centre d'incendie et de  secours de Foix. \n \nLe lien \u00e9ducatif avec les parents des cadets est as sur\u00e9 par l'\u00e9quipe \np\u00e9dagogique du coll\u00e8ge Lakanal de Foix. \n \n \n4. LE DEROULEMENT DE L'ENGAGEMENT DES CADET-TE-S DE LA  \nSECURITE CIVILE  \n \nL'\u00e9l\u00e8ve volontaire signera une charte d'engagement.  \u00c0 l'issue de la formation, \nle cadet recevra une attestation de formation \u00ab cad et-te-s de la s\u00e9curit\u00e9 civile \u00bb. Les \nmod\u00e8les de ces documents sont joints en annexe de l a pr\u00e9sente convention. \n \nDe plus, le cadet de la s\u00e9curit\u00e9 civile recevra une  attestation du dipl\u00f4me de \npremiers secours civiques de niveau 1 (PSC1) par le  Coll\u00e8ge de Foix qui lui permettra \nde poursuivre son engagement en tant que cadet. \n \nLa formation re\u00e7ue par les cadets apparaitra dans l e \u00ab livret scolaire unique \u00bb \n \nLe repr\u00e9sentant l\u00e9gal est \u00e9galement signataire de c et engagement. \n \n \n 09 \u25a1 SERVICE DEPARTEMENTAL D\u25a1INCENDIE ET DE SECOURS DE L\u25a1ARIEGE - SERVICE AFFAIRES GENERALES, JURIDIQUES ET\nMARCHES PUBLIC - 09-2023-12-20-00004 - Convention de mise en oeuvre du programme des cadets de la s\u00e9curit\u00e9 civile au sein du\ncoll\u00e8ge Lakanal de Foix43\n5 \nFait en 4 exemplaires  \n5. L'ENCADREMENT \n \nL'encadrement mixte des cadets lors des sorties ou des interventions au sein \ndu coll\u00e8ge sera assur\u00e9 par une \u00e9quipe issue des per sonnels du SDIS et du personnel \ndu coll\u00e8ge de Foix. \n \n \n6. RESPONSABILITE  \n \nCompte tenu de l'organisation sur le temps scolaire  des activit\u00e9s pr\u00e9vues au \nprogramme joint en annexe, ces derni\u00e8res sont plac\u00e9 es principalement sous la \nresponsabilit\u00e9 de l'\u00c9ducation nationale. Cette orga nisation ne fait pas obstacle aux \nresponsabilit\u00e9s civiles respectives du SDIS de l'Ar i\u00e8ge et du coll\u00e8ge de Foix. \n \nLe directeur d\u00e9partemental du SDIS est l'interlocut eur privil\u00e9gi\u00e9 du directeur des \nservices d\u00e9partementaux de l'\u00c9ducation nationale de  l'Ari\u00e8ge. Le chef de centre \nd'incendie et de secours de Foix est l'interlocuteu r privil\u00e9gi\u00e9 du principal du coll\u00e8ge \nLakanal de Foix. \n \n \n7. EVALUATION \n \nLe pr\u00e9sent partenariat sera \u00e9valu\u00e9 conjointement pa r les signataires de la \nconvention en juin 2024 pour proposer ses \u00e9ventuell es am\u00e9liorations et \nd\u00e9veloppements pour les ann\u00e9es scolaires \u00e0 venir. \n \nUne information sera faite des r\u00e9sultats obtenus au  conseil d\u00e9partemental de la \ns\u00e9curit\u00e9 civile pr\u00e9vu \u00e0 l'article D711-10 du code d e la s\u00e9curit\u00e9 int\u00e9rieure. \n \n \n8. DUREE DE LA PRESENTE CONVENTION \n \nLa convention est conclue pour l'ann\u00e9e scolaire 202 3/2024 ; elle prend effet \u00e0 \ncompter de la date de signature et s'\u00e9teindra de pl ein droit \u00e0 la fin de la dur\u00e9e pr\u00e9cit\u00e9e. \n \n9. RENOUVELLEMENT  \n \nLa pr\u00e9sente convention pourra faire l'objet d'un re nouvellement dans les \nconditions d\u00e9finies par les Parties lors d'une r\u00e9un ion de bilan fix\u00e9e \u00e0 la demande de \nl'une ou l'autre des Parties, permettant de faire l e point sur le projet pass\u00e9 et les projets \n\u00e0 venir (cf. article 7 de la convention). \n \n \n \n \n \n \n \n 09 \u25a1 SERVICE DEPARTEMENTAL D\u25a1INCENDIE ET DE SECOURS DE L\u25a1ARIEGE - SERVICE AFFAIRES GENERALES, JURIDIQUES ET\nMARCHES PUBLIC - 09-2023-12-20-00004 - Convention de mise en oeuvre du programme des cadets de la s\u00e9curit\u00e9 civile au sein du\ncoll\u00e8ge Lakanal de Foix44\n2 0 DEC. 2023\n6 \nFait en 4 exemplaires  \n10 RESILIATION DE LA CONVENTION \n \nEn cas de non-respect par l'une ou l'autre des part ies des obligations r\u00e9sultants \nde la pr\u00e9sente convention, celle-ci pourra \u00eatre r\u00e9s ili\u00e9e de plein droit par le(s) autre(s) \npartie(s), sans pr\u00e9judice de tous autres droits qu' elle pourrait faire valoir, \u00e0 l'expiration \nd'un d\u00e9lai de deux mois (2) suivant l'envoi d'une l ettre recommand\u00e9e avec accus\u00e9 de \nr\u00e9ception valant mise en demeure de se conformer au x obligations contractuelles et \nrest\u00e9es infructueuses. \n \n \n11 LITIGES \n \nEn cas de litige s'\u00e9levant en relation avec l'ex\u00e9cu tion de la pr\u00e9sente convention, \nles Parties s'obligent \u00e0 une phase pr\u00e9liminaire de conciliation pendant une p\u00e9riode \nd'un mois. \n \nAu cas o\u00f9 aucune solution amiable ne pourrait inter venir au cours de la phase \nde conciliation pr\u00e9cit\u00e9e, les Parties conviennent d e soumettre tout litige pouvant \nsurvenir \u00e0 l'occasion de l'interpr\u00e9tation et/ou de l'ex\u00e9cution de la pr\u00e9sente convention \nau Tribunal Administratif de Toulouse. \n \n      Fait \u00e0 FOIX, le.    \n \n \n \nMonsieur le Pr\u00e9fet de l'Ari\u00e8ge, \n \n \n \nSIGN\u00c8  \n \nSimon BERTOUX L'Inspecteur d'acad\u00e9mie, \nDirecteur des services d\u00e9partementaux \nde l'\u00c9ducation nationale de l'Ari\u00e8ge  \n \nSIGN\u00c8 \n \nLaurent FICHET \n \n \n \n \n \n \n \n \nLe Pr\u00e9sident du SDIS de l'Ari\u00e8ge  \n \n \nSIGN\u00c8  \n \nJ\u00e9r\u00f4me BLASQUEZ \n \n \n  \n \n \n \n \n \nLe Principal du coll\u00e8ge Lakanal de FOIX  \n \n \nSIGN\u00c8  \n \nBruno OLLIVIER \n \n \n  \n09 \u25a1 SERVICE DEPARTEMENTAL D\u25a1INCENDIE ET DE SECOURS DE L\u25a1ARIEGE - SERVICE AFFAIRES GENERALES, JURIDIQUES ET\nMARCHES PUBLIC - 09-2023-12-20-00004 - Convention de mise en oeuvre du programme des cadets de la s\u00e9curit\u00e9 civile au sein du\ncoll\u00e8ge Lakanal de Foix45\nE  :-\n=\nLibert\u00e9  * \u00c9galit\u00e9  \u00bb Fraternit\u00e9\nR\u00c9PUBLIQUE  FRAN\u00c7AISE\nL A\ncoll\u00ea\n) Laka\nA'\\\"I  EE'EIEE  Ari\u00e8ge\nPYR\u00c9N\u00c9ES\nacad\u00e9mie\ntoulouse\n7 \nFait en 4 exemplaires  \n Autorisation parentale  \n \n \n \n \nJe soussign\u00e9(e), Madame ou Monsieur \n................................................... ................... \ndomicili\u00e9(e) \u00e0 : \n................................................... ................................................... ............................. \n.. \n................................................... .............................. \n................................................... ............................... \naccepte que mon fils / ma \nfille.............................................. .......................................... \nn\u00e9(e) le .......................................... ........................ \u00e0 \n.................................................. \ns'engage en tant que cadet-te de la s\u00e9curit\u00e9 civile , organis\u00e9 par l'\u00e9tablissement \nscolaire de ----------------  \n et \nle service d'incendie et de secours de l'Ari\u00e8ge \n \n \nFait \u00e0.  \n \n \n \nSignature : \n  \n09 \u25a1 SERVICE DEPARTEMENTAL D\u25a1INCENDIE ET DE SECOURS DE L\u25a1ARIEGE - SERVICE AFFAIRES GENERALES, JURIDIQUES ET\nMARCHES PUBLIC - 09-2023-12-20-00004 - Convention de mise en oeuvre du programme des cadets de la s\u00e9curit\u00e9 civile au sein du\ncoll\u00e8ge Lakanal de Foix46\n=\nLibert\u00e9  * \u00c9g aternit\u00e9\nREPUBLIQUE  FRAN\u00c7AISE\ncoll\u00e9\nLaka\\A\u00bbRvaIszG;sE/  Ari\u00e8ge\nacad\u00e9mie\ntoulouse\n8 \nFait en 4 exemplaires  Charte d'engagement \ndu-de la cadet-te  \nde la s\u00e9curit\u00e9 civile \n  \n \nTout au long de cette formation, je m'engage \u00e0 respecter les r\u00e8gles suivantes : \n \n1. Respect des horaires \nJe serai pr\u00e9sent aux horaires pr\u00e9vus,  \nJ'attendrai en silence mon instructeur. \nJe pr\u00e9viendrai en cas d'absence. \n \n2. Conduite \nMon attitude sera correcte et digne, en classe comm e lors des d\u00e9placements \u00e0 \nl'ext\u00e9rieur. \nJe respecterai les consignes donn\u00e9es par les instru cteurs. \n \n3. Discipline \nJe respecterai mes formateurs ainsi que mes camarad es. \nEn cas de probl\u00e8me, l'encadrement \u2013 responsable du service d'incendie et de \nsecours, et le chef d'\u00e9tablissement \u2013 sera averti. \n \n4. Aptitude physique et sportive \nEn cas de difficult\u00e9 temporaire, je ferai part aux responsables (man\u0153uvres, \nexercices ainsi \nqu'activit\u00e9s physiques et sportives) d'inaptitude p onctuelle. \n \n5. Respect des locaux et lieux d'entra\u00eenement ainsi  que du mat\u00e9riel \nJe prendrai soin du mat\u00e9riel mis \u00e0 disposition. \nJe respecterai les locaux mis \u00e0 disposition. \n \nNom/Pr\u00e9nom de l'\u00e9l\u00e8ve : signature \nNom/Pr\u00e9nom du repr\u00e9sentant l\u00e9gal : signature  \n09 \u25a1 SERVICE DEPARTEMENTAL D\u25a1INCENDIE ET DE SECOURS DE L\u25a1ARIEGE - SERVICE AFFAIRES GENERALES, JURIDIQUES ET\nMARCHES PUBLIC - 09-2023-12-20-00004 - Convention de mise en oeuvre du programme des cadets de la s\u00e9curit\u00e9 civile au sein du\ncoll\u00e8ge Lakanal de Foix47\nterni\nREPUBLIQUE  FRAN\u00c7AISE\ncoll\u00e9\ne Laka\nl\\'llli(;!i  Ari\u00e8ge\nPYR\u00c9N\u00c9ES\nacad\u00e9mie\ntoulouse\n9 \nFait en 4 exemplaires  Cadets de la s\u00e9curit\u00e9 \ncivile \nProgramme Pr\u00e9visionnel  \n  \n \n1. Formation au PSC1 \nDates : d\u00e9finies ult\u00e9rieurement (4 X 2h) enseignant  et moniteur PSC1 de l'\u00e9tablissement.  \nCette formation doit \u00eatre r\u00e9alis\u00e9e en premier afin que seuls les \u00e9l\u00e8ves ayant valid\u00e9 le PSC1 \ncontinuent la section cadet-ttes  \n \n2. Visite du centre d'appel d'urgence & notions de str ess  \nLieu : SDIS FOIX  \nContenu  : \nLes Num\u00e9ros d'appels d'urgence \nPr\u00e9sentation CAU \nPr\u00e9sentation de l'application syst\u00e8me d'alerte et d 'information des populations \n \n3. Pr\u00e9vention au sein de l'\u00e9tablissement : risque i ncendie \nLieu : coll\u00e8ge Lakanal Foix \nContenu  : \nConnaissance des dispositifs de s\u00e9curit\u00e9 et des ris ques dans un coll\u00e8ge  \nVisite de l'\u00e9tablissement \nExercice d'\u00e9vacuation \n \n4. Visite du centre de secours  \nLieu : centre de secours  \n \n5. Travail sur plateau technique : techniques d'ext inction des incendies \nLieu : Centre de secours   \n \n6. S\u00e9ance sportive \nContenu : \nEpreuves du Parcours sportif du Sapeur Pompier et/o u Tests d'aptitudes SPV \n \n7. Pr\u00e9vention au sein de l'\u00e9tablissement : risques technologiques et \nnaturels \nContenu : \nPr\u00e9sentation des risques technologiques et naturels  \nExercice PPMS \nFonction de l'assistant de s\u00e9curit\u00e9 \u00e0 travailler av ec les \u00e9l\u00e8ves \n \n \n \n8. Remise officielle des dipl\u00f4mes et attestations  \n \n \n09 \u25a1 SERVICE DEPARTEMENTAL D\u25a1INCENDIE ET DE SECOURS DE L\u25a1ARIEGE - SERVICE AFFAIRES GENERALES, JURIDIQUES ET\nMARCHES PUBLIC - 09-2023-12-20-00004 - Convention de mise en oeuvre du programme des cadets de la s\u00e9curit\u00e9 civile au sein du\ncoll\u00e8ge Lakanal de Foix48\n09 \u25a1 SERVICE DEPARTEMENTAL D\u25a1INCENDIE ET\nDE SECOURS DE L\u25a1ARIEGE - SERVICE AFFAIRES\nGENERALES, JURIDIQUES ET MARCHES PUBLIC\n09-2023-12-20-00005\nConvention de mise en \u25a1uvre du programme des\ncadets de la s\u00e9curit\u00e9 civile au sein du coll\u00e8ge\nVictor Hugo de Lavelanet\n09 \u25a1 SERVICE DEPARTEMENTAL D\u25a1INCENDIE ET DE SECOURS DE L\u25a1ARIEGE - SERVICE AFFAIRES GENERALES, JURIDIQUES ET\nMARCHES PUBLIC - 09-2023-12-20-00005 - Convention de mise en \u25a1uvre du programme des cadets de la s\u00e9curit\u00e9 civile au sein du\ncoll\u00e8ge Victor Hugo de Lavelanet49\n4Ex\nPR\u00c9FET  .\nDE L'ARI\u00c8GE\nL,z'berte'\nEgalit\u00e9\nFraternit\u00e9\n1 \n  \n \n  \n \n \n \n   \n \n \n \n \n \n \n \nCONVENTION DE MISE EN \u0152UVRE DU \nPROGRAMME DES CADETS DE LA SECURITE \nCIVILE AU SEIN DU COLLEGE  \nVICTOR HUGO DE LAVELANET \n \n \n  \n09 \u25a1 SERVICE DEPARTEMENTAL D\u25a1INCENDIE ET DE SECOURS DE L\u25a1ARIEGE - SERVICE AFFAIRES GENERALES, JURIDIQUES ET\nMARCHES PUBLIC - 09-2023-12-20-00005 - Convention de mise en \u25a1uvre du programme des cadets de la s\u00e9curit\u00e9 civile au sein du\ncoll\u00e8ge Victor Hugo de Lavelanet50\n2 \n Entre les soussign\u00e9s \n \n \nMonsieur J\u00e9r\u00f4me BLASQUEZ, Pr\u00e9sident du Conseil d'Ad ministration du service \nd\u00e9partemental des services d'incendie et de secours  de l'Ari\u00e8ge, d'une part, \n \nEt \n \nMonsieur Lucien TINNIRELLO, Principal du coll\u00e8ge Vi ctor HUGO de Lavelanet, \nd'autre part. \n \n \nSous le Haut patronage de \n \nMonsieur Simon BERTOUX, Pr\u00e9f\u00e8t de l'Ari\u00e8ge, \n \nEt \n \nMonsieur Laurent FICHET, Inspecteur d'acad\u00e9mie, Dir ecteur des services \nd\u00e9partementaux de l'Education nationale de l'Ari\u00e8ge . \n \n \nVu Code de la S\u00e9curit\u00e9 Int\u00e9rieur, article L721-1 ; \nVu Code de l'\u00c9ducation, article L312-13-1 ; \nVu Code G\u00e9n\u00e9ral des Collectivit\u00e9s Territoriales, ar ticle L1424-2 ; \nVu Circulaire n\u00b02002-119 du 29 mai 2002 \u00ab Plan part iculier de mise en s\u00fbret\u00e9 face aux \nrisques majeurs. \u00bb ; \nVu Circulaire n\u00b02006-085 du 24 mai 2006 \u00ab \u00c9ducation  \u00e0 la responsabilit\u00e9 en milieu \nscolaire \u00bb ; \nVu la convention cadre de partenariat entre le Mini st\u00e8re de l'\u00c9ducation nationale, de \nl'enseignement sup\u00e9rieur et de la recherche et le M inist\u00e8re de l'Int\u00e9rieur du 18 juin \n2015 ; \nVu Circulaire n\u00b0 2016-017 du 8-12-2015 (BOEN n\u00b09 du  3 mars 2016) Mise en \u0153uvre \ndes programmes de Cadets (tes) de la S\u00e9curit\u00e9 Civil e au sein des \u00e9tablissements \nscolaires ; \nVu Lettre du Ministre de l'Int\u00e9rieur du 27 juin 201 6 portant g\u00e9n\u00e9ralisation de \nl'exp\u00e9rimentation \u00ab cadets de la s\u00e9curit\u00e9 civile \u00bb.  \n \n \nAnnexe : \n\u2022 Programme Cadets (tes) de la s\u00e9curit\u00e9 civile au Co ll\u00e8ge Victor HUGO de \nLavelanet \n\u2022 Charte d'engagement du cadet de la s\u00e9curit\u00e9 civile  \n\u2022 Autorisation parentale \n\u2022 Attestation de formation \n 09 \u25a1 SERVICE DEPARTEMENTAL D\u25a1INCENDIE ET DE SECOURS DE L\u25a1ARIEGE - SERVICE AFFAIRES GENERALES, JURIDIQUES ET\nMARCHES PUBLIC - 09-2023-12-20-00005 - Convention de mise en \u25a1uvre du programme des cadets de la s\u00e9curit\u00e9 civile au sein du\ncoll\u00e8ge Victor Hugo de Lavelanet51\n3 \n Il est convenu ce qui suit : \n \nPr\u00e9ambule \n \nFace \u00e0 une soci\u00e9t\u00e9 en \u00e9volution permanente et l'\u00e9me rgence accrue des risques et des \nmenaces, (accidents de la vie courante, du travail,  actes d'incivilit\u00e9, risques naturels et \ntechnologiques), le l\u00e9gislateur a voulu replacer le  citoyen au c\u0153ur du dispositif de \ns\u00e9curit\u00e9 en en faisant le premier acteur. \n \nCet objectif n\u00e9cessite non seulement la mobilisatio n de la sph\u00e8re \u00e9ducative au contact \ndes plus jeunes de nos concitoyens, porteurs de not re avenir, de nos valeurs et \nprescripteurs des comp\u00e9tences acquises vers le mond e des adultes, mais aussi des \nprofessionnels de la s\u00e9curit\u00e9 civile au premier ran g desquels figurent les sapeurs-\npompiers. \n \nC'est pourquoi, la pr\u00e9sente convention s'inscrit da ns la volont\u00e9 du Gouvernement : \n\u2022 de promouvoir d'une part l'appropriation des valeu rs de la R\u00e9publique et d'autre \npart des d\u00e9marches citoyennes ; \n\u2022 d'engager des actions communes visant \u00e0 am\u00e9liorer la s\u00e9curit\u00e9 des personnes ; \n\u2022 de sensibiliser \u00e0 la pr\u00e9vention des risques et aux  missions des services de \nsecours, ainsi que de d\u00e9velopper l'apprentissage de s gestes \u00e9l\u00e9mentaires de \npremier secours ; \n\u2022 de favoriser l'enseignement des r\u00e8gles g\u00e9n\u00e9rales d e s\u00e9curit\u00e9 et de principes \nsimples pour porter secours ; \n\u2022 de d\u00e9velopper le volontariat au sein des sapeurs-p ompiers ; \n\u2022 de favoriser l'investissement des jeunes dans la s ph\u00e8re publique \n \nDans le d\u00e9partement de l'Ari\u00e8ge, ce projet de cr\u00e9at ion d'un dispositif de \u00ab cadets de la \ns\u00e9curit\u00e9 civile \u00bb est port\u00e9 par : Monsieur le Pr\u00e9fe t de l'Ari\u00e8ge, Monsieur l'Inspecteur \nd'acad\u00e9mie, Monsieur le Pr\u00e9sident du Conseil d'admi nistration du SDIS et Monsieur \nle Principal du Coll\u00e8ge Victor HUGO de Lavelanet. \n \n \n1. OBJET DE LA CONVENTION  : \n \nIl s'agit de cr\u00e9er, une classe de Cadets (tes) de l a s\u00e9curit\u00e9 civile au sein du Coll\u00e8ge \nVictor HUGO de Lavelanet avec l'appui du centre d'i ncendie et de secours de \nLavelanet \u00e0 compter de la signature de la pr\u00e9sente convention. Cette convention a \npour objet d'en fixer les modalit\u00e9s de fonctionneme nt fond\u00e9es sur le principe de la \ngratuit\u00e9 et un engagement institutionnel \u00e0 parit\u00e9 e ntre le coll\u00e8ge et le SDIS. \n \n \nCette classe permettra de : \n\u2022 Favoriser une culture de la S\u00e9curit\u00e9 Civile ; \n\u2022 Sensibiliser aux comportements de pr\u00e9vention ; \n\u2022 D\u00e9velopper un sens civique chez les jeunes \u00e9l\u00e8ves ; 09 \u25a1 SERVICE DEPARTEMENTAL D\u25a1INCENDIE ET DE SECOURS DE L\u25a1ARIEGE - SERVICE AFFAIRES GENERALES, JURIDIQUES ET\nMARCHES PUBLIC - 09-2023-12-20-00005 - Convention de mise en \u25a1uvre du programme des cadets de la s\u00e9curit\u00e9 civile au sein du\ncoll\u00e8ge Victor Hugo de Lavelanet52\n4 \n \u2022 Reconna\u00eetre les cadet-te-s comme assistants de s\u00e9c urit\u00e9 (Asse) lors des \nexercices d'\u00e9vacuation ou de confinement dans le ca dre du PPMS ; \n\u2022 Favoriser l'engagement ult\u00e9rieur des \u00e9l\u00e8ves au sei n de la s\u00e9curit\u00e9 civile en \nprolongeant leur engagement dans les sections de je unes sapeurs-pompiers puis \nde sapeurs-pompiers volontaires, professionnels ou militaires. \n \n \n2. L'INTERET DE L'ENGAGEMENT \n \n\u2022 D\u00e9couvrir l'univers des sapeurs-pompiers et acqu\u00e9r ir des comp\u00e9tences relatives \n\u00e0 la S\u00e9curit\u00e9 Civile \u00e0 travers cette formation.  \n\u2022 Int\u00e9grer les valeurs citoyennes partag\u00e9es par les sapeurs-pompiers, notamment \nla tol\u00e9rance, la loyaut\u00e9, le vivre-ensemble et le g o\u00fbt de l'effort. \n\u2022 Aider les \u00e9l\u00e8ves dans leurs scolarit\u00e9s en les moti vant et en leur permettant de \nvivre des exp\u00e9riences enrichissantes. \n\u2022 Acqu\u00e9rir des r\u00e9flexes citoyens en mati\u00e8re de s\u00e9cur it\u00e9 et l'\u00e9veil de vocations dans \nce domaine. \n \n3. LA FORMATION \n \nLe nombre de cadets cadettes sera limit\u00e9 \u00e0 dix-huit  (18) pour des raisons \nd'encadrement et de logistique. \n \nLe programme de la classe exp\u00e9rimentale est joint e n annexe de la pr\u00e9sente \nconvention. Il est \u00e9tabli conjointement entre l'\u00e9qu ipe p\u00e9dagogique du Coll\u00e8ge Victor \nHUGO de Lavelanet et l'encadrement du centre d'ince ndie et de secours de Lavelanet. \n \nLe lien \u00e9ducatif avec les parents des cadets est as sur\u00e9 par l'\u00e9quipe \np\u00e9dagogique du Coll\u00e8ge Victor HUGO de Lavelanet. \n \n \n4. LE DEROULEMENT DE L'ENGAGEMENT DES CADET-TE-S DE LA  \nSECURITE CIVILE  \n \nL'\u00e9l\u00e8ve volontaire signera une charte d'engagement.  \u00c0 l'issue de la formation, \nle cadet recevra une attestation de formation \u00ab cad et-te-s de la s\u00e9curit\u00e9 civile \u00bb. Les \nmod\u00e8les de ces documents sont joints en annexe de l a pr\u00e9sente convention. \n \nDe plus, le cadet de la s\u00e9curit\u00e9 civile recevra une  attestation du dipl\u00f4me de \npremiers secours civiques de niveau 1 (PSC1) par le  Coll\u00e8ge Victor HUGO de \nLavelanet qui lui permettra de poursuivre son engag ement en tant que cadet. \n \nLa formation re\u00e7ue par les cadets apparaitra dans l e \u00ab livret scolaire unique \u00bb \n \nLe repr\u00e9sentant l\u00e9gal est \u00e9galement signataire de c et engagement. \n \n \n \n  09 \u25a1 SERVICE DEPARTEMENTAL D\u25a1INCENDIE ET DE SECOURS DE L\u25a1ARIEGE - SERVICE AFFAIRES GENERALES, JURIDIQUES ET\nMARCHES PUBLIC - 09-2023-12-20-00005 - Convention de mise en \u25a1uvre du programme des cadets de la s\u00e9curit\u00e9 civile au sein du\ncoll\u00e8ge Victor Hugo de Lavelanet53\n5 \n  \n5. L'ENCADREMENT \n \nL'encadrement mixte des cadets lors des sorties ou des interventions au sein \ndu coll\u00e8ge sera assur\u00e9 par une \u00e9quipe issue des per sonnels du SDIS et du personnel \ndu Coll\u00e8ge Victor HUGO de Lavelanet \n \n \n6. RESPONSABILITE  \n \nCompte tenu de l'organisation sur le temps scolaire  des activit\u00e9s pr\u00e9vues au \nprogramme joint en annexe, ces derni\u00e8res sont plac\u00e9 es principalement sous la \nresponsabilit\u00e9 de l'\u00c9ducation nationale. Cette orga nisation ne fait pas obstacle aux \nresponsabilit\u00e9s civiles respectives du SDIS de l'Ar i\u00e8ge et du Coll\u00e8ge Victor HUGO de \nLavelanet. \n \nLe directeur d\u00e9partemental du SDIS est l'interlocut eur privil\u00e9gi\u00e9 du directeur des \nservices d\u00e9partementaux de l'\u00c9ducation nationale de  l'Ari\u00e8ge. Le chef de centre \nd'incendie et de secours de Lavelanet est l'interlo cuteur privil\u00e9gi\u00e9 du principal du \nColl\u00e8ge Victor HUGO de Lavelanet. \n \n \n7. EVALUATION \n \nLe pr\u00e9sent partenariat sera \u00e9valu\u00e9 conjointement pa r les signataires de la \nconvention en juin 2024 pour proposer ses \u00e9ventuell es am\u00e9liorations et \nd\u00e9veloppements pour les ann\u00e9es scolaires \u00e0 venir. \n \nUne information sera faite des r\u00e9sultats obtenus au  conseil d\u00e9partemental de la \ns\u00e9curit\u00e9 civile pr\u00e9vu \u00e0 l'article D711-10 du code d e la s\u00e9curit\u00e9 int\u00e9rieure. \n \n \n8. DUREE DE LA PRESENTE CONVENTION \n \nLa convention est conclue pour l'ann\u00e9e scolaire 202 3/2024 ; elle prend effet \u00e0 \ncompter de la date de signature et s'\u00e9teindra de pl ein droit \u00e0 la fin de la dur\u00e9e pr\u00e9cit\u00e9e \n \n \n9. RENOUVELLEMENT  \n \nLa pr\u00e9sente convention pourra faire l'objet d'un re nouvellement dans les \nconditions d\u00e9finies par les Parties lors d'une r\u00e9un ion de bilan fix\u00e9e \u00e0 la demande de \nl'une ou l'autre des Parties, permettant de faire l e point sur le projet pass\u00e9 et les projets \n\u00e0 venir (cf. article 7 de la convention). \n \n \n \n \n  09 \u25a1 SERVICE DEPARTEMENTAL D\u25a1INCENDIE ET DE SECOURS DE L\u25a1ARIEGE - SERVICE AFFAIRES GENERALES, JURIDIQUES ET\nMARCHES PUBLIC - 09-2023-12-20-00005 - Convention de mise en \u25a1uvre du programme des cadets de la s\u00e9curit\u00e9 civile au sein du\ncoll\u00e8ge Victor Hugo de Lavelanet54\ncu DEC.  2023\n6 \n  \n10 RESILIATION DE LA CONVENTION \n \nEn cas de non-respect par l'une ou l'autre des part ies des obligations r\u00e9sultants \nde la pr\u00e9sente convention, celle-ci pourra \u00eatre r\u00e9s ili\u00e9e de plein droit par le(s) autre(s) \npartie(s), sans pr\u00e9judice de tous autres droits qu' elle pourrait faire valoir, \u00e0 l'expiration \nd'un d\u00e9lai de deux mois (2) suivant l'envoi d'une l ettre recommand\u00e9e avec accus\u00e9 de \nr\u00e9ception valant mise en demeure de se conformer au x obligations contractuelles et \nrest\u00e9es infructueuses. \n \n \n11 LITIGES \n \nEn cas de litige s'\u00e9levant en relation avec l'ex\u00e9cu tion de la pr\u00e9sente convention, \nles Parties s'obligent \u00e0 une phase pr\u00e9liminaire de conciliation pendant une p\u00e9riode \nd'un mois. \n \nAu cas o\u00f9 aucune solution amiable ne pourrait inter venir au cours de la phase \nde conciliation pr\u00e9cit\u00e9e, les Parties conviennent d e soumettre tout litige pouvant \nsurvenir \u00e0 l'occasion de l'interpr\u00e9tation et/ou de l'ex\u00e9cution de la pr\u00e9sente convention \nau Tribunal Administratif de Toulouse. \n \n \n                                      Fait \u00e0 FOIX l e,          \n \n \n \nMonsieur le Pr\u00e9fet de l'Ari\u00e8ge, \n \n \n \nSIGN\u00c8  \n \nSimon BERTOUX L'Inspecteur d'acad\u00e9mie, \nDirecteur des services d\u00e9partementaux \nde l'\u00c9ducation nationale de l'Ari\u00e8ge  \n \nSIGN\u00c8  \n \nLaurent FICHET \n \n \n \n \n \n \n \nLe Pr\u00e9sident du SDIS de l'Ari\u00e8ge  \n \n \nSIGN\u00c8  \n \nJ\u00e9r\u00f4me BLASQUEZ \n  \n \n \n \n \nLe Principal du Coll\u00e8ge  \nVictor HUGO de Lavelanet  \n \nSIGN\u00c8  \n \nLucien TINNIRELLO \n \n \n \nFait en 4 exemplaires  \n09 \u25a1 SERVICE DEPARTEMENTAL D\u25a1INCENDIE ET DE SECOURS DE L\u25a1ARIEGE - SERVICE AFFAIRES GENERALES, JURIDIQUES ET\nMARCHES PUBLIC - 09-2023-12-20-00005 - Convention de mise en \u25a1uvre du programme des cadets de la s\u00e9curit\u00e9 civile au sein du\ncoll\u00e8ge Victor Hugo de Lavelanet55\n7 \n   09 \u25a1 SERVICE DEPARTEMENTAL D\u25a1INCENDIE ET DE SECOURS DE L\u25a1ARIEGE - SERVICE AFFAIRES GENERALES, JURIDIQUES ET\nMARCHES PUBLIC - 09-2023-12-20-00005 - Convention de mise en \u25a1uvre du programme des cadets de la s\u00e9curit\u00e9 civile au sein du\ncoll\u00e8ge Victor Hugo de Lavelanet56\nARIEG  /NET\nA\n8 \n  \n Autorisation parentale  \n  \n \n \nJe soussign\u00e9(e), Madame ou Monsieur \n................................................... ................... \ndomicili\u00e9(e) \u00e0 : \n................................................... ................................................... ............................. \n.. \n................................................... .............................. \n................................................... ............................... \naccepte que mon fils / ma \nfille.............................................. .......................................... \nn\u00e9(e) le .......................................... ........................ \u00e0 \n.................................................. \ns'engage en tant que cadet-te de la s\u00e9curit\u00e9 civile , organis\u00e9 par l'\u00e9tablissement \nscolaire de ----------------  \n et \nle service d'incendie et de secours de l'Ari\u00e8ge \n \n \nFait \u00e0.  \n \n \n \nSignature : \n  \n09 \u25a1 SERVICE DEPARTEMENTAL D\u25a1INCENDIE ET DE SECOURS DE L\u25a1ARIEGE - SERVICE AFFAIRES GENERALES, JURIDIQUES ET\nMARCHES PUBLIC - 09-2023-12-20-00005 - Convention de mise en \u25a1uvre du programme des cadets de la s\u00e9curit\u00e9 civile au sein du\ncoll\u00e8ge Victor Hugo de Lavelanet57\n\\\u2014/\n9 \n  Charte d'engagement  \ndu-de la cadet-te  \nde la s\u00e9curit\u00e9 civile \n  \n \nTout au long de cette formation, je m'engage \u00e0 respecter les r\u00e8gles suivantes : \n \n1. Respect des horaires \nJe serai pr\u00e9sent aux horaires pr\u00e9vus,  \nJ'attendrai en silence mon instructeur. \nJe pr\u00e9viendrai en cas d'absence. \n \n2. Conduite \nMon attitude sera correcte et digne, en classe comm e lors des d\u00e9placements \u00e0 \nl'ext\u00e9rieur. \nJe respecterai les consignes donn\u00e9es par les instru cteurs. \n \n3. Discipline \nJe respecterai mes formateurs ainsi que mes camarad es. \nEn cas de probl\u00e8me, l'encadrement \u2013 responsable du service d'incendie et de \nsecours, et le chef d'\u00e9tablissement \u2013 sera averti. \n \n4. Aptitude physique et sportive \nEn cas de difficult\u00e9 temporaire, je ferai part aux responsables (man\u0153uvres, \nexercices ainsi qu'activit\u00e9s physiques et sportives ) d'inaptitude ponctuelle. \n \n5. Respect des locaux et lieux d'entra\u00eenement ainsi  que du mat\u00e9riel \nJe prendrai soin du mat\u00e9riel mis \u00e0 disposition. \nJe respecterai les locaux mis \u00e0 disposition. \n \nNom/Pr\u00e9nom de l'\u00e9l\u00e8ve : signature \nNom/Pr\u00e9nom du repr\u00e9sentant l\u00e9gal : signature  \n09 \u25a1 SERVICE DEPARTEMENTAL D\u25a1INCENDIE ET DE SECOURS DE L\u25a1ARIEGE - SERVICE AFFAIRES GENERALES, JURIDIQUES ET\nMARCHES PUBLIC - 09-2023-12-20-00005 - Convention de mise en \u25a1uvre du programme des cadets de la s\u00e9curit\u00e9 civile au sein du\ncoll\u00e8ge Victor Hugo de Lavelanet58\nN  S\n10 \n  Cadets  \nde la s\u00e9curit\u00e9 civile \nProgramme Pr\u00e9visionnel  \n  \n \n \n1. Formation au PSC1. Dates : d\u00e9finies ult\u00e9rieurement (4 X 2h) enseignant  et moniteur \nPSC1 de l'\u00e9tablissement. Cette formation doit \u00eatre r\u00e9alis\u00e9e en premier afin que seuls les \n\u00e9l\u00e8ves ayant valis\u00e9 le PSC1 continuent la section d e cadets.  \n \n2. Visite du centre d'appel d'urgence & notions de str ess  \nLieu : SDIS FOIX  \nContenu  : \nLes Num\u00e9ros d'appels d'urgence \nPr\u00e9sentation CAU \nPr\u00e9sentation de l'application syst\u00e8me d'alerte et d 'information des populations \n \n3. Pr\u00e9vention au sein de l'\u00e9tablissement : risque ince ndie \nLieu : coll\u00e8ge  \nContenu  : \nConnaissance des dispositifs de s\u00e9curit\u00e9 et des ris ques dans un coll\u00e8ge  \nVisite de l'\u00e9tablissement \nExercice d'\u00e9vacuation \n \n4. Visite du centre de secours  \nLieu : centre de secours  \n \n5. Travail sur plateau technique : techniques d'extinc tion des incendies \nLieu : Centre de secours   \n \n6. S\u00e9ance sportive \nContenu : \nEpreuves du Parcours sportif du Sapeur-Pompier et/o u Tests d'aptitudes SPV \n \n7. Pr\u00e9vention au sein de l'\u00e9tablissement : risques tec hnologiques et \nnaturels \nContenu : \nPr\u00e9sentation des risques technologiques et naturels  \nExercice PPMS \nFonction de l'assistant de s\u00e9curit\u00e9 \u00e0 travailler av ec les \u00e9l\u00e8ves \n \n \n8. Remise officielle des dipl\u00f4mes et attestations  \n \n \n \n09 \u25a1 SERVICE DEPARTEMENTAL D\u25a1INCENDIE ET DE SECOURS DE L\u25a1ARIEGE - SERVICE AFFAIRES GENERALES, JURIDIQUES ET\nMARCHES PUBLIC - 09-2023-12-20-00005 - Convention de mise en \u25a1uvre du programme des cadets de la s\u00e9curit\u00e9 civile au sein du\ncoll\u00e8ge Victor Hugo de Lavelanet59\n31\u25a1 DIRECTION REGIONALE DE\nL\u25a1ENVIRONNEMENT DE L\u25a1AMENAGEMENT ET\nDU LOGEMENT \u25a1 DIRECTION\n09-2024-01-15-00003\narr\u00eat\u00e9 du 15 janvier 2024, portant subd\u00e9l\u00e9gation\nde signature du directeur r\u00e9gional de\nl'environnement, de l'am\u00e9nagement et du\nlogement (DREAL) Occitanie aux agents de sa\ndirection concernant votre d\u00e9partement\n31\u25a1 DIRECTION REGIONALE DE L\u25a1ENVIRONNEMENT DE L\u25a1AMENAGEMENT ET DU LOGEMENT \u25a1 DIRECTION - 09-2024-01-15-00003 -\narr\u00eat\u00e9 du 15 janvier 2024, portant subd\u00e9l\u00e9gation de signature du directeur r\u00e9gional de l'environnement, de l'am\u00e9nagement et du\nlogement (DREAL) Occitanie aux agents de sa direction concernant votre d\u00e9partement60\nPREFET  Direction  r\u00e9gionale  de l'environnement,\nDE LA REGION  de l'am\u00e9nagement  et du logement\nOCCITANIE  |\nLibert\u00e9\n\u00c9galit\u00e9\nFraternit\u00e9\nAffaire  suivie  par  : V\u00e9ronique  VIALA\nDREAL-Secr\u00e9tariat  g\u00e9n\u00e9ral\nveronique.viala@developpement-durable.gouv.fr\nT\u00e9l.  : 05 62 30 26 67\nArr\u00eat\u00e9  portant  subd\u00e9l\u00e9gation  de signature\ndu directeur  r\u00e9gional  de l'environnement,  de l'am\u00e9nagement  et du logement\naux  agents  de la DREAL  Occitanie\nD\u00e9partement  de l'Ari\u00e8ge\nLe directeur  r\u00e9gional  de l'environnement,  de\nl'am\u00e9nagement  et du logement  de la r\u00e9gion\nOccitanie,\nVu le d\u00e9cret  n\u00b0 2004-374  du 29 avril  2004  modifi\u00e9  relatif  aux pouvoirs  des pr\u00e9fets,  \u00e0 l'organisation  et\n\u00e0 l'action  des services  de l'\u00c9tat  dans  les r\u00e9gions  et d\u00e9partements  ;\nVu le d\u00e9cret  n\u00b0 2009-235  du 27 f\u00e9vrier  2009  relatif  \u00e0 l'organisation  et aux missions  des directions\nr\u00e9gionales  de l'environnement,  de 'am\u00e9nagement  et du logement  ;\nVu le d\u00e9cret  du 13 juillet  2023  portant  nomination  de Monsieur  Simon  BERTOUX,  pr\u00e9fet  du\nd\u00e9partement  de l'Ari\u00e8ge  ;\nVu l'arr\u00e9t\u00e9  pr\u00e9fectoral  du 27 d\u00e9cembre  2023  du pr\u00e9fet  de r\u00e9gion,  pr\u00e9fet  de la Haute-Garonne,\nfixant  l'organisation  de la direction  r\u00e9gionale  de l'environnement,  de l'am\u00e9nagement  et du\nlogement  de la r\u00e9gion  Occitanie  ;\nVu l'arr\u00e9t\u00e9  du 18 octobre  2019  de la ministre  de la Transition  \u00e9cologique  et solidaire  et de la ministre\nde la Coh\u00e9sion  des territoires  et des relations  avec  les collectivit\u00e9s  territoriales,  d\u00e9signant  Monsieur\nPatrick  BERG  directeur  r\u00e9gional  de l'environnement,  de l'am\u00e9nagement  et du logement  de la r\u00e9gion\nOccitanie  ;\nVu l'arr\u00eat\u00e9  pr\u00e9fectoral  du 21 ao\u00fbt  2023  du pr\u00e9fet  de l'Ari\u00e8ge,  portant  d\u00e9l\u00e9gation  de signature  \u00e0\nMonsieur  Patrick  BERG,  directeur  r\u00e9gional  de l'environnement,  de I'am\u00e9nagement  et du logement\nde la r\u00e9gion  Occitanie  ;\nArr\u00eate  :\nArticle  1\u00b0 - Subd\u00e9l\u00e9gation  est donn\u00e9e  de fa\u00e7on  permanente  pour  l'ensemble  des actes  mentionn\u00e9s\n\u00e0 l'arr\u00e9t\u00e9  pr\u00e9fectoral  susvis\u00e9,  \u00e0 :\no Matthieu  GREGORY,  directeur  r\u00e9gional  adjoint  ;\no Sylvie  LEMONNIER,  directrice  r\u00e9gionale  adjointe  ;\no Alain  MONTEIL,  directeur  r\u00e9gional  adjoint  ;\no Fran\u00e7ois  VILLEREZ,  directeur  r\u00e9gional  adjoint.\nCit\u00e9 administrat'\u00eeve  -1 rue de la cit\u00e9 administrative  \u2014 B\u00e2timent  G\nCS 80002  - 31074  TOULOUSE  cedex  9\nT\u00e9l 05 61 58 50 00\nwww.occitanie.developpement-durable.gouv.fr\n31\u25a1 DIRECTION REGIONALE DE L\u25a1ENVIRONNEMENT DE L\u25a1AMENAGEMENT ET DU LOGEMENT \u25a1 DIRECTION - 09-2024-01-15-00003 -\narr\u00eat\u00e9 du 15 janvier 2024, portant subd\u00e9l\u00e9gation de signature du directeur r\u00e9gional de l'environnement, de l'am\u00e9nagement et du\nlogement (DREAL) Occitanie aux agents de sa direction concernant votre d\u00e9partement61\nArticle  2 - En application  des  dispositions  de l'arr\u00eat\u00e9  susvis\u00e9,  et dans  les limites  de leurs\ncomp\u00e9tences  d\u00e9finies  par  l'organisation  de la DREAL  Occitanie,  d\u00e9l\u00e9gation  de signature  est donn\u00e9e\naux  agents  ci-apr\u00e8s  cit\u00e9s  :\n1. Pour  la Direction  Risques  Industriels  et l'Unit\u00e9  Interd\u00e9partementale  de la Haute-Garonne  et de\nl'Ari\u00e8ge,  pour  tous  les actes  et documents  cit\u00e9s  \u00e0 l'article  1%, parties  C, D, E, F et G, de l'arr\u00eat\u00e9\npr\u00e9fectoral  susvis\u00e9,  \u00e0 :\n< Simon  GARNIER,  directeur  de la Direction  Risques  Industriels,  et Yves  BOULAIGUE,  son\nadjoint  ; :\n- S\u00e9bastien  GRENINGER,  chef  de l'Unit\u00e9  Inter-d\u00e9partementale  de la Haute-Garonne  et de\nI'Ariege  et R\u00e9my  CORTES,  son  adjoint  ; '\net, :\npour  tous  les actes  et documents  relevant  de-l'article  1%, parties  C et D, \u00e0 :\n- _ Philippe  CHARTIER,  chef  du d\u00e9partement  sol,  sous-sol,  \u00e9oliennes  ;\npour  tous  les actes  et documents  relevant  de l'article  1%, partie  E,\u00e0:\n< C\u00e9cile  CAZALET,  cheffe  du d\u00e9partement  v\u00e9hicules,  \u00e9quipements  sous-pression,\ncanalisations  ;\n- Florent  FIEU,  et Eric  SAUTIER,  charg\u00e9s  de missions  \u00e9quipements-sous-pression,  canalisations  ;\npour  tous  les actes  et documents  relevant  de l'article  1%, partie  F, \u00e0:\n- _ Philippe  CHARTIER,  chef  du d\u00e9partement  sol,  sous-sol,  \u00e9oliennes  ;\n\u00ab Caroline  CESCON,  cheffe  du d\u00e9partement  risques  accidentels  ;\n\u00ab C\u00e9cile  LEPAN,  cheffe  du d\u00e9partement  risques  chroniques.\net, dans  la limite  des  attributions  fix\u00e9es  par  la note  d'organisation  de la Direction  Risques\nIndustriels/Unit\u00e9s  Interd\u00e9partementales,  \u00e0 :\no C\u00e9lia  ANDREO,  Julie  ARONDEL,  Jean-Marc  AVIGNON,  C\u00e9lie  DURAND,  Adrien  GABET,\nSandrine  GAU,  H\u00e9l\u00e8ne  GAYOUT,  Marion  GENADOT,  Am\u00e9lie  GILLET,  Fr\u00e9d\u00e9ric  HERBERT,\nCatherine:  GIRARD-MORZIERE,  \u00c9lodie  MESTRE,  Guillaume  MORICEAU,  St\u00e9phanie  ROBIC\net Vladimir  SERAFINOWICZ,  inspecteurs.trices,  coordonnateurs.trices  pour  l'instruction\nde demandes  d'autorisation  environnementales  ;\npour  tous  les actes  et documents  relevant  de l'article  1%, partie  G, \u00e0 :\n< C\u00e9cile  CAZALET,  cheffe  du d\u00e9partement  v\u00e9hicules,  \u00e9quipements  sous-pression,\ncanalisations  ; '\n\u00ab Jean  LAVIELLE,  chef  du p\u00f4le  v\u00e9hicules  de I'Unit\u00e9  Inter-d\u00e9partementale  de la Haute-Garonne\net de l'Ari\u00e8ge,  et ses adjoints,  Vincent  BORDES,  Christophe  BOURNET,  \u00c9ric CARRIERE  et\nFlorian  DUBARE  ;\n\u00ab J\u00e9r\u00f4me  DUFORT,  Christophe  TESTANI\u00c8RE  et Max  VAILLANT,  charg\u00e9s  de mission  s\u00e9curit\u00e9  et\nhomologation  des  v\u00e9hicules.  '\n2. Pour  la Direction  Risques  Naturels,  pour  tous  les actes  et documents  cit\u00e9s  \u00e0 l'article  1\u00a2, partie  H,\nde l'arr\u00eat\u00e9  pr\u00e9fectoral  susvis\u00e9,  \u00e0 : ;\n- Michel  BLANC,  directeur  adjoint  de la Direction  Risques  Naturels  ;\n2/4\n31\u25a1 DIRECTION REGIONALE DE L\u25a1ENVIRONNEMENT DE L\u25a1AMENAGEMENT ET DU LOGEMENT \u25a1 DIRECTION - 09-2024-01-15-00003 -\narr\u00eat\u00e9 du 15 janvier 2024, portant subd\u00e9l\u00e9gation de signature du directeur r\u00e9gional de l'environnement, de l'am\u00e9nagement et du\nlogement (DREAL) Occitanie aux agents de sa direction concernant votre d\u00e9partement62\neta:\n- Gabriel  LECAT,  adjoint  au chef  du d\u00e9partement  ouvrages  hydrauliques  et concessions,  chef\nde la division  est, Christine  DACHICOURT-COSSART,  cheffe  de la division  ouest,  et Anne\nSABATIER,  cheffe  de la mission  concessions  ; |\n- Emmanuel  BALLOFFET,  Dimitri  BROTTE,  Anne-Sol\u00e8ne  CARON,  Guillaume  CHANTELAUVE,\nJean  FOSSET,  Julia  FOURCADE,  Marc  GILLIER,  Michael  GUENOT,  C\u00e9line  INFRAY,  Jean-Marc\nLABRUE,  Isabelle  LEGROS,  Daniel  MILLET,  Delphine  MOLLARD,  Maylis  MORO,  Marielle\nPEROT,  Didier  PUECH,  Virginie  RIGAL,  David  SABATIER,  Didier  SANTUNE  et C\u00e9line  TONIOLO\ninspecteurs.trices  de la s\u00e9curit\u00e9  des ouvrages  hydrauliques  et / ou charg\u00e9.e.s  de mission  de\ntutelle  des  concessions  hydro\u00e9lectriques.\nPour  la Direction  Transports,  pour  tous  les actes  et documents  cit\u00e9s  \u00e0 l'article  1%, partie  B, de\nI'arr\u00e9t\u00e9  pr\u00e9fectoral  susvis\u00e9,  \u00e0 :\n- Paul  JOHO,  directeur  de la direction  Transports  et Christophe  GAMET,  son adjoint  ;\neta:\n- Fran\u00e7ois  GHIONE,  chef  de la division  ma\u00eetrise  d'ouvrage  \u00e0 Montpellier  ;\n< Soraya  OQUAB,  cheffe  de la division  ma\u00eetrise  d'ouvrage  \u00e0 Toulouse  ;\n\u00ab C\u00e9dric  MARY,  adjoint  \u00e0 la cheffe  de la division  ma\u00eetrise  d'ouvrage  \u00e0 Toulouse.\nPour  la Direction  \u00c9nergie  Connaissance,  pour  tous  les actes  et documents  cit\u00e9s  \u00e0 l'article  1\u00a2,\npartie  A, de l'arr\u00eat\u00e9  pr\u00e9fectoral  susvis\u00e9,  \u00e0 :\n< Rachid  KOOB,  directeur  de la direction  \u00e9nergie  et connaissance  et Gr\u00e9goire  DUTOT,  son\nadjoint.\net \u00e0 : TR\n\u00ab Clotilde  BELOT,  cheffe  de la division  \u00e9nergie  air est ;\n< Christelle  BOSC,  cheffe  de la division  d\u00e9veloppement  durable  et partenariat  ;\n- _ Alban  FARUYA,  chef  de la division  \u00e9nergie  air ouest.\nPour  la Direction  \u00c9cologie,  pour  tous  les actes  et documents  cit\u00e9s  \u00e0 l'article  1\u00a2, partie  |, de\nl'arr\u00eat\u00e9  pr\u00e9fectoral  susvis\u00e9,  \u00e0 :\n- _ B\u00e9reng\u00e8re  BLIN  DAVID-MOUGEL,  directrice  adjointe  de la Direction  \u00c9cologie  ;\neta:\n- Fabienne  ROUSSET,  cheffe  de la mission  expertise  et enjeux  transverses  aupr\u00e8s  du directeur\nde I'Ecologie  ; |\n- Fr\u00e9d\u00e9ric  DENTAND,  chef  du d\u00e9partement  biodiversit\u00e9  ;\n- Paul  CHEMIN,  chef  de la division  milieux  marins  et c\u00f4tiers  ;\n- H\u00e9l\u00e8ne  DAMIRON,  cheffe  de la division  biodiversit\u00e9  montagne  et atlantique  ;\n< _ Pierre  VINCHES,  chef  de la division  gestion  territoriale  Rh\u00f4ne-M\u00e9diterran\u00e9e  ;\n- _ Anne  VUILLET,  cheffe  du d\u00e9partement  eau et milieux  aquatiques.\n3/4\n31\u25a1 DIRECTION REGIONALE DE L\u25a1ENVIRONNEMENT DE L\u25a1AMENAGEMENT ET DU LOGEMENT \u25a1 DIRECTION - 09-2024-01-15-00003 -\narr\u00eat\u00e9 du 15 janvier 2024, portant subd\u00e9l\u00e9gation de signature du directeur r\u00e9gional de l'environnement, de l'am\u00e9nagement et du\nlogement (DREAL) Occitanie aux agents de sa direction concernant votre d\u00e9partement63\neta:\n< Isabelle  BILLAUD,  S\u00e9bastien  FOURNIE,  Bastien  HAUDEBOURG,  Anne  HERVOUET,  Julie  LATIL,\nThierry  ROUSSET  et Agn\u00e9s  SANSONETTI-MATEU,  Mara  RIHOUET,  Alisson  FAURE,  Am\u00e9lie\nFAURE,  Olivier  REY,  Bastien  THALLER,  Alexane  CLERJON,  Chlo\u00e9  LEMEE,  et Lisa ZELMATI  ,\ncharg\u00e9(e)s  de l'instruction  de la proc\u00e9dure  d\u00e9rogation  esp\u00e8ces  prot\u00e9g\u00e9es,  pour  les\nconsultations  relatives  \u00e0 la d\u00e9rogation  pour  la destruction  d'esp\u00e8ces  prot\u00e9g\u00e9es  pr\u00e9vues  dans\nla phase  d'examen  des autorisations  environnementales,  en particulier  celles  vis\u00e9es  \u00e0\nl'article  R181-28  du code  de l'environnement,  r\u00e9alis\u00e9es  de mani\u00e8re  d\u00e9mat\u00e9rialis\u00e9e  via l'outil\nONAGRE  ;\nainsi  qu'\u00e0,  en cas de besoin,  notamment  pour  cause  d'int\u00e9rims  :\n\u00ab David  DANEDE,  charg\u00e9  de la coordination  CITES,  et Xavier  NIVELEAU,  instructeur  CITES,\npour  les actes  int\u00e9ressant  CITES  dont  les d\u00e9rogations  prises  en application  de l'article\nL.411-2  du Code  de l'environnement.  '\n\u00ab Fr\u00e9d\u00e9ric  MARIE,  charg\u00e9  de mission  \u00ab R\u00e9glementation  esp\u00e8ces  prot\u00e9g\u00e9es  (L.411)  \u00bb pour  les\nactes  int\u00e9ressant  les d\u00e9rogations  scientifiques  \u00e0 la destruction  d'esp\u00e8ces  prot\u00e9g\u00e9es.\nArticle  3 \u2014 L'arr\u00eat\u00e9  de subd\u00e9l\u00e9gation  de signature  du 09 octobre  2023  est abrog\u00e9.\nArticle  4 \u2014 Le directeur  r\u00e9gional  de l'environnement,  de l'am\u00e9nagement  et du logement  est charg\u00e9\nde l'ex\u00e9cution  du pr\u00e9sent  arr\u00eat\u00e9  qui sera  publi\u00e9  au recueil  des actes  administratifs  de la pr\u00e9fecture\nde l'Ari\u00e8ge.\nFait  \u00e0 Toulogse,  le 15  JAN,  2024\nLe directeur  r\u00e9gional  de/'environnement,\nde I'am\u00e9nagemenyet  du logement\nd'Occitanie,\nPatrick  BERG\n4/4\n31\u25a1 DIRECTION REGIONALE DE L\u25a1ENVIRONNEMENT DE L\u25a1AMENAGEMENT ET DU LOGEMENT \u25a1 DIRECTION - 09-2024-01-15-00003 -\narr\u00eat\u00e9 du 15 janvier 2024, portant subd\u00e9l\u00e9gation de signature du directeur r\u00e9gional de l'environnement, de l'am\u00e9nagement et du\nlogement (DREAL) Occitanie aux agents de sa direction concernant votre d\u00e9partement64\nDIRECTION DEPARTEMENTALE DE L' EMPLOI, DU\nTRAVAIL, DES SOLIDARITES ET DE LA\nPROTECTION DES POPULATIONS-DIRECTION\n09-2023-12-22-00004\nArr\u00eat\u00e9 pr\u00e9fectoral portant programmation des\n\u00e9valuations de la qualit\u00e9 des \u00e9tablissements et\nservices sociaux et m\u00e9dico-sociaux relevant du c)\nde l\u25a1article L. 313-3 du code de l\u25a1action sociale\net des familles pour les ann\u00e9es 2024 \u00e0 2027,\nconform\u00e9ment aux articles L. 312-8 et D. 312-204\ndu m\u00eame code\nDIRECTION DEPARTEMENTALE DE L' EMPLOI, DU TRAVAIL, DES SOLIDARITES ET DE LA PROTECTION DES POPULATIONS-DIRECTION\n- 09-2023-12-22-00004 - Arr\u00eat\u00e9 pr\u00e9fectoral portant programmation des \u00e9valuations de la qualit\u00e9 des \u00e9tablissements et services sociaux\net m\u00e9dico-sociaux relevant du c) de l\u25a1article L. 313-3 du code de l\u25a1action sociale et des familles pour les ann\u00e9es 2024 \u00e0 2027,\nconform\u00e9ment aux articles L. 312-8 et D. 312-204 du m\u00eame code65\nEx\nPR\u00c9FET  _\nDE L'ARI\u00c8GE\nijerte'\nEgalit\u00e9\nFraternit\u00e9\nDIRECTION D\u00c9PARTEMENTALE\nDE L'EMPLOI, DU TRAVAIL, DES SOLIDARITES\nET DE LA PROTECTION DES POPULATIONS\nService inclusion sociale et lutte contre la pauvret\u00e9 \nAffaire suivie par Lucie MATHIEU\nT\u00e9l : 05 61 02 43 60\nCourriel : lucie.mathieu@ariege.gouv.fr\nArr\u00eat\u00e9 pr\u00e9fectoral \nPortant programmation des \u00e9valuations de la qualit\u00e9 des \u00e9tablissements et services sociaux et m\u00e9dico-\nsociaux relevant du c) de l'article L. 313-3 du code de l'action sociale et des familles pour les ann\u00e9es\n2024 \u00e0 2027 , conform\u00e9ment aux articles L. 312-8 et D. 312-204 du m\u00eame code\nLe Pr\u00e9fet de l'Ari\u00e8ge\nVu le code de l'action sociale et des familles, notamment ses articles L. 312-1, L. 312-8 et D. 312\n204 ;\nVu le d\u00e9cret n\u00b0 2021-1476 du 12 novembre 2021 modifi\u00e9 relatif au rythme des \u00e9valuations de la\nqualit\u00e9 des \u00e9tablissements et services sociaux et m\u00e9dico-sociaux  ;\nA R R \u00ca T E\nArticle 1 :\nPr\u00e9vue \u00e0 l'article D. 312-204 du Code de l'action sociale et des familles, la programmation\npluriannuelle  des  \u00e9ch\u00e9ances  pr\u00e9visionnelles  de  transmission,  \u00e0  l'autorit\u00e9  en  charge  de  leur\nautorisation, des rapports d'\u00e9valuation des \u00e9tablissements et services sociaux et m\u00e9dico-sociaux\ndont l'autorisation est d\u00e9livr\u00e9e conform\u00e9ment aux a) et g) de l'article L. 313-3 du m\u00eame code est\nannex\u00e9e au pr\u00e9sent arr\u00eat\u00e9.\nArticle 2     :  \nLa programmation pr\u00e9vue \u00e0 l'article 1er porte sur la p\u00e9riode du 1er janvier 2024 au 31 d\u00e9cembre\n2027 . Cette programmation est ajust\u00e9e au plus tard au 31 d\u00e9cembre de chaque ann\u00e9e au titre\ndes cinq ann\u00e9es suivantes. \nElle peut \u00eatre modifi\u00e9e notamment pour tenir compte de changements intervenus dans la\nsituation des \u00e9tablissements et services concern\u00e9s.\nArticle 3     :  \nLe pr\u00e9sent arr\u00eat\u00e9 sera publi\u00e9  dans le recueil des actes administratifs de la Pr\u00e9fecture de l'Ari\u00e8ge.\n9 rue Lieutenant Paul Delpech - 09000 Foix Cedex \u2013 T\u00e9l : 05 61 02 43 00\nSite internet : www.ariege.gouv.frDIRECTION DEPARTEMENTALE DE L' EMPLOI, DU TRAVAIL, DES SOLIDARITES ET DE LA PROTECTION DES POPULATIONS-DIRECTION\n- 09-2023-12-22-00004 - Arr\u00eat\u00e9 pr\u00e9fectoral portant programmation des \u00e9valuations de la qualit\u00e9 des \u00e9tablissements et services sociaux\net m\u00e9dico-sociaux relevant du c) de l\u25a1article L. 313-3 du code de l\u25a1action sociale et des familles pour les ann\u00e9es 2024 \u00e0 2027,\nconform\u00e9ment aux articles L. 312-8 et D. 312-204 du m\u00eame code66\nArticle 4 :\nLe pr\u00e9sent arr\u00eat\u00e9 est susceptible de faire l'objet d'un recours contentieux devant le Tribunal\nadministratif de Toulouse dans un d\u00e9lai de deux mois \u00e0 compter de sa publication.\nIl est \u00e9galement susceptible de faire l'objet d'un recours administratif pr\u00e9alable dans le m\u00eame\nd\u00e9lai. \nUn recours contentieux peut ensuite \u00eatre form\u00e9 aupr\u00e8s du Tribunal administratif de Toulouse\ndans le d\u00e9lai de deux mois suivant le rejet explicite ou implicite du recours administratif.\nArticle 5 :\nLe secr\u00e9taire g\u00e9n\u00e9ral de la pr\u00e9fecture de l'Ari\u00e8ge et le directeur d\u00e9partemental de l'emploi, du\ntravail, des solidarit\u00e9s et de la protection des populations de l'Ari\u00e8ge sont charg\u00e9s, chacun en ce\nqui le concerne, de l'ex\u00e9cution du pr\u00e9sent arr\u00eat\u00e9.\nFait \u00e0 Foix, le 22 d\u00e9cembre 2023\n              Sign\u00e9\nLe Pr\u00e9fet\n4DIRECTION DEPARTEMENTALE DE L' EMPLOI, DU TRAVAIL, DES SOLIDARITES ET DE LA PROTECTION DES POPULATIONS-DIRECTION\n- 09-2023-12-22-00004 - Arr\u00eat\u00e9 pr\u00e9fectoral portant programmation des \u00e9valuations de la qualit\u00e9 des \u00e9tablissements et services sociaux\net m\u00e9dico-sociaux relevant du c) de l\u25a1article L. 313-3 du code de l\u25a1action sociale et des familles pour les ann\u00e9es 2024 \u00e0 2027,\nconform\u00e9ment aux articles L. 312-8 et D. 312-204 du m\u00eame code67\nAnnexe \nRelative \u00e0 la programmation du 1er juillet 2024 au 31 d\u00e9cembre 2027 de t ransmission des rapports d'\u00e9valuation des \u00e9tablissements sociaux ou\nm\u00e9dico-sociaux autoris\u00e9s par le pr\u00e9fet de l'Ari\u00e8ge\nAnn\u00e9e de\ntransmission\ndu rapportEch\u00e9ance\ntrimestrielle de\ntransmission du\nrapportOrganisme gestionnaire ESMS ou ESSMS concern\u00e9s\nRaison sociale N\u00b0 Finess juridiqueRaison sociale\n(nom de la structure)N\u00b0 Finess g\u00e9ographique\n20241er trimestre\n2\u00e8me trimestre\n3\u00e8me trimestreAssociation \nFrance Horizon750806606Centre d'accueil pour \ndemandeurs d'asile090003963\nAssociation \nFrance Horizon 750806606Centre provisoire \nd'h\u00e9bergement090004540\n4\u00e8me trimestreAPAJH Ari\u00e8ge090782335Service mandataire \njudiciaire \u00e0 la protection \ndes majeurs090003138\nAnn\u00e9e de\ntransmission\ndu rapportEch\u00e9ance\ntrimestrielle de\ntransmission du\nrapportOrganisme gestionnaire ESMS ou ESSMS concern\u00e9s\nRaison sociale N\u00b0 Finess juridiqueRaison sociale\n(nom de la structure)N\u00b0 Finess g\u00e9ographique\n20251er trimestreInstitut Protestant \nde Saverdun090000076 CADA Institut Protestant090003989\n2\u00e8me trimestre\nUDAF 31310023353Service mandataire \njudiciaire \u00e0 la protection \ndes majeurs090003112\nSAEM ADOMA750808511 CADA Carla Bayle 090002510DIRECTION DEPARTEMENTALE DE L' EMPLOI, DU TRAVAIL, DES SOLIDARITES ET DE LA PROTECTION DES POPULATIONS-DIRECTION\n- 09-2023-12-22-00004 - Arr\u00eat\u00e9 pr\u00e9fectoral portant programmation des \u00e9valuations de la qualit\u00e9 des \u00e9tablissements et services sociaux\net m\u00e9dico-sociaux relevant du c) de l\u25a1article L. 313-3 du code de l\u25a1action sociale et des familles pour les ann\u00e9es 2024 \u00e0 2027,\nconform\u00e9ment aux articles L. 312-8 et D. 312-204 du m\u00eame code68\n3\u00e8me trimestre\n4\u00e8me trimestreAssociation \nH\u00e9risson Bellor090784380CHRS H\u00e9risson Bellor \nMaz\u00e8res090780198\nAssociation \nH\u00e9risson Bellor090784380CHRS de Pamiers Assoc \nH\u00e9risson Bellor090002403\nAssociation \nH\u00e9risson Bellor090784380\nCADA H\u00e9risson Bellor090003971\nAnn\u00e9e de\ntransmission\ndu rapportEch\u00e9ance\ntrimestrielle de\ntransmission du\nrapportOrganisme gestionnaire ESMS ou ESSMS concern\u00e9s\nRaison sociale N\u00b0 Finess juridiqueRaison sociale\n(nom de la structure)N\u00b0 Finess g\u00e9ographique\n20261er trimestre\n2\u00e8me trimestre\n3\u00e8me trimestre\n4\u00e8me trimestreADSEA 09090784042Foyer de jeunes \ntravailleurs Pamiers090784059\nAnn\u00e9e de\ntransmission du\nrapportEch\u00e9ance\ntrimestrielle de\ntransmission du\nrapportOrganisme gestionnaire ESMS ou ESSMS concern\u00e9s\nRaison sociale N\u00b0 Finess juridiqueRaison sociale\n(nom de la structure)N\u00b0 Finess g\u00e9ographique\n20271er trimestre\n2\u00e8me trimestre\n3\u00e8me trimestre\n4e trimestreDIRECTION DEPARTEMENTALE DE L' EMPLOI, DU TRAVAIL, DES SOLIDARITES ET DE LA PROTECTION DES POPULATIONS-DIRECTION\n- 09-2023-12-22-00004 - Arr\u00eat\u00e9 pr\u00e9fectoral portant programmation des \u00e9valuations de la qualit\u00e9 des \u00e9tablissements et services sociaux\net m\u00e9dico-sociaux relevant du c) de l\u25a1article L. 313-3 du code de l\u25a1action sociale et des familles pour les ann\u00e9es 2024 \u00e0 2027,\nconform\u00e9ment aux articles L. 312-8 et D. 312-204 du m\u00eame code69","date":"2024-01-19","first_seen_on":"2024-08-21T18:18:17+00:00","id":"d56deeca512f973eed1be516ad5b1492706f969b058496c896857436cb46544f","name":"recueil-09-2024-007-recueil-des-actes-administratifs-1-1","pdf_creation_date":"2024-01-19T13:59:40+00:00","pdf_modification_date":"2024-01-19T15:06:15+00:00","timezone":"Europe/Paris","url":"https://www.ariege.gouv.fr/contenu/telechargement/28553/193784/file/recueil-09-2024-007-recueil-des-actes-administratifs-1-1.pdf"}
