{"administration":"pref64","administration_name":"Pr\u00e9fecture des Pyr\u00e9n\u00e9es-Atlantiques","content":"PYR\u00c9N\u00c9ES-\nATLANTIQUES\nRECUEIL DES ACTES\nADMINISTRATIFS\nN\u00b064-2025-398\nPUBLI\u00c9 LE 12 D\u00c9CEMBRE 2025\nSommaire\nDirection D\u00e9partementale des Territoires et de la Mer des\nPyr\u00e9n\u00e9es-Atlantiques  / Direction D\u00e9partementale des Territoires et de\nla Mer - Service Pilotage, Affaires juridiques et S\u00e9curit\u00e9 routi\u00e8re\n64-2025-12-11-00002 - Arr\u00eat\u00e9 pr\u00e9fectoral autorisant la circulation d'u\npetit train routier touristique sur la commune de Biarritz (5 pages) Page 3\n64-2025-12-11-00003 - Arr\u00eat\u00e9 pr\u00e9fectoral portant d\u00e9rogation \u00e0\nl'arr\u00eat\u00e9 pr\u00e9fectoral r\u00e8glementant la circulation sous chantier sur\nl'autoroute A63 de la C\u00f4te Basque dans les Pyr\u00e9n\u00e9es-Atlantiques -\nPour proc\u00e9der \u00e0 des travaux de raccordement du nouveau poste\nEnedis/rte de la zone d'Urrugne pour le maillage des r\u00e9seaux\n\u00e9lectriques, les bretelles d'entr\u00e9e et de sortie du diffuseur n\u00b0 2 de\nSaint Jean de Luz sera ferm\u00e9 dans les deux sens de circulation les nuits du\n15 au 17 d\u00e9cembre 2025. (4 pages) Page 9\nPr\u00e9fecture des Pyr\u00e9n\u00e9es-Atlantiques /\n64-2025-12-05-00008 - arr\u00eat\u00e9 portant modification de l'arr\u00eat\u00e9\npr\u00e9fectoral N\u00b064-2023-11-09-00012 du 09 novembre 2023 autorisant un\nsyst\u00e8me de vid\u00e9oprotection pour la ville de Bill\u00e8re -  p\u00e9rim\u00e8tre Sud\n(2 pages) Page 14\nSGC des Pyr\u00e9n\u00e9es-Atlantiques /\n64-2025-12-09-00005 - Arr\u00eat\u00e9 donnant subd\u00e9l\u00e9gation de\nsignature\naux agents du secr\u00e9tariat g\u00e9n\u00e9ral commun\nd\u00e9partemental des Pyr\u00e9n\u00e9es-atlantiques (5 pages) Page 17\nSous-Pr\u00e9fecture de Bayonne /\n64-2025-12-11-00001 - Arr\u00eat\u00e9 pr\u00e9fectoral portant composition de la\ncommission de contr\u00f4le des listes \u00e9lectorales de la commune\nd'Uhart-Cize (2 pages) Page 23\nTribunal Administratif de Pau /\n64-2025-12-08-00004 - Arr\u00eat\u00e9 liste aptitude 2026 commissaire\nenqu\u00eateur (2 pages) Page 26\n2\nDirection D\u00e9partementale des Territoires et de\nla Mer des Pyr\u00e9n\u00e9es-Atlantiques \n64-2025-12-11-00002\nArr\u00eat\u00e9 pr\u00e9fectoral autorisant la circulation d'u\npetit train routier touristique sur la commune de\nBiarritz\nDirection D\u00e9partementale des Territoires et de la Mer des Pyr\u00e9n\u00e9es-Atlantiques  - 64-2025-12-11-00002 - Arr\u00eat\u00e9 pr\u00e9fectoral autorisant\nla circulation d'u petit train routier touristique sur la commune de Biarritz 3\nDirection d\u00e9partementale\ndes territoires et de la mer\nPilotage, affaires juridiques et s\u00e9curit\u00e9 routi\u00e8re\nArr\u00eat\u00e9 pr\u00e9fectoral n\u00b064-2025-xx-xx-0000x\nautorisant la circulation d'un petit train routier touristique\nsur la commune de Biarritz\nLE PR\u00c9FET DES PYR\u00c9N\u00c9ES-ATLANTIQUES\nChevalier de l'ordre national du M\u00e9rite\nVU le code de la route, notamment ses articles R. 225,  R. 312.3, R. 317.21, R. 317.24, R. 321.15 et suivants,\nR. 411.3 \u00e0 R. 411.8, R. 433.5 et R. 433.8,\nVU l'arr\u00eat\u00e9 du 4 juillet 1972 modifi\u00e9 relatif aux feux sp\u00e9ciaux des v\u00e9hicules \u00e0 progression lente,\nVU l'arr\u00eat\u00e9  du  22  janvier 2015  d\u00e9finissant  les  caract\u00e9 ristiques  et les  conditions  d'utilisation  des\nv\u00e9hicules, autres que les autocars et les autobus, destin\u00e9s \u00e0 des usages de tourisme et de loisirs,\nVU le d\u00e9cret du 6 novembre 2024 nommant Jean-Marie Girier, pr\u00e9fet des Pyr\u00e9n\u00e9es-Atlantiques,\nVU l'arr\u00eat\u00e9 pr\u00e9fectoral n\u00b064-2025-09-29-00002 du 29 septembre 2025 donnant d\u00e9l\u00e9gation de signature\n\u00e0  M.  Beno\u00eet  HERLEMONT,  directeur  d\u00e9partemental  des  territoires  et  de  la  mer  des  Pyr\u00e9n\u00e9es-\nAtlantiques,\nVU la  d\u00e9cision  n\u00b064-2025-11-03-00002  du  3  novembre  202 5  de  subd\u00e9l\u00e9gation  de  signature\nadministrative au sein de la Direction D\u00e9partementale des Territoires et de la Mer,\nVU l'arr\u00eat\u00e9 pr\u00e9fectoral n\u00b064-2023-05-24-00001 du 24 mai 2023 autorisant la circulation d'un petit train\nroutier touristique sur la commune de Biarritz,\nVU l'arr\u00eat\u00e9 pr\u00e9fectoral n\u00b064-2025-07-21-00005 du 21 juillet 2025 autorisant la circulation d'un petit train\nroutier touristique sur la commune de Biarritz,\nVU l'arr\u00eat\u00e9 pr\u00e9fectoral n\u00b064-2025-01-08-00005 du 8 janvier 2025 portant classement de la commune de\nBiarritz comme station class\u00e9e de tourisme,\nVU la demande de la SARL Txu-Txu en date du 29 octobre 2025, concernant l'autorisation d'un arr\u00eat sur\nun itin\u00e9raire,\nVU la licence n\u00b02023/75/0000561 pour le transport int\u00e9 rieur de personnes par route pour le compte\nd'autrui en cours de validit\u00e9 jusqu'au 31 d\u00e9cembre 2029,\nVU le proc\u00e8s-verbal de visite initiale d\u00e9livr\u00e9 par la Soci\u00e9t\u00e9 PRAT en date du 1\ner\n mars 2023 ci-annex\u00e9,\nVU les r\u00e8glements de s\u00e9curit\u00e9 d'exploitation de l'entreprise relatif aux itin\u00e9raires demand\u00e9s,\nVU le contrat de d\u00e9l\u00e9gation de service public du 27 ju in 2023 pass\u00e9e entre la Mairie de Biarritz et la\nSARL Txu-Txu,\nDirection d\u00e9partementale des territoires et de la mer des Pyr\u00e9n\u00e9es-Atlantiques\nCit\u00e9 administrative \u2013 boulevard Tourasse \u2013 CS 57577 \u2013 64032 PAU CEDEX\nT\u00e9l. (standard)\u00a0: 05\u00a059\u00a080\u00a086\u00a000\nwww.pyrenees-atlantiques.gouv.fr 1 / 5\nDirection D\u00e9partementale des Territoires et de la Mer des Pyr\u00e9n\u00e9es-Atlantiques  - 64-2025-12-11-00002 - Arr\u00eat\u00e9 pr\u00e9fectoral autorisant\nla circulation d'u petit train routier touristique sur la commune de Biarritz 4\nVU l'avis favorable de la Direction interd\u00e9partementale de la police nationale des Pyr\u00e9n\u00e9es-Atlantiques\nen date du 2 juillet 2025,\nVU les avis favorables de la ville de Biarritz en date du 21 juillet 2025 et 14 novembre 2025,\nVU l'avis favorable du Conseil D\u00e9partemental des Pyr\u00e9n\u00e9es-Atlantiques en date du 10 mars 2022\n,\nSur proposition du directeur d\u00e9partemental des territoires et de la mer,\nARR\u00caTE\nArticle 1 : cet arr\u00eat\u00e9 abroge et remplace les arr\u00eat\u00e9s pr\u00e9fectoraux n\u00b064-2023-05-24-00001 du 24\u00a0mai\u00a02023\net n\u00b064-2025-07-21-00005 du 21 juillet 2025 concern ant l'autorisation de circulation d'un petit train\ntouristique sur la commune de Biarritz.\nArticle 2 : la SARL Txu-Txu \u00ab\u00a0le petit train de Biarritz\u00a0\u00bb est autoris\u00e9e, \u00e0 compter de la signature du\npr\u00e9sent arr\u00eat\u00e9 et jusqu'au 31 d\u00e9cembre 2029, \u00e0 mett re en circulation \u00e0 des fins touristiques ou de\nloisirs, et sous r\u00e9serve de validit\u00e9 du proc\u00e8s verb al de visite technique, un petit train routier de\ncat\u00e9gorie III, sur les itin\u00e9raires suivants\u00a0:\n\u2022 Circuit \u00ab individuel \u00bb jusqu'\u00e0 14h00\u00a0: D\u00e9part Boulevard du G\u00e9n\u00e9ral De Gaulle, en bas de  la place\nBellevue (prise en charge  des voyageurs) \u2013 Boulevar d du Mar\u00e9chal Leclerc \u2013 Esplanade de la\nVierge \u2013 Place du Port Vieux \u2013 Perspective de la C\u00f4 te des Basque \u2013 Rond-point d'H\u00e9lianthe \u2013\nCarrefour d'h\u00e9lianthe \u2013 Avenue de Londres jusqu'\u00e0 l a Croix des Champs \u2013 Avenue Mar\u00e9chal\nJoffre \u2013 Avenue CARNOT\u00a0-\u00a0Avenue du Mar\u00e9chal Foch \u2013 Rue de Larralde \u2013 Avenue de Verdun \u2013\nAvenue \u00c9douard VII \u2013 Avenue de la marne \u2013 Rue Pello t \u2013 Avenue de la reine victoria \u2013 carrefour\ndu Palais \u2013 Arriv\u00e9e boulevard du G\u00e9n\u00e9ral De Gaulle,  en bas de la place Bellevue (d\u00e9pose des\nvoyageurs).\n\u2022 Circuit \u00ab individuel \u00bb \u00e0 partir de 14h00 \u00a0: D\u00e9part Boulevard du G\u00e9n\u00e9ral De Gaulle, en bas de  la\nplace Bellevue (prise en charge des voyageurs) \u2013 Bo ulevard du Mar\u00e9chal Leclerc \u2013 Esplanade de\nla Vierge \u2013 Place du Port Vieux \u2013 Perspective de la  C\u00f4te des Basque \u2013 Rond point d'H\u00e9lianthe \u2013\nCarrefour d'h\u00e9lianthe -\u00a0Avenue de Londres jusqu'\u00e0 l a Croix des Champs \u2013 Avenue CARNOT \u2013\nAvenue Mar\u00e9chal Joffre \u2013 Avenue Victor HUGO \u2013 Avenu e JAULERRY \u2013 Rue Ernest FOURNEAU \u2013\nAvenue du jardin PUBLIC \u2013 Avenue du Mar\u00e9chal Foch \u2013  Rue de Larralde \u2013 Avenue de Verdun \u2013\nAvenue \u00c9douard VII \u2013 Avenue de la marne \u2013 Rue Pello t \u2013 Avenue de la reine victoria \u2013 Carrefour\ndu Palais \u2013 Arriv\u00e9e boulevard du G\u00e9n\u00e9ral De Gaulle,  en bas de la place Bellevue (d\u00e9pose des\nvoyageurs).\n\u2022 Circuit \u00ab groupe \u00bb jusqu'\u00e0 14h00 : D\u00e9part Boulevard du G\u00e9n\u00e9ral De Gaulle, en bas de la place\nBellevue (prise en charge des voyageurs) \u2013 Boulevar d du Mar\u00e9chal Leclerc \u2013 Esplanade de la\nVierge \u2013 Place du Port Vieux \u2013 Perspective de la C\u00f4 te des Basque \u2013 Rond point d'H\u00e9lianthe \u2013\nCarrefour d'h\u00e9lianthe \u2013 Avenue Beau rivage \u2013 Rue de Madrid \u2013 Avenue d'Ilbarritz \u2013 Avenue de la\nPlage \u2013 Avenue de la Milady \u2013 Rue de Madrid \u2013 Avenu e de la Milady \u2013 Avenue Beau rivage \u2013\nCarrefour d'h\u00e9lianthe \u2013 Rond point d'H\u00e9lianthe \u2013  Av enue de Londres jusqu'\u00e0 la Croix des\nChamps \u2013 Avenue Mar\u00e9chal Joffre \u2013 Avenue CARNOT \u2013 A venue du Mar\u00e9chal Foch \u2013 Rue de\nDirection d\u00e9partementale des territoires et de la mer des Pyr\u00e9n\u00e9es-Atlantiques\nCit\u00e9 administrative \u2013 boulevard Tourasse \u2013 CS 57577 \u2013 64032 PAU CEDEX\nT\u00e9l. (standard)\u00a0: 05\u00a059\u00a080\u00a086\u00a000\nwww.pyrenees-atlantiques.gouv.fr 2 / 5\nDirection D\u00e9partementale des Territoires et de la Mer des Pyr\u00e9n\u00e9es-Atlantiques  - 64-2025-12-11-00002 - Arr\u00eat\u00e9 pr\u00e9fectoral autorisant\nla circulation d'u petit train routier touristique sur la commune de Biarritz 5\nLarralde \u2013 Avenue de Verdun \u2013 Avenue \u00c9douard VII \u2013 Avenue de la marne \u2013 Rue Pellot \u2013 Avenue\nde la reine victoria \u2013 Carrefour du Palais \u2013 Avenue  de l'Imp\u00e9ratrice \u2013 Esplanade \u00c9lisabeth II \u2013\nAvenue de l'Imp\u00e9ratrice \u2013 Carrefour du Palais \u2013 Bou levard du G\u00e9n\u00e9ral de Gaulle \u2013 Arriv\u00e9e\nBoulevard du G\u00e9n\u00e9ral De Gaulle, en bas de la place Bellevue (d\u00e9pose des voyageurs).\n\u2022 Circuit \u00ab groupe \u00bb \u00e0 partir de 14h00 : D\u00e9part Boulevard du G\u00e9n\u00e9ral De Gaulle, en bas de la place\nBellevue (prise en charge des voyageurs) \u2013 Boulevar d du Mar\u00e9chal Leclerc \u2013 Esplanade de la\nVierge \u2013 Place du Port Vieux \u2013 Perspective de la C\u00f4 te des Basque \u2013 Rond point d'H\u00e9lianthe \u2013\nCarrefour d'h\u00e9lianthe \u2013 Avenue Beau rivage \u2013 Rue de Madrid \u2013 Avenue d'Ilbarritz \u2013 Avenue de la\nPlage \u2013 Avenue de la Milady \u2013 Rue de Madrid \u2013 Avenu e de la Milady \u2013 Avenue Beau rivage \u2013\nCarrefour d'h\u00e9lianthe \u2013 Rond point d'H\u00e9lianthe \u2013 Av enue de Londres jusqu'\u00e0 la Croix des\nChamps \u2013 Avenue CARNOT \u2013 Avenue Mar\u00e9chal Joffre \u2013 A venue Victor HUGO \u2013 Avenue\nJAULERRY \u2013 Rue Ernest FOURNEAU \u2013 Avenue du jardin PUBLIC \u2013 Avenue du Mar\u00e9chal Foch \u2013 Rue\nde Larralde \u2013 Avenue de Verdun \u2013 Avenue \u00c9douard VII  \u2013 Avenue de la marne \u2013 Rue Pellot \u2013\nAvenue de la reine victoria \u2013 Carrefour du Palais \u2013 Avenue de l'Imp\u00e9ratrice \u2013 Esplanade \u00c9lisabeth\nII \u2013 Avenue de l'Imp\u00e9ratrice \u2013 Carrefour du Palais \u2013 Boulevard du G\u00e9n\u00e9ral de Gaulle \u2013 Arriv\u00e9e\nBoulevard du G\u00e9n\u00e9ral De Gaulle, en bas de la place Bellevue (d\u00e9pose des voyageurs).\nLes d\u00e9placements sans voyageurs pour les besoins d'exploitation du service, \u00e0 savoir\u00a0:\n\u2022   du lieu de garage au lieu de stationnement, aller et retour :\ncommune d'Arbonne \u2013 8 rue Muga zone d'activit\u00e9 de Lana \u2013 commune de Bidart \u2013 rue Lana\nLeku \u2013 RD255 \u2013 commune de Biarritz  \u2013 RD255 rue Alan Seeger \u2013 rond point Luis Mariano \u2013\ncarrefour de la N\u00e9gresse \u2013 rond point de la N\u00e9gress e \u2013 avenue du pr\u00e9sident JF Kennedy \u2013\navenue du Mar\u00e9chal Foch \u2013 rue de Larralde \u2013 avenue de Verdun \u2013 avenue \u00c9douard VII \u2013\nboulevard du G\u00e9n\u00e9ral De Gaulle, en bas de la place Bellevue.\n\u2022   pour des raisons de maintenance, aller et retour :\n\u00c9tablissement Castagnet     :   commune d'Arbonne  \u2013 8 rue Muga zone d'activit\u00e9 de Lana \u2013\ncommune de Bidart \u2013 rue Lana Leku \u2013 RD255 \u2013 commune de Biarritz \u2013 RD255 rue Alan Seeger \u2013\nrond point Luis Mariano \u2013 carrefour de la N\u00e9gresse \u2013 rond point de la N\u00e9gresse \u2013 boulevard\nMarcel Dassault \u2013 rond point du Mousse \u2013 boulevard du B.A.B \u2013 commune d'Anglet \u2013 boulevard\ndu B.A.B \u2013 giratoire de Jorlis \u2013  commune de Bayonne  \u2013 chemin des Barthes \u2013 commune\nd'Anglet \u2013 avenue de l'Adour.\n\u00c9tablissement Total  \n   :   commune d'Arbonne \u2013 8 rue Muga zone d'activit\u00e9 de Lana \u2013 commune\nde Bidart \u2013 rue Lana Leku \u2013 RD255 \u2013 commune de Biarritz  \u2013 RD255 rue Alan Seeger \u2013 rond\npoint Luis Mariano \u2013 carrefour de la N\u00e9gresse \u2013 ron d point de la N\u00e9gresse \u2013 avenue du\npr\u00e9sident JF Kennedy \u2013 avenue de Gramont\nsont couverts par le pr\u00e9sent arr\u00eat\u00e9, en application de l'article 4 de l'arr\u00eat\u00e9 du 22 janvier 2015 susvis\u00e9.\nArticle 3 : dans le cadre de l'exploitation du service du petit train touristique de la soci\u00e9t\u00e9 TXU-TXU, un\narr\u00eat suppl\u00e9mentaire est autoris\u00e9 au niveau du Jard in Public, sur les itin\u00e9raires des circuits tourist iques\nd\u00e9finis \u00e0 l'article 2 du pr\u00e9sent arr\u00eat\u00e9.\nCet arr\u00eat pourra \u00eatre utilis\u00e9 du 15 juin au 15 janvier de l'ann\u00e9e suivante soit 7 mois.\nDirection d\u00e9partementale des territoires et de la mer des Pyr\u00e9n\u00e9es-Atlantiques\nCit\u00e9 administrative \u2013 boulevard Tourasse \u2013 CS 57577 \u2013 64032 PAU CEDEX\nT\u00e9l. (standard)\u00a0: 05\u00a059\u00a080\u00a086\u00a000\nwww.pyrenees-atlantiques.gouv.fr 3 / 5\nDirection D\u00e9partementale des Territoires et de la Mer des Pyr\u00e9n\u00e9es-Atlantiques  - 64-2025-12-11-00002 - Arr\u00eat\u00e9 pr\u00e9fectoral autorisant\nla circulation d'u petit train routier touristique sur la commune de Biarritz 6\nArticle 4 : l'arr\u00eat autoris\u00e9 au Jardin Public devra \u00eatre am\u00e9nag\u00e9 et utilis\u00e9 dans le respect des dispositions\npr\u00e9vues \u00e0 l'article 2 de l'arr\u00eat\u00e9 minist\u00e9riel du 22  janvier 2015 relatif aux v\u00e9hicules destin\u00e9s \u00e0 des usages\nde tourisme et de loisirs.\n\u00c0 ce titre, l'arr\u00eat devra permettre la mont\u00e9e et la  descente des passagers en toute s\u00e9curit\u00e9, sur une\nzone adapt\u00e9e et d\u00e9gag\u00e9e, et ne devra pas cr\u00e9er de g\u00eane pour les autres usagers de la voie publique.\nArticle 5 : la longueur de cet ensemble de v\u00e9hicules ne peut en  aucun cas d\u00e9passer 18 m\u00e8tres. Il est\nconstitu\u00e9 d'un v\u00e9hicule tracteur (GM-333-LY) et de trois remorques (FP-955-LX, FP-997-LX et FP-025-LY).\nArticle 6 : toute modification du trajet ou de ses caract\u00e9ristiques routi\u00e8res ainsi que toute modification\ndes v\u00e9hicules entra\u00eenera la perte de validit\u00e9 du pr\u00e9sent arr\u00eat\u00e9.\nArticle 7 : le responsable du petit train fera appliquer les mesures \u00e9l\u00e9mentaires de s\u00e9curit\u00e9, notamment\nau niveau des phases de mont\u00e9e et descente de la client\u00e8le du c\u00f4t\u00e9 oppos\u00e9 \u00e0 la circulation et en ce qui\nconcerne les travers\u00e9es sur les chauss\u00e9es.\nIl devra respecter scrupuleusement le code de la ro ute, faire en sorte qu'\u00e0 chaque arr\u00eat, le petit tra in\nn'entrave pas la circulation publique et devra apporter une attention particuli\u00e8re au franchissement de\ntout carrefour.\nTous les passagers devront \u00eatre transport\u00e9s assis dans les v\u00e9hicules remorqu\u00e9s avec un maximum de 25\npersonnes pour chaque remorque.\nArticle 8 : le secr\u00e9taire g\u00e9n\u00e9ral de la pr\u00e9fecture des Pyr\u00e9n\u00e9es -Atlantiques, le sous-pr\u00e9fet de Bayonne, le\nMaire de Biarritz, le directeur interd\u00e9partemental de la police nationale sont charg\u00e9s, chacun en ce q ui\nle  concerne,  de  l'ex\u00e9cution  du  pr\u00e9sent  arr\u00eat\u00e9  qui  s era  notifi\u00e9  \u00e0  l'exploitant  par  le  directeur\nd\u00e9partemental des territoires et de la mer.\nPau, le 11 d\u00e9cembre 2025\nPour le Pr\u00e9fet des Pyr\u00e9n\u00e9es-Atlantiques,\net par subd\u00e9l\u00e9gation\nLe  responsable  de  l'unit\u00e9  S\u00e9curit\u00e9\nRouti\u00e8re et Gestion de Crise\nDavid DONN\u00c9\nDirection d\u00e9partementale des territoires et de la mer des Pyr\u00e9n\u00e9es-Atlantiques\nCit\u00e9 administrative \u2013 boulevard Tourasse \u2013 CS 57577 \u2013 64032 PAU CEDEX\nT\u00e9l. (standard)\u00a0: 05\u00a059\u00a080\u00a086\u00a000\nwww.pyrenees-atlantiques.gouv.fr 4 / 5\nDirection D\u00e9partementale des Territoires et de la Mer des Pyr\u00e9n\u00e9es-Atlantiques  - 64-2025-12-11-00002 - Arr\u00eat\u00e9 pr\u00e9fectoral autorisant\nla circulation d'u petit train routier touristique sur la commune de Biarritz 7\n(DREAL) (*)(DEAL) (*)Le constructeur (*)PROCES-VERBAL DE VISITE TECHNIQUE INITIALE D'UN PETIT TRAIN ROUTIER(Document a annexer \u00e0 l'arr\u00eat\u00e9 pr\u00e9fectoral d'autorisation)1. Cat\u00e9gorie(s) du petit train routier: 32. Composition de l'ensemble en fonction de la cat\u00e9gorie:\nCat\u00e9gorie III : 1 v\u00e9hicule tracteur et 3 remorque (s) (*)Cat\u00e9ecore BA yy \u00e9btienictectous core CF)2.1. V\u00e9hicule tracteur, immatricul\u00e9 : GM - 333 - LY N\u00b0 VIN: VFOLZE2AXPX637002N\u00b0 de r\u00e9ception par type national du v\u00e9hicule tracteur : LY-0044-21-00Marque : PRATType : LZE2AXGenre : VASPCarrosserie : NON SPECAccompagnateur : 12.2. Remorque n\u00b0 1, immatricul\u00e9e : FP - 955 - LX N\u00b0 VIN : VFOWPO3XBLX637007N\u00b0 de r\u00e9ception par type nationale du v\u00e9hicule remorqu\u00e9 : L-0409-99-03Marque : PRATType : WP03Genre : RESPCarrosserie : NON SPEC2.3. Remorque n\u00b0 2, immatricul\u00e9e : FP - 997 - LX N\u00b0 VIN : VFOWPO3XBLX637008N\u00b0 de r\u00e9ception par type nationale du v\u00e9hicule remorqu\u00e9 : L-0409-99-03Marque : PRATType : WPO3Genre : RESPCarrosserie : NON SPEC2.4. Remorque n\u00b0 3, immatricul\u00e9e : FP - 025 - LY N\u00b0 VIN : VESWPO3XBLX637009N\u00b0 de r\u00e9ception par type nationale du v\u00e9hicule remorqu\u00e9 : L-0409-99-03Marque : PRATType : WPO3Genre : RESPCarrosserie : NON SPEC3. Nombre de passagers transportables en fonction de la cat\u00e9gorie :I II III IVPassagers dans la premi\u00e9re remorque : - - 25 =Passagers dans la deuxi\u00e8me remorque : - - 25 -Passagers dans la troisi\u00e8me remorque : - = 25 -Date : 01/03 / 2023 Signature DRIEE - DREAL - DEAL - Constructeur (*) :Soci\u00e9t\u00e9 PRAT100 rue Les Escoffers26380 Peyrins - FranceCapital de 15245\u20ac927 RCS Romans\nDirection D\u00e9partementale des Territoires et de la Mer des Pyr\u00e9n\u00e9es-Atlantiques  - 64-2025-12-11-00002 - Arr\u00eat\u00e9 pr\u00e9fectoral autorisant\nla circulation d'u petit train routier touristique sur la commune de Biarritz 8\nDirection D\u00e9partementale des Territoires et de\nla Mer des Pyr\u00e9n\u00e9es-Atlantiques \n64-2025-12-11-00003\nArr\u00eat\u00e9 pr\u00e9fectoral portant d\u00e9rogation \u00e0 l'arr\u00eat\u00e9\npr\u00e9fectoral r\u00e8glementant la circulation sous\nchantier sur l'autoroute A63 de la C\u00f4te Basque\ndans les Pyr\u00e9n\u00e9es-Atlantiques - Pour proc\u00e9der \u00e0\ndes travaux de raccordement du nouveau poste\nEnedis/rte de la zone d'Urrugne pour le maillage\ndes r\u00e9seaux \u00e9lectriques, les bretelles d'entr\u00e9e et\nde sortie du diffuseur n\u00b0 2 de Saint Jean de Luz\nsera ferm\u00e9 dans les deux sens de circulation les\nnuits du 15 au 17 d\u00e9cembre 2025.\nDirection D\u00e9partementale des Territoires et de la Mer des Pyr\u00e9n\u00e9es-Atlantiques  - 64-2025-12-11-00003 - Arr\u00eat\u00e9 pr\u00e9fectoral portant\nd\u00e9rogation \u00e0 l'arr\u00eat\u00e9 pr\u00e9fectoral r\u00e8glementant la circulation sous chantier sur l'autoroute A63 de la C\u00f4te Basque dans les\nPyr\u00e9n\u00e9es-Atlantiques - Pour proc\u00e9der \u00e0 des travaux de raccordement du nouveau poste Enedis/rte de la zone d'Urrugne pour le\nmaillage des r\u00e9seaux \u00e9lectriques, les bretelles d'entr\u00e9e et de sortie du diffuseur n\u00b0 2 de Saint Jean de Luz sera ferm\u00e9 dans les deux sens\nde circulation les nuits du 15 au 17 d\u00e9cembre 2025.\n9\nE =PR\u00c9FETDES PYR\u00c9N\u00c9ES-ATLANTIQUESLibert\u00e9Egalit\u00e9Fraternit\u00e9\nDirection d\u00e9partementale\ndes territoires et de la mer\nPilotage, affaires juridiques et s\u00e9curit\u00e9 routi\u00e8re\nArr\u00eat\u00e9 pr\u00e9fectoral n\u00b0 \nportant d\u00e9rogation \u00e0 l'arr\u00eat\u00e9 pr\u00e9fectoral r\u00e9glementant la circulation sous chantier sur \nl'autoroute A63 de la C\u00f4te Basque dans les Pyr\u00e9n\u00e9es-Atlantiques\nTravaux de raccordement du nouveau poste ENEDIS / RTE de la zone d'Urrugne pour le maillage des \nr\u00e9seaux \u00e9lectriques\nLE PR\u00c9FET DES PYR\u00c9N\u00c9ES-ATLANTIQUES\nChevalier de l'ordre national du M\u00e9rite\nVU le Code de la Route,\nVU la loi n\u00b0 82-213 du 02 mars 1982 relative aux droits et libert\u00e9s des communes, des d\u00e9partements et  \ndes r\u00e9gions,\nVU le d\u00e9cret du 6 novembre 2024 nommant Jean-Marie Girier, pr\u00e9fet des Pyr\u00e9n\u00e9es-Atlantiques,\nVU l'arr\u00eat\u00e9 du 24 novembre 1967 modifi\u00e9 relatif \u00e0 la signalisation des routes et autoroutes,\nVU l'Instruction  minist\u00e9rielle  sur  la  signalisation  routi\u00e8re  (livre  I-8e  partie  signalisation  temporaire) \napprouv\u00e9e par arr\u00eat\u00e9 interminist\u00e9riel en date du 06 novembre 1992,\nVU l'arr\u00eat\u00e9 pr\u00e9fectoral n\u00b064-2025-02-18-00005 du 18 f\u00e9vrier 2025 portant r\u00e9glementation d'exploitation \nsous  chantiers  courants  et  \u00e9v\u00e8nements  impr\u00e9vus  sur  l'autoroute  de  la  C\u00f4te  Basque  A63  dans  le \nd\u00e9partement des Pyr\u00e9n\u00e9es-Atlantiques,\nVU l'arr\u00eat\u00e9 inter pr\u00e9fectoral n\u00b064-2018-06-26-003 en date du 26 juin 2018 portant r\u00e9glementation de  \npolice sur l'autoroute de la C\u00f4te Basque A63 dans le d\u00e9partement des Pyr\u00e9n\u00e9es-Atlantiques,\nVU l'arr\u00eat\u00e9 pr\u00e9fectoral n\u00b064-2025-09-29-00002 du 29 septembre 2025 portant d\u00e9l\u00e9gation de signature  \nde  M.  le  Pr\u00e9fet  des  Pyr\u00e9n\u00e9es-Atlantiques  \u00e0  M.  Beno\u00eet  HERLEMONT  Directeur  D\u00e9partemental  des \nTerritoires et de la Mer des Pyr\u00e9n\u00e9es-Atlantiques,\nVU la d\u00e9cision n\u00b0 64-2025-11-03-00002 du 3 novembre 2025 de subd\u00e9l\u00e9gation de signature administra -\ntive au sein de la Direction D\u00e9partementale des Territoires et de la Mer des Pyr\u00e9n\u00e9es-Atlantiques,\nVU le plan de coupure de l'A63 approuv\u00e9 par arr\u00eat\u00e9 pr\u00e9fectoral en date du 27 janvier 2009,\nVU le dossier d'exploitation sous chantier (DESC) et la notice explicative pr\u00e9sent\u00e9s par la soci\u00e9t\u00e9 des  \nautoroutes du Sud de la France en date du 27 novembre 2025,\nDirection D\u00e9partementale des Territoires et de la Mer des Pyr\u00e9n\u00e9es-Atlantiques  - 64-2025-12-11-00003 - Arr\u00eat\u00e9 pr\u00e9fectoral portant\nd\u00e9rogation \u00e0 l'arr\u00eat\u00e9 pr\u00e9fectoral r\u00e8glementant la circulation sous chantier sur l'autoroute A63 de la C\u00f4te Basque dans les\nPyr\u00e9n\u00e9es-Atlantiques - Pour proc\u00e9der \u00e0 des travaux de raccordement du nouveau poste Enedis/rte de la zone d'Urrugne pour le\nmaillage des r\u00e9seaux \u00e9lectriques, les bretelles d'entr\u00e9e et de sortie du diffuseur n\u00b0 2 de Saint Jean de Luz sera ferm\u00e9 dans les deux sens\nde circulation les nuits du 15 au 17 d\u00e9cembre 2025.\n10\nVU l'avis de l'escadron d\u00e9partemental de contr\u00f4le des flux des Pyr\u00e9n\u00e9es-Atlantiques en date du 29  \nnovembre 2025,\nVU l'avis de la sous direction de la gestion du r\u00e9seau autoroutier conc\u00e9d\u00e9 en date du 3 d\u00e9cembre 2025,\nVU l'avis du conseil d\u00e9partemental des Pyr\u00e9n\u00e9es-Atlantiques en date du 5 d\u00e9cembre 2025,\nVU l'avis de la commune de Saint-Jean-de-Luz en date du 3 d\u00e9cembre 2025,\nCONSID\u00c9RANT qu'il importe d'assurer la s\u00e9curit\u00e9 des usagers de l'autoroute ainsi que celle des agents  \nd'exploitation de la soci\u00e9t\u00e9 Autoroutes du Sud de la France et des entreprises charg\u00e9es de l'ex\u00e9cution  \ndes travaux,\nSur proposition du Directeur d\u00e9partemental des territoires et de la mer des Pyr\u00e9n\u00e9es-Atlantiques\nARR\u00caTE\nArticle 1  : Dans le cadre des travaux de raccordement du nouveau poste ENEDIS / RTE de la zone  \nd'Urrugne pour le maillage des r\u00e9seaux \u00e9lectriques, la soci\u00e9t\u00e9 des Autoroutes du Sud de la France (ASF)  \nproc\u00e9dera \u00e0 la fermeture des bretelles d'entr\u00e9e et de sortie des deux sens de circulation du diffuseur  \nN\u00b02 de Saint-Jean-de-Luz Sud de l'autoroute A63, les nuits du 15 au 16 d\u00e9cembre et du 16 au 17  \nd\u00e9cembre 2025.\nArticle 2  : Durant la p\u00e9riode d\u00e9finie \u00e0 l'article 1, les restrictions de circulation seront mises en \u0153uvre  \ncomme suit\u00a0:\n\u2022 Nuit du lundi 15 d\u00e9cembre au mardi 16 d\u00e9cembre 2025 de 21h \u00e0 6h  \u00a0   et nuit du mardi 16   \nd\u00e9cembre au mercredi 17 d\u00e9cembre 2025 de 21h \u00e0 6h  \u00a0  :\n\u2013\u00a0Fermeture des bretelles d'entr\u00e9e et de sortie des deux sens de circulation du diffuseur N\u00b02 de  \nSaint-Jean-de-Luz Sud\nLes usagers circulant sur l'A63 en sens France / Espagne souhaitant sortir au diffuseur de Saint-Jean-de-\nLuz Sud N\u00b02 seront amen\u00e9s \u00e0 sortir au diffuseur pr\u00e9c\u00e9dent de  Saint-Jean-de-Luz Nord N\u00b03 et suivre  \nl'itin\u00e9raire de d\u00e9viation S10.\nLes usagers circulant sur l'A63 en sens Espagne / France souhaitant sortir au diffuseur de Saint-Jean-de-\nLuz Sud N\u00b02 seront amen\u00e9s \u00e0 sortir au diffuseur pr\u00e9c\u00e9dent d'Hendaye N\u00b01 et suivre l'itin\u00e9raire de  \nd\u00e9viation S1.\nLes usagers voulant entrer sur l'A63 en direction de l'Espagne \u00e0  Saint-Jean-de-Luz  Sud N\u00b02 devront  \nsuivre l'itin\u00e9raire Bis via la RD810 pour prendre l'A63 au diffuseur N\u00b01 Hendaye.\nLes usagers voulant entrer sur l'A63 en direction de Bordeaux \u00e0  Saint-Jean-de-Luz Sud N\u00b02 devront  \nsuivre l'itin\u00e9raire S3 pour prendre l'A63 au diffuseur N\u00b03 Saint-Jean-de-Luz Nord.\nEn cas de probl\u00e8mes techniques ou de conditions m\u00e9t\u00e9orologiques d\u00e9favorables, les ASF pourront  \nutiliser la nuit de secours du 17 au 18 d\u00e9cembre 2025 aux m\u00eames horaires.\nDirection D\u00e9partementale des Territoires et de la Mer des Pyr\u00e9n\u00e9es-Atlantiques  - 64-2025-12-11-00003 - Arr\u00eat\u00e9 pr\u00e9fectoral portant\nd\u00e9rogation \u00e0 l'arr\u00eat\u00e9 pr\u00e9fectoral r\u00e8glementant la circulation sous chantier sur l'autoroute A63 de la C\u00f4te Basque dans les\nPyr\u00e9n\u00e9es-Atlantiques - Pour proc\u00e9der \u00e0 des travaux de raccordement du nouveau poste Enedis/rte de la zone d'Urrugne pour le\nmaillage des r\u00e9seaux \u00e9lectriques, les bretelles d'entr\u00e9e et de sortie du diffuseur n\u00b0 2 de Saint Jean de Luz sera ferm\u00e9 dans les deux sens\nde circulation les nuits du 15 au 17 d\u00e9cembre 2025.\n11\nArticle  3 : L a  signalisation  mise  en  place  n\u00e9cessite  de  d\u00e9roger  \u00e0  l'arr\u00eat\u00e9  portant  r\u00e9glementation \npermanente  de  la  circulation  sous  chantier  dans  le  d\u00e9partement  des  Pyr\u00e9n\u00e9es-Atlantiques,  en \nparticulier\u00a0:\n\u2013\u00a0\u00e0  l'article  3  \u00ab\u00a0les  chantiers  ne  devront  pas  entra\u00eener  un  d\u00e9tournement  du  trafic  sur  le  r\u00e9seau \nsecondaire\u00a0\u00bb\n\u2013\u00a0\u00e0 l'article 4 \u00ab\u00a0jours dits hors chantier\u00a0\u00bb\nArticle 4  : la signalisation temporaire de chantier sera mise en place et entretenue par la soci\u00e9t\u00e9 des  \nASF conform\u00e9ment \u00e0 la r\u00e9glementation en vigueur.\nLes entreprises charg\u00e9es de l'ex\u00e9cution des travaux prendront toutes les mesures de protection et de  \nsignalisation utiles, sous le contr\u00f4le des services de la soci\u00e9t\u00e9 des ASF (district sud atlantique).\nArticle 5 : une information aux usagers sera mise en place \u00e0 l'aide des panneaux \u00e0 messages variables se \ntrouvant avant les acc\u00e8s \u00e0 l'autoroute et en section courante.\nL'information sera \u00e9galement diffus\u00e9e par voie de presse et par le biais de la radio autorouti\u00e8re.\nArticle 6  : les modalit\u00e9s de restrictions de circulation d\u00e9crites dans cet arr\u00eat\u00e9 ne s'appliquent pas aux  \nv\u00e9hicules de la soci\u00e9t\u00e9 des ASF ni aux v\u00e9hicules des entreprises travaillant pour le compte de la soci\u00e9t\u00e9  \ndes ASF.\nDirection D\u00e9partementale des Territoires et de la Mer des Pyr\u00e9n\u00e9es-Atlantiques  - 64-2025-12-11-00003 - Arr\u00eat\u00e9 pr\u00e9fectoral portant\nd\u00e9rogation \u00e0 l'arr\u00eat\u00e9 pr\u00e9fectoral r\u00e8glementant la circulation sous chantier sur l'autoroute A63 de la C\u00f4te Basque dans les\nPyr\u00e9n\u00e9es-Atlantiques - Pour proc\u00e9der \u00e0 des travaux de raccordement du nouveau poste Enedis/rte de la zone d'Urrugne pour le\nmaillage des r\u00e9seaux \u00e9lectriques, les bretelles d'entr\u00e9e et de sortie du diffuseur n\u00b0 2 de Saint Jean de Luz sera ferm\u00e9 dans les deux sens\nde circulation les nuits du 15 au 17 d\u00e9cembre 2025.\n12\nArticle 7 : copie du pr\u00e9sent arr\u00eat\u00e9 sera adress\u00e9e \u00e0\u00a0:\n\u2501 Monsieur le sous-pr\u00e9fet de Bayonne,\n\u2501 Monsieur le commandant de l'escadron d\u00e9partemental de contr\u00f4le des flux de la \ngendarmerie des Pyr\u00e9n\u00e9es-Atlantiques,\n\u2501 Monsieur le pr\u00e9sident du Conseil D\u00e9partemental des Pyr\u00e9n\u00e9es-Atlantiques,\n\u2501 Monsieur le commandant du groupement de gendarmerie des Pyr\u00e9n\u00e9es-Atlantiques,\n\u2501 Monsieur le commandant du peloton autoroutier A63 de Bayonne,\n\u2501 Monsieur le responsable du SAMU,\n\u2501 Monsieur le maire de  Saint-Jean-de-Luz, Urrugne, Ciboure, Bidart et Gu\u00e9tary\n\u2501 Monsieur le directeur des services d'incendie et de secours des Pyr\u00e9n\u00e9es-Atlantiques,\n\u2501 Madame la directrice r\u00e9gionale d'exploitation de la Soci\u00e9t\u00e9 Autoroutes du Sud de la \nFrance,\nqui sont charg\u00e9s, chacun en ce qui le concerne, de l'ex\u00e9cution ou de l'archivage du pr\u00e9sent arr\u00eat\u00e9,  \nlequel sera publi\u00e9 au recueil des actes administratifs de la pr\u00e9fecture.\nPau, le 11 d\u00e9cembre 2025\nPour le Pr\u00e9fet des Pyr\u00e9n\u00e9es-Atlantiques,\net par subd\u00e9l\u00e9gation\nLe  responsable  de  l'unit\u00e9  s\u00e9curit\u00e9  \nrouti\u00e8re et gestion de crise\nAdjoint  \u00e0  la  cheffe  du  service  Pilotage, \naffaires juridiques et s\u00e9curit\u00e9 routi\u00e8re\nDavid DONNE\nLe pr\u00e9sent arr\u00eat\u00e9 peut faire l'objet d'un recours contentieux dans un d\u00e9lai de deux mois \u00e0 compter de sa date de  \nnotification ou de publication devant le Tribunal Administratif de PAU, 50 cours Lyautey, 64010 PAU. Le Tribunal \nAdministratif peut \u00eatre saisi par l'application informatique  T\u00e9l\u00e9recours  Citoyens, accessible par le site internet  \nwww.telerecours.fr\" \nDirection D\u00e9partementale des Territoires et de la Mer des Pyr\u00e9n\u00e9es-Atlantiques  - 64-2025-12-11-00003 - Arr\u00eat\u00e9 pr\u00e9fectoral portant\nd\u00e9rogation \u00e0 l'arr\u00eat\u00e9 pr\u00e9fectoral r\u00e8glementant la circulation sous chantier sur l'autoroute A63 de la C\u00f4te Basque dans les\nPyr\u00e9n\u00e9es-Atlantiques - Pour proc\u00e9der \u00e0 des travaux de raccordement du nouveau poste Enedis/rte de la zone d'Urrugne pour le\nmaillage des r\u00e9seaux \u00e9lectriques, les bretelles d'entr\u00e9e et de sortie du diffuseur n\u00b0 2 de Saint Jean de Luz sera ferm\u00e9 dans les deux sens\nde circulation les nuits du 15 au 17 d\u00e9cembre 2025.\n13\nPr\u00e9fecture des Pyr\u00e9n\u00e9es-Atlantiques\n64-2025-12-05-00008\narr\u00eat\u00e9 portant modification de l'arr\u00eat\u00e9\npr\u00e9fectoral N\u00b064-2023-11-09-00012 du 09\nnovembre 2023 autorisant un syst\u00e8me de\nvid\u00e9oprotection pour la ville de Bill\u00e8re - \np\u00e9rim\u00e8tre Sud\nPr\u00e9fecture des Pyr\u00e9n\u00e9es-Atlantiques - 64-2025-12-05-00008 - arr\u00eat\u00e9 portant modification de l'arr\u00eat\u00e9 pr\u00e9fectoral\nN\u00b064-2023-11-09-00012 du 09 novembre 2023 autorisant un syst\u00e8me de vid\u00e9oprotection pour la ville de Bill\u00e8re -  p\u00e9rim\u00e8tre Sud 14\nEPR\u00c9FETDES PYR\u00c9N\u00c9ES-ATLANTIQUESLibert\u00e9Egalit\u00e9Fraternit\u00e9\nDirection des s\u00e9curit\u00e9s\nBureau de la s\u00e9curit\u00e9 publique\net des polices administratives\nArr\u00eat\u00e9 n\u00b0\nportant modification de l'arr\u00eat\u00e9 pr\u00e9fectoral \nn\u00b064-2023-11-09-00012 du 09 novembre 2023 autorisant un syst\u00e8me de \nvid\u00e9oprotection \nLE PR\u00c9FET DES PYR\u00c9N\u00c9ES-ATLANTIQUES\nChevalier de l'Ordre National du M\u00e9rite\nVU le code de la s\u00e9curit\u00e9 int\u00e9rieure notamment ses articles L. 251-1 \u00e0 L. 255-1, R. 251-7 \u00e0 R. 253-4 et   R. \n273-1 \u00e0 R. 273-9 ;\nVU l'arr\u00eat\u00e9 minist\u00e9riel du 3 ao\u00fbt 2007 portant d\u00e9finition des normes techniques des syst\u00e8mes de  \nvid\u00e9oprotection et ses annexes techniques ;\nVU l'arr\u00eat\u00e9 pr\u00e9fectoral n\u00b064-2023-11-09-00012 en date du 09 novembre 2023 autorisant un syst\u00e8me de  \nvid\u00e9oprotection ;\nVU  la demande, par courriel en date du 04 d\u00e9cembre 2025, du responsable vid\u00e9oprotection de la  \ncommunaut\u00e9 d'agglom\u00e9ration Pau B\u00e9arn Pyr\u00e9n\u00e9es de rectifier une adresse d\u00e9limitant le p\u00e9rim\u00e8tre  \nsecteur Sud de la ville de Bill\u00e8re, la gare de Pau ayant \u00e9t\u00e9 indiqu\u00e9e par erreur au lieu du gave de Pau ;\nCONSID\u00c9RANT que  l'arr\u00eat\u00e9  pr\u00e9fectoral  du  09  novembre  2023  susvis\u00e9  est  entach\u00e9  d'une  erreur \nmat\u00e9rielle relative \u00e0 une adresse d\u00e9limitant le p\u00e9rim\u00e8tre vid\u00e9oprot\u00e9g\u00e9 de voie publique de la ville  \nBill\u00e8re \u2013 secteur Sud ;\nCONSID\u00c9RANT qu'il y a lieu de rectifier cette erreur mat\u00e9rielle ; \nSur la proposition de la sous-pr\u00e9f\u00e8te, directrice de cabinet du pr\u00e9fet des Pyr\u00e9n\u00e9es Atlantiques,\nARR\u00caTE\nArticle premier : L'article premier de l'arr\u00eat\u00e9 du 09 novembre 2023 susvis\u00e9 est ainsi modifi\u00e9 : \nLe Maire de Bill\u00e8re est autoris\u00e9, pour une dur\u00e9e de cinq ans renouvelable, dans les conditions fix\u00e9es au  \npr\u00e9sent  arr\u00eat\u00e9,  \u00e0  mettre  en  oeuvre  un  syst\u00e8me  de  vid\u00e9oprotection  sous  forme  de  p\u00e9rim\u00e8tre \nvid\u00e9oprot\u00e9g\u00e9 de voie publique, d\u00e9limit\u00e9 par les adresses suivantes  : impasse du Canal, rue du Golf, rue  \nde  la  Plaine,  rue  des  Coureaux,  le  gave  de  Pau,  conform\u00e9ment  au  dossier  pr\u00e9sent\u00e9,  annex\u00e9  \u00e0  la \ndemande enregistr\u00e9e sous le num\u00e9ro 2023/0374.\nLe syst\u00e8me consid\u00e9r\u00e9 r\u00e9pond aux finalit\u00e9s pr\u00e9vues par la loi :\nS\u00e9curit\u00e9 des personnes,\nSecours \u00e0 personnes \u2013 d\u00e9fense contre l'incendie \u2013 pr\u00e9vention risques naturels ou technologiques,\nPr\u00e9vention des atteintes aux biens,\nProtection des b\u00e2timents publics,\nR\u00e9gulation du trafic routier,\nPr\u00e9vention d'actes terroristes,\nPr\u00e9vention du trafic de stup\u00e9fiants,\n2, rue du Mar\u00e9chal Joffre \u2013 64 021 PAU CEDEX\nT\u00e9l. (standard) : 05 59 98 24 24 www.pyrenees-atlantiques.gouv.fr 1 / 2\nPr\u00e9fecture des Pyr\u00e9n\u00e9es-Atlantiques - 64-2025-12-05-00008 - arr\u00eat\u00e9 portant modification de l'arr\u00eat\u00e9 pr\u00e9fectoral\nN\u00b064-2023-11-09-00012 du 09 novembre 2023 autorisant un syst\u00e8me de vid\u00e9oprotection pour la ville de Bill\u00e8re -  p\u00e9rim\u00e8tre Sud 15\nConstatation des infractions aux r\u00e8gles de la circulation,\nAutres : rassemblements, f\u00eates publiques.\nIl ne doit pas \u00eatre destin\u00e9 \u00e0 alimenter un fichier nominatif.\nLe syst\u00e8me doit \u00eatre conforme aux normes techniques fix\u00e9es par la r\u00e9glementation en vigueur.\nArticle 2 : Les autres dispositions de l'arr\u00eat\u00e9 pr\u00e9fectoral du 09 novembre 2023 restent inchang\u00e9es.\nArticle  3 :  L'autorisation  d'exploitation  du  syst\u00e8me  de  vid\u00e9oprotection,  accord\u00e9e  par  l'arr\u00eat\u00e9 \npr\u00e9fectoral  n\u00b064-2023-11-09-00012  en  date  du  09  novembre  2023 demeure  valable  jusqu'au  08 \nnovembre 2028 et renouvelable \u00e9ventuellement sur demande.\nArticle 4 : Le pr\u00e9sent arr\u00eat\u00e9 peut faire l'objet d'un recours devant le tribunal administratif de Pau dans  \nun d\u00e9lai de deux mois \u00e0 compter de la date de sa notification au titulaire de l'autorisation ou de sa  \npublication.\nArticle 5  : La sous-pr\u00e9f\u00e8te, directrice de cabinet du pr\u00e9fet des Pyr\u00e9n\u00e9es Atlantiques est charg\u00e9e de  \nl'ex\u00e9cution du pr\u00e9sent arr\u00eat\u00e9 qui sera publi\u00e9 au recueil des actes administratifs de la pr\u00e9fecture.\nPau, le 05 d\u00e9cembre 2025\nPour le Pr\u00e9fet et par d\u00e9l\u00e9gation,\nLe directeur des s\u00e9curit\u00e9s,\nAdjoint \u00e0 la directrice de cabinet,\nAmaury JACQMIN\n2, rue du Mar\u00e9chal Joffre \u2013 64 021 PAU CEDEX\nT\u00e9l. (standard) : 05 59 98 24 24 www.pyrenees-atlantiques.gouv.fr 2 / 2\nPr\u00e9fecture des Pyr\u00e9n\u00e9es-Atlantiques - 64-2025-12-05-00008 - arr\u00eat\u00e9 portant modification de l'arr\u00eat\u00e9 pr\u00e9fectoral\nN\u00b064-2023-11-09-00012 du 09 novembre 2023 autorisant un syst\u00e8me de vid\u00e9oprotection pour la ville de Bill\u00e8re -  p\u00e9rim\u00e8tre Sud 16\nSGC des Pyr\u00e9n\u00e9es-Atlantiques\n64-2025-12-09-00005\nArr\u00eat\u00e9 donnant subd\u00e9l\u00e9gation de signature\naux agents du secr\u00e9tariat g\u00e9n\u00e9ral commun\nd\u00e9partemental des Pyr\u00e9n\u00e9es-atlantiques\nSGC des Pyr\u00e9n\u00e9es-Atlantiques - 64-2025-12-09-00005 - Arr\u00eat\u00e9 donnant subd\u00e9l\u00e9gation de signature\naux agents du secr\u00e9tariat g\u00e9n\u00e9ral commun d\u00e9partemental des Pyr\u00e9n\u00e9es-atlantiques 17\nE =PR\u00c9FETDES PYR\u00c9N\u00c9ES-ATLANTIQUESLibert\u00e9Egalit\u00e9Fraternit\u00e9\nSecr\u00e9tariat g\u00e9n\u00e9ral commun d\u00e9partemental\nArr\u00eat\u00e9 n\u00b0\ndonnant subd\u00e9l\u00e9gation de signature\naux agents du secr\u00e9tariat g\u00e9n\u00e9ral commun d\u00e9partemental des Pyr\u00e9n\u00e9es-atlantiques\nLa Directrice du secr\u00e9tariat g\u00e9n\u00e9ral commun d\u00e9partemental\nVU  la  loi  n\u00b0  82-213  du  2  mars  1982  modifi\u00e9e  relative  aux  droits  et  libert\u00e9s  de  communes,  des  \nd\u00e9partements et des r\u00e9gions, et notamment son article 34 ;\nVU la  loi  d'orientation  n\u00b0  92-125  du  6  f\u00e9vrier  1992  relative  \u00e0  l'administration  territoriale  de  la  \nr\u00e9publique ;\nVU la loi organique n\u00b0 2001-692 du 1er ao\u00fbt 2001 modifi\u00e9e relative aux lois de finances ;\nVU la loi de finances pour 2006 n\u00b0 2005-1719 du 30 d\u00e9cembre 2005, notamment son article 136 ;\nVU le d\u00e9cret n\u00b0  98-81 du 11 f\u00e9vrier 1998 relatif \u00e0 la d\u00e9concentration des d\u00e9cisions prises par l'Etat en  \nmati\u00e8re de prescription quadriennale et modifiant la loi n\u00b0  68-1250 du 31 d\u00e9cembre 1968 relative \u00e0 la  \nprescription des cr\u00e9ances sur l'Etat, les d\u00e9partements, les communes et les \u00e9tablissements publics ;\nVU le d\u00e9cret n\u00b0 2004-374 du 29 avril 2004 modifi\u00e9 relatif aux pouvoirs des pr\u00e9fets, \u00e0 l'organisation et \u00e0  \nl'action des services de l'\u00c9tat dans les r\u00e9gions et les d\u00e9partements ;\nVU le d\u00e9cret n\u00b0  2005-54 du 27 janvier 2005 relatif au contr\u00f4le financier au sein des administrations de  \nl'Etat ;\nVU le  d\u00e9cret  n\u00b0  2009-1484  du  3  d\u00e9cembre  2009  relatif  aux  directions  d\u00e9partementales  \ninterminist\u00e9rielles ;\nVU le d\u00e9cret n\u00b0 2012-1246 du 7 novembre 2012 relatif \u00e0 la gestion budg\u00e9taire et comptable publique ;\nVU  le d\u00e9cret du 06 novembre 2024 portant nomination de M. Jean-Marie GIRIER, Pr\u00e9fet des Pyr\u00e9n\u00e9es-\natlantiques ;\nVU le d\u00e9cret n\u00b0 2020-99 du 7 f\u00e9vrier 2020 relatif \u00e0 l'organisation et aux missions des secr\u00e9tariats g\u00e9n\u00e9raux \ncommuns d\u00e9partementaux;\nVU l'arr\u00eat\u00e9 interminist\u00e9riel du 30 d\u00e9cembre 1982 portant r\u00e8glement de comptabilit\u00e9 pour la d\u00e9signation des \nordonnateurs secondaires et de leurs d\u00e9l\u00e9gu\u00e9s ;\nVU l'arr\u00eat\u00e9 du ministre de l'int\u00e9rieur du 22 d\u00e9cembre 2020 nommant Mme Brigitte CANAC en qualit\u00e9  \nde directrice du secr\u00e9tariat g\u00e9n\u00e9ral commun d\u00e9partemental des Pyr\u00e9n\u00e9es-Atlantiques ;\nVU  l'arr\u00eat\u00e9 n\u00b0 64-2022-02-04-003 du 04 f\u00e9vrier 2022 portant organisation du secr\u00e9tariat g\u00e9n\u00e9ral commun \nd\u00e9partemental des Pyr\u00e9n\u00e9es-atlantiques ;\nVU l'arr\u00eat\u00e9 n\u00b0 64-2024-11-2500010 du 25 novembre 2024 donnant d\u00e9l\u00e9gation de signature \u00e0 Mme Brigitte \nCANAC, directrice du secr\u00e9tariat g\u00e9n\u00e9ral commun d\u00e9partemental des Pyr\u00e9n\u00e9es-Atlantiques ;\nVU l'arr\u00eat\u00e9 n\u00b0 64-2024-11-25-00045 du 25 novembre 2024 donnant d\u00e9l\u00e9gation de signature \u00e0 M. Nicolas \nBRISSE, directeur adjoint du secr\u00e9tariat g\u00e9n\u00e9ral commun d\u00e9partemental des Pyr\u00e9n\u00e9es-Atlantiques ;\nVU l'arr\u00eat\u00e9 n\u00b0 64-2025-04-02-00001 du 02 avril 2025 donnant subd\u00e9l\u00e9gation de signature aux agents du  \nsecr\u00e9tariat g\u00e9n\u00e9ral commun d\u00e9partemental des Pyr\u00e9n\u00e9es-Atlantiques ;\nPr\u00e9fecture des Pyr\u00e9n\u00e9es-Atlantiques\n2, rue du Mar\u00e9chal Joffre \u2013 64 021 PAU CEDEX\nT\u00e9l. (standard) : 05 59 98 24 24\nwww.pyrenees-atlantiques.gouv.fr 1 / 5\nSGC des Pyr\u00e9n\u00e9es-Atlantiques - 64-2025-12-09-00005 - Arr\u00eat\u00e9 donnant subd\u00e9l\u00e9gation de signature\naux agents du secr\u00e9tariat g\u00e9n\u00e9ral commun d\u00e9partemental des Pyr\u00e9n\u00e9es-atlantiques 18\nVU la convention de d\u00e9l\u00e9gation de gestion entre le minist\u00e8re en charge du travail, du plein emploi et de \nl'insertion  et  le  secr\u00e9tariat  g\u00e9n\u00e9ral  commun  des  Pyr\u00e9n\u00e9es-atlantiques,  relative  \u00e0  la  gestion  des  actes \nconcernant la situation individuelle des membres des corps de l'inspection du travail et des contr\u00f4leurs du \ntravail dans les d\u00e9partements.\nSur  proposition de  la  Directrice  du  secr\u00e9tariat  g\u00e9n\u00e9ral  commun  d\u00e9partemental  des  Pyr\u00e9n\u00e9es-\nAtlantiques ;\nARR\u00caTE\nRESSOURCES HUMAINES ET ACTION SOCIALE\nArticle premier     : Subd\u00e9l\u00e9gation de signature est donn\u00e9e aux chefs de service et de p\u00f4le du SGCD64 \u00e0  \nl'effet de signer, pour les agents plac\u00e9s sous leur autorit\u00e9 :\n- les d\u00e9cisions relatives aux cong\u00e9s annuels, RTT, l'utilisation des cong\u00e9s accumul\u00e9s sur un compte  \n\u00e9pargne-temps.\nArticle  2 :   Subd\u00e9l\u00e9gation  de  signature  est  donn\u00e9e  \u00e0  Mesdames  Maryse  VALLEIX  et  Laurence  \nBIRONNEAU, respectivement cheffe et adjointe du p\u00f4le ressources humaines Minist\u00e8re de l'Int\u00e9rieur.\nPour les agents fonctionnaires ou contractuels du Secr\u00e9tariat g\u00e9n\u00e9ral commun d\u00e9partemental :\n- les d\u00e9cisions relatives aux cong\u00e9s de maternit\u00e9, de paternit\u00e9, d'adoption et cong\u00e9s bonifi\u00e9s ;\n- les d\u00e9cisions relatives aux cong\u00e9s de maladie ordinaire, cong\u00e9s de longue maladie et cong\u00e9s de longue \ndur\u00e9e ;\n- le retour dans l'exercice des fonctions ;\n- la signature des cartes professionnelles ;\n- les autorisations et la gestion des d\u00e9placements temporaires des agents en France M\u00e9tropolitaine ;\n- la signature des contrats d'engagement et leurs avenants ;\n- la signature des conventions de stage   ;\n- les proc\u00e8s verbaux d'installation des agents et des certificats administratifs d'installation ;\n- les d\u00e9cisions d'affectation ;\n- les \u00e9tats de services.\nPour les agents fonctionnaires ou contractuels de la Pr\u00e9fecture et des directions d\u00e9partementales  \ninterminist\u00e9rielles :\n- les d\u00e9cisions relatives aux cong\u00e9s de maternit\u00e9, de paternit\u00e9 et d'adoption;\n- les d\u00e9cisions relatives aux cong\u00e9s de maladie ordinaire;\n- le retour dans l'exercice des fonctions ;\n- la signature des conventions de stage ;\n- les proc\u00e8s verbaux d'installation des agents et des certificats administratifs d'installation ;\n- les \u00e9tats de services.\nArticle 3     :   En mati\u00e8re d'action sociale, pour les agents du minist\u00e8re de l'int\u00e9rieur et des directions  \nd\u00e9partementales interminist\u00e9rielles sur le d\u00e9partement des Pyr\u00e9n\u00e9es-Atlantiques, subd\u00e9l\u00e9gation est  \ndonn\u00e9e \u00e0 Madame Sylvie CAPARROZ, \u00e0 l'effet de signer :\nPr\u00e9fecture des Pyr\u00e9n\u00e9es-Atlantiques\n2, rue du Mar\u00e9chal Joffre \u2013 64 021 PAU CEDEX\nT\u00e9l. (standard) : 05 59 98 24 24\nwww.pyrenees-atlantiques.gouv.fr 2 / 5\nSGC des Pyr\u00e9n\u00e9es-Atlantiques - 64-2025-12-09-00005 - Arr\u00eat\u00e9 donnant subd\u00e9l\u00e9gation de signature\naux agents du secr\u00e9tariat g\u00e9n\u00e9ral commun d\u00e9partemental des Pyr\u00e9n\u00e9es-atlantiques 19\n- les d\u00e9cisions individuelles de prestations et les arr\u00eat\u00e9s attributifs de subvention ;\n- les conventions de restauration.\nEn l'absence cumul\u00e9e de Monsieur Nicolas BRISSE et Madame Sylvie CAPARROZ, subd\u00e9l\u00e9gation de  \nsignature est donn\u00e9e \u00e0 Mesdames Julie PEDAILLE et Martine BROUSSE et Magali NOVALLAS \u00e0 l'effet de  \nsigner :\n- les d\u00e9cisions individuelles de prestations et les arr\u00eat\u00e9s attributifs de subvention.\nMOYENS GENERAUX\nArticle 4     : Subd\u00e9l\u00e9gation de signature est donn\u00e9e \u00e0 Madame S\u00e9gol\u00e8ne IZAMBARD, cheffe du service  \nmoyens g\u00e9n\u00e9raux \u00e0 l'effet de signer :\n- les autorisations de conduite des v\u00e9hicules de service ;\n- les autorisations de remisage d'un v\u00e9hicule de service.\nBUDGET FINANCES\nArticle 5  : Subd\u00e9l\u00e9gation de signature est donn\u00e9e \u00e0 Monsieur Nicolas ROBIN, chef du service budget  \nfinances,  Mmes  V\u00e9ronique  LECOINTRE,  Emeline  PETIT et  Cynthia  SELLEM,  gestionnaires  ressources \nhumaines, \u00e0 l'effet de signer les relev\u00e9s d'op\u00e9ration (chorus DT/d\u00e9placements) pour l'ensemble des  \nprogrammes du p\u00e9rim\u00e8tre.\nORDONNANCEMENT SECONDAIRE\nArticle 6     : Subd\u00e9l\u00e9gation de signature est donn\u00e9e aux agents d\u00e9sign\u00e9s dans le tableau ci-dessous pour  \nproc\u00e9der en substitution du d\u00e9l\u00e9gant et dans le p\u00e9rim\u00e8tre de leur champ de comp\u00e9tence (Direction,  \nService ou p\u00f4le selon) :\n- \u00e0 l'engagement des d\u00e9penses (montant maximum de 10.000 \u20ac);\n- la constatation et la certification des services faits;\n- la liquidation;\n- l'ordre de mandater des d\u00e9penses;\n- l'\u00e9mission de titres de perception;\n- la validation des actes susvis\u00e9s dans l'application Chorus formulaires;\n- le contr\u00f4le et la validation \u2013 transmission c\u0153ur Chorus - des \u00e9tats de frais dans l'application Chorus  \nDT (sous r\u00e9serve de mention expresse pour cette derni\u00e8re dans le tableau suivant) dans le cadre de la  \ngestion des d\u00e9placements temporaires des agents.\nEn fonction de la r\u00e9partition suivante \nPr\u00e9fecture des Pyr\u00e9n\u00e9es-Atlantiques\n2, rue du Mar\u00e9chal Joffre \u2013 64 021 PAU CEDEX\nT\u00e9l. (standard) : 05 59 98 24 24\nwww.pyrenees-atlantiques.gouv.fr 3 / 5\nSGC des Pyr\u00e9n\u00e9es-Atlantiques - 64-2025-12-09-00005 - Arr\u00eat\u00e9 donnant subd\u00e9l\u00e9gation de signature\naux agents du secr\u00e9tariat g\u00e9n\u00e9ral commun d\u00e9partemental des Pyr\u00e9n\u00e9es-atlantiques 20\nN\u00b0 de programme Subd\u00e9l\u00e9gataire\n354 :\nadministration territoriale de l'\u00c9tat\nBeno\u00eet CEREZO\nNicolas ROBIN (y/c Chorus DT)\nFlorence DIEUX (y/c Chorus DT)\nPascal LABANDIBAR\nPhilippe RAVOALA\nEric DEZELLIS\nS\u00e9gol\u00e8ne IZAMBARD\nFranck MOLY\nLilian SEGALAS\nDidier ACARD (exclusivement \nengagements/d\u00e9penses entretien v\u00e9hicules \nde service - plafonnement 2.500\u20ac)\nMaryse VALLEIX\nLaurence BIRONNEAU\nMartine BROUSSE (exclusivement \nengagements/d\u00e9penses formation)\n723 :\ngestion du patrimoine immobilier de l'Etat\nBeno\u00eet CEREZO\nNicolas ROBIN\nFlorence DIEUX\nS\u00e9gol\u00e8ne IZAMBARD\nFranck MOLY\nLilian SEGALAS\n348 :\nr\u00e9novation  des  cit\u00e9s  administratives  et  autres  sites  \ndomaniaux\nBeno\u00eet CEREZO\nNicolas ROBIN\nFlorence DIEUX\nFr\u00e9d\u00e9ric MOREAU\n349 :\nfonds de transformation de l'action publique\nBeno\u00eet CEREZO\nNicolas ROBIN\nFlorence DIEUX\n362 :\nplan de relance, volet immobilier action 1 \u00ab  r\u00e9novation \nthermique \u00bb\nBeno\u00eet CEREZO\nNicolas ROBIN\nFlorence DIEUX\nFr\u00e9d\u00e9ric MOREAU\n363 :\naction  4  \u00ab  mise  \u00e0  niveau  num\u00e9rique  de  l'\u00c9tat  \u2013  \nmodernisation des administrations r\u00e9galiennes \u00bb\nBeno\u00eet CEREZO\nNicolas ROBIN\nFlorence DIEUX\n215 :\nconduite et pilotage des politiques agriculture\nMartine BROUSSE\n216 :\nconduite et pilotage des politiques de l'int\u00e9rieur\nMaryse VALLEIX\nLaurence BIRONNEAU\nSylvie  CAPARROZ  (d\u00e9plafonnement  seuil  \n10.000\u20ac)\n217 :\nconduite et pilotage des politiques de l'\u00e9cologie\nJulie PEDAILLE\n206 :\ns\u00e9curit\u00e9 et qualit\u00e9 sanitaire de l'alimentation\nMagali NOVALLAS\n124 :\nconduite et soutien des politiques sanitaires et sociales\nSylvie CAPARROZ\nC\u00e9cile PEBOSCQ\nPr\u00e9fecture des Pyr\u00e9n\u00e9es-Atlantiques\n2, rue du Mar\u00e9chal Joffre \u2013 64 021 PAU CEDEX\nT\u00e9l. (standard) : 05 59 98 24 24\nwww.pyrenees-atlantiques.gouv.fr 4 / 5\nSGC des Pyr\u00e9n\u00e9es-Atlantiques - 64-2025-12-09-00005 - Arr\u00eat\u00e9 donnant subd\u00e9l\u00e9gation de signature\naux agents du secr\u00e9tariat g\u00e9n\u00e9ral commun d\u00e9partemental des Pyr\u00e9n\u00e9es-atlantiques 21\n155 :\nconception,  gestion  et  \u00e9valuation  des  politiques  de  \nl'emploi et du travail\nSylvie CAPARROZ\nC\u00e9cile PEBOSCQ\n176 :\npolice nationale\nSylvie CAPARROZ\nArticle 7     :   Les d\u00e9cisions relatives \u00e0 la pr\u00e9sente subd\u00e9l\u00e9gation ainsi que toutes les correspondances ou actes \nrelatifs aux dossiers instruits par le secr\u00e9tariat g\u00e9n\u00e9ral commun devront \u00eatre sign\u00e9s avec la mention :\nPour le Pr\u00e9fet, et par subd\u00e9l\u00e9gation\n(suivi de la fonction, du pr\u00e9nom et du nom du b\u00e9n\u00e9ficiaire de la subd\u00e9l\u00e9gation).\nArticle  8 :  Cet  arr\u00eat\u00e9  entre  en  vigueur  le  lendemain  de  sa  publication  au  Recueil  des  Actes  \nAdministratifs et abroge l'arr\u00eat\u00e9 n\u00b0 64-2025-04-02-00001 du 02 avril 2025.\nArticle 9 : La directrice du secr\u00e9tariat g\u00e9n\u00e9ral commun d\u00e9partemental et son directeur adjoint sont charg\u00e9s \nde l'ex\u00e9cution du pr\u00e9sent arr\u00eat\u00e9 qui sera publi\u00e9 au recueil des actes administratifs de la pr\u00e9fecture.\nPau, le \nLa Directrice du SGCD,\nBrigitte CANAC\nPr\u00e9fecture des Pyr\u00e9n\u00e9es-Atlantiques\n2, rue du Mar\u00e9chal Joffre \u2013 64 021 PAU CEDEX\nT\u00e9l. (standard) : 05 59 98 24 24\nwww.pyrenees-atlantiques.gouv.fr 5 / 5\nSGC des Pyr\u00e9n\u00e9es-Atlantiques - 64-2025-12-09-00005 - Arr\u00eat\u00e9 donnant subd\u00e9l\u00e9gation de signature\naux agents du secr\u00e9tariat g\u00e9n\u00e9ral commun d\u00e9partemental des Pyr\u00e9n\u00e9es-atlantiques 22\nSous-Pr\u00e9fecture de Bayonne\n64-2025-12-11-00001\nArr\u00eat\u00e9 pr\u00e9fectoral portant composition de la\ncommission de contr\u00f4le des listes \u00e9lectorales de\nla commune d'Uhart-Cize\nSous-Pr\u00e9fecture de Bayonne - 64-2025-12-11-00001 - Arr\u00eat\u00e9 pr\u00e9fectoral portant composition de la commission de contr\u00f4le des listes\n\u00e9lectorales de la commune d'Uhart-Cize 23\n| = Sous-pr\u00e9fecture de BayonnePREFETDES PYRENEES-ATLANTIQUESLibert\u00e9\u00c9galit\u00e9Fraternit\u00e9\nARR\u00caT\u00c9 PR\u00c9FECTORALN\u00b0 64-2025-12-11-000xportant composition de la commission de contr\u00f4le des listes \u00e9lectoralesde la commune d'Uhart-CizeLe pr\u00e9fet des Pyr\u00e9n\u00e9es-AtlantiquesChevalier de l'ordre national du M\u00e9riteVU le code \u00e9lectoral, et notamment ses articles L19 et R.7 ;VU le d\u00e9cret du 13 juin 2025 portant nomination de Monsieur Mathieu DUHAMEL commesous-pr\u00e9fet de Bayonne;VU l'arr\u00eat\u00e9 pr\u00e9fectoral n\u00b0 64-2025-06-26-00004 du 26 juin 2025 donnant d\u00e9l\u00e9gation de signature \u00e0Monsieur Mathieu DUHAMEL, sous-pr\u00e9fet de Bayonne, \u00e0 la secr\u00e9taire g\u00e9n\u00e9rale et aux chefs debureau de la sous-pr\u00e9fecture de Bayonne ;VU l'arr\u00eat\u00e9 pr\u00e9fectoral n\u00b0 64-2023-06-19-00016 du 19 juin 2023 portant composition de lacommission de contr\u00f4le des listes \u00e9lectorales de la commune d'Uhart-Cize ;VU la communication, par un message \u00e9lectronique de la commune en date du 10 d\u00e9cembre 2025,du nom d'un conseiller municipal ayant accept\u00e9 de participer aux travaux de la commissionconform\u00e9ment au IV de l'article L19 du code \u00e9lectoral ;SUR la proposition de la secr\u00e9taire g\u00e9n\u00e9rale de la sous-pr\u00e9fecture de Bayonne ;ARR\u00caTE :Article 1% - La commission de contr\u00f4le des listes \u00e9lectorales de la commune d'Uhart-Cize estcompos\u00e9e des personnes dont les noms suivent :\u00a2 repr\u00e9sentant la commune: Monsieur Dominique \u00c9HOUTEROURROE (titulaire) et Monsieur PeioBERETERBIDE (suppl\u00e9ant),+ repr\u00e9sentant le tribunal judiciaire : Madame Christiane ETCHEVERRIA veuve ASCARRAIN(titulaire) et Monsieur Jacques HARAMBURU (suppl\u00e9ant),\u00a2 repr\u00e9sentant l'administration : Monsieur Arnaud CHOUTCHOURROU (titulaire) et Madame_B\u00e9atrice ARRAYET \u00e9pouse CEDARRY (suppl\u00e9ante).Article 2 - L'arr\u00eat\u00e9 n\u00b0 64-2023-06-19-00016 du 19juin 2023 portant composition de la commission decontr\u00f4le des listes \u00e9lectorales de la commune d'Uhart-Cize est abrog\u00e9 \u00e0 la date de publication dupr\u00e9sent arr\u00eat\u00e9.\n4, All\u00e9es Marines - CS 50003 - 64109 BAYONNE cedexT\u00e9l\u00e9phone (standard pr\u00e9fecture) : 05 59 98 24 24Courriel : sp-bayonne@pyrenees-atlantiques.gouv.frSite internet : www.pyrenees-atlantiques.gouv.fr Page 1 sur 2\nSous-Pr\u00e9fecture de Bayonne - 64-2025-12-11-00001 - Arr\u00eat\u00e9 pr\u00e9fectoral portant composition de la commission de contr\u00f4le des listes\n\u00e9lectorales de la commune d'Uhart-Cize 24\nSous-pr\u00e9fecture de Bayonne\nArticle 3 - La secr\u00e9taire g\u00e9n\u00e9rale de la sous-pr\u00e9fecture de Bayonne est charg\u00e9e de l'ex\u00e9cution dupr\u00e9sent arr\u00e9t\u00e9 qui sera publi\u00e9 au recueil des actes administratifs de la pr\u00e9fecture.\nFait a Bayonne, le 11 d\u00e9cembre 2025\nPour le pr\u00e9fet et par d\u00e9l\u00e9gation,Le sous-pr\u00e9fet de Bayonne\nttMathieu DUHAMEL\n4, All\u00e9es Marines - CS 50003 - 64109 BAYONNE cedexT\u00e9l\u00e9phone (standard pr\u00e9fecture) : 05 59 98 24 24Courriel : sp-bayonne@pyrenees-atlantiques.gouv.frSite internet : www.pyrenees-atlantiques.gouv.fr Page 2 sur 2\nSous-Pr\u00e9fecture de Bayonne - 64-2025-12-11-00001 - Arr\u00eat\u00e9 pr\u00e9fectoral portant composition de la commission de contr\u00f4le des listes\n\u00e9lectorales de la commune d'Uhart-Cize 25\nTribunal Administratif de Pau\n64-2025-12-08-00004\nArr\u00eat\u00e9 liste aptitude 2026 commissaire\nenqu\u00eateur\nTribunal Administratif de Pau - 64-2025-12-08-00004 - Arr\u00eat\u00e9 liste aptitude 2026 commissaire enqu\u00eateur 26\n___ATLANTIQUESBs Secr\u00e9tariat de la commission d\u00e9partementaleDES PYRENEES: charg\u00e9e d'\u00e9tablir la liste d'aptitude aux fonctions| de commissaire enqu\u00eateurLibert\u00e9\u00c9calit\u00e9 ; \" e v4 s e \"Fraternit\u00e9 Secr\u00e9tariat g\u00e9n\u00e9ral aux affaires d\u00e9partementalesBureau de l'Am\u00e9nagement de l'Espace\nListe d'aptitude aux fonctions de commissaire enqu\u00eateur_du d\u00e9partement des Pyr\u00e9n\u00e9es-atlantiquesau titre de l'ann\u00e9e 2026\nVU le code de l'environnement et notamment l'article L123-4, 1% paragraphe ;VU le code de l'expropriation pour cause d'utilit\u00e9 publique;CONSIDERANT que la commission charg\u00e9e de l'\u00e9laboration de la liste d'aptitude aux fonctions decommissaire enqu\u00eateur s'est tenue le 3 d\u00e9cembre 2025, a entendu les candidats ayant postul\u00e9 en 2025\u00e0 la fonction de commissaire enqu\u00eateur ;APRES avoir d\u00e9lib\u00e9r\u00e9, la commission \u00e0 d\u00e9cid\u00e9 d'arr\u00eater au titre de l'ann\u00e9e 2026, la liste d'aptitude auxfonctions de commissaire enqu\u00eateur suivante :- Mme Virginie ALLEZARD, ing\u00e9nieur conseil management RSE ;- Mme Mich\u00e8le AUGE, juriste d'entreprise en retraite, conciliatrice de justice ;- Mme Karine BAYLE, Directrice juridique, RH Groupement d'employeurs EPL des Pyr\u00e9n\u00e9es-atlantiques ;- Mme Camille BEDERE, cadre des services urbanisme et foncier, en disponibilit\u00e9 ;- Mme Michelle BONNET MEUNIER, directrice g\u00e9n\u00e9rale des services mairie d'Eauze, en retraite ;- Mme Mich\u00e8le BORDENAVE, expert honoraire pr\u00e8s la cour d'appel de Pau et expert agricole et foncier ;- M. Pierre BUIS, commandant divisionnaire fonctionnel de la police, en retraite ;- M. Michel CAPDEBARTHE, cadre collectivit\u00e9s territoriales ERDF-GRDF B\u00e9arn, en retraite ;- M. Michel CARNE, ing\u00e9nieur g\u00e9n\u00e9raliste dans l'industrie chimique et a\u00e9ronautique, en retraite ;- M. Cyril-Jean CATALOGNE, chef de projet d\u00e9veloppement durable et agriculteur ;- M. Michel CAZAUBON, chef du bureau des destinations touristiques, minist\u00e8re de l'\u00e9conomie, de l'in-dustrie et du num\u00e9rique, en retraite ;- M. Pascal CAZENAVE, pilote d'h\u00e9licopt\u00e8re sauvetage et recherche en mer, en retraite ;- M. Christian DENUX, officier de la police nationale, en retraite;- M. Louis DUHAU, g\u00e9n\u00e9ral de division (2\u00e8me section) de l'arm\u00e9e de terre, membre de la commission desrecours des militaires pr\u00e8s du minist\u00e8re des arm\u00e9es, en retraite ; |- M. Jean-Luc ESTOURNES, directeur g\u00e9n\u00e9ral adjoint des services au conseil d\u00e9partemental de Charente,en retraite ;\nPr\u00e9fecture des Pyr\u00e9n\u00e9es-Atlantiques2, rue du Mar\u00e9chal Joffre \u2014 64 021 PAU CEDEXT\u00e9l. (standard) : 05 59 98 24 24www.pyrenees-atlantiques.qouv.fr 1/2\nTribunal Administratif de Pau - 64-2025-12-08-00004 - Arr\u00eat\u00e9 liste aptitude 2026 commissaire enqu\u00eateur 27\n- M. Andr\u00e9 ETCHELECOU, professeur des universit\u00e9s, en retraite ;- M. Jean-Paul ETIMBLE, cadre technique dans l'industrie agro-alimentaire ;- M. Patrice GOBIN, ing\u00e9nieur g\u00e9n\u00e9ral de 1\u00e8re classe (2S), en retraite;- M. Yves GORET, fonctionnaire territorial au conseil d\u00e9partemental Pyr\u00e9n\u00e9es-atlantiques, en retraite :- Mme Karine KHALDOUN, directrice de production, adjointe de direction en agence \u00e9v\u00e8nementielle 7- Mme Francoise LACOIN-VILLENAVE, enseignante en BTS g\u00e9om\u00e8tre et en lyc\u00e9e agricole, en retraite ;- M. Pierre LAFFORE, retrait\u00e9 de la fonction publique ;-- M. Christian LECAILLON, ing\u00e9nieur des travaux publics, en retraite ;- Mme Karine LE CALVAR, ing\u00e9nieur/expert qualit\u00e9 ;- Mme Anne LITTAYE, experte internationale en gestion des ressources naturelles et changement cli-matique;- M. Philippe MAHOU, Directeur spectacles, \u00e9v\u00e8nements et animations ville de Bayonne, en retraite ;- M. Jean-Pierre NOBLET, commandant de Police, en retraite ;-Mme Liliane OTAL, ancienne avocate au barreau de Bayonne et juge de proximit\u00e9 au tribunal de gran-de instance de Biarritz et Bayonne; .- M. Gilles PAQUIER, directeur d\u00e9partemental adjoint des territoires et de la mer des Pyr\u00e9n\u00e9es-atlanti-ques, en retraite ;- M. Charly PAULIN, directeur m\u00e9tier eau d'Ant\u00e9a Group France, en retraite ;- M. Philippe PERONNE, Directeur d\u00e9partemental interminist\u00e9riel Corse du sud, en retraite;- Mme Anne SAOUTER, docteur en anthropologie sociale et historique de l'Europe, enseignante va-cataire ; |- Mme H\u00e9l\u00e8ne SARRIQUET, directeur territorial, en retraite ;- Mme Marion THENET, consultante ind\u00e9pendante en conseil, communication et formation, sp\u00e9cialis\u00e9esur toutes les th\u00e9matiques li\u00e9es au d\u00e9veloppement durable ;- M. Bernard TOURRET, directeur g\u00e9n\u00e9ral de service adjoint en retraite, consultant juriste expert en urba-nisme ;- M. Andr\u00e9 VILLEMUR, ing\u00e9nieur EDF, d\u00e9l\u00e9gu\u00e9 territorial production hydro\u00e9lectrique Adour ;La pr\u00e9sente d\u00e9cision sera publi\u00e9e au recueil des actes administratifs et des informations de lapr\u00e9fecture et pourra \u00eatre consult\u00e9e \u00e0 la pr\u00e9fecture, secr\u00e9tariat g\u00e9n\u00e9ral aux affaires d\u00e9partementales,bureau de l'am\u00e9nagement de l'espace, ainsi qu'au greffe du tribunal administratif de Pau. Elle seranotifi\u00e9e \u00e0 chacun des commissaires enqu\u00eateurs.- Fait \u00e0 Pau, le - & DEC. 2025\nLe pr\u00e9sident de la commission,Vice-pr\u00e9sident du tribunal administratif de Pau,5\nFrancois DE SAINT-EXUPERY DE CASTILLON\nPr\u00e9fecture des Pyr\u00e9n\u00e9es-Atlantiques2, rue du Mar\u00e9chal Joffre \u2014 64 021 PAU CEDEXT\u00e9l. (standard) : 05 59 98 24 24www,pyrenees-atlantiques.gouv. fr 2/2\nTribunal Administratif de Pau - 64-2025-12-08-00004 - Arr\u00eat\u00e9 liste aptitude 2026 commissaire enqu\u00eateur 28","date":"2025-12-12","first_seen_on":"2025-12-12T09:27:47+00:00","id":"d57185c412a537ea9f7e7a9155fffd5b7968bc7c219d8431ad95de5c678b9abb","name":"Recueil n\u00b064-2025-398 du 12 d\u00e9cembre 2025","pdf_creation_date":"2025-12-12T08:01:46+00:00","pdf_modification_date":null,"timezone":"Europe/Paris","url":"https://www.pyrenees-atlantiques.gouv.fr/contenu/telechargement/60183/440917/file/recueil-64-2025-398-recueil-des-actes-administratifs.pdf"}
