{"administration":"prefidf","administration_name":"Pr\u00e9fecture de la r\u00e9gion \u00cele-de-France","content":"PREFECTURE\nREGION ILE DE\nFRANCE\nRECUEIL DES ACTES\nADMINISTRATIFS SP\u00c9CIAL\n(NOMINATIFS)\nN\u00b0IDF-021-2025-04\nPUBLI\u00c9 LE  8 AVRIL 2025\nSommaire\nDirection r\u00e9gionale et interd\u00e9partementale de l'environnement, de\nl'am\u00e9nagement et des transports d'\u00cele-de-France / service\nPlanification et Police de l'eau\nIDF-2025-03-27-00040 - Arr\u00eat\u00e9 portant modification de l'arr\u00eat\u00e9\nn\u00b0IDF-2021-01-26-002 modifi\u00e9 de composition partielle et\nnomination\nau sein du comit\u00e9 de bassin Seine-Normandie (2 pages) Page 3\n2\nDirection r\u00e9gionale et interd\u00e9partementale de\nl'environnement, de l'am\u00e9nagement et des\ntransports d'\u00cele-de-France\nIDF-2025-03-27-00040\nArr\u00eat\u00e9 portant modification de l'arr\u00eat\u00e9\nn\u00b0IDF-2021-01-26-002 modifi\u00e9 de composition\npartielle et nomination\nau sein du comit\u00e9 de bassin Seine-Normandie\nDirection r\u00e9gionale et interd\u00e9partementale de l'environnement, de l'am\u00e9nagement et des transports d'\u00cele-de-France -\nIDF-2025-03-27-00040 - Arr\u00eat\u00e9 portant modification de l'arr\u00eat\u00e9 n\u00b0IDF-2021-01-26-002 modifi\u00e9 de composition partielle et nomination\nau sein du comit\u00e9 de bassin Seine-Normandie\n3\nPREFETDE LA REGIOND'\u00ceLE-DE-FRANCELivenLpult?Fraterwile\nARR\u00caT\u00c9 N\u00b0 IDF-\nportant modification de l'arr\u00eat\u00e9 n\u00b0IDF-2021-01-26-002 modifi\u00e9 de composition partielle et nomination\nau sein du comit\u00e9 de bassin Seine-Normandie\nLE PR\u00c9FET DE LA R\u00c9GION D'\u00ceLE-DE-FRANCE\nPR\u00c9FET DE PARIS\nPR\u00c9FET COORDONNATEUR DE BASSIN SEINE NORMANDIE\nCOMMANDEUR DE LA L\u00c9GION D'HONNEUR\nOFFICIER DE L'ORDRE NATIONAL DU M\u00c9RITE\nVU le code de l'environnement, notamment ses articles L. 213-8, D. 213-17 et suivants ;\nVU la loi n\u00b0 2016-1087 du 8 ao\u00fbt 2016 pour la reconqu\u00eate de la biodiversit\u00e9, de la nature et des paysages\nnotamment son article 34 ;\nVU la loi n\u00b0 2020-1525 du 7 d\u00e9cembre 2020 d'acc\u00e9l\u00e9ration et de simplification de l'action publique et notamment\nson article 134 ;\nVU le d\u00e9cret n\u00b02020-1062 du 17 ao\u00fbt 2020 relatif \u00e0 la composition des comit\u00e9s de bassin ;\nVU le d\u00e9cret en Conseil des ministres du 22 juillet 2020 portant nomination du pr\u00e9fet de la r\u00e9gion d'\u00cele-de-France,\npr\u00e9fet de Paris (hors classe) - M. Marc GUILLAUME ;\nVU l'arr\u00eat\u00e9 n\u00b0IDF-2021-01-26-002 du 26 janvier 2021 de composition partielle et de nomination au sein du comit\u00e9\nde bassin Seine-Normandie modifi\u00e9 par l'arr\u00eat\u00e9 n\u00b0 IDF-2021-05-18-00007 du 18 mai 2021, par l'arr\u00eat\u00e9 n\u00b0IDF-2021-\n09-16-00008 du 16 septembre 2021, par l'arr\u00eat\u00e9 n\u00b0 IDF-2021-09-29-00006 du 29 septembre 2021, par l'arr\u00eat\u00e9\nn\u00b02021-11-17-0019 du 17 novembre 2021, par l'arr\u00eat\u00e9 n\u00b0IDF-2022-02-25-00035 du 25 f\u00e9vrier 2022  et par l'arr\u00eat\u00e9\nn\u00b0IDF-2022-06-08-00007 du 8 juin 2022, par l'arr\u00eat\u00e9 n\u00b0IDF-2022-09-19-00010 du 19 septembre 2022, par l'arr\u00eat\u00e9\nn\u00b0IDF-2023-02-10-00002 du 10 f\u00e9vrier 2023, par l'arr\u00eat\u00e9 n\u00b0IDF-2023-05-23-00007 du 23 mai 2023, par l'arr\u00eat\u00e9 n\u00b0IDF-\n2023-11-23-00010 du 23 novembre 2023, par l'arr\u00eat\u00e9 n\u00b0IDF-2024-03-21-00032 du 21 mars 2024, par l'arr\u00eat\u00e9 n\u00b0 IDF-\n2024-07-01-0001 du 1 er juillet 2024, par l'arr\u00eat\u00e9 n\u00b0 IDF-2024-10-07-00003 du 7 octobre 2024 et par l'arr\u00eat\u00e9 n\u00b0 IDF-\n2024-12-23-00019 du 23 d\u00e9cembre 2024 ;\nVU l'arr\u00eat\u00e9 n\u00b0IDF-2021-02-02-004 du 2 f\u00e9vrier 2021 compl\u00e9tant l'arr\u00eat\u00e9 de composition partielle et nomination au\nsein du comit\u00e9 de bassin Seine-Normandie ;\n  \nVU la proposition de l'Association des maires de France en date du 19 f\u00e9vrier 2025 ;\nVU la proposition du Conseil r\u00e9gional d'\u00cele-de-France en date du 17 janvier 2025 ;\nCONSID\u00c9RANT  que  suite  \u00e0  la  r\u00e9ception  de  ces  propositions,  une  modification  de  l'arr\u00eat\u00e9  pr\u00e9fectoral  de\ncomposition du comit\u00e9 de bassin Seine-Normandie est n\u00e9cessaire ;\nSur proposition de la directrice r\u00e9gionale et interd\u00e9partementale de l'environnement, de l'am\u00e9nagement et des\ntransports d'\u00cele-de-France et de la directrice g\u00e9n\u00e9rale de l'agence de l'eau Seine-Normandie ;\nARR\u00caTE\nPr\u00e9fecture de la r\u00e9gion d'\u00cele-de-France, pr\u00e9fecture de Paris\n5, rue Leblanc 75 911 Paris Cedex 15 | \uf028 Standard : 01 82 52 40 00\nSite internet : https://www.prefectures-regions.gouv.fr/ile-de-france\nTwitter : https://twitter.com/Prefet75_IDF | LindkedIn : https://www.linkedin.com/company/l-\u00e9tat-en-\u00eele-de-france/\n1/ 2\nDirection r\u00e9gionale et interd\u00e9partementale de l'environnement, de l'am\u00e9nagement et des transports d'\u00cele-de-France -\nIDF-2025-03-27-00040 - Arr\u00eat\u00e9 portant modification de l'arr\u00eat\u00e9 n\u00b0IDF-2021-01-26-002 modifi\u00e9 de composition partielle et nomination\nau sein du comit\u00e9 de bassin Seine-Normandie\n4\nArticle 1 : A l'article 2 de l'arr\u00eat\u00e9 du 26 janvier 2021 portant composition partielle et nomination au sein du comit\u00e9\nde bassin Seine-Normandie,  pour les membres d\u00e9sign\u00e9s au titre des communes ou des autres groupements de\ncollectivit\u00e9s  territoriales  comp\u00e9tents  dans  le  domaine  de  l'eau, Mme  Elisabeth  BURNOUF  est  nomm\u00e9e  en\nremplacement de Mme Sophie LAURENT. \nArticle 2     :   A l'article 2 de l'arr\u00eat\u00e9 du 26 janvier 2021 portant composition partielle et nomination au sein du comit\u00e9\nde bassin Seine-Normandie,  pour les membres d\u00e9sign\u00e9s au titre des r\u00e9gions,  M. James CHERON est nomm\u00e9 en\nremplacement de M. Thibault HUMBERT.\nArticle  3  : Le  pr\u00e9fet  de  la  r\u00e9gion  d'\u00cele-de-France,  pr\u00e9fet  coordonnateur  de  bassin,  la  directrice  r\u00e9gionale  et\ninterd\u00e9partementale de l'environnement, de l'am\u00e9nagement et des transports d'\u00cele-de-France, d\u00e9l\u00e9gu\u00e9e de bassin\net la directrice g\u00e9n\u00e9rale de l'agence de l'eau Seine-Normandie, sont charg\u00e9s, chacun en ce qui le concerne, de\nl'ex\u00e9cution du pr\u00e9sent arr\u00eat\u00e9, lequel sera publi\u00e9 au recueil des actes administratifs de la pr\u00e9fecture de la r\u00e9gion\n\u00cele-de-France.\nArticle 4     :   Le pr\u00e9sent arr\u00eat\u00e9 prendra effet \u00e0 sa date de signature.\nFait \u00e0 Paris, le 27 mars 2025\nLe pr\u00e9fet de la r\u00e9gion d'\u00cele-de-France,\npr\u00e9fet de Paris\nSign\u00e9\nMarc GUILLAUME\nPr\u00e9fecture de la r\u00e9gion d'\u00cele-de-France, pr\u00e9fecture de Paris\n5, rue Leblanc 75 911 Paris Cedex 15 | \uf028 Standard : 01 82 52 40 00\nSite internet : https://www.prefectures-regions.gouv.fr/ile-de-france\nTwitter : https://twitter.com/Prefet75_IDF | LindkedIn : https://www.linkedin.com/company/l-\u00e9tat-en-\u00eele-de-france/\n2//2\nDirection r\u00e9gionale et interd\u00e9partementale de l'environnement, de l'am\u00e9nagement et des transports d'\u00cele-de-France -\nIDF-2025-03-27-00040 - Arr\u00eat\u00e9 portant modification de l'arr\u00eat\u00e9 n\u00b0IDF-2021-01-26-002 modifi\u00e9 de composition partielle et nomination\nau sein du comit\u00e9 de bassin Seine-Normandie\n5","date":"2025-04-08","first_seen_on":"2025-04-08T18:43:39+00:00","id":"d57e317930854ba623ee0d49d85d0a6acb15d36ab1138ab0da8a18a5134b3f91","name":"recueil-idf-021-2025-04-RAA-nominatifs du 08.04.2025","pdf_creation_date":"2025-04-08T15:59:56+00:00","pdf_modification_date":null,"timezone":"Europe/Paris","url":"https://www.prefectures-regions.gouv.fr/ile-de-france/irecontenu/telechargement/126883/936829/file/recueil-idf-021-2025-04-RAA-nominatifs%20du%2008.04.2025.pdf"}
