{"administration":"pref21","administration_name":"Pr\u00e9fecture de C\u00f4te-d\u2019Or","content":"PR\u00c9FET\nDE LA C\u00d4TE-D'OR\nRECUEIL DES ACTES\nADMINISTRATIFS SP\u00c9CIAL\nN\u00b021-2025-032\nPUBLI\u00c9 LE 26 F\u00c9VRIER 2025\nSommaire\nDirection d\u00e9partementale de l'emploi, du travail et des solidarit\u00e9s de\nC\u00f4te-d'Or /\n21-2025-02-25-00001 - Arrete Derogation Repos Dominical entreprise\nCOLAS travaux GEVREY CHAMBERTIN (2 pages) Page 3\nDirection d\u00e9partementale des territoires de la C\u00f4te-d'Or / Service\nPr\u00e9servation et Am\u00e9nagement de l'Espace (SPAE)\n21-2025-02-11-00005 - Arr\u00eat\u00e9 pr\u00e9fectoral du 11 f\u00e9vrier\n2025\nportant renouvellement du bureau de l'association fonci\u00e8re de\nremembrement\nde FONTAINE-FRANCAISE (2 pages) Page 6\nDirection d\u00e9partementale des territoires de la C\u00f4te-d'Or / Service\nS\u00e9curit\u00e9 et Education Routi\u00e8re\n21-2025-02-24-00003 - Arr\u00eat\u00e9 Pr\u00e9fectoral N\u00b0347 Portant modification\nde l'arr\u00eat\u00e9 pr\u00e9fectoral n\u00b0191 portant d\u00e9placement d'office\ndu bateau \u00ab\u00a0ANTICYTHERE\u00a0\u00bb immatricul\u00e9 LY00252F situ\u00e9 au\nbief 57s du canal de Bourgogne au port de LONGVIC (21) (2 pages) Page 9\nDirection des services d\u00e9partementaux de l'\u00e9ducation nationale de\nC\u00f4te-d'Or / Service D\u00e9partemental \u00e0 la Jeunesse, \u00e0 l'engagement et\naux Sports\n21-2025-02-21-00007 - Arr\u00eat\u00e9 pr\u00e9fectoral du 17 janvier 2025 portant\nmodification de la composition du coll\u00e8ge d\u00e9partemental consultatif\ndu Fonds pour le D\u00e9veloppement de la Vie Associative de la C\u00f4te d'Or\n(FDVA) (2 pages) Page 12\nPr\u00e9fecture de la C\u00f4te-d'Or /\n21-2025-02-24-00002 - Arr\u00eat\u00e9 fixant le co\u00fbt moyen, par \u00e9l\u00e8ve, des\n\u00e9coles maternelles et \u00e9l\u00e9mentaires publiques du d\u00e9partement de\nla C\u00f4te-d'Or - Exercice budg\u00e9taire 2023 (2 pages) Page 15\nPr\u00e9fecture de la C\u00f4te-d'Or / Direction des s\u00e9curit\u00e9s\n21-2025-02-24-00001 - Arr\u00eat\u00e9 pr\u00e9fectoral N\u00b0342\nautorisant la\ncaptation, l'enregistrement et la transmission d'images\nau moyen\nde cam\u00e9ras install\u00e9es sur des a\u00e9ronefs (2 pages) Page 18\nPr\u00e9fecture de la C\u00f4te-d'Or / Secr\u00e9tariat G\u00e9n\u00e9ral\n21-2025-02-19-00003 - Arr\u00eat\u00e9 pr\u00e9fectoral n\u00b0341 portant extension de\ncapacit\u00e9 du Centre d'accueil pour demandeurs d'asile (CADA) de\nC\u00f4te-d'Or g\u00e9r\u00e9 par l'association COALLIA (2 pages) Page 21\n2\nDirection d\u00e9partementale de l'emploi, du travail\net des solidarit\u00e9s de C\u00f4te-d'Or\n21-2025-02-25-00001\nArrete Derogation Repos Dominical entreprise\nCOLAS travaux GEVREY CHAMBERTIN\nDirection d\u00e9partementale de l'emploi, du travail et des solidarit\u00e9s de C\u00f4te-d'Or - 21-2025-02-25-00001 - Arrete Derogation Repos\nDominical entreprise COLAS travaux GEVREY CHAMBERTIN 3\nExPREFETDE LACOTE-D'ORLibert\u00e9Egalit\u00e9Fraternit\u00e9\nDirection d\u00e9partementale  \nde l'emploi, du travail \net des solidarit\u00e9s  \n \n \nArr\u00eat\u00e9 pr\u00e9fectoral du 25 f\u00e9vrier 2025  \nportant l'autorisation de d\u00e9roger \u00e0 la r\u00e8gle du repos dominical \npour le dimanche 16 mars 2025 \n \n \nLe pr\u00e9fet de C\u00f4te-d'Or, \n \n \n \nVU  le chapitre II du titre III du livre premier de la  troisi\u00e8me partie du code du travail relatif au rep os \nhebdomadaire et notamment les articles L 3132-3 et L 3132-20, \n \nVU  le d\u00e9cret du 10 octobre 2024 nommant Monsieur Paul  MOURIER, pr\u00e9fet de la r\u00e9gion Bourgogne \nFranche-Comt\u00e9, pr\u00e9fet de la C\u00f4te d'Or, \n \nVU  le d\u00e9cret n\u00b02020-1545 du 9 d\u00e9cembre 2020 relatif \u00e0  l'organisation et aux missions des directions \nr\u00e9gionales de l'\u00e9conomie, de l'emploi, du travail e t des solidarit\u00e9s, des directions d\u00e9partementales d e \nl'emploi, du travail, des solidarit\u00e9s et des direct ions d\u00e9partementales de l'emploi, du travail, des \nsolidarit\u00e9s et de la protection des populations, notamment son article 25, \n \nVU  l'arr\u00eat\u00e9 minist\u00e9riel du 7 octobre 2024 portant nomination de Madame Armelle L\u00c9ON dans l'emploi \nde directrice d\u00e9partementale de l'emploi, du travail et des solidarit\u00e9s de la C\u00f4te-d'Or, \n \nVU  l'arr\u00eat\u00e9 pr\u00e9fectoral n\u00b0328 du 26 mars 2021 portant organisation de la direction d\u00e9partementale de \nl'emploi, du travail et des solidarit\u00e9s de la C\u00f4te-d'Or, \n \nVU  l'arr\u00eat\u00e9 pr\u00e9fectoral n\u00b01657/SG du 28 octobre 2024 portant d\u00e9l\u00e9gation de signature \u00e0 Madame \nArmelle L\u00c9ON et l'arr\u00eat\u00e9 n\u00b0004/DDETS du 6 novembre 2024 portant subd\u00e9l\u00e9gation de signature aux \nagents de la DDETS, \n \nVU  la demande re\u00e7ue le 14 janvier 2025 par laquelle l a soci\u00e9t\u00e9 COLAS FRANCE, sise 15 route de Lyon \nSAINT PRIEST (69800), sollicite l'autorisation de d \u00e9roger \u00e0 l'interdiction d'employer des salari\u00e9s le \ndimanche 16 mars 2025, afin d'effectuer des travaux de coupure de la circulation ferroviaire, \n \nVU  la demande modifi\u00e9e du 6 f\u00e9vrier 2025 par laquelle  la soci\u00e9t\u00e9 COLAS FRANCE, sise 15 route de \nLyon SAINT PRIEST (69800), sollicite l'autorisation  de d\u00e9roger \u00e0 l'interdiction d'employer des salari\u00e9 s \nle dimanche 16 mars 2025, \n \nVU  la consultation des organisations patronales et sy ndicales, de la CCI de Dijon, de la mairie de \nGevrey-Chambertin, en date du 14 janvier 2025 \u00e0 la suite de laquelle la CGT, la CFDT ont \u00e9mis un avis \nd\u00e9favorable, le MEDEF, la CFE-CGC, Mairie de Gevrey-Chambertin ont \u00e9mis un avis favorable,  \n \nConsid\u00e9rant  la demande modifi\u00e9e d'autorisation en date du 6 f\u00e9 vrier 2025 de d\u00e9roger \u00e0 l'interdiction \nd'employer des salari\u00e9s le dimanche 16 mars 2025, p ortant sur cinq salari\u00e9s (et non vingt comme \nindiqu\u00e9 initialement), \nDirection d\u00e9partementale de l'emploi, du travail et des solidarit\u00e9s de C\u00f4te-d'Or - 21-2025-02-25-00001 - Arrete Derogation Repos\nDominical entreprise COLAS travaux GEVREY CHAMBERTIN 4\n \n \n \n \nConsid\u00e9rant  que ces travaux interviennent \u00e0 proximit\u00e9 des voies, \n \nConsid\u00e9rant  par cons\u00e9quent la n\u00e9cessit\u00e9 d'une interruption du trafic ferroviaire, \n \nConsid\u00e9rant  que ces travaux r\u00e9pondent aux contraintes de s\u00e9cur it\u00e9 et aux obligations d'exploitation \nimpos\u00e9es par le client SNCF,  \n \nConsid\u00e9rant  que les salari\u00e9s qui vont travailler le dimanche 1 6 mars 2025 sont tous volontaires et ne \nvont pas travailler plus de 6 jours au cours de la semaine du 10 au 16 mars 2025, \n \n \nArr\u00eate : \nArticle 1 \ner  \nL'entreprise COLAS FRANCE est autoris\u00e9e \u00e0 d\u00e9roger \u00e0 la r\u00e8gle du repos dominical le dimanche 16 mars \n2025. \n \n \nArticle 2 \nChaque salari\u00e9 priv\u00e9 du repos dominical b\u00e9n\u00e9ficiera  des compensations et am\u00e9nagements pr\u00e9vus par \nl'entreprise, et \u00e0 minima d'un repos compensateur e t d'une r\u00e9mun\u00e9ration au moins \u00e9gale au double \nde la r\u00e9mun\u00e9ration normalement due pour une dur\u00e9e \u00e9 quivalente conform\u00e9ment aux dispositions de \nl'article L.3132-25-3 du code du travail. \n \n \nArticle 3 \nCette d\u00e9cision sera port\u00e9e par l'employeur \u00e0 la connaissance des salari\u00e9s de l'entreprise. \n \n \nFait \u00e0 Dijon, le 25 f\u00e9vrier 2025 \n \nPour le Pr\u00e9fet et par d\u00e9l\u00e9gation \nla directrice d\u00e9partementale \nde l'emploi, du travail et des solidarit\u00e9s \n \nSIGN\u00c9 \nArmelle L\u00c9ON \n \n \n \nVoies et d\u00e9lais de recours  : \nVoies de recours \nLa pr\u00e9sente d\u00e9cision peut \u00eatre contest\u00e9e dans un d\u00e9lai de deux mois \u00e0 compter de sa notification par voie \n- du recours gracieux aupr\u00e8s du signataire \n- du recours contentieux aupr\u00e8s du tribunal administratif de Dijon 22 rue d'Assas. Le tribunal administratif peut \u00eatre saisi d'un \nrecours d\u00e9pos\u00e9 via l'application t\u00e9l\u00e9recours citoyens accessible par le site internet www.telerecours.fr \nDirection d\u00e9partementale de l'emploi, du travail et des solidarit\u00e9s de C\u00f4te-d'Or - 21-2025-02-25-00001 - Arrete Derogation Repos\nDominical entreprise COLAS travaux GEVREY CHAMBERTIN 5\nDirection d\u00e9partementale des territoires de la\nC\u00f4te-d'Or\nService Pr\u00e9servation et Am\u00e9nagement de\nl'Espace (SPAE)\n21-2025-02-11-00005\nArr\u00eat\u00e9 pr\u00e9fectoral du 11 f\u00e9vrier 2025\nportant renouvellement du bureau de\nl'association fonci\u00e8re de remembrement\nde FONTAINE-FRANCAISE\nDirection d\u00e9partementale des territoires de la C\u00f4te-d'Or - 21-2025-02-11-00005 - Arr\u00eat\u00e9 pr\u00e9fectoral du 11 f\u00e9vrier 2025\nportant renouvellement du bureau de l'association fonci\u00e8re de remembrement\nde FONTAINE-FRANCAISE\n6\nExPREFETDE LACOTE-D'ORL,z'bert\u00e9Egalit\u00e9Fraternit\u00e9\nDirection d\u00e9partementale des territoires\nde la C\u00f4te-d'Or\nArr\u00eat\u00e9 pr\u00e9fectoral du 11 f\u00e9vrier 2025\nportant renouvellement du bureau de l'association fonci\u00e8re de remembrement \nde FONTAINE-FRANCAISE\nLe Pr\u00e9fet de la C\u00f4te-d'Or\nVU le code rural et de la p\u00eache maritime, notamment ses articles L121-1 \u00e0 L121-26 ; L123-1 \u00e0 \nL123-35 ; L131-1 et L133-1 \u00e0 L133-7 ; R131-1 et R133-1 \u00e0 R133-15 ;\nVU  l'arr\u00eat\u00e9  pr\u00e9fectoral  n\u00b0447/DDA  du  17  juillet  1973  relatif  \u00e0  la  constitution  d'une  \nassociation fonci\u00e8re de remembrement dans la commune de FONTAINE-FRANCAISE ;\nVU  l'arr\u00eat\u00e9  pr\u00e9fectoral  du  7  janvier  2019  dernier  en  date  portant  renouvellement  du \nbureau de l'association fonci\u00e8re de FONTAINE-FRANCAISE ;\nVU l'arr\u00eat\u00e9 n\u00b075/SG du 14 janvier  2025  donnant d\u00e9l\u00e9gation de signature \u00e0 Mme  Nadine \nMUCKENSTURM directrice d\u00e9partementale des territoires de la C\u00f4te-d'Or par int\u00e9rim;\nVU l'arr\u00eat\u00e9 pr\u00e9fectoral n\u00b081 du 20 janvier 2025 portant subd\u00e9l\u00e9gation de signature aux  \nagents de la direction d\u00e9partementale de la C\u00f4te-d'Or ;\nVU la d\u00e9lib\u00e9ration du conseil municipal en date du 2 d\u00e9cembre 2024  d\u00e9signant la moiti\u00e9  \ndes membres appel\u00e9s \u00e0 faire partie du nouveau bureau ;\nVU le  courrier  du  pr\u00e9sident  de  la  chambre  d'agriculture  en  date  du  10  f\u00e9vrier  2025  \nd\u00e9signant l'autre moiti\u00e9 des membres ;\nSUR proposition de la directrice d\u00e9partementale des territoires ;\nA R R \u00ca T E\nARTICLE 1  er   : \nSont  nomm\u00e9s  membres  du  bureau  de  l'association  fonci\u00e8re  de  remembrement  de  \nFONTAINE-FRANCAISE pour une p\u00e9riode de six ans :\n* le maire de la commune ou un conseiller municipal d\u00e9sign\u00e9 par lui ;\n1\nDirection d\u00e9partementale des territoires de la C\u00f4te-d'Or\n57 , rue de Mulhouse - BP 53317 - 21033 Dijon CEDEX\nT\u00e9l. : 03 80 29 44 44\nCourriel : ddt@cote-dor.gouv.fr - Site internet : \nhttp://www.cote-dor.gouv.fr\nDirection d\u00e9partementale des territoires de la C\u00f4te-d'Or - 21-2025-02-11-00005 - Arr\u00eat\u00e9 pr\u00e9fectoral du 11 f\u00e9vrier 2025\nportant renouvellement du bureau de l'association fonci\u00e8re de remembrement\nde FONTAINE-FRANCAISE\n7\n* les propri\u00e9taires dont les noms suivent\nd\u00e9sign\u00e9s par le conseil municipal d\u00e9sign\u00e9s par la chambre d'agriculture\nM. Fernand BRESSON M. Guillaume BECOURT\nM. Christophe CADET M. Marc GERARD\nM. J\u00e9r\u00f4me CADET M. Pierre JACQUINOT\nM. Daniel CAILLET M. S\u00e9bastien JACQUINOT\nM. Eric DAUTREY M. Daniel JOUFFROY\nM. Xavier DE CAUMONT LA FORCE M. Olivier JOYANDET\n* la directrice d\u00e9partementale des territoires de la C\u00f4te-d'Or ou son repr\u00e9sentant, avec  \nvoix consultative.\nARTICLE 2     :   \nLe bureau \u00e9lira en son sein le pr\u00e9sident charg\u00e9 de l'ex\u00e9cution de ses d\u00e9lib\u00e9rations ainsi que \nle vice-pr\u00e9sident et le secr\u00e9taire.\nARTICLE 3     : \nCette d\u00e9cision peut \u00eatre contest\u00e9e devant le tribunal administratif de Dijon dans un d\u00e9lai  \nde 2 mois \u00e0 compter de sa publication.\nARTICLE 4 : \nLa directrice d\u00e9partementale des territoires de la C\u00f4te-d'Or, le pr\u00e9sident de l'association  \nfonci\u00e8re de remembrement de FONTAINE-FRANCAISE et le maire de la commune de  \nFONTAINE-FRANCAISE sont charg\u00e9s, chacun en ce qui le concerne, de l'ex\u00e9cution des  \ndispositions du pr\u00e9sent arr\u00eat\u00e9 qui sera publi\u00e9 au recueil des actes administratifs de la  \npr\u00e9fecture, notifi\u00e9 \u00e0 chacun des membres de l'association fonci\u00e8re de remembrement et  \naffich\u00e9 dans la commune de FONTAINE-FRANCAISE.\nFait \u00e0 Dijon, le 11 f\u00e9vrier 2025\nPour le pr\u00e9fet et par d\u00e9l\u00e9gation,\nPour la directrice d\u00e9partementale par int\u00e9rim,\nle responsable du bureau nature, \nsites et \u00e9nergies renouvelables,\nSign\u00e9 : Laurent TISNE\n2\nDirection d\u00e9partementale des territoires de la C\u00f4te-d'Or - 21-2025-02-11-00005 - Arr\u00eat\u00e9 pr\u00e9fectoral du 11 f\u00e9vrier 2025\nportant renouvellement du bureau de l'association fonci\u00e8re de remembrement\nde FONTAINE-FRANCAISE\n8\nDirection d\u00e9partementale des territoires de la\nC\u00f4te-d'Or\nService S\u00e9curit\u00e9 et Education Routi\u00e8re\n21-2025-02-24-00003\nArr\u00eat\u00e9 Pr\u00e9fectoral N\u00b0347 Portant modification\nde l'arr\u00eat\u00e9 pr\u00e9fectoral n\u00b0191 portant\nd\u00e9placement d'office du bateau\n\u00ab\u00a0ANTICYTHERE\u00a0\u00bb immatricul\u00e9 LY00252F situ\u00e9\nau bief 57s du canal de Bourgogne au port de\nLONGVIC (21)\nDirection d\u00e9partementale des territoires de la C\u00f4te-d'Or - 21-2025-02-24-00003 - Arr\u00eat\u00e9 Pr\u00e9fectoral N\u00b0347 Portant modification de\nl'arr\u00eat\u00e9 pr\u00e9fectoral n\u00b0191 portant d\u00e9placement d'office du bateau \u00ab\u00a0ANTICYTHERE\u00a0\u00bb immatricul\u00e9 LY00252F situ\u00e9 au bief 57s du\ncanal de Bourgogne au port de LONGVIC (21)\n9\nExPREFETDE LACOTE-D'ORLibert\u00e9Egalit\u00e9Fraternit\u00e9\nDirection d\u00e9partementale des territoires\nde la C\u00f4te-d'Or\nService de la s\u00e9curit\u00e9 et de l'\u00e9ducation routi\u00e8re\nBureau de la s\u00e9curit\u00e9 routi\u00e8re\nArr\u00eat\u00e9 Pr\u00e9fectoral N\u00b0347\nPortant modification de l'arr\u00eat\u00e9 pr\u00e9fectoral n\u00b0191 portant d\u00e9placement d'office du bateau \n\u00ab ANTICYTHERE \u00bb immatricul\u00e9 LY00252F situ\u00e9 au bief 57s du canal de Bourgogne au port de \nLONGVIC (21)\nLe pr\u00e9fet de la r\u00e9gion Bourgogne-Franche-Comt\u00e9\nPr\u00e9fet de la C\u00f4te-d'Or\nVU le Code g\u00e9n\u00e9ral de la propri\u00e9t\u00e9 des personnes publiques notamment l'article L.1127-3 ;\nVU le Code des transports et notamment l'article L.4244-1 ; les articles R.4313-14 et suivants ; \nVU le  d\u00e9cret  n\u00b0  2004-374  du  29  avril  2004  modifi\u00e9  relatif  aux  pouvoirs  des  pr\u00e9fets,  \u00e0 \nl'organisation et \u00e0 l'action des services de l'\u00c9tat dans les r\u00e9gions et les d\u00e9partements ;\nVU le d\u00e9cret du 10 octobre 2024 portant nomination du pr\u00e9fet de la r\u00e9gion Bourgogne-\nFranche-Comt\u00e9, pr\u00e9fet de la C\u00f4te-d'Or - M. MOURIER (Paul) ;\nVU l'arr\u00eat\u00e9 pr\u00e9fectoral n\u00b01825 / SG du 29 novembre 2024 donnant d\u00e9l\u00e9gation de signature \u00e0  \nMonsieur  Olivier  GERSTL\u00c9,  sous-pr\u00e9fet,  directeur  de  cabinet  du  pr\u00e9fet  de  la  r\u00e9gion \nBourgogne-Franche-Comt\u00e9, pr\u00e9fet de la C\u00f4te-d'Or ;\nVU  l'arr\u00eat\u00e9  pr\u00e9fectoral  n\u00b0191  portant  d\u00e9placement  d'office  du  bateau  \u00ab ANTICYTHERE \u00bb \nimmatricul\u00e9 LY00252F situ\u00e9 au bief 57s du canal de Bourgogne au port de LONGVIC (21) ;\nSUR la proposition de Monsieur le directeur territorial Centre-Bourgogne de Voies navigables  \nde France ;\nARRETE\nDirection d\u00e9partementale des territoires de la C\u00f4te-d'Or\n57, rue de Mulhouse - BP 53317 - 21033 Dijon CEDEX\nT\u00e9l. : 03 80 29 44 44\nCourriel : ddt@cote-dor.gouv.fr\nDirection d\u00e9partementale des territoires de la C\u00f4te-d'Or - 21-2025-02-24-00003 - Arr\u00eat\u00e9 Pr\u00e9fectoral N\u00b0347 Portant modification de\nl'arr\u00eat\u00e9 pr\u00e9fectoral n\u00b0191 portant d\u00e9placement d'office du bateau \u00ab\u00a0ANTICYTHERE\u00a0\u00bb immatricul\u00e9 LY00252F situ\u00e9 au bief 57s du\ncanal de Bourgogne au port de LONGVIC (21)\n10\nArticle 1er : \nL'immatriculation du bateau portant la devise \u00ab  ANTICYTHERE \u00bb est modifi\u00e9e comme suit  : \nLY 002527 F.\nArticle 2 : \nLes autres articles restent inchang\u00e9s.\nArticle 3 : \nLe pr\u00e9sent arr\u00eat\u00e9 sera publi\u00e9 au recueil des actes administratifs de la Pr\u00e9fecture de la C\u00f4te-\nd'Or. \nLe pr\u00e9sent arr\u00eat\u00e9 peut faire l'objet d'un recours contentieux devant le tribunal administratif  \nde Dijon dans un d\u00e9lai de deux mois \u00e0 compter de sa publication. Un recours peut \u00eatre  \nd\u00e9pos\u00e9  via  l'application  \u00ab  T\u00e9l\u00e9recours  citoyens  \u00bb  accessible  par  le  site  internet  \nwww.telerecours.fr.\nCopie du pr\u00e9sent arr\u00eat\u00e9 sera transmise pour information \u00e0 :\n- Voies Navigables de France \u2013 Direction territoriale Centre Bourgogne\n- Brigade fluviale de Saint-Jean-de-Losne\n- Mairie de Longvic\nFait \u00e0 Dijon, le 24 f\u00e9vrier 2025\n    Le Pr\u00e9fet,\nPour le Pr\u00e9fet et par d\u00e9l\u00e9gation,\nLe directeur de cabinet\nSIGNE\n      Olivier GERSTL\u00c9\nDirection d\u00e9partementale des territoires de la C\u00f4te-d'Or\n57, rue de Mulhouse - BP 53317 - 21033 Dijon CEDEX\nT\u00e9l. : 03 80 29 44 44\nCourriel : ddt@cote-dor.gouv.fr\nDirection d\u00e9partementale des territoires de la C\u00f4te-d'Or - 21-2025-02-24-00003 - Arr\u00eat\u00e9 Pr\u00e9fectoral N\u00b0347 Portant modification de\nl'arr\u00eat\u00e9 pr\u00e9fectoral n\u00b0191 portant d\u00e9placement d'office du bateau \u00ab\u00a0ANTICYTHERE\u00a0\u00bb immatricul\u00e9 LY00252F situ\u00e9 au bief 57s du\ncanal de Bourgogne au port de LONGVIC (21)\n11\nDirection des services d\u00e9partementaux de\nl'\u00e9ducation nationale de C\u00f4te-d'Or\nService D\u00e9partemental \u00e0 la Jeunesse, \u00e0\nl'engagement et aux Sports\n21-2025-02-21-00007\nArr\u00eat\u00e9 pr\u00e9fectoral du 17 janvier 2025 portant\nmodification de la composition du coll\u00e8ge\nd\u00e9partemental consultatif du Fonds pour le\nD\u00e9veloppement de la Vie Associative de la C\u00f4te\nd'Or (FDVA)\nDirection des services d\u00e9partementaux de l'\u00e9ducation nationale de C\u00f4te-d'Or - 21-2025-02-21-00007 - Arr\u00eat\u00e9 pr\u00e9fectoral du 17 janvier\n2025 portant modification de la composition du coll\u00e8ge d\u00e9partemental consultatif du Fonds pour le D\u00e9veloppement de la Vie\nAssociative de la C\u00f4te d'Or (FDVA)\n12\nCOTE-D'ORLibert\u00e9Egalit\u00e9Fraternit\u00e9\nArr\u00eat\u00e9 pr\u00e9fectoral n\u00b02025-002/DSDEN/SDJES du 17 janvier 2025 portant modification de lacomposition du college d\u00e9partemental consultatif du Fonds pour le D\u00e9veloppement de la VieAssociative de la Cote d'Or (FDVA)Vu le d\u00e9cret n\u00b02004-374 du 29 avril 2004 modifi\u00e9 relatif aux pouvoirs des pr\u00e9fets, \u00e0 l'organisationet \u00e0 l'action des services de l'\u00c9tat dans les r\u00e9gions et d\u00e9partements ;Vu le d\u00e9cret n\u00b02018-460 du 8 juin 2018 relatif au fonds pour le d\u00e9veloppement de la vie associativeet notamment son article 7 ;Vu l'instruction n\u00b0 DJEPVA/SD1B/2018/075 du 15 mai 2018 relative au fonds pour le d\u00e9veloppementde la vie associative (FDVA) et \u00e0 l'utilisation de ses cr\u00e9dits d\u00e9concentr\u00e9s;Vu l'arr\u00eat\u00e9 pr\u00e9fectoral n\u00b018.331.BAG du 3 juillet 2018 portant nomination des membres de lacommission r\u00e9gionale consultative du fonds pour le d\u00e9veloppement de la vie associative (FDVA)de la r\u00e9gion de Bourgogne-Franche-Comt\u00e9 ;Vu les propositions du conseil d\u00e9partemental de C\u00f4te-d'Or, de l'association des maires de C\u00f4te-d'Or, du Mouvement associatif de Bourgogne-Franche-Comt\u00e9 ;Vu l'arr\u00eat\u00e9 pr\u00e9fectoral n\u00b0 2018-011/DDCS du 5 octobre 2018 portant nomination des membres ducoll\u00e8ge d\u00e9partemental consultatif de la commission r\u00e9gionale du Fonds pour le D\u00e9veloppementde la Vie Associative de la C\u00f4te-d'Or ;Vu l'arr\u00eat\u00e9 pr\u00e9fectoral n\u00b02021-003/DSDEN/SDJES du 25 f\u00e9vrier 2021 portant modification de lacomposition du coll\u00e8ge d\u00e9partemental consultatif du Fonds pour le D\u00e9veloppement de la VieAssociative de la C\u00f4te-d'Or;Vu le d\u00e9cret n\u00b02020-1542 du 9 d\u00e9cembre 2020 relatif aux comp\u00e9tences des autorit\u00e9s acad\u00e9miquesdans le domaine des politiques de la jeunesse, de l'\u00e9ducation populaire, de la vie associative, del'engagement civique et des sports et \u00e0 l'organisation des services charg\u00e9s de leur mise en \u0153uvreet notamment son article 13 ;Vu le d\u00e9cret du 10 octobre 2024 portant nomination du pr\u00e9fet de la r\u00e9gion Bourgogne-Franche-Comt\u00e9, pr\u00e9fet de la C\u00f4te-d'Or, Monsieur Paul MOURIER;Vu le d\u00e9cret du 28 septembre 2023 portant nomination de Monsieur David MULLER, inspecteurd'acad\u00e9mie, directeur acad\u00e9mique des services de l'\u00e9ducation nationale de la C\u00f4te-d'Or ;Vu la session ordinaire de 2021-2022 du S\u00e9nat ayant d\u00e9sign\u00e9 le 16 mars 2022 les s\u00e9nateurs membresdu coll\u00e8ge consultatif de la commission r\u00e9gionale du fonds pour le d\u00e9veloppement de la vieassociative ;Vu la session ordinaire 2024-2025 de l'Assembl\u00e9e nationale ayant d\u00e9sign\u00e9 le 6 d\u00e9cembre 2024 lesd\u00e9put\u00e9s membres du coll\u00e8ge consultatif de la commission r\u00e9gionale du fonds pour led\u00e9veloppement de la vie associative;Sur proposition de l'inspecteur d'acad\u00e9mie, directeur acad\u00e9mique des services d\u00e9partementauxde l'\u00e9ducation nationale de C\u00f4te-d'OrARR\u00caTEArticle 1 :Le Pr\u00e9fet de la C\u00f4te-d'Or ou son repr\u00e9sentant et l'inspecteur d'acad\u00e9mie, directeur acad\u00e9miquedes services de l'\u00e9ducation nationale de C\u00f4te-d'Or ou son repr\u00e9sentant, assurent la pr\u00e9sidence ducoll\u00e8ge d\u00e9partemental consultatif du FDVA pour la C\u00f4te-d'Or.Article 2 :Sont nomm\u00e9s membres du coll\u00e8ge d\u00e9partemental, en qualit\u00e9 de repr\u00e9sentants des maires descommunes et des pr\u00e9sidents des \u00e9tablissements publics de coop\u00e9ration intercommunale,d\u00e9sign\u00e9s par l'association des maires de la C\u00f4te-d'Or :. Madame Nathalie KOENDERS, Maire de Dijon ou son repr\u00e9sentant;\n \n   \n \n \n \n \n \n \nDirection des services d\u00e9partementaux de l'\u00e9ducation nationale de C\u00f4te-d'Or - 21-2025-02-21-00007 - Arr\u00eat\u00e9 pr\u00e9fectoral du 17 janvier\n2025 portant modification de la composition du coll\u00e8ge d\u00e9partemental consultatif du Fonds pour le D\u00e9veloppement de la Vie\nAssociative de la C\u00f4te d'Or (FDVA)\n13\n- Monsieur Denis MAILLER, Maire de Norges-la-Ville ou son repr\u00e9sentant;- Monsieur Pascal BORTOT, Maire de Saulon-la-Chapelle, ou son repr\u00e9sentant.Article 3 :Est nomm\u00e9 membre du coll\u00e8ge d\u00e9partemental, en qualit\u00e9 de repr\u00e9sentant du conseild\u00e9partemental d\u00e9sign\u00e9 par le Pr\u00e9sident du conseil d\u00e9partemental de la C\u00f4te-d'Or :- Monsieur Jean-Pierre REBOURGEON, Vice-Pr\u00e9sident du conseil d\u00e9partemental de la C\u00f4te-d'Or.Article 4 :Sont nomm\u00e9s membres du coll\u00e8ge d\u00e9partemental, en qualit\u00e9 de personnalit\u00e9s qualifi\u00e9es, en raisonde leur engagement et de leur comp\u00e9tence reconnus en mati\u00e8re associative :- Madame Marion BAGNARD, Ligue de l'Enseignement de la C\u00f4te-d'Or;- Madame Corinne MOLINA, F\u00e9d\u00e9ration r\u00e9gionale Rempart Bourgogne-Franche-Comt\u00e9;- Madame Sandrine CARBONEL, F\u00e9d\u00e9ration R\u00e9gionale des MJC Bourgogne-Franche-Comt\u00e9;- Monsieur Bernard TERMELET, Comit\u00e9 D\u00e9partemental Olympique et Sportif de la C\u00f4te-d'Or.Article 5Sont d\u00e9sign\u00e9s membres du college d\u00e9partemental, en qualit\u00e9 de parlementaires :- Madame Oc\u00e9ane GODARD, d\u00e9put\u00e9e de la premi\u00e8re circonscription de la C\u00f4te-d'Or, membretitulaire;- Madame Catherine HERVIEU, d\u00e9put\u00e9e de la deuxi\u00e8me circonscription de C\u00f4te-d'Or, membresuppl\u00e9ante;- Monsieur Ren\u00e9 LIORET, d\u00e9put\u00e9 de la cinqui\u00e8me circonscription de C\u00f4te-d'Or, membre titulaire;- Monsieur Pierre PRIBETICH, d\u00e9put\u00e9 de la troisi\u00e8me circonscription de C\u00f4te-d'Or, membresuppl\u00e9ant;- Madame Anne-Catherine LOISIER, s\u00e9natrice, membre titulaire- Monsieur Fran\u00e7ois PATRIAT, s\u00e9nateur, membre titulaire;- Monsieur Alain HOUPERT, s\u00e9nateur, membre suppl\u00e9ant.Article 6 :Les membres d\u00e9sign\u00e9s du coll\u00e8ge d\u00e9partemental consultatif sont nomm\u00e9s pour une dur\u00e9e de cingans. Leur mandat est renouvelable.Article 7 :Le secr\u00e9taire g\u00e9n\u00e9ral de la pr\u00e9fecture de la C\u00f4te-d'Or est charg\u00e9 de l'ex\u00e9cution du pr\u00e9sent arr\u00eat\u00e9qui sera publi\u00e9 au recueil des actes administratifs de la pr\u00e9fecture.\nLe Pr\u00e9fet de la r\u00e9gion Bourgogne-Franche-Comt\u00e9,Pr\u00e9fet de la C\u00f4te-d'Or,Sign\u00e9Paul MOURIER\n \n  \n \n \n \n  \n \n \n \n \n \n \n \n \n  \n \n \n \n  ;\n \n  \n \nDirection des services d\u00e9partementaux de l'\u00e9ducation nationale de C\u00f4te-d'Or - 21-2025-02-21-00007 - Arr\u00eat\u00e9 pr\u00e9fectoral du 17 janvier\n2025 portant modification de la composition du coll\u00e8ge d\u00e9partemental consultatif du Fonds pour le D\u00e9veloppement de la Vie\nAssociative de la C\u00f4te d'Or (FDVA)\n14\nPr\u00e9fecture de la C\u00f4te-d'Or\n21-2025-02-24-00002\nArr\u00eat\u00e9 fixant le co\u00fbt moyen, par \u00e9l\u00e8ve, des\n\u00e9coles maternelles et \u00e9l\u00e9mentaires publiques du\nd\u00e9partement de la C\u00f4te-d'Or - Exercice\nbudg\u00e9taire 2023\nPr\u00e9fecture de la C\u00f4te-d'Or - 21-2025-02-24-00002 - Arr\u00eat\u00e9 fixant le co\u00fbt moyen, par \u00e9l\u00e8ve, des \u00e9coles maternelles et \u00e9l\u00e9mentaires\npubliques du d\u00e9partement de la C\u00f4te-d'Or - Exercice budg\u00e9taire 2023 15\nExPREFETDE LACOTE-D'ORLibert\u00e9Egalit\u00e9Fraternit\u00e9\nDIRECTION DES COLLECTIVIT\u00c9S LOCALES ET DES \u00c9LECTIONS\nBUREAU DES COLLECTIVIT\u00c9S LOCALES\nP\u00f4le finances locales\nAffaire suivie par Sandrine RICHARD                  \nT\u00e9l :03.80.44.66.15\nm\u00e9l :pref-bfl@cote-dor.gouv.fr\nArr\u00eat\u00e9 \nFixant le co\u00fbt moyen, par \u00e9l\u00e8ve, des \u00e9coles maternelles et \u00e9l\u00e9mentaires publiques \ndu d\u00e9partement de la C\u00f4te-d'Or \nExercice budg\u00e9taire 2023 \nLe pr\u00e9fet de la r\u00e9gion Bourgogne-Franche-Comt\u00e9\nPr\u00e9fet de la C\u00f4te-d'Or\nVU le Code de l'\u00c9ducation et notamment ses articles L. 212-8  et L.442-5-1;\nVU la loi n\u00b02009-1312 du 28 octobre 2009 tendant \u00e0 garantir la parit\u00e9 de financement entre les \u00e9coles  \n\u00e9l\u00e9mentaires  publiques  et  priv\u00e9es  sous  contrat  d'association  lorsqu'elles  accueillent  des  \u00e9l\u00e8ves \nscolaris\u00e9s hors de leur commune de r\u00e9sidence ;\nVU la circulaire n\u00b02012-025 du 15 f\u00e9vrier 2012 relative aux r\u00e8gles de prise en charge par les communes  \ndes d\u00e9penses de fonctionnement des \u00e9coles priv\u00e9es sous contrat ;\nVU le  d\u00e9cret  n\u00b02019-1555  du  30  d\u00e9cembre  2019  relatif  \u00e0  l'abaissement  de  l'\u00e2ge  de  l'instruction \nobligatoire ;\nVU  la  lettre-circulaire  adress\u00e9e  le  18  d\u00e9cembre  2023, \u00e0  l'ensemble  des  maires  et  pr\u00e9sidents \nd'\u00e9tablissements  publics  de  coop\u00e9ration  intercommunale  \u00e0  comp\u00e9tence  scolaire  concern\u00e9s  de  la \nC\u00f4te-d'Or, afin d'obtenir, aupr\u00e8s de chacune de ces collectivit\u00e9s, les donn\u00e9es chiffr\u00e9es n\u00e9cessaires au  \ncalcul du co\u00fbt moyen par \u00e9l\u00e8ve des \u00e9coles maternelles et \u00e9l\u00e9mentaires publiques du d\u00e9partement,  \nconstat\u00e9 au cours de l'exercice budg\u00e9taire 2022 ;\nSUR proposition du secr\u00e9taire g\u00e9n\u00e9ral de la pr\u00e9fecture de la C\u00f4te-d'Or ;\nARR\u00caTE\nArticle 1er : Le co\u00fbt moyen, par \u00e9l\u00e8ve, des classes maternelles publiques du d\u00e9partement de la C\u00f4te-\nd'Or constat\u00e9 au cours de l'exercice budg\u00e9taire 2023 est fix\u00e9 \u00e0 1 529,12 \u20ac.\nArticle 2 : Le co\u00fbt moyen, par \u00e9l\u00e8ve, des classes \u00e9l\u00e9mentaires publiques du d\u00e9partement de la C\u00f4te-\nd'Or constat\u00e9 au cours de l'exercice budg\u00e9taire 2023 est fix\u00e9 \u00e0 563,09 \u20ac.\nPr\u00e9fecture de la C\u00f4te-d'Or  - 53 rue de la Pr\u00e9fecture - 21041 DIJON cedex\nt\u00e9l : 03 80 44 64 00 - Fax : 03 80 30 65 12 - m\u00e8l : pref-bfl@cote-dor.gouv.fr\nSite internet : http://www.cote-dor.gouv.fr\n1/2\nPr\u00e9fecture de la C\u00f4te-d'Or - 21-2025-02-24-00002 - Arr\u00eat\u00e9 fixant le co\u00fbt moyen, par \u00e9l\u00e8ve, des \u00e9coles maternelles et \u00e9l\u00e9mentaires\npubliques du d\u00e9partement de la C\u00f4te-d'Or - Exercice budg\u00e9taire 2023 16\nArticle 3 : Le secr\u00e9taire g\u00e9n\u00e9ral de la pr\u00e9fecture de la C\u00f4te d'Or, le sous-pr\u00e9fet de Beaune et le sous-\npr\u00e9fet de Montbard sont charg\u00e9s, chacun en ce qui le concerne, de l'ex\u00e9cution du pr\u00e9sent arr\u00eat\u00e9 qui  \nsera publi\u00e9 au recueil des actes administratifs de la pr\u00e9fecture de la C\u00f4te d'Or.\nFait \u00e0 Dijon, le 24 f\u00e9vrier 2025\nLe pr\u00e9fet,\n Pour le pr\u00e9fet et par d\u00e9l\u00e9gation,\nLe secr\u00e9taire g\u00e9n\u00e9ral\nSign\u00e9 : Denis BRUEL\nPr\u00e9fecture de la C\u00f4te-d'Or  - 53 rue de la Pr\u00e9fecture - 21041 DIJON cedex\nt\u00e9l : 03 80 44 64 00 - Fax : 03 80 30 65 12 - m\u00e8l : pref-bfl@cote-dor.gouv.fr\nSite internet : http://www.cote-dor.gouv.fr\n2/2\nPr\u00e9fecture de la C\u00f4te-d'Or - 21-2025-02-24-00002 - Arr\u00eat\u00e9 fixant le co\u00fbt moyen, par \u00e9l\u00e8ve, des \u00e9coles maternelles et \u00e9l\u00e9mentaires\npubliques du d\u00e9partement de la C\u00f4te-d'Or - Exercice budg\u00e9taire 2023 17\nPr\u00e9fecture de la C\u00f4te-d'Or\nDirection des s\u00e9curit\u00e9s\n21-2025-02-24-00001\nArr\u00eat\u00e9 pr\u00e9fectoral N\u00b0342\nautorisant la captation, l'enregistrement et la\ntransmission d'images\nau moyen de cam\u00e9ras install\u00e9es sur des a\u00e9ronefs\nPr\u00e9fecture de la C\u00f4te-d'Or - 21-2025-02-24-00001 - Arr\u00eat\u00e9 pr\u00e9fectoral N\u00b0342\nautorisant la captation, l'enregistrement et la transmission d'images\nau moyen de cam\u00e9ras install\u00e9es sur des a\u00e9ronefs\n18\nPr\u00e9fecture de la C\u00f4te-d'Or - 21-2025-02-24-00001 - Arr\u00eat\u00e9 pr\u00e9fectoral N\u00b0342\nautorisant la captation, l'enregistrement et la transmission d'images\nau moyen de cam\u00e9ras install\u00e9es sur des a\u00e9ronefs\n19\nSUR proposition de monsieur le directeur de cabinet du pr\u00e9fet de la r\u00e9gion Bourgogne-Franche-Comt\u00e9,pr\u00e9fet de la C\u00f4te-d'Or,\nARR\u00caTE\nArticle 1er : La captation, I'enregistrement et la transmission d'images par le groupement de gendarmeried\u00e9partementale de la C\u00f4te-d'Or, est autoris\u00e9e pour le secours aux personnes.\nArticle 2 : Le nombre maximal de cam\u00e9ras pouvant proc\u00e9der simultan\u00e9ment aux traitements mentionn\u00e9s\u00e0 l'article 1\u00b0\" est fix\u00e9 \u00e0 deux, install\u00e9es sur des a\u00e9ronefs dont les r\u00e9f\u00e9rences et immatriculations sont list\u00e9esci-dessous :- drone MAVIC 3T n\u00b01581F5F/723CDO0AZOKG- H\u00e9licopt\u00e8re EC 135 n\u00b0797 immatricul\u00e9 FMJDI\nArticle 3 : La pr\u00e9sente autorisation est limit\u00e9e au p\u00e9rim\u00e8tre g\u00e9ographique du d\u00e9partement de la C\u00f4te-d'Or.\nArticle 4: La pr\u00e9sente autorisation est d\u00e9livr\u00e9e pour une dur\u00e9e de trois mois, du 1 mars 2025 au31 mai 2025.\nArticle 5 : Le registre mentionn\u00e9 \u00e0 l'article L. 242-4 du code de la s\u00e9curit\u00e9 int\u00e9rieure est transmis aurepr\u00e9sentant de l'Etat dans le d\u00e9partement \u00e0 l'issue de la p\u00e9riode d'utilisation.\nArticle 6 : Le pr\u00e9sent arr\u00eat\u00e9 est publi\u00e9 au recueil des actes administratifs de la pr\u00e9fecture et peut fairel'objet d'un recours contentieux devant le tribunal administratif de Dijon dans un d\u00e9lai de deux mois \u00e0compter de sa publication.\nArticle 7 : Le directeur de cabinet du pr\u00e9fet de la r\u00e9gion Bourgogne-Franche-Comt\u00e9, pr\u00e9fet de la C\u00f4te-d'Or, le secr\u00e9taire g\u00e9n\u00e9ral de la pr\u00e9fecture de la C\u00f4te-d'Or et le g\u00e9n\u00e9ral commandant la r\u00e9gion degendarmerie de Bourgogne-Franche-Comt\u00e9, commandant le groupement de gendarmeried\u00e9partementale de la C\u00f4te-d'Or sont charg\u00e9s, chacun en ce qui le concerne, de l'ex\u00e9cution du pr\u00e9sentarr\u00eat\u00e9 qui sera adress\u00e9 pour copie \u00e0 monsieur le procureur de la R\u00e9publique pr\u00e8s le tribunal judiciaire deDijon.\nFait \u00e0 Dijon, le 24 f\u00e9vrier 2025Le pr\u00e9fet,Pour le pr\u00e9fet et par d\u00e9l\u00e9gation,Le sous-pr\u00e9fet, directeur de cabinet,original sign\u00e9Olivier GERSTL\u00c9\nPr\u00e9fecture de la C\u00f4te-d'Or - 21-2025-02-24-00001 - Arr\u00eat\u00e9 pr\u00e9fectoral N\u00b0342\nautorisant la captation, l'enregistrement et la transmission d'images\nau moyen de cam\u00e9ras install\u00e9es sur des a\u00e9ronefs\n20\nPr\u00e9fecture de la C\u00f4te-d'Or\nSecr\u00e9tariat G\u00e9n\u00e9ral\n21-2025-02-19-00003\nArr\u00eat\u00e9 pr\u00e9fectoral n\u00b0341 portant extension de\ncapacit\u00e9 du Centre d'accueil pour demandeurs\nd'asile (CADA) de C\u00f4te-d'Or g\u00e9r\u00e9 par\nl'association COALLIA\nPr\u00e9fecture de la C\u00f4te-d'Or - 21-2025-02-19-00003 - Arr\u00eat\u00e9 pr\u00e9fectoral n\u00b0341 portant extension de capacit\u00e9 du Centre d'accueil pour\ndemandeurs d'asile (CADA) de C\u00f4te-d'Or g\u00e9r\u00e9 par l'association COALLIA 21\nPREFET Direction d\u00e9partementaleDE LA de l'emploi, du travail et des solidarit\u00e9sCOTE-D'ORLibert\u00e9Egalit\u00e9Fraternit\u00e9\nArr\u00eat\u00e9 pr\u00e9fectoral n\u00b0 341portant extension de capacit\u00e9du Centre d'accueil pour demandeurs d'asile (CADA) de C\u00f4te-d'Org\u00e9r\u00e9 par l'association COALLIALe pr\u00e9fet de la C\u00f4te-d'Or,VU le Code de l'entr\u00e9e et du s\u00e9jour des \u00e9trangers et du droit d'asile (CESEDA);VU le Code de l'action sociale et des familles (CASF);VU la loi n\u00b0 2006-911 du 24 juillet 2006 relative \u00e0 I'immigration et \u00e0 l'int\u00e9gration;VU la loi n\u00b0 2009-879 du 21 juillet 2009 portant r\u00e9forme de l'h\u00f4pital et relative aux patients, \u00e0 la sant\u00e9et aux territoires;VU la loi n\u00b0 2015-925 du 29 juillet 2015 relative \u00e0 la r\u00e9forme du droit d'asile;VU la loi n\u00b0 2018-778 du 10 septembre 2018 pour une immigration maitris\u00e9e, Un droit d'asile effectif etune int\u00e9gration r\u00e9ussie;VU la loi n\u00b0 2024-42 du 26 janvier 2024 pour contr\u00f4ler l'immigration, am\u00e9liorer l'int\u00e9gration;VU le d\u00e9cret n\u00b0 2015-1898 du 30 d\u00e9cembre 2015 relatif aux conventions conclues entre les centresd'accueil pour demandeurs d'asile et l'Etat et aux relations avec les usagers, modifiant le code del'action sociale et des familles;VU le d\u00e9cret du 10 octobre 2024 portant nomination du pr\u00e9fet de la r\u00e9gion Bourgogne-Franche-Comt\u00e9, pr\u00e9fet de la C\u00f4te-d'Or - M. MOURIER (Paul);VU l'arr\u00eat\u00e9 minist\u00e9riel NOR INTV1916144A du 19 juin 2019 relatif au cahier des charges des centresd'accueil pour demandeurs d'asile;VU l'arr\u00e9t\u00e9 NOR CITC2212434A du 13 mai 2022 pris en application de l'article L. 551-1 du code del'entr\u00e9e et du s\u00e9jour des \u00e9trangers et du droit d'asile;VU l'arr\u00e9t\u00e9 pr\u00e9fectoral n\u00b0 11153 du 18 octobre 2021 portant renouvellement d'autorisation des Centresd'accueil pour demandeurs d'asile (CADA) de C\u00f4te-d'Or g\u00e9r\u00e9s par l'association COALLIA;\nDDETS - www.cote-dor.gouv.fr- P\u00f4le Travail et entreprises - P\u00f4le Solidarit\u00e9s- P\u00f4le Emploi et coh\u00e9sion territoriale Cit\u00e9 administrative Dampierre21 Boulevard Voltaire 6 rue Chancelier de l'HospitalBP 81110- 21000 DIJON BP 15381- 21053 DIJON Cedextel: 03 80 76 99 10 tel: 03 80 68 30 00\n \n  \n \n  \n \n \n \n \n \n \n \n \n \n \n \n \n \nPr\u00e9fecture de la C\u00f4te-d'Or - 21-2025-02-19-00003 - Arr\u00eat\u00e9 pr\u00e9fectoral n\u00b0341 portant extension de capacit\u00e9 du Centre d'accueil pour\ndemandeurs d'asile (CADA) de C\u00f4te-d'Or g\u00e9r\u00e9 par l'association COALLIA 22\nPage 2 sur 2VU l'arr\u00e9t\u00e9 pr\u00e9fectoral n\u00ae 1286 du 7 ao\u00fbt 2023 portant extension de capacit\u00e9 du Centre d'accueil pourdemandeurs d'asile (CADA) de C\u00f4te-d'Or g\u00e9r\u00e9 par l'association COALLIAVU l'arr\u00e9t\u00e9 pr\u00e9fectoral n\u00b0 1824 / SG du 29 novembre 2024 donnant d\u00e9l\u00e9gation de signature \u00e0 MonsieurDenis BRUEL, secr\u00e9taire g\u00e9n\u00e9ral de la pr\u00e9fecture de la C\u00f4te-d'Or;VU |la note minist\u00e9rielle du 13 novembre 2024 relative \u00e0 un plan d'\u00e9conomie sur le parc d'h\u00e9bergementdes demandeurs d'asile et des r\u00e9fugi\u00e9s;SUR proposition de la directrice d\u00e9partementale de I'Emploi, du Travail et des Solidarit\u00e9s;ARR\u00caTEArticle1L'autorisation pr\u00e9vue \u00e0 l'article L. 313-1 du code de l'action sociale et des familles est d\u00e9livr\u00e9e \u00e0l'association COALLIA pour l'extension de 30 places du CADA COALLIA - site des Ateliers \u00e0 Dijon.Cette autorisation prend effet \u00e0 compter du 01/02/2025.La cr\u00e9ation des 30 places de CADA est r\u00e9alis\u00e9e par la transformation de 30 places d''HUDA sur le m\u00eamesite. Cette extension porte la capacit\u00e9 du CADA COALLIA - site des Ateliers \u00e0 Dijon de 85 \u00e0 115 places.La capacit\u00e9 totale du CADA COALLIA DE COTE-D'OR est ainsi port\u00e9e \u00e0 530 places.Article2Les nouvelles caract\u00e9ristiques de l'\u00e9tablissement seront r\u00e9pertori\u00e9es dans le fichier national des\u00e9tablissements sanitaires et sociaux (FINESS).Article 3Tout changement important dans l'activit\u00e9, l'installation, l'organisation, la direction ou efonctionnement de |'\u00e9tablissement par rapport aux caract\u00e9ristiques prises en consid\u00e9ration pour sonautorisation devra \u00eatre port\u00e9 a la connaissance du pr\u00e9fet de la C\u00f4te-d'Or.Article 4Le secr\u00e9taire g\u00e9n\u00e9ral de la pr\u00e9fecture et la directrice d\u00e9partementale de I'Emploi du Travail et desSolidarit\u00e9s sont en charge, chacun en ce qui le concerne, de l'ex\u00e9cution du pr\u00e9sent arr\u00eat\u00e9 qui serapubli\u00e9 au recueil des actes administratifs de la pr\u00e9fecture.Fait \u00e0 Dijon, le 19 f\u00e9vrier 2025Pour le pr\u00e9fet et par d\u00e9l\u00e9gation,Le secr\u00e9taire g\u00e9n\u00e9ral,SIGNEDenis BRUELVoies et d\u00e9lais de recours :La pr\u00e9sente d\u00e9cision peut \u00eatre contest\u00e9e dans un d\u00e9lai de deux mois \u00e0 compter de sa notification par voie :du recours gracieux aupr\u00e8s du signataire;du recours contentieux aupres du tribunal administratif de Dijon, 22 rue d'Assas. Le tribunal administratif peut \u00eatre saisid'un recours d\u00e9pos\u00e9 via l'application t\u00e9l\u00e9recours citoyens accessible par le site internet www.telerecours.fr.DDETS - www.cote-dor.gouv.fr- P\u00f4le Travail et entreprises - P\u00f4le Solidarit\u00e9s- P\u00f4le Emploi et coh\u00e9sion territoriale Cit\u00e9 administrative Dampierre21 boulevard Voltaire 6 rue Chancelier de l'HospitalBP 81110- 21000 DIJON BP 15381- 21053 DIJON Cedextel: 03 80 76 99 10 tel: 03 80 68 30 00\n \n \n \n  \n ; \n \n \n \n \n \n \n- \n  \n- \nPr\u00e9fecture de la C\u00f4te-d'Or - 21-2025-02-19-00003 - Arr\u00eat\u00e9 pr\u00e9fectoral n\u00b0341 portant extension de capacit\u00e9 du Centre d'accueil pour\ndemandeurs d'asile (CADA) de C\u00f4te-d'Or g\u00e9r\u00e9 par l'association COALLIA 23","date":"2025-02-26","first_seen_on":"2025-09-14T01:03:09+00:00","id":"d582da1d257e16400a43deb67a6d654e57ef61e84b671a51d3cadd0405101c54","name":"RAA n\u00b0 032 du 26 f\u00e9vrier 2025","pdf_creation_date":"2025-02-26T15:04:15+00:00","pdf_modification_date":null,"timezone":"Europe/Paris","url":"https://www.cote-dor.gouv.fr/contenu/telechargement/22898/174769/file/recueil-21-2025-032-recueil-des-actes-administratifs-special.pdf"}
