{"administration":"pref92","administration_name":"Pr\u00e9fecture des Hauts-de-Seine","content":"PREFET\nDES  HAUTS-DE-SEINE\nLibert\u00e9\n\u00c9galit\u00e9\nFraternit\u00e9 1  \n \n \n \n \nRECUEIL  \n  \nDES  \n \nACTES ADMINISTRATIFS  \n \nPR\u00c9FECTURE DE POLICE  \n \nCabinet du Pr\u00e9fet  \n \n \n \n \n  \n \n \n \n \nN\u00b0 Sp\u00e9cial                                             31 octobre 2024  \n\n 2  \nPREFET DES HAUTS -DE-SEINE  \n \nRECUEIL DES ACTES ADMINISTRATIFS  \n \nN\u00b0 Sp \u00e9cial  Pr\u00e9fecture de Police du 31 octobre 2024 \n \nSOMMAIRE  \n \nArr\u00eat\u00e9 s, \nannexes  Date s PR\u00c9FECTURE DE POLICE  Page s \nPP \nn\u00b0 2024 -01455  01.10.2024  Arr\u00eat\u00e9 accordant d\u00e9l\u00e9gation de la signature \npr\u00e9fectorale \u00e0 la pr\u00e9f\u00e8te d\u00e9l\u00e9gu\u00e9e \u00e0 l'immigration \net aux agents affect\u00e9s au sein de la d\u00e9l\u00e9gation \u00e0 \nl'immigration  6 \nPP \nn\u00b0 2024 -01496  07.10.2024  Arr\u00eat\u00e9 accordant d\u00e9l\u00e9gation de la signature \npr\u00e9fectorale au sein de la brigade de sapeurs -\npompiers de Paris  13 \nPP \nn\u00b0 2024 -01503  10.10.2024  Arr\u00eat\u00e9  instituant un p\u00e9rim\u00e8tre au sein duquel la \npr\u00e9sence de certaines cat\u00e9gories de supporters est \nr\u00e9glement\u00e9e et instaurant certaines mesures de \npolice \u00e0 l'occasion de la rencontre de football de \nLigue des Champions du mardi 22 octobre 2024 \nentre les \u00e9quipes du PARIS SAINT -GERMAIN et \ndu Philips Sport Vereniging EINDHOVEN au \nParc des Princes  20 \nAnnexe s de l'arr\u00eat\u00e9 n\u00b02024 -01503  du 10 octobre 2024 : Voies et d\u00e9lais de recours  23-24 \nPP \nn\u00b0 2024 -01504  10.10.2024  Arr\u00eat\u00e9 autorisant la captation, l'enregistrement et \nla transmission d'images au moyen de cam\u00e9ras \ninstall\u00e9es sur des a\u00e9ronefs \u00e0 Paris \u00e0 l'occasion \nd'une op\u00e9ration de contr\u00f4le routier \u00e0 Colombes \n(92) le 17 octobre 2024  25 \nAnnexe s de l'arr\u00eat\u00e9 n\u00b0 2024 -01504 du 10 octobre 2024 : Voies et d\u00e9lais  de recours  27-28 \nPP \nn\u00b0 2024 -01506  11.10.2024  Arr\u00eat\u00e9 portant d\u00e9l\u00e9gation de la signature \npr\u00e9fectorale au sein du service des affaires \njuridiques et du contentieux et habilitant certains \nde ses agents \u00e0 repr\u00e9senter le pr\u00e9fet de police \ndevant les juridictions  29 \n 3 PP \nn\u00b0 2024 -01528  16.10.2024   \nArr\u00eat\u00e9 portant mesures de polices applicables \u00e0 \nParis \u00e0 l'occasion du Mondial de l'auto le 17 \noctobre 2024  \n 33 \nAnnexe s de l'arr\u00eat\u00e9 n\u00b02024 -01528  du 16 octobre 2024  36-37 \nPP \nn\u00b0 2024 -1529  16.10.2024  Arr\u00eat\u00e9 autorisant la captation, l'enregistrement et \nla transmission d'images au moyen de cam\u00e9ras \ninstall\u00e9es sur des a\u00e9ronefs \u00e0 l'occasion du Mondial \nde l'auto le 17 octobre 2024   \n \n38 \n \nAnnexe s de l'arr\u00eat\u00e9 n\u00b02024 -01529  du 16 octobre 2024  40-41 \nPP \nn\u00b0 2024 -01531  16.10.2024  Arr\u00eat\u00e9 accordant d\u00e9l\u00e9gation de la signature \npr\u00e9fectorale au sein de la direction des usagers et \ndes polices administratives et des services qui lui \nsont rattach\u00e9s  42 \nPP \nn\u00b0 2024 -01538  18.10.2024  Arr\u00eat\u00e9 autorisant la captation, l'enregistrement et \nla transmission d'images au moyen  de cam\u00e9ras \ninstall\u00e9es sur des a\u00e9ronefs police  \u00e0 l'occasion de \nla 8\u00e8me journ\u00e9e du championnat de France de \nfootball de Ligue 1 au Parc des Princes le samedi \n19 octobre 2024  53 \nAnnexes de l'arr\u00eat\u00e9 n\u00b02024 -01538  du 18 octobre 2024  56-57 \nPP \nn\u00b0 2024 -01539  18.10.2024  Arr\u00eat\u00e9 autorisant la captation, l'enregistrement et \nla transmission d'images au moyen  de cam\u00e9ras \ninstall\u00e9es sur des a\u00e9ronefs police \u00e0 l'occasion de \nla 3\u00e8me journ\u00e9e de la Ligue des Champions de \nfootball au Parc des Princes le mardi 22 octobre \n2024  58 \nAnnexes de l'arr\u00eat\u00e9 n\u00b02024 -01539  du 18 octobre 2024  61-62 \nPP \nn\u00b0 2024 -01545  22.10.2024  Arr\u00eat\u00e9 accordant d\u00e9l\u00e9gation de la signature \npr\u00e9fectorale au sein de  \nla direction de la s\u00e9curit\u00e9 de proximit\u00e9 de \nl'agglom\u00e9ration parisienne  63 \n 4 PP \nn\u00b0 2024 -01546  22.10.2024  Arr\u00eat\u00e9 portant composition des jurys pour les \nexamens de certification  \n\u00e0 la P\u00e9dagogie Appliqu\u00e9e \u00e0 l'Emploi de \nFormateur aux Premiers Secours (PAE -FPS)  \net \u00e0 la P\u00e9dagogie Appliqu\u00e9e \u00e0 l'Emploi de \nFormateur en Pr\u00e9vention et Secours Civiques  \n(PAE -FPSC) \u00e0 Paris et dans les d\u00e9partements des \nHauts de Sein e, de la Seine -Saint -Denis et du Val \nde Marne  76 \nAnnexe 1  : Exemple de d\u00e9cision de composition des jurys commun \u00e0 la PAE -FPS et \n\u00e0 la PAE -FPSC  78 \nPP \nn\u00b0 2024 -01548  23.10.2024  Arr\u00eat\u00e9 accordant d\u00e9l\u00e9gation de la signature \npr\u00e9fectorale au sein de la direction de \nl'immobilier et de l'environnement  79 \nPP \nn\u00b0 2024 -01549  23.10.2024  Arr\u00eat\u00e9 relatif aux missions et \u00e0 l'organisation  \nde la direction des finances, de la commande \npublique et de la performance  95 \nPP \nn\u00b0 2024 -01559  28.10.2024  Arr\u00eat\u00e9 autorisant la captation, l'enregistrement et \nla transmission d'images au moyen de cam\u00e9ras \ninstall\u00e9es sur des a\u00e9ronefs \u00e0 l'occasion de la \n10\u00e8me journ\u00e9e du championnat de France de \nfootball de Ligue 1 au Parc des Princes le samedi \n2 novembre 2024  100 \nAnnexes de l'arr\u00eat\u00e9 n\u00b02024 -01559  du 28 octobre 2024  103-\n104 \nPP \nn\u00b0 2024 -01560  28.10.2024  Arr\u00eat\u00e9 instituant un p\u00e9rim\u00e8tre de protection et \ndiff\u00e9rentes mesures de police \u00e0 l'occasion de la \n10\u00e8me journ\u00e9e du championnat de France de \nfootball de Ligue 1 au Parc des Princes le samedi \n2 novembre 2024  105 \nAnnexes de l'arr\u00eat\u00e9 n\u00b02024 -01560  du 28 octobre 2024  110-\n111 \nPP \nn\u00b0 2024 -01573  30.10.2024  Arr\u00eat\u00e9 r\u00e9glementant temporairement l'acquisition \net la d\u00e9tention des artifices de divertissement et \narticles pyrotechniques du 31 octobre au 1er \nnovembre 2024 \u00e0 Paris et dans les d\u00e9partements \ndes Hauts -de-Seine, de la Seine -Saint -Denis et du \nVal-de-Marne \u00e0 l'occasion de la f\u00eate d'Halloween  112 \nAnnexe de l'arr\u00eat\u00e9 n\u00b02024 -01573  du 30 octobre 2024 : Voies et d\u00e9lais de recours  114 \n 5 PP \nn\u00b0 2024 -01574  30.10.2024  Arr\u00eat\u00e9 r\u00e9glementant temporairement le transport \net la distribution de carburant dans des conteneurs \nindividuels du 31 octobre au 1er novembre 2024 \u00e0 \nParis et dans les d\u00e9partements des Hauts -de-Seine, \nde la Seine -Saint -Denis et du Val -de-Marne \u00e0 \nl'occasion de la f\u00eate d'Hallowe en 115 \nAnnexe de l'arr\u00eat\u00e9 n\u00b02024 -01574  du 30 octobre 2024 : Voies et d\u00e9lais de recours  117 \nPP \nn\u00b0 2024 -01577  30.10.2024  Arr\u00eat\u00e9 instituant un p\u00e9rim\u00e8tre de protection et \ndiff\u00e9rentes mesures de police \u00e0 l'occasion de la \n4\u00e8me journ\u00e9e de la Ligue des Champions de \nfootball au Parc des Princes le mercredi 6 \nnovembre 2024  118 \nAnnexe s de l'arr\u00eat\u00e9 n\u00b02024 -01577  du 30 octobre 2024  123-\n124 \nPP \nn\u00b0 2024 -01578  30.10.2024  Arr\u00eat\u00e9 autorisant la captation, l'enregistrement et \nla transmission d'images au moyen  \nde cam\u00e9ras install\u00e9es sur des a\u00e9ronefs police \u00e0 \nl'occasion de la 4\u00e8me journ\u00e9e de la Ligue des \nChampions de football au Parc des Princes le \nmercredi 6 novembre 2024  125 \nAnnexes de l'arr\u00eat\u00e9 n\u00b02024 -01578  du 30 octobre 2024  128-\n129 \nPP \nn\u00b0 2024 -01582  31.10.2024  Arr\u00eat\u00e9 portant encadrement du d\u00e9placement de \nsupporters et instaurant un p\u00e9rim\u00e8tre comportant \ncertaines mesures de police \u00e0 l'occasion de la \nrencontre de football de Ligue 1 du samedi 2 \nnovembre 2024 entre les \u00e9quipes du Paris Saint -\nGermain et du Racing Club de L ens au Parc des \nPrinces  130 \nAnnexes de l'arr\u00eat\u00e9 n\u00b02024 -01582  du 31 octobre 2024  136-\n137 \n \nPREFECTURE  ap Cabinet  du pr\u00e9fet\nDE POLICE  [1]\nLibert\u00e9\n\u00c9galit\u00e9\nFraternit\u00e9\narr\u00eat\u00e9  n\u00b0 2024-01455\naccordant  d\u00e9l\u00e9gation  de la signature  pr\u00e9fectorale  \u00e0 la pr\u00e9f\u00e9te  d\u00e9l\u00e9gu\u00e9e  \u00e0 l'immigration\net aux  agents  affect\u00e9s  au sein  de la d\u00e9l\u00e9gation  \u00e0 l'immigration\nLe pr\u00e9fet  de police,\nVU le code  de l'entr\u00e9e  et du s\u00e9jour  des  \u00e9trangers  et du droit  d'asile,  notamment  ses articles  R* 122-1  et\nR*122-4;\nVU le d\u00e9cret  n\u00b0 93-1362  du 30 d\u00e9cembre  1993  modifi\u00e9  relatif  aux  d\u00e9clarations  de nationalit\u00e9,  aux\nd\u00e9cisions  de naturalisation,  de r\u00e9int\u00e9gration,  de perte,  de d\u00e9ch\u00e9ance  et de retrait  de la nationalit\u00e9\nfran\u00e7aise  ;\nVU le d\u00e9cret  n\u00b0 94-415  du 24 mai  1994  modifi\u00e9  portant  dispositions  statutaires  relatives  aux  personnels\ndes  administrations  parisiennes,  et notamment  son  article  14;\nVU le d\u00e9cret  n\u00b0 2004-374  du 29 avril  2004  modifi\u00e9  relatif  aux  pouvoirs  des  pr\u00e9fets,  \u00e0 l'organisation  et \u00e0\nl'action  des services  de l'\u00c9tat  dans  les r\u00e9gions  et d\u00e9partements,  notamment  ses articles  17, 73-3  et 77 ;\nVU le d\u00e9cret  n\u00b0 2006-1780  du 23 d\u00e9cembre  2006  modifi\u00e9  portant  d\u00e9l\u00e9gation  de pouvoir  en mati\u00e9re  de\nrecrutement  et de gestion  de certains  personnels  relevant  du minist\u00e8re  de l'int\u00e9rieur  ;\nVU le d\u00e9cret  n\u00b0 2010-655  du 11 juin  2010  modifi\u00e9  relatif  au pr\u00e9fet  d\u00e9l\u00e9gu\u00e9  pour  la s\u00e9curit\u00e9  et la s\u00fbret\u00e9\ndes  plates-formes  a\u00e9roportuaires  de Roissy-Charles-de-Gaulle  et du Bourget,  notamment  son\narticle  1* ;\nVU le d\u00e9cret  n\u00b0 2021-480  du 21 avril  2021  relatif  \u00e0 l'organisation  de l'entr\u00e9e  et du s\u00e9jour  des  \u00e9trangers\net de l'asile  dans  les d\u00e9partements  de l'Essonne,  des  Hauts-de-Seine,  de Paris,  de la Seine-et-Marne,  de\nla Seine-Saint-Denis,  du Val-de-Marne,  du Val-d'Oise  et des  Yvelines,  notamment  son  article  2;\nVU le d\u00e9cret  n\u00b0 2021-481  du 21 avril  2021  relatif  au pr\u00e9fet  d\u00e9l\u00e9gu\u00e9  \u00e0 l'immigration  aupr\u00e8s  du pr\u00e9fet  de\npolice  et \u00e0 l'organisation  de la police  aux  fronti\u00e8res  dans  les d\u00e9partements  de l'Essonne,  de la Seine-et-\nMarne,  du Val-d'Oise  et des  Yvelines  ainsi  que  sur les emprises  des  a\u00e9roports  de Paris-Charles-de-Gaulle,\ndu Bourget  et de Paris-Orly,  notamment  son  article  1\u00b0;\nVU le d\u00e9cret  n\u00b0 2021-482  du 21 avril  2021  pris  pour  la mise  en \u0153uvre  des  comp\u00e9tences  du pr\u00e9fet\nd\u00e9l\u00e9gu\u00e9  \u00e0 l'immigration  aupr\u00e8s  du pr\u00e9fet  de police  et de l'organisation  de la police  aux  fronti\u00e8res  dans\nles d\u00e9partements  de l'Essonne,  de la Seine-et-Marne,  du Val d'Oise  et des  Yvelines  ainsi  que  sur les\nemprises  des  a\u00e9roports  de Paris-Charles-de-Gaulle,  du Bourget  et de Paris-Orly  ;\nVU l'arr\u00eat\u00e9  pr\u00e9fectoral  n\u00b0 2009-00641  du 7 ao\u00fbt  2009  modifi\u00e9  relatif  \u00e0 l'organisation  de la pr\u00e9fecture  de\npolice  ;\nVU l'arr\u00eat\u00e9  pr\u00e9fectoral  n\u00b0 2023-01288  du 23 octobre  2023  relatif  au pr\u00e9fet  d\u00e9l\u00e9gu\u00e9  \u00e0 l'immigration  et\naux  services  de la pr\u00e9fecture  de police  plac\u00e9s  sous  sa direction  pour  l'exercice  de ses attributions  ;\nVU le d\u00e9cret  du 20 juillet  2022  par lequel  M. Laurent  NUNEZ,  pr\u00e9fet,  coordonnateur  national  du\nrenseignement  et de la lutte  contre  le terrorisme,  est nomm\u00e9  pr\u00e9fet  de police  (hors  classe)  ;\nVU le d\u00e9cret  du 13 juillet  2023  par lequel  Mme  Mireille  LARR\u00c8DE,  pr\u00e9f\u00e8te  du Lot,  est nomm\u00e9e  pr\u00e9f\u00e8te\nd\u00e9l\u00e9gu\u00e9e  \u00e0 l'immigration  aupr\u00e8s  du pr\u00e9fet  de police,  \u00e0 compter  du 21 ao\u00fbt  2023;\n\nVU l'arr\u00eat\u00e9  du 9 f\u00e9vrier  2024  par  lequel  Mme  Pascale  PIN,  administratrice  de l'Etat  du deuxi\u00e8me  grade,\nest nomm\u00e9e  dans  les fonctions  de cheffe  du service  de l'administration  des  \u00e9trangers,  adjointe  \u00e0 la\npr\u00e9f\u00e8te  d\u00e9l\u00e9gu\u00e9e  \u00e0 l'immigration  \u00e0 la pr\u00e9fecture  de police  ;\nVU l'arr\u00eat\u00e9  du 12 janvier  2023  par lequel  M. Jean-Daniel  MONTET-JOURDRAN,  administrateur  de l'Etat\ndu deuxi\u00e8me  grade,  est nomm\u00e9  sous-directeur  du s\u00e9jour  et de l'acc\u00e8s  \u00e0 la nationalit\u00e9  au sein  du service\nde l'administration  des  \u00e9trangers  \u00e0 la d\u00e9l\u00e9gation  \u00e0 l'immigration  de la pr\u00e9fecture  de police  ;\nSUR  proposition  de la pr\u00e9f\u00e8te,  directrice  de cabinet,\nARR\u00caTE\nArticle  1\u00b0\nD\u00e9l\u00e9gation  de signature  est donn\u00e9e  \u00e0 Mme  Mireille  LARR\u00c8DE,  pr\u00e9f\u00e8te  d\u00e9l\u00e9gu\u00e9e  \u00e0 l'immigration,  \u00e0 l'effet\nde signer,  au nom  du pr\u00e9fet  de police,  tous  actes,  arr\u00eat\u00e9s,  d\u00e9cisions  et pi\u00e8ces  comptables  n\u00e9cessaires  \u00e0\nl'exercice  des  missions  fix\u00e9es  par  les articles  R*122-1  et R* 122-4  du code  de l'entr\u00e9e  et du s\u00e9jour  des\n\u00e9trangers  et du droit  d'asile,  73-3  du d\u00e9cret  du 29 avril  2004  susvis\u00e9  et 1\u00b0 du d\u00e9cret  n\u00b0 2021-481  du\n21 avril  2021  susvis\u00e9  et l'arr\u00eat\u00e9  du 23 octobre  2023  susvis\u00e9,  ainsi  que  les d\u00e9cisions  individuelles  relatives\n\u00e0 l'octroi  des  cong\u00e9s  annuels  et de maladie  ordinaire  des  personnels  relevant  de son  autorit\u00e9.\nMme  Mireille  LARR\u00c8DE  re\u00e7oit  d\u00e9l\u00e9gation  pour  signer,  au nom  du pr\u00e9fet  de police,  les arr\u00eat\u00e9s\nd'avertissement  et de blame  inflig\u00e9s  aux  personnels  administratifs,  techniques,  scientifiques  et\nsp\u00e9cialis\u00e9s  plac\u00e9s  sous  sa responsabilit\u00e9.\nArticle  2\nEn cas d'absence  ou d'emp\u00e9chement  de Mme  Mireille  LARREDE,  la d\u00e9l\u00e9gation  qui lui est consentie  \u00e0\nl'article  1\u00b0 est exerc\u00e9e  par  Mme  Pascale  PIN,  administratrice  de l'\u00c9tat  du deuxi\u00e8me  grade,  cheffe  du\nservice  de l'administration  des  \u00e9trangers,  adjointe  \u00e0 la pr\u00e9f\u00e8te  d\u00e9l\u00e9gu\u00e9e  \u00e0 l'immigration  \u00e0 la pr\u00e9fecture\nde police  et, dans  la limite  de ses attributions,  par Mme  St\u00e9phanie  MARTIN-HUGUET,  commissaire\ndivisionnaire  de police,  directrice  de cabinet.\nEn cas d'absence  ou d'emp\u00eachement  de Mme  Mireille  LARREDE,  Mme  Pascale  PIN re\u00e7oit  d\u00e9l\u00e9gation\npour  signer  les d\u00e9cisions  individuelles  relatives  \u00e0 l'octroi  des  cong\u00e9s  annuels  et de maladie  des\npersonnels  relevant  de son  autorit\u00e9.\nArticle  3\nEn cas d'absence  ou d'emp\u00eachement  de Mme  Mireille  LARREDE  et de Mme  Pascale  PIN,  la d\u00e9l\u00e9gation\nqui  leur  est consentie  est exerc\u00e9e,  dans  la limite  de leurs  attributions  respectives,  par  :\n- M. Jean-Daniel  MONTET-JOURDRAN,  administrateur  de l'\u00c9tat  hors  classe,  sous-directeur  du\ns\u00e9jour  et de l'acc\u00e8s  \u00e0 la nationalit\u00e9  ;\n- M. Christian  VEDELAGO,  administrateur  de l'\u00c9tat,  chef  du d\u00e9partement  zonal  de l'asile  et de\nl'\u00e9loignement  ;\n- Mme  Marie-Caroline  SAILLY,  attach\u00e9e  principale  d'administration  de l'\u00c9tat,  cheffe  du bureau\ndes  relations  et des  ressources  humaines  ;\n- M. Damien  ROUX,  attach\u00e9  principal  d'administration  de l'\u00c9tat,  chef  du bureau  des  affaires\nfinanci\u00e8res,  immobili\u00e8res  et logistiques  ;\n- Mme  Sylvia  VITERITTI,  ing\u00e9nieure  principale  des  syst\u00e8mes  d'information  et de communication,\ncheffe  du bureau  de l'accompagnement  et de la transformation  num\u00e9riques  ;\n- Mme  Farah  RAHMOUN,  attach\u00e9e  principale  d'administration  de l'Etat,  cheffe  du bureau  du\nsoutien  juridique  et du contentieux.\n2024-01455\n\nArticle  4\nEn cas  d'absence  ou d'emp\u00e9chement  de Mme  St\u00e9phanie  MARTIN-HUGUET,  la d\u00e9l\u00e9gation  qui  lui est\nconsentie  est exerc\u00e9e,  dans  la limite  de leurs  attributions  respectives,  par  :\n- Mme  Anissa  DAOUD,  attach\u00e9e  d'administration  de l'Etat,  cheffe  de la section  des  affaires\ng\u00e9n\u00e9rales  ;\n- Mme  Anne-Claire  BEISSAT,  attach\u00e9e  d'administration  de l'Etat,  adjointe  \u00e0 la cheffe  de la section\ndes  affaires  g\u00e9n\u00e9rales.\nArticle  5\nEn cas d'absence  ou d'emp\u00eachement  de M. Jean-Daniel  MONTET-JOURDRAN,  la d\u00e9l\u00e9gation  qui lui est\nconsentie  est exerc\u00e9e,  dans  la limite  de leurs  attributions  respectives,  par :\n- Mme  Florence  CARTON,  conseill\u00e8re  d'administration  de l'int\u00e9rieur  et de l'outre-mer,  cheffe  du\np\u00f4le  de l'instruction  des  demandes  de titres  de s\u00e9jour  - Mme  B\u00e9atrice  MOURIEZ,  conseill\u00e8re\nd'administration  de l'int\u00e9rieur  et de l'outre-mer,  cheffe  du p\u00f4le  de la relation  et du service  \u00e0\nl'usager  ;\n- M. Christian  HAUSMANN,  conseiller  d'administration  de l'int\u00e9rieur  et de l'outre-mer,  chef  du\np\u00f4le  de l'acc\u00e8s  \u00e0 la nationalit\u00e9.\nArticle  6\nEn cas  d'absence  ou d'emp\u00eachement  de Mme  Florence  CARTON,  la d\u00e9l\u00e9gation  qui lui est consentie  est\nexerc\u00e9e,  dans  la limite  de ses attributions,  par  M. Fran\u00e7ois  LEMATRE,  attach\u00e9  d'administration  hors\nclasse  de l'Etat,  directement  plac\u00e9  sous  son  autorit\u00e9.\nArticle  7\nEn cas d'absence  ou d'emp\u00e9chement  de Mme  Florence  CARTON  et de M. Fran\u00e7ois  LEMATRE,  la\nd\u00e9l\u00e9gation  qui leur  est consentie  est exerc\u00e9e,  dans  la limite  de leurs  attributions  respectives,  par  :\n- Mme  Kim  MYARA,  attach\u00e9e  principale  d'administration  de l'\u00c9tat,  cheffe  de la division  de\nl'immigration  professionnelle  et \u00e9tudiante  ;\n- Mme  Zohra  BNOURRIF,  attach\u00e9e  d'administration  de l'\u00c9tat,  cheffe  de la division  de l'immigration\nfamiliale  ;\n- Mme  Christelle  OLLANDINI,  attach\u00e9e  principale  d'administration  de l'\u00c9tat,  cheffe  de la division\nde l'admission  exceptionnelle  au s\u00e9jour  et de l'actualisation  des  situations  administratives  et de\nvoyage  ;\n- Mme  Ilheme  MAZOUZI,  attach\u00e9e  d'administration  de l'\u00c9tat,  cheffe  de la division  de la r\u00e9daction\net des  examens  sp\u00e9cialis\u00e9s.\nArticle  8\nEn cas d'absence  ou d'emp\u00eachement  de Mme  Kim  MYARA,  la d\u00e9l\u00e9gation  qui lui est consentie  est\nexerc\u00e9e,  dans  la limite  de ses attributions,  par  M. Ludovic  VAGUENER,  attach\u00e9  d'administration  de\nl'\u00c9tat,  directement  plac\u00e9  sous  son autorit\u00e9.\nArticle  9\nEn cas  d'absence  ou d'emp\u00eachement  de Mme  Zohra  BNOURRIF,  la d\u00e9l\u00e9gation  qui lui est consentie  est\nexerc\u00e9e,  dans  la limite  de ses attributions,  par  Mme  Christine  COULAIS,  attach\u00e9e  d'administration  de\nl'\u00c9tat,  directement  plac\u00e9e  sous  son  autorit\u00e9.\n2024-01455  |\n\nArticle  10\nEn cas d'absence  ou d'emp\u00e9chement  de Mme  Christelle  OLLANDINI,  la d\u00e9l\u00e9gation  qui lui est consentie\nest exerc\u00e9e,  dans  la limite  de ses attributions,  par Mme  V\u00e9ronique  DE MATOS,  secr\u00e9taire  administrative\nde classe  exceptionnelle,  directement  plac\u00e9e  sous  son autorit\u00e9.\nEn cas d'absence  ou d'emp\u00e9chement  de Mme  Christelle  OLLANDINI  et de Mme  V\u00e9ronique  DE MATOS,\nla d\u00e9l\u00e9gation  qui leur est consentie  est exerc\u00e9e,  dans  la limite  de leurs  attributions  respectives,  par  :\n- Mme  Maria  AIT-AMER,  secr\u00e9taire  administrative  de classe  normale,  cheffe  de la section\nadmission  exceptionnelle,  ou, en cas d'absence  ou d'emp\u00e9chement  de Mme  Maria  A\\T-AMER,  par\nMme  Laurie  MARIVAT,  secr\u00e9taire  administrative  de classe  normale,  directement  plac\u00e9e  sous  son\nautorit\u00e9,  pour  signer  les d\u00e9cisions  de refus  de s\u00e9jour,  les obligations  quitter  le territoire  francais\net les courriers  de classement  sans  suite  relatifs  aux demandes  :\no des ressortissants  \u00e9trangers  qui d\u00e9posent  une demande  dont  un des motifs  est relatif  \u00e0\nl'admission  exceptionnelle  au s\u00e9jour  en application  des dispositions  du chapitre  V du titre\nIll du livre  quatri\u00e8me  du code  de l'entr\u00e9e  et du s\u00e9jour  des \u00e9trangers  et du droit  d'asile  ;\no des ressortissants  alg\u00e9riens,  dont  un des motifs  de la demande  est relatif  \u00e0 l'application\ndu 1) de l'article  6 l'accord  du 27 d\u00e9cembre  1968  entre  le gouvernement  de la R\u00e9publique\nfran\u00e7aise  et le gouvernement  de la R\u00e9publique  alg\u00e9rienne  d\u00e9mocratique  et populaire  relatif\n\u00e0 la circulation,  \u00e0 l'emploi  et au s\u00e9jour  des ressortissants  alg\u00e9riens  et de leurs  familles  dit\n\u00abaccord  franco-alg\u00e9rien  \u00bb ;\n- M. Jonathan  SE, secr\u00e9taire  administratif  de classe  normale,  chef  de la section  actualisation  des\nsituations  administratives  et de voyage,  ou, en cas d'absence  ou d'emp\u00eachement  de M. Jonathan\nSE, par Mme  Monique  VERIN,  adjointe  administrative  principale  de 1\u00b0 classe  et par M. R\u00e9gis\nFAUCONNIER,  adjoint  administratif  principal  de 1*\u00b0 classe,  directement  plac\u00e9s  sous  son autorit\u00e9,\npour  signer  les classements  sans  suite  et les lettres  d'incompl\u00e9tude  relatifs  aux demandes  de\nrenouvellement  des cartes  de r\u00e9sident  et des certificats  de r\u00e9sidence  pour  alg\u00e9rien  de 10 ans.\nArticle  11\nEn cas d'absence  ou d'emp\u00eachement  de Mme  llh\u00e8me  MAZOUZI,  la d\u00e9l\u00e9gation  qui lui est consentie  est\nexerc\u00e9e,  dans  la limite  de leurs  attributions  respectives,  par :\n- Mme  Virginie  CHEROY,  secr\u00e9taire  administrative  de classe  exceptionnelle,  cheffe  de la section\nr\u00e9daction  ou, en cas d'absence  ou d'emp\u00eachement  de Mme  Virginie  CHEROY,  par Mme  Laurence\nJADOUI,  secr\u00e9taire  administrative  de classe  normale,  directement  plac\u00e9e  sous  son autorit\u00e9,  pour\nsigner  les actes  suivants  :\no d\u00e9cisions  de refus  de s\u00e9jour  ;\n\u00a9 courriers  d'instruction  relatifs  aux demandes  de titre  de s\u00e9jour  des ressortissants\n\u00e9trangers  ;\n\u00a9 d\u00e9cisions  relatives  au regroupement  familial  ;\n\u00a9 courriers  d'instruction  relatifs  aux demandes  d\u00e9pos\u00e9es  par les mineurs  et jeunes\nmajeurs  isol\u00e9s  \u00e9trangers  confi\u00e9s  \u00e0 l'Aide  sociale  \u00e0 l'enfance.\n- Mme  M\u00e9lanie  GRASA,  secr\u00e9taire  administrative  de classe  normale,  cheffe  de la section\ncommission  des titres  s\u00e9jour  et ordre  public  ou, en cas d'absence  ou d'emp\u00e9chement  de Mme\nM\u00e9lanie  GRASA,  par Mme  Nathalie  BERTHO,  secr\u00e9taire  administrative  de classe  normale,\ndirectement  plac\u00e9e  sous  son autorit\u00e9,  pour  signer  les actes  suivants  :\n\u00a9 d\u00e9cisions  de refus  de s\u00e9jour  pour  motif  d'ordre  public  ;\n\u00a9 courriers  d'instruction  relatifs  aux dossiers  devant  faire  l'objet  d'un  passage  devant  la\ncommission  du titre  de s\u00e9jour  ;\no courriers  d'instruction  relatifs  aux demandes  de titre  d\u00e9pos\u00e9es  sur le fondement  des\narticles  L. 423-5,  L. 423-18  et L. 425-1  et suivants  du code  de l'entr\u00e9e  et du s\u00e9jour  des\n\u00e9trangers  et du droit  d'asile.\n2024-01455  8\n\nArticle  12\nEn cas  d'absence  ou d'emp\u00e9chement  de Mme  B\u00e9atrice  MOURIEZ,  la d\u00e9l\u00e9gation  qui  lui est consentie  est\nexerc\u00e9e,  dans  la limite  de ses attributions,  par  Mme  Anne-Val\u00e9rie  LAUGIER,  attach\u00e9e  principale\nd'administration  de l'\u00c9tat,  directement  plac\u00e9e  sous  son autorit\u00e9.\nArticle  13\nEn cas  d'absence  ou d'emp\u00e9chement  de Mme  B\u00e9atrice  MOURIEZ  et de Mme  Anne-Val\u00e9rie  LAUGIER,  la\nd\u00e9l\u00e9gation  qui leur  est consentie  est exerc\u00e9e,  dans  la limite  de leurs  attributions  respectives,  par  :\n- Mme  V\u00e9ronique  CANOPE,  attach\u00e9e  d'administration  de l'\u00c9tat,  cheffe  de la division  de la\nr\u00e9ception  des  usagers  ;\n- M. Fabien  LANOELLE,  secr\u00e9taire  administratif  de classe  exceptionnelle,  adjoint  au chef  de la\ndivision  de l'accompagnement  des  usagers.\nArticle  14\nEn cas  d'absence  ou d'emp\u00eachement  de Mme  V\u00e9ronique  CANOPE,  la d\u00e9l\u00e9gation  qui lui est consentie\nest exerc\u00e9e,  dans  la limite  de ses attributions,  par  Mme  Christine  MILLET,  secr\u00e9taire  administrative  de\nclasse  exceptionnelle,  directement  plac\u00e9e  sous  son  autorit\u00e9.\nArticle  15\nEn cas d'absence  ou d'emp\u00eachement  de M. Christian  HAUSMANN,  la d\u00e9l\u00e9gation  qui  lui est consentie\nest exerc\u00e9e,  dans  la limite  de leurs  attributions  respectives,  par  Mme  Adeline  BRAUX,  attach\u00e9e\nprincipale  d'administration  de l'\u00c9tat,  et Mme  Sophie  GLEIZON,  attach\u00e9e  d'administration  de l'\u00c9tat,\ndirectement  plac\u00e9es  sous  son  autorit\u00e9.\nEn cas  d'absence  ou d'emp\u00eachement  de M. Christian  HAUSMANN,  de Mme  Adeline  BRAUX  et de Mme\nSophie  GLEIZON,  la d\u00e9l\u00e9gation  qui  leur  est consentie  est exerc\u00e9e,  dans  la limite  de leurs  attributions\nrespectives,  par  :\n- Madame  Sarah-Laure  KUTEK,  attach\u00e9e  principale  d'administration  de l'Etat,  cheffe  de la section\nde l'instruction,  Mme  Fabienne  BELLIER,  attach\u00e9e  d'administration  de l'Etat,  cheffe  de la section\nde l'instruction,  et Mme  Catherine  KATZENSTEIN,  attach\u00e9e  d'administration  de l'Etat,  cheffe  de\nla section  des  dossiers  signal\u00e9s  et de la correspondance,  pour  signer  les actes  suivants  :\n\u00a9 les d\u00e9cisions  de classement  sans  suite,  d'irrecevabilit\u00e9,  d'ajournement  et de rejet  oppos\u00e9es\naux  demandes  de naturalisation  et de r\u00e9int\u00e9gration  ;\n\u00a9 les propositions  favorables  de naturalisation  et de r\u00e9int\u00e9gration  ainsi  que  les avis\nd\u00e9favorables  \u00e0 l'enregistrement  des  d\u00e9clarations  souscrites  en application  des  articles  21-2,\n21-13-1  et 21-13-2  du code  civil  ;\n\u00a9 les d\u00e9cisions  d'enregistrement  des  d\u00e9clarations  susvis\u00e9es  ainsi  que  les d\u00e9cisions  de\nclassement  sans  suite  oppos\u00e9es  aux  d\u00e9clarants  ;\n\u00a9 les courriers  de retour  des  dossiers  de demandes  d'acquisition  de la nationalit\u00e9  fran\u00e7aise  par\nd\u00e9claration,  lorsque  le dossier  s'av\u00e8re  incomplet.\n- Mme  Ingrid  BRIGITTE,  secr\u00e9taire  administrative  de classe  sup\u00e9rieure,  adjointe  \u00e0 la cheffe  de la\nsection  de l'instruction,  Mme  Taous  ALLOUACHE,  secr\u00e9taire  administrative  de classe  sup\u00e9rieure,\nadjointe  \u00e0 la cheffe  de la section  charg\u00e9e  des  dossiers  signal\u00e9s  et de la correspondance,  Mme\nNora  BELBACHIR,  secr\u00e9taire  administrative  de classe  exceptionnelle,  cheffe  de la section  de la\npr\u00e9-instruction  et des  c\u00e9r\u00e9monies,  Mme  Fany  PIERRE,  secr\u00e9taire  administrative  de classe\nnormale,  adjointe  \u00e0 la cheffe  de la section  de la pr\u00e9-instruction  et des  c\u00e9r\u00e9monies,  Mme  Marie-\nFrance  LAUCOURT,  adjointe  administrative  principale  de 1** classe,  adjointe  \u00e0 la cheffe  de la\nsection  de la pr\u00e9-instruction  et des  c\u00e9r\u00e9monieset  Mme  V\u00e9ronique  SAGOT,  secr\u00e9taire\n2024-04455\n\nadministrative  de classe  normale,  gestionnaire  de l'attribution  des  dossiers  et de l'interface  avec\nles services  d'enqu\u00e9te,  pour  signer  les courriers  de retour  des  dossiers  de demandes\nd'acquisition  de la nationalit\u00e9  fran\u00e7aise  par d\u00e9claration,  lorsque  le dossier  s'av\u00e8re  incomplet  ;\nMme  Nora  BELBACHIR,  secr\u00e9taire  administrative  de classe  exceptionnelle,  cheffe  de la section\nde la pr\u00e9-instruction  et des  c\u00e9r\u00e9monies,  Mme  Fany  PIERRE,  secr\u00e9taire  administrative  de classe\nnormale,  adjointe  \u00e0 la cheffe  de la section  de la pr\u00e9-instruction  et des  c\u00e9r\u00e9monies,  Mme  Marie-\nFrance  LAUCOURT,  adjointe  administrative  principale  de 1\u00b0\" classe,  adjointe  \u00e0 la cheffe  de la\nsection  de la pr\u00e9-instruction  et des  c\u00e9r\u00e9monies,  Mme  V\u00e9ronique  SAGOT,  secr\u00e9taire\nadministrative  de classe  normale,  gestionnaire  de l'attribution  des  dossiers  et de l'interface  avec\nles services  d'enqu\u00eate,  Mme  Ingrid  BRIGITTE,  secr\u00e9taire  administrative  de classe  sup\u00e9rieure,\nadjointe  \u00e0 la cheffe  de la section  de l'instruction  et par Mme  Taous  ALLOUACHE,  secr\u00e9taire\nadministrative  de classe  sup\u00e9rieure,  adjointe  \u00e0 la cheffe  de la section  des  dossiers  signal\u00e9s  et de\nla correspondance,  au titre  de l'utilisation  du t\u00e9l\u00e9service  de prise  en charge  des  demandes\nd'acquisition  de nationalit\u00e9  (NATALI),  pour  valider  et signer  les d\u00e9cisions  de classement  sans\nsuite  au stade  de la v\u00e9rification  formelle  et au stade  de l'instruction  ainsi  que  les d\u00e9cisions  dans\nle cadre  des  recours  gracieux  form\u00e9s  contre  ces classements  sans  suite.\nArticle  16\nEn cas  d'absence  ou d'emp\u00e9chement  de M. Christian  VEDELAGO,  la d\u00e9l\u00e9gation  qui lui est consentie  est\nexerc\u00e9e,  dans  la limite  de leurs  attributions  respectives,  par  :\nMme  Karine  RACHEL,  conseill\u00e8re  d'administration  de l'int\u00e9rieur  et de l'outre-mer,  cheffe  du\nbureau  de la lutte  contre  l'immigration  irr\u00e9guli\u00e8re,  pour  tous  actes,  arr\u00eat\u00e9s,  d\u00e9cisions  et pi\u00e8ces\ncomptables  n\u00e9cessaires  \u00e0 l'exercice  des  missions  d\u00e9finies  \u00e0 l'article  22 de l'arr\u00eat\u00e9  du 23 octobre\n2023  susvis\u00e9  ;\nM. Youssef  BERQOUQI,  conseiller  d'administration  de l'int\u00e9rieur  et de l'outre-mer,  chef  du bureau\nde l'accueil  de la demande  d'asile,  pour  tous  actes,  arr\u00eat\u00e9s,  d\u00e9cisions  et pi\u00e8ces  comptables\nn\u00e9cessaires  \u00e0 l'exercice  des  missions  d\u00e9finies  \u00e0 l'article  23 de l'arr\u00eat\u00e9  du 23 octobre  2023  susvis\u00e9.\nArticle  17\nEn cas  d'absence  ou d'emp\u00eachement  de Mme  Karine  RACHEL,  la d\u00e9l\u00e9gation  qui  lui est consentie  est\nexerc\u00e9e  par  MM.  St\u00e9phane  HERING  et Faustin  MISSEREY,  attach\u00e9s  principaux  d'administration  de l'Etat,\nMmes  Koudedja  FOFANA,  Blandine  AGEORGES,  C\u00e9line  SIMEON  et Toymina  SOULA,  attach\u00e9es\nd'administration  de l'\u00c9tat,  ainsi  que  MM.  Charles  THURIES,  Cl\u00e9ment  COSTARD  et Pierre  MATHIEU,\nattach\u00e9s  d'administration  de l'\u00c9tat,  directement  plac\u00e9s  sous  son autorit\u00e9.\nArticle  18\nEn cas  d'absence  ou d'emp\u00eachement  de M. Youssef  BERQOUQI,  la d\u00e9l\u00e9gation  qui  lui est consentie  est\nexerc\u00e9e,  dans  la limite  de leurs  attributions  respectives,  par  :\nMme  Jos\u00e9pha  DAUTREY,  attach\u00e9e  principale  d'administration  de l'\u00c9tat,  adjointe  au chef  du\nbureau  de l'accueil  de la demande  d'asile  ;\nMme  Caroline  TASSEL,  attach\u00e9e  d'administration  hors  classe  de l'\u00c9tat,  adjointe  au chef  du\nbureau  de l'accueil  de la demande  d'asile  ;\nMme  Regina  MONFORT,  attach\u00e9e  d'administration  de l'Etat,  cheffe  du p\u00f4le  asile  ;\nMme  Pascale  AUBRY,  attach\u00e9e  d'administration  de l'\u00c9tat,  cheffe  du p\u00f4le  interd\u00e9partemental\nDublin.\n2024-01455\n\nArticle  19\nEn cas  d'absence  ou d'emp\u00e9chement  de Mme  Marie-Caroline  SAILLY,  la d\u00e9l\u00e9gation  qui lui est consentie\nest exerc\u00e9e,  dans  la limite  de ses attributions,  par  Mme  Cl\u00e9lia  ROSSI,  attach\u00e9e  d'administration  de\nl'\u00c9tat,  directement  plac\u00e9e  sous  son autorit\u00e9.\nArticle  20\nEn cas  d'absence  ou d'emp\u00e9chement  de Mme  Farah  RAHMOUN,  la d\u00e9l\u00e9gation  qui  lui est consentie  est\nexerc\u00e9e,  dans  la limite  de leurs  attributions  respectives,  par  M. Philippe  MARTIN,  attach\u00e9  principal\nd'administration  de l'\u00c9tat,  et par Jean-Pierre  LOUIS-PHILIPPE,  attach\u00e9  d'administration  de l'\u00c9tat,\ndirectement  plac\u00e9s  sous  son  autorit\u00e9.\nEn cas  d'absence  ou d'emp\u00eachement  de Mme  Farah  RAHMOUN,  de M. Philippe  MARTIN  et de M. Jean-\nPierre  LOUIS-PHILIPPE,  la d\u00e9l\u00e9gation  qui  leur  est consentie  est  exerc\u00e9e,  dans  la limite  de leurs\nattributions  respectives,  par  Mme  Isabelle  GOMEZ,  secr\u00e9taire  administrative  de classe  exceptionnelle,\net par  M. Yannick  ALLAIN,  secr\u00e9taire  administratif  de classe  exceptionnelle.\nArticle  21\nLa pr\u00e9f\u00e8te,  directrice  de cabinet,  et la pr\u00e9f\u00e8te  d\u00e9l\u00e9gu\u00e9e  \u00e0 l'immigration  sont  charg\u00e9es,  chacune  en ce\nqui  la concerne,  de l'ex\u00e9cution  du pr\u00e9sent  arr\u00eat\u00e9  qui  sera  publi\u00e9  aux  recueils  des  actes  administratifs\ndes  pr\u00e9fectures  de la zone  de d\u00e9fense  et de s\u00e9curit\u00e9  de Paris.\n= 1 OCT. 2024 L\u2014\n\\ \u2014\nan  ing\n7  Laurent  NUNEZFait  Paris,  le\n2024-01455\n\nPRR EEC TORE  cs  Cabinet  du pr\u00e9fet\nLibert\u00e9\n\u00c9galit\u00e9\nFraternit\u00e9\narr\u00eat\u00e9  n\u00b0 2024-01496\naccordant  d\u00e9l\u00e9gation  de la signature  pr\u00e9fectorale  au sein  de la\nbrigade  de sapeurs-pompiers  de Paris\nLe pr\u00e9fet  de police,\nVU le code  de la commande  publique  ;\nVU le code  de la d\u00e9fense  ;\nVU le code  g\u00e9n\u00e9ral  des  collectivit\u00e9s  territoriales  ;\nVU le code  de la s\u00e9curit\u00e9  int\u00e9rieure,  notamment  son  article  R*122-43  ;\nVU le d\u00e9cret  n\u00b02004-374  du 29 avril  2004  modifi\u00e9  relatif  aux  pouvoirs  des  pr\u00e9fets,  \u00e0\nl'organisation  et \u00e0 l'action  des  services  de l'\u00c9tat  dans  les r\u00e9gions  et d\u00e9partements,\nnotamment  son  article  77  ;\nVU l'arr\u00eat\u00e9  du 24 janvier  2008  portant  agr\u00e9ment  de la brigade  de sapeurs-pompiers  de Paris\ncomme  organisme  de formation  et relatif  \u00e0 la formation  au sein  de cette  unit\u00e9  ;\nVU l'arr\u00eat\u00e9  du ministre  de la D\u00e9fense  du 14 f\u00e9vrier  2014  relatif  \u00e0 l'organisation  de la brigade\nde sapeurs-pompiers  de Paris  ;\nVU le d\u00e9cret  du 20 juillet  2022  par lequel  M. Laurent  NUNEZ,  pr\u00e9fet,  coordonnateur  national\ndu renseignement  et de la lutte  contre  le terrorisme,  est nomm\u00e9  pr\u00e9fet  de police  (hors\nclasse),  \u00e0 compter  du 21 juillet  2022  ;\nVU le d\u00e9cret  du 5 juillet  2024  portant  affectation  d'officiers  g\u00e9n\u00e9raux,  par  lequel  M. le\ng\u00e9n\u00e9ral  de brigade  Arnaud  de CACQUERAY  VALMENIER  est nomm\u00e9  commandant  de la\nbrigade  de sapeurs-pompiers  de Paris  \u00e0 compter  du 1\u00b0 octobre  2024  ;\nSUR  proposition  de la pr\u00e9f\u00e8te,  directrice  de cabinet,\nARRETE\nArticle  1\u00b0\nD\u00e9l\u00e9gation  de signature  est donn\u00e9e  au g\u00e9n\u00e9ral  de brigade  Arnaud  de CACQUERAY\nVALMENIER,  commandant  la brigade  de sapeurs-pompiers  de Paris,  \u00e0 l'effet  de signer,  dans\nla limite  de ses attributions,  et sans  pr\u00e9judice  des  r\u00e8gles  de calcul  de la valeur  estim\u00e9  du\nbesoin  issues  du code  de la commande  publique,  les actes  portant  engagement  :\n- des  recettes  inscrites  au budget  sp\u00e9cial  ;\n- des  cr\u00e9dits  inscrits  au budget  sp\u00e9cial  de la pr\u00e9fecture  de police  d'un  montant  inf\u00e9rieur  :\n- jusqu'\u00e0  1 000000  (un million)  d'euros  hors  taxe  sur le chapitre  90-1212\n\u00abinvestissements  sur casernements  \u00bb (grosses  r\u00e9parations)  ;\n- jusqu'\u00e0  90 000  (quatre-vingt-dix  mille)  euros  hors  taxe  sur le chapitre-article\nd'investissement  90-1211  \u00ab BSPP  \u00bb, ainsi  que  sur le chapitre-article  de fonctionnement\n93-1211  \u00ab BSPP  \u00bb du budget  sp\u00e9cial  de la pr\u00e9fecture  de police  ;\n\n- jusqu'aux  seuils  europ\u00e9ens  conform\u00e9ment  \u00e0 l'article  L.2124-1  du code  de la\ncommande  publique,  lorsque  ces d\u00e9penses  rel\u00e8vent  d'une  urgence  imp\u00e9rieuse\npr\u00e9vue  \u00e0 l'article  R.2122-1  du code  susvis\u00e9.\nArticle  2\nLe g\u00e9n\u00e9ral  de brigade  Arnaud  de CACQUERAY  VALMENIER  est \u00e9galement  habilit\u00e9  \u00e0 signer  :\n1) les propositions  d'engagement  comptable  des  d\u00e9penses  ;\n2\u00b0) les bons  de commande  ;\n3\u00b0) les ordres  de service  sur les march\u00e9s,  groupements  de commandes  et conventions\nd'achats  ;\n4\u00b0) la certification  du service  fait  ;\n5\u00b0) les liquidations  des  d\u00e9penses  ;\n6\u00b0) les propositions  de mandatement  relatives  aux  imputations  budg\u00e9taires  susvis\u00e9es  ;\n7\u00b0) les conventions  cadre  et les conventions  subs\u00e9quentes  avec  une  centrale  d'achat  ;\n8\u00b0) a) les march\u00e9s  subs\u00e9quents  pass\u00e9s  au profit  de la BSPP  par  une  centrale  d'achats  ;\nb) les march\u00e9s  subs\u00e9quents  \u00e0 un accord-cadre  inf\u00e9rieurs  aux  montants  mentionn\u00e9s  \u00e0\nl'article  1;\nc) les march\u00e9s  sp\u00e9cifiques  \u00e0 un syst\u00e8me  d'acquisition  dynamique  inf\u00e9rieurs  aux\nmontants  mentionn\u00e9s  \u00e0 l'article  1;\n9\u00b0) les conventions  avec  Un organisme  relevant  du minist\u00e8re  des  Arm\u00e9es  ;\n10\u00b0)  les contrats  de concession  dans  la limite  de 90 000  euros  hors  taxe  ;\n11\u00b0)  pour  les biens  dont  la valeur  nette  comptable  ne d\u00e9passe  pas  4600  (quatre  mille  six\ncent)  euros  HT  :\na) les arr\u00eat\u00e9s  de r\u00e9forme  portant  cession  \u00e0 titre  gracieux  de biens  non-amortis,  dans  la\nlimite  de 50 000  (cinquante  mille)  euros  annuels  de valeur  nette  comptable  ;\nb) les actes  de d\u00e9classement  relatifs  aux  biens  destin\u00e9s  \u00e0 la destruction  ou la vente,\ntoutes  cat\u00e9gories  confondues,  dans  la limite  de 400  000  (quatre  cent  mille)  euros\nannuels  de valeur  nette  comptable  ;\n12\u00b0)  les actes  relatifs  aux  droits  de propri\u00e9t\u00e9  intellectuelle  de la brigade  de sapeurs-pompiers\nde Paris  ; 4\n13\u00b0)  les attestations  d'exercice  d'une  activit\u00e9  de conduite  \u00e0 titre  professionnel  conforme  \u00e0\nl'arr\u00eat\u00e9  du 4 juillet  2008,  dans  les conditions  fix\u00e9es  par  le d\u00e9cret  n\u00b020071340  du 11\nseptembre  2007  ;\n14\u00b0)  les actes  sp\u00e9ciaux  d'ex\u00e9cution  des  march\u00e9s  relatifs  \u00e0 la d\u00e9claration  de sous-traitance\nr\u00e9sultant  des  march\u00e9s  stipul\u00e9s  \u00e0 l'article  1er ou des  bons  de commande  ou les ordres  de\nservices  sur les march\u00e9s  du 2\u00b0) de l'article  2 ;\n15\u00b0)  les actes  modificatifs  :\na) aux  march\u00e9s  conclus  en vertu  de l'article  1\u00b0, sans  incidence  financi\u00e8re  ou dont  le\nmontant  additionn\u00e9  au montant  initial  du march\u00e9,  est inf\u00e9rieur  aux  seuils\nmentionn\u00e9s  \u00e0 l'article  1%; en cas  d'actes  modificatifs  successifs  \u00e0 incidence\nfinanci\u00e8re  leurs  montants  sont.  cumul\u00e9s  et additionn\u00e9s  au montant  initial  du\nmarch\u00e9;\nb) aux  march\u00e9s  subs\u00e9quents  mentionn\u00e9s  au b) de l'article  2.8\u00b0,  sans  incidence  financi\u00e8re\nou dont  le montant  additionn\u00e9  au montant  initial  du march\u00e9  subs\u00e9quent,  est\ninf\u00e9rieur  aux  seuils  mentionn\u00e9s  \u00e0 l'article  1\"; en cas d'actes  modificatifs  successifs  \u00e0\nincidence  financi\u00e8re  leurs  montants  sont  cumul\u00e9s  et additionn\u00e9s  au montant  initial\ndu march\u00e9  subs\u00e9quent  ;\nc) aux  conventions  avec  une  centrale  d'achats  mentionn\u00e9e  \u00e0 l'article  2.7\u00b0  ;\n16\u00b0)  pour  les mat\u00e9riels  mobiliers  c\u00e9d\u00e9s  les actes  de vente  de gr\u00e9 \u00e0 gr\u00e9 jusqu'\u00e0  4 600  (quatre\nmille  six cent)  euros  ;\n2024-01496\n\n17\u00b0)  les conventions  titre  on\u00e9reux  relatives  aux  frais  de d\u00e9placement.\nIl sera  rendu  compte  r\u00e9guli\u00e8rement  de l'utilisation  des  d\u00e9l\u00e9gations  consenties  dans  les\nmati\u00e9res  relevant  du code  de la commande  publique.\nArticle  3\nEn cas  d'absence  ou d'emp\u00e9chement  du g\u00e9n\u00e9ral  de brigade  Arnaud  de CACQUERAY\nVALMENIER,  le colonel  Guillaume  TROHEL,  commandant  en second,  recoit  d\u00e9l\u00e9gation  pour\nsigner,  dans  la limite  de ses attributions,  les actes  et pi\u00e8ces  comptables  pr\u00e9vus  aux  articles  1\net 2.\nArticle  4\nEn cas  d'absence  ou d'emp\u00e9chement  du colonel  Guillaume  TROHEL,  le colonel  Laurent\nLEYGUE,  chef  d'\u00e9tat-major,  recoit  d\u00e9l\u00e9gation  pour  signer,  dans  la limite  de ses attributions,\nles actes  et pi\u00e8ces  comptables  pr\u00e9vus  aux  articles  1 et 2.\nArticle  5\nEn cas  d'absence  ou d'emp\u00e9chement  du g\u00e9n\u00e9ral  de brigade  Arnaud  de CACQUERAY\nVALMENIER,  du colonel  Guillaume  TROHEL  et du colonel  Laurent  LEYGUE,  le commissaire  en\nchef  de 1** classe  Renaud  de CORTA  sous-chef  d'\u00e9tat-major,  chef  de la division\nadministration  finances,  re\u00e7oit  d\u00e9l\u00e9gation  pour  signer  tous  les actes  et pi\u00e8ces  comptables,\ndans  la limite  de ses attributions  et de la d\u00e9l\u00e9gation  pr\u00e9vue  \u00e0 l'article  1\u00b0 et aux  alin\u00e9as  1\u00b0 \u00e0 9\u00b0\net 13\u00b0 \u00e0 15\u00b0 de l'article  2.\nArticle  6\nEn cas  d'absence  ou d'emp\u00eachement  du commissaire  en chef  de 1\u00b0 classe  Renaud  de\nCORTA,  la d\u00e9l\u00e9gation  qui lui est consentie  est exerc\u00e9e,  dans  la limite  de ses attributions,  par\nle lieutenant-colonel  Christophe  ALLO,  chef  du bureau  de la programmation  financi\u00e8re  et du\nbudget.\nEn cas  d'absence  ou d'emp\u00e9chement  du lieutenant-colonel  Christophe  ALLO,  la d\u00e9l\u00e9gation\nqui lui est consentie  est exerc\u00e9e,  dans  la limite  de ses attributions,  par  le commissaire\nprincipal  Fabrice  THEADO,  chef  du bureau  des  affaires  juridiques  et de la commande\npublique.\nEn cas  d'absence  ou d'emp\u00eachement  du commissaire  principal  Fabrice  THEADO,  la\nd\u00e9l\u00e9gation  qui lui est consentie  est exerc\u00e9e,  dans  la limite  de ses attributions,  par le\ncommandant  S\u00e9bastien  LATOUR,  adjoint  au chef  du bureau  de la programmation  financi\u00e8re\net du budget.\nArticle  7\nEn cas d'absence  ou d'emp\u00eachement  du g\u00e9n\u00e9ral  de brigade  Arnaud  de CACQUERAY\nVALMENIER,  re\u00e7oivent,  dans  la limite  de leurs  attributions  respectives,  d\u00e9l\u00e9gation  pour\nsigner  les march\u00e9s  publics,  les bons  de commande  et les ordres  de service  sur les march\u00e9s,\ngroupements  de commandes  et conventions  d'achats  apr\u00e8s  autorisation  d'engagement\ncomptable  inf\u00e9rieurs  \u00e0 40 000  (quarante  mille)  euros  HT,  et les actes  sp\u00e9ciaux,  la certification\ndu service  fait,  ainsi  que  les actes  de vente  de gr\u00e9 \u00e0 gr\u00e9:\n- le m\u00e9decin  chef  des  services  de classe  normale  St\u00e9phane  TRAVERS,  sous-chef  d'\u00e9tat-\nmajor,  chef  de la division  sant\u00e9;  En son  absence  ou en cas  d'emp\u00eachement,  la\nd\u00e9l\u00e9gation  qui lui est consentie  peut  \u00eatre  exerc\u00e9e  par le m\u00e9decin  en chef  Olivier  BON,\nchef  du bureau  de m\u00e9decine  d'urgence  ;\n- le colonel  Roland  PERFETTA,  sous-chef  d'\u00e9tat-major,  chef  de la division  organisation\nressources  humaines  ;\n- le lieutenant-colonel  Fran\u00e7ois-R\u00e9gis  LE BIGOT,  chef  du bureau  maintien  en condition\nop\u00e9rationnelle.  En son  absence  ou en cas  d'emp\u00eachement,  la d\u00e9l\u00e9gation  qui lui est\n2024-01496  \u00b0\n\nconsentie  peut  \u00eatre  exerc\u00e9e  par  le lieutenant-colonel  Cyril  FREMAUX,  premier  adjoint  et\nle commandant  Olivier  SACAL,  second  adjoint  au chef  du bureau  maintien  en condition\nop\u00e9rationnelle  ;\n- le lieutenant-colonel  Fabien  BOSSUS.  En son  absence  ou en cas d'emp\u00e9chement,  la\nd\u00e9l\u00e9gation  qui lui est consentie  peut-\u00eatre  exerc\u00e9e  par  le commandant  Micha\u00ebl  PLANA  ;\n- l'ing\u00e9nieur  principal  Vincent  CARREZ,  chef  du bureau  soutien  de l'infrastructure.  En son\nabsence  ou en cas  d'emp\u00e9chement,  la d\u00e9l\u00e9gation  qui lui est consentie  peut-\u00eatre  exerc\u00e9e\npar  l'ing\u00e9nieur  principal  Mathias  BOIVIN,  adjoint  au chef  du bureau  soutien  de\nl'infrastructure  ;\n- le commandant  St\u00e9phane  DOUGUET,  chef  du bureau  soutien  de l'homme.  En son\nabsence  ou en cas d'emp\u00e9chement,  la d\u00e9l\u00e9gation  qui lui est consentie  peut-\u00eatre  exerc\u00e9e\npar  le commandant  Ang\u00e9lina  FROUIN,  adjoint  au chef  du bureau  soutien  de l'homme  ;\n- le commandant  David  VOLK,  chef  du bureau  restauration  h\u00f4tellerie  loisirs.  En son\nabsence  ou en cas  d'emp\u00eachement,  la d\u00e9l\u00e9gation  qui  lui est consentie  peut-\u00eatre  exerc\u00e9e\npar le commissaire  de 1\u00b0 classe  Johan  BLANC,  adjoint  au chef  du bureau  restauration\nh\u00f4tellerie  loisirs  ;\n- le m\u00e9decin  chef  Guillaume  BURLATON,  chef  du bureau  de sant\u00e9  et de pr\u00e9vention  ;\n- le pharmacien  en chef  Fran\u00e7ois  KRAMP,  chef  du bureau  pharmacie  et ing\u00e9nierie\nbiom\u00e9dicale  ;\nEn son  absence  ou en cas  d'emp\u00eachement,  la d\u00e9l\u00e9gation  qui lui est consentie  peut-\u00eatre\nexerc\u00e9e  par le pharmacien  en chef  Flora  JOURQUIN  et par le pharmacien  en chef\nG\u00e9raldine  GAUTHIER,  adjoints  au chef  du bureau  pharmacie  et ing\u00e9nierie  biom\u00e9dicale  ;\n- le lieutenant-colonel  Nicolas  PLEIS,  chef  du bureau  communication.  En son  absence  o\u00f9\nen cas  d'emp\u00e9chement,  la d\u00e9l\u00e9gation  qui  lui est consentie  peut-\u00eatre  exerc\u00e9e  par  le\ncommandant  Damien  BERG,  adjoint  au chef  du bureau  communication  \u00bb ;\n- le lieutenant-colonel  Karl  FILLON,  chef  du bureau  organisation  ressources  humaines.  En\nson  absence  ou en cas  d'emp\u00e9chement,  la d\u00e9l\u00e9gation  qui lui est consentie  peut-\u00eatre\nexerc\u00e9e  par  le lieutenant-colonel  Florence  BONNEFOND,  adjoint  au chef  du bureau\norganisation  ressources  humaines.\nArticle  8\nLe g\u00e9n\u00e9ral  de brigade  Arnaud  de CACQUERAY  VALMENIER  est en outre  habilit\u00e9  \u00e0 signer  :\n1\u00b0) les conventions-types  relatives  \u00e0 l'emploi  :\na) de m\u00e9decins  civils  \u00e0 la brigade  de sapeurs-pompiers  de Paris  ;\nb) d'agents  non  titulaires  disposant  de qualifications  ou comp\u00e9tences  sp\u00e9cifiques  pour\nle soutien  \u00e0 la lutte  contre  les incendies  et le secours  ;\nc) d'\u00e9l\u00e8ves  des  \u00e9coles  d'enseignement  sup\u00e9rieur  sous  la tutelle  du minist\u00e8re  de la\nd\u00e9fense,  disposant  de qualifications  particuli\u00e8res  dans  le cadre  d'activit\u00e9s  de secours\net d'assistance  aux  victimes,  au-del\u00e0  de leur  p\u00e9riode  de stage  au sein  de la brigade  de\nsapeurs-pompiers  de Paris  ;\nd) des  \u00e9l\u00e8ves  des  \u00e9coles  d'enseignement  sup\u00e9rieur  ou secondaire  sous  contrat  en\nalternance  dans  la limite  des  cr\u00e9dits  allou\u00e9s  ;\n2\u00b0) les conventions-types  relatives  aux  stages  r\u00e9mun\u00e9r\u00e9s  effectu\u00e9s  par  les \u00e9l\u00e8ves  des\n\u00e9tablissements  d'enseignement  sup\u00e9rieur  dans  la limite  des  cr\u00e9dits  allou\u00e9s  ;\n3\u00b0) le programme  annuel  d'emploi  des  cr\u00e9dits  consacr\u00e9s  \u00e0 la convocation  de la r\u00e9serve\nop\u00e9rationnelle  de la brigade  de sapeurs-pompiers  de Paris  ;\n4\u00b0) le programme  annuel  d'emploi  des  cr\u00e9dits  consacr\u00e9s  \u00e0 la formation  du personnel  de la\nbrigade  de sapeurs-pompiers  de Paris  ;\n5\u00b0) les conventions  de partenariat  \u00e0 titre  non  on\u00e9reux  entre  la brigade  de sapeurs-pompiers\nde Paris  et des  entreprises  ou des  structures  publiques  lorsqu'elles  ont  pour  objet  des\n\u00e9changes  professionnels  ou des  partages  d'exp\u00e9riences  concourant  \u00e0 une  am\u00e9lioration\ndu service  public  ;\n2024-01496\n\n6\u00b0) les conventions  de partenariat  a titre  non  on\u00e9reux  relatives  a la formation  ;\n7\u00b0) les conventions  de partenariat  ou d'\u00e9changes  \u00e0 titre  non  on\u00e9reux  entre  la brigade  de\nsapeurs-pompiers  de Paris  et des  services  d'incendie  et de secours  fran\u00e7ais  ou\n\u00e9trangers  ;\n8\u00b0) les conventions  portant  r\u00e9tribution  pour  les services  divers  rendus  par  la brigade  de\nsapeurs-pompiers  de Paris  tels  qu'ils  sont  \u00e9num\u00e9r\u00e9s  par l'arr\u00eat\u00e9  fixant  le montant  des\nr\u00e9tributions  dues  pour  les services  divers  rendus  par  la brigade  de sapeurs-pompiers  de\nParis  ;\n9\u00b0) en tant  que  de besoin,  les conventions  relatives  aux  stages  effectu\u00e9s  :\na) par  les \u00e9l\u00e8ves  des  \u00e9tablissements  d'enseignement  sup\u00e9rieur  non  admis  au b\u00e9n\u00e9fice\nd'un  stage  r\u00e9mun\u00e9r\u00e9  par  la BSPP  ;\nb) par les adultes  en formation  professionnelle  continue,  en vue  d'occuper  un emploi  au\nsein  des  partenaires  publics  de la BSPP,  dans  le cadre  de l'ex\u00e9cution  de ses missions  ;\nc) par  les adultes,  \u00e0 bord  des  v\u00e9hicules  d'intervention  de la BSPP,  dans  le cadre  d'une\npr\u00e9paration  professionnelle  sp\u00e9cifique  ou d'une  op\u00e9ration  de sensibilisation  aux\nmissions  de secours  \u00e0 victime  ;\n10\u00b0)  les conventions  de pr\u00eat  gratuit  d'installations  d'entra\u00eenement  \u00e0 caract\u00e8re  sportif,\nmilitaire  ou relatives  aux  missions  relevant  du service  d'incendie  et de secours  :\na) int\u00e9gr\u00e9es  au sein  des  centres  de secours  de la BSPP,  au profit  d'unit\u00e9s  de police  des\ndirections  de la pr\u00e9fecture  de police,  de la gendarmerie  nationale  ou d'unit\u00e9s\nmilitaires  ;\nb) appartenant  \u00e0 l'Etat,  aux  diverses  collectivit\u00e9s  territoriales,  aux  entreprises  publiques\nou priv\u00e9es  ;\n11\u00b0)  les documents  ordonnant  les d\u00e9placements  de personnel  de la brigade  de sapeurs-\npompiers  de Paris,  d\u00e8s  lors  qu'ils  ont  pour  effet  de produire  un engagement  financier,\ntels  que  :\na) les notes  de mise  en route  pour  la m\u00e9tropole  ;\nb) les notes  de mise  en route  pour  l'outre-mer  et l'\u00e9tranger  ;\nc) les ordres  de mission  ;\n12\u00b0)  les conventions  de mise  \u00e0 disposition  de volontaires  dans  le cadre  du service  civique  ;\n13\u00b0)  les conventions,  participant  au rayonnement  et au lien  Arm\u00e9es  Nation  avec  le monde\nassociatif  ;\n14\u00b0)  les conventions  encadrant  les autorisations  d'occupation  temporaire  \u00e0 titre  non  on\u00e9reux\nli\u00e9es  aux  activit\u00e9s  apicoles  ;\n15\u00b0)  les conventions  conclues  avec  les associations  li\u00e9es  \u00e0 la BSPP,  notamment  dans  le\ndomaine  social,  sportif  et culturel  ;\n16\u00b0)  les certificats  administratifs  de don  \u00e0 un organisme  d'int\u00e9r\u00eat  g\u00e9n\u00e9ral  (formulaire  11580)\npour  tous  les dons  re\u00e7us  par  la brigade  de sapeurs-pompiers  de Paris,  y compris  en\nnature,  sans  limitation  de valeur.\n17\u00b0)  les conventions  cadre  aupr\u00e9s  des  bailleurs  priv\u00e9s  ainsi  que  les actes  de gestion  relatifs\naux  nouvelles  prises  a bail.\n18\u00b0)  les correspondances  et actes  de gestion  courante  relatifs  aux  baux  de logement.\nArticle  9\nEn cas  d'absence  ou d'emp\u00eachement  du g\u00e9n\u00e9ral  de brigade  Arnaud  de CACQUERAY\nVALMENIER,  le colonel  Guillaume  TROHEL  recoit  d\u00e9l\u00e9gation  pour  signer,  dans  la limite  de ses\nattributions,  les actes  et conventions  vis\u00e9s  \u00e0 l'article  8.\nEn cas  d'absence  ou d'emp\u00eachement  du colonel  Guillaume  TROHEL,  la d\u00e9l\u00e9gation  qui lui est\nconsentie  par  le pr\u00e9sent  article  est exerc\u00e9e,  dans  la limite  de ses attributions,  par  le colonel\nRoger  BARRAU,  adjoint  territorial.\n2024-01496\n\nEn cas  d'absence  ou d'emp\u00e9chement  du colonel  Roger  BARRAU,  la d\u00e9l\u00e9gation  qui lui est\nconsentie  par  le pr\u00e9sent  article  est exerc\u00e9e,  dans  la limite  de ses attributions,  par  le colonel\nLaurent  LEYGUE,  chef  d'\u00e9tat-major.\nArticle  10\nEn cas  d'absence  ou d'emp\u00e9chement  du colonel  Laurent  LEYGUE,  le colonel  Roland\nPERFETTA  re\u00e7oit  d\u00e9l\u00e9gation  pour  signer,  dans  la limite  de ses attributions,  les conventions\nde formation  sp\u00e9cifiques  \u00e0 titre  on\u00e9reux  contenues  dans  le programme  annuel  d'emploi  des\ncr\u00e9dits  consacr\u00e9s  \u00e0 la formation  du personnel  de la brigade  de sapeurs-pompiers  de paris\nainsi  que  les conventions-types  relatives  \u00e0 l'emploi  pr\u00e9vues  au 1\u00b0 de l'article  8. En cas\nd'absence  ou en cas d'emp\u00e9chement,  le lieutenant-colonel  Karl  FILLON  et le lieutenant-\ncolonel  Florence  BONNEFOND  re\u00e7oivent  d\u00e9l\u00e9gation  pour  signer  dans  la limite  de leurs\nattributions  ces  m\u00eames  documents.\nArticle  11\nEn cas  d'absence  ou d'emp\u00eachement  du colonel  Laurent  LEYGUE,  le colonel  Roland\nPERFETTA  re\u00e7oit  d\u00e9l\u00e9gation  pour  signer,  dans  la limite  de ses attributions,  les documents\nd\u00e9coulant  du b\u00e9n\u00e9fice  du r\u00e9gime  douanier  applicable  aux  importations  et exportations\neffectu\u00e9es  pour  le compte  du minist\u00e8re  des  Arm\u00e9es  et du personnel  qui  y est affect\u00e9  ainsi\nque  les conventions-type  de stages  effectu\u00e9s  par  les \u00e9l\u00e8ves  des  \u00e9tablissements\nd'enseignement  secondaire.  En cas  d'absence  ou en d'emp\u00e9chement  de ce dernier,  le\nlieutenant-colonel  Thierry  VERDET  et le commandant  Anne  OLLIVIER  sont  habilit\u00e9s  \u00e0 signer,\ndans  la limite  de leurs  attributions,  les m\u00eames  documents.\nArticle  12\nEn cas  d'absence  ou d'emp\u00e9chement  du colonel  Laurent  LEYGUE,  le m\u00e9decin  chef  des\nservices  de classe  normale  St\u00e9phane  TRAVERS,  sous-chef  d'\u00e9tat-major,  chef  de la division\nsant\u00e9,  re\u00e7oit  d\u00e9l\u00e9gation  pour  signer  les conventions-types  relatives  aux  stages  non  on\u00e9reux\ninscrits  dans  le plan  de formation  de la division  sant\u00e9.  En cas  absence  ou d'emp\u00e9chement  de\nce dernier,  le m\u00e9decin  chef  Olivier  STIBBE,  chef  du bureau  de m\u00e9decine  d'urgence,  est\nhabilit\u00e9  \u00e0 signer,  dans  la limite  de ses attributions,  les m\u00eames  documents.\nArticle  13\nEn cas  d'absence  ou d'emp\u00e9chement  du colonel  Laurent  LEYGUE,  le colonel  Patrick\nGINDRE,  sous-chef  d'\u00e9tat-major,  chef  de la division  emploi,  le colonel  Nicolas  DEGRAND,\nsous-chef  d'\u00e9tat-major,  chef  de la division  logistique,  le colonel  Roland  PERFETTA,  le\ncommissaire  en chef  de 1\u00b0\" classe  Renaud  de CORTA,  le m\u00e9decin  chef  des  services  de classe\nnormale  St\u00e9phane  TRAVERS,  re\u00e7oivent  d\u00e9l\u00e9gation  pour  signer,  dans  la limite  de leurs\nattributions,  les notes  de mise  en route  pour  la m\u00e9tropole  relevant  de l'article  811\u00b0).\nArticle  14\nEn cas  d'absence  ou d'emp\u00eachement  du colonel  Laurent  LEYGUE,  le capitaine  Olivier\nCLIMAUD,  officier  tr\u00e9sorier,  re\u00e7oit  d\u00e9l\u00e9gation  pour  signer  les ordres  de mission  relevant  de\nl'article  81\u00b0).\nArticle  15\nEn cas  d'absence  ou d'emp\u00e9chement  du g\u00e9n\u00e9ral  de brigade  Arnaud  de CACQUERAY\nVALMENIER,  le colonel  PERFETTA,  chef  de la division  organisation  ressources  humaines,\nre\u00e7oit  d\u00e9l\u00e9gation  pour  signer  les actes  de gestion  relatifs  aux  nouvelles  prises  \u00e0 bail  relevant\nde l'article  817).\nArticle  16\nEn cas  d'absence  ou d'emp\u00eachement  du g\u00e9n\u00e9ral  de brigade  Arnaud  de CACQUERAY\nVALMENIER,  le chef  de bataillon  David  PENEAUD,  re\u00e7oit  d\u00e9l\u00e9gation  pour  signer  les\n2024-01496\n\ncorrespondances  et actes  de gestion  courante  relatifs  aux  baux  de logement  relevant  de\nl'article  818).\nArticle  17\nEn cas d'absence  ou d'emp\u00eachement  du g\u00e9n\u00e9ral  de brigade  Arnaud  de CACQUERAY\nVALMENIER,  le commissaire  en chef  de 1** classe  Renaud  de CORTA  re\u00e7oit  d\u00e9l\u00e9gation  pour\nsigner  des  conventions  \u00e0 titre  on\u00e9reux  relatives  aux  frais  de d\u00e9placement  relevant  de l'article\n217.\nArticle  18\nLa pr\u00e9f\u00e8te,  directrice  de cabinet,  et le g\u00e9n\u00e9ral  commandant  la brigade  de sapeurs-pompiers\nde Paris,  sont  charg\u00e9s,  chacun  en ce qui le concerne,  de l'ex\u00e9cution  du pr\u00e9sent  arr\u00eat\u00e9  qui\nsera  publi\u00e9  aux  recueils  des  actes  administratifs  de la pr\u00e9fecture  de police  et des  pr\u00e9fectures\ndes  Hauts-de-Seine,  de la Seine-Saint-Denis  et du Val-de-Marne,  ainsi  qu'au  portail  des\npublications  de la Ville  de Paris.\nFait  \u00e0 Paris,  le @ 7 OCT.  2994\\ j\n\\ \u2014.\nLaurent  NUNEZ  /\n2024-01496  7\n\nPREFECTURE  ci \u00c9PR\u00c9FETDE POLICE  @ DES HAUTS-DE-SEINELibert\u00e9  Libert\u00e9Egalit\u00e9  \u00c9galit\u00e9Fraternit\u00e9  Fraternit\u00e9\nArr\u00eat\u00e9  n\u00b0 2024-01503\ninstituant  un p\u00e9rim\u00e8tre  au sein  duquel  la pr\u00e9sence  de certaines  cat\u00e9gories  de supporters  est\nr\u00e9glement\u00e9e  et instaurant  certaines  mesures  de police  \u00e0 l'occasion  de la rencontre  de football\nde Ligue  des  Champions  du mardi  22 octobre  2024  entre  les \u00e9quipes  du PARIS  SAINT-\nGERMAIN  et du Philips  Sport  Vereniging  EINDHOVEN  au Parc  des  Princes\nLe pr\u00e9fet  de police  et le pr\u00e9fet  des  Hauts-de-Seine,\nVu le code  p\u00e9nal;\nVu le code  de proc\u00e9dure  p\u00e9nale  ;\nVu le code  des  relations  entre  le public  et l'administration  ;\nVu le code  de la s\u00e9curit\u00e9  int\u00e9rieure,  notamment  ses articles  L. 122-1  et L. 122-2;\nVu le code  du sport,  notamment  son  article  L. 332-16-2  ;\nVu le d\u00e9cret  n\u00b0 2004-374  du 29 avril  2004  modifi\u00e9  relatif  aux  pouvoirs  des  pr\u00e9fets,  \u00e0 l'organisation\net \u00e0 l'action  des  services  de l'Etat  dans  les r\u00e9gions  et d\u00e9partements,  notamment  ses articles  72\net 73;\nVu la circulaire  du ministre  de l'Int\u00e9rieur  INTD2205085}  du 25 avril  2022  relative  aux  rencontres\nsportives  a risques  et interdictions  de d\u00e9placement  de supporters  ;\nVu le d\u00e9cret  du 20 juillet  2022  par  lequel  M. Laurent  NUNEZ,  pr\u00e9fet,  coordonnateur  national  du\nrenseignement  et de la lutte  contre  le terrorisme,  est  nomm\u00e9  pr\u00e9fet  de police  (hors  classe)  ;\nVu le d\u00e9cret  du 29 juillet  2020  par  lequel  M. Laurent  HOTTIAUX,  pr\u00e9fet,  est nomm\u00e9  pr\u00e9fet  des\nHauts-de-Seine  (hors  classe)  ;\nConsid\u00e9rant  que,  en application  des  articles  L. 122-1  et L. 122-2  du code  de la s\u00e9curit\u00e9  int\u00e9rieure\net 72 et 73 du d\u00e9cret  du 29 avril  2004  susvis\u00e9,  le pr\u00e9fet  de police  a la charge  de l'ordre  public,\nnotamment  la pr\u00e9vention  des  atteintes  \u00e0 la s\u00e9curit\u00e9  des  personnes  et des  biens,  \u00e0 Paris  et dans\nle d\u00e9partement  des  Hauts-de-Seine  ;\nConsid\u00e9rant  que,  en application  de l'article  L. 332-16-2  du code  du sport,  le repr\u00e9sentant  de\nl'\u00c9tat  dans  le d\u00e9partement  ou, \u00e0 Paris,  le pr\u00e9fet  de police  peut,  par arr\u00eat\u00e9,  restreindre  la libert\u00e9\nd'aller  et de venir  des  personnes  se pr\u00e9valant  de la qualit\u00e9  de supporter  d'une  \u00e9quipe  ou se\ncomportant  comme  tel sur  les lieux  d'une  manifestation  sportive  et dont  la pr\u00e9sence  est\nsusceptible  d'occasionner  des  troubles  graves  pour  l'ordre  public  ; que  le fait  pour  les personnes\nconcern\u00e9es  de ne pas  se conformer  \u00e0 l'arr\u00eat\u00e9  pris  en application  des  deux  premiers  alin\u00e9as  est\npuni  de six mois  d'emprisonnement  et d'une  amende  de 30 000  \u20ac, en application  du m\u00eame\narticle;\n\nConsid\u00e9rant  que,  \u00e0 l'occasion  de la 3\u00e8me  journ\u00e9e  de la Ligue  des Champions  de football\n2024/2025,  l'\u00e9quipe  du Paris  Saint-Germain  (PSG)  recevra  celle  du Philips  Sport  Vereniging\nEindhoven  (PSV  Eindhoven)  au Parc  des Princes  le mardi  22 octobre  2024  \u00e0 21h00;  qu'\u00e0  cette\noccasion,  un nombre  important  de supporters  seront  pr\u00e9sents  aux abords  et \u00e0 l'int\u00e9rieur  du Parc\ndes Princes;  que  2000  supporters  n\u00e9erlandais  doivent  faire  le d\u00e9placement  afin  d'assister  au\nmatch  dont  400  \u00e0 500 hooligans  et ultras  n\u00e9erlandais  class\u00e9s  \u00e0 risque  ; qu'environ  1 200 membres\ndu Collectif  Ultras  Paris  seront  \u00e9galement  pr\u00e9sents  dans  le stade  ; qu'il  existe  un risque  s\u00e9rieux  de\nconfrontation  entre  ces supporters;  que  plusieurs  membres  de la Jeunesse  Boulogne  sont  en\neffet  susceptibles  d'arpenter  diff\u00e9rents  secteurs  de la capitale  la veille  et le jour  de l'\u00e9v\u00e8nement\nafin  de localiser  mais  aussi  d'\u00e9valuer  la mobilisation  des supporters  n\u00e9erlandais;  que  de\nnombreux  incidents  avaient  \u00e9t\u00e9 constat\u00e9s  dans  le Pas-de-Calais  entre  supporters  n\u00e9erlandais  et\nlensois  lors  de la rencontre  de la derni\u00e8re  Ligue  des Champions  qui opposait  le Racing  Club  de\nLens  au PSV  Eindhoven  le 24 octobre  2023;\nConsid\u00e9rant  que,  dans  ce contexte,  toute  rencontre  fortuite  ou provoqu\u00e9e  entre  des \u00e9l\u00e9ments\n\u00e0 risques  du Paris  Saint-Germain  et du PSV  Eindhoven  serait  de nature  \u00e0 causer  des troubles  \u00e0\nl'ordre  public;  qu'\u00e0  l'occasion  de ce match,  il existe  en outre  un risque  important  que  les\nsupporters  du Paris  Saint-Germain  fassent  un usage  d'engins  pyrotechniques;  que  de telles\nman\u0153uvres  seraient  de nature  \u00e0 attiser  des tensions  entre  les supporters  des deux  \u00e9quipes\npr\u00e9sents  dans  les tribunes  mais  \u00e9galement  avec  les stadiers  ; qu'en  application  de l'article\nL. 332-8  du code  du sport,  l'usage  d'engins  pyrotechniques  et d\u00e9tonants  est constitutif  d'un  d\u00e9lit\npuni  de trois  ans d'emprisonnement  et de 15 000  euros  d'amende  ;\nConsid\u00e9rant,  d\u00e8s lors,  que  cett\u00e9  rencontre  du 22 octobre  2024  pourrait  g\u00e9n\u00e9rer  des incidents,\nvoire  des affrontements  entre  les supporters,  tant  aux abords  de l'enceinte  sportive  que  dans\nles rues  adjacentes  ou \u00e0 hauteur  des d\u00e9bits  de boissons  environnants,  avant  et apr\u00e8s  le match;\nConsid\u00e9rant,  par ailleurs,  que  les forces  de s\u00e9curit\u00e9  int\u00e9rieure  seront  particuli\u00e8rement  mobilis\u00e9es\nle mardi  22 octobre  2024,  sans  pr\u00e9judice  de leurs  suj\u00e9tions  habituelles,  pour  assurer  la\ns\u00e9curisation  des sites  institutionnels  et gouvernementaux  sensibles,  ainsi  qu'\u00e0  l'occasion  de\nmanifestations  sur la voie  publique  ; qu'en  outre,  ce match  s'inscrit  dans  un contexte  de menace\nterroriste  aig\u00fce  ayant  conduit  au rel\u00e8vement  du plan  VIGIPIRATE  \u00ab Urgence  attentat  \u00bb depuis  le\n24 mars  2024  sur l'ensemble  du territoire  national  ;\nConsid\u00e9rant  que,  dans  ces conditions,  \u00e0 l'occasion  du match  du 22 octobre  2024  entre  les\n\u00e9quipes  du Paris  Saint-Germain  et du PSV Eindhoven,  seule  une interdiction  d'acc\u00e8s  \u00e0 un\np\u00e9rim\u00e8tre  compris  entre  les d\u00e9partements  de Paris  et des Hauts-de-Seine  autour  du Parc  des\nPrinces  pour  les personnes  se pr\u00e9valant  de la qualit\u00e9  de supporter  du PSV Eindhoven  ou se\ncomportant  comme  tel, comprenant  certaines  mesures  d'interdiction,  dont  celle  de d\u00e9tention\net de transport  de boissons  alcooliques  ainsi  que leur consommation  sur la voie  publique,  est de\nnature  \u00e0 pr\u00e9venir  les atteintes  \u00e0 la s\u00e9curit\u00e9  des personnes  et des biens  ;\nARRETENT\nArticle  1% - Le mardi  22 octobre  2024,  il est .1stitu\u00e9  un p\u00e9rim\u00e8t-_  a Paris  et dans  les Hauts-de-\nSeine  d\u00e9limit\u00e9  selon  la cartographie  figurant  en annexe.\nArticle  2 - Dans  le p\u00e9rim\u00e8tre  institu\u00e9  par l'article  1\u00b0 sont  interdits  le mardi  22 octobre  2024  sur\nla voie  publique  :\n1\u00b0 la pr\u00e9sence  des personnes  se pr\u00e9valant  de la qualit\u00e9  de supporter  du PSV Eindhoven  ou se\ncomportant  comme  tel ;\n2024-01503\n\n2\u00b0 l'introduction,  la d\u00e9tention  et le transport  de tous  objets  susceptibles  de constituer  une  arme\nau sens  de l'article  132-75  du code  p\u00e9nal  ou pouvant  servir  de projectile  pr\u00e9sentant  un danger\npour  la s\u00e9curit\u00e9  des  personnes  et des  biens,  en particulier  les bouteilles  en verre,  ainsi  que\nl'introduction,  la d\u00e9tention  et le transport  de boissons  alcooliques  et leur  consommation  sur la\nvoie  publique.\nLes mesures  pr\u00e9vues  au 2\u00b0 du pr\u00e9sent  article  ne s'appliquent  pas  aux  r\u00e9sidents,  qui pourront\njustifier  de cette  qualit\u00e9  par tous  moyens,  ainsi  que  dans  les parties  du p\u00e9rim\u00e8tre  dont  le\ndomaine  public  est r\u00e9guli\u00e8rement  occup\u00e9  par des restaurants  et d\u00e9bits  de boissons  titulaires  des\nautorisations  n\u00e9cessaires.\nArticle  3 - Les  repr\u00e9sentants  sur place  de l'autorit\u00e9  de police  sont  autoris\u00e9s  \u00e0 prendre  des\nmesures  compl\u00e9mentaires  \u00e0 celles  fix\u00e9es  par le pr\u00e9sent  arr\u00eat\u00e9,  en fonction  de l'\u00e9volution  de la\nsituation  et lorsque  les circonstances  l'exigent.\nArticle  4 - Le pr\u00e9fet  des  Hauts-de-Seine,  la pr\u00e9f\u00e8te,  directrice  du cabinet  du pr\u00e9fet  de police,  le\ndirecteur  de l'ordre  public  et de la circulation  et la directrice  de la s\u00e9curit\u00e9  de proximit\u00e9  de\nl'agglom\u00e9ration  parisienne  sont  charg\u00e9s,  chacun  en ce qui le concerne,  de l'ex\u00e9cution  du pr\u00e9sent\narr\u00eat\u00e9  qui sera  publi\u00e9  aux  recueils  des  actes  administratifs  du d\u00e9partement  de Paris  et de la\npr\u00e9fecture  des  Hauts-de-Seine,  et consultable  sur le site  internet  de la pr\u00e9fecture  de police\n(https://www.prefecturedepolice.interieur.gouv.fr).\nFait a Paris, le Fait \u00e0 Nanterre,  le | 4 OCT. 202410 OCT. 2\nLe pr\u00e9fet  de Police  Le pr\u00e9fet  des  Hauts-de-Seine\n}\n| |\n\u2014  >\nLaurent  NUNEZ  '\n2024-01503\n\nAnnexe  de l'arr\u00eat\u00e9  n\u00b0 2024-01503  du Fe OFT. opog\nVOIES  ET DELAIS  DE RECOURS\nSi vous  estimez  devoir  contester  le pr\u00e9sent  arr\u00e9t\u00e9,  il vous  est possible,  dans  un d\u00e9lai\nde deux  mois  \u00e0 compter  de la date  de sa publication  :\n- soit  de saisir  d'un  RECOURS  GRACIEUX\nle Pr\u00e9fet  de Police\n7/9,  boulevard  du Palais  - 75195  PARIS  RP\n- ou de former  un RECOURS  HIERARCHIQUE\naupr\u00e8s  du Ministre  de l'int\u00e9rieur\nDirection  des libert\u00e9s  publiques  et des affaires  juridiques\nplace  Beauvau  - 75008  PARIS\n- soit  de saisir  d'un  RECOURS  CONTENTIEUX\nle Tribunal  administratif  comp\u00e9tent\nAucune  de ces voies  et recours  ne suspend  l'application  de la pr\u00e9sente  d\u00e9cision.\nLes recours  GRACIEUX  et HIERARCHIQUE  doivent  \u00eatre \u00e9crits,  exposer  les arguments\nou faits  nouveaux  et comprendre  la copie  de l'arr\u00eat\u00e9  contest\u00e9.\nLe recours  CONTENTIEUX,  qui vise \u00e0 contester  la LEGALITE  de la pr\u00e9sente  d\u00e9cision,\ndoit  \u00e9galement  \u00eatre  \u00e9crit  et exposer  votre  argumentation  juridique.\nSi vous  n'aviez  pas de r\u00e9ponse  \u00e0 votre  recours  GRACIEUX  ou HIERARCHIQUE  dans  un\nd\u00e9lai  de deux  mois  \u00e0 compter  de la r\u00e9ception  de votre  recours  par l'administration,  votre\ndemande  devra  \u00eatre  consid\u00e9r\u00e9e  comme  rejet\u00e9e  (d\u00e9cision  implicite  de rejet).\nEn cas de rejet  des recours  GRACIEUX  ou HIERARCHIQUE,  le Tribunal  administratif\npeut  \u00eatre saisi d'un  recours  contentieux  dans  le d\u00e9lai  de deux  mois  \u00e0 compter  de la date  de la\nd\u00e9cision  de rejet.\n\n2024-01503\n\nPREFECTURE\nDE POLICE\nLibert\u00e9\nEgalit\u00e9\nFraternit\u00e9 \nCABINET DU PREFET  \n \n \n \n \nArr\u00eat\u00e9 n\u00b0 2024-01504  \nautorisant la captation, l'enregistrement et la tra nsmission d'images au moyen de cam\u00e9ras \ninstall\u00e9es sur des a\u00e9ronefs \u00e0 Paris \u00e0 l'occasion d' une op\u00e9ration de contr\u00f4le routier \u00e0 \nColombes (92) le 17 octobre 2024 \n \nLe pr\u00e9fet de police, \n \nVu le code de la s\u00e9curit\u00e9 int\u00e9rieure, notamment ses  articles L. 242-1 \u00e0 L.  242-8 et R.  242-8 \u00e0 \nR. 242-15 ; \n \nVu le d\u00e9cret n\u00b0 2004-374 modifi\u00e9 du 29 avril 2004 r elatif aux pouvoirs des pr\u00e9fets, \u00e0 \nl'organisation et \u00e0 l'action des services de l'Etat  dans les r\u00e9gions et d\u00e9partements, \nnotamment son article 73  ; \n \nVu l'arr\u00eat\u00e9 du 19 avril 2023 relatif au nombre maxi mal de cam\u00e9ras install\u00e9es sur des a\u00e9ronefs \npouvant \u00eatre simultan\u00e9ment utilis\u00e9es dans chaque d\u00e9 partement et collectivit\u00e9 \nd'outre-mer  ; \n \nVu l'instruction minist\u00e9rielle NOR IOMD2311883J du 30 avril 2023 relative \u00e0 la proc\u00e9dure \nd'autorisation des cam\u00e9ras install\u00e9es sur des a\u00e9ron efs pour des missions de police \nadministrative  ; \n \nVu le d\u00e9cret du 20 juillet 2022 par lequel M. Laure nt NU\u00d1EZ, pr\u00e9fet, coordonnateur national \ndu renseignement et de la lutte contre le terrorism e, est nomm\u00e9 pr\u00e9fet de police (hors \nclasse)  ; \n \nVu la demande en date du 7 octobre 2024 form\u00e9e par la sous-direction r\u00e9gionale de la \ncirculation et de la s\u00e9curit\u00e9 routi\u00e8res de la direc tion de l'ordre public et de la circulation \nvisant \u00e0 obtenir l'autorisation de capter, d'enregi strer et de transmettre des images au \nmoyen de deux cam\u00e9ras install\u00e9es sur des a\u00e9ronefs t \u00e9l\u00e9-pilot\u00e9s afin d'assurer la pr\u00e9vention \ndes atteintes \u00e0 la s\u00e9curit\u00e9 des personnes et des bi ens et la r\u00e9gulation des flux de transport \n\u00e0 l'occasion d'une op\u00e9ration de contr\u00f4le routier \u00e0 Colombes dans les Hauts-de-Seine le 17 \noctobre 2024  ; \n \nConsid\u00e9rant que les dispositions du I de l'article L. 242-5 du code de la s\u00e9curit\u00e9 int\u00e9rieure \npermettent aux forces de s\u00e9curit\u00e9 int\u00e9rieure, dans l'exercice de leurs missions de \npr\u00e9vention des atteintes \u00e0 l'ordre public et de pro tection de la s\u00e9curit\u00e9 des personnes et \ndes biens, de proc\u00e9der \u00e0 la captation, \u00e0 l'enregist rement et \u00e0 la transmission d'images au \nmoyen de cam\u00e9ras install\u00e9es sur des a\u00e9ronefs aux fi ns d'assurer la pr\u00e9vention des atteintes \n\u00e0 la s\u00e9curit\u00e9 des personnes et des biens et la r\u00e9gu lation des flux de transport  ; \n \nConsid\u00e9rant que se d\u00e9roulera, le jeudi 17 octobre 2 024, une op\u00e9ration de contr\u00f4le routier \nrenforc\u00e9 visant \u00e0 r\u00e9primer d'\u00e9ventuels refus d'obte mp\u00e9rer dans un secteur particuli\u00e8rement \nconcern\u00e9 par ce ph\u00e9nom\u00e8ne  ; que cette op\u00e9ration a \u00e9galement pour objectif de r\u00e9guler les \nflux de transport et le passage du Tramway de la li gne T2 dans une zone fr\u00e9quemment \nembouteill\u00e9e  ;  \n \nConsid\u00e9rant que le recours \u00e0 des cam\u00e9ras a\u00e9roport\u00e9e s permet de disposer d'une vision en \ngrand angle tout en limitant l'engagement des force s au sol  ; qu'il permet par ailleurs de \n2024-01504 2 suivre les auteurs d'\u00e9ventuels refus d'obtemp\u00e9rer t out en garantissant la s\u00e9curit\u00e9 des \nintervenants, des personnes et des biens  ; qu'il n'existe pas de dispositif moins intrusif \npermettant de parvenir aux m\u00eames fins  ; \n \nConsid\u00e9rant que la demande de la sous-direction r\u00e9g ionale de la circulation et de la s\u00e9curit\u00e9 \nrouti\u00e8re porte sur l'engagement de deux cam\u00e9ras a\u00e9r oport\u00e9es qui pourront \u00eatre en vol \nsimultan\u00e9ment en vue de capter, d'enregistrer et de  transmettre des images  ; que la dur\u00e9e \nde l'autorisation demand\u00e9e n'appara\u00eet pas dispropor tionn\u00e9e au regard des finalit\u00e9s \npoursuivies  ; \n \nSur proposition de la sous-direction r\u00e9gionale de l a circulation et de la s\u00e9curit\u00e9 routi\u00e8res, \n \n \nARRETE  : \n \nArticle 1 er  \u2013 La captation, l'enregistrement et la transmissio n d'images par la sous-direction \nr\u00e9gionale de la circulation et de la s\u00e9curit\u00e9 routi \u00e8res sont autoris\u00e9s dans les Hauts-de-Seine \nle jeudi 17 octobre 2024 aux titres de  : \n- la pr\u00e9vention des atteintes \u00e0 la s\u00e9curit\u00e9 des perso nnes et des biens  ; \n- la r\u00e9gulation des flux de transport. \n \nArticle 2  \u2013 Le nombre maximal de cam\u00e9ras pouvant proc\u00e9der si multan\u00e9ment \u00e0 des \nenregistrements est fix\u00e9 \u00e0 2 cam\u00e9ras embarqu\u00e9es sur  des a\u00e9ronefs t\u00e9l\u00e9-pilot\u00e9s. \n \nArticle 3  \u2013 La pr\u00e9sente autorisation s'applique au p\u00e9rim\u00e8tre  g\u00e9ographique figurant sur le \nplan en annexe au pr\u00e9sent arr\u00eat\u00e9. \n \nArticle 4  \u2013 La pr\u00e9sente autorisation est d\u00e9livr\u00e9e pour le je udi 17 octobre 2024 de 09h00 \u00e0 \n11h00 pour l'ensemble des finalit\u00e9s pr\u00e9cit\u00e9es. \n \nArticle 5  \u2013 L'information du public est assur\u00e9e par la publi cation de l'arr\u00eat\u00e9 aux recueils des \nactes administratifs du d\u00e9partement de Paris et de la pr\u00e9fecture des Hauts-de-Seine, sa mise \nen ligne sur le site internet de la pr\u00e9fecture de p olice ainsi que par une information sur les \nr\u00e9seaux sociaux. \n \nArticle 6  \u2013 Le registre mentionn\u00e9 \u00e0 l'article L. 242-4 du co de de la s\u00e9curit\u00e9 int\u00e9rieure est \ntransmis au pr\u00e9fet de police, \u00e0 l'issue de la p\u00e9rio de d'autorisation. \n \nArticle 7  \u2013 Le pr\u00e9fet des Hauts-de-Seine, la pr\u00e9f\u00e8te, direct rice du cabinet du pr\u00e9fet de \npolice, et le directeur de l'ordre public et de la circulation sont charg\u00e9s, chacun en ce qui le \nconcerne, de l'ex\u00e9cution du pr\u00e9sent arr\u00eat\u00e9 qui sera  publi\u00e9 aux recueils des actes \nadministratifs du d\u00e9partement de Paris et de la pr\u00e9 fecture des Hauts-de-Seine et \nconsultable sur le site internet de la pr\u00e9fecture d e police \n(https://www.prefecturedepolice.interieur.gouv.fr ).  \n \nFait \u00e0 Paris, le 10 octobre 2024 \nSIGN\u00c9 \nPour le pr\u00e9fet de police \nLa pr\u00e9f\u00e8te, directrice de cabinet,  \nMagali CHABONNEAU  \n2024-01504 3 Annexe de l'arr\u00eat\u00e9 n\u00b0 2024-01504 du 10 octobre 2024  \n \n \nVOIES ET DELAIS DE RECOURS  \n_______________________ \n \n \n \nSi vous estimez devoir contester la pr\u00e9sente autori sation, il vous est possible, dans un d\u00e9lai \nde deux mois \u00e0 compter de la date de son affichage ou de sa publication  : \n \n \n- soit de saisir d'un RECOURS GRACIEUX  \nle Pr\u00e9fet de Police  \n7/9, boulevard du Palais - 75195 PARIS RP  \n \n- ou de former un RECOURS HIERARCHIQUE  \n  aupr\u00e8s du Ministre de l'int\u00e9rieur et des outre-me r  \n  Direction des libert\u00e9s publiques et des affaires juridiques  \n  place Beauvau - 75008 PARIS  \n \n- soit de saisir d'un RECOURS CONTENTIEUX  \nle Tribunal administratif comp\u00e9tent  \n \n \nAucune de ces voies et recours ne suspend l'applica tion de la pr\u00e9sente d\u00e9cision. \n \nLes recours GRACIEUX et HIERARCHIQUE doivent \u00eatre \u00e9 crits, exposer les arguments ou \nfaits nouveaux et comprendre la copie de la d\u00e9cisio n contest\u00e9e. \n \nLe recours contentieux, qui vise \u00e0 contester la LEG ALITE de la pr\u00e9sente d\u00e9cision, doit \n\u00e9galement \u00eatre \u00e9crit et exposer votre argumentation  juridique. \n \nSi vous n'aviez pas de r\u00e9ponse \u00e0 votre recours GRAC IEUX ou HIERARCHIQUE dans un d\u00e9lai \nde deux mois \u00e0 compter de la r\u00e9ception de votre rec ours par l'administration, votre \ndemande devra \u00eatre consid\u00e9r\u00e9e comme rejet\u00e9e (d\u00e9cisi on implicite de rejet). \n \nEn cas de rejet des RECOURS GRACIEUX ou HIERARCHIQU E, le Tribunal administratif peut \n\u00eatre saisi d'un recours contentieux dans le d\u00e9lai d e deux mois \u00e0 compter de la date de la \nd\u00e9cision de rejet. \n \n \n  \na 7NOLLWINDYID W130 13\u00aba Cn 'ill a ao| \\ , | 4 30 NOIL)341Q| eo iN if Z | Leneony) \u00cfNan\n|;\nHPITA See ChELC WCU TN Ld CrwsSIAJUD SIT 4yW14ier eepf4\nDUTELLE LOIsandy[LL EE391104 Id2024-01504 4  \n\nEl Cabinet  du pr\u00e9fetPREFECTURE  ap\nDE POLICE  4\nLibert\u00e9\n\u00c9galit\u00e9\nFraternit\u00e9\nArr\u00eat\u00e9ne  2024-01506\nPortant  d\u00e9l\u00e9gation  de la signature  pr\u00e9fectorale  au sein  du service  des  affaires  juridiques  et\ndu contentieux  et habilitant  certains  de ses agents  \u00e0 repr\u00e9senter  le pr\u00e9fet  de police  devant\nles juridictions\nLe pr\u00e9fet  de police,\nVU le code  g\u00e9n\u00e9ral  des  collectivit\u00e9s  territoriales  ;\nVU le code  des  relations  entre  le public  et l'administration  ;\nVU le d\u00e9cret  n\u00b0 2003-737  du 1\u00b0 ao\u00fbt  2003  portant  cr\u00e9ation  d'un  secr\u00e9tariat  g\u00e9n\u00e9ral  pour\nl'administration  \u00e0 la pr\u00e9fecture  de police  ;\nVU le d\u00e9cret  n\u00b0 2004-374  du 29 avril  2004  modifi\u00e9  relatif  aux  pouvoirs  des  pr\u00e9fets,  \u00e0\nl'organisation  et \u00e0 l'action  des  services  de l'Etat  dans  les r\u00e9gions  et d\u00e9partements  ;\nVU le d\u00e9cret  n\u00b0 2014-296  du 6 mars  2014  relatif  aux  secr\u00e9taires  g\u00e9n\u00e9raux  pour  l'administration\ndu minist\u00e8re  de l'int\u00e9rieur  et modifiant  diverses  dispositions  du code  de la d\u00e9fense  et du\ncode  de la s\u00e9curit\u00e9  int\u00e9rieure  ;\nVU le d\u00e9cret  du 20 juillet  2022  par  lequel  M. Laurent  NUNEZ,  pr\u00e9fet,  coordonnateur  national\ndu renseignement  et de la lutte  contre  le terrorisme,  est nomm\u00e9  pr\u00e9fet  de police  (hors\nclasse)  ;\nVU le d\u00e9cret  du 22 d\u00e9cembre  2022  par  lequel  M. Philippe  LE MOING  SURZUR,  administrateur\ng\u00e9n\u00e9ral,  est nomm\u00e9  pr\u00e9fet,  secr\u00e9taire  g\u00e9n\u00e9ral  pour  l'administration  de la pr\u00e9fecture  de\npolice  ;\nVU  la d\u00e9lib\u00e9ration  du conseil  de Paris  n\u00b02020-PP-53  des  23 et 24 juillet  2020  portant\nrenouvellement  de la d\u00e9l\u00e9gation  de pouvoir  accord\u00e9e  au pr\u00e9fet  de police  par  le conseil  de\nParis  dans  certaines  des  mati\u00e8res  \u00e9num\u00e9r\u00e9es  par  l'article  L. 2122-22  du code  g\u00e9n\u00e9ral  des\ncollectivit\u00e9s  territoriales  ;\nVU l'arr\u00eat\u00e9  pr\u00e9fectoral  n\u00b02022-00311  du 4 avril  2022  relatif  aux  missions  et \u00e0 l'organisation  du\nservice  des  affaires  juridiques  et du contentieux  ;\nSur  proposition  du pr\u00e9fet,  secr\u00e9taire  g\u00e9n\u00e9ral  pour  l'administration,\nARR\u00caTE\nD\u00e9l\u00e9gation  est donn\u00e9e  \u00e0 M. Jean-Fran\u00e7ois  LAVAUD,  conseiller  d'administration  de l'int\u00e9rieur,\nchef  du bureau  du contentieux  judiciaire  et de l'exc\u00e8s  de pouvoir  du service  des  affaires\njuridiques  et du contentieux  de la pr\u00e9fecture  de police  de Paris,  \u00e0 l'effet  de signer,  au nom  du\n, Ue\n\npr\u00e9fet  de police,  tous  actes,  arr\u00e9t\u00e9s,  d\u00e9cisions,  m\u00e9moires  et recours  dans  la limite  des\nattributions  d\u00e9finies  au chapitre  premier  de l'arr\u00eat\u00e9  du 4 avril  2022  susvis\u00e9.  A cet effet,  il\nrepr\u00e9sente  le pr\u00e9fet  de police  devant  toute  juridiction.\nEn cas d'absence  ou d'emp\u00e9chement  de M. Jean-Francois  LAVAUD,  la d\u00e9l\u00e9gation  qui lui est\nconsentie  est exerc\u00e9e  par Mme  Aude  VANDIER,  attach\u00e9e  principale  d'administration  de\nl'Etat,  adjointe  au chef  de bureau.\nEn cas d'absence  ou d'emp\u00e9chement  de M. Jean-Francois  LAVAUD  et de Mme  Aude\nVANDIER,  la d\u00e9l\u00e9gation  qui leur  est consentie  est exerc\u00e9e  par :\n= Mme  Juliette  MATHIS,  attach\u00e9e  d'administration  de l'Etat,  consultante  juridique  ;\n= Mme  Giulia  ORSO,  agent  contractuel  de cat\u00e9gorie  B, en qualit\u00e9  de cheffe  de la section\ndu contentieux  des \u00e9trangers  dans  la limite  de ses attributions.\nA cet effet,  ils sont  habilit\u00e9s  \u00e0 repr\u00e9senter  de fa\u00e7on  permanente  le pr\u00e9fet  de police  devant\nles juridictions  et peuvent  habiliter  tout  agent  \u00e0 cette  m\u00eame  fin.\nArticle  2 :\nD\u00e9l\u00e9gation  est donn\u00e9e  \u00e0 Mme  Olympe  ROUSSEL,  agent  contractuel  de cat\u00e9gorie  A, cheffe  du\nbureau  du contentieux  des responsabilit\u00e9s  du service  des affaires  juridiques  et du\ncontentieux  de la pr\u00e9fecture  de police  de Paris,  \u00e0 l'effet  de signer,  au nom  du pr\u00e9fet  de\npolice,  tous  actes,  arr\u00eat\u00e9s,  d\u00e9cisions,  m\u00e9moires  et recours  dans  la limite  des attributions\nd\u00e9finies  au chapitre  2 de l'arr\u00eat\u00e9  du 4 avril  2022  susvis\u00e9  et \u00e0 l'exception  des actes  engageant\nune d\u00e9pense  sup\u00e9rieure  \u00e0 10 000 euros.  A cet effet,  elle repr\u00e9sente  le pr\u00e9fet  de police\ndevant  toute  juridiction.\nEn cas d'absence  ou d'emp\u00e9chement  de Mme  Olympe  ROUSSEL,  la d\u00e9l\u00e9gation  qui lui est\nconsentie  est exerc\u00e9e  par Mme  Chlo\u00e9  DHAMBAHADOUR,  agent  contractuel  de cat\u00e9gorie  A,\nadjointe  \u00e0 la cheffe  de bureau.\nEn cas d'absence  ou d'emp\u00e9chement_  de Mme  Olympe  ROUSSEL  et de Mme  Chlo\u00e9\nDHAMBAHADOUR,  la d\u00e9l\u00e9gation  consentie  est exerc\u00e9e  par :\n= M. Etienne  DUGUET,  agent  contractuel  de cat\u00e9gorie  A, consultant  juridique  ;\n= M. Damien  SERRE,  secr\u00e9taire  administratif  de classe  normale,  chef  de la section  des\nexpulsions  locatives,  dans  la limite  de ses attributions  et \u00e0 l'exception  des d\u00e9cisions  et\nactes  engageant  les d\u00e9penses  sup\u00e9rieures  \u00e0 5 000 euros.\nA cet effet,  ils sont  habilit\u00e9s  \u00e0 repr\u00e9senter  de fa\u00e7on  permanente  le pr\u00e9fet  de police  devant\nles juridictions  et peuvent  habiliter  tout  agent  \u00e0 cette  m\u00eame  fin.\nArticle  3 :\nD\u00e9l\u00e9gation  est donn\u00e9e  \u00e0 M. Laurent  ECKERT,  agent  contractuel  de cat\u00e9gorie  A, chef  du\nbureau  du droit  des donn\u00e9es  et des documents  administratifs  du service  des affaires\njuridiques  et du contentieux  de la pr\u00e9fecture  de police  de Paris,  \u00e0 l'effet  de signer,  au nom  du\npr\u00e9fet  de police,  tous actes  relatifs  \u00e0 l'acc\u00e8s  aux documents  administratifs,  aux informations\n2024-01506  2/4\n\npubliques  et aux  donn\u00e9es  personnelles,  dans  la limite  des  attributions  d\u00e9finies  au chapitre  3\nde l'arr\u00eat\u00e9  du 4 avril  2022  susvis\u00e9.\nA cet  effet,  il est habilit\u00e9  \u00e0 repr\u00e9senter  de fa\u00e7on  permanente  le pr\u00e9fet  de police  devant  les\njuridictions.\nArticle  4 :\nD\u00e9l\u00e9gation  est donn\u00e9e  \u00e0 Mme  Marie-Dominique  GABRIELLI,  attach\u00e9e  hors  classe  de\nl'administration  d'Etat,  cheffe  du bureau  de la protection  juridique,  de l'assurance  et de la\nr\u00e9paration  du service  des  affaires  juridiques  et du contentieux  de la pr\u00e9fecture  de police  de\nParis,  \u00e0 l'effet  de signer,  au nom  du pr\u00e9fet  de police,  tous  actes,  arr\u00eat\u00e9s,  d\u00e9cisions,  m\u00e9moires\net recours  dans  la limite  des  attributions  d\u00e9finies  au chapitre  4 de l'arr\u00eat\u00e9  du 4 avril  2022\nsusvis\u00e9.\nEn cas  d'absence  ou d'emp\u00eachement  de Mme  Marie-Dominique  GABRIELLI,  la d\u00e9l\u00e9gation\nainsi  consentie  est exerc\u00e9e  :\n\" Dans  le cadre  de la mise  en \u0153uvre  de la protection  juridique  :\n- Par  Mme  Laurence  THIBAULT,  attach\u00e9e  hors  classe  d'administration  de l'Etat,\nadjointe  \u00e0 la cheffe  de bureau,  cheffe  de la section  de la protection  juridique  ;\n- En cas  d'absence  ou d'emp\u00e9chement  de Mme  Laurence  THIBAULT,  par  :\no M. Yves  RIOU,  attach\u00e9  principal  d'administration  de l'Etat,  adjoint  \u00e0 la cheffe\nde bureau,  chef  de la section  de l'assurance  et de la r\u00e9paration  ;\no Mme  Isabelle  COLLET,  secr\u00e9taire  administrative  de classe  exceptionnelle,\ncheffe  du p\u00f4le  de protection  juridique  regroupant  Paris  et les d\u00e9partements\ndes  Hauts-de-Seine  et de la Seine-Saint-Denis,  \u00e0 l'exception  des  d\u00e9cisions  de\nrefus  de protection  fonctionnelle  ;\no Mme  G\u00fclgiz  ERMISER,  secr\u00e9taire  administrative  de classe  normale,  cheffe  du\np\u00f4le  de protection  juridique  regroupant  les d\u00e9partements  de Seine-et-\nMarne,  des  Yvelines,  de l'Essonne,  du Val-de-Marne  et du Val-d'Oise,  \u00e0\nl'exception  des  d\u00e9cisions  de refus  de protection  fonctionnelle  ;\n\u00ab Dans  le cadre  du traitement  des  attributions  en mati\u00e8re  d'assurance  et de r\u00e9paration  :\n- Par  M. Yves  RIOU,  attach\u00e9  principal  d'administration  de l'Etat,  adjoint  \u00e0 la\ncheffe  de bureau,  chef  de la section  de l'assurance  et de la r\u00e9paration  ;\n- En cas  d'absence  ou d'emp\u00e9chement  de M. Yves  RIOU,  par  Mme  Laurence\nTHIBAULT,  attach\u00e9e  hors  classe  d'administration  de l'Etat,  adjointe  \u00e0 la cheffe\nde bureau,  cheffe  de la section  de la protection  juridique  :\n2024-01506\n13/4\n\nArticle  5 :\nD\u00e9l\u00e9gation  est consentie  \u00e0 Mme  Olivia  VAN  HOUTTEGHEM,  agent  contractuel  de cat\u00e9gorie\nA, adjointe  au chef  du bureau  des  ressources,  du pilotage  et de la modernisation,  dans  la\nlimite  des  attributions  d\u00e9finies  au chapitre  5 de l'arr\u00eat\u00e9  du 4 avril  2022  susvis\u00e9,  \u00e0 l'exception\ndes  d\u00e9cisions  et actes  engageant  les d\u00e9penses  sup\u00e9rieures  a 5 000  euros.\nArticle  6 :\nD\u00e9l\u00e9gation  est donn\u00e9e  \u00e0 l'effet  de signer  dans  l'application  informatique  financi\u00e8re  de l'Etat\naux fins de certification  du service  fait et de validation  de demande  d'achat,  dans  la limite  de\nleurs  attributions  respectives,  aux agents  plac\u00e9s  sous  l'autorit\u00e9  du chef  du bureau  des\nressources,  du pilotage  et de la modernisation  et de son adjointe,  dont  les noms  suivent  :\n- Mme  Jeanne  PERRIN,  adjointe  administrative  principale  de premi\u00e8re  classe  des\nadministrations  parisiennes  ;\n- M. Olivier  ARAGO,  adjoint  administratif  principal  de deuxi\u00e8me  classe  des\nadministrations  parisiennes.\nArticle  7 :\nLa pr\u00e9f\u00e8te,  directrice  de cabinet  et le pr\u00e9fet,  secr\u00e9taire  g\u00e9n\u00e9ral  pour  l'administration,  sont\ncharg\u00e9s,  chacun  en ce qui le concerne,  de l'ex\u00e9cution  du pr\u00e9sent  arr\u00eat\u00e9  qui sera publi\u00e9  aux\nrecueils  des actes  administratifs  des pr\u00e9fectures  des d\u00e9partements  de la zone  de d\u00e9fense  et\nde s\u00e9curit\u00e9  de Paris.\nFait \u00e0 Paris,le \u00a7 | OCI. 2924 AE a\nLe Pr\u00e9fet  de Po ice\n\nEs: B P\u00c9\u00c9REGTURE  =  CABINET  DU  PREFET\nDE POLICE\nLibert\u00e9\n\u00c9galit\u00e9\nFraternit\u00e9\n. 2024-01528\nArr\u00eat\u00e9  n\u00b0\nportant  mesures  de police  applicables  \u00e0 Paris  \u00e0 l'occasion  du Mondial  de l'auto  le 17\noctobre  2024\nLe pr\u00e9fet  de police,\nVu le r\u00e8glement  (CE)  n\u00b0 1272/2008  du Parlement  europ\u00e9en  et du Conseil  du 16 d\u00e9cembre\n2008  modifi\u00e9  relatif  \u00e0 la classification,  \u00e0 l'\u00e9tiquetage  et \u00e0 l'emballage  des  substances  et des\nm\u00e9langes  ;\nVu le code  de l'environnement,  notamment  le chapitre  VII du titre  V du livre  V;\nVu le code  g\u00e9n\u00e9ral  des  collectivit\u00e9s  territoriales,  notamment  son  article  L. 2512-13;\nVu le code  p\u00e9nal,  notamment  ses  articles  132-75,  431-9,  431-9-1,  R.610-5  et R.644-5  ;\nVu le code  de proc\u00e9dure  p\u00e9nale,  notamment  ses  articles  78-2-4,  78-2-5  et R.48-1;\nVu le code  de la s\u00e9curit\u00e9  int\u00e9rieure,  notamment  ses articles  L. 122-1,  L.122-2  et L. 211-14  L.\n211-3;\nVu le d\u00e9cret  n\u00b0 2004-374  du 29 avril  2004  modifi\u00e9  relatif  aux  pouvoirs  des  pr\u00e9fets,  a\nl'organisation  et \u00e0 l'action  des  services  de l'Etat  dans  les r\u00e9gions  et d\u00e9partements,\nnotamment  ses  articles  72 et 73;\nVu le d\u00e9cret  du 20 juillet  2022  par lequel  M. Laurent  NUNEZ,  pr\u00e9fet,  coordonnateur  national\ndu renseignement  et de la lutte  contre  le terrorisme,  est nomm\u00e9  pr\u00e9fet  de police  (hors\nclasse)  ;\nConsid\u00e9rant  que,  en application  des  articles  L.122-1  et L. 122-2  du code  de s\u00e9curit\u00e9\nint\u00e9rieure  et 72 et 73 du d\u00e9cret  du 29 avril  2004  susvis\u00e9,  le pr\u00e9fet  de police  a la charge  de\nl'ordre  public,  notamment  la pr\u00e9vention  des  atteintes  \u00e0 la s\u00e9curit\u00e9  des  personnes  et des\nbiens,  dans  les d\u00e9partements  de Paris  et des  Hauts-de-Seine  ;\nConsid\u00e9rant  que,  en application  de l'article  431-9-1  du code  p\u00e9nal,  le fait  pour  une  personne\nde dissimuler  volontairement  tout  ou partie  de son  visage  sans  motif  l\u00e9gitime  au sein,  ou\naux  abords  imm\u00e9diats,  d'une  manifestation  sur la voie  publique  au cours,  ou \u00e0 l'issue,  de\nlaquelle  des  troubles  \u00e0 l'ordre  public  sont  commis  ou risquent  d'\u00eatre  commis  est puni  d'un\nan d'emprisonnement  et de 15 000  \u20ac d'amende;\nConsid\u00e9rant  que  sont  punis  de l'amende  pr\u00e9vue  pour  les contraventions  de la 4e classe  la\nviolation  des  interdictions  et le manquement  aux  obligations  \u00e9dict\u00e9es  par  arr\u00eat\u00e9s  pris  sur le\nfondement  des  pouvoirs  de police,  en application  de l'article  R. 644-5  du code  p\u00e9nal  relatif\n\u00e0 l'usage  des  artifices  de divertissement  sur la voie  publique  et le transport  de r\u00e9cipients\ncontenant  du carburant  \u00e0 l'occasion  d'\u00e9v\u00e9nements  comportant  des  risques  d'atteinte  \u00e0 la\ns\u00e9curit\u00e9  publique  ; que  l'article  R. 48-1  du code  de proc\u00e9dure  p\u00e9nale  rend  applicable  la\nproc\u00e9dure  de l'amende  forfaitaire  pour  les contraventions  pr\u00e9cit\u00e9es  ;\n\nConsid\u00e9rant  que,  en application  des  r\u00e9quisitions  \u00e9crites  du procureur  de la R\u00e9publique,  les\nofficiers  de police  judiciaire  et, sur l'ordre  et sous  la responsabilit\u00e9  de ceux-ci,  les agents\nde police  judiciaire,  sont  autoris\u00e9s  \u00e0 proc\u00e9der  sur les lieux  d'une  manifestation  et \u00e0 ses\nabords  imm\u00e9diats  \u00e0 l'inspection  visuelle  et \u00e0 la fouille  des  bagages,  ainsi  qu'\u00e0  la visite  de\nv\u00e9hicules  circulant,  arr\u00eat\u00e9s  ou stationnant  sur la voie  publique,  conform\u00e9ment  \u00e0 l'article\n78-2-5  du code  de proc\u00e9dure  p\u00e9nale  ;\nConsid\u00e9rant  que  se tient  du 14 au 20 octobre  2024  le Mondial  de l'auto  au Parc  des\nexpositions  de la porte  de Versailles  \u00e0 Paris;  que  le jeudi  17 octobre  2024  aura  lieu  une\njourn\u00e9e  de mobilisation  des  syndicats  de la m\u00e9tallurgie  ; qu'il  existe  un risque  que  des\nrassemblements  non  d\u00e9clar\u00e9s  aient  lieu  \u00e0 cette  occasion  afin  de profiter  de l'exposition\nm\u00e9diatique  g\u00e9n\u00e9r\u00e9e  par  le Mondial  de l'auto  ; que  de tels  rassemblements  pourraient  \u00eatre\nde nature  \u00e0 troubler  l'ordre  public  ;\nConsid\u00e9rant,  en outre,  le contexte  de menace  terroriste  aig\u00fce  qui sollicite  \u00e0 un niveau\nparticuli\u00e8rement  \u00e9lev\u00e9  les forces  de s\u00e9curit\u00e9  int\u00e9rieure  pour  garantir  la protection  des\npersonnes  et des  biens  contre  les risques  d'attentat,  dans  le cadre  du plan  VIGIPIRATE\n\u00aburgence  attentat  \u00bb en vigueur  depuis  le 24 mars  2024;\nConsid\u00e9rant,  enfin,  qu'il  appartient  \u00e0 l'autorit\u00e9  de police  comp\u00e9tente  de concilier\nl'exercice  du droit  de manifester  avec  les imp\u00e9ratifs  de l'ordre  public  ; que,  dans  ce cadre,\nelle  se doit  de prendre  les mesures  de nature  \u00e0 pr\u00e9venir,  outre  les infractions  \u00e0 la loi\np\u00e9nale,  les troubles  \u00e0 l'ordre  public  \u00e0 partir  de l'appr\u00e9ciation  qu'elle  fait  du risque  qu'ils\nsurviennent  ; que  r\u00e9pond  \u00e0 ces  objectifs  une  mesure  qui d\u00e9finit  un p\u00e9rim\u00e8tre  dans  lequel\ndes  restrictions  sont  mises  en \u0153uvre,  notamment  \u00e0 l'\u00e9gard  de rassemblements  pr\u00e9sentant\ndes  risques  de troubles  graves  \u00e0 l'ordre  public,  afin  de garantir  la s\u00e9curit\u00e9  des  personnes  et\ndes  biens;\nARRETE  :\nTITRE  PREMIER\nMESURES  INTERDISANT  TOUT  RASSEMBLEMENT  NON  DECLARE  DANS  CERTAINS  SECTEURS  DE PARIS\nArticle  1\u00b0 - La pr\u00e9sence  et la circulation  des  personnes  participant  \u00e0 des  cort\u00e8ges,  d\u00e9fil\u00e9s\net rassemblements  qui n'ont  pas  \u00e9t\u00e9  d\u00e9clar\u00e9s,  dans  les conditions  fix\u00e9es  par  la loi, sont\ninterdites  le jeudi  17 octobre  2024  de 07h00  \u00e0 20h00,  dans  le p\u00e9rim\u00e8tre  d\u00e9limit\u00e9  selon  la\ncartographie  figurant  en annexe.\nTITRE  Il\nMESURES  DE POLICE  APPLICABLES  AUX  ABORDS  ET AU SEIN  DES  CORT\u00c8GES,  D\u00c9FIL\u00c9S  ET RASSEMBLEMENTS\nAU SEIN  DU P\u00c9RIM\u00c8TRE\nArticle  2 - Dans  le p\u00e9rim\u00e8tre  institu\u00e9  par  l'article  1\u00b0 et durant  la p\u00e9riode  mentionn\u00e9e  par\nce m\u00eame  article  sont  interdits  aux  abords  et au sein  des  cort\u00e8ges,  d\u00e9fil\u00e9s  et\nrassemblements  le port  et le transport  par  des  particuliers,  sans  motif  l\u00e9gitime  :\n- d'armes  par  nature  et de tous  objets  susceptibles  de constituer  une  arme  au sens  de\nl'article  132-75  du code  p\u00e9nal;\n- d'artifices  de divertissement  et d'articles  pyrotechniques  ;\n2024-015\u00b0e\n\n- dans  des  conteneurs  individuels,  de substances  ou de m\u00e9langes  dangereux,\ninflammables  o\u00f9 corrosifs,  au sens  du r\u00e8glement  (CE)  n\u00b0 1272/2008  du Parlement\neurop\u00e9en  et du Conseil  du 16 d\u00e9cembre  2008  susvis\u00e9,  tels  que  l'essence,  le p\u00e9trole,  le\ngaz,  l'alcool  \u00e0 br\u00fbler,  le m\u00e9thanol,  la t\u00e9r\u00e9benthine,  les solvants  ;\n- d'\u00e9quipements  de protection  destin\u00e9  a mettre  en \u00e9chec  tout  ou partie  des  moyens\nutilis\u00e9s  par les repr\u00e9sentants  de la force  publique  pour  le maintien  de l'ordre  public.\nTITRE  III\nDISPOSITIONS  FINALES\nArticle  3 - Les repr\u00e9sentants  sur place  de l'autorit\u00e9  de police  sont  autoris\u00e9s  \u00e0 prendre  des\nmesures  compl\u00e9mentaires  \u00e0 celles  fix\u00e9es  par  le pr\u00e9sent  arr\u00eat\u00e9,  en fonction  de l'\u00e9volution  de\nla situation  et lorsque  les circonstances  l'exigent.\nArticle  4 - Le pr\u00e9fet  des  Hauts-de-Seine,  la pr\u00e9f\u00e8te,  directrice  de cabinet,  le directeur  de\nl'ordre  public  et de la circulation  et la directrice  de la s\u00e9curit\u00e9  de proximit\u00e9  de\nl'agglom\u00e9ration  parisienne  sont  charg\u00e9s,  chacun  en ce qui  le concerne,  de l'ex\u00e9cution  du\npr\u00e9sent  arr\u00eat\u00e9  qui entrera  en vigueur  \u00e0 compter  de son  affichage  aux  portes  de la pr\u00e9fecture\nde police,  sera  publi\u00e9  aux  recueils  des  actes  administratifs  du d\u00e9partement  de Paris  et de la\npr\u00e9fecture  des  Hauts-de-Seine,  consultable  sur le site de la pr\u00e9fecture  de police\n(https://www.prefecturedepolice.interieur.gouv  fr) et communiqu\u00e9  aux procureurs  de la\nR\u00e9publique  pr\u00e8s  les tribunaux  judiciaires  de Paris  et de Nanterre.\nFait  \u00e0 Paris,  le {6 OCT.  2024\n2024-01528\n\nAnnexe  de l'arr\u00e9t\u00e9n?  2024-01528  du 16 OCT. 2024\nVOIES  ET DELAIS  DE RECOURS\nSi vous  estimez  devoir  contester  le pr\u00e9sent  arr\u00e9t\u00e9,  il vous  est possible,  dans  un d\u00e9lai  de deux\nmois  \u00e0 compter  de la date  de son  affichage  ou de sa publication  :\n- soit  de saisir  d'un  RECOURS  GRACIEUX\nle Pr\u00e9fet  de Police\n7/9,  boulevard  du Palais  - 75195  PARIS  RP\n- ou de former  un RECOURS  HIERARCHIQUE\naupr\u00e8s  du Ministre  de l'int\u00e9rieur\nDirection  des  libert\u00e9s  publiques  et des  affaires  juridiques\nplace  Beauvau  - 75008  PARIS\n- soit  de saisir  d'un  RECOURS  CONTENTIEUX\nle Tribunal  administratif  comp\u00e9tent\nAucune  de ces  voies  et recours  ne suspend  l'application  de la pr\u00e9sente  d\u00e9cision. p\nLes  recours  GRACIEUX  et HIERARCHIQUE  doivent  \u00e9tre  \u00e9crits,  exposer  les arguments  ou faits\nnouveaux  et comprendre  la copie  de l'arr\u00eat\u00e9  contest\u00e9.\nLe recours  CONTENTIEUX,  qui  vise  \u00e0 contester  la LEGALITE  de la pr\u00e9sente  d\u00e9cision,  doit\n\u00e9galement  \u00eatre  \u00e9crit  et exposer  votre  argumentation  juridique.\nSi vous  n'aviez  pas  de r\u00e9ponse  \u00e0 votre  recours  GRACIEUX  o\u00f9 HIERARCHIQUE  dans  un d\u00e9lai\nde deux  mois  \u00e0 compter  de la r\u00e9ception  de votre  recours  par  l'administration,  votre\ndemande  devra  \u00eatre  consid\u00e9r\u00e9e  comme  rejet\u00e9e  (d\u00e9cision  implicite  de rejet).\nEn cas  de rejet  des  recours  GRACIEUX  ou HIERARCHIQUE,  le Tribunal  administratif  peut\n\u00eatre  saisi  d'un  recours  contentieux  dans  le d\u00e9lai  de deux  mois  \u00e0 compter  de la date  de la\nd\u00e9cision  de rejet.\n\n2024-01528\n\nEs  CABINET  DU PREFET\nPREFECTURE  aP\nDE POLICE  a\nLibert\u00e9\n\u00c9galit\u00e9\nFraternit\u00e9\nArr\u00eat\u00e9  n\u00b0 2024-01529\nautorisant  la captation,  l'enregistrement  et la transmission  d'images  au moyen  de\ncam\u00e9ras  install\u00e9es  sur des  a\u00e9ronefs  \u00e0 l'occasion  du Mondial  de l'auto  le 17 octobre\n2024\nLe pr\u00e9fet  de police,\nVu le code  de la s\u00e9curit\u00e9  int\u00e9rieure,  notamment  ses articles  L. 242-1  \u00e0 L. 242-8  et\nR. 242-8  \u00e0 R. 242-15;\nVu le d\u00e9cret  n\u00b0 2004-374  modifi\u00e9  du 29 avril  2004  relatif  aux  pouvoirs  des  pr\u00e9fets,  a\nl'organisation  et \u00e0 l'action  des  services  de l'Etat  dans  les r\u00e9gions  et d\u00e9partements  ;\nVu l'arr\u00eat\u00e9  du 19 avril  2023  relatif  au nombre  maximal  de cam\u00e9ras  install\u00e9es  sur  des\na\u00e9ronefs  pouvant  \u00eatre  simultan\u00e9ment  utilis\u00e9es  dans  chaque  d\u00e9partement  et collecti-\nvit\u00e9  d'outre-mer  ;\nVu l'instruction  minist\u00e9rielle  NOR  1OMD2311883)  du 30 avril  2023  relative  \u00e0 la proc\u00e9-\ndure  d'autorisation  des  cam\u00e9ras  install\u00e9es  sur des  a\u00e9ronefs  pour  des  missions  de po-\nlice  administrative  ;\nVu le d\u00e9cret  du 20 juillet  2022  par lequel  M. Laurent  NUNEZ,  pr\u00e9fet,  coordonnateur\nnational  du renseignement  et de la lutte  contre  le terrorisme,  est nomm\u00e9  pr\u00e9fet  de\npolice  (hors  classe)  ;\nVu la demande  en date  du 15 octobre  2024  form\u00e9e  par  la direction  de l'ordre  public\net de la circulation  visant  \u00e0 obtenir  l'autorisation  de capter,  d'enregistrer  et de trans-\nmettre  des  images  au moyen  de deux  cam\u00e9ras  install\u00e9es  sur des  a\u00e9ronefs  t\u00e9l\u00e9-pilot\u00e9s\nafin  d'assurer  la pr\u00e9vention  des  atteintes  \u00e0 la s\u00e9curit\u00e9  des  personnes  et des  biens,  la\ns\u00e9curit\u00e9  des  rassemblements  et la pr\u00e9vention  d'actes  de terrorisme  \u00e0 Paris  et dans\nles Hauts-de-Seine  le jeudi  17 octobre  2024;\nConsid\u00e9rant  que  les dispositions  du | de l'article  L. 242-5  du code  de la s\u00e9curit\u00e9\nint\u00e9rieure  permettent  aux  forces  de s\u00e9curit\u00e9  int\u00e9rieure,  dans  l'exercice  de leurs\nmissions  de pr\u00e9vention  des  atteintes  \u00e0 l'ordre  public  et de protection  de la s\u00e9curit\u00e9\ndes  personnes  et des  biens,  de proc\u00e9der  \u00e0 la captation,  \u00e0 l'enregistrement  et a la\ntransmission  d'images  au moyen  de cam\u00e9ras  install\u00e9es  sur  des  a\u00e9ronefs  aux  fins\nd'assurer  la pr\u00e9vention  des  atteintes  \u00e0 la s\u00e9curit\u00e9  des  personnes  et des  biens,  la\ns\u00e9curit\u00e9  des  rassemblements  de personnes  sur la voie  publique  ainsi  que  l'appui  des\npersonnels  au sol,  en vue  de leur  permettre  de maintenir  ou de r\u00e9tablir  l'ordre  public\nlorsque  ces  rassemblements  sont  susceptibles  d'entra\u00eener  des  troubles  graves  \u00e0\nl'ordre  public  et la pr\u00e9vention  d'actes  de terrorisme  ;\nConsid\u00e9rant  que  se tient  du 14 au 20 octobre  2024  le Mondial  de l'auto  au Parc  des\nexpositions  de la porte  de Versailles  \u00e0 Paris;  que  deux  manifestations  ont  \u00e9t\u00e9\nd\u00e9clar\u00e9es  le jeudi  17 octobre  2024  \u00e0 cette  occasion  ; que  ce m\u00eame  jour  la ministre  du\nTravail  et de l'Emploi  se rendra  au Mondial  de l'auto  ; qu'il  convient  de pr\u00e9venir  les\ntroubles  \u00e9ventuels  \u00e0 l'ordre  public  \u00e0 cette  occasion;  que,  par  ailleurs,  la menace\n1\n\nterroriste  sollicite  toujours  \u00e0 un niveau  \u00e9lev\u00e9  les forces  de s\u00e9curit\u00e9  int\u00e9rieure  dans  le\ncadre  du plan  VIGIPIRATE  \u00ab urgence  attentat  \u00bb en vigueur  sur l'ensemble  du territoire\nnational  depuis  le 24 mars  2024;\nConsid\u00e9rant  que  le recours  \u00e0 des  cam\u00e9ras  a\u00e9roport\u00e9es  permet  de disposer  d'une\nvision  en grand  angle  tout  en limitant  l'engagement  des  forces  au sol ; qu'il  n'existe  pas\nde dispositif  moins  intrusif  permettant  de parvenir  aux  m\u00eames  fins  ;\nConsid\u00e9rant  que  la demande  de la direction  de l'ordre  public  et de la circulation  porte\nsur l'engagement  de deux  cam\u00e9ras  a\u00e9roport\u00e9es  qui pourront  \u00eatre  en vol\nsimultan\u00e9ment  en vue  de capter,  d'enregistrer  et de transmettre  des  images  ; que  les\naires  survol\u00e9es  sont  strictement  limit\u00e9es  aux  zones  o\u00f9 des  troubles  \u00e0 l'ordre  public\nsont  susceptibles  de se produire  ; que  la dur\u00e9e  de l'autorisation  demand\u00e9e  n'appara\u00eet\npas  disproportionn\u00e9e  au regard  des  finalit\u00e9s  poursuivies  ;\nSur  proposition  de la direction  de l'ordre  public  et de la circulation,\nARRETE  :\nArticle  1\" - La captation,  l'enregistrement  et la transmission  d'images  par la direction\nde l'ordre  public  et de la circulation  sont  autoris\u00e9s  le jeudi  17 octobre  2024  aux  titres\nde:\n- la pr\u00e9vention  des  atteintes  \u00e0 la s\u00e9curit\u00e9  des  personnes  et des  biens  ;\n- la s\u00e9curit\u00e9  des  rassemblements  ;\n- la pr\u00e9vention  d'actes  de terrorisme.\nArticle  2 - Le nombre  maximal  de cam\u00e9ras  pouvant  proc\u00e9der  simultan\u00e9ment  \u00e0 des\nenregistrements  est fix\u00e9  \u00e0 2 cam\u00e9ras  embarqu\u00e9es  sur des  a\u00e9ronefs  t\u00e9l\u00e9-pilot\u00e9s.\nArticle  3 - La pr\u00e9sente  autorisation  s'applique  au p\u00e9rim\u00e8tre  g\u00e9ographique  figurant  sur\nle plan  en annexe  au pr\u00e9sent  arr\u00eat\u00e9.\nArticle  4 - La pr\u00e9sente  autorisation  est d\u00e9livr\u00e9e  pour  le jeudi  17 octobre  2024  de 07h00\n\u00e0 21h00  pour  l'ensemble  des  finalit\u00e9s  pr\u00e9cit\u00e9es.\nArticle  5 \u2014 L'information  du public  est assur\u00e9e  par  la publication  de l'arr\u00eat\u00e9  aux  recueils\ndes  actes  administratifs  mentionn\u00e9s  \u00e0 l'article  7, sa mise  en ligne  sur le site  internet  de\nla pr\u00e9fecture  de police  ainsi  que  par  une  information  sur les r\u00e9seaux  sociaux.\nArticle  6 - Le registre  mentionn\u00e9  \u00e0 l'article  L. 242-4  du code  de la s\u00e9curit\u00e9  int\u00e9rieure  est\ntransmis  au pr\u00e9fet  de police,  \u00e0 l'issue  de la p\u00e9riode  d'autorisation.\nArticle  7 - Le pr\u00e9fet  des  Hauts-de-Seine,  la pr\u00e9f\u00e8te,  directrice  du cabinet  du pr\u00e9fet  de\npolice,  et le directeur  de l'ordre  public  et de la circulation  sont  charg\u00e9s,  chacun  en ce\nqui le concerne,  de l'ex\u00e9cution  du pr\u00e9sent  arr\u00eat\u00e9  qui entrera  en vigueur  d\u00e8s  son  affi-\nchage  aux  portes  de la pr\u00e9fecture  de police,  sera  publi\u00e9  aux  recueils  des  actes  adminis-\ntratifs  du d\u00e9partement  de Paris  et de la pr\u00e9fecture  des  Hauts-de-Seine  et consultable\nsur le site  internet  de la pr\u00e9fecture  de police\n(https://www.prefecturedepolice.interieur.gouv.fr).\nFait  \u00e0 Paris,le  4 \u00a7 OCT,  2024\n2024-01529\n\nAnnexe  de l'arr\u00eat\u00e9  n\u00b0 2024-01529  du 16 OCT. 2024\nVOIES  ET DELAIS  DE RECOURS\nSi vous  estimez  devoir  contester  la pr\u00e9sente  autorisation,  il vous  est  possible,  dans  un\nd\u00e9lai  de deux  mois  \u00e0 compter  de la date  de son  affichage  ou de sa publication  :\n- soit  de saisir  d'un  RECOURS  GRACIEUX\nle Pr\u00e9fet  de Police\n7/9,  boulevard  du Palais  - 75195  PARIS  RP\n- ou de former  un RECOURS  HIERARCHIQUE\naupr\u00e8s  du Ministre  de l'int\u00e9rieur  et des  outre-mer\nDirection  des  libert\u00e9s  publiques  et des  affaires  juridiques\nplace  Beauvau  - 75008  PARIS\n- soit  de saisir  d'un  RECOURS  CONTENTIEUX\nle Tribunal  administratif  comp\u00e9tent\nAucune  de ces  voies  et recours  ne suspend  l'application  de la pr\u00e9sente  d\u00e9cision.\nLes  recours  GRACIEUX  et HIERARCHIQUE  doivent  \u00eatre  \u00e9crits,  exposer  les arguments\nou faits  nouveaux  et comprendre  la copie  de la d\u00e9cision  contest\u00e9e.\nLe recours  contentieux,  qui  vise  \u00e0 contester  la LEGALITE  de la pr\u00e9sente  d\u00e9cision,  doit\n\u00e9galement  \u00eatre  \u00e9crit  et exposer  votre  argumentation  juridique.\nSi vous  n'aviez  pas  de r\u00e9ponse  \u00e0 votre  recours  GRACIEUX  ou HIERARCHIQUE  dans  un\nd\u00e9lai  de deux  mois  \u00e0 compter  de la r\u00e9ception  de votre  recours  par  l'administration,\nvotre  demande  devra  \u00eatre  consid\u00e9r\u00e9e  comme  rejet\u00e9e  (d\u00e9cision  implicite  de rejet).\nEn cas  de rejet  des  RECOURS  GRACIEUX  ou HIERARCHIQUE,  le Tribunal  administratif\npeut  \u00eatre  saisi  d'un  recours  contentieux  dans  le d\u00e9lai  de deux  mois  \u00e0 compter  de la\ndate  de la d\u00e9cision  de rejet.\n\n2024-01529\n\nPREFECTURE  SP. .\nDE POLICE  [5 Cabinet  du pr\u00e9fet\nLibert\u00e9\n\u00c9\u00e7alit\u00e9\nFraternit\u00e9\namare  2024701531\naccordant  d\u00e9l\u00e9gation  de la signature  pr\u00e9fectorale  au sein  de la direction  des  usagers  et des  polices\nadministratives  et des  services  qui lui sont  rattach\u00e9s\nLe pr\u00e9fet  de police,\nVU le code  g\u00e9n\u00e9ral  des  collectivit\u00e9s  territoriales  ;\nVU le code  g\u00e9n\u00e9ral  de la fonction  publique,  notamment  son  article  L. 417-5  ;\nVU le code  la consommation  ;\nVU le code  de la route  ;\nVU le code  rural  et de la p\u00eache  maritime  ;\nVU le code  de la sant\u00e9  publique  ;\nVU le code  de la s\u00e9curit\u00e9  int\u00e9rieure  ;\nVU le code  du sport  ;\nVU le code  du travail  ;\nVU le d\u00e9cret  n\u00b0 94-415  du 24 mai  1994  modifi\u00e9  portant  dispositions  statuaires  relatives  aux  personnels\ndes  administrations  parisiennes,  et notamment  son  article  14 ;\nVU le d\u00e9cret  n\u00b0 2004-374  du 29 avril  2004  modifi\u00e9  relatif  aux  pouvoirs  des  pr\u00e9fets,  \u00e0 l'organisation  et \u00e0\nl'action  des  services  de l'\u00c9tat  dans  les r\u00e9gions  et d\u00e9partements,  notamment  son  article  77 ;\nVU le d\u00e9cret  n\u00b0 2006-1780  du 23 d\u00e9cembre  2006  modifi\u00e9  portant  d\u00e9l\u00e9gation  de pouvoir  en mati\u00e8re\nde recrutement  et de gestion  de certains  personnels  relevant  du minist\u00e8re  de l'int\u00e9rieur  ;\nVU le d\u00e9cret  n\u00b0 2009-1484  du 3 d\u00e9cembre  2009  relatif  aux  directions  d\u00e9partementales\ninterminist\u00e9rielles  ;\nVU le d\u00e9cret  n\u00b0 2010-687  du 24 juin  2010  modifi\u00e9  relatif  \u00e0 l'organisation  et aux  missions  des  services\nde l'\u00c9tat  dans  la r\u00e9gion  et les d\u00e9partements  d'\u00cele-de-France,  notamment  son  article  24 ;\nVU l'arr\u00eat\u00e9  du 23 novembre  1979  modifi\u00e9  portant  r\u00e8glement  sanitaire  du d\u00e9partement  de Paris  ;\nVU l'arr\u00eat\u00e9  n\u00b0 2009-00641  du 7 ao\u00fbt  2009  modifi\u00e9  relatif  \u00e0 l'organisation  de la pr\u00e9fecture  de police  ;\nVU l'arr\u00eat\u00e9  pr\u00e9fectoral  n\u00b0 2010-00458  du 5 juillet  2010  relatif  aux  missions  et \u00e0 l'organisation  de la\ndirection  d\u00e9partementale  interminist\u00e9rielle  de la protection  des  populations  de Paris  ;\nVU l'arr\u00eat\u00e9  minist\u00e9riel  du 31 mars  2011  portant  d\u00e9concentration  des  d\u00e9cisions  relatives  \u00e0 la situation\nindividuelle  des  fonctionnaires  et agents  non  titulaires  exer\u00e7ant  leurs  fonctions  dans  les directions\nd\u00e9partementales  interminist\u00e9rielles  ;\n\nVU l'arr\u00eat\u00e9  pr\u00e9fectoral  n\u00b0 2024-00503  du 19 avril  2024  relatif  aux  missions  et \u00e0 l'organisation  de la\ndirection  des  usagers  et des  polices  administratives  ;\nVU le d\u00e9cret  du 20 juillet  2022  par  lequel  M. Laurent  NUNEZ,  pr\u00e9fet,  coordonnateur  national  du\nrenseignement  et de la lutte  contre  le terrorisme,  est nomm\u00e9  pr\u00e9fet  de police  (hors  classe)  ;\nVU le d\u00e9cret  du 19 ao\u00fbt  2022  par  lequel  M. Christian  CHASSAING,  administrateur  de l'Etat  hors  classe\nd\u00e9tach\u00e9  en qualit\u00e9  de sous-pr\u00e9fet  hors  classe,  secr\u00e9taire  g\u00e9n\u00e9ral  de la zone  de d\u00e9fense  et de s\u00e9curit\u00e9\nSud  (classe  fonctionnelle  II), est nomm\u00e9  directeur  des  transports  et de la protection  du public  \u00e0 la\npr\u00e9fecture  de police,  \u00e0 compter  du 23 ao\u00fbt  2022  ;\nVU l'arr\u00eat\u00e9  du 13 octobre  2021  par  lequel  Mme  Marie-H\u00e9l\u00e8ne  TREBILLON,  directrice  d\u00e9partementale\nde 2*\"*  classe  de la concurrence,  de la consommation  et de la r\u00e9pression  des fraudes,  est nomm\u00e9e\ndirectrice  d\u00e9partementale  de la protection  des  populations  de Paris  ;\nSUR  proposition  de la pr\u00e9f\u00e8te,  directrice  de cabinet,\nARR\u00caTE\nTITRE!\nD\u00e9l\u00e9gation  de signature  relative  aux  mati\u00e9res  relevant\nde la direction  des  usagers  et des  polices  administratives\nArticle  1\u00b0\nD\u00e9l\u00e9gation  permanente  est donn\u00e9e  \u00e0 M. Christian  CHASSAING,  administrateur  g\u00e9n\u00e9ral  de l'Etat,\ndirecteur  des  usagers  et des  polices  administratives,  \u00e0 l'effet  de signer,  dans  la limite  de ses\nattributions  et au nom  du pr\u00e9fet  de police,  tous  actes,  arr\u00eat\u00e9s,  d\u00e9cisions  et pi\u00e8ces  comptables\nn\u00e9cessaires  \u00e0 l'exercice  des  missions  fix\u00e9es  par  l'arr\u00eat\u00e9  du 19 avril  2024  susvis\u00e9.\nD\u00e9l\u00e9gation  est donn\u00e9e  \u00e0 M. Christian  CHASSAING,  directeur  des  usagers  et des  polices\nadministratives,  \u00e0 l'effet  de signer  au nom  du pr\u00e9fet  de police,  les arr\u00eat\u00e9s  de sanctions  disciplinaires\ndu premier  groupe  (avertissement  et bl\u00e2me)  inflig\u00e9es  aux  personnels  administratifs,  techniques,\nscientifiques  et sp\u00e9cialis\u00e9s  plac\u00e9s  sous  sa responsabilit\u00e9,  \u00e0 l'exception  des  sanctions  d'exclusion\ntemporaire  de fonction  de 3 jours.\nArticle  2\nEn cas  d'absence  ou d'emp\u00e9chement  de M. Christian  CHASSAING,  M. Denis  BRUEL,  administrateur  de\nl'Etat  du deuxi\u00e8me  grade,  sous-directeur  de la s\u00e9curit\u00e9  du public,  M. Charles-Francois  BARBIER,\nadministrateur  de l'Etat  du deuxi\u00e8me  grade,  sous-directeur  des  d\u00e9placements  et de l'espace  public,\nMme  C\u00e9cile  GUILHEM,  administratrice  de l'Etat  du deuxi\u00e8me  grade,  sous-directrice  des  polices\nsanitaires,  environnementales  et de s\u00e9curit\u00e9,  et Mme  H\u00e9l\u00e8ne  MONTELLY,  administratrice  de l'Etat,\ncheffe  du service  des  titres  et des  relations  avec  les usagers,  re\u00e7oivent  d\u00e9l\u00e9gation  \u00e0 l'effet  de signer,\ndans  la limite  de leurs  attributions  respectives  et au nom  du pr\u00e9fet  de police,  tous  actes,  arr\u00eat\u00e9s,\nd\u00e9cisions  et pi\u00e8ces  comptables  n\u00e9cessaires  \u00e0 l'exercice  des  missions  fix\u00e9es  par  l'arr\u00eat\u00e9  du 19 avril  2024\nsusvis\u00e9,  ainsi  que  les d\u00e9cisions  individuelles  relatives  \u00e0 l'octroi  des  cong\u00e9s  annuels  et de maladie\nordinaire  des  personnels  relevant  de leurs  autorit\u00e9s.\nArticle  3\nD\u00e9l\u00e9gation  de signature  est donn\u00e9e  \u00e0 Mme  Sophie  BOUSSAC-LOAREC,  attach\u00e9e  principale\nd'administration  de l'Etat,  conseill\u00e8re  d'administration  de l'int\u00e9rieur  et de l'outre-mer,  secr\u00e9taire\ng\u00e9n\u00e9rale  et \u00e0 M. Pierre-Jean  ROYER,  attach\u00e9  principal  d'administration  de l'Etat,  chef  de cabinet,  \u00e0\nl'effet  de signer  au nom  du pr\u00e9fet  de police  et dans  la limite  de leurs  attributions  respectives,  tous\nactes,  arr\u00eat\u00e9s,  d\u00e9cisions  et pi\u00e8ces  comptables  n\u00e9cessaires  \u00e0 l'exercice  des  missions  fix\u00e9es  par  les\narticles  11 et 12 de l'arr\u00eat\u00e9  du 19 avril  2024  susvis\u00e9,  ainsi  que  les d\u00e9cisions  individuelles  relatives  \u00e0\n2024-01531\n\nl'octroi  des  cong\u00e9s  annuels  et maladie  ordinaire  des  personnels  relevant  de leur  autorit\u00e9.\nArticle  4\nEn cas  d'absence  ou d'emp\u00eachement  de Mme  Sophie  BOUSSAC-LOAREC,  secr\u00e9taire  g\u00e9n\u00e9rale,  Mme\nH\u00e9l\u00e8ne  POLOMACK,  attach\u00e9e  principale  d'administration  de l'Etat,  adjointe  \u00e0 la secr\u00e9taire  g\u00e9n\u00e9rale,\nMme  V\u00e9ronique  BOUTY,  attach\u00e9e  d'administration  de l'\u00c9tat,  cheffe  du d\u00e9partement  des  ressources\nhumaines  et Mme  Jessica  PALMERINI,  attach\u00e9e  principale  d'administration  de l'Etat,  cheffe  du\nd\u00e9partement  des  affaires  financi\u00e8res  et g\u00e9n\u00e9rales,  re\u00e7oivent  d\u00e9l\u00e9gation  \u00e0 l'effet  de signer  tous  actes,\narr\u00eat\u00e9s,  d\u00e9cisions  et pi\u00e8ces  comptables  mentionn\u00e9s  \u00e0 l'article  3, dans  la limite  de leurs  attributions\nrespectives  et \u00e0 l'exception  :\n- des  saisines  au titre  de l'article  40 du code  de proc\u00e9dure  p\u00e9nale  ;\n- des  propositions  de sanctions  administratives.\nChapitre  |_: Sous-direction  de la s\u00e9curit\u00e9  du public\nArticle  5\nEn cas  d'absence  ou d'emp\u00eachement  de M. Denis  BRUEL,  la d\u00e9l\u00e9gation  qui lui est accord\u00e9e  par\nl'article  2 est exerc\u00e9e,  dans  la limite  de ses attributions,  par M. Marc  PORTEOUS,  administrateur  de\nl'Etat  du deuxi\u00e8me  grade,  adjoint  au sous-directeur  de la s\u00e9curit\u00e9  du public.\nArticle  6\nEn cas  d'absence  ou d'emp\u00eachement  de M. Denis  BRUEL  et de M. Marc  PORTEOUS,  Mme  Christelle\nOLLANDINI,  attach\u00e9e  principale  d'administration  de l'\u00c9tat,  conseill\u00e8re  d'administration  de l'int\u00e9rieur\net de l'outre-mer,  cheffe  du bureau  des  \u00e9tablissements  recevant  du public,  Mme  Gwenn-Anne\nLAFANECHERE-TOUVRON,  attach\u00e9e  d'administration  de l'Etat,  cheffe  du bureau  des  h\u00f4tels  et foyers,\net M. Christophe  ARTUSSE,  attach\u00e9  principal  d'administration  de l'Etat,  chef  du bureau  des  permis  de\nconstruire  et ateliers,  re\u00e7oivent  d\u00e9l\u00e9gation  \u00e0 l'effet  de signer  tous  actes,  d\u00e9cisions  et pi\u00e8ces  comptables\nmentionn\u00e9s  \u00e0 l'article  2, dans  la limite  de leurs  attributions  respectives,  \u00e0 l'exception  :\n- des  ordres  de service  pour  engagement  de travaux  d'office  sur des  immeubles,  des  immeubles\nde grande  hauteur,  des  ateliers  et des  entrep\u00f4ts,  des  h\u00f4tels  et tout  autre  \u00e9tablissement\nrecevant  du public  ;\n- des  signalements  au titre  de l'article  40 du code  de proc\u00e9dure  p\u00e9nale.\nen mati\u00e8re  d'\u00e9tablissements  recevant  du public  :\n- des  arr\u00eat\u00e9s  de fermeture  d'\u00e9tablissements  recevant  du public  pris  en application  des  articles\nL. 122-6,  L. 184-1  \u00e0 L. 184-9,  L. 143-3  ou R. 143-45  du code  de la construction  et de l'habitation.\nen mati\u00e8re  d'immeubles  de grande  hauteur  :\n- des  arr\u00eat\u00e9s  portant  fermeture  ou interdiction  d'occuper  des  immeubles  de grande  hauteur  pris\nen application  du code  de la construction  et de l'habitation.\nen mati\u00e8re  d'immeubles  mena\u00e7ant  ruine  :\n- des  arr\u00eat\u00e9s  de p\u00e9ril  et autres  actes  pris  en application  des  articles  L. 511-1  et suivants  du code\nde la construction  et de l'habitation  ;\n- des  arr\u00eat\u00e9s  prescrivant  l'interdiction  d'occuper  les lieux.\nen mati\u00e8re  d'ateliers  et entrep\u00f4ts  :\n- des  arr\u00eat\u00e9s  de mise  en demeure  de r\u00e9aliser  des  travaux  dans  des  ateliers  et entrep\u00f4ts  pris  en\napplication  de l'article  L. 129-4-1  du code  de la construction  et de l'habitation.\n2024-01531\n\nArticle  7\nEn cas  d'absence  o\u00f9 d'emp\u00e9chement  de Mme  Christelle  OLLANDINI,  de Mme  Gwenn-Anne\nLAFANECHERE-TOUVRON  et de M. Christophe  ARTUSSE,  la d\u00e9l\u00e9gation  qui  leur  est  consentie  est\nexerc\u00e9e,  dans  la limite  de leurs  attributions  respectives,  par:  .\n- Mme  Aurore  BACON,  attach\u00e9e  principale  d'administration  de l'Etat,  et en cas  d'absence  ou\nd'emp\u00eachement  de cette  derni\u00e8re,  par Mme  Nina  ZANOTTI,  attach\u00e9  d'administration  de\nl'Etat,  Mme  V\u00e9ronique  PATARD,  M. Jean-Philippe  BEAUFILS,  Mme  Audrey  PLEE,  secr\u00e9taires\nadministratifs  de classe  exceptionnelle  et Mme  Emilie  Joly,  secr\u00e9taire  administrative  de classe\nnormale,  directement  plac\u00e9s  sous  l'autorit\u00e9  de Mme  Christelle  OLLANDINI  ;\n- Mme  Fr\u00e9d\u00e9rique  LECLAIR,  attach\u00e9e  d'administration  de l'Etat,  et en cas  d'absence  ou\nd'emp\u00eachement  de cette  derni\u00e8re,  par  Mme  V\u00e9nus  JUIGNER,  secr\u00e9taire  administrative  de\nclasse  normale,  directement  plac\u00e9es  sous  l'autorit\u00e9  de Mme  Christelle  OLLANDINI  ;\n- Mme  Virginie  REMY,  attach\u00e9e  principale  d'administration  de l'Etat,  et en cas  d'absence  ou\nd'emp\u00eachement  de cette  derni\u00e8re,  par  Mme  Am\u00e9lie  COVO-FERRI  secr\u00e9taire  administrative  de\nclasse  normale,  directement  plac\u00e9es  sous  l'autorit\u00e9  de Mme  Christelle  OLLANDINI  ;\n- Mme  Peggy  PERRIEUX,  attach\u00e9e  d'administration  de l'Etat,  et, en cas  d'absence  ou\nd'emp\u00eachement  de cette  derni\u00e8re,  par  M. St\u00e9phane  BERTRAND,  secr\u00e9taire  administratif  de\nclasse  exceptionnelle,  directement  plac\u00e9  sous  l'autorit\u00e9  de Mme  Christelle  OLLANDINI  :\n- Mme  Maria  DA  SILVA  et Mme  Anna  SOULIER,  attach\u00e9es  d'administration  de l'Etat,  et, en cas\nd'absence  ou d'emp\u00eachement  de ces  derni\u00e8res,  par  Mme  Marie-Sophie  BOIVIN,  secr\u00e9taire\nadministrative  de classe  exceptionnelle  et M. Arnaud  PERROT,  secr\u00e9taire  administratif  de classe\nsup\u00e9rieure,  directement  plac\u00e9s  sous  l'autorit\u00e9  de Mme  Gwenn-Anne  LAFANECHERE-TOUVRON  :\n- Mme  V\u00e9ronique  MENETEAU,  attach\u00e9e  d'administration  de l'Etat,  directement  plac\u00e9e  sous\nl'autorit\u00e9  de M. Christophe  ARTUSSE.\nChapitre  ||_:  Sous-direction  des  d\u00e9placements  et de l'espace  public\nArticle  8\nEn cas  d'absence  ou d'emp\u00eachement  de M. Charles-Fran\u00e7ois  BARBIER,  la d\u00e9l\u00e9gation  qui  lui est accord\u00e9e\npar  l'article  2 est exerc\u00e9e,  dans  la limite  de ses attributions,  par  Mme  Emmanuelle  FRESNAY,\nadministratrice  de l'Etat  du deuxi\u00e8me  grade,  adjointe  au sous-directeur  des  d\u00e9placements  et de l'espace\npublic.\nArticle  9\nEn cas  d'absence  ou d'emp\u00eachement  de M. Charles-Fran\u00e7ois  BARBIER  et de Mme  Emmanuelle  FRESNAY,\nM. Eric  BAKHOUM,  attach\u00e9  principal  d'administration  de l'Etat,  chef  du bureau  des objets  trouv\u00e9s  et des\nscell\u00e9s,  Mme  Caroline  CH\u00c2TEAU-MAIRE,  attach\u00e9e  principale  d'administration  de l'Etat,  conseill\u00e8re\nd'administration  de l'int\u00e9rieur  et de l'outre-mer,  cheffe  du bureau  des  taxis  et transports  publics,  et\nMme  Sonia  BAALI,  attach\u00e9e  principale  d'administration  de l'Etat,  cheffe  du bureau  de la\nr\u00e9glementation  et de la gestion  de l'espace  public,  re\u00e7oivent  d\u00e9l\u00e9gation  \u00e0 l'effet  de signer  tous  actes,\narr\u00eat\u00e9s,  d\u00e9cisions  et pi\u00e8ces  comptables  mentionn\u00e9es  \u00e0 l'article  2, dans  la limite  de leurs  attributions\nrespectives  et \u00e0 l'exception  :\nen mati\u00e8re  de circulation  :\n- des  arr\u00eat\u00e9s  r\u00e9glementant  \u00e0 titre  permanent  la circulation  ou le stationnement  pris  en\napplication  de l'article  L. 2512-14  du code  g\u00e9n\u00e9ral  des  collectivit\u00e9s  territoriales.\nen mati\u00e8re  d'activit\u00e9  de conducteur  de transports  publics  particuliers  de personnes,  et de profession\nd'exploitant  de taxi:\n- des  retraits  d'autorisation  de stationnement  pris  en application  de l'article  L. 3124-1  du code\ndes  transports  ;\n2024-01531  '\n\n- des  retraits  de carte  professionnelle  de taxi  pris  en application  de l'article  R. 3120-6  du code\ndes  transports  et de l'article  16 de l'arr\u00eat\u00e9  inter  pr\u00e9fectoral  n\u00b001-16385  modifi\u00e9  du 31 juillet  2001\nrelatif  aux  exploitants  et aux  conducteurs  de taxis  dans  la zone  parisienne  ;\n- des  saisines  au titre  de l'article  40 du code  de proc\u00e9dure  p\u00e9nale.\nArticle  10\nEn cas  d'absence  ou d'emp\u00e9chement  de M. Eric  BAKHOUM,  de Mme  Caroline  CHATEAU-MAIRE  et de\nMme  Sonia  BAALI,  la d\u00e9l\u00e9gation  qui  leur  est consentie  est exerc\u00e9e,  dans  la limite  de leurs  attributions\nrespectives,  par  :\n- Mme  M\u00e9lanie  MILHIT,  attach\u00e9e  principale  d'administration  de l'Etat,  directement  plac\u00e9e  sous\nl'autorit\u00e9  de M. Eric  BAKHOUM  ;\n- M. Philippe  ARRONDEAU,  attach\u00e9  principal  d'administration  de l'Etat,  M. Patrice  LANTNER,\nattach\u00e9  d'administration  de l'Etat  et Mme  Sanaa  TALAL,  attach\u00e9e  d'administration  de l'Etat\ndirectement  plac\u00e9s  sous  l'autorit\u00e9  de Mme  Caroline  CH\u00c2TEAU-MAIRE  ;\n- M. Paul  LAUBLY  et Mme  M\u00e9lanie  DUGAL,  attach\u00e9s  d'administration  de l'Etat  et M. Fabien\nPOULAIN,  ing\u00e9nieur  des  travaux,  directement  plac\u00e9s  sous  l'autorit\u00e9  de Mme  Sonia  BAALI.\nChapitre  IIl_:  Sous-direction  des  polices  sanitaires,  environnementales  et de s\u00e9curit\u00e9\nArticle  11\nEn cas  d'absence  ou d'emp\u00eachement  de Mme  C\u00e9cile  GUILHEM,  la d\u00e9l\u00e9gation  qui lui est accord\u00e9e  par\nl'article  2 est exerc\u00e9e,  dans  la limite  de ses attributions,  par  Mme  Laurence  GIREL-GORIZZUTTI,  agent\ncontractuel,  adjointe  \u00e0 la sous-directrice  des  polices  sanitaires,  environnementales  et de s\u00e9curit\u00e9.\nArticle  12\nEn cas  d'absence  ou d'emp\u00eachement  de Mme  C\u00e9cile  GUILHEM  et de Mme  Laurence  GIREL-\nGORIZZUTTI,  Mme  Delphine  FAUCHEUX,  attach\u00e9e  principale  d'administration  de l'Etat,  conseiller\nd'administration  de l'int\u00e9rieur  et de l'outre  mer,  cheffe  du bureau  des  actions  de sant\u00e9  mentale,\nMme  Estelle  CRAWFORD,  attach\u00e9e  principale  d'administration  de l'Etat,  conseill\u00e8re  d'administration\nde l'int\u00e9rieur  et de l'outre-mer,  cheffe  du bureau  des  actions  de pr\u00e9vention  et de protection\nsanitaires,  Mme  Nathalie  DULEY,  attach\u00e9e  principale  administration  de l'Etat,  cheffe  du bureau  des\npolices  de l'environnement  et des  op\u00e9rations  fun\u00e9raires  et M. Jean-Paul  BERLAN,  attach\u00e9  hors  classe,\nconseiller  d'administration  de l'int\u00e9rieur  et de loutre  mer,  chef  du bureau  des  polices  administratives\nde s\u00e9curit\u00e9  re\u00e7oivent  d\u00e9l\u00e9gation  \u00e0 l'effet  de signer  tous  actes  et d\u00e9cisions,  dans  la limite  de leurs\nattributions  respectives,  \u00e0 l'exception  :\n- des  signalements  au titre  de l'article  40 du code  de proc\u00e9dure  p\u00e9nale.\nPour  le bureau  des  actions  de pr\u00e9vention  et de protection  sanitaires  :\n- des  mesures  de fermeture  administrative  prises  en application  du code  de la sant\u00e9  publique  ou\ndu code  de la s\u00e9curit\u00e9  int\u00e9rieure  ;\n- des  autorisations,  refus  et retraits  d'autorisation  d'ouverture  de nuit  pris  en application  de\nl'arr\u00eat\u00e9  pr\u00e9fectoral  du 10 juin  2010  modifi\u00e9  ;\n- des  sanctions  en mati\u00e8re  de musique  et de sons  amplifi\u00e9s  pris  sur le fondement  du code  de\nl'environnement.\nPour  le bureau  des  polices  de l'environnement  et des  op\u00e9rations  fun\u00e9raires  :\n- des  arr\u00eat\u00e9s  d'euthanasie  et de placement  d'animaux  r\u00e9put\u00e9s  dangereux  pris  en application  du\ncode  rural  et de la p\u00eache  maritime  ;\n- des  arr\u00eat\u00e9s  d'autorisation  et de suspension  d'activit\u00e9  d'installations  class\u00e9es  pris  sur le\nfondement  du code  de l'environnement  ;\n2024-01531  2\n\n- des  arr\u00eat\u00e9s  d'habilitation  des  op\u00e9rateurs  fun\u00e9raires  et des  refus  ou retraits  d'habilitation  les\nconcernant.\nPour  le bureau  des  polices  administratives  de s\u00e9curit\u00e9  :\n- des  autorisations  de port  d'armes  ;\n- des  agr\u00e9ments  d\u00e9livr\u00e9s  dans  le cadre  de la police  municipale  parisienne.\nArticle  13\nEn cas  d'absence  ou d'emp\u00eachement  de Mme  Delphine  FAUCHEUX,  de Mme  Estelle  CRAWFORD,  de\nMme  Nathalie  DULEY  et de M. Jean-Paul  BERLAN,  la d\u00e9l\u00e9gation  qui  leur  est consentie  est exerc\u00e9e,\ndans  la limite  de leurs  attributions  respectives,  par  :\n- M. Abdelaziz  FEREDJ,  attach\u00e9  principal  d'administration  de l'Etat  et M. Serge  AUVIN,  attach\u00e9\nprincipal  d'administration  de l'Etat,  directement  plac\u00e9s  sous  l'autorit\u00e9  de Mme  Delphine\nFAUCHEUX  ;\n- M. Fran\u00e7ois  MIETTE,  attach\u00e9  principal  d'administration  de l'Etat,  directement  plac\u00e9  sous\nl'autorit\u00e9  de Mme  Estelle  CRAWFORD  ;\n- Mme  Latifa  SAKHI,  attach\u00e9e  d'administration  de l'Etat,  directement  plac\u00e9e  sous  l'autorit\u00e9  de\nMme  Nathalie  DULEY  ;\n- Mme  Sidonie  DERBY,  attach\u00e9e  d'administration  de l'\u00c9tat  et Mme  Marion  CHAUDRET,\ndirectrice  p\u00e9nitentiaire  d'insertion  et de probation,  en d\u00e9tachement  dans  le corps  des\nattach\u00e9s  d'administration  de l'Etat,  directement  plac\u00e9es  sous  l'autorit\u00e9  de M. Jean-Paul\nBERLAN.\nEn cas  d'absence  ou d'emp\u00eachement  de Mme  Estelle  CRAWFORD  et de M. Fran\u00e7ois  MIETTE,  la\nd\u00e9l\u00e9gation  qui leur  est consentie  est exerc\u00e9e,  dans  la limite  de leurs  attributions  respectives,  par  :\n- M. Olivier  GESSON,  ing\u00e9nieur  de la pr\u00e9fecture  de police,  s'agissant  de la police  administrative\nde la musique  et des  sons  amplifi\u00e9s  ;\n- Mme  C\u00e9line  ROMANO,  attach\u00e9e  d'administration  de l'Etat,  s'agissant  de la police\nadministrative  des  licences  et des  d\u00e9bits  de boissons.\nEn cas  d'absence  ou d'emp\u00eachement  de M. Olivier  GESSON,  la d\u00e9l\u00e9gation  qui  lui est consentie  est\nexerc\u00e9e,  dans  la limite  de ses attributions,  par  Mme  Houria  BOUARFA,  secr\u00e9taire  administrative  de\nclasse  normale.\nEn cas  d'absence  ou d'emp\u00eachement  de Mme  C\u00e9line  Romano,  la d\u00e9l\u00e9gation  qui  lui est  consentie  est\nexerc\u00e9e,  dans  la limite  de leurs  attributions,  par  Mme  Marie-Christine  RONOT,  secr\u00e9taire\nadministrative  de classe  sup\u00e9rieure,  s'agissant  de la police  administrative  des  licences  et par  Mme\nCaroline  AMPOLINI,  secr\u00e9taire  administrative  de classe  sup\u00e9rieure,  s'agissant  de la police\nadministrative  des  d\u00e9bits  de boissons.\nEn cas  d'absence  ou d'emp\u00eachement  de Mme  Nathalie  DULEY  et de Mme  Latifa  SAKHI,  la d\u00e9l\u00e9gation\nqui  leur  est  consentie  est exerc\u00e9e,  dans  la limite  de leurs  attributions  respectives,  par  :\n- M. Beno\u00eet  GICQUEL,  attach\u00e9  d'administration  de l'Etat,  chef  du p\u00f4le  des  installations  class\u00e9es  ;\n- Mme  Lydia  SILBANDE,  secr\u00e9taire  administrative  de classe  normale,  cheffe  du p\u00f4le  air, police\nanimale  et op\u00e9rations  fun\u00e9raires.\nEn cas  d'absence  ou d'emp\u00eachement  de M. Beno\u00eet  GICQUEL,  la d\u00e9l\u00e9gation  qui  lui est  consentie  est\nexerc\u00e9e,  dans  la limite  de ses attributions,  par  Mme  C\u00e2therine  LENOIR,  secr\u00e9taire  administrative  de\nclasse  exceptionnelle,  adjointe  du chef  du p\u00f4le  des  installations  class\u00e9es.\nEn cas  d'absence  ou d'emp\u00e9chement  de Mme  Lydia  SILBANDE,  la d\u00e9l\u00e9gation  qui  lui est  consentie  est\nexerc\u00e9e,  dans  la limite  de ses attributions,  par  Mme  Alexa  PRIMAUD,  secr\u00e9taire  administrative  de\n2024-01531\n\nclasse  exceptionnelle.\nEn cas  d'absence  ou d'emp\u00e9chement  de Mme  Lydia  SILBANDE  et de Mme  Alexa  PRIMAUD,  la\nd\u00e9l\u00e9gation  qui leur  est consentie  est exerc\u00e9e,  dans  la limite  de ses attributions,  par Mme  Velina\nMURDZHEVA,  instructrice  au sein  du p\u00f4le  air, police  animale  et op\u00e9rations  fun\u00e9raires,  adjointe\nadministrative  principale  de 1** classe,  pour  signer  les actes  cons\u00e9cutifs  au d\u00e9c\u00e8s.\nEn cas  d'absence  ou d'emp\u00eachement  de M. Jean-Paul  BERLAN,  de Mme  Sidonie  DERBY  et de Mme\nMarion  CHAUDRET,  la d\u00e9l\u00e9gation  qui leur  est consentie  est exerc\u00e9e,  dans  la limite  de ses attributions,\npar  Mme  Elodie  SAINT  MARTIN,  attach\u00e9e  d'administration  de l'Etat,  cheffe  du p\u00f4le  vid\u00e9o-protection,\ns\u00e9curit\u00e9  priv\u00e9e,  s\u00fbret\u00e9  gare  du Nord  et associations.\nEn cas d'absence  ou d'emp\u00e9chement  de Mme  Elodie  SAINT  MARTIN,  la d\u00e9l\u00e9gation  qui  lui est\nconsentie  est exerc\u00e9e  par  :\n- Mme  Marielle  CONTE,  secr\u00e9taire  administrative  de classe  exceptionnelle,  cheffe  de la section\ndes  associations,  pour  signer  les r\u00e9c\u00e9piss\u00e9s  et les duplicatas  de d\u00e9claration  et de modification\nd'associations  ;\n- Mme  St\u00e9phanie  MARTIN-ANDRE,  secr\u00e9taire  administrative  de classe  exceptionnelle,  cheffe  de\nla section  vid\u00e9o-protection,  pour  signer  les r\u00e9c\u00e9piss\u00e9s  d'autorisation  d'installation  d'un  syst\u00e8me\nde vid\u00e9o-protection.\nChapitre  IV_: Service  des  titres  et des  relations  avec  les usagers\nArticle  14\nEn cas  d'absence  ou d'emp\u00eachement  de Mme  H\u00e9l\u00e8ne  MONTELLY,  la d\u00e9l\u00e9gation  qui  lui est  accord\u00e9e\npar  l'article  2 est exerc\u00e9e,  dans  la limite  de ses attributions,  par  Mme  Virginie  PEYRAMAURE,  attach\u00e9e\nprincipale  d'administration  de l'Etat,  conseill\u00e8re  d'administration  de l'int\u00e9rieur  et de l'outre-mer,\nadjointe  \u00e0 la cheffe  du service  des  titres  et des  relations  avec  les usagers.\nArticle  15\nEn cas  d'absence  ou d'emp\u00eachement  de Mme  H\u00e9l\u00e8ne  MONTELLY  et de Mme  Virginie  PEYRAMAURE,\nla d\u00e9l\u00e9gation  qui leur  est consentie  est exerc\u00e9e,  dans  la limite  de leurs  attributions  respectives  et \u00e0\nl'exception  des  saisines  au titre  de l'article  40 du code  de proc\u00e9dure  p\u00e9nale  et des  documents  relatifs\naux  demandes  d'opposition  \u00e0 la sortie  du territoire,  par  :\n- Mme  Messaouda  BENAMAR,  attach\u00e9e  principale  d'administration  de l'Etat,  conseill\u00e8re\nd'administration  de l'int\u00e9rieur  et de l'outre-mer,  cheffe  du bureau  des  titres  d'identit\u00e9  ;\n- Mme  Fabienne  PEILLON,  attach\u00e9e  principale  d'administration  de l'\u00c9tat,  cheffe  du bureau  de\nVimmatriculation  des  v\u00e9hicules,  \u00e0 l'exception  des  d\u00e9cisions  de suspension  ou de retrait\nd'agr\u00e9ment  relatives  au contr\u00f4le  technique  des  v\u00e9hicules  et des  d\u00e9cisions  de suspension  ou de\nretrait  d'habilitation  permettant  \u00e0 certains  professionnels  d'acc\u00e9der  au syst\u00e8me\nd'immatriculation  des  v\u00e9hicules  (SIV)  ;\n- M. Beno\u00eet  MARX,  attach\u00e9  principal  d'administration  de l'Etat,  conseiller  d'administration  de\nl'int\u00e9rieur  et de l'outre-mer,  chef  du bureau  des  droits  \u00e0 conduire,  \u00e0 l'exception  des  d\u00e9cisions  de\nretrait  d'agr\u00e9ment  des  \u00e9tablissements  d'enseignement  de la conduite  des  v\u00e9hicules  terrestres  \u00e0\nmoteur,  des  centres  de sensibilisation  \u00e0 la s\u00e9curit\u00e9  routi\u00e8re  et des  centres  de tests  charg\u00e9s  de\nfaire  passer  les examens  psychotechniques  ;\n- Mme  Sandrine  BOULAND,  attach\u00e9e  d'administration  de l'Etat,  cheffe  du bureau  des  usagers\nnotamment  en ce qui concerne  la d\u00e9livrance  de permis  de conduire  internationaux.\nArticle  16\nEn cas d'absence  ou d'emp\u00eachement  de Mme  Fabienne  PEILLON,  la d\u00e9l\u00e9gation  qui lui est consentie\nest exerc\u00e9e,  dans  la limite  de ses attributions,  par  M. Chung  Meng  CHAO,  attach\u00e9  d'administration  de\n2024-01531\n\nl'\u00c9tat,  adjoint  \u00e0 la cheffe  du bureau  de l'immatriculation  des v\u00e9hicules.\nArticle  17\nEn cas  d'absence  ou d'emp\u00eachement  de Mme  Messaouda  BENAMAR,  la d\u00e9l\u00e9gation  qui  lui est consentie  est  exerc\u00e9e,  dans  la limite  de leurs  attributions  respectives,  par  :\n- Mme  Johanne  MANGIN,  attach\u00e9e  d'administration  de l'Etat  hors  classe,  adjointe  \u00e0 la cheffe  du bureau  des  titres  d'identit\u00e9  ;\n- Mme  Martine  ROUZIERE-LISTMAN, attach\u00e9e  Principale  d'administration  de l'Etat,  cheffe  du centre  d'expertise  et de ressources  titres  d'identit\u00e9  ;\n- Mme  Paquita  GEA,  attach\u00e9e  principale  d'administration  de l'Etat,  cheffe  de la division  de lutte contre  la fraude  ;\n- Mme  Floriane  ROLLAND,  attach\u00e9e  d'administration  de l'Etat,  cheffe  du p\u00f4le  de soutien op\u00e9rationnel.\nArticle  18\nEn cas  d'absence  ou d'emp\u00eachement  de Monsieur  Beno\u00eet  MARX,  la d\u00e9l\u00e9gation  qui  lui est  consentie  est exerc\u00e9e,  dans  la limite  de leurs  attributions  respectives,  par  :\n- Mme  Yasmina  YAHIA-CHERIF,  attach\u00e9e  principale  d'administration  de l'Etat,  cheffe  du centre d'expertise  et de ressources  des  titres  permis  de conduire  de Paris  ;\n- Mme  D\u00e9borah  TOUPILLIER,  attach\u00e9e  d'administration  de l'Etat,  cheffe  du centre  d'expertise  et de ressources  des  titres  \u00e9changes  de permis  de conduire  \u00e9trangers  de Paris  ;\n- Mme  Nathalie  DUMONT,  attach\u00e9e  d'administration  de l'Etat,  chef  du centre  d\u00e9partementaldes  droits  \u00e0 conduire  ;\n- Mme  Alexia  TENE  et M. Gr\u00e9gory  FUMONT,  secr\u00e9taires  administratifs,  pour  signer  les attestations  pr\u00e9fectorales  d'aptitude  \u00e0 la conduite  et les arr\u00eat\u00e9s  61;\n- Mme  Marie  Jos\u00e9e  PANCRATE,  secr\u00e9taire  administrative,  pour  signer  les relev\u00e9s  restreints.\nTITRE  II\nD\u00e9l\u00e9gation  de signature  au service  op\u00e9rationnel  de pr\u00e9vention  situationnelle\nArticle  19\nEn cas  d'absence  ou d'emp\u00eachement  de M. Christian  CHASSAING,  M. Vincent  ANNEREAU, commissaire  g\u00e9n\u00e9ral,  chef  du service  op\u00e9rationnel  de pr\u00e9vention  situationnelle,  re\u00e7oit  d\u00e9l\u00e9gation  \u00e0 l'effet  de signer,  dans  la limite  de ses attributions,  tous  actes,  arr\u00eat\u00e9s,  d\u00e9cisions  et pi\u00e8ces  comptables mentionn\u00e9es  \u00e0 l'article  1, ainsi  que  les d\u00e9cisions  individuelles  relatives  \u00e0 l'octroi  des  cong\u00e9s  et de maladie  ordinaire  des  personnels  plac\u00e9s  sous  son  autorit\u00e9.\nEn cas  d'absence  ou d'emp\u00eachement  de M. Vincent  ANNEREAU,  la d\u00e9l\u00e9gation  qui  lui est consentie est  exerc\u00e9e,  dans  la limite  de ses  attributions,  par  Mme  Catherine  CHANTREUX,  commandant divisionnaire  \u00e0 l'emploi  fonctionnel,  adjointe  au chef  de service.\nEn cas  d'absence  ou d'emp\u00eachement  de Mme  Catherine  CHANTREUX,  la d\u00e9l\u00e9gation  qui  lui est consentie  est  exerc\u00e9e,  dans  la limite  de leurs  attributions  respectives,  par  M. St\u00e9phane  ROCHE,commandant  divisionnaire,  chef  de la division  des  \u00e9tudes  de s\u00e9curit\u00e9  publique  et M. S\u00e9bastien  POU, commandant  de police,  chef  de la division  audits  et soutien  op\u00e9rationnel.\n2024-01531\n\nTITRE  Ill\nD\u00e9l\u00e9gation  de signature  \u00e0 l'institut  m\u00e9dico-l\u00e9gal  et \u00e0 l'infirmerie  psychiatrique\npr\u00e8s la pr\u00e9fecture  de police\nArticle  20\nEn cas  d'absence  ou d'emp\u00eachement  de M. Christian  CHASSAING,  le Professeur  Bertrand  LUDES,\nm\u00e9decin-inspecteur,  directeur  de l'institut  m\u00e9dico-l\u00e9gal,  re\u00e7oit  d\u00e9l\u00e9gation  de signature  \u00e0 l'effet  de\nsigner,  dans  la limite  de ses attributions  :\n- les d\u00e9cisions  en mati\u00e8re  de proc\u00e9dures  d'autorisations  administratives  pour  les corps  qui  ont\n\u00e9t\u00e9  d\u00e9pos\u00e9s  \u00e0 l'institut  m\u00e9dico-l\u00e9gal  ;\n- _ les propositions  d'engagements  de d\u00e9penses  et les certifications  du service  fait  sur les factures\ndes  fournisseurs  ;\n- les d\u00e9cisions  individuelles  relatives  \u00e0 l'octroi  des  cong\u00e9s  annuels  et de maladie  ordinaire  des\npersonnels  relevant  de son  autorit\u00e9.\nEn cas  d'absence  ou d'emp\u00eachement  du Professeur  Bertrand  LUDES,  la d\u00e9l\u00e9gation  qui  lui est\nconsentie  est exerc\u00e9e,  dans  la limite  de leurs  attributions  respectives,  par  le docteur  Lilia  HAMZA,\nm\u00e9decin  l\u00e9giste,  agent  contractuel  de cat\u00e9gorie  A et par  M. Yvan  TATIEU-BILHERE,  agent  contractuel  de\ncat\u00e9gorie  A, charg\u00e9  du secr\u00e9tariat  g\u00e9n\u00e9ral  de l'institut  m\u00e9dico-l\u00e9gal,  directement  plac\u00e9s  sous  l'autorit\u00e9\ndu Professeur  Bertrand  LUDES.\nLes actes  suivants  n\u00e9cessitent  le sous-couvert  du directeur  des  usagers  et des  polices\nadministratives  avec  visa  expr\u00e8s  :\n- les lettres  et notes  externes  et notamment  au cabinet  du pr\u00e9fet  de police  et aux  directions\nrelevant  du pr\u00e9fet,  secr\u00e9taire  g\u00e9n\u00e9ral  pour  l'administration  de la pr\u00e9fecture  de police  ;\n- les engagements  de service  avec  les autres  services  d\u00e9concentr\u00e9s  de l'Etat  ;\n- les lettres  et notes  aux  administrations  centrales  et des  \u00e9tablissements  publics  partenaires.\nArticle  21\nEn cas  d'absence  ou d'emp\u00e9chement  de M. Christian  CHASSAING,  le Docteur  Vincent  MAHE,  agent\ncontractuel  m\u00e9dico-social  de cat\u00e9gorie  A, m\u00e9decin-chef  de l'infirmerie  psychiatrique  pr\u00e8s  la\npr\u00e9fecture  de police,  re\u00e7oit  d\u00e9l\u00e9gation  \u00e0 l'effet  de signer,  dans  la limite  de ses attributions  :\n- les propositions  d'engagements  de d\u00e9penses,  les certificats  du service  fait  sur les factures  des\nfournisseurs  ;\n- _ les d\u00e9cisions  individuelles  relatives  \u00e0 l'octroi  des  cong\u00e9s  annuels  et de maladie  ordinaire  des\nm\u00e9decins  et viser  les d\u00e9cisions  individuelles  relatives  \u00e0 l'octroi  des  cong\u00e9s  annuels  et de\nmaladie  ordinaire  des  autres  personnels  assurant  le fonctionnement  de l'infirmerie\npsychiatrique.\nEn cas  d'absence  ou d'emp\u00e9chement  du Docteur  Vincent  MAHE,  la d\u00e9l\u00e9gation  qui  lui est consentie\nest exerc\u00e9e,  dans  la limite  de leurs  attributions  respectives,  par  le Docteur  Mathias  WOHL,  adjoint  au\nm\u00e9decin-chef,  Mme  Anne-Ga\u00eblle  JACOB,  agent  contractuel,  secr\u00e9taire  g\u00e9n\u00e9rale  de l'infirmerie\npsychiatrique  et Mme  Gu\u00e9na\u00eblle  JEGU,  cadre  sup\u00e9rieur  de sant\u00e9,  infirmi\u00e8re  en chef.\nLes actes  suivants  n\u00e9cessitent  le sous-couvert  du directeur  des  usagers  et des  polices  administratives\navec  visa  expr\u00e8s  :\n- les lettres  et notes  externes  et notamment  au cabinet  du pr\u00e9fet  de police  et aux  directions\nrelevant  du pr\u00e9fet,  secr\u00e9taire  g\u00e9n\u00e9ral  pour  l'administration  de la pr\u00e9fecture  de police  ;\n- les engagements  de service  avec  les autres  services  d\u00e9concentr\u00e9s  de l'Etat  ;\n- les lettres  et notes  aux  administrations  centrales  et des  \u00e9tablissements  publics  partenaires.\n2024-01531  9\n\nTITRE  IV\nD\u00e9l\u00e9gation  de signature  relative  aux  mati\u00e9res  relevant\nde la direction  d\u00e9partementale  de la protection  des  populations  de Paris\nArticle  22\nD\u00e9l\u00e9gation  de signature  est donn\u00e9e  \u00e0 M. Christian  CHASSAING  \u00e0 l'effet  de signer,  dans  la limite  des\nattributions  de la direction  d\u00e9partementale  de la protection  des  populations  de Paris  et au nom  du\npr\u00e9fet  de police  :\n+ tous  actes,  arr\u00eat\u00e9s,  pi\u00e8ces  comptables  et d\u00e9cisions  suivants  :\n- aux  certificats  de capacit\u00e9  pour  la vente  d'animaux  vivants  d'esp\u00e8ces  non  domestiques  ;\n- aux  certificats  de capacit\u00e9  pour  la pr\u00e9sentation  au public  d'esp\u00e8ces  non  domestiques  ;\n- aux  certificats  de capacit\u00e9  pour  l'\u00e9levage  et l'entretien  d'animaux  vivants  d'esp\u00e8ces  non\ndomestiques  ;\n- aux  autorisations  d'ouverture  d'\u00e9tablissements  fixes  ou mobiles  de pr\u00e9sentation  au public\nd'animaux  d'esp\u00e8ces  non  domestiques  ;\n- aux  habilitations  \u00e0 dispenser  la formation  \u00ab chiens  dangereux  \u00bb ;\n- \u00e0 la liste  des  personnes  habilit\u00e9es  \u00e0 dispenser  la formation  \u00ab chiens  dangereux  \u00bb ;\n- aux  certificats  de capacit\u00e9  pour  le dressage  des  chiens  au mordant  ;\n- alaliste  des  v\u00e9t\u00e9rinaires  charg\u00e9s  de r\u00e9aliser  l'\u00e9valuation  comportementale  des  chiens  \u00e0 Paris.\n+ les d\u00e9cisions  individuelles  \u00e0 caract\u00e8re  statutaire  \u00e0 l'exception  de celles  concernant  les\nfonctionnaires  de l'\u00c9tat.\nEn cas  d'absence  ou d'emp\u00e9chement  de M. Christian  CHASSAING,  Mme  C\u00e9cile  GUILHEM,\nadministratrice  de l'Etat  du deuxi\u00e8me  grade,  sous-directrice  des  polices  sanitaires,  environnementales\net de s\u00e9curit\u00e9  et, en son  absence,  Mme  Laurence  GIREL-GORIZZUTTI,  agent  contractuel,  adjointe  \u00e0 la\nsous-directrice  des  polices  sanitaires,  environnementales  et de s\u00e9curit\u00e9,  re\u00e7oivent  d\u00e9l\u00e9gation  \u00e0 l'effet\nde signer  tous  les arr\u00eat\u00e9s  et d\u00e9cisions  mentionn\u00e9s  au pr\u00e9sent  article,  \u00e0 l'exception  des  d\u00e9cisions\nindividuelles  \u00e0 caract\u00e8re  statutaire  mentionn\u00e9es  au deuxi\u00e8me  alin\u00e9a.\nArticle  23\nEn cas  d'absence  ou d'emp\u00eachement  de M. Christian  CHASSAING,  Mme  Marie-H\u00e9l\u00e8ne  TREBILLON,\ndirectrice  d\u00e9partementale  de 1*\u00b0 classe  de la concurrence,  de la consommation  et de la r\u00e9pression\ndes  fraudes,  directrice  d\u00e9partementale  de la protection  des  populations  de Paris  et M. Olivier  HERY,\ndirecteur  d\u00e9partemental  de 2\u00b0\"  classe  de la concurrence,  de la consommation  et de la r\u00e9pression\ndes  fraudes,  directeur  d\u00e9partemental  adjoint  de la protection  des  populations  de Paris,  re\u00e7oivent\nd\u00e9l\u00e9gation  \u00e0 l'effet  de signer  :\n- les mesures  de fermeture  administrative  de restaurants  et autres  commerces  alimentaires\nmotiv\u00e9es  par  des  raisons  de sant\u00e9  publique  et fond\u00e9es  sur le code  de la consommation  ou le\ncode  rural  et de la p\u00eache  maritime,  ainsi  que  les arr\u00eat\u00e9s  abrogeant  ces  mesures  ;\n- les actes,  arr\u00eat\u00e9s  et d\u00e9cisions  relatifs  \u00e0 la mise  sous  surveillance  sanitaire  et les d\u00e9clarations\nd'infection  (rage),  sous  r\u00e9serve  de la mise  en \u0153uvre  des  dispositions  de l'article  R. 223-26  du\ncode  rural  et de la p\u00eache  maritime  ;\n- les arr\u00eat\u00e9s  et d\u00e9cisions  relatives  \u00e0 l'agr\u00e9ment  des  associations  locales,  d\u00e9partementales  ou\nr\u00e9gionales  de protection  des  consommateurs  pr\u00e9vus  par  les articles  L. 811-1  et R. 811-2  du code\nde la consommation  ;\n- les actes  de police  administrative  pr\u00e9vus  aux  articles  L.521-5  \u00e0 L.521-16,  L.521-20  et\nL. 521-22  du code  de la consommation  ;\n2024-01531  .\n\n- les actes,  arr\u00eat\u00e9s,  d\u00e9cisions  et pi\u00e8ces  comptables  n\u00e9cessaires  \u00e0 l'exercice  des  missions  confi\u00e9es\u00e0 la direction  d\u00e9partementale  interminist\u00e9rielle  de la protection  des  populations  de Paris  parl'article  5 du d\u00e9cret  du 3 d\u00e9cembre  2009  susvis\u00e9  et \u00e0 la pr\u00e9vention  des  nuisances  animales  ;\n- les transactions  pr\u00e9vues  \u00e0 l'article  L. 205-10  du code  rural  et de la p\u00eache  maritime,  et \u00e0 l'articleL.173-12  du code  de l'environnement  ;\n- les actes  relatifs  \u00e0 la situation  individuelle  des  fonctionnaires  et agents  non  titulaires  exer\u00e7antleurs  fonctions  \u00e0 la direction  d\u00e9partementale  interminist\u00e9rielle  de la protection  despopulations  de Paris.\nArticle  24\nEn cas  d'absence  ou d'emp\u00e9chement  de Mme  Marie-H\u00e9l\u00e8ne  TREBILLON,  et de M. Olivier  HERY,  MmeSophie  BOUSSAC-LOAREC,  secr\u00e9taire  g\u00e9n\u00e9rale,  re\u00e7oit  d\u00e9l\u00e9gation  \u00e0 l'effet  de signer  toutes  pi\u00e8cescomptables  n\u00e9cessaires  \u00e0 l'exercice  des  missions  de la direction  d\u00e9partementale  de la protection  despopulations,  dans  la limite  de ses  attributions.\nArticle  25\nLes  d\u00e9cisions  individuelles  mentionn\u00e9es  aux  g, h et i de l'article  1\u00b0 de l'arr\u00eat\u00e9  du 31 mars  2011  susvis\u00e9pour  lesquelles  Mme  Marie-H\u00e9l\u00e8ne  TREBILLON  a re\u00e7u  d\u00e9l\u00e9gation  de signature  en application  del'article  23 du pr\u00e9sent  arr\u00eat\u00e9  sont  exclues  de la d\u00e9l\u00e9gation  que  cette  derni\u00e8re  peut  consentir  auxagents  plac\u00e9s  sous  son  autorit\u00e9,  \u00e0 l'exception  du directeur  d\u00e9partemental  adjoint  de la directiond\u00e9partementale  de la protection  des  populations  de Paris.\nArticle  26\nEn cas  d'absence  ou d'emp\u00e9chement  de Mme  Sophie  BOUSSAC-LOAREC,  Mme  H\u00e9l\u00e8ne  POLOMACK,attach\u00e9e  principale  d'administration  de l'Etat,  Mme  V\u00e9ronique  BOUTY,  attach\u00e9e  d'administration  del'\u00c9tat,  M. David  CORNUDET,  attach\u00e9  d'administration  de l'Etat  et Mme  Jessica  PALMERINI,  attach\u00e9eprincipale  d'administration  de l'Etat,  re\u00e7oivent  d\u00e9l\u00e9gation  \u00e0 l'effet  de signer  toutes  pi\u00e8ces  comptablesn\u00e9cessaires  \u00e0 l'exercice  des  missions  de la direction  d\u00e9partementale  de la protection  des  populations,dans  la limite  de leurs  attributions  respectives.\nTITRE  V\nDispositions  finales\nArticle  27\nLa pr\u00e9f\u00e8te,  directrice  de cabinet,  est  charg\u00e9e  de l'ex\u00e9cution  du pr\u00e9sent  arr\u00eat\u00e9  qui  sera  publi\u00e9  auxrecueils  des  actes  administratifs  des  d\u00e9partements  de Paris,  des  Hauts-de-Seine,  de la Seine-Saint-Denis  et du Val-de-Marne.\nFait  \u00e0 Paris,le  16 OCT.  2024  \u2014\n2024-01534\n\nPREFECTURE  bai CABINET  DU PREFET\nDE POLICE\nLibert\u00e9\n\u00c9galit\u00e9\nFraternit\u00e9\nArr\u00eat\u00e9  n\u00b0 2024-0autorisant  la captation,  l'enregistrement  et la transmission  1238.  au moyen\nde cam\u00e9ras  install\u00e9es  sur des  a\u00e9ronefs  police  \u00e0 l'occasion  de la 8\u00e8me  journ\u00e9e  du\nchampionnat  de France  de football  de Ligue  1 au Parc  des  Princes  le samedi  19 octobre  2024\nLe pr\u00e9fet  de police,\nVu le code  de la s\u00e9curit\u00e9  int\u00e9rieure,  notamment  ses articles  L. 242-1  \u00e0 L. 242-8  et R. 242-8  \u00e0\nR. 242-15  ;\nVu le d\u00e9cret  n\u00b0 2004-374  du 29 avril  2004  modifi\u00e9  relatif  aux  pouvoirs  des  pr\u00e9fets,  \u00e0\nl'organisation  et \u00e0 l'action  des  services  de l'Etat  dans  les r\u00e9gions  et d\u00e9partements,  notamment\nses articles  70, 72 et 73;\nVu l'arr\u00eat\u00e9  du 19 avril  2023  relatif  au nombre  maximal  de cam\u00e9ras  install\u00e9es  sur des  a\u00e9ronefs\npouvant  \u00eatre  simultan\u00e9ment  utilis\u00e9es  dans  chaque  d\u00e9partement  et collectivit\u00e9  d'outre-mer  ;\nVu l'instruction  minist\u00e9rielle  NOR  1OMD2311883)  du 30 avril  2023  relative  \u00e0 la proc\u00e9dure\nd'autorisation  des  cam\u00e9ras  install\u00e9es  sur des  a\u00e9ronefs  pour  des  missions  de police\nadministrative  ;\nVu le d\u00e9cret  du 20 juillet  2022  par lequel  M. Laurent  NUNEZ,  pr\u00e9fet,  coordonnateur  national\ndu renseignement  et de la lutte  contre  le terrorisme,  est nomm\u00e9  pr\u00e9fet  de police  (hors  classe)  ;\nVu la demande  en date  du 16 octobre  2024  form\u00e9e  par  la direction  de l'ordre  public  et de la\ncirculation  visant  \u00e0 obtenir  l'autorisation  de capter,  d'enregistrer  et de transmettre  des  images\nau moyen  de deux  cam\u00e9ras  install\u00e9es  sur des  a\u00e9ronefs  t\u00e9l\u00e9-pilot\u00e9s  afin  d'assurer  la pr\u00e9vention\ndes  atteintes  \u00e0 la s\u00e9curit\u00e9  des  personnes  et des  biens,  la s\u00e9curit\u00e9  des  rassemblements,  la\npr\u00e9vention  d'actes  de terrorisme  ainsi  que  la r\u00e9gulation  des  flux  de transport  \u00e0 l'occasion  de\nla 8*\"*  journ\u00e9e  du championnat  de France  de football  de Ligue  1 le 19 octobre  2024  au stade\ndu Parc  des  Princes  \u00e0 Paris  1627  ;\nConsid\u00e9rant  que  les dispositions  du | de l'article  L. 242-5  du code  de la s\u00e9curit\u00e9  int\u00e9rieure\npermettent  aux  forces  de s\u00e9curit\u00e9  int\u00e9rieure,  dans  l'exercice  de leurs  missions  de pr\u00e9vention\ndes  atteintes  \u00e0 l'ordre  public  et de protection  de la s\u00e9curit\u00e9  des  personnes  et des  biens,  de\nproc\u00e9der  \u00e0 la captation,  \u00e0 l'enregistrement  et \u00e0 la transmission  d'images  au moyen  de cam\u00e9ras\ninstall\u00e9es  sur des  a\u00e9ronefs  aux  fins  d'assurer  la pr\u00e9vention  des  atteintes  \u00e0 la s\u00e9curit\u00e9  des\npersonnes  et des  biens  dans  des  lieux  particuli\u00e8rement  expos\u00e9s,  la s\u00e9curit\u00e9  des\nrassemblements  de personnes  sur la voie  publique  ainsi  que  l'appui  des  personnels  au sol,  en\nvue  de leur  permettre  de maintenir  ou de r\u00e9tablir  l'ordre  public  lorsque  ces  rassemblements\nsont  susceptibles  d'entra\u00eener  des  troubles  graves  \u00e0 l'ordre  public,  la pr\u00e9vention  d'actes  de\nterrorisme  et la r\u00e9gulation  des  flux  de transports  ;\nConsid\u00e9rant  que  se tiendra  le samedi  19 octobre  2024  \u00e0 21h00  un match  de football  pour  le\ncompte  de la 8*\"* journ\u00e9e  du championnat  de football  de Ligue  1 au stade  du Parc  des Princes\n\n\u00e0 Paris  16*\"\u00b0,  qui opposera  les \u00e9quipes  du Paris  Saint-Germain  et du Racing  Club  de Strasbourg\nAlsace  ; qu'\u00e0  cette  occasion,  un nombre  important  de supporters  ainsi  que  des  personnalit\u00e9s\nseront  pr\u00e9sents  aux  abords  et \u00e0 l'int\u00e9rieur  du stade  ; que  dans  le contexte  actuel  de menace\ntr\u00e8s  \u00e9lev\u00e9e,  cette  rencontre  sportive  est susceptible  de constituer  une  cible  privil\u00e9gi\u00e9e  et\nsymbolique  pour  des  actes  de nature  terroriste  ;\nConsid\u00e9rant  \u00e9galement  que  plusieurs  attentats  ou tentatives  d'attentats  r\u00e9cents  traduisent  le\nniveau  \u00e9lev\u00e9  de la menace  terroriste  actuelle  en France,  dans  le cadre  du plan  VIGIPIRATE\n\u00ab urgence  attentat  \u00bb en vigueur  sur  l'ensemble  du territoire  national;\nConsid\u00e9rant,  en outre,  qu'au-dela  de la seule  s\u00e9curisation  du match  qui  fait  l'objet  de mesures\nde police  sur le fondement  de l'article  L. 226-1  du code  de la s\u00e9curit\u00e9  int\u00e9rieure  et pour  lequel\nun service  d'ordre  est mis  en place  par  la direction  de l'ordre  public  et de la circulation,  il est\nn\u00e9cessaire  de disposer  d'un  moyen  de surveillance  permettant  de s\u00e9curiser  la voie  publique\nen amont  et en aval  de cet  \u00e9v\u00e8nement  pour  pr\u00e9venir  ou mettre  fin \u00e0 d'\u00e9ventuelles  rixes  entre\nspectateurs  et personnes  \u00e0 l'ext\u00e9rieur  du Parc  des  Princes  ou \u00e0 des  atteintes  \u00e0 la s\u00e9curit\u00e9  des\npersonnes  et des  biens,  se pr\u00e9munir  contre  d'\u00e9ventuels  actes  terroristes  et r\u00e9guler  les flux  de\ntransport  autour  de l'enceinte  ;\nConsid\u00e9rant  que  la demande  de la direction  de l'ordre  public  et de la circulation  porte  sur\nl'engagement  de deux  cam\u00e9ras  a\u00e9roport\u00e9es  qui pourront  \u00eatre  en vol simultan\u00e9ment  en vue  de\ncapter,  d'enregistrer  et de transmettre  des  images;  que  les aires  survol\u00e9es  sont  strictement\nlimit\u00e9es  aux  zones  o\u00f9 seront  mises  en \u0153uvre  les finalit\u00e9s  susvis\u00e9es;  que  la dur\u00e9e  de\nl'autorisation  demand\u00e9e  n'appara\u00eet  pas  disproportionn\u00e9e  au regard  de ces m\u00eames  finalit\u00e9s  ;\nConsid\u00e9rant  que  le recours  \u00e0 des  cam\u00e9ras  a\u00e9roport\u00e9es  permet  de disposer  d'une  vision  en\ngrand  angle  tout  en limitant  l'engagement  des  forces  au sol  ; qu'il  n'existe  pas  de dispositif\nmoins  intrusif  permettant  de parvenir  aux  m\u00eames  fins  ;\nSur  proposition  du directeur  de l'ordre  public  et de la circulation,\nARRETE  :\nArticle  1\u00b0 - La captation,  l'enregistrement  et la transmission  d'images  par  la direction  de\nl'ordre  public  et de la circulation  sont  autoris\u00e9s  le samedi  19 octobre  2024  aux  titres  de:\n- la pr\u00e9vention  des  atteintes  \u00e0 la s\u00e9curit\u00e9  des  personnes  et des  biens  ;\n- la s\u00e9curit\u00e9  des  rassemblements;\n- la pr\u00e9vention  d'actes  de terrorisme  ;\nla r\u00e9gulation  des  flux  de transport.\nArticle  2 - Le nombre  maximal  de cam\u00e9ras  pouvant  proc\u00e9der  simultan\u00e9ment  \u00e0 des\nenregistrements  est  fix\u00e9  \u00e0 2 cam\u00e9ras  embarqu\u00e9es  sur  des  a\u00e9ronefs  t\u00e9l\u00e9-pilot\u00e9s.\nArticle  3 - La pr\u00e9sente  autorisation  s'applique  au p\u00e9rim\u00e8tre  g\u00e9ographique  figurant  sur le plan\nen annexe  au pr\u00e9sent  arr\u00eat\u00e9.\nArticle  4 \u2014 La pr\u00e9sente  autorisation  est d\u00e9livr\u00e9e  du samedi  19 octobre  2024  \u00e0 18h00  au\ndimanche  20 octobre  2024  \u00e0 01h00  pour  l'ensemble  des  finalit\u00e9s  pr\u00e9cit\u00e9es.\n2024-01538  2\n\nArticle  5 \u2014 L'information  du public  est assur\u00e9e  par  la publication  du pr\u00e9sent  arr\u00eat\u00e9  aux  recueils\ndes  actes  administratifs  mentionn\u00e9s  \u00e0 l'article  7, sa mise  en ligne  sur le site  internet  de la\npr\u00e9fecture  de police  ainsi  que  par  une  information  sur les r\u00e9seaux  sociaux.\nArticle  6 - Le registre  mentionn\u00e9  \u00e0 l'article  L. 242-4  du code  de la s\u00e9curit\u00e9  int\u00e9rieure  est\ntransmis  au pr\u00e9fet  de police,  \u00e0 l'issue  de la p\u00e9riode  d'autorisation.\nArticle  7 - Le pr\u00e9fet  des  Hauts-de-Seine,  la pr\u00e9f\u00e8te,  directrice  du cabinet  du pr\u00e9fet  de police\net le directeur  de l'ordre  public  et de la circulation  sont  charg\u00e9s,  chacun  en ce qui le concerne,\nde l'ex\u00e9cution  du pr\u00e9sent  arr\u00eat\u00e9  qui entrera  en vigueur  d\u00e8s  son  affichage  aux  portes  de la\npr\u00e9fecture  de police,  sera  publi\u00e9  aux  recueils  des  actes  administratifs  du d\u00e9partement  de Paris\net de la pr\u00e9fecture  des  Hauts-de-Seine  et consultable  sur le site  internet  de la pr\u00e9fecture  de\npolice  (https://www.prefecturedepolice.interieur.gouv.fr).\nFait  \u00e0 Paris,le  18  OCT.  2004\ngl Laurent  NUNEZ\nCome  dc\nMagali  CHARBONNEAU\\\n2024-01538\n\nAnnexe  de l'arr\u00eat\u00e9  n\u00b0 2024-01538  du 18 OCT. 2024\nVOIES  ET DELAIS  DE RECOURS\nSi vous  estimez  devoir  contester  la pr\u00e9sente  autorisation,  il vous  est possible,  dans  un d\u00e9lai  de\ndeux  mois  \u00e0 compter  de la date  de son  affichage  ou de sa publication  :\n- soit  de saisir  d'un  RECOURS  GRACIEUX\nle Pr\u00e9fet  de Police\n7/9,  boulevard  du Palais  - 75195  PARIS  RP\n- ou de former  un RECOURS  HIERARCHIQUE\naupr\u00e8s  du Ministre  de l'int\u00e9rieur  et des  outre-mer\nDirection  des  libert\u00e9s  publiques  et des  affaires  juridiques\nplace  Beauvau  - 75008  PARIS\n- soit  de saisir  d'un  RECOURS  CONTENTIEUX\nle Tribunal  administratif  comp\u00e9tent\nAucune  de ces voies  et recours  ne suspend  l'application  de la pr\u00e9sente  d\u00e9cision.\nLes recours  GRACIEUX  et HIERARCHIQUE  doivent  \u00eatre  \u00e9crits,  exposer  les arguments\nou faits  nouveaux  et comprendre  la copie  de la d\u00e9cision  contest\u00e9e.\nLe recours  contentieux,  qui  vise  \u00e0 contester  la LEGALITE  de la pr\u00e9sente  d\u00e9cision,  doit\n\u00e9galement  \u00eatre  \u00e9crit  et exposer  votre  argumentation  juridique.\nSi vous  n'aviez  pas  de r\u00e9ponse  \u00e0 votre  recours  GRACIEUX  o\u00f9 HIERARCHIQUE  dans  un\nd\u00e9lai  de deux  mois  \u00e0 compter  de la r\u00e9ception  de votre  recours  par  l'administration,\nvotre  demande  devra  \u00eatre  consid\u00e9r\u00e9e  comme  rejet\u00e9e  (d\u00e9cision  implicite  de rejet).\nEn cas de rejet  des  RECOURS  GRACIEUX  ou HIERARCHIQUE,  le Tribunal  administratif\npeut  \u00eatre  saisi  d'un  recours  contentieux  dans  le d\u00e9lai  de deux  mois  \u00e0 compter  de la\ndate  de la d\u00e9cision  de rejet.\n\n2024-01538\n\n|\n|\nPR\u00c9FECTURE  ap CABINET  DU PREFET  |\nDE POLICE\nLibert\u00e9  |\u00c9galit\u00e9\nFraternit\u00e9\nArr\u00eat\u00e9  n\u00b0 2024-01539\nautorisant  la captation,  l'enregistrement  et la transmission  d'images  au moyen\nde cam\u00e9ras  install\u00e9es  sur des  a\u00e9ronefs  police  \u00e0 l'occasion  de la 3\u00e8me  journ\u00e9e  de la Ligue  des\nChampions  de football  au Parc  des  Princes  le mardi  22 octobre  2024\nLe pr\u00e9fet  de police,\nVu le code  de la s\u00e9curit\u00e9  int\u00e9rieure,  notamment  ses articles  L. 242-1  \u00e0 L. 242-8  et R.242-8  \u00e0\nR. 242-15  ;\nVu le d\u00e9cret  n\u00b0 2004-374  du 29 avril  2004  modifi\u00e9  relatif  aux  pouvoirs  des  pr\u00e9fets,  \u00e0\nl'organisation  et \u00e0 l'action  des  services  de l'Etat  dans  les r\u00e9gions  et d\u00e9partements,  notamment\nses articles  70, 72 et 73;\nVu l'arr\u00eat\u00e9  du 19 avril  2023  relatif  au nombre  maximal  de cam\u00e9ras  install\u00e9es  sur des  a\u00e9ronefs\npouvant  \u00eatre  simultan\u00e9ment  utilis\u00e9es  dans  chaque  d\u00e9partement  et collectivit\u00e9  d'outre-mer  ;\nVu l'instruction  minist\u00e9rielle  NOR  1IOMD2311883J  du 30 avril  2023  relative  \u00e0 la proc\u00e9dure\nd'autorisation  des  cam\u00e9ras  install\u00e9es  sur des  a\u00e9ronefs  pour  des  missions  de police\nadministrative  ;\nVu le d\u00e9cret  du 20 juillet  2022  par  lequel  M. Laurent  NUNEZ,  pr\u00e9fet,  coordonnateur  national\ndu renseignement  et de la lutte  contre  le terrorisme,  est nomm\u00e9  pr\u00e9fet  de police  (hors  classe)  ;\nVu la demande  en date  du 14 octobre  2024  form\u00e9e  par  la direction  de l'ordre  public  et de la\ncirculation  visant  \u00e0 obtenir  l'autorisation  de capter,  d'enregistrer  et de transmettre  des  images\nau moyen  de deux  cam\u00e9ras  install\u00e9es  sur des  a\u00e9ronefs  t\u00e9l\u00e9-pilot\u00e9s  afin  d'assurer  la pr\u00e9vention\ndes  atteintes  \u00e0 la s\u00e9curit\u00e9  des  personnes  et des  biens,  la s\u00e9curit\u00e9  des  rassemblements,  la\npr\u00e9vention  d'actes  de terrorisme  ainsi  que  la r\u00e9gulation  des  flux  de transport  \u00e0 l'occasion  de\nla 3\u00e8me  journ\u00e9e  de la Ligue  des  Champions  de football  au Parc  des  Princes  le mardi  22 octobre\n2024;\nConsid\u00e9rant  que  les dispositions  du | de l'article  L. 242-5  du code  de la s\u00e9curit\u00e9  int\u00e9rieure\npermettent  aux  forces  de s\u00e9curit\u00e9  int\u00e9rieure,  dans  l'exercice  de leurs  missions  de pr\u00e9vention\ndes  atteintes  \u00e0 l'ordre  public  et de protection  de la s\u00e9curit\u00e9  des  personnes  et des  biens,  de\nproc\u00e9der  \u00e0 la captation,  \u00e0 l'enregistrement  et \u00e0 la transmission  d'images  au moyen  de cam\u00e9ras\ninstall\u00e9es  sur des  a\u00e9ronefs  aux  fins  d'assurer  la pr\u00e9vention  des  atteintes  \u00e0 la s\u00e9curit\u00e9  des\npersonnes  et des  biens  dans  des  lieux  particuli\u00e8rement  expos\u00e9s,  la s\u00e9curit\u00e9  des\nrassemblements  de personnes  sur la voie  publique  ainsi  que  l'appui  des  personnels  au sol,  en\nvue  de leur  permettre  de maintenir  ou de r\u00e9tablir  l'ordre  public  lorsque  ces  rassemblements\nsont  susceptibles  d'entra\u00eener  des  troubles  graves  \u00e0 l'ordre  public,  la pr\u00e9vention  d'actes  de\nterrorisme  et la r\u00e9gulation  des  flux  de transports  ;\nConsid\u00e9rant  que  se tiendra  le mardi  22 octobre  2024  \u00e0 21h00  un match  de football  pour  le\ncompte  de la 3\u00b0\" journ\u00e9e  de la Ligue  des  Champions  de football  au stade  du Parc  des  Princes\n\n\u00e0 Paris  16\u00b0\",  qui opposera  les \u00e9quipes  du Paris  Saint-Germain  (PSG)  et du Philips  Sport\nVereniging  Eindhoven  (PSV  Eindhoven);  qu'a  cette  occasion,  un nombre  important  de\nsupporters  ainsi  que  des  personnalit\u00e9s  seront  pr\u00e9sents  aux  abords  et \u00e0 l'int\u00e9rieur  du stade  ;\nque  dans  le contexte  actuel  de menace  tr\u00e8s  \u00e9lev\u00e9e,  cette  rencontre  sportive  est susceptible\nde constituer  une  cible  privil\u00e9gi\u00e9e  et symbolique  pour  des  actes  de nature  terroriste  ;\nConsid\u00e9rant  \u00e9galement  que  plusieurs  attentats  ou tentatives  d'attentats  r\u00e9cents  traduisent  le\nniveau  \u00e9lev\u00e9  de la menace  terroriste  actuelle  en France,  dans  le cadre  du plan  VIGIPIRATE\n\u00ab urgence  attentat  \u00bb en vigueur  sur  l'ensemble  du territoire  national  ;\nConsid\u00e9rant,  en outre,  qu'au-dela  de la seule  s\u00e9curisation  du match  qui fait  l'objet  de mesures\nde police  sur le fondement  de l'article  L. 226-1  du code  de la s\u00e9curit\u00e9  int\u00e9rieure  et pour  lequel\nun service  d'ordre  est mis  en place  par  la direction  de l'ordre  public  et de la circulation,  il est\nn\u00e9cessaire  de disposer  d'un  moyen  de surveillance  permettant  de s\u00e9curiser  la voie  publique\nen amont  et en aval  de cet  \u00e9v\u00e8nement  pour  pr\u00e9venir  ou mettre  fin \u00e0 d'\u00e9ventuelles  rixes  entre\nspectateurs  et personnes  \u00e0 l'ext\u00e9rieur  du Parc  des  Princes  ou \u00e0 des  atteintes  \u00e0 la s\u00e9curit\u00e9  des\npersonnes  et des  biens,  se pr\u00e9munir  contre  d'\u00e9ventuels  actes  terroristes  et r\u00e9guler  les flux  de\ntransport  autour  de l'enceinte  ;\nConsid\u00e9rant  que  la demande  de la direction  de l'ordre  public  et de la circulation  porte  sur\nl'engagement  de deux  cam\u00e9ras  a\u00e9roport\u00e9es  qui pourront  \u00eatre  en vol simultan\u00e9ment  en vue  de\ncapter,  d'enregistrer  et de transmettre  des  images;  que  les aires  survol\u00e9es  sont  strictement\nlimit\u00e9es  aux  zones  o\u00f9 seront  mises  en \u0153uvre  les finalit\u00e9s  susvis\u00e9es;  que  la dur\u00e9e  de\nl'autorisation  demand\u00e9e  n'appara\u00eet  pas  disproportionn\u00e9e  au regard  de ces  m\u00eames  finalit\u00e9s  ;\nConsid\u00e9rant  que  le recours  \u00e0 des  cam\u00e9ras  a\u00e9roport\u00e9es  permet  de disposer  d'une  vision  en\ngrand  angle  tout  en limitant  l'engagement  des  forces  au sol;  qu'il  n'existe  pas  de dispositif\nmoins  intrusif  permettant  de parvenir  aux  m\u00eames  fins;\nSur  proposition  du directeur  de l'ordre  public  et de la circulation, Pp\nARRETE  :\nArticle  1* - La captation,  l'enregistrement  et la transmission  d'images  par  la direction  de\nl'ordre  public  et de la circulation  sont  autoris\u00e9s  le mardi  22 octobre  2024  aux  titres  de:\n- la pr\u00e9vention  des  atteintes  \u00e0 la s\u00e9curit\u00e9  des  personnes  et des  biens  ;\n- la s\u00e9curit\u00e9  des  rassemblements  ;\n- la pr\u00e9vention  d'actes  de terrorisme  ;\n- la r\u00e9gulation  des  flux  de transport.\nArticle  2 - Le nombre  maximal  de cam\u00e9ras  pouvant  proc\u00e9der  simultan\u00e9ment  \u00e0 des\nenregistrements  est  fix\u00e9  \u00e0 2 cam\u00e9ras  embarqu\u00e9es  sur  des  a\u00e9ronefs  t\u00e9l\u00e9-pilot\u00e9s.\nArticle  3 - La pr\u00e9sente  autorisation  s'applique  au p\u00e9rim\u00e8tre  g\u00e9ographique  figurant  sur le plan\nen annexe  au pr\u00e9sent  arr\u00eat\u00e9.\nArticle  4 - La pr\u00e9sente  autorisation  est d\u00e9livr\u00e9e  du mardi  22 octobre  2024  \u00e0 10h00  au mercredi\n23 octobre  2024  \u00e0 01h00  pour  l'ensemble  des  finalit\u00e9s  pr\u00e9cit\u00e9es.\n2024-01539  2\n\nArticle  5 \u2014 L'information  du public  est assur\u00e9e  par  la publication  du pr\u00e9sent  arr\u00eat\u00e9  aux  recueils\ndes  actes  administratifs  mentionn\u00e9s  \u00e0 l'article  7, sa mise  en ligne  sur le site  internet  de la\npr\u00e9fecture  de police  ainsi  que  par  une  information  sur les r\u00e9seaux  sociaux.\nArticle  6 \u2014 Le registre  mentionn\u00e9  \u00e0 l'article  L. 242-4  du code  de la s\u00e9curit\u00e9  int\u00e9rieure  est\ntransmis  au pr\u00e9fet  de police,  \u00e0 l'issue  de la p\u00e9riode  d'autorisation.\nArticle  7 - Le pr\u00e9fet  des  Hauts-de-Seine,  la pr\u00e9f\u00e8te,  directrice  du cabinet  du pr\u00e9fet  de police\net le directeur  de l'ordre  public  et de la circulation  sont  charg\u00e9s,  chacun  en ce qui le concerne,\nde l'ex\u00e9cution  du pr\u00e9sent  arr\u00eat\u00e9  qui entrera  en vigueur  d\u00e8s  son  affichage  aux  portes  de la\npr\u00e9fecture  de police,  sera  publi\u00e9  aux  recueils  des  actes  administratifs  du d\u00e9partement  de Paris\net de la pr\u00e9fecture  des  Hauts-de-Seine  et consultable  sur le site  internet  de la pr\u00e9fecture  de\npolice  (https://www.prefecturedepolice.interieur.gouv.fr).\nFait \u00e0 Paris,le  | 8 OCT. 2024\n2 Laurent  NUNEZ\n\\\nLa Pr\u00e9f\u00e8te,  )\nDirectrice  abinpt,\nMagali  CHARBONNEAU\n2024-01539\n\nAnnexe  de l'arr\u00eat\u00e9  n\u00b0 2024-01539  dy l'8 OCT. 2024\nVOIES  ET DELAIS  DE RECOURS\nSi vous  estimez  devoir  contester  la pr\u00e9sente  autorisation,  il vous  est possible,  dans  un d\u00e9lai  de\ndeux  mois  \u00e0 compter  de la date  de son  affichage  ou de sa publication  :\n- soit  de saisir  d'un  RECOURS  GRACIEUX\nle Pr\u00e9fet  de Police\n719,  boulevard  du Palais  - 75195  PARIS  RP\n- ou de former  un RECOURS  HIERARCHIQUE\naupr\u00e8s  du Ministre  de l'int\u00e9rieur  et des  outre-mer\nDirection  des  libert\u00e9s  publiques  et des  affaires  juridiques\nplace  Beauvau  - 75008  PARIS\n- soit  de saisir  d'un  RECOURS  CONTENTIEUX\nle Tribunal  administratif  comp\u00e9tent\nAucune  de ces  voies  et recours  ne suspend  l'application  de la pr\u00e9sente  d\u00e9cision.\nLes recours  GRACIEUX  et HIERARCHIQUE  doivent  \u00eatre  \u00e9crits,  exposer  les arguments\nou faits  nouveaux  et comprendre  la copie  de la d\u00e9cision  contest\u00e9e.\nLe recours  contentieux,  qui  vise  \u00e0 contester  la LEGALITE  de la pr\u00e9sente  d\u00e9cision,  doit\n\u00e9galement  \u00eatre  \u00e9crit  et exposer  votre  argumentation  juridique.\nSi vous  n'aviez  pas  de r\u00e9ponse  \u00e0 votre  recours  GRACIEUX  o\u00f9 HIERARCHIQUE  dans  un\nd\u00e9lai  de deux  mois  \u00e0 compter  de la r\u00e9ception  de votre  recours  par  l'administration,\nvotre  demande  devra  \u00eatre  consid\u00e9r\u00e9e  comme  rejet\u00e9e  (d\u00e9cision  implicite  de rejet).\nEn cas de rejet  des  RECOURS  GRACIEUX  ou HIERARCHIQUE,  le Tribunal  administratif\npeut  \u00eatre  saisi  d'un  recours  contentieux  dans  le d\u00e9lai  de deux  mois  \u00e0 compter  de la\ndate  de la d\u00e9cision  de rejet.\n\n2024-01539\nBRLANCOURT\n+\n|\n%WAM sreau+\n\nPREFECTURE  ap\nDE POLICE\nLibert\u00e9\n\u00c9galit\u00e9\nFraternit\u00e9\nsea 2024-01545\narr\u00e9t\u00e9  n\u00b0\naccordant  d\u00e9l\u00e9gation  de la signature  pr\u00e9fectorale  au sein  de\nla direction  de la s\u00e9curit\u00e9  de proximit\u00e9  de l'agglom\u00e9ration  parisienneCabinet  du pr\u00e9fet\nLe pr\u00e9fet  de police,\nVU le code  g\u00e9n\u00e9ral  de la fonction  publique,  notamment  son  article  L417-5  ;\nVU le code  g\u00e9n\u00e9ral  des  collectivit\u00e9s  territoriales  ;\nVU  le code  de la s\u00e9curit\u00e9  int\u00e9rieure  ;\nVU le code  des  transports,  notamment  ses articles  L. 2251-4-2,  R. 2251-68  et R. 2251-69  ;\nVU le d\u00e9cret  n\u00b0 79-63  du 23 janvier  1979  modifi\u00e9  relatif  aux  emplois  de directeur  des  services  actifs\nde police  de la pr\u00e9fecture  de police  ;\nVU le d\u00e9cret  n\u00b0 95-1197  du 6 novembre  1995  modifi\u00e9  portant  d\u00e9concentration  en mati\u00e9re  de gestion\ndes  personnels  de la police  nationale  ;\nVU le d\u00e9cret  n\u00b0 97199  du 5 mars  1997  modifi\u00e9  relatif  au remboursement  de certaines  d\u00e9penses\nsupport\u00e9es  par  les forces  de police  ;\nVU le d\u00e9cret  n\u00b0 2004-374  du 29 avril  2004  modifi\u00e9  relatif  aux  pouvoirs  des  pr\u00e9fets,  \u00e0 l'organisation  et\n\u00e0 l'action  des  services  de l'\u00c9tat  dans  les r\u00e9gions  et d\u00e9partements,  notamment  son  article  77 ;\nVU le d\u00e9cret  n\u00b0 2006-1780  du 23 d\u00e9cembre  2006  modifi\u00e9  portant  d\u00e9l\u00e9gation  de pouvoir  en mati\u00e8re\nde recrutement  et de gestion  de certains  personnels  relevant  du minist\u00e8re  de l'int\u00e9rieur  ;\nVU le d\u00e9cret  n\u00b0 2009-898  du 24 juillet  2009  modifi\u00e9  relatif  \u00e0 la comp\u00e9tence  territoriale  de certaines\ndirections  et de certains  services  de la pr\u00e9fecture  de police,  notamment  son  article  1\u00b0  ;\nVU le d\u00e9cret  n\u00b0 2012-1246  du 7 novembre  2012  relatif  \u00e0 la gestion  budg\u00e9taire  et comptable  publique  ;\nVU l'arr\u00eat\u00e9  minist\u00e9riel  du 6 novembre  1995  modifi\u00e9  portant  d\u00e9concentration  en mati\u00e8re  de gestion\ndes  personnels  de la police  nationale  ;\nVU l'arr\u00eat\u00e9  interminist\u00e9riel  du 8 septembre  2000  fixant  le montant  des  remboursements  de\ncertaines  d\u00e9penses  support\u00e9es  par  les forces  de police  ;\nVU l'arr\u00eat\u00e9  pr\u00e9fectoral  n\u00b0 2009-00641  du 7 ao\u00fbt  2009  modifi\u00e9  relatif  \u00e0 l'organisation  de la pr\u00e9fecture\nde police  ;\nVU l'arr\u00eat\u00e9  n\u00b0 2019-00079  du 24 janvier  2019  autorisant  l'installation  du syst\u00e8me  de vid\u00e9oprotection\nde la pr\u00e9fecture  de police,  notamment  son  article  6;\nVU l'arr\u00eat\u00e9  pr\u00e9fectoral  n\u00b0 2022-01314  du 07 novembre  2022  modifi\u00e9  relatif  aux  missions  et \u00e0\nl'organisation  de la direction  de la s\u00e9curit\u00e9  de proximit\u00e9  de l'agglom\u00e9ration  parisienne  ;\n\nVU le d\u00e9cret  du 20 juillet  2022  par  lequel  M. Laurent  NUNEZ,  pr\u00e9fet,  coordonnateur  national  du\nrenseignement  et de la lutte  contre  le terrorisme,  est nomm\u00e9  pr\u00e9fet  de police  (hors  classe)  ;\nVU le d\u00e9cret  du 19 juillet  2021  par  lequel  Mme  Isabelle  TOMATIS,  contr\u00f4leuse  g\u00e9n\u00e9rale  des  services\nactifs  de la police  nationale,  directrice  d\u00e9partementale  de la s\u00e9curit\u00e9  publique  \u00e0 Versailles,  est\nnomm\u00e9e  directrice  des  services  actifs  de police  de la pr\u00e9fecture  de police,  directrice  de la s\u00e9curit\u00e9\nde proximit\u00e9  de l'agglom\u00e9ration  parisienne  ;\nVU l'arr\u00eat\u00e9  minist\u00e9riel  du 6 juin  2019  par  lequel  M. Jean-Paul  PECQUET,  contr\u00f4leur  g\u00e9n\u00e9ral  des\nservices  actifs  de la police  nationale,  directeur  territorial  de la s\u00e9curit\u00e9  de proximit\u00e9  \u00e0 Nanterre  (92),\nest nomm\u00e9  inspecteur  g\u00e9n\u00e9ral  des  services  actifs  de la police  nationale,  directeur  adjoint  de la\ns\u00e9curit\u00e9  de proximit\u00e9  de l'agglom\u00e9ration  parisienne  \u00e0 Paris  (75)  \u00e0 compter  du 10 juin  2019  ;\nVU l'arr\u00eat\u00e9  minist\u00e9riel  du 7 octobre  2021  par  lequel  M. Michel  LAVAUD,  contr\u00f4leur  g\u00e9n\u00e9ral  des\nservices  actifs  de la police  nationale,  chef  du service  d'information  et de communication  de la\npolice  \u00e0 la direction  g\u00e9n\u00e9rale  de la police  nationale  \u00e0 Paris  (75),  est nomm\u00e9  inspecteur  g\u00e9n\u00e9ral  des\nservices  actifs  de la police  nationale,  directeur  territorial  de la s\u00e9curit\u00e9  de proximit\u00e9  \u00e0 Bobigny  (93),\npour  une  dur\u00e9e  de trois  ans  \u00e0 compter  du 11 octobre  2021,  renouvelable  ;\nVU l'arr\u00eat\u00e9  minist\u00e9riel  du 21 juin  2019  par  lequel  M. S\u00e9bastien  DURAND  est nomm\u00e9  directeur\nterritorial  de la s\u00e9curit\u00e9  de proximit\u00e9  du Val-de-Marne  :\nVU l'arr\u00eat\u00e9  du 21 juillet  2022  par  lequel  M. Bernard  BOBROWSKA,  contr\u00f4leur  g\u00e9n\u00e9ral  des  services\nactifs  de la police  nationale,  directeur  territorial  de la s\u00e9curit\u00e9  de proximit\u00e9  \u00e0 Nanterre  (92),  est\nnomm\u00e9  inspecteur  g\u00e9n\u00e9ral  des  services  actifs  de la police  nationale,  directeur  territorial  de la\ns\u00e9curit\u00e9  de proximit\u00e9  \u00e0 Paris  (75),  pour  une  dur\u00e9e  de trois  ans  \u00e0 compter  du 21 juillet  2022,\nrenouvelable  ;\nVu l'arr\u00eat\u00e9  du 18 ao\u00fbt  2022  par  lequel  M. St\u00e9phane  WIERZBA,  contr\u00f4leur  g\u00e9n\u00e9ral  des  services  actifs\nde la police  nationale,  chef  d'\u00e9tat-major  \u00e0 la direction  de la s\u00e9curit\u00e9  de proximit\u00e9  de l'agglom\u00e9ration\nparisienne  de la pr\u00e9fecture  de police  \u00e0 Paris  (75),  est nomm\u00e9  contr\u00f4leur  g\u00e9n\u00e9ral  des  services  actifs\nde la police  nationale,  directeur  territorial  de la s\u00e9curit\u00e9  de proximit\u00e9  des  Hauts-de-Seine  \u00e0 Nanterre\n(92),  pour  une  dur\u00e9e  de trois  ans,  \u00e0 compter  du 1\u00b0 septembre  2022,  renouvelable  :\nSUR  proposition  de la pr\u00e9f\u00e8te,  directrice  du cabinet,\nARR\u00caTE\nArticle  1\nD\u00e9l\u00e9gation  est donn\u00e9e  \u00e0 Mme  Isabelle  TOMATIS,  directrice  de la s\u00e9curit\u00e9  de proximit\u00e9  de\nl'agglom\u00e9ration  parisienne,  \u00e0 l'effet  de signer,  au nom  du pr\u00e9fet  de police  :\na) les actes  n\u00e9cessaires  \u00e0 l'exercice  des  missions  de police  administrative  fix\u00e9es  par  l'arr\u00eat\u00e9  du\n10 d\u00e9cembre  2020  susvis\u00e9,  \u00e0 l'exception  des  conventions  o\u00f9 protocoles  avec  des  tiers  \u00e0 la\npr\u00e9fecture  de police  et des  courriers  aux  parlementaires  et aux  maires  d'arrondissement  ;\nb) les d\u00e9cisions  individuelles  relatives  \u00e0 l'octroi  des  cong\u00e9s  annuels  et de maladie  ordinaire  des\npersonnels  relevant  de son  autorit\u00e9  ;\nc) les pi\u00e8ces  comptables  relatives  aux  conventions  de concours  apport\u00e9  par  les forces  de police  avec\nles b\u00e9n\u00e9ficiaires  de ces  prestations  en application  du d\u00e9cret  du 5 mars  1997  susvis\u00e9  ;\nd) les actes  de gestion  et d'ordonnancement  portant  sur :\n- le visa  de diverses  pi\u00e8ces  comptables  de r\u00e9gie  ;\n- les d\u00e9penses  par  voie  de cartes  achats  ;\n- utilisation  du module  d'expression  de besoin  CHORUS  Formulaires,  application  informatique\nremettante  \u00e0 CHORUS  ;\n2024-01545\n\ne) les actes  d\u00e9signant  individuellement  et habilitant  les agents  relevant  de son  autorit\u00e9  autoris\u00e9s  \u00e0\n\u00eatre  destinataires  des  images  et enregistrements  issus  des  cam\u00e9ras  du plan  de vid\u00e9oprotection  de la\npr\u00e9fecture  de police.\nf) les actes  relatifs  \u00e0 la d\u00e9signation  et \u00e0 l'habilitation  des  agents  des  services  internes  de s\u00e9curit\u00e9  de\nla SNCF  et de la R\u00e9gie  autonome  des  transports  parisiens  affect\u00e9s  au sein  des  salles  d'information  et\nde commandement  dans  les conditions  pr\u00e9vues  \u00e0 l'article  R. 2251-68  du code  des  transports.\nArticle  2\nD\u00e9l\u00e9gation  est donn\u00e9e  \u00e0 Mme  Isabelle  TOMATIS  \u00e0 l'effet  de prononcer,  au nom  du pr\u00e9fet  de police,\nles sanctions  disciplinaires  de l'avertissement  et du bl\u00e2me,  inflig\u00e9es  aux  personnels  ci-apr\u00e8s  d\u00e9sign\u00e9s,\nplac\u00e9s  sous  son  autorit\u00e9  :\n- les fonctionnaires  du corps  d'encadrement  et d'application  de la police  nationale  ;\n- les personnels  administratifs,  techniques,  scientifiques  et sp\u00e9cialis\u00e9s  ;\n- les policiers  adjoints  ;\n- les policiers  r\u00e9servistes.\nArticle  3\nD\u00e9l\u00e9gation  de signature  est donn\u00e9e  \u00e0 Mme  Isabelle  TOMATIS  \u00e0 l'effet  de signer,  au nom  du pr\u00e9fet  de\npolice  et dans  la limite  de ses attributions,  les ordres  de mission.\nArticle  4\nEn cas  d'absence  ou d'emp\u00eachement  Mme  Isabelle  TOMATIS,  la d\u00e9l\u00e9gation  qui lui est accord\u00e9e  par\nles articles  1 \u00e0 3 est exerc\u00e9e  par  M. Jean-Paul  PECQUET,  directeur  adjoint  de la s\u00e9curit\u00e9  de proximit\u00e9\nde l'agglom\u00e9ration  parisienne  \u00e0 Paris.\nD\u00e9l\u00e9gations  de signature  au sein  des  services  centraux\nArticle  5\nEn cas  d'absence  ou d'emp\u00eachement  de Mme  Isabelle  TOMATIS  et de M. Jean-Paul  PECQUET,  la\nd\u00e9l\u00e9gation  qui  leur  est accord\u00e9e  par  les articles  1 \u00e0 3 est exerc\u00e9e,  dans  la limite  de leurs  attributions\nrespectives,  par  :\n- M. Christian  MEYER,  sous-directeur  de la police  r\u00e9gionale  des  transports  ;\n- Mme  Johanna  PRIMEVERT,  sous-directrice  des  services  sp\u00e9cialis\u00e9s  ;\n- M. Eric BARRE,  sous-directeur  du soutien  op\u00e9rationnel  ;\n- M. Didier  MARTIN,  sous-directeur  de la lutte  contre  l'immigration  irr\u00e9guli\u00e8re  ;\n- M. Jean-Luc  MERCIER,  chef  d'\u00e9tat-major.\nArticle  6\nEn cas  d'absence  ou d'emp\u00eachement  de M. Jean-Luc  MERCIER,  la d\u00e9l\u00e9gation  qui  lui est accord\u00e9e  par\nl'article  5 est exerc\u00e9e  par  M. Vincent  PROBST,  chef  d'\u00e9tat-major  adjoint  de l'agglom\u00e9ration\nparisienne.\nArticle  7\nEn cas d'absence  ou d'emp\u00e9chement  de M. Christian  MEYER,  la d\u00e9l\u00e9gation  qui lui est accord\u00e9e  par\nl'article  5 est exerc\u00e9e  par  Mme  St\u00e9phanie  BIUNDO,  adjointe  au sous-directeur  de la police  r\u00e9gionale\ndes  transports.\n3\n2024-01545\n\nArticle  8\nEn cas d'absence  ou d'emp\u00eachement  de Mme  Johanna  PRIMEVERT,  la d\u00e9l\u00e9gation  qui lui est accord\u00e9e\npar l'article  5 est exerc\u00e9e  par  M. Zeljko  ILIC,  sous-directeur  adjoint  des  services  sp\u00e9cialis\u00e9s,  chef  de\nservice  de la compagnie  de s\u00e9curisation  et d'intervention,  et dans  la limite  de leurs  attributions\nrespectives,  par  :\n- M. Fr\u00e9d\u00e9ric  FREMONT,  chef  du service  de nuit  d'agglom\u00e9ration,  et, en son  absence,  par  son\nadjoint  M. Vincent  BUI  TRONG  ;\n- M.Gr\u00e9gory  YAOUANC,  adjoint  au chef  de service  de la compagnie  de s\u00e9curisation  et\nd'intervention.\nArticle  9\nEn cas d'absence  ou d'emp\u00eachement  de M. \u00c9ric BARRE,  la d\u00e9l\u00e9gation  qui lui est accord\u00e9e  par l'article\n5 est exerc\u00e9e,  dans  la limite  de ses attributions  respectives,  par M. Damien  VALLOT,  adjoint  au sous-\ndirecteur  du soutien  op\u00e9rationnel  et Mme  Jo\u00eblle  LE JOUAN,  cheffe  du service  de gestion\nop\u00e9rationnelle.\nArticle  10\nD\u00e9l\u00e9gation  est donn\u00e9e  \u00e0 M. Marc  DUBOIS,  attach\u00e9  principal  d'administration  de l'\u00c9tat,  chef  de\nl'unit\u00e9  de gestion  budg\u00e9taire  et logistique,  \u00e0 l'effet  de signer,  dans  la limite  de ses attributions,  les\nactes  de gestion  relatifs  aux  d\u00e9penses  par voie  de carte  d'achat  et \u00e0 l'effet  de saisir  et de valider  des\nactes  dans  CHORUS  formulaires  (saisie  et validation  des  demandes  d'achat,  constatation  et\ncertification  des  services  faits,  ...) et l'utilisation  des  modules  d'expression  de besoin  CHORUS\nFormulaires  et CHORUS  DT, applications  informatiques  remettantes  \u00e0 CHORUS  (valideur\nhi\u00e9rarchique,  gestionnaire  contr\u00f4leur  et gestionnaire  valideur),  applications  informatiques\nremettantes  \u00e0 CHORUS.  En cas d'absence  ou d'emp\u00e9chement  de ce dernier,  la d\u00e9l\u00e9gation  qui lui est\nconsentie  est exerc\u00e9e  dans  la limite  de ses attributions,  par son  adjoint  M. St\u00e9phane  PERRIN-\nCOCON,  attach\u00e9  d'administration  de l'\u00c9tat.\nD\u00e9l\u00e9gation  est donn\u00e9e,  dans  CHORUS  Formulaires  aux  fins  de saisir  et valider  les demandes  d'achat\net de certification  du service  fait pour  le p\u00e9rim\u00e8tre  Parisien,  et dans  l'application  CHORUS  DT\n(gestionnaire  contr\u00f4leur  et gestionnaire  valideur)  aux  agents  de l'unit\u00e9  de gestion  budg\u00e9taire  et\nlogistique  ci apr\u00e8s  d\u00e9sign\u00e9s  :\n- Mme  Nicole  DELTEL,  secr\u00e9taire  administrative  de classe  normale,  cheffe  du p\u00f4le  budg\u00e9taire  ;\n- M. Jimmy  VELNA,  brigadier-chef,  gestionnaire  budg\u00e9taire  ;\n- Mme  Sandra  PASSOS,  brigadier-chef,  gestionnaire  budg\u00e9taire\n- M.Khadim  M'BACKE,  adjoint  administratif  principal,  gestionnaire  budg\u00e9taire  ;\n- M. Didier  SAVRIAMA,  brigadier-chef,  gestionnaire  budg\u00e9taire  ;\n- M. C\u00e9dric  LIONNET,  brigadier-chef,  gestionnaire  budg\u00e9taire.\nConcernant  le budget  \u00c9tat,  d\u00e9l\u00e9gation  est accord\u00e9e  \u00e0 Mme  Nicole  DELTEL,  secr\u00e9taire  administrative\nde classe  normale,  r\u00e9f\u00e9rente  carte  d'achat,  pour  centraliser  les pi\u00e8ces  justificatives  des  d\u00e9penses\nr\u00e9alis\u00e9es  par la carte  d'achat  des  porteurs  d\u00e9sign\u00e9s,  contr\u00f4ler  ces pi\u00e8ces  justificatives  des  d\u00e9penses,\nsigner  le tableau  des  imputations  budg\u00e9taires  des  d\u00e9penses  par cartes  achat  rattach\u00e9es  au centre  de\nfacturation,  et ordonner  le r\u00e8glement  des  relev\u00e9s  d'op\u00e9rations  administratives.\n2024-01545\n\nArticle  11\nEn cas  d'absence  ou d'emp\u00e9chement  de M. Didier  MARTIN,  la d\u00e9l\u00e9gation  qui lui est accord\u00e9e  par\nl'article  5 est exerc\u00e9e  par M. Nicolas  RALLIERES,  sous-directeur  adjoint  de la lutte  contre\nl'immigration  irr\u00e9guli\u00e8re,  et, dans  la limite  de leurs  attributions  respectives,  par  :\n- M. Charles-Henri  BASTARD,  adjoint  au chef  du d\u00e9partement  de contr\u00f4le  des  flux  migratoires  ;\n- Mme  Justine  MANGION,  cheffe  du d\u00e9partement  de lutte  contre  la criminalit\u00e9  organis\u00e9e,  et, en\nson  absence,  par  son  adjointe  Mme  Morgane  BOLZE.\nD\u00e9l\u00e9gations  de signature  aux  directeurs  territoriaux\nArticle  12\nD\u00e9l\u00e9gation  est donn\u00e9e  \u00e0 M. Bernard  BOBROWSKA,  directeur  territorial  de la s\u00e9curit\u00e9  de proximit\u00e9\nde Paris  , M. St\u00e9phane  WIERZBA,  directeur  territorial  de la s\u00e9curit\u00e9  de proximit\u00e9  des  Hauts-de-Seine,\nM. Michel  LAVAUD,  directeur  territorial  de la s\u00e9curit\u00e9  de proximit\u00e9  de la Seine-Saint-Denis,  et\nM. S\u00e9bastien  DURAND,  directeur  territorial  de la s\u00e9curit\u00e9  de proximit\u00e9  du Val-de-Marne,  \u00e0 l'effet  de\nsigner  au nom  du pr\u00e9fet  de police  et dans  la limite  de leurs  attributions  respectives,  les actes,\nd\u00e9cisions  et pi\u00e8ces  comptables  mentionn\u00e9s  aux  articles  1 et 3.\nArticle  13\nEn cas  d'absence  ou d'emp\u00eachement  de Mme  Isabelle  TOMATIS  et de M. Jean-Paul  PECQUET,  la\nd\u00e9l\u00e9gation  qui leur  est accord\u00e9e  par  les articles  2 et 4 est exerc\u00e9e,  dans  la limite  de leurs  attributions\nrespectives,  par  M. Bernard  BOBROWSKA,  M. St\u00e9phane  WIERZBA,  M. Michel  LAVAUD  et M. S\u00e9bastien\nDURAND.\nD\u00e9l\u00e9gations  de signature  au sein  de la direction  territoriale  de la s\u00e9curit\u00e9  de proximit\u00e9  de Paris\n(DTSP  75)\nArticle  14\nEn cas d'absence  ou d'emp\u00eachement  de M. Bernard  BOBROWSKA,  la d\u00e9l\u00e9gation  qui lui est accord\u00e9e\npar  l'article  12 est  exerc\u00e9e  par  Mme  Laurence  GAYRAUD,  directrice  territoriale  adjointe  de la s\u00e9curit\u00e9\nde proximit\u00e9  de Paris  (75),  et, dans  la limite  de leurs  attributions  respectives,  par  :\n- M. Pierre-Louis  MARTINEZ,  chef  des  services  judiciaires  de nuit  de la DTSP  75, et, en son\nabsence,  par  son  adjoint  M. Cl\u00e9ment  NICOLA  ;\n- M. Romain  SEMEDARD,  chef  de la s\u00fbret\u00e9  territoriale  \u00e0 Paris,  et, en son  absence  par  son  adjoint\nM. Mizael  DEKYDTSPOTTER  ;\n- M. Marc  CHERREY,  chef  du 1\u00b0 district  \u00e0 la DTSP  75, commissaire  central  de Paris-Centre  ;\n- M.Jacques  RIGON,  chef  du 2?\"  district  \u00e0 la DTSP  75, commissaire  central  du\n20\"  arrondissement  ;\n- M. Robert  HATSCH,  chef  du 3\u00aeTM  district  \u00e0 la DTSP  75, commissaire  central  des  5\u00e8\"\u00b0  et 6\u00e8me\narrondissements.\nD\u00e9l\u00e9gation  de la DTSP  75 - 1\u00b0 district\nEn cas d'absence  ou d'emp\u00eachement  de M. Marc  CHERREY,  chef  du 1\u00b0 district  \u00e0 la DTSP  75, la\nd\u00e9l\u00e9gation  qui lui est accord\u00e9e  par  le pr\u00e9sent  article  est exerc\u00e9e  par  Mme  H\u00e9l\u00e8ne  DENECHERE,\nadjointe  au chef  du 1\u00b0 district  \u00e0 la DTSP  75, commissaire  centrale  du 16*\"\u00b0  arrondissement,  et, dans  la\nlimite  de leurs  attributions  respectives,  par  :\n- M. Matthieu  LAPEYRE,  commissaire  central  du 17*\"\u00b0  arrondissement,  et, en son  absence,  par\nson  adjoint  M. Rapha\u00ebl  FLAMMARION  ;\n5\n2024-01545\n\n- M. St\u00e9phane  GUERIN,  commissaire  central  du 9\u00b0\"  arrondissement,  et, en son  absence,  par  son\nadjointe  Mme  Anita  DAOUD  ;\n- M. Patrick  LESEUR,  commissaire  central  adjoint  du 16*\"*  arrondissement  ;\n- M. Mathieu  TERROIR,  commissaire  central  du 8*\"*  arrondissement,  et, en son  absence,  par son\nadjoint  M. Olivier  WANG.\nD\u00e9l\u00e9gation  de la DTSP  75 - 2?\"  district\nEn cas  d'absence  ou d'emp\u00e9chement  de M. Jacques  RIGON,  chef  du 2?\"  district  \u00e0 la DTSP  75, la\nd\u00e9l\u00e9gation  qui lui est accord\u00e9e  par le pr\u00e9sent  article  est exerc\u00e9e  par M. Fabrice  CORSAUT,  adjoint  au\nchef  du 2\"  district  \u00e0 la DTSP  75 commissaire  central  du 19?\"  arrondissement,  et, dans  la limite  de\nleurs  attributions  respectives,  par  :\n- M. Hugo  ARER,  commissaire  central  du 10\u00b0\"  arrondissement  ;\n- M. No\u00ebl  MONTEGGIANI,  commissaire  central  du 11*\"\u00b0  arrondissement,  et, son  absence,  par son\nadjoint  M. Marc-Antoine  LESTOILLE  ;\n- M. Micka\u00ebl  REMY,  commissaire  central  du 12*\"\u00b0  arrondissement,  et, en son  absence,  par  son\nadjoint  M. Benjamin  RAUCH  ;\n- M. Pierre  CABON,  commissaire  central  du 18*\"\u00b0  arrondissement;  et, en son  absence,  par  son\nadjoint  M. Quentin  BACHELET  ;\n- M. Benoit  COLLIN,  commissaire  central  adjoint  du 19*\"\u00b0  arrondissement  ;\n- Mme  Julia  SARRODE,  commissaire  centrale  adjointe  du 20\u00b0\"\u00b0  arrondissement.\nD\u00e9l\u00e9gation  de la DTSP  75 ~ 3\u00e8\"\u00b0  district\nEn cas d'absence  ou d'emp\u00eachement  de M. Robert  HATSCH,  chef  du 3\"  district  \u00e0 la DTSP  75, la\nd\u00e9l\u00e9gation  qui lui est accord\u00e9e  par le pr\u00e9sent  article  est exerc\u00e9e  par M. Didier  SCALINI,  commissaire\ncentral  du 13\u00b0\"  arrondissement  et, dans  la limite  de leurs  attributions  respectives,  par :\n- M. Matthieu  MEUZARD,  commissaire  central  adjoint  des  5/6\u00b0\"\u00b0  arrondissements  ;\n- M. Cyril  LACOMBE,  commissaire  central  du 7\u00e8\"\u00b0  arrondissement,  et, en son  absence,  par  son\nadjointe  Mme  Constance  TSIANG  ;\n- M. Baptiste  SALAUN,  commissaire  central  adjoint  du 13\u00b0\"\u00b0  arrondissement  ;\n- M. S\u00e9bastien  BIEHLER,  commissaire  central  du 14\u00b0\"  arrondissement,  et, en son  absence,  par\nson  adjoint  M. Cl\u00e9ment  BOUDIN  ;\n- M. Omar  MERCHI,  commissaire  central  du 15*\"\u00b0  arrondissement,  et, en son  absence,  par  son\nadjoint  M. Alexandre  CONSTANTIN.\nD\u00e9l\u00e9gations  de signature  au sein de la direction  territoriale  de la s\u00e9curit\u00e9  de proximit\u00e9\ndes  Hauts-de-Seine  (DTSP  92)\nArticle  15\nEn cas d'absence  ou d'emp\u00eachement  de M. St\u00e9phane  WIERZBA,  la d\u00e9l\u00e9gation  qui lui est accord\u00e9e\npar l'article  12 est exerc\u00e9e  par M. Fran\u00e7ois  JOENNOZ,  directeur  territorial  adjoint  de la s\u00e9curit\u00e9  de\nproximit\u00e9  des  Hauts  de Seine  (DTSP  92),  et, en cas  d'absence  ou d'emp\u00e9chement  de ce dernier  par\nMme  Sandrine  CARLIN,  cheffe  d'\u00e9tat-major,  et, dans  la limite  de leurs  attributions  respectives,  par  :\n2024-01545\n\n- Mme  Fan\u00e9lie  RAVEROT,  cheffe  de la s\u00fbret\u00e9  territoriale  de NANTERRE,  et, en son  absence,  par\nson  adjointe  Mme  Clara  DUPONT  ;\n- M. Vincent  LAFON,  chef  du 1\u00b0 district  \u00e0 la DTSP  92, commissaire  central  d'ASNI\u00c8RES-SUR-\nSEINE  ;\n- M. Jean-Charles  LUCAS,  chef  du 2\u00b0\"  district  \u00e0 la DTSP  92, commissaire  central  de NANTERRE  2\n- M.Emmanuel  GAUTHIER,  chef  du 3%\"  district  \u00e0 la DTSP  92, commissaire  central  de\nBOULOGNE-BILLANCOURT  ;\n- Mme  Doroth\u00e9e  VERGNON,  cheffe  du 4\"  district  \u00e0 la DTSP  92, commissaire  centrale\nd'ANTONY.\nD\u00e9l\u00e9gation  est  donn\u00e9e  \u00e0 Mme  C\u00e9cile  GUERIN,  attach\u00e9e  principale  d'administration  de l'\u00c9tat,  cheffe\ndu bureau  de gestion  op\u00e9rationnelle,  \u00e0 l'effet  de signer,  dans  la limite  de ses attributions,  les actes  de\ngestion  et d'ordonnancement  ainsi  que  les actes  de gestion  relatifs  aux  d\u00e9penses  par  voie  de cartes\nachats  et \u00e0 l'effet  de saisir  et valider  des  actes  dans  CHORUS  formulaires  (saisie  et validation  des\ndemandes  d'achat  et certification  des  services  faits,  ...) et dans  CHORUS  DT (valideur  hi\u00e9rarchique,\ngestionnaire  contr\u00f4leur  et gestionnaire  valideur),  applications  informatiques  remettantes  \u00e0 CHORUS.\nEn cas  d'absence  ou d'emp\u00eachement  de cette  derni\u00e8re,  la d\u00e9l\u00e9gation  qui  lui est consentie  est\nexerc\u00e9e,  dans  la limite  de leurs  attributions,  par  ses adjointes  Mme  Karine  NICOLAS  et Mme  Rebecca\nTULLE,  attach\u00e9es  d'administration  de l'\u00c9tat.\nD\u00e9l\u00e9gation  est donn\u00e9e,  dans  CHORUS  Formulaires  aux  fins  de saisir  les demandes  d'achat  et les\ncertifications  du service  fait  pour  le p\u00e9rim\u00e8tre  de la Direction  territoriale  de s\u00e9curit\u00e9  de proximit\u00e9\ndes  Hauts-de-Seine,  et dans  l'application  CHORUS  DT (assistant,  gestionnaire  contr\u00f4leur  et\ngestionnaire  valideur)  aux  agents  du Bureau  de gestion  op\u00e9rationnelle  de la Direction  territoriale  de\ns\u00e9curit\u00e9  de proximit\u00e9  des  Hauts-de-Seine  ci apr\u00e8s  d\u00e9sign\u00e9s  :\n- Mme  Patricia  LABIS,  secr\u00e9taire  administrative  de classe  normale,  cheffe  du secr\u00e9tariat,\nr\u00e9gisseuse  d'avances  ;\n- Mme  Mina  ANJAR-ARNAUDEAU,  secr\u00e9taire  administrative  de classe  normale,  charg\u00e9e  des\nachats,  du suivi  et de la programmation  budg\u00e9taire  ;\n- Mme  Sandrine  BARBAULT,  secr\u00e9taire  administrative  de classe  normale,  charg\u00e9e  du budget  et\ndu secr\u00e9tariat.\nConcernant  le budget  \u00c9tat,  d\u00e9l\u00e9gation  est accord\u00e9e  \u00e0 Mme  Patricia  LABIS,  secr\u00e9taire  administrative\nde classe  normale,  r\u00e9f\u00e9rente  carte  d'achat,  pour  centraliser  les pi\u00e8ces  justificatives  des  d\u00e9penses\nr\u00e9alis\u00e9es  par la carte  d'achat  des  porteurs  d\u00e9sign\u00e9s,  contr\u00f4ler  ces  pi\u00e8ces  justificatives  des  d\u00e9penses,\nsigner  le tableau  des  imputations  budg\u00e9taires  des  d\u00e9penses  par  cartes  achat  rattach\u00e9es  au centre  de\nfacturation,  et ordonner  le r\u00e8glement  des  relev\u00e9s  d'op\u00e9rations  administratives.\nD\u00e9l\u00e9gation  de la DTSP  92 - 1 district\nEn cas  d'absence  ou d'emp\u00e9chement  de M. Vincent  LAFON,  chef  du 1* district  \u00e0 la DTSP  92, la\nd\u00e9l\u00e9gation  qui lui est accord\u00e9e  par le pr\u00e9sent  article  est exerc\u00e9e  par  Mme  Anne  DE BERMONT,\ncheffe  de circonscription  de CLICHY-LA-GARENNE,  et, dans  la limite  de leurs  attributions\nrespectives,  par  :\n- M. Pascal  DIGOUT,  adjoint  au chef  de la circonscription  de COLOMBES  ;\n- M. Louis  Vincent  LEVEAU,  adjoint  au chef  de circonscription  de CLICHY-LA-GARENNE  ;\n- Mme  Diane  AFARINESH,  cheffe  de la circonscription  de GENNEVILLIERS,  et, en son  absence,\npar  son  adjoint  M. Eric  DUBRULLE  ;\n- Mme  Zora  JEVREMOVIC,  cheffe  de la circonscription  de LEVALLOIS-PERRET  ;\n- M. Yves  DAUGE,  chef  de la circonscription  de VILLENEUVE-LA-GARENNE  ;\n7\n2024-01545\n\n- M. R\u00e9my  BEYNEY,  adjoint  au chef  de la circonscription  d'ASNIERES-SUR-SEINE.\nD\u00e9l\u00e9gation  de la DTSP  92 ~ 2\u00b0\"  district\nEncas d'absence  ou d'emp\u00e9chement  de M. Jean-Charles  LUCAS,  chef  du 2\u00b0\"  district  \u00e0 la DTSP  92, la\nd\u00e9l\u00e9gation  qui lui est accord\u00e9e  par  le pr\u00e9sent  article  est exerc\u00e9e  par  Mme  Agathe  BOSSION,  cheffe\nde la circonscription  de PUTEAUX-LA  DEFENSE,  et, dans  la limite  de leurs  attributions  respectives,\npar:\n- M. Arthur  ROMANO,  chef  de la circonscription  de COURBEVOIE,  et, en son  absence,  Par  son\nadjointe  Mme  Magali  SIGAUDES  ;\n- M. Thierry  HAAS,  chef  de la circonscription  de LA-GARENNE-COLOMBES  ;\n- M. Camille  MORRA,  chef  de la circonscription  de NEUILLY-SUR-SEINE,  et, en son  absence,  par\nson  adjointe  Mme  Caroline  AGEORGES  ;\n- M. Audoin  DE MENIBUS,  chef  de la circonscription  de RUEIL-MALMAISON,  et, en son  absence,\npar son  adjoint  M. J\u00e9r\u00f4me  RIMBAULT  ;\n- Mme  Hortense  MAZET,  cheffe  de la circonscription  de SURESNES  ;\n- M. Laurent  PATRON,  adjoint  \u00e0 la cheffe  de la circonscription  de PUTEAUX-LA  DEFENSE  ;\n- Mme  M\u00e9lodie  PICARD,  adjointe  au chef  de la circonscription  de NANTERRE.\nD\u00e9l\u00e9gation  de la DTSP  92 - 3\u00e8\"\u00b0  district\nEn\nlacas d'absence  ou d'emp\u00eachement  de M. Emmanuel  GAUTHIER,  chef  du 3\u00b0\"  district  \u00e0 la DTSP  92,\nd\u00e9l\u00e9gation  qui lui est accord\u00e9e  par le pr\u00e9c\u00e9dent  article  est exerc\u00e9e  par Mme  Mathilde\nPOLLAKOWSKY,  cheffe  de la circonscription  de SAINT-CLOUD  et, dans  la limite  de leurs  attributions\nrespectives,  par  :\nD\u00e9- Mme  Laura  ABRAHAMI,  cheffe  de la circonscription  de ISSY-LES-MOULINEAUX,  et, en son\nabsence,  par  son  adjoint  M. Ludovic  CAZZANIGA  ;\n- M. Anthony  MACADOUX,  chef  de la circonscription  de MEUDON  ;\n- M. Jean-Luc  CAZZIN,  adjoint  au chef  de la circonscription  de SAINT-CLOUD  ;\n- Mme  Fanny  DUBILLY,  cheffe  de la circonscription  de SEVRES,  et, en son  absence,  par  son\nadjointe  Mme  Patricia  MOUKOURI-EPEE  ;\n- Mme  Capucine  LAURENTIN,  adjointe  au chef  de la circonscription  de BOULOGNE-\nBILLANCOURT.\nl\u00e9gation  de la DTSP  92 ~ 4\u00e8\"e  district\nEn cas d'absence  ou d'emp\u00e9chement  de Mme  Doroth\u00e9e  VERGNON,  cheffe  du 4?\"  district  \u00e0 la\nDTSP  92, la d\u00e9l\u00e9gation  qui  lui est accord\u00e9e  par le pr\u00e9sent  article  est exerc\u00e9e  par  M. R\u00e9my  ERARD,\nchef  de la circonscription  de MONTROUGE,  et, dans  la limite  de leurs  attributions  respectives,  par  :\n2\nmn- Mme  Marie  FERRON,  cheffe  de la circonscription  de BAGNEUX,  et, en son  absence,  Par  son\nadjoint  M. Nicolas  PEZET  ;\n- M. Pascal  MAGUIS,  chef  de la circonscription  de CHATENAY-MALABRY,  et, en son  absence,  par\nson  adjoint  M. Philippe  PAUCHET  ;\n- M. Cristopher  SAINT  RAYMOND,  chef  de la circonscription  de CLAMART  ;\n- Mme  Floriane  JOUVE,  adjointe  \u00e0 la cheffe  de la circonscription  d'ANTONY  ;\n- M. Sophiane  ALIANE,  cheffe  de la circonscription  de VANVES  ;\n- M. L\u00e9o  JAOUEN,  chef  de la circonscription  de BAGNEUX  ;\n- M. Laurent  DAUPHIN,  adjoint  au chef  de la circonscription  de MONTROUGE.\n8\n12024-01545F9\n\nD\u00e9l\u00e9gations  de signature  au sein  de la direction  territoriale  de la s\u00e9curit\u00e9  de proximit\u00e9\nde la Seine-Saint-Denis  (DTSP  93)\nArticle  16\nEn cas  d'absence  ou d'emp\u00e9chement  de M. Michel  LAVAUD,  la d\u00e9l\u00e9gation  qui lui est accord\u00e9e  par\nVarticle  12 est exerc\u00e9e  par  M. Thierry  HUGUET,  directeur  territorial  adjoint  de la s\u00e9curit\u00e9  de\nproximit\u00e9  de Seine-Saint-Denis  (DTSP  93),  et, en cas  d'absence  ou d'emp\u00e9chement  de ce dernier,  par\nM. Blaise  LECHEVALIER,  chef  d'\u00e9tat-major,  et, dans  la limite  de leurs  attributions  respectives,  par  :\n- M. Lionel  LAMY-SAISI,  chef  de la s\u00fbret\u00e9  territoriale  de BOBIGNY,  et, en son  absence,  par  son\nadjointe  Mme  Alice  DE MENDITTE  ;\n- M. Jean-Luc  HADJADJ,  chef  du 1% district  \u00e0 la DTSP  93, commissaire  central  de BOBIGNY  -\nNOISY-LE-SEC  ;\n- Mme  Anouck  FOURMIGUE,  chef  du 2\u00b0\"  district  \u00e0 la DTSP  93, commissaire  centrale  de SAINT-\nDENIS;\n- M. Olivier  SIMON,  chef  du 3\"  district  \u00e0 la DTSP  93, commissaire  central  d'AULNAY-SOUS-\nBOIS  ;\n- M. Martial  BERNE,  chef  du 4\u00b0\"  district  de la DTSP  93, commissaire  central  \u00e0 MONTREUIL-SOUS-\nBOIS.\nD\u00e9l\u00e9gation  est donn\u00e9e  \u00e0 Mme  Delphine  POMMERET,  conseill\u00e8re  d'administration  de l'int\u00e9rieur  et de\nl'outre-mer,  cheffe  du bureau  de gestion  op\u00e9rationnelle,  \u00e0 l'effet  de signer,  dans  la limite  de ses\nattributions,  les actes  de gestion  relatifs  aux  d\u00e9penses  par voie  de carte  d'achat  et \u00e0 l'effet  de saisir\net de valider  des  actes  dans  CHORUS  formulaires  (saisie  et validation  des  demandes  d'achat,\nconstatation  et certification  des  services  faits,  ...) et l'utilisation  des  modules  d'expression  de besoin\nCHORUS  Formulaires  et CHORUS  DT, applications  informatiques  remettantes  \u00e0 CHORUS  (valideur\nhi\u00e9rarchique,  gestionnaire  contr\u00f4leur  et gestionnaire  valideur),  applications  informatiques\nremettantes  \u00e0 CHORUS.  En cas d'absence  ou d'emp\u00eachement  de cette  derni\u00e8re,  la d\u00e9l\u00e9gation  qui lui\nest consentie  est exerc\u00e9e,  dans  la limite  de ses attributions,  par  Mme  Sonia  HIS+SHARMA,  attach\u00e9e\nd'administration  de l'Etat,  et par  M Fabien  GAYDAN,  attach\u00e9  d'administration.\nD\u00e9l\u00e9gation  est donn\u00e9e,  dans  CHORUS  Formulaires  aux  fins  de saisir  et valider  les demandes  d'achat\net de certification  du service  fait  pour  le p\u00e9rim\u00e8tre  de la Direction  territoriale  de s\u00e9curit\u00e9  de\nproximit\u00e9  de la Seine-Saint-Denis,  et dans  l'application  CHORUS  DT (gestionnaire  contr\u00f4leur  et\ngestionnaire  valideur)aux  agents  du bureau  de gestion  op\u00e9rationnelle  de la Direction  territoriale  de\ns\u00e9curit\u00e9  de proximit\u00e9  de Seine-Saint-Denis  ci apr\u00e8s  d\u00e9sign\u00e9s  :\n- M. Rufin  DIJOUX,  brigadier-chef,  responsable  de la section  du budget  ;\n- Mme  Marie-France  JEAN-CHARLES,  adjointe  administrative  principale  de 2?\"  classe,\ngestionnaire  budg\u00e9taire  ;\n- Mme  Marie  LUXIMON,  brigadi\u00e8re-cheffe,  gestionnaire  budg\u00e9taire  ;\n- Mme  Johanha  REMY,  adjointe  administrative  principale  de 2\u00e8me  classe,  gestionnaire\nbudg\u00e9taire  ;\n- M. Dominique  BOUDOUX,  secr\u00e9taire  administratif  de classe  exceptionnelle,  adjoint  au chef  du\np\u00f4le  logistique.\nConcernant  le budget  \u00c9tat,  d\u00e9l\u00e9gation  est accord\u00e9e  \u00e0 M. Dominique  BOUDOUX,  secr\u00e9taire\nadministratif  de classe  exceptionnelle,  r\u00e9f\u00e9rent  carte  d'achat,  pour  centraliser  les pi\u00e8ces\njustificatives  des  d\u00e9penses  r\u00e9alis\u00e9es  par  la carte  d'achat  des  porteurs  d\u00e9sign\u00e9s,  contr\u00f4ler  ces pi\u00e8ces\njustificatives  des  d\u00e9penses,  signer  le tableau  des  imputations  budg\u00e9taires  des  d\u00e9penses  par  cartes\nachat  rattach\u00e9es  au centre  de facturation,  et ordonner  le r\u00e8glement  des  relev\u00e9s  d'op\u00e9rations\nadministratives,\n9\n2024-01545 Le\n\nD\u00e9l\u00e9gation  de la DTSP  93 - 1% district\nEn cas  d'absence  ou d'emp\u00e9chement  de M. Jean-Luc  HADJAD}J,  chef  du 1\u00b0 district  \u00e0 la DTSP  93, la\nd\u00e9l\u00e9gation  qui lui est accord\u00e9e  par  le pr\u00e9sent  article  est exerc\u00e9e  par  M. Vincent  SARGUET,  chef  de la\ncirconscription  des  LILAS,  et, dans  la limite  de leurs  attributions  respectives,  par  :\n- M. Corentin  GIRAUD,  adjoint  au chef  de la circonscription  de BOBIGNY  ;\n- M. Camille  CLAVERIE,  adjoint  au chef  de la circonscription  DES  LILAS  ;\n- M. Hugo  KRAL,  chef  de la circonscription  de BONDY,  et, en son  absence,  par  son  adjoint\nM. Jean-Pascal  BATAILHOU  ;\n- Mme  C\u00e9line  GRAMOND,  cheffe  de la circonscription  de DRANCY,  et, en son  absence,  Par  son\nadjoint  M. Gilles  GOUDINOUX  ;\n- M. Quentin  HEDDEBAUT,  chef  de la circonscription  de PANTIN,  et, en son  absence,  par  son\nadjoint  M. Fr\u00e9d\u00e9ric  LAMOTTE.\nD\u00e9l\u00e9gation  de la DTSP  93 - 2\u00e8\"\u00b0  district\nEn cas  d'absence  ou d'emp\u00eachement  de Mme  Anouck  FOURMIGUE,  cheffe  du 2\u00b0\"\u00b0  district,  la\nd\u00e9l\u00e9gation  qui lui est accord\u00e9e  par  le pr\u00e9sent  article  est exerc\u00e9e  par  M. Mathieu  HERVE,  chef  de la\ncirconscription  d'\u00c9PINAY-SUR-SEINE  et, dans  la limite  de leurs  attributions  respectives,  par:\n- Mme  Claire  LACLAU,  cheffe  de la circonscription  de SAINT-OUEN,  et, en son  absence,  par  son\nadjoint  M. Philippe  DURAND  ;\n- M. William  GOUDALLIER,  chef  de la circonscription  de STAINS,  et, en son  absence,  par  son\nadjoint  M. Vincent  HUSSON  ;\n- M. Philippe  ROUCHE,  adjoint  au chef  de la circonscription  d'\u00c9PINAY-SUR-SEINE  ;\n- M. Armel  SEEBOLDT,  chef  de la circonscription  de la COURNEUVE,  et, en son  absence,  par  son\nadjoint  M. St\u00e9phane  RICHARD  ;\n- Mme  Adeline  JAMAIN,  adjointe  \u00e0 la cheffe  de la circonscription  de SAINT-DENIS  ;\n- Mme  Ingrid  CHEMITH,  cheffe  de la circonscription  d'AUBERVILLIERS,  et, en son  absence,  par\nson  adjoint  M. Simon  MOLLO.\nD\u00e9l\u00e9gation  de la DTSP  93 - 3\u00b0\"  district\nEn cas  d'absence  ou d'emp\u00eachement  de M. Olivier  SIMON,  chef  du 3\u00e8\"\u00b0  district  \u00e0 la DTSP  93, la\nd\u00e9l\u00e9gation  qui lui est accord\u00e9e  par  le pr\u00e9sent  article  est exerc\u00e9e  par  M. Olivier  GUIBERT,  chef  de la\ncirconscription  de VILLEPINTE,  et, dans  la limite  de leurs  attributions  respectives,  par  :\n- M. Victor  MBAPPE,  chef  de la circonscription  de BLANC-MESNIL  ;\n- M. Alain  MARIE,  chef  de la circonscription  du RAINCY,  et, en son  absence,  par  son  adjoint\nM. St\u00e9phane  GUITON  ;\n- Mme  Isabelle  RIVIERE,  cheffe  de la circonscription  de LIVRY-GARGAN,  et, en son  absence,  par\nson  adjointe  Mme  Dani\u00e8le  DEWASMES  ;\n- M. Herv\u00e9  MACOU-PISSEU,  adjoint  au chef  de la circonscription  de VILLEPINTE.\nD\u00e9l\u00e9gation  de la DTSP  93 - 4?  district\nEn cas  d'absence  ou d'emp\u00eachement  de M. Martial  BERNE,  chef  du 4?\"  district  de la DTSP  93, la\nd\u00e9l\u00e9gation,  qui lui est accord\u00e9e  par le pr\u00e9sent  article  est exerc\u00e9e  par  M. Ronan  DELCROIX,  chef  de la\ncirconscription  de CLICHY-SOUS-BOIS  - MONTFERMEIL,  et, dans  la limite  de leurs  attributions\nrespectives,  par  :\n2024-01545\n\n- Mme  Carine  FALGUERA,  cheffe  de la circonscription  de NEUILLY-SUR-MARNE,  et, en son\nabsence,  par son  adjoint  M. Jean-Jacques  GAUTHEUR  ;\n- M. Jean-Baptiste  MERCIER,  chef  de la circonscription  de NOISY-LE-GRAND,  et, en son  absence,\npar  son  adjointe  Mme  Anne  GOUAULT-THIEBAUT  ; s\n- M. Julien  HAMM,  chef  de la circonscription  de ROSNY-SOUS-BOIS  ;\n- M. Pierrick  BRUNEAUX,  chef  de la circonscription  de GAGNY,  et, en son  absence,  par  son\nadjoint  M. Thibault  LONGUET  ;\n- M. Romain  CANIVET,  adjoint  au chef  de la circonscription  de MONTREUIL-SOUS-BOIS.\nD\u00e9l\u00e9gations  de signature  au sein  de la direction  territoriale  de la s\u00e9curit\u00e9  de proximit\u00e9  du\nVal-de-Marne  (DTSP  94)\nArticle  17\nEn cas d'absence  ou d'emp\u00eachement  de M. S\u00e9bastien  DURAND,  la d\u00e9l\u00e9gation  qui lui est accord\u00e9e\npar  l'article  12 est exerc\u00e9e  par  S\u00e9bastien  ALVAREZ,  directeur  territorial  adjoint  de la s\u00e9curit\u00e9  de\nproximit\u00e9  du Val-de-Marne  (DTSP  94),  et, en cas  d'absence  ou d'emp\u00e9chement  de ce dernier  par\nM. St\u00e9phane  CASSARA,  chef  d'\u00e9tat-major,  et, dans  la limite  de leurs  attributions  respectives,  par  :\n- Mme  Anne  MUSART,  cheffe  de la s\u00fbret\u00e9  territoriale  \u00e0 CRETEIL  et, en son  absence,  par  son\nadjoint  M. Lucas  DECHAUD  ;\n- M. Jean-Fran\u00e7ois  GALLAND,  chef  du 1% district  \u00e0 la DTSP  94,  commissaire  central  de CRETEIL  ;\n- M. Ludovic  GIRAL,  chef  du 2\u00b0\"  district  \u00e0 la DTSP  94, commissaire  central  de VITRY-SUR-SEINE  ;\n- Mme  Yasmine  PRUDENTE,  cheffe  du 3\"  district  \u00e0 la DTSP  94, commissaire  centrale  de L'HA\u0178-\nLES-ROSES  ;\n- M. Gilles  LABORIE,  chef  du 4?\"  district  \u00e0 la DTSP  94, commissaire  central  de NOGENT-SUR-\nMARNE.\nD\u00e9l\u00e9gation  est donn\u00e9e  \u00e0 M. Christophe  GAUCHON,  attach\u00e9  d'administration  principal  de l'\u00c9tat,\nchef  du bureau  de gestion  op\u00e9rationnelle,  \u00e0 l'effet  de signer,  dans  la limite  de ses attributions,  les\nactes  de gestion  relatifs  aux  d\u00e9penses  par  voie  de carte  d'achat  et \u00e0 l'effet  de saisir  et de valider  des\nactes  dans  CHORUS  formulaires  (saisie  et validation  des  demandes  d'achat,  constatation  et\ncertification  des  services  faits,  ...) et l'utilisation  des  modules  d'expression  de besoin  CHORUS\nFormulaires  et CHORUS  DT, applications  informatiques  remettantes  \u00e0 CHORUS  (valideur\nhi\u00e9rarchique,  gestionnaire  contr\u00f4leur  et gestionnaire  valideur),  applications  informatiques\nremettantes  \u00e0 CHORUS.  En cas  d'absence  ou d'emp\u00e9chement  de ce dernier,  la d\u00e9l\u00e9gation  qui  lui est\nconsentie  est exerc\u00e9e  dans  la limite  de ses attributions,  par  son  adjointe  Mme  Sonia  CHAVATTE,\nattach\u00e9e  d'administration  de l'\u00c9tat.  En l'absence  de cette  derni\u00e8re,  la d\u00e9l\u00e9gation  est donn\u00e9e  \u00e0 Mme\nFanny  DARLY,  attach\u00e9e  d'administration  et Mme  St\u00e9phanie  CARVALHO,  attach\u00e9e  d'administration.\nD\u00e9l\u00e9gation  est donn\u00e9e,  dans  CHORUS  Formulaires  aux  fins  de saisir  et valider  les demandes  d'achat\net de certification  du service  fait  pour  le p\u00e9rim\u00e8tre  de la direction  territoriale  de s\u00e9curit\u00e9  de\nproximit\u00e9  du Val-de-Marne,  et dans  l'application  CHORUS  DT (gestionnaire  contr\u00f4leur  et\ngestionnaire  valideur)  aux  agents  du Bureau  de gestion  op\u00e9rationnelle  de la direction  territoriale  de\ns\u00e9curit\u00e9  du Val-de-Marne  ci apr\u00e8s  d\u00e9sign\u00e9s  :\n- Mme  Virginie  DEMEYER,  major  de police,  cheffe  du p\u00f4le  logistique  ;\n- M. Pascal  BOREL,  major  de police,  chef  de section  budget  ;\n- Mme  C\u00e9cile  ROUX,  secr\u00e9taire  administrative  de classe  normale,  adjointe  \u00e0 la cheffe  du p\u00f4le\nlogistique  ; '\n- M. Flavien  BAUDET,  adjoint  administratif  principal  de 2\u00e8\"  classe,  correspondant  section\nbudget.\n2024-01545\n\nConcernant  le budget  \u00c9tat,  d\u00e9l\u00e9gation  est accord\u00e9e  \u00e0 M. Pascal  BOREL,  major  de police,  r\u00e9f\u00e9rent\ncarte  d'achat,  pour  centraliser  les pi\u00e8ces  justificatives  des  d\u00e9penses  r\u00e9alis\u00e9es  par  la carte  d'achat  des\nporteurs  d\u00e9sign\u00e9s,  contr\u00f4ler  ces  pi\u00e8ces  justificatives  des  d\u00e9penses,  signer  le tableau  des  imputations\nbudg\u00e9taires  des  d\u00e9penses  par  cartes  achat  rattach\u00e9es  au centre  de facturation,  et ordonner  le\nr\u00e8glement  des  relev\u00e9s  d'op\u00e9rations  administratives.\nD\u00e9l\u00e9gation  de la DTSP  94 - 1\" district\nEn cas d'absence  ou d'emp\u00e9chement  de M. Jean-Fran\u00e7ois  GALLAND,  chef  du 1\" district  \u00e0 la DTSP  94,\nla d\u00e9l\u00e9gation  qui lui est accord\u00e9e  par  le pr\u00e9sent  article  est exerc\u00e9e  par  M. Emmanuel  LIBEYRE,  chef\nde la circonscription  de SAINT-MAUR-DES-FOSSES,  et, dans  la limite  de leurs  attributions  respectives,\npar  :\n- M. Charles  GAUTIER,  adjoint  au chef  de la circonscription  de CRETEIL  ;\n- M. Jean-Michel  CLAMENS,  chef  de la circonscription  d'ALFORTVILLE,  et, en son  absence,  par\nson  adjoint  M. Fr\u00e9d\u00e9ric  POSTEC,  adjoint  au chef  de la circonscription  d'ALFORTVILLE  ;\n- Mme  Pascale  PARIS,  cheffe  de la circonscription  de CHARENTON-LE-PONT,  et, en son  absence,\npar  son  adjointe  Mme  G\u00e9raldine  GIBON  ;\n- M. Alexandre  HERVY,  chef  de la circonscription  de MAISONS-ALFORT,  et, en son  absence,  par\nson  adjoint  M. Olivier  MARY  ;\n- M. Anthony  HERICOTTE,  chef  de la circonscription  de BOISSY-SAINT-LEGER,  et, en son\nabsence,  par  son  adjoint  M. Jean-Philippe  LEGAY.\nD\u00e9l\u00e9gation  de la DTSP  94 \u2014 2\"  district\nEn cas d'absence  ou d'emp\u00eachement  de M. Ludovic  GIRAL,  chef  du 2?  district  \u00e0 la DTSP  94, la\nd\u00e9l\u00e9gation  qui lui est accord\u00e9e  par  le pr\u00e9sent  article  est exerc\u00e9e  par  Mme  Hanem  HAMOUDA,\ncheffe  de la circonscription  de VILLENEUVE-SAINT-GEORGES  et, dans  la limite  de leurs  attributions\nrespectives,  par :\n- M. Dominique  DAGUE,  chef  de la circonscription  d'IVRY-SUR-SEINE,  et, en son  absence,  par\nson  adjointe  Mme  Corinne  LEHMANN  ;\n- M. Emmanuel  VAILLANT,  chef  de la circonscription  de CHOISY-LE-ROI,  et, en son  absence,  par\nson  adjoint,  M. Nicolas  TRICART  ;\n- M. Mathias  BINNE,  adjoint  au chef  de la circonscription  de VITRY-SUR-SEINE.\nD\u00e9l\u00e9gation  de la DTSP  94 ~ 3\u00e8\"\u00b0  district\nEn cas d'absence  ou d'emp\u00eachement  de Mme  Yasmine  PRUDENTE,  cheffe  du 3\u00b0\"  district  \u00e0 la DTSP\n94, la d\u00e9l\u00e9gation  qui lui est accord\u00e9e  par  le pr\u00e9sent  article  est exerc\u00e9e  par  M. St\u00e9phane\nSTRINGHETTA,  commissaire  central  du KREMLIN-BICETRE,  et, dans  la limite  de leurs  attributions\nrespectives,  par  :\n- M. Julien  MENINGI,  adjoint  au chef  de la circonscription  du KREMLIN-BIC\u00caTRE.\nD\u00e9l\u00e9gation  de la DTSP  94 \u2014 4?\"  district\nEn cas  d'absence  ou d'emp\u00eachement  de M. Gilles  LABORIE,  chef  du 4\"  district  \u00e0 la DTSP  94, la\nd\u00e9l\u00e9gation  qui lui est accord\u00e9e  par  le pr\u00e9sent  article  est exerc\u00e9e  par  Mme  Adeline  POLETTO,  cheffe\nde la circonscription  de VINCENNES,  et, dans  la limite  de leurs  attributions  respectives,  par :\n- M. S\u00e9bastien  ROUX,  adjoint  au chef  de la circonscription  de CHAMPIGNY-SUR-MARNE  ;\n- Mme  Johanna  PITEIRA  LEITAO,  cheffe  de la circonscription  de CHENNEVIERES-SUR-MARNE,\net, en son  absence,  par  son  adjointe  Mme  Florence  GREGOT  ;\n12\n2024-01545\n\n- M. K\u00e9vin  JERCO-GENTILS,  chef  de la circonscription  de FONTENAY-SOUS-BOIS,  et, en son\nabsence,  par  son  adjoint  M. Christian  KOPF  ;\n- M. Christophe  VERDRU,  adjoint  au chef  de la circonscription  de VINCENNES  ;\n- M.Nenad  JOVANOVIC,  adjoint  au chef  de la circonscription  de NOGENT-SUR-MARNE.\nArticle  18\nLa pr\u00e9f\u00e8te,  directrice  du cabinet,  et la directrice  de la s\u00e9curit\u00e9  de proximit\u00e9  de l'agglom\u00e9ration\nparisienne  sont  charg\u00e9es,  chacune  en ce qui la concerne,  de l'ex\u00e9cution  du pr\u00e9sent  arr\u00eat\u00e9  qui sera\npubli\u00e9  aux  recueils  des  actes  administratifs  des  pr\u00e9fectures  de la zone  de d\u00e9fense  de Paris.\nLES\nFait  \u00e0 Paris,  le 2 2 OCT.  2024\n\u2014_\u2014\u2014\u2014\n\u2014\u2014~  Laurent  NUNEZ\n2024-01545\n\nEx  Secr\u00e9tariat  g\u00e9n\u00e9ral\nPR\u00c9FECTURE  ap  de la Zone  de d\u00e9fense  et de s\u00e9curit\u00e9  de Paris\nDE POLICE\nLibert\u00e9\n\u00c9galit\u00e9\nFraternit\u00e9\naret\u00e9en?  ceed  D1546\nportant  composition  des jurys  pour  les examens  de certification\n\u00e0 la P\u00e9dagogie  Appliqu\u00e9e  \u00e0 l'Emploi  de Formateur  aux  Premiers  Secours  (PAE-FPS)\net \u00e0 la P\u00e9dagogie  Appliqu\u00e9e  \u00e0 l'Emploi  de Formateur  en Pr\u00e9vention  et Secours  Civiques\n(PAE-FPSC)  \u00e0 Paris  et dans  les d\u00e9partements  des  Hauts  de Seine,  de la Seine-Saint-Denis  et du\nVal de Marne\nLe pr\u00e9fet  de Police,\nPr\u00e9fet  de la Zone  de d\u00e9fense  et de s\u00e9curit\u00e9  de Paris,\nVu le Code  de la s\u00e9curit\u00e9  int\u00e9rieure  ;\nVu le d\u00e9cret  n\u00b0 2024-242  du 20 mars  2024  relatif  aux  formations  aux  premiers  secours  ;\nVu l'arr\u00eat\u00e9  du 15 juin  2024  relatif  \u00e0 la fili\u00e8re  p\u00e9dagogique  de s\u00e9curit\u00e9  civile  ;\nSur  proposition  du pr\u00e9fet,  Secr\u00e9taire  g\u00e9n\u00e9ral  de Zone  de d\u00e9fense  et de s\u00e9curit\u00e9  de Paris  ;\nArr\u00eate  :\nArticle  1*\nLes jurys  d'examen  pour  la certification  \u00e0 la P\u00e9dagogie  appliqu\u00e9e  \u00e0 l'emploi  de formateur  aux\npremiers  secours  (PAE-FPS)  et \u00e0 la P\u00e9dagogie  appliqu\u00e9e  \u00e0 l'emploi  de formateur  en pr\u00e9vention\net secours  civiques  (PAE-FPSC)  comportent  quatre  membres,  choisis  parmi  les personnes\nqualifi\u00e9es  propos\u00e9es  par  les associations  ou organismes  habilit\u00e9s  \u00e0 la formation  de premiers\nsecours.\nArticle  2\nChaque  jury  est  compos\u00e9  d'un  membre  titulaire  a minima  du certificat  de comp\u00e9tences  de\nformateur  aux  premiers  secours  citoyen,  ou \u00e9quivalent,  \u00e0 jour  de formation  continue  et de\ntrois  membres  titulaires  a minima  du certificat  de comp\u00e9tences  de formateur  de formateurs\net du certificat  de comp\u00e9tences  de formateur  aux  premiers  secours  citoyen,  ou \u00e9quivalent,  \u00e0\njour  de formations  continues.\nIls sont  nomm\u00e9s  par  d\u00e9cision  de composition  des jurys  (annexe  1).\nle 3\nLe pr\u00e9sident  du jury  est d\u00e9sign\u00e9  parmi  les membres  nomm\u00e9s  et doit  \u00eatre  titulaire  a minima  du\ncertificat  de comp\u00e9tences  de formateur  de formateurs,  du certificat  de comp\u00e9tences  de\nformateur  aux  premiers  secours  citoyen  et du certificat  de comp\u00e9tences  \u00ab conception  et\nencadrement  de formation\u00bb,  ou \u00e9quivalent,  \u00e0 jour  de formations  continues.  Il ne peut\nrepr\u00e9senter  l'organisme  ou l'association  ayant  dispens\u00e9  la formation  ni appartenir  \u00e0 l'\u00e9quipe\np\u00e9dagogique  ayant  encadr\u00e9  la formation.\nIl est nomm\u00e9  par  d\u00e9cision  de composition  des jurys.\n\nArticle  4\nEn amont  du jury  d'examen  et jusqu'\u00e0  la veille  de ce dernier,  tout  rempla\u00e7ant  d'un  membre\nd\u00e9faillant  sera  propos\u00e9  au pr\u00e9fet  de Police  par  l'entit\u00e9  ayant  signal\u00e9  le membre  d\u00e9faillant.\nCette  entit\u00e9  communiquera  imm\u00e9diatement  l'identit\u00e9  du rempla\u00e7ant  au Secr\u00e9tariat  g\u00e9n\u00e9ral\nde la Zone  de d\u00e9fense  et de s\u00e9curit\u00e9  afin  de proc\u00e9der  \u00e0 sa nomination.\nEn cas  d'absence  d'un  membre  le jour  du jury  d'examen,  le suppl\u00e9ant  pallie  cette  absence  en\n\u00e9tant  alert\u00e9  dans  les meilleurs  d\u00e9lais.  La session  ne peut  d\u00e9buter  qu'une  fois  le jury  complet.\nArticle  5\nLe pr\u00e9sent  arr\u00eat\u00e9  abroge  l'arr\u00eat\u00e9  n\u00b0 2013-01054  du 14 octobre  2013  portant  composition  des\njurys  pour  les examens  de certification  \u00e0 la P\u00e9dagogie  Appliqu\u00e9e  \u00e0 l'Emploi  de Formateur  aux\nPremiers  Secours  (PAE-FPS)  et \u00e0 la P\u00e9dagogie  Appliqu\u00e9e  \u00e0 l'Emploi  de Formateur  en Pr\u00e9vention\net Secours  Civiques  (PAE-FPSC)  \u00e0 Paris  et dans  les d\u00e9partements  des  Hauts  de Seine,  de la\nSeine-Saint-Denis  et du Val  de Marne.\nArticle  6\nLe pr\u00e9fet,  Secr\u00e9taire  g\u00e9n\u00e9ral  de la Zone  de d\u00e9fense  et de s\u00e9curit\u00e9  de Paris,  est charg\u00e9  de\nl'ex\u00e9cution  du pr\u00e9sent  arr\u00eat\u00e9,  qui sera  publi\u00e9  aux  recueils  des  actes  administratifs  de la\npr\u00e9fecture  de la r\u00e9gion  d'Ile-de-France,  pr\u00e9fecture  de Paris,  de la pr\u00e9fecture  de Police  et des\npr\u00e9fectures  des  Hauts-de-Seine,  de la Seine-Saint-Denis  et du Val-de-Marne.\nFait \u00e0 Paris, le 2 2 OCT. 2024\nPour  le pr\u00e9fet  de Police,\nLe pr\u00e9fet,  Secr\u00e9taire  g\u00e9n\u00e9ral\nde la Zone  de d\u00e9fense  et de s\u00e9curit\u00e9\nUY\nSerge  BOULANGER\n2024-01546\n\nAnnexe  1: Exemple  de d\u00e9cision  de composition  des  jurys  commun\n\u00e0 la PAE-FPS  et \u00e0 la PAE-FPSC\nE J Secr\u00e9tariat  g\u00e9n\u00e9ral\nPR\u00c9FECTU  RE qp  de la Zone  de d\u00e9fense  et de s\u00e9curit\u00e9  de Paris\nDE POLICE  dc\nLibert\u00e9\n\u00c9galit\u00e9\nFraternit\u00e9\nANNEXE  O00XX  a L'ARRETE  n\u00b0\nD\u00e9cision  portant  composition  du jury  pour  les examens  de certification  \u00e0 la P\u00e9dagogie  Appliqu\u00e9e  \u00e0 l'Emploi\nde Formateur  en Pr\u00e9vention  et Secours  Civiques  (PAE-FPSC)  et/ou  en Premiers  Secours  (PAE-FPS)  \u00e0 Paris  et\ndans  les d\u00e9partements  des  Hauts-de-Seine,  de la Seine-Saint-Denis  et du Val-de-Marne\nP\u00e9dagogie  Appliqu\u00e9e  \u00e0 l'Emploi  de Formateur  en Pr\u00e9vention  et Secours  Civiques\nEXAMEN  et/ou\nP\u00e9dagogie  Appliqu\u00e9e  \u00e0 l'Emploi  de Formateur  en Premiers  Secours\nDATE  J/MM/AAAA\nLIEU  Locaux  Pr\u00e9fecture  de Police\n6, rue  de la Cit\u00e9  - 75004  PARIS\nHORAIRE  XXHXX\nNB DE CANDIDATS  XX  de | Association  ou organisme\nCOMPOSITION  DU JURY  :\n1]Mme.  NOM  Pr\u00e9nom  Pr\u00e9sidente  du jury  FDF/PAE-FPS  (Association  ou organisme)\n21M.  NOM  Pr\u00e9nom  FDF/PAE-FPS  (Association  ou organisme)\n3]Mme.  NOM  Pr\u00e9nom  FDF/PAE-FPSC  (Association  ou organisme)\n41M.  NOM  Pr\u00e9nom  FDF/PAE-FPS  (Association  ou organisme)\nSuppl\u00e9ance  |Mme.  NOM  Pr\u00e9nom  FDF/PAE-FPSC  (Association  ou organisme)\n2024  - 01546\n \n \n \n \n \n \n \n \n \n \n  \n \n \n \n \n  \n \n  \n  \n  \n \n \n \n \n \n  \n  \n \n  \n  \n \n  \n  \n \n  \n  \n \n \n  \n  \n \n\nEs\nPREFECTURE  aP >\nBe Ly Cabinet  du pr\u00e9fet\nPr  2024-01548\narr\u00eat\u00e9  n\u00b0\naccordant  d\u00e9l\u00e9gation  de la signature  pr\u00e9fectorale\nau sein  de la direction  de l'immobilier  et de l'environnement\nLe pr\u00e9fet  de police,\nVU le code  g\u00e9n\u00e9ral  des  collectivit\u00e9s  territoriales  ;\nVU le code  g\u00e9n\u00e9ral  de la fonction  publique,  notamment  son  article  L417-5  ;\nVU le d\u00e9cret  n\u00b0 94-415  du 24 mai  1994  modifi\u00e9  portant  dispositions  statutaires  relatives  aux\npersonnels  des  administrations  parisiennes  ;\nVU le d\u00e9cret  n\u00b0 2003-737  du 1* ao\u00fbt  2003  portant  cr\u00e9ation  d'un  secr\u00e9tariat  g\u00e9n\u00e9ral  pour\nl'administration  \u00e0 la pr\u00e9fecture  de police  ;\nVU le d\u00e9cret  n\u00b0 2004-374  du 29 avril  2004  modifi\u00e9  relatif  aux  pouvoirs  des  pr\u00e9fets,  \u00e0 l'organisation\net \u00e0 l'action  des  services  de l'Etat  dans  les r\u00e9gions  et d\u00e9partements,  notamment  son  article  74 :\nVU le d\u00e9cret  n\u00b0 2006-1780  du 23 d\u00e9cembre  2006  portant  d\u00e9l\u00e9gation  de pouvoir  en mati\u00e8re  de\nrecrutement  et de gestion  de certains  personnels  relevant  du minist\u00e8re  de l'int\u00e9rieur  ;\nVU le d\u00e9cret  n\u00b0 2014-296  du 6 mars  2014  relatif  aux  secr\u00e9tariats  g\u00e9n\u00e9raux  pour  l'administration  du\nminist\u00e8re  de l'int\u00e9rieur  et modifiant  diverses  dispositions  du code  de la d\u00e9fense  et du code  de la\ns\u00e9curit\u00e9  int\u00e9rieure,  notamment  son  article  6 ;\nVU l'arr\u00eat\u00e9  minist\u00e9riel  NOR  : INTA1532249A  du 24 d\u00e9cembre  2015,  relatif  aux  services  charg\u00e9s\nd'exercer  les missions  relevant  du secr\u00e9tariat  g\u00e9n\u00e9ral  pour  l'administration  du minist\u00e8re  de\nl'int\u00e9rieur  de la zone  de d\u00e9fense  et de s\u00e9curit\u00e9  de Paris  ;\nVU l'arr\u00eat\u00e9  pr\u00e9fectoral  n\u00b0 2009-00641  du 7 ao\u00fbt  2009  modifi\u00e9  relatif  \u00e0 l'organisation  de la pr\u00e9fecture\nde police  ;\nVU l'arr\u00eat\u00e9  pr\u00e9fectoral  n\u00b0 2023-01190  du 9 octobre  2023  relatif  aux  missions  et \u00e0 l'organisation  de\nla direction  de l'immobilier  et de l'environnement  ;\nVU la d\u00e9lib\u00e9ration  du conseil  de Paris  n\u00b0 2020-PP-53  des  23 et 24 juillet  2020  portant\nrenouvellement  de la d\u00e9l\u00e9gation  de pouvoir  accord\u00e9e  au pr\u00e9fet  de police  par  le conseil  de Paris\ndans  certaines  des  mati\u00e8res  \u00e9num\u00e9r\u00e9es  par  l'article  L. 2122-22  du code  g\u00e9n\u00e9ral  des  collectivit\u00e9s\nterritoriales  ;\nVU le d\u00e9cret  du 20 juillet  2022  par lequel  M. Laurent  NUNEZ,  pr\u00e9fet,  coordonnateur  national  du\nrenseignement  et de la lutte  contre  le terrorisme,  est nomm\u00e9  pr\u00e9fet  de police  (hors  classe)  :\nVU le d\u00e9cret  du 22 d\u00e9cembre  2022  par  lequel  M. Philippe  LE MOING-SURZUR,  administrateur\ng\u00e9n\u00e9ral  d\u00e9tach\u00e9  en qualit\u00e9  de sous-pr\u00e9fet  hors  classe,  sous-pr\u00e9fet  de Bayonne  (classe\nfonctionnelle  II), est nomm\u00e9  pr\u00e9fet,  secr\u00e9taire  g\u00e9n\u00e9ral  pour  l'administration  de la pr\u00e9fecture  de\npolice  ;\nVU le d\u00e9cret  du 1\u00b0 d\u00e9cembre  2020  par  lequel  M. Edgar  PEREZ,  administrateur  civil  hors  classe,  chef\ndu service  des  affaires  immobili\u00e8res  au secr\u00e9tariat  g\u00e9n\u00e9ral  pour  l'administration  de la pr\u00e9fecture\nde police,  est nomm\u00e9  directeur  de l'immobilier  et de l'environnement  au secr\u00e9tariat  g\u00e9n\u00e9ral  pour\nl'administration  de la pr\u00e9fecture  de police  ;\n\nSUR  proposition  du pr\u00e9fet,  secr\u00e9taire  g\u00e9n\u00e9ral  pour  l'administration,\nARRETE\nTITRE  1\nD\u00e9l\u00e9gation  de signature  g\u00e9n\u00e9rale\nArticle  1\u00b0\u00b0\nD\u00e9l\u00e9gation  est donn\u00e9e  \u00e0 M. Edgar  PEREZ,  administrateur  de l'Etat  hors  classe,  directeur  de\nl'immobilier  et de l'environnement,  directement  plac\u00e9  sous  l'autorit\u00e9  du pr\u00e9fet,  secr\u00e9taire  g\u00e9n\u00e9ral\npour  l'administration,  \u00e0 l'effet  de signer,  au nom  du pr\u00e9fet  de police  et dans  la limite  de ses\nattributions,  tous  actes,  arr\u00eat\u00e9s,  d\u00e9cisions  et pi\u00e8ces  comptables,  \u00e0 l'exception  des  march\u00e9s  publics\ndont  le montant  d\u00e9passe  10 millions  d'euros  hors  taxes.\nM. Edgar  PEREZ  est \u00e9galement  habilit\u00e9  \u00e0 signer,  dans  la limite  de ses attributions,  les actes\nn\u00e9cessaires  au fonctionnement  administratif  de la direction  de l'immobilier  et de\nl'environnement,  les d\u00e9cisions  individuelles  relatives  \u00e0 l'octroi  des  cong\u00e9s  annuels,  \u00e0 l'exercice  des\nfonctions  en t\u00e9l\u00e9travail  et de maladie  ordinaire  des  personnels  relevant  de son  autorit\u00e9,  ainsi  que,\ndepuis  le 1\u00b0 janvier  2024,  les arr\u00eat\u00e9s  de sanctions  disciplinaires  du premier  groupe  (avertissement\net blame)  inflig\u00e9es  aux  personnels  administratifs,  techniques,  scientifiques  et sp\u00e9cialis\u00e9s  plac\u00e9s\nsous  sa responsabilit\u00e9,  \u00e0 l'exception  des  sanctions  d'exclusion  temporaire  de fonction  pour  une\ndur\u00e9e  maximale  de 3 jours.\nArticle  2\nEn cas  d'absence  ou d'emp\u00eachement  de M. Edgar  PEREZ,  la d\u00e9l\u00e9gation  qui lui est consentie  par\nl'article  1\" est exerc\u00e9e  par  Mme  Myriam  ABASSI,  administratrice  de l'Etat,  adjointe  au directeur  de\nl'immobilier  et de l'environnement.\nD\u00e9partement  juridique  et budg\u00e9taire\nArticle  3\nD\u00e9l\u00e9gation  est donn\u00e9e  \u00e0 Mme  Christelle  PARATTE,  attach\u00e9e  hors  classe  d'administration  de l'Etat,\ncheffe  du d\u00e9partement  juridique.  et budg\u00e9taire,  \u00e0 l'effet  de signer,  dans  la limite  de ses\nattributions  :\n1\u00b0 Les  devis,  les expressions  de besoin  ne disposant  pas  de support  contractuel  pr\u00e9existant,  les\npi\u00e8ces  comptables  justificatives  de d\u00e9penses  dont  le montant  ne d\u00e9passe  pas  10 000 euros  hors\ntaxes;\n2\u00b0 Les  bons  de commande  aff\u00e9rents  \u00e0 Un accord-cadre  existant  et les commandes  \u00e0 une  centrale\nd'achat  dont  le montant  ne d\u00e9passe  pas  10 000  euros  hors  taxes  ;\n3\u00b0 Les  correspondances  courantes,  actes  (dont  avenant  de transfert,  actes  sp\u00e9ciaux  de sous-\ntraitance)  et d\u00e9cisions,  hors  r\u00e9siliation,  qui  se rattachent  \u00e0 la pr\u00e9paration  des  proc\u00e9dures  de\nmarch\u00e9s  et accords-cadres  de fournitures,  de services  et de travaux  et \u00e0 leur  ex\u00e9cution  ;\n4\u00b0 Les  correspondances  et actes  de gestion  courante,  ainsi  que,  en mati\u00e8re  comptable,  les\nd\u00e9cisions,  pi\u00e8ces  comptables  et ordres  de paiement,  relatifs  aux  titres  d'occupation  et baux,  \u00e0 la\ngestion  du patrimoine  immobilier  et aux  op\u00e9rations  domaniales  et/ou  immobili\u00e8res  ;\n5\u00b0 Les  correspondances  et actes  de gestion  courante  sans  incidence  financi\u00e8re,  autres  que  ceux\nmentionn\u00e9s  aux  paragraphes  2\u00b0 et 3\u00b0 du pr\u00e9sent  article  ;\n6\u00b0 Les actes  de constatation  de service  fait  de tout  montant  ;\n2024-01548\n\n7\u00b0 La signature  des  d\u00e9comptes  g\u00e9n\u00e9raux  des  march\u00e9s  de prestations  intellectuelles,  de ma\u00eetrise\nd'\u0153uvre  et de travaux  dont  le montant  du d\u00e9compte  g\u00e9n\u00e9ral  compris  toutes  les modifications  de\ncontrat  est  inf\u00e9rieur  \u00e0 800  000  euros  hors  taxes  ;\n8\u00b0 Toutes  d\u00e9cisions  individuelles  relatives  \u00e0 l'octroi  des  cong\u00e9s  annuels  des  personnels  relevant  de\nson  autorit\u00e9.\nArticle  4\nEn cas  d'absence  ou d'emp\u00e9chement  de Mme  Christelle  PARATTE,  la d\u00e9l\u00e9gation  qui lui est\nconsentie  \u00e0 l'article  3 est exerc\u00e9e,  dans  la limite  des  attributions  du d\u00e9partement  juridique  et\nbudg\u00e9taire,  par  M. Fabrice  ADRIAN,  ing\u00e9nieur  principal  de la fili\u00e8re  technique,  chef  du bureau  de\nl'\u00e9conomie  de la construction.\nArticle  5\nD\u00e9l\u00e9gation  est donn\u00e9e  \u00e0 M. Fran\u00e7ois  ORTOLI,  conseiller  d'administration  de l'int\u00e9rieur  et de\nl'outre-mer,  chef  du bureau  de la programmation  et de l'ex\u00e9cution,  \u00e0 l'effet  de signer,  dans  la\nlimite  de ses attributions,  les documents  et correspondances  courantes  sans  incidence  financi\u00e8re\nainsi  que  toutes  d\u00e9cisions  individuelles  relatives  \u00e0 l'octroi  des  cong\u00e9s  annuels  des  personnels\nrelevant  de son  autorit\u00e9.  +\nArticle  6\nEn cas  d'absence  ou d'emp\u00eachement  de M. Fran\u00e7ois  ORTOLI,  la d\u00e9l\u00e9gation  qui lui est consentie  \u00e0 ~\nl'article  5 est exerc\u00e9e,  dans  la limite  de ses attributions,  par  M. Beno\u00eet  VILLE,  attach\u00e9\nd'administration  de l'Etat,  adjoint  au chef  de bureau.\nArticle  7\nD\u00e9l\u00e9gation  est donn\u00e9e  \u00e0 M. Tristan  BRANGER,  attach\u00e9  d'administration  de l'Etat,  chef  du bureau\ndu patrimoine  immobilier,  \u00e0 l'effet  de signer,  dans  la limite  de ses attributions  :\n1\u00b0 Les correspondances  et actes  de gestion  courante  ainsi  que  les d\u00e9cisions  et pi\u00e8ces  comptables,\nordres  de paiement  et actes  de constatation  de service  fait  de tout  montant,  relatifs  aux  titres\nd'occupation  et baux,  \u00e0 la gestion  du patrimoine  immobilier  et aux  op\u00e9rations  domaniales  et/ou\nimmobili\u00e8res,\n2\u00b0 Les  devis,  les expressions  de besoin,  les pi\u00e8ces  comptables  justificatives  de d\u00e9penses  dont  le\nmontant  ne d\u00e9passe  pas  5 000  euros  hors  taxes,\n3\u00b0 Toutes  d\u00e9cisions  individuelles  relatives  \u00e0 l'octroi  des  cong\u00e9s  annuels  des  personnels  relevant  de\nson  autorit\u00e9.\nArticle  8\nD\u00e9l\u00e9gation  est donn\u00e9e  \u00e0 M. Chris  Jouvin  KATOUMOUKO  SAKALA,  attach\u00e9  d'administration  de\nl'Etat,  chef  de la section  juridique  et financi\u00e8re,  directement  plac\u00e9  sous  l'autorit\u00e9  de M. Tristan\nBRANGER,  \u00e0 l'effet  de signer,  dans  la limite  de ses  attributions,  les ordres  de paiement  et pi\u00e8ces\ncomptables,  les documents  et correspondances  courantes  relatifs  aux  titres  d'occupation  et baux\net \u00e0 la gestion  du patrimoine  immobilier.\nD\u00e9l\u00e9gation  est donn\u00e9e  \u00e0 M. Guillaume  RIVIERE,  secr\u00e9taire  administratif  de l'int\u00e9rieur  et de l'outre-\nmer,  directement  plac\u00e9  sous  l'autorit\u00e9  de M. Tristan  BRANGER,  \u00e0 l'effet  de signer,  dans  la limite  de\nses attributions,  les ordres  de paiement  et pi\u00e8ces  comptables  ainsi  que  les actes  de constatation\nde service  fait  de tout  montant  relatifs  aux  titres  d'occupation  et baux,  \u00e0 la gestion  du patrimoine\nimmobilier  et aux  op\u00e9rations  domaniales  et/ou  immobili\u00e8res.\n2024-01548\n\nArticle  9\nD\u00e9l\u00e9gation  est donn\u00e9e  \u00e0 Mme  Annie  CAZABAT,  attach\u00e9e  principale  d'administration  de l'Etat,\ncheffe  du bureau  des  march\u00e9s  immobiliers,  \u00e0 l'effet  de signer,  dans  la limite  de ses attributions  :\n1\u00b0 Les correspondances  courantes,  actes  (dont  avenant  de transfert,  actes  sp\u00e9ciaux  de sous-\ntraitance)  et d\u00e9cisions,  hors  r\u00e9siliation,  qui se rattachent  \u00e0 la pr\u00e9paration  des  proc\u00e9dures  et\nl'ex\u00e9cution  de march\u00e9s  et accords-cadres  de fournitures,  de services  et de travaux,\n2\u00b0 Les devis,  les expressions  de besoin,  les pi\u00e8ces  comptables  justificatives  de d\u00e9penses  dont  le\nmontant  ne d\u00e9passe  pas  7 000  euros  hors  taxes  et actes  de constatation  de service  fait,\n3\u00b0 Toutes  d\u00e9cisions  individuelles  relatives  \u00e0 l'octroi  des  cong\u00e9s  annuels  des  personnels  relevant  de\nson  autorit\u00e9.\nArticle  10\nEn cas  d'absence  ou d'emp\u00eachement  de Mme  Annie  CAZABAT,  la d\u00e9l\u00e9gation  qui  lui est consentie\n\u00e0 l'article  9 est  exerc\u00e9e,  dans  la limite  de ses attributions,  par  M. Mathieu  LAJOUX,  agent\ncontractuel  de cat\u00e9gorie  \u00c0, adjoint  \u00e0 la cheffe  de bureau.\nArticle  11\nD\u00e9l\u00e9gation  est donn\u00e9e  \u00e0 M. Fabrice  ADRIAN,  ing\u00e9nieur  principal  de la fili\u00e8re  technique,  chef  du\nbureau  de l'\u00e9conomie  de la construction  \u00e0 l'effet  de signer  dans  la limite  de ses attributions  :\n1\u00b0 Les  documents  et correspondances  courantes  dans  le cadre  des  march\u00e9s  de service,  prestations\nintellectuelles  et de travaux,\n2\u00b0 Les actes  de constatation  de service  fait  de tout  montant  dans  le cadre  du traitement  des\nacomptes  dans  EDIFLEX,\n3\u00b0 Toutes  d\u00e9cisions  individuelles  relatives  \u00e0 l'octroi  des  cong\u00e9s  annuels  des  personnels  relevant  de\nson  autorit\u00e9.\nArticle  12\nEn cas  d'absence  ou d'emp\u00eachement  de M. Fabrice  ADRIAN,  la d\u00e9l\u00e9gation  qui lui est consentie  \u00e0\nl'article  12 est exerc\u00e9e,  dans  la limite  de ses attributions,  par  M. Philippe  De OLIVEIRA,  ing\u00e9nieur\nprincipal  de la fili\u00e8re  technique,  adjoint  au chef  de bureau.\nArticle  13\nD\u00e9l\u00e9gation  est donn\u00e9e  aux  personnes  dont  les noms  suivent,  \u00e0 l'effet  de signer,  dans  la limite  de\nleurs  attributions  respectives  les actes  de constatation  de service  fait  de tout  montant  dans  le\ncadre  du traitement  des  acomptes  dans  EDIFLEX  :\n- M. Fran\u00e7ois  CAMILLERI,  agent  contractuel  de cat\u00e9gorie  A;\n- Mme  Virginie  LAFON,  ing\u00e9nieure  principale  de la fili\u00e8re  technique  ;\n- M. Nicolas  JOUSSEAUME,  ing\u00e9nieur  principal  de la fili\u00e8re  technique  ;\n- M. Guy  MAURAS,  ing\u00e9nieur  des  services  techniques  ;\n- Mme  Audrey  MONTAGNE,  agent  contractuel  de cat\u00e9gorie  A;\n- Mme  Tatiana  STAGNARO,  ing\u00e9nieure  des  services  techniques.\n2024-01548\n\nArticle  14\nD\u00e9l\u00e9gation  est  donn\u00e9e  \u00e0 Mme  Ana\u00efs  PUCHALT,  agent  contractuel  de cat\u00e9gorie  A, cheffe  de la\nmission  d'aide  au pilotage  et \u00e0 l'exploitation  des  donn\u00e9es  batimentaires,  \u00e0 l'effet  de signer,  dans  la\nlimite  de ses attributions  :\n1\u00b0 Les documents  et correspondances  courantes  ainsi  que  les d\u00e9cisions,  pi\u00e8ces  comptables  et\nordres  de paiement  relatifs  aux  \u00e9nergies  et fluides,\n2\u00b0 Toutes  d\u00e9cisions  individuelles  relatives  \u00e0 l'octroi  des  cong\u00e9s  annuels  des  personnels  relevant  de\nson  autorit\u00e9.\nArticle  15\nEn cas  d'absence  ou d'emp\u00e9chement  de Mme  Ana\u00efs  PUCHALT,  la d\u00e9l\u00e9gation  qui  lui est consentie\n\u00e0 l'article  14 est exerc\u00e9e,  dans  la limite  de ses attributions,  par  M. Loic  BOUSSAERT,  attach\u00e9\nd'administration  de l'Etat,  adjoint  \u00e0 la cheffe  de la mission  d'aide  au pilotage  et \u00e0 l'exploitation\ndes  donn\u00e9es  b\u00e2timentaires.\nD\u00e9partement  construction\nArticle  16\nD\u00e9l\u00e9gation  est donn\u00e9e  \u00e0 M. Carlos  GONCALVES,  ing\u00e9nieur  en chef  de la fili\u00e8re  technique,  chef  du\nd\u00e9partement  construction,  \u00e0 l'effet  de signer,  dans  la limite  de ses attributions  :\n1\u00b0 Les  march\u00e9s  et accords-cadres  de fournitures,  de services  et de travaux  dont  le montant  initial\nappr\u00e9ci\u00e9  sur la dur\u00e9e  totale  du march\u00e9  ne d\u00e9passe  pas  90 000  euros  hors  taxes,  ainsi  que  les\ncorrespondances,  actes  et d\u00e9cisions,  hors  r\u00e9siliation,  qui  se rattachent  \u00e0 leur  pr\u00e9paration  et \u00e0 leur\nex\u00e9cution  ;\n2\u00b0 Les  modifications  de contrat  de march\u00e9s  dont  le montant  initial  appr\u00e9ci\u00e9  sur la dur\u00e9e  totale  du\nmarch\u00e9  ne d\u00e9passe  pas  90000  euros  hors  taxes,  dont  l'incidence  financi\u00e8re  cumul\u00e9e  est\nstrictement  inf\u00e9rieure  \u00e0 15 % pour  les march\u00e9s  de travaux  ou 10 % pour  les march\u00e9s  de services  et\nde prestations  intellectuelles  ;\n3\u00b0 Les modifications  de contrat  de march\u00e9s  dont  le montant  initial  appr\u00e9ci\u00e9  sur la dur\u00e9e  totale  du\nmarch\u00e9  ne d\u00e9passe  pas  10 000  euros  hors  taxes  ;\n4\u00b0 Les bons  de commande  aff\u00e9rents  \u00e0 un accord-cadre  existant  et les commandes  \u00e0 une  centrale\nd'achat  dont  le montant  ne d\u00e9passe  pas  200  000  euros  hors  taxes  ;\n5\u00b0 Les actes  de constatation  de service  fait  de tout  montant  relevant  du p\u00e9rim\u00e8tre  de son\nd\u00e9partement  ;\n6\u00b0 La signature  des  d\u00e9comptes  g\u00e9n\u00e9raux  des  march\u00e9s  de prestations  intellectuelles,  de ma\u00eetrise\nd'\u0153uvre  et de travaux  d'un  montant  inf\u00e9rieur  \u00e0 90 000  euros  hors  taxes  ;\n7\u00b0 Les documents  et correspondances  courantes  sans  incidence  financi\u00e8re,  des  march\u00e9s  et\naccords-cadres  autres  que  ceux  mentionn\u00e9s  au paragraphe  1\u00b0);\n8\u00b0 Les actes  d'urbanisme  et de travaux,  \u00e0 l'exception  de ceux  relatifs  aux  permis  de construire,  de\nd\u00e9molir  et d'am\u00e9nager  ;\n9\u00b0 Toutes  d\u00e9cisions  individuelles  relatives  \u00e0 l'octroi  des  cong\u00e9s  annuels  des  personnels  relevant  de\nson  autorit\u00e9.\n2024-01548\n\nArticle  17\nEn cas  d'absence  ou d'emp\u00eachement  de M. Carlos  GONCALVES,  la d\u00e9l\u00e9gation  qui lui est consentie\n\u00e0 l'article  16 est exerc\u00e9e,  dans  la limite  de ses attributions,  par  M. Fran\u00e7ois-Auguste  BIZET,  chef  des\nservices  techniques  du minist\u00e8re  de l'int\u00e9rieur,  adjoint  au chef  de d\u00e9partement.\nArticle  18\nD\u00e9l\u00e9gation  est donn\u00e9e  aux  personnes  dont  les noms  suivent,  \u00e0 l'effet  de signer,  dans  la limite  de\nleurs  attributions  respectives  :\n1\u00b0 Les  march\u00e9s  et accords-cadres  de fournitures,  de services  et de travaux  dont  le montant  initial\nappr\u00e9ci\u00e9  sur la dur\u00e9e  totale  du march\u00e9  ne d\u00e9passe  pas  10 000  euros  hors  taxes,  ainsi  que  les\ncorrespondances,  actes  et d\u00e9cisions,  hors  r\u00e9siliation,  qui  se rattachent  \u00e0 leur  pr\u00e9paration  et \u00e0 leur\nex\u00e9cution;\n2\u00b0 Les bons  de commande  aff\u00e9rents  \u00e0 un accord-cadre  existant  et les commandes  \u00e0 une  centrale\nd'achat  dont  le montant  ne d\u00e9passe  pas  10 000  euros  hors  taxes  ;\n3\u00b0 Les  actes  de constatation  de service  fait  de tout  montant  relevant  du p\u00e9rim\u00e8tre  de leur\nsecteur  ;\n4\u00b0 La signature  des  d\u00e9comptes  g\u00e9n\u00e9raux  des  march\u00e9s  de prestations  intellectuelles,  de ma\u00eetrise\nd'\u0153uvre  et de travaux  d'un  montant  inf\u00e9rieur  \u00e0 10 000  euros  hors  taxes  ;\n5\u00b0 Les  documents  et correspondances  courantes  sans  incidence  financi\u00e8re,  des  march\u00e9s  et\naccords-cadres  autres  que  ceux  mentionn\u00e9s  au paragraphe  1\u00b0)  ;\n6\u00b0 Toutes  d\u00e9cisions  individuelles  relatives  \u00e0 l'octroi  des  cong\u00e9s  annuels  des  personnels  relevant  de\nleur  autorit\u00e9.\nSont  d\u00e9l\u00e9gataires  :\n- M. Benjamin  D'ALOISE,  ing\u00e9nieur  principal  des  services  techniques,  chef  du secteur  1 du\nd\u00e9partement  construction  et en cas  d'absence  ou d'emp\u00eachement  de ce dernier,\nMme  Marion  ADAMOPULOS,  ing\u00e9nieure  de la fili\u00e8re  technique,  adjointe  au chef  du\nsecteur1  ;\n- Mme  Linda  KANEM,  agent  contractuel  de cat\u00e9gorie  A, cheffe  du secteur  2 du d\u00e9partement\nconstruction  et en cas  d'absence  ou d'emp\u00e9chement  de cette  derni\u00e8re,  Mme  H\u00e9l\u00e8ne\nSTEVE-DUFAURE  DE CITRES,  ing\u00e9nieure  hors  classe  de la fili\u00e8re  technique,  adjointe  \u00e0 la\ncheffe  du secteur  2 ; -\n- Mme  Nathalie  STRYZEWSKI,  ing\u00e9nieure  principale  des  services  techniques,  cheffe  du\nsecteur  3 du d\u00e9partement  construction  et en cas  d'absence  ou d'emp\u00eachement  de cette\nderni\u00e9re,  Mme  Elodie  GODO,  agent  contractuel  de cat\u00e9gorie  A, adjointe  a la cheffe  du\nsecteur  3; Q\n- M. Karim  SANYA,  ing\u00e9nieur  divisionnaire  des  travaux  publics  de l'Etat,  chef  du secteur  4 du\nd\u00e9partement  construction  et en cas  d'absence  ou d'emp\u00eachement  de ce dernier,\nM. Benoit  DE VIGUERIE,  agent  contractuel  de cat\u00e9gorie  A, adjoint  au chef  du secteur  4.\nArticle  19\nD\u00e9l\u00e9gation  est donn\u00e9e  \u00e0 M. Thomas  FERRIER,  attach\u00e9  d'administration  de l'Etat,  chef  de la mission\nde synth\u00e8se  et de coordination  budg\u00e9taire  du d\u00e9partement  construction,  \u00e0 l'effet  de signer  :\n1\u00b0 Les constatations  de service  fait  du'd\u00e9partement  construction  ;\n2\u00b0 Toutes  d\u00e9cisions  individuelles  relatives  \u00e0 l'octroi  des  cong\u00e9s  annuels  des  personnels  relevant  de\nson  autorit\u00e9.\n2024-01548\n\nArticle  20\nEn cas  d'absence  ou d'emp\u00e9chement  de M. Thomas  FERRIER,  la d\u00e9l\u00e9gation  qui lui est consentie  au\nparagraphe  1\u00b0) de l'article  19 est exerc\u00e9e,  dans  la limite  de leurs  attributions,  par  Mme  Chantal\nDELEUZE,  et par  Mme  Christelle  BOURGOUING,  secr\u00e9taires  administratives  au sein  du\nd\u00e9partement  construction.\nD\u00e9partement  exploitation\nArticle  21\nD\u00e9l\u00e9gation  est donn\u00e9e  \u00e0 M. St\u00e9phane  BERTHOMIEU,  , ing\u00e9nieur  principal  de la fili\u00e8re  technique,\nadjoint  au chef  du d\u00e9partement  exploitation,  \u00e0 l'effet  de signer,  dans  la limite  de ses attributions  :\n1\u00b0 Les march\u00e9s  et accords-cadres  de fournitures,  de services  et de travaux  dont  le montant  initial\nappr\u00e9ci\u00e9  sur la dur\u00e9e  totale  du march\u00e9  ne d\u00e9passe  pas  90000  euros  hors  taxes,  ainsi  que  les\ncorrespondances,  actes  et d\u00e9cisions,  hors  r\u00e9siliation,  qui  se rattachent  \u00e0 leur  pr\u00e9paration  et \u00e0 leur\nex\u00e9cution  ;\n2\u00b0 Les  modifications  de contrat  de march\u00e9s  dont  le montant  initial  appr\u00e9ci\u00e9  sur  la dur\u00e9e  totale  du\nmarch\u00e9  ne d\u00e9passe  pas  90000  euros  hors  taxes,  dont  l'incidence  financi\u00e8re  cumul\u00e9e  est\nstrictement  inf\u00e9rieure  \u00e0 15 % pour  les march\u00e9s  de travaux  ou 10 % pour  les march\u00e9s  de service  et\nde prestations  intellectuelles  ;\n3\u00b0 Les  modifications  de contrat  de march\u00e9s  dont  le montant  initial  appr\u00e9ci\u00e9  sur  la dur\u00e9e  totale  du\nmarch\u00e9  ne d\u00e9passe  pas  10 000  euros  hors  taxes  ;\n4\u00b0 Les bons  de commande  aff\u00e9r\u00e9nts  \u00e0 un accord-cadre  et les commandes  \u00e0 une  centrale  d'achat\ndont  le montant  ne d\u00e9passe  pas  200  000  euros  hors  taxes  ;\n5\u00b0 Les  actes  de constatation  de service  fait  de tout  montant  relevant  du p\u00e9rim\u00e8tre  de son\nd\u00e9partement  ;\n6\u00b0 La signature  des  d\u00e9comptes  g\u00e9n\u00e9raux  des  march\u00e9s  de service,  prestations  intellectuelles,  de\nma\u00eetrise  d'\u0153uvre  et de travaux  d'un  montant  inf\u00e9rieur  \u00e0 90 000  euros  hors  taxes  ;\n7\u00b0 Les documents  et correspondances  courantes  sans  incidence  financi\u00e8re,  des  march\u00e9s  et\naccords-cadres  autres  que  ceux  mentionn\u00e9s  au paragraphe  1\u00b0) ;\n8\u00b0 Les actes  d'urbanisme  et de travaux,  \u00e0 l'exception  de ceux  relatifs  aux  permis  de construire,  de\nd\u00e9molir  et d'am\u00e9nager  ;\n9\u00b0 Toutes  d\u00e9cisions  individuelles  relatives  \u00e0 l'octroi  des  cong\u00e9s  annuels  des  personnels  relevant  de\nson  autorit\u00e9.\nArticle  22\nEn cas  d'absence  ou d'emp\u00eachement  de M. St\u00e9phane  BERTHOMIEU,  la d\u00e9l\u00e9gation  qui  lui est\nconsentie  \u00e0 l'article  21 est exerc\u00e9e,  dans  la limite  de ses attributions,  par  Mme  Christine  BLEUSE,\ning\u00e9nieure  principale  des  services  techniques,  adjointe  au chef  de d\u00e9partement.\nArticle  23\nD\u00e9l\u00e9gation  est donn\u00e9e  aux  personnes  dont  les noms  suivent,  \u00e0 l'effet  de signer,  dans  la limite  de\nleurs  attributions  respectives  :\n1\u00b0 Les march\u00e9s  et accords-cadres  de fournitures,  de services  et de travaux  dont  le montant  initial\nappr\u00e9ci\u00e9  sur la dur\u00e9e  totale  du march\u00e9  ne d\u00e9passe  pas  10000  euros  hors  taxes,  ainsi  que  les\ncorrespondances,  actes  et d\u00e9cisions,  hors  r\u00e9siliation,  qui  se rattachent  \u00e0 leur  pr\u00e9paration  et \u00e0 leur\nex\u00e9cution  ;\n2024-01548\n\n2\u00b0 Les bons  de commande  aff\u00e9rents  \u00e0 un accord-cadre  existant  et les commandes  \u00e0 une  centrale\nd'achat  dont  le montant  ne d\u00e9passe  pas  40 000  euros  hors  taxes  ;\n3\u00b0 Les  actes  de constatation  de service  fait  de tout  montant  ;\n4\u00b0 La signature  des  d\u00e9comptes  g\u00e9n\u00e9raux  des  march\u00e9s  de service,  prestations  intellectuelles,  de\nma\u00eetrise  d'\u0153uvre  et de travaux  d'un  montant  inf\u00e9rieur  \u00e0 10 000  euros  hors  taxes  i\n5\u00b0 Les documents  et correspondances  courantes  sans  incidence  financi\u00e9re,  des  march\u00e9s  et\naccords-cadres  autres  que  ceux  mentionn\u00e9s  au paragraphe  1\u00b0) ;\n6\u00b0 Toutes  d\u00e9cisions  individuelles  relatives  \u00e0 l'octroi  des  cong\u00e9s  annuels  des  personnels  relevant  de\nleur  autorit\u00e9.\nSont  d\u00e9l\u00e9gataires  :\n- Mme  Amandine  BAVOUZET,  ing\u00e9nieure  des  services  techniques,  cheffe  de la d\u00e9l\u00e9gation\nterritoriale  Paris  Sud  (75)  ;\n- M. Bruno  HANSER,  agent  contractuel,  ing\u00e9nieur  r\u00e9f\u00e9rent  \u00e0 la d\u00e9l\u00e9gation  territoriale  Paris  Sud\n(75);\n- M. Fran\u00e7ois  FERLIER,  ing\u00e9nieur  des  services  techniques,  ing\u00e9nieur  r\u00e9f\u00e9rent  \u00e0 la d\u00e9l\u00e9gation\nterritoriale  Paris  Sud  (75);\n- Mme  Nathalie  BATAILLE,  ing\u00e9nieure  de la fili\u00e8re  technique,  ing\u00e9nieure  r\u00e9f\u00e9rente  \u00e0 la d\u00e9l\u00e9gation\nterritoriale  Paris  Sud  (75)  ;\n- M. Brahim  NACER,  ing\u00e9nieur  principal  de la fili\u00e8re  technique,  chef  de la d\u00e9l\u00e9gation  territoriale\nParis  Nord  (75)  ;\n- M. Mohammed  KASSOUOUALI,  ing\u00e9nieur  de la fili\u00e8re  technique,  ing\u00e9nieur  r\u00e9f\u00e9rent  \u00e0 la\nd\u00e9l\u00e9gation  territoriale  Paris  Nord  (75)  ;\n- M. Amar  ZERROUK,  ing\u00e9nieur  de la fili\u00e8re  technique,  ing\u00e9nieur  r\u00e9f\u00e9rent  \u00e0 la d\u00e9l\u00e9gation\nterritoriale  Paris  Nord  (75)  ;\n- M. C\u00e9dric  BELHAD),  ing\u00e9nieur  principal  de la fili\u00e8re  technique,  chef  de la d\u00e9l\u00e9gation  territoriale\nParis  Cit\u00e9  (75)  ;\n- Mme  Clarisse  KOC,  ing\u00e9nieure  des  services  techniques,  ing\u00e9nieure  \u00e0 la d\u00e9l\u00e9gation  territoriale\nParis  Cit\u00e9  (75)  ;\n- M. Karim  ARID},  ing\u00e9nieur  des  services  techniques,  ing\u00e9nieur  \u00e0 la d\u00e9l\u00e9gation  territoriale  Paris  Cit\u00e9\n(75);\n- M. Jean-Luc  RIEHL,  ing\u00e9nieur  principal  de la fili\u00e8re  technique,  chef  de la r\u00e9gie  technique  de Paris  ;\n- M. Farhan  GHORI,  ing\u00e9nieur  principal  des  services  techniques,  chef  de la d\u00e9l\u00e9gation  territoriale\nNord-ouest  (Yvelines,  Hauts-de-Seine,  Val-d'Oise)  ;\n- M. Francis  BARRET,  ing\u00e9nieur  principal  des  services  techniques,  adjoint  au chef  de la d\u00e9l\u00e9gation\nterritoriale  Nord-ouest  (Yvelines,  Hauts-de-Seine,  Val-d'Oise)  ;\n- M. Nicolas  GERMAIN,  ing\u00e9nieur  des  services  techniques,  ing\u00e9nieur  r\u00e9f\u00e9rent  \u00e0 la d\u00e9l\u00e9gation\nterritoriale  Nord-ouest  (Yvelines,  Hauts-de-Seine,  Val-d'Oise)  ;\n- M. Jean-Fran\u00e7ois  GONCALVES,  ing\u00e9nieur  des  services  techniques,  ing\u00e9nieur  r\u00e9f\u00e9rent  \u00e0 la\nd\u00e9l\u00e9gation  territoriale  Nord-ouest  (Yvelines,  Hauts-de-Seine,  Val-d'Oise)  ;\n- M. Karim  GOTNI,  agent  contractuel  de cat\u00e9gorie  A, adjoint  au chef  de la d\u00e9l\u00e9gation  territoriale\nSud  (Essonne,  Val-de-Marne)  ;\n- M. Bertrand  JACQUENS,  ing\u00e9nieur  des  services  techniques,  ing\u00e9nieur  r\u00e9f\u00e9rent  \u00e0 la d\u00e9l\u00e9gation\nterritoriale  Sud  (Essonne,  Val-de-Marne)  ;\n- M. Marc  LEDOUX,  ing\u00e9nieur  des  services  techniques,  chef  de la d\u00e9l\u00e9gation  territoriale  Est par\nint\u00e9rim  (Seine-Saint-Denis,  Seine-et-Marne)  ;\n2024-01548\n\n- M. Ludovic  D'ANGELO,  ing\u00e9nieur  principal  de la fili\u00e8re  technique,  chef  du bureau  des  moyens  et\nde l'assistance  technique,  et en cas d'absence  ou d'emp\u00eachement  de ce dernier,  M. Philippe  LE\nMEN,  agent  contractuel  de cat\u00e9gorie  \u00c0, adjoint  au chef  du bureau;\n- M. Olivier  LE QUEMENER,  ing\u00e9nieur  de la fili\u00e8re  technique,  chef  de la section  assistance\ntechnique  au bureau  des  moyens  et de l'assistance  technique  ;\n- Mme  Beatrice  BEUTEAU-MAROTEL,  ing\u00e9nieure  principale  de la fili\u00e8re  technique,  cheffe  de la\nsection  hygi\u00e8ne  s\u00e9curit\u00e9  environnement  au bureau  des  moyens  et de l'assistance  technique  ;\n- Mme  M\u00e9lanie  LELIEVRE,  agente  contractuelle,  adjointe  \u00e0 la cheffe  de la section  hygi\u00e8ne  s\u00e9curit\u00e9\nenvironnement  au. bureau  des  moyens  et de l'assistance  technique  ;\n- M. Wilfried  SOSSE,  ing\u00e9nieur  des  services  techniques,  chef  de la section  assistance  \u00e0\nl'exploitation  au bureau  des  moyens  et de l'assistance  technique  ;\n- Mme  Emilie  MALVIELLE,  attach\u00e9e  d'administration  de l'Etat,  cheffe  de la mission  achat  au\nbureau  des  moyens  et de l'assistance  technique  ;\n- Mme  Dorsaf  HARAKET,  attach\u00e9e  principale  d'administration  de l'\u00c9tat,  cheffe  du bureau  de la\nlogistique  et des  prestations  de services,  et en cas  d'absence  ou d'emp\u00eachement  de cette\nderni\u00e8re,  M. Gwendal  MARAY,  ing\u00e9nieur  de la fili\u00e8re  technique,  adjoint  au chef  de bureau;\n- Mme  B\u00e9atrice  GAUTHIER,  attach\u00e9e  d'administration  de l'Etat,  cheffe  de la Mission  Soutien  et\nCoordination,  et en cas  d'absence  ou d'emp\u00e9chement  de cette  derni\u00e8re,  Mme  Anne  ROAN,\nsecr\u00e9taire  administrative  de classe  sup\u00e9rieure  de l'Int\u00e9rieur  et de l'Outre-Mer,  adjointe  \u00e0 la\ncheffe  de mission.\nSecr\u00e9tariat  g\u00e9n\u00e9ral\nArticle  24\nD\u00e9l\u00e9gation  est donn\u00e9e  \u00e0 M. Michel  BOISSONNAT,  attach\u00e9  hors  classe  d'administration  de l'Etat,\nsecr\u00e9taire  g\u00e9n\u00e9ral,  \u00e0 l'effet  de signer,  dans  la limite  de ses attributions  :\n1\u00b0 Les documents  et correspondances  courantes  ;\n2\u00b0 Les devis,  les expressions  de besoin,  les pi\u00e8ces  comptables  justificatives  de d\u00e9penses  dont  le\nmontant  ne d\u00e9passe  pas  10 000  euros  hors  taxes  ;\n3\u00b0 Les  actes  de constatation  de service  fait  de tout  montant  ;\n4\u00b0 Toutes  d\u00e9cisions  individuelles  relatives  \u00e0 l'octroi  des  cong\u00e9s  annuels  des  personnels  relevant  de\nson  autorit\u00e9.\nArticle  25\nEn cas  d'absence  ou emp\u00e9chement  de M. Michel  BOISSONNAT,  la d\u00e9l\u00e9gation  qui lui est consentie\n\u00e0 l'article  24 est  exerc\u00e9e,  dans  la limite  de ses attributions,  par  Mme  Alexandra  DELOUR,  attach\u00e9e\nd'administration  de l'Etat,  adjointe  au secr\u00e9taire  g\u00e9n\u00e9ral.\nArticle  26\nD\u00e9l\u00e9gation  est donn\u00e9e  \u00e0 M. Carlos  ARREDONDO,  attach\u00e9  d'administration  de l'Etat,  responsable\ndu p\u00f4le  formations  et moyens  g\u00e9n\u00e9raux,  \u00e0 l'effet  de signer,  dans  la limite  de ses attributions  :\n1\u00b0 Les  documents  et correspondances  courantes  ;\n2\u00b0 Les  devis,  les expressions  de besoin,  les pi\u00e8ces  comptables  justificatives  de d\u00e9penses  dont  le\nmontant  ne d\u00e9passe  pas  5 000  euros  hors  taxes  ;\n3\u00b0 Les  actes  de constatation  de service  fait  de tout  montant  ;\n2024-01548\n\n4\u00b0 Toutes  d\u00e9cisions  individuelles  relatives  \u00e0 l'octroi  des  cong\u00e9s  annuels  des  personnels  relevant  de\nson  autorit\u00e9,\nArticle  27\nD\u00e9l\u00e9gation  est donn\u00e9e  \u00e0 M. Laurent  AGRANE,  secr\u00e9taire  administratif  des  administrations\nparisiennes,  responsable  du p\u00f4le  syst\u00e8mes  d'information,  \u00e0 l'effet  de signer,  dans  la limite  de ses\nattributions,  les documents  et correspondances  courantes,  les actes  de constatation  de service\nfait  pour  tout  montant  ainsi  que  toutes  d\u00e9cisions  individuelles  relatives  \u00e0 l'octroi  des  cong\u00e9s\nannuels  des  personnels  relevant  de son  autorit\u00e9.\nAi le 28\nD\u00e9l\u00e9gation  est  donn\u00e9e  \u00e0 Mme  Anne-Sophie  VAUCOURT,  attach\u00e9e  d'administration  de l'\u00c9tat,\nresponsable  du p\u00f4le  ressources  humaines,  \u00e0 l'effet  de signer,  dans  la limite  de ses attributions,  les\ndocuments  et correspondances  courantes,  ainsi  que  toutes  d\u00e9cisions  individuelles  relatives  \u00e0\nl'octroi  des  cong\u00e9s  annuels  des  personnels  relevant  de son  autorit\u00e9.\nCabinet\nArticle  29\nD\u00e9l\u00e9gation  est donn\u00e9e  \u00e0 Mme  Audrey  ADENOR,  attach\u00e9e  d'administration  de l'\u00c9tat,  cheffe  de\ncabinet,  \u00e0 l'effet  de signer,  dans  la limite  de ses  attributions:\n1\u00b0 Les documents  et correspondances  courantes  sans  incidence  financi\u00e8re  ;\n2\u00b0 Les actes  de constatation  de service  fait  de tout  montant;\n3\u00b0 Toutes  d\u00e9cisions  individuelles  relatives  \u00e0 l'octroi  des  cong\u00e9s  annuels  des  personnels  relevant  de\nson  autorit\u00e9.\nMission  strat\u00e9gie  et d\u00e9veloppement  durable\nArticle  30\nD\u00e9l\u00e9gation  est donn\u00e9e  \u00e0 M. Jacky  HUBERT,  ing\u00e9nieur  hors  classe  des  services  techniques,  chef  de\nla mission  strat\u00e9gie  et d\u00e9veloppement  durable,  \u00e0 l'effet  de signer,  dans  la limite  de ses\nattributions,  les actes  de constatation  de service  fait  de tout  montant,  ainsi  que  toutes  d\u00e9cisions\nindividuelles  relatives  \u00e0 l'octroi  des  cong\u00e9s  annuels  des  personnels  relevant  de son  autorit\u00e9.\nTITRE  2\nD\u00e9l\u00e9gation  de signature  relative  \u00e0 la cha\u00eene  de la d\u00e9pense\nArticle  31\nD\u00e9l\u00e9gation  est donn\u00e9e  \u00e0 Mme  Christelle  PARATTE,  attach\u00e9e  hors  classe  d'administration  de l'Etat,\ncheffe  du d\u00e9partement  juridique  et budg\u00e9taire,  et \u00e0 M. Michel  BOISSONNAT,  attach\u00e9  hors  classe\nd'administration  de l'Etat,  secr\u00e9taire  g\u00e9n\u00e9ral,  \u00e0 l'effet  de signer,  tous  actes  comptables\n(notamment  de certification  de service  fait,  les propositions  de liquidation,  les ordonnances  de\npaiement,  les pi\u00e8ces  justificatives  de d\u00e9penses,  les ordres  de recettes  et les pi\u00e8ces  justificatives  de\nrecettes),  dans  le cadre  du p\u00e9rim\u00e8tre  d'ex\u00e9cution  budg\u00e9taire  confi\u00e9  \u00e0 la direction  de l'immobilier\net de l'environnement.\nArticle  32\nEn cas  d'absence  de Mme  Christelle  PARATTE,  la d\u00e9l\u00e9gation  qui  lui est consentie  \u00e0 l'article  31 est\nexerc\u00e9e,  dans  la limite  des  attributions  du d\u00e9partement  juridique  et budg\u00e9taire,  par  M. Fabrice\nADRIAN,  ing\u00e9nieur  principal  de la fili\u00e8re  technique,  chef  du bureau  de l'\u00e9conomie  de la\nconstruction.\n2024-01548\n\nArticle  33\nEn cas  d'absence  ou emp\u00e9chement  de M. Michel  BOISSONNAT,  la d\u00e9l\u00e9gation  qui lui est consentie\n\u00e0 l'article  31 est  exerc\u00e9e,  dans  la limite  de ses attributions,  par  Mme  Alexandra  DELOUR,  attach\u00e9e\nd'administration  de l'Etat,  adjointe  au secr\u00e9taire  g\u00e9n\u00e9ral.\nArticle  34\nD\u00e9l\u00e9gation  est donn\u00e9e  \u00e0 l'effet  de signer  les actes  comptables  (notamment  les actes  de\ncertification  de service  fait,  les propositions  de liquidation,  les ordonnances  de paiement,  les\npi\u00e8ces  justificatives  de d\u00e9penses,  les ordres  de recettes  et les pi\u00e8ces  justificatives  de recettes),\ndans  le cadre  du p\u00e9rim\u00e8tre  d'ex\u00e9cution  budg\u00e9taire  confi\u00e9  \u00e0 la direction  de l'immobilier  et de\nl'environnement,  aux  agents  plac\u00e9s  sous  l'autorit\u00e9  de Mme  Christelle  PARATTE,  dont  les noms\nsuivent,  dans  la limite  de leurs  attributions  respectives  :\nA-  Au sein  du bureau  de la programmation  et de l'ex\u00e9cution:\n- M. Fran\u00e7ois  ORTOLI,  conseiller  d'administration  de l'Int\u00e9rieur  et de l'Outre-Mer,  chef  du bureau\nde la programmation  et de l'ex\u00e9cution  ;\n- M. Benoit  VILLE,  attach\u00e9  d'administration  de l'Etat,  adjoint  au chef  de bureau  ;\n- M. Jean-Christophe  CARRER,  attach\u00e9  d'administration  de l'Etat,  chef  de la section  d'ex\u00e9cution\ndu budget  sp\u00e9cial  ;\n- Mme  Magali  SCHMITT,  attach\u00e9e  d'administration  de l'Etat,  cheffe  de la section\nprogrammation  ;\n- Mme  Carole  BUISINE,  attach\u00e9e  d'administration  de l'Etat,  cheffe  de la section  d'ex\u00e9cution  du\ndes  cr\u00e9dits  Etat.\nB \u2014 Au sein  de la mission  d'aide  au pilotage  et \u00e0 l'exploitation  des  donn\u00e9es  batimentaires  :\n- Mme  Ana\u00efs  PUCHALT,  agent  contractuel  de cat\u00e9gorie  A, cheffe  de la mission  d'aide  au pilotage\net \u00e0 l'exploitation  des  donn\u00e9es  b\u00e2timentaires  ;\n- M. Loic  BOUSSAERT,  attach\u00e9  d'administration  de l'Etat,  adjoint  \u00e0 la cheffe  de la mission  d'aide\nau pilotage  et \u00e0 l'exploitation  des  donn\u00e9es  b\u00e2timentaires.\nC - Au sein  du bureau  du patrimoine  immobilier\n- M. Tristan  BRANGER,  attach\u00e9  d'administration  de l'Etat,  chef  du bureau  du patrimoine\nimmobilier  ;\n- M. Chris  Jouvin  KATOUMOUKO  SAKALA,  attach\u00e9  d'administration  de l'Etat,  chef  de la section\njuridique  et financi\u00e8re  ;\n- M. Guillaume  RIVIERE,  secr\u00e9taire  administratif  de classe  normale  de l'Int\u00e9rieur  et de l'Outre-Mer.\nArticle  35\nD\u00e9l\u00e9gation  est donn\u00e9e  \u00e0 l'effet  de signer  les-actes  comptables  (notamment  les actes  de\ncertification  de service  fait,  les propositions  de liquidation,  les ordonnances  de paiement,  les\npi\u00e8ces  justificatives  de d\u00e9penses,  les ordres  de recettes  et les pi\u00e8ces  justificatives  de recettes),\ndans  le cadre  du p\u00e9rim\u00e8tre  d'ex\u00e9cution  budg\u00e9taire  confi\u00e9  \u00e0 la direction  de l'immobilier  et de\nl'environnement,  aux  agents  plac\u00e9s  sous  l'autorit\u00e9  de M. Michel  BOISSONNAT,  dont  les noms\nsuivent,  dans  la limite  de leurs  attributions  respectives  :\n- Mme  Alexandra  DELOUR,  attach\u00e9e  d'administration  de l'Etat,  adjointe  au secr\u00e9taire  g\u00e9n\u00e9ral  ;\n- M. Carlos  ARREDONDO,  attach\u00e9  d'administration  de l'Etat,  responsable  du p\u00f4le  formations  et\nmoyens  g\u00e9n\u00e9raux  ;\n- M. Laurent  AGRANE,  secr\u00e9taire  administratif  de classe  sup\u00e9rieure  des  administrations\nparisiennes  ;\n- Mme  Patricia  PELTIER,  adjointe  administrative  principale  de 1\u00b0 classe  des  administrations\nparisiennes.  ;\n- Mme  Mariama  SEYDI,  adjointe  administrative  de l'Int\u00e9rieur  et de l'Outre-Mer  ;\n2024-01548\n\n- Mme  Val\u00e9rie  LEPINE,  adjointe  principale  de 2\u00b0TM*  classe  des  administrations  parisiennes  ;\n- Mme  Am\u00e9lie  ZIEMLINSKI,  adjointe  principale  de 1*\u00b0 classe  des  administrations  parisiennes.\nD\u00e9l\u00e9gation  de signature  relative  au syst\u00e8me  d'information  financi\u00e8re  CHORUS\nArticle  36\nD\u00e9l\u00e9gation  est donn\u00e9e  \u00e0 l'effet  de signer  les actes  comptables  (notamment  les demandes  d'achat,\nles actes  de certification  de service  fait,  les pi\u00e8ces  justificatives  de d\u00e9penses,  les pi\u00e8ces\njustificatives  de recettes  et de saisir  toutes  informations  dans  le syst\u00e8me  d'information  financi\u00e8re\n\u00abChorus  formulaire  \u00bb, dans  la limite  de leurs  attributions  respectives,  aux  agents  plac\u00e9s  sous\nl'autorit\u00e9  de la cheffe  du d\u00e9partement  juridique  et budg\u00e9taire  :\nPour  le bureau  de la programmation  et de l'ex\u00e9cution  :\n- Mme  Val\u00e9rie  ALLEMAND,  adjointe  administrative  de 1*\u00b0 classe  des  administrations  parisiennes  ;\n- Mme  Isabelle  BELLEAU,  adjointe  administrative  principale  de 2\u00b0\"  classe  de l'int\u00e9rieur  et de\nl'outre-mer  ;\n- Mme  Ang\u00e9lique  BOCHARD,  secr\u00e9taire  administrative  de classe  normale  l'int\u00e9rieur.et  de l'outre-\nmer  ;\n- M. Guillaume  BRETTE,  adjoint  administratif  principal  de 2\u00e8\"\u00b0  classe  de l'int\u00e9rieur  et de l'outre-\nmer;\n- Mme  Corine  BULIN,  attach\u00e9e  d'administration  de l'\u00c9tat  ;\n- Mme  Mich\u00e8le  CIEUTAT,  adjointe  administrative  principale  de 1*\u00b0 classe  des  administrations\nparisiennes  ;\n- M. Dana  DANASSEGARANE,  adjoint  administratif  principal  de 2?\"\u00b0  classe  des  administrations\nparisiennes  ;\n- Mme  Sonia  DAOUD,  adjointe  administrative  principale  de 1\u00b0  classe  des  administrations\nparisiennes  ;\n- Mme  Fatiha  FARHOUD,  adjointe  administrative  principale  de 2\u00e8\"\u00b0  classe  des  administrations\nparisiennes  ;\n- M. Romain  GRESLEBIN,  adjoint  administratif  principal  de 2\u00e8\"\u00b0  classe  de l'int\u00e9rieur  et de l'outre-\nmer;\n- Mme  Nicole  BECKLER,  adjointe  administrative  principale  de 1#*\u00b0  classe  des  administrations\nparisiennes  ;\n- Mme  Marine  HOYOS,  adjointe  administrative  principale  de 2\u00b0\"  classe  des  administrations\nparisiennes  ;\n: > M. Marc  JEREMIE,  adjoint  administratif  principal  de 2?\"  classe  des  administrations  parisiennes  ;\n- Mme  Sabah  MESBAH,  adjointe  administrative  principale  de 2\u00b0\"  classe  de l'int\u00e9rieur  et de l'outre-\nmer  ;\n- Mme  Najla  NACHARD,  adjointe  administrative  principale  de 1\u00b0 classe  des  administrations\nparisiennes  ;\n- Mme  Elisabeth  NDJEUGUE,  adjointe  administrative  principale  de 2\u00e8\"\u00b0  classe  de l'int\u00e9rieur  et de\nl'outre-mer  ;\n- Mme  Christine  OBYDOL,  adjointe  administrative  principale  de T\u00b0 classe  des  administrations\nparisiennes  ;\n- M. Fran\u00e7ois  ORTOLI,  conseiller  d'administration  de l'int\u00e9rieur  et de l'outre-mer  ;'\n- Mme  Catherine  PERRIER,  secr\u00e9taire  administrative  de classe  normale  des  administrations\nparisiennes  ;\n2024-01548\n\n- M. Oussama  QUANARE,  adjoint  administratif  principal  de 2\u00b0\"  classe  des  administrations\nparisiennes  ;\n- Mme  Johanna  RIBON,  adjointe  administrative  principale  de 2*\"\u00b0  classe  des  administrations\nparisiennes  ;\n- M. Steve  SADIK,  adjoint  administratif  principal  de 1%\" classe  de l'Int\u00e9rieur  et de l'Outre-Mer  :\n- Mme  Magali  SCHMITT,  attach\u00e9e  d'administration  de l'Etat  ;\n- Mme  Divya  THIAGARADJA,  secr\u00e9taire  administrative  de classe  normale  de l'Int\u00e9rieur  et de\nl'Outre-Mer  ;\n- Mme  Carole  BUISINE,  attach\u00e9e  d'administration  de l'Etat  ;\n- M. Benoit  VILLE,  attach\u00e9  d'administration  de l'Etat  ;\n- Mme  Hanae  BEZZARI,  adjointe  administrative  principale  de 2\u00b0\"  classe  des  administrations\nparisiennes  ;\n- M. Lougensky  MORISSEAU,  adjoint  administratif  principal  de 2?\"  classe  des  administrations\nparisiennes  ;\n- Mme  Hanna  SERRAF,  adjointe  administrative  principale  de 2\u00b0\"  classe  des  administrations\nparisiennes.\nPour  le bureau  du patrimoine  immobilier  :\n- M. Tristan  BRANGER,  attach\u00e9  d'administration  de l'\u00c9tat  ;\n- M. Chris  KATOUMOUKO  SAKALA,  attach\u00e9  d'administration  de l'\u00c9tat  ;\n- M. Guillaume  RIVIERE,  secr\u00e9taire  administratif  de classe  normale  de l'Int\u00e9rieur  et de l'Outre-Mer  ;\n- Mme  Araphie  GOMIS,  secr\u00e9taire  administrative  de classe  normale  des  administrations\nparisiennes  ;\n- Mme  Aur\u00e9lie  MAGNELLI-SICHI,  secr\u00e9taire  administrative  de classe  normale  des  administrations\nparisiennes  ;\n- Mme  Malliga  JAYAVELU,  secr\u00e9taire  administrative  de classe  normale  des  administrations\nparisiennes  ;\n- Mme  Khady  GUEYE,  adjointe  administrative  principale  de 2\u00b0\"  classe  des  administrations\nparisiennes  ;\n- Mme  Anne-Ga\u00eble  D'HAYER,  adjointe  administrative  principale  de 1\u00e8re  classe  des  administrations\nparisiennes  ;\n- Mme  C\u00e9line  PREVOST-RAYMOND,  adjointe  administrative  principale  de 2\u00b0\"  classe  des\nadministrations  parisiennes  ;\n- M. Karamba  DRAME,  adjoint  administratif  principal  de 1*\u00b0 classe  de l'Int\u00e9rieur  et de l'Outre-Mer.\nPour  la mission  d'aide  au pilotage  et \u00e0 l'exploitation  des  donn\u00e9es  b\u00e2timentaires  :\n- M. Lo\u00efc  BOUSSAERT,  attach\u00e9  d'administration  de l'Etat  ;\n- Mme  Annelise  VIVIANI,  adjointe  administrative  principale  de 2\u00e8\"\u00b0  classe  des  administrations\nparisiennes  ;\n- Mme  Marta  COUDERC,  agent  contractuel  de cat\u00e9gorie  C des  administrations  parisiennes.\nD\u00e9l\u00e9gation  de signature  relative  au syst\u00e8me  d'information  financi\u00e8re  CORIOLIS\nArticle  37\nD\u00e9l\u00e9gation  est donn\u00e9e  \u00e0 l'effet  de signer  les actes  comptables  (notamment  les propositions\nd'engagement,  les actes  de certification  de service  r\u00e9alis\u00e9,  les bordereaux  de mandatements,  les\ntransferts,  les pi\u00e8ces  justificatives  de d\u00e9penses)  et de saisir  toutes  informations  dans  le syst\u00e8me\nANNA  Onarun  a2\n\nd'information  financi\u00e8re  \u00ab Coriolis  \u00bb, dans  la limite  de leurs  attributions  respectives,  aux  agents\nplac\u00e9s  sous  l'autorit\u00e9  de la cheffe  du d\u00e9partement  juridique  et budg\u00e9taire  :\nPour  le bureau  de la programmation  et de l'ex\u00e9cution  :\n- M. Fran\u00e7ois  ORTOLI,  conseiller  d'administration  de l'int\u00e9rieur  et de l'outre-mer  ;\n- M. Benoit  VILLE,  attach\u00e9  d'administration  de l'Etat  ;\n- M. Jean-Christophe  CARRER,  attach\u00e9  d'administration  de l'Etat;\n- Mme  Soumady  MOHANASUNDARAM,  secr\u00e9taire  administrative  de classe  normale  des\nadministrations  parisiennes  ;\n- M. Patrice  CANIQUIT,  secr\u00e9taire  administratif  de classe  sup\u00e9rieure  des  administrations\nparisiennes  ;\n- Mme  Carole  GUIRIABOYE,  adjointe  administrative  principale  de 2?  classe  des  administrations\nparisiennes  ;\n- M. Burak  SAHIN,  adjoint  administratif  principal  de 2?\"  classe  de l'Etat  ;\n- M. C\u00e9dric  CURIER,  adjoint  administratif  principal  de 2\u00b0\"\u00b0  classe  des  administrations  parisiennes  ;\n- M. Franck  CORBES,  secr\u00e9taire  administratif  de classe  normale  de l'int\u00e9rieur  et de l'outre-mer  ;\n- Mme  Nicaise  GILBERT,  adjointe  administrative  principale  de 1\u00b0  classe  des  administrations\nparisiennes  ;\n- Mme  Dominique  FALEME,  adjointe  administrative  principale  de 1\u00b0  classe  des  administrations\nparisiennes.\nPour  le bureau  du patrimoine  immobilier  :\n- M. Tristan  BRANGER,  attach\u00e9  d'administration  de l'Etat  ;\n- M. Guillaume  RIVIERE,  secr\u00e9taire  administratif  de classe  normale  de l'int\u00e9rieur  et de l'outre-mer  ;\n- Mme  Araphie  GOMIS,  secr\u00e9taire  administrative  de classe  normale  des  administrations\nparisiennes  ;\n- Mme  Khady  GUEYE,  adjointe  administrative  principale  de 2?\"\u00b0  classe  des  administrations\nparisiennes  ;\n- Mme  Anne-Ga\u00e9le  D'HAYER,  adjointe  administrative  principale  de 1#\u00b0  classe  des  administrations\nparisiennes  ;\n- M. Krima  SAHTEL,  adjointe  administrative  principale  de 1*\u00b0  classe  des  administrations\nparisiennes.\nPour  le secr\u00e9tariat  g\u00e9n\u00e9ral  :\n- M. Carlos  ARRENDONDO,  attach\u00e9  d'administration  de l'Etat  ;\n- Mme  Mariama  SEYDI,  adjointe  administrative  de l'int\u00e9rieur  et de l'outre-mer  ;\n- Mme  Patricia  PELTIER,  adjointe  administrative  principale  de 1\u00b0 classe  des  administrations\nparisiennes.\nD\u00e9l\u00e9gation  de signature  relative  aux  actes  d'ex\u00e9cution  par  carte  d'achat\nSur  le budget  sp\u00e9cial  :\nArticle  38\nD\u00e9l\u00e9gation  est  donn\u00e9e  \u00e0 M. Edgar  PEREZ,  administrateur  de l'Etat  hors  classe,  directeur  de\nl'immobilier  et de l'environnement,  pour  proc\u00e9der  aux  actes  d'ex\u00e9cution  par  carte  d'achat  de\n2024-01548  14\n\nniveau  1 de ses  frais  de repr\u00e9sentation,  dans  la limite  annuelle  du montant  notifi\u00e9  et de 1000  euros\ntoutes  taxes  comprises  par  transaction.\nArticle  39\nD\u00e9l\u00e9gation  est donn\u00e9e  \u00e0 M. Michel  BOISSONNAT,  attach\u00e9  hors  classe  d'administration  de l'Etat,\nsecr\u00e9taire  g\u00e9n\u00e9ral,  pour  proc\u00e9der  aux  actes  d'ex\u00e9cution  par  carte  d'achat  de niveau  1 des  frais  de\nrepr\u00e9sentation  de la direction,  dans  la limite  annuelle  du montant  notifi\u00e9  et de 1000  euros  toutes\ntaxes  comprises  par  transaction.\nArticle  40\nD\u00e9l\u00e9gation  est donn\u00e9e,  pour  proc\u00e9der  aux  actes  d'ex\u00e9cution  par  carte  d'achat  de niveau  3 des\nmarch\u00e9s  publics  r\u00e9f\u00e9renc\u00e9s,  dans  la limite  annuelle  de 360  000  euros  toutes  taxes  comprises  et de\n12 000  euros  toutes  taxes  comprises  par  transaction  aux  personnes  suivantes  :\n- M. Micka\u00ebl  ABIVEN,  secr\u00e9taire  administratif  de classe  normale  des  administrations  parisiennes,\nchef  de la plate-forme  logistique  du d\u00e9partement  exploitation  ;\n- M. Yoane  DO,  secr\u00e9taire  administratif  de classe  normale  des  administrations  parisiennes,  adjoint\nau chef  de la plate-forme  logistique  du d\u00e9partement  exploitation.\nArticle  41\nD\u00e9l\u00e9gation  est accord\u00e9e  \u00e0 M. Fran\u00e7ois  ORTOLI,  conseiller  d'administration  de l'int\u00e9rieur  et de\nl'outre-mer,  chef  du bureau  de la programmation  et de l'ex\u00e9cution,  r\u00e9f\u00e9rent  carte  achat,  afin  de\ncentraliser  les pi\u00e8ces  justificatives  des  d\u00e9penses  r\u00e9alis\u00e9es  par  la carte  d'achat  des  porteurs\nd\u00e9sign\u00e9s  aux  articles  38, 39 et 40, contr\u00f4ler  ces  pi\u00e8ces  justificatives  des  d\u00e9penses,  indiquer  les\nimputations  budg\u00e9taires  et comptables  des  d\u00e9penses  et transmettre  ses \u00e9l\u00e9ments  au responsable\ndu programme  carte  d'achat.\nSur  le budget  Etat:\nArticle  42\nD\u00e9l\u00e9gation  est accord\u00e9e  \u00e0 M. Fran\u00e7ois  ORTOLI,  conseiller  d'administration  de l'int\u00e9rieur  et de\nl'outre-mer,  chef  du bureau  de la programmation  et de l'ex\u00e9cution,  r\u00e9f\u00e9rent  carte  achat,  afin  de\ncentraliser  les pi\u00e8ces  justificatives  des  d\u00e9penses  r\u00e9alis\u00e9es  par  la carte  d'achat  des  porteurs\nd\u00e9sign\u00e9s  aux  articles  43, 44 et 45, contr\u00f4ler  ces  pi\u00e8ces  justificatives  des  d\u00e9penses,  signer  le tableau\ndes  imputations  budg\u00e9taires  des  d\u00e9penses  par  cartes  d'achat  rattach\u00e9es  aux  centres  de\nfacturation  et ordonner  le r\u00e8glement  des  relev\u00e9s  d'op\u00e9rations  administratives.\nArticle  43 \u00a9\nD\u00e9l\u00e9gation  est donn\u00e9e  \u00e0 Michel  BOISSONNAT,  attach\u00e9  hors  classe  d'administration  de l'Etat,\nsecr\u00e9taire  g\u00e9n\u00e9ral,  pour  proc\u00e9der  aux  actes  d'ex\u00e9cution  par  carte  d'achat  de niveau  1 des  frais  de\nrepr\u00e9sentation  de la direction,  dans  la limite  annuelle  du montant  notifi\u00e9  et de 2 000  euros  toutes\ntaxes  comprises  par  transaction.\nArticle  44\nD\u00e9l\u00e9gation  est donn\u00e9e,  pour  proc\u00e9der  aux  actes  d'ex\u00e9cution  par carte  d'achat  de niveau  3 des\nmarch\u00e9s  publics  r\u00e9f\u00e9renc\u00e9s,  dans  la limite  annuelle  de 2 500  000  euros  toutes  taxes  comprises  et\nde 100  000  euros  toutes  taxes  comprises  par  transaction  aux  personnes  suivantes  :\n- Mme  Anne  ROAN,  secr\u00e9taire  administrative  de classe  sup\u00e9rieure  de l'int\u00e9rieur  et de l'outre-mer,\nadjointe  \u00e0 la cheffe  de la mission  de soutien  et de coordination:\n- Mme  S\u00e9verine  DOUCET,  secr\u00e9taire  administrative  de classe  sup\u00e9rieure  de l'int\u00e9rieur  et de\nl'outre-mer,  cheffe  de la section  gestion  budg\u00e9taire.\nANNA  NnAT40  ac\n\nArticle  45\nD\u00e9l\u00e9gation  est donn\u00e9e,  pour  proc\u00e9der  aux  actes  d'ex\u00e9cution  par  carte  d'achat  de niveau  3 des\nmarch\u00e9s  publics  r\u00e9f\u00e9renc\u00e9s,  dans  la limite  annuelle  de 360  000  euros  toutes  taxes  comprises  et de\n12 000  euros  toutes  taxes  comprises  par  transaction  aux  personnes  suivantes  :\n- M. Micka\u00ebl  ABIVEN,  secr\u00e9taire  administratif  de classe  normale  des  administrations  parisiennes,\nchef  de la plate-forme  logistique  ;\n- M. Yoane  DO,  secr\u00e9taire  administratif  de classe  normale  des  administrations  parisiennes,  adjoint\nau chef  de la plateforme  logistique.\nD\u00e9l\u00e9gation  de signature  relative  au syst\u00e8me  d'information  CHORUS  DT\nArticle  46\nD\u00e9l\u00e9gation  de signature  est accord\u00e9e  aux  personnes  dont  les noms  suivent,  aux  fins  de signer  les\npi\u00e8ces  comptables  concernant  les d\u00e9placements  temporaires  et valider  dans  l'application  Chorus\nDT en qualit\u00e9  de service  gestionnaire  ou gestionnaire  valideur,  les ordres  de mission,  les \u00e9tats  de\nfrais  et les commandes  sur le march\u00e9  voyagiste  :\n- Mme  Mariama  SEYDI,  adjointe  administrative  du minist\u00e8re  de l'int\u00e9rieur  et de l'outre-mer  ;\n- Mme  Patricia  PELTIER,  adjointe  administrative  principale  de 1\u00b0  classe  des  administrations\nparisiennes  ;\n- Mme  Sylvie  GATEPIN,  adjointe  administrative  principale  de 1#\u00b0  classe  des  administrations\nparisiennes  ;\n- Mme  Emilie  GILLET,  secr\u00e9taire  administrative  de classe  exceptionnelle  des  administrations\nparisiennes  ;\n- M. Carlos  ARREDONDO,  attach\u00e9  d'administration  de l'\u00c9tat  ;\n- Mme  Alexandra  DELOUR,  attach\u00e9e  d'administration  de l'\u00c9tat  ;\n- M. Michel  BOISSONNAT,  attach\u00e9  hors  classe  d'administration  de l'\u00c9tat.\nArticle  47\nLa pr\u00e9f\u00e8te,  directrice  de cabinet,  et le pr\u00e9fet,  secr\u00e9taire  g\u00e9n\u00e9ral  pour  l'administration,  sont\ncharg\u00e9s  de l'ex\u00e9cution  du pr\u00e9sent  arr\u00eat\u00e9  qui  sera  publi\u00e9  aux  recueils  des  actes  administratifs  des\nd\u00e9partements  de la zone  de d\u00e9fense  et de s\u00e9curit\u00e9  de Paris.\nFait  Paris,le  9 3 OCT,  2024\nLaurent  NUNEZ\nLa Pr\u00e9s  4\nwoo  i\nLaurent  NUNEZ\na\n2024-1542  se\n\nEs  |\nPR\u00c9FECTURE  aP Cabinet  du pr\u00e9fet\nDE POLICE\nLibert\u00e9\n\u00c9galit\u00e9\nFraternit\u00e9\narr\u00eat\u00e9 n\u00b0 2024-01549\nrelatif  aux  missions  et \u00e0 l'organisation\nde la direction  des  finances,  de la commande  publique  et de la performance\nLe pr\u00e9fet  de police,\nVU le code  g\u00e9n\u00e9ral  des  collectivit\u00e9s  territoriales  ;\nVU le code  de la s\u00e9curit\u00e9  int\u00e9rieure  ;\nVU le d\u00e9cret  n\u00b077-1266  du 10 novembre  1977  relatif  aux  emplois  de directeur  de la pr\u00e9fecture\nde Paris,  de directeur  g\u00e9n\u00e9ral  et de directeur  de la pr\u00e9fecture  de police  (services\nadministratifs)  ;\nVU le d\u00e9cret  n\u00b0 94-415  du 24 mai  1994  modifi\u00e9  portant  dispositions  statutaires  relatives  aux\npersonnels  des  administrations  parisiennes  ;\nVU le d\u00e9cret  2003-737  du 1% ao\u00fbt  2003  modifi\u00e9  portant  cr\u00e9ation  d'un  secr\u00e9tariat  g\u00e9n\u00e9ral  pour\nl'administration  \u00e0 la pr\u00e9fecture  de police  ;\nVU le d\u00e9cret  n\u00b0 2004-374  du 29 avril  2004  modifi\u00e9  relatif  aux  pouvoirs  des  pr\u00e9fets,  \u00e0\nl'organisation  et \u00e0 l'action  des services  de l'\u00c9tat  dans  les r\u00e9gions  et d\u00e9partements,  notamment\nson  article  74 ;\nVU le d\u00e9cret  n\u00b0 2013-728  du 12 ao\u00fbt  2013  modifi\u00e9  portant  organisation  de l'administration\ncentrale  du minist\u00e8re  de l'int\u00e9rieur  et du minist\u00e8re  des  outre-mer,  notamment  son  article  15 ;\nVU le d\u00e9cret  n\u00b0 2014-296  du 6 mars  2014  modifi\u00e9  relatif  aux  secr\u00e9tariats  g\u00e9n\u00e9raux  pour\nl'administration  du minist\u00e8re  de l'int\u00e9rieur  et modifiant  diverses  dispositions  du code  de la\nd\u00e9fense  et du code  de la s\u00e9curit\u00e9  int\u00e9rieure  ;\nVU l'arr\u00eat\u00e9  du 24 d\u00e9cembre  2015  modifi\u00e9  relatif  aux  services  charg\u00e9s  d'exercer  les missions\nrelevant  du secr\u00e9tariat  g\u00e9n\u00e9ral  pour  l'administration  du minist\u00e8re  de l'int\u00e9rieur  de la zone  de\nd\u00e9fense  et de s\u00e9curit\u00e9  de Paris;\nVU l'avis  du comit\u00e9  social  d'administration  des  directions  et des  services  administratifs  et\ntechniques  de la pr\u00e9fecture  de police  en date  du 28 mars  2024  ;\nVU l'avis  du comit\u00e9  social  territorial  des  administrations  parisiennes  en date  du 25 avril  2024  ;\nSUR  proposition  du pr\u00e9fet,  secr\u00e9taire  g\u00e9n\u00e9ral  pour  l'administration,\nARR\u00caTE\nArticle  1\u00b0\nLa direction  des  finances,  de la commande  publique  et de la performance  (DFCPP),  rattach\u00e9e\nau secr\u00e9tariat  g\u00e9n\u00e9ral  pour  l'administration,  est dirig\u00e9e  par  un directeur  nomm\u00e9  dans  les\nconditions  pr\u00e9vues  par  le d\u00e9cret  du 10 novembre  1977  susvis\u00e9.\n\nArticle  2\nLe directeur  des  finances,  de la commande  publique  et de la performance  est assist\u00e9  par  le\nsous-directeur  des  affaires  financi\u00e9res,  qui exerce  les fonctions  d'adjoint  au directeur  et\ncoordonne  notamment  \u00e0 ce titre  la gestion  des  personnels  et des  moyens  de la direction.\nTITRE  |\nMISSIONS\nArticle  3\nLa direction  des  finances,  de la commande  publique  et de la performance  a pour  missions  de\npiloter  et de conduire  l'action  financi\u00e8re  de la pr\u00e9fecture  de police.\nElle  assure  la programmation  et l'ex\u00e9cution  de l'ensemble  des  cr\u00e9dits  mis  \u00e0 disposition  du\npr\u00e9fet  de police  par  l'Etat  et l'ensemble  des  contributeurs  du budget  sp\u00e9cial  et, \u00e0 ce titre,\nv\u00e9rifie  la soutenabilit\u00e9  des  engagements  financiers  de la pr\u00e9fecture  de police.  Elle  dirige  la\nmise  en \u0153uvre  des  actions  de ma\u00eetrise  des  risques  comptables.\nDans  le ressort  du secr\u00e9tariat  g\u00e9n\u00e9ral  pour  l'administration  du minist\u00e8re  de l'int\u00e9rieur  de la\nzone  de d\u00e9fense  et de s\u00e9curit\u00e9  de Paris  (SGAMI),  la direction  des  finances,  de la commande\npublique  et de la performance  est charg\u00e9e  de la r\u00e9partition  entre  les pr\u00e9fets  concern\u00e9s  des\ncr\u00e9dits  de fonctionnement  et d'\u00e9quipement  des  services  de police  et des  unit\u00e9s  de\ngendarmerie,  arr\u00eat\u00e9e  par  le pr\u00e9fet  de police  au sein  de la conf\u00e9rence  de s\u00e9curit\u00e9  int\u00e9rieure\npr\u00e9vue  par  l'article  R*122-5  du code  de la s\u00e9curit\u00e9  int\u00e9rieure.\nArticle  4\nLa direction  des  finances,  de la commande  publique  et de la performance  pilote  et\ncoordonne  la commande  publique  des  directions  et services  de la pr\u00e9fecture  de police  et des\nautres  services  relevant  du SGAMI,  \u00e0 l'exception  de la passation  des  march\u00e9s  de travaux  et\nprestations  intellectuelles  associ\u00e9es  et des  march\u00e9s  de maintenance  et d'entretien\nimmobiliers.\nElle  s'assure  de la soutenabilit\u00e9  budg\u00e9taire  des  march\u00e9s  pass\u00e9s  par  les directions  et les\nservices  de la pr\u00e9fecture  de police.\nElle  pilote  la d\u00e9marche  de d\u00e9veloppement  des  achats  socialement  et \u00e9cologiquement\nresponsables  (\u00absch\u00e9ma  de promotion  des  achats  socialement  et \u00e9cologiquement\nresponsables  \u00bb, \u00ab Label  relation  fournisseur  achat  responsable  \u00bb...)  de la pr\u00e9fecture  de police.\nElle  repr\u00e9sente,  devant  le responsable  minist\u00e9riel  des  achats,  la pr\u00e9fecture  de police  et le\nSGAMI.\nElle  assure  la suppl\u00e9ance  du pr\u00e9fet,  secr\u00e9taire  g\u00e9n\u00e9ral  pour  l'administration,  aux  instances  de\ngouvernance  du service  des  achats,  de l'innovation  et de la logistique  du minist\u00e8re  de\nl'int\u00e9rieur.\nArticle  5\nLa direction  des  finances,  de la commande  publique  et de la performance  anime  le contr\u00f4le\nde gestion  et coordonne  sa mise  en \u0153uvre  dans  les directions  et services  de la pr\u00e9fecture  de\npolice  et des  autres  services  relevant  du SGAMI.  A ce titre,  elle  est l'interlocuteur  des  services\ncentraux  charg\u00e9s  de la performance.  Par  ailleurs,  elle  \u00e9labore  le plan  de maitrise  des  risques\nm\u00e9tiers  de la pr\u00e9fecture  de police  (hors  directions  de police  active)  et assure  le secr\u00e9tariat  du\ncomit\u00e9  de pilotage  qui lui est d\u00e9di\u00e9.\n2024-01549  2\n\nTITRE  Il\nORGANISATION\nArticle  6\nLa direction  des  finances,  de la commande  publique  et de la performance  comprend  :\n- la sous-direction  des  affaires  financi\u00e8res,  compos\u00e9e  :\n- du bureau  du budget  de l'Etat  ;\n- du bureau  du budget  sp\u00e9cial  ;\nle bureau  de la commande  publique  et de l'achat  ;\nle bureau  du contr\u00f4le  de gestion  et d'appui  \u00e0 la performance  ;\n- le cabinet.\nArticle  7\nLe bureau  du budget  de l'Etat  (BBE)  a pour  mission  le pilotage  des  cr\u00e9dits  de l'Etat  d\u00e9volus  au\npr\u00e9fet  de police,  pr\u00e9fet  de la zone  de d\u00e9fense  et de s\u00e9curit\u00e9  de Paris,  et l'ex\u00e9cution  des\nd\u00e9penses  et des  recettes  non  fiscales  aff\u00e9rentes.\nIl comprend  :\n- un p\u00f4le  programmation,  qui assure  le pilotage  budg\u00e9taire  des  cr\u00e9dits  de l'Etat  mis  \u00e0 la\ndisposition  du pr\u00e9fet  de police  et la programmation  des  cr\u00e9dits  de la mission\n\u00abs\u00e9curit\u00e9s\u00bb  qui lui sont  allou\u00e9s  en tant  que  responsable  du budget  op\u00e9rationnel  du\nprogramme  \u00ab Police  nationale  \u00bb et en tant  que  responsable  du budget  op\u00e9rationnel  du\nprogramme  \u00ab Gendarmerie  nationale  \u00bb, qu'il  exerce  en liaison  directe  avec  le g\u00e9n\u00e9ral\ncommandant  la r\u00e9gion  de gendarmerie  d'Ile-de-France,  responsable  du budget\nop\u00e9rationnel  de programme  d\u00e9l\u00e9gu\u00e9  ;\n- un p\u00f4le  ex\u00e9cution  en charge,  par  le centre  de service  partag\u00e9  CHORUS  du SGAMI  et\nde la r\u00e9gie  de d\u00e9penses  et de recettes,  de l'ordonnancement  des  d\u00e9penses  et des\nrecettes  non  fiscales  sur tous  les programmes  au titre  desquels  des  cr\u00e9dits  sont\nd\u00e9l\u00e9gu\u00e9s.\nLe bureau  du budget  de l'Etat  est l'interlocuteur  des  services  financiers  centraux.  II conduit\ndirectement  ou participe  \u00e0 tous  les dialogues  de gestion  avec  les responsables  de programme\nallouant  des  ressources  au pr\u00e9fet  de police.  Il organise  et coordonne  les contributions  en vue\nde la synth\u00e8se  budg\u00e9taire  des  cr\u00e9dits  de l'Etat  dont  dispose  le pr\u00e9fet  de police.\nIl est l'interlocuteur  unique  de l'autorit\u00e9  charg\u00e9e  du contr\u00f4le  financier,  repr\u00e9sent\u00e9e  par  le\ncontr\u00f4leur  financier  pr\u00e8s  la pr\u00e9fecture  de police,  des  cr\u00e9dits  de l'Etat  dont  la gestion  est\nd\u00e9l\u00e9gu\u00e9e  au pr\u00e9fet  de police.\nArticle  8\nLe bureau  du budget  sp\u00e9cial  (BBS)  a pour  mission  le pilotage  des  d\u00e9penses  et recettes  du\nbudget  sp\u00e9cial  de la pr\u00e9fecture  de police.\nA ce titre,  il:\n- pr\u00e9pare  les arbitrages  budg\u00e9taires  puis  l'ensemble  des  documents  (budget  primitif,\nd\u00e9cisions  modificatives,  compte  administratif)  soumis  au vote  du conseil  de Paris  ;\n- est responsable  du pilotage  budg\u00e9taire  et comptable  ainsi  que  de l'ex\u00e9cution  du\nbudget  sp\u00e9cial,  \u00e0 la fois  en recettes  et en d\u00e9penses,  en lien  avec  la direction  r\u00e9gionale\ndes  finances  publiques  d'Ile-de-France  ;\n- conduit  les dialogues  de gestion  avec  l'ensemble  des  services  gestionnaires  et\nd\u00e9pensiers  des  directions  et services  de la pr\u00e9fecture  de police,  les services  communs\nd'int\u00e9r\u00eat  local  et la brigade  de sapeurs-pompiers  de Paris;\n- assure  le pilotage  du syst\u00e8me  d'information  comptable  et financier  CORIOLIS  dans  le\ncadre  des  relations  contractuelles  avec  le prestataire  \u00e9diteur  d\u00e9sign\u00e9  dans  le cadre\n2024-01549  3\n\nd'un  march\u00e9  public,  ainsi  que  la formation  et l'information  des  utilisateurs  du syst\u00e8me\nd'information  ;\n- rassemble  et coordonne  les projets  de d\u00e9lib\u00e9rations  pr\u00e9sent\u00e9es  par  le pr\u00e9fet  de police\nau conseil  de Paris,  et s'assure  de leur  inscription  \u00e0 l'ordre  du jour  par  les services  de la\nVille  de Paris.\nArticle  9\nLe bureau  de commande  publique  et de l'achat  (BCPA)  assure  les missions  de coordination  et\nde pilotage  dans  les domaines  de la commande  publique  et des  achats.\nA ce titre,  il est charg\u00e9  :\n- de mettre  en \u0153uvre  les objectifs  de mutualisation  et de performance  \u00e9conomique,\nsociale  et environnementale  des  achats  des  diff\u00e9rentes  composantes  de la pr\u00e9fecture\nde police  et du SGAMI  et d'animer  le r\u00e9seau  des  acheteurs  de la pr\u00e9fecture  de police  ;\n- d'assurer  les missions  de conseil  et d'expertises  juridiques  dans  le domaine  de la\ncommande  publique,  \u00e0 la demande  des  autorit\u00e9s  ou des  services  gestionnaires  ;\n- d'\u00eatre  l'interlocuteur  de r\u00e9f\u00e9rence  du service  de l'achat  de l'innovation  et de la\nlogistique  du minist\u00e8re  de l'int\u00e9rieur  (SAILMI).  A ce titre,  il \u00e9tablit  la programmation\npluriannuelle  des  achats  et sollicite  les avis  du responsable  minist\u00e9riel  des  achats\n(RMA)  sur les march\u00e9s  du SGAM]  ;\n- de piloter  la mise  en \u0153uvre  m\u00e9tier  des  syst\u00e8mes  automatis\u00e9s  minist\u00e9riels  ou\ninterminist\u00e9riels  mis  en place  \u00e0 la pr\u00e9fecture  de police  en mati\u00e8re  de commande\npublique  et d'achat;\n- de passer  les contrats  de commande  publique  de la pr\u00e9fecture  de police,  \u00e0 partir  du\nseuil  d\u00e9fini  \u00e0 l'article  R 2122-8  du code  de la commande  publique,  \u00e0 l'exception  de la\npassation  des  march\u00e9s  de travaux,  de prestations  intellectuelles  associ\u00e9es,  de\nmaintenance  et d'entretien  immobiliers  ;\n- d'instruire  les actes  d'ex\u00e9cution  des  proc\u00e9dures  qu'il  conduit  directement,  tels  que  les\nactes  modificatifs,  actes  de sous-traitance,  reconductions  \u00e9ventuelles  et s'il y a lieu,\nmise  en \u0153uvre  de mesures  coercitives,  jusqu'\u00e0  la r\u00e9siliation  du contrat.\nArticle  10\nLe bureau  du contr\u00f4le  de gestion  et d'appui  \u00e0 la performance  est charg\u00e9  d'assurer  l'appui  au\npilotage  de la performance  des  services  de la pr\u00e9fecture  de police  et du SGAMI,  d'animer  la\nd\u00e9marche  de ma\u00eetrise  des  risques  m\u00e9tiers,  d'\u00e9valuer  les moyens  d\u00e9volus  aux  activit\u00e9s  et\nstructures  et de proposer  des  optimisations  dans  l'usage  des  ressources.  Il est l'interlocuteur\ndes  services  centraux  de contr\u00f4le  de gestion.\nA ce titre,  il:\n- anime  le r\u00e9seau  des  r\u00e9f\u00e9rents  contr\u00f4le  de gestion  pr\u00e9sents  dans  les directions  de la\npr\u00e9fecture  de police  pour  apporter  une  vision  globale  de l'activit\u00e9  des  services,  de\nleurs  r\u00e9sultats  et de leurs  moyens;\n- \u00e9labore  le tableau  de bord  strat\u00e9gique  du pr\u00e9fet  de police  destin\u00e9  au corps\npr\u00e9fectoral  et aux  directeurs  ;\n- anime  le comit\u00e9  de pilotage  de maitrise  des  risques  m\u00e9tiers  (hors  directions  de police)\net prend  en charge  la construction  et le suivi  du plan  de maitrise  des  risques  m\u00e9tiers\nde la pr\u00e9fecture  de police;\n- d\u00e9veloppe  les dispositifs  de contr\u00f4le  interne  financier,  notamment  par  l'animation  du\nr\u00e9seau  des  correspondants  d\u00e9di\u00e9s,  en charge  de la mise  en \u0153uvre  de ces  dispositifs  ;\n- contribue  aux  documents  nationaux  de performance  annex\u00e9s  au projet  de loi de\nfinances  sur le p\u00e9rim\u00e8tre  dont  le pr\u00e9fet  de police  est ordonnateur,  aux  tableaux  de\nbord  nationaux  ainsi  qu'aux  annexes  de performance  du budget  sp\u00e9cial  ;\n- r\u00e9alise  des  \u00e9tudes,  \u00e9valuations  et audits  internes  en appui  \u00e0 l'am\u00e9lioration  de la\nperformance  des  directions  et services  de la pr\u00e9fecture  de police  ou sur lettre  de\n2024-01549  '\n\nmission  \u00e9manant  du pr\u00e9fet  de police  ou du pr\u00e9fet,  secr\u00e9taire  g\u00e9n\u00e9ral  pour\nl'administration.\nArticle  11\nLe cabinet  est  compos\u00e9  :\n- du secr\u00e9tariat  de direction  ;\n- du ou des  agents  techniques  de la direction  ;\n- du charg\u00e9  de mission  pour  les ressources  humaines  ;\n- de la cellule  des  syst\u00e8mes  d'information,  qui con\u00e7oit  et met  en \u0153uvre  la strat\u00e9gie\ninformatique  de la direction  et accompagne  l'\u00e9volution  de ses syst\u00e8mes  d'information\nbudg\u00e9taires  et comptables.\nTITRE  Il\nDISPOSITIONS  FINALES\nArticle  12\nLes missions  et l'organisation  des  bureaux  de la direction  des  finances,  de la commande\npublique  et de la performance  sont  pr\u00e9cis\u00e9es,  le cas \u00e9ch\u00e9ant,  par  des  instructions  sp\u00e9cifiques\ndu pr\u00e9fet,  secr\u00e9taire  g\u00e9n\u00e9ral  pour  l'administration.\nArticle  13\nL'arr\u00eat\u00e9  n\u00b0 2024-00015  du 8 janvier  2024  relatif  aux  missions  et \u00e0 l'organisation  de la direction\ndes  finances,  de la commande  publique  et de la performance,  est abrog\u00e9.\nArticle  14\nLa pr\u00e9f\u00e8te,  directrice  de cabinet,  et le pr\u00e9fet,  secr\u00e9taire  g\u00e9n\u00e9ral  pour  l'administration,  sont\ncharg\u00e9s,  chacun  en ce qui le concerne,  de l'ex\u00e9cution  du pr\u00e9sent  arr\u00eat\u00e9  qui sera  publi\u00e9  aux\nrecueils  des  actes  administratifs  des  pr\u00e9fectures  des  d\u00e9partements  de la zone  de d\u00e9fense  et\nde s\u00e9curit\u00e9  de Paris.  A\nFait \u00e0 Paris, 12 3 Obi. d\u00fc\u00e94\n2024-01549  .\n\nPREFECTURE  oP. CABINET  DU PREFETDE POLICE\nLibert\u00e9\n\u00c9galit\u00e9\nFraternit\u00e9\nArr\u00eat\u00e9n  2024-01559\nautorisant  la captation,  l'enregistrement  et la transmission  d'images  au moyen  de cam\u00e9ras\ninstall\u00e9es  sur  des  a\u00e9ronefs  \u00e0 l'occasion  de la 10?\"  journ\u00e9e  du championnat  de France  de\nfootball  de Ligue  1 au Parc  des  Princes  le samedi  2 novembre  2024\nLe pr\u00e9fet  de police,\nVu le code  de la s\u00e9curit\u00e9  int\u00e9rieure,  notamment  ses articles  L. 242-1  \u00e0 L. 242-8  et R. 242-8  \u00e0\nR. 242-15  ;\nVu le d\u00e9cret  n\u00b0 2004-374  du 29 avril  2004  modifi\u00e9  relatif  aux  pouvoirs  des  pr\u00e9fets,  \u00e0\nl'organisation  et \u00e0 l'action  des  services  de l'Etat  dans  les r\u00e9gions  et d\u00e9partements,  notamment\nses articles  70, 72 et 73;\nVu l'arr\u00eat\u00e9  du 19 avril  2023  relatif  au nombre  maximal  de cam\u00e9ras  install\u00e9es  sur des  a\u00e9ronefs\npouvant  \u00eatre  simultan\u00e9ment  utilis\u00e9es  dans  chaque  d\u00e9partement  et collectivit\u00e9  d'outre-mer  ;\nVu l'instruction  minist\u00e9rielle  NOR  1OMD2311883}  du 30 avril  2023  relative  \u00e0 la proc\u00e9dure\nd'autorisation  des  cam\u00e9ras  install\u00e9es  sur des  a\u00e9ronefs  pour  des  missions  de police\nadministrative  ;\nVu le d\u00e9cret  du 20 juillet  2022  par  lequel  M. Laurent  NUNEZ,  pr\u00e9fet,  coordonnateur  national\ndu renseignement  et de la lutte  contre  le terrorisme,  est nomm\u00e9  pr\u00e9fet  de police  (hors  classe)  ;\nVu la demande  en date  du 23 octobre  2024  form\u00e9e  par  la direction  de l'ordre  public  et de la\ncirculation  visant  \u00e0 obtenir  l'autorisation  de capter,  d'enregistrer  et de transmettre  des  images\nau moyen  de deux  cam\u00e9ras  install\u00e9es  sur des  a\u00e9ronefs  t\u00e9l\u00e9-pilot\u00e9s  afin  d'assurer  la pr\u00e9vention\ndes  atteintes  \u00e0 la s\u00e9curit\u00e9  des  personnes  et des  biens,  la s\u00e9curit\u00e9  des  rassemblements,  la\npr\u00e9vention  d'actes  de terrorisme  ainsi  que  la r\u00e9gulation  des  flux  de transport  \u00e0 l'occasion  de\nla 10\u00b0\"\u00b0  journ\u00e9e  du championnat  de France  de football  de Ligue  1 le 2 novembre  2024  au stade\ndu Parc  des  Princes  \u00e0 Paris  16\u00e8\"\u00b0  ;\nConsid\u00e9rant  que  les dispositions  du | de l'article  L. 242-5  du code  de la s\u00e9curit\u00e9  int\u00e9rieure\npermettent  aux  forces  de s\u00e9curit\u00e9  int\u00e9rieure,  dans  l'exercice  de leurs  missions  de pr\u00e9vention\ndes  atteintes  \u00e0 l'ordre  public  et de protection  de la s\u00e9curit\u00e9  des  personnes  et des  biens,  de\nproc\u00e9der  a la captation,  \u00e0 l'enregistrement  et \u00e0 la transmission  d'images  au moyen  de cam\u00e9ras\ninstall\u00e9es  sur des  a\u00e9ronefs  aux  fins  d'assurer  la pr\u00e9vention  des  atteintes  \u00e0 la s\u00e9curit\u00e9  des  :\npersonnes  et des  biens  dans  des  lieux  particuli\u00e8rement  expos\u00e9s,  la s\u00e9curit\u00e9  des\nrassemblements  de personnes  sur la voie  publique  ainsi  que  l'appui  des  personnels  au sol,  en\nvue  de leur  permettre  de maintenir  ou de r\u00e9tablir  l'ordre  public  lorsque  ces  rassemblements\nsont  susceptibles  d'entra\u00eener  des  troubles  graves  \u00e0 l'ordre  public,  la pr\u00e9vention  d'actes  de\nterrorisme  et la r\u00e9gulation  des  flux  de transports  ;\nConsid\u00e9rant  que  se tiendra  le samedi  2 novembre  2024  \u00e0 17h00  un match  de football  pour  le\ncompte  de la 10*\"*  journ\u00e9e  du championnat  de football  de Ligue  1 au stade  du Parc  des  Princes\n\n\u00e0 Paris  16\u00b0\",  qui opposera  les \u00e9quipes  du Paris  Saint-Germain  et du Racing  Club  de Lens  ; qu'\u00e0\ncette  occasion,  un nombre  important  de supporters  ainsi  que  des  personnalit\u00e9s  seront\npr\u00e9sents  aux  abords  et \u00e0 l'int\u00e9rieur  du stade  ; que  dans  le contexte  actuel  de menace  tr\u00e8s\n\u00e9lev\u00e9e,  cette  rencontre  sportive  est susceptible  de constituer  une  cible  privil\u00e9gi\u00e9e  et\nsymbolique  pour  des  actes  de nature  terroriste  ;\nConsid\u00e9rant  \u00e9galement  que  plusieurs  attentats  ou tentatives  d'attentats  r\u00e9cents  traduisent  le\nniveau  \u00e9lev\u00e9  de la menace  terroriste  actuelle  en France,  dans  le cadre  du plan  VIGIPIRATE\n\u00ab urgence  attentat  \u00bb en vigueur  sur  l'ensemble  du territoire  national;\nConsid\u00e9rant,  en outre,  qu'au-dela  de la seule  s\u00e9curisation  du match  qui fait  l'objet  de mesures\nde police  sur le fondement  de l'article  L. 226-1  du code  de la s\u00e9curit\u00e9  int\u00e9rieure  et pour  lequel\nun service  d'ordre  est mis  en place  par  la direction  de l'ordre  public  et de la circulation,  il est\nn\u00e9cessaire  de disposer  d'un  moyen  de surveillance  permettant  de s\u00e9curiser  la voie  publique\nen amont  et en aval  de cet  \u00e9v\u00e8nement  pour  pr\u00e9venir  ou mettre  fin \u00e0 d'\u00e9ventuelles  rixes  entre\nspectateurs  et personnes  \u00e0 l'ext\u00e9rieur  du Parc  des  Princes  ou \u00e0 des  atteintes  \u00e0 la s\u00e9curit\u00e9  des\npersonnes  et des  biens,  se pr\u00e9munir  contre  d'\u00e9ventuels  actes  terroristes  et r\u00e9guler  les flux  de\ntransport  autour  de l'enceinte  ;\nConsid\u00e9rant  que  la demande  de la direction  de l'ordre  public  et de la circulation  porte  sur\nl'engagement  de deux  cam\u00e9ras  a\u00e9roport\u00e9es  qui pourront  \u00eatre  en vol simultan\u00e9ment  en vue  de\ncapter,  d'enregistrer  et de transmettre  des  images;  que  les aires  survol\u00e9es  sont  strictement\nlimit\u00e9es  aux  zones  o\u00f9 seront  mises  en ceuvre  les finalit\u00e9s  susvis\u00e9es;  que  la dur\u00e9e  de\nl'autorisation  demand\u00e9e  n'appara\u00eet  pas  disproportionn\u00e9e  au regard  de ces  m\u00eames  finalit\u00e9s  ;\nConsid\u00e9rant  que  le recours  \u00e0 des  cam\u00e9ras  a\u00e9roport\u00e9es  permet  de disposer  d'une  vision  en\ngrand  angle  tout  en limitant  l'engagement  des  forces  au sol;  qu'il  n'existe  pas  de dispositif\nmoins  intrusif  permettant  de parvenir  aux  m\u00eames  fins  ;\nSur  proposition  du directeur  de l'ordre  public  et de la circulation,\nARRETE  :\nArticle  1 - La captation,  l'enregistrement  et la transmission  d'images  par  la direction  de\nl'ordre  public  et de la circulation  sont  autoris\u00e9s  le samedi  2 novembre  2024  aux  titres  de:\n- la pr\u00e9vention  des  atteintes  \u00e0 la s\u00e9curit\u00e9  des  personnes  et des  biens  ;\n- la s\u00e9curit\u00e9  des  rassemblements  ;\n- la pr\u00e9vention  d'actes  de terrorisme  ;\n- la r\u00e9gulation  des  flux  de transport.\nArticle  2 - Le nombre  maximal  de cam\u00e9ras  pouvant  proc\u00e9der  simultan\u00e9ment  \u00e0 des\nenregistrements  est fix\u00e9  \u00e0 2 cam\u00e9ras  embarqu\u00e9es  sur des  a\u00e9ronefs  t\u00e9l\u00e9-pilot\u00e9s.\nArticle  3 - La pr\u00e9sente  autorisation  s'applique  au p\u00e9rim\u00e8tre  g\u00e9ographique  figurant  sur le plan\nen annexe  au pr\u00e9sent  arr\u00eat\u00e9.\nArticle  4 - La pr\u00e9sente  autorisation  est d\u00e9livr\u00e9e  le samedi  2 novembre  2024  de 14h00  \u00e0 22h00\npour  l'ensemble  des  finalit\u00e9s  pr\u00e9cit\u00e9es.\n2024-01559\n\nArticle  5 \u2014 L'information  du public  est assur\u00e9e  par  la publication  du pr\u00e9sent  arr\u00eat\u00e9  aux  recueils\ndes  actes  administratifs  mentionn\u00e9s  \u00e0 l'article  7, sa mise  en ligne  sur le site  internet  de la\npr\u00e9fecture  de police  ainsi  que  par  une  information  sur les r\u00e9seaux  sociaux.\nArticle  6 - Le registre  mentionn\u00e9  \u00e0 l'article  L. 242-4  du code  de la s\u00e9curit\u00e9  int\u00e9rieure  est\ntransmis  au pr\u00e9fet  de police,  \u00e0 l'issue  de la p\u00e9riode  d'autorisation.\nArticle  7 - Le pr\u00e9fet  des  Hauts-de-Seine,  la pr\u00e9f\u00e8te,  directrice  du cabinet  du pr\u00e9fet  de police\net le directeur  de l'ordre  public  et de la circulation  sont  charg\u00e9s,  chacun  en ce qui le concerne,\nde l'ex\u00e9cution  du pr\u00e9sent  arr\u00eat\u00e9  qui sera  publi\u00e9  aux  recueils  des  actes  administratifs  du\nd\u00e9partement  de Paris  et de la pr\u00e9fecture  des  Hauts-de-Seine  et consultable  sur le site  internet\nde la pr\u00e9fecture  de police  (https://www.prefecturedepolice.interieur.gouv.fr).\nFait \u00e0 Paris, le 28 OCT. 2024\nP| ere ees  directrice  du cabinet\nL  Magali CHARBONNEAY\n2024-01559\n\nAnnexe  de I'arr\u00e9t\u00e9  n\u00b0 2024-01  559  du 28 Oct. 2024\nVOIES  ET DELAIS  DE RECOURS\nSi vous  estimez  devoir  contester  la pr\u00e9sente  autorisation,  il vous  est possible,  dans  un d\u00e9lai  de\ndeux  mois  \u00e0 compter  de la date  de son  affichage  ou de sa publication  :\n- soit  de saisir  d'un  RECOURS  GRACIEUX\nle Pr\u00e9fet  de Police\n7/9,  boulevard  du Palais  - 75195  PARIS  RP\n- ou de former  un RECOURS  HIERARCHIQUE\naupr\u00e8s  du Ministre  de l'int\u00e9rieur  et des  outre-mer\nDirection  des  libert\u00e9s  publiques  et des  affaires  juridiques\nplace  Beauvau  - 75008  PARIS\n- soit de saisir  d'un  RECOURS  CONTENTIEUX\nle Tribunal  administratif  comp\u00e9tent\nAucune  de ces voies  et recours  ne suspend  l'application  de la pr\u00e9sente  d\u00e9cision.\nLes recours  GRACIEUX  et HIERARCHIQUE  doivent  \u00eatre  \u00e9crits,  exposer  les arguments\nou faits  nouveaux  et comprendre  la copie  de la d\u00e9cision  contest\u00e9e.\nLe recours  contentieux,  qui vise  \u00e0 contester  la LEGALITE  de la pr\u00e9sente  d\u00e9cision,  doit\n\u00e9galement  \u00eatre  \u00e9crit  et exposer  votre  argumentation  juridique.\nSi vous  n'aviez  pas de r\u00e9ponse  \u00e0 votre  recours  GRACIEUX  ou HIERARCHIQUE  dans  un\nd\u00e9lai  de deux  mois  \u00e0 compter  de la r\u00e9ception  de votre  recours  par l'administration,\nvotre  demande  devra  \u00eatre  consid\u00e9r\u00e9e  comme  rejet\u00e9e  (d\u00e9cision  implicite  de rejet).\nEn cas de rejet  des  RECOURS  GRACIEUX  ou HIERARCHIQUE,  le Tribunal  administratif\npeut  \u00eatre  saisi  d'un  recours  contentieux  dans  le d\u00e9lai  de deux  mois  \u00e0 compter  de la\ndate  de la d\u00e9cision  de rejet.\n\nSamedi  02 Novembre  2024  (j\n(\u00a9 mu  \u00c7 a rd\neu  ( od\nare  ten  manner  \u00c0 SO  |al aioe M\n\u00e0 i f\nf / 4\nen  ite le / ,\nas  x \u00e9en COTE  \\ } \u00ce \u00c0 4\n4 Mes j Wi : | | \u00e9\n\u00e9 / | ae \u00ef\nL soiree  ra re Ga / ;\nPL  me an ae\n! :\n\nEs  CABINET  DU PREFET\nPREFECTURE  ap\nDE POLICE\nLibert\u00e9\n\u00c9galit\u00e9\nFraternit\u00e9\nam\u00e9t\u00e9n  2024-01560\ninstituant  un p\u00e9rim\u00e8tre  de protection  et diff\u00e9rentes  mesures  de police  \u00e0 l'occasion  de la\n10\u00e8\"\u00b0  journ\u00e9e  du championnat  de France  de football  de Ligue  1 au Parc  des  Princes  le\nsamedi  2 novembre  2024\nVu le code  g\u00e9n\u00e9ral  des  collectivit\u00e9s  territoriales,  notamment  ses articles  L. 2215-1,\nL. 2512-13  et L. 2512-14  ;\nVu le code  p\u00e9nal;\nVu le code  de proc\u00e9dure  p\u00e9nale  ;\nVu le code  la route,  notamment  son  article  L. 411-2;\nVu le code  rural  et de la p\u00eache  maritime,  notamment  ses articles  L. 211-11  et L. 211-12;\nVu le code  de la s\u00e9curit\u00e9  int\u00e9rieure,  notamment  ses articles  L. 122-1,  L. 122-2,  L. 226-1,\nL. 611-1  et L. 613-2;\nVu le d\u00e9cret  n\u00b0 2004-374  du 29 avril  2004  modifi\u00e9  relatif  aux  pouvoirs  des  pr\u00e9fets,  a\nl'organisation  et \u00e0 l'action  des  services  de l'Etat  dans  les r\u00e9gions  et d\u00e9partements,\nnotamment  ses articles  70, 72 et 73;\nVu le d\u00e9cret  du 20 juillet  2022  par lequel  M. Laurent  NUNEZ,  pr\u00e9fet,  coordonnateur\nnational  du renseignement  et de la lutte  contre  le terrorisme,  est nomm\u00e9  pr\u00e9fet  de police\n(hors  classe)  ;\nConsid\u00e9rant  que,  en application  des  articles  L.122-1  et L. 122-2  du code  de s\u00e9curit\u00e9\nint\u00e9rieure  et 72 et 73 du d\u00e9cret  du 29 avril  2004  susvis\u00e9,  le pr\u00e9fet  de police  a la charge  de\nl'ordre  public,  notamment  la pr\u00e9vention  des  atteintes  \u00e0 la s\u00e9curit\u00e9  des  personnes  et des\nbiens,  dans  les d\u00e9partements  de Paris  et des  Hauts-de-Seine  ;\nConsid\u00e9rant  que,  en application  du 3\u00b0 de l'article  L. 2215-1  du code  g\u00e9n\u00e9ral  des\ncollectivit\u00e9s  territoriales,  le repr\u00e9sentant  de l'Etat  dans  le d\u00e9partement  est seul\ncomp\u00e9tent  pour  prendre  les mesures  relatives  \u00e0 l'ordre,  \u00e0 la s\u00fbret\u00e9,  \u00e0 la s\u00e9curit\u00e9  et \u00e0 la\nsalubrit\u00e9  publiques,  dont  le champ  d'application  exc\u00e8de  le territoire  d'une  commune  ;\nque,  conform\u00e9ment  \u00e0 l'article  73 du d\u00e9cret  du 29 avril  2004  susvis\u00e9,  le pr\u00e9fet  de police\nexerce  dans  le d\u00e9partement  des  Hauts-de-Seine  les attributions  d\u00e9volues  au repr\u00e9sentant\nde l'Etat  dans  le d\u00e9partement  par l'article  L. 2215-1;\nConsid\u00e9rant  que,  en application  de l'article  L. 226-1  du code  de la s\u00e9curit\u00e9  int\u00e9rieure,  le\npr\u00e9fet  de police  peut,  en vue  d'assurer  la s\u00e9curit\u00e9  d'un  lieu ou d'un  \u00e9v\u00e9nement  expos\u00e9  \u00e0\nun risque  d'actes  de terrorisme  \u00e0 raison  de sa nature  et de l'ampleur  de sa fr\u00e9quentation,\ninstituer  par  arr\u00eat\u00e9  motiv\u00e9  un p\u00e9rim\u00e8tre  de protection  au sein  duquel  l'acc\u00e8s  et la\ncirculation  des  personnes  sont  r\u00e9glement\u00e9s  ; que  cet arr\u00eat\u00e9  peut  autoriser  les agents\nmentionn\u00e9s  aux  2\u00b0 \u00e0 4\u00b0 de l'article  16 du code  de proc\u00e9dure  p\u00e9nale  et, sous  la\n1\n\nresponsabilit\u00e9  de ces agents,  ceux  mentionn\u00e9s  \u00e0 l'article  20 et aux  1\u00b0, 1\u00b0bis  et 1\u00b0ter  de\nl'article  21 du m\u00eame  code  \u00e0 proc\u00e9der,  au sein  d'un  p\u00e9rim\u00e8tre  de protection,  avec  le\nconsentement  des  personnes  faisant  l'objet  de ces v\u00e9rifications,  \u00e0 des  palpations  de\ns\u00e9curit\u00e9  ainsi  qu'\u00e0  l'inspection  visuelle  et \u00e0 la fouille  des  bagages,  ainsi  qu'\u00e0  la visite  des\nv\u00e9hicules  susceptibles  de p\u00e9n\u00e9trer  au sein  de ce p\u00e9rim\u00e8tre  ; qu'aux  termes  de l'article  73\ndu d\u00e9cret  du 29 avril  2004  susvis\u00e9,  le pr\u00e9fet  de police  exerce  dans  le d\u00e9partement  des\nHauts-de-Seine  les attributions  d\u00e9volues  au repr\u00e9sentant  de l'Etat  dans  le d\u00e9partement\npar  l'article  L. 226-1  du code  de la s\u00e9curit\u00e9  int\u00e9rieure  ;\nConsid\u00e9rant  que,  en application  de l'article  L. 613-2  du code  de la s\u00e9curit\u00e9  int\u00e9rieure,  les\npersonnes  physiques  exer\u00e7ant  l'activit\u00e9  mentionn\u00e9e  au 1\u00b0 de l'article  L. 611-1  du m\u00eame\ncode  peuvent,  lorsqu'un  p\u00e9rim\u00e8tre  de protection  a \u00e9t\u00e9 institu\u00e9  en application  de l'article\nL. 226-1  du m\u00eame  code,  proc\u00e9der,  avec  le consentement  expr\u00e8s  des  personnes,  \u00e0 des\npalpations  de s\u00e9curit\u00e9  ;\nConsid\u00e9rant  que  se tiendra,  le samedi  2 novembre  2024  \u00e0 17h00,  un match  de football\npour  le compte  de la 10\u00b0\"\u00b0  journ\u00e9e  du championnat  de football  de Ligue  1 au stade  du\nParc  des  Princes  \u00e0 Paris  16\u00b0\",  qui opposera  les \u00e9quipes  du Paris  Saint-Germain  et du\nRacing  Club  de Lens;  qu'\u00e0  cette  occasion,  un nombre  important  de supporters  ainsi  que\ndes  personnalit\u00e9s  seront  pr\u00e9sents  aux  abords  et \u00e0 l'int\u00e9rieur  du stade;  que  dans  le\ncontexte  actuel  de menace  tr\u00e9s  \u00e9lev\u00e9e,  cette  rencontre  sportive  est susceptible  de\nconstituer  une  cible  privil\u00e9gi\u00e9e  et symbolique  pour  des  actes  de nature  terroriste  ;\nConsid\u00e9rant  que  plusieurs  attentats  ou tentatives  d'attentats  r\u00e9cents  traduisent  le niveau\n\u00e9lev\u00e9  de la menace  terroriste  actuelle  en France  dans  le cadre  du plan  VIGIPIRATE\n\u00aburgence  attentat  \u00bb en vigueur  sur  l'ensemble  du territoire  national  depuis  le 24 mars\n2024;\nConsid\u00e9rant  qu'il  appartient  \u00e0 l'autorit\u00e9  de police  comp\u00e9tente  de prendre  les mesures\nadapt\u00e9es,  n\u00e9cessaires  et proportionn\u00e9es  visant  \u00e0 garantir  la s\u00e9curit\u00e9  des  personnes  et des\nbiens  pendant  cet \u00e9v\u00e8nement  ; que  la mise  en place  d'un  p\u00e9rim\u00e8tre  de protection\ncomprenant  diff\u00e9rentes  mesures  de police  \u00e0 l'occasion  du match  de Ligue  1 entre  le Paris\nSaint-Germain  et le Racing  Club  de Lens  au Parc  des  Princes  \u00e0 Paris  16%\"  le samedi  2\nnovembre  2024  r\u00e9pond  \u00e0 ces  objectifs  ;\nARRETE  :\nTITRE  PREMIER\nINSTITUTION  D'UN  PERIMETRE  DE PROTECTION\nArticle  1* - Le samedi  2 novembre  2024,  de 14h00  \u00e0 22h00,  est institu\u00e9  un p\u00e9rim\u00e8tre  de\nprotection  au sein  duquel  l'acc\u00e8s  et la circulation  des  personnes  sont  r\u00e9glement\u00e9s  dans  les\nconditions  fix\u00e9es  par le pr\u00e9sent  arr\u00e9t\u00e9.\nArticle  2 - Le p\u00e9rim\u00e8tre  de protection  institu\u00e9  par  l'article  1* du pr\u00e9sent  arr\u00eat\u00e9  est\nd\u00e9limit\u00e9  par  les voies  suivantes  qui y sont  incluses,  sauf  mentions  contraires  :\n- rue  Nungesser  et Coli,  dans  sa partie  comprise  entre  le rond-point  de la place  de\nl'Europe  et l'avenue  de la Porte  Molitor  a Paris  16\u00b0\";\n- all\u00e9e  Charles  Brennus  \u00e0 Paris  16\u00b0\";\n- avenue  du G\u00e9n\u00e9ral  Sarrail,  dans  sa partie  comprise  entre  la rue  Raffa\u00eblli  et l'all\u00e9e\nCharles  Brennus  \u00e0 Paris  162\"  ;\n2\n2024-01560\n\n- avenue  du G\u00e9n\u00e9ral  Sarrail,  dans  sa partie  comprise  entre  la rue Raffa\u00e9lli  et la rue\nLecomte  du No\u00fby  \u00e0 Paris  16\u00b0\"  ;\n- rue Lecomte  du No\u00fby  \u00e0 Paris  16\u00e8\"\u00b0;\n-__rue  de l'Arioste  \u00e0 Paris  16\u00b0\";\n- rue du Sergent  Maginot  \u00e0 Paris  16\u00b0;\n- rue du G\u00e9n\u00e9ral  Roques  \u00e0 Paris  16*\"*;\n- avenue  du Parc  des  Princes,  dans  sa partie  comprise  entre  le n\u00b0 31 de l'avenue  du\nParc  des  Princes  et l'avenue  du G\u00e9n\u00e9ral  Sarrail  \u00e0 Paris  16\u00b0\"\u00b0  ;\n- passerelle  surplombant  le p\u00e9riph\u00e9rique,  en vis-a-vis  du magasin  Carglass,  depuis\nl'avenue  du Parc  des  Princes  ;\n- rue du Commandant  Guilbaud  \u00e0 Paris  16\u00e8\"\u00b0;\n- rue du Parc  \u00e0 Boulogne-Billancourt  (92)  ;\n- parking  du complexe  omnisports  G\u00e9o  Andr\u00e9  \u00e0 Paris  16\u00b0  ;\n- place  de l'Europe  \u00e0 Boulogne-Billancourt  (92),  dans  sa partie  comprise  entre  la rue\nMarcel  Loyau  \u00e0 Boulogne-Billancourt  (92)  et le rond-point  de la place  de l'Europe  \u00e0\nParis  16\u00b0  ;\n-__ rond-point  de la place  de l'Europe  a Paris  16\u00b0\"\u00b0  ;\n- rue  Joseph-Bernard  \u00e0 Boulogne-Billancourt  (92),  dans  sa partie  comprise  entre  la rue\nde la Tourelle  \u00e0 Boulogne-Billancourt  (92)  et la rue Nungesser  et Coli  \u00e0 Paris  16\u00b0\"\u00b0.\nArticle  3 - Les points  d'acc\u00e8s  au p\u00e9rim\u00e8tre,  sur lesquels  des  dispositifs  de pr\u00e9-filtrage  et de\nfiltrage  sont  mis  en place,  sont  situ\u00e9s  :\n- al'angle  form\u00e9  par  l'avenue  du G\u00e9n\u00e9ral-Sarrail,  la rue  Raffa\u00eblli  (c\u00f4t\u00e9  impair)  et l'all\u00e9e\nCharles  Brennus  \u00e0 Paris  16\u00e8\"\u00b0  ;\n- rue  Lecomte  du No\u00fby  \u00e0 Paris  16\u00b0\";\n- \u00e0 l'angle  form\u00e9  par  la rue  du Sergent  Maginot  et la place  du G\u00e9n\u00e9ral  Stefanik  \u00e0 Paris\n167  ;\n- \u00e0 l'angle  form\u00e9  par  la rue du G\u00e9n\u00e9ral  Roques  et la place  du G\u00e9n\u00e9ral  Stefanik  \u00e0 Paris\n16\n- au n\u00b0 31 de l'avenue  du Parc  des  Princes  \u00e0 Paris  16\u00e8\"\u00b0;\n- \u00e0 l'angle  form\u00e9  par  l'avenue  de la Porte  de Saint-Cloud  et la rue  du Commandant\nGuilbaud  \u00e0 Paris  16%\";\n- rue du Parc  \u00e0 Boulogne-Billancourt  (92);\n- \u00e0 l'angle  form\u00e9  par  la rue de la Tourelle  et l'entr\u00e9e  du Jardin  Guilbaud  \u00e0 Boulogne-\nBillancourt  (92)  ;\n- a l'angle  form\u00e9  par  la place  de l'Europe  et l'entr\u00e9e  du Jardin  Guilbaud  \u00e0 Boulogne-\nBillancourt  (92)  ;\n- place  de l'Europe  a Boulogne-Billancourt  (92),  dans  sa partie  comprise  entre  la rue\nMarcel  Loyau  a Boulogne-Billancourt  (92)  et le rond-point  de la place  de l'Europe  \u00e0\nParis  16\u00b0TM\u00b0;\n- a l'angle  form\u00e9  par  la rue Joseph  Bernard  et la rue  de la Tourelle  \u00e0 Boulogne-\nBillancourt  (92);\n2024-01560\n\n- a l'angle  form\u00e9  par la rue Nungesser  et Coli  et l'avenue  de la Porte  Molitor  a Paris\n168\"  ;\n- a l'angle  de la rue Nungesser  et Coli  \u00e0 Paris  16*\"\u00b0  et de la rue Joseph  Bernard  \u00e0\nBoulogne-Billancourt  (92).\nTITRE  Il\nMESURES  DE POLICE  APPLICABLES  A L'INTERIEUR  DU PERIMETRE  DE PROTECTION\nArticle  4 - Dans  le p\u00e9rim\u00e8tre  institu\u00e9  et durant  la p\u00e9riode  mentionn\u00e9e  par l'article  1\", les\nmesures  suivantes  sont  applicables  :\n1\u00b0 Mesures  applicables  aux  usagers  de la voie  publique  :\na) Sont  interdits  :\n- Tout  rassemblement  de nature  revendicative  ;\n- Le port,  le transport  et l'utilisation  des  artifices  de divertissement,  des  articles\npyrotechniques,  des  armes  a feu,  y compris  factices,  et des  munitions,  ainsi  que  de\ntous  objets  susceptibles  de constituer  une  arme  au sens  de l'article  132-75  du code\np\u00e9nal  ou pouvant  servir  de projectile  pr\u00e9sentant  un danger  pour  la s\u00e9curit\u00e9  des\npersonnes  et des  biens;\n- L'acc\u00e8s  des  animaux  dangereux  au sens  des  articles  L. 211-11  et suivants  du code  rural\net de la p\u00eache  maritime,  en particulier  les chiens  des 1\u00b0 et 2\u00b0\"\u00b0  cat\u00e9gories  ;\nb) Les personnes  ont l'obligation,  pour  acc\u00e9der  par les points  de pr\u00e9-filtrage  et de\nfiltrage  pr\u00e9vus  \u00e0 l'article  3 ou circuler  \u00e0 l'int\u00e9rieur  du p\u00e9rim\u00e8tre,  de se soumettre,  \u00e0 la\ndemande  des  agents  autoris\u00e9s  par le pr\u00e9sent  arr\u00eat\u00e9  \u00e0 proc\u00e9der  \u00e0 ces v\u00e9rifications,  \u00e0\nl'inspection  visuelle  des  bagages  et \u00e0 leur  fouille,  ainsi  qu'\u00e0  des  palpations  de s\u00e9curit\u00e9  et,\nexclusivement  par des officiers  de police  judiciaire  et, sous  leur  responsabilit\u00e9,  par des\nagents  de police  judiciaire  et agents  de police  judiciaire  adjoints,  \u00e0 la visite  de leur\nv\u00e9hicule  ;\nc) Les personnes  qui,  pour  des raisons  professionnelles,  de r\u00e9sidence  ou familiales\ndoivent  acc\u00e9der  \u00e0 l'int\u00e9rieur  du p\u00e9rim\u00e8tre  de protection  et y circuler,  sont  invit\u00e9es  \u00e0 se\nsignaler  aupr\u00e8s  de l'autorit\u00e9  de police  sur place  afin  de pouvoir  faire  l'objet  d'une  mesure\nde filtrage  adapt\u00e9e  ;\n2\u00b0 Mesures  accordant  des  comp\u00e9tences  suppl\u00e9mentaires  aux  personnels  charg\u00e9s  de la\ns\u00e9curit\u00e9  :\n- Les officiers  de police  judiciaire  mentionn\u00e9s  aux  2\u00b0 \u00e0 4\u00b0 de l'article  16 du code  de\nproc\u00e9dure  p\u00e9nale  et, sous  leur  responsabilit\u00e9,  les agents  de police  judiciaire\nmentionn\u00e9s  \u00e0 l'article  20 du m\u00eame  code  sont  autoris\u00e9s  \u00e0 proc\u00e9der,  avec  le\nconsentement  des personnes  faisant  l'objet  de ces v\u00e9rifications,  \u00e0 des palpations  de\ns\u00e9curit\u00e9,  \u00e0 l'inspection  visuelle  des bagages  et \u00e0 leur  fouille,  ainsi  qu'\u00e0  la visite  des\nv\u00e9hicules  ;\n2024-01560\n\n- les personnes  exer\u00e7ant  l'activit\u00e9  mentionn\u00e9e  au 1\u00b0 de l'article  L. 611-1  du code  de la\ns\u00e9curit\u00e9  int\u00e9rieure  peuvent,  aux  points  de filtrage,  proc\u00e9der,  sous  l'autorit\u00e9  des\nofficiers  de police  judiciaire  et aupr\u00e8s  des  agents  de police  judiciaire  qu'ils  assistent  et\navec  le consentement  expr\u00e8s  des  personnes,  outre  \u00e0 l'inspection  visuelle  des  bagages\net \u00e0 leur  fouille,  \u00e0 des  palpations  de s\u00e9curit\u00e9.\nArticle  5 - Sans  pr\u00e9judice  des  sanctions  p\u00e9nales  auxquelles  s'exposent  les personnes  en\ninfraction  avec  les dispositions  du pr\u00e9sent  titre,  celles  qui refusent  de se soumettre  \u00e0\nl'inspection  visuelle  de leurs  bagages  \u00e0 main,  \u00e0 leur  fouille,  \u00e0 des  palpations  de s\u00e9curit\u00e9  ou\n\u00e0 la visite  de leur  v\u00e9hicule  peuvent  se voir  interdire  l'acc\u00e8s  au p\u00e9rim\u00e8tre  institu\u00e9  par\nl'article  1\u00b0 ou \u00eatre  conduites  \u00e0 l'ext\u00e9rieur  de celui-ci.\nTITRE  III\nDISPOSITIONS  FINALES\nArticle  6 - Les mesures  pr\u00e9vues  par le pr\u00e9sent  arr\u00eat\u00e9  peuvent  \u00eatre  lev\u00e9es  et r\u00e9tablies  sur\nd\u00e9cision  du repr\u00e9sentant  sur place  de l'autorit\u00e9  de police,  en fonction  de l'\u00e9volution  de la\nsituation.\nArticle  7 - Le pr\u00e9fet  des  Hauts-de-Seine,  la pr\u00e9f\u00e8te,  directrice  de cabinet,  le directeur  de\nl'ordre  public  et de la circulation,  la directrice  de la s\u00e9curit\u00e9  de proximit\u00e9  de\nl'agglom\u00e9ration  parisienne  et la secr\u00e9taire  g\u00e9n\u00e9rale  de la ville  de Paris  sont  charg\u00e9s,  chacun  en ce\nqui le concerne,  de l'ex\u00e9cution  du pr\u00e9sent  arr\u00eat\u00e9  qui sera  publi\u00e9  aux  recueils  des  actes\nadministratifs  du d\u00e9partement  de Paris  et de la pr\u00e9fecture  des Hauts-de-Seine,  consultable  sur\nle site de la pr\u00e9fecture  de police  (https://www.prefecturedepolice.interieur.gouv.fr)  et transmis\naux  procureurs  de la R\u00e9publique  pr\u00e8s  les tribunaux  judiciaires  de Paris  et de Nanterre.\nFait \u00e0 Paris, le 28 OCT, 2024\n8 Laurent  NUNEZ\n\u2014\nL Mogarr\n CHARBON\n2024-01560\n\nAnnexe  de l'arr\u00eat\u00e9  n\u00b02024-01560  ay 28 OCT. 2024\nVOIES  ET DELAIS  DE RECOURS\nSi vous  estimez  devoir  contester  le pr\u00e9sent  arr\u00e9t\u00e9,  il vous  est possible,  dans  un\nd\u00e9lai  de deux  mois  \u00e0 compter  de sa publication  au recueil  des  actes  administratifs  du\nd\u00e9partement  de Paris  :\n- soit  de saisir  d'un  RECOURS  GRACIEUX\nle Pr\u00e9fet  de Police\n719,  boulevard  du Palais  - 75195  PARIS  RP\n- ou de former  un RECOURS  HIERARCHIQUE\naupr\u00e8s  du Ministre  de l'int\u00e9rieur\nDirection  des  libert\u00e9s  publiques  et des  affaires  juridiques\nplace  Beauvau  - 75008  PARIS\n- soit  de saisir  d'un  RECOURS  CONTENTIEUX\nle Tribunal  administratif  comp\u00e9tent\nAucune  de ces voies  et recours  ne suspend  l'application  de la pr\u00e9sente  d\u00e9cision.\nLes recours  GRACIEUX  et HIERARCHIQUE  doivent  \u00eatre  \u00e9crits,  exposer  les\narguments  ou faits  nouveaux  et comprendre  la copie  de l'arr\u00eat\u00e9  contest\u00e9.\nLe recours  CONTENTIEUX,  qui vise  \u00e0 contester  la LEGALITE  de la pr\u00e9sente\nd\u00e9cision,  doit  \u00e9galement  \u00eatre  \u00e9crit  et exposer  votre  argumentation  juridique.\nSi vous  n'aviez  pas  de r\u00e9ponse  \u00e0 votre  recours  GRACIEUX  ou HIERARCHIQUE\ndans  un d\u00e9lai  de deux  mois  \u00e0 compter  de la r\u00e9ception  de votre  recours  par l'administration,\nvotre  demande  devra  \u00eatre  consid\u00e9r\u00e9e  comme  rejet\u00e9e  (d\u00e9cision  implicite  de rejet).\nEn cas de rejet  des  recours  GRACIEUX  ou HIERARCHIQUE,  le Tribunal\nadministratif  peut  \u00eatre  saisi  d'un  recours  contentieux  dans  le d\u00e9lai  de deux  mois  \u00e0 compter\nde la date  de la d\u00e9cision  de rejet.\n\ni\nBoulevard d'Auteuit\nayjounoy et aR OMSsoups SPnm =\nean PS\n2:\n$\n4\n5\na2\nRoute  de 1 Roing\n| Pl. du Docteur\nae Paul Michaux\nva\not  Ve  \u00e0 :\nPORTE\n. OC TAN= que Edousrd  Gal ; : \u00e0 e\n| EL \u00c0 ag\n% de la Porte\n\u00f9 Saint-Cloud:Ey CS\nztqi e\n|\nDone  | F\n2024-01560\n\n=PR\u00c9FECTURE  SP.\nDE POLICE  CABINET  DU PREFET\nLibert\u00e9\n\u00c9galit\u00e9\nFraternit\u00e9\nArr\u00eat\u00e9  n\u00b0 2024  = 01573\nr\u00e9glementant  temporairement  l'acquisition  et la d\u00e9tention  des  artifices  de\ndivertissement  et articles  pyrotechniques  du 31 octobre  au 1er novembre  2024  \u00e0\nParis  et dans  les d\u00e9partements  des  Hauts-de-Seine,  de la Seine-Saint-Denis  et du Val-\nde-Marne  \u00e0 l'occasion  de la f\u00eate  d'Halloween\nLe pr\u00e9fet  de police,\nVu le code  de l'environnement,  notamment  le chapitre  VII du titre  V du livre  V;\nVu code  g\u00e9n\u00e9ral  des  collectivit\u00e9s  territoriales,  notamment  ses  articles  L. 2512-13,\nL. 2512-17  et L. 2521-3  ;\nVu le code  p\u00e9nal,  notamment  ses articles  322-5  et 322-11-1;\nVu le code  de la s\u00e9curit\u00e9  int\u00e9rieure,  notamment  ses  articles  L. 122-1  et L. 122-2;\nVu le d\u00e9cret  n\u00b0 2004-374  du 29 avril  2004  modifi\u00e9  relatif  aux  pouvoirs  des  pr\u00e9fets,  a\nl'organisation  et \u00e0 l'action  des  services  de l'Etat  dans  les r\u00e9gions  et d\u00e9partements,\nnotamment  ses  article  72 et 73;\nVu le d\u00e9cret  n\u00b0 2010-580  du 31 mai  2010  modifi\u00e9  relatif  \u00e0 l'acquisition,  la d\u00e9tention  et\nl'utilisation  des  artifices  de divertissement  et des  articles  pyrotechniques  destin\u00e9s  au\nth\u00e9\u00e2tre  ;\nVu le d\u00e9cret  du 20 juillet  2022  par  lequel  M. Laurent  NUNEZ,  pr\u00e9fet,  coordonnateur\nnational  du renseignement  et de la lutte  contre  le terrorisme,  est  nomm\u00e9  pr\u00e9fet  de\npolice  (hors  classe);\nVu le d\u00e9cret  du 7 septembre  2022  par  lequel  Mme  Magali  CHARBONNEAU,  pr\u00e9f\u00e8te,\ndirectrice  de cabinet  du pr\u00e9fet  de la r\u00e9gion  d'Ile-de-France,  pr\u00e9fet  de Paris,  est\nnomm\u00e9e  pr\u00e9f\u00e8te,  directrice  de cabinet  du pr\u00e9fet  de police  ;\nVu l'arr\u00eat\u00e9  n\u00b02023-00129  du 14 f\u00e9vrier  2023  accordant  d\u00e9l\u00e9gation  de signature\npr\u00e9fectorale  au sein  du cabinet  du pr\u00e9fet  de police  ;\nConsid\u00e9rant  que,  en application  des  articles  L. 122-1  et L. 122-2  du code  de la s\u00e9curit\u00e9\nint\u00e9rieure  et 72 et 73 du d\u00e9cret  du 29 avril  2004  susvis\u00e9,  le pr\u00e9fet  de police  a la charge\nde l'ordre  public,  notamment  la pr\u00e9vention  des  atteintes  \u00e0 la s\u00e9curit\u00e9  des  personnes\net des  biens,  \u00e0 Paris  et dans  les d\u00e9partements  des  Hauts-de-Seine,  de la\nSeine-Saint-Denis  et du Val-de-Marne  ;\nConsid\u00e9rant  que  les risques  de troubles  graves  \u00e0 l'ordre  public  provoqu\u00e9s  par  la\nmultiplication  des  usages  d\u00e9tourn\u00e9s  de certains  artifices  de divertissement,\nnotamment  \u00e0 l'encontre  des  forces  de l'ordre,  des  v\u00e9hicules  et des  biens  publics,  sont\nparticuli\u00e8rement  importants  \u00e0 l'occasion  de la f\u00eate  d'Halloween  ;\n\nConsid\u00e9rant  la n\u00e9cessit\u00e9  de pr\u00e9venir  ces  d\u00e9sordres  par  des  mesures  adapt\u00e9es  et\nlimit\u00e9es  dans  le temps,  compl\u00e9tant  les restrictions  nationales  et permanentes\nd'acquisition,  de d\u00e9tention  et d'utilisation  des  artifices  de divertissement  con\u00e7us  pour\n\u00eatre  lanc\u00e9s  par  un mortier,  mais  \u00e9galement  la r\u00e9glementation  particuli\u00e8re  relative  \u00e0\nl'utilisation  des  artifices  de divertissement  et articles  pyrotechniques  applicable  \u00e0 Paris\net dans  les d\u00e9partements  des  Hauts-de-Seine,  de la Seine-Saint-Denis  et du\nVal-de-Marne  ;\nConsid\u00e9rant  que  les forces  de s\u00e9curit\u00e9  int\u00e9rieure  seront  particuli\u00e8rement  mobilis\u00e9es\nla nuit  du 31 octobre  2024,  sans  pr\u00e9judice  de leurs  suj\u00e9tions  habituelles,  pour  assurer\nla s\u00e9curisation  des  b\u00e2timents  et institutions  publiques  ; que  plusieurs  attentats  ou\ntentatives  d'attentats  r\u00e9cents  traduisent  le niveau  \u00e9lev\u00e9  de la menace  terroriste\nactuelle  en France  dans  le cadre  du plan  VIGIPIRATE  \u00ab urgence  attentat  \u00bb en vigueur\nsur l'ensemble  du territoire  national  depuis  le 24 mars  2024;\nConsid\u00e9rant  qu'il  appartient  \u00e0 l'autorit\u00e9  de police  comp\u00e9tente  de prendre  les mesures\nadapt\u00e9es,  n\u00e9cessaires  et proportionn\u00e9es  visant  \u00e0 garantir  la s\u00e9curit\u00e9  des  personnes  et\ndes  biens  et le bon  d\u00e9roulement  de la f\u00eate  d'Halloween  ; qu'une  mesure  r\u00e9glementant\ntemporairement  la cession  des  artifices  de divertissement  et des  articles\npyrotechniques  les plus  dangereux,  ainsi  que  leur  port  et transport  par  des  particuliers\n\u00e0 cette  occasion  r\u00e9pond  \u00e0 ces  objectifs  ;\nARRETE  :\nArticle  1\u00b0 - La cession,  \u00e0 titre  on\u00e9reux  ou non,  des  artifices  de divertissement  des\ncat\u00e9gories  F2 \u00e0 F4, ainsi  que  celle  des  articles  pyrotechniques  des  cat\u00e9gories  T2 et P2,\nsont  interdites  du jeudi  31 octobre  2024  \u00e0 partir  de 19h00  jusqu'au  vendredi  1\u00b0\nnovembre  2024  \u00e0 06h00.\nDurant  cette  p\u00e9riode,  le port  et le transport  par  des  particuliers  des  artifices  de\ndivertissement  des  cat\u00e9gories  F2 \u00e0 F4, ainsi  que  des  articles  pyrotechniques  des\ncat\u00e9gories  T2 et P2 sont  interdits.\nArticle  2 - Les personnes  justifiant  d'une  utilisation  des  artifices  de divertissement  et\narticles  pyrotechniques  \u00e0 des  fins  professionnelles,  titulaires  du certificat  de\nqualification  pr\u00e9vu  \u00e0 l'article  6 du d\u00e9cret  du 31 mai  2010  susvis\u00e9  ou titulaires  d'un\ncertificat  de formation  ou d'une  habilitation  pr\u00e9vus  \u00e0 l'article  R. 557-6-13  du code  de\nl'environnement  peuvent,  et \u00e0 ces  fins  exclusivement,  d\u00e9roger  aux  dispositions  du\npr\u00e9sent  arr\u00eat\u00e9.\nArticle  3. - Les dispositions  du pr\u00e9sent  arr\u00eat\u00e9  sont  applicables  \u00e0 Paris  et dans  les\nd\u00e9partements  des  Hauts-de-Seine,  de la Seine-Saint-Denis  et du Val-de-Marne.\nArticle  4 - Le pr\u00e9fet  des  Hauts-de-Seine,  la pr\u00e9f\u00e8te  d\u00e9l\u00e9gu\u00e9e  pour  l'\u00e9galit\u00e9  des  chances\naupr\u00e8s  du pr\u00e9fet  de la Seine-Saint-Denis,  la pr\u00e9f\u00e8te  d\u00e9l\u00e9gu\u00e9e  pour  l'\u00e9galit\u00e9  des\nchances  aupr\u00e8s  de la pr\u00e9f\u00e8te  du Val-de-Marne,  la directrice  de la s\u00e9curit\u00e9  de proximit\u00e9\nde l'agglom\u00e9ration  parisienne,  le directeur  de l'ordre  public  et de la circulation  et le\ndirecteur  de la police  judiciaire  sont  charg\u00e9s,  chacun  en ce qui le concerne,  de\nl'ex\u00e9cution  du pr\u00e9sent  arr\u00eat\u00e9  qui  sera  publi\u00e9  aux  recueils  des  actes  administratifs  du\nd\u00e9partement  de Paris  et des  pr\u00e9fectures  des  Hauts-de-Seine,  de la Seine-Saint-Denis\net du Val-de-Marne  et consultable  sur le site  de la pr\u00e9fecture  de police\n(https://www.prefecturedepolice.interieur.gouv.fr).  .\nLa pr\u00e9f\u00e8te,  directrice  du cabinet\nMagali  ons  \u00e0 EAU\n2024-01573  FO ts  \u00b0Fait  \u00e0 Paris,le  30 OCT, 2024\n\nAnnexe  de l'arr\u00eat\u00e9  ne 2024-04573  du 30 OCT. 2024\nVOIES  ET DELAIS  DE RECOURS\nSi vous  estimez  devoir  contester  le pr\u00e9sent  arr\u00eat\u00e9,  il vous  est possible,  dans\nun d\u00e9lai  de deux  mois  \u00e0 compter  de son  affichage  ou de la date  de sa publication  au\nrecueil  des  actes  administratifs  de la pr\u00e9fecture  de police  :\n- soit  de saisir  d'un  RECOURS  GRACIEUX\nle Pr\u00e9fet  de Police\n719,  boulevard  du Palais  - 75195  PARIS  RP\n- ou de former  un RECOURS  HIERARCHIQUE\naupr\u00e8s  du Ministre  de l'int\u00e9rieur\nDirection  des  libert\u00e9s  publiques  et des  affaires  juridiques\nplace  Beauvau  - 75008  PARIS\n- soit  de saisir  d'un  RECOURS  CONTENTIEUX\nle Tribunal  administratif  comp\u00e9tent\nAucune  de ces  voies  et recours  ne suspend  l'application  de la pr\u00e9sente\nd\u00e9cision.\nLes  recours  GRACIEUX  et HIERARCHIQUE  doivent  \u00eatre  \u00e9crits,  exposer  les\narguments  ou faits  nouveaux  et comprendre  la copie  de l'arr\u00eat\u00e9  contest\u00e9.\nLe recours  CONTENTIEUX,  qui  vise  \u00e0 contester  la LEGALITE  de la pr\u00e9sente\nd\u00e9cision,  doit  \u00e9galement  \u00eatre  \u00e9crit  et exposer  votre  argumentation  juridique.\nSi vous  n'aviez  pas  de r\u00e9ponse  \u00e0 votre  recours  GRACIEUX  ou\nHIERARCHIQUE  dans  un d\u00e9lai  de deux  mois  \u00e0 compter  de la r\u00e9ception  de votre\nrecours  par  l'administration,  votre  demande  devra  \u00eatre  consid\u00e9r\u00e9e  comme  rejet\u00e9e\n(d\u00e9cision  implicite  de rejet).\nEn cas  de rejet  des  recours  GRACIEUX  ou HIERARCHIQUE,  le Tribunal\nadministratif  peut  \u00eatre  saisi  d'un  recours  contentieux  dans  le d\u00e9lai  de deux  mois  \u00e0\ncompter  de la date  de la d\u00e9cision  de rejet.\n\nPREFECTURE  gp\nDE POLICE\nLibert\u00e9\u00c9galit\u00e9  Cabinet  du pr\u00e9fetFraternit\u00e9\nArr\u00eat\u00e9n\u00b0  2024-01574\nr\u00e9glementant  temporairement  le transport  et la distribution  de carburant  dans  des\nconteneurs  individuels  du 31 octobre  au 1\u00b0 novembre  2024  \u00e0 Paris  et dans  les\nd\u00e9partements  des  Hauts-de-Seine,  de la Seine-Saint-Denis  et du Val-de-Marne  \u00e0\nl'occasion  de la f\u00eate  d'Halloween\nLe pr\u00e9fet  de police,\nVu code  g\u00e9n\u00e9ral  des  collectivit\u00e9s  territoriales,  notamment  ses articles  L. 2512-13,\nL. 2512-17  et L. 2521-3  ;\nVu le code  p\u00e9nal,  notamment  ses articles  322-5  et 322-11-1;\nVu le code  de la s\u00e9curit\u00e9  int\u00e9rieure,  notamment  ses articles  L. 122-1  et L. 122-2;\nVu le d\u00e9cret  n\u00b0 2004-374  du 29 avril  2004  modifi\u00e9  relatif  aux  pouvoirs  des  pr\u00e9fets,  \u00e0\nl'organisation  et \u00e0 l'action  des  services  de l'Etat  dans  les r\u00e9gions  et d\u00e9partements,\nnotamment  ses  articles  72 et 73;\nVu le d\u00e9cret  du 20 juillet  2022  par  lequel  M. Laurent  NUNEZ,  pr\u00e9fet,  coordonnateur\nnational  du renseignement  et de la lutte  contre  le terrorisme,  est nomm\u00e9  pr\u00e9fet  de\npolice  (hors  classe)  ;\nVu le d\u00e9cret  du 7 septembre  2022  par  lequel  Mme  Magali  CHARBONNEAU,  pr\u00e9f\u00e8te,\ndirectrice  de cabinet  du pr\u00e9fet  de la r\u00e9gion  d'Ile-de-France,  pr\u00e9fet  de Paris,  est\nnomm\u00e9e  pr\u00e9f\u00e8te,  directrice  de cabinet  du pr\u00e9fet  de police  ;\nVu l'arr\u00eat\u00e9  n\u00b02023-00129  du 14 f\u00e9vrier  2023  accordant  d\u00e9l\u00e9gation  de signature\npr\u00e9fectorale  au sein  du cabinet  du pr\u00e9fet  de police  ;\nConsid\u00e9rant  que,  en application  des  articles  L. 122-1  et L. 122-2  du code  de la s\u00e9curit\u00e9\nint\u00e9rieure  et 72 et 73 du d\u00e9cret  du 29 avril  2004  susvis\u00e9,  le pr\u00e9fet  de police  a la charge\nde l'ordre  public,  notamment  la pr\u00e9vention  des  atteintes  \u00e0 la s\u00e9curit\u00e9  des  personnes\net des  biens,  \u00e0 Paris  et dans  les d\u00e9partements  des  Hauts-de-Seine,  de la\nSeine-Saint-Denis  et du Val-de-Marne  ;\nConsid\u00e9rant  qu'\u00e0  l'occasion  de la nuit  de la f\u00eate  d'Halloween,  des  individus  isol\u00e9s  ou\nen r\u00e9union  utilisent  chaque  ann\u00e9e  des  produits  incendiaires,  notamment  contre  les\nforces  de s\u00e9curit\u00e9  int\u00e9rieure  ; que  plusieurs  poubelles  et v\u00e9hicules  pr\u00e9sents  sur la voie\npublique  sont  incendi\u00e9s  \u00e0 cette  occasion  ;\nConsid\u00e9rant  que  les forces  de s\u00e9curit\u00e9  int\u00e9rieure  seront  particuli\u00e8rement  mobilis\u00e9es\nla nuit  du 31 octobre  2024,  sans  pr\u00e9judice  de leurs  suj\u00e9tions  habituelles,  pour  assurer\nla s\u00e9curisation  des  b\u00e2timents  et institutions  publiques  ; que  plusieurs  attentats  ou\ntentatives  d'attentats  r\u00e9cents  traduisent  le niveau  \u00e9lev\u00e9  de la menace  terroriste\nactuelle  en France  dans  le cadre  du plan  VIGIPIRATE  \u00ab urgence  attentat  \u00bb en vigueur\nsur l'ensemble  du territoire  national  depuis  le 24 mars  2024;\n\nConsid\u00e9rant  qu'il  appartient  \u00e0 l'autorit\u00e9  de police  comp\u00e9tente  de prendre  les mesures\nadapt\u00e9es,  n\u00e9cessaires  et proportionn\u00e9es  visant  \u00e0 garantir  la s\u00e9curit\u00e9  des  personnes  et\ndes  biens  et le bon  d\u00e9roulement  de la f\u00eate  d'Halloween  ; qu'une  mesure  r\u00e9glementant\ntemporairement  le transport  et la distribution  de carburant  dont  le gaz  inflammable\ndans  des  conteneurs  individuels  ainsi  que  leur  transport  \u00e0 Paris  et dans  les\nd\u00e9partements  des  Hauts-de-Seine,  de la Seine-Saint-Denis  et du Val-de-Marne  r\u00e9pond\n\u00e0 ces  objectifs  ;\nARRETE  :\nArticle.  1\u00b0 \u2014 Le transport  et la distribution  de carburant  dont  le gaz  inflammable  dans\ndes  conteneurs  individuels  ainsi  que  leur  transport  par  des  particuliers  sont  interdits\ndu jeudi  31 octobre  2024  a partir  de 19h00  jusqu'au  vendredi  1\u00b0 novembre  2024  \u00e0\n06h00.\nArticle  2 - En cas  d'urgence  et pour  r\u00e9pondre  \u00e0 un besoin  justifi\u00e9,  il peut  \u00eatre  d\u00e9rog\u00e9\naux  dispositions  de l'article  1\u00b0 du pr\u00e9sent  arr\u00eat\u00e9,  sur autorisation  des  services  de la\npolice  nationale  accord\u00e9e  lors  des  contr\u00f4les.\nArticle  3 - Les dispositions  du pr\u00e9sent  arr\u00eat\u00e9  sont  applicables  \u00e0 Paris  et dans  les\nd\u00e9partements  des  Hauts-de-Seine,  de la Seine-Saint-Denis  et du Val-de-Marne.\nArticle  4 - Le pr\u00e9fet  des  Hauts-de-Seine,  la pr\u00e9f\u00e8te  d\u00e9l\u00e9gu\u00e9e  pour  l'\u00e9galit\u00e9  des  chances\naupr\u00e8s  du pr\u00e9fet  de la Seine-Saint-Denis,  la pr\u00e9f\u00e8te  d\u00e9l\u00e9gu\u00e9e  pour  l'\u00e9galit\u00e9  des\nchances  aupr\u00e8s  de la pr\u00e9f\u00e8te  du Val-de-Marne,  la directrice  de la s\u00e9curit\u00e9  de proximit\u00e9\nde l'agglom\u00e9ration  parisienne,  le directeur  de l'ordre  public  et de la circulation  et le\ndirecteur  de la police  judiciaire  sont  charg\u00e9s,  chacun  en ce qui le concerne,  de\nl'ex\u00e9cution  du pr\u00e9sent  arr\u00eat\u00e9  qui  sera  publi\u00e9  aux  recueils  des  actes  administratifs  du\nd\u00e9partement  de Paris  et des  pr\u00e9fectures  des  Hauts-de-Seine,  de la Seine-Saint-Denis\net du Val-de-Marne  et consultable  sur le site  de la pr\u00e9fecture  de police\n(https://www.prefecturedepolice.interieur.gouv.fr).\nFait a Paris, le 30 OCT. 2024\nLa pr\u00e9f\u00e8te,  directrice  du cabinet\nMagali  CHARBONNEAU\n2024-01574\n\nAnnexe  de l'arr\u00eat\u00e9  n\u00b0 2094-04574  du 3 0 OCT. 2024\nVOIES  ET DELAIS  DE RECOURS\nSi vous  estimez  devoir  contester  le pr\u00e9sent  arr\u00eat\u00e9,  il vous  est possible,  dans\nun d\u00e9lai  de deux  mois  \u00e0 compter  de son  affichage  ou de la date  de sa publication  au\nrecueil  des  actes  administratifs  de la pr\u00e9fecture  de police  :\n- soit  de saisir  d'un  RECOURS  GRACIEUX\nle Pr\u00e9fet  de Police\n719,  boulevard  du Palais  - 75195  PARIS  RP\n- ou de former  un RECOURS  HIERARCHIQUE\naupr\u00e8s  du Ministre  de l'int\u00e9rieur\nDirection  des  libert\u00e9s  publiques  et des  affaires  juridiques\nplace  Beauvau  - 75008  PARIS\n- soit  de saisir  d'un  RECOURS  CONTENTIEUX\nle Tribunal  administratif  comp\u00e9tent\nAucune  de ces  voies  et recours  ne suspend  l'application  de la pr\u00e9sente\nd\u00e9cision.\nLes  recours  GRACIEUX  et HIERARCHIQUE  doivent  \u00eatre  \u00e9crits,  exposer  les\narguments  ou faits  nouveaux  et comprendre  la copie  de l'arr\u00eat\u00e9  contest\u00e9.\nLe recours  CONTENTIEUX,  qui  vise  \u00e0 contester  la LEGALITE  de la pr\u00e9sente\nd\u00e9cision,  doit  \u00e9galement  \u00eatre  \u00e9crit  et exposer  votre  argumentation  juridique.\nSi vous  n'aviez  pas  de r\u00e9ponse  \u00e0 votre  recours  GRACIEUX  ou\nHIERARCHIQUE  dans  un d\u00e9lai  de deux  mois  \u00e0 compter  de la r\u00e9ception  de votre\nrecours  par  l'administration,  votre  demande  devra  \u00eatre  consid\u00e9r\u00e9e  comme  rejet\u00e9e\n(d\u00e9cision  implicite  de rejet).\nEn cas  de rejet  des  recours  GRACIEUX  ou HIERARCHIQUE,  le Tribunal\nadministratif  peut  \u00eatre  saisi  d'un  recours  contentieux  dans  le d\u00e9lai  de deux  mois  \u00e0\ncompter  de la date  de la d\u00e9cision  de rejet.\n\nEu  CABINET  DU PREFET\nPREFECTURE  aP\nDE POLICE\nLibert\u00e9\n\u00c9galit\u00e9\nFraternit\u00e9\nArr\u00e9t\u00e9  n\u00b0 2024-01577\ninstituant  un p\u00e9rim\u00e8tre  de protection  et diff\u00e9rentes  mesures  de police  \u00e0 l'occasion  de la\n4\"e  journ\u00e9e  de la Ligue  des  Champions  de football  au Parc  des  Princes  le mercredi  6\nnovembre  2024\nVu le code  g\u00e9n\u00e9ral  des  collectivit\u00e9s  territoriales,  notamment  ses articles  L. 2215-1,  L. 2512-13\net L. 2512-14;\nVu le code  p\u00e9nal  ;\nVu le code  de proc\u00e9dure  p\u00e9nale  ;\nVu le code  la route,  notamment  son  article  L. 411-2;\nVu le code  rural  et de la p\u00eache  maritime,  notamment  ses articles  L. 211-11  et L. 211-12;\nVu le code  de la s\u00e9curit\u00e9  int\u00e9rieure,  notamment  ses articles  L. 122-1,  L. 122-2,  L. 226-1,\nL. 611-1  et L. 613-2  ;\nVu le d\u00e9cret  n\u00b0 2004-374  du 29 avril  2004  modifi\u00e9  relatif  aux  pouvoirs  des  pr\u00e9fets,  a\nl'organisation  et \u00e0 l'action  des  services  de l'Etat  dans  les r\u00e9gions  et d\u00e9partements,\nnotamment  ses  articles  70,  72 et 73;\nVu le d\u00e9cret  du 20 juillet  2022  par lequel  M. Laurent  NUNEZ,  pr\u00e9fet,  coordonnateur\nnational  du renseignement  et de la lutte  contre  le terrorisme,  est  nomm\u00e9  pr\u00e9fet  de police\n(hors  classe)  ;\nVu le d\u00e9cret  du 7 septembre  2022  par  lequel  Mme  Magali  CHARBONNEAU,  pr\u00e9f\u00e8te,\ndirectrice  de cabinet  du pr\u00e9fet  de la r\u00e9gion  d'Ile-de-France,  pr\u00e9fet  de Paris,  est nomm\u00e9e\npr\u00e9f\u00e8te,  directrice  de cabinet  du pr\u00e9fet  de police;\nVu l'arr\u00eat\u00e9  n\u00b02023-00129  du 14 f\u00e9vrier  2023  donnant  d\u00e9l\u00e9gation  de signature  \u00e0 Mme\nMagali  CHARBONNEAU,  pr\u00e9f\u00e8te,  directrice  de cabinet  du pr\u00e9fet  de police  ;\nConsid\u00e9rant  que,  en application  des  articles  L.122-1  et L. 122-2  du code  de s\u00e9curit\u00e9\nint\u00e9rieure  et 72 et 73 du d\u00e9cret  du 29 avril  2004  susvis\u00e9,  le pr\u00e9fet  de police  a la charge  de\nl'ordre  public,  notamment  la pr\u00e9vention  des  atteintes  \u00e0 la s\u00e9curit\u00e9  des  personnes  et des\nbiens,  dans  les d\u00e9partements  de Paris  et des  Hauts-de-Seine  ;\nConsid\u00e9rant  que,  en application  du 3\u00b0 de l'article  L. 2215-1  du code  g\u00e9n\u00e9ral  des\ncollectivit\u00e9s  territoriales,  le repr\u00e9sentant  de l'Etat  dans  le d\u00e9partement  est seul\ncomp\u00e9tent  pour  prendre  les mesures  relatives  \u00e0 l'ordre,  \u00e0 la s\u00fbret\u00e9,  \u00e0 la s\u00e9curit\u00e9  et \u00e0 la\nsalubrit\u00e9  publiques,  dont  le champ  d'application  exc\u00e8de  le territoire  d'une  commune  ;\nque,  conform\u00e9ment  \u00e0 l'article  73 du d\u00e9cret  du 29 avril  2004  susvis\u00e9,  le pr\u00e9fet  de police\nexerce  dans  le d\u00e9partement  des  Hauts-de-Seine  les attributions  d\u00e9volues  au repr\u00e9sentant\nde l'Etat  dans  le d\u00e9partement  par  l'article  L. 2215-1  ;\n1\n\ninstituer  par  arr\u00eat\u00e9  motiv\u00e9  un p\u00e9rim\u00e8tre  de protection  au sein  duquel  l'acc\u00e8s  et la\ncirculation  des  personnes  sont  r\u00e9glement\u00e9s  ; que  cet arr\u00eat\u00e9  peut  autoriser  les agents\nmentionn\u00e9s  aux  2\u00b0 \u00e0 4\u00b0 de l'article  16 du code  de proc\u00e9dure  p\u00e9nale  et, sous  la\nresponsabilit\u00e9  de ces  agents,  ceux  mentionn\u00e9s  \u00e0 l'article  20 et aux  1\u00b0, 1\u00b0bis  et 1\u00b0ter  de\nl'article  21 du m\u00eame  code  \u00e0 proc\u00e9der,  au sein  d'un  p\u00e9rim\u00e8tre  de protection,  avec  le\nconsentement  des  personnes  faisant  l'objet  de ces  v\u00e9rifications,  \u00e0 des  palpations  de\ns\u00e9curit\u00e9  ainsi  qu'\u00e0  l'inspection  visuelle  et \u00e0 la fouille  des  bagages,  ainsi  qu'\u00e0  la visite  des\nv\u00e9hicules  susceptibles  de p\u00e9n\u00e9trer  au sein  de ce p\u00e9rim\u00e8tre  ; qu'aux  termes  de l'article  73\ndu d\u00e9cret  du 29 avril  2004  susvis\u00e9,  le pr\u00e9fet  de police  exerce  dans  le d\u00e9partement  des\nHauts-de-Seine  les attributions  d\u00e9volues  au repr\u00e9sentant  de l'Etat  dans  le d\u00e9partement\npar  l'article  L. 226-1  du code  de la s\u00e9curit\u00e9  int\u00e9rieure  :\nConsid\u00e9rant  que,  en application  de l'article  L. 613-2  du code  de la s\u00e9curit\u00e9  int\u00e9rieure,  les\npersonnes  physiques  exer\u00e7ant  l'activit\u00e9  mentionn\u00e9e  au 1\u00b0 de l'article  L. 611-1  du m\u00eame\ncode  peuvent,  lorsqu'un  p\u00e9rim\u00e8tre  de protection  a \u00e9t\u00e9  institu\u00e9  en application  de l'article\nL. 226-1  du m\u00eame  code,  proc\u00e9der,  avec  le consentement  expr\u00e8s  des  personnes,  \u00e0 des\npalpations  de s\u00e9curit\u00e9  ;\nConsid\u00e9rant  que  se tiendra  le mercredi  6 novembre  2024  \u00e0 21h00  un match  de football\npour  le compte  de la 4\u00b0\" journ\u00e9e  de la Ligue  des  Champions  de football  au stade  du Parc\ndes  Princes  \u00e0 Paris  16\u00e8\",  qui  opposera  les \u00e9quipes  du Paris  Saint-Germain  et de l'Atl\u00e9tico\nde Madrid  ; qu'\u00e0  cette  occasion,  un nombre  important  de supporters  ainsi  que  des\npersonnalit\u00e9s  seront  pr\u00e9sents  aux  abords  et \u00e0 l'int\u00e9rieur  du stade  ; que  dans  le contexte\nactuel  de menace  tr\u00e8s  \u00e9lev\u00e9e,  cette  rencontre  sportive  est susceptible  de constituer  une\ncible  privil\u00e9gi\u00e9e  et symbolique  pour  des  actes  de nature  terroriste  :\nConsid\u00e9rant  que  plusieurs  attentats  ou tentatives  d'attentats  r\u00e9cents  traduisent  le niveau\n\u00e9lev\u00e9  de la menace  terroriste  actuelle  en France  dans  le cadre  du plan  VIGIPIRATE\n\u00aburgence  attentat  \u00bb en vigueur  sur  l'ensemble  du  territoire  national  depuis  le 24 mars\n2024;\nConsid\u00e9rant  qu'il  appartient  \u00e0 l'autorit\u00e9  de police  comp\u00e9tente  de prendre  les mesures\nadapt\u00e9es,  n\u00e9cessaires  et proportionn\u00e9es  visant  \u00e0 garantir  la s\u00e9curit\u00e9  des  personnes  et des\nbiens  pendant  cet  \u00e9v\u00e8nement  ; que  la mise  en place  d'un  p\u00e9rim\u00e8tre  de protection\ncomprenant  diff\u00e9rentes  mesures  de police  \u00e0 l'occasion  du match  de la Ligue  des\nChampions  entre  le Paris  Saint-Germain  et l'Atl\u00e9tico  de Madrid  au Parc  des  Princes  \u00e0 Paris\n16\u00b0\"  le mercredi  6 novembre  2024  r\u00e9pond  \u00e0 ces objectifs  ;\nARRETE  :\nTITRE  PREMIER\nINSTITUTION  D'UN  PERIMETRE  DE PROTECTION\nArticle  1\u00b0 - Du mercredi  6 novembre  2024  \u00e0 17h00  au jeudi  7 novembre  2024  \u00e0 01h00  est\ninstitu\u00e9  un p\u00e9rim\u00e8tre  de protection  au sein  duquel  l'acc\u00e8s  et la circulation  des  personnes\nsont  r\u00e9glement\u00e9s  dans  les conditions  fix\u00e9es  par  le pr\u00e9sent  arr\u00eat\u00e9.\nArticle  2 \u2014 Le p\u00e9rim\u00e8tre  de protection  institu\u00e9  par  l'article  1\u00b0 du pr\u00e9sent  arr\u00eat\u00e9  est\nd\u00e9limit\u00e9  par  les voies  suivantes  qui y sont  incluses,  sauf  mentions  contraires  :\n2024-01577\n\n- rue  Nungesser  et Coli,  dans  sa partie  comprise  entre  le rond-point  de la place  de\nl'Europe  et l'avenue  de la Porte  Molitor  \u00e0 Paris  16\u00b0\";\n- all\u00e9e  Charles  Brennus  \u00e0 Paris  16\u00e8\"\u00b0  ;\n- avenue  du G\u00e9n\u00e9ral  Sarrail,  dans  sa partie  comprise  entre  la rue  Raffa\u00e9lli  et l'all\u00e9e\nCharles  Brennus  \u00e0 Paris  16\u00e8\"\u00b0  ;\n- avenue  du G\u00e9n\u00e9ral  Sarrail,  dans  sa partie  comprise  entre  la rue  Raffa\u00e9lli  et la rue\nLecomte  du No\u00fby  \u00e0 Paris  16\u00b0\"  ;\n- rue  Lecomte  du No\u00fby  \u00e0 Paris  16\u00e8\"\u00b0;\n- rue  de l'Arioste  \u00e0 Paris  16\u00e8\"\u00b0;\n- rue  du Sergent  Maginot  \u00e0 Paris  16\u00e87\u00b0  ;\n- rue  du G\u00e9n\u00e9ral  Roques  \u00e0 Paris  16\u00e8\"\u00b0  ;\n- avenue  du Parc  des  Princes,  dans  sa partie  comprise  entre  le n\u00b0 31 de l'avenue  du\nParc  des  Princes  et l'avenue  du G\u00e9n\u00e9ral  Sarrail  \u00e0 Paris  16\u00e8\"e  ;\n- passerelle  surplombant  le p\u00e9riph\u00e9rique,  en vis-\u00e0-vis  du magasin  Carglass,  depuis\nl'avenue  du Parc  des  Princes  ;\n- rue  du Commandant  Guilbaud  \u00e0 Paris  16\u00e8\"\u00b0:\n- rue  du Parc  \u00e0 Boulogne-Billancourt  (92)  ;\n- parking  du complexe  omnisports  G\u00e9o  Andr\u00e9  \u00e0 Paris  16\u00e8\"\u00b0  ;\n- place  de l'Europe  \u00e0 Boulogne-Billancourt  (92),  dans  sa partie  comprise  entre  la rue\nMarcel  Loyau  \u00e0 Boulogne-Billancourt  (92)  et le rond-point  de la place  de l'Europe  \u00e0\nParis  16\u00e8\"\u00b0  ;\n-__ rond-point  de la place  de l'Europe  \u00e0 Paris  16\u00b0\"  ;\n- rue  Joseph-Bernard  \u00e0 Boulogne-Billancourt  (92),  dans  sa partie  comprise  entre  la rue\nde la Tourelle  \u00e0 Boulogne-Billancourt  (92)  et la rue  Nungesser  et Coli  \u00e0 Paris  16\u00b0\",\nArticle  3 - Les points  d'acc\u00e8s  au p\u00e9rim\u00e8tre,  sur lesquels  des  dispositifs  de pr\u00e9-filtrage  et de\nfiltrage  sont  mis en place,  sont  situ\u00e9s  :\n- \u00e0 l'angle  form\u00e9  par  l'avenue  du G\u00e9n\u00e9ral-Sarrail,  la rue  Raffa\u00e9lli  (c\u00f4t\u00e9  impair)  et l'all\u00e9e\nCharles  Brennus  \u00e0 Paris  16\u00e8\"\u00b0  ;\n- rue  Lecomte  du No\u00fby  \u00e0 Paris  16\u00e87\u00b0  ;\n- al'angle  form\u00e9  par  la rue  du Sergent  Maginot  et la place  du G\u00e9n\u00e9ral  Stefanik  \u00e0 Paris\n16e:\n- \u00e0 l'angle  form\u00e9  par  la rue  du G\u00e9n\u00e9ral  Roques  et la place  du G\u00e9n\u00e9ral  Stefanik  \u00e0 Paris\n16%:\n- au n\u00b0 31 de l'avenue  du Parc  des  Princes  \u00e0 Paris  16\u00e8\"\u00b0;\n- \u00e0 l'angle  form\u00e9  par  l'avenue  de la Porte  de Saint-Cloud  et la rue  du Commandant\nGuilbaud  \u00e0 Paris  16\u00b0\";\n- rue  du Parc  \u00e0 Boulogne-Billancourt  (92);\n- al'angle  form\u00e9  par  la rue  de la Tourelle  et l'entr\u00e9e  du Jardin  Guilbaud  \u00e0 Boulogne-\nBillancourt  (92);\n2024-01577  3\n\n- \u00e0 l'angle  form\u00e9  par  la place  de l'Europe  et l'entr\u00e9e  du Jardin  Guilbaud  \u00e0 Boulogne-\nBillancourt  (92);\n- place  de l'Europe  \u00e0 Boulogne-Billancourt  (92),  dans  sa partie  comprise  entre  la rue\nMarcel  Loyau  \u00e0 Boulogne-Billancourt  (92)  et le rond-point  de la place  de l'Europe  \u00e0\nParis  16\u00b0\";\n- a l'angle  form\u00e9  par  la rue  Joseph  Bernard  et la rue  de la Tourelle  \u00e0 Boulogne-\nBillancourt  (92);\n- a l'angle  form\u00e9  par  la rue  Nungesser  et Coli  et l'avenue  de la Porte  Molitor  \u00e0 Paris\n16;\n- a l'angle  de la rue  Nungesser  et Coli  \u00e0 Paris  16\u00e8\"\u00b0  et de la rue  Joseph  Bernard  \u00e0\nBoulogne-Billancourt  (92).\nTITRE  Il\nMESURES  DE POLICE  APPLICABLES  A L'INTERIEUR  DU PERIMETRE  DE PROTECTION\nArticle  4 - Dans  le p\u00e9rim\u00e8tre  institu\u00e9  et durant  la p\u00e9riode  mentionn\u00e9e  par  l'article  1\u00b0, les\nmesures  suivantes  sont  applicables  :\n1\u00b0 Mesures  applicables  aux  usagers  de la voie  publique  :\na) Sont  interdits  :\n- Tout  rassemblement  de nature  revendicative  ;\n- Le port,  le transport  et l'utilisation  des  artifices  de divertissement,  des  articles\npyrotechniques,  des  armes  \u00e0 feu,  y compris  factices,  et des  munitions,  ainsi  que  de\ntous  objets  susceptibles  de constituer  une  arme  au sens  de l'article  132-75  du code\np\u00e9nal  ou pouvant  servir  de projectile  pr\u00e9sentant  un danger  pour  la s\u00e9curit\u00e9  des\npersonnes  et des  biens;\n- L'acc\u00e8s  des  animaux  dangereux  au sens  des  articles  L. 211-11  et suivants  du code  rural\net de la p\u00eache  maritime,  en particulier  les chiens  des  1\u00e8\" et 2\u00e8me  cat\u00e9gories  ;\nb) Les personnes  ont  l'obligation,  pour  acc\u00e9der  par  les points  de pr\u00e9-filtrage  et de\nfiltrage  pr\u00e9vus  \u00e0 l'article  3 ou circuler  \u00e0 l'int\u00e9rieur  du p\u00e9rim\u00e8tre,  de se soumettre,  \u00e0 la\ndemande  des  agents  autoris\u00e9s  par  le pr\u00e9sent  arr\u00eat\u00e9  \u00e0 proc\u00e9der  \u00e0 ces  v\u00e9rifications,  \u00e0\nl'inspection  visuelle  des  bagages  et \u00e0 leur  fouille,  ainsi  qu'\u00e0  des  palpations  de s\u00e9curit\u00e9  et,\nexclusivement  par  des  officiers  de police  judiciaire  et, sous  leur  responsabilit\u00e9,  par  des\nagents  de police  judiciaire  et agents  de police  judiciaire  adjoints,  \u00e0 la visite  de leur\nv\u00e9hicule  ;\nc) Les personnes  qui,  pour  des  raisons  professionnelles,  de r\u00e9sidence  ou familiales\ndoivent  acc\u00e9der  \u00e0 l'int\u00e9rieur  du p\u00e9rim\u00e8tre  de protection  et y circuler,  sont  invit\u00e9es  \u00e0 se\nsignaler  aupr\u00e8s  de l'autorit\u00e9  de police  sur place  afin  de pouvoir  faire  l'objet  d'une  mesure\nde filtrage  adapt\u00e9e  ;\n2\u00b0 Mesures  accordant  des  comp\u00e9tences  suppl\u00e9mentaires  aux  personnels  charg\u00e9s  de la\ns\u00e9curit\u00e9  :\n2024-01577  4\n\n2\u00b0 Mesures  accordant  des  comp\u00e9tences  suppl\u00e9mentaires  aux  personnels  charg\u00e9s  de la\ns\u00e9curit\u00e9  :\n- Les  officiers  de police  judiciaire  mentionn\u00e9s  aux  2\u00b0 \u00e0 4\u00b0 de l'article  16 du code  de\nproc\u00e9dure  p\u00e9nale  et, sous  leur  responsabilit\u00e9,  les agents  de police  judiciaire\nmentionn\u00e9s  \u00e0 l'article  20 du m\u00eame  code  sont  autoris\u00e9s  \u00e0 proc\u00e9der,  avec  le\nconsentement  des  personnes  faisant  l'objet  de ces  v\u00e9rifications,  \u00e0 des  palpations  de\ns\u00e9curit\u00e9,  \u00e0 l'inspection  visuelle  des  bagages  et \u00e0 leur  fouille,  ainsi  qu'\u00e0  la visite  des\nv\u00e9hicules  ;\n- les personnes  exer\u00e7ant  l'activit\u00e9  mentionn\u00e9e  au 1\u00b0 de l'article  L. 611-1  du code  de la\ns\u00e9curit\u00e9  int\u00e9rieure  peuvent,  aux  points  de filtrage,  proc\u00e9der,  sous  l'autorit\u00e9  des\nofficiers  de police  judiciaire  et aupr\u00e8s  des  agents  de police  judiciaire  qu'ils  assistent  et\navec  le consentement  expr\u00e8s  des  personnes,  outre  \u00e0 l'inspection  visuelle  des  bagages\net \u00e0 leur  fouille,  \u00e0 des  palpations  de s\u00e9curit\u00e9.\nArticle  5 - Sans  pr\u00e9judice  des  sanctions  p\u00e9nales  auxquelles  s'exposent  les personnes  en\ninfraction  avec  les dispositions  du pr\u00e9sent  titre,  celles  qui refusent  de se soumettre  \u00e0\nl'inspection  visuelle  de leurs  bagages  \u00e0 main,  \u00e0 leur  fouille,  \u00e0 des  palpations  de s\u00e9curit\u00e9  ou\n\u00e0 la visite  de leur  v\u00e9hicule  peuvent  se voir  interdire  l'acc\u00e8s  au p\u00e9rim\u00e8tre  institu\u00e9  par\nl'article  1* ou \u00eatre  conduites  \u00e0 l'ext\u00e9rieur  de celui-ci.\nTITRE  Ill\nDISPOSITIONS  FINALES\nArticle  6 - Les mesures  pr\u00e9vues  par  le pr\u00e9sent  arr\u00e9t\u00e9  peuvent  \u00e9tre  lev\u00e9es  et r\u00e9tablies  sur\nd\u00e9cision  du repr\u00e9sentant  sur place  de l'autorit\u00e9  de police,  en fonction  de l'\u00e9volution  de la\nsituation.\nArticle  7 - Le pr\u00e9fet  des  Hauts-de-Seine,  le directeur  de l'ordre  public  et de la circulation,\nla directrice  de la s\u00e9curit\u00e9  de proximit\u00e9  de l'agglom\u00e9ration  parisienne  et la secr\u00e9taire\ng\u00e9n\u00e9rale  de la ville  de Paris  sont  charg\u00e9s,  chacun  en ce qui  le concerne,  de l'ex\u00e9cution  du\npr\u00e9sent  arr\u00eat\u00e9  qui sera  publi\u00e9  aux  recueils  des  actes  administratifs  du d\u00e9partement  de Paris  et\nde la pr\u00e9fecture  des  Hauts-de-Seine,  consultable  sur le site  de la pr\u00e9fecture  de police\n(https://www.prefecturedepolice.interieur.gouv.fr)  et transmis  aux  procureurs  de la\nR\u00e9publique  pr\u00e8s  les tribunaux  judiciaires  de Paris  et de Nanterre.\nFait \u00e0 Paris,  le 3 Q OCT. 2024\nLa pr\u00e9f\u00e8te,  directrice  du cabinet\nMagali  CHARBONNEAU\n\\\n\" \\\n/\n>\n2024-01577\n\nAnnexe  de l'arr\u00eat\u00e9n\u00b0  2024-01577  du 38 OCT. 2024\nVOIES  ET DELAIS  DE RECOURS\nSi vous  estimez  devoir  contester  le pr\u00e9sent  arr\u00e9t\u00e9,  il vous  est possible,  dans  un\nd\u00e9lai  de deux  mois  \u00e0 compter  de sa publication  au recueil  des  actes  administratifs  du\nd\u00e9partement  de Paris  :\n- soit  de saisir  d'un  RECOURS  GRACIEUX\nle Pr\u00e9fet  de Police\n719,  boulevard  du Palais  - 75195  PARIS  RP\n- ou de former  un RECOURS  HIERARCHIQUE\naupr\u00e8s  du Ministre  de l'int\u00e9rieur\nDirection  des  libert\u00e9s  publiques  et des  affaires  juridiques\nplace  Beauvau  - 75008  PARIS\n- soit  de saisir  d'un  RECOURS  CONTENTIEUX\nle Tribunal  administratif  comp\u00e9tent\nAucune  de ces  voies  et recours  ne suspend  l'application  de la pr\u00e9sente  d\u00e9cision.\nLes  recours  GRACIEUX  et HIERARCHIQUE  doivent  \u00eatre  \u00e9crits,  exposer  les\narguments  ou faits  nouveaux  et comprendre  la copie  de l'arr\u00eat\u00e9  contest\u00e9.\nLe recours  CONTENTIEUX,  qui  vise  \u00e0 contester  la LEGALITE  de la pr\u00e9sente\nd\u00e9cision,  doit  \u00e9galement  \u00eatre  \u00e9crit  et exposer  votre  argumentation  juridique.\nSi vous  n'aviez  pas  de r\u00e9ponse  \u00e0 votre  recours  GRACIEUX  ou HIERARCHIQUE\ndans  un d\u00e9lai  de deux  mois  \u00e0 compter  de la r\u00e9ception  de votre  recours  par  l'administration,\nvotre  demande  devra  \u00eatre  consid\u00e9r\u00e9e  comme  rejet\u00e9e  (d\u00e9cision  implicite  de rejet).\nEn cas  de rejet  des  recours  GRACIEUX  ou HIERARCHIQUE,  le Tribunal\nadministratif  peut  \u00eatre  saisi  d'un  recours  contentieux  dans  le d\u00e9lai  de deux  mois  \u00e0 compter\nde la date  de la d\u00e9cision  de rejet.\n\nPARC  DES  PRINCES\n\nPREFECTURE  aP CABINET  DU PREFET\nDE POLICE\nLibert\u00e9\n\u00c9galit\u00e9\nFraternit\u00e9\nArr\u00eat\u00e9  n\u00b0 2024-01578\nautorisant  la captation,  l'enregistrement  et la transmission  d'images  au moyen\nde cam\u00e9ras  install\u00e9es  sur des  a\u00e9ronefs  police  \u00e0 l'occasion  de la 4*\"*  journ\u00e9e  de la Ligue  des\nChampions  de football  au Parc  des  Princes  le mercredi  6 novembre  2024\nLe pr\u00e9fet  de police,\nVu le code  de la s\u00e9curit\u00e9  int\u00e9rieure,  notamment  ses articles  L. 242-1  \u00e0 L. 242-8  et R. 242-8  \u00e0\nR. 242-15;\nVu le d\u00e9cret  n\u00b0 2004-374  du 29 avril  2004  modifi\u00e9  relatif  aux  pouvoirs  des  pr\u00e9fets,  \u00e0\nl'organisation  et \u00e0 l'action  des  services  de l'Etat  dans  les r\u00e9gions  et d\u00e9partements,  notamment\nses articles  70, 72 et 73;\nVu l'arr\u00eat\u00e9  du 19 avril  2023  relatif  au nombre  maximal  de cam\u00e9ras  install\u00e9es  sur des  a\u00e9ronefs\npouvant  \u00eatre  simultan\u00e9ment  utilis\u00e9es  dans  chaque  d\u00e9partement  et collectivit\u00e9  d'outre-mer  ;\nVu l'instruction  minist\u00e9rielle  NOR  1OMD2311883)  du 30 avril  2023  relative  \u00e0 la proc\u00e9dure\nd'autorisation  des  cam\u00e9ras  install\u00e9es  sur des  a\u00e9ronefs  pour  des  missions  de police\nadministrative  ;\nVu le d\u00e9cret  du 20 juillet  2022  par lequel  M. Laurent  NUNEZ,  pr\u00e9fet,  coordonnateur  national\ndu renseignement  et de la lutte  contre  le terrorisme,  est nomm\u00e9  pr\u00e9fet  de police  (hors  classe)  ;\nVu le d\u00e9cret  du 7 septembre  2022  par  lequel  Mme  Magali  CHARBONNEAU,  pr\u00e9f\u00e8te,  directrice\nde cabinet  du pr\u00e9fet  de la r\u00e9gion  d'Ile-de-France,  pr\u00e9fet  de Paris,  est nomm\u00e9e  pr\u00e9f\u00e8te,\ndirectrice  de cabinet  du pr\u00e9fet  de police;\nVu l'arr\u00eat\u00e9  n\u00b02023-00129  du 14 f\u00e9vrier  2023  donnant  d\u00e9l\u00e9gation  de signature  \u00e0 Mme  Magali\nCHARBONNEAU,  pr\u00e9f\u00e8te,  directrice  de cabinet  du pr\u00e9fet  de police;\nVu la demande  en date  du 23 octobre  2024  form\u00e9e  par  la direction  de l'ordre  public  et de la\ncirculation  visant  \u00e0 obtenir  l'autorisation  de capter,  d'enregistrer  et de transmettre  des  images\nau moyen  de deux  cam\u00e9ras  install\u00e9es  sur des  a\u00e9ronefs  t\u00e9l\u00e9-pilot\u00e9s  afin  d'assurer  la pr\u00e9vention\ndes  atteintes  \u00e0 la s\u00e9curit\u00e9  des  personnes  et des  biens,  la s\u00e9curit\u00e9  des  rassemblements,  la\npr\u00e9vention  d'actes  de terrorisme  ainsi  que  la r\u00e9gulation  des  flux  de transport  \u00e0 l'occasion  de\nla 4\"  journ\u00e9e  de la Ligue  des  Champions  de football  au Parc  des  Princes  le mercredi  6\nnovembre  2024;\nConsid\u00e9rant  que  les dispositions  du | de l'article  L. 242-5  du code  de la s\u00e9curit\u00e9  int\u00e9rieure\npermettent  aux  forces  de s\u00e9curit\u00e9  int\u00e9rieure,  dans  l'exercice  de leurs  missions  de pr\u00e9vention\ndes  atteintes  \u00e0 l'ordre  public  et de protection  de la s\u00e9curit\u00e9  des  personnes  et des  biens,  de\nproc\u00e9der  \u00e0 la captation,  \u00e0 l'enregistrement  et \u00e0 la transmission  d'images  au moyen  de cam\u00e9ras\ninstall\u00e9es  sur des  a\u00e9ronefs  aux  fins  d'assurer  la pr\u00e9vention  des  atteintes  \u00e0 la s\u00e9curit\u00e9  des\npersonnes  et des  biens  dans  des  lieux  particuli\u00e8rement  expos\u00e9s,  la s\u00e9curit\u00e9  des\n\nrassemblements  de personnes  sur la voie  publique  ainsi  que  l'appui  des  personnels  au sol,  en\nvue  de leur  permettre  de maintenir  ou de r\u00e9tablir  l'ordre  public  lorsque  ces  rassemblements\nsont  susceptibles  d'entra\u00eener  des  troubles  graves  \u00e0 l'ordre  public,  la pr\u00e9vention  d'actes  de\nterrorisme  et la r\u00e9gulation  des  flux  de transports  ;\nConsid\u00e9rant  que  se tiendra  le mercredi  6 novembre  2024  \u00e0 21h00  un match  de football  pour\nle compte  de la 4\u00b0\"*  journ\u00e9e  de la Ligue  des  Champions  de football  au stade  du Parc  des  Princes\n\u00e0 Paris  16\u00b0\"\u00b0,  qui opposera  les \u00e9quipes  du Paris  Saint-Germain  et de l'Atl\u00e9tico  de Madrid  ; qu'\u00e0\ncette  occasion,  Un nombre  important  de supporters  ainsi  que  des  personnalit\u00e9s  seront\npr\u00e9sents  aux  abords  et \u00e0 l'int\u00e9rieur  du stade;  que  dans  le contexte  actuel  de menace  tr\u00e8s\n\u00e9lev\u00e9e,  cette  rencontre  sportive  est susceptible  de constituer  une  cible  privil\u00e9gi\u00e9e  et\nsymbolique  pour  des  actes  de nature  terroriste  ;\nConsid\u00e9rant  \u00e9galement  que  plusieurs  attentats  ou tentatives  d'attentats  r\u00e9cents  traduisent  le\nniveau  \u00e9lev\u00e9  de la menace  terroriste  actuelle  en France,  dans  le cadre  du plan  VIGIPIRATE\n\u00ab urgence  attentat  \u00bb en vigueur  sur  l'ensemble  du territoire  national;\nConsid\u00e9rant,  en outre,  qu'au-dela  de la seule  s\u00e9curisation  du match  qui fait  l'objet  de mesures\nde police  sur le fondement  de l'article  L. 226-1  du code  de la s\u00e9curit\u00e9  int\u00e9rieure  et pour  lequel\nun service  d'ordre  est mis  en place  par  la direction  de l'ordre  public  et de la circulation,  il est\nn\u00e9cessaire  de disposer  d'un  moyen  de surveillance  permettant  de s\u00e9curiser  la voie  publique\nen amont  et en aval  de cet  \u00e9v\u00e8nement  pour  pr\u00e9venir  ou mettre  fin \u00e0 d'\u00e9ventuelles  rixes  entre\nspectateurs  et personnes  \u00e0 l'ext\u00e9rieur  du Parc  des  Princes  ou \u00e0 des  atteintes  \u00e0 la s\u00e9curit\u00e9  des\npersonnes  et des  biens,  se pr\u00e9munir  contre  d'\u00e9ventuels  actes  terroristes  et r\u00e9guler  les flux  de\ntransport  autour  de l'enceinte  ;\nConsid\u00e9rant  que  la demande  de la direction  de l'ordre  public  et de la circulation  porte  sur\nl'engagement  de deux  cam\u00e9ras  a\u00e9roport\u00e9es  qui pourront  \u00eatre  en vol simultan\u00e9ment  en vue  de\ncapter,  d'enregistrer  et de transmettre  des  images;  que  les aires  survol\u00e9es  sont  strictement\nlimit\u00e9es  aux  zones  o\u00f9 seront  mises  en ceuvre  les finalit\u00e9s  susvis\u00e9es;  que  la dur\u00e9e  de\nl'autorisation  demand\u00e9e  n'appara\u00eet  pas  disproportionn\u00e9e  au regard  de ces m\u00eames  finalit\u00e9s  ;\nConsid\u00e9rant  que  le recours  \u00e0 des  cam\u00e9ras  a\u00e9roport\u00e9es  permet  de disposer  d'une  vision  en\ngrand  angle  tout  en limitant  l'engagement  des  forces  au sol;  qu'il  n'existe  pas  de dispositif\nmoins  intrusif  permettant  de parvenir  aux  m\u00eames  fins  ;\nSur  proposition  du directeur  de l'ordre  public  et de la circulation,\nARRETE  :\nArticle  1\u00b0 - La captation,  l'enregistrement  et la transmission  d'images  par  la direction  de\nl'ordre  public  et de la circulation  sont  autoris\u00e9s  \u00e0 l'occasion  du match  de football  susvis\u00e9  aux\ntitres  de:\n- la pr\u00e9vention  des  atteintes  \u00e0 la s\u00e9curit\u00e9  des  personnes  et des  biens  ;\n- la s\u00e9curit\u00e9  des  rassemblements;\n- la pr\u00e9vention  d'actes  de terrorisme  ;\n- la r\u00e9gulation  des  flux  de transport.\n2024-01578\n\nArticle  2 - Le nombre  maximal  de cam\u00e9ras  pouvant  proc\u00e9der  simultan\u00e9ment  a des\nenregistrements  est  fix\u00e9  \u00e0 2 cam\u00e9ras  embarqu\u00e9es  sur  des  a\u00e9ronefs  t\u00e9l\u00e9-pilot\u00e9s.\nArticle  3 - La pr\u00e9sente  autorisation  s'applique  au p\u00e9rim\u00e8tre  g\u00e9ographique  figurant  sur le plan\nen annexe  au pr\u00e9sent  arr\u00eat\u00e9.\nArticle  4 - La pr\u00e9sente  autorisation  est d\u00e9livr\u00e9e  du mercredi  6 novembre  2024  \u00e0 17h00  au jeudi\n7 novembre  2024  \u00e0 01h00  pour  l'ensemble  des  finalit\u00e9s  pr\u00e9cit\u00e9es.\nArticle  5 - L'information  du public  est assur\u00e9e  par  la publication  du pr\u00e9sent  arr\u00eat\u00e9  aux  recueils\ndes  actes  administratifs  mentionn\u00e9s  \u00e0 l'article  7, sa mise  en ligne  sur le site  internet  de la\npr\u00e9fecture  de police  ainsi  que  par  une  information  sur les r\u00e9seaux  sociaux.\nArticle  6 - Le registre  mentionn\u00e9  \u00e0 l'article  L. 242-4  du code  de la s\u00e9curit\u00e9  int\u00e9rieure  est\ntransmis  au pr\u00e9fet  de police,  \u00e0 l'issue  de la p\u00e9riode  d'autorisation.\nArticle  7 - Le pr\u00e9fet  des  Hauts-de-Seine  et le directeur  de l'ordre  public  et de la circulation\nsont  charg\u00e9s,  chacun  en ce qui  le concerne,  de l'ex\u00e9cution  du pr\u00e9sent  arr\u00eat\u00e9  qui  sera  publi\u00e9\naux  recueils  des  actes  administratifs  du d\u00e9partement  de Paris  et de la pr\u00e9fecture  des  Hauts-\nde-Seine  et consultable  sur le site  internet  de la pr\u00e9fecture  de police\n(https://www.prefecturedepolice.interieur.gouv.fr).\n3 0 OCT. 2024Fait  a Paris,  le\nLa pr\u00e9f\u00e8te,  directrice  du cabinet\nMagali  CHARBONNEAU\n\u2014\n(4\n\"x\n2024-01578  3\n\nAnnexe  de l'arr\u00eat\u00e9  n\u00b0 2024-0157  8 du 3.0 OCT. 2024\nVOIES  ET DELAIS  DE RECOURS\nSi vous  estimez  devoir  contester  la pr\u00e9sente  autorisation,  il vous  est possible,  dans  un d\u00e9lai  de\ndeux  mois  \u00e0 compter  de la date  de son  affichage  ou de sa publication  :\n- soit  de saisir  d'un  RECOURS  GRACIEUX\nle Pr\u00e9fet  de Police\n719,  boulevard  du Palais  - 75195  PARIS  RP\n- ou de former  un RECOURS  HIERARCHIQUE\naupr\u00e8s  du Ministre  de l'int\u00e9rieur  et des  outre-mer\nDirection  des  libert\u00e9s  publiques  et des  affaires  juridiques\nplace  Beauvau  - 75008  PARIS\n- soit  de saisir  d'un  RECOURS  CONTENTIEUX\nle Tribunal  administratif  comp\u00e9tent\nAucune  de ces  voies  et recours  ne suspend  l'application  de la pr\u00e9sente  d\u00e9cision.\nLes  recours  GRACIEUX  et HIERARCHIQUE  doivent  \u00eatre  \u00e9crits,  exposer  les arguments\nou faits  nouveaux  et comprendre  la copie  de la d\u00e9cision  contest\u00e9e.\nLe recours  contentieux,  qui  vise  \u00e0 contester  la LEGALITE  de la pr\u00e9sente  d\u00e9cision,  doit\n\u00e9galement  \u00eatre  \u00e9crit  et exposer  votre  argumentation  juridique.\nSi vous  n'aviez  pas  de r\u00e9ponse  \u00e0 votre  recours  GRACIEUX  ou HIERARCHIQUE  dans  un\nd\u00e9lai  de deux  mois  \u00e0 compter  de la r\u00e9ception  de votre  recours  par  l'administration,\nvotre  demande  devra  \u00eatre  consid\u00e9r\u00e9e  comme  rejet\u00e9e  (d\u00e9cision  implicite  de rejet).\nEn cas  de rejet  des  RECOURS  GRACIEUX  ou HIERARCHIQUE,  le Tribunal  administratif\npeut  \u00eatre  saisi  d'un  recours  contentieux  dans  le d\u00e9lai  de deux  mois  \u00e0 compter  de la\ndate  de la d\u00e9cision  de rejet.\n\n2024-01578\n'uy\nuo\n= suc\niscuone  \u00a9\n# 0\u20ac\n\"\n\nEX  Ex  EuPREFECTUI  RE PREFET  PREFETE\nDE  DES  YVELINES  DE  L'OISE\"Egalit\u00e9  Libert\u00e9  Libert\u00e9Fraternit\u00e9  \u00c9galit\u00e9  \u00c9galit\u00e9\nFraternit\u00e9  Fraternit\u00e9\n....  2024-01582\nArr\u00eat\u00e9  n\nportant  encadrement  du d\u00e9placement  de supporters  et instaurant  un p\u00e9rim\u00e8tre\ncomportant  certaines  mesures  de police  \u00e0 l'occasion  de la rencontre  de football  de\nLigue  1 du samedi  2 novembre  2024  entre  les \u00e9quipes  du Paris  Saint-Germain  et du Racing\nClub  de Lens  au Parc  des  Princes\nLe pr\u00e9fet  de police,  le pr\u00e9fet  des  Yvelines,  la pr\u00e9f\u00e8te  de l'Oise,\nVu le code  g\u00e9n\u00e9ral  des  collectivit\u00e9s  territoriales,  notamment  son  article  L. 2512-13  ;\nVu le code  p\u00e9nal  ;\nVu le code  de proc\u00e9dure  p\u00e9nale  ;\nVu le code  du sport,  notamment  son  article  L. 332-16-2  ;\nVu le code  de la s\u00e9curit\u00e9  int\u00e9rieure,  notamment  ses articles  L.122-1  et L. 122-2  ;\nVu le d\u00e9cret  n\u00b0 2004-374  du 29 avril  2004  modifi\u00e9  relatif  aux  pouvoirs  des  pr\u00e9fets,  \u00e0\nl'organisation  et \u00e0 l'action  des  services  de l'Etat  dans  les r\u00e9gions  et d\u00e9partements,\nnotamment  ses articles  72 et 73;\nVu la circulaire  du ministre  de l'Int\u00e9rieur  INTK2127556]  du 10 septembre  2021,  compl\u00e9t\u00e9e\npar  la circulaire  INTK2133195)  du 31 d\u00e9cembre  2021  relatives  aux  mesures  de police\nadministrative  pour  lutter  contre  la violence  dans  les stades  ;\nVu la circulaire  du ministre  de l'Int\u00e9rieur  INTD2205085)  du 25 avril  2022  relatives  aux\nrencontres  sportives  \u00e0 risques  et interdictions  de d\u00e9placement  de supporters  ;\nVu le d\u00e9cret  du 20 juillet  2022  par lequel  M. Laurent  NUNEZ,  pr\u00e9fet,  coordonnateur  national\ndu renseignement  et de la lutte  contre  le terrorisme,  est nomm\u00e9  pr\u00e9fet  de police  (hors\nclasse)  ;\nVu le d\u00e9cret  du 7 septembre  2022  par  lequel  Mme  Magali  CHARBONNEAU,  pr\u00e9f\u00e8te,\ndirectrice  de cabinet  du pr\u00e9fet  de la r\u00e9gion  d'Ile-de-France,  pr\u00e9fet  de Paris,  est nomm\u00e9e\npr\u00e9f\u00e8te,  directrice  de cabinet  du pr\u00e9fet  de police  ;\nVu le d\u00e9cret  du 11 janvier  2023  par lequel  Mme  Catherine  S\u00c9GUIN,  pr\u00e9f\u00e8te,  est nomm\u00e9e\npr\u00e9f\u00e8te  de l'Oise;\nVu le d\u00e9cret  du 7 f\u00e9vrier  2024  par  lequel  M. Fr\u00e9d\u00e9ric  ROSE,  administrateur  de l'Etat  du grade\ntransitoire,  est nomm\u00e9  pr\u00e9fet  des  Yvelines  ;\nVu l'arr\u00eat\u00e9  n\u00b02023-00129  du 14 f\u00e9vrier  2023  donnant  d\u00e9l\u00e9gation  de signature  \u00e0 Mme  Magali\nCHARBONNEAU,  pr\u00e9f\u00e8te,  directrice  de cabinet  du pr\u00e9fet  de police  ;\n\nConsid\u00e9rant  que,  en application  des  articles  L. 122-1  et L. 122-2  du code  de la s\u00e9curit\u00e9\nint\u00e9rieure  et 72 et 73 du d\u00e9cret  du 29 avril  2004  susvis\u00e9,  le pr\u00e9fet  de police  a la charge  de\nl'ordre  public,  notamment  la pr\u00e9vention  des  atteintes  \u00e0 la s\u00e9curit\u00e9  des  personnes  et des\nbiens,  \u00e0 Paris  et dans  le d\u00e9partement  des  Hauts-de-Seine  ;\nConsid\u00e9rant  que,  en application  de l'article  L. 332-16-2  du code  du sport,  le repr\u00e9sentant\nde l'Etat  dans  le d\u00e9partement  ou, \u00e0 Paris,  le pr\u00e9fet  de police  peut,  par  arr\u00eat\u00e9,  restreindre  la\nlibert\u00e9  d'aller  et de venir  des  personnes  se pr\u00e9valant  de la qualit\u00e9  de supporter  d'une  \u00e9quipe\nou se comportant  comme  tel sur les lieux  d'une  manifestation  sportive  et dont  la pr\u00e9sence\nest susceptible  d'occasionner  des  troubles  graves  \u00e0 l'ordre  public;  que  le fait  pour  les\npersonnes  concern\u00e9es  de ne pas  se conformer  \u00e0 l'arr\u00eat\u00e9  pris  en application  des  deux\npremiers  alin\u00e9as  est puni  de six mois  d'emprisonnement  et d'une  amende  de 30 000\u20ac,  en\napplication  du m\u00eame  article  ;\nConsid\u00e9rant  que  se tiendra  le samedi  2 novembre  2024  \u00e0 17h00  un match  de football  pour\nle compte  de la 10\u00b0\"  journ\u00e9e  du championnat  de football  de Ligue  1 au stade  du Parc  des\nPrinces  \u00e0 Paris  16\u00e8me,  qui  opposera  les \u00e9quipes  du Paris  Saint-Germain  (PSG)  et du Racing\nClub  de Lens  (RC  Lens)  ; qu'il  existe  des  risques  de troubles  \u00e0 l'ordre  public  entre  les soutiens\ndes  deux  \u00e9quipes  du fait  du comportement  violent  de certains  supporters  ou d'individus  se\npr\u00e9valant  de la qualit\u00e9  de supporter,  tant  par  des  rixes  ou invectives  entre  supporters  que\npar  des  violences  contre  les forces  de l'ordre  ou par  des  jets  de divers  projectiles,  p\u00e9tards\nou fumig\u00e8nes  ; qu'il  existe  un contentieux  historique  entre  les supporters  des  deux  clubs\ndepuis  le d\u00e9ploiement  le 29 mars  2008,  au Stade  de France,  d'une  banderole  injurieuse  \u00e0\nl'\u00e9gard  des  habitants  du nord  de la France  ; que  cet  antagonisme  s'est  traduit  par  des  rixes\net provocations  entre  les supporters  des  deux  \u00e9quipes  ; qu'il  en fut notamment  ainsi  le 21\nmai  2019  \u00e0 Paris,  en marge  de la rencontre  entre  le Paris  Football  Club  et le Racing  Club  de\nLens,  o\u00f9 une  cinquantaine  de supporters  du PSG  ont  commis  des  vols  avec  violence  sur des\nsupporters  lensois  isol\u00e9s  ; qu'il  en fut \u00e9galement  ainsi  la veille  de la rencontre  \u00e0 huis  clos  du\n1* mai  2021  entre  le RC Lens  et le PSG  o\u00f9 des  supporters  parisiens  ont  d\u00e9grad\u00e9  le bus  de\nl'\u00e9quipe  du RC Lens  par  l'inscription  de propos  haineux  \u00e0 l'\u00e9gard  des  supporters  lensois  ;\nque  le jour  de la rencontre,  les supporters  lensois  ont  r\u00e9pondu  \u00e0 cette  provocation  en\naffichant  sur les grilles  du stade  Bollaert  de Lens  une  banderole  contenant  des  propos\ninjurieux  \u00e0 l'\u00e9gard  des  supporters  parisiens  ; qu'il  en a \u00e9t\u00e9  ainsi  le 15 ao\u00fbt  2021  \u00e0 Lens,  en\nmarge  de la rencontre  entre  le RC Lens  et I'ASSE  Saint-Etienne  o\u00f9 une  rixe  a \u00e9clat\u00e9  entre\nsupporters  lensois  et parisiens  ; que  des  affrontements  ont  \u00e9galement  eu lieu  entre  les\nsupporters  des  deux  clubs  dans  le d\u00e9partement  de l'Essonne,  le 7 janvier  2023,  en marge\nd'un  match  de coupe  de France  ; qu'enfin,  le 23 janvier  2023,  en marge  de la rencontre  entre\nle Pays  de Cassel  et le Paris  Saint-Germain,  les membres  du groupe  Youth  Lens,  supporters\nultras  du Racing  Club  de Lens,  ont  attaqu\u00e9  les ultras  parisiens  de l'association  Block  Parisii,\nsur le trajet  les menant  au stade  Bollaert-Delelis  \u00e0 Lens  ; qu'ainsi,  la rencontre  pr\u00e9vue  ce 2\nnovembre  entre  les supporters  ultras  de ces  deux  clubs  pourrait  \u00eatre  de nature  \u00e0 causer  des\ntroubles  \u00e0 l'ordre  public  ;\nConsid\u00e9rant  que  les supporters  class\u00e9s  \u00e0 risque  pourraient  faire  usage  d'engins\npyrotechniques  et d\u00e9tonants;  que  l'usage  d'engins  pyrotechniques  et d\u00e9tonants  est\nconstitutif  d'un  d\u00e9lit  puni  de trois  ans  d'emprisonnement  et de 15 000  euros  d'amende  en\napplication  de l'article  L. 332-8  du code  du sport  ;\nConsid\u00e9rant,  par  ailleurs,  que  les forces  de s\u00e9curit\u00e9  int\u00e9rieure  seront  particuli\u00e8rement\nmobilis\u00e9es  le samedi  2 novembre  2024  \u00e0 Paris  et en Ile-de-France,  sans  pr\u00e9judice  de leurs\nsuj\u00e9tions  habituelles,  dans  le cadre  de la s\u00e9curisation  de manifestations  et \u00e9v\u00e8nements  sur\nla voie  publique  ; que  les forces  de s\u00e9curit\u00e9  int\u00e9rieure  se doivent  en outre  de garantir  la\nprotection  des  personnes  et des  biens  dont  celle  des  sites  institutionnels  ou\ngouvernementaux  sensibles  contre  les risques  d'attentat  dans  un contexte  de menace\nterroriste  aigu\u00eb  ayant  conduit  au rel\u00e8vement  du plan  VIGIPIRATE  \u00ab urgence  attentat  \u00bb\ndepuis  le 24 mars  2024  sur l'ensemble  du territoire  national  ;\n2024-01582  2\n\nConsid\u00e9rant  que,  dans  ces conditions,  \u00e0 l'occasion  du match  de football  le samedi  2\nnovembre  2024  entre  les \u00e9quipes  du Paris  Saint-Germain  et du Racing  Club  de Lens,  un\nencadrement  du d\u00e9placement  des  supporters  lensois  en application  de l'article  L. 332-16-2\npr\u00e9cit\u00e9  du code  du sport,  limitant  leur  nombre  et prescrivant  des  modalit\u00e9s\nd'acheminement  de ceux-ci  depuis  les p\u00e9ages  de Chamant-Senlis  (60)  et de Saint-Arnoult\n(78)  jusqu'au  parcage  visiteurs  du Parc  des  Princes  et de reconduite  \u00e0 l'issue  du match,  sous\nl'\u00e9gide  des  forces  de l'ordre,  est de nature,  sans  porter  une  atteinte  excessive  \u00e0 la libert\u00e9\nd'aller  et venir,  \u00e0 pr\u00e9venir  les atteintes  \u00e0 la s\u00e9curit\u00e9  des  personnes  et des  biens  et la\nsurvenance  de troubles  graves  \u00e0 l'ordre  public  ; que  la mise  en \u0153uvre  de certaines  mesures\nd'interdiction  dans  un p\u00e9rim\u00e8tre  et \u00e0 des  horaires  d\u00e9finis,  notamment  l'introduction,  la\nd\u00e9tention  et le transport  de tous  objets  susceptibles  de constituer  une  arme  ou pouvant\nservir  de projectile  pr\u00e9sentant  un danger  pour  la s\u00e9curit\u00e9  des  personnes  et des  biens\npoursuit  la m\u00eame  finalit\u00e9  de sauvegarde  de l'ordre  public  ;\nARRETENT\nArticle  1\u00b0  - Le samedi  2 novembre  2024,  \u00e0 l'occasion  de la rencontre  de football  de Ligue  1\nentre  les \u00e9quipes  du Paris  Saint-Germain  (PSG)  et du Racing  Club  de Lens  (RC  Lens),  la\ntribune  \u00ab visiteurs  \u00bb du Parc  des  Princes  ne peut  accueillir  plus  de 1000  supporters  du RC\nLens.  L'acheminement  des  supporters  du RC Lens  s'effectuera  selon  les modalit\u00e9s\nsuivantes  :\n- leur  acheminement  se fera  exclusivement  par  un moyen  de transport  collectif;  les\nimmatriculations  des  v\u00e9hicules  sont  communiqu\u00e9es  \u00e0 la direction  de l'ordre  public  et de la\ncirculation  par  le RC Lens;\n- les supporters  du RC Lens  devront  \u00eatre  d\u00e9tenteurs  d'un  billet  ou d'une  contremarque\npr\u00e9alablement  achet\u00e9  aupr\u00e8s  du RC Lens;\n- un point  de rendez-vous  obligatoire  est fix\u00e9  le samedi  2 novembre  2024  \u00e0 14h00  sur\nl'autoroute  A1 au niveau  du p\u00e9age  de Chamant-Senlis  (60)  et sur l'autoroute  A10  au niveau\ndu p\u00e9age  de Saint-Arnoult  (78),  dans  le sens  province-Paris  ;\n- les supporters  du RC Lens  seront  escort\u00e9s  par  les forces  de l'ordre  depuis  les p\u00e9ages  de\nChamant-Senlis  et de Saint-Arnoult  jusqu'au  parking  visiteurs  du Parc  des  Princes  selon  un\nitin\u00e9raire  pr\u00e9d\u00e9termin\u00e9  ;\n- \u00e0 la fin de la rencontre,  ces supporters  devront  rejoindre  leur  moyen  de transport\ninitialement  utilis\u00e9  pour  \u00eatre  dirig\u00e9s  par  les forces  de l'ordre  jusqu'\u00e0  la sortie  de la capitale.\nCes  mesures  d'acheminement  ne concernent  pas les supporters  du RC Lens  qui r\u00e9sident  en\nr\u00e9gion  parisienne  et gagneront  le parcage  visiteurs  du Parc  des  Princes  par  leurs  propres\nmoyens.\nArticle  2: Le samedi  2 novembre  2024  de 08h00  \u00e0 22h00  est institu\u00e9  un p\u00e9rim\u00e8tre\ncomportant  certaines  mesures  de police,  au sein  duquel  la pr\u00e9sence  sur la voie  publique  de\npersonnes  se pr\u00e9valant  de la qualit\u00e9  de supporter  du RC Lens  ou se comportant  comme  tel\nest interdite,  \u00e0 l'exception  des  1000  autoris\u00e9s  dans  le parcage  visiteurs.  Ce p\u00e9rim\u00e8tre  est\nd\u00e9limit\u00e9  selon  la cartographie  figurant  en annexe.\nArticle  3 : Dans  le p\u00e9rim\u00e8tre  institu\u00e9  et aux  horaires  mentionn\u00e9s  par  l'article  2, sont  interdits\nsur la voie  publique  l'introduction,  la d\u00e9tention  et le transport  de tous  objets  susceptibles\nde constituer  une  arme  au sens  de l'article  132-75  du code  p\u00e9nal  ou pouvant  servir  de\nprojectile  pr\u00e9sentant  un danger  pour  la s\u00e9curit\u00e9  des  personnes  et des  biens,  en particulier\nles engins  pyrotechniques  et d\u00e9tonants  et les bouteilles  en verre,  ainsi  que  l'introduction,  la\nd\u00e9tention  et le transport  de boissons  alcoolique  et leur  consommation  sur la voie  publique.\n2024-01582  3\n\nLes mesures  pr\u00e9vues  \u00e0 l'alin\u00e9a  pr\u00e9c\u00e9dent  ne s'appliquent  pas  aux  r\u00e9sidents,  qui pourront\njustifier  de cette  qualit\u00e9  par  tous  moyens,  ainsi  que  dans  les parties  du p\u00e9rim\u00e8tre\nr\u00e9guli\u00e8rement  occup\u00e9es  par  des  restaurants  et d\u00e9bits  de boissons  titulaires  des\nautorisations  n\u00e9cessaires.\nArticle  4 - La pr\u00e9f\u00e8te  de l'Oise,  le pr\u00e9fet  des  Yvelines,  le pr\u00e9fet  des  Hauts-de-Seine,  le\ndirecteur  de l'ordre  public  et de la circulation  et la directrice  de la s\u00e9curit\u00e9  de proximit\u00e9  de\nl'agglom\u00e9ration  parisienne  sont  charg\u00e9s,  chacun  en ce qui  le concerne,  de l'ex\u00e9cution  du\npr\u00e9sent  arr\u00eat\u00e9  qui entrera  en vigueur  d\u00e8s  son  affichage  aux  portes  de la pr\u00e9fecture  de police,\nsera  publi\u00e9  aux  recueils  des  actes  administratifs  du d\u00e9partement  de Paris  et des  pr\u00e9fectures  de\nl'Oise,  des  Yvelines  et des  Hauts-de-Seine,  consultable  sur le site  de la pr\u00e9fecture  de police\n(https://www.prefecturedepolice.interieur.gouv.fr)  et transmis  aux  procureurs  de la R\u00e9publique\npr\u00e8s  les tribunaux  judiciaires  de Paris,  Senlis,  Versailles  et Nanterre.\nFait  \u00e0 Paris,le  3 4 OCT.  2024\nMagali  CHARBONNEAU\nLa pr\u00e9f\u00eate,  directrice  du cabinet\n2024-01582  4\n\nFait  \u00e0 Beauvais,  le\n2024-015823 1 OCT. 294\nPour  la pr\u00e9f\u00e8te  i l'Oise  et par d\u00e9l\u00e9gation,\nLa difectrice  de cabine\nVittoire  LANTREIBECQ\n\nFait  \u00e0 Versailles,  le\n2024-01582Le pr\u00e9fet  des  Yvelines\nPour  le Pr\u00e9fet  etpar  d\u00e9l\u00e9gation\naupr\u00e8s  du Pr\u00e9fet  des  Yvelines\nPascal  COURTADE  |\n\n2024-01582  dv 31 OCT. 2024 Annexe  de l'arr\u00eat\u00e9  n\u00b0\nVOIES  ET DELAIS  DE RECOURS\nSi vous  estimez  devoir  contester  le pr\u00e9sent  arr\u00eat\u00e9,  il vous  est possible,  dans  un\nd\u00e9lai  de deux  mois  \u00e0 compter  de la date  de son  affichage  ou de sa publication  :\n- soit  de saisir  d'un  RECOURS  GRACIEUX\nle Pr\u00e9fet  de Police\n7/9,  boulevard  du Palais  - 75195  PARIS  RP\n- ou de former  un RECOURS  HIERARCHIQUE\naupr\u00e8s  du Ministre  de l'int\u00e9rieur\nDirection  des  libert\u00e9s  publiques  et des  affaires  juridiques\nplace  Beauvau  - 75008  PARIS\n- soit  de saisir  d'un  RECOURS  CONTENTIEUX\nle Tribunal  administratif  comp\u00e9tent\nAucune  de ces  voies  et recours  ne suspend  l'application  de la pr\u00e9sente  d\u00e9cision.\nLes  recours  GRACIEUX  et HIERARCHIQUE  doivent  \u00eatre  \u00e9crits,  exposer  les\narguments  ou faits  nouveaux  et comprendre  la copie  de l'arr\u00eat\u00e9  contest\u00e9.\nLe recours  CONTENTIEUX,  qui  vise  \u00e0 contester  la LEGALITE  de la pr\u00e9sente\nd\u00e9cision,  doit  \u00e9galement  \u00eatre  \u00e9crit  et exposer  votre  argumentation  juridique.\nSi vous  n'aviez  pas  de r\u00e9ponse  \u00e0 votre  recours  GRACIEUX  ou HIERARCHIQUE  dans\nun d\u00e9lai  de deux  mois  \u00e0 compter  de la r\u00e9ception  de votre  recours  par  l'administration,  votre\ndemande  devra  \u00eatre  consid\u00e9r\u00e9e  comme  rejet\u00e9e  (d\u00e9cision  implicite  de rejet).\nEn cas  de rejet  des  recours  GRACIEUX  ou HIERARCHIQUE,  le Tribunal\nadministratif  peut  \u00eatre  saisi  d'un  recours  contentieux  dans  le d\u00e9lai  de deux  mois  \u00e0 compter\nde la date  de la d\u00e9cision  de rejet.\n\n2024-01582\u00a9  DIRECTION  DE L'ORDRE  PUBLIC  oy % lame\na ET DE LA CIRCULATION  its \\ qANC\nSA 4 % \"ren,A  =\nPERIMETRE  IM ITERDICTION  SRPPONTERS\nArr\u00eat\u00e9  PREF.  82 CAB/DS/BS1/2024/----\nen date  du \u2014/-/2024\n2024-01582\n\n 138  \n \n \n \n \nRECUEIL DES ACTES ADMINISTRATIFS  \n \nDU \n \nPREFET DES HAUTS -DE-SEINE  \n \n \nISSN 0985 - 5955  \n \n \n \n \n \nPour toute correspondance, s'adresser \u00e0 :  \n \nPREFET DES HAUTS -DE-SEINE  \n \nSecr\u00e9tariat  g\u00e9n\u00e9ral  \nSecr\u00e9tariat g\u00e9n\u00e9ral aux affaires d\u00e9partementales  \n \n167/177, Avenue Joliot Curie  \n92013 NANTERRE CEDEX  \n \n \n \n \nLe recueil des actes administratifs est consultable en ligne sur le site de la pr\u00e9fecture  \nAdresse Internet  : http://www.hauts -de-seine.gouv.fr/  \n \nDirecteur de la publication  : \n \nLaurent HOTTIAUX  \n \nPREFET DES HAUTS -DE-SEINE  \n \n \n 139  \n \n \n \n \n \n \n \n \n \n \n \n \n \n \n \n \n \n \n \n \n \n \n \n \n \n \n \n \n \n \n \n \n \n \n \n \n \n \n \n \n \nPREFECTURE DES HAUTS -DE-SEINE  \n167-177,  avenue Joliot Curie 92013 NANTERRE Cedex  \nCourriel  : courrier@hauts -de-seine.gouv.fr  \nStandard  : 01.40.97.20.00 T\u00e9l\u00e9copie 01.40.97.25.21  \nAdresse Internet  : http://www.hauts -de-seine.gouv.fr/","date":"2024-11-19","first_seen_on":"2024-11-19T16:07:35+00:00","id":"d650ebb618ed26c4312912e139421c02c7ac512edbd00cd2f9296ac0b3db88d3","name":"RAA sp\u00e9cial Pr\u00e9fecture de Police du 31 octobre 2024","pdf_creation_date":"2024-10-11T06:35:56+00:00","pdf_modification_date":"2024-11-19T15:28:00+00:00","timezone":"Europe/Paris","url":"https://www.hauts-de-seine.gouv.fr/contenu/telechargement/25662/180391/file/2024-10-31%20RAA%20sp%C3%A9cial%20Pr%C3%A9fecture%20de%20Police%20du%2031%20octobre%202024.pdf"}
