{"administration":"pref92","administration_name":"Pr\u00e9fecture des Hauts-de-Seine","content":"Ex\nPREFET\nDES  HAUTS-DE-SEINE\nLibert\u00e9\nEgalit\u00e9\nFraternit\u00e9 1  \n \n \n \n \nRECUEIL  \n  \nDES  \n \nACTES ADMINISTRATIFS  \n \n \n \nDIRECTION REGIONALE ET INTERDEPARTEMENTALE \nDE L'ECONOM IE, DE L'EMPLOI, DU TRAVAIL ET DES \nSOLIDARITES  \n \nUnit\u00e9 d\u00e9partementale des Hauts -de-Seine  \n \n \n \n \n \n \n \nN\u00b0 Sp\u00e9cial  09 d\u00e9cembre  2024  \n\n 2  \nPREFET DES HAUTS -DE-SEINE  \n \nRECUEIL DES ACTES ADMINISTRATIFS  \n \nN\u00b0 Sp \u00e9cial  DRIEETS -UD92  du 09 d\u00e9cembre  2024 \n \nSOMMAIRE  \n \nR\u00e9c\u00e9piss\u00e9s  \nArr\u00eat\u00e9s  \nD\u00e9cision  Date s DIRECTION REGIONALE ET \nINTERDEPARTEMENTALE DE \nL'ECONOMIE, DE L'EMPLOI,  DU \nTRAVAIL ET DES SOLIDARITES  Page s \nDRIEETS -UD92  \nN\u00b02024 -242 03.06.2024  R\u00e9c\u00e9piss\u00e9 de d\u00e9claration  d'activit\u00e9s de services \u00e0 \nla personne enregistr\u00e9e au nom de la micro -\nentreprise  MINTH FANTA SOKHNA  sous le n\u00b0 \nSAP 924752926  7 \nDRIEETS -UD92  \nN\u00b02024 -243 03.06.2024  R\u00e9c\u00e9piss\u00e9 de d\u00e9claration  d'activit\u00e9s de services \u00e0 \nla personne enregistr\u00e9e au nom de la micro -\nentreprise  MAISON YOAN  sous le n\u00b0 SAP \n822243317  9 \nDRIEETS -UD92  \nN\u00b02024 -244 03.06.2024  R\u00e9c\u00e9piss\u00e9 de d\u00e9claration   d'activit\u00e9s de services \u00e0 \nla personne enregistr\u00e9e au nom de la micro -\nentreprise  KERAOUCHE SAMRA  sous le n\u00b0 \nSAP 985235761  11 \nDRIEETS -UD92  \nN\u00b02024 -245 03.06.2024  R\u00e9c\u00e9piss\u00e9 de d\u00e9claration  d'activit\u00e9s de services \u00e0 \nla personne enregistr\u00e9e au nom de la micro -\nentreprise  SILLAH SALIM  sous le n\u00b0 SAP \n929247468  13 \nDRIEETS -UD92  \nN\u00b02024 -246 03.06.2024  R\u00e9c\u00e9piss\u00e9 de d\u00e9claration  d'activit\u00e9s de services \u00e0 \nla personne enregistr\u00e9e au nom de la micro -\nentreprise  Toufik ABDELHAK  sous le n\u00b0 SAP \n889991857  15 \nDRIEETS -UD92  \nN\u00b02024 -247 03.06.2024  R\u00e9c\u00e9piss\u00e9 de d\u00e9claration  d'activit\u00e9s de services \u00e0 \nla personne enregistr\u00e9e au nom de la micro -\nentreprise  Kheira MESSAOUDI  sous le n\u00b0 SAP \n929272912  17 \nDRIEETS -UD92  \nN\u00b02024 -248 04.06.2024  R\u00e9c\u00e9piss\u00e9 de d\u00e9claration  d'activit\u00e9s de services \u00e0 \nla personne enregistr\u00e9e au nom de la micro -\nentreprise  CHAOUI NADIA  sous le n\u00b0 SAP \n927739276  19 \n 3 DRIEETS -UD92  \nN\u00b02024 -249 10.06.2024  R\u00e9c\u00e9piss\u00e9 de d\u00e9claration  d'activit\u00e9s de services \u00e0 \nla personne enregistr\u00e9e au nom de la micro -\nentreprise  BILEL LADJIMI  sous le n\u00b0 SAP \n929498814  21 \nDRIEETS -UD92  \nN\u00b02024 -250 10.06.2024  R\u00e9c\u00e9piss\u00e9 de d\u00e9claration   d'activit\u00e9s de services \u00e0 \nla personne enregistr\u00e9e au nom de la SAS 2K \nSERVICES D'AIDE A LA PERSONNE  sous le n\u00b0 \nSAP 903096394  23 \nDRIEETS -UD92  \nN\u00b02024 -251 10.06.2024  R\u00e9c\u00e9piss\u00e9 de d\u00e9claration  d'activit\u00e9s de services \u00e0 \nla personne enregistr\u00e9e au nom de la micro -\nentreprise  KOUIDRI FARES  sous le n\u00b0 SAP \n929420974  26 \nDRIEETS -UD92  \nN\u00b02024 -252 10.06.2024  R\u00e9c\u00e9piss\u00e9 de d\u00e9claration  d'activit\u00e9s de services \u00e0 \nla personne enregistr\u00e9e au nom de la micro -\nentreprise  LEHUJEUR Jordan  sous le n\u00b0 SAP \n927858076  28 \nDRIEETS -UD92  \nN\u00b02024 -253 10.06.2024  R\u00e9c\u00e9piss\u00e9 de d\u00e9claration  d'activit\u00e9s de services \u00e0 \nla personne enregistr\u00e9e au nom de la micro -\nentreprise  LAMARTI SAID  sous le n\u00b0 SAP \n982962995  30 \nDRIEETS -UD92  \nN\u00b02024 -254 10.06.2024  R\u00e9c\u00e9piss\u00e9 de d\u00e9claration  d'activit\u00e9s de services \u00e0 \nla personne enregistr\u00e9e au nom de la micro -\nentreprise  AMINATA DIAWARA  sous le n\u00b0 SAP \n908142599  33 \nDRIEETS -UD92  \nN\u00b02024 -255 11.06.2024  Arr\u00eat\u00e9 modifiant l'agr\u00e9ment SAP 822460424  de la \nSAS WEEZYOU SERVICES  (ex SORTIE \nD'EKOLE  35 \nDRIEETS -UD92  \nN\u00b02024 -256 11.06.2024  R\u00e9c\u00e9piss\u00e9 de d\u00e9claration  d'activit\u00e9s de services \u00e0 \nla personne enregistr\u00e9e au nom de la SAS \nWEEZYOU SERVICES  (ex SORTIE D EKOLE) \nsous le n\u00b0 SAP 822460424  38 \nDRIEETS -UD92  \nN\u00b02024 -257 11.06.2024  R\u00e9c\u00e9piss\u00e9 de d\u00e9claration  d'activit\u00e9s de services \u00e0 \nla personne enregistr\u00e9e au nom de la micro -\nentreprise  DJELAL WAFA  sous le n\u00b0 SAP \n929121408  41 \nDRIEETS -UD92  \nN\u00b02024 -258 12.06.2024  R\u00e9c\u00e9piss\u00e9 de d\u00e9claration  d'activit\u00e9s de services \u00e0 \nla personne enregistr\u00e9e au nom de la micro -\nentreprise  BARENDA Gabrielle  sous le n\u00b0 SAP \n903966398  43 \n 4 DRIEETS -UD92  \nN\u00b02024 -259 12.06.2024  R\u00e9c\u00e9piss\u00e9 de d\u00e9claration  d'activit\u00e9s de services \u00e0 \nla personne enregistr\u00e9e au nom de la micro -\nentreprise  ZERMAN RAOUF  sous le n\u00b0 SAP \n929778108  45 \nDRIEETS -UD92  \nN\u00b02024 -261 12.06.2024  R\u00e9c\u00e9piss\u00e9 de d\u00e9claration  d'activit\u00e9s de services \u00e0 \nla personne enregistr\u00e9e au nom de la SAS \nr\u00e9sidence services  VILLA BEAUSOLEIL LA V AL  \nsous le n\u00b0 SAP 903367225  47 \nDRIEETS -UD92  \nN\u00b02024 -262 12.06.2024  R\u00e9c\u00e9piss\u00e9 de d\u00e9claration  d'activit\u00e9s de services \u00e0 \nla personne enregistr\u00e9e au nom de la SAS \nr\u00e9sidence services  VILLA BEAUSOLEIL LE \nPLESSIS  sous le n\u00b0 SAP 910940329  50 \nDRIEETS -UD92  \nN\u00b02024 -263 12.06.2024  R\u00e9c\u00e9piss\u00e9 de d\u00e9claration  d'activit\u00e9s de services \u00e0 \nla personne enregistr\u00e9e au nom de la SAS \nr\u00e9sidence services  VILLA BEAUSOLEIL \nMONTGERON  sous le n\u00b0 SAP 842500209  53 \nDRIEETS -UD92  \nN\u00b02024 -264 18.06.2024  R\u00e9c\u00e9piss\u00e9 de d\u00e9claration  d'activit\u00e9s de services \u00e0 \nla personne enregistr\u00e9e au nom de la SAS \nr\u00e9sidence services  VILLA BEAUSOLEIL \nMEUDON LA FORET  sous le n\u00b0 SAP 534986120  56 \nDRIEETS -UD92  \nN\u00b02024 -265 17.06.2024  R\u00e9c\u00e9piss\u00e9 de d\u00e9claration  d'activit\u00e9s de services \u00e0 \nla personne enregistr\u00e9e au nom de la micro -\nentreprise  PAGNA ISSIA  sous le n\u00b0 SAP \n927584516  59 \nDRIEETS -UD92  \nN\u00b02024 -266 17.06.2024  R\u00e9c\u00e9piss\u00e9 de d\u00e9claration  d'activit\u00e9s de services \u00e0 \nla personne enregistr\u00e9e au nom de la micro -\nentreprise  MADAR FARID  sous le n\u00b0 SAP \n929680692  61 \nDRIEETS -UD92  \nN\u00b02024 -267 18.06.2024  R\u00e9c\u00e9piss\u00e9 de d\u00e9claration  d'activit\u00e9s de services \u00e0 \nla personne enregistr\u00e9e au nom de la SAS \nr\u00e9sidence services  VILLA BEAUSOLEIL \nST GILLES  sous le n\u00b0 SAP 903056778  63 \nDRIEETS -UD92  \nN\u00b02024 -268 18.06.2024  R\u00e9c\u00e9piss\u00e9 de d\u00e9claration  d'activit\u00e9s de services \u00e0 \nla personne enregistr\u00e9e au nom de la SAS \nr\u00e9sidence services  VILLA BEAUSOLEIL JULES \nVERNE  sous le n\u00b0 SAP 834245649  66 \nDRIEETS -UD92  \nN\u00b02024 -269 17.06.2024  R\u00e9c\u00e9piss\u00e9 de d\u00e9claration  d'activit\u00e9s de services \u00e0 \nla personne enregistr\u00e9e au nom de la micro -\nentreprise  AMELAL NASSIM  sous le n\u00b0 SAP \n929786176  69 \n 5 DRIEETS -UD92  \nN\u00b02024 -270 18.06.2024  R\u00e9c\u00e9piss\u00e9 de d\u00e9claration  d'activit\u00e9s de services \u00e0 \nla personne enregistr\u00e9e au nom de la micro -\nentreprise  NEGAA SAMIRA  sous le n\u00b0 SAP \n981538366  71 \nDRIEETS -UD92  \nN\u00b02024 -288 18.06.2024  R\u00e9c\u00e9piss\u00e9 de d\u00e9claration  d'activit\u00e9s de services \u00e0 \nla personne enregistr\u00e9e au nom de la micro -\nentreprise  TNASI WALAA  sous le n\u00b0 SAP \n929799435  74 \nDRIEETS -UD92  \nN\u00b02024 -290 20.06.2024  D\u00e9cision portant retrait de l'enregistrement de la \nd\u00e9claration d'activit\u00e9s de services \u00e0 la personne au \nnom de l'association d\u00e9clar\u00e9e AKALIS SAP \nPARIS NEUILLY sous le n\u00b0SAP888991445  76 \nDRIEETS -UD92  \nN\u00b02024 -293 24.06.2024  R\u00e9c\u00e9piss\u00e9 de d\u00e9claration  d'activit\u00e9s de services \u00e0 \nla personne enregistr\u00e9e au nom de la micro -\nentreprise  BOUCIDA Mohand -Arezki  sous le n\u00b0 \nSAP 830998498  80 \nDRIEETS -UD92  \nN\u00b02024 -294 24.06.2024  R\u00e9c\u00e9piss\u00e9 de d\u00e9claration  d'activit\u00e9s de services \u00e0 \nla personne enregistr\u00e9e au nom de la micro -\nentreprise  FAZAS ILYAN  sous le n\u00b0 SAP \n929924496  82 \nDRIEETS -UD92  \nN\u00b02024 -295 24.06.2024  R\u00e9c\u00e9piss\u00e9 de d\u00e9claration  d'activit\u00e9s de services \u00e0 \nla personne enregistr\u00e9e au nom de la micro -\nentreprise  MADALENA LIDIA  sous le n\u00b0 SAP \n929849909  84 \nDRIEETS -UD92  \nN\u00b02024 -296 24.06.2024  R\u00e9c\u00e9piss\u00e9 de d\u00e9claration  d'activit\u00e9s de services \u00e0 \nla personne enregistr\u00e9e au nom de la micro -\nentreprise  DABACH SAMI  sous le n\u00b0 SAP \n929785541  86 \nDRIEETS -UD92  \nN\u00b02024 -297 24.06.2024  R\u00e9c\u00e9piss\u00e9 de d\u00e9claration  d'activit\u00e9s de services \u00e0 \nla personne enregistr\u00e9e au nom de la micro -\nentreprise  LOZAK FERAN  sous le n\u00b0 SAP \n929849073  88 \nDRIEETS -UD92  \nN\u00b02024 -298 24.06.2024  R\u00e9c\u00e9piss\u00e9 de d\u00e9claration  d'activit\u00e9s de services \u00e0 \nla personne enregistr\u00e9e au nom de la micro -\nentreprise  Ate KOFFI  sous le n\u00b0 SAP 917772238  90 \nDRIEETS -UD92  \nN\u00b02024 -300 25.06.2024  Arr\u00eat\u00e9 accordant l'agr\u00e9ment SAP 981718067  \u00e0 la \nSAS ASSIST'ZEN SERVICES  92 \n 6 DRIEETS -UD92  \nN\u00b02024 -301 25.06.2024  R\u00e9c\u00e9piss\u00e9 de d\u00e9claration  d'activit\u00e9s de services \u00e0 \nla personne enregistr\u00e9e au nom de la SAS \nASSIST'ZEN SERVICES  sous le n\u00b0 SAP \n981718067  96 \nDRIEETS -UD92  \nN\u00b02024 -302 25.06.2024  Arr\u00eat\u00e9 portant renouvellement de l'agr\u00e9ment \nSAP800432890  \u00e0 la SARL  SEINE ATTITUDE  99 \nDRIEETS -UD92  \nN\u00b02024 -303 25.06.2024  R\u00e9c\u00e9piss\u00e9 de d\u00e9claration  d'activit\u00e9s de services \u00e0 \nla personne enregistr\u00e9e au nom de la SARL  \nSEINE ATTITUDE  sous le n\u00b0 SAP 800432890  103 \nDRIEETS -UD92  \nN\u00b02024 -304 25.06.2024  R\u00e9c\u00e9piss\u00e9 de d\u00e9claration  d'activit\u00e9s de services \u00e0 \nla personne enregistr\u00e9e au nom de l' Association  \nLA MAISON DES NOUNOUS 92  sous le n\u00b0 SAP \n923237176  107 \n| | Direction  r\u00e9gionale  et interd\u00e9partementale\nMINISTERE  de l'\u00e9conomie,  de l'emploi,\nDU TRAVAIL  du travail  et des solidarit\u00e9s\nDE LA SANT\u00c9  ;\nET DES  SOLIDARITES\nzeal\nFraternit\u00e9\nR\u00e9c\u00e9piss\u00e9  de d\u00e9claration  n\u00b02024-242\nd'activit\u00e9s  de services  a la personne  enregistr\u00e9e  au nom  de la micro-entreprise\nMINTH  FANTA  SOKHNA  sous  le n\u00b0 SAP  924752926\nLE PREFET  DES  HAUTS-DE-SEINE\nCHEVALIER  DE LA LEGION  D'HONNEUR\nCHEVALIER  DE L'ORDRE  NATIONAL  DU MERITE\nVu la loi n\u00b0 2010-853  du 23 juillet  2010  relative  aux  r\u00e9seaux  consulaires,  au commerce  et a\nlartisanat  et aux  services  (article  31) ;\nVu la loi n\u00b02015-1776  du 28 d\u00e9cembre  2015  relative  \u00e0 l'adaptation  de la soci\u00e9t\u00e9  au\nvieillissement  ;\nVu l'article  D7231-1  du Code  du travail  ;\nVu les d\u00e9crets  n\u00b0 2011-1132  et n\u00b0 2011-1133  du 20 septembre  2011  modifiant  certaines\ndispositions  du Code  du travail,  relatives  au ch\u00e9que  emploi-service  universel  et aux\nservices  a la personne  ;\nVu le d\u00e9cret  n\u00b02016-750  du 6 juin  2016  relatif  \u00e0 la liste  des  activit\u00e9s  de services  \u00e0 la personne\nsoumises  \u00e0 agr\u00e9ment  ou \u00e0 autorisation  dans  le cadre  du r\u00e9gime  commun  de la d\u00e9claration  ;\nVu le d\u00e9cret  du 29 juillet  2020  portant  nomination  de Monsieur  Laurent  HOTTIAUX,  en qualit\u00e9\nde Pr\u00e9fet  des  Hauts-de-Seine  ;\nVu l'arr\u00eat\u00e9  interminist\u00e9riel  du 25 mars  2021  nommant  Monsieur  Ga\u00ebtan  RUDANT,  Directeur\nr\u00e9gional  et interd\u00e9partemental  de l'\u00e9conomie,  de l'emploi,  du travail  et des  solidarit\u00e9s  d'Ile-\nde-France  \u00e0 compter  du 1er avril  2021  ;\nVu l'arr\u00eat\u00e9  pr\u00e9fectoral  PCI  n\u00b0 2021-018  du 31 mars  2021  portant  d\u00e9l\u00e9gation  de signature  de\nMonsieur  Laurent  HOTTIAUX,  Pr\u00e9fet  des  Hauts  de Seine  \u00e0 Monsieur  Ga\u00ebtan  RUDANT,\nDirecteur  r\u00e9gional  et interd\u00e9partemental  de l'\u00e9conomie,  de l'emploi,  du travail  et des\nsolidarit\u00e9s  d'Ile-de-France  ;\nVu la d\u00e9cision  n\u00b0 2024-056  du 8 avril  2024  portant  subd\u00e9l\u00e9gation  de signature  de Monsieur\nGa\u00ebtan  RUDANT,  Directeur  r\u00e9gional  et interd\u00e9partemental  de l'\u00e9conomie,  de l'emploi,  du\ntravail  et des  solidarit\u00e9s  d'Ile-de-France,  aux  agents  de l'Unit\u00e9  d\u00e9partementale  des  Hauts-\nde-Seine\n\nVu la d\u00e9claration  d'activit\u00e9s  de services  a la personne  d\u00e9pos\u00e9e  aupr\u00e8s  de [Unit\u00e9\nd\u00e9partementale  des  Hauts-de-Seine  de la DRIEETS  le 29 mai  2024  par la micro-entreprise\nMINTH  FANTA  SOKHNA  sise  au 91 Rue  Gabriel  P\u00e9ri-  92700  COLOMBES.\nApr\u00e8s  examen  du dossier,  cette  demande  \u00e9tant  conforme  aux  dispositions  de l'article  L. 7232-1-\n1 du code  du travail,  le pr\u00e9sent  r\u00e9c\u00e9piss\u00e9  de d\u00e9claration  d'activit\u00e9s  de services  a la personne  a\n\u00e9t\u00e9 enregistr\u00e9  au nom  de la micro-entreprise  MINTH  FANTA  SOKHNA,  sous  le n\u00b0 SAP\n924752926.\nLes  activit\u00e9s  d\u00e9clar\u00e9es  sont  les suivantes,  \u00e0 l'exclusion  de toute  autre  :\n- Soutien  scolaire  ou cours  \u00e0 domicile  ;\nPrestations  relevant  du b\u00e9n\u00e9fice  de la r\u00e9duction  d'imp\u00f4t  pr\u00e9vue  \u00e0 l'article  199  sexdecies  du Code\nG\u00e9n\u00e9ral  des  Imp\u00f4ts\nLa structure  exerce  ces  activit\u00e9s  selon  le mode  suivant  : PRESTATAIRE\nSous  r\u00e9serve  d'\u00eatre  exerc\u00e9es  \u00e0 titre  exclusif  par le d\u00e9clarant  (ou sous  r\u00e9serve  d'une  comptabilit\u00e9\ns\u00e9par\u00e9e  pour  les personnes  morales  dispens\u00e9es  de la condition  d'activit\u00e9  exclusive),  ces  activit\u00e9s\nouvrent  droit  au b\u00e9n\u00e9fice  des  dispositions  des  articles  L. 7233-2  du code  du travail  et L. 241-10\ndu code  de la s\u00e9curit\u00e9  sociale.\nConform\u00e9ment  aux  dispositions  de l'article  R7232-19  du code  du travail,  l'organisme  d\u00e9clar\u00e9  doit\nproduire  au moins  chaque  trimestre  un \u00e9tat  d'activit\u00e9  et chaque  ann\u00e9e  un bilan  quantitatif  et\nqualitatif  de l'activit\u00e9  exerc\u00e9e  au titre  de l'ann\u00e9e  \u00e9coul\u00e9e  ainsi  qu'un  tableau  statistique  annuel.\nSi l'organisme  d\u00e9clar\u00e9  comporte  plusieurs  \u00e9tablissements,  les \u00e9tats  statistiques  et le bilan  annuel\ndistinguent  l'activit\u00e9  exerc\u00e9e  par chaque  \u00e9tablissement.\nL'enregistrement  de la d\u00e9claration  pourra  \u00eatre  retir\u00e9  si l'organisme  d\u00e9clar\u00e9  cesse  de remplir\nles conditions  ou de respecter  les obligations  mentionn\u00e9es  aux  4\u00b0,5\u00b0  et 6\u00b0 de l'article\nR7232-17  ou qui m\u00e9connait  les obligations  d\u00e9finies  \u00e0 l'article  R7232-19  du code  du travail.\nToute  modification  concernant  la structure  d\u00e9clar\u00e9e  ou les activit\u00e9s  exerc\u00e9es  devra,  sous\npeine  de retrait  de la d\u00e9claration,  faire  l'objet  d'une  d\u00e9claration  modificative  aupr\u00e8s  de l'Unit\u00e9\nd\u00e9partementale  des  Hauts-de-Seine.\nLe pr\u00e9sent  r\u00e9c\u00e9piss\u00e9  sera  publi\u00e9  au recueil  des  actes  administratifs  de la pr\u00e9fecture  des  Hauts-\nde-Seine.\nFait  \u00e0 Nanterre,  le 3 juin  2024\nPour  le Pr\u00e9fet\nPar  d\u00e9l\u00e9gation  et subd\u00e9l\u00e9gation\nLa Responsable  du service\nD\u00e9veloppement  de l'emploi  et des\ncomp\u00e9tences\nBGs ds |\nMariama  COND\u00c9\n\n| Direction  r\u00e9gionale  et interd\u00e9partementale\nMINISTERE  de l'\u00e9conomie,  de l'emploi,\nDU TRAVAIL  du travail  et des solidarit\u00e9s\nDE LA SANT\u00c9  .\nET DES  SOLIDARITESfeat\nFraternit\u00e9\nR\u00e9c\u00e9piss\u00e9  de d\u00e9claration  n\u00b02024-243\nd'activit\u00e9s  de services  a la personne  enregistr\u00e9e  au nom  de la micro-entreprise\nMAISON  YOAN  sous  le n\u00b0 SAP  822243317\nLE PREFET  DES  HAUTS-DE-SEINE\nCHEVALIER  DE LA LEGION  D'HONNEUR\nCHEVALIER  DE L'ORDRE  NATIONAL  DU MERITE\nVu la loi n\u00b0 2010-853  du 23 juillet  2010  relative  aux  r\u00e9seaux  consulaires,  au commerce  et a\nl'artisanat  et aux  services  (article  31) ;\nVu la loi n\u00b02015-1776  du 28 d\u00e9cembre  2015  relative  \u00e0 l'adaptation  de la soci\u00e9t\u00e9  au\nvieillissement  ;\nVu l'article  D7231-1  du Code  du travail  ;\nVu les d\u00e9crets  n\u00b0 2011-1132  et n\u00b0 2011-1133  du 20 septembre  2011  modifiant  certaines\ndispositions  du Code  du travail,  relatives  au ch\u00e8que  emploi-service  universel  et aux\nservices  a la personne  ;\nVu le d\u00e9cret  n\u00b02016-750  du 6 juin  2016  relatif  a la liste  des  activites  de services  a la personne\nsoumises  a agr\u00e9ment  ou a autorisation  dans  le cadre  du r\u00e9gime  commun  de la d\u00e9claration  ;\nVu le d\u00e9cret  du 29 juillet  2020  portant  nomination  de Monsieur  Laurent  HOTTIAUX,  en qualit\u00e9\nde Pr\u00e9fet  des  Hauts-de-Seine  ;\nVu l'arr\u00eat\u00e9  interminist\u00e9riel  du 25 mars  2021  nommant  Monsieur  Ga\u00ebtan  RUDANT,  Directeur\nr\u00e9gional  et interd\u00e9partemental  de l'\u00e9conomie,  de l'emploi,  du travail  et des  solidarit\u00e9s  d'Ile-\nde-France  \u00e0 compter  du 1er avril  2021  ;\nVu l'arr\u00eat\u00e9  pr\u00e9fectoral  PCI  n\u00b0 2021-018  du 31 mars  2021  portant  d\u00e9l\u00e9gation  de signature  de\nMonsieur  Laurent  HOTTIAUX,  Pr\u00e9fet  des  Hauts  de Seine  \u00e0 Monsieur  Ga\u00ebtan  RUDANT,\nDirecteur  r\u00e9gional  et interd\u00e9partemental  de l'\u00e9conomie,  de l'emploi,  du travail  et des\nsolidarit\u00e9s  d'Ile-de-France  ;\nVu la d\u00e9cision  n\u00b0 2024-056  du 8 avril  2024  portant  subd\u00e9l\u00e9gation  de signature  de Monsieur\nGa\u00ebtan  RUDANT,  Directeur  r\u00e9gional  et interd\u00e9partemental  de l'\u00e9conomie,  de l'emploi,  du\ntravail  et des  solidarit\u00e9s  d'Ile-de-France,  aux  agents  de l'Unit\u00e9  d\u00e9partementale  des  Hauts-\nde-Seine\n\nVu la d\u00e9claration  d'activit\u00e9s  de services  a la personne  d\u00e9pos\u00e9e  aupr\u00e8s  de l'Unit\u00e9\nd\u00e9partementale  des  Hauts-de-Seine  de la DRIEETS  le 8 janvier  2024  par la micro-\nentreprise  MAISON  YOAN  sise  au 12 RUE  LAZARE  CARNOT  - 92140  CLAMART.\nApr\u00e8s  examen  du dossier,  cette  demande  \u00e9tant  conforme  aux  dispositions  de l'article  L. 7232-1-\n1 du code  du travail,  le pr\u00e9sent  r\u00e9c\u00e9piss\u00e9  de d\u00e9claration  d'activit\u00e9s  de services  \u00e0 la personne  a\n\u00e9t\u00e9 enregistr\u00e9  au nom  de la micro-entreprise  MAISON  YOAN,  sous  le n\u00b0 SAP  822243317.\nLes  activit\u00e9s  d\u00e9clar\u00e9es  sont  les suivantes,  \u00e0 l'exclusion  de toute  autre  :\n- Soutien  scolaire  ou cours  a domicile  ;\nPrestations  relevant  du b\u00e9n\u00e9fice  de la r\u00e9duction  d'imp\u00f4t  pr\u00e9vue  \u00e0 l'article  199  sexdecies  du Code\nG\u00e9n\u00e9ral  des  Imp\u00f4ts\nLa structure  exerce  ces  activit\u00e9s  selon  le mode  suivant  : PRESTATAIRE\nSous  r\u00e9serve  d'\u00eatre  exerc\u00e9es  \u00e0 titre  exclusif  par le d\u00e9clarant  (ou sous  r\u00e9serve  d'une  comptabilit\u00e9\ns\u00e9par\u00e9e  pour  les personnes  morales  dispens\u00e9es  de la condition  d'activit\u00e9  exclusive),  ces activit\u00e9s\nouvrent  droit  au b\u00e9n\u00e9fice  des  dispositions  des  articles  L. 7233-2  du code  du travail  et L. 241-10\ndu code  de la s\u00e9curit\u00e9  sociale.\nConform\u00e9ment  aux  dispositions  de l'article  R7232-19  du code  du travail,  l'organisme  d\u00e9clar\u00e9  doit\nproduire  au moins  chaque  trimestre  un \u00e9tat  d'activit\u00e9  et chaque  ann\u00e9e  un bilan  quantitatif  et\nqualitatif  de l'activit\u00e9  exerc\u00e9e  au titre  de l'ann\u00e9e  \u00e9coul\u00e9e  ainsi  qu'un  tableau  statistique  annuel.\nSi l'organisme  d\u00e9clar\u00e9  comporte  plusieurs  \u00e9tablissements,  les \u00e9tats  statistiques  et le bilan  annuel\ndistinguent  l'activit\u00e9  exerc\u00e9e  par chaque  \u00e9tablissement.\nL'enregistrement  de la d\u00e9claration  pourra  \u00eatre  retir\u00e9  si l'organisme  d\u00e9clar\u00e9  cesse  de remplir\nles conditions  ou de respecter  les obligations  mentionn\u00e9es  aux  4\u00b0,5\u00b0  et 6\u00b0 de l'article\nR7232-17  ou qui m\u00e9conna\u00eet  les obligations  d\u00e9finies  \u00e0 l'article  R7232-19  du code  du travail.\nToute  modification  concernant  la structure  d\u00e9clar\u00e9e  ou les activit\u00e9s  exerc\u00e9es  devra,  sous\npeine  de retrait  de la d\u00e9claration,  faire  l'objet  d'une  d\u00e9claration  modificative  aupr\u00e8s  de l'Unit\u00e9\nd\u00e9partementale  des  Hauts-de-Seine.\nLe pr\u00e9sent  r\u00e9c\u00e9piss\u00e9  sera  publi\u00e9  au recueil  des  actes  administratifs  de la pr\u00e9fecture  des  Hauts-\nde-Seine.\nFait  \u00e0 Nanterre,  le 03 juin  2024\nPour  le Pr\u00e9fet\nPar  d\u00e9l\u00e9gation  et subd\u00e9l\u00e9gation\nLa Responsable  du service\nD\u00e9veloppement  de l'emploi  et des\ncomp\u00e9tences\n- \"aHe Gat\nMariama  CONDE\n\nE p | Direction  r\u00e9gionale  et interd\u00e9partementale\nMINISTERE  de l'\u00e9conomie,  de l'emploi,\nDU TRAVAIL  du travail  et des solidarit\u00e9s\nDE LA SANT\u00c9  .\nET DES  SOLIDARITESEgalit\u00e9\nFraternit\u00e9\nR\u00e9c\u00e9piss\u00e9  de d\u00e9claration  n\u00b02024-244\nd'activit\u00e9s  de services  \u00e0 la personne  enregistr\u00e9e  au nom  de la micro-entreprise\nKERAOUCHE  SAMRA  sous  le n\u00b0 SAP  985235761\nLE PREFET  DES  HAUTS-DE-SEINE\nCHEVALIER  DE LA LEGION  D'HONNEUR\nCHEVALIER  DE L'ORDRE  NATIONAL  DU MERITE\nVu la loi n\u00b0 2010-853  du 23 juillet  2010  relative  aux  r\u00e9seaux  consulaires,  au commerce  et a\nl'artisanat  et aux  services  (article  31) ;\nVu la loi n\u00b02015-1776  du 28 d\u00e9cembre  2015  relative  a l'adaptation  de la soci\u00e9t\u00e9  au\nvieillissement  ;\nVu l'article  D7231-1  du Code  du travail  ;\nVu les d\u00e9crets  n\u00b0 2011-1132  et n\u00b0 2011-1133  du 20 septembre  2011  modifiant  certaines\ndispositions  du Code  du travail,  relatives  au ch\u00e8que  emploi-service  universel  et aux\nservices  a la personne  ;\nVu le d\u00e9cret  n\u00b02016-750  du 6 juin  2016  relatif  \u00e0 la liste  des  activit\u00e9s  de services  \u00e0 la personne\nsoumises  a agr\u00e9ment  ou a autorisation  dans  le cadre  du r\u00e9gime  commun  de la d\u00e9claration  ;\nVu le d\u00e9cret  du 29 juillet  2020  portant  nomination  de Monsieur  Laurent  HOTTIAUX,  en qualit\u00e9\nde Pr\u00e9fet  des  Hauts-de-Seine  ;\nVu l'arr\u00eat\u00e9  interminist\u00e9riel  du 25 mars  2021  nommant  Monsieur  Ga\u00ebtan  RUDANT,  Directeur\nr\u00e9gional  et interd\u00e9partemental  de l'\u00e9conomie,  de l'emploi,  du travail  et des  solidarit\u00e9s  d'lle-\nde-France  \u00e0 compter  du 'er avril  2021  ;\nVu l'arr\u00eat\u00e9  pr\u00e9fectoral  PCI  n\u00b0 2021-018  du 31 mars  2021  portant  d\u00e9l\u00e9gation  de signature  de\nMonsieur  Laurent  HOTTIAUX,  Pr\u00e9fet  des Hauts  de Seine  \u00e0 Monsieur  Ga\u00ebtan  RUDANT,\nDirecteur  r\u00e9gional  et interd\u00e9partemental  de l'\u00e9conomie,  de l'emploi,  du travail  et des\nsolidarit\u00e9s  d'Ile-de-France  ;\nVu la d\u00e9cision  n\u00b0 2024-056  du 8 avril  2024  portant  subd\u00e9l\u00e9gation  de signature  de Monsieur\nGa\u00ebtan  RUDANT,  Directeur  r\u00e9gional  et interd\u00e9partemental  de l'\u00e9conomie,  de l'emploi,  du\ntravail  et des  solidarit\u00e9s  d'Ile-de-France,  aux  agents  de l'Unit\u00e9  d\u00e9partementale  des  Hauts-\nde-Seine\n\nVu la d\u00e9claration  d'activit\u00e9s  de services  a la personne  d\u00e9pos\u00e9e  aupr\u00e8s  de l'Unit\u00e9\nd\u00e9partementale  des  Hauts-de-Seine  de la DRIEETS  le 28 mai  2024  par la micro-entreprise\nKERAOUCHE  SAMRA  sise  au 35 Rue  des  Cailloux  - 92110  CLICHY.\nApr\u00e8s  examen  du dossier,  cette  demande  \u00e9tant  conforme  aux  dispositions  de l'article  L. 7232-1-\n1 du code  du travail,  le pr\u00e9sent  r\u00e9c\u00e9piss\u00e9  de d\u00e9claration  d'activit\u00e9s  de services  \u00e0 la personne  a\n\u00e9t\u00e9 enregistr\u00e9  au nom  de la micro-entreprise  KERAOUCHE  SAMRA,  sous  le n\u00b0 SAP\n985235761.\nLes  activit\u00e9s  d\u00e9clar\u00e9es  sont  les suivantes,  \u00e0 l'exclusion  de toute  autre  :\n- Garde  d'enfants  de plus  de trois  ans  \u00e0 domicile  ;\nPrestations  relevant  du b\u00e9n\u00e9fice  de la r\u00e9duction  d'imp\u00f4t  pr\u00e9vue  \u00e0 l'article  199  sexdecies  du Code\nG\u00e9n\u00e9ral  des  Imp\u00f4ts\nLa structure  exerce  ces  activit\u00e9s  selon  le mode  suivant  : PRESTATAIRE\nSous  r\u00e9serve  d'\u00eatre  exerc\u00e9es  \u00e0 titre  exclusif  par le d\u00e9clarant  (ou sous  r\u00e9serve  d'une  comptabilit\u00e9\ns\u00e9par\u00e9e  pour  les personnes  morales  dispens\u00e9es  de la condition  d'activit\u00e9  exclusive),  ces activit\u00e9s\nouvrent  droit  au b\u00e9n\u00e9fice  des  dispositions  des  articles  L. 7233-2  du code  du travail  et L. 241-10\ndu code  de la s\u00e9curit\u00e9  sociale.\nConform\u00e9ment  aux  dispositions  de l'article  R7232-19  du code  du travail,  l'organisme  d\u00e9clar\u00e9  doit\nproduire  au moins  chaque  trimestre  un \u00e9tat  d'activit\u00e9  et chaque  ann\u00e9e  un bilan  quantitatif  et\nqualitatif  de l'activit\u00e9  exerc\u00e9e  au titre  de l'ann\u00e9e  \u00e9coul\u00e9e  ainsi  qu'un  tableau  statistique  annuel.\nSi l'organisme  d\u00e9clar\u00e9  comporte  plusieurs  \u00e9tablissements,  les \u00e9tats  statistiques  et le bilan  annuel\ndistinguent  l'activit\u00e9  exerc\u00e9e  par  chaque  \u00e9tablissement.\nL'enregistrement  de la d\u00e9claration  pourra  \u00eatre  retir\u00e9  si l'organisme  d\u00e9clar\u00e9  cesse  de remplir\nles conditions  ou de respecter  les obligations  mentionn\u00e9es  aux  4\u00b0,5\u00b0  et 6\u00b0 de l'article\nR7232-17  ou qui m\u00e9conna\u00eet  les obligations  d\u00e9finies  \u00e0 l'article  R7232-19  du code  du travail.\nToute  modification  concernant  la structure  d\u00e9clar\u00e9e  ou les activit\u00e9s  exerc\u00e9es  devra,  sous\npeine  de retrait  de la d\u00e9claration,  faire  l'objet  d'une  d\u00e9claration  modificative  aupr\u00e8s  de l'Unit\u00e9\nd\u00e9partementale  des  Hauts-de-Seine.\nLe pr\u00e9sent  r\u00e9c\u00e9piss\u00e9  sera  publi\u00e9  au recueil  des  actes  administratifs  de la pr\u00e9fecture  des  Hauts-\nde-Seine.\nFait  \u00e0 Nanterre,  le 03 juin  2024\nPour  le Pr\u00e9fet\nPar  d\u00e9l\u00e9gation  et subd\u00e9l\u00e9gation\nLa Responsable  du service\nD\u00e9veloppement  de l'emploi  et des\ncomp\u00e9tences\nKe  de\"\nMariama  CONDE\n\nEN  Direction  r\u00e9gionale  et interd\u00e9partementale\nMINIST\u00c8RE  de l'\u00e9conomie,  de l'emploi,\nDU TRAVAIL  du travail  et des solidarit\u00e9s\nDE LA SANT\u00c9  .\nET DES  SOLIDARITESgate\nFraternit\u00e9\nR\u00e9c\u00e9piss\u00e9  de d\u00e9claration  n\u00b02024-245\nd'activit\u00e9s  de services  a la personne  enregistr\u00e9e  au nom  de la micro-entreprise\nSILLAH  SALIM  sous  le n\u00b0 SAP  929247468\nLE PREFET  DES  HAUTS-DE-SEINE\nCHEVALIER  DE LA LEGION  D'HONNEUR\nCHEVALIER  DE L'ORDRE  NATIONAL  DU MERITE\nVu la loi n\u00b0 2010-853  du 23 juillet  2010  relative  aux  r\u00e9seaux  consulaires,  au commerce  et a\nlartisanat  et aux  services  (article  31) ;\nVu la loi n\u00b02015-1776  du 28 d\u00e9cembre  2015  relative  a l'adaptation  de la soci\u00e9t\u00e9  au\nvieillissement  ;\nVu l'article  D7231-1  du Code  du travail  ;\nVu les d\u00e9crets  n\u00b0 2011-1132  et n\u00b0 2011-1133  du 20 septembre  2011  modifiant  certaines\ndispositions  du Code  du travail,  relatives  au ch\u00e8que  emploi-service  universel  et aux\nservices  a la personne  ;\nVu le d\u00e9cret  n\u00b02016-750  du 6 juin  2016  relatif  a la liste  des  activit\u00e9s  de services  a la personne\nsoumises  \u00e0 agr\u00e9ment  ou \u00e0 autorisation  dans  le cadre  du r\u00e9gime  commun  de la d\u00e9claration  ;\nVu le d\u00e9cret  du 29 juillet  2020  portant  nomination  de Monsieur  Laurent  HOTTIAUX,  en qualit\u00e9\nde Pr\u00e9fet  des  Hauts-de-Seine  ;\nVu l'arr\u00eat\u00e9  interminist\u00e9riel  du 25 mars  2021  nommant  Monsieur  Ga\u00ebtan  RUDANT,  Directeur\nr\u00e9gional  et interd\u00e9partemental  de l'\u00e9conomie,  de l'emploi,  du travail  et des  solidarit\u00e9s  d'Ile-\nde-France  \u00e0 compter  du 1er  avril  2021  ;\nVu l'arr\u00eat\u00e9  pr\u00e9fectoral  PCI  n\u00b0 2021-018  du 31 mars  2021  portant  d\u00e9l\u00e9gation  de signature  de\nMonsieur  Laurent  HOTTIAUX,  Pr\u00e9fet  des  Hauts  de Seine  \u00e0 Monsieur  Ga\u00ebtan  RUDANT,\nDirecteur  r\u00e9gional  et interd\u00e9partemental  de l'\u00e9conomie,  de l'emploi,  du travail  et des\nsolidarit\u00e9s  d'Ile-de-France  ;\nVu la d\u00e9cision  n\u00b0 2024-056  du 8 avril  2024  portant  subd\u00e9l\u00e9gation  de signature  de Monsieur\nGa\u00ebtan  RUDANT,  Directeur  r\u00e9gional  et interd\u00e9partemental  de l'\u00e9conomie,  de l'emploi,  du\ntravail  et des  solidarit\u00e9s  d'Ile-de-France,  aux  agents  de l'Unit\u00e9  d\u00e9partementale  des  Hauts-\nde-Seine\n\nVu la d\u00e9claration  d'activit\u00e9s  de services  \u00e0 la personne  d\u00e9pos\u00e9e  aupr\u00e8s  de l'Unit\u00e9\nd\u00e9partementale  des  Hauts-de-Seine  de la DRIEETS  le 28 mai  2024  par la micro-entreprise\nSILLAH  SALIM  sise  au 35 Rue  Jean  Louis  Louet-  92700  COLOMBES.\nApr\u00e8s  examen  du dossier,  cette  demande  \u00e9tant  conforme  aux  dispositions  de l'article  L. 7232-1-\n1 du code  du travail,  le pr\u00e9sent  r\u00e9c\u00e9piss\u00e9  de d\u00e9claration  d'activit\u00e9s  de services  \u00e0 la personne  a\n\u00e9t\u00e9 enregistr\u00e9  au nom  de la micro-entreprise  SILLAH  SALIM,  sous  le n\u00b0 SAP  929247468.\nLes  activit\u00e9s  d\u00e9clar\u00e9es  sont  les suivantes,  \u00e0 l'exclusion  de toute  autre  :\n- Entretien  de la maison  et travaux  m\u00e9nagers  ;\n- Garde  d'enfants  de plus  de trois  ans  \u00e0 domicile  ;\nPrestations  relevant  du b\u00e9n\u00e9fice  de la r\u00e9duction  d'imp\u00f4t  pr\u00e9vue  \u00e0 l'article  199  sexdecies  du Code\nG\u00e9n\u00e9ral  des  Imp\u00f4ts\nLa structure  exerce  ces  activit\u00e9s  selon  le mode  suivant  : PRESTATAIRE\nSous  r\u00e9serve  d'\u00eatre  exerc\u00e9es  \u00e0 titre  exclusif  par le d\u00e9clarant  (ou sous  r\u00e9serve  d'une  comptabilit\u00e9\ns\u00e9par\u00e9e  pour  les personnes  morales  dispens\u00e9es  de la condition  d'activit\u00e9  exclusive),  ces  activit\u00e9s\nouvrent  droit  au b\u00e9n\u00e9fice  des  dispositions  des  articles  L. 7233-2  du code  du travail  et L. 241-10\ndu code  de la s\u00e9curit\u00e9  sociale.\nConform\u00e9ment  aux  dispositions  de l'article  R7232-19  du code  du travail,  l'organisme  d\u00e9clar\u00e9  doit\nproduire  au moins  chaque  trimestre  un \u00e9tat  d'activit\u00e9  et chaque  ann\u00e9e  un bilan  quantitatif  et\nqualitatif  de l'activit\u00e9  exerc\u00e9e  au titre  de l'ann\u00e9e  \u00e9coul\u00e9e  ainsi  qu'un  tableau  statistique  annuel.\nSi l'organisme  d\u00e9clar\u00e9  comporte  plusieurs  \u00e9tablissements,  les \u00e9tats  statistiques  et le bilan  annuel\ndistinguent  l'activit\u00e9  exerc\u00e9e  par chaque  \u00e9tablissement.\nL'enregistrement  de la d\u00e9claration  pourra  \u00eatre  retir\u00e9  si l'organisme  d\u00e9clar\u00e9  cesse  de remplir\nles conditions  ou de respecter  les obligations  mentionn\u00e9es  aux  4\u00b0,5\u00b0  et 6\u00b0 de l'article\nR7232-17  ou qui m\u00e9connait  les obligations  d\u00e9finies  \u00e0 l'article  R7232-19  du code  du travail.\nToute  modification  concernant  la structure  d\u00e9clar\u00e9e  ou les activit\u00e9s  exerc\u00e9es  devra,  sous\npeine  de retrait  de la d\u00e9claration,  faire  l'objet  d'une  d\u00e9claration  modificative  aupr\u00e8s  de l'Unit\u00e9\nd\u00e9partementale  des  Hauts-de-Seine.\nLe pr\u00e9sent  r\u00e9c\u00e9piss\u00e9  sera  publi\u00e9  au recueil  des  actes  administratifs  de la pr\u00e9fecture  des  Hauts-\nde-Seine.\nFait  \u00e0 Nanterre,  le 03 juin  2024\nPour  le Pr\u00e9fet\nPar  d\u00e9l\u00e9gation  et subd\u00e9l\u00e9gation\nLa Responsable  du service\nD\u00e9veloppement  de l'emploi  et des\ncomp\u00e9tences\nEu  de\nMariama  COND\u00c9\n\n| | Direction  r\u00e9gionale  et interd\u00e9partementale\nMINISTERE  de l'\u00e9conomie,  de l'emploi,\nDU TRAVAIL  du travail  et des solidarit\u00e9s\nDE LA SANT\u00c9  .\nET DES  SOLIDARITES\ndpa\nFraternit\u00e9\nR\u00e9c\u00e9piss\u00e9  de d\u00e9claration  n\u00b02024-246\nd'activit\u00e9s  de services  a la personne  enregistr\u00e9e  au nom  de la micro-entreprise\nToufik  ABDELHAK  sous  le n\u00b0 SAP  889991857\nLE PREFET  DES  HAUTS-DE-SEINE\nCHEVALIER  DE LA LEGION  D'HONNEUR\nCHEVALIER  DE L'ORDRE  NATIONAL  DU MERITE\nVu la loi n\u00b0 2010-853  du 23 juillet  2010  relative  aux  r\u00e9seaux  consulaires,  au commerce  et a\nlartisanat  et aux  services  (article  31) ;\nVu la loi n\u00b02015-1776  du 28 d\u00e9cembre  2015  relative  \u00e0 l'adaptation  de la soci\u00e9t\u00e9  au\nvieillissement  ;\nVu l'article  D7231-1  du Code  du travail  ;\nVu les d\u00e9crets  n\u00b0 2011-1132  et n\u00b0 2011-1133  du 20 septembre  2011  modifiant  certaines\ndispositions  du Code  du travail,  relatives  au ch\u00e9que  emploi-service  universel  et aux\nservices  a la personne  ;\nVu le d\u00e9cret  n\u00b02016-750  du 6 juin  2016  relatif  a la liste  des  activit\u00e9s  de services  a la personne\nsoumises  a agr\u00e9ment  ou a autorisation  dans  le cadre  du r\u00e9gime  commun  de la d\u00e9claration  ;\nVu le d\u00e9cret  du 29 juillet  2020  portant  nomination  de Monsieur  Laurent  HOTTIAUX,  en qualit\u00e9\nde Pr\u00e9fet  des  Hauts-de-Seine  ;\nVu l'arr\u00eat\u00e9  interminist\u00e9riel  du 25 mars  2021  nommant  Monsieur  Ga\u00ebtan  RUDANT,  Directeur\nr\u00e9gional  et interd\u00e9partemental  de l'\u00e9conomie,  de l'emploi,  du travail  et des  solidarit\u00e9s  d'Ile-\nde-France  \u00e0 compter  du 1er avril  2021  ;\nVu l'arr\u00eat\u00e9  pr\u00e9fectoral  PCI  n\u00b0 2021-018  du 31 mars  2021  portant  d\u00e9l\u00e9gation  de signature  de\nMonsieur  Laurent  HOTTIAUX,  Pr\u00e9fet  des  Hauts  de Seine  \u00e0 Monsieur  Ga\u00ebtan  RUDANT,\nDirecteur  r\u00e9gional  et interd\u00e9partemental  de l'\u00e9conomie,  de l'emploi,  du travail  et des\nsolidarit\u00e9s  d'Ile-de-France  ;\nVu la d\u00e9cision  n\u00b0 2024-056  du 8 avril  2024  portant  subd\u00e9l\u00e9gation  de signature  de Monsieur\nGa\u00ebtan  RUDANT,  Directeur  r\u00e9gional  et interd\u00e9partemental  de l'\u00e9conomie,  de l'emploi,  du\ntravail  et des  solidarit\u00e9s  d'Ile-de-France,  aux  agents  de l'Unit\u00e9  d\u00e9partementale  des  Hauts-\nde-Seine\n\nVu la d\u00e9claration  d'activit\u00e9s  de services  \u00e0 la personne  d\u00e9pos\u00e9e  aupr\u00e8s  de l'Unit\u00e9\nd\u00e9partementale  des  Hauts-de-Seine  de la DRIEETS  le 30 mai  2024  par la micro-entreprise\nToufik  ABDELHAK  sise  au 72 Boulevard  Rodin  - 92130  ISSY-LES-MOULINEAUX.\nApr\u00e8s  examen  du dossier,  cette  demande  \u00e9tant  conforme  aux  dispositions  de l'article  L. 7232-1-\n1 du code  du travail,  le pr\u00e9sent  r\u00e9c\u00e9piss\u00e9  de d\u00e9claration  d'activit\u00e9s  de services  \u00e0 la personne  a\n\u00e9t\u00e9 enregistr\u00e9  au nom  de la micro-entreprise  Toufik  ABDELHAK,  sous  le n\u00b0 SAP  889991857.\nLes  activit\u00e9s  d\u00e9clar\u00e9es  sont  les suivantes,  \u00e0 l'exclusion  de toute  autre  :\n- Entretien  de la maison  et travaux  m\u00e9nagers  ;\n- Livraison  de courses  \u00e0 domicile  ;\n- Maintenance,  entretien  et vigilance  temporaires,  \u00e0 domicile,  de la r\u00e9sidence\nprincipale  et secondaire  ;\nPrestations  relevant  du b\u00e9n\u00e9fice  de la r\u00e9duction  d'imp\u00f4t  pr\u00e9vue  \u00e0 l'article  199  sexdecies  du Code\nG\u00e9n\u00e9ral  des  Imp\u00f4ts\nLa structure  exerce  ces  activit\u00e9s  selon  le mode  suivant  : PRESTATAIRE\nSous  r\u00e9serve  d'\u00eatre  exerc\u00e9es  \u00e0 titre  exclusif  par le d\u00e9clarant  (ou sous  r\u00e9serve  d'une  comptabilit\u00e9\ns\u00e9par\u00e9e  pour  les personnes  morales  dispens\u00e9es  de la condition  d'activit\u00e9  exclusive),  ces  activit\u00e9s\nouvrent  droit  au b\u00e9n\u00e9fice  des  dispositions  des  articles  L. 7233-2  du code  du travail  et L. 241-10\ndu code  de la s\u00e9curit\u00e9  sociale.\nConform\u00e9ment  aux  dispositions  de l'article  R7232-19  du code  du travail,  l'organisme  d\u00e9clar\u00e9  doit\nproduire  au moins  chaque  trimestre  un \u00e9tat  d'activit\u00e9  et chaque  ann\u00e9e  un bilan  quantitatif  et\nqualitatif  de l'activit\u00e9  exerc\u00e9e  au titre  de l'ann\u00e9e  \u00e9coul\u00e9e  ainsi  qu'un  tableau  statistique  annuel.\nSi l'organisme  d\u00e9clar\u00e9  comporte  plusieurs  \u00e9tablissements,  les \u00e9tats  statistiques  et le bilan  annuel\ndistinguent  l'activit\u00e9  exerc\u00e9e  par chaque  \u00e9tablissement.\nL'enregistrement  de la d\u00e9claration  pourra  \u00eatre  retir\u00e9  si l'organisme  d\u00e9clar\u00e9  cesse  de remplir\nles conditions  ou de respecter  les obligations  mentionn\u00e9es  aux  4\u00b0,5\u00b0  et 6\u00b0 de l'article\nR7232-17  ou qui m\u00e9connait  les obligations  d\u00e9finies  \u00e0 l'article  R7232-19  du code  du travail.\nToute  modification  concernant  la structure  d\u00e9clar\u00e9e  ou les activit\u00e9s  exerc\u00e9es  devra,  sous\npeine  de retrait  de la d\u00e9claration,  faire  l'objet  d'une  d\u00e9claration  modificative  aupr\u00e8s  de l'Unit\u00e9\nd\u00e9partementale  des  Hauts-de-Seine.\nLe pr\u00e9sent  r\u00e9c\u00e9piss\u00e9  sera  publi\u00e9  au recueil  des  actes  administratifs  de la pr\u00e9fecture  des  Hauts-\nde-Seine.\nFait  \u00e0 Nanterre,  le 03 juin  2024\nPour  le Pr\u00e9fet\nPar  d\u00e9l\u00e9gation  et subd\u00e9l\u00e9gation\nLa Responsable  du service\nD\u00e9veloppement  de l'emploi  et des\ncomp\u00e9tences\nAble 4 do |\nMariama  COND\u00c9\n\n| Direction  r\u00e9gionale  et interd\u00e9partementale\nMINISTERE  de l'\u00e9conomie,  de l'emploi,\nDU TRAVAIL  du travail  et des solidarit\u00e9s\nDE LA SANT\u00c9  .\nET DES  SOLIDARITESBl\nFraternit\u00e9\nR\u00e9c\u00e9piss\u00e9  de d\u00e9claration  n\u00b02024-247\nd'activit\u00e9s  de services  a la personne  enregistr\u00e9e  au nom  de la micro-entreprise\nKheira  MESSAOUDI  sous  le n\u00b0 SAP  929272912\nLE PREFET  DES  HAUTS-DE-SEINE\nCHEVALIER  DE LA LEGION  D'HONNEUR\nCHEVALIER  DE L'ORDRE  NATIONAL  DU MERITE\nVu la loi n\u00b0 2010-853  du 23 juillet  2010  relative  aux  r\u00e9seaux  consulaires,  au commerce  et a\nlartisanat  et aux  services  (article  31) ;\nVu la loi n\u00b02015-1776  du 28 d\u00e9cembre  2015  relative  a l'adaptation  de la soci\u00e9t\u00e9  au\nvieillissement  ;\nVu l'article  D7231-1  du Code  du travail  ;\nVu les d\u00e9crets  n\u00b0 2011-1132  et n\u00b0 2011-1133  du 20 septembre  2011  modifiant  certaines\ndispositions  du Code  du travail,  relatives  au ch\u00e8que  emploi-service  universel  et aux\nservices  \u00e0 la personne  ;\nVu le d\u00e9cret  n\u00b02016-750  du 6 juin  2016  relatif  \u00e0 la liste  des  activit\u00e9s  de services  \u00e0 la personne\nsoumises  \u00e0 agr\u00e9ment  ou \u00e0 autorisation  dans  le cadre  du r\u00e9gime  commun  de la d\u00e9claration  ;\nVu le d\u00e9cret  du 29 juillet  2020  portant  nomination  de Monsieur  Laurent  HOTTIAUX,  en qualit\u00e9\nde Pr\u00e9fet  des  Hauts-de-Seine  ;\nVu l'arr\u00eat\u00e9  interminist\u00e9riel  du 25 mars  2021  nommant  Monsieur  Ga\u00ebtan  RUDANT,  Directeur\nr\u00e9gional  et interd\u00e9partemental  de l'\u00e9conomie,  de l'emploi,  du travail  et des  solidarit\u00e9s  d'Ile-\nde-France  \u00e0 compter  du 1er avril  2021  ;\nVu l'arr\u00eat\u00e9  pr\u00e9fectoral  PCI  n\u00b0 2021-018  du 31 mars  2021  portant  d\u00e9l\u00e9gation  de signature  de\nMonsieur  Laurent  HOTTIAUX,  Pr\u00e9fet  des  Hauts  de Seine  \u00e0 Monsieur  Ga\u00ebtan  RUDANT,\nDirecteur  r\u00e9gional  et interd\u00e9partemental  de l'\u00e9conomie,  de l'emploi,  du travail  et des\nsolidarit\u00e9s  d'Ile-de-France  ;\nVu la d\u00e9cision  n\u00b0 2024-056  du 8 avril  2024  portant  subd\u00e9l\u00e9gation  de signature  de Monsieur\nGa\u00ebtan  RUDANT,  Directeur  r\u00e9gional  et interd\u00e9partemental  de l'\u00e9conomie,  de l'emploi,  du\ntravail  et des  solidarit\u00e9s  d'Ile-de-France,  aux  agents  de l'Unit\u00e9  d\u00e9partementale  des  Hauts-\nde-Seine\n\nVu la d\u00e9claration  d'activit\u00e9s  de services  a la personne  d\u00e9pos\u00e9e  aupr\u00e8s  de l'Unit\u00e9\nd\u00e9partementale  des  Hauts-de-Seine  de la DRIEETS  le 3 juin  2024  par la micro-entreprise\nKheira  MESSAOUDI  sise  au 88 Avenue  Pierre  Brossolette  - 92240  MALAKOFF.\nApr\u00e8s  examen  du dossier,  cette  demande  \u00e9tant  conforme  aux  dispositions  de l'article  L. 7232-1-\n1 du code  du travail,  le pr\u00e9sent  r\u00e9c\u00e9piss\u00e9  de d\u00e9claration  d'activit\u00e9s  de services  a la personne  a\n\u00e9t\u00e9 enregistr\u00e9  au nom  de la micro-entreprise  Kheira  MESSAOUDI,  sous  le n\u00b0 SAP  929272912.\nLes  activit\u00e9s  d\u00e9clar\u00e9es  sont  les suivantes,  \u00e0 l'exclusion  de toute  autre  :\n- Entretien  de la maison  et travaux  m\u00e9nagers  ;\nPrestations  relevant  du b\u00e9n\u00e9fice  de la r\u00e9duction  d'imp\u00f4t  pr\u00e9vue  \u00e0 l'article  199  sexdecies  du Code\nG\u00e9n\u00e9ral  des  Imp\u00f4ts\nLa structure  exerce  ces  activit\u00e9s  selon  le mode  suivant  : PRESTATAIRE\nSous  r\u00e9serve  d'\u00eatre  exerc\u00e9es  \u00e0 titre  exclusif  par le d\u00e9clarant  (ou sous  r\u00e9serve  d'une  comptabilit\u00e9\ns\u00e9par\u00e9e  pour  les personnes  morales  dispens\u00e9es  de la condition  d'activit\u00e9  exclusive),  ces  activit\u00e9s\nouvrent  droit  au b\u00e9n\u00e9fice  des  dispositions  des  articles  L. 7233-2  du code  du travail  et L. 241-10\ndu code  de la s\u00e9curit\u00e9  sociale.\nConform\u00e9ment  aux  dispositions  de l'article  R7232-19  du code  du travail,  l'organisme  d\u00e9clar\u00e9  doit\nproduire  au moins  chaque  trimestre  un \u00e9tat  d'activit\u00e9  et chaque  ann\u00e9e  un bilan  quantitatif  et\nqualitatif  de l'activit\u00e9  exerc\u00e9e  au titre  de l'ann\u00e9e  \u00e9coul\u00e9e  ainsi  qu'un  tableau  statistique  annuel.\nSi l'organisme  d\u00e9clar\u00e9  comporte  plusieurs  \u00e9tablissements,  les \u00e9tats  statistiques  et le bilan  annuel\ndistinguent  l'activit\u00e9  exerc\u00e9e  par chaque  \u00e9tablissement.\nL'enregistrement  de la d\u00e9claration  pourra  \u00eatre  retir\u00e9  si l'organisme  d\u00e9clar\u00e9  cesse  de remplir\nles conditions  ou de respecter  les obligations  mentionn\u00e9es  aux  4\u00b0,5\u00b0  et 6\u00b0 de l'article\nR7232-17  ou qui m\u00e9connait  les obligations  d\u00e9finies  \u00e0 l'article  R7232-19  du code  du travail.\nToute  modification  concernant  la structure  d\u00e9clar\u00e9e  ou les activit\u00e9s  exerc\u00e9es  devra,  sous\npeine  de retrait  de la d\u00e9claration,  faire  l'objet  d'une  d\u00e9claration  modificative  aupr\u00e8s  de l'Unit\u00e9\nd\u00e9partementale  des  Hauts-de-Seine.\nLe pr\u00e9sent  r\u00e9c\u00e9piss\u00e9  sera  publi\u00e9  au recueil  des  actes  administratifs  de la pr\u00e9fecture  des  Hauts-\nde-Seine.\nFait  \u00e0 Nanterre,  le 03 juin  2024\nPour  le Pr\u00e9fet\nPar  d\u00e9l\u00e9gation  et subd\u00e9l\u00e9gation\nLa Responsable  du service\nD\u00e9veloppement  de l'emploi  et des\ncomp\u00e9tences\nHage\"\nMariama  CONDE\n\nE | Direction  r\u00e9gionale  et interd\u00e9partementale\nMINISTERE  de l'\u00e9conomie,  de l'emploi,\nDU  TRAVAIL  du  travail  et  des  solidarit\u00e9s\nDE LA SANT\u00c9  .\nET DES  SOLIDARITES\ngalt\nFraternit\u00e9\nR\u00e9c\u00e9piss\u00e9  de d\u00e9claration  n\u00b02024-248\nd'activit\u00e9s  de services  a la personne  enregistr\u00e9e  au nom  de la micro-entreprise\nCHAOUI  NADIA  sous  le n\u00b0 SAP  927739276\nLE PREFET  DES  HAUTS-DE-SEINE\nCHEVALIER  DE LA LEGION  D'HONNEUR\nCHEVALIER  DE L'ORDRE  NATIONAL  DU MERITE\nVu la loi n\u00b0 2010-853  du 23 juillet  2010  relative  aux  r\u00e9seaux  consulaires,  au commerce  et a\nlartisanat  et aux  services  (article  31) ;\nVu la loi n\u00b02015-1776  du 28 d\u00e9cembre  2015  relative  \u00e0 l'adaptation  de la soci\u00e9t\u00e9  au\nvieillissement  ;\nVu l'article  D7231-1  du Code  du travail  ;\nVu les d\u00e9crets  n\u00b0 2011-1132  et n\u00b0 2011-1133  du 20 septembre  2011  modifiant  certaines\ndispositions  du Code  du travail,  relatives  au ch\u00e8que  emploi-service  universel  et aux\nservices  \u00e0 la personne  ;\nVu le d\u00e9cret  n\u00b02016-750  du 6 juin  2016  relatif  \u00e0 la liste  des  activit\u00e9s  de services  \u00e0 la personne\nsoumises  \u00e0 agr\u00e9ment  ou \u00e0 autorisation  dans  le cadre  du r\u00e9gime  commun  de la d\u00e9claration  ;\nVu le d\u00e9cret  du 29 juillet  2020  portant  nomination  de Monsieur  Laurent  HOTTIAUX,  en qualit\u00e9\nde Pr\u00e9fet  des  Hauts-de-Seine  ;\nVu l'arr\u00eat\u00e9  interminist\u00e9riel  du 25 mars  2021  nommant  Monsieur  Ga\u00ebtan  RUDANT,  Directeur\nr\u00e9gional  et interd\u00e9partemental  de l'\u00e9conomie,  de l'emploi,  du travail  et des  solidarit\u00e9s  d'lle-\nde-France  \u00e0 compter  du 1er avril  2021  ;\nVu l'arr\u00eat\u00e9  pr\u00e9fectoral  PCI  n\u00b0 2021-018  du 31 mars  2021  portant  d\u00e9l\u00e9gation  de signature  de\nMonsieur  Laurent  HOTTIAUX,  Pr\u00e9fet  des  Hauts  de Seine  \u00e0 Monsieur  Ga\u00ebtan  RUDANT,\nDirecteur  r\u00e9gional  et interd\u00e9partemental  de l'\u00e9conomie,  de l'emploi,  du travail  et des\nsolidarit\u00e9s  d'Ile-de-France  ;\nVu la d\u00e9cision  n\u00b0 2024-056  du 8 avril  2024  portant  subd\u00e9l\u00e9gation  de signature  de Monsieur\nGa\u00ebtan  RUDANT,  Directeur  r\u00e9gional  et interd\u00e9partemental  de l'\u00e9conomie,  de l'emploi,  du\ntravail  et des  solidarit\u00e9s  d'Ile-de-France,  aux  agents  de l'Unit\u00e9  d\u00e9partementale  des  Hauts-\nde-Seine\n\nVu la d\u00e9claration  d'activit\u00e9s  de services  a la personne  d\u00e9pos\u00e9e  aupr\u00e8s  de l'Unit\u00e9\nd\u00e9partementale  des  Hauts-de-Seine  de la DRIEETS  le 2 juin  2024  par la micro-entreprise\nCHAOUI  NADIA  sise  au 11 Avenue  Chausson  - 92230  GENNEVILLIERS.\nApr\u00e8s  examen  du dossier,  cette  demande  \u00e9tant  conforme  aux  dispositions  de l'article  L. 7232-1-\n1 du code  du travail,  le pr\u00e9sent  r\u00e9c\u00e9piss\u00e9  de d\u00e9claration  d'activit\u00e9s  de services  \u00e0 la personne  a\n\u00e9t\u00e9 enregistr\u00e9  au nom  de la micro-entreprise  CHAOUI  NADIA,  sous  le n\u00b0 SAP  927739276.\nLes  activit\u00e9s  d\u00e9clar\u00e9es  sont  les suivantes,  \u00e0 l'exclusion  de toute  autre  :\n- Entretien  de la maison  et travaux  m\u00e9nagers  ;\n- Garde  d'enfants  de plus  de trois  ans  \u00e0 domicile  ;\n- Accompagnement  des  enfants  de plus  de trois  ans  dans  leurs  d\u00e9placements  en\ndehors  de leur  domicile  (promenades,  transports,  actes  de la vie courante)  ;\nPrestations  relevant  du b\u00e9n\u00e9fice  de la r\u00e9duction  d'imp\u00e9t  pr\u00e9vue  \u00e0 l'article  199  sexdecies  du Code\nG\u00e9n\u00e9ral  des  Imp\u00f4ts\nLa structure  exerce  ces  activit\u00e9s  selon  le mode  suivant  : PRESTATAIRE\nSous  r\u00e9serve  d'\u00eatre  exerc\u00e9es  \u00e0 titre  exclusif  par le d\u00e9clarant  (ou sous  r\u00e9serve  d'une  comptabilit\u00e9\ns\u00e9par\u00e9e  pour  les personnes  morales  dispens\u00e9es  de la condition  d'activit\u00e9  exclusive),  ces  activit\u00e9s\nouvrent  droit  au b\u00e9n\u00e9fice  des  dispositions  des  articles  L. 7233-2  du code  du travail  et L. 241-10\ndu code  de la s\u00e9curit\u00e9  sociale.\nConform\u00e9ment  aux  dispositions  de l'article  R7232-19  du code  du travail,  l'organisme  d\u00e9clar\u00e9  doit\nproduire  au moins  chaque  trimestre  un \u00e9tat  d'activit\u00e9  et chaque  ann\u00e9e  un bilan  quantitatif  et\nqualitatif  de l'activit\u00e9  exerc\u00e9e  au titre  de l'ann\u00e9e  \u00e9coul\u00e9e  ainsi  qu'un  tableau  statistique  annuel.\nSi l'organisme  d\u00e9clar\u00e9  comporte  plusieurs  \u00e9tablissements,  les \u00e9tats  statistiques  et le bilan  annuel\ndistinguent  l'activit\u00e9  exerc\u00e9e  par chaque  \u00e9tablissement.\nL'enregistrement  de la d\u00e9claration  pourra  \u00eatre  retir\u00e9  si l'organisme  d\u00e9clar\u00e9  cesse  de remplir\nles conditions  ou de respecter  les obligations  mentionn\u00e9es  aux  4\u00b0,5\u00b0  et 6\u00b0 de l'article\nR7232-17  ou qui  m\u00e9connait  les obligations  d\u00e9finies  \u00e0 l'article  R7232-19  du code  du travail.\nToute  modification  concernant  la structure  d\u00e9clar\u00e9e  ou les activit\u00e9s  exerc\u00e9es  devra,  sous\npeine  de retrait  de la d\u00e9claration,  faire  l'objet  d'une  d\u00e9claration  modificative  aupr\u00e8s  de l'Unit\u00e9\nd\u00e9partementale  des  Hauts-de-Seine.\nLe pr\u00e9sent  r\u00e9c\u00e9piss\u00e9  sera  publi\u00e9  au recueil  des  actes  administratifs  de la pr\u00e9fecture  des  Hauts-\nde-Seine.\nFait  a Nanterre,  le 04 juin  2024\nPour  le Pr\u00e9fet\nPar  d\u00e9l\u00e9gation  et subd\u00e9l\u00e9gation\nLa Responsable  du service\nD\u00e9veloppement  de l'emploi  et des\ncomp\u00e9tences\nwi f\u20ac KE (o x Ai\nMariama  COND\u00c9\n\nEN  Direction  r\u00e9gionale  et interd\u00e9partementale\nMINIST\u00c8RE  de l'\u00e9conomie,  de l'emploi,\nDU  TRAVAIL  du  travail  et  des  solidarit\u00e9s\nDE LA SANT\u00c9  ;\nET DES  SOLIDARITES\u00c9gali\u00e9\nFraternit\u00e9\nR\u00e9c\u00e9piss\u00e9  de d\u00e9claration  n\u00b02024-249\nd'activit\u00e9s  de services  \u00e0 la personne  enregistr\u00e9e  au nom  de la micro-entreprise\nBILEL  LADJIMI  sous  le n\u00b0 SAP  929498814\nLE PREFET  DES  HAUTS-DE-SEINE\nCHEVALIER  DE LA LEGION  D'HONNEUR\nCHEVALIER  DE L'ORDRE  NATIONAL  DU MERITE\nVu la loi n\u00b0 2010-853  du 23 juillet  2010  relative  aux r\u00e9seaux  consulaires,  au commerce  et \u00e0\nl'artisanat  et aux  services  (article  31) ;\nVu la loi n\u00b02015-1776  du 28 d\u00e9cembre  2015  relative  \u00e0 l'adaptation  de la soci\u00e9t\u00e9  au\nvieillissement  ;\nVu l'article  D7231-1  du Code  du travail  ;\nVu les d\u00e9crets  n\u00b0 2011-1132  et n\u00b0 2011-1133  du 20 septembre  2011  modifiant  certaines\ndispositions  du Code  du travail,  relatives  au ch\u00e8que  emploi-service  universel  et aux\nservices  a la personne  ;\nVu le d\u00e9cret  n\u00b02016-750  du 6 juin  2016  relatif  a la liste  des  activit\u00e9s  de services  a la personne\nsoumises  \u00e0 agr\u00e9ment  ou \u00e0 autorisation  dans  le cadre  du r\u00e9gime  commun  de la d\u00e9claration  ;\nVu le d\u00e9cret  du 29 juillet  2020  portant  nomination  de Monsieur  Laurent  HOTTIAUX,  en qualit\u00e9\nde Pr\u00e9fet  des  Hauts-de-Seine  ;\nVu l'arr\u00eat\u00e9  interminist\u00e9riel  du 25 mars  2021  nommant  Monsieur  Ga\u00ebtan  RUDANT,  Directeur\nr\u00e9gional  et interd\u00e9partemental  de l'\u00e9conomie,  de l'emploi,  du travail  et des  solidarit\u00e9s  d'Ile-\nde-France  \u00e0 compter  du 1er avril  2021  ;\nVu l'arr\u00eat\u00e9  pr\u00e9fectoral  PCI  n\u00b0 2021-018  du 31 mars  2021  portant  d\u00e9l\u00e9gation  de signature  de\nMonsieur  Laurent  HOTTIAUX,  Pr\u00e9fet  des  Hauts  de Seine  \u00e0 Monsieur  Ga\u00ebtan  RUDANT,\nDirecteur  r\u00e9gional  et interd\u00e9partemental  de l'\u00e9conomie,  de l'emploi,  du travail  et des\nsolidarit\u00e9s  d'Ile-de-France  ;\nVu la d\u00e9cision  n\u00b0 2024-056  du 8 avril  2024  portant  subd\u00e9l\u00e9gation  de signature  de Monsieur\nGa\u00ebtan  RUDANT,  Directeur  r\u00e9gional  et interd\u00e9partemental  de l'\u00e9conomie,  de l'emploi,  du\ntravail  et des  solidarit\u00e9s  d'Ile-de-France,  aux  agents  de l'Unit\u00e9  d\u00e9partementale  des  Hauts-\nde-Seine\n\nVu la d\u00e9claration  d'activit\u00e9s  de services  \u00e0 la personne  d\u00e9pos\u00e9e  aupr\u00e8s  de l'Unit\u00e9\nd\u00e9partementale  des  Hauts-de-Seine  de la DRIEETS  le 5 juin  2024  par la micro-entreprise\nBILEL  LADJIMI  sise  au 3 rue Auguste  Neveu  - 92500  RUEIL-MALMAISON.\nApr\u00e8s  examen  du dossier,  cette  demande  \u00e9tant  conforme  aux  dispositions  de l'article  L. 7232-1-\n1 du code  du travail,  le pr\u00e9sent  r\u00e9c\u00e9piss\u00e9  de d\u00e9claration  d'activit\u00e9s  de services  \u00e0 la personne  a\n\u00e9t\u00e9 enregistr\u00e9  au nom  de la micro-entreprise  BILEL  LADJIMI,  sous  le n\u00b0 SAP  929498814.\nLes  activit\u00e9s  d\u00e9clar\u00e9es  sont  les suivantes,  \u00e0 l'exclusion  de toute  autre  :\n- Entretien  de la maison  et travaux  m\u00e9nagers  ;\n- Garde  d'enfants  de plus  de trois  ans  \u00e0 domicile  ;\nPrestations  relevant  du b\u00e9n\u00e9fice  de la r\u00e9duction  d'imp\u00f4t  pr\u00e9vue  a l'article  199  sexdecies  du Code\nG\u00e9n\u00e9ral  des  Imp\u00f4ts\nLa structure  exerce  ces  activit\u00e9s  selon  le mode  suivant  : PRESTATAIRE\nSous  r\u00e9serve  d'\u00eatre  exerc\u00e9es  \u00e0 titre  exclusif  par le d\u00e9clarant  (ou sous  r\u00e9serve  d'une  comptabilit\u00e9\ns\u00e9par\u00e9e  pour  les personnes  morales  dispens\u00e9es  de la condition  d'activit\u00e9  exclusive),  ces  activit\u00e9s\nouvrent  droit  au b\u00e9n\u00e9fice  des  dispositions  des  articles  L. 7233-2  du code  du travail  et L. 241-10\ndu code  de la s\u00e9curit\u00e9  sociale.\nConform\u00e9ment  aux  dispositions  de l'article  R7232-19  du code  du travail,  l'organisme  d\u00e9clar\u00e9  doit\nproduire  au moins  chaque  trimestre  un \u00e9tat  d'activit\u00e9  et chaque  ann\u00e9e  un bilan  quantitatif  et\nqualitatif  de l'activit\u00e9  exerc\u00e9e  au titre  de l'ann\u00e9e  \u00e9coul\u00e9e  ainsi  qu'un  tableau  statistique  annuel.\nSi l'organisme  d\u00e9clar\u00e9  comporte  plusieurs  \u00e9tablissements,  les \u00e9tats  statistiques  et le bilan  annuel\ndistinguent  l'activit\u00e9  exerc\u00e9e  par chaque  \u00e9tablissement.\nL'enregistrement  de la d\u00e9claration  pourra  \u00eatre  retir\u00e9  si l'organisme  d\u00e9clar\u00e9  cesse  de remplir\nles conditions  ou de respecter  les obligations  mentionn\u00e9es  aux  4\u00b0,5\u00b0  et 6\u00b0 de l'article\nR7232-17  ou qui m\u00e9connait  les obligations  d\u00e9finies  \u00e0 l'article  R7232-19  du code  du travail.\nToute  modification  concernant  la structure  d\u00e9clar\u00e9e  ou les activit\u00e9s  exerc\u00e9es  devra,  sous\npeine  de retrait  de la d\u00e9claration,  faire  l'objet  d'une  d\u00e9claration  modificative  aupr\u00e8s  de l'Unit\u00e9\nd\u00e9partementale  des  Hauts-de-Seine,\nLe pr\u00e9sent  r\u00e9c\u00e9piss\u00e9  sera  publi\u00e9  au recueil  des  actes  administratifs  de la pr\u00e9fecture  des  Hauts-\nde-Seine.\nFait  \u00e0 Nanterre,  le 10 juin  2024\nPour  le Pr\u00e9fet\nPar  d\u00e9l\u00e9gation  et subd\u00e9l\u00e9gation\nLa Responsable  du service\nD\u00e9veloppement  de l'emploi  et des\ncomp\u00e9tences\nQ\u0178  -\nOY 7...  \u00a2\nEE  LA\n\u00a9\nMariama  COND\u00c9\n\nEn  Direction  r\u00e9gionale  et interd\u00e9partementale\nMINIST\u00c8RE  de l'\u00e9conomie,  de l'emploi,\nDU TRAVAIL  du travail  et des solidarit\u00e9s\nDE LA SANT\u00c9  ;\nET DES  SOLIDARITES\nLibert\u00e9\nEgalit\u00e9\nFraternit\u00e9\nR\u00e9c\u00e9piss\u00e9  de d\u00e9claration  n\u00b02024-250\nd'activit\u00e9s  de services  \u00e0 la personne  enregistr\u00e9e  au nom  de la SAS  2K SERVICES\nD'AIDE  A LA PERSONNE  sous  le n\u00b0 SAP  903096394\nLE PREFET  DES  HAUTS-DE-SEINE\nCHEVALIER  DE LA LEGION  D'HONNEUR\nCHEVALIER  DE L'ORDRE  NATIONAL  DU MERITE\nVu la loi n\u00b0 2010-853  du 23 juillet  2010  relative  aux  r\u00e9seaux  consulaires,  au commerce  et a\nl'artisanat  et aux  services  (article  31) ;\nVu la loi n\u00b02015-1776  du 28 d\u00e9cembre  2015  relative  a l'adaptation  de la soci\u00e9t\u00e9  au\nvieillissement  ;\nVu l'article  D7231-1  du Code  du travail  ;\nVu les d\u00e9crets  n\u00b0 2011-1132  et n\u00b0 2011-1133  du 20 septembre  2011  modifiant  certaines\ndispositions  du Code  du travail,  relatives  au ch\u00e9que  emploi-service  universel  et aux\nservices  a la personne  ;\nVu le d\u00e9cret  n\u00b02016-750  du 6 juin  2016  relatif  a la liste  des  activit\u00e9s  de services  a la personne\nsoumises  \u00e0 agr\u00e9ment  ou \u00e0 autorisation  dans  le cadre  du r\u00e9gime  commun  de la d\u00e9claration  ;\nVu le d\u00e9cret  du 29 juillet  2020  portant  nomination  de Monsieur  Laurent  HOTTIAUX,  en qualit\u00e9\nde Pr\u00e9fet  des  Hauts-de-Seine  ;\nVu l'arr\u00e9t\u00e9  interminist\u00e9riel  du 25 mars  2021  nommant  Monsieur  Ga\u00e9tan  RUDANT,  Directeur\nr\u00e9gional  et interd\u00e9partemental  de l'\u00e9conomie,  de l'emploi,  du travail  et des  solidarit\u00e9s  d'Ile-\nde-France  \u00e0 compter  du 1er  avril  2021  ;\nVu l'arr\u00eat\u00e9  pr\u00e9fectoral  PCI  n\u00b0 2021-018  du 31 mars  2021  portant  d\u00e9l\u00e9gation  de signature  de\nMonsieur  Laurent  HOTTIAUX,  Pr\u00e9fet  des  Hauts  de Seine  \u00e0 Monsieur  Ga\u00ebtan  RUDANT,\nDirecteur  r\u00e9gional  et interd\u00e9partemental  de l'\u00e9conomie,  de l'emploi,  du travail  et des\nsolidarit\u00e9s  d'Ile-de-France  ;\nVu la d\u00e9cision  n\u00b0 2024-056  du 8 avril  2024  portant  subd\u00e9l\u00e9gation  de signature  de Monsieur\nGa\u00ebtan  RUDANT,  Directeur  r\u00e9gional  et interd\u00e9partemental  de l'\u00e9conomie,  de l'emploi,  du\ntravail  et des  solidarit\u00e9s  d'Ile-de-France,  aux  agents  de l'Unit\u00e9  d\u00e9partementale  des  Hauts-\nde-Seine\n\nVu la d\u00e9claration  d'activit\u00e9s  de services  a la personne  d\u00e9pos\u00e9e  aupr\u00e8s  de l'Unit\u00e9\nd\u00e9partementale  des  Hauts-de-Seine  de la DRIEETS  le 3 juin  2024  par la SAS  2K\nSERVICES  D'AIDE  A LA PERSONNE  sise  au 26 Rue  Hippolyte  Mulin  - 92120\nMONTROUGE.\nApr\u00e8s  examen  du dossier,  cette  demande  \u00e9tant  conforme  aux  dispositions  de l'article  L. 7232-1-\n1 du code  du travail,  le pr\u00e9sent  r\u00e9c\u00e9piss\u00e9  de d\u00e9claration  d'activit\u00e9s  de services  \u00e0 la personne  a\n\u00e9t\u00e9 enregistr\u00e9  au nom  de la SAS  2K SERVICES  D'AIDE  A LA PERSONNE,  sous  le n\u00b0 SAP\n903096394.\nLes  activit\u00e9s  d\u00e9clar\u00e9es  sont  les suivantes,  \u00e0 l'exclusion  de toute  autre  :\n- Entretien  de la maison  et travaux  m\u00e9nagers  ;\n- Pr\u00e9paration  de repas  \u00e0 domicile,  y compris  le temps  pass\u00e9  aux  courses  ;\n- Livraison  de courses  \u00e0 domicile  ;\n- Maintenance,  entretien  et vigilance  temporaires,  \u00e0 domicile,  de la r\u00e9sidence\nprincipale  et secondaire  ;\n- Assistance  administrative  \u00e0 domicile  ;\n- Accompagnement  des  personnes  temporairement  d\u00e9pendantes  autres  que\npersonnes  \u00e2g\u00e9es,  handicap\u00e9es  ou atteintes  de pathologies  chroniques,  dans  leurs\nd\u00e9placements  en dehors  de leur  domicile  (promenades,  aide  \u00e0 la mobilit\u00e9  et au\ntransport,  actes  de la vie courante)  ;\n- Assistance  aux  personnes  autres  que  personnes  \u00e2g\u00e9es,  handicap\u00e9es  ou atteintes\nde pathologies  chroniques  qui  ont  besoin  temporairement  d'une  aide  personnelle  \u00e0\nleur  domicile,  \u00e0 l'exclusion  des  soins  relevant  d'actes  m\u00e9dicaux  ;\nPrestations  relevant  du b\u00e9n\u00e9fice  de la r\u00e9duction  d'imp\u00f4t  pr\u00e9vue  \u00e0 l'article  199  sexdecies  du Code\nG\u00e9n\u00e9ral  des  Imp\u00f4ts\nLa structure  exerce  ces  activit\u00e9s  selon  le mode  suivant  : PRESTATAIRE  ET MANDATAIRE\nSous  r\u00e9serve  d'\u00eatre  exerc\u00e9es  \u00e0 titre  exclusif  par le d\u00e9clarant  (ou sous  r\u00e9serve  d'une  comptabilit\u00e9\ns\u00e9par\u00e9e  pour  les personnes  morales  dispens\u00e9es  de la condition  d'activit\u00e9  exclusive),  ces  activit\u00e9s\nouvrent  droit  au b\u00e9n\u00e9fice  des  dispositions  des  articles  L. 7233-2  du code  du travail  et L. 241-10\ndu code  de la s\u00e9curit\u00e9  sociale.\nConform\u00e9ment  aux  dispositions  de l'article  R7232-19  du code  du travail,  l'organisme  d\u00e9clar\u00e9  doit\nproduire  au moins  chaque  trimestre  un \u00e9tat  d'activit\u00e9  et chaque  ann\u00e9e  un bilan  quantitatif  et\nqualitatif  de l'activit\u00e9  exerc\u00e9e  au titre  de l'ann\u00e9e  \u00e9coul\u00e9e  ainsi  qu'un  tableau  statistique  annuel.\nSi l'organisme  d\u00e9clar\u00e9  comporte  plusieurs  \u00e9tablissements,  les \u00e9tats  statistiques  et le bilan  annuel\ndistinguent  l'activit\u00e9  exerc\u00e9e  par chaque  \u00e9tablissement.\nL'enregistrement  de la d\u00e9claration  pourra  \u00eatre  retir\u00e9  si l'organisme  d\u00e9clar\u00e9  cesse  de remplir\nles conditions  ou de respecter  les obligations  mentionn\u00e9es  aux  4\u00b0,5\u00b0  et 6\u00b0 de l'article\nR7232-17  ou qui m\u00e9connait  les obligations  d\u00e9finies  \u00e0 l'article  R7232-19  du code  du travail.\n\nToute  modification  concernant  la structure  d\u00e9clar\u00e9e  ou les activit\u00e9s  exerc\u00e9es  devra,  sous\npeine  de retrait  de la d\u00e9claration,  faire  l'objet  d'une  d\u00e9claration  modificative  aupr\u00e8s  de l'Unit\u00e9\nd\u00e9partementale  des  Hauts-de-Seine.\nLe pr\u00e9sent  r\u00e9c\u00e9piss\u00e9  sera  publi\u00e9  au recueil  des  actes  administratifs  de la pr\u00e9fecture  des  Hauts-\nde-Seine.\nFait  \u00e0 Nanterre,  le 10 juin  2024\nPour  le Pr\u00e9fet\nPar  d\u00e9l\u00e9gation  et subd\u00e9l\u00e9gation\nLa Responsable  du service\nD\u00e9veloppement  de l'emploi  et des\ncomp\u00e9tences\n) G @ Ad\npu.\nMariama  COND\u00c9\n\n| = Direction  r\u00e9gionale  et interd\u00e9partementale\nMINISTERE  de l'\u00e9conomie,  de l'emploi,\nDU  TRAVAIL  du  travail  et  des  solidarit\u00e9s\nDE LA SANT\u00c9  ;\nET DES  SOLIDARITES\nLibert\u00e9\n\u00c9galit\u00e9\nFraternit\u00e9\nR\u00e9c\u00e9piss\u00e9  de d\u00e9claration  n\u00b02024-251\nd'activit\u00e9s  de services  \u00e0 la personne  enregistr\u00e9e  au nom  de la micro-entreprise\nKOUIDRI  FARES  sous  le n\u00b0 SAP  929420974\nLE PREFET  DES  HAUTS-DE-SEINE\nCHEVALIER  DE LA LEGION  D'HONNEUR\nCHEVALIER  DE L'ORDRE  NATIONAL  DU MERITE\nVu la loi n\u00b0 2010-853  du 23 juillet  2010  relative  aux  r\u00e9seaux  consulaires,  au commerce  et a\nlartisanat  et aux  services  (article  31) ;\nVu la loi n\u00b02015-1776  du 28 d\u00e9cembre  2015  relative  \u00e0 l'adaptation  de la soci\u00e9t\u00e9  au\nvieillissement  ;\nVu l'article  D7231-1  du Code  du travail  ;\nVu les d\u00e9crets  n\u00b0 2011-1132  et n\u00b0 2011-1133  du 20 septembre  2011  modifiant  certaines\ndispositions  du Code  du travail,  relatives  au ch\u00e8que  emploi-service  universel  et aux\nservices  a la personne  ;\nVu le d\u00e9cret  n\u00b02016-750  du 6 juin  2016  relatif  \u00e0 la liste  des  activit\u00e9s  de services  \u00e0 la personne\nsoumises  a agr\u00e9ment  ou a autorisation  dans  le cadre  du r\u00e9gime  commun  de la d\u00e9claration  ;\nVu le d\u00e9cret  du 29 juillet  2020  portant  nomination  de Monsieur  Laurent  HOTTIAUX,  en qualit\u00e9\nde Pr\u00e9fet  des  Hauts-de-Seine  ;\nVu l'arr\u00eat\u00e9  interminist\u00e9riel  du 25 mars  2021  nommant  Monsieur  Ga\u00ebtan  RUDANT,  Directeur\nr\u00e9gional  et interd\u00e9partemental  de l'\u00e9conomie,  de l'emploi,  du travail  et des  solidarit\u00e9s  d'Ile-\nde-France  \u00e0 compter  du 1er avril  2021  ;\nVu l'arr\u00eat\u00e9  pr\u00e9fectoral  PCI  n\u00b0 2021-018  du 31 mars  2021  portant  d\u00e9l\u00e9gation  de signature  de\nMonsieur  Laurent  HOTTIAUX,  Pr\u00e9fet  des  Hauts  de Seine  \u00e0 Monsieur  Ga\u00ebtan  RUDANT,\nDirecteur  r\u00e9gional  et interd\u00e9partemental  de l'\u00e9conomie,  de l'emploi,  du travail  et des\nsolidarit\u00e9s  d'Ile-de-France  ;\nVu la d\u00e9cision  n\u00b0 2024-056  du 8 avril  2024  portant  subd\u00e9l\u00e9gation  de signature  de Monsieur\nGa\u00ebtan  RUDANT,  Directeur  r\u00e9gional  et interd\u00e9partemental  de l'\u00e9conomie,  de l'emploi,  du\ntravail  et des  solidarit\u00e9s  d'Ile-de-France,  aux  agents  de l'Unit\u00e9  d\u00e9partementale  des  Hauts-\nde-Seine\n\nVu la d\u00e9claration  d'activit\u00e9s  de services  \u00e0 la personne  d\u00e9pos\u00e9e  aupr\u00e8s  de l'Unit\u00e9\nd\u00e9partementale  des  Hauts-de-Seine  de la DRIEETS  le 6 juin  2024  par  la micro-entreprise\nKOUIDRI  FARES  sise  au 301 Avenue  de la R\u00e9publique  - 92000  NANTERRE.\nApr\u00e8s  examen  du dossier,  cette  demande  \u00e9tant  conforme  aux  dispositions  de l'article  L. 7232-1-\n1 du code  du travail,  le pr\u00e9sent  r\u00e9c\u00e9piss\u00e9  de d\u00e9claration  d'activit\u00e9s  de services  \u00e0 la personne  a\n\u00e9t\u00e9 enregistr\u00e9  au nom  de la micro-entreprise  KOUIDRI  FARES,  sous  le n\u00b0 SAP  929420974.\nLes  activit\u00e9s  d\u00e9clar\u00e9es  sont  les suivantes,  \u00e0 l'exclusion  de toute  autre  :\n- Entretien  de la maison  et travaux  m\u00e9nagers  ;\n- Petits  travaux  de jardinage,  y compris  les travaux  de d\u00e9broussaillage  ;\n- Travaux  de petit  bricolage  dits  \u00ab homme  toutes  mains  \u00bb ;\n- Pr\u00e9paration  de repas  \u00e0 domicile,  y compris  le temps  pass\u00e9  aux  courses  ;\n- Livraison  de courses  \u00e0 domicile  ;\n- Assistance  informatique  \u00e0 domicile  ;\n- Maintenance,  entretien  et vigilance  temporaires,  a domicile,  de la r\u00e9sidence\nprincipale  et secondaire  ;\n- Assistance  administrative  a domicile  ;\nPrestations  relevant  du b\u00e9n\u00e9fice  de la r\u00e9duction  d'imp\u00f4t  pr\u00e9vue  a l'article  199  sexdecies  du Code\nG\u00e9n\u00e9ral  des  Imp\u00f4ts\nLa structure  exerce  ces  activit\u00e9s  selon  le mode  suivant  : PRESTATAIRE\nSous  r\u00e9serve  d'\u00eatre  exerc\u00e9es  \u00e0 titre  exclusif  par le d\u00e9clarant  (ou sous  r\u00e9serve  d'une  comptabilit\u00e9\ns\u00e9par\u00e9e  pour  les personnes  morales  dispens\u00e9es  de la condition  d'activit\u00e9  exclusive),  ces  activit\u00e9s\nouvrent  droit  au b\u00e9n\u00e9fice  des  dispositions  des  articles  L. 7233-2  du code  du travail  et L. 241-10\ndu code  de la s\u00e9curit\u00e9  sociale.\nConform\u00e9ment  aux  dispositions  de l'article  R7232-19  du code  du travail,  l'organisme  d\u00e9clar\u00e9  doit\nproduire  au moins  chaque  trimestre  un \u00e9tat  d'activit\u00e9  et chaque  ann\u00e9e  un bilan  quantitatif  et\nqualitatif  de l'activit\u00e9  exerc\u00e9e  au titre  de l'ann\u00e9e  \u00e9coul\u00e9e  ainsi  qu'un  tableau  statistique  annuel.\nSi l'organisme  d\u00e9clar\u00e9  comporte  plusieurs  \u00e9tablissements,  les \u00e9tats  statistiques  et le bilan  annuel\ndistinguent  l'activit\u00e9  exerc\u00e9e  par  chaque  \u00e9tablissement.\nL'enregistrement  de la d\u00e9claration  pourra  \u00eatre  retir\u00e9  si l'organisme  d\u00e9clar\u00e9  cesse  de remplir\nles conditions  ou de respecter  les obligations  mentionn\u00e9es  aux  4\u00b0,5\u00b0  et 6\u00b0 de l'article\nR7232-17  ou qui m\u00e9connait  les obligations  d\u00e9finies  \u00e0 l'article  R7232-19  du code  du travail.\nToute  modification  concernant  la structure  d\u00e9clar\u00e9e  ou les activit\u00e9s  exerc\u00e9es  devra,  sous\npeine  de retrait  de la d\u00e9claration,  faire  l'objet  d'une  d\u00e9claration  modificative  aupr\u00e8s  de l'Unit\u00e9\nd\u00e9partementale  des  Hauts-de-Seine.\nLe pr\u00e9sent  r\u00e9c\u00e9piss\u00e9  sera  publi\u00e9  au recueil  des  actes  administratifs  de la pr\u00e9fecture  des  Hauts-\nde-Seine.\nFait  \u00e0 Nanterre,  le 10 juin  2024\nPour  le Pr\u00e9fet\nPar  d\u00e9l\u00e9gation  et subd\u00e9l\u00e9gation\nLa Responsable  du service\nD\u00e9veloppement  de l'emploi  et des\ncomp\u00e9tences\nCe] f\nTiHudsCHO  Be\nMariama  CONDE\n\n| | Direction  r\u00e9gionale  et interd\u00e9partementale\nMINISTERE  de l'\u00e9conomie,  de l'emploi,\nDU TRAVAIL  du travail  et des solidarit\u00e9s\nDE LA SANT\u00c9  ;\nET DES  SOLIDARITESdeat\nFraternit\u00e9\nR\u00e9c\u00e9piss\u00e9  de d\u00e9claration  n\u00b02024-252\nd'activit\u00e9s  de services  a la personne  enregistr\u00e9e  au nom  de la micro-entreprise\nLEHUJEUR  Jordan  sous  le n\u00b0 SAP  927858076\nLE PREFET  DES  HAUTS-DE-SEINE\nCHEVALIER  DE LA LEGION  D'HONNEUR\nCHEVALIER  DE L'ORDRE  NATIONAL  DU MERITE\nVu la loi n\u00b0 2010-853  du 23 juillet  2010  relative  aux  r\u00e9seaux  consulaires,  au commerce  et a\nl'artisanat  et aux  services  (article  31) ;\nVu la loi n\u00b02015-1776  du 28 d\u00e9cembre  2015  relative  \u00e0 l'adaptation  de la soci\u00e9t\u00e9  au\nvieillissement  ;\nVu l'article  D7231-1  du Code  du travail  ;\nVu les d\u00e9crets  n\u00b0 2011-1132  et n\u00b0 2011-1133  du 20 septembre  2011  modifiant  certaines\ndispositions  du Code  du travail,  relatives  au ch\u00e8que  emploi-service  universel  et aux\nservices  \u00e0 la personne  ;\nVu le d\u00e9cret  n\u00b02016-750  du 6 juin  2016  relatif  \u00e0 la liste  des  activit\u00e9s  de services  \u00e0 la personne\nsoumises  \u00e0 agr\u00e9ment  ou \u00e0 autorisation  dans  le cadre  du r\u00e9gime  commun  de la d\u00e9claration  ;\nVu le d\u00e9cret  du 29 juillet  2020  portant  nomination  de Monsieur  Laurent  HOTTIAUX,  en qualit\u00e9\nde Pr\u00e9fet  des  Hauts-de-Seine  ;\nVu Parr\u00e9t\u00e9  interminist\u00e9riel  du 25 mars  2021  nommant  Monsieur  Ga\u00ebtan  RUDANT,  Directeur\nr\u00e9gional  et interd\u00e9partemental  de l'\u00e9conomie,  de l'emploi,  du travail  et des  solidarit\u00e9s  d'Ile-\nde-France  \u00e0 compter  du 'er avril  2021  ;\nVu l'arr\u00eat\u00e9  pr\u00e9fectoral  PCI  n\u00b0 2021-018  du 31 mars  2021  portant  d\u00e9l\u00e9gation  de signature  de\nMonsieur  Laurent  HOTTIAUX,  Pr\u00e9fet  des  Hauts  de Seine  \u00e0 Monsieur  Ga\u00ebtan  RUDANT,\nDirecteur  r\u00e9gional  et interd\u00e9partemental  de l'\u00e9conomie,  de l'emploi,  du travail  et des\nsolidarit\u00e9s  d'Ile-de-France  ;\nVu la d\u00e9cision  n\u00b0 2024-056  du 8 avril  2024  portant  subd\u00e9l\u00e9gation  de signature  de Monsieur\nGa\u00ebtan  RUDANT,  Directeur  r\u00e9gional  et interd\u00e9partemental  de l'\u00e9conomie,  de l'emploi,  du\ntravail  et des  solidarit\u00e9s  d'Ile-de-France,  aux  agents  de l'Unit\u00e9  d\u00e9partementale  des  Hauts-\nde-Seine\n\nVu la d\u00e9claration  d'activit\u00e9s  de services  \u00e0 la personne  d\u00e9pos\u00e9e  aupr\u00e8s  de l'Unit\u00e9\nd\u00e9partementale  des  Hauts-de-Seine  de la DRIEETS  le 4 juin  2024  par la micro-entreprise\nLEHUJEUR  Jordan  sise  au 19 Avenue  Georges  clemenceau  - 92330  SCEAUX.\nApr\u00e8s  examen  du dossier,  cette  demande  \u00e9tant  conforme  aux  dispositions  de l'article  L. 7232-1-\n1 du code  du travail,  le pr\u00e9sent  r\u00e9c\u00e9piss\u00e9  de d\u00e9claration  d'activit\u00e9s  de services  \u00e0 la personne  a\n\u00e9t\u00e9 enregistr\u00e9  au nom  de la micro-entreprise  LEHUJEUR  Jordan,  sous  le n\u00b0 SAP  927858076.\nLes  activit\u00e9s  d\u00e9clar\u00e9es  sont  les suivantes,  \u00e0 l'exclusion  de toute  autre  :\n- Entretien  de la maison  et travaux  m\u00e9nagers  ;\n- Garde  d'enfants  de plus  de trois  ans  \u00e0 domicile  ;\nPrestations  relevant  du b\u00e9n\u00e9fice  de la r\u00e9duction  d'imp\u00f4t  pr\u00e9vue  \u00e0 l'article  199  sexdecies  du Code\nG\u00e9n\u00e9ral  des  imp\u00f4ts\nLa structure  exerce  ces  activit\u00e9s  selon  le mode  suivant  : PRESTATAIRE\nSous  r\u00e9serve  d'\u00eatre  exerc\u00e9es  \u00e0 titre  exclusif  par le d\u00e9clarant  (ou sous  r\u00e9serve  d'une  comptabilit\u00e9\ns\u00e9par\u00e9e  pour  les personnes  morales  dispens\u00e9es  de la condition  d'activit\u00e9  exclusive),  ces activit\u00e9s\nouvrent  droit  au b\u00e9n\u00e9fice  des  dispositions  des  articles  L. 7233-2  du code  du travail  et L. 241-10\ndu code  de la s\u00e9curit\u00e9  sociale.\nConform\u00e9ment  aux  dispositions  de l'article  R7232-19  du code  du travail,  l'organisme  d\u00e9clar\u00e9  doit\nproduire  au moins  chaque  trimestre  un \u00e9tat  d'activit\u00e9  et chaque  ann\u00e9e  un bilan  quantitatif  et\nqualitatif  de l'activit\u00e9  exerc\u00e9e  au titre  de l'ann\u00e9e  \u00e9coul\u00e9e  ainsi  qu'un  tableau  statistique  annuel.\nSi l'organisme  d\u00e9clar\u00e9  comporte  plusieurs  \u00e9tablissements,  les \u00e9tats  statistiques  et le bilan  annuel\ndistinguent  l'activit\u00e9  exerc\u00e9e  par chaque  \u00e9tablissement.\nL'enregistrement  de la d\u00e9claration  pourra  \u00eatre  retir\u00e9  si l'organisme  d\u00e9clar\u00e9  cesse  de remplir\nles conditions  ou de respecter  les obligations  mentionn\u00e9es  aux  4\u00b0,5\u00b0  et 6\u00b0 de l'article\nR7232-17  ou qui m\u00e9connait  les obligations  d\u00e9finies  \u00e0 l'article  R7232-19  du code  du travail.\nToute  modification  concernant  la structure  d\u00e9clar\u00e9e  ou les activit\u00e9s  exerc\u00e9es  devra,  sous\npeine  de retrait  de la d\u00e9claration,  faire  l'objet  d'une  d\u00e9claration  modificative  aupr\u00e8s  de l'Unit\u00e9\nd\u00e9partementale  des  Hauts-de-Seine.\nLe pr\u00e9sent  r\u00e9c\u00e9piss\u00e9  sera  publi\u00e9  au recueil  des  actes  administratifs  de la pr\u00e9fecture  des  Hauts-\nde-Seine.\nFait  \u00e0 Nanterre,  le 10 juin  2024\nPour  le Pr\u00e9fet\nPar  d\u00e9l\u00e9gation  et subd\u00e9l\u00e9gation\nLa Responsable  du service\nD\u00e9veloppement  de l'emploi  et des\ncomp\u00e9tences\nba EU\nMariama  CONDE\n\n| | Direction  r\u00e9gionale  et interd\u00e9partementale\nMINISTERE  de l'\u00e9conomie,  de l'emploi,\nDU TRAVAIL.  du travail  et des solidarit\u00e9s\nDE LA SANTE  }\nET DES  SOLIDARITES\nLibert\u00e9\n\u00c9galit\u00e9\nFraternit\u00e9\nR\u00e9c\u00e9piss\u00e9  de d\u00e9claration  n\u00b02024-253\nd'activit\u00e9s  de services  \u00e0 la personne  enregistr\u00e9e  au nom  de la micro-entreprise\nLAMARTI  SAID  sous  le n\u00b0 SAP  982962995\nLE PREFET  DES  HAUTS-DE-SEINE\nCHEVALIER  DE LA LEGION  D'HONNEUR\nCHEVALIER  DE L'ORDRE  NATIONAL  DU MERITE\nVu la loi n\u00b0 2010-853  du 23 juillet  2010  relative  aux r\u00e9seaux  consulaires,  au commerce  et \u00e0\nl'artisanat  et aux  services  (article  31) ;\nVu la loi n\u00b02015-1776  du 28 d\u00e9cembre  2015  relative  \u00e0 l'adaptation  de la soci\u00e9t\u00e9  au\nVieillissement  ;\nVu l'article  D7231-1  du Code  du travail  ;\nVu les d\u00e9crets  n\u00b0 2011-1132  et n\u00b0 2011-1133  du 20 septembre  2011  modifiant  certaines\ndispositions  du Code  du travail,  relatives  au ch\u00e8que  emploi-service  universel  et aux\nservices  \u00e0 la personne  ;\nVu le d\u00e9cret  n\u00b02016-750  du 6 juin 2016  relatif  \u00e0 la liste  des  activit\u00e9s  de services  \u00e0 la personne\nsoumises  \u00e0 agr\u00e9ment  ou \u00e0 autorisation  dans  le cadre  du r\u00e9gime  commun  de la d\u00e9claration  ;\nVu le d\u00e9cret  du 29 juillet  2020  portant  nomination  de Monsieur  Laurent  HOTTIAUX,  en qualit\u00e9\nde Pr\u00e9fet  des  Hauts-de-Seine  ;\nVu l'arr\u00eat\u00e9  interminist\u00e9riel  du 25 mars  2021  nommant  Monsieur  Ga\u00ebtan  RUDANT,  Directeur\nr\u00e9gional  et interd\u00e9partemental  de l'\u00e9conomie,  de l'emploi,  du travail  et des solidarit\u00e9s  d'Ile-\nde-France  \u00e0 compter  du 1er avril  2021  ;\nVu l'arr\u00eat\u00e9  pr\u00e9fectoral  PCI n\u00b0 2021-018  du 31 mars  2021  portant  d\u00e9l\u00e9gation  de signature  de\nMonsieur  Laurent  HOTTIAUX,  Pr\u00e9fet  des Hauts  de Seine  \u00e0 Monsieur  Ga\u00ebtan  RUDANT,\nDirecteur  r\u00e9gional  et interd\u00e9partemental  de l'\u00e9conomie,  de l'emploi,  du travail  et des\nsolidarit\u00e9s  d'Ile-de-France  ;\nVu la d\u00e9cision  n\u00b0 2024-056  du 8 avril  2024  portant  subd\u00e9l\u00e9gation  de signature  de Monsieur\nGa\u00ebtan  RUDANT,  Directeur  r\u00e9gional  et interd\u00e9partemental  de l'\u00e9conomie,  de l'emploi,  du\ntravail  et des  solidarit\u00e9s  d'Ile-de-France,  aux  agents  de l'Unit\u00e9  d\u00e9partementale  des Hauts-\nde-Seine\n\nVu la d\u00e9claration  d'activit\u00e9s  de services  a la personne  d\u00e9pos\u00e9e  aupr\u00e8s  de l'Unit\u00e9\nd\u00e9partementale  des  Hauts-de-Seine  de la DRIEETS  le 7 juin  2024  par la micro-entreprise\nLAMARTI  SAID  sise  au 35 Boulevard  Gallieni  35 - 92130  ISSY-LES-MOULINEAUX.\nApr\u00e8s  examen  du dossier,  cette  demande  \u00e9tant  conforme  aux  dispositions  de l'article  L. 7232-1-\n1 du code  du travail,  le pr\u00e9sent  r\u00e9c\u00e9piss\u00e9  de d\u00e9claration  d'activit\u00e9s  de services  a la personne  a\n\u00e9t\u00e9 enregistr\u00e9  au nom  de la micro-entreprise  LAMARTI  SAID,  sous  le n\u00b0 SAP  982962995.\nLes  activit\u00e9s  d\u00e9clar\u00e9es  sont  les suivantes,  \u00e0 l'exclusion  de toute  autre  :\n- Entretien  de la maison  et travaux  m\u00e9nagers  ;\n- Petits  travaux  de jardinage,  y compris  les travaux  de d\u00e9broussaillage  ;\n- Travaux  de petit  bricolage  dits  \u00ab homme  toutes  mains  \u00bb ;\n- Garde  d'enfants  de plus  de trois  ans  \u00e0 domicile  ;\n- Soutien  scolaire  ou cours  \u00e0 domicile  ;\n- Soins  d'esth\u00e9tiques  a domicile  pour  les personnes  d\u00e9pendantes  ;\n- Livraison  de repas  a domicile  ;\n- Collecte  et livraison  \u00e0 domicile  de linge  repass\u00e9  ;\n- Livraison  de courses  \u00e0 domicile  ;\n- Soins  et promenades  d'animaux  de compagnie,  \u00e0 l'exception  des  soins  v\u00e9t\u00e9rinaires\net du toilettage,  pour  les personnes  d\u00e9pendantes  ;\n- Maintenance,  entretien  et vigilance  temporaires,  \u00e0 domicile,  de la r\u00e9sidence\nprincipale  et secondaire  ;\n- Accompagnement  des  enfants  de plus  de trois  ans  dans  leurs  d\u00e9placements  en\ndehors  de leur  domicile  (promenades,  transports,  actes  de la vie  courante)  ;\n- Assistance  aux  personnes  autres  que  personnes  \u00e2g\u00e9es,  handicap\u00e9es  ou atteintes\nde pathologies  chroniques  qui  ont  besoin  temporairement  d'une  aide  personnelle  \u00e0\nleur  domicile,  \u00e0 l'exclusion  des  soins  relevant  d'actes  m\u00e9dicaux  ;\n- Coordination  et d\u00e9livrance  des  services  \u00e0 la personne  ;\nPrestations  relevant  du b\u00e9n\u00e9fice  de la r\u00e9duction  d'imp\u00f4t  pr\u00e9vue  \u00e0 l'article  199  sexdecies  du Code\nG\u00e9n\u00e9ral  des  Imp\u00f4ts\nLa structure  exerce  ces  activit\u00e9s  selon  le mode  suivant  : PRESTATAIRE  ET MANDATAIRE\nSous  r\u00e9serve  d'\u00eatre  exerc\u00e9es  \u00e0 titre  exclusif  par le d\u00e9clarant  (ou sous  r\u00e9serve  d'une  comptabilit\u00e9\ns\u00e9par\u00e9e  pour  les personnes  morales  dispens\u00e9es  de la condition  d'activit\u00e9  exclusive),  ces  activit\u00e9s\nouvrent  droit  au b\u00e9n\u00e9fice  des  dispositions  des  articles  L. 7233-2  du code  du travail  et L. 241-10\ndu code  de la s\u00e9curit\u00e9  sociale.\nConform\u00e9ment  aux  dispositions  de l'article  R7232-19  du code  du travail,  l'organisme  d\u00e9clar\u00e9  doit\nproduire  au moins  chaque  trimestre  un \u00e9tat  d'activit\u00e9  et chaque  ann\u00e9e  un bilan  quantitatif  et\nqualitatif  de l'activit\u00e9  exerc\u00e9e  au titre  de l'ann\u00e9e  \u00e9coul\u00e9e  ainsi  qu'un  tableau  statistique  annuel.\nSi l'organisme  d\u00e9clar\u00e9  comporte  plusieurs  \u00e9tablissements,  les \u00e9tats  statistiques  et le bilan  annuel\ndistinguent  l'activit\u00e9  exerc\u00e9e  par  chaque  \u00e9tablissement.\nL'enregistrement  de la d\u00e9claration  pourra  \u00eatre  retir\u00e9  si organisme  d\u00e9clar\u00e9  cesse  de remplir\nles conditions  ou de respecter  les obligations  mentionn\u00e9es  aux  4\u00b0,5\u00b0  et 6\u00b0 de l'article\nR7232-17  ou qui m\u00e9connait  les obligations  d\u00e9finies  \u00e0 l'article  R7232-19  du code  du travail.\n\nToute  modification  concernant  la structure  d\u00e9clar\u00e9e  ou les activit\u00e9s  exerc\u00e9es  devra,  sous\npeine  de retrait  de la d\u00e9claration,  faire  l'objet  d'une  d\u00e9claration  modificative  aupr\u00e8s  de l'Unit\u00e9\nd\u00e9partementale  des  Hauts-de-Seine.\nLe pr\u00e9sent  r\u00e9c\u00e9piss\u00e9  sera  publi\u00e9  au recueil  des actes  administratifs  de la pr\u00e9fecture  des Hauts-\nde-Seine.\nFait  \u00e0 Nanterre,  le 10 juin  2024\nPour  le Pr\u00e9fet\nPar  d\u00e9l\u00e9gation  et subd\u00e9l\u00e9gation\nLa Responsable  du service\nD\u00e9veloppement  de l'emploi  et des\ncomp\u00e9tences\nMariama  COND\u00c9\n\nEi  Direction  r\u00e9gionale  et interd\u00e9partementale\nMINISTERE  de l'\u00e9conomie,  de l'emploi,\nDU TRAVAIL  du travail  et des solidarit\u00e9s\nDE LA SANTE  |\nET DES  SOLIDARIT\u00c9S\nFraternit\u00e9\nR\u00e9c\u00e9piss\u00e9  de d\u00e9claration  n\u00b02024-254\nd'activit\u00e9s  de services  \u00e0 la personne  enregistr\u00e9e  au nom  de la micro-entreprise\nAMINATA  DIAWARA  sous  le n\u00b0 SAP  908142599\nLE PREFET  DES  HAUTS-DE-SEINE\nCHEVALIER  DE LA LEGION  D'HONNEUR\nCHEVALIER  DE L'ORDRE  NATIONAL  DU MERITE\nVu la loi n\u00b0 2010-853  du 23 juillet  2010  relative  aux  r\u00e9seaux  consulaires,  au commerce  et a\nlartisanat  et aux  services  (article  31) ;\nVu la loi n\u00b02015-1776  du 28 d\u00e9cembre  2015  relative  \u00e0 l'adaptation  de la soci\u00e9t\u00e9  au\nvieillissement  ;\nVu article  D7231-1  du Code  du travail  ;\nVu les d\u00e9crets  n\u00b0 2011-1132  et n\u00b0 2011-1133  du 20 septembre  2011  modifiant  certaines\ndispositions  du Code  du travail,  relatives  au ch\u00e9que  emploi-service  universel  et aux\nservices  \u00e0 la personne  ;\nVu le d\u00e9cret  n\u00b02016-750  du 6 juin  2016  relatif  \u00e0 la liste  des  activit\u00e9s  de services  \u00e0 la personne\nsoumises  \u00e0 agr\u00e9ment  ou \u00e0 autorisation  dans  le cadre  du r\u00e9gime  commun  de la d\u00e9claration  ;\nVu le d\u00e9cret  du 29 juillet  2020  portant  nomination  de Monsieur  Laurent  HOTTIAUX,  en qualit\u00e9\nde Pr\u00e9fet  des  Hauts-de-Seine  ;\nVu l'arr\u00eat\u00e9  interminist\u00e9riel  du 25 mars  2021  nommant  Monsieur  Ga\u00ebtan  RUDANT,  Directeur\nr\u00e9gional  et interd\u00e9partemental  de l'\u00e9conomie,  de l'emploi,  du travail  et des  solidarit\u00e9s  d'Ile-\nde-France  \u00e0 compter  du 1er avril  2021  ;\nVu l'arr\u00eat\u00e9  pr\u00e9fectoral  PCI  n\u00b0 2021-018  du 31 mars  2021  portant  d\u00e9l\u00e9gation  de signature  de\nMonsieur  Laurent  HOTTIAUX,  Pr\u00e9fet  des  Hauts  de Seine  \u00e0 Monsieur  Ga\u00ebtan  RUDANT,\nDirecteur  r\u00e9gional  et interd\u00e9partemental  de l'\u00e9conomie,  de l'emploi,  du travail  et des\nsolidarit\u00e9s  d'Ile-de-France  ;\nVu la d\u00e9cision  n\u00b0 2024-056  du 8 avril  2024  portant  subd\u00e9l\u00e9gation  de signature  de Monsieur\nGa\u00ebtan  RUDANT,  Directeur  r\u00e9gional  et interd\u00e9partemental  de l'\u00e9conomie,  de l'emploi,  du\ntravail  et des  solidarit\u00e9s  d'Ile-de-France,  aux  agents  de l'Unit\u00e9  d\u00e9partementale  des  Hauts-\nde-Seine\n\nVu la d\u00e9claration  d'activit\u00e9s  de services  \u00e0 la personne  d\u00e9pos\u00e9e  aupr\u00e8s  de l'Unit\u00e9\nd\u00e9partementale  des  Hauts-de-Seine  de la DRIEETS  le 30 mai  2024  par la micro-entreprise\nAMINATA  DIAWARA  sise  au 36 Rue  Salvador  Allende  - 92000  NANTERRE.\nApr\u00e8s  examen  du dossier,  cette  demande  \u00e9tant  conforme  aux  dispositions  de l'article  L. 7232-1-\n1 du code  du travail,  le pr\u00e9sent  r\u00e9c\u00e9piss\u00e9  de d\u00e9claration  d'activit\u00e9s  de services  \u00e0 la personne  a\n\u00e9t\u00e9 enregistr\u00e9  au nom  de la micro-entreprise  AMINATA  DIAWARA,  sous  le n\u00b0 SAP  908142599.\nLes  activit\u00e9s  d\u00e9clar\u00e9es  sont  les suivantes,  \u00e0 l'exclusion  de toute  autre  :\n- Entretien  de la maison  et travaux  m\u00e9nagers  ;\n- Garde  d'enfants  de plus  de trois  ans  \u00e0 domicile  ;\nPrestations  relevant  du b\u00e9n\u00e9fice  de la r\u00e9duction  d'imp\u00f4t  pr\u00e9vue  \u00e0 l'article  199  sexdecies  du Code\nG\u00e9n\u00e9ral  des  Imp\u00f4ts\nLa structure  exerce  ces  activit\u00e9s  selon  le mode  suivant  : PRESTATAIRE\nSous  r\u00e9serve  d'\u00eatre  exerc\u00e9es  \u00e0 titre  exclusif  par le d\u00e9clarant  (ou sous  r\u00e9serve  d'une  comptabilit\u00e9\ns\u00e9par\u00e9e  pour  les personnes  morales  dispens\u00e9es  de la condition  d'activit\u00e9  exclusive),  ces  activit\u00e9s\nouvrent  droit  au b\u00e9n\u00e9fice  des  dispositions  des  articles  L. 7233-2  du code  du travail  et L. 241-10\ndu code  de la s\u00e9curit\u00e9  sociale.\nConform\u00e9ment  aux  dispositions  de l'article  R7232-19  du code  du travail,  l'organisme  d\u00e9clar\u00e9  doit\nproduire  au moins  chaque  trimestre  un \u00e9tat  d'activit\u00e9  et chaque  ann\u00e9e  un bilan  quantitatif  et\nqualitatif  de l'activit\u00e9  exerc\u00e9e  au titre  de l'ann\u00e9e  \u00e9coul\u00e9e  ainsi  qu'un  tableau  statistique  annuel.\nSi l'organisme  d\u00e9clar\u00e9  comporte  plusieurs  \u00e9tablissements,  les \u00e9tats  statistiques  et le bilan  annuel\ndistinguent  l'activit\u00e9  exerc\u00e9e  par chaque  \u00e9tablissement.\nL'enregistrement  de la d\u00e9claration  pourra  \u00eatre  retir\u00e9  si l'organisme  d\u00e9clar\u00e9  cesse  de remplir\nles conditions  ou de respecter  les obligations  mentionn\u00e9es  aux  4\u00b0,5\u00b0  et 6\u00b0 de l'article\nR7232-17  ou qui m\u00e9connait  les obligations  d\u00e9finies  \u00e0 l'article  R7232-19  du code  du travail.\nToute  modification  concernant  la structure  d\u00e9clar\u00e9e  ou les activit\u00e9s  exerc\u00e9es  devra,  sous\npeine  de retrait  de la d\u00e9claration,  faire  l'objet  d'une  d\u00e9claration  modificative  aupr\u00e8s  de l'Unit\u00e9\nd\u00e9partementale  des  Hauts-de-Seine.\nLe pr\u00e9sent  r\u00e9c\u00e9piss\u00e9  sera  publi\u00e9  au recueil  des  actes  administratifs  de la pr\u00e9fecture  des  Hauts-\nde-Seine.\nFait  \u00e0 Nanterre,  le 10 juin  2024\nPour  le Pr\u00e9fet\nPar  d\u00e9l\u00e9gation  et subd\u00e9l\u00e9gation\nLa Responsable  du service\nD\u00e9veloppement  de l'emploi  et des\ncomp\u00e9tences\nva) \u00e0 -\"\nkoHd  Ne\nMariama  COND\u00c9\n\nMINISTERE  Direction  r\u00e9gionale  et interd\u00e9partementale\nDU TRAVAIL.  de l'\u00e9conomie,  de l'emploi,\nDE LA SANTE  , du travail  et des solidarit\u00e9s\nET DES  SOLIDARITES\ngalt\nFraternit\u00e9\nArr\u00eat\u00e9  DRIEETS-UD92  n\u00b02024-255  du 11 juin  2024  modifiant  l'agr\u00e9ment\nSAP822460424  de la SAS  WEEZYOU  SERVICES  (ex SORTIE  D'EKOLE)\nLE PREFET  DES  HAUTS-DE-SEINE\nCHEVALIER  DE LA LEGION  D'HONNEUR\nCHEVALIER  DE L'ORDRE  NATIONAL  DU MERITE\nVu la loi n\u00b0 2010-853  du 23 juillet  2010  relative  aux  r\u00e9seaux  consulaires,  au commerce  et a\nl'artisanat  et aux  services  (article  31) ;\nVu la loi n\u00b02015-1776  du 28 d\u00e9cembre  2015  relative  \u00e0 l'adaptation  de la soci\u00e9t\u00e9  au\nvieillissement  ;\nVu l'article  D7231-1  du Code  du travail  ;\nVu les d\u00e9crets  n\u00b0 2011-1132  et n\u00b0 2011-1133  du 20 septembre  2011  modifiant  certaines\ndispositions  du Code  du travail,  relatives  au ch\u00e8que  emploi-service  universel  et aux\nservices  \u00e0 la personne  ;\nVu le d\u00e9cret  n\u00b02016-750  du 6 juin  2016  relatif  \u00e0 la liste  des  activit\u00e9s  de services  \u00e0 la personne\nsoumises  \u00e0 agr\u00e9ment  ou \u00e0 autorisation  dans  le cadre  du r\u00e9gime  commun  de la d\u00e9claration  ;\nVu le d\u00e9cret  du 29 juillet  2020  portant  nomination  de Monsieur  Laurent  HOTTIAUX,  en qualit\u00e9\nde Pr\u00e9fet  des  Hauts-de-Seine  ;\nVu l'arr\u00eat\u00e9  interminist\u00e9riel  du 25 mars  2021  nommant  Monsieur  Ga\u00ebtan  RUDANT,  Directeur\nr\u00e9gional  et interd\u00e9partemental  de l'\u00e9conomie,  de l'emploi,  du travail  et des  solidarit\u00e9s  d'Ile-\nde-France  \u00e0 compter  du 1er avril  2021  ;\nVu l'arr\u00eat\u00e9  pr\u00e9fectoral  PCI  n\u00b0 2021-018  du 31 mars  2021  portant  d\u00e9l\u00e9gation  de signature  de\nMonsieur  Laurent  HOTTIAUX,  Pr\u00e9fet  des  Hauts  de Seine  \u00e0 Monsieur  Ga\u00ebtan  RUDANT,\nDirecteur  r\u00e9gional  et interd\u00e9partemental  de l'\u00e9conomie,  de l'emploi,  du travail  et des\nsolidarit\u00e9s  d'Ile-de-France  ;\nVu la d\u00e9cision  n\u00b0 2024-056  du 8 avril  2024  portant  subd\u00e9l\u00e9gation  de signature  de Monsieur\nGa\u00ebtan  RUDANT,  Directeur  r\u00e9gional  et interd\u00e9partemental  de l'\u00e9conomie,  de l'emploi,  du\n\ntravail  et des  solidarit\u00e9s  d'Ile-de-France,  aux  agents  de l'Unit\u00e9  d\u00e9partementale  des  Hauts-\nde-Seine  ;\nVu l'arr\u00eat\u00e9  DRIEETS-UD92  n\u00b02022-75  du 21 f\u00e9vrier  2022  renouvelant  l'agr\u00e9ment\nSAP822460424  de la SAS  SORTIE  D'EKOLE  ;\nVu les arr\u00eat\u00e9s  DRIEETS-UD92  n\u00b02023-139  du 11 avril  2023  et n\u00b02024-152  du 2 avril  2024\nmodifiant  les d\u00e9partements  d'intervention  couverts  par l'agr\u00e9ment  SAP822460424  de la\nSAS  SORTIE  D'EKOLE  ;\nVu le mail  de Monsieur  Jean-Fran\u00e7ois  LE GALL  pr\u00e9sident  de la SAS  SORTIE  D'EKOLE  du\n17 avril  2024  informant  du changement  de d\u00e9nomination  sociale  de la structure  ;\nConsid\u00e9rant  l'extrait  KBIS  transmis  par la structure  par mail  en date  du 17 avril  2024  ;\nARR\u00caTE\nARTICLE  1\nLa nouvelle  d\u00e9nomination  sociale  de la SAS  SORTIE  D'ECOLE  sise  14 RUE  D'ORLEANS-  92200\nNEUILLY  SUR  SEINE  est WEEZYOU  SERVICES.\nElle  reste  agr\u00e9\u00e9e  conform\u00e9ment  aux  dispositions  de l'article  L 7232-1  du Code  du Travail  pour  la\nfourniture  de services  aux  personnes.\nLe num\u00e9ro  d'agr\u00e9ment  de l'organisme  reste  inchang\u00e9  \u00e0 savoir  : SAP822460424\nARTICLE  2\nLe pr\u00e9sent  agr\u00e9ment  est valable  jusqu'au  11 janvier  2027  pour  les d\u00e9partements  des  Hauts-de-\nSeine  (92),  de Paris  (75),  de la Seine-Saint-Denis  (93),  les Yvelines  (78),  le Val-de-Marne  (94)  et\nle Val-d'Oise  (95)\nConform\u00e9ment  aux  dispositions  de l'article  R7232-9  du code  du travail,  l'organisme  agr\u00e9\u00e9  doit\nproduire  au moins  chaque  trimestre  un \u00e9tat  d'activit\u00e9  et chaque  ann\u00e9e  un bilan  quantitatif  et\nqualitatif  de l'activit\u00e9  exerc\u00e9e  ainsi  qu'un  tableau  statistique.\nSi l'organisme  comporte  plusieurs  \u00e9tablissements,  les \u00e9tats  statistiques  et le bilan  annuel\ndistinguent  l'activit\u00e9  exerc\u00e9e  par chaque  \u00e9tablissement.\nL'agr\u00e9ment  peut  \u00eatre  renouvel\u00e9.  La demande  de renouvellement  doit  \u00eatre  d\u00e9pos\u00e9e  au plus  tard\ntrois  mois  avant  le terme  de la p\u00e9riode  d'agr\u00e9ment.\nARTICLE  3\nLa SAS  WEEZYOU  SERVICES,  est agr\u00e9\u00e9e  pour  la fourniture  des  services  suivants  :\nEn mode  MANDATAIRE  et PRESTATAIRE\n\n- Garde  d'enfants  de moins  de trois  ans ou de moins  de dix-huit  ans en situation  de handicap  a\ndomicile  ;\n- Accompagnement  des enfants  de moins  de trois  ans ou de moins  de dix-huit  ans en situation  de\nhandicap  dans  leurs  d\u00e9placements  en dehors  de leur domicile  (promenades,  transport,  actes  de\nla vie courante  ;\nprestations  relevant  du b\u00e9n\u00e9fice  de la r\u00e9duction  d'imp\u00f4t  pr\u00e9vue  \u00e0 l'article  199 sexdecies  du Code\nG\u00e9n\u00e9ral  des  Imp\u00f4ts.\nARTICLE  4\nSi l'organisme  envisage  de fournir  des services  autres  que ceux  pour  lesquels  il est agr\u00e9\u00e9,  il devra\nsolliciter  une modification  de son agr\u00e9ment.  La demande  devra  pr\u00e9ciser  les modifications\nenvisag\u00e9es  et les moyens  nouveaux  correspondants.\nToute  cr\u00e9ation  d'activit\u00e9  hors  du ou des d\u00e9partements  pour  lesquels  l'organisme  est agr\u00e9\u00e9  devra\nfaire  l'objet  d'une  demande  d'extension  aupr\u00e8s  du Pr\u00e9fet  des Hauts-de-Seine.  Elle donnera  lieu \u00e0\nune  modification  du pr\u00e9sent  arr\u00eat\u00e9.\nARTICLE  5\nConform\u00e9ment  aux dispositions  de l'article  R7232-12  du code  du travail,  le pr\u00e9sent  agr\u00e9ment\npourra  \u00eatre  retir\u00e9  si l'organisme  agr\u00e9\u00e9  :\n\u00ab Cesse  de remplir  les conditions  ou de respecter  les obligations  mentionn\u00e9es  aux articles\nR 7332-4  \u00e0 R 7232-9  du code  de travail,\n= Ne respecte  pas les dispositions  l\u00e9gales  relatives  \u00e0 la sant\u00e9  et \u00e0 la s\u00e9curit\u00e9  au travail\n= Exerce  des activit\u00e9s  autres  que  celles  d\u00e9clar\u00e9es  dans  la demande  d'agr\u00e9ment,\n= Ne transmet  pas au Pr\u00e9fet  comp\u00e9tent,  avant  la fin du premier  semestre  de l'ann\u00e9e,  le bilan\nqualitatif  et quantitatif  de l'activit\u00e9  exerc\u00e9e  au titre  de l'ann\u00e9e  \u00e9coul\u00e9e.\nARTICLE  6\nLa Directrice  de l'Unit\u00e9  d\u00e9partementale  des Hauts-de-Seine  de la DRIEETS,  est charg\u00e9e  de\nl'application  du pr\u00e9sent  arr\u00eat\u00e9  qui sera  publi\u00e9  au recueil  des Actes  Administratifs  de l'Etat.\nFait  \u00e0 Nanterre,  le 11 juin  2024\nPour  le Pr\u00e9fet\nPar  d\u00e9l\u00e9gation  et subd\u00e9l\u00e9gation\nLa Responsable  du service\nD\u00e9veloppement  de l'emploi  et des\ncomp\u00e9tences  ,\nMariama  COND\u00c9\n\n| | Direction  r\u00e9gionale  et interd\u00e9partementale\nMINISTERE  de l'\u00e9conomie,  de l'emploi,\nDU TRAVAIL  du travail  et des solidarit\u00e9s\nDE LA SANT\u00c9  .\nET DES  SOLIDARITES\nLibert\u00e9\n\u00c9galit\u00e9\nFraternit\u00e9\nR\u00e9c\u00e9piss\u00e9  de d\u00e9claration  n\u00b02024-256\nd'activit\u00e9s  de services  \u00e0 la personne  enregistr\u00e9e  au nom  de la SAS  WEEZYOU\nSERVICES  (ex SORTIE  D EKOLE)  sous  le n\u00b0 SAP  822460424\nLE PREFET  DES  HAUTS-DE-SEINE\nCHEVALIER  DE LA LEGION  D'HONNEUR\nCHEVALIER  DE L'ORDRE  NATIONAL  DU MERITE\nVu la loi n\u00b0 2010-853  du 23 juillet  2010  relative  aux  r\u00e9seaux  consulaires,  au commerce  et \u00e0\nl'artisanat  et aux  services  (article  31) ;\nVu la loi n\u00b02015-1776  du 28 d\u00e9cembre  2015  relative  \u00e0 l'adaptation  de la soci\u00e9t\u00e9  au\nvieillissement  ;\nVu l'article  D7231-1  du Code  du travail  ;\nVu les d\u00e9crets  n\u00b0 2011-1132  et n\u00b0 2011-1133  du 20 septembre  2011  modifiant  certaines\ndispositions  du Code  du travail,  relatives  au ch\u00e8que  emploi-service  universel  et aux\nservices  \u00e0 la personne  ;\nVu le d\u00e9cret  n\u00b02016-750  du 6 juin  2016  relatif  \u00e0 la liste  des  activit\u00e9s  de services  \u00e0 la personne\nsoumises  \u00e0 agr\u00e9ment  ou \u00e0 autorisation  dans  le cadre  du r\u00e9gime  commun  de la d\u00e9claration  ;\nVu le d\u00e9cret  du 29 juillet  2020  portant  nomination  de Monsieur  Laurent  HOTTIAUX,  en qualit\u00e9\nde Pr\u00e9fet  des  Hauts-de-Seine  ;\nVu l'arr\u00eat\u00e9  interminist\u00e9riel  du 25 mars  2021  nommant  Monsieur  Ga\u00ebtan  RUDANT,  Directeur\nr\u00e9gional  et interd\u00e9partemental  de l'\u00e9conomie,  de l'emploi,  du travail  et des  solidarit\u00e9s  d'Ile-\nde-France  \u00e0 compter  du 1er avril  2021  ;\nVu l'arr\u00eat\u00e9  pr\u00e9fectoral  PCI  n\u00b0 2021-018  du 31 mars  2021  portant  d\u00e9l\u00e9gation  de signature  de\nMonsieur  Laurent  HOTTIAUX,  Pr\u00e9fet  des  Hauts  de Seine  \u00e0 Monsieur  Ga\u00ebtan  RUDANT,\nDirecteur  r\u00e9gional  et interd\u00e9partemental  de l'\u00e9conomie,  de l'emploi,  du travail  et des\nsolidarit\u00e9s  d'Ile-de-France  ;\nVu la d\u00e9cision  n\u00b0 2024-056  du 8 avril  2024  portant  subd\u00e9l\u00e9gation  de signature  de Monsieur\nGa\u00ebtan  RUDANT,  Directeur  r\u00e9gional  et interd\u00e9partemental  de l'\u00e9conomie,  de l'emploi,  du\ntravail  et des  solidarit\u00e9s  d'Ile-de-France,  aux  agents  de l'Unit\u00e9  d\u00e9partementale  des  Hauts-\nde-Seine\n\nVu le mail  de Monsieur  Jean-Frangois  LE GALL  pr\u00e9sident  de la SAS  SORTIE  D'EKOLE  du\n17 avril  2024  informant  du changement  de d\u00e9nomination  sociale  de la structure  ;\nVu l'arr\u00eat\u00e9  DRIEETS-UD92  n\u00b02024-255  modifiant  'agr\u00e9ment  SAP822460424  de la SAS\nWEEZYOU  SERVICES  ;\nVu la demande  de modification  des  activit\u00e9s  de services  \u00e0 la personne  d\u00e9pos\u00e9e  aupr\u00e8s  de\nl'Unit\u00e9  d\u00e9partementale  des  Hauts-de-Seine  de la DRIEETS  5 juin  2024  par la SAS\nWEEZYOU  SERVICES  sise  au 14 RUE  D ORLEANS  - 92200  NEUILLY  SUR  SEINE  ;\nApr\u00e8s  examen  du dossier,  cette  demande  \u00e9tant  conforme  aux  dispositions  de l'article  L. 7232-1-\n1 du code  du travail,  le pr\u00e9sent  r\u00e9c\u00e9piss\u00e9  de d\u00e9claration  d'activit\u00e9s  de services  \u00e0 la personne  a\n\u00e9t\u00e9 enregistr\u00e9  au nom  de la SAS  WEEZYOU  SERVICES,  sous  le n\u00b0 SAP  822460424.\nLes  activit\u00e9s  d\u00e9clar\u00e9es  sont  les suivantes,  \u00e0 l'exclusion  de toute  autre  :\nActivit\u00e9s  non  soumises  \u00e0 agr\u00e9ment  ou autorisation  exerc\u00e9es  en mode  Mandataire  et\nPrestataire  :\n- Entretien  de la maison  et travaux  m\u00e9nagers  ;\n- Garde  d'enfants  de plus  de trois  ans  \u00e0 domicile  ;\n- Soutien  scolaire  ou cours  \u00e0 domicile  ;\n- Accompagnement  des  enfants  de plus  de trois  ans  dans  leurs  d\u00e9placements  en dehors\nde leur  domicile  (promenades,  transports,  actes  de la vie courante)  ;\nActivit\u00e9s  non  soumises  a agr\u00e9ment  ou autorisation  exerc\u00e9es  en mode  PRESTATAIRE  :\n- Petits  travaux  de jardinage,  y compris  les travaux  de d\u00e9broussaillage  ;\n- Travaux  de petit  bricolage  dits  \u00ab homme  toutes  mains  \u00bb ;\n- Pr\u00e9paration  de repas  a domicile,  y compris  le temps  pass\u00e9  aux  courses  ;\n- Livraison  de repas  a domicile  ;\n- Collecte  et livraison  a domicile  de linge  repass\u00e9  ;\n- Livraison  de courses  \u00e0 domicile  ;\n- Maintenance,  entretien  et vigilance  temporaires,  a domicile,  de la r\u00e9sidence\nprincipale  et secondaire  ;\n- Assistance  informatique  a domicile  ;\n- Assistance  administrative  a domicile  ;\n- T\u00e9l\u00e9assistance  et visio-assistance  ;\n- Soins  et promenades  d'animaux  de compagnie,  \u00e0 l'exception  des  soins  v\u00e9t\u00e9rinaires\net du toilettage,  pour  les personnes  d\u00e9pendantes  ;\n- Prestation  de conduite  du v\u00e9hicule  personnel  des  personnes  temporairement\nd\u00e9pendantes  autres  que  personnes  ag\u00e9es,  handicap\u00e9es  ou atteintes  de pathologies\nchroniques,  du domicile  au travail,  sur le lieu  de vacances,  pour  les d\u00e9marches\nadministratives  ;\n- Accompagnement  des  personnes  temporairement  d\u00e9pendantes  autres  que  personnes\nag\u00e9es,  handicap\u00e9es  ou atteintes  de pathologies  chroniques,  dans  leurs  d\u00e9placements\nen dehors  de leur  domicile  (promenades,  aide  a la mobilit\u00e9  et au transport,  actes  de la\nvie courante)  ;\n- Assistance  aux  personnes  autres  que  personnes  ag\u00e9es,  handicap\u00e9es  ou atteintes  de\npathologies  chroniques  qui ont besoin  temporairement  d'une  aide  personnelle  a leur\ndomicile,  \u00e0 l'exclusion  des  soins  relevant  d'actes  m\u00e9dicaux  ;\n\nActivit\u00e9s  agr\u00e9\u00e9es  en mode  MANDATAIRE  et PRESTATAIRE  sur  les d\u00e9partements  des\nHauts-de-Seine  (92),  Paris  (75),  Val de Marne  (94),  Seine-Saint-Denis  (93),  Val-d'Oise  (95)  et\nles Yvelines  (78)  :\n- Garde  d'enfants  de moins  de trois  ans ou de moins  de dix-huit  ans  en situation  de\nhandicap  a domicile  ;\n- Accompagnement  des enfants  de moins  de trois  ans ou de moins  de dix-huit  ans  en\nsituation  de handicap  dans  leurs  d\u00e9placements  en dehors  de leur  domicile\n(promenades,  transport,  actes  de la vie courante  ;\nSous  r\u00e9serve  d'\u00eatre  exerc\u00e9es  \u00e0 titre  exclusif  par le d\u00e9clarant  (ou sous  r\u00e9serve  d'une  comptabilit\u00e9\ns\u00e9par\u00e9e  pour  les personnes  morales  dispens\u00e9es  de la condition  d'activit\u00e9  exclusive),  ces  activit\u00e9s\nouvrent  droit  au b\u00e9n\u00e9fice  des  dispositions  des  articles  L. 7233-2  du code  du travail  et L. 241-10\ndu code  de la s\u00e9curit\u00e9  sociale.\nConform\u00e9ment  aux  dispositions  de l'article  R7232-19  du code  du travail,  l'organisme  d\u00e9clar\u00e9  doit\nproduire  au moins  chaque  trimestre  un \u00e9tat  d'activit\u00e9  et chaque  ann\u00e9e  un bilan  quantitatif  et\nqualitatif  de l'activit\u00e9  exerc\u00e9e  au titre  de l'ann\u00e9e  \u00e9coul\u00e9e  ainsi  qu'un  tableau  statistique  annuel.\nSi l'organisme  d\u00e9clar\u00e9  comporte  plusieurs  \u00e9tablissements,  les \u00e9tats  statistiques  et le bilan  annuel\ndistinguent  l'activit\u00e9  exerc\u00e9e  par chaque  \u00e9tablissement.\nL'enregistrement  de la d\u00e9claration  pourra  \u00eatre  retir\u00e9  si l'organisme  d\u00e9clar\u00e9  cesse  de remplir\nles conditions  ou de respecter  les obligations  mentionn\u00e9es  aux  4\u00b0,5\u00b0  et 6\u00b0 de l'article\nR7232-17  ou qui m\u00e9connait  les obligations  d\u00e9finies  \u00e0 l'article  R7232-19  du code  du travail.\nToute  modification  concernant  la structure  d\u00e9clar\u00e9e  ou les activit\u00e9s  exerc\u00e9es  devra,  sous\npeine  de retrait  de la d\u00e9claration,  faire  l'objet  d'une  d\u00e9claration  modificative  aupr\u00e8s  de l'Unit\u00e9\nd\u00e9partementale  des  Hauts-de-Seine.\nLe pr\u00e9sent  r\u00e9c\u00e9piss\u00e9  sera  publi\u00e9  au recueil  des  actes  administratifs  de la pr\u00e9fecture  des  Hauts-\nde-Seine.\nFait  \u00e0 Nanterre,  le 11 juin  2024\nPour  le Pr\u00e9fet\nPar  d\u00e9l\u00e9gation  et subd\u00e9l\u00e9gation\nLa Responsable  du service\nD\u00e9veloppement  de l'emploi  et des\ncomp\u00e9tences\n\u00c7Gua  of\nMariama  CONDE\n\nEH  Direction  r\u00e9gionale  et interd\u00e9partementale\nMINIST\u00c8RE  de l'\u00e9conomie,  de l'emploi,\nDU TRAVAIL  du travail  et des solidarit\u00e9s\nDE LA SANT\u00c9  .\nET DES  SOLIDARITES\nLibert\u00e9\n\u00c9galit\u00e9\nFraternit\u00e9\nR\u00e9c\u00e9piss\u00e9  de d\u00e9claration  n\u00b02024-257\nd'activit\u00e9s  de services  \u00e0 la personne  enregistr\u00e9e  au nom  de la micro-entreprise\nDJELAL  WAFA  sous  le n\u00b0 SAP  929121408\nLE PREFET  DES  HAUTS-DE-SEINE\nCHEVALIER  DE LA LEGION  D'HONNEUR\nCHEVALIER  DE L'ORDRE  NATIONAL  DU MERITE\nVu la loi n\u00b0 2010-853  du 23 juillet  2010  relative  aux r\u00e9seaux  consulaires,  au commerce  et \u00e0\nl'artisanat  et aux  services  (article  31) ;\nVu la loi n\u00b02015-1776  du 28 d\u00e9cembre  2015  relative  \u00e0 l'adaptation  de la soci\u00e9t\u00e9  au\nvieillissement  ;\nVu l'article  D7231-1  du Code  du travail  ;\nVu les d\u00e9crets  n\u00b0 2011-1132  et n\u00b0 2011-1133  du 20 septembre  2011  modifiant  certaines\ndispositions  du Code  du travail,  relatives  au ch\u00e8que  emploi-service  universel  et aux\nservices  \u00e0 la personne  ;\nVu le d\u00e9cret  n\u00b02016-750  du 6 juin 2016  relatif  \u00e0 la liste  des activit\u00e9s  de services  \u00e0 la personne\nsoumises  \u00e0 agr\u00e9ment  ou \u00e0 autorisation  dans  le cadre  du r\u00e9gime  commun  de la d\u00e9claration  ;\nVu le d\u00e9cret  du 29 juillet  2020  portant  nomination  de Monsieur  Laurent  HOTTIAUX,  en qualit\u00e9\nde Pr\u00e9fet  des  Hauts-de-Seine  ;\nVu l'arr\u00eat\u00e9  interminist\u00e9riel  du 25 mars  2021  nommant  Monsieur  Ga\u00ebtan  RUDANT,  Directeur\nr\u00e9gional  et interd\u00e9partemental  de l'\u00e9conomie,  de l'emploi,  du travail  et des  solidarit\u00e9s  d'lle-\nde-France  \u00e0 compter  du 1er avril  2021  ;\nVu l'arr\u00eat\u00e9  pr\u00e9fectoral  PCI n\u00b0 2021-018  du 31 mars  2021  portant  d\u00e9l\u00e9gation  de signature  de\nMonsieur  Laurent  HOTTIAUX,  Pr\u00e9fet  des Hauts  de Seine  \u00e0 Monsieur  Ga\u00ebtan  RUDANT,\nDirecteur  r\u00e9gional  et interd\u00e9partemental  de l'\u00e9conomie,  de l'emploi,  du travail  et des\nsolidarit\u00e9s  d'Ile-de-France  ;\nVu la d\u00e9cision  n\u00b0 2024-056  du 8 avril  2024  portant  subd\u00e9l\u00e9gation  de signature  de Monsieur\nGa\u00ebtan  RUDANT,  Directeur  r\u00e9gional  et interd\u00e9partemental  de l'\u00e9conomie,  de l'emploi,  du\ntravail  et des solidarit\u00e9s  d'Ile-de-France,  aux agents  de l'Unit\u00e9  d\u00e9partementale  des Hauts-\nde-Seine\n\nVu la d\u00e9claration  d'activit\u00e9s  de services  a la personne  d\u00e9pos\u00e9e  aupr\u00e8s  de l'Unit\u00e9\nd\u00e9partementale  des  Hauts-de-Seine  de la DRIEETS  le 8 juin  2024  par la micro-entreprise\nDJELAL  WAFA  sise  au 3 rue Jean  Monnet  - 92700  COLOMBES.\nApr\u00e8s  examen  du dossier,  cette  demande  \u00e9tant  conforme  aux  dispositions  de l'article  L. 7232-1-\n1 du code  du travail,  le pr\u00e9sent  r\u00e9c\u00e9piss\u00e9  de d\u00e9claration  d'activit\u00e9s  de services  \u00e0 la personne  a\n\u00e9t\u00e9 enregistr\u00e9  au nom  de la micro-entreprise  DJELAL  WAFA,  sous  le n\u00b0 SAP  929121408.\nLes  activit\u00e9s  d\u00e9clar\u00e9es  sont  les suivantes,  \u00e0 l'exclusion  de toute  autre  :\n- Entretien  de la maison  et travaux  m\u00e9nagers  ;\n- Garde  d'enfants  de plus  de trois  ans  \u00e0 domicile  ;\nPrestations  relevant  du b\u00e9n\u00e9fice  de la r\u00e9duction  d'imp\u00f4t  pr\u00e9vue  \u00e0 l'article  199  sexdecies  du Code\nG\u00e9n\u00e9ral  des  Imp\u00f4ts\nLa structure  exerce  ces  activit\u00e9s  selon  le mode  suivant  : PRESTATAIRE\nSous  r\u00e9serve  d'\u00eatre  exerc\u00e9es  \u00e0 titre  exclusif  par le d\u00e9clarant  (ou sous  r\u00e9serve  d'une  comptabilit\u00e9\ns\u00e9par\u00e9e  pour  les personnes  morales  dispens\u00e9es  de la condition  d'activit\u00e9  exclusive),  ces  activit\u00e9s\nouvrent  droit  au b\u00e9n\u00e9fice  des  dispositions  des  articles  L. 7233-2  du code  du travail  et L. 241-10\ndu code  de la s\u00e9curit\u00e9  sociale.\nConform\u00e9ment  aux  dispositions  de l'article  R7232-19  du code  du travail,  l'organisme  d\u00e9clar\u00e9  doit\nproduire  au moins  chaque  trimestre  un \u00e9tat  d'activit\u00e9  et chaque  ann\u00e9e  un bilan  quantitatif  et\nqualitatif  de l'activit\u00e9  exerc\u00e9e  au titre  de l'ann\u00e9e  \u00e9coul\u00e9e  ainsi  qu'un  tableau  statistique  annuel.\nSi l'organisme  d\u00e9clar\u00e9  comporte  plusieurs  \u00e9tablissements,  les \u00e9tats  statistiques  et le bilan  annuel\ndistinguent  l'activit\u00e9  exerc\u00e9e  par chaque  \u00e9tablissement.\nL'enregistrement  de la d\u00e9claration  pourra  \u00eatre  retir\u00e9  si l'organisme  d\u00e9clar\u00e9  cesse  de remplir\nles conditions  ou de respecter  les obligations  mentionn\u00e9es  aux  4\u00b0,5\u00b0  et 6\u00b0 de l'article\nR7232-17  ou qui  m\u00e9connait  les obligations  d\u00e9finies  \u00e0 l'article  R7232-19  du code  du travail.\nToute  modification  concernant  la structure  d\u00e9clar\u00e9e  ou les activit\u00e9s  exerc\u00e9es  devra,  sous\npeine  de retrait  de la d\u00e9claration,  faire  l'objet  d'une  d\u00e9claration  modificative  aupr\u00e8s  de l'Unit\u00e9\nd\u00e9partementale  des  Hauts-de-Seine.\nLe pr\u00e9sent  r\u00e9c\u00e9piss\u00e9  sera  publi\u00e9  au recueil  des  actes  administratifs  de la pr\u00e9fecture  des  Hauts-\nde-Seine.\nFait  \u00e0 Nanterre,  le 11 juin  2024\nPour  le Pr\u00e9fet\nPar  d\u00e9l\u00e9gation  et subd\u00e9l\u00e9gation\nLa Responsable  du service\nD\u00e9veloppement  de l'emploi  et des\ncomp\u00e9tences\nDE.\nEXPIM\nMariama  COND\u00c9\n\n| Direction  r\u00e9gionale  et interd\u00e9partementale\nMINISTERE  de l'\u00e9conomie,  de l'emploi,\nDU TRAVAIL  du travail  et des solidarit\u00e9s\nDE LA SANT\u00c9  .\nET DES  SOLIDARITES\nFraternit\u00e9\nR\u00e9c\u00e9piss\u00e9  de d\u00e9claration  n\u00b02024-258\nd'activit\u00e9s  de services  a la personne  enregistr\u00e9e  au nom  de la micro-entreprise\nBARENDA  Gabrielle  sous  le n\u00b0 SAP  903966398\nLE PREFET  DES  HAUTS-DE-SEINE\nCHEVALIER  DE LA LEGION  D'HONNEUR\nCHEVALIER  DE L'ORDRE  NATIONAL  DU MERITE\nVu la loi n\u00b0 2010-853  du 23 juillet  2010  relative  aux r\u00e9seaux  consulaires,  au commerce  et \u00e0\nl'artisanat  et aux  services  (article  31) ;\nVu la loi n\u00b02015-1776  du 28 d\u00e9cembre  2015  relative  \u00e0 l'adaptation  de la soci\u00e9t\u00e9  au\nvieillissement  ;\nVu l'article  D7231-1  du Code  du travail  ;\nVu les d\u00e9crets  n\u00b0 2011-1132  et n\u00b0 2011-1133  du 20 septembre  2011  modifiant  certaines\ndispositions  du Code  du travail,  relatives  au ch\u00e9que  emploi-service  universel  et aux\nservices  a la personne  ;\nVu le d\u00e9cret  n\u00b02016-750  du 6 juin 2016  relatif  a la liste  des activit\u00e9s  de services  a la personne\nsoumises  \u00e0 agr\u00e9ment  ou \u00e0 autorisation  dans  le cadre  du r\u00e9gime  commun  de la d\u00e9claration  ;\nVu le d\u00e9cret  du 29 juillet  2020  portant  nomination  de Monsieur  Laurent  HOTTIAUX,  en qualit\u00e9\nde Pr\u00e9fet  des  Hauts-de-Seine  ;\nVu l'arr\u00eat\u00e9  interminist\u00e9riel  du 25 mars  2021  nommant  Monsieur  Ga\u00ebtan  RUDANT,  Directeur\nr\u00e9gional  et interd\u00e9partemental  de l'\u00e9conomie,  de l'emploi,  du travail  et des solidarit\u00e9s  d'lle-\nde-France  \u00e0 compter  du 1er avril  2021  ;\nVu l'arr\u00eat\u00e9  pr\u00e9fectoral  PCI n\u00b0 2021-018  du 31 mars  2021  portant  d\u00e9l\u00e9gation  de signature  de\nMonsieur  Laurent  HOTTIAUX,  Pr\u00e9fet  des Hauts  de Seine  \u00e0 Monsieur  Ga\u00ebtan  RUDANT,\nDirecteur  r\u00e9gional  et interd\u00e9partemental  de l'\u00e9conomie,  de l'emploi,  du travail  et des\nsolidarit\u00e9s  d'lle-de-France  ;\nVu la d\u00e9cision  n\u00b0 2024-056  du 8 avril  2024  portant  subd\u00e9l\u00e9gation  de signature  de Monsieur\nGa\u00ebtan  RUDANT,  Directeur  r\u00e9gional  et interd\u00e9partemental  de l'\u00e9conomie,  de l'emploi,  du\ntravail  et des solidarit\u00e9s  d'Ile-de-France,  aux agents  de l'Unit\u00e9  d\u00e9partementale  des Hauts-\nde-Seine\n\nVu la d\u00e9claration  d'activit\u00e9s  de services  \u00e0 la personne  d\u00e9pos\u00e9e  aupr\u00e8s  de l'Unit\u00e9\nd\u00e9partementale  des  Hauts-de-Seine  de la DRIEETS  le 11 juin  2024  par la micro-entreprise\nBARENDA  Gabrielle  sise  au 66 Rue  de Saint-cloud  - 92410  VILLE  D'AVRAY.\nApr\u00e8s  examen  du dossier,  cette  demande  \u00e9tant  conforme  aux  dispositions  de l'article  L. 7232-1-\n1 du code  du travail,  le pr\u00e9sent  r\u00e9c\u00e9piss\u00e9  de d\u00e9claration  d'activit\u00e9s  de services  \u00e0 la personne  a\n\u00e9t\u00e9 enregistr\u00e9  au nom  de la micro-entreprise  BARENDA  Gabrielle,  sous  le n\u00b0 SAP  903966398.\nLes  activit\u00e9s  d\u00e9clar\u00e9es  sont  les suivantes,  \u00e0 l'exclusion  de toute  autre  :\n- Entretien  de la maison  et travaux  m\u00e9nagers  ;\nPrestations  relevant  du b\u00e9n\u00e9fice  de la r\u00e9duction  d'imp\u00f4t  pr\u00e9vue  \u00e0 l'article  199  sexdecies  du Code\nG\u00e9n\u00e9ral  des  Imp\u00f4ts\nLa structure  exerce  ces  activit\u00e9s  selon  le mode  suivant  : PRESTATAIRE\nSous  r\u00e9serve  d'\u00eatre  exerc\u00e9es  \u00e0 titre  exclusif  par le d\u00e9clarant  (ou sous  r\u00e9serve  d'une  comptabilit\u00e9\ns\u00e9par\u00e9e  pour  les personnes  morales  dispens\u00e9es  de la condition  d'activit\u00e9  exclusive),  ces  activit\u00e9s\nouvrent  droit  au b\u00e9n\u00e9fice  des  dispositions  des  articles  L. 7233-2  du code  du travail  et L. 241-10\ndu code  de la s\u00e9curit\u00e9  sociale.\nConform\u00e9ment  aux  dispositions  de l'article  R7232-19  du code  du travail,  l'organisme  d\u00e9clar\u00e9  doit\nproduire  au moins  chaque  trimestre  un \u00e9tat  d'activit\u00e9  et chaque  ann\u00e9e  un bilan  quantitatif  et\nqualitatif  de l'activit\u00e9  exerc\u00e9e  au titre  de l'ann\u00e9e  \u00e9coul\u00e9e  ainsi  qu'un  tableau  statistique  annuel.\nSi l'organisme  d\u00e9clar\u00e9  comporte  plusieurs  \u00e9tablissements,  les \u00e9tats  statistiques  et le bilan  annuel\ndistinguent  l'activit\u00e9  exerc\u00e9e  par chaque  \u00e9tablissement.\nL'enregistrement  de la d\u00e9claration  pourra  \u00eatre  retir\u00e9  si l'organisme  d\u00e9clar\u00e9  cesse  de remplir\nles conditions  ou de respecter  les obligations  mentionn\u00e9es  aux  4\u00b0,5\u00b0  et 6\u00b0 de l'article\nR7232-17  ou qui  m\u00e9conna\u00eet  les obligations  d\u00e9finies  \u00e0 l'article  R7232-19  du code  du travail.\nToute  modification  concernant  la structure  d\u00e9clar\u00e9e  ou les activit\u00e9s  exerc\u00e9es  devra,  sous\npeine  de retrait  de la d\u00e9claration,  faire  l'objet  d'une  d\u00e9claration  modificative  aupr\u00e8s  de l'Unit\u00e9\nd\u00e9partementale  des  Hauts-de-Seine.\nLe pr\u00e9sent  r\u00e9c\u00e9piss\u00e9  sera  publi\u00e9  au recueil  des  actes  administratifs  de la pr\u00e9fecture  des  Hauts-\nde-Seine.\nFait  \u00e0 Nanterre,  le 12 juin  2024\nPour  le Pr\u00e9fet\nPar  d\u00e9l\u00e9gation  et subd\u00e9l\u00e9gation\nLa Responsable  du service\nD\u00e9veloppement  de l'emploi  et des\ncomp\u00e9tences\nCc\nSou.\nMariama  CONDE\n\nEs  Direction  r\u00e9gionale  et interd\u00e9partementale\nMINISTERE  de l'\u00e9conomie,  de l'emploi,\nDU  TRAVAIL  du  travail  et des  solidarit\u00e9s\nDE LA SANT\u00c9  .\nET DES  SOLIDARITESBeale\nFraternit\u00e9\nR\u00e9c\u00e9piss\u00e9  de d\u00e9claration  n\u00b02024-259\nd'activit\u00e9s  de services  a la personne  enregistr\u00e9e  au nom  de la micro-entreprise\nZERMAN  RAOUF  sous  le n\u00b0 SAP  929778108\nLE PREFET  DES  HAUTS-DE-SEINE\nCHEVALIER  DE LA LEGION  D'HONNEUR\nCHEVALIER  DE L'ORDRE  NATIONAL  DU MERITE\nVu la loi n\u00b0 2010-853  du 23 juillet  2010  relative  aux  r\u00e9seaux  consulaires,  au commerce  et a\nl'artisanat  et aux  services  (article  31) ;\nVu la loi n\u00b02015-1776  du 28 d\u00e9cembre  2015  relative  \u00e0 l'adaptation  de la soci\u00e9t\u00e9  au\nvieillissement  ;\nVu l'article  D7231-1  du Code  du travail  ;\nVu les d\u00e9crets  n\u00b0 2011-1132  et n\u00b0 2011-1133  du 20 septembre  2011  modifiant  certaines\ndispositions  du Code  du travail,  relatives  au ch\u00e8que  emploi-service  universel  et aux\nservices  a la personne  ;\nVu le d\u00e9cret  n\u00b02016-750  du 6 juin  2016  relatif  a la liste  des  activit\u00e9s  de services  a la personne\nsoumises  \u00e0 agr\u00e9ment  ou \u00e0 autorisation  dans  le cadre  du r\u00e9gime  commun  de la d\u00e9claration  ;\nVu le d\u00e9cret  du 29 juillet  2020  portant  nomination  de Monsieur  Laurent  HOTTIAUX,  en qualit\u00e9\nde Pr\u00e9fet  des  Hauts-de-Seine  ;\nVu l'arr\u00eat\u00e9  interminist\u00e9riel  du 25 mars  2021  nommant  Monsieur  Ga\u00ebtan  RUDANT,  Directeur\nr\u00e9gional  et interd\u00e9partemental  de l'\u00e9conomie,  de l'emploi,  du travail  et des  solidarit\u00e9s  d'Ile-\nde-France  \u00e0 compter  du 1er avril  2021  ;\nVu l'arr\u00eat\u00e9  pr\u00e9fectoral  PCI  n\u00b0 2021-018  du 31 mars  2021  portant  d\u00e9l\u00e9gation  de signature  de\nMonsieur  Laurent  HOTTIAUX,  Pr\u00e9fet  des  Hauts  de Seine  \u00e0 Monsieur  Ga\u00ebtan  RUDANT,\nDirecteur  r\u00e9gional  et interd\u00e9partemental  de l'\u00e9conomie,  de l'emploi,  du travail  et des\nsolidarit\u00e9s  d'Ile-de-France  ;\nVu la d\u00e9cision  n\u00b0 2024-056  du 8 avril  2024  portant  subd\u00e9l\u00e9gation  de signature  de Monsieur\nGa\u00ebtan  RUDANT,  Directeur  r\u00e9gional  et interd\u00e9partemental  de l'\u00e9conomie,  de l'emploi,  du\ntravail  et des  solidarit\u00e9s  d'Ile-de-France,  aux  agents  de l'Unit\u00e9  d\u00e9partementale  des  Hauts-\nde-Seine\n\nVu la d\u00e9claration  d'activit\u00e9s  de services  \u00e0 la personne  d\u00e9pos\u00e9e  aupr\u00e8s  de l'Unit\u00e9\nd\u00e9partementale  des  Hauts-de-Seine  de la DRIEETS  le 11 juin  2024  par la micro-entreprise\nZERMAN  RAOUF  sise  au 6 Rue  Blondel  - 92400  COURBEVOIE.\nApr\u00e8s  examen  du dossier,  cette  demande  \u00e9tant  conforme  aux  dispositions  de l'article  L. 7232-1-\n1 du code  du travail,  le pr\u00e9sent  r\u00e9c\u00e9piss\u00e9  de d\u00e9claration  d'activit\u00e9s  de services  \u00e0 la personne  a\n\u00e9t\u00e9 enregistr\u00e9  au nom  de la micro-entreprise  ZERMAN  RAOUF,  sous  le n\u00b0 SAP  929778108.\nLes  activit\u00e9s  d\u00e9clar\u00e9es  sont  les suivantes,  \u00e0 l'exclusion  de toute  autre  :\n- Entretien  de la maison  et travaux  m\u00e9nagers  ;\nPrestations  relevant  du b\u00e9n\u00e9fice  de la r\u00e9duction  d'imp\u00eat  pr\u00e9vue  \u00e0 l'article  199  sexdecies  du Code\nG\u00e9n\u00e9ral  des  Imp\u00f4ts\nLa structure  exerce  ces  activit\u00e9s  selon  le mode  suivant  : PRESTATAIRE\nSous  r\u00e9serve  d'\u00eatre  exerc\u00e9es  \u00e0 titre  exclusif  par le d\u00e9clarant  (ou sous  r\u00e9serve  d'une  comptabilit\u00e9\ns\u00e9par\u00e9e  pour  les personnes  morales  dispens\u00e9es  de la condition  d'activit\u00e9  exclusive),  ces  activit\u00e9s\nouvrent  droit  au b\u00e9n\u00e9fice  des  dispositions  des  articles  L. 7233-2  du code  du travail  et L. 241-10\ndu code  de la s\u00e9curit\u00e9  sociale.\nConform\u00e9ment  aux  dispositions  de l'article  R7232-19  du code  du travail,  l'organisme  d\u00e9clar\u00e9  doit\nproduire  au moins  chaque  trimestre  un \u00e9tat  d'activit\u00e9  et chaque  ann\u00e9e  un bilan  quantitatif  et\nqualitatif  de l'activit\u00e9  exerc\u00e9e  au titre  de l'ann\u00e9e  \u00e9coul\u00e9e  ainsi  qu'un  tableau  statistique  annuel.\nSi l'organisme  d\u00e9clar\u00e9  comporte  plusieurs  \u00e9tablissements,  les \u00e9tats  statistiques  et le bilan  annuel\ndistinguent  l'activit\u00e9  exerc\u00e9e  par chaque  \u00e9tablissement.\nL'enregistrement  de la d\u00e9claration  pourra  \u00eatre  retir\u00e9  si l'organisme  d\u00e9clar\u00e9  cesse  de remplir\nles conditions  ou de respecter  les obligations  mentionn\u00e9es  aux  4\u00b0,5\u00b0  et 6\u00b0 de l'article\nR7232-17  ou qui m\u00e9connait  les obligations  d\u00e9finies  \u00e0 l'article  R7232-19  du code  du travail.\nToute  modification  concernant  la structure  d\u00e9ciar\u00e9e  ou les activit\u00e9s  exerc\u00e9es  devra,  sous\npeine  de retrait  de la d\u00e9claration,  faire  l'objet  d'une  d\u00e9claration  modificative  aupr\u00e8s  de l'Unit\u00e9\nd\u00e9partementale  des  Hauts-de-Seine.\nLe pr\u00e9sent  r\u00e9c\u00e9piss\u00e9  sera  publi\u00e9  au recueil  des  actes  administratifs  de la pr\u00e9fecture  des  Hauts-\nde-Seine.\nFait  \u00e0 Nanterre,  le 12 juin  2024\nPour  le Pr\u00e9fet\nPar  d\u00e9l\u00e9gation  et subd\u00e9l\u00e9gation\nLa Responsable  du service\nD\u00e9veloppement  de l'emploi  et des\ncomp\u00e9tences\n- C$ AT\nMariama  COND\u00c9\n\n| | Direction  r\u00e9gionale  et interd\u00e9partementale\nMINISTERE  de l'\u00e9conomie,  de l'emploi,\nDU  TRAVAIL  du  travail  et  des  solidarit\u00e9s\nDE LA SANTE  ;\nET DES  SOLIDARITESBeal\nFraternit\u00e9\nR\u00e9c\u00e9piss\u00e9  de d\u00e9claration  n\u00b02024-261\nd'activit\u00e9s  de services  a la personne  enregistr\u00e9e  au nom  de la SAS  r\u00e9sidence\nservices  VILLA  BEAUSOLEIL  LAVAL  sous  le n\u00b0 SAP  903367225\nLE PREFET  DES  HAUTS-DE-SEINE\nCHEVALIER  DE LA LEGION  D'HONNEUR\nCHEVALIER  DE L'ORDRE  NATIONAL  DU MERITE\nVu la loi n\u00b0 2010-853  du 23 juillet  2010  relative  aux  r\u00e9seaux  consulaires,  au commerce  et a\nl'artisanat  et aux  services  (article  31) ;\nVu la loi n\u00b02015-1776  du 28 d\u00e9cembre  2015  relative  \u00e0 l'adaptation  de la soci\u00e9t\u00e9  au\nvieillissement  ;\nVu l'article  D7231-1  du Code  du travail  ;\nVu les d\u00e9crets  n\u00b0 2011-1132  et n\u00b0 2011-1133  du 20 septembre  2011  modifiant  certaines\ndispositions  du Code  du travail,  relatives  au ch\u00e8que  emploi-service  universel  et aux\nservices  \u00e0 la personne  ;\nVu le d\u00e9cret  n\u00b02016-750  du 6 juin  2016  relatif  \u00e0 la liste  des  activit\u00e9s  de services  \u00e0 la personne\nsoumises  \u00e0 agr\u00e9ment  ou \u00e0 autorisation  dans  le cadre  du r\u00e9gime  commun  de la d\u00e9claration  ;\nVu le d\u00e9cret  du 29 juillet  2020  portant  nomination  de Monsieur  Laurent  HOTTIAUX,  en qualit\u00e9\nde Pr\u00e9fet  des  Hauts-de-Seine  ;\nVu l'arr\u00eat\u00e9  interminist\u00e9riel  du 25 mars  2021  nommant  Monsieur  Ga\u00ebtan  RUDANT,  Directeur\nr\u00e9gional  et interd\u00e9partemental  de l'\u00e9conomie,  de l'emploi,  du travail  et des  solidarit\u00e9s  d'lle-\nde-France  \u00e0 compter  du 1er avril  2021  ;\nVu l'arr\u00eat\u00e9  pr\u00e9fectoral  PCI  n\u00b0 2021-018  du 31 mars  2021  portant  d\u00e9l\u00e9gation  de signature  de\nMonsieur  Laurent  HOTTIAUX,  Pr\u00e9fet  des  Hauts  de Seine  \u00e0 Monsieur  Ga\u00ebtan  RUDANT,\nDirecteur  r\u00e9gional  et interd\u00e9partemental  de l'\u00e9conomie,  de l'emploi,  du travail  et des\nsolidarit\u00e9s  d'Ile-de-France  ;\nVu la d\u00e9cision  n\u00b0 2024-056  du 8 avril  2024  portant  subd\u00e9l\u00e9gation  de signature  de Monsieur\nGa\u00ebtan  RUDANT,  Directeur  r\u00e9gional  et interd\u00e9partemental  de l'\u00e9conomie,  de l'emploi,  du\ntravail  et des  solidarit\u00e9s  d'Ile-de-France,  aux  agents  de l'Unit\u00e9  d\u00e9partementale  des  Hauts-\nde-Seine  |\n\nVu\nVul'arr\u00eat\u00e9  n\u00b0 2023/DA/SRE/SAAD/012  du 14 septembre  2023  du Conseil  d\u00e9partemental  de\nla Mayenne  accordant  l'autorisation  \u00e0 la SAS  r\u00e9sidence  services  VILLA  BEAUSOLEIL\nLAVAL  '\nla d\u00e9claration  d'activit\u00e9s  de services  \u00e0 la personne  d\u00e9pos\u00e9e  aupr\u00e8s  de l'Unit\u00e9\nd\u00e9partementale  des  Hauts-de-Seine  de la DRIEETS  le 11 juin  2024  par la SAS  r\u00e9sidence\nservices  VILLA  BEAUSOLEIL  LAVAL  sise  au 13 Rue  de la Vanne-  92120  MONTROUGE.\nApr\u00e8s  examen  du dossier,  cette  demande  \u00e9tant  conforme  aux  dispositions  de l'article  L. 7232-1-\n1 du code  du travail,  le pr\u00e9sent  r\u00e9c\u00e9piss\u00e9  de d\u00e9claration  d'activit\u00e9s  de services  \u00e0 la personne  a\n\u00e9t\u00e9 enregistr\u00e9  au nom  de la SAS  r\u00e9sidence  services  VILLA  BEAUSOLEIL  LAVAL,  sous  le n\u00b0 SAP\n903367225.\nActivit\u00e9s  non  soumises  \u00e0 agr\u00e9ment  ou autorisation  exerc\u00e9es  en mode  PRESTATAIRE  :\nEntretien  de la maison  et travaux  m\u00e9nagers  ;\nPetits  travaux  de jardinage,  y compris  les travaux  de d\u00e9broussaillage  ;\nTravaux  de petit  bricolage  dits  \u00ab homme  toutes  mains  \u00bb ;\nPr\u00e9paration  de repas  \u00e0 domicile,  y compris  le temps  pass\u00e9  aux  courses  ;\nLivraison  de repas  \u00e0 domicile  ;\nCollecte  et livraison  \u00e0 domicile  de linge  repass\u00e9  ;\nLivraison  de courses  \u00e0 domicile  ;\nAssistance  informatique  \u00e0 domicile  ;\nSoins  et promenades  d'animaux  de compagnie,  \u00e0 l'exception  des  soins  v\u00e9t\u00e9rinaires\net du toilettage,  pour  les personnes  d\u00e9pendantes  ;\nMaintenance,  entretien  et vigilance  temporaires,  \u00e0 domicile,  de la r\u00e9sidence\nprincipale  et secondaire  ;\nAssistance  administrative  \u00e0 domicile  ;\nT\u00e9l\u00e9assistance  et visio-assistance  ;\nCoordination  et d\u00e9livrance  des  services  \u00e0 la personne  ;\nActivit\u00e9s  autoris\u00e9es  sur  le d\u00e9partement  de la Mayenne  en mode  PRESTATAIRE  :\nAccompagnement  des  personnes  \u00e2g\u00e9es,  des  personnes  handicap\u00e9es  ou atteintes\nde pathologies  chroniques,  dans  leurs  d\u00e9placements  en dehors  de leur  domicile\n(promenades,  aide  \u00e0 la mobilit\u00e9  et au transport,  actes  de la vie courante)  quand  cet\naccompagnement  est  r\u00e9alis\u00e9  dans  les conditions  pr\u00e9vues  aux  1\u00b0 et 2\u00b0 de l'art.  7232-\n6 du code  du travail  ;\nAssistance  dans  les actes  quotidiens  de la vie  ou aide  \u00e0 l'insertion  sociale  aux\npersonnes  \u00e2g\u00e9es  et aux  personnes  handicap\u00e9es  ou atteintes  de pathologies\nchroniques  qui ont  besoin  de telles  prestations  \u00e0 domicile,  quand  ces  prestations\nsont  r\u00e9alis\u00e9es  dans  les conditions  pr\u00e9vues  aux  1\u00b0 et 2\u00b0 de l'art.  7232-6  du code  du\ntravail,  \u00e0 l'exclusion  d'actes  de soins  relevant  d'actes  m\u00e9dicaux  \u00e0 moins  qu'ils  ne\nsoient  ex\u00e9cut\u00e9s  dans  les conditions  pr\u00e9vues  \u00e0 l'article  L1111-6-1  du code  de la sant\u00e9\npublique  et du d\u00e9cret  n\u00b099-426  du 27 mai  1999  habilitant  certaines  cat\u00e9gories  de\npersonnes  \u00e0 effectuer  des  aspirations  endo-trach\u00e9ales  ;\nPrestation  de conduite  du v\u00e9hicule  personnel  des  personnes  \u00e2g\u00e9es,  des  personnes\nhandicap\u00e9es  ou atteintes  de pathologies  chroniques  du domicile  au travail,  sur  le\nlieu  de vacances,  pour  les d\u00e9marches  administratives  quand  cette  prestation  est\nr\u00e9alis\u00e9e  dans  les conditions  pr\u00e9vues  aux  1\u00b0 et 2\u00b0 de l'art.  7232-6  du code  du travail  ;\n\nPrestations  relevant  du b\u00e9n\u00e9fice  de la r\u00e9duction  d'imp\u00f4t  pr\u00e9vue  \u00e0 l'article  199  sexdecies  du Code\nG\u00e9n\u00e9ral  des  Imp\u00f4ts\nSous  r\u00e9serve  d'\u00eatre  exerc\u00e9es  \u00e0 titre  exclusif  par le d\u00e9clarant  (ou sous  r\u00e9serve  d'une  comptabilit\u00e9\ns\u00e9par\u00e9e  pour  les personnes  morales  dispens\u00e9es  de la condition  d'activit\u00e9  exclusive),  ces  activit\u00e9s\nouvrent  droit  au b\u00e9n\u00e9fice  des  dispositions  des  articles  L. 7233-2  du code  du travail  et L. 241-10\ndu code  de la s\u00e9curit\u00e9  sociale.\nConform\u00e9ment  aux  dispositions  de l'article  R7232-19  du code  du travail,  l'organisme  d\u00e9clar\u00e9  doit\nproduire  au moins  chaque  trimestre  un \u00e9tat  d'activit\u00e9  et chaque  ann\u00e9e  un bilan  quantitatif  et\nqualitatif  de l'activit\u00e9  exerc\u00e9e  au titre  de l'ann\u00e9e  \u00e9coul\u00e9e  ainsi  qu'un  tableau  statistique  annuel.\nSi l'organisme  d\u00e9clar\u00e9  comporte  plusieurs  \u00e9tablissements,  les \u00e9tats  statistiques  et le bilan  annuel\ndistinguent  l'activit\u00e9  exerc\u00e9e  par chaque  \u00e9tablissement.\nL'enregistrement  de la d\u00e9claration  pourra  \u00eatre  retir\u00e9  si l'organisme  d\u00e9clar\u00e9  cesse  de remplir\nles conditions  ou de respecter  les obligations  mentionn\u00e9es  aux  4\u00b0,5\u00b0  et 6\u00b0 de l'article\nR7232-17  ou qui m\u00e9connait  les obligations  d\u00e9finies  \u00e0 l'article  R7232-19  du code  du travail.\nToute  modification  concernant  la structure  d\u00e9clar\u00e9e  ou les activit\u00e9s  exerc\u00e9es  devra,  sous\npeine  de retrait  de la d\u00e9claration,  faire  l'objet  d'une  d\u00e9claration  modificative  aupr\u00e8s  de l'Unit\u00e9\nd\u00e9partementale  des  Hauts-de-Seine.\nLe pr\u00e9sent  r\u00e9c\u00e9piss\u00e9  sera  publi\u00e9  au recueil  des  actes  administratifs  de la pr\u00e9fecture  des  Hauts-\nde-Seine.\nFait  \u00e0 Nanterre,  le 12 juin  2024\nPour  le Pr\u00e9fet\nPar  d\u00e9l\u00e9gation  et subd\u00e9l\u00e9gation\nLa Responsable  du service\nD\u00e9veloppement  de l'emploi  et des\ncomp\u00e9tences\nf iolf iG, DUcAEe\n\\\nMariama  COND\u00c9\n\n| | Direction  r\u00e9gionale  et interd\u00e9partementale\nMINISTERE  de l'\u00e9conomie,  de l'emploi,\nDU TRAVAIL  du travail  et des solidarit\u00e9s\nDE LA SANT\u00c9  ;\nET DES  SOLIDARITES\nLibert\u00e9\nEgalit\u00e9\nFraternit\u00e9\nR\u00e9c\u00e9piss\u00e9  de d\u00e9claration  n\u00b02024-262\nd'activit\u00e9s  de services  a la personne  enregistr\u00e9e  au nom  de la SAS  r\u00e9sidence\nservices  VILLA  BEAUSOLEIL  LE PLESSIS  sous  le n\u00b0 SAP  910940329\nLE PREFET  DES  HAUTS-DE-SEINE\nCHEVALIER  DE LA LEGION  D'HONNEUR\nCHEVALIER  DE L'ORDRE  NATIONAL  DU MERITE\nVu la loi n\u00b0 2010-853  du 23 juillet  2010  relative  aux  r\u00e9seaux  consulaires,  au commerce  et a\nl'artisanat  et aux  services  (article  31) ;\nVu la loi n\u00b02015-1776  du 28 d\u00e9cembre  2015  relative  \u00e0 l'adaptation  de la soci\u00e9t\u00e9  au\nvieillissement  ;\nVu l'article  D7231-1  du Code  du travail  ;\nVu les d\u00e9crets  n\u00b0 2011-1132  et n\u00b0 2011-1133  du 20 septembre  2011  modifiant  certaines\ndispositions  du Code  du travail,  relatives  au ch\u00e8que  emploi-service  universel  et aux\nservices  \u00e0 la personne  ;\nVu le d\u00e9cret  n\u00b02016-750  du 6 juin 2016  relatif  \u00e0 la liste des activit\u00e9s  de services  \u00e0 la personne\nsoumises  \u00e0 agr\u00e9ment  ou \u00e0 autorisation  dans  le cadre  du r\u00e9gime  commun  de la d\u00e9claration  ;\nVu le d\u00e9cret  du 29 juillet  2020  portant  nomination  de Monsieur  Laurent  HOTTIAUX,  en qualit\u00e9\nde Pr\u00e9fet  des  Hauts-de-Seine  ;\nVu l'arr\u00eat\u00e9  interminist\u00e9riel  du 25 mars  2021  nommant  Monsieur  Ga\u00ebtan  RUDANT,  Directeur\nr\u00e9gional  et inter  d\u00e9partemental  de l'\u00e9conomie,  de l'emploi,  du travail  et des  solidarit\u00e9s  d'Ile-\nde-France  \u00e0 compter  du 1er avril  2021  ;\nVu l'arr\u00eat\u00e9  pr\u00e9fectoral  PCI  n\u00b0 2021-018  du 31 mars  2021  portant  d\u00e9l\u00e9gation  de signature  de\nMonsieur  Laurent  HOTTIAUX,  Pr\u00e9fet  des  Hauts  de Seine  \u00e0 Monsieur  Ga\u00ebtan  RUDANT,\nDirecteur  r\u00e9gional  et interd\u00e9partemental  de l'\u00e9conomie,  de l'emploi,  du travail  et des\nsolidarit\u00e9s  d'Ile-de-France  ;\nVu la d\u00e9cision  n\u00b0 2024-056  du 8 avril  2024  portant  subd\u00e9l\u00e9gation  de signature  de Monsieur\nGa\u00ebtan  RUDANT,  Directeur  r\u00e9gional  et interd\u00e9partemental  de l'\u00e9conomie,  de l'emploi,  du\ntravail  et des  solidarit\u00e9s  d'Ile-de-France,  aux  agents  de l'Unit\u00e9  d\u00e9partementale  des  Hauts-\nde-Seine\n\nVu\nVul'arr\u00eat\u00e9  n\u00b0 2023-376  du 29 novembre  2023  du Conseil  d\u00e9partemental  du Val-de-Marne\naccordant  l'autorisation  \u00e0 la SAS  r\u00e9sidence  services  VILLA  BEAUSOLEIL  LE\nPLESSIS\nla d\u00e9claration  d'activit\u00e9s  de services  \u00e0 la personne  d\u00e9pos\u00e9e  aupr\u00e8s  de l'Unit\u00e9\nd\u00e9partementale  des  Hauts-de-Seine  de la DRIEETS  le 11 juin  2024  par la SAS  r\u00e9sidence\nservices  VILLA  BEAUSOLEIL  LE PLESSIS  sise  au 13 Rue  de la Vanne  - 92120\nMONTROUGE.\nApr\u00e8s  examen  du dossier,  cette  demande  \u00e9tant  conforme  aux  dispositions  de l'article  L. 7232-1-\n1 du code  du travail,  le pr\u00e9sent  r\u00e9c\u00e9piss\u00e9  de d\u00e9claration  d'activit\u00e9s  de services  \u00e0 la personne  a\n\u00e9t\u00e9 enregistr\u00e9  au nom  de la SAS  r\u00e9sidence  services  VILLA  BEAUSOLEIL  LE PLESSIS,  sous  le\nn\u00b0 SAP  910940329.\nActivit\u00e9s  non  soumises  a agr\u00e9ment  ou autorisation  exerc\u00e9es  en mode  PRESTATAIRE  :\nEntretien  de la maison  et travaux  m\u00e9nagers  ;\nPetits  travaux  de jardinage,  y compris  les travaux  de d\u00e9broussaillage  ;\nTravaux  de petit  bricolage  dits  \u00ab homme  toutes  mains  \u00bb ;\nPr\u00e9paration  de repas  a domicile,  y compris  le temps  pass\u00e9  aux  courses  ;\nLivraison  de repas  a domicile  ;\nCollecte  et livraison  a domicile  de linge  repass\u00e9  ;\nLivraison  de courses  a domicile  ;\nAssistance  informatique  a domicile  ;\nSoins  et promenades  d'animaux  de compagnie,  \u00e0 l'exception  des  soins  v\u00e9t\u00e9rinaires\net du toilettage,  pour  les personnes  d\u00e9pendantes  ;\nMaintenance,  entretien  et vigilance  temporaires,  \u00e0 domicile,  de la r\u00e9sidence\nprincipale  et secondaire  ;\nAssistance  administrative  \u00e0 domicile  ;\nT\u00e9l\u00e9assistance  et visio-assistance  ;\nCoordination  et d\u00e9livrance  des  services  \u00e0 la personne  ;\nActivit\u00e9s  autoris\u00e9es  sur  le d\u00e9partement  du Val-de-Marne  en mode  PRESTATAIRE  :\nAccompagnement  des  personnes  \u00e2g\u00e9es,  des  personnes  handicap\u00e9es  ou atteintes\nde pathologies  chroniques,  dans  leurs  d\u00e9placements  en dehors  de leur  domicile\n(promenades,  aide  \u00e0 la mobilit\u00e9  et au transport,  actes  de la vie courante)  quand  cet\naccompagnement  est r\u00e9alis\u00e9  dans  les conditions  pr\u00e9vues  aux  1\u00b0 et 2\u00b0 de l'art.  7232-\n6 du code  du travail  ;\nAssistance  dans  les actes  quotidiens  de la vie ou aide  \u00e0 l'insertion  sociale  aux\npersonnes  \u00e2g\u00e9es  et aux  personnes  handicap\u00e9es  ou atteintes  de pathologies\nchroniques  qui ont  besoin  de telles  prestations  \u00e0 domicile,  quand  ces  prestations\nsont  r\u00e9alis\u00e9es  dans  les conditions  pr\u00e9vues  aux  1\u00b0 et 2\u00b0 de l'art.  7232-6  du code  du\ntravail,  \u00e0 l'exclusion  d'actes  de soins  relevant  d'actes  m\u00e9dicaux  \u00e0 moins  qu'ils  ne\nsoient  ex\u00e9cut\u00e9s  dans  les conditions  pr\u00e9vues  \u00e0 l'article  L1111-6-1  du code  de la sant\u00e9\npublique  et du d\u00e9cret  n\u00b099-426  du 27 mai  1999  habilitant  certaines  cat\u00e9gories  de\npersonnes  \u00e0 effectuer  des  aspirations  endo-trach\u00e9ales  ;\nPrestation  de conduite  du v\u00e9hicule  personnel  des  personnes  \u00e2g\u00e9es,  des  personnes\nhandicap\u00e9es  ou atteintes  de pathologies  chroniques  du domicile  au travail,  sur  le\nlieu  de vacances,  pour  les d\u00e9marches  administratives  quand  cette  prestation  est\nr\u00e9alis\u00e9e  dans  les conditions  pr\u00e9vues  aux  1\u00b0 et 2\u00b0 de l'art.  7232-6  du code  du travail  ;\n\nPrestations  relevant  du b\u00e9n\u00e9fice  de la r\u00e9duction  d'imp\u00f4t  pr\u00e9vue  \u00e0 l'article  199 sexdecies  du Code\nG\u00e9n\u00e9ral  des  Imp\u00f4ts\nSous  r\u00e9serve  d'\u00eatre  exerc\u00e9es  \u00e0 titre exclusif  par le d\u00e9clarant  (ou sous  r\u00e9serve  d'une  comptabilit\u00e9\ns\u00e9par\u00e9e  pour  les personnes  morales  dispens\u00e9es  de la condition  d'activit\u00e9  exclusive),  ces activit\u00e9s\nouvrent  droit  au b\u00e9n\u00e9fice  des dispositions  des articles  L. 7233-2  du code  du travail  et L. 241-10\ndu code  de la s\u00e9curit\u00e9  sociale.\nConform\u00e9ment  aux dispositions  de l'article  R7232-19  du code  du travail,  l'organisme  d\u00e9clar\u00e9  doit\nproduire  au moins  chaque  trimestre  un \u00e9tat d'activit\u00e9  et chaque  ann\u00e9e  un bilan  quantitatif  et\nqualitatif  de l'activit\u00e9  exerc\u00e9e  au titre de l'ann\u00e9e  \u00e9coul\u00e9e  ainsi  qu'un  tableau  statistique  annuel.\nSi l'organisme  d\u00e9clar\u00e9  comporte  plusieurs  \u00e9tablissements,  les \u00e9tats  statistiques  et le bilan  annuel\ndistinguent  l'activit\u00e9  exerc\u00e9e  par chaque  \u00e9tablissement.\nL'enregistrement  de la d\u00e9claration  pourra  \u00eatre  retir\u00e9  si l'organisme  d\u00e9clar\u00e9  cesse  de remplir\nles conditions  ou de respecter  les obligations  mentionn\u00e9es  aux 4\u00b0,5\u00b0  et 6\u00b0 de l'article\nR7232-17  ou qui m\u00e9connait  les obligations  d\u00e9finies  \u00e0 l'article  R7232-19  du code  du travail.\nToute  modification  concernant  la structure  d\u00e9clar\u00e9e  ou les activit\u00e9s  exerc\u00e9es  devra,  sous\npeine  de retrait  de la d\u00e9claration,  faire  l'objet  d'une  d\u00e9claration  modificative  aupr\u00e8s  de l'Unit\u00e9\nd\u00e9partementale  des  Hauts-de-Seine.\nLe pr\u00e9sent  r\u00e9c\u00e9piss\u00e9  sera  publi\u00e9  au recueil  des actes  administratifs  de la pr\u00e9fecture  des Hauts-\nde-Seine.\nFait  \u00e0 Nanterre,  le 12 juin  2024\nPour  le Pr\u00e9fet\nPar  d\u00e9l\u00e9gation  et subd\u00e9l\u00e9gation\nLa Responsable  du service\nD\u00e9veloppement  de l'emploi  et des\ncomp\u00e9tences\nGp  ai n f\n< I  Ado\nMariama  CONDE\n\n| | Direction  r\u00e9gionale  et interd\u00e9partementale\nMINISTERE  de l'\u00e9conomie,  de l'emploi,\nDU TRAVAIL  du travail  et des solidarit\u00e9s\nDE LA SANT\u00c9  .\nET DES  SOLIDARITES\nLibert\u00e9\n\u00c9galit\u00e9\nFraternit\u00e9\nR\u00e9c\u00e9piss\u00e9  de d\u00e9claration  n\u00b02024-263\nd'activit\u00e9s  de services  \u00e0 la personne  enregistr\u00e9e  au nom  de la SAS  r\u00e9sidence\nservices  VILLA  BEAUSOLEIL  MONTGERON  sous  le n\u00b0 SAP  842500209\nLE PREFET  DES  HAUTS-DE-SEINE\nCHEVALIER  DE LA LEGION  D'HONNEUR\nCHEVALIER  DE L'ORDRE  NATIONAL  DU MERITE\nVu la loi n\u00b0 2010-853  du 23 juillet  2010  relative  aux  r\u00e9seaux  consulaires,  au commerce  et a\nl'artisanat  et aux  services  (article  31) ;\nVu la loi n\u00b02015-1776  du 28 d\u00e9cembre  2015  relative  \u00e0 l'adaptation  de la soci\u00e9t\u00e9  au\nvieillissement  ;\nVu l'article  D7231-1  du Code  du travail  ;\nVu les d\u00e9crets  n\u00b0 2011-1132  et n\u00b0 2011-1133  du 20 septembre  2011  modifiant  certaines\ndispositions  du Code  du travail,  relatives  au ch\u00e8que  emploi-service  universel  et aux\nservices  a la personne  ;\nVu le d\u00e9cret  n\u00b02016-750  du 6 juin  2016  relatif  a la liste  des  activit\u00e9s  de services  a la personne\nsoumises  \u00e0 agr\u00e9ment  ou \u00e0 autorisation  dans  le cadre  du r\u00e9gime  commun  de la d\u00e9claration  ;\nVu le d\u00e9cret  du 29 juillet  2020  portant  nomination  de Monsieur  Laurent  HOTTIAUX,  en qualit\u00e9\nde Pr\u00e9fet  des  Hauts-de-Seine  ;\nVu l'arr\u00eat\u00e9  interminist\u00e9riel  du 25 mars  2021  nommant  Monsieur  Ga\u00ebtan  RUDANT,  Directeur\nr\u00e9gional  et interd\u00e9partemental  de l'\u00e9conomie,  de l'emploi,  du travail  et des  solidarit\u00e9s  d'lle-\nde-France  \u00e0 compter  du 1er avril  2021  ;\nVu l'arr\u00eat\u00e9  pr\u00e9fectoral  PCI  n\u00b0 2021-018  du 31 mars  2021  portant  d\u00e9l\u00e9gation  de signature  de\nMonsieur  Laurent  HOTTIAUX,  Pr\u00e9fet  des  Hauts  de Seine  \u00e0 Monsieur  Ga\u00ebtan  RUDANT,\nDirecteur  r\u00e9gional  et interd\u00e9partemental  de l'\u00e9conomie,  de l'emploi,  du travail  et des\nsolidarit\u00e9s  d'Ile-de-France  ;\nVu la d\u00e9cision  n\u00b0 2024-056  du 8 avril  2024  portant  subd\u00e9l\u00e9gation  de signature  de Monsieur\nGa\u00ebtan  RUDANT,  Directeur  r\u00e9gional  et interd\u00e9partemental  de l'\u00e9conomie,  de l'emploi,  du\ntravail  et des  solidarit\u00e9s  d'Ile-de-France,  aux  agents  de l'Unit\u00e9  d\u00e9partementale  des  Hauts-\nde-Seine\n\nVu\nVul'arr\u00eat\u00e9  n\u00b0 2022-ARR-DA-0117  du 23 f\u00e9vrier  2022  du Conseil  d\u00e9partemental  de l'Essonne\naccordant  l'autorisation  \u00e0 la SAS  r\u00e9sidence  services  VILLA  BEAUSOLEIL\nMONTGERON\nla d\u00e9claration  d'activit\u00e9s  de services  a la personne  d\u00e9pos\u00e9e  aupr\u00e8s  de l'Unit\u00e9\nd\u00e9partementale  des  Hauts-de-Seine  de la DRIEETS  le 11 juin  2024  par la SAS  r\u00e9sidence\nservices  VILLA  BEAUSOLEIL  MONTGERON  sise  au 13, rue de la Vanne  - 92120\nMONTROUGE.\nApr\u00e8s  examen  du dossier,  cette  demande  \u00e9tant  conforme  aux  dispositions  de l'article  L. 7232-1-\n1 du code  du travail,  le pr\u00e9sent  r\u00e9c\u00e9piss\u00e9  de d\u00e9claration  d'activit\u00e9s  de services  a la personne  a\n\u00e9t\u00e9 enregistr\u00e9  au nom  de la SAS  r\u00e9sidence  services  VILLA  BEAUSOLEIL  MONTGERON,\nsous  le n\u00b0 SAP  842500209.\nActivit\u00e9s  non  soumises  a agr\u00e9ment  ou autorisation  exerc\u00e9es  en mode  PRESTATAIRE  :\nEntretien  de la maison  et travaux  m\u00e9nagers  ;\nPetits  travaux  de jardinage,  y compris  les travaux  de d\u00e9broussaillage  ;\nTravaux  de petit  bricolage  dits  \u00ab homme  toutes  mains  \u00bb ;\nPr\u00e9paration  de repas  a domicile,  y compris  le temps  pass\u00e9  aux  courses  ;\nLivraison  de repas  a domicile  ;\nCollecte  et livraison  a domicile  de linge  repass\u00e9  ;\nLivraison  de courses  a domicile  ;\nAssistance  informatique  a domicile  ;\nSoins  et promenades  d'animaux  de compagnie,  \u00e0 l'exception  des  soins  v\u00e9t\u00e9rinaires\net du toilettage,  pour  les personnes  d\u00e9pendantes  ;\nMaintenance,  entretien  et vigilance  temporaires,  a domicile,  de la r\u00e9sidence\nprincipale  et secondaire  ;\nAssistance  administrative  a domicile  ;\nT\u00e9l\u00e9assistance  et visio-assistance  ;\nCoordination  et d\u00e9livrance  des  services  a la personne  ;\nActivit\u00e9s  autoris\u00e9es  sur  le d\u00e9partement  de l'Essonne  en mode  PRESTATAIRE  :\nAccompagnement  des  personnes  \u00e2g\u00e9es,  des  personnes  handicap\u00e9es  ou atteintes\nde pathologies  chroniques,  dans  leurs  d\u00e9placements  en dehors  de leur  domicile\n(promenades,  aide  \u00e0 la mobilit\u00e9  et au transport,  actes  de la vie courante)  quand  cet\naccompagnement  est  r\u00e9alis\u00e9  dans  les conditions  pr\u00e9vues  aux  1\u00b0 et 2\u00b0 de l'art.  7232-\n6 du code  du travail  ;\nAssistance  dans  les actes  quotidiens  de la vie ou aide  \u00e0 l'insertion  sociale  aux\npersonnes  \u00e2g\u00e9es  et aux  personnes  handicap\u00e9es  ou atteintes  de pathologies\nchroniques  qui ont  besoin  de telles  prestations  \u00e0 domicile,  quand  ces  prestations\nsont  r\u00e9alis\u00e9es  dans  les conditions  pr\u00e9vues  aux  1\u00b0 et 2\u00b0 de l'art.  7232-6  du code  du\ntravail,  \u00e0 l'exclusion  d'actes  de soins  relevant  d'actes  m\u00e9dicaux  \u00e0 moins  qu'ils  ne\nsoient  ex\u00e9cut\u00e9s  dans  les conditions  pr\u00e9vues  \u00e0 l'article  L1111-6-1  du code  de la sant\u00e9\npublique  et du d\u00e9cret  n\u00b099-426  du 27 mai  1999  habilitant  certaines  cat\u00e9gories  de\npersonnes  \u00e0 effectuer  des  aspirations  endo-trach\u00e9ales  ;\nPrestation  de conduite  du v\u00e9hicule  personnel  des  personnes  \u00e2g\u00e9es,  des  personnes\nhandicap\u00e9es  ou atteintes  de pathologies  chroniques  du domicile  au travail,  sur  le\nlieu  de vacances,  pour  les d\u00e9marches  administratives  quand  cette  prestation  est\nr\u00e9alis\u00e9e  dans  les conditions  pr\u00e9vues  aux  1\u00b0 et 2\u00b0 de l'art.  7232-6  du code  du travail  ;\n\nPrestations  relevant  du b\u00e9n\u00e9fice  de la r\u00e9duction  d'imp\u00f4t  pr\u00e9vue  \u00e0 l'article  199  sexdecies  du Code\nG\u00e9n\u00e9ral  des  Imp\u00f4ts\nSous  r\u00e9serve  d'\u00eatre  exerc\u00e9es  \u00e0 titre  exclusif  par le d\u00e9clarant  (ou sous  r\u00e9serve  d'une  comptabilit\u00e9\ns\u00e9par\u00e9e  pour  les personnes  morales  dispens\u00e9es  de la condition  d'activit\u00e9  exclusive),  ces  activit\u00e9s\nouvrent  droit  au b\u00e9n\u00e9fice  des  dispositions  des  articles  L. 7233-2  du code  du travail  et L. 241-10\ndu code  de la s\u00e9curit\u00e9  sociale.\nConform\u00e9ment  aux  dispositions  de l'article  R7232-19  du code  du travail,  l'organisme  d\u00e9clar\u00e9  doit\nproduire  au moins  chaque  trimestre  un \u00e9tat  d'activit\u00e9  et chaque  ann\u00e9e  un bilan  quantitatif  et\nqualitatif  de l'activit\u00e9  exerc\u00e9e  au titre  de l'ann\u00e9e  \u00e9coul\u00e9e  ainsi  qu'un  tableau  statistique  annuel.\nSi l'organisme  d\u00e9clar\u00e9  comporte  plusieurs  \u00e9tablissements,  les \u00e9tats  statistiques  et le bilan  annuel\ndistinguent  l'activit\u00e9  exerc\u00e9e  par chaque  \u00e9tablissement.\nL'enregistrement  de la d\u00e9claration  pourra  \u00eatre  retir\u00e9  si l'organisme  d\u00e9clar\u00e9  cesse  de remplir\nles conditions  ou de respecter  les obligations  mentionn\u00e9es  aux  4\u00b0,5\u00b0  et 6\u00b0 de l'article\nR7232-17  ou qui m\u00e9connait  les obligations  d\u00e9finies  \u00e0 l'article  R7232-19  du code  du travail.\nToute  modification  concernant  la structure  d\u00e9clar\u00e9e  ou les activit\u00e9s  exerc\u00e9es  devra,  sous\npeine  de retrait  de la d\u00e9claration,  faire  l'objet  d'une  d\u00e9claration  modificative  aupr\u00e8s  de l'Unit\u00e9\nd\u00e9partementale  des  Hauts-de-Seine.\nLe pr\u00e9sent  r\u00e9c\u00e9piss\u00e9  sera  publi\u00e9  au recueil  des  actes  administratifs  de la pr\u00e9fecture  des  Hauts-\nde-Seine.\nFait  \u00e0 Nanterre,  le 12 juin  2024\nPour  le Pr\u00e9fet\nPar  d\u00e9l\u00e9gation  et subd\u00e9l\u00e9gation\nLa Responsable  du service\nD\u00e9veloppement  de l'emploi  et des\ncomp\u00e9tences\n& 6 CL \u00c0 o d\nMariama  COND\u00c9\n\n| | Direction  r\u00e9gionale  et interd\u00e9partementale\nMINISTERE  de l'\u00e9conomie,  de l'emploi,\nDU TRAVAIL  du travail  et des solidarit\u00e9s\nDE LA SANTE  ;\nET DES  SOLIDARITES\nLibert\u00e9\n\u00c9galit\u00e9\nFraternit\u00e9\nR\u00e9c\u00e9piss\u00e9  de d\u00e9claration  n\u00b02024-264\nd'activit\u00e9s  de services  \u00e0 la personne  enregistr\u00e9e  au nom  de la SAS  r\u00e9sidence\nservices  VILLA  BEAUSOLEIL  MEUDON  LA FORET  sous  le n\u00b0 SAP  534986120\nLE PREFET  DES  HAUTS-DE-SEINE\nCHEVALIER  DE LA LEGION  D'HONNEUR\nCHEVALIER  DE L'ORDRE  NATIONAL  DU MERITE\nVu la loi n\u00b0 2010-853  du 23 juillet  2010  relative  aux  r\u00e9seaux  consulaires,  au commerce  et \u00e0\nl'artisanat  et aux  services  (article  31) ;\nVu la loi n\u00b02015-1776  du 28 d\u00e9cembre  2015  relative  \u00e0 l'adaptation  de la soci\u00e9t\u00e9  au\nvieillissement  ;\nVu l'article  D7231-1  du Code  du travail  ;\nVu les d\u00e9crets  n\u00b0 2011-1132  et n\u00b0 2011-1133  du 20 septembre  2011  modifiant  certaines\ndispositions  du Code  du travail,  relatives  au ch\u00e8que  emploi-service  universel  et aux\nservices  \u00e0 la personne  ;\nVu le d\u00e9cret  n\u00b02016-750  du 6 juin  2016  relatif  \u00e0 la liste  des  activit\u00e9s  de services  \u00e0 la personne\nsoumises  \u00e0 agr\u00e9ment  ou \u00e0 autorisation  dans  le cadre  du r\u00e9gime  commun  de la d\u00e9claration  ;\nVu le d\u00e9cret  du 29 juillet  2020  portant  nomination  de Monsieur  Laurent  HOTTIAUX,  en qualit\u00e9\nde Pr\u00e9fet  des  Hauts-de-Seine  ;\nVu l'arr\u00eat\u00e9  interminist\u00e9riel  du 25 mars  2021  nommant  Monsieur  Ga\u00ebtan  RUDANT,  Directeur\nr\u00e9gional  et interd\u00e9partemental  de l'\u00e9conomie,  de l'emploi,  du travail  et des  solidarit\u00e9s  d'Ile-\nde-France  \u00e0 compter  du 1er avril  2021  ;\nVu l'arr\u00eat\u00e9  pr\u00e9fectoral  PCI  n\u00b0 2021-018  du 31 mars  2021  portant  d\u00e9l\u00e9gation  de signature  de\nMonsieur  Laurent  HOTTIAUX,  Pr\u00e9fet  des  Hauts  de Seine  \u00e0 Monsieur  Ga\u00ebtan  RUDANT,\nDirecteur  r\u00e9gional  et interd\u00e9partemental  de l'\u00e9conomie,  de l'emploi,  du travail  et des\nsolidarit\u00e9s  d'Ile-de-France  ;\nVu la d\u00e9cision  n\u00b0 2024-056  du 8 avril  2024  portant  subd\u00e9l\u00e9gation  de signature  de Monsieur\nGa\u00ebtan  RUDANT,  Directeur  r\u00e9gional  et interd\u00e9partemental  de l'\u00e9conomie,  de l'emploi,  du\ntravail  et des  solidarit\u00e9s  d'Ile-de-France,  aux  agents  de l'Unit\u00e9  d\u00e9partementale  des  Hauts-\nde-Seine\n\nVu\nVul'arr\u00eat\u00e9  n\u00b0 2021-16  du 18 novembre  2021  du Conseil  d\u00e9partemental  des  Hauts-de  Seine\naccordant  l'autorisation  \u00e0 la SAS  r\u00e9sidence  services  VILLA  BEAUSOLEIL  MEUDON\nLA FORET\nla d\u00e9claration  d'activit\u00e9s  de services  a la personne  d\u00e9pos\u00e9e  aupr\u00e8s  de l'Unit\u00e9\nd\u00e9partementale  des  Hauts-de-Seine  de la DRIEETS  le 11 juin  2024  par  la SAS  r\u00e9sidence\nservices  VILLA  BEAUSOLEIL  MEUDON  LA FORET  sise  au 13 rue de la Vanne  - 92120\nMONTROUGE.\nApr\u00e8s  examen  du dossier,  cette  demande  \u00e9tant  conforme  aux  dispositions  de l'article  L. 7232-1-\n1 du code  du travail,  le pr\u00e9sent  r\u00e9c\u00e9piss\u00e9  de d\u00e9claration  d'activit\u00e9s  de services  a la personne  a\n\u00e9t\u00e9 enregistr\u00e9  au nom  de la SAS  r\u00e9sidence  services  VILLA  BEAUSOLEIL  MEUDON  LA FORET,\nsous  le n\u00b0 SAP  534986120.\nActivit\u00e9s  non  soumises  \u00e0 agr\u00e9ment  ou autorisation  exerc\u00e9es  en mode  PRESTATAIRE  :\nEntretien  de la maison  et travaux  m\u00e9nagers  ;\nPetits  travaux  de jardinage,  y compris  les travaux  de d\u00e9broussaillage  ;\nTravaux  de petit  bricolage  dits  \u00ab homme  toutes  mains  \u00bb ;\nPr\u00e9paration  de repas  \u00e0 domicile,  y compris  le temps  pass\u00e9  aux  courses  ;\nLivraison  de repas  \u00e0 domicile  ;\nCollecte  et livraison  \u00e0 domicile  de linge  repass\u00e9  ;\nLivraison  de courses  \u00e0 domicile  ;\nAssistance  informatique  \u00e0 domicile  ;\nSoins  et promenades  d'animaux  de compagnie,  \u00e0 l'exception  des  soins  v\u00e9t\u00e9rinaires\net du toilettage,  pour  les personnes  d\u00e9pendantes  ;\nMaintenance,  entretien  et vigilance  temporaires,  \u00e0 domicile,  de la r\u00e9sidence\nprincipale  et secondaire  ;\nAssistance  administrative  \u00e0 domicile  ;\nT\u00e9l\u00e9assistance  et visio-assistance  ;\nCoordination  et d\u00e9livrance  des  services  \u00e0 la personne  ;\nActivit\u00e9s  autoris\u00e9es  sur  le p\u00e9rim\u00e8tre  restreint  de la Vila  Beausoleil  situ\u00e9e  12 Mail  Fernand\nPouillon  92190  MEUDON  LA FORET  en mode  PRESTATAIRE  :\nAccompagnement  des  personnes  \u00e2g\u00e9es,  des  personnes  handicap\u00e9es  ou atteintes\nde pathologies  chroniques,  dans  leurs  d\u00e9placements  en dehors  de leur  domicile\n(promenades,  aide  \u00e0 la mobilit\u00e9  et au transport,  actes  de la vie courante)  quand  cet\naccompagnement  est r\u00e9alis\u00e9  dans  les conditions  pr\u00e9vues  aux  1\u00b0 et 2\u00b0 de l'art.  7232-\n6 du code  du travail  ;\nAssistance  dans  les actes  quotidiens  de la vie ou aide  \u00e0 l'insertion  sociale  aux\npersonnes  \u00e2g\u00e9es  et aux  personnes  handicap\u00e9es  ou atteintes  de pathologies\nchroniques  qui  ont  besoin  de telles  prestations  \u00e0 domicile,  quand  ces  prestations\nsont  r\u00e9alis\u00e9es  dans  les conditions  pr\u00e9vues  aux  1\u00b0 et 2\u00b0 de l'art.  7232-6  du code  du\ntravail,  \u00e0 l'exclusion  d'actes  de soins  relevant  d'actes  m\u00e9dicaux  \u00e0 moins  qu'ils  ne\nsoient  ex\u00e9cut\u00e9s  dans  les conditions  pr\u00e9vues  \u00e0 l'article  L1111-6-1  du code  de la sant\u00e9\npublique  et du d\u00e9cret  n\u00b099-426  du 27 mai  1999  habilitant  certaines  cat\u00e9gories  de\npersonnes  \u00e0 effectuer  des  aspirations  endo-trach\u00e9ales  ;\nPrestation  de conduite  du v\u00e9hicule  personnel  des  personnes  \u00e2g\u00e9es,  des  personnes\nhandicap\u00e9es  ou atteintes  de pathologies  chroniques  du domicile  au travail,  sur  le\nlieu  de vacances,  pour  les d\u00e9marches  administratives  quand  cette  prestation  est\nr\u00e9alis\u00e9e  dans  les conditions  pr\u00e9vues  aux  1\u00b0 et 2\u00b0 de l'art.  7232-6  du code  du travail  ;\n\nPrestations  relevant  du b\u00e9n\u00e9fice  de la r\u00e9duction  d'imp\u00f4t  pr\u00e9vue  \u00e0 l'article  199  sexdecies  du Code\nG\u00e9n\u00e9ral  des  Imp\u00f4ts\nSous  r\u00e9serve  d'\u00eatre  exerc\u00e9es  \u00e0 titre  exclusif  par le d\u00e9clarant  (ou sous  r\u00e9serve  d'une  comptabilit\u00e9\ns\u00e9par\u00e9e  pour  les personnes  morales  dispens\u00e9es  de la condition  d'activit\u00e9  exclusive),  ces  activit\u00e9s\nouvrent  droit  au b\u00e9n\u00e9fice  des  dispositions  des  articles  L. 7233-2  du code  du travail  et L. 241-10\ndu code  de la s\u00e9curit\u00e9  sociale.\nConform\u00e9ment  aux  dispositions  de l'article  R7232-19  du code  du travail,  l'organisme  d\u00e9clar\u00e9  doit\nproduire  au moins  chaque  trimestre  un \u00e9tat  d'activit\u00e9  et chaque  ann\u00e9e  un bilan  quantitatif  et\nqualitatif  de l'activit\u00e9  exerc\u00e9e  au titre  de l'ann\u00e9e  \u00e9coul\u00e9e  ainsi  qu'un  tableau  statistique  annuel.\nSi l'organisme  d\u00e9clar\u00e9  comporte  plusieurs  \u00e9tablissements,  les \u00e9tats  statistiques  et le bilan  annuel\ndistinguent  l'activit\u00e9  exerc\u00e9e  par chaque  \u00e9tablissement.\nL'enregistrement  de la d\u00e9claration  pourra  \u00eatre  retir\u00e9  si l'organisme  d\u00e9clar\u00e9  cesse  de remplir\nles conditions  ou de respecter  les obligations  mentionn\u00e9es  aux  4\u00b0,5\u00b0  et 6\u00b0 de l'article\nR7232-17  ou qui m\u00e9connait  les obligations  d\u00e9finies  \u00e0 l'article  R7232-19  du code  du travail.\nToute  modification  concernant  la structure  d\u00e9clar\u00e9e  ou les activit\u00e9s  exerc\u00e9es  devra,  sous\npeine  de retrait  de la d\u00e9claration,  faire  l'objet  d'une  d\u00e9claration  modificative  aupr\u00e8s  de l'Unit\u00e9\nd\u00e9partementale  des  Hauts-de-Seine.\nLe pr\u00e9sent  r\u00e9c\u00e9piss\u00e9  sera  publi\u00e9  au recueil  des  actes  administratifs  de la pr\u00e9fecture  des  Hauts-\nde-Seine.\nFait  \u00e0 Nanterre,  le 18 juin  2024\nPour  le Pr\u00e9fet\nPar  d\u00e9l\u00e9gation  et subd\u00e9l\u00e9gation\nLa Responsable  du service\nD\u00e9veloppement  de l'emploi  et des\ncomp\u00e9tences\nMariama  COND\u00c9\n\nEn  Direction  r\u00e9gionale  et interd\u00e9partementale\nMINIST\u00c8RE  de l'\u00e9conomie,  de l'emploi,\nDU TRAVAIL  du travail  et des solidarit\u00e9s\nDE LA SANT\u00c9  .\nET DES  SOLIDARITESBeate\nFraternit\u00e9\nR\u00e9c\u00e9piss\u00e9  de d\u00e9claration  n\u00b02024-265\nd'activit\u00e9s  de services  a la personne  enregistr\u00e9e  au nom  de la micro-entreprise\nPAGNA  ISSIA  sous  le n\u00b0 SAP  927584516\nLE PREFET  DES  HAUTS-DE-SEINE\nCHEVALIER  DE LA LEGION  D'HONNEUR\nCHEVALIER  DE L'ORDRE  NATIONAL  DU MERITE\nVu la loi n\u00b0 2010-853  du 23 juillet  2010  relative  aux  r\u00e9seaux  consulaires,  au commerce  et a\nlartisanat  et aux  services  (article  31) ;\nVu la loi n\u00b02015-1776  du 28 d\u00e9cembre  2015  relative  \u00e0 l'adaptation  de la soci\u00e9t\u00e9  au\nvieillissement  ;\nVu l'article  D7231-1  du Code  du travail  ;\nVu les d\u00e9crets  n\u00b0 2011-1132  et n\u00b0 2011-1133  du 20 septembre  2011  modifiant  certaines\ndispositions  du Code  du travail,  relatives  au ch\u00e8que  emploi-service  universel  et aux\nservices  \u00e0 la personne  ;\nVu le d\u00e9cret  n\u00b02016-750  du 6 juin  2016  relatif  \u00e0 la liste  des  activit\u00e9s  de services  \u00e0 la personne\nsoumises  \u00e0 agr\u00e9ment  ou \u00e0 autorisation  dans  le cadre  du r\u00e9gime  commun  de la d\u00e9claration  ;\nVu le d\u00e9cret  du 29 juillet  2020  portant  nomination  de Monsieur  Laurent  HOTTIAUX,  en qualit\u00e9\nde Pr\u00e9fet  des  Hauts-de-Seine  ;\nVu l'arr\u00eat\u00e9  interminist\u00e9riel  du 25 mars  2021  nommant  Monsieur  Ga\u00ebtan  RUDANT,  Directeur\nr\u00e9gional  et interd\u00e9partemental  de l'\u00e9conomie,  de l'emploi,  du travail  et des  solidarit\u00e9s  d'lle-\nde-France  \u00e0 compter  du 1er avril  2021  ;\nVu l'arr\u00eat\u00e9  pr\u00e9fectoral  PCI  n\u00b0 2021-018  du 31 mars  2021  portant  d\u00e9l\u00e9gation  de signature  de\nMonsieur  Laurent  HOTTIAUX,  Pr\u00e9fet  des  Hauts  de Seine  \u00e0 Monsieur  Ga\u00ebtan  RUDANT,\nDirecteur  r\u00e9gional  et interd\u00e9partemental  de l'\u00e9conomie,  de l'emploi,  du travail  et des\nsolidarit\u00e9s  d'Ile-de-France  ;\nVu la d\u00e9cision  n\u00b0 2024-056  du 8 avril  2024  portant  subd\u00e9l\u00e9gation  de signature  de Monsieur\nGa\u00ebtan  RUDANT,  Directeur  r\u00e9gional  et interd\u00e9partemental  de l'\u00e9conomie,  de l'emploi,  du\ntravail  et des  solidarit\u00e9s  d'Ile-de-France,  aux  agents  de l'Unit\u00e9  d\u00e9partementale  des  Hauts-\nde-Seine\n\nVu la d\u00e9claration  d'activit\u00e9s  de services  \u00e0 la personne  d\u00e9pos\u00e9e  aupr\u00e8s  de l'Unit\u00e9\nd\u00e9partementale  des  Hauts-de-Seine  de la DRIEETS  le 12 juin  2024  par la micro-entreprise\nPAGNA  ISSIA  sise  au 1 Rue  de la M\u00e9gisserie  - 92220  BAGNEUX.\nApr\u00e8s  examen  du dossier,  cette  demande  \u00e9tant  conforme  aux  dispositions  de l'article  L. 7232-1-\n1 du code  du travail,  le pr\u00e9sent  r\u00e9c\u00e9piss\u00e9  de d\u00e9claration  d'activit\u00e9s  de services  \u00e0 la personne  a\n\u00e9t\u00e9 enregistr\u00e9  au nom  de la micro-entreprise  PAGNA  ISSIA,  sous  le n\u00b0 SAP  927584516.\nLes  activit\u00e9s  d\u00e9clar\u00e9es  sont  les suivantes,  \u00e0 l'exclusion  de toute  autre  :\n- Entretien  de la maison  et travaux  m\u00e9nagers  ;\nPrestations  relevant  du b\u00e9n\u00e9fice  de la r\u00e9duction  d'imp\u00f4t  pr\u00e9vue  \u00e0 l'article  199  sexdecies  du Code\nG\u00e9n\u00e9ral  des  Imp\u00f4ts\nLa structure  exerce  ces  activit\u00e9s  selon  le mode  suivant  : PRESTATAIRE\nSous  r\u00e9serve  d'\u00eatre  exerc\u00e9es  \u00e0 titre  exclusif  par le d\u00e9clarant  (ou sous  r\u00e9serve  d'une  comptabilit\u00e9\ns\u00e9par\u00e9e  pour  les personnes  morales  dispens\u00e9es  de la condition  d'activit\u00e9  exclusive),  ces activit\u00e9s\nouvrent  droit  au b\u00e9n\u00e9fice  des  dispositions  des  articles  L. 7233-2  du code  du travail  et L. 241-10\ndu code  de la s\u00e9curit\u00e9  sociale.\nConform\u00e9ment  aux  dispositions  de l'article  R7232-19  du code  du travail,  l'organisme  d\u00e9clar\u00e9  doit\nproduire  au moins  chaque  trimestre  un \u00e9tat  d'activit\u00e9  et chaque  ann\u00e9e  un bilan  quantitatif  et\nqualitatif  de l'activit\u00e9  exerc\u00e9e  au titre  de l'ann\u00e9e  \u00e9coul\u00e9e  ainsi  qu'un  tableau  statistique  annuel.\nSi l'organisme  d\u00e9clar\u00e9  comporte  plusieurs  \u00e9tablissements,  les \u00e9tats  statistiques  et le bilan  annuel\ndistinguent  l'activit\u00e9  exerc\u00e9e  par chaque  \u00e9tablissement.\nL'enregistrement  de la d\u00e9claration  pourra  \u00eatre  retir\u00e9  si Forganisme  d\u00e9clar\u00e9  cesse  de remplir\nles conditions  ou de respecter  les obligations  mentionn\u00e9es  aux  4\u00b0,5\u00b0  et 6\u00b0 de l'article\nR7232-17  ou qui m\u00e9conna\u00eet  les obligations  d\u00e9finies  \u00e0 l'article  R7232-19  du code  du travail.\nToute  modification  concernant  la structure  d\u00e9clar\u00e9e  ou les activit\u00e9s  exerc\u00e9es  devra,  sous\npeine  de retrait  de la d\u00e9claration,  faire  l'objet  d'une  d\u00e9claration  modificative  aupr\u00e8s  de l'Unit\u00e9\nd\u00e9partementale  des  Hauts-de-Seine.\nLe pr\u00e9sent  r\u00e9c\u00e9piss\u00e9  sera  publi\u00e9  au recueil  des  actes  administratifs  de la pr\u00e9fecture  des  Hauts-\nde-Seine.\nFait  \u00e0 Nanterre,  le 17 juin  2024\nPour  le Pr\u00e9fet\nPar  d\u00e9l\u00e9gation  et subd\u00e9l\u00e9gation\nLa Responsable  du service\nD\u00e9veloppement  de l'emploi  et des\ncomp\u00e9tences\nLe  4 (\nMariama  CONDE\n\nEa  Direction  r\u00e9gionale  et interd\u00e9partementale\nMINISTERE  de l'\u00e9conomie,  de l'emploi,\nDU TRAVAIL  du travail  et des solidarit\u00e9s\nDE LA SANT\u00c9  .\nET DES  SOLIDARITESBeal\nFraternit\u00e9\nR\u00e9c\u00e9piss\u00e9  de d\u00e9claration  n\u00b02024-266\nd'activit\u00e9s  de services  \u00e0 la personne  enregistr\u00e9e  au nom  de la micro-entreprise\nMADAR  FARID  sous  le n\u00b0 SAP  929680692\nLE PREFET  DES  HAUTS-DE-SEINE\nCHEVALIER  DE LA LEGION  D'HONNEUR\nCHEVALIER  DE L'ORDRE  NATIONAL  DU MERITE\nVu la loi n\u00b0 2010-853  du 23 juillet  2010  relative  aux  r\u00e9seaux  consulaires,  au commerce  et a\nl'artisanat  et aux  services  (article  31) ;\nVu la loi n\u00b02015-1776  du 28 d\u00e9cembre  2015  relative  \u00e0 l'adaptation  de la soci\u00e9t\u00e9  au\nvieillissement  ;\nVu l'article  D7231-1  du Code  du travail  ;\nVu les d\u00e9crets  n\u00b0 2011-1132  et n\u00b0 2011-1133  du 20 septembre  2011  modifiant  certaines\ndispositions  du Code  du travail,  relatives  au ch\u00e9que  emploi-service  universel  et aux\nservices  a la personne  ;\nVu le d\u00e9cret  n\u00b02016-750  du 6 juin  2016  relatif  a la liste  des  activit\u00e9s  de services  a la personne\nsoumises  \u00e0 agr\u00e9ment  ou \u00e0 autorisation  dans  le cadre  du r\u00e9gime  commun  de la d\u00e9claration  ;\nVu le d\u00e9cret  du 29 juillet  2020  portant  nomination  de Monsieur  Laurent  HOTTIAUX,  en qualit\u00e9\nde Pr\u00e9fet  des  Hauts-de-Seine  ;\nvu l'arr\u00eat\u00e9  interminist\u00e9riel  du 25 mars  2021  nommant  Monsieur  Ga\u00ebtan  RUDANT,  Directeur\nr\u00e9gional  et interd\u00e9partemental  de l'\u00e9conomie,  de l'emploi,  du travail  et des solidarit\u00e9s  d'Ile-\nde-France  \u00e0 compter  du 'ter avril  2021  ;\nVu l'arr\u00eat\u00e9  pr\u00e9fectoral  PCI  n\u00b0 2021-018  du 31 mars  2021  portant  d\u00e9l\u00e9gation  de signature  de\nMonsieur  Laurent  HOTTIAUX,  Pr\u00e9fet  des  Hauts  de Seine  \u00e0 Monsieur  Ga\u00ebtan  RUDANT,\nDirecteur  r\u00e9gional  et interd\u00e9partemental  de l'\u00e9conomie,  de l'emploi,  du travail  et des\nsolidarit\u00e9s  d'Ile-de-France  ;\nVu la d\u00e9cision  n\u00b0 2024-056  du 8 avril  2024  portant  subd\u00e9l\u00e9gation  de signature  de Monsieur\nGa\u00ebtan  RUDANT,  Directeur  r\u00e9gional  et interd\u00e9partemental  de l'\u00e9conomie,  de l'emploi,  du\ntravail  et des  solidarit\u00e9s  d'Ile-de-France,  aux  agents  de l'Unit\u00e9  d\u00e9partementale  des  Hauts-\nde-Seine\n\nVu la d\u00e9claration  d'activit\u00e9s  de services  \u00e0 la personne  d\u00e9pos\u00e9e  aupr\u00e8s  de l'Unit\u00e9\nd\u00e9partementale  des  Hauts-de-Seine  de la DRIEETS  le 11 juin  2024  par la micro-entreprise\nMADAR  FARID  sise  au 13 all\u00e9e  Jean  de La Fontaine  - 92000  NANTERRE.\nApr\u00e8s  examen  du dossier,  cette  demande  \u00e9tant  conforme  aux  dispositions  de l'article  L. 7232-1-\n1 du code  du travail,  le pr\u00e9sent  r\u00e9c\u00e9piss\u00e9  de d\u00e9claration  d'activit\u00e9s  de services  \u00e0 la personne  a\n\u00e9t\u00e9 enregistr\u00e9  au nom  de la micro-entreprise  MADAR  FARID,  sous  le n\u00b0 SAP  929680692.\nLes  activit\u00e9s  d\u00e9clar\u00e9es  sont  les suivantes,  \u00e0 l'exclusion  de toute  autre  :\n- Entretien  de la maison  et travaux  m\u00e9nagers  ;\nPrestations  relevant  du b\u00e9n\u00e9fice  de la r\u00e9duction  d'imp\u00f4t  pr\u00e9vue  \u00e0 l'article  199  sexdecies  du Code\nG\u00e9n\u00e9ral  des  Imp\u00f4ts\nLa structure  exerce  ces  activit\u00e9s  selon  le mode  suivant  : PRESTATAIRE\nSous  r\u00e9serve  d'\u00eatre  exerc\u00e9es  \u00e0 titre  exclusif  par le d\u00e9clarant  (ou sous  r\u00e9serve  d'une  comptabilit\u00e9\ns\u00e9par\u00e9e  pour  les personnes  morales  dispens\u00e9es  de la condition  d'activit\u00e9  exclusive),  ces activit\u00e9s\nouvrent  droit  au b\u00e9n\u00e9fice  des  dispositions  des  articles  L. 7233-2  du code  du travail  et L. 241-10\ndu code  de la s\u00e9curit\u00e9  sociale.\nConform\u00e9ment  aux  dispositions  de l'article  R7232-19  du code  du travail,  l'organisme  d\u00e9clar\u00e9  doit\nproduire  au moins  chaque  trimestre  un \u00e9tat  d'activit\u00e9  et chaque  ann\u00e9e  un bilan  quantitatif  et\nqualitatif  de l'activit\u00e9  exerc\u00e9e  au titre  de l'ann\u00e9e  \u00e9coul\u00e9e  ainsi  qu'un  tableau  statistique  annuel.\nSi l'organisme  d\u00e9clar\u00e9  comporte  plusieurs  \u00e9tablissements,  les \u00e9tats  statistiques  et le bilan  annuel\ndistinguent  l'activit\u00e9  exerc\u00e9e  par chaque  \u00e9tablissement.\nL'enregistrement  de la d\u00e9claration  pourra  \u00eatre  retir\u00e9  si organisme  d\u00e9clar\u00e9  cesse  de remplir\nles conditions  ou de respecter  les obligations  mentionn\u00e9es  aux  4\u00b0,5\u00b0  et 6\u00b0 de l'article\nR7232-17  ou qui m\u00e9connait  les obligations  d\u00e9finies  \u00e0 l'article  R7232-19  du code  du travail.\nToute  modification  concernant  la structure  d\u00e9clar\u00e9e  ou les activit\u00e9s  exerc\u00e9es  devra,  sous\npeine  de retrait  de la d\u00e9claration,  faire  l'objet  d'une  d\u00e9claration  modificative  aupr\u00e8s  de l'Unit\u00e9\nd\u00e9partementale  des  Hauts-de-Seine.\nLe pr\u00e9sent  r\u00e9c\u00e9piss\u00e9  sera  publi\u00e9  au recueil  des  actes  administratifs  de la pr\u00e9fecture  des  Hauts-\nde-Seine.\nFait  \u00e0 Nanterre,  le 17 juin  2024\nPour  le Pr\u00e9fet\nPar  d\u00e9l\u00e9gation  et subd\u00e9l\u00e9gation\nLa Responsable  du service\nD\u00e9veloppement  de l'emploi  et des\ncom  p\u00e9tences  ;\ndbudo\nMariama  COND\u00c9\n\n| | Direction  r\u00e9gionale  et interd\u00e9partementale\nMINISTERE  de l'\u00e9conomie,  de l'emploi,\nDU TRAVAIL  du travail  et des solidarit\u00e9s\nDE LA SANTE  .\nET DES  SOLIDARITES\nLibert\u00e9\n\u00c9galit\u00e9\nFraternit\u00e9\nR\u00e9c\u00e9piss\u00e9  de d\u00e9claration  n\u00b02024-267\nd'activit\u00e9s  de services  \u00e0 la personne  enregistr\u00e9e  au nom  de la SAS  r\u00e9sidence\nservices  VILLA  BEAUSOLEIL  ST GILLES  sous  le n\u00b0 SAP  903056778\nLE PREFET  DES  HAUTS-DE-SEINE\nCHEVALIER  DE LA LEGION  D'HONNEUR\nCHEVALIER  DE L'ORDRE  NATIONAL  DU MERITE\nVu la loi n\u00b0 2010-853  du 23 juillet  2010  relative  aux  r\u00e9seaux  consulaires,  au commerce  et \u00e0\nl'artisanat  et aux  services  (article  31) ;\nVu la loi n\u00b02015-1776  du 28 d\u00e9cembre  2015  relative  \u00e0 l'adaptation  de la soci\u00e9t\u00e9  au\nvieillissement  ;\nVu l'article  D7231-1  du Code  du travail  ;\nVu les d\u00e9crets  n\u00b0 2011-1132  et n\u00b0 2011-1133  du 20 septembre  2011  modifiant  certaines\ndispositions  du Code  du travail,  relatives  au ch\u00e8que  emploi-service  universel  et aux\nservices  \u00e0 la personne  ;\nVu le d\u00e9cret  n\u00b02016-750  du 6 juin 2016  relatif  \u00e0 la liste  des  activit\u00e9s  de services  \u00e0 la personne\nsoumises  \u00e0 agr\u00e9ment  ou \u00e0 autorisation  dans  le cadre  du r\u00e9gime  commun  de la d\u00e9claration  ;\nVu le d\u00e9cret  du 29 juillet  2020  portant  nomination  de Monsieur  Laurent  HOTTIAUX,  en qualit\u00e9\nde Pr\u00e9fet  des  Hauts-de-Seine  ;\nVu l'arr\u00eat\u00e9  interminist\u00e9riel  du 25 mars  2021  nommant  Monsieur  Ga\u00ebtan  RUDANT,  Directeur\nr\u00e9gional  et interd\u00e9partemental  de l'\u00e9conomie,  de l'emploi,  du travail  et des solidarit\u00e9s  d'Ile-\nde-France  \u00e0 compter  du 1er avril  2021  ;\nVu l'arr\u00eat\u00e9  pr\u00e9fectoral  PCI n\u00b0 2021-018  du 31 mars  2021  portant  d\u00e9l\u00e9gation  de signature  de\nMonsieur  Laurent  HOTTIAUX,  Pr\u00e9fet  des  Hauts  de Seine  \u00e0 Monsieur  Ga\u00ebtan  RUDANT,\nDirecteur  r\u00e9gional  et interd\u00e9partemental  de l'\u00e9conomie,  de l'emploi,  du travail  et des\nsolidarit\u00e9s  d'Ile-de-France  ;\nVu la d\u00e9cision  n\u00b0 2024-056  du 8 avril  2024  portant  subd\u00e9l\u00e9gation  de signature  de Monsieur\nGa\u00ebtan  RUDANT,  Directeur  r\u00e9gional  et interd\u00e9partemental  de l'\u00e9conomie,  de l'emploi,  du\ntravail  et des  solidarit\u00e9s  d'Ile-de-France,  aux  agents  de l'Unit\u00e9  d\u00e9partementale  des Hauts-\nde-Seine\n\nVu\nVul'arr\u00eat\u00e9  2023  PSF-DAPAPH/SOA  n\u00b0186  du 10 juillet  2023  du Conseil  d\u00e9partemental  de la\nVend\u00e9e  accordant  l'autorisation  \u00e0 la SAS  r\u00e9sidence  services  VILLA  BEAUSOLEIL  ST\nGILLES\nla d\u00e9claration  d'activit\u00e9s  de services  \u00e0 la personne  d\u00e9pos\u00e9e  aupr\u00e8s  de l'Unit\u00e9\nd\u00e9partementale  des  Hauts-de-Seine  de la DRIEETS  le 11 juin  2024  par la SAS  r\u00e9sidence\nservices  VILLA  BEAUSOLEIL  ST GILLES  sise  au 13 rue de la Vanne  - 92120\nMONTROUGE.\nApr\u00e8s  examen  du dossier,  cette  demande  \u00e9tant  conforme  aux  dispositions  de l'article  L. 7232-1-\n1 du code  du travail,  le pr\u00e9sent  r\u00e9c\u00e9piss\u00e9  de d\u00e9claration  d'activit\u00e9s  de services  \u00e0 la personne  a\n\u00e9t\u00e9 enregistr\u00e9  au nom  de la SAS  r\u00e9sidence  services  VILLA  BEAUSOLEIL  ST GILLES,  sous\nle n\u00b0 SAP  903056778.\nActivit\u00e9s  non  soumises  \u00e0 agr\u00e9ment  ou autorisation  exerc\u00e9es  en mode  PRESTATAIRE  :\nEntretien  de la maison  et travaux  m\u00e9nagers  ;\nPetits  travaux  de jardinage,  y compris  les travaux  de d\u00e9broussaillage  ;\nTravaux  de petit  bricolage  dits  \u00ab homme  toutes  mains  \u00bb ;\nPr\u00e9paration  de repas  \u00e0 domicile,  y compris  le temps  pass\u00e9  aux  courses  ;\nLivraison  de repas  \u00e0 domicile  ;\nCollecte  et livraison  \u00e0 domicile  de linge  repass\u00e9  ;\nLivraison  de courses  \u00e0 domicile  ;\nAssistance  informatique  \u00e0 domicile  ;\nSoins  et promenades  d'animaux  de compagnie,  \u00e0 l'exception  des  soins  v\u00e9t\u00e9rinaires\net du toilettage,  pour  les personnes  d\u00e9pendantes  ;\nMaintenance,  entretien  et vigilance  temporaires,  \u00e0 domicile,  de la r\u00e9sidence\nprincipale  et secondaire  ;\nAssistance  administrative  \u00e0 domicile  ;\nT\u00e9l\u00e9assistance  et visio-assistance  ;\nCoordination  et d\u00e9livrance  des  services  \u00e0 la personne  ;\nActivit\u00e9s  autoris\u00e9es  sur  le p\u00e9rim\u00e8tre  restreint  de la Vila  Beausoleil  situ\u00e9e  1 bis Rue  du Port\nFid\u00e8le  85800  SAINT  GILLES  CROIX  DE VIE  en mode  PRESTATAIRE  :\nAccompagnement  des  personnes  \u00e2g\u00e9es,  des  personnes  handicap\u00e9es  ou atteintes\nde pathologies  chroniques,  dans  leurs  d\u00e9placements  en dehors  de leur  domicile\n(promenades,  aide  \u00e0 la mobilit\u00e9  et au transport,  actes  de la vie courante)  quand  cet\naccompagnement  est  r\u00e9alis\u00e9  dans  les conditions  pr\u00e9vues  aux  1\u00b0 et 2\u00b0 de l'art.  7232-\n6 du code  du travail  ;\nAssistance  dans  les actes  quotidiens  de la vie ou aide  \u00e0 l'insertion  sociale  aux\npersonnes  \u00e2g\u00e9es  et aux  personnes  handicap\u00e9es  ou atteintes  de pathologies\nchroniques  qui ont  besoin  de telles  prestations  \u00e0 domicile,  quand  ces  prestations\nsont  r\u00e9alis\u00e9es  dans  les conditions  pr\u00e9vues  aux  1\u00b0 et 2\u00b0 de l'art.  7232-6  du code  du\ntravail,  \u00e0 l'exclusion  d'actes  de soins  relevant  d'actes  m\u00e9dicaux  \u00e0 moins  qu'ils  ne\nsoient  ex\u00e9cut\u00e9s  dans  les conditions  pr\u00e9vues  \u00e0 l'article  L1111-6-1  du code  de la sant\u00e9\npublique  et du d\u00e9cret  n\u00b099-426  du 27 mai  1999  habilitant  certaines  cat\u00e9gories  de\npersonnes  \u00e0 effectuer  des  aspirations  endo-trach\u00e9ales  ;\nPrestation  de conduite  du v\u00e9hicule  personnel  des  personnes  \u00e2g\u00e9es,  des  personnes\nhandicap\u00e9es  ou atteintes  de pathologies  chroniques  du domicile  au travail,  sur  le\nlieu  de vacances,  pour  les d\u00e9marches  administratives  quand  cette  prestation  est\nr\u00e9alis\u00e9e  dans  les conditions  pr\u00e9vues  aux  1\u00b0 et 2\u00b0 de l'art.  7232-6  du code  du travail  ;\n\nPrestations  relevant  du b\u00e9n\u00e9fice  de la r\u00e9duction  d'imp\u00f4t  pr\u00e9vue  \u00e0 l'article  199  sexdecies  du Code\nG\u00e9n\u00e9ral  des  Imp\u00f4ts\nSous  r\u00e9serve  d'\u00eatre  exerc\u00e9es  \u00e0 titre  exclusif  par le d\u00e9clarant  (ou sous  r\u00e9serve  d'une  comptabilit\u00e9\ns\u00e9par\u00e9e  pour  les personnes  morales  dispens\u00e9es  de la condition  d'activit\u00e9  exclusive),  ces  activit\u00e9s\nouvrent  droit  au b\u00e9n\u00e9fice  des  dispositions  des  articles  L. 7233-2  du code  du travail  et L. 241-10\ndu code  de la s\u00e9curit\u00e9  sociale.\nConform\u00e9ment  aux  dispositions  de l'article  R7232-19  du code  du travail,  l'organisme  d\u00e9clar\u00e9  doit\nproduire  au moins  chaque  trimestre  un \u00e9tat  d'activit\u00e9  et chaque  ann\u00e9e  un bilan  quantitatif  et\nqualitatif  de l'activit\u00e9  exerc\u00e9e  au titre  de l'ann\u00e9e  \u00e9coul\u00e9e  ainsi  qu'un  tableau  statistique  annuel.\nSi l'organisme  d\u00e9clar\u00e9  comporte  plusieurs  \u00e9tablissements,  les \u00e9tats  statistiques  et le bilan  annuel\ndistinguent  l'activit\u00e9  exerc\u00e9e  par  chaque  \u00e9tablissement.\nL'enregistrement  de la d\u00e9claration  pourra  \u00eatre  retir\u00e9  si l'organisme  d\u00e9clar\u00e9  cesse  de remplir\nles conditions  ou de respecter  les obligations  mentionn\u00e9es  aux  4\u00b0,5\u00b0  et 6\u00b0 de l'article\nR7232-17  ou qui m\u00e9connait  les obligations  d\u00e9finies  \u00e0 l'article  R7232-19  du code  du travail.\nToute  modification  concernant  la structure  d\u00e9clar\u00e9e  ou les activit\u00e9s  exerc\u00e9es  devra,  sous\npeine  de retrait  de la d\u00e9claration,  faire  l'objet  d'une  d\u00e9claration  modificative  aupr\u00e8s  de l'Unit\u00e9\nd\u00e9partementale  des  Hauts-de-Seine.\nLe pr\u00e9sent  r\u00e9c\u00e9piss\u00e9  sera  publi\u00e9  au recueil  des  actes  administratifs  de la pr\u00e9fecture  des  Hauts-\nde-Seine.\nFait  \u00e0 Nanterre,  le 18 juin  2024\n\n| | * Direction  r\u00e9gionale  et interd\u00e9partementale\nMINISTERE  de l'\u00e9conomie,  de l'emploi,\nDU TRAVAIL  du travail  et des solidarit\u00e9s\nDE LA SANT\u00c9\nET DES SOLIDARIT\u00c9S\nLibert\u00e9\n\u00c9galit\u00e9\nFraternit\u00e9\nR\u00e9c\u00e9piss\u00e9  de d\u00e9claration  n\u00b02024-268\nd'activit\u00e9s  de services  \u00e0 la personne  enregistr\u00e9e  au nom  de la SAS  r\u00e9sidence\nservices  VILLA  BEAUSOLEIL  JULES  VERNE  sous  le n\u00b0 SAP  834245649\nLE PREFET  DES  HAUTS-DE-SEINE\nCHEVALIER  DE LA LEGION  D'HONNEUR\nCHEVALIER  DE L'ORDRE  NATIONAL  DU MERITE\nVu la loi n\u00b0 2010-853  du 23 juillet  2010  relative  aux r\u00e9seaux  consulaires,  au commerce  et \u00e0\nl'artisanat  et aux  services  (article  31) ;\nVu la loi n\u00b02015-1776  du 28 d\u00e9cembre  2015  relative  \u00e0 l'adaptation  de la soci\u00e9t\u00e9  au\nvieillissement  ;\nVu l'article  D7231-1  du Code  du travail  ;\nVu les d\u00e9crets  n\u00b0 2011-1132  et n\u00b0 2011-1133  du 20 septembre  2011  modifiant  certaines\ndispositions  du Code  du travail,  relatives  au ch\u00e8que  emploi-service  universel  et aux\nservices  a la personne  ;\nVu le d\u00e9cret  n\u00b02016-750  du 6 juin 2016  relatif  a la liste  des activit\u00e9s  de services  a la personne\nsoumises  a agr\u00e9ment  ou a autorisation  dans  le cadre  du r\u00e9gime  commun  de la d\u00e9claration  ;\nVu le d\u00e9cret  du 29 juillet  2020  portant  nomination  de Monsieur  Laurent  HOTTIAUX,  en qualit\u00e9\nde Pr\u00e9fet  des  Hauts-de-Seine  ;\nVu larr\u00e9t\u00e9  interminist\u00e9riel  du 25 mars  2021  nommant  Monsieur  Ga\u00ebtan  RUDANT,  Directeur\nr\u00e9gional  et interd\u00e9partemental  de l'\u00e9conomie,  de l'emploi,  du travail  et des solidarit\u00e9s  d'Ile-\nde-France  a compter  du 'er avril  2021  ;\nVu l'arr\u00e9t\u00e9  pr\u00e9fectoral  PCI n\u00b0 2021-018  du 31 mars  2021  portant  d\u00e9l\u00e9gation  de signature  de\nMonsieur  Laurent  HOTTIAUX,  Pr\u00e9fet  des Hauts  de Seine  a Monsieur  Ga\u00e9tan  RUDANT,\nDirecteur  r\u00e9gional  et interd\u00e9partemental  de l'\u00e9conomie,  de l'emploi,  du travail  et des\nsolidarit\u00e9s  d'lle-de-France  ;\nVu la d\u00e9cision  n\u00b0 2024-056  du 8 avril  2024  portant  subd\u00e9l\u00e9gation  de signature  de Monsieur\nGa\u00ebtan  RUDANT,  Directeur  r\u00e9gional  et interd\u00e9partemental  de l'\u00e9conomie,  de l'emploi,  du\ntravail  et des solidarit\u00e9s  d'Ile-de-France,  aux agents  de l'Unit\u00e9  d\u00e9partementale  des Hauts-\nde-Seine\n\nVu l'arr\u00eat\u00e9  n\u00b0 2020-07  du 15 juillet  2020  du Conseil  d\u00e9partemental  des  Hauts-de  Seine\naccordant  l'autorisation  \u00e0 la SAS  r\u00e9sidence  services  VILLA  BEAUSOLEIL  JULES\nVERNE\nVu la d\u00e9claration  d'activit\u00e9s  de services  \u00e0 la personne  d\u00e9pos\u00e9e  aupr\u00e8s  de l'Unit\u00e9\nd\u00e9partementale  des  Hauts-de-Seine  de la DRIEETS  le 11 juin  2024  par la SAS  r\u00e9sidence\nservices  VILLA  BEAUSOLEIL  JULES  VERNE  sise  au 13 rue de la Vanne  - 92120\nMONTROUGE.\nApr\u00e8s  examen  du dossier,  cette  demande  \u00e9tant  conforme  aux  dispositions  de l'article  L. 7232-1-\n1 du code  du travail,  le pr\u00e9sent  r\u00e9c\u00e9piss\u00e9  de d\u00e9claration  d'activit\u00e9s  de services  \u00e0 la personne  a\n\u00e9t\u00e9 enregistr\u00e9  au nom  de la SAS  r\u00e9sidence  services  VILLA  BEAUSOLEIL  JULES  VERNE,  sous\nle n\u00b0 SAP  834245649.\nActivit\u00e9s  non  soumises  \u00e0 agr\u00e9ment  ou autorisation  exerc\u00e9es  en mode  PRESTATAIRE  :\n- Entretien  de la maison  et travaux  m\u00e9nagers  ;\n- Petits  travaux  de jardinage,  y compris  les travaux  de d\u00e9broussaillage  ;\n- Travaux  de petit  bricolage  dits  \u00ab homme  toutes  mains  \u00bb ;\n- Pr\u00e9paration  de repas  \u00e0 domicile,  y compris  le temps  pass\u00e9  aux  courses  ;\n- Livraison  de repas  \u00e0 domicile  ;\n- Collecte  et livraison  \u00e0 domicile  de linge  repass\u00e9  ;\n- Livraison  de courses  \u00e0 domicile  ;\n- Assistance  informatique  a domicile  ;\n- Soins  et promenades  d'animaux  de compagnie,  \u00e0 l'exception  des  soins  v\u00e9t\u00e9rinaires\net du toilettage,  pour  les personnes  d\u00e9pendantes  ;\n- Maintenance,  entretien  et vigilance  temporaires,  4 domicile,  de la r\u00e9sidence\nprincipale  et secondaire  ;\n- Assistance  administrative  a domicile  ;\n- T\u00e9l\u00e9assistance  et visio-assistance  ;\n- Coordination  et d\u00e9livrance  des  services  a la personne  ;\nActivit\u00e9s  autoris\u00e9es  sur  le le p\u00e9rim\u00e9tre  restreint  de la Vila  Beausoleil  situ\u00e9e  12 Rue  Jules\nVernes  92300  LEVALLOIS-PERRET  en mode  PRESTATAIRE  :\n- Accompagnement  des  personnes  \u00e2g\u00e9es,  des  personnes  handicap\u00e9es  ou atteintes\nde pathologies  chroniques,  dans  leurs  d\u00e9placements  en dehors  de leur  domicile\n(promenades,  aide  a la mobilit\u00e9  et au transport,  actes  de la vie courante)  quand  cet\naccompagnement  est r\u00e9alis\u00e9  dans  les conditions  proviies  aux  1\u00b0 et 2\u00b0 de l'art.  7232-\n6 du code  du travail  ;\n- Assistance  dans les actes  quotidiens  de la vie ou aide a l'insertion  sociale  aux\npersonnes  ag\u00e9es  et aux  personnes  handicap\u00e9es  ou atteintes  de pathologies\nchroniques  qui ont  besoin  de telles  prestations  a domicile,  quand  ces  prestations\nsont  r\u00e9alis\u00e9es  dans  les conditions  pr\u00e9vues  aux  1\u00b0 et 2\u00b0 de l'art.  7232-6  du code  du\ntravail,  \u00e0 l'exclusion  d'actes  de soins  relevant  d'actes  m\u00e9dicaux  \u00e0 moins  qu'ils  ne\nsoient  ex\u00e9cut\u00e9s  dans  les conditions  pr\u00e9vues  \u00e0 l'article  L1111-6-1  du code  de la sant\u00e9\npublique  et du d\u00e9cret  n\u00b099-426  du 27 mai  1999  habilitant  certaines  cat\u00e9gories  de\npersonnes  \u00e0 effectuer  des  aspirations  endo-trach\u00e9ales  ;\n-__ Prestation  de conduite  du v\u00e9hicule  personnel  des  personnes  \u00e2g\u00e9es,  des  personnes\nhandicap\u00e9es  ou atteintes  de pathologies  chroniques  du domicile  au travail,  sur  le\nlieu  de vacances,  pour  les d\u00e9marches  administratives  quand  cette  prestation  est\nr\u00e9alis\u00e9e  dans  les conditions  pr\u00e9vues  aux  1\u00b0 et 2\u00b0 de l'art.  7232-6  du code  du travail  ;\n\nPrestations  relevant  du b\u00e9n\u00e9fice  de la r\u00e9duction  d'imp\u00e9t  pr\u00e9vue  \u00e0 l'article  199 sexdecies  du Code\nG\u00e9n\u00e9ral  des  Imp\u00f4ts\nSous  r\u00e9serve  d'\u00eatre  exerc\u00e9es  \u00e0 titre  exclusif  par le d\u00e9clarant  (ou sous  r\u00e9serve  d'une  comptabilit\u00e9\ns\u00e9par\u00e9e  pour  les personnes  morales  dispens\u00e9es  de la condition  d'activit\u00e9  exclusive),  ces activit\u00e9s\nouvrent  droit  au b\u00e9n\u00e9fice  des  dispositions  des  articles  L. 7233-2  du code  du travail  et L. 241-10\ndu code  de la s\u00e9curit\u00e9  sociale.\nConform\u00e9ment  aux dispositions  de l'article  R7232-19  du code  du travail,  l'organisme  d\u00e9clar\u00e9  doit\nproduire  au moins  chaque  trimestre  un \u00e9tat  d'activit\u00e9  et chaque  ann\u00e9e  un bilan  quantitatif  et\nqualitatif  de l'activit\u00e9  exerc\u00e9e  au titre  de l'ann\u00e9e  \u00e9coul\u00e9e  ainsi  qu'un  tableau  statistique  annuel.\nSi l'organisme  d\u00e9clar\u00e9  comporte  plusieurs  \u00e9tablissements,  les \u00e9tats  statistiques  et le bilan  annuel\ndistinguent  l'activit\u00e9  exerc\u00e9e  par chaque  \u00e9tablissement.\nL'enregistrement  de la d\u00e9claration  pourra  \u00eatre  retir\u00e9  si l'organisme  d\u00e9clar\u00e9  cesse  de remplir\nles conditions  ou de respecter  les obligations  mentionn\u00e9es  aux  4\u00b0,5\u00b0  et 6\u00b0 de l'article\nR7232-17  ou qui m\u00e9conna\u00eet  les obligations  d\u00e9finies  \u00e0 l'article  R7232-19  du code  du travail.\nToute  modification  concernant  la structure  d\u00e9clar\u00e9e  ou les activit\u00e9s  exerc\u00e9es  devra,  sous\npeine  de retrait  de la d\u00e9claration,  faire  l'objet  d'une  d\u00e9claration  modificative  aupr\u00e8s  de l'Unit\u00e9\nd\u00e9partementale  des  Hauts-de-Seine.\nLe pr\u00e9sent  r\u00e9c\u00e9piss\u00e9  sera  publi\u00e9  au recueil  des actes  administratifs  de la pr\u00e9fecture  des  Hauts-\nde-Seine.\nFait  \u00e0 Nanterre,  le 18 juin  2024\nPour  le Pr\u00e9fet\nPar  d\u00e9l\u00e9gation  et subd\u00e9l\u00e9gation\nLa Responsable  du service\nD\u00e9veloppement  de l'emploi  et des\ncomp\u00e9tences\n}\nMariama  COND\u00c9\n\n| | Direction  r\u00e9gionale  et interd\u00e9partementale\nMINISTERE  de l'\u00e9conomie,  de l'emploi,\nDU TRAVAIL  du travail  et des solidarit\u00e9s\nDE LA SANT\u00c9  ;\nET DES  SOLIDARITESie\nFraternit\u00e9\nR\u00e9c\u00e9piss\u00e9  de d\u00e9claration  n\u00b02024-269\nd'activit\u00e9s  de services  \u00e0 la personne  enregistr\u00e9e  au nom  de la micro-entreprise\nAMELAL  NASSIM  sous  le n\u00b0 SAP  929786176\nLE PREFET  DES  HAUTS-DE-SEINE\nCHEVALIER  DE LA LEGION  D'HONNEUR\nCHEVALIER  DE L'ORDRE  NATIONAL  DU MERITE\nVu la loi n\u00b0 2010-853  du 23 juillet  2010  relative  aux  r\u00e9seaux  consulaires,  au commerce  et \u00e0\nl'artisanat  et aux  services  (article  31) ;\nVu la loi n\u00b02015-1776  du 28 d\u00e9cembre  2015  relative  \u00e0 l'adaptation  de la soci\u00e9t\u00e9  au\nvieillissement  ;\nVu l'article  D7231-1  du Code  du travail  ;\nVu les d\u00e9crets  n\u00b0 2011-1132  et n\u00b0 2011-1133  du 20 septembre  2011  modifiant  certaines\ndispositions  du Code  du travail,  relatives  au ch\u00e8que  emploi-service  universel  et aux\nservices  a la personne  ;\nVu le d\u00e9cret  n\u00b02016-750  du 6 juin  2016  relatif  \u00e0 la liste  des  activit\u00e9s  de services  \u00e0 la personne\nsoumises  \u00e0 agr\u00e9ment  ou \u00e0 autorisation  dans  le cadre  du r\u00e9gime  commun  de la d\u00e9claration  ;\nVu le d\u00e9cret  du 29 juillet  2020  portant  nomination  de Monsieur  Laurent  HOTTIAUX,  en qualit\u00e9\nde Pr\u00e9fet  des  Hauts-de-Seine  ;\nVu l'arr\u00eat\u00e9  interminist\u00e9riel  du 25 mars  2021  nommant  Monsieur  Ga\u00ebtan  RUDANT,  Directeur\nr\u00e9gional  et interd\u00e9partemental  de l'\u00e9conomie,  de l'emploi,  du travail  et des  solidarit\u00e9s  d'lle-\nde-France  \u00e0 compter  du 1er avril  2021  ;\nVu l'arr\u00eat\u00e9  pr\u00e9fectoral  PCI  n\u00b0 2021-018  du 31 mars  2021  portant  d\u00e9l\u00e9gation  de signature  de\nMonsieur  Laurent  HOTTIAUX,  Pr\u00e9fet  des  Hauts  de Seine  \u00e0 Monsieur  Ga\u00ebtan  RUDANT,\nDirecteur  r\u00e9gional  et interd\u00e9partemental  de l'\u00e9conomie,  de l'emploi,  du travail  et des\nsolidarit\u00e9s  d'Ile-de-France  ;\nVu la d\u00e9cision  n\u00b0 2024-056  du 8 avril  2024  portant  subd\u00e9l\u00e9gation  de signature  de Monsieur\nGa\u00ebtan  RUDANT,  Directeur  r\u00e9gional  et interd\u00e9partemental  de l'\u00e9conomie,  de l'emploi,  du\ntravail  et des  solidarit\u00e9s  d'Ile-de-France,  aux  agents  de l'Unit\u00e9  d\u00e9partementale  des  Hauts-\nde-Seine\n\nVu la d\u00e9claration  d'activit\u00e9s  de services  a la personne  d\u00e9pos\u00e9e  aupr\u00e8s  de l'Unit\u00e9\nd\u00e9partementale  des  Hauts-de-Seine  de la DRIEETS  le 13 juin  2024  par la micro-entreprise\nAMELAL  NASSIM  sise  au 16 Rue  de Ville  d'Avray  - 92310  SEVRES.\nApr\u00e8s  examen  du dossier,  cette  demande  \u00e9tant  conforme  aux  dispositions  de l'article  L. 7232-1-\n1 du code  du travail,  le pr\u00e9sent  r\u00e9c\u00e9piss\u00e9  de d\u00e9claration  d'activit\u00e9s  de services  \u00e0 la personne  a\n\u00e9t\u00e9 enregistr\u00e9  au nom  de la micro-entreprise  AMELAL  NASSIM,  sous  le n\u00b0 SAP  929786176.\nLes  activit\u00e9s  d\u00e9clar\u00e9es  sont  les suivantes,  \u00e0 l'exclusion  de toute  autre  :\n- Entretien  de la maison  et travaux  m\u00e9nagers  ;\nPrestations  relevant  du b\u00e9n\u00e9fice  de la r\u00e9duction  d'imp\u00f4t  pr\u00e9vue  \u00e0 l'article  199  sexdecies  du Code\nG\u00e9n\u00e9ral  des  Imp\u00f4ts\nLa structure  exerce  ces  activit\u00e9s  selon  le mode  suivant  : PRESTATAIRE\nSous  r\u00e9serve  d'\u00eatre  exerc\u00e9es  \u00e0 titre  exclusif  par le d\u00e9clarant  (ou sous  r\u00e9serve  d'une  comptabilit\u00e9\ns\u00e9par\u00e9e  pour  les personnes  morales  dispens\u00e9es  de la condition  d'activit\u00e9  exclusive),  ces  activit\u00e9s\nouvrent  droit  au b\u00e9n\u00e9fice  des  dispositions  des  articles  L. 7233-2  du code  du travail  et L. 241-10\ndu code  de la s\u00e9curit\u00e9  sociale.\nConform\u00e9ment  aux  dispositions  de l'article  R7232-19  du code  du travail,  l'organisme  d\u00e9clar\u00e9  doit\nproduire  au moins  chaque  trimestre  un \u00e9tat  d'activit\u00e9  et chaque  ann\u00e9e  un bilan  quantitatif  et\nqualitatif  de l'activit\u00e9  exerc\u00e9e  au titre  de l'ann\u00e9e  \u00e9coul\u00e9e  ainsi  qu'un  tableau  statistique  annuel.\nSi l'organisme  d\u00e9clar\u00e9  comporte  plusieurs  \u00e9tablissements,  les \u00e9tats  statistiques  et le bilan  annuel\ndistinguent  l'activit\u00e9  exerc\u00e9e  par  chaque  \u00e9tablissement.\nL'enregistrement  de la d\u00e9claration  pourra  \u00eatre  retir\u00e9  si l'organisme  d\u00e9clar\u00e9  cesse  de remplir\nles conditions  ou de respecter  les obligations  mentionn\u00e9es  aux  4\u00b0,5\u00b0  et 6\u00b0 de l'article\nR7232-17  ou qui m\u00e9connait  les obligations  d\u00e9finies  \u00e0 l'article  R7232-19  du code  du travail.\nToute  modification  concernant  la structure  d\u00e9clar\u00e9e  ou les activit\u00e9s  exerc\u00e9es  devra,  sous\npeine  de retrait  de la d\u00e9claration,  faire  l'objet  d'une  d\u00e9claration  modificative  aupr\u00e8s  de l'Unit\u00e9\nd\u00e9partementale  des  Hauts-de-Seine.\nLe pr\u00e9sent  r\u00e9c\u00e9piss\u00e9  sera  publi\u00e9  au recueil  des  actes  administratifs  de la pr\u00e9fecture  des  Hauts-\nde-Seine.\nFait  \u00e0 Nanterre,  le 17 juin  2024\nPour  le Pr\u00e9fet\nPar  d\u00e9l\u00e9gation  et subd\u00e9l\u00e9gation\nLa Responsable  du service\nD\u00e9veloppement  de l'emploi  et des\ncomp\u00e9tences\nMariama  CONDE\n\n| | Direction  r\u00e9gionale  et interd\u00e9partementale\nMINISTERE  de l'\u00e9conomie,  de l'emploi,\nDU TRAVAIL  du travail  et des solidarit\u00e9s\nDE LA SANT\u00c9  .\nET DES  SOLIDARITES\nLibert\u00e9\nEgalit\u00e9\nFraternit\u00e9\nR\u00e9c\u00e9piss\u00e9  de d\u00e9claration  n\u00b02024-270\nd'activit\u00e9s  de services  \u00e0 la personne  enregistr\u00e9e  au nom  de la micro-entreprise\nNEGAA  SAMIRA  sous  le n\u00b0 SAP  981538366\nLE PREFET  DES  HAUTS-DE-SEINE\nCHEVALIER  DE LA LEGION  D'HONNEUR\nCHEVALIER  DE L'ORDRE  NATIONAL  DU MERITE\nVu la loi n\u00b0 2010-853  du 23 juillet  2010  relative  aux  r\u00e9seaux  consulaires,  au commerce  et a\nl'artisanat  et aux  services  (article  31) ;\nVu la loi n\u00b02015-1776  du 28 d\u00e9cembre  2015  relative  a l'adaptation  de la soci\u00e9t\u00e9  au\nvieillissement  ;\nVu l'article  D7231-1  du Code  du travail  ;\nVu les d\u00e9crets  n\u00b0 2011-1132  et n\u00b0 2011-1133  du 20 septembre  2011  modifiant  certaines\ndispositions  du Code  du travail,  relatives  au ch\u00e9que  emploi-service  universel  et aux\nservices  \u00e0 la personne  ;\nVu le d\u00e9cret  n\u00b02016-750  du 6 juin  2016  relatif  a la liste  des  activit\u00e9s  de services  a la personne\nsoumises  \u00e0 agr\u00e9ment  ou \u00e0 autorisation  dans  le cadre  du r\u00e9gime  commun  de la d\u00e9claration  ;\nVu le d\u00e9cret  du 29 juillet  2020  portant  nomination  de Monsieur  Laurent  HOTTIAUX,  en qualit\u00e9\nde Pr\u00e9fet  des  Hauts-de-Seine  ;\n'Vu  larr\u00e9t\u00e9  interminist\u00e9riel  du 25 mars  2021  nommant  Monsieur  Ga\u00ebtan  RUDANT,  Directeur\nr\u00e9gional  et interd\u00e9partemental  de l'\u00e9conomie,  de l'emploi,  du travail  et des  solidarit\u00e9s  d'Ile-\nde-France  \u00e0 compter  du 1er avril  2021  ;\nVu l'arr\u00eat\u00e9  pr\u00e9fectoral  PCI  n\u00b0 2021-018  du 31 mars  2021  portant  d\u00e9l\u00e9gation  de signature  de\nMonsieur  Laurent  HOTTIAUX,  Pr\u00e9fet  des  Hauts  de Seine  a Monsieur  Ga\u00e9tan  RUDANT,\nDirecteur  r\u00e9gional  et interd\u00e9partemental  de l'\u00e9conomie,  de l'emploi,  du travail  et des\nsolidarit\u00e9s  d'Ile-de-France  ;\nVu la d\u00e9cision  n\u00b0 2024-056  du 8 avril  2024  portant  subd\u00e9l\u00e9gation  de signature  de Monsieur\nGa\u00ebtan  RUDANT,  Directeur  r\u00e9gional  et interd\u00e9partemental  de l'\u00e9conomie,  de l'emploi,  du\ntravail  et des  solidarit\u00e9s  d'Ile-de-France,  aux  agents  de l'Unit\u00e9  d\u00e9partementale  des  Hauts-\nde-Seine\n\nVu la d\u00e9claration  d'activit\u00e9s  de services  \u00e0 la personne  d\u00e9pos\u00e9e  aupr\u00e8s  de l'Unit\u00e9\nd\u00e9partementale  des  Hauts-de-Seine  de la DRIEETS  le 31 mai  2024  par la micro-entreprise\nNEGAA  SAMIRA  sise  au 35 Rue  des  Cailloux  - 92110  CLICHY.  :\nApr\u00e8s  examen  du dossier,  cette  demande  \u00e9tant  conforme  aux  dispositions  de l'article  L. 7232-1-\n1 du code  du travail,  le pr\u00e9sent  r\u00e9c\u00e9piss\u00e9  de d\u00e9claration  d'activit\u00e9s  de services  \u00e0 la personne  a\n\u00e9t\u00e9 enregistr\u00e9  au nom  de la micro-entreprise  NEGAA  SAMIRA,  sous  le n\u00b0 SAP  981538366.\nLes  activit\u00e9s  d\u00e9clar\u00e9es  sont  les suivantes,  \u00e0 l'exclusion  de toute  autre  :\n- Entretien  de la maison  et travaux  m\u00e9nagers  ;\n- Petits  travaux  de jardinage,  y compris  les travaux  de d\u00e9broussaillage  ;\n- Travaux  de petit  bricolage  dits  \u00ab homme  toutes  mains  \u00bb ;\n- Garde  d'enfants  de plus  de trois  ans  \u00e0 domicile  ;\n- Accompagnement  des  enfants  de plus  de trois  ans  dans  leurs  d\u00e9placements  en\ndehors  de leur  domicile  (promenades,  transports,  actes  de la vie courante)  ;\n- Soutien  scolaire  ou cours  \u00e0 domicile  ;\n- Pr\u00e9paration  de repas  a domicile,  y compris  le temps  pass\u00e9  aux  courses  ;\n- Livraison  de repas  \u00e0 domicile  ;\n- Collecte  et livraison  a domicile  de linge  repass\u00e9  ;\n- Livraison  de courses  \u00e0 domicile  ;\n- Assistance  informatique  a domicile  ;\n- Maintenance,  entretien  et vigilance  temporaires,  \u00e0 domicile,  de la r\u00e9sidence\nprincipale  et secondaire  ;\n- Assistance  administrative  \u00e0 domicile  ;\n- T\u00e9l\u00e9assistance  et visio-assistance  ;\n- Assistance  aux  personnes  autres  que  personnes  \u00e2g\u00e9es,  handicap\u00e9es  ou atteintes\nde pathologies  chroniques  qui  ont  besoin  temporairement  d'une  aide  personnelle  a\nleur  domicile,  \u00e0 l'exclusion  des  soins  relevant  d'actes  m\u00e9dicaux  ;\nPrestations  relevant  du b\u00e9n\u00e9fice  de la r\u00e9duction  d'imp\u00f4t  pr\u00e9vue  a l'article  199  sexdecies  du Code\nG\u00e9n\u00e9ral  des  Imp\u00f4ts\nLa structure  exerce  ces  activit\u00e9s  selon  le mode  suivant  : PRESTATAIRE\nSous  r\u00e9serve  d'\u00eatre  exerc\u00e9es  \u00e0 titre  exclusif  par le d\u00e9clarant  (ou sous  r\u00e9serve  d'une  comptabilit\u00e9\ns\u00e9par\u00e9e  pour  les personnes  morales  dispens\u00e9es  de la condition  d'activit\u00e9  exclusive),  ces  activit\u00e9s\nouvrent  droit  au b\u00e9n\u00e9fice  des  dispositions  des  articles  L. 7233-2  du code  du travail  et L. 241-10\ndu code  de la s\u00e9curit\u00e9  sociale.\nConform\u00e9ment  aux  dispositions  de l'article  R7232-19  du code  du travail,  l'organisme  d\u00e9clar\u00e9  doit\nproduire  au moins  chaque  trimestre  un \u00e9tat  d'activit\u00e9  et chaque  ann\u00e9e  un bilan  quantitatif  et\nqualitatif  de l'activit\u00e9  exerc\u00e9e  au titre  de l'ann\u00e9e  \u00e9coul\u00e9e  ainsi  qu'un  tableau  statistique  annuel.\nSi l'organisme  d\u00e9clar\u00e9  comporte  plusieurs  \u00e9tablissements,  les \u00e9tats  statistiques  et le bilan  annuel\ndistinguent  l'activit\u00e9  exerc\u00e9e  par chaque  \u00e9tablissement.\nL'enregistrement  de la d\u00e9claration  pourra  \u00eatre  retir\u00e9  si l'organisme  d\u00e9clar\u00e9  cesse  de remplir\nles conditions  ou de respecter  les obligations  mentionn\u00e9es  aux  4\u00b0,5\u00b0  et 6\u00b0 de l'article\nR7232-17  ou qui m\u00e9connait  les obligations  d\u00e9finies  \u00e0 l'article  R7232-19  du code  du travail.\n\nToute  modification  concernant  la structure  d\u00e9clar\u00e9e  ou les activit\u00e9s  exerc\u00e9es  devra,  sous\npeine  de retrait  de la d\u00e9claration,  faire  l'objet  d'une  d\u00e9claration  modificative  aupr\u00e8s  de l'Unit\u00e9\nd\u00e9partementale  des  Hauts-de-Seine.\nLe pr\u00e9sent  r\u00e9c\u00e9piss\u00e9  sera  publi\u00e9  au recueil  des  actes  administratifs  de la pr\u00e9fecture  des  Hauts-\nde-Seine.\nFait  \u00e0 Nanterre,  le 18 juin  2024\nPour  le Pr\u00e9fet\nPar  d\u00e9l\u00e9gation  et subd\u00e9l\u00e9gation\nLa Responsable  du service\nD\u00e9veloppement  de l'emploi  et des\ncomp\u00e9tences\nD LE  a\nLu\nMariama  CONDE\n\n| | Direction  r\u00e9gionale  et interd\u00e9partementale\nMINISTERE  de l'\u00e9conomie,  de l'emploi,\nDU TRAVAIL  du travail  et des solidarit\u00e9s\nDE LA SANT\u00c9  .\nET DES  SOLIDARITESli\u00e9\nFraternit\u00e9\nR\u00e9c\u00e9piss\u00e9  de d\u00e9claration  n\u00b02024-288\nd'activit\u00e9s  de services  \u00e0 la personne  enregistr\u00e9e  au nom  de la micro-entreprise\nTNASI  WALAA  sous  le n\u00b0 SAP  929799435\nLE PREFET  DES  HAUTS-DE-SEINE\nCHEVALIER  DE LA LEGION  D'HONNEUR\nCHEVALIER  DE L'ORDRE  NATIONAL  DU MERITE\nVu la loi n\u00b0 2010-853  du 23 juillet  2010  relative  aux  r\u00e9seaux  consulaires,  au commerce  et \u00e0\nl'artisanat  et aux  services  (article  31)  ;\nVu la loi n\u00b02015-1776  du 28 d\u00e9cembre  2015  relative  \u00e0 l'adaptation  de la soci\u00e9t\u00e9  au\nvieillissement  ;\nVu l'article  D7231-1  du Code  du travail  ;\nVu les d\u00e9crets  n\u00b0 2011-1132  et n\u00b0 2011-1133  du 20 septembre  2011  modifiant  certaines\ndispositions  du Code  du travail,  relatives  au ch\u00e8que  emploi-service  universel  et aux\nservices  \u00e0 la personne  ;\nVu le d\u00e9cret  n\u00b02016-750  du 6 juin  2016  relatif  \u00e0 la liste  des  activit\u00e9s  de services  \u00e0 la personne\nsoumises  \u00e0 agr\u00e9ment  ou \u00e0 autorisation  dans  le cadre  du r\u00e9gime  commun  de la d\u00e9claration  ;\nVu le d\u00e9cret  du 29 juillet  2020  portant  nomination  de Monsieur  Laurent  HOTTIAUX,  en qualit\u00e9\nde Pr\u00e9fet  des  Hauts-de-Seine  ;\nVu l'arr\u00eat\u00e9  interminist\u00e9riel  du 25 mars  2021  nommant  Monsieur  Ga\u00ebtan  RUDANT,  Directeur\nr\u00e9gional  et interd\u00e9partemental  de l'\u00e9conomie,  de l'emploi,  du travail  et des  solidarit\u00e9s  d'Ile-\nde-France  \u00e0 compter  du 1er avril  2021  ;\nVu l'arr\u00eat\u00e9  pr\u00e9fectoral  PCI  n\u00b0 2021-018  du 31 mars  2021  portant  d\u00e9l\u00e9gation  de signature  de\nMonsieur  Laurent  HOTTIAUX,  Pr\u00e9fet  des  Hauts  de Seine  \u00e0 Monsieur  Ga\u00ebtan  RUDANT,\nDirecteur  r\u00e9gional  et interd\u00e9partemental  de l'\u00e9conomie,  de l'emploi,  du travail  et des\nsolidarit\u00e9s  d'Ile-de-France  ;\nVu la d\u00e9cision  n\u00b0 2024-056  du 8 avril  2024  portant  subd\u00e9l\u00e9gation  de signature  de Monsieur\nGa\u00ebtan  RUDANT,  Directeur  r\u00e9gional  et interd\u00e9partemental  de l'\u00e9conomie,  de l'emploi,  du\ntravail  et des  solidarit\u00e9s  d'Ile-de-France,  aux  agents  de l'Unit\u00e9  d\u00e9partementale  des  Hauts-\nde-Seine\n\nVu la d\u00e9claration  d'activit\u00e9s  de services  a la personne  d\u00e9pos\u00e9e  aupr\u00e8s  de l'Unit\u00e9\nd\u00e9partementale  des  Hauts-de-Seine  de la DRIEETS  le 16 juin  2024  par la micro-entreprise\nTNASI  WALAA  sise  au 1 All\u00e9e  Henri  Wallon  - 92000  NANTERRE.\nApr\u00e8s  examen  du dossier,  cette  demande  \u00e9tant  conforme  aux  dispositions  de l'article  L. 7232-1-\n1 du code  du travail,  le pr\u00e9sent  r\u00e9c\u00e9piss\u00e9  de d\u00e9claration  d'activit\u00e9s  de services  \u00e0 la personne  a\n\u00e9t\u00e9 enregistr\u00e9  au nom  de la micro-entreprise  TNASI  WALAA,  sous  le n\u00b0 SAP  929799435.\nLes  activit\u00e9s  d\u00e9clar\u00e9es  sont  les suivantes,  \u00e0 l'exclusion  de toute  autre  :\n- Entretien  de la maison  et travaux  m\u00e9nagers  ;\nPrestations  relevant  du b\u00e9n\u00e9fice  de la r\u00e9duction  d'imp\u00f4t  pr\u00e9vue  \u00e0 l'article  199  sexdecies  du Code\nG\u00e9n\u00e9ral  des  Imp\u00f4ts\nLa structure  exerce  ces  activit\u00e9s  selon  le mode  suivant  : PRESTATAIRE\nSous  r\u00e9serve  d'\u00eatre  exerc\u00e9es  \u00e0 titre  exclusif  par le d\u00e9clarant  (ou sous  r\u00e9serve  d'une  comptabilit\u00e9\ns\u00e9par\u00e9e  pour  les personnes  morales  dispens\u00e9es  de la condition  d'activit\u00e9  exclusive),  ces  activit\u00e9s\nouvrent  droit  au b\u00e9n\u00e9fice  des  dispositions  des  articles  L. 7233-2  du code  du travail  et L. 241-10\ndu code  de la s\u00e9curit\u00e9  sociale.\nConform\u00e9ment  aux  dispositions  de l'article  R7232-19  du code  du travail,  l'organisme  d\u00e9clar\u00e9  doit\nproduire  au moins  chaque  trimestre  un \u00e9tat  d'activit\u00e9  et chaque  ann\u00e9e  un bilan  quantitatif  et\nqualitatif  de l'activit\u00e9  exerc\u00e9e  au titre  de l'ann\u00e9e  \u00e9coul\u00e9e  ainsi  qu'un  tableau  statistique  annuel.\nSi l'organisme  d\u00e9clar\u00e9  comporte  plusieurs  \u00e9tablissements,  les \u00e9tats  statistiques  et le bilan  annuel\ndistinguent  l'activit\u00e9  exerc\u00e9e  par  chaque  \u00e9tablissement.\nL'enregistrement  de la d\u00e9claration  pourra  \u00eatre  retir\u00e9  si organisme  d\u00e9clar\u00e9  cesse  de remplir\nles conditions  ou de respecter  les obligations  mentionn\u00e9es  aux  4\u00b0,5\u00b0  et 6\u00b0 de l'article\nR7232-17  ou qui  m\u00e9connait  les obligations  d\u00e9finies  \u00e0 l'article  R7232-19  du code  du travail.\nToute  modification  concernant  la structure  d\u00e9clar\u00e9e  ou les activit\u00e9s  exerc\u00e9es  devra,  sous\npeine  de retrait  de la d\u00e9claration,  faire  l'objet  d'une  d\u00e9claration  modificative  aupr\u00e8s  de l'Unit\u00e9\nd\u00e9partementale  des  Hauts-de-Seine.\nLe pr\u00e9sent  r\u00e9c\u00e9piss\u00e9  sera  publi\u00e9  au recueil  des  actes  administratifs  de la pr\u00e9fecture  des  Hauts-\nde-Seine.  :\nFait  \u00e0 Nanterre,  le 18 juin  2024\nPour  le Pr\u00e9fet\nPar  d\u00e9l\u00e9gation  et subd\u00e9l\u00e9gation\nLa Responsable  du service\nD\u00e9veloppement  de l'emploi  et des\ncomp\u00e9tences\n(PL,  Lo\nCD  PE\nMariama  CONDE\n\nMINISTERE  Direction  r\u00e9gionale  et interd\u00e9partementale\nDU TRAVAIL.  de l'\u00e9conomie,  de l'emploi,\nDE LA SANT\u00c9  du travail  et des solidarit\u00e9s\nET DES  SOLIDARIT\u00c9S\nLibert\u00e9\n\u00c9galit\u00e9\nFraternit\u00e9\nD\u00e9cision  DRIEETS-UD92  n\u00b02024-290  du 20 juin 2024  portant  retrait  de\nl'enregistrement  de la d\u00e9claration  d'activit\u00e9s  de services  \u00e0 la personne  au nom de\nl'association  d\u00e9clar\u00e9e  AKALIS  SAP  PARIS  NEUILLY  sous  le n\u00b0SAP888991445\nLE PREFET  DES  HAUTS-DE-SEINE\nCHEVALIER  DE LA L\u00c9GION  D'HONNEUR\nCHEVALIER  DE L'ORDRE  NATIONAL  DU MERITE\nVu la loi n\u00b0 2010-853  du 23 juillet  2010  relative  aux r\u00e9seaux  consulaires,  au commerce  et \u00e0\nl'artisanat  et aux services  (article  31) ;\nVu la loi n\u00b02015-1776  du 28 d\u00e9cembre  2015  relative  \u00e0 l'adaptation  de la soci\u00e9t\u00e9  au\nvieillissement  ;\nVu les articles  D7231-1  et R7232-20  du Code  du travail  ;\nVu les d\u00e9crets  n\u00b0 2011-1132  et n\u00b0 2011-1133  du 20 septembre  2011 modifiant  certaines\ndispositions  du Code  du travail,  relatives  au ch\u00e8que  emploi-service  universel  et aux\nservices  \u00e0 la personne  ;\nVu le d\u00e9cret  n\u00b02016-750  du 6 juin 2016  relatif  \u00e0 la liste des activit\u00e9s  de services  \u00e0 la personne\nsoumises  \u00e0 agr\u00e9ment  ou \u00e0 autorisation  dans  le cadre  du r\u00e9gime  commun  de la d\u00e9claration  ;\nVu le d\u00e9cret  du 29 juillet  2020  portant  nomination  de Monsieur  Laurent  HOTTIAUX,  en qualit\u00e9\nde Pr\u00e9fet  des  Hauts-de-Seine  ;\nVu l'arr\u00eat\u00e9  interminist\u00e9riel  du 25 mars  2021  nommant  Monsieur  Ga\u00ebtan  RUDANT,  Directeur\nr\u00e9gional  et interd\u00e9partemental  de l'\u00e9conomie,  de l'emploi,  du travail  et des solidarit\u00e9s  d'Ile-\nde-France  \u00e0 compter  du 'ter avril  2021  ;\nVu l'arr\u00eat\u00e9  pr\u00e9fectoral  PCI n\u00b0 2021-018  du 31 mars  2021 portant  d\u00e9l\u00e9gation  de signature  de\nMonsieur  Laurent  HOTTIAUX,  Pr\u00e9fet  des Hauts-de-Seine  \u00e0 Monsieur  Ga\u00ebtan  RUDANT,\nDirecteur  r\u00e9gional  et interd\u00e9partemental  de l'\u00e9conomie,  de l'emploi,  du travail  et des\nsolidarit\u00e9s  d'\u00cele-de-France  :\nVu la d\u00e9cision  n\u00b0 2024-056  du 8 avril 2024  portant  subd\u00e9l\u00e9gation  de signature  de Monsieur\nGa\u00ebtan  RUDANT,  Directeur  r\u00e9gional  et interd\u00e9partemental  de l'\u00e9conomie,  de l'emploi,  du\n\nVu\nVu\nVu\nVu\nVu\nVu\nVu\nVutravail  et des solidarit\u00e9s  d'\u00cele-de-France  aux agents  de l'Unit\u00e9  d\u00e9partementale  des Hauts\nde Seine  ;\nle r\u00e9c\u00e9piss\u00e9  de d\u00e9claration  n\u00b02020-479  du 27 novembre  2020,  d'activit\u00e9s  de services  \u00e0 la\npersonne  enregistr\u00e9e  au nom  de l'association  d\u00e9clar\u00e9e  AKALIS  SAP  PARIS  NEUILLY\nsous  le n\u00b0 SAP888991445  ;\nl'arr\u00eat\u00e9  DRIEETS-UD92  n\u00b02024-124  du 14 mars  2024  portant  retrait  de l'agr\u00e9ment\nSAP888991445  accord\u00e9  \u00e0 l'association  d\u00e9clar\u00e9e  AKALIS  SAP  PARIS  NEUILLY  sise  171,\nAvenue  Charles  de Gaulle  \u00e0 Neuilly-sur-Seine  (92200)  ;\nle courrier  de l'Unit\u00e9  d\u00e9partementale  des Hauts-de-Seine  de la DRIEETS  d'Ile-de-France\nen date  du 19 mars  2024  informant  Madame  D\u00e9borah  MAGER,  g\u00e9rante  de l'association\nAKALIS  SAP  PARIS  NEUILLY,  du lancement  d'un  contr\u00f4le  des conditions  de la d\u00e9claration\net du respect  des obligations  mentionn\u00e9es  aux 4\u00b0, 5\u00b0 et 6\u00b0 de l'article  R7232-17  du Code\ndu travail  et demandant  la communication  d'un  certain  nombre  de pi\u00e8ces.  Ce contr\u00f4le\nportait  uniquement  sur les activit\u00e9s  de la d\u00e9claration  non soumises  \u00e0 agr\u00e9ment  ;\nl'absence  de r\u00e9ponse  constat\u00e9e  au courrier  susvis\u00e9  \u00e0 la date  de la pr\u00e9sente  d\u00e9cision  ;\nle courrier  de l'Unit\u00e9  d\u00e9partementale  des Hauts-de-Seine  de la DRIEETS  d'Ile-de-France\nen date  du 14 mai 2024  adress\u00e9  \u00e0 Madame  D\u00e9borah  MAGER,  g\u00e9rante  de l'association\nAKALIS  SAP  PARIS  NEUILLY,  annon\u00e7ant  le lancement  de la proc\u00e9dure  de mise  en\ndemeure  avant  retrait  de l'enregistrement  de la d\u00e9claration  d'activit\u00e9s  de service  \u00e0 la\npersonne  au nom  de l'association  AKALIS  SAP  PARIS  NEUILLY  ;\nle mail  du 16 mai 2024  de Madame  D\u00e9borah  MAGER,  g\u00e9rante  de l'association  AKALIS\nSAP  PARIS  NEUILLY  ;\nle mail  du 16 mai 2024  du service  instructeur  de l'Unit\u00e9  d\u00e9partementale  des  Hauts-de-\nSeine  de la DRIEETS  d'Ile-de-France  ;\nl'absence  de r\u00e9ponse  constat\u00e9e  \u00e0 ce mail  \u00e0 la date  de la pr\u00e9sente  d\u00e9cision  ;\nConsid\u00e9rant  que l'Unit\u00e9  d\u00e9partementale  des Hauts-de-Seine  de la DRIEETS  lle-de-\nFrance  dans  le cadre  du contr\u00f4le  de la d\u00e9claration  et du respect  des\nobligations  mentionn\u00e9es  aux 4\u00b0, 5\u00b0 et 6\u00b0 de l'article  R7232-17  du Code  du\ntravail  a demand\u00e9  \u00e0 Mme  MAGER  D\u00e9borah,  g\u00e9rante  de l'association\nAKALIS  SAP  Paris  Neuilly,  par courrier  en date  du 19 mars  2024  les\n\u00e9l\u00e9ments  justificatifs  relatifs  notamment  \u00e0 l'\u00e9tat  d'activit\u00e9  de la structure  ;\nqu'\u00e0  d\u00e9faut  de r\u00e9ponse  dans  le d\u00e9lai  imparti,  l'Unit\u00e9  d\u00e9partementale  des\nHauts-de-Seine  de la DRIEETS  lie-de-France  informait  Mme  MAGER\nD\u00e9borah,  par courrier  recommand\u00e9  avec  accus\u00e9  de r\u00e9ception  en date  du\n14 mai 2024,  de l'\u00e9ventualit\u00e9  du retrait  de la d\u00e9claration  et l'invitait  \u00e0 faire\npart  de ses observations  dans  un d\u00e9lai  de 15 jours  ;\n\nConsid\u00e9rant  que  dans  le cadre  du contradictoire  et par voie  mail  en date  du 16 mai  2024,\nMme  MAGER  Deborah  renvoyait  l'autorit\u00e9  administrative  vers  le courrier  de\nl'association  en date  27 f\u00e9vrier  2024  ; que  dans  ce courrier,  l'association\nexprimait  sa volont\u00e9  de ne pas  renouveler  l'agr\u00e9ment  SAP888991445  :\nConsid\u00e9rant  que le retrait  de l'agr\u00e9ment  SAP888991445  accord\u00e9  a l'association  AKALIS\nSAP  PARIS  NEUILLY  n'a pas  d'incidence  sur la d\u00e9claration  en ce qu'il  ne\nporte  pas  sur les activit\u00e9s  non  soumises  \u00e0 agr\u00e9ment;  que  l'autorit\u00e9\nadministrative  a bien  pr\u00e9cis\u00e9  cela  en r\u00e9ponse  au mail  de Mme  MAGER\nD\u00e9borah  en date  du 16 mai  2024  par mail  dat\u00e9  du m\u00eame  jour  ; que  cette\nr\u00e9ponse  n'a pas  donn\u00e9  lieu  \u00e0 d'autres  observations  de la part  de\nl'association  AKALIS  SAP  PARIS  NEUILLY  ;\nD\u00c9CIDE\nARTICLE  1\nLa d\u00e9claration  d'activit\u00e9s  de services  \u00e0 la personne  enregistr\u00e9e  au nom  de l'association  AKALIS\nSAP  PARIS  NEUILLY,  sise  171,  avenue  Charles  de Gaulle  \u00e0 Neuilly-sur-Seine  (92200)  sous  le\nn\u00b0SAP888991445  est retir\u00e9e  conform\u00e9ment  aux  dispositions  de l'article  R.7232-20  du Code  du\ntravail.\nLe b\u00e9n\u00e9fice  des  dispositions  des  articles  L7233-2  du Code  du travail  et L.241-1  du Code  de la\ns\u00e9curit\u00e9  social  est \u00e9galement  retir\u00e9  conform\u00e9ment  \u00e0 l'article  R7232-21  du Code  du travail.\nARTICLE  2\nLa Directrice  de l'Unit\u00e9  d\u00e9partementale  des  Hauts-de-Seine  de la DRIEETS  d'Ile-de-France,  est\ncharg\u00e9e  de l'application  du pr\u00e9sent  arr\u00eat\u00e9  qui sera  publi\u00e9  au recueil  des  Actes  Administratifs  de\nl'Etat.\nFait  \u00e0 Nanterre,  le 20 juin  2024\nPour  le Pr\u00e9fet\nPar  d\u00e9l\u00e9gation  et subd\u00e9l\u00e9gation\nLa Responsable  du p\u00f4le\nentreprises,  emploi et solidarit\u00e9s\nVal\u00e9rie\n\nLa pr\u00e9sente  d\u00e9cision  peut faire l'objet,  dans  les deux  mois  suivant  sa notification,  d'un recours  :\ngracieux  aupr\u00e8s  du service  instructeur  DRIEETS-UD92  \u2014 SAP \u2014 11, boulevard  des Bouvets  \u2014 CS 70146  -\n92741  Nanterre  Cedex\nhi\u00e9rarchique  aupr\u00e8s  du Minist\u00e8re  de l'\u00c9conomie  et des Finances,  Direction  G\u00e9n\u00e9rale  des Entreprises  (DGE)  /\nSous-direction  des services  marchands  (SDSM)  \u2014 139 rue de Bercy  \u2014 75572  Paris  Cedex  12\ncontentieux  aupr\u00e8s  du tribunal  administratif  de Cergy-Pontoise,  2-4 boulevard  de l'Hautil-  BP 30322-  95027\nCergy-Pontoise  Cedex  . Ce dernier  peut \u00eatre saisi par l'application  informatique  \u00ab T\u00e9l\u00e9recours  citoyen  \u00bb\naccessible  sur le site Internet  https://www.telerecours.fr/\n\n| | Direction  r\u00e9gionale  et interd\u00e9partementale\nMINISTERE  de l'\u00e9conomie,  de l'emploi,\nDU TRAVAIL  du travail  et des solidarit\u00e9s\nDE LA SANT\u00c9  ;\nET DES  SOLIDARITES\nLibert\u00e9\nEgalit\u00e9\nFraternit\u00e9\nR\u00e9c\u00e9piss\u00e9  de d\u00e9claration  n\u00b02024-293\nd'activit\u00e9s  de services  a la personne  enregistr\u00e9e  au nom  de la micro-entreprise\nBOUCIDA  Mohand-Arezki  sous  le n\u00b0 SAP  830998498\nLE PREFET  DES  HAUTS-DE-SEINE\nCHEVALIER  DE LA LEGION  D'HONNEUR\nCHEVALIER  DE L'ORDRE  NATIONAL  DU MERITE\nVu la loi n\u00b0 2010-853  du 23 juillet  2010  relative  aux  r\u00e9seaux  consulaires,  au commerce  et a\nl'artisanat  et aux  services  (article  31) ;\nVu la loi n\u00b02015-1776  du 28 d\u00e9cembre  2015  relative  \u00e0 l'adaptation  de la soci\u00e9t\u00e9  au\nvieillissement  ;\nVu l'article  D7231-1  du Code  du travail  ;\nVu les d\u00e9crets  n\u00b0 2011-1132  et n\u00b0 2011-1133  du 20 septembre  2011  modifiant  certaines\ndispositions  du Code  du travail,  relatives  au ch\u00e8que  emploi-service  universel  et aux\nservices  \u00e0 la personne  ;\nVu le d\u00e9cret  n\u00b02016-750  du 6 juin 2016  relatif  \u00e0 la liste  des  activit\u00e9s  de services  \u00e0 la personne\nsoumises  \u00e0 agr\u00e9ment  ou \u00e0 autorisation  dans  le cadre  du r\u00e9gime  commun  de la d\u00e9claration  ;\nVu le d\u00e9cret  du 29 juillet  2020  portant  nomination  de Monsieur  Laurent  HOTTIAUX,  en qualit\u00e9\nde Pr\u00e9fet  des  Hauts-de-Seine  ;\nVu l'arr\u00eat\u00e9  interminist\u00e9riel  du 25 mars  2021  nommant  Monsieur  Ga\u00ebtan  RUDANT,  Directeur\nr\u00e9gional  et interd\u00e9partemental  de l'\u00e9conomie,  de l'emploi,  du travail  et des  solidarit\u00e9s  d'Ile-\nde-France  \u00e0 compter  du 1er avril  2021  ;\nVu l'arr\u00eat\u00e9  pr\u00e9fectoral  PCI n\u00b0 2021-018  du 31 mars  2021  portant  d\u00e9l\u00e9gation  de signature  de\nMonsieur  Laurent  HOTTIAUX,  Pr\u00e9fet  des  Hauts  de Seine  \u00e0 Monsieur  Ga\u00ebtan  RUDANT,\nDirecteur  r\u00e9gional  et interd\u00e9partemental  de l'\u00e9conomie,  de l'emploi,  du travail  et des\nsolidarit\u00e9s  d'Ile-de-France  ;\nVu la d\u00e9cision  n\u00b0 2024-056  du 8 avril  2024  portant  subd\u00e9l\u00e9gation  de signature  de Monsieur\nGa\u00ebtan  RUDANT,  Directeur  r\u00e9gional  et interd\u00e9partemental  de l'\u00e9conomie,  de l'emploi,  du\ntravail  et des  solidarit\u00e9s  d'Ile-de-France,  aux  agents  de l'Unit\u00e9  d\u00e9partementale  des Hauts-\nde-Seine\n\nVu la d\u00e9claration  d'activit\u00e9s  de services  \u00e0 la personne  d\u00e9pos\u00e9e  aupr\u00e8s  de l'Unit\u00e9\nd\u00e9partementale  des  Hauts-de-Seine  de la DRIEETS  le 18 juin  2024  par la micro-entreprise\nBOUCIDA  Mohand-Arezki  sise  au 23 Rue  Neuve  Des  Mourinoux  - 92600  ASNIERES-\nSUR-SEINE.\nApr\u00e8s  examen  du dossier,  cette  demande  \u00e9tant  conforme  aux  dispositions  de l'article  L. 7232-1-\n1 du code  du travail,  le pr\u00e9sent  r\u00e9c\u00e9piss\u00e9  de d\u00e9claration  d'activit\u00e9s  de services  \u00e0 la personne  a\n\u00e9t\u00e9 enregistr\u00e9  au nom  de la micro-entreprise  BOUCIDA  Mohand-Arezki,  sous  le n\u00b0 SAP\n830998498.\nLes  activit\u00e9s  d\u00e9clar\u00e9es  sont  les suivantes,  \u00e0 l'exclusion  de toute  autre  :\n- Entretien  de la maison  et travaux  m\u00e9nagers  ;\n- Petits  travaux  de jardinage,  y compris  les travaux  de d\u00e9broussaillage  ;\n-__ Livraison  de repas  a domicile  ;\n- Collecte  et livraison  \u00e0 domicile  de linge  repass\u00e9  ;\n-__ Livraison  de courses  \u00e0 domicile  ;\nPrestations  relevant  du b\u00e9n\u00e9fice  de la r\u00e9duction  d'imp\u00f4t  pr\u00e9vue  \u00e0 l'article  199  sexdecies  du Code\nG\u00e9n\u00e9ral  des  Imp\u00f4ts\nLa structure  exerce  ces  activit\u00e9s  selon  le mode  suivant  : PRESTATAIRE\nSous  r\u00e9serve  d'\u00eatre  exerc\u00e9es  \u00e0 titre  exclusif  par le d\u00e9clarant  (ou sous  r\u00e9serve  d'une  comptabilit\u00e9\ns\u00e9par\u00e9e  pour  les personnes  morales  dispens\u00e9es  de la condition  d'activit\u00e9  exclusive),  ces  activit\u00e9s\nouvrent  droit  au b\u00e9n\u00e9fice  des  dispositions  des  articles  L. 7233-2  du code  du travail  et L. 241-10\ndu code  de la s\u00e9curit\u00e9  sociale.\nConform\u00e9ment  aux  dispositions  de l'article  R7232-19  du code  du travail,  l'organisme  d\u00e9clar\u00e9  doit\nproduire  au moins  chaque  trimestre  un \u00e9tat  d'activit\u00e9  et chaque  ann\u00e9e  un bilan  quantitatif  et\nqualitatif  de l'activit\u00e9  exerc\u00e9e  au titre  de l'ann\u00e9e  \u00e9coul\u00e9e  ainsi  qu'un  tableau  statistique  annuel.\nSi l'organisme  d\u00e9clar\u00e9  comporte  plusieurs  \u00e9tablissements,  les \u00e9tats  statistiques  et le bilan  annuel\ndistinguent  l'activit\u00e9  exerc\u00e9e  par chaque  \u00e9tablissement.\nL'enregistrement  de la d\u00e9claration  pourra  \u00eatre  retir\u00e9  si l'organisme  d\u00e9clar\u00e9  cesse  de remplir\nles conditions  ou de respecter  les obligations  mentionn\u00e9es  aux  4\u00b0,5\u00b0  et 6\u00b0 de l'article\nR7232-17  ou qui m\u00e9conna\u00eet  les obligations  d\u00e9finies  \u00e0 l'article  R7232-19  du code  du travail.\nToute  modification  concernant  la structure  d\u00e9clar\u00e9e  ou les activit\u00e9s  exerc\u00e9es  devra,  sous\npeine  de retrait  de la d\u00e9claration,  faire  l'objet  d'une  d\u00e9claration  modificative  aupr\u00e8s  de l'Unit\u00e9\nd\u00e9partementale  des  Hauts-de-Seine.\nLe pr\u00e9sent  r\u00e9c\u00e9piss\u00e9  sera  publi\u00e9  au recueil  des  actes  administratifs  de la pr\u00e9fecture  des  Hauts-\nde-Seine.\nFait  \u00e0 Nanterre,  le 24 juin  2024\nPour  le Pr\u00e9fet\nPar  d\u00e9l\u00e9gation  et subd\u00e9l\u00e9gation\nLa Responsable  du service\nD\u00e9veloppement  de l'emploi  et des\ncomp\u00e9tences\nL\nMariama  CONDE\n\n| | Direction  r\u00e9gionale  et interd\u00e9partementale\nMINISTERE  de l'\u00e9conomie,  de l'emploi,\nDU TRAVAIL  du travail  et des solidarit\u00e9s\nDE LA SANT\u00c9  .\nET DES  SOLIDARITES\nLibert\u00e9\nEgalit\u00e9\nFraternit\u00e9\nR\u00e9c\u00e9piss\u00e9  de d\u00e9claration  n\u00b02024-294\nd'activit\u00e9s  de services  a la personne  enregistr\u00e9e  au nom  de la micro-entreprise\nFAZAS  ILYAN  sous  le n\u00b0 SAP  929924496\nLE PREFET  DES  HAUTS-DE-SEINE\nCHEVALIER  DE LA LEGION  D'HONNEUR\nCHEVALIER  DE L'ORDRE  NATIONAL  DU MERITE\nVu la loi n\u00b0 2010-853  du 23 juillet  2010  relative  aux  r\u00e9seaux  consulaires,  au commerce  et a\nl'artisanat  et aux  services  (article  31) ;\nVu la loi n\u00b02015-1776  du 28 d\u00e9cembre  2015  relative  \u00e0 l'adaptation  de la soci\u00e9t\u00e9  au\nvieillissement  ;\nVu l'article  D7231-1  du Code  du travail  ;\nVu les d\u00e9crets  n\u00b0 2011-1132  et n\u00b0 2011-1133  du 20 septembre  2011  modifiant  certaines\ndispositions  du Code  du travail,  relatives  au ch\u00e8que  emploi-service  universel  et aux\nservices  a la personne  ;\nVu le d\u00e9cret  n\u00b02016-750  du 6 juin 2016  relatif  a la liste  des  activit\u00e9s  de services  \u00e0 la personne\nsoumises  \u00e0 agr\u00e9ment  ou \u00e0 autorisation  dans  le cadre  du r\u00e9gime  commun  de la d\u00e9claration  ;\nVu le d\u00e9cret  du 29 juillet  2020  portant  nomination  de Monsieur  Laurent  HOTTIAUX,  en qualit\u00e9\nde Pr\u00e9fet  des  Hauts-de-Seine  ;\nVu l'arr\u00eat\u00e9  interminist\u00e9riel  du 25 mars  2021  nommant  Monsieur  Ga\u00ebtan  RUDANT,  Directeur\nr\u00e9gional  et interd\u00e9partemental  de l'\u00e9conomie,  de l'emploi,  du travail  et des  solidarit\u00e9s  d'lle-\nde-France  \u00e0 compter  du 1er avril  2021  ;\nVu l'arr\u00eat\u00e9  pr\u00e9fectoral  PCI n\u00b0 2021-018  du 31 mars  2021  portant  d\u00e9l\u00e9gation  de signature  de\nMonsieur  Laurent  HOTTIAUX,  Pr\u00e9fet  des  Hauts  de Seine  \u00e0 Monsieur  Ga\u00ebtan  RUDANT,\nDirecteur  r\u00e9gional  et interd\u00e9partemental  de l'\u00e9conomie,  de l'emploi,  du travail  et des\nsolidarit\u00e9s  d'Ile-de-France  ;\nVu la d\u00e9cision  n\u00b0 2024-056  du 8 avril  2024  portant  subd\u00e9l\u00e9gation  de signature  de Monsieur\nGa\u00ebtan  RUDANT,  Directeur  r\u00e9gional  et interd\u00e9partemental  de l'\u00e9conomie,  de l'emploi,  du\ntravail  et des  solidarit\u00e9s  d'Ile-de-France,  aux  agents  de l'Unit\u00e9  d\u00e9partementale  des  Hauts-\nde-Seine\n\nVu la d\u00e9claration  d'activit\u00e9s  de services  a la personne  d\u00e9pos\u00e9e  aupr\u00e8s  de l'Unit\u00e9\nd\u00e9partementale  des  Hauts-de-Seine  de la DRIEETS  le 14 juin  2024  par la micro-entreprise\nFAZAS  ILYAN  sise  au 34 Rue  du Chemin  Vert  - 92100  BOULOGNE-BILLANCOURT.\nApr\u00e8s  examen  du dossier,  cette  demande  \u00e9tant  conforme  aux  dispositions  de l'article  L. 7232-1-\n1 du code  du travail,  le pr\u00e9sent  r\u00e9c\u00e9piss\u00e9  de d\u00e9claration  d'activit\u00e9s  de services  \u00e0 la personne  a\n\u00e9t\u00e9 enregistr\u00e9  au nom  de la micro-entreprise  FAZAS  ILYAN,  sous  le n\u00b0 SAP  929924496.\nLes  activit\u00e9s  d\u00e9clar\u00e9es  sont  les suivantes,  \u00e0 l'exclusion  de toute  autre  :\n- Entretien  de la maison  et travaux  m\u00e9nagers  ;\nPrestations  relevant  du b\u00e9n\u00e9fice  de la r\u00e9duction  d'imp\u00f4t  pr\u00e9vue  \u00e0 l'article  199  sexdecies  du Code\nG\u00e9n\u00e9ral  des  Imp\u00f4ts\nLa structure  exerce  ces  activit\u00e9s  selon  le mode  suivant  : PRESTATAIRE\nSous  r\u00e9serve  d'\u00eatre  exerc\u00e9es  \u00e0 titre  exclusif  par  le d\u00e9clarant  (ou sous  r\u00e9serve  d'une  comptabilit\u00e9\ns\u00e9par\u00e9e  pour  les personnes  morales  dispens\u00e9es  de la condition  d'activit\u00e9  exclusive),  ces  activit\u00e9s\nouvrent  droit  au b\u00e9n\u00e9fice  des  dispositions  des  articles  L. 7233-2  du code  du travail  et L. 241-10\ndu code  de la s\u00e9curit\u00e9  sociale.\nConform\u00e9ment  aux  dispositions  de l'article  R7232-19  du code  du travail,  l'organisme  d\u00e9clar\u00e9  doit\nproduire  au moins  chaque  trimestre  un \u00e9tat  d'activit\u00e9  et chaque  ann\u00e9e  un bilan  quantitatif  et\nqualitatif  de l'activit\u00e9  exerc\u00e9e  au titre  de l'ann\u00e9e  \u00e9coul\u00e9e  ainsi  qu'un  tableau  statistique  annuel.\nSi l'organisme  d\u00e9clar\u00e9  comporte  plusieurs  \u00e9tablissements,  les \u00e9tats  statistiques  et le bilan  annuel\ndistinguent  l'activit\u00e9  exerc\u00e9e  par chaque  \u00e9tablissement.\nL'enregistrement  de la d\u00e9claration  pourra  \u00eatre  retir\u00e9  si l'organisme  d\u00e9clar\u00e9  cesse  de remplir\nles conditions  ou de respecter  les obligations  mentionn\u00e9es  aux  4\u00b0,5\u00b0  et 6\u00b0 de l'article\nR7232-17  ou qui m\u00e9conna\u00eet  les obligations  d\u00e9finies  \u00e0 l'article  R7232-19  du code  du travail.\nToute  modification  concernant  la structure  d\u00e9clar\u00e9e  ou les activit\u00e9s  exerc\u00e9es  devra,  sous\npeine  de retrait  de la d\u00e9claration,  faire  l'objet  d'une  d\u00e9claration  modificative  aupr\u00e8s  de l'Unit\u00e9\nd\u00e9partementale  des  Hauts-de-Seine.\nLe pr\u00e9sent  r\u00e9c\u00e9piss\u00e9  sera  publi\u00e9  au recueil  des  actes  administratifs  de la pr\u00e9fecture  des  Hauts-\nde-Seine.\nFait  \u00e0 Nanterre,  le 24 juin  2024\nPour  le Pr\u00e9fet\nPar  d\u00e9l\u00e9gation  et subd\u00e9l\u00e9gation\nLa Responsable  du service\nD\u00e9veloppement  de l'emploi  et des\ncomp\u00e9tences\n< / -) g ~\nMariama  CONDE\n\nEn  Direction  r\u00e9gionale  et interd\u00e9partementale\nMINIST\u00c8RE  de l'\u00e9conomie,  de l'emploi,\nDU  TRAVAIL  du  travail  et des  solidarit\u00e9s\nDE LA SANT\u00c9  .\nET DES  SOLIDARITESzp\nFraternit\u00e9\nR\u00e9c\u00e9piss\u00e9  de d\u00e9claration  n\u00b02024-295\nd'activit\u00e9s  de services  a la personne  enregistr\u00e9e  au nom  de la micro-entreprise\nMADALENA  LIDIA  sous  le n\u00b0 SAP  929849909\nLE PREFET  DES  HAUTS-DE-SEINE\nCHEVALIER  DE LA LEGION  D'HONNEUR\nCHEVALIER  DE L'ORDRE  NATIONAL  DU MERITE\nVu la loi n\u00b0 2010-853  du 23 juillet  2010  relative  aux  r\u00e9seaux  consulaires,  au commerce  et a\nl'artisanat  et aux  services  (article  31) ;\nVu la loi n\u00b02015-1776  du 28 d\u00e9cembre  2015  relative  a l'adaptation  de la soci\u00e9t\u00e9  au\nvieillissement  ;\nVu l'article  D7231-1  du Code  du travail  ;\nVu les d\u00e9crets  n\u00b0 2011-1132  et n\u00b0 2011-1133  du 20 septembre  2011  modifiant  certaines\ndispositions  du Code  du travail,  relatives  au ch\u00e8que  emploi-service  universel  et aux\nservices  \u00e0 la personne  ;\nVu le d\u00e9cret  n\u00b02016-750  du 6 juin  2016  relatif  \u00e0 la liste  des  activit\u00e9s  de services  \u00e0 la personne\nsoumises  \u00e0 agr\u00e9ment  ou \u00e0 autorisation  dans  le cadre  du r\u00e9gime  commun  de la d\u00e9claration  ;\nVu le d\u00e9cret  du 29 juillet  2020  portant  nomination  de Monsieur  Laurent  HOTTIAUX,  en qualit\u00e9\nde Pr\u00e9fet  des  Hauts-de-Seine  ;\nVu l'arr\u00eat\u00e9  interminist\u00e9riel  du 25 mars  2021  nommant  Monsieur  Ga\u00ebtan  RUDANT,  Directeur\nr\u00e9gional  et interd\u00e9partemental  de l'\u00e9conomie,  de l'emploi,  du travail  et des  solidarit\u00e9s  d'lle-\nde-France  \u00e0 compter  du 1er avril  2021  ;\nVu l'arr\u00eat\u00e9  pr\u00e9fectoral  PCI  n\u00b0 2021-018  du 31 mars  2021  portant  d\u00e9l\u00e9gation  de signature  de\nMonsieur  Laurent  HOTTIAUX,  Pr\u00e9fet  des  Hauts  de Seine  \u00e0 Monsieur  Ga\u00ebtan  RUDANT,\nDirecteur  r\u00e9gional  et interd\u00e9partemental  de l'\u00e9conomie,  de l'emploi,  du travail  et des\nsolidarit\u00e9s  d'Ile-de-France  ;\nVu la d\u00e9cision  n\u00b0 2024-056  du 8 avril  2024  portant  subd\u00e9l\u00e9gation  de signature  de Monsieur\nGa\u00ebtan  RUDANT,  Directeur  r\u00e9gional  et interd\u00e9partemental  de l'\u00e9conomie,  de l'emploi,  du\ntravail  et des  solidarit\u00e9s  d'Ile-de-France,  aux  agents  de l'Unit\u00e9  d\u00e9partementale  des  Hauts-\nde-Seine\n\nVu la d\u00e9claration  d'activit\u00e9s  de services  \u00e0 la personne  d\u00e9pos\u00e9e  aupr\u00e8s  de l'Unit\u00e9\nd\u00e9partementale  des  Hauts-de-Seine  de la DRIEETS  le 19 juin  2024  par la micro-entreprise\nMADALENA  LIDIA  sise  au 123  Rue  Anatole  France  - 92300  LEVALLOIS-PERRET.\nApr\u00e8s  examen  du dossier,  cette  demande  \u00e9tant  conforme  aux  dispositions  de l'article  L. 7232-1-\n1 du code  du travail,  le pr\u00e9sent  r\u00e9c\u00e9piss\u00e9  de d\u00e9claration  d'activit\u00e9s  de services  \u00e0 la personne  a\n\u00e9t\u00e9 enregistr\u00e9  au nom  de la micro-entreprise  MADALENA  LIDIA,  sous  le n\u00b0 SAP  929849909.\nLes  activit\u00e9s  d\u00e9clar\u00e9es  sont  les suivantes,  \u00e0 l'exclusion  de toute  autre  :\n- Entretien  de la maison  et travaux  m\u00e9nagers  ;\nPrestations  relevant  du b\u00e9n\u00e9fice  de la r\u00e9duction  d'imp\u00f4t  pr\u00e9vue  \u00e0 l'article  199  sexdecies  du Code\nG\u00e9n\u00e9ral  des  Imp\u00f4ts  .\nLa structure  exerce  ces  activit\u00e9s  selon  le mode  suivant  : PRESTATAIRE\nSous  r\u00e9serve  d'\u00eatre  exerc\u00e9es  \u00e0 titre  exclusif  par le d\u00e9clarant  (ou sous  r\u00e9serve  d'une  comptabilit\u00e9\ns\u00e9par\u00e9e  pour  les personnes  morales  dispens\u00e9es  de la condition  d'activit\u00e9  exclusive),  ces  activit\u00e9s\nouvrent  droit  au b\u00e9n\u00e9fice  des  dispositions  des  articles  L. 7233-2  du code  du travail  et L. 241-10\ndu code  de la s\u00e9curit\u00e9  sociale.\nConform\u00e9ment  aux  dispositions  de l'article  R7232-19  du code  du travail,  l'organisme  d\u00e9clar\u00e9  doit\nproduire  au moins  chaque  trimestre  un \u00e9tat  d'activit\u00e9  et chaque  ann\u00e9e  un bilan  quantitatif  et\nqualitatif  de l'activit\u00e9  exerc\u00e9e  au titre  de l'ann\u00e9e  \u00e9coul\u00e9e  ainsi  qu'un  tableau  statistique  annuel.\nSi l'organisme  d\u00e9clar\u00e9  comporte  plusieurs  \u00e9tablissements,  les \u00e9tats  statistiques  et le bilan  annuel\ndistinguent  l'activit\u00e9  exerc\u00e9e  par chaque  \u00e9tablissement.\nL'enregistrement  de la d\u00e9claration  pourra  \u00eatre  retir\u00e9  si l'organisme  d\u00e9clar\u00e9  cesse  de remplir\nles conditions  ou de respecter  les obligations  mentionn\u00e9es  aux  4\u00b0,5\u00b0  et 6\u00b0 de l'article\nR7232-17  ou qui m\u00e9connait  les obligations  d\u00e9finies  \u00e0 l'article  R7232-19  du code  du travail.\nToute  modification  concernant  la structure  d\u00e9clar\u00e9e  ou les activit\u00e9s  exerc\u00e9es  devra,  sous\npeine  de retrait  de la d\u00e9claration,  faire  l'objet  d'une  d\u00e9claration  modificative  aupr\u00e8s  de l'Unit\u00e9\nd\u00e9partementale  des  Hauts-de-Seine.\nLe pr\u00e9sent  r\u00e9c\u00e9piss\u00e9  sera  publi\u00e9  au recueil  des  actes  administratifs  de la pr\u00e9fecture  des  Hauts-\nde-Seine.\nFait  \u00e0 Nanterre,  le 24 juin  2024\nPour  le Pr\u00e9fet\nPar  d\u00e9l\u00e9gation  et subd\u00e9l\u00e9gation\nLa Responsable  du service\nD\u00e9veloppement  de l'emploi  et des\ncomp\u00e9tences\n= adew  AO\nMariama  CONDE\n\n| | Direction  r\u00e9gionale  et interd\u00e9partementale\nMINISTERE  de l'\u00e9conomie,  de l'emploi,\nDU  TRAVAIL  du  travail  et des  solidarit\u00e9s\nDE LA SANT\u00c9  .\nET DES  SOLIDARITESgale\nFraternit\u00e9\nR\u00e9c\u00e9piss\u00e9  de d\u00e9claration  n\u00b02024-296\nd'activit\u00e9s  de services  \u00e0 la personne  enregistr\u00e9e  au nom  de la micro-entreprise\nDABACH  SAMI  sous  le n\u00b0 SAP  929785541\nLE PREFET  DES  HAUTS-DE-SEINE\nCHEVALIER  DE LA LEGION  D'HONNEUR\nCHEVALIER  DE L'ORDRE  NATIONAL  DU MERITE\nVu la loi n\u00b0 2010-853  du 23 juillet  2010  relative  aux  r\u00e9seaux  consulaires,  au commerce  et \u00e0\nl'artisanat  et aux  services  (article  31) ;\nVu la loi n\u00b02015-1776  du 28 d\u00e9cembre  2015  relative  \u00e0 l'adaptation  de la soci\u00e9t\u00e9  au\nvieillissement  ;\nVu l'article  D7231-1  du Code  du travail  ;\nVu les d\u00e9crets  n\u00b0 2011-1132  et n\u00b0 2011-1133  du 20 septembre  2011  modifiant  certaines\ndispositions  du Code  du travail,  relatives  au ch\u00e8que  emploi-service  universel  et aux\nservices  \u00e0 la personne  ;\nVu le d\u00e9cret  n\u00b02016-750  du 6 juin  2016  relatif  \u00e0 la liste  des  activit\u00e9s  de services  \u00e0 la personne\nsoumises  \u00e0 agr\u00e9ment  ou \u00e0 autorisation  dans  le cadre  du r\u00e9gime  commun  de la d\u00e9claration  ;\nVu le d\u00e9cret  du 29 juillet  2020  portant  nomination  de Monsieur  Laurent  HOTTIAUX,  en qualit\u00e9\nde Pr\u00e9fet  des  Hauts-de-Seine  ;\nVu l'arr\u00eat\u00e9  interminist\u00e9riel  du 25 mars  2021  nommant  Monsieur  Ga\u00ebtan  RUDANT,  Directeur\nr\u00e9gional  et interd\u00e9partemental  de l'\u00e9conomie,  de l'emploi,  du travail  et des  solidarit\u00e9s  d'Ile-\nde-France  \u00e0 compter  du 1er avril  2021  ;\nVu l'arr\u00eat\u00e9  pr\u00e9fectoral  PCI  n\u00b0 2021-018  du 31 mars  2021  portant  d\u00e9l\u00e9gation  de signature  de\nMonsieur  Laurent  HOTTIAUX,  Pr\u00e9fet  des  Hauts  de Seine  \u00e0 Monsieur  Ga\u00ebtan  RUDANT,\nDirecteur  r\u00e9gional  et interd\u00e9partemental  de l'\u00e9conomie,  de l'emploi,  du travail  et des\nsolidarit\u00e9s  d'Ile-de-France  ;\nVu la d\u00e9cision  n\u00b0 2024-056  du 8 avril  2024  portant  subd\u00e9l\u00e9gation  de signature  de Monsieur\nGa\u00ebtan  RUDANT,  Directeur  r\u00e9gional  et interd\u00e9partemental  de l'\u00e9conomie,  de l'emploi,  du\ntravail  et des  solidarit\u00e9s  d'Ile-de-France,  aux  agents  de l'Unit\u00e9  d\u00e9partementale  des  Hauts-\nde-Seine\n\nVu la d\u00e9claration  d'activit\u00e9s  de services  a la personne  d\u00e9pos\u00e9e  aupr\u00e8s  de l'Unit\u00e9\nd\u00e9partementale  des  Hauts-de-Seine  de la DRIEETS  le 13 juin  2024  par la micro-entreprise\nDABACH  SAMI  sise  au 17 Rue  de Vanves  - 92100  BOULOGNE-BILLANCOURT.\nApr\u00e8s  examen  du dossier,  cette  demande  \u00e9tant  conforme  aux  dispositions  de l'article  L. 7232-1-\n1 du code  du travail,  le pr\u00e9sent  r\u00e9c\u00e9piss\u00e9  de d\u00e9claration  d'activit\u00e9s  de services  \u00e0 la personne  a\n\u00e9t\u00e9 enregistr\u00e9  au nom  de la micro-entreprise  DABACH  SAMI,  sous  le n\u00b0 SAP  929785541.\nLes  activit\u00e9s  d\u00e9clar\u00e9es  sont  les suivantes,  \u00e0 l'exclusion  de toute  autre  :\n- Entretien  de la maison  et travaux  m\u00e9nagers  ;\nPrestations  relevant  du b\u00e9n\u00e9fice  de la r\u00e9duction  d'imp\u00f4t  pr\u00e9vue  \u00e0 l'article  199  sexdecies  du Code\nG\u00e9n\u00e9ral  des  Imp\u00f4ts\nLa structure  exerce  ces  activit\u00e9s  selon  le mode  suivant  : PRESTATAIRE\nSous  r\u00e9serve  d'\u00eatre  exerc\u00e9es  \u00e0 titre  exclusif  par le d\u00e9clarant  (ou sous  r\u00e9serve  d'une  comptabilit\u00e9\ns\u00e9par\u00e9e  pour  les personnes  morales  dispens\u00e9es  de la condition  d'activit\u00e9  exclusive),  ces  activit\u00e9s\nouvrent  droit  au b\u00e9n\u00e9fice  des  dispositions  des  articles  L. 7233-2  du code  du travail  et L. 241-10\ndu code  de la s\u00e9curit\u00e9  sociale.\nConform\u00e9ment  aux  dispositions  de l'article  R7232-19  du code  du travail,  l'organisme  d\u00e9clar\u00e9  doit\nproduire  au moins  chaque  trimestre  un \u00e9tat  d'activit\u00e9  et chaque  ann\u00e9e  un bilan  quantitatif  et\nqualitatif  de l'activit\u00e9  exerc\u00e9e  au titre  de l'ann\u00e9e  \u00e9coul\u00e9e  ainsi  qu'un  tableau  statistique  annuel.\nSi l'organisme  d\u00e9clar\u00e9  comporte  plusieurs  \u00e9tablissements,  les \u00e9tats  statistiques  et le bilan  annuel\ndistinguent  l'activit\u00e9  exerc\u00e9e  par  chaque  \u00e9tablissement.\nL'enregistrement  de la d\u00e9claration  pourra  \u00eatre  retir\u00e9  si organisme  d\u00e9clar\u00e9  cesse  de remplir\nles conditions  ou de respecter  les obligations  mentionn\u00e9es  aux  4\u00b0,5\u00b0  et 6\u00b0 de l'article\nR7232-17  ou qui m\u00e9conna\u00eet  les obligations  d\u00e9finies  \u00e0 l'article  R7232-19  du code  du travail.\nToute  modification  concernant  la structure  d\u00e9clar\u00e9e  ou les activit\u00e9s  exerc\u00e9es  devra,  sous\npeine  de retrait  de la d\u00e9claration,  faire  l'objet  d'une  d\u00e9claration  modificative  aupr\u00e8s  de l'Unit\u00e9\nd\u00e9partementale  des  Hauts-de-Seine.\nLe pr\u00e9sent  r\u00e9c\u00e9piss\u00e9  sera  publi\u00e9  au recueil  des  actes  administratifs  de la pr\u00e9fecture  des  Hauts-\nde-Seine.\nFait  \u00e0 Nanterre,  le 24 juin  2024\nPour  le Pr\u00e9fet\nPar  d\u00e9l\u00e9gation  et subd\u00e9l\u00e9gation\nLa Responsable  du service\nD\u00e9veloppement  de l'emploi  et des\ncomp\u00e9tences\nMariama  COND\u00c9\n\n| | Direction  r\u00e9gionale  et interd\u00e9partementale\nMINISTERE  de l'\u00e9conomie,  de l'emploi,\nDU TRAVAIL  du travail  et des solidarit\u00e9s\nDE LA SANTE  .\nET DES  SOLIDARITES\nLibert\u00e9\n\u00c9galit\u00e9\nFraternit\u00e9\nR\u00e9c\u00e9piss\u00e9  de d\u00e9claration  n\u00b02024-297\nd'activit\u00e9s  de services  \u00e0 la personne  enregistr\u00e9e  au nom  de la micro-entreprise\nLOZAK  FERAN  sous  le n\u00b0 SAP  929849073\nLE PREFET  DES  HAUTS-DE-SEINE\nCHEVALIER  DE LA LEGION  D'HONNEUR\nCHEVALIER  DE L'ORDRE  NATIONAL  DU MERITE\nVu la loi n\u00b0 2010-853  du 23 juillet  2010  relative  aux  r\u00e9seaux  consulaires,  au commerce  et \u00e0\nl'artisanat  et aux  services  (article  31) ;\nVu la loi n\u00b02015-1776  du 28 d\u00e9cembre  2015  relative  \u00e0 l'adaptation  de la soci\u00e9t\u00e9  au\nvieillissement  ;\nVu Particle  D7231-1  du Code  du travail  ;\nVu les d\u00e9crets  n\u00b0 2011-1132  et n\u00b0 2011-1133  du 20 septembre  2011  modifiant  certaines\ndispositions  du Code  du travail,  relatives  au ch\u00e8que  emploi-service  universel  et aux\nservices  \u00e0 la personne  ;\nVu le d\u00e9cret  n\u00b02016-750  du 6 juin  2016  relatif  \u00e0 la liste  des  activit\u00e9s  de services  \u00e0 la personne\nsoumises  \u00e0 agr\u00e9ment  ou \u00e0 autorisation  dans  le cadre  du r\u00e9gime  commun  de la d\u00e9claration  ;\nVu le d\u00e9cret  du 29 juillet  2020  portant  nomination  de Monsieur  Laurent  HOTTIAUX,  en qualit\u00e9\nde Pr\u00e9fet  des  Hauts-de-Seine  ;\nVu l'arr\u00eat\u00e9  interminist\u00e9riel  du 25 mars  2021  nommant  Monsieur  Ga\u00ebtan  RUDANT,  Directeur\nr\u00e9gional  et interd\u00e9partemental  de l'\u00e9conomie,  de l'emploi,  du travail  et des  solidarit\u00e9s  d'Ile-\nde-France  \u00e0 compter  du 1er avril  2021  ;\nVu l'arr\u00eat\u00e9  pr\u00e9fectoral  PCI  n\u00b0 2021-018  du 31 mars  2021  portant  d\u00e9l\u00e9gation  de signature  de\nMonsieur  Laurent  HOTTIAUX,  Pr\u00e9fet  des  Hauts  de Seine  \u00e0 Monsieur  Ga\u00ebtan  RUDANT,\nDirecteur  r\u00e9gional  et interd\u00e9partemental  de l'\u00e9conomie,  de l'emploi,  du travail  et des\nsolidarit\u00e9s  d'Ile-de-France  ;\nVu la d\u00e9cision  n\u00b0 2024-056  du 8 avril  2024  portant  subd\u00e9l\u00e9gation  de signature  de Monsieur\nGa\u00ebtan  RUDANT,  Directeur  r\u00e9gional  et interd\u00e9partemental  de l'\u00e9conomie,  de l'emploi,  du\ntravail  et des  solidarit\u00e9s  d'Ile-de-France,  aux  agents  de l'Unit\u00e9  d\u00e9partementale  des  Hauts-\nde-Seine\n\nVu la d\u00e9claration  d'activit\u00e9s  de services  a la personne  d\u00e9pos\u00e9e  aupr\u00e8s  de l'Unit\u00e9\nd\u00e9partementale  des  Hauts-de-Seine  de la DRIEETS  le 23 juin  2024  par la micro-entreprise\nLOZAK  FERAN  sise  au 24 Rue  de Fontenay  - 92140  CLAMART.\nApr\u00e8s  examen  du dossier,  cette  demande  \u00e9tant  conforme  aux  dispositions  de l'article  L. 7232-1-\n1 du code  du travail,  le pr\u00e9sent  r\u00e9c\u00e9piss\u00e9  de d\u00e9claration  d'activit\u00e9s  de services  \u00e0 la personne  a\n\u00e9t\u00e9 enregistr\u00e9  au nom  de la micro-entreprise  LOZAK  FERAN,  sous  le n\u00b0 SAP  929849073.\nLes  activit\u00e9s  d\u00e9clar\u00e9es  sont  les suivantes,  \u00e0 l'exclusion  de toute  autre  :\n- Entretien  de la maison  et travaux  m\u00e9nagers  ;\nPrestations  relevant  du b\u00e9n\u00e9fice  de la r\u00e9duction  d'imp\u00f4t  pr\u00e9vue  \u00e0 l'article  199  sexdecies  du Code\nG\u00e9n\u00e9ral  des  Imp\u00f4ts\nLa structure  exerce  ces  activit\u00e9s  selon  le mode  suivant  : PRESTATAIRE\nSous  r\u00e9serve  d'\u00eatre  exerc\u00e9es  \u00e0 titre  exclusif  par le d\u00e9clarant  (ou sous  r\u00e9serve  d'une  comptabilit\u00e9\ns\u00e9par\u00e9e  pour  les personnes  morales  dispens\u00e9es  de la condition  d'activit\u00e9  exclusive),  ces  activit\u00e9s\nouvrent  droit  au b\u00e9n\u00e9fice  des  dispositions  des  articles  L. 7233-2  du code  du travail  et L. 241-10\ndu code  de la s\u00e9curit\u00e9  sociale.\nConform\u00e9ment  aux  dispositions  de l'article  R7232-19  du code  du travail,  l'organisme  d\u00e9clar\u00e9  doit\nproduire  au moins  chaque  trimestre  un \u00e9tat  d'activit\u00e9  et chaque  ann\u00e9e  un bilan  quantitatif  et\nqualitatif  de l'activit\u00e9  exerc\u00e9e  au titre  de l'ann\u00e9e  \u00e9coul\u00e9e  ainsi  qu'un  tableau  statistique  annuel.\nSi l'organisme  d\u00e9clar\u00e9  comporte  plusieurs  \u00e9tablissements,  les \u00e9tats  statistiques  et le bilan  annuel\ndistinguent  l'activit\u00e9  exerc\u00e9e  par  chaque  \u00e9tablissement.\nL'enregistrement  de la d\u00e9claration  pourra  \u00eatre  retir\u00e9  si l'organisme  d\u00e9clar\u00e9  cesse  de remplir\nles conditions  ou de respecter  les obligations  mentionn\u00e9es  aux  4\u00b0,5\u00b0  et 6\u00b0 de l'article\nR7232-17  ou qui m\u00e9connait  les obligations  d\u00e9finies  \u00e0 l'article  R7232-19  du code  du travail.\nToute  modification  concernant  la structure  d\u00e9clar\u00e9e  ou les activit\u00e9s  exerc\u00e9es  devra,  sous\npeine  de retrait  de la d\u00e9claration,  faire  l'objet  d'une  d\u00e9claration  modificative  aupr\u00e8s  de l'Unit\u00e9\nd\u00e9partementale  des  Hauts-de-Seine.\nLe pr\u00e9sent  r\u00e9c\u00e9piss\u00e9  sera  publi\u00e9  au recueil  des  actes  administratifs  de la pr\u00e9fecture  des  Hauts-\nde-Seine.\nFait  \u00e0 Nanterre,  le 24 juin  2024\nPour  le Pr\u00e9fet\nPar  d\u00e9l\u00e9gation  et subd\u00e9l\u00e9gation\nLa Responsable  du service\nD\u00e9veloppement  de l'emploi  et des\ncomp\u00e9tences\ndE,  87\nLAEU-A\u00c0Q\nLA  2.\nMariama  CONDE\n\nEa  Direction  r\u00e9gionale  et interd\u00e9partementale\nMINISTERE  de l'\u00e9conomie,  de l'emploi,\nDU TRAVAIL  du travail  et des solidarit\u00e9s\nDE LA SANTE  .\nET DES  SOLIDARITES\nLibert\u00e9\n\u00c9galit\u00e9\nFraternit\u00e9\nR\u00e9c\u00e9piss\u00e9  de d\u00e9claration  n\u00b02024-298\nd'activit\u00e9s  de services  \u00e0 la personne  enregistr\u00e9e  au nom  de la micro-entreprise\nAte  KOFFI  sous  le n\u00b0 SAP  917772238\nLE PREFET  DES  HAUTS-DE-SEINE\nCHEVALIER  DE LA LEGION  D'HONNEUR\nCHEVALIER  DE L'ORDRE  NATIONAL  DU MERITE\nVu la loi n\u00b0 2010-853  du 23 juillet  2010  relative  aux  r\u00e9seaux  consulaires,  au commerce  et \u00e0\nl'artisanat  et aux  services  (article  31) ;\nVu la loi n\u00b02015-1776  du 28 d\u00e9cembre  2015  relative  \u00e0 l'adaptation  de la soci\u00e9t\u00e9  au\nvieillissement  ;\nVu Particle  D7231-1  du Code  du travail  ;\nVu les d\u00e9crets  n\u00b0 2011-1132  et n\u00b0 2011-1133  du 20 septembre  2011  modifiant  certaines\ndispositions  du Code  du travail,  relatives  au ch\u00e8que  emploi-service  universel  et aux\nservices  \u00e0 la personne  ;\nVu le d\u00e9cret  n\u00b02016-750  du 6 juin  2016  relatif  \u00e0 la liste  des  activit\u00e9s  de services  \u00e0 la personne\nsoumises  \u00e0 agr\u00e9ment  ou \u00e0 autorisation  dans  le cadre  du r\u00e9gime  commun  de la d\u00e9claration  ;\nVu le d\u00e9cret  du 29 juillet  2020  portant  nomination  de Monsieur  Laurent  HOTTIAUX,  en qualit\u00e9\nde Pr\u00e9fet  des  Hauts-de-Seine  ;\nVu l'arr\u00eat\u00e9  interminist\u00e9riel  du 25 mars  2021  nommant  Monsieur  Ga\u00ebtan  RUDANT,  Directeur\nr\u00e9gional  et interd\u00e9partemental  de l'\u00e9conomie,  de l'emploi,  du travail  et des  solidarit\u00e9s  d'Ile-\nde-France  \u00e0 compter  du 1er avril  2021  ;\nVu l'arr\u00eat\u00e9  pr\u00e9fectoral  PCI  n\u00b0 2021-018  du 31 mars  2021  portant  d\u00e9l\u00e9gation  de signature  de\nMonsieur  Laurent  HOTTIAUX,  Pr\u00e9fet  des  Hauts  de Seine  \u00e0 Monsieur  Ga\u00ebtan  RUDANT,\nDirecteur  r\u00e9gional  et interd\u00e9partemental  de l'\u00e9conomie,  de l'emploi,  du travail  et des\nsolidarit\u00e9s  d'Ile-de-France  ;\nVu la d\u00e9cision  n\u00b0 2024-056  du 8 avril  2024  portant  subd\u00e9l\u00e9gation  de signature  de Monsieur\nGa\u00ebtan  RUDANT,  Directeur  r\u00e9gional  et interd\u00e9partemental  de l'\u00e9conomie,  de l'emploi,  du\ntravail  et des  solidarit\u00e9s  d'Ile-de-France,  aux  agents  de l'Unit\u00e9  d\u00e9partementale  des  Hauts-\nde-Seine\n\nVu la d\u00e9claration  d'activit\u00e9s  de services  a la personne  d\u00e9pos\u00e9e  aupr\u00e8s  de l'Unit\u00e9\nd\u00e9partementale  des  Hauts-de-Seine  de la DRIEETS  le 19 juin  2024  par la micro-entreprise\nAte  KOFFI  sise  au 13 Boulevard  Beaumarchais  - 92230  GENNEVILLIERS.\nApr\u00e8s  examen  du dossier,  cette  demande  \u00e9tant  conforme  aux  dispositions  de l'article  L. 7232-1-\n1 du code  du travail,  le pr\u00e9sent  r\u00e9c\u00e9piss\u00e9  de d\u00e9claration  d'activit\u00e9s  de services  \u00e0 la personne  a\n\u00e9t\u00e9 enregistr\u00e9  au nom  de la micro-entreprise  Ate  KOFFI,  sous  le n\u00b0 SAP  917772238.\nLes  activit\u00e9s  d\u00e9clar\u00e9es  sont  les suivantes,  \u00e0 l'exclusion  de toute  autre  :\n- Entretien  de la maison  et travaux  m\u00e9nagers  ;\n- Petits  travaux  de jardinage,  y compris  les travaux  de d\u00e9broussaillage  ;\n- Garde  d'enfants  de plus  de trois  ans  \u00e0 domicile  ;\n- Pr\u00e9paration  de repas  \u00e0 domicile,  y compris  le temps  pass\u00e9  aux  courses  ;\n- Livraison  de repas  \u00e0 domicile  ;\n- Livraison  de courses  \u00e0 domicile  ;\n- Accompagnement  des  enfants  de plus  de trois  ans  dans  leurs  d\u00e9placements  en\ndehors  de leur  domicile  (promenades,  transports,  actes  de la vie courante)  ;\nPrestations  relevant  du b\u00e9n\u00e9fice  de la r\u00e9duction  d'imp\u00e9t  pr\u00e9vue  \u00e0 l'article  199  sexdecies  du Code\nG\u00e9n\u00e9ral  des  Imp\u00f4ts\nLa structure  exerce  ces  activit\u00e9s  selon  le mode  suivant  : PRESTATAIRE\nSous  r\u00e9serve  d'\u00eatre  exerc\u00e9es  \u00e0 titre  exclusif  par le d\u00e9clarant  (ou sous  r\u00e9serve  d'une  comptabilit\u00e9\ns\u00e9par\u00e9e  pour  les personnes  morales  dispens\u00e9es  de la condition  d'activit\u00e9  exclusive),  ces activit\u00e9s\nouvrent  droit  au b\u00e9n\u00e9fice  des  dispositions  des  articles  L. 7233-2  du code  du travail  et L. 241-10\ndu code  de la s\u00e9curit\u00e9  sociale.\nConform\u00e9ment  aux  dispositions  de l'article  R7232-19  du code  du travail,  l'organisme  d\u00e9clar\u00e9  doit\nproduire  au moins  chaque  trimestre  un \u00e9tat  d'activit\u00e9  et chaque  ann\u00e9e  un bilan  quantitatif  et\nqualitatif  de l'activit\u00e9  exerc\u00e9e  au titre  de l'ann\u00e9e  \u00e9coul\u00e9e  ainsi  qu'un  tableau  statistique  annuel.\nSi l'organisme  d\u00e9clar\u00e9  comporte  plusieurs  \u00e9tablissements,  les \u00e9tats  statistiques  et le bilan  annuel\ndistinguent  l'activit\u00e9  exerc\u00e9e  par chaque  \u00e9tablissement.\nL'enregistrement  de la d\u00e9claration  pourra  \u00eatre  retir\u00e9  si l'organisme  d\u00e9clar\u00e9  cesse  de remplir\nles conditions  ou de respecter  les obligations  mentionn\u00e9es  aux  4\u00b0,5\u00b0  et 6\u00b0 de l'article\nR7232-17  ou qui m\u00e9connait  les obligations  d\u00e9finies  \u00e0 l'article  R7232-19  du code  du travail.\nToute  modification  concernant  la structure  d\u00e9clar\u00e9e  ou les activit\u00e9s  exerc\u00e9es  devra,  sous\npeine  de retrait  de la d\u00e9claration,  faire  l'objet  d'une  d\u00e9claration  modificative  aupr\u00e8s  de l'Unit\u00e9\nd\u00e9partementale  des  Hauts-de-Seine.\nLe pr\u00e9sent  r\u00e9c\u00e9piss\u00e9  sera  publi\u00e9  au recueil  des  actes  administratifs  de la pr\u00e9fecture  des  Hauts-\nde-Seine.\nFait  \u00e0 Nanterre,  le 24 juin  2024\nPour  le Pr\u00e9fet\nPar  d\u00e9l\u00e9gation  et subd\u00e9l\u00e9gation\nLa Responsable  du service\nD\u00e9veloppement  de l'emploi  et des\ncomp\u00e9tences\n\u00c0 { fh rdbbcdo\nMariama  COND\u00c9\n\nMINISTERE  Direction  r\u00e9gionale  et interd\u00e9partementale\nDU  TRAVAIL.  de l'\u00e9conomie,  de l'emploi,\nDE LA SANTE  : du travail  et des solidarit\u00e9s\nET DES  SOLIDARIT\u00c9S\nFraternit\u00e9\nArr\u00eat\u00e9  DRIEETS-UD92  n\u00b02024-300  du 25 juin  2024  accordant  l'agr\u00e9ment\nSAP981718067  \u00e0 la SAS  ASSIST'ZEN  SERVICES\nLE PREFET  DES  HAUTS-DE-SEINE\nCHEVALIER  DE LA LEGION  D'HONNEUR\nCHEVALIER  DE L'ORDRE  NATIONAL  DU MERITE\nVu la loi n\u00b0 2010-853  du 23 juillet  2010  relative  aux  r\u00e9seaux  consulaires,  au commerce  et \u00e0\nl'artisanat  et aux  services  (article  31) ;\nVu la loi n\u00b02015-1776  du 28 d\u00e9cembre  2015  relative  \u00e0 l'adaptation  de la soci\u00e9t\u00e9  au\nvieillissement  ;\nVu l'article  D7231-1  du Code  du travail  ;\nVu les d\u00e9crets  n\u00b0 2011-1132  et n\u00b0 2011-1133  du 20 septembre  2011  modifiant  certaines\ndispositions  du Code  du travail,  relatives  au ch\u00e8que  emploi-service  universel  et aux\nservices  \u00e0 la personne  ;\nVu le d\u00e9cret  n\u00b02016-750  du 6 juin  2016  relatif  \u00e0 la liste  des  activit\u00e9s  de services  \u00e0 la personne\nsoumises  \u00e0 agr\u00e9ment  ou \u00e0 autorisation  dans  le cadre  du r\u00e9gime  commun  de la d\u00e9claration  ;\nVu le d\u00e9cret  du 29 juillet  2020  portant  nomination  de Monsieur  Laurent  HOTTIAUX,  en qualit\u00e9\nde Pr\u00e9fet  des  Hauts-de-Seine  ;\nVu l'arr\u00eat\u00e9  interminist\u00e9riel  du 25 mars  2021  nommant  Monsieur  Ga\u00ebtan  RUDANT,  Directeur\nr\u00e9gional  et interd\u00e9partemental  de l'\u00e9conomie,  de l'emploi,  du travail  et des  solidarit\u00e9s  d'Ile-\nde-France  \u00e0 compter  du 1er  avril  2021  ;\nVu l'arr\u00eat\u00e9  pr\u00e9fectoral  PCI  n\u00b0 2021-018  du 31 mars  2021  portant  d\u00e9l\u00e9gation  de signature  de\nMonsieur  Laurent  HOTTIAUX,  Pr\u00e9fet  des  Hauts  de Seine  \u00e0 Monsieur  Ga\u00ebtan  RUDANT,\nDirecteur  r\u00e9gional  et interd\u00e9partemental  de l'\u00e9conomie,  de l'emploi,  du travail  et des\nsolidarit\u00e9s  d'Ile-de-France  ;\n\nVu la d\u00e9cision  n\u00b0 2024-056  du 8 avril  2024  portant  subd\u00e9l\u00e9gation  de signature  de Monsieur\nGa\u00ebtan  RUDANT,  Directeur  r\u00e9gional  et interd\u00e9partemental  de l'\u00e9conomie,  de l'emploi,  du\ntravail  et des  solidarit\u00e9s  d'Ile-de-France,  aux  agents  de l'Unit\u00e9  d\u00e9partementale  des  Hauts-\nde-Seine  ;\nVu la demande  d'agr\u00e9ment  de la SAS  ASSIST'ZEN  SERVICES,  d\u00e9pos\u00e9e  en date  du 31\njanvier  2024  pour  l'exercice  des  activit\u00e9s  en lien  avec  les personnes  \u00e2g\u00e9es  et ou en\nsituation  de handicap  en mode  MANDATAIRE  sur le d\u00e9partement  des  Hauts-de-Seine\n(92)  ;\nConsid\u00e9rant  que  consid\u00e9rant  que  la demande  a \u00e9t\u00e9 d\u00e9clar\u00e9e  compl\u00e8te  par le service\ninstructeur  de l'Unit\u00e9  d\u00e9partementale  des  Hauts-de-Seine  par  mail  en date\ndu 5 mars  2024  ;\nConsid\u00e9rant  que  les pi\u00e8ces  du dossier  ont \u00e9t\u00e9 d\u00e9clar\u00e9es  conformes  au cahier  des  charges\npr\u00e9vu  \u00e0 l'article  R.7232-6  du Code  du travail  par le service  instructeur  de\nl'Unit\u00e9  d\u00e9partementale  des  Hauts-de-Seine  par mail  en date  du 21 juin  2024\nARRETE\nARTICLE  4\nLa SAS  ASSIST'ZEN  SERVICES,  sise  85 AVENUE  HENRI  RAVERA  \u2014 92220  BAGNEUX  est\nagr\u00e9\u00e9e  conform\u00e9ment  aux  dispositions  de l'article  L 7232-1  du Code  du Travail  pour  la fourniture\nde services  aux  personnes.\nLe num\u00e9ro  d'agr\u00e9ment  attribu\u00e9  \u00e0 cet organisme  est : SAP981718067\nARTICLE  2\nLe pr\u00e9sent  agr\u00e9ment  est accord\u00e9  une  dur\u00e9e  de 5 ans,  \u00e0 compter  du 21 juin  2024  pour  le\nd\u00e9partement  des  Hauts-de-Seine  (92).\nConform\u00e9ment  aux  dispositions  de l'article  R7232-9  du code  du travail,  l'organisme  agr\u00e9\u00e9  doit\nproduire  au moins  chaque  trimestre  un \u00e9tat  d'activit\u00e9  et chaque  ann\u00e9e  un bilan  quantitatif  et\nqualitatif  de l'activit\u00e9  exerc\u00e9e  ainsi  qu'un  tableau  statistique.\nSi l'organisme  comporte  plusieurs  \u00e9tablissements,  les \u00e9tats  statistiques  et le bilan  annuel\ndistinguent  l'activit\u00e9  exerc\u00e9e  par chaque  \u00e9tablissement.\nL'agr\u00e9ment  peut  \u00eatre  renouvel\u00e9.  La demande  de renouvellement  doit  \u00eatre  d\u00e9pos\u00e9e  au plus  tard\ntrois  mois  avant  le terme  de la p\u00e9riode  d'agr\u00e9ment.\n\nARTICLE  3\nLa SAS  ASSIST'ZEN  SERVICES,  est agr\u00e9\u00e9e  pour  la fourniture  des  services  suivants  :\nEn mode  MANDATAIRE  :\n- Accompagnement  des  personnes  ag\u00e9es,  des  personnes  handicap\u00e9es  ou atteintes  de\npathologies  chroniques,  dans  leurs  d\u00e9placements  en dehors  de leur  domicile  (promenades,\naide  a la mobilit\u00e9  et au transport,  actes\nde la vie courante)  quand  cet accompagnement  est r\u00e9alis\u00e9  dans  les conditions  pr\u00e9vues  aux  1\u00b0 et\n2\u00b0 de l'art.  7232-6  du code  du travail  ;\n- Assistance  dans  les actes  quotidiens  de la vie ou aide  \u00e0 l'insertion  sociale  aux  personnes  \u00e2g\u00e9es\net aux  personnes  handicap\u00e9es  ou atteintes  de pathologies  chroniques  qui ont besoin  de telles\nprestations  a domicile,  quand  ces  prestations  sont  r\u00e9alis\u00e9es  dans  les conditions  pr\u00e9vues  aux  1\u00b0\net 2\u00b0 de l'art.  7232-6  du code  du travail,  \u00e0 l'exclusion  d'actes  de soins  relevant  d'actes  m\u00e9dicaux\n\u00e0 moins  qu'ils  ne soient  ex\u00e9cut\u00e9s  dans  les conditions  pr\u00e9vues  \u00e0 l'article  L1111-6-1  du code  de la\nsant\u00e9  publique  et du d\u00e9cret  n\u00b099-426  du 27 mai  1999  habilitant  certaines  cat\u00e9gories  de personnes\n\u00e0 effectuer  des  aspirations  endo-trach\u00e9ales  ;\n- Prestation  de conduite  du v\u00e9hicule  personnel  des  personnes  \u00e2g\u00e9es,  des  personnes  handicap\u00e9es\nou atteintes  de pathologies  chroniques  du domicile  au travail,  sur  le lieu  de vacances,  pour  les\nd\u00e9marches  administratives  quand  cette  prestation  est r\u00e9alis\u00e9e  dans  les conditions  pr\u00e9vues  aux\n1\u00b0 et 2\u00b0 de l'art.  7232-6  du code  du travail  ;\nprestations  relevant  du b\u00e9n\u00e9fice  de la r\u00e9duction  d'imp\u00f4t  pr\u00e9vue  a l'article  199  sexdecies  du Code\nG\u00e9n\u00e9ral  des  Imp\u00f4ts.\nARTICLE  4\nSi l'organisme  envisage  de fournir  des  services  autres  que  ceux  pour  lesquels  il est agr\u00e9\u00e9,  il devra\nsolliciter  une  modification  de son  agr\u00e9ment.  La demande  devra  pr\u00e9ciser  les modifications\nenvisag\u00e9es  et les moyens  nouveaux  correspondants.\nToute  cr\u00e9ation  d'activit\u00e9  hors  du ou des  d\u00e9partements  pour  lesquels  l'organisme  est agr\u00e9\u00e9  devra\nfaire  l'objet  d'une  demande  d'extension  aupr\u00e8s  du Pr\u00e9fet  des  Hauts-de-Seine.  Elle  donnera  lieu  \u00e0\nune  modification  du pr\u00e9sent  arr\u00eat\u00e9.\nARTICLE  5\nConform\u00e9ment  aux  dispositions  de l'article  R7232-12  du code  du travail,  le pr\u00e9sent  agr\u00e9ment\npourra  \u00eatre  retir\u00e9  si l'organisme  agr\u00e9\u00e9  :\n= Cesse  de remplir  les conditions  ou de respecter  les obligations  mentionn\u00e9es  aux  articles\nR 7332-4  \u00e0 R 7232-9  du code  de travail,\n\" Ne respecte  pas  les dispositions  l\u00e9gales  relatives  \u00e0 la sant\u00e9  et \u00e0 la s\u00e9curit\u00e9  au travail\n= Exerce  des  activit\u00e9s  autres  que  celles  d\u00e9clar\u00e9es  dans  la demande  d'agr\u00e9ment,\n= Ne transmet  pas  au Pr\u00e9fet  comp\u00e9tent,  avant  la fin du premier  semestre  de l'ann\u00e9e,  le bilan\nqualitatif  et quantitatif  de l'activit\u00e9  exerc\u00e9e  au titre  de l'ann\u00e9e  \u00e9coul\u00e9e.\n\nARTICLE  6\nLa Directrice  de l'Unit\u00e9  d\u00e9partementale  des  Hauts-de-Seine  de la DRIEETS,  est charg\u00e9e  de\nl'application  du pr\u00e9sent  arr\u00eat\u00e9  qui sera  publi\u00e9  au recueil  des  Actes  Administratifs  de l'Etat.\nFait  \u00e0 Nanterre,  le 25 juin  2024\nPour  le Pr\u00e9fet\nPar  d\u00e9l\u00e9gation  et subd\u00e9l\u00e9gation\nLa Responsable  du service\nD\u00e9veloppement  de l'emploi  et des\ncomp\u00e9tences\nQD ) 7\nELA  A\nCONDE(es\nMaria\n\n| | Direction  r\u00e9gionale  et interd\u00e9partementale\nMINISTERE  de l'\u00e9conomie,  de l'emploi,\n' DU TRAVAIL  du travail  et des solidarit\u00e9s\nDE LA SANTE  .\nET DES  SOLIDARITESBeat\nFraternit\u00e9\nR\u00e9c\u00e9piss\u00e9  de d\u00e9claration  n\u00b02024-301\nd'activit\u00e9s  de services  \u00e0 la personne  enregistr\u00e9e  au nom  de la SAS  ASSIST'ZEN\nSERVICES  sous  le n\u00b0 SAP  981718067\nLE PREFET  DES  HAUTS-DE-SEINE\nCHEVALIER  DE LA LEGION  D'HONNEUR\nCHEVALIER  DE L'ORDRE  NATIONAL  DU MERITE\nVu la loi n\u00b0 2010-853  du 23 juillet  2010  relative  aux  r\u00e9seaux  consulaires,  au commerce  et a\nl'artisanat  et aux  services  (article  31) ;\nVu la loi n\u00b02015-1776  du 28 d\u00e9cembre  2015  relative  \u00e0 l'adaptation  de la soci\u00e9t\u00e9  au\nvieillissement  ;\nVu l'article  D7231-1  du Code  du travail  ;\nVu les d\u00e9crets  n\u00b0 2011-1132  et n\u00b0 2011-1133  du 20 septembre  2011  modifiant  certaines\ndispositions  du Code  du travail,  relatives  au ch\u00e8que  emploi-service  universel  et aux\nservices  \u00e0 la personne  ;\nVu le d\u00e9cret  n\u00b02016-750  du 6 juin  2016  relatif  \u00e0 la liste  des  activit\u00e9s  de services  \u00e0 la personne\nsoumises  \u00e0 agr\u00e9ment  ou \u00e0 autorisation  dans  le cadre  du r\u00e9gime  commun  de la d\u00e9claration  ;\nVu le d\u00e9cret  du 29 juillet  2020  portant  nomination  de Monsieur  Laurent  HOTTIAUX,  en qualit\u00e9\nde Pr\u00e9fet  des  Hauts-de-Seine  ;\nVu l'arr\u00eat\u00e9  interminist\u00e9riel  du 25 mars  2021  nommant  Monsieur  Ga\u00ebtan  RUDANT,  Directeur\nr\u00e9gional  et interd\u00e9partemental  de l'\u00e9conomie,  de l'emploi,  du travail  et des  solidarit\u00e9s  d'lle-\nde-France  \u00e0 compter  du 'er avril  2021  ;\nVu l'arr\u00eat\u00e9  pr\u00e9fectoral  PCI  n\u00b0 2021-018  du 31 mars  2021  portant  d\u00e9l\u00e9gation  de signature  de\nMonsieur  Laurent  HOTTIAUX,  Pr\u00e9fet  des  Hauts  de Seine  \u00e0 Monsieur  Ga\u00ebtan  RUDANT,\nDirecteur  r\u00e9gional  et interd\u00e9partemental  de l'\u00e9conomie,  de l'emploi,  du travail  et des\nsolidarit\u00e9s  d'Ile-de-France  ;\nVu la d\u00e9cision  n\u00b0 2024-056  du 8 avril  2024  portant  subd\u00e9l\u00e9gation  de signature  de Monsieur\nGa\u00ebtan  RUDANT,  Directeur  r\u00e9gional  et interd\u00e9partemental  de l'\u00e9conomie,  de l'emploi,  du\ntravail  et des  solidarit\u00e9s  d'Ile-de-France,  aux  agents  de l'Unit\u00e9  d\u00e9partementale  des  Hauts-\nde-Seine\n\nVu\nVul'arr\u00eat\u00e9  DRIEETS-UD92  n\u00b02024-300  du 25 juin  2024  accordant  l'agr\u00e9ment  SAP\n981718067  \u00e0 la SAS  ASSIST'ZEN  SERVICES\nla d\u00e9claration  d'activit\u00e9s  de services  \u00e0 la personne  d\u00e9pos\u00e9e  aupr\u00e8s  de l'Unit\u00e9\nd\u00e9partementale  des  Hauts-de-Seine  de la DRIEETS  par la SAS  ASSIST'ZEN  SERVICES\nsise  au 85 AVENUE  HENRI  RAVERA  - 92220  BAGNEUX.\nApr\u00e8s  examen  du dossier,  cette  demande  \u00e9tant  conforme  aux  dispositions  de l'article  L. 7232-1-\n1 du code  du travail,  le pr\u00e9sent  r\u00e9c\u00e9piss\u00e9  de d\u00e9claration  d'activit\u00e9s  de services  \u00e0 la personne  a\n\u00e9t\u00e9 enregistr\u00e9  au nom  de la SAS  ASSIST'ZEN  SERVICES,  sous  le n\u00b0 SAP  981718067.\nLes  activit\u00e9s  d\u00e9clar\u00e9es  sont  les suivantes,  \u00e0 l'exclusion  de toute  autre  :\nActivit\u00e9s  non  soumises  \u00e0 l'agr\u00e9ment  ou l'autorisation  exerc\u00e9es  en mode  PRESTATAIRE  et\nMANDATAIRE  :\nEntretien  de la maison  et travaux  m\u00e9nagers  ;\nPetits  travaux  de jardinage,  y compris  les travaux  de d\u00e9broussaillage  ;\nTravaux  de petit  bricolage  dits  \u00ab homme  toutes  mains  \u00bb ;\nGarde  d'enfants  de plus  de trois  ans  \u00e0 domicile  ;\nSoutien  scolaire  ou cours  \u00e0 domicile  ;\nPr\u00e9paration  de repas  \u00e0 domicile,  y compris  le temps  pass\u00e9  aux  courses  ;\nCollecte  et livraison  \u00e0 domicile  de linge  repass\u00e9  ;\nLivraison  de courses  \u00e0 domicile  ;\nAssistance  informatique  \u00e0 domicile  ;\nSoins  et promenades  d'animaux  de compagnie,  \u00e0 l'exception  des  soins  v\u00e9t\u00e9rinaires  et du\ntoilettage,  pour  les personnes  d\u00e9pendantes  ;\nMaintenance,  entretien  et vigilance  temporaires,  \u00e0 domicile,  de la r\u00e9sidence  principale  et\nsecondaire  ;\nAssistance  administrative  \u00e0 domicile  ;\nAccompagnement  des  enfants  de plus  de trois  ans  dans  leurs  d\u00e9placements  en dehors  de\nleur  domicile  (promenades,  transports,  actes  de la vie courante)  ;\nPrestation  de conduite  du v\u00e9hicule  personnel  des  personnes  temporairement\nd\u00e9pendantes  autres  que  personnes  \u00e2g\u00e9es,  handicap\u00e9es  ou atteintes  de pathologies\nchroniques,  du domicile  au travail,  sur  le lieu  de vacances,  pour  les d\u00e9marches\nadministratives  ;\nAccompagnement  des  personnes  temporairement  d\u00e9pendantes  autres  que  personnes\n\u00e2g\u00e9es,  handicap\u00e9es  ou atteintes  de pathologies  chroniques,  dans  leurs  d\u00e9placements  en\ndehors  de leur  domicile  (promenades,  aide  \u00e0 la mobilit\u00e9  et au transport,  actes  de la vie\ncourante)  ;\nAssistance  aux  personnes  autres  que  personnes  \u00e2g\u00e9es,  handicap\u00e9es  ou atteintes  de\npathologies  chroniques  qui ont  besoin  temporairement  d'une  aide  personnelle  \u00e0 leur\ndomicile,  \u00e0 l'exclusion  des  soins  relevant  d'actes  m\u00e9dicaux  ;\nActivit\u00e9s  agr\u00e9\u00e9es  exerc\u00e9es  en mode  MANDATAIRE  sur  le d\u00e9partement  des  Hauts-de-\nSeine  :\nAccompagnement  des  personnes  \u00e2g\u00e9es,  des  personnes  handicap\u00e9es  ou atteintes  de\npathologies  chroniques,  dans  leurs  d\u00e9placements  en dehors  de leur  domicile\n(promenades,  aide  \u00e0 la mobilit\u00e9  et au transport,  actes  de la vie courante)  quand  cet\naccompagnement  est r\u00e9alis\u00e9  dans  les conditions  pr\u00e9vues  aux  1\u00b0 et 2\u00b0 de l'art.  7232-6  du\ncode  du travail  ;\nAssistance  dans  les actes  quotidiens  de la vie ou aide  \u00e0 l'insertion  sociale  aux  personnes\n\u00e2g\u00e9es  et aux  personnes  handicap\u00e9es  ou atteintes  de pathologies  chroniques  qui ont\n\nbesoin  de telles  prestations  \u00e0 domicile,  quand  ces prestations  sont  r\u00e9alis\u00e9es  dans  les\nconditions  pr\u00e9vues  aux  1\u00b0 et 2\u00b0 de l'art.  7232-6  du code  du travail,  \u00e0 l'exclusion  d'actes  de\nsoins  relevant  d'actes  m\u00e9dicaux  \u00e0 moins  qu'ils  ne soient  ex\u00e9cut\u00e9s  dans  les conditions\npr\u00e9vues  \u00e0 l'article  L1111-6-1  du code  de la sant\u00e9  publique  et du d\u00e9cret  n\u00b099-426  du 27\nmai  1999  habilitant  certaines  cat\u00e9gories  de personnes  \u00e0 effectuer  des  aspirations  endo-\ntrach\u00e9ales  ;\n- Prestation  de conduite  du v\u00e9hicule  personnel  des  personnes  \u00e2g\u00e9es,  des  personnes\nhandicap\u00e9es  ou atteintes  de pathologies  chroniques  du domicile  au travail,  sur le lieu de\nvacances,  pour  les d\u00e9marches  administratives  quand  cette  prestation  est r\u00e9alis\u00e9e  dans\nles conditions  pr\u00e9vues  aux  1\u00b0 et 2\u00b0 de l'art.  7232-6  du code  du travail  ;\nPrestations  relevant  du b\u00e9n\u00e9fice  de la r\u00e9duction  d'imp\u00f4t  pr\u00e9vue  \u00e0 l'article  199 sexdecies  du Code\nG\u00e9n\u00e9ral  des  Imp\u00f4ts\nSous  r\u00e9serve  d'\u00eatre  exerc\u00e9es  \u00e0 titre  exclusif  par le d\u00e9clarant  (ou sous  r\u00e9serve  d'une  comptabilit\u00e9\ns\u00e9par\u00e9e  pour  les personnes  morales  dispens\u00e9es  de la condition  d'activit\u00e9  exclusive),  ces activit\u00e9s\nouvrent  droit  au b\u00e9n\u00e9fice  des  dispositions  des  articles  L. 7233-2  du code  du travail  et L. 241-10\ndu code  de la s\u00e9curit\u00e9  sociale.\nConform\u00e9ment  aux  dispositions  de l'article  R7232-19  du code  du travail,  l'organisme  d\u00e9clar\u00e9  doit\nproduire  au moins  chaque  trimestre  un \u00e9tat  d'activit\u00e9  et chaque  ann\u00e9e  un bilan  quantitatif  et\nqualitatif  de l'activit\u00e9  exerc\u00e9e  au titre  de l'ann\u00e9e  \u00e9coul\u00e9e  ainsi  qu'un  tableau  statistique  annuel.\nSi l'organisme  d\u00e9clar\u00e9  comporte  plusieurs  \u00e9tablissements,  les \u00e9tats  statistiques  et le bilan  annuel\ndistinguent  l'activit\u00e9  exerc\u00e9e  par chaque  \u00e9tablissement.\nL'enregistrement  de la d\u00e9claration  pourra  \u00eatre  retir\u00e9  si l'organisme  d\u00e9clar\u00e9  cesse  de remplir\nles conditions  ou de respecter  les obligations  mentionn\u00e9es  aux  4\u00b0,5\u00b0  et 6\u00b0 de l'article\nR7232-17  ou qui m\u00e9conna\u00eet  les obligations  d\u00e9finies  \u00e0 l'article  R7232-19  du code  du travail.\nToute  modification  concernant  la structure  d\u00e9clar\u00e9e  ou les activit\u00e9s  exerc\u00e9es  devra,  sous\npeine  de retrait  de la d\u00e9claration,  faire  l'objet  d'une  d\u00e9claration  modificative  aupr\u00e8s  de l'Unit\u00e9\nd\u00e9partementale  des  Hauts-de-Seine.\nLe pr\u00e9sent  r\u00e9c\u00e9piss\u00e9  sera  publi\u00e9  au recueil  des  actes  administratifs  de la pr\u00e9fecture  des Hauts-\nde-Seine.\nFait  \u00e0 Nanterre,  le 25 juin  2024\nPour  le Pr\u00e9fet\nPar  d\u00e9l\u00e9gation  et subd\u00e9l\u00e9gation\nLa Responsable  du service\nD\u00e9veloppement  de l'emploi  et des\ncomp\u00e9tences\nMariama  CONDE\n\nMINISTERE  Direction  r\u00e9gionale  et interd\u00e9partementale\nDE DR  de l'\u00e9conomie,  de l'emploi,\n. du  t : SageET DES  SOLIDARITES  u travail  et des  solidarit\u00e9s\nFraternit\u00e9\nArr\u00e9t\u00e9  DRIEETS-UD92  n\u00b02024-302  du 25 juin  2024  portant  renouvellement  de\nVagr\u00e9ment  SAP800432890  \u00e0 la SARL  SEINE  ATTITUDE\nLE PREFET  DES  HAUTS-DE-SEINE\nCHEVALIER  DE LA LEGION  D'HONNEUR\nCHEVALIER  DE L'ORDRE  NATIONAL  DU MERITE\nVu la loi n\u00b0 2010-853  du 23 juillet  2010  relative  aux  r\u00e9seaux  consulaires,  au commerce  et a\nl'artisanat  et aux  services  (article  31) ;\nVu la loi n\u00b02015-1776  du 28 d\u00e9cembre  2015  relative  a l'adaptation  de la soci\u00e9t\u00e9  au\nvieillissement  ;\nVu l'article  D7231-1  du Code  du travail  ;\nVu les d\u00e9crets  n\u00b0 2011-1132  et n\u00b0 2011-1133  du 20 septembre  2011  modifiant  certaines\ndispositions  du Code  du travail,  relatives  au ch\u00e9que  emploi-service  universel  et aux\nservices  a la personne  ;\nVu le d\u00e9cret  n\u00b02016-750  du 6 juin  2016  relatif  a la liste  des  activit\u00e9s  de services  a la personne\nsoumises  \u00e0 agr\u00e9ment  ou \u00e0 autorisation  dans  le cadre  du regime  commun  de la d\u00e9claration  ;\nVu le d\u00e9cret  du 29 juillet  2020  portant  nomination  de Monsieur  Laurent  HOTTIAUX,  en qualit\u00e9\nde Pr\u00e9fet  des  Hauts-de-Seine  ;\nVu l'arr\u00eat\u00e9  interminist\u00e9riel  du 25 mars  2021  nommant  Monsieur  Ga\u00ebtan  RUDANT,  Directeur\nr\u00e9gional  et interd\u00e9partemental  de l'\u00e9conomie,  de l'emploi,  du travail  et des  solidarit\u00e9s  d'Ile-\nde-France  \u00e0 compter  du 1er avril  2021  ;\nVu l'arr\u00eat\u00e9  pr\u00e9fectoral  PCI  n\u00b0 2021-018  du 31 mars  2021  portant  d\u00e9l\u00e9gation  de signature  de\nMonsieur  Laurent  HOTTIAUX,  Pr\u00e9fet  des  Hauts  de Seine  \u00e0 Monsieur  Ga\u00ebtan  RUDANT,\nDirecteur  r\u00e9gional  et interd\u00e9partemental  de l'\u00e9conomie,  de l'emploi,  du travail  et des\nsolidarit\u00e9s  d'Ile-de-France  ;\n\nVu la d\u00e9cision  n\u00b0 2024-056  du 8 avril  2024  portant  subd\u00e9l\u00e9gation  de signature  de Monsieur\nGa\u00ebtan  RUDANT,  Directeur  r\u00e9gional  et interd\u00e9partemental  de l'\u00e9conomie,  de l'emploi,  du\ntravail  et des  solidarit\u00e9s  d'Ile-de-France,  aux  agents  de l'Unit\u00e9  d\u00e9partementale  des  Hauts-\nde-Seine  ;\nVu l'arr\u00eat\u00e9  DIRECCTE-UD92  n\u00b02019-451  du 4 novembre  2019  portant  renouvellement  de\nl'agr\u00e9ment  de la SARL  SEINE  ATTITUDE  et arrivant  \u00e0 \u00e9ch\u00e9ance  le 14 mai  2024  ;\nVu la demande  de renouvellement  d'agr\u00e9ment  de la SARL  SEINE  ATTITUDE,  d\u00e9pos\u00e9e  en\ndate  du 29 mars  2024  pour  l'exercice  des  activit\u00e9s  en lien  avec  les personnes  \u00e2g\u00e9es  et ou\nen situation  de handicap  en mode  MANDATAIRE  sur  le d\u00e9partement  des  Hauts-de-Seine\n(92)  ;\nARRETE\nARTICLE  1\nL'agr\u00e9ment  de la SARL  SEINE  ATTITUDE,  sise  49 AVENUE  VICTOR  CRESSON  - 92130  ISSY-\nLES-MOULINEAUX  est renouvel\u00e9  conform\u00e9ment  aux  dispositions  de l'article  L 7232-1  du Code\ndu Travail  pour  la fourniture  de services  aux  personnes.\nLe num\u00e9ro  d'agr\u00e9ment  attribu\u00e9  a cet organisme  est : SAP800432890\nARTICLE  2\nLe pr\u00e9sent  agr\u00e9ment  est renouvel\u00e9  pour  une  dur\u00e9e  de 5 ans,  \u00e0 compter  du 14 mai  2024  pour  le\nd\u00e9partement  des  Hauts-de-Seine  (92).\nConform\u00e9ment  aux  dispositions  de l'article  R7232-9  du code  du travail,  l'organisme  agr\u00e9\u00e9  doit\nproduire  au moins  chaque  trimestre  un \u00e9tat  d'activit\u00e9  et chaque  ann\u00e9e  un bilan  quantitatif  et\nqualitatif  de l'activit\u00e9  exerc\u00e9e  ainsi  qu'un  tableau  statistique.\nSi l'organisme  comporte  plusieurs  \u00e9tablissements,  les \u00e9tats  statistiques  et le bilan  annuel\ndistinguent  l'activit\u00e9  exerc\u00e9e  par chaque  \u00e9tablissement.\nL'agr\u00e9ment  peut  \u00eatre  renouvel\u00e9.  La demande  de renouvellement  doit  \u00eatre  d\u00e9pos\u00e9e  au plus  tard\ntrois  mois  avant  le terme  de la p\u00e9riode  d'agr\u00e9ment.\nARTICLE  3\nLa SARL  SEINE  ATTITUDE,  est agr\u00e9\u00e9e  pour  la fourniture  des  services  suivants  :\nEn mode  MANDATAIRE  :\n- Accompagnement  des  personnes  \u00e2g\u00e9es,  des  personnes  handicap\u00e9es  ou atteintes  de\npathologies  chroniques,  dans  leurs  d\u00e9placements  en dehors  de leur  domicile\n(promenades,  aide  \u00e0 la mobilit\u00e9  et au transport,  actes  de la vie courante)  quand  cet\n\naccompagnement  est r\u00e9alis\u00e9  dans  les conditions  pr\u00e9vues  aux  1\u00b0 et 2\u00b0 de Part.  7232-6  du\ncode  du travail  ;\n- Assistance  dans  les actes  quotidiens  de la vie ou aide  \u00e0 l'insertion  sociale  aux  personnes\nag\u00e9es  et aux  personnes  handicap\u00e9es  ou atteintes  de pathologies  chroniques  qui ont\nbesoin  de telles  prestations  a domicile,  quand  ces  prestations  sont  r\u00e9alis\u00e9es  dans  les\nconditions  pr\u00e9vues  aux  1\u00b0 et 2\u00b0 de l'art.  7232-6  du code  du travail,  \u00e0 l'exclusion  d'actes  de\nsoins  relevant  d'actes  m\u00e9dicaux  \u00e0 moins  qu'ils  ne soient  ex\u00e9cut\u00e9s  dans  les conditions\npr\u00e9vues  \u00e0 l'article  L1111-6-1  du code  de la sant\u00e9  publique  et du d\u00e9cret  n\u00b099-426  du 27\nmai  1999  habilitant  certaines  cat\u00e9gories  de personnes  \u00e0 effectuer  des  aspirations  endo-\ntrach\u00e9ales  ;\n- Prestation  de conduite  du v\u00e9hicule  personnel  des  personnes  \u00e2g\u00e9es,  des  personnes\nhandicap\u00e9es  ou atteintes  de pathologies  chroniques  du domicile  au travail,  sur le lieu de\nvacances,  pour  les d\u00e9marches  administratives  quand  cette  prestation  est r\u00e9alis\u00e9e  dans\nles conditions  pr\u00e9vues  aux  1\u00b0 et 2\u00b0 de l'art.  7232-6  du code  du travail  ;\nprestations  relevant  du b\u00e9n\u00e9fice  de la r\u00e9duction  d'imp\u00f4t  pr\u00e9vue  \u00e0 l'article  199  sexdecies  du Code\nG\u00e9n\u00e9ral  des  Imp\u00f4ts.\nARTICLE  4\nSi l'organisme  envisage  de fournir  des  services  autres  que  ceux  pour  lesquels  il est agr\u00e9\u00e9,  il devra\nsolliciter  une  modification  de son  agr\u00e9ment.  La demande  devra  pr\u00e9ciser  les modifications\nenvisag\u00e9es  et les moyens  nouveaux  correspondants.\nToute  cr\u00e9ation  d'activit\u00e9  hors  du ou des  d\u00e9partements  pour  lesquels  l'organisme  est agr\u00e9\u00e9  devra\nfaire  l'objet  d'une  demande  d'extension  aupr\u00e8s  du Pr\u00e9fet  des  Hauts-de-Seine.  Elle  donnera  lieu \u00e0\nune  modification  du pr\u00e9sent  arr\u00eat\u00e9.\nARTICLE  5\nConform\u00e9ment  aux  dispositions  de l'article  R7232-12  du code  du travail,  le pr\u00e9sent  agr\u00e9ment\npourra  \u00eatre  retir\u00e9  si l'organisme  agr\u00e9\u00e9  :\n= Cesse  de remplir  les conditions  ou de respecter  les obligations  mentionn\u00e9es  aux  articles\nR 7332-4  \u00e0 R 7232-9  du code  de travail,\n= Ne respecte  pas  les dispositions  l\u00e9gales  relatives  \u00e0 la sant\u00e9  et \u00e0 la s\u00e9curit\u00e9  au travail\n= Exerce  des  activit\u00e9s  autres  que  celles  d\u00e9clar\u00e9es  dans  la demande  d'agr\u00e9ment,\n= Ne transmet  pas  au Pr\u00e9fet  comp\u00e9tent,  avant  la fin du premier  semestre  de l'ann\u00e9e,  le bilan\nqualitatif  et quantitatif  de l'activit\u00e9  exerc\u00e9e  au titre  de l'ann\u00e9e  \u00e9coul\u00e9e.\n\nARTICLE  6\nLa Directrice  de l'Unit\u00e9  d\u00e9partementale  des  Hauts-de-Seine  de la DRIEETS,  est charg\u00e9e  de\nl'application  du pr\u00e9sent  arr\u00eat\u00e9  qui sera  publi\u00e9  au recueil  des  Actes  Administratifs  de l'Etat.\nFait  \u00e0 Nanterre,  le 25 juin  2024\nPour  le Pr\u00e9fet\nPar  d\u00e9l\u00e9gation  et subd\u00e9l\u00e9gation\nLa Responsable  du service\nD\u00e9veloppement  de l'emploi  et des\ncomp\u00e9tences\nc hee  ucko  F\nMariama  CONDE\n\n| Direction  r\u00e9gionale  et interd\u00e9partementale\nMINISTERE  de l'\u00e9conomie,  de l'emploi,\nDU TRAVAIL  du travail  et des solidarit\u00e9s\nDE LA SANTE  :\nET DES  SOLIDARITES\nLibert\u00e9\nEgalit\u00e9\nFraternit\u00e9\nR\u00e9c\u00e9piss\u00e9  de d\u00e9claration  n\u00b02024-303\nd'activit\u00e9s  de services  a la personne  enregistr\u00e9e  au nom  de la SARL  SEINE\nATTITUDE  sous  le n\u00b0 SAP  800432890\nLE PREFET  DES  HAUTS-DE-SEINE\nCHEVALIER  DE LA LEGION  D'HONNEUR\nCHEVALIER  DE L'ORDRE  NATIONAL  DU MERITE\nVu la loi n\u00b0 2010-853  du 23 juillet  2010  relative  aux  r\u00e9seaux  consulaires,  au commerce  et a\nlartisanat  et aux  services  (article  31) ;\nVu la loi n\u00b02015-1776  du 28 d\u00e9cembre  2015  relative  \u00e0 l'adaptation  de la soci\u00e9t\u00e9  au\nvieillissement  ;\nVu l'article  D7231-1  du Code  du travail  ;\nVu les d\u00e9crets  n\u00b0 2011-1132  et n\u00b0 2011-1133  du 20 septembre  2011  modifiant  certaines\ndispositions  du Code  du travail,  relatives  au ch\u00e8que  emploi-service  universel  et aux\nservices  \u00e0 la personne  ;\nVu le d\u00e9cret  n\u00b02016-750  du 6 juin  2016  relatif  \u00e0 la liste  des  activit\u00e9s  de services  \u00e0 la personne\nsoumises  \u00e0 agr\u00e9ment  ou \u00e0 autorisation  dans  le cadre  du r\u00e9gime  commun  de la d\u00e9claration  ;\nVu le d\u00e9cret  du 29 juillet  2020  portant  nomination  de Monsieur  Laurent  HOTTIAUX,  en qualit\u00e9\nde Pr\u00e9fet  des  Hauts-de-Seine  ;\nVu l'arr\u00eat\u00e9  interminist\u00e9riel  du 25 mars  2021  nommant  Monsieur  Ga\u00ebtan  RUDANT,  Directeur  |\nr\u00e9gional  et interd\u00e9partemental  de l'\u00e9conomie,  de l'emploi,  du travail  et des  solidarit\u00e9s  d'Ile-\nde-France  \u00e0 compter  du 1er avril  2021  ;\nVu l'arr\u00eat\u00e9  pr\u00e9fectoral  PCI  n\u00b0 2021-018  du 31 mars  2021  portant  d\u00e9l\u00e9gation  de signature  de\nMonsieur  Laurent  HOTTIAUX,  Pr\u00e9fet  des  Hauts  de Seine  \u00e0 Monsieur  Ga\u00ebtan  RUDANT,\nDirecteur  r\u00e9gional  et interd\u00e9partemental  de l'\u00e9conomie,  de l'emploi,  du travail  et des\nsolidarit\u00e9s  d'Ile-de-France  ;\nVu la d\u00e9cision  n\u00b0 2024-056  du 8 avril  2024  portant  subd\u00e9l\u00e9gation  de signature  de Monsieur\nGa\u00ebtan  RUDANT,  Directeur  r\u00e9gional  et interd\u00e9partemental  de l'\u00e9conomie,  de l'emploi,  du\ntravail  et des  solidarit\u00e9s  d'Ile-de-France,  aux  agents  de l'Unit\u00e9  d\u00e9partementale  des  Hauts-\nde-Seine\n\nVu\nVu\nVul'arr\u00eat\u00e9  DRIEETS-UD92  n\u00b02024-302  du 25 juin  2024  portant  renouvellement  d'agr\u00e9ment\nde la SARL  SEINE  ATTITUDE  ;\nl'autorisation  implicite  par l'arr\u00eat\u00e9  DIRECCTE-UT92  n\u00b02014-135  du 13 mai\n2014  relatif  \u00e0 l'agr\u00e9ment  n\u00b0 SAP  800432890  de la SARL  SEINE  ATTITUDE  ;\nla d\u00e9claration  d'activit\u00e9s  de services  \u00e0 la personne  d\u00e9pos\u00e9e  aupr\u00e8s  de l'Unit\u00e9\nd\u00e9partementale  des  Hauts-de-Seine  de la DRIEETS  par la SARL  SEINE  ATTITUDE  sise\nau 49 AVENUE  VICTOR  CRESSON  - 92130  ISSY-LES-MOULINEAUX.\nApr\u00e8s  examen  du dossier,  cette  demande  \u00e9tant  conforme  aux  dispositions  de l'article  L. 7232-1-\n1 du code  du travail,  le pr\u00e9sent  r\u00e9c\u00e9piss\u00e9  de d\u00e9claration  d'activit\u00e9s  de services  \u00e0 la personne  a\n\u00e9t\u00e9 enregistr\u00e9  au nom  de la SARL  SEINE  ATTITUDE,  sous  le n\u00b0 SAP  800432890.\nLes  activit\u00e9s  d\u00e9clar\u00e9es  sont  les suivantes,  \u00e0 l'exclusion  de toute  autre  :\nActivit\u00e9s  d\u00e9clar\u00e9es  non  soumises  \u00e0 agr\u00e9ment  ou autorisation  exerc\u00e9es  en mode\nPRESTATAIRE  et MANDATAIRE  :\nEntretien  de la maison  et travaux  m\u00e9nagers  ;\nPetits  travaux  de jardinage,  y compris  les travaux  de d\u00e9broussaillage  ;\nTravaux  de petit  bricolage  dits  \u00ab homme  toutes  mains  ;\nSoins  d'esth\u00e9tiques  \u00e0 domicile  pour  les personnes  d\u00e9pendantes  ;\nPr\u00e9paration  de repas  \u00e0 domicile,  y compris  le temps  pass\u00e9  aux  courses  ;\nLivraison  de courses  \u00e0 domicile  ;\nCollecte  et livraison  \u00e0 domicile  de linge  repass\u00e9  ;\nAssistance  informatique  \u00e0 domicile  ;\nSoins  et promenades  d'animaux  de compagnie,  \u00e0 l'exception  des  soins  v\u00e9t\u00e9rinaires  et du\ntoilettage,  pour  les personnes  d\u00e9pendantes  ;\nMaintenance,  entretien  et vigilance  temporaires,  \u00e0 domicile,  de la r\u00e9sidence  principale  et\nsecondaire  ;\nAssistance  administrative  \u00e0 domicile  ;\nPrestation  de conduite  du v\u00e9hicule  personnel  des  personnes  temporairement\nd\u00e9pendantes  autres  que  personnes  \u00e2g\u00e9es,  handicap\u00e9es  ou atteintes  de pathologies\nchroniques,  du domicile  au travail,  sur le lieu  de vacances,  pour  les d\u00e9marches\nadministratives  ;\nAccompagnement  des  personnes  temporairement  d\u00e9pendantes  autres  que  personnes\n\u00e2g\u00e9es,  handicap\u00e9es  ou atteintes  de pathologies  chroniques,  dans  leurs  d\u00e9placements  en\ndehors  de leur  domicile  (promenades,  aide  \u00e0 la mobilit\u00e9  et au transport,  actes  de la vie\ncourante)  ;\nAssistance  aux  personnes  autres  que  personnes  \u00e2g\u00e9es,  handicap\u00e9es  ou atteintes  de\npathologies  chroniques  qui ont besoin  temporairement  d'une  aide  personnelle  \u00e0 leur\ndomicile,  \u00e0 l'exclusion  des  soins  relevant  d'actes  m\u00e9dicaux  ;\nActivit\u00e9s  agr\u00e9es  en mode  MANDATAIRE  uniquement  sur  le d\u00e9partement  des  Hauts-de-\nSeine  :\nAccompagnement  des  personnes  \u00e2g\u00e9es,  des  personnes  handicap\u00e9es  ou atteintes  de\npathologies  chroniques,  dans  leurs  d\u00e9placements  en dehors  de leur  domicile\n(promenades,  aide  \u00e0 la mobilit\u00e9  et au transport,  actes  de la vie courante)  quand  cet\naccompagnement  est r\u00e9alis\u00e9  dans  les conditions  pr\u00e9vues  aux  1\u00b0 et 2\u00b0 de l'art.  7232-6  du\ncode  du travail  ;\n\n- Assistance  dans  les actes  quotidiens  de la vie ou aide  \u00e0 l'insertion  sociale  aux  personnes\n\u00e2g\u00e9es  et aux  personnes  handicap\u00e9es  ou atteintes  de pathologies  chroniques  qui ont\nbesoin  de telles  prestations  \u00e0 domicile,  quand  ces prestations  sont  r\u00e9alis\u00e9es  dans  les\nconditions  pr\u00e9vues  aux  1\u00b0 et 2\u00b0 de l'art.  7232-6  du code  du travail,  \u00e0 l'exclusion  d'actes  de\nsoins  relevant  d'actes  m\u00e9dicaux  \u00e0 moins  qu'ils  ne soient  ex\u00e9cut\u00e9s  dans  les conditions\npr\u00e9vues  \u00e0 l'article  L1111-6-1  du code  de la sant\u00e9  publique  et du d\u00e9cret  n\u00b099-426  du 27\nmai  1999  habilitant  certaines  cat\u00e9gories  de personnes  \u00e0 effectuer  des  aspirations  endo-\ntrach\u00e9ales  ;\n- Prestation  de conduite  du v\u00e9hicule  personnel  des  personnes  \u00e2g\u00e9es,  des  personnes\nhandicap\u00e9es  ou atteintes  de pathologies  chroniques  du domicile  au travail,  sur le lieu de\nvacances,  pour  les d\u00e9marches  administratives  quand  cette  prestation  est r\u00e9alis\u00e9e  dans\nles conditions  pr\u00e9vues  aux  1\u00b0 et 2\u00b0 de l'art.  7232-6  du code  du travail  ;\nActivit\u00e9s  autoris\u00e9es  en mode  PRESTATAIRE  uniquement  sur  le d\u00e9partement  des  Hauts-de-\nSeine  :\n-__ Accompagnement  des  personnes  \u00e2g\u00e9es,  des  personnes  handicap\u00e9es  ou atteintes\nde pathologies  chroniques,  dans  leurs  d\u00e9placements  en dehors  de leur  domicile\n(promenades,  aide  \u00e0 la mobilit\u00e9  et au transport,  actes  de la vie courante)\nquand  cet accompagnement  est r\u00e9alis\u00e9  dans  les conditions  pr\u00e9vues  aux  1\u00b0 et 2\u00b0\nde l'art.  7232-6  du code  du travail  ;\n- Assistance  dans  les actes  quotidiens  de la vie ou aide  \u00e0 l'insertion  sociale  aux\npersonnes  \u00e2g\u00e9es  et aux  personnes  handicap\u00e9es  ou atteintes  de pathologies\nchroniques  qui ont besoin  de telles  prestations  \u00e0 domicile,  quand  ces  prestations\nsont  r\u00e9alis\u00e9es  dans  les conditions  pr\u00e9vues  aux 1\u00b0 et 2\u00b0 de l'art.  7232-6  du code  du\ntravail,  \u00e0 l'exclusion  d'actes  de soins  relevant  d'actes  m\u00e9dicaux  \u00e0 moins  qu'ils  ne\nsoient  ex\u00e9cut\u00e9s  dans  les conditions  pr\u00e9vues  \u00e0 l'article  L1111-6-1  du code  de la\nsant\u00e9  publique  et du d\u00e9cret  n\u00b099-426  du 27 mai  1999  habilitant  certaines\ncat\u00e9gories  de personnes  \u00e0 effectuer  des  aspirations  endo-trach\u00e9ales  ;\n- Prestation  de conduite  du v\u00e9hicule  personnel  des  personnes  \u00e2g\u00e9es,  des\npersonnes  handicap\u00e9es  ou atteintes  de pathologies  chroniques  du domicile  au\ntravail,  sur le lieu  de vacances,  pour  les d\u00e9marches  administratives  quand  cette\nprestation  est r\u00e9alis\u00e9e  dans  les conditions  pr\u00e9vues  aux  1\u00b0 et 2\u00b0 de l'art.  7232-6  du\ncode  du travail  ;\nPrestations  relevant  du b\u00e9n\u00e9fice  de la r\u00e9duction  d'imp\u00f4t  pr\u00e9vue  a l'article  199  sexdecies  du Code\nG\u00e9n\u00e9ral  des  Imp\u00f4ts\nSous  r\u00e9serve  d'\u00eatre  exerc\u00e9es  \u00e0 titre  exclusif  par le d\u00e9clarant  (ou sous  r\u00e9serve  d'une  comptabilit\u00e9\ns\u00e9par\u00e9e  pour  les personnes  morales  dispens\u00e9es  de la condition  d'activit\u00e9  exclusive),  ces activit\u00e9s\nouvrent  droit  au b\u00e9n\u00e9fice  des  dispositions  des  articles  L. 7233-2  du code  du travail  et L. 241-10\ndu code  de la s\u00e9curit\u00e9  sociale.\nConform\u00e9ment  aux  dispositions  de l'article  R7232-19  du code  du travail,  l'organisme  d\u00e9clar\u00e9  doit\nproduire  au moins  chaque  trimestre  un \u00e9tat  d'activit\u00e9  et chaque  ann\u00e9e  un bilan  quantitatif  et\nqualitatif  de l'activit\u00e9  exerc\u00e9e  au titre  de l'ann\u00e9e  \u00e9coul\u00e9e  ainsi  qu'un  tableau  statistique  annuel.\nSi l'organisme  d\u00e9clar\u00e9  comporte  plusieurs  \u00e9tablissements,  les \u00e9tats  statistiques  et le bilan  annuel\ndistinguent  l'activit\u00e9  exerc\u00e9e  par chaque  \u00e9tablissement.\n\nL'enregistrement  de la d\u00e9claration  pourra  \u00eatre  retir\u00e9  si l'organisme  d\u00e9clar\u00e9  cesse  de remplir\nles conditions  ou de respecter  les obligations  mentionn\u00e9es  aux  4\u00b0,5\u00b0  et 6\u00b0 de l'article\nR7232-17  ou qui m\u00e9conna\u00eet  les obligations  d\u00e9finies  \u00e0 l'article  R7232-19  du code  du travail.\nToute  modification  concernant  la structure  d\u00e9clar\u00e9e  ou les activit\u00e9s  exerc\u00e9es  devra,  sous\npeine  de retrait  de la d\u00e9claration,  faire  l'objet  d'une  d\u00e9claration  modificative  aupr\u00e8s  de l'Unit\u00e9\nd\u00e9partementale  des  Hauts-de-Seine.\nLe pr\u00e9sent  r\u00e9c\u00e9piss\u00e9  sera  publi\u00e9  au recueil  des  actes  administratifs  de la pr\u00e9fecture  des  Hauts-\nde-Seine.\nFait  \u00e0 Nanterre,  le 25 juin  2024\nPour  le Pr\u00e9fet\nPar  d\u00e9l\u00e9gation  et subd\u00e9l\u00e9gation\nLa Responsable  du service\nD\u00e9veloppement  de l'emploi  et des\ncomp\u00e9tences\ndf & udio\nMariama  CONDE\n\n| Direction  r\u00e9gionale  et interd\u00e9partementale\nMINISTERE  de l'\u00e9conomie,  de l'emploi,\nDU TRAVAIL  du travail  et des solidarit\u00e9s\nDE LA SANT\u00c9  .\nET DES  SOLIDARITES\nBeale\nFraternit\u00e9\nR\u00e9c\u00e9piss\u00e9  de d\u00e9claration  n\u00b02024-304\nd'activit\u00e9s  de services  \u00e0 la personne  enregistr\u00e9e  au nom  de l'Association\nLA MAISON  DES  NOUNOUS  92 sous  le n\u00b0 SAP  923237176\nLE PREFET  DES  HAUTS-DE-SEINE\nCHEVALIER  DE LA LEGION  D'HONNEUR\nCHEVALIER  DE L'ORDRE  NATIONAL  DU MERITE\nVu la loi n\u00b0 2010-853  du 23 juillet  2010  relative  aux r\u00e9seaux  consulaires,  au commerce  et a\nl'artisanat  et aux  services  (article  31) ;\nVu la loi n\u00b02015-1776  du 28 d\u00e9cembre  2015  relative  \u00e0 l'adaptation  de la soci\u00e9t\u00e9  au\nvieillissement  ;\nVu l'article  D7231-1  du Code  du travail  ;\nVu les d\u00e9crets  n\u00b0 2011-1132  et n\u00b0 2011-1133  du 20 septembre  2011  modifiant  certaines\ndispositions  du Code  du travail,  relatives  au ch\u00e8que  emploi-service  universel  et aux\nservices  \u00e0 la personne  ;\nVu le d\u00e9cret  n\u00b02016-750  du 6 juin 2016  relatif  \u00e0 la liste  des activit\u00e9s  de services  \u00e0 la personne\nsoumises  \u00e0 agr\u00e9ment  ou \u00e0 autorisation  dans  le cadre  du r\u00e9gime  commun  de la d\u00e9claration  ;\nVu le d\u00e9cret  du 29 juillet  2020  portant  nomination  de Monsieur  Laurent  HOTTIAUX,  en qualit\u00e9\nde Pr\u00e9fet  des  Hauts-de-Seine  ;\nVu l'arr\u00eat\u00e9  interminist\u00e9riel  du 25 mars  2021  nommant  Monsieur  Ga\u00ebtan  RUDANT,  Directeur\nr\u00e9gional  et interd\u00e9partemental  de l'\u00e9conomie,  de l'emploi,  du travail  et des  solidarit\u00e9s  d'ile-\nde-France  \u00e0 compter  du 1er avril  2021  ;\nVu l'arr\u00eat\u00e9  pr\u00e9fectoral  PCI n\u00b0 2021-018  du 31 mars  2021  portant  d\u00e9l\u00e9gation  de signature  de\nMonsieur  Laurent  HOTTIAUX,  Pr\u00e9fet  des Hauts  de Seine  \u00e0 Monsieur  Ga\u00ebtan  RUDANT,\nDirecteur  r\u00e9gional  et interd\u00e9partemental  de l'\u00e9conomie,  de l'emploi,  du travail  et des\nsolidarit\u00e9s  d'Ile-de-France  ;\nVu la d\u00e9cision  n\u00b0 2024-056  du 8 avril  2024  portant  subd\u00e9l\u00e9gation  de signature  de Monsieur\nGa\u00ebtan  RUDANT,  Directeur  r\u00e9gional  et interd\u00e9partemental  de l'\u00e9conomie,  de l'emploi,  du\ntravail  et des solidarit\u00e9s  d'Ile-de-France,  aux  agents  de l'Unit\u00e9  d\u00e9partementale  des Hauts-\nde-Seine\n\nVu la d\u00e9claration  d'activit\u00e9s  de services  \u00e0 la personne  d\u00e9pos\u00e9e  aupr\u00e8s  de l'Unit\u00e9\nd\u00e9partementale  des  Hauts-de-Seine  de la DRIEETS  le 9 avril  2024  par l'Association  LA\nMAISON  DES  NOUNOUS  92 sise  au 6 Rue  des  Bateliers  - 92110  CLICHY.\nApr\u00e8s  examen  du dossier,  cette  demande  \u00e9tant  conforme  aux  dispositions  de l'article  L. 7232-1-\n1 du code  du travail,  le pr\u00e9sent  r\u00e9c\u00e9piss\u00e9  de d\u00e9claration  d'activit\u00e9s  de services  \u00e0 la personne  a\n\u00e9t\u00e9 enregistr\u00e9  au nom  de l'Association  LA MAISON  DES  NOUNOUS  92, sous  le n\u00b0 SAP\n923237176.\nLes  activit\u00e9s  d\u00e9clar\u00e9es  sont  les suivantes,  \u00e0 l'exclusion  de toute  autre  :\n- Garde  d'enfants  de plus  de trois  ans  \u00e0 domicile  ;\nPrestations  relevant  du b\u00e9n\u00e9fice  de la r\u00e9duction  d'imp\u00f4t  pr\u00e9vue  \u00e0 l'article  199  sexdecies  du Code\nG\u00e9n\u00e9ral  des  Imp\u00f4ts\nLa structure  exerce  ces  activit\u00e9s  selon  le mode  suivant  : PRESTATAIRE\nSous  r\u00e9serve  d'\u00eatre  exerc\u00e9es  \u00e0 titre  exclusif  par le d\u00e9clarant  (ou sous  r\u00e9serve  d'une  comptabilit\u00e9\ns\u00e9par\u00e9e  pour  les personnes  morales  dispens\u00e9es  de la condition  d'activit\u00e9  exclusive),  ces  activit\u00e9s\nouvrent  droit  au b\u00e9n\u00e9fice  des  dispositions  des  articles  L. 7233-2  du code  du travail  et L. 241-10\ndu code  de la s\u00e9curit\u00e9  sociale.\nConform\u00e9ment  aux  dispositions  de l'article  R7232-19  du code  du travail,  l'organisme  d\u00e9clar\u00e9  doit\nproduire  au moins  chaque  trimestre  un \u00e9tat  d'activit\u00e9  et chaque  ann\u00e9e  un bilan  quantitatif  et\nqualitatif  de l'activit\u00e9  exerc\u00e9e  au titre  de l'ann\u00e9e  \u00e9coul\u00e9e  ainsi  qu'un  tableau  statistique  annuel.\nSi l'organisme  d\u00e9clar\u00e9  comporte  plusieurs  \u00e9tablissements,  les \u00e9tats  statistiques  et le bilan  annuel\ndistinguent  l'activit\u00e9  exerc\u00e9e  par  chaque  \u00e9tablissement.\nL'enregistrement  de la d\u00e9claration  pourra  \u00eatre  retir\u00e9  si l'organisme  d\u00e9clar\u00e9  cesse  de remplir\nles conditions  ou de respecter  les obligations  mentionn\u00e9es  aux  4\u00b0,5\u00b0  et 6\u00b0 de l'article\nR7232-17  ou qui  m\u00e9conna\u00eet  les obligations  d\u00e9finies  \u00e0 l'article  R7232-19  du code  du travail.\nToute  modification  concernant  la structure  d\u00e9clar\u00e9e  ou les activit\u00e9s  exerc\u00e9es  devra,  sous\npeine  de retrait  de la d\u00e9claration,  faire  l'objet  d'une  d\u00e9claration  modificative  aupr\u00e8s  de l'Unit\u00e9\nd\u00e9partementale  des  Hauts-de-Seine.\nLe pr\u00e9sent  r\u00e9c\u00e9piss\u00e9  sera  publi\u00e9  au recueil  des  actes  administratifs  de la pr\u00e9fecture  des  Hauts-\nde-Seine.\nFait  \u00e0 Nanterre,  le 25 juin  2024\nPour  le Pr\u00e9fet\nPar  d\u00e9l\u00e9gation  et subd\u00e9l\u00e9gation\nLa Responsable  du service\nD\u00e9veloppement  de l'emploi  et des\ncomp\u00e9tences\nBoe  ay\nMariama  CONDE\n\n 109  \n \n \n \nRECUEIL DES ACTES ADMINISTRATIFS  \n \nDU \n \nPREFET DES HAUTS -DE-SEINE  \n \n \nISSN 0985 - 5955  \n \n \n \n \n \nPour toute correspondance, s'adresser \u00e0 :  \n \nPREFET DES HAUTS -DE-SEINE  \n \nSecr\u00e9tariat g\u00e9n\u00e9ral  \nSecr\u00e9tariat g\u00e9n\u00e9ral aux affaires d\u00e9partementales  \n \n167/177, Avenue Joliot Curie  \n92013 NANTERRE CEDEX  \n \n \n \n \nLe recueil des actes administratifs est consultable en ligne sur le site de la pr\u00e9fecture  \nAdresse Internet  : http://www.hauts -de-seine.gouv.fr/  \n \nDirecteur de la publication  : \n \nLaurent HOTTIAUX  \n \nPREFET DES HAUTS -DE-SEINE  \n \n  \n 110  \n \n \n \n \n \n \n \n \n \n \n \n \n \n \n \n \n \n \n \n \n \n \n \n \n \n \n \n \n \n \n \n \n \n \n \n \n \n \n \n \nPREFECTURE DES HAUTS -DE-SEINE  \n167-177,  avenue Joliot Curie 92013 NANTERRE Cedex  \nCourriel  : courrier@hauts -de-seine.gouv.fr  \nStandard  : 01.40.97.20.00 T\u00e9l\u00e9copie 01.40.97.25.21  \nAdresse Internet  : http://www.hauts -de-seine.gouv.fr/","date":"2024-12-09","first_seen_on":"2024-12-09T20:16:41+00:00","id":"d65616b099d6d139254d9c287964beb40db2fffac02bbf65befbd57acb547d1d","name":"RAA sp\u00e9cial DRIEETS-UD92 du 09 d\u00e9cembre 2024","pdf_creation_date":null,"pdf_modification_date":null,"timezone":"CET","url":"https://www.hauts-de-seine.gouv.fr/contenu/telechargement/25814/181226/file/2024-12-09%20RAA%20sp%C3%A9cial%20DRIEETS-UD92%20du%2009%20d%C3%A9cembre%202024.pdf"}
