{"administration":"pref72","administration_name":"Pr\u00e9fecture de la Sarthe","content":"SARTHE\nRECUEIL DES ACTES\nADMINISTRATIFS\nN\u00b0001 DU 12 02 2024\nPUBLI\u00c9 LE 12 F\u00c9VRIER 2024\nSommaire\nDDETS / Secr\u00e9tariat de Direction\n72-2023-09-18-00003 - D\u00e9cision_subdelegation_Travail1 (2 pages) Page 3\n72-2023-09-18-00004 - Decision_subd\u00e9l\u00e9gation_Travail2 (2 pages) Page 6\nPr\u00e9fecture de la Sarthe / DCL\n72-2024-02-09-00001 - \u00c9LECTION MUNICIPALE PARTIELLE\nCOMPL\u00c9MENTAIRE \u00a0SUR LA COMMUNE DE\nMONC\u00c9-EN-SAOSNOIS\nSCRUTIN DU 7 AVRIL 2024 ET 14 AVRIL 2024 (EN\nCAS DE SECOND TOUR)\nCONVOCATION DES \u00c9LECTEURS \u25a1 D\u00c9P\u00d4T DES\nCANDIDATURES (3 pages) Page 9\n2\nDDETS\n72-2023-09-18-00003\nD\u00e9cision_subdelegation_Travail1\nDDETS - 72-2023-09-18-00003 - D\u00e9cision_subdelegation_Travail1 3\nMINISTEREDU TRAVAIL,DE L'EMPLOIET DE L'INSERTIONLibert\u00e9Egalit\u00e9Fraternit\u00e9\nDirection d\u00e9partementale de l'emploi, du travail \n                                                   et des solidarit\u00e9s de la Sarthe\nD\u00c9CISION DU 18 septembre 2023\nportant subd\u00e9l\u00e9gation de signature du Directeur d\u00e9partemental\nde l'emploi, du travail et des solidarit\u00e9s de la Sarthe\nen mati\u00e8re d'actions d'inspection de la l\u00e9gislation du travail\nVU le code du travail, notamment les articles R.8122-2 et suivants,\nVU le d\u00e9cret n\u00b02020-1545 du 9 d\u00e9cembre 2020 relatif \u00e0 l'organisation et aux missions des directions\nr\u00e9gionales de l'\u00e9conomie, de l'emploi, du travail et des solidarit\u00e9s, des directions d\u00e9partementales\nde l'emploi, du travail et des solidarit\u00e9s et des directions d\u00e9partementales de l'emploi, du travail,\ndes solidarit\u00e9s et de la protection des populations,\nVU  l'arr\u00eat\u00e9  de  la  Premi\u00e8re  ministre  et  du  ministre  de  l'int\u00e9rieur  et  des  outre-mer  en  date  du\n21  ao\u00fbt  2023  portant  nomination  dans  les  directions d\u00e9partementales  interminist\u00e9rielles  et\nnommant M. Jean-Michel LOUYER, directeur du travail, directeur d\u00e9partemental de l'emploi, du\ntravail et des solidarit\u00e9s de la Sarthe \u00e0 compter du 18 septembre 2023 ;\nVU la d\u00e9cision n\u00b0 2023/DREETS/P\u00f4le T/DDETS 72/36 du 31 ao\u00fbt 2023 portant d\u00e9l\u00e9gation de signature \u00e0\nM. Jean-Michel LOUYER en sa qualit\u00e9 de directeur d\u00e9partemental de l'emploi, du travail et des\nsolidarit\u00e9s des pouvoirs propres de la directrice r\u00e9gionale de l'\u00e9conomie, de l'emploi, du travail et\ndes solidarit\u00e9s des Pays de la Loire en mati\u00e8re d'actions d'inspection de la l\u00e9gislation du travail.\nD\u00c9CIDE\nArticle 1er :\nD\u00e9l\u00e9gation de signature est donn\u00e9e \u00e0 M. Philippe RAFFLEGEAU, directeur d\u00e9partemental adjoint de\nl'emploi, du travail et des solidarit\u00e9s de la Sarthe, \u00e0 l'effet de signer, au nom de la directrice r\u00e9gionale\nde l'\u00e9conomie, de l'emploi et des solidarit\u00e9s des Pays de la Loire, les d\u00e9cisions relevant des pouvoirs\npropres  conf\u00e9r\u00e9s  par  la  loi  et  les  r\u00e8glements  en  vigueur  au  directeur  r\u00e9gional  de  l'\u00e9conomie,  de\nl'emploi, du travail et des solidarit\u00e9s en mati\u00e8re d'actions d'inspection de la l\u00e9gislation du travail,\nmentionn\u00e9es \u00e0 l'article 1er de la d\u00e9cision n\u00b0 2023/DREETS/P\u00f4le T/DDETS 72/36 du 31 ao\u00fbt 2023 portant\nd\u00e9l\u00e9gation de signature \u00e0 Jean-Michel LOUYER, directeur d\u00e9partemental de l'emploi, du travail et des\nsolidarit\u00e9s de la Sarthe.\nArticle 2 :\nEn  cas  d'absences  ou  d'emp\u00eachements  concomitants  de  M.  Jean-Michel  LOUYER,  directeur\nd\u00e9partemental  et  de  M.  Philippe  RAFFLEGEAU,  directeur  d\u00e9partemental  adjoint,  la  d\u00e9l\u00e9gation  de\nsignature conf\u00e9r\u00e9e \u00e0 M. Jean-Michel LOUYER au titre de de la d\u00e9cision n\u00b0 2023/DREETS/P\u00f4le T/DDETS\n72/36 du 31 ao\u00fbt 2023 est indiff\u00e9remment donn\u00e9e \u00e0 :  \n- M. Anthony LONGUET, directeur adjoint du travail\n- M. Mathieu CHEUTIN, directeur adjoint du travail          \nDDETS - 72-2023-09-18-00003 - D\u00e9cision_subdelegation_Travail1 4\nArticle 3 : \nPour l'exercice des d\u00e9l\u00e9gations pr\u00e9vues aux articles 1 et 2 de la pr\u00e9sente d\u00e9cision, les agents d\u00e9sign\u00e9s\nferont pr\u00e9c\u00e9der leur signature de la mention :\nLa directrice r\u00e9gionale de l'\u00e9conomie, de l'emploi,\ndu travail et des solidarit\u00e9s,\npour la directrice et par d\u00e9l\u00e9gation,\nArticle 4 : \nLa d\u00e9cision du 23 d\u00e9cembre 2021 portant subd\u00e9l\u00e9gation de signature du Directeur d\u00e9partemental de\nl'emploi, du travail et des solidarit\u00e9s de la Sarthe en mati\u00e8re d'actions d'inspection de la l\u00e9gislation du\ntravail est abrog\u00e9e \u00e0 compter du 18 septembre 2023.\nArticle 5 : \nLa pr\u00e9sente d\u00e9cision prend effet \u00e0 compter du 18 septembre et fait l'objet d'une publication au recueil\ndes actes administratifs de la pr\u00e9fecture de la r\u00e9gion des Pays-de-la-Loire et \u00e0 celui de la pr\u00e9fecture du\nd\u00e9partement de la Sarthe.\nFait \u00e0 Le Mans, le 18 septembre 2023\nLe directeur d\u00e9partemental de l'emploi,\ndu travail et des solidarit\u00e9s de la Sarthe\nSIGNE\nJean-Michel LOUYER\nDDETS - 72-2023-09-18-00003 - D\u00e9cision_subdelegation_Travail1 5\nDDETS\n72-2023-09-18-00004\nDecision_subd\u00e9l\u00e9gation_Travail2\nDDETS - 72-2023-09-18-00004 - Decision_subd\u00e9l\u00e9gation_Travail2 6\nMINISTEREDU TRAVAIL,DE 'EMPLOIET DE L'INSERTIONLibert\u00e9Egalit\u00e9Fraternit\u00e9\nDirection d\u00e9partementale de l'emploi, du travail\n                                           et des solidarit\u00e9s de la Sarthe\nD\u00c9CISION DU 18 septembre 2023\nportant subd\u00e9l\u00e9gation de signature du Directeur d\u00e9partemental\nde l'emploi, du travail et des solidarit\u00e9s de la Sarthe\nen mati\u00e8re d'actions d'inspection de la l\u00e9gislation du travail\nVU  le code du travail, notamment les articles R.8122-2 et suivants,\nVU le d\u00e9cret n\u00b02020-1545 du 9 d\u00e9cembre 2020 relatif \u00e0 l'organisation et aux missions des directions\nr\u00e9gionales de l'\u00e9conomie, de l'emploi, du travail et des solidarit\u00e9s, des directions d\u00e9partementales\nde l'emploi, du travail et des solidarit\u00e9s et des directions d\u00e9partementales de l'emploi, du travail,\ndes solidarit\u00e9s et de la protection des populations ;\nVU  l'arr\u00eat\u00e9  de  la  Premi\u00e8re  ministre  et  du  ministre  de  l'int\u00e9rieur  et  des  outre-mer  en  date  du\n21  ao\u00fbt  2023  portant  nomination  dans  les  directions d\u00e9partementales  interminist\u00e9rielles  et\nnommant M. Jean-Michel LOUYER, directeur du travail, directeur d\u00e9partemental de l'emploi, du\ntravail et des solidarit\u00e9s de la Sarthe \u00e0 compter du 18 septembre 2023 ;\nVU  la d\u00e9cision n\u00b0 2023/DREETS/P\u00f4le T/DDETS 72/36 d u 31 ao\u00fbt 2023 portant d\u00e9l\u00e9gation de signature \u00e0\nM. Jean-Michel LOUYER en sa qualit\u00e9 de directeur d\u00e9partemental de l'emploi, du travail et des\nsolidarit\u00e9s des pouvoirs propres de la directrice r\u00e9gionale de l'\u00e9conomie, de l'emploi, du travail et\ndes solidarit\u00e9s des Pays de la Loire en mati\u00e8re d'actions d'inspection de la l\u00e9gislation du travail.\nD\u00c9CIDE\nArticle 1\nD\u00e9l\u00e9gation permanente de signature est donn\u00e9e \u00e0 M. Anthony LONGUET et \u00e0 M. Mathieu CHEUTIN,\ndirecteurs  adjoints  du  travail, \u00e0 l'effet  de  signer,  au nom du  directeur  r\u00e9gional  de l'\u00e9conomie,  de\nl'emploi  et  des  solidarit\u00e9s  des  Pays  de  la  Loire,  les  d\u00e9cisions  ci-dessous  mentionn\u00e9es  relevant  des\npouvoirs propres conf\u00e9r\u00e9s par la loi et les r\u00e8glements en vigueur au directeur r\u00e9gional de l'\u00e9conomie, de\nl'emploi, du travail et des solidarit\u00e9s en mati\u00e8re d'actions d'inspection de la l\u00e9gislation du travail :\n- Opposition au plan d'\u00e9galit\u00e9  entre les femmes  et les hommes  (articles L.1143-3 et\nD.1143-6 du code du travail).\n- Homologation des ruptures conventionnelles individuelles (articles L.1237-14 et R. \n1237-3 du code du travail).\n- Approbation des \u00e9tudes de s\u00e9curit\u00e9 risque pyrotechnique (article R.4462-30 du code du\ntravail).\nArticle 2 :\nEn  cas  d'absence  ou  d'emp\u00eachement  de  M.  Jean-Michel  LOUYER,  directeur  d\u00e9partemental  de\nl'emploi, du travail et des solidarit\u00e9s de la Sarthe, la d\u00e9l\u00e9gation de signature qui lui est conf\u00e9r\u00e9e\nau titre de l'article 1er de la d\u00e9cision au titre de la d\u00e9cision n\u00b0 2023/DREETS/P\u00f4le T/DDETS 72/36 du\n31 ao\u00fbt 2023 est indiff\u00e9remment donn\u00e9e \u00e0 :  \n M. Anthony LONGUET, directeur adjoint du travail\n M. Mathieu CHEUTIN, directeur adjoint du travail\nDDETS - 72-2023-09-18-00004 - Decision_subd\u00e9l\u00e9gation_Travail2 7\nArticle 3 :\nPour l'exercice des d\u00e9l\u00e9gations pr\u00e9vues aux articles 1 et 2 de la pr\u00e9sente d\u00e9cision, les agents d\u00e9sign\u00e9s\nferont pr\u00e9c\u00e9der leur signature de la mention :\nLa Directrice r\u00e9gionale de l'\u00e9conomie, de l'emploi,\ndu travail et des solidarit\u00e9s,\npour la directrice et par d\u00e9l\u00e9gation,\nArticle 4 :\nLa d\u00e9cision du 23 d\u00e9cembre 2021  portant subd\u00e9l\u00e9gation de signature du Directeur d\u00e9partemental de\nl'emploi, du travail et des solidarit\u00e9s de la Sarthe en mati\u00e8re d'actions d'inspection de la l\u00e9gislation du\ntravail est abrog\u00e9e \u00e0 compter du 18 septembre 2023.\nArticle 5 :\nLa pr\u00e9sente d\u00e9cision prend effet \u00e0 compter du 18 septembre et fait l'objet d'une publication au recueil\ndes actes administratifs de la pr\u00e9fecture de la r\u00e9gion des Pays-de-la-Loire et \u00e0 celui de la pr\u00e9fecture du\nd\u00e9partement de la Sarthe.\nFait \u00e0 Le Mans, le 18 septembre 2023\nLe directeur d\u00e9partemental de l'emploi,\ndu travail et des solidarit\u00e9s de la Sarthe\nSIGNE\nJean-Michel LOUYER\nDDETS - 72-2023-09-18-00004 - Decision_subd\u00e9l\u00e9gation_Travail2 8\nPr\u00e9fecture de la Sarthe\n72-2024-02-09-00001\n\u00c9LECTION MUNICIPALE PARTIELLE\nCOMPL\u00c9MENTAIRE \u00a0SUR LA COMMUNE DE\nMONC\u00c9-EN-SAOSNOIS\nSCRUTIN DU 7 AVRIL 2024 ET 14 AVRIL 2024 (EN\nCAS DE SECOND TOUR)\nCONVOCATION DES \u00c9LECTEURS \u25a1 D\u00c9P\u00d4T DES\nCANDIDATURES\nPr\u00e9fecture de la Sarthe - 72-2024-02-09-00001 - \u00c9LECTION MUNICIPALE PARTIELLE COMPL\u00c9MENTAIRE \u00a0SUR LA COMMUNE DE\nMONC\u00c9-EN-SAOSNOIS\nSCRUTIN DU 7 AVRIL 2024 ET 14 AVRIL 2024 (EN CAS DE SECOND TOUR)\nCONVOCATION DES \u00c9LECTEURS \u25a1 D\u00c9P\u00d4T DES CANDIDATURES\n9\nPREFETDE LA SARTHELibert\u00e9Egalit\u00e9Fraternit\u00e9\nMamers, le 9 f\u00e9vrier 2024 \n  \nARR\u00caT\u00c9 PR\u00c9FECTORAL \n \n\u00c9LECTION MUNICIPALE PARTIELLE COMPL\u00c9MENTAIRE  SUR LA COMMUNE DE MONC\u00c9-EN-SAOSNOIS\nSCRUTIN DU 7 AVRIL 2024 ET 14 AVRIL 2024 (EN CAS DE SECOND TOUR)\nCONVOCATION DES \u00c9LECTEURS \u2013 D\u00c9P\u00d4T DES CANDIDATURES\n  \nLE SOUS-PR\u00c9FET DE L'ARRONDISSEMENT DE MAMERS\nVU le code \u00e9lectoral ;\nVU le code g\u00e9n\u00e9ral des collectivit\u00e9s territoriales ;\nVU la loi n\u00b02013-403 du 17 mai 2013 modifi\u00e9e relative \u00e0 l'\u00e9lection des conseillers municipaux et communautaires,\net le  d\u00e9cret n\u00b0 2013-938 du 18 octobre 2013 en portant application ;\n VU le d\u00e9cret du  20 octobre 2021  nommant Monsieur Olivier COMPAIN sous-pr\u00e9fet de l'arrondissement de\nMamers ;\nVU la  circulaire  minist\u00e9rielle  n\u00b0INTA1625463J  du  19  septembre  2016  relative  \u00e0  l'organisation  des  \u00e9lections\npartielles ;\nVU la circulaire minist\u00e9rielle n\u00b0NOR/INTA200661 J du 16 janvier 2020 relative au d\u00e9roulement des op\u00e9rations\n\u00e9lectorales lors des \u00e9lections au suffrage universel direct ;\nVU la circulaire minist\u00e9rielle du 17 mars 2020 sur l'\u00e9lection des conseillers municipaux et communautaires et des\nex\u00e9cutifs et fonctionnement des organes d\u00e9lib\u00e9rants ; \nVU la  circulaire  minist\u00e9rielle  n\u00b0INTA2103378C  du  1 er f\u00e9vrier  2021  relative  \u00e0  l'organisation  des  \u00e9lections\nmunicipales partielles et des \u00e9lections des membres des commissions syndicales en application de la loi n\u00b02020-\n1670 du 24 d\u00e9cembre 2020 ; \nVU l'arr\u00eat\u00e9 DCPPAT n\u00b0 2022-0157 du 19 avril 2022 portant d\u00e9l\u00e9gation de signature \u00e0 Monsieur Olivier COMPAIN,\nsous-pr\u00e9fet de l'arrondissement de Mamers ;\nVU le d\u00e9c\u00e8s de Monsieur Eric GUILMIN, maire de Monc\u00e9-en-Saosnois, intervenu le 10 janvier 2024 ;\nVU la d\u00e9mission de Madame Audrey LAPORTE, conseill\u00e8re municipale, en date du 7 f\u00e9vrier 2024 ;\nConsid\u00e9rant qu'il y a lieu de proc\u00e9der \u00e0 une \u00e9lection municipale partielle compl\u00e9mentaire de deux conseillers\nmunicipaux en vue de compl\u00e9ter le conseil municipal de la commune de Monc\u00e9-en-Saosnois ;\nConsid\u00e9rant qu'il y a lieu, conform\u00e9ment aux dispositions de l'article L.247 du code \u00e9lectoral, de proc\u00e9der \u00e0 la\nconvocation des \u00e9lecteurs six semaines au moins avant le scrutin ;\n \nA R R \u00ca T E\n \nArticle 1  :  Les \u00e9lecteurs de la commune de Monc\u00e9-en-Saosnois sont convoqu\u00e9s  le dimanche 7 avril 2024  de\n8h00 \u00e0 18h00 au lieu de vote habituel, pour proc\u00e9der \u00e0 l'\u00e9lection partielle compl\u00e9mentaire de deux conseillers\nmunicipaux manquants. En cas de ballotage, le second tour de scrutin se tiendra le dimanche 14 avril 2024 , de\n8h00 \u00e0 18h00, dans les m\u00eames conditions.\nLe r\u00e9gime \u00e9lectoral applicable \u00e9tant celui des communes de moins de 1000 habitants, l'\u00e9lection se fera au\nscrutin plurinominal majoritaire \u00e0 deux tours, tel qu'il est d\u00e9fini dans le chapitre II du code \u00e9lectoral.\nPlace Aristide Briand \n72041 LE MANS C\u00e9dex 9\nPr\u00e9fecture : 02 43 39 70 00 - Standard : 02 43 39 72 72\nM\u00e9l : pref-mail@sarthe.gouv.fr 1 / 3\nDirection de la Citoyennet\u00e9 et de la L\u00e9galit\u00e9\nBureau de la R\u00e9glementation G\u00e9n\u00e9rale et des Elections \nPr\u00e9fecture de la Sarthe - 72-2024-02-09-00001 - \u00c9LECTION MUNICIPALE PARTIELLE COMPL\u00c9MENTAIRE \u00a0SUR LA COMMUNE DE\nMONC\u00c9-EN-SAOSNOIS\nSCRUTIN DU 7 AVRIL 2024 ET 14 AVRIL 2024 (EN CAS DE SECOND TOUR)\nCONVOCATION DES \u00c9LECTEURS \u25a1 D\u00c9P\u00d4T DES CANDIDATURES\n10\nArticle 2 : Pourront prendre part au vote :\n. les \u00e9lecteurs de nationalit\u00e9 fran\u00e7aise inscrits sur la liste \u00e9lectorale, conform\u00e9ment aux dispositions des\narticles L. 30 \u00e0 L. 40 et R. 18  du code \u00e9lectoral,\n. les \u00e9lecteurs ressortissants d'un pays de l'Union Europ\u00e9enne, autre que la France, inscrits sur la liste\n\u00e9lectorale compl\u00e9mentaire en vue des \u00e9lections municipales, conform\u00e9ment aux dispositions des\narticles L. 30 et L. .40 et R. 18 du code \u00e9lectoral.\nArticle 3 : Une d\u00e9claration de candidature est obligatoire pour le premier tour de scrutin. Les candidats non\n\u00e9lus au premier tour sont  automatiquement candidats pour le second, sans qu'il soit n\u00e9cessaire de d\u00e9poser\n\u00e0 nouveau une candidature. \n \nLes candidats qui ne se seraient pas pr\u00e9sent\u00e9s au premier tour ne peuvent d\u00e9poser une d\u00e9claration de\ncandidature pour le second tour que dans le cas o\u00f9 le nombre de candidats pr\u00e9sents au premier tour est\ninf\u00e9rieur au nombre de si\u00e8ges de conseillers municipaux \u00e0 pourvoir.\n \nLes candidats peuvent se pr\u00e9senter soit de fa\u00e7on isol\u00e9e, soit de fa\u00e7on group\u00e9e.\nArticle 4     : Les candidatures sont recevables \u00e0 la sous-pr\u00e9fecture de Mamers et \u00e0 la Pr\u00e9fecture de la Sarthe.\nLe d\u00e9p\u00f4t des candidatures devra \u00eatre effectu\u00e9 sur rendez-vous, aux num\u00e9ros de t\u00e9l\u00e9phone suivants : \n-  Sous-pr\u00e9fecture de Mamers : 02.85.32.74.31 \n-   Pr\u00e9fecture de la Sarthe : 02.85.32.71.15 / 02.85.32.71.12\nLe calendrier et les horaires de rendez-vous sont les suivants :\nPremier tour de scrutin     :   \n- Le mercredi 20 mars 2024 de 9h00 \u00e0 12h00 et de 13h30 \u00e0 16h00 ;\n- Le jeudi 21 mars 2024 de 9h00 \u00e0 12h00 et de 13h30 \u00e0 18h00 pr\u00e9cises.\n \nSecond tour de scrutin (si n\u00e9cessaire)     :   \nLe lundi 8 avril 2024 de 9h00 \u00e0 12h00 et de 13h30 \u00e0 16h00 ;\nLe mardi 9 avril 2024 de 9h00 \u00e0 12h00 et de 13h30 \u00e0 18h00 pr\u00e9cises.\n \nChaque  candidat  doit  d\u00e9poser  une  d\u00e9claration  individuelle  de  candidature  (Cerfa  n\u00b014996*3),\naccompagn\u00e9e des documents justifiant de son \u00e9ligibilit\u00e9 conform\u00e9ment aux dispositions des articles R.127-\n2 et R.128 du code \u00e9lectoral.\n \nLe Cerfa pr\u00e9cit\u00e9 ainsi que toutes informations utiles sont consultables et t\u00e9l\u00e9chargeables sur le site internet\nde la pr\u00e9fecture de la Sarthe  www.sarthe.gouv.fr /Actions de l'Etat/Citoyennet\u00e9 et \u00e9lections/Elections\npolitiques/\u00c9lections  municipales  partielles  2023-2026/D\u00e9claration  de  candidature/Communes  de\nmoins de 1000 habitants.\n \nLes candidatures par voie postale, t\u00e9l\u00e9copie ou messagerie \u00e9lectronique ne sont pas recevables.  \n \nArticle 5     :    La campagne \u00e9lectorale pour le premier tour  est  ouverte  du lundi 25 mars  2024 \u00e0 0H  au  samedi\n6 avril 2024 \u00e0 0H.\nEn cas de second tour, la  campagne \u00e9lectorale est ouverte du lundi 8 avril 2024 \u00e0 0H au samedi 13 avril 2024\n\u00e0 0H.\nArticle 6 : Les demandes d'emplacement r\u00e9serv\u00e9s \u00e0 l'affichage \u00e9lectoral sont d\u00e9pos\u00e9es en mairie au plus\ntard le mercredi pr\u00e9c\u00e9dant chaque tour de scrutin \u00e0 midi et les emplacements sont attribu\u00e9s dans l'ordre\nd'arriv\u00e9e des demandes \u00e0 la mairie.\nArticle 7 : La date limite de notification \u00e0 la mairie par les candidats de la liste des assesseurs et d\u00e9l\u00e9gu\u00e9s est\nfix\u00e9e au jeudi  4 avril 2024 \u00e0 18h00 pour le premier tour, et le jeudi 11 avril 2024 \u00e0 18h00 pour le second tour.\nPlace Aristide Briand \n72041 LE MANS C\u00e9dex 9\nPr\u00e9fecture : 02 43 39 70 00 - Standard : 02 43 39 72 72\nM\u00e9l : pref-mail@sarthe.gouv.fr 2 / 3\nPr\u00e9fecture de la Sarthe - 72-2024-02-09-00001 - \u00c9LECTION MUNICIPALE PARTIELLE COMPL\u00c9MENTAIRE \u00a0SUR LA COMMUNE DE\nMONC\u00c9-EN-SAOSNOIS\nSCRUTIN DU 7 AVRIL 2024 ET 14 AVRIL 2024 (EN CAS DE SECOND TOUR)\nCONVOCATION DES \u00c9LECTEURS \u25a1 D\u00c9P\u00d4T DES CANDIDATURES\n11\nArticle 8 : Les voix issues du scrutin sont d\u00e9compt\u00e9es individuellement par candidat et non par groupement\nde candidats.\nConform\u00e9ment aux dispositions des articles L.252 et L.253 du code \u00e9lectoral, les conseillers municipaux des\ncommunes de moins de mille habitants sont \u00e9lus au scrutin majoritaire \u00e0 deux tours.\n \nNul n'est \u00e9lu au premier tour de scrutin s'il n'a obtenu concomitamment :\n     1. La majorit\u00e9 absolue des suffrages exprim\u00e9s ;\n     2.Un nombre de suffrages \u00e9gal au quart de celui des \u00e9lecteurs inscrits.\n \nLors du second tour de scrutin, l'\u00e9lection a lieu \u00e0 la majorit\u00e9 relative, quel que soit le nombre de votants. Si\nplusieurs candidats obtiennent le m\u00eame nombre de voix, l'\u00e9lection est acquise au plus \u00e2g\u00e9.\n \nArticle 9 : Le d\u00e9pouillement des votes s'effectuera d\u00e8s la cl\u00f4ture du scrutin. D\u00e8s l'\u00e9tablissement du proc\u00e8s-\nverbal, le r\u00e9sultat sera proclam\u00e9 en public par le pr\u00e9sident du bureau de vote.\nLe proc\u00e8s-verbal des op\u00e9rations de vote sera \u00e9tabli en deux exemplaires, sign\u00e9s de tous les membres du\nbureau.\nUn exemplaire de chaque proc\u00e8s-verbal, avec les pi\u00e8ces annexes, sera adress\u00e9 au bureau des \u00e9lections de la\npr\u00e9fecture le lundi suivant chaque tour de scrutin.\n \nArticle 10 :  Conform\u00e9ment aux dispositions des articles L.248 et R.119 du code \u00e9lectoral, toute personne\nayant la qualit\u00e9 d'\u00e9lecteur et toute personne \u00e9ligible a le droit d'arguer de nullit\u00e9 les op\u00e9rations \u00e9lectorales\nde la commune.\nLes r\u00e9clamations doivent \u00eatre consign\u00e9es au proc\u00e8s-verbal, ou \u00eatre d\u00e9pos\u00e9es, sous peine de nullit\u00e9, dans les\ncinq  jours  qui  suivent  le  jour  de  l'\u00e9lection  \u00e0  la  sous-pr\u00e9fecture  ou  \u00e0  la  pr\u00e9fecture.  Elles  seront\nimm\u00e9diatement transmises au greffe du tribunal administratif de Nantes. Elles peuvent \u00eatre \u00e9galement\nd\u00e9pos\u00e9es directement \u00e0 ce m\u00eame greffe.\nArticle 11 : Le pr\u00e9sent arr\u00eat\u00e9 peut faire l'objet, dans un d\u00e9lai de deux mois \u00e0 compter de sa publication, d'un\nrecours contentieux devant le Tribunal Administratif de Nantes (6, all\u00e9e de l'Ile Gloriette \u2013 BP24111 \u2013 44041\nNANTES  C\u00e9dex  01).  La  juridiction  administrative  comp\u00e9tente  peut  aussi  \u00eatre  saisie  via  l'application\n\u00ab T\u00e9l\u00e9recours citoyens \u00bb accessible \u00e0 partir du site www.telerecours.fr\n \nArticle  12 : Monsieur  le  Sous-Pr\u00e9fet  de  l'arrondissement  de  Mamers  et   Monsieur  le  1er adjoint  de  la\ncommune de Monc\u00e9-en-Saosnois sont charg\u00e9s, chacun en ce qui le concerne, de l'ex\u00e9cution du pr\u00e9sent\narr\u00eat\u00e9 qui devra \u00eatre affich\u00e9 au lieu habituel six semaines au moins avant la date du premier tour de scrutin\net publi\u00e9 au recueil des actes administratifs de la pr\u00e9fecture de la Sarthe.\n \n   \nLe Sous-Pr\u00e9fet,\nsign\u00e9 Olivier COMPAIN\nPlace Aristide Briand \n72041 LE MANS C\u00e9dex 9\nPr\u00e9fecture : 02 43 39 70 00 - Standard : 02 43 39 72 72\nM\u00e9l : pref-mail@sarthe.gouv.fr 3 / 3\nPr\u00e9fecture de la Sarthe - 72-2024-02-09-00001 - \u00c9LECTION MUNICIPALE PARTIELLE COMPL\u00c9MENTAIRE \u00a0SUR LA COMMUNE DE\nMONC\u00c9-EN-SAOSNOIS\nSCRUTIN DU 7 AVRIL 2024 ET 14 AVRIL 2024 (EN CAS DE SECOND TOUR)\nCONVOCATION DES \u00c9LECTEURS \u25a1 D\u00c9P\u00d4T DES CANDIDATURES\n12","date":"2024-02-12","first_seen_on":"2025-08-30T22:28:51+00:00","id":"d65f626a85b62caed98b065b1414ef4825bfc8f271bd6e2422001ed0d2ba3fa8","name":"RAA n\u00b020 du 12 f\u00e9vrier 2024","pdf_creation_date":"2024-02-12T15:10:57+00:00","pdf_modification_date":null,"timezone":"Europe/Paris","url":"https://www.sarthe.gouv.fr/contenu/telechargement/19362/124230/file/recueil-001-du-12-02-2024-recueil-des-actes-administratifs.pdf"}
