{"administration":"pref21","administration_name":"Pr\u00e9fecture de C\u00f4te-d\u2019Or","content":"PR\u00c9FET\nDE LA C\u00d4TE-D'OR\nRECUEIL DES ACTES\nADMINISTRATIFS SP\u00c9CIAL\nN\u00b021-2024-168\nPUBLI\u00c9 LE  2 D\u00c9CEMBRE 2024\nSommaire\nARS Bourgogne-Franche-Comt\u00e9 / Direction de l'organisation des soins\n21-2024-11-28-00003 - D\u00e9cision n\u00b0 ARS-BFC-DOSA-2024-2513 \nportant\nautorisation de la pharmacie \u00e0 usage int\u00e9rieur de l'\u00e9tablissement\nde soins de suite et de r\u00e9adaptation (ESSR) \u00ab Jouvence nutrition \u00bb,\nexploit\u00e9 par la soci\u00e9t\u00e9 par actions simplifi\u00e9e (SAS) \"INICEA\nJouvence nutrition\", sise 18 rue des Alisiers \u00e0 MESSIGNY-ET-VANTOUX (21\n380) (3 pages) Page 4\nDirection d\u00e9partementale de l'emploi, du travail et des solidarit\u00e9s de\nC\u00f4te-d'Or /\n21-2024-11-25-00001 - R\u00e9c\u00e9piss\u00e9 d\u00e9claration SAP n\u00b0 829037993\nKEVIN COGNARD COACH SPORTIF (2 pages) Page 8\n21-2024-11-22-00008 - R\u00e9c\u00e9piss\u00e9 d\u00e9claration SAP n\u00b0 932850779\nCaroline GUERRA (2 pages) Page 11\n21-2024-12-02-00002 - R\u00e9c\u00e9piss\u00e9 d\u00e9claration SAP n\u00b0 935031757\nOMEGABEUILLARD S\u00e9verine BEUILLARD (2 pages) Page 14\n21-2024-12-02-00001 - R\u00e9c\u00e9piss\u00e9 d\u00e9claration SAP n\u00b0 979571619\nInnov'CG Cyrielle GAFFARD (2 pages) Page 17\n21-2024-11-22-00007 - R\u00e9c\u00e9piss\u00e9 d\u00e9claration SAP n\u00b0849618871\nIsabelle BON-SCHAB (2 pages) Page 20\nPr\u00e9fecture de la C\u00f4te-d'Or / Direction de la coordination, des politiques\npubliques et de l'appui territorial\n21-2024-11-29-00006 - Arr\u00eat\u00e9 pr\u00e9fectoral n\u00b0 1824 / SG du 29\nnovembre 2024\ndonnant d\u00e9l\u00e9gation de signature \u00e0 Monsieur Denis\nBRUEL,\nsecr\u00e9taire g\u00e9n\u00e9ral  de la pr\u00e9fecture de la C\u00f4te-d'Or (3\npages) Page 23\n21-2024-11-29-00007 - Arr\u00eat\u00e9 pr\u00e9fectoral n\u00b0 1827 / SG du 29\nnovembre 2024\ndonnant d\u00e9l\u00e9gation de signature \u00e0 Monsieur\nS\u00e9bastien LANOYE,\nsous-pr\u00e9fet de Montbard (7 pages) Page 27\nPr\u00e9fecture de la C\u00f4te-d'Or / P\u00f4le juridique inter-services\n21-2024-11-29-00004 - \nArr\u00eat\u00e9 pr\u00e9fectoral n\u00b0 1825 / SG du 29\nnovembre 2024 \ndonnant d\u00e9l\u00e9gation de signature \u00e0 Monsieur Olivier\nGERSTL\u00c9, sous-pr\u00e9fet,\ndirecteur de cabinet du pr\u00e9fet de la r\u00e9gion\nBourgogne-Franche-Comt\u00e9,\npr\u00e9fet de la C\u00f4te-d'Or (3 pages) Page 35\n21-2024-11-29-00009 - Arr\u00eat\u00e9 pr\u00e9fectoral n\u00b0  1830 / SG du 29\nnovembre 2024               \ndonnant d\u00e9l\u00e9gation de signature pour\nl'utilisation \nd'une carte d'achat nominative (4 pages) Page 39\n21-2024-11-29-00005 - Arr\u00eat\u00e9 pr\u00e9fectoral n\u00b0 1826 / SG du 29\nnovembre 2024\ndonnant d\u00e9l\u00e9gation de signature \u00e0 Monsieur\nBeno\u00eet BYRSKI,\nsous-pr\u00e9fet de Beaune (7 pages) Page 44\n2\n21-2024-11-29-00008 - Arr\u00eat\u00e9 pr\u00e9fectoral n\u00b0 1828 / SG du 29\nnovembre 2024\ndonnant d\u00e9l\u00e9gation de signature \u00e0 l'occasion\ndes permanences de week-ends, de jours f\u00e9ri\u00e9s ou de jours ch\u00f4m\u00e9s\n(2 pages) Page 52\n21-2024-11-29-00010 - Arr\u00eat\u00e9 pr\u00e9fectoral N\u00b0 1829 / SG du 29\nnovembre 2024 donnant  d\u00e9l\u00e9gation de signature en mati\u00e8re de\ngestion des budgets op\u00e9rationnels\n104-111-112-113-119-122-124-129-135-137-147-148-161-163-172-181-206-207-209-215-216-217-218-219-232-303-348-349-354-357-362-363-364-380-723-754-780-833\ndes fonds europ\u00e9ens et des recettes non fiscales (34 pages) Page 55\n3\nARS Bourgogne-Franche-Comt\u00e9\nDirection de l'organisation des soins\n21-2024-11-28-00003\nD\u00e9cision n\u00b0 ARS-BFC-DOSA-2024-2513 \nportant autorisation de la pharmacie \u00e0 usage\nint\u00e9rieur de l'\u00e9tablissement de soins de suite et\nde r\u00e9adaptation (ESSR) \u00ab Jouvence nutrition \u00bb,\nexploit\u00e9 par la soci\u00e9t\u00e9 par actions simplifi\u00e9e\n(SAS) \"INICEA Jouvence nutrition\", sise 18 rue des\nAlisiers \u00e0 MESSIGNY-ET-VANTOUX (21 380)\nARS Bourgogne-Franche-Comt\u00e9 - 21-2024-11-28-00003 - D\u00e9cision n\u00b0 ARS-BFC-DOSA-2024-2513 \nportant autorisation de la pharmacie \u00e0 usage int\u00e9rieur de l'\u00e9tablissement de soins de suite et de r\u00e9adaptation (ESSR) \u00ab Jouvence\nnutrition \u00bb, exploit\u00e9 par la soci\u00e9t\u00e9 par actions simplifi\u00e9e (SAS) \"INICEA Jouvence nutrition\", sise 18 rue des Alisiers \u00e0\nMESSIGNY-ET-VANTOUX (21 380)\n4\n\u0152xNREPUBLIQUEFRAN\u00c7AISELibert\u00e9Egalit\u00e9Fraternit\u00e9\nAr@ D Agence R\u00e9gionale de Sant\u00e9Bourgogne-Franche-Comt\u00e9\n \nARS Bourgogne-Franche-Comt\u00e9 \nLe Diapason, 2 Place des Savoirs, CS 73535, 21035 Dijon cedex \nT\u00e9l. : 0808 807 107 - Site : www.ars.bourgogne-franche-comte.sante.fr \nD\u00e9cision n\u00b0 ARS-BFC-DOSA-2024-2513  \nportant autorisation de la pharmacie \u00e0 usage int\u00e9rieur de l'\u00e9tablissement de soins de suite et de \nr\u00e9adaptation (ESSR) \u00ab Jouvence nutrition \u00bb, exploit\u00e9 par la soci\u00e9t\u00e9 par actions simplifi\u00e9e (SAS) \"INICEA \nJouvence nutrition\", sise 18 rue des Alisiers \u00e0 MESSIGNY-ET-VANTOUX (21 380) \nLe directeur g\u00e9n\u00e9ral de l'agence  \nr\u00e9gionale de sant\u00e9 de Bourgogne-Franche-Comt\u00e9 \n \nVU le code de la sant\u00e9 publique, notamment le chapitre VI du titre II du livre 1er de sa cinqui\u00e8me partie ; \n \nVU le d\u00e9cret n\u00b0 2019 -489 du 21 mai 2019 relatif aux pharmacies \u00e0 usage int\u00e9rieur et notamment le II de son \narticle 4 modifi\u00e9 par le d\u00e9cret n\u00b0 2022-18 du 7 janvier 2022 ; \n \nVU l'arr\u00eat\u00e9 minist\u00e9riel du 22 juin 2001 relatif aux bonnes pratiques de pharmacie hospitali\u00e8re  ; \n \nVU la d\u00e9cision de la directrice g\u00e9n\u00e9rale de l'agence nationale de s\u00e9curit\u00e9 du m\u00e9dicament et des produits de sant\u00e9 \ndu 21 juillet 2023 relative aux bonnes pratiques de pr\u00e9paration ;   \n \nVU la note d'information DGOS/PF2/2019/205 du 19 septembre 2019 relative \u00e0 la mise en \u0153uvre des dispositions \ntransitoires pr\u00e9vues \u00e0 l'article 4 du d\u00e9cret n\u00b02019-489 du 21 mai 2019 relatif aux pharmacies \u00e0 usage int\u00e9rieur ; \n \nVU la d\u00e9cision ARS BFC/SG/2024-067 portant d\u00e9l\u00e9gation de signature du directeur g\u00e9n\u00e9ral de l'agence r\u00e9gionale \nde sant\u00e9 de Bourgogne-Franche-Comt\u00e9 en date du 12 novembre 2024 ; \n \nVU la demande d\u00e9pos\u00e9e le 08 ao\u00fbt 2024 via la plate-forme demarches-simplifiee.fr, par Monsieur Philippe SAINT-\nSUPERY, directeur de l'\u00e9tablissement de soins de suite et de r\u00e9adaptation (ESSR) \u00ab Jouvence nutrition \u00bb, sis 18 \nrue des Alisiers \u00e0 MESSIGNY-ET-VANTOUX (21 380), visant \u00e0 obtenir du directeur g\u00e9n\u00e9ral de l'agence r\u00e9gionale \nde sant\u00e9 de Bourgogne-Franche-Comt\u00e9 une modification substantielle de l'autorisation  de la pharmacie \u00e0 usage \nint\u00e9rieur de l'\u00e9tablissement, conform\u00e9ment aux dispositions en vigueur du II de l'article R. 5126 -32 du code de la \nsant\u00e9 publique, en vue d'\u00eatre autoris\u00e9 \u00e0 exercer l'activit\u00e9 de pr\u00e9paration des doses \u00e0 administrer de m\u00e9dicaments \nmentionn\u00e9es \u00e0 l'article L. 4211-1 du code de la sant\u00e9 publique ;  \n \nVU le dossier accompagnant la demande pr\u00e9cit\u00e9e, d\u00e9clar\u00e9 complet le 14 ao\u00fbt 2024 ; \n \nVU l'avis en date du 21 novembre 2024 du conseil central de la Section H de l'Ordre national des pharmaciens ; \n \nVU le rapport d'instruction r\u00e9alis\u00e9e par le pharmacien inspecteur de sant\u00e9 publique apr\u00e8s visite sur site le vendredi \n13 septembre 2024 ; \n \nVU la r\u00e9ponse du pharmacien charg\u00e9 de la g\u00e9rance de la pharmacie \u00e0 usage int\u00e9rieur de l'\u00e9tablissement de soins \nde suite et de r\u00e9adaptation (ESSR) \u00ab Jouvence nutrition \u00bb au rapport d'instruction susvis\u00e9, transmis au pharmacien \ninspecteur de sant\u00e9 publique de l'agence r\u00e9gionale de sant\u00e9 de Bourg ogne-Franche-Comt\u00e9 par courrier  \n\u00e9lectronique du 09 octobre 2024 ; \n \nConsid\u00e9rant que conform\u00e9ment aux dispositions de l'article R. 5126-8 du code de la sant\u00e9 publique, la pharmacie \n\u00e0 usage int\u00e9rieur de l'\u00e9tablissement de soins de suite et de r\u00e9adaptation (ESSR) \u00ab Jouvence nutrition \u00bb  dispose \nde locaux, de moyens en personnel, de moyens en \u00e9quipement et d'un syst\u00e8me d'information lui permettant \nd'assurer les missions vis\u00e9es au I de l'article L. 5126-1, au 1\u00b0 de l'article L. 5126-5, aux 1\u00b0 et 2\u00b0 de l'article L.5126-\n6 et d'assurer les activit\u00e9s pr\u00e9vues aux 1\u00b0 et 10\u00b0 du I de l'article R. 5126-9 du m\u00eame code. \n \nDECIDE  \n \nArticle 1er  : La pharmacie \u00e0 usage int\u00e9rieur  de l'\u00e9tablissement de soins de suite et de r\u00e9adaptation (ESSR)  \n\u00ab Jouvence nutrition \u00bb, sis 18 rue des Alisiers \u00e0 MESSIGNY -ET-VANTOUX (21 380), est autoris\u00e9e \u00e0 assurer les \nmissions suivantes en application du I de l'article L. 5126-1 du code de la sant\u00e9 publique : \n \n- La gestion, l'approvisionnement, la v\u00e9rification des dispositifs de s\u00e9curit\u00e9, la pr\u00e9paration, le contr\u00f4le, la \nd\u00e9tention, l'\u00e9valuation et la dispensation des m\u00e9dicaments, produits ou objets mentionn\u00e9s \u00e0 l'article L. \n4211-1, des dispositifs mentionn\u00e9s \u00e0 l'article premier du r\u00e8glement (UE) 2017/745 du Parlement europ\u00e9en \net du Conseil du 5 avril 2017 st\u00e9riles et des m\u00e9dicaments exp\u00e9rimentaux ou auxiliaires d\u00e9finis \u00e0 l'article \nL. 5121-1-1, et d'en assurer la qualit\u00e9 ; \nARS Bourgogne-Franche-Comt\u00e9 - 21-2024-11-28-00003 - D\u00e9cision n\u00b0 ARS-BFC-DOSA-2024-2513 \nportant autorisation de la pharmacie \u00e0 usage int\u00e9rieur de l'\u00e9tablissement de soins de suite et de r\u00e9adaptation (ESSR) \u00ab Jouvence\nnutrition \u00bb, exploit\u00e9 par la soci\u00e9t\u00e9 par actions simplifi\u00e9e (SAS) \"INICEA Jouvence nutrition\", sise 18 rue des Alisiers \u00e0\nMESSIGNY-ET-VANTOUX (21 380)\n5\n \nARS Bourgogne-Franche-Comt\u00e9 \nLe Diapason, 2 Place des Savoirs, CS 73535, 21035 Dijon cedex \nT\u00e9l. : 0808 807 107 - Site : www.ars.bourgogne-franche-comte.sante.fr \n \n \n- Mener toute action de pharmacie clinique, \u00e0 savoir de contribuer \u00e0 la s\u00e9curisation, \u00e0 la pertinence et \u00e0 \nl'efficience du recours aux produits de sant\u00e9 mentionn\u00e9s au 1\u00b0 et de concourir \u00e0 la qualit\u00e9 des soins, en \ncollaboration avec les autres membres de l'\u00e9q uipe de soins mentionn\u00e9e \u00e0 l'article L. 1110 -12, et en y \nassociant le patient ; \n \n- Entreprendre toute action d'information aux patients et aux professionnels de sant\u00e9 sur les produits de \nsant\u00e9 mentionn\u00e9s au 1\u00b0, ainsi que toute action de promotion et d'\u00e9valuation de leur bon usage, et de \nconcourir \u00e0 la pharmacovigilance, \u00e0 la mat\u00e9riovigilance, et \u00e0 la politique du m\u00e9dicament et des dispositifs \nmentionn\u00e9s \u00e0 l'article premier du r\u00e8glement (UE) 2017/745 du Parlement europ\u00e9en et du Conseil du 5 \navril 2017 st\u00e9riles mentionn\u00e9e \u00e0 l'article L. 6111-2 ; \n \n- Pour des pathologies dont la liste est fix\u00e9e par arr\u00eat\u00e9, de renouveler les prescriptions des patients pris en \ncharge par l'\u00e9tablissement et de les adapter, dans le respect d'un protocole mentionn\u00e9 \u00e0 l'article L. 4011 -\n4. \n \nArticle 2  : La pharmacie \u00e0 usage int\u00e9rieur du l'\u00e9tablissement de soins de suite et de r\u00e9adaptation (ESSR)  \n\u00ab Jouvence nutrition \u00bb, sis 18 rue des Alisiers \u00e0 MESSIGNY -ET-VANTOUX (21 380), est autor is\u00e9e \u00e0 assurer \nl'activit\u00e9 pr\u00e9vue au 1\u00b0 de l'article R. 5126 -9 du code de la sant\u00e9 publique \u00e0 savoir, la pr\u00e9paration de doses \u00e0 \nadministrer de m\u00e9dicaments mentionn\u00e9s \u00e0 l'article L. 4211 -1 du code de la sant\u00e9 publique ( notamment le \nreconditionnement et le surconditionnement). \n \nArticle 3  : La pharmacie \u00e0 usage int\u00e9rieur d e l'\u00e9tablissement de soins de suite et de r\u00e9adaptation (ESSR)  \n\u00ab Jouvence nutrition \u00bb est autoris\u00e9e \u00e0 assurer les actions de pharmacie clinique pr\u00e9vues par l'article R. 5126 -10 \ndu code de la sant\u00e9 publique. \n \nArticle 4 : La pharmacie \u00e0 usage int\u00e9rieur d e l'\u00e9tablissement de soins de suite et de r\u00e9adaptation (ESSR)  \n\u00ab Jouvence nutrition \u00bb  est situ\u00e9e au niveau 2 du b\u00e2timent , elle dessert l'ensemble des lits et places de \nl'\u00e9tablissement. \n \nArticle 5 : L a d \u00e9cision du directeur g\u00e9n\u00e9ral de l'agence r\u00e9gionale de sant\u00e9 de Bourgogne -Franche-Comt\u00e9 n\u00b0 \nDOS/ASPU/167/2016, en date du 27 octobre 2016, portant cr\u00e9ation de la pharmacie \u00e0 usage int\u00e9rieur de la soci\u00e9t\u00e9 \n\u00e0 responsabilit\u00e9 limit\u00e9e (SARL) \"Jouvence nutrition\" sise 18 rue des Alisiers \u00e0 MESSIGNY -ET-VANTOUX (21 \n380), est abrog\u00e9e. \n \nArticle 6 : La d\u00e9cision du directeur g\u00e9n\u00e9ral de l'agence r\u00e9gionale de sant\u00e9 de Bourgogne -Franche-Comt\u00e9 n\u00b0 \nDOS/ASPU/194/2018, en date du 08 novembre 2018,  portant modification de la pharmacie \u00e0 usage int\u00e9rieur de \nl'\u00e9tablissement de soins de suite et de r\u00e9adaptation (ESSR) \u00ab Jouvence nutrition \u00bb, exploit\u00e9 par la soci\u00e9t\u00e9 par \nactions simplifi\u00e9e (SAS) \"INICEA Jouvence nutrition\", sise 18 rue des Alisiers \u00e0 MESS IGNY-ET-VANTOUX (21 \n380), est abrog\u00e9e. \nArticle 7 : Le temps de pr\u00e9sence du pharmacien charg\u00e9 de la g\u00e9rance de la pharmacie \u00e0 usage int\u00e9rieur de \nl'\u00e9tablissement de soins de suite et de r\u00e9adaptation (ESSR) \u00ab Jouvence nutrition \u00bb  est de cinq demi-journ\u00e9es par \nsemaine. \nArticle 8 : A l'exception des modifications substantielles mentionn\u00e9es au II de l'article R. 5126 -32 du code de la \nsant\u00e9 publique, qui font l'objet d'une nouvelle autorisation, la modification des \u00e9l\u00e9ments figurant dans l'autorisation \nfait l'objet d'une d\u00e9claration pr\u00e9alable dans les conditions pr\u00e9vues au I de l'article R. 5126-32 du m\u00eame code. \n \nArticle 9 : La pr\u00e9sente d\u00e9cision peut faire l'objet d'un recours gracieux aupr\u00e8s du directeur g\u00e9n\u00e9ral de l'agence \nr\u00e9gionale de sant\u00e9 de Bourgogne -Franche-Comt\u00e9, d'un recours hi\u00e9rarchique aupr\u00e8s du ministre  en charge de la \nSant\u00e9 ou d'un recours contentieux aupr\u00e8s du tribunal administratif comp\u00e9tent d ans un d\u00e9lai de deux mois \u00e0 \ncompter de sa notification au demandeur. A l'\u00e9gard des tiers, ce d\u00e9lai court \u00e0 compter de la publication aux recueils \ndes actes administratifs de la pr\u00e9fecture de la r\u00e9gion Bourgogne -Franche-Comt\u00e9 et de la pr\u00e9fecture du \nd\u00e9partement d e la C\u00f4te d'Or . Le tribunal administratif peut \u00eatre saisi par l'application T\u00e9l\u00e9recours citoyens \naccessible par le site www.telerecours.fr. \n         \nARS Bourgogne-Franche-Comt\u00e9 - 21-2024-11-28-00003 - D\u00e9cision n\u00b0 ARS-BFC-DOSA-2024-2513 \nportant autorisation de la pharmacie \u00e0 usage int\u00e9rieur de l'\u00e9tablissement de soins de suite et de r\u00e9adaptation (ESSR) \u00ab Jouvence\nnutrition \u00bb, exploit\u00e9 par la soci\u00e9t\u00e9 par actions simplifi\u00e9e (SAS) \"INICEA Jouvence nutrition\", sise 18 rue des Alisiers \u00e0\nMESSIGNY-ET-VANTOUX (21 380)\n6\n \nARS Bourgogne-Franche-Comt\u00e9 \nLe Diapason, 2 Place des Savoirs, CS 73535, 21035 Dijon cedex \nT\u00e9l. : 0808 807 107 - Site : www.ars.bourgogne-franche-comte.sante.fr \n \nArticle 10 : La directrice de l'organisation des soins et de l'autonomie de l'ARS de Bourgogne-Franche-Comt\u00e9 est \ncharg\u00e9e de l'ex\u00e9cution de la pr\u00e9sente d\u00e9cision qui sera publi\u00e9e au recueil des actes administratifs de la pr\u00e9fecture \nde la r\u00e9gion Bourgogne-Franche-Comt\u00e9 et au recueil des actes administratifs de la pr\u00e9fecture du d\u00e9partement de \nla C\u00f4te d'Or . Elle sera notifi\u00e9e au directeur de l'\u00e9tablissement de soins de suite et de r\u00e9adaptation (ESSR)  \n\u00ab Jouvence nutrition \u00bb, et une copie sera adress\u00e9e : \n \n- au pr\u00e9sident du conseil central de la Section H de l'Ordre des pharmaciens ;  \n- aux caisses d'assurance-maladie du r\u00e9gime g\u00e9n\u00e9ral et de la mutualit\u00e9 sociale agricole. \n \n   Fait \u00e0 DIJON, le 28 novembre 2024 \n \nPour le directeur g\u00e9n\u00e9ral, \nLa directrice de l'Organisation des soins et de l'autonomie, \n \n \n \n \n \n \n \n \nAnne-Laure MOSER-MOULAA \nARS Bourgogne-Franche-Comt\u00e9 - 21-2024-11-28-00003 - D\u00e9cision n\u00b0 ARS-BFC-DOSA-2024-2513 \nportant autorisation de la pharmacie \u00e0 usage int\u00e9rieur de l'\u00e9tablissement de soins de suite et de r\u00e9adaptation (ESSR) \u00ab Jouvence\nnutrition \u00bb, exploit\u00e9 par la soci\u00e9t\u00e9 par actions simplifi\u00e9e (SAS) \"INICEA Jouvence nutrition\", sise 18 rue des Alisiers \u00e0\nMESSIGNY-ET-VANTOUX (21 380)\n7\nDirection d\u00e9partementale de l'emploi, du travail\net des solidarit\u00e9s de C\u00f4te-d'Or\n21-2024-11-25-00001\nR\u00e9c\u00e9piss\u00e9 d\u00e9claration SAP n\u00b0 829037993 KEVIN\nCOGNARD COACH SPORTIF\nDirection d\u00e9partementale de l'emploi, du travail et des solidarit\u00e9s de C\u00f4te-d'Or - 21-2024-11-25-00001 - R\u00e9c\u00e9piss\u00e9 d\u00e9claration SAP n\u00b0\n829037993 KEVIN COGNARD COACH SPORTIF 8\nExPREFETDE LACOTE-D'ORLibert\u00e9Egalit\u00e9Fraternit\u00e9\nDirection D\u00e9partementale de l'Emploi,\ndu Travail et des Solidarit\u00e9s - DDETS\n \nAffaire suivie par Sophie LACROIX                       Dijon, le 22/11/2024\nP\u00f4le Emploi-Coh\u00e9sion Territoriale,\nT\u00e9l : 03 80 45 75 07 // 06 84 89 20 33\nm\u00e9l : sophie.lacroix@cote-dor.gouv.fr\nM. COGNARD K\u00e9vin\n90 rue Faubourg Saint Nicolas\n21200 BEAUNE\nRECEPISSE DE DECLARATION \nd'un Organisme de Services \u00e0 la Personne\nEnregistr\u00e9 sous le n\u00b0 SAP/829037993\nLe Pr\u00e9fet de la C\u00f4te-d'Or, et par subd\u00e9l\u00e9gation de la Directrice D\u00e9partementale de la DDETS, la\nCheffe du P\u00f4le Emploi et Coh\u00e9sion Territoriale/la Responsable de l'Unit\u00e9 Formation, Emploi, Insertion\nVU la loi n\u00b0 2015-1776 du 28 d\u00e9cembre 2015 relative \u00e0 l'adaptation de la soci\u00e9t\u00e9 au vieillissement,\nVU  le d\u00e9cret n\u00b0 2016-750 du 6 juin 2016 relatif \u00e0 la liste des activit\u00e9s de services \u00e0 la personne\nsoumises \u00e0 agr\u00e9ment ou \u00e0 autorisation dans le cadre du r\u00e9gime commun de la d\u00e9claration,\nVU le code du travail et notamment les articles L 7231-1 \u00e0 L 7233-2,  R 7232-16 \u00e0 R 7232-22, D7231-\n1 et D 7233-1 \u00e0 D 7233-5.\nConstate \nQu'une d\u00e9claration d'activit\u00e9s de services \u00e0 la personne a \u00e9t\u00e9 d\u00e9pos\u00e9e sous le n\u00b0 1673220 aupr\u00e8s de\nla DDETS de la C\u00f4te d'Or, le 8 novembre 2024, par M. COGNARD K\u00e9vin, dans le cadre d e la micro-\nentreprise \"KEVIN COGNARD COACH SPORTIF\",  repr\u00e9sent\u00e9e par  M. COGNARD K\u00e9vin , dont le\nsi\u00e8ge social est situ\u00e9  90 rue Faubourg  Saint  Nicolas  21200 BEAUNE et enregistr\u00e9e  sous le n\u00b0\nSAP/829037993 pour les activit\u00e9s suivantes \u00e0 l'exclusion de toute autre : \n- Soutien scolaire ou cours \u00e0 domicile.\nDDETS 21, 21 Bd Voltaire, BP 81110 -  21011 DIJON Cedex\nT\u00e9l. : 03 80 45 75 45 (Accueil)\nwww.cote-dor.gouv.fr\nDirection d\u00e9partementale de l'emploi, du travail et des solidarit\u00e9s de C\u00f4te-d'Or - 21-2024-11-25-00001 - R\u00e9c\u00e9piss\u00e9 d\u00e9claration SAP n\u00b0\n829037993 KEVIN COGNARD COACH SPORTIF 9\nCette activit\u00e9 est exerc\u00e9e en qualit\u00e9 de prestataire.\nL'\u00e9tablissement principal, \u00e9galement si\u00e8ge social, se situe \u00e0 l'adresse ci-dessus et poss\u00e8de le num\u00e9ro\nSIRET suivant, 829 037 993 00021.\nToute  modification  concernant  l'activit\u00e9  exerc\u00e9e  devra  faire  l'objet  d'une  d\u00e9claration  modificative\npr\u00e9alable.\nSous r\u00e9serve d'\u00eatre exerc\u00e9e \u00e0 titre exclusif ou de tenir une comptabilit\u00e9 s\u00e9par\u00e9e pour les organismes\npouvant d\u00e9roger \u00e0 la condition d'activit\u00e9 exclusive (art L 7232-1-2 Code travail) , cette activit\u00e9 ouvre\ndroit au b\u00e9n\u00e9fice des dispositions des articles L. 7233-2 du code du travail et L. 241-10 du code de la\ns\u00e9curit\u00e9 sociale dans les conditions pr\u00e9vues par ces articles.\nLes effets de la d\u00e9claration courent \u00e0 compter du jour de d\u00e9p\u00f4t de la demande, conform\u00e9ment \u00e0\nl'article R.7232-18 du code du travail.\nL'enregistrement de la d\u00e9claration peut \u00eatre retir\u00e9 dans les conditions fix\u00e9es aux articles R.7232-20 \u00e0\nR.7232-22 du code du travail.\nLe pr\u00e9sent r\u00e9c\u00e9piss\u00e9 n'est pas limit\u00e9 dans le temps et sera publi\u00e9 au recueil des actes administratifs\nde la pr\u00e9fecture de la C\u00f4te d'Or.\nPour le Pr\u00e9fet de C\u00f4te d'Or\nEt par subd\u00e9l\u00e9gation de \nla Directrice D\u00e9partementale emp\u00each\u00e9e,\n  \nLa Responsable de l'Unit\u00e9, Formation, Emploi et Insertion,\nSIGNE\nMarie BEGRAND\nDDETS 21, 21 Bd Voltaire, BP 81110 -  21011 DIJON Cedex\nT\u00e9l. : 03 80 45 75 45 (Accueil)\nwww.cote-dor.gouv.fr\nDirection d\u00e9partementale de l'emploi, du travail et des solidarit\u00e9s de C\u00f4te-d'Or - 21-2024-11-25-00001 - R\u00e9c\u00e9piss\u00e9 d\u00e9claration SAP n\u00b0\n829037993 KEVIN COGNARD COACH SPORTIF 10\nDirection d\u00e9partementale de l'emploi, du travail\net des solidarit\u00e9s de C\u00f4te-d'Or\n21-2024-11-22-00008\nR\u00e9c\u00e9piss\u00e9 d\u00e9claration SAP n\u00b0 932850779\nCaroline GUERRA\nDirection d\u00e9partementale de l'emploi, du travail et des solidarit\u00e9s de C\u00f4te-d'Or - 21-2024-11-22-00008 - R\u00e9c\u00e9piss\u00e9 d\u00e9claration SAP n\u00b0\n932850779 Caroline GUERRA 11\nExPREFETDE LACOTE-D'ORLibert\u00e9Egalit\u00e9Fraternit\u00e9\nDirection D\u00e9partementale de l'Emploi,\ndu Travail et des Solidarit\u00e9s - DDETS\n \nAffaire suivie par Sophie LACROIX                       Dijon, le 22/11/2024\nP\u00f4le Emploi-Coh\u00e9sion Territoriale,\nT\u00e9l : 03 80 45 75 07 // 06 84 89 20 33\nm\u00e9l : sophie.lacroix@cote-dor.gouv.fr\nMme Caroline GUERRA\n6 rue Clairon Sellier\n21850 SAINT APOLLINAIRE\nRECEPISSE DE DECLARATION \nd'un Organisme de Services \u00e0 la Personne\nEnregistr\u00e9 sous le n\u00b0 SAP/932850779\nLe Pr\u00e9fet de la C\u00f4te-d'Or, et par subd\u00e9l\u00e9gation de la Directrice D\u00e9partementale de la DDETS, la\nCheffe du P\u00f4le Emploi et Coh\u00e9sion Territoriale/la Responsable de l'Unit\u00e9 Formation, Emploi, Insertion\nVU la loi n\u00b0 2015-1776 du 28 d\u00e9cembre 2015 relative \u00e0 l'adaptation de la soci\u00e9t\u00e9 au vieillissement,\nVU  le d\u00e9cret n\u00b0 2016-750 du 6 juin 2016 relatif \u00e0 la liste des activit\u00e9s de services \u00e0 la personne\nsoumises \u00e0 agr\u00e9ment ou \u00e0 autorisation dans le cadre du r\u00e9gime commun de la d\u00e9claration,\nVU le code du travail et notamment les articles L 7231-1 \u00e0 L 7233-2,  R 7232-16 \u00e0 R 7232-22, D7231-\n1 et D 7233-1 \u00e0 D 7233-5.\nConstate \nQu'une d\u00e9claration d'activit\u00e9s de services \u00e0 la personne a \u00e9t\u00e9 d\u00e9pos\u00e9e sous le n\u00b0 1711720 aupr\u00e8s de\nla DDETS de la C\u00f4te d'Or, le 15 novembre 2024, par M me Caroline GUERRA , dans le cadre d'une\nmicro-entreprise, repr\u00e9sent\u00e9e par Mme Caroline GUERRA, dont le si\u00e8ge social est situ\u00e9 6 rue Clairon\nSellier 21850 SAINT APOLLINAIRE  et enregistr\u00e9e  sous le n\u00b0 SAP/ 932850779  pour  les  activit\u00e9s\nsuivantes \u00e0 l'exclusion de toute autre : \n- Entretien de la maison et travaux m\u00e9nagers\n- Garde d'enfants de plus de 3 ans \u00e0 domicile\n- Accompagnement des enfants de plus de 3 ans dans leurs d\u00e9placements\nDDETS 21, 21 Bd Voltaire, BP 81110 -  21011 DIJON Cedex\nT\u00e9l. : 03 80 45 75 45 (Accueil)\nwww.cote-dor.gouv.fr\nDirection d\u00e9partementale de l'emploi, du travail et des solidarit\u00e9s de C\u00f4te-d'Or - 21-2024-11-22-00008 - R\u00e9c\u00e9piss\u00e9 d\u00e9claration SAP n\u00b0\n932850779 Caroline GUERRA 12\n- Livraison de courses \u00e0 domicile\n- Soins et promenade(s) d'animaux pour personnes d\u00e9pendantes.\nCes activit\u00e9s sont exerc\u00e9es en qualit\u00e9 de prestataire.\nL'\u00e9tablissement principal, \u00e9galement si\u00e8ge social, se situe \u00e0 l'adresse ci-dessus et poss\u00e8de le num\u00e9ro\nSIRET suivant, 932 850 779 00012.\nToute  modification  concernant  l'activit\u00e9  exerc\u00e9e  devra  faire  l'objet  d'une  d\u00e9claration  modificative\npr\u00e9alable.\nSous r\u00e9serve d'\u00eatre exerc\u00e9e \u00e0 titre exclusif ou de tenir une comptabilit\u00e9 s\u00e9par\u00e9e pour les organismes\npouvant d\u00e9roger \u00e0 la condition d'activit\u00e9 exclusive (art L 7232-1-2 Code travail) , cette activit\u00e9 ouvre\ndroit au b\u00e9n\u00e9fice des dispositions des articles L. 7233-2 du code du travail et L. 241-10 du code de la\ns\u00e9curit\u00e9 sociale dans les conditions pr\u00e9vues par ces articles.\nLes effets de la d\u00e9claration courent \u00e0 compter du jour de d\u00e9p\u00f4t de la demande, conform\u00e9ment \u00e0\nl'article R.7232-18 du code du travail.\nL'enregistrement de la d\u00e9claration peut \u00eatre retir\u00e9 dans les conditions fix\u00e9es aux articles R.7232-20 \u00e0\nR.7232-22 du code du travail.\nLe pr\u00e9sent r\u00e9c\u00e9piss\u00e9 n'est pas limit\u00e9 dans le temps et sera publi\u00e9 au recueil des actes administratifs\nde la pr\u00e9fecture de la C\u00f4te d'Or.\nPour le Pr\u00e9fet de C\u00f4te d'Or\nEt par subd\u00e9l\u00e9gation de \nla Directrice D\u00e9partementale emp\u00each\u00e9e,\n  \nLa Responsable de l'Unit\u00e9, Formation, Emploi et Insertion,\nSIGNE\nMarie BEGRAND\nDDETS 21, 21 Bd Voltaire, BP 81110 -  21011 DIJON Cedex\nT\u00e9l. : 03 80 45 75 45 (Accueil)\nwww.cote-dor.gouv.fr\nDirection d\u00e9partementale de l'emploi, du travail et des solidarit\u00e9s de C\u00f4te-d'Or - 21-2024-11-22-00008 - R\u00e9c\u00e9piss\u00e9 d\u00e9claration SAP n\u00b0\n932850779 Caroline GUERRA 13\nDirection d\u00e9partementale de l'emploi, du travail\net des solidarit\u00e9s de C\u00f4te-d'Or\n21-2024-12-02-00002\nR\u00e9c\u00e9piss\u00e9 d\u00e9claration SAP n\u00b0 935031757\nOMEGABEUILLARD S\u00e9verine BEUILLARD\nDirection d\u00e9partementale de l'emploi, du travail et des solidarit\u00e9s de C\u00f4te-d'Or - 21-2024-12-02-00002 - R\u00e9c\u00e9piss\u00e9 d\u00e9claration SAP n\u00b0\n935031757 OMEGABEUILLARD S\u00e9verine BEUILLARD 14\nPREFETDE LACOTE-D'ORLibert\u00e9\u00c9xgalit\u00e9Fraternit\u00e9\nDirection D\u00e9partementale de l'Emploi, \ndu Travail et des Solidarit\u00e9s - DDETS \n \nDDETS 21, 21 Bd Voltaire, BP 81110 - 21011 DIJON Cedex \nT\u00e9l. : 03 80 45 75 45 (Accueil) \nwww.cote-dor.gouv.fr \nAffaire suivie par Sophie LACROIX                          Dijon, le 02/12/2024 \nP\u00f4le Emploi-Coh\u00e9sion Territoriale, \nT\u00e9l : 03 80 45 75 07 // 06 84 89 20 33 \nm\u00e9l : sophie.lacroix@cote-dor.gouv.fr \nMme S\u00e9verine BEUILLARD \n5 rue Edouard Estaunie \n21300 CHENOVE \n \n \n \nRECEPISSE DE DECLARATION \nd'un Organisme de Services \u00e0 la Personne \nEnregistr\u00e9 sous le n\u00b0 SAP/935031757 \n \n \n \nLe Pr\u00e9fet de la C\u00f4te-d'Or, et par subd\u00e9l\u00e9gation de la Directrice D\u00e9partementale de la DDETS, la \nCheffe du P\u00f4le Emploi et Coh\u00e9sion Territoriale/la Responsable de l'Unit\u00e9 Formation, Emploi, Insertion \n \n \n \nVU la loi n\u00b0 2015-1776 du 28 d\u00e9cembre 2015 relative \u00e0 l'adaptation de la soci\u00e9t\u00e9 au vieillissement, \n \nVU le d\u00e9cret n\u00b0 2016-750 du 6 juin 2016 relatif \u00e0 la liste des activit\u00e9s de services \u00e0 la personne soumises \n\u00e0 agr\u00e9ment ou \u00e0 autorisation dans le cadre du r\u00e9gime commun de la d\u00e9claration, \n \nVU le code du travail et notamment les articles L 7231-1 \u00e0 L 7233-2, R 7232-16 \u00e0 R 7232-22, D7231-1 \net D 7233-1 \u00e0 D 7233-5. \n \n \nConstate \n \n \nQu'une d\u00e9claration d'activit\u00e9s de services \u00e0 la personne a \u00e9t\u00e9 d\u00e9pos\u00e9e sous le n\u00b0 1702500 aupr\u00e8s de \nla DDETS de la C\u00f4te d'Or, le 14 novembre 2024, par Mme S\u00e9verine BEUILLARD, dans le cadre de \nl'entreprise individuelle \"OMEGA BEUILLARD\", repr\u00e9sent\u00e9e par Mme S\u00e9verine BEUILLARD, dont le \nsi\u00e8ge social est situ\u00e9 5 rue Edouard Estaunie  21300 CHENOVE  et enregistr\u00e9e sous le n\u00b0 \nSAP/935031757 pour les activit\u00e9s suivantes \u00e0 l'exclusion de toute autre :  \n \n- Garde d'enfants de plus de 3 ans \u00e0 domicile \n- Entretien de la maison et travaux m\u00e9nagers. \n \nCes activit\u00e9s sont exerc\u00e9es en qualit\u00e9 de prestataire. \nDirection d\u00e9partementale de l'emploi, du travail et des solidarit\u00e9s de C\u00f4te-d'Or - 21-2024-12-02-00002 - R\u00e9c\u00e9piss\u00e9 d\u00e9claration SAP n\u00b0\n935031757 OMEGABEUILLARD S\u00e9verine BEUILLARD 15\nDirection D\u00e9partementale de l'Emploi, \ndu Travail et des Solidarit\u00e9s - DDETS \n \nDDETS 21, 21 Bd Voltaire, BP 81110 - 21011 DIJON Cedex \nT\u00e9l. : 03 80 45 75 45 (Accueil) \nwww.cote-dor.gouv.fr \n \nL'\u00e9tablissement principal, \u00e9galement si\u00e8ge social, se situe \u00e0 l'adresse ci-dessus et poss\u00e8de le num\u00e9ro \nSIRET suivant, 935 031 757 00013. \nToute modification concernant l'activit\u00e9 exerc\u00e9e devra faire l'objet d'une d\u00e9claration modificative \npr\u00e9alable. \nSous r\u00e9serve d'\u00eatre exerc\u00e9e \u00e0 titre exclusif ou de tenir une comptabilit\u00e9 s\u00e9par\u00e9e pour les organismes \npouvant d\u00e9roger \u00e0 la condition d'activit\u00e9 exclusive (art L 7232-1-2 Code travail), cette activit\u00e9 ouvre droit \nau b\u00e9n\u00e9fice des dispositions des articles L. 7233-2 du code du travail et L. 241-10 du code de la s\u00e9curit\u00e9 \nsociale dans les conditions pr\u00e9vues par ces articles. \nLes effets de la d\u00e9claration courent \u00e0 compter du jour de d\u00e9p\u00f4t de la demande, conform\u00e9ment \u00e0 l'article \nR.7232-18 du code du travail. \nL'enregistrement de la d\u00e9claration peut \u00eatre retir\u00e9 dans les conditions fix\u00e9es aux articles R.7232 -20 \u00e0 \nR.7232-22 du code du travail. \nLe pr\u00e9sent r\u00e9c\u00e9piss\u00e9 n'est pas limit\u00e9 dans le temps et sera publi\u00e9 au recueil des actes administratifs de \nla pr\u00e9fecture de la C\u00f4te d'Or. \n \n \n \n \n \n \nPour le Pr\u00e9fet de C\u00f4te d'Or \nEt par subd\u00e9l\u00e9gation de \nla Directrice D\u00e9partementale emp\u00each\u00e9e, \n   \nLa Responsable de l'Unit\u00e9, Formation, Emploi et Insertion, \nSIGNE \nMarie BEGRAND \n \nDirection d\u00e9partementale de l'emploi, du travail et des solidarit\u00e9s de C\u00f4te-d'Or - 21-2024-12-02-00002 - R\u00e9c\u00e9piss\u00e9 d\u00e9claration SAP n\u00b0\n935031757 OMEGABEUILLARD S\u00e9verine BEUILLARD 16\nDirection d\u00e9partementale de l'emploi, du travail\net des solidarit\u00e9s de C\u00f4te-d'Or\n21-2024-12-02-00001\nR\u00e9c\u00e9piss\u00e9 d\u00e9claration SAP n\u00b0 979571619\nInnov'CG Cyrielle GAFFARD\nDirection d\u00e9partementale de l'emploi, du travail et des solidarit\u00e9s de C\u00f4te-d'Or - 21-2024-12-02-00001 - R\u00e9c\u00e9piss\u00e9 d\u00e9claration SAP n\u00b0\n979571619 Innov'CG Cyrielle GAFFARD 17\nAffaire suivie par Sophie LACROIX                          Dijon, le 02/12/2024 \nP\u00f4le Emploi-Coh\u00e9sion Territoriale, \nT\u00e9l : 03 80 45 75 07 // 06 84 89 20 33 \nm\u00e9l : sophie.lacroix@cote-dor.gouv.fr \nMme Cyrielle GAFFARD \n28 rue des Perri\u00e8res \n21000 DIJON \n \n \n \nRECEPISSE DE DECLARATION \nd'un Organisme de Services \u00e0 la Personne \nEnregistr\u00e9 sous le n\u00b0 SAP/979571619 \n \n \n \nLe Pr\u00e9fet de la C\u00f4te-d'Or, et par subd\u00e9l\u00e9gation de la Directrice D\u00e9partementale de la DDETS, la \nCheffe du P\u00f4le Emploi et Coh\u00e9sion Territoriale/la Responsable de l'Unit\u00e9 Formation, Emploi, Insertion \n \n \n \nVU la loi n\u00b0 2015-1776 du 28 d\u00e9cembre 2015 relative \u00e0 l'adaptation de la soci\u00e9t\u00e9 au vieillissement, \n \nVU le d\u00e9cret n\u00b0 2016-750 du 6 juin 2016 relatif \u00e0 la liste des activit\u00e9s de services \u00e0 la personne soumises \n\u00e0 agr\u00e9ment ou \u00e0 autorisation dans le cadre du r\u00e9gime commun de la d\u00e9claration, \n \nVU le code du travail et notamment les articles L 7231-1 \u00e0 L 7233-2, R 7232-16 \u00e0 R 7232-22, D7231-1 \net D 7233-1 \u00e0 D 7233-5. \n \n \nConstate \n \n \nQu'une d\u00e9claration d'activit\u00e9s de services \u00e0 la personne a \u00e9t\u00e9 d\u00e9pos\u00e9e sous le n\u00b0 1724240 aupr\u00e8s de \nla DDETS de la C\u00f4te d'Or, le 22 novembre 2024, par Mme Cyrielle GAFFARD, dans le cadre de \nl'entreprise individuelle \"Innov'CG\", repr\u00e9sent\u00e9e par Mme Cyrielle GAFFARD, dont le si\u00e8ge social est \nsitu\u00e9 28 rue des Perri\u00e8res  21000 DIJON et enregistr\u00e9e sous le n\u00b0 SAP/ 979571619 pour les activit\u00e9s \nsuivantes \u00e0 l'exclusion de toute autre :  \n \n- Assistance administrative \u00e0 domicile. \n \nCette activit\u00e9 est exerc\u00e9e en qualit\u00e9 de prestataire. \nL'\u00e9tablissement principal, \u00e9galement si\u00e8ge social, se situe \u00e0 l'adresse ci-dessus et poss\u00e8de le num\u00e9ro \nSIRET suivant, 979 571 619 00019. \nToute modification conce rnant l'activit\u00e9 exerc\u00e9e devra faire l'objet d'une d\u00e9claration modificative \npr\u00e9alable. \nDirection d\u00e9partementale de l'emploi, du travail et des solidarit\u00e9s de C\u00f4te-d'Or - 21-2024-12-02-00001 - R\u00e9c\u00e9piss\u00e9 d\u00e9claration SAP n\u00b0\n979571619 Innov'CG Cyrielle GAFFARD 18\nSous r\u00e9serve d'\u00eatre exerc\u00e9e \u00e0 titre exclusif ou de tenir une comptabilit\u00e9 s\u00e9par\u00e9e pour les organismes \npouvant d\u00e9roger \u00e0 la condition d'activit\u00e9 exclusive (art L 7232-1-2 Code travail), cette activit\u00e9 ouvre droit \nau b\u00e9n\u00e9fice des dispositions des articles L. 7233-2 du code du travail et L. 241-10 du code de la s\u00e9curit\u00e9 \nsociale dans les conditions pr\u00e9vues par ces articles. \nLes effets de la d\u00e9claration courent \u00e0 compter du jour de d\u00e9p\u00f4t de la demande, conform\u00e9ment \u00e0 l'article \nR.7232-18 du code du travail. \nL'enregistrement de la d\u00e9claration peut \u00eatre retir\u00e9 dans les conditions fix\u00e9es aux articles R.7232 -20 \u00e0 \nR.7232-22 du code du travail. \nLe pr\u00e9sent r\u00e9c\u00e9piss\u00e9 n'est pas limit\u00e9 dans le temps et sera publi\u00e9 au recueil des actes administratifs de \nla pr\u00e9fecture de la C\u00f4te d'Or. \n \n \n \n \n \n \nPour le Pr\u00e9fet de C\u00f4te d'Or \nEt par subd\u00e9l\u00e9gation de \nla Directrice D\u00e9partementale emp\u00each\u00e9e, \n   \nLa Responsable de l'Unit\u00e9, Formation, Emploi et Insertion, \nSIGNE \nMarie BEGRAND \n \nDirection d\u00e9partementale de l'emploi, du travail et des solidarit\u00e9s de C\u00f4te-d'Or - 21-2024-12-02-00001 - R\u00e9c\u00e9piss\u00e9 d\u00e9claration SAP n\u00b0\n979571619 Innov'CG Cyrielle GAFFARD 19\nDirection d\u00e9partementale de l'emploi, du travail\net des solidarit\u00e9s de C\u00f4te-d'Or\n21-2024-11-22-00007\nR\u00e9c\u00e9piss\u00e9 d\u00e9claration SAP n\u00b0849618871 Isabelle\nBON-SCHAB\nDirection d\u00e9partementale de l'emploi, du travail et des solidarit\u00e9s de C\u00f4te-d'Or - 21-2024-11-22-00007 - R\u00e9c\u00e9piss\u00e9 d\u00e9claration SAP\nn\u00b0849618871 Isabelle BON-SCHAB 20\nExPREFETDE LACOTE-D'ORLibert\u00e9Egalit\u00e9Fraternit\u00e9\nDirection D\u00e9partementale de l'Emploi,\ndu Travail et des Solidarit\u00e9s - DDETS\n \nAffaire suivie par Sophie LACROIX                       Dijon, le 22/11/2024\nP\u00f4le Emploi-Coh\u00e9sion Territoriale,\nT\u00e9l : 03 80 45 75 07 // 06 84 89 20 33\nm\u00e9l : sophie.lacroix@cote-dor.gouv.fr\nMme Isabelle BON-SCHAB\n14 rue de la mairie\n21110 COLLONGES ET PREMIERES\nRECEPISSE DE DECLARATION \nd'un Organisme de Services \u00e0 la Personne\nEnregistr\u00e9 sous le n\u00b0 SAP/849618871\nLe Pr\u00e9fet de la C\u00f4te-d'Or, et par subd\u00e9l\u00e9gation de la Directrice D\u00e9partementale de la DDETS, la\nCheffe du P\u00f4le Emploi et Coh\u00e9sion Territoriale/la Responsable de l'Unit\u00e9 Formation, Emploi, Insertion\nVU la loi n\u00b0 2015-1776 du 28 d\u00e9cembre 2015 relative \u00e0 l'adaptation de la soci\u00e9t\u00e9 au vieillissement,\nVU  le d\u00e9cret n\u00b0 2016-750 du 6 juin 2016 relatif \u00e0 la liste des activit\u00e9s de services \u00e0 la personne\nsoumises \u00e0 agr\u00e9ment ou \u00e0 autorisation dans le cadre du r\u00e9gime commun de la d\u00e9claration,\nVU le code du travail et notamment les articles L 7231-1 \u00e0 L 7233-2,  R 7232-16 \u00e0 R 7232-22, D7231-\n1 et D 7233-1 \u00e0 D 7233-5.\nConstate \nQu'une d\u00e9claration d'activit\u00e9s de services \u00e0 la personne a \u00e9t\u00e9 d\u00e9pos\u00e9e sous le n\u00b0 1704580 aupr\u00e8s de\nla DDETS de la C\u00f4te d'Or, le 13 novembre 2024, par M me Isabelle BON-SCHAB , dans le cadre d e\nl'entreprise individuelle \"I.S. Interior Services\",  repr\u00e9sent\u00e9e par  Mme Isabelle BON-SCHAB , dont le\nsi\u00e8ge social est situ\u00e9 14 rue de la mairie  21110 COLLONGES ET PREMIERES et enregistr\u00e9e sous le\nn\u00b0 SAP/849618871 pour les activit\u00e9s suivantes \u00e0 l'exclusion de toute autre : \n- Entretien de la maison et travaux m\u00e9nagers\nCette activit\u00e9 est exerc\u00e9e en qualit\u00e9 de prestataire.\nDDETS 21, 21 Bd Voltaire, BP 81110 -  21011 DIJON Cedex\nT\u00e9l. : 03 80 45 75 45 (Accueil)\nwww.cote-dor.gouv.fr\nDirection d\u00e9partementale de l'emploi, du travail et des solidarit\u00e9s de C\u00f4te-d'Or - 21-2024-11-22-00007 - R\u00e9c\u00e9piss\u00e9 d\u00e9claration SAP\nn\u00b0849618871 Isabelle BON-SCHAB 21\nL'\u00e9tablissement principal, \u00e9galement si\u00e8ge social, se situe \u00e0 l'adresse ci-dessus et poss\u00e8de le num\u00e9ro\nSIRET suivant, 849 618 871 00032.\nToute  modification  concernant  l'activit\u00e9  exerc\u00e9e  devra  faire  l'objet  d'une  d\u00e9claration  modificative\npr\u00e9alable.\nSous r\u00e9serve d'\u00eatre exerc\u00e9e \u00e0 titre exclusif ou de tenir une comptabilit\u00e9 s\u00e9par\u00e9e pour les organismes\npouvant d\u00e9roger \u00e0 la condition d'activit\u00e9 exclusive (art L 7232-1-2 Code travail) , cette activit\u00e9 ouvre\ndroit au b\u00e9n\u00e9fice des dispositions des articles L. 7233-2 du code du travail et L. 241-10 du code de la\ns\u00e9curit\u00e9 sociale dans les conditions pr\u00e9vues par ces articles.\nLes effets de la d\u00e9claration courent \u00e0 compter du jour de d\u00e9p\u00f4t de la demande, conform\u00e9ment \u00e0\nl'article R.7232-18 du code du travail.\nL'enregistrement de la d\u00e9claration peut \u00eatre retir\u00e9 dans les conditions fix\u00e9es aux articles R.7232-20 \u00e0\nR.7232-22 du code du travail.\nLe pr\u00e9sent r\u00e9c\u00e9piss\u00e9 n'est pas limit\u00e9 dans le temps et sera publi\u00e9 au recueil des actes administratifs\nde la pr\u00e9fecture de la C\u00f4te d'Or.\nPour le Pr\u00e9fet de C\u00f4te d'Or\nEt par subd\u00e9l\u00e9gation de \nla Directrice D\u00e9partementale emp\u00each\u00e9e,\n  \nLa Responsable de l'Unit\u00e9, Formation, Emploi et Insertion,\nSIGNE\nMarie BEGRAND\nDDETS 21, 21 Bd Voltaire, BP 81110 -  21011 DIJON Cedex\nT\u00e9l. : 03 80 45 75 45 (Accueil)\nwww.cote-dor.gouv.fr\nDirection d\u00e9partementale de l'emploi, du travail et des solidarit\u00e9s de C\u00f4te-d'Or - 21-2024-11-22-00007 - R\u00e9c\u00e9piss\u00e9 d\u00e9claration SAP\nn\u00b0849618871 Isabelle BON-SCHAB 22\nPr\u00e9fecture de la C\u00f4te-d'Or\nDirection de la coordination, des politiques\npubliques et de l'appui territorial\n21-2024-11-29-00006\nArr\u00eat\u00e9 pr\u00e9fectoral n\u00b0 1824 / SG du 29 novembre\n2024\ndonnant d\u00e9l\u00e9gation de signature \u00e0 Monsieur\nDenis BRUEL,\nsecr\u00e9taire g\u00e9n\u00e9ral  de la pr\u00e9fecture de la\nC\u00f4te-d'Or\nPr\u00e9fecture de la C\u00f4te-d'Or - 21-2024-11-29-00006 - Arr\u00eat\u00e9 pr\u00e9fectoral n\u00b0 1824 / SG du 29 novembre 2024\ndonnant d\u00e9l\u00e9gation de signature \u00e0 Monsieur Denis BRUEL,\nsecr\u00e9taire g\u00e9n\u00e9ral  de la pr\u00e9fecture de la C\u00f4te-d'Or\n23\nArr\u00eat\u00e9 pr\u00e9fectoral n\u00b0 1824 / SG du 29 novembre 2024\ndonnant d\u00e9l\u00e9gation de signature \u00e0 Monsieur Denis BRUEL,\nsecr\u00e9taire g\u00e9n\u00e9ral  de la pr\u00e9fecture de la C\u00f4te-d'Or\nLe pr\u00e9fet de la C\u00f4te-d'Or\nVu la  loi  n\u00b0  82.213  du  2  mars  1982  modifi\u00e9e  relative  aux  droits  et  libert\u00e9s  des\ncommunes, des d\u00e9partements et des r\u00e9gions ;\nVu le  d\u00e9cret  n\u00b0  2004-374  du  29  avril  2004  relatif  aux  pouvoirs  des  pr\u00e9fets,  \u00e0\nl'organisation et \u00e0 l'action des services de l'\u00c9tat dans les r\u00e9gions et d\u00e9partements,\nmodifi\u00e9 par le d\u00e9cret n\u00b0 2010-146 du 16 f\u00e9vrier 2010 et par le d\u00e9cret n\u00b0 2010-687 du 24\njuin 2010 ;\nVu le d\u00e9cret n\u00b0 2008-158 du 22 f\u00e9vrier 2008 relatif \u00e0 la suppl\u00e9ance des pr\u00e9fets de\nr\u00e9gion  et  \u00e0  la  d\u00e9l\u00e9gation  de  signature  des  pr\u00e9fets  et  hauts  commissaires  de  la\nR\u00e9publique en Polyn\u00e9sie fran\u00e7aise et en Nouvelle-Cal\u00e9donie ;\nVu le d\u00e9cret n\u00b0 2009-176 du 16 f\u00e9vrier 2009 modifiant le d\u00e9cret n\u00b0 64-805 du 29  juillet\n1964 fixant les dispositions r\u00e9glementaires applicables aux pr\u00e9fets et le d\u00e9cret n\u00b0 2004-\n374 du 29 avril 2004 relatif aux pouvoirs des pr\u00e9fets, \u00e0 l'organisation et \u00e0 l'action des\nservices de l'\u00c9tat dans les r\u00e9gions et d\u00e9partements ;\nVu le d\u00e9cret du 10 octobre 2024 nommant Monsieur Paul MOURIER, pr\u00e9fet de la r\u00e9gion\nBourgogne-Franche-Comt\u00e9, pr\u00e9fet de la C\u00f4te d'Or ;\nVu le d\u00e9cret du 16 ao\u00fbt 2022 portant nomination de Monsieur Olivier GERSTL\u00c9, sous-\npr\u00e9fet, en qualit\u00e9 de sous-pr\u00e9fet, directeur de cabinet du pr\u00e9fet de la r\u00e9gion Bourgogne-\nFranche-Comt\u00e9, pr\u00e9fet de la C\u00f4te-d'Or ;\nVu le  d\u00e9cret  du  29  d\u00e9cembre  2022  portant  nomination  Mme  Amelle  GHAYOU,\nadministratrice territoriale, sous-pr\u00e9f\u00e8te charg\u00e9e de mission apr\u00e8s du pr\u00e9fet de r\u00e9gion\nBourgogne-Franche-Comt\u00e9, pr\u00e9fet de la C\u00f4te-d'Or ;\nVu le d\u00e9cret du 6 juillet 2023, portant nomination de Monsieur Beno\u00eet BYRSKI, en\nqualit\u00e9 de sous-pr\u00e9fet de Beaune ;\nVu le d\u00e9cret du 17 novembre 2023 portant nomination de Monsieur S\u00e9bastien LANOYE,\nsous- pr\u00e9fet de Montbard ;\nPr\u00e9fecture de la C\u00f4te-d'Or - 21-2024-11-29-00006 - Arr\u00eat\u00e9 pr\u00e9fectoral n\u00b0 1824 / SG du 29 novembre 2024\ndonnant d\u00e9l\u00e9gation de signature \u00e0 Monsieur Denis BRUEL,\nsecr\u00e9taire g\u00e9n\u00e9ral  de la pr\u00e9fecture de la C\u00f4te-d'Or\n24\nVu le d\u00e9cret du 14 novembre 2024 portant nomination de Monsieur Denis BRUEL,\nadministrateur  de  l'\u00c9tat du  deuxi\u00e8me  grade,  en  qualit\u00e9  de  secr\u00e9taire  g\u00e9n\u00e9ral  de  la\npr\u00e9fecture de la C\u00f4te-d'Or, sous-pr\u00e9fet de Dijon (groupe II) ;\nVu l'arr\u00eat\u00e9 pr\u00e9fectoral n\u00b0 1642/SG du 28 octobre 2024, donnant d\u00e9l\u00e9gation de signature\n\u00e0 Madame Amelle GHAYOU, secr\u00e9taire g\u00e9n\u00e9rale par interim de la pr\u00e9fecture de la C\u00f4te-\nd'Or ;\nSur proposition de Madame la secr\u00e9taire g\u00e9n\u00e9rale par int\u00e9rim de la pr\u00e9fecture de la\nC\u00f4te-d'Or ;\nARR\u00caTE\nArticle 1er : L'arr\u00eat\u00e9 pr\u00e9fectoral n\u00b0 1642/SG du 28 octobre 2024, donnant d\u00e9l\u00e9gation de\nsignature \u00e0 Madame Amelle GHAYOU, secr\u00e9taire g\u00e9n\u00e9rale par interim de la pr\u00e9fecture\nde la C\u00f4te-d'Or,  et toutes dispositions ant\u00e9rieures contraires au pr\u00e9sent arr\u00eat\u00e9 sont\nabrog\u00e9s \u00e0 compter du 2 d\u00e9cembre 2024.\nArticle 2  : D\u00e9l\u00e9gation de signature est donn\u00e9e \u00e0 Monsieur Denis BRUEL, secr\u00e9taire\ng\u00e9n\u00e9ral de la pr\u00e9fecture de la C\u00f4te-d'Or, \u00e0 l'effet de signer tous arr\u00eat\u00e9s, d\u00e9cisions,\ncirculaires, rapports, correspondances et documents relevant des attributions de l'\u00c9tat\ndans le d\u00e9partement de la C\u00f4te-d'Or, ainsi que tous recours juridictionnels, m\u00e9moires et\ndocuments se rapportant \u00e0 la saisine des juridictions judiciaires en mati\u00e8re de r\u00e9tention\nadministrative, \u00e0 l'exception :\ndes d\u00e9clinatoires de comp\u00e9tences et arr\u00eat\u00e9s de conflit.\nArticle  3 : En  cas  d'absence  ou  d'emp\u00eachement  de  Monsieur  Denis  BRUEL,  les\npouvoirs et fonctions de secr\u00e9taire g\u00e9n\u00e9ral de la pr\u00e9fecture de la C\u00f4te-d'Or seront\nexerc\u00e9s par Madame Amelle GHAYOU,  sous-pr\u00e9f\u00e8te, charg\u00e9e de mission apr\u00e8s du\npr\u00e9fet de r\u00e9gion Bourgogne-Franche-Comt\u00e9, pr\u00e9fet de la C\u00f4te-d'Or, secr\u00e9taire g\u00e9n\u00e9rale\nadjointe de la pr\u00e9fecture de la C\u00f4te-d'Or. \nEn cas d'absence ou d'emp\u00eachement concomitants de Monsieur Denis BRUEL et de\nMadame  Amelle  GHAYOU,  les  pouvoirs  et  fonctions  de  secr\u00e9taire  g\u00e9n\u00e9ral  de  la\npr\u00e9fecture de la C\u00f4te-d'Or seront exerc\u00e9s par Monsieur Olivier  GERSTL\u00c9, sous-pr\u00e9fet,\nen  qualit\u00e9  de sous-pr\u00e9fet, directeur  de  cabinet du  pr\u00e9fet de  la r\u00e9gion  Bourgogne-\nFranche-Comt\u00e9, pr\u00e9fet de la C\u00f4te-d'Or ;\nPendant  ladite  p\u00e9riode  d'absence  ou  d'emp\u00eachement  de  Monsieur  Denis  BRUEL,\nMadame Amelle GHAYOU et, en son absence ou emp\u00eachement,,  Monsieur Olivier\nGERSTL\u00c9, exerceront, outre les attributions conf\u00e9r\u00e9es par les lois et r\u00e8glements aux\nsecr\u00e9taires g\u00e9n\u00e9raux de pr\u00e9fecture, la d\u00e9l\u00e9gation de signature d\u00e9finie \u00e0 l'article 2 du\npr\u00e9sent arr\u00eat\u00e9 au profit de Monsieur Denis BRUEL.\nArticle  4 : En  cas  d'absence  ou  d'emp\u00eachement  de  Monsieur  Denis  BRUEL,  de\nMadame Amelle GHAYOU et de Monsieur Olivier GERSTL\u00c9,  les pouvoirs et fonctions\nde secr\u00e9taire g\u00e9n\u00e9ral de la pr\u00e9fecture de la C\u00f4te-d'Or seront exerc\u00e9s par  Monsieur\nBeno\u00eet BYRSKI , sous-pr\u00e9fet de Beaune ou, en son absence ou emp\u00eachement, par\nMonsieur S\u00e9bastien LANOYE, sous-pr\u00e9fet de Montbard.\n2/3\nPr\u00e9fecture de la C\u00f4te-d'Or - 21-2024-11-29-00006 - Arr\u00eat\u00e9 pr\u00e9fectoral n\u00b0 1824 / SG du 29 novembre 2024\ndonnant d\u00e9l\u00e9gation de signature \u00e0 Monsieur Denis BRUEL,\nsecr\u00e9taire g\u00e9n\u00e9ral  de la pr\u00e9fecture de la C\u00f4te-d'Or\n25\nPendant ladite p\u00e9riode d'absence ou d'emp\u00eachement de Monsieur Denis BRUEL, de\nMadame Amelle GHAYOU et de Monsieur Olivier GERSTL\u00c9, Monsieur Beno\u00eet BYRSKI,\nsous-pr\u00e9fet de Beaune, ou, en son absence ou emp\u00eachement, Monsieur S\u00e9bastien\nLANOYE, sous-pr\u00e9fet de Montbard exerceront, outre les attributions conf\u00e9r\u00e9es par les\nlois et r\u00e8glements aux secr\u00e9taires g\u00e9n\u00e9raux de pr\u00e9fecture, la d\u00e9l\u00e9gation de signature\nd\u00e9finie \u00e0 l'article 2 du pr\u00e9sent arr\u00eat\u00e9 au profit de Monsieur Denis BRUEL. \nArticle 5 : Le pr\u00e9sent arr\u00eat\u00e9 prendra effet le 2 d\u00e9cembre 2024.\nArticle  7 : Le  secr\u00e9taire  g\u00e9n\u00e9ral  de la pr\u00e9fecture  de  la  C\u00f4te-d'Or, la sous-pr\u00e9f\u00e8te,\ncharg\u00e9e de mission apr\u00e8s du pr\u00e9fet de r\u00e9gion Bourgogne-Franche-Comt\u00e9, pr\u00e9fet de la\nC\u00f4te-d'Or, secr\u00e9taire g\u00e9n\u00e9rale adjointe de la pr\u00e9fecture de la C\u00f4te-d'Or, le directeur de\ncabinet du pr\u00e9fet de la r\u00e9gion Bourgogne-Franche-Comt\u00e9, pr\u00e9fet de la C\u00f4te-d'Or, le\nsous-pr\u00e9fet de Beaune, le sous-pr\u00e9fet de Montbard  sont charg\u00e9s, de l'ex\u00e9cution du\npr\u00e9sent arr\u00eat\u00e9 qui sera publi\u00e9 au recueil des actes administratifs de la pr\u00e9fecture de la\nC\u00f4te-d'Or.\nFait \u00e0 Dijon, le 29 novembre 2024\nLe pr\u00e9fet,\nSign\u00e9 :\nPaul MOURIER\n3/3\nPr\u00e9fecture de la C\u00f4te-d'Or - 21-2024-11-29-00006 - Arr\u00eat\u00e9 pr\u00e9fectoral n\u00b0 1824 / SG du 29 novembre 2024\ndonnant d\u00e9l\u00e9gation de signature \u00e0 Monsieur Denis BRUEL,\nsecr\u00e9taire g\u00e9n\u00e9ral  de la pr\u00e9fecture de la C\u00f4te-d'Or\n26\nPr\u00e9fecture de la C\u00f4te-d'Or\nDirection de la coordination, des politiques\npubliques et de l'appui territorial\n21-2024-11-29-00007\nArr\u00eat\u00e9 pr\u00e9fectoral n\u00b0 1827 / SG du 29 novembre\n2024\ndonnant d\u00e9l\u00e9gation de signature \u00e0 Monsieur\nS\u00e9bastien LANOYE,\nsous-pr\u00e9fet de Montbard\nPr\u00e9fecture de la C\u00f4te-d'Or - 21-2024-11-29-00007 - Arr\u00eat\u00e9 pr\u00e9fectoral n\u00b0 1827 / SG du 29 novembre 2024\ndonnant d\u00e9l\u00e9gation de signature \u00e0 Monsieur S\u00e9bastien LANOYE,\nsous-pr\u00e9fet de Montbard\n27\nArr\u00eat\u00e9 pr\u00e9fectoral n\u00b0 1827 / SG du 29 novembre 2024\ndonnant d\u00e9l\u00e9gation de signature \u00e0 Monsieur S\u00e9bastien LANOYE,\nsous-pr\u00e9fet de Montbard\nLe pr\u00e9fet de la C\u00f4te-d'Or\nVu la  loi  n\u00b0  82.213  du  2  mars  1982  modifi\u00e9e  relative  aux  droits  et  libert\u00e9s  des\ncommunes, des d\u00e9partements et des r\u00e9gions ;\nVu le  d\u00e9cret  n\u00b0  2004-374  du  29  avril  2004  relatif  aux  pouvoirs  des  pr\u00e9fets,  \u00e0\nl'organisation et \u00e0 l'action des services de l'\u00c9tat dans les r\u00e9gions et d\u00e9partements,\nmodifi\u00e9 par le d\u00e9cret n\u00b0 2010-146 du 16 f\u00e9vrier 2010 et par le d\u00e9cret n\u00b0 2010-687 du 24\njuin 2010 ;\nVu le d\u00e9cret n\u00b0 2008-158 du 22 f\u00e9vrier 2008 relatif \u00e0 la suppl\u00e9ance des pr\u00e9fets de\nr\u00e9gion  et  \u00e0  la  d\u00e9l\u00e9gation  de  signature  des  pr\u00e9fets  et  hauts  commissaires  de  la\nR\u00e9publique en Polyn\u00e9sie fran\u00e7aise et en Nouvelle-Cal\u00e9donie ;\nVu le d\u00e9cret n\u00b0 2009-176 du 16 f\u00e9vrier 2009 modifiant le d\u00e9cret n\u00b0 64-805 du 29  juillet\n1964 fixant les dispositions r\u00e9glementaires applicables aux pr\u00e9fets et le d\u00e9cret n\u00b0 2004-\n374 du 29 avril 2004 relatif aux pouvoirs des pr\u00e9fets, \u00e0 l'organisation et \u00e0 l'action des\nservices de l'\u00c9tat dans les r\u00e9gions et d\u00e9partements ;\nVu le d\u00e9cret du 10 octobre 2024 nommant Monsieur Paul MOURIER, pr\u00e9fet de la r\u00e9gion\nBourgogne-Franche-Comt\u00e9, pr\u00e9fet de la C\u00f4te d'Or;\nVu le  d\u00e9cret  du  16  ao\u00fbt  2022  portant  nomination  de  Monsieur  Olivier  GERSTL\u00c9,\nadministrateur civil, en qualit\u00e9 de sous-pr\u00e9fet, directeur de cabinet du pr\u00e9fet de la r\u00e9gion\nBourgogne-Franche-Comt\u00e9, pr\u00e9fet de la C\u00f4te-d'Or ;\nVu le d\u00e9cret du 6 juillet 2023, portant nomination de Monsieur Beno\u00eet BYRSKI, en\nqualit\u00e9 de sous-pr\u00e9fet de Beaune ;\nVu le d\u00e9cret du 17 novembre 2023 portant nomination de Monsieur S\u00e9bastien LANOYE,\nsous- pr\u00e9fet de Montbard ;\nVu le d\u00e9cret du 14 novembre 2024 portant nomination de Monsieur Denis BRUEL en\nqualit\u00e9 de secr\u00e9taire g\u00e9n\u00e9ral de la pr\u00e9fecture de la C\u00f4te-d'Or, sous-pr\u00e9fet de Dijon\n(groupe II) ;\nVu l'arr\u00eat\u00e9 pr\u00e9fectoral n\u00b0 1644/SG du 28 octobre 2024  donnant d\u00e9l\u00e9gation de signature\n\u00e0 Monsieur S\u00e9bastien LANOYE , sous-pr\u00e9fet de Montbard ;\nPr\u00e9fecture de la C\u00f4te-d'Or - 21-2024-11-29-00007 - Arr\u00eat\u00e9 pr\u00e9fectoral n\u00b0 1827 / SG du 29 novembre 2024\ndonnant d\u00e9l\u00e9gation de signature \u00e0 Monsieur S\u00e9bastien LANOYE,\nsous-pr\u00e9fet de Montbard\n28\nSur proposition de Madame la secr\u00e9taire g\u00e9n\u00e9rale par int\u00e9rim de la pr\u00e9fecture de la\nC\u00f4te-d'Or ;\nARR\u00caTE\nArticle 1  er   : L'arr\u00eat\u00e9 pr\u00e9fectoral n\u00b0 1644/SG du 28 octobre 2024  donnant d\u00e9l\u00e9gation de\nsignature \u00e0  donnant d\u00e9l\u00e9gation de signature \u00e0 Monsieur S\u00e9bastien LANOYE  , sous-\npr\u00e9fet  de  Montbard, sous-pr\u00e9fet  de  Montbard , et  toutes  dispositions  ant\u00e9rieures\ncontraires au pr\u00e9sent arr\u00eat\u00e9 sont abrog\u00e9s.\nArticle 2 : D\u00e9l\u00e9gation de signature est donn\u00e9e \u00e0 Monsieur S\u00e9bastien LANOYE,  sous-\npr\u00e9fet  de  Montbard,  \u00e0  l'effet  de  signer  les  d\u00e9cisions  suivantes  dans  le  ressort  de\nl'arrondissement de Montbard :\nPOLICE G\u00c9N\u00c9RALE :\n1. Octroi du concours de la force publique pour l'ex\u00e9cution des jugements d'expulsion\ndes locataires ;\n2. indemnisation en responsabilit\u00e9 de l'\u00c9tat en cas de refus d'octroi du concours de\nla force publique pour l'ex\u00e9cution des jugements d'expulsion ;\n3. r\u00e9quisitions de logements ;\n4. toute  autorisation  relative  \u00e0  la  police  des  caf\u00e9s,  d\u00e9bits  de  boissons,  bals,\nspectacles  et  autres  lieux  publics  exc\u00e9dant  la  comp\u00e9tence  des  autorit\u00e9s\nmunicipales ;\n5. fermeture administrative des d\u00e9bits de boissons pour une dur\u00e9e n'exc\u00e9dant pas trois\nmois ;\n6. d\u00e9cisions relatives au transfert de licences de d\u00e9bit de boissons ;\n7. arr\u00eat\u00e9s portant autorisation de loteries et tombolas dont le capital d'\u00e9mission est\ninf\u00e9rieur ou \u00e9gal \u00e0 7 622 euros ;\n8. d\u00e9livrance des r\u00e9c\u00e9piss\u00e9s de liquidations (article L. 310-1 du code du commerce et\nd\u00e9cret  n \u00b0 2005-39  du  18  janvier  2005  modifiant  le  d\u00e9cret  n\u00b0  96-1097  du  16\nd\u00e9cembre 1996) ;\n9. r\u00e9c\u00e9piss\u00e9s de brocanteurs, colporteurs, revendeurs d'objets mobiliers ;\n10. r\u00e9c\u00e9piss\u00e9s de loteries instantan\u00e9es de la Fran\u00e7aise des Jeux ;\n11. autorisations de haut-parleurs mobiles sur la voie publique ;\n12. autorisations des courses p\u00e9destres, cyclistes et hippiques (en cas de courses se\nd\u00e9roulant  sur  plusieurs  arrondissements,  l'arrondissement  de  d\u00e9part  g\u00e8re  la\ntotalit\u00e9 de la course) et manifestations de v\u00e9hicules moteurs sur voie ouverte \u00e0 la\ncirculation ou sur circuits homologu\u00e9s ou non  ; l'homologation des circuits pour les\nmanifestations de v\u00e9hicule \u00e0 moteur et les manifestations nautiques  ;\n13. autorisations d'utilisation temporaire des locaux scolaires ;\n14. reconnaissance de l'aptitude technique des gardes particuliers ;\n2/7\nPr\u00e9fecture de la C\u00f4te-d'Or - 21-2024-11-29-00007 - Arr\u00eat\u00e9 pr\u00e9fectoral n\u00b0 1827 / SG du 29 novembre 2024\ndonnant d\u00e9l\u00e9gation de signature \u00e0 Monsieur S\u00e9bastien LANOYE,\nsous-pr\u00e9fet de Montbard\n29\n15. agr\u00e9ment et retrait d'agr\u00e9ment des gardes particuliers, gardes-chasse et gardes-\np\u00eache, et d\u00e9livrance des cartes d'agr\u00e9ment ;\n16. installation et prestation de serment des fonctionnaires de l'\u00c9tat  ;\n17. nomination des commissaires-enqu\u00eateurs et ouverture des enqu\u00eates de commodo\net incommodo : tous actes de proc\u00e9dure ;\n18. autorisations  de  versement  d'indemnit\u00e9s  aux  fonctionnaires  de  l'\u00c9tat  pour  les\nservices  rendus  aux  communes  et  \u00e9tablissements  publics  communaux  ou\nintercommunaux, dans la limite r\u00e9glementaire ;\n19. autorisations de poursuite par voie de vente ;\n20. arr\u00eat\u00e9s  modifiant  les  heures  de  scrutin  pour  les  \u00e9lections  aux  Chambres\nConsulaires et \u00e0 la Mutualit\u00e9 Sociale Agricole ;\n21. arr\u00eat\u00e9s d'occupation temporaire et de p\u00e9n\u00e9tration sur les propri\u00e9t\u00e9s priv\u00e9es en vue\nde la r\u00e9alisation de travaux publics ;\n22. en mati\u00e8re de l\u00e9gislation fun\u00e9raire :\n\u2022 arr\u00eat\u00e9s d'inhumation et de cr\u00e9mation hors des d\u00e9lais l\u00e9gaux\n\u2022 arr\u00eat\u00e9s d'inhumation en terrain priv\u00e9,\n\u2022 arr\u00eat\u00e9s de transport de corps hors du territoire national,\n\u2022 arr\u00eat\u00e9s de transport d'urne cin\u00e9raire hors du territoire national,\n\u2022 habilitation des entreprises de pompes fun\u00e8bres ;\n23. d\u00e9cisions de la commission de s\u00e9curit\u00e9 et d'accessibilit\u00e9 de l'arrondissement, y\ncompris les d\u00e9cisions de la sous-commission de s\u00e9curit\u00e9 et d'accessibilit\u00e9 ;\n24. arr\u00eat\u00e9s  pr\u00e9fectoraux  de  d\u00e9rogation  aux  r\u00e8gles  de  s\u00e9curit\u00e9  et  d'accessibilit\u00e9\nconcernant les \u00e9tablissements recevant du public ;\n25. arr\u00eat\u00e9s portant rattachement d'une personne sans r\u00e9sidence ni domicile fixe \u00e0 une\ncommune de l'arrondissement ;\n26. arr\u00eat\u00e9s autorisant l'installation ou l'extension de syst\u00e8mes de vid\u00e9o-protection.\nADMINISTRATION LOCALE (Dans le ressort de l'arrondissement de Montbard) :\n1. Acceptation des d\u00e9missions d'adjoint ;\n2. lettres  d'observation  aux  collectivit\u00e9s  locales  et  aux  EPCI  dans  le  cadre  du\ncontr\u00f4le des actes et du contr\u00f4le budg\u00e9taire ;\n3. cr\u00e9ation,  modification  et  dissolution  des  associations  syndicales  libres  et  des\nassociations fonci\u00e8res urbaines libres ;\n4. cr\u00e9ation,  contr\u00f4le,  modification,  dissolution,  union  et  fusion  des  associations\nsyndicales autoris\u00e9es ;\n5. cr\u00e9ation, contr\u00f4le, modification, dissolution des associations fonci\u00e8res urbaines\nautoris\u00e9es  et  transformation  des  associations  fonci\u00e8res  de  remembrement  en\nassociations syndicales autoris\u00e9es ;\n6. cr\u00e9ation,  modification  et  dissolution  des  syndicats  intercommunaux,  des\ncommunaut\u00e9s  de  communes  et  des  syndicats  mixtes  de  1\u00e8re ou  2e cat\u00e9gorie\nlorsque tous les membres et le si\u00e8ge sont dans l'arrondissement ;\n3/7\nPr\u00e9fecture de la C\u00f4te-d'Or - 21-2024-11-29-00007 - Arr\u00eat\u00e9 pr\u00e9fectoral n\u00b0 1827 / SG du 29 novembre 2024\ndonnant d\u00e9l\u00e9gation de signature \u00e0 Monsieur S\u00e9bastien LANOYE,\nsous-pr\u00e9fet de Montbard\n30\n7. demande au maire de r\u00e9unir le conseil municipal avec possibilit\u00e9 d'abr\u00e9ger le d\u00e9lai\nen cas d'urgence (article L.2121.9 du code g\u00e9n\u00e9ral des collectivit\u00e9s territoriales)  ;\n8. demande d'avis du conseil municipal pr\u00e9vu par l'article L.2121.29 du code g\u00e9n\u00e9ral\ndes collectivit\u00e9s territoriales ;\n9. convocation  des  \u00e9lecteurs  pour  toute  \u00e9lection  municipale  compl\u00e9mentaire  (et\nnotamment en application de l'article L.258 du code \u00e9lectoral) ;\n10. r\u00e9ception des candidatures et d\u00e9livrance des re\u00e7us de d\u00e9p\u00f4t et des r\u00e9c\u00e9piss\u00e9s\nd\u00e9finitifs  de  d\u00e9clarations  de  candidatures  pour  les  \u00e9lections  municipales\ncompl\u00e9mentaires dans les communes de l'arrondissement de Montbard ;\n11.  d\u00e9signation des membres des commissions de contr\u00f4le des listes \u00e9lectorales\ninstitu\u00e9es dans les communes de l'arrondissement de Montbard ;\n12. substitution au maire dans les cas pr\u00e9vus par les articles L.2122.34, L.2213.17, et\nL.2215.1 du code g\u00e9n\u00e9ral des collectivit\u00e9s territoriales ;\n13. convocation  des  \u00e9lecteurs  pour  la  d\u00e9signation  des  commissions  syndicales,\nfixation  de  la  dur\u00e9e  de  la  commission,  consultation  de  la  commission  et\nconsultation du conseil municipal ;\n14. approbation des d\u00e9lib\u00e9rations des conseils municipaux pr\u00e9vue \u00e0 l'article L.2544.4\ndu code g\u00e9n\u00e9ral des collectivit\u00e9s territoriales (section de commune poss\u00e9dant un\npatrimoine s\u00e9par\u00e9) ;\n15. en mati\u00e8re de biens indivis :\n\u2022 constitution  des  commissions  syndicales  en  l'absence  de  d\u00e9cision  des\nconseils  municipaux  concern\u00e9s  et  arr\u00eat\u00e9  constitutif  en  cas  d'accord  des\nconseils  municipaux  (articles  L.5222.1  du  code  g\u00e9n\u00e9ral  des  collectivit\u00e9s\nterritoriales) ;\n\u2022 r\u00e9partition des exc\u00e9dents en cas de d\u00e9saccord ou si les conseils municipaux\nn'ont pas d\u00e9lib\u00e9r\u00e9 dans les d\u00e9lais prescrits (article L.5222.2 du code g\u00e9n\u00e9ral\ndes collectivit\u00e9s territoriales) ;\n16. approbation des d\u00e9lib\u00e9rations, budgets et march\u00e9s des associations fonci\u00e8res de\nremembrement,  des  associations  syndicales  autoris\u00e9es  et  des  associations\nfonci\u00e8res urbaines autoris\u00e9es ;\n17. r\u00f4les dress\u00e9s pour le recouvrement des taxes ou cotisations par les associations\nfonci\u00e8res de remembrement ;\n18. \u00e9tats  annuels  de  notification  des  taux  d'imposition  des  quatre  taxes  directes\nlocales (\u00e9tats nos 1253 et 1259 MI) ;\n19. autorisations d'emprunt de l'article L.2121.34 du code g\u00e9n\u00e9ral des collectivit\u00e9s\nterritoriales (emprunts des centres communaux d'action sociale) ;\n20. cr\u00e9ation d'office des cimeti\u00e8res dans les cas pr\u00e9vus par la loi ;\n21. prescription des enqu\u00eates pr\u00e9alables \u00e0 la modification des limites territoriales des\ncommunes  pr\u00e9vues  \u00e0  l'article  L.2112.2  du  code  g\u00e9n\u00e9ral  des  collectivit\u00e9s\nterritoriales ;\n22. arr\u00eat\u00e9s portant modification des limites territoriales des communes situ\u00e9es dans\nl'arrondissement, dans le cas o\u00f9 les limites cantonales ou d\u00e9partementales ne\nsont pas modifi\u00e9es ;\n4/7\nPr\u00e9fecture de la C\u00f4te-d'Or - 21-2024-11-29-00007 - Arr\u00eat\u00e9 pr\u00e9fectoral n\u00b0 1827 / SG du 29 novembre 2024\ndonnant d\u00e9l\u00e9gation de signature \u00e0 Monsieur S\u00e9bastien LANOYE,\nsous-pr\u00e9fet de Montbard\n31\n23. institution de la commission syndicale pr\u00e9vue \u00e0 l'article L.2112.3 du code g\u00e9n\u00e9ral\ndes collectivit\u00e9s territoriales, dans les conditions d\u00e9finies \u00e0 l'article R.151.6 du code\ndes communes ;\n24. d\u00e9signation du d\u00e9l\u00e9gu\u00e9 de l'administration au sein des commissions communales\ncharg\u00e9es de r\u00e9viser la liste \u00e9lectorale composant le coll\u00e8ge d\u00e9partemental des\npropri\u00e9taires forestiers ;\n25. d\u00e9cisions d'agr\u00e9ment des agents de police municipale (article 7 de la loi n\u00b0 99-291\ndu 15 avril 1999) et cartes professionnelles correspondantes ;\n26. contr\u00f4le de l\u00e9galit\u00e9 des actes des soci\u00e9t\u00e9s d'\u00e9conomie mixte dont le si\u00e8ge est\nsitu\u00e9 dans l'arrondissement ;\n27. arr\u00eat\u00e9s  de  paiement FCTVA et leur  notification  et  validation  \u00e9lectronique  des\narr\u00eat\u00e9s d'attribution du Fonds de compensation pour la TVA ;\n28. convention entre le repr\u00e9sentant de l'\u00c9tat et les b\u00e9n\u00e9ficiaires du fonds, s'agissant\nde l'application du dispositif du plan de relance de l'\u00e9conomie relatif au FCTVA ;\n29. arr\u00eat\u00e9s  constatant  que  les  collectivit\u00e9s  b\u00e9n\u00e9ficiaires  du  fonds,  s'agissant  de\nl'application du dispositif du plan de relance de l'\u00e9conomie relatif au FCTVA, ont ou\nn'ont pas respect\u00e9 leurs engagements ;\n30. courriers, accus\u00e9s de r\u00e9ception li\u00e9s aux dossiers de subvention ;\n31. arbitrage en mati\u00e8re de participation financi\u00e8re entre les collectivit\u00e9s de r\u00e9sidence\net de scolarisation ;\n32. conventions relatives au compte financier unique.\nArticle 3  : D\u00e9l\u00e9gation est donn\u00e9e \u00e0  Madame Marguerite MOINDROT , attach\u00e9e hors\nclasse,  secr\u00e9taire  g\u00e9n\u00e9rale  de  la  sous-pr\u00e9fecture,  \u00e0  l'effet  dans  le  ressort  de\nl'arrondissement de Montbard les documents et d\u00e9cisions suivantes :\n1. d\u00e9cisions de la Commission de s\u00e9curit\u00e9 et d'accessibilit\u00e9 de l'arrondissement, y\ncompris les d\u00e9cisions de la sous-commission de s\u00e9curit\u00e9 et d'accessibilit\u00e9 ;\n2. arr\u00eat\u00e9s  pr\u00e9fectoraux  de  d\u00e9rogation  aux  r\u00e8gles  de  s\u00e9curit\u00e9  et  d'accessibilit\u00e9\nconcernant les \u00e9tablissements recevant du public ;\n3. r\u00e9c\u00e9piss\u00e9s de brocanteurs, de colporteurs, revendeurs d'objets mobiliers ;\n4. arr\u00eat\u00e9s portant rattachement d'une personne sans r\u00e9sidence ni domicile fixe \u00e0 une\ncommune de l'arrondissement ;\n5. en mati\u00e8re de l\u00e9gislation fun\u00e9raire ;\n\u2022 arr\u00eat\u00e9s d'inhumation et de cr\u00e9mation hors des d\u00e9lais l\u00e9gaux,\n\u2022 arr\u00eat\u00e9s d'inhumation en terrain priv\u00e9,\n\u2022 arr\u00eat\u00e9s de transport de corps hors du territoire national,\n\u2022 arr\u00eat\u00e9 de transport d'urne cin\u00e9raire hors du territoire national,\n\u2022 habilitation  des  entreprises  de  pompes  fun\u00e8bres  (y  compris  les  chambres\nfun\u00e9raires  et\nles cr\u00e9matoriums) ;\n6. r\u00e9c\u00e9piss\u00e9s des loteries instantan\u00e9es de la Fran\u00e7aise des Jeux ;\n5/7\nPr\u00e9fecture de la C\u00f4te-d'Or - 21-2024-11-29-00007 - Arr\u00eat\u00e9 pr\u00e9fectoral n\u00b0 1827 / SG du 29 novembre 2024\ndonnant d\u00e9l\u00e9gation de signature \u00e0 Monsieur S\u00e9bastien LANOYE,\nsous-pr\u00e9fet de Montbard\n32\n7. arr\u00eat\u00e9s portant autorisation de loteries et tombolas dont le capital d'\u00e9mission est \ninf\u00e9rieur ou \u00e9gal \u00e0 7 622 euros ;\n8. autorisations des haut-parleurs mobiles sur la voie publique ;\n9. autorisations des courses p\u00e9destres, cyclistes et hippiques (en cas de courses se\nd\u00e9roulant  sur  plusieurs  arrondissements,  l'arrondissement  de  d\u00e9part  g\u00e8re  la\ntotalit\u00e9 de la course) et manifestations de v\u00e9hicules moteurs sur voie ouverte \u00e0 la\ncirculation ou sur circuits homologu\u00e9s ou non  ; l'homologation des circuits pour les\nmanifestations de v\u00e9hicule \u00e0 moteur et les manifestations nautiques.\n10. reconnaissance de l'aptitude technique des gardes particuliers ;\n11. agr\u00e9ment et retrait d'agr\u00e9ment des gardes particuliers, gardes-chasse et gardes-\np\u00eache, et d\u00e9livrance des cartes d'agr\u00e9ment ;\n12. installation et prestation de serment des fonctionnaires de l'\u00c9tat  ;\n13. d\u00e9cisions d'agr\u00e9ment des agents de police municipale et cartes professionnelles\ncorrespondantes ;\n14. d\u00e9signation des d\u00e9l\u00e9gu\u00e9s de l'administration au sein des commissions de contr\u00f4le\ndes  listes  \u00e9lectorales  institu\u00e9es  dans  les  communes  de  l'arrondissement  de\nMontbard ;\n15. convocation  des  \u00e9lecteurs  pour  toute  \u00e9lection  municipale  compl\u00e9mentaire  (et\nnotamment en application de l'article L.258 du Code \u00c9lectoral) ;\n16. r\u00e9ception des candidatures et d\u00e9livrance des re\u00e7us de d\u00e9p\u00f4t et des r\u00e9c\u00e9piss\u00e9s\nd\u00e9finitifs  de  d\u00e9clarations  de  candidatures  pour  les  \u00e9lections  municipales\ncompl\u00e9mentaires dans les communes de l'arrondissement de Montbard ;\n17. visa des r\u00f4les dress\u00e9s pour le recouvrement des taxes ou cotisations par les\nassociations  fonci\u00e8res  de  remembrement  ou  par  les  associations  syndicales\nautoris\u00e9es ;\u00e9tats annuels de notification des taux d'imposition des quatre taxes\ndirectes locales (\u00e9tats no1253 et n\u00b01259 MI) ;\n18. arr\u00eat\u00e9s  de  paiement FCTVA et leur  notification  et  validation  \u00e9lectronique  des\narr\u00eat\u00e9s d'attribution du Fonds de compensation pour la TVA ;\n19. convention entre le repr\u00e9sentant de l'\u00c9tat et les b\u00e9n\u00e9ficiaires du fonds, s'agissant\nde l'application du dispositif du plan de relance de l'\u00e9conomie relatif au FCTVA ;\n20. arr\u00eat\u00e9s  constatant  que  les  collectivit\u00e9s  b\u00e9n\u00e9ficiaires  du  fonds,  s'agissant  de\nl'application du dispositif du plan de relance de l'\u00e9conomie relatif au FCTVA, ont\nou n'ont pas respect\u00e9 leurs engagements ;\n21. tout document et correspondance administratifs non opposables aux tiers  ;\n22. attestation pr\u00e9fectorale de d\u00e9livrance initiale d'un permis de chasser ;\nArticle 4  : En cas d'absence ou d'emp\u00eachement de Mme Marguerite MOINDROT, la\nd\u00e9l\u00e9gation qui lui est consentie par l'article 3 sera exerc\u00e9e par Madame Am\u00e9lie MILLOT\nVIDET, secr\u00e9taire  administrative  de  classe  sup\u00e9rieure, cheffe  du  p\u00f4le  \u00ab collectivit\u00e9s\nlocales  et  d\u00e9veloppement  territorial \u00bb  ou  par  Madame  Isabelle  BAIJOT,  secr\u00e9taire\n6/7\nPr\u00e9fecture de la C\u00f4te-d'Or - 21-2024-11-29-00007 - Arr\u00eat\u00e9 pr\u00e9fectoral n\u00b0 1827 / SG du 29 novembre 2024\ndonnant d\u00e9l\u00e9gation de signature \u00e0 Monsieur S\u00e9bastien LANOYE,\nsous-pr\u00e9fet de Montbard\n33\nadministrative de classe normale adjointe \u00e0 la cheffe du p\u00f4le \u00ab  collectivit\u00e9s locales et\nd\u00e9veloppement territorial \u00bb ;\nArticle  5 : D\u00e9l\u00e9gation  de  signature  est  donn\u00e9e  \u00e0  Madame  Am\u00e9lie  MILLOT VIDET,\nsecr\u00e9taire  administratif,  \u00e0  l'effet  de  signer  la  validation  \u00e9lectronique  des  arr\u00eat\u00e9s\nd'attribution  du  Fonds  de  compensation  pour  la  TVA  dans  les  communes  de\nl'arrondissement de Montbard ;\nArticle  6 :  En  cas  d'absence  ou  d'emp\u00eachement de  Monsieur  S\u00e9bastien  LANOYE,\nsous-pr\u00e9fet de Montbard, et notamment pendant ses cong\u00e9s, la d\u00e9l\u00e9gation de signature\nqui lui est consentie pourra \u00eatre exerc\u00e9e par Monsieur Denis BRUEL, secr\u00e9taire g\u00e9n\u00e9ral\nde  la  pr\u00e9fecture  de  la  C\u00f4te-d'Or  ou  par  Monsieur  Beno\u00eet  BYRSKI,  sous-pr\u00e9fet  de\nBeaune ;\nArticle 7 : Le pr\u00e9sent arr\u00eat\u00e9 prendra effet le lundi 2 d\u00e9cembre 2024.\nArticle 8  : Le secr\u00e9taire g\u00e9n\u00e9ral de la pr\u00e9fecture de la C\u00f4te-d'Or, le sous-pr\u00e9fet de\nMontbard,  le sous-pr\u00e9fet de Beaune, le secr\u00e9taire g\u00e9n\u00e9ral de la sous-pr\u00e9fecture de\nBeaune,  la  secr\u00e9taire  g\u00e9n\u00e9rale  de  la  sous-pr\u00e9fecture  de  Montbard  et  les  agents\nb\u00e9n\u00e9ficiaires de la pr\u00e9sente d\u00e9l\u00e9gation \u00e0 la sous-pr\u00e9fecture de Montbard, sont charg\u00e9s,\nchacun pour ce qui le concerne, de l'ex\u00e9cution du pr\u00e9sent arr\u00eat\u00e9 qui sera publi\u00e9 au\nrecueil des actes administratifs de la pr\u00e9fecture de la C\u00f4te-d'Or.\nFait \u00e0 Dijon, le 29 novembre 2024\nLe pr\u00e9fet,\nSign\u00e9 : \nPaul MOURIER\n7/7\nPr\u00e9fecture de la C\u00f4te-d'Or - 21-2024-11-29-00007 - Arr\u00eat\u00e9 pr\u00e9fectoral n\u00b0 1827 / SG du 29 novembre 2024\ndonnant d\u00e9l\u00e9gation de signature \u00e0 Monsieur S\u00e9bastien LANOYE,\nsous-pr\u00e9fet de Montbard\n34\nPr\u00e9fecture de la C\u00f4te-d'Or\nP\u00f4le juridique inter-services\n21-2024-11-29-00004\nArr\u00eat\u00e9 pr\u00e9fectoral n\u00b0 1825 / SG du 29 novembre\n2024 \ndonnant d\u00e9l\u00e9gation de signature \u00e0 Monsieur\nOlivier GERSTL\u00c9, sous-pr\u00e9fet,\ndirecteur de cabinet du pr\u00e9fet de la r\u00e9gion\nBourgogne-Franche-Comt\u00e9,\npr\u00e9fet de la C\u00f4te-d'Or\nPr\u00e9fecture de la C\u00f4te-d'Or - 21-2024-11-29-00004 - \nArr\u00eat\u00e9 pr\u00e9fectoral n\u00b0 1825 / SG du 29 novembre 2024 \ndonnant d\u00e9l\u00e9gation de signature \u00e0 Monsieur Olivier GERSTL\u00c9, sous-pr\u00e9fet,\ndirecteur de cabinet du pr\u00e9fet de la r\u00e9gion Bourgogne-Franche-Comt\u00e9,\npr\u00e9fet de la C\u00f4te-d'Or\n35\nArr\u00eat\u00e9 pr\u00e9fectoral n\u00b0 1825 / SG du 29 novembre 2024 \ndonnant d\u00e9l\u00e9gation de signature \u00e0 Monsieur Olivier GERSTL \u00c9, sous-pr\u00e9fet,\ndirecteur de cabinet du pr\u00e9fet de la r\u00e9gion Bourgogne-Franche-Comt\u00e9,\npr\u00e9fet de la C\u00f4te-d'Or\nLe pr\u00e9fet de la C\u00f4te-d'Or\nVu la loi n\u00b0 82.213 du 2 mars 1982 modifi\u00e9e relative aux droits et libert\u00e9s des communes, des\nd\u00e9partements et des r\u00e9gions ;\nVu le d\u00e9cret n\u00b0 2004-374 du 29 avril 2004 relatif aux pouvoirs des pr\u00e9fets, \u00e0 l'organisation et \u00e0\nl'action des services de l'\u00c9tat dans les r\u00e9gions et d\u00e9partements, modifi\u00e9 par le d\u00e9cret n\u00b0 2010-\n146 du 16 f\u00e9vrier 2010 et par le d\u00e9cret n\u00b0 2010-687 du 24 juin 2010  ;\nVu le d\u00e9cret n\u00b0 2008-158 du 22 f\u00e9vrier 2008 relatif \u00e0 la suppl\u00e9ance des pr\u00e9fets de r\u00e9gion et \u00e0 la\nd\u00e9l\u00e9gation de signature des pr\u00e9fets et hauts commissaires de la R\u00e9publique en Polyn\u00e9sie\nfran\u00e7aise et en Nouvelle-Cal\u00e9donie ;\nVu le d\u00e9cret n\u00b0 2009-176 du 16 f\u00e9vrier 2009 modifiant le d\u00e9cret n\u00b0 64-805 du 29  juillet 1964\nfixant les dispositions r\u00e9glementaires applicables aux pr\u00e9fets et le d\u00e9cret n\u00b0 2004-374 du 29\navril 2004 relatif aux pouvoirs des pr\u00e9fets, \u00e0 l'organisation et \u00e0 l'action des services de l'\u00c9tat\ndans les r\u00e9gions et d\u00e9partements ;\nVu le d\u00e9cret du 10 octobre 2024  nommant Monsieur  Paul  MOURIER,  pr\u00e9fet  de  la  r\u00e9gion\nBourgogne-Franche-Comt\u00e9, pr\u00e9fet de la C\u00f4te d'Or;\nVu le d\u00e9cret du 16 ao\u00fbt 2022 portant nomination de Monsieur Olivier GERSTL \u00c9, administrateur\ncivil, en qualit\u00e9 de sous-pr\u00e9fet, directeur de cabinet du pr\u00e9fet de la r\u00e9gion Bourgogne-Franche-\nComt\u00e9, pr\u00e9fet de la C\u00f4te-d'Or ;\nVu le d\u00e9cret du 29 d\u00e9cembre 2022 portant nomination Mme Amelle GHAYOU, administratrice\nterritoriale, sous-pr\u00e9f\u00e8te charg\u00e9e de mission apr\u00e8s du pr\u00e9fet de r\u00e9gion Bourgogne-Franche-\nComt\u00e9, pr\u00e9fet de la C\u00f4te-d'Or ;\nVu le  d\u00e9cret  du  14  novembre  2024  portant  nomination  de  Monsieur  Denis  BRUEL,\nadministrateur de l'\u00c9tat du deuxi\u00e8me grade, en qualit\u00e9 de secr\u00e9taire g\u00e9n\u00e9ral de la pr\u00e9fecture de\nla C\u00f4te-d'Or, sous-pr\u00e9fet de Dijon (groupe II) ;\nVu l 'arr\u00eat\u00e9 pr\u00e9fectoral n\u00b0 1645/SG  du 28 octobre  2024  donnant d\u00e9l\u00e9gation de  signature \u00e0\nMonsieur Olivier GERSTL\u00c9, sous-pr\u00e9fet, directeur de cabinet du pr\u00e9fet de la r\u00e9gion Bourgogne-\nFranche-Comt\u00e9, pr\u00e9fet de la C\u00f4te-d'Or ;\nSur proposition de Madame la secr\u00e9taire g\u00e9n\u00e9rale par int\u00e9rim de la pr\u00e9fecture de la C\u00f4te-\nd'Or ;\nPr\u00e9fecture de la C\u00f4te-d'Or - 21-2024-11-29-00004 - \nArr\u00eat\u00e9 pr\u00e9fectoral n\u00b0 1825 / SG du 29 novembre 2024 \ndonnant d\u00e9l\u00e9gation de signature \u00e0 Monsieur Olivier GERSTL\u00c9, sous-pr\u00e9fet,\ndirecteur de cabinet du pr\u00e9fet de la r\u00e9gion Bourgogne-Franche-Comt\u00e9,\npr\u00e9fet de la C\u00f4te-d'Or\n36\nARR\u00caTE\nArticle  1er : L' arr\u00eat\u00e9  pr\u00e9fectoral  n\u00b0  1645/SG  du  28  octobre  2024 donnant  d\u00e9l\u00e9gation  de\nsignature \u00e0 Monsieur Olivier GERSTL\u00c9, sous-pr\u00e9fet, directeur de cabinet du pr\u00e9fet de la r\u00e9gion\nBourgogne-Franche-Comt\u00e9, pr\u00e9fet de la C\u00f4te-d'Or , et toutes dispositions ant\u00e9rieures contraires\nau pr\u00e9sent arr\u00eat\u00e9 sont abrog\u00e9s \u00e0 compter du 2 d\u00e9cembre 2024.\nArticle 2  :  D\u00e9l\u00e9gation  de signature est  donn\u00e9e \u00e0  Monsieur  Olivier  GERSTL\u00c9, sous-pr\u00e9fet,\ndirecteur de cabinet du pr\u00e9fet de la r\u00e9gion Bourgogne \u2013 Franche-Comt\u00e9, pr\u00e9fet de la C\u00f4te-d'Or ,\n\u00e0 l'effet de signer, au nom du pr\u00e9fet, tous actes, arr\u00eat\u00e9s, autorisations de d\u00e9roger aux normes\nd'application obligatoire, d\u00e9cisions et pi\u00e8ces comptables, dans tous les domaines relevant des\nattributions  du  cabinet  du  pr\u00e9fet  et  des  services  rattach\u00e9s,  \u00e0  l'exclusion  toutefois  des\nd\u00e9clinatoires de comp\u00e9tence et des arr\u00eat\u00e9s de conflit.\nEn compl\u00e9ment des attributions sus-vis\u00e9es, d\u00e9l\u00e9gation de signature est \u00e9galement accord\u00e9e \u00e0\nMonsieur Olivier GERSTL\u00c9, \u00e0 l'effet de signer :\n\u2022 les  arr\u00eat\u00e9s  et  tous  actes  et  d\u00e9cisions  concernant  les  soins  psychiatriques  sans\nconsentement ;\n\u2022 les arr\u00eat\u00e9s et tous actes et d\u00e9cisions concernant les mesures d'\u00e9loignement du territoire\nfran\u00e7ais ainsi que le choix du pays de destination ; \n\u2022 les arr\u00eat\u00e9s portant immobilisation et/ou mise en fourri\u00e8re \u00e0 titre provisoire d'un v\u00e9hicule\nainsi que les autorisations d\u00e9finitives de sortie de mise en fourri\u00e8re, sur l'ensemble du\nd\u00e9partement except\u00e9 sur la zone police (communes de DIJON, CHENOVE, LONGVIC,\nFONTAINE LES DIJON, TALANT, BEAUNE et sur la M 274 (rocade de DIJON)) ;\n\u2022 les lettres d'acceptation des d\u00e9missions des maires et des adjoints au maire ainsi que\ncelles  des  pr\u00e9sidents  et  vice-pr\u00e9sidents  d'\u00e9tablissements  publics  de  coop\u00e9ration\nintercommunale.\nArticle 3  : En cas d'absence ou d'emp\u00eachement de  Monsieur Olivier GERSTL \u00c9, la pr\u00e9sente\nd\u00e9l\u00e9gation est donn\u00e9e \u00e0 Madame Nathalie AUBERTIN, directrice adjointe du cabinet, directrice\ndes s\u00e9curit\u00e9s, \u00e0 l'effet de signer les arr\u00eat\u00e9s, d\u00e9cisions, circulaires, rapports, correspondances et\ndocuments administratifs et r\u00e9glementaires vis\u00e9s \u00e0 l'article 2 \u00e0 l'exception :\n\u2022 des d\u00e9f\u00e9r\u00e9s pr\u00e9fectoraux ainsi que des m\u00e9moires en d\u00e9fense ou en r\u00e9ponse  ;\n\u2022 des actes, d\u00e9cisions et arr\u00eat\u00e9s en mati\u00e8re de demande de concours de moyens publics ou\npriv\u00e9s ;\n\u2022 des arr\u00eat\u00e9s portant cr\u00e9ation des p\u00e9rim\u00e8tres de protection mentionn\u00e9s au code de  s\u00e9curit\u00e9\nint\u00e9rieure ;\n\u2022 des d\u00e9cisions d'octroi du concours de la force publique ;\n\u2022 des mises en demeure de quitter les lieux en application de la loi n\u00b02000-614 du 5 juillet\n2000 modifi\u00e9e relative \u00e0 l'accueil et \u00e0 l'habitat des gens du voyage ;\n\u2022 des arr\u00eat\u00e9s portant r\u00e9quisition de m\u00e9decins lib\u00e9raux dans le cadre de la mission de service\npublic de permanence des soins mentionn\u00e9e au code de la sant\u00e9 publique ;\n\u2022 des  d\u00e9cisions  autorisant  les  employ\u00e9s  exer\u00e7ant  une  activit\u00e9  de  surveillance  ou  de\ngardiennage  \u00e0  effectuer  des  palpations  de  s\u00e9curit\u00e9  pr\u00e9vues  au  code  de  la  s\u00e9curit\u00e9\nint\u00e9rieure\n\u2022 des arr\u00eat\u00e9s autorisant \u00e0 titre exceptionnel des agents de s\u00e9curit\u00e9 priv\u00e9e \u00e0 exercer sur la\nvoie publique au titre du code de la s\u00e9curit\u00e9 int\u00e9rieure ;\n\u2022 des arr\u00eat\u00e9s de mise en demeure de quitter les lieux en cas d'occupation illicite du domicile\nd'autrui par un tiers au titre de la loi n\u00b02007-290 du 5 mars 2007 instituant le droit au\nlogement opposable et portant diverses mesures en faveur de la coh\u00e9sion sociale dite loi\n\u00ab DALO \u00bb\n2/3\nPr\u00e9fecture de la C\u00f4te-d'Or - 21-2024-11-29-00004 - \nArr\u00eat\u00e9 pr\u00e9fectoral n\u00b0 1825 / SG du 29 novembre 2024 \ndonnant d\u00e9l\u00e9gation de signature \u00e0 Monsieur Olivier GERSTL\u00c9, sous-pr\u00e9fet,\ndirecteur de cabinet du pr\u00e9fet de la r\u00e9gion Bourgogne-Franche-Comt\u00e9,\npr\u00e9fet de la C\u00f4te-d'Or\n37\n\u2022 des arr\u00eat\u00e9s portant interdiction temporaire de rassemblements festifs \u00e0 caract\u00e8re musical\nnon autoris\u00e9s et interdiction de circulation des v\u00e9hicules transportant du mat\u00e9riel de son \u00e0\ndestination d'un rassemblement festif musical non autoris\u00e9 ;\n\u2022 des arr\u00eat\u00e9s portant interdiction de stade  ;des attributions de subventions et conventions\nengageant financi\u00e8rement l'\u00c9tat ;\n\u2022 des conventions avec l'\u00c9tat ;\n\u2022 des  arr\u00eat\u00e9s  et  tous  actes  et  d\u00e9cisions  concernant  les  soins  psychiatriques  sans\nconsentement ;\n\u2022 des arr\u00eat\u00e9s et tous actes et d\u00e9cisions concernant les mesures d'\u00e9loignement du territoire\nfran\u00e7ais ainsi que le choix du pays de destination ; \n\u2022 des arr\u00eat\u00e9s portant immobilisation et/ou mise en fourri\u00e8re \u00e0 titre provisoire d'un v\u00e9hicule\nainsi que les autorisations d\u00e9finitives de sortie de mise en fourri\u00e8re, sur l'ensemble du\nd\u00e9partement ;\n\u2022 des lettres d'acceptation des d\u00e9missions des maires et des adjoints au maire ainsi que\ncelles  des  pr\u00e9sidents  et  vice-pr\u00e9sidents  d'\u00e9tablissements  publics  de  coop\u00e9ration\nintercommunale.\nArticle 4 : En cas d'absence ou d'emp\u00eachement de Monsieur Olivier GERSTL\u00c9, la d\u00e9l\u00e9gation\nde signature qui lui est consentie pourra \u00e9galement \u00eatre exerc\u00e9e par Monsieur Denis BRUEL ,\nsecr\u00e9taire g\u00e9n\u00e9ral de la pr\u00e9fecture de la C\u00f4te d'Or, ou par Madame Amelle GHAYOU, secr\u00e9taire\ng\u00e9n\u00e9rale adjointe de la pr\u00e9fecture de la C\u00f4te d'Or.\nArticle 5 :Le pr\u00e9sent arr\u00eat\u00e9 prendra effet le 2 d\u00e9cembre 2024.\nArticle 6 : Le secr\u00e9taire g\u00e9n\u00e9ral de la pr\u00e9fecture de la c\u00f4te d'or et le directeur de cabinet sont\ncharg\u00e9s, chacun pour ce qui le concerne, de l'ex\u00e9cution du pr\u00e9sent arr\u00eat\u00e9 qui sera publi\u00e9 au\nrecueil des actes administratifs de la pr\u00e9fecture de la C\u00f4te-d'Or.\nFait \u00e0 Dijon, le 29 novembre 2024\nLe pr\u00e9fet,\nSign\u00e9 : \nPaul MOURIER\n3/3\nPr\u00e9fecture de la C\u00f4te-d'Or - 21-2024-11-29-00004 - \nArr\u00eat\u00e9 pr\u00e9fectoral n\u00b0 1825 / SG du 29 novembre 2024 \ndonnant d\u00e9l\u00e9gation de signature \u00e0 Monsieur Olivier GERSTL\u00c9, sous-pr\u00e9fet,\ndirecteur de cabinet du pr\u00e9fet de la r\u00e9gion Bourgogne-Franche-Comt\u00e9,\npr\u00e9fet de la C\u00f4te-d'Or\n38\nPr\u00e9fecture de la C\u00f4te-d'Or\nP\u00f4le juridique inter-services\n21-2024-11-29-00009\nArr\u00eat\u00e9 pr\u00e9fectoral n\u00b0  1830 / SG du 29 novembre\n2024               \ndonnant d\u00e9l\u00e9gation de signature pour\nl'utilisation \nd'une carte d'achat nominative\nPr\u00e9fecture de la C\u00f4te-d'Or - 21-2024-11-29-00009 - Arr\u00eat\u00e9 pr\u00e9fectoral n\u00b0  1830 / SG du 29 novembre 2024               \ndonnant d\u00e9l\u00e9gation de signature pour l'utilisation \nd'une carte d'achat nominative\n39\nPREFETDE LACOTE-D'ORLibert\u00e9Egalit\u00e9Fraternit\u00e9Arr\u00eat\u00e9 pr\u00e9fectoral n\u00b0 1830 / SG du 29 novembre 2024donnant d\u00e9l\u00e9gation de signature pour l'utilisationd'une carte d'achat nominative\nLe pr\u00e9fet de la C\u00f4te d'Or\nVu le d\u00e9cret n\u00b0 2004-374 du 29 avril 2004 relatif aux pouvoirs des pr\u00e9fets, \u00e0 l'organisation et \u00e0 l'actiondes services de l'Etat dans les r\u00e9gions et d\u00e9partements :Vu le d\u00e9cret n\u00b0 2012-1246 modifi\u00e9 relatif \u00e0 la gestion budg\u00e9taire et comptable publique ;Vu le d\u00e9cret du 10 octobre 2024 nommant Monsieur Paul MOURIER, pr\u00e9fet de la r\u00e9gionBourgogne-Franche-Comt\u00e9, pr\u00e9fet dela Cote-d'Or;Vu le d\u00e9cret du 16 ao\u00fbt 2022 portant nomination de Monsieur Olivier GERSTL\u00c9 en qualit\u00e9 de sous-pr\u00e9fet, directeur de cabinet du pr\u00e9fet de la R\u00e9gion Bourgogne-Franche-Comt\u00e9, pr\u00e9fet de la C\u00f4te-d'Or ;Vu le d\u00e9cret du 29 d\u00e9cembre 2022 nommant Madame Amelle GHAYOU, administratrice territoriale,sous-pr\u00e9f\u00e8te charg\u00e9e de mission aupr\u00e8s du pr\u00e9fet de r\u00e9gion Bourgogne-Franche-Comt\u00e9, pr\u00e9fet dela C\u00f4te d'Or ;Vu le d\u00e9cret du 6 ju'illet 2023, nommant Monsieur Beno\u00eet BYRSKI, sous-pr\u00e9fet, sous-pr\u00e9fet deBeaune;Vu le d\u00e9cret du 17 novembre 2023 nommant Monsieur S\u00e9bastien LANOYE, sous-pr\u00e9fet, sous-pr\u00e9fet de Montbard ;Vu le d\u00e9cret du 14 novembre 2024 nommant Monsieur Denis BRUEL, administrateur de l'\u00c9tat dudeuxi\u00e8me grade, en qualit\u00e9 de secr\u00e9taire g\u00e9n\u00e9ral de la pr\u00e9fecture de la C\u00f4te-d'Or, sous-pr\u00e9fet deDijon;Vu l'arr\u00eat\u00e9 du Premier ministreet du ministre de l'Int\u00e9rieur en date du 12 janvier 2022 nommantMadame Anne COSTE DE CHAMPERON, administratice de I'Etat hors classe, en qualit\u00e9 desecr\u00e9taire g\u00e9n\u00e9rale pour les affaires r\u00e9gionales de la R\u00e9gion Bourgogne-Franche Comt\u00e9, \u00e0compter du 1* f\u00e9vrier 2022;Vu l'arr\u00eat\u00e9 du Premier Ministre et du Ministre de l'Int\u00e9rieur en date du 22 d\u00e9cembre 2022 nommantMadame Florence BERNARD, en qualit\u00e9 d'adjointe au secr\u00e9taire g\u00e9n\u00e9ral pour les affairesr\u00e9gionales de la R\u00e9gion Bourgogne \u2014 Franche-Comt\u00e9, en charge du p\u00f4le \u00ab politiques publiquesinterminist\u00e9rielles \u00bb, 'Vu larr\u00e9t\u00e9 du Premier Ministre et du Ministre de l'Int\u00e9rieur en date du 8 juin 2021 nommantMadame Milada PANTIC, en qualit\u00e9 d'adjointe au secr\u00e9taire g\u00e9n\u00e9ral pour les affaires r\u00e9gionales dela R\u00e9gion Bourgogne \u2014 Franche-Comt\u00e9, en charge du p\u00f4le \u00ab moyens, modernisation,mutualisations \u00bb,\nPr\u00e9fecture de la C\u00f4te-d'Or - 21-2024-11-29-00009 - Arr\u00eat\u00e9 pr\u00e9fectoral n\u00b0  1830 / SG du 29 novembre 2024               \ndonnant d\u00e9l\u00e9gation de signature pour l'utilisation \nd'une carte d'achat nominative\n40\nVu I arr\u00e9t\u00e9 pr\u00e9fectoral n\u00b0 1184/SG du 3 d\u00e9cembre 2020 portant organisation du Secr\u00e9tariat g\u00e9n\u00e9ralcommun d\u00e9partemental de la C\u00e9te d'Or ;Vu l'arr\u00eat\u00e9 pr\u00e9fectoral n\u00b0 1251/SG du 18 d\u00e9cembre 2020 portant organisation des services de lapr\u00e9fecture de la r\u00e9gion Bourgogne Franche-Comt\u00e9, pr\u00e9fecture de la C\u00f4te d'Or ;Vu l'arr\u00eat\u00e9 du Premier Ministre et du Ministre de l'Int\u00e9rieur en date du 1\u00b0 f\u00e9vrier 2024 nommantMme Nathalie BERGET, attach\u00e9e d'administration de I'Etat hors classe, directrice du secr\u00e9tariatg\u00e9n\u00e9ral commun d\u00e9partemental de la C\u00f4te d'Or \u00e0 compter de ce jour :Vu l'arr\u00eat\u00e9 pr\u00e9fectoral n\u00b0 1656 / SG du 28 octobre 2024 donnant d\u00e9l\u00e9gation de signature pourI'utilisation d'une carte d'achat nominative ;Sur proposition de Madame la secr\u00e9taire g\u00e9n\u00e9rale par int\u00e9rim de la pr\u00e9fecture de la C\u00f4te-d'Or ;\nARR\u00caTE\nArticle 1 : L'arr\u00eat\u00e9 pr\u00e9fectoral n\u00b0 1656/SG du 2 d\u00e9cembre 2024 donnant d\u00e9l\u00e9gation de signature pourl'utilisation d''une carte d'achat nominative et toutes dispositions ant\u00e9rieures sont abrog\u00e9s \u00e0 compterdu 2 d\u00e9cembre 2024.Article 2 : D\u00e9l\u00e9gation de signature est accord\u00e9e aux personnes figurant dans le tableau en annexe 1du pr\u00e9sent arr\u00e9t\u00e9, afin d'utiliser dans le cadre de leurs attributions, comp\u00e9tences et dans la limitefix\u00e9e, une carte d'achat nominative.\nArticle3 : Le secr\u00e9taire g\u00e9n\u00e9ral de la pr\u00e9fecture de la C\u00f4te-d'Or est charg\u00e9 de l'ex\u00e9cution du pr\u00e9sentarr\u00e9t\u00e9 qui sera publi\u00e9 au recueil des actes administratifs de la pr\u00e9fecture de la C\u00f4te d'Or.\nFait \u00e0 Dijon, le 29 novembre 2024Le pr\u00e9fetSign\u00e9 :\nPaul MOURIER\n22\nPr\u00e9fecture de la C\u00f4te-d'Or - 21-2024-11-29-00009 - Arr\u00eat\u00e9 pr\u00e9fectoral n\u00b0  1830 / SG du 29 novembre 2024               \ndonnant d\u00e9l\u00e9gation de signature pour l'utilisation \nd'une carte d'achat nominative\n41\nPorteur de carte d'achat\n|BERNARD Fiorence (carte Repr\u00e9sentation)BERNARD Ficrence {carte HFRR)BRUEL Denis (carte Repr\u00e9sentation)'BRUEL Denis (carte HFRRBRULE Thierry (carte Repr\u00e9sentation)BRULE Thierry (carte HFRRBYRSK] BENOIT (carte Re;r\u00e9sentation!BYRSKI BENOIT (carte HFRR)|CABROL J\u00e9r\u00f4me (carte Renr\u00e9sertation)CABROL J\u00e9r\u00f4me (carte HFRR)\n|CAILLOT Florine (carte Revr\u00e9sentation)CAILLOT Florine (carte HFRR)CASCHETTA Genevi\u00e8ve (carte Repr\u00e9sentation)|CASCHETTA Genevi\u00e9ve (carte HFRR)iCLEMENT Serije (carte Repr\u00e9sentation)COLIN J\u00e9r\u00f4me (carte Repr\u00e9sentation)|CONORT Bertrand (carte Repr\u00e9sentation(CONORT Bertrand (carte HFRR)(COSTE DE CHAMPERON Anne 'carte HFRR)|COSTE DE CHAMPERON Anne (carte Repr\u00e9sentation)BERGET Nathalle (carte Repr\u00e9sentation)BERGET Nathalie (carte HFRR)GERSTLE OLIVIER (carte HFRR)GHAYOU AMELLE (carte HFRR)GHAYOU AMELLE (carte Re\u00ffr\u00e9sentation)LANOYE SEBASTIEN (carte Repr\u00e9sentation'LANOYE SEBASTIEN (carte HFRR)LAUBIER Florence (carle Repr\u00e9sentation)|LAUBIER Florence (carte HFRR!(LEON Armelle (carte Revr\u00e9sentatior:)LEON Armelle (carte HFRR)MATHEY BONY Jean-Denis 'carte Repr\u00e9sentation)|MATHEY BONY Jean-Denis(carte HFRR)MOURIER Paul (carte Repr\u00e9sentation)MOURIER Paul (carte HFRR)NORDI Hugues (carte HFRR)NORDI Huvues (carte Relir\u00e9sentation)NOURDIN Isabelle (HORS FRR)NOURDIN Isabelle (carte Repr\u00e9sentationPANTIC Milada (carte HFRR)PANTIC Milada (carte Rebr\u00e9sentation)PRUDHOMME JeanRATEL Carole (carte Revr\u00e9sentation!RATEL Carole (carte HFRR)|ROOSE Didier 'carte Renr\u00e9sentation)ROOSE Didier (carte HFRR)\nFeuillel\nService\n'SGAR ADJOINTE'SGAR ADJOINTE'SECRETAIRE GENERALSECRETAIRE GENERALDIRECTION SECURITE[DIRECTION SECURITE[SOUS PREFET BEAUNE'SOUS PREFET BEAUNE|SP BEAUNE\n'SP BEAUNE|SP BEAUNE|SP BEAUNE\n(DIRECTRICE ADJOINTE DDPP|DIRECTRICE ADJOINTE DDPPISGC\u2014 LISICOMMUNICATION|RESIDENCE PREFET|RESIDENCE PREFETSGARSGAR[DIRECTRICESGCDIRECTRICE SGCDIRECTEUR DE CABINET|S6 ADJOINTE'SG ADJOINTE'SOUS PREFET MONTBARDSOUS PREFET MONTBARD[DIRECTRICEDDTDIRECTRICE DDT(DIRECTEUR DDETSDIRECTEUR DDETS(RESIDENCE PREFETRESIDENCE PREFET\\PREFETPREFETCONSEILLER DIPLOMATIQUE(CONSEILLER DIPLOMATIQUE\\DDPPDDPP|SGAR ADJOINTE(SGAR ADJOINTE'SGC- BUDGET ACHATASSISTANTE PREFET\u00ceASSISTANTE PREFETDIRECTEUR DDPP|DIRECTEUR DDPP\nPage 1\nPlafond annuel\n2500290072007200\n6000\n4000\n10000\n5700\n2000\n2000\n2600\n2000_60006000 -25000150004000040000150001700015000300004500620062006000,60001009010000, -50005000110004500060006000100010005000500020005000115000250001600050005000Fait \u00e0 Dijon, le 29/11/24Le pr\u00e9fet| Sign\u00e9 :Paul MOURIER\nPr\u00e9fecture de la C\u00f4te-d'Or - 21-2024-11-29-00009 - Arr\u00eat\u00e9 pr\u00e9fectoral n\u00b0  1830 / SG du 29 novembre 2024               \ndonnant d\u00e9l\u00e9gation de signature pour l'utilisation \nd'une carte d'achat nominative\n42\nPr\u00e9fecture de la C\u00f4te-d'Or - 21-2024-11-29-00009 - Arr\u00eat\u00e9 pr\u00e9fectoral n\u00b0  1830 / SG du 29 novembre 2024               \ndonnant d\u00e9l\u00e9gation de signature pour l'utilisation \nd'une carte d'achat nominative\n43\nPr\u00e9fecture de la C\u00f4te-d'Or\nP\u00f4le juridique inter-services\n21-2024-11-29-00005\nArr\u00eat\u00e9 pr\u00e9fectoral n\u00b0 1826 / SG du 29 novembre\n2024\ndonnant d\u00e9l\u00e9gation de signature \u00e0 Monsieur\nBeno\u00eet BYRSKI,\nsous-pr\u00e9fet de Beaune\nPr\u00e9fecture de la C\u00f4te-d'Or - 21-2024-11-29-00005 - Arr\u00eat\u00e9 pr\u00e9fectoral n\u00b0 1826 / SG du 29 novembre 2024\ndonnant d\u00e9l\u00e9gation de signature \u00e0 Monsieur Beno\u00eet BYRSKI,\nsous-pr\u00e9fet de Beaune\n44\nArr\u00eat\u00e9 pr\u00e9fectoral n\u00b0 1826 / SG du 29 novembre 2024\ndonnant d\u00e9l\u00e9gation de signature \u00e0 Monsieur Beno\u00eet BYRSKI,\nsous-pr\u00e9fet de Beaune\nLe pr\u00e9fet de la C\u00f4te-d'Or\nVu la  loi  n\u00b0  82.213  du  2  mars  1982  modifi\u00e9e  relative  aux  droits  et  libert\u00e9s  des\ncommunes, des d\u00e9partements et des r\u00e9gions ;\nVu le  d\u00e9cret  n\u00b0  2004-374  du  29  avril  2004  relatif  aux  pouvoirs  des  pr\u00e9fets,  \u00e0\nl'organisation et \u00e0 l'action des services de l'\u00c9tat dans les r\u00e9gions et d\u00e9partements,\nmodifi\u00e9 par le d\u00e9cret n\u00b0 2010-146 du 16 f\u00e9vrier 2010 et par le d\u00e9cret n\u00b0 2010-687 du 24\njuin 2010 ;\nVu le d\u00e9cret n\u00b0 2008-158 du 22 f\u00e9vrier 2008 relatif \u00e0 la suppl\u00e9ance des pr\u00e9fets de\nr\u00e9gion  et  \u00e0  la  d\u00e9l\u00e9gation  de  signature  des  pr\u00e9fets  et  hauts  commissaires  de  la\nR\u00e9publique en Polyn\u00e9sie fran\u00e7aise et en Nouvelle-Cal\u00e9donie ;\nVu le d\u00e9cret n\u00b0 2009-176 du 16 f\u00e9vrier 2009 modifiant le d\u00e9cret n\u00b0 64-805 du 29  juillet\n1964 fixant les dispositions r\u00e9glementaires applicables aux pr\u00e9fets et le d\u00e9cret n\u00b0 2004-\n374 du 29 avril 2004 relatif aux pouvoirs des pr\u00e9fets, \u00e0 l'organisation et \u00e0 l'action des\nservices de l'\u00c9tat dans les r\u00e9gions et d\u00e9partements ;\nVu le d\u00e9cret du 10 octobre 2024 nommant Monsieur Paul MOURIER, pr\u00e9fet de la r\u00e9gion\nBourgogne-Franche-Comt\u00e9, pr\u00e9fet de la C\u00f4te d'Or ;\nVu le  d\u00e9cret  du  16  ao\u00fbt  2022  portant  nomination  de  Monsieur  Olivier  GERSTL\u00c9,\nadministrateur civil, en qualit\u00e9 de sous-pr\u00e9fet, directeur de cabinet du pr\u00e9fet de la r\u00e9gion\nBourgogne-Franche-Comt\u00e9, pr\u00e9fet de la C\u00f4te-d'Or ;\nVu le d\u00e9cret du 6 juillet 2023, portant nomination de Monsieur Beno\u00eet BYRSKI, en\nqualit\u00e9 de sous-pr\u00e9fet de Beaune ;\nVu le d\u00e9cret du 17 novembre 2023 portant nomination de Monsieur S\u00e9bastien LANOYE,\nsous- pr\u00e9fet de Montbard ;\nVu le d\u00e9cret du 14 novembre 2024 portant nomination de Monsieur Denis BRUEL, en\nqualit\u00e9 de secr\u00e9taire g\u00e9n\u00e9ral de la pr\u00e9fecture de la C\u00f4te-d'Or, sous-pr\u00e9fet de Dijon ;\nVu l'arr\u00eat\u00e9 pr\u00e9fectoral n\u00b0 1643/SG du 28 octobre 2024 donnant d\u00e9l\u00e9gation de signature\n\u00e0 Monsieur Beno\u00eet BYRSKI, sous-pr\u00e9fet de Beaune ;\nPr\u00e9fecture de la C\u00f4te-d'Or - 21-2024-11-29-00005 - Arr\u00eat\u00e9 pr\u00e9fectoral n\u00b0 1826 / SG du 29 novembre 2024\ndonnant d\u00e9l\u00e9gation de signature \u00e0 Monsieur Beno\u00eet BYRSKI,\nsous-pr\u00e9fet de Beaune\n45\nSur proposition de Madame la secr\u00e9taire g\u00e9n\u00e9rale par int\u00e9rim de la pr\u00e9fecture de la\nC\u00f4te-d'Or ;\nARR\u00caTE\nArticle 1  er   : L'arr\u00eat\u00e9 pr\u00e9fectoral n\u00b0 1643/SG du 28 octobre 2024 donnant d\u00e9l\u00e9gation de\nsignature  \u00e0  Monsieur  Beno\u00eet  BYRSKI,  sous-pr\u00e9fet  de  Beaune,  ainsi  que  toutes\ndispositions ant\u00e9rieures contraires aux pr\u00e9sents arr\u00eat\u00e9s sont abrog\u00e9s.\nArticle 2 : D\u00e9l\u00e9gation de signature est donn\u00e9e \u00e0 Monsieur Beno\u00eet BYRSKI , sous-pr\u00e9fet\nde  Beaune,  \u00e0  l'effet  de  signer  les  d\u00e9cisions  suivantes  dans  le  ressort  de\nl'arrondissement de Beaune :\nPOLICE G\u00c9N\u00c9RALE :\n1. octroi du concours de la force publique pour l'ex\u00e9cution des jugements d'expulsion des\nlocataires ;\n2. indemnisation en responsabilit\u00e9 de l'\u00c9tat en cas de refus d'octroi du concours de la\nforce publique pour l'ex\u00e9cution des jugements d'expulsion ;\n3. r\u00e9quisitions de logements ;\n4. toute autorisation relative \u00e0 la police des caf\u00e9s, d\u00e9bits de boissons, bals, spectacles et\nautres lieux publics exc\u00e9dant la comp\u00e9tence des autorit\u00e9s municipales ;\n5. fermeture administrative des d\u00e9bits de boissons pour une dur\u00e9e n'exc\u00e9dant pas trois\nmois ;\n6. d\u00e9cisions relatives au transfert de licences de d\u00e9bit de boissons ;\n7. r\u00e9c\u00e9piss\u00e9s de brocanteurs, colporteurs, revendeurs d'objets mobiliers ;\n8. r\u00e9c\u00e9piss\u00e9s de d\u00e9claration et autorisations des courses p\u00e9destres, cyclistes, hippiques\net  manifestations  nautiques  se  d\u00e9roulant  exclusivement  sur  le  territoire  de\nl'arrondissement,  et  manifestations  de  v\u00e9hicules  \u00e0  moteurs  sur  voie  ouverte  \u00e0  la\ncirculation  ou  sur  circuits  homologu\u00e9s  ou  non,  et  homologation  des  circuits  pour\nv\u00e9hicules \u00e0 moteur ;\n9. autorisations d'utilisation temporaire des locaux scolaires ;\n10.reconnaissance de l'aptitude technique des gardes particuliers ;\n11.agr\u00e9ment  et  retrait  d'agr\u00e9ment  des  gardes  particuliers,  gardes-chasse  et  gardes-\np\u00eache, et d\u00e9livrance des cartes d'agr\u00e9ment ;\n12.installation et prestation de serment des fonctionnaires de l'\u00c9tat  ;\n13.nomination des commissaires-enqu\u00eateurs et ouverture des enqu\u00eates de commodo et\nincommodo : tous actes de proc\u00e9dure ;\n14.autorisations de versement d'indemnit\u00e9s aux fonctionnaires de l'\u00c9tat pour les services\nrendus aux communes et \u00e9tablissements publics communaux ou intercommunaux,\ndans la limite r\u00e9glementaire ;\n15.autorisations de poursuite par voie de vente ;\n2/7\nPr\u00e9fecture de la C\u00f4te-d'Or - 21-2024-11-29-00005 - Arr\u00eat\u00e9 pr\u00e9fectoral n\u00b0 1826 / SG du 29 novembre 2024\ndonnant d\u00e9l\u00e9gation de signature \u00e0 Monsieur Beno\u00eet BYRSKI,\nsous-pr\u00e9fet de Beaune\n46\n16.arr\u00eat\u00e9s modifiant les heures de scrutin pour les \u00e9lections aux Chambres Consulaires\net \u00e0 la Mutualit\u00e9 Sociale Agricole ;\n17.arr\u00eat\u00e9s d'occupation temporaire et de p\u00e9n\u00e9tration sur les propri\u00e9t\u00e9s priv\u00e9es en vue de\nla r\u00e9alisation de travaux publics ;\n18.en mati\u00e8re de l\u00e9gislation fun\u00e9raire :\n\u2022 arr\u00eat\u00e9s d'inhumation et de cr\u00e9mation hors des d\u00e9lais l\u00e9gaux,\n\u2022 arr\u00eat\u00e9s d'inhumation en terrain priv\u00e9,\n\u2022 arr\u00eat\u00e9s de transport de corps hors du territoire national,\n\u2022 arr\u00eat\u00e9s de transport d'urne cin\u00e9raire hors du territoire national,\n\u2022 habilitation des entreprises de pompes fun\u00e8bres ;\n19.d\u00e9cisions  de  la  commission  de  s\u00e9curit\u00e9  et  d'accessibilit\u00e9  de  l'arrondissement,  y\ncompris les d\u00e9cisions de la sous-commission de s\u00e9curit\u00e9 et d'accessibilit\u00e9 ;\n20.arr\u00eat\u00e9s pr\u00e9fectoraux de d\u00e9rogation aux r\u00e8gles de s\u00e9curit\u00e9 et d'accessibilit\u00e9 concernant\nles \u00e9tablissements recevant du public ;\n21.arr\u00eat\u00e9s portant rattachement d'une personne sans r\u00e9sidence ni domicile fixe \u00e0 une\ncommune de l'arrondissement ;\n22.r\u00e9c\u00e9piss\u00e9s de d\u00e9claration de manifestations sur la voie publique ;\nADMINISTRATION LOCALE :\n1. acceptation des d\u00e9missions d'adjoint au maire ;\n2. lettres d'observation aux collectivit\u00e9s dans le cadre du contr\u00f4le des actes et du\ncontr\u00f4le budg\u00e9taire ;\n3. cr\u00e9ation,  modification  et  dissolution  des  associations  syndicales  libres  et  des\nassociations fonci\u00e8res urbaines libres ;\n4. cr\u00e9ation,  contr\u00f4le,  modification,  dissolution,  union  et  fusion  des  associations\nsyndicales autoris\u00e9es ;\n5. cr\u00e9ation, contr\u00f4le, modification, dissolution des associations fonci\u00e8res urbaines\nautoris\u00e9es  et  transformation  des  associations  fonci\u00e8res  de  remembrement  en\nassociations syndicales autoris\u00e9es ;\n6. cr\u00e9ation,  modification  et  dissolution  des  syndicats  intercommunaux,  des\ncommunaut\u00e9s de communes et des syndicats mixtes de 1 \u00e8re ou 2 \u00e8me cat\u00e9gorie\nlorsque tous les membres et le si\u00e8ge sont dans l'arrondissement ;\n7. demande au maire de r\u00e9unir le conseil municipal avec possibilit\u00e9 d'abr\u00e9ger le d\u00e9lai\nen cas d'urgence (article L.2121.9 du code g\u00e9n\u00e9ral des collectivit\u00e9s territoriales)  ;\n8. demande d'avis du conseil municipal pr\u00e9vu par l'article L.2121.29 du code g\u00e9n\u00e9ral\ndes collectivit\u00e9s territoriales ;\n9. convocation  des  \u00e9lecteurs  pour  toute  \u00e9lection  municipale  compl\u00e9mentaire  (et\nnotamment en application de l'article L.258 du code \u00e9lectoral) ;\n10. r\u00e9ception des candidatures et d\u00e9livrance des re\u00e7us de d\u00e9p\u00f4t et des r\u00e9c\u00e9piss\u00e9s\nd\u00e9finitifs  de  d\u00e9clarations  de  candidatures  pour  les  \u00e9lections  municipales\ncompl\u00e9mentaires dans les communes de l'arrondissement de Beaune ;\n3/7\nPr\u00e9fecture de la C\u00f4te-d'Or - 21-2024-11-29-00005 - Arr\u00eat\u00e9 pr\u00e9fectoral n\u00b0 1826 / SG du 29 novembre 2024\ndonnant d\u00e9l\u00e9gation de signature \u00e0 Monsieur Beno\u00eet BYRSKI,\nsous-pr\u00e9fet de Beaune\n47\n11. d\u00e9signation  des  membres  des  commissions  de  contr\u00f4le  des  listes  \u00e9lectorales\ninstitu\u00e9es dans les communes de l'arrondissement de Beaune ;\n12. substitution au maire dans les cas pr\u00e9vus par les articles L.2122.34, L.2213.17, et\nL.2215.1 du code g\u00e9n\u00e9ral des collectivit\u00e9s territoriales  ;convocation des \u00e9lecteurs\npour  la  d\u00e9signation  des  commissions  syndicales,  fixation  de  la  dur\u00e9e  de  la\ncommission, consultation de la commission et consultation du conseil municipal ;\n13. approbation des d\u00e9lib\u00e9rations des conseils municipaux pr\u00e9vue \u00e0 l'article L.2544.4\ndu code g\u00e9n\u00e9ral des collectivit\u00e9s territoriales (section de commune poss\u00e9dant un\npatrimoine s\u00e9par\u00e9) ;\n14. en mati\u00e8re de sections de commune :\n\u2022 arr\u00eat\u00e9s  pronon\u00e7ant le transfert des biens d'une section  de commune \u00e0  la\ncommune (article L.2411.11 du code g\u00e9n\u00e9ral des collectivit\u00e9s territoriales) ;\n\u2022 convocation  des  \u00e9lecteurs  dans  le  cas  pr\u00e9vu  \u00e0  l'article  L.2411.9  du  code\ng\u00e9n\u00e9ral des collectivit\u00e9s territoriales ;\n15. en mati\u00e8re de biens indivis :\n\u2022 constitution  des  commissions  syndicales  en  l'absence  de  d\u00e9cision  des\nconseils  municipaux  concern\u00e9s  et  arr\u00eat\u00e9  constitutif  en  cas  d'accord  des\nconseils  municipaux  (articles  L.5222.1  du  code  g\u00e9n\u00e9ral  des  collectivit\u00e9s\nterritoriales) ;\n\u2022 r\u00e9partition des exc\u00e9dents en cas de d\u00e9saccord ou si les conseils municipaux\nn'ont pas d\u00e9lib\u00e9r\u00e9 dans les d\u00e9lais prescrits (article L.5222.2 du code g\u00e9n\u00e9ral\ndes collectivit\u00e9s territoriales) ;\n16. approbation des d\u00e9lib\u00e9rations, budgets et march\u00e9s des associations fonci\u00e8res de\nremembrement,  des  associations  syndicales  autoris\u00e9es  et  des  associations\nfonci\u00e8res urbaines autoris\u00e9es ;\n17. r\u00f4les dress\u00e9s pour le recouvrement des taxes ou cotisations par les associations\nfonci\u00e8res de remembrement ;\n18. \u00e9tats  annuels  de  notification  des  taux  d'imposition  des  quatre  taxes  directes\nlocales (\u00e9tats nos 1253 et 1259 MI) ;\n19. cr\u00e9ation d'office des cimeti\u00e8res dans les cas pr\u00e9vus par la loi ;\n20. prescription des enqu\u00eates pr\u00e9alables \u00e0 la modification des limites territoriales des\ncommunes  pr\u00e9vues  \u00e0  l'article  L.2112.2  du  code  g\u00e9n\u00e9ral  des  collectivit\u00e9s\nterritoriales ;\n21. arr\u00eat\u00e9s portant modification des limites territoriales des communes situ\u00e9es dans\nl'arrondissement, dans le cas o\u00f9 les limites cantonales ou d\u00e9partementales ne\nsont pas modifi\u00e9es ;\n22. institution de la commission syndicale pr\u00e9vue \u00e0 l'article L.2112.3 du code g\u00e9n\u00e9ral\ndes collectivit\u00e9s territoriales, dans les conditions d\u00e9finies \u00e0 l'article R.151.6 du code\ndes communes ;\n23. d\u00e9signation du d\u00e9l\u00e9gu\u00e9 de l'administration au sein des commissions communales\ncharg\u00e9es de r\u00e9viser la liste \u00e9lectorale composant le coll\u00e8ge d\u00e9partemental des\npropri\u00e9taires forestiers ;\n4/7\nPr\u00e9fecture de la C\u00f4te-d'Or - 21-2024-11-29-00005 - Arr\u00eat\u00e9 pr\u00e9fectoral n\u00b0 1826 / SG du 29 novembre 2024\ndonnant d\u00e9l\u00e9gation de signature \u00e0 Monsieur Beno\u00eet BYRSKI,\nsous-pr\u00e9fet de Beaune\n48\n24. contr\u00f4le de l\u00e9galit\u00e9 des actes des soci\u00e9t\u00e9s d'\u00e9conomie mixte dont le si\u00e8ge est\nsitu\u00e9 dans l'arrondissement ;\n25. d\u00e9cisions d'agr\u00e9ment des agents de police municipale (article 7 de la loi n\u00b0 99-291\ndu 15 avril 1999) et cartes professionnelles correspondantes ;\n26. arr\u00eat\u00e9s  de  paiement FCTVA et leur  notification  et  validation  \u00e9lectronique  des\narr\u00eat\u00e9s d'attribution du Fonds de compensation pour la TVA ;\n27. convention entre le repr\u00e9sentant de l'\u00c9tat et les b\u00e9n\u00e9ficiaires du fonds, s'agissant\nde l'application du dispositif du plan de relance de l'\u00e9conomie relatif au FCTVA ;\n28. arr\u00eat\u00e9s  constatant  que  les  collectivit\u00e9s  b\u00e9n\u00e9ficiaires  du  fonds,  s'agissant  de\nl'application du dispositif du plan de relance de l'\u00e9conomie relatif au FCTVA, ont ou\nn'ont pas respect\u00e9 leurs engagements ;\n29. d\u00e9rogations scolaires  : arbitrage en mati\u00e8re de participation financi\u00e8re entre les\ncollectivit\u00e9s de r\u00e9sidence et de scolarisation\n30. Signature  des  conventions  relatives  \u00e0  l'exp\u00e9rimentation  du  Compte  Financier\nUnique.\nArticle  3  : D\u00e9l\u00e9gation  est  donn\u00e9e  \u00e0  Monsieur  Laurent  BOILL\u00c9E,  attach\u00e9\nd'administration  de  l'\u00c9tat  hors  classe,  secr\u00e9taire  g\u00e9n\u00e9ral  de  la  sous-pr\u00e9fecture  de\nBeaune,  \u00e0  l'effet  de  signer  dans  le  ressort  de  l'arrondissement  de  Beaune  les\ndocuments suivants :\n1. d\u00e9cisions de la commission de s\u00e9curit\u00e9 et d'accessibilit\u00e9 de l'arrondissement, y\ncompris les d\u00e9cisions de la sous-commission de s\u00e9curit\u00e9 et d'accessibilit\u00e9 ;\n2. arr\u00eat\u00e9s  pr\u00e9fectoraux  de  d\u00e9rogation  aux  r\u00e8gles  de  s\u00e9curit\u00e9  et  d'accessibilit\u00e9\nconcernant les \u00e9tablissements recevant du public ;\n3. r\u00f4les dress\u00e9s pour le recouvrement des taxes ou cotisations par les associations\nfonci\u00e8res de remembrement ou par les associations syndicales autoris\u00e9es ;\n4. \u00e9tats annuels de notification des taux d'imposition des quatre taxes directes locales\n(\u00e9tats nos 1253 et 1259 MI) ;\n5. r\u00e9c\u00e9piss\u00e9s de brocanteurs, de colporteurs, revendeurs d'objets mobiliers ;\n6. en mati\u00e8re de l\u00e9gislation fun\u00e9raire :\n\u2022 arr\u00eat\u00e9s d'inhumation et de cr\u00e9mation hors des d\u00e9lais l\u00e9gaux,\n\u2022 arr\u00eat\u00e9s d'inhumation en terrain priv\u00e9,\n\u2022 arr\u00eat\u00e9s de transport de corps hors du territoire national,\n\u2022 arr\u00eat\u00e9s de transport d'urne cin\u00e9raire hors du territoire national,\n5/7\nPr\u00e9fecture de la C\u00f4te-d'Or - 21-2024-11-29-00005 - Arr\u00eat\u00e9 pr\u00e9fectoral n\u00b0 1826 / SG du 29 novembre 2024\ndonnant d\u00e9l\u00e9gation de signature \u00e0 Monsieur Beno\u00eet BYRSKI,\nsous-pr\u00e9fet de Beaune\n49\n\u2022 habilitation des entreprises de pompes fun\u00e8bres ;\n7. r\u00e9c\u00e9piss\u00e9s  de  d\u00e9claration  et  autorisations  des  courses  p\u00e9destres,  cyclistes  et\nhippiques et manifestations nautiques se d\u00e9roulant exclusivement sur le territoire de\nl'arrondissement  et  manifestations  de  v\u00e9hicules  moteurs  sur  voie  ouverte  \u00e0  la\ncirculation  ou  sur  circuit  homologu\u00e9  ou  non,  et  homologation  des  circuits  pour\nv\u00e9hicules \u00e0 moteur ;\n8. reconnaissance de l'aptitude technique des gardes particuliers ;\n9. agr\u00e9ment et retrait d'agr\u00e9ment des gardes particuliers, gardes-chasse et gardes-\np\u00eache, et d\u00e9livrance des cartes d'agr\u00e9ment ;\n10. d\u00e9cisions d'agr\u00e9ment des agents de police municipale et cartes professionnelles\ncorrespondantes ;\n11. installation et prestation de serment des fonctionnaires de l'\u00c9tat  ;\n12. arr\u00eat\u00e9s portant rattachement d'une personne sans r\u00e9sidence ni domicile fixe \u00e0 une\ncommune de l'arrondissement ;\n13. tout document et correspondance administratifs non opposables aux tiers, visa\ndes r\u00f4les dress\u00e9s pour le recouvrement des taxes ou cotisations par les associations\nfonci\u00e8res de remembrement ou par les associations syndicales autoris\u00e9es ;\n14. arr\u00eat\u00e9s  de  paiement FCTVA et leur notification   et  validation \u00e9lectronique des\narr\u00eat\u00e9s d'attribution du Fonds de compensation pour la TVA ;\n15. convention entre le repr\u00e9sentant de l'\u00c9tat et les b\u00e9n\u00e9ficiaires du fonds, s'agissant\nde l'application du dispositif du plan de relance de l'\u00e9conomie relatif au FCTVA ;\n16. arr\u00eat\u00e9s  constatant  que  les  collectivit\u00e9s  b\u00e9n\u00e9ficiaires  du  fonds,  s'agissant  de\nl'application du dispositif du plan de relance de l'\u00e9conomie relatif au FCTVA, ont ou\nn'ont pas respect\u00e9 leurs engagements ;\n17. convocation  des  \u00e9lecteurs  pour  toute  \u00e9lection  municipale  compl\u00e9mentaire  (et\nnotamment en application de l'article L.258 du code \u00e9lectoral) ;\n18. r\u00e9ception des candidatures et d\u00e9livrance des re\u00e7us de d\u00e9p\u00f4t et des r\u00e9c\u00e9piss\u00e9s\nd\u00e9finitifs  de  d\u00e9clarations  de  candidatures  pour  les  \u00e9lections  municipales\ncompl\u00e9mentaires dans les communes de l'arrondissement de Beaune ;\n19. attestation pr\u00e9fectorale de d\u00e9livrance initiale d'un permis de chasser\nArticle 4 : En cas d'absence ou d'emp\u00eachement de M. Laurent BOILL\u00c9E, la d\u00e9l\u00e9gation\nqui lui est consentie par l'article 3, sera exerc\u00e9e par Madame La\u00efla BENJDIR, attach\u00e9e,\nadjointe au secr\u00e9taire g\u00e9n\u00e9ral.\n6/7\nPr\u00e9fecture de la C\u00f4te-d'Or - 21-2024-11-29-00005 - Arr\u00eat\u00e9 pr\u00e9fectoral n\u00b0 1826 / SG du 29 novembre 2024\ndonnant d\u00e9l\u00e9gation de signature \u00e0 Monsieur Beno\u00eet BYRSKI,\nsous-pr\u00e9fet de Beaune\n50\nArticle 5 : En cas d'absence ou d'emp\u00eachement de Monsieur  Laurent BOILL\u00c9E et de\nMadame  La\u00efla  BENJDIR,  la  d\u00e9l\u00e9gation  consentie  par  l'article  3  sera  exerc\u00e9e  par\nMadame C\u00e9cile RAVRY, secr\u00e9taire administrative de classe exceptionnelle, cheffe du\np\u00f4le \u00ab s\u00e9curit\u00e9 et r\u00e9glementation \u00bb.\nArticle 6 : En cas d'absence ou d'emp\u00eachement de  Monsieur BYRSKI , sous-pr\u00e9fet de\nl'arrondissement  de  Beaune,  et  notamment  pendant  ses  cong\u00e9s,  la  d\u00e9l\u00e9gation  de\nsignature qui lui est consentie par l'article 2 du pr\u00e9sent arr\u00eat\u00e9 pourra \u00eatre exerc\u00e9e par\nMonsieur Denis BRUEL, secr\u00e9taire g\u00e9n\u00e9ral de la pr\u00e9fecture de la C\u00f4te- d'Or  et, en cas\nd'emp\u00eachement  de  ce  dernier,  par  Monsieur  S\u00e9bastien  LANOYE,  sous-pr\u00e9fet  de\nl'arrondissement de Montbard.\nArticle 7 : Le pr\u00e9sent arr\u00eat\u00e9 prendra effet le lundi 2 d\u00e9cembre 2024.\nArticle 8  : Le secr\u00e9taire g\u00e9n\u00e9ral de la pr\u00e9fecture de la C\u00f4te-d'Or, le sous-pr\u00e9fet de\nBeaune, le sous-pr\u00e9fet de Montbard, le secr\u00e9taire g\u00e9n\u00e9ral de la sous-pr\u00e9fecture de\nBeaune et les agents b\u00e9n\u00e9ficiaires de la d\u00e9l\u00e9gation de signature sont charg\u00e9s, chacun\nen ce qui le concerne de l'ex\u00e9cution du pr\u00e9sent arr\u00eat\u00e9 qui sera publi\u00e9 au recueil des\nactes administratifs de la pr\u00e9fecture de la C\u00f4te-d'Or.\nFait \u00e0 Dijon, le 29 novembre 2024\nLe pr\u00e9fet,\nSign\u00e9 : \n   Paul MOURIER\n7/7\nPr\u00e9fecture de la C\u00f4te-d'Or - 21-2024-11-29-00005 - Arr\u00eat\u00e9 pr\u00e9fectoral n\u00b0 1826 / SG du 29 novembre 2024\ndonnant d\u00e9l\u00e9gation de signature \u00e0 Monsieur Beno\u00eet BYRSKI,\nsous-pr\u00e9fet de Beaune\n51\nPr\u00e9fecture de la C\u00f4te-d'Or\nP\u00f4le juridique inter-services\n21-2024-11-29-00008\nArr\u00eat\u00e9 pr\u00e9fectoral n\u00b0 1828 / SG du 29 novembre\n2024\ndonnant d\u00e9l\u00e9gation de signature \u00e0 l'occasion des\npermanences de week-ends, de jours f\u00e9ri\u00e9s ou de\njours ch\u00f4m\u00e9s\nPr\u00e9fecture de la C\u00f4te-d'Or - 21-2024-11-29-00008 - Arr\u00eat\u00e9 pr\u00e9fectoral n\u00b0 1828 / SG du 29 novembre 2024\ndonnant d\u00e9l\u00e9gation de signature \u00e0 l'occasion des permanences de week-ends, de jours f\u00e9ri\u00e9s ou de jours ch\u00f4m\u00e9s 52\nArr\u00eat\u00e9 pr\u00e9fectoral n\u00b0 1828 / SG du 29 novembre 2024\ndonnant d\u00e9l\u00e9gation de signature \u00e0 l'occasion des permanences de week-ends, de jours f\u00e9ri\u00e9s\nou de jours ch\u00f4m\u00e9s\nLe Pr\u00e9fet de la C\u00f4te-d'Or\nVu la loi n\u00b0 82.213 du 2 mars 1982 modifi\u00e9e relative aux droits et libert\u00e9s des communes, des\nd\u00e9partements et des r\u00e9gions ;\nVu le d\u00e9cret n\u00b0 2004-374 du 29 avril 2004 relatif aux pouvoirs des pr\u00e9fets, \u00e0 l'organisation et \u00e0\nl'action des services de l'\u00c9tat dans les r\u00e9gions et d\u00e9partements, modifi\u00e9 par le d\u00e9cret n\u00b0 2010-\n146 du 16 f\u00e9vrier 2010 et par le d\u00e9cret n\u00b0 2010-687 du 24 juin 2010  ;\nVu le d\u00e9cret n\u00b0 2008-158 du 22 f\u00e9vrier 2008 relatif \u00e0 la suppl\u00e9ance des pr\u00e9fets de r\u00e9gion et \u00e0 la\nd\u00e9l\u00e9gation  de  signature  des  pr\u00e9fets  et  hauts  commissaires  de  la  R\u00e9publique  en  Polyn\u00e9sie\nfran\u00e7aise et en Nouvelle-Cal\u00e9donie ;\nVu le d\u00e9cret n\u00b0 2009-176 du 16 f\u00e9vrier 2009 modifiant le d\u00e9cret n\u00b0 64-805 du 29  juillet 1964\nfixant les dispositions r\u00e9glementaires applicables aux pr\u00e9fets et le d\u00e9cret n\u00b0 2004-374 du 29 avril\n2004 relatif aux pouvoirs des pr\u00e9fets, \u00e0 l'organisation et \u00e0 l'action des services de l'\u00c9tat dans les\nr\u00e9gions et d\u00e9partements ;\nVu le  d\u00e9cret  du  10  octobre  2024  nommant  Monsieur  Paul  MOURIER,  pr\u00e9fet  de  la  r\u00e9gion\nBourgogne-Franche-Comt\u00e9, pr\u00e9fet de la C\u00f4te-d'Or;\nVu l'arr\u00eat\u00e9 du Premier ministre et du ministre de l'Int\u00e9rieur en date du 12 janvier 2022 nommant\nMme  Anne  COSTE  DE CHAMPERON,  administratrice  de l'\u00c9tat  hors  classe,  en qualit\u00e9  de\nsecr\u00e9taire g\u00e9n\u00e9rale pour les affaires r\u00e9gionales de la R\u00e9gion Bourgogne-Franche-Comt\u00e9, \u00e0\ncompter du 1er f\u00e9vrier 2022;\nVu le d\u00e9cret du 16 ao\u00fbt 2022 portant nomination de Monsieur Olivier GERSTL\u00c9, sous-pr\u00e9fet, en\nqualit\u00e9 de sous-pr\u00e9fet, directeur de cabin et du pr\u00e9fet de la R\u00e9gion Bourgogne-Franche-Comt\u00e9,\npr\u00e9fet de la C\u00f4te-d'Or ;\nVu le d\u00e9cret du 29 d\u00e9cembre 2022 portant nomination de Mme Amelle GHAYOU, administratrice\nterritoriale, sous-pr\u00e9f\u00e8te  charg\u00e9e de mission apr\u00e8s du pr\u00e9fet  de r\u00e9gion Bourgogne-Franche-\nComt\u00e9, pr\u00e9fet de la C\u00f4te-d'Or ;\nVu le d\u00e9cret du 6 juillet 2023 portant nomination de Monsieur Beno\u00eet BYRSKI en qualit\u00e9 de sous-\npr\u00e9fet de Beaune ;\nVu le d\u00e9cret du 17 novembre 2023 portant nomination de Monsieur S\u00e9bastien LANOYE en\nqualit\u00e9 de sous-pr\u00e9fet de Montbard ;\nVu le  d\u00e9cret  du  14  novembre  2024  portant  nomination  de  Monsieur  Denis  BRUEL,\nadministrateur de l'\u00c9tat du deuxi\u00e8me grade, en qualit\u00e9 de secr\u00e9taire g\u00e9n\u00e9ral de la pr\u00e9fecture de\nla C\u00f4te-d'Or, sous-pr\u00e9fet de Dijon (groupe II) ;    \nPr\u00e9fecture de la C\u00f4te-d'Or - 21-2024-11-29-00008 - Arr\u00eat\u00e9 pr\u00e9fectoral n\u00b0 1828 / SG du 29 novembre 2024\ndonnant d\u00e9l\u00e9gation de signature \u00e0 l'occasion des permanences de week-ends, de jours f\u00e9ri\u00e9s ou de jours ch\u00f4m\u00e9s 53\nVu l'arr\u00eat\u00e9  pr\u00e9fectoral  n\u00b0  1649/SG  du  28  octobre  2024 donnant  d\u00e9l\u00e9gation  de  signature  \u00e0\nl'occasion des permanences de week-ends, de jours f\u00e9ri\u00e9s ou de jours ch\u00f4m\u00e9s ;\nConsid\u00e9rant que la mise en place de tours de permanence pendant les week-ends, jours f\u00e9ri\u00e9s\net ch\u00f4m\u00e9s constitue un moyen visant \u00e0 assurer la continuit\u00e9 du service public  ;\nSur proposition de Madame l a   secr\u00e9taire g\u00e9n\u00e9rale par int\u00e9rim de la pr\u00e9fecture de la C\u00f4te-\nd'Or ;\nARR\u00caTE\nArticle  1er     :   L'arr\u00eat\u00e9  pr\u00e9fectoral  n\u00b0  1649/SG  du  28  octobre  2024 donnant  d\u00e9l\u00e9gation  de\nsignature \u00e0 l'occasion des permanences de week-ends, de jours f\u00e9ri\u00e9s ou de jours ch\u00f4m\u00e9s et\ntoutes  dispositions  ant\u00e9rieures  contraires  au  pr\u00e9sent  arr\u00eat\u00e9  sont  abrog\u00e9s  \u00e0  compter  du  2\nd\u00e9cembre 2024.\nArticle  2 :  Pendant  les  permanences  des  week-ends,  de  jours  f\u00e9ri\u00e9s  et  de  jours  ch\u00f4m\u00e9s,\nd\u00e9l\u00e9gation de signature est donn\u00e9e en toutes mati\u00e8res, sous r\u00e9serve des exceptions \u00e9num\u00e9r\u00e9es\n\u00e0 l'article 3, pour l'ensemble du d\u00e9partement et en fonction du tour de permanence pr\u00e9\u00e9tabli soit\n\u00e0 :\n- Monsieur Denis BRUEL, secr\u00e9taire g\u00e9n\u00e9ral de la pr\u00e9fecture de la C\u00f4te-d'Or  ;\n-  Madame  Amelle  GHAYOU,  sous-pr\u00e9f\u00e8te  charg\u00e9e  de  mission  aupr\u00e8s  du  pr\u00e9fet  de  la  r\u00e9gion\nBourgogne-Franche-Comt\u00e9, pr\u00e9fet de la C\u00f4te-d'Or ;\n - Monsieur Olivier GERSTL\u00c9, sous-pr\u00e9fet, directeur de cabinet du pr\u00e9fet de la R\u00e9gion Bourgogne-\nFranche-Comt\u00e9, pr\u00e9fet de la C\u00f4te-d'Or ;\n -  Monsieur Beno\u00eet BYRSKI, sous-pr\u00e9fet de Beaune ;\n - Monsieur S\u00e9bastien LANOYE, sous-pr\u00e9fet de Montbard ;\n- Madame Anne COSTE DE CHAMPERON , secr\u00e9taire g\u00e9n\u00e9rale pour les affaires r\u00e9gionales de la\nr\u00e9gion Bourgogne-Franche-Comt\u00e9 ; \nArticle 3 : Sont exclus de la pr\u00e9sente d\u00e9l\u00e9gation de signature :\n\u2013 les d\u00e9clinatoires de comp\u00e9tences,\n\u2013 les arr\u00eat\u00e9s de conflit.\nArticle 4 : Le pr\u00e9sent arr\u00eat\u00e9 prendra effet le lundi 2 d\u00e9cembre 2024.\nArticle 5  : Le  s ecr\u00e9taire g\u00e9n\u00e9ral de la pr\u00e9fecture de la C\u00f4te-d'Or  , le directeur de cabinet  du\npr\u00e9fet de la r\u00e9gion Bourgogne-Franche-Comt\u00e9, pr\u00e9fet de la C\u00f4te-d'Or , le sous-pr\u00e9fet de Beaune,\nle sous-pr\u00e9fet de Montbard, la secr\u00e9taire g\u00e9n\u00e9rale pour les affaires r\u00e9gionales de la r\u00e9gion\nBourgogne-Franche-Comt\u00e9 et la sous-pr\u00e9f\u00e8te, charg\u00e9e de mission aupr\u00e8s du pr\u00e9fet de r\u00e9gion\nBourgogne-Franche-Comt\u00e9, pr\u00e9fet de la C\u00f4te-d'Or sont charg\u00e9s de l'ex\u00e9cution du pr\u00e9sent arr\u00eat\u00e9\nqui sera publi\u00e9 au recueil des actes administratifs de la pr\u00e9fecture de la C\u00f4te-d'Or.\n         Fait \u00e0 Dijon, le 29 novembre 2024\nLe pr\u00e9fet,\nSign\u00e9:\n          Paul MOURIER\n2/2\nPr\u00e9fecture de la C\u00f4te-d'Or - 21-2024-11-29-00008 - Arr\u00eat\u00e9 pr\u00e9fectoral n\u00b0 1828 / SG du 29 novembre 2024\ndonnant d\u00e9l\u00e9gation de signature \u00e0 l'occasion des permanences de week-ends, de jours f\u00e9ri\u00e9s ou de jours ch\u00f4m\u00e9s 54\nPr\u00e9fecture de la C\u00f4te-d'Or\nP\u00f4le juridique inter-services\n21-2024-11-29-00010\nArr\u00eat\u00e9 pr\u00e9fectoral N\u00b0 1829 / SG du 29 novembre\n2024 donnant  d\u00e9l\u00e9gation de signature en\nmati\u00e8re de gestion des budgets op\u00e9rationnels\n104-111-112-113-119-122-124-129-135-137-147-148-1\n61-163-172-181-206-207-209-215-216-217-218-219-\n232-303-348-349-354-357-362-363-364-380-723-7\n54-780-833  des fonds europ\u00e9ens et des recettes\nnon fiscales\nPr\u00e9fecture de la C\u00f4te-d'Or - 21-2024-11-29-00010 - Arr\u00eat\u00e9 pr\u00e9fectoral N\u00b0 1829 / SG du 29 novembre 2024 donnant  d\u00e9l\u00e9gation de\nsignature en mati\u00e8re de gestion des budgets op\u00e9rationnels\n104-111-112-113-119-122-124-129-135-137-147-148-161-163-172-181-206-207-209-215-216-217-218-219-232-303-348-349-354-357-362-363-3\n64-380-723-754-780-833  des fonds europ\u00e9ens et des recettes non fiscales\n55\n= M\nArr\u00eat\u00e9 pr\u00e9fectoral N\u00b0 1829 / SG du 29 novembre 2024 donnant d\u00e9l\u00e9gation de signature enmati\u00e8re de gestion des budgets op\u00e9rationnels 104-111-112-113-119-122-124-129-135-137-147-148-161-163-172-181-206-207-209-215-216-217-218-219-232-303-348-349-354-357-362-363-364-380-723-754-780-833 des fonds europ\u00e9ens et des recettes non fiscalesLe pr\u00e9fet de la C\u00f4te-d'OrVu la loi n\u00b0 85.1098 du 11 octobre 1985 relative \u00e0 la prise en charge par l'\u00c9tat, les d\u00e9partements etles r\u00e9gions des d\u00e9penses de personnel, de fonctionnement et d'\u00e9quipement des services plac\u00e9ssous leur autorit\u00e9 ;Vu le d\u00e9cret n\u00b0.2004-374 du 29 avril 2004 relatif aux pouvoirs des pr\u00e9fets, \u00e0 l'organisation et \u00e0l'action des services de l'Etat dans les r\u00e9gions et d\u00e9partements, modifi\u00e9 par le d\u00e9cret n\u00b0 2010-146du 16 f\u00e9vrier 2010 et par le d\u00e9cret n\u00b0 2010-687 du 24 juin 2010 ;Vu le d\u00e9cret n\u00b0 2009-176 du 16 f\u00e9vrier 2009 modifiant le d\u00e9cret n\u00b0 64-805 du 29 juillet 1964 fixant lesdispositions r\u00e9glementaires applicables aux pr\u00e9fets et le d\u00e9cret n\u00b0 2004-374 du 29 avril 2004 relatifaux pouvoirs des pr\u00e9fets, \u00e0 l'organisation et \u00e0 I'action des services de I'Etat dans les r\u00e9gions etd\u00e9partements ;Vu le d\u00e9cret du 10 octobre 2024 nommant Monsieur Paul MOURIER, pr\u00e9fet de la r\u00e9gionBourgogne-Franche-Comt\u00e9, pr\u00e9fet de la C\u00f4te-d'Or;Vu Le d\u00e9cret du 16 ao\u00fbt 2022 portant nomination de Monsieur Olivier GERSTL\u00c9 en qualit\u00e9 de sous-pr\u00e9fet, directeur de cabinet du pr\u00e9fet de la r\u00e9gion Bourgogne-Franche-Comt\u00e9, pr\u00e9fet de la C\u00f4te-d'Or ;Vu le d\u00e9cret du 29 d\u00e9cembre 2022 nommant Madame Amelle GHAYOU, administratrice territoriale,sous-pr\u00e9f\u00e8te charg\u00e9e de mission aupr\u00e8s du pr\u00e9fet de r\u00e9gion Bourgogne-Franche-Comt\u00e9, pr\u00e9fet de laC\u00f4te d''Or ;Vu le d\u00e9cret du 6 juillet 2023 portant nomination de Monsieur Beno\u00eet BYRSKI, sous-pr\u00e9fet deBeaune;Vu le d\u00e9cret du 17 novembre 2023 portant nomination de Monsieur S\u00e9bastien LANOYE, sous-pr\u00e9fetde Montbard ;Vu le d\u00e9cret du 14 novembre 2024 portant nomination de Monsieur Denis BRUEL, secr\u00e9taireg\u00e9n\u00e9ral de la pr\u00e9fecture de la C\u00f4te-d'Or ;Vu l'arr\u00e9t\u00e9 du Premier Ministre et du Ministre de l'Int\u00e9rieur en date du 12/01/22 nommant Mme AnneCOSTE DE CHAMPERON, administratrice de I'Etat hors classe, en qualit\u00e9 de secr\u00e9taire g\u00e9n\u00e9ralepour les affaires r\u00e9gionales de la R\u00e9gion Bourgogne-Franche Comt\u00e9, \u00e0 compter du 1/02/22, pourune dur\u00e9e de 4 ans, avec une p\u00e9riode probatoire de 6 mois ;Vu l'arr\u00eat\u00e9 du Premier Ministre et du Ministre de l'Int\u00e9rieur en date du 2 juin 2021 nommant MmeMilada PANTIC, en qualit\u00e9 d'adjointe au secr\u00e9taire g\u00e9n\u00e9ral pour les affaires r\u00e9gionales de la R\u00e9gionBourgogne \u2014 Franche-Comt\u00e9, en charge du p\u00f4le \u00ab moyens, modernisation, mutualisations \u00bb, pourune dur\u00e9e de 4 ans \u00e0 compter du 1 juillet 2021 ;\nPr\u00e9fecture de la C\u00f4te-d'Or - 21-2024-11-29-00010 - Arr\u00eat\u00e9 pr\u00e9fectoral N\u00b0 1829 / SG du 29 novembre 2024 donnant  d\u00e9l\u00e9gation de\nsignature en mati\u00e8re de gestion des budgets op\u00e9rationnels\n104-111-112-113-119-122-124-129-135-137-147-148-161-163-172-181-206-207-209-215-216-217-218-219-232-303-348-349-354-357-362-363-3\n64-380-723-754-780-833  des fonds europ\u00e9ens et des recettes non fiscales\n56\nVu l'arr\u00eat\u00e9 du Premier Ministre et du Ministre de l'Int\u00e9rieur en date du 22 d\u00e9cembre 2022 nommantMme Florence BERNARD, en qualit\u00e9 d'adjointe au secr\u00e9taire g\u00e9n\u00e9ral pour les affaires r\u00e9gionales dela R\u00e9gion Bourgogne \u2014 Franche-Comt\u00e9, en charge du p\u00f4le \u00ab politiques . publiquesinterminist\u00e9rielles \u00bb,Vu l'arr\u00eat\u00e9 1184/SG du 3 d\u00e9cembre 2020 portant organisation du Secr\u00e9tariat G\u00e9n\u00e9ral CommunD\u00e9partemental ;Vu l'arr\u00eat\u00e9 pr\u00e9fectoral 1251/SG du 18 d\u00e9cembre 2020 portant organisation des services de lapr\u00e9fecture de la r\u00e9gion Bourgogne-Franche-Comt\u00e9, pr\u00e9fecture du d\u00e9partement de la C\u00f4te d'Or ;Vu l'accord local relatif \u00e0 l'application du protocole d'exp\u00e9rimentation de la carte voyagiste dans lecadre du d\u00e9ploiement de CHORUS DT (D\u00e9placements Temporaires) sign\u00e9 conjointement le 17 avril2018 par Mme Christiane BARRET, Pr\u00e9f\u00e8te de la r\u00e9gion Bourgogne-Franche-Comt\u00e9 et de la C\u00f4ted'Or et Mme Martine VIALLET, Directrice r\u00e9gionale des finances publiques de la r\u00e9gion Bourgogne-Franche-Comt\u00e9 et du d\u00e9partement de la C\u00f4te d'Or,Vu I' arr\u00eat\u00e9 pr\u00e9fectoral N\u00b0 1655/SG du 28 octobre 2024 donnant d\u00e9l\u00e9gation de signature en mati\u00e8rede gestion des budgets op\u00e9rationnels 104-111-112-119-122-129-137-147-148 -161-172-181-206-207-209-215-216-217-218-232-303-348-349-354-357-380-723-754-780-833, des fonds europ\u00e9enset des recettes non fiscales ;Sur proposition de Madame la secr\u00e9taire g\u00e9n\u00e9rale par int\u00e9rim de la pr\u00e9fecture de la C\u00f4te-d'Or ;ARR\u00caTEArticle 1er : L'arr\u00eat\u00e9 pr\u00e9fectoral n\u00b0 1655/SG du 28 octobre 2024 donnant d\u00e9l\u00e9gation de signature enmati\u00e8re de gestion des budgets op\u00e9rationnels 104-111-112-113-119-122-124-129-137-147-148-161-163-172-181-206-207-209-215-216-217-218-232-303-348-349-354-357-362-363-364-380-723-754-780-833,des fonds europ\u00e9ens et des recettes non fiscales et toutes dispositions ant\u00e9rieures etcontraires au pr\u00e9sent arr\u00eat\u00e9 sont abrog\u00e9s \u00e0 compter du 2 d\u00e9cembre 2024.Article 2 : D\u00e9l\u00e9gation de signature et de gestion est donn\u00e9e aux membres du corps pr\u00e9fectoral etaux agents mentionn\u00e9s dans le tableau en annexe 1 du pr\u00e9sent arr\u00eat\u00e9 dans les conditions et limitespr\u00e9vues, pour l'ex\u00e9cution des d\u00e9penses au titre des BOP 104-111-112-113-119-122-124-129-135-137-147-148-161-163-172-181-206-207-209-215-216-217-218-219-232-303-348-349-354-357-362-363-364-380-723-754-780-833, des fonds europ\u00e9ens et des recettes non fiscales.Article 3 : Le secr\u00e9taire g\u00e9n\u00e9ral de la pr\u00e9fecture de la C\u00f4te-d'Or, la directrice r\u00e9gionale desfinances publiques,les membres du c\u00f4rps pr\u00e9fectoral ainsi que les agents mentionn\u00e9s dansl'annexe vis\u00e9e \u00e0 l'article 2, sont charg\u00e9s, chacun en ce qui le concerne, de I'ex\u00e9cution du pr\u00e9sentarr\u00eat\u00e9 qui sera publi\u00e9 au recueil des actes administratifs de la pr\u00e9fecture de la C\u00e9te-d'Or.\nFait \u00e0 Dijon, le 29 novembre 2024Le pr\u00e9fet,Sign\u00e9 :Paul MOURIER\nPr\u00e9fecture de la C\u00f4te-d'Or - 21-2024-11-29-00010 - Arr\u00eat\u00e9 pr\u00e9fectoral N\u00b0 1829 / SG du 29 novembre 2024 donnant  d\u00e9l\u00e9gation de\nsignature en mati\u00e8re de gestion des budgets op\u00e9rationnels\n104-111-112-113-119-122-124-129-135-137-147-148-161-163-172-181-206-207-209-215-216-217-218-219-232-303-348-349-354-357-362-363-3\n64-380-723-754-780-833  des fonds europ\u00e9ens et des recettes non fiscales\n57\nLe/LsoueuLoyuadayjenbojgesuodse1'XNYIYOWelj99awpysexa|duoosjsfoidenbjigndspuewwod4NY'dd1NopieANAAVHdNOSIBINIO'INejodnp24949LONHOGS!jeujeNwIN;s910091SUOINHUDAGNSajodnpSNYOHOleuoibaysobeyedseoinesayayd'SNHOHIHJSnpajgesuodseuSo|eISILUOUS9900opWSNpJOUOLOI44VOApp3\"NneajulofpeXNVIINIANOCouIje9uNsop]\u00a9JuswaiedapsepueusepsepuonepieAalleuuonsag)|341NvOHoUSG'NaouewlopadayjenballeuuonsanFYNOVTBjA07]swpyS|qesuodsalXNVYAHON&l[@DWNalleuuonsenQUVTIIVN[ByoeyswpySoH2081SUORUSAGNSajedNpa11KEUUONSSS3||JYAY]8011299wN3480SNHOHOHdSDnps|qesuodsalalleuuonsenYOW3AIeUnswpneajurofpeXNV39IN3ANOFouIj973ONalleuuonsan)INVDVdEJYONOGOWNsing)duosaidsonuoose|JedSNHOHDJeUOIbeysobeyuedSOIIU\u00aeSalleuuonsagYAINAINSjl91SUYISUN2ljqe\u00cf9\u00abJIE;891AI9SNPUOIJEJE]SUOO\u00bbEjopaseq9P8NU93Np4949LOI44VOAPPTWS11EUVONSSH)HIANYINNOHOSHOUJEd\"W|EJNSSNIOYDSUBP\u00abJIB}SOIAISS\u00bbNPUONEOUIHENooueuloUedoyjenbr3s|qesuodsal'XNYIHOWeljp9ouWdANY'dO1N9P1/8ANFAVHdNOS19IAIONNsexejduoosyeloidanbigndapueulwosSopoDaIsuonuaagnsajodNp,8jedNPSYOUILONHOGdljeyieNWNSHSUS'SNHOHDHdSOnpajgesuodseJ|SNHOHOleuoiboysobeuedssoumesneejulofpeXNVAONZANOr2ul9DSy9peijue9NpJayd1OI44VOAPP3Wenbipunfjuswabebus|spuonepijeASNHOHOTVNOIDIUSIOVLUVdSAIIANISS30FHINTDSoJEISIJUOUSOYdDE1Sop10sueadoinaSpuo;sep'CEg-08Z-PSZ-CZZ-0SE-V9E-E9E-Z9E\"LSC-VSC-GVE-SVE-COE-ZEZ-GLZ-8LZ-2LZ-9LZ-SLZ-60Z-20Z-902-L8I-ZZI-EOL-LOL-8HL-LHL-LEL-SEL-6ZL-VZL-ZZL-6LL-ELL-ZLL-LLL-VOLTYNOIOZYINWVHDO\u0178d3dSTANNOLLVH3dOSLIDONES3A13YO.Q3109V130S1VLNIWZLYVd3QFTIANNOLV#3dO3LINN.130NOLLSID303Y3LLVWN3SHNLVNOIS30NOILV9313G7202'AON6ZNp9S/6G2%KON[810190491d9jaaie|\u20acLIXINNV\nPr\u00e9fecture de la C\u00f4te-d'Or - 21-2024-11-29-00010 - Arr\u00eat\u00e9 pr\u00e9fectoral N\u00b0 1829 / SG du 29 novembre 2024 donnant  d\u00e9l\u00e9gation de\nsignature en mati\u00e8re de gestion des budgets op\u00e9rationnels\n104-111-112-113-119-122-124-129-135-137-147-148-161-163-172-181-206-207-209-215-216-217-218-219-232-303-348-349-354-357-362-363-3\n64-380-723-754-780-833  des fonds europ\u00e9ens et des recettes non fiscales\n58\n\u2014\npneyouiN\"HIONVYHOS0U91N87SUNJeydy-106pngs01A8SnpuIesneajodapJoys'YJlYYVElWoYN1eyoy-10bpngs0o1A0SNpJoypneaulofpyLONNHLeuIIENswiJeyoy-jabpngSOIMISSNP49Y93NWNOHANWduesr'NO\u00f9vH3a_\n}JHOI1\nenbiluouuN'ey5Y-105pngs01105npUlesnea]0dapJoyo'YJ/YYVIIwsyWN'feyoy-1abpngo01A0SnpJoyoneajuiolpy'1ONNH.LeuIENSWIN\neJejuouayedapunwuwo?|esgusbjeue)a10egnp09152110139H3G3leyieNswpyLHAonbiyole1ely1nopijeaanbjue}uSsiel}ap]E]918UOISSIUUSP81P10:je10198;01dSd109npsoiqueuse|inodjueulsoe|depopsie1-4-LJSNYOHI9P94P859]SUEGH0.03105V130Sun153:39d-1Jeyoy-jebpngS0IM6SNPJOUI'JWINOHANYuesr'soyo081SUONUSAGNSajodnpe,9UI'SNHYOHDHdSONP8|gesuodsalneajulolpeXNVHONZANOr8ulig)swiySYNALdIHOSI\u0178dSAIIANIS'@11EjNULIO;SN10YsuepJahedeaipiQTVININILYVd3aINJH343Hsoxa|dwoos)eloidanbiigndepuewiwodajodNPSYOUILONYOG2IJEUJENWNSueuvonsegLFYINVOHOUSG'NSNHOHOleuoifgysobeyedseoumesope1juognp194910144vOApp3NsuoljesijigowtulsopauielIxneayjigezdWooe;apenuaLSNHOHITVNOIS34SJOVLdVdSHDIAYIS303H1N39\nPr\u00e9fecture de la C\u00f4te-d'Or - 21-2024-11-29-00010 - Arr\u00eat\u00e9 pr\u00e9fectoral N\u00b0 1829 / SG du 29 novembre 2024 donnant  d\u00e9l\u00e9gation de\nsignature en mati\u00e8re de gestion des budgets op\u00e9rationnels\n104-111-112-113-119-122-124-129-135-137-147-148-161-163-172-181-206-207-209-215-216-217-218-219-232-303-348-349-354-357-362-363-3\n64-380-723-754-780-833  des fonds europ\u00e9ens et des recettes non fiscales\n59\nLE/E\n14dvsSndSINOT''JHOI4anbiuo'1ONNHLOUIE|NUMN!4SSopUOIEIIIOO19a1IEJNUIIO4SN10Ysuep2ISIESJuUEJUOUI\"\"TALVY910189:JSsepvoneoyIeo18/91dYAIYHNONIned'N9|yosenbjonbey01110sapuoneoyILSO19VQSepa1lejnuuo4sn:0y7suepaIsIESepeinjeufise|essonuesey19seIJo0a1ap]esosuadapapsuoisi9eq-|--IBZ59dNd030NS0S3H-l\nPNeNOUVH3JSUNJeyoy-1ebpng\u00cf201M6SS]0dopJoyo'YIIYYvgIwey'WJeyoy-}@bpngs01105npJoydneajulofpy|ONNHLeueuNswiy.(uoneuuo;Jejuowayuedap|elJnodslIdu109\u00c0)juoweb1aqeu,|19spodsuel;sejUnulWOo9|esaudbjelelaldsgJeyoy19bpng|jJueussouodsayare:op16sesusdopapSUOISIDOQNp9014901013DYFGdlfeUleNWN8dIA18SNpJaydFNNOHANYdUesrWN\"1dSNHOHIOpe1pe9o]suBG\nOdVH30PnewwmJeyoy66pngS0IM9S910dopJOU)'YHAlYYVGWy'NJeyoy-jebpngs01A9Snpj9y0nesjuolpyLONNHLSuIepyswpyJeyoy-1ebpngLHAenbiyosesgyinepijea30IAISSNPJOUI'3NWNOHANHduesr'anbjue)usSsie1;op1819J\u00a9UOISSIWOp91P10Jejuomeyedap|dlwod-ayduel4-subobinoguoIba:ejopsajeldosUunuwuuloo[e19uajeuejeldeSojeuoiBe:anbiuyoa)|Sojue)sisseS9|INOdJuswasedopapsielnpo0U}59110139439alleyieNSuIN219/16SU09NOYHIdUPFSUN-LdSNYOHISP84P259]sueq;-B;-B-TVHEN3DLVIHVLITMOIS\u2014IlSNYHOHITVNOIDIUSAIOVLHVdSIDIAYIS30JYULNID\nPr\u00e9fecture de la C\u00f4te-d'Or - 21-2024-11-29-00010 - Arr\u00eat\u00e9 pr\u00e9fectoral N\u00b0 1829 / SG du 29 novembre 2024 donnant  d\u00e9l\u00e9gation de\nsignature en mati\u00e8re de gestion des budgets op\u00e9rationnels\n104-111-112-113-119-122-124-129-135-137-147-148-161-163-172-181-206-207-209-215-216-217-218-219-232-303-348-349-354-357-362-363-3\n64-380-723-754-780-833  des fonds europ\u00e9ens et des recettes non fiscales\n60\nJYOI4enbiuoy19LONNHLSUIUEWN:JSsopUoIJe01J1U00]0SNIOYNsuepOISIES'TALVA910189:JSspUoNeoyIUes19VQSepeuenuuo4snIOY\u00cbISUEpaisiesJeuIgeo8pINajoallp'F1LSYI9J9IMONJiB;80IAI8SNpUOIJEIIIUOO-S9LOIA110sasuadapapsuoisIdeq1INIGVD30UNZI5SUICNdS5NSGISIE\u2014AJHOIAONbIUOWN19LONNHLSUIVEWN!4SsopUOIJeOIIIUOOjeSN10Y7suepaisies1NOI3AdSIJEUJENJ\u00a9VIHOINeuvaIge-:SsepuoneoyIUe019YQsopauiejnuO4SNIOUIsuepaisies\n\u00eb;o0oiAI8SNpUONeSIIUeO\u2014SonocerJosoesusdepepsuoisseqejulofpeajesguab1343\u00a5dNASASYANVNOISSIN3039UVHO2118)9109SNOAVHOITIFWNVeWUN3L3434d-SNOSV1303ON30IS3\u00e0d\u2014SI9Al\nLHVSNASINOT'NLONNHLueOWN'FHOI4ONblUOSUN\ne}o01A19SNp\n|eJjouabo11819190STFNYISIUOGINUOIEOUUOO\u2014sapjadal19sasuadopopsuoIsiDeq-TV83N35SUIVIZ803SNdS0NZGISZE-AAVNOIS37SFOVLUVdS30IAA3S303Y1N3D\nPr\u00e9fecture de la C\u00f4te-d'Or - 21-2024-11-29-00010 - Arr\u00eat\u00e9 pr\u00e9fectoral N\u00b0 1829 / SG du 29 novembre 2024 donnant  d\u00e9l\u00e9gation de\nsignature en mati\u00e8re de gestion des budgets op\u00e9rationnels\n104-111-112-113-119-122-124-129-135-137-147-148-161-163-172-181-206-207-209-215-216-217-218-219-232-303-348-349-354-357-362-363-3\n64-380-723-754-780-833  des fonds europ\u00e9ens et des recettes non fiscales\n61\nLHVSNASINOTWLONNHLueuN'FHOI4enbiuoyUINOOY31931URUEND'W18LONOW\nLe/s\nEsi]SWepe:4SsopuoIjeoiILeIpiequuomB4s01A9SNP19YG'sapeulepnuuo4snIOYIsuepaisies,op18,01d-snos'JAONY]Uenseges'||UONEOUIUEO-Sope\u00f1eI1osasuadapapsuoisibeqdavarNoWLHVSNSINOT'N18LONNHLSuILE|NSUN'JHOI4@nbiuopyOMNLOTIIVOSULOI4__F#N19343dd-SNOSSON30ISZNIA1oVHIZLA4SUB:4SsepUonBOUIeosuneag/ey90IAIBSNP19VQsopaurejnu11O4SNIOUNSUEPpSISIESop]8J91d-snos'IXSYAFHOUS\u00ff'|N|UONEOUNEO-SOHO0E!10sesuadopapsuoIstDag|';3N\u00f1vag30SYNL3313U4-SNOSIONIAISTH-ALHVSNGSINOT'N38LONNHLuLUESUN'FHOI4enbluopyswLOTHVINUeijnr'N:4SsopuoneoyIe19a1lEJNULIO4SNIOUNsuep2ISIES'OHVN3A3TeuI/0891@NIdVdEUIG:4SsepuoneoyILsO19Y@sopaJlenu1O04SN10YIsuepSISIES,\n91409-aysue14\u2014oubof.nogepsejeuoiba:salieyes9|INOdajeioueBalie)aloasJe)92IAI8Snp'NOYIJINVYHO303LSODduUYSWN|UOREDILISD-SOpadEIJosesuadapopsuoIsIDaqHVOSNAJONIAISTH\u2014IASNYOHD\nTYNOISJHSIOVIHVdSTOIAYIS303YIN35\nPr\u00e9fecture de la C\u00f4te-d'Or - 21-2024-11-29-00010 - Arr\u00eat\u00e9 pr\u00e9fectoral N\u00b0 1829 / SG du 29 novembre 2024 donnant  d\u00e9l\u00e9gation de\nsignature en mati\u00e8re de gestion des budgets op\u00e9rationnels\n104-111-112-113-119-122-124-129-135-137-147-148-161-163-172-181-206-207-209-215-216-217-218-219-232-303-348-349-354-357-362-363-3\n64-380-723-754-780-833  des fonds europ\u00e9ens et des recettes non fiscales\n62\n1dvsSNndSINO]WLONNHLOOUITIITUNUSND18YQsopa11epnuuO4sn10YI-SUBPpaisies\nLE/9\npieqjuomJe;90IAI9SNPUONeOyNeape1n199;01d-snosejapajessusb1oJelguebSuIBJOIIOSNpUONEJUSSEIdEIapsiel)9112191908|OHANIOINSysonBiemsW|xneseaneje!sopadalJososuadapapsuoisiDag\n\u2014\u2014|\nOYVH30PNeN'YFONVUHOSouaine]YIINHALoU2/9HYFIHHVOiweyLONNHLUEN\"FHOI4ONblUONLOTIIVOSUVO|41e<N___w._.m_u_SUEIA.4SSOPuoljediiyuad19VAsopaillgnwlioSNIOYIsuepSISIESauneagope1n;08;e1d-snose|opJe1gue6o1e191008'FITTIOGWaineWQCYUVALNON30JYUNLI3434d-SNOSV130SHILVEISININOVSHOIAUZS\u2014Xeuneeg184o01A19SNPopJeJa1d-snos'IYSYAGHOU99'N\u2014UONEDUIUSO-SOUOOO!16sesuadopapsuoISIDa(mE_o.__o\u0153'\u00ff_oje1guebe11e19190S'HIOFNAGEJLETSUNauneagope1n;0a;e1d-snose|opJesgue69112191008'3377109usineT'NLHAenbiyose1e1y1nopIjeAanbjue;ueSIE1;apSIeIO19UOISSIWISPSOIPIOauneagauneag'(UOoijeul1o;sudu1ooA)Juswaoe|dapapslel|p16/e1d-snos'IXSsYAGHouag'W-1dSNHOHO9P84PE5\u00e0jSUEGLONNHLeUI_EWN'3YO14onbiuopy|LOTTIVOSULOI419VHI3134SUe!4Ssopuoneoyuso19YQsopallg|nwlio4SNIOYNsuepSISIESJie;dlSSNPUONBIDYIUOOauneagapaunjoe;eJd-snosejop,\u201410je1aue\u00c9a11810100Snpuonejuasaidalapsiel)Jesgue\u00c9o11e19100S'FITTIOGuaIne'||Xneseaneje18908l16sosuadapopsuoIsI0@g3NNva3g3dsyn1D333ud-SNOSV130SIIIVEISININAVSSIIAHIS\u2014XtSNUOHITVNOID34SIOVLYVdSSIIAUIS34daLN35\nPr\u00e9fecture de la C\u00f4te-d'Or - 21-2024-11-29-00010 - Arr\u00eat\u00e9 pr\u00e9fectoral N\u00b0 1829 / SG du 29 novembre 2024 donnant  d\u00e9l\u00e9gation de\nsignature en mati\u00e8re de gestion des budgets op\u00e9rationnels\n104-111-112-113-119-122-124-129-135-137-147-148-161-163-172-181-206-207-209-215-216-217-218-219-232-303-348-349-354-357-362-363-3\n64-380-723-754-780-833  des fonds europ\u00e9ens et des recettes non fiscales\n63\nLe/L14vSndaSINOT19YFYYVEWYSINOISSONOYHVH-30PNEW'LONNHL\u00b0UHEN'FHOI4ShblUONYIONVHOS0USINET'HAITHNLoug|9HsowepsauN:4SsopuoneouIe19VQSopauiBjNULIO4SN10YIsuepaisiesJesgugballejpIoes\"13NYgsiued'WJouigqene}2IAI8SNp9PINSJOBIIP'F1LSYJOJSIAIO'NUONBOUIUEO]\u00a9SONODA!16sesuadopapsuoIsIoaL3NIGVONASIDIAYES\u2014IX\nOYVH-3GpneuHIONVYHOS0UOINET'HFITHNLSU99H|JYVSNASINO]LONNHLauiepFYOI4onbluoNDOUFTOFTURLONDLONOWesi:4SsopuoneoyIHsd19YGSopaile|nwlio4snioy)suepaisieg|pIEquuoiNope1n398/a1d-snose|opajelguab211}9108S|OYANIOWoysenbremoumpiequuomJie}s01A10SNPp]@;91d-snos'FAONV]Uenseges'NUONEOIIUEO-sajeoal1osesuadapapsuoisiDeqJeuoyuea}juoWeddojeaap10S9|B20|SSyANDE||OOajodnpJous'1OrIvgalleqes|um|pIequuoiNope1n199;a1d-snosejapm_Emc@l911819190SLOYHANIONS3LenB1emNuN_\u2014__|LHAenbiyose1e1y1nopijeapIlequuow'(Uoneuuo;sudwooA)juewece;dapopsie:+p19/91d-snos'FAONVTUensegesW-1dSNUHOHI8P84P298/sueqSNYHOHI\nTVNOID34SI9VLYUVdSIIIAUSS30JYINID\n\"\nPr\u00e9fecture de la C\u00f4te-d'Or - 21-2024-11-29-00010 - Arr\u00eat\u00e9 pr\u00e9fectoral N\u00b0 1829 / SG du 29 novembre 2024 donnant  d\u00e9l\u00e9gation de\nsignature en mati\u00e8re de gestion des budgets op\u00e9rationnels\n104-111-112-113-119-122-124-129-135-137-147-148-161-163-172-181-206-207-209-215-216-217-218-219-232-303-348-349-354-357-362-363-3\n64-380-723-754-780-833  des fonds europ\u00e9ens et des recettes non fiscales\n64\nLE/8\nLHVSNASN010YAIYUVEeysinelsseOXVH-3aPNEWN'LONNHLSuIIEN'FYOI4ONbIUON'YIONVHOS0U81N8THA[THALSUSj9HsswepsapyYB]JS0IAI9SSPUOIEIHIUOO18:4SsopuoIJeo1yIOOsejunoes|sajLINdessopInaj0a1ipnpuonejuesaidelapsiel)19YGsopallejnwiio4snioy)suepSISIES,sap80119911G'NILYIGNYOIjeuJEeNWN|XNnESaAlje|alsajjadal18sasuadapapsuoisina(]\n1\u00a5vsnaSINO]16YFIYHYVGlWeYSINaISSONOYVHonblUON'HHONVYOe0Ua1NEeT\"YHIIMHALouejeHseulepsau:u_w.wobuoijedijiluad18YVAsepallejnwlio4SNIOYSsuepalsieg91LINDYS]eosua;jepneainqnpjJeys\"J3INVQS9YJOUILL\"NaJlAIO\nayINoes\u20ac|opJous'FINUGAueiurWessejunoes201AI9SNPUONBOIILSO16sasuadapapsuoisidepsop20309110'NILHFANVIJeUJeNuNJouIgeoopInajoalip'F11SYIOJOINIO\"N:(esuajapapseoiciexe)ayonoqapsie14181311opuonejussaidale|apneainq}ie}921A19SNPUOIJEOUIUSO-SOSI9119sasuadopNpJOYV'HANLSHIANVAYdesor-sino|y|18uigedapInajoallp'J11SHID1810WpSUOISIOPP:BYINOQapsIe1\u2014suONDe|3\nTALVY9J01e9auepewOJjOLSISIUIUUISJUIUONEDIUNWILIODe|opjeouowayuedeop16jeuoIbe.LHA@nbiysieialy1napijeaanbjue)S01A8SNPJOUI\"HAINHAH21999WNu9siel)OpS]EJ\u00a9}\u00a9UOISSIUISPSOJPIO:SaILINIOSsejunogssopuoIljoallpe}ap16Jouigesnpsjuabesg)sop8091119811'NI._.\u0152..._m_3<aIJeuJeNSUN1Inod(Uoneullo;sudwodA)Juswaose|dapapsies-Je1oua6a11810190S\"TANHgsiuaQg_>_Hmc_pmoop1nepe1p'F11SY39I8N_>_:1@-snioydapaipedafSUBGSNHOHITVNOIOZYSIDVLUVdSIDIAHIS30FUINID\nPr\u00e9fecture de la C\u00f4te-d'Or - 21-2024-11-29-00010 - Arr\u00eat\u00e9 pr\u00e9fectoral N\u00b0 1829 / SG du 29 novembre 2024 donnant  d\u00e9l\u00e9gation de\nsignature en mati\u00e8re de gestion des budgets op\u00e9rationnels\n104-111-112-113-119-122-124-129-135-137-147-148-161-163-172-181-206-207-209-215-216-217-218-219-232-303-348-349-354-357-362-363-3\n64-380-723-754-780-833  des fonds europ\u00e9ens et des recettes non fiscales\n65\nLYVSNASINO]1oYFlYYVGlWOYSIN9ISS9WNOXVH-AGPNEW\"LONNHLSuIJEN'FHOIAonbluON'YIONVHOSOU91NET'YHJITYNLSUSj9HsowEpsoW'NITOOSWQI9r'W:4SSopuoneoUILeo19Y@Sepale|nwiio4SNIOYIsuepaisiegS]|Ol19)SIUIULIOIUIUOREDIUNWILLIODS][OLI9]SIUIULISIUIUOIBDIUNUWIOOe|opJejuewsUEdop18jeuoIBasadiniese|opJejuowayedop10jeuocibalnpJayonejulofpe'NITOOSWQI9r\"Nco10SNPayous\"YFINYIH9/1589UN309e>s911909110sosuedaplHVYSNASIN0]19YFlHYVE!WOYSIN9ISSOWOYVH-FIPNEWLONNHLSUIJENYOIONblUONYFONVHO|ooua1ne]HIITYNLoU9j9HscwepsoNNI1O9eWIQ19r'N!4SSepuoneoyIeo19Ysopaliejnwiio4snIOYNsuepSISIESOOOISIUIULISIUIUOIJEOIUNUWWOIPjop|ejuswapedap10|euoibalS0IA19SNPJOUD\"YIINYIH9/1990SUN|JouIgedopInajoalipF11SH39BINIO'N30GZB<S911999119sosuadapJHVSNASIN0]19YFIYYVEwsySIN9ISSOWOUYVH-AIPNEW'LONNHLSUIVEWN\"FYOI4ONbIUON\"YFONVHOSduaine]YAITYNLeUZ/9HsowEpsomOJjS)SIUIWLISIUIUOIJEDIUNWWOONI1O9SWQISr'N!4SsopuoneoyILee|epjeyueweyedap10Jeuoibe119VSOpa1lejnuuo4SNIOYIsuepsisieg90IAI8SNPayeyo'YFINUAH811989WNe}80IAI9SNPUOREIIIUOO18SJJOLOISIUIULIOLUIUOIJEIIUNUILUODe|opneainqnpJoyonpuonejueseudasspsielyXneseaNe|e1Soye0a110sosuedepapsuoisIDegSNUOHOTVNOIS3\u00e09SIDVLYVdS3DIAY3S30ddLN3D\nPr\u00e9fecture de la C\u00f4te-d'Or - 21-2024-11-29-00010 - Arr\u00eat\u00e9 pr\u00e9fectoral N\u00b0 1829 / SG du 29 novembre 2024 donnant  d\u00e9l\u00e9gation de\nsignature en mati\u00e8re de gestion des budgets op\u00e9rationnels\n104-111-112-113-119-122-124-129-135-137-147-148-161-163-172-181-206-207-209-215-216-217-218-219-232-303-348-349-354-357-362-363-3\n64-380-723-754-780-833  des fonds europ\u00e9ens et des recettes non fiscales\n66\nLE/OL\nJOuIges8p1na1081lpF11SYIOJBINIO._\\\u00eeLHVSNASN018YF/HYVEIwoySIN@ISSONO\u00a5VH-3aPNe'LONNHLSuleN'FHOIAeNblUON\"YIONYYO9ouaIneT'HFITHNLSUS|9HSewepsapy'NITODeWQI9f'W:4SsepvoneoyILeI18Y[Sepallejnwiio4SNIOYIsuepalsiesaJjOLOISIUIULISIUIUOIBIIUNUIVIOIB|op|ejuswapedap19JeuoIba:0110snpjoyonejulolpe'NITOOeWQIEP'NJouigesap1N910811Pp'T1LSHIO18/AIO\"NO[JOLSISIUIUIISIUIUOIJLOIUNUIUIOOe|opjejuowayedop10|euoibalo01A0SNPoJoU0'HIINYAH8/15989SUNLHVSNASINO]18YFIYYVElWOYsIneisseWOYVH-3GPNEW(LONNHLeuIVeN'FHOIAONblUONYFONVHO'NITODeWQI@r'I:4SsopuoneoUILeo19Ysopallg|nwilo4sn10YsuepsIsies-OjjoLI9ISIUIULISIUIUOIEDIUNWIWIODe|opjejyuoweyedap10JeuoibesS01A1OS@JJOLISISIUILUISLUIUOIJEDIUNUUIOSe|opJejuewsyedap10|euoibal20198NPSYOU0\"HAINHIAH9,/589SUND0UE;|OAUNS-OBpIA9PUOISSIWLUOOBPSOIQUISUISOPSUOINBIBA-So|INOd12492IAISSOpUOIBOHIUOO'SOO0OI10sosuadapapSUOISIDEp:SANBIJSIUIWIPES01|0dYE;82IAI8SNPUONBOIIUOI1osayo0a1ap10sasuadapapsuoisioap:(seiepeuapyeyoe)senbigndseruowaI9IJUEJUOUgIOSonbJonbye;soimesnpjoyoneJulofpe'NITOOewWQIEFWJOuIgeoop1n9J0811P'J1LSHIOJ9IAIOINNPUONEOYIUEO:OJSUSISIUILUIOLUIUORROIUNWLIONSNYOHDIVNOID3YSTOVIHVdSIOIAYIS30SHIN35\nPr\u00e9fecture de la C\u00f4te-d'Or - 21-2024-11-29-00010 - Arr\u00eat\u00e9 pr\u00e9fectoral N\u00b0 1829 / SG du 29 novembre 2024 donnant  d\u00e9l\u00e9gation de\nsignature en mati\u00e8re de gestion des budgets op\u00e9rationnels\n104-111-112-113-119-122-124-129-135-137-147-148-161-163-172-181-206-207-209-215-216-217-218-219-232-303-348-349-354-357-362-363-3\n64-380-723-754-780-833  des fonds europ\u00e9ens et des recettes non fiscales\n67\n'leyoy-jebpngso1mesnpJeyoneajulofpyLONNHLeuNENswyJeyoy-jebpngS01A9$9jodpJaydYFlYYVGIwey'IJeyoy-jabpngSOIAI8SNPJayd'JWINOHANHCuesrN'uoijewsoy\u00cfB]op10ssulewnyseo1nosse1sopsoInesnpjoynejuiofpe'AFYA39sewoy]'Nsoulewnysoo1nosselsep89UAIVTVINeLOJ8AWN|uoneuuo;opjejuswayedap)8|euoibal801A2SNPaYOUI'\"LADI9S0IAIOSNPJaydnesjuiolpe'alnASXNYANONSIQWNJAD99DS01N8SNpJaydFTIINHLVYT9Y3W\nLe/LLJeyuewsuedapUNWLIOS[eiguabjeUBJOIIOSnp82l30811J13DY3GSljeyleNswyLHA@nbiyoieisiy1napijeaanbjue}ussIeJ;apS}e}91oUOISSIUIapsaipio'Juswesejdopapsiel-1dSNYOHI8P81P898]SUBGYO.P3102PIVININILYVd30NNWNOSTVYU3NSOLVIXHVLI9HOIFS\u2014X_NOTVdSVOsIeUY19XIOHOVTSULBASSsowepsoIN}EJS2IAI8SNPUOIEOIIUOO:S9AIOIppesoyunpuoosajjesenBoipsa|o11u0o9.oyn|opo[jeuE)SIUILLISIUIUoIssIpyaouenbujepsouenbuijopuonuaagiduoissiw|puonuaAldapjou@ISILIWIIELUISPUO4opagbleys\"VATISVGeuupuesumJe1gug\u00c9a1lejeuresTINUGSIUOG\"W|JeuIgEoepInajoallp=11S43918IAIO'N:S9IIE/NULIOJSNHOHO8P2Iped8|sue(suoljuaagns\u2014sosuedapap|SUOISIOPP!SOAINOIPPESONPUOI19senbolpO1JUOOoHN|opajjoL9IS/UIWIEIUIUOISSIVSOUENbUIjOpe|SPuonuaAgldSPjoLSISIUILISIUISPUO\u2014SNHOHITVNOIDIUSHOVLYV]SIIIAYFS30JUINID\nPr\u00e9fecture de la C\u00f4te-d'Or - 21-2024-11-29-00010 - Arr\u00eat\u00e9 pr\u00e9fectoral N\u00b0 1829 / SG du 29 novembre 2024 donnant  d\u00e9l\u00e9gation de\nsignature en mati\u00e8re de gestion des budgets op\u00e9rationnels\n104-111-112-113-119-122-124-129-135-137-147-148-161-163-172-181-206-207-209-215-216-217-218-219-232-303-348-349-354-357-362-363-3\n64-380-723-754-780-833  des fonds europ\u00e9ens et des recettes non fiscales\n68\nLE/CL\nnequlofpeXNV3ON3ZANOFSUI29owmSNHOHOJeUOIDEe1ssbeyUedsaoiniasaponuaonpajgesuodsey10144VApp3WJISIOS\nnpa1odapJoyo'QHVgOronT-vearWOISIGS\nnpjoyo'LOIHGoydo1SUYI-UEOr'W'saulsju|SOOIAIOS/191|IqOWW/ONb1NS160701esNPJOU)'\"IOTVHIdJ9IPIG'I'SNHOHOJeuoibe:sebeyedS9OIAISSopa1jusInpajgesuodseinejuiofpeXNY3ONJANOrSUII9ISUIN'\"SNHOHOeUOIbe:sobeyuedssoinesape1Ju@0npajgesuodsay'LOIJ4VOAPP3'WOVH\n3JPNEWN19YHJ9NVHS)aduaineSSUUINInajea-uouUOSUOISS|WpPES|-JUSWBJANO9E!USasiwINOdSSOUB9JOSOpJije|nydedsal1810-senbibopoayaieSeOUBASPA1opsjueWeAQUbapsap'JuoWeuVONAUSJeousweayedapsuoljeubisuodsap16saliejuawijesuoisuadsapunwwo?|eisugbjeuelsiosg'S99J09)jeSOJEISILSOXE]sap'axauuesjussa.dnp8049911013OYFGSleyleNsWE|opaJ})UOSISIAJOgsepuondaosadapseSNHOHOTVNOI9D34SISV1dVdSIOIAYFS30FHINID\nPr\u00e9fecture de la C\u00f4te-d'Or - 21-2024-11-29-00010 - Arr\u00eat\u00e9 pr\u00e9fectoral N\u00b0 1829 / SG du 29 novembre 2024 donnant  d\u00e9l\u00e9gation de\nsignature en mati\u00e8re de gestion des budgets op\u00e9rationnels\n104-111-112-113-119-122-124-129-135-137-147-148-161-163-172-181-206-207-209-215-216-217-218-219-232-303-348-349-354-357-362-363-3\n64-380-723-754-780-833  des fonds europ\u00e9ens et des recettes non fiscales\n69\nsaujewny$32IN0SSalSOPpadIAI9SNPayeuy)e|\u20acJuiofpe'AFYATOsewoy]'Nsoulewnyse91N0sselsopayoyoALVTVINSL9/8AWNLE/EL'\n|\njonbje;soiA1esapuoneoyIUeO:salelbe)ssopjejuewayedaepsuoijeounesD'xnesjpawsaueIOUOYsapJusws|balunwiwosjeiguebJenelpidag|o)'(suonesen'guolgnd'sajjesUOREOO|)SINOOUOONp80408110130Y39SljeyieNuysapuopesiuebioHyapAiloe|esagl|sosuedaqgLUVSNAsino16Y]lHYVEluaYSINOISSON\"OYVH-3GPnew19'FYHOIAONbIUON'YFONVHOS0U91N8TLONNHLSUIVEN\"YIITYNLOU2/9H'INSNOHeU2:neN\"YIFILLAVH2I[E1OSSWEePSIA:n__wSopuoljedijiuad19YGw.\u0152US1IE/NULIOSNIOYODsuepOISIESjejuoweuedapunwwo?|eJQuE\u00c9JeLEJOIIOSnp89170811\"139Y39SIJeuJeNwIN3000G\u00a9>se)sdalapjesosuadapapSUOISIISQ\nlavsnaSINOT18YIFHUYVEW9ySINOISSON'OYVH-30PREWN18FHOI4oNblUON'YFONVHO|Soua1neTLONNHLeUIVeNYIIYNLSU2/9H'INSNOHeUe1neNYALLNVHolje1OSSWEePSI!1SSopUOINeOIUIOO19VQsopallejnuiioSNIOUNsuepaISIESHY\ne]odapayayd'|ONIATHL\u00ea118}8UYOSWAsaulewnySoIJNOSSAIsopo0iAl8SNPeyeyoe|ejujofpe'AFYAIOsewoy|'Nsaulewnyseo1nosselsopayoys'AIVIVINSUSJEAumXNBIIPEUlSalleiouoysopuaws|Baig10(suoneoea'ayOIIqnd'sajjesUOIJEro|)SINOdUOIsapuonesiueblo|Jejuowayedap1nodseye081opesesuadapapsuoisioaqunuwooje1aue6jeuB)OIIOSnp804811013DYIGSljeyieNouINSOUIEUINYSSIINOSSA1SOP9931AJ9SSNAOHDTYNOIOFYSIOVLHVdSADIANIS30SYULN3I\nPr\u00e9fecture de la C\u00f4te-d'Or - 21-2024-11-29-00010 - Arr\u00eat\u00e9 pr\u00e9fectoral N\u00b0 1829 / SG du 29 novembre 2024 donnant  d\u00e9l\u00e9gation de\nsignature en mati\u00e8re de gestion des budgets op\u00e9rationnels\n104-111-112-113-119-122-124-129-135-137-147-148-161-163-172-181-206-207-209-215-216-217-218-219-232-303-348-349-354-357-362-363-3\n64-380-723-754-780-833  des fonds europ\u00e9ens et des recettes non fiscales\n70\n|ejuswauedapunwwoojesQue\u00c9jeueIdsssnp9049911G'139439SIJeuJeNswiJ4A93431elydos'XNVANONSIGOIMAS'A3DYINduuaige'FTIINHLVT943LOQYYNNOGoJjonueww3sowepsoN:JSsopuonedyiuso19YISopaJlg|nuwlio4SNIOYNsuepaisies|JeulgesopJnajoallpF11SYA9191AIO'N-@1julofpeojgseus6e112]9100S'NOAVHO9Ijowye\nLE/vLJejuouiasyedapunwiwos[elausbjele}piossnp@ouj0a.1g139439oIjeyJeNsw3000GE>UOIJEULO;e|BSoAlje[a)Sa)jadalap16sesuadapapsuoisiDag|eseue6211810109\"TANYESIUEGWUOIJEULJOIEJBSomNEO1SOOIA1ap10sasuadapopsuoisiceqOYVH-FQPNEWN\"LHVSNASINO]'\"HAITUNLSU8IEH'INSNOHeuesnew19YQSepauejnuuO4snIOUISUEpaIsIESjeydy-ro6pnga21A18SNPUISsne01185a10dopJousYFIHHVElWOYNjeyoy-16bpngs0o1uesnp1942Npa1ulofpyLONNHLSUINENSUNJeyoy-jabpng|90IAIBGNPJoYdINNOHANWduesr'N\nuoneuro4LADsoouajoduuossopuonsebo51AI6SSNYOHDTVNOIDI4SIOVLHVdSIIIAUIFS30FHINID\nPr\u00e9fecture de la C\u00f4te-d'Or - 21-2024-11-29-00010 - Arr\u00eat\u00e9 pr\u00e9fectoral N\u00b0 1829 / SG du 29 novembre 2024 donnant  d\u00e9l\u00e9gation de\nsignature en mati\u00e8re de gestion des budgets op\u00e9rationnels\n104-111-112-113-119-122-124-129-135-137-147-148-161-163-172-181-206-207-209-215-216-217-218-219-232-303-348-349-354-357-362-363-3\n64-380-723-754-780-833  des fonds europ\u00e9ens et des recettes non fiscales\n71\nLe/SL-LAD99801M8SNp18y'FTIINHLYT943'NUOHeuNO;opJesuswayEdap|ejuswiapedap}@[euoiBal821A18SNp8oyUNWIWODJeseue\u00c9jeue)aneg'LADDOS891A19snpJayoneajulofpe-juswaubiasua,pnp20/10011G'139HIGSijeuxeNSw'BINASXNYANONSIAWS)UWSPUIXNESIjEjOISJUSwNIOGOUVH-3IPNENLHVSNASINO]YAYYVEw2yLONNHLSUILEWN-1eyoy-jebpng80IA9SNpJaYd'FNNOHANYduesrNJYA93431alydos'1OQYVYNNOS8jlenueww3:4Ssopuoljeoliual\u00a9YQSopa1lEpnWu1OSNIOUNsuepaisiegUOoNeulo;opjejuswanedap19JeuoIba!S01A19SNPSYOUO'|ADDD\u00b001A9SNPjOUO3000LB>UOIJEULIO;EJnesjuiolpe'aInJASXNVANONSIAWNLADOO991A18SNPJayd'FTIINHLYT243BSaAlje|alse)adalap19sasuadopapsuolsio9q\nOYVH-3apnewLHVSNASIN0T'\u00a5IJI\u00a5HYE!WeY'FHOISanblUOWN'LONNHLoUVEeN'FYAGIASToiydos(LOQHVNNOGSIjenueww3:JSsopuoneouImes19YQS8pailejnwiio4SNIOUIsuepoIsies\nSNYOHDIVNOIDIYSAOVIUVdSIDIANSS30JUINTD\nPr\u00e9fecture de la C\u00f4te-d'Or - 21-2024-11-29-00010 - Arr\u00eat\u00e9 pr\u00e9fectoral N\u00b0 1829 / SG du 29 novembre 2024 donnant  d\u00e9l\u00e9gation de\nsignature en mati\u00e8re de gestion des budgets op\u00e9rationnels\n104-111-112-113-119-122-124-129-135-137-147-148-161-163-172-181-206-207-209-215-216-217-218-219-232-303-348-349-354-357-362-363-3\n64-380-723-754-780-833  des fonds europ\u00e9ens et des recettes non fiscales\n72\nLE/9LYFITHNL\u00b0U8/9HNIHANOD9llages|YFITIIANU'NIWITINA90UBIO0|{SOLIEPSO|N!4SSOpUOINBIUILOO18VQspelenuuo+snioygsuepaisiesJeyoy-jebpng-g82IAI8SNPJOUDINNOHANWduesr'\\'SVASNp84ayd'NIXHANOS[j\u00e9ges|swyUOIJEWlIO;apjejuswapuedap16JeuoIba!92IAI9SNPayoys'|ADDDS01A8SNPJOUI1ADDO30001}>uonuaaaidspeuldepeue|e10nesjuiolpe'sINASXNVYANONSIAwNS01AJ8SNPJ8YdFTINHLVT943INOjetoosUoijoe|&saAle|alsasuadopapsuoisiDagojeosuonse,pJeyuoursjEdeposiAI0S\n=\u2014J4A93431eiydosSWIN'LOCHVNNOESjjenueww3ou|jejuswapedapunululoo|elaubjeuelosnasLADI9juejuow3|IOSnp@0130311Q'139434gdlleyieNswy80IAI9SNPJOUSFTIINHIVT943'Nanb[enbje;eoiAIesspUONBOyIUOO!UOIEULO4YFYYVElWEOY'WOYUVH30Pnew'YHIONVHOsouaineT'FYAG3437e1ydosLHAenbiyose1a1yLOQHYNNOSEe|jonueuwFsswepsanUOIJEUlIO;apJejuowauedapInapijeAanbjue]uesinajew.lo}sapayonoqjejyuewayedep\u00a9JeuoIDe1soimesnpayoyo\u2014opsie1;Xne10Juswablagay,|\u20ac16SUodsue1;xneunwulooje1guebjeuBJOILIOSLADOSS01M6SNpJaydneSjuIofpeSoAIE]O1S9SIO1ap10sosuodapapsuoIsIdeqnp801591101394349eljeujeNwIN'@INJASXNYANONSIASWWN-1dSNHOHO9P84P229]sueqSNYOHDTVNOIDIUSIOVLYUVdSIIIAUIFS30FJHINID\nPr\u00e9fecture de la C\u00f4te-d'Or - 21-2024-11-29-00010 - Arr\u00eat\u00e9 pr\u00e9fectoral N\u00b0 1829 / SG du 29 novembre 2024 donnant  d\u00e9l\u00e9gation de\nsignature en mati\u00e8re de gestion des budgets op\u00e9rationnels\n104-111-112-113-119-122-124-129-135-137-147-148-161-163-172-181-206-207-209-215-216-217-218-219-232-303-348-349-354-357-362-363-3\n64-380-723-754-780-833  des fonds europ\u00e9ens et des recettes non fiscales\n73\nbel/lL\nSVASnpJoyoazulofpe'NINITTINA29U81014SUNJeyoy-jebpngS0IA\u00aeSNPJaYd'JWINOHANYJUEsFWUOIEUlIO;ap|ejuswapedap10JeuOIbEsSo1AI9SNPayays'|ADDOS01A0SNPYonesjulolpe'XNYANONSIAoMJAsswpyJejuoweuedapJueJUOUIunwwoo|esaudbjeuelaroagLA0999|Osenb[anbJie}831AI8Sopuoneje\u00cfsuosNp20108110139H3Ig\u00b0IjeuzeNuNS0IAIOSNPJaydFTIINHIV19H3N:UONUSAQIdSpSUIIOPpAUI10SJE_DOSUONIY1\u00a5VYSNASIN0]10Y]lYYVEeysinaissaw'OYVH-30Ppnew19JHOI4onbluoN'YFONVHOSsoUaINeTLONNHLurJeNYFITHNLCU8/9H'NIYINDoIeges|\"YFITTANSUIS0'NINIFTINA20U3l10|4SOLUEPSOIN:4SsepUOIZE91;119019YQsopm.__m_J_E._On_snioygsuepaIsiIes(300SLe.nbsnl)jeyoe166pngs0115Npulesne910dapJOYDYFIYYVOlWOY'W(30061\u20ac.nbsnl)jeyoy-1abpngaoin1agnpJoyonesjuiolpeLONNHLsuilepywN(3006Le,nbsnf)jeyoy-1abpngS01M0SNPJOUIFNNOHANYduesr'N(3000Ge,nbsnl)JeyueweyedapUNWWOO|eiguabjelelaiosguonuaaglidapeuldepeug|e10np8010911013943eijeyJenouNJesgueba11eJe190s'TANYSIUSG'NOjei00SUONDE|BSoANEjOIsasuadapapsuoisigeg\nOdVH-30pnew1YVSNASIN0o]YIlYHVIlweyFJHOI4enbiuowYIONVHHDSoua1neT'LONNHLue\nSNYOHD\n1YNOIOIYSHOVLUVdSIDIANIS30JYUINID\nPr\u00e9fecture de la C\u00f4te-d'Or - 21-2024-11-29-00010 - Arr\u00eat\u00e9 pr\u00e9fectoral N\u00b0 1829 / SG du 29 novembre 2024 donnant  d\u00e9l\u00e9gation de\nsignature en mati\u00e8re de gestion des budgets op\u00e9rationnels\n104-111-112-113-119-122-124-129-135-137-147-148-161-163-172-181-206-207-209-215-216-217-218-219-232-303-348-349-354-357-362-363-3\n64-380-723-754-780-833  des fonds europ\u00e9ens et des recettes non fiscales\n74\nLHVsnaSN030HFIHUVEIWSYSINaISSoWOVH-3PN19\"LONNHLSUIHE'HHOISanblUOWN'HAONVHOSOUSINET'HANHNL19VQsopaile|nuwioSnIOUIsuepaISIES\nL\u20ac/8L|eluawapedapunwwod|esguabjeue)alsagnp8oudalg139439SIJeyJeNUIN3000GE>sonparde:apesesusdapspsuoisIDag\nTYVSNASIN0T10YVWYSINeISSoN'OUVH-3@PNEWN18'LONNH.LCUIVEN'FHYOIAonblUON'HFONVHOsouaine]'HAINHNLSUS|SHsewuepsemN:4Ssopuone0I;I0010YQsopa11e/nu1104SNHOHOsuepaisiesJauigqedsp1Inoppallp\"F1LSYAO19/AYHO\"NejulofpeajeseuaDa1le19198S'NOAVHOS/jouyouWJe1gueba11e16100S'T3NHGSIUSG'N|se2081op10sesuadopapsuoisiDeqSaulaju]S9IIAJOSJ9IjIqOUIWIONDINISIDO]o31M9$19JeydY39bpngo91M0S99S\nJHVSNQSINOT18YIJlYUVIlW9YSINOISSON\"OYVH-3Qpnen19FHOIAONbIUON'HHONVHOadouaine]LONNHLSUFENHYIFINYNLSURIPH'NIYANOalleges|YFITHAONoul95'NINATIINA89U810/4seWEPSON,:JSsopuoneoyIUeI19YQSopa:E/nuIO-4SNIO\u00cbIsuepaIsies|\u2014|\nSNHOHOTVNOID34SFSVLYVdSHDIAUFS30JULNID\nPr\u00e9fecture de la C\u00f4te-d'Or - 21-2024-11-29-00010 - Arr\u00eat\u00e9 pr\u00e9fectoral N\u00b0 1829 / SG du 29 novembre 2024 donnant  d\u00e9l\u00e9gation de\nsignature en mati\u00e8re de gestion des budgets op\u00e9rationnels\n104-111-112-113-119-122-124-129-135-137-147-148-161-163-172-181-206-207-209-215-216-217-218-219-232-303-348-349-354-357-362-363-3\n64-380-723-754-780-833  des fonds europ\u00e9ens et des recettes non fiscales\n75\nSOUJ@IU|SSIINOS19Jaljiqowiw)'enbisifoT790IM9snpJusbe|INJATHL49IP1GJ91igowuwiajodapjaysneajuofpeNOTNOLSuUIE|SIUHSUNJaijigowwlaJodNpJOUD'INIHVYFwuey'W\nLE/6Lleyoe)abpnqS01A9SNPJaYdJWNOHANYCuesrWsouJe]u|SOIIAIOS]9Jaljiqoww]'onbnsiBo]]S0IAJ9SNPJOUSICTVYAd19IP1G''SNHOHOJeuoibassebeuedsooiAesapaJjuadnps|gesuodsalnejulolpeXNYAONZANOrSuIj29SW\"OYUVH3GPnep19YHONVHOsouaineT*HAIHALouUSjoHsouepsomleyoy-1obpngo01A8SnpuiasneajodapJoy9YFIHYVEWyWNyeyoy-}obpngaoiniesnpJ8YInpSJUIO\u00cfPYLONNHLsuiepswpyJeyoy-jebpngS01NJ9SNPJOY)\"JWINOHANYCuesr'WJuejuow9]10sanb[enbJie;soiaesapuone)e)ISUO)sinajesijinsopS0UBISISSE,|op\u00a911/}Nk|e00|INOJENSIUIMUPE'TS\u00a3dO9npw\u0152L__\u0152CCO:.\u0152\u0152\u0152.uonepljea'LHAenblyo1se1a1y1napijeaanbjue;usaysnoqopsiel)xne}oJuswabiagaoy|e'spodsuel)xneSemI]e|e1SsoHo091ap10sosuadapapsuoisiDeq:1@SNiIOYIape1pes9|sueg\nJUVSNASINO]19YI/HYVG!UOYSINJISSOW\"OHVH-30PNEW18LONNHL\u00b0UFIEN'FHOI4onbluON'YFONVHOe0UaIneT'HFIMYNL-BugjoHsewuepsemw:4SsopuoneIUINe19YQSopaulEJnuO4SNIOYIsuepSISIESJeyce}obpnqa21A18sNpuiesne9jodapJOYD'YFJlYYVEWyCNJeyoy-18bpngaoinlasnpYoNP\u0153...':_o._u...q.JONNHLeuUIJENSUNJeyoy-1o6pngsoluesNPjoy9'FNNOHANYduesr'WSouJSIU|So0IA\u00a9S10Jeijigoww|'onbnsibo7]S019$NPJOUDICTVHAd19IPICW300SLE>seyeoe1ap19sasuadapapsuoisioaqSNYOHD\nTVNOID34SIDVLHVdSIDIANIS30JYINID\nPr\u00e9fecture de la C\u00f4te-d'Or - 21-2024-11-29-00010 - Arr\u00eat\u00e9 pr\u00e9fectoral N\u00b0 1829 / SG du 29 novembre 2024 donnant  d\u00e9l\u00e9gation de\nsignature en mati\u00e8re de gestion des budgets op\u00e9rationnels\n104-111-112-113-119-122-124-129-135-137-147-148-161-163-172-181-206-207-209-215-216-217-218-219-232-303-348-349-354-357-362-363-3\n64-380-723-754-780-833  des fonds europ\u00e9ens et des recettes non fiscales\n76\nLE/OC\nJHVSNASIN0719YJlHHVE1wySINSISSOWN\"OHVH-39PNEW19LONNHLSUIJEN'JHOI4onbluoN'YFONVUOS0Ua1neT'YIMYNLaugjoHsowuepseN:4SsopuonedIIeI18YsopaJlejnu1o4sn10YIsuepaisies|Jeyoy-jebpng92IAI9SNPJOUI'FNNOHANUduesr'W14\u00a5vsnaSINO]19HJlHYVIWysindisss\"OYVH-39PNEWN16LONANHL\u00b0UYEWN'FHOI4ONbIUON\"YIONVYYDsoualneT'YANYNLougjoHsswuepseoiN!4SsopUOoIJeouyILDO19YGSopaIiEJNWIO4snioy)suepJISIESSOUJSIU|SOIIASSG)2101jIqoWLWI'onbizsi607]S01M8SNPJOUD'ICTVHAd18IP1G'lUVSNASINO]19YFIHHVE(WYSINEISSON'OUVH-30PNEWN19LONNHLUIN'FYOIoNblUON'YHONVHOSouaIneT'YHAIYNLoug|aHseuepsemN:4SsopuoneoueO19Y@Sepalig|nwio4SNIOYNsuepaisiesJeyoy-106pngaoin19gnpUjesnea1odopJoydYAJlHYVE1wy\"NJeyoy-1ebpng.aoiniegNpjoyonpayulofpy'LONNH.LeuNLENSWNsouJaIU|S92IAISS18Jaljiqowiw|'enbnsifo201A9SNPJOUDIOTVHAd191/P1G'N\nJUEJUOU9|Jlosanbjonbje;soimesnpuoneouILeO:abeleq)jejuawauedapunwwos|e1auabjeue)olosgNp8oudalIg'139439\u00b0!JEUJENOIN'B>Ss0091)9sasuadopapsuoisidap:obeierSNHOHITVYNOIDIUSIOVLHVdSHIIAUIS303HLN39\nPr\u00e9fecture de la C\u00f4te-d'Or - 21-2024-11-29-00010 - Arr\u00eat\u00e9 pr\u00e9fectoral N\u00b0 1829 / SG du 29 novembre 2024 donnant  d\u00e9l\u00e9gation de\nsignature en mati\u00e8re de gestion des budgets op\u00e9rationnels\n104-111-112-113-119-122-124-129-135-137-147-148-161-163-172-181-206-207-209-215-216-217-218-219-232-303-348-349-354-357-362-363-3\n64-380-723-754-780-833  des fonds europ\u00e9ens et des recettes non fiscales\n77\nLE/Le\nldvsnda'SIN0T38YIYYVEWYSINISSON\"OHVH|-30Pne18LONNHLSURLEN'34014enblUONYJONVYOSouaIneTYIINYNLSU2/9HSSWUEPSON!JSSapUONeIyIUOO|19YQSsopa1reinuuOo-4snioy)suepaisies(B00SL\ne,nbsnf)jeyoy-1obpngad1A18snpuiesne9|0dopJayD'YHAIYHHVGIWY1NaisUOmN(30061e.nbsnl)jeyoy-10bpngo0i1esnp384DnpsjuiolpyLONNHLSUJEWswpJejusweayedap(30061e,nbsn!)jeyoy-106pngUnwuoojelguebjeuejeross3000S&>OISAIS92IAI8SNPJOUI'FWNWNOHANHduesrNNp8019911._...._\u0152\u0152..._m_aIJeyJeNUINnesaAljeja.sa)}aoalap16sosuadaponw:o_w_omo,\n1\u00a5vsna'SIN0TJoYF/YYVGlwaysinaissapy'\"OHVH-30PNe39LONNHLSUIJEN'FHOI4onblUON'YFONVHOsouaine'HAINYNLougjoHsewepseN:4SsopuoeouNIe18YASopaulejnuIO-4sn1OYIsuepaisiesJeuigeoap1ney0e.11p'F11SY3919IAIOI--@luiofpeoje1guaB3000S<IISAIS911819490$'NOAVHO9IjouyouINJe1ouabQ_E\u0153_om\u0153._..._:\u0152mm_cwo_>_nem\u0153>_......\u0153_@_seyeIa!\u0153v19m\u0153mcma\u0153umv\u0153co_\u0153_o\u0153oNOLLVIINNINNOS30L3NOILLVINHOANI.GSIN3ILSASS3ATAIHALSININYILINITVININILYVd30F9IAUSS-HIX|SNYOHDTWNOIS389S3OVIYVdSSOIAUZS30JHINID\nPr\u00e9fecture de la C\u00f4te-d'Or - 21-2024-11-29-00010 - Arr\u00eat\u00e9 pr\u00e9fectoral N\u00b0 1829 / SG du 29 novembre 2024 donnant  d\u00e9l\u00e9gation de\nsignature en mati\u00e8re de gestion des budgets op\u00e9rationnels\n104-111-112-113-119-122-124-129-135-137-147-148-161-163-172-181-206-207-209-215-216-217-218-219-232-303-348-349-354-357-362-363-3\n64-380-723-754-780-833  des fonds europ\u00e9ens et des recettes non fiscales\n78\nLE/CC\nOISAISIISIAS'senbluyoe]SUONUSAISIUIPnpJoyonejuiofpe'Gyvgoronj-ueer'Wnpjeyo'LOIXgeudoisuyN-ueorWsuodde:10seuyOI4-UOSIEJAIOPSUOGLYVSNAL|SIN0T19YFIHYVAWYSINJISSON\"OHVH-30PRN19LONNHLeUNMEN\"FHOI4enblUON\"HIONVYYHOSoUa1NeTYAITYALOU2|9HSOUJEPpsaN:4SSopUoneoyILeI19VGsopa11ejnuuo4.sn10y9suepaisiesJeyoy-jebpngso1ue5npulesneajodopYo'YJIYYVElWOY'N-Jeyoy-3ebpngo01A185np49Y9npajulo[pyLONNHLUENSWIN-Yeyoy-zebpngS01N8SNPJaY0'FNNOHANYduesr'Wnpjoyonejuolpe'quvgoronj-veer'Nnpjoyo'LOI4Gaydojsuyd-uesp\"NJONb\"OISAISNEjHE/O1jiE;99IAISSOpUONEJE]SUONBLHVSNASIN0719YAIYHYVElWeYSINOISSOWN\"OUVH--3aPNEW19LONNHLSUIVEWNFHYOIAonbiUON\"YFONVHOS0Ua1NeTYIIMUNLougjeHseuepseN:4SsopuoneouIIeO19YsepaJlpnuO4snIOYFsuepSISIESOISAISIISIGS300GE>OISAISnpjeyonejuiofpe'quvgoronT-ueer'NnpJeuo'LOI4geudojsuyg-veer'NnesennejessaporesapesosuadapapsuoisIDaqSNUOHDITVNOID3dS39VLdVdSIIIAYIJS30JHINID\nPr\u00e9fecture de la C\u00f4te-d'Or - 21-2024-11-29-00010 - Arr\u00eat\u00e9 pr\u00e9fectoral N\u00b0 1829 / SG du 29 novembre 2024 donnant  d\u00e9l\u00e9gation de\nsignature en mati\u00e8re de gestion des budgets op\u00e9rationnels\n104-111-112-113-119-122-124-129-135-137-147-148-161-163-172-181-206-207-209-215-216-217-218-219-232-303-348-349-354-357-362-363-3\n64-380-723-754-780-833  des fonds europ\u00e9ens et des recettes non fiscales\n79\nLE/ET\nuone1beyuI3ouonelBiw801AI9SNPeyou)'Je13,]opUOHELSIUILPE,PeyjeuoNeug|op19uoneibiwwi|apsousene'ITTINVIAQU9SUN1N910811PAFHLNVOUSISeqasINSISUONNJe00A8,pSUOIJe]Se1dXneSINODe1pSUOISIDSGJeyoy-jabpngsovuegnpJ9YDnpSJUIO\u00cfPVLONNHLEUJENSUN7uoljesbaiul10uonelBiwwilsojaidIsul-sinajonped)801A19SNpay94218141opuonessiuiupe,pqyjeuoneue|ap1euohesblwiwi|8p|apsuoneseas3]INOdjIE;991AI8SapuonesyiadSHUYDEREITIINVNSUISI\u0152E\u00cbIN3J08IIPAFHLNVOUolsegesINSISUOH19sey20a1ap19sosuadapapsuoisideg'\\\u2014\u2014\n|\nuoneibajul,p3@uoneibruiu,ps5rA10S|uoljesijeinjeuawllo}a)e|de|opojgesuodse.np3ulofpe'OIYVZsulgyedswp|uonesijeinjeuuIOaje(dej|epsjgesuodsal'Je13,1opuonessiuwpe,peuvene'HIITIINHLsudoysuyuesr\"NuonesBajui18Uone1Biwu-sie4yops]eJ919UOISSILUSPSe1pIO:UOIJOSUIpEj9p|801A8SNPSYOUI'JE13,8puoneljsiuiwpepoyjeuoneue|ap16uonelbiwwi|opsjuobesopajquesus,|1nodjuewoce|dapapsIe14oqysene'|TIANVIAeulj59WN1N9]0811PAFHLNVOUeISEqaS1NSISUOWN-1OSNHOHI9Pespe9o]sueqg|||esoyjeuoneue|opeuonelbiwi,|8p|S0IAISSNPUOIBDIINUOO-SOHOIE1OP10sesuadap1N8}0811PAFHLNVOUSNSBQYS1NaISUOyN,9PSUOISIOEp:IN3J0811pnpuonejussaidalapsIe1-SJLITVNOILVNV13013NOLLVYOIANI30NOILISYIG\u2014AIXSNHOHI\nTVNOIDISIDVLAVd.ww0_>m_w\u0153303U1N3D\nPr\u00e9fecture de la C\u00f4te-d'Or - 21-2024-11-29-00010 - Arr\u00eat\u00e9 pr\u00e9fectoral N\u00b0 1829 / SG du 29 novembre 2024 donnant  d\u00e9l\u00e9gation de\nsignature en mati\u00e8re de gestion des budgets op\u00e9rationnels\n104-111-112-113-119-122-124-129-135-137-147-148-161-163-172-181-206-207-209-215-216-217-218-219-232-303-348-349-354-357-362-363-3\n64-380-723-754-780-833  des fonds europ\u00e9ens et des recettes non fiscales\n80\nLEVE\nANYOH\nsulydia@19FISSNOHGS1IE/0SSWN\u2014LONI4943'N:4SSopUoNeoyImeO19Y[SopS1IE|NUIO-SN1O0YNsuepOISIESS9|B00|S9}IAI}08||00SOpneaingnpageyoJLYVH13ejipe+4ouw(\u00e6oinespa1ieje)sesd'sojjonuepisesdse|INoduonejuawea|belSJ0A@pSuIJe;Inq'sosJeAIpSUOINEIO|'XNEBIOIOS|D\u20ac|op10suonse|esophealnqnpsjuaunoopopjueweulmeUIe'saulIduI)suoIde;eJoyoneazulofpe'(ANHOHaulydjaqowmSoJUSJ9HIPSOpojjoua\u00cfeuuonesiueblo|eSIIE;O!uolejuasws|balEjap10suoNnIa|ssopSUOI}03]2sop10sopeIo;SayUANIE[OO(senbiuouda;a]seubI|sioy)SiIE1;SO}INOde}neainqnpayayd'ISSNOYAS11Ej9SWINSOp1N910811P\"INVTINON-UBSPINSISUO|NG01A0SNPUONEIE)SUOO19sasuadapopSuoISIDAguonejuaws|balesp16suonoajesopneaingnpJayo'FSSNOHG211819WNsiel)9pS}e)o18UOISSIWSPSO91P1O-UONDEUIPE|Opso|e90|SOYUARDEIOOSOpSUOIJD@|\u00aeSOp10SOJEIO|SYANDONOOsjuabesapojquesue,|Jnodjuswase|dopapsie1-neainqnpayayo'ILXVH13ejipe4oumsop1ne10811P'INVTINONT-UES(INaISUON:1dSNAHOHI9Paiped9sue(He;\nessejpo\u201420IM0SNPUONBOYIUOO-S9PS0A1ap16sesuadops10Ygyoene'INVTIINONT-UBOrINSISUO|NSpSUOISIDEPp:INdjoallpNpuonejuasaidalspsielSNOIL99T3SAQ13SS1VI0TSALIAILOIFTIOSS3ANOIL3SHIG-AXSNHOH5IYNOIDIYSIOVIHVSIIIANSS30SYIN35\nPr\u00e9fecture de la C\u00f4te-d'Or - 21-2024-11-29-00010 - Arr\u00eat\u00e9 pr\u00e9fectoral N\u00b0 1829 / SG du 29 novembre 2024 donnant  d\u00e9l\u00e9gation de\nsignature en mati\u00e8re de gestion des budgets op\u00e9rationnels\n104-111-112-113-119-122-124-129-135-137-147-148-161-163-172-181-206-207-209-215-216-217-218-219-232-303-348-349-354-357-362-363-3\n64-380-723-754-780-833  des fonds europ\u00e9ens et des recettes non fiscales\n81\nL\u20ac/GC\nANYOH\nSuIUdI9G18FSSNOUES11E/9sawp\u2014LONI4UFIN:4Ssopuoneoymeo19Y3Sopale|nwio4SNIOYIsuepSISIESSa|EIO|SOYAIDE||OISOPpneaingnpa4ayod'|LYvHT3ejipe4swpyuonejuaws|bale|op)9suOIJIa|esopneaingnpjoyneajulofpe'ANYOHeu1ydjagswpuolzejuaula|Ba1e|op10suoIOBIEsopSUOI}09|9Sap10SaJLIO|SOUANIO[OIneainqnpayayd'FSSNOUGSu1ej9WNsop1ne15811p'INVTINOnT-veer1N9ISUOINANYOHoulydjeq18FSSNONHEa11E|9su\u2014LONI4913'N*4$SOpuoneoyIIe19V\u0178GsopQIIE[NUIIOHSNIOUNsuepJISIESOISAIS\nnpJoyonejulofpe'quvgoronT-veer'DISAIS\nNpJoyd'10149oydojsuyg-ueer'Sa[eI0|SOUANIO(OISOPpneainqnpayays'ILYVHT3elipe4oumuonejuewea|besejop19suoioejesopneainqnpJoysneajulofpe'ANYOHSurydjogowINuonejuawa|ba1e|op1@suonpejesopneaingnpsyayd'FSSNOUGS1IEjOOMNsuoloalesepjesaJe9O|S9)IAIID)|0DsepJnajoallp'INVTINONT-UEEr1NaiSUOmHEJ80IMOSSpUONBIILUOO19opuebedosde|opobeyou,e,psie1;sop10'sinowlduI!xnenosjepipueoxneapuebedoidopsIEJ}sopJuswasinoquialapsuoisiDaqSOSJOAIPSUOIIE|Esopuonesiueblo|eseulesssoeusenbiuouda|e)saubl|spuoie|je]suI|esyiejalsielys9)ANOdEJ30IAISSNPUONEDIHSD]\u00a9sasuadapapsuolsIva(]SNUOHITVNOID34SJOVLHUVdSIIIAYSS30JUINID\nPr\u00e9fecture de la C\u00f4te-d'Or - 21-2024-11-29-00010 - Arr\u00eat\u00e9 pr\u00e9fectoral N\u00b0 1829 / SG du 29 novembre 2024 donnant  d\u00e9l\u00e9gation de\nsignature en mati\u00e8re de gestion des budgets op\u00e9rationnels\n104-111-112-113-119-122-124-129-135-137-147-148-161-163-172-181-206-207-209-215-216-217-218-219-232-303-348-349-354-357-362-363-3\n64-380-723-754-780-833  des fonds europ\u00e9ens et des recettes non fiscales\n82\nLE/9C\n|ANHOHsulydiag18FSSNOHGS11/9souN\u2014LONIA943'W:JSsepuonesyiysd19YQSopalle|nwiioSNIOYNsuepSISIESS9|Ee00|SoytAHODA||OOSOPneainqnpayayd'ILYVHT3ejipe4SNuonejuswa|bole|9p]6SUOIDO|SSOphealnq:3jeyoneajulofpeANHYOHaulydjequNuonejuewe|\u00c9E1E|op10sUOIJDEIESOpSUOI}03|9SOP19S8|00|SOYUANDE|[OOnee1nqnpayayd'FSSNOUHES118/9SWNSOPIN3joallp\"INVTINONT-UBOfINSISUo|J1e;90IAI9SapUONeIyIUeI19Se]OASOpJuOWBSUSIA!9PUOISSIMIUIODB|BXNEqueA-Se001dsopjuswiauiwayoe|BSJIjEJe1SIBJLSOpJUeWOSINOQUIEISPSUOISINa(]\nANHOHsulydieq1@ISSNOHES118/9SOUN\u2014LONIA93'I;JSSOpUoneouIUeo10YQsepa1lenuOo4sn10Ysuepsisiessa|B90|SOHAHIOIOISOPpneainqnp94940TLYVHT3elipe4ouNuoiJejuewa|bese|op10suoIJoa|esopneainqnpJayoneajulofpe'ANHOHeurydjeqswpy|uofjejuawalbale|ap10suonoajesopSUOIJI9|DSBP16SajeTo|SSYUANIDI|OOneainqnpayayd\"FSSNOUHGalie|DSUNSOP1IN915811P'INV1INONT-UBOrINEISUONYB;S2IAI8SNPUONBOIIUOO19d499N0\u20ac|epuoisidepInssobeunssop%Gnue]qojueAesjepipueoxneaubedwedopsIE1JsopJuowesInoque:apsuoIsIIeqSNHOHIJVNOIS34SIOVLYV]SHOIAUIS30SH1N35\nPr\u00e9fecture de la C\u00f4te-d'Or - 21-2024-11-29-00010 - Arr\u00eat\u00e9 pr\u00e9fectoral N\u00b0 1829 / SG du 29 novembre 2024 donnant  d\u00e9l\u00e9gation de\nsignature en mati\u00e8re de gestion des budgets op\u00e9rationnels\n104-111-112-113-119-122-124-129-135-137-147-148-161-163-172-181-206-207-209-215-216-217-218-219-232-303-348-349-354-357-362-363-3\n64-380-723-754-780-833  des fonds europ\u00e9ens et des recettes non fiscales\n83\nLE/LZ\nseje9O|SoyANDEIOIsopNea1nqnpayayd'LLYVH13elipe4swpyuolejuawa|halB|3p19suoIIOa|9sapneainqnpJoyoneajulofpe'ANYOHsulydjagouNsojeuojeuessuoId913uonejueWe|\u00c9e:e|op10suoIDa|esopsuonog|esap10sejedO|m\u00cb_\u00c8ow__o\u0152Juswaoe|dopapse1;sopjuewesInoquie:neaingnpayayd'FSSNOUGS118/9SWNsopINSjoalip'\"INVTIKNONT-UES[1naisuom9|INOd)i}eo1UESapUONeJe]SUON\nANYOH\n|\nSuIYdOQ1@FSSNOUEelsOUN,SOJEIO|SOYAIIO||OISOpneainqnpaysyo'|14VvH13ejipedswiyuonejuswsajbale|op1@suoNoajasepneainqnp\u00abJoyoneajulofpe'ANYOHeuiydjegswpyUeJS0IAI9SNPUONEIUYIUSO19(seje1O\u00cfOAIESOISI|SopjUOWESSIIQE]S'sopenbneuonejueLa|\u00c9E:E|ap1oSUOIIEIESOpSUOIJD2|9SOP19SaJEIO|SSYAHIO|OO'seuin'eg|quuasse,psIes!)ssunwuwoose|1EdNeainqgnpsyayoFSSNOHG211819SUNSOPJNsjoallp\"INVTINONT-UESPINaISUONsgbebussies;sopjuowesinoque:apw.co._w_omoSNYOHD\nTVNOIDIYSHOVLUVdSSIIAYFS30FHINTD\nPr\u00e9fecture de la C\u00f4te-d'Or - 21-2024-11-29-00010 - Arr\u00eat\u00e9 pr\u00e9fectoral N\u00b0 1829 / SG du 29 novembre 2024 donnant  d\u00e9l\u00e9gation de\nsignature en mati\u00e8re de gestion des budgets op\u00e9rationnels\n104-111-112-113-119-122-124-129-135-137-147-148-161-163-172-181-206-207-209-215-216-217-218-219-232-303-348-349-354-357-362-363-3\n64-380-723-754-780-833  des fonds europ\u00e9ens et des recettes non fiscales\n84\naloinyAYANVausid-sliely\"ONOWNVHBI|9DSOWEpPSS|\\!4SSopuoneolyIuad19SQSsopaJie|nwio4snioynsuepaisies9110191npJuswabeusweajQdNpJoydneajulofpe'QNONVHeleNajulolpeajeiousb911e}2109S'NOAVHO3||owyouINOUISIUEGIN10JUSUISULOIIAUS3)9dnpJayonejulolpe'qyVTIINOYGswneg||ingW'JeoyLe]Indde|op18senbijqndsonbyIjodsepuoijeulpioode|op1nay0211p'3GgHOLNOOeddi1ydNojulofpeajessuabo1le10108S\"NOAVHO3jlsWyW2110111193npJuswabeuswesjodnpayoys'NNVINIHOSNDSIUINSUNswisiuegln19JUSWBUUOCIIAUDajodnpayayd'YOISUAJOA3SUINAFINYVASlBYIEN'NVHOSWVYHD\nLE/8CaJ10}1191NPJuswabeusweajOdnpJOU5NNVWNIHOSNOSI9UIINSWWNDUISIUEQIN]6JUSWSUUOIIAUD9]odNpJeUE'JHOWNSUAJ8A3sy[eLoyLe]INdde,|ap19sonbijgndsonbijiodsopuoneulplooo\u20ac|ep1najoeulp'FgYO1NOOSddijug'N16sanbijgndsenbniodsapuoIjeuip1009Jeuoye;indde,|ope}S01AI9SNPUOIJEOI}OO-Sope991op16sosuadapopsuoisioep:SOJBIO|SOUAIOSI[OOXNESSOUBAE18SUOIJEIOQ\"I}S01AI9SNPUOIEIIIUSO-SOOIOIap10sosuadapapsuoisioep:senbiigndsejenbueXnesaAljejasSojeba|seououuepsuoiediiqndSlel)apS)e)9}8UOoISSIWSPSO1PIO:UONISIIPE|SPsjuabesapejquesue,|JnodJuswase|dopapsiel1QSNYOHD8p84pe99]sueginajoalp\nnpuonjejuasaidalapsie1se|JnodjIe;o01A10SNP|opJnajoallp'FGYOLNOOaddijiyd*NUOINEIIIUSO-SoHOIA1ap16sesusdapapsuoisisaqTVIHOLIYHHILINddY.T13013S3NDIT9ndSINOILITOdSINOILLVNIQHOO9V130NOLLI3ZHIG\u2014HAXSNAUOHDTVNOIDIUSAOVLYUVdSHDIAUIFS30JULNIO\nPr\u00e9fecture de la C\u00f4te-d'Or - 21-2024-11-29-00010 - Arr\u00eat\u00e9 pr\u00e9fectoral N\u00b0 1829 / SG du 29 novembre 2024 donnant  d\u00e9l\u00e9gation de\nsignature en mati\u00e8re de gestion des budgets op\u00e9rationnels\n104-111-112-113-119-122-124-129-135-137-147-148-161-163-172-181-206-207-209-215-216-217-218-219-232-303-348-349-354-357-362-363-3\n64-380-723-754-780-833  des fonds europ\u00e9ens et des recettes non fiscales\n85\nS83IAI8s-181Ulenbipunfajodnpco_wm_E,op9961eyd'Jy1IvINT1enblulwoqgoumSoIIA\u00a9S-JO]UIenbipuni181;|opqy|Iqesuodseugw_o_SIQdNPJoyo'HJISSITAJ9U9P914WNjuswabebua|Bo91|suoljesiuwapulsouNnemmSo:SodIA@S-10]UIonbipunfajodnpuoissiw|oposbleys'FHLIVNATenbiuiwogswpySOoIN@S-JSJUIanbipun[|\u2014sealje0o|suoisindxasap91P293|suepenbljgnd7919dNpJayo\"YFISSITAd9Pl|80104EJapSNj91neeynsJE]3,/JedsuoIesiuWepUIsoolnIes-JeuIenbipunfajodnpuoissiwL|epoo61eu0'JYLIVNETenbluiwogu'SodIM@S-JOJUIanbipun(ivr9]9dnpJayd'YFISSITAd9UOpa14._>;-wmo_\u00ebm...m-_\u0153\u00eb_\u00e4a_b_\u00e4_ejodnpuoisswu\u2014|epsobleys\"FYLIVNATenbiulwogmE_>:J800A2,psesuedapsapJie}so1NesapcozmoEtmoAsaoIA19s-133ulenbipunf919dnpJoyd\"YJISSIT13d9U9p314'W\n|\nsuonolpun|se;1\u20acd}e13,1opwco_umcEmvcoo_w:mozo_TVNOID39SIOVINVdSTOIAYIS30JY1IN55\nPr\u00e9fecture de la C\u00f4te-d'Or - 21-2024-11-29-00010 - Arr\u00eat\u00e9 pr\u00e9fectoral N\u00b0 1829 / SG du 29 novembre 2024 donnant  d\u00e9l\u00e9gation de\nsignature en mati\u00e8re de gestion des budgets op\u00e9rationnels\n104-111-112-113-119-122-124-129-135-137-147-148-161-163-172-181-206-207-209-215-216-217-218-219-232-303-348-349-354-357-362-363-3\n64-380-723-754-780-833  des fonds europ\u00e9ens et des recettes non fiscales\n86\nLE/0\u20ac\n||\nJaligowiw)siel}ap18191oUOISSIWI'sjoBpng'saoueul9jeuolbalswloyapa1p10:sejeuo1be1saleyese|Jnod|eiousbLOTHVWNUSIINFN\u2014AYVYNIATT-812/dejap1na10911P\"LOTHVNUaiinrWNa1le19198S9IN0dJuswade|dapapsIe14SUIIDH5SUN!JSsepuonedyiua)eyulofpe-YVOS'OILNVdEPEIIINSWIN-LdSNHOHI9P84P838/mc\u0153flUOIJESIUJSPOU19uoiesijeninw'susAouajodnpobieys'ajwuo7-ayoueli4{-aubobinogapsojeuoibassalieyes9|1INOdjJessusha11819190Sneajulofpe'OLNVepejiWy\u00absa[joL]SIU[WJSIUI|sanbijgndsonbijod\u00bbajod|yesnp9b1eyd'ayuog-ayoues4\u2014ouSoSmog_S2IAISSNPUOIEOIIUOO\u2014SONSDAISP18sasuadapLOTHYWNU@iinf\"IN\u2014AYVYNIAT]opsejeuo1ba1salieyesejinodjesouab,apsuoisioep:sejeuoIBessalleyesejINOdje1sue6SUIIDHO19SUN!JSSOpUOIeoyIUog,e1e]O1IESNeQIUIO\u00cfpE\"QHVNYIGSWIN|2118101008neSJUIO\u00cfpEsapuonejuese1desapsieJ+\n9103-oYoUBJ+4\u2014subobinogapsejeuoiBaHE;S0IAJOSNPUOINEOI;IUSO\u2014S9ILSOO1JSPLOTHVNU@IINfWN\u2014AYYNIATTsalleyes9|INOdsjelguabS11819108S)10sasuadopapsuoisIdap:sojeuoibesaleyesejSUIIDDDSUN!4SS8pUOREIUIVOI'NOYIJWYHO303LSOOSUUYswiy|1NOdJesoueba11e101008npuoiejussaidalopsielSITVNOIOIYSAIUYIV1AVS=1YNOdTVHINIDLVIHVLIIYOIS\u2014HHAXSNHOHITVNOIDIUSFDVLUVdSIIIAHIS30FYLNID\nPr\u00e9fecture de la C\u00f4te-d'Or - 21-2024-11-29-00010 - Arr\u00eat\u00e9 pr\u00e9fectoral N\u00b0 1829 / SG du 29 novembre 2024 donnant  d\u00e9l\u00e9gation de\nsignature en mati\u00e8re de gestion des budgets op\u00e9rationnels\n104-111-112-113-119-122-124-129-135-137-147-148-161-163-172-181-206-207-209-215-216-217-218-219-232-303-348-349-354-357-362-363-3\n64-380-723-754-780-833  des fonds europ\u00e9ens et des recettes non fiscales\n87\nLE/LE\nYFIHNONIned:eubISJa/e1d91720zS1GUB8A0Ugz9|'uoliqeye4Jaliqowwj'sJobpng'sooueu1-4sjeuoibessuLoy-e]e]de]pInajoalip'LOTHYINVOunrWQOUVNIAIT[uljiogDSWNS]UJOIPE-HVOS'OLLNVdepelinSMN(UOoneuo;e|4Nodsudwoo\u00a3)Juswabiagay,|jesuodsue.sejJUEUISOUOOSO8981SPj0sosuadapapsuoisivag1GSNHOHI9pe1pe93]sueq\nPr\u00e9fecture de la C\u00f4te-d'Or - 21-2024-11-29-00010 - Arr\u00eat\u00e9 pr\u00e9fectoral N\u00b0 1829 / SG du 29 novembre 2024 donnant  d\u00e9l\u00e9gation de\nsignature en mati\u00e8re de gestion des budgets op\u00e9rationnels\n104-111-112-113-119-122-124-129-135-137-147-148-161-163-172-181-206-207-209-215-216-217-218-219-232-303-348-349-354-357-362-363-3\n64-380-723-754-780-833  des fonds europ\u00e9ens et des recettes non fiscales\n88\nPr\u00e9fecture de la C\u00f4te-d'Or - 21-2024-11-29-00010 - Arr\u00eat\u00e9 pr\u00e9fectoral N\u00b0 1829 / SG du 29 novembre 2024 donnant  d\u00e9l\u00e9gation de\nsignature en mati\u00e8re de gestion des budgets op\u00e9rationnels\n104-111-112-113-119-122-124-129-135-137-147-148-161-163-172-181-206-207-209-215-216-217-218-219-232-303-348-349-354-357-362-363-3\n64-380-723-754-780-833  des fonds europ\u00e9ens et des recettes non fiscales\n89","date":"2024-12-02","first_seen_on":"2025-09-14T18:57:50+00:00","id":"d6b3159cf7865800408c49d391d714d2b292954971fd066fc12c9a65bea06a9d","name":"RAA n\u00b0 168 du 02 d\u00e9cembre 2024","pdf_creation_date":"2024-12-02T15:15:11+00:00","pdf_modification_date":null,"timezone":"Europe/Paris","url":"https://www.cote-dor.gouv.fr/contenu/telechargement/22406/171265/file/recueil-21-2024-168-recueil-des-actes-administratifs-special.pdf"}
