{"administration":"pref30","administration_name":"Pr\u00e9fecture du Gard","content":"PR\u00c9FET\nDU GARD\nRECUEIL DES ACTES\nADMINISTRATIFS SP\u00c9CIAL\nN\u00b030-2025-197\nPUBLI\u00c9 LE  6 NOVEMBRE 2025\nSommaire\nPrefecture du Gard / SAPSI\n30-2025-11-06-00001 - Arr\u00eat\u00e9 N\u00b030-2025-11-06-00001\nportant\ninterdiction des rassemblements festifs \u00e0 caract\u00e8re musical et\ninterdiction de circulation des poids lourds transportant du mat\u00e9riel de\nsons \u00e0 destination d'un rassemblement festif \u00e0 caract\u00e8re musical\nnon autoris\u00e9 dans le d\u00e9partement du Gard\ndu vendredi 07 au\nmercredi 12 novembre 2025 (4 pages) Page 3\n2\nPrefecture du Gard\n30-2025-11-06-00001\nArr\u00eat\u00e9 N\u00b030-2025-11-06-00001\nportant interdiction des rassemblements festifs \u00e0\ncaract\u00e8re musical et interdiction de circulation\ndes poids lourds transportant du mat\u00e9riel de\nsons \u00e0 destination d'un rassemblement festif \u00e0\ncaract\u00e8re musical non autoris\u00e9 dans le\nd\u00e9partement du Gard\ndu vendredi 07 au mercredi 12 novembre 2025\nPrefecture du Gard - 30-2025-11-06-00001 - Arr\u00eat\u00e9 N\u00b030-2025-11-06-00001\nportant interdiction des rassemblements festifs \u00e0 caract\u00e8re musical et interdiction de circulation des poids lourds transportant du\nmat\u00e9riel de sons \u00e0 destination d'un rassemblement festif \u00e0 caract\u00e8re musical non autoris\u00e9 dans le d\u00e9partement du Gard\ndu vendredi 07 au mercredi 12 novembre 2025\n3\nCabinetE 3 Direction des s\u00e9curit\u00e9sPREFET Service d'animation des politiques de s\u00e9curit\u00e9 int\u00e9rieureDU GARDLibert\u00e9\u00c9galit\u00e9Fraternit\u00e9\nArr\u00eat\u00e9 N\u00b030-2025-11-portant interdiction des rassemblements festifs \u00e0 caract\u00e8re musical et interdiction decirculation des poids lourds transportant du mat\u00e9riel de sons \u00e0 destination d'unrassemblement festif \u00e0 caract\u00e8re musical non autoris\u00e9 dans le d\u00e9partement du Garddu vendredi 07 au mercredi 12 novembre 2025Le Pr\u00e9fet,Chevalier de la L\u00e9gion d'Honneur,Officier de l'Ordre national du M\u00e9rite,Vu le Code de la s\u00e9curit\u00e9 int\u00e9rieure, notamment ses articles L.211-1, L.211-5 et suivants,L.211-15, R.211-2 et suivants et R.211-27 et suivants ;Vu le Code de la route ;Vu le Code de la voirie routi\u00e9re ;Vu le Code g\u00e9n\u00e9ral de collectivit\u00e9s territoriales, notamment son article L.2215-1 ;Vu le Code p\u00e9nal, notamment son article 431-9 ;Vu le d\u00e9cret n\u00b02004-374 du 29 avril 2004 modifi\u00e9 relatif aux pouvoirs des pr\u00e9fets al'organisation et \u00e0 l'action des services de l'\u00c9tat dans les r\u00e9gions et les d\u00e9partements ;Vu le d\u00e9cret du Pr\u00e9sident de la R\u00e9publique du 13 juillet 2023, nommantMonsieur J\u00e9r\u00f4me BONET, pr\u00e9fet du Gard ;Vu l'arr\u00eat\u00e9 pr\u00e9fectoral n\u00b030-2024-10-18-00007 du 18 octobre 2024 donnant d\u00e9l\u00e9gation designature \u00e0 Monsieur Emile SOUMBO, sous-pr\u00e9fet de l'arrondissement d'Al\u00e8s ;Vu l'arr\u00eat\u00e9 pr\u00e9fectoral n\u00b030-2024-10-18-00008 du 18 octobre 2024 donnant d\u00e9l\u00e9gation designature \u00e0 Madame Anne LEVASSEUR, sous-pr\u00e9f\u00e8te de l'arrondissement du Vigan ;Vu l'arr\u00eat\u00e9 pr\u00e9fectoral n\u00b030-2024-10-18-00009 du 18 octobre 2024 donnant d\u00e9l\u00e9gation designature \u00e0 Madame Marie-Charlotte EUVRARD, sous-pr\u00e9f\u00e8te, directrice de cabinet dupr\u00e9fet du Gard;Vu l'arr\u00eat\u00e9 pr\u00e9fectoral n\u00b030-2024-10-18-00005 du 18 octobre 2024 donnant d\u00e9l\u00e9gation designature \u00e0 Monsieur Yann GERARD, secr\u00e9taire g\u00e9n\u00e9ral de la pr\u00e9fecture du Gard,sous-pr\u00e9fet de N\u00eemes ;Vu l'arr\u00eat\u00e9 pr\u00e9fectoral n\u00b030-2024-10-18-00006 du 18 octobre 2024 donnant d\u00e9l\u00e9gation designature \u00e0 Monsieur Mathias NIEPS, sous-pr\u00e9fet, charg\u00e9 de mission aupr\u00e8s du pr\u00e9fet duGard, secr\u00e9taire g\u00e9n\u00e9ral adjoint de la pr\u00e9fecture du Gard;\nPrefecture du Gard - 30-2025-11-06-00001 - Arr\u00eat\u00e9 N\u00b030-2025-11-06-00001\nportant interdiction des rassemblements festifs \u00e0 caract\u00e8re musical et interdiction de circulation des poids lourds transportant du\nmat\u00e9riel de sons \u00e0 destination d'un rassemblement festif \u00e0 caract\u00e8re musical non autoris\u00e9 dans le d\u00e9partement du Gard\ndu vendredi 07 au mercredi 12 novembre 2025\n4\nVu l'arr\u00eat\u00e9 minist\u00e9riel du 16 avril 2021 relatif \u00e0 l'interdiction de circulation des v\u00e9hicules detransports de marchandises a certaines p\u00e9riodes ;Vu l'arr\u00eat\u00e9 pr\u00e9fectoral du 31 ao\u00fbt 2012 relatif \u00e0 l'emploi du feu dans le d\u00e9partement duGard;Vu l'arr\u00eat\u00e9 pr\u00e9fectoral du 8 janvier 2013 relatif au d\u00e9broussaillement r\u00e9glementaire destin\u00e9a diminuer l'intensit\u00e9 des incendies de for\u00eat et \u00e0 en limiter la propagation dans led\u00e9partement du Gard;Consid\u00e9rant que selon les \u00e9l\u00e9ments d'informations disponibles, notamment lesinformations recueillies aupr\u00e8s des services de la Police Nationale, Gendarmerie Nationaledu Gard et de renseignements, des rassemblements festifs \u00e0 caract\u00e8re musical de typerave-party sont susceptibles de regrouper plusieurs milliers de participants, sont \u00e0 pr\u00e9voirdans le d\u00e9partement du Gard;Consid\u00e9rant que plusieurs rassemblements festifs \u00e0 caract\u00e8re musical de type rave-party;teknival, multi-sons, se sont d\u00e9roul\u00e9s partout sur le territoire national et que, notammentdans le d\u00e9partement du Gard, 4 rassemblements ont \u00e9t\u00e9 recens\u00e9s en 2023 et 1 en 2024;Consid\u00e9rant qu'un rassemblement musical ill\u00e9gal s'est tenu dans le d\u00e9partement du Garddu 19 au 22 avril 2025 r\u00e9unissant 3000 festivaliers, le risque qu'un tel \u00e9v\u00e9nement sereproduise sur le d\u00e9partement du Gard est par cons\u00e9quent av\u00e9r\u00e9 ;Consid\u00e9rant que des effectifs des forces de l'ordre ont \u00e9t\u00e9 pris \u00e0 partie et bless\u00e9s lors de laprise de contact avec les organisateurs du rassemblement ill\u00e9gal du 19 au 22 avril 2025 ;Consid\u00e9rant qu'un rassemblement musical ill\u00e9gal regroupant 10 000 personnes s'est tenudans le d\u00e9partement du Lot du 7 au 11 mai 2025 ;Consid\u00e9rant qu'un rassemblement musical ill\u00e9gal regroupant environ 200 personnes s'esttenu dans le d\u00e9partement de la Loz\u00e8re du 29 mai 2025 occasionnant des heurts avec lesagriculteurs, n\u00e9cessitant l'intervention des forces de l'ordre ;Consid\u00e9rant qu'un rassemblement musical ill\u00e9gal regroupant environ 3000 personnes s'esttenu dans le d\u00e9partement de l'H\u00e9rault du 6 au 9 juin 2025;Consid\u00e9rant qu'un rassemblement musical ill\u00e9gal regroupant jusqu'\u00e0 12 000 personness'est tenu dansle d\u00e9partement de la Loz\u00e8re du 12 au 14 juillet 2025 ; qu'il a \u00e9t\u00e9 d\u00e9nombr\u00e953 bless\u00e9s l\u00e9gers, 41 personnes en urgence relative et une en urgence absolue ;Consid\u00e9rant qu'un rassemblement musical ill\u00e9gal regroupant 1200 personnes s'est tenudans le d\u00e9partement de la Dr\u00f4me du 1\u00b0 au 4 ao\u00fbt 2025 dans un parc \u00e9olien, sur une zoneclass\u00e9e \u00ab zone naturelle d'int\u00e9r\u00eat \u00e9cologique, faunistique et floristique \u00bb ;Consid\u00e9rant qu'un rassemblement musical ill\u00e9gal regroupant 2500 personnes s'est tenu.dans le d\u00e9partement de l'Aude du 29 au 31 ao\u00fbt 2025 dans sur une zone class\u00e9e \u00ab Natura2000 \u00bb zone ayant subi des incendies en ao\u00fbt 2025 ;Consid\u00e9rant qu'un rassemblement musical ill\u00e9gal s'est tenu du 27 au 28 septembre 2025dans le d\u00e9partement de l'H\u00e9rault;Consid\u00e9rant qu'un rassemblement musical ill\u00e9gal s'est tenu du 11 au 12 octobre 2025 led\u00e9partement de l'H\u00e9rault;\nPrefecture du Gard - 30-2025-11-06-00001 - Arr\u00eat\u00e9 N\u00b030-2025-11-06-00001\nportant interdiction des rassemblements festifs \u00e0 caract\u00e8re musical et interdiction de circulation des poids lourds transportant du\nmat\u00e9riel de sons \u00e0 destination d'un rassemblement festif \u00e0 caract\u00e8re musical non autoris\u00e9 dans le d\u00e9partement du Gard\ndu vendredi 07 au mercredi 12 novembre 2025\n5\nConsid\u00e9rant qu'un rassemblement musical ill\u00e9gal s'est tenu dans le d\u00e9partement du Jura le18 octobre 2025 ;Consid\u00e9rant que sur les dates concern\u00e9es par l'\u00e9v\u00e9nement projet\u00e9, les forces de l'ordre etles services de secours seront particuli\u00e8rement mobilis\u00e9s sur des \u00e9v\u00e9nementsconcomitants, notamment la soir\u00e9e DJ Set Lycharstone le 07 novembre a Sommi\u00e8res, laf\u00eate de la soupe et du pain le 08 novembre au Vigan, course 5\u00b0\"\u00b0 \u00e9dition de la Vini Vici le08 novembre, l'allumage de la lanterne au phare de l'Espiguette le 08 novembre au Graudu Roi, la bourse aux jouets le 09 novembre \u00e0 Pont-Saint-Esprit, Connaux et Meynes, la f\u00eatedu jus de pomme et de l'agriculture le 09 novembre \u00e0 G\u00e9nolhac, le grand march\u00e9 africainpour le festival de l'Afrique du 07 au 09 novembre \u00e0 Bagnols-sur-C\u00e9ze, la foire d'automnedu 08 au 09 novembre \u00e0 Saint-Jean-du-Gard, le 27\u00b0\" march\u00e9 du santon du 08 au 09novembre \u00e0 Saint-Martin-de-Valgalgues, le march\u00e9 aux jouets du 10 au 11 novembre \u00e0 Uz\u00e8s,les c\u00e9r\u00e9monies comm\u00e9moratives de l'anniversaire de l'Armistice du 11 novembre 1918, ainsique les f\u00eates traditionnelles sur l'ensemble du d\u00e9partement du Gard du 07 au 11 novembre2025 inclus;Consid\u00e9rant qu'\u00e0 ce jour aucune manifestation de ce type n'a fait l'objet d'une d\u00e9clarationpr\u00e9alable en pr\u00e9fecture du Gard, telle que pr\u00e9vue par l'article L.211-5 et suivants du Codede la s\u00e9curit\u00e9 int\u00e9rieure, et qu'\u00e0 d\u00e9faut d'une telle d\u00e9claration, l'organisation d'unemanifestation non d\u00e9clar\u00e9e est un d\u00e9lit pr\u00e9vu par l'article 431-9 alin\u00e9a 1 du Code p\u00e9nal ;Consid\u00e9rant que l'absence d'un tel formalisme, en plus de pas \u00eatre conforme auxdispositions pr\u00e9cit\u00e9es, ne permet pas de conna\u00eetre le niveau de s\u00e9curit\u00e9 du rassemblementprojet\u00e9, ni les mesures envisag\u00e9es par l'organisateur pour garantir la s\u00e9curit\u00e9, la salubrit\u00e9,l'hygi\u00e8ne et la tranquillit\u00e9 publique des personnes ainsi que le respect du droit depropri\u00e9t\u00e9 pour le ou les terrains occup\u00e9s ;Consid\u00e9rant qu'en l'absence de toute prise de contact pr\u00e9alable des organisateurs avec lesservices pr\u00e9fectoraux ou les collectivit\u00e9s territoriales concern\u00e9es, la missiond'accompagnement des organisateursdu rassemblement projet\u00e9, conduite par les servicesde l'\u00c9tat et pr\u00e9vue par instruction du 16 juillet 2021, n'a pu \u00eatre mise en \u0153uvre ;Consid\u00e9rant les risques de troubles graves \u00e0 l'ordre public, \u00e0 la s\u00fbret\u00e9, \u00e0 la s\u00e9curit\u00e9 et \u00e0 lasalubrit\u00e9 publique que pr\u00e9senterait le d\u00e9roulement d'un rassemblement d\u00e9pourvu d'unservice d'ordre et d'un dispositif sanitaire, et auquel pourraient participer plusieurs milliersde personnes dans un lieu non am\u00e9nag\u00e9 pour recevoir ce type de rassemblement et n'afait l'objet d'aucune organisation pr\u00e9alable coordonn\u00e9e ;Consid\u00e9rant la n\u00e9cessit\u00e9 de pr\u00e9venir les risques de troubles \u00e0 l'ordre public et que lesmoyens appropri\u00e9s de lutte contre l'incendie et de secours aux personnes, ainsi qu'enmati\u00e8re de s\u00e9curit\u00e9 sanitaire et routi\u00e8re ne sont pas r\u00e9unis dans le cadre durassemblement projet\u00e9 ; |Consid\u00e9rant que le regroupement de plus de 500 personnes dans des rassemblements nond\u00e9clar\u00e9s repr\u00e9sente un risque grave pour la s\u00e9curit\u00e9 des participants et qu'il y a lieu deprendre toutes les mesures n\u00e9cessaires;Consid\u00e9rant que dans ces circonstances, de tels rassemblements sont de nature \u00e0provoquer des troubles s\u00e9rieux \u00e0 l'ordre public et \u00e0 la tranquillit\u00e9 publique et qu'il y a lieude prendre toutes les mesures n\u00e9cessaires ;Consid\u00e9rant la posture du plan VIGIPIRATE \u00e0 son stade maximal \u00ab Urgence attentat \u00bb surl'ensemble du territoire applicable depuis le 7 mai 2024, r\u00e9\u00e9valu\u00e9e le 13 juin 2025 en raison\nPrefecture du Gard - 30-2025-11-06-00001 - Arr\u00eat\u00e9 N\u00b030-2025-11-06-00001\nportant interdiction des rassemblements festifs \u00e0 caract\u00e8re musical et interdiction de circulation des poids lourds transportant du\nmat\u00e9riel de sons \u00e0 destination d'un rassemblement festif \u00e0 caract\u00e8re musical non autoris\u00e9 dans le d\u00e9partement du Gard\ndu vendredi 07 au mercredi 12 novembre 2025\n6\nde la d\u00e9gradation s\u00e9curitaire au Proche-Orient, laissant craindre une forme de polarisationpouvant engendrer des cons\u00e9quences sur le territoire national, notamment de possiblestroubles a l'ordre public et actions cibl\u00e9es contre certaines communaut\u00e9s, leurs b\u00e2timentset repr\u00e9sentants symboliques; que par cons\u00e9quent les forces de s\u00e9curit\u00e9 sont fortementmobilis\u00e9es;Consid\u00e9rant que les forces de s\u00e9curit\u00e9 ainsi que les moyens de secours ne pourront faireface en termes de moyens, \u00e0 de telles manifestations susceptibles de s'installer sansautorisation pr\u00e9alable en divers points du d\u00e9partement;Consid\u00e9rant l'urgence \u00e0 pr\u00e9venir ces atteintes et \u00e0 assurer la s\u00e9curit\u00e9 des personnes et desbiens;Sur proposition de Madame la directrice de cabinet du pr\u00e9fet de Gard :ARRETEArticle 1 - La tenue des rassemblements festifs \u00e0 caract\u00e8re musical r\u00e9pondant \u00e0l'ensemble des caract\u00e9ristiques \u00e9nonc\u00e9s \u00e0 l'article R.211-2 du Code de s\u00e9curit\u00e9 int\u00e9rieure,autres que ceux l\u00e9galement d\u00e9clar\u00e9s et autoris\u00e9s, est interdite sur l'ensemble du- d\u00e9partement du Gard du vendredi 07 novembre 2025 \u00e0 08h00 au mercredi 12 novembre2025 \u00e0 08h00.Article 2 - La circulation des v\u00e9hicules transportant du mat\u00e9riel susceptible d'\u00eatre utilis\u00e9pour un rassemblement festif non autoris\u00e9 est interdite durant la m\u00eame p\u00e9riode.Article 3 - Toute infraction au pr\u00e9sent arr\u00eat\u00e9 est passible de sanctions pr\u00e9vues par le Codep\u00e9nal et par les dispositions des articles L.211-15, R.211-30 du Code de la s\u00e9curit\u00e9 int\u00e9rieureet peut donner lieu notamment \u00e0 la saisie du mat\u00e9riel en vue de sa confiscation par letribunal.Article 4 - Le pr\u00e9sent arr\u00eat\u00e9 pr\u00e9fectoral entre en vigueur \u00e0 compter de sa publication aurecueil des actes administratifs de la pr\u00e9fecture du Gard.Article 5 - Le pr\u00e9sent arr\u00eat\u00e9 peut faire l'objet d'un recours gracieux aupr\u00e8s de Monsieur lepr\u00e9fet du Gard (Pr\u00e9fecture du Gard 30045 Nimes Cedex 9), d'un recours hi\u00e9rarchiqueadress\u00e9 \u00e0 Monsieur le ministre de l'Int\u00e9rieur place Beauvau 75008 Paris ou d'un recourscontentieux devant le tribunal administratif de N\u00eemes, dans un d\u00e9lai de deux mois suivantsa publication. Le tribunal administratif peut aussi \u00eatre saisi par l'application informatique\u00abTelerecours Citoyens\u00bb accessible par le site internet www. telerecours. fr.Article 6 - Madame la directrice de cabinet du pr\u00e9fet du Gard, Madame la sous-pr\u00e9f\u00e8te del'arrondissement du Vigan, Monsieur le sous-pr\u00e9fet de l'arrondissement d'Al\u00e9s, Monsieur lesecr\u00e9taire g\u00e9n\u00e9ral de la pr\u00e9fecture du Gard, Monsieur le secr\u00e9taire g\u00e9n\u00e9ral adjoint de lapr\u00e9fecture du Gard, Monsieur le Colonel, commandant le groupement de gendarmeried\u00e9partementale du Gard, Monsieur le directeur interd\u00e9partemental de la police nationaledu Gard, Monsieur le directeur interd\u00e9partemental de la police nationale du Vaucluse,Monsieur le directeur interd\u00e9partemental de la police nationale des Bouches du Rh\u00f4nesont charg\u00e9s, chacun en ce qui les concerne, de l'ex\u00e9cution du pr\u00e9sent arr\u00eat\u00e9.N\u00eemes, leLe pr\u00e9fet,pe7 le pret\nPrefecture du Gard - 30-2025-11-06-00001 - Arr\u00eat\u00e9 N\u00b030-2025-11-06-00001\nportant interdiction des rassemblements festifs \u00e0 caract\u00e8re musical et interdiction de circulation des poids lourds transportant du\nmat\u00e9riel de sons \u00e0 destination d'un rassemblement festif \u00e0 caract\u00e8re musical non autoris\u00e9 dans le d\u00e9partement du Gard\ndu vendredi 07 au mercredi 12 novembre 2025\n7","date":"2025-11-06","first_seen_on":"2025-11-06T15:15:45+00:00","id":"d6deef4870bb771b23fde6e3b0fa632ad9cef298f0667225a0c8ce3843c23bd8","name":"recueil-30-2025-197-special du 06 11 2025","pdf_creation_date":"2025-11-06T15:00:32+00:00","pdf_modification_date":null,"timezone":"Europe/Paris","url":"https://www.gard.gouv.fr/contenu/telechargement/65906/484712/file/recueil-30-2025-197-special%20du%2006%2011%202025.pdf"}
