{"administration":"pref69","administration_name":"Pr\u00e9fecture du Rh\u00f4ne","content":"PR\u00c9F\u00c8TE\nDU RH\u00d4NE\nRECUEIL DES ACTES\nADMINISTRATIFS SP\u00c9CIAL\nN\u00b069-2026-086\nPUBLI\u00c9 LE 23 MARS 2026\nSommaire\n69_DDETS_Direction d\u00e9partementale de l'emploi du travail et des\nsolidarit\u00e9s /\n69-2026-02-16-00020 - Arr\u00eat\u00e9 n\u00b0 DDETS-HIS-ISPL-2026-02-16-005\nportant agr\u00e9ment de l'association SOLIHA - Solidaires pour\nl'habitat-  Rh\u00f4ne et Grand Lyon\nau titre de l'article L365-3 du\ncode de la construction et de l'habitation pour les activit\u00e9s\nd'ing\u00e9nierie sociale, financi\u00e8re et technique (2 pages) Page 5\n69-2026-02-16-00021 - Arr\u00eat\u00e9 n\u00b0 DDETS-HIS-ISPL-2026-02-16-006\nportant agr\u00e9ment de l'association SOLIHA - Solidaires pour\nl'habitat-  Rh\u00f4ne et Grand Lyon\nau titre de l'article L365-4 du\ncode de la construction et de l'habitation pour les activit\u00e9s\nd'interm\u00e9diation locative et de gestion locative sociale  (2 pages) Page 8\n69-2026-02-16-00019 - Arr\u00eat\u00e9 n\u00b0 DDETS-HIS-ISPL-2026-02-16-008\nportant agr\u00e9ment de l'association Bon Accueil\nau titre de l'article\nL365-4 du code de la construction et de l'habitation pour les activit\u00e9s\nd'interm\u00e9diation locative et de gestion locative sociale (2 pages) Page 11\n69-2026-02-20-00006 - Arr\u00eat\u00e9 n\u00b0 DDETS-HIS-ISPL-2026-02-20-007\nportant agr\u00e9ment de l'association HSE Rh\u00f4ne - H\u00e9bergement\nSolidaire Engag\u00e9 au titre de l'article L365-4 du code de la construction\net de l'habitation pour les activit\u00e9s d'interm\u00e9diation locative et\nde gestion locative sociale (2 pages) Page 14\n69-2026-02-20-00007 - Arr\u00eat\u00e9 n\u00b0 DDETS-HIS-ISPL-2026-02-20-009\nportant agr\u00e9ment de l'association Foyer Notre-Dame des Sans-Abri au\ntitre de l'article L365-4 du code de la construction et de l'habitation\npour les activit\u00e9s d'interm\u00e9diation locative et de gestion locative\nsociale  (2 pages) Page 17\n69-2026-02-20-00008 - Arr\u00eat\u00e9 n\u00b0 DDETS-HIS-ISPL-2026-02-20-010\nportant agr\u00e9ment de l'association Foyer Notre-Dame des Sans- Abri\nau titre de l'article L365-3 du code de la construction et de\nl'habitation pour les activit\u00e9s d'ing\u00e9nierie sociale, financi\u00e8re et\ntechnique  (2 pages) Page 20\n69-2026-03-06-00078 - Arr\u00eat\u00e9 n\u00b0 DDETS-HIS-ISPL-2026-03-06-011\nportant agr\u00e9ment de l'association ACCESSLODGE au titre de\nl'article L365-4 du code de la construction et de l'habitation pour les\nactivit\u00e9s d'interm\u00e9diation locative et de gestion locative sociale (2\npages) Page 23\n69_Pr\u00e9f_Pr\u00e9fecture du Rh\u00f4ne / Direction de la Coordination des\nPolitiques Interminist\u00e9rielles\n69-2026-03-20-00011 -  Arr\u00eat\u00e9 fixant le SDAASP 2025-2031 (3 pages) Page 26\n2\n69-2026-03-20-00008 - Arr\u00eat\u00e9 pr\u00e9fectoral portant d\u00e9l\u00e9gation de\nsignature \u00e0 M. Arnaud COCHET, directeur int\u00e9rimaire de la direction\nr\u00e9gionale des finances publiques de la r\u00e9gion Auvergne-Rh\u00f4ne-Alpes\net du d\u00e9partement du Rh\u00f4ne en mati\u00e8re de gestion des successions\nvacantes (2 pages) Page 30\n69-2026-03-20-00004 - Arr\u00eat\u00e9 pr\u00e9fectoral portant d\u00e9l\u00e9gation de\nsignature \u00e0 M. Arnaud COCHET, directeur int\u00e9rimaire de la direction\nr\u00e9gionale des finances publiques de la r\u00e9gion Auvergne-Rh\u00f4ne-Alpes\net du d\u00e9partement du Rh\u00f4ne en mati\u00e8re de transmission aux\ncollectivit\u00e9s locales des \u00e9l\u00e9ments de fiscalit\u00e9 directe locale (2\npages) Page 33\n69-2026-03-20-00007 - Arr\u00eat\u00e9 pr\u00e9fectoral portant d\u00e9l\u00e9gation de\nsignature des actes relevant du pouvoir adjudicateur pour la gestion de la\nnouvelle cit\u00e9 administrative d'\u00c9tat de la Part-Dieu, sise 118 rue\nServient, 69003 Lyon, \u00e0 M. Arnaud COCHET, directeur int\u00e9rimaire de la\ndirection r\u00e9gionale des finances publiques de la r\u00e9gion\nAuvergne-Rh\u00f4ne-Alpes et du d\u00e9partement du Rh\u00f4ne,\net \u00e0 M. Pierre\nCARR\u00c9, directeur du p\u00f4le partenaires de la direction r\u00e9gionale des\nfinances publiques d'Auvergne-Rh\u00f4ne-Alpes et du d\u00e9partement du\nRh\u00f4ne  (2 pages) Page 36\n69-2026-03-20-00006 - Arr\u00eat\u00e9 pr\u00e9fectoral portant d\u00e9l\u00e9gation de\nsignature des actes relevant du pouvoir adjudicateur, \u00e0 M. Arnaud\nCOCHET, directeur int\u00e9rimaire de la direction r\u00e9gionale des finances\npubliques de la r\u00e9gion Auvergne-Rh\u00f4ne-Alpes et du d\u00e9partement du\nRh\u00f4ne,\net \u00e0 M. Pierre CARRE, directeur du p\u00f4le partenaires de la\ndirection r\u00e9gionale des finances publiques d'Auvergne-Rh\u00f4ne-Alpes\net du d\u00e9partement du Rh\u00f4ne (2 pages) Page 39\n69-2026-03-20-00005 - Arr\u00eat\u00e9 pr\u00e9fectoral portant d\u00e9l\u00e9gation de\nsignature du pouvoir d'homologuer les r\u00f4les d'imp\u00f4ts directs (2\npages) Page 42\n69-2026-03-20-00010 - Arr\u00eat\u00e9 pr\u00e9fectoral portant d\u00e9l\u00e9gation de\nsignature en mati\u00e8re de r\u00e9gime d'ouverture au public des services\nd\u00e9concentr\u00e9s de la direction r\u00e9gionale des finances publiques de la\nr\u00e9gion Auvergne-Rh\u00f4ne-Alpes et du d\u00e9partement du Rh\u00f4ne (2\npages) Page 45\n69-2026-03-20-00009 - Arr\u00eat\u00e9 pr\u00e9fectoral portant d\u00e9l\u00e9gation de\nsignature en mati\u00e8re d'ouverture ou de fermeture exceptionnelle des\nservices d\u00e9concentr\u00e9s de la direction r\u00e9gionale des Finances\npubliques de la r\u00e9gion Auvergne-Rh\u00f4ne-Alpes et du d\u00e9partement du\nRh\u00f4ne (2 pages) Page 48\n3\n69_Pr\u00e9f_Pr\u00e9fecture du Rh\u00f4ne / Direction de la s\u00e9curit\u00e9 et de la\nprotection civile\n69-2026-03-19-00001 - AP du 19032026  - Cam\u00e9ras pi\u00e9ton -\nSAINT-LAURENT-DE-CHAMOUSSET (2 pages) Page 51\n69_Pr\u00e9f_Pr\u00e9fecture du Rh\u00f4ne / Direction des affaires juridiques et de\nl'administration locale\n69-2026-03-20-00003 - arr\u00eat\u00e9 pr\u00e9fectoral modifiant le p\u00e9rim\u00e8tre\ndes bureaux de vote de la commune de Saint Laurent de Mure situ\u00e9e\ndans le canton de Genas et dans la 13\u00e8me circonscription l\u00e9gislative du\nRh\u00f4ne, \u00e0 compter du 20 mars 2026 et jusqu'au 31 d\u00e9cembre 2026\net annexe (3 pages) Page 54\n4\n69_DDETS_Direction d\u00e9partementale de\nl'emploi du travail et des solidarit\u00e9s\n69-2026-02-16-00020\nArr\u00eat\u00e9 n\u00b0 DDETS-HIS-ISPL-2026-02-16-005\nportant agr\u00e9ment de l'association SOLIHA -\nSolidaires pour l'habitat-  Rh\u00f4ne et Grand Lyon\nau titre de l'article L365-3 du code de la\nconstruction et de l'habitation pour les activit\u00e9s\nd'ing\u00e9nierie sociale, financi\u00e8re et technique\n69_DDETS_Direction d\u00e9partementale de l'emploi du travail et des solidarit\u00e9s - 69-2026-02-16-00020 - Arr\u00eat\u00e9 n\u00b0\nDDETS-HIS-ISPL-2026-02-16-005 portant agr\u00e9ment de l'association SOLIHA - Solidaires pour l'habitat-  Rh\u00f4ne et Grand Lyon\nau titre de l'article L365-3 du code de la construction et de l'habitation pour les activit\u00e9s d'ing\u00e9nierie sociale, financi\u00e8re et technique\n5\nE 3PR\u00c9F\u00c8TEDU RH\u00d4NELibert\u00e9Egalit\u00e9Fraternit\u00e9\nDIRECTION D\u00c9PARTEMENTALE DE L'EMPLOI, DU TRAVAIL ET DES \nSOLIDARIT\u00c9S\nPOLE\n H\u00c9BERGEMENT ET INCLUSION SOCIALE\nSERVICE INSERTION SOCIALE ET PARCOURS VERS LE LOGEMENT\nArr\u00eat\u00e9 n\u00b0 DDETS-HIS-ISPL-2026-02-16-005\nPortant agr\u00e9ment de l'association SOLIHA - Solidaires pour \nl'habitat-  Rh\u00f4ne et Grand Lyon\nau titre de l'article L365-3 du code de la construction et de \nl'habitation\nLa Pr\u00e9f\u00e8te de la r\u00e9gion Auvergne- Rh\u00f4ne-Alpes,\nPr\u00e9f\u00e8te de la zone de d\u00e9fense et de s\u00e9curit\u00e9 Sud-Est,\nPr\u00e9f\u00e8te du Rh\u00f4ne\nCommandeur de la l\u00e9gion d'honneur\nCommandeur de l'ordre national du m\u00e9rite\nVU la loi n\u00b0 2009-323 du 25 mars 2009 de mobilisation  pour le logement et de lutte contre\nl'exclusion,\nVU le code de la construction et de l'habitation et notamment l'article L365-3 et l'article R365-1-2\u00b0\ndans sa r\u00e9daction issue du d\u00e9cret n\u00b02010-398 du 22 avril 2010 \u2013 art.1,\nVU le d\u00e9cret n\u00b0 2009-1684 du 30 d\u00e9cembre 2009 relatif aux agr\u00e9ments des organismes exer\u00e7ant des\nactivit\u00e9s en faveur du logement et de l'h\u00e9bergement des personnes d\u00e9favoris\u00e9es,\nVU la circulaire du 6 septembre 2010 relative aux agr \u00e9ments des organismes agissant en faveur du\nlogement et de l'h\u00e9bergement des personnes d\u00e9favoris\u00e9es,\nCONSID\u00c9RANT le dossier transmis le 28 octobre 2025 par le repr \u00e9sentant l\u00e9gal de l'association\nSOLIHA -  Solidaires pour l'habitat - Rh\u00f4ne et Gran d Lyon,  sise 51 avenue Jean Jaur\u00e8s \u00e0 Lyon\n7\u00e8me,  et d\u00e9clar\u00e9 complet le 29 octobre 2025,\nSUR proposition de Monsieur le directeur d\u00e9partemental de l'emploi, du travail et des solidarit\u00e9s,\n.../ \u2026\n69_DDETS_Direction d\u00e9partementale de l'emploi du travail et des solidarit\u00e9s - 69-2026-02-16-00020 - Arr\u00eat\u00e9 n\u00b0\nDDETS-HIS-ISPL-2026-02-16-005 portant agr\u00e9ment de l'association SOLIHA - Solidaires pour l'habitat-  Rh\u00f4ne et Grand Lyon\nau titre de l'article L365-3 du code de la construction et de l'habitation pour les activit\u00e9s d'ing\u00e9nierie sociale, financi\u00e8re et technique\n6\nARRETE\nArticle 1  e  r : \nL'organisme \u00e0 gestion d\u00e9sint\u00e9ress\u00e9e, d\u00e9nomm\u00e9  SOLIHA  -  Solidaires pour l'habitat - Rh\u00f4ne et\nGrand Lyon,  association de  loi 1901,  est agr\u00e9\u00e9  au  t itre  de  l'article  R365-1-2\u00b0 du code  de  la\nconstruction  et  de  l'habitation,  pour  les  activit\u00e9s  d'ing\u00e9nierie  sociale,  financi\u00e8re  et  technique\nmentionn\u00e9es ci-dessous : \n1. les activit\u00e9s d'accueil, de conseils, d'assistanc e (assistance \u00e0 ma\u00eetrise d'ouvrage avec ou\nsans mission technique, ma\u00eetrise d'\u0153uvre) pour l'am \u00e9lioration ou l'adaptation de l'habitat\nconduites en faveur des personnes d\u00e9favoris\u00e9es ou des personnes \u00e2g\u00e9es et handicap\u00e9es\n2. l'accompagnement social des personnes pour favori ser leur acc\u00e8s ou leur maintien dans le\nlogement\n3. l'assistance  des  requ\u00e9rants  dans  les  proc\u00e9dures  d u  droit  au  logement  opposable\ndevant les commissions de m\u00e9diation ou les tribunaux administratifs\n4. la recherche de logements adapt\u00e9s\n5. la participation aux r\u00e9unions des commissions d'a ttribution HLM\nArticle 2\n : \nL'agr\u00e9ment est d\u00e9livr\u00e9 pour une dur\u00e9e de 5 ans reno uvelable et est valable dans le d\u00e9partement du\nRh\u00f4ne  et  la  M\u00e9tropole  de  Lyon.  L'agr\u00e9ment  peut  \u00eatre  retir\u00e9  \u00e0  tout  moment  par  l'autorit\u00e9\nadministrative  comp\u00e9tente  si  l'organisme  ne  satisfa it  plus  aux  conditions  de  d\u00e9livrance  de\nl'agr\u00e9ment ou s'il est constat\u00e9 un manquement grave ou r\u00e9p\u00e9t\u00e9 \u00e0 ses obligations.\nLe retrait est prononc\u00e9 apr\u00e8s avoir mis les dirigea nts de l'organisme en mesure de pr\u00e9senter leurs\nobservations.\nArticle 3\n : \nUn compte-rendu de l'activit\u00e9 concern\u00e9e et les comp tes financiers de l'organisme seront adress\u00e9s\nannuellement \u00e0 l'autorit\u00e9 administrative comp\u00e9tente qui a d\u00e9livr\u00e9 l'agr\u00e9ment.\nCette derni\u00e8re peut \u00e0 tout moment contr\u00f4ler les con ditions d'exercice de l'activit\u00e9 de l'organisme.\nToute modification statutaire est notifi\u00e9e sans d\u00e9lai \u00e0 l'autorit\u00e9 administrative.\nArticle 4 : \nLe pr\u00e9sent arr\u00eat\u00e9 peut faire l'objet d'un recours d evant le tribunal administratif de Lyon sis, 184,\nrue Duguesclin \u2013 69433 LYON Cedex 3 - dans les deux  mois suivant sa publication au recueil des\nactes administratifs de la Pr\u00e9fecture du Rh\u00f4ne.\nLe tribunal administratif peut \u00eatre saisi d'une requ\u00eate d\u00e9pos\u00e9e sur le site \nwww.telerecours.fr.\nLe m\u00eame recours peut \u00eatre exerc\u00e9 par l'association gestionnaire dans le d\u00e9lai de deux mois \u00e0\ncompter de la notification du pr\u00e9sent arr\u00eat\u00e9.\nArticle 5\n : \nLe  pr\u00e9fet,  secr\u00e9taire  g\u00e9n\u00e9ral de  la  pr\u00e9fecture,  pr\u00e9 fet  d\u00e9l\u00e9gu\u00e9  pour  l'\u00e9galit\u00e9  des  chances,  et  le\ndirecteur d\u00e9partemental de l'emploi, du travail et des solidarit\u00e9s, sont en charge, chacun en ce qui\nles concerne, de l'ex\u00e9cution du pr\u00e9sent arr\u00eat\u00e9 qui sera publi\u00e9 au recueil des actes administratifs de\nla pr\u00e9fecture.\nFait \u00e0 Lyon, le 16 f\u00e9vrier 2026\nLe pr\u00e9fet,\nSecr\u00e9taire g\u00e9n\u00e9ral,\nPr\u00e9fet d\u00e9l\u00e9gu\u00e9 pour l'\u00e9galit\u00e9 des chances\nFabrice ROSAY\n69_DDETS_Direction d\u00e9partementale de l'emploi du travail et des solidarit\u00e9s - 69-2026-02-16-00020 - Arr\u00eat\u00e9 n\u00b0\nDDETS-HIS-ISPL-2026-02-16-005 portant agr\u00e9ment de l'association SOLIHA - Solidaires pour l'habitat-  Rh\u00f4ne et Grand Lyon\nau titre de l'article L365-3 du code de la construction et de l'habitation pour les activit\u00e9s d'ing\u00e9nierie sociale, financi\u00e8re et technique\n7\n69_DDETS_Direction d\u00e9partementale de\nl'emploi du travail et des solidarit\u00e9s\n69-2026-02-16-00021\nArr\u00eat\u00e9 n\u00b0 DDETS-HIS-ISPL-2026-02-16-006\nportant agr\u00e9ment de l'association SOLIHA -\nSolidaires pour l'habitat-  Rh\u00f4ne et Grand Lyon\nau titre de l'article L365-4 du code de la\nconstruction et de l'habitation pour les activit\u00e9s\nd'interm\u00e9diation locative et de gestion locative\nsociale \n69_DDETS_Direction d\u00e9partementale de l'emploi du travail et des solidarit\u00e9s - 69-2026-02-16-00021 - Arr\u00eat\u00e9 n\u00b0\nDDETS-HIS-ISPL-2026-02-16-006 portant agr\u00e9ment de l'association SOLIHA - Solidaires pour l'habitat-  Rh\u00f4ne et Grand Lyon\nau titre de l'article L365-4 du code de la construction et de l'habitation pour les activit\u00e9s d'interm\u00e9diation locative et de gestion\nlocative sociale \n8\nEsPREFETEDU RHONELibert\u00e9Egalit\u00e9Fraternit\u00e9\nDIRECTION D\u00c9PARTEMENTALE DE L'EMPLOI, DU TRAVAIL ET DES \nSOLIDARIT\u00c9S\nPOLE\n H\u00c9BERGEMENT ET INCLUSION SOCIALE\nSERVICE INSERTION SOCIALE ET PARCOURS VERS LE LOGEMENT\nArr\u00eat\u00e9 n\u00b0 DDETS-HIS-ISPL-2026-02-16-006\nPortant agr\u00e9ment de l'association SOLIHA - Solidaires pour \nl'habitat-  Rh\u00f4ne et Grand Lyon\nau titre de l'article L365-4 du code de la construction et de \nl'habitation\nLa Pr\u00e9f\u00e8te de la r\u00e9gion Auvergne- Rh\u00f4ne-Alpes,\nPr\u00e9f\u00e8te de la zone de d\u00e9fense et de s\u00e9curit\u00e9 Sud-Est,\nPr\u00e9f\u00e8te du Rh\u00f4ne\nCommandeur de la l\u00e9gion d'honneur\nCommandeur de l'ordre national du m\u00e9rite\nVU la  loi  n\u00b0  2009-323  du  25  mars  2009  de  mobilisation  pour  le  logement  et  de  lutte  contre\nl'exclusion,\nVU le code de la construction et de l'habitation et n otamment l'article L365-4 et l'article R365-1-3\u00b0\ndans sa r\u00e9daction issue du d\u00e9cret n\u00b02010-398 du 22 avril 2010 \u2013 art.1,\nVU le d\u00e9cret n\u00b02009-1684 du 30 d\u00e9cembre 2009 relatif aux agr\u00e9ments des organismes exer\u00e7ant des\nactivit\u00e9s en faveur du logement et de l'h\u00e9bergement des personnes d\u00e9favoris\u00e9es,\nVU la circulaire du 6 septembre 2010 relative aux agr \u00e9ments des organismes agissant en faveur du\nlogement et de l'h\u00e9bergement des personnes d\u00e9favoris\u00e9es,\nCONSID\u00c9RANT le dossier transmis le 28 octobre 2025 par le repr \u00e9sentant l\u00e9gal de l'association\nSOLIHA -  Solidaires pour l'habitat - Rh\u00f4ne et Grand Lyon,  sise 51 avenue Jean Jaur\u00e8s \u00e0 Lyon 7\u00e8me,\net d\u00e9clar\u00e9 complet le 29 octobre 2025,\nSUR proposition de Monsieur le directeur d\u00e9partemental de l'emploi, du travail et des solidarit\u00e9s,\n\u2026/\u2026\n                         DDETS   8/10 rue du Nord  69625 VILLEURBANNE cedex\n69_DDETS_Direction d\u00e9partementale de l'emploi du travail et des solidarit\u00e9s - 69-2026-02-16-00021 - Arr\u00eat\u00e9 n\u00b0\nDDETS-HIS-ISPL-2026-02-16-006 portant agr\u00e9ment de l'association SOLIHA - Solidaires pour l'habitat-  Rh\u00f4ne et Grand Lyon\nau titre de l'article L365-4 du code de la construction et de l'habitation pour les activit\u00e9s d'interm\u00e9diation locative et de gestion\nlocative sociale \n9\nARRETE\nArticle 1  e  r : \nL'organisme \u00e0 gestion d\u00e9sint\u00e9ress\u00e9e, d\u00e9nomm\u00e9 SOLIHA  -   Solidaires  pour  l'habitat  -  Rh\u00f4ne  et\nGrand Lyon ,  association de loi 1901 ,  est agr\u00e9\u00e9  au  titre  de  l'article R365-1-3\u00b0  du  code  de  la\nconstruction et de l'habitation pour les activit\u00e9s d'interm\u00e9diation locative et de gestion locative sociale\nmentionn\u00e9es ci-apr\u00e8s :\n1. la location de logements en vue de leur sous-loca tion aupr\u00e8s d'un organisme agr\u00e9\u00e9 pour\nson activit\u00e9 de ma\u00eetrise d'ouvrage ou d'un organisme HLM\n2. la location de logements en vue de leur sous-loca tion aupr\u00e8s de bailleurs autres que des\norganismes HLM : il s'agit notamment des bailleurs priv\u00e9s, personnes physiques ou\nmorales, des soci\u00e9t\u00e9s d'\u00e9conomie mixte et des collectivit\u00e9s locales\n3. la location de logements en vue de l'h\u00e9bergement de personnes d\u00e9favoris\u00e9es aupr\u00e8s d'un\norganisme conventionn\u00e9 \u00e0 l'allocation logement temporaire (ALT) : le d\u00e9cret ne pr\u00e9voit\nd'agr\u00e9ment  que  dans  le  cas  o\u00f9  l'organisme  qui  loue  les  logements  aux  fins\nd'h\u00e9bergement a conclu une convention ALT\nArticle 2 : \nL'agr\u00e9ment est d\u00e9livr\u00e9 pour une dur\u00e9e de 5 ans reno uvelable et est valable dans le d\u00e9partement du\nRh\u00f4ne  et  la  M\u00e9tropole  de  Lyon .  L'agr\u00e9ment  peut  \u00eatre  retir\u00e9  \u00e0  tout  moment  par  l'a utorit\u00e9\nadministrative comp\u00e9tente si l'organisme ne satisfa it plus aux conditions de d\u00e9livrance de l'agr\u00e9ment\nou s'il est constat\u00e9 un manquement grave ou r\u00e9p\u00e9t\u00e9 \u00e0 ses obligations. Le retrait est prononc\u00e9 apr\u00e8s\navoir mis les dirigeants de l'organisme en mesure de pr\u00e9senter leurs observations.\nArticle 3 : \nUn compte-rendu de l'activit\u00e9 concern\u00e9e et les comp tes financiers de l'organisme seront adress\u00e9s\nannuellement \u00e0 l'autorit\u00e9 administrative comp\u00e9tente qui a d\u00e9livr\u00e9 l'agr\u00e9ment.\nCette derni\u00e8re peut \u00e0 tout moment contr\u00f4ler les con ditions d'exercice de l'activit\u00e9 de l'organisme.\nToute modification statutaire est notifi\u00e9e sans d\u00e9lai \u00e0 l'autorit\u00e9 administrative.\nArticle 4 : \nLe pr\u00e9sent arr\u00eat\u00e9 peut faire l'objet d'un recours d evant le tribunal administratif de Lyon sis, 184, r ue\nDuguesclin \u2013 69433 LYON Cedex 3 - dans les deux moi s suivant sa publication au recueil des actes\nadministratifs  de  la  Pr\u00e9fecture  du  Rh\u00f4ne.  Le  tribunal  administratif  peut  \u00eatre  saisi  d'une  requ\u00eate\nd\u00e9pos\u00e9e sur le site www.telerecours.fr. Le m\u00eame recours peut \u00eatre exerc\u00e9 par l'association gestionnaire\ndans le d\u00e9lai de deux mois \u00e0 compter de la notification du pr\u00e9sent arr\u00eat\u00e9.\nArticle 5 : \nLe pr\u00e9fet, secr\u00e9taire g\u00e9n\u00e9ral de la pr\u00e9fecture, pr\u00e9 fet d\u00e9l\u00e9gu\u00e9 pour l'\u00e9galit\u00e9 des chances, et le direc teur\nd\u00e9partemental de l'emploi, du travail et des solida rit\u00e9s sont en charge, chacun en ce qui les concerne ,\nde l'ex\u00e9cution du pr\u00e9sent arr\u00eat\u00e9 qui sera publi\u00e9 au recueil des actes administratifs de la Pr\u00e9fecture.\nFait \u00e0 Lyon, le 16 f\u00e9vrier 2026\nLe pr\u00e9fet,\nSecr\u00e9taire g\u00e9n\u00e9ral,\nPr\u00e9fet d\u00e9l\u00e9gu\u00e9 pour l'\u00e9galit\u00e9 des chances\nFabrice ROSAY\n69_DDETS_Direction d\u00e9partementale de l'emploi du travail et des solidarit\u00e9s - 69-2026-02-16-00021 - Arr\u00eat\u00e9 n\u00b0\nDDETS-HIS-ISPL-2026-02-16-006 portant agr\u00e9ment de l'association SOLIHA - Solidaires pour l'habitat-  Rh\u00f4ne et Grand Lyon\nau titre de l'article L365-4 du code de la construction et de l'habitation pour les activit\u00e9s d'interm\u00e9diation locative et de gestion\nlocative sociale \n10\n69_DDETS_Direction d\u00e9partementale de\nl'emploi du travail et des solidarit\u00e9s\n69-2026-02-16-00019\nArr\u00eat\u00e9 n\u00b0 DDETS-HIS-ISPL-2026-02-16-008\nportant agr\u00e9ment de l'association Bon Accueil\nau titre de l'article L365-4 du code de la\nconstruction et de l'habitation pour les activit\u00e9s\nd'interm\u00e9diation locative et de gestion locative\nsociale\n69_DDETS_Direction d\u00e9partementale de l'emploi du travail et des solidarit\u00e9s - 69-2026-02-16-00019 - Arr\u00eat\u00e9 n\u00b0\nDDETS-HIS-ISPL-2026-02-16-008 portant agr\u00e9ment de l'association Bon Accueil\nau titre de l'article L365-4 du code de la construction et de l'habitation pour les activit\u00e9s d'interm\u00e9diation locative et de gestion\nlocative sociale\n11\nEsPREFETEDU RHONELibert\u00e9Egalit\u00e9Fraternit\u00e9\nDIRECTION D\u00c9PARTEMENTALE DE L'EMPLOI, DU TRAVAIL ET DES \nSOLIDARIT\u00c9S\nPOLE\n H\u00c9BERGEMENT ET INCLUSION SOCIALE\nSERVICE INSERTION SOCIALE ET PARCOURS VERS LE LOGEMENT\nArr\u00eat\u00e9 n\u00b0 DDETS-HIS-ISPL-2026-02-16-008\nPortant agr\u00e9ment de l'association Bon Accueil\nau titre de l'article L365-4 du code de la construction et de \nl'habitation\nLa Pr\u00e9f\u00e8te de la r\u00e9gion Auvergne- Rh\u00f4ne-Alpes,\nPr\u00e9f\u00e8te de la zone de d\u00e9fense et de s\u00e9curit\u00e9 Sud-Est,\nPr\u00e9f\u00e8te du Rh\u00f4ne\nCommandeur de la l\u00e9gion d'honneur\nCommandeur de l'ordre national du m\u00e9rite\nVU la  loi  n\u00b0  2009-323  du  25  mars  2009  de  mobilisation  pour  le  logement  et  de  lutte  contre\nl'exclusion,\nVU le code de la construction et de l'habitation et n otamment l'article L365-4 et l'article R365-1-3\u00b0\ndans sa r\u00e9daction issue du d\u00e9cret n\u00b02010-398 du 22 avril 2010 \u2013 art.1,\nVU le d\u00e9cret n\u00b02009-1684 du 30 d\u00e9cembre 2009 relatif aux agr\u00e9ments des organismes exer\u00e7ant des\nactivit\u00e9s en faveur du logement et de l'h\u00e9bergement des personnes d\u00e9favoris\u00e9es,\nVU la circulaire du 6 septembre 2010 relative aux agr \u00e9ments des organismes agissant en faveur du\nlogement et de l'h\u00e9bergement des personnes d\u00e9favoris\u00e9es,\nCONSID\u00c9RANT le dossier transmis le 15 octobre 2025 par le repr\u00e9sentant l\u00e9gal de l'association Bon\nAccueil, sise 19 rue du Plat \u00e0 Lyon 2\u00e8me,  et d\u00e9clar\u00e9 complet le 27 octobre 2025,\nSUR proposition de Monsieur le directeur d\u00e9partemental de l'emploi, du travail et des solidarit\u00e9s,\n\u2026/\u2026\n                         DDETS   8/10 rue du Nord  69625 VILLEURBANNE cedex\n69_DDETS_Direction d\u00e9partementale de l'emploi du travail et des solidarit\u00e9s - 69-2026-02-16-00019 - Arr\u00eat\u00e9 n\u00b0\nDDETS-HIS-ISPL-2026-02-16-008 portant agr\u00e9ment de l'association Bon Accueil\nau titre de l'article L365-4 du code de la construction et de l'habitation pour les activit\u00e9s d'interm\u00e9diation locative et de gestion\nlocative sociale\n12\nARRETE\nArticle 1  e  r : \nL'organisme \u00e0 gestion d\u00e9sint\u00e9ress\u00e9e, d\u00e9nomm\u00e9 Bon Acc ueil,  association de loi 1901 , est agr\u00e9\u00e9 au\ntitre  de  l'article  R365-1-3\u00b0  du  code  de  la  construc tion  et  de  l'habitation  pour  les  activit\u00e9s\nd'interm\u00e9diation locative et de gestion locative sociale mentionn\u00e9es ci-apr\u00e8s :\n- la gestion de r\u00e9sidences sociales\nArticle 2 : \nL'agr\u00e9ment est d\u00e9livr\u00e9 pour une dur\u00e9e de 5 ans reno uvelable et est valable dans le d\u00e9partement du\nRh\u00f4ne et la M\u00e9tropole de Lyon . Il concerne exclusivement les r\u00e9sidences sociales  classiques et les\nr\u00e9sidences sociales jeunes actifs.\nL'agr\u00e9ment peut \u00eatre retir\u00e9 \u00e0 tout moment par l'aut orit\u00e9 administrative comp\u00e9tente si l'organisme ne\nsatisfait plus aux conditions de d\u00e9livrance de l'ag r\u00e9ment ou s'il est constat\u00e9 un manquement grave ou\nr\u00e9p\u00e9t\u00e9 \u00e0 ses obligations. \nLe retrait est prononc\u00e9 apr\u00e8s avoir mis les dirigea nts de l'organisme en mesure de pr\u00e9senter leurs\nobservations.\nArticle 3\n : \nUn compte-rendu de l'activit\u00e9 concern\u00e9e et les comp tes financiers de l'organisme seront adress\u00e9s\nannuellement \u00e0 l'autorit\u00e9 administrative comp\u00e9tente qui a d\u00e9livr\u00e9 l'agr\u00e9ment.\nCette derni\u00e8re peut \u00e0 tout moment contr\u00f4ler les con ditions d'exercice de l'activit\u00e9 de l'organisme.\nToute modification statutaire est notifi\u00e9e sans d\u00e9lai \u00e0 l'autorit\u00e9 administrative.\nArticle 4 : \nLe pr\u00e9sent arr\u00eat\u00e9 peut faire l'objet d'un recours d evant le tribunal administratif de Lyon sis, 184, r ue\nDuguesclin \u2013 69433 LYON Cedex 3 - dans les deux moi s suivant sa publication au recueil des actes\nadministratifs de la Pr\u00e9fecture du Rh\u00f4ne.\nLe tribunal administratif peut \u00eatre saisi d'une requ\u00eate d\u00e9pos\u00e9e sur le site \nwww.telerecours.fr.\nLe m\u00eame recours peut \u00eatre exerc\u00e9 par l'association gestionnaire dans le d\u00e9lai de deux mois \u00e0 compter\nde la notification du pr\u00e9sent arr\u00eat\u00e9.\nArticle 5\n : \nLe pr\u00e9fet, secr\u00e9taire g\u00e9n\u00e9ral de la pr\u00e9fecture, pr\u00e9 fet d\u00e9l\u00e9gu\u00e9 pour l'\u00e9galit\u00e9 des chances, et le direc teur\nd\u00e9partemental de l'emploi, du travail et des solida rit\u00e9s sont en charge, chacun en ce qui les concerne ,\nde l'ex\u00e9cution du pr\u00e9sent arr\u00eat\u00e9 qui sera publi\u00e9 au recueil des actes administratifs de la Pr\u00e9fecture.\nFait \u00e0 Lyon, le 16 f\u00e9vrier 2026\nLe Pr\u00e9fet, \nSecr\u00e9taire g\u00e9n\u00e9ral,\nPr\u00e9fet d\u00e9l\u00e9gu\u00e9 pour l'\u00e9galit\u00e9 des chances\nFabrice ROSAY\n69_DDETS_Direction d\u00e9partementale de l'emploi du travail et des solidarit\u00e9s - 69-2026-02-16-00019 - Arr\u00eat\u00e9 n\u00b0\nDDETS-HIS-ISPL-2026-02-16-008 portant agr\u00e9ment de l'association Bon Accueil\nau titre de l'article L365-4 du code de la construction et de l'habitation pour les activit\u00e9s d'interm\u00e9diation locative et de gestion\nlocative sociale\n13\n69_DDETS_Direction d\u00e9partementale de\nl'emploi du travail et des solidarit\u00e9s\n69-2026-02-20-00006\nArr\u00eat\u00e9 n\u00b0 DDETS-HIS-ISPL-2026-02-20-007\nportant agr\u00e9ment de l'association HSE Rh\u00f4ne -\nH\u00e9bergement Solidaire Engag\u00e9 au titre de\nl'article L365-4 du code de la construction et de\nl'habitation pour les activit\u00e9s d'interm\u00e9diation\nlocative et de gestion locative sociale\n69_DDETS_Direction d\u00e9partementale de l'emploi du travail et des solidarit\u00e9s - 69-2026-02-20-00006 - Arr\u00eat\u00e9 n\u00b0\nDDETS-HIS-ISPL-2026-02-20-007 portant agr\u00e9ment de l'association HSE Rh\u00f4ne - H\u00e9bergement Solidaire Engag\u00e9 au titre de l'article\nL365-4 du code de la construction et de l'habitation pour les activit\u00e9s d'interm\u00e9diation locative et de gestion locative sociale\n14\nEsPREFETEDU RHONELibert\u00e9Egalit\u00e9Fraternit\u00e9\nDIRECTION D\u00c9PARTEMENTALE DE L'EMPLOI, DU TRAVAIL ET DES \nSOLIDARIT\u00c9S\nPOLE\n H\u00c9BERGEMENT ET INCLUSION SOCIALE\nSERVICE INSERTION SOCIALE ET PARCOURS VERS LE LOGEMENT\nArr\u00eat\u00e9 n\u00b0 DDETS-HIS-ISPL-2026-02-20-007\nPortant agr\u00e9ment de l'association HSE Rh\u00f4ne \u2013 H\u00e9bergement \nSolidaire Engag\u00e9\nau titre de l'article L365-4 du code de la construction et de \nl'habitation\nLa Pr\u00e9f\u00e8te de la r\u00e9gion Auvergne- Rh\u00f4ne-Alpes,\nPr\u00e9f\u00e8te de la zone de d\u00e9fense et de s\u00e9curit\u00e9 Sud-Est,\nPr\u00e9f\u00e8te du Rh\u00f4ne\nCommandeur de la l\u00e9gion d'honneur\nCommandeur de l'ordre national du m\u00e9rite\nVU la  loi  n\u00b0  2009-323  du  25  mars  2009  de  mobilisation  pour  le  logement  et  de  lutte  contre\nl'exclusion,\nVU le code de la construction et de l'habitation et n otamment l'article L365-4 et l'article R365-1-3\u00b0\ndans sa r\u00e9daction issue du d\u00e9cret n\u00b02010-398 du 22 avril 2010 \u2013 art.1,\nVU le d\u00e9cret n\u00b02009-1684 du 30 d\u00e9cembre 2009 relatif aux agr\u00e9ments des organismes exer\u00e7ant des\nactivit\u00e9s en faveur du logement et de l'h\u00e9bergement des personnes d\u00e9favoris\u00e9es,\nVU la circulaire du 6 septembre 2010 relative aux agr \u00e9ments des organismes agissant en faveur du\nlogement et de l'h\u00e9bergement des personnes d\u00e9favoris\u00e9es,\nCONSID\u00c9RANT le dossier transmis le 10 d\u00e9cembre 2025  par le repr\u00e9sentant l\u00e9gal de l'association \nHSE Rh\u00f4ne \u2013 H\u00e9bergement Solidaire Engag\u00e9, sise 132 rue Bossuet \u00e0 Lyon 6\u00e8me,  et d\u00e9clar\u00e9 complet \nle 19 janvier 2026,\nSUR proposition de Monsieur le directeur d\u00e9partemental de l'emploi, du travail et des solidarit\u00e9s,\n\u2026/\u2026\n                         DDETS   8/10 rue du Nord  69625 VILLEURBANNE cedex\n69_DDETS_Direction d\u00e9partementale de l'emploi du travail et des solidarit\u00e9s - 69-2026-02-20-00006 - Arr\u00eat\u00e9 n\u00b0\nDDETS-HIS-ISPL-2026-02-20-007 portant agr\u00e9ment de l'association HSE Rh\u00f4ne - H\u00e9bergement Solidaire Engag\u00e9 au titre de l'article\nL365-4 du code de la construction et de l'habitation pour les activit\u00e9s d'interm\u00e9diation locative et de gestion locative sociale\n15\nARRETE\nArticle 1  e  r : \nL'organisme \u00e0 gestion d\u00e9sint\u00e9ress\u00e9e, d\u00e9nomm\u00e9 HSE  Rh\u00f4 ne  \u2013  H\u00e9bergement  Solidaire  Engag\u00e9,\nassociation de loi 1901 , est agr\u00e9\u00e9 au titre de l'article R365-1-3\u00b0 du code  de la construction et de\nl'habitation pour les activit\u00e9s d'interm\u00e9diation lo cative et de gestion locative  sociale mentionn\u00e9es ci-\napr\u00e8s :\n1. la gestion de r\u00e9sidences sociales\nArticle 2 : \nL'agr\u00e9ment est d\u00e9livr\u00e9 pour une dur\u00e9e de 5 ans reno uvelable et est valable dans le d\u00e9partement du\nRh\u00f4ne et la M\u00e9tropole de Lyon . Il concerne exclusivement la r\u00e9sidence sociale je unes actifs Le\nConfluence \u00e0 Lyon 2\u00e8me. L'agr\u00e9ment peut \u00eatre retir\u00e9  \u00e0 tout moment par l'autorit\u00e9 administrative\ncomp\u00e9tente si l'organisme ne satisfait plus aux con ditions de d\u00e9livrance de l'agr\u00e9ment ou s'il est\nconstat\u00e9 un manquement grave ou r\u00e9p\u00e9t\u00e9 \u00e0 ses obligations. \nLe retrait est prononc\u00e9 apr\u00e8s avoir mis les dirigea nts de l'organisme en mesure de pr\u00e9senter leurs\nobservations.\nArticle 3\n : \nUn compte-rendu de l'activit\u00e9 concern\u00e9e et les comp tes financiers de l'organisme seront adress\u00e9s\nannuellement \u00e0 l'autorit\u00e9 administrative comp\u00e9tente qui a d\u00e9livr\u00e9 l'agr\u00e9ment.\nCette derni\u00e8re peut \u00e0 tout moment contr\u00f4ler les con ditions d'exercice de l'activit\u00e9 de l'organisme.\nToute modification statutaire est notifi\u00e9e sans d\u00e9lai \u00e0 l'autorit\u00e9 administrative.\nArticle 4 : \nLe pr\u00e9sent arr\u00eat\u00e9 peut faire l'objet d'un recours d evant le tribunal administratif de Lyon sis, 184, r ue\nDuguesclin \u2013 69433 LYON Cedex 3 - dans les deux moi s suivant sa publication au recueil des actes\nadministratifs de la Pr\u00e9fecture du Rh\u00f4ne.\nLe tribunal administratif peut \u00eatre saisi d'une requ\u00eate d\u00e9pos\u00e9e sur le site \nwww.telerecours.fr.\nLe m\u00eame recours peut \u00eatre exerc\u00e9 par l'association gestionnaire dans le d\u00e9lai de deux mois \u00e0 compter\nde la notification du pr\u00e9sent arr\u00eat\u00e9.\nArticle 5\n : \nLe pr\u00e9fet, secr\u00e9taire g\u00e9n\u00e9ral de la pr\u00e9fecture, pr\u00e9 fet d\u00e9l\u00e9gu\u00e9 pour l'\u00e9galit\u00e9 des chances, et le direc teur\nd\u00e9partemental de l'emploi, du travail et des solida rit\u00e9s sont en charge, chacun en ce qui les concerne ,\nde l'ex\u00e9cution du pr\u00e9sent arr\u00eat\u00e9 qui sera publi\u00e9 au recueil des actes administratifs de la pr\u00e9fecture.\nFait \u00e0 Lyon, le 20 f\u00e9vrier 2026\nLe Pr\u00e9fet,\nSecr\u00e9taire g\u00e9n\u00e9ral,\nPr\u00e9fet d\u00e9l\u00e9gu\u00e9 pour l'\u00e9galit\u00e9 des chances\nFabrice ROSAY\n69_DDETS_Direction d\u00e9partementale de l'emploi du travail et des solidarit\u00e9s - 69-2026-02-20-00006 - Arr\u00eat\u00e9 n\u00b0\nDDETS-HIS-ISPL-2026-02-20-007 portant agr\u00e9ment de l'association HSE Rh\u00f4ne - H\u00e9bergement Solidaire Engag\u00e9 au titre de l'article\nL365-4 du code de la construction et de l'habitation pour les activit\u00e9s d'interm\u00e9diation locative et de gestion locative sociale\n16\n69_DDETS_Direction d\u00e9partementale de\nl'emploi du travail et des solidarit\u00e9s\n69-2026-02-20-00007\nArr\u00eat\u00e9 n\u00b0 DDETS-HIS-ISPL-2026-02-20-009\nportant agr\u00e9ment de l'association Foyer\nNotre-Dame des Sans-Abri au titre de l'article\nL365-4 du code de la construction et de\nl'habitation pour les activit\u00e9s d'interm\u00e9diation\nlocative et de gestion locative sociale \n69_DDETS_Direction d\u00e9partementale de l'emploi du travail et des solidarit\u00e9s - 69-2026-02-20-00007 - Arr\u00eat\u00e9 n\u00b0\nDDETS-HIS-ISPL-2026-02-20-009 portant agr\u00e9ment de l'association Foyer Notre-Dame des Sans-Abri au titre de l'article L365-4 du\ncode de la construction et de l'habitation pour les activit\u00e9s d'interm\u00e9diation locative et de gestion locative sociale \n17\nEsPREFETEDU RHONELibert\u00e9Egalit\u00e9Fraternit\u00e9\nDIRECTION D\u00c9PARTEMENTALE DE L'EMPLOI, DU TRAVAIL ET DES \nSOLIDARIT\u00c9S\nPOLE\n H\u00c9BERGEMENT ET INCLUSION SOCIALE\nSERVICE INSERTION SOCIALE ET PARCOURS VERS LE LOGEMENT\nArr\u00eat\u00e9 n\u00b0 DDETS-HIS-ISPL-2026-02-20-009\nPortant agr\u00e9ment de l'association Foyer Notre-Dame des Sans-\nAbri au titre de l'article L365-4 du code de la construction et de \nl'habitation\nLa Pr\u00e9f\u00e8te de la r\u00e9gion Auvergne- Rh\u00f4ne-Alpes,\nPr\u00e9f\u00e8te de la zone de d\u00e9fense et de s\u00e9curit\u00e9 Sud-Est,\nPr\u00e9f\u00e8te du Rh\u00f4ne\nCommandeur de la l\u00e9gion d'honneur\nCommandeur de l'ordre national du m\u00e9rite\nVU la  loi  n\u00b0  2009-323  du  25  mars  2009  de  mobilisation  pour  le  logement  et  de  lutte  contre\nl'exclusion,\nVU le code de la construction et de l'habitation et n otamment l'article L365-4 et l'article R365-1-3\u00b0\ndans sa r\u00e9daction issue du d\u00e9cret n\u00b02010-398 du 22 avril 2010 \u2013 art.1,\nVU le d\u00e9cret n\u00b02009-1684 du 30 d\u00e9cembre 2009 relatif aux agr\u00e9ments des organismes exer\u00e7ant des\nactivit\u00e9s en faveur du logement et de l'h\u00e9bergement des personnes d\u00e9favoris\u00e9es,\nVU la circulaire du 6 septembre 2010 relative aux agr \u00e9ments des organismes agissant en faveur du\nlogement et de l'h\u00e9bergement des personnes d\u00e9favoris\u00e9es,\nCONSID\u00c9RANT le dossier transmis le 15 d\u00e9cembre 2025 par le rep r\u00e9sentant l\u00e9gal de l'association\nFoyer Notre-Dame des Sans-Abri, sise 3 rue P\u00e8re Che vrier \u00e0 Lyon 7\u00e8me,  et d\u00e9clar\u00e9 complet le\n23 d\u00e9cembre 2026,\nSUR proposition de Monsieur le directeur d\u00e9partemental de l'emploi, du travail et des solidarit\u00e9s,\n\u2026/\u2026\n                         DDETS   8/10 rue du Nord  69625 VILLEURBANNE cedex\n69_DDETS_Direction d\u00e9partementale de l'emploi du travail et des solidarit\u00e9s - 69-2026-02-20-00007 - Arr\u00eat\u00e9 n\u00b0\nDDETS-HIS-ISPL-2026-02-20-009 portant agr\u00e9ment de l'association Foyer Notre-Dame des Sans-Abri au titre de l'article L365-4 du\ncode de la construction et de l'habitation pour les activit\u00e9s d'interm\u00e9diation locative et de gestion locative sociale \n18\nARRETE\nArticle 1  e  r : \nL'organisme \u00e0 gestion d\u00e9sint\u00e9ress\u00e9e, d\u00e9nomm\u00e9 Foyer N otre-Dame des Sans-Abri, association de loi\n1901, est agr\u00e9\u00e9 au titre de l'article R365-1-3\u00b0 du code  de la construction et de l'habitation pour les\nactivit\u00e9s d'interm\u00e9diation locative et de gestion locative sociale mentionn\u00e9es ci-apr\u00e8s :\n1. la location de logements en vue de leur sous-loca tion aupr\u00e8s d'un organisme agr\u00e9\u00e9 pour\nson activit\u00e9 de ma\u00eetrise d'ouvrage ou d'un organisme HLM\n2. la location de logements en vue de leur sous-loca tion aupr\u00e8s de bailleurs autres que des\norganismes HLM : il s'agit notamment des bailleurs priv\u00e9s, personnes physiques ou\nmorales, des soci\u00e9t\u00e9s d'\u00e9conomie mixte et des collectivit\u00e9s locales\n3. la location de logements en vue de l'h\u00e9bergement de personnes d\u00e9favoris\u00e9es aupr\u00e8s d'un\norganisme conventionn\u00e9 \u00e0 l'allocation logement temporaire (ALT) : le d\u00e9cret ne pr\u00e9voit\nd'agr\u00e9ment  que  dans  le  cas  o\u00f9  l'organisme  qui  loue  les  logements  aux  fins\nd'h\u00e9bergement a conclu une convention ALT\n4. la location d'un h\u00f4tel destin\u00e9 \u00e0 l'h\u00e9bergement au pr\u00e8s d'un organisme HLM\n6.   la gestion de r\u00e9sidences sociales\nArticle 2 : \nL'agr\u00e9ment est d\u00e9livr\u00e9 pour une dur\u00e9e de 5 ans reno uvelable et est valable dans le d\u00e9partement du\nRh\u00f4ne et la M\u00e9tropole de Lyon.\nL'agr\u00e9ment peut \u00eatre retir\u00e9 \u00e0 tout moment par l'aut orit\u00e9 administrative comp\u00e9tente si l'organisme ne\nsatisfait plus aux conditions de d\u00e9livrance de l'ag r\u00e9ment ou s'il est constat\u00e9 un manquement grave ou\nr\u00e9p\u00e9t\u00e9 \u00e0 ses obligations. \nLe retrait est prononc\u00e9 apr\u00e8s avoir mis les dirigea nts de l'organisme en mesure de pr\u00e9senter leurs\nobservations.\nArticle 3\n : \nUn compte-rendu de l'activit\u00e9 concern\u00e9e et les comp tes financiers de l'organisme seront adress\u00e9s\nannuellement \u00e0 l'autorit\u00e9 administrative comp\u00e9tente qui a d\u00e9livr\u00e9 l'agr\u00e9ment.\nCette derni\u00e8re peut \u00e0 tout moment contr\u00f4ler les con ditions d'exercice de l'activit\u00e9 de l'organisme.\nToute modification statutaire est notifi\u00e9e sans d\u00e9lai \u00e0 l'autorit\u00e9 administrative.\nArticle 4 : \nLe pr\u00e9sent arr\u00eat\u00e9 peut faire l'objet d'un recours d evant le tribunal administratif de Lyon sis, 184, r ue\nDuguesclin \u2013 69433 LYON Cedex 3 - dans les deux moi s suivant sa publication au recueil des actes\nadministratifs de la Pr\u00e9fecture du Rh\u00f4ne.\nLe tribunal administratif peut \u00eatre saisi d'une requ\u00eate d\u00e9pos\u00e9e sur le site \nwww.telerecours.fr.\nLe m\u00eame recours peut \u00eatre exerc\u00e9 par l'association gestionnaire dans le d\u00e9lai de deux mois \u00e0 compter\nde la notification du pr\u00e9sent arr\u00eat\u00e9.\nArticle 5\n : \nLe pr\u00e9fet, secr\u00e9taire g\u00e9n\u00e9ral de la pr\u00e9fecture, pr\u00e9 fet d\u00e9l\u00e9gu\u00e9 pour l'\u00e9galit\u00e9 des chances, et le direc teur\nd\u00e9partemental de l'emploi, du travail et des solida rit\u00e9s sont en charge, chacun en ce qui les concerne ,\nde l'ex\u00e9cution du pr\u00e9sent arr\u00eat\u00e9 qui sera publi\u00e9 au recueil des actes administratifs de la Pr\u00e9fecture.\nFait \u00e0 Lyon, le 20 f\u00e9vrier 2026\nLe pr\u00e9fet,\nSecr\u00e9taire g\u00e9n\u00e9ral\nPr\u00e9fet d\u00e9l\u00e9gu\u00e9 pour l'\u00e9galit\u00e9 des chances\nFabrice ROSAY\n69_DDETS_Direction d\u00e9partementale de l'emploi du travail et des solidarit\u00e9s - 69-2026-02-20-00007 - Arr\u00eat\u00e9 n\u00b0\nDDETS-HIS-ISPL-2026-02-20-009 portant agr\u00e9ment de l'association Foyer Notre-Dame des Sans-Abri au titre de l'article L365-4 du\ncode de la construction et de l'habitation pour les activit\u00e9s d'interm\u00e9diation locative et de gestion locative sociale \n19\n69_DDETS_Direction d\u00e9partementale de\nl'emploi du travail et des solidarit\u00e9s\n69-2026-02-20-00008\nArr\u00eat\u00e9 n\u00b0 DDETS-HIS-ISPL-2026-02-20-010\nportant agr\u00e9ment de l'association Foyer\nNotre-Dame des Sans- Abri au titre de l'article\nL365-3 du code de la construction et de\nl'habitation pour les activit\u00e9s d'ing\u00e9nierie sociale,\nfinanci\u00e8re et technique \n69_DDETS_Direction d\u00e9partementale de l'emploi du travail et des solidarit\u00e9s - 69-2026-02-20-00008 - Arr\u00eat\u00e9 n\u00b0\nDDETS-HIS-ISPL-2026-02-20-010 portant agr\u00e9ment de l'association Foyer Notre-Dame des Sans- Abri au titre de l'article L365-3 du\ncode de la construction et de l'habitation pour les activit\u00e9s d'ing\u00e9nierie sociale, financi\u00e8re et technique \n20\nesPREFETEDU RHONELibert\u00e9Egalit\u00e9Fraternit\u00e9\nDIRECTION D\u00c9PARTEMENTALE DE L'EMPLOI, DU TRAVAIL ET DES \nSOLIDARIT\u00c9S\nPOLE\n H\u00c9BERGEMENT ET INCLUSION SOCIALE\nSERVICE INSERTION SOCIALE ET PARCOURS VERS LE LOGEMENT\nArr\u00eat\u00e9 n\u00b0 DDETS-HIS-ISPL-2026-02-20-010\nPortant agr\u00e9ment de l'association Foyer Notre-Dame des Sans- \nAbri au titre de l'article L365-3 du code de la construction et de \nl'habitation\nLa Pr\u00e9f\u00e8te de la r\u00e9gion Auvergne- Rh\u00f4ne-Alpes,\nPr\u00e9f\u00e8te de la zone de d\u00e9fense et de s\u00e9curit\u00e9 Sud-Est,\nPr\u00e9f\u00e8te du Rh\u00f4ne\nCommandeur de la l\u00e9gion d'honneur\nCommandeur de l'ordre national du m\u00e9rite\nVU la loi n\u00b0 2009-323 du 25 mars 2009 de mobilisation  pour le logement et de lutte contre\nl'exclusion,\nVU le code de la construction et de l'habitation et notamment l'article L365-3 et l'article R365-1-2\u00b0\ndans sa r\u00e9daction issue du d\u00e9cret n\u00b02010-398 du 22 avril 2010 \u2013 art.1,\nVU le d\u00e9cret n\u00b0 2009-1684 du 30 d\u00e9cembre 2009 relatif aux agr\u00e9ments des organismes exer\u00e7ant des\nactivit\u00e9s en faveur du logement et de l'h\u00e9bergement des personnes d\u00e9favoris\u00e9es,\nVU la circulaire du 6 septembre 2010 relative aux agr \u00e9ments des organismes agissant en faveur du\nlogement et de l'h\u00e9bergement des personnes d\u00e9favoris\u00e9es,\nCONSID\u00c9RANT le dossier transmis le 15 d\u00e9cembre 2025 par le rep r\u00e9sentant l\u00e9gal de l'association\nFoyer Notre-Dame  des Sans-Abri,  sise  3  rue  P\u00e8re Che vrier \u00e0  Lyon  7\u00e8me,   et d\u00e9clar\u00e9 complet le\n23 d\u00e9cembre 2025,\nSUR proposition de Monsieur le directeur d\u00e9partemental de l'emploi, du travail et des solidarit\u00e9s,\n.../ \u2026\n                    DDETS   8/10 rue du Nord  69625 VILLEURBANNE cedex\n69_DDETS_Direction d\u00e9partementale de l'emploi du travail et des solidarit\u00e9s - 69-2026-02-20-00008 - Arr\u00eat\u00e9 n\u00b0\nDDETS-HIS-ISPL-2026-02-20-010 portant agr\u00e9ment de l'association Foyer Notre-Dame des Sans- Abri au titre de l'article L365-3 du\ncode de la construction et de l'habitation pour les activit\u00e9s d'ing\u00e9nierie sociale, financi\u00e8re et technique \n21\nARRETE\nArticle 1  e  r : \nL'organisme \u00e0 gestion d\u00e9sint\u00e9ress\u00e9e, d\u00e9nomm\u00e9 Foyer Notre-Dame des Sans-Abri , association de loi\n1901, est agr\u00e9\u00e9 au titre de l'article R365-1-2\u00b0 du code de la construction et de l'habitation, pour les\nactivit\u00e9s d'ing\u00e9nierie sociale, financi\u00e8re et technique mentionn\u00e9es ci-dessous : \n2.  l'accompagnement social des personnes pour favoriser leur acc\u00e8s ou leur maintien\n     dans le logement\n3.  l'assistance  des  requ\u00e9rants  dans  les  proc\u00e9dures  du  droit  au  logement  opposable\n     devant les commissions de m\u00e9diation ou les tribunaux administratifs\n4.  la recherche de logements adapt\u00e9s\n5.  la participation aux r\u00e9unions des commissions d'attribution HLM\nArticle 2 : \nL'agr\u00e9ment est d\u00e9livr\u00e9 pour une dur\u00e9e de 5 ans reno uvelable  et est valable dans le d\u00e9partement du\nRh\u00f4ne et la M\u00e9tropole de Lyon.\nL'agr\u00e9ment peut \u00eatre retir\u00e9 \u00e0 tout moment par l'aut orit\u00e9 administrative comp\u00e9tente si l'organisme\nne satisfait plus aux conditions de d\u00e9livrance de l 'agr\u00e9ment ou s'il est constat\u00e9 un manquement\ngrave ou r\u00e9p\u00e9t\u00e9 \u00e0 ses obligations. \nLe retrait est prononc\u00e9 apr\u00e8s avoir mis les dirigea nts de l'organisme en mesure de pr\u00e9senter leurs\nobservations.\nArticle 3\n : \nUn compte-rendu de l'activit\u00e9 concern\u00e9e et les comp tes financiers de l'organisme seront adress\u00e9s\nannuellement \u00e0 l'autorit\u00e9 administrative comp\u00e9tente qui a d\u00e9livr\u00e9 l'agr\u00e9ment.\nCette derni\u00e8re peut \u00e0 tout moment contr\u00f4ler les con ditions d'exercice de l'activit\u00e9 de l'organisme.\nToute modification statutaire est notifi\u00e9e sans d\u00e9lai \u00e0 l'autorit\u00e9 administrative.\nArticle 4 : \nLe pr\u00e9sent arr\u00eat\u00e9 peut faire l'objet d'un recours d evant le tribunal administratif de Lyon sis, 184,\nrue Duguesclin \u2013 69433 LYON Cedex 3 - dans les deux  mois suivant sa publication au recueil des\nactes administratifs de la Pr\u00e9fecture du Rh\u00f4ne.\nLe tribunal administratif peut \u00eatre saisi d'une requ\u00eate d\u00e9pos\u00e9e sur le site www.telerecours.fr.\nLe m\u00eame recours peut \u00eatre exerc\u00e9 par l'association gestionnaire dans le d\u00e9lai de deux mois \u00e0\ncompter de la notification du pr\u00e9sent arr\u00eat\u00e9.\nArticle 5\n : \nLe pr\u00e9fet, secr\u00e9taire g\u00e9n\u00e9ral de la pr\u00e9fecture, pr\u00e9 fet d\u00e9l\u00e9gu\u00e9 pour l'\u00e9galit\u00e9 des chances, et le direc teur\nd\u00e9partemental de l'emploi, du travail et des solidarit\u00e9s, sont en charge, chacun en ce qui les concerne,\nde l'ex\u00e9cution du pr\u00e9sent arr\u00eat\u00e9 qui sera publi\u00e9 au recueil des actes administratifs de la pr\u00e9fecture.\nFait \u00e0 Lyon, le 20 f\u00e9vrier 2026\nLe pr\u00e9fet,\nSecr\u00e9taire g\u00e9n\u00e9ral\nPr\u00e9fet d\u00e9l\u00e9gu\u00e9 pour l'\u00e9galit\u00e9 des chances\nFabrice ROSAY\n69_DDETS_Direction d\u00e9partementale de l'emploi du travail et des solidarit\u00e9s - 69-2026-02-20-00008 - Arr\u00eat\u00e9 n\u00b0\nDDETS-HIS-ISPL-2026-02-20-010 portant agr\u00e9ment de l'association Foyer Notre-Dame des Sans- Abri au titre de l'article L365-3 du\ncode de la construction et de l'habitation pour les activit\u00e9s d'ing\u00e9nierie sociale, financi\u00e8re et technique \n22\n69_DDETS_Direction d\u00e9partementale de\nl'emploi du travail et des solidarit\u00e9s\n69-2026-03-06-00078\nArr\u00eat\u00e9 n\u00b0 DDETS-HIS-ISPL-2026-03-06-011\nportant agr\u00e9ment de l'association\nACCESSLODGE au titre de l'article L365-4 du\ncode de la construction et de l'habitation pour\nles activit\u00e9s d'interm\u00e9diation locative et de\ngestion locative sociale\n69_DDETS_Direction d\u00e9partementale de l'emploi du travail et des solidarit\u00e9s - 69-2026-03-06-00078 - Arr\u00eat\u00e9 n\u00b0\nDDETS-HIS-ISPL-2026-03-06-011 portant agr\u00e9ment de l'association ACCESSLODGE au titre de l'article L365-4 du code de la\nconstruction et de l'habitation pour les activit\u00e9s d'interm\u00e9diation locative et de gestion locative sociale\n23\nEsPREFETEDU RHONELibert\u00e9Egalit\u00e9Fraternit\u00e9\nDIRECTION D\u00c9PARTEMENTALE DE L'EMPLOI, DU TRAVAIL ET DES \nSOLIDARIT\u00c9S\nPOLE\n H\u00c9BERGEMENT ET INCLUSION SOCIALE\nSERVICE INSERTION SOCIALE ET PARCOURS VERS LE LOGEMENT\nArr\u00eat\u00e9 n\u00b0 DDETS-HIS-ISPL-2026-03-06-011\nPortant agr\u00e9ment de l'association ACCESSLODGE\nau titre de l'article L365-4 du code de la construction et de \nl'habitation\nLa Pr\u00e9f\u00e8te de la r\u00e9gion Auvergne- Rh\u00f4ne-Alpes,\nPr\u00e9f\u00e8te de la zone de d\u00e9fense et de s\u00e9curit\u00e9 Sud-Est,\nPr\u00e9f\u00e8te du Rh\u00f4ne\nCommandeur de la l\u00e9gion d'honneur\nCommandeur de l'ordre national du m\u00e9rite\nVU la  loi  n\u00b0  2009-323  du  25  mars  2009  de  mobilisation  pour  le  logement  et  de  lutte  contre\nl'exclusion,\nVU le code de la construction et de l'habitation et n otamment l'article L365-4 et l'article R365-1-3\u00b0\ndans sa r\u00e9daction issue du d\u00e9cret n\u00b02010-398 du 22 avril 2010 \u2013 art.1,\nVU le d\u00e9cret n\u00b02009-1684 du 30 d\u00e9cembre 2009 relatif aux agr\u00e9ments des organismes exer\u00e7ant des\nactivit\u00e9s en faveur du logement et de l'h\u00e9bergement des personnes d\u00e9favoris\u00e9es,\nVU la circulaire du 6 septembre 2010 relative aux agr \u00e9ments des organismes agissant en faveur du\nlogement et de l'h\u00e9bergement des personnes d\u00e9favoris\u00e9es,\nCONSID\u00c9RANT le dossier transmis le 23 octobre 2025 par le repr \u00e9sentant l\u00e9gal de l'association\nACCESSLODGE,  sise  45  chemin  du  Moulin  Caron  69570  D ARDILLY,  et  d\u00e9clar\u00e9  complet  le\n17 f\u00e9vrier 2026,\nSUR proposition de Monsieur le directeur d\u00e9partemental de l'emploi, du travail et des solidarit\u00e9s,\n\u2026/\u2026\n69_DDETS_Direction d\u00e9partementale de l'emploi du travail et des solidarit\u00e9s - 69-2026-03-06-00078 - Arr\u00eat\u00e9 n\u00b0\nDDETS-HIS-ISPL-2026-03-06-011 portant agr\u00e9ment de l'association ACCESSLODGE au titre de l'article L365-4 du code de la\nconstruction et de l'habitation pour les activit\u00e9s d'interm\u00e9diation locative et de gestion locative sociale\n24\nARRETE\nArticle 1  e  r : \nL'organisme \u00e0 gestion d\u00e9sint\u00e9ress\u00e9e, d\u00e9nomm\u00e9 ACCESSLODGE, association de loi 1901, est agr\u00e9\u00e9\nau  titre  de  l'article  R365-1-3\u00b0  du  code  de  la  const ruction  et  de  l'habitation  pour  les  activit\u00e9s\nd'interm\u00e9diation locative et de gestion locative sociale mentionn\u00e9es ci-apr\u00e8s :\n- la gestion de r\u00e9sidences sociales\nArticle 2 : \nL'agr\u00e9ment est d\u00e9livr\u00e9 pour une dur\u00e9e de un an et est valable dans le d\u00e9partement du Rh\u00f4ne et la\nM\u00e9tropole  de  Lyon  pour  la  gestion  de  la  r\u00e9sidence  s ociale  Phileas  Lodge  (38  logements) .\nL'agr\u00e9ment peut \u00eatre retir\u00e9 \u00e0 tout moment par l'aut orit\u00e9 administrative comp\u00e9tente si l'organisme ne\nsatisfait plus aux conditions de d\u00e9livrance de l'ag r\u00e9ment ou s'il est constat\u00e9 un manquement grave ou\nr\u00e9p\u00e9t\u00e9 \u00e0 ses obligations. \nLe retrait est prononc\u00e9 apr\u00e8s avoir mis les dirigea nts de l'organisme en mesure de pr\u00e9senter leurs\nobservations.\nArticle 3\n : \nUn compte-rendu de l'activit\u00e9 concern\u00e9e et les comp tes financiers de l'organisme seront adress\u00e9s\nannuellement \u00e0 l'autorit\u00e9 administrative comp\u00e9tente qui a d\u00e9livr\u00e9 l'agr\u00e9ment.\nCette derni\u00e8re peut \u00e0 tout moment contr\u00f4ler les con ditions d'exercice de l'activit\u00e9 de l'organisme.\nToute modification statutaire est notifi\u00e9e sans d\u00e9lai \u00e0 l'autorit\u00e9 administrative.\nArticle 4 : \nLe pr\u00e9sent arr\u00eat\u00e9 peut faire l'objet d'un recours d evant le tribunal administratif de Lyon sis, 184, r ue\nDuguesclin \u2013 69433 LYON Cedex 3 - dans les deux moi s suivant sa publication au recueil des actes\nadministratifs de la Pr\u00e9fecture du Rh\u00f4ne.\nLe tribunal administratif peut \u00eatre saisi d'une requ\u00eate d\u00e9pos\u00e9e sur le site \nwww.telerecours.fr.\nLe m\u00eame recours peut \u00eatre exerc\u00e9 par l'association gestionnaire dans le d\u00e9lai de deux mois \u00e0 compter\nde la notification du pr\u00e9sent arr\u00eat\u00e9.\nArticle 5\n : \nLe pr\u00e9fet, secr\u00e9taire g\u00e9n\u00e9ral de la pr\u00e9fecture, pr\u00e9 fet d\u00e9l\u00e9gu\u00e9 pour l'\u00e9galit\u00e9 des chances, et le direc teur\nd\u00e9partemental de l'emploi, du travail et des solida rit\u00e9s sont en charge, chacun en ce qui les concerne ,\nde l'ex\u00e9cution du pr\u00e9sent arr\u00eat\u00e9 qui sera publi\u00e9 au recueil des actes administratifs de la Pr\u00e9fecture.\nFait \u00e0 Lyon, le 6 mars 2026\nLe pr\u00e9fet,\nSecr\u00e9taire g\u00e9n\u00e9ral,\nPr\u00e9fet d\u00e9l\u00e9gu\u00e9 pour l'\u00e9galit\u00e9 des chances\nFabrice ROSAY\n69_DDETS_Direction d\u00e9partementale de l'emploi du travail et des solidarit\u00e9s - 69-2026-03-06-00078 - Arr\u00eat\u00e9 n\u00b0\nDDETS-HIS-ISPL-2026-03-06-011 portant agr\u00e9ment de l'association ACCESSLODGE au titre de l'article L365-4 du code de la\nconstruction et de l'habitation pour les activit\u00e9s d'interm\u00e9diation locative et de gestion locative sociale\n25\n69_Pr\u00e9f_Pr\u00e9fecture du Rh\u00f4ne\n69-2026-03-20-00011\n Arr\u00eat\u00e9 fixant le SDAASP 2025-2031\n69_Pr\u00e9f_Pr\u00e9fecture du Rh\u00f4ne - 69-2026-03-20-00011 -  Arr\u00eat\u00e9 fixant le SDAASP 2025-2031 26\nesPREFETEDU RHONELibert\u00e9Egalit\u00e9Fraternit\u00e9\nDirection de la coordination \ndes politiques interminist\u00e9rielles\nLyon, le 20 mars 2026   \nARR\u00caT\u00c9 PR\u00c9FECTORAL N\u00b0               \nfixant le Sch\u00e9ma d\u00e9partemental d'am\u00e9lioration de l'accessibilit\u00e9 \ndes services au public du Rh\u00f4ne 2025-2031\nLA PR\u00c9F\u00c8TE DE LA R\u00c9GION AUVERGNE-RH\u00d4NE-ALPES,\nPR\u00c9F\u00c8TE DE LA ZONE DE D\u00c9FENSE ET DE S\u00c9CURIT\u00c9 SUD-EST,\nPR\u00c9F\u00c8TE DU RH\u00d4NE\nCommandeur de la L\u00e9gion d'honneur\nCommandeur de l'ordre national du M\u00e9rite\nVu la loi n\u00b095-115 du 4 f\u00e9vrier 1995 d'orientation pour l'am\u00e9nagement et le d\u00e9veloppement du territoire et no -\ntamment son article 26 ;\nVu la loi n\u00b0 2015-991 du 7 ao\u00fbt 2015 portant Nouvelle organisation territoriale de la R\u00e9publique et notamment  \nson article 98 ;\nVu le d\u00e9cret n\u00b0 2016-402 du 4 avril 2016 pris pour l'application de l'article 26 de la loi n\u00b0 95-115 du 4 f\u00e9vrier 1995 \nd'orientation pour l'am\u00e9nagement et le d\u00e9veloppement du territoire ; \nVu la d\u00e9lib\u00e9ration du conseil communautaire de la Communaut\u00e9 de communes Beaujolais Pierres Dor\u00e9es du 5  \nnovembre 2025 approuvant le sch\u00e9ma; \nVu la d\u00e9lib\u00e9ration du conseil communautaire de la Communaut\u00e9 de communes des Vallons du Lyonnais du 4  \nd\u00e9cembre 2025 approuvant le sch\u00e9ma; \nVu la d\u00e9lib\u00e9ration du conseil communautaire de la Communaut\u00e9 de communes de l'Est lyonnais du 16 d\u00e9 -\ncembre 2025 approuvant le sch\u00e9ma; \nVu la d\u00e9lib\u00e9ration du conseil communautaire de la Communaut\u00e9 de communes Sa\u00f4ne Beaujolais du 18 d\u00e9 -\ncembre 2025 approuvant le sch\u00e9ma;\nVu la d\u00e9lib\u00e9ration du conseil communautaire de la Communaut\u00e9 de communes de Vienne Condrieu Agglom\u00e9ra -\ntion du 27 janvier 2026 approuvant le sch\u00e9ma ; \nVu la d\u00e9lib\u00e9ration du conseil communautaire de la Communaut\u00e9 de  communes du pays Mornantais du 24 f\u00e9 -\nvrier 2026 approuvant le sch\u00e9ma; \nVu l'avis r\u00e9put\u00e9 favorable de la Conf\u00e9rence territoriale de l'action publique (CTAP) saisie par courrier du 2 oc -\ntobre 2025 ; \nVu l'avis r\u00e9put\u00e9 favorable du Conseil R\u00e9gional saisi par courrier du 2 octobre 2025 ;\nPr\u00e9fecture du Rh\u00f4ne\n69419 Lyon cedex 03 \nT\u00e9l :04 72 61 61 61 (co\u00fbt d'un appel local)\n www.rhone.gouv.fr \n69_Pr\u00e9f_Pr\u00e9fecture du Rh\u00f4ne - 69-2026-03-20-00011 -  Arr\u00eat\u00e9 fixant le SDAASP 2025-2031 27\nVu la d\u00e9lib\u00e9ration du Conseil d\u00e9partemental du Rh\u00f4ne du 6 f\u00e9vrier 2026 approuvant le Sch\u00e9ma d\u00e9partemental  \nd'am\u00e9lioration de l'accessibilit\u00e9 des services aux publics (SDAASP) du Rh\u00f4ne pour la p\u00e9riode 2025-2031 ;\nSur proposition du Pr\u00e9fet, secr\u00e9taire g\u00e9n\u00e9ral de la pr\u00e9fecture, Pr\u00e9fet d\u00e9l\u00e9gu\u00e9 pour l'\u00e9galit\u00e9 des chances ;\nARR\u00caTE :\nArticle 1 : \nLe Sch\u00e9ma d\u00e9partemental d'am\u00e9lioration de l'accessibilit\u00e9 des services aux publics (SDAASP) du Rh\u00f4ne pour la \np\u00e9riode 2025-2031 est approuv\u00e9.\nArticle 2 : \nLe Sch\u00e9ma d\u00e9partemental d'am\u00e9lioration de l'accessibilit\u00e9 des services au  public (SDAASP) du Rh\u00f4ne pour la  \np\u00e9riode 2025-2031 est compos\u00e9 d'un programme d'actions destin\u00e9 \u00e0 garantir un service public de qualit\u00e9, ac -\ncessible \u00e0 toutes et tous, sur l'ensemble du territoire rhodanien. \nLe sch\u00e9ma s'articule autour de quatre volets majeurs :\nSant\u00e9 :\n\u2022 permettre l'\u00e9quit\u00e9 de l'acc\u00e8s aux soins\n\u2022 d\u00e9velopper l'offre de service et d'aide \u00e0 destination des jeunes et des familles\n\u2022 d\u00e9velopper des solutions innovantes dans l'acc\u00e8s aux soins des publics en perte d'autonomie\n\u2022 d\u00e9velopper l'inclusion des adultes pr\u00e9sentant un handicap\nMutualisation et coordination :\n\u2022 stabilisation du r\u00e9seau France Services\n\u2022 assurer la qualit\u00e9 du service rendu \u00e0 l'usager\n\u2022 renforcement de la coordination entre les acteurs locaux\n\u2022 communication sur le r\u00e9seau France Services et Maisons du Rh\u00f4ne\nNum\u00e9rique:\n\u2022 coordonner les acteurs de l'accompagnement au num\u00e9rique du territoire\n\u2022 accompagner les publics pour lever les freins \u00e0 l'acc\u00e8s au num\u00e9rique\n\u2022 communiquer autour de l'offre d'accompagnement au num\u00e9rique\nAcc\u00e8s aux droits :\n\u2022 favoriser l'interconnaissance des acteurs pour mieux accompagner et orienter les habitants\n\u2022 simplifier les courriers et supports de communication pour en am\u00e9liorer la compr\u00e9hension et favoriser  \nl'acc\u00e8s aux droits. \nArticle 3 :\nLa mise en \u0153uvre des actions inscrites dans le sch\u00e9ma donne lieu \u00e0 une convention conclue entre le repr\u00e9sen -\ntant de l'\u00c9tat, le Pr\u00e9sident du Conseil d\u00e9partemental, les \u00e9tablissements publics de coop\u00e9ration intercommunale  \n\u00e0 fiscalit\u00e9 propre ainsi que les organismes publics et priv\u00e9s concern\u00e9s.\nArticle 4 : \nPour conduire ce sch\u00e9ma, la Pr\u00e9f\u00e8te du Rh\u00f4ne et le Pr\u00e9sident du Conseil d\u00e9partemental du Rh\u00f4ne ont choisi de  \nconstituer un Comit\u00e9 de pilotage associant les collectivit\u00e9s territoriales, les Espaces France Services, les op\u00e9ra -\n2/3\n69_Pr\u00e9f_Pr\u00e9fecture du Rh\u00f4ne - 69-2026-03-20-00011 -  Arr\u00eat\u00e9 fixant le SDAASP 2025-2031 28\nteurs de services au public. Ce comit\u00e9 de pilotage se r\u00e9unira annuellement sous la co-pr\u00e9sidence de la Pr\u00e9f\u00e8te  \net du Pr\u00e9sident du Conseil d\u00e9partemental afin de s'assurer de la mise en \u0153uvre des actions et du suivi du sch\u00e9 -\nma.\nArticle 5 :\nLe pr\u00e9sent arr\u00eat\u00e9 peut faire l'objet d'un recours contentieux devant le tribunal administratif de Lyon dans un d\u00e9lai  \nde deux mois \u00e0 compter de sa publication. Le tribunal administratif peut \u00eatre saisi d'une requ\u00eate d\u00e9pos\u00e9e sur le  \nsite www.telerecours.fr.\nArticle 6 : \nLe Pr\u00e9fet, secr\u00e9taire g\u00e9n\u00e9ral, Pr\u00e9fet d\u00e9l\u00e9gu\u00e9 pour l'\u00e9galit\u00e9 des chances, le pr\u00e9sident du Conseil d\u00e9partemental  \ndu Rh\u00f4ne, les pr\u00e9sidents de s \u00e9tablissements publics de coop\u00e9ration intercommunale \u00e0 fiscalit\u00e9 propre  sont \ncharg\u00e9s, chacun en ce qui les concerne, de l'ex\u00e9cution du pr\u00e9sent arr\u00eat\u00e9 qui sera publi\u00e9 au recueil des actes ad-\nministratifs de la pr\u00e9fecture du Rh\u00f4ne.\nLa Pr\u00e9f\u00e8te\nSign\u00e9 : Fabienne BUCCIO\n3/3\n69_Pr\u00e9f_Pr\u00e9fecture du Rh\u00f4ne - 69-2026-03-20-00011 -  Arr\u00eat\u00e9 fixant le SDAASP 2025-2031 29\n69_Pr\u00e9f_Pr\u00e9fecture du Rh\u00f4ne\n69-2026-03-20-00008\nArr\u00eat\u00e9 pr\u00e9fectoral portant d\u00e9l\u00e9gation de\nsignature \u00e0 M. Arnaud COCHET, directeur\nint\u00e9rimaire de la direction r\u00e9gionale des finances\npubliques de la r\u00e9gion Auvergne-Rh\u00f4ne-Alpes et\ndu d\u00e9partement du Rh\u00f4ne en mati\u00e8re de gestion\ndes successions vacantes\n69_Pr\u00e9f_Pr\u00e9fecture du Rh\u00f4ne - 69-2026-03-20-00008 - Arr\u00eat\u00e9 pr\u00e9fectoral portant d\u00e9l\u00e9gation de signature \u00e0 M. Arnaud COCHET,\ndirecteur int\u00e9rimaire de la direction r\u00e9gionale des finances publiques de la r\u00e9gion Auvergne-Rh\u00f4ne-Alpes et du d\u00e9partement du\nRh\u00f4ne en mati\u00e8re de gestion des successions vacantes\n30\nesPREFETEDU RHONELibert\u00e9Egalit\u00e9Fraternit\u00e9\nDirection de la coordination\ndes politiques interminist\u00e9rielles\nLyon, le 20 mars 2026\nARR\u00caT\u00c9 PR\u00c9FECTORAL N\u00b0  \nportant d\u00e9l\u00e9gation de signature \u00e0 M. Arnaud COCHET, directeur int\u00e9rimaire de la direction\nr\u00e9gionale des finances publiques de la r\u00e9gion Auvergne-Rh\u00f4ne-Alpes et du d\u00e9partement du Rh\u00f4ne \nen mati\u00e8re de gestion des successions vacantes\nLA PR\u00c9F\u00c8TE DE LA R\u00c9GION AUVERGNE-RH\u00d4NE-ALPES,\nPR\u00c9F\u00c8TE DE LA ZONE DE D\u00c9FENSE ET DE S\u00c9CURIT\u00c9 SUD-EST,\nPR\u00c9F\u00c8TE DU RH\u00d4NE\nCommandeur de la L\u00e9gion d'honneur\nCommandeur de l'ordre national du M\u00e9rite\nVu le code civil, notamment ses articles 809 \u00e0 811-3 ;\nVu le code g\u00e9n\u00e9ral de la propri\u00e9t\u00e9 des personnes publiques, notamment ses articles R. 2331-1 et R.  \n2331-6 ;\nVu l'acte dit loi du 20 novembre 1940 confiant \u00e0 l'administration de l'enregistrement la gestion des  \nsuccessions non r\u00e9clam\u00e9es et la curatelle des successions vacantes, valid\u00e9 par l'ordonnance du  \n27 novembre 1944 ;\nVu  la  loi  n\u00b0  92-125  du  6  f\u00e9vrier  1992  relative  \u00e0  l'administration  territoriale  de  la  R\u00e9publique,  \nnotamment son article 4 ;\nVu le d\u00e9cret n\u00b0 2015-510 du 7 mai 2015 portant charte de la d\u00e9concentration ;\nVu le d\u00e9cret n\u00b0 2004-374 du 29 avril 2004 modifi\u00e9 relatif aux pouvoirs des pr\u00e9fets, \u00e0 l'organisation et \n\u00e0 l'action des services de l'Etat dans les r\u00e9gions et d\u00e9partements ;\nVu le d\u00e9cret n\u00b0 2009-707 du 16 juin 2009 relatif aux services d\u00e9concentr\u00e9s de la direction g\u00e9n\u00e9rale  \ndes Finances Publiques, notamment son article 4 ;\nVu  le  d\u00e9cret  n\u00b0  2011-1612  du  22  novembre  2011  relatif  aux  premi\u00e8re,  deuxi\u00e8me,  troisi\u00e8me  et  \nquatri\u00e8me parties r\u00e9glementaires du code g\u00e9n\u00e9ral de la propri\u00e9t\u00e9 des personnes publiques ;\nVu le d\u00e9cret du 11 janvier 2023 en conseil des ministres portant nomination de Mme Fabienne  \nBUCCIO en qualit\u00e9 de pr\u00e9f\u00e8te de la r\u00e9gion Auvergne-Rh\u00f4ne-Alpes, pr\u00e9f\u00e8te de la zone de d\u00e9fense et  \nde s\u00e9curit\u00e9 Sud-Est, pr\u00e9f\u00e8te du Rh\u00f4ne ;\nVu le d\u00e9cret du 15 mai 2025 portant nomination de M. Fabrice ROSAY, pr\u00e9fet, secr\u00e9taire g\u00e9n\u00e9ral de \nla pr\u00e9fecture du Rh\u00f4ne, pr\u00e9fet d\u00e9l\u00e9gu\u00e9 pour l'\u00e9galit\u00e9 des chances aupr\u00e8s de la pr\u00e9f\u00e8te de la r\u00e9gion  \nAuvergne-Rh\u00f4ne-Alpes, pr\u00e9f\u00e8te de la zone de d\u00e9fense et de s\u00e9curit\u00e9 Sud-Est, pr\u00e9f\u00e8te du Rh\u00f4ne ;\n1/2\n69_Pr\u00e9f_Pr\u00e9fecture du Rh\u00f4ne - 69-2026-03-20-00008 - Arr\u00eat\u00e9 pr\u00e9fectoral portant d\u00e9l\u00e9gation de signature \u00e0 M. Arnaud COCHET,\ndirecteur int\u00e9rimaire de la direction r\u00e9gionale des finances publiques de la r\u00e9gion Auvergne-Rh\u00f4ne-Alpes et du d\u00e9partement du\nRh\u00f4ne en mati\u00e8re de gestion des successions vacantes\n31\nVu l'arr\u00eat\u00e9 du BO-FIP du 19 f\u00e9vrier 2026 chargeant M. Arnaud COCHET, administrateur de l'\u00c9tat du  \ngrade transitoire, directeur d\u00e9partemental des finances publiques du Puy-de-D\u00f4me, de l'int\u00e9rim de  \nla direction r\u00e9gionale des Finances publiques d'Auvergne-Rh\u00f4ne-Alpes et du d\u00e9partement du Rh\u00f4ne \nen remplacement de M. Pascal ROTH\u00c9 ;\nVu l'arr\u00eat\u00e9 interminist\u00e9riel du 23 d\u00e9cembre 2006 relatif \u00e0 l'organisation de la gestion de patrimoines \npriv\u00e9s et de biens priv\u00e9s, modifi\u00e9 par l'arr\u00eat\u00e9 interminist\u00e9riel du 21 d\u00e9cembre 2007 ;\nSur proposition du pr\u00e9fet, secr\u00e9taire g\u00e9n\u00e9ral de la pr\u00e9fecture, pr\u00e9fet d\u00e9l\u00e9gu\u00e9 pour l'\u00e9galit\u00e9 des  \nchances ;\nARR\u00caTE\nArticle  1 : D\u00e9l\u00e9gation  est  donn\u00e9e  \u00e0  M.  Arnaud  COCHET,  directeur  int\u00e9rimaire  de  la  direction  \nr\u00e9gionale des finances publiques de la r\u00e9gion Auvergne-Rh\u00f4ne-Alpes et du d\u00e9partement du Rh\u00f4ne,  \n\u00e0 l'effet de signer, dans la limite de ses attributions, et comp\u00e9tences, tous les actes se rapportant \u00e0  \nl'administration provisoire des successions non r\u00e9clam\u00e9es, \u00e0 la curatelle des successions vacantes, \u00e0 \nla gestion et \u00e0 la liquidation des successions en d\u00e9sh\u00e9rence dans le d\u00e9partement du Rh\u00f4ne.\nArticle  2  : M.  Arnaud  COCHET,  directeur  int\u00e9rimaire  de  la  direction  r\u00e9gionale  des  finances  \npubliques  de  la  r\u00e9gion  Auvergne-Rh\u00f4ne-Alpes  et  du  d\u00e9partement  du  Rh\u00f4ne,  peut  donner  sa  \nd\u00e9l\u00e9gation aux agents plac\u00e9s sous son autorit\u00e9, pour signer les actes relatifs aux affaires pour  \nlesquelles il a lui-m\u00eame re\u00e7u d\u00e9l\u00e9gation.\nCette d\u00e9l\u00e9gation de signature sera prise, au nom de la pr\u00e9f\u00e8te du Rh\u00f4ne, par arr\u00eat\u00e9 de d\u00e9l\u00e9gation  \nqui  devra  \u00eatre  transmis  \u00e0  la  pr\u00e9f\u00e8te  du  Rh\u00f4ne  aux  fins  de  publication  au  recueil  des  actes  \nadministratifs de la pr\u00e9fecture.\nArticle  3  : Le  pr\u00e9sent  arr\u00eat\u00e9  peut  faire  l'objet  d'un  recours  contentieux  devant  le  tribunal  \nadministratif  de  Lyon  dans  un  d\u00e9lai  de  deux  mois  \u00e0  compter  de  sa  publication.  Le  tribunal  \nadministratif peut \u00eatre saisi d'une requ\u00eate d\u00e9pos\u00e9e sur le site www.telerecours.fr.\nArticle 4 : Le pr\u00e9fet, secr\u00e9taire g\u00e9n\u00e9ral de la pr\u00e9fecture, pr\u00e9fet d\u00e9l\u00e9gu\u00e9 pour l'\u00e9galit\u00e9 des chances, et \nle directeur int\u00e9rimaire de la direction r\u00e9gionale des finances publiques de la r\u00e9gion Auvergne-\nRh\u00f4ne-Alpes  et  du  d\u00e9partement  du  Rh\u00f4ne,  sont  charg\u00e9s,  chacun  en  ce  qui  le  concerne,  de  \nl'ex\u00e9cution du pr\u00e9sent arr\u00eat\u00e9, qui sera publi\u00e9 au recueil des actes administratifs.\n2/2\nLa pr\u00e9f\u00e8te,\nSign\u00e9\nFabienne BUCCIO\n69_Pr\u00e9f_Pr\u00e9fecture du Rh\u00f4ne - 69-2026-03-20-00008 - Arr\u00eat\u00e9 pr\u00e9fectoral portant d\u00e9l\u00e9gation de signature \u00e0 M. Arnaud COCHET,\ndirecteur int\u00e9rimaire de la direction r\u00e9gionale des finances publiques de la r\u00e9gion Auvergne-Rh\u00f4ne-Alpes et du d\u00e9partement du\nRh\u00f4ne en mati\u00e8re de gestion des successions vacantes\n32\n69_Pr\u00e9f_Pr\u00e9fecture du Rh\u00f4ne\n69-2026-03-20-00004\nArr\u00eat\u00e9 pr\u00e9fectoral portant d\u00e9l\u00e9gation de\nsignature \u00e0 M. Arnaud COCHET, directeur\nint\u00e9rimaire de la direction r\u00e9gionale des finances\npubliques de la r\u00e9gion Auvergne-Rh\u00f4ne-Alpes et\ndu d\u00e9partement du Rh\u00f4ne en mati\u00e8re de\ntransmission aux collectivit\u00e9s locales des\n\u00e9l\u00e9ments de fiscalit\u00e9 directe locale\n69_Pr\u00e9f_Pr\u00e9fecture du Rh\u00f4ne - 69-2026-03-20-00004 - Arr\u00eat\u00e9 pr\u00e9fectoral portant d\u00e9l\u00e9gation de signature \u00e0 M. Arnaud COCHET,\ndirecteur int\u00e9rimaire de la direction r\u00e9gionale des finances publiques de la r\u00e9gion Auvergne-Rh\u00f4ne-Alpes et du d\u00e9partement du\nRh\u00f4ne en mati\u00e8re de transmission aux collectivit\u00e9s locales des \u00e9l\u00e9ments de fiscalit\u00e9 directe locale\n33\nesPREFETEDU RHONELibert\u00e9Egalit\u00e9Fraternit\u00e9\nDirection de la coordination\ndes politiques interminist\u00e9rielles\nLyon, le 20 mars 2026\nARR\u00caT\u00c9 PR\u00c9FECTORAL N\u00b0  \nportant d\u00e9l\u00e9gation de signature \u00e0 M. Arnaud COCHET, directeur int\u00e9rimaire de la direction\nr\u00e9gionale des finances publiques de la r\u00e9gion Auvergne-Rh\u00f4ne-Alpes et du d\u00e9partement du Rh\u00f4ne\nen mati\u00e8re de transmission aux collectivit\u00e9s locales des \u00e9l\u00e9ments de fiscalit\u00e9 directe locale\nLA PR\u00c9F\u00c8TE DE LA R\u00c9GION AUVERGNE-RH\u00d4NE-ALPES,\nPR\u00c9F\u00c8TE DE LA ZONE DE D\u00c9FENSE ET DE S\u00c9CURIT\u00c9 SUD-EST,\nPR\u00c9F\u00c8TE DU RH\u00d4NE\nCommandeur de la L\u00e9gion d'honneur\nCommandeur de l'ordre national du M\u00e9rite\nVu les articles D.1612-1 \u00e0 D. 1612-5 du code g\u00e9n\u00e9ral des collectivit\u00e9s territoriales ;\nVu le d\u00e9cret n\u00b0  2004-374 du 29 avril 2004 relatif aux pouvoirs des pr\u00e9fets, \u00e0 l'organisation et \u00e0  \nl'action des services de l'\u00c9tat dans les r\u00e9gions et d\u00e9partements ;\nVu le d\u00e9cret du 11 janvier 2023 portant nomination de Mme Fabienne BUCCIO en qualit\u00e9 de pr\u00e9f\u00e8te \nde la r\u00e9gion Auvergne-Rh\u00f4ne-Alpes, pr\u00e9f\u00e8te de la zone de d\u00e9fense et de s\u00e9curit\u00e9 Sud-Est, pr\u00e9f\u00e8te du \nRh\u00f4ne ;\nVu le d\u00e9cret du 15 mai 2025 portant nomination de M. Fabrice ROSAY, pr\u00e9fet, secr\u00e9taire g\u00e9n\u00e9ral de \nla pr\u00e9fecture du Rh\u00f4ne, pr\u00e9fet d\u00e9l\u00e9gu\u00e9 pour l'\u00e9galit\u00e9 des chances aupr\u00e8s de la pr\u00e9f\u00e8te de la r\u00e9gion  \nAuvergne-Rh\u00f4ne-Alpes, pr\u00e9f\u00e8te de la zone de d\u00e9fense et de s\u00e9curit\u00e9 Sud-Est, pr\u00e9f\u00e8te du Rh\u00f4ne ;\nVu l'arr\u00eat\u00e9 du BO-FIP du 19 f\u00e9vrier 2026 chargeant M. Arnaud COCHET, administrateur de l'\u00c9tat du  \ngrade transitoire, directeur d\u00e9partemental des finances publiques du Puy-de-D\u00f4me, de l'int\u00e9rim de  \nla direction r\u00e9gionale des Finances publiques d'Auvergne-Rh\u00f4ne-Alpes et du d\u00e9partement du Rh\u00f4ne \nen remplacement de M. Pascal ROTHE ;\nSur proposition du pr\u00e9fet, secr\u00e9taire g\u00e9n\u00e9ral de la pr\u00e9fecture, pr\u00e9fet d\u00e9l\u00e9gu\u00e9 pour l'\u00e9galit\u00e9 des  \nchances ;\nARR\u00caTE\nArticle  1 : D\u00e9l\u00e9gation  est  donn\u00e9e  \u00e0  M.  Arnaud  COCHET,  directeur  int\u00e9rimaire  de  la  direction  \nr\u00e9gionale des finances publiques de la r\u00e9gion Auvergne-Rh\u00f4ne-Alpes et du d\u00e9partement du Rh\u00f4ne,  \n\u00e0 l'effet de communiquer chaque ann\u00e9e aux collectivit\u00e9s territoriales et \u00e9tablissements publics de  \ncoop\u00e9ration  intercommunale  \u00e0  fiscalit\u00e9  propre  du  d\u00e9partement  les  diff\u00e9rents  \u00e9tats  indiquant, \nnotamment,  conform\u00e9ment  aux  articles  D  1612-1  \u00e0  D.  1612-5  du  code  g\u00e9n\u00e9ral  des  collectivit\u00e9s \nterritoriales,  le  montant  pr\u00e9visionnel  des  bases  nettes  imposables,  les  taux  nets  d'imposition  \nadopt\u00e9s l'ann\u00e9e pr\u00e9c\u00e9dente et les autres informations n\u00e9cessaires au vote du produit fiscal.\n1/2\n69_Pr\u00e9f_Pr\u00e9fecture du Rh\u00f4ne - 69-2026-03-20-00004 - Arr\u00eat\u00e9 pr\u00e9fectoral portant d\u00e9l\u00e9gation de signature \u00e0 M. Arnaud COCHET,\ndirecteur int\u00e9rimaire de la direction r\u00e9gionale des finances publiques de la r\u00e9gion Auvergne-Rh\u00f4ne-Alpes et du d\u00e9partement du\nRh\u00f4ne en mati\u00e8re de transmission aux collectivit\u00e9s locales des \u00e9l\u00e9ments de fiscalit\u00e9 directe locale\n34\nArticle  2  : Le  pr\u00e9sent  arr\u00eat\u00e9  peut  faire  l'objet  d'un  recours  contentieux  devant  le  tribunal  \nadministratif  de  Lyon  dans  un  d\u00e9lai  de  deux  mois  \u00e0  compter  de  sa  publication.  Le  tribunal  \nadministratif peut \u00eatre saisi d'une requ\u00eate d\u00e9pos\u00e9e sur le site www.telerecours.fr.\nArticle 3 : Le pr\u00e9fet, secr\u00e9taire g\u00e9n\u00e9ral de la pr\u00e9fecture, pr\u00e9fet d\u00e9l\u00e9gu\u00e9 pour l'\u00e9galit\u00e9 des chances, et \nle directeur int\u00e9rimaire de la direction r\u00e9gionale des finances publiques de la r\u00e9gion Auvergne-\nRh\u00f4ne-Alpes  et  du  d\u00e9partement  du  Rh\u00f4ne,  sont  charg\u00e9s,  chacun  en  ce  qui  le  concerne,  de  \nl'ex\u00e9cution du pr\u00e9sent arr\u00eat\u00e9, qui sera publi\u00e9 au recueil des actes administratifs.\n2/2\nLa pr\u00e9f\u00e8te,\nSign\u00e9\nFabienne BUCCIO\n69_Pr\u00e9f_Pr\u00e9fecture du Rh\u00f4ne - 69-2026-03-20-00004 - Arr\u00eat\u00e9 pr\u00e9fectoral portant d\u00e9l\u00e9gation de signature \u00e0 M. Arnaud COCHET,\ndirecteur int\u00e9rimaire de la direction r\u00e9gionale des finances publiques de la r\u00e9gion Auvergne-Rh\u00f4ne-Alpes et du d\u00e9partement du\nRh\u00f4ne en mati\u00e8re de transmission aux collectivit\u00e9s locales des \u00e9l\u00e9ments de fiscalit\u00e9 directe locale\n35\n69_Pr\u00e9f_Pr\u00e9fecture du Rh\u00f4ne\n69-2026-03-20-00007\nArr\u00eat\u00e9 pr\u00e9fectoral portant d\u00e9l\u00e9gation de\nsignature des actes relevant du pouvoir\nadjudicateur pour la gestion de la nouvelle cit\u00e9\nadministrative d'\u00c9tat de la Part-Dieu, sise 118 rue\nServient, 69003 Lyon, \u00e0 M. Arnaud COCHET,\ndirecteur int\u00e9rimaire de la direction r\u00e9gionale\ndes finances publiques de la r\u00e9gion\nAuvergne-Rh\u00f4ne-Alpes et du d\u00e9partement du\nRh\u00f4ne,\net \u00e0 M. Pierre CARR\u00c9, directeur du p\u00f4le\npartenaires de la direction r\u00e9gionale des finances\npubliques d'Auvergne-Rh\u00f4ne-Alpes et du\nd\u00e9partement du Rh\u00f4ne \n69_Pr\u00e9f_Pr\u00e9fecture du Rh\u00f4ne - 69-2026-03-20-00007 - Arr\u00eat\u00e9 pr\u00e9fectoral portant d\u00e9l\u00e9gation de signature des actes relevant du\npouvoir adjudicateur pour la gestion de la nouvelle cit\u00e9 administrative d'\u00c9tat de la Part-Dieu, sise 118 rue Servient, 69003 Lyon, \u00e0 M.\nArnaud COCHET, directeur int\u00e9rimaire de la direction r\u00e9gionale des finances publiques de la r\u00e9gion Auvergne-Rh\u00f4ne-Alpes et du\nd\u00e9partement du Rh\u00f4ne,\net \u00e0 M. Pierre CARR\u00c9, directeur du p\u00f4le partenaires de la direction r\u00e9gionale des finances publiques d'Auvergne-Rh\u00f4ne-Alpes et du\nd\u00e9partement du Rh\u00f4ne \n36\nesPREFETEDU RHONELibert\u00e9Egalit\u00e9Fraternit\u00e9\nDirection de la coordination\ndes politiques interminist\u00e9rielles\nLyon, le 20 mars 2026\nARR\u00caT\u00c9 PR\u00c9FECTORAL N\u00b0  \nportant d\u00e9l\u00e9gation de signature des actes relevant du pouvoir adjudicateur pour la gestion\nde la nouvelle cit\u00e9 administrative d'\u00c9tat de la Part-Dieu, sise 118 rue Servient, 69003 Lyon,\n\u00e0 M. Arnaud COCHET, directeur int\u00e9rimaire de la direction r\u00e9gionale des finances publiques\nde la r\u00e9gion Auvergne-Rh\u00f4ne-Alpes et du d\u00e9partement du Rh\u00f4ne,\net \u00e0 M. Pierre CARR\u00c9, directeur du p\u00f4le partenaires de la direction r\u00e9gionale des finances publiques \nd'Auvergne-Rh\u00f4ne-Alpes et du d\u00e9partement du Rh\u00f4ne\nLA PR\u00c9F\u00c8TE DE LA R\u00c9GION AUVERGNE-RH\u00d4NE-ALPES,\nPR\u00c9F\u00c8TE DE LA ZONE DE D\u00c9FENSE ET DE S\u00c9CURIT\u00c9 SUD-EST,\nPR\u00c9F\u00c8TE DU RH\u00d4NE\nCommandeur de la L\u00e9gion d'honneur\nCommandeur de l'ordre national du M\u00e9rite\nVu le code des march\u00e9s publics ;\nVu la loi n\u00b0 82-213 du 2 mars 1982 relative aux droits et libert\u00e9s communes, des d\u00e9partements et des \nr\u00e9gions ;\nVu  la  loi  d'orientation  n\u00b0  92-125  du  6  f\u00e9vrier  1992  relative  \u00e0  l'administration  territoriale  de  la \nR\u00e9publique ;\nVu le d\u00e9cret n\u00b0 92-604 du 1er juillet 1992 modifi\u00e9 portant charte de d\u00e9concentration ;\nVu le d\u00e9cret n\u00b0 2004-374 du 29 avril 2004 modifi\u00e9 relatif au pouvoir des pr\u00e9fets, \u00e0 l'organisation et \u00e0 \nl'action des services de l'\u00c9tat dans les r\u00e9gions et les d\u00e9partements, modifi\u00e9 par le d\u00e9cret n\u00b0 2010-146 \ndu 16 f\u00e9vrier 2010 et par le d\u00e9cret n\u00b0 2010-687 du 24 juin 2010 ;\nVu le d\u00e9cret n\u00b0 2009-208 du 20 f\u00e9vrier 2009 relatif au statut particulier des administrateurs des  \nFinances publiques ;\nVu le d\u00e9cret n\u00b0 2009-707 du 16 juin 2009 modifi\u00e9 relatif aux services d\u00e9concentr\u00e9s de la direction  \ng\u00e9n\u00e9rale des finances publiques ;\nVu  le  d\u00e9cret  n\u00b0  2012-1246  du  7  novembre  2012  relatif  \u00e0  la  gestion  budg\u00e9taire  et  comptable  \npublique ;\nVu  le  d\u00e9cret  n\u00b02021-1550  du  1 er d\u00e9cembre  2021  portant  statut  particulier  du  corps  des  \nadministrateurs de l'\u00c9tat ;\n1/2\n69_Pr\u00e9f_Pr\u00e9fecture du Rh\u00f4ne - 69-2026-03-20-00007 - Arr\u00eat\u00e9 pr\u00e9fectoral portant d\u00e9l\u00e9gation de signature des actes relevant du\npouvoir adjudicateur pour la gestion de la nouvelle cit\u00e9 administrative d'\u00c9tat de la Part-Dieu, sise 118 rue Servient, 69003 Lyon, \u00e0 M.\nArnaud COCHET, directeur int\u00e9rimaire de la direction r\u00e9gionale des finances publiques de la r\u00e9gion Auvergne-Rh\u00f4ne-Alpes et du\nd\u00e9partement du Rh\u00f4ne,\net \u00e0 M. Pierre CARR\u00c9, directeur du p\u00f4le partenaires de la direction r\u00e9gionale des finances publiques d'Auvergne-Rh\u00f4ne-Alpes et du\nd\u00e9partement du Rh\u00f4ne \n37\nVu le d\u00e9cret du 11 janvier 2023 en conseil des ministres portant nomination de Mme Fabienne  \nBUCCIO en qualit\u00e9 de pr\u00e9f\u00e8te de la r\u00e9gion Auvergne-Rh\u00f4ne-Alpes, pr\u00e9f\u00e8te de la zone de d\u00e9fense et  \nde s\u00e9curit\u00e9 Sud-Est, pr\u00e9f\u00e8te du Rh\u00f4ne ;\nVu le d\u00e9cret du 30 novembre 2020 affectant M. Pierre CARR\u00c9, administrateur g\u00e9n\u00e9ral des Finances  \npubliques, \u00e0 la direction r\u00e9gionale des finances publiques Auvergne-Rh\u00f4ne-Alpes et d\u00e9partement  \ndu Rh\u00f4ne ;\nVu le d\u00e9cret du 15 mai 2025 portant nomination de M. Fabrice ROSAY, pr\u00e9fet, secr\u00e9taire g\u00e9n\u00e9ral de \nla pr\u00e9fecture du Rh\u00f4ne, pr\u00e9fet d\u00e9l\u00e9gu\u00e9 pour l'\u00e9galit\u00e9 des chances aupr\u00e8s de la pr\u00e9f\u00e8te de la r\u00e9gion  \nAuvergne-Rh\u00f4ne-Alpes, pr\u00e9f\u00e8te de la zone de d\u00e9fense et de s\u00e9curit\u00e9 Sud-Est, pr\u00e9f\u00e8te du Rh\u00f4ne ;\nVu l'arr\u00eat\u00e9 du BO-FIP du 19 f\u00e9vrier 2026 chargeant M. Arnaud COCHET, administrateur de l'\u00c9tat du  \ngrade transitoire, directeur d\u00e9partemental des finances publiques du Puy-de-D\u00f4me, de l'int\u00e9rim de  \nla direction r\u00e9gionale des Finances publiques d'Auvergne-Rh\u00f4ne-Alpes et du d\u00e9partement du Rh\u00f4ne \nen remplacement de M. Pascal ROTHE ;\nSur proposition du pr\u00e9fet, secr\u00e9taire g\u00e9n\u00e9ral de la pr\u00e9fecture, pr\u00e9fet d\u00e9l\u00e9gu\u00e9 pour l'\u00e9galit\u00e9 des  \nchances ;\nARR\u00caTE\nArticle  1 : D\u00e9l\u00e9gation  est  donn\u00e9e  \u00e0  M.  Arnaud  COCHET,  directeur  int\u00e9rimaire  de  la  direction  \nr\u00e9gionale des finances publiques de la r\u00e9gion Auvergne-Rh\u00f4ne-Alpes et du d\u00e9partement du Rh\u00f4ne,  \n\u00e0 l'effet de signer, dans la mesure o\u00f9 ils rel\u00e8vent de ses attributions, les actes relevant du pouvoir  \nadjudicateur, pour la gestion de la nouvelle cit\u00e9 administrative d'\u00c9tat de la Part-Dieu, sise 118 rue  \nServient 69003 Lyon, \u00e0 l'exception de ceux portant engagement, liquidation et ordonnancement au \nsens du d\u00e9cret n\u00b0 2012-1246 du 7 novembre 2012.\nArticle 2 : D\u00e9l\u00e9gation est donn\u00e9e \u00e0 M. Pierre CARR\u00c9, directeur du p\u00f4le partenaires de la direction  \nr\u00e9gionale des finances publique d'Auvergne-Rh\u00f4ne-Alpes et du d\u00e9partement du Rh\u00f4ne, \u00e0 l'effet de  \nsigner, dans la mesure o\u00f9 ils rel\u00e8vent de ses attributions, les actes d'ordonnancement secondaire  \ndans la limite de l'arr\u00eat\u00e9 susvis\u00e9 et relevant du pouvoir adjudicateur.\nArticle  3:  Le  pr\u00e9sent  arr\u00eat\u00e9  peut  faire  l'objet  d'un  recours  contentieux  devant  le  tribunal  \nadministratif  de  Lyon  dans  un  d\u00e9lai  de  deux  mois  \u00e0  compter  de  sa  publication.  Le  tribunal  \nadministratif peut \u00eatre saisi d'une requ\u00eate d\u00e9pos\u00e9e sur le site www.telerecours.fr.\nArticle 4 : Le pr\u00e9fet, secr\u00e9taire g\u00e9n\u00e9ral de la pr\u00e9fecture, pr\u00e9fet d\u00e9l\u00e9gu\u00e9 pour l'\u00e9galit\u00e9 des chances, et \nle directeur int\u00e9rimaire de la direction r\u00e9gionale des finances publiques de la r\u00e9gion Auvergne-\nRh\u00f4ne-Alpes  et  du  d\u00e9partement  du  Rh\u00f4ne,  sont  charg\u00e9s,  chacun  en  ce  qui  le  concerne,  de  \nl'ex\u00e9cution du pr\u00e9sent arr\u00eat\u00e9, qui sera publi\u00e9 au recueil des actes administratifs.\n2/2\nLa pr\u00e9f\u00e8te,\nSign\u00e9\nFabienne BUCCIO\n69_Pr\u00e9f_Pr\u00e9fecture du Rh\u00f4ne - 69-2026-03-20-00007 - Arr\u00eat\u00e9 pr\u00e9fectoral portant d\u00e9l\u00e9gation de signature des actes relevant du\npouvoir adjudicateur pour la gestion de la nouvelle cit\u00e9 administrative d'\u00c9tat de la Part-Dieu, sise 118 rue Servient, 69003 Lyon, \u00e0 M.\nArnaud COCHET, directeur int\u00e9rimaire de la direction r\u00e9gionale des finances publiques de la r\u00e9gion Auvergne-Rh\u00f4ne-Alpes et du\nd\u00e9partement du Rh\u00f4ne,\net \u00e0 M. Pierre CARR\u00c9, directeur du p\u00f4le partenaires de la direction r\u00e9gionale des finances publiques d'Auvergne-Rh\u00f4ne-Alpes et du\nd\u00e9partement du Rh\u00f4ne \n38\n69_Pr\u00e9f_Pr\u00e9fecture du Rh\u00f4ne\n69-2026-03-20-00006\nArr\u00eat\u00e9 pr\u00e9fectoral portant d\u00e9l\u00e9gation de\nsignature des actes relevant du pouvoir\nadjudicateur, \u00e0 M. Arnaud COCHET, directeur\nint\u00e9rimaire de la direction r\u00e9gionale des finances\npubliques de la r\u00e9gion Auvergne-Rh\u00f4ne-Alpes et\ndu d\u00e9partement du Rh\u00f4ne,\net \u00e0 M. Pierre CARRE, directeur du p\u00f4le\npartenaires de la direction r\u00e9gionale des finances\npubliques d'Auvergne-Rh\u00f4ne-Alpes et du\nd\u00e9partement du Rh\u00f4ne\n69_Pr\u00e9f_Pr\u00e9fecture du Rh\u00f4ne - 69-2026-03-20-00006 - Arr\u00eat\u00e9 pr\u00e9fectoral portant d\u00e9l\u00e9gation de signature des actes relevant du\npouvoir adjudicateur, \u00e0 M. Arnaud COCHET, directeur int\u00e9rimaire de la direction r\u00e9gionale des finances publiques de la r\u00e9gion\nAuvergne-Rh\u00f4ne-Alpes et du d\u00e9partement du Rh\u00f4ne,\net \u00e0 M. Pierre CARRE, directeur du p\u00f4le partenaires de la direction r\u00e9gionale des finances publiques d'Auvergne-Rh\u00f4ne-Alpes et du\nd\u00e9partement du Rh\u00f4ne\n39\nesPREFETEDU RHONELibert\u00e9Egalit\u00e9Fraternit\u00e9\nDirection de la coordination\ndes politiques interminist\u00e9rielles\nLyon, le 20 mars 2026\nARR\u00caT\u00c9 PR\u00c9FECTORAL N\u00b0  \nportant d\u00e9l\u00e9gation de signature des actes relevant du pouvoir adjudicateur,\n\u00e0 M. Arnaud COCHET, directeur int\u00e9rimaire de la direction r\u00e9gionale des finances publiques\nde la r\u00e9gion Auvergne-Rh\u00f4ne-Alpes et du d\u00e9partement du Rh\u00f4ne,\net \u00e0 M. Pierre CARRE, directeur du p\u00f4le partenaires de la direction r\u00e9gionale\ndes finances publiques d'Auvergne-Rh\u00f4ne-Alpes et du d\u00e9partement du Rh\u00f4ne\nLA PR\u00c9F\u00c8TE DE LA R\u00c9GION AUVERGNE-RH\u00d4NE-ALPES,\nPR\u00c9F\u00c8TE DE LA ZONE DE D\u00c9FENSE ET DE S\u00c9CURIT\u00c9 SUD-EST,\nPR\u00c9F\u00c8TE DU RH\u00d4NE\nCommandeur de la L\u00e9gion d'honneur\nCommandeur de l'ordre national du M\u00e9rite\nVu le code des march\u00e9s publics ;\nVu la loi n\u00b0 82-213 du 2 mars 1982 relative aux droits et libert\u00e9s communes, des d\u00e9partements et des \nr\u00e9gions ;\nVu  la  loi  d'orientation  n\u00b0  92-125  du  6  f\u00e9vrier  1992  relative  \u00e0  l'administration  territoriale  de  la \nR\u00e9publique ;\nVu le d\u00e9cret n\u00b0 92-604 du 1er juillet 1992 modifi\u00e9 portant charte de d\u00e9concentration ;\nVu le d\u00e9cret n\u00b0 2004-374 du 29 avril 2004 modifi\u00e9 relatif au pouvoir des pr\u00e9fets, \u00e0 l'organisation et \u00e0 \nl'action des services de l'\u00c9tat dans les r\u00e9gions et les d\u00e9partements, modifi\u00e9 par le d\u00e9cret n\u00b0 2010-146 \ndu 16 f\u00e9vrier 2010 et par le d\u00e9cret n\u00b0 2010-687 du 24 juin 2010 ;\nVu le d\u00e9cret n\u00b0 2009-208 du 20 f\u00e9vrier 2009 relatif au statut particulier des administrateurs des  \nFinances publiques ;\nVu le d\u00e9cret n\u00b0 2009-707 du 16 juin 2009 modifi\u00e9 relatif aux services d\u00e9concentr\u00e9s de la direction  \ng\u00e9n\u00e9rale des Finances publiques ;\nVu  le  d\u00e9cret  n\u00b0  2012-1246  du  7  novembre  2012  relatif  \u00e0  la  gestion  budg\u00e9taire  et  comptable  \npublique ;\nVu  le  d\u00e9cret  n\u00b02021-1550  du  1er  d\u00e9cembre  2021  portant  statut  particulier  du  corps  des  \nadministrateurs de l'\u00c9tat ;\nVu le d\u00e9cret du 30 novembre 2020 affectant M. Pierre CARR\u00c9, administrateur g\u00e9n\u00e9ral des finances  \npubliques, \u00e0 la Direction r\u00e9gionale des Finances publiques Auvergne-Rh\u00f4ne-Alpes et d\u00e9partement  \ndu Rh\u00f4ne ;\n1/2\n69_Pr\u00e9f_Pr\u00e9fecture du Rh\u00f4ne - 69-2026-03-20-00006 - Arr\u00eat\u00e9 pr\u00e9fectoral portant d\u00e9l\u00e9gation de signature des actes relevant du\npouvoir adjudicateur, \u00e0 M. Arnaud COCHET, directeur int\u00e9rimaire de la direction r\u00e9gionale des finances publiques de la r\u00e9gion\nAuvergne-Rh\u00f4ne-Alpes et du d\u00e9partement du Rh\u00f4ne,\net \u00e0 M. Pierre CARRE, directeur du p\u00f4le partenaires de la direction r\u00e9gionale des finances publiques d'Auvergne-Rh\u00f4ne-Alpes et du\nd\u00e9partement du Rh\u00f4ne\n40\nVu le d\u00e9cret du 11 janvier 2023 en conseil des ministres portant nomination de Mme Fabienne  \nBUCCIO en qualit\u00e9 de pr\u00e9f\u00e8te de la r\u00e9gion Auvergne-Rh\u00f4ne-Alpes, pr\u00e9f\u00e8te de la zone de d\u00e9fense et  \nde s\u00e9curit\u00e9 Sud-Est, pr\u00e9f\u00e8te du Rh\u00f4ne ;\nVu le d\u00e9cret du 15 mai 2025 portant nomination de M. Fabrice ROSAY, pr\u00e9fet, secr\u00e9taire g\u00e9n\u00e9ral de \nla pr\u00e9fecture du Rh\u00f4ne, pr\u00e9fet d\u00e9l\u00e9gu\u00e9 pour l'\u00e9galit\u00e9 des chances aupr\u00e8s de la pr\u00e9f\u00e8te de la r\u00e9gion  \nAuvergne-Rh\u00f4ne-Alpes, pr\u00e9f\u00e8te de la zone de d\u00e9fense et de s\u00e9curit\u00e9 Sud-Est, pr\u00e9f\u00e8te du Rh\u00f4ne ;\nVu l'arr\u00eat\u00e9 du BO-FIP du 19 f\u00e9vrier 2026 chargeant M. Arnaud COCHET, administrateur de l'\u00c9tat du  \ngrade transitoire, directeur d\u00e9partemental des finances publiques du Puy-de-D\u00f4me, de l'int\u00e9rim de  \nla direction r\u00e9gionale des finances publiques d'Auvergne-Rh\u00f4ne-Alpes et du d\u00e9partement du Rh\u00f4ne \nen remplacement de M. Pascal ROTH\u00c9 ;\nSur proposition du pr\u00e9fet, secr\u00e9taire g\u00e9n\u00e9ral de la pr\u00e9fecture, pr\u00e9fet d\u00e9l\u00e9gu\u00e9 pour l'\u00e9galit\u00e9 des  \nchances ;\nARR\u00caTE\nArticle 1  :  D\u00e9l\u00e9gation de signature est donn\u00e9e \u00e0 M. Arnaud COCHET, directeur int\u00e9rimaire de la  \ndirection r\u00e9gionale des finances publiques de la r\u00e9gion Auvergne-Rh\u00f4ne-Alpes et du d\u00e9partement  \ndu Rh\u00f4ne, \u00e0 l'effet de signer, dans la mesure o\u00f9 ils rel\u00e8vent de ses attributions, les actes relevant du  \npouvoir adjudicateur, \u00e0 l'exception de ceux portant engagement, liquidation et ordonnancement au \nsens du d\u00e9cret n\u00b0 2012-1246 du 7 novembre 2012.\nArticle 2 : D\u00e9l\u00e9gation est donn\u00e9e \u00e0 M. Pierre CARR\u00c9, directeur du p\u00f4le partenaires de la direction  \nr\u00e9gionale des finances publique d'Auvergne-Rh\u00f4ne-Alpes et du d\u00e9partement du Rh\u00f4ne, \u00e0 l'effet de  \nsigner, dans la mesure o\u00f9 ils rel\u00e8vent de ses attributions, les actes d'ordonnancement secondaire  \ndans la limite de l'arr\u00eat\u00e9 susvis\u00e9 et relevant du pouvoir adjudicateur.\nArticle  3  :  Le  pr\u00e9sent  arr\u00eat\u00e9  peut  faire  l'objet  d'un  recours  contentieux  devant  le  tribunal  \nadministratif  de  Lyon  dans  un  d\u00e9lai  de  deux  mois  \u00e0  compter  de  sa  publication.  Le  tribunal  \nadministratif peut \u00eatre saisi d'une requ\u00eate d\u00e9pos\u00e9e sur le site www.telerecours.fr.\nArticle 4 : Le pr\u00e9fet, secr\u00e9taire g\u00e9n\u00e9ral de la pr\u00e9fecture, pr\u00e9fet d\u00e9l\u00e9gu\u00e9 pour l'\u00e9galit\u00e9 des chances, et \nle directeur int\u00e9rimaire de la direction r\u00e9gionale des finances publiques de la r\u00e9gion Auvergne-\nRh\u00f4ne-Alpes  et  du  d\u00e9partement  du  Rh\u00f4ne,  sont  charg\u00e9s,  chacun  en  ce  qui  le  concerne,  de  \nl'ex\u00e9cution du pr\u00e9sent arr\u00eat\u00e9, qui sera publi\u00e9 au recueil des actes administratifs.\n2/2\nLa pr\u00e9f\u00e8te,\nSign\u00e9\nFabienne BUCCIO\n69_Pr\u00e9f_Pr\u00e9fecture du Rh\u00f4ne - 69-2026-03-20-00006 - Arr\u00eat\u00e9 pr\u00e9fectoral portant d\u00e9l\u00e9gation de signature des actes relevant du\npouvoir adjudicateur, \u00e0 M. Arnaud COCHET, directeur int\u00e9rimaire de la direction r\u00e9gionale des finances publiques de la r\u00e9gion\nAuvergne-Rh\u00f4ne-Alpes et du d\u00e9partement du Rh\u00f4ne,\net \u00e0 M. Pierre CARRE, directeur du p\u00f4le partenaires de la direction r\u00e9gionale des finances publiques d'Auvergne-Rh\u00f4ne-Alpes et du\nd\u00e9partement du Rh\u00f4ne\n41\n69_Pr\u00e9f_Pr\u00e9fecture du Rh\u00f4ne\n69-2026-03-20-00005\nArr\u00eat\u00e9 pr\u00e9fectoral portant d\u00e9l\u00e9gation de\nsignature du pouvoir d'homologuer les r\u00f4les\nd'imp\u00f4ts directs\n69_Pr\u00e9f_Pr\u00e9fecture du Rh\u00f4ne - 69-2026-03-20-00005 - Arr\u00eat\u00e9 pr\u00e9fectoral portant d\u00e9l\u00e9gation de signature du pouvoir d'homologuer les\nr\u00f4les d'imp\u00f4ts directs 42\nesPREFETEDU RHONELibert\u00e9Egalit\u00e9Fraternit\u00e9\nDirection de la coordination\ndes politiques interminist\u00e9rielles\nLyon, le 20 mars 2026\nARR\u00caT\u00c9 PR\u00c9FECTORAL N\u00b0  \nportant d\u00e9l\u00e9gation de signature du pouvoir d'homologuer les r\u00f4les d'imp\u00f4ts directs\nLA PR\u00c9F\u00c8TE DE LA R\u00c9GION AUVERGNE-RH\u00d4NE-ALPES,\nPR\u00c9F\u00c8TE DE LA ZONE DE D\u00c9FENSE ET DE S\u00c9CURIT\u00c9 SUD-EST,\nPR\u00c9F\u00c8TE DU RH\u00d4NE\nCommandeur de la L\u00e9gion d'honneur\nCommandeur de l'ordre national du M\u00e9rite\nVu les conventions internationales conclues entre la R\u00e9publique fran\u00e7aise et les \u00c9tats \u00e9trangers  \npr\u00e9voyant une assistance administrative en mati\u00e8re de recouvrement ;\nVu les articles 1658 et 1659 du code g\u00e9n\u00e9ral des imp\u00f4ts fixant les conditions d'homologation des  \nr\u00f4les d'imp\u00f4ts directs et des taxes assimil\u00e9es ;\nVu l'article 376-0 bis de l'annexe II au code g\u00e9n\u00e9ral des imp\u00f4ts ;\nVu le d\u00e9cret n\u00b0 2004-374 du 29 avril 2004 modifi\u00e9 relatif aux pouvoirs des pr\u00e9fets, \u00e0 l'organisation et \n\u00e0 l'action des services de l'\u00c9tat dans les r\u00e9gions et d\u00e9partements ;\nVu le d\u00e9cret n\u00b0 2008-309 du 3 avril 2008 modifi\u00e9 relatif \u00e0 l'organisation des services d\u00e9concentr\u00e9s  \nde la direction g\u00e9n\u00e9rale des Finances publiques ;\nVu le d\u00e9cret n\u00b0 2009-707 du 16 juin 2009 relatif aux services d\u00e9concentr\u00e9s de la direction g\u00e9n\u00e9rale  \ndes Finances publiques ;\nVu le d\u00e9cret n\u00b02010-986 du 26 ao\u00fbt 2010 portant statut particulier des personnels de cat\u00e9gorie A de \nla direction g\u00e9n\u00e9rale des Finances publiques ;\nVu le d\u00e9cret du 11 janvier 2023 portant nomination de Mme Fabienne BUCCIO en qualit\u00e9 de pr\u00e9f\u00e8te \nde la r\u00e9gion Auvergne-Rh\u00f4ne-Alpes, pr\u00e9f\u00e8te de la zone de d\u00e9fense et de s\u00e9curit\u00e9 Sud-Est, pr\u00e9f\u00e8te du \nRh\u00f4ne ;\nVu  le  d\u00e9cret  du  15  mai  2025  portant  nomination  de  M.  Fabrice  ROSAY  en  qualit\u00e9  de  pr\u00e9fet, \nsecr\u00e9taire g\u00e9n\u00e9ral de la pr\u00e9fecture du Rh\u00f4ne, pr\u00e9fet d\u00e9l\u00e9gu\u00e9 pour l'\u00e9galit\u00e9 des chances aupr\u00e8s de la \npr\u00e9f\u00e8te de la r\u00e9gion Auvergne-Rh\u00f4ne-Alpes, pr\u00e9f\u00e8te de la zone de d\u00e9fense et de s\u00e9curit\u00e9 Sud-Est,  \npr\u00e9f\u00e8te du Rh\u00f4ne ;\nVu l'arr\u00eat\u00e9 du BO-FIP du 19 f\u00e9vrier 2026 chargeant M. Arnaud COCHET, administrateur de l'\u00c9tat du  \ngrade transitoire, directeur d\u00e9partemental des finances publiques du Puy-de-D\u00f4me, de l'int\u00e9rim de  \nla direction r\u00e9gionale des finances publiques d'Auvergne-Rh\u00f4ne-Alpes et du d\u00e9partement du Rh\u00f4ne \nen remplacement de M. Pascal ROTHE ;\n1/2\n69_Pr\u00e9f_Pr\u00e9fecture du Rh\u00f4ne - 69-2026-03-20-00005 - Arr\u00eat\u00e9 pr\u00e9fectoral portant d\u00e9l\u00e9gation de signature du pouvoir d'homologuer les\nr\u00f4les d'imp\u00f4ts directs 43\nSur proposition du pr\u00e9fet, secr\u00e9taire g\u00e9n\u00e9ral de la pr\u00e9fecture, pr\u00e9fet d\u00e9l\u00e9gu\u00e9 pour l'\u00e9galit\u00e9 des  \nchances ;\nARR\u00caTE\nArticle  1 : D\u00e9l\u00e9gation  de  pouvoirs,  pour  rendre  ex\u00e9cutoires  les  r\u00f4les  d'imp\u00f4ts  directs  et  taxes  \nassimil\u00e9es  ainsi  que  les  titres de  recouvrement  \u00e9mis  par  les  \u00c9tats  \u00e9trangers  dans  le  cadre  des \nconventions bilat\u00e9rales d'assistance administrative au recouvrement, est donn\u00e9e aux collaborateurs \ndu g\u00e9rant int\u00e9rimaire de la direction r\u00e9gionale des finances publiques de la r\u00e9gion Auvergne-Rh\u00f4ne-\nAlpes ayant au moins le grade d'administrateur des Finances publiques adjoint, \u00e0 l'exclusion de ceux \nayant la qualit\u00e9 de comptable.\nArticle  2  : Le  pr\u00e9sent  arr\u00eat\u00e9  peut  faire  l'objet  d'un  recours  contentieux  devant  le  tribunal  \nadministratif  de  Lyon  dans  un  d\u00e9lai  de  deux  mois  \u00e0  compter  de  sa  publication.  Le  tribunal  \nadministratif peut \u00eatre saisi d'une requ\u00eate d\u00e9pos\u00e9e sur le site www.telerecours.fr.\nArticle 3 : Le pr\u00e9fet, secr\u00e9taire g\u00e9n\u00e9ral de la pr\u00e9fecture, pr\u00e9fet d\u00e9l\u00e9gu\u00e9 pour l'\u00e9galit\u00e9 des chances, et \nle directeur int\u00e9rimaire de la direction r\u00e9gionale des finances publiques de la r\u00e9gion Auvergne-\nRh\u00f4ne-Alpes  et  du  d\u00e9partement  du  Rh\u00f4ne,  sont  charg\u00e9s,  chacun  en  ce  qui  le  concerne,  de  \nl'ex\u00e9cution du pr\u00e9sent arr\u00eat\u00e9, qui sera publi\u00e9 au recueil des actes administratifs.\n2/2\nLa pr\u00e9f\u00e8te,\nSign\u00e9\nFabienne BUCCIO\n69_Pr\u00e9f_Pr\u00e9fecture du Rh\u00f4ne - 69-2026-03-20-00005 - Arr\u00eat\u00e9 pr\u00e9fectoral portant d\u00e9l\u00e9gation de signature du pouvoir d'homologuer les\nr\u00f4les d'imp\u00f4ts directs 44\n69_Pr\u00e9f_Pr\u00e9fecture du Rh\u00f4ne\n69-2026-03-20-00010\nArr\u00eat\u00e9 pr\u00e9fectoral portant d\u00e9l\u00e9gation de\nsignature en mati\u00e8re de r\u00e9gime d'ouverture au\npublic des services d\u00e9concentr\u00e9s de la direction\nr\u00e9gionale des finances publiques de la r\u00e9gion\nAuvergne-Rh\u00f4ne-Alpes et du d\u00e9partement du\nRh\u00f4ne\n69_Pr\u00e9f_Pr\u00e9fecture du Rh\u00f4ne - 69-2026-03-20-00010 - Arr\u00eat\u00e9 pr\u00e9fectoral portant d\u00e9l\u00e9gation de signature en mati\u00e8re de r\u00e9gime\nd'ouverture au public des services d\u00e9concentr\u00e9s de la direction r\u00e9gionale des finances publiques de la r\u00e9gion Auvergne-Rh\u00f4ne-Alpes\net du d\u00e9partement du Rh\u00f4ne\n45\nesPREFETEDU RHONELibert\u00e9Egalit\u00e9Fraternit\u00e9\nDirection de la coordination\ndes politiques interminist\u00e9rielles\nLyon, le 20 mars 2026\nARR\u00caT\u00c9 PR\u00c9FECTORAL N\u00b0  \nportant d\u00e9l\u00e9gation de signature en mati\u00e8re de r\u00e9gime d'ouverture au public\ndes services d\u00e9concentr\u00e9s de la direction r\u00e9gionale des finances publiques\nde la r\u00e9gion Auvergne-Rh\u00f4ne-Alpes et du d\u00e9partement du Rh\u00f4ne\nLA PR\u00c9F\u00c8TE DE LA R\u00c9GION AUVERGNE-RH\u00d4NE-ALPES,\nPR\u00c9F\u00c8TE DE LA ZONE DE D\u00c9FENSE ET DE S\u00c9CURIT\u00c9 SUD-EST,\nPR\u00c9F\u00c8TE DU RH\u00d4NE\nCommandeur de la L\u00e9gion d'honneur\nCommandeur de l'ordre national du M\u00e9rite\nVu le d\u00e9cret n\u00b071-69 du 26 janvier 1971 relatif au r\u00e9gime d'ouverture au public des services \next\u00e9rieurs de l'\u00c9tat ; \nVu le d\u00e9cret n\u00b0 2004-374 du 29 avril 2004 modifi\u00e9 relatif au pouvoir des pr\u00e9fets, \u00e0 l'organisation et \u00e0 \nl'action des services de l'\u00c9tat dans les r\u00e9gions et les d\u00e9partements, notamment ses articles 26 et 43 ;\nVu le d\u00e9cret n\u00b02008-310 du 3 avril 2008 relatif \u00e0 la direction g\u00e9n\u00e9rale des Finances publiques ;\nVu le d\u00e9cret n\u00b02009-208 du 20 f\u00e9vrier 2009 relatif au statut particulier des administrateurs des \nFinances publiques ;\nVu le d\u00e9cret n\u00b02009-707 du 16 juin 2009 modifi\u00e9 relatif aux services d\u00e9concentr\u00e9s de la direction \ng\u00e9n\u00e9rale des Finances publiques ;\nVu le d\u00e9cret du 11 janvier 2023 en conseil des ministres portant nomination de Mme Fabienne  \nBUCCIO en qualit\u00e9 de pr\u00e9f\u00e8te de la r\u00e9gion Auvergne-Rh\u00f4ne-Alpes, pr\u00e9f\u00e8te de la zone de d\u00e9fense et  \nde s\u00e9curit\u00e9 Sud-Est, pr\u00e9f\u00e8te du Rh\u00f4ne ;\nVu le d\u00e9cret du 15 mai 2025 portant nomination de M. Fabrice ROSAY, pr\u00e9fet, secr\u00e9taire g\u00e9n\u00e9ral de \nla pr\u00e9fecture du Rh\u00f4ne, pr\u00e9fet d\u00e9l\u00e9gu\u00e9 pour l'\u00e9galit\u00e9 des chances aupr\u00e8s de la pr\u00e9f\u00e8te de la r\u00e9gion  \nAuvergne-Rh\u00f4ne-Alpes, pr\u00e9f\u00e8te de la zone de d\u00e9fense et de s\u00e9curit\u00e9 Sud-Est, pr\u00e9f\u00e8te du Rh\u00f4ne ;\nVu l'arr\u00eat\u00e9 du BO-FIP du 19 f\u00e9vrier 2026 chargeant M. Arnaud COCHET, administrateur de l'\u00c9tat du  \ngrade transitoire, directeur d\u00e9partemental des finances publiques du Puy-de-D\u00f4me, de l'int\u00e9rim de  \nla direction r\u00e9gionale des finances publiques d'Auvergne-Rh\u00f4ne-Alpes et du d\u00e9partement du Rh\u00f4ne \nen remplacement de M. Pascal ROTHE ;\nSur proposition du pr\u00e9fet, secr\u00e9taire g\u00e9n\u00e9ral de la pr\u00e9fecture, pr\u00e9fet d\u00e9l\u00e9gu\u00e9 pour l'\u00e9galit\u00e9 des \nchances ;\n1/2\n69_Pr\u00e9f_Pr\u00e9fecture du Rh\u00f4ne - 69-2026-03-20-00010 - Arr\u00eat\u00e9 pr\u00e9fectoral portant d\u00e9l\u00e9gation de signature en mati\u00e8re de r\u00e9gime\nd'ouverture au public des services d\u00e9concentr\u00e9s de la direction r\u00e9gionale des finances publiques de la r\u00e9gion Auvergne-Rh\u00f4ne-Alpes\net du d\u00e9partement du Rh\u00f4ne\n46\nARR\u00caTE\nArticle 1  :  D\u00e9l\u00e9gation de signature est donn\u00e9e \u00e0 M. Arnaud COCHET, directeur int\u00e9rimaire de la  \ndirection r\u00e9gionale des finances publiques de la r\u00e9gion Auvergne-Rh\u00f4ne-Alpes et du d\u00e9partement  \ndu Rh\u00f4ne, \u00e0 l'effet de signer, dans la limite de ses attributions et comp\u00e9tences, les arr\u00eat\u00e9s relatifs  \naux  jours  et  horaires  d'ouverture  au  public  des  services  de  la  direction  r\u00e9gionale  des  finances \npubliques de la r\u00e9gion Auvergne-Rh\u00f4ne-Alpes et du d\u00e9partement du Rh\u00f4ne.\nArticle  2  :  Le  pr\u00e9sent  arr\u00eat\u00e9  peut  faire  l'objet  d'un  recours  contentieux  devant  le  tribunal  \nadministratif  de  Lyon  dans  un  d\u00e9lai  de  deux  mois  \u00e0  compter  de  sa  publication.  Le  tribunal  \nadministratif peut \u00eatre saisi d'une requ\u00eate d\u00e9pos\u00e9e sur le site www.telerecours.fr. \nArticle 3 : Le pr\u00e9fet, secr\u00e9taire g\u00e9n\u00e9ral de la pr\u00e9fecture, pr\u00e9fet d\u00e9l\u00e9gu\u00e9 pour l'\u00e9galit\u00e9 des chances, et \nle directeur int\u00e9rimaire de la direction r\u00e9gionale des finances publiques de la r\u00e9gion Auvergne-\nRh\u00f4ne-Alpes  et  du  d\u00e9partement  du  Rh\u00f4ne,  sont  charg\u00e9s,  chacun  en  ce  qui  le  concerne,  de  \nl'ex\u00e9cution du pr\u00e9sent arr\u00eat\u00e9, qui sera publi\u00e9 au recueil des actes administratifs.\n2/2\nLa pr\u00e9f\u00e8te,\nSign\u00e9\nFabienne BUCCIO\n69_Pr\u00e9f_Pr\u00e9fecture du Rh\u00f4ne - 69-2026-03-20-00010 - Arr\u00eat\u00e9 pr\u00e9fectoral portant d\u00e9l\u00e9gation de signature en mati\u00e8re de r\u00e9gime\nd'ouverture au public des services d\u00e9concentr\u00e9s de la direction r\u00e9gionale des finances publiques de la r\u00e9gion Auvergne-Rh\u00f4ne-Alpes\net du d\u00e9partement du Rh\u00f4ne\n47\n69_Pr\u00e9f_Pr\u00e9fecture du Rh\u00f4ne\n69-2026-03-20-00009\nArr\u00eat\u00e9 pr\u00e9fectoral portant d\u00e9l\u00e9gation de\nsignature en mati\u00e8re d'ouverture ou de\nfermeture exceptionnelle des services\nd\u00e9concentr\u00e9s de la direction r\u00e9gionale des\nFinances publiques de la r\u00e9gion\nAuvergne-Rh\u00f4ne-Alpes et du d\u00e9partement du\nRh\u00f4ne\n69_Pr\u00e9f_Pr\u00e9fecture du Rh\u00f4ne - 69-2026-03-20-00009 - Arr\u00eat\u00e9 pr\u00e9fectoral portant d\u00e9l\u00e9gation de signature en mati\u00e8re d'ouverture ou\nde fermeture exceptionnelle des services d\u00e9concentr\u00e9s de la direction r\u00e9gionale des Finances publiques de la r\u00e9gion\nAuvergne-Rh\u00f4ne-Alpes et du d\u00e9partement du Rh\u00f4ne\n48\nesPREFETEDU RHONELibert\u00e9Egalit\u00e9Fraternit\u00e9\nDirection de la coordination\ndes politiques interminist\u00e9rielles\nLyon, le 20 mars 2026\nARR\u00caT\u00c9 PR\u00c9FECTORAL N\u00b0  \nportant d\u00e9l\u00e9gation de signature en mati\u00e8re d'ouverture ou de fermeture exceptionnelle\ndes services d\u00e9concentr\u00e9s de la direction r\u00e9gionale des Finances publiques\nde la r\u00e9gion Auvergne-Rh\u00f4ne-Alpes et du d\u00e9partement du Rh\u00f4ne\nLA PR\u00c9F\u00c8TE DE LA R\u00c9GION AUVERGNE-RH\u00d4NE-ALPES,\nPR\u00c9F\u00c8TE DE LA ZONE DE D\u00c9FENSE ET DE S\u00c9CURIT\u00c9 SUD-EST,\nPR\u00c9F\u00c8TE DU RH\u00d4NE\nCommandeur de la L\u00e9gion d'honneur\nCommandeur de l'ordre national du M\u00e9rite\nVu  le  d\u00e9cret  n\u00b071-69  du  26  janvier  1971  relatif  au  r\u00e9gime  d'ouverture  au  public  des  services  \next\u00e9rieurs de l'\u00c9tat ; \nVu le d\u00e9cret n\u00b0 2004-374 du 29 avril 2004 modifi\u00e9 relatif au pouvoir des pr\u00e9fets, \u00e0 l'organisation et \u00e0 \nl'action des services de l'\u00c9tat dans les r\u00e9gions et les d\u00e9partements, notamment ses articles 26 et 43 ;\nVu le d\u00e9cret n\u00b02008-310 du 3 avril 2008 relatif \u00e0 la direction g\u00e9n\u00e9rale des finances publiques ;\nVu le d\u00e9cret n\u00b02009-208 du 20 f\u00e9vrier 2009 relatif au statut particulier des administrateurs des  \nfinances publiques ;\nVu le d\u00e9cret n\u00b02009-707 du 16 juin 2009 modifi\u00e9 relatif aux services d\u00e9concentr\u00e9s de la direction  \ng\u00e9n\u00e9rale des finances publiques ;\nVu le d\u00e9cret du 11 janvier 2023 en conseil des ministres portant nomination de Mme Fabienne  \nBUCCIO en qualit\u00e9 de pr\u00e9f\u00e8te de la r\u00e9gion Auvergne-Rh\u00f4ne-Alpes, pr\u00e9f\u00e8te de la zone de d\u00e9fense et  \nde s\u00e9curit\u00e9 Sud-Est, pr\u00e9f\u00e8te du Rh\u00f4ne ;\nVu le d\u00e9cret du 15 mai 2025 portant nomination de M. Fabrice ROSAY, pr\u00e9fet, secr\u00e9taire g\u00e9n\u00e9ral de \nla pr\u00e9fecture du Rh\u00f4ne, pr\u00e9fet d\u00e9l\u00e9gu\u00e9 pour l'\u00e9galit\u00e9 des chances aupr\u00e8s de la pr\u00e9f\u00e8te de la r\u00e9gion  \nAuvergne-Rh\u00f4ne-Alpes, pr\u00e9f\u00e8te de la zone de d\u00e9fense et de s\u00e9curit\u00e9 Sud-Est, pr\u00e9f\u00e8te du Rh\u00f4ne ;\nVu l'arr\u00eat\u00e9 du BO-FIP du 19 f\u00e9vrier 2026 chargeant M. Arnaud COCHET, administrateur de l'\u00c9tat du  \ngrade transitoire, directeur d\u00e9partemental des finances publiques du Puy-de-D\u00f4me, de l'int\u00e9rim de  \nla direction r\u00e9gionale des finances publiques d'Auvergne-Rh\u00f4ne-Alpes et du d\u00e9partement du Rh\u00f4ne \nen remplacement de M. Pascal ROTHE ;\nSur proposition du pr\u00e9fet, secr\u00e9taire g\u00e9n\u00e9ral de la pr\u00e9fecture, pr\u00e9fet d\u00e9l\u00e9gu\u00e9 pour l'\u00e9galit\u00e9 des \nchances ;\n1/2\n69_Pr\u00e9f_Pr\u00e9fecture du Rh\u00f4ne - 69-2026-03-20-00009 - Arr\u00eat\u00e9 pr\u00e9fectoral portant d\u00e9l\u00e9gation de signature en mati\u00e8re d'ouverture ou\nde fermeture exceptionnelle des services d\u00e9concentr\u00e9s de la direction r\u00e9gionale des Finances publiques de la r\u00e9gion\nAuvergne-Rh\u00f4ne-Alpes et du d\u00e9partement du Rh\u00f4ne\n49\nARR\u00caTE\nArticle 1  : D\u00e9l\u00e9gation de signature est donn\u00e9e \u00e0 M. Arnaud COCHET, directeur int\u00e9rimaire de la  \ndirection r\u00e9gionale des finances publiques de la r\u00e9gion Auvergne-Rh\u00f4ne-Alpes et du d\u00e9partement  \ndu Rh\u00f4ne, \u00e0 l'effet de signer, dans la limite de ses attributions et comp\u00e9tences, les arr\u00eat\u00e9s relatifs \u00e0  \nla fermeture exceptionnelle des services de la direction r\u00e9gionale des finances publiques de la  \nr\u00e9gion Auvergne-Rh\u00f4ne-Alpes et du d\u00e9partement du Rh\u00f4ne.\nArticle  2  :  Le  pr\u00e9sent  arr\u00eat\u00e9  peut  faire  l'objet  d'un  recours  contentieux  devant  le  tribunal  \nadministratif  de  Lyon  dans  un  d\u00e9lai  de  deux  mois  \u00e0  compter  de  sa  publication.  Le  tribunal  \nadministratif peut \u00eatre saisi d'une requ\u00eate d\u00e9pos\u00e9e sur le site www.telerecours.fr. \nArticle 3 : Le pr\u00e9fet, secr\u00e9taire g\u00e9n\u00e9ral de la pr\u00e9fecture, pr\u00e9fet d\u00e9l\u00e9gu\u00e9 pour l'\u00e9galit\u00e9 des chances, et \nle directeur int\u00e9rimaire de la direction r\u00e9gionale des finances publiques de la r\u00e9gion Auvergne-\nRh\u00f4ne-Alpes  et  du  d\u00e9partement  du  Rh\u00f4ne,  sont  charg\u00e9s,  chacun  en  ce  qui  le  concerne,  de  \nl'ex\u00e9cution du pr\u00e9sent arr\u00eat\u00e9, qui sera publi\u00e9 au recueil des actes administratifs.\n2/2\nLa pr\u00e9f\u00e8te,\nSign\u00e9\nFabienne BUCCIO\n69_Pr\u00e9f_Pr\u00e9fecture du Rh\u00f4ne - 69-2026-03-20-00009 - Arr\u00eat\u00e9 pr\u00e9fectoral portant d\u00e9l\u00e9gation de signature en mati\u00e8re d'ouverture ou\nde fermeture exceptionnelle des services d\u00e9concentr\u00e9s de la direction r\u00e9gionale des Finances publiques de la r\u00e9gion\nAuvergne-Rh\u00f4ne-Alpes et du d\u00e9partement du Rh\u00f4ne\n50\n69_Pr\u00e9f_Pr\u00e9fecture du Rh\u00f4ne\n69-2026-03-19-00001\nAP du 19032026  - Cam\u00e9ras pi\u00e9ton -\nSAINT-LAURENT-DE-CHAMOUSSET\n69_Pr\u00e9f_Pr\u00e9fecture du Rh\u00f4ne - 69-2026-03-19-00001 - AP du 19032026  - Cam\u00e9ras pi\u00e9ton - SAINT-LAURENT-DE-CHAMOUSSET 51\nesPREFETEDU RHONELibert\u00e9Egalit\u00e9Fraternit\u00e9\nPr\u00e9fecture\nDirection de la s\u00e9curit\u00e9 et de la protection civile\nBureau des polices administratives\nARR\u00caT\u00c9 n\u00b0___________________________ du 19 mars 2026\nAUTORISANT L'ENREGISTREMENT AUDIOVISUEL \nDES INTERVENTIONS DES AGENTS DE POLICE MUNICIPALE \nla pr\u00e9f\u00e8te du Rh\u00f4ne \nCommandeur de la L\u00e9gion d'honneur \nCommandeur de l'ordre national du M\u00e9rite\nVU le code de s\u00e9curit\u00e9 int\u00e9rieure, notamment ses articles L. 241-1 et suivants ;\nVU la loi n\u00b078-17 du 6 janvier 1978 modifi\u00e9e relative \u00e0 l'informatique, aux fichiers et aux libert\u00e9s, notamment ses  \narticles 26 et 41 ;\nVU l'article 14 de la loi responsabilit\u00e9 p\u00e9nale et s\u00e9curit\u00e9 int\u00e9rieure du 24 janvier 2022 \nVU le d \u00e9cret n\u00b0 2019-140 du 27 f\u00e9vrier 2019 portant application de l'article L. 241-2 du code de la s\u00e9curit\u00e9  \nint\u00e9rieure et relatif \u00e0 la mise en \u0153uvre de traitements de donn\u00e9es \u00e0 caract\u00e8re personnel provenant des cam\u00e9ras  \nindividuelles des agents de la police municipale  ;\nVU le d\u00e9cret 2022-1395 du 2 novembre 2022 modifiant les dispositions du code de la s\u00e9curit\u00e9 int\u00e9rieure relatives  \naux  traitements  de  donn\u00e9es  \u00e0  caract\u00e8re  personnel  provenant  des  cam\u00e9ras  individuelles  des  agents  de  police  \nmunicipale ;\nVU le d\u00e9cret en Conseil des Ministres du 11 janvier 2023 portant nomination de Madame Fabienne BUCCIO,  \npr\u00e9f\u00e8te de la r\u00e9gion Auvergne-Rh\u00f4ne-Alpes, pr\u00e9f\u00e8te de la zone de d\u00e9fense et de s\u00e9curit\u00e9 Sud-Est, pr\u00e9f\u00e8te du Rh\u00f4ne  \n(hors  classe)  ;\nVU le d\u00e9cret du 6 novembre 2024 portant nomination de Monsieur Antoine GUERIN, pr\u00e9fet d\u00e9l\u00e9gu\u00e9 pour la  \nd\u00e9fense et la s\u00e9curit\u00e9 aupr\u00e8s de la pr\u00e9f\u00e8te de la r\u00e9gion Auvergne-Rh\u00f4ne-Alpes, pr\u00e9f\u00e8te de la zone de d\u00e9fense et de  \ns\u00e9curit\u00e9  Sud-Est,  pr\u00e9f\u00e8te  du  Rh\u00f4ne  ;\nVU l'arr\u00eat\u00e9 pr\u00e9fectoral n\u00b0 69-2026-03-09-00006 du 9 mars 2026 portant d\u00e9l\u00e9gation de signature \u00e0 M Antoine  \nGUERIN, pr\u00e9fet d\u00e9l\u00e9gu\u00e9 pour la d\u00e9fense et la s\u00e9curit\u00e9 aupr\u00e8s de  pr\u00e9f\u00e8te de la r\u00e9gion Auvergne-Rh\u00f4ne-Alpes,  \npr\u00e9f\u00e8te de la zone de d\u00e9fense et de s\u00e9curit\u00e9 Sud-Est, pr\u00e9f\u00e8te du Rh\u00f4ne ;\nVU la  demande  adress\u00e9e  par  le  Maire  de  la  commune  de SAINT-LAURENT-DE-CHAMOUSSET en  vue \nd'obtenir  l'autorisation  de  proc\u00e9der  \u00e0  l'enregistrement  audiovisuel  des  interventions  des  agents  de  police  \nmunicipale de sa commune ;\nVU  la convention de coordination de la police municipale  de SAINT-LAURENT-DE-CHAMOUSSET  et des  \nforces de s\u00e9curit\u00e9 de l'\u00c9tat du Rh\u00f4ne, valable trois ans \u00e0 compter   du 12 janvier 2026   ;\n                                                   Pr\u00e9fecture du Rh\u00f4ne \u2013 69419 Lyon cedex 03  - 04 72 61 61 61 - www.rhone.gouv.fr 1/2\n69_Pr\u00e9f_Pr\u00e9fecture du Rh\u00f4ne - 69-2026-03-19-00001 - AP du 19032026  - Cam\u00e9ras pi\u00e9ton - SAINT-LAURENT-DE-CHAMOUSSET 52\nConsid\u00e9rant que la demande transmise par le Maire de la commune de SAINT-LAURENT-DE-CHAMOUSSET est \ncompl\u00e8te et conforme aux exigences du d\u00e9cret du 27 f\u00e9vrier 2019 susvis\u00e9 ;\nSUR proposition de Monsieur le Directeur de la s\u00e9curit\u00e9 et de la protection civile,\nARR\u00caTE\nArticle 1er  : l'enregistrement audiovisuel des interventions des agents de police municipale de la commune  de \nSAINT-LAURENT-DE-CHAMOUSSET est autoris\u00e9 au moyen d'une cam\u00e9ra individuelle.\nLe support informatique s\u00e9curis\u00e9 sur lequel sont transf\u00e9r\u00e9es les donn\u00e9es enregistr\u00e9es par les cam\u00e9ras individuelles est  \ninstall\u00e9 dans la commune de SAINT-LAURENT-DE-CHAMOUSSET.\nArticle 2 : le public doit \u00eatre inform\u00e9 de l'\u00e9quipement des agents de police municipale de la commune de SAINT-\nLAURENT-DE-CHAMOUSSET en cam\u00e9ras individuelles et des modalit\u00e9s d'acc\u00e8s aux images.\nArticle 3 : Les enregistrements sont conserv\u00e9s pendant une dur\u00e9e d'un mois. \u00c0 l'issue de ce d\u00e9lai, ils sont d\u00e9truits.\nArticle 4  :  L'enregistrement audiovisuel des interventions des agents de police municipale autoris\u00e9 par le pr\u00e9sent  \narr\u00eat\u00e9 ne peut \u00eatre mis en \u0153uvre qu'apr\u00e8s r\u00e9ception du r\u00e9c\u00e9piss\u00e9 de la Commission nationale informatique et libert\u00e9s.\nArticle 5 : La pr\u00e9sente autorisation est publi\u00e9e au recueil des actes administratifs. Elle peut faire l'objet d'un recours  \ndevant le tribunal administratif de Lyon dans un d\u00e9lai de deux mois \u00e0 compter de sa publication, notamment via le site \nwww.telerecours.fr .\nArticle 6 : Toute modification portant sur le nombre de cam\u00e9ras individuelles ou sur la commune d'installation du  \nsupport informatique s\u00e9curis\u00e9 doit faire l'objet d'une demande d'autorisation aupr\u00e8s des services de la pr\u00e9fecture du  \nRh\u00f4ne. \nArticle 7     : Le Directeur de la s\u00e9curit\u00e9 et de la protection civile et le Maire de la commune de SAINT-LAURENT-DE-\nCHAMOUSSET sont charg\u00e9s, chacun en ce qui le concerne, de l'ex\u00e9cution du pr\u00e9sent arr\u00eat\u00e9.\npour la Pr\u00e9f\u00e8te et par d\u00e9l\u00e9gation,\nle Directeur de la S\u00e9curit\u00e9 et de la Protection Civile\n        Ernest MOUTOUSSAMY\n  Si vous entendez contester le pr\u00e9sent arr\u00eat\u00e9, vous pouvez utiliser les voies de recours suivantes :\n- un recours gracieux motiv\u00e9 peut \u00eatre adress\u00e9 aupr\u00e8s de mes services dans un d\u00e9lai de deux mois \u00e0 compter de la notification du pr\u00e9sent arr\u00eat\u00e9,\n- un recours hi\u00e9rarchique peut \u00eatre introduit aupr\u00e8s de M. le Ministre de l'Int\u00e9rieur, Direction des libert\u00e9s publiques et Affaires juridiques, Bureau des polices Administratives,\nEn l'absence de r\u00e9ponse dans un d\u00e9lai de deux mois \u00e0 compter de la r\u00e9ception de votre recours, celui-ci doit \u00eatre consid\u00e9r\u00e9 comme implicitement rejet\u00e9.\n- un recours contentieux : aupr\u00e8s du Tribunal Administratif de Lyon dans un d\u00e9lai de deux mois \u00e0 compter de la notification du pr\u00e9sent arr\u00eat\u00e9 ou \u00e0 partir de la d\u00e9cision\nImplicite ou explicite de rejet du recours gracieux ou hi\u00e9rarchique. Le tribunal administratif peut \u00eatre saisi d'une requ\u00eate d\u00e9pos\u00e9e sur le site www.telerecours.fr                                 2/2\n69_Pr\u00e9f_Pr\u00e9fecture du Rh\u00f4ne - 69-2026-03-19-00001 - AP du 19032026  - Cam\u00e9ras pi\u00e9ton - SAINT-LAURENT-DE-CHAMOUSSET 53\n69_Pr\u00e9f_Pr\u00e9fecture du Rh\u00f4ne\n69-2026-03-20-00003\narr\u00eat\u00e9 pr\u00e9fectoral modifiant le p\u00e9rim\u00e8tre des\nbureaux de vote de la commune de Saint\nLaurent de Mure situ\u00e9e dans le canton de Genas\net dans la 13\u00e8me circonscription l\u00e9gislative du\nRh\u00f4ne, \u00e0 compter du 20 mars 2026 et jusqu'au\n31 d\u00e9cembre 2026 et annexe\n69_Pr\u00e9f_Pr\u00e9fecture du Rh\u00f4ne - 69-2026-03-20-00003 - arr\u00eat\u00e9 pr\u00e9fectoral modifiant le p\u00e9rim\u00e8tre des bureaux de vote de la commune\nde Saint Laurent de Mure situ\u00e9e dans le canton de Genas et dans la 13\u00e8me circonscription l\u00e9gislative du Rh\u00f4ne, \u00e0 compter du 20 mars\n2026 et jusqu'au 31 d\u00e9cembre 2026 et annexe\n54\nPREFETEDU RHONELibert\u00e9Egalit\u00e9Fraternit\u00e9\nDirection des Affaires Juridiqueset de l'Administration LocaleBureau des r\u00e9glementations,des \u00e9lections et des associations\nARR\u00caT\u00c9 n\u00b0 69-2026-03-20modifiant le p\u00e9rim\u00e8tre des bureaux de vote de la commune de Saint Laurent de Muresitu\u00e9e dans le canton de Genaset dans la 13\u00b0\" circonscription l\u00e9gislative du Rh\u00f4ne,\u00e0 compter du 20 mars 2026 et jusqu'au 31 d\u00e9cembre 2026La Pr\u00e9f\u00e8te de la r\u00e9gion Auvergne-Rh\u00f4ne-AlpesPr\u00e9f\u00e8te du Rh\u00f4neCommandeur de la L\u00e9gion d'honneurCommandeur de l'ordre national du M\u00e9riteVu le Code \u00e9lectoral et notamment les articles L.12, L.12-1, L.13, L.14, L.15, L.79, R.40 et R.40-1;Vu la loi organique n\u00b0 2016-1046 du 1\u00b0 ao\u00fbt 2016 r\u00e9novant les modalit\u00e9s d'inscription sur les listes\u00e9lectorales des ressortissants d'un Etat membre de l'Union europ\u00e9enne autre que la France pour les\u00e9lections municipales;Vu la loi n\u00b0 2016-1048 du 1\u00b0' ao\u00fbt 2016 r\u00e9novant les modalit\u00e9s d'inscription sur les listes \u00e9lectorales ;Vu la loi n\u00b0 2019-1461 du 27 d\u00e9cembre 2019 relative \u00e0 l'engagement dans la vie locale, \u00e0 la proximit\u00e9 del'action publique et au vote par correspondance des personnes d\u00e9tenues ;Vu le d\u00e9cret n\u00b0 2018-350 du 14 mai 2018 portant application de la loi organique n\u00b0 2016-1046 du 1\u00b0 ao\u00fbt2016 et de la loi n\u00b0 2016-1048 du 1\u00b0 ao\u00fbt 2016 ;Vu le d\u00e9cret n\u00b0 2020-1460 du 27 novembre 2020 portant application de l'article 112 de la loi n\u00b0 2019-1461du 27 d\u00e9cembre 2019 relative \u00e0 l'engagement dans la vie locale et \u00e0 la proximit\u00e9 de l'action publique etrelatif \u00e0 l'inscription sur les listes \u00e9lectorales et au vote par correspondance des personnes d\u00e9tenues ;Vu la circulaire minist\u00e9rielle INTA1830120] du 21 novembre 2018 relative \u00e0 la tenue des listes \u00e9lectoraleset des listes \u00e9lectorales compl\u00e9mentaires ;VU l'arr\u00eat\u00e9 pr\u00e9fectoral n\u00b069-2025-06-16-00003 du 16 juin 2025 portant d\u00e9l\u00e9gation de signature \u00e0M. Fabrice ROSAY, pr\u00e9fet, secr\u00e9taire g\u00e9n\u00e9ral de la pr\u00e9fecture du Rh\u00f4ne, pr\u00e9fet d\u00e9l\u00e9gu\u00e9 pour l'\u00e9galit\u00e9 deschances aupr\u00e8s de la pr\u00e9f\u00e8te de la r\u00e9gion Auvergne-Rh\u00f4ne-Alpes, pr\u00e9f\u00e8te de la zone de d\u00e9fense et des\u00e9curit\u00e9 Sud-Est, pr\u00e9f\u00e8te du Rh\u00f4ne ;\nPr\u00e9fecture du Rh\u00f4ne18 Rue de Bonnel69 419 LYON CEDEX 03T\u00e9l : 04 72 61 6161www.rhone.gouv.fr 1/2\n69_Pr\u00e9f_Pr\u00e9fecture du Rh\u00f4ne - 69-2026-03-20-00003 - arr\u00eat\u00e9 pr\u00e9fectoral modifiant le p\u00e9rim\u00e8tre des bureaux de vote de la commune\nde Saint Laurent de Mure situ\u00e9e dans le canton de Genas et dans la 13\u00e8me circonscription l\u00e9gislative du Rh\u00f4ne, \u00e0 compter du 20 mars\n2026 et jusqu'au 31 d\u00e9cembre 2026 et annexe\n55\nCONSIDERANT la demande du maire de Saint-Laurent-de-Mure en date du 19 mars 2026 ;Sur proposition du Pr\u00e9fet, Secr\u00e9taire g\u00e9n\u00e9ral, Pr\u00e9fet d\u00e9l\u00e9gu\u00e9 pour l'\u00e9galit\u00e9 des chances ;ARRETE:Article 1\": Par d\u00e9rogation \u00e0 l'arr\u00eat\u00e9 pr\u00e9fectoral instituant les bureaux de vote, fixant leurs p\u00e9rim\u00e8tresg\u00e9ographiques et r\u00e9partissant les \u00e9lecteurs du d\u00e9partement du Rh\u00f4ne pour l'ann\u00e9e 2026, \u00e0 compter du20 mars 2026 et jusqu'au 31 d\u00e9cembre 2026, les bureaux de vote de la commune de Saint-Laurent-de-Mure, situ\u00e9e dans le canton de Genas et dans la 13\u00b0\" circonscription l\u00e9gislative du Rh\u00f4ne, sont pr\u00e9cis\u00e9sdans le tableau annex\u00e9 au pr\u00e9sent arr\u00eat\u00e9.Article2: Le pr\u00e9sent arr\u00eat\u00e9 peut faire l'objet d'un recours devant le Tribunal administratif de Lyon -184 rue Duguesclin - 69433 Lyon cedex 03 ou sur le site www.telerecours.fr, dans un d\u00e9lai de deux mois \u00e0compter de sa publication au recueil des actes administratifs de la pr\u00e9fecture du Rh\u00f4ne.Article 3 : Le Pr\u00e9fet, Secr\u00e9taire g\u00e9n\u00e9ral, Pr\u00e9fet d\u00e9l\u00e9gu\u00e9 pour l'\u00e9galit\u00e9 des chances et le maire deFrancheville sont charg\u00e9s, chacun en ce qui le concerne, de l'ex\u00e9cution du pr\u00e9sent arr\u00eat\u00e9 qui sera affich\u00e9dans la mairie de Saint-Laurent-de-Mure et publi\u00e9 au recueil des actes administratifs de la pr\u00e9fecture duRh\u00f4ne.\nLyon, le 20 mars 2026La Pr\u00e9f\u00e8te,Pour la Pr\u00e9f\u00e8te,Le Pr\u00e9fet, Secr\u00e9taire G\u00e9n\u00e9ralPr\u00e9fet d\u00e9l\u00e9gu\u00e9 \u00e0 l'\u00e9galit\u00e9 des chancessign\u00e9Fabrice ROSAY\n2/2\n69_Pr\u00e9f_Pr\u00e9fecture du Rh\u00f4ne - 69-2026-03-20-00003 - arr\u00eat\u00e9 pr\u00e9fectoral modifiant le p\u00e9rim\u00e8tre des bureaux de vote de la commune\nde Saint Laurent de Mure situ\u00e9e dans le canton de Genas et dans la 13\u00e8me circonscription l\u00e9gislative du Rh\u00f4ne, \u00e0 compter du 20 mars\n2026 et jusqu'au 31 d\u00e9cembre 2026 et annexe\n56\nCommuneNbTotalBV\nN\u00b0\nBV Lieu BV Adresse BV Bureaucentralisateurcommune P\u00e9rim\u00e8tre \u2014 nom de rue\nSaint-Laurent-de-Mure0050001Salle polyvalente \u00ab LaConcorde \u00bb Place du 26 Ao\u00fbt 1944 All\u00e9e des C\u00e9dres - All\u00e9e du Pr\u00e9 fleuri - Avenue de la Mairie - Avenue des Catelines - Avenue Jean Moulin (Pair etimpair : n\u00b051 au n\u00b0169) - Chemin de la Vareille (Impaire : n\u00b01 au n\u00b03) - Impasse de la Petite C\u00f4te - Place de l'AncienLavoir - Place du 26 Aout 1944 - Route d'Heyrieux (Pair et impaire : n\u00b02 au n\u00b09) - Rue de la C\u00f4te - Rue de la CroixBlanche - Rue des Combattants d'AFN - Rue du 8 mai 1945 (Pair et impair : n\u00b02 au n\u00b012} - Rue du Centre Bourg - Ruedu Docteur Didier Sondaz - Rue Jean Baptiste Poncet - Rue Mar\u00e9chal Leclerc- Rue Simone Veil - Venelle du March\u00e9.\nSaint-Laurent-de-Mure0002Salle polyvalente \u00ab LaConcorde \u00bb Place du 26 Ao\u00fbt 1944\nAll\u00e9e de Meg\u00e8ve - All\u00e9e des Gets - Avenue des Houches -All\u00e9e des Vergers- All\u00e9e du Velun- All\u00e9e des Vignes - All\u00e9edes Sapins - All\u00e9es des Serres - All\u00e9e des Rosiers - All\u00e9e du Vieux Moulin - Avenue Jean Mermoz - Coll\u00e8ge LouisLachenal - Impasse des P\u00e2querettes - Impasse des Pruneliers- Impasse du Vieux Ch\u00e2teau - Route de Toussieu (Impair)- Rue Andr\u00e9 Malraux - Rue Cl\u00e9ment Ader - Rue de Chamonix - Rue de Courchevel - Rue de la Fraternit\u00e9 - Rue de laPlagne - Rue de la Toussuire - Rue de l'Aquilon - Rue de l'Egalit\u00e9 - Rue des Cyclamens - Rue des Hortensias - Rue desPinsons - Rue des R\u00e9s\u00e9das - Rue du 8 Mai 1945 (Pair : n\u00b014 bis au n\u00b034) - Rue du Billon - Rue du Ch\u00e2teau d'Eau ( Pair:n\u00b02 au n\u00b036) - Rue du Mollard - Rue du Platre - Rue Lat\u00e9co\u00e9re - Rue Louis Bl\u00e9riot - Rue Louis Pasteur - Rue MarcelBaconnier - Rue Maryse Basti\u00e9 - Rue Victor Broizat (Pair et impair : n\u00b01 au n\u00b063) - Square de la Clusaz - Square deMorzine - Square du Corbier - Impasse Lucie Aubrac.\nSaint-Laurent-de-Mure0003Salle polyvalente \u00ab LaConcorde \u00bb Place du 26 Ao\u00fbt 1944 All\u00e9e des Vignes, All\u00e9e du Velin, Allee du Vieux Moulin, All\u00e9e Joanns M\u00e9gret, all\u00e9e Marc Challancin, avenue ClairMatin, avenue des Alpes, impasse des Acacias, impasse des Lilas, impasse des Maraichers, Promenade de l'Esterel,route d'Heyrieux (n\u00b013 au 81), rue de Cannes, rue de la Fraternit\u00e9, rue de la Grande Terre, rue de L'\u00c9glise, rue de Nice,rue de Toulon, rue des Bleuets, rue des Docteurs Vacher, rue des Muguets, rue des Oiseaux, rue du 8 Mai 1945 (impairdu n\u00b013 au n\u00b019), rue du Ch\u00e2teau d'Eau (impair du n\u00b07 au n\u00b029), rue du Lavandou, Rue du Rampaud, rue Georges Pilet,rue Grand de Vents, rue Victor Broizat (n\u00b086 au n\u00b0120), square d'Antibes, square de Bandol, square de St Tropez.\nSaint-Laurent-de-Mure0004Salle polyvalente \u00ab LaConcorde \u00bb Place du 26 Ao\u00fbt 1944\nAll\u00e9e des Coquelicots, all\u00e9e des Myosotis, avenue d'Amsterdam, avenue des Alpes (n\u00b016 au n\u00b027), avenue desFoug\u00e8res, Avenue du Mont Blanc, avenue Mar\u00e9chal Juin, Boulevard de l'Europe, chemin de la Pierre Fosse, Ferme deMontchat, impasse de la Chapelle, impasse des Ch\u00eanes, impasse des Fontaines, impasse des Pervenches, impasse desPommiers, Impasse des Sources, impasse des Tulipes, impasse du Prieur\u00e9, mont\u00e9e de Chante Alouette, mont\u00e9e desCrozes, route de Grenay, route de Satolas, rue Alphonse Coche, rue Bel Air, rue Centrale, rue de la Boucle, rue de laCaborne, rue de la Chapelle, rue de la Mitanaise, rue des Iris, rue des Magnanarelles, rue des Marronniers, rue desMimosas, rue des Narcisses, rue des Noyers, rue des Violettes, rue du Bol d'Air, rue du Grand Clos, rue du Panorama,rue Ferdinand Gauthier, rue Grand de Vents (n\u00b029 au n\u00b054), rue Hector Berlioz, rue J. F. Crassard, rue Jean S\u00e9bastienBach, rue l'Allon, Rue Maurice Ravel, square de Polissieu - Impasse Jos\u00e9phine Backer.\nSaint-Laurent-de-Mure0005Salle polyvalente \u00ab LaConcorde \u00bb Place du 26 Ao\u00fbt 1944 Allee du Pis\u00e9- Avenue Jean Moulin (Pair et impair : n\u00b01 au n\u00b049) - Chemin de la Vareille (n\u00b038) - Impasse Galil\u00e9e -Impasse Joanny Guicherd - Impasse Ren\u00e9 Gaillard - Rue des Bruy\u00e8res - Rue des Contamines - Rue des Etoiles - Rue desJonquilles - Rue des Lumi\u00e8res - Rue du Puits - Rue Georges Polossat - Rue Isaac Newton - Rue Kathia KRAFT - RueNicolas Copernic - Rue du Bonheur.\nP\u00e9rim\u00e8tre des bureaux de vote de Saint-Laurent-de-Mure\nPage 1\n69_Pr\u00e9f_Pr\u00e9fecture du Rh\u00f4ne - 69-2026-03-20-00003 - arr\u00eat\u00e9 pr\u00e9fectoral modifiant le p\u00e9rim\u00e8tre des bureaux de vote de la commune\nde Saint Laurent de Mure situ\u00e9e dans le canton de Genas et dans la 13\u00e8me circonscription l\u00e9gislative du Rh\u00f4ne, \u00e0 compter du 20 mars\n2026 et jusqu'au 31 d\u00e9cembre 2026 et annexe\n57","date":"2026-03-23","first_seen_on":"2026-03-23T15:31:29+00:00","id":"d6df2fb59a43bbe9ce0fba151e771f9e6436e7cfde726e2c01d1e4d55399308c","name":"RAA_69-2026-086-230326","pdf_creation_date":"2026-03-23T15:26:12+00:00","pdf_modification_date":"2026-03-23T15:26:37+00:00","timezone":"Europe/Paris","url":"https://www.rhone.gouv.fr/contenu/telechargement/67916/457053/file/RAA_69-2026-086-230326.pdf"}
