{"administration":"pref80","administration_name":"Pr\u00e9fecture de la Somme","content":"PR\u00c9FECTURE\nDE LA SOMME\nRECUEIL DES ACTES\nADMINISTRATIFS SP\u00c9CIAL\n(NOMINATIFS)\nN\u00b02024-050\nPUBLI\u00c9 LE 16 F\u00c9VRIER 2024\nSommaire\nDirection d\u00e9partementale de l\u25a1emploi, du travail et des solidarit\u00e9s de la\nSomme (DDETS Somme) /\n80-2024-02-06-00005 - R\u00e9c\u00e9piss\u00e9 de d\u00e9claration STOWIK (2 pages) Page 3\n80-2024-02-06-00006 - R\u00e9c\u00e9piss\u00e9 d\u00e9claration modificative HUMEZ (2 pages) Page 6\n80-2024-02-12-00001 - r\u00e9c\u00e9piss\u00e9 modificatif HAYES (2 pages) Page 9\nPr\u00e9fecture de la Somme - Direction de la Citoyennet\u00e9 et de la L\u00e9galit\u00e9 /\nDirection de la Citoyennet\u00e9 et de la L\u00e9galit\u00e9\n80-2024-02-13-00001 - Arr\u00eat\u00e9 autorisant l'Union D\u00e9partementale des\nCentres de Vacances (U.D.C.V) ayant son si\u00e8ge \u00e0 Boves (80440), Fort Manoir\n22, rue de l'Ile Myst\u00e9rieuse, association reconnue d'utilit\u00e9 publique, \u00e0\nhypoth\u00e9quer son patrimoine immobilier au profit de la Fondation\nSaint-Firmin et garantie d\"'un pr\u00eat (2 pages) Page 12\n80-2024-02-15-00001 - Arr\u00eat\u00e9 portant convocation des \u00e9lecteurs\nd'Authieule \u00e0 une \u00e9lection municipale partielle compl\u00e9mentaire les 7 et 14\navril 2024 et fixant les dates de d\u00e9p\u00f4t des d\u00e9clarations de candidature pour\nl'\u00e9lection de deux conseillers municipaux.\n (2 pages) Page 15\n80-2024-02-15-00005 - Arr\u00eat\u00e9 portant modification  de l'habilitation\nfun\u00e9raire n\u00b020-80-104 (modification de la forme juridique de la soci\u00e9t\u00e9 OGF\net modification d'une prestation fun\u00e9raire) de l'agence \"POMPES FUN\u00c8BRES\nET MARBRERIE WARLUZELLE\" sise 94-96, rue de la 3\u00e8me D.I \u00e0 AMIENS. (2\npages) Page 18\n80-2024-02-15-00003 - Arr\u00eat\u00e9 portant modification de l'habilitation\nfun\u00e9raire n\u00b020-80-324 (modification de la forme juridique de la soci\u00e9t\u00e9\nOGF) de l'agence \"PFG - SERVICES FUN\u00c9RAIRES\" sise 2, rue Bernard Risbourg\n\u00e0 PONT-DE-METZ (2 pages) Page 21\n80-2024-02-15-00002 - Arr\u00eat\u00e9 portant modification de l'habilitation\nfun\u00e9raire n\u00b020-80-38 (modification de la forme juridique de la soci\u00e9t\u00e9 OGF,\nmodification des v\u00e9hicules et ajout d'une prestation fun\u00e9raire) de l'agence\n\"PFG-POMPES FUN\u00c8BRES G\u00c9N\u00c9RALE\" sise 17, avenue de l'Europe \u00e0\nP\u00c9RONNE (2 pages) Page 24\n80-2024-02-15-00004 - Arr\u00eat\u00e9 portant modification de l'habilitation\nfun\u00e9raire n\u00b021-80-321 (modification de la forme juridique de la soci\u00e9t\u00e9 OGF)\nde l'agence \"PFG - SERVICES FUN\u00c9RAIRES\" sise 5, chauss\u00e9e du Bois \u00e0\nABBEVILLE. (2 pages) Page 27\n2\nDirection d\u00e9partementale de l\u25a1emploi, du travail\net des solidarit\u00e9s de la Somme (DDETS Somme)\n80-2024-02-06-00005\nR\u00e9c\u00e9piss\u00e9 de d\u00e9claration STOWIK\nDirection d\u00e9partementale de l\u25a1emploi, du travail et des solidarit\u00e9s de la Somme (DDETS Somme) - 80-2024-02-06-00005 - R\u00e9c\u00e9piss\u00e9\nde d\u00e9claration STOWIK 3\nPREFET  : L \u00a9 ; _\nDE LA SOMME  Direction  d\u00e9partementale  de l'emploi,\nen du travail  et des  solidarit\u00e9s  de la Somme\nFraternit\u00e9\nR\u00e9c\u00e9piss\u00e9  de d\u00e9claration\nd'un  organisme  de services  \u00e0 la personne\nenregistr\u00e9  sous  le N\u00b0 SAP952472926\nVu le code  du travail  et notamment  les articles  L.7231-1  \u00e0 L.7233-2,  R.7232-16  \u00e0 R.7232-22,  D.7231-1  et\nD.7233-1  \u00e0 D.7233-5  ;\nLe pr\u00e9fet  de la Somme\nConstate  :\nQu'une  d\u00e9claration  d'activit\u00e9s  de services  \u00e0 la personne  a \u00e9t\u00e9 d\u00e9pos\u00e9e  aupr\u00e8s  du service  instructeur\nde la Somme,  le 31/01/2024  par  monsieur  Jonathan  STOWIK,  en qualit\u00e9  de dirigeant(e),  pour\nl'organisme  dont  l'\u00e9tablissement  principal  est situ\u00e9  61 rue Maurice  Quillet  - 80 170 ROSI\u00c8RES-EN-\nSANTERRE  et enregistr\u00e9  sous  le N\u00b0 SAP952472926  pour  les activit\u00e9s  suivantes  :\n< Petits  travaux  de jardinage  (mode  d'intervention  Prestataire)\nToute  modification  concernant  les activit\u00e9s  exerc\u00e9es  devra  faire  l'objet  d'une  d\u00e9claration\nmodificative  pr\u00e9alable.\nSous  r\u00e9serve  d'\u00eatre  exerc\u00e9es  \u00e0 titre  exclusif  (ou sous  r\u00e9serve  d'une  comptabilit\u00e9  s\u00e9par\u00e9e  pour  les\npersonnes  morales  dispens\u00e9es  de cette  condition),  ces activit\u00e9s  ouvrent  droit  au b\u00e9n\u00e9fice  des\ndispositions  des articles  L. 7233-2  du code  du travail  et L.241-10  du code  de la s\u00e9curit\u00e9  sociale  dans\nles conditions  pr\u00e9vues  par ces articles.\nLes effets  de la d\u00e9claration  courent  \u00e0 compter  du jour  du d\u00e9p\u00f4t  de la d\u00e9claration  sous  r\u00e9serve  des\ndispositions  de l'article  R.7232-18  du code  du travail.  Le pr\u00e9sent  r\u00e9c\u00e9piss\u00e9  n'est  pas limit\u00e9  dans  le\ntemps.  La d\u00e9claration  a une  port\u00e9e  nationale.\nLe cas \u00e9ch\u00e9ant  :\nEn application  des articles  L.7232-1  et R.7232-1  \u00e0 R.7232-15,  les activit\u00e9s  n\u00e9cessitant  un agr\u00e9ment\n(article  D.7231-1  du code  du travail)  n'ouvrent  droit  \u00e0 ces dispositions  que  si l'organisme  a\npr\u00e9alablement  obtenu  I'agr\u00e9ment  ou le renouvellement  de cet agr\u00e9ment  dans  le ou les d\u00e9partement(s)\nd'exercice  de ses activit\u00e9s.\nDe m\u00eame,  en application  de l'article  D.312-6-2  du code  de l'action  sociale  et des familles,  les activit\u00e9s\nn\u00e9cessitant  une autorisation  n'ouvrent  droit  \u00e0 ces dispositions  que  si l'organisme  a pr\u00e9alablement\nobtenu  l'autorisation  ou le renouvellement  de cette  autorisation.\n' L'\u00e9nregistrement  de la d\u00e9claration  peut  \u00e9tre retir\u00e9  dans  les conditions  fix\u00e9es  aux articles  R.7232-20  a\nR.7232-22  du code  du travail.\nLe pr\u00e9sent  r\u00e9c\u00e9piss\u00e9  sera  publi\u00e9  au recueil  des actes  administratifs  de la pr\u00e9fecture.\nLe pr\u00e9sent  r\u00e9c\u00e9piss\u00e9  peut,  \u00e0 compter  de sa notification,  faire  l'objet  d'un  recours  gracieux  aupr\u00e8s\nservice  instructeur  de la Somme  ou d'un  recours  hi\u00e9rarchique  adress\u00e9  au ministre  charg\u00e9  de\nl'\u00e9conomie  - Direction  g\u00e9n\u00e9rale  des entreprises  \u2014 sous-direction  des services  marchands,  61\nBoulevard  Vincent  Auriol,  75 703  PARIS  CEDEX  13.\nIl peut  \u00e9galement  faire  l'objet  d'un  recours  contentieux  dans  un d\u00e9lai  de deux  mois  \u00e0 compter  de sa\nnotification  aupr\u00e8s  du tribunal  administratif  .\nDirection  d\u00e9partementale  de l'emploi,  du travail  et des solidarit\u00e9s  de la Somme  (DDETS  80)\n40 rue de la Vall\u00e9e  \u2014 BP 71 710 - 80 017 AMIENS  - standard  03 64 26 88 00\nddets-sap@somme.gouv.fr\nDirection d\u00e9partementale de l\u25a1emploi, du travail et des solidarit\u00e9s de la Somme (DDETS Somme) - 80-2024-02-06-00005 - R\u00e9c\u00e9piss\u00e9\nde d\u00e9claration STOWIK 4\nLe tribunal  administratif  peut  aussi  \u00eatre  saisi  par  l'application  informatique  \u00ab T\u00e9l\u00e9recours  citoyen  \u00bb\naccessible  sur le site  internet  http://www.telerecours.fr/  :\nEn cas  de rejet  du recours  gracieux  ou hi\u00e9rarchique  ou en l'absence  de r\u00e9ponse  \u00e0 ce recours  (rejet\nimplicite),  un recours  contentieux  devant  le tribunal  administratif  peut  \u00e9galement  \u00eatre  form\u00e9  contre\nla d\u00e9cision  initiale  dans  un d\u00e9lai  de deux  mois  \u00e0 compter  de ce rejet.\nFait  a Amiens,  le 06/02/2024\nPour  le pr\u00e9fet  et par  d\u00e9l\u00e9gation,\nla directrice  d\u00e9partementale\nde le DDETS  de la Somme\n_\n-\n.\nL\u00e6titia  CRETON\nDirection d\u00e9partementale de l\u25a1emploi, du travail et des solidarit\u00e9s de la Somme (DDETS Somme) - 80-2024-02-06-00005 - R\u00e9c\u00e9piss\u00e9\nde d\u00e9claration STOWIK 5\nDirection d\u00e9partementale de l\u25a1emploi, du travail\net des solidarit\u00e9s de la Somme (DDETS Somme)\n80-2024-02-06-00006\nR\u00e9c\u00e9piss\u00e9 d\u00e9claration modificative HUMEZ\nDirection d\u00e9partementale de l\u25a1emploi, du travail et des solidarit\u00e9s de la Somme (DDETS Somme) - 80-2024-02-06-00006 - R\u00e9c\u00e9piss\u00e9\nd\u00e9claration modificative HUMEZ 6\nPREFET  L  ; | _\nDE LA SOMME  Direction  d\u00e9partementale  de l'emploi,\noot du travail  et des  solidarit\u00e9s  de la Somme\nFratcrnit\u00e9\nR\u00e9c\u00e9piss\u00e9  de d\u00e9claration  modificative\nd'un  organisme  de services  a la personne\nenregistr\u00e9  sous  le N\u00b0 SAP894871250\nVu le code  du travail  et notamment  les articles  L.7231-1  \u00e0 L.7233-2,  R.7232-16  \u00e0 R.7232-22,  D.7231-1  et\nD.7233-1a  D.7233-5  ; '\nLe pr\u00e9fet  de la Somme\nConstate  :\nQu'une  d\u00e9claration  modificative  d'activit\u00e9s  de services  \u00e0 la personne  a \u00e9t\u00e9 d\u00e9pos\u00e9e  aupr\u00e8s  du service\ninstructeur  de la Somme,  le 05/12/23  par monsieur  Yvan  HUMEZ,  en qualit\u00e9  de dirigeant(e),  pour\nl'organisme  YH.NETTOYAGE  dont  l'\u00e9tablissement  principal  est situ\u00e9  4 rue Andr\u00e9  Tempez  -\nappartement  n\u00b03 \u2014- 80 600  DOULLENS  et enregistr\u00e9  sous  le N\u00b0 SAP894871250  pour  les activit\u00e9s\nsuivantes  : .\n\u00ab Entretien  de la maison  et travaux  m\u00e9nagers  (mode  d'intervention  Prestataire)\nToute  modification  concernant  les activit\u00e9s  exerc\u00e9es  devra  faire  l'objet  d'une  d\u00e9claration\nmodificative  pr\u00e9alable.\nSous  r\u00e9serve  d'\u00eatre  exerc\u00e9es  \u00e0 titre  exclusif  (ou sous  r\u00e9serve  d'une  comptabilit\u00e9  s\u00e9par\u00e9e  pour  les\npersonnes  morales  dispens\u00e9es  de cette  condition),  ces activit\u00e9s  ouvrent  droit  au b\u00e9n\u00e9fice  des\ndispositions  des articles  L. 7233-2  du code  du travail  et L.241-10  du code  de la s\u00e9curit\u00e9  sociale  dans\nles conditions  pr\u00e9vues  par ces  articles.\nLes effets  de la d\u00e9claration  courent  \u00e0 compter  du jour  du d\u00e9p\u00f4t  de la d\u00e9claration  sous  r\u00e9serve  des\ndispositions  de l'article  R.7232-18  du code  du travail.  Le pr\u00e9sent  r\u00e9c\u00e9piss\u00e9  n'est  pas limit\u00e9  dans  le\ntemps.  La d\u00e9claration  a une  port\u00e9e  nationale.\nLe cas \u00e9ch\u00e9ant  :\nEn application  des articles  L.7232-1  et R.7232-1  \u00e0 R.7232-15,  les activit\u00e9s  n\u00e9cessitant  un agr\u00e9ment\n(article  D.7231-1  du code  du travail)  n'ouvrent  droit  \u00e0 ces dispositions  que  si l'organisme  a\npr\u00e9alablement  obtenu  l'agr\u00e9ment  ou le renouvellement  de cet agr\u00e9ment  dans  le ou les d\u00e9partement(s)\nd'exercice  de ses activit\u00e9s.\nDe m\u00eame,  en application  de l'article  D.312-6-2  du code  de l'action  sociale  et des familles,  les activit\u00e9s\nn\u00e9cessitant  une autorisation  n'ouvrent  droit  \u00e0 ces dispositions  que  si l'organisme  a pr\u00e9alablement\nobtenu  l'autorisation  ou le renouvellement  de cette  autorisation.\nL'enregistrement  de la d\u00e9claration  peut  \u00eatre  retir\u00e9  dans  les conditions  fix\u00e9es  aux articles  R.7232-20  \u00e0\nR.7232-22  du code  du travail.\nLe pr\u00e9sent  r\u00e9c\u00e9piss\u00e9  sera  publi\u00e9  au recueil  des actes  administratifs  de la pr\u00e9fecture.\nLe pr\u00e9sent  r\u00e9c\u00e9piss\u00e9  peut,  \u00e0 compter  de sa notification,  faire  l'objet  d'un  recours  gracieux  aupr\u00e8s\nservice  instructeur  de la Somme  ou d'un  recours  hi\u00e9rarchique  adress\u00e9  au ministre  charg\u00e9  de\nl'\u00e9conomie  - Direction  g\u00e9n\u00e9rale  des entreprises  \u2014 sous-direction  des services  marchands,  61\nBoulevard  Vincent  Auriol,  75 703  PARIS  CEDEX  13.\nIl peut  \u00e9galement  faire  l'objet  d'un  recours  contentieux  dans  un d\u00e9lai  de deux  mois  \u00e0 compter  de sa\nnotification  aupr\u00e8s  du tribunal  administratif  .\nLe tribunal  administratif  peut  aussi  \u00eatre saisi par I'appli\u00e9ation  informatique  \u00ab T\u00e9l\u00e9recours  citoyen  \u00bb\nDirection  d\u00e9partementale  de I'emploi,  du travail  et des solidarit\u00e9s  de la Somme  (DDETS  80)\n40 rue de la Vall\u00e9e  \u2014 BP 71710  - 80 017  AMIENS  - standard  03 64 26 88 00\nddets-sap@somme.gouv.fr\nDirection d\u00e9partementale de l\u25a1emploi, du travail et des solidarit\u00e9s de la Somme (DDETS Somme) - 80-2024-02-06-00006 - R\u00e9c\u00e9piss\u00e9\nd\u00e9claration modificative HUMEZ 7\naccessible  sur le site  internet  http://www.telerecours.fr/\nEn cas  de rejet  du recours  gracieux  ou hi\u00e9rarchique  ou en l'absence  de r\u00e9ponse  \u00e0 ce recours  (rejet\nimplicite),  un recours  contentieux  devant  le tribunal  administratif  peut  \u00e9galement  \u00eatre  form\u00e9  contre\nla d\u00e9cision  initiale  dans  un d\u00e9lai  de deux  mois  \u00e0 compter  de ce rejet.\nFait  \u00e0 Amiens,  le 06/02/2024\nPour le pr\u00e9fet  et par d\u00e9l\u00e9gation,  |\nla dir\u00e9ctrice  d\u00e9partementale\nde la DDETS  de la Somme\n\u2014S\nL\u00e6titia  CRETON-\nDirection d\u00e9partementale de l\u25a1emploi, du travail et des solidarit\u00e9s de la Somme (DDETS Somme) - 80-2024-02-06-00006 - R\u00e9c\u00e9piss\u00e9\nd\u00e9claration modificative HUMEZ 8\nDirection d\u00e9partementale de l\u25a1emploi, du travail\net des solidarit\u00e9s de la Somme (DDETS Somme)\n80-2024-02-12-00001\nr\u00e9c\u00e9piss\u00e9 modificatif HAYES\nDirection d\u00e9partementale de l\u25a1emploi, du travail et des solidarit\u00e9s de la Somme (DDETS Somme) - 80-2024-02-12-00001 - r\u00e9c\u00e9piss\u00e9\nmodificatif HAYES 9\nPREFET  ;DE LA SOMME  ; _ Direction  d\u00e9partementale  de l'emploi,\nf du travail  et des  solidarit\u00e9s  de la Somme\u00c9galit\u00e9\nFraternit\u00e9\nR\u00e9c\u00e9piss\u00e9  de d\u00e9claration  modificative\nd'un  organisme  de services  \u00e0 la personne\nenregistr\u00e9  sous  le N\u00b0 SAP417580479\nVu le code  du travail  et notamment  les articles  L.7231-1  \u00e0 L.7233-2,  R.7232-16  \u00e0 R.7232-22,  D.7231-1  et\nD.7233-1  \u00e0 D.7233-5  ;\nLe pr\u00e9fet  de la Somme\nConstate  :\nQu'une  d\u00e9claration  modificative  d'activit\u00e9s  de services  \u00e0 la personne  a \u00e9t\u00e9  d\u00e9pos\u00e9e  aupr\u00e8s  du service\ninstructeur  de la Somme,  le 05/12/23  par  monsieur  Alain  HAYES,  en qualit\u00e9  de dirigeant(e),  pour\nl'organisme  dont  l'\u00e9tablissement  principal  est situ\u00e9  50 rue  Kleber  - 80 520  WOINCOURT  et enregistr\u00e9\nsous  le N\u00b0 SAP417580479  pour  les activit\u00e9s  suivantes  :\n\u00ab Petits  travaux  de jardinage  (mode  d'intervention  Prestataire)\n< Travaux  de petit  bricolage  (mode  d'intervention  Prestataire)\n< Livraison  de courses  \u00e0 domicile  (mode  d'intervention  Prestataire)\n< Maintenance,  entretien  et vigilance  temporaires  \u00e0 domicile  (mode  d'intervention  Prestataire)\nToute  modification  concernant  les activit\u00e9s  exerc\u00e9es  devra  faire  l'objet  d'une  d\u00e9claration\nmodificative  pr\u00e9alable.  '\nSous  r\u00e9serve  d'\u00eatre  exerc\u00e9es  \u00e0 titre  exclusif  (ou sous  r\u00e9serve  d'une  comptabilit\u00e9  s\u00e9par\u00e9e  pour  les\npersonnes  morales  dispens\u00e9es  de cette  condition),  ces activit\u00e9s  ouvrent  droit  au b\u00e9n\u00e9fice  des\ndispositions  des  articles  L. 7233-2  du code  du travail  et L.241-10  du code  de la s\u00e9curit\u00e9  sociale  dans\nles conditions  pr\u00e9vues  par  ces  articles.\nLes effets  de la d\u00e9claration  courent  \u00e0 compter  du jour  du d\u00e9p\u00f4t  de la d\u00e9claration  sous  r\u00e9serve  des\ndispositions  de l'article  R.7232-18  du code  du travail.  Le pr\u00e9sent  r\u00e9c\u00e9piss\u00e9  n'est  pas limit\u00e9  dans  le\ntemps.  La d\u00e9claration  a une  port\u00e9e  nationale.\nLe cas \u00e9ch\u00e9ant  :\nEn application  des  articles  L.7232-1  et R.7232-1  \u00e0 R.7232-15,  les activit\u00e9s  n\u00e9cessitant  un agr\u00e9ment\nx(article  D.7231-1  du code  du travail)  n'ouvrent  droit  \u00e0 ces dispositions  que  si l'organisme  a\npr\u00e9alablement  obtenu  l'agr\u00e9ment  ou le renouvellement  de cet  agr\u00e9ment  dans  le ou les d\u00e9partement(s)\nd'exercice  de ses activit\u00e9s.\nDe m\u00eame,  en application  de l'article  D.312-6-2  du code  de l'action  sociale  et des  familles,  les activit\u00e9s\nn\u00e9cessitant  une  autorisation  n'ouvrent  droit  \u00e0 ces dispositions  que  si l'organisme  a pr\u00e9alablement\nobtenu  l'autorisation  ou le renouvellement  de cette  autorisation.\nL'enregistrement  de la d\u00e9claration  peut  \u00eatre  retir\u00e9  dans  les conditions  fix\u00e9es  aux articles  R.7232-20  \u00e0\nR.7232-22  du code  du travail.\nLe pr\u00e9sent  r\u00e9c\u00e9piss\u00e9  sera  publi\u00e9  au recueil  des  actes  administratifs  de la pr\u00e9fecture.\nLe pr\u00e9sent  r\u00e9c\u00e9piss\u00e9  peut,  \u00e0 compter  de sa notification,  faire  l'objet  d'un  recours  gracieux  aupr\u00e8s\nservice  instructeur  de la Somme  ou d'un  recours  hi\u00e9rarchique  adress\u00e9  au ministre  charg\u00e9  de\nl'\u00e9conomie  - Direction  g\u00e9n\u00e9rale  des  entreprises  \u2014 sous-direction  des  services  marchands,  61\nBoulevard  Vincent  Auriol,  75 703  PARIS  CEDEX  13.\nIl peut  \u00e9galement  faire  l'objet  d'un  recours  contentieux  dans  un d\u00e9lai  de deux  mois  \u00e0 compter  de sa\nnotification  aupr\u00e8s  du tribunal  administratif  .\nDirection  d\u00e9partementale  de l'emploi,  du travail  et des solidarit\u00e9s  de la Somme  (DDETS  80)\n40 rue de la Vall\u00e9e  \u2014 BP 71 710  - 80 017  AMIENS  - standard  03 64 26 88 00\nddets-sap@somme.gouv.fr\nDirection d\u00e9partementale de l\u25a1emploi, du travail et des solidarit\u00e9s de la Somme (DDETS Somme) - 80-2024-02-12-00001 - r\u00e9c\u00e9piss\u00e9\nmodificatif HAYES 10\nLe tribunal  administratif  peut  aussi  \u00eatre  saisi  par  I'application  informatique  \u00ab T\u00e9l\u00e9recours  citoyen  \u00bb\naccessible  sur le site  internet  http://www.telerecours.fr/\nEn cas de rejet  du recours  gracieux  ou hi\u00e9rarchique  ou en l'absence  de r\u00e9ponse  \u00e0 ce recours  (rejet\nimplicite),  UN recours  contentieux  devant  le tribunal  administratif  peut  \u00e9galement  \u00eatre  form\u00e9  contre\nla d\u00e9cision  initiale  dans  un d\u00e9lai  de deux  mois  \u00e0 compter  de ce rejet.\nFait  \u00e0 Amiens,  le 12/02/2024\nPour  le pr\u00e9fet  et par d\u00e9l\u00e9gation,\nla directrice  d\u00e9partementale\nde la DDETS  de la Somme\nC\u2014  _\nrr  v  t\nL\u00e6titia  CRETON\nDirection d\u00e9partementale de l\u25a1emploi, du travail et des solidarit\u00e9s de la Somme (DDETS Somme) - 80-2024-02-12-00001 - r\u00e9c\u00e9piss\u00e9\nmodificatif HAYES 11\nPr\u00e9fecture de la Somme - Direction de la\nCitoyennet\u00e9 et de la L\u00e9galit\u00e9\n80-2024-02-13-00001\nArr\u00eat\u00e9 autorisant l'Union D\u00e9partementale des\nCentres de Vacances (U.D.C.V) ayant son si\u00e8ge \u00e0\nBoves (80440), Fort Manoir 22, rue de l'Ile\nMyst\u00e9rieuse, association reconnue d'utilit\u00e9\npublique, \u00e0 hypoth\u00e9quer son patrimoine\nimmobilier au profit de la Fondation Saint-Firmin\net garantie d\"'un pr\u00eat\nPr\u00e9fecture de la Somme - Direction de la Citoyennet\u00e9 et de la L\u00e9galit\u00e9 - 80-2024-02-13-00001 - Arr\u00eat\u00e9 autorisant l'Union\nD\u00e9partementale des Centres de Vacances (U.D.C.V) ayant son si\u00e8ge \u00e0 Boves (80440), Fort Manoir 22, rue de l'Ile Myst\u00e9rieuse,\nassociation reconnue d'utilit\u00e9 publique, \u00e0 hypoth\u00e9quer son patrimoine immobilier au profit de la Fondation Saint-Firmin et garantie\nd\"'un pr\u00eat12\nE E Secr\u00e9tariat  g\u00e9n\u00e9ral\nPREFET  Direction  de la Citoyennet\u00e9  et de la L\u00e9galit\u00e9\nDE LA SOMME  . . 2 y o\nBureau  des  \u00e9lections  et de la r\u00e9glementation  g\u00e9n\u00e9raleLibert\u00e9\n2 \u00a70, \u00a2:',-:g.ml;  _\nFraterait\u00e9\nARR\u00caT\u00c9\nAutorisant  l''Union  D\u00e9partementale  des  Centres  de Vacances  (U.D.C.V.),  ayant  son  si\u00e8ge  \u00e0\nBoves  (80440),  Fort  Manoir  22 rue  de l'\u00ee\u00cele  Myst\u00e9rieuse,  association  reconnue  d'utilit\u00e9\npublique,  \u00e0 hypoth\u00e9quer  son  patrimoine  immobilier  au profit  de la Fondation  Saint  -Firmin\nen garantie  d'un  pr\u00eat\nLE PR\u00c9FET  DE LA SOMME\nCHEVALIER  DE LA LEGION  D'HONNEUR\nVU la loi du 1\u00b0\" juillet  1901  modifi\u00e9e,  relative  au contrat  d'association  ;\nVU la loi n\u00b0 87-571  du 23 juillet  1987  sur le d\u00e9veloppement  du m\u00e9c\u00e9nat  ;\nVU le d\u00e9cret  du 18 mars  1963  portant  reconnaissance  d'une  association  comme\n\u00e9tablissement  d'utilit\u00e9  publique,  publi\u00e9  au Journal  Officiel  le 22 mars  1963  ;\nVU le d\u00e9cret  du 4 d\u00e9cembre  1974  approuvant  les modifications  aux  statuts  de l'association\ndite  \u00ab Union  d\u00e9partementale  des  Colonies  de Vacances  et \u0153uvres  de plein  air de la\nSomme  \u00bb ;\nVU le d\u00e9cret  2004-374  du 29 avril  2004  modifi\u00e9  relatif  aux  pouvoirs  des  pr\u00e9fets,  \u00e0\nl'organisation  et \u00e0 l'action  des  services  de I'Etat  dans  les r\u00e9gions  et d\u00e9partements  ;\nVU le d\u00e9cret  2007-807  du 11 mai  2007  modifi\u00e9  relatif  aux  associations,  fondations,\ncongr\u00e9gations  et \u00e9tablissements  publics  du culte  et portant  application  de l'article  910  du\nCode  civil  ;\nVU le d\u00e9cret  du 13 juillet  2023  portant  nomination  du pr\u00e9fet  de la Somme,  M. Rollon\nMOUCHEL-BLAISOT  \u00e0 compter  du 24 juillet  2023  ;\nVU le d\u00e9cret  du 21 juillet  2023  portant  nomination  de M. Emmanuel  MOULARD,  Sous-pr\u00e9fet\nhors  classe,  secr\u00e9taire  g\u00e9n\u00e9ral  de la pr\u00e9fecture  de la Somme  ;\nVU l'arr\u00eat\u00e9  pr\u00e9fectoral  du 15 janvier  2024  portant  d\u00e9l\u00e9gation  de signature  principale  \u00e0 M.\nEmmanel  MOULARD,  secr\u00e9taire  g\u00e9n\u00e9ral  de la pr\u00e9fecture  de la Somme  ;\nVU l'arr\u00eat\u00e9  municipal  n\u00b0A2022-037  autorisant  l'UDCV  Fort  Manoir:  \u00e0 proc\u00e9der  \u00e0\nl''am\u00e9nagement  d'une  extension  de la salle  associative  ;\nVU les d\u00e9lib\u00e9rations  adopt\u00e9es  \u00e0 l'unanimit\u00e9  en date  des  1* juin  et 5 octobre  2023  de\nl'Union  D\u00e9partementale  des  Centres  de Vacances,  dont  le si\u00e8ge  est \u00e0 Boves,  d\u00e9cidant\nl'hypoth\u00e8que  des  biens  de l'UDCV  au profit  de la Fondation  Saint-Firmin  en garantie  d'un\npr\u00eat  de 250  000  \u20ac ;\n51, rue  de la R\u00e9publique\n80020  AMIENS  Cedex  9\npref-reglementation-generale@somme.gouv.fr\n03-22-97-82-60\nPr\u00e9fecture de la Somme - Direction de la Citoyennet\u00e9 et de la L\u00e9galit\u00e9 - 80-2024-02-13-00001 - Arr\u00eat\u00e9 autorisant l'Union\nD\u00e9partementale des Centres de Vacances (U.D.C.V) ayant son si\u00e8ge \u00e0 Boves (80440), Fort Manoir 22, rue de l'Ile Myst\u00e9rieuse,\nassociation reconnue d'utilit\u00e9 publique, \u00e0 hypoth\u00e9quer son patrimoine immobilier au profit de la Fondation Saint-Firmin et garantie\nd\"'un pr\u00eat13\nVU la demande  d'autorisation  administrative  d'hypoth\u00e9que  en garanti  d'emprunt\npr\u00e9sent\u00e9e  par  Monsieur  St\u00e9phane  BAUDELET,  pr\u00e9sident  de l'association,  re\u00e7ue  en\npr\u00e9fecture  de la Somme  le 12 octobre  2023  ;\nVU les pi\u00e8ces  compl\u00e9mentaires  re\u00e7ues  en pr\u00e9fecture  de la Somme  le 6, 8 et 15 d\u00e9cembre\n2023  ;\nConsid\u00e9rant  la compl\u00e9tude  du dossier  ;\nConsid\u00e9rant  que  le montant  de la dotation  de l'association  est garanti  apr\u00e9s  mise  en\nhypoth\u00e8que  de ses biens  immobiliers  ;\nConsid\u00e9rant  que  l'association  est en mesure  de continuer  \u00e0 remplir  son  objet  d'int\u00e9r\u00eat\ng\u00e9n\u00e9ral  apr\u00e8s  la mise  en hypoth\u00e8que  de ses biens  immobiliers  ;\nSur proposition  du Secr\u00e9taire  G\u00e9n\u00e9ral  de la pr\u00e9fecture  ;\nARR\u00caTE\nArticle  1: St\u00e9phane  BAUDELET,  Pr\u00e9sident  de l'Union  D\u00e9partementale  des  Centres  de\nVacances  (U.D.CV),  dont  son  si\u00e8ge  est \u00e0 Boves  (80440),  Fort  Manoir  22 rue de l'\u00eele\nMyst\u00e9rieuse,  association  reconnue  d'utilit\u00e9  publique,  est autoris\u00e9  au nom  de cet\n\u00e9tablissement,  \u00e0 mettre  en hypoth\u00e8que  les biens  immobiliers  de l'association  en garantie\nd'un  emprunt  \u00e0 la fondation  Saint-Firmin.\nArticle  2 : L'hypoth\u00e8que  des  biens  immobiliers  au profit  de la Fondation  Saint-Firmin  est\nen garantie  d'un  pr\u00eat  de 250  000  \u20ac \u00e0 taux  z\u00e9ro,  remboursable  sur 15 ans  maximum  par\n\u00e9ch\u00e9ances  trimestrielles  constantes.  Ce pr\u00eat  \u00e0 vocation  \u00e0 financer  des  travaux  de\nr\u00e9novation  du site  Fort  Manoir  : cr\u00e9ation  de blocs  sanitaires,  la r\u00e9novation  et la mise  aux\nnormes  des  b\u00e2timents.\nArticle  3 : Les biens  immobiliers  hypoth\u00e9qu\u00e9s  sont  les suivants  :\n- Fort  Manoir  cadastr\u00e9  section  AB 517\n- Bois  de Fort  Manoir  cadastr\u00e9  sections  AB 1, AB 2, AB 3, AB 514  et AB 515\nArticle  4 :Le Secr\u00e9taire  G\u00e9n\u00e9ral  de la Pr\u00e9fecture  de la Somme  est charg\u00e9  de l'ex\u00e9cution  du\npr\u00e9sent  arr\u00eat\u00e9  dont  une  ampliation  sera  adress\u00e9e  \u00e0 l'Union  D\u00e9partementale  des  Centres\nde Vacances  (U.D.C.V)  ainsi  qu'\u00e0  M. St\u00e9phane  BAUDELET,  pr\u00e9sident  de l'association.  Il sera\npubli\u00e9  au recueil  des  actes  administratifs  de la pr\u00e9fecture  de la Somme.\nFait \u00e0 Amiens,le  1 3 FEV, 2024\nPour  le Pr\u00e9fet  et par d\u00e9l\u00e9gation,\nLe Secr\u00e9taire  G\u00e9n\u00e9ral,\nEmmanuel  MOULARD\n51, rue de la R\u00e9publique\n80020  AMIENS  Cedex  9\npref-reglementation-generale@somme.gouv.fr\n03-22-97-82-60\nPr\u00e9fecture de la Somme - Direction de la Citoyennet\u00e9 et de la L\u00e9galit\u00e9 - 80-2024-02-13-00001 - Arr\u00eat\u00e9 autorisant l'Union\nD\u00e9partementale des Centres de Vacances (U.D.C.V) ayant son si\u00e8ge \u00e0 Boves (80440), Fort Manoir 22, rue de l'Ile Myst\u00e9rieuse,\nassociation reconnue d'utilit\u00e9 publique, \u00e0 hypoth\u00e9quer son patrimoine immobilier au profit de la Fondation Saint-Firmin et garantie\nd\"'un pr\u00eat14\nPr\u00e9fecture de la Somme - Direction de la\nCitoyennet\u00e9 et de la L\u00e9galit\u00e9\n80-2024-02-15-00001\nArr\u00eat\u00e9 portant convocation des \u00e9lecteurs\nd'Authieule \u00e0 une \u00e9lection municipale partielle\ncompl\u00e9mentaire les 7 et 14 avril 2024 et fixant\nles dates de d\u00e9p\u00f4t des d\u00e9clarations de\ncandidature pour l'\u00e9lection de deux conseillers\nmunicipaux.\nPr\u00e9fecture de la Somme - Direction de la Citoyennet\u00e9 et de la L\u00e9galit\u00e9 - 80-2024-02-15-00001 - Arr\u00eat\u00e9 portant convocation des\n\u00e9lecteurs d'Authieule \u00e0 une \u00e9lection municipale partielle compl\u00e9mentaire les 7 et 14 avril 2024 et fixant les dates de d\u00e9p\u00f4t des\nd\u00e9clarations de candidature pour l'\u00e9lection de deux conseillers municipaux.15\nPREFET  Secr\u00e9tariat  g\u00e9n\u00e9ral\nDE LA SOMME  Direction  de la citoyennet\u00e9  et de la l\u00e9galit\u00e9\n\u00e9  Bureau  des  \u00e9lections  et de la r\u00e9glementation  g\u00e9n\u00e9rale\nFraternit\u00e9\nARR\u00caT\u00c9\nPortant  convocation  des  \u00e9lecteurs  d'Authieule  \u00e0 une  \u00e9lection  municipale  partielle\ncompl\u00e9mentaire  les 7 et 14 avril  2024  et fixant  les dates  de d\u00e9p\u00f4t  des  d\u00e9clarations  de\ncandidature  pour  l'\u00e9lection  de deux  conseillers  municipaux\nLE PR\u00c9FET  DE LA SOMME\nCHEVALIER  DE LA L\u00c9GION  D'HONNEUR\nVu le code  \u00e9lectoral,  et notamment  les articles  L. 247  et L. 255-2  \u00e0 L. 255-5  ;\nVu le code  g\u00e9n\u00e9ral  des  collectivit\u00e9s  territoriales  et notamment  l'article  L. 2122-8  et le L. 2122-10  ;\nVu le d\u00e9cret  du 13 juillet  2023  portant  nomination  du pr\u00e9fet  de la Somme,  M. Rollon  MOUCHEL-\nBLAISOT  \u00e0 compter  du 24 juillet  2023  ;\nVu le d\u00e9cret  du 21 juillet  2023  portant  nomination  de M. Emmanuel  MOULARD,  sous-pr\u00e9fet  hors  classe,\nsecr\u00e9taire  g\u00e9n\u00e9ral  de la pr\u00e9fecture  de la Somme  ;\nVu l'arr\u00eat\u00e9  pr\u00e9fectoral  du 15 janvier  2024  portant  d\u00e9l\u00e9gation  de signature  principale  \u00e0 M. Emmanuel\nMOULARD,  secr\u00e9taire  g\u00e9n\u00e9ral  de la pr\u00e9fecture  de la Somme  ;\nVu la d\u00e9mission  d'un  conseiller  municipal  en octobre  2020  ;\nVu la d\u00e9mission  de M. Vincent  DOCHY  de ses fonctions  de maire  et de son  mandat  de conseiller\nmunicipal  le 5 f\u00e9vrier  2024  ;\nConsid\u00e9rant  qu'il  y a lieu  de compl\u00e9ter  le conseil  municipal  d'Authieule  conform\u00e9ment  aux  dispositions\nde l'article  L. 2122-8  du code  g\u00e9n\u00e9ral  des  collectivit\u00e9s  territoriales  ;\nSur  proposition  du secr\u00e9taire  g\u00e9n\u00e9ral  de la pr\u00e9fecture  de la Somme  :\nARR\u00caTE\nArticle  1er.  - Les \u00e9lecteurs  de la commune  d'Authieule  sont  convoqu\u00e9s  le dimanche  7 avril  2024  \u00e0 l'effet\nde proc\u00e9der  \u00e0 l'\u00e9lection  de deux  conseillers  municipaux.\nLe scrutin  sera  ouvert  de 8 heures  \u00e0 18 heures  sans  interruption,  au lieu  mentionn\u00e9  sur l'arr\u00eat\u00e9\npr\u00e9fectoral  portant  d\u00e9signation  des  bureaux  de vote  pour  l'ann\u00e9e  2024.\nLes enveloppes  utilis\u00e9es  sont  de couleur  violette.\nLes listes  \u00e9lectorales  utilis\u00e9es  seront  extraites  du r\u00e9pertoire  \u00e9lectoral  unique  et \u00e0 jour  des  inscriptions\nintervenues  jusqu'au  sixi\u00e8me  vendredi  pr\u00e9c\u00e9dant  le scrutin  (article  L17  du code  \u00e9lectoral),  soit  le 1\nmars  2024,  ainsi  que  des  inscriptions  d\u00e9rogatoires  intervenues  jusqu'au  28 mars  2024  (article  L.30  du\ncode  \u00e9lectoral)  et, le cas  \u00e9ch\u00e9ant,  des  d\u00e9cisions  d'inscription  ou de radiation  rendues  par  le tribunal\nPr\u00e9fecture de la Somme - Direction de la Citoyennet\u00e9 et de la L\u00e9galit\u00e9 - 80-2024-02-15-00001 - Arr\u00eat\u00e9 portant convocation des\n\u00e9lecteurs d'Authieule \u00e0 une \u00e9lection municipale partielle compl\u00e9mentaire les 7 et 14 avril 2024 et fixant les dates de d\u00e9p\u00f4t des\nd\u00e9clarations de candidature pour l'\u00e9lection de deux conseillers municipaux.16\njudiciaire  (article  L.20  du code  \u00e9lectoral).  La commission  de contr\u00f4le  des  listes  \u00e9lectorales  devra  se\nr\u00e9unir  imp\u00e9rativement  entre  le jeudi  14 mars  2024  et le dimanche  17 mars  2024  (article  L19,  11l du code\n\u00e9lectoral).\nArticle  2. \u2014- Au cas  oU Un second  tour  serait  n\u00e9cessaire,  il y sera  proc\u00e9d\u00e9  dans  la m\u00e9me  forme  le\ndimanche  14 avril  2024.\nArticle  3. - Apr\u00e8s  la cl\u00f4ture  des  op\u00e9rations  \u00e9lectorales,  un extrait  du proc\u00e8s-verbal  de l'\u00e9lection  sera\nimm\u00e9diatement  affich\u00e9  \u00e0 la porte  de la mairie  et le second  exemplaire  d\u00e9pos\u00e9  le lendemain  \u00e0 la\npr\u00e9fecture  de la Somme  (51 rue  de la r\u00e9publique,  80 000  Amiens).\nArticle  4. - Le d\u00e9p\u00f4t  d'une  candidature  est obligatoire  pour  tous  les candidats  aux  \u00e9lections\nmunicipales.\nDans  les communes  de moins  de 1000  habitants,  le d\u00e9p\u00f4t  d'une  candidature  est obligatoire\nuniquement  pour  le 1* tour  de scrutin.  Pour  le second  tour,  et uniquement  dans  le cas  o\u00f9 le nombre  de\ncandidats  pr\u00e9sents  au 1\u00b0 tour  aurait  \u00e9t\u00e9  inf\u00e9rieur  au nombre  de si\u00e8ges  de conseillers  municipaux  \u00e0\npourvoir,  \u00e0 savoir  2, les candidats  qui  ne se seraient  pas  pr\u00e9sent\u00e9s  au 1\u00b0 tour  doivent  d\u00e9poser  une\nd\u00e9claration  de candidature.\nL'enregistrement  des  candidatures  s'effectue  \u00e0 la pr\u00e9fecture  de la Somme  (51 rue  de la R\u00e9publique,\n80 000  Amiens),  selon  le calendrier  suivant  :\nPour  le 1\u00b0\" tour  le mardi  19 et mercredi  20 mars  2024  de 10h00  \u00e0 12h00  et de 14h00  \u00e0 16h00  et le jeudi  21\nmars  2024  de 10h00  \u00e0 12h00  et de 14h00  \u00e0 18h00.\nPour  le 2\u00b0\"\u00b0  tour  du lundi  8 avril  2024  de 10h00  \u00e0 12h00  et de 14h00  \u00e0 16h00  au mardi  9 avril  2024  de\n10h00  \u00e0 12h00  et de 14h00  \u00e0 18h00.\nLe d\u00e9p\u00f4t  des  candidatures  se fera  sur rendez-vous  en appelant  le 03.22.97.83.49  ou le 03.22.97.81.18\nArticle  5. - La campagne  \u00e9lectorale  est ouverte  \u00e0 partir  du lundi  25 mars  2024  jusqu'au  samedi  6 avril\n2024  \u00e0 z\u00e9ro  heure  pour  le premier  tour  et du lundi  8 avril  2024  au samedi  13 avril  2024  \u00e0 z\u00e9ro  heure  en\ncas de second  tour.\nArticle  6. - Les emplacements  d'affichage  seront  attribu\u00e9s  dans  l'ordre  d'arriv\u00e9e  des  demandes  en\nmairie,  \u00e0 partir  du lundi  25 mars  2024  et au plus  tard  le mercredi  3 avril  2024  \u00e0 12 heures  pour  le premier\ntour,  et le mercredi  10 avril  2024  \u00e0 12 heures  au plus  tard  pour  le second  tour.\nArticle  7. - Le secr\u00e9taire  g\u00e9n\u00e9ral  de la pr\u00e9fecture  de la Somme  et le premier  adjoint  d'Authieule  sont\ncharg\u00e9s,  chacun  en ce qui le concerne,  de l'ex\u00e9cution  du pr\u00e9sent  arr\u00eat\u00e9  qui sera  imm\u00e9diatement  affich\u00e9\ndans  les formes  et lieux  accoutum\u00e9s  et publi\u00e9  au recueil  des  actes  administratifs.\nAmiens,le 4 5 FEY,  2024\nPour  le pr\u00e9fet  gt par  d\u00e9l\u00e9gation,\nLe secr\u00e9Ca  re g\u00e9n\u00e9ral,\nEmmanuel  MOULARD\nPr\u00e9fecture de la Somme - Direction de la Citoyennet\u00e9 et de la L\u00e9galit\u00e9 - 80-2024-02-15-00001 - Arr\u00eat\u00e9 portant convocation des\n\u00e9lecteurs d'Authieule \u00e0 une \u00e9lection municipale partielle compl\u00e9mentaire les 7 et 14 avril 2024 et fixant les dates de d\u00e9p\u00f4t des\nd\u00e9clarations de candidature pour l'\u00e9lection de deux conseillers municipaux.17\nPr\u00e9fecture de la Somme - Direction de la\nCitoyennet\u00e9 et de la L\u00e9galit\u00e9\n80-2024-02-15-00005\nArr\u00eat\u00e9 portant modification  de l'habilitation\nfun\u00e9raire n\u00b020-80-104 (modification de la forme\njuridique de la soci\u00e9t\u00e9 OGF et modification\nd'une prestation fun\u00e9raire) de l'agence \"POMPES\nFUN\u00c8BRES ET MARBRERIE WARLUZELLE\" sise\n94-96, rue de la 3\u00e8me D.I \u00e0 AMIENS.\nPr\u00e9fecture de la Somme - Direction de la Citoyennet\u00e9 et de la L\u00e9galit\u00e9 - 80-2024-02-15-00005 - Arr\u00eat\u00e9 portant modification  de\nl'habilitation fun\u00e9raire n\u00b020-80-104 (modification de la forme juridique de la soci\u00e9t\u00e9 OGF et modification d'une prestation fun\u00e9raire)\nde l'agence \"POMPES FUN\u00c8BRES ET MARBRERIE WARLUZELLE\" sise 94-96, rue de la 3\u00e8me D.I \u00e0 AMIENS.18\nE 5 Secr\u00e9tariat  g\u00e9n\u00e9ral\nPREFET  Direction  de la Citoyennet\u00e9  et de la L\u00e9galit\u00e9\nDE LA SOMME  . ; . . 22Bureau  des  \u00e9lections  et de la r\u00e9glementation  g\u00e9n\u00e9raleL -\"\u00e2 ey l:\u00ee\nbLgalitd\nFratermit\u00e9\nARR\u00caT\u00c9\nPortant  modification  de l'habilitation  fun\u00e9raire  n\u00b0 20-80-104\n(modification  de la forme  juridique  de la soci\u00e9t\u00e9  OGF  et modification  d''une  prestation\nfun\u00e9raire)  de l'agence  \u00ab POMPES  FUNEBRES  ET MARBRERIE  WARLUZELLE  \u00bb\nsise  94-96,  rue de la 3\u00b0 D.l \u00e0 AMIENS\nLE PR\u00c9FET  DE LA SOMME\nCHEVALIER  DE LA LEGION  D'HONNEUR\nVU le code  g\u00e9n\u00e9ral  des  collectivit\u00e9s  territoriales  ;\nVU le d\u00e9cret  n\u00b0 2004-374  du 29 avril  2004  relatif  aux  pouvoirs  des  Pr\u00e9fets,  \u00e0 l'organisation\net \u00e0 l'action  des services  de I'Etat  dans  les r\u00e9gions  et d\u00e9partements  ;\nVU le d\u00e9cret  n\u00b0 2020-917  du 28 juillet  2020  relatif  \u00e0 la dur\u00e9e  de l'habilitation  dans\nle secteur  fun\u00e9raire  et de la housse  mortuaire  ;\nVU le d\u00e9cret  du 13 juillet  2023  portant  nomination  du pr\u00e9fet  de la Somme,  Monsieur\nRollon  MOUCHEL-BLAISOT  \u00e0 compter  du 24 juillet  2023  ;\nVU le d\u00e9cret  du 21 juillet  2023  portant  nomination  de Monsieur  Emmanuel  MOULARD,\nSous-pr\u00e9fet  hors  classe,  secr\u00e9taire  g\u00e9n\u00e9ral  de la pr\u00e9fecture  de la Somme  ;\nVU l'arr\u00e9t\u00e9  pr\u00e9fectoral  du 4 octobre  2002  autorisant  la cr\u00e9ation  d'une  chambre  fun\u00e9raire,\nsise  94-96  rue de la 3\u00b0 D.I \u00e0 AMIENS  (80000),  par la SCI AMILCAR  repr\u00e9sent\u00e9e  par Monsieur\nWARLUZELLE  ;\nVU l'arr\u00eat\u00e9  pr\u00e9fectoral  du 29 juillet  2020  renouvelant  pour  une  dur\u00e9e  de six ans\nl'habilitation  de l'agence  \u00ab ETS WARLUZELLE  SERVICE  FUN\u00c9RAIRE  DE PICARDIE  \u00bb sise 94-\n96 rue de la 3\u00b0 D.I \u00e0 AMIENS  et exploit\u00e9e  par Monsieur  Ga\u00e9tan  DELGEHIER,  g\u00e9rant  ;\nVU l'arr\u00e9t\u00e9  pr\u00e9fectoral  du 15 janvier  2024  portant  d\u00e9l\u00e9gation  de signature  principale\n\u00e0 Monsieur  Emmanuel  MOULARD,  secr\u00e9taire  g\u00e9n\u00e9ral  de la pr\u00e9fecture  de la Somme  ;\nVU la demande  de modification  re\u00e7ue  par courrier  le 10 octobre  2023  par laquelle\nMonsieur  Ga\u00ebtan  DELGEHIER,  fait  part  du changement  de forme  juridique  de la soci\u00e9t\u00e9\nOGF  sise,  31 rue de Cambrai  \u00e0 PARIS,  passant  de soci\u00e9t\u00e9  anonyme  (SA)  \u00e0 celui  de soci\u00e9t\u00e9\npar  actions  simplifi\u00e9e  (SAS)  ;\nVU la demande  de modification  re\u00e7ue  par  courrier  le 13 novembre  2023  par  laquelle\nMonsieur  Ga\u00ebtan  DELGEHIER,  sollicite  la modification  de la prestation  fun\u00e9raire  aux  soins\nde conservation,  r\u00e9alis\u00e9s  dor\u00e9navant  en sous-traitance  par  la soci\u00e9t\u00e9  \u00ab HYGECO  POST\nMORTEM  ASSISTANCE  (HYGECO  PMA)  \u00bb sise 12 - 16, rue Sarah  Bernhardt  \u00e0 ASNI\u00c8RES-\nSUR-SEINE  (92600)  ;\nVU les pieces  compl\u00e9mentaires  transmises  le 13 novembre  2023  ;\nCONSID\u00c9RANT  que  l''extrait  Kbis,  \u00e0 jour  au 3 septembre  2023,  stipule\nque  le si\u00e8ge  OGF  sis, 31 rue de Cambrai  \u00e0 PARIS  est une  soci\u00e9t\u00e9  par actions  simplifi\u00e9e\n(SAS)  ;\nCONSID\u00c9RANT  que  la soci\u00e9t\u00e9  \u00ab HYGECO  POST  MORTEM  ASSISTANCE  (HYGECO  PMA)  \u00bb\nsise 12 - 16, rue Sarah  Bernhardt  \u00e0 ASNI\u00c8RES-SUR-SEINE  (92600)  est habilit\u00e9e  (n\u00b020920216)\npour  exercer  la prestation  de soins  de conservation  sur l'ensemble  du territoire  national  ;\nSUR  proposition  du Secr\u00e9taire  G\u00e9n\u00e9ral  de la Pr\u00e9fecture  ;\nPr\u00e9fecture de la Somme - Direction de la Citoyennet\u00e9 et de la L\u00e9galit\u00e9 - 80-2024-02-15-00005 - Arr\u00eat\u00e9 portant modification  de\nl'habilitation fun\u00e9raire n\u00b020-80-104 (modification de la forme juridique de la soci\u00e9t\u00e9 OGF et modification d'une prestation fun\u00e9raire)\nde l'agence \"POMPES FUN\u00c8BRES ET MARBRERIE WARLUZELLE\" sise 94-96, rue de la 3\u00e8me D.I \u00e0 AMIENS.19\nARRETE\nArticle  1\u00b0\": L'agence  \u00ab POMPES  FUNEBRES  ET MARBRERIE  WARLUZELLE  \u00bb - \u00e9tablissement\nsecondaire  de la SAS  OGF  dont  le si\u00e8ge  social  est situ\u00e9  31, rue de Cambrai  \u00e0 Paris  \u2014 sise  94-\n96 rue  de la 3\u00b0 D.I \u00e0 AMIENS  et exploit\u00e9e  par  Monsieur  DELGEHIER  Ga\u00e9tan,  g\u00e9rant,  est\nhabilit\u00e9e  pour  exercer  sur l'ensemble  du territoire  national  les activit\u00e9s  fun\u00e9raires\nsuivantes  :\n\u2014 transport  de corps  avant  et apr\u00e8s  mise  en bi\u00e8re  (v\u00e9hicules  immatricul\u00e9s  ED-519-PX  et ED-\n741-FV)  :\n\u2014 Organisation  des  obs\u00e8ques  ;\n\u2014 soins  de conservation  : prestations  r\u00e9alis\u00e9es  en sous-traitance  par la soci\u00e9t\u00e9  \u00ab HYGECO\nPOST  MORTEM  ASSISTANCE  (HYGECO  PMA)\u00bb  sise  12 \u2014- 16, rue  Sarah  Bernhardt\n\u00e0 ASNI\u00c8RES-SUR-SEINE  (92600)  ;\n\u2014 fourniture  des  housses,  des  cercueils  et de leurs  accessoires  int\u00e9rieurs  et ext\u00e9rieurs  ainsi\nque  des  urnes  cin\u00e9raires  ;\n\u2014fourniture  de personnel  et des  objets  et prestations  n\u00e9cessaires  aux  obs\u00e8ques,\ninhumations,  exhumations  et cr\u00e9mation  ;\n\u2014 fourniture  des  corbillards  et voitures  de deuil  ;\n- gestion  et utilisation  d'une  chambre  fun\u00e9raire  : 94-96,  avenue  de la 3\u00e8me  D.| \u00e0 AMIENS.\nArticle  2 : Le reste  est sans  changement.\nArticle  3 :Le Secr\u00e9taire  G\u00e9n\u00e9ral  de la pr\u00e9fecture  de la Somme  est charg\u00e9  de l'ex\u00e9cution  du\npr\u00e9sent  arr\u00eat\u00e9  qui sera  publi\u00e9  au recueil  des  actes  administratifs  de la Pr\u00e9fecture  de la\nSomme  et notifi\u00e9  \u00e0 Monsieur  Ga\u00ebtan  DELGEHIER.\nFait \u00e0 Amiens,  le 1 5 FEV. 2024\nPour  le Pr\u00e9fet  et par d\u00e9l\u00e9gation,\nLe Secr\u00e9t\u00e2ire  G\u00e9n\u00e9ral,\n[4\nEmmanuel  MOULARD\nPr\u00e9fecture de la Somme - Direction de la Citoyennet\u00e9 et de la L\u00e9galit\u00e9 - 80-2024-02-15-00005 - Arr\u00eat\u00e9 portant modification  de\nl'habilitation fun\u00e9raire n\u00b020-80-104 (modification de la forme juridique de la soci\u00e9t\u00e9 OGF et modification d'une prestation fun\u00e9raire)\nde l'agence \"POMPES FUN\u00c8BRES ET MARBRERIE WARLUZELLE\" sise 94-96, rue de la 3\u00e8me D.I \u00e0 AMIENS.20\nPr\u00e9fecture de la Somme - Direction de la\nCitoyennet\u00e9 et de la L\u00e9galit\u00e9\n80-2024-02-15-00003\nArr\u00eat\u00e9 portant modification de l'habilitation\nfun\u00e9raire n\u00b020-80-324 (modification de la forme\njuridique de la soci\u00e9t\u00e9 OGF) de l'agence \"PFG -\nSERVICES FUN\u00c9RAIRES\" sise 2, rue Bernard\nRisbourg \u00e0 PONT-DE-METZ\nPr\u00e9fecture de la Somme - Direction de la Citoyennet\u00e9 et de la L\u00e9galit\u00e9 - 80-2024-02-15-00003 - Arr\u00eat\u00e9 portant modification de\nl'habilitation fun\u00e9raire n\u00b020-80-324 (modification de la forme juridique de la soci\u00e9t\u00e9 OGF) de l'agence \"PFG - SERVICES FUN\u00c9RAIRES\"\nsise 2, rue Bernard Risbourg \u00e0 PONT-DE-METZ21\nEN  Secr\u00e9tariat  g\u00e9n\u00e9ral\nPREFET  Direction  de la Citoyennet\u00e9  et de la L\u00e9galit\u00e9\nDE LA SOMME  . . . ; P*\nBureau  des  \u00e9lections  et de la r\u00e9glementation  g\u00e9n\u00e9raleL\u00e9bert\u00e9\nHualit\u00e9\nFraterait\u00e9\nARR\u00caT\u00c9\nPortant  modification  de l'habilitation  fun\u00e9raire  n\u00b0 20-80-324\n(modification  de la forme  juridique  de la soci\u00e9t\u00e9  OGF)\nde I'agence  \u00ab PFG  - SERVICES  FUN\u00c9RAIRES  \u00bb\nsise  2, rue Bernard  Risbourg  \u00e0 PONT-DE-METZ\nLE PR\u00c9FET  DE LA SOMME\nCHEVALIER  DE LA L\u00c9GION  D'HONNEUR\nVU le code  g\u00e9n\u00e9ral  des  collectivit\u00e9s  territoriales  ;\nVU le d\u00e9cret  n\u00b0 2004-374  du 29 avril  2004  relatif  aux  pouvoirs  des  Pr\u00e9fets,  \u00e0 l'organisation\net \u00e0 l'action  des services  de l'\u00c9tat  dans  les r\u00e9gions  et d\u00e9partements  ;\nVU le d\u00e9cret  n\u00b0 2020-917  du 28 juillet  2020  relatif  \u00e0 la dur\u00e9e  de l'habilitation  dans\nle secteur  fun\u00e9raire  et la housse  mortuaire  ;\nVU le d\u00e9cret  du 13 juillet  2023  portant  nomination  du pr\u00e9fet  de la Somme,  Monsieur\nRollon  MOUCHEL-BLAISOT  \u00e0 compter  du 24 juillet  2023  ;\nVU le d\u00e9cret  du 21 juillet  2023  portant  nomination  de Monsieur  Emmanuel  MOULARD,\nSous-pr\u00e9fet  hors  classe,  secr\u00e9taire  g\u00e9n\u00e9ral  de la pr\u00e9fecture  de la Somme  ;\nVU l'arr\u00e9t\u00e9  pr\u00e9fectoral  du 17 octobre  2022  habilitant  pour  une  dur\u00e9e  de cinq  ans  l'agence\n\u00ab PFG  \u2014 SERVICES  FUN\u00c9RAIRES  \u00bb sise  2, rue Bernard  Risbourg  \u00e0 PONT-DE-METZ  et\nexploit\u00e9e  par  Monsieur  Ga\u00ebtan  DELGEHIER,  g\u00e9rant  ;\nVU l'arr\u00eat\u00e9  pr\u00e9fectoral  du 15 janvier  2024  portant  d\u00e9l\u00e9gation  de signature  principale\n\u00e0 Monsieur  Emmanuel  MOULARD,  secr\u00e9taire  g\u00e9n\u00e9ral  de la pr\u00e9fecture  de la Somme  ;\nVU la demande  de modification  re\u00e7ue  par  courrier  le 10 octobre  2023  par  laquelle\nMonsieur  Ga\u00ebtan  DELGEHIER,  fait  part  du changement  de forme  juridique  de la soci\u00e9t\u00e9\nOGF  sise,  31 rue  de Cambrai  \u00e0 PARIS,  passant  de soci\u00e9t\u00e9  anonyme  (SA)  \u00e0 celui  de soci\u00e9t\u00e9\npar  actions  simplifi\u00e9e  (SAS)  ;\nCONSIDERANT  que  l'extrait  Kbis,  \u00e0 jour  au 3 septembre  2023,  stipule\nque  le si\u00e8ge  OGF  sis, 31 rue de Cambrai  \u00e0 PARIS  est une  soci\u00e9t\u00e9  par actions  simplifi\u00e9e\n(SAS)  ;\nSUR  proposition  du Secr\u00e9taire  G\u00e9n\u00e9ral  de la Pr\u00e9fecture  ;\nARRETE\nArticle  1*\": L'agence  \u00ab PFG  - SERVICES  FUN\u00c9RAIRES  \u00bb - \u00e9tablissement  secondaire  de la\nSAS  OGF  dont  le si\u00e8ge  est situ\u00e9  31, rue de Cambrai  \u00e0 Paris  \u2014 sise  2, rue Bernard  Risbourg  \u00e0\nPONT-DE-METZ  et exploit\u00e9e  par  Monsieur  DELGEHIER  Ga\u00e9tan,  g\u00e9rant,  est habilit\u00e9e  pour\nexercer  sur l'ensemble  du territoire  national  les activit\u00e9s  fun\u00e9raires  suivantes  :\n\u2014 transport  de corps  avant  et apr\u00e8s  mise  en bi\u00e8re  (v\u00e9hicules  immatricul\u00e9s  FP-095-WP  et\nED-741-FV)\nPr\u00e9fecture de la Somme - Direction de la Citoyennet\u00e9 et de la L\u00e9galit\u00e9 - 80-2024-02-15-00003 - Arr\u00eat\u00e9 portant modification de\nl'habilitation fun\u00e9raire n\u00b020-80-324 (modification de la forme juridique de la soci\u00e9t\u00e9 OGF) de l'agence \"PFG - SERVICES FUN\u00c9RAIRES\"\nsise 2, rue Bernard Risbourg \u00e0 PONT-DE-METZ22\n\u2014 organisation  des  obs\u00e8ques\n\u2014 fourniture  des  housses,  des  cercueils  et de leurs  accessoires  int\u00e9rieurs  et ext\u00e9rieurs  ainsi\nque  des  urnes  cin\u00e9raires\n\u2014 fourniture  de personnel  et des objets  et prestations  n\u00e9cessaires  aux  obs\u00e8ques,\ninhumations,  exhumations  et cr\u00e9mation\n\u2014 fourniture  des  corbillards  et voitures  de deuil\n\u2014 soins  de conservation  : prestations  r\u00e9alis\u00e9es  en sous-traitance  par la soci\u00e9t\u00e9  \u00ab HYGECO\nPOST  MORTEM  ASSISTANCE  (HYGECO  PMA)\u00bb  sise  12 - 16, rue Sarah  Bernhardt\n\u00e0 ASNI\u00c8RES-SUR-SEINE  (Hauts-de-Seine)\nArticle  2 : Le reste  est sans  changement.\nArticle  3 :Le Secr\u00e9taire  G\u00e9n\u00e9ral  de la pr\u00e9fecture  de la Somme  est charg\u00e9  de l'ex\u00e9cution  du\npr\u00e9sent  arr\u00eat\u00e9  qui sera  publi\u00e9  au recueil  des  actes  administratifs  de la Pr\u00e9fecture  de la\nSomme  et notifi\u00e9  \u00e0 Monsieur  Ga\u00ebtan  DELGEHIER.\nFait  \u00e0 Amiens,  le | % FEV.  724\nPour  le Pr\u00e9fet  et par d\u00e9l\u00e9gation,\nLe Secr\u00e9t\u00e2tre  G\u00e9n\u00e9ral,\n[\nEmmanuel  MOULARD\nPr\u00e9fecture de la Somme - Direction de la Citoyennet\u00e9 et de la L\u00e9galit\u00e9 - 80-2024-02-15-00003 - Arr\u00eat\u00e9 portant modification de\nl'habilitation fun\u00e9raire n\u00b020-80-324 (modification de la forme juridique de la soci\u00e9t\u00e9 OGF) de l'agence \"PFG - SERVICES FUN\u00c9RAIRES\"\nsise 2, rue Bernard Risbourg \u00e0 PONT-DE-METZ23\nPr\u00e9fecture de la Somme - Direction de la\nCitoyennet\u00e9 et de la L\u00e9galit\u00e9\n80-2024-02-15-00002\nArr\u00eat\u00e9 portant modification de l'habilitation\nfun\u00e9raire n\u00b020-80-38 (modification de la forme\njuridique de la soci\u00e9t\u00e9 OGF, modification des\nv\u00e9hicules et ajout d'une prestation fun\u00e9raire) de\nl'agence \"PFG-POMPES FUN\u00c8BRES G\u00c9N\u00c9RALE\"\nsise 17, avenue de l'Europe \u00e0 P\u00c9RONNE\nPr\u00e9fecture de la Somme - Direction de la Citoyennet\u00e9 et de la L\u00e9galit\u00e9 - 80-2024-02-15-00002 - Arr\u00eat\u00e9 portant modification de\nl'habilitation fun\u00e9raire n\u00b020-80-38 (modification de la forme juridique de la soci\u00e9t\u00e9 OGF, modification des v\u00e9hicules et ajout d'une\nprestation fun\u00e9raire) de l'agence \"PFG-POMPES FUN\u00c8BRES G\u00c9N\u00c9RALE\" sise 17, avenue de l'Europe \u00e0 P\u00c9RONNE24\nR Secr\u00e9tariat  g\u00e9n\u00e9ral\nPREFET  Direction  de la Citoyennet\u00e9  et de la L\u00e9galit\u00e9\nDE LA SOMME  . . . ; ... \u00ab\nBureau  des  \u00e9lections  et de la r\u00e9glementation  g\u00e9n\u00e9raleLibert\u00e9\nLgalis\u00e9\nFraternit\u00e9\nARR\u00caT\u00c9\nPortant  modification  de l'habilitation  fun\u00e9raire  n\u00b0 20-80-38\n(modification  de la forme  juridique  de la soci\u00e9t\u00e9  OGF,  modification  des  v\u00e9hicules  et ajout\nd'une  prestation  fun\u00e9raire)  de l'agence  \u00ab PFG  - POMPES  FUNEBRES  G\u00c9N\u00c9RALE  \u00bb\nsise 17, avenue  de l'Europe  \u00e0 P\u00c9RONNE\nLE PR\u00c9FET  DE LA SOMME\nCHEVALIER  DE LA L\u00c9GION  D'HONNEUR\nVU le code  g\u00e9n\u00e9ral  des  collectivit\u00e9s  territoriales  ;\nVU le d\u00e9cret  n\u00b0 2004-374  du 29 avril  2004  relatif  aux  pouvoirs  des  Pr\u00e9fets,  \u00e0 l'organisation\net \u00e0 l'action  des services  de l'\u00c9tat  dans  les r\u00e9gions  et d\u00e9partements  ;\nVU le d\u00e9cret  n\u00b0 2020-917  du 28 juillet  2020  relatif  \u00e0 la dur\u00e9e  de l'habilitation  dans\nle secteur  fun\u00e9raire  et \u00e0 la housse  mortuaire  ;\nVU le d\u00e9cret  du 13 juillet  2023  portant  nomination  du pr\u00e9fet  de la Somme,  Monsieur\nRollon  MOUCHEL-BLAISOT  \u00e0 compter  du 24 juillet  2023  ;\nVU le d\u00e9cret  du 21 juillet  2023  portant  nomination  de Monsieur  Emmanuel  MOULARD,\nSous-pr\u00e9fet  hors  classe,  secr\u00e9taire  g\u00e9n\u00e9ral  de la pr\u00e9fecture  de la Somme  ;\nVU l'arr\u00e9t\u00e9  pr\u00e9fectoral  du 11 juillet  1995  autorisant  la cr\u00e9ation  d'une  chambre  fun\u00e9raire,\nsise Zone  d'activit\u00e9s  Nord  Mont  Saint-Quentin  \u00e0 P\u00c9RONNE  (80 200),  par la soci\u00e9t\u00e9  PFG\nNord-Ouest  ;\nVU l'arr\u00eat\u00e9  pr\u00e9fectoral  du 29 juillet  2020  renouvelant  pour  une  dur\u00e9e  de six ans\nl'habilitation  de l'agence  \u00ab PFG  \u2014- POMPES  FUN\u00c8BRES  G\u00c9N\u00c9RALE  \u00bb sise 17 avenue  de\nI'Europe  \u00e0 P\u00c9RONNE  et exploit\u00e9e  par Monsieur  Ga\u00ebtan  DELGEHIER,  g\u00e9rant  ;\nVU l'arr\u00eat\u00e9  pr\u00e9fectoral  du 15 janvier  2024  portant  d\u00e9l\u00e9gation  de signature  principale\n\u00e0 Monsieur  Emmanuel  MOULARD,  secr\u00e9taire  g\u00e9n\u00e9ral  de la pr\u00e9fecture  de la Somme  ;\nVU la demande  de modification  re\u00e7ue  par  courrier  le 10 octobre  2023  par  laquelle\nMonsieur  Ga\u00ebtan  DELGEHIER,  fait  part  du changement  de forme  juridique  de la soci\u00e9t\u00e9\nOGF  sise,  31 rue  de Cambrai  \u00e0 PARIS,  passant  de soci\u00e9t\u00e9  anonyme  (SA)  \u00e0 celui  de soci\u00e9t\u00e9\npar actions  simplifi\u00e9e  (SAS)  ;\nVU la demande  de modification  re\u00e7ue  par  courrier  le 13 novembre  2023  par  laquelle\nMonsieur  Ga\u00ebtan  DELGEHIER,  sollicite  l'ajout  d'une  prestation  fun\u00e9raire:  soins  de\nconservation  r\u00e9alis\u00e9s  en sous-traitance  par  la soci\u00e9t\u00e9  \u00ab HYGECO  POST  MORTEM\nASSISTANCE  (HYGECO  PMA)  \u00bb sise 12 - 16, rue Sarah  Bernhardt  \u00e0 ASNI\u00c8RES-SUR-SEINE\n(92600)  pour  l'agence  PFG - POMPES  FUN\u00c8BRES  GENERALE  sise 17, avenue  de l'Europe  \u00e0\nP\u00c9RONNE  ;\nVU la demande  de Monsieur  Ga\u00ebtan  DELGEHIER  re\u00e7ue  par  courrier  le 29 janvier  2024\nsignalant  la modification  des  v\u00e9hicules  fun\u00e9raires;\nVU les pi\u00e8ces  compl\u00e9mentaires  transmises  le 13 novembre  2023  ;\nCONSID\u00c9RANT  que l'extrait  Kbis  \u00e0 jour  au 3 septembre  2023,  stipule\nque  le si\u00e8ge  social  OGF  sis, 31 rue de Cambrai  \u00e0 PARIS  est une  soci\u00e9t\u00e9  par actions\nsimplifi\u00e9e  (SAS)  ;\nPr\u00e9fecture de la Somme - Direction de la Citoyennet\u00e9 et de la L\u00e9galit\u00e9 - 80-2024-02-15-00002 - Arr\u00eat\u00e9 portant modification de\nl'habilitation fun\u00e9raire n\u00b020-80-38 (modification de la forme juridique de la soci\u00e9t\u00e9 OGF, modification des v\u00e9hicules et ajout d'une\nprestation fun\u00e9raire) de l'agence \"PFG-POMPES FUN\u00c8BRES G\u00c9N\u00c9RALE\" sise 17, avenue de l'Europe \u00e0 P\u00c9RONNE25\nCONSIDERANT  que  la soci\u00e9t\u00e9  \u00ab HYGECO  POST  MORTEM  ASSISTANCE  (HYGECO  PMA)  \u00bb\nsise 12 - 16, rue Sarah  Bernhardt  \u00e0 ASNIERES-SUR-SEINE  (92600)  est habilit\u00e9e  (n\u00b020920216)\npour  exercer  la prestation  de soins  de conservation  sur l'ensemble  du territoire  national  ;\nCONSIDERANT  que  les copies  des certificats  d'immatriculation  attestent  que  la soci\u00e9t\u00e9\nOGF  est le propri\u00e9taire  des  v\u00e9hicules  immatricul\u00e9s  FP-095-WP  et ED-565-FT,  et que  les\nrapports  de contr\u00f4le  des  v\u00e9hicules  fun\u00e9raires  mentionnent  un avis  \u00ab conforme  \u00bb ;\nSUR  proposition  du Secr\u00e9taire  G\u00e9n\u00e9ral  de la Pr\u00e9fecture  ;\nARRETE\nArticle  1*\": L'agence  \u00ab PFG - POMPES  FUNEBRES  G\u00c9N\u00c9RALE  \u00bb - \u00e9tablissement  secondaire\nde la SAS  OGF  dont  le si\u00e8ge  social  est situ\u00e9  31, rue de Cambrai  \u00e0 Paris  \u2014 sise  17 avenue  de\nI'Europe  \u00e0 P\u00c9RONNE  et exploit\u00e9e  par Monsieur  DELGEHIER  Ga\u00e9tan,  g\u00e9rant,  est habilit\u00e9e\npour  exercer  sur l'ensemble  du territoire  national  les activit\u00e9s  fun\u00e9raires  suivantes  :\n\u2014 transport  de corps  avant  et apr\u00e9s  mise  en bi\u00e8re  (v\u00e9hicules  immatricul\u00e9s  FP-095-WP  et\nED-565-FT)\n\u2014 organisation  des  obs\u00e8ques\n\u2014 soins  de conservation  : prestations  r\u00e9alis\u00e9es  en sous-traitance  par la soci\u00e9t\u00e9  \u00ab HYGECO\nPOST  MORTEM  ASSISTANCE  (HYGECO  PMA)\u00bb  sise  12 - 16, rue Sarah  Bernhardt\n\u00e0 ASNI\u00c8RES-SUR-SEINE  (92 600)\n\u2014 fourniture  des  housses,  des  cercueils  et de leurs  accessoires  int\u00e9rieurs  et ext\u00e9rieurs  ainsi\nque  des  urnes  cin\u00e9raires\n- fourniture  de personnel  et des  objets  et prestations  n\u00e9cessaires  aux  obs\u00e8ques,\ninhumations,  exhumations  et cr\u00e9mation\n\u2014 fourniture  des  corbillards  et voitures  de deuil\n\u2014 gestion  et utilisation  d'une  chambre  fun\u00e9raire  \u00e0 P\u00e9ronne  : Zone  d'activit\u00e9s  Nord  Mont\nSaint-Quentin  (2 salons)\nArticle  2 : Le reste  est sans  changement.\nArticle  3 :Le Secr\u00e9taire  G\u00e9n\u00e9ral  de la pr\u00e9fecture  de la Somme  est charg\u00e9  de l'ex\u00e9cution  du\npr\u00e9sent  arr\u00eat\u00e9  qui sera  publi\u00e9  au recueil  des  actes  administratifs  de la Pr\u00e9fecture  de la\nSomme  et notifi\u00e9  \u00e0 Monsieur  Ga\u00ebtan  DELGEHIER.\nFait  \u00e0 Amiens,le  1 5 FEV,  9024\nPour  le Pr\u00e9fet  et par  d\u00e9l\u00e9gation,\nLe Secr\u00e9taire  G\u00e9n\u00e9ral,\n[\nEmmanuel  MOULARD\nPr\u00e9fecture de la Somme - Direction de la Citoyennet\u00e9 et de la L\u00e9galit\u00e9 - 80-2024-02-15-00002 - Arr\u00eat\u00e9 portant modification de\nl'habilitation fun\u00e9raire n\u00b020-80-38 (modification de la forme juridique de la soci\u00e9t\u00e9 OGF, modification des v\u00e9hicules et ajout d'une\nprestation fun\u00e9raire) de l'agence \"PFG-POMPES FUN\u00c8BRES G\u00c9N\u00c9RALE\" sise 17, avenue de l'Europe \u00e0 P\u00c9RONNE26\nPr\u00e9fecture de la Somme - Direction de la\nCitoyennet\u00e9 et de la L\u00e9galit\u00e9\n80-2024-02-15-00004\nArr\u00eat\u00e9 portant modification de l'habilitation\nfun\u00e9raire n\u00b021-80-321 (modification de la forme\njuridique de la soci\u00e9t\u00e9 OGF) de l'agence \"PFG -\nSERVICES FUN\u00c9RAIRES\" sise 5, chauss\u00e9e du Bois \u00e0\nABBEVILLE.\nPr\u00e9fecture de la Somme - Direction de la Citoyennet\u00e9 et de la L\u00e9galit\u00e9 - 80-2024-02-15-00004 - Arr\u00eat\u00e9 portant modification de\nl'habilitation fun\u00e9raire n\u00b021-80-321 (modification de la forme juridique de la soci\u00e9t\u00e9 OGF) de l'agence \"PFG - SERVICES FUN\u00c9RAIRES\"\nsise 5, chauss\u00e9e du Bois \u00e0 ABBEVILLE.27\nB '. Secr\u00e9tariat  g\u00e9n\u00e9ral\nFREFET  Direction  de la Citoyennet\u00e9  et de la L\u00e9galit\u00e9DE LA SOMME  . . . \u00f9 PytBureau  des  \u00e9lections  et de la r\u00e9glementation  g\u00e9n\u00e9raleL\u00e9bert\u00e9\nFraterait\u00e9\nARR\u00caT\u00c9\nPortant  modification  de l'habilitation  fun\u00e9raire  n\u00b0 21-80-321\n(modification  de la fqrmejuridique  de la soci\u00e9t\u00e9  OGF)\nde l'agence  \u00ab PFG  \u2014- SERVICES  FUNERAIRES  \u00bb sise  5, chauss\u00e9e  du Bois  \u00e0 ABBEVILLE\nLE PR\u00c9FET  DE LA SOMME\nCHEVALIER  DE LA LEGION  D'HONNEUR\nVU le code  g\u00e9n\u00e9ral  des  collectivit\u00e9s  territoriales  ;\nVU le d\u00e9cret  n\u00b0 2004-374  du 29 avril  2004  relatif  aux  pouvoirs  des  Pr\u00e9fets,  \u00e0 l'organisation\net \u00e0 l'action  des services  de l'\u00c9tat  dans  les r\u00e9gions  et d\u00e9partements  ;\nVU le d\u00e9cret  n\u00b0 2020-917  du 28 juillet  2020  relatif  \u00e0 la dur\u00e9e  de l'habilitation  dans\nle secteur  fun\u00e9raire  et de la housse  mortuaire  ;\nVU le d\u00e9cret  du 13 juillet  2023  portant  nomination  du pr\u00e9fet  de la Somme,  Monsieur\nRollon  MOUCHEL-BLAISOT  \u00e0 compter  du 24 juillet  2023  ;\nVU le d\u00e9cret  du 21 juillet  2023  portant  nomination  de Monsieur  Emmanuel  MOULARD,\nSous-pr\u00e9fet  hors  classe,  secr\u00e9taire  g\u00e9n\u00e9ral  de la pr\u00e9fecture  de la Somme  ;\nVU l'arr\u00eat\u00e9  pr\u00e9fectoral  du 21 avril  2021  habilitant  (cr\u00e9ation)  pour  une  dur\u00e9e  de cinq  ans\nl'agence  \u00ab PFG  \u2014 SERVICES  FUN\u00c9RAIRES  \u00bb sise 5 chauss\u00e9e  du bois  \u00e0 ABBEVILLE  et exploit\u00e9e\npar  Monsieur  Ga\u00ebtan  DELGEHIER,  g\u00e9rant  ;\nVU l'arr\u00e9t\u00e9  pr\u00e9fectoral  du 15 janvier  2024  portant  d\u00e9l\u00e9gation  de signature  principale\n\u00e0 Monsieur  Emmanuel  MOULARD,  secr\u00e9taire  g\u00e9n\u00e9ral  de la pr\u00e9fecture  de la Somme  ;\nVU la demande  de modification  re\u00e7ue  par courrier  le 10 octobre  2023  par laquelle\nMonsieur  Ga\u00ebtan  DELGEHIER,  fait  part  du changement  de forme  juridique  de la soci\u00e9t\u00e9\nOGF  sise,  31 rue de Cambrai  \u00e0 PARIS,  passant  de soci\u00e9t\u00e9  anonyme  (SA)  \u00e0 celui  de soci\u00e9t\u00e9\npar  actions  simplifi\u00e9e  (SAS)  ;\nCONSID\u00c9RANT  que  lextrait  Kbis  \u00e0 jour  au 3 septembre  2023,  stipule\nque  le si\u00e8ge  social  OGF  sis, 31 rue de Cambrai  \u00e0 PARIS  est une  soci\u00e9t\u00e9  par actions\nsimplifi\u00e9e  (SAS)  ;\nSUR  proposition  du Secr\u00e9taire  G\u00e9n\u00e9ral  de la Pr\u00e9fecture  ;\nARRETE\nArticle  1\": L'agence  \u00ab PFG  \u2014 SERVICES  FUN\u00c9RAIRES  \u00bb - \u00e9tablissement  secondaire  de la SAS\nOGF  dont  le si\u00e8ge  social  est situ\u00e9  31, rue de Cambrai  \u00e0 Paris  \u2014 sise  5 chauss\u00e9e  du bois\n\u00e0 ABBEVILLE  et exploit\u00e9e  par Monsieur  DELGEHIER  Ga\u00e9tan,  g\u00e9rant,  est habilit\u00e9e  pour\nexercer  sur 'ensemble  du territoire  national  les activit\u00e9s  fun\u00e9raires  suivantes  :\n\u2014 transport  de corps  avant  et apr\u00e8s  mise  en bi\u00e8re  (v\u00e9hicules  immatricul\u00e9s  ED-519-PX  et ED-\n741-FV)\n\u2014 Organisation  des  obs\u00e8ques\nPr\u00e9fecture de la Somme - Direction de la Citoyennet\u00e9 et de la L\u00e9galit\u00e9 - 80-2024-02-15-00004 - Arr\u00eat\u00e9 portant modification de\nl'habilitation fun\u00e9raire n\u00b021-80-321 (modification de la forme juridique de la soci\u00e9t\u00e9 OGF) de l'agence \"PFG - SERVICES FUN\u00c9RAIRES\"\nsise 5, chauss\u00e9e du Bois \u00e0 ABBEVILLE.28\n\u2014 fourniture  des  housses,  des  cercueils  et de leurs  accessoires  int\u00e9rieurs  et ext\u00e9rieurs  ainsi\nque  des  urnes  cin\u00e9raires\n\u2014 fourniture  de personnel  et des  objets  et prestations  n\u00e9cessaires  aux  obs\u00e8ques,\ninhumations,  exhumations  et cr\u00e9mation\n\u2014 fourniture  des  corbillards  et voitures  de deuil.\nArticle  2 : Le reste  est sans  changement.\nArticle  3 :Le Secr\u00e9taire  G\u00e9n\u00e9ral  de la pr\u00e9fecture  de la Somme  est charg\u00e9  de l'ex\u00e9cution  du\npr\u00e9sent  arr\u00e9t\u00e9  qui sera  publi\u00e9  au recueil  des  actes  administratifs  de la Pr\u00e9fecture  de la\nSomme  et notifi\u00e9  a Monsieur  Ga\u00e9tan  DELGEHIER.\nFait \u00e0 Amiens,  le 1 5 FEV.  2024\nPour  le Pr\u00e9fet  et par  d\u00e9l\u00e9gation,\nLe Secr\u00e9tdire  G\u00e9n\u00e9ral,\n(4\nEmmanuel  MOULARD\nPr\u00e9fecture de la Somme - Direction de la Citoyennet\u00e9 et de la L\u00e9galit\u00e9 - 80-2024-02-15-00004 - Arr\u00eat\u00e9 portant modification de\nl'habilitation fun\u00e9raire n\u00b021-80-321 (modification de la forme juridique de la soci\u00e9t\u00e9 OGF) de l'agence \"PFG - SERVICES FUN\u00c9RAIRES\"\nsise 5, chauss\u00e9e du Bois \u00e0 ABBEVILLE.29","date":"2024-02-16","first_seen_on":"2024-08-24T22:38:00+00:00","id":"d6f8779c66fa58790e36aaab6da6a227ea5f9d7854501cb4334eefb82330bbc3","name":"RAA n\u00b050 sp\u00e9cial (nominatifs) du 16 f\u00e9vrier 2024","pdf_creation_date":"2024-02-16T14:29:48+00:00","pdf_modification_date":null,"timezone":"Europe/Paris","url":"https://www.somme.gouv.fr/contenu/telechargement/46669/312827/file/recueil-2024-050-recueil-des-actes-administratifs-nominatifs.pdf"}
