{"administration":"pref13","administration_name":"Pr\u00e9fecture des Bouches-du-Rh\u00f4ne","content":"BOUCHES-DU-\nRH\u00d4NE\nRECUEIL DES ACTES\nADMINISTRATIFS SP\u00c9CIAL\nN\u00b013-2025-065\nPUBLI\u00c9 LE 20 F\u00c9VRIER 2025\nSommaire\nDDETS 13 /\n13-2025-01-30-00011 - Arr\u00eat\u00e9 portant composition de la commission des\ndroits et de l'autonomie des personnes handicap\u00e9es des\nBouches-du-Rh\u00f4ne (7 pages) Page 3\n13-2025-02-20-00001 - R\u00e9c\u00e9piss\u00e9 de d\u00e9claration au titre des\nServices \u00e0 la Personne au b\u00e9n\u00e9fice de Madame  PAPPOLA LIGERO\nJennifer en qualit\u00e9 de micro-entrepreneure domicil\u00e9e au 170 avenue\nCaporal-Chef Alain Deruy 13600 LA CIOTAT (2 pages) Page 11\n13-2025-02-20-00002 - R\u00e9c\u00e9piss\u00e9 de d\u00e9claration au titre des\nServices \u00e0 la Personne au b\u00e9n\u00e9fice de Madame TAMBOUEZ Florence\nen qualit\u00e9 d'entrepreneure individuelle domicil\u00e9e au 0 all\u00e9e des\nBouquets 13500 MARTIGUES  (2 pages) Page 14\n2\nDDETS 13\n13-2025-01-30-00011\nArr\u00eat\u00e9 portant composition de la commission\ndes droits et de l'autonomie des personnes\nhandicap\u00e9es des Bouches-du-Rh\u00f4ne\nDDETS 13 - 13-2025-01-30-00011 - Arr\u00eat\u00e9 portant composition de la commission des droits et de l'autonomie des personnes\nhandicap\u00e9es des Bouches-du-Rh\u00f4ne 3\nErLibert\u00e9 - Egalit\u00e9 - Fraternit\u00e9R\u00c9PUBLIQUE FRAN\u00c7AISEPREFECTUREDES BOUCHES-DU-RH\u00d4NE\nD\u00c9PARTEMENT LtBOUCHES ;*DU: RHONE\n>DArad\nArr\u00eat\u00e9 portant composition de la commission des droits et de l'autonomie \ndes personnes handicap\u00e9es des Bouches-du-Rh\u00f4ne\nLe Pr\u00e9fet des Bouches-du-Rh\u00f4ne La Pr\u00e9sidente du Conseil d\u00e9partemental\ndes Bouches-du-Rh\u00f4ne\nVu le code de l'action sociale et des familles, notamment les articles R 241-24 et suivants ;\nVu la loi n\u00b02005-102 du 11 f\u00e9vrier 2005 pour l'\u00e9galit\u00e9 des droits et des chances, la participation et \nla citoyennet\u00e9 des personnes handicap\u00e9es ;\nVu l'arr\u00eat\u00e9 conjoint de la pr\u00e9sidente du Conseil d\u00e9partemental et du Pr\u00e9fet des Bouches-du-Rh\u00f4ne \nn\u00b0 04/2023 du 10 mars 2023 portant d\u00e9signation des membres si\u00e9geant \u00e0 la commission des droits \net  de  l'autonomie  des  personnes  handicap\u00e9es  de  la  Maison  d\u00e9partementale  des  personnes \nhandicap\u00e9es des Bouches-du-Rh\u00f4ne ;\nVu le  d\u00e9cret  n\u00b02023-575  du  06  juillet  2023  portant  adaptation  de  la  composition  de  la \ncommission des droits et de l'autonomie des personnes handicap\u00e9es \u00e0 la nouvelle organisation  \nterritoriale de l'\u00c9tat ;\nVu l'arr\u00eat\u00e9 conjoint de la pr\u00e9sidente du Conseil d\u00e9partemental et du Pr\u00e9fet des Bouches-du-Rh\u00f4ne \nn\u00b0 11/2024 du 17 mai 2024 fixant en dernier lieu la composition de la commission des droits et de \nl'autonomie des personnes handicap\u00e9es des Bouches-du-Rh\u00f4ne (CDAPH) ;\nConsid\u00e9rant  qu'il  y  a  lieu  de  proc\u00e9der  \u00e0  la  modification  de  l'arr\u00eat\u00e9  pr\u00e9cit\u00e9  \u00e0  raison  du \nchangement, pour cause de d\u00e9part en retraite, de l'un des quatre repr\u00e9sentants du d\u00e9partement des \nBouches-du-Rh\u00f4ne si\u00e9geant \u00e0 la CDAPH ;\nConsid\u00e9rant que Monsieur Didier Molines, conseiller technique \u00e0 la Direction g\u00e9n\u00e9rale adjointe \nde la solidarit\u00e9, a \u00e9t\u00e9 d\u00e9sign\u00e9 par le d\u00e9partement des Bouches-du-Rh\u00f4ne pour si\u00e9ger \u00e0 la CDAPH \nen remplacement de M. Kamel Adjina, pour la dur\u00e9e du mandat restant \u00e0 courir ; \nSur propositions de la pr\u00e9sidente du Conseil d\u00e9partemental, de la directrice d\u00e9partementale de  \nl'emploi,  du  travail,  des  solidarit\u00e9s  (DDETS), du  directeur  acad\u00e9mique  des  services  de \nl'\u00c9ducation nationale et du conseil d\u00e9partemental de la citoyennet\u00e9 et de l'autonomie (CDCA) ;\n1\nDDETS 13 - 13-2025-01-30-00011 - Arr\u00eat\u00e9 portant composition de la commission des droits et de l'autonomie des personnes\nhandicap\u00e9es des Bouches-du-Rh\u00f4ne 4\nA R R \u00ca T E N T\nARTICLE 1 :  La  commission des  droits et de l' autonomie des  personnes handicap\u00e9es des  \nBouches-du-Rh\u00f4ne ( CDAPH 13) est compos\u00e9e comme suit en formation pl\u00e9ni\u00e8re :\nQuatre repr\u00e9sentants du D\u00e9partement des Bouches-du-Rh\u00f4ne\nTitulaires   :   \nMme Val\u00e9rie Guarino, 3\u00e8me vice-pr\u00e9sidente du Conseil d\u00e9partemental \nM. Didier Molines, conseiller technique (DGAS)\nMme Marie-France Salogne-Carosso, conseill\u00e8re technique (DPMISP \u2013 DGAS) \nM. Jean-Michel Guithon, chef du service tarification et programmation pour personnes\nhandicap\u00e9es (DPHPBA-DGAS)\nSuppl\u00e9ante :\nMme Delphine Vera, inspecteur de tarification, (DPHPBA-DGAS)\nTrois repr\u00e9sentants de l'\u00c9tat et de l'agence r\u00e9gionale de sant\u00e9 (ARS) :\nMadame la directrice d\u00e9partementale de l'emploi, du travail et des solidarit\u00e9s ( DDETS) ou son \nrepr\u00e9sentant   \nM. le directeur acad\u00e9mique des services de l'\u00c9ducation nationale ou son repr\u00e9sentant\nM. le directeur g\u00e9n\u00e9ral de l'ARS PACA ou son repr\u00e9sentant\nDeux repr\u00e9sentants des organismes d'assurance maladie et de prestations familiales \nTitulaires:\nM. Philippe Hardellet (CAF) \nM. Richard Duenas (CPCAM)\nSuppl\u00e9ant(s) \nMme Colette Kern (CPCAM)\nMonsieur Jean-Pierre Koller (CARSAT)\nMonsieur Marc-Karim Ben Diane (CARSAT)\nUn repr\u00e9sentant des organisations syndicales de salari\u00e9s et de fonctionnaires \nTitulaire   :  \nJean-Marc Margheriti (CFDT)\nSuppl\u00e9ants \nM. Nasser Bouifrou (FO) \nM. Jean Pascal Purificato (CFDT)\nM. Robert Tran Van Hung (CFDT)\nUn repr\u00e9sentant des organisations professionnelles d'employeurs \nTitulaire :\nM. Gr\u00e9gory Lafont (UPE13)\nSuppl\u00e9ant     :  \nMme Cynthia Kotlicki (UPE13)\nUn repr\u00e9sentant des associations de parents d'\u00e9l\u00e8ves \nTitulaire : \nMme Nathalie Haas (FCPE)\nSuppl\u00e9ants : \nM. Christophe Merlino (FCPE)\nM. Jimmy Behague (FCPE)\n2\nDDETS 13 - 13-2025-01-30-00011 - Arr\u00eat\u00e9 portant composition de la commission des droits et de l'autonomie des personnes\nhandicap\u00e9es des Bouches-du-Rh\u00f4ne 5\nSept repr\u00e9sentants des associations de personnes handicap\u00e9es et de leurs familles \nTitulaires et suppl\u00e9ants : membres figurant sur la liste des associations annex\u00e9e au pr\u00e9sent arr\u00eat\u00e9.\nUn repr\u00e9sentant du conseil d\u00e9partemental de la citoyennet\u00e9 et de l'autonomie \nTitulaire     :   \nMme Anne Alcocer (AFM T\u00e9l\u00e9thon)\nSuppl\u00e9ant     :  \nM. Faycal Zerguine (Cellule accueil information handicap)\nDeux repr\u00e9sentants des organismes gestionnaires d'\u00e9tablissements ou de services pour  \npersonnes handicap\u00e9es et si\u00e9geant avec voix consultative,  dont un sur proposition de la  \ndirectrice de l'emploi, du travail et des solidarit\u00e9s et un sur proposition de la Pr\u00e9sidente du  \nConseil d\u00e9partemental \nTitulaire : \nMme St\u00e9phanie Ratinier (IRSAM)\nSuppl\u00e9ant(s) : \nMme Flora Peugeot (IRSAM)\nM. Serge Tchiftbachian (Serena)\nMme Sylvie Dumont (Serena)\nTitulaire     :  \nM. Augustin Moyolo (ARAIMC)\nSuppl\u00e9ant(s)     ;  \nMme Aline Grauvogel (AMSP)\nARTICLE 2     : Sont d\u00e9sign\u00e9s en qualit\u00e9 de membres de la CDA sp\u00e9cialis\u00e9e adultes   :\nUn repr\u00e9sentant du D\u00e9partement \nTitulaire : \nMme Val\u00e9rie Guarino, 3\u00e8me vice-pr\u00e9sidente du Conseil d\u00e9partemental\nSuppl\u00e9ants :\nMme Delphine Vera, inspecteur de tarification (DPHPBA-DGAS)\nM. Didier Molines, conseiller technique (DGAS)\nM. Jean-Michel Guithon, chef du service tarification et programmation pour personnes\nhandicap\u00e9es (DPHPBA-DGAS)\nUn repr\u00e9sentant de l'\u00c9tat \nTitulaire : \nMme la directrice d\u00e9partementale de l'emploi, du travail et des solidarit\u00e9s ( DDETS)  ou son  \nrepr\u00e9sentant   \nSuppl\u00e9ant : \nM. le directeur g\u00e9n\u00e9ral de l'ARS PACA ou son repr\u00e9sentant\nUn repr\u00e9sentant des organismes d'assurance maladie et de prestations familiales \nTitulaire : \nM. Richard Duenas (CPCAM)\n3\nDDETS 13 - 13-2025-01-30-00011 - Arr\u00eat\u00e9 portant composition de la commission des droits et de l'autonomie des personnes\nhandicap\u00e9es des Bouches-du-Rh\u00f4ne 6\nSuppl\u00e9ant(s) : \nMme Colette Kern (CPCAM)\nMonsieur Jean-Pierre Koller  ( CARSAT)\nMonsieur Marc-Karim Ben Diane (CARSAT)\nUn repr\u00e9sentant des organisations syndicales\nTitulaire :\nJean-Marc Margheriti (CFDT)\nSuppl\u00e9ants : \nM. Nasser Bouifrou (FO)\nM. Jean-Pascal Purificato (CFDT)\nM. Robert Tran Van Hung (CFDT)\nDeux repr\u00e9sentants des associations de personnes handicap\u00e9es et de leurs familles \nTitulaires et suppl\u00e9ants : membres figurant sur la liste des associations annex\u00e9e au pr\u00e9sent arr\u00eat\u00e9.\nUn  repr\u00e9sentant  des  organismes  gestionnaires  d'\u00e9tablissements  ou  de  services  pour \npersonnes handicap\u00e9es et si\u00e9geant avec voix consultative \nTitulaire :\nM. Augustin Moyolo (ARAIMC)\nSuppl\u00e9ante :\nMme Aline Grauvogel (AMSP)\nARTICLE 3     : Sont d\u00e9sign\u00e9s en qualit\u00e9 de membres de la CDA sp\u00e9cialis\u00e9e enfants     :  \nDeux repr\u00e9sentants du D\u00e9partement\nTitulaires : \nMme Val\u00e9rie Guarino, 3\u00e8me vice-pr\u00e9sidente du Conseil d\u00e9partemental\nMme Marie-France Salogne-Carosso, conseill\u00e8re technique (DPMISP-DGAS)\nSuppl\u00e9ants : \nM. Didier Molines, conseiller technique (DGAS)\nM. Jean-Michel Guithon, chef du service tarification et programmation pour personnes\nhandicap\u00e9es (DPHPBA-DGAS)\nMme Delphine Vera, inspecteur de tarification (DPHPBA-DGAS)\nDeux repr\u00e9sentants de l'\u00c9tat \nMme la directrice d\u00e9partementale de l'emploi, du travail et des solidarit\u00e9s ( DDETS)  ou son  \nrepr\u00e9sentant   \nM. le directeur acad\u00e9mique des services de l'\u00c9ducation nationale ou son repr\u00e9sentant \nUn repr\u00e9sentant de l'ARS\nM. le directeur g\u00e9n\u00e9ral de l'ARS PACA ou son repr\u00e9sentant\nUn repr\u00e9sentant des organismes d'assurance maladie et de prestations familiales\nTitulaire     :   \nM. Philippe Hardellet (CAF) \n4\nDDETS 13 - 13-2025-01-30-00011 - Arr\u00eat\u00e9 portant composition de la commission des droits et de l'autonomie des personnes\nhandicap\u00e9es des Bouches-du-Rh\u00f4ne 7\nUn repr\u00e9sentant des associations de parents d'\u00e9l\u00e8ves \nTitulaire : \nMme Nathalie Haas (FCPE)\nSuppl\u00e9ants : \nM. Christophe Merlino (FCPE)\nM. Jimmy Behague (FCPE)\nTrois repr\u00e9sentants des associations de personnes handicap\u00e9es et de leurs familles \nTitulaires et suppl\u00e9ants : membres figurant sur la liste des associations annex\u00e9e au pr\u00e9sent arr\u00eat\u00e9.\nUn  repr\u00e9sentant  des  organismes  gestionnaires  d'\u00e9tablissements  ou  de  services  pour \npersonnes handicap\u00e9es et si\u00e9geant avec voix consultative \nTitulaire : \nM. Serge Tchiftbachian (Serena)\nSuppl\u00e9ants : \nMme Sylvie Dumont (Serena)\nMme Flora Peugeot (IRSAM)\nMme St\u00e9phanie Ratinier (IRSAM)\nARTICLE 4     : Sont d\u00e9sign\u00e9s en qualit\u00e9 de membres de la CDA sp\u00e9cialis\u00e9e mixte \"16-25 ans\"  \nUn repr\u00e9sentant du D\u00e9partement\nTitulaire : Mme Delphine Vera, inspecteur de tarification (DPHPBA-DGAS)\nSuppl\u00e9ants :\nM. Didier Molines, conseiller technique (DGAS)\nMme Marie-France Salogne Carosso, conseill\u00e8re technique (DPMISP \u2013 DGAS) \nM. Jean Michel Guithon, chef de service tarification et programmation des personnes\nhandicap\u00e9es (DPHPBA- DGAS) \nUn repr\u00e9sentant de l'\u00c9tat \nTitulaire :\nMme la directrice d\u00e9partementale de l'emploi, du travail et des solidarit\u00e9s ( DDETS)  ou son  \nrepr\u00e9sentant   \nSuppl\u00e9ant :\nM. le directeur acad\u00e9mique des services de l'\u00c9ducation nationale ou son repr\u00e9sentant\nUn repr\u00e9sentant de l'ARS\nM. le directeur g\u00e9n\u00e9ral de l'ARS PACA ou son repr\u00e9sentant\nTrois repr\u00e9sentants des associations de personnes handicap\u00e9es\nTitulaires et suppl\u00e9ants : membres figurant sur la liste des associations annex\u00e9e au pr\u00e9sent arr\u00eat\u00e9.\nUn repr\u00e9sentant des organismes de protection sociale\nTitulaire     :  \nMme Colette Kern (CPCAM)\nSuppl\u00e9ants :\nM. Philippe Hardellet (CAF) \nMonsieur Jean-Pierre Koller  (CARSAT)\n5\nDDETS 13 - 13-2025-01-30-00011 - Arr\u00eat\u00e9 portant composition de la commission des droits et de l'autonomie des personnes\nhandicap\u00e9es des Bouches-du-Rh\u00f4ne 8\nMonsieur Marc-Karim Ben Diane (CARSAT)\nUn repr\u00e9sentant d'associations de parents d'\u00e9l\u00e8ves\nTitulaire : \nMme Nathalie Haas (FCPE)\nSuppl\u00e9ants : \nM. Christophe Merlino (FCPE)\nM. Jimmy Behague (FCPE)\nUn  repr\u00e9sentant  des  organismes  gestionnaires  d'\u00e9tablissements  ou  de  services  pour \npersonnes handicap\u00e9es et si\u00e9geant avec voix consultative \nTitulaire : \nM. Augustin Moyolo (ARAIMC)\nSuppl\u00e9ant(s) :\nMme Aline Grauvogel (AMSP)\nARTICLE 5  : Le pr\u00e9sent arr\u00eat\u00e9 prend effet au 17 f\u00e9vrier 2025. En cons\u00e9quence, l'arr\u00eat\u00e9  \nn\u00b011/2024 du 17 mai 2024 est abrog\u00e9 \u00e0 compter de cette m\u00eame date.\nARTICLE 6  : Le mandat des membres de la commission des droits et de l'autonomie des  \npersonnes handicap\u00e9es des Bouches-du-Rh\u00f4ne, d'une dur\u00e9e de quatre ans, \u00e0 l'exception de celui  \ndes repr\u00e9sentants de l'\u00c9tat et de l'agence r\u00e9gionale de sant\u00e9 (ARS), en application de l'article  \nR.241-24 du code de l'action sociale et des familles, expirera le 22 mars 2027.\nARTICLE 7 : Le pr\u00e9sent arr\u00eat\u00e9 sera transmis au repr\u00e9sentant de l'Etat dans le d\u00e9partement pour \ncontr\u00f4le de l\u00e9galit\u00e9 et sera publi\u00e9 au recueil des actes administratifs du D\u00e9partement des Bouches-\ndu-Rh\u00f4ne ainsi qu'au recueil des actes administratifs de la Pr\u00e9fecture.\nFait \u00e0 Marseille, le 30 janvier 2025\nPour le Pr\u00e9fet des Bouches-du-Rh\u00f4ne et par \nd\u00e9l\u00e9gation,\nLa Directrice d\u00e9partementale\nSign\u00e9\nLa Pr\u00e9sidente du Conseil d\u00e9partemental\n des Bouches-du-Rh\u00f4ne\nSign\u00e9\n  \nNathalie DAUSSY                 Martine VASSAL\n6\nDDETS 13 - 13-2025-01-30-00011 - Arr\u00eat\u00e9 portant composition de la commission des droits et de l'autonomie des personnes\nhandicap\u00e9es des Bouches-du-Rh\u00f4ne 9\n\"I= Parcours\nInter Parcours Handicap 13Remplacement CDAPH 2024 -repr\u00e9sentation des personnes handicap\u00e9es et de leurs familles - 2023-2027Tit/Supp Nom Association. Odile T -Titulaire seh AFTC13ToffolaPhilippe G\u00e9rard ExisterSuppl\u00e9ants Francois Paire Surdi 13\nKarine Montan\u00e9 CREEDATTitulaire Vincent Oliverio Acces LibKarim Tabet Acces LibSuppl\u00e9ants Isabelle Baclet AFMChrist\u00e8le Juilien ERIZUTitulaire | Doroth\u00e9e Lombard La lucioleMich\u00e8le Fantino Espoir ProvenceSuppl\u00e9ants C\u00e9cile Hubert UGECAMSabine Eg\u00e9a choisir sa vieTitulaire DEJEAN Isabelle UNAFAMIsabelle Leroi UNAFAMSuppl\u00e9ants Enda Amraoui choisir sa vieKarine Pelletieri UNAPEI APTitulaire Cathy Piasco AADsal AFTC13Suppl\u00e9ants| Hyacinthe Duclos DFD 13Anne BernardiniOgrodnik ArTitulaire Nicole Granier Choisir sa vieNadia Makhlouf ARAIMCSuppl\u00e9ants Sophie Vol ARIDominique Girault ARITitulaire Sara Lariche SERENABadiha Zahaf NOSTRA'DIABSuppl\u00e9ants ne UNAPEI APSylvie Ucciani ARAIMC\n18/01/2024 Inter Parcours Handicap 13 1\nDDETS 13 - 13-2025-01-30-00011 - Arr\u00eat\u00e9 portant composition de la commission des droits et de l'autonomie des personnes\nhandicap\u00e9es des Bouches-du-Rh\u00f4ne 10\nDDETS 13\n13-2025-02-20-00001\nR\u00e9c\u00e9piss\u00e9 de d\u00e9claration au titre des Services \u00e0\nla Personne au b\u00e9n\u00e9fice de Madame  PAPPOLA\nLIGERO Jennifer en qualit\u00e9 de\nmicro-entrepreneure domicil\u00e9e au 170 avenue\nCaporal-Chef Alain Deruy 13600 LA CIOTAT\nDDETS 13 - 13-2025-02-20-00001 - R\u00e9c\u00e9piss\u00e9 de d\u00e9claration au titre des Services \u00e0 la Personne au b\u00e9n\u00e9fice de Madame  PAPPOLA\nLIGERO Jennifer en qualit\u00e9 de micro-entrepreneure domicil\u00e9e au 170 avenue Caporal-Chef Alain Deruy 13600 LA CIOTAT 11\nEnPREFETDES BOUCHES-DU-RHONELibert\u00e9Egalit\u00e9Fraternit\u00e9\n \nDirection D\u00e9partementale\nde l'Emploi, du Travail\n et des Solidarit\u00e9s\ndes Bouches du Rh\u00f4ne\nP\u00f4le \u00c9conomie Emploi Entreprises\nD\u00e9partement Insertion Professionnelle\n      R\u00e9c\u00e9piss\u00e9 de d\u00e9claration n\u00b0 \u2026\u2026\n                   d'un organisme de services \u00e0 la personne\n                      enregistr\u00e9 sous le N\u00b0 SAP940261209\nVu  le  code  du  travail  et  notamment les articles  L.7231-1  \u00e0  L.7233-2,  R.7232-16  \u00e0 \nR.7232-22, D.7231-1 et D.7233-1 \u00e0 D.7233-5,\nLe pr\u00e9fet de la R\u00e9gion Provence-Alpes-C\u00f4te d'Azur  Pr\u00e9fet de la Zone de D\u00e9fense et \nde S\u00e9curit\u00e9 Sud,  Pr\u00e9fet des Bouches-du-Rh\u00f4ne,\nCONSTATE\nQu'une d\u00e9claration d'activit\u00e9s de Services \u00e0 la Personne a \u00e9t\u00e9 d\u00e9pos\u00e9e aupr\u00e8s de la  \nDirection D\u00e9partementale de l'Emploi, du Travail et des Solidarit\u00e9s des Bouches-du-\nRh\u00f4ne  le,  17  f\u00e9vrier  2025  par  Madame  PAPPOLA  LIGERO  Jennifer en  qualit\u00e9  de \nmicro-entrepreneure domicil\u00e9e au 170 avenue Caporal-Chef Alain Deruy 13600 LA  \nCIOTAT et enregistr\u00e9 sous le N\u00b0 SAP940261209 pour les activit\u00e9s suivantes en mode  \nprestataire :\n  \u2022   Entretien de la maison et travaux m\u00e9nagers ;\n  \u2022   Assistance administrative \u00e0 domicile.\n \nToute  modification  concernant  les  activit\u00e9s  exerc\u00e9es  devra  faire  l'objet  d'une  \nd\u00e9claration modificative pr\u00e9alable.\nSous r\u00e9serve d'\u00eatre exerc\u00e9es \u00e0 titre exclusif au profit de particuliers, \u00e0 leur domicile  \n(ou sous r\u00e9serve d'une comptabilit\u00e9 s\u00e9par\u00e9e pour les personnes morales dispens\u00e9es  \nde cette condition), ces activit\u00e9s ouvrent droit au b\u00e9n\u00e9fice des dispositions des  \narticles L.7233-2 du code du travail et L.241-10 du code de la s\u00e9curit\u00e9 sociale dans les  \nconditions pr\u00e9vues par ces articles.\nLes effets de la d\u00e9claration courent \u00e0 compter du jour du d\u00e9p\u00f4t de la d\u00e9claration  \nsous r\u00e9serve des dispositions de  l'article R.7232-18 du code du travail.\nDDETS 13 - 13-2025-02-20-00001 - R\u00e9c\u00e9piss\u00e9 de d\u00e9claration au titre des Services \u00e0 la Personne au b\u00e9n\u00e9fice de Madame  PAPPOLA\nLIGERO Jennifer en qualit\u00e9 de micro-entrepreneure domicil\u00e9e au 170 avenue Caporal-Chef Alain Deruy 13600 LA CIOTAT 12\nEn application  des articles L.7232-1 et R.7232-1 \u00e0 R.7232-15, les activit\u00e9s n\u00e9cessitant  \nun  agr\u00e9ment  (I  de  l'article  D.7231-1  du  code  du  travail)  n'ouvrent  droit  \u00e0  ces \ndispositions  que  si  la  structure  a  pr\u00e9alablement  obtenu  l'agr\u00e9ment  ou  le  \nrenouvellement  de  cet  agr\u00e9ment  dans  le  ou  les  d\u00e9partements  d'exercice  de  ses \nactivit\u00e9s.\nDe m\u00eame, en application de l'article D.312-6-2 du code de l'action sociale et des  \nfamilles, les activit\u00e9s n\u00e9cessitant une autorisation n'ouvrent droit \u00e0 ces dispositions  \nque si l'organisme a pr\u00e9alablement obtenu l'autorisation ou le renouvellement de  \ncette autorisation.\nLe pr\u00e9sent r\u00e9c\u00e9piss\u00e9 n'est pas limit\u00e9 dans le temps.  La d\u00e9claration a une port\u00e9e  \nnationale.\nL'enregistrement de la d\u00e9claration peut \u00eatre retir\u00e9 dans les conditions fix\u00e9es aux  \narticles R.7232-20 \u00e0 R.7232-22 du code du travail.\nLe pr\u00e9sent r\u00e9c\u00e9piss\u00e9 sera publi\u00e9 au Recueil des Actes Administratifs de la Pr\u00e9fecture  \ndes Bouches-du-Rh\u00f4ne.\n                                                                            Fait \u00e0 Marseille, le 20 f\u00e9vrier 2025\n                                                                            Pour le Pr\u00e9fet et par d\u00e9l\u00e9gation,\nPar emp\u00eachement de la Directrice D\u00e9par-\ntementale de l'Emploi, du Travail et des \nSolidarit\u00e9s des Bouches-du-Rh\u00f4ne   \nLe Responsable op\u00e9rationnel de l'unit\u00e9 \ndes publics \u00e9loign\u00e9s de l'emploi\nsign\u00e9\nKhaled KARA\n55 boulevard P\u00e9rier \u2013 13415 cedex 20 MARSEILLE Cedex 20 - T\u00e9l\u00e9phone : 04.91.57.96.00 \nMel : ddets-sap@bouches-du-rhone.gouv.fr\n2\nDDETS 13 - 13-2025-02-20-00001 - R\u00e9c\u00e9piss\u00e9 de d\u00e9claration au titre des Services \u00e0 la Personne au b\u00e9n\u00e9fice de Madame  PAPPOLA\nLIGERO Jennifer en qualit\u00e9 de micro-entrepreneure domicil\u00e9e au 170 avenue Caporal-Chef Alain Deruy 13600 LA CIOTAT 13\nDDETS 13\n13-2025-02-20-00002\nR\u00e9c\u00e9piss\u00e9 de d\u00e9claration au titre des Services \u00e0\nla Personne au b\u00e9n\u00e9fice de Madame TAMBOUEZ\nFlorence en qualit\u00e9 d'entrepreneure individuelle\ndomicil\u00e9e au 0 all\u00e9e des Bouquets 13500\nMARTIGUES \nDDETS 13 - 13-2025-02-20-00002 - R\u00e9c\u00e9piss\u00e9 de d\u00e9claration au titre des Services \u00e0 la Personne au b\u00e9n\u00e9fice de Madame TAMBOUEZ\nFlorence en qualit\u00e9 d'entrepreneure individuelle domicil\u00e9e au 0 all\u00e9e des Bouquets 13500 MARTIGUES 14\nEnPREFETDES BOUCHES-DU-RHONELibert\u00e9Egalit\u00e9Fraternit\u00e9\n \nDirection D\u00e9partementale\nde l'Emploi, du Travail\n et des Solidarit\u00e9s\ndes Bouches du Rh\u00f4ne\nP\u00f4le \u00c9conomie Emploi Entreprises\nD\u00e9partement Insertion Professionnelle\n      R\u00e9c\u00e9piss\u00e9 de d\u00e9claration n\u00b0 \u2026\u2026\n                   d'un organisme de services \u00e0 la personne\n                      enregistr\u00e9 sous le N\u00b0 SAP940479983\nVu  le  code  du  travail  et  notamment les articles  L.7231-1  \u00e0  L.7233-2,  R.7232-16  \u00e0 \nR.7232-22, D.7231-1 et D.7233-1 \u00e0 D.7233-5,\nLe pr\u00e9fet de la R\u00e9gion Provence-Alpes-C\u00f4te d'Azur  Pr\u00e9fet de la Zone de D\u00e9fense et \nde S\u00e9curit\u00e9 Sud,  Pr\u00e9fet des Bouches-du-Rh\u00f4ne,\nCONSTATE\nQu'une d\u00e9claration d'activit\u00e9s de Services \u00e0 la Personne a \u00e9t\u00e9 d\u00e9pos\u00e9e aupr\u00e8s de la  \nDirection D\u00e9partementale de l'Emploi, du Travail et des Solidarit\u00e9s des Bouches-du-\nRh\u00f4ne  le,  07  f\u00e9vrier  2025  par  Madame  TAMBOUEZ  Florence  en  qualit\u00e9  \nd'entrepreneure individuelle domicil\u00e9e au 0 all\u00e9e des Bouquets 13500 MARTIGUES et  \nenregistr\u00e9  sous  le  N\u00b0  SAP940479983  pour  les  activit\u00e9s  suivantes  en  mode  \nprestataire :\n  \u2022   Entretien de la maison et travaux m\u00e9nagers.\n \nToute  modification  concernant  les  activit\u00e9s  exerc\u00e9es  devra  faire  l'objet  d'une  \nd\u00e9claration modificative pr\u00e9alable.\nSous r\u00e9serve d'\u00eatre exerc\u00e9es \u00e0 titre exclusif au profit de particuliers, \u00e0 leur domicile  \n(ou sous r\u00e9serve d'une comptabilit\u00e9 s\u00e9par\u00e9e pour les personnes morales dispens\u00e9es  \nde cette condition), ces activit\u00e9s ouvrent droit au b\u00e9n\u00e9fice des dispositions des  \narticles L.7233-2 du code du travail et L.241-10 du code de la s\u00e9curit\u00e9 sociale dans les  \nconditions pr\u00e9vues par ces articles.\nLes effets de la d\u00e9claration courent \u00e0 compter du jour du d\u00e9p\u00f4t de la d\u00e9claration  \nsous r\u00e9serve des dispositions de  l'article R.7232-18 du code du travail.\nDDETS 13 - 13-2025-02-20-00002 - R\u00e9c\u00e9piss\u00e9 de d\u00e9claration au titre des Services \u00e0 la Personne au b\u00e9n\u00e9fice de Madame TAMBOUEZ\nFlorence en qualit\u00e9 d'entrepreneure individuelle domicil\u00e9e au 0 all\u00e9e des Bouquets 13500 MARTIGUES 15\nEn application  des articles L.7232-1 et R.7232-1 \u00e0 R.7232-15, les activit\u00e9s n\u00e9cessitant  \nun  agr\u00e9ment  (I  de  l'article  D.7231-1  du  code  du  travail)  n'ouvrent  droit  \u00e0  ces \ndispositions  que  si  la  structure  a  pr\u00e9alablement  obtenu  l'agr\u00e9ment  ou  le  \nrenouvellement  de  cet  agr\u00e9ment  dans  le  ou  les  d\u00e9partements  d'exercice  de  ses \nactivit\u00e9s.\nDe m\u00eame, en application de l'article D.312-6-2 du code de l'action sociale et des  \nfamilles, les activit\u00e9s n\u00e9cessitant une autorisation n'ouvrent droit \u00e0 ces dispositions  \nque si l'organisme a pr\u00e9alablement obtenu l'autorisation ou le renouvellement de  \ncette autorisation.\nLe pr\u00e9sent r\u00e9c\u00e9piss\u00e9 n'est pas limit\u00e9 dans le temps.  La d\u00e9claration a une port\u00e9e  \nnationale.\nL'enregistrement de la d\u00e9claration peut \u00eatre retir\u00e9 dans les conditions fix\u00e9es aux  \narticles R.7232-20 \u00e0 R.7232-22 du code du travail.\nLe pr\u00e9sent r\u00e9c\u00e9piss\u00e9 sera publi\u00e9 au Recueil des Actes Administratifs de la Pr\u00e9fecture  \ndes Bouches-du-Rh\u00f4ne.\n                                                                             Fait \u00e0 Marseille, le 20 f\u00e9vrier 2025\n                                                                             Pour le Pr\u00e9fet et par d\u00e9l\u00e9gation,\nPar emp\u00eachement de la Directrice D\u00e9par-\ntementale de l'Emploi, du Travail et des \nSolidarit\u00e9s des Bouches-du-Rh\u00f4ne   \nLe Responsable op\u00e9rationnel de l'unit\u00e9 \ndes publics \u00e9loign\u00e9s de l'emploi\nsign\u00e9\nKhaled KARA\n55 boulevard P\u00e9rier \u2013 13415 cedex 20 MARSEILLE Cedex 20 - T\u00e9l\u00e9phone : 04.91.57.96.00 \nMel : ddets-sap@bouches-du-rhone.gouv.fr\n2\nDDETS 13 - 13-2025-02-20-00002 - R\u00e9c\u00e9piss\u00e9 de d\u00e9claration au titre des Services \u00e0 la Personne au b\u00e9n\u00e9fice de Madame TAMBOUEZ\nFlorence en qualit\u00e9 d'entrepreneure individuelle domicil\u00e9e au 0 all\u00e9e des Bouquets 13500 MARTIGUES 16","date":"2025-02-20","first_seen_on":"2025-02-20T15:06:09+00:00","id":"d7127786ec04d46719e259e7b8583b48e314eba8ceae8bd13ca3b35bae190597","name":"recueil-13-2025-065-recueil-des-actes-administratifs-special. du 20 f\u00e9vrier 2025pdf","pdf_creation_date":"2025-02-20T14:38:25+00:00","pdf_modification_date":null,"timezone":"CET","url":"https://www.bouches-du-rhone.gouv.fr/contenu/telechargement/58761/417509/file/recueil-13-2025-065-recueil-des-actes-administratifs-special.%20du%2020%20f%C3%A9vrier%202025pdf.pdf"}
